{"administration":"prefidf","administration_name":"Pr\u00e9fecture de la r\u00e9gion \u00cele-de-France","content":"PREFECTURE\nREGION ILE DE\nFRANCE\nRECUEIL DES ACTES\nADMINISTRATIFS SP\u00c9CIAL\n(NOMINATIFS)\nN\u00b0IDF-053-2025-04\nPUBLI\u00c9 LE 24 AVRIL 2025\nSommaire\nAgence R\u00e9gionale de Sant\u00e9 / Agence r\u00e9gionale de sant\u00e9\nd'Ile-de-France-Cellule officines de pharmacie\nIDF-2025-04-12-00001 - Arr\u00eat\u00e9 n\u00b0 DOS/EFF/OFF/2025/45 constatant la\ncaducit\u00e9 d'une licence d'une officine de pharmacie (1 page) Page 3\nIDF-2025-04-12-00002 - Arr\u00eat\u00e9 n\u00b0 DOS/EFF/OFF/2025/46 constatant la\ncaducit\u00e9 d'une licence d'une officine de pharmacie (1 page) Page 5\nIDF-2025-04-23-00006 - Arr\u00eat\u00e9 n\u00b0DOS/EFF/OFF/2025/44 constatant la\ncessation d\u00e9finitive d'activit\u00e9 d'une officine de pharmacie (2\npages) Page 7\nDirection r\u00e9gionale et interd\u00e9partementale de l'alimentation, de\nl'agriculture et de la for\u00eat d'Ile de France /\nIDF-2025-04-23-00004 - Arr\u00eat\u00e9 pr\u00e9fectoral  portant composition de la\ncommission \u00e9lectorale en vue des \u00e9lections des d\u00e9l\u00e9gu\u00e9s\n\ncantonaux de la caisse de mutualit\u00e9 sociale agricole\nd'\u00cele-de-France en 2025  (3 pages) Page 10\nDirection r\u00e9gionale et interd\u00e9partementale de l'alimentation, de\nl'agriculture et de la for\u00eat d'Ile de France / Service R\u00e9gional d'Economie\nAgricole\nIDF-2024-12-24-00011 - Accord tacite d'autorisation d'exploiter pour\nMonsieur Etienne VALLEE,  EARL CLOS DU BASSIN sur la commune\nd'Ecquevilly (4 pages) Page 14\nDirection r\u00e9gionale et interd\u00e9partementale de l'\u00e9conomie, de l'emploi,\ndu travail et des solidarit\u00e9s d'\u00cele-de-France / P\u00f4le Politique du travail\nIDF-2025-04-23-00001 - D\u00e9cision n\u00b0 2025-085 du 23 avril 2025\nportant\naffectation des agents de contr\u00f4le dans les unit\u00e9s de contr\u00f4le et\ngestion des int\u00e9rims de la Direction d\u00e9partementale de l'emploi, du\ntravail et des solidarit\u00e9s de Seine-et-Marne (4 pages) Page 19\nIDF-2025-04-23-00003 - D\u00e9cision n\u00b0 2025-086 du 23 avril 2025\nportant\naffectation des agents de contr\u00f4le dans les unit\u00e9s de contr\u00f4le\net\ngestion des int\u00e9rims de l'unit\u00e9 d\u00e9partementale de la\nSeine-Saint-Denis\nde la DRIEETS d'\u00cele-de-France (4 pages) Page 24\nIDF-2025-04-23-00002 - D\u00e9cision n\u00b0 2025-087 du 23 avril 2025\nportant\naffectation des agents de contr\u00f4le dans les unit\u00e9s de contr\u00f4le et\ngestion des int\u00e9rims de l'Unit\u00e9 d\u00e9partementale des\nHauts-de-Seine de la DRIEETS d'Ile-de-France (6 pages) Page 29\n2\nAgence R\u00e9gionale de Sant\u00e9\nIDF-2025-04-12-00001\nArr\u00eat\u00e9 n\u00b0 DOS/EFF/OFF/2025/45 constatant la\ncaducit\u00e9 d'une licence d'une officine de\npharmacie\nAgence R\u00e9gionale de Sant\u00e9 - IDF-2025-04-12-00001 - Arr\u00eat\u00e9 n\u00b0 DOS/EFF/OFF/2025/45 constatant la caducit\u00e9 d'une licence d'une\nofficine de pharmacie 3\nREPUBLIQUEFRANCAISELibert\u00e9Egalit\u00e9Fraternit\u00e9\ne \u00bb Agence R\u00e9gionale de Sant\u00e9Ile-de-France\n \n \n \nAGENCE R\u00c9GIONALE DE SANT\u00c9 \u00ceLE-DE-FRANCE \nARR\u00caT\u00c9 N\u00b0 DOS/EFF/OFF/2025/45 constatant la caducit\u00e9 d'une licence d'une officine de \npharmacie \nLE DIRECTEUR G\u00c9N\u00c9RAL DE L'AGENCE R\u00c9GIONALE DE SANT\u00c9 \u00ceLE-DE-FRANCE \n \nVU le code de la sant\u00e9 publique ; \n \nVU le d\u00e9cret du 10 avril 2024 portant nomination de Monsieur Denis ROBIN, Directeur g\u00e9n\u00e9ral de l'Agence r\u00e9gionale \nde sant\u00e9 \u00cele-de-France, \u00e0 compter du 29 avril 2024 ;  \n \nVU l'arr\u00eat\u00e9 n\u00b0 DS 034/2024 du 29 avril 2024, publi\u00e9 le 30 avril 2024, portant d\u00e9l\u00e9gation de signature du Directeur \ng\u00e9n\u00e9ral de l'Agence r\u00e9gionale de sant\u00e9 \u00cele -de-France \u00e0 Monsieur  Arnaud CORVAISIER, Directeur de l'offre de \nsoins et \u00e0 plusieurs de ses collaborateurs ; \n \nVU l'arr\u00eat\u00e9 en date du 19 mars 2003, portant octroi de la licence n\u00b078#001142 \u00e0 l'officine de pharmacie sise 4 rue de \nla Lib\u00e9ration \u00e0 Bonnelles (78830) ; \n \nVU l'arr\u00eat\u00e9 n\u00b0 DOS/EFF/OFF/2024-65 en date du 27 juin 2024 ayant autoris\u00e9 le transfert d'une officine de pharmacie \ndu 4 rue de la Lib\u00e9ration vers le 4 bis chemin des Clos au sein de la m\u00eame commune \u00e0 Bonnelles (78830)  et \noctroyant la licence n\u00b078#001318 \u00e0 l'officine de pharmacie ainsi transf\u00e9r\u00e9e ; \n \nVU \n \nla d\u00e9claration en date du 21 mars 2025 par laquelle Monsieur Beno\u00eet BRASSEUR informe l'Agence r\u00e9gionale \nde sant\u00e9 de l'ouverture effective au public de l'officine de pharmacie sise 4 bis chemin des Clos \u00e0 Bonnelles \n(78830)su ite \u00e0 transfert et restitue la licence n\u00b078#001142; \n \nCONSIDERANT que l'officine de pharmacie issue du transfert autoris\u00e9 par arr\u00eat\u00e9 du 27 juin 2024 susvis\u00e9, sise 4 bis \nchemin des Clos \u00e0 Bonnelles (78830) et exploit\u00e9e sous la licence n\u00b0 78#001318 est effectivement \nouverte au public \u00e0 compter du 07 avril 2025 ; \n \nCONSIDERANT que l'ouverture au public de l'officine exploit\u00e9e sous la licence n\u00b078#001318 entra\u00eene la caducit\u00e9 de \nla licence n\u00b078#001142 ;  \n \nCONSIDERANT qu'il y a lieu de constater cette caducit\u00e9 ; \n \nARR\u00caTE \n \nARTICLE 1er : Est constat\u00e9e, \u00e0 compter du 07 avril 2025 , la caducit\u00e9 de la licence n\u00b0 78#001142, du fait de \nl'ouverture effective au public, sous la licence n\u00b0 78#001318, de l'officine de pharmacie issue du \ntransfert vers le local sis 4 bis chemin des Clos \u00e0 Bonnelles (78830). \n \nARTICLE 2e : Un recours contentieux contre le pr\u00e9sent arr\u00eat\u00e9 peut \u00eatre form\u00e9 aupr\u00e8s du tribunal administratif \ncomp\u00e9tent. Le d\u00e9lai de recours est de deux mois \u00e0 compter de la notification de l'arr\u00eat\u00e9 pour les \nint\u00e9ress\u00e9s ou de sa publication pour les tiers. \n \nARTICLE 3e : Le Directeur g\u00e9n\u00e9ral de l'Agence r\u00e9gionale de sant\u00e9 \u00cele-de-France est charg\u00e9 de l'ex\u00e9cution du \npr\u00e9sent arr\u00eat\u00e9 qui sera publi\u00e9 au recueil des actes administratifs de la pr\u00e9fecture de la r\u00e9gion \u00cele-\nde-France. \n        Fait \u00e0 Saint-Denis, 12 avril 2025 \n \nLe Directeur g\u00e9n\u00e9ral \nde l'Agence r\u00e9gionale de sant\u00e9  \n\u00cele-de-France \n \nPar d\u00e9l\u00e9gation \n \nLe Directeur du P\u00f4le Efficience \nSIGN\u00c9 \nFabien P\u00c9RUS \nAgence R\u00e9gionale de Sant\u00e9 - IDF-2025-04-12-00001 - Arr\u00eat\u00e9 n\u00b0 DOS/EFF/OFF/2025/45 constatant la caducit\u00e9 d'une licence d'une\nofficine de pharmacie 4\nAgence R\u00e9gionale de Sant\u00e9\nIDF-2025-04-12-00002\nArr\u00eat\u00e9 n\u00b0 DOS/EFF/OFF/2025/46 constatant la\ncaducit\u00e9 d'une licence d'une officine de\npharmacie\nAgence R\u00e9gionale de Sant\u00e9 - IDF-2025-04-12-00002 - Arr\u00eat\u00e9 n\u00b0 DOS/EFF/OFF/2025/46 constatant la caducit\u00e9 d'une licence d'une\nofficine de pharmacie 5\nREPUBLIQUEFRANCAISELibert\u00e9Egalit\u00e9Fraternit\u00e9 e > Agence R\u00e9gionale de Sant\u00e9Ile-de-France\n \n \n  AGENCE R\u00c9GIONALE DE SANT\u00c9 \u00ceLE-DE-FRANCE \nARR\u00caT\u00c9 N\u00b0 DOS/EFF/OFF/2025/46 constatant la caducit\u00e9 d'une licence d'une officine de \npharmacie \nLE DIRECTEUR G\u00c9N\u00c9RAL DE L'AGENCE R\u00c9GIONALE DE SANT\u00c9 \u00ceLE-DE-FRANCE \n \nVU le code de la sant\u00e9 publique ; \n \nVU le d\u00e9cret du 10 avril 2024 portant nomination de Monsieur Denis ROBIN, Directeur g\u00e9n\u00e9ral de l'Agence r\u00e9gionale \nde sant\u00e9 \u00cele-de-France, \u00e0 compter du 29 avril 2024 ;  \n \nVU l'arr\u00eat\u00e9 n\u00b0 DS 034/2024 du 29 avril 2024, publi\u00e9 le 30 avril 2024, portant d\u00e9l\u00e9gation de signature du Directeur \ng\u00e9n\u00e9ral de l'Agence r\u00e9gionale de sant\u00e9 \u00cele -de-France \u00e0 Monsieur  Arnaud CORVAISIER, Directeur de l'offre de \nsoins et \u00e0 plusieurs de ses collaborateurs ; \n \nVU l'arr\u00eat\u00e9 en date du 08 janvier 1975 , portant octroi de la licence n\u00b0 91#001025 \u00e0 l' officine de pharmacie  sise  \n4 Venelle Couteau \u00e0 Nozay (91620) ; \n \nVU l'arr\u00eat\u00e9 n\u00b0  DOS/EFF/OFF/2023-81 en date du 16 novembre 2023 ayant autoris\u00e9 le transfert d'une officine  de \npharmacie du 2 place de la Mairie vers le 4 Venelle Couteau au sein de la m\u00eame commune de Nozay (91620) et \noctroyant la licence n\u00b091#001600 \u00e0 l'officine de pharmacie ainsi transf\u00e9r\u00e9e ; \n \nVU \n \nla d\u00e9claration en date du 21 mars 2025 par laquelle Monsieur Cyrille JACQUENEAU informe l'Agence r\u00e9gionale \nde sant\u00e9 de l'ouverture effective au public de l'officine de pharmacie sise 4 Venelle Couteau  \u00e0 Nozay (91620) \nsuite \u00e0 transfert et restitue la licence n\u00b0 91#001025 ; \n \nCONSIDERANT que l'officine de pharmacie issue du transfert autoris\u00e9 par arr\u00eat\u00e9 du 16 novembre 2023 susvis\u00e9, \nsise 4 Venelle Couteau \u00e0 Nozay (91620 ) et exploit\u00e9e sous la licence n\u00b091#001600, est  \neffectivement ouverte au public \u00e0 compter du 31 mars 2025 ; \n \nCONSIDERANT que l'ouverture au public de l'officine exploit\u00e9e sous la licence n\u00b0 91#001600 entra\u00eene la \ncaducit\u00e9 de la licence n\u00b091#001025 ;  \n \nCONSIDERANT qu'il y a lieu de constater cette caducit\u00e9 ; \n \nARR\u00caTE \n \nARTICLE 1er : Est constat\u00e9e, \u00e0 compter du 31 mars 2025 , la caducit\u00e9 de la licence n\u00b0 91#001025, du fait de \nl'ouverture effective au public, sous la licence n\u00b0 91#001600, de l'officine de pharmacie issue du \ntransfert vers le local sis 4 Venelle Couteau \u00e0 Nozay (91620). \n \nARTICLE 2e : Un recours contentieux contre le pr\u00e9sent arr\u00eat\u00e9 peut \u00eatre form\u00e9 aupr\u00e8s du tribunal administratif \ncomp\u00e9tent. Le d\u00e9lai de recours est de deux mois \u00e0 compter de la notification de l'arr\u00eat\u00e9 pour les \nint\u00e9ress\u00e9s ou de sa publication pour les tiers. \n \nARTICLE 3e : Le Directeur g\u00e9n\u00e9ral de l'Agence r\u00e9gionale de sant\u00e9 \u00cele-de-France est charg\u00e9 de l'ex\u00e9cution du \npr\u00e9sent arr\u00eat\u00e9 qui sera publi\u00e9 au recueil des actes administratifs de la pr\u00e9fecture de la r\u00e9gion \u00cele-de-\nFrance.         \n Fait \u00e0 Saint-Denis, 12 avril 2025  \n \nLe Directeur g\u00e9n\u00e9ral  \nde l'Agence r\u00e9gionale de sant\u00e9  \n\u00cele-de-France  \n \nPar d\u00e9l\u00e9gation  \n \nLe Directeur du P\u00f4le Efficience  \nSIGN\u00c9  \nFabien P\u00c9RUS \nAgence R\u00e9gionale de Sant\u00e9 - IDF-2025-04-12-00002 - Arr\u00eat\u00e9 n\u00b0 DOS/EFF/OFF/2025/46 constatant la caducit\u00e9 d'une licence d'une\nofficine de pharmacie 6\nAgence R\u00e9gionale de Sant\u00e9\nIDF-2025-04-23-00006\nArr\u00eat\u00e9 n\u00b0DOS/EFF/OFF/2025/44 constatant la\ncessation d\u00e9finitive d'activit\u00e9 d'une officine de\npharmacie\nAgence R\u00e9gionale de Sant\u00e9 - IDF-2025-04-23-00006 - Arr\u00eat\u00e9 n\u00b0DOS/EFF/OFF/2025/44 constatant la cessation d\u00e9finitive d'activit\u00e9 d'une\nofficine de pharmacie 7\nREPUBLIQUEFRANCAISELibert\u00e9Egalit\u00e9Fraternit\u00e9\n\u00a9 \u00bb Agence R\u00e9gionale de Sant\u00e9Ile-de-France\n \n \n \nAGENCE R\u00c9GIONALE DE SANT\u00c9 \u00ceLE-DE-FRANCE \nARR\u00caT\u00c9 N\u00b0 DOS/EFF/OFF/2025/44 \nconstatant la cessation d\u00e9finitive d'activit\u00e9 d'une officine de pharmacie \n \nLE DIRECTEUR G\u00c9N\u00c9RAL DE L'AGENCE R\u00c9GIONALE DE SANT\u00c9 \u00ceLE-DE-FRANCE \n \nVU le code de la sant\u00e9 publique et notamment ses articles L. 5125-21, L. 5125-22, R. 5125-30 et  \nR. 5132-37 ; \n \nVU le d\u00e9cret du 10 avril 2024 portant nomination de Monsieur Denis ROBIN, Directeur g\u00e9n\u00e9ral de \nl'Agence r\u00e9gionale de sant\u00e9 \u00cele-de-France, \u00e0 compter du 29 avril 2024 ; \n \nVU l'arr\u00eat\u00e9 n\u00b0 DS 034/2024 du 29 avril 2024, publi\u00e9 le 30 avril 2024, portant d\u00e9l\u00e9gation de signature \ndu Directeur g\u00e9n\u00e9ral de l'Agence r\u00e9gionale de sant\u00e9 \u00cele -de-France \n\u00e0 Monsieur Arnaud CORVAISIER, Directeur de l'offre de soins et \u00e0 plusieurs de ses \ncollaborateurs ;  \n \nVU \n \n \nl'arr\u00eat\u00e9 en date  du 24 avril 1953  portant octroi de la licence n\u00b0 77#000152 \u00e0 l' officine de \npharmacie sise 12 Grande Rue \u00e0 Gouaix (77114) ; \n \nVU \n \n \n \nVU \n \n \nle jugement du Tribunal de commerce de Melun en date du 27 juin 2022  pronon\u00e7ant la \nliquidation judiciaire de la SELARL PHARMACIE CAPON qui exploite l'officine  de pharmacie \nsise 12 Grande Rue \u00e0 Gouaix (77114) (parution BODACC n\u00b0131A annonce n\u00b02074) ; \n \nle jugement du Tribunal de commerce de Melun en date du 30 septembre 2024 pronon\u00e7ant la \ncl\u00f4ture de la proc\u00e9dure de liquidation judiciaire pour insuffisance d'actif  de la \nSELARL  PHARMACIE CAPON qui exploite l'officine de pharmacie sise 12 Grande Rue \n\u00e0 Gouaix (77114) (parution BODACC n\u00b0196A annonce n\u00b02653) ;  \n \n \n \nCONSIDERANT que la proc\u00e9dure de liquidation judiciaire \u00e0 l'encontre de la SELARL PHARMACIE \nCAPON qui exploite l'officine sise 12 Grande Rue \u00e0 Gouaix (77114) a \u00e9t\u00e9 cl\u00f4tur\u00e9e le \n30 septembre 2024 ; \n \nCONSIDERANT que l'officine de pharmacie  n'a fait l'objet d'aucune reprise dans le cadre de cette \nproc\u00e9dure de liquidation judiciaire et que de ce fait elle  a cess\u00e9 d\u00e9finitivement toute \nactivit\u00e9 \u00e0 la date du jugement de cl\u00f4ture ; \n \nCONSIDERANT que de ce fait, il y a lieu de constater cette cessation d\u00e9finitive d'activit\u00e9 ; \n \n \n \nARR\u00caTE \nARTICLE 1er : La cessation d'activit\u00e9 de l'officine de pharmacie exploit\u00e9e par Madame Anne CAPON, sise \n12 Grande Rue \u00e0 Gouaix (77114) est r\u00e9put\u00e9e d\u00e9finitive \u00e0 compter du 30 septembre 2024. \n \nLa licence n\u00b0 77#000152 est caduque \u00e0 compter de cette date. \n \nARTICLE 2e : Un recours contentieux contre le pr\u00e9sent ar r\u00eat\u00e9 peut \u00eatre form\u00e9 aupr\u00e8s du t ribunal \nadministratif comp\u00e9tent. Le d\u00e9lai de recours est de deux mois \u00e0 compter de la notification de \nl'arr\u00eat\u00e9 pour les int\u00e9ress\u00e9s ou de sa publication pour les tiers. \n \nAgence R\u00e9gionale de Sant\u00e9 - IDF-2025-04-23-00006 - Arr\u00eat\u00e9 n\u00b0DOS/EFF/OFF/2025/44 constatant la cessation d\u00e9finitive d'activit\u00e9 d'une\nofficine de pharmacie 8\n \nARTICLE 3e : Le Directeur g\u00e9n\u00e9ral de l'Agence r\u00e9gionale de sant\u00e9 \u00cele-de-France est charg\u00e9 de l'ex\u00e9cution \ndu pr\u00e9sent arr\u00eat\u00e9 qui sera publi\u00e9 au recueil des actes administratifs  de la pr\u00e9fecture de la \nr\u00e9gion \u00cele-de-France. \n \n \n        \nFait \u00e0 Saint-Denis, le 23 avril 2025 \n \nPour le Directeur g\u00e9n\u00e9ral \nde l'Agence r\u00e9gionale de sant\u00e9  \n\u00cele-de-France \n \nPar d\u00e9l\u00e9gation, \n \nSIGN\u00c9 \n \nFabien P\u00c9RUS \nAgence R\u00e9gionale de Sant\u00e9 - IDF-2025-04-23-00006 - Arr\u00eat\u00e9 n\u00b0DOS/EFF/OFF/2025/44 constatant la cessation d\u00e9finitive d'activit\u00e9 d'une\nofficine de pharmacie 9\nDirection r\u00e9gionale et interd\u00e9partementale de\nl'alimentation, de l'agriculture et de la for\u00eat d'Ile\nde France\nIDF-2025-04-23-00004\nArr\u00eat\u00e9 pr\u00e9fectoral  portant composition de la\ncommission \u00e9lectorale en vue des \u00e9lections des\nd\u00e9l\u00e9gu\u00e9s \ncantonaux de la caisse de mutualit\u00e9 sociale\nagricole d'\u00cele-de-France en 2025 \nDirection r\u00e9gionale et interd\u00e9partementale de l'alimentation, de l'agriculture et de la for\u00eat d'Ile de France - IDF-2025-04-23-00004 -\nArr\u00eat\u00e9 pr\u00e9fectoral  portant composition de la commission \u00e9lectorale en vue des \u00e9lections des d\u00e9l\u00e9gu\u00e9s \ncantonaux de la caisse de mutualit\u00e9 sociale agricole d'\u00cele-de-France en 2025 \n10\nPREFETDE PARISLibert\u00e9Egalit\u00e9Fraternit\u00e9\n \n \n  \n \n \n \nArr\u00eat\u00e9 pr\u00e9fectoral  \nportant composition de la commission \u00e9lectorale en vue des \u00e9lections des d\u00e9l\u00e9gu\u00e9s \ncantonaux de la caisse de mutualit\u00e9 sociale agricole d'\u00cele-de-France en 2025 \n \nLe pr\u00e9fet de la r\u00e9gion d'\u00cele-de-France, pr\u00e9fet de Paris, \nCommandeur de la L\u00e9gion d'honneur, \nOfficier de l'Ordre national du m\u00e9rite \n \n \nVu le code rural et de la p\u00eache maritime et notamment ses articles R. 514-37, R. 723-44 et \nR.723-61  ; \nVu l'article L. 2121-1 du code du travail  ; \nVu l'article 2 de la loi n\u00b099-574 du 9 juillet 1999 d'orientation agricole  ; \nVu l'arr\u00eat\u00e9 du 28 juillet 2021 fixant la liste des organisations syndicales reconnues \nrepr\u00e9sentatives au niveau national et interprofessionnel  ; \nVu les r\u00e9sultats de la derni\u00e8re \u00e9lection des membres de la chambre d'agriculture de r\u00e9gion \n\u00cele-de-France du 6 f\u00e9vrier 2025 ; \nVu les listes d\u00e9pos\u00e9es par les syndicats de salari\u00e9s agricoles pour l'\u00e9lection des d\u00e9l\u00e9gu\u00e9s \ncantonaux de la mutualit\u00e9 sociale agricole (MSA),  \nARR\u00caTE \n \nArticle 1 \ner . La pr\u00e9sidence de la commission \u00e9lectorale charg\u00e9e de proc\u00e9der, le 22 mai 2025 (et \nle cas \u00e9ch\u00e9ant le 23 mai), \u00e0 la surveillance des op\u00e9rations d'\u00e9margement et de d\u00e9pouillement \net \u00e0 la proclamation des r\u00e9sultats du bureau de vote de Gentilly (131, avenue Paul Vaillant \nCouturier) de la caisse de mutualit\u00e9 sociale agricole d'\u00cele-de-France est confi\u00e9e \u00e0  : \n- Madame Myl\u00e8ne TESTUT-NEVES, Directrice r\u00e9gionale et  interd\u00e9partementale de \nl'alimentation, de l'agriculture et de la for\u00eat d'\u00cele-de-France, titulaire, et \n- Monsieur Benjamin GENTON, Directeur r\u00e9gional et interd\u00e9partemental adjoint de \nl'alimentation, de l'agriculture et de la for\u00eat d'\u00cele-de-France, suppl\u00e9ant. \n \nArticle 2. Les organisations syndicales de salari\u00e9s agricoles repr\u00e9sentatives au plan national \nsont repr\u00e9sent\u00e9es au sein de la commission \u00e9lectorale en fonction du nombre de listes \nqu'elles ont d\u00e9pos\u00e9es pour ces \u00e9lections par : \n1. M. Emile BUNOZ,  \n2. Mme Agn\u00e8s GUEGNARD et  \n3. M. Michel SORET, \nRepr\u00e9sentants titulaires de la conf\u00e9d\u00e9ration fran\u00e7aise de l'encadrement \u2013 conf\u00e9d\u00e9ration \ng\u00e9n\u00e9rale des cadres (CFE-CGC), \n4. Mme Sophie LENQUETE, et \n5. Mme Rachel SILMON,  \nRepr\u00e9sentantes titulaires de la F\u00e9d\u00e9ration g\u00e9n\u00e9rale agroalimentaire \u2013 CFDT, \nDirection r\u00e9gionale et interd\u00e9partementale de l'alimentation, de l'agriculture et de la for\u00eat d'Ile de France - IDF-2025-04-23-00004 -\nArr\u00eat\u00e9 pr\u00e9fectoral  portant composition de la commission \u00e9lectorale en vue des \u00e9lections des d\u00e9l\u00e9gu\u00e9s \ncantonaux de la caisse de mutualit\u00e9 sociale agricole d'\u00cele-de-France en 2025 \n11\n \n \n6. M. Bruno LE PAGE, repr\u00e9sentant titulaire de la conf\u00e9d\u00e9ration fran\u00e7aise des travailleurs \nchr\u00e9tiens (CFTC) agriculture \u00cele-de-France, \n \n7. M. Christian FORTIN-ETTORI,  \n8. M. Philippe GUERIN et  \n9. M. Didier HAUDUROY, \nRepr\u00e9sentants suppl\u00e9ants de la conf\u00e9d\u00e9ration fran\u00e7aise de l'encadrement \u2013 conf\u00e9d\u00e9ration \ng\u00e9n\u00e9rale des cadres (CFE-CGC), \n10. Mme Agn\u00e8s DEMAY et \n11. M. Andr\u00e9 FIGONI, \nRepr\u00e9sentants suppl\u00e9ants de la F\u00e9d\u00e9ration g\u00e9n\u00e9rale agroalimentaire \u2013 CFDT, \n12. M. Pierre CREPEL repr\u00e9sentant suppl\u00e9ant de la conf\u00e9d\u00e9ration fran\u00e7aise des travailleurs \nchr\u00e9tiens (CFTC) agriculture \u00cele-de-France. \n \nArticle 3. Les organisations professionnelles d'exploitants agricoles reconnues repr\u00e9sentatives \nen \u00cele-de-France sont repr\u00e9sent\u00e9es au sein de la commission \u00e9lectorale par : \n1. M. Jean-Daniel BEGUIN, repr\u00e9sentant titulaire de la f\u00e9d\u00e9ration r\u00e9gionale des syndicats \nd'exploitants agricoles et des jeunes agriculteurs d'\u00cele-de-France (FRSEA-JA \u00cele-de-France), \n2. M. Godefroy POTIN, repr\u00e9sentant titulaire (au titre des employeurs de main d'\u0153uvre) de \nla FRSEA-JA \u00cele-de-France, \n3.  M. Baptiste HEUSELE, repr\u00e9sentant titulaire de la FRSEA-JA \u00cele-de-France, \n4. Mme Caroline LEFORT, repr\u00e9sentante titulaire (au titre des employeurs de main \nd'\u0153uvre) de la FRSEA-JA \u00cele-de-France, \n5. X (aucun repr\u00e9sentant propos\u00e9 par la coordination rurale d'\u00cele-de-France), \n6. X (aucun repr\u00e9sentant propos\u00e9 par la conf\u00e9d\u00e9ration paysanne d'\u00cele-de-France), \n \n7. M. No\u00ebl WILLAERT, repr\u00e9sentant suppl\u00e9ant de la FRSEA-JA \u00cele-de-France, \n8. M. Mathieu PENEL, repr\u00e9sentant suppl\u00e9ant (au titre des employeurs de main d'\u0153uvre) \nde la FRSEA-JA \u00cele-de-France, \n9. Mme Marthe BILLET, repr\u00e9sentante suppl\u00e9ante de la FRSEA-JA \u00cele-de-France, \n10. Mme Christine PLOUVIER,\n repr\u00e9sentante suppl\u00e9ante (au titre des employeurs de main \nd'\u0153uvre) de la FRSEA-JA \u00cele-de-France, \n11. X (aucun repr\u00e9sentant propos\u00e9 par la coordination rurale d'\u00cele-de-France), \n12. X (aucun repr\u00e9sentant propos\u00e9 par la conf\u00e9d\u00e9ration paysanne d'\u00cele-de-France). \n \nArticle 4. Les missions de la commission \u00e9lectorale prennent fin au lendemain de la \nproclamation des r\u00e9sultats. \n \nArticle 5. Le secr\u00e9tariat de la commission \u00e9lectorale est assur\u00e9 par la caisse de mutualit\u00e9 \nsociale agricole d'\u00cele-de-France. \nDirection r\u00e9gionale et interd\u00e9partementale de l'alimentation, de l'agriculture et de la for\u00eat d'Ile de France - IDF-2025-04-23-00004 -\nArr\u00eat\u00e9 pr\u00e9fectoral  portant composition de la commission \u00e9lectorale en vue des \u00e9lections des d\u00e9l\u00e9gu\u00e9s \ncantonaux de la caisse de mutualit\u00e9 sociale agricole d'\u00cele-de-France en 2025 \n12\n \n \n \nArticle 6. La pr\u00e9f\u00e8te, secr\u00e9taire g\u00e9n\u00e9rale aux politiques publiques et la Directrice r\u00e9gionale de \nl'alimentation, l'agriculture et de la for\u00eat sont charg\u00e9es, chacune en ce qui la concerne, de \nl'ex\u00e9cution du pr\u00e9sent arr\u00eat\u00e9 qui sera publi\u00e9 au recueil des actes administratifs de la \nPr\u00e9fecture de la r\u00e9gion d'\u00cele-de-France, pr\u00e9fecture de Paris et de la pr\u00e9fecture de Police, \naccessible sur le site internet de la Pr\u00e9fecture de la r\u00e9gion d'\u00cele-de-France, pr\u00e9fecture de Paris \n(www.prefectures-regions.gouv.fr/ile-de-france ). \n \n \n \n                                                                                                                    Fait \u00e0 Paris, le 23 avril 2025 \n \nLe Pr\u00e9fet de la r\u00e9gion d'\u00cele-de-France, \n  Pr\u00e9fet de Paris, \n \nSign\u00e9 \n \n                                                                                                        Marc GUILLAUME \n \nDirection r\u00e9gionale et interd\u00e9partementale de l'alimentation, de l'agriculture et de la for\u00eat d'Ile de France - IDF-2025-04-23-00004 -\nArr\u00eat\u00e9 pr\u00e9fectoral  portant composition de la commission \u00e9lectorale en vue des \u00e9lections des d\u00e9l\u00e9gu\u00e9s \ncantonaux de la caisse de mutualit\u00e9 sociale agricole d'\u00cele-de-France en 2025 \n13\nDirection r\u00e9gionale et interd\u00e9partementale de\nl'alimentation, de l'agriculture et de la for\u00eat d'Ile\nde France\nIDF-2024-12-24-00011\nAccord tacite d'autorisation d'exploiter pour\nMonsieur Etienne VALLEE,  EARL CLOS DU\nBASSIN sur la commune d'Ecquevilly\nDirection r\u00e9gionale et interd\u00e9partementale de l'alimentation, de l'agriculture et de la for\u00eat d'Ile de France - IDF-2024-12-24-00011 -\nAccord tacite d'autorisation d'exploiter pour Monsieur Etienne VALLEE,  EARL CLOS DU BASSIN sur la commune d'Ecquevilly 14\nExPREFETDES YVELINESLibert\u00e9Egalit\u00e9Fraternit\u00e9\n35, Rue de Noailles BP 1115 - 78011 Versailles Cedex \nwww.yvelines.gouv.fr  \n  \n \n Direction d\u00e9partementale \n \ndes territoires  \n \nService de l'\u00c9conomie Agricole \n \nBureau agro-environnement et territoires ruraux \nAffaire suivie par  : Karine GRELLEAUD \nT\u00e9l. : 01 75 27 82 87 \u2013 06 73 63 48 74 \nM\u00e9l.  : \nkarine.grelleaud@yvelines.gouv.fr  \nddt-sea-structures@yvelines.gouv.fr  \n \nObjet : Contr\u00f4le des structures - Dossier complet  \nPJ  : Liste des parcelles  \n \n \n \n \n \n \n \n \n \n \n \nVersailles, le 24 DECEMBRE 2024 \n \n \nMonsieur VALLEE Etienne  \nEARL le Clos du Bassin \nLe Clos du Bassin, RD 113 \n78920  Ecquevilly \n \nMonsieur, \n \nEn date du 03-06-2024, vous m'avez fait parvenir une demande d'autorisation d'exploiter pour les surfaces \nlist\u00e9es en annexe. \nAinsi, votre demande d'autorisation d'exploiter concernant 10,8865 ha apr\u00e8s pond\u00e9ration (surface brute \n8,4864 hectares) a \u00e9t\u00e9 enregistr\u00e9e compl\u00e8te en date du 23-12-2024. \n \nConform\u00e9ment aux dispositions de l'article R.331-4 du code rural et de la p\u00eache maritime, cette demande \nfera l'objet d'une publicit\u00e9 par affichage en mairie des communes o\u00f9 sont situ\u00e9s les biens et d'une publication \nsur le site internet de la Pr\u00e9fecture des Yvelines.  \nJe vous informe que le Pr\u00e9fet de r\u00e9gion dispose d'un d\u00e9lai de 4 mois pour statuer sur votre demande \u00e0 partir \nde la r\u00e9ception de votre dossier complet. Ce d\u00e9lai est susceptible d'\u00eatre prolong\u00e9 de deux mois \nsuppl\u00e9mentaires conform\u00e9ment \u00e0 l'article R.331-6 du code rural et de la p\u00eache maritime. Dans ce cas, vous \nen serez avis\u00e9 avant la date en question.  \nEn l'absence de r\u00e9ponse de l'administration dans ce d\u00e9lai, votre demande sera tacitement accept\u00e9e \u00e0 \ncompter du 23-04-2025 . Dans ce cas, le pr\u00e9sent courrier sera publi\u00e9 au recueil des actes administratifs de la \nPr\u00e9fecture de r\u00e9gion d'\u00cele-de-France et en mairies des communes concern\u00e9es par les biens demand\u00e9s. Cette \npublication l\u00e9gale vaudra alors d\u00e9cision. \nMes services restent \u00e0 votre disposition pour tout renseignement compl\u00e9mentaire. \n \nJe vous prie d'agr\u00e9er, Monsieur, l'assurance de ma consid\u00e9ration distingu\u00e9e. \n \n \nPour la directrice d\u00e9partementale des territoires, \n \nle chef du service d'\u00e9conomie agricole, \n \nSign\u00e9 \n \nMaxence CLEMENT \n \n \n \n \n \nDirection r\u00e9gionale et interd\u00e9partementale de l'alimentation, de l'agriculture et de la for\u00eat d'Ile de France - IDF-2024-12-24-00011 -\nAccord tacite d'autorisation d'exploiter pour Monsieur Etienne VALLEE,  EARL CLOS DU BASSIN sur la commune d'Ecquevilly 15\n35, Rue de Noailles BP 1115 - 78011 Versailles Cedex \nwww.yvelines.pref.gouv.fr  \nANNEXE  : Liste des parcelles de la demande d'autorisation d'exploiter \nde EARL le Clos du Bassin VALLEE Etienne \n \n \nCommune R\u00e9f\u00e9rence \ncadastrale  \nSurface  \n(hectare) Propri\u00e9taire \nBOUAFLE C 1186 0,039 TILLARD Audrey \nBOUAFLE C 1187 0,053 TILLARD Audrey \nBOUAFLE D 0872 0,063 TILLARD Audrey \nECQUEVILLY  A 12 0,1315 Indivision JOUANNY Denise/JOUANNY Eric/Jouanny \nDominique/MARIER Antoinette \nECQUEVILLY  A 27 0,129 Indivision JOUANNY Denise/JOUANNY Eric/Jouanny \nDominique/MARIER Antoinette \nECQUEVILLY  A117 0,0377 Indivision GIBON Gilbert/LAPORTE Denise Marie \nECQUEVILLY  A118 0,1336 Indivision GLAIROT Serge/GLAIROT Josette \nECQUEVILLY  A119 0,0733 Indivision JOUANNY Denise/JOUANNY Eric/Jouanny \nDominique/MARIER Antoinette \nECQUEVILLY  A120 0,1299 Indivision GOUACHE/GOUACHE Ghyslaine/GOUACHE \nClaude/GOUACHE Julien \nECQUEVILLY  A121 0,1437 \nIndivision LEVIEUX/ LEVIEUX Emmanuel/DESCAMPS \nJer\u00f4me/Descamps Pauline/DESCAMPS Alice/LEVIEUX \nFran\u00e7ois/LEVIEUX Bruno \nECQUEVILLY  A122 0,0418 Indivision GOUACHE/GOUACHE Ghyslaine/GOUACHE \nClaude/GOUACHE Julien \nECQUEVILLY  A123 0,0418 Indivision THURET/THURET G\u00e9rard/THURET Marie Claude \nECQUEVILLY  A124 0,065 CAILLOT Jean Paul \nECQUEVILLY  A125 0,3275 Indivision DUBOIS/DUBOIS Bernard/COUSIN  Daniele \nECQUEVILLY  A66 0,1479 LEFEBVRE Arlette \nECQUEVILLY  A67 0,5155 Indivision DUBOIS/DUBOIS Bernard/COUSIN Daniele \nECQUEVILLY  AD 027 0,063 MOIGNIER Jocelyne \nECQUEVILLY  AD 083 0,0405 MOIGNIER Jocelyne \nECQUEVILLY  AD0004 0,1368 Indivision PARQUET/ DABO Marie Christine/PARQUET \nAlain//PARQUET Germaine/LABEGUERIE Marthe \nECQUEVILLY  AD0005 0,051 Indivision PARQUET/ DABO Marie Christine/PARQUET \nAlain//PARQUET Germaine/LABEGUERIE Marthe \nECQUEVILLY  AD0006 0,0136 BORDIER Ghislaine \nECQUEVILLY  AD0007 0,0553 Indivision LEGENDRE/LEGENDRE Denis/LEGENDRE Nadine \nECQUEVILLY  AD0028 0,0452 INDIVISION CHAUVIN/CHAUVIN Maryse/CHAUVIN \nCaroline/CHAUVIN Mathieu/CHAUVIN Michel/CHAUVIN Marc \nECQUEVILLY  AD0029 0,0474 Indivision TRUDON/TRUDON Pierre//TRUD ON Eric \nECQUEVILLY  AD0030 0,1949 Indivision DORE/DE SANTIS Ghislaine/DORE Michel/ CLEDAT \nMartine/DORE Philippe/DORE Bernard \nECQUEVILLY  AD0031 0,0763 Indivision COUTURIER/COUTURIER Lise/COUTURIER Denis \nDirection r\u00e9gionale et interd\u00e9partementale de l'alimentation, de l'agriculture et de la for\u00eat d'Ile de France - IDF-2024-12-24-00011 -\nAccord tacite d'autorisation d'exploiter pour Monsieur Etienne VALLEE,  EARL CLOS DU BASSIN sur la commune d'Ecquevilly 16\n35, Rue de Noailles BP 1115 - 78011 Versailles Cedex \nwww.yvelines.pref.gouv.fr  \nECQUEVILLY  AD0032 0,1447 Indivision GIBON/GIBON Monique/ALEMPS Annick/GIBON \nMarcel/PAUDOIE MICHELE/LABBE Claudine \nECQUEVILLY  AD0033 0,0372 Indivision LEGAL/LEGAL Claudine/LEGAL Claudette \nECQUEVILLY  AD0034 0,0482 \nIndivision BEAUGRAND/BEAUGRAND Jacques/BEAUGRAND \nBernard/BEAUGRAND Jean Michel/LOUET Th\u00e9r\u00e8se/BEAUGRAND \nNicole \nECQUEVILLY  AD0035 0,0376 Indivision CASSIER/CASSIER C\u00e9cile/CASSIER Olivier/CASSIER \nDominique/CASSIER Pascal/CASSIER James/Cassier Yvon \nECQUEVILLY  AD0036 0,0639 Indivision THURET/THURET G\u00e9rard/THURE T Marie Claude \nECQUEVILLY  AD0037 0,1051 MAZIER Sylvie \nECQUEVILLY  AD0038 0,1500 CAILLOT Jean Paul \nECQUEVILLY  AD0039 0,0537 Indivision PARQUET/ DABO Marie Christine/PARQUET \nAlain//PARQUET Germaine/LABEGUERIE Marthe \nECQUEVILLY  AD0040 0,0497 Indivision LESUEUR/LESUEUR Jean Pierre/LESUEUR Gilbert \nECQUEVILLY  AD0056 0,2012 BENOIT Valerie \nECQUEVILLY  AD0062 0,0764 Indivision LESUEUR/LESUEUR Jean Pierre/LESUEUR Gilbert \nECQUEVILLY  AD0063 0,0397 Indivision PARQUET/ DABO Marie Christine/PARQUET \nAlain//PARQUET Germaine/LABEGUERIE Marthe \nECQUEVILLY  AD0064 0,0281 ETAT DOMAINE PROPRIETAIRES INCONNUS \nECQUEVILLY  AD0065 0,0745 Indivision THURET/THURET G\u00e9rard/THURE T Marie Claude \nECQUEVILLY  AD0066 0,0166 MAZIER Sylvie \nECQUEVILLY  AD0067 0,1185 MAZIER Sylvie \nECQUEVILLY  AD0069 0,0651 Indivision THURET/THURET G\u00e9rard/THURE T Marie Claude \nECQUEVILLY  AD0070 0,0341 Indivision CASSIER/CASSIER C\u00e9cile/CASSIER Olivier/CASSIER \nDominique/CASSIER Pascal/CASSIER James/Cassier Yvon \nECQUEVILLY  AD0071 0,0356 \nIndivision BEAUGRAND/BEAUGRAND Jacques/BEAUGRAND \nBernard/BEAUGRAND Jean Michel/LOUET Th\u00e9r\u00e8se/BEAUGRAND \nNicole \nECQUEVILLY  AD0072 0,0354 Indivision LEGAL/LEGAL Claudine/LEGAL Claudette \nECQUEVILLY  AD0075 0,1003 THOMAS Armelle \nECQUEVILLY  AD0077 0,2043 Indivision DORE/DE SANTIS Ghislaine/DORE Michel/ CLEDAT \nMartine/DORE Philippe/DORE Bernard \nECQUEVILLY  AD0078 0,0463 Indivision TRUDON/TRUDON Pierre//TRUDON Eric \nECQUEVILLY  AD0079 0,1309 Indivision DORE/DE SANTIS Ghislaine/DORE Michel/ CLEDAT \nMartine/DORE Philippe/DORE Bernard \nECQUEVILLY  AD0080 0,0592 Indivision GOUACHE Roger/(+) GOUACHE Julienne (+) \nECQUEVILLY  AD0081 0,0569 Indivision CASSIER/CASSIER C\u00e9cile/CASSIER Olivier/CASSIER \nDominique/CASSIER Pascal/CASSIER James/Cassier Yvon \nECQUEVILLY  AD0082 0,0511 Indivision TRUDON/TRUDON Pierre//TRUD ON Eric \nECQUEVILLY  AD0084 0,0652 TILLARD Audrey \nECQUEVILLY  AD0085 0,0582 MOIGNIER Jocelyne \nDirection r\u00e9gionale et interd\u00e9partementale de l'alimentation, de l'agriculture et de la for\u00eat d'Ile de France - IDF-2024-12-24-00011 -\nAccord tacite d'autorisation d'exploiter pour Monsieur Etienne VALLEE,  EARL CLOS DU BASSIN sur la commune d'Ecquevilly 17\n35, Rue de Noailles BP 1115 - 78011 Versailles Cedex \nwww.yvelines.pref.gouv.fr  \nECQUEVILLY  AD0086 0,0545 INDIVISION CHAUVIN/CHAUVIN Maryse/CHAUVIN \nCaroline/CHAUVIN Mathieu/CHAUVIN Michel/CHAUVIN Marc \nECQUEVILLY  AE0075 0,2281 TILLARD Josseline \nECQUEVILLY  AE0080 0,1162 Indivision ARNOULT : ARNOUL Annie, PAINDEBLED Monique \nECQUEVILLY  AE0081 0,1207 TILLARD Josseline \nECQUEVILLY  AE0082 0,1663 Indivision DUBOIS Roger et DUBOIS  Pierrette \nECQUEVILLY  AE0083 0,2265 Indivision JOUANNY Denise/JOUANNY Eric/Jouanny \nDominique/MARIER Antoinette \nECQUEVILLY  AE0084 0,1399 Indivision PARQUET/ DABO Marie Christine/PARQUET \nAlain//PARQUET Germaine/LABEGUERIE Marthe \nECQUEVILLY  AE0085 0,1588 Indivision BELLANT : BELLANT G\u00e9rard, LOCATELLI Fran\u00e7oise, \nBELLANT Brigitte \nECQUEVILLY  AE0086 0,0634 Indivision THURET : THURET Kleber, THURET Jacky, REVELLIN \nBeno\u00eet, REVELLIN Sarah \nECQUEVILLY  AE0087 0,1163 LEDUC Bernard \nECQUEVILLY  AE0088 0,1158 Indivision VERLEYEN ; VERLEYEN Fr\u00e9d\u00e9ric et VERLEYEN Caroline \nECQUEVILLY  AE0089 0,0594 Indivision DUBOIS Roger et DUBOIS  Pi errette \nECQUEVILLY  AE0090 0,0664 Indivision NANTOIS : NANTOIS Philippe, NANTOIS Anne, NANTOIS \nChristiane, NANTOIS Edith, NANTOIS Patrick, NANTOIS Th\u00e9r\u00e8se \nECQUEVILLY  AE0091 0,0796 TILLARD Josseline \nECQUEVILLY  AE0092 0,1586 VALLEE Patrick \nECQUEVILLY  D199 0,1325 Indivision PARQUET/ DABO Marie Christine/PARQUET \nAlain//PARQUET Germaine/LABEGUERIE Marthe \nECQUEVILLY  D200 0,3845 JOUANNY Eric \nECQUEVILLY  D201 0,5255 Indivision DUBOIS/DUBOIS Roger/PERRIN P ierrette \nECQUEVILLY  D301 0,3400 \nIndivision LEVIEUX/ LEVIEUX Emmanuel/DESCAMPS \nJer\u00f4me/Descamps Pauline/DESCAMPS Alice/LEVIEUX \nFran\u00e7ois/LEVIEUX Bruno \nECQUEVILLY  D414 0,0720 VALLEE Etienne \nECQUEVILLY  D417 0,1765 Indivision DUBOIS/DUBOIS Roger/PERRIN Pierrette \n \n \n \n \n \n \n \n \n \n \n \n \n \n \n \n \nDirection r\u00e9gionale et interd\u00e9partementale de l'alimentation, de l'agriculture et de la for\u00eat d'Ile de France - IDF-2024-12-24-00011 -\nAccord tacite d'autorisation d'exploiter pour Monsieur Etienne VALLEE,  EARL CLOS DU BASSIN sur la commune d'Ecquevilly 18\nDirection r\u00e9gionale et interd\u00e9partementale de\nl'\u00e9conomie, de l'emploi, du travail et des\nsolidarit\u00e9s d'\u00cele-de-France\nIDF-2025-04-23-00001\nD\u00e9cision n\u00b0 2025-085 du 23 avril 2025\nportant affectation des agents de contr\u00f4le dans\nles unit\u00e9s de contr\u00f4le et gestion des int\u00e9rims de\nla Direction d\u00e9partementale de l'emploi, du\ntravail et des solidarit\u00e9s de Seine-et-Marne\nDirection r\u00e9gionale et interd\u00e9partementale de l'\u00e9conomie, de l'emploi, du travail et des solidarit\u00e9s d'\u00cele-de-France -\nIDF-2025-04-23-00001 - D\u00e9cision n\u00b0 2025-085 du 23 avril 2025\nportant affectation des agents de contr\u00f4le dans les unit\u00e9s de contr\u00f4le et gestion des int\u00e9rims de la Direction d\u00e9partementale de\nl'emploi, du travail et des solidarit\u00e9s de Seine-et-Marne\n19\nE 3MINIST\u00c8RE ;DU TRAVAIL, DE LA SANTE,DES SOLIDARITESET DES FAMILLESLibert\u00e9Egalit\u00e9Fraternit\u00e9\n \nDRIEETS d'Ile de France \n21 rue Madeleine Vionnet \n93300 AUBERVILLIERS                                                                                                                                                                                                                      \n  \nDirection r\u00e9gionale et interd\u00e9partementale \nde l'\u00e9conomie, de l'emploi, \ndu travail et des solidarit\u00e9s \n \n \n \n \n \nD\u00e9cision n\u00b0 2025-085 du 23 avril 2025 \nportant affectation des agents de contr\u00f4le dans les unit\u00e9s de contr\u00f4le et gestion des int\u00e9rims de la \nDirection d\u00e9partementale de l'emploi, du travail et des solidarit\u00e9s de Seine -et-Marne \n \n \n \nLe Directeur r\u00e9gional de l'\u00e9conomie, de l'emploi, du travail et des solidarit\u00e9s de la r\u00e9gion Ile-de-France \n \nVu le code du travail, notamment ses articles R. 8122-1 et suivants.  \n \nVu le d\u00e9cret n\u00b0 2020 -1545 du 9 d\u00e9cembre 2020 relatif \u00e0 l'organisation et aux missions des directions r\u00e9gionales \nde l'\u00e9conomie, de l'emploi, du travail et des solidarit\u00e9s, des directions d\u00e9partementales de l'emploi, du travail et \ndes solidarit\u00e9s et des directi ons d\u00e9partementales de l'emploi, du travail, des solidarit\u00e9s et de la protection des \npopulations, \n \nVu l'arr\u00eat\u00e9 interminist\u00e9riel du 25 mars 2021 nommant Monsieur Ga\u00ebtan RUDANT Directeur r\u00e9gional et \ninterd\u00e9partemental de l'\u00e9conomie, de l'emploi, du travail et des solidarit\u00e9s d'Ile -de-France \u00e0 compter du 1er avril \n2021, \n \nVu l'arr\u00eat\u00e9 minist\u00e9riel du 25 mars 2024 portant cr\u00e9ation et r\u00e9partition des unit\u00e9s de contr\u00f4le de l'inspection du \ntravail,  \n \nVu la d\u00e9cision n\u00b0 2023-193 du 26 d\u00e9cembre 2023 du directeur r\u00e9gional et interd\u00e9partemental de l'\u00e9conomie, de \nl'emploi, du travail et des solidarit\u00e9s d'Ile-de-France relative \u00e0 la localisation et \u00e0 la d\u00e9limitation des unit\u00e9s de \ncontr\u00f4le et des sections d'inspection du travail de la Direction d\u00e9partementale de l'emploi, du travail et des \nsolidarit\u00e9s de Seine et Marne, \n \nD\u00c9CIDE \n \nArticle 1er :  \n \nSans pr\u00e9judice des dispositions de l'article R.8122 -10 du code du travail et conform\u00e9ment aux dispositions de \nl'article R.8122-11 du code du travail, sont affect\u00e9s dans les sections d'inspection de la Direction d\u00e9partementale \nde l'emploi, du travail et des solidarit\u00e9s de Seine et Marne les agents suivants : \n \nUnit\u00e9 de contr\u00f4le N\u00b0 1  \nsise 3 rue de la Galmy CS 10582 77701 Marne la Vall\u00e9e Cedex 4 \n \nResponsable de l'unit\u00e9 de contr\u00f4le : Poste vacant \n \nMadame St\u00e9phanie REUX, Directrice adjointe du travail est en charge de l'int\u00e9rim du poste \n \nSection 1-01 A : Madame Pauline LEFEVRE, Inspectrice du travail \n \nSection 1-02 : Madame Laetitia HENNOUS, Inspectrice du travail \n \nSection 1-03 : section vacante \nDirection r\u00e9gionale et interd\u00e9partementale de l'\u00e9conomie, de l'emploi, du travail et des solidarit\u00e9s d'\u00cele-de-France -\nIDF-2025-04-23-00001 - D\u00e9cision n\u00b0 2025-085 du 23 avril 2025\nportant affectation des agents de contr\u00f4le dans les unit\u00e9s de contr\u00f4le et gestion des int\u00e9rims de la Direction d\u00e9partementale de\nl'emploi, du travail et des solidarit\u00e9s de Seine-et-Marne\n20\n \n2 / 4 \n \nMonsieur Alexis COSTES, Inspecteur du travail est en charge de l'int\u00e9rim de la section. \n \nSection 1-04 : Madame Nolwenn LE YOUDEC, Inspectrice du travail \n \nSection 1-05 TF et Fl : Madame Juliette MATHIEU, Inspectrice du travail \n \nSection 1-06 : Monsieur Alexis COSTES, Inspecteur du travail  \n \nSection 1-07 : Mme Aur\u00e9lie BELLENGER, Inspectrice du travail \n \nSection 1-08 TR : Monsieur Karim BOURAS, Inspecteur du travail \n \nEn cas d'absence ou d'emp\u00eachement de Monsieur Karim BOURAS, l'int\u00e9rim de la section est assur\u00e9 par Madame \nLaetitia HENNOUS, Inspectrice du travail \n \n \nUnit\u00e9 de contr\u00f4le N\u00b0 2  \nsise 3 rue de la Galmy CS 10582 77701 Marne la Vall\u00e9e Cedex 4 \n \nResponsable de l'unit\u00e9 de contr\u00f4le : Madame St\u00e9phanie REUX, Directrice adjointe du travail \n \nSection 2-01 : Monsieur Thomas SALGADO, Inspecteur du travail \n \nSection 2-02 : Section vacante \n \nMonsieur Thomas SALGADO, Inspecteur du travail est en charge de l'int\u00e9rim de la section \n \nSection 2-03 :  Madame Ga\u00eblle BOTZUNG, Inspectrice du travail \n \nSection 2-04 : Monsieur L\u00e9o BOURSIER, Inspecteur du travail \n \nSection 2-05 T : Madame Carmen ZIEGLER, Inspectrice du travail \n \nSection 2-06 : Madame Mathilde MALHER, Inspectrice du travail  \n \nSection 2-07 : Monsieur Jean Baptiste LY VAN TU, Inspecteur du travail \n \nSection 2-08 A : Madame Christine GHIZZONI, Inspectrice du travail  \n \nEn cas d'absence ou d'emp\u00eachement de Madame Christine GHIZZONI, l'int\u00e9rim  de la section  est assur\u00e9 par \nMadame St\u00e9phanie REUX, Directrice adjointe du travail assumant les fonctions d'Inspectrice du travail \n \n \nUnit\u00e9 de contr\u00f4le N\u00b0 3  \n20 quai Hippolyte Rossignol 77011 Melun cedex \n \nResponsable de l'unit\u00e9 de contr\u00f4le : Monsieur Rapha\u00ebl SEROUR, Directeur adjoint du travail \n \nSection 3-01 : Madame No\u00e9mie CHASSARD, Inspectrice du travail \n \nSection 3-02 : Madame Evelyne ZOUBICOU, Inspectrice du travail \n \nSection 3-03 : Madame Nathalie BARBERYE, Inspectrice du travail \n \nSection 3-04 : Section vacante \nMonsieur Rapha\u00ebl SEROUR , Directeur adjoint du travail assumant les fonctions d'Inspecteur du travail, est en \ncharge de l'int\u00e9rim de la section \nDirection r\u00e9gionale et interd\u00e9partementale de l'\u00e9conomie, de l'emploi, du travail et des solidarit\u00e9s d'\u00cele-de-France -\nIDF-2025-04-23-00001 - D\u00e9cision n\u00b0 2025-085 du 23 avril 2025\nportant affectation des agents de contr\u00f4le dans les unit\u00e9s de contr\u00f4le et gestion des int\u00e9rims de la Direction d\u00e9partementale de\nl'emploi, du travail et des solidarit\u00e9s de Seine-et-Marne\n21\n \n3 / 4 \n \nSection 3-5 : Monsieur Miguel REVES, Inspecteur du travail \n  \nSection 3-6 A :  Section vacante \n \nMonsieur MIGUEL REVES, Inspecteur du travail est en charge de l'int\u00e9rim de la section \n \nSection3-07 T : Madame Ingrid LAWSON, Inspectrice du travail \n \nSection3-08 : Madame Amandine BARON-ALECI, Inspectrice du travail \n \nUnit\u00e9 de contr\u00f4le N\u00b0 4  \n20 quai Hippolyte Rossignol 77011 Melun cedex \n \nResponsable de l'unit\u00e9 de contr\u00f4le : Madame Isabelle ZORZENON, Directrice adjointe du travail \n \nEn cas d'absence ou d'emp\u00eachement de Madame Isabelle ZORZENON, l'int\u00e9rim de l'Unit\u00e9 de contr\u00f4le est assur\u00e9 \npar Monsieur Rapha\u00ebl SEROUR, Directeur adjoint du travail \n \nSection 4-01A : Madame Karine PAUVERT, Contr\u00f4leuse du Travail  \n \nMadame Caroline ROUSSEAU, Inspectrice du travail, est en charge du contr\u00f4le des \u00e9tablissements d'au moins 50 \nsalari\u00e9s.  \n \nConform\u00e9ment aux dispositions de l'article R. 8122-11 1\u00b0 du code du travail, Madame Caroline ROUSSEAU exerce \nles pouvoirs de d\u00e9cision administrative relevant de la comp\u00e9tence exclusive d'un inspecteur du travail. \n \nSection 4-02: Madame Nadia DIOP, Inspectrice du travail \n \nSection 4-03 : Monsieur Raphael PREAU, Inspecteur du travail \n \nSection 4-04 : Madame Mathilde HERMIER, Inspectrice du travail \n \nSection 4-05 F : Madame Charlotte ALLAIRE, Inspectrice du travail. \n \nSection 4-06 : Madame Maud HABERT, Inspectrice du travail \n \nSection 4-07 : Madame Caroline ROUSSEAU, Inspectrice du travail  \n \nSection 4-08 T : Madame Karine MEDAILLE, Inspectrice du travail \n \nSection 4-09 : section vacante \n \nMadame Mathilde HERMIER, Inspectrice du travail, est en charge de l'int\u00e9rim de la section. \n \n \nArticle 2 : \n \nEn cas d'absence ou d'emp\u00eachement d'un ou d'une responsable d'unit\u00e9 de contr\u00f4le d\u00e9sign\u00e9s \u00e0 l'article 1 ci-dessus, \nl'int\u00e9rim sera assur\u00e9 par un ou une autre responsable d'unit\u00e9 de contr\u00f4le de la Direction d\u00e9partementale de \nl'emploi du travail et des solidarit\u00e9s de Seine et Marne. \n \nEn cas d'absence ou d'emp\u00eachement d'un inspecteur ou d'une inspectrice du travail, l'int\u00e9rim sera \nprioritairement assur\u00e9 par un inspecteur ou inspectrice du travail affect\u00e9(e) dans la m\u00eame unit\u00e9 de contr\u00f4le ou \u00e0 \nd\u00e9faut une autre unit\u00e9 de contr\u00f4le ou par un responsable d'unit\u00e9 de contr\u00f4le dans la m\u00eame ou une autre unit\u00e9 \nde contr\u00f4le. \n \nEn cas d'absence ou d'emp\u00eachement d'un contr\u00f4leur ou d'une contr\u00f4leuse du travail, l'int\u00e9rim sera assur\u00e9 par un \ncontr\u00f4leur ou contr\u00f4leuse du travail affect\u00e9(e) dans la m\u00eame unit\u00e9 de contr\u00f4le et, en cas d'absence ou \nd'emp\u00eachement de celui-ci ou de celle-ci, par un contr\u00f4leur ou une contr\u00f4leuse du travail affect\u00e9(e) sur l'une des \nDirection r\u00e9gionale et interd\u00e9partementale de l'\u00e9conomie, de l'emploi, du travail et des solidarit\u00e9s d'\u00cele-de-France -\nIDF-2025-04-23-00001 - D\u00e9cision n\u00b0 2025-085 du 23 avril 2025\nportant affectation des agents de contr\u00f4le dans les unit\u00e9s de contr\u00f4le et gestion des int\u00e9rims de la Direction d\u00e9partementale de\nl'emploi, du travail et des solidarit\u00e9s de Seine-et-Marne\n22\n \n4 / 4 \nautres unit\u00e9s de contr\u00f4le ou, en cas d'absence ou d'emp\u00eachement, par un inspecteur du travail ou d'une \ninspectrice du travail affect\u00e9(e) dans la m\u00eame unit\u00e9 de contr\u00f4le ou une autre unit\u00e9 de contr\u00f4le ou par un \nresponsable d'unit\u00e9 de contr\u00f4le dans la m\u00eame ou une autre unit\u00e9 de contr\u00f4le. \n \n \n \n \nArticle 3 :  \n \nConform\u00e9ment aux dispositions de l'article R.8122 -10 du code du travail, les agents mentionn\u00e9s \u00e0 l'article 1 \nparticipent lorsque l'action le rend n\u00e9cessaire aux actions d'inspection de la l\u00e9gislation du travail sur le territoire \nde la Direction D\u00e9partementale de l'Emploi du Travail et des Solidarit\u00e9s de Seine et Marne \u00e0 laquelle est rattach\u00e9e \nl'Unit\u00e9 de contr\u00f4le o\u00f9 ils sont affect\u00e9s. \n \n \nArticle 4 : \n \nLa d\u00e9cision n\u00b0 2025-030 du 21 f\u00e9vrier 2025 portant affectation des agents de contr\u00f4le dans les unit\u00e9s de contr\u00f4le \net gestion des int\u00e9rims de la Direction d\u00e9partementale de l'emploi, du travail et des solidarit\u00e9s de Seine et Marne \nest abrog\u00e9e. \n \n \nArticle 5 : \n \nLa pr\u00e9sente d\u00e9cision prend effet au 1er avril 2025. \n \n \nArticle 6 : \n \nLe Directeur r\u00e9gional et interd\u00e9partemental de l'\u00e9conomie, de l'emploi, du travail et des solidarit\u00e9s d'Ile -de-\nFrance est charg\u00e9 de l'application de la pr\u00e9sente d\u00e9cision, qui sera publi\u00e9e au recueil des actes administratifs de \nla r\u00e9gion Ile-de-France. \n \n \n \nFait \u00e0 Aubervilliers, le 23 avril 2025 \n \n \nLe Directeur r\u00e9gional et interd\u00e9partemental  \nde l'\u00e9conomie, de l'emploi, du travail  \net des solidarit\u00e9s de la r\u00e9gion Ile-de-France par int\u00e9rim, \n \n SIGN\u00c9 \n \n                           Marc Rohfritsch \nDirection r\u00e9gionale et interd\u00e9partementale de l'\u00e9conomie, de l'emploi, du travail et des solidarit\u00e9s d'\u00cele-de-France -\nIDF-2025-04-23-00001 - D\u00e9cision n\u00b0 2025-085 du 23 avril 2025\nportant affectation des agents de contr\u00f4le dans les unit\u00e9s de contr\u00f4le et gestion des int\u00e9rims de la Direction d\u00e9partementale de\nl'emploi, du travail et des solidarit\u00e9s de Seine-et-Marne\n23\nDirection r\u00e9gionale et interd\u00e9partementale de\nl'\u00e9conomie, de l'emploi, du travail et des\nsolidarit\u00e9s d'\u00cele-de-France\nIDF-2025-04-23-00003\nD\u00e9cision n\u00b0 2025-086 du 23 avril 2025\nportant affectation des agents de contr\u00f4le dans\nles unit\u00e9s de contr\u00f4le\net gestion des int\u00e9rims de l'unit\u00e9\nd\u00e9partementale de la Seine-Saint-Denis\nde la DRIEETS d'\u00cele-de-France\nDirection r\u00e9gionale et interd\u00e9partementale de l'\u00e9conomie, de l'emploi, du travail et des solidarit\u00e9s d'\u00cele-de-France -\nIDF-2025-04-23-00003 - D\u00e9cision n\u00b0 2025-086 du 23 avril 2025\nportant affectation des agents de contr\u00f4le dans les unit\u00e9s de contr\u00f4le\net gestion des int\u00e9rims de l'unit\u00e9 d\u00e9partementale de la Seine-Saint-Denis\nde la DRIEETS d'\u00cele-de-France\n24\nMINISTEREDU TRAVAIL, DE LA SANTE,DES SOLIDARITESET DES FAMILLESLibert\u00e9\u00c9galit\u00e9Fraternit\u00e9\n \n \nDRIEETS d'\u00cele-de-France  \n21 rue Madeleine Vionnet  \n93 300 AUBERVILLIERS                                                                                                                                                                                                           \n \nDirection r\u00e9gionale et interd\u00e9partementale \nde l'\u00e9conomie, de l'emploi, \ndu travail et des solidarit\u00e9s \n  \n \n \n \n \nD\u00e9cision n\u00b0 2025-086 du 23 avril 2025 \nportant affectation des agents de contr\u00f4le dans les unit\u00e9s de contr\u00f4le  \net gestion des int\u00e9rims de l'unit\u00e9 d\u00e9partementale de la Seine-Saint-Denis \nde la DRIEETS d'\u00cele-de-France \n \n \nLe Directeur r\u00e9gional et interd\u00e9partemental de l'\u00e9conomie, de l'emploi, du travail et des solidarit\u00e9s \nd'\u00cele-de-France, \n \nVu le code du travail, notamment ses articles R 8122-1 et suivants ;  \n \nVu l'arr\u00eat\u00e9 interminist\u00e9riel du 20 mars 2025 nommant Marc ROHFRITSCH directeur r\u00e9gional et \ninterd\u00e9partemental de l'\u00e9conomie, de l'emploi, du travail et des solidarit\u00e9s d'\u00cele -de-France par \nint\u00e9rim \u00e0 compter du 1er avril 2025 ; \n \nVu l'arr\u00eat\u00e9 minist\u00e9riel du 25 mars 2024 portant r\u00e9partition des unit\u00e9s de contr \u00f4le de l'inspection \ndu travail ; \n \nVu la d\u00e9cision n\u00b0 2021 -28 du 1 er avril 2021 du directeur r\u00e9gional et interd\u00e9partemental de \nl'\u00e9conomie, de l'emploi, du travail et des solidarit\u00e9s d'Ile de France relative \u00e0 la localisation et \u00e0 la \nd\u00e9limitation des unit\u00e9s de contr\u00f4le et des sections d'inspection du travail de l'unit\u00e9 \nd\u00e9partementale de Seine-Saint-Denis ; \n \n \nD\u00c9CIDE : \n \n \nArticle 1 : Sont nomm\u00e9s comme responsables des unit\u00e9s de contr\u00f4le de l'unit\u00e9 d\u00e9partementale de \nla Seine-Saint-Denis, les agents suivants :  \n \nUnit\u00e9 de contr\u00f4le n\u00b0 1 : Madame Linda ABERKAN, directrice adjointe du travail \nUnit\u00e9 de contr\u00f4le n\u00b0 2 : Madame Elodie GIRON, directrice adjointe du travail   \nUnit\u00e9 de contr\u00f4le n\u00b0 3 : Madame Lynda KEHILA, directrice adjointe du travail, en cas d'absence \nou d'emp\u00eachement de Madame Lynda KEHILA, l'int\u00e9rim est assur\u00e9 par \nMadame Elodie GIRON, directrice adjointe du travail \nUnit\u00e9 de contr\u00f4le n\u00b0 4 :  Madame St\u00e9phanie CARRASSET, directrice adjointe du travail \nUnit\u00e9 de contr\u00f4le n\u00b0 5 : Madame Ingrid BURGUNDER, directrice adjointe du travail \n \nSans pr\u00e9judice des attributions des agents de contr\u00f4le affect\u00e9s en section, ils exercent une mission \nde contr\u00f4le en appui \u00e0 toutes les sections d'inspection et \u00e0 titre principal aux sections de l'unit\u00e9 \ndont ils ont la responsabilit\u00e9. \n \n \nDirection r\u00e9gionale et interd\u00e9partementale de l'\u00e9conomie, de l'emploi, du travail et des solidarit\u00e9s d'\u00cele-de-France -\nIDF-2025-04-23-00003 - D\u00e9cision n\u00b0 2025-086 du 23 avril 2025\nportant affectation des agents de contr\u00f4le dans les unit\u00e9s de contr\u00f4le\net gestion des int\u00e9rims de l'unit\u00e9 d\u00e9partementale de la Seine-Saint-Denis\nde la DRIEETS d'\u00cele-de-France\n25\n \n \n2 / 4 \n \nArticle 2 : Sont affect\u00e9s dans les sections d'inspection de l'unit\u00e9 d\u00e9partementale de la Seine-Saint-\nDenis, les agents de contr\u00f4le, charg\u00e9s des actions d'inspection de la l\u00e9gislation du travail dans les \nentreprises, dont les noms suivent : \n \nUnit\u00e9 de contr\u00f4le n\u00b0 1  \n \nSection 1-1 : Madame Sophie LE QUERE, inspectrice du travail \n \nSection 1-2 : Monsieur Camille DIQUAS, inspecteur du travail  \n \nSection 1-3 : Madame Julia INZOUDINE, inspectrice du travail \n \nSection 1-4 : Monsieur St\u00e9phane DUPOMMIER, inspecteur du travail  \n \nSection 1-5 : Madame Linda ABERKAN, directrice adjointe du travail  \n \nSection 1-6 : Monsieur Jonathan KLUR, inspecteur du travail \n \nSection 1-7 : Madame C\u00e9cile DRILLEAU, inspectrice du travail \n \nSection 1-8 : Madame St\u00e9phanie DESPLAN, inspectrice du travail \n \n \nUnit\u00e9 de contr\u00f4le n\u00b0 2  \n \nSection 2-1 :  Madame Amanda AMATE, inspectrice du travail \n \nSection 2-2 : Monsieur Ludovic LESCURE, inspecteur du travail \n \nSection 2-3 :  Madame Manon JOUGLET, inspectrice du travail  \n \nSection 2-4 : Madame Isabelle LAGARDE, inspectrice du travail \n \nSection 2-5 : Poste vacant, l'int\u00e9rim est assur\u00e9 par Monsieur Flavien CHAILLEUX, inspecteur du \ntravail \n \nSection 2-6 : Monsieur Nicolas PIREZ, inspecteur du travail \n \nSection 2-7 : Madame Olivia DOLIBEAU, inspectrice du travail \n \nSection 2-8 : Monsieur Flavien CHAILLEUX, inspecteur du travail \n \nSection 2-9 : Madame Camille PERRODIN, inspectrice du travail   \n \nSection 2-10 : Monsieur Othman VARGAS, inspecteur du travail \n \nSection 2-11 : Monsieur Vincent BOUYX, inspecteur du travail  \n \nSection 2-12 : Madame Madison FLUCHER, inspectrice du travail \n \n \n \n \nDirection r\u00e9gionale et interd\u00e9partementale de l'\u00e9conomie, de l'emploi, du travail et des solidarit\u00e9s d'\u00cele-de-France -\nIDF-2025-04-23-00003 - D\u00e9cision n\u00b0 2025-086 du 23 avril 2025\nportant affectation des agents de contr\u00f4le dans les unit\u00e9s de contr\u00f4le\net gestion des int\u00e9rims de l'unit\u00e9 d\u00e9partementale de la Seine-Saint-Denis\nde la DRIEETS d'\u00cele-de-France\n26\n \n \n3 / 4 \n \n \nUnit\u00e9 de contr\u00f4le n\u00b0 3 \n \nSection 3-1 : Madame L\u00e9na PERTUY, inspectrice du travail  \n \nSection 3-2 : Monsieur Mathieu MARQUET, inspecteur du travail \n \nSection 3-3 : Madame Asma\u00e2 EL JERRARI, inspectrice du travail  \n \nSection 3-4 : Madame Delphine GUYOMARCH, inspectrice du travail  \n \nSection 3-5 : Monsieur Simon CADY, inspecteur du travail \n \nSection 3-6 : Madame Lila RABESON, inspectrice du travail \n \nSection 3-7 : Madame Sandrine POUET, inspectrice du travail \n \nSection 3-8 : Monsieur Toufik DAHMANI, inspecteur du travail  \n \nSection 3-9 : Monsieur Samir ROCHDI, inspecteur du travail \n \nSection 3-10 : Monsieur Marc DE MAGALHAES, inspecteur du travail  \n \nSection 3-11 : Monsieur Pierre VILLERET, inspecteur du travail \n \n \nUnit\u00e9 de contr\u00f4le n\u00b0 4  \n \nSection 4-1 : Madame Charline MAINGUY, inspectrice du travail  \n \nSection 4-2 : Madame Julie COURT, directrice adjointe du travail \n \nSection 4-3 : Poste vacant, l'int\u00e9rim est assur\u00e9 par Madame Nadine TETRON, inspectrice du travail \n \nSection 4-4 : Monsieur Eddy TALBOT, inspecteur du travail  \n \nSection 4-5 : Madame Fatiha EL KHADDARI, directrice adjointe du travail \n \nSection 4-6 : Madame Marie GAILLARD MARTIN, inspectrice du travail  \n \nSection 4-7 : Monsieur Fran\u00e7ois LE FLOCH, inspecteur du travail  \n \nSection 4-8 : Monsieur Nabil EL KHANTACHE, inspecteur du travail  \n \nSection 4-9 : Madame Nadine TETRON, inspectrice du travail  \n \nSection 4-10 : Madame Hanaline BREL, inspectrice du travail  \n \n \n \n \n \n \nDirection r\u00e9gionale et interd\u00e9partementale de l'\u00e9conomie, de l'emploi, du travail et des solidarit\u00e9s d'\u00cele-de-France -\nIDF-2025-04-23-00003 - D\u00e9cision n\u00b0 2025-086 du 23 avril 2025\nportant affectation des agents de contr\u00f4le dans les unit\u00e9s de contr\u00f4le\net gestion des int\u00e9rims de l'unit\u00e9 d\u00e9partementale de la Seine-Saint-Denis\nde la DRIEETS d'\u00cele-de-France\n27\n \n \n4 / 4 \n \n \nUnit\u00e9 de contr\u00f4le n\u00b0 5  \n \nSection 5-1 : Monsieur Fr\u00e9d\u00e9ric RAKOTONIAINA, inspecteur du travail \n \nSection 5-2 : Monsieur Jules GRENET, inspecteur du travail \n \nSection 5-3 : Monsieur Vincent BOUZRAR, directeur adjoint du travail \n \nSection 5-4 : Monsieur Jean GIRAUD, inspecteur du travail \n \nSection 5-5 : Madame Ga\u00eblle BORDAS, directrice adjointe du travail \n \nSection 5-6 : Madame Ingrid LEFEBVRE-LEJEUNE, inspectrice du travail \n \nSection 5-7 : Madame Laure FOGHA-YOUMSI, inspectrice du travail  \n \nSection 5-8 : Monsieur Laurent COQUEL, inspecteur du travail  \n \nSection 5-9 : Madame Ingrid BURGUNDER, directrice adjointe du travail  \n \nArticle 3  \n \nEn cas d'absence ou d'emp\u00eachement d'un agent de contr\u00f4le, l'int\u00e9rim est assur\u00e9, \u00e0 titre principal, \npar un agent de contr\u00f4le affect\u00e9 dans la m\u00eame unit\u00e9 de contr\u00f4le ou, lorsque les circonstances le \nn\u00e9cessitent, par un agent de contr\u00f4le affect\u00e9 sur l'une des autres unit\u00e9s de contr\u00f4le de la Seine -\nSaint-Denis. \n \nArticle 4  \n \nLa pr\u00e9sente d\u00e9cision prend effet \u00e0 sa date de publication. \n \nLa d\u00e9cision n\u00b0 2025-043 du 28 mars 2025 portant affectation des agents de contr\u00f4le dans les unit\u00e9s \nde contr\u00f4le et gestion des int\u00e9rims de l'unit\u00e9 d\u00e9partementale de la Seine-Saint-Denis de la DRIEETS \nd'\u00cele-de-France est abrog\u00e9e. \n \nArticle 5  \n \nLe Directeur r\u00e9gional et interd\u00e9partemental de l'\u00e9conomie, de l'emploi, du travail et des solidarit\u00e9s \nd'Ile-de-France est charg\u00e9 de l'application de la pr\u00e9sente d\u00e9cision, qui sera publi\u00e9e au recueil des \nactes administratifs de la r\u00e9gion \u00cele-de-France.  \n \n \n \nFait \u00e0 Aubervilliers, le 23 avril 2025  \n \nLe Directeur r\u00e9gional et interd\u00e9partemental  \nde l'\u00e9conomie, de l'emploi, du travail  \net des solidarit\u00e9s,  \n \n      SIGN\u00c9 \n \nMarc ROHFRITSCH \nDirection r\u00e9gionale et interd\u00e9partementale de l'\u00e9conomie, de l'emploi, du travail et des solidarit\u00e9s d'\u00cele-de-France -\nIDF-2025-04-23-00003 - D\u00e9cision n\u00b0 2025-086 du 23 avril 2025\nportant affectation des agents de contr\u00f4le dans les unit\u00e9s de contr\u00f4le\net gestion des int\u00e9rims de l'unit\u00e9 d\u00e9partementale de la Seine-Saint-Denis\nde la DRIEETS d'\u00cele-de-France\n28\nDirection r\u00e9gionale et interd\u00e9partementale de\nl'\u00e9conomie, de l'emploi, du travail et des\nsolidarit\u00e9s d'\u00cele-de-France\nIDF-2025-04-23-00002\nD\u00e9cision n\u00b0 2025-087 du 23 avril 2025\nportant affectation des agents de contr\u00f4le dans\nles unit\u00e9s de contr\u00f4le et gestion des int\u00e9rims de\nl'Unit\u00e9 d\u00e9partementale des Hauts-de-Seine de la\nDRIEETS d'Ile-de-France\nDirection r\u00e9gionale et interd\u00e9partementale de l'\u00e9conomie, de l'emploi, du travail et des solidarit\u00e9s d'\u00cele-de-France -\nIDF-2025-04-23-00002 - D\u00e9cision n\u00b0 2025-087 du 23 avril 2025\nportant affectation des agents de contr\u00f4le dans les unit\u00e9s de contr\u00f4le et gestion des int\u00e9rims de l'Unit\u00e9 d\u00e9partementale des\nHauts-de-Seine de la DRIEETS d'Ile-de-France\n29\nMINISTEREDU TRAVAIL, DE LA SANTE,DES SOLIDARITESET DES FAMILLESLibert\u00e9\u00c9galit\u00e9Fraternit\u00e9\n \nDRIEETS Ile-de-France  \n19/21 rue Madeleine Vionnet  \n93300 AUBERVILLIERS                                                                                                                                                                                                                         \n  \nDirection r\u00e9gionale et interd\u00e9partementale \nde l'\u00e9conomie, de l'emploi, \ndu travail et des solidarit\u00e9s  \nd'Ile de France \n \n \n \n \n \nD\u00e9cision n\u00b0 2025-087 du 23 avril 2025 \nportant affectation des agents de contr\u00f4le dans les unit\u00e9s de contr\u00f4le et gestion des int\u00e9rims \nde l'Unit\u00e9 d\u00e9partementale des Hauts-de-Seine de la DRIEETS d'Ile-de-France \n \n \n \nLe Directeur r\u00e9gional et interd\u00e9partemental de l'\u00e9conomie, de l'emploi, du travail et des solidarit\u00e9s d'Ile-\nde-France par int\u00e9rim, \n \nVu le code du travail, notamment ses articles R 8122-1 et suivants.  \n \nVu l'arr\u00eat\u00e9 interminist\u00e9riel du 20 mars 2025 nommant Marc ROHFRITSCH directeur r\u00e9gional et \ninterd\u00e9partemental de l'\u00e9conomie, de l'emploi, du travail et des solidarit\u00e9s d'\u00cele -de-France par int\u00e9rim, \u00e0 \ncompter du 1er avril 2025, \n \nVu l'arr\u00eat\u00e9 minist\u00e9riel du 25 mars 2024 portant cr\u00e9ation et r\u00e9partition des unit\u00e9s de contr\u00f4le de \nl'inspection du travail,  \n \nVu la d\u00e9cision n\u00b0 2021 -25 du 1er avril 2021 du directeur r\u00e9gional et interd\u00e9partemental de l'\u00e9conomie, de \nl'emploi, du travail et des solidarit\u00e9s d'Ile de France relative \u00e0 la localisation et \u00e0 la d\u00e9limitation des unit\u00e9s \nde contr\u00f4le et des sections d'inspection du travail de l'unit\u00e9 d\u00e9partementale des Hauts-de-Seine. \n \nD\u00c9CIDE : \n \nARTICLE 1er  \n \nSont nomm\u00e9s comme responsables des unit\u00e9s de contr\u00f4le de l' unit\u00e9 d\u00e9partementale des Hauts-de-Seine \nles agents suivants : \n \n- Unit\u00e9 de contr\u00f4le n\u00b0 1 : Madame Adeline GAZZOLA, directrice adjointe du travail. \n \n- Unit\u00e9 de contr\u00f4le n\u00b0 2 : Monsieur William WYTS, directeur adjoint du travail. \n \n- Unit\u00e9 de contr\u00f4le n\u00b0 3 : Madame Sylvie GUINOT, directrice adjointe du travail.  \n \n- Unit\u00e9 de contr\u00f4le n\u00b0 4 : Madame Samya KAMALI, directrice adjoint du travail. \n \n- Unit\u00e9 de contr\u00f4le n\u00b0 5 : Madame Nathalie NAMPON, directrice adjointe du travail. \n \n- Unit\u00e9 de contr\u00f4le n\u00b0 6 : Madame Lydia SAOULI, directrice adjointe du travail. \n \n- Unit\u00e9 de contr\u00f4le n\u00b0 7 : Madame Sylvie GUINOT, directrice adjointe du travail, par int\u00e9rim.  \n \n \nDirection r\u00e9gionale et interd\u00e9partementale de l'\u00e9conomie, de l'emploi, du travail et des solidarit\u00e9s d'\u00cele-de-France -\nIDF-2025-04-23-00002 - D\u00e9cision n\u00b0 2025-087 du 23 avril 2025\nportant affectation des agents de contr\u00f4le dans les unit\u00e9s de contr\u00f4le et gestion des int\u00e9rims de l'Unit\u00e9 d\u00e9partementale des\nHauts-de-Seine de la DRIEETS d'Ile-de-France\n30\n \n2 / 6 \nARTICLE 2  \n \nSans pr\u00e9judice des dispositions de l'article R.8122-10-I du code du travail et conform\u00e9ment aux dispositions \nde l'article R.8122-11 du code du travail encadrant la r\u00e9partition organisationnelle des contr\u00f4les et juridique \nrelative aux d\u00e9cisions administratives et pouvoirs relevant de la comp\u00e9tence exclusive des inspecteurs du \ntravail dans les sections confi\u00e9es \u00e0 un contr\u00f4leur du travail, sont affect\u00e9s dans les sections d'inspection de \nl'unit\u00e9 d\u00e9partementale des Hauts-de-Seine les agents suivants : \n \nUnit\u00e9 de contr\u00f4le n\u00b0 1 \n \nSection 1-1 : Madame Delphine SARRASIN, inspectrice du travail.  \n \nSection 1-2 : Monsieur Virgile GARSMEUR, inspecteur du travail. \n \nSection 1-3 : Madame Leslie SALATA, inspectrice du travail. \n \nSection 1- 4 : Madame Val\u00e9rie LABATUT, inspectrice du travail.   \n \nSection 1-5 : Madame Christine ONNEE, inspectrice du travail. \n \nSection 1-6 : Madame Lisa ROUZIER, inspectrice du travail. \n \nSection 1-7 : Madame Christine ONNEE, inspectrice du travail, par int\u00e9rim.  \n \nSection 1-8 : Madame Suzanne BRUNELLI, inspectrice du travail. \n \nUnit\u00e9 de contr\u00f4le n\u00b0 2 \n \nSection 2-1 : Madame Caroline COLIN, inspectrice du travail. \n \nMadame Caroline COLIN  est \u00e9galement comp\u00e9tente pour le contr\u00f4le des \u00e9tablissements de transports \nroutiers situ\u00e9s 26, quai Charles Pasqua \u00e0 Levallois-Perret. \n \nSection 2-2 : Monsieur Timoth\u00e9e MASSON, inspecteur du travail. \n \nSection 2-3 : Monsieur Th\u00e9o NUGUES-SCHONFELD, inspecteur du travail. \n \nSection 2-4 : Monsieur Farouk DJEBARA, inspecteur du travail. \n \nSection 2-5 : Madame Manon DEMIGNE, inspectrice du travail. \n \nSection 2-6 : Monsieur Nolit DASYLVA, inspecteur du travail.  \n \nSection 2-7 : Monsieur Farouk DJEBARA, inspecteur du travail, par int\u00e9rim. \n \nSection 2-8 : Madame Marie-Agn\u00e8s YAPO, inspectrice du travail. \n \nSection 2 -9 : Madame Marjorie CARO , inspectr ice du travail.  En cas d'emp\u00eachement, Mme Manon \nDEMIGNE. \n \nSection 2-10 : Monsieur Nolit DASYLVA, inspecteur du travail, par int\u00e9rim. \n \nSection 2-11 : Monsieur Nosr-Eddine SEGHILI, inspecteur du travail. \nDirection r\u00e9gionale et interd\u00e9partementale de l'\u00e9conomie, de l'emploi, du travail et des solidarit\u00e9s d'\u00cele-de-France -\nIDF-2025-04-23-00002 - D\u00e9cision n\u00b0 2025-087 du 23 avril 2025\nportant affectation des agents de contr\u00f4le dans les unit\u00e9s de contr\u00f4le et gestion des int\u00e9rims de l'Unit\u00e9 d\u00e9partementale des\nHauts-de-Seine de la DRIEETS d'Ile-de-France\n31\n \n3 / 6 \n \nSection 2-12 : Monsieur Youssef CHEHADY, inspecteur du travail. \n \nUnit\u00e9 de contr\u00f4le n\u00b0 3 \n \nSection 3-1 : Madame St\u00e9phanie QUECHON, inspectrice du travail. \n \nSection 3-2 : Monsieur Guillaume THENOZ, inspecteur du travail, par int\u00e9rim. \n \nSection 3-3 : Monsieur Ronan LE VERGE, inspecteur du travail. \n \nSection 3-4 : Monsieur Guillaume THENOZ, inspecteur du travail. \n \nSection 3-5 : Monsieur Simon MAES, inspecteur du travail. \n \nSection 3-6 : Madame Sylvie BOBIN, inspectrice du travail.  \n \nSection 3-7 : Madame St\u00e9phanie HUDE, inspectrice du travail.  \n \nSection 3-8 : Monsieur Fr\u00e9d\u00e9ric PICARD, inspecteur du travail. \n \nSection 3-9 : Monsieur Philippe GARNEAU, contr\u00f4leur du travail. \n \nMadame Sylvie BOBIN , inspectrice du travail, est charg\u00e9 e du contr\u00f4le des \u00e9tablissements d'au moins 50 \nsalari\u00e9s. \nElle est en outre comp\u00e9tent e sur cette section pour prendre les d\u00e9cisions relevant de la comp\u00e9tence \nexclusive de l'inspecteur du travail en vertu de dispositions l\u00e9gislatives ou r\u00e9glementaires.  \n \nSection 3-10 : Monsieur Gaspard CHEVRIER, inspecteur du travail. \n \nSection 3-11 : Madame St\u00e9phanie QUECHON, inspectrice du travail, par int\u00e9rim. \n \nSection 3-12 : Madame Jeanne GRAFFION, inspectrice du travail. \n \nUnit\u00e9 de contr\u00f4le n\u00b0 4 \n \nSection 4 -1 : Monsieur S\u00e9bastien DECROIX , inspect eur du travail . En cas d'emp\u00eachement, M onsieur \nMathieu DUCELIER, inspecteur du travail. \n \nSection 4-2 : Madame B\u00e9n\u00e9dicte MALAVASI, inspectrice du travail. \n \nSection 4-3 : Monsieur Mathieu DUCELIER, inspecteur du travail. \n \nSection 4-4 : Madame B\u00e9n\u00e9dicte MALAVASI, inspectrice du travail, par int\u00e9rim. \n \nSection 4-5 : Madame Martine JULAUD, inspectrice du travail.  \n \nSection 4-6 : Monsieur Camille ROCHEDREUX, inspecteur du travail.  \n \nSection 4-7 : Madame Anna TCHADJA-ADJE, inspectrice du travail. \n \nSection 4-8 : Monsieur Simon MAUGER, inspecteur du travail. \n \nDirection r\u00e9gionale et interd\u00e9partementale de l'\u00e9conomie, de l'emploi, du travail et des solidarit\u00e9s d'\u00cele-de-France -\nIDF-2025-04-23-00002 - D\u00e9cision n\u00b0 2025-087 du 23 avril 2025\nportant affectation des agents de contr\u00f4le dans les unit\u00e9s de contr\u00f4le et gestion des int\u00e9rims de l'Unit\u00e9 d\u00e9partementale des\nHauts-de-Seine de la DRIEETS d'Ile-de-France\n32\n \n4 / 6 \nSection 4-9 : Madame In\u00e8s WERTHEIMER, inspectrice du travail. \n \nSection 4-10 : Monsieur Beno\u00eet GOUEL, inspecteur du travail.  \n \nSection 4-11 : Madame Aur\u00e9lie LEHOUX, inspectrice du travail. \n \nSection 4-12 : Monsieur Richard BOUDET, inspecteur du travail. \n \nSection 4-13 : Monsieur Richard BOUDET, inspecteur du travail, par int\u00e9rim. \n \nUnit\u00e9 de contr\u00f4le n\u00b0 5 \n \nSection 5 -1 : Monsieur St\u00e9phane GRIMALDI, inspecteur du travail.  En cas d'emp\u00eachement, Madame \nNathalie NAMPON, directrice adjointe du travail. \n \nSection 5-2 : Monsieur Benoit CHOPPIN, inspecteur du travail.  \n \nSection 5-3 : Monsieur Gwendal HELARY, inspecteur du travail, par int\u00e9rim.  \n \nSection 5-4 : Madame Alexia JOUZEL, inspectrice du travail. \n \nSection 5-5 : Monsieur David BLOYS, contr\u00f4leur du travail. \n \nMadame Alexia JOUZEL, inspectrice du travail, est charg\u00e9 e du contr\u00f4le des \u00e9tablissements d'au moins 50 \nsalari\u00e9s. \nElle est en outre comp\u00e9tent e sur cette section pour prendre les d\u00e9cisions relevant de la comp\u00e9tence \nexclusive de l'inspecteur du travail en vertu de dispositions l\u00e9gislatives ou r\u00e9glementaires, par int\u00e9rim.  \n \nSection 5-6 : Monsieur Lazare TSALA, inspecteur du travail. \n \nSection 5-7 : Madame Audrey RAMASAWMY, contr\u00f4leur du travail.  Madame Audrey RAMASAWMY est en \noutre comp\u00e9tente pour les chantiers de la section 5-1. \n \nMadame Anne-V\u00e9ronique PENSEREAU, inspectrice du travail, est charg\u00e9e du contr\u00f4le des \u00e9tablissements \nd'au moins 50 salari\u00e9s. \nElle est en outre comp\u00e9tente sur cette section pour prendre, les d\u00e9cisions relevant de la comp\u00e9tence \nexclusive de l'inspecteur du travail en vertu de dispositions l\u00e9gislatives ou r\u00e9glementaires.  \n \nSection 5-8 : Madame Anne-V\u00e9ronique PENSEREAU, inspectrice du travail. \n \nSection 5-9 : Madame Francine LAURENT, inspectrice du travail. \n \nSection 5-10 : Madame Camille LARBANET-MONTUSCLAT, inspectrice du travail. \n \nSection 5-11 : Monsieur Gwendal HELARY, inspecteur du travail. \n \nUnit\u00e9 de contr\u00f4le n\u00b0 6 \n \nSection 6-1 : Monsieur Joris MONIER, inspecteur du travail. \n \nSection 6-2 : Madame Audrey COLLOBERT-MASSA, inspectrice du travail. \n \nSection 6-3 : Madame Laure BONDUELLE, inspectrice du travail. \nDirection r\u00e9gionale et interd\u00e9partementale de l'\u00e9conomie, de l'emploi, du travail et des solidarit\u00e9s d'\u00cele-de-France -\nIDF-2025-04-23-00002 - D\u00e9cision n\u00b0 2025-087 du 23 avril 2025\nportant affectation des agents de contr\u00f4le dans les unit\u00e9s de contr\u00f4le et gestion des int\u00e9rims de l'Unit\u00e9 d\u00e9partementale des\nHauts-de-Seine de la DRIEETS d'Ile-de-France\n33\n \n5 / 6 \n \nSection 6-4 : Madame Audrey COLLOBERT-MASSA, inspectrice du travail, par int\u00e9rim.  \n \nSection 6-5 : Madame Laurence LEPROVOST, inspectrice du travail. \n \nSection 6-6 : Monsieur William RICHETON, inspecteur du travail. \n \nSection 6-7 : Monsieur Farid OUNISSI, inspecteur du travail. \n \nSection 6-8 : Monsieur Gilles FERNANDES, inspecteur du travail. \n \nSection 6-9 : Monsieur Hubert GOURDET, inspecteur du travail. En cas d'emp\u00eachement, Madame Laurence \nLEPROVOST, inspectrice du travail. \n \nUnit\u00e9 de contr\u00f4le n\u00b0 7 \n \nSection 7-1 : Madame Soizic DUPIRE, inspectrice du travail.  \n \nSection 7-2 : Madame Lise FRIQUET, inspectrice du travail. \n \nSection 7-3 : Madame Anne Charlotte BONNEFONT, inspectrice du travail. \n \nSection 7-4 : Madame Oc\u00e9ane DELATTRE, inspectrice du travail. \n \nSection 7-5 : Monsieur Jean-Fran\u00e7ois GOS, inspecteur du travail. \n \nSection 7-6 : Madame Sophie ALGALARRONDO, inspectrice du travail. \n \nSection 7-7 : Monsieur Ludovic FOLY, inspecteur du travail. \n \nSection 7-8 : Monsieur Norbert MAHON, inspecteur du travail.  \n \nSection 7-9 : Madame M\u00e9lina SIERRA, inspectrice du travail.  \n \nARTICLE 3 \n \nEn cas d'absence ou d'emp\u00eachement d'un directeur adjoint du travail, d'un inspecteur ou contr\u00f4leur du \ntravail charg\u00e9 des actions d'inspection de la l\u00e9gislation du travail dans les sections d'inspection du travail \nen application de l'article 2, l'int\u00e9rim est organis\u00e9 selon les modalit\u00e9s ci -apr\u00e8s : \n \n- Int\u00e9rim des directeurs-adjoints du travail et des inspecteurs du travail : \n \nL'int\u00e9rim d'un directeur -adjoint du travail ou d'un inspecteur du travail absent ou emp\u00each\u00e9 sera \nprioritairement assur\u00e9 par un inspecteur du travail charg\u00e9 des actions d'inspection de la l\u00e9gislation du \ntravail dans les sections d'inspection du travail, en application de l'article 2, \u00e0 d\u00e9faut par un responsable \nd'unit\u00e9 de contr\u00f4le d\u00e9sign\u00e9 \u00e0 l'article 1 et le cas \u00e9ch\u00e9ant par un contr\u00f4leur du travail, tous deux charg\u00e9s \ndes actions d'inspection de la l\u00e9gislation du travail dans les sections d'inspection du travail, en application \nde l'article 2 pour les \u00e9tablissements de moins de 50 salari\u00e9s. \n \n \n \n \n \nDirection r\u00e9gionale et interd\u00e9partementale de l'\u00e9conomie, de l'emploi, du travail et des solidarit\u00e9s d'\u00cele-de-France -\nIDF-2025-04-23-00002 - D\u00e9cision n\u00b0 2025-087 du 23 avril 2025\nportant affectation des agents de contr\u00f4le dans les unit\u00e9s de contr\u00f4le et gestion des int\u00e9rims de l'Unit\u00e9 d\u00e9partementale des\nHauts-de-Seine de la DRIEETS d'Ile-de-France\n34\n \n6 / 6 \n- Int\u00e9rim des contr\u00f4leurs du travail : \n \nL'int\u00e9rim d'un contr\u00f4leur du travail absent ou emp\u00each\u00e9 sera assur\u00e9 par un inspecteur du travail ou un \ncontr\u00f4leur du travail charg\u00e9 des actions d'inspection de la l\u00e9gislation du travail dans les sections \nd'inspection du travail, en application de l'article 2. Lorsque l'int\u00e9rim est assur\u00e9 par un contr\u00f4leur du travail, \nles pouvoirs de d\u00e9cision administrative relevant de la comp\u00e9tence exclusive d'un inspecteur du travail sont \nconfi\u00e9s \u00e0 un inspecteur du travail charg\u00e9 des actions d'inspection de la l\u00e9gislation d u travail dans les \nsections d'inspection du travail en application de l'article 2 ou \u00e0 un responsable d'unit\u00e9 de contr\u00f4le d\u00e9sign\u00e9 \n\u00e0 l'article 1, auxquels le contr\u00f4le des \u00e9tablissements de plus de 50 salari\u00e9s peut \u00eatre confi\u00e9.  \n \nARTICLE 4  \n \nEn cas d'absence ou d'emp\u00eachement d'un des responsables d'unit\u00e9 de contr\u00f4le d\u00e9sign\u00e9s \u00e0 l'article 1, \nl'int\u00e9rim est confi\u00e9 prioritairement \u00e0 un autre responsable d'unit\u00e9 de contr\u00f4le d\u00e9sign\u00e9s \u00e0 l'article 1, \u00e0 d\u00e9faut \n\u00e0 Monsieur J\u00e9r\u00f4me SAJOT, directeur du travail. \n \nARTICLE 5  \n \nConform\u00e9ment aux dispositions de l'article R.8122-10 du code du travail, les agents mentionn\u00e9s aux articles \n1 et 2 participent, lorsque l'action le rend n\u00e9cessaire, aux actions d'inspection de la l\u00e9gislation du travail \nsur le territoire de l'Unit\u00e9 d\u00e9partem entale de la DRIEETS \u00e0 laquelle est rattach\u00e9e l'unit\u00e9 de contr\u00f4le o\u00f9 ils \nsont affect\u00e9s. \n \nARTICLE 6 \n \nLa pr\u00e9sente d\u00e9cision prend effet \u00e0 la date de sa publication et abroge la d\u00e9cision n\u00b0 2025- 045 du 25 mars \n2025 portant affectation des agents de contr\u00f4le dans les unit\u00e9s de contr\u00f4le et gestion des int\u00e9rims de \nl'unit\u00e9 d\u00e9partementale des Hauts-de-Seine de la DRIEETS d'Ile-de-France. \n \nARTICLE 7 \n \nLe Directeur r\u00e9gional et interd\u00e9partemental de l'\u00e9conomie, de l'emploi, du travail et des solidarit\u00e9s d'Ile -\nde-France par int\u00e9rim est charg\u00e9 de l'application de la pr\u00e9sente d\u00e9cision, qui sera publi\u00e9e au recueil des \nactes administratifs de la r\u00e9gion Ile-de-France.  \n \n \n \nFait \u00e0 Aubervilliers, le 23 avril 2025 \n \nLe directeur r\u00e9gional et interd\u00e9partemental de \nl'\u00e9conomie, de l'emploi, du travail et des solidarit\u00e9s \npar int\u00e9rim, \n \nSIGN\u00c9 \n \nMarc ROHFRITSCH \nDirection r\u00e9gionale et interd\u00e9partementale de l'\u00e9conomie, de l'emploi, du travail et des solidarit\u00e9s d'\u00cele-de-France -\nIDF-2025-04-23-00002 - D\u00e9cision n\u00b0 2025-087 du 23 avril 2025\nportant affectation des agents de contr\u00f4le dans les unit\u00e9s de contr\u00f4le et gestion des int\u00e9rims de l'Unit\u00e9 d\u00e9partementale des\nHauts-de-Seine de la DRIEETS d'Ile-de-France\n35","date":"2025-04-24","first_seen_on":"2025-04-24T16:35:04+00:00","id":"06efa250aa85f7f6d4ffcc78edf53e4862d60c3235c110f54ffa02a6b6fc0de1","name":"recueil-idf-053-2025-04-RAA-nominatifs du 24.04.2025","pdf_creation_date":"2025-04-24T14:59:24+00:00","pdf_modification_date":null,"timezone":"Europe/Paris","url":"https://www.prefectures-regions.gouv.fr/ile-de-france/irecontenu/telechargement/127261/939217/file/recueil-idf-053-2025-04-RAA-nominatifs%20du%2024.04.2025.pdf"}
