{"administration":"pref80","administration_name":"Pr\u00e9fecture de la Somme","content":"PR\u00c9FET\nDE LA SOMME\nRECUEIL DES ACTES\nADMINISTRATIFS SP\u00c9CIAL\nN\u00b02025-003\nPUBLI\u00c9 LE  4 JANVIER 2025\nSommaire\nDirection D\u00e9partementale des Territoires et de la Mer /\n80-2025-01-04-00002 - Arr\u00eat\u00e9 portant r\u00e9glementation de la circulation\nrouti\u00e8re r\u00e9seau secondaire Somme (2 pages) Page 3\nPr\u00e9fecture de la zone de d\u00e9fense et de s\u00e9curit\u00e9 du Nord /\n80-2025-01-04-00001 - Arr\u00eat\u00e9 portant r\u00e9glementation de la circulation\nrouti\u00e8re autoroutes et routes nationales zone Nord (2 pages) Page 6\n2\nDirection D\u00e9partementale des Territoires et de\nla Mer\n80-2025-01-04-00002\nArr\u00eat\u00e9 portant r\u00e9glementation de la circulation\nrouti\u00e8re r\u00e9seau secondaire Somme\nDirection D\u00e9partementale des Territoires et de la Mer - 80-2025-01-04-00002 - Arr\u00eat\u00e9 portant r\u00e9glementation de la circulation routi\u00e8re\nr\u00e9seau secondaire Somme 3\nE 3\nPR\u00c9FET\nDE LA SOMME\nLibert\u00e9\nEgatit\u00e9\nFraternit\u00e9Direction  d\u00e9partementale\ndes  territoires  et de la mer\nde la SommeEE\nAgir  - Mobilis:tT\ner + Acc\u00e9l\u00e9re\nARR\u00caT\u00c9\nPortant r\u00e9glementation de la circulation routi\u00e8re \nLE PR\u00c9FET DE LA SOMME\nCHEVALIER DE LA L\u00c9GION D'HONNEUR\nVu le code de la voirie routi\u00e8re  ;\nVu le code de la route  ;\nVu le code g\u00e9n\u00e9ral des collectivit\u00e9s territoriales  ;\nVu le code de la d\u00e9fense  ;\nVu le code p\u00e9nal ;\nVu le code de la s\u00e9curit\u00e9 int\u00e9rieur  ;\nVu le d\u00e9cret n\u00b02004-374 du 29 avril 2004  modifi\u00e9 relatif aux pouvoirs des pr\u00e9fets, \u00e0 l'organisation et \u00e0\nl'action des services de l'\u00c9tat dans les r\u00e9gions et les d\u00e9partements  ;\nVu le d\u00e9cret n\u00b02005-1499 du 5 d\u00e9cembre 2005 relatif \u00e0 la consistance du r\u00e9seau national  ;\nVu  le  d\u00e9cret  du  29  d\u00e9cembre  2022  portant  nomination  de  Monsieur  Silv\u00e8re  SAY,  sous-pr\u00e9fet  de\nMontdidier ;\nVu le d\u00e9cret du  13  juillet 2023 portant  nomination du pr\u00e9fet de la Somme, M. Rollon MOUCHEL-\nBLAISOT \u00e0 compter du 24 juillet 2023  ;\nVu  l'arr\u00eat\u00e9  interminist\u00e9riel  du  24  novembre  1967  modifi\u00e9  relatif  \u00e0  la  signalisation  des  routes  et\nautoroutes ;\nVu l'arr\u00eat\u00e9 interminist\u00e9riel du 4 mai 2006 modifi\u00e9 relatif aux transports exceptionnels de marchandises,\nd'engins ou de v\u00e9hicules et ensembles de v\u00e9hicules comportant plus d'une remorque  ;\nVu l'arr\u00eat\u00e9 du pr\u00e9fet de la zone de d\u00e9fense et de s\u00e9curit\u00e9 Nord n\u00b0 04/01/2025-1 portant r\u00e9glementation\nde la circulation routi\u00e8re du 4 janvier 2025  ; \nVu l'arr\u00eat\u00e9 pr\u00e9fectoral du 12 octobre 2018 relatif \u00e0 la gestion des \u00e9v\u00e9nements zonaux de circulation\nrouti\u00e8re en zone de d\u00e9fense et de s\u00e9curit\u00e9 Nord  ;\nVu l'arr\u00eat\u00e9 pr\u00e9fectoral du 15 janvier 2024 portant d\u00e9l\u00e9gation de signature \u00e0 M. Silv\u00e8re SAY, sous-pr\u00e9fet\nde Montdidier lors des permanences des sous-pr\u00e9fets  ;\nVu le bulletin de vigilance orange pour neige-verglas dans le d\u00e9partement de la Somme \u00e9mis par M\u00e9t\u00e9o\nFrance le 4 janvier 2025 \u00e0 6h04, actualis\u00e9 \u00e0 10h05  ;\nConsid\u00e9rant les difficult\u00e9s de circulation pr\u00e9visibles dans le d\u00e9partement  ;\nConsid\u00e9rant  les perturbations  qui  peuvent  en d\u00e9couler,  et  la n\u00e9cessit\u00e9 d'assurer  la s\u00e9curit\u00e9 de la\ncirculation routi\u00e8re dans l'int\u00e9r\u00eat de l'ordre public ;\nConsid\u00e9rant  qu'il  revient  aux  pr\u00e9fets  des  d\u00e9partements  concern\u00e9s  par  l'arr\u00eat\u00e9  pr\u00e9fectoral\nn\u00b004/01/2025-1  d'accompagner  ces  dispositions  zonales  par  des  mesures  compl\u00e9mentaires  ou\nd\u00e9rogatoires sur tout ou partie du r\u00e9seau routier du d\u00e9partement  ; \nSur proposition du cadre de permanence de la direction d\u00e9partementale des territoires et de la mer de\nla Somme ;\nDirection D\u00e9partementale des Territoires et de la Mer - 80-2025-01-04-00002 - Arr\u00eat\u00e9 portant r\u00e9glementation de la circulation routi\u00e8re\nr\u00e9seau secondaire Somme 4\nARR\u00caTE\nArticle 1er. \u2013 \nLa vitesse des v\u00e9hicules \u00e0 moteur  est limit\u00e9e \u00e0 :\n- 90 km/h pour les routes normalement r\u00e9glement\u00e9es \u00e0 110 km/h  ;\n- 80 km/h pour les routes normalement r\u00e9glement\u00e9es \u00e0 90km/h  ;\n- 70 km/h pour les routes normalement r\u00e9glement\u00e9es \u00e0 80 km/h  ;\nsur l'ensemble des routes du r\u00e9seau secondaire du d\u00e9partement de la Somme.\nLes dispositions d\u00e9finies par le pr\u00e9sent article prennent effet \u00e0 compter du 4 janvier 2025 \u00e0 19h00\njusqu'au 5 janvier 2025 \u00e0 6h00. \nArticle 2. -\nLes man\u0153uvres de d\u00e9passement sont interdites  sur l'ensemble des routes du r\u00e9seau secondaire du\nd\u00e9partement de la Somme  pour les v\u00e9hicules \u00e0 moteur dont le  poids total autoris\u00e9 en charge est\nsup\u00e9rieur \u00e0 3,5 tonnes. \nLes dispositions d\u00e9finies par le pr\u00e9sent article prennent effet \u00e0 compter du 4 janvier 2025 \u00e0 19h00\njusqu'au 5 janvier 2025 \u00e0 6h00.\nArticle   3  .   \u2013 \nLa circulation des v\u00e9hicules \u00e0 moteur dont le poids total autoris\u00e9 en charge est sup\u00e9rieur \u00e0 7 ,5 tonnes,\net dont l'objet est le transport de betteraves, est interdite \u00e0 compter du 4 janvier 2025 \u00e0 19h00 jusqu'au\n5 janvier 2025 \u00e0 6h00. \nArticle   4  .   \u2013 \nLe pr\u00e9sent arr\u00eat\u00e9 sera publi\u00e9 au recueil des actes administratifs de la Pr\u00e9fecture de la Somme.\nArticle   5  .   \u2013 \nLe pr\u00e9sent arr\u00eat\u00e9 peut faire l'objet d'un recours contentieux devant le tribunal administratif d'Amiens,\npar voie postale (14 Rue Lemerchier, 80000 Amiens) ou par voie \u00e9lectronique ( www.telerecours.fr ) dans\nun d\u00e9lai de deux mois \u00e0 compter de sa publication.\nDurant ce d\u00e9lai de deux mois, un recours gracieux peut \u00eatre exerc\u00e9 aupr\u00e8s de l'autorit\u00e9 pr\u00e9fectorale. Ce\nrecours gracieux interrompt le d\u00e9lai de recours contentieux qui ne courra \u00e0 nouveau qu'\u00e0 compter de la\nr\u00e9ponse de l'administration, \u00e9tant pr\u00e9cis\u00e9 que le silence gard\u00e9 pendant plus de deux mois sur une\nr\u00e9clamation ou un recours administratif vaut d\u00e9cision de rejet.\nArticle   6  .   \u2013 Le Pr\u00e9fet, le Directeur d\u00e9partemental des territoires et de la mer de la Somme, le Directeur\ng\u00e9n\u00e9ral  des  infrastructures,  des  transports  et  des  mobilit\u00e9s,  le  Commandant  du  Groupement  de\nGendarmerie de la Somme, s ont charg\u00e9s, chacun en ce qui le concerne, de l'ex\u00e9cution du pr\u00e9sent\narr\u00eat\u00e9.\nAmiens, le 04/01/25\n    \nPour le pr\u00e9fet et par d\u00e9l\u00e9gation,\nLe sous-pr\u00e9fet de permanence,\nSilv\u00e8re SAY\nDirection D\u00e9partementale des Territoires et de la Mer - 80-2025-01-04-00002 - Arr\u00eat\u00e9 portant r\u00e9glementation de la circulation routi\u00e8re\nr\u00e9seau secondaire Somme 5\nPr\u00e9fecture de la zone de d\u00e9fense et de s\u00e9curit\u00e9\ndu Nord\n80-2025-01-04-00001\nArr\u00eat\u00e9 portant r\u00e9glementation de la circulation\nrouti\u00e8re autoroutes et routes nationales zone\nNord\nPr\u00e9fecture de la zone de d\u00e9fense et de s\u00e9curit\u00e9 du Nord - 80-2025-01-04-00001 - Arr\u00eat\u00e9 portant r\u00e9glementation de la circulation\nrouti\u00e8re autoroutes et routes nationales zone Nord 6\nm \u00ab Pr\u00e9fecture  de  la zone  de  d\u00e9fense\nH\u00c9\u00c9ET  et de  s\u00e9curit\u00e9\nDE LA ZONE  Nord\nDE D\u00c9FENSE\nET DE S\u00c9CURIT\u00c9\nNORD\nLibert\u00e9\nlgalit\u00e9\nLraternite\nArr\u00e9t\u00e9  n\u00b0 04/01/2025-1\nportant  r\u00e9glementation  de la circulation  routi\u00e9re\nLe Pr\u00e9fet  de zone  de d\u00e9fense  et de s\u00e9curit\u00e9  Nord\nLe Pr\u00e9fet  de la r\u00e9gion  Hauts-de-France\nPr\u00e9fet  du Nord\nVu le code  de la route  ;\nVu le code  g\u00e9n\u00e9ral  des  collectivit\u00e9s  territoriales  ;\nVu le code  de la d\u00e9fense  ;\nVu le code  p\u00e9nal  ;\nVu le code  de la s\u00e9curit\u00e9  int\u00e9rieure  :\nVu le d\u00e9cret  n\u00b0 2004-374  du 29 avril  2004,  modifi\u00e9,  relatif  aux  pouvoirs  des  pr\u00e9fets,  a organisation\net \u00e0 l'action  des  services  de l'\u00c9tat  dans  les r\u00e9gions  et d\u00e9partements  :\nVu le d\u00e9cret  du pr\u00e9sident  de la r\u00e9publique  du 17 janvier  2024  portant  nomination  de monsieur\nBertrand  GAUME  en qualit\u00e9  de pr\u00e9fet  de la r\u00e9gion  Hauts-de-France,  pr\u00e9fet  de la zone  de d\u00e9fense\net de s\u00e9curit\u00e9  Nord,  pr\u00e9fet  du Nord  :\nVu l'arr\u00eat\u00e9  interminist\u00e9riel  du 24 novembre  1967  modifi\u00e9  relatif  \u00e0 la signalisation  des  routes  et des\nautoroutes  ;\nVu l'arr\u00eat\u00e9  interminist\u00e9riel  du 4 mai  2006  modifi\u00e9  relatif  aux  transports  exceptionnels  de\nmarchandises,  d'engins  ou de v\u00e9hicules  et ensembles  de v\u00e9hicules  comportant  plus  d'une  remorque.\nVu l'arr\u00eat\u00e9  pr\u00e9fectoral  du 12 octobre  2018  relatif  \u00e0 la gestion  des  \u00e9v\u00e9nements  zonaux  de circulation\nrouti\u00e8re  en zone  de d\u00e9fense  et de s\u00e9curit\u00e9  Nord  ;\nVu le bulletin  de vigilance  orange  pour  neige-verglas  dans  les d\u00e9partements  de l'Aisne,  du Nord,  de\nl'Oise,  du Pas-de-Calais  et de la Somme  \u00e9mis  par M\u00e9t\u00e9o  France  en date  du 4 janvier  2025  \u00e0 6h04,\nactualis\u00e9  \u00e0 10h05  ;\nConsid\u00e9rant  les difficult\u00e9s  de circulation  pr\u00e9visibles  dans  les d\u00e9partements  de l'Aisne,  du Nord,  de\nl'Oise,  du Pas-de-Calais  et de la Somme  :\nConsid\u00e9rant  les perturbations  qui peuvent  en d\u00e9couler,  et la n\u00e9cessit\u00e9  d'assurer  la s\u00e9curit\u00e9  de la\ncirculation  routi\u00e8re  dans  l'int\u00e9r\u00eat  de l'ordre  public  ;\nSur  proposition  de M. le directeur  r\u00e9gional  de l'environnement,  de l'am\u00e9nagement  et du logement\ndes  Hauts-de-France  ;:\npage  1/2\nPr\u00e9fecture de la zone de d\u00e9fense et de s\u00e9curit\u00e9 du Nord - 80-2025-01-04-00001 - Arr\u00eat\u00e9 portant r\u00e9glementation de la circulation\nrouti\u00e8re autoroutes et routes nationales zone Nord 7\nARRETE\nArticle  1\u00b0\nLa vitesse  des  v\u00e9hicules  a moteur  dont  le poids  total  autoris\u00e9  en charge  (PTAC)  est inf\u00e9rieur  a 3,5\ntonnes  est limit\u00e9e,  dans  les d\u00e9partements  de l'Aisne,  du Nord,  de l'Oise,  du Pas-de-Calais  et de la\nSomme  :\n* a110  km/h  sur les portions  d'autoroute  normalement  limit\u00e9es  \u00e0 130  km/h:\n+ a90  km/h  sur les portions  d'autoroute  et routes  nationales  normalement  limit\u00e9es  \u00e0 110  km/h.\nArticle  2\nLes  man\u0153uvres  de d\u00e9passement  sont  interdites  et la vitesse  maximale  autoris\u00e9e  est limit\u00e9e  \u00e0 80\nkm/h  pour  les v\u00e9hicules  \u00e0 moteur  dont  le poids  total  autoris\u00e9  en charge  (PTAC)  est sup\u00e9rieur  \u00e0 3,5\ntonnes,  sur l'ensemble  des  routes  nationales  et autoroutes  situ\u00e9es  dans  les d\u00e9partements  de l'Aisne,\ndu Nord,  de l'Oise,  du Pas-de-Calais  et de la Somme.\nArticle  3\nll appartient  aux  pr\u00e9fets  des  d\u00e9partements  concern\u00e9s,  le cas  \u00e9ch\u00e9ant,  apr\u00e8s  coordination  avec  le\nCOZ  Nord,\nd'accompagner  ces  dispositions  zonales  par  des  mesures  compl\u00e9mentaires  ou d\u00e9rogatoires  sur tout\nou partie  du r\u00e9seau  routier  du d\u00e9partement.\nArticle  4\nLes  dispositions  d\u00e9finies  par  le pr\u00e9sent  arr\u00eat\u00e9  prennent  effet  \u00e0 compter  du 4 janvier  2025  \u00e0 19h00\njusqu'au  5 janvier  2025  \u00e0 6h00.\nArticle  5\nLes  pr\u00e9fets  des  d\u00e9partements  de l'Aisne,  du Nord,  de l'Oise,  du Pas-de-Calais  et de la Somme,  les\ncommandants  des  groupements  de gendarmerie  d\u00e9partementaux  de l'Aisne,  du Nord,  de l'Oise,  du\nPas-de-Calais  et de la Somme,  le directeur  zonal  des  CRS,  les directeurs  de la DIR  Nord  et de\nSANEF  sont  charg\u00e9s,  chacun  en ce qui le concerne,  de l'ex\u00e9cution  du pr\u00e9sent  arr\u00eat\u00e9.\nArticle  6\nLe pr\u00e9sent  arr\u00eat\u00e9  sera  publi\u00e9  au recueil  des  actes  administratifs  de chacun  des  d\u00e9partements\nconcern\u00e9s  et copie  en sera  adress\u00e9e  aux  services  mentionn\u00e9s  \u00e0 l'article  5.\nFait  \u00e0 Lille,  le 4 janvier  2025\nLe pr\u00e9fet  de zone\n# \\\nBertrand  GAUME4\nConform\u00e9ment  aux  dispositions  des  articles  R 421.-1  et R 421-5  du code  de justice  administrative,  la pr\u00e9sente  d\u00e9cision  peut  faire  l'objet\nd'un  recours  contentieux  devant  le tribunal  administratif  dans  le d\u00e9lai  de 2 mois  \u00e0 compter  de sa publication.  Le tribunal  administratif  peut\n\u00eatre  saisi  par  l'application  T\u00e9l\u00e9recours  citoyen  accessible  sur  le site  www.telerecours.fr\".\npage  2/2\nPr\u00e9fecture de la zone de d\u00e9fense et de s\u00e9curit\u00e9 du Nord - 80-2025-01-04-00001 - Arr\u00eat\u00e9 portant r\u00e9glementation de la circulation\nrouti\u00e8re autoroutes et routes nationales zone Nord 8","date":"2025-01-04","first_seen_on":"2025-01-04T19:33:25+00:00","id":"0714f5e136b97d5676afd4bd332529b8b9fc223671d1a609500f39fe1917ca84","name":"RAA n\u00b03 sp\u00e9cial du 04 janvier 2025","pdf_creation_date":"2025-01-04T17:06:24+00:00","pdf_modification_date":"2025-01-04T17:07:09+00:00","timezone":"CET","url":"https://www.somme.gouv.fr/contenu/telechargement/50583/335823/file/recueil-2025-003-recueil-des-actes-administratifs-special.pdf"}
