{"administration":"pref13","administration_name":"Pr\u00e9fecture des Bouches-du-Rh\u00f4ne","content":"BOUCHES-DU-\nRH\u00d4NE\nRECUEIL DES ACTES\nADMINISTRATIFS SP\u00c9CIAL\nN\u00b013-2025-279\nPUBLI\u00c9 LE 23 SEPTEMBRE 2025\nSommaire\nRectorat de l'acad\u00e9mie d'Aix-Marseille /\n13-2025-09-19-00005 - arr\u00eat\u00e9 agr\u00e9ment sport AUC Danse 3999 (2\npages) Page 4\nDDETS 13 /\n13-2025-09-23-00003 - R\u00e9c\u00e9piss\u00e9 de d\u00e9claration au titre des\nServices \u00e0 la Personne au b\u00e9n\u00e9fice de Madame  BEZANDRY Hari\u00e7ah\nen qualit\u00e9 de micro-entrepreneure domicili\u00e9e au 5 boulevard du\nM\u00e9r\u00e9chal Koenig 13009 MARSEILLE (2 pages) Page 7\n13-2025-09-23-00002 - R\u00e9c\u00e9piss\u00e9 de d\u00e9claration au titre des\nServices \u00e0 la Personne au b\u00e9n\u00e9fice de Madame  GNAGNE Esme\nJeanne-Olivia en qualit\u00e9 de micro-entrepreneure domicili\u00e9e au 19\nall\u00e9e Georges Peretti 13100 AIX EN PROVENCE (2 pages) Page 10\nPr\u00e9fecture de police des Bouches-du-Rh\u00f4ne /\n13-2025-07-16-00012 - ARR\u00caT\u00c9 PORTANT AUTORISATION D'UN\nSYST\u00c8ME DE VID\u00c9OPROTECTION - Coll\u00e8ge Louis Armand -\nMarseille (13012) (3 pages) Page 13\n13-2025-07-16-00011 - ARR\u00caT\u00c9 PORTANT AUTORISATION D'UN\nSYST\u00c8ME DE VID\u00c9OPROTECTION - MAIRIE DE LAMBESC -\nLAMBESC (2 pages) Page 17\nPr\u00e9fecture des Bouches-du-Rhone / Cabinet\n13-2025-09-22-00005 - Arr\u00eat\u00e9 portant attribution de r\u00e9compenses\npour acte de courage et de d\u00e9vouement en faveur de marins-pompiers\ndu bataillon de marins-pompiers de Marseille (2 pages) Page 20\nPr\u00e9fecture des Bouches-du-Rhone / Direction de la Citoyennet\u00e9, de la\nL\u00e9galit\u00e9 et de l'Environnement\n13-2025-09-18-00018 - ARR\u00caT\u00c9 du 18 SEPTEMBRE 2025\nportant\nmodification de l'habilitation N\u00b0 24-13-0513 de l'entreprise\nindividuelle d\u00e9nomm\u00e9e \u00ab\u00a0DI COSTOLA NICOLAS \u00bb, exploit\u00e9e\nsous l'enseigne \u00ab\u00a0NDC Prestations fun\u00e9raires\u00a0\u00bb dans le domaine\nfun\u00e9raire (2 pages) Page 23\n13-2025-09-23-00001 - ARR\u00caT\u00c9 du 23 SEPTEMBRE 2025\nportant\nhabilitation sous le n\u00b0 25-13-0338 de l'\u00e9tablissement secondaire de la\nsoci\u00e9t\u00e9 \u00ab\u00a0FUNECAP SUD-EST\u00bb exploit\u00e9 sous le nom commercial\n\u00ab ROC' ECLERC \u00bb \nsis \u00e0 Ch\u00e2teauneuf-les-Martigues (13220), dans\nle domaine fun\u00e9raire (2 pages) Page 26\nPr\u00e9fecture des Bouches-du-Rhone / Direction de la S\u00e9curit\u00e9 : Polices\nAdministratives et R\u00e9glementation\n13-2025-09-19-00006 - Arr\u00eat\u00e9 relatif \u00e0 la soci\u00e9t\u00e9 \u00e0\nresponsabilit\u00e9 limit\u00e9e  d\u00e9nomm\u00e9e \u00abPOINT SERVICES\u00bb portant\nagr\u00e9ment en qualit\u00e9 d'entreprise fournissant une domiciliation\njuridique \u00e0 des personnes physiques ou morales immatricul\u00e9es au\nregistre du commerce et des soci\u00e9t\u00e9s ou au r\u00e9pertoire des m\u00e9tiers\n(3 pages) Page 29 2\nSecr\u00e9tariat g\u00e9n\u00e9ral pour l'administration du minist\u00e8re de\nl'int\u00e9rieur /\n13-2025-09-22-00003 - Arr\u00eat\u00e9 du 22 septembre 2025 portant\nd\u00e9l\u00e9gation de signature \u00e0 M. Romain DELMON, secr\u00e9taire\ng\u00e9n\u00e9ral de la zone de d\u00e9fense et de s\u00e9curit\u00e9 Sud aupr\u00e8s du\npr\u00e9fet de la r\u00e9gion Provence-Alpes-C\u00f4te d'Azur, pr\u00e9fet de la\nzone de d\u00e9fense et de s\u00e9curit\u00e9 Sud, pr\u00e9fet des Bouches-du-Rh\u00f4ne\n(25 pages) Page 33\n3\n Rectorat de l'acad\u00e9mie d'Aix-Marseille\n13-2025-09-19-00005\narr\u00eat\u00e9 agr\u00e9ment sport AUC Danse 3999\n Rectorat de l'acad\u00e9mie d'Aix-Marseille - 13-2025-09-19-00005 - arr\u00eat\u00e9 agr\u00e9ment sport AUC Danse 3999 4\n \n \n  \n \n \n \n \n \n \n \n  \n   \n \n Rectorat de l'acad\u00e9mie d'Aix-Marseille - 13-2025-09-19-00005 - arr\u00eat\u00e9 agr\u00e9ment sport AUC Danse 3999 5\nVu l'arr\u00eat\u00e9 du recteur de la r\u00e9gion acad\u00e9mique Provence-Alpes-C\u00f4te d'Azur, recteurde l'acad\u00e9mie d'Aix-Marseille, chancelier des universit\u00e9s en date du 21 janvier 2025portant d\u00e9l\u00e9gation de signature a M. Jean-Yves BESSOL, directeur acad\u00e9mique desservices de l'\u00e9ducation nationale des Bouches-du-Rh\u00f4ne et subd\u00e9l\u00e9gation designature a M. Thomas TABUS, chef du service d\u00e9partemental a la jeunesse, al'engagement et au sports (SDJES) des Bouches-du-Rh\u00f4ne, a M. Nicolas PERETTIadjoint au chef du SDJES et \u00e0 Mme Sarah SPATARO adjointe au chef du SDJES ;Vu l'instruction de la demande d'agr\u00e9ment par le service d\u00e9partementala lajeunesse, a l'engagement et au sports (SDJES) des Bouches-du-Rh\u00f4ne ;\nARRETE\nARTICLE TER : en application des articles R. 121-1 \u00e0 6 du code du sport, l'agr\u00e9mentpr\u00e9vu \u00e0 l'article L. 121-4 du code du sport est accord\u00e9, sous le num\u00e9ro indiqu\u00e9, auxassociations sportives dont les noms suivent :AUC DanseNum\u00e9ro d'agr\u00e9ment 3999 S/25ARTICLE 2: le pr\u00e9sent arr\u00e9t\u00e9 est susceptible, dans un d\u00e9lai de deux mois a compterde sa publication au recueil des actes administratifs de l'Etat dans les Bouches-dvu-Rh\u00f4ne, de faire l'objet d'un recours contentieux devant le tribunal administratif deMarseille (31 rue Jean-Fran\u00e7ois Leca 13002 Marseille - le tribunal administratif peutaussi \u00eatre saisi via l'application informatique \u00ab T\u00e9l\u00e9recours Citoyens \u00bb accessible surle site Internet www.telerecours.fr).\nARTICLE 3 : le directeur acad\u00e9mique des services de l'\u00e9ducation nationale desBouches-du-Rh\u00f4ne est charg\u00e9 de l'ex\u00e9cution du pr\u00e9sent arr\u00eat\u00e9 qui sera publi\u00e9 aurecueil des actes administratifs de l'Etat dans les Bouches-du-Rh\u00f4ne.\nFait \u00e0 Marseille, le 19 septembre 2025\nPour le directeur acad\u00e9mique,L'adjoint au chef du SDJESsign\u00e9Nicolas PERETTI\n \n \n \n \n \n Rectorat de l'acad\u00e9mie d'Aix-Marseille - 13-2025-09-19-00005 - arr\u00eat\u00e9 agr\u00e9ment sport AUC Danse 3999 6\nDDETS 13\n13-2025-09-23-00003\nR\u00e9c\u00e9piss\u00e9 de d\u00e9claration au titre des Services \u00e0\nla Personne au b\u00e9n\u00e9fice de Madame  BEZANDRY\nHari\u00e7ah en qualit\u00e9 de micro-entrepreneure\ndomicili\u00e9e au 5 boulevard du M\u00e9r\u00e9chal Koenig\n13009 MARSEILLE\nDDETS 13 - 13-2025-09-23-00003 - R\u00e9c\u00e9piss\u00e9 de d\u00e9claration au titre des Services \u00e0 la Personne au b\u00e9n\u00e9fice de Madame  BEZANDRY\nHari\u00e7ah en qualit\u00e9 de micro-entrepreneure domicili\u00e9e au 5 boulevard du M\u00e9r\u00e9chal Koenig 13009 MARSEILLE 7\nEnPREFETDES BOUCHES-DU-RHONELibert\u00e9Egalit\u00e9Fraternit\u00e9\n \nDirection D\u00e9partementale\nde l'Emploi, du Travail\n et des Solidarit\u00e9s\ndes Bouches du Rh\u00f4ne\nP\u00f4le \u00c9conomie Emploi Entreprises\nD\u00e9partement Insertion Professionnelle\n      R\u00e9c\u00e9piss\u00e9 de d\u00e9claration n\u00b0 \u2026\u2026\n                   d'un organisme de services \u00e0 la personne\n                      enregistr\u00e9 sous le N\u00b0 SAP991443698 \nVu  le  code  du  travail  et  notamment les articles  L.7231-1  \u00e0  L.7233-2,  R.7232-16  \u00e0 \nR.7232-22, D.7231-1 et D.7233-1 \u00e0 D.7233-5,\nLe pr\u00e9fet de la R\u00e9gion Provence-Alpes-C\u00f4te d'Azur  Pr\u00e9fet de la Zone de D\u00e9fense et \nde S\u00e9curit\u00e9 Sud,  Pr\u00e9fet des Bouches-du-Rh\u00f4ne,\nCONSTATE\nQu'une d\u00e9claration d'activit\u00e9s de Services \u00e0 la Personne a \u00e9t\u00e9 d\u00e9pos\u00e9e aupr\u00e8s de la  \nDirection D\u00e9partementale de l'Emploi, du Travail et des Solidarit\u00e9s des Bouches-du-\nRh\u00f4ne le, 19 septembre 2025 par Madame BEZANDRY Hari\u00e7ah  en qualit\u00e9 de micro-\nentrepreneure domicili\u00e9e au 5 boulevard du M\u00e9r\u00e9chal Koenig 13009 MARSEILLE et  \nenregistr\u00e9 sous le N\u00b0 SAP991443698 pour les activit\u00e9s suivantes en mode prestataire :\n  \u2022   Garde d'enfants de plus de 3 ans \u00e0 domicile; \n  \u2022   Entretien de la maison et travaux m\u00e9nagers.\n \nToute  modification  concernant  les  activit\u00e9s  exerc\u00e9es  devra  faire  l'objet  d'une  \nd\u00e9claration modificative pr\u00e9alable.\nSous r\u00e9serve d'\u00eatre exerc\u00e9es \u00e0 titre exclusif au profit de particuliers, \u00e0 leur domicile  \n(ou sous r\u00e9serve d'une comptabilit\u00e9 s\u00e9par\u00e9e pour les personnes morales dispens\u00e9es  \nde cette condition), ces activit\u00e9s ouvrent droit au b\u00e9n\u00e9fice des dispositions des  \narticles L.7233-2 du code du travail et L.241-10 du code de la s\u00e9curit\u00e9 sociale dans les  \nconditions pr\u00e9vues par ces articles.\nLes effets de la d\u00e9claration courent \u00e0 compter du jour du d\u00e9p\u00f4t de la d\u00e9claration  \nsous r\u00e9serve des dispositions de  l'article R.7232-18 du code du travail.\nEn application  des articles L.7232-1 et R.7232-1 \u00e0 R.7232-15, les activit\u00e9s n\u00e9cessitant  \nun  agr\u00e9ment  (I  de  l'article  D.7231-1  du  code  du  travail)  n'ouvrent  droit  \u00e0  ces \ndispositions  que  si  la  structure  a  pr\u00e9alablement  obtenu  l'agr\u00e9ment  ou  le  \nDDETS 13 - 13-2025-09-23-00003 - R\u00e9c\u00e9piss\u00e9 de d\u00e9claration au titre des Services \u00e0 la Personne au b\u00e9n\u00e9fice de Madame  BEZANDRY\nHari\u00e7ah en qualit\u00e9 de micro-entrepreneure domicili\u00e9e au 5 boulevard du M\u00e9r\u00e9chal Koenig 13009 MARSEILLE 8\nrenouvellement  de  cet  agr\u00e9ment  dans  le  ou  les  d\u00e9partements  d'exercice  de  ses \nactivit\u00e9s.\nDe m\u00eame, en application de l'article D.312-6-2 du code de l'action sociale et des  \nfamilles, les activit\u00e9s n\u00e9cessitant une autorisation n'ouvrent droit \u00e0 ces dispositions  \nque si l'organisme a pr\u00e9alablement obtenu l'autorisation ou le renouvellement de  \ncette autorisation.\nLe pr\u00e9sent r\u00e9c\u00e9piss\u00e9 n'est pas limit\u00e9 dans le temps.  La d\u00e9claration a une port\u00e9e  \nnationale.\nL'enregistrement de la d\u00e9claration peut \u00eatre retir\u00e9 dans les conditions fix\u00e9es aux  \narticles R.7232-20 \u00e0 R.7232-22 du code du travail.\nLe pr\u00e9sent r\u00e9c\u00e9piss\u00e9 sera publi\u00e9 au Recueil des Actes Administratifs de la Pr\u00e9fecture  \ndes Bouches-du-Rh\u00f4ne.\nFait \u00e0 Marseille, le 23 septembre 2025\n                                                                             Pour le Pr\u00e9fet et par d\u00e9l\u00e9gation,\nPar emp\u00eachement de la Directrice D\u00e9par-\ntementale de l'Emploi, du Travail et des \nSolidarit\u00e9s des Bouches-du-Rh\u00f4ne   \nLa Responsable du d\u00e9partement \naccompagnement des mutations \n\u00e9conomiques et d\u00e9veloppement des \ncomp\u00e9tences,\nSign\u00e9\nElodie CARITEY\n55 boulevard P\u00e9rier \u2013 13415 cedex 20 MARSEILLE Cedex 20 - T\u00e9l\u00e9phone : 04.91.57.96.00 \nMel : ddets-sap@bouches-du-rhone.gouv.fr\n2\nDDETS 13 - 13-2025-09-23-00003 - R\u00e9c\u00e9piss\u00e9 de d\u00e9claration au titre des Services \u00e0 la Personne au b\u00e9n\u00e9fice de Madame  BEZANDRY\nHari\u00e7ah en qualit\u00e9 de micro-entrepreneure domicili\u00e9e au 5 boulevard du M\u00e9r\u00e9chal Koenig 13009 MARSEILLE 9\nDDETS 13\n13-2025-09-23-00002\nR\u00e9c\u00e9piss\u00e9 de d\u00e9claration au titre des Services \u00e0\nla Personne au b\u00e9n\u00e9fice de Madame  GNAGNE\nEsme Jeanne-Olivia en qualit\u00e9 de\nmicro-entrepreneure domicili\u00e9e au 19 all\u00e9e\nGeorges Peretti 13100 AIX EN PROVENCE\nDDETS 13 - 13-2025-09-23-00002 - R\u00e9c\u00e9piss\u00e9 de d\u00e9claration au titre des Services \u00e0 la Personne au b\u00e9n\u00e9fice de Madame  GNAGNE\nEsme Jeanne-Olivia en qualit\u00e9 de micro-entrepreneure domicili\u00e9e au 19 all\u00e9e Georges Peretti 13100 AIX EN PROVENCE 10\nEnPREFETDES BOUCHES-DU-RHONELibert\u00e9Egalit\u00e9Fraternit\u00e9\n \nDirection D\u00e9partementale\nde l'Emploi, du Travail\n et des Solidarit\u00e9s\ndes Bouches du Rh\u00f4ne\nP\u00f4le \u00c9conomie Emploi Entreprises\nD\u00e9partement Insertion Professionnelle\n      R\u00e9c\u00e9piss\u00e9 de d\u00e9claration n\u00b0 \u2026\u2026\n                   d'un organisme de services \u00e0 la personne\n                      enregistr\u00e9 sous le N\u00b0 SAP990044869\nVu  le  code  du  travail  et  notamment les articles  L.7231-1  \u00e0  L.7233-2,  R.7232-16  \u00e0 \nR.7232-22, D.7231-1 et D.7233-1 \u00e0 D.7233-5,\nLe pr\u00e9fet de la R\u00e9gion Provence-Alpes-C\u00f4te d'Azur  Pr\u00e9fet de la Zone de D\u00e9fense et \nde S\u00e9curit\u00e9 Sud,  Pr\u00e9fet des Bouches-du-Rh\u00f4ne,\nCONSTATE\nQu'une d\u00e9claration d'activit\u00e9s de Services \u00e0 la Personne a \u00e9t\u00e9 d\u00e9pos\u00e9e aupr\u00e8s de la  \nDirection D\u00e9partementale de l'Emploi, du Travail et des Solidarit\u00e9s des Bouches-du-\nRh\u00f4ne le, 19 septembre 2025 par Madame GNAGNE Esme Jeanne-Olivia en qualit\u00e9 \nde  micro-entrepreneure  domicili\u00e9e  au  19  all\u00e9e  Georges  Peretti  13100  AIX  EN  \nPROVENCE et enregistr\u00e9 sous le N\u00b0 SAP990044869 pour les activit\u00e9s suivantes en  \nmode prestataire :\n  \u2022   Entretien de la maison et travaux m\u00e9nagers ;\n  \u2022   Petits travaux de jardinage ;\n  \u2022   Maintenance, entretien et vigilance temporaires \u00e0 domicile.\n \nToute  modification  concernant  les  activit\u00e9s  exerc\u00e9es  devra  faire  l'objet  d'une  \nd\u00e9claration modificative pr\u00e9alable.\nSous r\u00e9serve d'\u00eatre exerc\u00e9es \u00e0 titre exclusif au profit de particuliers, \u00e0 leur domicile  \n(ou sous r\u00e9serve d'une comptabilit\u00e9 s\u00e9par\u00e9e pour les personnes morales dispens\u00e9es  \nde cette condition), ces activit\u00e9s ouvrent droit au b\u00e9n\u00e9fice des dispositions des  \narticles L.7233-2 du code du travail et L.241-10 du code de la s\u00e9curit\u00e9 sociale dans les  \nconditions pr\u00e9vues par ces articles.\nLes effets de la d\u00e9claration courent \u00e0 compter du jour du d\u00e9p\u00f4t de la d\u00e9claration  \nsous r\u00e9serve des dispositions de  l'article R.7232-18 du code du travail.\nDDETS 13 - 13-2025-09-23-00002 - R\u00e9c\u00e9piss\u00e9 de d\u00e9claration au titre des Services \u00e0 la Personne au b\u00e9n\u00e9fice de Madame  GNAGNE\nEsme Jeanne-Olivia en qualit\u00e9 de micro-entrepreneure domicili\u00e9e au 19 all\u00e9e Georges Peretti 13100 AIX EN PROVENCE 11\nEn application  des articles L.7232-1 et R.7232-1 \u00e0 R.7232-15, les activit\u00e9s n\u00e9cessitant  \nun  agr\u00e9ment  (I  de  l'article  D.7231-1  du  code  du  travail)  n'ouvrent  droit  \u00e0  ces \ndispositions  que  si  la  structure  a  pr\u00e9alablement  obtenu  l'agr\u00e9ment  ou  le  \nrenouvellement  de  cet  agr\u00e9ment  dans  le  ou  les  d\u00e9partements  d'exercice  de  ses \nactivit\u00e9s.\nDe m\u00eame, en application de l'article D.312-6-2 du code de l'action sociale et des  \nfamilles, les activit\u00e9s n\u00e9cessitant une autorisation n'ouvrent droit \u00e0 ces dispositions  \nque si l'organisme a pr\u00e9alablement obtenu l'autorisation ou le renouvellement de  \ncette autorisation.\nLe pr\u00e9sent r\u00e9c\u00e9piss\u00e9 n'est pas limit\u00e9 dans le temps.  La d\u00e9claration a une port\u00e9e  \nnationale.\nL'enregistrement de la d\u00e9claration peut \u00eatre retir\u00e9 dans les conditions fix\u00e9es aux  \narticles R.7232-20 \u00e0 R.7232-22 du code du travail.\nLe pr\u00e9sent r\u00e9c\u00e9piss\u00e9 sera publi\u00e9 au Recueil des Actes Administratifs de la Pr\u00e9fecture  \ndes Bouches-du-Rh\u00f4ne.\n                                                                            Fait \u00e0 Marseille, le 23 septembre 2025\n                                                                            Pour le Pr\u00e9fet et par d\u00e9l\u00e9gation,\nPar emp\u00eachement de la Directrice D\u00e9par-\ntementale de l'Emploi, du Travail et des \nSolidarit\u00e9s des Bouches-du-Rh\u00f4ne   \nLa Responsable du d\u00e9partement \naccompagnement des mutations \n\u00e9conomiques et d\u00e9veloppement des \ncomp\u00e9tences,\nSign\u00e9\nElodie CARITEY\n55 boulevard P\u00e9rier \u2013 13415 cedex 20 MARSEILLE Cedex 20 - T\u00e9l\u00e9phone : 04.91.57.96.00 \nMel : ddets-sap@bouches-du-rhone.gouv.fr\n2\nDDETS 13 - 13-2025-09-23-00002 - R\u00e9c\u00e9piss\u00e9 de d\u00e9claration au titre des Services \u00e0 la Personne au b\u00e9n\u00e9fice de Madame  GNAGNE\nEsme Jeanne-Olivia en qualit\u00e9 de micro-entrepreneure domicili\u00e9e au 19 all\u00e9e Georges Peretti 13100 AIX EN PROVENCE 12\nPr\u00e9fecture de police des Bouches-du-Rh\u00f4ne\n13-2025-07-16-00012\nARR\u00caT\u00c9 PORTANT AUTORISATION D'UN\nSYST\u00c8ME DE VID\u00c9OPROTECTION - Coll\u00e8ge Louis\nArmand - Marseille (13012)\nPr\u00e9fecture de police des Bouches-du-Rh\u00f4ne - 13-2025-07-16-00012 - ARR\u00caT\u00c9 PORTANT AUTORISATION D'UN SYST\u00c8ME DE\nVID\u00c9OPROTECTION - Coll\u00e8ge Louis Armand - Marseille (13012) 13\nPREFECTURE Direction de la s\u00e9curit\u00e9 :DES BOUCHES-DU-RHONE police administrative et r\u00e9glementationLibert\u00e9Egalit\u00e9Fraternit\u00e9\nBureau des polices administrativesen mati\u00e9re de s\u00e9curit\u00e9\nDossier n\u00b0 : 2019/0612Arr\u00e9t\u00e9 portant autorisation d'un systeme de vid\u00e9oprotection\nLe pr\u00e9fet de police des Bouches-du-Rh\u00f4ne\nVu les articles L223-1 \u00e0 L223-9 et L251-1 \u00e0 L255-1 et L613-13 du code de la s\u00e9curit\u00e9int\u00e9rieure;Vu le code p\u00e9nal et notamment ses articles R226-1 et R226-11 ;Vu les articles R.251-1 \u00e0 R.253-4 du code de la s\u00e9curit\u00e9 int\u00e9rieure ;Vu le d\u00e9cret n\u00b0 2004-374 du 29 avril 2004 modifi\u00e9 relatif aux pouvoirs des pr\u00e9fets, \u00e0l'organisation et \u00e0 l'action des services de l'\u00c9tat dans les r\u00e9gions et les d\u00e9partements ;Vu le d\u00e9cret n\u00b0 2012-1151 du 15 octobre 2012 modifi\u00e9 relatif \u00e0 l'organisation et \u00e0 l'action desservices de l'\u00c9tat dans le d\u00e9partement des Bouches-du-Rh\u00f4ne ;Vu le d\u00e9cret du pr\u00e9sident de la R\u00e9publique du 12 mars 2025 portant nomination demonsieur Georges-Fran\u00e7ois LECLERC en qualit\u00e9 de pr\u00e9fet de la r\u00e9gion Provence-Alpes-C\u00f4ted'Azur, pr\u00e9fet de la zone de d\u00e9fense et de s\u00e9curit\u00e9 Sud, pr\u00e9fet des Bouches-du-Rh\u00f4ne, enoutre pr\u00e9fet de police des Bouches-du-Rh\u00f4ne ;Vu l'arr\u00eat\u00e9 n\u00b0 13-2025-03-31-00016 du 31 mars 2025 portant d\u00e9l\u00e9gation de signature \u00e0madame C\u00e9cile MOVIZZO, conseill\u00e8re d'administration de l'int\u00e9rieur et de l'outre-mer,directrice de la s\u00e9curit\u00e9 : police administrative et r\u00e9glementation ;Vu l'arr\u00eat\u00e9 minist\u00e9riel du 3 ao\u00fbt 2007 modifi\u00e9 portant d\u00e9finition des normes techniquesdes syst\u00e8mes de vid\u00e9oprotection ;Vu la demande d'autorisation d'un syst\u00e8me de vid\u00e9oprotection situ\u00e9 coll\u00e8ge Louis Armand116 rue Saint-Jean du d\u00e9sert 13012 Marseille 12\u00e8me, pr\u00e9sent\u00e9e par monsieur Jean-MichelCROS;Vu l'avis \u00e9mis par la commission d\u00e9partementale de vid\u00e9oprotection du 26 juin 2025;\nPlace F\u00e9lix Baret \u2014 CS 80001 - 13282 MARSEILLE CEDEX 06Tel 04.84.35.40.00http://www.bouches-du-rhone.gouv.frPage 1 sur 3\nPr\u00e9fecture de police des Bouches-du-Rh\u00f4ne - 13-2025-07-16-00012 - ARR\u00caT\u00c9 PORTANT AUTORISATION D'UN SYST\u00c8ME DE\nVID\u00c9OPROTECTION - Coll\u00e8ge Louis Armand - Marseille (13012) 14\nARRETE\nArticle 1er : Monsieur Jean-Michel CROS, est autoris\u00e9(e), dans les conditions fix\u00e9es aupr\u00e9sent arr\u00e9t\u00e9, conform\u00e9ment au dossier annex\u00e9 a la demande, a mettre en ceuvre al'adresse sus-indiqu\u00e9e, un syst\u00e8me de vid\u00e9oprotection constitu\u00e9 de 5 cam\u00e9ras voiepublique, enregistr\u00e9 sous le num\u00e9ro 2019/0612.Cette autorisation ne concerne pas les 3 cam\u00e9ras int\u00e9rieures et les 6 cam\u00e9ras ext\u00e9rieuresimplant\u00e9es sur des zones privatives lesquelles, \u00e9tant install\u00e9es dans un lieu non ouvert aupublic, ne sont pas soumises \u00e0 autorisation conform\u00e9ment aux dispositions du code de las\u00e9curit\u00e9 int\u00e9rieure relatives \u00e0 la vid\u00e9oprotection. Toutefois elles demeurent soumises audroit de la protection des donn\u00e9es \u00e0 caract\u00e8re personnel.Article 2 : Ce syst\u00e8me doit \u00eatre conforme aux dispositions de l'arr\u00eat\u00e9 du 3 ao\u00fbt 2007portant d\u00e9finition des normes techniques des syst\u00e8mes de vid\u00e9oprotection.Article 3 : Hormis le cas d'une enqu\u00eate de flagrant d\u00e9lit, d'une enqu\u00eate pr\u00e9liminaire oud'une information judiciaire, les enregistrements seront d\u00e9truits dans un d\u00e9lai maximumde 30jours.Article 4 : Seuls les utilisateurs habilit\u00e9s, mentionn\u00e9s dans le dossier de demande, ontacc\u00e8s aux images et enregistrements.Article 5 : La finalit\u00e9 de ce dispositif de vid\u00e9oprotection est, dans les lieux et\u00e9tablissements ouverts au public, la pr\u00e9vention des atteintes \u00e0 la s\u00e9curit\u00e9 des personnes etdes biens, d\u00e8s lors qu'ils sont particuli\u00e8rement expos\u00e9s \u00e0 des risques d'agression, de vol oud'actes de terrorisme, sans permettre la visualisation de l'int\u00e9rieur des immeublesd'habitations riverains ou de leurs entr\u00e9es.Article 6 : Le public est inform\u00e9 de mani\u00e8re claire et permanente de l'existence du syst\u00e8mede vid\u00e9oprotection et de l'autorit\u00e9 ou de la personne responsable aupr\u00e8s de laquelles'exerce le droit d'acc\u00e8s aux images. Cette information doit comporter un pictogrammerepr\u00e9sentant une cam\u00e9ra conform\u00e9ment aux articles L.223-1 \u00e0 L.223-9 et L.251-1 \u00e0 L.255-1du code de la s\u00e9curit\u00e9 int\u00e9rieure. Le nombre et la r\u00e9partition des panneaux d'informationdoivent \u00eatre conformes au dossier pr\u00e9sent\u00e9.Article 7 : Cette autorisation est valable cing ans et devra faire l'objet d'une nouvelledemande d'autorisation administrative pr\u00e9sent\u00e9e a la pr\u00e9fecture quatre mois avantl'\u00e9ch\u00e9ance de ce d\u00e9lai. Elle pourra \u00eatre retir\u00e9e en cas de manquement aux dispositions desarticles L.223-1 \u00e0 L.223-9 et L.251-1 \u00e0 L.255-1 et R.252-12 du code de la s\u00e9curit\u00e9 int\u00e9rieure etde modifications des conditions de d\u00e9livrance, sans pr\u00e9judice des dispositions des articles226-1 du code p\u00e9nal et L120-2, L121-8 et L.432-2-1 du code du travail et de l'application dessanctions p\u00e9nales pr\u00e9vues par la loi.Article 8: La pr\u00e9sente d\u00e9cision peut \u00eatre contest\u00e9e dans les deux mois suivants sanotification :- Soit par voie de recours gracieux form\u00e9 aupr\u00e8s de monsieur le pr\u00e9fet de police desBouches-du-Rh\u00f4ne ;- soit par voie de recours hi\u00e9rarchique form\u00e9 aupr\u00e8s de monsieur le ministre de l'int\u00e9rieur;- soit par voie de recours contentieux d\u00e9pos\u00e9 devant le tribunal administratif de Marseille(31 rue Jean-Fran\u00e7ois Leca, 13002 Marseille \u2014 ).\nPage 2 sur 3\nwww.telerecours.fr\nPr\u00e9fecture de police des Bouches-du-Rh\u00f4ne - 13-2025-07-16-00012 - ARR\u00caT\u00c9 PORTANT AUTORISATION D'UN SYST\u00c8ME DE\nVID\u00c9OPROTECTION - Coll\u00e8ge Louis Armand - Marseille (13012) 15\nArticle 9 : Le sous-pr\u00e9fet, directeur adjoint de cabinet du pr\u00e9fet de police des Bouches-du-Rh\u00f4ne, monsieur l'inspecteur g\u00e9n\u00e9ral des services actifs de la police nationale, directeurinterd\u00e9partemental de la police nationale des Bouches-du-Rh\u00f4ne et le g\u00e9n\u00e9ralcommandant le groupement de gendarmerie des Bouches-du-Rh\u00f4ne sont charg\u00e9s, chacunen ce qui le concerne, de l'ex\u00e9cution du pr\u00e9sent arr\u00eat\u00e9 qui sera publi\u00e9 au recueil des actesadministratifs et notifi\u00e9 \u00e0 monsieur Jean-Michel CROS, 116 rue Saint-Jean du d\u00e9sert 13012Marseille. Marseille, le 16 juillet 2025Pour le pr\u00e9fet de policedes Bouches-du-Rh\u00f4nele directeur de cabinet adjointSign\u00e9Yannis BOUZAR\nPage 3 sur 3\nPr\u00e9fecture de police des Bouches-du-Rh\u00f4ne - 13-2025-07-16-00012 - ARR\u00caT\u00c9 PORTANT AUTORISATION D'UN SYST\u00c8ME DE\nVID\u00c9OPROTECTION - Coll\u00e8ge Louis Armand - Marseille (13012) 16\nPr\u00e9fecture de police des Bouches-du-Rh\u00f4ne\n13-2025-07-16-00011\nARR\u00caT\u00c9 PORTANT AUTORISATION D'UN\nSYST\u00c8ME DE VID\u00c9OPROTECTION - MAIRIE DE\nLAMBESC - LAMBESC\nPr\u00e9fecture de police des Bouches-du-Rh\u00f4ne - 13-2025-07-16-00011 - ARR\u00caT\u00c9 PORTANT AUTORISATION D'UN SYST\u00c8ME DE\nVID\u00c9OPROTECTION - MAIRIE DE LAMBESC - LAMBESC 17\nPREFECTURE Direction de la s\u00e9curit\u00e9 :DES BOUCHES-DU-RHONE police administrative et r\u00e9glementationLibert\u00e9Egalit\u00e9Fraternit\u00e9\nBureau des polices administrativesen mati\u00e9re de s\u00e9curit\u00e9\nDossier n\u00b0 : 2014/0478Arr\u00e9t\u00e9 portant autorisation d'un systeme de vid\u00e9oprotection\nLe pr\u00e9fet de police des Bouches-du-Rh\u00f4ne\nVu les articles L223-1 \u00e0 L223-9 et L251-1 \u00e0 L255-1 et L613-13 du code de la s\u00e9curit\u00e9 int\u00e9rieure ;Vu le code p\u00e9nal et notamment ses articles R226-1 et R226-11 ;Vu les articles R.251-1 a R.253-4 du code de la s\u00e9curit\u00e9 int\u00e9rieure ;Vu le d\u00e9cret n\u00b0 2004-374 du 29 avril 2004 modifi\u00e9 relatif aux pouvoirs des pr\u00e9fets, al'organisation et a l'action des services de l'\u00c9tat dans les r\u00e9gions et les d\u00e9partements ;Vu le d\u00e9cretn\u00b0 20121151 du 15 octobre 2012 modifi\u00e9 relatif a l'organisation et a l'action desservices de l'\u00c9tat dans le d\u00e9partement des Bouches-du-Rh\u00f4ne ;Vu le d\u00e9cret du pr\u00e9sident de la R\u00e9publique du 12 mars 2025 portant nomination de monsieurGeorges-Fran\u00e7ois LECLERC en qualit\u00e9 de pr\u00e9fet de la r\u00e9gion Provence-Alpes-C\u00f4te d'Azur, pr\u00e9fetde la zone de d\u00e9fense et de s\u00e9curit\u00e9 Sud, pr\u00e9fet des Bouches-du-Rh\u00f4ne, en outre pr\u00e9fet depolice des Bouches-du-Rh\u00f4ne ;Vu l'arr\u00eat\u00e9 n\u00b0 13-2025-03-31-00016 du 31 mars 2025 portant d\u00e9l\u00e9gation de signature \u00e0 madameC\u00e9cile MOVIZZO, conseill\u00e8re d'administration de l'int\u00e9rieur et de l'outre-mer, directrice de las\u00e9curit\u00e9 : police administrative et r\u00e9glementation ;Vu l'arr\u00eat\u00e9 minist\u00e9riel du 3 ao\u00fbt 2007 modifi\u00e9 portant d\u00e9finition des normes techniques dessyst\u00e8mes de vid\u00e9oprotection ;Vu la demande d'autorisation d'un syst\u00e8me de vid\u00e9oprotection situ\u00e9 mairie de Lambesc sur lacommune 13410 Lambesc, pr\u00e9sent\u00e9e par monsieur le maire de Lambesc;Vu l'avis \u00e9mis par la commission d\u00e9partementale de vid\u00e9oprotection du 26 juin 2025 ;ARR\u00caT\u00c9Article 1er : Monsieur le maire de Lambesc, est autoris\u00e9(e), dans les conditions fix\u00e9es au pr\u00e9sentarr\u00eat\u00e9, conform\u00e9ment au dossier annex\u00e9 \u00e0 la demande, \u00e0 mettre en \u0153uvre \u00e0 l'adresse sus-indiqu\u00e9e, un syst\u00e8me de vid\u00e9oprotection constitu\u00e9 de 2 cam\u00e9ras int\u00e9rieures et 73 cam\u00e9ras voiepublique, enregistr\u00e9 sous le num\u00e9ro 2014/0478.Place F\u00e9lix Baret \u2014 CS 80001 - 13282 MARSEILLE CEDEX 06Tel 04.84.35.40.00http://www.bouches-du-rhone.gouv.frPage 1 sur 2\nPr\u00e9fecture de police des Bouches-du-Rh\u00f4ne - 13-2025-07-16-00011 - ARR\u00caT\u00c9 PORTANT AUTORISATION D'UN SYST\u00c8ME DE\nVID\u00c9OPROTECTION - MAIRIE DE LAMBESC - LAMBESC 18\nArticle 2 : Ce syst\u00e8me doit \u00eatre conforme aux dispositions de l'arr\u00eat\u00e9 du 3 ao\u00fbt 2007 portantd\u00e9finition des normes techniques des syst\u00e8mes de vid\u00e9oprotection.Article 3 : Hormis le cas d'une enqu\u00eate de flagrant d\u00e9lit, d'une enqu\u00eate pr\u00e9liminaire ou d'uneinformation judiciaire, les enregistrements seront d\u00e9truits dans un d\u00e9lai maximum de 30 jours.Article 4 : Seuls les utilisateurs habilit\u00e9s, mentionn\u00e9s dans le dossier de demande, ont acc\u00e8s auximages et enregistrements.Article 5 : La finalit\u00e9 de ce dispositif de vid\u00e9oprotection est, dans les lieux et \u00e9tablissementsouverts au public, la pr\u00e9vention des atteintes \u00e0 la s\u00e9curit\u00e9 des personnes et des biens, d\u00e8s lorsqu'ils sont particuli\u00e8rement expos\u00e9s \u00e0 des risques d'agression, de vol ou d'actes de terrorisme,sans permettre la visualisation de l'int\u00e9rieur des immeubles d'habitations riverains ou de leursentr\u00e9es.Article 6 : Le public est inform\u00e9 de mani\u00e8re claire et permanente de l'existence du syst\u00e8me devid\u00e9oprotection et de l'autorit\u00e9 ou de la personne responsable aupr\u00e8s de laquelle s'exerce ledroit d'acc\u00e8s aux images. Cette information doit comporter un pictogramme repr\u00e9sentant unecam\u00e9ra conform\u00e9ment aux articles L.223-1 \u00e0 L.223-9 et L.251-1 \u00e0 L.255-1 du code de la s\u00e9curit\u00e9int\u00e9rieure. Le nombre et la r\u00e9partition des panneaux d'information doivent \u00eatre conformes audossier pr\u00e9sent\u00e9.Article 7 : Cette autorisation est valable cing ans et devra faire l'objet d'une nouvelle demanded'autorisation administrative pr\u00e9sent\u00e9e \u00e0 la pr\u00e9fecture quatre mois avant l'\u00e9ch\u00e9ance de ce d\u00e9lai.Elle pourra \u00eatre retir\u00e9e en cas de manquement aux dispositions des articles L.223-1 \u00e0 L.223-9 etL.251-1 \u00e0 L.255-1 et R.252-12 du code de la s\u00e9curit\u00e9 int\u00e9rieure et de modifications des conditionsde d\u00e9livrance, sans pr\u00e9judice des dispositions des articles 226-1 du code p\u00e9nal et L120-2, L121-8et L.432-2-1 du code du travail et de l'application des sanctions p\u00e9nales pr\u00e9vues par la loi.Article 8 : La pr\u00e9sente d\u00e9cision peut \u00eatre contest\u00e9e dans les deux mois suivants sa notification :- soit par voie de recours gracieux form\u00e9 aupr\u00e8s de monsieur le pr\u00e9fet de police des Bouches-du-Rh\u00f4ne;- soit par voie de recours hi\u00e9rarchique form\u00e9 aupr\u00e8s de monsieur le ministre de l'int\u00e9rieur;- Soit par voie de recours contentieux d\u00e9pos\u00e9 devant le tribunal administratif de Marseille (31 rueJean-Francois Leca, 13002 Marseille \u2014 ).Article 9 : Le sous-pr\u00e9fet, directeur adjoint de cabinet du pr\u00e9fet de police des Bouches-du-Rh\u00f4ne,monsieur l'inspecteur g\u00e9n\u00e9ral des services actifs de la police nationale, directeurinterd\u00e9partemental de la police nationale des Bouches-du-Rh\u00f4ne et le g\u00e9n\u00e9ral commandant legroupement de gendarmerie des Bouches-du-Rh\u00f4ne sont charg\u00e9s, chacun en ce qui le concerne,de l'ex\u00e9cution du pr\u00e9sent arr\u00eat\u00e9 qui sera publi\u00e9 au recueil des actes administratifs et notifi\u00e9 \u00e0monsieur le maire de Lambesc, 6 boulevard de la R\u00e9publique - h\u00f4tel de ville 13410 Lambesc.\nMarseille, le 16juillet 2025Pour le pr\u00e9fet de policedes Bouches-du-Rh\u00f4nele directeur de cabinet adjointSign\u00e9Yannis BOUZAR\nPage 2 sur 2\nwww.telerecours.fr\nPr\u00e9fecture de police des Bouches-du-Rh\u00f4ne - 13-2025-07-16-00011 - ARR\u00caT\u00c9 PORTANT AUTORISATION D'UN SYST\u00c8ME DE\nVID\u00c9OPROTECTION - MAIRIE DE LAMBESC - LAMBESC 19\nPr\u00e9fecture des Bouches-du-Rhone\n13-2025-09-22-00005\nArr\u00eat\u00e9 portant attribution de r\u00e9compenses pour\nacte de courage et de d\u00e9vouement en faveur de\nmarins-pompiers du bataillon de\nmarins-pompiers de Marseille\nPr\u00e9fecture des Bouches-du-Rhone - 13-2025-09-22-00005 - Arr\u00eat\u00e9 portant attribution de r\u00e9compenses pour acte de courage et de\nd\u00e9vouement en faveur de marins-pompiers du bataillon de marins-pompiers de Marseille 20\nCabinet\nPlace F\u00e9lix Baret - CS 80001  \u2013 13282 Marseille Cedex 06 -\nT\u00e9l\u00e9phone : 04.84.35.40.00\nwww.  bouches-du-rhone.  gouv.fr  \nPr\u00e9fecture des Bouches-du-Rhone - 13-2025-09-22-00005 - Arr\u00eat\u00e9 portant attribution de r\u00e9compenses pour acte de courage et de\nd\u00e9vouement en faveur de marins-pompiers du bataillon de marins-pompiers de Marseille 21\n_2-\nMEDAILLE DE BRONZEM. BAVA Nicolas, second maitreM. BENDIEB ABERKANE Abdelaziz, ma\u00eetreM. BOMBRUN \u00c9tienne, capitaine de corvetteM. BONNET Florian, ma\u00eetreMme BORKOWSKI In\u00e8s, quartier-maitre de 1\u00e8re classeMme CERDAN Marie, second ma\u00eetre. COULOMB Bruno, capitaine de fr\u00e9gate. DEMOTA Alexandre, premier ma\u00eetre. DUFAUT Christophe, second ma\u00eetre. DUPRAT Matthias, second ma\u00eetre. FAUGERES Corentin, second ma\u00eetre. FRANCESCHI Luc, second ma\u00eetre. GAILLARD Baptiste, ma\u00eetre. GATOUNES Franklin, quartier-maitre de 2\u00e8me classe. GENTY Hugo, quartier-ma\u00eetre de 2\u00e8me classe. HOLLE Mathias, quartier-ma\u00eetre de 2\u00e8me classe. JEUNET Marc-Antoine, ma\u00eetre. LANGEVIN Alexis, lieutenant de vaisseau. PIECHNIK Thomas, quartier-ma\u00eetre de 2\u00e8me classe. RAMAROSON Jean, ma\u00eetre principal. SAFSAF Zackarie, quartier-ma\u00eetre de 1\u00e8re classe. SATORI Arnaud, second ma\u00eetre\n<<< <<<<<L<<<<<\nArticle 2\nLe sous-pr\u00e9fet, directeur du cabinet du pr\u00e9fet de la r\u00e9gion Provence-Alpes-C\u00f4te d'Azur, pr\u00e9fetdes Bouches-du-Rh\u00f4ne, est charg\u00e9 de l'ex\u00e9cution du pr\u00e9sent arr\u00eat\u00e9 qui sera publi\u00e9 au recueildes actes administratifs de l'\u00c9tat.\nMarseille, le 22 septembre 2025 Le pr\u00e9fet,\nsign\u00e9\nGeorges-Fran\u00e7ois LECLERC\nPlace F\u00e9lix Baret - CS 80001  \u2013 13282 Marseille Cedex 06 -\nT\u00e9l\u00e9phone : 04.84.35.40.00\nwww.  bouches-du-rhone.  gouv.fr  \nPr\u00e9fecture des Bouches-du-Rhone - 13-2025-09-22-00005 - Arr\u00eat\u00e9 portant attribution de r\u00e9compenses pour acte de courage et de\nd\u00e9vouement en faveur de marins-pompiers du bataillon de marins-pompiers de Marseille 22\nPr\u00e9fecture des Bouches-du-Rhone\n13-2025-09-18-00018\nARR\u00caT\u00c9 du 18 SEPTEMBRE 2025\nportant modification de l'habilitation N\u00b0\n24-13-0513 de l'entreprise individuelle\nd\u00e9nomm\u00e9e \u00ab\u00a0DI COSTOLA NICOLAS \u00bb,\nexploit\u00e9e sous l'enseigne \u00ab\u00a0NDC Prestations\nfun\u00e9raires\u00a0\u00bb dans le domaine fun\u00e9raire\nPr\u00e9fecture des Bouches-du-Rhone - 13-2025-09-18-00018 - ARR\u00caT\u00c9 du 18 SEPTEMBRE 2025\nportant modification de l'habilitation N\u00b0 24-13-0513 de l'entreprise individuelle d\u00e9nomm\u00e9e \u00ab\u00a0DI COSTOLA NICOLAS \u00bb, exploit\u00e9e sous\nl'enseigne \u00ab\u00a0NDC Prestations fun\u00e9raires\u00a0\u00bb dans le domaine fun\u00e9raire\n23\nPREFETDES BOUCHES-DU-RHONELibert\u00e9Egalit\u00e9Fraternit\u00e9\nDIRECTION DE LA CITOYENNETE\nDE LA LEGALITE ET DE L'ENVIRONNEMENT\nBureau des \u00e9lections et de la r\u00e9glementation\nDCLE/BER/FUN/BC/2025/RAA N\u00b0                            \nARR\u00caT\u00c9 du 18 SEPTEMBRE 2025\nportant modification de l'habilitation N\u00b0 24-13-0513 de l'entreprise individuelle d\u00e9nomm\u00e9e \n\u00ab DI COSTOLA NICOLAS \u00bb, exploit\u00e9e sous l'enseigne \u00ab NDC Prestations fun\u00e9raires \u00bb \ndans le domaine fun\u00e9raire\n \nLe pr\u00e9fet de la r\u00e9gion Provence-Alpes-C\u00f4te d'Azur\n         pr\u00e9fet de la zone de d\u00e9fense et de s\u00e9curit\u00e9 Sud\n                       pr\u00e9fet des Bouches-du-Rh\u00f4ne\n               pr\u00e9fet de police des Bouches-du-Rh\u00f4ne\nVu le code g\u00e9n\u00e9ral des collectivit\u00e9s territoriales (CGCT), notamment les articles L2223-19 et  \nL2223-23 ;\nVu la loi n\u00b02008-1350 du 19 d\u00e9cembre 2008 relative \u00e0 la l\u00e9gislation fun\u00e9raire ;\nVu l'ordonnance n\u00b0 2005-855 du 28 juillet 2005 relative aux op\u00e9rations fun\u00e9raires, notamment  \nl'article 1 - \u00a7 IV ;\nVu le d\u00e9cret n\u00b0 2004-374 du 29 avril 2004 relatif aux pouvoirs des pr\u00e9fets, \u00e0 l'organisation et \u00e0  \nl'action des services de l'Etat dans les r\u00e9gions et d\u00e9partements ;\nVu le d\u00e9cret du 3 janvier 2025 portant nomination de monsieur Georges-Fran\u00e7ois LECLERC en  \nqualit\u00e9 de pr\u00e9fet de la r\u00e9gion Provence-Alpes-C\u00f4te d'Azur, pr\u00e9fet de la zone de d\u00e9fense et de  \ns\u00e9curit\u00e9 Sud, pr\u00e9fet des Bouches-du-Rh\u00f4ne ;\nVU  le d\u00e9cret du 12 mars 2025 portant nomination de monsieur Georges-Fran\u00e7ois LECLERC en  \nqualit\u00e9 de pr\u00e9fet de la r\u00e9gion Provence-Alpes-C\u00f4te d'Azur pr\u00e9fet de la zone de d\u00e9fense et de  \ns\u00e9curit\u00e9 Sud, pr\u00e9fet des Bouches-du-Rh\u00f4ne, en outre pr\u00e9fet de police des Bouches-du-Rh\u00f4ne ;\nVu le d\u00e9cret du 31 janvier 2025 portant nomination de monsieur Fr\u00e9d\u00e9ric POISOT en qualit\u00e9 de  \nsecr\u00e9taire g\u00e9n\u00e9ral de la pr\u00e9fecture des Bouches-du-Rh\u00f4ne, sous-pr\u00e9fet de Marseille ;\nVu le d\u00e9cret n\u00b02012-608 du 30 avril 2012 relatif aux dipl\u00f4mes dans le secteur fun\u00e9raire ;\nVu l'arr\u00eat\u00e9 du 30 avril 2012 portant application du d\u00e9cret susvis\u00e9 ;\nVu le d\u00e9cret n\u00b02020-917 du 28 juillet 2020 relatif \u00e0 la dur\u00e9e de l'habilitation dans le secteur  \nfun\u00e9raire ;\nVu l'arr\u00eat\u00e9 n\u00b024-13-0513 du pr\u00e9fet des Bouches-du-Rh\u00f4ne en date du 19 septembre 2024, portant  \nhabilitation dans le domaine fun\u00e9raire  jusqu'au 19 septembre 2029 de l'entreprise individuelle  \nd\u00e9nomm\u00e9e  \u00ab  DI  COSTOLA  NICOLAS  \u00bb  sise  129  avenue  de  la  Rose  \u00e0  Marseille  (13013  ;\nPr\u00e9fecture des Bouches-du-Rhone - 13-2025-09-18-00018 - ARR\u00caT\u00c9 du 18 SEPTEMBRE 2025\nportant modification de l'habilitation N\u00b0 24-13-0513 de l'entreprise individuelle d\u00e9nomm\u00e9e \u00ab\u00a0DI COSTOLA NICOLAS \u00bb, exploit\u00e9e sous\nl'enseigne \u00ab\u00a0NDC Prestations fun\u00e9raires\u00a0\u00bb dans le domaine fun\u00e9raire\n24\nVu la demande du 15 septembre 2025 de M. Nicolas DI COSTOLA sollicitant la modification de  \nl'habilitation sus-mentionn\u00e9e par le retrait de l'activit\u00e9 fun\u00e9raire \u00ab organisation des obs\u00e8ques \u00bb\nSur proposition du secr\u00e9taire g\u00e9n\u00e9ral de la pr\u00e9fecture des Bouches-du-Rh\u00f4ne ;\nARR\u00caTE\nArticle 1  er     : Les dispositions de l'article 1 de l'arr\u00eat\u00e9 pr\u00e9fectoral n\u00b0 24-13-0513 sont modifi\u00e9es et  \nremplac\u00e9es par les dispositions suivantes  : \n\u00ab  L'entreprise  individuelle  d\u00e9nomm\u00e9e  \u00ab  DI  COSTOLA  NICOLAS  \u00bb  sous  l'enseigne  \u00ab  NDC \nPrestations fun\u00e9raires \u00bb sise 129 avenue de la Rose \u2013 R\u00e9sidence Parc Belmont B\u00e2t. C \u00e0 Marseille  \n(13013)  exploit\u00e9e  par  M.  Nicolas  DI  COSTOLA  est  habilit\u00e9e  sous  le\nN\u00b0 24-13-0513 \u00e0 compter de la date du pr\u00e9sent arr\u00eat\u00e9, pour exercer sur l'ensemble du territoire  \nnational les activit\u00e9s fun\u00e9raires suivantes :\n\u27a2 Jusqu'au 19 septembre 2029    :  \n\uf0d8 fourniture  de  personnel,  des  objets  et  prestations  n\u00e9cessaires  aux  \nobs\u00e8ques, inhumations, exhumations et cr\u00e9mations \u00bb\nArticle 2  : Les dispositions de l'article 2 de l'arr\u00eat\u00e9 pr\u00e9fectoral n\u00b0 24-13-0513 sont modifi\u00e9es et  \nremplac\u00e9es par les dispositions suivantes  : \n\u00ab L'habilitation est accord\u00e9e jusqu'au 19 septembre 2029. La demande de renouvellement devra  \n\u00eatre effectu\u00e9e deux mois avant son \u00e9ch\u00e9ance \u00bb.\nArticle 3  : Le reste de l'arr\u00eat\u00e9 n\u00b0 24-13-0513 est sans changement.\nArticle 4 : La pr\u00e9sente d\u00e9cision peut faire l'objet, dans un d\u00e9lai de deux mois \u00e0 compter de sa  \nnotification, d'un recours gracieux aupr\u00e8s de mes services, d'un recours hi\u00e9rarchique aupr\u00e8s de  \nmonsieur le ministre de l'int\u00e9rieur, d'un recours contentieux devant le tribunal administratif de  \nMarseille (31 rue Jean-Fran\u00e7ois LECA, 13002 Marseille)  ; la juridiction administrative comp\u00e9tente  \npeut aussi \u00eatre saisie par l'application T\u00e9l\u00e9recours accessible \u00e0 partir du site www.telerecours.fr.\nArticle  5  :  Le  secr\u00e9taire  g\u00e9n\u00e9ral  de  la  pr\u00e9fecture  des  Bouches-du-Rh\u00f4ne,  le  directeur  \nd\u00e9partemental de la s\u00e9curit\u00e9 publique des Bouches-du-Rh\u00f4ne sont charg\u00e9s, chacun en ce qui le  \nconcerne, de l'ex\u00e9cution du pr\u00e9sent arr\u00eat\u00e9 qui sera publi\u00e9 au recueil des actes administratifs.\nFait \u00e0 Marseille, le 18 SEPTEMBRE 2025\n              Pour le pr\u00e9fet,\nL'adjointe au chef de bureau \n                     SIGNE\nVirginie DUPOUY-RAVETLLAT\nPr\u00e9fecture des Bouches-du-Rhone - 13-2025-09-18-00018 - ARR\u00caT\u00c9 du 18 SEPTEMBRE 2025\nportant modification de l'habilitation N\u00b0 24-13-0513 de l'entreprise individuelle d\u00e9nomm\u00e9e \u00ab\u00a0DI COSTOLA NICOLAS \u00bb, exploit\u00e9e sous\nl'enseigne \u00ab\u00a0NDC Prestations fun\u00e9raires\u00a0\u00bb dans le domaine fun\u00e9raire\n25\nPr\u00e9fecture des Bouches-du-Rhone\n13-2025-09-23-00001\nARR\u00caT\u00c9 du 23 SEPTEMBRE 2025\nportant habilitation sous le n\u00b0 25-13-0338 de\nl'\u00e9tablissement secondaire de la soci\u00e9t\u00e9\n\u00ab\u00a0FUNECAP SUD-EST\u00bb exploit\u00e9 sous le nom\ncommercial \u00ab ROC' ECLERC \u00bb \nsis \u00e0 Ch\u00e2teauneuf-les-Martigues (13220), dans le\ndomaine fun\u00e9raire\nPr\u00e9fecture des Bouches-du-Rhone - 13-2025-09-23-00001 - ARR\u00caT\u00c9 du 23 SEPTEMBRE 2025\nportant habilitation sous le n\u00b0 25-13-0338 de l'\u00e9tablissement secondaire de la soci\u00e9t\u00e9 \u00ab\u00a0FUNECAP SUD-EST\u00bb exploit\u00e9 sous le nom\ncommercial \u00ab ROC' ECLERC \u00bb \nsis \u00e0 Ch\u00e2teauneuf-les-Martigues (13220), dans le domaine fun\u00e9raire\n26\nPREFETDES BOUCHES-DU-RHONELibert\u00e9Egalit\u00e9Fraternit\u00e9\nDIRECTION DE LA CITOYENNETE\nDE LA LEGALITE ET DE L'ENVIRONNEMENT\nBureau des \u00e9lections et de la r\u00e9glementation\nDCLE/BER/FUN/BC/2025/RAA N\u00b0                            \nARR\u00caT\u00c9 du 23 SEPTEMBRE 2025\nportant habilitation sous le n\u00b0 25-13-0338 de l'\u00e9tablissement secondaire de la soci\u00e9t\u00e9 \n\u00ab FUNECAP SUD-EST\u00bb exploit\u00e9 sous le nom commercial \u00ab ROC' ECLERC \u00bb \nsis \u00e0 Ch\u00e2teauneuf-les-Martigues (13220), dans le domaine fun\u00e9raire\nLe pr\u00e9fet de la r\u00e9gion Provence-Alpes-C\u00f4te d'Azur\n         pr\u00e9fet de la zone de d\u00e9fense et de s\u00e9curit\u00e9 Sud\n                       pr\u00e9fet des Bouches-du-Rh\u00f4ne\n               pr\u00e9fet de police des Bouches-du-Rh\u00f4ne\nVu le code g\u00e9n\u00e9ral des collectivit\u00e9s territoriales (CGCT), notamment les articles L2223-19 et  L2223-\n23 ;\nVu la loi n\u00b02008-1350 du 19 d\u00e9cembre 2008 relative \u00e0 la l\u00e9gislation fun\u00e9raire ;\nVu l'ordonnance n\u00b0 2005-855 du 28 juillet 2005 relative aux op\u00e9rations fun\u00e9raires, notamment l'article \n1 - \u00a7 IV ;\nVu le d\u00e9cret n\u00b0 2004-374 du 29 avril 2004 relatif aux pouvoirs des pr\u00e9fets, \u00e0 l'organisation et \u00e0 l'action  \ndes services de l'Etat dans les r\u00e9gions et d\u00e9partements ;\nVu le d\u00e9cret du 3 janvier 2025 portant nomination de monsieur Georges-Fran\u00e7ois LECLERC en qualit\u00e9  \nde pr\u00e9fet de la r\u00e9gion Provence-Alpes-C\u00f4te d'Azur, pr\u00e9fet de la zone de d\u00e9fense et de s\u00e9curit\u00e9 Sud,  \npr\u00e9fet des Bouches-du-Rh\u00f4ne ;\nVu le d\u00e9cret du 31 janvier 2025 portant nomination de monsieur Fr\u00e9d\u00e9ric POISOT en qualit\u00e9 de  \nsecr\u00e9taire g\u00e9n\u00e9ral de la pr\u00e9fecture des Bouches-du-Rh\u00f4ne, sous-pr\u00e9fet de Marseille ;\nVu le d\u00e9cret n\u00b02012-608 du 30 avril 2012 relatif aux dipl\u00f4mes dans le secteur fun\u00e9raire ;\nVu l'arr\u00eat\u00e9 du 30 avril 2012 portant application du d\u00e9cret susvis\u00e9 ;\nVu le d\u00e9cret n\u00b02020-917 du 28 juillet 2020 relatif \u00e0 la dur\u00e9e de l'habilitation dans le secteur fun\u00e9raire ;\nVu l'arr\u00eat\u00e9 n\u00b0 20-13-0338 du pr\u00e9fet des Bouches-du-Rh\u00f4ne en date du 08 octobre 2020, portant  \nhabilitation dans  le  domaine  fun\u00e9raire  jusqu'au  08  octobre  2025\nde l'\u00e9tablissement secondaire de la soci\u00e9t\u00e9 FUNECAP SUD-EST d\u00e9nomm\u00e9 \u00ab  ROC' ECLERC  \u00bb sis 37  \navenue du 4 septembre \u00e0 Ch\u00e2teauneuf-les-Martigues (13220) ;\n \nVu la  demande  re\u00e7ue  le  27  ao\u00fbt  2025  de  M.  Gr\u00e9gory  LECOUTEUX  directeur  ex\u00e9cutif  de  la  SAS \nFUNECAP SUD-EST sollicitant le renouvellement de l'habilitation susvis\u00e9e \u00e0 son \u00e9ch\u00e9ance ;\nConsid\u00e9rant que la demande est constitu\u00e9e conform\u00e9ment \u00e0 la l\u00e9gislation en vigueur et compl\u00e8te le  \n23 septembre 2025 ;\nSur proposition du secr\u00e9taire g\u00e9n\u00e9ral de la pr\u00e9fecture des Bouches-du-Rh\u00f4ne ;\nPr\u00e9fecture des Bouches-du-Rhone - 13-2025-09-23-00001 - ARR\u00caT\u00c9 du 23 SEPTEMBRE 2025\nportant habilitation sous le n\u00b0 25-13-0338 de l'\u00e9tablissement secondaire de la soci\u00e9t\u00e9 \u00ab\u00a0FUNECAP SUD-EST\u00bb exploit\u00e9 sous le nom\ncommercial \u00ab ROC' ECLERC \u00bb \nsis \u00e0 Ch\u00e2teauneuf-les-Martigues (13220), dans le domaine fun\u00e9raire\n27\nARR\u00caTE\nArticle 1  er     :  L'\u00e9tablissement secondaire de la soci\u00e9t\u00e9 \u00ab  FUNECAP SUD-EST  \u00bb exploit\u00e9 sous le nom  \ncommercial \u00ab  ROC' ECLERC  \u00bb sis  37 avenue du 4 septembre \u00e0 Ch\u00e2teauneuf-les-Martigues (13220),   \nrepr\u00e9sent\u00e9  par  M.  Gr\u00e9gory  LECOUTEUX  directeur  ex\u00e9cutif,  est  habilit\u00e9  sous  le  N\u00b0  25-13-0338 \u00e0  \ncompter de la date du pr\u00e9sent arr\u00eat\u00e9, pour exercer sur l'ensemble du territoire national les activit\u00e9s  \nfun\u00e9raires suivantes :\n\u2794 Jusqu'au 23 septembre 2030   :  \n\u2022 transport des corps avant et apr\u00e8s mise en bi\u00e8re\n\u2022 organisation des obs\u00e8ques\n\u2022 soins de conservation (en sous-traitance)\n\u2022 fourniture des housses, de cercueils et de leurs accessoires int\u00e9rieurs et ext\u00e9rieurs ainsi que des  \nurnes cin\u00e9raires \n\u2022 fourniture des corbillards et des voitures de deuil \n\u2022 fourniture  de  personnel,  des  objets  et  prestations  n\u00e9cessaires  aux  obs\u00e8ques,  inhumations,  \nexhumations et cr\u00e9mations\nArticle 2 : L'habilitation est accord\u00e9e pour 5 ans \u00e0 compter de la date du pr\u00e9sent arr\u00eat\u00e9. La demande  \nde renouvellement devra \u00eatre adress\u00e9e deux mois avant son \u00e9ch\u00e9ance.\nArticle 3 : L'arr\u00eat\u00e9 du pr\u00e9fet des Bouches-du-Rh\u00f4ne N\u00b0 20-13-0338 du 08 octobre 2020 susmentionn\u00e9  \nest abrog\u00e9 \u00e0 compter de la date du pr\u00e9sent arr\u00eat\u00e9.\nArticle 4  : L'op\u00e9rateur fun\u00e9raire habilit\u00e9 peut confier \u00e0 un ou plusieurs sous-traitants la r\u00e9alisation de  \ntout ou partie des prestations relevant du service ext\u00e9rieur des pompes fun\u00e8bres. Ce dernier doit \u00eatre  \nhabilit\u00e9 pour la prestation qu'il sous-traite ; de m\u00eame que les sous-traitants doivent \u00eatre habilit\u00e9s pour \nchacune des prestations du service ext\u00e9rieur qu'ils fournissent de mani\u00e8re habituelle aux familles. A  \nd\u00e9faut du respect de ces prescriptions, leur responsabilit\u00e9 conjointe pourra \u00eatre mise en cause.\nArticle 5 :  La pr\u00e9sente habilitation peut \u00eatre suspendue pour une dur\u00e9e maximum d'un an ou retir\u00e9e  \npar le pr\u00e9fet du d\u00e9partement o\u00f9 les faits auront \u00e9t\u00e9 constat\u00e9s, conform\u00e9ment aux dispositions de  \nl'article L2223-25 du code g\u00e9n\u00e9ral des collectivit\u00e9s territoriales, pour les motifs suivants :\n1\u00b0 non-respect des dispositions du code g\u00e9n\u00e9ral des collectivit\u00e9s territoriales auxquelles sont soumises \nles r\u00e9gies, entreprises ou associations habilit\u00e9es conform\u00e9ment \u00e0 l'article L 2223-23,\n2\u00b0 non-exercice ou cessation d'exercice des activit\u00e9s au titre desquelles elle a \u00e9t\u00e9 d\u00e9livr\u00e9e,\n3\u00b0 atteinte \u00e0 l'ordre public ou danger pour la salubrit\u00e9 publique.\nDans le cas d'un d\u00e9l\u00e9gataire, le retrait de l'habilitation entra\u00eene la d\u00e9ch\u00e9ance des d\u00e9l\u00e9gations.\nArticle 6  :  La pr\u00e9sente d\u00e9cision peut faire l'objet, dans un d\u00e9lai de deux mois \u00e0 compter de sa  \nnotification,  d'un  recours  gracieux  aupr\u00e8s  de  mes  services,  d'un  recours  hi\u00e9rarchique  aupr\u00e8s  de \nmonsieur  le  ministre  de  l'int\u00e9rieur,  d'un  recours  contentieux  devant  le  tribunal  administratif  de \nMarseille (31 rue Jean-Fran\u00e7ois LECA, 13002 Marseille)  ; la juridiction administrative comp\u00e9tente peut  \naussi \u00eatre saisie par l'application T\u00e9l\u00e9recours accessible \u00e0 partir du site www.telerecours.fr.\nArticle 7  : Le secr\u00e9taire g\u00e9n\u00e9ral de la pr\u00e9fecture des Bouches-du-Rh\u00f4ne, le sous-pr\u00e9fet d'Istres, le  \ndirecteur d\u00e9partement de la s\u00e9curit\u00e9 publique des Bouches-du-Rh\u00f4ne sont charg\u00e9s, chacun en ce qui  \nle concerne, de l'ex\u00e9cution du pr\u00e9sent arr\u00eat\u00e9 qui sera publi\u00e9 au recueil des actes administratifs.\nFait \u00e0 Marseille, le 23 SEPTEMBRE 2025\n              Pour le pr\u00e9fet,\nL'adjointe au chef de bureau\n                   SIGNE\nVirginie DUPOUY-RAVETLLAT\nPr\u00e9fecture des Bouches-du-Rhone - 13-2025-09-23-00001 - ARR\u00caT\u00c9 du 23 SEPTEMBRE 2025\nportant habilitation sous le n\u00b0 25-13-0338 de l'\u00e9tablissement secondaire de la soci\u00e9t\u00e9 \u00ab\u00a0FUNECAP SUD-EST\u00bb exploit\u00e9 sous le nom\ncommercial \u00ab ROC' ECLERC \u00bb \nsis \u00e0 Ch\u00e2teauneuf-les-Martigues (13220), dans le domaine fun\u00e9raire\n28\nPr\u00e9fecture des Bouches-du-Rhone\n13-2025-09-19-00006\nArr\u00eat\u00e9 relatif \u00e0 la soci\u00e9t\u00e9 \u00e0 responsabilit\u00e9 limit\u00e9e \nd\u00e9nomm\u00e9e \u00abPOINT SERVICES\u00bb portant\nagr\u00e9ment en qualit\u00e9 d'entreprise fournissant une\ndomiciliation juridique \u00e0 des personnes\nphysiques ou morales immatricul\u00e9es au registre\ndu commerce et des soci\u00e9t\u00e9s ou au r\u00e9pertoire\ndes m\u00e9tiers\nPr\u00e9fecture des Bouches-du-Rhone - 13-2025-09-19-00006 - Arr\u00eat\u00e9 relatif \u00e0 la soci\u00e9t\u00e9 \u00e0 responsabilit\u00e9 limit\u00e9e  d\u00e9nomm\u00e9e \u00abPOINT\nSERVICES\u00bb portant agr\u00e9ment en qualit\u00e9 d'entreprise fournissant une domiciliation juridique \u00e0 des personnes physiques ou morales\nimmatricul\u00e9es au registre du commerce et des soci\u00e9t\u00e9s ou au r\u00e9pertoire des m\u00e9tiers\n29\nPREFETDES BOUCHES-DU-RHONELibert\u00e9\u00c9galit\u00e9Fraternit\u00e9\nDirection de la s\u00e9curit\u00e9 :\n police administrative et r\u00e9glementation\nBureau des polices administratives \nen mati\u00e8re de s\u00e9curit\u00e9\nArr\u00eat\u00e9 relatif \u00e0 la soci\u00e9t\u00e9 \u00e0 responsabilit\u00e9 limit\u00e9e  d\u00e9nomm\u00e9e \u00abPOINT SERVICES\u00bb portant \nagr\u00e9ment en qualit\u00e9 d'entreprise fournissant une domiciliation juridique \u00e0 des personnes \nphysiques ou morales immatricul\u00e9es au registre du commerce et des soci\u00e9t\u00e9s ou au r\u00e9pertoire \ndes m\u00e9tiers\nLe pr\u00e9fet de la r\u00e9gion Provence-Alpes-C\u00f4te d'Azur\nPr\u00e9fet de la zone de d\u00e9fense de s\u00e9curit\u00e9 Sud\nPr\u00e9fet des Bouches-du-Rh\u00f4ne\nVu  la  directive  2005/60CE  du  parlement  et  du  conseil  du  26  octobre  2005  relative  \u00e0  la \npr\u00e9vention de l'utilisation du syst\u00e8me financier aux fins de blanchiment de capitaux et de  \nfinancement du terrorisme ;\nVu le code de commerce, notamment ses articles L.123-11-3 \u00e0 L.123-11-7 , R.123-166-1 et suivants \net R.123-167 \u00e0 R123-171 ;\nVu le code mon\u00e9taire et financier, notamment ses articles L561-2, L561-37 \u00e0 L 561-43 et R 561  \n39 \u00e0 R 561-50 ;\nVu l'ordonnance n\u00b0 2009-104 du 30 janvier 2009 relative \u00e0 la pr\u00e9vention de l'utilisation du  \nsyst\u00e8me financier aux fins de blanchiment de capitaux et de financement du terrorisme,  \nnotamment les articles 9 et 10 ;\nVu le d\u00e9cret du pr\u00e9sident de la R\u00e9publique  en date du 3 janvier 2025  portant nomination de \nmonsieur Georges-Fran\u00e7ois LECLERC en qualit\u00e9 de pr\u00e9fet de la r\u00e9gion Provence-Alpes-C\u00f4te \nd'Azur, pr\u00e9fet de la zone de d\u00e9fense et de s\u00e9curit\u00e9 Sud, pr\u00e9fet des Bouches-du-Rh\u00f4ne ;\nVu l'arr\u00eat\u00e9 n\u00b013-2025-09-05-00005 du 05 septembre 2025 portant d\u00e9l\u00e9gation de signature \u00e0  \nmadame  C\u00e9cile   MOVIZZO,  conseill\u00e8re  d'administration  de  l'int\u00e9rieur  et  de  l'outre-mer, \ndirectrice de la s\u00e9curit\u00e9 : police administrative et r\u00e9glementation ; \nVu le dossier de demande d'agr\u00e9ment pr\u00e9vu \u00e0 l'article L.123-11-3 du code de commerce,  \npr\u00e9sent\u00e9 par monsieur Gr\u00e9gory PILO en sa qualit\u00e9 de g\u00e9rant de la soci\u00e9t\u00e9 d\u00e9nomm\u00e9e  \u00abPOINT \nSERVICES\u00bb pour ses locaux et  si\u00e8ge social  situ\u00e9s Le Cristal \u2013 83 boulevard de l'Europe \u2013 13127 \nVitrolles ; \n \nVu la d\u00e9claration de la soci\u00e9t\u00e9 d\u00e9nomm\u00e9e \u00abPOINT SERVICES\u00bb ;\nPlace F\u00e9lix Baret - CS 80001  \u2013 13282 Marseille Cedex 06 -\nT\u00e9l\u00e9phone : 04.84.35.40.00 \nwww.bouches-du-rhone.gouv.fr\nPr\u00e9fecture des Bouches-du-Rhone - 13-2025-09-19-00006 - Arr\u00eat\u00e9 relatif \u00e0 la soci\u00e9t\u00e9 \u00e0 responsabilit\u00e9 limit\u00e9e  d\u00e9nomm\u00e9e \u00abPOINT\nSERVICES\u00bb portant agr\u00e9ment en qualit\u00e9 d'entreprise fournissant une domiciliation juridique \u00e0 des personnes physiques ou morales\nimmatricul\u00e9es au registre du commerce et des soci\u00e9t\u00e9s ou au r\u00e9pertoire des m\u00e9tiers\n30\nVu les attestations sur l'honneur de monsieur Gr\u00e9gory PILO  et monsieur Georges THERON ;\nVu  les  justificatifs  produits  pour  l'exercice  des  prestations  de  domiciliation  et  pour \nl'honorabilit\u00e9 des dirigeants ainsi que des actionnaires ou associ\u00e9s d\u00e9tenant au moins 25% des \nvoix, des parts ou des droits de vote ; \nConsid\u00e9rant que la soci\u00e9t\u00e9 d\u00e9nomm\u00e9e  \u00abPOINT SERVICES\u00bb  dispose en son \u00e9tablissement et  \nsi\u00e8ge social situ\u00e9 Le Cristal \u2013 83 boulevard de l'Europe \u2013 13127 Vitrolles    d'une pi\u00e8ce propre \u00e0  \nassurer la confidentialit\u00e9 n\u00e9cessaire  ; qu'elle la met \u00e0 disposition des personnes domicili\u00e9es,  \npour  leur  permettre  une  r\u00e9union  r\u00e9guli\u00e8re  des  organes  charg\u00e9s  de  la  direction,  de \nl'administration ou de la surveillance de l'entreprise ainsi que la tenue, la conservation des  \nlivres, registres et documents prescrits par les lois et r\u00e8glements.\nSur proposition du secr\u00e9taire g\u00e9n\u00e9ral de la pr\u00e9fecture des Bouches-du-Rh\u00f4ne ;\nA R R E T E\nArticle 1  er     : La soci\u00e9t\u00e9 d\u00e9nomm\u00e9e \u00abPOINT SERVICES \u00bb, dont le si\u00e8ge social est situ\u00e9 Le Cristal \n83  boulevard  de  l'Europe  \u2013 13127  Vitrolles  est  agr\u00e9\u00e9  pour  cet  \u00e9tablissement   en  qualit\u00e9 \nd'entreprise fournissant une domiciliation juridique \u00e0 des personnes physiques ou morales  \ninscrites au registre du commerce et des soci\u00e9t\u00e9s ou au r\u00e9pertoire des m\u00e9tiers.\nArticle 2  : L'agr\u00e9ment est d\u00e9livr\u00e9 pour une dur\u00e9e de six ans \u00e0 compter de la date du pr\u00e9sent  \narr\u00eat\u00e9. \nArticle 3 : Le num\u00e9ro d'agr\u00e9ment est : 2025/AEDFJ/13/24\nArticle 4  : Tout changement substantiel concernant les donn\u00e9es principales de l'entreprise  \nindiqu\u00e9es  par  \u00abPOINT  SERVICES \u00bb,  dans  sa  demande  d'agr\u00e9ment  et  notamment  le  \nchangement de si\u00e8ge de l'entreprise, la d\u00e9signation d'un seul associ\u00e9 d'au moins 25% des voix,  \nparts sociales ou droits de vote, la condamnation de l'u n des dirigeants, la perte des locaux  \nfournis  aux  entreprises  domicili\u00e9es,  la  cr\u00e9ation  d'\u00e9tablissements  secondaires  ou  tout \nchangement susceptible de remettre en cause les conditions du pr\u00e9sent agr\u00e9ment doit faire  \nl'objet d'une d\u00e9claration en pr\u00e9fecture conform\u00e9ment aux dispositions de l'article R. 123-166-4 \ndu Code de commerce.\nArticle 5 : Le pr\u00e9sent agr\u00e9ment peut \u00eatre suspendu pour une dur\u00e9e maximum de six mois en  \nfonction de la gravit\u00e9 des griefs qui pourraient \u00eatre relev\u00e9s \u00e0 l'encontre de l'entreprise. Il peut  \n\u00eatre  retir\u00e9  en  cas  de  d\u00e9faillance  de  l'une  des  conditions  essentielles  requises  pour  sa \nd\u00e9livrance.\nArticle 6  : Le pr\u00e9sent agr\u00e9ment peut \u00eatre suspendu en cas de saisine et dans l'attente de la  \nd\u00e9cision de la Commission nationale des sanctions institu\u00e9e par l'article L 561-38 du code  \nmon\u00e9taire et financier.\nArticle 7     : Conform\u00e9ment aux dispositions de l' article R123-168 du code du commerce, l e \ndomiciliataire doit d\u00e9tenir pour chaque personne domicili\u00e9e, un dossier contenant les pi\u00e8ces  \njustificatives relatives, s'agissant des personnes physiques, \u00e0 leur domicile personnel et \u00e0 leurs  \nPlace F\u00e9lix Baret - CS 80001  \u2013 13282 Marseille Cedex 06 -\nT\u00e9l\u00e9phone : 04.84.35.40.00 \nwww.bouches-du-rhone.gouv.fr\nPr\u00e9fecture des Bouches-du-Rhone - 13-2025-09-19-00006 - Arr\u00eat\u00e9 relatif \u00e0 la soci\u00e9t\u00e9 \u00e0 responsabilit\u00e9 limit\u00e9e  d\u00e9nomm\u00e9e \u00abPOINT\nSERVICES\u00bb portant agr\u00e9ment en qualit\u00e9 d'entreprise fournissant une domiciliation juridique \u00e0 des personnes physiques ou morales\nimmatricul\u00e9es au registre du commerce et des soci\u00e9t\u00e9s ou au r\u00e9pertoire des m\u00e9tiers\n31\ncoordonn\u00e9es  t\u00e9l\u00e9phoniques  et,  s'agissant  des  personnes  morales,  au  domicile  et  aux \ncoordonn\u00e9es t\u00e9l\u00e9phoniques de leur repr\u00e9sentant l\u00e9gal. Ce dossier contient \u00e9galement les  \njustificatifs relatifs \u00e0 chacun des lieux d'activit\u00e9 des entreprises domicili\u00e9es et au lieu de  \nconservation  des  documents  comptables  lorsqu'ils  ne  sont  pas  conserv\u00e9s  chez  le  \ndomiciliataire. \nArticle 8 : Le domiciliataire informe le greffier du tribunal, \u00e0 l'expiration du contrat ou en cas  \nde r\u00e9siliation anticip\u00e9e de celui-ci, de la cessation de la domiciliation de l'entreprise dans ses  \nlocaux. Lorsque la personne domicili\u00e9e dans ses locaux n'a pas pris connaissance de son  \ncourrier depuis trois mois, il en informe \u00e9galement le greffier du tribunal de commerce ou la  \nchambre des m\u00e9tiers et de l'artisanat. Il fournit, chaque trimestre, au centre des imp\u00f4ts et  \naux  organismes  de  recouvrement  des  cotisations  et  contributions  de  s\u00e9curit\u00e9  sociale \ncomp\u00e9tents une liste des personnes qui se sont domicili\u00e9es dans ses locaux au cours de cette \np\u00e9riode ou qui ont mis fin \u00e0 leur domiciliation ainsi que chaque ann\u00e9e, avant le 15 janvier,  \nune liste des personnes domicili\u00e9es au 1er janvier.\nArticle 09     : Le pr\u00e9sent arr\u00eat\u00e9 peut \u00eatre contest\u00e9 dans les deux mois suivants sa notification :\n- soit par voie de recours gracieux aupr\u00e8s de monsieur le pr\u00e9fet des Bouches-du-Rh\u00f4ne ;\n- soit par voie de recours hi\u00e9rarchique form\u00e9 aupr\u00e8s de monsieur le ministre de l'int\u00e9rieur ;\n- soit par recours contentieux  devant le tribunal administratif de Marseille, 31 rue Jean  \nFran\u00e7ois Leca 13002 \u00e0 Marseille \u2013 ou sur www.telerecours.fr.\nArticle  10  :  Le  secr\u00e9taire  g\u00e9n\u00e9ral  de  la  pr\u00e9fecture  des  Bouches-du-Rh\u00f4ne  est  charg\u00e9  de \nl'ex\u00e9cution  du  pr\u00e9sent  arr\u00eat\u00e9  qui  sera  publi\u00e9  au  recueil  des  actes  administratifs  de  la \nPr\u00e9fecture des Bouches-du-Rh\u00f4ne.\nMarseille, le 23 septembre 2025\nPour le pr\u00e9fet et par d\u00e9l\u00e9gation\nLa directrice adjointe de la s\u00e9curit\u00e9 : \npolice administrative et r\u00e9glementation\nsign\u00e9\nKarine OLIVER\nPlace F\u00e9lix Baret - CS 80001  \u2013 13282 Marseille Cedex 06 -\nT\u00e9l\u00e9phone : 04.84.35.40.00 \nwww.bouches-du-rhone.gouv.fr\nPr\u00e9fecture des Bouches-du-Rhone - 13-2025-09-19-00006 - Arr\u00eat\u00e9 relatif \u00e0 la soci\u00e9t\u00e9 \u00e0 responsabilit\u00e9 limit\u00e9e  d\u00e9nomm\u00e9e \u00abPOINT\nSERVICES\u00bb portant agr\u00e9ment en qualit\u00e9 d'entreprise fournissant une domiciliation juridique \u00e0 des personnes physiques ou morales\nimmatricul\u00e9es au registre du commerce et des soci\u00e9t\u00e9s ou au r\u00e9pertoire des m\u00e9tiers\n32\nSecr\u00e9tariat g\u00e9n\u00e9ral pour l'administration du\nminist\u00e8re de l'int\u00e9rieur\n13-2025-09-22-00003\nArr\u00eat\u00e9 du 22 septembre 2025 portant d\u00e9l\u00e9gation\nde signature \u00e0 M. Romain DELMON, secr\u00e9taire\ng\u00e9n\u00e9ral de la zone de d\u00e9fense et de s\u00e9curit\u00e9 Sud\naupr\u00e8s du pr\u00e9fet de la r\u00e9gion\nProvence-Alpes-C\u00f4te d'Azur, pr\u00e9fet de la zone\nde d\u00e9fense et de s\u00e9curit\u00e9 Sud, pr\u00e9fet des\nBouches-du-Rh\u00f4ne\nSecr\u00e9tariat g\u00e9n\u00e9ral pour l'administration du minist\u00e8re de l'int\u00e9rieur - 13-2025-09-22-00003 - Arr\u00eat\u00e9 du 22 septembre 2025 portant\nd\u00e9l\u00e9gation de signature \u00e0 M. Romain DELMON, secr\u00e9taire g\u00e9n\u00e9ral de la zone de d\u00e9fense et de s\u00e9curit\u00e9 Sud aupr\u00e8s du pr\u00e9fet de la\nr\u00e9gion Provence-Alpes-C\u00f4te d'Azur, pr\u00e9fet de la zone de d\u00e9fense et de s\u00e9curit\u00e9 Sud, pr\u00e9fet des Bouches-du-Rh\u00f4ne\n33\nPREFETDE LA ZONEDE DEFENSE |ET DE SECURITESUDLibert\u00e9Egalit\u00e9Fraternit\u00e9\nSecr\u00e9tariat g\u00e9n\u00e9ral de la zone de d\u00e9fense et de s\u00e9curit\u00e9 Sud\nSecr\u00e9tariat g\u00e9n\u00e9ral pour l'administration\ndu minist\u00e8re de l'Int\u00e9rieur Sud\nArr\u00eat\u00e9 du 22 septembre 2025 portant d\u00e9l\u00e9gation de signature \u00e0\nM. Romain DELMON,\nsecr\u00e9taire g\u00e9n\u00e9ral de la zone de d\u00e9fense et de s\u00e9curit\u00e9 Sud aupr\u00e8s du pr\u00e9fet de la r\u00e9gion\nProvence-Alpes-C\u00f4te d'Azur, pr\u00e9fet de la zone de d\u00e9fense et de s\u00e9curit\u00e9 Sud, pr\u00e9fet des\nBouches-du-Rh\u00f4ne\nLe pr\u00e9fet de la r\u00e9gion Provence-Alpes-C\u00f4te d'Azur,\npr\u00e9fet de la zone de d\u00e9fense et de s\u00e9curit\u00e9 Sud,\npr\u00e9fet des Bouches-du-Rh\u00f4ne,\nVu la loi organique n\u00b0 2001-692 du 1er ao\u00fbt 2001 modifi\u00e9e relative aux lois de finances ;\nVu le code de la d\u00e9fense ;\nVu le code de la s\u00e9curit\u00e9 Int\u00e9rieure ;\nVu le code du sport ;\nVu le code de la sant\u00e9 publique ;\nVu le code g\u00e9n\u00e9ral des collectivit\u00e9s territoriales ;\nVu la loi n\u00b082-213 du 2 mars 1982 modifi\u00e9e relative aux droits et libert\u00e9s des communes,\ndes d\u00e9partements et des r\u00e9gions ;\nVu  la  loi  n\u00b02011-267  du  14  mars  2011  d'orientation  et  de  programmation  pour  la\nperformance  de  la  s\u00e9curit\u00e9  Int\u00e9rieure  modifi\u00e9e  pour  partie  par  le  code  de  s\u00e9curit\u00e9\nInt\u00e9rieure ;\nVu la loi de finances n\u00b0 2017-1837 du 30 d\u00e9cembre 2017 pour 2018 ; \nVu l'ordonnance n\u00b02012-351 du 12 mars 2012, relative \u00e0 la partie l\u00e9gislative du code de\ns\u00e9curit\u00e9 Int\u00e9rieure ; \nSecr\u00e9tariat g\u00e9n\u00e9ral pour l'administration du minist\u00e8re de l'int\u00e9rieur - 13-2025-09-22-00003 - Arr\u00eat\u00e9 du 22 septembre 2025 portant\nd\u00e9l\u00e9gation de signature \u00e0 M. Romain DELMON, secr\u00e9taire g\u00e9n\u00e9ral de la zone de d\u00e9fense et de s\u00e9curit\u00e9 Sud aupr\u00e8s du pr\u00e9fet de la\nr\u00e9gion Provence-Alpes-C\u00f4te d'Azur, pr\u00e9fet de la zone de d\u00e9fense et de s\u00e9curit\u00e9 Sud, pr\u00e9fet des Bouches-du-Rh\u00f4ne\n34\nVu  le  d\u00e9cret  n\u00b086-442  du  14  mars  1986  relatif  \u00e0  la  d\u00e9signation  des  m\u00e9decins  agr\u00e9\u00e9s,\n\u00e0  l'organisation  des  conseils  m\u00e9dicaux,  aux  conditions  d'aptitude  physique  pour\nl'admission  aux  emplois  publics  et  au  r\u00e9gime  de  cong\u00e9s  de  maladie  des\nfonctionnaires ;\nVu  le  d\u00e9cret  n\u00b095-1197  du  6  novembre  1995  portant  d\u00e9concentration  en  mati\u00e8re  de\ngestion  des  personnels  de  la  police  nationale  modifi\u00e9  par  le  d\u00e9cret  n\u00b096-1141  du  24\nd\u00e9cembre 1996 et par le d\u00e9cret n\u00b0 2005-1723 du 30 d\u00e9cembre 2005 ;\nVu le d\u00e9cret 2006-1780 du 23 d\u00e9cembre 2006 portant d\u00e9l\u00e9gation de pouvoir en mati\u00e8re de\nrecrutement et de gestion de certains personnels relevant du minist\u00e8re de l'Int\u00e9rieur ;\nVu le d\u00e9cret n\u00b097-1999 du 5 mars 1997 modifi\u00e9 relatif au remboursement de certaines ;\nd\u00e9penses support\u00e9es par les forces de police et de gendarmerie ;\nVu le d\u00e9cret n\u00b02004-112 du 6 f\u00e9vrier 2004 relatif \u00e0 l'organisation des actions de l'\u00c9tat en\nmer ;\nVu  le  d\u00e9cret  n\u00b02004-374  du  29  avril  2004  modifi\u00e9  relatif  aux  pouvoirs  des  pr\u00e9fets,  \u00e0\nl'organisation et \u00e0 l'action des services de l'\u00c9tat dans les r\u00e9gions et les d\u00e9partements ;\nVu  le  d\u00e9cret  n\u00b0  2004-1339  du  7  d\u00e9cembre  2004  relatif  \u00e0  la  d\u00e9concentration  de  la\nrepr\u00e9sentation de l'\u00c9tat devant les tribunaux administratifs dans les litiges n\u00e9s de d\u00e9cisions\nprises par les pr\u00e9fets sous l'autorit\u00e9 desquels sont plac\u00e9s les SGAP ;\nVu le d\u00e9cret n\u00b02018-1075 du 03 d\u00e9cembre 2018 portant partie r\u00e9glementaire du code de la\ncommande publique ;\nVu le d\u00e9cret n\u00b02006-1780 du 23 d\u00e9cembre 2006 portant d\u00e9l\u00e9gation de pouvoir en mati\u00e8re\nde recrutement et de gestion de certains personnels relevant du minist\u00e8re de l'Int\u00e9rieur ;\nVu le d\u00e9cret n\u00b02009-1725 du 30 d\u00e9cembre 2009 modifiant certaines dispositions relatives\naux d\u00e9l\u00e9gations de pouvoir en mati\u00e8re de recrutement et de gestion de certains personnels\ndu minist\u00e8re de l'Int\u00e9rieur ;\nVu le d\u00e9cret n\u00b0 2010-224 du 4 mars 2010 relatif aux pouvoirs des pr\u00e9fets de zone de\nd\u00e9fense et de s\u00e9curit\u00e9 ;\nVu le d\u00e9cret n\u00b02012-1151 du 15 octobre 2012 relatif \u00e0 l'organisation et \u00e0 l'action des services\nde l'\u00c9tat dans le d\u00e9partement des Bouches-du-Rh\u00f4ne ;\nVu le d\u00e9cret n\u00b0 2012-1246 du 7 novembre 2012 relatif \u00e0 la gestion budg\u00e9taire et comptable\npublique ;\nVu  le  d\u00e9cret  n\u00b02014-296  du  6  mars  2014  relatif  aux  secr\u00e9tariats  g\u00e9n\u00e9raux  pour\nl'administration du minist\u00e8re de l'Int\u00e9rieur et modifiant diverses dispositions du code de la\nd\u00e9fense et de la s\u00e9curit\u00e9 Int\u00e9rieure ;\nSecr\u00e9tariat g\u00e9n\u00e9ral pour l'administration du minist\u00e8re de l'int\u00e9rieur - 13-2025-09-22-00003 - Arr\u00eat\u00e9 du 22 septembre 2025 portant\nd\u00e9l\u00e9gation de signature \u00e0 M. Romain DELMON, secr\u00e9taire g\u00e9n\u00e9ral de la zone de d\u00e9fense et de s\u00e9curit\u00e9 Sud aupr\u00e8s du pr\u00e9fet de la\nr\u00e9gion Provence-Alpes-C\u00f4te d'Azur, pr\u00e9fet de la zone de d\u00e9fense et de s\u00e9curit\u00e9 Sud, pr\u00e9fet des Bouches-du-Rh\u00f4ne\n35\nVu le d\u00e9cret n\u00b0 2015-1625 du 10 d\u00e9cembre 2015 relatif \u00e0 la composition des zones de\nd\u00e9fense et de s\u00e9curit\u00e9, des r\u00e9gions de gendarmerie et des groupements de gendarmerie\nd\u00e9partementale ;\nVu  le  d\u00e9cret  n\u00b0  2016-1937  du  29  d\u00e9cembre  2016  portant  r\u00e9partition  des  cr\u00e9dits  et\nd\u00e9couverts autoris\u00e9s par la loi n\u00b0 2016-1917 pr\u00e9cit\u00e9e ;\nVu le d\u00e9cret du 9 janvier 2024 portant nomination de M. Arnaud VIEULES, coordonnateur\npour  la  s\u00e9curit\u00e9  aupr\u00e8s  des  pr\u00e9fets  de  Haute-Corse  et  de  Corse-du-Sud  et  charg\u00e9  de\nmission aupr\u00e8s du pr\u00e9fet de Corse, pr\u00e9fet de la Corse-du-Sud, et du pr\u00e9fet de la Haute-\nCorse ;\nVu le d\u00e9cret du 3 janvier 2025 portant nomination de M. Georges-Fran\u00e7ois LECLERC, en\nqualit\u00e9 de pr\u00e9fet de la r\u00e9gion Provence-Alpes-C\u00f4te d'Azur, pr\u00e9fet de la zone de d\u00e9fense et\nde s\u00e9curit\u00e9 Sud, pr\u00e9fet des Bouches-du-Rh\u00f4ne ;\nVu le d\u00e9cret du 12 mars 2025 portant nomination du pr\u00e9fet de la r\u00e9gion Provence-Alpes-\nC\u00f4te d'Azur, pr\u00e9fet de la zone de d\u00e9fense et de s\u00e9curit\u00e9 Sud, pr\u00e9fet des Bouches-du-Rh\u00f4ne,\nen outre pr\u00e9fet de police des Bouches-du-Rh\u00f4ne - M. LECLERC (Georges-Fran\u00e7ois) ;\nVu le d\u00e9cret du 26 ao\u00fbt 2025 portant nomination de M. Romain DELMON, en qualit\u00e9 de\nsecr\u00e9taire g\u00e9n\u00e9ral de la zone de d\u00e9fense et de s\u00e9curit\u00e9 Sud aupr\u00e8s du pr\u00e9fet de la r\u00e9gion\nProvence-Alpes-C\u00f4te d'Azur, pr\u00e9fet de la zone de d\u00e9fense et de s\u00e9curit\u00e9 Sud, pr\u00e9fet des\nBouches-du-Rh\u00f4ne ;\nVu l'arr\u00eat\u00e9 interminist\u00e9riel du 8 d\u00e9cembre 1993 modifi\u00e9 portant r\u00e8glement de comptabilit\u00e9\npour la d\u00e9signation des ordonnateurs secondaires et de leurs d\u00e9l\u00e9gu\u00e9s ;\nVu  l'arr\u00eat\u00e9  minist\u00e9riel  du  30  d\u00e9cembre  2005  portant  d\u00e9concentration  en  mati\u00e8re  de\ngestion des fonctionnaires actifs des services de la police nationale ;\nVu l'arr\u00eat\u00e9 minist\u00e9riel du 30 d\u00e9cembre 2005 modifi\u00e9 portant d\u00e9concentration en mati\u00e8re\nde gestion des fonctionnaires des corps administratifs, techniques et scientifiques de la\npolice nationale ;\nVu l'arr\u00eat\u00e9 minist\u00e9riel du 8 octobre 2009 instituant des commissions consultatives paritaires\ncomp\u00e9tentes \u00e0 l'\u00e9gard des adjoints de s\u00e9curit\u00e9 recrut\u00e9s en application de l'article 36 de la\nloi n\u00b0 95-73 du 21 janvier 1995 d'orientation et de programmation relative \u00e0 la s\u00e9curit\u00e9 ;\nVu l'arr\u00eat\u00e9 minist\u00e9riel du 30 d\u00e9cembre 2009 portant d\u00e9l\u00e9gation de pouvoir en mati\u00e8re de\nrecrutement et de gestion des personnels administratifs du minist\u00e8re de l'Int\u00e9rieur, de\nl'outre-mer et des collectivit\u00e9s territoriales ;\nVu l'arr\u00eat\u00e9 minist\u00e9riel du 30 d\u00e9cembre 2009 portant d\u00e9l\u00e9gation de pouvoir en mati\u00e8re de\nrecrutement et de gestion de certains personnels techniques et sp\u00e9cialis\u00e9s du minist\u00e8re de\nl'Int\u00e9rieur, de l'outre-mer et des collectivit\u00e9s territoriales ;\nVu l'arr\u00eat\u00e9 minist\u00e9riel du 6 mars 2014 portant organisation des secr\u00e9tariats g\u00e9n\u00e9raux pour\nl'administration du minist\u00e8re de l'Int\u00e9rieur ;\nSecr\u00e9tariat g\u00e9n\u00e9ral pour l'administration du minist\u00e8re de l'int\u00e9rieur - 13-2025-09-22-00003 - Arr\u00eat\u00e9 du 22 septembre 2025 portant\nd\u00e9l\u00e9gation de signature \u00e0 M. Romain DELMON, secr\u00e9taire g\u00e9n\u00e9ral de la zone de d\u00e9fense et de s\u00e9curit\u00e9 Sud aupr\u00e8s du pr\u00e9fet de la\nr\u00e9gion Provence-Alpes-C\u00f4te d'Azur, pr\u00e9fet de la zone de d\u00e9fense et de s\u00e9curit\u00e9 Sud, pr\u00e9fet des Bouches-du-Rh\u00f4ne\n36\nVu l'arr\u00eat\u00e9 minist\u00e9riel du 26 janvier 2015 portant d\u00e9l\u00e9gation de pouvoir en mati\u00e8re de\nrecrutement et de gestion de certains ouvriers d'\u00c9tat du minist\u00e8re de l'Int\u00e9rieur ;\nVu l'arr\u00eat\u00e9 minist\u00e9riel du 26 janvier 2015 portant d\u00e9l\u00e9gation de pouvoir en mati\u00e8re de\nrecrutement et de gestion des personnels administratifs du minist\u00e8re de l'Int\u00e9rieur ;\nVu l'arr\u00eat\u00e9 minist\u00e9riel du 26 janvier 2015 portant d\u00e9l\u00e9gation de pouvoir en mati\u00e8re de\nrecrutement et de gestion de certains personnels techniques et sp\u00e9cialis\u00e9s du minist\u00e8re de\nl'Int\u00e9rieur ;\nVu  l'arr\u00eat\u00e9  minist\u00e9riel  du  27  janvier  2015  fixant  les  modalit\u00e9s  de  recrutement  et  de\nformation des adjoints de s\u00e9curit\u00e9 au titre du d\u00e9veloppement d'activit\u00e9 pour l'emploi des\njeunes ;\nVu l'arr\u00eat\u00e9 minist\u00e9riel du 27 janvier 2015 modifiant l'arr\u00eat\u00e9 du 24 ao\u00fbt 2000 fixant les droits\net obligations des adjoints de s\u00e9curit\u00e9 recrut\u00e9s au titre du d\u00e9veloppement d'activit\u00e9 pour\nl'emploi des jeunes ;\nVu  l'arr\u00eat\u00e9  minist\u00e9riel  du  16  mai  2023  portant  r\u00e9int\u00e9gration  de  Monsieur  David\nPREUD'HOMME en qualit\u00e9 de secr\u00e9taire g\u00e9n\u00e9ral adjoint pour l'administration du minist\u00e8re\nde l'Int\u00e9rieur \u00e0 Marseille \u00e0 compter du 1er ao\u00fbt 2023.\nVu l'arr\u00eat\u00e9 du 18 juillet 2013 relatif \u00e0 l'organisation et aux attributions des \u00e9chelons de\ncommandement de la gendarmerie nationale en m\u00e9tropole ;\nVu l'arr\u00eat\u00e9 pr\u00e9fectoral du 24 juillet 2014 portant organisation du secr\u00e9tariat g\u00e9n\u00e9ral pour\nl'administration du minist\u00e8re de l'Int\u00e9rieur (SGAMI) de la zone de d\u00e9fense et de s\u00e9curit\u00e9\nSud ;\nVu l'arr\u00eat\u00e9 pr\u00e9fectoral du 20 avril 2017 portant cr\u00e9ation du centre zonal op\u00e9rationnel de\ncrise (CeZOC) ;\nVu la d\u00e9cision de la DGGN n\u00b051 917 du 16 juillet 2014 portant changement de rattachement\norganique des centres de soutien automobiles de la gendarmerie (CSAG) au sein de la\nr\u00e9gion de gendarmerie zone de d\u00e9fense et de s\u00e9curit\u00e9 Sud ;\nSur proposition du secr\u00e9taire g\u00e9n\u00e9ral de la zone de d\u00e9fense et de s\u00e9curit\u00e9 Sud,\nA R R E T E\nARTICLE 1 :\nDe donner d\u00e9l\u00e9gation  \u00e0 M.  Romain DELMON , secr\u00e9taire g\u00e9n\u00e9ral de la zone de d\u00e9fense et de\ns\u00e9curit\u00e9 Sud, pour :\n\u2013 toutes mati\u00e8res relevant des missions g\u00e9n\u00e9rales du pr\u00e9fet de la zone de d\u00e9fense et de s\u00e9curit\u00e9\nSud, \u00e0 l'exception de l'approbation des plans zonaux ;\nSecr\u00e9tariat g\u00e9n\u00e9ral pour l'administration du minist\u00e8re de l'int\u00e9rieur - 13-2025-09-22-00003 - Arr\u00eat\u00e9 du 22 septembre 2025 portant\nd\u00e9l\u00e9gation de signature \u00e0 M. Romain DELMON, secr\u00e9taire g\u00e9n\u00e9ral de la zone de d\u00e9fense et de s\u00e9curit\u00e9 Sud aupr\u00e8s du pr\u00e9fet de la\nr\u00e9gion Provence-Alpes-C\u00f4te d'Azur, pr\u00e9fet de la zone de d\u00e9fense et de s\u00e9curit\u00e9 Sud, pr\u00e9fet des Bouches-du-Rh\u00f4ne\n37\n\u2013 la gestion op\u00e9rationnelle d\u00e9concentr\u00e9e des forces mobiles de la zone de d\u00e9fense et de\ns\u00e9curit\u00e9 Sud conform\u00e9ment aux dispositions des articles R.122-10 et R.122-11 du code de la\ns\u00e9curit\u00e9 Int\u00e9rieure ;\n\u2013 l'animation et la coordination des organismes zonaux relevant des comp\u00e9tences d\u00e9volues \u00e0\nl'\u00e9tat-major interminist\u00e9riel de zone (EMIZ), au centre zonal op\u00e9rationnel de crise (CeZOC) et\nau secr\u00e9tariat g\u00e9n\u00e9ral pour l'administration du minist\u00e8re de l'Int\u00e9rieur de la zone de d\u00e9fense et\nde s\u00e9curit\u00e9 sud (SGAMI).\nEn ce qui concerne les actes relatifs \u00e0 la commande publique pass\u00e9s par le secr\u00e9tariat g\u00e9n\u00e9ral\npour  l'administration  du  minist\u00e8re  de  l'Int\u00e9rieur  (SGAMI)  sud,  en  sa  qualit\u00e9  de  pouvoir\nadjudicateur,  de donner d\u00e9l\u00e9gation  \u00e0 M. Romain DELMON, secr\u00e9taire g\u00e9n\u00e9ral de la zone de\nd\u00e9fense et de s\u00e9curit\u00e9 Sud, jusqu'\u00e0 3 000 000 \u20ac HT pour :\n\u2013 les op\u00e9rations immobili\u00e8res financ\u00e9es sur les programmes 152, 161, 176, 216, 303, 362, 348,\n349, 363 et 723 sur l'ensemble de la zone de d\u00e9fense et de s\u00e9curit\u00e9 Sud,\n\u2013 les  op\u00e9rations  immobili\u00e8res  financ\u00e9es  au  titre  de  l'entretien  des  b\u00e2timents  de  l'\u00c9tat\n\u00ab programme 723 \u00bb pour le compte des services de police implant\u00e9s dans la r\u00e9gion Provence-\nAlpes-C\u00f4te d'Azur,\n\u2013 les march\u00e9s de fonctionnement sup\u00e9rieurs \u00e0 40  000 \u20ac HT financ\u00e9s sur les programmes 176,\n161,152, 216 et 303, 362 et 363,\n\u2013 les op\u00e9rations num\u00e9riques financ\u00e9es sur les programmes 161, 207 et 303.\nEn tant que responsable de budget op\u00e9rationnel de programme (RBOP) zonal 176,  de donner\nd\u00e9l\u00e9gation \u00e0  M.  Romain  DELMON pour  recevoir  et  r\u00e9partir  les  cr\u00e9dits  vers  les  unit\u00e9s\nop\u00e9rationnelles, et proc\u00e9der \u00e0 des r\u00e9-allocations en cours d'exercice budg\u00e9taire.\nEn tant que responsable d'unit\u00e9s op\u00e9rationnelles (RUO),  de donner d\u00e9l\u00e9gation  \u00e0 M.  Romain\nDELMON pour proc\u00e9der \u00e0 l'ordonnancement secondaire des recettes et des d\u00e9penses de l'\u00c9tat\ndans le champ de comp\u00e9tence du SGAMI Sud, concernant les programmes suivants :\n\u2013 176 Police nationale,\n\u2013 216 Conduite et pilotage des politiques de l'Int\u00e9rieur,\n\u2013 303 Immigration et asile,\n\u2013 362 Plan de relance \u2013 \u00e9cologie.\nARTICLE 2     :\n2.1 - En application de l'article R. 122-51 du code de la s\u00e9curit\u00e9 int\u00e9rieure, d\u00e9l\u00e9gation est donn\u00e9e\n\u00e0 M. Romain DELMON, secr\u00e9taire g\u00e9n\u00e9ral de la zone de d\u00e9fense et de s\u00e9curit\u00e9 Sud, en ce qui\nconcerne les missions relatives \u00e0 la protection de la for\u00eat m\u00e9diterran\u00e9enne, \u00e0 l'effet de signer\ntous  documents,  \u00e0  l'exception  des  instructions  g\u00e9n\u00e9rales  et  des  d\u00e9cisions  \u00e0  caract\u00e8re\nr\u00e9glementaire  et  de  prendre  toute  d\u00e9cision  de  r\u00e9partition  des  cr\u00e9dits  allou\u00e9s  au  titre  des\nsubventions d'\u00c9tat sur la D\u00e9fense des For\u00eats Contre l'Incendie (DFCI) du programme 149 du\nminist\u00e8re  de  l'agriculture  et  de  la  souverainet\u00e9  alimentaire  (ligne  budg\u00e9taire  149-26-04).\nD\u00e9l\u00e9gation lui est donn\u00e9e \u00e9galement pour l'ordonnancement secondaire des d\u00e9penses sur la\nligne budg\u00e9taire 149-26-04 (centres financiers 0149-C001-DPFM).\nSecr\u00e9tariat g\u00e9n\u00e9ral pour l'administration du minist\u00e8re de l'int\u00e9rieur - 13-2025-09-22-00003 - Arr\u00eat\u00e9 du 22 septembre 2025 portant\nd\u00e9l\u00e9gation de signature \u00e0 M. Romain DELMON, secr\u00e9taire g\u00e9n\u00e9ral de la zone de d\u00e9fense et de s\u00e9curit\u00e9 Sud aupr\u00e8s du pr\u00e9fet de la\nr\u00e9gion Provence-Alpes-C\u00f4te d'Azur, pr\u00e9fet de la zone de d\u00e9fense et de s\u00e9curit\u00e9 Sud, pr\u00e9fet des Bouches-du-Rh\u00f4ne\n38\nPour l'exercice de ses attributions, M. Romain DELMON dispose de la d\u00e9l\u00e9gation \u00e0 la protection\nde la for\u00eat m\u00e9diterran\u00e9enne (DPFM).\n2.2 - En cas d'absence ou d'emp\u00eachement de M. Romain DELMON, la d\u00e9l\u00e9gation de signature\nest donn\u00e9e aux charg\u00e9s de mission de la DPFM, Mme Ondine LE FUR, ing\u00e9nieure divisionnaire de\nl'agriculture  et  de  l'environnement,  le  lieutenant-colonel  Michel  MAUFROY,  Mme  Sandrine\nCANAS, ing\u00e9nieure divisionnaire de l'agriculture et de l'environnement et M. Laurent FIAT,\ning\u00e9nieur en chef des ponts, des eaux et des for\u00eats, pour signer tous documents et pi\u00e8ces\ncomptables relevant de leurs attributions, \u00e0 l'exclusion des instructions g\u00e9n\u00e9rales, des d\u00e9cisions\n\u00e0  caract\u00e8re  r\u00e9glementaire  et  des  courriers  adress\u00e9s  aux  ministres,  aux  pr\u00e9fets  et  aux  \u00e9lus.\nD\u00e9l\u00e9gation  leur  est  \u00e9galement  donn\u00e9e  donner  pour  l'ordonnancement  secondaire  des\nd\u00e9penses  sur  la  ligne  budg\u00e9taire  149-26-04  centre  financier  0149-C001-DPFM. Pour  les\ndemandes  d'achat  et  de  subvention,  ainsi  que  pour  les  constatations  de  service  fait  dans\nChorus Formulaires, d\u00e9l\u00e9gation est donn\u00e9e  \u00e0 Mmes Ondine LE FUR et Sandrine CANAS pour la\nsaisie et la validation.\nARTICLE 3 :\nEn cas d'absence ou d'emp\u00eachement de M. Romain DELMON, de donner la d\u00e9l\u00e9gation qui lui\nest  consentie  \u00e0  l'article  1er,  pour  ce  qui  concerne  l'\u00e9tat-major  interminist\u00e9riel  de  zone,  \u00e0\nl'inspecteur g\u00e9n\u00e9ral Jean-Yves NOISETTE, chef de l'\u00e9tat-major interminist\u00e9riel de la zone de\nd\u00e9fense et de s\u00e9curit\u00e9 Sud.\nEn cas d'absence ou d'emp\u00eachement de l'inspecteur g\u00e9n\u00e9ral Jean-Yves NOISETTE, chef de\nl'\u00e9tat-major interminist\u00e9riel de la zone de d\u00e9fense et de s\u00e9curit\u00e9 Sud,  de donner d\u00e9l\u00e9gation au\nlieutenant-colonel Christophe RATINAUD, adjoint au chef de l'\u00c9tat-major interminist\u00e9riel de la\nzone de d\u00e9fense et de s\u00e9curit\u00e9 Sud.\nEn l'absence du chef de l' \u00c9tat-major et de son adjoint, de donner d\u00e9l\u00e9gation de signature au\nchef COZ de permanence sur les sujets op\u00e9rationnels suivants et d\u00e8s lors que l'urgence de la\nsituation l'impose :\n- les messages de commandement du COZ ;\n- les arr\u00eat\u00e9s de mesures de police administrative du plan zonal de gestion de trafic ;\n- les demandes de concours aux arm\u00e9es.\nARTICLE 4     :\nEn  cas  d'absence  ou  d'emp\u00eachement  de  M.  Romain  DELMON,  de  donner  d\u00e9l\u00e9gation  de\nsignature :\npour la gestion administrative et financi\u00e8re du Centre zonal Op\u00e9rationnel de Crise (CeZOC), et\npour l'engagement de d\u00e9penses n'exc\u00e9dant pas 5 000 \u20ac HT, \u00e0 :\n\u2013 Mme  Florence  ARNOLDY,  attach\u00e9e  d'administration  de  l'\u00c9tat  hors-classe,  directrice  de\ncabinet du CeZOC ;\n\u2013 Mme Sophie LE BERRE-LACHAUX, attach\u00e9e d'administration de l'\u00c9tat hors classe, directrice\nde cabinet adjointe du CeZOC.\nPour la signature des ordres de mission des personnels affect\u00e9s \u00e0 l'\u00c9tat-major interminist\u00e9riel de\nSecr\u00e9tariat g\u00e9n\u00e9ral pour l'administration du minist\u00e8re de l'int\u00e9rieur - 13-2025-09-22-00003 - Arr\u00eat\u00e9 du 22 septembre 2025 portant\nd\u00e9l\u00e9gation de signature \u00e0 M. Romain DELMON, secr\u00e9taire g\u00e9n\u00e9ral de la zone de d\u00e9fense et de s\u00e9curit\u00e9 Sud aupr\u00e8s du pr\u00e9fet de la\nr\u00e9gion Provence-Alpes-C\u00f4te d'Azur, pr\u00e9fet de la zone de d\u00e9fense et de s\u00e9curit\u00e9 Sud, pr\u00e9fet des Bouches-du-Rh\u00f4ne\n39\nla zone de d\u00e9fense et de s\u00e9curit\u00e9 Sud, \u00e0 :\n\u2013 l'inspecteur g\u00e9n\u00e9ral Jean-Yves NOISETTE, chef de l'\u00c9tat-major interminist\u00e9riel de la zone de\nd\u00e9fense et de s\u00e9curit\u00e9 Sud,\n\u2013 au lieutenant-colonel Christophe RATINAUD, adjoint au chef de l'\u00c9tat-major interminist\u00e9riel\nde la zone de d\u00e9fense et de s\u00e9curit\u00e9 Sud.\nARTICLE 5 :\nDe  donner  d\u00e9l\u00e9gation  de  signature  \u00e0  M.  Romain  DELMON,  \u00e0  l'effet  de  signer  les  arr\u00eat\u00e9s,\nd\u00e9cisions, lettres et notes dans les mati\u00e8res \u00e9num\u00e9r\u00e9es ci-apr\u00e8s :\n\u2013 gestion  administrative  et  financi\u00e8re  des  personnels  de  la  police  nationale,  des  syst\u00e8mes\nd'information et de communication, des services techniques et des ouvriers d'\u00c9tat du minist\u00e8re\nde l'Int\u00e9rieur, des personnels administratifs affect\u00e9s en p\u00e9rim\u00e8tre police, des personnels de la\npolice scientifique ainsi que des personnels plac\u00e9s dans le dispositif de r\u00e9serve op\u00e9rationnelle ;\n\u2013 gestion  administrative  et  financi\u00e8re  des  personnels  civils  affect\u00e9s  dans  les  services\nd\u00e9concentr\u00e9s de la gendarmerie nationale de la zone de d\u00e9fense et de s\u00e9curit\u00e9 Sud ;\n\u2013 gestion  administrative  et  financi\u00e8re  des  personnels  civils  affect\u00e9s  dans  les  services\nd\u00e9concentr\u00e9s du SGAMI Sud ;\n\u2013 pr\u00e9-liquidation de la paie des personnels du minist\u00e8re de l'Int\u00e9rieur affect\u00e9s dans le ressort\nterritorial de la zone de d\u00e9fense et de s\u00e9curit\u00e9 Sud ;\n\u2013 organisation  et  fonctionnement  des  commissions  administratives  paritaires  comp\u00e9tentes\npour les agents relevant du corps d'encadrement et d'application, des agents sp\u00e9cialis\u00e9s de\npolice  technique  et  scientifique,  des  cat\u00e9gories  B  et  C  techniques,  au  sein  de  la  zone  de\nd\u00e9fense et de s\u00e9curit\u00e9 Sud ;\n\u2013 prise  des  sanctions  du  premier  groupe  pour  les  agents  relevant  des  corps  d'adjoint\nadministratif, de secr\u00e9taire administratif de l'Int\u00e9rieur et d'attach\u00e9 d'administration de l'\u00c9tat\naffect\u00e9s au SGAMI Sud et dans les services d\u00e9concentr\u00e9s de la police nationale au sein de la\nzone de d\u00e9fense et de s\u00e9curit\u00e9 Sud ;\n\u2013 prise des sanctions du premier groupe pour les agents relevant des corps d'adjoint technique\nde  l'Int\u00e9rieur,  de  contr\u00f4leur  des  services  techniques,  d'ing\u00e9nieur  des  services  techniques,\nd'agent SIC, de technicien SIC et d'ing\u00e9nieur SIC, affect\u00e9s au SGAMI Sud et dans les services\nd\u00e9concentr\u00e9s de la police nationale au sein de la zone de d\u00e9fense et de s\u00e9curit\u00e9 Sud ;\n\u2013 prise des sanctions de l'avertissement et du bl\u00e2me pour les policiers r\u00e9servistes affect\u00e9s au\nsein de la zone de d\u00e9fense et de S\u00e9curit\u00e9 Sud ;\n\u2013 organisation et fonctionnement des commissions consultatives paritaires si\u00e9geant en conseil\nde discipline comp\u00e9tentes pour les contractuels recrut\u00e9s au niveau zonal en tant que policiers\nadjoints et cadets de la r\u00e9publique ;\n\u2013 organisation  et  fonctionnement  des  comit\u00e9s  m\u00e9dicaux  interd\u00e9partementaux  pour  les\nfonctionnaires de police actifs ;\n\u2013 organisation des dialogues sociaux d'avancement des ouvriers d'\u00c9tat ;\n\u2013 gestion  administrative,  financi\u00e8re,  du  fonctionnement  et  du  mat\u00e9riel  du  BOP  n\u00b07  du\nprogramme 176, de l'unit\u00e9 op\u00e9rationnelle (UO) 0216-CSGA-DSud et de l'UO 0176-CCSC-DM13 ;\n\u2013 recrutement et formation des personnels actifs de police, des personnels techniques,\n scientifiques et contractuels du minist\u00e8re de l'Int\u00e9rieur dont notamment les policiers adjoints\net les cadets de la r\u00e9publique ;\nSecr\u00e9tariat g\u00e9n\u00e9ral pour l'administration du minist\u00e8re de l'int\u00e9rieur - 13-2025-09-22-00003 - Arr\u00eat\u00e9 du 22 septembre 2025 portant\nd\u00e9l\u00e9gation de signature \u00e0 M. Romain DELMON, secr\u00e9taire g\u00e9n\u00e9ral de la zone de d\u00e9fense et de s\u00e9curit\u00e9 Sud aupr\u00e8s du pr\u00e9fet de la\nr\u00e9gion Provence-Alpes-C\u00f4te d'Azur, pr\u00e9fet de la zone de d\u00e9fense et de s\u00e9curit\u00e9 Sud, pr\u00e9fet des Bouches-du-Rh\u00f4ne\n40\n\u2013 repr\u00e9sentation de l'\u00c9tat en mati\u00e8re contentieuse devant les juridictions administratives ;\n\u2013 protection juridique des personnels actifs, scientifiques, techniques et administratifs relevant\ndes services de la police nationale ; \n\u2013 protection juridique des personnels du SGAMI, hors instruction par la DLPAJ ;\n\u2013 r\u00e9paration des dommages accidentels, hors accident de la circulation impliquant un v\u00e9hicule\nadministratif ou tiers, ou r\u00e9sultant d'un accident de service et recouvrement des d\u00e9bours de\nl'\u00c9tat r\u00e9sultant d'accidents ou d'actes volontaires ;\n\u2013 institution, modification ou fermeture des r\u00e9gies d'avances et de recettes pour les services\nrelevant du SGAMI de la zone de d\u00e9fense et de s\u00e9curit\u00e9 Sud ainsi que la nomination et la\ncessation de fonction des r\u00e9gisseurs, des mandataires suppl\u00e9ants et des mandataires ;\n\u2013 pr\u00e9paration et conduite d'op\u00e9rations immobili\u00e8res de la police nationale et de la gendarmerie\nnationale et, \u00e0 la demande des pr\u00e9fets de d\u00e9partement de la zone de d\u00e9fense et de s\u00e9curit\u00e9\nSud, la gestion des op\u00e9rations immobili\u00e8res des autres services du minist\u00e8re de l'Int\u00e9rieur ;\n\u2013 en tant que repr\u00e9sentant du pouvoir adjudicateur les actes relatifs \u00e0 la commande publique\npass\u00e9s  pour  les  besoins  logistiques,  techniques  et  immobiliers  de  fonctionnement  et\nd'investissement de la zone de d\u00e9fense et de s\u00e9curit\u00e9 Sud ;\n\u2013 en mati\u00e8re financi\u00e8re et comptable  : les protocoles transactionnels, les mandats et ordres de\npaiement, les bordereaux d'\u00e9mission, les titres de recettes, les ordres de reversement et pi\u00e8ces\ncomptables de tous ordres, les formules rendant ex\u00e9cutoires les titres de perception \u00e9mis pour\nle  recouvrement  des  cr\u00e9ances  de  l'\u00c9tat,  \u00e9trang\u00e8res  \u00e0  l'imp\u00f4t  et  aux  domaines,  entrant\nnormalement dans les attributions du secr\u00e9tariat g\u00e9n\u00e9ral pour l'administration du minist\u00e8re de\nl'Int\u00e9rieur. Sont exclues de la d\u00e9l\u00e9gation, la r\u00e9quisition du comptable et la possibilit\u00e9 de passer\noutre le visa du contr\u00f4leur financier r\u00e9gional ;\n\u2013 les  arr\u00eat\u00e9s,  les  d\u00e9cisions,  les  pi\u00e8ces  comptables  (contrats,  bons  de  commande)  et  actes\nrelevant des attributions de la direction des syst\u00e8mes d'information et de communication, \u00e0\nl'exception des rapports aux ministres.\nARTICLE 6     :  \nDe  donner  d\u00e9l\u00e9gation  \u00e0  M.  David  PREUD'HOMME,  secr\u00e9taire  g\u00e9n\u00e9ral  adjoint  pour\nl'administration du minist\u00e8re de l'Int\u00e9rieur de la zone de d\u00e9fense et de s\u00e9curit\u00e9 Sud, \u00e0 l'effet de\nsigner les actes relatifs \u00e0 la commande publique dans la limite de 500 000 \u20ac HT.\nEn cas d'absence ou d'emp\u00eachement de M. Romain DELMON, de donner la d\u00e9l\u00e9gation qui lui\nest  consentie,  \u00e0  l'article  5  et  aux  paragraphes  deux  et  trois  de  l'article  1,  \u00e0 M.  David\nPREUD'HOMME, secr\u00e9taire g\u00e9n\u00e9ral adjoint pour l'administration du minist\u00e8re de l'Int\u00e9rieur de la\nzone de d\u00e9fense et de s\u00e9curit\u00e9 Sud, sauf pour l'\u00e9l\u00e9vation des conflits aupr\u00e8s du tribunal des\nconflits et pour les actes relatifs \u00e0 la commande publique pour lesquels la limite de 500  000 \u20ac\nHT pr\u00e9c\u00e9demment consentie reste d'application.\n                  ARTICLE 7 :\nEn cas d'absence ou d'emp\u00eachement de M. David PREUD'HOMME,  de donner d\u00e9l\u00e9gation de\nsignature, pour tous arr\u00eat\u00e9s, d\u00e9cisions, lettres et notes \u00e9tablis par la direction des ressources\nhumaines, ainsi que pour les documents administratifs et financiers d'un montant maximal de\n40 000 euros HT  \u00e0 Mme  Nadia SECCHI , conseill\u00e8re d'administration de l'Int\u00e9rieur, directrice\ndes ressources humaines ;\nSecr\u00e9tariat g\u00e9n\u00e9ral pour l'administration du minist\u00e8re de l'int\u00e9rieur - 13-2025-09-22-00003 - Arr\u00eat\u00e9 du 22 septembre 2025 portant\nd\u00e9l\u00e9gation de signature \u00e0 M. Romain DELMON, secr\u00e9taire g\u00e9n\u00e9ral de la zone de d\u00e9fense et de s\u00e9curit\u00e9 Sud aupr\u00e8s du pr\u00e9fet de la\nr\u00e9gion Provence-Alpes-C\u00f4te d'Azur, pr\u00e9fet de la zone de d\u00e9fense et de s\u00e9curit\u00e9 Sud, pr\u00e9fet des Bouches-du-Rh\u00f4ne\n41\nPar  ailleurs,  en  cas  d'absence  ou  d'emp\u00eachement  de  Mme  Nadia  SECCHI,  de  donner\nd\u00e9l\u00e9gation,  dans  la  limite  de  leurs  attributions  respectives  (actes  et  d\u00e9cisions  courantes\nrelevant  de  la  gestion  financi\u00e8re  et  administrative  de  leurs  bureaux,  correspondances\ncourantes) \u00e0 :\n\u2013 Mme Caroline VALLICCIONI, attach\u00e9e principale d'administration de l'\u00c9tat, responsable du\npilotage et des affaires r\u00e9serv\u00e9es aupr\u00e8s de la DRH et de son adjoint(e) ;\n\u2013 M.  Michel  BOURELLY,  attach\u00e9  principal  d'administration  de  l'\u00c9tat,  chef  du  bureau  des\npersonnels actifs ;\n\u2013  Mme Fabienne ROUC AIROL, attach\u00e9e principale d'administration de l'\u00c9tat, adjointe au chef\ndu bureau des personnels actifs ;\n\u2013 M. Olivier COTE, attach\u00e9 d'administration de l'\u00c9tat, chef du bureau du recrutement ;\n\u2013 Mme Zahra BETRAOUI, attach\u00e9e d'administration de l'\u00c9tat, adjointe au chef du recrutement\nde l'\u00c9tat ;\n\u2013 Mme  Sandrine  GUINTI,  attach\u00e9e  principale  d'administration  de  l'\u00c9tat,  cheffe  du  p\u00f4le\nd'expertise et de services ;\n\u2013 Mme Marie-C\u00e9line TRISTANI, attach\u00e9e d'administration de l'\u00c9tat, adjointe \u00e0 la cheffe du p\u00f4le\nd'expertise et de services ;\n\u2013 Mme  Camille  CHEVALLIER,  attach\u00e9e  d'administration  de  l'\u00c9tat,  cheffe  du  bureau  des\ncontractuels ;\n\u2013 Mme Ad\u00e8le BOUFELDJA, attach\u00e9e d'administration de l'\u00c9tat, cheffe du bureau des personnels\nadministratifs, techniques et scientifiques ;\n\u2013 Mme Fanny ARTERO, attach\u00e9e d'administration de l'\u00c9tat, adjointe \u00e0 la cheffe du bureau des\npersonnels administratifs, techniques et scientifiques ;\n\u2013 Mme  Catherine  ALBERGNE,  attach\u00e9e  d'administration  de  l'\u00c9tat,  cheffe  du  bureau  des\nressources humaines SGAMI ;\n\u2013 Mme Diane TARIZZO, attach\u00e9e d'administration de l'\u00c9tat, adjointe \u00e0 la cheffe de bureau des\nressources humaines SGAMI ; \n\u2013 Mme  Isabelle  FAU,  attach\u00e9e  principale  d'administration  de  l'\u00c9tat,  cheffe  du  bureau  des\naffaires m\u00e9dicales et sociales ;\n\u2013 M. Jean-Laurent GASPARD, attach\u00e9 d'administration de l'\u00c9tat, adjoint \u00e0 la cheffe du bureau\ndes affaires m\u00e9dicales et sociales ;\n\u2013 Mme  Marie-H\u00e9l\u00e8ne  BOURDIER,  attach\u00e9e  d'administration  de  l'\u00c9tat,  cheffe  du  p\u00f4le\nadministratif du service m\u00e9dical statutaire ; \n\u2013 Mme Catherine FEUILLERAT, attach\u00e9e principale d'administration de l'\u00c9tat, cheffe du bureau\ndes affaires sociales \u00e0 la d\u00e9l\u00e9gation territoriale de Toulouse ;\n\u2013 Mme Natalie VILALTA, attach\u00e9e principale d'administration de l'\u00c9tat, cheffe du bureau des\npersonnels et du recrutement \u00e0 la d\u00e9l\u00e9gation territoriale de Toulouse ;\n\u2013 M. Cyril FURLAN, secr\u00e9taire administratif de classe normale, chef de section et adjoint \u00e0 la\ncheffe  du  bureau  des  personnels  actifs  et  du  recrutement  \u00e0  la  d\u00e9l\u00e9gation  territoriale  de\nToulouse ;\n\u2013 Mme  Marie-Laurence  MAXIMIN,  secr\u00e9taire  administrative  de  classe  sup\u00e9rieure,  cheffe  de\nsection  et  adjointe  \u00e0  la  cheffe  du  bureau  des  personnels  actifs  et  du  recrutement  \u00e0  la\nd\u00e9l\u00e9gation territoriale de Toulouse ;\nSecr\u00e9tariat g\u00e9n\u00e9ral pour l'administration du minist\u00e8re de l'int\u00e9rieur - 13-2025-09-22-00003 - Arr\u00eat\u00e9 du 22 septembre 2025 portant\nd\u00e9l\u00e9gation de signature \u00e0 M. Romain DELMON, secr\u00e9taire g\u00e9n\u00e9ral de la zone de d\u00e9fense et de s\u00e9curit\u00e9 Sud aupr\u00e8s du pr\u00e9fet de la\nr\u00e9gion Provence-Alpes-C\u00f4te d'Azur, pr\u00e9fet de la zone de d\u00e9fense et de s\u00e9curit\u00e9 Sud, pr\u00e9fet des Bouches-du-Rh\u00f4ne\n42\n\u2013 Mme Isabelle PEREZ, attach\u00e9e d'administration de l'\u00c9tat, adjointe \u00e0 la cheffe du bureau des\naffaires sociales \u00e0 la d\u00e9l\u00e9gation territoriale de Toulouse.\nARTICLE 8\n8.1 - De donner d\u00e9l\u00e9gation \u00e0 M. S\u00e9bastien TRUET, attach\u00e9 hors classe d'administration de l'\u00c9tat,\ndirecteur de l'administration g\u00e9n\u00e9rale et des finances \u00e0 l'effet de signer les actes relatifs \u00e0 la\ncommande publique dans la limite de 250 000 \u20ac HT et les d\u00e9clarations de sous-traitance.\nEn  cas  d'absence  ou  d'emp\u00eachement  de  M.  S\u00e9bastien  TRUET,  attach\u00e9  hors  classe\nd'administration de l'\u00c9tat, directeur de l'administration g\u00e9n\u00e9rale et des finances,  de donner\nd\u00e9l\u00e9gation  de signature  \u00e0 M. Fr\u00e9d\u00e9ric BAILHE, attach\u00e9 hors classe d'administration de l'\u00c9tat,\nconseiller d'administration de l'Int\u00e9rieur, directeur adjoint de l'administration g\u00e9n\u00e9rale et des\nfinances, pour signer les actes relatifs \u00e0 la commande publique dans la limite de 25 0 000 \u20ac HT\net les d\u00e9clarations de sous-traitance.\nDe donner d\u00e9l\u00e9gation \u00e0 l'effet de signer les actes relatifs \u00e0 la commande publique dans la limite\nde 40 000 \u20ac HT \u00e0 :\n\u2013 M.  Jean-Pierre  CARL\u0116,  attach\u00e9  hors  classe  d'administration  de  l'\u00c9tat,  chef  du  bureau  du\nbudget ;\n\u2013 M. Laurent LUCZAK, attach\u00e9 d'administration de l'\u00c9tat, adjoint au chef du bureau du budget ;\n\u2013 M. David CURATOLO, capitaine OCTAGN, chef du p\u00f4le programmes 216 et 303, Bureau du\nBudget ;\n\u2013 Mme  Anna-Dea  PINNA,  attach\u00e9e  d'administration  de  l'\u00c9tat,  adjointe  au  chef  de  p\u00f4le\nprogramme 216 et 303, Bureau du Budget ;\n\u2013 Mme Muriel MOSCATELLI, attach\u00e9e d'administration de l'\u00c9tat, cheffe du bureau de l'appui au\npilotage ;\n\u2013 Mme Katy GILLET, secr\u00e9taire administrative de classe normale, adjointe \u00e0 la cheffe du bureau\nde l'appui au pilotage ; \n\u2013 Mme Sania BOUSOUKA, attach\u00e9e principale d'administration de l'\u00c9tat, cheffe du bureau de la\ncommande publique et des achats ;\n\u2013 Mme Zahia NASR, attach\u00e9e d'administration de l'\u00c9tat, adjointe \u00e0 la cheffe du bureau de la\ncommande publique et des achats, cheffe du p\u00f4le politique et performance des achats ;\n\u2013 M. Paul JOUHANNEAU, attach\u00e9 d'administration de l'\u00c9tat, chef du p\u00f4le \u00e9laboration et  suivi\ndes proc\u00e9dures de march\u00e9s publics (jusqu'au 13/10/2025). \nDe donner d\u00e9l\u00e9gation \u00e0 l'effet de signer les actes relatifs \u00e0 la commande publique dans la limite\nde 5 000 \u20ac HT \u00e0 :\n\u2013 Mme Sylvie HOARAU, secr\u00e9taire administrative de classe normale ;\n\u2013 Mme Liliane BROTO, secr\u00e9taire administrative de classe normale.\n8.2 - En cas d'absence ou d'emp\u00eachement de M. David PREUD'HOMME, de donner d\u00e9l\u00e9gation\nde signature \u00e0 M. S\u00e9bastien TRUET, attach\u00e9 hors classe d'administration de l'\u00c9tat, directeur de\nl'administration g\u00e9n\u00e9rale et des finances pour :\n\u2013 les documents financiers et administratifs \u00e9tablis par la direction de l'administration g\u00e9n\u00e9rale\net des finances, ainsi que l es arr\u00eat\u00e9s de concessions de logement au profit des personnels\nrelevant de la direction g\u00e9n\u00e9rale de la police nationale et les actes de location pass\u00e9s pour les\nSecr\u00e9tariat g\u00e9n\u00e9ral pour l'administration du minist\u00e8re de l'int\u00e9rieur - 13-2025-09-22-00003 - Arr\u00eat\u00e9 du 22 septembre 2025 portant\nd\u00e9l\u00e9gation de signature \u00e0 M. Romain DELMON, secr\u00e9taire g\u00e9n\u00e9ral de la zone de d\u00e9fense et de s\u00e9curit\u00e9 Sud aupr\u00e8s du pr\u00e9fet de la\nr\u00e9gion Provence-Alpes-C\u00f4te d'Azur, pr\u00e9fet de la zone de d\u00e9fense et de s\u00e9curit\u00e9 Sud, pr\u00e9fet des Bouches-du-Rh\u00f4ne\n43\nbesoins des services de police relevant de son p\u00e9rim\u00e8tre (dans la limite de 250 000 \u20ac),\n\u2013 la repr\u00e9sentation de l'\u00c9tat en mati\u00e8re contentieuse devant les juridictions administratives,\n\u2013 la protection juridique des personnels de la police nationale et r\u00e9paration des pr\u00e9judices\ncaus\u00e9s \u00e0 ses agents lors de leurs missions ou du fait de leur qualit\u00e9,\n\u2013 la r\u00e9paration des dommages accidentels subis par les personnels et le recouvrement des\nd\u00e9bours de l'\u00c9tat r\u00e9sultant d'accidents ou d'actes volontaires.\nEn  cas  d'absence  ou  d'emp\u00eachement  de  M.  S\u00e9bastien  TRUET,  attach\u00e9  hors  classe\nd'administration de l'\u00c9tat, directeur de l'administration g\u00e9n\u00e9rale et des finances,  de donner\nd\u00e9l\u00e9gation, dans la limite de leurs attributions respectives, \u00e0 :\n\u2013 M. Fr\u00e9d\u00e9ric BAILHE, attach\u00e9 hors classe d'administration de l'\u00c9tat,  conseiller d'administration\nde l'Int\u00e9rieur, directeur adjoint de l'administration g\u00e9n\u00e9rale et des finances ;\n\u2013 Mme Muriel MOSCATELLI, attach\u00e9e d'administration de l'\u00c9tat, cheffe du bureau de l'appui au\npilotage ;\n\u2013 Mme Katy GILLET, secr \u00e9taire administrative de classe normale, adjointe \u00e0 la cheffe du\nbureau de l'appui au pilotage ;\n\u2013  M.  Jean-Pierre  CARL\u0116,  attach\u00e9  hors  classe  d'administration  de  l'\u00c9tat,  chef  du  bureau  du\nbudget ;\n\u2013 M. Laurent LUCZAK, attach\u00e9 d'administration de l'\u00c9tat, adjoint au chef du bureau du budget ;\n\u2013 Capitaine David CURATOLO, chef du p\u00f4le programmes 216 et 303, bureau du budget ;\n\u2013 Mme Sylvie BERNARDINI, attach\u00e9e principale d'administration de l'\u00c9tat, cheffe du centre de\nServices Partag\u00e9s ;\n\u2013 Mme Jeanine MAWIT , attach\u00e9e d'administration de l'\u00c9tat, adjointe \u00e0 la cheffe du centre de\nservices partag\u00e9s ;\n\u2013 M. Aur\u00e9lien WAECHTER, attach\u00e9 principal d'administration de l'\u00c9tat, chef du bureau des\nd\u00e9penses courantes (centre de services partag\u00e9s) ;\n\u2013 Mme MACRET Sophie , attach\u00e9e d'administration de l'\u00c9tat, adjointe au chef du bureau des\nd\u00e9penses courantes ;\n\u2013 M.  Cyrille  CAMUGLI,  attach\u00e9  principal  d'administration  de  l'\u00c9tat,  chef  du  bureau  du\ncontentieux et du conseil juridique ;\n\u2013 Mme H\u00e9l\u00e8ne MARTINEZ, attach\u00e9e principale d'administration de l'\u00c9tat, adjointe au chef du\nbureau  du  contentieux  et  du  conseil  juridique,  cheffe  du  p\u00f4le  protection  juridique,\nindemnisation et recouvrement ;\n\u2013\u00a0Mme  Louisa  ABASSI,  attach\u00e9e  d'administration  de  l'\u00c9tat,  cheffe  du  p\u00f4le  contentieux\nadministratif et conseil juridique ;\n\u2013 Mme  L\u00e6titia  BEDNARZ,  secr\u00e9taire  administrative  de  classe  exceptionnelle,  cheffe  de  la\nsection indemnisation et recouvrement ;\n\u2013 Mme  Anne  BERNARD,  secr\u00e9taire  administrative  de  classe  normale,  cheffe  de  la  section\nprotection juridique.\n8.3 -  De  donner d\u00e9l\u00e9gation  de  signature  aux  fins  de  signer  les  bons  de  transport  et\nd'h\u00e9bergement aux personnes suivantes  : M. S\u00e9bastien TRUET, M. Fr\u00e9d\u00e9ric BAILH\u00c9  , M. Jean-\nPierre CARLE,  M. Laurent LUCZAK,  Mme C\u00e9cile HAMOUDI, Mm e C \u00e9cile FLORES , Mme Liliane\nBROTO, Mme Karine SABATE-DUMONTEIL, Mme Sandra TARROUX, Mme Carine MAZZOLO, M.\nSt\u00e9phane MENUSIER.\nARTICLE 9 :\n9.1 - D ans le cadre de l'ex\u00e9cution du programme 216, de donner d\u00e9l\u00e9gation de signature  aux\ngestionnaires budg\u00e9taires de l'UO SGAMI Sud et des centres de co\u00fbts qui la composent selon\nSecr\u00e9tariat g\u00e9n\u00e9ral pour l'administration du minist\u00e8re de l'int\u00e9rieur - 13-2025-09-22-00003 - Arr\u00eat\u00e9 du 22 septembre 2025 portant\nd\u00e9l\u00e9gation de signature \u00e0 M. Romain DELMON, secr\u00e9taire g\u00e9n\u00e9ral de la zone de d\u00e9fense et de s\u00e9curit\u00e9 Sud aupr\u00e8s du pr\u00e9fet de la\nr\u00e9gion Provence-Alpes-C\u00f4te d'Azur, pr\u00e9fet de la zone de d\u00e9fense et de s\u00e9curit\u00e9 Sud, pr\u00e9fet des Bouches-du-Rh\u00f4ne\n44\nles groupes utilisateurs joints en  annexe 1 , afin de saisir les demandes d'achat dans Chorus\nFormulaires, de les valider le cas \u00e9ch\u00e9ant et de constater et certifier le service fait.\nDe donner autorisation aux agents de l'UO SGAMI Sud d\u00e9tenteurs d'une carte achat de niveau 1\net/ou de niveau 3 \u00e0 effectuer des commandes et \u00e0  constater et certifier  le service fait, en\nrespectant le plafond par achat qui lui est allou\u00e9, et selon la liste jointe en annexe 2.\nLe d\u00e9tenteur de la carte achat de niveau 1 n'est pas autoris\u00e9 \u00e0 :\n\uf0b7 r\u00e9aliser  des  achats  aupr\u00e8s  de  fournisseurs  titulaires  de  march\u00e9s  publics  en  dehors  des\nfournitures non pr\u00e9vues dans ces march\u00e9s ;\n\uf0b7 d\u00e9roger \u00e0 la r\u00e8gle des march\u00e9s publics, en achetant des fournitures ou services faisant l'objet\nd'un march\u00e9 \u00e0 un fournisseur autre que le titulaire du march\u00e9 (achat de fournitures de bureau\nen grande surface ou sur des sites commerciaux).\n9.2 - De donner d\u00e9l\u00e9gation pour effectuer le pilotage des cr\u00e9dits de l'UO contentieux police et\ngendarmerie, centre financier : 0216-CACJ-DSud, et pour signer les demandes de r\u00e8glement :\n\u2022 \u00e0 M. David PREUD'HOMME,  secr\u00e9taire g\u00e9n\u00e9ral adjoint pour l'administration du minist\u00e8re d'\nl'Int\u00e9rieur, \u00e0 hauteur de 250 000 \u20ac ;\n\u2022 \u00e0  M.  S\u00e9bastien  TRUET,  attach\u00e9  hors  classe  d'administration  de  l'\u00c9tat,  directeur  de\nl'administration g\u00e9n\u00e9rale et des finances \u00e0 hauteur de 100 000 \u20ac ;\n\u2022 \u00e0  M.  Fr\u00e9d\u00e9ric  BAILHE,  attach\u00e9  hors  classe  d'administration  de  l'\u00c9tat,  conseiller\nd'administration  de  l'Int\u00e9rieur,  directeur  adjoint  de  l'administration  g\u00e9n\u00e9rale  et  des\nfinances, \u00e0 hauteur de 100 000 \u20ac ;\n\u2022 \u00e0 M. Cyrille CAMUGLI, attach\u00e9 d'administration de l'\u00c9tat, chef du bureau du contentieux et\ndu conseil juridique, jusqu'\u00e0 25 000\u20ac ;\n\u2022 \u00e0 Mme H\u00e9l\u00e8ne MARTINEZ, attach\u00e9e principale d'administration de l'\u00c9tat, adjointe au chef du\nbureau du contentieux et du conseil juridique, jusqu'\u00e0 25 000 \u20ac ;\n\u2022 \u00e0 Mme Louise ABASSI, attach\u00e9e d'administration de l'\u00c9tat, jusqu'\u00e0 10 000 \u20ac ;\n\u2022 \u00e0 Mme La\u00ebtitia BEDNARZ, secr\u00e9taire administrative de classe exceptionnelle, jusqu'\u00e0 1 500 \u20ac ;\n\u2022 \u00e0 Mme Anne BERNARD, secr\u00e9taire administrative de classe normale, jusqu'\u00e0 1 500 \u20ac.\nARTICLE 10     :  \nEn cas d'absence ou d'emp\u00eachement de M. David PREUD'HOMME,  de donner  d\u00e9l\u00e9gation de\nsignature \u00e0 M. Redha KHALED-DETAILLER (\u00e0 compter du 1er novembre 2025), ing\u00e9nieur en chef\nCE, directeur de l'immobilier, et en cas d'absence ou d'emp\u00eachement de ce dernier \u00e0 M.  Gil\nZANARDI, ing\u00e9nieur chef des services techniques , directeur adjoint de l'immobilier  ; en cas\nd'absence ou d'emp\u00eachement simultan\u00e9s de M. Redha KHALED-DETAILLER, ing\u00e9nieur chef des\nservices techniques, directeur de l'immobilier, de M. Gil ZANARDI, ing\u00e9nieur chef des services\ntechniques, directeur adjoint de l'immobilier ,  de donner  d\u00e9l\u00e9gation  \u00e0  M. Fr\u00e9d\u00e9ric MAGNEN,\ning\u00e9nieur des services techniques, charg\u00e9 du pilotage technique transversal \u00e0 la direction de\nl'immobilier pour :\n\u2013 les  documents  administratifs  et  financiers  \u00e9tablis  par  la  direction  de  l'immobilier  et\nnotamment les arr\u00eat\u00e9s de concessions de logement au profit des personnels relevant de la\ndirection g\u00e9n\u00e9rale de la police nationale et les actes de location pass\u00e9s pour les besoins des\nservices de police ;\nSecr\u00e9tariat g\u00e9n\u00e9ral pour l'administration du minist\u00e8re de l'int\u00e9rieur - 13-2025-09-22-00003 - Arr\u00eat\u00e9 du 22 septembre 2025 portant\nd\u00e9l\u00e9gation de signature \u00e0 M. Romain DELMON, secr\u00e9taire g\u00e9n\u00e9ral de la zone de d\u00e9fense et de s\u00e9curit\u00e9 Sud aupr\u00e8s du pr\u00e9fet de la\nr\u00e9gion Provence-Alpes-C\u00f4te d'Azur, pr\u00e9fet de la zone de d\u00e9fense et de s\u00e9curit\u00e9 Sud, pr\u00e9fet des Bouches-du-Rh\u00f4ne\n45\n\u2013 la passation et l'ex\u00e9cution des march\u00e9s publics immobiliers d'un montant inf\u00e9rieur \u00e0 100  000\n\u20ac HT et les avenants y aff\u00e9rents ;\n\u2013 la signature des actes relatifs \u00e0 l'ex\u00e9cution des march\u00e9s publics immobiliers lorsque ceux-ci ne\nmodifient pas les co\u00fbts pr\u00e9vus dans les pi\u00e8ces contractuelles  : ordres de service de d\u00e9marrage\ndes  travaux,  d\u00e9cisions  de  validation  de  phase  de  ma\u00eetrise  d'\u0153uvre,  avenants  ou  d\u00e9cisions\nmodificatives  sans  modification  de  co\u00fbts,  proc\u00e8s-verbaux  de  r\u00e9ception,  proc\u00e8s-verbaux  de\nlev\u00e9e  de  r\u00e9serve,  d\u00e9comptes  g\u00e9n\u00e9raux  d\u00e9finitifs  (DGD),  exemplaires  uniques  d\u00e9livr\u00e9s  aux\nentreprises  pour  cessions  de  cr\u00e9ances  ou  demandes  de  nantissement,  agr\u00e9ments  de  sous-\ntraitants.\nEn cas d'absence ou d'emp\u00eachement simultan\u00e9s de M. Redha KHALED-DETAILLER, directeur de\nl'immobilier, de M. Gil ZANARDI, directeur adjoint de l'immobilier, de donner d\u00e9l\u00e9gation, dans\nla limite de leurs attributions respectives et uniquement pour les march\u00e9s publics immobiliers\nd'un montant inf\u00e9rieur \u00e0 40 000 \u20ac HT \u00e0 :\n\u2013 M.  Fr\u00e9d\u00e9ric  MAGNEN,  ing\u00e9nieur  des  services  techniques,  charg\u00e9  du  pilotage  technique\ntransversal \u00e0 la direction de l'immobilier,\n\u2013 M. Didier TRAVERSA, ing\u00e9nieur principal des services techniques, chef du bureau r\u00e9gional des\naffaires immobili\u00e8res PACA-Corse (jusqu'au 1er novembre 2025) ; \n\u2013 M. Zaher KHERBACHE, ing\u00e9nieur des services techniques, chef adjoint du bureau r\u00e9gional des\naffaires immobili\u00e8res PACA-Corse,\n\u2013 M.  Alain  FERR\u00c9,  ing\u00e9nieur  principal  des  services  techniques,  chef  du  bureau  r\u00e9gional  des\naffaires immobili\u00e8res Occitanie,\n\u2013 Mme  Marianne  STROH,  ing\u00e9nieure  des  services  techniques,  cheffe  adjointe  du  bureau\nr\u00e9gional des affaires immobili\u00e8res Occitanie.\nEn cas d'absence ou d'emp\u00eachement simultan\u00e9 de M. Redha KHALED-DETAILLER, directeur de\nl'immobilier, de M. Gil ZANARDI, directeur adjoint de l'immobilier, de donner d\u00e9l\u00e9gation \u00e0 Mme\nBernadette RAIBALDI , agent contractuel de cat\u00e9gorie A,  cheffe du bureau zonal des affaires\ng\u00e9n\u00e9rales  pour  les  domaines  relevant  de  son  activit\u00e9  au  sein  de  la  direction  de\nl'immobilier pour :\n\u2013 les  certificats  administratifs  n\u00e9cessaires  pour  le  traitement  de  l'ex\u00e9cution  financi\u00e8res  des\nmarch\u00e9s,\n\u2013 les exemplaires uniques d\u00e9livr\u00e9s aux entreprises pour cessions de cr\u00e9ances ou demandes de\nnantissement,\n\u2013 les autorisations d'absence pour les agents plac\u00e9s sous son autorit\u00e9,\n\u2013 les agr\u00e9ments des sous-traitants et les avenants sans incidence financi\u00e8re,\n\u2013 les d\u00e9comptes g\u00e9n\u00e9raux d\u00e9finitifs (DGD).\nEn cas d'absence ou d'emp\u00eachement de Mme Bernadette RAIBALDI, de donner d\u00e9l\u00e9gation \u00e0 M.\nEric  VICARI,  agent  contractuel  de  cat\u00e9gorie  A,  chef  adjoint  du  bureau  zonal  des  affaires\ng\u00e9n\u00e9rales. En cas d'absence ou d'emp\u00eachement simultan\u00e9s de Mme Bernadette RAIBALDI  et de\nM. Eric VICARI, de donner d\u00e9l\u00e9gation \u00e0 Mme Bernadette SCHMERBER, adjointe administrative\nprincipale de 1  classe, cheffe de p\u00f4le financier zonal.\u02b3\u1d49\nSecr\u00e9tariat g\u00e9n\u00e9ral pour l'administration du minist\u00e8re de l'int\u00e9rieur - 13-2025-09-22-00003 - Arr\u00eat\u00e9 du 22 septembre 2025 portant\nd\u00e9l\u00e9gation de signature \u00e0 M. Romain DELMON, secr\u00e9taire g\u00e9n\u00e9ral de la zone de d\u00e9fense et de s\u00e9curit\u00e9 Sud aupr\u00e8s du pr\u00e9fet de la\nr\u00e9gion Provence-Alpes-C\u00f4te d'Azur, pr\u00e9fet de la zone de d\u00e9fense et de s\u00e9curit\u00e9 Sud, pr\u00e9fet des Bouches-du-Rh\u00f4ne\n46\nARTICLE 11 :\nEn cas d'absence ou d'emp\u00eachement de M. David PREUD'HOMME, de donner d\u00e9l\u00e9gation, pour\nles documents administratifs et financiers \u00e9tablis par la direction de l'\u00e9quipement et de la\nlogistique et les march\u00e9s d'\u00e9quipement et de logistique d'un montant inf\u00e9rieur \u00e0 40 000 \u20ac HT et\nles  avenants  y  aff\u00e9rents, \u00e0  la  lieutenante-colonelle  Malika  BENYETTOU,  directrice  de\nl'\u00e9quipement et de la logistique.\nEn  cas  d'absence  ou  d'emp\u00eachement  de  la  lieutenante-colonelle  Malika  BENYETTOU,  de\ndonner d\u00e9l\u00e9gation  \u00e0 M. Didier BOREL, ing\u00e9nieur en chef  des services techniques , directeur\nadjoint de l'\u00e9quipement et de la logistique.\nEn cas d'absence ou d'emp\u00eachement de  la l ieutenante-colonelle Malika BENYETTOU et  de M.\nDidier  BOREL, de  donner d\u00e9l\u00e9gation , dans  la  limite  de  leurs  attributions  respectives  et\nuniquement pour les march\u00e9s d'\u00e9quipement et de logistique inf\u00e9rieurs \u00e0 15 000  \u20ac HT, \u00e0 :\n\u2013 M. Christophe LATTARD, attach\u00e9 d'administration de l' \u00c9tat, chef du bureau administration\nfinances ;\n\u2013 Mme  Myriam  BOUTTEROUMA,  attach\u00e9e  principale  d'administration  de  l'\u00c9tat,  cheffe  du\nbureau zonal armement munitions et \u00e9quipements ; \n\u2013 M. Thomas LAMADON, ing\u00e9nieur des services techniques, chef du bureau zonal des moyens\nmobiles et \u00e0 M. Nicolas CHARFE, ing\u00e9nieur des services techniques, adjoint du chef du bureau\nzonal des moyens mobiles ;\n\u2013 M. Bruno LAFAGE, attach\u00e9 principal d'administration de l'\u00c9tat, chef du bureau de l'armement,\ndes munitions et des \u00e9quipements sur le site de la direction de l'\u00e9quipement et de la logistique\n\u00e0 Colomiers ;\n\u2013 M. Thierry VERZENI, ing\u00e9nieur principal des services techniques, chef de l'antenne logistique\nde Montpellier et chef du service local automobile 34.\nEn cas d'absence ou d'emp\u00eachement de la lieutenante-colonelle Malika BENYETTOU, de M.\nDidier BOREL, de M. Christophe LATTARD, de Mme Myriam BOUTTEROUMA, de M. Thomas\nLAMADON, de donner d\u00e9l\u00e9gation de signature, dans le cadre exclusif des commandes relatives\n\u00e0 leurs attributions respectives et dans la limite de 3 000 \u20ac HT :\n\u2013 Pour le site de la direction de l'\u00e9quipement et de la logistique \u00e0 Marseille (13) \u00e0 Mme Sandrine\nNADEAU, M.  Bernard  DAMERY,  M.  Bertrand  DECLE,  M.  Pascal  COLLIGNON,  M.  Anthony\nDELBECQ,  Mme  Genevi\u00e8ve  COLLIGNON,  M.  Vanaraj  LONGUETEAU,  M.  Anthony  BONIFAY,\nMajor Olivier ROGE (CSAG) et    Major Emmanuel GUIBAL   ;\nPour le site de la direction de l'\u00e9quipement et de la logistique de FOS (13) \u00e0 M. Patrick DIAZ et\nMme Lydie MADDALENA ;\n\u2013 Pour le site de la direction de l'\u00e9quipement et de la logistique \u00e0 Nice (06), \u00e0 M. Julien LEMESLE,\nM.  Raymond  MONTALBANO,  M.  J\u00e9r\u00e9mie  CARRACI,  M.  Sandro  SCIACCA,  Mme  G\u00e9raldine\nPATARD, Major Michel LACANAL (CSAG) ;  \n\u2013 Pour le site de la direction de l'\u00e9quipement et de la logistique \u00e0 Toulouse (31), \u00e0 M. Nicolas\nGRIMAL, M. Fr\u00e9d\u00e9ric RICARD, Mme Marie-Ange CAMBON ;\n- Pour le site de la direction de l'\u00e9quipement et de la logistique \u00e0 Montpellier (34), \u00e0 M. Vincent\nPASCUITO, M. \u00c9ric PIERRE, au major Arnaud STERCQZ et \u00e0 M. Carlos LOURENCO ;\n\u2013 Pour le site de la direction de l'\u00e9quipement et de la logistique \u00e0 Perpignan (66), \u00e0 M. Jean-Luc\nDESBORDES, M. Emmanuel GUYET, l'adjudant-chef Eric MAXIME ;\nSecr\u00e9tariat g\u00e9n\u00e9ral pour l'administration du minist\u00e8re de l'int\u00e9rieur - 13-2025-09-22-00003 - Arr\u00eat\u00e9 du 22 septembre 2025 portant\nd\u00e9l\u00e9gation de signature \u00e0 M. Romain DELMON, secr\u00e9taire g\u00e9n\u00e9ral de la zone de d\u00e9fense et de s\u00e9curit\u00e9 Sud aupr\u00e8s du pr\u00e9fet de la\nr\u00e9gion Provence-Alpes-C\u00f4te d'Azur, pr\u00e9fet de la zone de d\u00e9fense et de s\u00e9curit\u00e9 Sud, pr\u00e9fet des Bouches-du-Rh\u00f4ne\n47\n\u2013 Pour le site de la direction de l'\u00e9quipement et de la logistique \u00e0 Ajaccio (2A),  \u00e0  M. Pascal\nDREANO, M. Eric VACCA, M. Nicolas MANKO, M. Jacques PERINI , M. Fr\u00e9d\u00e9ric POLI et au major\nLionel MERCIER (CSAG) ;\n\u2013 Pour le site de la direction de l'\u00e9quipement et de la logistique \u00e0 Furiani (2B),  \u00e0 M. Pascal\nDREANO, M. S\u00e9bastien MARIANI,M. Damien BOUCHER et M. Thierry  ANZIANI ;\n\u2013 Pour le site de la direction de l'\u00e9quipement et de la logistique \u00e0 Borgo (2B), \u00e0  l'adjudant-chef\nEric PIQUEMAL et l'adjudant-chef St\u00e9phane TURPAIN ;\n\u2013 Pour  le  site  de  la  direction  de  l'\u00e9quipement  et  de  la  logistique  \u00e0  Digne-les-Bains  (04),  \u00e0\nl'adjudant-chef Florent BURILLIER et l'adjudant Beno\u00eet PREVERAUD ;\n\u2013 Pour  le  site  de  la  direction  de  l'\u00e9quipement  et  de  la  logistique  \u00e0  Gap  (05),  \u00e0  l'adjudant\nSt\u00e9phane PARDON et  l'adjudant Christophe REECHT ;\n\u2013 Pour  le  site  de  la  direction  de  l'\u00e9quipement  et  de  la  logistique  \u00e0  Hy\u00e8res  (83),  S\u00e9bastien\nFROGER et l'adjudant-chef Christophe COLIN ;\n\u2013 Pour le site de la direction de l'\u00e9quipement et de la logistique \u00e0 Orange (84), au major Thierry\nASTRAND ;\n\u2013 Pour le site de la direction de l'\u00e9quipement et de la logistique \u00e0 Carcassonne (11), au Major\nFrancis LENDROIT, \u00e0 l'adjudant-chef Philippe BARBAZA ;\n\u2013 Pour le site de la direction de l'\u00e9quipement et de la logistique \u00e0 N\u00eemes (30), au major Gilles\nMAJOREL et l'adjudant Lionel OUTIN ;\n\u2013 Pour le site de la direction de l'\u00e9quipement et de la logistique \u00e0 Mende (48), \u00e0 l'adjudant-chef\nS\u00e9bastien BERTRAND et l'adjudant Eric HUGON ;\n\u2013 Pour le site de la direction de l'\u00e9quipement et de la logistique \u00e0 Foix (09), au major St\u00e9phane\nRUIZ et \u00e0 l'adjudant S\u00e9bastien VANDART ;\n\u2013 Pour le site de la direction de l'\u00e9quipement et de la logistique \u00e0 Rodez (12), \u00e0 l'adjudant-chef\nChristophe GAYRAUD et l'adjudant-chef Yvan CAZEAUX ;\n\u2013 Pour le site de la direction de l'\u00e9quipement et de la logistique \u00e0 Auch (32),  \u00e0 l'adjudant-chef\nFabrice DAVID et l'adjudant Micka\u00ebl RIOU ;\n\u2013 Pour le site de la direction de l'\u00e9quipement et de la logistique \u00e0 Cahors (46), \u00e0 l'adjudant-chef\nJo\u00ebl ODDOS ;\n\u2013 Pour le site de la direction de l'\u00e9quipement et de la logistique \u00e0 Tarbes (65), au major Jacques\nDA FONSECA et \u00e0 l'adjudant Fr\u00e9d\u00e9ric BAYAC ;\n\u2013 Pour  le  site  de  la  direction  de  l'\u00e9quipement  et  de  la  logistique  \u00e0  Albi  (81),  \u00e0 l'adjudant\nChristophe CARAYON et l'adjudant Fr\u00e9d\u00e9ric FREJAFOND ;\n\u2013 Pour le site de la direction de l'\u00e9quipement et de la logistique \u00e0 Montauban (82), \u00e0  l'adjudant-\nchef David ROSSI et l'adjudant Eric MONDY.\nARTICLE 12     :   \nEn cas d'absence ou d'emp\u00eachement de M. David PREUD'HOMME,  de donner  d\u00e9l\u00e9gation  de\nsignature \u00e0 M. Nicolas BOUTTE, ing\u00e9nieur SIC hors classe, directeur des syst\u00e8mes d'information\net de communication pour :\n\uf0b7 la passation et l'ex\u00e9cution des march\u00e9s publics SIC d'un montant inf\u00e9rieur \u00e0 40  000 \u20ac HT\net les avenants y aff\u00e9rents ;\n\uf0b7 la signature des actes relatifs \u00e0 l'ex\u00e9cution des march\u00e9s publics SIC lorsque ceux-ci ne\nmodifient ni les co\u00fbts ni les d\u00e9lais pr\u00e9vus dans les pi\u00e8ces contractuelles.\nEn cas d'absence et d'emp\u00eachement de M. Nicolas BOUTTE, ing\u00e9nieur SIC hors classe, directeur\ndes syst\u00e8mes d'information et de communication, de donner d\u00e9l\u00e9gation \u00e0 M. Fabrice BRACCI,\ning\u00e9nieur SIC hors classe, directeur adjoint des syst\u00e8mes d'information et de communication .\nSecr\u00e9tariat g\u00e9n\u00e9ral pour l'administration du minist\u00e8re de l'int\u00e9rieur - 13-2025-09-22-00003 - Arr\u00eat\u00e9 du 22 septembre 2025 portant\nd\u00e9l\u00e9gation de signature \u00e0 M. Romain DELMON, secr\u00e9taire g\u00e9n\u00e9ral de la zone de d\u00e9fense et de s\u00e9curit\u00e9 Sud aupr\u00e8s du pr\u00e9fet de la\nr\u00e9gion Provence-Alpes-C\u00f4te d'Azur, pr\u00e9fet de la zone de d\u00e9fense et de s\u00e9curit\u00e9 Sud, pr\u00e9fet des Bouches-du-Rh\u00f4ne\n48\nEn cas d'absence et d'emp\u00eachement de M. Nicolas BOUTTE, de donner d\u00e9l\u00e9gation \u00e0 M. Jacques\nSARAMON, ing\u00e9nieur principal SIC, pour les actes de la d\u00e9l\u00e9gation territoriale de Toulouse\nrelevant du domaine de comp\u00e9tence fonctionnelle et territoriale de la direction des syst\u00e8mes\nd'information et de communication, et  \u00e0 M. Fabrice BRACCI, pour les actes des antennes\nlogistiques de Nice et de Montpellier  relevant du domaine de comp\u00e9tence fonctionnelle et\nterritoriale de la direction des syst\u00e8mes d'information et de communication.\nEn cas d'absence ou d'emp\u00eachement de M.  Nicolas BOUTTE ,  de donner  d\u00e9l\u00e9gation \u00e0  M. Cyr\nBUONO, ing\u00e9nieur principal SIC, dans les limites de ses attributions au sein de la direction des\nsyst\u00e8mes  d'information  et  de  communication  et  pour  l'engagement  de  d\u00e9penses  de\nfonctionnement de la DSIC n'exc\u00e9dant pas 5 000 \u20ac HT.\nARTICLE 13     :  \nEn cas d'absence ou d'emp\u00eachement de  M. David PREUD'HOMME,  de donner  d\u00e9l\u00e9gation  de\nsignature  pour  les  engagements  juridiques  des  d\u00e9penses  concernant  le  budget  propre  des\nd\u00e9l\u00e9gations territoriales, r\u00e9gionales et des antennes logistiques, dans la limite de 40 000 \u20ac par\nacte et \u00e0 l'exclusion des d\u00e9penses imput\u00e9es sur les lignes budg\u00e9taires EQ41 (habillement et\ntenues) et EQ32 (plateforme zonale d'\u00e9talonnage des cin\u00e9mom\u00e8tres) sur le centre de co\u00fbt de la\nd\u00e9l\u00e9gation territoriale de Toulouse :\n\u2013 pour  ce  qui  concerne  la  d\u00e9l\u00e9gation  territoriale  de  Toulouse  \u00e0  Mme  Karine  SABATE-\nDUMONTEIL, conseill\u00e8re d'administration de l'Int\u00e9rieur, cheffe de la d\u00e9l\u00e9gation territoriale de\nToulouse ;\n\u2013 pour ce qui concerne la d\u00e9l\u00e9gation r\u00e9gionale d'Ajaccio  \u00e0 Mme Val\u00e9rie DIXMIER, attach\u00e9e\nd'administration de l'\u00c9tat, cheffe de la d\u00e9l\u00e9gation r\u00e9gionale de Corse ; et en son absence \u00e0 Mme\nAudrey  ORPHELIN,  secr\u00e9taire  administrative  de  classe  normale,  cheffe  du  service  local\nadministratif ;\n\u2013 pour ce qui concerne l'antenne de Nice \u00e0 M. Jean-Philippe GACQUER, ing\u00e9nieur des services\ntechniques, chef de l'antenne de Nice par int\u00e9rim ;\n\u2013 pour ce qui concerne l'antenne de Montpellier  \u00e0 M. Thierry VERZENI chef de l'antenne de\nMontpellier.\nEn leur qualit\u00e9 de chef d'\u00e9tablissement et de site, en tant que responsable de la s\u00e9curit\u00e9 des\npersonnes  et  des  biens  et  des  conditions  d'hygi\u00e8ne  et  de  s\u00e9curit\u00e9  au  travail,  de  donner\nd\u00e9l\u00e9gation de signature pour la gestion courante de l'\u00e9tablissement :\n\u2013 pour ce qui concerne le site de Sainte-Marthe \u00e0 M. David PREUD'HOMME, secr\u00e9taire g\u00e9n\u00e9ral\nadjoint pour l'administration du minist\u00e8re de l'Int\u00e9rieur de la zone de d\u00e9fense et de s\u00e9curit\u00e9\nSud ;\n\u2013 pour ce qui concerne le site de Noilly Prat,  \u00e0 la lieutenante-colonelle Malika BENYETTOU,\ndirectrice de l'\u00e9quipement et de la logistique ;\n\u2013 pour  ce  qui  concerne  le  site  d'Alphonse  Allais,  \u00e0  M.  S\u00e9bastien  TRUET,  directeur  de\nl'administration g\u00e9n\u00e9rale et des finances ; \n\u2013 pour  ce  qui  concerne  la  d\u00e9l\u00e9gation  territoriale  de  Toulouse,  \u00e0  Mme  Karine  SABATE-\nDUMONTEIL, cheffe de la d\u00e9l\u00e9gation territoriale de Toulouse ;\n\u2013 pour ce qui concerne la d\u00e9l\u00e9gation r\u00e9gionale d'Ajaccio,  \u00e0 Mme Val\u00e9rie DIXMIER, attach\u00e9e\nd'administration de l'\u00c9tat, cheffe de la d\u00e9l\u00e9gation r\u00e9gionale de Corse ; \nSecr\u00e9tariat g\u00e9n\u00e9ral pour l'administration du minist\u00e8re de l'int\u00e9rieur - 13-2025-09-22-00003 - Arr\u00eat\u00e9 du 22 septembre 2025 portant\nd\u00e9l\u00e9gation de signature \u00e0 M. Romain DELMON, secr\u00e9taire g\u00e9n\u00e9ral de la zone de d\u00e9fense et de s\u00e9curit\u00e9 Sud aupr\u00e8s du pr\u00e9fet de la\nr\u00e9gion Provence-Alpes-C\u00f4te d'Azur, pr\u00e9fet de la zone de d\u00e9fense et de s\u00e9curit\u00e9 Sud, pr\u00e9fet des Bouches-du-Rh\u00f4ne\n49\n\u2013 pour ce qui concerne  l'antenne de Nice, \u00e0 M. Jean-Philippe GACQUER, ing\u00e9nieur des services\ntechniques, chef de l'antenne de Nice par int\u00e9rim ;\n\u2013 pour ce qui concerne l'antenne de Montpellier, \u00e0 M. Thierry VERZENI, chef de l'antenne de\nMontpellier.\nARTICLE 14     :  \nEn cas d'absence ou d'emp\u00eachement de M. David PREUD'HOMME,  de donner  d\u00e9l\u00e9gation  de\nsignature \u00e0 M. Fran\u00e7ois MICHEL, m\u00e9decin inspecteur zonal pour l'ensemble des documents\nadministratifs et financiers \u00e9tablis par les services m\u00e9dicaux statutaires de la zone de d\u00e9fense\net de s\u00e9curit\u00e9 Sud.\nEn son absence ou en cas d'emp\u00eachement, de donner d\u00e9l\u00e9gation :\n\u2013 \u00e0 M. Jean CECCALDI, m\u00e9decin inspecteur r\u00e9gional adjoint ;\n\u2013 \u00e0 Mme Anne MOUILLARD, cheffe du service m\u00e9dical statutaire et de contr\u00f4le de la d\u00e9l\u00e9gation\nterritoriale de Toulouse, pour les d\u00e9partements de l'Ari\u00e8ge, du Tarn, du Gers, de la Haute-\nGaronne, du Lot, des Hautes-Pyr\u00e9n\u00e9es, de l'Aveyron et du Tarn-et-Garonne ;\n\u2013 \u00e0 M. Paul MARCAGGI, m\u00e9decin inspecteur r\u00e9gional adjoint ; \n\u2013 \u00e0 M. Claude TRIAL, m\u00e9decin inspecteur r\u00e9gional adjoint.\nARTICLE 15     :  \nEn cas d'absence ou d'emp\u00eachement de  M. David PREUD'HOMME, de donner d\u00e9l\u00e9gation, dans\nles  domaines  relevant  du  cabinet  du  SGAMI \u00e0  Mme  Camille  STOUVENEL,  attach\u00e9e\nd'administration  de  l'\u00c9tat,  cheffe  de  cabinet,  pour  l'engagement  de  d\u00e9penses  de\nfonctionnement du cabinet n'exc\u00e9dant pas 10 000 \u20ac HT.\nEn cas d'absence ou d'emp\u00eachement de Mme Camille STOUVENEL,  de donner d\u00e9l\u00e9gation \u00e0\nMme Meriem GRISS, attach\u00e9e d'administration de l'\u00c9tat, adjointe \u00e0 la cheffe de cabinet.\nEn cas d'absence ou d'emp\u00eachement de Mme Camille STOUVENEL et de Mme Meriem GRISS,\nde donner d\u00e9l\u00e9gation,  dans les limites de leurs attributions respectives au sein du cabinet et\npour l'engagement de d\u00e9penses de fonctionnement du cabinet n'exc\u00e9dant pas 10 000 \u20ac HT, \u00e0 :\n\u2013 Mme Marjorie CASELLA, secr\u00e9taire administrative de classe sup\u00e9rieure, adjointe \u00e0 la cheffe du\nbureau des affaires g\u00e9n\u00e9rales.\nARTICLE 16     :  \nEn cas d'absence ou d'emp\u00eachement de M. David PREUD'HOMME,  de donner  d\u00e9l\u00e9gation  de\nsignature, pour  les  documents  administratifs  et  financiers  \u00e9tablis  par  les  services  actifs  de\ns\u00e9curit\u00e9 Int\u00e9rieure, \u00e0 M. Arnaud VIEULES, sous-pr\u00e9fet, coordonnateur pour la s\u00e9curit\u00e9 en Corse.\nEn  cas  d'absence  ou  d'emp\u00eachement  de  M.  Arnaud  VIEULES,  de  donner d\u00e9l\u00e9gation ,  \u00e0\nl'exception  des  arr\u00eat\u00e9s,  protocoles  transactionnels  \u00e9labor\u00e9s  dans  le  cadre  d'un  march\u00e9,\naccords-cadres et march\u00e9s , au c ommissaire divisionnaire Nicolas RODILLON, coordonnateur\nadjoint pour la s\u00e9curit\u00e9 en Corse.\nSecr\u00e9tariat g\u00e9n\u00e9ral pour l'administration du minist\u00e8re de l'int\u00e9rieur - 13-2025-09-22-00003 - Arr\u00eat\u00e9 du 22 septembre 2025 portant\nd\u00e9l\u00e9gation de signature \u00e0 M. Romain DELMON, secr\u00e9taire g\u00e9n\u00e9ral de la zone de d\u00e9fense et de s\u00e9curit\u00e9 Sud aupr\u00e8s du pr\u00e9fet de la\nr\u00e9gion Provence-Alpes-C\u00f4te d'Azur, pr\u00e9fet de la zone de d\u00e9fense et de s\u00e9curit\u00e9 Sud, pr\u00e9fet des Bouches-du-Rh\u00f4ne\n50\nARTICLE 17     :  \nDans le cadre de l 'ex\u00e9cution du BOP \u00ab  Immigration et Asile \u00bb, programme 303, action 3, en cas\nd'absence ou d'emp\u00eachement de M. David PREUD'HOMME, de donner d\u00e9l\u00e9gation de signature\n\u00e0  M.  S\u00e9bastien  TRUET,  attach\u00e9  hors  classe  d'administration  de  l'\u00c9tat,  directeur  de\nl'administration g\u00e9n\u00e9rale et des finances, afin de signer :\n\u2022 les actes juridiques concernant les d\u00e9penses de fonctionnement des locaux et centres de\nr\u00e9tentions inf\u00e9rieures \u00e0 250 000 \u20ac HT,\n\u2022 les  engagements  juridiques  pris  dans  le  cadre  d'un  march\u00e9  notifi\u00e9,  y  compris  les\ncommandes pass\u00e9es \u00e0 l'UGAP, dans la limite de 500 000 \u20ac HT.\nEn  cas  d'absence  de  M.  S\u00e9bastien  TRUET,  attach\u00e9  hors  classe  d'administration  de  l'\u00c9tat,\ndirecteur de l'administration g\u00e9n\u00e9rale et des finances, de donner d\u00e9l\u00e9gation \u00e0 :\n\u2013 M. Fr\u00e9d\u00e9ric BAILHE, attach\u00e9 hors classe d'administration de l'\u00c9tat,  conseiller d'administration\nde l'Int\u00e9rieur, directeur adjoint de l'administration g\u00e9n\u00e9rale et des finances ;\n\u2013 M.  Jean-Pierre  CARL\u0116,  attach\u00e9  hors  classe  d'administration  de  l'\u00c9tat,  chef  du  bureau  du\nbudget, dans la limite de 40 000 \u20ac HT ; \n\u2013 M.  Laurent  LUCZAK,  attach\u00e9  d'administration  de  l'\u00c9tat,  adjoint  au  chef  du  bureau  du\nbudget, dans la limite de 40 000 \u20ac HT ;\n\u2013 Capitaine David CURATOLO, chef du p\u00f4le programme 216 et 303, bureau du budget, dans la\nlimite de 40 000 \u20ac HT ; \n\u2013 Mme Anna-Dea PINNA, attach\u00e9e d'administration, adjointe au chef du p\u00f4le programme 216\net 303 bureau du budget, dans la limite de 40 000 \u20ac HT ;     \n\u2013 Mme Muriel MOSCATELLI, attach\u00e9e d'administration de l'\u00c9tat, cheffe du bureau de l'appui au\npilotage, dans la limite de 40 000 \u20ac HT ;\n\u2013 Mme Katy GILLET, secr\u00e9taire administrative de classe normale, adjointe \u00e0 la cheffe de bureau\nde l'appui au pilotage, dans la limite de 40 000 \u20ac HT.\nARTICLE 18     :  \nL'arr\u00eat\u00e9 du 02 juillet 2025 portant organisation de la zone de d\u00e9fense et de s\u00e9curit\u00e9 Sud est\nabrog\u00e9.\nARTICLE 19     :  \nLe secr\u00e9taire g\u00e9n\u00e9ral de la zone de d\u00e9fense et de s\u00e9curit\u00e9 Sud et le secr\u00e9taire g\u00e9n\u00e9ral\nadjoint pour l'administration du minist\u00e8re de l'Int\u00e9rieur sont charg\u00e9s, chacun en ce qui le\nconcerne,  de  l'ex\u00e9cution  du  pr\u00e9sent  arr\u00eat\u00e9,  qui  sera  publi\u00e9  au  recueil  des  actes\nadministratifs  des  pr\u00e9fectures  chefs-lieux  des  r\u00e9gions  Provence-Alpes-C\u00f4te  d'Azur  et\nOccitanie, ainsi que de la collectivit\u00e9 territoriale de Corse.\n \n                                                                              \n                                                                                                                  \nSecr\u00e9tariat g\u00e9n\u00e9ral pour l'administration du minist\u00e8re de l'int\u00e9rieur - 13-2025-09-22-00003 - Arr\u00eat\u00e9 du 22 septembre 2025 portant\nd\u00e9l\u00e9gation de signature \u00e0 M. Romain DELMON, secr\u00e9taire g\u00e9n\u00e9ral de la zone de d\u00e9fense et de s\u00e9curit\u00e9 Sud aupr\u00e8s du pr\u00e9fet de la\nr\u00e9gion Provence-Alpes-C\u00f4te d'Azur, pr\u00e9fet de la zone de d\u00e9fense et de s\u00e9curit\u00e9 Sud, pr\u00e9fet des Bouches-du-Rh\u00f4ne\n51\nFait \u00e0 Marseille, le 22 septembre 2025\n                                  Sign\u00e9\nGeorges-Fran\u00e7ois Leclerc\nPr\u00e9fet de la r\u00e9gion Provence-Alpes-C\u00f4te d'Azur\nPr\u00e9fet de la zone de d\u00e9fense et de s\u00e9curit\u00e9 Sud\nPr\u00e9fet des Bouches-du-Rh\u00f4ne\nSecr\u00e9tariat g\u00e9n\u00e9ral pour l'administration du minist\u00e8re de l'int\u00e9rieur - 13-2025-09-22-00003 - Arr\u00eat\u00e9 du 22 septembre 2025 portant\nd\u00e9l\u00e9gation de signature \u00e0 M. Romain DELMON, secr\u00e9taire g\u00e9n\u00e9ral de la zone de d\u00e9fense et de s\u00e9curit\u00e9 Sud aupr\u00e8s du pr\u00e9fet de la\nr\u00e9gion Provence-Alpes-C\u00f4te d'Azur, pr\u00e9fet de la zone de d\u00e9fense et de s\u00e9curit\u00e9 Sud, pr\u00e9fet des Bouches-du-Rh\u00f4ne\n52\nAnnexe 1\nListe de gestionnaires/valideurs CHORUS FORMULAIRE\nUO 0216-CSGA-DSud - 0176-CCSC-DM13\nService Nom Pr\u00e9nom saisie validation\nDEL 34 ABDECHCHAFI MARINE O O\nDI AMARI FADILA O O\nDI AOURI SAMIA O O\nCeZOC ARNOLDY Florence O O\nDAGF BB BALZARINI ERIC O O\nDAGF BB BAROZZI \u00c9LODIE O O\nCAB BAUMIER MARIE-ODILE O O\nDEL BEDDAR HOCINE O\nCeZOC BELKADI RISLENE O\nDAGF BB BIET JUSTINE O O\nCAB BONICI EMMANUELLE O\nDAGF-BB BROTO LILIANE O O\nDI BONPAIN PATRICIA O O\nDSIC Toulouse BORDELONGUE JEAN-BERNARD O O\nDRT31 BOUAZZA DALILA O\nDI BOUGUERN NAJET O O\nDRT31 CAMBON MARIE-ANGE O O\nCAB CASELLA MARJORIE O O\nDEL COLLIGNON GENEVI\u00c8VE O O\nDAGF-BB CURATOLO DAVID O O\nDRT31 DE LLOBET MAGALI O O\nDSIC DE OLIVEIRA VALERIE O O\nDAGF  BAP DI MEO L\u00c6TITIA O O\nSecr\u00e9tariat g\u00e9n\u00e9ral pour l'administration du minist\u00e8re de l'int\u00e9rieur - 13-2025-09-22-00003 - Arr\u00eat\u00e9 du 22 septembre 2025 portant\nd\u00e9l\u00e9gation de signature \u00e0 M. Romain DELMON, secr\u00e9taire g\u00e9n\u00e9ral de la zone de d\u00e9fense et de s\u00e9curit\u00e9 Sud aupr\u00e8s du pr\u00e9fet de la\nr\u00e9gion Provence-Alpes-C\u00f4te d'Azur, pr\u00e9fet de la zone de d\u00e9fense et de s\u00e9curit\u00e9 Sud, pr\u00e9fet des Bouches-du-Rh\u00f4ne\n53\nDEL DORU ROLAND O O\nDSIC DJAOU HALIMA O O\nDRT34 ESTEVE MICHAEL O O\nDI FENECH L\u00c6TITIA O\nDAGF-BB HAMOUDI C\u00c9CILE O O\nDSIC HOANG CLARISSE O O\nDAGF-BB FLORES C\u00c9CILE O O\nDAGF-BB FREYBURGER GA\u00cbLLE O -\nDI GUERRA LYSIANE O\nDSIC ISSAUTIER LAURENT O O\nDI JULLIEN CORINNE O O\nANT06 LABARDE JEAN-PIERRE O O\nCeZOC LE BERRE-LACHAUX Sophie o o\nDI MALECKI JAROSLAW O O\nCEZOC MARTIN ANDREA O O\nDT31 MAZZOLO CARINE O O\nDT31 MENUSIER ST\u00c9PHANE O O\nDEL LONGUETEAU VANARAJ O O\nDRT MOUNIER SANDRA O\nDAGF BB NEUVILLE LAURENCE O O\nDAGF BB PINNA ANNA-DEA O O\nDAGF BB QUBRI HAKIMA O -\nDI REGLIONI JENNIFER O O\nDEL06 REVENGA MONIQUE O\nDAGF BB ROUMANE SONIA O O\nPP SAUGEZ LO\u00cfC O O\nDI RAIBALDI BERNADETTE O O\nDI SCHMERBER BERNADETTE O O\nSecr\u00e9tariat g\u00e9n\u00e9ral pour l'administration du minist\u00e8re de l'int\u00e9rieur - 13-2025-09-22-00003 - Arr\u00eat\u00e9 du 22 septembre 2025 portant\nd\u00e9l\u00e9gation de signature \u00e0 M. Romain DELMON, secr\u00e9taire g\u00e9n\u00e9ral de la zone de d\u00e9fense et de s\u00e9curit\u00e9 Sud aupr\u00e8s du pr\u00e9fet de la\nr\u00e9gion Provence-Alpes-C\u00f4te d'Azur, pr\u00e9fet de la zone de d\u00e9fense et de s\u00e9curit\u00e9 Sud, pr\u00e9fet des Bouches-du-Rh\u00f4ne\n54\nDI SFREGOLA NOEL O\nDEL NADEAU SANDRINE O O\nPP VALLON MARIE-FLORE O\nDEL  et DT31 VIALARS MARION O O\nDAGF BB PATRICOLA CAROLE O O\nDAGF BB HOARAU SYLVIE O O\nDAGF BB LUCZAK LAURENT O O\nDEL 31 MAZZOLO CARINE O O\nDEL 31 MENUSIER STEPHANE O O\nDAGF-BB SANCHO ST\u00c9PHANE O O\nDI ZAKARIA ASSAENDI O O\nDR CORSE ORPHELIN AUDREY O O\nDR CORSE BAUWENS NATHALIE O O\nDR CORSE ORICELLI GABRIELLE O O\nDR CORSE DIXMIER VALERIE O O\nDI VICARI ERIC O O\nAnnexe 2\nListe des porteurs de carte d'achats\nUO CCSC-DM13 P176 \nNOM TITULAIRE PR\u00c9NOM TITULAIRE\nMontant maximum par \ntransaction\nNiveau UO\nAHMED NATACHA 20 000 \u20ac 3 DEL MARSEILLE\nALEJANDRO CHRISTINE 500 \u20ac 1 et 1 bis CMC\nAMIRATY V\u00c9RONIQUE 20 000 \u20ac 1 et 1 bis PP13\nANZIANI THIERRY 500 \u20ac 3 SGAMI DEL FURIANI\nARNOLDY FLORENCE 2 000 \u20ac 1 et 3 CEZOC\nSecr\u00e9tariat g\u00e9n\u00e9ral pour l'administration du minist\u00e8re de l'int\u00e9rieur - 13-2025-09-22-00003 - Arr\u00eat\u00e9 du 22 septembre 2025 portant\nd\u00e9l\u00e9gation de signature \u00e0 M. Romain DELMON, secr\u00e9taire g\u00e9n\u00e9ral de la zone de d\u00e9fense et de s\u00e9curit\u00e9 Sud aupr\u00e8s du pr\u00e9fet de la\nr\u00e9gion Provence-Alpes-C\u00f4te d'Azur, pr\u00e9fet de la zone de d\u00e9fense et de s\u00e9curit\u00e9 Sud, pr\u00e9fet des Bouches-du-Rh\u00f4ne\n55\nASTOIN CHRISTOPHE  2 000 \u20ac 1 et 3 PP13\nBARASCUT ELIE 20 000 \u20ac 3 DEL MONTPELLIER\nBATIFOULIER NICOLAS 12 000 \u20ac 3 SGAMI Sud/DEL/BMM/SLA 06\nBONIFAY ANTHONY 10 000 \u20ac 3 DEL\nBOUWE LIE 10 000 \u20ac 3 DEL MARSEILLE\nCAMBON MARIE-ANGE 8 000 \u20ac 3 DEL\nCHAKRI HICHAM 2 000 \u20ac 1 et 1 bis PP13\nCOLLIGNON PASCAL 2 000 \u20ac 1 bis DEL MARSEILLE\nCOURNAC NICOLAS 2 000 \u20ac 1bis DEL\nCOUTURIER ROBERT 2 000 \u20ac 1bis et 3 DEL MONTPELLIER\nDELBECQ ANTHONY 2 000 \u20ac 1 bis DEL MARSEILLE\nDELMON Romain 2 000\u20ac 1 CeZOC\nDENIS CHRISTIAN 2 000 \u20ac 1 bis DEL AJACCIO\nDESBORDES JEAN-LUC 20 000 \u20ac 3 DEL PERPIGNAN\nDIAZ PATRICK 20 000 \u20ac 1 bis et  3 DEL MARSEILLE\nDITNAN KEVIN 10 000 \u20ac 3 DEL COLOMIERS\nFLORO JEAN-CHRISTOPHE 20 000 \u20ac 1  et 3 DEL MARSEILLE\nFONTAINE S\u00c9BASTIEN 20 000 \u20ac 3 DEL MARSEILLE\nFOURC S\u00c9BASTIEN 2 000 \u20ac 3 SLA 66\nGANGAI MICHEL 12 000 \u20ac 3 DEL MARSEILLE\nGAROFALO CHRISTOPHE 20 000 \u20ac 3 DEL MONTPELLIER\nGRAL GR\u00c9GORY 10 000 \u20ac 3 ANTENNE DE NICE\nGUEZELLO LAURA 2 000\u20ac 1 et 3 Pref2A CSC\nGUILHOU CORINE 2 000 \u20ac 1bis et 3 SGAMI Sud / DEL/ BZMM/ PAZ\nGUILLOT LAURENT 20 000 \u20ac 3 DEL MONTPELLIER\nGUYET EMMANUEL 10 000 \u20ac 3 DEL\nISONI JO\u00cbL 10 000 \u20ac 3\nSGAMI DR2A MAGASIN \nAUTOMOBILE\nKRUMB JEAN-PIERRE 20 000 \u20ac 3 DEL COLOMIERS\nLONGUETEAU VANARAJ 2 000 \u20ac 1 bis\nSGAMI Sud / DEL/ BZMM/ PAZ/ \nMAGASIN\nMADDALENA LYDIE 5 000 \u20ac 3 DEL MARSEILLE\nMARIANI S\u00c9BASTIEN 10 000 \u20ac 3 SGAMI DEL FURIANI\nSecr\u00e9tariat g\u00e9n\u00e9ral pour l'administration du minist\u00e8re de l'int\u00e9rieur - 13-2025-09-22-00003 - Arr\u00eat\u00e9 du 22 septembre 2025 portant\nd\u00e9l\u00e9gation de signature \u00e0 M. Romain DELMON, secr\u00e9taire g\u00e9n\u00e9ral de la zone de d\u00e9fense et de s\u00e9curit\u00e9 Sud aupr\u00e8s du pr\u00e9fet de la\nr\u00e9gion Provence-Alpes-C\u00f4te d'Azur, pr\u00e9fet de la zone de d\u00e9fense et de s\u00e9curit\u00e9 Sud, pr\u00e9fet des Bouches-du-Rh\u00f4ne\n56\nMEHADJI FARID 500 \u20ac 3 CMC\nNOISETTE JEAN-YVES 2 000 \u20ac 1 CEZOC\nPASCUITO VINCENT 20 000 \u20ac 3 SGAMI Sud DEL ANTENNE 34\nPERINI JACQUES 10 000 \u20ac 1 SGAMI Sud DEL BMM\nPIERRE ERIC 20 000 \u20ac 3 DEL MONTPELLIER\nPOLI FR\u00c9D\u00c9RIC 10 000 \u20ac 3 SGAMI DR2A MAGASIN AUTO\nPOREZ JEAN-MICHEL 1 000 \u20ac 1 BOP 1\nPRUNIER S\u00c9BASTIEN 20 000 \u20ac 3 DEL\nRODILLON NICOLAS 2 000 \u20ac 3 PREF2A CSC\nSAUGEZ LO\u00cfC 2 000 \u20ac 3 DRH\nSCIACCA SANDRO 1 200 \u20ac 3 DEL NICE\nSPADOLA LORENZO 15 000 \u20ac 3 Pr\u00e9fecture de police\nSUSINI PASCAL 10000 \u20ac 3 DEL\nVIEULES ARNAUD 2 000\u20ac 1 SGAMI DR2A\nVINEL NICOLAS 20 000 \u20ac 3 DEL COLOMIERS\nListe des d\u00e9tenteurs de carte d'achats\nUO CSGA-DSud P216 \nNom des Titulaires\nPr\u00e9nom des\nTitulaires\nMontant max par\ntransaction\nNIVEAU UO\nBAILHE FR\u00c9D\u00c9RIC 2 000 \u20ac 1 DAGF\nBAUMIER-LEVEQUE MARIE-ODILE 2 000 \u20ac 1 CABINET\nBENYETTOU MALIKA  2 000 \u20ac 1 et 3 DEL\nBORDELONGUE JEAN-BERNARD 500 \u20ac 1 DSIC\nBOREL DIDIER 2 000 \u20ac 1 et 1 bis DEL\nBOUTTE NICOLAS 2 000 \u20ac 1 et 1 bis DSIC\nBOUZID AICHA 2 500 \u20ac 1 et  1Bis DAGF\nBRACCI FABRICE 2 000 \u20ac 1 et 1 bis DSIC\nSecr\u00e9tariat g\u00e9n\u00e9ral pour l'administration du minist\u00e8re de l'int\u00e9rieur - 13-2025-09-22-00003 - Arr\u00eat\u00e9 du 22 septembre 2025 portant\nd\u00e9l\u00e9gation de signature \u00e0 M. Romain DELMON, secr\u00e9taire g\u00e9n\u00e9ral de la zone de d\u00e9fense et de s\u00e9curit\u00e9 Sud aupr\u00e8s du pr\u00e9fet de la\nr\u00e9gion Provence-Alpes-C\u00f4te d'Azur, pr\u00e9fet de la zone de d\u00e9fense et de s\u00e9curit\u00e9 Sud, pr\u00e9fet des Bouches-du-Rh\u00f4ne\n57\nBUONO CYR 500 \u20ac 1 bis DSIC\nCASELLA MARJORIE 2 000 \u20ac 1 et 3 SGAMI Sud CABINET\nCOUTON FR\u00c9D\u00c9RIC 500 \u20ac 3 CABINET\nDI MEO LAETITA  2 000 \u20ac 1 bis DAGF\nDIDONNA CATHERINE 2 000 \u20ac 3  DAGF\nDIXMIER VAL\u00c9RIE 2 000 \u20ac 1 et 3 SGAMI Sud DR2A\nGACQUER JEAN-PHILIPPE 2 000 \u20ac 1 ANTENNE DE NICE\nGRISS MERIEM 2 000 \u20ac 1 et 3 CABINET\nKADRI SABRINA 3 500 \u20ac 3 DT31\nLABARDE JEAN-PIERRE 2 000\u20ac 1 bis et 3 ANT06\nLATTARD CHRISTOPHE 1 000 \u20ac 3 DEL\nMACON CATHERINE 2 000 \u20ac 3 DR CORSE\nMARCHIEN Guillaume 2 000 \u20ac 3 DSIC\nMONGIU PATRICIA 500 \u20ac 3 DI\nNADEAU SANDRINE 2 000 \u20ac 1 bis DEL\nORPHELIN AUDREY 1000 \u20ac 1 DR2A\nPREUD'HOMME DAVID 2 000 \u20ac 1 CABINET\nRIVIERE ANTHONY 500 \u20ac 1 CABINET\nSABATE KARINE 2 000 \u20ac 1 et 1 bis DT31\nSAUGEZ LO\u00cfC 2 000 \u20ac 3 DRH\nSTOUVENEL CAMILLE 2 000 \u20ac 1 et 3 CABINET\nKHALED DETAILLER\n(\u00e0 partir du 01/11/2025)\nRedha 2 000 \u20ac 1 DI     \nTAORMINA ALAIN 1 000 \u20ac 1 DEL MARSEILLE\nTRUET S\u00c9BASTIEN 2000 \u20ac 1 et 1Bis DAGF\nVERZENI THIERRY 1 500 \u20ac 1 et 3 ANTENNE 34\nVIALARS MARION 1 000 \u20ac 1 et 3 DT31\nZANARDI GIL 2 000 \u20ac 3 DI\nSecr\u00e9tariat g\u00e9n\u00e9ral pour l'administration du minist\u00e8re de l'int\u00e9rieur - 13-2025-09-22-00003 - Arr\u00eat\u00e9 du 22 septembre 2025 portant\nd\u00e9l\u00e9gation de signature \u00e0 M. Romain DELMON, secr\u00e9taire g\u00e9n\u00e9ral de la zone de d\u00e9fense et de s\u00e9curit\u00e9 Sud aupr\u00e8s du pr\u00e9fet de la\nr\u00e9gion Provence-Alpes-C\u00f4te d'Azur, pr\u00e9fet de la zone de d\u00e9fense et de s\u00e9curit\u00e9 Sud, pr\u00e9fet des Bouches-du-Rh\u00f4ne\n58","date":"2025-09-23","first_seen_on":"2025-09-23T14:07:57+00:00","id":"0748395985b45a83c0d0e9f5ab0bf3b9cda1ab8006098d2be69eaafb647119e0","name":"recueil-13-2025-279-recueil-des-actes-administratifs-special du 23 septembre 2025","pdf_creation_date":"2025-09-23T13:59:47+00:00","pdf_modification_date":"2025-09-23T15:00:26+00:00","timezone":"Europe/Paris","url":"https://www.bouches-du-rhone.gouv.fr/contenu/telechargement/61380/433154/file/recueil-13-2025-279-recueil-des-actes-administratifs-special%20du%2023%20septembre%202025.pdf"}
