{"administration":"prefidf","administration_name":"Pr\u00e9fecture de la r\u00e9gion \u00cele-de-France","content":"PREFECTURE\nREGION ILE DE\nFRANCE\nRECUEIL DES ACTES\nADMINISTRATIFS SP\u00c9CIAL\n(NOMINATIFS)\nN\u00b0IDF-017-2025-06\nPUBLI\u00c9 LE 10 JUIN 2025\nSommaire\nPr\u00e9fecture de la r\u00e9gion d'Ile-de-France, pr\u00e9fecture de\nParis-Secr\u00e9tariat g\u00e9n\u00e9ral aux politiques publiques / Direction des\naffaires juridiques\nIDF-2025-06-10-00002 - Arr\u00eat\u00e9 portant renouvellement de la\ncomposition du conseil inter-acad\u00e9mique de l'\u00e9ducation nationale\n(CIEN) d'\u00cele-de-France (14 pages) Page 3\n2\nPr\u00e9fecture de la r\u00e9gion d'Ile-de-France,\npr\u00e9fecture de Paris-Secr\u00e9tariat g\u00e9n\u00e9ral aux\npolitiques publiques\nIDF-2025-06-10-00002\nArr\u00eat\u00e9 portant renouvellement de la\ncomposition du conseil inter-acad\u00e9mique de\nl'\u00e9ducation nationale (CIEN) d'\u00cele-de-France\nPr\u00e9fecture de la r\u00e9gion d'Ile-de-France, pr\u00e9fecture de Paris-Secr\u00e9tariat g\u00e9n\u00e9ral aux politiques publiques - IDF-2025-06-10-00002 -\nArr\u00eat\u00e9 portant renouvellement de la composition du conseil inter-acad\u00e9mique de l'\u00e9ducation nationale (CIEN) d'\u00cele-de-France 3\nExPR\u00c9FETDE LA R\u00c9GIOND'ILE-DE-FRANCELibert\u00e9Egalit\u00e9Fraternit\u00e9\n  \n \nSecr\u00e9tariat g\u00e9n\u00e9ral aux politiques publiques  \n  Direction des affaires juridiques  \n \n \nPr\u00e9fecture de la r\u00e9gion d'\u00cele-de-France, pr\u00e9fecture de Paris \n5, rue Leblanc 75 911 Paris Cedex 15 | \uf028 Standard : 01 82 52 40 00 \nSite internet : https://www.prefectures-regions.gouv.fr/ile-de-france  \nTwitter : https://twitter.com/Prefet75_IDF  | LindkedIn : https://www.linkedin.com/company/l-\u00e9tat-en-\u00eele-de-f rance/  \n             1 / 14 \n \n \n \nARR\u00caT\u00c9 \n \nportant renouvellement de la composition du conseil inter-acad\u00e9mique  \nde l'\u00e9ducation nationale (CIEN) d'\u00cele-de-France \n \nLE PR\u00c9FET DE LA R\u00c9GION D'\u00ceLE-DE-FRANCE  \nPR\u00c9FET DE PARIS  \nCOMMANDEUR DE LA L\u00c9GION D'HONNEUR  \nOFFICIER DE L'ORDRE NATIONAL DU M\u00c9RITE \n \n \nVu le code de l'\u00e9ducation, notamment ses articles L. 2 34-1, L. 234-8, R. 234-4, R. 234-5, R. 234-16, R. 2 34-17, \nR. 234-18 et R. 234-19 ; \n \nVu  l'arr\u00eat\u00e9 inter -pr\u00e9fectoral modifi\u00e9 n\u00b0IDF-2021-10-01-00002 du 1er octobre 2021 portant renouvellement du \nconseil inter-acad\u00e9mique de l'\u00e9ducation nationale ( CIEN) d'\u00cele-de-France, modifi\u00e9 en dernier lieu par l'arr\u00eat\u00e9 \ninter -pr\u00e9fectoral n\u00b0 IDF-2023-08-0200001 du 2 ao\u00fbt 2023 ; \n \nVu  la d\u00e9lib\u00e9ration n\u00b02 du 14 avril 2023 du conseil d\u00e9 partemental des Hauts-de-Seine portant d\u00e9signation au \nconseil inter-acad\u00e9mique de l'\u00e9ducation nationale en \u00cele-de-France ; \n \nVu  la d\u00e9lib\u00e9ration n\u00b0SP-2024-1-046 du 30 septembre 20 24 du conseil d\u00e9partemental de l'Essonne portant \nrepr\u00e9sentation d'\u00e9lus au sein de divers organismes ; \n \nVu  la d\u00e9lib\u00e9ration n\u00b0CR2025-006 du 26 mars 2025 du co nseil r\u00e9gional d'\u00cele-de-France portant d\u00e9signation et \nremplacement des repr\u00e9sentants du conseil r\u00e9gional dans divers organismes ; \n \nVu  le courriel en date du 23 mai 2025 de Monsieur Aur \u00e9lien Perrot, charg\u00e9 d'\u00e9tudes juridiques \u00e0 l'Associ ation \ndes maires d'\u00cele-de-France (AMIF), faisant part de la d\u00e9signation par accord entre les associations \nd\u00e9partementales des maires des repr\u00e9sentants au CIE N d'\u00cele-de-France des communes de la r\u00e9gion \nacad\u00e9mique, hors Ville de Paris ; \n \nVu  le courriel en date du 25 mars 2025 de Madame Ang\u00e9 lique Adamik, pr\u00e9sidente acad\u00e9mique du Syndicat \nnational des lyc\u00e9es, coll\u00e8ges, \u00e9coles et du sup\u00e9rie ur (SNALC) de Versailles, au secr\u00e9tariat g\u00e9n\u00e9ral de  la r\u00e9gion \nacad\u00e9mique d'\u00cele -de -France, faisant part de la d\u00e9signation des repr\u00e9sen tants du SNALC au CIEN d'\u00cele -de -\nFrance au titre des organisations syndicales repr\u00e9s entatives dans la r\u00e9gion des personnels des service s \nadministratifs et des \u00e9tablissements scolaires ;  \n \nVu  le courriel en date du 1er avril 2025 de Madame Cl aire Bonhomme, pour les ex\u00e9cutifs de la Conf\u00e9d\u00e9rati on \nfran\u00e7aise d\u00e9mocratique du travail (CFDT) Education Formation Recherche publiques dans les trois acad\u00e9m ies \nfranciliennes, au secr\u00e9tariat g\u00e9n\u00e9ral de la r\u00e9gion acad\u00e9mique d'\u00cele -de -France, faisant part de la d\u00e9signation des \nrepr\u00e9sentants de la CFDT au CIEN d'\u00cele -de -France au titre des organisations syndicales repr\u00e9s entatives dans la \nr\u00e9gion des personnels des services administratifs et des \u00e9tablissements scolaires ;  \n \nVu  le courriel en date du 4 avril 2025 de Madame Anne -Sophie Laclautre, secr\u00e9taire r\u00e9gionale \u00cele -de -France de \nl'Union nationale des syndicats autonomes (UNSA) Ed ucation, au secr\u00e9tariat g\u00e9n\u00e9ral de la r\u00e9gion acad\u00e9m ique \nd'\u00cele -de -France, faisant part de la d\u00e9signation des repr\u00e9sen tants de l'UNSA Education au CIEN d'\u00cele -de -France \nau titre des organisations syndicales repr\u00e9sentativ es dans la r\u00e9gion des personnels des services admin istratifs \net des \u00e9tablissements scolaires ;  \n \nVu  le courriel en date du 9 avril 2025 de Monsieur Ya nnick Biliec, pour la Conf\u00e9d\u00e9ration g\u00e9n\u00e9rale du tra vail \n(CGT) Education, au secr\u00e9tariat g\u00e9n\u00e9ral de la r\u00e9gio n acad\u00e9mique d'\u00cele -de -France, faisant part de la d\u00e9signation \ndes repr\u00e9sentants de la GGT Education au CIEN d'\u00cele -de -France au titre des organisations syndicales \nPr\u00e9fecture de la r\u00e9gion d'Ile-de-France, pr\u00e9fecture de Paris-Secr\u00e9tariat g\u00e9n\u00e9ral aux politiques publiques - IDF-2025-06-10-00002 -\nArr\u00eat\u00e9 portant renouvellement de la composition du conseil inter-acad\u00e9mique de l'\u00e9ducation nationale (CIEN) d'\u00cele-de-France 4\nPr\u00e9fecture de la r\u00e9gion d'\u00cele-de-France, pr\u00e9fecture de Paris \n5, rue Leblanc 75 911 Paris Cedex 15 | \uf028 Standard : 01 82 52 40 00 \nSite internet : https://www.prefectures-regions.gouv.fr/ile-de-france   \nTwitter : https://twitter.com/Prefet75_IDF | LindkedIn : https://www.linkedin.com/company/l-\u00e9tat-en-\u00eele-de-france/  \n             2 / 14 \nrepr\u00e9sen tatives dans la r\u00e9gion des personnels des services administratifs et des \u00e9tablissements scolaires ;  \n \nVu  le courrier en date du 30 avril 2025 de Monsieur J ean-Fran\u00e7ois Gay, co-secr\u00e9taire r\u00e9gional de la F\u00e9d\u00e9 ration \nsyndicale unitaire (FSU) \u00cele-de-France, \u00e0 l'attenti on de Madame la rectrice de la r\u00e9gion acad\u00e9mique d' \u00cele-de-\nFrance et rectrice de l'acad\u00e9mie de Paris, faisant part de la d\u00e9signation des repr\u00e9sentants de la FSU au CIEN \nd'\u00cele-de-France \u00e0 compter du 1er mai 2025 au titre des organisations syndicales repr\u00e9sentatives dans l a r\u00e9gion \ndes personnels des services administratifs et des \u00e9 tablissements scolaires, incluant un repr\u00e9sentant d es \npersonnels enseignants exer\u00e7ant ses fonctions dans les classes post-baccalaur\u00e9at des lyc\u00e9es, au titre des \norganisations syndicales repr\u00e9sentatives dans la r\u00e9 gion des personnels de l'enseignement sup\u00e9rieur, au  titre de \nl'organisation syndicale repr\u00e9sentative dans la r\u00e9g ion des personnels des services administratifs et d es \n\u00e9tablissements publics d'enseignement et de formati on agricole si\u00e9geant au comit\u00e9 r\u00e9gional de l'enseig nement \nagricole et au titre de l'organisation syndicale re pr\u00e9sentative dans la r\u00e9gion des personnels des \u00e9tab lissements \npublics d'enseignement sup\u00e9rieur agricole ou v\u00e9t\u00e9rinaire ;  \n \nVu  le courriel compl\u00e9mentaire en date du 20 mai 2025 de Monsieur Jean-Fran\u00e7ois GAY au secr\u00e9tariat g\u00e9n\u00e9ra l \nde la r\u00e9gion acad\u00e9mique d'\u00cele-de-France, faisant pa rt de la d\u00e9signation d'un repr\u00e9sentant suppl\u00e9ant de  la FSU \nau CIEN d'\u00cele-de-France au titre du repr\u00e9sentant de s personnels enseignants exer\u00e7ant ses fonctions dan s les \nclasses post-baccalaur\u00e9at des lyc\u00e9es ; \n \nVu  le courriel en date du 30 avril 2025 de Madame Clo \u00e9 Buisson, pour SUD (Solidaires, unitaires et \nd\u00e9mocratiques) Education, au secr\u00e9tariat g\u00e9n\u00e9ral de  la r\u00e9gion acad\u00e9mique d'\u00cele-de-France, faisant part  de la \nd\u00e9signation des repr\u00e9sentants de SUD Education au C IEN d'\u00cele-de-France au titre des organisations synd icales \nrepr\u00e9sentatives dans la r\u00e9gion des personnels des services administratifs et des \u00e9tablissements scolaires ;  \n \nVu  le courriel en date du 8 mai 2025 de Monsieur Beno \u00eet Conn\u00e9table, pour la F\u00e9d\u00e9ration nationale de \nl'enseignement, de la culture et de la formation pr ofessionnelle-Force ouvri\u00e8re (FNEC FP-FO) d'\u00cele-de- France, \nau secr\u00e9tariat g\u00e9n\u00e9ral de la r\u00e9gion acad\u00e9mique d'\u00cel e-de-France, faisant part de la d\u00e9signation des rep r\u00e9sentants \nde la FNEC FP-FO d'\u00cele-de-France au CIEN d'\u00cele-de-F rance au titre des organisations syndicales \nrepr\u00e9sentatives dans la r\u00e9gion des personnels des services administratifs et des \u00e9tablissements scolaires ; \n \nVu  le courriel en date du 17 avril 2025 de Madame Mar tine Samama, pour l'UNSA, au secr\u00e9tariat g\u00e9n\u00e9ral de  la \nr\u00e9gion acad\u00e9mique d'\u00cele-de-France, faisant part de la d\u00e9signation des repr\u00e9sentants de l'UNSA  au CIEN  d'\u00cele-\nde-France au titre des organisations syndicales rep r\u00e9sentatives dans la r\u00e9gion des personnels de \nl'enseignement sup\u00e9rieur ;  \n \nVu  le courriel en date du 21 avril 2025 de Madame Emm a Savanier Briceno et Monsieur Samuel Couillard, po ur \nSUD Education Paris, au secr\u00e9tariat g\u00e9n\u00e9ral de la r \u00e9gion acad\u00e9mique d'\u00cele-de-France, faisant part de l a \nd\u00e9signation des repr\u00e9sentants de SUD Education Pari s au CIEN d'\u00cele-de-France au titre des organisation s \nsyndicales repr\u00e9sentatives dans la r\u00e9gion des personnels de l'enseignement sup\u00e9rieur ;  \n \nVu  les courriels en date du 27 avril 2025 de Monsieur  Samir Alioua, coordinateur du comit\u00e9 r\u00e9gional \u00cele- de-\nFrance de la F\u00e9d\u00e9ration des conseils de parents d'\u00e9 l\u00e8ves (FCPE), au secr\u00e9tariat g\u00e9n\u00e9ral de la r\u00e9gion \nacad\u00e9mique d'\u00cele-de-France, faisant part de la d\u00e9si gnation des repr\u00e9sentants de la FCPE au CIEN d'\u00cele- de-\nFrance au titre des associations de parents d'\u00e9l\u00e8ve s repr\u00e9sentatives dans la r\u00e9gion pour les \u00e9tablisse ments \nscolaires relevant du minist\u00e8re de l'\u00e9ducation nationale ; \n \nVu  le courriel en date du 5 mai 2025 de Monsieur Emma nuel Garot, pour la F\u00e9d\u00e9ration des parents d'\u00e9l\u00e8ves  de \nl'enseignement public (PEEP), au secr\u00e9tariat g\u00e9n\u00e9ra l de la r\u00e9gion acad\u00e9mique d'\u00cele-de-France, faisant part de la \nd\u00e9signation des repr\u00e9sentants de la PEEP au CIEN d' \u00cele-de-France au titre des associations de parents d'\u00e9l\u00e8ves \nrepr\u00e9sentatives dans la r\u00e9gion pour les \u00e9tablissements scolaires relevant du minist\u00e8re de l'\u00e9ducation nationale ;  \n \nVu  le courriel en date du 6 mai 2025 de Monsieur Nabi l Bouzerna, vice-pr\u00e9sident de l'Union nationale des  \nassociations autonomes de parents d'\u00e9l\u00e8ves (UNAAPE)  \u00cele-de-France, au secr\u00e9tariat g\u00e9n\u00e9ral de la r\u00e9gion  \nacad\u00e9mique d'\u00cele-de-France, faisant part de la d\u00e9si gnation des repr\u00e9sentants des parents d'\u00e9l\u00e8ves de l 'UNAAPE \nau CIEN d'\u00cele-de-France au titre des associations d e parents d'\u00e9l\u00e8ves repr\u00e9sentatives dans la r\u00e9gion p our les \n\u00e9tablissements scolaires relevant du minist\u00e8re de l'\u00e9ducation nationale ; \n \nVu  le courriel en date du 14 avril 2025 de Madame Cla ire Le-Bigot, directrice adjointe de la direction r \u00e9gionale \ninterd\u00e9partementale de l'alimentation, de l'agricul ture et de la for\u00eat (DRIAAF), transmettant au secr\u00e9 tariat \ng\u00e9n\u00e9ral de la r\u00e9gion acad\u00e9mique d'\u00cele-de-France et \u00e0 la pr\u00e9fecture de la r\u00e9gion d'\u00cele-de-France les pr opositions \nde nomination au CIEN d'\u00cele-de-France des repr\u00e9sent ants de l'organisation syndicale repr\u00e9sentative dan s la \nPr\u00e9fecture de la r\u00e9gion d'Ile-de-France, pr\u00e9fecture de Paris-Secr\u00e9tariat g\u00e9n\u00e9ral aux politiques publiques - IDF-2025-06-10-00002 -\nArr\u00eat\u00e9 portant renouvellement de la composition du conseil inter-acad\u00e9mique de l'\u00e9ducation nationale (CIEN) d'\u00cele-de-France 5\nPr\u00e9fecture de la r\u00e9gion d'\u00cele-de-France, pr\u00e9fecture de Paris \n5, rue Leblanc 75 911 Paris Cedex 15 | \uf028 Standard : 01 82 52 40 00 \nSite internet : https://www.prefectures-regions.gouv.fr/ile-de-france  \nTwitter : https://twitter.com/Prefet75_IDF  | LindkedIn : https://www.linkedin.com/company/l-\u00e9tat-en-\u00eele-de-f rance/  \n             3 / 14 \nr\u00e9gion des personnels des services administratifs e t des \u00e9tablissements publics d'enseignement et de f ormation \nagricole si\u00e9geant au comit\u00e9 r\u00e9gional de l'enseignem ent agricole et des personnels des \u00e9tablissements p ublics \nd'enseignement sup\u00e9rieur agricole ou v\u00e9t\u00e9rinaire ai nsi que de l'association de parents d'\u00e9l\u00e8ves repr\u00e9s entative \ndans la r\u00e9gion au titre des \u00e9tablissements scolaires relevant du minist\u00e8re de l'agriculture ;  \n \nVu  le courriel en date du 22 avril 2025 de Madame Flo re Gr\u00e8ze, vice-pr\u00e9sidente charg\u00e9e des relations pub liques \nde la F\u00e9d\u00e9ration des associations g\u00e9n\u00e9rales \u00e9tudian tes (FAGE), au secr\u00e9tariat g\u00e9n\u00e9ral de la r\u00e9gion aca d\u00e9mique \nd'\u00cele-de-France, faisant part de la d\u00e9signation des  repr\u00e9sentants de la FAGE au CIEN d'\u00cele-de-France a u titre \ndes organisations des \u00e9tudiants repr\u00e9sentatives dans la r\u00e9gion ; \n \nVu  le courriel en date du 13 mai 2025 de Madame Val\u00e9r ie BLANQUEFORT, directrice fonctionnelle du Conseil  \n\u00e9conomique, sociale et environnement r\u00e9gional (CESE R) d'\u00cele-de-France, au secr\u00e9tariat g\u00e9n\u00e9ral de la r\u00e9 gion \nacad\u00e9mique d'\u00cele-de-France, faisant part de la d\u00e9si gnation d'une repr\u00e9sentante suppl\u00e9ante du CESER au CIEN \nd'\u00cele-de-France ; \n \nVu  le courrier en date du 28 avril 2025 de Monsieur D iego Melchior, secr\u00e9taire g\u00e9n\u00e9ral de l'union r\u00e9gionale de la \nCFDT \u00cele-de-France, au pr\u00e9fet de la r\u00e9gion d'\u00cele-de -France, pr\u00e9fet de Paris, faisant part de la d\u00e9sign ation des \nrepr\u00e9sentants de la CFDT au CIEN d'\u00cele-de-France au  titre des organisations syndicale interprofessionn elles \nrepr\u00e9sentatives dans la r\u00e9gion des salari\u00e9s ; \n \nVu  le courrier en date du 28 avril 2025 de Madame  Val\u00e9rie Lesage, secr\u00e9taire g\u00e9n\u00e9rale de l'union r\u00e9gi onale       \n\u00cele-de-France CGT, \u00e0 la pr\u00e9fecture de la r\u00e9gion d'\u00ce le-de-France, pr\u00e9fecture de Paris, faisant part de la \nd\u00e9signation des repr\u00e9sentants de la CGT au CIEN d'\u00ce le-de-France au titre des organisations syndicales \ninterprofessionnelles repr\u00e9sentatives dans la r\u00e9gion des salari\u00e9s ; \n \nVu  le courrier en date du 2 mai 2025 de Madame  Pauline Laby - Le Clercq, secr\u00e9taire g\u00e9n\u00e9rale r\u00e9gio nale de \nl'union r\u00e9gionale l'UNSA \u00cele-de-France, au pr\u00e9fet d e la r\u00e9gion d'\u00cele-de-France, pr\u00e9fet de Paris, faisa nt part de la \nd\u00e9signation des repr\u00e9sentants de l'UNSA au CIEN d'\u00ce le-de-France au titre des organisations syndicales \ninterprofessionnelles repr\u00e9sentatives dans la r\u00e9gion des salari\u00e9s ; \n \nVu  le courrier en date du 5 mai 2025 de Madame Sophie  Rodrigues, pour le secr\u00e9tariat g\u00e9n\u00e9ral de l'union \nr\u00e9gionale \u00cele-de-France de FO, \u00e0 la pr\u00e9fecture de l a r\u00e9gion d'\u00cele-de-France, pr\u00e9fecture de Paris, faisant part de la \nd\u00e9signation des repr\u00e9sentants de FO au CIEN d'\u00cele-d e-France au titre des organisations syndicales \ninterprofessionnelles repr\u00e9sentatives dans la r\u00e9gion des salari\u00e9s ; \n \nVu  le courrier en date du 5 mai 2025 de Monsieur Bern ard Hayat, vice-pr\u00e9sident de l'union r\u00e9gionale CFTC       \n\u00cele-de-France, au pr\u00e9fet de la r\u00e9gion d'\u00cele-de-Fran ce, pr\u00e9fet de Paris, faisant part de la d\u00e9signation  des \nrepr\u00e9sentants de la Conf\u00e9d\u00e9ration fran\u00e7aise des tra vailleurs chr\u00e9tiens (CFTC) au CIEN d'\u00cele-de-France au titre \ndes organisations syndicales interprofessionnelles repr\u00e9sentatives dans la r\u00e9gion des salari\u00e9s ; \n \nVu  le courrier en date du 29 avril 2025 de Monsieur D aniel-Julien No\u00ebl, pr\u00e9sident de la Chambre national e des \nprofessions lib\u00e9rales (CNPL), au pr\u00e9fet de la r\u00e9gio n d'\u00cele-de-France, pr\u00e9fet de Paris, faisant part de  la \nd\u00e9signation des repr\u00e9sentants de la CNPL au CIEN d' \u00cele-de-France au titre des organisations syndicales  \nrepr\u00e9sentatives dans la r\u00e9gion des employeurs ; \n \nVu  le courrier en date du 29 avril 2025 de Monsieur C hristophe Sans, pr\u00e9sident de l'Union des entreprise s de \nproximit\u00e9 (U2P) \u00cele-de-France, au pr\u00e9fet de la r\u00e9gi on d'\u00cele-de-France, pr\u00e9fet de Paris, faisant part d e la \nd\u00e9signation du repr\u00e9sentant de l'U2P au CIEN d'\u00cele- de-France au titre des organisations syndicales \nrepr\u00e9sentatives dans la r\u00e9gion des employeurs ; \n \nVu  le courriel en date du 30 avril 2025 de Madame  Elisa Thomas, pour la F\u00e9d\u00e9ration r\u00e9gionale des synd icats \nd'exploitants agricoles (FRSEA) \u00cele-de-France, \u00e0 la  pr\u00e9fecture de la r\u00e9gion d'\u00cele-de-France, pr\u00e9fectur e de Paris, \nfaisant part de la d\u00e9signation des repr\u00e9sentants de  la FRSEA au CIEN d'\u00cele-de-France au titre de l'org anisation \nsyndicale repr\u00e9sentative dans la r\u00e9gion des exploitants agricoles ; \n \nVu  le courrier en date du 26 mai 2025 de Madame Virgi nie Rhea, d\u00e9l\u00e9gu\u00e9 g\u00e9n\u00e9ral du Mouvement des \nentreprises de France (Medef) \u00cele-de-France, au pr\u00e9 fet de la r\u00e9gion d'\u00cele-de-France, pr\u00e9fet de Paris, faisant part \nde la d\u00e9signation du repr\u00e9sentant du Medef au CIEN d'\u00cele-de-France au titre des organisations syndical es \nrepr\u00e9sentatives dans la r\u00e9gion des employeurs ; \n \n \nPr\u00e9fecture de la r\u00e9gion d'Ile-de-France, pr\u00e9fecture de Paris-Secr\u00e9tariat g\u00e9n\u00e9ral aux politiques publiques - IDF-2025-06-10-00002 -\nArr\u00eat\u00e9 portant renouvellement de la composition du conseil inter-acad\u00e9mique de l'\u00e9ducation nationale (CIEN) d'\u00cele-de-France 6\nPr\u00e9fecture de la r\u00e9gion d'\u00cele-de-France, pr\u00e9fecture de Paris \n5, rue Leblanc 75 911 Paris Cedex 15 | \uf028 Standard : 01 82 52 40 00 \nSite internet : https://www.prefectures-regions.gouv.fr/ile-de-france   \nTwitter : https://twitter.com/Prefet75_IDF | LindkedIn : https://www.linkedin.com/company/l-\u00e9tat-en-\u00eele-de-france/  \n             4 / 14 \nARR\u00caTE : \n \n \nArticle 1er : En application des articles susvis\u00e9s du code de l'\u00e9ducation, les personnes suivantes sont nomm\u00e9es \nmembres du conseil inter-acad\u00e9mique de l'\u00e9ducation nationale d'\u00cele-de-France, en tant que repr\u00e9sentant s des \norganisations repr\u00e9sentatives concern\u00e9es dans la r\u00e9 gion acad\u00e9mique d'\u00cele-de-France, pour un mandat de trois \nans : \n \nI. Au titre des repr\u00e9sentants des personnels titula ires de l'Etat exer\u00e7ant leurs fonctions dans les \nservices administratifs et les \u00e9tablissements d'ens eignement et de formation du premier et second \ndegr\u00e9 ainsi que les \u00e9tablissements publics d'enseignement sup\u00e9rieur \n \nA \u2013 Personnels des services administratifs et des \u00e9 tablissements scolaires dont au moins un \nrepr\u00e9sentant des personnels enseignants exer\u00e7ant se s fonctions dans les classes postbaccalaur\u00e9at des \nlyc\u00e9es \n \nF\u00e9d\u00e9ration syndicale unitaire (FSU) \n \nTitulaires  Suppl\u00e9ants  \nM. Pierre CLAUSTRE Mme Yelena SUSIC \nMme Dominique BOUILLAUD Mme Julie ROLLAND \nMme Ketty VALCKE M. Antoine TARDY \nM. Ludovic LAIGNEL Mme Myrna VANDERCAMER \nM. Sylvain QUIRION Mme Val\u00e9rie CHEMIN \n \nFSU (classes postbaccalaur\u00e9at des lyc\u00e9es) \n \nTitulaire  Suppl\u00e9ant  \nMme Odile CHENUT M. Christophe SCHNEIDER \n \nUnion nationale des syndicats autonomes (UNSA) \u00c9ducation \n \nTitulaires  Suppl\u00e9ants  \nM. Thierry FAUCONNIER Mme Pauline LABY-LE-CLERCQ \nM. Laurent BAYSSIERE Mme Anne-Sophie LACLAUTRE \n \nF\u00e9d\u00e9ration nationale de l'enseignement, de la cultu re et de la formation professionnelle \u2013 Force ouvri \u00e8re \n(FNEC - FP \u2013 FO) \n \nTitulaires  Suppl\u00e9ants  \nM. Beno\u00eet CONNETABLE Mme Delphine CASTAING \nM. Julian PICARD Mme Coralie BOUET LAHOULETTE \nMme Samia BARA Mme C\u00e9cile KOHLER \n \nSyndicat national des lyc\u00e9es, coll\u00e8ges, \u00e9coles et du sup\u00e9rieur (SNALC) \n \nTitulaire  Suppl\u00e9ant  \nMme Val\u00e9rie LEJEUNE-LAMBERT M. Franck MOULS \n \nConf\u00e9d\u00e9ration fran\u00e7aise d\u00e9mocratique du travail (CFDT) Education Formation Recherche Publiques \n \nTitulaire  Suppl\u00e9ant  \nMme Alais BARKATE M. Olivier HAMMON \n \nConf\u00e9d\u00e9ration g\u00e9n\u00e9rale du travail (CGT) Education \n \nTitulaire  Suppl\u00e9ant  \nM. Thomas BEN SIMON Mme Emilie OLIVIER \n \n \nPr\u00e9fecture de la r\u00e9gion d'Ile-de-France, pr\u00e9fecture de Paris-Secr\u00e9tariat g\u00e9n\u00e9ral aux politiques publiques - IDF-2025-06-10-00002 -\nArr\u00eat\u00e9 portant renouvellement de la composition du conseil inter-acad\u00e9mique de l'\u00e9ducation nationale (CIEN) d'\u00cele-de-France 7\nPr\u00e9fecture de la r\u00e9gion d'\u00cele-de-France, pr\u00e9fecture de Paris \n5, rue Leblanc 75 911 Paris Cedex 15 | \uf028 Standard : 01 82 52 40 00 \nSite internet : https://www.prefectures-regions.gouv.fr/ile-de-france  \nTwitter : https://twitter.com/Prefet75_IDF  | LindkedIn : https://www.linkedin.com/company/l-\u00e9tat-en-\u00eele-de-f rance/  \n             5 / 14 \n \nSolidaires, unitaires et d\u00e9mocratiques (SUD) Education \n \nTitulaire  Suppl\u00e9ant  \nM. Cyril BOISSEAU Mme Clo\u00e9 BUISSON \n \n \nB \u2013 Personnels de l'enseignement sup\u00e9rieur \n \nFSU \n \nTitula ire  Suppl\u00e9ant  \nM. Arnaud LE NY M. Ga\u00ebl MAHE \n \nCFDT Education Formation Recherche Publiques \n \nTitulaire  Suppl\u00e9ant  \n  \n \nCGT \n \nTitulaire  Suppl\u00e9ant  \n  \n  \n \nUNSA \n \nTitulaire  Suppl\u00e9ant  \nMme Martine SAMAMA Mme Cynthia TRAVERT \n \nSUD Education Paris \n \nTitulaire  Suppl\u00e9a nt  \nM. Yves TOMIC Mme Ang\u00e9lique DEL REY \n \n \nC \u2013 Pr\u00e9sidents d'universit\u00e9s et directeur d'\u00e9tablissements publics d'enseignement sup\u00e9rieur \n \nTitulaires  Suppl\u00e9ants  \n  \n  \n  \n  \n \n \nD \u2013 Personnels des services administratifs et des \u00e9 tablissements publics d'enseignement et de \nformation agricole si\u00e9geant au comit\u00e9 r\u00e9gional de l'enseignement agricole \n \nSyndicat national de l'enseignement technique agricole public (SNETAP) - FSU \n \nTitulaire  Suppl\u00e9ant  \nMme Claire PINAULT M. Antonio DOS SANTOS \n \n \nE \u2013 Personnels des \u00e9tablissements publics d'enseignement sup\u00e9rieur agricole ou v\u00e9t\u00e9rinaire \n \nTitulaire  Suppl\u00e9ant  \nM. Bruno POLACK M. Christophe DOURSAT \n \n \nPr\u00e9fecture de la r\u00e9gion d'Ile-de-France, pr\u00e9fecture de Paris-Secr\u00e9tariat g\u00e9n\u00e9ral aux politiques publiques - IDF-2025-06-10-00002 -\nArr\u00eat\u00e9 portant renouvellement de la composition du conseil inter-acad\u00e9mique de l'\u00e9ducation nationale (CIEN) d'\u00cele-de-France 8\nPr\u00e9fecture de la r\u00e9gion d'\u00cele-de-France, pr\u00e9fecture de Paris \n5, rue Leblanc 75 911 Paris Cedex 15 | \uf028 Standard : 01 82 52 40 00 \nSite internet : https://www.prefectures-regions.gouv.fr/ile-de-france   \nTwitter : https://twitter.com/Prefet75_IDF | LindkedIn : https://www.linkedin.com/company/l-\u00e9tat-en-\u00eele-de-france/  \n             6 / 14 \n \nII.  Au titre des repr\u00e9sentants des usagers des ser vices publics de l'\u00e9ducation nationale et de \nl'enseignement sup\u00e9rieur \n \n \nA \u2013 Parents d'\u00e9l\u00e8ves au titre des \u00e9tablissements scolaires relevant du minist\u00e8re de l'\u00e9ducation nationale \n \nF\u00e9d\u00e9ration des conseils de parents d'\u00e9l\u00e8ves (FCPE) \n \nTitulaires  Suppl\u00e9ants  \nM. Samir ALIOUA M. Patrice FUR\u00c9  \nMme Sylvaine BAEHREL Mme Herveline FABRE \nM. Julien NEYER M. Hamid OUIDIR \nM. Stephen BESSEAU M. Alain MORAES \nMme Marie-Carolyn DOMAIN Mme Mariam RAHHALI \n \nUnion nationale des associations autonomes de parents d'\u00e9l\u00e8ves (UNAAPE) \n \nTitulaire  Suppl\u00e9ant  \nM. Nabil BOUZERNA Mme Karine FLON MATHIS \n \nF\u00e9d\u00e9ration des parents d'\u00e9l\u00e8ves de l'enseignement public (PEEP) \n \nTitulaire  Suppl\u00e9ant  \nM. Laurent ZAMECZKOWSKI Mme Aurore BRIEDA \n \n \nB \u2013 Parents d'\u00e9l\u00e8ves au titre des \u00e9tablissements scolaires relevant du minist\u00e8re de l'agriculture \n \nUNAAPE (parents d'\u00e9l\u00e8ve de l'enseignement agricole) \n \nTitulaire  Suppl\u00e9ant  \nMme. B\u00e9n\u00e9dicte KALYNIAK M. Maxime PERRIN \n \n \nC \u2013 \u00c9tudiants \n \nUnion nationale des \u00e9tudiants de France (UNEF) \n \nTitulaires  Suppl\u00e9ants  \n  \n  \n  \n \nUnion \u00e9tudiante \n \nTitulaires  Suppl\u00e9ants  \n  \n  \n \nF\u00e9d\u00e9rations des associations g\u00e9n\u00e9rales \u00e9tudiantes (FAGE) \n \nTitulaire  Suppl\u00e9ant  \nMme Pauline L'HOTTELLIER  M. Ilane L\u00ca \n \n \n \n \n \n \nPr\u00e9fecture de la r\u00e9gion d'Ile-de-France, pr\u00e9fecture de Paris-Secr\u00e9tariat g\u00e9n\u00e9ral aux politiques publiques - IDF-2025-06-10-00002 -\nArr\u00eat\u00e9 portant renouvellement de la composition du conseil inter-acad\u00e9mique de l'\u00e9ducation nationale (CIEN) d'\u00cele-de-France 9\nPr\u00e9fecture de la r\u00e9gion d'\u00cele-de-France, pr\u00e9fecture de Paris \n5, rue Leblanc 75 911 Paris Cedex 15 | \uf028 Standard : 01 82 52 40 00 \nSite internet : https://www.prefectures-regions.gouv.fr/ile-de-france  \nTwitter : https://twitter.com/Prefet75_IDF  | LindkedIn : https://www.linkedin.com/company/l-\u00e9tat-en-\u00eele-de-f rance/  \n             7 / 14 \nD \u2013 Organisations syndicales de salari\u00e9s \n \nUNSA  \n \nTitulaire  Suppl\u00e9ant  \nMme Bernardine BELLANCE-LACORDELLE Mme Yolande MASCATO \n \n \nConf\u00e9d\u00e9ration fran\u00e7aise des travailleurs chr\u00e9tiens (CFTC)  \n \nTitulaire  Suppl\u00e9ant  \nMme Sophie BUREAU GANTIER Mme Am\u00e9lia LEMAIRE \n \nConf\u00e9d\u00e9ration fran\u00e7aise de l'encadrement \u2013 Conf\u00e9d\u00e9ration g\u00e9n\u00e9rale des cadres (CFE CGC)   \n \nTitulaire  Suppl\u00e9ant  \n  \n \nFO   \n \nTitulaire  Suppl\u00e9ant  \nMme Krystina ARTAZ M. Olivier FRANCOIS \n \nConf\u00e9d\u00e9ration fran\u00e7aise d\u00e9mocratique du travail (CFDT)   \n \nTitulaire  Suppl\u00e9ant  \nM. Philippe ANTOINE M. Marc FRANCON \n \nConf\u00e9d\u00e9ration g\u00e9n\u00e9rale du travail (CGT)   \n \nTitulaire  Suppl\u00e9ant  \nM Yannick BILIEC M Charles AFFATICATI \n \n \nE \u2013 Organisations syndicales d'employeurs \n \nUnion des employeurs de l'\u00e9conomie sociale et solidaire (UDES) \n \nTitulaire  Suppl\u00e9ant  \n  \n \nMouvement des entreprises de France (MEDEF) \n \nTitulaire  Suppl\u00e9ant  \nMme Alix LANGLAIS  \n \nConf\u00e9d\u00e9ration des petites et moyennes entreprises (CGPME) \n \nTitulaire  Suppl\u00e9ant  \n  \n \nChambre nationale des professions lib\u00e9rales (CNPL) \n \nTitulaire  Suppl\u00e9ant  \nMme Val\u00e9rie NO\u00cbL M. St\u00e9phane SULTAN \n \nUnion des entreprises de proximit\u00e9 (U2P)   \n \nTitulaire  Suppl\u00e9ant  \nMme Nathalie DELORME  \nPr\u00e9fecture de la r\u00e9gion d'Ile-de-France, pr\u00e9fecture de Paris-Secr\u00e9tariat g\u00e9n\u00e9ral aux politiques publiques - IDF-2025-06-10-00002 -\nArr\u00eat\u00e9 portant renouvellement de la composition du conseil inter-acad\u00e9mique de l'\u00e9ducation nationale (CIEN) d'\u00cele-de-France 10\nPr\u00e9fecture de la r\u00e9gion d'\u00cele-de-France, pr\u00e9fecture de Paris \n5, rue Leblanc 75 911 Paris Cedex 15 | \uf028 Standard : 01 82 52 40 00 \nSite internet : https://www.prefectures-regions.gouv.fr/ile-de-france   \nTwitter : https://twitter.com/Prefet75_IDF | LindkedIn : https://www.linkedin.com/company/l-\u00e9tat-en-\u00eele-de-france/  \n             8 / 14 \n \n \nF \u2013 Exploitants agricoles \n \nF\u00e9d\u00e9ration r\u00e9gionale des syndicats d'exploitants agricoles (FRSEA-IDF) \n \nTitulaire  Suppl\u00e9ant  \nMme Amandine MURET-BEGUIN Monsieur Louis-Daniel CHA MPY \n \n \nArticle 2 : La liste des membres du CIEN d'\u00cele-de-France, incluant les repr\u00e9sentants des collectivit\u00e9s territoriales \nd\u00e9sign\u00e9s par leur organe d\u00e9lib\u00e9rant, figure en annexe au pr\u00e9sent arr\u00eat\u00e9 pour information. \n \nArticle 3 : La pr\u00e9f\u00e8te, secr\u00e9taire g\u00e9n\u00e9rale aux politiques pu bliques de la pr\u00e9fecture de la r\u00e9gion d'Ile-de-Fran ce, \npr\u00e9fecture de Paris, la rectrice de la r\u00e9gion acad\u00e9 mique d'\u00cele-de-France, rectrice de l'acad\u00e9mie de Pa ris, \nchanceli\u00e8re des universit\u00e9s, le recteur de l'acad\u00e9m ie de Versailles, chancelier des universit\u00e9s, et le  recteur de \nl'acad\u00e9mie de Cr\u00e9teil, chancelier des universit\u00e9s, sont charg\u00e9s, chacun en ce qui le concerne, de l'ex \u00e9cution du \npr\u00e9sent arr\u00eat\u00e9, qui sera publi\u00e9 au recueil des acte s administratifs de la pr\u00e9fecture de la r\u00e9gion d'\u00cel e-de-France, \npr\u00e9fecture de Paris (\u00e9chelon de la r\u00e9gion d'Ile-de- France), accessible \u00e0 l'adresse : www.prefectures-\nregions.gouv.fr/ile-de-france. \n       \n \n \n \nFait \u00e0 Paris, le 10 juin 2025 \n \nPour le Pr\u00e9fet de r\u00e9gion et par d\u00e9l\u00e9gation, \nLa Pr\u00e9f\u00e8te, Secr\u00e9taire g\u00e9n\u00e9rale aux politiques \npubliques, \n \nSign\u00e9 \n \nMarie GAUTIER-MELLERAY \n \n \n \n \n \n \n \n \n \n \n \n \n \n \n \n \n \n \n \n \n \n \n \n \n \n \n \n \nPr\u00e9fecture de la r\u00e9gion d'Ile-de-France, pr\u00e9fecture de Paris-Secr\u00e9tariat g\u00e9n\u00e9ral aux politiques publiques - IDF-2025-06-10-00002 -\nArr\u00eat\u00e9 portant renouvellement de la composition du conseil inter-acad\u00e9mique de l'\u00e9ducation nationale (CIEN) d'\u00cele-de-France 11\nPr\u00e9fecture de la r\u00e9gion d'\u00cele-de-France, pr\u00e9fecture de Paris \n5, rue Leblanc 75 911 Paris Cedex 15 | \uf028 Standard : 01 82 52 40 00 \nSite internet : https://www.prefectures-regions.gouv.fr/ile-de-france  \nTwitter : https://twitter.com/Prefet75_IDF  | LindkedIn : https://www.linkedin.com/company/l-\u00e9tat-en-\u00eele-de-f rance/  \n             9 / 14 \nAnnexe \u00e0 l'arr\u00eat\u00e9 du 10 juin 2025 portant renouvellement de la composition du conseil inter-acad\u00e9mique \nde l'\u00e9ducation nationale (CIEN) d'\u00cele-de-France : liste des membres du CIEN d'\u00cele-de-France \n \n \nPRESIDENTS  \n \nLe pr\u00e9fet de la r\u00e9gion d'\u00cele-de-France, pr\u00e9fet de paris \n \nLa pr\u00e9sidente du conseil r\u00e9gional d'\u00cele-de-France \n \nVICE-PRESIDENTS \n \nLa rectrice de la r\u00e9gion acad\u00e9mique d'\u00cele-de-France, rectrice de l'acad\u00e9mie de paris, chanceli\u00e8re des universit\u00e9s \n \nLe recteur de l'acad\u00e9mie de Versailles, chancelier des universit\u00e9s \n \nLe recteur de l'acad\u00e9mie de Cr\u00e9teil, chancelier des universit\u00e9s \n \nLa directrice r\u00e9gionale et interd\u00e9partementale de l 'alimentation, de l'agriculture et de la for\u00eat (DRI AAF) d'\u00cele-de-\nFrance \n \nLe  conseiller r\u00e9gional d'\u00cele-de-France d\u00e9l\u00e9gu\u00e9 \u00e0 cet effet par le conseil r\u00e9gional \n \n \nMEMBRES \n \nI. Au titre des repr\u00e9sentants des personnels titula ires de l'Etat exer\u00e7ant leurs fonctions dans les \nservices administratifs et les \u00e9tablissements d'ens eignement et de formation du premier et second \ndegr\u00e9 ainsi que les \u00e9tablissements publics d'enseignement sup\u00e9rieur \n \nA \u2013 Personnels des services administratifs et des \u00e9 tablissements scolaires dont au moins un \nrepr\u00e9sentant des personnels enseignants exer\u00e7ant se s fonctions dans les classes postbaccalaur\u00e9at des \nlyc\u00e9es \n \nF\u00e9d\u00e9ration syndicale unitaire (FSU) \n \nTitulaires  Suppl\u00e9ants  \nM. Pierre CLAUSTRE Mme Yelena SUSIC \nMme Dominique BOUILLAUD Mme Julie ROLLAND \nMme Ketty VALCKE M. Antoine TARDY \nM. Ludovic LAIGNEL Mme Myrna VANDERCAMER \nM. Sylvain QUIRION Mme Val\u00e9rie CHEMIN \n \nFSU (classes postbaccalaur\u00e9at des lyc\u00e9es) \n \nTitulaire  Suppl\u00e9ant  \nMme Odile CHENUT M. Christophe SCHNEIDER \n \nUnion nationale des syndicats autonomes (UNSA) \u00c9ducation \n \nTitulaires  Suppl\u00e9ants  \nM. Thierry FAUCONNIER Mme Pauline LABY-LE-CLERCQ \nM. Laurent BAYSSIERE Mme Anne-Sophie LACLAUTRE \n \nF\u00e9d\u00e9ration nationale de l'enseignement, de la cultu re et de la formation professionnelle \u2013 Force ouvri \u00e8re \n(FNEC - FP \u2013 FO) \n \nTitulaires  Suppl\u00e9ants  \nM. Beno\u00eet CONNETABLE Mme Delphine CASTAING \nM. Julian PICARD Mme Coralie BOUET LAHOULETTE \nPr\u00e9fecture de la r\u00e9gion d'Ile-de-France, pr\u00e9fecture de Paris-Secr\u00e9tariat g\u00e9n\u00e9ral aux politiques publiques - IDF-2025-06-10-00002 -\nArr\u00eat\u00e9 portant renouvellement de la composition du conseil inter-acad\u00e9mique de l'\u00e9ducation nationale (CIEN) d'\u00cele-de-France 12\nPr\u00e9fecture de la r\u00e9gion d'\u00cele-de-France, pr\u00e9fecture de Paris \n5, rue Leblanc 75 911 Paris Cedex 15 | \uf028 Standard : 01 82 52 40 00 \nSite internet : https://www.prefectures-regions.gouv.fr/ile-de-france   \nTwitter : https://twitter.com/Prefet75_IDF | LindkedIn : https://www.linkedin.com/company/l-\u00e9tat-en-\u00eele-de-france/  \n             10  / 14 \nMme Samia BARA Mme C\u00e9cile KOHLER \n \nSyndicat national des lyc\u00e9es, coll\u00e8ges, \u00e9coles et du sup\u00e9rieur (SNALC) \n \nTitulaire  Suppl\u00e9ant  \nMme Val\u00e9rie LEJEUNE-LAMBERT M. Franck MOULS \n \nConf\u00e9d\u00e9ration fran\u00e7aise d\u00e9mocratique du travail (CFDT) Education Formation Recherche Publiques \n \nTitulaire  Suppl\u00e9ant  \nMme Alais BARKATE M. Olivier HAMMON \n \nConf\u00e9d\u00e9ration g\u00e9n\u00e9rale du travail (CGT) Education \n \nTitulaire  Suppl\u00e9ant  \nM. Thomas BEN SIMON Mme Emilie OLIVIER \n \nSolidaires, unitaires et d\u00e9mocratiques (SUD) Education \n \nTitulaire  Suppl\u00e9ant  \nM. Cyril BOISSEAU Mme Clo\u00e9 BUISSON \n \nB \u2013 Personnels de l'enseignement sup\u00e9rieur \n \nFSU \n \nTitulaire  Suppl\u00e9ant  \nM. Arnaud LE NY M. Ga\u00ebl MAHE \n \nCFDT Education Formation Recherche Publiques \n \nTitulaire  Suppl\u00e9a nt  \n  \n \nCGT \n \nTitulaire  Suppl\u00e9ant  \n  \n  \n \nUNSA \n \nTitulaire  Suppl\u00e9ant  \nMme Martine SAMAMA Mme Cynthia TRAVERT \n \nSUD Education Paris \n \nTitulaire  Suppl\u00e9ant  \nM. Yves TOMIC Mme Ang\u00e9lique DEL REY \n \nC \u2013 Pr\u00e9sidents d'universit\u00e9s et directeur d'\u00e9tablissements publics d'enseignement sup\u00e9rieur \n \nTitulaires  Suppl\u00e9ants  \n  \n  \n  \n  \n \n \n \nPr\u00e9fecture de la r\u00e9gion d'Ile-de-France, pr\u00e9fecture de Paris-Secr\u00e9tariat g\u00e9n\u00e9ral aux politiques publiques - IDF-2025-06-10-00002 -\nArr\u00eat\u00e9 portant renouvellement de la composition du conseil inter-acad\u00e9mique de l'\u00e9ducation nationale (CIEN) d'\u00cele-de-France 13\nPr\u00e9fecture de la r\u00e9gion d'\u00cele-de-France, pr\u00e9fecture de Paris \n5, rue Leblanc 75 911 Paris Cedex 15 | \uf028 Standard : 01 82 52 40 00 \nSite internet : https://www.prefectures-regions.gouv.fr/ile-de-france  \nTwitter : https://twitter.com/Prefet75_IDF  | LindkedIn : https://www.linkedin.com/company/l-\u00e9tat-en-\u00eele-de-f rance/  \n             11  / 14 \nD \u2013 Personnels des services administratifs et des \u00e9 tablissements publics d'enseignement et de \nformation agricole si\u00e9geant au comit\u00e9 r\u00e9gional de l'enseignement agricole \n \nSyndicat national de l'enseignement technique agricole public (SNETAP) - FSU \n \nTitulaire  Suppl\u00e9ant  \nMme Claire PINAULT M. Antonio DOS SANTOS \n \nE \u2013 Personnels des \u00e9tablissements publics d'enseignement sup\u00e9rieur agricole ou v\u00e9t\u00e9rinaire \n \nTitulaire  Suppl\u00e9ant  \nM. Bruno POLACK M. Christophe DOURSAT \n \nII. Au titre des repr\u00e9sentants des usagers des serv ices publics de l'\u00e9ducation nationale et de \nl'enseignement sup\u00e9rieur \n \nA \u2013 Parents d'\u00e9l\u00e8ves au titre des \u00e9tablissements scolaires relevant du minist\u00e8re de l'\u00e9ducation nationale \n \nF\u00e9d\u00e9ration des conseils de parents d'\u00e9l\u00e8ves (FCPE) \n \nTitulaires  Suppl\u00e9ants  \nM. Samir ALIOUA M. Patrice FUR\u00c9  \nMme Sylvaine BAEHREL Mme Herveline FABRE \nM. Julien NEYER M. Hamid OUIDIR \nM. Stephen BESSEAU M. Alain MORAES \nMme Marie-Carolyn DOMAIN Mme Mariam RAHHALI \n \nUnion nationale des associations autonomes de parents d'\u00e9l\u00e8ves (UNAAPE) \n \nTitulaire  Suppl\u00e9ant  \nM. Nabil BOUZERNA Mme Karine FLON MATHIS \n \nF\u00e9d\u00e9ration des parents d'\u00e9l\u00e8ves de l'enseignement public (PEEP) \n \nTitulaire  Suppl\u00e9ant  \nM. Laurent ZAMECZKOWSKI Mme Aurore BRIEDA \n \nB \u2013 Parents d'\u00e9l\u00e8ves au titre des \u00e9tablissements scolaires relevant du minist\u00e8re de l'agriculture \n \nUNAAPE (parents d'\u00e9l\u00e8ve de l'enseignement agricole) \n \nTitulaire  Suppl\u00e9ant  \nMme. B\u00e9n\u00e9dicte KALYNIAK M. Maxime PERRIN \n \nC \u2013 \u00c9tudiants \n \nUnion nationale des \u00e9tudiants de France (UNEF) \n \nTitulaires  Suppl\u00e9ants  \n  \n  \n  \n \nUnion \u00e9tudiante \n \nTitulaires  Suppl\u00e9ants  \n  \n  \n \n \nPr\u00e9fecture de la r\u00e9gion d'Ile-de-France, pr\u00e9fecture de Paris-Secr\u00e9tariat g\u00e9n\u00e9ral aux politiques publiques - IDF-2025-06-10-00002 -\nArr\u00eat\u00e9 portant renouvellement de la composition du conseil inter-acad\u00e9mique de l'\u00e9ducation nationale (CIEN) d'\u00cele-de-France 14\nPr\u00e9fecture de la r\u00e9gion d'\u00cele-de-France, pr\u00e9fecture de Paris \n5, rue Leblanc 75 911 Paris Cedex 15 | \uf028 Standard : 01 82 52 40 00 \nSite internet : https://www.prefectures-regions.gouv.fr/ile-de-france   \nTwitter : https://twitter.com/Prefet75_IDF | LindkedIn : https://www.linkedin.com/company/l-\u00e9tat-en-\u00eele-de-france/  \n             12  / 14 \nF\u00e9d\u00e9rations des associations g\u00e9n\u00e9rales \u00e9tudiantes (FAGE) \n \nTitulaire  Suppl\u00e9ant  \nMme Pauline L'HOTTELLIER  M. Ilane L\u00ca \n \n \nD \u2013 Organisations syndicales de salari\u00e9s \n \nUNSA  \n \nTitulaire  Suppl\u00e9ant  \nMme Bernardine BELLANCE-LACORDELLE Mme Yolande MASCATO \n \nConf\u00e9d\u00e9ration fran\u00e7aise des travailleurs chr\u00e9tiens (CFTC)  \n \nTitulaire  Suppl\u00e9ant  \nMme Sophie BUREAU GANTIER Mme Am\u00e9lia LEMAIRE \n \nConf\u00e9d\u00e9ration fran\u00e7aise de l'encadrement \u2013 Conf\u00e9d\u00e9ration g\u00e9n\u00e9rale des cadres (CFE CGC)   \n \nTitulaire  Suppl\u00e9ant  \n  \n \nFO   \n \nTitulaire  Suppl\u00e9ant  \nMme Krystina ARTAZ M. Olivier FRANCOIS \n \nConf\u00e9d\u00e9ration fran\u00e7aise d\u00e9mocratique du travail (CFDT)   \n \nTitulaire  Suppl\u00e9ant  \nM. Philippe ANTOINE M. Marc FRANCON \n \nConf\u00e9d\u00e9ration g\u00e9n\u00e9rale du travail (CGT)   \n \nTitulaire  Suppl\u00e9ant  \nM Yannick BILIEC M Charles AFFATICATI \n \nE \u2013 Organisations syndicales d'employeurs \n \nUnion des employeurs de l'\u00e9conomie sociale et solidaire (UDES) \n \nTitulaire  Suppl\u00e9ant  \n  \n \nMouvement des entreprises de France (MEDEF) \n \nTitulaire  Suppl\u00e9ant  \nMme Alix LANGLAIS  \n \nConf\u00e9d\u00e9ration des petites et moyennes entreprises (CGPME) \n \nTitulaire  Suppl\u00e9ant  \n  \n \nChambre nationale des professions lib\u00e9rales (CNPL) \n \nTitulaire  Suppl\u00e9ant  \nMme Val\u00e9rie NO\u00cbL M. St\u00e9phane SULTAN \n \nPr\u00e9fecture de la r\u00e9gion d'Ile-de-France, pr\u00e9fecture de Paris-Secr\u00e9tariat g\u00e9n\u00e9ral aux politiques publiques - IDF-2025-06-10-00002 -\nArr\u00eat\u00e9 portant renouvellement de la composition du conseil inter-acad\u00e9mique de l'\u00e9ducation nationale (CIEN) d'\u00cele-de-France 15\nPr\u00e9fecture de la r\u00e9gion d'\u00cele-de-France, pr\u00e9fecture de Paris \n5, rue Leblanc 75 911 Paris Cedex 15 | \uf028 Standard : 01 82 52 40 00 \nSite internet : https://www.prefectures-regions.gouv.fr/ile-de-france  \nTwitter : https://twitter.com/Prefet75_IDF  | LindkedIn : https://www.linkedin.com/company/l-\u00e9tat-en-\u00eele-de-f rance/  \n             13  / 14 \n \nUnion des entreprises de proximit\u00e9 (U2P)   \n \nTitulaire  Suppl\u00e9ant  \nMme Nathalie DELORME  \n \nF \u2013 Exploitants agricoles \n \nF\u00e9d\u00e9ration r\u00e9gionale des syndicats d'exploitants agricoles (FRSEA-IDF) \n \nTitulaire  Suppl\u00e9ant  \nMme Amandine MURET-BEGUIN Monsieur Louis-Daniel CHA MPY \n \nG \u2013 Repr\u00e9sentants du Conseil \u00e9conomique, social et environnemental r\u00e9gional (CESER) d'\u00cele-de-France \n \nTitulaire  Suppl\u00e9ant  \nMme Val\u00e9rie M\u00dcLLER (en tant que pr\u00e9sidente du \nCESER) \nMme Evelyne CIRIEGI \n \n \nIII. Au titre des repr\u00e9sentants des collectivit\u00e9s t erritoriales \n \nA \u2013 Conseillers r\u00e9gionaux d'\u00cele-de-France \n \nTitulaires  Suppl\u00e9ants  \nM. Geoffrey CARVALHINHO ISENTO Mme Delphine B\u00dcRLKI \nMme Alexandra SZPINER Mme Marie-Do AESCHLIMANN \nMme Murielle MARTIN-CHAM Mme Sylvie HABERT-DUPUIS \nMme Sylvie PIGANEAU Mme Elise GONZALES \nMme France-Lise VALIER Mme Mama SY \nM. Bernard GAUDUCHEAU Mme Laure-Agn\u00e8s MOLLARD-CADIX  \nM. James CHERON M. Benjamin CHKROUN \nMme Carine PELEGRIN Mme Charlotte NENNER \nM. Yannick TRIGANCE Mme Dieynaba DIOP \nM. Rapha\u00ebl QNOUCH Mme Colette GERGEN \n \nB \u2013 Conseillers d\u00e9partementaux  \n \nSeine-et-Marne \n \nTitulaire  Suppl\u00e9ant  \n  \n \nYvelines \n \nTitulaire  Suppl\u00e9ant  \n  \n \nEssonne  \n \nTitulaire  Suppl\u00e9ant  \nM. J\u00e9r\u00f4me BERENGER M. Alexandre TOUZET \n \nHauts-de-Seine   \n \nTitulaire  Suppl\u00e9ant  \nMme Nathalie LEANDRI M. Xabi ELIZAGOYEN \n \n \n \nPr\u00e9fecture de la r\u00e9gion d'Ile-de-France, pr\u00e9fecture de Paris-Secr\u00e9tariat g\u00e9n\u00e9ral aux politiques publiques - IDF-2025-06-10-00002 -\nArr\u00eat\u00e9 portant renouvellement de la composition du conseil inter-acad\u00e9mique de l'\u00e9ducation nationale (CIEN) d'\u00cele-de-France 16\nPr\u00e9fecture de la r\u00e9gion d'\u00cele-de-France, pr\u00e9fecture de Paris \n5, rue Leblanc 75 911 Paris Cedex 15 | \uf028 Standard : 01 82 52 40 00 \nSite internet : https://www.prefectures-regions.gouv.fr/ile-de-france   \nTwitter : https://twitter.com/Prefet75_IDF | LindkedIn : https://www.linkedin.com/company/l-\u00e9tat-en-\u00eele-de-france/  \n             14  / 14 \nSeine-Saint-Denis   \n \nTitulaire  Suppl\u00e9ant  \n  \n \nVal-de-Marne   \n \nTitulaire  Suppl\u00e9ant  \n  \n \nVal d'Oise \n \nTitulaire  Suppl\u00e9ant  \n  \n \nC \u2013 Conseillers de Paris \n \nTitulaires  Suppl\u00e9ants  \n  \n  \n  \n  \n  \n \nD \u2013 Maires et conseillers municipaux (hors Ville de Paris) \n \nTitulaires  Suppl\u00e9ants  \nMme Marie-Line PICHERY (Savigny-le-Temple) M. Jacques GRUBER (Saint-Cloud) \nM. Patrice GEBAUER (Le Thillay) Mme Xavi\u00e8re MARTIN (Vanves) \nM. Guy GEOFFROY (Combs-la-Ville) Mme Sylvie HABERT-DUPUIS (Saint-Germain-en-\nLaye) \nM. Dominique LANOE (Cachan) Mme Agn\u00e8s FISZLEIBER (Ville-d'Avray) \nMme Elisabeth MARTIN-CHATENET (Villepreux) M. Daniel MAUREY (Boinville-en-Mantois) \n \nPr\u00e9fecture de la r\u00e9gion d'Ile-de-France, pr\u00e9fecture de Paris-Secr\u00e9tariat g\u00e9n\u00e9ral aux politiques publiques - IDF-2025-06-10-00002 -\nArr\u00eat\u00e9 portant renouvellement de la composition du conseil inter-acad\u00e9mique de l'\u00e9ducation nationale (CIEN) d'\u00cele-de-France 17","date":"2025-06-10","first_seen_on":"2025-06-10T18:34:26+00:00","id":"07c8e72a4e2d90b8588a361d2f9538fab16490625cd8de14b9a10ee6700435b1","name":"recueil-idf-017-2025-06-RAA-nominatifs du 10.06.2025","pdf_creation_date":"2025-06-10T18:23:06+00:00","pdf_modification_date":null,"timezone":"Europe/Paris","url":"https://www.prefectures-regions.gouv.fr/ile-de-france/irecontenu/telechargement/128356/946364/file/recueil-idf-017-2025-06-RAA-nominatifs%20du%2010.06.2025.pdf"}
