{"administration":"pref03","administration_name":"Pr\u00e9fecture de l\u2019Allier","content":"ALLIER\nRECUEIL DES ACTES\nADMINISTRATIFS SP\u00c9CIAL\nN\u00b003-2025-204\nPUBLI\u00c9 LE 24 D\u00c9CEMBRE 2025\nSommaire\n03_DDT_Direction D\u00e9partementale des Territoires de l'Allier /\nSecr\u00e9tariat de Direction\n03-2025-12-19-00009 - Extrait de l'arr\u00eat\u00e9 n\u00b02906/2025 en date du 19\nd\u00e9cembre 2025 portant approbation de la carte communale de\nChouvigny (1 page) Page 3\n03_Pr\u00e9f_Pr\u00e9fecture de l'Allier / Direction de la Coordination des\nPolitiques Publique\n03-2025-12-23-00003 - Extrait de l'arr\u00eat\u00e9 n\u00b02926/2025 du 23\nd\u00e9cembre 2025 portant d\u00e9l\u00e9gation de signature \u00e0 Madame\nFlorence DUFOUR, directrice du secr\u00e9tariat g\u00e9n\u00e9ral commun de\nl'Allier (2 pages) Page 5\n03-2025-12-23-00004 - Extrait de l'arr\u00eat\u00e9 n\u00b02927/2025 du 23\nd\u00e9cembre 2025 portant d\u00e9l\u00e9gation de signature \u00e0 Madame\nFlorence DUFOUR, directrice du secr\u00e9tariat g\u00e9n\u00e9ral commun de\nl'Allier, en mati\u00e8re d'ordonnancement secondaire (2 pages) Page 8\n03-2025-12-23-00005 - Extrait de l'arr\u00eat\u00e9 n\u00b02928/2025 du 23\nd\u00e9cembre 2025 portant d\u00e9l\u00e9gation de signature \u00e0 Monsieur No\u00ebl\nQUIPOURT, Directeur D\u00e9partemental de l'Emploi, du Travail, des\nSolidarit\u00e9s et de la Protection des Populations (11 pages) Page 11\n03-2025-12-23-00006 - Extrait de l'arr\u00eat\u00e9 n\u00b02929 du 23 d\u00e9cembre\n2025 portant d\u00e9l\u00e9gation de signature \u00e0 Madame V\u00e9ronique\nDELMAS, directrice d\u00e9partementale adjointe des territoires de l'Allier (12\npages) Page 23\n03-2025-12-23-00007 - Extrait de l'arr\u00eat\u00e9 n\u00b02930/2025 du 23\nd\u00e9cembre 2025 portant d\u00e9l\u00e9gation de signature \u00e0 Monsieur le\nPr\u00e9fet de l'Allier, Chevalier de l'ordre national du M\u00e9rite, D\u00e9l\u00e9gu\u00e9\nTerritorial de l'Agence Nationale de R\u00e9novation Urbaine (ANRU) (1 page) Page 36\n03-2025-12-23-00010 - Extrait de l'arr\u00eat\u00e9 n\u00b02933/2025 du 23\nd\u00e9cembre 2025 portant nomination des d\u00e9l\u00e9gu\u00e9s territoriaux\nadjoints de l'agence nationale de la coh\u00e9sion des territoires (ANCT) dans\nle d\u00e9partement de l'Allier (1 page) Page 38\n03-2025-12-23-00008 - Extrait de la d\u00e9cision n\u00b02931/2025 du 23\nd\u00e9cembre 2025 de nomination de la d\u00e9l\u00e9gu\u00e9e adjointe et de\nd\u00e9l\u00e9gation de signature du d\u00e9l\u00e9gu\u00e9 de l'Agence \u00e0 l'un ou\nplusieurs de ses collaborateurs (5 pages) Page 40\n03-2025-12-23-00009 - Extrait de l'arr\u00eat\u00e9 n\u00b02932/2025 du 23\nd\u00e9cembre 2025 portant d\u00e9l\u00e9gation de signature \u00e0 Madame\nV\u00e9ronique DELMAS, directrice d\u00e9partementale adjointe des territoires\nde l'Allier, pour l'ordonnancement secondaire des recettes et des\nd\u00e9penses imput\u00e9es sur le BOP 113 \u00abPaysages, eau et biodiversit\u00e9\u00bb\ndu plan Loire grandeur nature et sur le BOP 181 \u00abPr\u00e9vention des\nrisques\u00bb du plan Loire grandeur nature (1 page) Page 46\n2\n03_DDT_Direction D\u00e9partementale des\nTerritoires de l'Allier\n03-2025-12-19-00009\nExtrait de l'arr\u00eat\u00e9 n\u00b02906/2025 en date du 19\nd\u00e9cembre 2025 portant approbation de la carte\ncommunale de Chouvigny\n03_DDT_Direction D\u00e9partementale des Territoires de l'Allier - 03-2025-12-19-00009 - Extrait de l'arr\u00eat\u00e9 n\u00b02906/2025 en date du 19\nd\u00e9cembre 2025 portant approbation de la carte communale de Chouvigny 3\nDIRECTION D\u00c9PARTEMENTALE DES TERRITOIRES DE L'ALLIER\nService Am\u00e9nagement et urbanisme des territoires\nExtrait  de  l'arr\u00eat\u00e9  n\u00b02906/2025  en  date  du  19  d\u00e9cembre  2025  portant  approbation  de  la  carte\ncommunale de Chouvigny\nArticle 1er\u00a0:\u00a0La\u00a0carte\u00a0communale\u00a0de\u00a0Chouvigny\u00a0\u00e9dict\u00e9e\u00a0en\u00a0application\u00a0des\u00a0articles\u00a0L.160-1\u00a0et\u00a0L.160-2\u00a0du\ncode\u00a0de\u00a0l'urbanisme\u00a0est\u00a0approuv\u00e9e\u00a0sur\u00a0l'ensemble\u00a0du\u00a0territoire\u00a0de\u00a0la\u00a0commune,\u00a0telle\u00a0que\u00a0d\u00e9finie\u00a0dans\u00a0les\ndocuments\u00a0annex\u00e9s\u00a0au\u00a0pr\u00e9sent\u00a0arr\u00eat\u00e9\u00a0:\n\u2013\u00a0un\u00a0rapport\u00a0de\u00a0pr\u00e9sentation\u00a0;\n\u2013\u00a0un\u00a0r\u00e8glement\u00a0graphique\u00a0constitu\u00e9\u00a0d'un\u00a0plan\u00a0de\u00a0zonage\u00a0g\u00e9n\u00e9ral\u00a0et\u00a0d'un\u00a0plan\u00a0de\u00a0zonage\u00a0du\u00a0bourg\u00a0;\n\u2013\u00a0des\u00a0annexes \u00a0constitu\u00e9es \u00a0de\u00a0la \u00a0liste \u00a0des\u00a0servitudes \u00a0d'utilit\u00e9 \u00a0publique, \u00a0du\u00a0plan \u00a0des\u00a0servitudes \u00a0d'utilit\u00e9\npublique,\u00a0du\u00a0m\u00e9moire\u00a0des\u00a0entit\u00e9s\u00a0sanitaires.\nArticle 2 \u00a0:\u00a0Les\u00a0permis\u00a0de\u00a0construire\u00a0et\u00a0autres\u00a0actes\u00a0assimil\u00e9s\u00a0seront\u00a0d\u00e9livr\u00e9s\u00a0au\u00a0nom\u00a0de\u00a0la\u00a0commune\u00a0en\napplication\u00a0de\u00a0l'article\u00a0L.422-1\u00a0du\u00a0code\u00a0de\u00a0l'urbanisme.\nArticle 3 :\u00a0Monsieur\u00a0le\u00a0Secr\u00e9taire\u00a0g\u00e9n\u00e9ral\u00a0de\u00a0la\u00a0pr\u00e9fecture,\u00a0Madame\u00a0le\u00a0Maire\u00a0de\u00a0Chouvigny\u00a0et\u00a0Monsieur\u00a0le\ndirecteur\u00a0d\u00e9partemental\u00a0des\u00a0territoires\u00a0sont\u00a0charg\u00e9s,\u00a0chacun\u00a0en\u00a0ce\u00a0qui\u00a0le\u00a0concerne,\u00a0de\u00a0l'ex\u00e9cution\u00a0du\u00a0pr\u00e9sent\narr\u00eat\u00e9\u00a0qui\u00a0sera\u00a0affich\u00e9\u00a0un\u00a0mois\u00a0en\u00a0mairie.\nMention\u00a0de\u00a0cet\u00a0affichage\u00a0sera\u00a0ins\u00e9r\u00e9\u00a0par\u00a0les\u00a0soins\u00a0du\u00a0maire\u00a0dans\u00a0un\u00a0journal\u00a0diffus\u00e9\u00a0dans\u00a0le\u00a0d\u00e9partement.\u00a0Il\nsera\u00a0\u00e9galement\u00a0publi\u00e9\u00a0au\u00a0recueil\u00a0des\u00a0actes\u00a0administratifs\u00a0de\u00a0la\u00a0Pr\u00e9fecture.\nArticle 4 : En\u00a0application\u00a0de\u00a0l'article\u00a0R.421-1\u00a0du\u00a0code\u00a0de\u00a0justice\u00a0administrative,\u00a0le\u00a0pr\u00e9sent\u00a0arr\u00eat\u00e9\u00a0peut\u00a0faire\nl'objet\u00a0d'un\u00a0recours\u00a0devant\u00a0le\u00a0tribunal\u00a0administratif\u00a0dans\u00a0un\u00a0d\u00e9lai\u00a0de\u00a0deux\u00a0mois\u00a0suivant\u00a0sa\u00a0publication.\nPour\u00a0le\u00a0pr\u00e9fet\u00a0et\u00a0par\u00a0d\u00e9l\u00e9gation\nSign\u00e9\nLe\u00a0secr\u00e9taire\u00a0g\u00e9n\u00e9ral\nOlivier\u00a0MAUREL \nMoulins,\u00a0le\u00a019\u00a0d\u00e9cembre\u00a02025\n03_DDT_Direction D\u00e9partementale des Territoires de l'Allier - 03-2025-12-19-00009 - Extrait de l'arr\u00eat\u00e9 n\u00b02906/2025 en date du 19\nd\u00e9cembre 2025 portant approbation de la carte communale de Chouvigny 4\n03_Pr\u00e9f_Pr\u00e9fecture de l'Allier\n03-2025-12-23-00003\nExtrait de l'arr\u00eat\u00e9 n\u00b02926/2025 du 23 d\u00e9cembre\n2025 portant d\u00e9l\u00e9gation de signature \u00e0 Madame\nFlorence DUFOUR, directrice du secr\u00e9tariat\ng\u00e9n\u00e9ral commun de l'Allier\n03_Pr\u00e9f_Pr\u00e9fecture de l'Allier - 03-2025-12-23-00003 - Extrait de l'arr\u00eat\u00e9 n\u00b02926/2025 du 23 d\u00e9cembre 2025 portant d\u00e9l\u00e9gation de\nsignature \u00e0 Madame Florence DUFOUR, directrice du secr\u00e9tariat g\u00e9n\u00e9ral commun de l'Allier 5\nPREFETDE L'ALLIERLibert\u00e9Egalit\u00e9Fraternit\u00e9\nDirection de la coordination des politiques publiques\nExtrait de l'arr\u00eat\u00e9 n\u00b0 2926/2025 du 23 d\u00e9cembre 2025\nportant d\u00e9l\u00e9gation de signature\n\u00e0 Madame Florence DUFOUR,\ndirectrice du secr\u00e9tariat g\u00e9n\u00e9ral commun de l'Allier\nArticle 1\u00a0:\u00a0D\u00e9l\u00e9gation\u00a0de\u00a0signature\u00a0est\u00a0donn\u00e9e\u00a0\u00e0\u00a0Mme Florence DUFOUR,\u00a0directrice\u00a0du\u00a0secr\u00e9tariat\ng\u00e9n\u00e9ral\u00a0commun\u00a0de\u00a0l'Allier,\u00a0\u00e0\u00a0l'effet\u00a0de\u00a0signer\u00a0tous\u00a0les\u00a0arr\u00eat\u00e9s,\u00a0d\u00e9cisions\u00a0et\u00a0correspondances\nrelatifs\u00a0aux\u00a0activit\u00e9s\u00a0de\u00a0son\u00a0service\u00a0pour\u00a0les\u00a0mati\u00e8res\u00a0\u00e9num\u00e9r\u00e9es\u00a0ci-dessous\u00a0:\u00a0\n1 GESTION DU PERSONNEL\n1-1 D\u00e9cisions\u00a0individuelles\u00a0concernant\u00a0les\u00a0fonctionnaires\u00a0et\u00a0agents\u00a0non-titulaires\u00a0exer\u00e7ant\nleurs\u00a0fonctions\u00a0au\u00a0SGCD\n1-1-1 Octroi\u00a0des\u00a0cong\u00e9s\u00a0annuels,\u00a0des\u00a0jours\u00a0de\u00a0repos\u00a0au\u00a0titre\u00a0de\u00a0l'ARTT,\u00a0des\u00a0cong\u00e9s\u00a0de\nmaternit\u00e9,\u00a0de\u00a0paternit\u00e9\u00a0et\u00a0d'accueil\u00a0de\u00a0l'enfant,\u00a0d'adoption,\u00a0cong\u00e9\u00a0parental,\u00a0cong\u00e9\u00a0de\npr\u00e9sence\u00a0parentale\u00a0et\u00a0des\u00a0cong\u00e9s\u00a0bonifi\u00e9s\n1-1-2 Octroi\u00a0et\u00a0renouvellement\u00a0des\u00a0cong\u00e9s\u00a0de\u00a0maladie\u00a0ordinaire,\u00a0cong\u00e9s\u00a0pour\u00a0invalidit\u00e9\ntemporaire\u00a0imputable\u00a0au\u00a0service,\u00a0cong\u00e9s\u00a0de\u00a0longue\u00a0maladie,\u00a0cong\u00e9s\u00a0de\u00a0longue\ndur\u00e9e,\u00a0cong\u00e9s\u00a0de\u00a0grave\u00a0maladie,\u00a0disponibilit\u00e9\u00a0pour\u00a0raison\u00a0de\u00a0sant\u00e9\n1-1-3 Autorisation\u00a0d'exercer\u00a0les\u00a0fonctions\u00a0\u00e0\u00a0temps\u00a0partiel,\u00a0y\u00a0compris\u00a0pour\u00a0raison\nth\u00e9rapeutique,\u00a0retour\u00a0dans\u00a0l'exercice\u00a0des\u00a0fonctions\u00a0\u00e0\u00a0temps\u00a0plein\n1-1-4 Imputabilit\u00e9\u00a0au\u00a0service\u00a0des\u00a0accidents\u00a0du\u00a0travail\n1-1-5 Utilisation\u00a0des\u00a0cong\u00e9s\u00a0annuels\u00a0accumul\u00e9s\u00a0sur\u00a0un\u00a0compte\u00a0\u00e9pargne\u00a0temps\n1-1-6 Octroi\u00a0des\u00a0autorisations\u00a0d'absence,\u00a0cong\u00e9s\u00a0avec\u00a0ou\u00a0traitement\u00a0et\u00a0d\u00e9charges\u00a0d'activit\u00e9\n1-1-7 Avertissement\u00a0et\u00a0bl\u00e2me\n1-1-8 Autorisation\u00a0d'exercice\u00a0d'une\u00a0activit\u00e9\u00a0accessoire\u00a0dans\u00a0le\u00a0cadre\u00a0d'un\u00a0cumul\u00a0d'activit\u00e9\n1-1-9 Autorisation\u00a0d'exercer\u00a0des\u00a0fonctions\u00a0en\u00a0t\u00e9l\u00e9travail\n1-1-10 D\u00e9cisions\u00a0relatives\u00a0\u00e0\u00a0la\u00a0r\u00e9mun\u00e9ration\u00a0des\u00a0personnels\u00a0du\u00a0SGCD\n1-1-11 \u00c9tablissement\u00a0de\u00a0la\u00a0cartographie\u00a0des\u00a0postes\u00a0du\u00a0SGCD\u00a0ouvrant\u00a0droit\u00a0\u00e0\u00a0une\u00a0Nouvelle\u00a0\nBonification\u00a0Indiciaire\u00a0et\u00a0d\u00e9cisions\u00a0individuelles\u00a0d'attribution\u00a0des\u00a0points\u00a0de\u00a0NBI\n1-11-12 Recrutement\u00a0du\u00a0personnel\u00a0contractuel\u00a0sur\u00a0le\u00a0fondement\u00a0des\u00a0articles\u00a0L.332-6,\u00a0L.332-7\nL.\u00a0332-8,\u00a0L.332-9\u00a0et\u00a0L.332-22\u00a0du\u00a0code\u00a0g\u00e9n\u00e9ral\u00a0de\u00a0la\u00a0fonction\u00a0publique\n2 ADMINISTRATION G\u00c9N\u00c9RALE\n2-1 Actes\u00a0de\u00a0gestion\u00a0courante\u00a0relatifs\u00a0aux\u00a0domaines\u00a0de\u00a0comp\u00e9tence\u00a0du\u00a0SGCD\n2-2 Notification\u00a0et\u00a0transmission\u00a0de\u00a0toutes\u00a0d\u00e9cisions\u00a0et\u00a0documents\u00a0courants\u00a0relatifs\u00a0aux\ndomaines\u00a0de\u00a0comp\u00e9tence\u00a0du\u00a0SGCD\n2-3 D\u00e9livrance\u00a0et\u00a0retrait\u00a0des\u00a0autorisations\u00a0de\u00a0conduire\u00a0les\u00a0v\u00e9hicules\u00a0de\u00a0service\u00a0du\u00a0SGCD\n2-4 Autorisations\u00a0de\u00a0remisage\u00a0des\u00a0v\u00e9hicules\u00a0de\u00a0service\u00a0du\u00a0SGCD\n2-5 Ordres\u00a0de\u00a0mission\u00a0ponctuels\u00a0et\u00a0permanents\u00a0sur\u00a0le\u00a0territoire\u00a0m\u00e9tropolitain\n1/2\n03_Pr\u00e9f_Pr\u00e9fecture de l'Allier - 03-2025-12-23-00003 - Extrait de l'arr\u00eat\u00e9 n\u00b02926/2025 du 23 d\u00e9cembre 2025 portant d\u00e9l\u00e9gation de\nsignature \u00e0 Madame Florence DUFOUR, directrice du secr\u00e9tariat g\u00e9n\u00e9ral commun de l'Allier 6\nArticle 2 :\u00a0D\u00e9l\u00e9gation\u00a0de\u00a0signature\u00a0est\u00a0donn\u00e9e\u00a0\u00e0\u00a0Mme Florence DUFOUR,\u00a0directrice\u00a0du\u00a0secr\u00e9tariat\u00a0g\u00e9n\u00e9ral\ncommun\u00a0de\u00a0l'Allier,\u00a0\u00e0\u00a0l'effet\u00a0de\u00a0signer\u00a0les\u00a0actes\u00a0\u00e9num\u00e9r\u00e9s\u00a0ci-apr\u00e8s\u00a0pour\u00a0les\u00a0agents\u00a0exer\u00e7ant\u00a0leurs\u00a0fonctions\u00a0\u00e0\u00a0la\npr\u00e9fecture,\u00a0\u00e0\u00a0la\u00a0direction\u00a0d\u00e9partementale\u00a0des\u00a0territoires\u00a0(DDT)\u00a0et\u00a0\u00e0\u00a0la\u00a0direction\u00a0d\u00e9partementale\u00a0de\u00a0l'emploi,\u00a0du\ntravail,\u00a0des\u00a0solidarit\u00e9s\u00a0et\u00a0de\u00a0la\u00a0protection\u00a0des\u00a0populations\u00a0(DDETSPP)\u00a0:\n1 GESTION DU PERSONNEL\n1-1 Octroi\u00a0et\u00a0renouvellement\u00a0des\u00a0cong\u00e9s\u00a0de\u00a0maladie\u00a0ordinaire,\u00a0cong\u00e9s\u00a0pour\u00a0invalidit\u00e9\ntemporaire\u00a0imputable\u00a0au\u00a0service,\u00a0cong\u00e9s\u00a0de\u00a0longue\u00a0maladie,\u00a0cong\u00e9s\u00a0de\u00a0longue\ndur\u00e9e,\u00a0cong\u00e9s\u00a0de\u00a0grave\u00a0maladie,\u00a0disponibilit\u00e9\u00a0pour\u00a0raison\u00a0de\u00a0sant\u00e9\n1-2 Octroi\u00a0des\u00a0cong\u00e9s\u00a0de\u00a0maternit\u00e9,\u00a0de\u00a0paternit\u00e9\u00a0et\u00a0d'accueil\u00a0de\u00a0l'enfant,\u00a0d'adoption,\ncong\u00e9\u00a0parental,\u00a0cong\u00e9\u00a0de\u00a0pr\u00e9sence\u00a0parentale,\u00a0de\u00a0proche\u00a0aidant\u00a0et\u00a0des\u00a0cong\u00e9s\nbonifi\u00e9s\n1-3 D\u00e9cision\u00a0de\u00a0mise\u00a0en\u00a0disponibilit\u00e9\u00a0de\u00a0droit\u00a0ou\u00a0sur\u00a0autorisation\n1-4 Autorisation\u00a0d'exercer\u00a0les\u00a0fonctions\u00a0\u00e0\u00a0temps\u00a0partiel\u00a0y\u00a0compris\u00a0pour\u00a0raison\u00a0\nth\u00e9rapeutique,\u00a0retour\u00a0dans\u00a0l'exercice\u00a0des\u00a0fonctions\u00a0\u00e0\u00a0temps\u00a0plein\n1-5 Recrutement\u00a0du\u00a0personnel\u00a0contractuel\u00a0sur\u00a0le\u00a0fondement\u00a0des\u00a0articles\u00a0L.332-6,\u00a0L.332-7\nL.\u00a0332-8\u00a0et\u00a0L.\u00a0332.9\u00a0et\u00a0L.332-22\u00a0du\u00a0code\u00a0g\u00e9n\u00e9ral\u00a0de\u00a0la\u00a0fonction\u00a0publique\n1-6 Octroi\u00a0des\u00a0autorisations\u00a0d'absence\u00a0pr\u00e9vues\u00a0par\u00a0un\u00a0texte\u00a0l\u00e9gislatif\u00a0ou\u00a0r\u00e9glementaire,\nou\u00a0en\u00a0vertu\u00a0du\u00a0r\u00e8glement\u00a0int\u00e9rieur\u00a0propre\u00a0\u00e0\u00a0la\u00a0structure\u00a0dans\u00a0laquelle\u00a0l'agent\u00a0est\naffect\u00e9\u00a0\u2013\u00a0validation\u00a0de\u00a0l'autorisation\u00a0dans\u00a0le\u00a0logiciel\u00a0de\u00a0gestion\u00a0du\u00a0temps\u00a0propre\u00a0\u00e0\nchaque\u00a0structure.\u00a0\n1-7 Notification\u00a0des\u00a0soldes\u00a0de\u00a0compte\u00a0\u00e9pargne\u00a0temps\n2 ADMINISTRATION G\u00c9N\u00c9RALE\n2-1 D\u00e9livrance\u00a0et\u00a0retrait\u00a0des\u00a0autorisations\u00a0de\u00a0conduire\u00a0les\u00a0v\u00e9hicules\u00a0de\u00a0service\n2-2 Autorisations\u00a0de\u00a0remisage\u00a0des\u00a0v\u00e9hicules\u00a0de\u00a0service\n2-3 Ordres\u00a0de\u00a0mission\u00a0ponctuels\u00a0et\u00a0permanents\u00a0sur\u00a0le\u00a0territoire\u00a0m\u00e9tropolitain\nArticle 3 :\u00a0En\u00a0cas\u00a0d'absence\u00a0ou\u00a0d'emp\u00eachement\u00a0de\u00a0Mme\u00a0Florence\u00a0DUFOUR,\u00a0directrice\u00a0du\nsecr\u00e9tariat\u00a0g\u00e9n\u00e9ral\u00a0commun\u00a0de\u00a0l'Allier,\u00a0la\u00a0d\u00e9l\u00e9gation\u00a0de\u00a0signature\u00a0qui\u00a0lui\u00a0est\u00a0consentie\u00a0aux\u00a0articles\n1\u00a0et\u00a02\u00a0du\u00a0pr\u00e9sent\u00a0arr\u00eat\u00e9\u00a0pourra\u00a0\u00eatre\u00a0exerc\u00e9e,\u00a0dans\u00a0la\u00a0limite\u00a0de\u00a0leurs\u00a0attributions\u00a0respectives,\u00a0par\u00a0les\nchefs\u00a0de\u00a0bureau\u00a0et\u00a0adjoints\u00a0aux\u00a0chefs\u00a0de\u00a0bureau\u00a0du\u00a0SGCD\u00a0plac\u00e9s\u00a0sous\u00a0son\u00a0autorit\u00e9.\u00a0\nArticle 4 :\u00a0Les\u00a0dispositions\u00a0du\u00a0pr\u00e9sent\u00a0arr\u00eat\u00e9\u00a0entrent\u00a0en\u00a0vigueur\u00a0le 31 d\u00e9cembre 2025.\nArticle 5\u00a0:\u00a0L'arr\u00eat\u00e9\u00a0pr\u00e9fectoral\u00a0n\u00b0166/2025\u00a0du\u00a027\u00a0janvier\u00a02025\u00a0portant\u00a0d\u00e9l\u00e9gation\u00a0de\u00a0signature\u00a0\u00e0\nMadame\u00a0Florence\u00a0DUFOUR,\u00a0directrice\u00a0du\u00a0secr\u00e9tariat\u00a0g\u00e9n\u00e9ral\u00a0commun\u00a0de\u00a0l'Allier,\u00a0est\u00a0abrog\u00e9.\nArticle 6 :\u00a0Un\u00a0recours\u00a0contre\u00a0le\u00a0pr\u00e9sent\u00a0arr\u00eat\u00e9\u00a0peut\u00a0\u00eatre\u00a0form\u00e9\u00a0devant\u00a0le\u00a0Tribunal\u00a0Administratif\u00a0de\u00a0Clermont-\nFerrand\u00a0dans\u00a0un\u00a0d\u00e9lai\u00a0de\u00a0deux\u00a0mois\u00a0\u00e0\u00a0compter\u00a0de\u00a0sa\u00a0publication.\u00a0En\u00a0application\u00a0du\u00a0d\u00e9cret\u00a0n\u00b0\u00a02018-251\u00a0du\u00a06\navril\u00a02018,\u00a0les\u00a0particuliers\u00a0et\u00a0les\u00a0personnes\u00a0morales\u00a0de\u00a0droit\u00a0priv\u00e9\u00a0non\u00a0repr\u00e9sent\u00e9s\u00a0par\u00a0un\u00a0avocat\u00a0peuvent\ncommuniquer\u00a0avec\u00a0un\u00a0Tribunal\u00a0administratif\u00a0par\u00a0la\u00a0voie\u00a0de\u00a0l'application\u00a0informatique\u00a0\u00abT\u00e9l\u00e9recours\u00a0citoyens\u00a0\u00bb\nsur\u00a0le\u00a0site\u00a0www.telerecours.fr.\nArticle 7\u00a0:\u00a0Le\u00a0secr\u00e9taire\u00a0g\u00e9n\u00e9ral\u00a0de\u00a0la\u00a0pr\u00e9fecture\u00a0de\u00a0l'Allier,\u00a0les\u00a0directeurs\u00a0d\u00e9partementaux\u00a0interminist\u00e9riels\u00a0et\nla\u00a0directrice\u00a0du\u00a0secr\u00e9tariat\u00a0g\u00e9n\u00e9ral\u00a0commun\u00a0de\u00a0l'Allier\u00a0sont\u00a0charg\u00e9s\u00a0de\u00a0l'ex\u00e9cution\u00a0du\u00a0pr\u00e9sent\u00a0arr\u00eat\u00e9\u00a0qui\u00a0sera\npubli\u00e9\u00a0au\u00a0recueil\u00a0des\u00a0actes\u00a0administratifs\u00a0de\u00a0la\u00a0pr\u00e9fecture\u00a0de\u00a0l'Allier.\nLe\u00a0Pr\u00e9fet\nSign\u00e9\nChristophe\u00a0NO\u00cbL\u00a0du\u00a0PAYRAT\n2/2\n03_Pr\u00e9f_Pr\u00e9fecture de l'Allier - 03-2025-12-23-00003 - Extrait de l'arr\u00eat\u00e9 n\u00b02926/2025 du 23 d\u00e9cembre 2025 portant d\u00e9l\u00e9gation de\nsignature \u00e0 Madame Florence DUFOUR, directrice du secr\u00e9tariat g\u00e9n\u00e9ral commun de l'Allier 7\n03_Pr\u00e9f_Pr\u00e9fecture de l'Allier\n03-2025-12-23-00004\nExtrait de l'arr\u00eat\u00e9 n\u00b02927/2025 du 23 d\u00e9cembre\n2025 portant d\u00e9l\u00e9gation de signature \u00e0 Madame\nFlorence DUFOUR, directrice du secr\u00e9tariat\ng\u00e9n\u00e9ral commun de l'Allier, en mati\u00e8re\nd'ordonnancement secondaire\n03_Pr\u00e9f_Pr\u00e9fecture de l'Allier - 03-2025-12-23-00004 - Extrait de l'arr\u00eat\u00e9 n\u00b02927/2025 du 23 d\u00e9cembre 2025 portant d\u00e9l\u00e9gation de\nsignature \u00e0 Madame Florence DUFOUR, directrice du secr\u00e9tariat g\u00e9n\u00e9ral commun de l'Allier, en mati\u00e8re d'ordonnancement\nsecondaire\n8\nPREFETDE L'ALLIERLibert\u00e9Egalit\u00e9Fraternit\u00e9\nDirection de la coordination des politiques publiques\nExtrait de l'arr\u00eat\u00e9 n\u00b0 2927/2025 du 23 d\u00e9cembre 2025\nportant d\u00e9l\u00e9gation de signature\n\u00e0 Madame Florence DUFOUR,\ndirectrice du secr\u00e9tariat g\u00e9n\u00e9ral commun de l'Allier,\nen mati\u00e8re d'ordonnancement secondaire \nSECTION I : ORDONNANCEMENT SECONDAIRE\nArticle 1\u00a0:\u00a0D\u00e9l\u00e9gation\u00a0de\u00a0signature\u00a0est\u00a0donn\u00e9e\u00a0\u00e0 \u00a0Mme  Florence  DUFOUR,\u00a0directrice\u00a0du\nsecr\u00e9tariat\u00a0g\u00e9n\u00e9ral\u00a0commun\u00a0de\u00a0l'Allier,\u00a0en\u00a0mati\u00e8re\u00a0d'ordonnancement\u00a0secondaire\u00a0des\u00a0d\u00e9penses\u00a0et\nrecettes\u00a0de\u00a0l'\u00c9tat,\u00a0\u00e0\u00a0l'effet\u00a0de\u00a0signer\u00a0tous\u00a0les\u00a0actes,\u00a0march\u00e9s,\u00a0contrats,\u00a0commandes,\u00a0subventions\u00a0et\nd\u00e9cisions\u00a0individuelles\u00a0imput\u00e9es\u00a0sur\u00a0les\u00a0programmes\u00a0suivants\u00a0:\n-\u00a0148\u00a0:\u00a0fonction\u00a0publique\n-\u00a0176\u00a0:\u00a0police\u00a0nationale\u00a0(action\u00a0sociale)\n-\u00a0206\u00a0:\u00a0s\u00e9curit\u00e9\u00a0et\u00a0qualit\u00e9\u00a0sanitaires\u00a0de\u00a0l'alimentation\u00a0(action\u00a0sociale)\n-\u00a0207\u00a0:\u00a0s\u00e9curit\u00e9\u00a0et\u00a0\u00e9ducation\u00a0routi\u00e8res\n-\u00a0215\u00a0:\u00a0conduite\u00a0des\u00a0politiques\u00a0de\u00a0l'agriculture\u00a0(action\u00a0sociale)\n-\u00a0216\u00a0:\u00a0conduite\u00a0des\u00a0politiques\u00a0de\u00a0l'int\u00e9rieur\u00a0(action\u00a0sociale)\n-\u00a0217\u00a0:\u00a0conduite\u00a0et\u00a0pilotage\u00a0des\u00a0politiques\u00a0de\u00a0l'\u00e9cologie,\u00a0du\u00a0d\u00e9veloppement\u00a0et\u00a0de\u00a0la\u00a0mobilit\u00e9\n\u00a0\u00a0\u00a0\u00a0\u00a0\u00a0\u00a0\u00a0\u00a0\u00a0\u00a0durables\u00a0(action\u00a0sociale)\n-\u00a0348\u00a0:\u00a0r\u00e9novation\u00a0des\u00a0cit\u00e9s\u00a0administratives\u00a0et\u00a0autres\u00a0b\u00e2timents\u00a0domaniaux\u00a0multi-occupants\n-\u00a0354\u00a0:\u00a0administration\u00a0territoriale\u00a0de\u00a0l'\u00c9tat\u00a0(\u00e0\u00a0l'exclusion\u00a0des\u00a0centres\u00a0de\u00a0co\u00fbt\u00a0pour\u00a0lesquels\u00a0une\n\u00a0\u00a0\u00a0\u00a0\u00a0\u00a0\u00a0\u00a0\u00a0\u00a0\u00a0d\u00e9l\u00e9gation\u00a0de\u00a0signature\u00a0est\u00a0accord\u00e9e\u00a0aux\u00a0membres\u00a0du\u00a0corps\u00a0pr\u00e9fectoral)\n-\u00a0723\u00a0:\u00a0op\u00e9rations\u00a0immobili\u00e8res\u00a0et\u00a0entretien\u00a0des\u00a0b\u00e2timents\u00a0de\u00a0l'\u00c9tat\nArticle 2 : Cette\u00a0d\u00e9l\u00e9gation\u00a0porte\u00a0exclusivement\u00a0sur\u00a0les\u00a0d\u00e9cisions\u00a0relatives\u00a0aux\u00a0engagements\u00a0de\nd\u00e9penses\u00a0et\u00a0la\u00a0constatation\u00a0du\u00a0service\u00a0fait.\u00a0\nArticle 3\u00a0:\u00a0En\u00a0cas\u00a0d'absence\u00a0ou\u00a0d'emp\u00eachement\u00a0de\u00a0Mme\u00a0Florence\u00a0DUFOUR,\u00a0la\u00a0d\u00e9l\u00e9gation\u00a0de\nsignature\u00a0qui\u00a0lui\u00a0est\u00a0consentie\u00a0aux\u00a0articles\u00a01\u00a0et\u00a02\u00a0du\u00a0pr\u00e9sent\u00a0arr\u00eat\u00e9\u00a0pourra\u00a0\u00eatre\u00a0exerc\u00e9e,\u00a0dans\u00a0la\nlimite\u00a0de\u00a0leurs\u00a0attributions\u00a0respectives,\u00a0par\u00a0les\u00a0chefs\u00a0de\u00a0bureau\u00a0et\u00a0adjoints\u00a0aux\u00a0chefs\u00a0de\u00a0bureau\nplac\u00e9s\u00a0sous\u00a0son\u00a0autorit\u00e9,\u00a0habilit\u00e9s\u00a0\u00e0\u00a0cet\u00a0effet\u00a0et\u00a0accr\u00e9dit\u00e9s\u00a0aupr\u00e8s\u00a0du\u00a0comptable\u00a0assignataire.\u00a0\nSECTION II : COMP\u00c9TENCE EN MATI\u00c8RE DE MARCH\u00c9S PUBLICS\nArticle 4 : D\u00e9l\u00e9gation\u00a0de\u00a0signature\u00a0est\u00a0donn\u00e9e\u00a0\u00e0 \u00a0Mme  Florence  DUFOUR,\u00a0directrice\u00a0du\nsecr\u00e9tariat\u00a0g\u00e9n\u00e9ral\u00a0commun\u00a0de\u00a0l'Allier,\u00a0\u00e0\u00a0l'effet\u00a0de\u00a0signer\u00a0les\u00a0march\u00e9s\u00a0publics\u00a0et\u00a0tous\u00a0les\u00a0actes\nd\u00e9volus\u00a0au\u00a0repr\u00e9sentant\u00a0du\u00a0pouvoir\u00a0adjudicateur\u00a0pass\u00e9s\u00a0dans\u00a0le\u00a0cadre\u00a0des\u00a0missions\u00a0qui\u00a0lui\u00a0sont\nattribu\u00e9es.\u00a0\nEst\u00a0exclue\u00a0de\u00a0cette\u00a0d\u00e9l\u00e9gation,\u00a0la\u00a0signature\u00a0des\u00a0actes\u00a0d'engagement\u00a0des\u00a0march\u00e9s\u00a0d'un\u00a0montant\nsup\u00e9rieur\u00a0\u00e0\u00a040\u00a0000\u00a0\u20ac\u00a0hors\u00a0taxe.\nArticle 5\u00a0:\u00a0En\u00a0cas\u00a0d'absence\u00a0ou\u00a0d'emp\u00eachement\u00a0de\u00a0Mme\u00a0Florence\u00a0DUFOUR,\u00a0la\u00a0d\u00e9l\u00e9gation\u00a0de\nsignature\u00a0qui\u00a0lui\u00a0est\u00a0consentie\u00a0\u00e0\u00a0l'article\u00a04\u00a0du\u00a0pr\u00e9sent\u00a0arr\u00eat\u00e9\u00a0pourra\u00a0\u00eatre\u00a0subd\u00e9l\u00e9gu\u00e9e\u00a0en\u00a0tout\u00a0ou\npartie\u00a0aux\u00a0chefs\u00a0de\u00a0bureau\u00a0et\u00a0adjoints\u00a0aux\u00a0chefs\u00a0de\u00a0bureau\u00a0plac\u00e9s\u00a0sous\u00a0son\u00a0autorit\u00e9,\u00a0habilit\u00e9s\u00a0\u00e0\u00a0cet\neffet\u00a0et\u00a0accr\u00e9dit\u00e9s\u00a0aupr\u00e8s\u00a0du\u00a0comptable\u00a0assignataire.\n1/2\n03_Pr\u00e9f_Pr\u00e9fecture de l'Allier - 03-2025-12-23-00004 - Extrait de l'arr\u00eat\u00e9 n\u00b02927/2025 du 23 d\u00e9cembre 2025 portant d\u00e9l\u00e9gation de\nsignature \u00e0 Madame Florence DUFOUR, directrice du secr\u00e9tariat g\u00e9n\u00e9ral commun de l'Allier, en mati\u00e8re d'ordonnancement\nsecondaire\n9\nSECTION III : VALIDATION DES ACTES DANS LES PROGICIELS COMPTABLES INT \u00c9GR\u00c9S,\nORDRES \u00c0 PAYER ET ACTES EN GESTION MANUELLE\nArticle 6\u00a0:\u00a0D\u00e9l\u00e9gation\u00a0de\u00a0signature\u00a0est\u00a0donn\u00e9e\u00a0\u00e0 \u00a0Mme  Florence  DUFOUR,\u00a0directrice\u00a0du\nsecr\u00e9tariat\u00a0g\u00e9n\u00e9ral\u00a0commun\u00a0de\u00a0l'Allier,\u00a0pour\u00a0la\u00a0validation\u00a0des\u00a0actes\u00a0d\u00e9mat\u00e9rialis\u00e9s\u00a0n\u00e9cessaires\u00a0\u00e0\nl'engagement\u00a0juridique\u00a0des\u00a0d\u00e9penses,\u00a0la\u00a0constatation\u00a0du\u00a0service\u00a0fait\u00a0et\u00a0les\u00a0ordres\u00a0\u00e0\u00a0payer,\u00a0au\u00a0titre\ndes\u00a0cr\u00e9dits\u00a0dont\u00a0la\u00a0gestion\u00a0rel\u00e8ve\u00a0d'un\u00a0ordonnateur\u00a0secondaire\u00a0d\u00e9l\u00e9gu\u00e9\u00a0du\u00a0pr\u00e9fet\u00a0de\u00a0l'Allier.\nHors\u00a0Chorus,\u00a0Mme Florence DUFOUR \u00a0re\u00e7oit\u00a0d\u00e9l\u00e9gation\u00a0pour\u00a0la\u00a0signature\u00a0des\u00a0pi\u00e8ces\u00a0et\u00a0actes\n\u00e9num\u00e9r\u00e9s\u00a0ci-apr\u00e8s\u00a0:\n-\u00a0demandes\u00a0d'\u00e9mission\u00a0de\u00a0titres\u00a0aupr\u00e8s\u00a0des\u00a0plateformes\u00a0Chorus\n-\u00a0pi\u00e8ces\u00a0comptables\u00a0concernant\u00a0les\u00a0programmes\u00a0ou\u00a0comptes\u00a0g\u00e9r\u00e9s\u00a0hors\u00a0Chorus\u00a0(gestion\nmanuelle).\nArticle 7\u00a0:\u00a0En\u00a0cas\u00a0d'absence\u00a0ou\u00a0d'emp\u00eachement\u00a0de\u00a0Mme\u00a0Florence\u00a0DUFOUR,\u00a0la\u00a0d\u00e9l\u00e9gation\u00a0de\nsignature\u00a0qui\u00a0lui\u00a0est\u00a0consentie\u00a0\u00e0\u00a0l'article\u00a06\u00a0du\u00a0pr\u00e9sent\u00a0arr\u00eat\u00e9\u00a0pourra\u00a0\u00eatre\u00a0exerc\u00e9e,\u00a0dans\u00a0la\u00a0limite\u00a0de\nleurs\u00a0attributions\u00a0respectives,\u00a0par\u00a0les\u00a0chefs\u00a0de\u00a0bureaux,\u00a0adjoints\u00a0aux\u00a0chefs\u00a0de\u00a0bureaux\u00a0et\u00a0agents\nplac\u00e9s\u00a0sous\u00a0son\u00a0autorit\u00e9,\u00a0habilit\u00e9s\u00a0\u00e0\u00a0cet\u00a0effet.\nArticle 8 :\u00a0Les\u00a0dispositions\u00a0du\u00a0pr\u00e9sent\u00a0arr\u00eat\u00e9\u00a0entrent\u00a0en\u00a0vigueur le 31 d\u00e9cembre 2025.\nArticle 9\u00a0:\u00a0L'arr\u00eat\u00e9\u00a0pr\u00e9fectoral\u00a0n\u00b0167/2025\u00a0du\u00a027\u00a0janvier\u00a02025\u00a0portant\u00a0d\u00e9l\u00e9gation\u00a0de\u00a0signature\u00a0\u00e0\nMadame\u00a0Florence\u00a0DUFOUR,\u00a0directrice\u00a0du\u00a0secr\u00e9tariat\u00a0g\u00e9n\u00e9ral\u00a0commun\u00a0de\u00a0l'Allier,\u00a0en\u00a0mati\u00e8re\nd'ordonnancement\u00a0secondaire,\u00a0est\u00a0abrog\u00e9.\nArticle 10 :\u00a0Un\u00a0recours\u00a0contre\u00a0le\u00a0pr\u00e9sent\u00a0arr\u00eat\u00e9\u00a0peut\u00a0\u00eatre\u00a0form\u00e9\u00a0devant\u00a0le\u00a0Tribunal\u00a0Administratif\u00a0de\nClermont-Ferrand\u00a0dans\u00a0un\u00a0d\u00e9lai\u00a0de\u00a0deux\u00a0mois\u00a0\u00e0\u00a0compter\u00a0de\u00a0sa\u00a0publication.\u00a0En\u00a0application\u00a0du\nd\u00e9cret\u00a0n\u00b0\u00a02018-251\u00a0du\u00a06\u00a0avril\u00a02018,\u00a0les\u00a0particuliers\u00a0et\u00a0les\u00a0personnes\u00a0morales\u00a0de\u00a0droit\u00a0priv\u00e9\u00a0non\nrepr\u00e9sent\u00e9s\u00a0par\u00a0un\u00a0avocat\u00a0peuvent\u00a0communiquer\u00a0avec\u00a0un\u00a0Tribunal\u00a0administratif\u00a0par\u00a0la\u00a0voie\u00a0de\nl'application\u00a0informatique\u00a0\u00abT\u00e9l\u00e9recours\u00a0citoyens\u00a0\u00bb\u00a0sur\u00a0le\u00a0site\u00a0www.telerecours.fr.\nArticle 11 :\u00a0Le\u00a0secr\u00e9taire\u00a0g\u00e9n\u00e9ral\u00a0de\u00a0la\u00a0pr\u00e9fecture\u00a0de\u00a0l'Allier\u00a0et\u00a0la\u00a0directrice\u00a0du\u00a0secr\u00e9tariat\u00a0g\u00e9n\u00e9ral\ncommun\u00a0de\u00a0l'Allier\u00a0sont\u00a0charg\u00e9s\u00a0de\u00a0l'ex\u00e9cution\u00a0du\u00a0pr\u00e9sent\u00a0arr\u00eat\u00e9\u00a0qui\u00a0sera\u00a0publi\u00e9\u00a0au\u00a0recueil\u00a0des\nactes\u00a0administratifs\u00a0de\u00a0la\u00a0pr\u00e9fecture\u00a0de\u00a0l'Allier.\nLe\u00a0Pr\u00e9fet\nSign\u00e9\nChristophe\u00a0NO\u00cbL\u00a0du\u00a0PAYRAT\n2/2\n03_Pr\u00e9f_Pr\u00e9fecture de l'Allier - 03-2025-12-23-00004 - Extrait de l'arr\u00eat\u00e9 n\u00b02927/2025 du 23 d\u00e9cembre 2025 portant d\u00e9l\u00e9gation de\nsignature \u00e0 Madame Florence DUFOUR, directrice du secr\u00e9tariat g\u00e9n\u00e9ral commun de l'Allier, en mati\u00e8re d'ordonnancement\nsecondaire\n10\n03_Pr\u00e9f_Pr\u00e9fecture de l'Allier\n03-2025-12-23-00005\nExtrait de l'arr\u00eat\u00e9 n\u00b02928/2025 du 23 d\u00e9cembre\n2025 portant d\u00e9l\u00e9gation de signature \u00e0 Monsieur\nNo\u00ebl QUIPOURT, Directeur D\u00e9partemental de\nl'Emploi, du Travail, des Solidarit\u00e9s et de la\nProtection des Populations\n03_Pr\u00e9f_Pr\u00e9fecture de l'Allier - 03-2025-12-23-00005 - Extrait de l'arr\u00eat\u00e9 n\u00b02928/2025 du 23 d\u00e9cembre 2025 portant d\u00e9l\u00e9gation de\nsignature \u00e0 Monsieur No\u00ebl QUIPOURT, Directeur D\u00e9partemental de l'Emploi, du Travail, des Solidarit\u00e9s et de la Protection des\nPopulations\n11\nPREFETDE L'ALLIERLibert\u00e9Egalit\u00e9Fraternit\u00e9\nDirection de la coordination des politiques publiques\nExtrait de l'arr\u00eat\u00e9 n\u00b0 2928/2025 du 23 d\u00e9cembre 2025\nportant d\u00e9l\u00e9gation de signature\n\u00e0 Monsieur No\u00ebl QUIPOURT,\nDirecteur D\u00e9partemental de l'Emploi, du Travail, des Solidarit\u00e9s\net de la Protection des Populations\nArticle     1  \u00a0:\u00a0D\u00e9l\u00e9gation\u00a0de\u00a0signature\u00a0est\u00a0donn\u00e9e\u00a0\u00e0 M. No\u00ebl QUIPOURT ,\u00a0directeur\u00a0d\u00e9partemental\u00a0de\nl'Emploi,\u00a0du\u00a0Travail,\u00a0des\u00a0Solidarit\u00e9s\u00a0et\u00a0de\u00a0la\u00a0Protection\u00a0des\u00a0Populations\u00a0de\u00a0l'Allier,\u00a0\u00e0\u00a0l'effet\u00a0de\u00a0signer\nles\u00a0d\u00e9cisions\u00a0et\u00a0documents\u00a0relevant\u00a0de\u00a0ses\u00a0attributions\u00a0dans\u00a0les\u00a0domaines\u00a0d'activit\u00e9s\u00a0\u00e9num\u00e9r\u00e9s\u00a0ci-\napr\u00e8s\u00a0:\nSection 1 : Comp\u00e9tence administrative g\u00e9n\u00e9rale\nI. En mati\u00e8re d'administration g\u00e9n\u00e9rale :\n1)\u00a0la\u00a0mise\u00a0en\u00a0place\u00a0d'un\u00a0Conseil\u00a0Social\u00a0d'Administration\u00a0et\u00a0la\u00a0signature\u00a0de\u00a0l'arr\u00eat\u00e9\u00a0portant\nd\u00e9signation\u00a0de\u00a0ses\u00a0membres\u00a0;\n2)\u00a0la\u00a0mise\u00a0en\u00a0place\u00a0d'un\u00a0Conseil\u00a0Social\u00a0d'Administration\u00a0en\u00a0sa\u00a0formation\u00a0sp\u00e9cialis\u00e9e\u00a0et\u00a0des\nconditions\u00a0de\u00a0travail\u00a0et\u00a0la\u00a0signature\u00a0de\u00a0l'arr\u00eat\u00e9\u00a0portant\u00a0d\u00e9signation\u00a0de\u00a0ses\u00a0membres\u00a0;\n3)\u00a0la\u00a0fixation\u00a0du\u00a0r\u00e8glement\u00a0int\u00e9rieur,\u00a0notamment\u00a0pour\u00a0l'am\u00e9nagement\u00a0local\u00a0du\u00a0temps\u00a0de\u00a0travail\net\u00a0de\u00a0l'organisation\u00a0;\n4)\u00a0la\u00a0commande\u00a0des\u00a0mat\u00e9riels,\u00a0fournitures\u00a0et\u00a0prestations,\u00a0hors\u00a0celle\u00a0d\u00e9l\u00e9gu\u00e9e\u00a0\u00e0\u00a0la\u00a0directrice\ndu\u00a0Secr\u00e9tariat\u00a0G\u00e9n\u00e9ral\u00a0Commun\u00a0D\u00e9partemental\u00a0;\n5)\u00a0les\u00a0d\u00e9cisions\u00a0pronon\u00e7ant\u00a0en\u00a0mati\u00e8re\u00a0disciplinaire\u00a0des\u00a0sanctions\u00a0en\u00a0ce\u00a0qui\u00a0concerne\u00a0les\npersonnels\u00a0\u00e0\u00a0gestion\u00a0d\u00e9concentr\u00e9e\u00a0apr\u00e8s\u00a0communication\u00a0du\u00a0dossier\u00a0aux\u00a0int\u00e9ress\u00e9s\u00a0;\n6)\u00a0les\u00a0d\u00e9cisions\u00a0relatives\u00a0\u00e0\u00a0la\u00a0communication\u00a0des\u00a0documents\u00a0administratifs\u00a0autres\u00a0que\u00a0ceux\nd\u00e9tenus\u00a0par\u00a0les\u00a0administrations\u00a0centrales\u00a0;\n7)\u00a0l'habilitation\u00a0des\u00a0agents\u00a0relevant\u00a0du\u00a0minist\u00e8re\u00a0en\u00a0charge\u00a0de\u00a0l'agriculture,\u00a0pour\u00a0l'ex\u00e9cution\ndes\u00a0missions\u00a0de\u00a0sant\u00e9\u00a0et\u00a0de\u00a0protection\u00a0animales\u00a0;\n8)\u00a0l'attribution\u00a0et\u00a0la\u00a0gestion\u00a0des\u00a0postes\u00a0relevant\u00a0de\u00a0la\u00a0Nouvelle\u00a0Bonification\u00a0Indiciaire\u00a0(NBI)\n9)\u00a0les\u00a0autorisations\u00a0d'exercice\u00a0d'une\u00a0activit\u00e9\u00a0accessoire\u00a0dans\u00a0le\u00a0cadre\u00a0d'un\u00a0cumul\u00a0d'activit\u00e9\u00a0;\n10)\u00a0les\u00a0autorisations\u00a0individuelles\u00a0d'exercice\u00a0des\u00a0missions\u00a0en\u00a0t\u00e9l\u00e9travail\n11)\u00a0tout\u00a0 autre \u00a0 acte\u00a0 de\u00a0 gestion\u00a0 du\u00a0 personnel\u00a0 relevant \u00a0 du\u00a0 champ\u00a0 de\u00a0 comp\u00e9tence \u00a0 de\u00a0 la\nDDETSPP \u00a0 de \u00a0 l'Allier, \u00a0 hors \u00a0 ceux \u00a0 d\u00e9l\u00e9gu\u00e9s \u00a0 \u00e0 \u00a0 la \u00a0 directrice \u00a0 du \u00a0 Secr\u00e9tariat \u00a0 G\u00e9n\u00e9ral \u00a0 Commun\nD\u00e9partemental.\nII. Au titre du code rural et de la p\u00eache maritime :\nSection Titre pr\u00e9liminaire du Livre II :\nLes\u00a0actes\u00a0relevant\u00a0de\u00a0:\n1)\u00a0la\u00a0mise\u00a0en\u00a0\u0153uvre\u00a0de\u00a0la\u00a0proc\u00e9dure\u00a0de\u00a0transaction\u00a0p\u00e9nale\u00a0;\n2)\u00a0le\u00a0mandat\u00a0de\u00a0service\u00a0d'int\u00e9r\u00eat\u00a0\u00e9conomique\u00a0g\u00e9n\u00e9ral\u00a0(SIEG).\nPage\u00a01\u00a0sur\u00a011\n03_Pr\u00e9f_Pr\u00e9fecture de l'Allier - 03-2025-12-23-00005 - Extrait de l'arr\u00eat\u00e9 n\u00b02928/2025 du 23 d\u00e9cembre 2025 portant d\u00e9l\u00e9gation de\nsignature \u00e0 Monsieur No\u00ebl QUIPOURT, Directeur D\u00e9partemental de l'Emploi, du Travail, des Solidarit\u00e9s et de la Protection des\nPopulations\n12\nSection Titre I du Livre II :\nTous\u00a0les\u00a0actes\u00a0relevant\u00a0de\u00a0:\n1)\u00a0l'inspection\u00a0des\u00a0conditions\u00a0sanitaires\u00a0relatives\u00a0\u00e0\u00a0la\u00a0d\u00e9tention,\u00a0\u00e0\u00a0la\u00a0mise\u00a0en\u00a0circulation\u00a0et\u00a0\u00e0\u00a0la\ncommercialisation\u00a0des\u00a0animaux\u00a0;\n2)\u00a0l'application\u00a0de\u00a0la\u00a0r\u00e9glementation\u00a0sanitaire\u00a0des\u00a0foires,\u00a0march\u00e9s\u00a0et\u00a0concours\u00a0d'animaux\u00a0;\n3)\u00a0l'application\u00a0des\u00a0mesures\u00a0particuli\u00e8res\u00a0en\u00a0mati\u00e8re\u00a0de\u00a0protection\u00a0animale\u00a0;\n4)\u00a0l'application\u00a0des\u00a0d\u00e9cisions\u00a0particuli\u00e8res\u00a0relatives\u00a0aux\u00a0exp\u00e9rimentations\u00a0sur\u00a0les\u00a0animaux\nvivants\u00a0;\n5)\u00a0l'application \u00a0 des \u00a0 mesures \u00a0 particuli\u00e8res \u00a0 relatives \u00a0 \u00e0 \u00a0 l'exercice \u00a0 des \u00a0 activit\u00e9s \u00a0 li\u00e9es \u00a0 aux\nanimaux \u00a0 de \u00a0 compagnie \u00a0 d'esp\u00e8ces \u00a0 domestiques, \u00a0 et \u00a0 aux \u00a0 fourri\u00e8res \u00a0 et \u00a0 refuges \u00a0 ; \u00a0 les \u00a0 mesures\nparticuli\u00e8res\u00a0relatives\u00a0au\u00a0dressage\u00a0des\u00a0chiens\u00a0au\u00a0mordant\u00a0;\n6)\u00a0la\u00a0d\u00e9claration\u00a0des\u00a0v\u00e9t\u00e9rinaires\u00a0comportementalistes\u00a0;\n7)\u00a0l'application\u00a0des\u00a0mesures\u00a0particuli\u00e8res\u00a0relatives\u00a0au\u00a0bien-\u00eatre\u00a0animal\u00a0au\u00a0cours\u00a0du\u00a0transport\nd'animaux\u00a0vivants.\nSection Titre II du Livre II :\n1)\u00a0la\u00a0d\u00e9livrance\u00a0d'agr\u00e9ment\u00a0sanitaire\u00a0;\n2)\u00a0la\u00a0fermeture\u00a0d'\u00e9tablissement\u00a0ou\u00a0l'arr\u00eat\u00a0de\u00a0certaines\u00a0activit\u00e9s\u00a0;\n3)\u00a0la\u00a0qualification\u00a0de\u00a0v\u00e9t\u00e9rinaire\u00a0officiel\u00a0priv\u00e9\u00a0et\u00a0la\u00a0d\u00e9signation\u00a0de\u00a0v\u00e9t\u00e9rinaires\u00a0certificateurs\u00a0;\n4)\u00a0l'attribution\u00a0et\u00a0le\u00a0suivi\u00a0de\u00a0l'exercice\u00a0de\u00a0l'habilitation\u00a0sanitaire\u00a0aux\u00a0v\u00e9t\u00e9rinaires,\u00a0aux\u00a0docteurs\nv\u00e9t\u00e9rinaires\u00a0et\u00a0anciens\u00a0\u00e9l\u00e8ves\u00a0des\u00a0\u00e9coles\u00a0nationales\u00a0v\u00e9t\u00e9rinaires\u00a0et\u00a0aux\u00a0tarifs\u00a0de\u00a0police\u00a0sanitaire\u00a0et\nde\u00a0prophylaxie\u00a0collective\u00a0;\n5)\u00a0l'\u00e9tablissement\u00a0 et \u00a0 la\u00a0 diffusion\u00a0 des\u00a0 listes\u00a0 des\u00a0 v\u00e9t\u00e9rinaires\u00a0 ou\u00a0 docteurs\u00a0v\u00e9t\u00e9rinaires\u00a0 en\nexercice\u00a0r\u00e9sidant\u00a0dans\u00a0le\u00a0d\u00e9partement\u00a0et\u00a0inscrits\u00a0\u00e0\u00a0l'ordre\u00a0des\u00a0v\u00e9t\u00e9rinaires\u00a0et\u00a0des\u00a0v\u00e9t\u00e9rinaires\u00a0ou\ndocteurs\u00a0v\u00e9t\u00e9rinaires\u00a0titulaires\u00a0de\u00a0l'habilitation\u00a0sanitaire\u00a0dans\u00a0le\u00a0d\u00e9partement\u00a0;\n6)\u00a0l'application\u00a0des\u00a0mesures\u00a0en\u00a0mati\u00e8re\u00a0d'identification\u00a0des\u00a0animaux\u00a0;\n7)\u00a0l'application\u00a0des\u00a0mesures\u00a0de\u00a0police\u00a0sanitaire\u00a0sur\u00a0les\u00a0animaux\u00a0ou\u00a0les\u00a0cheptels\u00a0atteints\u00a0ou\ncontamin\u00e9s,\u00a0soup\u00e7onn\u00e9s\u00a0d'\u00eatre\u00a0atteints\u00a0ou\u00a0contamin\u00e9s\u00a0par\u00a0des\u00a0maladies\u00a0r\u00e9glement\u00e9es\u00a0;\n8)\u00a0l'application\u00a0des\u00a0mesures\u00a0de\u00a0prophylaxie\u00a0collective\u00a0des\u00a0maladies\u00a0r\u00e9glement\u00e9es\u00a0;\n9)\u00a0l'application \u00a0 des \u00a0 mesures \u00a0 particuli\u00e8res \u00a0 en \u00a0 mati\u00e8re \u00a0 d'ins\u00e9mination \u00a0 artificielle, \u00a0 de\ntransplantation\u00a0embryonnaire\u00a0et\u00a0monte\u00a0publique\u00a0;\n10)\u00a0l'application\u00a0de\u00a0la\u00a0r\u00e9glementation\u00a0sanitaire\u00a0des\u00a0foires,\u00a0march\u00e9s\u00a0et\u00a0concours\u00a0d'animaux\u00a0;\n11)\u00a0l'agr\u00e9ment\u00a0et\u00a0l'enregistrement\u00a0d'\u00e9tablissements\u00a0et\u00a0interm\u00e9diaires\u00a0dans\u00a0le\u00a0secteur\u00a0des\nsous-produits\u00a0animaux\u00a0;\n12)\u00a0l'attribution\u00a0de\u00a0l'indemnisation\u00a0des\u00a0animaux\u00a0abattus\u00a0sur\u00a0ordre\u00a0de\u00a0l'administration\u00a0;\n13)\u00a0l'application\u00a0des\u00a0mesures\u00a0relatives\u00a0\u00e0\u00a0la\u00a0bios\u00e9curit\u00e9\u00a0en\u00a0\u00e9levage.\nSection Titre III du Livre II :\nTous\u00a0les\u00a0actes\u00a0relevant\u00a0de\u00a0:\n1)\u00a0la \u00a0 d\u00e9claration \u00a0 et \u00a0 l'identification \u00a0 des \u00a0 \u00e9tablissements \u00a0 pr\u00e9parant, \u00a0 traitant, \u00a0 transformant,\nmanipulant,\u00a0entreposant,\u00a0exposant,\u00a0mettant\u00a0en\u00a0vente\u00a0ou\u00a0vendant\u00a0des\u00a0denr\u00e9es\u00a0animales\u00a0ou\u00a0d'origine\nanimale\u00a0;\n2)\u00a0la\u00a0d\u00e9livrance,\u00a0la\u00a0suspension\u00a0ou\u00a0le\u00a0retrait\u00a0d'agr\u00e9ment\u00a0sanitaire\u00a0pour\u00a0la\u00a0mise\u00a0sur\u00a0le\u00a0march\u00e9\u00a0;\n3)\u00a0la\u00a0d\u00e9livrance\u00a0de\u00a0l'autorisation\u00a0pour\u00a0la\u00a0production\u00a0et\u00a0la\u00a0vente\u00a0sur\u00a0le\u00a0march\u00e9\u00a0de\u00a0lait\u00a0cru\u00a0remis\nen\u00a0l'\u00e9tat\u00a0au\u00a0consommateur\u00a0final\u00a0;\n4)\u00a0la\u00a0fermeture\u00a0d'\u00e9tablissement\u00a0ou\u00a0l'arr\u00eat\u00a0de\u00a0certaines\u00a0activit\u00e9s\u00a0;\n5)\u00a0l'agr\u00e9ment\u00a0des\u00a0n\u00e9gociants\u00a0et\u00a0des\u00a0centres\u00a0de\u00a0rassemblement\u00a0;\n6)\u00a0l'agr\u00e9ment \u00a0 et \u00a0 l'enregistrement \u00a0 d'\u00e9tablissements \u00a0 et \u00a0 interm\u00e9diaires \u00a0 dans \u00a0 le \u00a0 secteur \u00a0 de\nl'alimentation\u00a0animale\u00a0;\n7)\u00a0l'application\u00a0des\u00a0mesures\u00a0relatives\u00a0aux\u00a0importations,\u00a0\u00e9changes\u00a0intracommunautaires\u00a0et\nexportations\u00a0de\u00a0produits\u00a0et\u00a0denr\u00e9es\u00a0animales\u00a0ou\u00a0d'origine\u00a0animale\u00a0;\n8)\u00a0l'application\u00a0des\u00a0d\u00e9cisions\u00a0portant\u00a0remboursement\u00a0de\u00a0la\u00a0valeur\u00a0d'\u00e9chantillon\u00a0de\u00a0denr\u00e9e\nanimale\u00a0ou\u00a0d'origine\u00a0animale\u00a0pr\u00e9lev\u00e9e\u00a0en\u00a0vue\u00a0d'examen\u00a0de\u00a0laboratoire\u00a0;\nPage\u00a02\u00a0sur\u00a011\n03_Pr\u00e9f_Pr\u00e9fecture de l'Allier - 03-2025-12-23-00005 - Extrait de l'arr\u00eat\u00e9 n\u00b02928/2025 du 23 d\u00e9cembre 2025 portant d\u00e9l\u00e9gation de\nsignature \u00e0 Monsieur No\u00ebl QUIPOURT, Directeur D\u00e9partemental de l'Emploi, du Travail, des Solidarit\u00e9s et de la Protection des\nPopulations\n13\n9)\u00a0le\u00a0retrait\u00a0ou\u00a0la\u00a0suspension\u00a0de\u00a0la\u00a0reconnaissance\u00a0des\u00a0Centres\u00a0de\u00a0tests\u00a0en\u00a0charge\u00a0du\ncontr\u00f4le\u00a0du\u00a0froid.\nIII. Au titre des codes de commerce et de la consommation :\n1)\u00a0toutes \u00a0 mesures \u00a0 de \u00a0 police \u00a0 et \u00a0 de \u00a0 sanction \u00a0 administratives \u00a0 relevant \u00a0 de \u00a0 l'autorit\u00e9\nadministrative\u00a0comp\u00e9tente\u00a0prises\u00a0en\u00a0application\u00a0du\u00a0Livre\u00a0V\u00a0du\u00a0Code\u00a0de\u00a0la\u00a0Consommation\u00a0dont\nnotamment :\n2)\u00a0l'injonction\u00a0administrative\u00a0pour\u00a0toutes\u00a0mesures\u00a0correctives,\u00a0notamment\u00a0de\u00a0renforcement\ndes\u00a0auto-contr\u00f4les,\u00a0d'actions\u00a0de\u00a0formation\u00a0du\u00a0personnel,\u00a0de\u00a0r\u00e9alisation\u00a0de\u00a0travaux\u00a0ou\u00a0d'op\u00e9rations\u00a0de\nnettoyage\u00a0et,\u00a0en\u00a0cas\u00a0de\u00a0n\u00e9cessit\u00e9,\u00a0fermeture\u00a0de\u00a0tout\u00a0ou\u00a0partie\u00a0d'\u00e9tablissement\u00a0ou\u00a0arr\u00eat\u00a0d'une\u00a0ou\u00a0de\nplusieurs \u00a0 de \u00a0 ses \u00a0 activit\u00e9s \u00a0 lorsque, \u00a0 du \u00a0 fait \u00a0 d'un \u00a0 manquement \u00a0 \u00e0 \u00a0 la \u00a0 r\u00e9glementation \u00a0 prise \u00a0 pour\nl'application\u00a0des\u00a0dispositions\u00a0du\u00a0livre\u00a0IV\u00a0(conformit\u00e9\u00a0et\u00a0s\u00e9curit\u00e9\u00a0des\u00a0produits\u00a0et\u00a0des\u00a0services)\u00a0du\u00a0code\nde \u00a0 la \u00a0 consommation \u00a0 ou \u00a0 d'un \u00a0 r\u00e8glement \u00a0 de \u00a0 la \u00a0 Communaut\u00e9 \u00a0 europ\u00e9enne, \u00a0 ses \u00a0 conditions \u00a0 de\nfonctionnement\u00a0sont\u00a0telles\u00a0que\u00a0les\u00a0produits\u00a0fabriqu\u00e9s,\u00a0d\u00e9tenus\u00a0ou\u00a0mis\u00a0sur\u00a0le\u00a0march\u00e9\u00a0pr\u00e9sentent\u00a0ou\nsont\u00a0susceptibles\u00a0de\u00a0pr\u00e9senter\u00a0un\u00a0danger\u00a0pour\u00a0la\u00a0sant\u00e9\u00a0publique\u00a0ou\u00a0la\u00a0s\u00e9curit\u00e9\u00a0des\u00a0consommateurs\u00a0;\n3)\u00a0la\u00a0suspension\u00a0de\u00a0la\u00a0mise\u00a0sur\u00a0le\u00a0march\u00e9,\u00a0retrait,\u00a0rappel\u00a0ou\u00a0destruction\u00a0de\u00a0lots\u00a0de\u00a0produits\npr\u00e9sentant\u00a0ou\u00a0susceptible\u00a0de\u00a0pr\u00e9senter,\u00a0compte\u00a0tenu\u00a0de\u00a0leurs\u00a0conditions\u00a0communes\u00a0de\u00a0production\nou\u00a0de\u00a0commercialisation,\u00a0un\u00a0danger\u00a0pour\u00a0la\u00a0sant\u00e9\u00a0publique\u00a0ou\u00a0la\u00a0s\u00e9curit\u00e9\u00a0des\u00a0consommateurs\u00a0;\n4)\u00a0l'injonction\u00a0administrative\u00a0de\u00a0mise\u00a0en\u00a0conformit\u00e9\u00a0d'un\u00a0lot\u00a0non\u00a0conforme\u00a0\u00e0\u00a0la\u00a0r\u00e9glementation\nen \u00a0 vigueur \u00a0 ou, \u00a0 si \u00a0 la \u00a0 mise \u00a0 en \u00a0 conformit\u00e9 \u00a0 n'est \u00a0 pas \u00a0 possible, \u00a0 d'utilisation \u00a0 \u00e0 \u00a0 d'autres \u00a0 fins, \u00a0 de\nr\u00e9exp\u00e9dition\u00a0vers\u00a0le\u00a0pays\u00a0d'origine\u00a0ou\u00a0de\u00a0destruction\u00a0des\u00a0marchandises\u00a0;\n5)\u00a0l'injonction \u00a0 administrative \u00a0 de \u00a0 mise \u00a0 en \u00a0 conformit\u00e9 \u00a0 d'une \u00a0 prestation \u00a0 de \u00a0 services \u00a0 non\nconforme\u00a0\u00e0\u00a0la\u00a0r\u00e9glementation\u00a0en\u00a0vigueur\u00a0et,\u00a0en\u00a0cas\u00a0de\u00a0danger\u00a0grave\u00a0ou\u00a0imm\u00e9diat,\u00a0suspension\u00a0de\u00a0la\nprestation\u00a0de\u00a0services\u00a0;\n6)\u00a0l'injonction\u00a0administrative\u00a0de\u00a0faire\u00a0proc\u00e9der\u00a0\u00e0\u00a0des\u00a0contr\u00f4les\u00a0par\u00a0un\u00a0organisme\u00a0pr\u00e9sentant\ndes\u00a0garanties\u00a0d'ind\u00e9pendance,\u00a0de\u00a0comp\u00e9tence\u00a0et\u00a0d'impartialit\u00e9\u00a0lorsque\u00a0le\u00a0responsable\u00a0de\u00a0la\u00a0mise\u00a0sur\nle \u00a0 march\u00e9 \u00a0 national \u00a0 n'est \u00a0 pas \u00a0 en \u00a0 mesure \u00a0 de \u00a0 justifier \u00a0 des \u00a0 v\u00e9rifications \u00a0 et \u00a0 contr\u00f4les \u00a0 effectu\u00e9s,\nconform\u00e9ment\u00a0\u00e0\u00a0l'obligation\u00a0g\u00e9n\u00e9rale\u00a0de\u00a0s\u00e9curit\u00e9\u00a0qu'il\u00a0existe\u00a0des\u00a0\u00e9l\u00e9ments\u00a0de\u00a0nature\u00a0\u00e0\u00a0mettre\u00a0en\ndoute\u00a0la\u00a0conformit\u00e9\u00a0du\u00a0produit\u00a0aux\u00a0prescriptions\u00a0en\u00a0vigueur\u00a0relatives\u00a0\u00e0\u00a0la\u00a0s\u00e9curit\u00e9\u00a0et\u00a0\u00e0\u00a0la\u00a0sant\u00e9\u00a0des\npersonnes\u00a0et,\u00a0\u00e0\u00a0d\u00e9faut,\u00a0r\u00e9alisation\u00a0d'office\u00a0du\u00a0contr\u00f4le\u00a0prescrit,\u00a0en\u00a0lieu\u00a0et\u00a0place\u00a0du\u00a0responsable\u00a0de\u00a0la\nmise\u00a0sur\u00a0le\u00a0march\u00e9\u00a0et\u00a0\u00e0\u00a0ses\u00a0frais\u00a0;\n7)\u00a0l'application\u00a0des\u00a0d\u00e9cisions\u00a0portant\u00a0remboursement\u00a0de\u00a0la\u00a0valeur\u00a0d'\u00e9chantillon\u00a0de\u00a0denr\u00e9e\nanimale\u00a0ou\u00a0d'origine\u00a0animale\u00a0pr\u00e9lev\u00e9e\u00a0en\u00a0vue\u00a0d'examen\u00a0de\u00a0laboratoire\u00a0;\n8)\u00a0l'attribution\u00a0du\u00a0titre\u00a0de\u00a0ma\u00eetre\u00a0restaurateur\u00a0;\n9)\u00a0la\u00a0sanction\u00a0administrative\u00a0permettant,\u00a0en\u00a0cas\u00a0de\u00a0pr\u00e9l\u00e8vement\u00a0non\u00a0conforme,\u00a0de\u00a0facturer\u00a0le\nco\u00fbt\u00a0d'analyse\u00a0au\u00a0responsable\u00a0de\u00a0la\u00a0non-conformit\u00e9.\nIV. Au titre du code de la sant\u00e9 publique :\nLes\u00a0actes\u00a0relevant\u00a0de\u00a0:\n1)\u00a0le\u00a0 contr\u00f4le \u00a0 de\u00a0 l'\u00e9tiquetage\u00a0 des\u00a0 produits \u00a0 cosm\u00e9tiques\u00a0 et \u00a0 des\u00a0 d\u00e9rogations \u00a0 portant\u00a0 sur\nl'inscription\u00a0des\u00a0ingr\u00e9dients\u00a0;\n2)\u00a0le\u00a0suivi\u00a0des\u00a0d\u00e9cisions\u00a0particuli\u00e8res\u00a0relatives\u00a0\u00e0\u00a0la\u00a0fabrication\u00a0des\u00a0aliments\u00a0m\u00e9dicamenteux\u00a0;\n3)\u00a0l'agr\u00e9ment\u00a0des\u00a0programmes\u00a0sanitaires\u00a0d'\u00e9levage\u00a0des\u00a0groupements\u00a0d'\u00e9leveurs,\u00a0au\u00a0titre\u00a0de\nla\u00a0pharmacie\u00a0v\u00e9t\u00e9rinaire.\nV. Au titre du code de l'environnement :\n1)\u00a0l'application\u00a0des\u00a0mesures\u00a0particuli\u00e8res\u00a0aff\u00e9rentes\u00a0aux\u00a0animaux\u00a0d'esp\u00e8ces\u00a0non\u00a0domestiques\net\u00a0\u00e0\u00a0leurs\u00a0produits\u00a0applicables\u00a0en\u00a0mati\u00e8re\u00a0de\u00a0protection\u00a0de\u00a0la\u00a0nature\u00a0;\n2)\u00a0le\u00a0suivi\u00a0des\u00a0autorisations\u00a0de\u00a0d\u00e9tention\u00a0en\u00a0vue\u00a0de\u00a0la\u00a0vente,\u00a0transport\u00a0en\u00a0vue\u00a0de\u00a0la\u00a0vente,\nmise\u00a0en\u00a0vente,\u00a0vente,\u00a0achat,\u00a0utilisation\u00a0pour\u00a0des\u00a0raisons\u00a0commerciales\u00a0des\u00a0sp\u00e9cimens\u00a0figurant\u00a0\u00e0\nl'annexe\u00a0II\u00a0de\u00a0la\u00a0convention\u00a0de\u00a0Washington,\u00a0non\u00a0interdites\u00a0dans\u00a0l'annexe\u00a0C\u00a0du\u00a0r\u00e8glement\u00a0CE\nn\u00b0\u00a0338/97\u00a0du\u00a09\u00a0d\u00e9cembre\u00a01996.\nDans\u00a0le\u00a0domaine\u00a0des\u00a0installations\u00a0class\u00e9es\u00a0pour\u00a0la\u00a0protection\u00a0de\u00a0l'environnement\u00a0:\n3)\u00a0la\u00a0v\u00e9rification\u00a0de\u00a0la\u00a0compl\u00e9tude\u00a0des\u00a0dossiers\u00a0de\u00a0demande\u00a0Autorisation\u00a0ou\u00a0Enregistrement\net\u00a0dossiers\u00a0D\u00e9claration\u00a0;\nPage\u00a03\u00a0sur\u00a011\n03_Pr\u00e9f_Pr\u00e9fecture de l'Allier - 03-2025-12-23-00005 - Extrait de l'arr\u00eat\u00e9 n\u00b02928/2025 du 23 d\u00e9cembre 2025 portant d\u00e9l\u00e9gation de\nsignature \u00e0 Monsieur No\u00ebl QUIPOURT, Directeur D\u00e9partemental de l'Emploi, du Travail, des Solidarit\u00e9s et de la Protection des\nPopulations\n14\n4)\u00a0la\u00a0demande\u00a0de\u00a0pi\u00e8ces\u00a0compl\u00e9mentaires\u00a0en\u00a0cas\u00a0de\u00a0dossiers\u00a0incomplets.\nDans\u00a0le\u00a0domaine\u00a0de\u00a0la\u00a0faune\u00a0sauvage\u00a0captive\u00a0:\n5)\u00a0l'autorisation\u00a0d'ouverture\u00a0des\u00a0\u00e9tablissements\u00a0y\u00a0compris\u00a0ceux\u00a0ouverts\u00a0au\u00a0public\u00a0;\n6)\u00a0l'attribution\u00a0des\u00a0certificats\u00a0de\u00a0capacit\u00e9.\nVI. Au titre du code de la construction et de l'habitation :\n1)\u00a0la \u00a0 co-pr\u00e9sidence \u00a0 de \u00a0 la \u00a0 commission \u00a0 de \u00a0 coordination \u00a0 des \u00a0 actions \u00a0 de \u00a0 pr\u00e9vention \u00a0 des\nexpulsions\u00a0locatives.\n2)\u00a0Pour\u00a0les\u00a03\u00a0arrondissements\u00a0du\u00a0d\u00e9partement\u00a0:\n-\u00a0les\u00a0d\u00e9cisions\u00a0de\u00a0perte\u00a0du\u00a0droit\u00a0d'acc\u00e8s\u00a0au\u00a0logement\u00a0(DALO)\u00a0;\u00a0\n-\u00a0les\u00a0propositions\u00a0d'utilisation\u00a0du\u00a0contingent\u00a0r\u00e9serv\u00e9\u00a0pr\u00e9fectoral\u00a0;\n-\u00a0l'instruction\u00a0des\u00a0demandes\u00a0de\u00a0concours\u00a0de\u00a0la\u00a0force\u00a0publique\u00a0et\u00a0des\u00a0demandes\u00a0d'indemnisation\nli\u00e9es\u00a0au\u00a0refus\u00a0de\u00a0concours\u00a0de\u00a0la\u00a0force\u00a0publique\u00a0;\n-\u00a0l'application\u00a0des\u00a0mesures\u00a0de\u00a0pr\u00e9vention\u00a0des\u00a0expulsions\u00a0locatives.\nA\u00a0l'exception\u00a0:\n-\u00a0des\u00a0d\u00e9cisions\u00a0du\u00a0concours\u00a0de\u00a0la\u00a0force\u00a0publique\u00a0;\n-\u00a0des\u00a0actes\u00a0d'indemnisation\u00a0li\u00e9s\u00a0au\u00a0refus\u00a0de\u00a0concours\u00a0de\u00a0la\u00a0force\u00a0publique.\nVII. Au titre du code de l'action sociale et des familles :\n1)\u00a0l'\u00e9tablissement\u00a0de\u00a0tous\u00a0les\u00a0actes\u00a0d'administration\u00a0des\u00a0deniers\u00a0pupillaires\u00a0(placements\u00a0ou\nretraits\u00a0de\u00a0fonds,\u00a0reddition\u00a0des\u00a0comptes\u00a0de\u00a0tutelle,\u00a0titres\u00a0de\u00a0perception\u00a0et\u00a0de\u00a0recettes,\u00a0visa\u00a0pour\u00a0les\nrendre\u00a0ex\u00e9cutoires)\u00a0;\n2)\u00a0l'exercice\u00a0de\u00a0la\u00a0tutelle\u00a0des\u00a0pupilles\u00a0de\u00a0l'\u00c9tat\u00a0:\u00a0repr\u00e9sentation\u00a0l\u00e9gale\u00a0du\u00a0mineur\u00a0dans\u00a0tous\u00a0les\nactes\u00a0de\u00a0la\u00a0vie\u00a0civile\u00a0et\u00a0d\u00e9livrance\u00a0des\u00a0autorisations,\u00a0notamment\u00a0l'autorisation\u00a0d'hospitaliser\u00a0ou\nd'op\u00e9rer\u00a0les\u00a0pupilles\u00a0de\u00a0l'\u00c9tat\u00a0;\n3)\u00a0le\u00a0placement\u00a0des\u00a0pupilles\u00a0de\u00a0l'\u00c9tat\u00a0en\u00a0vue\u00a0de\u00a0leur\u00a0adoption\u00a0;\n4)\u00a0le\u00a0secr\u00e9tariat\u00a0et\u00a0l'\u00e9tablissement\u00a0des\u00a0proc\u00e8s-verbaux\u00a0du\u00a0conseil\u00a0de\u00a0famille\u00a0;\n5)\u00a0le\u00a0recours\u00a0devant\u00a0les\u00a0juridictions\u00a0d'aide\u00a0sociale\u00a0;\n6)\u00a0la\u00a0d\u00e9signation\u00a0par\u00a0arr\u00eat\u00e9\u00a0pr\u00e9fectoral\u00a0 des\u00a0mandataires\u00a0judiciaires\u00a0\u00e0\u00a0la\u00a0protection\u00a0 des\nmajeurs\u00a0;\n7)\u00a0la\u00a0d\u00e9livrance\u00a0de\u00a0l'agr\u00e9ment\u00a0des\u00a0personnes\u00a0physiques\u00a0exer\u00e7ant\u00a0\u00e0\u00a0titre\u00a0individuel\u00a0et\u00a0habituel\nles\u00a0mesures\u00a0de\u00a0protection\u00a0des\u00a0majeurs\u00a0;\n8)\u00a0le\u00a0contr\u00f4le\u00a0de\u00a0l'activit\u00e9\u00a0des\u00a0\u00e9tablissements\u00a0et\u00a0services\u00a0sociaux\u00a0et\u00a0m\u00e9dico-sociaux\u00a0et\u00a0des\nlieux\u00a0de\u00a0vie\u00a0et\u00a0d'accueil\u00a0mentionn\u00e9s\u00a0\u00e0\u00a0l'article\u00a0L.\u00a0312-1\u00a0et\u00a0la\u00a0mise\u00a0en\u00a0\u0153uvres\u00a0des\u00a0suites\u00a0qui\u00a0en\nd\u00e9coulent,\u00a0hors\u00a0suspensions\u00a0d'activit\u00e9s\u00a0et\u00a0fermetures\u00a0;\n9)\u00a0le\u00a0contr\u00f4le\u00a0des\u00a0mandataires\u00a0judiciaires\u00a0\u00e0\u00a0la\u00a0protection\u00a0des\u00a0majeurs\u00a0mentionn\u00e9s\u00a0\u00e0\u00a0l'article\nL.471-2\u00a0et\u00a0la\u00a0mise\u00a0en\u00a0\u0153uvres\u00a0des\u00a0suites\u00a0qui\u00a0en\u00a0d\u00e9coulent\u00a0;\n10)\u00a0l'agr\u00e9ment,\u00a0le\u00a0contr\u00f4le,\u00a0et\u00a0les\u00a0suites\u00a0qui\u00a0en\u00a0d\u00e9coulent,\u00a0des\u00a0d\u00e9l\u00e9gu\u00e9s\u00a0aux\u00a0prestations\nfamiliales\u00a0mentionn\u00e9s\u00a0aux\u00a0articles\u00a0L.474-1\u00a0et\u00a0suivants\u00a0;\n11)\u00a0la \u00a0 d\u00e9signation \u00a0 des \u00a0 membres \u00a0 du \u00a0 conseil \u00a0 d\u00e9partemental \u00a0 consultatif \u00a0 des \u00a0 personnes\nhandicap\u00e9es\u00a0;\n12)\u00a0la\u00a0d\u00e9signation\u00a0des\u00a0membres\u00a0de\u00a0la\u00a0commission\u00a0permanente\u00a0de\u00a0l'\u00c9tat\u00a0au\u00a0sein\u00a0de\u00a0la\nCDAPH\u00a0;\n13)\u00a0la\u00a0d\u00e9livrance\u00a0des\u00a0cartes\u00a0mobilit\u00e9-inclusion\u00a0pour\u00a0les\u00a0organismes\u00a0s'occupant\u00a0de\u00a0personnes\nhandicap\u00e9es\u00a0;\n14)\u00a0la\u00a0 prestation \u00a0 de\u00a0 compensation\u00a0 du\u00a0 handicap\u00a0 en\u00a0 faveur \u00a0 des\u00a0 personnes\u00a0 handicap\u00e9es\nreconnues\u00a0sans\u00a0domicile\u00a0fixe\u00a0par\u00a0les\u00a0commissions\u00a0d'admission\u00a0\u00e0\u00a0l'aide\u00a0sociale\u00a0;\n15)\u00a0l'autorisation\u00a0de\u00a0perception\u00a0des\u00a0revenus\u00a0des\u00a0personnes\u00a0accueillies\u00a0de\u00a0fa\u00e7on\u00a0permanente\nou\u00a0temporaire,\u00a0au\u00a0titre\u00a0de\u00a0l'aide\u00a0sociale\u00a0d'\u00c9tat,\u00a0dans\u00a0un\u00a0\u00e9tablissement\u00a0social\u00a0ou\u00a0m\u00e9dico-social\nrelevant\u00a0de\u00a0l'aide\u00a0sociale\u00a0aux\u00a0personnes\u00a0\u00e2g\u00e9es\u00a0;\n16)\u00a0l'attribution\u00a0de\u00a0l'allocation\u00a0simple\u00a0du\u00a0fonds\u00a0national\u00a0de\u00a0solidarit\u00e9\u00a0aux\u00a0b\u00e9n\u00e9ficiaires\u00a0de\ncertains\u00a0r\u00e9gimes\u00a0sp\u00e9ciaux\u00a0;\n17)\u00a0la\u00a0prolongation\u00a0de\u00a0s\u00e9jour\u00a0dans\u00a0un\u00a0\u00e9tablissement\u00a0de\u00a0soins\u00a0pris\u00a0en\u00a0charge\u00a0au\u00a0compte\u00a0de\nl'\u00c9tat\u00a0;\nPage\u00a04\u00a0sur\u00a011\n03_Pr\u00e9f_Pr\u00e9fecture de l'Allier - 03-2025-12-23-00005 - Extrait de l'arr\u00eat\u00e9 n\u00b02928/2025 du 23 d\u00e9cembre 2025 portant d\u00e9l\u00e9gation de\nsignature \u00e0 Monsieur No\u00ebl QUIPOURT, Directeur D\u00e9partemental de l'Emploi, du Travail, des Solidarit\u00e9s et de la Protection des\nPopulations\n15\n18)\u00a0toute\u00a0d\u00e9cision\u00a0relative\u00a0aux\u00a0aides\u00a0financi\u00e8res\u00a0individuelles\u00a0attribu\u00e9es\u00a0par\u00a0l'\u00c9tat\u00a0au\u00a0titre\u00a0de\nla\u00a0lutte\u00a0contre\u00a0les\u00a0exclusions\u00a0;\n19)\u00a0l'agr\u00e9ment\u00a0des\u00a0organismes\u00a0proc\u00e9dant\u00a0\u00e0\u00a0l'\u00e9lection\u00a0de\u00a0domicile\u00a0des\u00a0personnes\u00a0sans\u00a0abris\u00a0;\n20)\u00a0l'instruction\u00a0des\u00a0demandes\u00a0d'autorisation\u00a0et\u00a0de\u00a0renouvellement\u00a0d'autorisation\u00a0relatif\u00a0aux\nmodalit\u00e9s\u00a0d'autorisation\u00a0de\u00a0cr\u00e9ation,\u00a0de\u00a0transformation\u00a0ou\u00a0d'extension\u00a0d'\u00e9tablissements\u00a0et\u00a0services\nsociaux,\u00a0et\u00a0correspondances\u00a0tendant\u00a0\u00e0\u00a0rendre\u00a0complet\u00a0le\u00a0dossier\u00a0accompagnant\u00a0lesdites\u00a0demandes\nd'autorisation\u00a0ou\u00a0de\u00a0renouvellement\u00a0d'autorisation\u00a0;\n21)\u00a0les\u00a0actes\u00a0d'instruction\u00a0de\u00a0la\u00a0tarification\u00a0li\u00e9s\u00a0\u00e0\u00a0la\u00a0proc\u00e9dure\u00a0budg\u00e9taire\u00a0des\u00a0CHRS\u00a0et\u00a0des\nCADA\u00a0;\n22)\u00a0l'approbation\u00a0des\u00a0programmes\u00a0d'investissements\u00a0et\u00a0de\u00a0leurs\u00a0plans\u00a0de\u00a0financement\u00a0;\n23)\u00a0l'octroi\u00a0et\u00a0l'abrogation\u00a0de\u00a0l'autorisation\u00a0des\u00a0frais\u00a0de\u00a0si\u00e8ge\u00a0aux\u00a0organismes\u00a0gestionnaires\ndes\u00a0\u00e9tablissements\u00a0et\u00a0services\u00a0sociaux\u00a0;\n24)\u00a0l'instruction\u00a0des\u00a0demandes\u00a0de\u00a0subvention\u00a0des\u00a0dispositifs\u00a0relevant\u00a0dudit\u00a0code\u00a0;\n25)\u00a0les\u00a0correspondances\u00a0et\u00a0proc\u00e8s-verbaux\u00a0relatifs\u00a0aux\u00a0modalit\u00e9s\u00a0de\u00a0mise\u00a0en\u00a0\u0153uvre\u00a0de\u00a0la\nvisite\u00a0de\u00a0conformit\u00e9\u00a0;\n26)\u00a0la\u00a0gestion\u00a0administrative\u00a0des\u00a0dossiers\u00a0de\u00a0demande\u00a0d'agr\u00e9ment\u00a0des\u00a0associations\u00a0en\ncharge\u00a0de\u00a0la\u00a0mise\u00a0en\u00a0\u0153uvre\u00a0du\u00a0parcours\u00a0de\u00a0sortie\u00a0de\u00a0la\u00a0prostitution\u00a0cr\u00e9\u00e9\u00a0par\u00a0la\u00a0loi\u00a0n\u00b0\u00a02016-444\u00a0du\n13\u00a0avril\u00a02016\u00a0:\u00a0accus\u00e9\u00a0de\u00a0r\u00e9ception\u00a0des\u00a0dossiers,\u00a0publication\u00a0des\u00a0demandes\u00a0d'agr\u00e9ment\u00a0au\u00a0recueil\ndes \u00a0 actes \u00a0 administratifs, \u00a0 correspondance \u00a0 relative \u00a0 aux \u00a0 dossiers. \u00a0 Sont \u00a0 exclues \u00a0 de \u00a0 la \u00a0 pr\u00e9sente\nd\u00e9l\u00e9gation\u00a0de\u00a0signature\u00a0les\u00a0d\u00e9cisions\u00a0portant\u00a0agr\u00e9ment,\u00a0refus\u00a0d'agr\u00e9ment\u00a0ou\u00a0retrait\u00a0d'agr\u00e9ment,\u00a0ainsi\nque\u00a0la\u00a0correspondance\u00a0relative\u00a0\u00e0\u00a0ces\u00a0d\u00e9cisions\u00a0;\n27)\u00a0l'organisation\u00a0de\u00a0la\u00a0s\u00e9lection\u00a0et\u00a0la\u00a0d\u00e9signation\u00a0des\u00a0personnes\u00a0qualifi\u00e9es\u00a0mentionn\u00e9es\u00a0au\nL.311-5\u00a0du\u00a0CASF.\nVIII. Au titre du code du tourisme :\n1)\u00a0le\u00a0contr\u00f4le\u00a0des\u00a0vacances\u00a0adapt\u00e9es\u00a0organis\u00e9es\u00a0et\u00a0la\u00a0mise\u00a0en\u00a0\u0153uvre\u00a0des\u00a0suites\u00a0qui\u00a0en\nd\u00e9coulent,\u00a0hors\u00a0suspensions\u00a0d'activit\u00e9s\u00a0et\u00a0fermetures.\nIX. Au titre du code de la s\u00e9curit\u00e9 sociale :\n1)\u00a0l'instruction\u00a0de\u00a0demandes\u00a0de\u00a0subvention\u00a0portant\u00a0sur\u00a0le\u00a0financement\u00a0de\u00a0l'accompagnement\nsocial\u00a0de\u00a0personnes\u00a0en\u00a0situation\u00a0de\u00a0pr\u00e9carit\u00e9\u00a0mentionn\u00e9\u00a0au\u00a0I\u00a0de\u00a0l'article\u00a0L.851-1\u00a0;\n2)\u00a0l'instruction\u00a0et\u00a0la\u00a0validation\u00a0des\u00a0financements\u00a0pour\u00a0les\u00a0aires\u00a0d'accueil\u00a0des\u00a0gens\u00a0du\u00a0voyage\nmentionn\u00e9es\u00a0au\u00a0II\u00a0de\u00a0l'article\u00a0L.851-1\u00a0;\n3)\u00a0la\u00a0participation\u00a0\u00e0\u00a0l'\u00e9laboration,\u00a0la\u00a0r\u00e9vision\u00a0et\u00a0le\u00a0suivi\u00a0d'un\u00a0sch\u00e9ma\u00a0d\u00e9partemental\u00a0d'accueil\net\u00a0d'habitat\u00a0des\u00a0gens\u00a0du\u00a0voyage\u00a0;\nX. Au titre du code du travail :\nN\u00b0\nDE COTE\nNATURE DU POUVOIR R\u00c9F\u00c9RENCES\nA \u2013 SALAIRES\nA-1\n\u00c9tablissement \u00a0 du \u00a0 tableau \u00a0 des \u00a0 temps \u00a0 n\u00e9cessaires \u00a0 \u00e0\nl'ex\u00e9cution\u00a0:\n\uf0acdes\u00a0travaux\u00a0des\u00a0travailleurs\u00a0\u00e0\u00a0domicile\n\uf0acde\u00a0certains\u00a0travaux\u00a0\u00e0\u00a0domicile\u00a0pour\u00a0les\u00a0travailleurs\u00a0\u00e0\ndomicile\nArt.\u00a0L.7422-2\u00a0et\u00a0L.7422-3\nA-2 Fixation\u00a0du\u00a0salaire\u00a0horaire\u00a0minimum\u00a0et\u00a0des\u00a0frais\u00a0d'atelier\nou\u00a0accessoires\u00a0des\u00a0travailleurs\u00a0\u00e0\u00a0domicile.\nArt.\u00a0L.7422-6,\u00a0L.7422-7\net\u00a0L.7422-11\nPage\u00a05\u00a0sur\u00a011\n03_Pr\u00e9f_Pr\u00e9fecture de l'Allier - 03-2025-12-23-00005 - Extrait de l'arr\u00eat\u00e9 n\u00b02928/2025 du 23 d\u00e9cembre 2025 portant d\u00e9l\u00e9gation de\nsignature \u00e0 Monsieur No\u00ebl QUIPOURT, Directeur D\u00e9partemental de l'Emploi, du Travail, des Solidarit\u00e9s et de la Protection des\nPopulations\n16\nA-3\nFixation\u00a0de\u00a0la\u00a0valeur\u00a0des\u00a0avantages\u00a0et\u00a0prestations\u00a0en\nnature\u00a0entrant\u00a0dans\u00a0le\u00a0calcul\u00a0de\u00a0l'indemnit\u00e9\u00a0de\u00a0cong\u00e9s\npay\u00e9s.\nArt.\u00a0L.3141-25\nA-4\nD\u00e9cisions\u00a0en\u00a0mati\u00e8re\u00a0de\u00a0remboursement\u00a0de\u00a0frais\u00a0de\nd\u00e9placements\u00a0(r\u00e9els\u00a0ou\u00a0forfaitaires),\u00a0expos\u00e9s\u00a0par\u00a0les\nconseillers\u00a0du\u00a0salari\u00e9\nArt.\u00a0D.1232-7\u00a0et\u00a0D.1232-8\nA-5\nD\u00e9cisions \u00a0 en \u00a0 mati\u00e8re \u00a0 de \u00a0 remboursement \u00a0 aux\nemployeurs\u00a0des\u00a0salaires\u00a0maintenus\u00a0aux\u00a0conseillers\u00a0du\nsalari\u00e9\u00a0pour\u00a0l'exercice\u00a0de\u00a0leur\u00a0mission\nArt.\u00a0L.1232-11\nB - REPOS HEBDOMADAIRE\nB-1 D\u00e9rogations\u00a0au\u00a0repos\u00a0dominical Art.\u00a0L.3132-20\u00a0et\u00a0L.3132-23\nB-2 D\u00e9cision \u00a0 de \u00a0 fermeture \u00a0 hebdomadaire \u00a0 au \u00a0 public \u00a0 des\n\u00e9tablissements\u00a0d'une\u00a0profession\u00a0ou\u00a0(et)\u00a0de\u00a0la\u00a0r\u00e9gion Art\u00a0L.3132-29\nB-3\nChangement\u00a0du\u00a0jour\u00a0de\u00a0fermeture\u00a0hebdomadaire\u00a0dans\nle\u00a0secteur\u00a0de\u00a0la\u00a0vente,\u00a0la\u00a0distribution\u00a0ou\u00a0la\u00a0livraison\u00a0du\npain.\nArt.3132-29\u00a0b\nC - H\u00c9BERGEMENT DU PERSONNEL\nC-1 D\u00e9livrance\u00a0de\u00a0l'accus\u00e9\u00a0de\u00a0r\u00e9ception\u00a0de\u00a0la\u00a0d\u00e9claration\nd'un\u00a0employeur\u00a0d'affectation\u00a0d'un\u00a0local\u00a0\u00e0\u00a0l'h\u00e9bergement\nArt.\u00a01\u00a0loi\u00a073-548\ndu\u00a027/06/1973\nD - N\u00c9GOCIATION COLLECTIVE\nD-1\nFondement\u00a0de\u00a0la\u00a0qualification\u00a0et\u00a0d\u00e9cision\u00a0d'opposition\u00a0\u00e0\nla\u00a0qualification\u00a0des\u00a0cat\u00e9gories\u00a0d'emplois\u00a0menac\u00e9s\u00a0dans\nle\u00a0cadre\u00a0de\u00a0la\u00a0n\u00e9gociation\u00a0triennale\nArt.\u00a0L.2242-21\nE - CONFLITS COLLECTIFS\nE-1 Engagement \u00a0 des \u00a0 proc\u00e9dures \u00a0 de \u00a0 conciliation \u00a0 ou \u00a0 de\nm\u00e9diation\u00a0au\u00a0niveau\u00a0d\u00e9partemental\nArt.\u00a0L.2523-2\nArt.\u00a0R.2522-14\nArt.\u00a0R.2523-9\nF - AGENCES DE MANNEQUINS\nF-1\nSanctions \u00a0 en \u00a0 cas \u00a0 de \u00a0 non-respect \u00a0 de \u00a0 l'obligation\nd'information\u00a0pr\u00e9vue\u00a0par\u00a0l'article\u00a0R\u00a07123-15\u00a0du\u00a0code\u00a0du\ntravail\nArt.\u00a0R.7123-17-1\nG - EMPLOI DES ENFANTS ET JEUNES DE MOINS\nDE 18 ANS\nG-1\nD\u00e9livrance, \u00a0 retrait \u00a0 des \u00a0 autorisations \u00a0 individuelles\nd'emploi \u00a0 des \u00a0 enfants \u00a0 dans \u00a0 les \u00a0 spectacles, \u00a0 les\nprofessions\u00a0ambulantes\u00a0et\u00a0comme\u00a0mannequins\u00a0dans\u00a0la\npublicit\u00e9\u00a0et\u00a0la\u00a0mode.\nArt.\u00a0L.7124-1\u00a0et\u00a03,\nArt.\u00a0R\u00a07124-1\nPage\u00a06\u00a0sur\u00a011\n03_Pr\u00e9f_Pr\u00e9fecture de l'Allier - 03-2025-12-23-00005 - Extrait de l'arr\u00eat\u00e9 n\u00b02928/2025 du 23 d\u00e9cembre 2025 portant d\u00e9l\u00e9gation de\nsignature \u00e0 Monsieur No\u00ebl QUIPOURT, Directeur D\u00e9partemental de l'Emploi, du Travail, des Solidarit\u00e9s et de la Protection des\nPopulations\n17\nG-2\nD\u00e9livrance, \u00a0 renouvellement, \u00a0 suspension, \u00a0 retrait \u00a0 de\nl'agr\u00e9ment\u00a0de\u00a0l'agence\u00a0de\u00a0mannequins\u00a0lui\u00a0permettant\nd'engager\u00a0des\u00a0enfants.\nArt.\u00a0L.7124-5\u00a0et\u00a0R.7124-8\u00a0et\nsuivants\nG-3\nFixation\u00a0de\u00a0la\u00a0r\u00e9partition\u00a0de\u00a0la\u00a0r\u00e9mun\u00e9ration\u00a0per\u00e7ue\u00a0par\nl'enfant\u00a0entre\u00a0ses\u00a0repr\u00e9sentants\u00a0l\u00e9gaux\u00a0et\u00a0le\u00a0p\u00e9cule\u00a0;\nautorisation\u00a0de\u00a0pr\u00e9l\u00e8vement\nArt.\u00a0L.7124-9\nG-4\nD\u00e9livrance, \u00a0 renouvellement, \u00a0 suspension, \u00a0 retrait \u00a0 de\nl'agr\u00e9ment\u00a0des\u00a0caf\u00e9s\u00a0et\u00a0brasseries\u00a0pour\u00a0employer\u00a0ou\nrecevoir\u00a0en\u00a0stage\u00a0des\u00a0jeunes\u00a0de\u00a016\u00a0\u00e0\u00a018\u00a0ans\u00a0suivant\u00a0une\nformation\u00a0en\u00a0alternance.\nArt.\u00a0L.4153-6\nArt.\u00a0R.4153-8\u00a0et\u00a0R.4153-12\nH - APPRENTISSAGE ET ALTERNANCE\nH-1 D\u00e9cision\u00a0d'opposition\u00a0\u00e0\u00a0l'engagement\u00a0d'apprentis\u00a0et\u00a0\u00e0\u00a0la\npoursuite\u00a0des\u00a0contrats\u00a0en\u00a0cours.\nArt. \u00a0 L.6223-1 \u00a0 et \u00a0 L.6225-1 \u00a0 \u00e0\nL.6225-3\nArt.\u00a0R.6223-16\u00a0et\nArt.\u00a0R.6225-4\u00a0\u00e0\u00a0R.\u00a06225\nI - PLACEMENT PRIV\u00c9\nI-1 Contr\u00f4le\u00a0de\u00a0l'activit\u00e9\u00a0de\u00a0placement Art.\u00a0R.5323-1\u00a0et\u00a0R.\u00a05324-1\nJ - PR\u00c9VENTION DES RISQUES LI\u00c9S A CERTAINES\nACTIVIT\u00c9S OU OP\u00c9RATIONS\nJ-1\nComit\u00e9 \u00a0 inter \u00a0 entreprise \u00a0 de \u00a0 sant\u00e9 \u00a0 et \u00a0 de \u00a0 s\u00e9curit\u00e9 \u00a0 au\ntravail\u00a0:\nToutes\u00a0d\u00e9cisions\u00a0relatives\u00a0\u00e0\u00a0la\u00a0mise\u00a0en\u00a0place\u00a0et\u00a0\u00e0\u00a0la\nd\u00e9signation\u00a0des\u00a0membres\u00a0d'un\u00a0comit\u00e9\u00a0inter\u00a0entreprise\nde \u00a0 sant\u00e9 \u00a0 et \u00a0 de \u00a0 s\u00e9curit\u00e9 \u00a0 au \u00a0 travail, \u00a0 \u00e0 \u00a0 l'invitation \u00a0 de\npr\u00e9sidents \u00a0 et \u00a0 secr\u00e9taires \u00a0 constitu\u00e9s \u00a0 dans \u00a0 d'autres\n\u00e9tablissements\u00a0et\u00a0toute\u00a0personne\u00a0susceptible\u00a0d'\u00e9clairer\nles\u00a0d\u00e9bats\u00a0en\u00a0raison\u00a0de\u00a0sa\u00a0comp\u00e9tence,\u00a0lorsqu'un\u00a0plan\nde\u00a0pr\u00e9vention\u00a0des\u00a0risques\u00a0technologiques\u00a0a\u00a0\u00e9t\u00e9\u00a0prescrit.\nArt.\u00a0R.4524-1\u00a0et\u00a0R.\u00a04524-9\nK- EMPLOI\nK-1\n\u00ab\u00a0Attribution\u00a0et\u00a0retrait\u00a0de\u00a0l'allocation\u00a0d'activit\u00e9\u00a0partielle.\nHomologation\u00a0de\u00a0l'accord\u00a0collectif\u00a0ou\u00a0du\u00a0document\u00a0\nunilat\u00e9ral,\u00a0d\u00e9cisions\u00a0d'autorisation\u00a0et\u00a0de\u00a0retrait\u00a0en\u00a0\nmati\u00e8re\u00a0d'activit\u00e9\u00a0partielle\u00a0longue\u00a0dur\u00e9e\u00a0\u00bb\nArt.\u00a0L.5122-1\nArt.\u00a0R.5122-1\u00a0\u00e0\u00a0R.5122-19\nLoi \u00a0 n\u00b02020-734 \u00a0 du \u00a0 17 \u00a0 juin\n2020\u00a0et\u00a0d\u00e9cret\u00a0n\u00b02020-926\u00a0du\n28\u00a0juillet\u00a02020\nPage\u00a07\u00a0sur\u00a011\n03_Pr\u00e9f_Pr\u00e9fecture de l'Allier - 03-2025-12-23-00005 - Extrait de l'arr\u00eat\u00e9 n\u00b02928/2025 du 23 d\u00e9cembre 2025 portant d\u00e9l\u00e9gation de\nsignature \u00e0 Monsieur No\u00ebl QUIPOURT, Directeur D\u00e9partemental de l'Emploi, du Travail, des Solidarit\u00e9s et de la Protection des\nPopulations\n18\nK-2\nConventions\u00a0relatives\u00a0aux\u00a0mutations\u00a0\u00e9conomiques\u00a0(dont\nFonds\u00a0National\u00a0de\u00a0l'Emploi,\u00a0notamment\u00a0:\n-\u00a0d'allocation\u00a0temporaire\u00a0d\u00e9gressive,\n-\u00a0d'allocation\u00a0sp\u00e9ciale,\n-\u00a0d'allocation\u00a0de\u00a0cong\u00e9\u00a0de\u00a0conversion,\n-\u00a0de\u00a0financement\u00a0de\u00a0la\u00a0cellule\u00a0de\u00a0reclassement\n-\u00a0Convention\u00a0de\u00a0formation\u00a0et\u00a0d'adaptation\u00a0\nprofessionnelle\n-\u00a0Cessation\u00a0d'activit\u00e9\u00a0de\u00a0certains\u00a0travailleurs\u00a0salari\u00e9s\n-\u00a0GPEC\nArt.\u00a0L.5111-1\u00a0\u00e0\u00a0L.5111-3\nArt.\u00a0L.5123-1\u00a0\u00e0\u00a0L.5123-9\nR.5112-11\nL.5121-1\nR.5123-3\u00a0et\u00a0R.5111-1\u00a0et\u00a02\nK-3\nConvention\u00a0d'appui\u00a0\u00e0\u00a0l'\u00e9laboration\u00a0d'un\u00a0plan\u00a0de\u00a0gestion\npr\u00e9visionnelle \u00a0 de \u00a0 l'emploi \u00a0 et \u00a0 des \u00a0 comp\u00e9tences \u00a0 et\nconvention\u00a0pour\u00a0pr\u00e9parer\u00a0les\u00a0entreprises\u00a0\u00e0\u00a0la\u00a0GPEC\nArt.\u00a0L.5121-3\nArt.\u00a0R.5121-14\u00a0et\u00a0R.5121-15\nK-4 Notification \u00a0 d'assujettissement \u00a0 \u00e0 \u00a0 l'obligation \u00a0 d'une\nconvention\u00a0de\u00a0revitalisation\nArt.\u00a0L.1233-84\u00a0\u00e0\u00a0L.1233-89\nArt.\u00a0D.1233-38\nK-5\nToutes\u00a0d\u00e9cisions\u00a0et\u00a0conventions\u00a0relatives\u00a0aux\u00a0:\n-\u00a0Contrats\u00a0de\u00a0travail\u00a0aid\u00e9s\n-\u00a0PACEA\u00a0et\u00a0\u00e0\u00a0la\u00a0garantie\u00a0jeunes\nArt.\u00a0L.5134-19-1\u00a0et\u00a0R.\u00a05131-6\net\u00a0R.\u00a05131-16\u00a0\u00e0\u00a0R.\u00a05131-25\nK-6\nAttribution, \u00a0 extension, \u00a0 renouvellement, \u00a0 retrait\nd'agr\u00e9ment\u00a0et\u00a0enregistrement\u00a0de\u00a0d\u00e9claration\u00a0d'activit\u00e9,\nde\u00a0retrait\u00a0ou\u00a0de\u00a0modification\u00a0de\u00a0la\u00a0d\u00e9claration\u00a0d'une\nassociation \u00a0 ou \u00a0 d'une \u00a0 entreprise \u00a0 de \u00a0 services \u00a0 \u00e0 \u00a0 la\npersonne\nArt.\u00a0L.7232-1\u00a0\u00e0\u00a09\nK-7\nToutes\u00a0d\u00e9cisions\u00a0relatives\u00a0aux\u00a0conventions\u00a0de\u00a0promotion\nde\u00a0l'emploi\u00a0incluant\u00a0les\u00a0accompagnements\u00a0des\u00a0contrats\nen\u00a0alternance\u00a0par\u00a0les\u00a0GEIQ\nArt.\u00a0D.6325-23\u00a0\u00e0\u00a028\nK-8 Toutes\u00a0d\u00e9cisions\u00a0et\u00a0conventions\u00a0relatives\u00a0\u00e0\u00a0l'insertion\npar\u00a0l'activit\u00e9\u00a0\u00e9conomique\nArt.\u00a0L.5132-2\u00a0et\u00a0L.5132-4\nArt.\u00a0R.5132-44\u00a0-et\u00a0L.5132-45\nK-9\nD\u00e9cision \u00a0 de \u00a0 reversement \u00a0 des \u00a0 aides \u00a0 et \u00a0 cotisations\nsociales \u00a0 en \u00a0 cas \u00a0 de \u00a0 rupture \u00a0 d'un \u00a0 contrat\nd'accompagnement\u00a0\u00e0\u00a0l'emploi\u00a0ou\u00a0d'un\u00a0contrat\u00a0initiative\nemploi\u00a0(pour\u00a0un\u00a0motif\u00a0autre\u00a0que\u00a0faute\u00a0du\u00a0salari\u00e9,\u00a0force\nmajeure, \u00a0 inaptitude \u00a0 m\u00e9dicale), \u00a0 rupture \u00a0 au \u00a0 titre \u00a0 de \u00a0 la\np\u00e9riode\u00a0d'essai,\u00a0rupture\u00a0du\u00a0fait\u00a0du\u00a0salari\u00e9,\u00a0embauche\u00a0du\nsalari\u00e9\u00a0par\u00a0l'employeur.\nArt.\u00a0R.5134-45\u00a0et\u00a0s.\nK-10 Attribution, \u00a0 extension, \u00a0 renouvellement \u00a0 et \u00a0 retrait \u00a0 des\nagr\u00e9ments\u00a0\u00ab\u00a0entreprise\u00a0solidaire\u00a0d'utilit\u00e9\u00a0sociale\u00a0\u00bb\nArt.\u00a0L\u00a03332-17-1\nArt.R.3332-21-3\nL - FORMATION PROFESSIONNELLE et \nCERTIFICATION\nL-1\nRemboursement \u00a0 des \u00a0 r\u00e9mun\u00e9rations \u00a0 per\u00e7ues, \u00a0 par \u00a0 les\nstagiaires\u00a0AFPA\u00a0abandonnant,\u00a0sans\u00a0motif\u00a0valable,\u00a0leur\nstage\u00a0de\u00a0formation\nArt.\u00a0R.6341-45\u00a0\u00e0\u00a0R.6341-48\nM  -  OBLIGATION  D'EMPLOI  DES  TRAVAILLEURS\nHANDICAP\u00c9S\nM-1\nMise\u00a0en\u00a0\u0153uvre\u00a0des\u00a0p\u00e9nalit\u00e9s\u00a0pour\u00a0les\u00a0entreprises\u00a0ne\nsatisfaisant\u00a0pas\u00a0ou\u00a0partiellement\u00a0\u00e0\u00a0l'obligation\u00a0d'emploi\nde\u00a0travailleurs\u00a0handicap\u00e9s\nArt.\u00a0R.5212-31\nM-2 Agr\u00e9ment \u00a0 des \u00a0 accords \u00a0 de \u00a0 groupe, \u00a0 d'entreprise \u00a0 ou\nd'\u00e9tablissement\u00a0en\u00a0faveur\u00a0des\u00a0travailleurs\u00a0handicap\u00e9s.\nArt.\u00a0L.5212-8\u00a0et\u00a0R.5212-15\u00a0\u00e0\u00a0\nR.5212-18\nPage\u00a08\u00a0sur\u00a011\n03_Pr\u00e9f_Pr\u00e9fecture de l'Allier - 03-2025-12-23-00005 - Extrait de l'arr\u00eat\u00e9 n\u00b02928/2025 du 23 d\u00e9cembre 2025 portant d\u00e9l\u00e9gation de\nsignature \u00e0 Monsieur No\u00ebl QUIPOURT, Directeur D\u00e9partemental de l'Emploi, du Travail, des Solidarit\u00e9s et de la Protection des\nPopulations\n19\nN - TRAVAILLEURS HANDICAP\u00c9S\nN-1 Subvention\u00a0d'installation\u00a0d'un\u00a0travailleur\u00a0handicap\u00e9 Art.\u00a0R.5213-52\nArt.\u00a0D.5213-53\u00a0\u00e0\u00a0D.5213-61\nN-2 Aides \u00a0 financi\u00e8res \u00a0 en \u00a0 faveur \u00a0 de \u00a0 l'insertion \u00a0 en \u00a0 milieu\nordinaire\u00a0de\u00a0travail\u00a0des\u00a0travailleurs\u00a0handicap\u00e9s\nArt.\u00a0L.5213-10\nArt.\u00a0R.5213-33\u00a0\u00e0\u00a0R.5213-38\nXI. Autres textes :\nDispositifs\u00a0locaux\u00a0d'accompagnement\nD\u00e9cret \u00a0 n\u00b02015-1103 \u00a0 du \u00a0 1er\nseptembre \u00a0 2015 \u00a0 relatif \u00a0 au\ndispositif\u00a0local\u00a0d'accompagnement\nConventionnement \u00a0 d'organismes \u00a0 assurant \u00a0 une \u00a0 action\nd'insertion\u00a0de\u00a0travailleurs\u00a0handicap\u00e9s\nCirculaire \u00a0 DGEFP \u00a0 n\u00b02009-15 \u00a0 du\n26\u00a0mai\u00a02009\nXII. En mati\u00e8re de contentieux administratif :\nD\u00e9l\u00e9gation\u00a0de\u00a0signature\u00a0est\u00a0donn\u00e9e\u00a0\u00e0\u00a0M. No\u00ebl QUIPOURT,\u00a0directeur\u00a0d\u00e9partemental\u00a0de\u00a0l'Emploi,\u00a0du\nTravail,\u00a0des\u00a0Solidarit\u00e9s\u00a0et\u00a0de\u00a0la\u00a0Protection\u00a0des\u00a0populations,\u00a0pour\u00a0proc\u00e9der\u00a0d'une\u00a0part\u00a0\u00e0\u00a0l'envoi\u00a0de\nm\u00e9moires, \u00a0 documents, \u00a0 informations \u00a0 et \u00a0 d'autre \u00a0 part, \u00a0 aux \u00a0 r\u00e9ponses \u00a0 aupr\u00e8s \u00a0 des \u00a0 Tribunaux\nAdministratifs \u00a0 sollicit\u00e9s \u00a0 par \u00a0 les \u00a0 recours \u00a0 des \u00a0 administr\u00e9s \u00a0 soumis \u00a0 aux \u00a0 d\u00e9cisions \u00a0 de \u00a0 police\nadministrative\u00a0indiqu\u00e9es\u00a0aux\u00a0points\u00a0I\u00a0\u00e0\u00a0X\u00a0pr\u00e9c\u00e9dents.\u00a0\nM.\u00a0 No\u00ebl\u00a0QUIPOURT\u00a0est\u00a0habilit\u00e9\u00a0\u00e0\u00a0repr\u00e9senter\u00a0l'autorit\u00e9\u00a0administrative\u00a0mise\u00a0en\u00a0cause\u00a0dans \u00a0les\nrecours\u00a0des\u00a0administr\u00e9s\u00a0soumis\u00a0aux\u00a0m\u00eames\u00a0d\u00e9cisions.\nSection 2 : Comp\u00e9tence d'ordonnancement secondaire\nArticle     2  \u00a0:\u00a0D\u00e9l\u00e9gation\u00a0de\u00a0signature\u00a0est\u00a0donn\u00e9e\u00a0\u00e0\u00a0M. No\u00ebl QUIPOURT ,\u00a0directeur\u00a0d\u00e9partemental\u00a0de\nl'Emploi, \u00a0 du \u00a0 Travail, \u00a0 des \u00a0 Solidarit\u00e9s \u00a0 et \u00a0 de \u00a0 la \u00a0 Protection \u00a0 des \u00a0 populations, \u00a0 pour \u00a0 proc\u00e9der \u00a0 \u00e0\nl'ordonnancement\u00a0secondaire\u00a0des\u00a0d\u00e9penses\u00a0et\u00a0recettes\u00a0de\u00a0l'\u00c9tat\u00a0dont\u00a0la\u00a0direction\u00a0d\u00e9partementale\u00a0de\nl'Emploi,\u00a0du\u00a0Travail,\u00a0des\u00a0Solidarit\u00e9s\u00a0et\u00a0de\u00a0la\u00a0Protection\u00a0des\u00a0populations\u00a0est\u00a0:\nUnit\u00e9\u00a0op\u00e9rationnelle\u00a0au\u00a0titre\u00a0des\u00a0cr\u00e9dits\u00a0:\n\u2022 programme\u00a0104\u00a0:\u00a0int\u00e9gration\u00a0et\u00a0acc\u00e8s\u00a0\u00e0\u00a0la\u00a0nationalit\u00e9\u00a0fran\u00e7aise\n\u2022 programme\u00a0134\u00a0:\u00a0d\u00e9veloppement\u00a0des\u00a0entreprises\u00a0et\u00a0de\u00a0l'emploi\n\u2022 programme\u00a0135\u00a0:\u00a0d\u00e9veloppement\u00a0et\u00a0am\u00e9lioration\u00a0des\u00a0offres\u00a0de\u00a0logement\n\u2022 programme\u00a0137\u00a0:\u00a0\u00e9galit\u00e9\u00a0entre\u00a0les\u00a0hommes\u00a0et\u00a0les\u00a0femmes\n\u2022 programme\u00a0157\u00a0:\u00a0handicap\u00a0et\u00a0d\u00e9pendance\n\u2022 programme\u00a0177\u00a0:\u00a0pr\u00e9vention\u00a0de\u00a0l'exclusion\u00a0et\u00a0insertion\u00a0des\u00a0personnes\u00a0vuln\u00e9rables\n\u2022 programme\u00a0181\u00a0:\u00a0pr\u00e9vention\u00a0des\u00a0risques\n\u2022 programme\u00a0186\u00a0:\u00a0protection\u00a0maladie\n\u2022 programme\u00a0206\u00a0:\u00a0s\u00e9curit\u00e9\u00a0et\u00a0qualit\u00e9\u00a0sanitaires\u00a0de\u00a0l'alimentation,\u00a0hors\u00a0action\u00a0sociale\u00a0d\u00e9l\u00e9gu\u00e9e\n\u00e0\u00a0la\u00a0directrice\u00a0du\u00a0Secr\u00e9tariat\u00a0G\u00e9n\u00e9ral\u00a0Commun\u00a0D\u00e9partemental\n\u2022 programme\u00a0303\u00a0:\u00a0immigration\u00a0et\u00a0asile\n\u2022 programme\u00a0304\u00a0:\u00a0insertion\u00a0sociale,\u00a0protection\u00a0des\u00a0personnes\u00a0et\u00a0\u00e9conomie\u00a0sociale\u00a0et\u00a0solidaire\nCette\u00a0d\u00e9l\u00e9gation\u00a0d'ordonnancement\u00a0porte\u00a0sur\u00a0l'engagement,\u00a0la\u00a0liquidation\u00a0et\u00a0le\u00a0mandatement\ndes\u00a0d\u00e9penses,\u00a0ainsi\u00a0que\u00a0sur\u00a0l'\u00e9tablissement\u00a0des\u00a0titres\u00a0de\u00a0recettes.\nPage\u00a09\u00a0sur\u00a011\n03_Pr\u00e9f_Pr\u00e9fecture de l'Allier - 03-2025-12-23-00005 - Extrait de l'arr\u00eat\u00e9 n\u00b02928/2025 du 23 d\u00e9cembre 2025 portant d\u00e9l\u00e9gation de\nsignature \u00e0 Monsieur No\u00ebl QUIPOURT, Directeur D\u00e9partemental de l'Emploi, du Travail, des Solidarit\u00e9s et de la Protection des\nPopulations\n20\nLa\u00a0d\u00e9l\u00e9gation\u00a0de\u00a0gestion\u00a0de\u00a0tout\u00a0ou\u00a0partie\u00a0des\u00a0actes\u00a0d'ordonnancement\u00a0secondaire\u00a0\u00e0\u00a0un\ncentre\u00a0prestataire\u00a0de\u00a0services\u00a0est\u00a0soumise\u00a0\u00e0\u00a0approbation\u00a0pr\u00e9alable\u00a0de\u00a0son\u00a0contenu\u00a0par\u00a0le\u00a0pr\u00e9fet\u00a0de\nd\u00e9partement.\u00a0Le\u00a0contrat\u00a0de\u00a0service\u00a0avec\u00a0le\u00a0centre\u00a0de\u00a0prestations\u00a0conclu\u00a0en\u00a0application\u00a0de\u00a0la\nd\u00e9l\u00e9gation\u00a0de\u00a0gestion\u00a0est\u00a0soumis\u00a0au\u00a0visa\u00a0du\u00a0pr\u00e9fet.\nLa \u00a0 mission \u00a0 de \u00a0 pilotage \u00a0 des \u00a0 autorisations \u00a0 d'engagement \u00a0 et \u00a0 des \u00a0 cr\u00e9dits \u00a0 de \u00a0 paiements\nexerc\u00e9es,\u00a0en\u00a0application\u00a0de\u00a0la\u00a0pr\u00e9sente\u00a0d\u00e9l\u00e9gation\u00a0d'ordonnancement\u00a0ne\u00a0peut\u00a0faire\u00a0l'objet\u00a0d'une\nd\u00e9l\u00e9gation\u00a0de\u00a0gestion\u00a0\u00e0\u00a0un\u00a0prestataire.\nLa\u00a0convention\u00a0de\u00a0d\u00e9l\u00e9gation\u00a0de\u00a0gestion\u00a0doit\u00a0garantir\u00a0le\u00a0respect\u00a0int\u00e9gral\u00a0des\u00a0dispositions\u00a0des\narticles\u00a03,\u00a04\u00a0et\u00a05\u00a0ci-dessous.\nIl\u00a0est\u00a0rendu\u00a0compte\u00a0au\u00a0pr\u00e9fet\u00a0au\u00a0moins\u00a0deux\u00a0fois\u00a0par\u00a0an\u00a0de\u00a0l'ex\u00e9cution\u00a0de\u00a0la\u00a0pr\u00e9sente\nd\u00e9l\u00e9gation\u00a0d'ordonnancement\u00a0secondaire.\u00a0Les\u00a0comptes\u00a0rendus\u00a0d'utilisation\u00a0et\u00a0projets\u00a0de\u00a0budgets\ndestin\u00e9s \u00a0 aux \u00a0 responsables \u00a0 de \u00a0 budgets \u00a0 op\u00e9rationnels \u00a0 de \u00a0 programme \u00a0 et \u00a0 responsables \u00a0 de\nprogrammes\u00a0lui\u00a0sont\u00a0transmis\u00a0en\u00a0copies.\nArticle     3   :\u00a0Pour\u00a0les\u00a0d\u00e9penses\u00a0relevant\u00a0du\u00a0titre\u00a06\u00a0-d\u00e9penses\u00a0d'intervention-\u00a0la\u00a0d\u00e9l\u00e9gation\u00a0de\u00a0signature\nest\u00a0soumise\u00a0aux\u00a0r\u00e9serves\u00a0suivantes.\n3.1 Les\u00a0d\u00e9cisions\u00a0ou\u00a0conventions\u00a0attributives\u00a0lorsque\u00a0le\u00a0montant\u00a0unitaire\u00a0attribu\u00e9\u00a0\u00e0\u00a0un\ntiers\u00a0est\u00a0\u00e9gal\u00a0ou\u00a0sup\u00e9rieur\u00a0\u00e0\u00a0100\u00a0000\u00a0\u20ac\u00a0demeurent\u00a0\u00e0\u00a0la\u00a0signature\u00a0du\u00a0pr\u00e9fet.\n3.2 Pour \u00a0 les \u00a0 montants \u00a0 inf\u00e9rieurs \u00a0 \u00e0 \u00a0 ce \u00a0 seuil, \u00a0 un \u00a0 tableau \u00a0 de \u00a0 programmation \u00a0 portant\nr\u00e9partition\u00a0individualis\u00e9e\u00a0des\u00a0cr\u00e9dits\u00a0allou\u00e9s\u00a0\u00e0\u00a0l'unit\u00e9\u00a0op\u00e9rationnelle\u00a0et\u00a0relevant\u00a0du\u00a0titre\u00a06\u00a0est\u00a0soumis\u00a0\u00e0\nl'approbation\u00a0du\u00a0pr\u00e9fet.\n3.3 Lorsque \u00a0 la \u00a0 d\u00e9pense \u00a0 correspond \u00a0 \u00e0 \u00a0 la \u00a0 mise \u00a0 en \u00a0 \u0153uvre \u00a0 d'une \u00a0 d\u00e9cision \u00a0 attributive\nminist\u00e9rielle,\u00a0ou\u00a0du\u00a0Pr\u00e9fet\u00a0de\u00a0R\u00e9gion,\u00a0ou\u00a0d'un\u00a0chef\u00a0de\u00a0service\u00a0agissant\u00a0par\u00a0d\u00e9l\u00e9gation\u00a0de\u00a0celui-ci,\nl'exercice\u00a0des\u00a0actes\u00a0pr\u00e9vus\u00a0par\u00a0la\u00a0pr\u00e9sente\u00a0d\u00e9l\u00e9gation\u00a0est\u00a0soumis\u00a0au\u00a0visa\u00a0pr\u00e9alable\u00a0du\u00a0Pr\u00e9fet\u00a0de\u00a0la\nd\u00e9cision\u00a0attributive\u00a0concern\u00e9e.\n3.4 Lorsqu'il\u00a0est\u00a0fait\u00a0application\u00a0d'un\u00a0r\u00e8glement\u00a0d'attribution\u00a0des\u00a0aides\u00a0individuelles,\u00a0dans\ndes\u00a0conditions\u00a0de\u00a0crit\u00e8res\u00a0et\u00a0bar\u00e8mes\u00a0d\u00e9finies\u00a0par\u00a0un\u00a0acte\u00a0l\u00e9gislatif\u00a0ou\u00a0r\u00e9glementaire\u00a0et\u00a0ne\u00a0donnant\nde \u00a0 ce \u00a0 fait \u00a0 pas \u00a0 lieu \u00a0 \u00e0 \u00a0 programmation, \u00a0 le \u00a0 d\u00e9l\u00e9gataire \u00a0 re\u00e7oit \u00a0 d\u00e9l\u00e9gation \u00a0 pour \u00a0 signer \u00a0 tous \u00a0 les\nengagements\u00a0correspondants.\nArticle     4  \u00a0  :\u00a0Sont\u00a0exclus\u00a0de\u00a0la\u00a0pr\u00e9sente\u00a0d\u00e9l\u00e9gation\u00a0de\u00a0signature\u00a0:\n\u2022\u00a0les\u00a0ordres\u00a0de\u00a0r\u00e9quisition\u00a0du\u00a0comptable\u00a0public,\n\u2022\u00a0les\u00a0demandes\u00a0adress\u00e9es\u00a0\u00e0\u00a0un\u00a0chef\u00a0de\u00a0service\u00a0r\u00e9gional,\u00a0au\u00a0pr\u00e9fet\u00a0de\u00a0r\u00e9gion\u00a0ou\u00a0\u00e0\u00a0une\nautorit\u00e9\u00a0minist\u00e9rielle,\u00a0visant\u00a0\u00e0\u00a0solliciter\u00a0un\u00a0r\u00e9examen\u00a0d'un\u00a0avis\u00a0ou\u00a0d'une\u00a0position\u00a0d\u00e9favorable\u00a0du\ncontr\u00f4leur\u00a0financier\u00a0\u00e9mis\u00a0au\u00a0titre\u00a0d'un\u00a0acte\u00a0relevant\u00a0de\u00a0la\u00a0pr\u00e9sente\u00a0d\u00e9l\u00e9gation,\u00a0sont\u00a0soumises\u00a0\u00e0\u00a0visa\ndu\u00a0pr\u00e9fet.\n\u2022\u00a0les\u00a0d\u00e9cisions\u00a0de\u00a0passer\u00a0outre\u00a0au\u00a0refus\u00a0de\u00a0visa\u00a0de\u00a0l'autorit\u00e9\u00a0charg\u00e9e\u00a0du\u00a0contr\u00f4le\u00a0financier,\u00a0\n\u2022\u00a0en\u00a0cas\u00a0d'avis\u00a0pr\u00e9alable\u00a0d\u00e9favorable\u00a0de\u00a0l'autorit\u00e9\u00a0charg\u00e9e\u00a0du\u00a0contr\u00f4le\u00a0financier,\u00a0le\u00a0courrier\nl'informant\u00a0des\u00a0motifs\u00a0conduisant\u00a0\u00e0\u00a0ne\u00a0pas\u00a0se\u00a0conformer\u00a0\u00e0\u00a0l'avis\u00a0donn\u00e9.\nArticle     5   :\u00a0Sont\u00a0soumis\u00a0\u00e0\u00a0visa\u00a0pr\u00e9alable\u00a0les\u00a0actes\u00a0d'engagement\u00a0des\u00a0march\u00e9s\u00a0publics\u00a0\u00e0\u00a0partir\u00a0d'un\nmontant\u00a0de\u00a0:\n\u2022\u00a0\u00a0\u00a090\u00a0000\u00a0\u20ac\u00a0HT\u00a0pour\u00a0les\u00a0march\u00e9s\u00a0d'\u00e9tude\n\u2022\u00a0100\u00a0000\u00a0\u20ac\u00a0HT\u00a0pour\u00a0les\u00a0march\u00e9s\u00a0imput\u00e9s\u00a0sur\u00a0le\u00a0titre\u00a05\nau\u00a0titre\u00a0des\u00a0programmes\u00a0dont\u00a0l'ordonnancement\u00a0secondaire\u00a0est\u00a0confi\u00e9.\nLes\u00a0avenants\u00a0et\u00a0les\u00a0d\u00e9cisions\u00a0de\u00a0poursuivre\u00a0ayant\u00a0pour\u00a0effet\u00a0de\u00a0porter\u00a0le\u00a0montant\u00a0initial\u00a0du\u00a0march\u00e9\nau-del\u00e0\u00a0de\u00a0ces\u00a0seuils\u00a0sont\u00a0\u00e9galement\u00a0soumis\u00a0au\u00a0visa\u00a0pr\u00e9alable.\nPage\u00a010\u00a0sur\u00a011\n03_Pr\u00e9f_Pr\u00e9fecture de l'Allier - 03-2025-12-23-00005 - Extrait de l'arr\u00eat\u00e9 n\u00b02928/2025 du 23 d\u00e9cembre 2025 portant d\u00e9l\u00e9gation de\nsignature \u00e0 Monsieur No\u00ebl QUIPOURT, Directeur D\u00e9partemental de l'Emploi, du Travail, des Solidarit\u00e9s et de la Protection des\nPopulations\n21\nSection 3 : Mise en \u0153uvre\nArticle     6  \u00a0: M.\u00a0No\u00ebl\u00a0QUIPOURT\u00a0peut,\u00a0sous\u00a0sa\u00a0responsabilit\u00e9,\u00a0subd\u00e9l\u00e9guer\u00a0sa\u00a0signature\u00a0au\u00a0titre\u00a0de\u00a0sa\ncomp\u00e9tence\u00a0d'ordonnancement\u00a0secondaire,\u00a0aux\u00a0agents\u00a0plac\u00e9s\u00a0sous\u00a0son\u00a0autorit\u00e9\u00a0dans\u00a0les\u00a0conditions\npr\u00e9vues\u00a0par\u00a0les\u00a0arr\u00eat\u00e9s\u00a0interminist\u00e9riels\u00a0portant\u00a0r\u00e8glement\u00a0de\u00a0comptabilit\u00e9\u00a0susvis\u00e9s.\nLa\u00a0signature\u00a0des\u00a0agents\u00a0habilit\u00e9s\u00a0doit\u00a0\u00eatre\u00a0accr\u00e9dit\u00e9e\u00a0aupr\u00e8s\u00a0du\u00a0comptable\u00a0assignataire.\nArticle     7  \u00a0:\u00a0M.\u00a0No\u00ebl\u00a0QUIPOURT\u00a0pourra\u00a0subd\u00e9l\u00e9guer\u00a0la\u00a0signature\u00a0qui\u00a0lui\u00a0est\u00a0conf\u00e9r\u00e9e\u00a0par\u00a0le\u00a0pr\u00e9sent\narr\u00eat\u00e9,\u00a0au\u00a0titre\u00a0de\u00a0sa\u00a0comp\u00e9tence\u00a0administrative\u00a0g\u00e9n\u00e9rale.\u00a0Cette\u00a0subd\u00e9l\u00e9gation\u00a0prendra\u00a0la\u00a0forme\u00a0d'un\narr\u00eat\u00e9\u00a0qui\u00a0devra\u00a0faire\u00a0l'objet\u00a0d'une\u00a0publication\u00a0au\u00a0recueil\u00a0des\u00a0actes\u00a0administratifs\u00a0de\u00a0la\u00a0Pr\u00e9fecture\u00a0de\nl'Allier.\nArticle     8     :\u00a0Dans\u00a0le\u00a0cadre\u00a0de\u00a0la\u00a0mutualisation\u00a0de\u00a0certaines\u00a0missions\u00a0impliquant\u00a0la\u00a0mise\u00a0en\u00a0place\u00a0des\np\u00f4les\u00a0interd\u00e9partementaux\u00a0de\u00a0comp\u00e9tences,\u00a0M.\u00a0No\u00ebl\u00a0QUIPOURT\u00a0pourra\u00a0en\u00a0outre\u00a0subd\u00e9l\u00e9guer\u00a0les\ncomp\u00e9tences\u00a0suivantes\u00a0aux\u00a0agents\u00a0plac\u00e9s\u00a0sous\u00a0son\u00a0autorit\u00e9\u00a0en\u00a0charge\u00a0de\u00a0ces\u00a0dossiers\u00a0:\n\u2022\u00a0Agr\u00e9ment\u00a0des\u00a0accords\u00a0d'entreprise\u00a0en\u00a0faveur\u00a0des\u00a0travailleurs\u00a0handicap\u00e9s\u00a0:\u00a0DDETS\u00a0du\u00a0Rh\u00f4ne\u00a0;\n\u2022\u00a0Remboursement\u00a0des\u00a0frais\u00a0de\u00a0d\u00e9placement\u00a0des\u00a0conseillers\u00a0du\u00a0salari\u00e9\u00a0et\u00a0remboursement\u00a0aux\nemployeurs\u00a0des\u00a0salaires\u00a0maintenus\u00a0aux\u00a0conseillers\u00a0du\u00a0salari\u00e9\u00a0:\u00a0DDETSPP\u00a0du\u00a0Cantal.\nArticle     9   :\u00a0Le\u00a0pr\u00e9sent\u00a0arr\u00eat\u00e9\u00a0entre\u00a0en\u00a0vigueur le 31 d\u00e9cembre 2025.\nArticle 10     :\u00a0L'arr\u00eat\u00e9\u00a0n\u00b01450/2025\u00a0du\u00a015\u00a0juillet\u00a02025\u00a0portant\u00a0d\u00e9l\u00e9gation\u00a0de\u00a0signature\u00a0\u00e0\u00a0Monsieur\u00a0No\u00ebl\nQUIPOURT,\u00a0Directeur\u00a0D\u00e9partemental\u00a0de\u00a0l'Emploi,\u00a0du\u00a0Travail,\u00a0des\u00a0Solidarit\u00e9s\u00a0et\u00a0de\u00a0la\u00a0Protection\u00a0des\nPopulations,\u00a0est\u00a0abrog\u00e9.\u00a0\nArticle     11   :\u00a0Un\u00a0recours\u00a0contre\u00a0le\u00a0pr\u00e9sent\u00a0arr\u00eat\u00e9\u00a0peut\u00a0\u00eatre\u00a0form\u00e9\u00a0devant\u00a0le\u00a0Tribunal\u00a0Administratif\u00a0de\nClermont-Ferrand\u00a0dans\u00a0un\u00a0d\u00e9lai\u00a0de\u00a0deux\u00a0mois\u00a0\u00e0\u00a0compter\u00a0de\u00a0sa\u00a0publication.\u00a0En\u00a0application\u00a0du\u00a0d\u00e9cret\nn\u00b0\u00a02018-251\u00a0du\u00a06\u00a0avril\u00a02018,\u00a0les\u00a0particuliers\u00a0et\u00a0les\u00a0personnes\u00a0morales\u00a0de\u00a0droit\u00a0priv\u00e9\u00a0non\u00a0repr\u00e9sent\u00e9s\npar\u00a0un\u00a0avocat\u00a0peuvent\u00a0communiquer\u00a0avec\u00a0un\u00a0Tribunal\u00a0administratif\u00a0par\u00a0la\u00a0voie\u00a0de\u00a0l'application\ninformatique\u00a0\u00abT\u00e9l\u00e9recours\u00a0citoyens\u00a0\u00bb\u00a0sur\u00a0le\u00a0site\u00a0www.telerecours.fr.\nArticle     12  \u00a0: Le\u00a0secr\u00e9taire\u00a0g\u00e9n\u00e9ral \u00a0de\u00a0la\u00a0pr\u00e9fecture\u00a0de\u00a0l'Allier\u00a0 et\u00a0le\u00a0directeur\u00a0d\u00e9partemental\u00a0de\nl'emploi,\u00a0du\u00a0travail,\u00a0des\u00a0solidarit\u00e9s\u00a0et\u00a0de\u00a0la\u00a0protection\u00a0des\u00a0populations\u00a0de\u00a0l'Allier\u00a0sont\u00a0charg\u00e9s,\u00a0chacun\nen\u00a0ce\u00a0qui\u00a0le\u00a0concerne,\u00a0de\u00a0l'ex\u00e9cution\u00a0du\u00a0pr\u00e9sent\u00a0arr\u00eat\u00e9\u00a0qui\u00a0sera\u00a0publi\u00e9\u00a0au\u00a0recueil\u00a0des\u00a0actes\nadministratifs\u00a0de\u00a0la\u00a0pr\u00e9fecture\u00a0de\u00a0l'Allier.\nLe\u00a0Pr\u00e9fet\nSign\u00e9\nChristophe\u00a0NO\u00cbL\u00a0du\u00a0PAYRAT\nPage\u00a011\u00a0sur\u00a011\n03_Pr\u00e9f_Pr\u00e9fecture de l'Allier - 03-2025-12-23-00005 - Extrait de l'arr\u00eat\u00e9 n\u00b02928/2025 du 23 d\u00e9cembre 2025 portant d\u00e9l\u00e9gation de\nsignature \u00e0 Monsieur No\u00ebl QUIPOURT, Directeur D\u00e9partemental de l'Emploi, du Travail, des Solidarit\u00e9s et de la Protection des\nPopulations\n22\n03_Pr\u00e9f_Pr\u00e9fecture de l'Allier\n03-2025-12-23-00006\nExtrait de l'arr\u00eat\u00e9 n\u00b02929 du 23 d\u00e9cembre 2025\nportant d\u00e9l\u00e9gation de signature \u00e0 Madame\nV\u00e9ronique DELMAS, directrice d\u00e9partementale\nadjointe des territoires de l'Allier\n03_Pr\u00e9f_Pr\u00e9fecture de l'Allier - 03-2025-12-23-00006 - Extrait de l'arr\u00eat\u00e9 n\u00b02929 du 23 d\u00e9cembre 2025 portant d\u00e9l\u00e9gation de signature\n\u00e0 Madame V\u00e9ronique DELMAS, directrice d\u00e9partementale adjointe des territoires de l'Allier 23\nPREFETDE L'ALLIERLibert\u00e9Egalit\u00e9Fraternit\u00e9\nDirection de la Coordination des Politiques Publiques\n \nExtrait de l'arr\u00eat\u00e9 n\u00b0 2929/2025 du 23 d\u00e9cembre 2025\nportant d\u00e9l\u00e9gation de signature\n\u00e0 Madame V\u00e9ronique DELMAS,\ndirectrice d\u00e9partementale adjointe des territoires de l'Allier\nSECTION 1 : COMP\u00c9TENCE G\u00c9N\u00c9RALE\nArticle     1     :\u00a0D\u00e9l\u00e9gation \u00a0 de \u00a0 signature \u00a0 est \u00a0 donn\u00e9e \u00a0 \u00e0 \u00a0Mme  V\u00e9ronique  DELMAS, \u00a0 directrice\nd\u00e9partementale\u00a0adjointe\u00a0des\u00a0territoires\u00a0de\u00a0l'Allier,\u00a0\u00e0\u00a0l'effet\u00a0de\u00a0signer\u00a0tous\u00a0les\u00a0arr\u00eat\u00e9s,\u00a0d\u00e9cisions\u00a0et\ncorrespondances\u00a0relatifs\u00a0aux\u00a0activit\u00e9s\u00a0de\u00a0son\u00a0service\u00a0:\nI \u2013 ADMINISTRATION G\u00c9N\u00c9RALE\nA\u00a0-\u00a0Gestion\u00a0du\u00a0personnel\u00a0:\nI A 1\u00a0:\u00a0Mise\u00a0 en \u00a0 place\u00a0 d'un\u00a0 Conseil\u00a0 Social\u00a0 d'Administration\u00a0 et \u00a0 mise\u00a0 en \u00a0 place\u00a0 d'un\u00a0 Conseil\u00a0 Social\nd'Administration\u00a0en\u00a0formation\u00a0sp\u00e9cialis\u00e9e\u00a0et\u00a0signature\u00a0des\u00a0arr\u00eat\u00e9s\u00a0portant\u00a0d\u00e9signation\u00a0de\u00a0leurs\u00a0membres\u00a0;\nI A 2\u00a0:\u00a0Fixation\u00a0 du \u00a0 r\u00e8glement\u00a0 int\u00e9rieur,\u00a0 notamment\u00a0 pour\u00a0 l'am\u00e9nagement\u00a0 du\u00a0 temps\u00a0 de\u00a0 travail\u00a0 et\u00a0 de\nl'organisation\u00a0;\nI A 3\u00a0:\u00a0D\u00e9cisions \u00a0 pronon\u00e7ant \u00a0 en \u00a0 mati\u00e8re \u00a0 disciplinaire \u00a0 des \u00a0 sanctions \u00a0 en \u00a0 ce \u00a0 qui \u00a0 concerne \u00a0 les\npersonnels\u00a0\u00e0\u00a0gestion\u00a0d\u00e9concentr\u00e9e\u00a0apr\u00e8s\u00a0communication\u00a0du\u00a0dossier\u00a0aux\u00a0int\u00e9ress\u00e9s\u00a0;\nI A 4\u00a0:\u00a0Attribution\u00a0et\u00a0gestion\u00a0des\u00a0postes\u00a0relevant\u00a0de\u00a0la\u00a0Nouvelle\u00a0Bonification\u00a0Indiciaire\u00a0(NBI)\u00a0;\nI A 5\u00a0:\u00a0Continuit\u00e9\u00a0du\u00a0service\u00a0public\u00a0:\u00a0ordre\u00a0de\u00a0maintien\u00a0dans\u00a0l'emploi\u00a0en\u00a0cas\u00a0de\u00a0crise\u00a0(gr\u00e8ve,\u00a0pand\u00e9mie\ngrippale\u2026)\u00a0;\nI A 6\u00a0:\u00a0Autorisation\u00a0d'exercice\u00a0d'une\u00a0activit\u00e9\u00a0accessoire\u00a0dans\u00a0le\u00a0cadre\u00a0d'un\u00a0cumul\u00a0d'activit\u00e9\u00a0;\nI A 7\u00a0:\u00a0Autorisations\u00a0individuelles\u00a0d'exercice\u00a0des\u00a0missions\u00a0en\u00a0t\u00e9l\u00e9travail.\nI A 8 :\u00a0T out\u00a0autre\u00a0acte\u00a0de\u00a0gestion\u00a0du\u00a0personnel\u00a0relevant\u00a0du\u00a0champ\u00a0de\u00a0comp\u00e9tence\u00a0de\u00a0la\u00a0DDT\u00a0de\nl'Allier,\u00a0hors\u00a0ceux\u00a0d\u00e9l\u00e9gu\u00e9s\u00a0\u00e0\u00a0la\u00a0directrice\u00a0du\u00a0Secr\u00e9tariat\u00a0G\u00e9n\u00e9ral\u00a0Commun\u00a0D\u00e9partemental.\nI A 9 :\u00a0Etablissement \u00a0 et \u00a0 signature \u00a0 des \u00a0 cartes \u00a0 d'identit\u00e9 \u00a0 de \u00a0 fonctionnaires \u00a0 et \u00a0 des \u00a0 cartes\nprofessionnelles,\u00a0\u00e0\u00a0 l'exception\u00a0de\u00a0celles\u00a0qui\u00a0permettent\u00a0d'exercer\u00a0des\u00a0contr\u00f4les\u00a0\u00e0\u00a0l'ext\u00e9rieur\u00a0du\nd\u00e9partement\u00a0et\u00a0de\u00a0celles\u00a0concernant\u00a0les\u00a0emplois\u00a0r\u00e9gis\u00a0par\u00a0l'article\u00a01er\u00a0 du\u00a0d\u00e9cret\u00a0n\u00b02009-360\u00a0du\n31\u00a0mars \u00a0 2009 \u00a0 relatif \u00a0 aux \u00a0 emplois \u00a0 de \u00a0 direction\u00a0 de \u00a0 l'administration \u00a0 territoriale \u00a0 de \u00a0 l'\u00c9tat \u00a0 (cartes \u00a0 et\narr\u00eat\u00e9s\u00a0de\u00a0commissionnement)\u00a0;\nB\u00a0-\u00a0Patrimoine\u00a0:\nI B 1\u00a0:\u00a0concession\u00a0de\u00a0logement\nI B 2\u00a0:\u00a0protocole \u00a0 de \u00a0 s\u00e9curit\u00e9 \u00a0 applicable \u00a0 aux \u00a0 op\u00e9rations \u00a0 de \u00a0 chargement \u00a0 et \u00a0 de \u00a0 d\u00e9chargement\neffectu\u00e9es\u00a0par\u00a0une\u00a0entreprise\u00a0ext\u00e9rieure\nI B 3 :\u00a0demande\u00a0de\u00a0permis\u00a0de\u00a0construire\u00a0pour\u00a0un\u00a0b\u00e2timent\u00a0g\u00e9r\u00e9\u00a0par\u00a0la\u00a0DDT\nI B 4 : d\u00e9claration\u00a0de\u00a0travaux\u00a0pour\u00a0un\u00a0b\u00e2timent\u00a0g\u00e9r\u00e9\u00a0par\u00a0la\u00a0DDT\nI B 5 :\u00a0demande\u00a0d'autorisation\u00a0d'installations\u00a0et\u00a0travaux\u00a0divers\u00a0sur\u00a0un\u00a0terrain\u00a0g\u00e9r\u00e9\u00a0par\u00a0la\u00a0DDT\nI B 6 :\u00a0demande\u00a0de\u00a0permis\u00a0de\u00a0d\u00e9molir\u00a0pour\u00a0un\u00a0b\u00e2timent\u00a0g\u00e9r\u00e9\u00a0par\u00a0la\u00a0DDT\nI B 7\u00a0:\u00a0remise\u00a0\u00e0\u00a0France\u00a0Domaine\u00a0des\u00a0immeubles\u00a0domaniaux\u00a0devenus\u00a0inutiles\u00a0au\u00a0service\n1\n03_Pr\u00e9f_Pr\u00e9fecture de l'Allier - 03-2025-12-23-00006 - Extrait de l'arr\u00eat\u00e9 n\u00b02929 du 23 d\u00e9cembre 2025 portant d\u00e9l\u00e9gation de signature\n\u00e0 Madame V\u00e9ronique DELMAS, directrice d\u00e9partementale adjointe des territoires de l'Allier 24\nC\u00a0-\u00a0Responsabilit\u00e9\u00a0civile\u00a0:\nI C 1 :\u00a0r\u00e8glements\u00a0amiables\u00a0des\u00a0dommages\u00a0mat\u00e9riels\u00a0caus\u00e9s\u00a0par\u00a0l'\u00c9tat\u00a0\u00e0\u00a0des\u00a0particuliers,\u00a0dans\u00a0la\nlimite\u00a0du\u00a0seuil\u00a0fix\u00e9\u00a0par\u00a0circulaire\u00a0minist\u00e9rielle\nI C 2 :\u00a0r\u00e8glements\u00a0amiables\u00a0des\u00a0dommages\u00a0subis\u00a0ou\u00a0caus\u00e9s\u00a0par\u00a0l'\u00c9tat\u00a0du\u00a0fait\u00a0d'accidents\u00a0de\u00a0circulation\nD\u00a0-\u00a0Communications\u00a0des\u00a0documents\u00a0administratifs\u00a0 \u00a0\u00a0\u00a0\u00a0:\nI D 1\u00a0:\u00a0d\u00e9cisions \u00a0 relatives \u00a0 \u00e0 \u00a0 la \u00a0 communication \u00a0 des \u00a0 documents \u00a0 administratifs \u00a0 autres \u00a0 que \u00a0 ceux\nd\u00e9tenus\u00a0par\u00a0les\u00a0administrations\u00a0centrales\nE\u00a0-\u00a0Contentieux\u00a0:\nI E 1 :\u00a0pr\u00e9sentation \u00a0 des \u00a0 observations \u00a0 \u00e9crites \u00a0 devant \u00a0 les \u00a0 juridictions \u00a0 p\u00e9nales \u00a0 en \u00a0 vue \u00a0 de \u00a0 la\ncondamnation\u00a0\u00e0\u00a0une\u00a0peine\u00a0d'amende,\u00a0\u00e0\u00a0la\u00a0remise\u00a0en\u00a0\u00e9tat\u00a0des\u00a0lieux\u00a0ou\u00a0\u00e0\u00a0la\u00a0mise\u00a0en\u00a0conformit\u00e9\u00a0des\nouvrages \u00a0 en \u00a0 mati\u00e8re \u00a0 d'infraction \u00a0 aux \u00a0 r\u00e8gles \u00a0 du \u00a0 code \u00a0 de \u00a0 l'urbanisme \u00a0 relatives \u00a0 aux \u00a0 certificats\nd'urbanisme,\u00a0aux\u00a0permis\u00a0de\u00a0construire\u00a0et\u00a0autres\u00a0autorisations\u00a0d'occupation\u00a0des\u00a0sols\nI E 2 :\u00a0demande\u00a0d'interruption\u00a0des\u00a0travaux\u00a0adress\u00e9e\u00a0\u00e0\u00a0l'autorit\u00e9\u00a0judiciaire\nI E 3 :\u00a0demande\u00a0de\u00a0main\u00a0lev\u00e9e\u00a0ou\u00a0du\u00a0maintien\u00a0des\u00a0mesures\u00a0prises\u00a0pour\u00a0assurer\u00a0l'interruption\u00a0des\u00a0travaux\nI E 4 :\u00a0d\u00e9clenchement\u00a0de\u00a0la\u00a0proc\u00e9dure\u00a0de\u00a0mise\u00a0en\u00a0recouvrement\u00a0des\u00a0astreintes\u00a0lorsque\u00a0le\u00a0Maire\u00a0ne\nd\u00e9clenche\u00a0pas\u00a0cette\u00a0proc\u00e9dure\nI E 5 :\u00a0d\u00e9clenchement\u00a0de\u00a0la\u00a0proc\u00e9dure\u00a0d'ex\u00e9cution\u00a0d'office\nI E 6 :\u00a0pr\u00e9sentation \u00a0 des \u00a0 observations \u00a0 \u00e9crites \u00a0 ou \u00a0 devant \u00a0 les \u00a0 juridictions \u00a0 p\u00e9nales \u00a0 en \u00a0 vue \u00a0 de \u00a0 la\ncondamnation\u00a0\u00e0\u00a0une\u00a0peine\u00a0d'amende,\u00a0\u00e0\u00a0une\u00a0astreinte\u00a0judiciaire,\u00a0\u00e0\u00a0la\u00a0remise\u00a0en\u00a0\u00e9tat\u00a0des\u00a0lieux,\u00a0\u00e0\u00a0la\nsuppression \u00a0 ou \u00a0 \u00e0 \u00a0 la \u00a0 mise \u00a0 en \u00a0 conformit\u00e9 \u00a0 des \u00a0 dispositions \u00a0 publicitaires \u00a0 en \u00a0 infraction \u00a0 avec \u00a0 la\nr\u00e9glementation\u00a0de\u00a0la\u00a0publicit\u00e9\u00a0le\u00a0long\u00a0des\u00a0routes.\nI E 7\u00a0:\u00a0pr\u00e9sentation \u00a0 des \u00a0 observations \u00a0 en \u00a0 d\u00e9fense, \u00a0 \u00e9crites \u00a0 et \u00a0 orales, \u00a0 devant \u00a0 les \u00a0 juridictions\nadministratives\u00a0dans\u00a0les\u00a0domaines\u00a0de\u00a0comp\u00e9tence\u00a0de\u00a0la\u00a0DDT\u00a0:\u00a0instances\u00a0de\u00a0r\u00e9f\u00e9r\u00e9\u00a0(proc\u00e9dures\nd'urgence)\u00a0et\u00a0m\u00e9moires\u00a0en\u00a0d\u00e9fense,\u00a0initiaux\u00a0ou\u00a0en\u00a0r\u00e9plique,\u00a0\u00e0\u00a0l'exclusion\u00a0des\u00a0d\u00e9f\u00e9r\u00e9s\u00a0pr\u00e9fectoraux.\nII \u2013 ROUTES,\u00a0CIRCULATION\u00a0ROUTI\u00c8RE, TRANSPORTS\nA\u00a0-\u00a0Gestion\u00a0et\u00a0conservation\u00a0du\u00a0domaine\u00a0public\u00a0routier\u00a0national\u00a0:\nII A 1\u00a0:\u00a0autorisations\u00a0de\u00a0circulation\u00a0des\u00a0v\u00e9hicules\u00a0dont\u00a0le\u00a0poids\u00a0total\u00a0en\u00a0charge\u00a0est\u00a0sup\u00e9rieur\u00a0\u00e0\u00a03,5\ntonnes \u00a0 \u00e9quip\u00e9s \u00a0 de \u00a0 pneumatiques \u00a0 comportant \u00a0 des \u00a0 \u00e9l\u00e9ments \u00a0 m\u00e9talliques \u00a0 susceptibles \u00a0 de \u00a0 faire\nsaillies\u00a0(pneus\u00a0clout\u00e9s).\nB\u00a0-\u00a0Exploitation\u00a0de\u00a0la\u00a0route\u00a0et\u00a0police\u00a0de\u00a0la\u00a0circulation\u00a0:\nII B 1 :\u00a0avis\u00a0concernant\u00a0les\u00a0mesures\u00a0de\u00a0police\u00a0de\u00a0la\u00a0circulation\u00a0sur\u00a0les\u00a0routes\u00a0class\u00e9es\u00a0\u00e0\u00a0grande\u00a0circulation\nII B 2 :\u00a0avis\u00a0sur\u00a0les\u00a0projets\u00a0des\u00a0collectivit\u00e9s\u00a0modifiant\u00a0les\u00a0caract\u00e9ristiques\u00a0techniques\u00a0ou\u00a0mesures\nsusceptibles\u00a0d'affecter\u00a0la\u00a0circulation\nII B 3\u00a0:\u00a0autorisations\u00a0de\u00a0circulation\u00a0des\u00a0v\u00e9hicules\u00a0de\u00a0transport\u00a0de\u00a0marchandises\u00a0en\u00a0p\u00e9riode\u00a0d'interdiction\nII B 4\u00a0:\u00a0avis\u00a0sur\u00a0l'organisation\u00a0de\u00a0manifestations\u00a0sportives.\nC\u00a0-\u00a0R\u00e9glementation\u00a0des\u00a0transports\u00a0de\u00a0voyageurs\u00a0:\nII C 1 :\u00a0autorisations\u00a0de\u00a0circulation\u00a0des\u00a0petits\u00a0trains\u00a0routiers\u00a0touristiques.\nIII \u2013 COURS D'EAU \u2013 VOIES NAVIGABLES\nA\u00a0-\u00a0Gestion\u00a0et\u00a0conservation\u00a0du\u00a0domaine\u00a0public\u00a0fluvial\u00a0:\nIII A 1 :\u00a0actes\u00a0d'administration\u00a0du\u00a0domaine\u00a0public\u00a0fluvial\nIII A 2 :\u00a0autorisations\u00a0d'occupation\u00a0temporaire\u00a0et\u00a0de\u00a0stationnement\n2\n03_Pr\u00e9f_Pr\u00e9fecture de l'Allier - 03-2025-12-23-00006 - Extrait de l'arr\u00eat\u00e9 n\u00b02929 du 23 d\u00e9cembre 2025 portant d\u00e9l\u00e9gation de signature\n\u00e0 Madame V\u00e9ronique DELMAS, directrice d\u00e9partementale adjointe des territoires de l'Allier 25\nIII A 3 :\u00a0conventions\u00a0de\u00a0gestion\nIII A 4 : autorisations\u00a0de\u00a0prise\u00a0d'eau\u00a0et\u00a0d'\u00e9tablissements\u00a0temporaires\nIII A 5 : approbation\u00a0d'op\u00e9rations\u00a0domaniales\nB\u00a0-\u00a0Autorisations\u00a0de\u00a0travaux\u00a0de\u00a0protection\u00a0contre\u00a0les\u00a0eaux\u00a0:\nIII B 1 : prise\u00a0en\u00a0consid\u00e9ration\u00a0et\u00a0autorisation\u00a0des\u00a0travaux\u00a0de\u00a0d\u00e9fense\u00a0des\u00a0lieux\u00a0habit\u00e9s\u00a0contre\u00a0les\u00a0inondations.\nC\u00a0-\u00a0Manifestations\u00a0nautiques\u00a0:\nIII C 1 :\u00a0autorisation\u00a0des\u00a0manifestations\u00a0nautiques\u00a0dans\u00a0les\u00a0conditions\u00a0pr\u00e9vues\u00a0\u00e0\u00a0l'article\u00a0R.\u00a04241-38\ndu\u00a0code\u00a0des\u00a0transports\nIV - CONSTRUCTION\nA\u00a0-\u00a0Subventions\u00a0et\u00a0pr\u00eats\u00a0pour\u00a0la\u00a0construction,\u00a0l'acquisition\u00a0et\u00a0l'am\u00e9lioration\u00a0de\u00a0logements\u00a0:\nIV A 1 :\u00a0prorogation\u00a0du\u00a0d\u00e9lai\u00a0de\u00a0r\u00e9alisation\u00a0des\u00a0travaux\u00a0pour\u00a0les\u00a0subventions\u00a0et\u00a0pr\u00eats\u00a0ayant\u00a0fait\nl'objet\u00a0d'une\u00a0d\u00e9cision\u00a0favorable\u00a0ant\u00e9rieure\u00a0au\u00a031\u00a0d\u00e9cembre\u00a02005\nIV A 2 :\u00a0d\u00e9cision\u00a0attributive\u00a0de\u00a0subvention,\u00a0rejet,\u00a0retrait,\u00a0prorogation\u00a0(hors\u00a0subventions\u00a0d\u00e9l\u00e9gu\u00e9es\nau\u00a0conseil\u00a0d\u00e9partemental).\nB\u00a0-\u00a0Conventionnement\u00a0 \u00a0\u00a0\u00a0\u00a0:\nIV B 1\u00a0:\u00a0signature\u00a0des\u00a0conventions\u00a0entre\u00a0l'\u00c9tat\u00a0et\u00a0les\u00a0bailleurs,\u00a0ouvrant\u00a0droit\u00a0\u00e0\u00a0l'aide\u00a0personnalis\u00e9e\nau \u00a0 logement, \u00a0 et \u00a0 toutes \u00a0 les \u00a0 d\u00e9cisions \u00a0 ult\u00e9rieures \u00a0 aff\u00e9rentes \u00a0 \u00e0 \u00a0 ces \u00a0 conventions, \u00a0 notamment \u00a0 les\navenants\u00a0et\u00a0r\u00e9siliations\u00a0aux\u00a0torts\u00a0des\u00a0bailleurs.\nIV B 2\u00a0:\u00a0autorisations\u00a0de\u00a0d\u00e9molir.\nC\u00a0-\u00a0Ali\u00e9nation\u00a0des\u00a0logements\u00a0des\u00a0organismes\u00a0d'habitations\u00a0\u00e0\u00a0loyer\u00a0mod\u00e9r\u00e9\u00a0:\nIV C 1 :\u00a0signature,\u00a0en\u00a0cas\u00a0d'accord\u00a0avec\u00a0la\u00a0commune,\u00a0du\u00a0courrier\u00a0notifiant\u00a0\u00e0\u00a0l'organisme\u00a0la\u00a0non-\nopposition \u00a0 \u00e0 \u00a0 l'ali\u00e9nation, \u00a0 en \u00a0 application \u00a0 du \u00a0 3\u00e8me \u00a0 alin\u00e9a \u00a0 de \u00a0 l'article \u00a0 L.443-7 \u00a0 du \u00a0 code \u00a0 de \u00a0 la\nconstruction\u00a0et\u00a0de\u00a0l'habitation.\nD\u00a0 \u00a0\u00a0\u00a0\u00a0-\u00a0\u00a0\u00a0\u00a0\u00a0Accessibilit\u00e9\u00a0des\u00a0\u00e9tablissements\u00a0recevant\u00a0du\u00a0public\u00a0(ERP)\u00a0de\u00a01\u02b3\u1d49,\u00a02\u1d49,\u00a03\u1d49,\u00a04\u1d49\u00a0et\u00a05\u1d49\u00a0cat\u00e9gories\u00a0 \u00a0,\u00a0logements,\nimmeubles\u00a0de\u00a0grande\u00a0hauteur ,\u00a0transports,\u00a0installations\u00a0ouvertes\u00a0au\u00a0public\u00a0(IOP)\u00a0et\u00a0voiries\u00a0:\nIV D 1\u00a0:\u00a0d\u00e9rogation \u00a0 pour \u00a0 impossibilit\u00e9 \u00a0 technique, \u00a0 disproportion \u00a0 manifeste, \u00a0 conservation \u00a0 du\npatrimoine\u00a0ou\u00a0opposition\u00a0des\u00a0copropri\u00e9taires\nIV D 2 : prorogation\u00a0du\u00a0d\u00e9lai\u00a0de\u00a0mise\u00a0en\u00a0\u0153uvre\u00a0d'un\u00a0agenda\u00a0d'accessibilit\u00e9\u00a0programm\u00e9e.\nE\u00a0-\u00a0Accessibilit\u00e9\u00a0des\u00a0\u00e9tablissements\u00a0recevant\u00a0du\u00a0public\u00a0(ERP)\nIV E 1 : signature \u00a0 des \u00a0 autorisations \u00a0 de\u00a0 construire, \u00a0 d'am\u00e9nager \u00a0 ou\u00a0 de\u00a0 modifier \u00a0 un \u00a0 \u00e9tablissement\nrecevant\u00a0du\u00a0public\u00a0pour\u00a0le\u00a0compte\u00a0d'\u00c9tats\u00a0\u00e9trangers\u00a0ou\u00a0d'organisations\u00a0internationales,\u00a0de\u00a0l'\u00c9tat,\nde\u00a0ses\u00a0\u00e9tablissements\u00a0publics\u00a0et\u00a0concessionnaires.\nV \u2013 R\u00c8GLES D'URBANISME, PLANIFICATION\nA\u00a0-\u00a0Certificats\u00a0d'urbanisme\u00a0 \u00a0\u00a0\u00a0\u00a0:\nV A 1\u00a0: lettre\u00a0de\u00a0consultation\u00a0des\u00a0services\nV A 2 : d\u00e9livrance \u00a0 des \u00a0 certificats \u00a0 d'urbanisme \u00a0 (y \u00a0 compris \u00a0 renouvellement \u00a0 et \u00a0 installations \u00a0 de\nproduction\u00a0d'\u00e9nergie),\u00a0sauf\u00a0lorsque\u00a0le\u00a0Maire\u00a0et\u00a0le\u00a0directeur\u00a0d\u00e9partemental\u00a0des\u00a0territoires\u00a0ont\u00a0\u00e9mis\ndes\u00a0avis\u00a0en\u00a0sens\u00a0contraire.\n3\n03_Pr\u00e9f_Pr\u00e9fecture de l'Allier - 03-2025-12-23-00006 - Extrait de l'arr\u00eat\u00e9 n\u00b02929 du 23 d\u00e9cembre 2025 portant d\u00e9l\u00e9gation de signature\n\u00e0 Madame V\u00e9ronique DELMAS, directrice d\u00e9partementale adjointe des territoires de l'Allier 26\nB\u00a0 \u00a0\u00a0\u00a0\u00a0-\u00a0\u00a0\u00a0\u00a0\u00a0Permis\u00a0(permis\u00a0de\u00a0construire,\u00a0permis\u00a0d'am\u00e9nager ,\u00a0permis\u00a0de\u00a0d\u00e9molir\u00a0et\u00a0d\u00e9clarations\u00a0pr\u00e9alables)\u00a0 \u00a0\u00a0:\n\u2022 Instruction\u00a0:\nV B 1 : lettre\u00a0de\u00a0consultation\u00a0des\u00a0services\nV B 2\u00a0:\u00a0lettre\u00a0de\u00a0notification\u00a0de\u00a0la\u00a0liste\u00a0des\u00a0pi\u00e8ces\u00a0compl\u00e9mentaires\u00a0et\u00a0/\u00a0ou\u00a0de\u00a0la\u00a0modification\u00a0du\u00a0d\u00e9lai\nd'instruction\n\u2022\u00a0 PLU\u00a0annul\u00e9\u00a0:\u00a0\nV B 3\u00a0:\u00a0avis\u00a0conforme\u00a0en\u00a0cas\u00a0de\u00a0PLU\u00a0annul\u00e9\nV B 4 :\u00a0avis\u00a0conforme\u00a0en\u00a0cas\u00a0de\u00a0POS\u00a0caduc\u00a0\u00e0\u00a0compter\u00a0du\u00a027\u00a0mars\u00a02017\u00a0(art.\u00a0L.422-5,\u00a0art.\u00a0L.174-1\net\u00a0suivants\u00a0du\u00a0Code\u00a0de\u00a0l'urbanisme)\n\u2022 D\u00e9cision\u00a0:\nV B 5 :\u00a0signature\u00a0de\u00a0la\u00a0d\u00e9cision\u00a0(accord,\u00a0refus,\u00a0opposition,\u00a0modification,\u00a0prorogation,\u00a0transfert)\u00a0:\u00a0\n\u2013\u00a0sauf\u00a0lorsque\u00a0le\u00a0maire\u00a0et\u00a0la\u00a0directrice\u00a0d\u00e9partementale\u00a0adjointe\u00a0des\u00a0territoires\u00a0ont\u00a0\u00e9mis\u00a0des\u00a0avis\u00a0en\u00a0sens\ncontraire\u00a0;\n\u2013\u00a0sauf\u00a0lorsque\u00a0la\u00a0surface\u00a0de\u00a0plancher\u00a0de\u00a0la\u00a0construction\u00a0faisant\u00a0l'objet\u00a0de\u00a0la\u00a0demande\u00a0de\u00a0permis\u00a0de\nconstruire\u00a0est\u00a0sup\u00e9rieure\u00a0ou\u00a0\u00e9gale\u00a0\u00e0\u00a01\u00a0000\u00a0m\u00b2\u00a0;\n\u2013\u00a0sauf\u00a0 si\u00a0 le\u00a0 permis\u00a0 de\u00a0 construire\u00a0 concerne\u00a0 les\u00a0 installations\u00a0 de\u00a0 production\u00a0 d'\u00e9nergie\u00a0 (cf.\u00a0 sp\u00e9cificit\u00e9s\u00a0 ci-\ndessous)\u00a0;\nV B 6\u00a0:\u00a0dans\u00a0le\u00a0cas\u00a0des\u00a0installations\u00a0de\u00a0production\u00a0d'\u00e9nergie\u00a0:\n\u2013\u00a0saisine\u00a0de\u00a0l'Autorit\u00e9\u00a0environnementale\n\u2013\u00a0signature\u00a0des\u00a0actes\u00a0relatifs\u00a0aux\u00a0demandes\u00a0de\u00a0permis\u00a0de\u00a0construire,\u00a0\u00e0\u00a0l'exception\u00a0des\u00a0d\u00e9cisions\ninitiales\u00a0d'accord\u00a0ou\u00a0de\u00a0refus,\u00a0\u00e0\u00a0savoir\u00a0:\u00a0modification,\u00a0prorogation,\u00a0transfert\n\u2013\u00a0signature \u00a0 des \u00a0 actes \u00a0 relatifs \u00a0 aux \u00a0 d\u00e9clarations \u00a0 pr\u00e9alables \u00a0 (d\u00e9cision \u00a0 initiale, \u00a0 modification,\nprorogation,\u00a0transfert)\nV B 7 :\u00a0certificat\u00a0en\u00a0cas\u00a0de\u00a0permis\u00a0tacite\u00a0ou\u00a0de\u00a0non\u00a0opposition\u00a0\u00e0\u00a0d\u00e9claration\u00a0pr\u00e9alable\nV B 8 :\u00a0certificat\u00a0de\u00a0non\u00a0recours\u00a0contre\u00a0les\u00a0permis\u00a0instruits\u00a0par\u00a0l'autorit\u00e9\u00a0administrative\u00a0de\u00a0l'\u00c9tat,\n\u00e9tabli\u00a0\u00e0\u00a0la\u00a0demande\u00a0du\u00a0p\u00e9titionnaire\nV B 9 :\u00a0d\u00e9rogation\u00a0aux\u00a0r\u00e8gles\u00a0d'implantation\u00a0fix\u00e9es\u00a0par\u00a0le\u00a0r\u00e8glement\u00a0national\u00a0d'urbanisme.\nC\u00a0-\u00a0Ach\u00e8vement\u00a0des\u00a0travaux\u00a0(permis\u00a0et\u00a0d\u00e9clarations)\u00a0:\nV C 1 :\u00a0contestation\u00a0de\u00a0la\u00a0conformit\u00e9\u00a0des\u00a0travaux\nV C 2 :\u00a0lettre\u00a0de\u00a0mise\u00a0en\u00a0demeure\u00a0de\u00a0d\u00e9poser\u00a0un\u00a0dossier\u00a0modificatif\u00a0ou\u00a0de\u00a0mettre\u00a0les\u00a0travaux\u00a0en\u00a0conformit\u00e9\nV C 3 :\u00a0attestation\u00a0de\u00a0non\u00a0contestation\u00a0de\u00a0la\u00a0conformit\u00e9\u00a0des\u00a0travaux.\nD\u00a0-\u00a0Sch\u00e9ma\u00a0de\u00a0coh\u00e9rence\u00a0territoriale\u00a0(SCOT)\u00a0et\u00a0sch\u00e9ma\u00a0de\u00a0secteurs\u00a0\u2013\u00a0code\u00a0de\u00a0l'urbanisme\u00a0:\nV D 1 :\u00a0consultation\u00a0des\u00a0services\u00a0int\u00e9ress\u00e9s\u00a0et\u00a0signature\u00a0du\u00a0porter\u00a0\u00e0\u00a0connaissance\u00a0-\u00a0L.132-1\u00a0\u00e0\u00a03,\nR.132-1\u00a0\u00e0\u00a03\nV D 2\u00a0: consultation\u00a0des\u00a0services\u00a0de\u00a0l'\u00c9tat\u00a0int\u00e9ress\u00e9s\u00a0par\u00a0le\u00a0projet\u00a0de\u00a0sch\u00e9ma\u00a0arr\u00eat\u00e9,\u00a0en\u00a0vue\u00a0de\u00a0la\nformulation \u00a0 de \u00a0 l'avis \u00a0 sollicit\u00e9 \u00a0 par \u00a0 le \u00a0 pr\u00e9sident \u00a0 de \u00a0 l'\u00e9tablissement \u00a0 public \u00a0 de \u00a0 coop\u00e9ration\nintercommunale\u00a0(EPCI)\u00a0aupr\u00e8s\u00a0du\u00a0Pr\u00e9fet\u00a0-\u00a0L.143-20\nV D 3\u00a0:\u00a0consultation\u00a0des\u00a0services\u00a0de\u00a0l'\u00c9tat\u00a0apr\u00e8s\u00a0enqu\u00eate\u00a0publique\u00a0-\u00a0L.143-23.\nE\u00a0-\u00a0Plan\u00a0local\u00a0d'urbanisme\u00a0(PLU)\u00a0\u2013\u00a0code\u00a0de\u00a0l'urbanisme\u00a0 \u00a0\u00a0\u00a0\u00a0:\nV E 1\u00a0:\u00a0consultation\u00a0des\u00a0services\u00a0int\u00e9ress\u00e9s\u00a0et\u00a0signature\u00a0du\u00a0porter\u00a0\u00e0\u00a0connaissance\u00a0-\u00a0L.132-1\u00a0\u00e0\u00a03,\nR.132-1\u00a0\u00e0\u00a03\nV E 2 : correspondances\u00a0relatives\u00a0\u00e0\u00a0l'association\u00a0de\u00a0l'\u00c9tat\u00a0et\u00a0\u00e0\u00a0sa\u00a0mise\u00a0en\u00a0\u0153uvre\u00a0dans\u00a0le\u00a0cadre\u00a0de\nl'\u00e9tablissement\u00a0du\u00a0PLU\u00a0-\u00a0L.\u00a0132-10,\u00a0L.153-34,\u00a0L.153-40-1\nV E 3 :\u00a0consultation\u00a0des\u00a0services\u00a0de\u00a0l'\u00c9tat\u00a0int\u00e9ress\u00e9s\u00a0par\u00a0le\u00a0projet\u00a0PLU\u00a0arr\u00eat\u00e9\u00a0-\u00a0L.153-16\nV E 4 : \u00e9laboration  du  projet  de  modification  ou  de  r\u00e9vision  du  PLU  et  conduite  de\nproc\u00e9dure lorsque celle-ci a \u00e9t\u00e9 prescrite par le Pr\u00e9fet, en application de l'article L.153-51\nV E 5 :\u00a0dans\u00a0le\u00a0cadre\u00a0de\u00a0la\u00a0mise\u00a0en\u00a0compatibilit\u00e9\u00a0d'un\u00a0PLU\u00a0avec\u00a0une\u00a0op\u00e9ration\u00a0\u00e0\u00a0d\u00e9clarer\u00a0d'utilit\u00e9\npublique\u00a0ou\u00a0faisant\u00a0l'objet\u00a0d'une\u00a0d\u00e9claration\u00a0de\u00a0projet\u00a0:\u00a0\n4\n03_Pr\u00e9f_Pr\u00e9fecture de l'Allier - 03-2025-12-23-00006 - Extrait de l'arr\u00eat\u00e9 n\u00b02929 du 23 d\u00e9cembre 2025 portant d\u00e9l\u00e9gation de signature\n\u00e0 Madame V\u00e9ronique DELMAS, directrice d\u00e9partementale adjointe des territoires de l'Allier 27\n- \u00a0 l'\u00e9tablissement \u00a0 du \u00a0 dossier \u00a0 de \u00a0 mise \u00a0 en \u00a0 compatibilit\u00e9 \u00a0 et \u00a0 conduite \u00a0 de \u00a0 proc\u00e9dure \u00a0 sauf \u00a0 enqu\u00eate\npublique\u00a0et\u00a0consultation\u00a0des\u00a0\u00e9lus\u00a0sur\u00a0la\u00a0mise\u00a0en\u00a0compatibilit\u00e9\u00a0des\u00a0documents\u00a0d'urbanisme\u00a0-\u00a0L.153-\n54\u00a0et\u00a0R.153-14\u00a0\u00e0\u00a017\nV E 6\u00a0:\u00a0notification\u00a0des\u00a0servitudes\u00a0nouvelles\u00a0devant\u00a0faire\u00a0l'objet\u00a0d'une\u00a0mise\u00a0\u00e0\u00a0jour\u00a0du\u00a0PLU\u00a0-\u00a0R.153-18\nV E 7\u00a0:\u00a0correspondances\u00a0relatives\u00a0\u00e0\u00a0une\u00a0proc\u00e9dure\u00a0de\u00a0modification\u00a0simplifi\u00e9e\u00a0du\u00a0PLU\u00a0-\u00a0L.153-45\u00a0\u00e0\u00a048\nF\u00a0-\u00a0Carte\u00a0communale\u00a0\u2013\u00a0code\u00a0de\u00a0l'urbanisme\u00a0:\nV F 1\u00a0:\u00a0consultation\u00a0des\u00a0services\u00a0int\u00e9ress\u00e9s\u00a0et\u00a0signature\u00a0du\u00a0porter\u00a0\u00e0\u00a0connaissance\u00a0-\u00a0R.163-2\nV F 2 :\u00a0correspondances\u00a0relatives\u00a0\u00e0\u00a0l'\u00e9laboration\u00a0de\u00a0la\u00a0carte\u00a0communale\u00a0et\u00a0\u00e0\u00a0sa\u00a0mise\u00a0en\u00a0\u0153uvre\u00a0-\nL.163-7\u00a0et\u00a010\u00a0et\u00a0R.163-5\nV F 3\u00a0:\u00a0correspondances\u00a0relatives\u00a0\u00e0\u00a0la\u00a0rectification\u00a0d'une\u00a0erreur\u00a0mat\u00e9rielle\u00a0de\u00a0la\u00a0carte\u00a0communale\u00a0-\nL.163-9\u00a0et\u00a0R.163-7.\nVI - BASES A\u00c9RIENNES\nVI 1 :\u00a0approbation\u00a0d'op\u00e9rations\u00a0domaniales\nVI 2\u00a0:\u00a0approbation\u00a0des\u00a0projets\u00a0d'entretien\u00a0dans\u00a0la\u00a0limite\u00a0des\u00a0cr\u00e9dits\u00a0disponibles\nVII - CHEMINS DE FER\n-\u00a0d\u00e9claration\u00a0d'inutilit\u00e9\u00a0aux\u00a0chemins\u00a0de\u00a0fer\u00a0des\u00a0immeubles\u00a0valant\u00a0moins\u00a0de\u00a0100\u00a0\u20ac\n-\u00a0classement\u00a0des\u00a0passages\u00a0\u00e0\u00a0niveaux\n-\u00a0cession,\u00a0d\u00e9classement\u00a0et\u00a0suppression\u00a0des\u00a0passages\u00a0\u00e0\u00a0niveau\nVIII - OBSERVATOIRE INTERMINIST\u00c9RIEL DU TERRITOIRE\nSignature \u00a0 des \u00a0 conventions \u00a0 bilat\u00e9rales \u00a0 de \u00a0 mise \u00a0 \u00e0 \u00a0 disposition \u00a0 de \u00a0 donn\u00e9es \u00a0 localis\u00e9es \u00a0 avec \u00a0 les\nservices\u00a0(services\u00a0de\u00a0l'\u00c9tat,\u00a0autres\u00a0services\u00a0d\u00e9tenteurs\u00a0de\u00a0donn\u00e9es,\u00a0notamment\u00a0gestionnaires\u00a0de\nservitudes\u00a0d'utilit\u00e9\u00a0publique,\u00a0fournisseurs\u00a0de\u00a0fonds\u00a0cartographiques).\nIX  - DISPOSITIONS  RELATIVES  A  L'AM\u00c9NAGEMENT  ET  L'\u00c9QUIPEMENT  DE  L'ESPACE\nRURAL ET DES ESPACES NATURELS\nIX 1\u00a0:\u00a0arr\u00eat\u00e9s\u00a0de\u00a0prescriptions\u00a0pr\u00e9vus\u00a0par\u00a0l'article\u00a0R.121-22\u00a0du\u00a0Code\u00a0rural\u00a0et\u00a0de\u00a0la\u00a0p\u00eache\u00a0maritime\nIX 2\u00a0:\u00a0arr\u00eat\u00e9\u00a0de\u00a0protection\u00a0pris\u00a0en\u00a0application\u00a0des\u00a0articles\u00a0L.126-3\u00a0et\u00a0L.123-8\u00a0du\u00a0Code\u00a0rural\u00a0et\u00a0de\u00a0la\np\u00eache\u00a0maritime\u00a0et\u00a0du\u00a0code\u00a0de\u00a0l'environnement\u00a0(articles\u00a0R.121-29\u00a0et\u00a0R.121-30\u00a0du\u00a0Code\u00a0rural\u00a0et\u00a0de\nla\u00a0p\u00eache\u00a0maritime)\nIX 3\u00a0:\u00a0arr\u00eat\u00e9\u00a0fixant\u00a0la\u00a0liste\u00a0des\u00a0parcelles\u00a0pouvant\u00a0b\u00e9n\u00e9ficier\u00a0d'une\u00a0exon\u00e9ration\u00a0de\u00a0taxe\u00a0fonci\u00e8re\u00a0sur\npropri\u00e9t\u00e9s \u00a0 non \u00a0 b\u00e2ties, \u00a0 au \u00a0 titre \u00a0 de \u00a0 Natura \u00a0 2000 \u00a0 (articles \u00a0 L.414-1 \u00a0 et \u00a0 R.414-1 \u00a0 du \u00a0 Code \u00a0 de\nl'environnement\u00a0et\u00a0code\u00a0g\u00e9n\u00e9ral\u00a0des\u00a0imp\u00f4ts)\nIX 4\u00a0:\u00a0arr\u00eat\u00e9 \u00a0 portant \u00a0 r\u00e9glementation \u00a0 de \u00a0 la \u00a0 cueillette \u00a0 des \u00a0 myrtilles \u00a0 (articles \u00a0 R.412-8, \u00a0 R.412-9 \u00a0 et\nR.415-3\u00a0du\u00a0Code\u00a0de\u00a0l'environnement\u00a0et\u00a0L.163-11\u00a0et\u00a0R.163-5\u00a0du\u00a0Code\u00a0forestier)\nIX 5 : d\u00e9cision permettant de soumettre \u00e0 \u00e9valuation des incidences Natura 2000 un projet,\nprogramme, manifestation, ne figurant pas sur les listes mentionn\u00e9es aux III et IV du L.414-4\ndu  Code  de  l'environnement  (clause  filet) ;  pour  les  projets  soumis  \u00e0  \u00e9valuation  des\nincidences, d\u00e9cisions d'autoriser ou de s'opposer \u00e0 la r\u00e9alisation du projet, programme,\nmanifestation,  d'imposer  des  prescriptions  et  ou  des  mesures  compensatoires\nconditionnant leur autorisation (articles L.414-4 IV bis et suivants, R.414-29 du Code de\nl'environnement)\nIX 6 :\u00a0modifications\u00a0des\u00a0arr\u00eat\u00e9s\u00a0de\u00a0protection\u00a0de\u00a0biotope\n(article\u00a0R.411-15\u00a0du\u00a0Code\u00a0de\u00a0l'environnement)\nIX 7 : d\u00e9claration et autorisation de d\u00e9roger \u00e0 la protection des alignements d'arbres\n(articles\u00a0L.350-3,\u00a0L.181-2\u00a0et\u00a0L.181-3\u00a0du\u00a0Code\u00a0de\u00a0l'Environnement)\n5\n03_Pr\u00e9f_Pr\u00e9fecture de l'Allier - 03-2025-12-23-00006 - Extrait de l'arr\u00eat\u00e9 n\u00b02929 du 23 d\u00e9cembre 2025 portant d\u00e9l\u00e9gation de signature\n\u00e0 Madame V\u00e9ronique DELMAS, directrice d\u00e9partementale adjointe des territoires de l'Allier 28\nX - FOR\u00caTS, PROTECTION DE LA NATURE, DES SOLS ET DES \u00c9QUILIBRES BIOLOGIQUES\nX 1 :\u00a0autorisations\u00a0et\u00a0refus\u00a0de\u00a0d\u00e9frichement,\u00a0recouvrement\u00a0des\u00a0taxes\nX 2 :\u00a0d\u00e9cisions\u00a0de\u00a0r\u00e9tablissement\u00a0des\u00a0lieux\u00a0en\u00a0\u00e9tat\u00a0apr\u00e8s\u00a0leur\u00a0d\u00e9frichement\nX 3 :\u00a0arr\u00eat\u00e9s\u00a0prescrivant\u00a0l'ex\u00e9cution\u00a0des\u00a0travaux\u00a0de\u00a0plantations\u00a0apr\u00e8s\u00a0d\u00e9frichement\u00a0aux\u00a0frais\u00a0du\u00a0propri\u00e9taire\nX 4 :\u00a0autorisations \u00a0 de \u00a0 coupe \u00a0 et \u00a0 d'abattage \u00a0 d'arbres \u00a0 dans \u00a0 les \u00a0 espaces \u00a0 bois\u00e9s \u00a0 class\u00e9s, \u00a0 dans \u00a0 les\ncommunes\u00a0o\u00f9\u00a0le\u00a0Plan\u00a0Local\u00a0d'Urbanisme\u00a0(PLU)\u00a0\u00a0n'est\u00a0pas\u00a0encore\u00a0approuv\u00e9\nX 5 :\u00a0autorisations\u00a0de\u00a0coupe\u00a0de\u00a0bois\u00a0soumises\u00a0au\u00a0r\u00e9gime\u00a0d'autorisations\u00a0administratives\nX 6 :\u00a0attributions \u00a0 des \u00a0 certificats \u00a0 permettant \u00a0 la \u00a0 r\u00e9duction \u00a0 des \u00a0 droits \u00a0 de \u00a0 mutation \u00a0 (amendement\nMONICHON) \u00a0 ou \u00a0 l'exon\u00e9ration \u00a0 des \u00a0 3/4 \u00a0 de \u00a0 la \u00a0 valeur \u00a0 des \u00a0 biens \u00a0 forestiers \u00a0 (imp\u00f4t \u00a0 sur \u00a0 la \u00a0 fortune\nimmobili\u00e8re)\u00a0-\u00a0code\u00a0forestier,\u00a0articles\u00a0L\u00a0124-1\u00a0et\u00a0suivants,\u00a0et\u00a0\u00a0code\u00a0g\u00e9n\u00e9ral\u00a0des\u00a0imp\u00f4ts,\u00a0articles\u00a0793,\n964\u00a0et\u00a0976\nX 7\u00a0:\u00a0prime\u00a0au\u00a0boisement\u00a0des\u00a0terres\u00a0agricoles\u00a0:\n-\u00a0d\u00e9cret\u00a0n\u00b0\u00a094-1054\u00a0du\u00a001/12/1994\u00a0modifi\u00e9\n-\u00a0d\u00e9cret\u00a0n\u00b02001-359\u00a0du\u00a019/04/2001\nX 8 :\u00a0passation \u00a0 des \u00a0 contrats \u00a0 de \u00a0 pr\u00eats \u00a0 aux \u00a0 particuliers \u00a0 accord\u00e9s \u00a0 sur \u00a0 les \u00a0 ressources \u00a0 du \u00a0 fonds\nforestier\u00a0national\u00a0et/ou\u00a0budget\u00a0de\u00a0l'\u00c9tat\u00a0-\u00a0code\u00a0forestier,\u00a0articles\u00a0R.156-4\u00a0et\u00a0R.156-5\nX 9 :\u00a0passation\u00a0des\u00a0actes\u00a0notari\u00e9s\u00a0et\u00a0administratifs\u00a0relevant\u00a0du\u00a0fonds\u00a0forestier\u00a0national\u00a0pour\u00a0les\npr\u00eats\u00a0sous\u00a0forme\u00a0de\u00a0travaux\u00a0et\u00a0les\u00a0pr\u00eats\u00a0en\u00a0num\u00e9raires\u00a0-\u00a0code\u00a0forestier,\u00a0article\u00a0R.156-5,\u00a0loi\u00a0n\u00b046-\n2172\u00a0du\u00a030/09/1946\nX 10 :\u00a0r\u00e9siliation,\u00a0transfert\u00a0\u00e0\u00a0un\u00a0nouveau\u00a0b\u00e9n\u00e9ficiaire,\u00a0modification\u00a0du\u00a0montant\u00a0d'un\u00a0pr\u00eat\u00a0sous\u00a0forme\nde\u00a0travaux\u00a0du\u00a0fonds\u00a0forestier\u00a0national\u00a0et/ou\u00a0budget\u00a0de\u00a0l'\u00c9tat\nX 11\u00a0:\u00a0arr\u00eat\u00e9\u00a0portant\u00a0application\u00a0ou\u00a0distraction\u00a0du\u00a0r\u00e9gime\u00a0forestier\u00a0-\u00a0articles\u00a0L.211-1,\u00a0L.221-2,\u00a0L.214-\n3\u00a0et\u00a0R.214-1\u00a0\u00e0\u00a0R.214-9\u00a0du\u00a0Code\u00a0Forestier\nX 12 : d\u00e9rogation\u00a0\u00e0\u00a0l'interdiction\u00a0de\u00a0destruction\u00a0d'esp\u00e8ces\u00a0prot\u00e9g\u00e9es\u00a0-\u00a0article\u00a0L.411-1\u00a0du\u00a0Code\u00a0de\nl'Environnement\nX 13\u00a0:\u00a0chartes\u00a0d'engagement\u00a0entre\u00a0l'\u00c9tat\u00a0et\u00a0les\u00a0r\u00e9f\u00e9rents\u00a0au\u00a0d\u00e9blaiement\u00a0d'urgence,\u00a0dans\u00a0le\u00a0cadre\ndu\u00a0plan\u00a0temp\u00eate\u00a0Auvergne-Rh\u00f4ne-Alpes\nXI \u2013 CHASSE\nXI 1 :\u00a0autorisations\u00a0de\u00a0capture\u00a0de\u00a0gibier\u00a0dans\u00a0les\u00a0r\u00e9serves\u00a0de\u00a0chasse\u00a0-\u00a0article\u00a0L.422-27\u00a0du\u00a0Code\u00a0de\nl'environnement\nXI 2 : autorisations individuelles de destruction des animaux nuisibles - articles L.427-8 et L.427-9\ndu Code de l'environnement\nXI 3 :\u00a0autorisations\u00a0de\u00a0reprise\u00a0de\u00a0gibier\u00a0vivant\u00a0en\u00a0vue\u00a0de\u00a0repeuplement\u00a0-\u00a0article\u00a0L.424-8\u00a0du\u00a0Code\u00a0de\nl'environnement\nXI 4 :\u00a0autorisations\u00a0de\u00a0d\u00e9tentions,\u00a0production\u00a0et\u00a0\u00e9levage\u00a0de\u00a0sangliers\u00a0-\u00a0arr\u00eat\u00e9\u00a0minist\u00e9riel\u00a0du\u00a020/08/2009\nXI 5 :\u00a0autorisations\u00a0d'ouverture,\u00a0d'immatriculation,\u00a0de\u00a0d\u00e9tention,\u00a0de\u00a0production\u00a0d'\u00e9levages\u00a0d'esp\u00e8ces\u00a0de\ngibiers\u00a0et\u00a0de\u00a0d\u00e9livrance\u00a0du\u00a0certificat\u00a0de\u00a0capacit\u00e9\u00a0-\u00a0code\u00a0de\u00a0l'environnement,\u00a0articles\u00a0L.\u00a0413-2,\u00a0L.413-3,\nR.413-19,\u00a0R.413-24,\u00a0R.413-28,\u00a0R.413-34\u00a0et\u00a0R.413-35,\u00a0arr\u00eat\u00e9\u00a0du\u00a008/02/2010\nXI 6 : arr\u00eat\u00e9\u00a0de\u00a0destructions\u00a0administratives\u00a0-\u00a0articles\u00a0L.427-6\u00a0et\u00a0R.427-1\u00a0du\u00a0Code\u00a0de\u00a0l'environnement\nXI 7\u00a0:\u00a0arr\u00eat\u00e9\u00a0fixant\u00a0les\u00a0plans\u00a0de\u00a0chasse\u00a0-\u00a0article\u00a0L.425-6\u00a0du\u00a0Code\u00a0de\u00a0l'environnement\nXI 8 :\u00a0agr\u00e9ment\u00a0des\u00a0pi\u00e9geurs\u00a0\u00a0-\u00a0arr\u00eat\u00e9\u00a0minist\u00e9riel\u00a0du\u00a029/01/2007\nXI 9 :\u00a0limitation\u00a0 des\u00a0 populations\u00a0 de\u00a0 grands\u00a0 cormorans\u00a0 et\u00a0 autorisations\u00a0 individuelles\u00a0 - \u00a0 instruction\u00a0 du\nminist\u00e8re\u00a0de\u00a0l'Environnement\u00a0du\u00a026/1 1/2010\nXI 10 :\u00a0entra\u00eenement,\u00a0concours\u00a0et\u00a0\u00e9preuves\u00a0de\u00a0chiens\u00a0de\u00a0chasse\u00a0-\u00a0arr\u00eat\u00e9\u00a0du\u00a021/01/2005\nXI 11 : autorisation\u00a0de\u00a0comptage\u00a0\u00e0\u00a0l'aide\u00a0de\u00a0sources\u00a0lumineuses\u00a0-\u00a0arr\u00eat\u00e9\u00a0minist\u00e9riel\u00a0du\u00a001/08/1986,\u00a0article\u00a01 1\u00a0bis\nXI 12\u00a0:\u00a0autorisation\u00a0de\u00a0d\u00e9tenir,\u00a0de\u00a0transporter\u00a0et\u00a0d'utiliser\u00a0des\u00a0oiseaux\u00a0pour\u00a0la\u00a0chasse\u00a0au\u00a0vol\u00a0-\u00a0arr\u00eat\u00e9\ndu\u00a008/10/2018\nXI 13 :\u00a0capture\u00a0d\u00e9finitive\u00a0de\u00a0gibier\u00a0\u00e0\u00a0des\u00a0fins\u00a0scientifiques\nXI 14\u00a0:\u00a0autorisation\u00a0exceptionnelle\u00a0de\u00a0capture\u00a0d\u00e9finitive\u00a0de\u00a0gibier\u00a0vivant\u00a0\u00e0\u00a0des\u00a0fins\u00a0scientifiques\u00a0ou\nde\u00a0repeuplement\nXI 15 :\u00a0attestation\u00a0de\u00a0meute\n6\n03_Pr\u00e9f_Pr\u00e9fecture de l'Allier - 03-2025-12-23-00006 - Extrait de l'arr\u00eat\u00e9 n\u00b02929 du 23 d\u00e9cembre 2025 portant d\u00e9l\u00e9gation de signature\n\u00e0 Madame V\u00e9ronique DELMAS, directrice d\u00e9partementale adjointe des territoires de l'Allier 29\nXI 16 : arr\u00eat\u00e9 relatif \u00e0 l'ouverture et \u00e0 la cl\u00f4ture de la chasse\nXI 17 :\u00a0arr\u00eat\u00e9\u00a0pr\u00e9fectoral\u00a0fixant\u00a0la\u00a0liste,\u00a0les\u00a0p\u00e9riodes\u00a0et\u00a0les\u00a0modalit\u00e9s\u00a0de\u00a0destruction\u00a0des\u00a0animaux\nsusceptibles\u00a0d'occasionner\u00a0des\u00a0d\u00e9g\u00e2ts\u00a0du\u00a0groupe\u00a03\u00a0-\u00a0article\u00a0R.427-6\u00a0du\u00a0Code\u00a0de\u00a0l'environnement\nXI 18 :\u00a0arr\u00eat\u00e9s \u00a0 relatifs \u00a0 au \u00a0 fonctionnement, \u00a0 \u00e0 \u00a0 la \u00a0 cr\u00e9ation \u00a0 et \u00a0 \u00e0 \u00a0 la \u00a0 composition \u00a0 de \u00a0 la \u00a0 commission\nd\u00e9partementale\u00a0de\u00a0la\u00a0chasse\u00a0et\u00a0de\u00a0la\u00a0faune\u00a0sauvage\u00a0-\u00a0articles\u00a0R.427-29\u00a0et\u00a0suivants\u00a0du\u00a0Code\u00a0de\nl'environnement\nXI 19 :\u00a0arr\u00eat\u00e9\u00a0relatif\u00a0\u00e0\u00a0l'interdiction\u00a0de\u00a0pi\u00e8ges\u00a0de\u00a0cat\u00e9gorie\u00a02\u00a0et\u00a05\u00a0pour\u00a0la\u00a0protection\u00a0du\u00a0castor\u00a0et\u00a0de\nla \u00a0 loutre\u00a0-\u00a0articles \u00a0 L.425-2, \u00a0 R.427-6, \u00a0 R.427-8, \u00a0 R.427-13 \u00a0 \u00e0 \u00a0 R.427-18 \u00a0 et \u00a0 R.427-25 \u00a0 du \u00a0 Code \u00a0 de\nl'environnement\nXI 20 :\u00a0mise\u00a0en\u00a0place\u00a0de\u00a0r\u00e9serve\u00a0de\u00a0chasse\u00a0et\u00a0faune\u00a0sauvage,\u00a0uniquement\u00a0sur\u00a0le\u00a0domaine\u00a0public\nfluvial\u00a0-articles\u00a0L.422-27,\u00a0R.422-82\u00a0\u00e0\u00a0R.422-91\u00a0du\u00a0Code\u00a0de\u00a0l'environnement\nXI 21\u00a0:\u00a0prolongation \u00a0 de \u00a0 la \u00a0 dur\u00e9e \u00a0 du \u00a0 sch\u00e9ma \u00a0 d\u00e9partemental \u00a0 de \u00a0 gestion \u00a0 cyn\u00e9g\u00e9tique \u00a0 (SDGC) \u00a0 et\napprobation\u00a0de\u00a0ses\u00a0modifications\u00a0-\u00a0articles\u00a0L.425-1\u00a0\u00e0\u00a0L.425-5\u00a0du\u00a0Code\u00a0de\u00a0l'environnement\nXI 22 : notification aux d\u00e9tenteurs de plans de chasse du nombre d'animaux \u00e0 pr\u00e9lever et du\nd\u00e9lai de pr\u00e9l\u00e8vement lorsque l'\u00e9quilibre agro-sylvo-cyn\u00e9g\u00e9tique est fortement perturb\u00e9 -\narticle  L.425-5-1  du  Code  de  l'environnement  -  et  modification  des  plans  de  chasse\nindividuels, soit en cas de d\u00e9faillance grave dans la prise en compte par le plan de chasse\nmentionn\u00e9  \u00e0  l'article  L.425-6  des  orientations  du  sch\u00e9ma  d\u00e9partemental  de  gestion\ncyn\u00e9g\u00e9tique, soit en cas d'augmentation importante des d\u00e9g\u00e2ts de gibier lorsqu'il est \u00e9tabli\nqu'elle r\u00e9sulte de pr\u00e9l\u00e8vements insuffisants - article L.425-8 du Code de l'environnement\nXI 23\u00a0:\u00a0fixation\u00a0du\u00a0nombre\u00a0d'animaux\u00a0\u00e0\u00a0pr\u00e9lever,\u00a0des\u00a0modalit\u00e9s\u00a0de\u00a0chasse\u00a0du\u00a0petit\u00a0gibier\u00a0sur\u00a0des\nterritoires\u00a0donn\u00e9s\u00a0(plans\u00a0de\u00a0gestion\u00a0ou\u00a0de\u00a0chasse\u00a0du\u00a0petit\u00a0gibier)\u00a0-\u00a0articles\u00a0L.425-14\u00a0et\u00a0L.425-15\u00a0du\nCode\u00a0de\u00a0l'environnement\nXII - P\u00caCHE\nXII 1 :\u00a0autorisation\u00a0 de \u00a0 concours\u00a0 de \u00a0 p\u00eache\u00a0 dans\u00a0 les \u00a0 eaux\u00a0 de \u00a0 la \u00a0 premi\u00e8re\u00a0 cat\u00e9gorie\u00a0 - \u00a0 code\u00a0 de\nl'environnement,\u00a0article\u00a0R.436-22\nXII 2 :\u00a0d\u00e9claration\u00a0des\u00a0plans\u00a0d'eau\u00a0en\u00a0vue\u00a0de\u00a0b\u00e9n\u00e9ficier\u00a0des\u00a0dispositions\u00a0des\u00a0articles\u00a0L.431-7,\u00a0R.431-1\u00a0\u00e0\nR.431-6\u00a0du\u00a0code\u00a0de\u00a0l'environnement\nXII 3 :\u00a0interdiction\u00a0ou\u00a0limitation\u00a0de\u00a0la\u00a0p\u00eache\u00a0en\u00a0cas\u00a0de\u00a0baisse\u00a0naturelle\u00a0ou\u00a0artificielle\u00a0des\u00a0eaux\u00a0-\u00a0code\u00a0de\nl'environnement,\u00a0article\u00a0R.436-12\u00a0et\u00a0R.436-32\nXII 4 :\u00a0autorisations\u00a0de\u00a0p\u00eaches\u00a0exceptionnelles\u00a0-\u00a0code\u00a0de\u00a0l'environnement,\u00a0article\u00a0L.436-9\nXII 5 :\u00a0application\u00a0des\u00a0clauses\u00a0du\u00a0cahier\u00a0g\u00e9n\u00e9ral\u00a0des\u00a0charges\u00a0pour\u00a0la\u00a0location\u00a0par\u00a0l'\u00c9tat,\u00a0\u00e0\u00a0des\u00a0associations\nagr\u00e9\u00e9es\u00a0de\u00a0p\u00eache,\u00a0du\u00a0droit\u00a0de\u00a0p\u00eache\u00a0aux\u00a0lignes\u00a0et\u00a0aux\u00a0balances\u00a0dans\u00a0les\u00a0eaux\u00a0du\u00a0domaine\u00a0public\u00a0fluvial\u00a0-\ncode\u00a0de\u00a0l'environnement,\u00a0article\u00a0R.435-3\nXII 6 :\u00a0application\u00a0des\u00a0clauses\u00a0du\u00a0cahier\u00a0g\u00e9n\u00e9ral\u00a0des\u00a0charges\u00a0pour\u00a0la\u00a0location\u00a0du\u00a0droit\u00a0de\u00a0p\u00eache\u00a0aux\u00a0engins\ndans\u00a0les\u00a0eaux\u00a0du\u00a0domaine\u00a0public\u00a0fluvial\u00a0-\u00a0code\u00a0de\u00a0l'environnement,\u00a0articles\u00a0R.435-7\u00a0\u00e0\u00a0R.435-10\nXII 7 :\u00a0interdiction\u00a0 temporaire\u00a0 de \u00a0 la \u00a0 p\u00eache\u00a0-\u00a0protection\u00a0 des\u00a0 repeuplements\u00a0-\u00a0code\u00a0de \u00a0 l'environnement,\narticle\u00a0R.436-8\nXII 8 :\u00a0agr\u00e9ment\u00a0et\u00a0approbation\u00a0des\u00a0statuts\u00a0des\u00a0associations\u00a0de\u00a0p\u00eacheurs\u00a0professionnels\u00a0en\u00a0eau\u00a0douce\nXII 9 :\u00a0autorisation\u00a0de\u00a0p\u00eache\u00a0\u00e0\u00a0la\u00a0carpe\u00a0de\u00a0nuit\u00a0-\u00a0code\u00a0de\u00a0l'environnement,\u00a0article\u00a0R.436-14\nXII 10 :\u00a0cr\u00e9ation\u00a0de\u00a0r\u00e9serve\u00a0temporaire\u00a0de\u00a0p\u00eache\u00a0-\u00a0code\u00a0de\u00a0l'environnement,\u00a0articles\u00a0R.436-73\u00a0\u00e0\u00a0R.436-79\nXII 11\u00a0:\u00a0agr\u00e9ment\u00a0du\u00a0pr\u00e9sident\u00a0et\u00a0du\u00a0tr\u00e9sorier\u00a0d'une\u00a0association\u00a0agr\u00e9\u00e9e\u00a0de\u00a0p\u00eache\u00a0et\u00a0de\u00a0protection\u00a0du\u00a0milieu\naquatique\u00a0(AAPPMA)\u00a0ou\u00a0d'une\u00a0association\u00a0d\u00e9partementale\u00a0agr\u00e9\u00e9e\u00a0de\u00a0p\u00eacheurs\u00a0amateurs\u00a0aux\u00a0engins\u00a0et\u00a0aux\nfilets\u00a0(ADAP AEF)\u00a0-\u00a0code\u00a0de\u00a0l'environnement,\u00a0article\u00a0R.434-27\nXII 12 :\u00a0r\u00e9glementation\u00a0de\u00a0la\u00a0p\u00eache\u00a0applicable\u00a0dans\u00a0le\u00a0d\u00e9partement\u00a0de\u00a0l'Allier .\nXIII - POLICE DE L'EAU ET DES MILIEUX AQUATIQUES\nXIII 1 :\u00a0police\u00a0des\u00a0eaux\u00a0sur\u00a0l'ensemble\u00a0du\u00a0territoire\u00a0du\u00a0d\u00e9partement\u00a0de\u00a0l'Allier\u00a0dont\u00a0la\u00a0police\u00a0rel\u00e8ve\nde\u00a0la\u00a0direction\u00a0d\u00e9partementale\u00a0des\u00a0territoires\u00a0de\u00a0l'Allier\nXIII 2 :\u00a0police\u00a0et\u00a0conservation\u00a0des\u00a0eaux\u00a0-\u00a0code\u00a0de\u00a0l'environnement,\u00a0articles\u00a0L.215-7\u00a0\u00e0\u00a0L.215-13\n-\u00a0Arr\u00eat\u00e9\u00a0d\u00e9finissant\u00a0des\u00a0zones\u00a0d'alerte\u00a0au\u00a0titre\u00a0de\u00a0la\u00a0s\u00e9cheresse,\u00a0article\u00a0R.21 1-67\u00a0du\u00a0code\u00a0de\u00a0l'environnement\n7\n03_Pr\u00e9f_Pr\u00e9fecture de l'Allier - 03-2025-12-23-00006 - Extrait de l'arr\u00eat\u00e9 n\u00b02929 du 23 d\u00e9cembre 2025 portant d\u00e9l\u00e9gation de signature\n\u00e0 Madame V\u00e9ronique DELMAS, directrice d\u00e9partementale adjointe des territoires de l'Allier 30\n-\u00a0Arr\u00eat\u00e9s\u00a0de\u00a0limitation\u00a0ou\u00a0de\u00a0suspension\u00a0de\u00a0pr\u00e9l\u00e8vement\u00a0dans\u00a0les\u00a0cours\u00a0d'eau,\u00a0articles\u00a0L.21 1-3,\u00a0R.21 1-66\u00a0\u00e0\nR.21 1-70\u00a0du\u00a0code\u00a0de\u00a0l'environnement\nXIII 3 :\u00a0tous\u00a0les\u00a0actes\u00a0relatifs\u00a0aux\u00a0proc\u00e9dures\u00a0d'autorisation\u00a0et\u00a0de\u00a0d\u00e9claration\u00a0pr\u00e9vus\u00a0par\u00a0l'article\u00a0L.214-1\u00a0\u00e0\u00a06\u00a0du\ncode\u00a0de\u00a0l'environnement,\u00a0tous\u00a0les\u00a0documents\u00a0y\u00a0aff\u00e9rents\u00a0y\u00a0compris\u00a0ceux\u00a0n\u00e9cessaires\u00a0\u00e0\u00a0l'application\u00a0des\narticles\u00a0L\u00a0122-1\u00a0et\u00a0L\u00a0123-1\u00a0et\u00a0suivants\u00a0du\u00a0Code\u00a0de\u00a0l'Environnement,\u00a0\u00e0\u00a0l'exception\u00a0des\u00a0arr\u00eat\u00e9s\u00a0de\u00a0retrait\u00a0ou\u00a0de\nsuspension\u00a0d'autorisation\u00a0et\u00a0d'ouverture\u00a0d'enqu\u00eates\u00a0publiques\nXIII 4 :\u00a0tous\u00a0les\u00a0actes\u00a0relatifs\u00a0\u00e0\u00a0la\u00a0proc\u00e9dure\u00a0applicable\u00a0aux\u00a0op\u00e9rations\u00a0entreprises\u00a0dans\u00a0le\u00a0cadre\u00a0de\u00a0l'article\u00a0L\n21 1-7\u00a0du\u00a0code\u00a0de\u00a0l'environnement\u00a0et\u00a0tous\u00a0les\u00a0documents\u00a0y\u00a0aff\u00e9rents,\u00a0\u00e0\u00a0l'exception\u00a0des\u00a0arr\u00eat\u00e9s\u00a0de\u00a0retrait\u00a0ou\u00a0de\nsuspension\u00a0et\u00a0des\u00a0arr\u00eat\u00e9s\u00a0d'ouverture\u00a0d'enqu\u00eates\u00a0publiques\nXIII 5 :\u00a0d\u00e9cisions\u00a0relatives\u00a0\u00e0\u00a0l'agr\u00e9ment\u00a0des\u00a0personnes\u00a0r\u00e9alisant\u00a0les\u00a0vidanges\u00a0et\u00a0prenant\u00a0en\u00a0charge\u00a0le\u00a0transport\net\u00a0l'\u00e9limination\u00a0des\u00a0mati\u00e8res\u00a0extraites\u00a0des\u00a0installations\u00a0d'assainissement\u00a0non\u00a0collectif\u00a0(arr\u00eat\u00e9\u00a0du\u00a07\u00a0septembre\n2009\u00a0modifi\u00e9)\nXIII 6 :\u00a0tous\u00a0les\u00a0actes\u00a0relatifs\u00a0aux\u00a0proc\u00e9dures\u00a0d'autorisation\u00a0pr\u00e9vue\u00a0\u00e0\u00a0l'alin\u00e9a\u00a01\u00a0de\u00a0l'article\u00a0L.181-1\u00a0du\u00a0code\u00a0de\nl'environnement,\u00a0\u00e0\u00a0l'exception\u00a0des\u00a0arr\u00eat\u00e9s\u00a0de\u00a0retrait\u00a0ou\u00a0de\u00a0suspension\u00a0et\u00a0des\u00a0arr\u00eat\u00e9s\u00a0d'ouverture\u00a0d'enqu\u00eates\npubliques\nXIII 7\u00a0:\u00a0conduite\u00a0des\u00a0proc\u00e9dures\u00a0de\u00a0mise\u00a0en\u00a0demeure,\u00a0arr\u00eat\u00e9s\u00a0de\u00a0mise\u00a0en\u00a0demeure\u00a0et\u00a0mise\u00a0en\u00a0\u0153uvre\u00a0des\nsuites\u00a0administratives\u00a0en\u00a0cas\u00a0d'absence\u00a0d'autorisation,\u00a0de\u00a0d\u00e9claration\u00a0d'installations,\u00a0d'ouvrages,\u00a0de\u00a0travaux\nou\u00a0d'activit\u00e9s\u00a0pr\u00e9vues\u00a0\u00e0\u00a0l'article\u00a0R.214-1\u00a0du\u00a0code\u00a0de\u00a0l'environnement\u00a0ou\u00a0de\u00a0non-respect\u00a0des\u00a0prescriptions,\u00a0en\napplication\u00a0des\u00a0articles\u00a0L.171-6\u00a0et\u00a0L.171-7\u00a0et\u00a0L.171-8\u00a0du\u00a0code\u00a0de\u00a0l'environnement.\nXIV - STRUCTURES DES EXPLOITATIONS AGRICOLES\nT outes\u00a0d\u00e9cisions\u00a0:\n-\u00a0relatives\u00a0au\u00a0contr\u00f4le\u00a0des\u00a0structures\u00a0des\u00a0exploitations\u00a0agricoles\u00a0:\u00a0articles\u00a0L.331-1\u00a0\u00e0\u00a0L.331-11\u00a0du\ncode\u00a0rural\u00a0et\u00a0de\u00a0la\u00a0p\u00eache\u00a0maritime\n-\u00a0relatives\u00a0au\u00a0changement\u00a0de\u00a0destination\u00a0des\u00a0terres\u00a0:\u00a0article\u00a0L.41 1-32\u00a0du\u00a0code\u00a0rural\u00a0et\u00a0de\u00a0la\u00a0p\u00eache\u00a0maritime\n-\u00a0prises\u00a0par\u00a0le\u00a0comit\u00e9\u00a0d\u00e9partemental\u00a0d'agr\u00e9ment\u00a0et\u00a0la\u00a0section\u00a0sp\u00e9cialis\u00e9e\u00a0de\u00a0la\u00a0CDOA\u00a0G.A.E.C.\n-\u00a0relatives\u00a0\u00e0\u00a0la\u00a0mesure\u00a0AITA\u00a0(Aide\u00a0\u00e0\u00a0l'Installation\u00a0Transmission\u00a0en\u00a0Agriculture)\n-\u00a0relatives\u00a0aux\u00a0aides\u00a0du\u00a0PIDIL\u00a0(Programme\u00a0pour\u00a0l'Installation\u00a0et\u00a0le\u00a0D\u00e9veloppement\u00a0des\u00a0Initiatives\n\u00a0\u00a0Locales)\n-\u00a0relatives\u00a0au\u00a0plan\u00a0de\u00a0professionnalisation\u00a0personnalis\u00e9\n-\u00a0relatives\u00a0au\u00a0cumul\u00a0retraite\u00a0\u2013\u00a0activit\u00e9\n-\u00a0relatives\u00a0\u00e0\u00a0la\u00a0retraite\u00a0progressive\u00a0des\u00a0chefs\u00a0d'exploitation\u00a0ou\u00a0d'entreprise\u00a0agricole\n-\u00a0relatives\u00a0aux\u00a0aides\u00a0\u00e0\u00a0l'installation\u00a0(DJA\u00a0et\u00a0pr\u00eats\u00a0bonifi\u00e9s\u00a0MTS\u00a0JA)\n-\u00a0relatives\u00a0au\u00a0dispositif\u00a0d'accompagnement\u00a0\u00e0\u00a0l'installation\n-\u00a0relatives\u00a0aux\u00a0MTS\u00a0CUMA\u00a0et/ou\u00a0GAEC.\nActes\u00a0et\u00a0correspondances\u00a0relevant\u00a0de\u00a0la\u00a0mise\u00a0en\u00a0\u0153uvre\u00a0du\u00a0dispositif\u00a0d'autorisation\u00a0pr\u00e9alable\u00a0relatif\naux\u00a0op\u00e9rations\u00a0soci\u00e9taires,\u00a0pr\u00e9vu\u00a0aux\u00a0articles\u00a0L.333-1\u00a0\u00e0\u00a0L.333-5\u00a0et\u00a0R.333-1\u00a0\u00e0\u00a0R.333-16\u00a0du\u00a0code\nrural\u00a0et\u00a0de\u00a0la\u00a0p\u00eache\u00a0maritime\u00a0(loi\u00a0Sempastous).\nXV - AIDES RELEVANT DE LA POLITIQUE AGRICOLE COMMUNE (PAC)\nT outes\u00a0 d\u00e9cisions \u00a0 relatives \u00a0 aux \u00a0 primes, \u00a0 aides \u00a0 et \u00a0 indemnit\u00e9s, \u00a0 communautaires \u00a0 et \u00a0 fran\u00e7aises,\nintervenant\u00a0dans\u00a0l'instruction,\u00a0le\u00a0contr\u00f4le\u00a0et/ou\u00a0la\u00a0suite\u00a0des\u00a0contr\u00f4les\u00a0et\u00a0la\u00a0conditionnalit\u00e9,\u00a0pour\u00a0les\nmesures\u00a0suivantes\u00a0:\nXV 1 :\u00a0aides\u00a0d\u00e9coupl\u00e9es\n-\u00a0relevant\u00a0de\u00a0la\u00a0programmation\u00a02007-2013\n-\u00a0relevant\u00a0de\u00a0la\u00a0programmation\u00a02014-2022\n-\u00a0relevant\u00a0de\u00a0la\u00a0programmation\u00a02023-2027\u00a0dont\u00a0:\n-\u00a0transferts\u00a0de\u00a0droits\u00a0\u00e0\u00a0paiement\u00a0de\u00a0base\u00a0et\u00a0aide\u00a0de\u00a0base\u00a0au\u00a0revenu\n-\u00a0paiement\u00a0redistributif\n-\u00a0\u00e9cor\u00e9gime\n-\u00a0aide\u00a0compl\u00e9mentaire\u00a0aux\u00a0jeunes\u00a0agriculteurs\n8\n03_Pr\u00e9f_Pr\u00e9fecture de l'Allier - 03-2025-12-23-00006 - Extrait de l'arr\u00eat\u00e9 n\u00b02929 du 23 d\u00e9cembre 2025 portant d\u00e9l\u00e9gation de signature\n\u00e0 Madame V\u00e9ronique DELMAS, directrice d\u00e9partementale adjointe des territoires de l'Allier 31\nXV 2 :\u00a0aides\u00a0coupl\u00e9es\u00a0animales\n-\u00a0relevant\u00a0de\u00a0la\u00a0programmation\u00a02007-2013\n-\u00a0relevant\u00a0de\u00a0la\u00a0programmation\u00a02014-2022\n-\u00a0relevant\u00a0de\u00a0la\u00a0programmation\u00a02023-2027\u00a0dont\u00a0:\n-\u00a0aide\u00a0bovine\n-\u00a0aide\u00a0ovine,\u00a0aide\u00a0caprine\n-\u00a0aide\u00a0aux\u00a0veaux\u00a0sous\u00a0la\u00a0m\u00e8re\u00a0et\u00a0aux\u00a0veaux\u00a0bio\nXV 3\u00a0:\u00a0aides\u00a0coupl\u00e9es\u00a0v\u00e9g\u00e9tales\n-\u00a0relevant\u00a0de\u00a0la\u00a0programmation\u00a02007-2013\n-\u00a0relevant\u00a0de\u00a0la\u00a0programmation\u00a02014-2022\n-\u00a0relevant\u00a0de\u00a0la\u00a0programmation\u00a02023-2027\nXV 4 :\u00a0aides\u00a0relevant\u00a0du\u00a0d\u00e9veloppement\u00a0rural\n-\u00a0relevant\u00a0de\u00a0la\u00a0programmation\u00a02007-2013\n-\u00a0relevant\u00a0de\u00a0la\u00a0programmation\u00a02014-2022\n-\u00a0relevant\u00a0de\u00a0la\u00a0programmation\u00a02023-2027\u00a0dont\u00a0:\n-\u00a0indemnit\u00e9\u00a0compensatrice\u00a0de\u00a0handicap\u00a0naturel\u00a0(ICHN)\n-\u00a0mesures\u00a0agro-environnementales\u00a0climatiques\u00a0(MAEC)\n-\u00a0conversion\u00a0\u00e0\u00a0l'agriculture\u00a0biologique\nXVI - PR\u00c9DATEURS\nCode\u00a0de\u00a0l'environnement\u00a0:\u00a0articles\u00a0L.411-1\u00a0et\u00a0L.427-6\nCode\u00a0rural\u00a0:\u00a0articles\u00a0L.31 1-1,\u00a0D.1 14-1 1\u00a0\u00e0\u00a017,\u00a0R.514-37\nD\u00e9cret\u00a0n\u00b02019-722\u00a0du\u00a09\u00a0juillet\u00a02019\n-\u00a0d\u00e9cisions\u00a0d'indemnisation\u00a0pour\u00a0dommages\u00a0aux\u00a0troupeaux\u00a0domestiques\u00a0imput\u00e9s\u00a0au\u00a0loup,\u00a0\u00e0\u00a0l'ours\u00a0ou\u00a0au\u00a0lynx\n-\u00a0d\u00e9cisions\u00a0relatives\u00a0\u00e0\u00a0l'aide\u00a0\u00e0\u00a0la\u00a0protection\u00a0des\u00a0exploitations\u00a0et\u00a0des\u00a0troupeaux\u00a0contre\u00a0la\u00a0pr\u00e9dation\nArr\u00eat\u00e9\u00a0du\u00a030\u00a0d\u00e9cembre\u00a02022\u00a0relatif\u00a0\u00e0\u00a0l'aide\u00a0\u00e0\u00a0la\u00a0protection\u00a0des\u00a0exploitations\u00a0et\u00a0des\u00a0troupeaux\u00a0contre\u00a0la\npr\u00e9dation\u00a0du\u00a0loup\u00a0et\u00a0de\u00a0l'ours\nXVII - ACCOMPAGNEMENT DES CUMA\nT outes\u00a0 d\u00e9cisions \u00a0 relatives \u00a0 aux \u00a0 aides \u00a0 du \u00a0 dispositif \u00a0 national \u00a0 d'accompagnement \u00a0 des \u00a0 projets \u00a0 et\ninitiatives\u00a0(DiNA)\u00a0des\u00a0coop\u00e9ratives\u00a0d'utilisation\u00a0en\u00a0commun\u00a0de\u00a0mat\u00e9riel\u00a0agricole\u00a0(CUMA)\nXVIII - AIDES AUX AGRICULTEURS EN DIFFICULT\u00c9\nXVIII 1\u00a0:\u00a0d\u00e9cisions \u00a0 attributives \u00a0 des \u00a0 aides \u00a0 conjoncturelles \u00a0 aux \u00a0 agriculteurs \u00a0 ou \u00a0 aux \u00a0 exploitations\nagricoles,\u00a0en\u00a0raison\u00a0d'al\u00e9as\u00a0climatiques\u00a0ou\u00a0\u00e9conomiques\nXVIII 2 :\u00a0d\u00e9cisions\u00a0d'octroi\u00a0d'aides\u00a0\u00e0\u00a0certaines\u00a0mutations\u00a0d'exploitation\nXVIII 3 :\u00a0aides\u00a0relatives\u00a0\u00e0\u00a0la\u00a0r\u00e9insertion\u00a0professionnelle\nXVIII 4\u00a0:\u00a0d\u00e9cisions\u00a0attributives\u00a0d'aides\u00a0\u00e0\u00a0la\u00a0reconversion\u00a0ou\u00a0\u00e0\u00a0la\u00a0r\u00e9installation\nXVIII 5 :\u00a0cong\u00e9s\u00a0de\u00a0formation\u00a0des\u00a0exploitants\u00a0agricoles\nXVIII 6 : aides\u00a0au\u00a0redressement\u00a0de\u00a0l'exploitation\nXVIII 7 :\u00a0propositions\u00a0de\u00a0reconnaissances\u00a0de\u00a0pertes\u00a0de\u00a0r\u00e9colte\u00a0au\u00a0titre\u00a0de\u00a0l'indemnisation\u00a0fond\u00e9e\nsur \u00a0 la \u00a0 solidarit\u00e9 \u00a0 nationale \u00a0 et \u00a0 des \u00a0 pertes \u00a0 de \u00a0 fonds \u00a0 au \u00a0 titre \u00a0 de \u00a0 calamit\u00e9s \u00a0 agricoles, \u00a0 d\u00e9cisions\nd'indemnisations\u00a0relatives\nXIX\u00a0-\u00a0M\u00c9DAILLES\nPropositions\u00a0de\u00a0nomination\u00a0et\u00a0d\u00e9cisions\u00a0d'attribution\u00a0pour\u00a0les\u00a0:\n-\u00a0m\u00e9dailles\u00a0d'honneur\u00a0agricole\u00a0(d\u00e9cret\u00a0du\u00a011\u00a0d\u00e9cembre\u00a01984\u00a0modifi\u00e9)\n-\u00a0m\u00e9dailles \u00a0 de \u00a0 la \u00a0 mutualit\u00e9, \u00a0 de \u00a0 la \u00a0 coop\u00e9ration \u00a0 et \u00a0 du \u00a0 cr\u00e9dit \u00a0 agricoles \u00a0 (arr\u00eat\u00e9 \u00a0 du \u00a0 14 \u00a0 mars \u00a0 1957\nmodifi\u00e9)\n9\n03_Pr\u00e9f_Pr\u00e9fecture de l'Allier - 03-2025-12-23-00006 - Extrait de l'arr\u00eat\u00e9 n\u00b02929 du 23 d\u00e9cembre 2025 portant d\u00e9l\u00e9gation de signature\n\u00e0 Madame V\u00e9ronique DELMAS, directrice d\u00e9partementale adjointe des territoires de l'Allier 32\nXX - TUTELLE DE L'\u00c9TABLISSEMENT DE L'\u00c9LEVAGE\nArticle\u00a0R.653-42\u00a0du\u00a0code\u00a0rural\nXXI - PROTECTION DES V\u00c9G\u00c9TAUX\nLutte\u00a0contre\u00a0les\u00a0chardons\nXXII - COMMISSION  D\u00c9PARTEMENTALE  DE  PR\u00c9SERVATION  DES  ESPACES  NATURELS,\nAGRICOLES ET FORESTIERS\nAvis\u00a0de\u00a0la\u00a0CDPENAF\nXXIII : \u00c9TUDES PR\u00c9ALABLES AGRICOLES ET COMPENSATION COLLECTIVE AGRICOLE\n-\u00a0Avis\u00a0du\u00a0pr\u00e9fet\u00a0sur\u00a0les\u00a0\u00e9tudes\u00a0pr\u00e9alables\u00a0agricoles\u00a0pr\u00e9vues\u00a0\u00e0\u00a0l'article\u00a0L.112-1-3\u00a0du\u00a0code\u00a0rural\u00a0et\u00a0de\nla\u00a0p\u00eache\u00a0maritime\n-\u00a0Conventions\u00a0pour\u00a0la\u00a0gestion\u00a0des\u00a0mesures\u00a0de\u00a0compensation\u00a0par\u00a0le\u00a0Fonds\u00a0de\u00a0compensation\u00a0de\u00a0l'Allier\n-\u00a0Conventions\u00a0pour\u00a0la\u00a0gestion\u00a0des\u00a0mesures\u00a0de\u00a0compensation\u00a0par\u00a0le\u00a0ma\u00eetre\u00a0d'ouvrage\n-\u00a0Arr\u00eat\u00e9s\u00a0de\u00a0consignation\u00a0pour\u00a0la\u00a0compensation\u00a0collective\u00a0agricole\n-\u00a0Arr\u00eat\u00e9s\u00a0de\u00a0d\u00e9consignation\u00a0pour\u00a0la\u00a0compensation\u00a0collective\u00a0agricole\u00a0\nXXIV - D\u00c9FENSE\nXXIV 1 :\u00a0d\u00e9cisions \u00a0 de \u00a0 recensement, \u00a0 de \u00a0 modification \u00a0 et \u00a0 de \u00a0 radiation \u00a0 des \u00a0 entreprises \u00a0 de \u00a0 travaux\npublics\u00a0et\u00a0de\u00a0b\u00e2timent\u00a0soumises\u00a0aux\u00a0obligations\u00a0de\u00a0d\u00e9fense\u00a0\nXXV - PUBLICIT\u00c9\nXXV 1\u00a0:\u00a0toutes \u00a0 d\u00e9cisions \u00a0 relatives \u00a0 aux \u00a0 missions \u00a0 d'instruction \u00a0 des \u00a0 demandes \u00a0 d'autorisation\npr\u00e9alable\u00a0et\u00a0de\u00a0d\u00e9claration\u00a0pr\u00e9alable\u00a0relevant\u00a0des\u00a0articles\u00a0L.581-1\u00a0\u00e0\u00a0L.581-45\u00a0et\u00a0R.581-1\u00a0\u00e0\u00a0R.581-\n11\u00a0du\u00a0code\u00a0de\u00a0l'environnement\nSECTION 2 : COMP\u00c9TENCE D'ORDONNANCEMENT SECONDAIRE\nArticle     2     :\u00a0D\u00e9l\u00e9gation \u00a0 de \u00a0 signature \u00a0 est \u00a0 donn\u00e9e \u00a0 \u00e0 \u00a0Mme  V\u00e9ronique  DELMAS, \u00a0 directrice\nd\u00e9partementale\u00a0adjointe\u00a0des\u00a0territoires\u00a0de\u00a0l'Allier,\u00a0pour\u00a0proc\u00e9der\u00a0\u00e0\u00a0l'ordonnancement\u00a0secondaire\ndes \u00a0 d\u00e9penses \u00a0 et \u00a0 recettes \u00a0 de \u00a0 l'\u00c9tat \u00a0 dont \u00a0 la \u00a0 direction \u00a0 d\u00e9partementale \u00a0 des \u00a0 territoires \u00a0 est\u00a0unit\u00e9\nop\u00e9rationnelle\u00a0au\u00a0titre\u00a0des\u00a0cr\u00e9dits\u00a0:\n-\u00a0des\u00a0services\u00a0du\u00a0Premier\u00a0Ministre\u00a0:\n\u00a0\u25aa\u00a0programme\u00a0162\u00a0:\u00a0interventions\u00a0territoriales\u00a0de\u00a0l'\u00c9tat\n-\u00a0du\u00a0minist\u00e8re\u00a0de\u00a0la\u00a0transition\u00a0\u00e9cologique\u00a0:\n\u25aa\u00a0programme\u00a0113\u00a0:\u00a0paysage,\u00a0eau\u00a0et\u00a0biodiversit\u00e9\n\u25aa\u00a0programme\u00a0181\u00a0:\u00a0pr\u00e9vention\u00a0des\u00a0risques\n\u25aa\u00a0programme\u00a0203\u00a0:\u00a0infrastructures\u00a0et\u00a0services\u00a0de\u00a0transports\n\u25aa\u00a0programme\u00a0207\u00a0:\u00a0s\u00e9curit\u00e9\u00a0routi\u00e8re\u00a0et\u00a0circulation\u00a0routi\u00e8re,\u00a0\u00e0\u00a0l'exception\u00a0de\u00a0l'action\u00a002\n\u00a0\u00a0\u00a0\u00a0\u00a0\u00a0\u00a0\u00a0\u00a0\u00a0\u00a0\u00a0\u00a0\u00ab\u00a0D\u00e9marches\u00a0interminist\u00e9rielles\u00a0et\u00a0communication\u00a0\u00bb\u00a0correspondant\u00a0au\u00a0PDASR\n\u25aa\u00a0programme\u00a0217\u00a0:\u00a0conduite\u00a0et\u00a0pilotage\u00a0des\u00a0politiques\u00a0de\u00a0l'\u00e9cologie,\u00a0du\u00a0d\u00e9veloppement\u00a0et\n\u00a0\u00a0\u00a0\u00a0\u00a0\u00a0\u00a0\u00a0\u00a0\u00a0\u00a0\u00a0\u00a0\u00a0de\u00a0la\u00a0mobilit\u00e9\u00a0durables\n\u25aa\u00a0programme\u00a0380\u00a0:\u00a0fonds\u00a0d'acc\u00e9l\u00e9ration\u00a0de\u00a0la\u00a0transition\u00a0\u00e9cologique\u00a0dans\u00a0les\u00a0territoires,\u00a0dit\n\u00a0\u00a0\u00a0\u00a0\u00a0\u00a0\u00a0\u00a0\u00a0\u00a0\u00a0\u00a0\u00a0\u00ab\u00a0fonds\u00a0vert\u00a0\u00bb\n-\u00a0du\u00a0minist\u00e8re\u00a0de\u00a0la\u00a0coh\u00e9sion\u00a0des\u00a0territoires\u00a0et\u00a0des\u00a0relations\u00a0avec\u00a0les\u00a0collectivit\u00e9s\u00a0territoriales\u00a0:\n\u25aa\u00a0programme\u00a0135\u00a0:\u00a0Urbanisme,\u00a0T erritoires\u00a0et\u00a0Am\u00e9lioration\u00a0de\u00a0l'Habitat\n10\n03_Pr\u00e9f_Pr\u00e9fecture de l'Allier - 03-2025-12-23-00006 - Extrait de l'arr\u00eat\u00e9 n\u00b02929 du 23 d\u00e9cembre 2025 portant d\u00e9l\u00e9gation de signature\n\u00e0 Madame V\u00e9ronique DELMAS, directrice d\u00e9partementale adjointe des territoires de l'Allier 33\n-\u00a0du\u00a0minist\u00e8re\u00a0de\u00a0la\u00a0justice\u00a0:\n\u25aa\u00a0programme\u00a0166\u00a0:\u00a0justice\u00a0judiciaire\n\u25aa\u00a0programme\u00a0182\u00a0:\u00a0protection\u00a0judiciaire\u00a0de\u00a0la\u00a0jeunesse\u00a0\n-\u00a0du\u00a0minist\u00e8re\u00a0des\u00a0sports\u00a0:\n\u25aa\u00a0programme\u00a0219\u00a0:\u00a0sport\n-\u00a0du\u00a0minist\u00e8re\u00a0de\u00a0l'agriculture\u00a0et\u00a0de\u00a0l'alimentation\u00a0:\n\u25aa\u00a0programme\u00a0149\u00a0:\u00a0comp\u00e9titivit\u00e9\u00a0et\u00a0durabilit\u00e9\u00a0de\u00a0l'agriculture,\u00a0l'agroalimentaire,\u00a0de\u00a0la\u00a0for\u00eat,\n\u00a0\u00a0\u00a0\u00a0\u00a0\u00a0\u00a0\u00a0\u00a0\u00a0\u00a0\u00a0\u00a0\u00a0de\u00a0la\u00a0p\u00eache\u00a0et\u00a0de\u00a0l'aquaculture\n\u25aa\u00a0programme\u00a0206\u00a0:\u00a0S\u00e9curit\u00e9\u00a0et\u00a0qualit\u00e9\u00a0sanitaires\u00a0de\u00a0l'alimentation\n\u25aa\u00a0programme\u00a0215\u00a0:\u00a0Conduite\u00a0et\u00a0pilotage\u00a0des\u00a0politiques\u00a0de\u00a0l'agriculture\n\u25aa\u00a0programme\u00a0362\u00a0:\u00a0\u00e9cologie,\u00a0pour\u00a0les\u00a0actes\u00a0dont\u00a0la\u00a0DDT\u00a0assure\u00a0l'instruction\n\u25aa\u00a0programme\u00a0775\u00a0:\u00a0D\u00e9veloppement\u00a0et\u00a0transfert\u00a0en\u00a0agriculture\nCette\u00a0d\u00e9l\u00e9gation\u00a0d'ordonnancement\u00a0porte\u00a0sur\u00a0l'engagement,\u00a0la\u00a0liquidation\u00a0et\u00a0le\u00a0mandatement\u00a0des\nd\u00e9penses,\u00a0ainsi\u00a0que\u00a0sur\u00a0l'\u00e9tablissement\u00a0des\u00a0titres\u00a0de\u00a0recettes.\nLa\u00a0d\u00e9l\u00e9gation\u00a0de\u00a0gestion\u00a0de\u00a0tout\u00a0ou\u00a0partie\u00a0des\u00a0actes\u00a0d'ordonnancement\u00a0secondaire\u00a0\u00e0\u00a0un\u00a0centre\nprestataire \u00a0 de \u00a0 services \u00a0 est \u00a0 soumise \u00a0 \u00e0 \u00a0 approbation \u00a0 pr\u00e9alable \u00a0 de \u00a0 son \u00a0 contenu \u00a0 par \u00a0 le \u00a0 pr\u00e9fet \u00a0 de\nd\u00e9partement. \u00a0 Le \u00a0 contrat \u00a0 de \u00a0 service \u00a0 avec \u00a0 le \u00a0 centre \u00a0 de \u00a0 prestations \u00a0 conclu \u00a0 en \u00a0 application \u00a0 de \u00a0 la\nd\u00e9l\u00e9gation\u00a0de\u00a0gestion\u00a0est\u00a0soumis\u00a0\u00e0\u00a0visa\u00a0du\u00a0pr\u00e9fet.\nLa\u00a0mission\u00a0de\u00a0pilotage\u00a0des\u00a0autorisations\u00a0d'engagement\u00a0et\u00a0des\u00a0cr\u00e9dits\u00a0de\u00a0paiements\u00a0exerc\u00e9e\u00a0en\napplication\u00a0de\u00a0la\u00a0pr\u00e9sente\u00a0d\u00e9l\u00e9gation\u00a0d'ordonnancement\u00a0ne\u00a0peut\u00a0faire\u00a0l'objet\u00a0d'une\u00a0d\u00e9l\u00e9gation\u00a0de\ngestion\u00a0\u00e0\u00a0un\u00a0prestataire.\nLa \u00a0 convention \u00a0 de \u00a0 d\u00e9l\u00e9gation \u00a0 de \u00a0 gestion \u00a0 doit \u00a0 garantir \u00a0 le \u00a0 respect \u00a0 int\u00e9gral \u00a0 des \u00a0 dispositions \u00a0 des\narticles\u00a03,\u00a04\u00a0et\u00a05\u00a0ci-dessous.\nIl\u00a0sera\u00a0rendu\u00a0compte\u00a0au\u00a0Pr\u00e9fet\u00a0au\u00a0moins\u00a0deux\u00a0fois\u00a0par\u00a0an\u00a0de\u00a0l'ex\u00e9cution\u00a0de\u00a0la\u00a0pr\u00e9sente\u00a0d\u00e9l\u00e9gation\nd'ordonnancement\u00a0secondaire.\u00a0Les\u00a0comptes\u00a0rendus\u00a0d'utilisation\u00a0et\u00a0projets\u00a0de\u00a0budgets\u00a0destin\u00e9s\u00a0aux\nresponsables\u00a0de\u00a0budgets\u00a0op\u00e9rationnels\u00a0de\u00a0programme\u00a0et\u00a0responsables\u00a0de\u00a0programmes\u00a0lui\u00a0seront\ntransmis\u00a0en\u00a0copies.\nArticle     3  \u00a0:\u00a0Pour \u00a0 les \u00a0 d\u00e9penses \u00a0 relevant \u00a0 du \u00a0 titre \u00a0 6 \u00a0 (d\u00e9penses \u00a0 d'intervention), \u00a0 la \u00a0 d\u00e9l\u00e9gation \u00a0 de\nsignature\u00a0est\u00a0soumise\u00a0aux\u00a0r\u00e9serves\u00a0suivantes\u00a0:\n3.1 Les\u00a0d\u00e9cisions\u00a0ou\u00a0conventions\u00a0attributives\u00a0lorsque\u00a0le\u00a0montant\u00a0unitaire\u00a0attribu\u00e9\u00a0\u00e0\u00a0un\u00a0tiers\u00a0est\n\u00e9gal\u00a0ou\u00a0sup\u00e9rieur\u00a0\u00e0\u00a0100\u00a0000\u00a0\u20ac\u00a0demeurent\u00a0\u00e0\u00a0la\u00a0signature\u00a0du\u00a0Pr\u00e9fet.\n3.2 Pour\u00a0les\u00a0montants\u00a0inf\u00e9rieurs\u00a0\u00e0\u00a0ce\u00a0seuil,\u00a0un\u00a0tableau\u00a0de\u00a0programmation\u00a0portant\u00a0r\u00e9partition\nindividualis\u00e9e \u00a0 des \u00a0 cr\u00e9dits \u00a0 allou\u00e9s \u00a0 \u00e0 \u00a0 l'unit\u00e9 \u00a0 op\u00e9rationnelle \u00a0 et \u00a0 relevant \u00a0 du \u00a0 titre \u00a0 6 \u00a0 est \u00a0 soumis \u00a0 \u00e0\nl'approbation\u00a0du\u00a0Pr\u00e9fet.\n3.3 Lorsque\u00a0la\u00a0d\u00e9pense\u00a0correspond\u00a0\u00e0\u00a0la\u00a0mise\u00a0en\u00a0\u0153uvre\u00a0d'une\u00a0d\u00e9cision\u00a0attributive\u00a0minist\u00e9rielle,\nou\u00a0du\u00a0Pr\u00e9fet\u00a0de\u00a0R\u00e9gion,\u00a0ou\u00a0d'un\u00a0chef\u00a0de\u00a0service\u00a0agissant\u00a0par\u00a0d\u00e9l\u00e9gation\u00a0de\u00a0celui-ci,\u00a0l'exercice\u00a0des\nactes\u00a0pr\u00e9vus\u00a0par\u00a0la\u00a0pr\u00e9sente\u00a0d\u00e9l\u00e9gation\u00a0est\u00a0soumis\u00a0au\u00a0visa\u00a0pr\u00e9alable\u00a0par\u00a0le\u00a0Pr\u00e9fet\u00a0de\u00a0la\u00a0d\u00e9cision\nattributive\u00a0concern\u00e9e.\n3.4 Lorsqu'il\u00a0est\u00a0fait\u00a0application\u00a0d'un\u00a0r\u00e8glement\u00a0d'attribution\u00a0des\u00a0aides\u00a0individuelles,\u00a0dans\u00a0des\nconditions\u00a0de\u00a0crit\u00e8res\u00a0et\u00a0bar\u00e8mes\u00a0d\u00e9finies\u00a0par\u00a0un\u00a0acte\u00a0l\u00e9gislatif\u00a0ou\u00a0r\u00e9glementaire\u00a0et\u00a0ne\u00a0donnant\u00a0de\nce\u00a0fait\u00a0pas\u00a0lieu\u00a0\u00e0\u00a0programmation,\u00a0le\u00a0d\u00e9l\u00e9gataire\u00a0re\u00e7oit\u00a0d\u00e9l\u00e9gation\u00a0pour\u00a0signer\u00a0tous\u00a0les\u00a0engagements\ncorrespondants.\nArticle     4     :\u00a0Sont\u00a0exclus\u00a0de\u00a0la\u00a0pr\u00e9sente\u00a0d\u00e9l\u00e9gation\u00a0de\u00a0signature\u00a0:\n-\u00a0les\u00a0ordres\u00a0de\u00a0r\u00e9quisition\u00a0du\u00a0comptable\u00a0public,\n11\n03_Pr\u00e9f_Pr\u00e9fecture de l'Allier - 03-2025-12-23-00006 - Extrait de l'arr\u00eat\u00e9 n\u00b02929 du 23 d\u00e9cembre 2025 portant d\u00e9l\u00e9gation de signature\n\u00e0 Madame V\u00e9ronique DELMAS, directrice d\u00e9partementale adjointe des territoires de l'Allier 34\n-\u00a0les\u00a0demandes\u00a0adress\u00e9es\u00a0\u00e0\u00a0un\u00a0chef\u00a0de\u00a0service\u00a0r\u00e9gional,\u00a0au\u00a0pr\u00e9fet\u00a0de\u00a0r\u00e9gion\u00a0ou\u00a0\u00e0\u00a0une\u00a0autorit\u00e9\nminist\u00e9rielle,\u00a0visant\u00a0\u00e0\u00a0solliciter\u00a0un\u00a0r\u00e9examen\u00a0d'un\u00a0avis\u00a0ou\u00a0d'une\u00a0position\u00a0d\u00e9favorable\u00a0du\u00a0contr\u00f4leur\nfinancier\u00a0\u00e9mis\u00a0au\u00a0titre\u00a0d'un\u00a0acte\u00a0relevant\u00a0de\u00a0la\u00a0pr\u00e9sente\u00a0d\u00e9l\u00e9gation,\u00a0sont\u00a0soumises\u00a0\u00e0\u00a0visa\u00a0du\u00a0Pr\u00e9fet,\n-\u00a0les\u00a0d\u00e9cisions\u00a0de\u00a0passer\u00a0outre\u00a0au\u00a0refus\u00a0de\u00a0visa\u00a0de\u00a0l'autorit\u00e9\u00a0charg\u00e9e\u00a0du\u00a0contr\u00f4le\u00a0financier,\n-\u00a0en \u00a0 cas \u00a0 d'avis \u00a0 pr\u00e9alable \u00a0 d\u00e9favorable \u00a0 de \u00a0 l'autorit\u00e9 \u00a0 charg\u00e9e \u00a0 du \u00a0 contr\u00f4le \u00a0 financier, \u00a0 le \u00a0 courrier\nl'informant\u00a0des\u00a0motifs\u00a0conduisant\u00a0\u00e0\u00a0ne\u00a0pas\u00a0se\u00a0conformer\u00a0\u00e0\u00a0l'avis\u00a0donn\u00e9.\nArticle     5  \u00a0:\u00a0Mme V\u00e9ronique DELMAS \u00a0peut,\u00a0sous\u00a0sa\u00a0responsabilit\u00e9,\u00a0subd\u00e9l\u00e9guer\u00a0sa\u00a0signature\u00a0aux\nagents \u00a0 plac\u00e9s \u00a0 sous \u00a0 son \u00a0 autorit\u00e9 \u00a0 dans \u00a0 les \u00a0 conditions \u00a0 pr\u00e9vues \u00a0 par \u00a0 les \u00a0 arr\u00eat\u00e9s \u00a0 interminist\u00e9riels\nportant\u00a0r\u00e8glement\u00a0de\u00a0comptabilit\u00e9\u00a0susvis\u00e9s.\u00a0La\u00a0signature\u00a0des\u00a0agents\u00a0habilit\u00e9s\u00a0doit\u00a0\u00eatre\u00a0accr\u00e9dit\u00e9e\naupr\u00e8s\u00a0du\u00a0comptable\u00a0assignataire.\nSECTION 3     : COMP\u00c9TENCE EN MATI\u00c8RE DE MARCH\u00c9S PUBLICS DE L'\u00c9TAT\nArticle     6  \u00a0:\u00a0D\u00e9l\u00e9gation \u00a0 de \u00a0 signature \u00a0 est \u00a0 donn\u00e9e \u00a0 \u00e0 Mme  V\u00e9ronique  DELMAS , \u00a0 directrice\nd\u00e9partementale\u00a0adjointe\u00a0des\u00a0territoires\u00a0de\u00a0l'Allier,\u00a0\u00e0\u00a0l'effet\u00a0d'exercer\u00a0les\u00a0attributions\u00a0de\u00a0repr\u00e9sentant\ndu \u00a0 pouvoir\u00a0 adjudicateur\u00a0 telles \u00a0 que \u00a0 d\u00e9finies \u00a0 par \u00a0 le\u00a0 code \u00a0 de \u00a0 la\u00a0 commande \u00a0 publique\u00a0 au\u00a0 titre \u00a0 des\nprogrammes\u00a0dont\u00a0l'ordonnancement\u00a0secondaire\u00a0lui\u00a0a\u00a0\u00e9t\u00e9\u00a0confi\u00e9.\nArticle     7   :\u00a0Sont\u00a0soumis\u00a0\u00e0\u00a0visa\u00a0pr\u00e9alable\u00a0les\u00a0actes\u00a0d'engagement\u00a0des\u00a0march\u00e9s\u00a0publics\u00a0\u00e0\u00a0partir\u00a0des\nmontants\u00a0suivants\u00a0:\n\u2192\u00a0\u00a0\u00a090\u00a0000\u00a0\u20ac\u00a0HT\u00a0pour\u00a0les\u00a0march\u00e9s\u00a0d'\u00e9tude\n\u2192\u00a0100\u00a0000\u00a0\u20ac\u00a0HT\u00a0pour\u00a0les\u00a0march\u00e9s\u00a0imput\u00e9s\u00a0sur\u00a0le\u00a0titre\u00a05\nLes\u00a0actes\u00a0et\u00a0les\u00a0d\u00e9cisions\u00a0ayant\u00a0pour\u00a0effet\u00a0de\u00a0porter\u00a0le\u00a0montant\u00a0initial\u00a0du\u00a0march\u00e9\u00a0au-del\u00e0\u00a0de\u00a0ces\nseuils\u00a0sont\u00a0\u00e9galement\u00a0soumis\u00a0au\u00a0visa\u00a0pr\u00e9alable.\nSECTION 4 : MISE EN \u0152UVRE\nArticle     8  \u00a0:\u00a0Les\u00a0dispositions\u00a0du\u00a0pr\u00e9sent\u00a0arr\u00eat\u00e9\u00a0entrent\u00a0en\u00a0vigueur\u00a0le\u00a031 d\u00e9cembre 2025.\nArticle     9     :\u00a0Mme V\u00e9ronique DELMAS peut,\u00a0dans\u00a0le\u00a0cadre\u00a0des\u00a0attributions\u00a0relevant\u00a0des\u00a0sections\u00a01\u00a0\u00e0\u00a03\npr\u00e9cit\u00e9es,\u00a0en\u00a0tant\u00a0que\u00a0de\u00a0besoin\u00a0et\u00a0sous\u00a0sa\u00a0responsabilit\u00e9,\u00a0d\u00e9l\u00e9guer\u00a0sa\u00a0signature\u00a0\u00e0\u00a0ses\u00a0subordonn\u00e9s\ndans\u00a0les\u00a0conditions\u00a0pr\u00e9vues\u00a0par\u00a0l'article\u00a044\u00a0du\u00a0d\u00e9cret\u00a0n\u00b02004-374\u00a0du\u00a029\u00a0avril\u00a02004\u00a0modifi\u00e9.\nArticle     10     :\u00a0Les\u00a0 dispositions\u00a0 de\u00a0 l'arr\u00eat\u00e9\u00a0 pr\u00e9fectoral\u00a0 n\u00b0\u00a01080/2025\u00a0 du\u00a0 4\u00a0 juin\u00a0 2025\u00a0 portant\u00a0 d\u00e9l\u00e9gation\u00a0 de\nsignature\u00a0\u00e0\u00a0M.\u00a0Nicolas\u00a0HARDOUIN,\u00a0directeur\u00a0d\u00e9partemental\u00a0des\u00a0territoires\u00a0de\u00a0l'Allier ,\u00a0sont\u00a0abrog\u00e9es.\nArticle     11   :\u00a0Le\u00a0secr\u00e9taire\u00a0g\u00e9n\u00e9ral\u00a0de\u00a0la\u00a0pr\u00e9fecture\u00a0de\u00a0l'Allier\u00a0et\u00a0la\u00a0directrice\u00a0d\u00e9partementale\u00a0adjointe\ndes\u00a0territoires\u00a0de\u00a0l'Allier\u00a0sont\u00a0charg\u00e9s,\u00a0chacun\u00a0en\u00a0ce\u00a0qui\u00a0le\u00a0concerne,\u00a0de\u00a0l'ex\u00e9cution\u00a0du\u00a0pr\u00e9sent\narr\u00eat\u00e9\u00a0qui\u00a0sera\u00a0publi\u00e9\u00a0au\u00a0recueil\u00a0des\u00a0actes\u00a0administratifs\u00a0de\u00a0la\u00a0pr\u00e9fecture\u00a0de\u00a0l'Allier.\nArticle     12   :\u00a0Un\u00a0recours\u00a0contre\u00a0le\u00a0pr\u00e9sent\u00a0arr\u00eat\u00e9\u00a0peut\u00a0\u00eatre\u00a0form\u00e9\u00a0devant\u00a0le\u00a0Tribunal\u00a0Administratif\u00a0de\nClermont-Ferrand \u00a0 dans \u00a0 un\u00a0 d\u00e9lai \u00a0 de \u00a0 deux \u00a0 mois \u00a0 \u00e0\u00a0 compter \u00a0 de \u00a0 sa \u00a0 publication. \u00a0 En \u00a0 application \u00a0 du\nd\u00e9cret\u00a0n\u00b0\u00a02018-251\u00a0du\u00a06\u00a0avril\u00a02018,\u00a0les\u00a0particuliers\u00a0et\u00a0les\u00a0personnes\u00a0morales\u00a0de\u00a0droit\u00a0priv\u00e9\u00a0non\nrepr\u00e9sent\u00e9s \u00a0 par \u00a0 un \u00a0 avocat \u00a0 peuvent \u00a0 communiquer \u00a0 avec \u00a0 un \u00a0Tribunal\u00a0 administratif \u00a0 par \u00a0 la\u00a0 voie \u00a0 de\nl'application\u00a0informatique\u00a0\u00ab\u00a0T\u00e9l\u00e9recours\u00a0citoyens\u00a0\u00bb\u00a0sur\u00a0le\u00a0site\u00a0www.telerecours.fr.\nLe\u00a0Pr\u00e9fet\nSign\u00e9\nChristophe\u00a0NO\u00cbL\u00a0du\u00a0PAYRAT\n12\n03_Pr\u00e9f_Pr\u00e9fecture de l'Allier - 03-2025-12-23-00006 - Extrait de l'arr\u00eat\u00e9 n\u00b02929 du 23 d\u00e9cembre 2025 portant d\u00e9l\u00e9gation de signature\n\u00e0 Madame V\u00e9ronique DELMAS, directrice d\u00e9partementale adjointe des territoires de l'Allier 35\n03_Pr\u00e9f_Pr\u00e9fecture de l'Allier\n03-2025-12-23-00007\nExtrait de l'arr\u00eat\u00e9 n\u00b02930/2025 du 23 d\u00e9cembre\n2025 portant d\u00e9l\u00e9gation de signature \u00e0 Monsieur\nle Pr\u00e9fet de l'Allier, Chevalier de l'ordre national\ndu M\u00e9rite, D\u00e9l\u00e9gu\u00e9 Territorial de l'Agence\nNationale de R\u00e9novation Urbaine (ANRU)\n03_Pr\u00e9f_Pr\u00e9fecture de l'Allier - 03-2025-12-23-00007 - Extrait de l'arr\u00eat\u00e9 n\u00b02930/2025 du 23 d\u00e9cembre 2025 portant d\u00e9l\u00e9gation de\nsignature \u00e0 Monsieur le Pr\u00e9fet de l'Allier, Chevalier de l'ordre national du M\u00e9rite, D\u00e9l\u00e9gu\u00e9 Territorial de l'Agence Nationale de\nR\u00e9novation Urbaine (ANRU)\n36\ner APRE FET Agence NationaleDE L'ALLI E Roour la R\u00e9novationLibert\u00e9 UrbaineEgalit\u00e9Fraternit\u00e9\nANR\n              \nExtrait de l'arr\u00eat\u00e9 n\u00b0 2930/2025 du 23 d\u00e9cembre 2025\nportant d\u00e9l\u00e9gation de signature\nLe Pr\u00e9fet de l'Allier\nChevalier de l'ordre national du M\u00e9rite\nD\u00e9l\u00e9gu\u00e9 territorial de l'Agence Nationale pour la R\u00e9novation Urbaine\n(ANRU)\nArticle     1   :\u00a0A compter  du  31  d\u00e9cembre  2025 ,\u00a0d\u00e9l\u00e9gation\u00a0de\u00a0signature\u00a0est\u00a0donn\u00e9e\u00a0\u00e0\nMme V\u00e9ronique DELMAS,\u00a0directrice\u00a0d\u00e9partementale\u00a0adjointe\u00a0des\u00a0territoires\u00a0de\u00a0l'Allier,\u00a0en\u00a0sa\u00a0qualit\u00e9\nde\u00a0d\u00e9l\u00e9gu\u00e9e\u00a0territoriale\u00a0adjointe\u00a0de\u00a0l'ANRU\u00a0pour\u00a0le\u00a0d\u00e9partement\u00a0de\u00a0l'Allier,\u00a0pour\u00a0:\n-\u00a0les\u00a0d\u00e9cisions\u00a0attributives\u00a0de\u00a0subvention\u00a0des\u00a0programmes\u00a0de\u00a0r\u00e9novation\u00a0urbaine\u00a0du\u00a0NPNRU,\n-\u00a0les\u00a0d\u00e9cisions\u00a0d'autorisation\u00a0de\u00a0pr\u00eats\u00a0bonifi\u00e9s\u00a0Action\u00a0Logement\u00a0du\u00a0NPNRU.\nArticle     2   :\u00a0En\u00a0cas\u00a0d'absence\u00a0ou\u00a0d'emp\u00eachement\u00a0des\u00a0d\u00e9l\u00e9gataires\u00a0mentionn\u00e9s\u00a0\u00e0\u00a0l'article\u00a01,\nd\u00e9l\u00e9gation\u00a0de\u00a0signature\u00a0est\u00a0donn\u00e9e\u00a0\u00e0\u00a0Mme Sylvie FAVERIAL,\u00a0cheffe\u00a0du\u00a0service\u00a0logement\u00a0et\nconstruction\u00a0durable,\u00a0aux\u00a0fins\u00a0de\u00a0signer\u00a0l'ensemble\u00a0des\u00a0actes\u00a0mentionn\u00e9s\u00a0audit\u00a0article.\nArticle     3   :\u00a0Les\u00a0dispositions\u00a0de\u00a0l'arr\u00eat\u00e9\u00a0pr\u00e9fectoral\u00a0n\u00b0\u00a01081/2025\u00a0du\u00a04\u00a0juin\u00a02025\u00a0portant\nd\u00e9l\u00e9gation\u00a0de\u00a0signature\u00a0\u00e0\u00a0M.\u00a0Nicolas\u00a0HARDOUIN,\u00a0directeur\u00a0d\u00e9partemental\u00a0des\u00a0territoires\u00a0de\nl'Allier,\u00a0en\u00a0sa\u00a0qualit\u00e9\u00a0de\u00a0d\u00e9l\u00e9gu\u00e9\u00a0territorial\u00a0adjoint\u00a0de\u00a0l'ANRU\u00a0pour\u00a0le\u00a0d\u00e9partement\u00a0de\u00a0l'Allier,\net\u00a0\u00e0\u00a0Mme\u00a0V\u00e9ronique\u00a0DELMAS,\u00a0directrice\u00a0d\u00e9partementale\u00a0adjointe\u00a0des\u00a0territoires\u00a0de\u00a0l'Allier,\nsont\u00a0abrog\u00e9es.\u00a0\nArticle     4   :\u00a0Le\u00a0secr\u00e9taire\u00a0g\u00e9n\u00e9ral\u00a0de\u00a0la\u00a0pr\u00e9fecture\u00a0de\u00a0l'Allier\u00a0et\u00a0la\u00a0directrice\u00a0d\u00e9partementale\nadjointe\u00a0des\u00a0territoires,\u00a0d\u00e9l\u00e9gu\u00e9e\u00a0territoriale\u00a0adjointe\u00a0de\u00a0l'ANRU,\u00a0sont\u00a0charg\u00e9s,\u00a0chacun\u00a0en\u00a0ce\nqui\u00a0le\u00a0concerne,\u00a0de\u00a0l'ex\u00e9cution\u00a0du\u00a0pr\u00e9sent\u00a0arr\u00eat\u00e9\u00a0qui\u00a0sera\u00a0publi\u00e9\u00a0au\u00a0recueil\u00a0des\u00a0actes\nadministratifs\u00a0de\u00a0la\u00a0pr\u00e9fecture\u00a0de\u00a0l'Allier.\nArticle     5  \u00a0:\u00a0Un\u00a0recours\u00a0contre\u00a0le\u00a0pr\u00e9sent\u00a0arr\u00eat\u00e9\u00a0peut\u00a0\u00eatre\u00a0form\u00e9\u00a0devant\u00a0le\u00a0Tribunal\nAdministratif\u00a0de\u00a0Clermont-Ferrand\u00a0dans\u00a0un\u00a0d\u00e9lai\u00a0de\u00a0deux\u00a0mois\u00a0\u00e0\u00a0compter\u00a0de\u00a0sa\u00a0publication.\nEn\u00a0application\u00a0du\u00a0d\u00e9cret\u00a0n\u00b0\u00a02018-251\u00a0du\u00a06\u00a0avril\u00a02018,\u00a0les\u00a0particuliers\u00a0et\u00a0les\u00a0personnes\nmorales\u00a0de\u00a0droit\u00a0priv\u00e9\u00a0non\u00a0repr\u00e9sent\u00e9s\u00a0par\u00a0un\u00a0avocat\u00a0peuvent\u00a0communiquer\u00a0avec\u00a0un\nTribunal\u00a0administratif\u00a0par\u00a0la\u00a0voie\u00a0de\u00a0l'application\u00a0informatique\u00a0\u00abT\u00e9l\u00e9recours\u00a0citoyens\u00a0\u00bb\u00a0sur\u00a0le\nsite\u00a0www.telerecours.fr.\nUne\u00a0copie\u00a0de\u00a0cet\u00a0arr\u00eat\u00e9\u00a0est\u00a0transmise\u00a0\u00e0\u00a0la\u00a0direction\u00a0en\u00a0charge\u00a0des\u00a0finances\u00a0de\u00a0l'ANRU.\nLe\u00a0Pr\u00e9fet\nSign\u00e9\nChristophe\u00a0NO\u00cbL\u00a0du\u00a0PAYRAT\n1/1\nDirection de la Coordination\ndes Politiques Publiques\n03_Pr\u00e9f_Pr\u00e9fecture de l'Allier - 03-2025-12-23-00007 - Extrait de l'arr\u00eat\u00e9 n\u00b02930/2025 du 23 d\u00e9cembre 2025 portant d\u00e9l\u00e9gation de\nsignature \u00e0 Monsieur le Pr\u00e9fet de l'Allier, Chevalier de l'ordre national du M\u00e9rite, D\u00e9l\u00e9gu\u00e9 Territorial de l'Agence Nationale de\nR\u00e9novation Urbaine (ANRU)\n37\n03_Pr\u00e9f_Pr\u00e9fecture de l'Allier\n03-2025-12-23-00010\nExtrait de l'arr\u00eat\u00e9 n\u00b02933/2025 du 23 d\u00e9cembre\n2025 portant nomination des d\u00e9l\u00e9gu\u00e9s\nterritoriaux adjoints de l'agence nationale de la\ncoh\u00e9sion des territoires (ANCT) dans le\nd\u00e9partement de l'Allier\n03_Pr\u00e9f_Pr\u00e9fecture de l'Allier - 03-2025-12-23-00010 - Extrait de l'arr\u00eat\u00e9 n\u00b02933/2025 du 23 d\u00e9cembre 2025 portant nomination des\nd\u00e9l\u00e9gu\u00e9s territoriaux adjoints de l'agence nationale de la coh\u00e9sion des territoires (ANCT) dans le d\u00e9partement de l'Allier 38\nPREFETDE L'ALLIERLibert\u00e9Egalit\u00e9Fraternit\u00e9\nDirection d\u00e9partementale des territoires\nExtrait de l'arr\u00eat\u00e9 n\u00b0 2933/2025 du 23 d\u00e9cembre 2025\nportant nomination des d\u00e9l\u00e9gu\u00e9s territoriaux adjoints\nde l'agence nationale de la coh\u00e9sion des territoires (ANCT)\ndans le d\u00e9partement de l'Allier\nArticle     1     -\u00a0Sont\u00a0nomm\u00e9s\u00a0d\u00e9l\u00e9gu\u00e9s\u00a0territoriaux\u00a0adjoints\u00a0de\u00a0l'agence\u00a0nationale\u00a0de\u00a0la\u00a0coh\u00e9sion\u00a0des\u00a0territoires\u00a0dans\nle\u00a0d\u00e9partement\u00a0de\u00a0l'Allier\u00a0:\n-\u00a0M. Olivier\u00a0MAUREL,\u00a0secr\u00e9taire\u00a0g\u00e9n\u00e9ral\u00a0de\u00a0la\u00a0pr\u00e9fecture\u00a0de\u00a0l'Allier,\u00a0sous-pr\u00e9fet\u00a0de\u00a0Moulins,\n-\u00a0Mme V\u00e9ronique DELMAS,\u00a0directrice\u00a0d\u00e9partementale\u00a0adjointe\u00a0des\u00a0territoires\u00a0de\u00a0l'Allier.\nArticle     2  -\u00a0D\u00e9l\u00e9gation\u00a0de\u00a0signature\u00a0est\u00a0donn\u00e9e\u00a0\u00e0\u00a0M. Olivier MAUREL,\u00a0secr\u00e9taire\u00a0g\u00e9n\u00e9ral\u00a0de\u00a0la\u00a0pr\u00e9fecture\u00a0de\nl'Allier,\u00a0sous-pr\u00e9fet\u00a0de\u00a0Moulins,\u00a0et\u00a0\u00e0\u00a0Mme V\u00e9ronique DELMAS,\u00a0directrice\u00a0d\u00e9partementale\u00a0adjointe\u00a0des\u00a0territoires\nde\u00a0l'Allier,\u00a0en\u00a0leur\u00a0qualit\u00e9\u00a0de\u00a0d\u00e9l\u00e9gu\u00e9s\u00a0territoriaux\u00a0adjoints\u00a0de\u00a0l'ANCT\u00a0dans\u00a0le\u00a0d\u00e9partement\u00a0de\u00a0l'Allier,\u00a0\u00e0\u00a0l'effet\u00a0de\u00a0:\n-\u00a0pr\u00e9sider,\u00a0le\u00a0cas\u00a0\u00e9ch\u00e9ant,\u00a0le\u00a0comit\u00e9\u00a0local\u00a0de\u00a0coh\u00e9sion\u00a0territoriale\u00a0de\u00a0l'Allier\u00a0;\n-\u00a0mobiliser\u00a0l'ing\u00e9nierie\u00a0disponible\u00a0et\u00a0solliciter\u00a0des\u00a0expertises\u00a0compl\u00e9mentaires\u00a0si\u00a0n\u00e9cessaire,\u00a0via\u00a0un\u00a0appui\u00a0renforc\u00e9\n\u00a0\u00a0de\u00a0l'ANCT\u00a0au\u00a0niveau\u00a0national\u00a0;\n-\u00a0qualifier\u00a0les\u00a0projets\u00a0locaux\u00a0qui\u00a0seront\u00a0accompagn\u00e9s\u00a0par\u00a0l'ANCT\u00a0;\n-\u00a0engager\u00a0les\u00a0moyens\u00a0financiers\u00a0et\u00a0les\u00a0ressources\u00a0humaines\u00a0\u00e0\u00a0mobiliser\u00a0pour\u00a0accompagner\u00a0les\u00a0projets\u00a0qualifi\u00e9s\u00a0;\n-\u00a0d\u00e9signer\u00a0les\u00a0r\u00e9f\u00e9rents-projet\u00a0ANCT\u00a0et\u00a0animer\u00a0leur\u00a0r\u00e9seau\u00a0;\n-\u00a0animer\u00a0la\u00a0prospection\u00a0et\u00a0la\u00a0revue\u00a0des\u00a0projets\u00a0au\u00a0niveau\u00a0d\u00e9partemental.\nArticle 3\u00a0-\u00a0Le\u00a0pr\u00e9sent\u00a0arr\u00eat\u00e9\u00a0entre\u00a0en\u00a0vigueur\u00a0le 31 d\u00e9cembre 2025.\nArticle     4  \u00a0-\u00a0L'arr\u00eat\u00e9\u00a0pr\u00e9fectoral\u00a0n\u00b0\u00a02173/2025\u00a0du\u00a006\u00a0octobre\u00a02025\u00a0portant\u00a0nomination\u00a0des\u00a0d\u00e9l\u00e9gu\u00e9s\u00a0territoriaux\nadjoints\u00a0de\u00a0l'agence\u00a0nationale\u00a0de\u00a0la\u00a0coh\u00e9sion\u00a0des\u00a0territoires\u00a0dans\u00a0le\u00a0d\u00e9partement\u00a0de\u00a0l'Allier\u00a0est\u00a0abrog\u00e9.\nArticle     5   -\u00a0Le\u00a0secr\u00e9taire\u00a0g\u00e9n\u00e9ral\u00a0de\u00a0la\u00a0pr\u00e9fecture\u00a0de\u00a0l'Allier\u00a0et\u00a0la\u00a0directrice\u00a0d\u00e9partementale\u00a0adjointe\u00a0des\u00a0territoires\nde\u00a0l'Allier\u00a0sont\u00a0charg\u00e9s,\u00a0chacun\u00a0en\u00a0ce\u00a0qui\u00a0le\u00a0concerne,\u00a0de\u00a0l'ex\u00e9cution\u00a0du\u00a0pr\u00e9sent\u00a0\u00a0arr\u00eat\u00e9\u00a0qui\u00a0sera\u00a0publi\u00e9\u00a0au\u00a0recueil\ndes\u00a0actes\u00a0administratifs\u00a0de\u00a0la\u00a0pr\u00e9fecture\u00a0de\u00a0l'Allier.\nLe\u00a0Pr\u00e9fet\nSign\u00e9\nChristophe \u00a0NO\u00cbL\u00a0du\u00a0PAYRAT\n03_Pr\u00e9f_Pr\u00e9fecture de l'Allier - 03-2025-12-23-00010 - Extrait de l'arr\u00eat\u00e9 n\u00b02933/2025 du 23 d\u00e9cembre 2025 portant nomination des\nd\u00e9l\u00e9gu\u00e9s territoriaux adjoints de l'agence nationale de la coh\u00e9sion des territoires (ANCT) dans le d\u00e9partement de l'Allier 39\n03_Pr\u00e9f_Pr\u00e9fecture de l'Allier\n03-2025-12-23-00008\nExtrait de la d\u00e9cision n\u00b02931/2025 du 23\nd\u00e9cembre 2025 de nomination de la d\u00e9l\u00e9gu\u00e9e\nadjointe et de d\u00e9l\u00e9gation de signature du\nd\u00e9l\u00e9gu\u00e9 de l'Agence \u00e0 l'un ou plusieurs de ses\ncollaborateurs\n03_Pr\u00e9f_Pr\u00e9fecture de l'Allier - 03-2025-12-23-00008 - Extrait de la d\u00e9cision n\u00b02931/2025 du 23 d\u00e9cembre 2025 de nomination de la\nd\u00e9l\u00e9gu\u00e9e adjointe et de d\u00e9l\u00e9gation de signature du d\u00e9l\u00e9gu\u00e9 de l'Agence \u00e0 l'un ou plusieurs de ses collaborateurs 40\nPREFETDE L'ALLIERLibert\u00e9Egalit\u00e9Fraternit\u00e9\nAgencenationalede l'habitatAnah\n            \n           \nExtrait de la d\u00e9cision n\u00b0 2931/2025 du 23 d\u00e9cembre 2025\n de nomination de la d\u00e9l\u00e9gu\u00e9e adjointe\net de d\u00e9l\u00e9gation de signature du d\u00e9l\u00e9gu\u00e9 de l'Agence\n\u00e0 l'un ou plusieurs de ses collaborateurs\nMonsieur Christophe NO\u00cbL du PAYRAT, pr\u00e9fet de l'Allier,\nd\u00e9l\u00e9gu\u00e9 de l'ANAH dans le d\u00e9partement de l'Allier,\nen vertu des dispositions de l'article L.321-1 du code de la construction\net de l'habitation\nArticle     1   : Mme V\u00e9ronique DELMAS , ing\u00e9nieure en chef territorial, occupant la fonction de\ndirectrice par int\u00e9rim \u00e0 la direction d\u00e9partementale des territoires de l'Allier, est nomm\u00e9e\nd\u00e9l\u00e9gu\u00e9e adjointe.\nArticle     2   : D\u00e9l\u00e9gation de signature permanente est d onn\u00e9e \u00e0  Mme V\u00e9ronique DELMAS ,\nd\u00e9l\u00e9gu\u00e9e adjointe, \u00e0 l'effet de signer les actes et documents suivants :\n\u2022 tous  actes  et  documents  administratifs  relatifs  \u00e0  l'instruction  des  demandes  de\nsubvention, \u00e0 l'attribution des subventions ou au rejet des demandes, au retrait, \u00e0\nl'annulation et au reversement des subventions aux b\u00e9n\u00e9ficiaires mentionn\u00e9s au III\nde l'article R.321-12 du code de la construction et de l'habitation (humanisation des\nstructures  d'h\u00e9bergement)  dont  la  liquidation  et  l'ordonnancement  des  d\u00e9penses\nengag\u00e9es et la liquidation des recettes constat\u00e9es relatives \u00e0 l'attribution de ces\nsubventions ;\n\u2022 tous  actes  relatifs  \u00e0  l'instruction  des  demandes  de  subvention  des  b\u00e9n\u00e9ficiaires\nmentionn\u00e9s  aux  IV  et  V  de  l'article  R.321-12  du  code  de  la  construction  et  de\nl'habitation  (RHI-THIRORI),  \u00e0  l'instruction  des  demandes  d'acomptes  et  leur\nliquidation  ainsi  qu'\u00e0  l'instruction  des  demandes  de  versement  du  solde  de  la\nsubvention ;\n\uf0b7 la d\u00e9signation des agents charg\u00e9s du contr\u00f4le mandat\u00e9s pour effectuer des contr\u00f4les\nsur place ;\n\uf0b7 le rapport annuel d'activit\u00e9 ;\n\uf0b7 tous actes et documents administratifs relatifs aux missions confi\u00e9es \u00e0 l'agence aux\ntermes des conventions sign\u00e9es en application des articles L.301-5-1, L.301-5-2 et\nL.321-1-1 du code de la construction et de l'habitation ;\n\uf0b7 tous actes et documents administratifs relatifs au retrait, \u00e0 l'annulation et le cas\n\u00e9ch\u00e9ant au reversement des subventions aux b\u00e9n\u00e9ficiaires mentionn\u00e9s aux I et II de\nl'article R.321-12 du code de la construction et de l'habitation, dans la limite des\ncomp\u00e9tences du d\u00e9l\u00e9gu\u00e9 telles que d\u00e9finies par les r\u00e8gles en vigueur, pour les\ndossiers ayant fait l'objet d'une attribution de subvention ant\u00e9rieurement \u00e0 l'entr\u00e9e en\nvigueur de la convention sign\u00e9e en application de l'article L.321-1-1 ;\n\uf0b7 tous actes et documents administratifs, notamment d\u00e9cision d'agr\u00e9ment ou de rejet,\nrelatifs \u00e0 l'instruction des demandes d'habilitation d'op\u00e9rateurs d'AMO (Assistant \u00e0\nMa\u00eetrise d'Ouvrage) et de MAR (Mon Accompagnateur R\u00e9nov).\n1\nDirection de la Coordination\ndes Politiques Publiques\n03_Pr\u00e9f_Pr\u00e9fecture de l'Allier - 03-2025-12-23-00008 - Extrait de la d\u00e9cision n\u00b02931/2025 du 23 d\u00e9cembre 2025 de nomination de la\nd\u00e9l\u00e9gu\u00e9e adjointe et de d\u00e9l\u00e9gation de signature du d\u00e9l\u00e9gu\u00e9 de l'Agence \u00e0 l'un ou plusieurs de ses collaborateurs 41\nArticle     3   : Concernant le conventionnement des logements au titre des articles L.321-4 et\nL.321-8 du code de la construction et de l'habitation, d\u00e9l\u00e9gation de signature permanente est\ndonn\u00e9e \u00e0  Mme V\u00e9ronique DELMAS , d\u00e9l\u00e9gu\u00e9e adjointe,  \u00e0 l'effet de signer les actes et\ndocuments suivants sous r\u00e9serve des comp\u00e9tences d\u00e9volues au d\u00e9l\u00e9gataire de comp\u00e9tence\ndans les conditions pr\u00e9vues dans la convention de gestion :\n\uf0b7 les conventions qui concernent des logements ne faisant pas l'objet d'une subvention\nde l'ANAH ainsi que leur prorogation ou r\u00e9siliation. Le document r\u00e9capitulant les\nengagements du bailleur est sign\u00e9 dans les m\u00eames conditions que celles relatives \u00e0\nla convention s'y rapportant ;\n\uf0b7 tous documents aff\u00e9rant \u00e0 ces conventions, dans le cadre de l'instruction pr\u00e9alable \u00e0\nleur conclusion, leur prorogation ou leur r\u00e9siliation ainsi que toutes demandes de\nrenseignements aupr\u00e8s des bailleurs ayant conclu une convention au titre de l'article\nL.321-4 ou L.321-8 du code de la construction et de l'habitation ;\n\uf0b7 de fa\u00e7on g\u00e9n\u00e9rale, pour les besoins du contr\u00f4le et dans les conditions pr\u00e9vues \u00e0\nl'article  R.321-29,  tous  les  documents  relevant  de  missions  de  v\u00e9rification,  de\ncontr\u00f4le et d'information li\u00e9es au respect des engagements contractuels et au plein\nexercice du contr\u00f4le de l'agence.\nArticle     4     : D\u00e9l\u00e9gation de signature est donn\u00e9e \u00e0 Mme Sylvie FAVERIAL, cheffe du service\nlogement et construction durable, aux fins de signer :\n\uf0b7 tous  actes  et  documents  administratifs  relatifs  \u00e0  l'instruction  des  demandes  de\nsubvention, \u00e0 l'attribution des subventions ou au rejet des demandes, au retrait, \u00e0\nl'annulation et au reversement des subventions aux b\u00e9n\u00e9ficiaires mentionn\u00e9s au III\nde l'article R.321-12 du code de la construction et de l'habitation (humanisation des\nstructures  d'h\u00e9bergement)  dont  la  liquidation  et  l'ordonnancement  des  d\u00e9penses\nengag\u00e9es et la liquidation des recettes constat\u00e9es relatives \u00e0 l'attribution de ces\nsubventions ;\n\uf0b7 tous  actes  relatifs  \u00e0  l'instruction  des  demandes  de  subvention  des  b\u00e9n\u00e9ficiaires\nmentionn\u00e9s  aux  IV  et  V  de  l'article  R.321-12  du  code  de  la  construction  et  de\nl'habitation  (RHI-THIRORI),  \u00e0  l'instruction  des  demandes  d'acomptes  et  leur\nliquidation  ainsi  qu'\u00e0  l'instruction  des  demandes  de  versement  du  solde  de  la\nsubvention ;\n\uf0b7 la d\u00e9signation des agents charg\u00e9s du contr\u00f4le mandat\u00e9s pour effectuer des contr\u00f4les\nsur place ;\n\uf0b7 le rapport annuel d'activit\u00e9 ;\n\uf0b7 tous actes et documents administratifs relatifs aux missions confi\u00e9es \u00e0 l'agence aux\ntermes des conventions sign\u00e9es, en application des articles L.301-5-1, L.301-5-2 et\nL.321-1-1 du code de la construction et de l'habitation ;\n\uf0b7 tous actes et documents administratifs relatifs au retrait, \u00e0 l'annulation et le cas\n\u00e9ch\u00e9ant au reversement des subventions aux b\u00e9n\u00e9ficiaires mentionn\u00e9s aux I et II de\nl'article R.321-12 du code de la construction et de l'habitation, dans la limite des\ncomp\u00e9tences du d\u00e9l\u00e9gu\u00e9 telles que d\u00e9finies par les r\u00e8gles en vigueur, pour les\ndossiers ayant fait l'objet d'une attribution de subvention ant\u00e9rieurement \u00e0 l'entr\u00e9e en\nvigueur de la convention sign\u00e9e en application de l'article L.321-1-1.\nConcernant le conventionnement des logements au titre des articles L.321-4 et L.321-8 du\ncode de la construction et de l'habitation, d\u00e9l\u00e9gation de signature est donn\u00e9e \u00e0 Mme Sylvie\nFAVERIAL, cheffe du service logement et construction durable, aux fins de signer les actes\net  documents  suivants,  sous  r\u00e9serve  des  comp\u00e9tences  d\u00e9volues  au  d\u00e9l\u00e9gataire  de\ncomp\u00e9tence dans les conditions pr\u00e9vues dans la convention de gestion :\n2\n03_Pr\u00e9f_Pr\u00e9fecture de l'Allier - 03-2025-12-23-00008 - Extrait de la d\u00e9cision n\u00b02931/2025 du 23 d\u00e9cembre 2025 de nomination de la\nd\u00e9l\u00e9gu\u00e9e adjointe et de d\u00e9l\u00e9gation de signature du d\u00e9l\u00e9gu\u00e9 de l'Agence \u00e0 l'un ou plusieurs de ses collaborateurs 42\n\uf0b7 les conventions qui concernent des logements ne faisant pas l'objet d'une subvention\nde l'ANAH ainsi que leur prorogation ou r\u00e9siliation. Le document r\u00e9capitulant les\nengagements du bailleur est sign\u00e9 dans les m\u00eames conditions que celles relatives \u00e0\nla convention s'y rapportant ;\n\uf0b7 tous documents aff\u00e9rant \u00e0 ces conventions, dans le cadre de l'instruction pr\u00e9alable \u00e0\nleur conclusion, leur prorogation ou leur r\u00e9siliation ainsi que toutes demandes de\nrenseignements aupr\u00e8s des bailleurs ayant conclu une convention au titre de l'article\nL.321-4 ou L.321-8 du code de la construction et de l'habitation ;\n\uf0b7 de fa\u00e7on g\u00e9n\u00e9rale, pour les besoins du contr\u00f4le et dans les conditions pr\u00e9vues \u00e0\nl'article  R.321-29,  tous  les  documents  relevant  de  missions  de  v\u00e9rification,  de\ncontr\u00f4le et d'information li\u00e9es au respect des engagements contractuels et au plein\nexercice du contr\u00f4le de l'agence.\nArticle     5     : D\u00e9l\u00e9gation de signature est donn\u00e9e \u00e0 Mme Sylvie FAVERIAL, cheffe du service\nlogement et construction durable, aux fins de signer :\n\uf0b7 tous  actes  et  documents  administratifs  relatifs  \u00e0  l'instruction  des  demandes  de\nsubvention, \u00e0 l'attribution des subventions ou au rejet des demandes, au retrait, \u00e0\nl'annulation et au reversement des subventions aux b\u00e9n\u00e9ficiaires mentionn\u00e9s au III\nde l'article R.321-12 du code de la construction et de l'habitation (humanisation des\nstructures  d'h\u00e9bergement)  dont  la  liquidation  et  l'ordonnancement  des  d\u00e9penses\nengag\u00e9es et la liquidation des recettes constat\u00e9es relatives \u00e0 l'attribution de ces\nsubventions ;\n\uf0b7 tous  actes  relatifs  \u00e0  l'instruction  des  demandes  de  subvention  des  b\u00e9n\u00e9ficiaires\nmentionn\u00e9s  aux  IV  et  V  de  l'article  R.321-12  du  code  de  la  construction  et  de\nl'habitation  (RHI-THIRORI),  \u00e0  l'instruction  des  demandes  d'acomptes  et  leur\nliquidation  ainsi  qu'\u00e0  l'instruction  des  demandes  de  versement  du  solde  de  la\nsubvention ;\n\uf0b7 la d\u00e9signation des agents charg\u00e9s du contr\u00f4le mandat\u00e9s pour effectuer des contr\u00f4les\nsur place ;\n\uf0b7 le rapport annuel d'activit\u00e9 ;\n\uf0b7 tous actes et documents administratifs relatifs aux missions confi\u00e9es \u00e0 l'agence aux\ntermes des conventions sign\u00e9es, en application des articles L.301-5-1, L.301-5-2 et\nL.321-1-1 du code de la construction et de l'habitation ;\n\uf0b7 tous actes et documents administratifs relatifs au retrait, \u00e0 l'annulation et le cas\n\u00e9ch\u00e9ant au reversement des subventions aux b\u00e9n\u00e9ficiaires mentionn\u00e9s aux I et II de\nl'article R.321-12 du code de la construction et de l'habitation, dans la limite des\ncomp\u00e9tences du d\u00e9l\u00e9gu\u00e9 telles que d\u00e9finies par les r\u00e8gles en vigueur, pour les\ndossiers ayant fait l'objet d'une attribution de subvention ant\u00e9rieurement \u00e0 l'entr\u00e9e en\nvigueur de la convention sign\u00e9e en application de l'article L.321-1-1.\nConcernant le conventionnement des logements au titre des articles L.321-4 et L.321-8 du\ncode de la construction et de l'habitation, d\u00e9l\u00e9gation de signature est donn\u00e9e \u00e0 Mme Sylvie\nFAVERIAL, cheffe du service logement et construction durable, aux fins de signer les actes\net  documents  suivants,  sous  r\u00e9serve  des  comp\u00e9tences  d\u00e9volues  au  d\u00e9l\u00e9gataire  de\ncomp\u00e9tence dans les conditions pr\u00e9vues dans la convention de gestion :\n\uf0b7 les conventions qui concernent des logements ne faisant pas l'objet d'une subvention\nde l'ANAH ainsi que leur prorogation ou r\u00e9siliation. Le document r\u00e9capitulant les\nengagements du bailleur est sign\u00e9 dans les m\u00eames conditions que celles relatives \u00e0\nla convention s'y rapportant ;\n\uf0b7 tous documents aff\u00e9rant \u00e0 ces conventions, dans le cadre de l'instruction pr\u00e9alable \u00e0\nleur conclusion, leur prorogation ou leur r\u00e9siliation ainsi que toutes demandes de\nrenseignements aupr\u00e8s des bailleurs ayant conclu une convention au titre de l'article\nL.321-4 ou L.321-8 du code de la construction et de l'habitation ;\n3\n03_Pr\u00e9f_Pr\u00e9fecture de l'Allier - 03-2025-12-23-00008 - Extrait de la d\u00e9cision n\u00b02931/2025 du 23 d\u00e9cembre 2025 de nomination de la\nd\u00e9l\u00e9gu\u00e9e adjointe et de d\u00e9l\u00e9gation de signature du d\u00e9l\u00e9gu\u00e9 de l'Agence \u00e0 l'un ou plusieurs de ses collaborateurs 43\n\uf0b7 de fa\u00e7on g\u00e9n\u00e9rale, pour les besoins du contr\u00f4le et dans les conditions pr\u00e9vues \u00e0\nl'article  R.321-29,  tous  les  documents  relevant  de  missions  de  v\u00e9rification,  de\ncontr\u00f4le et d'information li\u00e9es au respect des engagements contractuels et au plein\nexercice du contr\u00f4le de l'agence.\nArticle     6   : D\u00e9l\u00e9gation de signature est donn\u00e9e \u00e0 Mme Murielle PERONNET, chef du bureau\naides \u00e0 l'habitat, \u00e0 la direction d\u00e9partementale des territoires de l'Allier, aux fins de signer :\n\uf0b7 tous  actes  et  documents  administratifs  relatifs  \u00e0  l'instruction  des  demandes  de\nsubvention, \u00e0 l'attribution des subventions ou au rejet des demandes, au retrait, \u00e0\nl'annulation et au reversement des subventions aux b\u00e9n\u00e9ficiaires mentionn\u00e9s au III\nde l'article R.321-12 du code de la construction et de l'habitation (humanisation des\nstructures  d'h\u00e9bergement)  dont  la  liquidation  et  l'ordonnancement  des  d\u00e9penses\nengag\u00e9es et la liquidation des recettes constat\u00e9es relatives \u00e0 l'attribution de ces\nsubventions ;\n\uf0b7 tous  actes  relatifs  \u00e0  l'instruction  des  demandes  de  subvention  des  b\u00e9n\u00e9ficiaires\nmentionn\u00e9s  aux  IV  et  V  de  l'article  R.321-12  du  code  de  la  construction  et  de\nl'habitation  (RHI-THIRORI),  \u00e0  l'instruction  des  demandes  d'acomptes  et  leur\nliquidation  ainsi  qu'\u00e0  l'instruction  des  demandes  de  versement  du  solde  de  la\nsubvention ;\n\uf0b7 la d\u00e9signation des agents charg\u00e9s du contr\u00f4le mandat\u00e9s pour effectuer des contr\u00f4les\nsur place ;\n\uf0b7 le rapport annuel d'activit\u00e9 ;\n\uf0b7 tous actes et documents administratifs relatifs aux missions confi\u00e9es \u00e0 l'agence aux\ntermes des conventions sign\u00e9es en application des articles L.301-5-1, L.301-5-2 et\nL.321-1-1 du code de la construction et de l'habitation ;\n\uf0b7 tous actes et documents administratifs relatifs au retrait, \u00e0 l'annulation et le cas\n\u00e9ch\u00e9ant au reversement des subventions aux b\u00e9n\u00e9ficiaires mentionn\u00e9s aux I et II de\nl'article R.321-12 du code de la construction et de l'habitation, dans la limite des\ncomp\u00e9tences du d\u00e9l\u00e9gu\u00e9 telles que d\u00e9finies par les r\u00e8gles en vigueur, pour les\ndossiers ayant fait l'objet d'une attribution de subvention ant\u00e9rieurement \u00e0 l'entr\u00e9e en\nvigueur de la convention sign\u00e9e en application de l'article L.321-1-1.\nConcernant le conventionnement des logements au titre des articles L.321-4 et L.321-8 du\ncode  de  la  construction  et  de  l'habitation,  d\u00e9l\u00e9gation  de  signature  est  donn\u00e9e  \u00e0\nMme Murielle PERONNET, chef du bureau aides \u00e0 l'habitat, aux fins de signer les actes et\ndocuments  suivants,  sous  r\u00e9serve  des  comp\u00e9tences  d\u00e9volues  au  d\u00e9l\u00e9gataire  de\ncomp\u00e9tence dans les conditions pr\u00e9vues dans la convention de gestion :\n\u2022 les conventions qui concernent des logements ne faisant pas l'objet d'une subvention\nde l'ANAH ainsi que leur prorogation ou r\u00e9siliation. Le document r\u00e9capitulant les\nengagements du bailleur est sign\u00e9 dans les m\u00eames conditions que celles relatives \u00e0\nla convention s'y rapportant ;\n\u2022 tous documents aff\u00e9rant \u00e0 ces conventions, dans le cadre de l'instruction pr\u00e9alable \u00e0\nleur conclusion, leur prorogation ou leur r\u00e9siliation ainsi que toutes demandes de\nrenseignements aupr\u00e8s des bailleurs ayant conclu une convention au titre de l'article\nL.321-4 ou L.321-8 du code de la construction et de l'habitation ;\n\u2022 de fa\u00e7on g\u00e9n\u00e9rale, pour les besoins du contr\u00f4le et dans les conditions pr\u00e9vues \u00e0\nl'article  R.321-29,  tous  les  documents  relevant  de  missions  de  v\u00e9rification,  de\ncontr\u00f4le et d'information li\u00e9es au respect des engagements contractuels et au plein\nexercice du contr\u00f4le de l'agence.\nArticle     7   : La pr\u00e9sente d\u00e9cision prend effet le 31 d\u00e9cembre 2025.\n4\n03_Pr\u00e9f_Pr\u00e9fecture de l'Allier - 03-2025-12-23-00008 - Extrait de la d\u00e9cision n\u00b02931/2025 du 23 d\u00e9cembre 2025 de nomination de la\nd\u00e9l\u00e9gu\u00e9e adjointe et de d\u00e9l\u00e9gation de signature du d\u00e9l\u00e9gu\u00e9 de l'Agence \u00e0 l'un ou plusieurs de ses collaborateurs 44\nArticl  e     8   : Copie de la pr\u00e9sente d\u00e9cision sera adress\u00e9e :\n- \u00e0 Mme la directrice d\u00e9partementale adjointe des territoires de l'Allier,\n- \u00e0 M. le pr\u00e9sident du conseil d\u00e9partemental de l'Allier ayant sign\u00e9 une convention de gestion\ndes aides \u00e0 l'habitat priv\u00e9, conform\u00e9ment \u00e0 l'article L.321-1-1 du code de la construction et\nde l'habitation,\n- \u00e0 Mme la directrice g\u00e9n\u00e9rale de l'ANAH, \u00e0 l'attention de M. le Directeur g\u00e9n\u00e9ral adjoint en\ncharge des fonctions support,\n- \u00e0 Mme l'agent comptable de l'ANAH,\n- aux int\u00e9ress\u00e9s.\nArticle 9     : La d\u00e9cision n\u00b01082/2025 du 4 juin 2025 de nomination du d\u00e9l\u00e9gu\u00e9 adjoint et de\nd\u00e9l\u00e9gation de signature du d\u00e9l\u00e9gu\u00e9 de l'Agence \u00e0 l'un ou plusieurs de ses collaborateurs, est\nabrog\u00e9e.\nArticle     10   :  La  directrice  d\u00e9partementale  adjointe  des  territoires,  d\u00e9l\u00e9gu\u00e9e  territoriale\nadjointe de l'ANAH est charg\u00e9e de l'application de la pr\u00e9sente d\u00e9cision qui sera publi\u00e9e au\nrecueil des actes administratifs de la pr\u00e9fecture de l'Allier.\nArtic  le     11   : Un  recours  contre  la  pr\u00e9sente  d\u00e9cision  peut  \u00eatre  form\u00e9  devant  le  Tribunal\nAdministratif de Clermont-Ferrand dans un d\u00e9lai de deux mois \u00e0 compter de sa publication.\nEn application du d\u00e9cret n\u00b0  2018-251 du 6 avril 2018, les particuliers et les personnes\nmorales  de  droit  priv\u00e9  non  repr\u00e9sent\u00e9s  par  un  avocat  peuvent  communiquer  avec  un\nTribunal administratif par la voie de l'application informatique \u00abT\u00e9l\u00e9recours citoyens \u00bb sur le\nsite www.telerecours.fr.\nLe Pr\u00e9fet\nSign\u00e9\nChristophe NO\u00cbL du PAYRAT\n5\n03_Pr\u00e9f_Pr\u00e9fecture de l'Allier - 03-2025-12-23-00008 - Extrait de la d\u00e9cision n\u00b02931/2025 du 23 d\u00e9cembre 2025 de nomination de la\nd\u00e9l\u00e9gu\u00e9e adjointe et de d\u00e9l\u00e9gation de signature du d\u00e9l\u00e9gu\u00e9 de l'Agence \u00e0 l'un ou plusieurs de ses collaborateurs 45\n03_Pr\u00e9f_Pr\u00e9fecture de l'Allier\n03-2025-12-23-00009\nExtrait de l'arr\u00eat\u00e9 n\u00b02932/2025 du 23 d\u00e9cembre\n2025 portant d\u00e9l\u00e9gation de signature \u00e0 Madame\nV\u00e9ronique DELMAS, directrice d\u00e9partementale\nadjointe des territoires de l'Allier, pour\nl'ordonnancement secondaire des recettes et\ndes d\u00e9penses imput\u00e9es sur le BOP 113 \u00abPaysages,\neau et biodiversit\u00e9\u00bb du plan Loire grandeur\nnature et sur le BOP 181 \u00abPr\u00e9vention des risques\u00bb\ndu plan Loire grandeur nature\n03_Pr\u00e9f_Pr\u00e9fecture de l'Allier - 03-2025-12-23-00009 - Extrait de l'arr\u00eat\u00e9 n\u00b02932/2025 du 23 d\u00e9cembre 2025 portant d\u00e9l\u00e9gation de\nsignature \u00e0 Madame V\u00e9ronique DELMAS, directrice d\u00e9partementale adjointe des territoires de l'Allier, pour l'ordonnancement\nsecondaire des recettes et des d\u00e9penses imput\u00e9es sur le BOP 113 \u00abPaysages, eau et biodiversit\u00e9\u00bb du plan Loire grandeur nature et sur\nle BOP 181 \u00abPr\u00e9vention des risques\u00bb du plan Loire grandeur nature\n46\nEsPREFETDE L'ALLIERLibert\u00e9Egalit\u00e9Fraternit\u00e9\nDirection de la coordination des politiques publiques\n \nExtrait de l'arr\u00eat\u00e9 n\u00b0 2932/2025 du 23 d\u00e9cembre 2025\nportant d\u00e9l\u00e9gation de signature\n\u00e0 Madame V\u00e9ronique DELMAS,\ndirectrice d\u00e9partementale adjointe des territoires de l'Allier,\npour l'ordonnancement secondaire des recettes et des d\u00e9penses\nimput\u00e9es sur le BOP 113 \u00ab Paysages, eau et biodiversit\u00e9 \u00bb\ndu plan Loire grandeur nature\net sur le BOP 181 \u00ab Pr\u00e9vention des risques \u00bb\ndu plan Loire grandeur nature\nArticle 1: D\u00e9l\u00e9gation de signature est donn\u00e9e \u00e0 Mme V\u00e9ronique DELMAS, directrice d\u00e9partementale adjointe\ndes territoires de l'Allier, pour proc\u00e9der \u00e0 l'ordonnancement secondaire des recettes et des d\u00e9penses imput\u00e9es\nsur les titres 3, 5 et 6 du BOP 113 \u00abPaysages, eau et biodiversit\u00e9\u00bb du plan Loire grandeur nature.\nArticle 2 : D\u00e9l\u00e9gation de signature est donn\u00e9e \u00e0  Mme V\u00e9ronique DELMAS, directrice d\u00e9partementale\nadjointe des territoires de l'Allier, pour proc\u00e9der \u00e0 l'ordonnancement secondaire des recettes et des d\u00e9penses\nimput\u00e9es sur les titres 3, 5 et 6 du BOP 181 \u00abPr\u00e9vention des risques\u00bb du plan Loire grandeur nature.\nArticle 3 : En application du 4\u00b0) de l'article 38 du d\u00e9cret n\u00b0 2004-374 du 29 avril 2004 modifi\u00e9, relatif aux\npouvoirs des pr\u00e9fets, \u00e0 l'organisation et \u00e0 l'action des services de l'\u00c9tat dans les r\u00e9gions et d\u00e9partements,\nMme V\u00e9ronique DELMAS, directrice d\u00e9partementale adjointe des territoires de l'Allier, peut subd\u00e9l\u00e9guer sa\nsignature aux agents plac\u00e9s sous son autorit\u00e9 pour signer les actes pour lesquels elle a elle-m\u00eame re\u00e7u\nd\u00e9l\u00e9gation par le pr\u00e9sent arr\u00eat\u00e9.\nLe cas \u00e9ch\u00e9ant, une copie de sa d\u00e9cision de subd\u00e9l\u00e9gation est transmise au pr\u00e9fet de l'Allier et \u00e0 la pr\u00e9f\u00e8te de\nla r\u00e9gion Centre-Val de Loire, pr\u00e9f\u00e8te coordonnatrice du bassin Loire-Bretagne.\nArticle 4 : L'engagement des d\u00e9penses, dont le montant unitaire est \u00e9gal ou sup\u00e9rieur \u00e0 100 000 \u20ac (cent mille\neuros), est soumis \u00e0 l'avis pr\u00e9alable du pr\u00e9fet de l'Allier.\nArticle 5 : Un compte rendu d'utilisation des cr\u00e9dits pour l'exercice budg\u00e9taire est adress\u00e9 trimestriellement \u00e0 la\npr\u00e9f\u00e8te coordonnatrice du bassin Loire-Bretagne.\nArticle 6 : Les dispositions du pr\u00e9sent arr\u00eat\u00e9 entrent en vigueur le 31 d\u00e9cembre 2025. \nArticle 7 : L'arr\u00eat\u00e9 pr\u00e9fectoral n\u00b0 232 bis/2025 du 04 f\u00e9vrier 2025 portant d\u00e9l\u00e9gation de signature \u00e0 M. Nicolas\nHARDOUIN, directeur d\u00e9partemental des territoires de l'Allier, pour l'ordonnancement secondaire des recettes\net des d\u00e9penses imput\u00e9es sur le BOP 113 \u00abPaysages, eau et biodiversit\u00e9\u00bb du plan Loire grandeur nature et sur\nle BOP 181 \u00abPr\u00e9vention des risques\u00bb du plan Loire grandeur nature, est abrog\u00e9.\nArticle 8 : La directrice d\u00e9partementale adjointe des territoires de l'Allier, responsable d'unit\u00e9 op\u00e9rationnelle des\nprogrammes cit\u00e9s aux articles 1 et 2, est charg\u00e9e de l'ex\u00e9cution du pr\u00e9sent arr\u00eat\u00e9 dont une copie sera adress\u00e9e\n\u00e0 la secr\u00e9taire g\u00e9n\u00e9rale pour les affaires r\u00e9gionales Centre-Val de Loire et au directeur d\u00e9partemental des\nfinances publiques de l'Allier.\nArticle 9 : Un recours contre le pr\u00e9sent arr\u00eat\u00e9 peut \u00eatre form\u00e9 devant le Tribunal Administratif de Clermont-\nFerrand dans un d\u00e9lai de deux mois \u00e0 compter de sa publication. En application du d\u00e9cret n\u00b0 2018-251 du\n6 avril 2018, les particuliers et les personnes morales de droit priv\u00e9 non repr\u00e9sent\u00e9s par un avocat peuvent\ncommuniquer avec un Tribunal administratif par la voie de l'application informatique \u00ab T\u00e9l\u00e9recours citoyens \u00bb\nsur le site www.telerecours.fr.\nLe Pr\u00e9fet\nSign\u00e9\nChristophe NO\u00cbL du PAYRAT\n03_Pr\u00e9f_Pr\u00e9fecture de l'Allier - 03-2025-12-23-00009 - Extrait de l'arr\u00eat\u00e9 n\u00b02932/2025 du 23 d\u00e9cembre 2025 portant d\u00e9l\u00e9gation de\nsignature \u00e0 Madame V\u00e9ronique DELMAS, directrice d\u00e9partementale adjointe des territoires de l'Allier, pour l'ordonnancement\nsecondaire des recettes et des d\u00e9penses imput\u00e9es sur le BOP 113 \u00abPaysages, eau et biodiversit\u00e9\u00bb du plan Loire grandeur nature et sur\nle BOP 181 \u00abPr\u00e9vention des risques\u00bb du plan Loire grandeur nature\n47","date":"2025-12-24","first_seen_on":"2025-12-24T15:04:51+00:00","id":"08143cdae4e44fe13cc3014808e40ba93b2533b6ee44441bac44117bfb4eed61","name":"recueil nr sp\u00e9cial - \u00e9dit\u00e9 le 24 d\u00e9cembre 2025","pdf_creation_date":"2025-12-24T14:45:18+00:00","pdf_modification_date":null,"timezone":"Europe/Paris","url":"https://www.allier.gouv.fr/contenu/telechargement/19240/131295/file/recueil-03-2025-204-recueil-des-actes-administratifs-special.pdf"}
