{"administration":"pref56","administration_name":"Pr\u00e9fecture du Morbihan","content":"PR\u00c9FET\nDU MORBIHAN\nRECUEIL DES ACTES\nADMINISTRATIFS SP\u00c9CIAL\n(NOMINATIFS)\nN\u00b0 56-2025-076\nPUBLI\u00c9 LE 20 AO\u00dbT 2025\nSommaire\n5601_Pr\u00e9fecture et sous-pr\u00e9fectures / CAB/ Bureau de la repr\u00e9sentation de l'Etat ( BRE )\n56-2025-07-14-00003 - Arr\u00eat\u00e9 accordant la m\u00e9daille de la mutualit\u00e9 de la coop\u00e9ration et\ndu cr\u00e9dit agricoles (MMCCA)  \u00e0 l'occasion de la promotion du 14 juillet 2025 pour RAA (1 page)Page 3\n56-2025-07-04-00005 - Arr\u00eat\u00e9 MHSP 14 07 25 pour RAA (3 pages) Page 4\n5603_Direction d\u00e9partementale de l'emploi, du travail et des solidarit\u00e9s du Morbihan / P\u00f4le\ninsertion emploi et solidarit\u00e9\n56-2025-08-14-00008 - Arr\u00eat\u00e9 du 14 ao\u00fbt 2025 portant d\u00e9signation des MJPM pr\u00e9pos\u00e9s\nde l'EPSM CHARCOT (2 pages) Page 7\n5603_Direction d\u00e9partementale de l'emploi, du travail et des solidarit\u00e9s du Morbihan\n(DDETS) /\n56-2025-08-04-00002 - D\u00e9cision du 4 ao\u00fbt 2025 - affectation AC et int\u00e9rims DDETS 56\n01-09-2025 (6 pages) Page 9\n2\nEnPREFETDU MORBIHANLibert\u00e9Egalit\u00e9Fraternit\u00e9\nARR\u00caT\u00c9 ACCORDANT LA M\u00c9DAILLE DE LA MUTUALIT\u00c9\nDE LA COOP\u00c9RATION ET DU CR\u00c9DIT AGRICOLES\n\u00c0 L'OCCASION DE LA PROMOTION DU 14 JUILLET 2025\nLE PR\u00c9FET DU MORBIHAN\nChevalier de l'ordre national du M\u00e9rite\nVU l'arr\u00eat\u00e9  du  14  mars  1957  de  Monsieur  le  ministre  de  l'agriculture  instituant  la  m\u00e9daille \nde la mutualit\u00e9, de la coop\u00e9ration et du cr\u00e9dit agricoles ;\nVU l'arr\u00eat\u00e9 du 16 janvier 1970 donnant d\u00e9l\u00e9gation de pouvoir aux pr\u00e9fets ;\n\u00c0 l'occasion de la promotion de l'ann\u00e9e 2025 ;\nSur proposition de Monsieur le sous-pr\u00e9fet, directeur de cabinet\u00a0;\nA R R E T E :\nArticle 1 \u00a0: L a m\u00e9daille de bronze de la mutualit\u00e9, de la coop\u00e9ration et du cr\u00e9dit agricoles  est  \nd\u00e9cern\u00e9e \u00e0\u00a0:\n- Madame Adeline KERGOZIEN n\u00e9e SIPIETER, d\u00e9l\u00e9gu\u00e9e - 2\u00e8me\n coll\u00e8ge - de la MSA des Portes \nde Bretagne - canton d'Auray\u00a0;\n- Madame Jacqueline LE LETTY n\u00e9e LE BLAY, d\u00e9l\u00e9gu\u00e9e - 1er \ncoll\u00e8ge - de la MSA des Portes de \nBretagne - canton de Pluvigner\u00a0;\nArticle  2\u00a0:  La  m\u00e9daille  d'argent  de  la  mutualit\u00e9,  de  la  coop\u00e9ration  et  du  cr\u00e9dit  agricoles  est \nd\u00e9cern\u00e9e \u00e0\u00a0:\n           - Madame Karine LE METAYER, d\u00e9l\u00e9gu\u00e9e - 1er\n coll\u00e8ge - de la MSA des Portes de Bretagne -\n           canton d'Hennebont\u00a0;\n           - Monsieur Jean MORIN, d\u00e9l\u00e9gu\u00e9 \u2013 3\u00e8me\n coll\u00e8ge - de la MSA des Portes de Bretagne - canton\n            de Plo\u00ebrmel\u00a0;\nArticle  3\u00a0:  Le  pr\u00e9sent  arr\u00eat\u00e9  peut  faire  l'objet  d'un  recours  contentieux  devant  le  tribunal \nadministratif de Rennes, 3 Contour de la Motte, 35044 Rennes Cedex, dans un d\u00e9lai de deux mois \u00e0  \ncompter de la parution de la mention au recueil des actes administratifs de la pr\u00e9fecture. Ce  \nrecours contentieux peut-\u00eatre formul\u00e9 en utilisant l'application \u00ab \u00a0T\u00e9l\u00e9recours citoyens\u00a0\u00bb sur le site  \nwww.telerecours.fr.\nArticle 4\u00a0: Monsieur le secr\u00e9taire g\u00e9n\u00e9ral et Monsieur le directeur de cabinet sont charg\u00e9s, chacun  \nen  ce  qui  le  concerne,  de  l'ex\u00e9cution  du  pr\u00e9sent  arr\u00eat\u00e9  qui  sera  ins\u00e9r\u00e9  au  recueil  des  actes \nadministratifs de la pr\u00e9fecture.\n                                                                Vannes, le 14 juillet 2025\n                                                                           Le Pr\u00e9fet\n                                                                       Micha\u00ebl GALY\n5601_Pr\u00e9fecture et sous-pr\u00e9fectures -  56-2025-07-14-00003 - Arr\u00eat\u00e9 accordant la m\u00e9daille de la mutualit\u00e9 de la coop\u00e9ration et du cr\u00e9dit agricoles\n(MMCCA)  \u00e0 l'occasion de la promotion du 14 juillet 2025 pour RAA 3\nExPREFETDU MORBIHANLibert\u00e9Egalit\u00e9Fraternit\u00e9\nLe Pr\u00e9fet\nRR\u00caT\u00c9 \naccordant la m\u00e9daille d'honneur des sapeurs-pompiers\nPromotion du 14 juillet 2025\nLE PR\u00c9FET DU MORBIHAN\nChevalier de l'ordre national du M\u00e9rite\nVU le code de la s\u00e9curit\u00e9 int\u00e9rieure ;\nVU le d\u00e9cret n\u00b0 2017-1155 du 10 juillet 2017 relatif \u00e0 la m\u00e9daille d'honneur des sapeurs-pompiers ;\nVU le d\u00e9cret n\u00b0 2019-468 du 16 mai 2019 modifiant le d\u00e9cret n\u00b0 2017-1155 du 10 juillet 2017 relatif \u00e0 la m\u00e9daille d'honneur des sapeurs-\npompiers ;\nARR\u00caTE\nArticle 1  er   - Des m\u00e9dailles d'honneur sont d\u00e9cern\u00e9es aux sapeurs-pompiers professionnels et volontaires dont les noms suivent qui ont fait  \npreuve de d\u00e9vouement dans l'exercice de leurs fonctions ou qui s'y sont particuli\u00e8rement distingu\u00e9s :\nM\u00e9daille grand'or :\nM\u00e9daille d'or :\nM. Jean-Luc ALLAIN Caporal-chef de sapeurs-pompiers volontaires La Roche-Bernard\nM. \u00c9ric BOULL\u00c9 Adjudant de sapeurs-pompiers professionnels Couverture des risques\nM. Lo\u00efc BOUTIER Adjudant-chef de sapeurs-pompiers volontaires Ploemeur\nM. Nicolas BRI\u00c8RE Adjudant-chef de sapeurs-pompiers volontaires La Roche-Bernard\nM. Christophe COLLARD Caporal-chef de sapeurs-pompiers volontaires Hennebont\nM. Franck COURJAL Adjudant-chef de sapeurs-pompiers volontaires Auray\nM. Samuel DAVALO Adjudant-chef de sapeurs-pompiers volontaires Malestroit\nM. St\u00e9phane ELAIN Adjudant-chef de sapeurs-pompiers professionnels Vannes\nM. Youenn GOULARD Adjudant-chef de sapeurs-pompiers professionnels Auray\nM. Olivier GUILLOT Adjudant-chef de sapeurs-pompiers volontaires Josselin\nM. Jean-Michel HAMON Sergent-chef de sapeurs-pompiers volontaires Auray\nM. Micka\u00ebl LAUDRIN Sergent-chef de sapeurs-pompiers volontaires Noyal-Pontivy\nM. Dominique LE BIHAN Adjudant-chef de sapeurs-pompiers volontaires Belle-\u00cele-en-Mer\nM. Christian LE CALLONNEC Lieutenant de sapeurs-pompiers volontaires Plumelec\nM. Patrick LE GOFF Caporal-chef de sapeurs-pompiers volontaires Languidic\nM. Yvan LE H\u00c9NAFF Adjudant-chef de sapeurs-pompiers professionnels Ploemeur\nM. Christian LE YONDRE Lieutenant de sapeurs-pompiers volontaires Auray\nM. Ludovic MORVAN Lieutenant de sapeurs-pompiers volontaires Pluvigner\nM. Fabrice RENOU Caporal-chef de sapeurs-pompiers volontaires Couverture des risques\nM. Anthony SORET Adjudant-chef de sapeurs-pompiers professionnels Hennebont\nM. Jean-Charles BAUDUIN Adjudant-chef de sapeurs-pompiers volontaires Auray\nM. Herv\u00e9 BOHEC Adjudant-chef de sapeurs-pompiers volontaires Gourin\nM. Fr\u00e9d\u00e9ric CORNE Adjudant-chef de sapeurs-pompiers volontaires Le Faou\u00ebt\nM. Bruno LE FUR Lieutenant de sapeurs-pompiers volontaires Plumeliau\nM. Herv\u00e9 MEYNIER Adjudant-chef de sapeurs-pompiers professionnels Vannes\nM. Michel OLI\u00c9RIC Lieutenant de sapeurs-pompiers volontaires Belle-\u00cele-en-Mer\n5601_Pr\u00e9fecture et sous-pr\u00e9fectures -  56-2025-07-04-00005 - Arr\u00eat\u00e9 MHSP 14 07 25 pour RAA 4\nM\u00e9daille d'argent :\nM\u00e9daille de bronze :\nArticle 2 - Le pr\u00e9sent arr\u00eat\u00e9 peut faire l'objet d'un recours contentieux devant le tribunal administratif de Rennes, 3 Contour de la Motte,  \n35044 Rennes Cedex,  dans un d\u00e9lai de deux mois \u00e0 compter de la parution de la mention au recueil des actes administratifs de la  \npr\u00e9fecture. Ce recours contentieux peut-\u00eatre formul\u00e9 en utilisant l'application \u00ab T\u00e9l\u00e9recours citoyens \u00bb sur le site www.telerecours.\nArticle 3 \u2013 Monsieur le sous-pr\u00e9fet, directeur de cabinet du pr\u00e9fet du Morbihan, est charg\u00e9 de l'ex\u00e9cution du pr\u00e9sent arr\u00eat\u00e9 qui sera publi\u00e9  \nau recueil des actes administratifs.         \nVannes, le 4 juillet 2025\nPour le pr\u00e9fet et par d\u00e9l\u00e9gation,\nle sous-pr\u00e9fet, directeur de cabinet\nsign\u00e9\nRonan LE PAGE\nM. R\u00e9my ANDREUX Sergent-chef de sapeurs-pompiers professionnels Auray\nM. Beno\u00eet AUGUY Lieutenant de sapeurs-pompiers volontaires Baud\nM. Romain BAIAO Adjudant de sapeurs-pompiers volontaires Auray\nM. Philippe BOUVET Adjudant de sapeurs-pompiers volontaires Sarzeau\nM. Jean-Philippe CAUDAL Adjudant de sapeurs-pompiers volontaires Saint-Jean-Brevelay\nM. Marc-Antoine CHAUMORCEL Sergent-chef de sapeurs-pompiers professionnels Vannes\nM. David DENIGOT Sergent de sapeurs-pompiers volontaires La Roche-Bernard\nMme Sandrine FRAN\u00c7OIS Sergente-cheffe de sapeurs-pompiers volontaires Sarzeau\nM. St\u00e8ve GUYOT Adjudant-chef de sapeurs-pompiers volontaires Pluvigner\nM. Ludovic HAUROGN\u00c9 Adjudant-chef de sapeurs-pompiers volontaires Rochefort-en-Terre\nM. Samuel HAUROGN\u00c9 Sergent de sapeurs-pompiers volontaires Rochefort-en-Terre\nM. Nicolas HORS Caporal-chef de sapeurs-pompiers volontaires Elven\nM. Mario HUAU Sergent de sapeurs-pompiers professionnels Plo\u00ebrmel\nM. Yann JEZO Sergent-chef de sapeurs-pompiers professionnels Auray\nMme Adeline LE BEAU Sergente-cheffe de sapeurs-pompiers volontaires M\u00e9n\u00e9ac\nM. Jean-Pierre LE BOURSICAUD Sergent-chef de sapeurs-pompiers volontaires Ploeren\nM. Gu\u00e9na\u00ebl LE M\u00c9TAYER Adjudant de sapeurs-pompiers volontaires Rohan\nM. Fabien LE RAY Sergent de sapeurs-pompiers volontaires Auray\nM. Nicolas MOLINARO Sergent-chef de sapeurs-pompiers professionnels Hennebont\nM. Anthony NICOLAS Adjudant-chef de sapeurs-pompiers volontaires Muzillac\nMme Virginie POUPPEVILLE Sergente-cheffe de sapeurs-pompiers professionnels Ploemeur\nMme Karen POUSSET Adjudante-cheffe de sapeurs-pompiers volontaires Hennebont\nMme Delphine QUENOUILL\u00c8RE Sergente-cheffe de sapeurs-pompiers volontaires Muzillac\nM. Hugues VOISIN Caporal de sapeurs-pompiers volontaires Sarzeau\nM. Antoine BERTHE Caporal de sapeurs-pompiers volontaires Grand-Champ\nM. Jordan BLANCHE Caporal-chef de sapeurs-pompiers volontaires Auray\nM. Vincent BOTERF Caporal-chef de sapeurs-pompiers volontaires Rochefort-en-Terre\nM. Vincent BOULANGER Sergent de sapeurs-pompiers volontaires Port-Louis\nM. Valentin BRAGEUL Sergent de sapeurs-pompiers volontaires Rohan\nMme Marina BREDOUX Caporale-cheffe de sapeurs-pompiers volontaires Carnac\nMme Myl\u00e8ne BROQUET Caporale-cheffe de sapeurs-pompiers volontaires Questembert\nM. R\u00e9mi BUCHET Caporal-chef de sapeurs-pompiers volontaires Auray\nMme Cyrielle CHARLES Caporale-cheffe de sapeurs-pompiers volontaires Pluvigner\nMme Magalie CH\u00c2TELAIS Sapeure 2\u00e8me classe de sapeurs-pompiers volontaires Rochefort-en-Terre\nMme Justine COTONNEC Sergente de sapeurs-pompiers volontaires Auray\nMme Anne-Marie COUPRIE Caporale-cheffe de sapeurs-pompiers volontaires Carnac\nM. Jordan DUPR\u00c9 Caporal de sapeurs-pompiers volontaires Hennebont\nMme Gwendoline GILLOT Caporale-cheffe de sapeurs-pompiers volontaires Muzillac\nM. Christophe GOUGELET Caporal-chef de sapeurs-pompiers volontaires Auray\nMme Marie GUILLO Caporale-cheffe de sapeurs-pompiers volontaires Elven\nM. Jean-R\u00e9mi IZARD Caporal de sapeurs-pompiers professionnels Vannes\nM. Gauthier J\u00c9GO Sergent de sapeurs-pompiers volontaires Plouhinec\nMme Justine J\u00c9HANNO Caporale-cheffe de sapeurs-pompiers volontaires Rohan\nM. Yann JOSSET Adjudant de sapeurs-pompiers volontaires Pluvigner\nM. Christopher LAPAIX Caporal-chef de sapeurs-pompiers volontaires Pluvigner\nM. Adrien LE CHEVILLER Caporal-chef de sapeurs-pompiers volontaires Grand-Champ\nM. Pierre LE COINTE Caporal-chef de sapeurs-pompiers volontaires Rochefort-en-Terre\nMme Manon LE FORT Sergente de sapeurs-pompiers volontaires Inguiniel\nMme Lizaig LECOUBLET Caporale-cheffe de sapeurs-pompiers volontaires Ploemeur\nM. Kevin LELI\u00c8VRE Caporal-chef de sapeurs-pompiers volontaires Malestroit\nM. Pierre LORAND Caporal-chef de sapeurs-pompiers volontaires Josselin\nM. Stanislas MASSON Sergent de sapeurs-pompiers volontaires Port-Louis\nM. Alexandre MOLLET Caporal-chef de sapeurs-pompiers professionnels Vannes\nMme Morgane PIETIN Sergente-cheffe de sapeurs-pompiers volontaires Arzon\nM. Anthony POUX Sergent-chef de sapeurs-pompiers volontaires Plouhinec\nMme Ang\u00e8le QUESSON Adjudante de sapeurs-pompiers volontaires Rohan\nMme Alexandra RACOU\u00cbT Caporale de sapeurs-pompiers volontaires Malestroit\nMme Charline RAHIER Caporale-cheffe de sapeurs-pompiers volontaires Sarzeau\nMme Oc\u00e9ane ROLLAND Caporale de sapeurs-pompiers professionnels Malestroit\nM. Paul-Alexis THERAUD Caporal-chef de sapeurs-pompiers volontaires Elven\n5601_Pr\u00e9fecture et sous-pr\u00e9fectures -  56-2025-07-04-00005 - Arr\u00eat\u00e9 MHSP 14 07 25 pour RAA 5\n                                                                                         \n5601_Pr\u00e9fecture et sous-pr\u00e9fectures -  56-2025-07-04-00005 - Arr\u00eat\u00e9 MHSP 14 07 25 pour RAA 6\nExPREFET Direction D\u00e9partementaleDU MORBIHAN de l'Emploi, du Travail et des Solidarit\u00e9sLibert\u00e9\u00c9galit\u00e9Fraternit\u00e9\nARR\u00caT\u00c9 PR\u00c9FECTORALportant deS|gnat|on des mandataires judiciaires \u00e0 la protection des majeurspr\u00e9pos\u00e9s de l'\u00c9tablissement Public de Sant\u00e9 Mentale (EPSM) CHARCOT\nLe pr\u00e9fet du Morbihan |Chevalier de l'Ordre national du M\u00e9rite\nVu le Code de l'action sociale et des familles ;Vu le Code civil ;Vu la loi n\u00b020077308 du 5 mars 2007 de r\u00e9forme de la protection juridique des majeurs ;VU la loi n\u00b02019-222 du 23 mars 2019 de programmation et de r\u00e9forme pour la justice ;Vu le d\u00e9cret modifi\u00e9 n\u00b02008-1512 du 30 d\u00e9cembre 2008 fixant les modalit\u00e9s d'inscription sur leslistes d\u00e9partementales des mandataires judiciaires \u00e0 la protection des majeurs et des d\u00e9l\u00e9gu\u00e9saux prestations familiales ; .Vu le d\u00e9cret du Pr\u00e9sident de la R\u00e9publique du 7 mai 2025 portant nomination de MonsieurMicha\u00e9l GALY en qualit\u00e9 de pr\u00e9fet du Morbihan ;Vu l'arr\u00eat\u00e9 pr\u00e9fectoral du 6 juin 2024 de d\u00e9signation des mandataires judiciaires \u00e0 la protectiondes majeurs pr\u00e9pos\u00e9s de 'lEPSM CHARCOT ;Vu la d\u00e9claration pr\u00e9alable de l'EPSM CHARCOT du 16 avril 2025 d\u00e9signant Madame LudmillaROSTRENNE mandataire judiciaire \u00e0 la protection des majeurs pr\u00e9pos\u00e9e ;Vu l'avis favorable du 13 ao\u00fbt 2025 du procureur de la R\u00e9publique pres du tribunal judiciaire deVannes ;\nConsid\u00e9rant que Madame Ludmilla ROSTRENNE remplit les conditions d\u00e9finies par le code deI'action sociale et des familles et que I'ind\u00e9pendance de sa fonction de mandataire judiciaire \u00e0 laprotection des majeurs est \u00e9tablie ;\nSur proposition du directeur d\u00e9partemental de I'emploi, du travail et des solidarit\u00e9s duMorbihan ;\nT\u00e9l: 02 97 26 26 26 M\u00e9l : ddets@morbihan.gouv.frParc Pompidou - rue de Rohan - BP N\u00b070519 - 56017 VANNES Cedexwww.morbihan.gouv.fr\nPR\u00c9FET\nDU MORBIHAN\nLibert\u00e9\n\u00c9galit\u00e9\nFraternit\u00e9\nDirection D\u00e9partementale\nde l'Emploi, du Travail et des Solidarit\u00e9s\n\\\nARR\u00caT\u00c9 PR\u00c9FECTORAL\nportant d\u00e9signation des mandataires judiciaires \u00e0 la protection des majeurs\npr\u00e9pos\u00e9s de l'\u00c8tablissement Public de Sant\u00e9 Mentale (EPSM) CHARCOT\nLe pr\u00e9fet du Morbihan\nChevalier de I'Ordre national du M\u00e9rite\nVu le Code de l'action sociale et des familles ;\nVu le Code civil ;\nVu la loi n\u00b02007-308 du 5 mars 2007 de r\u00e9forme de la protection juridique des majeurs ;\nVU la loi n\u00b02019-222 du 23 mars 2019 de programmation et de r\u00e9forme pour la justice ;\nVu le d\u00e9cret modifi\u00e9 n\u00b02008-1512 du 30 d\u00e9cembre 2008 fixant les modalit\u00e9s d'inscription sur les\nlistes d\u00e9partementales des mandataires judiciaires \u00e0 la protection des majeurs et des d\u00e9l\u00e9gu\u00e9s\naux prestations familiales ;\nVu le d\u00e9cret du Pr\u00e9sident de la R\u00e9publique du 7 mai 2025 portant nomination de Monsieur\nMichael GALY en qualit\u00e9 de pr\u00e9fet du Morbihan ;\nVu l'arr\u00eat\u00e9 pr\u00e9fectoral du 6 juin 2024 de d\u00e9signation des mandataires judiciaires \u00e0 la protection\ndes majeurs pr\u00e9pos\u00e9s de l'EPSM CHARCOT;\nVu la d\u00e9claration pr\u00e9alable de l'EPSM CHARCOT du 16 avril 2025 d\u00e9signant Madame Ludmilla\nROSTRENNE mandataire judiciaire \u00e0 la protection des majeurs pr\u00e9pos\u00e9e ;\nVu l'avis favorable du 13 ao\u00fbt 2025 du procureur de la R\u00e9publique pr\u00e8s du tribunal judiciaire de\nVannes;\nConsid\u00e9rant que Madame Ludmilla ROSTRENNE remplit les conditions d\u00e9finies par le code de\nfaction sociale et des familles et que l'ind\u00e9pendance de sa fonction de mandataire judiciaire \u00e0 la\nprotection des majeurs est \u00e9tablie ;\nSur proposition du directeur d\u00e9partemental de remploi, du travail et des solidarit\u00e9s du\nMorbihan ;\nTel: 0297262626 M\u00e9l : ddets@morbihan.gouv.fr\nParc Pompidou - rue deRohan - BP  70519 - 56017 VANNES Cedex\nwww.morbihan.gouv.fr\n5603_Direction d\u00e9partementale de l'emploi, du travail et des solidarit\u00e9s du Morbihan -  56-2025-08-14-00008 - Arr\u00eat\u00e9 du 14 ao\u00fbt 2025 portant\nd\u00e9signation des MJPM pr\u00e9pos\u00e9s de l'EPSM CHARCOT 7\nARRETEArticle 1 : L'arr\u00eat\u00e9 pr\u00e9fectoral du 6 juin 2024 de d\u00e9signation des mandataires judiciaires \u00e0 laprotection des majeurs preposes de 'TEPSM CHARCOT est abrog\u00e9.Article 2 : Mesdames Mathllde DE WILDE, Isabelle CORBION, Marianne ANDR\u00c9, SylvianneCHOLEY et Ludmilla ROSTRENNE sont d\u00e9sign\u00e9es pour exercer, au sein de l'unit\u00e9 de- protection juridique des majeurs de l'EPSM CHARCOT \u00e0 CAUDAN (56850), les mesures deprotection des majeurs confi\u00e9es par l'autorit\u00e9 judiciaire au titre :du mandat sp\u00e9cial auquel il peut \u00eatre recouru dans le cadre de la sauvegarde de justice ;.de la curatelle ;de la tutelle.Article 3 : Mesdames Mathilde DE WILDE, Isabelle CORBION, Marianne ANDR\u00c9, SylvianneCHOLEY et Ludmilla ROSTRENNE mandataires judiciaires \u00e0 la protection des majeurspr\u00e9pos\u00e9es de l'EPSM CHARCOT \u00e0 CAUDAN (56850) sont mises \u00e0 disposition par convention etinterviendront en cette qualit\u00e9 pour exercer des mesures de protection des majeurs au profit despersonnes h\u00e9berg\u00e9es ou soign\u00e9es dans les \u00e9tablissements suivants :Groupement Hospitalier Bretagne Sud pour les sites de LORIENT (56100), QUIMPERLE(29300), FAOUET (56320) et PORT-LOUIS / RIANTEC (56670) ;EHPAD \u00ab TI A\u00cfEUL \u00bb \u00e0 CAUDAN (56850) ;EHPAD \u00ab R\u00c9SIDENCE DE KERGUESTENEN \u00bb du CCAS de LORIENT (56100) ;EHPAD \u00ab TAL ARMOR \u00bb \u00e0 MOELAN-SUR-MER (29350).Article 4 : Mesdames Mathilde DE WILDE, Isabelle CORBION, Marianne ANDRE, SylvianneCHOLEY et Ludmilla ROSTRENNE mandataires judiciaires \u00e0 la protection des majeurspr\u00e9pos\u00e9es de I'EPSM CHARCOT \u00e0 CAUDAN (56850) seront inscrites sur la listed\u00e9partementale des mandataires judiciaires \u00e0 la protection des majeurs et des d\u00e9l\u00e9gu\u00e9s auxprestations familiales autoris\u00e9s \u00e0 exercer dans le Morbihan.Article 5 : Une copie du pr\u00e9sent arr\u00eat\u00e9 sera notifi\u00e9e :aux int\u00e9ress\u00e9es ;au procureur de la R\u00e9publique pr\u00e8s du tribunal judiciaire de Lorient ;au procureur de la R\u00e9publique pr\u00e8s du tribunal judiciaire de Quimper ;aux juges des contentieux de la protection pr\u00e8s du tribunal judiciaire de Lorient ;aux juges des contentieux de la protection pr\u00e8s du tribunal judiciaire de Quimper.Article 6 : Un recours contre le pr\u00e9sent arr\u00eat\u00e9 peut \u00e9tre exerc\u00e9 dans un d\u00e9lai de deux mois \u00e0compter de sa publication sous forme :soit d'un recours gracieux aupr\u00e8s de l'autorit\u00e9 qui a pris la d\u00e9cision ;soit d'un recours hi\u00e9rarchique aupr\u00e8s du-ministre du travail, de la sant\u00e9 et des solidarit\u00e9s ;soit d'un recours contentieux aupr\u00e8s du tribunal administratif de Rennes, y compris parl'application T\u00e9l\u00e9recours Citoyens accessible sur le site https://www.telerecours.fr.Article 7 : Le secr\u00e9taire g\u00e9n\u00e9ral de la pr\u00e9fecture du Morbihan et le directeur d\u00e9partemental de'emploi, du travail et des solidarit\u00e9s du Morbihan sont charg\u00e9s chacun en ce qui le concerne del'ex\u00e9cution du pr\u00e9sent arr\u00eat\u00e9, qui sera publi\u00e9 au recueil des actes administratifs de la pr\u00e9fecturedu Morbihan. 1 4 AO\u00dbT 2025,le, par d\u00e9l\u00e9gation,r\u00e9 aire'g\u00e9n\u00e9ral,\n\u00e9phdne JARLEGAND\nT\u00e9l: 02 97 26 26 26 M\u00e9l : ddets@morbihan.gouv.frParc Pompidou - rue de Rohan - BP N\u00b070519 - 56017 VANNES Cedexwww.morbihan.gouv.fr\nARR\u00caTE\nArticle 1 : L'arr\u00eat\u00e9 pr\u00e9fectoral du 6 juin 2024 de d\u00e9signation des mandataires judiciaires \u00e0 la\nprotection des majeurs pr\u00e9pos\u00e9s de l'EPSM CHARCOT est abrog\u00e9.\nArticle 2 : Mesdames Mathilde DE WILDE, Isabelle CORBION, Marianne ANDR\u00c9, Sylvianne\nCHOLEY et Ludmilla ROSTRENNE sont d\u00e9sign\u00e9es pour exercer, au sein de l'unit\u00e9 de\nprotection juridique des majeurs de l'EPSM CHARCOT \u00e0 CAUDAN (56850), les mesures de\nprotection des majeurs confi\u00e9es par l'autorit\u00e9 judiciaire au titre :\ndu mandat sp\u00e9cial auquel il peut \u00eatre recouru dans le cadre de la sauvegarde de justice ;\nde la curatelle ;\nde la tutelle.\nArticle 3 : Mesdames Mathilde DE WILDE, Isabelle CORBION, Marianne ANDR\u00c9, Sylvianne\nCHOLEY et Ludmitla ROSTRENNE mandataires judiciaires \u00e0 la protection des majeurs\npr\u00e9pos\u00e9es de l'EPSM CHARCOT \u00e0 CAUDAN (56850) sont mises \u00e0 disposition par convention et\ninterviendront en cette qualit\u00e9 pour exercer des mesures de protection des majeurs au profit des\npersonnes h\u00e9berg\u00e9es ou soign\u00e9es dans les \u00e9tablissements suivants :\nGroupement Hospitalier Bretagne Sud pour les sites de LORIENT (56100), QUIMPERL\u00c9\n(29300), FAOU\u00cbT (56320) et PORT-LOUIS / RIANTEC (56670) ;\nEHPAD \u00ab Tl A\u00cfEUL \u00bb \u00e0 CAUDAN (56850) ;\nEHPAD \u00ab R\u00c9SIDENCE DE KERGUESTENEN \u00bb du CCAS de LORIENT (56100);\nEHPAD \u00ab TAL ARMOR \u00bb \u00e0 MO\u00cbLAN-SUR-MER (29350).\nArticle 4 : Mesdames Mathilde DE WILDE, Isabelle CORBION, Marianne ANDR\u00c9, Sylvianne\nCHOLEY et Ludmilla ROSTRENNE mandataires judiciaires \u00e0 la protection des majeurs\npr\u00e9pos\u00e9es de l'EPSM CHARCOT \u00e0 CAUDAN (56850) seront inscrites sur la liste\nd\u00e9partementale des mandataires judiciaires \u00e0 la protection des majeurs et des d\u00e9l\u00e9gu\u00e9s aux\nprestations familiales autoris\u00e9s \u00e0 exercer dans le Morbihan.\nArticle 5 : Une copie du pr\u00e9sent arr\u00eat\u00e9 sera notifi\u00e9e :\naux int\u00e9ress\u00e9es ;\nau procureur de la R\u00e9publique pr\u00e8s du tribunal judiciaire de Lorient ;\nau procureur de la R\u00e9publique pr\u00e8s du tribunal judiciaire de Quimper ;\naux juges des contentieux de la protection pr\u00e8s du tribunal judiciaire de Lorient ;\naux juges des contentieux de la protection pr\u00e8s du tribunal judiciaire de Quimper.\nArticle 6 : Un recours contre le pr\u00e9sent arr\u00eat\u00e9 peut \u00eatre exerc\u00e9 dans un d\u00e9lai de deux mois \u00e0\ncompter de sa publication sous forme :\nsoit d'un recours gracieux aupr\u00e8s de l'autorit\u00e9 qui a pris la d\u00e9cision ;\nsoit d'un recours hi\u00e9rarchique aupr\u00e8s du ministre du travail, de la sant\u00e9 et des solidarit\u00e9s ;\nsoit d'un recours contentieux aupr\u00e8s du tribunal administratif de Rennes, y compris par\nl'application T\u00e9l\u00e9recours Citoyens accessible sur le site https://www.telerecours.fr.\nArticle 7 : Le secr\u00e9taire g\u00e9n\u00e9ral de la pr\u00e9fecture du Morbihan et le directeur d\u00e9partemental de\nremploi, du travail et des solidarit\u00e9s du Morbihan sont charg\u00e9s chacun en ce qui le concerne de\nl'ex\u00e9cution du pr\u00e9sent arr\u00eat\u00e9, qui sera publi\u00e9 au recueil des actes administratifs de la pr\u00e9fecture\ndu Morbihan.\nit \u00e0 Vin\ne5Te\n'dcr\u00e9\nsje\u00ee ^ AOUT 2025\npar d\u00e9l\u00e9gation,\niireiQ\u00e9n\u00e9ral,\nl\u00e9ph^ne JARL\u00c9GAND\nTel: 0297262626 M\u00e9l : ddets@morbihan.gouv.fr\nParc Pompidou - rue de Rohan - BP  70519 - 56017 VANNES Cedex\nwww.morbihan.gouv.fr\n5603_Direction d\u00e9partementale de l'emploi, du travail et des solidarit\u00e9s du Morbihan -  56-2025-08-14-00008 - Arr\u00eat\u00e9 du 14 ao\u00fbt 2025 portant\nd\u00e9signation des MJPM pr\u00e9pos\u00e9s de l'EPSM CHARCOT 8\nEx | | Direction r\u00e9gionaleMINIST\u00c8RE | de l'\u00e9conomie, de l'emploi,DU TRAVAIL, DE LA SANT\u00c9, du travail et des solidarit\u00e9sDES SOLIDARIT\u00c9S - ) 'ET DES FAMILLESL'z'berte'Egalit\u00e9Fraternit\u00e9\nD\u00e9cision portant affectation des agents de contr\u00f4le dans les unit\u00e9s de contr\u00f4le et gestion des int\u00e9rimsde la direction d\u00e9partementale de l'emploi, du travail et des solidarit\u00e9s du MorbihanLA DIRECTRICE R\u00c9GIONALE DE L'\u00c9CONOMIE, DE L'EMPLOI,DU TRAVAIL ET DES SOLIDARIT\u00c9S DE BRETAGNE\nLa Directrice r\u00e9gionale de l'\u00e9conomie, de l'emploi, du travail et des solidarit\u00e9s de la r\u00e9gion BretagneVu le code du travail, notamment ses articles R. 8122-3 et suivants,Vu le d\u00e9cret n\u00b02020-1545 du 9 d\u00e9cembre 2020 relatif \u00e0\u00c0-l'organisation et aux missions des directions r\u00e9gionales deI'\u00e9conomie, de I'emploi, du travail et des solidarit\u00e9s et des directions d\u00e9partementales de l'emploi, du travail, dessolidarit\u00e9s et de la protection des populations,Vu le d\u00e9cret n\u00b0 2014-359 du 20 mars 2014 relatif \u00e0 l'organisation du syst\u00e8me d'inspection du travail,Vu l'arr\u00eat\u00e9 minist\u00e9riel du 27 novembre 2024 portant r\u00e9partition des unit\u00e9s de contr\u00f4le de I'inspection du travail,Vu l'arr\u00eat\u00e9 du ministre de I'\u00e9conomie, de la finance et de la relance, de la ministre du travail, de l'emploi, de\"l'insertion, du ministre des solidarit\u00e9s et de la sant\u00e9 en date du 25 mars 2021 confiant l'emploi de directeur r\u00e9gionalde l'\u00e9conomie, de l'emploi, du travail et des solidarit\u00e9s de Bretagne \u00e0 Madame V\u00e9ronique DESCACQ \u00e0 compter duTer avril 2021 ; |- Vu l'arr\u00eat\u00e9 du Premier ministre et du ministre de I'Int\u00e9rieur et des Outre-Mer en date du 9 avril 2024 nommant M.Bertrand LE ROY, directeur d\u00e9partemental de l'emploi, du travail et des solidarit\u00e9s du Morbihan \u00e0 compter du 1\u00a2-mai 2024 ;Vu l'arr\u00eat\u00e9 r\u00e9gional du 06 mars 2025 relatif \u00e0 la localisation et \u00e0 la d\u00e9limitation des unltes de contr\u00f4le et des sectionsd'mspectlon du travail pour la r\u00e9gion Bretagne ;Vu la d\u00e9cision de la Directrice de la DREETS Bretagne du 06 mars 2025 relative \u00e0 l'affectation des agents de contr\u00f4ledans les unit\u00e9s de contr\u00f4le et gestion des int\u00e9rims de la dlrectlon d\u00e9partementale de l'emploi, du travail et dessolidarit\u00e9s du Morbihan,\nDECISIONArticle 1\u00b0 : Responsables d'unit\u00e9 de contr\u00f4le (RUC)Sont nomm\u00e9s comme responsables des unit\u00e9s de contr\u00f4le de la direction d\u00e9partementale de l'emploi, du travailet des solidarit\u00e9s du Morbihan les agents suivants :Le responsable de l'unit\u00e9 de contr\u00f4le OUEST est : Monsieur Claude GUILLOULe responsable de l'unit\u00e9 de contr\u00f4le EST est : Monsieur Nicolas EPIPHANE\n5603_Direction d\u00e9partementale de l'emploi, du travail et des solidarit\u00e9s du Morbihan (DDETS) -  56-2025-08-04-00002 - D\u00e9cision du 4 ao\u00fbt 2025 -\naffectation AC et int\u00e9rims DDETS 56 01-09-2025 9\nArticle 2 : Sections d'inspection du travail de la DDETS du MorbihanLes inspecteurs et contr\u00f4leurs du travail dont les noms suivent sont charg\u00e9s des actions d'inspection de la l\u00e9gislationdu travail dans les entreprises relevant des sections d'inspection du travail composant les unit\u00e9s de contr\u00f4le dud\u00e9partement du Morbihan.Unit\u00e9 de contr\u00f4le OUEST : 3, rue Jean Le Coutaller - 56100 LORIENT - 02.90.79.51.51.Section Nom  et pr\u00e9nom de l'agent GradeOAM1 | ORGEBIN Erick Inspecteur du travail02 LE SAUX Christian Inspecteur du travail=03 EATON Alain Inspecteur du travail04 COCQUERELLE Micha\u00e9l Inspecteur du travailO5 PESCHELOCHE Sylvie Inspectrice du travailO6 _ | GERNEZ Perrine Inspectrice du travail07 Poste vacant08 TOUPIN B\u00e9n\u00e9dicte Inspectrice du travail09 GRAFFION Jeanne Inspectrice du travail\nUnit\u00e9 de contr\u00f4le EST : Parc Pompidou - Rue de Rohan - BP 70519 - 56017 VANNES CEDEX - 02.97.26.26.26.Nom et pr\u00e9nom de l'agentSection GradeEA1 MONNERET Nicolas Inspecteur du travailEAM2 CLAUSS Philippe Inspecteur du travailE3 MOELO Leila Inspectrice du travailE4 CATROS Arnaud Inspecteur du travailES DONVAL-BOLTEAU Sandrine Inspectrice du travailE6 BUCHERON Olivier Inspecteur du travailE7 CHEVANCE Jessica Inspectrice du travailE8 DO NASCIMENTO Lino Inspecteur du travailE9 LE GUENNEC Marie-Paule Inspectrice du travailE10 COLAS Val\u00e9rie Inspectrice du travailE11 HOSTIN Elodie Inspectrice du travail\nArticle 3 : Pouvoir de co_ntr\u00f4leConform\u00e9ment \u00e0 l'article R. 8122-10, lorsque l'action le rend n\u00e9cessaire, les agents mentionn\u00e9s aux articles 1 et 2participent aux actions d'inspection de la l\u00e9gislation du travail sur le territoire de la direction d\u00e9partementale \u00e0laquelle est rattach\u00e9e l'unit\u00e9 de contr\u00f4le o\u00f9 ils sont affect\u00e9s. )Article 4 : Int\u00e9rim des responsables d'unit\u00e9 de contr\u00f4le\" En cas d'absence ou d'emp\u00e9chement de l'un des responsables d'unit\u00e9 de contr\u00f4le d\u00e9sign\u00e9s \u00e0 l'article 1, l'int\u00e9rim estorganis\u00e9 selon les modalit\u00e9s ci-apr\u00e8s : 'RUC de l'UC Ouest : RUC de l'UC EstRUC de I'UC Est : RUC de l'UC OuestEn cas d'absence de tout respons\u00e0ble d'unit\u00e9 de contr\u00f4le, l'int\u00e9rim est assur\u00e9 par Monsieur Bruno JOURDAN,directeur du travail - directeur adjoint P\u00f4le Entreprises et Travail \u00e0 la DDETS du Morbihan, ou en cas d'absence oud'emp\u00e9chement par Monsieur Bertrand LE ROY, directeur d\u00e9partemental de la DDETS du Morbihan.\n5603_Direction d\u00e9partementale de l'emploi, du travail et des solidarit\u00e9s du Morbihan (DDETS) -  56-2025-08-04-00002 - D\u00e9cision du 4 ao\u00fbt 2025 -\naffectation AC et int\u00e9rims DDETS 56 01-09-2025 10\nArticle 5 : Int\u00e9rim des agents de contr\u00f4leEn cas d'absence ou d''emp\u00e9chement de l'un des agents de contr\u00f4le d\u00e9sign\u00e9s \u00e0 l'article 2, I'int\u00e9rim est organis\u00e9 selonles modalit\u00e9s ci-apr\u00e8s. ' ;5.1 Int\u00e9rim en l'absence des inspecteurs du travail d\u00e9sign\u00e9s en application de l'article 2 de la pr\u00e9sente d\u00e9cisionL'int\u00e9rim de la section OAM1 est assur\u00e9 par l'inspecteur du travail de la section EAM2,ou en cas d'emp\u00eachement de ce dernier par l'inspecteur du travail de la section EA1,ou en cas d''emp\u00e9chement de ce dernier par l'inspecteur du travail de la section O2,ou en cas d'emp\u00eachement de ce dernier par l'inspecteur du travail de la section O3,Ou en cas d'emp\u00e9chement de ce dernier par l'inspecteur du travail de la section O4,ou en cas d'emp\u00e9chement de ce dernier par l'inspecteur du travail de la section O5,ou en cas d'emp\u00e9chement de ce dernier par I'inspecteur du travail de la section O6,ou en cas d'emp\u00eachement de ce dernier par l'inspecteur du travail de la section O7,ou en cas d'emp\u00eachement de ce dernier par l'inspecteur du travail de la section O8.ou en cas d'emp\u00eachement de ce dernier par l'inspecteur du travail de la section O9.L'int\u00e9rim de la section O2 est assur\u00e9 par l'inspecteur du travail de la section O3,ou en cas d'emp\u00e9chement de ce dernier par l'inspecteur du travail de la section O4,ou en cas d'emp\u00eachement de ce dernier par l'inspecteur du travail de la section O5,ou en cas d''emp\u00e9chement de ce dernier par l'inspecteur du travail de la section O6,ou en cas d'emp\u00eachement de ce dernier par l'inspecteur du travail de la section O7,ou en cas d''emp\u00e9chement de ce dernier par l'inspecteur du travail de la section O8,ou en cas d'emp\u00eachement de ce dernier par l'inspecteur du travail de la section O9.ou en cas d'emp\u00eachement de ce dernier par l'inspecteur du travail de la section OAM1.L'int\u00e9rim de la section O3 est assur\u00e9 par l'inspecteur du travail de la section 04,ou en cas d'emp\u00eachement de ce dernier par l'inspecteur du travail de la section O5,ou en cas d'emp\u00e9chement de ce dernier par I'inspecteur du travail de la section O6,ou en cas d'emp\u00e9chement de ce dernier par l'inspecteur du travail de la section O7,ou en cas d'emp\u00eachement de ce dernier par l'inspecteur du travail de la section O8,ou en cas d'emp\u00eachement de ce dernier par l'inspecteur du travail de la section O9,ou en cas d'emp\u00eachement de ce dernier par l'inspecteur du travail de la section OAM1,ou en cas d'emp\u00eachement de ce dernier par l'inspecteur du travail de la section O2.L'int\u00e9rim de la section O4 est assur\u00e9 par l'inspecteur du travail de la section O5,ou en cas d'emp\u00eachement de ce dernier par l'inspecteur du travail de la section O6,p pou en cas d'emp\u00eachement de ce dernier par l'inspecteur du travail de la section O7,ou en cas d''emp\u00e9chement de ce dernier par l'inspecteur du travail de la section O8,) p p .ou en cas d'emp\u00eachement de ce dernier par | l'inspecteur du travail de la section O9,p pou en cas d'emp\u00eachement de ce dernier par l'inspecteur du travail de la section OAM1,ou en cas d'emp\u00eachement de ce dernier par l'inspecteur du travail de la section O2,ou en cas d'emp\u00eachement de ce dernier par l'inspecteur du travail de la section O3.p p pL'int\u00e9rim de la section O5 est assur\u00e9 par l'inspecteur du travail de la section O6,ou en cas d'\u00e9mp\u00eachement de ce dernier par l'inspecteur du travail de la section O7,ou en cas d'emp\u00eachement de ce dernier par l'inspecteur du travail de la section O8,ou en cas d'emp\u00eachement de ce dernier par l'inspecteur du travail de la section O9,ou en cas d'emp\u00e9chement de ce dernier par I'inspecteur du travail de la section OAMT,ou en cas d'emp\u00eachement de ce dernier par l'inspecteur du travail de la section O2,ou en cas d'emp\u00eachement de ce dernier par l'inspecteur du travail de la section O3,ou en cas d'emp\u00eachement de ce dernier par l'inspecteur du travail de la section O4.L'int\u00e9rim de la section O6 est assur\u00e9 par I'inspecteur du travail de la section O7,ou en cas d'emp\u00eachement de ce dernier par l'inspecteur du travail de la section O8,ou en cas d'emp\u00e9chement de ce dernier par l'inspecteur du travail de la section O9,ou en cas d'emp\u00eachement de ce dernier par l'inspecteur du travail de la section OAM1,\n3\n5603_Direction d\u00e9partementale de l'emploi, du travail et des solidarit\u00e9s du Morbihan (DDETS) -  56-2025-08-04-00002 - D\u00e9cision du 4 ao\u00fbt 2025 -\naffectation AC et int\u00e9rims DDETS 56 01-09-2025 11\nen cas d'emp\u00e9chement de ce dernier par I'inspecteur du travail de la section O2,ou en cas d'emp\u00e9chement de ce dernier par I'inspecteur du travail de la section O3,ou en cas d'emp\u00e9chement de ce dernier par l'inspecteur du travail de la section 04,ou en cas d'emp\u00eachement de ce dernier par l'inspecteur du travail de la section O5.L'int\u00e9rim de la section O7 est assur\u00e9 par l'inspecteur du travail de la section O8,ou en cas d'emp\u00eachement de ce dernier par I'inspecteur du travail de la section O9,ou en cas d'emp\u00eachement de ce dernier par l'inspecteur du travail de la section OAM1,ou en cas d'emp\u00eachement de ce dernier par l'inspecteur du travail de la section 02,ou en cas, d'emp\u00e9chement de ce dernier par l'inspecteur du travail de la section O3,p P P .ou en cas d''emp\u00eachement de ce dernier par l'inspecteur du travail de la section 04,P ' p Pou en cas d'emp\u00eachement de ce dernier par l'inspecteur du travail de la section O5,p p pou en cas d'emp\u00eachement de ce dernier par I'inspecteur du travail de la section O6.p P P\nL'int\u00e9rim de la section O8 est assur\u00e9 par l'inspecteur du travail de la section O9,ou en cas d'emp\u00e9chement de ce dernier par l'inspecteur du travail de la section OAM1,ou en cas d'emp\u00eachement de ce dernier par l'inspecteur du travail de la section O2,ou en cas d'emp\u00eachement de ce dernier par l'inspecteur du travail de la section O3,ou en cas d'emp\u00eachement de ce dernier par l'inspecteur du travail de la section O4,ou en cas d'emp\u00eachement de ce dernier par l'inspecteur du travail de la section O5,ou en cas d''emp\u00e9chement de ce dernier par l'inspecteur du travail de la section O6,ou en cas d'emp\u00eachement de ce dernier par l'inspecteur du travail de la section O7.L'int\u00e9rim de la section O9 est assur\u00e9 par l'inspecteur du travail de la section O2,ou en cas d'emp\u00eachement de ce dernier par l'inspecteur du travail de la section OAM1,ou en cas d'emp\u00eachement de ce dernier par l'inspecteur du travail de la section O3,ou en cas d'emp\u00eachement de ce dernier par I'inspecteur du travail de la section O4,ou en cas d'emp\u00eachement de ce dernier par I'inspecteur du travail de la section O5,ou en cas d'emp\u00eachement de ce dernier par l'inspecteur du travail de la section O6,ou en cas d'emp\u00eachement de ce dernier par l'inspecteur du travail de la section O7,ou en cas d'emp\u00eachement de ce dernier par l'inspecteur du travail de la section O8.L'int\u00e9rim de la section EA1 est assur\u00e9 par l'inspecteur du travail de la section EAM2ou en cas d'emp\u00eachement de ce dernier par l'inspecteur du travail de la section OAM1,ou en cas d'emp\u00eachement de ce dernier par l'inspecteur du travail de la section E11,ou en cas d'emp\u00eachement de ce dernier par l'inspecteur du travail de la section E8,ou en cas d'emp\u00e9chement de ce dernier par l'inspecteur du travail de la section E10, -ou en cas d'emp\u00eachement de ce dernier par l'inspecteur du travail de la section E4,ou en cas d'emp\u00eachement de ce dernier par l'inspecteur du travail de la section E7,ou en cas d'emp\u00eachement de ce dernier par l'inspecteur du travail de la section E6.L'int\u00e9rim de la section EAM2 est assur\u00e9 par l'inspecteur du travail de la section EA1, -ou en cas d'emp\u00e9chement de ce dernier par l'inspecteur du travail de la section OAM1,ou en cas d'emp\u00eachement de ce dernier par I'inspecteur du travail de la section E11,ou en cas d'emp\u00eachement de ce dernier par I'inspecteur du travail de la section E8,ou en cas d'emp\u00eachement de ce dernier par l'inspecteur du travail de la section E10,ou en cas d'emp\u00eachement de ce dernier par l'inspecteur du travail de la section E4,ou en cas d'emp\u00eachement de ce dernier par l'inspecteur du travail de la section E7,ou en cas d'emp\u00eachement de ce dernier par l'inspecteur du travail de la section E6.L'int\u00e9rim de la section E3 est assur\u00e9 par I'inspecteur du travail de la section E4,ou en cas d'emp\u00eachement de ce dernier par l'inspecteur du travail de la section E10,ou en cas d'emp\u00eachement de ce dernier par I'inspecteur du travail de la section E11,ou en cas d'emp\u00e9chement de ce dernier par l'inspecteur du travail de la section E8,ou en cas d'emp\u00eachement de ce dernier par l'inspecteur du travail de la section E7,ou en cas d'emp\u00eachement de ce dernier par l'inspecteur du travail de la section E6,ou en cas d'emp\u00eachement de ce dernier par l'inspecteur du travail de la section EAM2,ou en cas d'emp\u00eachement de ce dernier par I'inspecteur du travail de la section EA1.\n5603_Direction d\u00e9partementale de l'emploi, du travail et des solidarit\u00e9s du Morbihan (DDETS) -  56-2025-08-04-00002 - D\u00e9cision du 4 ao\u00fbt 2025 -\naffectation AC et int\u00e9rims DDETS 56 01-09-2025 12\nL'int\u00e9rim de la section E4 est assur\u00e9 par l'inspecteur du travail de la section E7,ou en cas d'emp\u00eachement de ce dernier par l'inspecteur du travail de la section E5,ou en cas d'emp\u00eachement de ce dernier par I'inspecteur du travail de la section E8,ou en cas d'emp\u00eachement de ce dernier par l'inspecteur du travail de la section E3,ou en cas d''emp\u00eachement de ce dernier par l'inspecteur du travail de la section E6,ou en cas d'emp\u00eachement de ce dernier par l'inspecteur du travail de la section EA1,ou en cas d'emp\u00e9chement de ce dernier par l'inspecteur du travail de la section E10,ou en cas d'emp\u00eachement de ce dernier par I'inspecteur du travail de la section E9,ou en cas d'emp\u00e9chement de ce dernier par I'inspecteur du travail de la section EAM2,L'int\u00e9rim de la section ES est assur\u00e9 par l'inspecteur du travail de la section E8ou en cas d'emp\u00e9chement de ce dernier par l'inspecteur du travail de la section E6,ou en cas d'emp\u00eachement de ce dernier par l'inspecteur du travail de la section E10,ou en cas d'emp\u00eachement de ce dernier par I'inspecteur du travail de la section E11,ou en cas d'emp\u00eachement de ce dernier par l'inspecteur du travail de la section EAM2,ou en cas d'emp\u00eachement de ce dernier par l'inspecteur du travail de la section E7,ou en cas d'emp\u00eachement de ce dernier par l'inspecteur du travail de la section E4,ou en cas d'emp\u00eachement de ce dernier par l'inspecteur du travail de la section EA1L'int\u00e9rim de la section E6 est assur\u00e9 par l'inspecteur du travail de la section E9,ou en cas d'emp\u00eachement de ce dernier par l'inspecteur du travail de la section E10,ou en cas d'emp\u00e9chement de ce dernier par l'inspecteur du travail de la section E11,ou en cas d'emp\u00eachement de ce dernier par l'inspecteur du travail de la section E4,ou en cas d'emp\u00eachement de ce dernier par l'inspecteur du travail de la section E7,ou en cas d'emp\u00eachement de ce dernier par I'inspecteur du travail de la section EA1,ou en cas d'emp\u00eachement de ce dernier par l'inspecteur du travail de la section E3,ou en cas d'emp\u00eachement de ce dernier par l'inspecteur du travail de la section E8.L'int\u00e9rim de la section E7 est assur\u00e9 par l'inspecteur du travail de la section E11, ;ou en cas d'emp\u00eachement de ce dernier par l'inspecteur du travail de la section E8,ou en cas d'emp\u00eachement de ce dernier par l'inspecteur du travail de la section E4,ou en cas d'emp\u00eachement de ce dernier par l'inspecteur du travail de la section E10,ou en cas d'emp\u00eachement de ce dernier par l'inspecteur du travail de la section EAM2,ou en cas d'emp\u00eachement de ce dernier par l'inspecteur du travail de la section E6,ou en cas d'emp\u00eachement de ce dernier par l'inspecteur du travail de la section EA1,ou en cas d''emp\u00e9chement de ce dernier par l'inspecteur du travail de la section E3.L'int\u00e9rim de la section E8 est assur\u00e9 par l'inspecteur du travail de la section E5,ou en cas d'emp\u00eachement de ce dernier par l'inspecteur du travail de la section E4,ou en cas d'emp\u00eachement de ce dernier par l'inspecteur du travail de la section E6,ou en cas d'emp\u00eachement de ce dernier par l'inspecteur du travail de la section E10,ou en cas d'emp\u00eachement de ce dernier par l'inspecteur du travail de-la section E7,ou en cas d''emp\u00eachement de ce dernier par l'inspecteur du travail de la section E3,ou en cas d''emp\u00eachement de ce dernier par l'inspecteur du travail de la section E9,ou en cas d'emp\u00eachement de ce dernier par I'inspecteur du travail de la section E11,ou en cas d'emp\u00eachement de ce dernier par l'inspecteur du travail de la section EAM2,ou en cas d'emp\u00e9chement de ce dernier par l'inspecteur du travail de la section EA1,L'int\u00e9rim de la section E9 est assur\u00e9 par l'inspecteur de la section E10,ou en cas d'emp\u00eachement de ce dernier par l'inspecteur du travail de la section E3,ou en cas d'emp\u00eachement de ce dernier par l'inspecteur du travail de la section E8,ou en cas d'emp\u00eachement de ce dernier par l'inspecteur du travail de la section E11,ou en cas d'emp\u00eachement de ce dernier par l'inspecteur du travail de la section EAM2,ou en cas d'emp\u00eachement de ce dernier par l'inspecteur du travail de la section E7,ou en cas d'emp\u00eachement de ce dernier par l'inspecteur du travail de la section E6,ou en cas d'emp\u00eachement de ce dernier par I'inspecteur du travail de la section EA1,\n5603_Direction d\u00e9partementale de l'emploi, du travail et des solidarit\u00e9s du Morbihan (DDETS) -  56-2025-08-04-00002 - D\u00e9cision du 4 ao\u00fbt 2025 -\naffectation AC et int\u00e9rims DDETS 56 01-09-2025 13\nL'int\u00e9rim de la'section E10 est assur\u00e9 par l'inspecteur du travail de la section E6,ou en cas d'emp\u00e9chement de ce dernier par l'inspecteur du travail de la section E8,ou en cas d'emp\u00e9chement de ce dernier par l'inspecteur du travail de la section E11,ou en cas d'emp\u00eachement de ce dernier par l'inspecteur du travail de la section EAM2,ou en cas d'emp\u00e9chement de ce dernier par l'inspecteur du travail de la section E7,ou en cas d'emp\u00eachement de ce dernier par l'inspecteur du travail de la section EA1,ou en cas d'emp\u00eachement de ce dernier par l'inspecteur du travail de la section E3,ou en cas d''emp\u00e9chement de ce dernier par l'inspecteur du travail de la section E9.L'int\u00e9rim de la section E11 est assur\u00e9 par I'inspecteur du travail de la section E3,ou en cas d'emp\u00e9chement de ce dernier par l'inspecteur du travail de la section E7, \u2014ou en cas d'emp\u00eachement de ce dernier par l'inspecteur du travail de la section EAM2,ou en cas d'emp\u00eachement de ce dernier par I'inspecteur du travail de la section E4,ou en cas d'emp\u00eachement de ce dernier par l'inspecteur du travail de la section E6,ou en cas d''emp\u00e9chement de ce dernier par l'inspecteur du travail de la section EA1ou en cas d'emp\u00eachement de ce dernier par l'inspecteur du travail de la section E9ou en cas d'emp\u00eachement de ce dernier par l'inspecteur du travail de la section E5\n5.2 Int\u00e9rim en l'absence des inspecteurs du travail en charge de la comp\u00e9tence carri\u00e8res :L'int\u00e9rim de la section EA1 est assur\u00e9 par l'inspecteur du travail de la section EAM2,ou en cas d'emp\u00eachement de ce dernier par I'inspecteur du travail de la section E11,ou en cas d''emp\u00e9chement de ce dernier par l'inspecteur du travail de la section E8,ou en cas d'emp\u00eachement de ce dernier par l'inspecteur du travail de la section ES,ou en cas d''emp\u00eachement de ce dernier par le responsable de l'unit\u00e9 de contr\u00f4le EstL'int\u00e9rim de la section EAM2 est assur\u00e9 par l'inspecteur du travail de la section EA1,ou en cas d''emp\u00e9chement de ce dernier par l'inspecteur du travail de la section E11,ou en cas d'emp\u00eachement de ce dernier par l'inspecteur du travail de l\u00e4 section E8,ou en cas d'emp\u00eachement de ce dernier par l'inspecteur du travail de la section E5,ou en cas d'emp\u00eachement de ce dernier par le responsable de l'unit\u00e9 de contr\u00f4le EstL'int\u00e9rim de la section E11 est assur\u00e9 par l'inspecteur du travail de la section EAM2,ou en cas d'emp\u00eachement de ce dernier par l'inspecteur du travail de la section EA1,ou en cas d'emp\u00eachement de ce dernier par l'inspecteur du travail de la section E8,ou en cas d'emp\u00eachement de ce dernier par l'inspecteur du travail de la section E5,ou en cas d'emp\u00eachement de ce dernier par le responsable de l'unit\u00e9 de contr\u00f4le Est\nArticle 6 : La pr\u00e9sente d\u00e9cision prend effet le 1er septembre 2025.Article 7: La pr\u00e9sente d\u00e9cision abroge et remplace, \u00e0 compter de sa date d'application, la d\u00e9cision du 06 mars2025, relative \u00e0 l'affectation des agents de contr\u00f4le dans les unit\u00e9s de contr\u00f4le et gestion des int\u00e9rims au sein de ladirection d\u00e9partementale de l'emploi, du travail et des solidarit\u00e9s du Morbihan \u00e0 compter de sa publication.Article 8 : La directrice r\u00e9gionale de l'\u00e9conomie, de l'emploi, du travail et des solidarit\u00e9s de la r\u00e9gion Bretagne et ledirecteur d\u00e9partemental de l'emploi, du travail et des solidarit\u00e9s du Morbihan sont charg\u00e9s de l'ex\u00e9cution de lapr\u00e9sente d\u00e9cision qui sera publi\u00e9e au recueil des actes administratifs de la pr\u00e9fecture du d\u00e9partement du Morbihan.Fait \u00e0 Cesson- S\u00e9vign\u00e9, le 04 ao\u00fbt 2025La Directrice r\u00e9gionale de l'\u00e9conomie, de l'emploi,du travail et des gblidarit\u00e9s de la r\u00e9gion Bretagne\nV\u00e9ronique DKSCACQ\n5603_Direction d\u00e9partementale de l'emploi, du travail et des solidarit\u00e9s du Morbihan (DDETS) -  56-2025-08-04-00002 - D\u00e9cision du 4 ao\u00fbt 2025 -\naffectation AC et int\u00e9rims DDETS 56 01-09-2025 14","date":"2025-08-20","first_seen_on":"2025-09-01T16:33:05+00:00","id":"0833b97abf2c5c2968a3bba87131422f85bdbcaf922b42dba93e006ba22cbdac","name":"56-2025-076 - RAA Sp\u00e9cial (NOMINATIF) du 20 ao\u00fbt 2025","pdf_creation_date":"2025-08-20T14:24:00+00:00","pdf_modification_date":null,"timezone":"Europe/Paris","url":"https://www.morbihan.gouv.fr/contenu/telechargement/77447/600803/file/56-2025-076%20-%20RAA%20Sp%C3%A9cial%20%28NOMINATIF%29%20du%2020%20ao%C3%BBt%202025.pdf"}
