{"administration":"pref21","administration_name":"Pr\u00e9fecture de C\u00f4te-d\u2019Or","content":"PR\u00c9FET\nDE LA C\u00d4TE-D'OR\nRECUEIL DES ACTES\nADMINISTRATIFS SP\u00c9CIAL\nN\u00b021-2024-133\nPUBLI\u00c9 LE 27 SEPTEMBRE 2024\nSommaire\nPr\u00e9fecture de la C\u00f4te-d'Or / Direction des s\u00e9curit\u00e9s\n21-2024-09-27-00001 - Arr\u00eat\u00e9 pr\u00e9fectoral N\u00b01516 portant interdiction\nde rassemblements festifs \u00e0 caract\u00e8re musical et interdiction de\ncirculation\nde tout v\u00e9hicule transportant du mat\u00e9riel de son \u00e0\ndestination d'un rassemblement festif\n\u00e0 caract\u00e8re musical non\nautoris\u00e9 (2 pages) Page 3\n2\nPr\u00e9fecture de la C\u00f4te-d'Or\nDirection des s\u00e9curit\u00e9s\n21-2024-09-27-00001\nArr\u00eat\u00e9 pr\u00e9fectoral N\u00b01516 portant interdiction\nde rassemblements festifs \u00e0 caract\u00e8re musical et\ninterdiction de circulation\nde tout v\u00e9hicule transportant du mat\u00e9riel de son\n\u00e0 destination d'un rassemblement festif\n\u00e0 caract\u00e8re musical non autoris\u00e9\nPr\u00e9fecture de la C\u00f4te-d'Or - 21-2024-09-27-00001 - Arr\u00eat\u00e9 pr\u00e9fectoral N\u00b01516 portant interdiction de rassemblements festifs \u00e0\ncaract\u00e8re musical et interdiction de circulation\nde tout v\u00e9hicule transportant du mat\u00e9riel de son \u00e0 destination d'un rassemblement festif\n\u00e0 caract\u00e8re musical non autoris\u00e9\n3\nPr\u00e9fecture de la C\u00f4te-d'Or - 21-2024-09-27-00001 - Arr\u00eat\u00e9 pr\u00e9fectoral N\u00b01516 portant interdiction de rassemblements festifs \u00e0\ncaract\u00e8re musical et interdiction de circulation\nde tout v\u00e9hicule transportant du mat\u00e9riel de son \u00e0 destination d'un rassemblement festif\n\u00e0 caract\u00e8re musical non autoris\u00e9\n4\nCONSIDERANT que ce type de rassemblement regroupant un grand nombre de participants peutprovoquer des troubles \u00e0 l'ordre public qu'ils soient li\u00e9s \u00e0 l'augmentation du risque de conduitesous l'emprise d'alcool ou de stup\u00e9fiants ou encore \u00e0 la g\u00eane occasionn\u00e9e par le niveau sonoreextr\u00e9mement \u00e9lev\u00e9 de la musique diffus\u00e9e ; que les moyens appropri\u00e9s en mati\u00e8re de lutte contreI'incendie et de secours aux personnes, ainsi qu'en mati\u00e9re de s\u00e9curit\u00e9 sanitaire et routi\u00e8re nepeuvent \u00eatre r\u00e9unis ;CONSID\u00c9RANT que dans ces circonstances, ces rassemblements sont de nature \u00e0 provoquer destroubles graves \u00e0 l'ordre public; que leur interdiction, qui est strictement n\u00e9cessaire etproportionn\u00e9e aux objectifs poursuivis, est seule de nature \u00e0 pr\u00e9venir efficacement ces troubles;CONSID\u00c9RANT qu'en l'absence d'identification du lieu g\u00e9ographique susceptible d'accueillir lesrassemblements festifs \u00e0 caract\u00e8re musical envisag\u00e9s, et afin de donner un effet utile \u00e0I'interdiction, il y a lieu d'interdire, sauf motif l\u00e9gitime, la circulation des v\u00e9hicules transportant dumat\u00e9riel de sonorisation sur l'ensemble des r\u00e9seaux routiers du d\u00e9partement de la C\u00f4te-d'Or;SUR proposition de monsieur le directeur de cabinet du pr\u00e9fet de la r\u00e9gion Bourgogne-Franche-Comt\u00e9, pr\u00e9fet de la C\u00f4te-d'Or,ARR\u00caTEArticle 1er: Les rassemblements festifs \u00e0 caract\u00e8re musical r\u00e9pondant \u00e0 l'ensemble descaract\u00e9ristiques \u00e9nonc\u00e9es \u00e0 l'article R. 211-2 du code de la s\u00e9curit\u00e9 int\u00e9rieure, autres que ceuxl\u00e9galement d\u00e9clar\u00e9s ou autoris\u00e9s, sont interdits sur l'ensemble du d\u00e9partement de la C\u00f4te-d'Or duvendredi 27 septembre 2024 \u00e0 18h00 au lundi 30 septembre 2024 \u00e0 08h00.Article 2 : La circulation de tout v\u00e9hicule transportant du mat\u00e9riel de sonorisation (notamment\u00ab sound system \u00bb et amplificateurs) \u00e0 destination d'un rassemblement festif \u00e0 caract\u00e8re musicalnon autoris\u00e9 est interdite sur l'ensemble des r\u00e9seaux routiers du d\u00e9partement de la C\u00f4te-d'Orvendredi 27 septembre 2024 \u00e0 18h00 au lundi 30 septembre 2024 \u00e0 08h00.Article 3 : Toute infraction au pr\u00e9sent arr\u00eat\u00e9 est passible des sanctions pr\u00e9vues par l'article R. 211-27du code de la s\u00e9curit\u00e9 int\u00e9rieure et peut donner lieu \u00e0 la saisie du mat\u00e9riel en vue de sa confiscationpar le tribunal.Article 4 : Le secr\u00e9taire g\u00e9n\u00e9ral de la pr\u00e9fecture de la C\u00f4te-d'Or, le directeur de cabinet du pr\u00e9fetde la r\u00e9gion Bourgogne-Franche-Comt\u00e9, pr\u00e9fet de la C\u00f4te-d'Or, le G\u00e9n\u00e9ral, commandant la r\u00e9gionde gendarmerie de Bourgogne-Franche-Comt\u00e9, commandant le groupement de gendarmeried\u00e9partementale de la C\u00f4te-d'Or et le directeur interd\u00e9partemental de la police nationale de laC\u00f4te-d'Or sont charg\u00e9s, chacun en ce qui le concerne, de l'ex\u00e9cution du pr\u00e9sent arr\u00e9t\u00e9 qui serapubli\u00e9 au recueil des actes administratifs de la pr\u00e9fecture, et adress\u00e9 pour copie \u00e0 monsieur leprocureur de la R\u00e9publique pr\u00e8s le tribunal judiciaire de Dijon.\nFait \u00e0 Dijon, le 27 septembre 2024Le pr\u00e9fet,Pour le pr\u00e9fet et par d\u00e9l\u00e9gation,Le sous-pr\u00e9fet, directeur de cabinet,original sign\u00e9Olivier GERSTL\u00c9D\u00e9lais et voies de recours :Le pr\u00e9sent arr\u00eat\u00e9 peut faire l'objet, dans un d\u00e9lai de deux mois \u00e0 compter de sa publication :Soit d'un recours gracieux devant le pr\u00e9fet de la C\u00e9te-d'Or ou d'un recours hi\u00e9rarchique aupr\u00e8s du Ministre de l'int\u00e9rieur.Soit d'un recours contentieux devant le tribunal administratif de Dijon (22 Rue d'Assas, 21000 Dijon). La juridictionadministrative comp\u00e9tente peut \u00eatre saisie par l'application T\u00e9l\u00e9recours citoyens, accessible \u00e0 partir du sitewww.telerecours.fr.Dans le cas du rejet d'un recours gracieux ou hi\u00e9rarchique, le tribunal administratif peut \u00eatre saisi dans un d\u00e9lai de deux mois \u00e0compter de la date de la d\u00e9cision de rejet.\n-\n-\nPr\u00e9fecture de la C\u00f4te-d'Or - 21-2024-09-27-00001 - Arr\u00eat\u00e9 pr\u00e9fectoral N\u00b01516 portant interdiction de rassemblements festifs \u00e0\ncaract\u00e8re musical et interdiction de circulation\nde tout v\u00e9hicule transportant du mat\u00e9riel de son \u00e0 destination d'un rassemblement festif\n\u00e0 caract\u00e8re musical non autoris\u00e9\n5","date":"2024-09-27","first_seen_on":"2025-09-14T16:35:02+00:00","id":"0991f4960af08bb2fee4cd7077c14722db53848d5c9ec6f22365d198cf86e715","name":"RAA n\u00b0 133 du 27 septembre 2024","pdf_creation_date":"2024-09-27T14:56:40+00:00","pdf_modification_date":null,"timezone":"Europe/Paris","url":"https://www.cote-dor.gouv.fr/contenu/telechargement/22154/169386/file/recueil-21-2024-133-recueil-des-actes-administratifs-special.pdf"}
