{"administration":"pref92","administration_name":"Pr\u00e9fecture des Hauts-de-Seine","content":"Ex\nPREFET\nDES  HAUTS-DE-SEINE\nLibert\u00e9\nEgalit\u00e9\nFraternit\u00e9 1  \n \n \n \n \nRECUEIL  \n \nDES  \n \nACTES ADMINISTRATIFS  \n \nPREFECTURE DE POLICE  \n  \nCabinet du Pr\u00e9fet  \n \n \n \n \n \n \n \n \n \nN\u00b0 Sp\u00e9cial  13 d\u00e9cembre  2024  \n\n 2  \nPREFET DES HAUTS -DE-SEINE  \n \nRECUEIL DES ACTES ADMINISTRATIFS  \n \nN\u00b0 Sp \u00e9cial Pr\u00e9fecture de Police du 13 d\u00e9cembre  2024 \n \nSOMMAIRE  \n \nArr\u00eat\u00e9 s Date s PREFECTURE DE POLICE  Page s \nPP \nn\u00b0 2024 -01127  29.07.2024  Arr\u00eat\u00e9 modifiant l'arr\u00eat\u00e9 n\u00b02024 -01101 autorisant \nla captation, l'enregistrement et la transmission \nd'images au moyen de cam\u00e9ras  install\u00e9es sur des \nh\u00e9licopt\u00e8res de la gendarmerie nationale \u00e0 \nl'occasion des Jeux Olympiques et Paralympiques \nde Paris  4 \nAnnexe \u00e0 l'arr\u00eat\u00e9 n\u00b02024 -01127 du 29 juillet 2024  : voies et d\u00e9lais de recours  5 \nPP \nn\u00b0 2024 -0112 8 30.07.2024  Arr\u00eat\u00e9 accordant d\u00e9l\u00e9gation de la signature \npr\u00e9fectorale au sein de la direction de la s\u00e9curit\u00e9 \nde proximit\u00e9 de l'agglom\u00e9ration parisienne  6 \nPP \nn\u00b0 2024 -0112 9 30.07.2024  Arr\u00eat\u00e9 accordant d\u00e9l\u00e9gation de la signature \npr\u00e9fectorale au sein de la direction de l'ordre \npublic et de la circulation  18 \nPP \nn\u00b0 2024 -01130 30.07.2024  Arr\u00eat\u00e9 accordant d\u00e9l\u00e9gation de la signature \npr\u00e9fectorale au sein du service de la m\u00e9moire et \ndes affaires culturelles  22 \nPP \nn\u00b0 2024 -01131 30.07.2024  Arr\u00eat\u00e9 modifiant l'arr\u00eat\u00e9 n\u00b02024 -00143 du \n05 f\u00e9vrier 2024 fixant la liste annuelle d'aptitude \ndu personnel apte \u00e0 exercer dans le domaine de la \npr\u00e9vention contre les risques d'incendie et de \npanique \u00e0 Paris et dans les d\u00e9partements des \nHauts -de-Seine, de la Seine -Saint -Denis et du \nVal-de-Marne du 1er janvier  au 31 d\u00e9cembre 2024  26 \nPP \nn\u00b0 2024 -01136 31.07.2024  Arr\u00eat\u00e9 portant mesures de police applicables \u00e0 \nl'occasion des \u00e9preuves de marathon des Jeux \nOlympiques le samedi 10 ao\u00fbt 2024 et le \ndimanche 11 ao\u00fbt 2024  28 \nAnnexes \u00e0 l'arr\u00eat\u00e9 n\u00b02024 -01136 du 31 juillet  2024  31-32 \n 3 PP \nn\u00b0 2024 -01137 31.07.2024  Arr\u00eat\u00e9 modifiant provisoirement le stationnement  \ndans plusieurs voies \u00e0 Paris Centre, Paris 8\u00e8me, \nParis 10\u00e8me, Paris 12\u00e8me, Paris 14\u00e8me, Paris 15\u00e8me, \nParis 18\u00e8me, Paris 19\u00e8me et \u00e0 Nanterre  33 \nAnnexes \u00e0 l'arr\u00eat\u00e9 n\u00b02024 -01137 du 31 juillet 2024  35-37 \nPP \nn\u00b0 2024 -01138 31.07.2024  Arr\u00eat\u00e9 portant mesures de police applicables \u00e0 \nl'occasion de la course en ligne masculine de \ncyclisme sur route des Jeux Olympiques le samedi \n3 ao\u00fbt 2024  38 \nAnnexes \u00e0 l'arr\u00eat\u00e9 n\u00b02024 -01138 du 31 juillet 2024  41-42 \nPP \nn\u00b0 2024 -01139 31.07.2024  Arr\u00eat\u00e9 portant mesures de police applicables \u00e0 \nl'occasion de la course en ligne f\u00e9minine de \ncyclisme sur route des Jeux Olympiques le \ndimanche 4 ao\u00fbt 2024  43 \nAnnexes \u00e0 l'arr\u00eat\u00e9 n\u00b02024 -01139 du 31 juillet 2024  46-47 \nPP \nn\u00b0 2024 -01141 31.07.2024  Arr\u00eat\u00e9 portant d\u00e9l\u00e9gation de la signature \npr\u00e9fectorale au sein du service des affaires \njuridiques et du contentieux et habilitant certains \nde ses agents \u00e0 repr\u00e9senter le pr\u00e9fet de police \ndevant les juridictions  48 \n 4 PREFECTURE DE POLICE  \nCabinet du Pr\u00e9fet  \n \n \nArr\u00eat\u00e9 n\u00b02024 -01127 modifiant l'arr\u00eat\u00e9 n\u00b02024 -01101 autorisant la captation, \nl'enregistrement et la transmission d'images au moyen de cam\u00e9ras install\u00e9es sur des \nh\u00e9licopt\u00e8res de la gendarmerie nationale \u00e0 l'occasion des Jeux Olympiques et \nParalympiques de Paris  \n \n \nLe pr\u00e9fet de police,  \n \n \nVU l'arr\u00eat\u00e9 n\u00b02024 -01101 du 25 juillet 2024 autorisant la captation, l'enregistrement et la \ntransmission d'images au moyen de cam\u00e9ras install\u00e9es sur des h\u00e9licopt\u00e8res de la \ngendarmerie nationale \u00e0 l'occasion des Jeux Olympiques et Paralympiques de Paris  ; \nVU le d\u00e9cret du 20 juillet 2022 par lequel M. Laurent NU\u00d1EZ, pr\u00e9fet, coordonnateur national \ndu renseignement et de la lutte contre le terrorisme, est nomm\u00e9 pr\u00e9fet de police (hors \nclasse)  ; \n \n \nARRETE  \n \n \nARTICLE  1er : L'article 3 de l'arr\u00eat\u00e9 n\u00b02024 -01101 susvis\u00e9 est remplac\u00e9 par les dispositions \nsuivantes  : \n\u00ab  La pr\u00e9sente autorisation s'applique \u00e0 Paris et aux d\u00e9partements des Hauts -de-Seine, de \nla Seine -Saint-Denis, du Val -de-Marne, de la Seine -et-Marne, des Yvelines, de l'Essonne et \ndu Val -d'Oise dans le cadre de la s\u00e9curisation des Jeux olympiques et paralympiques de \nParis 2024 afin d'appuyer et faciliter les d\u00e9placements routiers, de soutenir l'action de s \nforces de s\u00e9curit\u00e9 int\u00e9rieure en mati\u00e8re de gestion des flux, d'appuyer leur action en cas de \ntroubles grave \u00e0 l'ordre public ou de risque de menace terroriste et d'assurer la s\u00e9curisation \ndes \u00e9preuves sur route.  \u00bb \n \nARTICLE 2 : Le pr\u00e9fet des Hauts -de-Seine, le pr\u00e9fet de la Seine -Saint -Denis, la pr\u00e9f\u00e8te du \nVal-de-Marne, le pr\u00e9fet de la Seine -et-Marne, le pr\u00e9fet des Yvelines, la pr\u00e9f\u00e8te de l'Essonne, \nle pr\u00e9fet du Val -d'Oise, la pr\u00e9f\u00e8te, directrice du cabinet du pr\u00e9fet de police et le colonel \ncommandant la f orce a\u00e9rienne de gendarmerie d'\u00cele -de-France sont charg\u00e9s, chacun en ce \nqui le concerne, de l'ex\u00e9cution du pr\u00e9sent arr\u00eat\u00e9 qui entrera en vigueur d\u00e8s son affichage \naux portes de la pr\u00e9fecture de police, sera publi\u00e9 aux recueils des actes administratifs du \nd\u00e9partement de Paris et des pr\u00e9fectures des Hauts -de-Seine, de la Seine -Saint -Denis, du \nVal-de-Marne, de la Seine -et-Marne, des Yvelines, de l'Essonne et du Val -d'Oise et \nconsultable sur le site internet de la pr\u00e9fecture de police \n(https://www.prefecturedepolice.interieur.gouv.fr ). \n \n \n \nFait \u00e0 Paris, le 29 juillet 2024  \n \nPour le pr\u00e9fet de police,  \nLa pr\u00e9f\u00e8te, directrice de cabinet,  \nSign\u00e9  \nMagali CHABONNEAU  \n  \n 5 Annexe de l'arr\u00eat\u00e9 n\u00b0 2024 -01127 du 29 juillet 2024  \n \n \n \nVOIES ET DELAIS DE RECOURS  \n_______________________  \n \n \n \n \n \nSi vous estimez devoir contester le pr\u00e9sent arr\u00eat\u00e9, il vous est possible, dans un \nd\u00e9lai de deux mois \u00e0 compter de la date de sa publication au recueil des actes administratifs \ndu d\u00e9partement de Paris  :  \n \n \n- soit de saisir d'un RECOURS GRACIEUX  \nle Pr\u00e9fet de  Police  \n7/9, boulevard du Palais - 75195 PARIS RP  \n \n- ou de former un RECOURS HIERARCHIQUE  \naupr\u00e8s du Ministre de l'int\u00e9rieur  \nDirection des libert\u00e9s publiques et des affaires juridiques  \nplace Beauvau - 75008 PARIS  \n \n- soit de saisir d'un RECOURS CONTENTIEUX  \nle Tribunal administratif comp\u00e9tent  \n \n \nAucune de ces voies et recours ne suspend l'application de la pr\u00e9sente d\u00e9cision.  \n \nLes recours GRACIEUX et HIERARCHIQUE doivent \u00eatre \u00e9crits, exposer les \narguments ou faits nouveaux et comprendre la copie de l'arr\u00eat\u00e9 cont est\u00e9.  \n \nLe recours CONTENTIEUX, qui vise \u00e0 contester la LEGALITE de la pr\u00e9sente \nd\u00e9cision, doit \u00e9galement \u00eatre \u00e9crit et exposer votre argumentation juridique.  \n \nSi vous n'aviez pas de r\u00e9ponse \u00e0 votre recours GRACIEUX ou HIERARCHIQUE \ndans un d\u00e9lai de deux mois  \u00e0 compter de la r\u00e9ception de votre recours par l'administration, \nvotre demande devra \u00eatre consid\u00e9r\u00e9e comme rejet\u00e9e (d\u00e9cision implicite de rejet).  \n \nEn cas de rejet des recours GRACIEUX ou HIERARCHIQUE, le Tribunal \nadministratif peut \u00eatre saisi d'un recours  contentieux dans le d\u00e9lai de deux mois \u00e0 compter \nde la date de la d\u00e9cision de rejet.  \n \n \n \neee  as  | Cabinet  du pr\u00e9fet\nLibert\u00e9\n\u00c9galit\u00e9\nFraternit\u00e9\ney 4 4 3 +arr\u00eat\u00e9  n\u00b0 2024-01128\naccordant  d\u00e9l\u00e9gation  de la signature  pr\u00e9fectorale  au sein  de\nla direction  de la s\u00e9curit\u00e9  de proximit\u00e9  de l'agglom\u00e9ration  parisienne\nLe pr\u00e9fet  de police,\nVU le code  g\u00e9n\u00e9ral  de la fonction  publique,  notamment  son  article  L417-5  ;\nVU le code  g\u00e9n\u00e9ral  des  collectivit\u00e9s  territoriales  ;\nVU le code  de la s\u00e9curit\u00e9  int\u00e9rieure  ;\nVU le code  des transports,  notamment  ses articles  L. 2251-4-2,  R. 2251-68  et R. 2251-69  ;\nVU le d\u00e9cret  n\u00b0 79-63  du 23 janvier  1979  modifi\u00e9  relatif  aux  emplois  de directeur  des  services  actifs\nde police  de la pr\u00e9fecture  de police  ;\nVU le d\u00e9cret  n\u00b0 95-1197  du 6 novembre  1995  modifi\u00e9  portant  d\u00e9concentration  en mati\u00e9re  de gestion\ndes  personnels  de la police  nationale  ; |\nVU le d\u00e9cret  n\u00b0 97-199  du 5 mars  1997  modifi\u00e9  relatif  au remboursement  de certaines  d\u00e9penses\nsupport\u00e9es  par  les forces  de police  ;\nVU le d\u00e9cret  n\u00b0 2004-374  du 29 avril  2004  modifi\u00e9  relatif  aux  pouvoirs  des  pr\u00e9fets,  \u00e0 l'organisation  et\n\u00e0 l'action  des  services  de l'\u00c9tat  dans  les r\u00e9gions  et d\u00e9partements,  notamment  son  article  77 ;\nVU le d\u00e9cret  n\u00b0 2006-1780  du 23 d\u00e9cembre  2006  modifi\u00e9  portant  d\u00e9l\u00e9gation  de pouvoir  en mati\u00e8re\nde recrutement  et de gestion  de certains  personnels  relevant  du minist\u00e8re  de l'int\u00e9rieur  :\nVU le d\u00e9cret  n\u00b0 2009-898  du 24 juillet  2009  modifi\u00e9  relatif  \u00e0 la comp\u00e9tence  territoriale  de certaines\ndirections  et de certains  services  de la pr\u00e9fecture  de police,  notamment  son  article  1\u00b0  :\nVU le d\u00e9cret  n\u00b0 2012-1246  du 7 novembre  2012  relatif  \u00e0 la gestion  budg\u00e9taire  et comptable  publique  ;\nVU l'arr\u00eat\u00e9  minist\u00e9riel  du 6 novembre  1995  modifi\u00e9  portant  d\u00e9concentration  en mati\u00e8re  de gestion\ndes  personnels  de la police  nationale  ;\nVU l'arr\u00eat\u00e9  interminist\u00e9riel  du 8 septembre  2000  fixant  le montant  des  remboursements  de\ncertaines  d\u00e9penses  support\u00e9es  par  les forces  de police  ;\nVU l'arr\u00eat\u00e9  pr\u00e9fectoral  n\u00b0 2009-00641  du 7 ao\u00fbt  2009  modifi\u00e9  relatif  \u00e0 l'organisation  de la pr\u00e9fecture\nde police  ;\nVU l'arr\u00eat\u00e9  n\u00b0 2019-00079  du 24 janvier  2019  autorisant  l'installation  du syst\u00e8me  de vid\u00e9oprotection\nde la pr\u00e9fecture  de police,  notamment  son  article  6;\nVU l'arr\u00eat\u00e9  pr\u00e9fectoral  n\u00b0 2022-01314  du 07 novembre  2022  modifi\u00e9  relatif  aux  missions  et \u00e0\nl'organisation  de la direction  de la s\u00e9curit\u00e9  de proximit\u00e9  de l'agglom\u00e9ration  parisienne  :\n\nVU le d\u00e9cret  du 20 juillet  2022  par  lequel  M. Laurent  NUNEZ,  pr\u00e9fet,  coordonnateur  national  du\nrenseignement  et de la lutte  contre  le terrorisme,  est nomm\u00e9  pr\u00e9fet  de police  (hors  classe)  ;\nVU le d\u00e9cret  du 19 juillet  2021  par  lequel  Mme  Isabelle  TOMATIS,  contr\u00f4leuse  g\u00e9n\u00e9rale  des  services\nactifs  de la police  nationale,  directrice  d\u00e9partementale  de la s\u00e9curit\u00e9  publique  \u00e0 Versailles,  est\nnomm\u00e9e  directrice  des  services  actifs  de police  de la pr\u00e9fecture  de police,  directrice  de la s\u00e9curit\u00e9\nde proximit\u00e9  de l'agglom\u00e9ration  parisienne  ;\nVU l'arr\u00eat\u00e9  minist\u00e9riel  du 6 juin  2019  par  lequel  M. Jean-Paul  PECQUET,  contr\u00f4leur  g\u00e9n\u00e9ral  des\nservices  actifs  de la police  nationale,  directeur  territorial  de la s\u00e9curit\u00e9  de proximit\u00e9  \u00e0 Nanterre  (92),\nest nomm\u00e9  inspecteur  g\u00e9n\u00e9ral  des  services  actifs  de la police  nationale,  directeur  adjoint  de la\ns\u00e9curit\u00e9  de proximit\u00e9  de l'agglom\u00e9ration  parisienne  \u00e0 Paris  (75)  \u00e0 compter  du 10 juin  2019  ;\nVU l'arr\u00eat\u00e9  minist\u00e9riel  du 7 octobre  2021  par lequel  M. Michel  LAVAUD,  contr\u00f4leur  g\u00e9n\u00e9ral  des\nservices  actifs  de la police  nationale,  chef  du service  d'information  et de communication  de la\npolice  \u00e0 la direction  g\u00e9n\u00e9rale  de la police  nationale  \u00e0 Paris  (75),  est nomm\u00e9  inspecteur  g\u00e9n\u00e9ral  des\nservices  actifs  de la police  nationale,  directeur  territorial  de la s\u00e9curit\u00e9  de proximit\u00e9  \u00e0 Bobigny  (93),\npour  une  dur\u00e9e  de trois  ans  \u00e0 compter  du 11 octobre  2021,  renouvelable  ;\nVU l'arr\u00eat\u00e9  minist\u00e9riel  du 21 juin  2019  par  lequel  M. S\u00e9bastien  DURAND  est nomm\u00e9  directeur\nterritorial  de la s\u00e9curit\u00e9  de proximit\u00e9  du Val-de-Marne  ;\nVU l'arr\u00eat\u00e9  du 21 juillet  2022  par  lequel  M. Bernard  BOBROWSKA,  contr\u00f4leur  g\u00e9n\u00e9ral  des  services\nactifs  de la police  nationale,  directeur  territorial  de la s\u00e9curit\u00e9  de proximit\u00e9  \u00e0 Nanterre  (92),  est\nnomm\u00e9  inspecteur  g\u00e9n\u00e9ral  des  services  actifs  de la police  nationale,  directeur  territorial  de la\ns\u00e9curit\u00e9  de proximit\u00e9  \u00e0 Paris  (75),  pour  une  dur\u00e9e  de trois  ans  \u00e0 compter  du 21 juillet  2022,\nrenouvelable  ; :\nVu l'arr\u00eat\u00e9  du 18 ao\u00fbt  2022  par  lequel  M. St\u00e9phane  WIERZBA,  contr\u00f4leur  g\u00e9n\u00e9ral  des  services  actifs\nde la police  nationale,  chef  d'\u00e9tat-major  \u00e0 la direction  de la s\u00e9curit\u00e9  de proximit\u00e9  de l'agglom\u00e9ration\nparisienne  de la pr\u00e9fecture  de police  \u00e0 Paris  (75),  est nomm\u00e9  contr\u00f4leur  g\u00e9n\u00e9ral  des  services  actifs\nde la police  nationale,  directeur  territorial  de la s\u00e9curit\u00e9  de proximit\u00e9  des  Hauts-de-Seine  \u00e0 Nanterre\n(92),  pour  une  dur\u00e9e  de trois  ans,  \u00e0 compter  du 1\u00b0 septembre  2022,  renouvelable  :\nSUR  proposition  de la pr\u00e9f\u00e8te,  directrice  du cabinet,\nARR\u00caTE\nArticle  1\nD\u00e9l\u00e9gation  est donn\u00e9e  \u00e0 Mme  Isabelle  TOMATIS,  directrice  de la s\u00e9curit\u00e9  de proximit\u00e9  de\nl'agglom\u00e9ration  parisienne,  \u00e0 l'effet  de signer,  au nom  du pr\u00e9fet  de police  :\na) les actes  n\u00e9cessaires  \u00e0 l'exercice  des  missions  de police  administrative  fix\u00e9es  par  l'arr\u00eat\u00e9  du\n10 d\u00e9cembre  2020  susvis\u00e9,  \u00e0 l'exception  des  conventions  ou protocoles  avec  des  tiers  \u00e0 la\npr\u00e9fecture  de police  et des  courriers  aux  parlementaires  et aux  maires  d'arrondissement  ;\nb) les d\u00e9cisions  individuelles  relatives  \u00e0 l'octroi  des  cong\u00e9s  annuels  et de maladie  ordinaire  des\npersonnels  relevant  de son  autorit\u00e9  ;\nc) les pi\u00e8ces  comptables  relatives  aux  conventions  de concours  apport\u00e9  par  les forces  de police  avec\nles b\u00e9n\u00e9ficiaires  de ces  prestations  en application  du d\u00e9cret  du 5 mars  1997  susvis\u00e9  : |\nd) les actes  de gestion  et d'ordonnancement  portant  sur :\n- le visa de diverses  pi\u00e8ces  comptables  de r\u00e9gie  ;\n- les d\u00e9penses  par  voie  de cartes  achats  ;\n- l'utilisation  du module  d'expression  de besoin  CHORUS  Formulaires,  application  informatique\nremettante  \u00e0 CHORUS  ;\n\ne) les actes  d\u00e9signant  individuellement  et habilitant  les agents  relevant  de son  autorit\u00e9  autoris\u00e9s  a\n\u00eatre  destinataires  des  images  et enregistrements  issus  des  cam\u00e9ras  du plan  de vid\u00e9oprotection  de la\npr\u00e9fecture  de police.\nf) les actes  relatifs  \u00e0 la d\u00e9signation  et \u00e0 l'habilitation  des  agents  des  services  internes  de s\u00e9curit\u00e9  de\nla SNCF  et de la R\u00e9gie  autonome  des  transports  parisiens  affect\u00e9s  au sein  des  salles  d'information  et\nde commandement  dans  les conditions  pr\u00e9vues  \u00e0 l'article  R. 2251-68  du code  des  transports.\nArticle  2\nD\u00e9l\u00e9gation  est donn\u00e9e  \u00e0 Mme  Isabelle  TOMATIS  \u00e0 l'effet  de prononcer,  au nom  du pr\u00e9fet  de police,\nles sanctions  disciplinaires  de l'avertissement  et du bl\u00e2me,  inflig\u00e9es  aux  personnels  ci-apr\u00e8s  d\u00e9sign\u00e9s,\nplac\u00e9s  sous  son  autorit\u00e9  :\n- les fonctionnaires  du corps  d'encadrement  et d'application  de la police  nationale  :\n- les personnels  administratifs  techniques,  scientifiques  et sp\u00e9cialis\u00e9s  ;\n- les policiers  adjoints  ;\n- les policiers  r\u00e9servistes.\nArticle  3\nD\u00e9l\u00e9gation  de signature  est donn\u00e9e  \u00e0 Mme  Isabelle  TOMATIS  \u00e0 l'effet  de signer,  au nom  du pr\u00e9fet  de\npolice  et dans  la limite  de ses attributions,  les ordres  de mission.\nArticle  4\nEn cas  d'absence  ou d'emp\u00eachement  Mme  Isabelle  TOMATIS,  la d\u00e9l\u00e9gation  qui  lui est accord\u00e9e  par\nles articles  1 \u00e0 3 est exerc\u00e9e  par  M. Jean-Paul  PECQUET,  directeur  adjoint  de la s\u00e9curit\u00e9  de proximit\u00e9\nde l'agglom\u00e9ration  parisienne  \u00e0 Paris.\nD\u00e9l\u00e9gations  de signature  au sein  des  services  centraux\nArticle  5\nEn cas  d'absence  ou d'emp\u00eachement  de Mme  Isabelle  TOMATIS  et de M. Jean-Paul  PECQUET,  la\nd\u00e9l\u00e9gation  qui leur  est accord\u00e9e  par  les articles  1 \u00e0 3 est exerc\u00e9e,  dans  la limite  de leurs  attributions\nrespectives,  par  :\n- M. Christian  MEYER,  sous-directeur  de la police  r\u00e9gionale  des  transports  ;\n- Mme  Johanna  PRIMEVERT,  sous-directrice  des  services  sp\u00e9cialis\u00e9s  ;\u00c0\nM. Eric  BARR\u00c9,  sous-directeur  du soutien  op\u00e9rationnel  ;\n- M. Didier  MARTIN,  sous-directeur  de la lutte  contre  l'immigration  irr\u00e9guli\u00e8re  ;\nM. Jean-Luc  MERCIER,  chef  d'\u00e9tat-major.\nArticle  6\nEn cas  d'absence  ou d'emp\u00e9chement  de M. Jean-Luc  MERCIER,  la d\u00e9l\u00e9gation  qui  lui est accord\u00e9e  par\nl'article  5 est exerc\u00e9e  par  M. Vincent  PROBST,  chef  d'\u00e9tat-major  adjoint  de l'agglom\u00e9ration\nparisienne.\nArticle  7\nEn cas  d'absence  ou d'emp\u00e9chement  de M. Christian  MEYER,  la d\u00e9l\u00e9gation  qui lui est accord\u00e9e  par\nl'article  5 est exerc\u00e9e  par  Mme  St\u00e9phanie  BIUNDO,  adjointe  au sous-directeur  de la police  r\u00e9gionale\ndes  transports.\nC>M2ESi(on)\u00e0hoC9\n\nArticle  8\nEn cas d'absence  ou d'emp\u00eachement  de Mme  Johanna  PRIMEVERT,  la d\u00e9l\u00e9gation  qui lui est accord\u00e9e\npar l'article  5 est exerc\u00e9e  par  M. Zeljko  ILIC,  sous-directeur  adjoint  des  services  sp\u00e9cialis\u00e9s,  chef  de\nservice  de la compagnie  de s\u00e9curisation  et d'intervention,  et dans  la limite  de leurs  attributions\nrespectives,  par  :\n- M. Fr\u00e9d\u00e9ric  FREMONT,  chef  du service  de nuit  d'agglom\u00e9ration,  et, en son  absence,  par  son\nadjoint  M. Vincent  BUI  TRONG  ;\n- M. Gr\u00e9gory  YAOUANC,  adjoint  au chef  de service  de la compagnie  de s\u00e9curisation  et\nd'intervention.\nArticle  9\nEn cas d'absence  ou d'emp\u00eachement  de M. \u00c9ric  BARR\u00c9,  la d\u00e9l\u00e9gation  qui lui est accord\u00e9e  par l'article\n5 est exerc\u00e9e,  dans  la limite  de ses attributions  respectives,  par  M. Damien  VALLOT,  adjoint  au sous-\ndirecteur  du soutien  op\u00e9rationnel  et Mme  Jo\u00eblle  LE JOUAN,  cheffe  du service  de gestion\nop\u00e9rationnelle.\nArticle  10\nD\u00e9l\u00e9gation  est donn\u00e9e  \u00e0 M. Marc  DUBOIS,  attach\u00e9  principal  d'administration  de l'\u00c9tat,  chef  de\nl'unit\u00e9  de gestion  budg\u00e9taire  et logistique,  \u00e0 l'effet  de signer,  dans  la limite  de ses attributions,  les\nactes  de gestion  relatifs  aux  d\u00e9penses  par  voie  de carte  d'achat  et \u00e0 l'effet  de saisir  et de valider  des\nactes  dans  CHORUS  formulaires  (saisie  et validation  des  demandes  d'achat,  constatation  et\ncertification  des  services  faits,  ...) et l'utilisation  des  modules  d'expression  de besoin  CHORUS\nFormulaires  et CHORUS  DT, applications  informatiques  remettantes  \u00e0 CHORUS  (valideur\nhi\u00e9rarchique,  gestionnaire  contr\u00f4leur  et gestionnaire  valideur),  applications  informatiques\nremettantes  \u00e0 CHORUS.  En cas  d'absence  ou d'emp\u00e9chement  de ce dernier,  la d\u00e9l\u00e9gation  qui  lui est\nconsentie  est exerc\u00e9e  dans  la limite  de ses attributions,  par  son  adjoint  M. St\u00e9phane  PERRIN-\nCOCON,  attach\u00e9  d'administration  de l'\u00c9tat.\nD\u00e9l\u00e9gation  est donn\u00e9e,  dans  CHORUS  Formulaires  aux  fins  de saisir  et valider  les demandes  d'achat\net de certification  du service  fait  pour  le p\u00e9rim\u00e8tre  Parisien,  et dans  l'application  CHORUS  DT\n(gestionnaire  contr\u00f4leur  et gestionnaire  valideur)  aux  agents  de l'unit\u00e9  de gestion  budg\u00e9taire  et\nlogistique  ci apr\u00e8s  d\u00e9sign\u00e9s  :\n- Mme  Nicole  DELTEL,  secr\u00e9taire  administrative  de classe  normale,  cheffe  du p\u00f4le  budg\u00e9taire  :\n- M. Jimmy  VELNA,  brigadier-chef,  gestionnaire  budg\u00e9taire  ; |\n- Mme  Sandra  PASSOS,  brigadier-chef,  gestionnaire  budg\u00e9taire\n- M. Khadim  M'BACKE,  adjoint  administratif  principal,  gestionnaire  budg\u00e9taire  ;\n- M. Didier  SAVRIAMA,  brigadier-chef,  gestionnaire  budg\u00e9taire  ;\n- M. C\u00e9dric  LIONNET,  brigadier-chef,  gestionnaire  budg\u00e9taire.\nArticle  11\nEn cas d'absence  ou d'emp\u00e9chement  de M. Didier  MARTIN,  la d\u00e9l\u00e9gation  qui lui est accord\u00e9e  par\nl'article  5 est exerc\u00e9e  par  M. Nicolas  RALLIERES,  sous-directeur  adjoint  de la lutte  contre\nl'immigration  irr\u00e9guli\u00e8re,  et, dans  la limite  de leurs  attributions  respectives,  par  :\n- M. St\u00e9phane  HIRSCH,  chef  du d\u00e9partement  de contr\u00f4le  des  flux  migratoires,  et, en son\nabsence,  par  son  adjoint  M. Charles-Henri  BASTARD  ;\n- Mme  Justine  MANGION,  cheffe  du d\u00e9partement  de lutte  contre  la criminalit\u00e9  organis\u00e9e,  et, en\nson  absence,  par  son  adjointe  Mme  Morgane  BOLZE.\n\nD\u00e9l\u00e9gations  de signature  aux  directeurs  territoriaux\nArticle  12\nD\u00e9l\u00e9gation  est donn\u00e9e  a M. Bernard  BOBROWSKA,  directeur  territorial  de la s\u00e9curit\u00e9  de proximit\u00e9\nde Paris  , M. St\u00e9phane  WIERZBA,  directeur  territorial  de la s\u00e9curit\u00e9  de proximit\u00e9  des  Hauts-de-Seine,\nM. Michel  LAVAUD,  directeur  territorial  de la s\u00e9curit\u00e9  de proximit\u00e9  de la Seine-Saint-Denis,  et\nM. S\u00e9bastien  DURAND,  directeur  territorial  de la s\u00e9curit\u00e9  de proximit\u00e9  du Val-de-Marne,  \u00e0 l'effet  de\nsigner  au nom  du pr\u00e9fet  de police  et dans  la limite  de leurs  attributions  respectives,  les actes,\nd\u00e9cisions  et pi\u00e8ces  comptables  mentionn\u00e9s  aux  articles  1 et 3.\nArticle  13\nEn cas  d'absence  ou d'emp\u00e9chement  de Mme  Isabelle  TOMATIS  et de M. Jean-Paul  PECQUET,  la\nd\u00e9l\u00e9gation  qui  leur  est accord\u00e9e  par  les articles  2 et 4 est exerc\u00e9e,  dans  la limite  de leurs  attributions\nrespectives,  par  M. Bernard  BOBROWSKA,  M. St\u00e9phane  WIERZBA,  M. Michel  LAVAUD  et M. S\u00e9bastien\nDURAND.\nD\u00e9l\u00e9gations  de signature  au sein  de la direction  territoriale  de la s\u00e9curit\u00e9  de proximit\u00e9  de Paris\n(DTSP  75)\nArticle  14\nEn cas d'absence  ou d'emp\u00e9chement  de M. Bernard  BOBROWSKA,  la d\u00e9l\u00e9gation  qui lui est accord\u00e9e\npar  l'article  12 est  exerc\u00e9e  par  Mme  Laurence  GAYRAUD,  directrice  territoriale  adjointe  de la s\u00e9curit\u00e9\nde proximit\u00e9  de Paris  (75),  et, dans  la limite  de leurs  attributions  respectives,  par  :\n- M. Baptiste  FICHEUR,  chef  des  services  judiciaires  de nuit  de la DTSP  75, et, en son  absence,\npar  son  adjoint  M. Cl\u00e9ment  NICOLA  ;\n- M. Romain  SEMEDARD,  chef  de la s\u00fbret\u00e9  territoriale  \u00e0 Paris,  et, en son  absence  par  son  adjoint\nM. Mizael  DEKYDTSPOTTER  ;\n- M. Marc  CHERREY,  chef  du 1* district  \u00e0 la DTSP  75, commissaire  central  de Paris-Centre  ;\n- M.Jacques  RIGON,  chef  du 2\u00b0\"  district  \u00e0 la DTSP  75, commissaire  central  du\n20\u00b0  arrondissement  ;\n- M. Robert  HATSCH,  chef  du 3\u00b0\" district  \u00e0 la DTSP  75, commissaire  central  des 5\u00aeTM* et 6\u00e8me\narrondissements.\nD\u00e9l\u00e9gation  de la DTSP  75 - 1\" district\nEn cas  d'absence  ou d'emp\u00e9chement  de M. Marc  CHERREY,  chef  du 1\u00b0 district  \u00e0 la DTSP  75, la\nd\u00e9l\u00e9gation  qui lui est accord\u00e9e  par  le pr\u00e9sent  article  est exerc\u00e9e  par  Mme  H\u00e9l\u00e8ne  DENECHERE,\nadjointe  au chef  du 1\u00b0 district  \u00e0 la DTSP  75, commissaire  centrale  du 16\u00e8\u00b0  arrondissement,  et, dans  la\nlimite  de leurs  attributions  respectives,  par  :\nM. Matthieu  LAPEYRE,  commissaire  central  du 17\u00b0\"  arrondissement  ;\nM. St\u00e9phane  GUERIN,  commissaire  central  du 9\u00aeTM\u00ab  arrondissement,  et, en son  absence,  par  son\nadjointe  Mme  Anita  DAOUD  ;\nM. Patrick  LESEUR,  commissaire  central  adjoint  du 16*\"\u00b0  arrondissement  ;\n- M. Mathieu  TERROIR,  commissaire  central  du 8*\"\u00b0  arrondissement,  et, en son  absence,  par  son\nadjoint  M. Olivier  WANG.\n\nD\u00e9l\u00e9gation  de la DTSP  75 \u2014 2\u00e8\"e  district\nEn cas  d'absence  ou d'emp\u00eachement  de M. Jacques  RIGON,  chef  du 2?\"  district  \u00e0 la DTSP  75, la:\nd\u00e9l\u00e9gation  qui lui est accord\u00e9e  par  le pr\u00e9sent  article  est exerc\u00e9e  par  M. Fabrice  CORSAUT,  adjoint  auchef  du 2\u00b0\"  district  \u00e0 la DTSP  75 commissaire  central  du 19\u00e8\"\u00b0  arrondissement,  et, dans  la limite  deleurs  attributions  respectives,  par :\n- M. Hugo  ARER,  commissaire  central  du 10\u00b0  arrondissement,  et, en son  absence,  par  son\nadjoint  M. Adrien  LUNEAU  :\nM. No\u00ebl  MONTEGGIANI,  commissaire  central  du 11\u00e8\"\u00b0  arrondissement,  et, son  absence,  par  son\nadjoint  M. Marc-Antoine  LESTOILLE  ;\n- M. Micka\u00ebl  REMY,  commissaire  central  du 12\u00e8\"e  arrondissement,  et, en son  absence,  par  son\nadjoint  M. Benjamin  RAUCH  :\n- M. Pierre  CABON,  commissaire  central  du 18\u00e8e  arrondissement,  et, en son  absence,  par  son\nadjoint  M. Pierre-Yves  DESTOMBES  ;\n- M. Beno\u00eet  COLLIN,  commissaire  central  adjoint  du 19\"  arrondissement  ;\n- Mme  Julia  SARRODE,  commissaire  centrale  adjointe  du 20\u00b0\"  arrondissement.\nD\u00e9l\u00e9gation  de la DTSP  75 \u2014 3\u00e8me  district\nEn cas  d'absence  ou d'emp\u00eachement  de M. Robert  HATSCH,  chef  du 3\u00e8\"\u00b0  district  \u00e0 la DTSP  75, lad\u00e9l\u00e9gation  qui lui est accord\u00e9e  par le pr\u00e9sent  article  est exerc\u00e9e  par  M. Didier  SCALINI,  commissaire\ncentral  du 13\u00b0\"  arrondissement  et, dans  la limite  de leurs  attributions  respectives,  par  :\n- M. Cyril  LACOMBE,  commissaire  central  du 7\u00e8me  arrondissement,  et, en son  absence,  par  son\nadjointe  Mme  Constance  TSIANG  :\n- M. S\u00e9bastien  BIEHLER,  commissaire  central  du 14\u00e8me  arrondissement,  et, en son  absence,  par\nson  adjoint  M. Cl\u00e9ment  BOUDIN  ;\n- M. Omar  MERCHI,  commissaire  central  du 15\u00e8\"\u00b0  arrondissement,  et, en son  absence,  par son\nadjoint  M. Alexandre  CONSTANTIN  :\nM. Matthieu  MEUZARD,  commissaire  central  adjoint  des  5/6\u00b0\"\u00a9  arrondissements.\nD\u00e9l\u00e9gations  de signature  au sein  de la direction  territoriale  de la s\u00e9curit\u00e9  de proximit\u00e9\ndes  Hauts-de-Seine  (DTSP  92)\nArticle  15\nEn cas  d'absence  ou d'emp\u00eachement  de M. St\u00e9phane  WIERZBA,  la d\u00e9l\u00e9gation  qui  lui est accord\u00e9e\npar  l'article  12 est  exerc\u00e9e  par  M. Fran\u00e7ois  JOENNOZ,  directeur  territorial  adjoint  de la s\u00e9curit\u00e9  de\nproximit\u00e9  des  Hauts  de Seine  (DTSP  92),  et, en cas  d'absence  ou d'emp\u00eachement  de ce dernier  par\nMme  Sandrine  CARLIN,  cheffe  d'\u00e9tat-major,  et, dans  la limite  de leurs  attributions  respectives,  par  :\n- Mme  Fan\u00e9lie  RAVEROT,  cheffe  de la s\u00fbret\u00e9  territoriale  de NANTERRE,  et, en son  absence,  par\nson  adjointe  Mme  Clara  DUPONT  :\n- M. Vincent  LAFON,  chef  du 1\u00b0 district  \u00e0 la DTSP  92,  commissaire  central  d'ASNI\u00c8RES-SUR-\nSEINE  ; ;\n- M. Jean-Charles  LUCAS,  chef  du 2?\"  district  \u00e0 la DTSP  92,  commissaire  central  de NANTERRE  ;\n- M.Emmanuel  GAUTHIER,  chef  du 3\u00e8\"  district  \u00e0 la DTSP  92,  commissaire  central  de\nBOULOGNE-BILLANCOURT  ;\n- Mme  Doroth\u00e9e  VERGNON,  cheffe  du 4?\"  district  \u00e0 la DTSP  92,  commissaire  centrale\n: d'ANTONY.\n\nD\u00e9l\u00e9gation  est donn\u00e9e  \u00e0 Mme  C\u00e9cile  GUERIN,  attach\u00e9e  principale  d'administration  de l'\u00c9tat,  cheffe\ndu bureau  de gestion  op\u00e9rationnelle,  \u00e0 l'effet  de signer,  dans  la limite  de ses attributions,  les actes  de\ngestion  et d'ordonnancement  ainsi  que  les actes  de gestion  relatifs  aux  d\u00e9penses  par  voie  de cartes\nachats  et \u00e0 l'effet  de saisir  et valider  des  actes  dans  CHORUS  formulaires  (saisie  et validation  des\ndemandes  d'achat  et certification  des  services  faits,  ...) et dans  CHORUS  DT (valideur  hi\u00e9rarchique,\ngestionnaire  contr\u00f4leur  et gestionnaire  valideur),  applications  informatiques  remettantes  \u00e0 CHORUS.\nEn cas  d'absence  ou d'emp\u00eachement  de cette  derni\u00e8re,  la d\u00e9l\u00e9gation  qui  lui est  consentie  est\nexerc\u00e9e,  dans  la limite  de ses attributions,  par  son  adjointe  Mme  Karine  NICOLAS,  attach\u00e9e\nd'administration  de l'\u00c9tat.\nD\u00e9l\u00e9gation  est donn\u00e9e,  dans  CHORUS  Formulaires  aux  fins  de saisir  les demandes  d'achat  et les\ncertifications  du service  fait  pour  le p\u00e9rim\u00e8tre  de la Direction  territoriale  de s\u00e9curit\u00e9  de proximit\u00e9\ndes  Hauts-de-Seine,  et dans  l'application  CHORUS  DT (assistant,  gestionnaire  contr\u00f4leur  et\ngestionnaire  valideur)  aux  agents  du Bureau  de gestion  op\u00e9rationnelle  de la Direction  territoriale  de\ns\u00e9curit\u00e9  de proximit\u00e9  des  Hauts-de-Seine  ci apr\u00e8s  d\u00e9sign\u00e9s  :\n- Mme  Patricia  LABIS,  secr\u00e9taire  administrative  de classe  normale,  cheffe  du secr\u00e9tariat,\nr\u00e9gisseuse  d'avances  ;\n- Mme  Mina  ANJAR-ARNAUDEAU,  secr\u00e9taire  administrative  de classe  normale,  charg\u00e9e  des\nachats,  du suivi  et de la programmation  budg\u00e9taire  ;\n- Mme  Sandrine  BARBAULT,  secr\u00e9taire  administrative  de classe  normale,  charg\u00e9e  du budget  et\ndu secr\u00e9tariat.\nD\u00e9l\u00e9gation  de la DTSP  92 \u2014 1\u00b0 district\nEn cas  d'absence  ou d'emp\u00e9chement  de M. Vincent  LAFON,  chef  du 1\u00b0 district  \u00e0 la DTSP  92, la\nd\u00e9l\u00e9gation  qui lui est accord\u00e9e  par  le pr\u00e9sent  article  est exerc\u00e9e  par  Mme  Anne  DE BERMONT,\ncheffe  de circonscription  de CLICHY-LA-GARENNE,  et, dans  la limite  de leurs  attributions\nrespectives,  par  :\n- M. Quentin  BACHELET,  chef  de la circonscription  de COLOMBES,  et, en son  absence,  par  son\nadjoint  M. Pascal  DIGOUT  ;\n- M. Louis  Vincent  LEVEAU,  adjoint  au chef  de circonscription  de CLICHY-LA-GARENNE  ;\n- Mme  Diane  AFARINESH,  cheffe  de la circonscription  de GENNEVILLIERS,  et, en son  absence,\npar  son  adjoint  M. Eric  DUBRULLE  ;\n- Mme  Zora  JEVREMOVIC,  cheffe  de la circonscription  de LEVALLOIS-PERRET,  et, en son\nabsence,  par  son  adjointe  Mme  Sandrine  MONTEJUADO  ;\n- M. Yves  DAUGE,  chef  de la circonscription  de VILLENEUVE-LA-GARENNE  ;\n- M. R\u00e9my  BEYNEY,  adjoint  au chef  de la circonscription  d'ASNIERES-SUR-SEINE.\nD\u00e9l\u00e9gation  de la DTSP  92 - 2\u00e8\"e  district\nEn cas  d'absence  ou d'emp\u00eachement  de M. Jean-Charles  LUCAS,  chef  du 2\u00b0\"  district  \u00e0 la DTSP  92, la\nd\u00e9l\u00e9gation  qui  lui est accord\u00e9e  par  le pr\u00e9sent  article  est exerc\u00e9e  par  Mme  Agathe  BOSSION,  cheffe\nde la circonscription  de PUTEAUX-LA  DEFENSE,  et, dans  la limite  de leurs  attributions  respectives,\npar  : .\n- M, Arthur  ROMANO,  chef  de la circonscription  de COURBEVOIE,  et, en son absence,  par son\nadjointe  Mme  Magali  SIGAUDES  ;\n- M. Thierry  HAAS,  chef  de la circonscription  de LA-GARENNE-COLOMBES,  et, en son  absence,\npar  son  adjoint  M. Loun\u00e8s  BRAHIMI  :\n- M. Camille  MORRA,  chef  de la circonscription  de NEUILLY-SUR-SEINE,  et, en son  absence,  par\nson  adjointe  Mme  Caroline  AGEORGES  :\n\n- M. Audoin  DE MENIBUS,  chef  de la circonscription  de RUEIL-MALMAISON,  et,  en son  absence,\npar  son  adjoint  M. J\u00e9r\u00f4me  RIMBAULT  ;\n- Mme  Hortense  MAZET,  cheffe  de la circonscription  de SURESNES,  et, en son  absence,  par  son\nadjointe  Mme  Val\u00e9rie  GOURLAOUEN  ;\n- M. Laurent  PATRON,  adjoint  \u00e0 la cheffe  de la circonscription  de PUTEAUX-LA  DEFENSE  :\n- Mme  M\u00e9lodie  PICARD,  adjointe  au chef  de la circonscription  de NANTERRE.\nD\u00e9l\u00e9gation  de la DTSP  92 \u2014 3\u00e8me  district\nEn cas  d'absence  ou d'emp\u00eachement  de M. Emmanuel  GAUTHIER,  chef  du 3*TM  district  \u00e0 la DTSP  92,\nla d\u00e9l\u00e9gation  qui lui est accord\u00e9e  par  le pr\u00e9c\u00e9dent  article  est exerc\u00e9e  par  Mme  Mathilde\nPOLLAKOWSKY,  cheffe  de la circonscription  de SAINT-CLOUD  et, dans  la limite  de leurs  attributions\nrespectives,  par  :\n- Mme  Laura  ABRAHAMI,  cheffe  de la circonscription  de ISSY-LES-MOULINEAUX,  et, en son\nabsence,  par  son  adjoint  M. Ludovic  CAZZANIGA  ;\n- M. Anthony  MACADOUX,  chef  de la circonscription  de MEUDON  :\n- M. Jean-Luc  CAZZIN,  adjoint  au chef  de la circonscription  de SAINT-CLOUD  ;\n- Mme  Fanny  DUBILLY,  cheffe  de la circonscription  de SEVRES,  et, en son  absence,  par  son\nadjointe  Mme  Patricia  MOUKOURI-EPEE  ;\n- Mme  Capucine  LAURENTIN,  adjointe  au chef  de la circonscription  de BOULOGNE-\nBILLANCOURT.\nD\u00e9l\u00e9gation  de la DTSP  92 \u2014 4\u00e8me  district\nEn cas  d'absence  ou d'emp\u00e9chement  de Mme  Doroth\u00e9e  VERGNON,  cheffe  du 4?\"  district  \u00e0 la\nDTSP  92,  la d\u00e9l\u00e9gation  qui  lui est accord\u00e9e  par  le pr\u00e9sent  article  est exerc\u00e9e  par  M. R\u00e9my  ERARD,\nchef  de la circonscription  de MONTROUGE,  et, dans  la limite  de leurs  attributions  respectives,  par  :\n- Mme  Marie  FERRON,  cheffe  de la circonscription  de BAGNEUX,  et, en son  absence,  par  son\nadjoint  M. Philippe  NONCLERCQ  ;\n- M. Pascal  MAGUIS,  chef  de la circonscription  de CHATENAY-MALABRY,  et, en son  absence,  par\nson  adjoint  M. Philippe  PAUCHET  ;\n- M. Cristopher  SAINT  RAYMOND,  chef  de la circonscription  de CLAMART  ;\n- Mme  Floriane  JOUVE,  adjointe  \u00e0 la cheffe  de la circonscription  d'ANTONY  ;\n- M. Sophiane  ALIANE,  cheffe  de la circonscription  de VANVES  :\nM. L\u00e9o  JAOUEN,  chef  de la circonscription  de BAGNEUX.\nD\u00e9l\u00e9gations  de signature  au sein  de la direction  territoriale  de la s\u00e9curit\u00e9  de proximit\u00e9\nde la Seine-Saint-Denis  (DTSP  93)\nArticle  16\nEn cas  d'absence  ou d'emp\u00e9chement  de M. Michel  LAVAUD,  la d\u00e9l\u00e9gation  qui  lui est accord\u00e9e  par\nl'article  12 est exerc\u00e9e  par  M. Thierry  HUGUET,  directeur  territorial  adjoint  de la s\u00e9curit\u00e9  de\nproximit\u00e9  de Seine-Saint-Denis  (DTSP  93),  et, en cas  d'absence  ou d'emp\u00eachement  de ce dernier,  par\nM. Blaise  LECHEVALIER,  chef  d'\u00e9tat-major,  et, dans  la limite  de leurs  attributions  respectives,  par  :\n- M. Lionel  LAMY-SAISI,  chef  de la s\u00fbret\u00e9  territoriale  de BOBIGNY,  et, en son  absence,  par  son\nadjointe  Mme  Alice  DE MENDITTE  ;\n- M. Jean-Luc  HADJADJ,  chef  du 1\u00b0 district  \u00e0 la DTSP  93, commissaire  central  de BOBIGNY  -\nNOISY-LE-SEC  ;\n2024-01128\n\n- Mme  Anouck  FOURMIGUE,  chef  du 27  district  \u00e0 la DTSP  93,  commissaire  centrale  de SAINT-\nDENIS;\n- M. Olivier  SIMON,  chef  du 3%\"  district  \u00e0 la DTSP  93, commissaire  central  d'AULNAY-SOUS-\nBOIS  ;\n- M. Martial  BERNE,  chef  du 4\u00b0\"  district  de la DTSP  93, commissaire  central  \u00e0 MONTREUIL-SOUS-\nBOIS.\nD\u00e9l\u00e9gation  est donn\u00e9e  \u00e0 Mme  Delphine  POMMERET,  conseill\u00e8re  d'administration  de l'int\u00e9rieur  et de\nl'outre-mer,  cheffe  du bureau  de gestion  op\u00e9rationnelle,  \u00e0 l'effet  de signer,  dans  la limite  de ses\nattributions,  les actes  de gestion  relatifs  aux  d\u00e9penses  par  voie  de carte  d'achat  et \u00e0 l'effet  de saisir\net de valider  des  actes  dans  CHORUS  formulaires  (saisie  et validation  des  demandes  d'achat,\nconstatation  et certification  des  services  faits,  ...) et l'utilisation  des  modules  d'expression  de besoin\nCHORUS  Formulaires  et CHORUS  DT,  applications  informatiques  remettantes  \u00e0 CHORUS  (valideur\nhi\u00e9rarchique,  gestionnaire  contr\u00f4leur  et gestionnaire  valideur),  applications  informatiques\nremettantes  \u00e0 CHORUS.  En cas  d'absence  ou d'emp\u00e9chement  de cette  derni\u00e8re,  la d\u00e9l\u00e9gation  qui  lui\nest consentie  est  exerc\u00e9e,  dans  la limite  de ses  attributions,  par  Mme  Sonia  HIS-SHARMA,  attach\u00e9e\nd'administration  de l'Etat,  et par  M Fabien  GAYDAN,  attach\u00e9  d'administration.\nD\u00e9l\u00e9gation  est donn\u00e9e,  dans  CHORUS  Formulaires  aux  fins  de saisir  et valider  les demandes  d'achat\net de certification  du service  fait  pour  le p\u00e9rim\u00e8tre  de la Direction  territoriale  de s\u00e9curit\u00e9  de\nproximit\u00e9  de la Seine-Saint-Denis,  et dans  l'application  CHORUS  DT (gestionnaire  contr\u00f4leur  et\ngestionnaire  valideur)aux  agents  du bureau  de gestion  op\u00e9rationnelle  de la Direction  territoriale  de\ns\u00e9curit\u00e9  de proximit\u00e9  de Seine-Saint-Denis  ci apr\u00e8s  d\u00e9sign\u00e9s  :\n- M. Rufin  DIJOUX,  brigadier-chef,  responsable  de la section  du budget  ;\n- Mme  Marie-France  JEAN-CHARLES,  adjointe  administrative  principale  de 2\u00b0\"  classe,\ngestionnaire  budg\u00e9taire  ;\n- M. Dominique  BOUDOUX,  secr\u00e9taire  administratif  de classe  exceptionnelle,  adjoint  au chef  du\np\u00f4le  logistique.\nD\u00e9l\u00e9gation  de la DTSP  93 - 1\u00b0 district\nEn cas  d'absence  ou d'emp\u00e9chement  de M. Jean-Luc  HADJAD],  chef  du 1\u00b0 district  \u00e0 la DTSP  93, la\nd\u00e9l\u00e9gation  qui lui est accord\u00e9e  par  le pr\u00e9sent  article  est exerc\u00e9e  par  M. Vincent  SARGUET,  chef  de la\ncirconscription  des  LILAS,  et, dans  la limite  de leurs  attributions  respectives,  par  :\n- M. Corentin  GIRAUD,  adjoint  au chef  de la circonscription  de BOBIGNY  ;\n- M. Camille  CLAVERIE,  adjoint  au chef  de la circonscription  DES  LILAS  :\n- M. Hugo  KRAL,  chef  de la circonscription  de BONDY,  et, en son  absence,  par  son  adjoint\nM. Jean-Pascal  BATAILHOU  ;\n- Mme  C\u00e9line  GRAMOND,  cheffe  de la circonscription  de DRANCY,  et, en son  absence,  par  son\nadjoint  M. Gilles  GOUDINOUX  ;\n- M. Quentin  HEDDEBAUT,  chef  de la circonscription  de PANTIN,  et, en son  absence,  par  son\nadjoint  M. Fr\u00e9d\u00e9ric  LAMOTTE.\nD\u00e9l\u00e9gation  de la DTSP  93 - 2\u00b0  district\nEn cas  d'absence  ou d'emp\u00e9chement  de Mme  Anouck  FOURMIGUE,  cheffe  du 2\u00e8\"\u00b0  district,  la\nd\u00e9l\u00e9gation  qui  lui est accord\u00e9e  par  le pr\u00e9sent  article  est exerc\u00e9e  par  M. Mathieu  HERVE,  chef  de la\ncirconscription  d'EPINAY-SUR-SEINE  et, dans  la limite  de leurs  attributions  respectives,  par  :\n- Mme  Claire  LACLAU,  cheffe  de la circonscription  de SAINT-OUEN,  et, en son  absence,  par  son\nadjoint  M. Philippe  DURAND  ;\n3farNOCc=>.3|_ROcS\n\nM. William  GOUDALLIER,  chef  de la circonscription  de STAINS,  et, en son  absence,  par  son\nadjoint  M. Vincent  HUSSON  ;\n- M. Philippe  ROUCHE,  adjoint  au chef  de la circonscription  d'\u00c9PINAY-SUR-SEINE  ;\n- M. Armel  SEEBOLDT,  chef  de la circonscription  de la COURNEUVE,  et, en son  absence,  par  son\nadjoint  M. St\u00e9phane  RICHARD  ;\n- Mme  Adeline  JAMAIN,  adjointe  \u00e0 la cheffe  de la circonscription  de SAINT-DENIS  :\n- Mme  Ingrid  CHEMITH,  cheffe  de la circonscription  d'AUBERVILLIERS,  et, en son  absence,  par\nson  adjoint  M. Simon  MOLLO.\nD\u00e9l\u00e9gation  de la DTSP  93 - 3\u00e8me  district\nEn cas  d'absence  ou d'emp\u00e9chement  de M. Olivier  SIMON,  chef  du 3\"  district  \u00e0 la DTSP  93, la\nd\u00e9l\u00e9gation  qui lui est accord\u00e9e  par  le pr\u00e9sent  article  est exerc\u00e9e  par  M. Olivier  GUIBERT,  chef  de la\ncirconscription  de VILLEPINTE,  et, dans  la limite  de leurs  attributions  respectives,  par  :\n- M. Victor  MBAPPE,  chef  de la circonscription  de BLANC-MESNIL  ;\n- M. Alain  MARIE,  chef  de la circonscription  du RAINCY,  et, en son  absence,  par  son  adjoint\nM. St\u00e9phane  GUITON  ;\n- Mme  Isabelle  RIVIERE,  cheffe  de la circonscription  de LIVRY-GARGAN,  et, en son  absence,  par\nson  adjointe  Mme  Dani\u00e8le  DEWASMES  ;\n- M. Herv\u00e9  MACOU-PISSEU,  adjoint  au chef  de la circonscription  de VILLEPINTE  ;\n- M. Manuel  BLANC,  adjoint  au chef  de la circonscription  d'AULNAY-SOUS-BOIS.\nD\u00e9l\u00e9gation  de la DTSP  93 - 4\u00e8me  district\nEn cas  d'absence  ou d'emp\u00eachement  de M. Martial  BERNE,  chef  du 4\"  district  de la DTSP  93, la\nd\u00e9l\u00e9gation,  qui lui est accord\u00e9e  par le pr\u00e9sent  article  est exerc\u00e9e  par  M. Ronan  DELCROIX,  chef  de la\ncirconscription  de CLICHY-SOUS-BOIS  \u2014 MONTFERMEIL,  et, dans  la limite  de leurs  attributions\nrespectives,  par  :\n- Mme  Carine  FALGUERA,  cheffe  de la circonscription  de NEUILLY-SUR-MARNE,  et, en son\nabsence,  par  son  adjoint  M. Jean-Jacques  GAUTHEUR  ;\n- M. Jean-Baptiste  MERCIER,  chef  de la circonscription  de NOISY-LE-GRAND,  et, en son  absence,\npar  son  adjointe  Mme  Anne  GOUAULT-THIEBAUT  ;\n- M. Julien  HAMM,  chef  de la circonscription  de ROSNY-SOUS-BOIS,  et, en son  absence  par  son\nadjointe  Mme  Christine  MAURRIC  ;\n- M. Pierrick  BRUNEAUX,  chef  de la circonscription  de GAGNY,  et, en son  absence,  par  son\nadjoint  M. Thibault  LONGUET  ;\n- M. Romain  CANIVET,  adjoint  au chef  de la circonscription  de MONTREUIL-SOUS-BOIS.\nD\u00e9l\u00e9gations  de signature  au sein  de la direction  territoriale  de la s\u00e9curit\u00e9  de proximit\u00e9  du\nVal-de-Marne  (DTSP  94)\nArticle  17\nEn cas  d'absence  ou d'emp\u00e9chement  de M. S\u00e9bastien  DURAND,  la d\u00e9l\u00e9gation  qui  lui est accord\u00e9e\npar  l'article  12 est exerc\u00e9e  par  S\u00e9bastien  ALVAREZ,  directeur  territorial  adjoint  de la s\u00e9curit\u00e9  de\nproximit\u00e9  du Val-de-Marne  (DTSP  94),  et, en cas  d'absence  ou d'emp\u00e9chement  de ce dernier  par\nM. St\u00e9phane  CASSARA,  chef  d'\u00e9tat-major,  et, dans  la limite  de leurs  attributions  respectives,  par:\n- Mme  Anne  MUSART,  cheffe  de la s\u00fbret\u00e9  territoriale  \u00e0 CRETEIL  et, en son  absence,  par  son\nadjoint  M. Lucas  DECHAUD  ;\nN[a]\nOo 2024-014\n\n- M. Jean-Fran\u00e7ois  GALLAND,  chef  du 1\u00b0 district  \u00e0 la DTSP  94,  commissaire  central  de CRETEIL  ;\n- M. Ludovic  GIRAL,  chef  du 2?\"  district  \u00e0 la DTSP  94,  commissaire  central  de VITRY-SUR-\nSEINE  ;\n- Mme  Yasmine  PRUDENTE,  cheffe  du 3\u00aeTM  district  \u00e0 la DTSP  94,  commissaire  centrale  de L'HA\u0178-\nLES-ROSES  ; ;\n- M. Gilles  LABORIE,  chef  du 4?\"  district  \u00e0 la DTSP  94,  commissaire  central  de NOGENT-SUR-\nMARNE.\nD\u00e9l\u00e9gation  est  donn\u00e9e  \u00e0 M. Christophe  GAUCHON,  attach\u00e9  d'administration  principal  de l'\u00c9tat,\nchef  du bureau  de gestion  op\u00e9rationnelle,  \u00e0 l'effet  de signer,  dans  la limite  de ses attributions,  les\nactes  de gestion  relatifs  aux  d\u00e9penses  par  voie  de carte  d'achat  et \u00e0 l'effet  de saisir  et de valider  des\nactes  dans  CHORUS  formulaires  (saisie  et validation  des  demandes  d'achat,  constatation  et\ncertification  des  services  faits,  ...) et l'utilisation  des  modules  d'expression  de besoin  CHORUS\nFormulaires  et CHORUS  DT,  applications  informatiques  remettantes  \u00e0 CHORUS  (valideur\nhi\u00e9rarchique,  gestionnaire  contr\u00f4leur  et gestionnaire  valideur),  applications  informatiques\nremettantes  a CHORUS.  En cas  d'absence  ou d'emp\u00eachement  de ce dernier,  la d\u00e9l\u00e9gation  qui  lui est\nconsentie  est  exerc\u00e9e  dans  la limite  de ses  attributions,  par  son  adjointe  Mme  Sonia  CHAVATTE,\nattach\u00e9e  d'administration  de l'\u00c9tat.  En l'absence  de cette  derni\u00e8re,  la d\u00e9l\u00e9gation  est donn\u00e9e  \u00e0 Mme\nFanny  DARLY,  attach\u00e9e  d'administration  et Mme  St\u00e9phanie  CARVALHO,  attach\u00e9e  d'administration.\nD\u00e9l\u00e9gation  est donn\u00e9e,  dans  CHORUS  Formulaires  aux  fins  de saisir  et valider  les demandes  d'achat\net de certification  du service  fait  pour  le p\u00e9rim\u00e8tre  de la direction  territoriale  de s\u00e9curit\u00e9  de\nproximit\u00e9  du Val-de-Marne,  et dans  l'application  CHORUS  DT (gestionnaire  contr\u00f4leur  et\ngestionnaire  valideur)  aux  agents  du Bureau  de gestion  op\u00e9rationnelle  de la direction  territoriale  de\ns\u00e9curit\u00e9  du Val-de-Marne  ci apr\u00e8s  d\u00e9sign\u00e9s  :\n- Mme  Virginie  DEMEYER,  major  de police,  cheffe  du p\u00f4le  logistique  ;\n- Mme  C\u00e9cile  ROUX,  secr\u00e9taire  administrative  de classe  normale,  cheffe  de section  budget  ;\n- M. Flavien  BAUDET,  adjoint  administratif  principal  de 2\u00b0\"  classe,  correspondant  section\nbudget.\nD\u00e9l\u00e9gation  de la DTSP  94 \u2014 1\u00b0 district\nEn cas  d'absence  ou d'emp\u00e9chement  de M. Jean-Francois  GALLAND,  chef  du 1\u00b0 district  \u00e0 la DTSP  94,\nla d\u00e9l\u00e9gation  qui  lui est accord\u00e9e  par  le pr\u00e9sent  article  est exerc\u00e9e  par  M. Emmanuel  LIBEYRE,  chef\nde la circonscription  de SAINT-MAUR-DES-FOSSES,  et, dans  la limite  de leurs  attributions  respectives,\npar  :\n- M. Charles  GAUTIER,  adjoint  au chef  de la circonscription  de CRETEIL  ;\n- M. Jean-Michel  CLAMENS,  chef  de la circonscription  d'ALFORTVILLE,  et, en son  absence,  par\nson  adjoint  M. Fr\u00e9d\u00e9ric.  POSTEC,  adjoint  au chef  de la circonscription  d'ALFORTVILLE  :\n- Mme  Pascale  PARIS,  cheffe  de la circonscription  de CHARENTON-LE-PONT,  et, en son  absence,\npar  son  adjointe  Mme  G\u00e9raldine  GIBON  :\n- M. Alexandre  HERVY,  chef  de la circonscription  de MAISONS-ALFORT,  et, en son  absence,  par\nson  adjoint  M. Olivier  MARY  :\n- M. Anthony  HERICOTTE,  chef  de la circonscription  de BOISSY-SAINT-LEGER,  et, en son\nabsence,  par  son  adjoint  M. Jean-Philippe  LEGAY.\nD\u00e9l\u00e9gation  de la DTSP  94 - 2\u00e8me  district\nEn cas  d'absence  ou d'emp\u00eachement  de M. Ludovic  GIRAL,  chef  du 2\u00b0  district  \u00e0 la DTSP  94,  la\nd\u00e9l\u00e9gation  qui lui est accord\u00e9e  par  le pr\u00e9sent  article  est exerc\u00e9e  par  Mme  Hanem  HAMOUDA,\n11\n\u00e0as\u00e0)Ss.2024-6112 C\n\n_ cheffe  de la circonscription  de VILLENEUVE-SAINT-GEORGES  et, dans  la limite  de leurs  attributions\nrespectives,  par  :\n- M. Dominique  DAGUE,  chef  de la circonscription  d'IVRY-SUR-SEINE,  et, en son  absence,  par\nson  adjointe  Mme  Corinne  LEHMANN  ;\n- M. Emmanuel  VAILLANT,  chef  de la circonscription  de CHOISY-LE-ROI,  et, en son  absence,  par\nson  adjoint,  M. Nicolas  TRICART  ;\n- M. Mathias  BINNE,  adjoint  au chef  de la circonscription  de VITRY-SUR-SEINE.\nD\u00e9l\u00e9gation  de la DTSP  94 - 3\u00e8me  district\nEn cas  d'absence  ou d'emp\u00eachement  de Mme  Yasmine  PRUDENTE,  cheffe  du 3\u00b0\"  district  \u00e0 la DTSP\n94, la d\u00e9l\u00e9gation  qui  lui est accord\u00e9e  par  le pr\u00e9sent  article  est exerc\u00e9e  par  M. St\u00e9phane\nSTRINGHETTA,  commissaire  central  du KREMLIN-BICETRE,  et, dans  la limite  de leurs  attributions\nrespectives,  par  :\n- Mme  Anne  VERGELY,  adjointe  a la cheffe  de la circonscription  de L'HAY-LES-ROSES  ;\n- M. Julien  MENINGI,  adjoint  au chef  de la circonscription  du KREMLIN-BICETRE.\nD\u00e9l\u00e9gation  de la DTSP  94 \u2014 4\u00e8me  district\nEn cas  d'absence  ou d'emp\u00e9chement  de M. Gilles  LABORIE,  chef  du 4\u00b0TM  district  \u00e0 la DTSP  94, lad\u00e9l\u00e9gation  qui lui est accord\u00e9e  par  le pr\u00e9sent  article  est exerc\u00e9e  par  M. Fr\u00e9d\u00e9ric  SEGURA,  chef  de la\ncirconscription  de CHAMPIGNY-SUR-MARNE,  et, dans  la limite  de leurs  attributions  respectives,  par  :\n- M. S\u00e9bastien  ROUX,  adjoint  au chef  de la circonscription  de CHAMPIGNY-SUR-MARNE  ;\n- Mme  Johanna  PITEIRA  LEITAO,  cheffe  de la circonscription  de CHENNEVIERES-SUR-MARNE  ;\n- M. K\u00e9vin  JERCO-GENTILS,  chef  de la circonscription  de FONTENAY-SOUS-BOIS,  et, en son\nabsence,  par  son  adjoint  M. Christian  KOPF  ;\n- Mme  Adeline  POLETTO,  cheffe  de la circonscription  de VINCENNES,  et, en son  absence,  par\nson  adjoint  M. Christophe  VERDRU  ;\n- M. Nenad  JOVANOVIC,  adjoint  au chef  de la circonscription  de NOGENT-SUR-MARNE.\nArticle  18\nLa pr\u00e9f\u00e8te,  directrice  du cabinet,  et la directrice  de la s\u00e9curit\u00e9  de proximit\u00e9  de l'agglom\u00e9ration\nparisienne  sont  charg\u00e9es,  chacune  en ce qui  la concerne,  de l'ex\u00e9cution  du pr\u00e9sent  arr\u00eat\u00e9  qui serapubli\u00e9  aux  recueils  des  actes  administratifs  des  pr\u00e9fectures  de la zone  de d\u00e9fense  de Paris.\nFait  \u00e0 Paris,  le 30 JUIL. 2024 ;\n12\n\nPREFECTURE  ap  Cabinet  du pr\u00e9fet\nDE POLICE  \u00a3\nLibert\u00e9\n\u00c9galit\u00e9\nFraternit\u00e9\nAgs  # \u00c0arr\u00eat\u00e9n\u00ae  = 2024-01129\naccordant  d\u00e9l\u00e9gation  de la signature  pr\u00e9fectorale\nau sein  de la direction  de l'ordre  public  et de la circulation\nLe pr\u00e9fet  de police,\nVU le code  g\u00e9n\u00e9ral  des  collectivit\u00e9s  territoriales  ;\nVU le code  de la s\u00e9curit\u00e9  int\u00e9rieure  ;\nVU le d\u00e9cret  n\u00b0 95-1197  du 6 novembre  1995  modifi\u00e9,  portant  d\u00e9concentration  en mati\u00e8re  de\ngestion  des  personnels  de la police  nationale  ;\nVU le d\u00e9cret  n\u00b0 97-199  du 5 mars  1997  modifi\u00e9,  relatif  au remboursement  de certaines  d\u00e9penses\nsupport\u00e9es  par  les forces  de police  et de gendarmerie  ;\nVU le d\u00e9cret  n\u00b0 2004-374  du 29 avril  2004  modifi\u00e9  relatif  aux pouvoirs  des pr\u00e9fets,  \u00e0 l'organisation  et\n\u00e0 l'action  des  services  de l'\u00c9tat  dans  les r\u00e9gions  et d\u00e9partements  et notamment  son  article  77;\nVU le d\u00e9cret  n\u00b0 2006-1780  du 23 d\u00e9cembre  2006  modifi\u00e9,  portant  d\u00e9l\u00e9gation  de pouvoir  en mati\u00e8re\nde recrutement  et de gestion  de certains  personnels  relevant  du minist\u00e8re  de l'int\u00e9rieur  ;\nVU le d\u00e9cret  n\u00b0 2009-898  du 24 juillet  2009  modifi\u00e9  relatif  \u00e0 la comp\u00e9tence  territoriale  de certaines\ndirections  et de certains  services  de la pr\u00e9fecture  de police  ;\nVU le d\u00e9cret  n\u00b0 2010-1298  du 28 octobre  2010  portant  attribution  de produits  au budget  du\nminist\u00e8re  de l'int\u00e9rieur,  de l'outre-mer  et des  collectivit\u00e9s  territoriales  en application  du d\u00e9cret\nn\u00b0 97-199  du 5 mars  1997  modifi\u00e9  relatif  au remboursement  de certaines  d\u00e9penses  support\u00e9es  par\nles forces  de police  et de gendarmerie  et du d\u00e9cret  n\u00b0 2008-252  du 12 mars  2008  modifi\u00e9  relatif  \u00e0 la\nr\u00e9mun\u00e9ration  de certains  services  rendus  par  le minist\u00e8re  de l'int\u00e9rieur,  de l'outre-mer  et des\ncollectivit\u00e9s  territoriales  ;\nVU l'arr\u00eat\u00e9  minist\u00e9riel  du 30 d\u00e9cembre  2005  modifi\u00e9  portant  d\u00e9concentration  en mati\u00e8re  de\ngestion  des  fonctionnaires  actifs  des  services  de la police  nationale  ;\nVU l'arr\u00eat\u00e9  pr\u00e9fectoral  n\u00b0 2009-00641  du 7 ao\u00fbt  2009  modifi\u00e9  relatif  \u00e0 l'organisation  de la pr\u00e9fecture\nde police  ;\nVU l'arr\u00eat\u00e9  pr\u00e9fectoral  n\u00b0 2023-01566  du 20 d\u00e9cembre  2023  relatif  aux  missions  et \u00e0 l'organisation\nde la direction  de l'ordre  public  et de la circulation;\nVU l'arr\u00eat\u00e9  n\u00b0 2019-00079  du 24 janvier  2019  autorisant  l'installation  du syst\u00e8me  de vid\u00e9oprotection\nde la pr\u00e9fecture  de police,  notamment  son  article  6;\nVU le d\u00e9cret  du 20 juillet  2022  par lequel  M. Laurent  NUNEZ,  pr\u00e9fet,  coordonnateur  national  du\nrenseignement  et de la lutte  contre  le terrorisme,  est nomm\u00e9  pr\u00e9fet  de police  (hors  classe)  ;\nVU le d\u00e9cret  du 15 mars  2019  par  lequel  M. J\u00e9r\u00f4me  FOUCAUD,  inspecteur  g\u00e9n\u00e9ral  des  services  actifs\nde la police  nationale,  directeur  adjoint  des  ressources  humaines  \u00e0 la pr\u00e9fecture  de police,  est\nnomm\u00e9  directeur  des  services  actifs  de police  de la pr\u00e9fecture  de police,  directeur  de l'ordre  public\net de la circulation  de la pr\u00e9fecture  de police  ;\nSUR  proposition  de la pr\u00e9f\u00e8te,  directrice  de cabinet,\n\nARRETE\nArticle  1\u00b0\nD\u00e9l\u00e9gation  est donn\u00e9e  \u00e0 M. J\u00e9r\u00f4me  FOUCAUD,  directeur  des  services  actifs  de police,  directeur  de\nl'ordre  public  et de la circulation,  \u00e0 l'effet  de signer,  au nom  du pr\u00e9fet  de police  :\na) les actes  n\u00e9cessaires  \u00e0 l'exercice  des  missions  de police  administrative  fix\u00e9es  par  l'arr\u00eat\u00e9  du\n20 d\u00e9cembre  2023  susvis\u00e9.\nb) les d\u00e9cisions  individuelles  relatives  \u00e0 l'octroi  des  cong\u00e9s  annuels  et de maladie  ordinaire  des\npersonnels  relevant  de son  autorit\u00e9.\nc) les conventions  fixant  les modalit\u00e9s  d'ex\u00e9cution  techniques  et financi\u00e8res  du concours  apport\u00e9\nconjointement  par  les forces  de police  et de gendarmerie,  avec  les b\u00e9n\u00e9ficiaires  de ces  prestations,\nen application  de l'article  4 du d\u00e9cret  n\u00b0 97-199  du 5 mars  1997  susvis\u00e9  ainsi  que  les factures\ncorrespondantes.\nd) les actes  de validation  dans  le module  \u00ab CHORUS  D\u00e9placements  Temporaires  (DT) \u00bb portant  sur :\n- les ordres  de mission  (d\u00e9placements)  ;\n- les \u00e9tats  de frais  (remboursements).\ne) les actes  de gestion  et d'ordonnancement  portant  sur :\n- le visa  de diverses  pi\u00e8ces  comptables  de r\u00e9gie  d'avance  ;\n- les d\u00e9penses  par  voie  de carte  achats  ;\n- l'utilisation  du module  d'expression  de besoin  \u00abCHORUS  Formulaires\u00bb,  application\ninformatique  remettante  \u00e0 CHORUS.\nf) les actes  d\u00e9signant  individuellement  et habilitant  les agents  relevant  de son  autorit\u00e9  autoris\u00e9s  \u00e0\n\u00eatre  destinataires  des  images  et enregistrements  issus  des  cam\u00e9ras  du plan  de vid\u00e9oprotection  de la\npr\u00e9fecture  de police.\nArticle  2\nD\u00e9l\u00e9gation  est donn\u00e9e  \u00e0 M. J\u00e9r\u00f4me  FOUCAUD  \u00e0 l'effet  de prononcer,  au nom  du pr\u00e9fet  de police,\nles sanctions  disciplinaires  de l'avertissement  et du bl\u00e2me,  inflig\u00e9es  aux  personnels  ci-apr\u00e8s\nd\u00e9sign\u00e9s,  plac\u00e9s  sous  son  autorit\u00e9  :\n- les fonctionnaires  du corps  d'encadrement  et d'application  de la police  nationale  ;\n- les adjoints  administratifs  de l'int\u00e9rieur  et de l'outre-mer  :\n- les policiers  adjoints  affect\u00e9s  a Paris  ;\n- les personnels  administratifs,  techniques,  scientifiques  et sp\u00e9cialis\u00e9s.\nArticle  3\nEn cas  d'absence  ou d'emp\u00e9chement  de M. J\u00e9r\u00f4me  FOUCAUD,  la d\u00e9l\u00e9gation  qui lui est consentie\naux  articles  1 et 2 est exerc\u00e9e  par  M. Antoine  SALMON,  inspecteur  g\u00e9n\u00e9ral  des  services  actifs  de la\npolice  nationale,  directeur  adjoint  de l'ordre  public  et de la circulation.\nArticle  4\nEn cas  d'absence  ou d'emp\u00e9chement  de M. J\u00e9r\u00f4me  FOUCAUD  et de M. Antoine  SALMON,  la\nd\u00e9l\u00e9gation  qui leur  est consentie  pour  les mati\u00e8res  mentionn\u00e9es  \u00e0 l'article  1 est exerc\u00e9e,  dans  la\nlimite  de ses attributions,  par  M. Eric  MOYSE,  contr\u00f4leur  g\u00e9n\u00e9ral,  chef  d'\u00e9tat-major,  et, en cas\nd'absence  ou d'emp\u00eachement  de ce dernier,  par  :\n- M. Dimitri  KALININE,  commissaire  divisionnaire,  chef  d'\u00e9tat-major  adjoint  ;\n- M. Jo\u00ebl  TURLIER,  commissaire  g\u00e9n\u00e9ral,  adjoint  au chef  d'\u00e9tat-major  ;\n- M. Antoine  MORDACQ,  commissaire  divisionnaire,  adjoint  au chef  d'\u00e9tat-major  ;\n- Mme  Laetitia  VALLAR,  commissaire  divisionnaire,  adjointe  au chef  d'\u00e9tat-major.\n2624-01129\n\nArticle  5\nEn cas d'absence  ou d'emp\u00e9chement  de M. J\u00e9r\u00f4me  FOUCAUD  et de M. Antoine  SALMON,  la\nd\u00e9l\u00e9gation  qui leur  est consentie  pour  les mati\u00e8res  mentionn\u00e9es  \u00e0 l'article  1 est exerc\u00e9e,  dans  la\nlimite  de ses attributions,  par  M. Olivier  BOURDE,  contr\u00f4leur  g\u00e9n\u00e9ral,  sous-directeur  de l'ordre\npublic  de l'agglom\u00e9ration  parisienne  et par  M. Paul-Antoine  TOMI,  commissaire  divisionnaire,\nadjoint  au sous-directeur  de l'ordre  public  de l'agglom\u00e9ration  parisienne.\nEn cas d'absence  ou d'emp\u00eachement  de M. Olivier  BOURDE  et de M. Paul-Antoine  TOMI,  la\nd\u00e9l\u00e9gation  qui leur  est consentie  par  le pr\u00e9sent  article  est exerc\u00e9e,  dans  la limite  de leurs\nattributions  respectives,  par  M. Alexandre  SEL,  commissaire  de police,  chef  de la division\nd'information  et d'intervention,  et par  Mme  Caroline  DUCATILLION,  commissaire  de police,  cheffe\nde la division  des  unit\u00e9s  op\u00e9rationnelles  sp\u00e9cialis\u00e9es.\nArticle  6\nEn cas  d'absence  ou d'emp\u00e9chement  de M. J\u00e9r\u00f4me  FOUCAUD  et de M. Antoine  SALMON,  la\nd\u00e9l\u00e9gation  qui leur  est consentie  pour  les mati\u00e8res  mentionn\u00e9es  \u00e0 l'article  1 est exerc\u00e9e,  dans  la\nlimite  de leurs  attributions  respectives,  par  Mme  Estelle  BALIT,  contr\u00f4leuse  g\u00e9n\u00e9rale  des  services\nactifs  de la police  nationale,  sous-directrice  r\u00e9gionale  de la circulation  et de la s\u00e9curit\u00e9  routi\u00e8res,  et,\nen cas  d'absence  ou d'emp\u00eachement  de cette  derni\u00e8re,  par  M. Arnaud  DESJARDINS,  commissaire\ndivisionnaire,  adjoint  \u00e0 la sous-directrice  r\u00e9gionale  de la circulation  et de la s\u00e9curit\u00e9  routi\u00e8res.\nEn cas d'absence  ou d'emp\u00eachement  de Mme  Estelle  BALIT  et de M. Arnaud  DESJARDINS,  la\nd\u00e9l\u00e9gation  qui leur  est consentie  par  le pr\u00e9sent  article  est exerc\u00e9e,  dans  la limite  de leurs\nattributions  respectives,  par  Mme  Tania  POPOFF,  commissaire  de police,  cheffe  de la division\nr\u00e9gionale  de la circulation,  par  M. Nicolas  BENDERITTER,  commissaire  de police,  chef  de la division\nr\u00e9gionale  motocycliste  et par  M. Jean-S\u00e9bastien  ROSADONI,  commissaire  de police,  chef  de la\ndivision  r\u00e9gionale  de la s\u00e9curit\u00e9  routi\u00e8re.\nD\u00e9l\u00e9gation  est donn\u00e9e  \u00e0 M. Herv\u00e9  BLAISE,  capitaine  de police,  coordonnateur  s\u00e9curit\u00e9  routi\u00e8re,\nchef  du p\u00f4le  de pr\u00e9vention  et de s\u00e9curit\u00e9  routi\u00e8re,  dans  l'application  informatique  financi\u00e8re  de\nl'\u00c9tat  \u00ab CHORUS  Formulaires  \u00bb, aux fins de gestion  du budget  du plan  d\u00e9partemental  d'actions  de\ns\u00e9curit\u00e9  routi\u00e8re.  |\nArticle  7\nEn cas  d'absence  ou d'emp\u00eachement  de M. J\u00e9r\u00f4me  FOUCAUD  et de M. Antoine  SALMON,  la\nd\u00e9l\u00e9gation  qui leur  est consentie  pour  les mati\u00e8res  mentionn\u00e9es  \u00e0 l'article  1 est exerc\u00e9e,  dans  la\nlimite  de leurs  attributions  respectives,  par  M. Serge  QUILICHINI,  contr\u00f4leur  g\u00e9n\u00e9ral  des  services\nactifs  de la police  nationale,  sous-directeur  de la protection  des  institutions,  des  gardes  et des\ntransferts  de l'agglom\u00e9ration  parisienne,  et, en cas  d'absence  ou d'emp\u00e9chement  de ce dernier,  par\nM. Dominique  SERNICLAY,  commissaire  g\u00e9n\u00e9ral,  adjoint  au sous-directeur  de la protection  des\ninstitutions,  des  gardes  et des  transferts  de l'agglom\u00e9ration  parisienne.\nArticle  8\nEn cas d'absence  ou d'emp\u00eachement  de M. J\u00e9r\u00f4me  FOUCAUD  et de M. Antoine  SALMON,  la\nd\u00e9l\u00e9gation  qui leur  est consentie  aux  articles  1 et 2 est exerc\u00e9e,  dans  la limite  de leurs  attributions\nrespectives,  par  Mme  B\u00e9n\u00e9dicte  MARGENET-BAUDRY,  contr\u00f4leuse  g\u00e9n\u00e9rale  des  services  actifs  de la\npolice  nationale,  sous-directrice  de la gestion  op\u00e9rationnelle,  et, en cas d'absence  ou\nd'emp\u00eachement  de cette  derni\u00e8re,  par  M. Lionel  DESQUEYROUX,  commissaire  divisionnaire,  adjoint\n\u00e0 la sous-directrice  de la gestion  op\u00e9rationnelle.\nEn cas d'absence  ou d'emp\u00e9chement  de Mme  B\u00e9n\u00e9dicte  MARGENET-BAUDRY  et de M. Lionel\nDESQUEYROUX,  la d\u00e9l\u00e9gation  qui leur  est consentie  par  le pr\u00e9sent  article  est exerc\u00e9e,  dans  la limite\nde leurs  attributions  respectives,  par  Mme  Val\u00e9rie  SOBRAQUES,  commandant  divisionnaire\nfonctionnel,  cheffe  du service  de gestion  op\u00e9rationnelle  des  \u00e9quipements,  de l'immobilier  et des\nfinances,  par son adjointe,  Mme  OBSZYNSKI-PUECH  Am\u00e9lie,  attach\u00e9e  d'administration  de l'\u00c9tat  et\npar  son  adjoint  en second,  M. Ga\u00ebtan  DERLON,  major  de police.\n2024-01129\n\nD\u00e9l\u00e9gation  est donn\u00e9e,  dans  les applications  informatiques  financi\u00e8res  de l'\u00c9tat  \u00ab CHORUS\nFormulaires  \u00bb, aux  fins  de gestion  des  budgets,  et \u00ab CHORUS  D\u00e9placements  Temporaires  (DT),  aux\nfins  de validation  des  ordres  de mission  et des  \u00e9tats  de frais,  aux  agents  ci-apr\u00e9s  d\u00e9sign\u00e9s,  dans  la\nlimite  de leurs  attributions  respectives  :\n- Mme  Emilie  MARIE,  secr\u00e9taire  administrative,  cheffe  de l'unit\u00e9  financi\u00e8re  ;\n- Mme  Lynda  ATTAL,  gardien  de la paix,  gestionnaire  budg\u00e9taire  \u00e0 l'unit\u00e9  financi\u00e8re  ;\n- Mme  Vanessa  ARZEUX,  gardien  de la paix,  gestionnaire  budg\u00e9taire  \u00e0 l'unit\u00e9  financi\u00e8re.\nArticle  9\nLa pr\u00e9f\u00e8te,  directrice  de cabinet  et le directeur  de l'ordre  public  et de la circulation  sont  charg\u00e9s,\nchacun  en ce qui  les concerne,  de l'ex\u00e9cution  du pr\u00e9sent  arr\u00eat\u00e9  qui sera  publi\u00e9  aux  recueils  des\nactes  administratifs  des  d\u00e9partements  de Paris,  des  Hauts-de-Seine,  de la Seine-Saint-Denis  et du\nVal-de-Marne.\nFait \u00e0 Paris, le 3 0 JUIL. 2024\na\nge\na \u00ce\nEd\n2024-01129\n\nPREFECTURE  ap | ;\nDE POLICE  @ Cabinet  du pr\u00e9fet\nLibert\u00e9\n\u00c9galit\u00e9\nFraternit\u00e9\nNa  \u00e9 TNarr\u00e9t\u00e9  n\u00b0 2024-07130\naccordant  d\u00e9l\u00e9gation  de la signature  pr\u00e9fectorale\nau sein  du service  de la m\u00e9moire  et des  affaires  culturelles\nLe pr\u00e9fet  de police,\nVU le code  g\u00e9n\u00e9ral  de la fonction  publique  ;\nVU  le code  g\u00e9n\u00e9ral  des  collectivit\u00e9s  territoriales  ;\nVU  le code  du patrimoine  ;\nVU le d\u00e9cret  n\u00b0 2003-737  du 1\" ao\u00fbt  2003  portant  cr\u00e9ation  d'un  secr\u00e9tariat  g\u00e9n\u00e9ral  pour\nl'administration  \u00e0 la pr\u00e9fecture  de police  ;\nVU le d\u00e9cret  n\u00b0 2004-374  du 29 avril  2004  modifi\u00e9  relatif  aux  pouvoirs  des  pr\u00e9fets,  \u00e0\nl'organisation  et \u00e0 l'action  des  services  de l'Etat  dans  les r\u00e9gions  et d\u00e9partements  et\nnotamment  son  article  77 ;\nVU le d\u00e9cret  n\u00b0 2014-296  du 6 mars  2014  relatif  aux  secr\u00e9tariats  g\u00e9n\u00e9raux  pour\nl'administration  du minist\u00e8re  de l'int\u00e9rieur  et modifiant  diverses  dispositions  du code  de la\nd\u00e9fense  et du code  de la s\u00e9curit\u00e9  int\u00e9rieure  ;\nVU l'arr\u00eat\u00e9  pr\u00e9fectoral  n\u00b0 2009-00641  du 7 ao\u00fbt  2009  modifi\u00e9  relatif  \u00e0 l'organisation  de la\npr\u00e9fecture  de police,  et notamment  son  article  4;\nVU l'arr\u00eat\u00e9  pr\u00e9fectoral  n\u00b02022-00930  du 1\u00b0 ao\u00fbt  2022  relatif  aux  missions  et \u00e0 l'organisation\ndu service  de la m\u00e9moire  et des  affaires  culturelles  ;\nVU le d\u00e9cret  du 20 juillet  2022  par  lequel  M. Laurent  NUNEZ,  pr\u00e9fet,  coordonnateur  national\ndu renseignement  et de la lutte  contre  le terrorisme,  est nomm\u00e9  pr\u00e9fet  de police  (hors\nclasse)  ;\nVU le d\u00e9cret  du 22 d\u00e9cembre  2022  par  lequel  M. Philippe  LE MOING  SURZUR,  administrateur\ng\u00e9n\u00e9ral  d\u00e9tach\u00e9  en qualit\u00e9  de sous-pr\u00e9fet  hors  classe,  sous-pr\u00e9fet  de Bayonne  (classe\nfonctionnelle  Il), est  nomm\u00e9  pr\u00e9fet,  secr\u00e9taire  g\u00e9n\u00e9ral  pour  l'administration  de la pr\u00e9fecture\nde police  ;\nVU la d\u00e9cision  du 19 octobre  2020  par  laquelle  Mme  Agn\u00e8s  MASSON,  conservatrice  g\u00e9n\u00e9rale\ndu patrimoine,  est affect\u00e9e  en qualit\u00e9  de cheffe  du service  de la m\u00e9moire  et des  affaires\nculturelles  de la pr\u00e9fecture  de police  \u00e0 compter  du 1\u00b0 novembre  2020  ;\nVU l'arr\u00eat\u00e9  du 28 octobre  2020  par  lequel  Mme  Agn\u00e8s  MASSON,  conservatrice  g\u00e9n\u00e9rale  du\npatrimoine,  est prise  en charge  par  voie  de d\u00e9tachement  dans  le corps  des  administrateurs\ncivils,  \u00e0 compter  du 1\u00b0 novembre  2020  jusqu'au  31 octobre  2022  ;\nVU l'arr\u00eat\u00e9  du 20 octobre  2022  par  lequel  Mme  Agn\u00e8s  MASSON,  conservatrice  g\u00e9n\u00e9rale  du\npatrimoine,  est renouvel\u00e9  par  voie  de d\u00e9tachement  dans  le corps  des  administrateurs  civils,  \u00e0\ncompter  du 1\u00b0 novembre  2022  jusqu'au  31 octobre  2024  ;\nSur proposition  du pr\u00e9fet,  secr\u00e9taire  g\u00e9n\u00e9ral  pour  l'administration,\n\nARRETE\nTITRE  | : D\u00e9l\u00e9gation  de signature  g\u00e9n\u00e9rale\nArticle  1\u00b0\nD\u00e9l\u00e9gation  de signature  est donn\u00e9e  \u00e0 Mme  Agn\u00e8s  MASSON,  administrative  g\u00e9n\u00e9rale  de l'Etat,\ncheffe  du service  de la m\u00e9moire  et des  affaires  culturelles,  directement  plac\u00e9e  sous  l'autorit\u00e9\ndu pr\u00e9fet,  secr\u00e9taire  g\u00e9n\u00e9ral  pour  l'administration,  \u00e0 l'effet  de signer,  dans  la limite  de ses\nattributions  et au nom  du pr\u00e9fet  de police,  tous  actes,  arr\u00e9t\u00e9s,  d\u00e9cisions  et pi\u00e9ces\ncomptables  n\u00e9cessaires  \u00e0 l'exercice  des  missions  fix\u00e9es  par  l'arr\u00eat\u00e9  du 1\u00b0 ao\u00fbt  2022  susvis\u00e9.\nMme  Agn\u00e8s  MASSON  est \u00e9galement  habilit\u00e9e  \u00e0 signer,  dans  la limite  de ses attributions,  les\nactes  n\u00e9cessaires  au fonctionnement  administratif  du service  de la m\u00e9moire  et des  affaires\nculturelles,  ainsi  que  les d\u00e9cisions  individuelles  relatives  \u00e0 l'octroi  des  cong\u00e9s  annuels,  \u00e0\nl'exercice  des  fonctions  en t\u00e9l\u00e9travail  et de maladie  ordinaire  des  personnels  relevant  de son\nautorit\u00e9.\nArticle  2\nEn cas  d'absence  ou d'emp\u00eachement  de Mme  Agn\u00e8s  MASSON,  les d\u00e9l\u00e9gations  qui lui sont\nconsenties  \u00e0 l'article  1 peuvent  \u00eatre  exerc\u00e9es  dans  les m\u00eames  conditions  par  M. Pierre\nQUERNEZ,  conservateur  g\u00e9n\u00e9ral  du patrimoine,  chef  du d\u00e9partement  patrimonial,  adjoint  \u00e0\nla cheffe  de service.\nArticle  3\nEn cas  d'absence  ou d'emp\u00e9chement  de Mme  Agn\u00e8s  MASSON  et de M. Pierre  QUERNEZ,\nM. Gildas  HARNOIS,  agent  contractuel,  chef  du d\u00e9partement  musical,  et M. Lo\u00efc  CERISIER-\nLACOMBE,  attach\u00e9  d'administration  de l'Etat,  secr\u00e9taire  g\u00e9n\u00e9ral,  sont  habilit\u00e9s  \u00e0 signer  tous\nactes,  arr\u00eat\u00e9s,  d\u00e9cisions  et pi\u00e8ces  comptables  et administratives,  dans  la limite  de leurs\nattributions.\nTITRE  Il : D\u00e9l\u00e9gation  de signature  relative  aux  comp\u00e9tences  patrimoniales\nArticle  4\nEn cas  d'absence  ou d'emp\u00e9chement  de Mme  Agn\u00e8s  MASSON,  d\u00e9l\u00e9gation  est donn\u00e9e  \u00e0\nM. Pierre  QUERNEZ  \u00e0 l'effet  de signer,  dans  la limite  de ses attributions  :\n- les d\u00e9cisions,  courriers  ou conventions  relatifs  aux  pr\u00eats  d'\u0153uvres  ou de documents  ;\n- les d\u00e9cisions,  courriers  ou conventions  relatifs  \u00e0 l'organisation  d'\u00e9v\u00e9nements  ;\n- les contrats  et factures  de num\u00e9risation  et de cession  de droits  d'exploitation\nd'archives  photographiques  ;\n- les contrats,  devis  et factures  de prestations  musicales  payantes  ;\n- les contrats,  devis  et factures  de photocopies  et reproductions  num\u00e9riques\nd'archives,  de tournages  et d'acquittement  du droit  de parole  au sein  du mus\u00e9e.\nArticle  5\nEn cas d'absence  ou d'emp\u00e9chement  de M. Pierre  QUERNEZ,  d\u00e9l\u00e9gation  est donn\u00e9e  \u00e0 Mme\nC\u00e9cile  LOMBARD,  agente  contractuelle,  adjointe  au chef  du d\u00e9partement  patrimonial,\nresponsable  des  archives  et du p\u00f4le  collecte,  \u00e0 l'effet  de signer,  dans  la limite  de ses\nattributions  :\n- les d\u00e9cisions,  courriers  ou conventions  relatifs  aux  pr\u00eats  d'\u0153uvres  ou de documents  ;'\n2024-0130\n\n- les contrats  et factures  de num\u00e9risation  et de cession  de droits  d'exploitation\nd'archives  photographiques.\nArticle  6\nEn cas d'absence  ou d'emp\u00e9chement  de M. Pierre  QUERNEZ,  d\u00e9l\u00e9gation  est donn\u00e9e  \u00e0 Mme\nAna\u00efs  EVENO,  attach\u00e9e  d'administration  de l'Etat,  adjointe  au chef  du d\u00e9partement\npatrimonial,  responsable  du mus\u00e9e,  \u00e0 l'effet  de signer,  dans  la limite  de ses attributions,  les\nd\u00e9cisions,  courriers  ou conventions  relatifs  aux  pr\u00eats  d'\u0153uvres  ou de documents.\nArticle  7\nEn cas d'absence  ou d'emp\u00eachement  de M. Pierre  QUERNEZ,  d\u00e9l\u00e9gation  est donn\u00e9e  \u00e0 M. Lo\u00efc\nCERISIER-LACOMBE  \u00e0 l'effet  de signer,  dans  la limite  de ses attributions  :\n- les factures  de prestations  musicales  payantes  ;\n- les factures  de photocopies  et reproductions  num\u00e9riques  d'archives,  de tournages  et\nd'acquittement  du droit  de parole  au sein  du mus\u00e9e.\nTITRE  Ill : D\u00e9l\u00e9gation  de signature  relative  \u00e0 l'application  informatique  financi\u00e8re\n\u00ab CHORUS  Formulaires  \u00bb\nArticle  8\nD\u00e9l\u00e9gation  de signature  est donn\u00e9e  \u00e0 M. Lo\u00efc  CERISIER-LACOMBE  et, cas d'absence  et\nd'emp\u00eachement  de ce dernier,  \u00e0 Mme  Laetitia  VERDIER,  secr\u00e9taire  administrative  de classe\nnormale  des  administrations  parisiennes,  \u00e0 l'effet  de saisir  et valider  les propositions\nd'engagement  des  d\u00e9penses  et les constatations  de services  faits.\nTITRE  IV : Utilisation  de la carte  achat  \u00ab Etat  \u00bb\nArticle  9\nD\u00e9l\u00e9gation  est accord\u00e9e  \u00e0 l'effet  d'utiliser  une  carte  achat  nominative,  dans  le cadre  de ses\nattributions,  comp\u00e9tences  et dans  les limites  fix\u00e9es,  \u00e0 M. Gildas  HARNOIS.\nTITRE  V : D\u00e9l\u00e9gation  de signature  relative  \u00e0 l'application  \u00ab CHORUS  DT \u00bb\n(D\u00e9placements  Temporaires)\nArticle  10\nD\u00e9l\u00e9gation  de signature  est accord\u00e9e,  aux  fins  de signer  les pi\u00e8ces  comptables  concernant  les\nd\u00e9placements  temporaires  et valider  dans  l'application  CHORUS  DT en qualit\u00e9  de service\ngestionnaire  (SG)  ou gestionnaire  valideur  (GV),  les ordres  de mission,  les \u00e9tats  de frais  et les\ncommandes  sur le march\u00e9  voyagiste  dans  le p\u00e9rim\u00e8tre  du service  de la m\u00e9moire  et des\naffaires  culturelles,  \u00e0 M. Lo\u00efc  CERISIER-LACOMBE  et \u00e0 Mme  Laetitia  VERDIER.\nTITRE  VI : D\u00e9l\u00e9gation  de signature  relative  \u00e0 l'application  informatique  financi\u00e8re\n\u00ab Coriolis  \u00bb\nArticle  11\nD\u00e9l\u00e9gation  de signature  est donn\u00e9e  \u00e0 M. Lo\u00efc  CERISIER-LACOMBE  et, cas d'absence  et\nd'emp\u00eachement  de ce dernier,  \u00e0 Mme  Laetitia  VERDIER,  \u00e0 l'effet  de valider  les propositions\nd'engagement  des d\u00e9penses  et les constatations  de services  r\u00e9alis\u00e9s.\n2024-01730  ?\n\nArticle  12\nD\u00e9l\u00e9gation  est donn\u00e9e  \u00e0 M. Rachid  BOUFRINE,  adjoint  administratif  principal  de 2\u00b0\"\u00b0 classe\ndes administrations  parisiennes,  et \u00e0 Madame  Irina  BESSERGLIK,  adjointe  administrative\nprincipale  de 2?\" classe  des administrations  parisiennes,  \u00e0 l'effet  de saisir  les propositions\nd'engagement  des d\u00e9penses  et les constatations  de services  r\u00e9alis\u00e9s.\nTITRE  VII : Utilisation  de la carte  achat  \u00ab Administrations  parisiennes  \u00bb\nArticle  13\nD\u00e9l\u00e9gation  est accord\u00e9e  \u00e0 l'effet  d'utiliser  une carte  achat  nominative,  dans  le cadre  de ses\nattributions,  comp\u00e9tences  et dans  les limites  fix\u00e9es,  a Mme  Agn\u00e9s  MASSON.\nTITRE  VIII  : Dispositions  finales\nArticle  14\nLa pr\u00e9f\u00e8te,  directrice  de cabinet,  et le pr\u00e9fet,  secr\u00e9taire  g\u00e9n\u00e9ral  pour  l'administration,  sont\ncharg\u00e9s,  chacun  en ce qui le concerne,  de l'ex\u00e9cution  du pr\u00e9sent  arr\u00eat\u00e9  qui sera  publi\u00e9  aux\nrecueils  des actes  administratifs  des pr\u00e9fectures  des d\u00e9partements  de la zone  de d\u00e9fense  et\nde s\u00e9curit\u00e9  de Paris.\nL\nFait \u00e0 Paris,  le 9 Q JUIL.  2024  |\n\\_ \u2014\u2014_\nOreck  NUNEZ\n~ /\n2024-01130  '\n\nEX\nPR\u00c9FECTURE  ap\nDE POLICE  F 'Lib \\ \u00a2] Cabinet  du pr\u00e9fet\n\u00c9galit\u00e9\nFraternit\u00e9\narr\u00e9t\u00e9 n\u00b0 2024-01131\nmodifiant  l'arr\u00eat\u00e9  n\u00b02024-00143  du 05 f\u00e9vrier  2024  fixant  la liste  annuelle  d'aptitude  du\npersonnel  apte  \u00e0 exercer  dans  le domaine  de la pr\u00e9vention  contre  les risques  d'incendie  et de\npanique  \u00e0 Paris  et dans  les d\u00e9partements  des  Hauts-de-Seine,  de la Seine-Saint-Denis\net du Val-de-Marne  du 1\u00b0 janvier  au 31 d\u00e9cembre  2024\nLe pr\u00e9fet  de police,\nVU l'arr\u00eat\u00e9  n\u00b0 2024-00143  du 05 f\u00e9vrier  2024  fixant  la liste  annuelle  d'aptitude  du personnel  apte  \u00e0\nexercer  dans  le domaine  de la pr\u00e9vention  contre  les risques  d'incendie  et de panique  \u00e0 Paris  et dans\nles d\u00e9partements  des  Hauts-de-Seine,  de la Seine-Saint-Denis  et du Val-de-Marne  du 1\u00b0 janvier  au 31\nd\u00e9cembre  2024  ;\nVU l'arr\u00eat\u00e9  n\u00b0 2024-00564  du 02 mai  2024  modifiant  l'arr\u00eat\u00e9  n\u00b0 2024-00143  du 05 f\u00e9vrier  2024  fixant\nla liste  annuelle  d'aptitude  du personnel  apte  \u00e0 exercer  dans  le domaine  de la pr\u00e9vention  contre  les\nrisques  d'incendie  et de panique  \u00e0 Paris  et dans  les d\u00e9partements  des  Hauts-de-Seine,  de la Seine-\nSaint-Denis  et du Val-de-Marne  du 1\u00b0 janvier  au 31 d\u00e9cembre  2024  ;\nSUR  proposition  du g\u00e9n\u00e9ral  commandant  la brigade  de sapeurs-pompiers  de Paris,\nARRETE\nArticle  1\u00b0\nLa liste  nominative,  fix\u00e9e  par l'arr\u00eat\u00e9  n\u00b0 2024-00143  du 05 f\u00e9vrier  2024  susvis\u00e9,  est ainsi  modifi\u00e9e  :\ne Les noms  suivants  sont  retir\u00e9s  :\nNom  Pr\u00e9nom  Formation\nPr\u00e9ventionniste\nSOULIER  Jean-Yves  PRV3\nRecherche  des  circonstances  et causes  d'incendie\nROGER  Sylvain  RCCI\ne Les noms  suivants  sont  ajout\u00e9s  :\nNom  Pr\u00e9nom  Formation\nPr\u00e9ventionniste\nBLANCH  Jordi  PRV2\nDELOLME  Herv\u00e9  PRV2\nDE SENSI  Michel  PRV2\nDIARD  Boris  PRV2\nDORIN  Maria  PRV2\nEON  Joseph  PRV2\nEVRARD  S\u00e9bastien  PRV2\n\nGAUTHIER  Herv\u00e9  PRV2\nLUCAS  Aur\u00e9lien  PRV2\nOLIVIER  Cyril  PRV2\nPICAULT  Johann  PRV2\nTEDOLDI  T\u00e9o  PRV2\nVAULTRIN  Aldric  PRV2\nVIGNON  Amandine  PRV2\nVITTORI  Franck  PRV2\nRecherche  des circonstances  et causes  d'incendie  :\nBEAU  Freddy  RCCI\nDEBIZE  Christian  RCCI\nDE SAINT  EXUPERY  Guillaume  RCCI\nArticle  2\nLe g\u00e9n\u00e9ral  commandant  la brigade  de sapeurs-pompiers  de Paris  est charg\u00e9  de l'ex\u00e9cution  du\npr\u00e9sent  arr\u00eat\u00e9  qui sera  publi\u00e9  aux recueils  des actes  administratifs  des d\u00e9partements  de Paris,  des\nHauts-de-Seine,  de la Seine-Saint-Denis  et du Val-de-Marne.\nFait \u00e0 Paris,le  390 JUIL.  2024\nLe pr\u00e9fet  de police\n2024-01131a pr\u00e9f\u00e8te,  directrice  du cabinet\nMagali  CHARBONNEAU\n\n| 3 CABINET  DU PREFET\nPREFECTURE\nDE POLICE\nLibert\u00e9\nEgalit\u00e9\nFraternit\u00e9\nArr\u00e9t\u00e9  n\u00b0 2024-01  136\nportant  mesures  de police  applicables  \u00e0 l'occasion  des  \u00e9preuves  de marathon  des  Jeux\nOlympiques  le samedi  10 ao\u00fbt  2024  et le dimanche  11 ao\u00fbt  2024\nLe pr\u00e9fet  de police,\nVu le reglement  (CE)  n\u00b0 1272/2008  du Parlement  europ\u00e9en  et du Conseil  du 16 d\u00e9cembre\n2008  modifi\u00e9  relatif  \u00e0 la classification,  \u00e0 l'\u00e9tiquetage  et \u00e0 l'emballage  des  substances  et des\nm\u00e9langes  ;\nVu le code  de l'environnement,  notamment  le chapitre  VII du titre  V du livre  V;\nVu le code  g\u00e9n\u00e9ral  des  collectivit\u00e9s  territoriales,  notamment  ses articles  L. 2512-13  et L. 2512-\n14;\nVu le code  p\u00e9nal,  notamment  ses articles  132-75,  431-9,  431-9-1,  R.644-5  et R.644-5-1  ;\nVu le code  de proc\u00e9dure  p\u00e9nale,  notamment  ses articles  78-2-4,  78-2-5  et R.48-1;\nVu le code  de la s\u00e9curit\u00e9  int\u00e9rieure,  notamment  ses  articles  L. 122-1,  122-2,  L. 211-1  et\nL. 211-2;\nVu la loi n\u00b0 2023-380  du 19 mai  2023  relative  aux  jeux  Olympiques  et Paralympiques  de 2024\net portant  diverses  autres  dispositions,  notamment  son  article  14  ;\nVu le d\u00e9cret  n\u00b0 2004-374  du 29 avril  2004  modifi\u00e9  relatif  aux  pouvoirs  des  pr\u00e9fets,  a\nl'organisation  et \u00e0 l'action  des  services  de l'Etat  dans  les r\u00e9gions  et d\u00e9partements,\nnotamment  ses  articles  70, 72 et 73;\nVu le d\u00e9cret  n\u00b0 2023-1120  du 29 novembre  2023  modifiant  le d\u00e9cret  n\u00b0 2021-1397  du 27\noctobre  2021  portant  application  de l'article  L. 211-11-1  du code  de la s\u00e9curit\u00e9  int\u00e9rieure  aux\njeux  Olympiques  et Paralympiques  de 2024;\nVu le d\u00e9cret  n\u00b0 2024-107  du 14 f\u00e9vrier  2024  relatif  aux  comp\u00e9tences  du pr\u00e9fet  de police  et\na celles  du pr\u00e9fet  de police  des  Bouches-du-Rh\u00e9ne  pour  les jeux  Olympiques  et\nParalympiques  de 2024,  ainsi  qu'a  la comp\u00e9tence  territoriale  de certaines  directions  de la\npr\u00e9fecture  de police  ;\nVu le d\u00e9cret  du 20 juillet  2022  par lequel  M. Laurent  NUNEZ,  pr\u00e9fet,  coordonnateur  national\ndu renseignement  et de la lutte  contre  le terrorisme,  est nomm\u00e9  pr\u00e9fet  de police  (hors\nclasse)  ;\nConsid\u00e9rant  que,  en application  des  articles  L.122-1  du code  de s\u00e9curit\u00e9  int\u00e9rieure  et 72 du\nd\u00e9cret  du 29 avril  2004  susvis\u00e9,  le pr\u00e9fet  de police  a la charge  de l'ordre  public  \u00e0 Paris,\nnotamment  la pr\u00e9vention  des  atteintes  \u00e0 la s\u00e9curit\u00e9  des  personnes  et des  biens  ; qu'en  outre,\nen application  de l'article  1\u00b0' du d\u00e9cret  du 14 f\u00e9vrier  2024  susvis\u00e9,  le pr\u00e9fet  de police  exerce\n\ndans  les d\u00e9partements  des  Yvelines  et des  Hauts-de-Seine  les missions  de police\nadministrative  qui lui sont  d\u00e9volues  et celles  attribu\u00e9es  au repr\u00e9sentant  de l'Etat  dans  le\nd\u00e9partement  par  l'article  73 du d\u00e9cret  du 29 avril  2004  susvis\u00e9  du 1\u00b0 juillet  au 15 septembre\n2024,  notamment  la pr\u00e9vention  des  atteintes  \u00e0 la s\u00e9curit\u00e9  des  personnes  et des  biens;\nConsid\u00e9rant  que,  en application  de l'article  431-9-1  du code  p\u00e9nal,  le fait  pour  une  personne\nde dissimuler  volontairement  tout  ou partie  de son  visage  sans  motif  l\u00e9gitime  au sein,  ou aux\nabords  imm\u00e9diats,  d'une  manifestation  sur la voie  publique  au cours,  ou \u00e0 l'issue,  de laquelle\ndes  troubles  \u00e0 l'ordre  public  sont  commis  ou risquent  d'\u00eatre  commis  est puni  d'un  an\nd'emprisonnement  et de 15 000  \u20ac d'amende  ;\nConsid\u00e9rant  que  sont  punis  de l'amende  pr\u00e9vue  pour  les contraventions  de la 4e classe  la:\nviolation  des  interdictions  et le manquement  aux  obligations  \u00e9dict\u00e9es  par  arr\u00eat\u00e9s  pris  sur le\nfondement  des  pouvoirs  de police,  en application  de l'article  R. 644-5  du code  p\u00e9nal  relatif\n\u00e0 l'usage  des  artifices  de divertissement  sur la voie  publique  et le transport  de r\u00e9cipients\ncontenant  du carburant  \u00e0 l'occasion  d'\u00e9v\u00e9nements  comportant  des  risques  d'atteinte  \u00e0 la\ns\u00e9curit\u00e9  publique  et l'article  R. 644-5-1  du code  p\u00e9nal  qui  r\u00e8glemente  la pr\u00e9sence  et la\ncirculation  des  personnes  en certains  lieux  et \u00e0 certaines  heures  afin  de pr\u00e9venir  la\nr\u00e9it\u00e9ration  d'atteintes  graves  \u00e0 la s\u00e9curit\u00e9  publique  \u00e0 la suite  de ces  troubles  ; que  l'article\nR. 48-1  du code  de proc\u00e9dure  p\u00e9nale  rend  applicable  la proc\u00e9dure  de l'amende  forfaitaire\npour  les contraventions  pr\u00e9cit\u00e9es  ;\nConsid\u00e9rant  que,  en application  des  r\u00e9quisitions  \u00e9crites  du procureur  de la R\u00e9publique,  les\nofficiers  de police  judiciaire  et, sur l'ordre  et sous  la responsabilit\u00e9  de ceux-ci,  les agents  de\npolice  judiciaire,  sont  autoris\u00e9s  \u00e0 proc\u00e9der  sur les lieux  d'une  manifestation  et \u00e0 ses abords\nimm\u00e9diats  \u00e0 l'inspection  visuelle  et \u00e0 la fouille  des  bagages,  ainsi  qu'\u00e0  la visite  de v\u00e9hicules\ncirculant,  arr\u00eat\u00e9s  ou stationnant  sur la voie  publique,  conform\u00e9ment  \u00e0 l'article  78-2-5  du\ncode  de proc\u00e9dure  p\u00e9nale  ;\nConsid\u00e9rant  que  les Jeux  Olympiques  et Paralympiques  de Paris  2024,  qui  se d\u00e9rouleront  en\nFrance  du 26 juillet  au 8 septembre  2024,  ont  le caract\u00e8re  d'un  \u00e9v\u00e8nement  international\nhors  norme  aux  enjeux  de s\u00e9curit\u00e9  in\u00e9dits  ; que  les grands  \u00e9v\u00e8nements  sportifs,  compte  tenu\nde leur  exposition  m\u00e9diatique,  leur  concentration  de foules  et l'accueil  de personnalit\u00e9s\npubliques,  constituent  des  cibles  de choix  pour  des  actions  revendicatives  ; qu'il  existe  \u00e0\ncette  occasion,  dans  le cadre  du d\u00e9roulement  des  \u00e9preuves,  un risque  que  surviennent  des\nrassemblements  destin\u00e9s  \u00e0 troubler  l'ordre  public  ;\nConsid\u00e9rant  que  se d\u00e9rouleront  \u00e0 Paris  et dans  les d\u00e9partements  des  Yvelines  et des  Hauts-\nde-Seine  les \u00e9preuves  olympiques  de marathon  masculin  le samedi  10 ao\u00fbt  2024,  de\nmarathon  pour  tous  du samedi  10 ao\u00fbt  2024  au dimanche  11 ao\u00fbt  2024  et de marathon\nf\u00e9minin  le dimanche  11 ao\u00fbt  2024  ; que  les services  de police  et de gendarmerie  seront\nmobilis\u00e9s  d'une  mani\u00e8re  in\u00e9dite  \u00e0 Paris  et partout  en Ile-de-France  pendant  les Jeux\nOlympiques  de Paris  2024,  sans  pr\u00e9judice  de leurs  suj\u00e9tions  habituelles,  pour  la s\u00e9curisation\ndes  sites  olympiques,  institutionnels  ou gouvernementaux  sensibles  et des  autres\n\u00e9v\u00e8nements  de voie  publique  dans  un contexte  de menace  terroriste  \u00e9lev\u00e9e  ayant  conduit\nau rel\u00e8vement  du plan  VIGIPIRATE  au niveau  \u00ab Urgence  attentat  \u00bb depuis  le 24 mars  2024\nsur l'ensemble  du territoire  national  ;\nConsid\u00e9rant  enfin  qu'il  appartient  \u00e0 l'autorit\u00e9  de police  comp\u00e9tente  de concilier  l'exercice\ndu droit  de manifester  avec  les imp\u00e9ratifs  de l'ordre  public  ; que,  dans  ce cadre,  elle  se doit\nde prendre  les mesures  de nature  \u00e0 pr\u00e9venir,  outre  les infractions  \u00e0 la loi p\u00e9nale,  les troubles\n\u00e0 l'ordre  public  \u00e0 partir  de l'appr\u00e9ciation  qu'elle  fait  du risque  qu'ils  surviennent  ; que  r\u00e9pond\n\u00e0 ces  objectifs  une  mesure  qui d\u00e9finit  un p\u00e9rim\u00e8tre  dans  lequel  des  restrictions  sont  mises\nen \u0153uvre,  notamment  \u00e0 l'\u00e9gard  de rassemblements  pr\u00e9sentant  des  risques  de troubles\ngraves  \u00e0 l'ordre  public  afin  de garantir  la s\u00e9curit\u00e9  des  personnes  et des  biens  ;\n2024-01136  | \u00c0\n\n2024-01136ARRETE\nTITRE  PREMIER\nMESURES  INTERDISANT  TOUT  RASSEMBLEMENT  NON  DECLARE  AUTOUR  DU PARCOURS  DES  EPREUVES\nOLYMPIQUES  DE MARATHON\nArticle  1* \u2014 La pr\u00e9sence  et la circulation  des  personnes  participant  \u00e0 des  cort\u00e8ges,  d\u00e9fil\u00e9s  et\nrassemblements  non  d\u00e9clar\u00e9s  dans  les conditions  fix\u00e9es  par  la loi sont  interdits  \u00e0 Paris  et\ndans  les d\u00e9partements  des  Yvelines  et des  Hauts-de-Seine  dans  le p\u00e9rim\u00e8tre  rouge  et\nd\u00e9limit\u00e9  selon  la cartographie  en annexe,  aux jours  et horaires  suivants  :\n- le samedi  10 ao\u00fbt  2024  de 05h00  \u00e0 14h00  ;\n- du samedi  10 ao\u00fbt  2024  \u00e0 18h00  au dimanche  11 ao\u00fbt  2024  \u00e0 14h00.\nTITRE  II\nMESURES  DE POLICE  APPLICABLES  AUX  ABORDS  ET AU  SEIN  DES  CORTEGES,  DEFILES  ET RASSEMBLEMENTS\nAU  SEIN  DU  PERIMETRE\nArticle  2 - Dans  le p\u00e9rim\u00e8tre  institu\u00e9  par  l'article  1\u00b0 et durant  la p\u00e9riode  mentionn\u00e9e  par  ce\nm\u00eame  article  sont  interdits  aux  abords  et au sein  des  cort\u00e8ges,  d\u00e9fil\u00e9s  et rassemblements  le\nport  et le transport  par  des  particuliers,  sans  motif  l\u00e9gitime  :\n- d'armes  par  nature  et de tous  objets  susceptibles  de constituer  une  arme  au sens  de\nl'article  132-75  du code  p\u00e9nal;\n-__ d'artifices  de divertissement  et d'articles  pyrotechniques  ;\n- dans  des  conteneurs  individuels,  de substances  ou de m\u00e9langes  dangereux,\ninflammables  ou corrosifs,  au sens  du r\u00e8glement  (CE)  n\u00b0 1272/2008  du Parlement\neurop\u00e9en  et du Conseil  du 16 d\u00e9cembre  2008  susvis\u00e9,  tels  que  l'essence,  le p\u00e9trole,  le\ngaz,  l'alcool  \u00e0 br\u00fbler,  le m\u00e9thanol,  la t\u00e9r\u00e9benthine,  les solvants  ;\n- d'\u00e9quipements  de protection  destin\u00e9s  \u00e0 mettre  en \u00e9chec  tout  ou partie  des  moyens\nutilis\u00e9s  par  les repr\u00e9sentants  de la force  publique  pour  le maintien  de l'ordre  public.\nTITRE  Ill\nDISPOSITIONS  FINALES\nArticle  3 - Les repr\u00e9sentants  sur place  de l'autorit\u00e9  de police  sont  autoris\u00e9s  \u00e0 prendre  des\nmesures  compl\u00e9mentaires  \u00e0 celles  fix\u00e9es  par  le pr\u00e9sent  arr\u00eat\u00e9,  en fonction  de l'\u00e9volution  de\nla situation  et lorsque  les circonstances  l'exigent.\nArticle  4 \u2014 Le pr\u00e9fet  des  Yvelines,  le pr\u00e9fet  des  Hauts-de-Seine,  la pr\u00e9f\u00e8te,  directrice  du cabinet  du\npr\u00e9fet  de police,  le directeur  de l'ordre  public  et de la circulation  et la directrice  de la s\u00e9curit\u00e9  de\nproximit\u00e9  de l'agglom\u00e9ration  parisienne  sont  charg\u00e9s,  chacun  en ce qui le concerne,  de l'ex\u00e9cution\ndu pr\u00e9sent  arr\u00eat\u00e9  qui sera  publi\u00e9  au recueil  des  actes  administratifs  des  d\u00e9partements  de Paris,  des\npr\u00e9fectures  des  Yvelines  et des  Hauts-de-Seine,  consultable  sur le site  internet  de la pr\u00e9fecture  de\npolice  (https://www.prefecturedepolice.interieur.gouv.fr)  et transmis  aux  procureurs  de la\nR\u00e9publique  pr\u00e8s  les tribunaux  judiciaires  de Paris,  de Versailles  et de Nanterre.\nLaurent  NUNEZFait  \u00e0 Paris,  le 3 { JUIL.  2994\n\nAnnexe  de I'arr\u00e9t\u00e9n\u00ae  2024-01136  du 31 JUIL. 2024\nVOIES  ET DELAIS  DE RECOURS\nSi vous  estimez  devoir  contester  le pr\u00e9sent  arr\u00e9t\u00e9,  il vous  est possible,  dans  un\nd\u00e9lai  de deux  mois  a compter  de la date  de son  affichage  ou de sa publication  au recueil  des\nactes  administratifs  du d\u00e9partement  de Paris  :\n- soit  de saisir  d'un  RECOURS  GRACIEUX\nle Pr\u00e9fet  de Police\n719,  boulevard  du Palais  - 75195  PARIS  RP\n- ou de former  un RECOURS  HIERARCHIQUE\naupr\u00e8s  du Ministre  de l'int\u00e9rieur\nDirection  des  libert\u00e9s  publiques  et des  affaires  juridiques\nplace  Beauvau  - 75008  PARIS\n- Soit  de saisir  d'un  RECOURS  CONTENTIEUX\nle Tribunal  administratif  comp\u00e9tent\nAucune  de ces  voies  et recours  ne suspend  l'application  de la pr\u00e9sente  d\u00e9cision.\nLes  recours  GRACIEUX  et HIERARCHIQUE  doivent  \u00eatre  \u00e9crits,  exposer  les\narguments  ou faits  nouveaux  et comprendre  la copie  de l'arr\u00eat\u00e9  contest\u00e9.\nLe recours  CONTENTIEUX,  qui  vise  \u00e0 contester  la LEGALITE  de la pr\u00e9sente\nd\u00e9cision,  doit  \u00e9galement  \u00eatre  \u00e9crit  et exposer  votre  argumentation  juridique.\nSi vous  n'aviez  pas  de r\u00e9ponse  \u00e0 votre  recours  GRACIEUX  ou HIERARCHIQUE  dans\nun d\u00e9lai  de deux  mois  \u00e0 compter  de la r\u00e9ception  de votre  recours  par l'administration,  votre\ndemande  devra  \u00eatre  consid\u00e9r\u00e9e  comme  rejet\u00e9e  (d\u00e9cision  implicite  de rejet).\nEn cas  de rejet  des  recours  GRACIEUX  ou HIERARCHIQUE,  le Tribunal\nadministratif  peut  \u00eatre  saisi  d'un  recours  contentieux  dans  le d\u00e9lai  de deux  mois  \u00e0 compter\nde la date  de la d\u00e9cision  de rejet.\n\na2uei4 2p-2[] ANA | UOYZEIeEW$z0z sdwaquiud ne os Co Tr \u00ff fe. #4Sinyoano 'anbugwnu awsoj-axejd 115 . am , ={URAISUI,S Ua sajqissod suONeZOIag . Aes fanbuoudiipg csssssnssuonoduwuos ap sas Eeepyuawa/as asisoqow 5229Y iyAHP1QUI asiiojow 5922Y uyOf yb L OOYVe Sno} 4nod noypeaiop]OSyvv 2 Ooys store} ganaidgSVYVV 8 O0ys sormmoy aanaddgA ne aA sanlyebalgo mateouely ap +A ajeuoneu anbauoiiqig....\n.\"ses \"\u00a9\"te\nbat)ee Pa.\nM\nLe\n2024-01136\n\nET PRE BS  CABINET  DU  PREFET\nPREFECTURE\nDE POLICE\nLibert\u00e9\n\u00c9galit\u00e9\nFraternit\u00e9\nParis, le 3 1 JUIL, 2024\nARR\u00caT\u00c9  N\u00b0 2024-01  1 37\nmodifiant  provisoirement  le stationnement\ndans  plusieurs  voies  \u00e0 Paris  Centre,  Paris  8\u00b0\",  Paris  10\u00e8\"\u00b0,  Paris  12\u00b0,  Paris  14\u00e8\"e,  Paris\n15\u00e8\"e,  Paris  18\u00e8\"\u00b0,  Paris  19\u00e8\"\u00b0  et \u00e0 Nanterre\nLE PREFET  DE POLICE,\nVu le code  g\u00e9n\u00e9ral  des  collectivit\u00e9s  territoriales,  notamment  ses articles\nL. 2512-13  et L. 2512-14  ;\nVu le code  de la route,  notamment  ses articles  L. 325-1  \u00e0 L. 325-3,  R. 411-8  et\nR. 411-25  ;\nVu le code  de la s\u00e9curit\u00e9  int\u00e9rieure  et notamment  ses articles  L. 122-1  et R*122-53  ;\nVu l'ordonnance  n\u00b02019-207  du 20 mars  2019  modifi\u00e9e  relative  aux  voies  r\u00e9serv\u00e9es\net a la police  de la circulation  pour  les Jeux  Olympiques  et Paralympiques  de 2024,\nratifi\u00e9e  par  la loi n\u00b02019-812  du 1\u00b0 ao\u00fbt  2019  ;\nVu le d\u00e9cret  n\u00b0 2004-374  du 29 avril  2004  modifi\u00e9  relatif  aux  pouvoirs  des  pr\u00e9fets,\na l'organisation  et \u00e0 l'action  des  services  de l'Etat  dans  les r\u00e9gions  et d\u00e9partements,\nnotamment  son  article  72;\nVu le d\u00e9cret  n\u00b0 2024-107  du 14 f\u00e9vrier  2024  relatif  aux  comp\u00e9tences  du pr\u00e9fet  de\npolice  et \u00e0 celles  du pr\u00e9fet  de police  des  Bouches-du-Rh\u00f4ne  pour  les jeux  Olympiques  et\nParalympiques  de 2024,  ainsi  qu'a  la comp\u00e9tence  territoriale  de certaines  directions  de la\npr\u00e9fecture  de police;\nVU l'arr\u00eat\u00e9  n\u00b02024-00894  du 2 juillet  2024  r\u00e9glementant  la circulation,  le\nstationnement  et les permis  de stationnement  sur les voies  r\u00e9serv\u00e9es,  les voies  de\nd\u00e9lestage  et les voies  concourantes  parisiennes  ;\nConsid\u00e9rant  l'organisation  des  Jeux  de la XXXIll\u00e8me  Olympiade,  \u00e9galement\nd\u00e9sign\u00e9s  Jeux  Olympiques  et Paralympiques  de 2024,  notamment  a Paris  respectivement\ndu 26 juillet  au 11 ao\u00fbt  2024  et du 28 ao\u00fbt  au 8 septembre  2024;\nConsid\u00e9rant  la n\u00e9cessit\u00e9  de permettre  le stationnement  des  v\u00e9hicules  mobilis\u00e9s\npour  assurer  la s\u00e9curit\u00e9  des Jeux  Olympiques  et Paralympiques  de 2024  et ceux  d\u00e9s\norganisateurs  pour  assurer  le bon  d\u00e9roulement  de ces  \u00e9v\u00e9nements  ;\nSur  proposition  de la pr\u00e9f\u00e8te,  directrice  du cabinet  :Imp. DILT 99168 T 12/2\n\nARRETE:\nArticle  1\u00b0\nLe stationnement  de tout  type  de v\u00e9hicule  est interdit  dans  les voies  et portions  de\nvoies  sur les p\u00e9riodes  indiqu\u00e9es  dans  les tableaux  joints  en annexes  2 et 3.\nArticle  2\nLes dispositions  du pr\u00e9sent  arr\u00eat\u00e9  ne sont  pas applicables  aux  v\u00e9hicules  d'int\u00e9r\u00eat\ng\u00e9n\u00e9ral  prioritaires  au sens  des  dispositions  de l'article  R. 311-1  6.5 du code  de la route  et\naux  organisateurs  des  Jeux  Olympiques  et Paralympiques  de 2024.\nArticle  3\nSans  pr\u00e9judice  des  sanctions  p\u00e9nales  auxquelles  s'exposent  les personnes  en\ninfraction  avec  les dispositions  du pr\u00e9sent  arr\u00eat\u00e9,  les v\u00e9hicules  ayant  servi  \u00e0 commettre\nces  infractions  peuvent  \u00eatre  immobilis\u00e9s  et mis  en fourri\u00e8re  dans  les conditions  pr\u00e9vues\naux  articles  L. 325-1  \u00e0 L. 325-3  du code  de la route.\nArticle  4\n- Le pr\u00e9fet  des  Hauts-de-Seine,  le directeur  de l'ordre  public  et de la circulation,  la\ndirectrice  de la s\u00e9curit\u00e9  de proximit\u00e9  de l'agglom\u00e9ration  parisienne  de la Pr\u00e9fecture  de\nPolice,  le directeur  de la voirie  et des  d\u00e9placements,  le directeur  de la police  municipale\net de la pr\u00e9vention  de la Ville  de Paris  sont  charg\u00e9s,  chacun  en ce qui le concerne,  de\nl'ex\u00e9cution  du pr\u00e9sent  arr\u00eat\u00e9,  consultable  sur le site  de la pr\u00e9fecture  de Police  :\nwww.prefecturedepolice.interieur.gouv.fr.  Il sera  publi\u00e9  au recueil  des  actes\nadministratifs  de la pr\u00e9fecture  de Police  et de la pr\u00e9fecture  des  Hauts-de-Seine  et sera\naffich\u00e9  aux  portes  de la pr\u00e9fecture  de police  (1 rue  de Lut\u00e8ce)  et de la mairie  de\nNanterre.  Ces  mesures  prendront  effet  apr\u00e8s  leur  affichage  et d\u00e8s  la mise  en place  de la\nsignalisation  correspondante.\nPo RAS  police,\nLa sOls-pr\u00e9f\u00e9te,nte fi atin\n\"Elise  LAVIELLE\n\n2024-01137Annexe  1 \u00e0 l'arr\u00eat\u00e9  n\u00b0du 3 JUIL. 20%\nVOIES  ET DELAIS  DE RECOURS.\nSi vous  estimez  devoir  contester  la pr\u00e9sente  d\u00e9cision,  il vous  est possible,  dans\nun d\u00e9lai  de deux  mois  \u00e0 compter  de la date  de son  affichage  :\n- soit  de saisir  d'un  RECOURS  GRACIEUX\nle Pr\u00e9fet  de Police\n719,  boulevard  du Palais  - 75195  PARIS  RP\n- ou de former  un RECOURS  HIERARCHIQUE\naupr\u00e8s  du Ministre  de l'int\u00e9rieur  et des  Outre-Mers\nDirection  des  libert\u00e9s  publiques  et des  affaires  juridiques\nplace  Beauvau  - 75008  PARIS\n- soit  de saisir  d'un  RECOURS  CONTENTIEUX\nle Tribunal  administratif  comp\u00e9tent\nAucune  de ces  voies  et recours  ne suspend  l'application  de la pr\u00e9sente\nd\u00e9cision.\nLes  recours  GRACIEUX  et HIERARCHIQUE  doivent  \u00eatre  \u00e9crits,  exposer  les\narguments  ou faits  nouveaux  et comprendre  la copie  de la d\u00e9cision  contest\u00e9e.\nLe recours  contentieux,  qui  vise  \u00e0 contester  la LEGALITE  de la pr\u00e9sente\nd\u00e9cision,  doit  \u00e9galement  \u00eatre  \u00e9crit  et exposer  votre  argumentation  juridique.\nSi vous  n'aviez  pas  de r\u00e9ponse  \u00e0 votre  recours  GRACIEUX  ou HIERARCHIQUE\ndans  un d\u00e9lai  de deux  mois  \u00e0 compter  de la r\u00e9ception  de votre  recours  par\nl'administration,  votre  demande  devra  \u00eatre  consid\u00e9r\u00e9e  comme  rejet\u00e9e  (d\u00e9cision\nimplicite  de rejet).  |\nEn cas  de rejet  des  RECOURS  GRACIEUX  ou HIERARCHIQUE,  le Tribunal\nadministratif  peut  \u00eatre  saisi  d'un  recours  contentieux  dans  le d\u00e9lai  de deux  mois  \u00e0\ncompter  de la date  de la d\u00e9cision  de rejet.\n\nAnnexe  2 \u00e0 l'arr\u00eat\u00e9  n\u00b0\nParis:a ies suivantes ions  de vo ies et port t sur les vo ionnemen du stat iction Interdvz0z/60/TT 9202/80/bT dled noueD ujualoD anuane 87 nowe> uljUaJoD onuane gz 6T SUEdz0Z/60/TT z0z/80/vT Jedul noue) U1}U2107 2NUSAE TZ nolJe] U1U2107 snuane ET 6T Sed20/80/62 9202/80/11 dyeduy| saunef uear anuane 6ST Sguney Ueoy OnUOAe EST 61 Sed2072/80/62 v7Z07/80/TT Jedu] neoyueW 9Ssedui 6 nesyuen assedwi T ST SuedZ02/60/TT vz0z/80/92 Jedu] SWojoyUeg Yaqiy enuane (92e/d e] sp 1n0]) \u20ac gwojoyueg Yeq|y anuane (ade\\d ap 1n0]) \u20ac ST Sledv202/60/TT 9207/80/92 died aule|d | 9p aod e| ap anuane O7 eule|d e| ap ayod e| ap anuane Z ST Suedz0c/60/TT z02/80/92 Jedu] eule[d e| ap auod e| 2p anuane TT eulejd e| ap syod e| ap esnuane T ST Sedv207/60/TT 2027/80/92 dyeduy] a]jauasd ap lenb T9 218919 ap lenb Ey ST Suedv202/60/2T \u00a5207/80/92 died PI pApuy andy PIO pipuy en Z ST SedvZ07/60/TT 7207/80/92 $9399 xnap saq nelouz ani zs nelewy ond 67 ST Sedv20z/60/TT v20z/80/92 died puesasso] puowAey and OEZ puesasso7] puowAey sn OT PT Suedvz02/60/2T 7207/80/92 dyeduy| JUIND pie\u00f1pz psengjnog TT JeUIND pPseBpy psenainog \u00a2 pT suedve0z/60/2T 207 /80/vT dled UOJPUIEN aAjoddiq ani s1q OZ UOpIeN ayjoddiq ani 07 DT Sled+tOT/60/CT vc02/80/rT s1eduu uospulew ayAjoddiy and TE uospuleW a3Ajoddiy anu 7 vT SWed7207/80/62 v202z/80/TT $9199 xnap saq sanboes jules psens|nog 9 sanboer jules puenainog LT pT Sued20/80/62 v202/80/TT $9199 xnap sa sjueqe> ani OT senboef-jules plena|nog T \u0178T Sued2072/80/62 \u00a2202/80/TT $9199 xnap saq UEPINOF PERS |NOQ 88 UBpiNnOf PIEASINOQ T \u0178T Suedvz0z/60/2T 7207/80/92 died Janey SOUNEN SNUSAE OT IAEY S2UNEN anuane 7 TI SuedvZ0Z/80/62 ~Z02Z/80/TT dled 2191191211 NI OT 2J9ISIOAEIL BNI T TI Sed2072/80/62 7207 /80/TT dyeduy| JONIIA ON TE JOIIILA and Z TT Sued2072/80/62 Z02/80/TT died uopue] neayeyd Np 23n0J OT : uopue neayeyd np 8n017 OT Suedpe0c/80/62 v207/80/TT dyeduy UOJJEUT 911814 8nd ES UOJIEUT 811814 aNd / 8 Sed9207/80/62 7207 /80/TT J1Ed 2h908 e] ap aNd ZTT 2h908 e| ap and 86 8 Sedvroz/80/67 v207/80/TT 11ed AUESS10J7 Np and HT aJUeWIUOW ap ANd OPTjuewauuolje]s Ul} Bp 2}eGjuowiauuoije}sinqep ap 2Jeq(,U Dene) jueweuuonejs ap auoz e| ap Ingap np assaipy21}U27 Segjuawassipuouy\n\n224 3IL11 Ju a) 1424-020Oo'arr\u00eat\u00e9  n\u00b04Annexe  3 \u00e0 |juawauuone)s Auauauuone]s (,U Jane) juowsuuones (,u 2aAe) uowsauuonesui} ap ajeg inqap ap ajeq 910) ap oU0ze] ap ulj e] ap assaupy ap auoz E| ap jngap np assaupy aunwwo) jeysod apo>Interdiction  du stationnement  sur les voies  et portions  de voies  suivantes  a Nanterre:\n\nE 3 | CABINET  DU PREFET\nPR\u00c9FECTURE  CD\nDE POLICE  \u00a3\nLibert\u00e9\n\u00c9galit\u00e9\nFraternit\u00e9\nArr\u00eat\u00e9  n\u00b0 2024-01138\nportant  mesures  de police  applicables  \u00e0 l'occasion  de la course  en ligne  masculine  de\ncyclisme  sur route  des  Jeux  Olympiques  le samedi  3 ao\u00fbt  2024\nLe pr\u00e9fet  de police,\nVu le r\u00e8glement  (CE)  n\u00b0 1272/2008  du Parlement  europ\u00e9en  et du Conseil  du 16 d\u00e9cembre\n2008  modifi\u00e9  relatif  \u00e0 la classification,  \u00e0 l'\u00e9tiquetage  et \u00e0 l'emballage  des  substances  et des\nm\u00e9langes  ;\nVu le code  de l'environnement,  notamment  le chapitre  VII du titre  V du livre  V;\nVu le code  g\u00e9n\u00e9ral  des  collectivit\u00e9s  territoriales,  notamment  ses articles  L. 2512-13  et L. 2512-\n14;\nVu le code  p\u00e9nal,  notamment  ses articles  132-75,  431-9,  431-9-1,  R.644-5  et R.644-5-1;\nVu le code  de proc\u00e9dure  p\u00e9nale,  notamment  ses articles  78-2-4,  78-2-5  et R.48-1;\nVu le code  de la s\u00e9curit\u00e9  int\u00e9rieure,  notamment  ses articles  L. 122-1,  122-2,  L. 211-1  et\nL. 211-2;\nVu la loi n\u00b0 2023-380  du 19 mai  2023  relative  aux jeux  Olympiques  et Paralympiques  de 2024\net portant  diverses  autres  dispositions,  notamment  son  article  14  ;\nVu le d\u00e9cret  n\u00b0 2004-374  du 29 avril  2004  modifi\u00e9  relatif  aux  pouvoirs  des  pr\u00e9fets,  a\nl'organisation  et \u00e0 l'action  des  services  de l'Etat  dans  les r\u00e9gions  et d\u00e9partements,\nnotamment  ses  articles  70, 72 et 73;\nVu le d\u00e9cret  n\u00b0 2023-1120  du 29 novembre  2023  modifiant  le d\u00e9cret  n\u00b0 2021-1397  du 27\noctobre  2021  portant  application  de l'article  L. 211-11-1  du code  de la s\u00e9curit\u00e9  int\u00e9rieure  aux\njeux  Olympiques  et Paralympiques  de 2024;\nVu le d\u00e9cret  n\u00b0 2024-107  du 14 f\u00e9vrier  2024  relatif  aux  comp\u00e9tences  du pr\u00e9fet  de police  et\na celles  du pr\u00e9fet  de police  des  Bouches-du-Rh\u00f4ne  pour  les jeux  Olympiques  et\nParalympiques  de 2024,  ainsi  qu'a  la comp\u00e9tence  territoriale  de certaines  directions  de la\npr\u00e9fecture  de police  ;\nVu le d\u00e9cret  du 20 juillet  2022  par lequel  M. Laurent  NUNEZ,  pr\u00e9fet,  coordonnateur  national\ndu renseignement  et de la lutte  contre  le terrorisme,  est nomm\u00e9  pr\u00e9fet  de police  (hors\nclasse)  ;\nConsid\u00e9rant  que,  en application  des  articles  L.122-1  du code  de s\u00e9curit\u00e9  int\u00e9rieure  et 72 du\nd\u00e9cret  du 29 avril  2004  susvis\u00e9,  le pr\u00e9fet  de police  a la charge  de l'ordre  public  \u00e0 Paris,\nnotamment  la pr\u00e9vention  des  atteintes  \u00e0 la s\u00e9curit\u00e9  des  personnes  et des  biens  ; qu'en  outre,\nen application  de l'article  1\u00b0 du d\u00e9cret  du 14 f\u00e9vrier  2024  susvis\u00e9,  le pr\u00e9fet  de police  exerce\n\ndans  les d\u00e9partements  des  Hauts-de-Seine,  des  Yvelines.  et de l'Essonne  les missions  de\npolice  administrative  qui lui sont  d\u00e9volues  et celles  attribu\u00e9es  au repr\u00e9sentant  de l'Etat  dans\nle d\u00e9partement  par  l'article  73 du d\u00e9cret  du 29 avril  2004  susvis\u00e9  du 1\u00b0 juillet  au 15\nseptembre  2024,  notamment  la pr\u00e9vention  des  atteintes  a la s\u00e9curit\u00e9  des  personnes  et des\nbiens  ;\nConsid\u00e9rant  que,  en application  de l'article  431-9-1  du code  p\u00e9nal,  le fait  pour  une  personne\nde dissimuler  volontairement  tout  ou partie  de son  visage  sans  motif  l\u00e9gitime  au sein,  ou aux\nabords  imm\u00e9diats,  d'une  manifestation  sur la voie  publique  au cours,  ou \u00e0 l'issue,  de laquelle\ndes  troubles  \u00e0 l'ordre  public  sont  commis  ou risquent  d'\u00eatre  commis  est puni  d'un  an\nd'emprisonnement  et de 15 000  \u20ac d'amende  ;\nConsid\u00e9rant  que  sont  punis  de l'amende  pr\u00e9vue  pour  les contraventions  de la 4e classe  la\nviolation  des  interdictions  et le manquement  aux  obligations  \u00e9dict\u00e9es  par  arr\u00eat\u00e9s  pris  sur le\nfondement  des  pouvoirs  de police,  en application  de l'article  R. 644-5  du code  p\u00e9nal  relatif\n\u00e0 l'usage  des  artifices  de divertissement  sur la voie  publique  et le transport  de r\u00e9cipients\ncontenant  du carburant  \u00e0 l'occasion  d'\u00e9v\u00e9nements  comportant  des  risques  d'atteinte  \u00e0 la\ns\u00e9curit\u00e9  publique  et l'article  R. 644-5-1  du code  p\u00e9nal  qui r\u00e8glemente  la pr\u00e9sence  et la\ncirculation  des  personnes  en certains  lieux  et \u00e0 certaines  heures  afin  de pr\u00e9venir  la\nr\u00e9it\u00e9ration  d'atteintes  graves  \u00e0 la s\u00e9curit\u00e9  publique  \u00e0 la suite  de ces  troubles  ; que  l'article\nR. 48-1  du code  de proc\u00e9dure  p\u00e9nale  rend  applicable  la proc\u00e9dure  de l'amende  forfaitaire\npour  les contraventions  pr\u00e9cit\u00e9es  ;\nConsid\u00e9rant  que,  en application  des  r\u00e9quisitions  \u00e9crites  du procureur  de la R\u00e9publique,  les\nofficiers  de police  judiciaire  et, sur l'ordre  et sous  la responsabilit\u00e9  de ceux-ci,  les agents  de\npolice  judiciaire,  sont  autoris\u00e9s  \u00e0 proc\u00e9der  sur les lieux  d'une  manifestation  et \u00e0 ses abords\nimm\u00e9diats  \u00e0 l'inspection  visuelle  et \u00e0 la fouille  des  bagages,  ainsi  qu'\u00e0  la visite  de v\u00e9hicules\ncirculant,  arr\u00eat\u00e9s  ou stationnant  sur la voie  publique,  conform\u00e9ment  \u00e0 l'article  78-2-5  du\ncode  de proc\u00e9dure  p\u00e9nale  ;\nConsid\u00e9rant  que  les Jeux  Olympiques  et Paralympiques  de Paris  2024,  qui se d\u00e9rouleront  en\nFrance  du 26 juillet  au 8 septembre  2024,  ont  le caract\u00e8re  d'un  \u00e9v\u00e8nement  international\nhors  norme  aux  enjeux  de s\u00e9curit\u00e9  in\u00e9dits  ; que  les grands  \u00e9v\u00e8nements  sportifs,  compte  tenu\nde leur  exposition  m\u00e9diatique,  leur  concentration  de foules  et l'accueil  de personnalit\u00e9s\npubliques,  constituent  des  cibles  de choix  pour  des  actions  revendicatives  ; qu'il  existe  \u00e0\ncette  occasion,  dans  le cadre  du d\u00e9roulement  des  \u00e9preuves,  un risque  que  surviennent  des\nrassemblements  destin\u00e9s  \u00e0 troubler  l'ordre  public  ;\nConsid\u00e9rant  que  se d\u00e9rouleront  \u00e0 Paris  et dans  les d\u00e9partements  des  Yvelines,  des  Hauts-\nde-Seine  et de l'Essonne  l'\u00e9preuve  olympique  de la course  en ligne  masculine  de cyclisme\nsur route  le samedi  3 ao\u00fbt  2024  ; que  les services  de police  et de gendarmerie  seront\nmobilis\u00e9s  d'une  mani\u00e8re  in\u00e9dite  \u00e0 Paris  et partout  en Ile-de-France  pendant  les Jeux\nOlympiques  de Paris  2024,  sans  pr\u00e9judice  de leurs  suj\u00e9tions  habituelles,  pour  la s\u00e9curisation\ndes  sites  olympiques,  institutionnels  ou gouvernementaux  sensibles  et des  autres\n\u00e9v\u00e8nements  de voie  publique  dans  un contexte  de menace  terroriste  \u00e9lev\u00e9e  ayant  conduit\nau rel\u00e8vement  du plan  VIGIPIRATE  au niveau  \u00ab Urgence  attentat  \u00bb depuis  le 24 mars  2024\nsur l'ensemble  du territoire  national  ;\nConsid\u00e9rant  enfin  qu'il  appartient  \u00e0 l'autorit\u00e9  de police  comp\u00e9tente  de concilier  l'exercice\ndu droit  de manifester  avec  les imp\u00e9ratifs  de l'ordre  public  ; que,  dans  ce cadre,  elle  se doit\nde prendre  les mesures  de nature  \u00e0 pr\u00e9venir,  outre  les infractions  \u00e0 la loi p\u00e9nale,  les troubles\n\u00e0 l'ordre  public  \u00e0 partir  de l'appr\u00e9ciation  qu'elle  fait  du risque  qu'ils  surviennent  ; que  r\u00e9pond\n\u00e0 ces  objectifs  une  mesure  qui d\u00e9finit  un p\u00e9rim\u00e8tre  dans  lequel  des  restrictions  sont  mises\nen \u0153uvre,  notamment  \u00e0 l'\u00e9gard  de rassemblements  pr\u00e9sentant  des  risques  de troubles\ngraves  \u00e0 l'ordre  public  afin  de garantir  la s\u00e9curit\u00e9  des  personnes  et des  biens;\n2024-01138  2\n\nARRETE\n. TITRE  PREMIER\nMESURES  INTERDISANT  TOUT  RASSEMBLEMENT  NON  DECLARE  AUTOUR  DU  PARCOURS  DE L'EPREUVE\nOLYMPIQUE  DE LA COURSE  EN LIGNE  MASCULINE  DE CYCLISME  SUR  ROUTE\nArticle  1\u00b0\" \u2014 La pr\u00e9sence  et la circulation  des  personnes  participant  \u00e0 des  cort\u00e8ges,  d\u00e9fil\u00e9s  et\nrassemblements  non  d\u00e9clar\u00e9s  dans  les conditions  fix\u00e9es  par  la loi sont  interdits  \u00e0 Paris  et\ndans  les d\u00e9partements  des  Yvelines,  des  Hauts-de-Seine  et de l'Essonne  dans  le p\u00e9rim\u00e8tre\nrouge  et d\u00e9limit\u00e9  selon  la cartographie  en annexe,  le samedi  3 ao\u00fbt  2024  de 08h00  \u00e0 20h30.\nTITRE  II\nMESURES  DE POLICE  APPLICABLES  AUX  ABORDS  ET AU  SEIN  DES  CORTEGES,  DEFILES  ET RASSEMBLEMENTS\nAU  SEIN  DU  PERIMETRE\nArticle  2 - Dans  le p\u00e9rim\u00e8tre  institu\u00e9  par  l'article  1\u00b0 et durant  la p\u00e9riode  mentionn\u00e9e  par  ce\nm\u00eame  article  sont  interdits  aux  abords  et au sein  des  cort\u00e8ges,  d\u00e9fil\u00e9s  et rassemblements  le\nport  et le transport  par  des  particuliers,  sans  motif  l\u00e9gitime  :\n- d'armes  par  nature  et de tous  objets  susceptibles  de constituer  une  arme  au sens  de\nl'article  132-75  du code  p\u00e9nal  ;\n-__ d'artifices  de divertissement  et d'articles  pyrotechniques  ;\n- dans  des  conteneurs  individuels,  de substances  ou de m\u00e9langes  dangereux,\ninflammables  ou corrosifs,  au sens  du r\u00e9glement  (CE)  n\u00b0 1272/2008  du Parlement\neurop\u00e9en  et du Conseil  du 16 d\u00e9cembre  2008  susvis\u00e9,  tels  que  l'essence,  le p\u00e9trole,  le\ngaz,  l'alcool  \u00e0 br\u00fbler,  le m\u00e9thanol,  la t\u00e9r\u00e9benthine,  les solvants  ;\n- d'\u00e9quipements  de protection  destin\u00e9s  \u00e0 mettre  en \u00e9chec  tout  ou partie  des  moyens\nutilis\u00e9s  par  les repr\u00e9sentants  de la force  publique  pour  le maintien  de l'ordre  public.\nTITRE  III\nDISPOSITIONS  FINALES\nArticle  3 - Les repr\u00e9sentants  sur place  de l'autorit\u00e9  de police  sont  autoris\u00e9s  \u00e0 prendre  des\nmesures  compl\u00e9mentaires  \u00e0 celles  fix\u00e9es  par  le pr\u00e9sent  arr\u00eat\u00e9,  en fonction  de l'\u00e9volution  de\nla situation  et lorsque  les circonstances  l'exigent.\nArticle  4 - La pr\u00e9f\u00e8te  de l'Essonne,  le pr\u00e9fet  des  Yvelines,  le pr\u00e9fet  des  Hauts-de-Seine,  la\npr\u00e9f\u00e8te,  directrice  du cabinet  du pr\u00e9fet  de police,  le directeur  de l'ordre  public  et de la\ncirculation  et la directrice  de la s\u00e9curit\u00e9  de proximit\u00e9  de l'agglom\u00e9ration  parisienne  sont\ncharg\u00e9s,  chacun  en ce qui le concerne,  de l'ex\u00e9cution  du pr\u00e9sent  arr\u00eat\u00e9  qui sera  publi\u00e9  aux\nrecueils  des  actes  administratifs  du d\u00e9partement  de Paris,  des  pr\u00e9fectures  des  Yvelines,  des\nHauts-de-Seine  et de l'Essonne,  consultable  sur le site  internet  de la pr\u00e9fecture  de police\n(https://www.prefecturedepolice.interieur.gouv.fr)  et transmis  aux  procureurs  de la\nR\u00e9publique  pr\u00e8s  les tribunaux  judiciaires  de Paris,  de Versailles,  de Nanterre  et d'Evry-\nCourcouronnes  : CC\nFait \u00e0 Paris, le 3 1 JUIL, 2024 |\n\u2014\u2014\u2014  Laurent  NUNEZ\n2024-04438\n\nAnnexe  de l'arr\u00eat\u00e9  n\u00b0 2024-01138  du 34 Jill. 2024\nVOIES  ET DELAIS  DE RECOURS\nSi vous  estimez  devoir  contester  le pr\u00e9sent  arr\u00e9t\u00e9,  il vous  est possible,  dans  un\nd\u00e9lai  de deux  mois  \u00e0 compter  de la date  de son  affichage  ou de sa publication  au recueil  des\nactes  administratifs  du d\u00e9partement  de Paris  :\n- soit  de saisir  d'un  RECOURS  GRACIEUX\nle Pr\u00e9fet  de Police\n7/9,  boulevard  du Palais  - 75195  PARIS  RP\n- ou de former  un RECOURS  HIERARCHIQUE\naupr\u00e8s  du Ministre  de l'int\u00e9rieur\nDirection  des  libert\u00e9s  publiques  et des  affaires  juridiques\nplace  Beauvau  - 75008  PARIS\n- soit de saisir  d'un  RECOURS  CONTENTIEUX\nle Tribunal  administratif  comp\u00e9tent\nAucune  de ces  voies  et recours  ne suspend  l'application  de la pr\u00e9sente  d\u00e9cision.\nLes  recours  GRACIEUX  et HIERARCHIQUE  doivent  \u00eatre  \u00e9crits,  exposer  les\narguments  ou faits  nouveaux  et comprendre  la copie  de l'arr\u00eat\u00e9  contest\u00e9.\nLe recours  CONTENTIEUX,  qui  vise  \u00e0 contester  la LEGALITE  de la pr\u00e9sente\nd\u00e9cision,  doit  \u00e9galement  \u00eatre  \u00e9crit  et exposer  votre  argumentation  juridique.\nSi vous  n'aviez  pas  de r\u00e9ponse  \u00e0 votre  recours  GRACIEUX  ou HIERARCHIQUE  dans\nun d\u00e9lai  de deux  mois  \u00e0 compter  de la r\u00e9ception  de votre  recours  par  l'administration,  votre\ndemande  devra  \u00eatre  consid\u00e9r\u00e9e  comme  rejet\u00e9e  (d\u00e9cision  implicite  de rejet).\nEn cas  de rejet  des  recours  GRACIEUX  ou HIERARCHIQUE,  le Tribunal\nadministratif  peut  \u00eatre  saisi  d'un  recours  contentieux  dans  le d\u00e9lai  de deux  mois  \u00e0 compter\nde la date  de la d\u00e9cision  de rejet.\n\nSELLO-vCO?9207 sdumuud neainyaano 'anbupunu aw10;-03e1d ans13SULS UD SIG 118012 .enbuoyduog vsssessspauawalBas asiiojow 5222y wiaupsaauy gsuciow sey gay?@2ues4 2p-a1] ANA | au] us asuNnoZD | aws!|>45| ee. IN merRen 4 _\u2014 ss L % vs ER 7 + wemn ig ST - enAuO-sueq Hodo\u00efy lOy-2/-51Je553 s277 | ER a se eu + u = ph\u00e9. oe ar _ ce 27. > eae if\u2014 7 de x gs aS = =i F ettpete\neo eee  tony: r\u00e9\n\nE CABINET  DU PREFET\nPREFECTURE  ap\nDE POLICE\nLibert\u00e9\n\u00c9galit\u00e9\nFraternit\u00e9\nArr\u00eat\u00e9n\u00b0  2024-01139\nportant  mesures  de police  applicables  \u00e0 l'occasion  de la course  en ligne  f\u00e9minine  de\ncyclisme  sur route  des  Jeux  Olympiques  le dimanche  4 ao\u00fbt  2024\nLe pr\u00e9fet  de police,\nVu le r\u00e8glement  (CE)  n\u00b0 1272/2008  du Parlement  europ\u00e9en  et du Conseil  du 16 d\u00e9cembre\n2008  modifi\u00e9  relatif  \u00e0 la classification,  \u00e0 l'\u00e9tiquetage  et \u00e0 l'emballage  des  substances  et des\nm\u00e9langes  ;\nVu le code  de l'environnement,  notamment  le chapitre  VII du titre  V du livre  V;\nVu le code  g\u00e9n\u00e9ral  des collectivit\u00e9s  territoriales,  notamment  ses articles  L. 2512-13  et L. 2512-\n14;\nVu le code  p\u00e9nal,  notamment  ses articles  132-75,  431-9,  431-9-1,  R.644-5  et R.644-5-1  ;\nVu le code  de proc\u00e9dure  p\u00e9nale,  notamment  ses articles  78-2-4,  78-2-5  et R.48-1;\nVu le code  de la s\u00e9curit\u00e9  int\u00e9rieure,  notamment  ses articles  L. 122-1,  122-2.  L. 211-1  et\nL. 211-2;\nVu la loi n\u00b0 2023-380  du 19 mai  2023  relative  aux jeux  Olympiques  et Paralympiques  de 2024\net portant  diverses  autres  dispositions,  notamment  son  article  14  ;\nVu le d\u00e9cret  n\u00b0 2004-374  du 29 avril  2004  modifi\u00e9  relatif  aux  pouvoirs  des  pr\u00e9fets,  \u00e0\nl'organisation  et \u00e0 l'action  des  services  de l'Etat  dans  les r\u00e9gions  et d\u00e9partements,\nnotamment  ses  articles  70, 72 et 73;\nVu le d\u00e9cret  n\u00b0 2023-1120  du 29 novembre  2023  modifiant  le d\u00e9cret  n\u00b0 2021-1397  du 27\noctobre  2021  portant  application  de l'article  L. 211-11-1  du code  de la s\u00e9curit\u00e9  int\u00e9rieure  aux\njeux  Olympiques  et Paralympiques  de 2024;\nVu le d\u00e9cret  n\u00b0 2024-107  du 14 f\u00e9vrier  2024  relatif  aux  comp\u00e9tences  du pr\u00e9fet  de police  et\n\u00e0 celles  du pr\u00e9fet  de police  des  Bouches-du-Rh\u00f4ne  pour  les jeux  Olympiques  et\nParalympiques  de 2024,  ainsi  qu'\u00e0  la comp\u00e9tence  territoriale  de certaines  directions  de la\npr\u00e9fecture  de police  ;\nVu le d\u00e9cret  du 20 juillet  2022  par lequel  M. Laurent  NUNEZ,  pr\u00e9fet,  coordonnateur  national\ndu renseignement  et de la lutte  contre  le terrorisme,  est nomm\u00e9  pr\u00e9fet  de police  (hors\nclasse);\nConsid\u00e9rant  que,  en application  des  articles  L.122-1  du code  de s\u00e9curit\u00e9  int\u00e9rieure  et 72 du\nd\u00e9cret  du 29 avril  2004  susvis\u00e9,  le pr\u00e9fet  de police  a la charge  de l'ordre  public  \u00e0 Paris,\nnotamment  la pr\u00e9vention  des  atteintes  \u00e0 la s\u00e9curit\u00e9  des  personnes  et des  biens  ; qu'en  outre,\nen application  de l'article  1\u00b0' du d\u00e9cret  du 14 f\u00e9vrier  2024  susvis\u00e9,  le pr\u00e9fet  de police  exerce\n\ndans  les d\u00e9partements  des  Hauts-de-Seine,  des  Yvelines  et de l'Essonne  les missions  de\npolice  administrative  qui lui sont  d\u00e9volues  et celles  attribu\u00e9es  au repr\u00e9sentant  de l'Etat  dans\nle d\u00e9partement  par  l'article  73 du d\u00e9cret  du 29 avril  2004  susvis\u00e9  du 1\u00b0 juillet  au 15\nseptembre  2024,  notamment  la pr\u00e9vention  des  atteintes  a la s\u00e9curit\u00e9  des  personnes  et des\nbiens;\nConsid\u00e9rant  que,  en application  de l'article  431-9-1  du code  p\u00e9nal,  le fait  pour  une  personne\nde dissimuler  volontairement  tout  ou partie  de son  visage  sans  motif  l\u00e9gitime  au sein,  ou aux\nabords  imm\u00e9diats,  d'une  manifestation  sur la voie  publique  au cours,  ou \u00e0 l'issue,  de laquelle\ndes  troubles  \u00e0 l'ordre  public  sont  commis  ou risquent  d'\u00eatre  commis  est puni  d'un  an\nd'emprisonnement  et de 15 000  \u20ac d'amende;\nConsid\u00e9rant  que  sont  punis  de l'amende  pr\u00e9vue  pour  les contraventions  de la 4e classe  la\nviolation  des  interdictions  et le manquement  aux  obligations  \u00e9dict\u00e9es  par  arr\u00eat\u00e9s  pris  sur le\nfondement  des  pouvoirs  de police,  en application  de l'article  R. 644-5  du code  p\u00e9nal  relatif\n\u00e0 l'usage  des  artifices  de divertissement  sur la voie  publique  et le transport  de r\u00e9cipients\ncontenant  du carburant  \u00e0 l'occasion  d'\u00e9v\u00e9nements  comportant  des  risques  d'atteinte  \u00e0 la\ns\u00e9curit\u00e9  publique  et l'article  R. 644-5-1  du code  p\u00e9nal  qui r\u00e8glemente  la pr\u00e9sence  et la\ncirculation  des  personnes  en certains  lieux  et \u00e0 certaines  heures  afin  de pr\u00e9venir  la\nr\u00e9it\u00e9ration  d'atteintes  graves  \u00e0 la s\u00e9curit\u00e9  publique  \u00e0 la suite  de ces  troubles  ; que  l'article\nR. 48-1 du code  de proc\u00e9dure  p\u00e9nale  rend applicable  la proc\u00e9dure  de l' amende  forfaitaire\npour  les contraventions  pr\u00e9cit\u00e9es  ;\nConsid\u00e9rant  que,  en application  des  r\u00e9quisitions  \u00e9crites  du procureur  de la R\u00e9publique,  les\nofficiers  de police  judiciaire  et, sur l'ordre  et sous  la responsabilit\u00e9  de ceux-ci,  les agents  de\npolice  judiciaire,  sont  autoris\u00e9s  \u00e0 proc\u00e9der  sur les lieux  d'une  manifestation  et \u00e0 ses abords\nimm\u00e9diats  \u00e0 l'inspection  visuelle  et \u00e0 la fouille  des  bagages,  ainsi  qu'\u00e0  la visite  de v\u00e9hicules\ncirculant,  arr\u00eat\u00e9s  ou stationnant  sur la voie  publique,  conform\u00e9ment  \u00e0 l'article  78-2-5  du\ncode  de proc\u00e9dure  p\u00e9nale  ;\nConsid\u00e9rant  que  les Jeux  Olympiques  et Paralympiques  de Paris  2024,  qui se d\u00e9rouleront  en\nFrance  du 26 juillet  au 8 septembre  2024,  ont  le caract\u00e8re  d'un  \u00e9v\u00e8nement  international\nhors  norme  aux  enjeux  de s\u00e9curit\u00e9  in\u00e9dits  ; que  les grands  \u00e9v\u00e8nements  sportifs,  compte  tenu\nde leur  exposition  m\u00e9diatique,  leur  concentration  de foules  et l'accueil  de personnalit\u00e9s\npubliques,  constituent  des  cibles  de choix  pour  des  actions  revendicatives  ; qu'il  existe  \u00e0\ncette  occasion,  dans  le cadre  du d\u00e9roulement  des  \u00e9preuves,  un risque  que  surviennent  des\nrassemblements  destin\u00e9s  \u00e0 troubler  l'ordre  public  ;\nConsid\u00e9rant  que  se d\u00e9rouleront  \u00e0 Paris  et dans  les d\u00e9partements  des  Yvelines,  des  Hauts-\nde-Seine  et de l'Essonne  l'\u00e9preuve  olympique  de la course  en ligne  f\u00e9minine  de cyclisme  sur\nroute  le dimanche  4 ao\u00fbt  2024  ; que  les services  de police  et de gendarmerie  seront\nmobilis\u00e9s  d'une  mani\u00e8re  in\u00e9dite  \u00e0 Paris  et partout  en Ile-de-France  pendant  les Jeux\nOlympiques  de Paris  2024,  sans  pr\u00e9judice  de leurs  suj\u00e9tions  habituelles,  pour  la s\u00e9curisation\ndes  sites  olympiques,  institutionnels  ou gouvernementaux  sensibles  et des  autres\n\u00e9v\u00e8nements  de voie  publique  dans  un contexte  de menace  terroriste  \u00e9lev\u00e9e  ayant  conduit\nau rel\u00e8vement  du plan  VIGIPIRATE  au niveau  \u00ab Urgence  attentat  \u00bb depuis  le 24 mars  2024\nsur l'ensemble  du territoire  national  ;\nConsid\u00e9rant  enfin  qu'il  appartient  \u00e0 l'autorit\u00e9  de police  comp\u00e9tente  de concilier  l'exercice\ndu droit  de manifester  avec  les imp\u00e9ratifs  de l'ordre  public;  que,  dans  ce cadre,  elle  se doit\nde prendre  les mesures  de nature  \u00e0 pr\u00e9venir,  outre  les infractions  \u00e0 la loi p\u00e9nale,  les troubles\n\u00e0 l'ordre  public  a partir  de l'appr\u00e9ciation  qu'elle  fait  du risque  qu'ils  surviennent  ; que  r\u00e9pond\n\u00e0 ces  objectifs  Une  mesure  qui d\u00e9finit  un p\u00e9rim\u00e8tre  dans  lequel  des  restrictions  sont  mises\nen \u0153uvre,  notamment  \u00e0 l'\u00e9gard  de rassemblements  pr\u00e9sentant  des  risques  de troubles\ngraves  \u00e0 l'ordre  public  afin  de garantir  la s\u00e9curit\u00e9  des  personnes  et des  biens  ;\n2024-01139  ;\n\nARRETE\nTITRE  PREMIER\nMESURES  INTERDISANT  TOUT  RASSEMBLEMENT  NON  DECLARE  AUTOUR  DU  PARCOURS  DE L'EPREUVE\nOLYMPIQUE  DE LA COURSE  EN LIGNE  FEMININE  DE CYCLISME  SUR  ROUTE\nArticle  1\u00b0 - La pr\u00e9sence  et la circulation  des  personnes  participant  \u00e0 des  cort\u00e9ges,  d\u00e9fil\u00e9s  et\nrassemblements  non  d\u00e9clar\u00e9s  dans  les conditions  fix\u00e9es  par  la loi sont  interdits  \u00e0 Paris  et\ndans  les d\u00e9partements  des  Yvelines,  des  Hauts-de-Seine  et de l'Essonne  dans  le p\u00e9rim\u00e8tre\nrouge  et d\u00e9limit\u00e9  selon  la cartographie  en annexe,  le dimanche  4 ao\u00fbt  2024  de 11h00  \u00e0\n21h00.\nTITRE  Il\nMESURES  DE POLICE  APPLICABLES  AUX  ABORDS  ET AU  SEIN  DES  CORTEGES,  DEFILES  ET RASSEMBLEMENTS\nAU  SEIN  DU  PERIMETRE\nArticle  2 - Dans  le p\u00e9rim\u00e8tre  institu\u00e9  par  l'article  1\u00b0 et durant  la p\u00e9riode  mentionn\u00e9e  par  ce\nm\u00eame  article  sont  interdits  aux  abords  et au sein  des  cort\u00e8ges,  d\u00e9fil\u00e9s  et rassemblements  le\nport  et le transport  par  des  particuliers,  sans  motif  l\u00e9gitime  :\n- d'armes  par  nature  et de tous  objets  susceptibles  de constituer  une  arme  au sens  de\nl'article  132-75  du code  p\u00e9nal;\n-__ d'artifices  de divertissement  et d'articles  pyrotechniques  ;\n- dans  des  conteneurs  individuels,  de substances  ou de m\u00e9langes  dangereux,\ninflammables  o\u00f9 corrosifs,  au sens  du r\u00e8glement  (CE)  n\u00b0 1272/2008  du Parlement\neurop\u00e9en  et du Conseil  du 16 d\u00e9cembre  2008  susvis\u00e9,  tels  que  l'essence,  le p\u00e9trole,  le\ngaz,  l'alcool  a br\u00fbler,  le m\u00e9thanol,  la t\u00e9r\u00e9benthine,  les solvants  ;\n- d'\u00e9quipements  de protection  destin\u00e9s  \u00e0 mettre  en \u00e9chec  tout  ou partie  des  moyens\nutilis\u00e9s  par  les repr\u00e9sentants  de la force  publique  pour  le maintien  de l'ordre  public.\nTITRE  II\nDISPOSITIONS  FINALES\nArticle  3 - Les repr\u00e9sentants  sur place  de l'autorit\u00e9  de police  sont  autoris\u00e9s  \u00e0 prendre  des\nmesures  compl\u00e9mentaires  \u00e0 celles  fix\u00e9es  par  le pr\u00e9sent  arr\u00eat\u00e9,  en fonction  de l'\u00e9volution  de\nla situation  et lorsque  les circonstances  l'exigent.\nArticle  4 - La pr\u00e9f\u00e8te  de l'Essonne,  le pr\u00e9fet  des  Yvelines,  le pr\u00e9fet  des  Hauts-de-Seine,  la\npr\u00e9f\u00e8te,  directrice  du cabinet  du pr\u00e9fet  de police,  le directeur  de l'ordre  public  et de la\ncirculation  et la directrice  de la s\u00e9curit\u00e9  de proximit\u00e9  de l'agglom\u00e9ration  parisienne  sont\ncharg\u00e9s,  chacun  en ce qui le concerne,  de l'ex\u00e9cution  du pr\u00e9sent  arr\u00eat\u00e9  qui sera  publi\u00e9  aux\nrecueils  des  actes  administratifs  du d\u00e9partement  de Paris,  des  pr\u00e9fectures  des  Yvelines,  des\nHauts-de-Seine  et de l'Essonne,  consultable  sur le site  internet  de la pr\u00e9fecture  de police\n(https://www.prefecturedepolice.interieur.gouv.fr)  et transmis  aux  procureurs  de la\nR\u00e9publique  pr\u00e8s  les tribunaux  judiciaires  de Paris,  de Versailles,  de Nanterre  et d'Evry-\nCourcouronnes  \u2014\nFait  \u00e0 Paris, le 34 JUIL. 2024 |\n2024-01139\n\nAnnexe  de I'arr\u00e9t\u00e9n\u00ae  2 024-  01139  du 3 | juil 2024\nVOIES  ET DELAIS  DE RECOURS\nSi vous  estimez  devoir  contester  le pr\u00e9sent  arr\u00eat\u00e9,  il vous  est possible,  dans  un\nd\u00e9lai  de deux  mois  \u00e0 compter  de la date  de son  affichage  ou de sa publication  au recueil  des\nactes  administratifs  du d\u00e9partement  de Paris  :\n- soit  de saisir  d'un  RECOURS  GRACIEUX\nle Pr\u00e9fet  de Police\n7/9,  boulevard  du Palais  - 75195  PARIS  RP\n- ou de former  un RECOURS  HIERARCHIQUE\naupr\u00e8s  du Ministre  de l'int\u00e9rieur\nDirection  des  libert\u00e9s  publiques  et des  affaires  juridiques\nplace  Beauvau  - 75008  PARIS\n- soit  de saisir  d'un  RECOURS  CONTENTIEUX\n- le Tribunal  administratif  comp\u00e9tent\nAucune  de ces voies  et recours  ne suspend  l'application  de la pr\u00e9sente  d\u00e9cision.\nLes  recours  GRACIEUX  et HIERARCHIQUE  doivent  \u00eatre  \u00e9crits,  exposer  les\narguments  ou faits  nouveaux  et comprendre  la copie  de l'arr\u00eat\u00e9  contest\u00e9.\nLe recours  CONTENTIEUX,  qui  vise  \u00e0 contester  la LEGALITE  de la pr\u00e9sente\nd\u00e9cision,  doit  \u00e9galement  \u00eatre  \u00e9crit  et exposer  votre  argumentation  juridique.\nSi vous  n'aviez  pas  de r\u00e9ponse  \u00e0 votre  recours  GRACIEUX  ou HIERARCHIQUE  dans\nun d\u00e9lai  de deux  mois  \u00e0 compter  de la r\u00e9ception  de votre  recours  par  l'administration,  votre\ndemande  devra  \u00eatre  consid\u00e9r\u00e9e  comme  rejet\u00e9e  (d\u00e9cision  implicite  de rejet).\nEn cas  de rejet  des  recours  GRACIEUX  ou HIERARCHIQUE,  le Tribunal\nadministratif  peut  \u00eatre  saisi  d'un  recours  contentieux  dans  le d\u00e9lai  de deux  mois  \u00e0 compter\nde la date  de la d\u00e9cision  de rejet.\n\n6ELLO-PZIZa2ues4 2p-2[] BNA | oul ua DM) | MP ESz0z sdwaquud ne@sNUaANO 'anbiuuaWNU auioj-a3eid INS_- WRALISUL,S Ua sajgissod suoneB0:2Q .ANbuaydiad ecseeeseaquewa/Zai asiiojow $322Y rhe#HPADIUI sslIOJOW S229v SEaa SbYRY - OOY DY Sore soanaudly\n\u20acey F .Pre | x ta L _ \u00c9 . + KLALO-sueg odo\u00efsy ' i a ts ves 7 ao iasa Es Pi 1 x - s. \u00ab. AR, lOy-aJ-S118SS3 52]\u00a2 << \u00ab \u00bb a | DA UT, +. CRT: Les+ = #7, ASS une ueka9 9p reee or . RE: : ts ae en | er- . ; Bod\" = ee me 7 xi ont= = a~~ =SO|[LESIOA ap neayeyo- airyRSAScml  D\n\nPREFECTURE  ap Cabinet  du pr\u00e9fet\nDE POLICE  a\nLibert\u00e9\n\u00c9galit\u00e9\nFraternit\u00e9\nArr\u00eat\u00e9 n\u00b0 2024-01141\nportant  d\u00e9l\u00e9gation  de la signature  pr\u00e9fectorale\nau sein  du service  des  affaires  juridiques  et du contentieux  et habilitant  certains  de ses agents  \u00e0\nrepr\u00e9senter  le pr\u00e9fet  de police  devant  les juridictions\nLe pr\u00e9fet  de police,\nVU le code  g\u00e9n\u00e9ral  des  collectivit\u00e9s  territoriales  ;\nVU le code  des  relations  entre  le public  et l'administration  ;\nVU le d\u00e9cret  n\u00b0 2003-737  du 1\" ao\u00fbt  2003  portant  cr\u00e9ation  d'un  secr\u00e9tariat  g\u00e9n\u00e9ral  pour\nl'administration  \u00e0 la pr\u00e9fecture  de police  ;\nVU le d\u00e9cret  n\u00b0 2004-374  du 29 avril  2004  modifi\u00e9  relatif  aux  pouvoirs  des  pr\u00e9fets,  \u00e0 l'organisation  et\n\u00e0 l'action  des  services  de l'Etat  dans  les r\u00e9gions  et d\u00e9partements  ;\nVU le d\u00e9cret  n\u00b0 2014-296  du 6 mars  2014  relatif  aux  secr\u00e9tariats  g\u00e9n\u00e9raux  pour  l'administration  du\nminist\u00e8re  de l'int\u00e9rieur  et modifiant  diverses  dispositions  du code  de la d\u00e9fense  et du code  de la\ns\u00e9curit\u00e9  int\u00e9rieure  ;\nVU le d\u00e9cret  du 20 juillet  2022  par lequel  M. Laurent  NUNEZ,  pr\u00e9fet,  coordonnateur  national  du\nrenseignement  et de la lutte  contre  le terrorisme,  est nomm\u00e9  pr\u00e9fet  de police  (hors  classe)  ;\nVU le d\u00e9cret  du 22 d\u00e9cembre  2022  par  lequel  M. Philippe  LE MOING-SURZUR,  administrateur  g\u00e9n\u00e9ral,\nest  nomm\u00e9  pr\u00e9fet,  secr\u00e9taire  g\u00e9n\u00e9ral  pour  l'administration  de la pr\u00e9fecture  de police  ;\nVU la d\u00e9lib\u00e9ration  du conseil  de Paris  n\u00b0 2020-PP-53  des  23 et 24 juillet  2020  portant  renouvellement\nde la d\u00e9l\u00e9gation  de pouvoir  accord\u00e9e  au pr\u00e9fet  de police  par  le conseil  de Paris  dans  certaines  des\nmati\u00e8res  \u00e9num\u00e9r\u00e9es  par  l'article  L. 2122-22  du code  g\u00e9n\u00e9ral  des  collectivit\u00e9s  territoriales  ;\nVU la d\u00e9cision  du ministre  de l'int\u00e9rieur  du 28 mai  2021  par  laquelle  M. Damien  V\u00c9RISSON,\nadministrateur  civil  hors  classe,  a \u00e9t\u00e9  affect\u00e9  en qualit\u00e9  de chef  du service  des  affaires  juridiques  et\ndu contentieux  au secr\u00e9tariat  g\u00e9n\u00e9ral  pour  l'administration  de la pr\u00e9fecture  de police,  \u00e0 compter  du\n7 juin  2021  ;\nVU l'arr\u00eat\u00e9  pr\u00e9fectoral  n\u00b0 2022-00311  du 4 avril  2022  relatif  aux  missions  et \u00e0 l'organisation  du service\ndes  affaires  juridiques  et du contentieux  ;\nVU l'arr\u00eat\u00e9  pr\u00e9fectoral  n\u00b0 2023-00354  du 28 mars  2023  d\u00e9signant  M. Damien  V\u00c9RISSON  en qualit\u00e9  de\nPersonne  responsable  de l'acc\u00e8s  aux  documents  administratifs  et des  questions  relatives  \u00e0 la\nr\u00e9utilisation  des  informations  publiques  ;\nSUR  proposition  du pr\u00e9fet,  secr\u00e9taire  g\u00e9n\u00e9ral  pour  l'administration,\n\nARRETE\nArticle  1\u00b0\nD\u00e9l\u00e9gation  est donn\u00e9e  \u00e0 M. Damien  VERISSON,  administrateur  de l'\u00c9tat,  chef  du service  des affaires\njuridiques  et du contentieux,  directement  plac\u00e9  sous  l'autorit\u00e9  du pr\u00e9fet,  secr\u00e9taire  g\u00e9n\u00e9ral  pour\nl'administration,  \u00e0 l'effet  de signer,  au nom  du pr\u00e9fet  de police,  tous  actes,  arr\u00eat\u00e9s,  d\u00e9cisions,  r\u00e9ponses\naux  demandes  d'acc\u00e8s  aux  donn\u00e9es  et documents  administratifs,  m\u00e9moires  et recours  entrant  dans  le\nchamp  des missions  fix\u00e9es  par l'arr\u00eat\u00e9  du 4 avril  2022  susvis\u00e9.  \u00c0 cet effet,  il repr\u00e9sente,  de fa\u00e7on\npermanente,  le pr\u00e9fet  de police  devant  toute  juridiction  et peut  habiliter  tout  agent  \u00e0 cette  m\u00eame  fin.\nD\u00e9l\u00e9gation  est \u00e9galement  donn\u00e9e  \u00e0 M. VERISSON  \u00e0 l'effet  de signer  les constatations  de service  fait\npour  les prestations  r\u00e9alis\u00e9es  par  des  prestataires  ext\u00e9rieurs,  les d\u00e9cisions  relatives  aux  cong\u00e9s  annuels\net de maladie  ordinaire,  au t\u00e9l\u00e9travail  et \u00e0 l'\u00e9valuation  des  personnels  relevant  de son  autorit\u00e9,  ainsi\nqu'aux  fin de signer  tout  acte  visant  \u00e0 indemniser  les tiers  ou \u00e0 engager  leur  responsabilit\u00e9.\nArticle  2\nD\u00e9l\u00e9gation  est donn\u00e9e  \u00e0 M. V\u00c9RISSON  \u00e0 l'effet  de prononcer  \u00e0 l'encontre  des personnels  relevant  de\nson  autorit\u00e9  les sanctions  disciplinaires  d'avertissement  et de blame,  ainsi  que  l'ensemble  des  d\u00e9cisions\npr\u00e9alables  ou n\u00e9cessaires  \u00e0 celles-ci.\nEn cas d'absence  ou d'emp\u00eachement  de M. V\u00c9RISSON,  les d\u00e9l\u00e9gations  qui lui sont  consenties  \u00e0 l'article\n1% et au 1\" alin\u00e9a  du pr\u00e9sent  article  sont  exerc\u00e9es  par M. Gautier  TR\u00c9BUCHET,  administrateur  de l'\u00c9tat,\nadjoint  au chef  du service  des  affaires  juridiques  et du contentieux.\nD\u00e9l\u00e9gation  est \u00e9galement  donn\u00e9e  \u00e0 M. TR\u00c9BUCHET,  aux fins de signer  tout  acte  relatif  \u00e0 l'acc\u00e8s  aux\ndocuments  administratifs,  aux  informations  publiques  et aux  donn\u00e9es  personnelles.\n\u00c0 cet effet,  il repr\u00e9sente  \u00e9galement,  de fa\u00e7on  permanente,  le pr\u00e9fet  de police  devant  toute  juridiction\net peut  habiliter  tout  agent  \u00e0 cette  m\u00eame  fin.\nArticle  3\nEn cas d'absence  ou d'emp\u00eachement  de M. V\u00c9RISSON  et de M. TR\u00c9BUCHET,  les d\u00e9l\u00e9gations  qui leur\nsont  consenties  sont  exerc\u00e9es,  dans  la limite  des  attributions  d\u00e9finies  au chapitre  premier  de l'arr\u00eat\u00e9\ndu 4 avril  2022  susvis\u00e9  :\n- par M. Jean-Fran\u00e7ois  LAVAUD,  attach\u00e9  principal  d'administration  de l'\u00c9tat,  chef  du bureau  du\ncontentieux  judiciaire  et de l'exc\u00e8s  de pouvoir  ;\n- en cas d'absence  ou d'emp\u00e9chement  de M. Jean-Fran\u00e7ois  LAVAUD,  par  Mme  Aude  VANDIER,\nattach\u00e9e  d'administration  de l'\u00c9tat,  adjointe  au chef  du bureau  ;\n- en cas d'absence  ou d'emp\u00e9chement  de M. Jean-Francois  LAVAUD  et de Mme  Aude\nVANDIER  :\n\u00a9 par Madame  Juliette  MATHIS,  attach\u00e9e  d'administration  de l'\u00c9tat,  consultante  juridique,\no par  Madame  Giulia  ORSO,  agent  contractuel  de cat\u00e9gorie  B, en qualit\u00e9  de cheffe  de la\nsection  du contentieux  des  \u00e9trangers,  dans  la limite  de ses attributions.\n\u00c0 cet effet,  ils sont  habilit\u00e9s  \u00e0 repr\u00e9senter  le pr\u00e9fet  de police  devant  les juridictions.\nArticle  4\nEn cas d'absence  ou d'emp\u00e9chement  de M. VERISSON  et de M. TR\u00c9BUCHET,  les d\u00e9l\u00e9gations  qui leur\nsont  consenties  sont  exerc\u00e9es,  dans  la limite  des  attributions  d\u00e9finies  au chapitre  2 de l'arr\u00eat\u00e9  du 4 avril\n2022  susvis\u00e9  :\n- par  Mme  Olympe  ROUSSEL,  agent  contractuel  de cat\u00e9gorie  A, cheffe  du bureau  du contentieux\ndes  responsabilit\u00e9s,  \u00e0 l'exception  des  actes  engageant  une  d\u00e9pense  sup\u00e9rieure  \u00e0 10 000  euros  ;\n\n- en cas d'absence  ou d'emp\u00eachement  de Mme  ROUSSEL,  par  Mme  Chlo\u00e9  DHAMBAHADOUR,\nagent  contractuel  de cat\u00e9gorie  A, adjointe  \u00e0 la cheffe  du bureau,  dans  les m\u00eames  conditions  ;\n- en cas d'absence  ou d'emp\u00e9chement  de Mme  ROUSSEL  et de Mme  DHAMBAHADOUR,  par  M.\nDamien  SERRE,  secr\u00e9taire  administratif  de classe  normale,  chef  de la section  des  expulsions\nlocatives,  dans  la limite  de ses attributions  et \u00e0 l'exception  des  d\u00e9cisions  et actes  engageant  les\nd\u00e9penses  sup\u00e9rieures  \u00e0 5 000  euros.\n\u00c0 cet effet,  ils sont  habilit\u00e9s  \u00e0 repr\u00e9senter  le pr\u00e9fet  de police  devant  les juridictions.\nArticle  5\nEn cas d'absence  ou d'emp\u00eachement  de M. V\u00c9RISSON  et de M. TR\u00c9BUCHET,  les d\u00e9l\u00e9gations  qui leur\nsont  consenties  sont  exerc\u00e9es,  dans  la limite  des  attributions  d\u00e9finies  au chapitre  3 de l'arr\u00eat\u00e9  du 4 avril\n2022  susvis\u00e9,  par  M. Laurent  ECKERT,  agent  contractuel  de cat\u00e9gorie  A, chef  du bureau  du droit  des\ndonn\u00e9es  et des  documents  administratifs.\nD\u00e9l\u00e9gation  est \u00e9galement  donn\u00e9e  \u00e0 M. ECKERT,  en cas d'absence  o\u00f9 d'emp\u00e9chement  de M. V\u00c9RISSON\net de M. TR\u00c9BUCHET,  aux fins de signer  tout  acte  relatif  \u00e0 l'acc\u00e8s  aux documents  administratifs,  aux\ninformations  publiques  et aux  donn\u00e9es  personnelles.\n\u00c0 cet effet,  il est habilit\u00e9  \u00e0 repr\u00e9senter  le pr\u00e9fet  de police  devant  les juridictions.\nArticle  6\nEn cas d'absence  ou d'emp\u00e9chement  de M. VERISSON  et de M. TREBUCHET,  les d\u00e9l\u00e9gations  qui leur\nsont  consenties  sont  exerc\u00e9es,  dans  la limite  des  attributions  d\u00e9finies  au chapitre  4 de l'arr\u00eat\u00e9  du 4 avril\n2022  susvis\u00e9,  par Mme  Marie-Dominique  GABRIELLI,  attach\u00e9e  hors  classe  d'administration  de l'\u00c9tat,\ncheffe  du bureau  de la protection  juridique,  de l'assurance  et de la r\u00e9paration.\nEn cas  d'absence  ou d'emp\u00e9chement  de Mme  Marie-Dominique  GABRIELLI,  la d\u00e9l\u00e9gation  ainsi\nconsentie  est exerc\u00e9e  :\n\u00bb dans  le cadre  de la mise  en \u0153uvre  de la protection  juridique  :\n- par Mme  Laurence  THIBAULT,  attach\u00e9e  hors  classe  d'administration  de l'\u00c9tat,  adjointe  \u00e0 la cheffe\ndu bureau  de la protection  juridique,  de l'assurance  et de la r\u00e9paration,  cheffe  de la section  de la\nprotection  juridique  ;\n- En cas  d'absence  ou d'emp\u00e9chement  de Mme  Laurence  THIBAULT,  par  :\no M. Yves  RIOU,  attach\u00e9  principal  d'administration  de l'\u00c9tat,  adjoint  \u00e0 la cheffe  du bureau\nde la protection  juridique,  de l'assurance  et de la r\u00e9paration,  chef  de la section  de\nl'assurance  et de la r\u00e9paration  ;\no Mme  Isabelle  COLLET,  secr\u00e9taire  administrative  de classe  exceptionnelle,  cheffe  du p\u00f4le\nde protection  juridique  regroupant  Paris  et les d\u00e9partements  des  Hauts-de-Seine  et de la\nSeine-Saint-Denis,  \u00e0 l'exception  des  d\u00e9cisions  de refus  de protection  fonctionnelle  ;\no Mme  G\u00fclgiz  ERMISER,  secr\u00e9taire  administrative  de classe  normale,  cheffe  du p\u00f4le  de\nprotection  juridique  regroupant  les d\u00e9partements  de Seine-et-Marne,  des  Yvelines,  de\nl'Essonne,  du Val-de-Marne  et du Val-d'Oise,  \u00e0 l'exception  des  d\u00e9cisions  de refus  de\nprotection  fonctionnelle  ;\ndans  le cadre  du traitement  des  attributions  en mati\u00e8re  d'assurance  et de r\u00e9paration  :\n- par M. Yves  RIOU,  attach\u00e9  principal  d'administration  de l'\u00c9tat,  adjoint  \u00e0 la cheffe  du bureau  de\nla protection  juridique,  de l'assurance  et de la r\u00e9paration,  chef  de la section  de l'assurance  et de\nla r\u00e9paration  ;\n- en cas d'absence  ou d'emp\u00eachement  de M. Yves  RIOU,  par  Mme  Laurence  THIBAULT,  attach\u00e9e\nd'administration  hors  classe  de l'\u00c9tat,  adjointe  \u00e0 la cheffe  du bureau  de la protection  juridique,\nde l'assurance  et de la r\u00e9paration,  cheffe  de la section  de ta protection  juridique.\n\nArticle  7\nEn cas d'absence  ou d'emp\u00eachement  de M. VERISSON  et de M. TREBUCHET,  les d\u00e9l\u00e9gations  qui leur\nsont  consenties  sont  exerc\u00e9es  dans  la limite  des attributions  d\u00e9finies  au chapitre  5 de l'arr\u00eat\u00e9  du 4 avril\n2022  susvis\u00e9,  par Mme  Astrid  PROMENEUR,  secr\u00e9taire  administrative  des administrations  parisiennes,  \u00e0\nl'exception  des d\u00e9cisions  et actes  engageant  les d\u00e9penses  sup\u00e9rieures  \u00e0 1 000  euros.\nArticle  8\nD\u00e9l\u00e9gation  est donn\u00e9e  \u00e0 l'effet  de signer  dans  l'application  informatique  financi\u00e8re  de l'\u00c9tat  aux fins de\ncertification  du service  fait et de validation  de demande  d'achat,  dans  la limite  de leurs  attributions\nrespectives,  aux  agents  plac\u00e9s  sous  l'autorit\u00e9  du chef  du bureau  des  ressources,  du pilotage  et de la\nmodernisation,  dont  les noms  suivent  :\n- Mme  Jeanne  PERRIN,  adjointe  administrative  principale  de premi\u00e8re  classe  des administrations\nparisiennes  ;\n- M. Olivier  ARAGO,  adjoint  administratif  principal  de deuxi\u00e8me  classe  des administrations\nparisiennes.\nArticle  9\nLa pr\u00e9f\u00e8te,  directrice  de cabinet,  et le pr\u00e9fet,  secr\u00e9taire  g\u00e9n\u00e9ral  pour  l'administration,  sont  charg\u00e9s,\nchacun  en ce qui le concerne,  de l'ex\u00e9cution  du pr\u00e9sent  arr\u00eat\u00e9  qui sera  publi\u00e9  aux recueils  des actes\nadministratifs  des pr\u00e9fectures  des d\u00e9partements  de la zone  de d\u00e9fense  et de s\u00e9curit\u00e9  de Paris.\n\u2014\nFait  \u00e0 Paris,le  34 JUIL,  2024Laurent  NUNEZ\n2024-0114:\n\n 52  \n \n \n \nRECUEIL DES ACTES ADMINISTRATIFS  \n \nDU \n \nPREFET DES HAUTS -DE-SEINE  \n \n \nISSN 0985 - 5955  \n \n \n \n \n \nPour toute correspondance, s'adresser \u00e0 :  \n \nPREFET DES HAUTS -DE-SEINE  \n \nSecr\u00e9tariat g\u00e9n\u00e9ral  \nSecr\u00e9tariat g\u00e9n\u00e9ral aux affaires d\u00e9partementales  \n \n167/177, Avenue Joliot Curie  \n92013 NANTERRE CEDEX  \n \n \n \n \nLe recueil des actes administratifs est consultable en ligne sur le site de la pr\u00e9fecture  \nAdresse Internet  : http://www.hauts -de-seine.gouv.fr/  \n \nDirecteur de la publication  : \n \nLaurent HOTTIAUX  \n \nPREFET DES HAUTS -DE-SEINE  \n \n  \n 53  \n \n \n \n \n \n \n \n \n \n \n \n \n \n \n \n \n \n \n \n \n \n \n \n \n \n \n \n \n \n \n \n \n \n \n \n \n \n \n \n \nPREFECTURE DES HAUTS -DE-SEINE  \n167-177,  avenue Joliot Curie 92013 NANTERRE Cedex  \nCourriel  : courrier@hauts -de-seine.gouv.fr  \nStandard  : 01.40.97.20.00 T\u00e9l\u00e9copie 01.40.97.25.21  \nAdresse Internet  : http://www.hauts -de-seine.gouv.fr/","date":"2024-12-13","first_seen_on":"2024-12-13T10:19:45+00:00","id":"09b586e331649494d41daffb5d072660dbe07dcac00048fa4145eb08cbcc401f","name":"RAA sp\u00e9cial Pr\u00e9fecture de Police du 13 d\u00e9cembre 2024","pdf_creation_date":null,"pdf_modification_date":null,"timezone":"CET","url":"https://www.hauts-de-seine.gouv.fr/contenu/telechargement/25865/181491/file/2024-12-13%20RAA%20sp%C3%A9cial%20Pr%C3%A9fecture%20de%20Police%20du%2013%20d%C3%A9cembre%202024.pdf"}
