{"administration":"pref75","administration_name":"Pr\u00e9fecture de Paris","content":"PREFECTURE\nDE PARIS\nRECUEIL DES ACTES\nADMINISTRATIFS SP\u00c9CIAL\nN\u00b075-2026-139\nPUBLI\u00c9 LE  6 MARS 2026\nSommaire\nPr\u00e9fecture de la R\u00e9gion d'Ile de France, Pr\u00e9fecture de Paris  / Bureau\ndes \u00e9lections, du m\u00e9c\u00e9nat et de la r\u00e9glementation \u00e9conomique\n75-2026-03-06-00005 - Arr\u00eat\u00e9 pr\u00e9fectoral portant\nautorisation\nd'appel \u00e0 la g\u00e9n\u00e9rosit\u00e9 du public du fonds de\ndotation\nADVENS FOR PEOPLE AND PLANET\n (2 pages) Page 4\n75-2026-03-06-00004 - Arr\u00eat\u00e9 pr\u00e9fectoral portant\nautorisation\nd'appel \u00e0 la g\u00e9n\u00e9rosit\u00e9 du public du fonds de\ndotation\nFonds pour la D\u00e9mocratie\n (2 pages) Page 7\n75-2026-03-06-00003 - Arr\u00eat\u00e9 pr\u00e9fectoral portant\nautorisation\nd'appel \u00e0 la g\u00e9n\u00e9rosit\u00e9 du public du fonds de\ndotation\nFONDS POUR LA RECHERCHE SUR LES AVC\n (2 pages) Page 10\n75-2026-03-06-00002 - Arr\u00eat\u00e9 pr\u00e9fectoral portant\nautorisation\nd'appel \u00e0 la g\u00e9n\u00e9rosit\u00e9 du public du fonds de\ndotation\nORAH\n (2 pages) Page 13\n75-2026-03-06-00001 - Arr\u00eat\u00e9 pr\u00e9fectoral portant\nautorisation\nd'appel \u00e0 la g\u00e9n\u00e9rosit\u00e9 du public du Fonds de\ndotation du Concert Spirituel\n (2 pages) Page 16\nPr\u00e9fecture de la R\u00e9gion d'Ile de France, Pr\u00e9fecture de Paris  / Service de\nla coordination des affaires parisiennes\n75-2026-03-06-00007 - Arr\u00eat\u00e9 pr\u00e9fectoral accordant \u00e0 l'association\nINSTITUT DE MYOLOGIE une autorisation \u00e0 d\u00e9roger au repos dominical\n(3 pages) Page 19\n75-2026-03-06-00008 - Arr\u00eat\u00e9 pr\u00e9fectoral accordant \u00e0 la SAS SUEZ\nRV REBOND INSERTION une autorisation pour d\u00e9roger \u00e0 la r\u00e8gle du\nrepos dominical (2 pages) Page 23\n75-2026-03-06-00009 - Arr\u00eat\u00e9 pr\u00e9fectoral accordant \u00e0 la SAS SUEZ\nRV REBOND INSERTION une autorisation pour d\u00e9roger \u00e0 la r\u00e8gle du\nrepos dominical (3 pages) Page 26\nPr\u00e9fecture de la r\u00e9gion d'Ile-de-France, pr\u00e9fecture de Paris-Cabinet /\nService de la coordination des affaires parisiennes-Bureau des \u00e9lections, du\nm\u00e9c\u00e9nat et de la r\u00e9glementation \u00e9conomique\n75-2026-03-06-00010 - Arr\u00eat\u00e9 pr\u00e9fectoral portant autorisation\nd'appel \u00e0 la g\u00e9n\u00e9rosit\u00e9 du public du Fonds de dotation de la\nF\u00e9d\u00e9ration Fran\u00e7aise de Cr\u00e9mation (FFC)\n (2 pages) Page 30\nPr\u00e9fecture de Police / Cabinet\n75-2026-03-05-00006 - Arr\u00eat\u00e9 n\u00b02026-00266 du 5 mars\n2026\ninstituant un p\u00e9rim\u00e8tre de protection et diff\u00e9rentes mesures\nde police \u00e0 l'occasion des huiti\u00e8mes de finale de la Ligue des\nchampions de football entre le Paris Saint-Germain et le Chelsea FC au Parc\ndes Princes le mercredi 11 mars 2026\n (6 pages) Page 33\n2\n75-2026-03-05-00007 - Arr\u00eat\u00e9 n\u00b02026-00268 du 5 mars\n2026\nautorisant la captation, l'enregistrement et la transmission\nd'images au moyen de cam\u00e9ras install\u00e9es sur des a\u00e9ronefs \u00e0\nl'occasion des huiti\u00e8mes de finale de la Ligue des champions de\nfootball entre le Paris Saint-Germain et le Chelsea FC au Parc des Princes le\n11 mars 2026\n (5 pages) Page 40\n75-2026-03-05-00005 - Arr\u00eat\u00e9 n\u00b02026-00269 du 05 mars\n2026\nautorisant la captation, l'enregistrement et la transmission\nd'images au moyen de cam\u00e9ras install\u00e9es sur des a\u00e9ronefs \u00e0 Paris\nle dimanche 8 mars 2026 (5 pages) Page 46\n75-2026-03-06-00006 - Arr\u00eat\u00e9 n\u00b02026-00270 du 6 mars\n2026\nmodifiant provisoirement le stationnement et la circulation\ndans\nplusieurs voies \u00e0 Paris Centre, 10\u00e8me, 11\u00e8me et 19\u00e8me\nles 7 et 8\nmars 2026 (5 pages) Page 52\n3\nPr\u00e9fecture de la R\u00e9gion d'Ile de France,\nPr\u00e9fecture de Paris \n75-2026-03-06-00005\nArr\u00eat\u00e9 pr\u00e9fectoral portant autorisation\nd'appel \u00e0 la g\u00e9n\u00e9rosit\u00e9 du public du fonds de\ndotation\nADVENS FOR PEOPLE AND PLANET\nPr\u00e9fecture de la R\u00e9gion d'Ile de France, Pr\u00e9fecture de Paris  - 75-2026-03-06-00005 - Arr\u00eat\u00e9 pr\u00e9fectoral portant autorisation\nd'appel \u00e0 la g\u00e9n\u00e9rosit\u00e9 du public du fonds de dotation\nADVENS FOR PEOPLE AND PLANET\n4\n=mPREFETDE PARISLibert\u00e9Egalit\u00e9Fraternit\u00e9\n \n1/2 \n \nL'identifiant au registre national des fondations, fondations d'entreprise et fonds de dotation (dit RNF) est  : \n075-FDD-00607-08 \nR\u00e9f\u00e9rence du fonds de dotation  : FD1347 / Dossier n\u00b0 \n 28707100 \nArr\u00eat\u00e9 pr\u00e9fectoral portant autorisation d'appel \u00e0 la g\u00e9n\u00e9rosit\u00e9 du public  \n \n \n \n \n \n \n \nCABINET  \nService de la coordination des affaires parisiennes \nBureau des \u00e9lections, du m\u00e9c\u00e9nat et de la r\u00e9glementation \u00e9conomique  \n \n \nArr\u00eat\u00e9 pr\u00e9fectoral portant autorisation \nd'appel \u00e0 la g\u00e9n\u00e9rosit\u00e9 du public du fonds de dotation \nADVENS FOR PEOPLE AND PLANET \n \nLe pr\u00e9fet de la r\u00e9gion d'Ile-de-France, pr\u00e9fet de Paris, \nGrand Officier de la L\u00e9gion d'Honneur  \nOfficier de l'Ordre national du M\u00e9rite \n \n \nVu la loi n\u00b0 91-772 du 7 ao\u00fbt 1991 relative au cong\u00e9 de repr\u00e9sentation en faveur des associations et \ndes mutuelles et au contr\u00f4le des comptes des organismes faisant appel \u00e0 la g\u00e9n\u00e9rosit\u00e9 publique  ; \n \nVu la loi n\u00b0 2008-776 du 4 ao\u00fbt 2008 de modernisation de l'\u00e9conomie, et notamment son \narticle  140  ; \n \nVu le d\u00e9cret n\u00b0 92-1011 du 17 septembre 1992 relatif au contr\u00f4le des comptes des organismes faisant \nappel \u00e0 la g\u00e9n\u00e9rosit\u00e9 publique ; \n \nVu le d\u00e9cret n\u00b0 2022-813 du 16 mai 2022, modifiant le d\u00e9cret n\u00b0 2009-158 du 11 f\u00e9vrier 2009 relatif \naux fonds de dotation, et notamment les articles  11 et suivants  ; \n \nVu la demande du fonds de dotation ADVENS FOR PEOPLE AND PLANET sollicitant l'autorisation de \nfaire appel \u00e0 la g\u00e9n\u00e9rosit\u00e9 du public, re\u00e7ue le 26 f\u00e9vrier 2026, compl\u00e9t\u00e9e le 4 mars 2026  ; \n \nConsid\u00e9rant que l'objectif du pr\u00e9sent appel \u00e0 la g\u00e9n\u00e9rosit\u00e9 du public est d'accompagner les publics \nvuln\u00e9rables par des actions d'\u00e9ducation et d'inclusion, renforcer leur capacit\u00e9 \u00e0 \u00e9voluer dans un \nespace num\u00e9rique souverain, fiable et pluraliste, et encourager des pratiques num\u00e9riques \nresponsables ; \n \nSur la proposition de la pr\u00e9f\u00e8te, directrice de cabinet du pr\u00e9fet de la r\u00e9gion d'\u00cele-de-France, pr\u00e9fet \nde Paris  ; \n \n \n \nPr\u00e9fecture de la R\u00e9gion d'Ile de France, Pr\u00e9fecture de Paris  - 75-2026-03-06-00005 - Arr\u00eat\u00e9 pr\u00e9fectoral portant autorisation\nd'appel \u00e0 la g\u00e9n\u00e9rosit\u00e9 du public du fonds de dotation\nADVENS FOR PEOPLE AND PLANET\n5\n \n2/2 \n \nL'identifiant au registre national des fondations, fondations d'entreprise et fonds de dotation (dit RNF) est  : \n075-FDD-00607-08 \nR\u00e9f\u00e9rence du fonds de dotation  : FD1347 / Dossier n\u00b0 \n 28707100 \nArr\u00eat\u00e9 pr\u00e9fectoral portant autorisation d'appel \u00e0 la g\u00e9n\u00e9rosit\u00e9 du public  \n \n \nA R R E T E : \n \nARTICLE 1\ner  : Le fonds de dotation ADVENS FOR PEOPLE AND PLANET est autoris\u00e9 \u00e0 faire appel \u00e0 la \ng\u00e9n\u00e9rosit\u00e9 du public \u00e0 compter du 6 mars 2026 jusqu'au 31 d\u00e9cembre 2026. \n \nARTICLE 2  : Conform\u00e9ment \u00e0 la r\u00e9glementation en vigueur, le fonds de dotation a l'obligation \nd'int\u00e9grer dans ses comptes annuels un compte d'emploi annuel des ressources (CER) ainsi qu'un \ncompte de r\u00e9sultat par origine et par destination (CROD) lorsque le fonds de dotation est aliment\u00e9 \npar des dons issus de la g\u00e9n\u00e9rosit\u00e9 du public. \n \nARTICLE 3  : La pr\u00e9sente autorisation pourra \u00eatre retir\u00e9e ou abrog\u00e9e en cas de manquement aux \nr\u00e8gles r\u00e9gissant les fonds de dotation et/ou \u00e0 la r\u00e9glementation relative aux appels \u00e0 la g\u00e9n\u00e9rosit\u00e9 du \npublic. \n \nARTICLE 4  : Conform\u00e9ment aux dispositions du code de justice administrative, la pr\u00e9sente d\u00e9cision \nest susceptible de faire l'objet d'un recours contentieux devant le tribunal administratif de Paris dans \nle d\u00e9lai de 2 mois. \n \nARTICLE 5  : La pr\u00e9f\u00e8te, directrice de cabinet du pr\u00e9fet de la r\u00e9gion d'\u00cele-de-France, pr\u00e9fet de Paris, \nest charg\u00e9e de l'ex\u00e9cution du pr\u00e9sent arr\u00eat\u00e9 qui sera publi\u00e9 au recueil des actes administratifs de la \npr\u00e9fecture de Paris, accessible sur le site Internet de la pr\u00e9fecture de Paris (www.ile-de-\nfrance.gouv.fr ), et notifi\u00e9 aux personnes vis\u00e9es \u00e0 l'article 1 er  du pr\u00e9sent arr\u00eat\u00e9. \n \nFait \u00e0 Paris, le vendredi 6 mars 2026 \n \n \nPour le pr\u00e9fet de la r\u00e9gion d'Ile de France, \npr\u00e9fet de Paris et par d\u00e9l\u00e9gation \nLe chef du bureau des \u00e9lections,  \ndu m\u00e9c\u00e9nat et de la r\u00e9glementation \u00e9conomique \n \nSign\u00e9 \n \nMohamed SOLTANI \n \n \n \n \n \n \nPr\u00e9fecture de la R\u00e9gion d'Ile de France, Pr\u00e9fecture de Paris  - 75-2026-03-06-00005 - Arr\u00eat\u00e9 pr\u00e9fectoral portant autorisation\nd'appel \u00e0 la g\u00e9n\u00e9rosit\u00e9 du public du fonds de dotation\nADVENS FOR PEOPLE AND PLANET\n6\nPr\u00e9fecture de la R\u00e9gion d'Ile de France,\nPr\u00e9fecture de Paris \n75-2026-03-06-00004\nArr\u00eat\u00e9 pr\u00e9fectoral portant autorisation\nd'appel \u00e0 la g\u00e9n\u00e9rosit\u00e9 du public du fonds de\ndotation\nFonds pour la D\u00e9mocratie\nPr\u00e9fecture de la R\u00e9gion d'Ile de France, Pr\u00e9fecture de Paris  - 75-2026-03-06-00004 - Arr\u00eat\u00e9 pr\u00e9fectoral portant autorisation\nd'appel \u00e0 la g\u00e9n\u00e9rosit\u00e9 du public du fonds de dotation\nFonds pour la D\u00e9mocratie\n7\n=mPREFETDE PARISLibert\u00e9Egalit\u00e9Fraternit\u00e9\n \n1/2 \n \nL'identifiant au registre national des fondations, fondations d'entreprise et fonds de dotation (dit RNF) est  : \n075-FDD-00204-05 \nR\u00e9f\u00e9rence du fonds de dotation  : FD1812 / Dossier n\u00b029445764 \nArr\u00eat\u00e9 pr\u00e9fectoral portant autorisation d'appel \u00e0 la g\u00e9n\u00e9rosit\u00e9 du public \n \n \n \n \n \n \n \n \nCABINET  \nService de la coordination des affaires parisiennes \nBureau des \u00e9lections, du m\u00e9c\u00e9nat et de la r\u00e9glementation \u00e9conomique  \n \n \nArr\u00eat\u00e9 pr\u00e9fectoral portant autorisation \nd'appel \u00e0 la g\u00e9n\u00e9rosit\u00e9 du public du fonds de dotation \nFonds pour la D\u00e9mocratie \n \nLe pr\u00e9fet de la r\u00e9gion d'Ile-de-France, pr\u00e9fet de Paris, \nGrand Officier de la L\u00e9gion d'Honneur  \nOfficier de l'Ordre national du M\u00e9rite \n \n \nVu la loi n\u00b0 91-772 du 7 ao\u00fbt 1991 relative au cong\u00e9 de repr\u00e9sentation en faveur des associations et \ndes mutuelles et au contr\u00f4le des comptes des organismes faisant appel \u00e0 la g\u00e9n\u00e9rosit\u00e9 publique  ; \n \nVu la loi n\u00b0 2008-776 du 4 ao\u00fbt 2008 de modernisation de l'\u00e9conomie, et notamment son \narticle  140  ; \n \nVu le d\u00e9cret n\u00b0 92-1011 du 17 septembre 1992 relatif au contr\u00f4le des comptes des organismes faisant \nappel \u00e0 la g\u00e9n\u00e9rosit\u00e9 publique ; \n \nVu le d\u00e9cret n\u00b0 2022-813 du 16 mai 2022, modifiant le d\u00e9cret n\u00b0 2009-158 du 11 f\u00e9vrier 2009 relatif \naux fonds de dotation, et notamment les articles  11 et suivants  ; \n \nVu la demande du fonds de dotation Fonds pour la D\u00e9mocratie sollicitant l'autorisation de faire \nappel \u00e0 la g\u00e9n\u00e9rosit\u00e9 du public, re\u00e7ue le 19 f\u00e9vrier 2026  ; \n \nConsid\u00e9rant que l'objectif du pr\u00e9sent appel \u00e0 la g\u00e9n\u00e9rosit\u00e9 du public est de contribuer au \nrenforcement de la coh\u00e9sion sociale, de la solidarit\u00e9 et du vivre ensemble, prot\u00e9ger les conditions \nd'exercice de la d\u00e9mocratie, promouvoir la d\u00e9mocratie et ses valeurs, renforcer l'inclusion, la \nparticipation citoyenne et la transparence des institutions et de la vie publique ; \n \nSur la proposition de la pr\u00e9f\u00e8te, directrice de cabinet du pr\u00e9fet de la r\u00e9gion d'\u00cele-de-France, pr\u00e9fet \nde Paris  ; \n \n \n \nPr\u00e9fecture de la R\u00e9gion d'Ile de France, Pr\u00e9fecture de Paris  - 75-2026-03-06-00004 - Arr\u00eat\u00e9 pr\u00e9fectoral portant autorisation\nd'appel \u00e0 la g\u00e9n\u00e9rosit\u00e9 du public du fonds de dotation\nFonds pour la D\u00e9mocratie\n8\n \n2/2 \n \nL'identifiant au registre national des fondations, fondations d'entreprise et fonds de dotation (dit RNF) est  : \n075-FDD-00204-05 \nR\u00e9f\u00e9rence du fonds de dotation  : FD1812 / Dossier n\u00b029445764 \nArr\u00eat\u00e9 pr\u00e9fectoral portant autorisation d'appel \u00e0 la g\u00e9n\u00e9rosit\u00e9 du public \n \n \n \nA R R E T E : \n \nARTICLE 1\ner  : Le fonds de dotation Fonds pour la D\u00e9mocratie est autoris\u00e9 \u00e0 faire appel \u00e0 la g\u00e9n\u00e9rosit\u00e9 \ndu public \u00e0 compter du 6 mars 2026 jusqu'au 31 d\u00e9cembre 2026. \n \nARTICLE 2  : Conform\u00e9ment \u00e0 la r\u00e9glementation en vigueur, le fonds de dotation a l'obligation \nd'int\u00e9grer dans ses comptes annuels un compte d'emploi annuel des ressources (CER) ainsi qu'un \ncompte de r\u00e9sultat par origine et par destination (CROD) lorsque le fonds de dotation est aliment\u00e9 \npar des dons issus de la g\u00e9n\u00e9rosit\u00e9 du public. \n \nARTICLE 3  : La pr\u00e9sente autorisation pourra \u00eatre retir\u00e9e ou abrog\u00e9e en cas de manquement aux \nr\u00e8gles r\u00e9gissant les fonds de dotation et/ou \u00e0 la r\u00e9glementation relative aux appels \u00e0 la g\u00e9n\u00e9rosit\u00e9 du \npublic. \n \nARTICLE 4  : Conform\u00e9ment aux dispositions du code de justice administrative, la pr\u00e9sente d\u00e9cision \nest susceptible de faire l'objet d'un recours contentieux devant le tribunal administratif de Paris dans \nle d\u00e9lai de 2 mois. \n \nARTICLE 5  : La pr\u00e9f\u00e8te, directrice de cabinet du pr\u00e9fet de la r\u00e9gion d'\u00cele-de-France, pr\u00e9fet de Paris, \nest charg\u00e9e de l'ex\u00e9cution du pr\u00e9sent arr\u00eat\u00e9 qui sera publi\u00e9 au recueil des actes administratifs de la \npr\u00e9fecture de Paris, accessible sur le site Internet de la pr\u00e9fecture de Paris (www.ile-de-\nfrance.gouv.fr ), et notifi\u00e9 aux personnes vis\u00e9es \u00e0 l'article 1 er  du pr\u00e9sent arr\u00eat\u00e9. \n \nFait \u00e0 Paris, le vendredi 6 mars 2026 \n \n \nPour le pr\u00e9fet de la r\u00e9gion d'Ile de France, \npr\u00e9fet de Paris et par d\u00e9l\u00e9gation \nLe chef du bureau des \u00e9lections,  \ndu m\u00e9c\u00e9nat et de la r\u00e9glementation \u00e9conomique \n \nSign\u00e9 \n \nMohamed SOLTANI \n \n \n \n \n \n \nPr\u00e9fecture de la R\u00e9gion d'Ile de France, Pr\u00e9fecture de Paris  - 75-2026-03-06-00004 - Arr\u00eat\u00e9 pr\u00e9fectoral portant autorisation\nd'appel \u00e0 la g\u00e9n\u00e9rosit\u00e9 du public du fonds de dotation\nFonds pour la D\u00e9mocratie\n9\nPr\u00e9fecture de la R\u00e9gion d'Ile de France,\nPr\u00e9fecture de Paris \n75-2026-03-06-00003\nArr\u00eat\u00e9 pr\u00e9fectoral portant autorisation\nd'appel \u00e0 la g\u00e9n\u00e9rosit\u00e9 du public du fonds de\ndotation\nFONDS POUR LA RECHERCHE SUR LES AVC\nPr\u00e9fecture de la R\u00e9gion d'Ile de France, Pr\u00e9fecture de Paris  - 75-2026-03-06-00003 - Arr\u00eat\u00e9 pr\u00e9fectoral portant autorisation\nd'appel \u00e0 la g\u00e9n\u00e9rosit\u00e9 du public du fonds de dotation\nFONDS POUR LA RECHERCHE SUR LES AVC\n10\n=mPREFETDE PARISLibert\u00e9Egalit\u00e9Fraternit\u00e9\n \n1/2 \n \nL'identifiant au registre national des fondations, fondations d'entreprise et fonds de dotation (dit RNF) est  : \n075-FDD-00636-03 \nR\u00e9f\u00e9rence du fonds de dotation  : FD1854 / Dossier n\u00b029478882 \nArr\u00eat\u00e9 pr\u00e9fectoral portant autorisation d'appel \u00e0 la g\u00e9n\u00e9rosit\u00e9 du public \n \n \n \n \n \n \n \n \nCABINET  \nService de la coordination des affaires parisiennes \nBureau des \u00e9lections, du m\u00e9c\u00e9nat et de la r\u00e9glementation \u00e9conomique  \n \n \nArr\u00eat\u00e9 pr\u00e9fectoral portant autorisation \nd'appel \u00e0 la g\u00e9n\u00e9rosit\u00e9 du public du fonds de dotation \nFONDS POUR LA RECHERCHE SUR LES AVC \n \nLe pr\u00e9fet de la r\u00e9gion d'Ile-de-France, pr\u00e9fet de Paris, \nGrand Officier de la L\u00e9gion d'Honneur  \nOfficier de l'Ordre national du M\u00e9rite \n \n \nVu la loi n\u00b0 91-772 du 7 ao\u00fbt 1991 relative au cong\u00e9 de repr\u00e9sentation en faveur des associations et \ndes mutuelles et au contr\u00f4le des comptes des organismes faisant appel \u00e0 la g\u00e9n\u00e9rosit\u00e9 publique  ; \n \nVu la loi n\u00b0 2008-776 du 4 ao\u00fbt 2008 de modernisation de l'\u00e9conomie, et notamment son \narticle  140  ; \n \nVu le d\u00e9cret n\u00b0 92-1011 du 17 septembre 1992 relatif au contr\u00f4le des comptes des organismes faisant \nappel \u00e0 la g\u00e9n\u00e9rosit\u00e9 publique ; \n \nVu le d\u00e9cret n\u00b0 2022-813 du 16 mai 2022, modifiant le d\u00e9cret n\u00b0 2009-158 du 11 f\u00e9vrier 2009 relatif \naux fonds de dotation, et notamment les articles  11 et suivants  ; \n \nVu la demande du fonds de dotation FONDS POUR LA RECHERCHE SUR LES AVC sollicitant \nl'autorisation de faire appel \u00e0 la g\u00e9n\u00e9rosit\u00e9 du public, re\u00e7ue le 19 f\u00e9vrier 2026  ; \n \nConsid\u00e9rant que l'objectif du pr\u00e9sent appel \u00e0 la g\u00e9n\u00e9rosit\u00e9 du public est de soutenir et d\u00e9velopper \ntoute \u0153uvre d'int\u00e9r\u00eat g\u00e9n\u00e9ral visant principalement \u00e0 favoriser la recherche dans le champ des \nmaladies neurovasculaires (notamment les AVC), porter et soutenir toute action de pr\u00e9vention des \nmaladies neurovasculaires ; \n \nSur la proposition de la pr\u00e9f\u00e8te, directrice de cabinet du pr\u00e9fet de la r\u00e9gion d'\u00cele-de-France, pr\u00e9fet \nde Paris  ; \n \n \n \nPr\u00e9fecture de la R\u00e9gion d'Ile de France, Pr\u00e9fecture de Paris  - 75-2026-03-06-00003 - Arr\u00eat\u00e9 pr\u00e9fectoral portant autorisation\nd'appel \u00e0 la g\u00e9n\u00e9rosit\u00e9 du public du fonds de dotation\nFONDS POUR LA RECHERCHE SUR LES AVC\n11\n \n2/2 \n \nL'identifiant au registre national des fondations, fondations d'entreprise et fonds de dotation (dit RNF) est  : \n075-FDD-00636-03 \nR\u00e9f\u00e9rence du fonds de dotation  : FD1854 / Dossier n\u00b029478882 \nArr\u00eat\u00e9 pr\u00e9fectoral portant autorisation d'appel \u00e0 la g\u00e9n\u00e9rosit\u00e9 du public \n \n \n \nA R R E T E : \n \nARTICLE 1\ner  : Le fonds de dotation FONDS POUR LA RECHERCHE SUR LES AVC est autoris\u00e9 \u00e0 faire \nappel \u00e0 la g\u00e9n\u00e9rosit\u00e9 du public \u00e0 compter du 6 mars 2026 jusqu'au 31 d\u00e9cembre 2026. \n \nARTICLE 2  : Conform\u00e9ment \u00e0 la r\u00e9glementation en vigueur, le fonds de dotation a l'obligation \nd'int\u00e9grer dans ses comptes annuels un compte d'emploi annuel des ressources (CER) ainsi qu'un \ncompte de r\u00e9sultat par origine et par destination (CROD) lorsque le fonds de dotation est aliment\u00e9 \npar des dons issus de la g\u00e9n\u00e9rosit\u00e9 du public. \n \nARTICLE 3  : La pr\u00e9sente autorisation pourra \u00eatre retir\u00e9e ou abrog\u00e9e en cas de manquement aux \nr\u00e8gles r\u00e9gissant les fonds de dotation et/ou \u00e0 la r\u00e9glementation relative aux appels \u00e0 la g\u00e9n\u00e9rosit\u00e9 du \npublic. \n \nARTICLE 4  : Conform\u00e9ment aux dispositions du code de justice administrative, la pr\u00e9sente d\u00e9cision \nest susceptible de faire l'objet d'un recours contentieux devant le tribunal administratif de Paris dans \nle d\u00e9lai de 2 mois. \n \nARTICLE 5  : La pr\u00e9f\u00e8te, directrice de cabinet du pr\u00e9fet de la r\u00e9gion d'\u00cele-de-France, pr\u00e9fet de Paris, \nest charg\u00e9e de l'ex\u00e9cution du pr\u00e9sent arr\u00eat\u00e9 qui sera publi\u00e9 au recueil des actes administratifs de la \npr\u00e9fecture de Paris, accessible sur le site Internet de la pr\u00e9fecture de Paris (www.ile-de-\nfrance.gouv.fr ), et notifi\u00e9 aux personnes vis\u00e9es \u00e0 l'article 1 er  du pr\u00e9sent arr\u00eat\u00e9. \n \nFait \u00e0 Paris, le vendredi 6 mars 2026 \n \n \nPour le pr\u00e9fet de la r\u00e9gion d'Ile de France, \npr\u00e9fet de Paris et par d\u00e9l\u00e9gation \nLe chef du bureau des \u00e9lections,  \ndu m\u00e9c\u00e9nat et de la r\u00e9glementation \u00e9conomique \n \nSign\u00e9 \n \nMohamed SOLTANI \n \n \n \n \n \n \nPr\u00e9fecture de la R\u00e9gion d'Ile de France, Pr\u00e9fecture de Paris  - 75-2026-03-06-00003 - Arr\u00eat\u00e9 pr\u00e9fectoral portant autorisation\nd'appel \u00e0 la g\u00e9n\u00e9rosit\u00e9 du public du fonds de dotation\nFONDS POUR LA RECHERCHE SUR LES AVC\n12\nPr\u00e9fecture de la R\u00e9gion d'Ile de France,\nPr\u00e9fecture de Paris \n75-2026-03-06-00002\nArr\u00eat\u00e9 pr\u00e9fectoral portant autorisation\nd'appel \u00e0 la g\u00e9n\u00e9rosit\u00e9 du public du fonds de\ndotation\nORAH\nPr\u00e9fecture de la R\u00e9gion d'Ile de France, Pr\u00e9fecture de Paris  - 75-2026-03-06-00002 - Arr\u00eat\u00e9 pr\u00e9fectoral portant autorisation\nd'appel \u00e0 la g\u00e9n\u00e9rosit\u00e9 du public du fonds de dotation\nORAH\n13\n=mPREFETDE PARISLibert\u00e9Egalit\u00e9Fraternit\u00e9\n \n1/2 \n \nL'identifiant au registre national des fondations, fondations d'entreprise et fonds de dotation (dit RNF) est  : \n075-FDD-00770-07 \nR\u00e9f\u00e9rence du fonds de dotation  : FD1686 / Dossier n\u00b0 \n 28436678 \nArr\u00eat\u00e9 pr\u00e9fectoral portant autorisation d'appel \u00e0 la g\u00e9n\u00e9rosit\u00e9 du public  \n \n \n \n \n \n \n \n \nCABINET  \nService de la coordination des affaires parisiennes \nBureau des \u00e9lections, du m\u00e9c\u00e9nat et de la r\u00e9glementation \u00e9conomique  \n \n \nArr\u00eat\u00e9 pr\u00e9fectoral portant autorisation \nd'appel \u00e0 la g\u00e9n\u00e9rosit\u00e9 du public du fonds de dotation \nORAH \n \nLe pr\u00e9fet de la r\u00e9gion d'Ile-de-France, pr\u00e9fet de Paris, \nGrand Officier de la L\u00e9gion d'Honneur  \nOfficier de l'Ordre national du M\u00e9rite \n \n \nVu la loi n\u00b0 91-772 du 7 ao\u00fbt 1991 relative au cong\u00e9 de repr\u00e9sentation en faveur des associations et \ndes mutuelles et au contr\u00f4le des comptes des organismes faisant appel \u00e0 la g\u00e9n\u00e9rosit\u00e9 publique  ; \n \nVu la loi n\u00b0 2008-776 du 4 ao\u00fbt 2008 de modernisation de l'\u00e9conomie, et notamment son \narticle  140  ; \n \nVu le d\u00e9cret n\u00b0 92-1011 du 17 septembre 1992 relatif au contr\u00f4le des comptes des organismes faisant \nappel \u00e0 la g\u00e9n\u00e9rosit\u00e9 publique ; \n \nVu le d\u00e9cret n\u00b0 2022-813 du 16 mai 2022, modifiant le d\u00e9cret n\u00b0 2009-158 du 11 f\u00e9vrier 2009 relatif \naux fonds de dotation, et notamment les articles  11 et suivants  ; \n \nVu la demande du fonds de dotation ORAH sollicitant l'autorisation de faire appel \u00e0 la g\u00e9n\u00e9rosit\u00e9 du \npublic, re\u00e7ue le 17 f\u00e9vrier 2026, compl\u00e9t\u00e9e le 24 f\u00e9vrier 2026  ; \n \nConsid\u00e9rant que l'objectif du pr\u00e9sent appel \u00e0 la g\u00e9n\u00e9rosit\u00e9 du public est de soutenir les activit\u00e9s du \nfonds et notamment d'organiser et soutenir des actions culturelles, \u00e9ducatives et sociales d'int\u00e9r\u00eat \ng\u00e9n\u00e9ral ; \n \nSur la proposition de la pr\u00e9f\u00e8te, directrice de cabinet du pr\u00e9fet de la r\u00e9gion d'\u00cele-de-France, pr\u00e9fet \nde Paris  ; \n \n \n \nPr\u00e9fecture de la R\u00e9gion d'Ile de France, Pr\u00e9fecture de Paris  - 75-2026-03-06-00002 - Arr\u00eat\u00e9 pr\u00e9fectoral portant autorisation\nd'appel \u00e0 la g\u00e9n\u00e9rosit\u00e9 du public du fonds de dotation\nORAH\n14\n \n2/2 \n \nL'identifiant au registre national des fondations, fondations d'entreprise et fonds de dotation (dit RNF) est  : \n075-FDD-00770-07 \nR\u00e9f\u00e9rence du fonds de dotation  : FD1686 / Dossier n\u00b0 \n 28436678 \nArr\u00eat\u00e9 pr\u00e9fectoral portant autorisation d'appel \u00e0 la g\u00e9n\u00e9rosit\u00e9 du public  \n \n \nA R R E T E : \n \nARTICLE 1\ner  : Le fonds de dotation ORAH est autoris\u00e9 \u00e0 faire appel \u00e0 la g\u00e9n\u00e9rosit\u00e9 du public \u00e0 \ncompter du 6 mars 2026 jusqu'au 31 d\u00e9cembre 2026. \n \nARTICLE 2  : Conform\u00e9ment \u00e0 la r\u00e9glementation en vigueur, le fonds de dotation a l'obligation \nd'int\u00e9grer dans ses comptes annuels un compte d'emploi annuel des ressources (CER) ainsi qu'un \ncompte de r\u00e9sultat par origine et par destination (CROD) lorsque le fonds de dotation est aliment\u00e9 \npar des dons issus de la g\u00e9n\u00e9rosit\u00e9 du public. \n \nARTICLE 3  : La pr\u00e9sente autorisation pourra \u00eatre retir\u00e9e ou abrog\u00e9e en cas de manquement aux \nr\u00e8gles r\u00e9gissant les fonds de dotation et/ou \u00e0 la r\u00e9glementation relative aux appels \u00e0 la g\u00e9n\u00e9rosit\u00e9 du \npublic. \n \nARTICLE 4  : Conform\u00e9ment aux dispositions du code de justice administrative, la pr\u00e9sente d\u00e9cision \nest susceptible de faire l'objet d'un recours contentieux devant le tribunal administratif de Paris dans \nle d\u00e9lai de 2 mois. \n \nARTICLE 5  : La pr\u00e9f\u00e8te, directrice de cabinet du pr\u00e9fet de la r\u00e9gion d'\u00cele-de-France, pr\u00e9fet de Paris, \nest charg\u00e9e de l'ex\u00e9cution du pr\u00e9sent arr\u00eat\u00e9 qui sera publi\u00e9 au recueil des actes administratifs de la \npr\u00e9fecture de Paris, accessible sur le site Internet de la pr\u00e9fecture de Paris (www.ile-de-\nfrance.gouv.fr ), et notifi\u00e9 aux personnes vis\u00e9es \u00e0 l'article 1 er  du pr\u00e9sent arr\u00eat\u00e9. \n \nFait \u00e0 Paris, le vendredi 6 mars 2026 \n \n \nPour le pr\u00e9fet de la r\u00e9gion d'Ile de France, \npr\u00e9fet de Paris et par d\u00e9l\u00e9gation \nLe chef du bureau des \u00e9lections,  \ndu m\u00e9c\u00e9nat et de la r\u00e9glementation \u00e9conomique \n \nSign\u00e9 \n \nMohamed SOLTANI \n \n \n \n \n \n \nPr\u00e9fecture de la R\u00e9gion d'Ile de France, Pr\u00e9fecture de Paris  - 75-2026-03-06-00002 - Arr\u00eat\u00e9 pr\u00e9fectoral portant autorisation\nd'appel \u00e0 la g\u00e9n\u00e9rosit\u00e9 du public du fonds de dotation\nORAH\n15\nPr\u00e9fecture de la R\u00e9gion d'Ile de France,\nPr\u00e9fecture de Paris \n75-2026-03-06-00001\nArr\u00eat\u00e9 pr\u00e9fectoral portant autorisation\nd'appel \u00e0 la g\u00e9n\u00e9rosit\u00e9 du public du Fonds de\ndotation du Concert Spirituel\nPr\u00e9fecture de la R\u00e9gion d'Ile de France, Pr\u00e9fecture de Paris  - 75-2026-03-06-00001 - Arr\u00eat\u00e9 pr\u00e9fectoral portant autorisation\nd'appel \u00e0 la g\u00e9n\u00e9rosit\u00e9 du public du Fonds de dotation du Concert Spirituel 16\n=mPREFETDE PARISLibert\u00e9Egalit\u00e9Fraternit\u00e9\n \n1/2 \n \nL'identifiant au registre national des fondations, fondations d'entreprise et fonds de dotation (dit RNF) est  : \n075-FDD-00793-09 \nR\u00e9f\u00e9rence du fonds de dotation  : FD536 / Dossier n\u00b0 \n 27038288 \nArr\u00eat\u00e9 pr\u00e9fectoral portant autorisation d'appel \u00e0 la g\u00e9n\u00e9rosit\u00e9 du public  \n \n \n \n \n \n \n \n \nCABINET  \nService de la coordination des affaires parisiennes \nBureau des \u00e9lections, du m\u00e9c\u00e9nat et de la r\u00e9glementation \u00e9conomique  \n \n \nArr\u00eat\u00e9 pr\u00e9fectoral portant autorisation \nd'appel \u00e0 la g\u00e9n\u00e9rosit\u00e9 du public du Fonds de dotation du Concert Spirituel \n \nLe pr\u00e9fet de la r\u00e9gion d'Ile-de-France, pr\u00e9fet de Paris, \nGrand Officier de la L\u00e9gion d'Honneur  \nOfficier de l'Ordre national du M\u00e9rite \n \n \nVu la loi n\u00b0 91-772 du 7 ao\u00fbt 1991 relative au cong\u00e9 de repr\u00e9sentation en faveur des associations et \ndes mutuelles et au contr\u00f4le des comptes des organismes faisant appel \u00e0 la g\u00e9n\u00e9rosit\u00e9 publique  ; \n \nVu la loi n\u00b0 2008-776 du 4 ao\u00fbt 2008 de modernisation de l'\u00e9conomie, et notamment son \narticle  140  ; \n \nVu le d\u00e9cret n\u00b0 92-1011 du 17 septembre 1992 relatif au contr\u00f4le des comptes des organismes faisant \nappel \u00e0 la g\u00e9n\u00e9rosit\u00e9 publique ; \n \nVu le d\u00e9cret n\u00b0 2022-813 du 16 mai 2022, modifiant le d\u00e9cret n\u00b0 2009-158 du 11 f\u00e9vrier 2009 relatif \naux fonds de dotation, et notamment les articles  11 et suivants  ; \n \nVu la demande du Fonds de dotation du Concert Spirituel sollicitant l'autorisation de faire appel \u00e0 la \ng\u00e9n\u00e9rosit\u00e9 du public, re\u00e7ue le 23 f\u00e9vrier 2026  ; \n \nConsid\u00e9rant que l'objectif du pr\u00e9sent appel \u00e0 la g\u00e9n\u00e9rosit\u00e9 du public est le d\u00e9veloppement et le \nsoutien de tout projet et/ou action visant \u00e0 la diffusion de la musique sous toutes ses formes et par \ntout moyen ; \n  \nSur la proposition de la pr\u00e9f\u00e8te, directrice de cabinet du pr\u00e9fet de la r\u00e9gion d'\u00cele-de-France, pr\u00e9fet \nde Paris  ; \n \n \n \nPr\u00e9fecture de la R\u00e9gion d'Ile de France, Pr\u00e9fecture de Paris  - 75-2026-03-06-00001 - Arr\u00eat\u00e9 pr\u00e9fectoral portant autorisation\nd'appel \u00e0 la g\u00e9n\u00e9rosit\u00e9 du public du Fonds de dotation du Concert Spirituel 17\n \n2/2 \n \nL'identifiant au registre national des fondations, fondations d'entreprise et fonds de dotation (dit RNF) est  : \n075-FDD-00793-09 \nR\u00e9f\u00e9rence du fonds de dotation  : FD536 / Dossier n\u00b0 \n 27038288 \nArr\u00eat\u00e9 pr\u00e9fectoral portant autorisation d'appel \u00e0 la g\u00e9n\u00e9rosit\u00e9 du public  \n \n \nA R R E T E : \n \nARTICLE 1\ner  : Le Fonds de dotation du Concert Spirituel est autoris\u00e9 \u00e0 faire appel \u00e0 la g\u00e9n\u00e9rosit\u00e9 du \npublic \u00e0 compter du 6 mars 2026 jusqu'au 31 d\u00e9cembre 2026. \n \nARTICLE 2  : Conform\u00e9ment \u00e0 la r\u00e9glementation en vigueur, le fonds de dotation a l'obligation \nd'int\u00e9grer dans ses comptes annuels un compte d'emploi annuel des ressources (CER) ainsi qu'un \ncompte de r\u00e9sultat par origine et par destination (CROD) lorsque le fonds de dotation est aliment\u00e9 \npar des dons issus de la g\u00e9n\u00e9rosit\u00e9 du public. \n \nARTICLE 3  : La pr\u00e9sente autorisation pourra \u00eatre retir\u00e9e ou abrog\u00e9e en cas de manquement aux \nr\u00e8gles r\u00e9gissant les fonds de dotation et/ou \u00e0 la r\u00e9glementation relative aux appels \u00e0 la g\u00e9n\u00e9rosit\u00e9 du \npublic. \n \nARTICLE 4  : Conform\u00e9ment aux dispositions du code de justice administrative, la pr\u00e9sente d\u00e9cision \nest susceptible de faire l'objet d'un recours contentieux devant le tribunal administratif de Paris dans \nle d\u00e9lai de 2 mois. \n \nARTICLE 5  : La pr\u00e9f\u00e8te, directrice de cabinet du pr\u00e9fet de la r\u00e9gion d'\u00cele-de-France, pr\u00e9fet de Paris, \nest charg\u00e9e de l'ex\u00e9cution du pr\u00e9sent arr\u00eat\u00e9 qui sera publi\u00e9 au recueil des actes administratifs de la \npr\u00e9fecture de Paris, accessible sur le site Internet de la pr\u00e9fecture de Paris (www.ile-de-\nfrance.gouv.fr ), et notifi\u00e9 aux personnes vis\u00e9es \u00e0 l'article 1 er  du pr\u00e9sent arr\u00eat\u00e9. \n \nFait \u00e0 Paris, le vendredi 6 mars 2026 \n \n \nPour le pr\u00e9fet de la r\u00e9gion d'Ile de France, \npr\u00e9fet de Paris et par d\u00e9l\u00e9gation \nLe chef du bureau des \u00e9lections,  \ndu m\u00e9c\u00e9nat et de la r\u00e9glementation \u00e9conomique \n \nSign\u00e9 \n \nMohamed SOLTANI \n \n \n \n \n \n \nPr\u00e9fecture de la R\u00e9gion d'Ile de France, Pr\u00e9fecture de Paris  - 75-2026-03-06-00001 - Arr\u00eat\u00e9 pr\u00e9fectoral portant autorisation\nd'appel \u00e0 la g\u00e9n\u00e9rosit\u00e9 du public du Fonds de dotation du Concert Spirituel 18\nPr\u00e9fecture de la R\u00e9gion d'Ile de France,\nPr\u00e9fecture de Paris \n75-2026-03-06-00007\nArr\u00eat\u00e9 pr\u00e9fectoral accordant \u00e0 l'association\nINSTITUT DE MYOLOGIE une autorisation \u00e0\nd\u00e9roger au repos dominical\nPr\u00e9fecture de la R\u00e9gion d'Ile de France, Pr\u00e9fecture de Paris  - 75-2026-03-06-00007 - Arr\u00eat\u00e9 pr\u00e9fectoral accordant \u00e0 l'association\nINSTITUT DE MYOLOGIE une autorisation \u00e0 d\u00e9roger au repos dominical 19\nPREFETDE PARISLibert\u00e9Egalit\u00e9Fraternit\u00e9\nCabinet  \nService de la coordination des affaires parisiennes \nBureau des \u00e9lections, du m\u00e9c\u00e9nat et de la r\u00e9glementation \u00e9conomique  \n \nTel : 01 82 52 40 00 \nMel: \npref-reglementationeconomique@paris.gouv.fr  \n5 rue Leblanc -75911 Paris cedex 15 \n  1/3 \n \n \n \n \n \n \nArr\u00eat\u00e9 pr\u00e9fectoral accordant \u00e0 l'association INSTITUT DE MYOLOGIE \n \nune autorisation \u00e0 d\u00e9roger au repos dominical \n \n          Le Pr\u00e9fet de la r\u00e9gion d'\u00cele-de-France, pr\u00e9fet de Paris, \n           Grand Officier de la L\u00e9gion d'honneur, \n           Officier de l'Ordre national du M\u00e9rite, \n \n \n \n \nVu le Code du travail et notamment la troisi\u00e8me partie, livre 1 \ner , les articles L. 3132-3, L. 3132-20,              \nL. 3132-25-3, L. 3132-25-4 et R. 3132-16  ; \n \nVu la demande pr\u00e9sent\u00e9e par l'Association d\u00e9nomm\u00e9e INSTITUT DE MYOLOGIE, situ\u00e9e au sein du \nGroupe Hospitalier Piti\u00e9-Salp\u00eatri\u00e8re \u2013 45-83 boulevard de l'H\u00f4pital - 75651 Paris Cedex, sollicitant, \nen application des articles pr\u00e9cit\u00e9s, l'autorisation d'accorder le repos hebdomadaire un autre jour \nque le dimanche au personnel salari\u00e9 de son \u00e9tablissement charg\u00e9 de la surveillance des animaux \nh\u00e9berg\u00e9s au sein de l'animalerie du laboratoire de RMN ainsi que de la surveillance et de l'entretien \ndes cultures cellulaires, dans le cadre des protocoles exp\u00e9rimentaux et interventions sous \nastreintes  ; \nVu la demande adress\u00e9e \u00e0 la Ville de Paris aux fins de consultation du conseil de Paris et en \nl'absence de r\u00e9ponse  ; \n \nVu l'a r\u00e9ponse du pr\u00e9sident de la m\u00e9tropole du Grand Paris aux fins de consultation du conseil de la \nm\u00e9tropole du Grand Paris qui laisse courir un avis conforme  ; \nVu l'avis favorable du syndicat Les Entreprises du M\u00e9dicament \u2013 LEEM  ; \nVu l'avis favorable de l'Union d\u00e9partementale UNSA de Paris  ; \nEn l'absence de r\u00e9ponse de la Chambre de commerce et d'industrie d\u00e9partementale de Paris, de la \nChambre de m\u00e9tiers et de l'artisanat de Paris, du Mouvement des entreprises de France \u2013 MEDEF \nParis, de l'Union d\u00e9partementale CFE-CGC de Paris, de l'Union d\u00e9partementale FO de Paris, de \nl'Union d\u00e9partementale CGT de Paris, de l'Union d\u00e9partementale CFTC de Paris, de l'Union \nd\u00e9partementale CFDT de Paris, de l'Union d\u00e9partementale SOLIDAIRES de Paris  ; \nConsid\u00e9rant que l'Association INSTITUT DE MYOLOGIE est un centre m\u00e9dico-scientifique qui a \npour but la recherche scientifique, notamment le d\u00e9veloppement de la myologie, tant sur le plan \nclinique que scientifique  ; \n \nConsid\u00e9rant que la Directive n\u00b0 2010/63/UE du Parlement europ\u00e9en et du Conseil du 22 septembre \n2010 relative \u00e0 la protection des animaux utilis\u00e9s \u00e0 des fins scientifiques rend obligatoire la \nsurveillance, sept jours sur sept, des animaux h\u00e9berg\u00e9s au sein des animaleries des laboratoires de \nrecherche m\u00e9dicale  ; \n \nPr\u00e9fecture de la R\u00e9gion d'Ile de France, Pr\u00e9fecture de Paris  - 75-2026-03-06-00007 - Arr\u00eat\u00e9 pr\u00e9fectoral accordant \u00e0 l'association\nINSTITUT DE MYOLOGIE une autorisation \u00e0 d\u00e9roger au repos dominical 20\n \n \nTel : 01 82 52 40 00 \nMel: pref-reglementationeconomique@paris.gouv.fr  2 /3 \n5 rue Leblanc -75911 Paris cedex 15 \n \n \nConsid\u00e9rant que l'INSTITUT DE MYOLOGIE est tenu de se conformer \u00e0 cette directive en assurant \nune surveillance quotidienne des animaux h\u00e9berg\u00e9s dans le laboratoire de RMN, y compris le \ndimanche  ; \n \nConsid\u00e9rant que cette activit\u00e9 implique la pr\u00e9sence d'un salari\u00e9 le dimanche  ; \n \nConsid\u00e9rant, en outre, que l'INSTITUT DE MYOLOGIE p eut \u00eatre amen\u00e9 \u00e0 proc\u00e9der \noccasionnellement le dimanche \u00e0 la surveillance et l'entretien des cultures cellulaires, dans le cadre \nde protocoles exp\u00e9rimentaux et interventions sous astreintes  ; \nConsid\u00e9rant que ces interventions seront effectu\u00e9es par des chercheurs, ing\u00e9nieurs et techniciens \nde laboratoires pour assurer la r\u00e9ussite d'une exp\u00e9rience en cours  ; \nConsid\u00e9rant, en cons\u00e9quence, que l'INSTITUT DE MYOLOGIE pr\u00e9voit de faire travailler ses salari\u00e9s \nle dimanche  ; \nConsid\u00e9rant, en cons\u00e9quence, que le repos simultan\u00e9 le dimanche du personnel charg\u00e9 des travaux \nconcern\u00e9s porterait atteinte au fonctionnement normal de l'INSTITUT DE MYOLOGIE s'il se trouvait, \npour ce motif, emp\u00each\u00e9 d'exercer ce jour-l\u00e0 les activit\u00e9s habituelles des autres jours de la semaine  ; \nConsid\u00e9rant que l'INSTITUT DE MYOLOGIE  a fourni, dans sa demande de d\u00e9rogation, les garanties \nn\u00e9cessaires en termes de majoration de salaire et de repos compensateur  ; \n \nConsid\u00e9rant que les salari\u00e9s volontaires pour travailler le dimanche ont donn\u00e9 leur accord par \u00e9crit, \nconform\u00e9ment \u00e0 l'article L. 3132-25-4 du Code du travail ; \n \n \n \nA R R E T E : \n \n \nARTICLE 1 \ner  : L'association d\u00e9nomm\u00e9e INSTITUT DE MYOLOGIE est autoris\u00e9e \u00e0 accorder le repos \nhebdomadaire un autre jour que le dimanche au personnel salari\u00e9 de son \u00e9tablissement charg\u00e9 de \nla surveillance des animaux h\u00e9berg\u00e9s au sein de l'animalerie du laboratoire de RMN ainsi que de la \nsurveillance et de l'entretien des cultures cellulaires, dans le cadre des protocoles exp\u00e9rimentaux et \ninterventions sous astreintes. \n \nARTICLE 2  : La pr\u00e9sente autorisation est d\u00e9livr\u00e9e pour une dur\u00e9e de trois ans \u00e0 compter de la date \ndu pr\u00e9sent arr\u00eat\u00e9. \nARTICLE 3  : Cette autorisation ne permet pas de d\u00e9roger \u00e0 l'article L. 3132-1 du Code du travail qui \ndispose qu' \u00ab il est interdit de faire travailler un m\u00eame salari\u00e9 plus de six jours par semaine  \u00bb. \n \nARTICLE 4  : Le pr\u00e9sent arr\u00eat\u00e9 peut faire l'objet d'un recours contentieux, aupr\u00e8s du tribunal \nadministratif de Paris, dans le d\u00e9lai de deux mois, \u00e0 compter de sa notification. Il peut \u00e9galement, \ndans le m\u00eame d\u00e9lai, faire l'objet d'un recours gracieux aupr\u00e8s du pr\u00e9fet de la r\u00e9gion d'\u00cele-de-France, \npr\u00e9fet de Paris et/ou d'un recours hi\u00e9rarchique aupr\u00e8s du ministre du travail et des solidarit\u00e9s. Le \nrecours gracieux et/ou hi\u00e9rarchique prolonge le d\u00e9lai de recours contentieux qui doit alors \u00eatre \nintroduit dans les deux mois suivant la d\u00e9cision implicite ou explicite de l'autorit\u00e9 comp\u00e9tente (le \nsilence de l'administration pendant un d\u00e9lai de deux mois valant d\u00e9cision implicite de rejet). \n \nPr\u00e9fecture de la R\u00e9gion d'Ile de France, Pr\u00e9fecture de Paris  - 75-2026-03-06-00007 - Arr\u00eat\u00e9 pr\u00e9fectoral accordant \u00e0 l'association\nINSTITUT DE MYOLOGIE une autorisation \u00e0 d\u00e9roger au repos dominical 21\n \nTel : 01 82 52 40 00 \nMel: pref-reglementationeconomique@paris.gouv.fr  3 /3 \n5 rue Leblanc -75911 Paris cedex 15 \n \nARTICLE 5  : La pr\u00e9f\u00e8te, directrice de cabinet du pr\u00e9fet de la r\u00e9gion d'\u00cele-de-France, pr\u00e9fet de Paris \net le directeur de l'unit\u00e9 d\u00e9partementale de Paris de la direction r\u00e9gionale et interd\u00e9partementale \nde l'\u00e9conomie, de l'emploi, du travail et des solidarit\u00e9s (DRIEETS) sont charg\u00e9s, chacun en ce qui le \nconcerne, de l'ex\u00e9cution du pr\u00e9sent arr\u00eat\u00e9, qui sera notifi\u00e9 \u00e0 l'association d\u00e9nomm\u00e9e INSTITUT DE \nMYOLOGIE et publi\u00e9 au recueil des actes administratifs de la pr\u00e9fecture de la r\u00e9gion d'\u00cele-de-France, \npr\u00e9fecture de Paris, accessible sur le site internet  : http://www.prefectures-regions.gouv.fr/ile-de-\nfrance.  \n \n \n            \n \n       Fait \u00e0 Paris, le 6 mars 2026  \n \n                           \n   \n        Pour le Pr\u00e9fet et par d\u00e9l\u00e9gation, \nLa Directrice de cabinet du Pr\u00e9fet de la r\u00e9gion d'Ile-de-France, Pr\u00e9fet de Paris, \nSIGN\u00c9 \nKarine DELAMARCHE \n \n \n \n \n  \n \n           \n \nPr\u00e9fecture de la R\u00e9gion d'Ile de France, Pr\u00e9fecture de Paris  - 75-2026-03-06-00007 - Arr\u00eat\u00e9 pr\u00e9fectoral accordant \u00e0 l'association\nINSTITUT DE MYOLOGIE une autorisation \u00e0 d\u00e9roger au repos dominical 22\nPr\u00e9fecture de la R\u00e9gion d'Ile de France,\nPr\u00e9fecture de Paris \n75-2026-03-06-00008\nArr\u00eat\u00e9 pr\u00e9fectoral accordant \u00e0 la SAS SUEZ RV\nREBOND INSERTION une autorisation pour\nd\u00e9roger \u00e0 la r\u00e8gle du repos dominical\nPr\u00e9fecture de la R\u00e9gion d'Ile de France, Pr\u00e9fecture de Paris  - 75-2026-03-06-00008 - Arr\u00eat\u00e9 pr\u00e9fectoral accordant \u00e0 la SAS SUEZ RV\nREBOND INSERTION une autorisation pour d\u00e9roger \u00e0 la r\u00e8gle du repos dominical 23\nPREFETDE PARISLibert\u00e9Egalit\u00e9Fraternit\u00e9\nCabinet  \nService de la coordination des affaires parisiennes \nBureau des \u00e9lections, du m\u00e9c\u00e9nat et de la r\u00e9glementation \u00e9conomique  \n \nTel : 01 82 52 40 00 \nMel: \npref-reglementationeconomique@paris.gouv.fr  \n5 rue Leblanc -75911 Paris cedex 15 \n  1/2 \n            \n      \nArr\u00eat\u00e9 pr\u00e9fectoral accordant \u00e0 la SAS SUEZ RV REBOND INSERTION \n     une autorisation pour d\u00e9roger \u00e0 la r\u00e8gle du repos dominical \n \nLe Pr\u00e9fet de la r\u00e9gion d'\u00cele-de-France, pr\u00e9fet de Paris, \nGrand Officier de la L\u00e9gion d'honneur, \nOfficier de l'ordre national du M\u00e9rite, \n \n \nVu le Code du travail et notamment la troisi\u00e8me partie, livre 1 er , les articles L. 3132-3, L. 3132-20,              \nL. 3132-25-3, L. 3132-25-4 et R. 3132-16  ; \n \nVu la demande pr\u00e9sent\u00e9e par la SAS SUEZ RV REBOND INSERTION, dont le si\u00e8ge social est situ\u00e9 au      \n3 rue Rouvet \u00e0 Paris 19 \ne, sollicitant, en application des articles pr\u00e9cit\u00e9s, l'autorisation d'accorder le \nrepos hebdomadaire un autre jour que le dimanche \u00e0 tout ou partie du personnel salari\u00e9 charg\u00e9 de \nla collecte, du tri et de la valorisation des d\u00e9chets recyclables des espaces de la Gare de l'Est, situ\u00e9e \nrue du 8 mai 1945 \u00e0 Paris 10 e ; \n \nVu la demande adress\u00e9e \u00e0 la Ville de Paris aux fins de consultation du conseil de Paris et en \nl'absence de r\u00e9ponse  ; \n \nVu la r\u00e9ponse du pr\u00e9sident de la M\u00e9tropole du Grand Paris aux fins de consultation du Conseil de la \nM\u00e9tropole du Grand Paris qui laisse courir un avis conforme  ; \nVu l'avis favorable de la Chambre de commerce et d'industrie d\u00e9partementale de Paris  ; \n \nVu l'avis favorable du Mouvement des entreprises de France \u2013 MEDEF  ; \n \nVu l'avis favorable de l'Union d\u00e9partementale UNSA de Paris  ; \n \nEn l'absence de r\u00e9ponse de la Chambre de m\u00e9tiers et de l'artisanat de Paris, de l'Union \nd\u00e9partementale CFDT de Paris, de l'Union d\u00e9partementale CFTC de Paris, de l'Union \nd\u00e9partementale SOLIDAIRES de Paris, de l'Union d\u00e9partementale CFE-CGC de Paris, de l'Union \nd\u00e9partementale FO de Paris, de l'Union d\u00e9partementale CGT de Paris  ; \n \nConsid\u00e9rant que la SAS SUEZ RV REBOND INSERTION, entreprise soutenue par le groupe SUEZ et \nsp\u00e9cialis\u00e9e dans l'aide \u00e0 l'insertion de personnes en difficult\u00e9s socio-professionnelles, a conclu un \nmarch\u00e9 avec la Gare de l'Est, situ\u00e9e rue du 8 mai 1945 \u00e0 Paris 10 \ne, pour la collecte, le tri et la \nvalorisation des d\u00e9chets recyclables  ; \n \nConsid\u00e9rant que la SAS SUEZ RV REBOND INSERTION offre des postes de travail correspondants \naux comp\u00e9tences de ses salari\u00e9s, auxquels seront confi\u00e9 la collecte, le tri et la valorisation des \nd\u00e9chets recyclables des espaces de la Gare de l'Est ; \n \nConsid\u00e9rant que la Gare de l'Est est ouverte aux voyageurs de la SNCF tous les jours de la semaine, \ny compris le dimanche  ; \n \nConsid\u00e9rant la n\u00e9cessit\u00e9 de maintenir des conditions d'hygi\u00e8ne pour les salari\u00e9s et les voyageurs de \nla Gare de l'Est et que la collecte, le tri et la valorisation des d\u00e9chets recyclables des espaces \ncommuns de la gare  doit \u00eatre assur\u00e9 tous les jours de la semaine, y compris le dimanche  ; \nPr\u00e9fecture de la R\u00e9gion d'Ile de France, Pr\u00e9fecture de Paris  - 75-2026-03-06-00008 - Arr\u00eat\u00e9 pr\u00e9fectoral accordant \u00e0 la SAS SUEZ RV\nREBOND INSERTION une autorisation pour d\u00e9roger \u00e0 la r\u00e8gle du repos dominical 24\n \n \nTel : 01 82 52 40 00 \nMel: pref-reglementationeconomique@paris.gouv.fr  2 /2 \n5 rue Leblanc -75911 Paris cedex 15 \n \n \nConsid\u00e9rant, dans ces conditions, que le repos simultan\u00e9 du dimanche du personnel charg\u00e9 de ces \nop\u00e9rations serait pr\u00e9judiciable au public si ces prestations habituelles, en l'occurrence le maintien \nde la propret\u00e9 de la Gare de l'Est, ne pouvait \u00eatre assur\u00e9 tous les jours de la semaine, y compris le \ndimanche  ; \n \nConsid\u00e9rant, en cons\u00e9quence, que la SAS SUEZ RV REBOND INSERTION pr\u00e9voit de faire travailler \nses salari\u00e9s le dimanche  ; \n \nConsid\u00e9rant que la SAS SUEZ RV REBOND INSERTION a fourni, dans sa demande de d\u00e9rogation, les \ngaranties n\u00e9cessaires en termes de salaire et de repos compensateur  ; \n \nConsid\u00e9rant que les salari\u00e9s volontaires pour travailler le dimanche ont donn\u00e9 leur accord par \u00e9crit, \nconform\u00e9ment \u00e0 l'article L. 3132-25-4 du Code du travail ; \n \n \nA R R E T E  : \n \n \nARTICLE 1 \ner  : La SAS SUEZ RV REBOND INSERTION est autoris\u00e9e \u00e0 accorder le repos hebdomadaire \nun autre jour que le dimanche \u00e0 tout ou partie du personnel salari\u00e9 charg\u00e9 de la collecte, du tri et \nde la valorisation des d\u00e9chets recyclables des espaces de la Gare de l'Est, situ\u00e9e rue du 8 mai 1945 \u00e0 \nParis 10 e. \n \nARTICLE 2  : La pr\u00e9sente autorisation est d\u00e9livr\u00e9e  pour une dur\u00e9e de trois ans \u00e0 compter de la date \ndu pr\u00e9sent arr\u00eat\u00e9. \n \nARTICLE 3  : Cette autorisation ne permet pas de d\u00e9roger \u00e0 l'article L . 3132-1 du code du travail \nqui dispose qu' \u00ab il est interdit de faire travailler un m\u00eame salari\u00e9 plus de six jours par semaine  \u00bb. \n \nARTICLE 4  : Le pr\u00e9sent arr\u00eat\u00e9 peut faire l'objet d'un recours contentieux, aupr\u00e8s du tribunal \nadministratif de Paris, dans le d\u00e9lai de deux mois, \u00e0 compter de sa notification. Il peut \u00e9galement, \ndans le m\u00eame d\u00e9lai, faire l'objet d'un recours gracieux aupr\u00e8s du pr\u00e9fet de la r\u00e9gion d'\u00cele-de-France, \npr\u00e9fet de Paris et/ou d'un recours hi\u00e9rarchique aupr\u00e8s du ministre du travail et des solidarit\u00e9s. Le \nrecours gracieux et/ou hi\u00e9rarchique prolonge le d\u00e9lai de recours contentieux qui doit alors \u00eatre \nintroduit dans les deux mois suivant la d\u00e9cision implicite ou explicite de l'autorit\u00e9 comp\u00e9tente (le \nsilence de l'administration pendant un d\u00e9lai de deux mois valant d\u00e9cision implicite de rejet). \nARTICLE 5  : La pr\u00e9f\u00e8te, directrice de cabinet du pr\u00e9fet de la r\u00e9gion d'\u00cele-de-France, pr\u00e9fet de Paris \net le directeur de l'unit\u00e9 d\u00e9partementale de Paris de la direction r\u00e9gionale et interd\u00e9partementale \nde l'\u00e9conomie, de l'emploi, du travail et des solidarit\u00e9s (DRIEETS) sont charg\u00e9s, chacun en ce qui le \nconcerne, de l'ex\u00e9cution du pr\u00e9sent arr\u00eat\u00e9, qui sera notifi\u00e9 \u00e0 la SAS SUEZ RV REBOND INSERTION \net publi\u00e9 au recueil des actes administratifs de la pr\u00e9fecture de la r\u00e9gion d'\u00cele-de-France, pr\u00e9fecture \nde Paris, accessible sur le site internet  : http://www.prefectures-regions.gouv.fr/ile-de-france . \n \n                \n \nFait \u00e0 Paris, le 6 mars 2026  \n \n                           \n   \n        Pour le Pr\u00e9fet et par d\u00e9l\u00e9gation, \nLa Directrice de cabinet du Pr\u00e9fet de la r\u00e9gion d'Ile-de-France, Pr\u00e9fet de Paris, \nSIGN\u00c9 \nKarine DELAMARCHE \n \nPr\u00e9fecture de la R\u00e9gion d'Ile de France, Pr\u00e9fecture de Paris  - 75-2026-03-06-00008 - Arr\u00eat\u00e9 pr\u00e9fectoral accordant \u00e0 la SAS SUEZ RV\nREBOND INSERTION une autorisation pour d\u00e9roger \u00e0 la r\u00e8gle du repos dominical 25\nPr\u00e9fecture de la R\u00e9gion d'Ile de France,\nPr\u00e9fecture de Paris \n75-2026-03-06-00009\nArr\u00eat\u00e9 pr\u00e9fectoral accordant \u00e0 la SAS SUEZ RV\nREBOND INSERTION une autorisation pour\nd\u00e9roger \u00e0 la r\u00e8gle du repos dominical\nPr\u00e9fecture de la R\u00e9gion d'Ile de France, Pr\u00e9fecture de Paris  - 75-2026-03-06-00009 - Arr\u00eat\u00e9 pr\u00e9fectoral accordant \u00e0 la SAS SUEZ RV\nREBOND INSERTION une autorisation pour d\u00e9roger \u00e0 la r\u00e8gle du repos dominical 26\nPREFETDE PARISLibert\u00e9Egalit\u00e9Fraternit\u00e9\nCabinet  \nService de la coordination des affaires parisiennes \nBureau des \u00e9lections, du m\u00e9c\u00e9nat et de la r\u00e9glementation \u00e9conomique  \n \nTel : 01 82 52 40 00 \nMel: \npref-reglementationeconomique@paris.gouv.fr  \n5 rue Leblanc -75911 Paris cedex 15 \n  1/3 \n         \n    \n \n \n \n \n \n \n      \nArr\u00eat\u00e9 pr\u00e9fectoral accordant \u00e0 la SAS SUEZ RV REBOND INSERTION \n     une autorisation pour d\u00e9roger \u00e0 la r\u00e8gle du repos dominical \n \nLe Pr\u00e9fet de la r\u00e9gion d'\u00cele-de-France, pr\u00e9fet de Paris, \nGrand Officier de la L\u00e9gion d'honneur, \nOfficier de l'ordre national du M\u00e9rite, \n \n \n \nVu le Code du travail et notamment la troisi\u00e8me partie, livre 1 er , les articles L. 3132-3, L. 3132-20,              \nL. 3132-25-3, L. 3132-25-4 et R. 3132-16  ; \n \nVu la demande pr\u00e9sent\u00e9e par la SAS SUEZ RV REBOND INSERTION, dont le si\u00e8ge social est situ\u00e9 au      \n3 rue Rouvet \u00e0 Paris 19 \ne, sollicitant, en application des articles pr\u00e9cit\u00e9s, l'autorisation d'accorder le \nrepos hebdomadaire un autre jour que le dimanche \u00e0 tout ou partie du personnel salari\u00e9 charg\u00e9 de \nla collecte, du tri et de la valorisation des d\u00e9chets recyclables des espaces communs du Centre \ncommercial Italie 2, situ\u00e9 au 30 avenue d'Italie \u00e0 Paris 13e ; \n \nVu la demande adress\u00e9e \u00e0 la Ville de Paris aux fins de consultation du conseil de Paris et en \nl'absence de r\u00e9ponse  ; \n \nVu la r\u00e9ponse du pr\u00e9sident de la M\u00e9tropole du Grand Paris aux fins de consultation du Conseil de la \nM\u00e9tropole du Grand Paris qui laisse courir un avis conforme  ; \nVu l'avis favorable la Chambre de commerce et d'industrie d\u00e9partementale de Paris  ; \n \nVu l'avis favorable du Mouvement des entreprises de France \u2013 MEDEF  ; \n \nVu l'avis favorable de l'Union d\u00e9partementale UNSA de Paris  ; \n \nEn l'absence de r\u00e9ponse de la Chambre de m\u00e9tiers et de l'artisanat de Paris, de l'Union \nd\u00e9partementale CFTC de Paris, de l'Union d\u00e9partementale CFDT de Paris, de l'Union \nd\u00e9partementale SOLIDAIRES de Paris, de l'Union d\u00e9partementale CFE-CGC de Paris, de l'Union \nd\u00e9partementale FO de Paris, de l'Union d\u00e9partementale CGT de Paris  ; \n \nConsid\u00e9rant que la SAS SUEZ RV REBOND INSERTION, entreprise soutenue par le groupe SUEZ et \nsp\u00e9cialis\u00e9e dans l'aide \u00e0 l'insertion de personnes en difficult\u00e9s socio-professionnelles, a conclu un \nmarch\u00e9 avec le Centre commercial Italie 2, situ\u00e9 au 30 avenue d'Italie \u00e0 Paris 13\ne, pour la collecte, le \ntri et la valorisation des d\u00e9chets recyclables  ; \n \nConsid\u00e9rant que la SAS SUEZ RV REBOND INSERTION offre des postes de travail correspondants \naux comp\u00e9tences de ses salari\u00e9s, auxquels seront confi\u00e9 la collecte, le tri et la valorisation des \nd\u00e9chets recyclables  des espaces communs du Centre Commercial Italie 2 ; \nPr\u00e9fecture de la R\u00e9gion d'Ile de France, Pr\u00e9fecture de Paris  - 75-2026-03-06-00009 - Arr\u00eat\u00e9 pr\u00e9fectoral accordant \u00e0 la SAS SUEZ RV\nREBOND INSERTION une autorisation pour d\u00e9roger \u00e0 la r\u00e8gle du repos dominical 27\n \n \nTel : 01 82 52 40 00 \nMel: pref-reglementationeconomique@paris.gouv.fr  2 /3 \n5 rue Leblanc -75911 Paris cedex 15 \n \n \n \n \nConsid\u00e9rant que la zone commerciale d\u00e9nomm\u00e9e Centre commercial Italie 2 est ouverte au public \ntous les jours de la semaine, y compris le dimanche ;\n \n \nConsid\u00e9rant la n\u00e9cessit\u00e9 de maintenir des conditions d'hygi\u00e8ne du Centre commercial Italie 2 et \nque la collecte, le tri et la valorisation des d\u00e9chets recyclables des espaces communs du Centre  \ndoit \u00eatre assur\u00e9 tous les jours de la semaine, y compris le dimanche  ; \n \nConsid\u00e9rant, dans ces conditions, que le repos simultan\u00e9 du dimanche du personnel charg\u00e9 de ces \nop\u00e9rations serait pr\u00e9judiciable au public si ces prestations habituelles, en l'occurrence le maintien \nde la propret\u00e9 du centre Commercial Italie 2, ne pouvait \u00eatre assur\u00e9 tous les jours de la semaine, y \ncompris le dimanche  ; \n \nConsid\u00e9rant, en cons\u00e9quence, que la SAS SUEZ RV REBOND INSERTION pr\u00e9voit de faire travailler \nses salari\u00e9s le dimanche  ; \n \nConsid\u00e9rant que la SAS SUEZ RV REBOND INSERTION a fourni, dans sa demande de d\u00e9rogation, les \ngaranties n\u00e9cessaires en termes de salaire et de repos compensateur  ; \n \nConsid\u00e9rant que les salari\u00e9s volontaires pour travailler le dimanche ont donn\u00e9 leur accord par \u00e9crit, \nconform\u00e9ment \u00e0 l'article L. 3132-25-4 du Code du travail ; \n \n \n \n \nA R R E T E  : \n \n \n \nARTICLE 1 \ner  : La SAS SUEZ RV REBOND INSERTION est autoris\u00e9e \u00e0 accorder le repos hebdomadaire \nun autre jour que le dimanche \u00e0 tout ou partie du personnel salari\u00e9 de son \u00e9tablissement charg\u00e9 de \nla collecte, du tri et de la valorisation des d\u00e9chets recyclables des espaces communs du Centre \ncommercial Italie 2, situ\u00e9 au 30 avenue d'Italie \u00e0 Paris 15 e. \n \nARTICLE 2  : La pr\u00e9sente autorisation est d\u00e9livr\u00e9e  pour une dur\u00e9e de trois ans \u00e0 compter de la date \ndu pr\u00e9sent arr\u00eat\u00e9. \n \nARTICLE 3  : Cette autorisation ne permet pas de d\u00e9roger \u00e0 l'article L . 3132-1 du code du travail \nqui dispose qu' \u00ab il est interdit de faire travailler un m\u00eame salari\u00e9 plus de six jours par semaine  \u00bb. \n \nARTICLE 4  : Le pr\u00e9sent arr\u00eat\u00e9 peut faire l'objet d'un recours contentieux, aupr\u00e8s du tribunal \nadministratif de Paris, dans le d\u00e9lai de deux mois, \u00e0 compter de sa notification. Il peut \u00e9galement, \ndans le m\u00eame d\u00e9lai, faire l'objet d'un recours gracieux aupr\u00e8s du pr\u00e9fet de la r\u00e9gion d'\u00cele-de-France, \npr\u00e9fet de Paris et/ou d'un recours hi\u00e9rarchique aupr\u00e8s du ministre du travail et des solidarit\u00e9s. Le \nrecours gracieux et/ou hi\u00e9rarchique prolonge le d\u00e9lai de recours contentieux qui doit alors \u00eatre \nintroduit dans les deux mois suivant la d\u00e9cision implicite ou explicite de l'autorit\u00e9 comp\u00e9tente (le \nsilence de l'administration pendant un d\u00e9lai de deux mois valant d\u00e9cision implicite de rejet). \n \nPr\u00e9fecture de la R\u00e9gion d'Ile de France, Pr\u00e9fecture de Paris  - 75-2026-03-06-00009 - Arr\u00eat\u00e9 pr\u00e9fectoral accordant \u00e0 la SAS SUEZ RV\nREBOND INSERTION une autorisation pour d\u00e9roger \u00e0 la r\u00e8gle du repos dominical 28\n \nTel : 01 82 52 40 00 \nMel: pref-reglementationeconomique@paris.gouv.fr  3 /3 \n5 rue Leblanc -75911 Paris cedex 15 \n \nARTICLE 5  : La pr\u00e9f\u00e8te, directrice de cabinet du pr\u00e9fet de la r\u00e9gion d'\u00cele-de-France, pr\u00e9fet de Paris \net le directeur de l'unit\u00e9 d\u00e9partementale de Paris de la direction r\u00e9gionale et interd\u00e9partementale \nde l'\u00e9conomie, de l'emploi, du travail et des solidarit\u00e9s (DRIEETS) sont charg\u00e9s, chacun en ce qui le \nconcerne, de l'ex\u00e9cution du pr\u00e9sent arr\u00eat\u00e9, qui sera notifi\u00e9 \u00e0 la SAS SUEZ RV REBOND INSERTION \net publi\u00e9 au recueil des actes administratifs de la pr\u00e9fecture de la r\u00e9gion d'\u00cele-de-France, pr\u00e9fecture \nde Paris, accessible sur le site internet  : http://www.prefectures-regions.gouv.fr/ile-de-france . \n \n \n                      \n \n \n \nFait \u00e0 Paris, le 6 mars 2026  \n \n                           \n   \n        Pour le Pr\u00e9fet et par d\u00e9l\u00e9gation, \nLa Directrice de cabinet du Pr\u00e9fet de la r\u00e9gion d'Ile-de-France, Pr\u00e9fet de Paris, \nSIGN\u00c9 \nKarine DELAMARCHE \n \n \n   \n           \n \nPr\u00e9fecture de la R\u00e9gion d'Ile de France, Pr\u00e9fecture de Paris  - 75-2026-03-06-00009 - Arr\u00eat\u00e9 pr\u00e9fectoral accordant \u00e0 la SAS SUEZ RV\nREBOND INSERTION une autorisation pour d\u00e9roger \u00e0 la r\u00e8gle du repos dominical 29\nPr\u00e9fecture de la r\u00e9gion d'Ile-de-France,\npr\u00e9fecture de Paris-Cabinet\n75-2026-03-06-00010\nArr\u00eat\u00e9 pr\u00e9fectoral portant autorisation d'appel \u00e0\nla g\u00e9n\u00e9rosit\u00e9 du public du Fonds de dotation de\nla F\u00e9d\u00e9ration Fran\u00e7aise de Cr\u00e9mation (FFC)\nPr\u00e9fecture de la r\u00e9gion d'Ile-de-France, pr\u00e9fecture de Paris-Cabinet - 75-2026-03-06-00010 - Arr\u00eat\u00e9 pr\u00e9fectoral portant autorisation\nd'appel \u00e0 la g\u00e9n\u00e9rosit\u00e9 du public du Fonds de dotation de la F\u00e9d\u00e9ration Fran\u00e7aise de Cr\u00e9mation (FFC) 30\nPREFETDE PARISLibert\u00e9Egalit\u00e9Fraternit\u00e9\n \n1/2 \n \nArr\u00eat\u00e9 pr\u00e9fectoral portant autorisation d'appel \u00e0 la g\u00e9n\u00e9rosit\u00e9 du public  \n \n \n \n \n \n \n \nCABINET \nService de la coordination des affaires parisiennes \nBureau des \u00e9lections, du m\u00e9c\u00e9nat et de la r\u00e9glementation \u00e9conomique  \n \n \nArr\u00eat\u00e9 pr\u00e9fectoral portant autorisation \nd'appel \u00e0 la g\u00e9n\u00e9rosit\u00e9 du public du fonds de dotation \nFonds de dotation de la F\u00e9d\u00e9ration Fran\u00e7aise de Cr\u00e9mation (FFC) \n \nLe pr\u00e9fet de la r\u00e9gion d'Ile-de-France, pr\u00e9fet de Paris, \nGrand Officier de la L\u00e9gion d'honneur  \nOfficier de l'Ordre national du M\u00e9rite \n \n \nVu la loi n\u00b0 91-772 du 7 ao\u00fbt 1991 relative au cong\u00e9 de repr\u00e9sentation en faveur des associations et \ndes mutuelles et au contr\u00f4le des comptes des organismes faisant appel \u00e0 la g\u00e9n\u00e9rosit\u00e9 publique  ; \n \nVu la loi n\u00b0 2008-776 du 4 ao\u00fbt 2008 de modernisation de l'\u00e9conomie, et notamment son \narticle  140  ; \n \nVu le d\u00e9cret n\u00b092-1011 du 17 septembre 1992 relatif au contr\u00f4le des comptes des organismes faisant \nappel \u00e0 la g\u00e9n\u00e9rosit\u00e9 publique ; \n \nVu le d\u00e9cret n\u00b0 2022-813 du 16 mai 2022, modifiant le d\u00e9cret n\u00b0 2009-158 du 11 f\u00e9vrier 2009 relatif \naux fonds de dotation, et notamment les articles  11 et suivants  ; \n \nVu le d\u00e9cret n\u00b02019-504 du 22 mai 2019 fixant les s euils de la d\u00e9claration pr\u00e9alable et \nd'\u00e9tablissement du compte emploi annuel des ressources collect\u00e9es aupr\u00e8s du public par les \norganismes faisant appel public \u00e0 la g\u00e9n\u00e9rosit\u00e9  ; \n \nVu l'arr\u00eat\u00e9 minist\u00e9riel du 22 mai 2019 fixant les modalit\u00e9s de pr\u00e9sentation du compte d'emploi \nannuel des ressources collect\u00e9es aupr\u00e8s du public par des organismes faisant appel public \u00e0 la \ng\u00e9n\u00e9rosit\u00e9  ; \n \nVu la demande du fonds de dotation Fonds de dotation de la F\u00e9d\u00e9ration Fran\u00e7aise de Cr\u00e9mation \n(FFC) sollicitant l'autorisation de faire appel \u00e0 la g\u00e9n\u00e9rosit\u00e9 du public, re\u00e7ue le 17 f\u00e9vrier 2026, \ncompl\u00e9t\u00e9e le 25 f\u00e9vrier 2026  ; \n \nConsid\u00e9rant que l'objectif du pr\u00e9sent appel \u00e0 la g\u00e9n\u00e9rosit\u00e9 du public est de collecter des dons \naupr\u00e8s de personnes ou entreprises souhaitant soutenir les actions de la F\u00e9d\u00e9ration Fran\u00e7aise de \nCr\u00e9mation  ; \n \nSur la proposition du pr\u00e9fet, directeur de cabinet du pr\u00e9fet de la r\u00e9gion d'\u00cele-de-France, pr\u00e9fet de \nParis  ; \n \n \n \nPr\u00e9fecture de la r\u00e9gion d'Ile-de-France, pr\u00e9fecture de Paris-Cabinet - 75-2026-03-06-00010 - Arr\u00eat\u00e9 pr\u00e9fectoral portant autorisation\nd'appel \u00e0 la g\u00e9n\u00e9rosit\u00e9 du public du Fonds de dotation de la F\u00e9d\u00e9ration Fran\u00e7aise de Cr\u00e9mation (FFC) 31\n \n2/2 \n \nArr\u00eat\u00e9 pr\u00e9fectoral portant autorisation d'appel \u00e0 la g\u00e9n\u00e9rosit\u00e9 du public  \n \n \nA R R E T E : \n \nARTICLE 1 \ner  : Le fonds de dotation Fonds de dotation de la F\u00e9d\u00e9ration Fran\u00e7aise de Cr\u00e9mation (FFC) \nest autoris\u00e9 \u00e0 faire appel \u00e0 la g\u00e9n\u00e9rosit\u00e9 du public \u00e0 compter du 6 mars 2026 jusqu'au 31 d\u00e9cembre \n2026. \n \nARTICLE 2  : Conform\u00e9ment \u00e0 la r\u00e9glementation en vigueur, le fonds de dotation a l'obligation \nd'int\u00e9grer dans ses comptes annuels un compte emploi annuel des ressources collect\u00e9es aupr\u00e8s du \npublic qui pr\u00e9cise notamment l'affectation des dons par type de d\u00e9penses et qui mentionne les \ninformations relatives \u00e0 son \u00e9laboration, \u00e0 compter d'un montant de 153 000 \u20ac conform\u00e9ment aux \nd\u00e9cret et arr\u00eat\u00e9 du 22 mai 2019. \n \nLe compte emploi ressources doit \u00eatre pr\u00e9sent\u00e9 suivant les modalit\u00e9s fix\u00e9es par le d\u00e9cret et l'arr\u00eat\u00e9 \nminist\u00e9riel du 22 mai 2019. \n \nARTICLE 3  : La pr\u00e9sente autorisation pourra \u00eatre retir\u00e9e ou abrog\u00e9e en cas de manquement aux \nr\u00e8gles r\u00e9gissant les fonds de dotation et/ou \u00e0 la r\u00e9glementation relative aux appels \u00e0 la g\u00e9n\u00e9rosit\u00e9 du \npublic. \n \nARTICLE 4  : Conform\u00e9ment aux dispositions du code de justice administrative, la pr\u00e9sente d\u00e9cision \nest susceptible de faire l'objet d'un recours contentieux devant le tribunal administratif de Paris dans \nle d\u00e9lai de 2 mois. \n \nARTICLE 5  : Le pr\u00e9fet, directeur de cabinet du pr\u00e9fet de la r\u00e9gion d'\u00cele-de-France, pr\u00e9fet de Paris, est \ncharg\u00e9 de l'ex\u00e9cution du pr\u00e9sent arr\u00eat\u00e9 qui sera publi\u00e9 au recueil des actes administratifs de la \npr\u00e9fecture de Paris, accessible sur le site Internet de la pr\u00e9fecture de Paris ( www.ile-de-\nfrance.gouv.fr ), et notifi\u00e9 aux personnes vis\u00e9es \u00e0 l'article 1 er  du pr\u00e9sent arr\u00eat\u00e9. \n \nFait \u00e0 Paris, le vendredi 6 mars 2026 \n \n \nPour le pr\u00e9fet de la r\u00e9gion d'Ile de France, \npr\u00e9fet de Paris et par d\u00e9l\u00e9gation \nLe chef du bureau des \u00e9lections,  \ndu m\u00e9c\u00e9nat et de la r\u00e9glementation \u00e9conomique \n \nSign\u00e9 \n \nMohamed SOLTANI \n \n \n \n \n \n \n \nDossier n\u00b0 29294450 \nFD 643 \n \nPr\u00e9fecture de la r\u00e9gion d'Ile-de-France, pr\u00e9fecture de Paris-Cabinet - 75-2026-03-06-00010 - Arr\u00eat\u00e9 pr\u00e9fectoral portant autorisation\nd'appel \u00e0 la g\u00e9n\u00e9rosit\u00e9 du public du Fonds de dotation de la F\u00e9d\u00e9ration Fran\u00e7aise de Cr\u00e9mation (FFC) 32\nPr\u00e9fecture de Police\n75-2026-03-05-00006\nArr\u00eat\u00e9 n\u00b02026-00266 du 5 mars 2026\ninstituant un p\u00e9rim\u00e8tre de protection et\ndiff\u00e9rentes mesures de police \u00e0 l'occasion des\nhuiti\u00e8mes de finale de la Ligue des champions de\nfootball entre le Paris Saint-Germain et le\nChelsea FC au Parc des Princes le mercredi 11\nmars 2026\nPr\u00e9fecture de Police - 75-2026-03-05-00006 - Arr\u00eat\u00e9 n\u00b02026-00266 du 5 mars 2026\ninstituant un p\u00e9rim\u00e8tre de protection et diff\u00e9rentes mesures de police \u00e0 l'occasion des huiti\u00e8mes de finale de la Ligue des champions\nde football entre le Paris Saint-Germain et le Chelsea FC au Parc des Princes le mercredi 11 mars 2026\n33\nPREFECTURE (ap>DE POLICELibert\u00e9 \u00e0 4Egalit\u00e9Fraternit\u00e9\nCABINET DU PREFET\nArr\u00eat\u00e9 n\u00b02026-00266\ninstituant un p\u00e9rim\u00e8tre de protection et diff\u00e9rentes mesures de police \u00e0 l'occasion des \nhuiti\u00e8mes de finale de la Ligue des champions de football entre le Paris Saint-Germain et \nle Chelsea FC au Parc des Princes le mercredi 11 mars 2026\nLe pr\u00e9fet de police,\nVu  le  code  g\u00e9n\u00e9ral  des  collectivit\u00e9s  territoriales,  notamment  ses  articles  L.  2215-1,  L. \n2512-13 et L. 2512-14 ;\nVu le code p\u00e9nal ;\nVu le code de proc\u00e9dure p\u00e9nale ;\nVu le code la route, notamment son article L. 411-2 ;\nVu le code rural et de la p\u00eache maritime, notamment ses articles L. 211-11 et L. 211 -12 ;\nVu le code de la s\u00e9curit\u00e9 int\u00e9rieure, notamment ses articles L. 122-1, L. 122-2 ,  L. 226-1, \nL. 611-1 et L. 613-2 ;\nVu le d\u00e9cret n\u00b0 2004-374 du 29 avril 2004 modifi\u00e9 relatif aux pouvoirs des pr\u00e9fets, \u00e0  \nl'organisation  et  \u00e0  l'action  des  services  de  l'\u00c9tat  dans  les  r\u00e9gions  et  d\u00e9partements,  \nnotamment ses articles 70, 72 et 73 ;\nVu le d\u00e9cret du 22 octobre 2025 par lequel M. Patrice FAURE, administrateur de l'\u00c9tat du  \ntroisi\u00e8me grade, directeur de cabinet du Pr\u00e9sident de la R\u00e9publique, est nomm\u00e9 pr\u00e9fet de  \npolice (groupe I), \u00e0 compter du 23 octobre 2025 ;\nConsid\u00e9rant  que,  en  application  des  articles  L.122-1  et  L.  122-2  du  code  de  s\u00e9curit\u00e9  \nint\u00e9rieure et 72 et 73 du d\u00e9cret du 29 avril 2004 susvis\u00e9, le pr\u00e9fet de police a la charge de  \nl'ordre public, notamment la pr\u00e9vention des atteintes \u00e0 la s\u00e9curit\u00e9 des personnes et des  \nbiens, dans les d\u00e9partements de Paris et des Hauts-de-Seine ;\nConsid\u00e9rant  que,  en  application  du  3\u00b0  de  l'article  L.  2215-1  du  code  g\u00e9n\u00e9ral  des  \ncollectivit\u00e9s  territoriales,  le  repr\u00e9sentant  de  l'\u00c9tat  dans  le  d\u00e9partement  est  seul  \ncomp\u00e9tent pour prendre les mesures relatives \u00e0 l'ordre, \u00e0 la s\u00fbret\u00e9, \u00e0 la s\u00e9curit\u00e9 et \u00e0 la  \nsalubrit\u00e9 publiques, dont le champ d'application exc\u00e8de le territoire d'une commune  ; \nque, conform\u00e9ment \u00e0 l'article 73 du d\u00e9cret du 29 avril 2004 susvis\u00e9, le pr\u00e9fet de police  \nexerce dans le d\u00e9partement des Hauts-de-Seine les attributions d\u00e9volues au repr\u00e9sentant  \nde l'\u00c9tat dans le d\u00e9partement par l'article L. 2215-1 ;\nConsid\u00e9rant que, en application de l'article L. 226-1 du code de la s\u00e9curit\u00e9 int\u00e9rieure, le  \npr\u00e9fet de police peut, en vue d'assurer la s\u00e9curit\u00e9 d'un lieu ou d'un \u00e9v\u00e9nement expos\u00e9 \u00e0  \nun risque d'actes de terrorisme \u00e0 raison de sa nature et de l'ampleur de sa fr\u00e9quentation,  \ninstituer  par  arr\u00eat\u00e9  motiv\u00e9  un  p\u00e9rim\u00e8tre  de  protection  au  sein  duquel  l'acc\u00e8s  et  la  \ncirculation des personnes sont r\u00e9glement\u00e9s \u00a0; que cet arr\u00eat\u00e9 peut autoriser les agents  \nmentionn\u00e9s  aux  2\u00b0  \u00e0  4\u00b0  de  l'article  16  du  code  de  proc\u00e9dure  p\u00e9nale  et,  sous  la  \n1\nPr\u00e9fecture de Police - 75-2026-03-05-00006 - Arr\u00eat\u00e9 n\u00b02026-00266 du 5 mars 2026\ninstituant un p\u00e9rim\u00e8tre de protection et diff\u00e9rentes mesures de police \u00e0 l'occasion des huiti\u00e8mes de finale de la Ligue des champions\nde football entre le Paris Saint-Germain et le Chelsea FC au Parc des Princes le mercredi 11 mars 2026\n34\nresponsabilit\u00e9 de ces agents,  ceux mentionn\u00e9s \u00e0 l'article 20 et aux 1\u00b0, 1\u00b0bis et 1\u00b0ter de  \nl'article 21 du m\u00eame code \u00e0 proc\u00e9der,  au sein d'un p\u00e9rim\u00e8tre de protection, avec le  \nconsentement  des  personnes  faisant  l'objet  de  ces  v\u00e9rifications,  \u00e0  des  palpations  de  \ns\u00e9curit\u00e9 ainsi qu'\u00e0 l'inspection visuelle et \u00e0 la fouille des bagages, ainsi qu'\u00e0 la visite des  \nv\u00e9hicules susceptibles de p\u00e9n\u00e9trer au sein de ce p\u00e9rim\u00e8tre  ; qu'aux termes de l'article 73  \ndu d\u00e9cret du 29 avril 2004 susvis\u00e9, le pr\u00e9fet de police exerce dans le d\u00e9partement des  \nHauts-de-Seine les attributions d\u00e9volues au repr\u00e9sentant de l'\u00c9tat dans le d\u00e9partement  \npar l'article L. 226-1 du code de la s\u00e9curit\u00e9 int\u00e9rieure ;\nConsid\u00e9rant que, en application de l'article L. 613-2 du code de la s\u00e9curit\u00e9 int\u00e9rieure, les  \npersonnes physiques exer\u00e7ant l'activit\u00e9 mentionn\u00e9e au 1\u00b0 de l'article L. 611-1 du m\u00eame code \npeuvent, lorsqu'un p\u00e9rim\u00e8tre de protection a \u00e9t\u00e9 institu\u00e9 en application de l'article L. 226-1 \ndu m\u00eame code, proc\u00e9der, avec le consentement expr\u00e8s des personnes, \u00e0 des palpations  \nde s\u00e9curit\u00e9 ;\nConsid\u00e9rant que se tiendra le mercredi 11 mars 2026 \u00e0 21h00, un match de football pour  \nle compte des huiti\u00e8mes de finale aller de la Ligue des champions au stade du Parc des  \nPrinces \u00e0 Paris 16 \u00e8me, qui opposera le Paris Saint-Germain (PSG) au Chelsea Football Club  \n(FC) ; qu'\u00e0 cette occasion, un nombre important de supporters ainsi que des personnalit\u00e9s  \nseront pr\u00e9sents aux abords et \u00e0 l'int\u00e9rieur du stade  ; que dans le contexte actuel de  \nmenace  tr\u00e8s  \u00e9lev\u00e9e,  cette  rencontre  sportive  est  susceptible  de  constituer  une  cible  \nprivil\u00e9gi\u00e9e et symbolique pour des actes de nature terroriste ;\nConsid\u00e9rant que plusieurs attentats ou tentatives d'attentats r\u00e9cents traduisent le niveau  \n\u00e9lev\u00e9  de  la  menace  terroriste  actuelle  en  France  dans  le  cadre  du  plan  VIGIPIRATE  \n\u00ab urgence attentat \u00bb en vigueur sur l'ensemble du territoire national depuis le 24 mars  \n2024 ;\nConsid\u00e9rant qu'il appartient \u00e0 l'autorit\u00e9 de police comp\u00e9tente de prendre les mesures  \nadapt\u00e9es, n\u00e9cessaires et proportionn\u00e9es visant \u00e0 garantir la s\u00e9curit\u00e9 des personnes et des  \nbiens  pendant  cet  \u00e9v\u00e8nement  ;  que  la  mise  en  place  d'un  p\u00e9rim\u00e8tre  de  protection  \ncomprenant diff\u00e9rentes mesures de police \u00e0 l'occasion de la rencontre de la Ligue des  \nchampions entre le PSG et le Chelsea FC  au Parc des Princes \u00e0 Paris 16 \u00e8me le mercredi 11  \nmars 2026 r\u00e9pond \u00e0 ces objectifs ;\nARRETE :\nTITRE PREMIER\nINSTITUTION D'UN P\u00c9RIM\u00c8TRE DE PROTECTION  \nArticle 1 er \u2013 Le mercredi 11 mars 2026 de 17h00 \u00e0 23h59 est institu\u00e9 un p\u00e9rim\u00e8tre de  \nprotection au sein duquel l'acc\u00e8s et la circulation des personnes sont r\u00e9glement\u00e9s dans les \nconditions fix\u00e9es par le pr\u00e9sent arr\u00eat\u00e9.\nArticle  2  \u2013 Le  p\u00e9rim\u00e8tre  de  protection  institu\u00e9  par  l'article  1 er du  pr\u00e9sent  arr\u00eat\u00e9  est  \nd\u00e9limit\u00e9 selon la cartographie en annexe.\nArticle 3 \u2013 Les points d'acc\u00e8s au p\u00e9rim\u00e8tre, sur lesquels des dispositifs de pr\u00e9-filtrage et de \nfiltrage sont mis en place, sont situ\u00e9s\u00a0:\n- \u00e0 l'angle form\u00e9 par l'avenue du G\u00e9n\u00e9ral-Sarrail, la rue Raffa\u00eblli (c\u00f4t\u00e9 impair) et l'all\u00e9e  \nCharles Brennus \u00e0 Paris 16\u00e8me ;\n- rue Lecomte du No\u00fcy \u00e0 Paris 16\u00e8me ;\n2026-00266 2\nPr\u00e9fecture de Police - 75-2026-03-05-00006 - Arr\u00eat\u00e9 n\u00b02026-00266 du 5 mars 2026\ninstituant un p\u00e9rim\u00e8tre de protection et diff\u00e9rentes mesures de police \u00e0 l'occasion des huiti\u00e8mes de finale de la Ligue des champions\nde football entre le Paris Saint-Germain et le Chelsea FC au Parc des Princes le mercredi 11 mars 2026\n35\n- \u00e0 l'angle form\u00e9 par la rue du Sergent Maginot et la place G\u00e9n\u00e9ral St\u00e9fanik \u00e0 Paris  \n16\u00e8me ;\n- \u00e0 l'angle form\u00e9 par la rue du G\u00e9n\u00e9ral Roques et la place G\u00e9n\u00e9ral St\u00e9fanik \u00e0 Paris  \n16\u00e8me ;\n- avenue du Parc des Princes \u00e0 Paris 16\u00e8me \u00e0 hauteur du n\u00b031 ;\n- \u00e0 l'angle form\u00e9 par l'avenue de la porte de Saint-Cloud et la rue du Commandant  \nGuilbaud \u00e0 Paris 16\u00e8me ;\n- \u00e0 l'angle form\u00e9 par la rue du Parc et de la rue de la Tourelle \u00e0 Boulogne-Billancourt  \n(92) ;\n- \u00e0 l'angle form\u00e9 par la rue de la Tourelle et l'entr\u00e9e du jardin Guilbaud \u00e0 Boulogne-\nBillancourt (92) ;\n- \u00e0 l'angle form\u00e9 par la place de l'Europe  et l'entr\u00e9e du jardin Guilbaud \u00e0 Boulogne-\nBillancourt (92) ;\n- place de l'Europe  \u00e0 Boulogne-Billancourt (92), entre la rue Marcel Loyau et le rond-\npoint de la place de l'Europe \u00e0 Paris 16\u00e8me ;\n- \u00e0  l'angle  form\u00e9  par  la  rue  Joseph  Bernard  et  la  rue  de  la  Tourelle  \u00e0  Boulogne-\nBillancourt (92) ;\n- \u00e0 l'angle form\u00e9 par la rue Nungesser et Coli et l'avenue de la Porte Molitor \u00e0 Paris  \n16\u00e8me ;\n- \u00e0 l'angle form\u00e9 par la rue Nungesser et Coli \u00e0 Paris 16 \u00e8me et la rue Joseph Bernard \u00e0  \nBoulogne-Billancourt (92).\nTITRE II\nMESURES DE POLICE APPLICABLES \u00c0 L'INT\u00c9RIEUR DU P\u00c9RIM\u00c8TRE DE PROTECTION\nArticle 4 \u2013 Dans le p\u00e9rim\u00e8tre institu\u00e9 et durant la p\u00e9riode mentionn\u00e9e par l'article 1 er, les \nmesures suivantes sont applicables\u00a0:\n1\u00b0 Mesures applicables aux usagers de la voie publique\u00a0:\na) Sont interdits\u00a0:\n- Tout rassemblement de nature revendicative ;\n-  Le  port,  le  transport  et  l'utilisation  des  artifices  de  divertissement,  des  articles  \npyrotechniques, des armes \u00e0 feu, y compris factices, et des munitions, ainsi que de  \ntous objets susceptibles de constituer une arme au sens de l'article 132-75 du code  \np\u00e9nal  ou  pouvant  servir  de  projectile  pr\u00e9sentant  un  danger  pour  la  s\u00e9curit\u00e9  des  \npersonnes et des biens\u00a0;\n- L'acc\u00e8s des animaux dangereux au sens des articles L. 211-11 et suivants du code rural  \net de la p\u00eache maritime, en particulier les chiens des 1\u00e8re et 2\u00e8me cat\u00e9gories\u00a0;\nb) Les  personnes ont l'obligation, pour acc\u00e9der par les points de pr\u00e9-filtrage et de  \nfiltrage pr\u00e9vus \u00e0 l'article 3 ou circuler \u00e0 l'int\u00e9rieur du p\u00e9rim\u00e8tre, de se soumettre, \u00e0 la  \ndemande  des  agents  autoris\u00e9s  par  le  pr\u00e9sent  arr\u00eat\u00e9  \u00e0  proc\u00e9der  \u00e0  ces  v\u00e9rifications,  \u00e0 \nl'inspection visuelle des bagages et \u00e0 leur fouille, ainsi qu'\u00e0 des palpations de s\u00e9curit\u00e9 et,  \nexclusivement par des officiers de police judiciaire et, sous leur responsabilit\u00e9, par des  \nagents  de  police  judiciaire  et  agents  de  police  judiciaire  adjoints,  \u00e0  la  visite  de  leur  \nv\u00e9hicule\u00a0;\n2026-00266 3\nPr\u00e9fecture de Police - 75-2026-03-05-00006 - Arr\u00eat\u00e9 n\u00b02026-00266 du 5 mars 2026\ninstituant un p\u00e9rim\u00e8tre de protection et diff\u00e9rentes mesures de police \u00e0 l'occasion des huiti\u00e8mes de finale de la Ligue des champions\nde football entre le Paris Saint-Germain et le Chelsea FC au Parc des Princes le mercredi 11 mars 2026\n36\nc)  Les  personnes  qui,  pour  des  raisons  professionnelles,  de  r\u00e9sidence  ou  familiales  \ndoivent acc\u00e9der \u00e0 l'int\u00e9rieur du p\u00e9rim\u00e8tre de protection et y circuler, sont invit\u00e9es \u00e0 se  \nsignaler aupr\u00e8s de l'autorit\u00e9 de police sur place afin de pouvoir faire l'objet d'une mesure  \nde filtrage adapt\u00e9e\u00a0;\n2\u00b0 Mesures accordant des comp\u00e9tences suppl\u00e9mentaires aux personnels charg\u00e9s de la  \ns\u00e9curit\u00e9\u00a0:\n- Les officiers de police judiciaire mentionn\u00e9s aux 2\u00b0 \u00e0 4\u00b0 de l'article 16 du code de  \nproc\u00e9dure  p\u00e9nale  et,  sous  leur  responsabilit\u00e9,  les  agents  de  police  judiciaire  \nmentionn\u00e9s  \u00e0  l'article  20  du  m\u00eame  code  sont  autoris\u00e9s  \u00e0  proc\u00e9der,  avec  le  \nconsentement des personnes faisant l'objet de ces v\u00e9rifications, \u00e0 des palpations de  \ns\u00e9curit\u00e9, \u00e0 l'inspection visuelle des bagages et \u00e0 leur fouille, ainsi qu'\u00e0 la visite des  \nv\u00e9hicules ;\n- Les personnes exer\u00e7ant l'activit\u00e9 mentionn\u00e9e au 1\u00b0 de l'article L. 611-1 du code de la  \ns\u00e9curit\u00e9  int\u00e9rieure  peuvent,  aux  points  de  filtrage,  proc\u00e9der,  sous  l'autorit\u00e9  des  \nofficiers de police judiciaire et aupr\u00e8s des agents de police judiciaire qu'ils assistent et  \navec le consentement expr\u00e8s des personnes, outre \u00e0 l'inspection visuelle des bagages  \net \u00e0 leur fouille, \u00e0 des palpations de s\u00e9curit\u00e9.\nArticle 5 \u2013 Sans pr\u00e9judice des sanctions p\u00e9nales auxquelles s'exposent les personnes en  \ninfraction avec les dispositions du pr\u00e9sent titre,  celles qui refusent de se soumettre \u00e0  \nl'inspection visuelle de leurs bagages \u00e0 main, \u00e0 leur fouille, \u00e0 des palpations de s\u00e9curit\u00e9 ou \n\u00e0 la visite de leur v\u00e9hicule  peuvent se voir interdire l'acc\u00e8s au p\u00e9rim\u00e8tre institu\u00e9 par  \nl'article 1er ou \u00eatre conduites \u00e0 l'ext\u00e9rieur de celui-ci.\nTITRE III\nDISPOSITIONS FINALES\nArticle 6 \u2013 Les mesures pr\u00e9vues par le pr\u00e9sent arr\u00eat\u00e9 peuvent \u00eatre lev\u00e9es et r\u00e9tablies sur  \nd\u00e9cision du repr\u00e9sentant sur place de l'autorit\u00e9 de police, en fonction de l'\u00e9volution de la  \nsituation.\nArticle 7  \u2013 Le pr\u00e9fet des Hauts-de-Seine, le pr\u00e9fet, directeur de cabinet du pr\u00e9fet de  \npolice, le directeur de l'ordre public et de la circulation, le directeur de la s\u00e9curit\u00e9 de  \nproximit\u00e9 de l'agglom\u00e9ration parisienne sont charg\u00e9s, chacun en ce qui le concerne, de  \nl'ex\u00e9cution  du  pr\u00e9sent  arr\u00eat\u00e9  qui  sera  publi\u00e9  aux  recueils  des  actes  administratifs  du \nd\u00e9partement de la Paris et de la pr\u00e9fecture des Hauts-de-Seine, consultable sur le site  \ninternet de la pr\u00e9fecture de police ( https://www.prefecturedepolice.interieur.gouv.fr) et  \ntransmis aux procureurs de la R\u00e9publique pr\u00e8s les tribunaux judiciaires de Paris et de  \nNanterre et communiqu\u00e9 aux maires de Paris et de Boulogne-Billancourt.\nFait \u00e0 Paris, le 5 mars 2026\nSIGNE\nPatrice FAURE\n2026-00266 4\nPr\u00e9fecture de Police - 75-2026-03-05-00006 - Arr\u00eat\u00e9 n\u00b02026-00266 du 5 mars 2026\ninstituant un p\u00e9rim\u00e8tre de protection et diff\u00e9rentes mesures de police \u00e0 l'occasion des huiti\u00e8mes de finale de la Ligue des champions\nde football entre le Paris Saint-Germain et le Chelsea FC au Parc des Princes le mercredi 11 mars 2026\n37\nAnnexe de l'arr\u00eat\u00e9 n\u00b02026-00266 du 5 mars 2026\nVOIES ET DELAIS DE RECOURS\n_______________________\nSi vous estimez devoir contester le pr\u00e9sent arr\u00eat\u00e9, il vous est possible, dans un  \nd\u00e9lai de deux mois \u00e0 compter de son affichage ou de sa publication au recueil des actes  \nadministratifs du d\u00e9partement de Paris :\n- soit de saisir d'un RECOURS GRACIEUX\nle Pr\u00e9fet de Police\n7/9, boulevard du Palais - 75195 PARIS RP\n- ou de former un RECOURS HIERARCHIQUE\n  aupr\u00e8s du Ministre de l'int\u00e9rieur\n  Direction des libert\u00e9s publiques et des affaires juridiques\n  place Beauvau - 75008 PARIS\n- soit de saisir d'un RECOURS CONTENTIEUX\nle Tribunal administratif comp\u00e9tent\nAucune de ces voies et recours ne suspend l'application de la pr\u00e9sente d\u00e9cision.\nLes  recours  GRACIEUX  et  HIERARCHIQUE  doivent  \u00eatre  \u00e9crits,  exposer  les  \narguments ou faits nouveaux et comprendre la copie de l'arr\u00eat\u00e9 contest\u00e9.\nLe  recours  CONTENTIEUX,  qui  vise  \u00e0  contester  la  LEGALITE  de  la  pr\u00e9sente  \nd\u00e9cision, doit \u00e9galement \u00eatre \u00e9crit et exposer votre argumentation juridique.\nSi vous n'aviez pas de r\u00e9ponse \u00e0 votre recours GRACIEUX ou HIERARCHIQUE  \ndans un d\u00e9lai de deux mois \u00e0 compter de la r\u00e9ception de votre recours par l'administration, \nvotre demande devra \u00eatre consid\u00e9r\u00e9e comme rejet\u00e9e (d\u00e9cision implicite de rejet).\nEn  cas  de  rejet  des  recours  GRACIEUX  ou  HIERARCHIQUE,  le  Tribunal  \nadministratif peut \u00eatre saisi d'un recours contentieux dans le d\u00e9lai de deux mois \u00e0 compter  \nde la date de la d\u00e9cision de rejet.\n2026-00266 5\nPr\u00e9fecture de Police - 75-2026-03-05-00006 - Arr\u00eat\u00e9 n\u00b02026-00266 du 5 mars 2026\ninstituant un p\u00e9rim\u00e8tre de protection et diff\u00e9rentes mesures de police \u00e0 l'occasion des huiti\u00e8mes de finale de la Ligue des champions\nde football entre le Paris Saint-Germain et le Chelsea FC au Parc des Princes le mercredi 11 mars 2026\n38\nET DE LA CIRCULATIONDIRECTIONDE L'ORDRE PUBLIC\nPARC DES PRINCES |Mercredi 11 Mars 2026\nolandGarrosPiecehes we dase:\nEs 1|an sneneae 084ee ailayBAN:ouva NG andouvd NO ANa\nPee\u00c0_ 8Lun CavATINOS\n5 Mie\n\\NES, \u00ae\nPLACE DE LA PORTE MOLITOROC  EN\n= PLACE DE LA \\PORTE D'AUTEUIL \u00e0, | ao OePorte d'Auteuilote ate Re. 7 \"14. i) f\u00a37 \u00c0a vgA Csi##Es '\n\u00c9gliseSaint-Fran\u00e7oisd\u00e9 Molitor,\nadsbare.Gwlaitis\n2026-00266 6\nPr\u00e9fecture de Police - 75-2026-03-05-00006 - Arr\u00eat\u00e9 n\u00b02026-00266 du 5 mars 2026\ninstituant un p\u00e9rim\u00e8tre de protection et diff\u00e9rentes mesures de police \u00e0 l'occasion des huiti\u00e8mes de finale de la Ligue des champions\nde football entre le Paris Saint-Germain et le Chelsea FC au Parc des Princes le mercredi 11 mars 2026\n39\nPr\u00e9fecture de Police\n75-2026-03-05-00007\nArr\u00eat\u00e9 n\u00b02026-00268 du 5 mars 2026\nautorisant la captation, l'enregistrement et la\ntransmission d'images au moyen de cam\u00e9ras\ninstall\u00e9es sur des a\u00e9ronefs \u00e0 l'occasion des\nhuiti\u00e8mes de finale de la Ligue des champions de\nfootball entre le Paris Saint-Germain et le\nChelsea FC au Parc des Princes le 11 mars 2026\nPr\u00e9fecture de Police - 75-2026-03-05-00007 - Arr\u00eat\u00e9 n\u00b02026-00268 du 5 mars 2026\nautorisant la captation, l'enregistrement et la transmission d'images au moyen de cam\u00e9ras install\u00e9es sur des a\u00e9ronefs \u00e0 l'occasion des\nhuiti\u00e8mes de finale de la Ligue des champions de football entre le Paris Saint-Germain et le Chelsea FC au Parc des Princes le 11 mars\n2026\n40\nExPREFECTUREDE POLICELibert\u00e9Egalit\u00e9Fraternit\u00e9\nniqGi\nCABINET DU PREFET\nArr\u00eat\u00e9 n\u00b02026-00268\nautorisant la captation, l'enregistrement et la transmission d'images au moyen de cam\u00e9ras \ninstall\u00e9es sur des a\u00e9ronefs \u00e0 l'occasion des huiti\u00e8mes de finale de la Ligue des champions de \nfootball entre le Paris Saint-Germain et le Chelsea FC au Parc des Princes le 11 mars 2026\nLe pr\u00e9fet de police,\nVu le code de la s\u00e9curit\u00e9 int\u00e9rieure, notamment ses articles L. 242-1 \u00e0 L. \u00a0242-8 et R. \u00a0242-8 \u00e0 \nR.\u00a0242-15 ;\nVu  le  d\u00e9cret  n\u00b0  2004-374  du  29  avril  2004  modifi\u00e9  relatif  aux  pouvoirs  des  pr\u00e9fets,  \u00e0  \nl'organisation  et  \u00e0  l'action  des  services  de  l'Etat  dans  les  r\u00e9gions  et  d\u00e9partements,  \nnotamment ses articles 70, 72 et 73;\nVu l'arr\u00eat\u00e9 du 19 avril 2023 relatif au nombre maximal de cam\u00e9ras install\u00e9es sur des a\u00e9ronefs  \npouvant \u00eatre simultan\u00e9ment utilis\u00e9es dans chaque d\u00e9partement et collectivit\u00e9 d'outre-mer\u00a0;\nVu l'instruction minist\u00e9rielle NOR IOMD2311883J du 30 avril 2023 relative \u00e0 la proc\u00e9dure  \nd'autorisation  des  cam\u00e9ras  install\u00e9es  sur  des  a\u00e9ronefs  pour  des  missions  de  police  \nadministrative\u00a0;\nVu le d\u00e9cret du 22 octobre 2025 par lequel M. Patrice FAURE, administrateur de l'\u00c9tat du  \ntroisi\u00e8me grade, directeur de cabinet du Pr\u00e9sident de la R\u00e9publique, est nomm\u00e9 pr\u00e9fet de  \npolice (groupe I), \u00e0 compter du 23 octobre 2025\u00a0;\nVu la demande en date du 2 mars 2026  form\u00e9e par la direction de l'ordre public et de la  \ncirculation  visant  \u00e0  obtenir  l'autorisation  de  capter,  d'enregistrer  et  de  transmettre  des \nimages au moyen de deux cam\u00e9ras install\u00e9es sur des a\u00e9ronefs t\u00e9l\u00e9-pilot\u00e9s afin d'assurer la  \npr\u00e9vention  des  atteintes  \u00e0  la  s\u00e9curit\u00e9  des  personnes  et  des  biens,  la  s\u00e9curit\u00e9  des  \nrassemblements,  la  pr\u00e9vention  d'actes  de  terrorisme  ainsi  que  la  r\u00e9gulation  des  flux  de \ntransport \u00e0 l'occasion  du match de football de la Ligue des champions entre le Paris Saint-\nGermain (PSG) et le Chelsea Football Club (FC) le mercredi 11 mars 2026 au stade du Parc des \nprinces \u00e0 Paris ;\nConsid\u00e9rant que les dispositions du I de l'article L. 242-5 du code de la s\u00e9curit\u00e9 int\u00e9rieure  \npermettent aux forces de s\u00e9curit\u00e9 int\u00e9rieure, dans l'exercice de leurs missions de pr\u00e9vention  \ndes atteintes \u00e0 l'ordre public et de protection de la s\u00e9curit\u00e9 des personnes et des biens, de  \nproc\u00e9der  \u00e0  la  captation,  \u00e0  l'enregistrement  et  \u00e0  la  transmission  d'images  au  moyen  de  \ncam\u00e9ras install\u00e9es sur des a\u00e9ronefs aux fins d'assurer la pr\u00e9vention des atteintes \u00e0 la s\u00e9curit\u00e9  \ndes  personnes  et  des  biens  dans  des  lieux  particuli\u00e8rement  expos\u00e9s,  la  s\u00e9curit\u00e9  des  \nrassemblements de personnes sur la voie publique ainsi que l'appui des personnels au sol, en  \nvue de leur permettre de maintenir ou de r\u00e9tablir l'ordre public lorsque ces rassemblements  \n1\nPr\u00e9fecture de Police - 75-2026-03-05-00007 - Arr\u00eat\u00e9 n\u00b02026-00268 du 5 mars 2026\nautorisant la captation, l'enregistrement et la transmission d'images au moyen de cam\u00e9ras install\u00e9es sur des a\u00e9ronefs \u00e0 l'occasion des\nhuiti\u00e8mes de finale de la Ligue des champions de football entre le Paris Saint-Germain et le Chelsea FC au Parc des Princes le 11 mars\n2026\n41\nsont susceptibles d'entra\u00eener des troubles graves \u00e0 l'ordre public, la pr\u00e9vention d'actes de  \nterrorisme et la r\u00e9gulation des flux de transport\u00a0;\nConsid\u00e9rant que se tiendra le mercredi 11 mars 2026 \u00e0 21h00, un match de football pour le  \ncompte des huiti\u00e8mes de finale aller de la Ligue des champions de football au stade du Parc  \ndes Princes \u00e0 Paris 16\u00e8me, qui opposera le PSG au Chelsea FC ; qu'\u00e0 cette occasion, un nombre \nimportant  de  supporters  ainsi  que  des  personnalit\u00e9s  seront  pr\u00e9sents  aux  abords  et  \u00e0  \nl'int\u00e9rieur du stade \u00a0; que dans le contexte actuel de menace tr\u00e8s \u00e9lev\u00e9e, cette rencontre  \nsportive est susceptible de constituer une cible privil\u00e9gi\u00e9e et symbolique pour des actes de  \nnature terroriste\u00a0;\nConsid\u00e9rant \u00e9galement que plusieurs attentats ou tentatives d'attentats r\u00e9cents traduisent le \nniveau \u00e9lev\u00e9 de la menace terroriste actuelle en France , dans le cadre du plan VIGIPIRATE  \n\u00ab\u00a0urgence attentat\u00a0\u00bb en vigueur sur l'ensemble du territoire national\u00a0;\nConsid\u00e9rant,  en  outre,  qu'au-del\u00e0  de  la  seule  s\u00e9curisation  du  match  qui  fait  l'objet  de  \nmesures de police sur le fondement de l'article L. \u00a0226-1 du code de la s\u00e9curit\u00e9 int\u00e9rieure et  \npour lequel un service d'ordre est mis en place par la direction de l'ordre public et de la  \ncirculation, il est n\u00e9cessaire de disposer d'un moyen de surveillance permettant de s\u00e9curiser  \nla voie publique en amont et  en aval de cet \u00e9v\u00e8nement  pour  pr\u00e9venir  ou mettre fin \u00e0  \nd'\u00e9ventuelles  rixes  entre  spectateurs  et  personnes,  \u00e0  des  atteintes  \u00e0  la  s\u00e9curit\u00e9  des  \npersonnes et des biens, se pr\u00e9munir contre d'\u00e9ventuels actes terroristes et \u00a0r\u00e9guler les flux de \ntransport autour de l'enceinte\u00a0;\nConsid\u00e9rant que la demande de la direction de l'ordre public et de la circulation porte sur  \nl'engagement de deux cam\u00e9ras a\u00e9roport\u00e9es qui pourront \u00eatre en vol simultan\u00e9ment en vue  \nde  capter,  d'enregistrer  et  de  transmettre  des  images \u00a0;  que  les  aires  survol\u00e9es  sont  \nstrictement limit\u00e9es aux zones o\u00f9 seront mises en \u0153uvre les finalit\u00e9s susvis\u00e9es \u00a0; que la dur\u00e9e \nde  l'autorisation  demand\u00e9e  n'appara\u00eet  pas  disproportionn\u00e9e  au  regard  de  ces  m\u00eames  \nfinalit\u00e9s\u00a0;\nConsid\u00e9rant que le recours \u00e0 des cam\u00e9ras a\u00e9roport\u00e9es permet de disposer d'une vision en  \ngrand angle tout en limitant l'engagement des forces au sol, et le cas \u00e9ch\u00e9ant, d'organiser de  \nmani\u00e8re  r\u00e9active  et  efficace  leur  d\u00e9ploiement  op\u00e9rationnel,  notamment  en  cas  de  \nmouvement de foule ou d'actions violentes de groupes d'individus \u00a0; qu'il n'existe pas de  \ndispositif moins intrusif permettant de parvenir aux m\u00eames fins\u00a0;\nSur proposition du directeur de l'ordre public et de la circulation,\nARRETE\u00a0:\nArticle 1 er \u2013 La captation, l'enregistrement et la transmission d'images par la direction de  \nl'ordre public et de la circulation sont autoris\u00e9s \u00e0 l'occasion de la rencontre de football  \nsusvis\u00e9e aux titres de\u00a0:\n- la pr\u00e9vention des atteintes \u00e0 la s\u00e9curit\u00e9 des personnes et des biens\u00a0;\n- la s\u00e9curit\u00e9 des rassemblements\u00a0;\n- la pr\u00e9vention d'actes de terrorisme\u00a0;\n2026-00268 2\nPr\u00e9fecture de Police - 75-2026-03-05-00007 - Arr\u00eat\u00e9 n\u00b02026-00268 du 5 mars 2026\nautorisant la captation, l'enregistrement et la transmission d'images au moyen de cam\u00e9ras install\u00e9es sur des a\u00e9ronefs \u00e0 l'occasion des\nhuiti\u00e8mes de finale de la Ligue des champions de football entre le Paris Saint-Germain et le Chelsea FC au Parc des Princes le 11 mars\n2026\n42\n- la r\u00e9gulation des flux de transport.\nArticle  2  \u2013  Le  nombre  maximal  de  cam\u00e9ras  pouvant  proc\u00e9der  simultan\u00e9ment  \u00e0  des  \nenregistrements est fix\u00e9 \u00e0 2 cam\u00e9ras embarqu\u00e9es sur des a\u00e9ronefs t\u00e9l\u00e9-pilot\u00e9s.\nArticle 3 \u2013 La pr\u00e9sente autorisation s'applique au p\u00e9rim\u00e8tre g\u00e9ographique figurant sur le plan \nen annexe au pr\u00e9sent arr\u00eat\u00e9.\nArticle 4 \u2013 La pr\u00e9sente autorisation est d\u00e9livr\u00e9e du mercredi 11 mars 2026 \u00e0 17h00 au jeudi 12  \nmars 2026 \u00e0 01h00 pour l'ensemble des finalit\u00e9s pr\u00e9cit\u00e9es.\nArticle 5  \u2013 L'information du public est assur\u00e9e par la publication du pr\u00e9sent arr\u00eat\u00e9 aux  \nrecueils des actes administratifs mentionn\u00e9s \u00e0 l'article 7, sa mise en ligne sur le site internet  \nde la pr\u00e9fecture de police ainsi que par une information sur les r\u00e9seaux sociaux.\nArticle 6  \u2013 Le registre mentionn\u00e9 \u00e0 l'article L. 242-4 du code de la s\u00e9curit\u00e9 int\u00e9rieure est  \ntransmis au pr\u00e9fet de police, \u00e0 l'issue de la p\u00e9riode d'autorisation.\nArticle 7 \u2013 Le pr\u00e9fet des Hauts-de-Seine, le pr\u00e9fet, directeur de cabinet du pr\u00e9fet de police  \net  le  directeur  de  l'ordre  public  et  de  la  circulation  sont  charg\u00e9s,  chacun  en  ce  qui  le \nconcerne,  de  l'ex\u00e9cution  du  pr\u00e9sent  arr\u00eat\u00e9  qui  sera  publi\u00e9  aux  recueils  des  actes  \nadministratifs du d\u00e9partement de Paris et de la pr\u00e9fecture des Hauts-de-Seine et consultable \nsur  le  site  internet  de  la  pr\u00e9fecture  de  police  \n(https://www.prefecturedepolice.interieur.gouv.fr).\nFait \u00e0 Paris, le 5 mars 2026\nSIGNE\nPatrice FAURE\n2026-00268 3\nPr\u00e9fecture de Police - 75-2026-03-05-00007 - Arr\u00eat\u00e9 n\u00b02026-00268 du 5 mars 2026\nautorisant la captation, l'enregistrement et la transmission d'images au moyen de cam\u00e9ras install\u00e9es sur des a\u00e9ronefs \u00e0 l'occasion des\nhuiti\u00e8mes de finale de la Ligue des champions de football entre le Paris Saint-Germain et le Chelsea FC au Parc des Princes le 11 mars\n2026\n43\nAnnexe de l'arr\u00eat\u00e9 n\u00b02026-00268 du 2026\nVOIES ET DELAIS DE RECOURS\n_______________________\nSi vous estimez devoir contester la pr\u00e9sente autorisation, il vous est possible, dans un d\u00e9lai  \nde deux mois \u00e0 compter de la date de son affichage ou de sa publication\u00a0:\n- soit de saisir d'un RECOURS GRACIEUX\nle Pr\u00e9fet de Police\n7/9, boulevard du Palais - 75195 PARIS RP\n- ou de former un RECOURS HIERARCHIQUE\n  aupr\u00e8s du Ministre de l'int\u00e9rieur et des outre-mer\n  Direction des libert\u00e9s publiques et des affaires juridiques\n  place Beauvau - 75008 PARIS\n- soit de saisir d'un RECOURS CONTENTIEUX\nle Tribunal administratif comp\u00e9tent\nAucune de ces voies et recours ne suspend l'application de la pr\u00e9sente d\u00e9cision.\nLes recours GRACIEUX et HIERARCHIQUE doivent \u00eatre \u00e9crits, exposer les arguments \nou faits nouveaux et comprendre la copie de la d\u00e9cision contest\u00e9e.\nLe recours contentieux, qui vise \u00e0 contester la LEGALITE de la pr\u00e9sente d\u00e9cision, doit \n\u00e9galement \u00eatre \u00e9crit et exposer votre argumentation juridique.\nSi vous n'aviez pas de r\u00e9ponse \u00e0 votre recours GRACIEUX ou HIERARCHIQUE dans un \nd\u00e9lai de deux mois \u00e0 compter de la r\u00e9ception de votre recours par l'administration, \nvotre demande devra \u00eatre consid\u00e9r\u00e9e comme rejet\u00e9e (d\u00e9cision implicite de rejet).\nEn cas de rejet des RECOURS GRACIEUX ou HIERARCHIQUE, le Tribunal administratif \npeut \u00eatre saisi d'un recours contentieux dans le d\u00e9lai de deux mois \u00e0 compter de la \ndate de la d\u00e9cision de rejet.\n2026-00268 4\nPr\u00e9fecture de Police - 75-2026-03-05-00007 - Arr\u00eat\u00e9 n\u00b02026-00268 du 5 mars 2026\nautorisant la captation, l'enregistrement et la transmission d'images au moyen de cam\u00e9ras install\u00e9es sur des a\u00e9ronefs \u00e0 l'occasion des\nhuiti\u00e8mes de finale de la Ligue des champions de football entre le Paris Saint-Germain et le Chelsea FC au Parc des Princes le 11 mars\n2026\n44\nEFRANC.PARC DES PRINCES |Mercredi 11 Mars 2026 bai4 Vie\u00a3 L7 Ex, NDRINEZONE SURVOL DE DRONE La AA ? R=E \u00e0 \u2014 :\nBOULOGNEBILLANCOURT ae =>a\u0153\n\u00c0NNy2vis AUR FS9 sd,up! RASTEUR SE 2 Ree. SR Lo tA& SPAS a eRe LATARE eo S 1 \"Omg tUog2 PAR = Roue 4 ti INROUTE DE LA REINE > A H % wi Rey5 2 a Par ENRY DUNANT) 954,7Np = 200 D Den ROUTE DE LA \u00c0 Rrgqn lees RES kyi fa) = a 4 \u00c0Ye \u00c9 ' Zz\"m <> El th a) &m Oo = ma 22 \u00a3 \u00c0m >= = =rm Eem Bz(= = = m\u00ff a zmR GALLIEN \\\n\" \"A VD ELA aritccra \u00c0 SEAT# \u00c9: PE DAUA E REUVOIR R \" ue LI\nSAINT GERMAIN\naware\npe\nee R. ARIstipoF | - \u00e0 2 BRIAND =o\u00f9 CTRE CCIAL:LES %% |ww TROISiMOULINS) NBC Se& etmg) ' \u00c9 ea Issy| AS De ae. \u00a9& Wats . nnBivoeve, TPE \\ ee WEES\n2026-00268 5\nPr\u00e9fecture de Police - 75-2026-03-05-00007 - Arr\u00eat\u00e9 n\u00b02026-00268 du 5 mars 2026\nautorisant la captation, l'enregistrement et la transmission d'images au moyen de cam\u00e9ras install\u00e9es sur des a\u00e9ronefs \u00e0 l'occasion des\nhuiti\u00e8mes de finale de la Ligue des champions de football entre le Paris Saint-Germain et le Chelsea FC au Parc des Princes le 11 mars\n2026\n45\nPr\u00e9fecture de Police\n75-2026-03-05-00005\nArr\u00eat\u00e9 n\u00b02026-00269 du 05 mars 2026\nautorisant la captation, l'enregistrement et la\ntransmission d'images au moyen de cam\u00e9ras\ninstall\u00e9es sur des a\u00e9ronefs \u00e0 Paris le dimanche 8\nmars 2026\nPr\u00e9fecture de Police - 75-2026-03-05-00005 - Arr\u00eat\u00e9 n\u00b02026-00269 du 05 mars 2026\nautorisant la captation, l'enregistrement et la transmission d'images au moyen de cam\u00e9ras install\u00e9es sur des a\u00e9ronefs \u00e0 Paris le\ndimanche 8 mars 2026\n46\nPREFECTUREDE POLICELibert\u00e9Egalit\u00e9Fraternit\u00e9\nAtUGE\nCABINET DU PREFET\nArr\u00eat\u00e9 n\u00b02026-00269\nautorisant la captation, l'enregistrement et la transmission d'images au moyen de cam\u00e9ras \ninstall\u00e9es sur des a\u00e9ronefs \u00e0 Paris le dimanche 8 mars 2026\nLe pr\u00e9fet de police,\nVu le code de la s\u00e9curit\u00e9 int\u00e9rieure, notamment ses articles L. 242-1 \u00e0 L. \u00a0242-8 et R.\u00a0242-8 \u00e0 \nR. 242-14 ;\nVu le d\u00e9cret n\u00b0  2004-374 modifi\u00e9 du 29 avril 2004 relatif  aux pouvoirs des pr\u00e9fets,  \u00e0  \nl'organisation et \u00e0 l'action des services de l'Etat dans les r\u00e9gions et d\u00e9partements\u00a0;\nVu l'arr\u00eat\u00e9  du 19 avril 2023  relatif au nombre  maximal de  cam\u00e9ras  install\u00e9es  sur  des  \na\u00e9ronefs pouvant \u00eatre simultan\u00e9ment utilis\u00e9es dans chaque d\u00e9partement et collectivit\u00e9  \nd'outre-mer\u00a0;\nVu l'instruction minist\u00e9rielle NOR IOMD2311883J du 30 avril 2023 relative \u00e0 la proc\u00e9dure  \nd'autorisation  des  cam\u00e9ras  install\u00e9es  sur  des  a\u00e9ronefs  pour  des  missions  de  police  \nadministrative\u00a0;\nVu le d\u00e9cret du 22 octobre 2025 par lequel M. Patrice FAURE, administrateur de l'\u00c9tat du  \ntroisi\u00e8me grade, directeur de cabinet du Pr\u00e9sident de la R\u00e9publique, est nomm\u00e9 pr\u00e9fet de  \npolice (groupe I), \u00e0 compter du 23 octobre 2025 ;\nVu la demande en date du 4 mars 2026 form\u00e9e par la direction de l'ordre public et de la  \ncirculation visant \u00e0 obtenir l'autorisation de capter, d'enregistrer et de transmettre des  \nimages au moyen de deux cam\u00e9ras install\u00e9es sur des a\u00e9ronefs t\u00e9l\u00e9-pilot\u00e9s afin d'assurer la  \npr\u00e9vention  des  atteintes  \u00e0  la  s\u00e9curit\u00e9  des  personnes  et  des  biens,  la  s\u00e9curit\u00e9  des  \nrassemblements, la pr\u00e9vention d'actes de terrorisme et la r\u00e9gulation des flux de transport   \nParis le dimanche 8 mars 2026 \u00e0 l'occasion d'une manifestation sur la voie publique ;\nConsid\u00e9rant que les dispositions du I de l'article L. 242-5 du code de la s\u00e9curit\u00e9 int\u00e9rieure  \npermettent  aux  forces  de  s\u00e9curit\u00e9  int\u00e9rieure,  dans  l'exercice  de  leurs  missions  de  \npr\u00e9vention des atteintes \u00e0 l'ordre public et de protection de la s\u00e9curit\u00e9 des personnes et  \ndes biens, de proc\u00e9der \u00e0 la captation, \u00e0 l'enregistrement et \u00e0 la transmission d'images au  \nmoyen  de  cam\u00e9ras  install\u00e9es  sur  des  a\u00e9ronefs  aux  fins  d'assurer  la  pr\u00e9vention  des  \natteintes \u00e0 la s\u00e9curit\u00e9 des personnes et des biens, la s\u00e9curit\u00e9 des rassemblements de  \npersonnes sur la voie publique ainsi que l'appui des personnels au sol, en vue de leur  \npermettre de maintenir ou de r\u00e9tablir l'ordre public lorsque ces rassemblements sont  \nsusceptibles  d'entra\u00eener des  troubles  graves  \u00e0  l'ordre public,  la  pr\u00e9vention d'actes  de  \nterrorisme et la r\u00e9gulation des flux de transport\u00a0;\nConsid\u00e9rant qu'aura lieu le dimanche 8 mars 2026 \u00e0 Paris une manifestation \u00e0 l'initiative  \nde plusieurs organisations  f\u00e9ministes et syndicales, d'associations communautaires et de  \npartis politiques, afin de \u00ab d\u00e9fendre les droits des femmes et des minorit\u00e9s de genre, mettre  \nfin  aux violences sexistes  et sexuelles faites  aux  femmes,  aux enfants  et aux personnes  \nLGBTQIA+ et d\u00e9noncer l'avanc\u00e9e du fascisme et de l'extr\u00eame droite  \u00bb, dans le cadre de la  \nJourn\u00e9e internationale des droits des femmes  ; que cette manifestation doit se d\u00e9rouler  \nPr\u00e9fecture de Police - 75-2026-03-05-00005 - Arr\u00eat\u00e9 n\u00b02026-00269 du 05 mars 2026\nautorisant la captation, l'enregistrement et la transmission d'images au moyen de cam\u00e9ras install\u00e9es sur des a\u00e9ronefs \u00e0 Paris le\ndimanche 8 mars 2026\n47\nde la place de la Bataille de Stalingrad jusqu'\u00e0 la place de la R\u00e9publique ; qu'entre 40 000 \u00e0 \n60 000  personnes  y  sont  attendues  ;  que  compte  tenu  du  contexte  actuel  national  \nparticuli\u00e8rement  tendu,  ce  rassemblement  peut  laisser  \u00e0  craindre  des  affrontements  \nviolents avec des militants aux opinions antagonistes, \u00e0 l'instar des incidents ayant eu lieu  \nen  marge  d'une  manifestation  similaire  pour  les  droits  des  femmes  le  8  mars  2025  ; \nqu'ainsi, il en d\u00e9coule un risque que des troubles \u00e0 l'ordre public aient lieu \u00e0 l'occasion de  \ncette manifestation ; qu'en cons\u00e9quence, il convient d'assurer la s\u00e9curit\u00e9 des personnes,  \ndes biens et des rassemblements \u00e0 cette occasion ainsi que de r\u00e9guler les flux de transport \nautour de la d\u00e9ambulation ;\nConsid\u00e9rant \u00e9galement que plusieurs attentats ou tentatives d'attentats r\u00e9cents traduisent le \nniveau \u00e9lev\u00e9 de la menace terroriste actuelle en France, dans le cadre du plan VIGIPIRATE  \n\u00ab urgence attentat \u00bb en vigueur sur l'ensemble du territoire national ;\nConsid\u00e9rant que le recours \u00e0 des cam\u00e9ras a\u00e9roport\u00e9es permet de disposer d'une vision en  \ngrand angle tout en limitant l'engagement des forces au sol afin d'\u00e9viter notamment des  \nmenaces pour leur int\u00e9grit\u00e9 physique, et le cas \u00e9ch\u00e9ant, d'organiser de mani\u00e8re r\u00e9active et \nefficace leur d\u00e9ploiement op\u00e9rationnel,  notamment en cas  de mouvement de foule ou  \nd'actions  violentes  de  groupes  d'individus\u00a0;  qu'il  n'existe  pas  de  dispositif  moins  intrusif \npermettant de parvenir aux m\u00eames fins\u00a0;\nConsid\u00e9rant que la demande de la direction de l'ordre public et de la circulation porte sur  \nl'engagement de deux cam\u00e9ras a\u00e9roport\u00e9es qui pourront \u00eatre en vol simultan\u00e9ment en vue \nde  capter,  d'enregistrer  et  de  transmettre  des  images \u00a0;  que  les  aires  survol\u00e9es  sont  \nstrictement  limit\u00e9es  aux zones  o\u00f9  des  troubles  \u00e0  l'ordre  public  sont  susceptibles  de  se \nproduire\u00a0; que la dur\u00e9e de l'autorisation demand\u00e9e n'appara\u00eet pas disproportionn\u00e9e au regard \ndes finalit\u00e9s poursuivies\u00a0;\nSur proposition de la direction de l'ordre public et de la circulation,\nARRETE  \u00a0  :      \nArticle 1er \u2013 La captation, l'enregistrement et la transmission d'images par la direction de  \nl'ordre public et de la circulation sont autoris\u00e9s \u00e0 Paris le 8 mars 2026 \u00e0 l'occasion de la  \nmanifestation susvis\u00e9e aux titres de\u00a0:\n- la pr\u00e9vention des atteintes \u00e0 la s\u00e9curit\u00e9 des personnes et des biens\u00a0;\n- la s\u00e9curit\u00e9 des rassemblements\u00a0;\n- la pr\u00e9vention d'actes de terrorisme ;\n- la r\u00e9gulation des flux de transport.\nArticle  2 \u2013 Le  nombre  maximal  de  cam\u00e9ras  pouvant  proc\u00e9der  simultan\u00e9ment  \u00e0  des  \nenregistrements est fix\u00e9 \u00e0 2 cam\u00e9ras embarqu\u00e9es sur des a\u00e9ronefs t\u00e9l\u00e9-pilot\u00e9s.\nArticle 3 \u2013 La pr\u00e9sente autorisation s'applique au p\u00e9rim\u00e8tre g\u00e9ographique figurant sur le plan \nen annexe au pr\u00e9sent arr\u00eat\u00e9.\nArticle 4 \u2013 La  pr\u00e9sente autorisation est d\u00e9livr\u00e9e pour le dimanche 8 mars 2026 de 8h00 \u00e0  \n19h00 pour l'ensemble des finalit\u00e9s pr\u00e9cit\u00e9es.\n2026-00269\nPr\u00e9fecture de Police - 75-2026-03-05-00005 - Arr\u00eat\u00e9 n\u00b02026-00269 du 05 mars 2026\nautorisant la captation, l'enregistrement et la transmission d'images au moyen de cam\u00e9ras install\u00e9es sur des a\u00e9ronefs \u00e0 Paris le\ndimanche 8 mars 2026\n48\nArticle 5 \u2013 L'information du public est assur\u00e9e par la publication de l'arr\u00eat\u00e9 au recueil des  \nactes administratifs du d\u00e9partement de Paris, sa mise en ligne sur le site internet de la  \npr\u00e9fecture de police ainsi que par une information sur les r\u00e9seaux sociaux.\nArticle 6 \u2013 Le registre mentionn\u00e9 \u00e0 l'article L. 242-4 du code de la s\u00e9curit\u00e9 int\u00e9rieure est  \ntransmis au pr\u00e9fet de police, \u00e0 l'issue de la p\u00e9riode d'autorisation.\nArticle 7 \u2013 Le pr\u00e9fet, directeur du cabinet du pr\u00e9fet de police et le directeur de l'ordre public \net de la circulation sont charg\u00e9s, chacun en ce qui le concerne, de l'ex\u00e9cution du pr\u00e9sent  \narr\u00eat\u00e9 qui entrera en vigueur d\u00e8s son affichage aux portes de la pr\u00e9fecture de police, sera  \npubli\u00e9 au recueil des actes administratifs du d\u00e9partement de Paris et consultable sur le site \ninternet de la pr\u00e9fecture de police (https://www.prefecturedepolice.interieur.gouv.fr).\nFait \u00e0 Paris, le 5 mars 2026\nSIGNE\nPour le pr\u00e9fet de police\nLe sous-pr\u00e9fet, directeur adjoint de cabinet\nCharles BARBIER\n2026-00269\nPr\u00e9fecture de Police - 75-2026-03-05-00005 - Arr\u00eat\u00e9 n\u00b02026-00269 du 05 mars 2026\nautorisant la captation, l'enregistrement et la transmission d'images au moyen de cam\u00e9ras install\u00e9es sur des a\u00e9ronefs \u00e0 Paris le\ndimanche 8 mars 2026\n49\nAnnexe de l'arr\u00eat\u00e9 n\u00b02026-00269 du 5 mars 2026 \nVOIES ET DELAIS DE RECOURS\n_______________________\nSi vous estimez devoir contester la pr\u00e9sente autorisation, il vous est possible, dans un  \nd\u00e9lai de deux mois \u00e0 compter de la date de son affichage ou de sa publication\u00a0:\n- soit de saisir d'un RECOURS GRACIEUX\nle Pr\u00e9fet de Police\n7/9, boulevard du Palais - 75195 PARIS RP\n- ou de former un RECOURS HIERARCHIQUE\n  aupr\u00e8s du Ministre de l'int\u00e9rieur et des outre-mer\n  Direction des libert\u00e9s publiques et des affaires juridiques\n  place Beauvau - 75008 PARIS\n- soit de saisir d'un RECOURS CONTENTIEUX\nle Tribunal administratif comp\u00e9tent\nAucune de ces voies et recours ne suspend l'application de la pr\u00e9sente d\u00e9cision.\nLes recours GRACIEUX et HIERARCHIQUE doivent \u00eatre \u00e9crits, exposer les arguments ou  \nfaits nouveaux et comprendre la copie de la d\u00e9cision contest\u00e9e.\nLe recours contentieux, qui vise \u00e0 contester la LEGALITE de la pr\u00e9sente d\u00e9cision, doit  \n\u00e9galement \u00eatre \u00e9crit et exposer votre argumentation juridique.\nSi vous n'aviez pas de r\u00e9ponse \u00e0 votre recours GRACIEUX ou HIERARCHIQUE dans un  \nd\u00e9lai de deux mois \u00e0 compter de la r\u00e9ception de votre recours par l'administration, votre  \ndemande devra \u00eatre consid\u00e9r\u00e9e comme rejet\u00e9e (d\u00e9cision implicite de rejet).\nEn cas de rejet des RECOURS GRACIEUX ou HIERARCHIQUE, le Tribunal administratif peut \n\u00eatre saisi d'un recours contentieux dans le d\u00e9lai de deux mois \u00e0 compter de la date de la  \nd\u00e9cision de rejet.\n2026-00269\nPr\u00e9fecture de Police - 75-2026-03-05-00005 - Arr\u00eat\u00e9 n\u00b02026-00269 du 05 mars 2026\nautorisant la captation, l'enregistrement et la transmission d'images au moyen de cam\u00e9ras install\u00e9es sur des a\u00e9ronefs \u00e0 Paris le\ndimanche 8 mars 2026\n50\nRoc \u00c0 =| HeLao aincrone Pa so);\nARE\nCRSP LELONGE\n|Des,ia =) J ] ]mtpallLiFastCa cenmme commen \\MILL\u00c9NARE\nfsg&Sy,\nR: DE LACOUTTE 0:08, meCare\nMIE Cuirane ou,\nBarbes Rochechouart,moe\nPere No+) Poissonni\u00e9re * FOE cree\nH\u00d4PITAU SAINTE LOUIS AN RUE/ Fes\n| 5 ere,|} 3Re slD\u00e9sPoneseere\nOP Savectauce Veter\nPORTE:SAINT, DENIS|\nee ot\nSoeoteENFANTS ROUGESFillesoOi179:RE DreACVeReSeaRae M)\nRARQUETSRiquet,\nVILLETTE\noneuni) COMBATTay var puesDe) Py\nFOUIE-tSAS:Uy\nPLAN DRONE08/03/2026DROITS DES FEMMES\n2026-00269\nPr\u00e9fecture de Police - 75-2026-03-05-00005 - Arr\u00eat\u00e9 n\u00b02026-00269 du 05 mars 2026\nautorisant la captation, l'enregistrement et la transmission d'images au moyen de cam\u00e9ras install\u00e9es sur des a\u00e9ronefs \u00e0 Paris le\ndimanche 8 mars 2026\n51\nPr\u00e9fecture de Police\n75-2026-03-06-00006\nArr\u00eat\u00e9 n\u00b02026-00270 du 6 mars 2026\nmodifiant provisoirement le stationnement et la\ncirculation\ndans plusieurs voies \u00e0 Paris Centre, 10\u00e8me, 11\u00e8me\net 19\u00e8me\nles 7 et 8 mars 2026\nPr\u00e9fecture de Police - 75-2026-03-06-00006 - Arr\u00eat\u00e9 n\u00b02026-00270 du 6 mars 2026\nmodifiant provisoirement le stationnement et la circulation\ndans plusieurs voies \u00e0 Paris Centre, 10\u00e8me, 11\u00e8me et 19\u00e8me\nles 7 et 8 mars 2026\n52\nPREFECTUREDE POLICELibert\u00e9Egalit\u00e9Fraternit\u00e9\nP\u20ac.nm\nCabinet du Pr\u00e9fet\nParis, le 6 mars 2026\nA R R E T E   N  \u00b0 2026-00270\nmodifiant provisoirement le stationnement et la circulation\ndans plusieurs voies \u00e0 Paris Centre, 10\u00e8me, 11\u00e8me et 19\u00e8me\nles 7 et 8 mars 2026\nLE PREFET DE POLICE,\nVu  le  code  g\u00e9n\u00e9ral  des  collectivit\u00e9s  territoriales,  notamment  ses  articles\nL.2512-13 et L.2512-14\u00a0;\nVu  le code de la route, notamment  ses  articles  L.325-1 \u00e0 L.325-3,  R.411-8  et  \nR.411-25 ;\nVu l'avis de la Ville de Paris en date du 5 mars 2026 ;\nConsid\u00e9rant la tenue de la manifestation revendicative \u00ab \u00a0Droits des Femmes\u00a0\u00bb le \n8 mars 2026 \u00e0 Paris Centre, Paris 9\u00e8me, Paris 10\u00e8me , 11\u00e8me  et 19\u00e8me\u00a0;\nConsid\u00e9rant que cette manifestation implique de prendre pour les journ\u00e9es des  \n7 et 8 mars 2026 des mesures provisoires de stationnement et de circulation n\u00e9cessaires \u00e0 son \nbon d\u00e9roulement et destin\u00e9es \u00e0 assurer la s\u00e9curit\u00e9 des personnes et des biens pendant le  \ntemps n\u00e9cessaire \u00e0 la tenue de cette manifestation\u00a0;\nSur proposition du directeur de l'ordre public et de la circulation\u00a0:\nA R R E T E :\nArticle 1  er  \nLe stationnement de tout v\u00e9hicule est interdit du 7 mars 2026 \u00e0 22h00 au 8 mars  \n2026 \u00e0 21h00 dans les voies suivantes \u00e0 Paris Centre, Paris 10\u00e8me , Paris 11\u00e8me et Paris 19\u00e8me :\n- place de la Bataille de Stalingrad\u00a0;\n- rue du Faubourg Saint-Martin\u00a0;\n- rue La Fayette\u00a0;\n- boulevard de Magenta\u00a0;\n- place de la R\u00e9publique.\nPr\u00e9fecture de Police - 75-2026-03-06-00006 - Arr\u00eat\u00e9 n\u00b02026-00270 du 6 mars 2026\nmodifiant provisoirement le stationnement et la circulation\ndans plusieurs voies \u00e0 Paris Centre, 10\u00e8me, 11\u00e8me et 19\u00e8me\nles 7 et 8 mars 2026\n53\nArticle 2\nLa circulation de tout v\u00e9hicule est interdit le 8 mars 2026 de 09h30 \u00e0 21h00 \u00e0  \nl'int\u00e9rieur du p\u00e9rim\u00e8tre d\u00e9limit\u00e9 par les voies suivantes \u00e0 Paris Centre, Paris 10 \u00e8me  , Paris \n11\u00e8me et Paris 19\u00e8me qui demeurent libres \u00e0 la circulation :\n- rue de Crim\u00e9e\u00a0;\n- avenue Jean Jaur\u00e8s ;\n- avenue de Laumi\u00e8re ;\n- rue de Meaux\u00a0;\n- place du Colonel Fabien\u00a0;\n- rue Louis Blanc ;\n- quai de Valmy\u00a0;\n- boulevard Jules Ferry\u00a0;\n- boulevard Richard Lenoir\u00a0;\n- rue Oberkampf\u00a0;\n- rue Commines ;\n- rue Froissart\u00a0;\n- rue de Bretagne\u00a0;\n- rue R\u00e9aumur ;\n- rue Saint-Martin\u00a0;\n- boulevard Saint-Denis\u00a0;\n- boulevard de Bonne Nouvelle\u00a0;\n- rue d'Hauteville\u00a0;\n- rue d'Enghien ;\n- rue du Faubourg Poissonni\u00e8re\u00a0;\n- boulevard de la Chapelle ;\n- rue de Tanger\u00a0;\n- rue Riquet ;\n- avenue de Flandre.\nCes mesures figurent sur la cartographie jointe en annexe 1 au pr\u00e9sent arr\u00eat\u00e9.\nArticle 3\nSans pr\u00e9judice des sanctions p\u00e9nales auxquelles s'exposent les personnes en infraction  \navec les dispositions du pr\u00e9sent arr\u00eat\u00e9, les v\u00e9hicules ayant servi \u00e0 commettre ces infractions  \npeuvent \u00eatre immobilis\u00e9s et mis en fourri\u00e8re dans les conditions pr\u00e9vues aux articles L.325-1 \u00e0  \nL.325-3 du code de la route.\nArticle 4\nLes  dispositions  du  pr\u00e9sent  arr\u00eat\u00e9  ne  sont  pas  applicables  aux  v\u00e9hicules  d'int\u00e9r\u00eat \ng\u00e9n\u00e9ral prioritaires au sens des dispositions de l'article R.311-1 6.5 du code de la route.\nPr\u00e9fecture de Police - 75-2026-03-06-00006 - Arr\u00eat\u00e9 n\u00b02026-00270 du 6 mars 2026\nmodifiant provisoirement le stationnement et la circulation\ndans plusieurs voies \u00e0 Paris Centre, 10\u00e8me, 11\u00e8me et 19\u00e8me\nles 7 et 8 mars 2026\n54\nArticle 5\nLes mesures pr\u00e9vues par le pr\u00e9sent arr\u00eat\u00e9 peuvent \u00eatre avanc\u00e9es, \u00e9largies, lev\u00e9es ou  \nr\u00e9tablies  sur  d\u00e9cision  prise  par  le  repr\u00e9sentant  sur  place  de  l'autorit\u00e9  de  police  si  les  \ncirconstances les rendent n\u00e9cessaires.\nArticle   6  \nLe directeur de l'ordre public et de la circulation, le directeur de la s\u00e9curit\u00e9 de  \nproximit\u00e9 de l'agglom\u00e9ration parisienne de la Pr\u00e9fecture de Police, le directeur de la voirie \net des d\u00e9placements et le directeur de la police municipale et de la pr\u00e9vention de la Ville  \nde Paris sont charg\u00e9s, chacun en ce qui le concerne, de l'ex\u00e9cution du pr\u00e9sent arr\u00eat\u00e9 qui  \nentrera en vigueur \u00e0 compter de son affichage aux portes de la pr\u00e9fecture de police (1 rue \nde Lut\u00e8ce). Il sera \u00e9galement affich\u00e9 aux portes de la mairie et du commissariat des  \narrondissements  concern\u00e9s  et  sera  publi\u00e9  au  recueil  des  actes  administratifs  de  la  \npr\u00e9fecture de la r\u00e9gion d'\u00cele-de-France, pr\u00e9fecture de Paris et de la pr\u00e9fecture de police et \nsur  le  site  internet  de  la  pr\u00e9fecture  de  police  de  Paris  : \nwww.prefecturedepolice.interieur.gouv.fr.\nPour le pr\u00e9fet de police,\nLe Sous-Pr\u00e9fet,\nDirecteur Adjoint du Cabinet\nSign\u00e9\nCharles BARBIER\nPr\u00e9fecture de Police - 75-2026-03-06-00006 - Arr\u00eat\u00e9 n\u00b02026-00270 du 6 mars 2026\nmodifiant provisoirement le stationnement et la circulation\ndans plusieurs voies \u00e0 Paris Centre, 10\u00e8me, 11\u00e8me et 19\u00e8me\nles 7 et 8 mars 2026\n55\nANNEXE 1 A L'ARRETE N\u00b0 2026-00270                                                  Du 6 mars 2026\nPr\u00e9fecture de Police - 75-2026-03-06-00006 - Arr\u00eat\u00e9 n\u00b02026-00270 du 6 mars 2026\nmodifiant provisoirement le stationnement et la circulation\ndans plusieurs voies \u00e0 Paris Centre, 10\u00e8me, 11\u00e8me et 19\u00e8me\nles 7 et 8 mars 2026\n56\nANNEXE 2 A L'ARRETE N\u00b0 2026-00270                              Du 6 mars 2026\nVOIES ET DELAIS DE RECOURS\n_______________________\nSi vous estimez devoir contester la pr\u00e9sente d\u00e9cision, il vous est possible, dans un  \nd\u00e9lai de deux mois \u00e0 compter de la date de son affichage\u00a0:\n- soit de saisir d'un RECOURS GRACIEUX\nle Pr\u00e9fet de Police\n7/9, boulevard du Palais - 75195 PARIS RP\n- ou de former un RECOURS HIERARCHIQUE\naupr\u00e8s du Ministre de l'int\u00e9rieur\nDirection des libert\u00e9s publiques et des affaires juridiques\nplace Beauvau - 75008 PARIS\n- soit de saisir d'un RECOURS CONTENTIEUX\nle Tribunal administratif comp\u00e9tent\nAucune de ces voies et recours ne suspend l'application de la pr\u00e9sente d\u00e9cision.\nLes  recours  GRACIEUX  et  HIERARCHIQUE  doivent  \u00eatre  \u00e9crits,  exposer  les  \narguments ou faits nouveaux et comprendre la copie de la d\u00e9cision contest\u00e9e.\nLe recours contentieux, qui vise \u00e0 contester la LEGALITE de la pr\u00e9sente d\u00e9cision,  \ndoit \u00e9galement \u00eatre \u00e9crit et exposer votre argumentation juridique.\nSi vous n'aviez pas de r\u00e9ponse \u00e0 votre recours GRACIEUX ou HIERARCHIQUE dans  \nun d\u00e9lai de deux mois \u00e0 compter de la r\u00e9ception de votre recours par l'administration,  \nvotre demande devra \u00eatre consid\u00e9r\u00e9e comme rejet\u00e9e (d\u00e9cision implicite de rejet).\nEn  cas  de  rejet  des  RECOURS  GRACIEUX  ou  HIERARCHIQUE,  le  Tribunal  \nadministratif  peut  \u00eatre  saisi  d'un  recours  contentieux  dans  le  d\u00e9lai  de  deux  mois  \u00e0  \ncompter de la date de la d\u00e9cision de rejet.\nPr\u00e9fecture de Police - 75-2026-03-06-00006 - Arr\u00eat\u00e9 n\u00b02026-00270 du 6 mars 2026\nmodifiant provisoirement le stationnement et la circulation\ndans plusieurs voies \u00e0 Paris Centre, 10\u00e8me, 11\u00e8me et 19\u00e8me\nles 7 et 8 mars 2026\n57","date":"2026-03-06","first_seen_on":"2026-03-06T18:21:29+00:00","id":"0b3e8a24c3b23a2c5ed5859e038d42f984677b47ccee5a1a5fb45950fd48180f","name":"recueil-75-2026-139-recueil-des-actes-administratifs-special du 06.03.2026","pdf_creation_date":"2026-03-06T16:02:02+00:00","pdf_modification_date":null,"timezone":"Europe/Paris","url":"https://www.prefectures-regions.gouv.fr/ile-de-france/irecontenu/telechargement/136082/995470/file/recueil-75-2026-139-recueil-des-actes-administratifs-special%20du%2006.03.2026.pdf"}
