{"administration":"pref01","administration_name":"Pr\u00e9fecture de l\u2019Ain","content":"AIN\nRECUEIL DES ACTES\nADMINISTRATIFS SP\u00c9CIAL\n(NOMINATIFS)\nN\u00b001-2025-278\nPUBLI\u00c9 LE  5 SEPTEMBRE 2025\nSommaire\n01_Pref_Pr\u00e9fecture de l'Ain /\n01-2025-09-01-00011 - RAA - COMMISSAIRE ENQUETEUR DE L AIN 01 (1\npage) Page 3\n2\n01_Pref_Pr\u00e9fecture de l'Ain\n01-2025-09-01-00011\nRAA - COMMISSAIRE ENQUETEUR DE L AIN 01\n01_Pref_Pr\u00e9fecture de l'Ain - 01-2025-09-01-00011 - RAA - COMMISSAIRE ENQUETEUR DE L AIN 01 3\nBSSey\nTTTRIBUNAL ADMINISTRATIFDE LYON\n \n \n               La Pr\u00e9sidente \n \nPalais des Juridictions administratives, 184, Rue Duguesclin, 69433 Lyon Cedex 3  \nT\u00e9l\u00e9phone : 04.87.63.51.04 \nR\u00c9PUBLIQUE FRAN\u00c7AISE \n \n \nPr\u00e9sidence de la commission charg\u00e9e d'\u00e9tablir la liste des commissaires-enqu\u00eateurs du \nd\u00e9partement de l'Ain \n \nLa Pr\u00e9sidente du tribunal administratif, \n \nVu le code de l'environnement, notamment, ses articles L 123-4 et R. 123-34 ; \n \n \nD\u00c9CIDE \n \n \n \nARTICLE 1 : M. Juan SEGADO , premier vice-pr\u00e9sident du tribunal administratif de Lyon, est d\u00e9l\u00e9gu\u00e9  pour \nassurer la pr\u00e9sidence de la commission charg\u00e9e d'\u00e9tablir la liste d'aptitude aux fonctions de commissaire \nenqu\u00eateur du d\u00e9partement de l'Ain \u00e0 compter du 1er septembre 2025. \n \n \n  \nARTICLE 2 : La pr\u00e9sente d\u00e9cision sera publi\u00e9e au recueil des actes administratifs de la pr\u00e9fecture de l'Ain. \n \n \n \n  Lyon, le 25 juillet 2025 \n \n \n \n \n \n C\u00e9cile MARILLER \n \n01_Pref_Pr\u00e9fecture de l'Ain - 01-2025-09-01-00011 - RAA - COMMISSAIRE ENQUETEUR DE L AIN 01 4","date":"2025-09-05","first_seen_on":"2025-09-05T10:05:44+00:00","id":"0b8a7093d2ca4843d65423bd77460edb2552bc68c8c9d608c39076aefe3cfece","name":"recueil-01-2025-278-recueil-des-actes-administratifs-nominatifs05-09-2025","pdf_creation_date":"2025-09-05T09:30:07+00:00","pdf_modification_date":null,"timezone":"Europe/Paris","url":"https://www.ain.gouv.fr/contenu/telechargement/33069/231273/file/recueil-01-2025-278-recueil-des-actes-administratifs-nominatifs05-09-2025.pdf"}
