{"administration":"pref70","administration_name":"Pr\u00e9fecture de Haute-Sa\u00f4ne","content":"HAUTE-SA\u00d4NE\nRECUEIL DES ACTES\nADMINISTRATIFS\nN\u00b070-2026-045\nPUBLI\u00c9 LE 20 MARS 2026\nSommaire\nDDT de Haute-Sa\u00f4ne / SER\n70-2026-03-19-00003 - Arr\u00eat\u00e9 portant d\u00e9limitation des communes du\nd\u00e9partement de la Haute-Sa\u00f4ne dans lesquelles le dispositif d'aide \u00e0 la\nprotection des troupeaux contre la pr\u00e9dation du loup peut \u00eatre mis en\noeuvre pour l'ann\u00e9e 2026 (3 pages) Page 3\nDRAC Bourgogne-Franche-Comt\u00e9 /\n70-2026-03-04-00006 - arr\u00eat\u00e9 de PDA de Ronchamp (Haute-Sa\u00f4ne) :\narr\u00eat\u00e9 n\u00b0 26-46 BAG (4 pages) Page 7\nDREAL Bourgogne Franche-Comt\u00e9 /\n70-2026-03-19-00002 - D\u00e9cision portant subd\u00e9l\u00e9gation de signature\naux agents de la DREAL pour les missions\nsous autorit\u00e9 du pr\u00e9fet de\nd\u00e9partement de la Haute-Sa\u00f4ne (3 pages) Page 12\nPr\u00e9fecture de Haute-Sa\u00f4ne / Direction de la citoyennet\u00e9, de\nl'immigration et des libert\u00e9s publiques\n70-2026-03-18-00001 - Arr\u00eat\u00e9 du 18 mars 2026 fixant la liste d\u00e9finitive\ndes candidats au second tour des \u00e9lections municipales et\ncommunautaires du 22 mars 2026\n (29 pages) Page 16\nPr\u00e9fecture de Haute-Sa\u00f4ne / Direction des collectivit\u00e9s territoriales et\nde la coordination interminist\u00e9rielle\n70-2026-03-20-00003 - Arr\u00eat\u00e9 modifiant l'habilitation de l'organisme\nSARL LINEAMENTA \u00e0 \u00e9tablir le certificat de conformit\u00e9 mentionn\u00e9\nau premier alin\u00e9a de l'article L. 752-23 du code de commerce -\nHabilitation n\u00b0CC-03-2025-70 (2 pages) Page 46\n70-2026-03-20-00002 - Arr\u00eat\u00e9 modifiant l'habilitation de l'organisme\nSARL LINEAMENTA \u00e0 r\u00e9aliser l'analyse d'impact mentionn\u00e9e au III de\nl'article L. 752-6 du code de commerce - HAbilitation n\u00b0AI-06-25-70 (2\npages) Page 49\n70-2026-03-20-00001 - Arr\u00eat\u00e9 portant habilitation de l'organisme\nProjective Groupe \u00e0 r\u00e9aliser l'analyse d'impact mentionn\u00e9e au III de\nl'article L. 752-6 du code de commerce - Habilitation n\u00b0AI-01-2026-70 (4\npages) Page 52\n2\nDDT de Haute-Sa\u00f4ne\n70-2026-03-19-00003\nArr\u00eat\u00e9 portant d\u00e9limitation des communes du\nd\u00e9partement de la Haute-Sa\u00f4ne dans lesquelles\nle dispositif d'aide \u00e0 la protection des troupeaux\ncontre la pr\u00e9dation du loup peut \u00eatre mis en\noeuvre pour l'ann\u00e9e 2026\nDDT de Haute-Sa\u00f4ne - 70-2026-03-19-00003 - Arr\u00eat\u00e9 portant d\u00e9limitation des communes du d\u00e9partement de la Haute-Sa\u00f4ne dans\nlesquelles le dispositif d'aide \u00e0 la protection des troupeaux contre la pr\u00e9dation du loup peut \u00eatre mis en oeuvre pour l'ann\u00e9e 2026 3\nSS Pr\u00e9fecturePREFET de la Haute-Sa\u00f4neDE LA HAUTE-SA\u00d4NELibert\u00e9\u00c9galit\u00e9Fraternit\u00e9\nArr\u00eat\u00e9 n\u00b0portant d\u00e9limitation des communes du d\u00e9partement de la Haute-Sa\u00f4nedans lesquelles le dispositif d'aide \u00e0 la protection des troupeauxcontre la pr\u00e9dation par le loup peut \u00eatre mis en \u0153uvre pour l'ann\u00e9e 2026\nLe pr\u00e9fet de la Haute-Sa\u00f4neChevalier de la L\u00e9gion d'honneurChevalier de l'Ordre national du M\u00e9rite\nVU le code rural et de la p\u00eache maritime, notamment ses articles D. 114-11 \u00e0 D. 114-17 ;VU le plan national d'actions 2024-2029 sur le loup et les activit\u00e9s d'\u00e9levage ;VU l'arr\u00eat\u00e9 minist\u00e9riel du 30 d\u00e9cembre 2022 relatif \u00e0 l'aide \u00e0 la protection des exploitations et destroupeaux contre la pr\u00e9dation du loup et de l'ours;VU le d\u00e9cret n\u00b0 2022-1756 du 30 d\u00e9cembre 2022 relatif \u00e0 l'aide \u00e0 la protection des exploitations et destroupeaux contre la pr\u00e9dation du loup et de l'ours;VU l'arr\u00eat\u00e9 minist\u00e9riel du 28 d\u00e9cembre 2023 portant d\u00e9signation du pr\u00e9fet coordonnateur du plannational d'actions sur le loup ;VU le d\u00e9cret du 23juillet 2025 portant nomination de Monsieur Serge JACOB, pr\u00e9fet de la Haute-Sa\u00f4ne;VU la consultation \u00e9lectronique du comit\u00e9 d\u00e9partemental loup du 10 au 25 f\u00e9vrier 2026 ;VU l'avis favorable de la pr\u00e9f\u00e8te coordonnatrice du plan national d'actions sur le loup et les activit\u00e9sd'\u00e9levage du 5 mars 2026;Consid\u00e9rant les dommages constat\u00e9s en 2024 et 2025 sur des troupeaux domestiques dans led\u00e9partement de la Haute-Sa\u00f4ne et dans une commune limitrophe en 2024 (Saint-Maurice-sur-Moselle,d\u00e9partement des Vosges) ;Consid\u00e9rant la n\u00e9cessit\u00e9 de poursuivre la mise en \u0153uvre des mesures d'aide \u00e0 l'adaptation de laconduite des troupeaux soumis au risque de pr\u00e9dation par le loup dans le d\u00e9partement de laHaute-Sa\u00f4ne ;SUR proposition du directeur d\u00e9partemental des territoires de la Haute-Sa\u00f4ne ;\nPr\u00e9fecture de la Haute-Sa\u00f4neBP 429 \u2014 70 013 VESOUL C\u00e9dext\u00e9l : 03 84 77 70 00 - m\u00e8l : prefecture@haute-saone.gouv.frSite internet : http://www.haute-saone.gouv.fr\nDDT de Haute-Sa\u00f4ne - 70-2026-03-19-00003 - Arr\u00eat\u00e9 portant d\u00e9limitation des communes du d\u00e9partement de la Haute-Sa\u00f4ne dans\nlesquelles le dispositif d'aide \u00e0 la protection des troupeaux contre la pr\u00e9dation du loup peut \u00eatre mis en oeuvre pour l'ann\u00e9e 2026 4\nARRETE\nArticle 1:En application de l'annexe 1 de l'arr\u00eat\u00e9 minist\u00e9riel du 30 d\u00e9cembre 2022 susvis\u00e9, la liste descommunes ou est mise en place une aide a la protection des exploitations et des troupeaux contrela pr\u00e9dation du loup dans le d\u00e9partement de la Haute-Sa\u00f4ne est arr\u00eat\u00e9e de la fa\u00e7on suivante :Sont class\u00e9s en cercle 2 les territoires des communes de:Amblans-et-Velotte, Amoncourt, Amont-et-Effreney, Arpenans, Autoreille, Avrigney-Virey, LesAynans, Bassigney, Belfahy, Belles-Fontaines, Beulotte-Saint-Laurent, Bouhans-Les-Montbozon,Bourguignon-Les-Conflans, Briaucourt, Bucey-Les-Gy, Chagey-et-Gen\u00e9chier, Chalonvillars,Champagney, Charcenne, Chaux-Les-Port, Chenebier, Choye, Citey, Conflandey, Conflans-sur-Lanterne, Corravillers, Courcuire, Dampierre-Les-Conflans, Dampierre-sur-Linotte, Echavanne,Equevilley, Errevet, Esmouli\u00e9res, Fallon, Faucogney-et-La-Mer, Flagy, Fleurey-Les-Faverney, Fontenois-Les-Montbozon, Frahier-et-Chatebier, G\u00e9zier-et-Fontenelay, Grammont, Gy, Haut-du-Them-Ch\u00e2teau-Lambert, La Longine, Les Magny, Magny-Vernois, M\u00e9lecey, Mersuay, Meurcourt, Mollans, LaMontagne, Montbozon, Neurey-en-Vaux, Ormenans, Pin, Plainemont, Plancher-Bas, Plancher-Les-Mines, Roche-sur-Linotte-Et-Sorans-Les-Cordiers, La Rosi\u00e9re, Saint-Ferjeux, Secenans, Senargent-Mignafans, Servance-Miellin, Thi\u00e9nans, Le Val-de-Gouhenans, Le Val-Saint-Eloi, Varogne, Vellefrey-et-Vellefrange, Velleferie, Velorcey, Villargent, La Villedieu-en-Fontenette, La Villeneuve-Bellenoye-et-_La-Maize, Villers-La-Ville, Villers-sur-Port, Vilory, Vouhenans, Vy-Les-Filain et Vy-Les-Lure.Sont class\u00e9s en cercle 3 l'ensemble des territoires de toutes les autres communes du d\u00e9partementde la Haute-Sa\u00f4ne.\nArticle 2 :Le p\u00e9rim\u00e8tre des cercles 2 et 3 est cartographi\u00e9 et annex\u00e9 au pr\u00e9sent arr\u00eat\u00e9.\nArticle 3 :Le pr\u00e9sent classement cesse de produire ses effets le 31 d\u00e9cembre 2026 \u00e0 minuit.\nArticle 4 :Le pr\u00e9sent arr\u00eat\u00e9 peut faire l'objet d'un recours contentieux aupr\u00e8s du tribunal administratif deBesan\u00e7on dans un d\u00e9lai de deux mois \u00e0 compter de sa notification ou de sa publication. Le tribunalpeut \u00eatre saisi par l'application informatique \u00ab T\u00e9l\u00e9recours citoyens\u00bb accessible par le sitewww.telerecours.fr\nArticle 5:La secr\u00e9taire g\u00e9n\u00e9rale de la pr\u00e9fecture de la Haute-Sa\u00f4ne, le directeur d\u00e9partemental des territoiresde la Haute-Sa\u00f4ne sont charg\u00e9s, chacun en ce qui le concerne, de l'ex\u00e9cution du pr\u00e9sent arr\u00eat\u00e9 quisera publi\u00e9 au recueil des actes administratifs.\nFait \u00e0 Vesoul, le\nLe pr\u00e9ret\nDDT de Haute-Sa\u00f4ne - 70-2026-03-19-00003 - Arr\u00eat\u00e9 portant d\u00e9limitation des communes du d\u00e9partement de la Haute-Sa\u00f4ne dans\nlesquelles le dispositif d'aide \u00e0 la protection des troupeaux contre la pr\u00e9dation du loup peut \u00eatre mis en oeuvre pour l'ann\u00e9e 2026 5\n&Gz0zuonepaid\"44wy0zOL639UOMUAaAaIdApsainsaw-Y\n\u20acP10DtrocuonepaidY/Y,dno;26epp129AIGIdOVAQO]\\seesajoidsesadsa\\jUsWaUUPIIAUZ\\1JYOS\\UIS-IDIAYAS\\:V:191421APuonesije2[=Oo MOA0SGWW218/435/0/199-6040198NOIO:391\nsueusiyiluaVeUozoqquow-sa}-sious}Uo4\n3498 1e| 1A\naiqauay>TE)\nuseNe\nSeqJouoUe(d\neuges-aneHe|uonsa,!1d\nN 9Z0Z aeuue,| nod ANQVSA4|~\"ILNVHW130\nDDT de Haute-Sa\u00f4ne - 70-2026-03-19-00003 - Arr\u00eat\u00e9 portant d\u00e9limitation des communes du d\u00e9partement de la Haute-Sa\u00f4ne dans\nlesquelles le dispositif d'aide \u00e0 la protection des troupeaux contre la pr\u00e9dation du loup peut \u00eatre mis en oeuvre pour l'ann\u00e9e 2026 6\nDRAC Bourgogne-Franche-Comt\u00e9\n70-2026-03-04-00006\narr\u00eat\u00e9 de PDA de Ronchamp (Haute-Sa\u00f4ne) :\narr\u00eat\u00e9 n\u00b0 26-46 BAG\nDRAC Bourgogne-Franche-Comt\u00e9 - 70-2026-03-04-00006 - arr\u00eat\u00e9 de PDA de Ronchamp (Haute-Sa\u00f4ne) : arr\u00eat\u00e9 n\u00b0 26-46 BAG 7\nExPREFETDE LA R\u00c9GION |BOURGOGNE- Direction r\u00e9gionale des affaires culturellesFRANCHE-COMTELibert\u00e9Egalit\u00e9Fraternit\u00e9\nARR\u00caT\u00c9 n\u00b0 \u00a9 6-46 BAGportant cr\u00e9ation d'un p\u00e9rim\u00e8tre d\u00e9limit\u00e9 des abordssur la communede Ronchamp (Haute-Sa\u00f4ne)autour de l'\u00e9cole en bois, du chevalement du puits Sainte-Marie,de la chapelle Notre-Dame-du-Haut, de ses annexes et du campanile de Prouv\u00e9\nLe pr\u00e9fet de la r\u00e9gion Bourgogne-Franche-Comt\u00e9,Pr\u00e9fet de la C\u00f4te-d'Or\nVU le code du patrimoine, et notamment ses articles L.621-30 \u00e0 L.621-32 et R.621-92 \u00e0 R.621-95 ;VU le code de l'urbanisme, et notamment son article R.132-2 ;VU le code de l'environnement et notamment son article L.123-1;VU la loi n\u00b0 2016-925 du 7juillet 2016 relative \u00e0 la libert\u00e9 de la cr\u00e9ation, \u00e0 l'architecture et au patrimoine,notamment sa section 4 \"Abords\" ;VU la loi n\u00b0 2018-1021 du 23 novembre 2018 portant \u00e9volution du logement, de l'am\u00e9nagement et dunum\u00e9rique, notamment son article 56 ;VU le d\u00e9cret n\u00b0 2017-456 du 29 mars 2017 relatif au patrimoine mondial, aux monuments historiques etaux sites patrimoniaux remarquables, notamment son article 4 ;VU le d\u00e9cret n\u00b0 2019-617 du 21 juin 2019 relatif aux abords de monuments historiques, aux sitespatrimoniaux remarquables, notamment son article 1;VU le d\u00e9cret du 10 octobre 2024, portant la nomination de Monsieur Paul MOURIER en qualit\u00e9 de pr\u00e9fetde la r\u00e9gion Bourgogne-Franche-Comt\u00e9, pr\u00e9fet de la C\u00f4te-d'Or;VU l'arr\u00eat\u00e9 du 10 octobre 2008 portant classement au titre des monuments historiques de l'\u00e9cole enbois de Ronchamp ;VU l'arr\u00eat\u00e9 du 8 novembre 1967 portant classement au titre des monuments historiques de la chapelleNotre-Dame-du-Haut \u00e0 Ronchamp ;VU l'arr\u00eat\u00e9 du 11 juin 2004 portant classement au titre des monuments historiques des annexes de lachapelle Notre-Dame-du-Haut de Ronchamp (maison du gardien, abri du p\u00e8lerin et tables en b\u00e9ton,cave, pyramide) ainsi que du campanile de Prouv\u00e9 ; 1/3\nDRAC Bourgogne-Franche-Comt\u00e9 - 70-2026-03-04-00006 - arr\u00eat\u00e9 de PDA de Ronchamp (Haute-Sa\u00f4ne) : arr\u00eat\u00e9 n\u00b0 26-46 BAG 8\nVU l'arr\u00eat\u00e9 du 29 mars 2001 portant inscription au titre des monuments historiques du chevalement dupuits Sainte-Marie \u00e0 Ronchamp;VU la proposition de l'architecte des b\u00e2timents de France de la Haute-Sa\u00f4ne et du Territoire de Belfortau pr\u00e9sident de la communaut\u00e9 de communes Rahin et Ch\u00e9rimont et au maire de Ronchamp, de mettreen place un p\u00e9rim\u00e8tre d\u00e9limit\u00e9 des abords autour des monuments historiques de Ronchamp ;VU la d\u00e9lib\u00e9ration du 5 novembre 2024 par laquelle le conseil municipal de Ronchamp a \u00e9mis un avisfavorable au projet de p\u00e9rim\u00e8tre d\u00e9limit\u00e9 des abords autour de l'\u00e9cole en bois, du chevalement du puitsSainte-Marie, de la chapelle Notre-Dame-du-Haut, de ses annexes et du campanile de Prouv\u00e9 ;VU la d\u00e9lib\u00e9ration du 19 d\u00e9cembre 2024 par laquelle le conseil communautaire de la communaut\u00e9 decommunes Rahin et Ch\u00e9rimont a \u00e9mis un avis favorable au projet de p\u00e9rim\u00e8tre d\u00e9limit\u00e9 des abordsautour de l'\u00e9cole en bois, du chevalement du puits Sainte-Marie, de la chapelle Notre-Dame-du-Haut,de ses annexes et du campanile de Prouv\u00e9 \u00e0 Ronchamp ;VU l'arr\u00eat\u00e9 n\u00b0 G15 du 25 ao\u00fbt 2025 du pr\u00e9sident de la communaut\u00e9 de communes Rahin et Ch\u00e9rimont,soumettant le projet d'\u00e9laboration du plan local d'urbanisme intercommunal, le projet de site class\u00e9 etle projet de p\u00e9rim\u00e8tre d\u00e9limit\u00e9 des abords de Ronchamp, \u00e0 une enqu\u00eate publique unique, du13 septembre 2025 au 17 octobre 2025 inclus ;VU les conclusions de l'enqu\u00eate publique et l'avis favorable de la commission d'enqu\u00eate, en date du19 novembre 2025, sans r\u00e9serve ni recommandation ;VU l'accord de l'architecte des b\u00e2timents de France de la Haute-Sa\u00f4ne et du Territoire de Belfort, endate du 3 d\u00e9cembre 2025, sur le projet de p\u00e9rim\u00e8tre d\u00e9limit\u00e9 des abords de Ronchamp, sansmodification apr\u00e8s enqu\u00eate publique ;VU la d\u00e9lib\u00e9ration du conseil communautaire de la communaut\u00e9 de communes Rahin et Ch\u00e9rimont, endate du 17 d\u00e9cembre 2025, donnant son accord sur le p\u00e9rim\u00e8tre d\u00e9limit\u00e9 des abords de Ronchamp, sansmodification apr\u00e8s enqu\u00eate publique;CONSIDERANT que la cr\u00e9ation d'un p\u00e9rim\u00e8tre d\u00e9limit\u00e9 des abords permet de d\u00e9signer les immeublesou ensembles d'immeubles qui forment avec un ou des monuments historiques un ensemble coh\u00e9rentou qui sont susceptibles de contribuer \u00e0 leur conservation ou \u00e0 leur mise en valeur ;SUR proposition de la secr\u00e9taire g\u00e9n\u00e9rale pour les affaires r\u00e9gionales de la r\u00e9gion Bourgogne-Franche-Comt\u00e9; ARRETEArticle 1: Le p\u00e9rim\u00e8tre d\u00e9limit\u00e9 des abords est cr\u00e9\u00e9 sur la commune de Ronchamp, autour de l'\u00e9cole enbois, du chevalement du puits Sainte-Marie, de la chapelle Notre-Dame-du-Haut, de ses annexes et ducampanile de Prouv\u00e9, selon le plan joint en annexe.Article 2 : Le pr\u00e9sent arr\u00eat\u00e9 fera l'objet d'un affichage \u00e0 la communaut\u00e9 de communes Rahin etCh\u00e9rimont et en mairie de Ronchamp pendant une dur\u00e9e minimale d'un mois. Mention de ces affichagessera ins\u00e9r\u00e9e en caract\u00e8res apparents dans un journal diffus\u00e9 dans le d\u00e9partement. II sera \u00e9galementpubli\u00e9 au recueil des actes administratifs de la pr\u00e9fecture de la Haute-Sa\u00f4ne et de la r\u00e9gion Bourgogne-Franche-Comt\u00e9. 2/3\nDRAC Bourgogne-Franche-Comt\u00e9 - 70-2026-03-04-00006 - arr\u00eat\u00e9 de PDA de Ronchamp (Haute-Sa\u00f4ne) : arr\u00eat\u00e9 n\u00b0 26-46 BAG 9\nArticle 3 : Le dossier correspondant pourra \u00eatre consult\u00e9 par le public \u00e0 l'unit\u00e9 d\u00e9partementale del'architecture et du patrimoine de la Haute-Sa\u00f4ne et du Territoire de Belfort (site de Vesoul) et \u00e0 lacommunaut\u00e9 de communes Rahin et Ch\u00e9rimont.Article 4 : Le p\u00e9rim\u00e8tre d\u00e9limit\u00e9 des abords constitue une servitude d'utilit\u00e9 publique et doit \u00eatre annex\u00e9sans d\u00e9lai au document d'urbanisme, conform\u00e9ment \u00e0 l'article L.153-60 du code de l'urbanisme.Article 5 : Le pr\u00e9sent arr\u00eat\u00e9 peut faire l'objet d'un recours gracieux aupr\u00e8s du pr\u00e9fet de la r\u00e9gionBourgogne-Franche-Comt\u00e9 ou d'un recours contentieux devant le tribunal administratif de Besan\u00e7ondans un d\u00e9lai de deux mois suivant sa publication ou sa notification.Article 6 : La secr\u00e9taire g\u00e9n\u00e9rale pour les affaires r\u00e9gionales de la r\u00e9gion Bourgogne-Franche-Comt\u00e9, ledirecteur r\u00e9gional des affaires culturelles, l'architecte des b\u00e2timents de France de la Haute-Sa\u00f4ne et duTerritoire de Belfort, le pr\u00e9sident de la communaut\u00e9 de communes Rahin et Ch\u00e9rimont et le maire deRonchamp sont charg\u00e9s, chacun en ce qui le concerne, de l'ex\u00e9cution du pr\u00e9sent arr\u00eat\u00e9, dont copie seraadress\u00e9e \u00e0 la Ministre de la culture, au pr\u00e9fet de Haute-Sa\u00f4ne et au directeur d\u00e9partemental desterritoires de Haute-Sa\u00f4ne.\nFait \u00e0 Dijon, le Q 4.MARS 2026\nLe pr\u00e9fet de r\u00e9gio\nPaul MOURIER\n3/3\nDRAC Bourgogne-Franche-Comt\u00e9 - 70-2026-03-04-00006 - arr\u00eat\u00e9 de PDA de Ronchamp (Haute-Sa\u00f4ne) : arr\u00eat\u00e9 n\u00b0 26-46 BAG 10\nRonchamp (70) - | Xe] Te '4\nFs .Version 20231114 \u00c0 Asources ' fo aCadastre.gouv.fr d\u00e9cembre 2022. * | > a; . ET 2 4Atlas des Patrimoines LU : ey | = 4he, + LA. \u20ac \u00e9\"\"i.\\ *\u00e0\n/ \u00e0 \u0153\ngi ee. & o \u00e0 =LL % s : 4 :kK ie D' \"% * / CN? 7Ne a \u00e0 oe% \u00a5 < i he s2 LL,us $ : | # i. LS : \"iJ Ye ty =77 7/7et GUM iis 7 LE, Yj 7 yy\n3 ?t\noeee\nlr0\nff DDEE O Mi| MLEG 7 LL Yj LOL SY GY Gos LL N EG\n//IION\nQE 2 |\nMonuments | Dr P\u00e9rim\u00e8tre D\u00e9limit\u00e9 desHistoriques ! Abords\n\u00ae #\nDRAC Bourgogne-Franche-Comt\u00e9 - 70-2026-03-04-00006 - arr\u00eat\u00e9 de PDA de Ronchamp (Haute-Sa\u00f4ne) : arr\u00eat\u00e9 n\u00b0 26-46 BAG 11\nDREAL Bourgogne Franche-Comt\u00e9\n70-2026-03-19-00002\nD\u00e9cision portant subd\u00e9l\u00e9gation de signature aux\nagents de la DREAL pour les missions\nsous autorit\u00e9 du pr\u00e9fet de d\u00e9partement de la\nHaute-Sa\u00f4ne\nDREAL Bourgogne Franche-Comt\u00e9 - 70-2026-03-19-00002 - D\u00e9cision portant subd\u00e9l\u00e9gation de signature aux agents de la DREAL pour\nles missions\nsous autorit\u00e9 du pr\u00e9fet de d\u00e9partement de la Haute-Sa\u00f4ne\n12\nPREFETDE LA HAUTE-SAONELibert\u00e9Egalit\u00e9Fraternit\u00e9\nDirection r\u00e9gionale de l'environnement,\nde l'am\u00e9nagement et du logement\nBourgogne Franche-Comt\u00e9\nD\u00e9cision n\u00b0 70 \u2013 2026 -\nportant subd\u00e9l\u00e9gation de signature aux agents de la DREAL pour les missions\nsous autorit\u00e9 du pr\u00e9fet de d\u00e9partement de la     Haute-Sa\u00f4ne  \nLa Directrice r\u00e9gionale par int\u00e9rim de l'environnement, de l'am\u00e9nagement et du logement\nde Bourgogne-Franche-Comt\u00e9\nVU\nLe  d\u00e9cret  n\u00b0  2004-374  du  29  avril  2004,  modifi\u00e9,  relatif  aux  pouvoirs  des  pr\u00e9fets,  \u00e0\nl'organisation et \u00e0 l'action des services de l'\u00c9tat dans les r\u00e9gions et d\u00e9partements,\nLe  d\u00e9cret  n\u00b02009-235  du  27  f\u00e9vrier  2009  relatif  \u00e0  l'organisation  et  aux  missions  des\ndirections r\u00e9gionales de l'environnement, de l'am\u00e9nagement et du logement\u00a0;\nLe d\u00e9cret du 23 juillet 2025 portant nomination de Serge JACOB pr\u00e9fet de la Haute-\nSa\u00f4ne\u00a0;\nL'arr\u00eat\u00e9 minist\u00e9riel du 17 novembre 2023 nommant Olivier DAVID, directeur r\u00e9gional de\nl'environnement, de l'am\u00e9nagement et du logement de Bourgogne-Franche-Comt\u00e9 \u00a0;\nL'arr\u00eat\u00e9 minist\u00e9riel du 20 juillet 2022 nommant Virginie PUCELLE, directrice r\u00e9gionale\nadjointe\u00a0;\nL'arr\u00eat\u00e9 minist\u00e9riel du 26 f\u00e9vrier 2024 nommant Thierry DELORME, directeur r\u00e9gional\nadjoint\u00a0;\nL'arr\u00eat\u00e9  minist\u00e9riel  du  1 er\n juillet  2024  nommant  C\u00e9cile  BRENNE,  directrice  r\u00e9gionale\nadjointe\u00a0;\nL'arr\u00eat\u00e9 minist\u00e9riel du 16 f\u00e9vrier 2026 nommant B\u00e9n\u00e9dicte CRETIN, directrice r\u00e9gionale\nadjointe\u00a0;\nL'arr\u00eat\u00e9 de M. le pr\u00e9fet de R\u00e9gion  n\u00b0 25-09 BAG du 14 janvier 2025 portant organisation\nde la DREAL Bourgogne-Franche-Comt\u00e9. \u00a0\nL'arr\u00eat\u00e9 minist\u00e9riel du 13 janvier 2026 portant attribution par int\u00e9rim des fonctions de\ndirectrice  r\u00e9gionale  de  l'environnement,  de  l'am\u00e9nagement  et  du  logement  (r\u00e9gion\nBourgogne-Franche-Comt\u00e9) \u00e0 Mme C\u00e9cile BRENNE \u00a0;\nL'arr\u00eat\u00e9 de M. le pr\u00e9fet de la Haute-Sa\u00f4ne n\u00b070-2026-02-09-0002 du 9 f\u00e9vrier 2026 portant\nd\u00e9l\u00e9gation de signature \u00e0 C\u00e9cile BRENNE.\nD\u00c9CIDE\nArticle 1\nPour toutes d\u00e9cisions et tous documents dont la signature m'a \u00e9t\u00e9 d\u00e9l\u00e9gu\u00e9e par le pr\u00e9fet\ndu  d\u00e9partement  de  la  Haute-Sa\u00f4ne  par  arr\u00eat\u00e9  susvis\u00e9,  d\u00e9l\u00e9gation  de  signature  est\nconf\u00e9r\u00e9e, selon les missions dont ils ont la charge, \u00e0: \n\u2022 Thierry DELORME, directeur r\u00e9gional adjoint \u00a0;\n\u2022 B\u00e9n\u00e9dicte CRETIN, directrice r\u00e9gionale adjointe \u00a0;\n\u2022 Yann DUFOUR chef de service Transports Mobilit\u00e9s, Fr\u00e9d\u00e9ric GUIBOURG et Xavier\nCURELY,  adjoints ; \nDREAL Bourgogne Franche-Comt\u00e9 - 70-2026-03-19-00002 - D\u00e9cision portant subd\u00e9l\u00e9gation de signature aux agents de la DREAL pour\nles missions\nsous autorit\u00e9 du pr\u00e9fet de d\u00e9partement de la Haute-Sa\u00f4ne\n13\n\u2022 Vanessa GROLLEMUND, cheffe du service Pr\u00e9vention des Risques, Sarah KASSIMI et\nNicolas GUERIN, adjoints ; \n\u2022 Hadrien MAURIAC, chef du service Biodiversit\u00e9-eau-patrimoine, Antoine SION et\nJean-Yves PESEUX, adjoints\u00a0;\n\u2022 Muriel CHABERT,  cheffe du service  Transition  \u00c9cologique,  Katy  POJER  et Olivier\nBOUJARD, adjoints\u00a0;\n\u2022 Franck NASS chef de l'unit\u00e9 interd\u00e9partementale Doubs, Haute-Sa\u00f4ne et Territoire\nde Belfort, Yvan BARTZ et Val\u00e9rie MEYNADIER, chefs d'unit\u00e9 adjoints.\nArticle 2\nConcernant la protection des esp\u00e8ces de faune et de flore sauvages, sans pr\u00e9judice des \nd\u00e9l\u00e9gations conf\u00e9r\u00e9es \u00e0 l'article 1, d\u00e9l\u00e9gation de signature est donn\u00e9e pour les d\u00e9cisions et\ndocuments li\u00e9s \u00e0 la r\u00e9glementation CITES et \u00e0 la r\u00e9glementation esp\u00e8ces prot\u00e9g\u00e9es hormis\nles arr\u00eat\u00e9s de d\u00e9rogation : \n\u2022 Dominique ORTH, chef de d\u00e9partement\n\u2022 Jenny BERTHIER, cheffe de d\u00e9partement adjointe\n\u2022 Pierre DZIADKOWIAK, chef de d\u00e9partement adjoint\nArticle 3\nEn mati\u00e8re d'installations class\u00e9es pour la protection de l'environnement, de d\u00e9chets et\nsubstances chimiques, de canalisations et d'\u00e9quipements sous pression, de mines, et s ans\npr\u00e9judice des d\u00e9l\u00e9gations conf\u00e9r\u00e9es \u00e0 l'article 1, d\u00e9l\u00e9gation de signature est donn\u00e9e \u00e0 :\n\u2022 Carole  MORTAS,  cheffe  du  d\u00e9partement  risques  chroniques,  et  Soizick  GUERN,\ncheffe de d\u00e9partement adjointe ;\n\u2022 Franck MARZORATI, chef du d\u00e9partement risques accidentels, et Alain PARADIS,\nchef de d\u00e9partement adjoint\u00a0;\n\u2022 Beno\u00eet CHESNEAU, chef du p\u00f4le interr\u00e9gional ESP , en mati\u00e8re d'\u00e9quipements sous\npression\u00a0;\nArticle 4\nEn  mati\u00e8re  de  risques  naturels  et  d'ouvrages  hydrauliques,  et  sans  pr\u00e9judice  des\nd\u00e9l\u00e9gations  conf\u00e9r\u00e9es  \u00e0  l'article  1 ,  d\u00e9l\u00e9gation  de  signature  est  donn\u00e9e  \u00e0  Malika\nLACHAMBRE,\u00a0cheffe du d\u00e9partement risques naturels et ouvrages hydrauliques, Thomas\nDEVILLERS, chef de d\u00e9partement adjoint.\nArticle 5\nSans pr\u00e9judice des d\u00e9l\u00e9gations conf\u00e9r\u00e9es \u00e0 l'article 1 , d\u00e9l\u00e9gation de signature est donn\u00e9e\nElisabeth de JESUS, cheffe du d\u00e9partement Transition \u00c9nerg\u00e9tique et St\u00e9phanie VUILLOT,\nson adjointe dans les mati\u00e8res suivantes :\n\u2022 production, transport et distribution de gaz et d'\u00e9lectricit\u00e9 ;\n\u2022 utilisation de l'\u00e9nergie, certificat d'\u00e9conomie d'\u00e9nergie, consultation pr\u00e9alable en\nmati\u00e8re d'action de ma\u00eetrise de l'\u00e9nergie ;\n\u2022 certificat ouvrant droit \u00e0 l'obligation d'achat d'\u00e9lectricit\u00e9.\nArticle 6\nEn  mati\u00e8re  de  transports  (r\u00e9ception,  diverses  autorisations  et  contr\u00f4le  technique  des\nv\u00e9hicules), sans pr\u00e9judice des d\u00e9l\u00e9gations conf\u00e9r\u00e9es \u00e0 l'article 1, d\u00e9l\u00e9gation de  signature\nest donn\u00e9e Lionel PERRETTE chef du d\u00e9partement R\u00e9gulation des transports ,  ainsi qu'aux\nagents habilit\u00e9s selon les attributions et les domaines d'activit\u00e9s dont ils ont la charge\u00a0:\nDREAL Bourgogne Franche-Comt\u00e9 - 70-2026-03-19-00002 - D\u00e9cision portant subd\u00e9l\u00e9gation de signature aux agents de la DREAL pour\nles missions\nsous autorit\u00e9 du pr\u00e9fet de d\u00e9partement de la Haute-Sa\u00f4ne\n14\n\u2022 Alain AUPECLE\n\u2022 Eric GIROUD\n\u2022 Jean-Michel GLOMBARD\n\u2022 Jean-Paul SEQUEIRA\n\u2022 J\u00e9r\u00f4me NICOLAS\n\u2022 Laurent LAGARDE\n\u2022 Ludovic HERLIN\n\u2022 Mathieu AMAURY\n\u2022 Olivier PARIGOT\n\u2022 Philippe GUYOT\n\u2022 Radouane FIKRI\n\u2022 S\u00e9bastien RYCHTER\n\u2022 J\u00e9r\u00f4me BOILLON\n\u2022 Christophe LEBEUF \n\u2022 Claire ANDRE \nArticle 7\nLorsqu'ils  effectuent  une  p\u00e9riode  d'astreinte,  ont  subd\u00e9l\u00e9gation  pour  signer  les  actes\nurgents n\u00e9cessaires \u00e0 la gestion d'un accident ou incident les personnes :\n\u2022 Anne LEFRANC\n\u2022 Antoine SION\n\u2022 B\u00e9n\u00e9dicte CRETIN\n\u2022 C\u00e9cile BRENNE\n\u2022 C\u00e9line PICOT\n\u2022 Dominique VANDERSPEETEN\n\u2022 Emmanuel DIVERS\n\u2022 Florian LUCCI\n\u2022 Franck NASS\n\u2022 Fr\u00e9d\u00e9ric GUIBOURG\n\u2022 Hadrien MAURIAC\n\u2022 Jean-Yves PESEUX\n\u2022 J\u00e9r\u00f4me VOULAND\n\u2022 Katy POJER\n\u2022 Muriel CHABERT\n\u2022 Na\u00efma ATILLAH\n\u2022 Nicolas BONAFY\n\u2022 Nicolas GU\u00c9RIN\n\u2022 Oc\u00e9ane LACHAUSSEE\n\u2022 Olivier BOUJARD\n\u2022 Pierre CHRISMENT\n\u2022 Quentin CHABERNAUD\n\u2022 Sarah KASSIMI\n\u2022 Thierry DELORME\n\u2022 Val\u00e9rie MEYNADIER\n\u2022 Vanessa GROLLEMUND\n\u2022 Xavier BERTUIT\n\u2022 Xavier CURELY\n\u2022 Yann DUFOUR\n\u2022 Yvan BARTZ\nArticle 8\nCette d\u00e9cision sera notifi\u00e9e \u00e0 M. le pr\u00e9fet de  Haute-Sa\u00f4ne, au directeur d\u00e9partemental\ndes  finances publiques de  Haute-Sa\u00f4ne ainsi qu'aux agents ci-dessus  d\u00e9sign\u00e9s,  et sera\npubli\u00e9e au recueil des actes administratifs de la pr\u00e9fecture de Haute-Sa\u00f4ne.\nArticle 9\nToute d\u00e9l\u00e9gation ant\u00e9rieure \u00e0 la pr\u00e9sente d\u00e9cision et toutes dispositions contraires \u00e0 celle-\nci sont abrog\u00e9es.\nFait \u00e0 Besan\u00e7on, le 19 mars 2026\nLa directrice r\u00e9gionale par int\u00e9rim de l'environnement,\nde l'am\u00e9nagement et du logement\nSign\u00e9e\u00a0: C\u00e9cile BRENNE\nDREAL Bourgogne Franche-Comt\u00e9 - 70-2026-03-19-00002 - D\u00e9cision portant subd\u00e9l\u00e9gation de signature aux agents de la DREAL pour\nles missions\nsous autorit\u00e9 du pr\u00e9fet de d\u00e9partement de la Haute-Sa\u00f4ne\n15\nPr\u00e9fecture de Haute-Sa\u00f4ne\n70-2026-03-18-00001\nArr\u00eat\u00e9 du 18 mars 2026 fixant la liste d\u00e9finitive\ndes candidats au second tour des \u00e9lections\nmunicipales et communautaires du 22 mars 2026\nPr\u00e9fecture de Haute-Sa\u00f4ne - 70-2026-03-18-00001 - Arr\u00eat\u00e9 du 18 mars 2026 fixant la liste d\u00e9finitive des candidats au second tour des\n\u00e9lections municipales et communautaires du 22 mars 2026 16\nPREFET Direction de la citoyennet\u00e9,DE LA HAUTE- de l'immigration et des libert\u00e9s publiquesSAONE Bureau des \u00e9lections et de la r\u00e9glementationLibert\u00e9Egalit\u00e9Fraternit\u00e9\nArr\u00e9t\u00e9 n\u00b0fixant la liste d\u00e9finitive des candidats au second tourdes \u00e9lections municipales et communautaires du 22 mars 2026\nLe pr\u00e9fet de la Haute-Sa\u00f4neChevalier de la L\u00e9gion d'honneurChevalier de l'Ordre national du M\u00e9rite\nVU le code \u00e9lectoral et notamment ses articles R.28 et R.127-2 :VU la loi n\u00b0 2013-403 du 17 mai 2013 relative \u00e0 l'\u00e9lection des conseillers d\u00e9partementaux, desconseillers municipaux et des conseillers communautaires, et modifiant le calendrier\u00e9lectoral ;VU le d\u00e9cret n\u00b0 2025-848 du 27 ao\u00fbt 2025 fixant la date de renouvellement des conseillersmunicipaux et communautaires, des conseillers m\u00e9tropolitains de Lyon, des conseillers deParis et des conseillers d'arrondissement de Paris, Lyon et Marseille et portantconvocation des \u00e9lecteurs ;VU le d\u00e9cret du 23 juillet 2025 portant nomination de M. Serge JACOB, pr\u00e9fet de laHaute-Sa\u00f4ne ;VU le d\u00e9cret du 24 avril 2024 portant nomination de Mme Annick PAQUET, secr\u00e9taireg\u00e9n\u00e9rale de la pr\u00e9fecture de la Haute-Sa\u00f4ne;VU le d\u00e9cret du 19 novembre 2025 portant nomination de M. Jean-Victor ROUX, secr\u00e9taireg\u00e9n\u00e9ral adjoint de la pr\u00e9fecture de la Haute-Sa\u00f4ne, sous-pr\u00e9fet charg\u00e9 de mission aupr\u00e8sdu pr\u00e9fet de la Haute-Sa\u00f4ne ;VU l'arr\u00eat\u00e9 pr\u00e9fectoral n\u00b070-2025-12-16-00002 du 16 d\u00e9cembre 2025 portant d\u00e9l\u00e9gation designature \u00e0 Mme Annick PAQUET, secr\u00e9taire g\u00e9n\u00e9rale de la pr\u00e9fecture de la Haute-Sa\u00f4ne ;VU l'arr\u00eat\u00e9 n\u00b0 70-2026-01-08-00004 du 8 janvier 2026 fixant les modalit\u00e9s de d\u00e9p\u00f4t desd\u00e9clarations de candidatures pour les \u00e9lections municipales et communautaires des 15 et22 mars 2026;VU l'arr\u00eat\u00e9 n\u00b0 70-2026-02-27-00011 du 27 f\u00e9vrier 2026 fixant la liste d\u00e9finitive des candidatsau 1\u00b0 tour des \u00e9lections municipales et communautaires des 15 et 22 mars 2026;\nt4\nPr\u00e9fecture de Haute-Sa\u00f4ne - 70-2026-03-18-00001 - Arr\u00eat\u00e9 du 18 mars 2026 fixant la liste d\u00e9finitive des candidats au second tour des\n\u00e9lections municipales et communautaires du 22 mars 2026 17\nVU l'arr\u00eat\u00e9 modificatif n\u00b0 70-2026-03-09-00011 du 9 mars 2026 modifiant l'arr\u00eat\u00e9n\u00b0 70-2026-02-27-00011 du 27 f\u00e9vrier 2026 fixant la liste d\u00e9finitive des candidats au 1\u00b0tour des \u00e9lections municipales et communautaires des 15 et 22 mars 2026;\nSur la proposition de la secr\u00e9taire g\u00e9n\u00e9rale de la pr\u00e9fecture;\nARR\u00caTE\nArticle 1: La liste d\u00e9finitive des candidats au second tour des \u00e9lections municipales etcommunautaires du 22 mars 2026 est arr\u00eat\u00e9e, pour le d\u00e9partement de la Haute-Sa\u00f4ne,conform\u00e9ment \u00e0 l'annexe ci-jointe.\nArticle 2: Le pr\u00e9sent arr\u00eat\u00e9 peut faire l'objet d'un recours contentieux devant le tribunaladministratif de Besan\u00e7on - 30, rue Charles Nodier \u2014 25043 Besancon cedex, dans un d\u00e9lai dedeux mois \u00e0 compter de la date de sa publication ou de sa notification :- soit par \u00e9crit adress\u00e9 au Tribunal administratif - 30 rue Charles Nodier \u2014 25000BESAN\u00c7ON- soit par l'application informatique \u00ab T\u00e9l\u00e9recours citoyens \u00bb accessible par le siteInternet www.telerecours.fr.\nArticle 3 : La secr\u00e9taire g\u00e9n\u00e9rale de la pr\u00e9fecture et les maires des communes dud\u00e9partement concern\u00e9s par un second tour sont charg\u00e9s, chacun en ce qui le concerne, del'ex\u00e9cution du pr\u00e9sent arr\u00eat\u00e9 qui sera publi\u00e9 au recueil des actes administratifs de lapr\u00e9fecture de la Haute-Sa\u00f4ne et affich\u00e9 dans l'ensemble des communes concern\u00e9es.\nFait \u00e0 Vesoul, le 18 mars 2026\nLe pr\u00e9fet, par d\u00e9l\u00e9gation,le secr\u00e9taire g\u00e9n\u00e9ral adjoint,\nsurJean-Victor ROUX\nAl O22 Qs 77 70 00el. US 54 // #U DU\n\u00a9 olourriel : prefecture-election S@NAUTE-SAONEG.ZOUV.IT\nPr\u00e9fecture de Haute-Sa\u00f4ne - 70-2026-03-18-00001 - Arr\u00eat\u00e9 du 18 mars 2026 fixant la liste d\u00e9finitive des candidats au second tour des\n\u00e9lections municipales et communautaires du 22 mars 2026 18\nEdit\u00e9 le 18/03/2026 \u00e0 08:36:52\n    Municipales 2026\n \nTour 2 - 22 mars 2026\n \n \nLISTE DES CANDIDATURES\n70 Haute-Sa\u00f4ne \n1 / \n27\nPr\u00e9fecture de Haute-Sa\u00f4ne - 70-2026-03-18-00001 - Arr\u00eat\u00e9 du 18 mars 2026 fixant la liste d\u00e9finitive des candidats au second tour des\n\u00e9lections municipales et communautaires du 22 mars 2026 19\nEdit\u00e9 le 18/03/2026 \u00e0 08:36:52\nMunicipales 2026 - Tour 2\n70 - Haute-Sa\u00f4ne / Lure (701)\n \n70021 - Andornay\n    Proportionnel - Communes de moins de 1000 habitants\n    11 si\u00e8ge(s) \u00e0 pourvoir\n1 ANDORNAY ENSEMBLE\n1 M. AMOR Bernard\n2 Mme MARTIN Sara\n3 M. BOILLOT Patrick\n4 Mme SOLAVAGIONE Fabienne\n5 M. MATHIEU Herv\u00e9\n6 Mme SIMON Valerie\n7 M. MASSON Herv\u00e9\n8 Mme BACHIR La\u00ebticia\n9 M. EMMONS Jonathan\n10 Mme NERICH Helene\n11 M. MARSOT Lucas\n12 Mme BENAIFA Akima\n13 M. THIEBAUT Pascal\n2 / \n27\nPr\u00e9fecture de Haute-Sa\u00f4ne - 70-2026-03-18-00001 - Arr\u00eat\u00e9 du 18 mars 2026 fixant la liste d\u00e9finitive des candidats au second tour des\n\u00e9lections municipales et communautaires du 22 mars 2026 20\nEdit\u00e9 le 18/03/2026 \u00e0 08:36:52\nMunicipales 2026 - Tour 2\n3 ANDORNAY (liste fusionn\u00e9e)\n1 M. LAINE Lionel\n2 Mme BARBE Dominique\n3 M. LHOTEL Cyril\n4 Mme BRICOT Diane-Laure\n5 M. GYSS Fabrice\n6 Mme LEDOUX Annie\n7 M. DEWAELE Patrick\n8 Mme DIETRICH Bernadette\n9 M. BOLOT Fran\u00e7ois\n10 Mme RONDEY Pascale\n11 M. TOURNIER Gilles\n3 / \n27\n70 - Haute-Sa\u00f4ne / Lure (701) / 70021 - Andornay\nPr\u00e9fecture de Haute-Sa\u00f4ne - 70-2026-03-18-00001 - Arr\u00eat\u00e9 du 18 mars 2026 fixant la liste d\u00e9finitive des candidats au second tour des\n\u00e9lections municipales et communautaires du 22 mars 2026 21\nEdit\u00e9 le 18/03/2026 \u00e0 08:36:52\nMunicipales 2026 - Tour 2\n70 - Haute-Sa\u00f4ne / Lure (701)\n \n70285 - H\u00e9ricourt\n    Proportionnel - Communes de 1000 habitants et plus\n1 HERICOURT : UNE VILLE ACTIVE, SURE ET UNIE\nCandidat au conseil communautaire\n1 M. BURKHALTER Fernand OUI\n2 Mme PEQUIGNOT Martine OUI\n3 M. SUTTER Pierre-Yves OUI\n4 Mme BOURGON Danielle OUI\n5 M. VAILLANT Christophe OUI\n6 Mme FORTES Catherine OUI\n7 M. PARCELLIER Alain OUI\n8 Mme VARESCHARD Dominique OUI\n9 M. PAGLIA Patrick OUI\n10 Mme NARDIN Sylvie OUI\n11 M. PARIS Jean-Luc OUI\n12 Mme CANTI Sylvie OUI\n13 M. BERNARD Luc OUI\n14 Mme GRISIER Chantal OUI\n15 M. MOUMAN Isma\u00ebl OUI\n16 Mme AMIRI-BOURQUIN Claire OUI\n17 M. CHAMBARD Herv\u00e9 OUI\n18 Mme BURGUNDER Patricia OUI\n4 / \n27\nPr\u00e9fecture de Haute-Sa\u00f4ne - 70-2026-03-18-00001 - Arr\u00eat\u00e9 du 18 mars 2026 fixant la liste d\u00e9finitive des candidats au second tour des\n\u00e9lections municipales et communautaires du 22 mars 2026 22\nEdit\u00e9 le 18/03/2026 \u00e0 08:36:52\nMunicipales 2026 - Tour 2\n19 M. DAGHMOUMI Rachid OUI\n20 Mme BATOT Violette OUI\n21 M. ENDERLIN R\u00e9mi OUI\n22 Mme BICAJ Drita OUI\n23 M. GODARD Christophe OUI\n24 Mme CLAUDEL Chantal OUI\n25 M. MANCASSOLA S\u00e9bastien OUI\n26 Mme BEJAOUI-SCHOTT Le\u00efla\n27 M. DUCASSE Martial\n28 Mme GIROD Maryse\n29 M. LAMBERT Philippe\n30 Mme MAGDONNAL Claire\n31 M. BOURQUIN Etienne\n32 Mme BARBAT Anne-Lise\n33 M. VERMOT-DESROCHES G\u00e9rard\n34 Mme KRATTINGER Elise\n35 M. BOUCRY Hugo\n36 Mme STOKOBER Audrey\n37 M. PERRIN Luc\n5 / \n27\n70 - Haute-Sa\u00f4ne / Lure (701) / 70285 - H\u00e9ricourt\nPr\u00e9fecture de Haute-Sa\u00f4ne - 70-2026-03-18-00001 - Arr\u00eat\u00e9 du 18 mars 2026 fixant la liste d\u00e9finitive des candidats au second tour des\n\u00e9lections municipales et communautaires du 22 mars 2026 23\nEdit\u00e9 le 18/03/2026 \u00e0 08:36:52\nMunicipales 2026 - Tour 2\n2 HERICOURT EN COMMUN\nCandidat au conseil communautaire\n1 M. LAZAR Gilles OUI\n2 Mme DAVAL Sylvie OUI\n3 M. HAFEKOST Quentin OUI\n4 Mme ECOFFET Marianne OUI\n5 M. GUEPIN Florent OUI\n6 Mme BOURNIER Nad\u00e8ge OUI\n7 M. RENARD Fabrice OUI\n8 Mme DERDAKA Djamilla OUI\n9 M. BERNIGAUD Dominique OUI\n10 Mme PICARD Myriame OUI\n11 M. UHLEN Pierre OUI\n12 Mme GENIN Dominique OUI\n13 M. JEANNINGROS Samuel OUI\n14 Mme PORTAZ Maryse OUI\n15 M. RIAT Julien OUI\n16 Mme PALEO Sandrine OUI\n17 M. HENNEQUIN Rapha\u00ebl OUI\n18 Mme BICHET Natacha OUI\n19 M. AUBEL Guillaume OUI\n20 Mme CREVOISIER Blanche OUI\n21 M. ZEMZAMI Mohamed OUI\n22 Mme MANET Michelle OUI\n6 / \n27\n70 - Haute-Sa\u00f4ne / Lure (701) / 70285 - H\u00e9ricourt\nPr\u00e9fecture de Haute-Sa\u00f4ne - 70-2026-03-18-00001 - Arr\u00eat\u00e9 du 18 mars 2026 fixant la liste d\u00e9finitive des candidats au second tour des\n\u00e9lections municipales et communautaires du 22 mars 2026 24\nEdit\u00e9 le 18/03/2026 \u00e0 08:36:52\nMunicipales 2026 - Tour 2\n23 M. MATHIE Jacques OUI\n24 Mme CHAPPUY Yvette OUI\n25 M. NICOLET Eric OUI\n26 Mme CHENAL Nathalie\n27 M. VUILLEMIN Allan\n28 Mme TISSOT Eliane\n29 M. FLOTAT Laurent\n30 Mme MORAS Marie-Laure\n31 M. CONTRERAS Jos\u00e9\n32 Mme JOUVELOT Christiane\n33 M. DJELLOULI Sma\u00efn\n34 Mme ANDRE Ghislaine\n35 M. DEMONTROND Emile\n36 Mme ROBERT Maryse\n37 M. RUFFIOT Vincent\n7 / \n27\n70 - Haute-Sa\u00f4ne / Lure (701) / 70285 - H\u00e9ricourt\nPr\u00e9fecture de Haute-Sa\u00f4ne - 70-2026-03-18-00001 - Arr\u00eat\u00e9 du 18 mars 2026 fixant la liste d\u00e9finitive des candidats au second tour des\n\u00e9lections municipales et communautaires du 22 mars 2026 25\nEdit\u00e9 le 18/03/2026 \u00e0 08:36:52\nMunicipales 2026 - Tour 2\n3 Agir ensemble pour H\u00e9ricourt\nCandidat au conseil communautaire\n1 Mme MARTIN In\u00e8s OUI\n2 M. JARDOT Thomas OUI\n3 Mme BONNOT Marie OUI\n4 M. DE CREPY Fran\u00e7ois OUI\n5 Mme GARNIER Aurore OUI\n6 M. COMTE Bertrand OUI\n7 Mme THIRIET Alexandrine OUI\n8 M. BURKHALTER Robert OUI\n9 Mme DUCHEMIN Aur\u00e9lie OUI\n10 M. JUILLARD Thomas OUI\n11 Mme LAUDE Sylvie OUI\n12 M. TRIBOUT Didier OUI\n13 Mme HAUSWIRTH Christine OUI\n14 M. VIENOT Augustin OUI\n15 Mme PARISOT Gis\u00e8le OUI\n16 M. BANET R\u00e9my OUI\n17 Mme VOLTOLINI Chantal OUI\n18 M. FOURNIER Jacques OUI\n19 Mme AMAUDRU Ana\u00efs OUI\n20 M. MOURAT Guy OUI\n21 Mme HASENFRATZ Val\u00e9rie OUI\n22 M. FERRY Jo\u00ebl OUI\n8 / \n27\n70 - Haute-Sa\u00f4ne / Lure (701) / 70285 - H\u00e9ricourt\nPr\u00e9fecture de Haute-Sa\u00f4ne - 70-2026-03-18-00001 - Arr\u00eat\u00e9 du 18 mars 2026 fixant la liste d\u00e9finitive des candidats au second tour des\n\u00e9lections municipales et communautaires du 22 mars 2026 26\nEdit\u00e9 le 18/03/2026 \u00e0 08:36:52\nMunicipales 2026 - Tour 2\n23 Mme TALLEDEC Nad\u00e8ge OUI\n24 M. WILLEMIN Robert OUI\n25 Mme PETRETTI Brigitte OUI\n26 M. FUNDER Antoine\n27 Mme DAKESSIAN Sylvie\n28 M. KOLOMYTZEFF St\u00e9phane\n29 Mme SOLINAS Antonietta\n30 M. BLAISE Eddy\n31 Mme BROCARD Genevi\u00e8ve\n32 M. CRAMATTE Marcel\n33 Mme WALTZ Louise\n34 M. MOURCELY Lionel\n35 Mme WEISS-BILLING Laura\n36 M. VIARD J\u00e9r\u00e9my\n9 / \n27\n70 - Haute-Sa\u00f4ne / Lure (701) / 70285 - H\u00e9ricourt\nPr\u00e9fecture de Haute-Sa\u00f4ne - 70-2026-03-18-00001 - Arr\u00eat\u00e9 du 18 mars 2026 fixant la liste d\u00e9finitive des candidats au second tour des\n\u00e9lections municipales et communautaires du 22 mars 2026 27\nEdit\u00e9 le 18/03/2026 \u00e0 08:36:52\nMunicipales 2026 - Tour 2\n70 - Haute-Sa\u00f4ne / Lure (701)\n \n70310 - Lure\n    Proportionnel - Communes de 1000 habitants et plus\n1 INCLURE\nCandidat au conseil communautaire\n1 M. JUIF Raoul OUI\n2 Mme MEZQUITA Marie Luz OUI\n3 M. VENNE Guy OUI\n4 Mme OFFROY Claude OUI\n5 M. HIGELIN Jean-Christophe OUI\n6 Mme PUTH Jennifer OUI\n7 M. GRANDFERRY Stephane OUI\n8 Mme BERNARD Sylvette OUI\n9 M. BELLI Patrice OUI\n10 Mme EL-BOUASLY Amal OUI\n11 M. JENESTIER Alain OUI\n12 Mme CHAVONAND Nadine OUI\n13 M. GUILLEREY Louis OUI\n14 Mme KABONGO Cecile OUI\n15 M. AKALIN Mikayil OUI\n16 Mme CHAGNOT Josiane OUI\n17 M. NEGRI Jean-Jacques OUI\n18 Mme SIMONIN Isabelle OUI\n10 / \n27\nPr\u00e9fecture de Haute-Sa\u00f4ne - 70-2026-03-18-00001 - Arr\u00eat\u00e9 du 18 mars 2026 fixant la liste d\u00e9finitive des candidats au second tour des\n\u00e9lections municipales et communautaires du 22 mars 2026 28\nEdit\u00e9 le 18/03/2026 \u00e0 08:36:52\nMunicipales 2026 - Tour 2\n19 M. INVERNIZZI Ren\u00e9 OUI\n20 Mme AKALIN Melek\n21 M. GUILLEREY Lionel\n22 Mme VUILLEMARD Bruna\n23 M. JACQUOT Noel\n24 Mme CANDANEDO TOME Maria Teresa\n25 M. BERTHELOT Ronel\n26 Mme CHOMETON Murielle\n27 M. PERROT Bernard\n28 Mme DUBOIS Josette\n29 M. VUILLEMARD J\u00e9r\u00f4me\n30 Mme MIEGE-JUIF Beatrice\n31 M. JEANDENANT Eric\n11 / \n27\n70 - Haute-Sa\u00f4ne / Lure (701) / 70310 - Lure\nPr\u00e9fecture de Haute-Sa\u00f4ne - 70-2026-03-18-00001 - Arr\u00eat\u00e9 du 18 mars 2026 fixant la liste d\u00e9finitive des candidats au second tour des\n\u00e9lections municipales et communautaires du 22 mars 2026 29\nEdit\u00e9 le 18/03/2026 \u00e0 08:36:52\nMunicipales 2026 - Tour 2\n2 RASSEMBLEMENT POUR LURE\nCandidat au conseil communautaire\n1 Mme FRITSCH Nathalie OUI\n2 M. DURQUE Olivier OUI\n3 Mme GASPARD Nad\u00e8ge OUI\n4 M. CASABELLA Fr\u00e9d\u00e9ric OUI\n5 Mme RIETHMULLER Sonia OUI\n6 M. SALMON Emeric OUI\n7 Mme PAULIN Evelyne OUI\n8 M. VINCENT Lucas OUI\n9 Mme GONIN Lou OUI\n10 M. FLORIDIA Rosario OUI\n11 Mme TYRODE Jennifer OUI\n12 M. MATHIEU Alexandre OUI\n13 Mme NAULET B\u00e9n\u00e9dicte OUI\n14 M. MEYER Christophe OUI\n15 Mme GUILLIER Delphine OUI\n16 M. DIRAND Martial OUI\n17 Mme MECHINAUD Karine OUI\n18 M. BOFFY Pierre OUI\n19 Mme DONZ\u00c9 Carole OUI\n20 M. VUILLEMEY Valentin\n21 Mme TOLLINI Catherine\n22 M. NOIROT Damien\n12 / \n27\n70 - Haute-Sa\u00f4ne / Lure (701) / 70310 - Lure\nPr\u00e9fecture de Haute-Sa\u00f4ne - 70-2026-03-18-00001 - Arr\u00eat\u00e9 du 18 mars 2026 fixant la liste d\u00e9finitive des candidats au second tour des\n\u00e9lections municipales et communautaires du 22 mars 2026 30\nEdit\u00e9 le 18/03/2026 \u00e0 08:36:52\nMunicipales 2026 - Tour 2\n23 Mme LEFAI Sandrine\n24 M. VILLIETTE Enzo\n25 Mme ALEMANT Sandrine\n26 M. GAURON Alain\n27 Mme MENIGOZ Anne-Marie\n28 M. DECERLE Michel\n29 Mme LAURENT Jo\u00eblle\n30 M. GIRARDIN Patrick\n31 Mme BOFFY Patricia\n13 / \n27\n70 - Haute-Sa\u00f4ne / Lure (701) / 70310 - Lure\nPr\u00e9fecture de Haute-Sa\u00f4ne - 70-2026-03-18-00001 - Arr\u00eat\u00e9 du 18 mars 2026 fixant la liste d\u00e9finitive des candidats au second tour des\n\u00e9lections municipales et communautaires du 22 mars 2026 31\nEdit\u00e9 le 18/03/2026 \u00e0 08:36:52\nMunicipales 2026 - Tour 2\n3 S'unir pour Lure\nCandidat au conseil communautaire\n1 M. FRECHARD St\u00e9phane OUI\n2 Mme GALMICHE Agn\u00e8s OUI\n3 M. VALQUEVIS Nicolas OUI\n4 Mme FERRY Ana\u00efs OUI\n5 M. ZOUGGARI Hamid OUI\n6 Mme ROMARY-GROSJEAN Sophie OUI\n7 M. GRENARD Thibaud OUI\n8 Mme HERTZ-NINNOLI Laurence OUI\n9 M. MONNAIN Laurent OUI\n10 Mme DEMESY Pierrette OUI\n11 M. HACQUARD Jo\u00ebl OUI\n12 Mme HUMBERT Christelle OUI\n13 M. COLNOT Philippe OUI\n14 Mme WATBLED Nathalie OUI\n15 M. CHARBON Christophe OUI\n16 Mme LEWANDOWSKI Marie-Claude OUI\n17 M. ANTOINE Adrien OUI\n18 Mme DUBAN Virginie OUI\n19 M. BARREY Jordan OUI\n20 Mme THOMAS Marie-Claire\n21 M. HUG Brice\n22 Mme LATRECHE Kalida\n14 / \n27\n70 - Haute-Sa\u00f4ne / Lure (701) / 70310 - Lure\nPr\u00e9fecture de Haute-Sa\u00f4ne - 70-2026-03-18-00001 - Arr\u00eat\u00e9 du 18 mars 2026 fixant la liste d\u00e9finitive des candidats au second tour des\n\u00e9lections municipales et communautaires du 22 mars 2026 32\nEdit\u00e9 le 18/03/2026 \u00e0 08:36:52\nMunicipales 2026 - Tour 2\n23 M. GERARD Eric\n24 Mme QUENOT Camille\n25 M. VALDENAIRE Charles\n26 Mme PASTOR V\u00e9ronique\n27 M. SEVIMLI G\u00fcney\n28 Mme TANG H\u00e9l\u00e8ne\n29 M. BEN HAJJOU Mohamed\n30 Mme GAGUA Maka\n31 M. SCHNEIDER Marc\n15 / \n27\n70 - Haute-Sa\u00f4ne / Lure (701) / 70310 - Lure\nPr\u00e9fecture de Haute-Sa\u00f4ne - 70-2026-03-18-00001 - Arr\u00eat\u00e9 du 18 mars 2026 fixant la liste d\u00e9finitive des candidats au second tour des\n\u00e9lections municipales et communautaires du 22 mars 2026 33\nEdit\u00e9 le 18/03/2026 \u00e0 08:36:52\nMunicipales 2026 - Tour 2\n70 - Haute-Sa\u00f4ne / Lure (701)\n \n70453 - La Rosi\u00e8re\n    Proportionnel - Communes de moins de 1000 habitants\n    7 si\u00e8ge(s) \u00e0 pourvoir\n1 UN VILLAGE, DES HABITANTS, UN AVENIR PARTAGE\n1 M. DAVAL Andr\u00e9\n2 Mme HENRY Laurence\n3 M. LAMBOLEY Ga\u00ebl\n4 Mme LE DE V\u00e9ronique\n5 M. GALMICHE Gilles\n6 Mme STEGNER Marie-Pierre\n7 M. WASNAIR S\u00e9bastien\n8 Mme SCHEUBLE Sophie\n9 M. NEHEN Uwe\n16 / \n27\nPr\u00e9fecture de Haute-Sa\u00f4ne - 70-2026-03-18-00001 - Arr\u00eat\u00e9 du 18 mars 2026 fixant la liste d\u00e9finitive des candidats au second tour des\n\u00e9lections municipales et communautaires du 22 mars 2026 34\nEdit\u00e9 le 18/03/2026 \u00e0 08:36:52\nMunicipales 2026 - Tour 2\n2 Ensemble pour La Rosi\u00e8re\n1 M. MANGE Fran\u00e7ois\n2 Mme GRAVA Clotilde\n3 M. BOLOT Pascal\n4 Mme LAMBOLEY Emilie\n5 M. GASPERMENT S\u00e9bastien\n6 Mme DUCHANOIS-COLLE Annie\n7 M. PREVOT Paul\n8 Mme WILLIG Annikki\n9 M. TUAILLON Ren\u00e9\n17 / \n27\n70 - Haute-Sa\u00f4ne / Lure (701) / 70453 - La Rosi\u00e8re\nPr\u00e9fecture de Haute-Sa\u00f4ne - 70-2026-03-18-00001 - Arr\u00eat\u00e9 du 18 mars 2026 fixant la liste d\u00e9finitive des candidats au second tour des\n\u00e9lections municipales et communautaires du 22 mars 2026 35\nEdit\u00e9 le 18/03/2026 \u00e0 08:36:52\nMunicipales 2026 - Tour 2\n70 - Haute-Sa\u00f4ne / Vesoul (702)\n \n70078 - Bougey\nSans candidature \u00e0 ce jour\n18 / \n27\nPr\u00e9fecture de Haute-Sa\u00f4ne - 70-2026-03-18-00001 - Arr\u00eat\u00e9 du 18 mars 2026 fixant la liste d\u00e9finitive des candidats au second tour des\n\u00e9lections municipales et communautaires du 22 mars 2026 36\nEdit\u00e9 le 18/03/2026 \u00e0 08:36:52\nMunicipales 2026 - Tour 2\n70 - Haute-Sa\u00f4ne / Vesoul (702)\n \n70079 - Bougnon\n    Proportionnel - Communes de moins de 1000 habitants\n    11 si\u00e8ge(s) \u00e0 pourvoir\n2 Bougnon, village humain et solidaire\n1 M. VON FELTEN Karl\n2 Mme ETIENNE Fran\u00e7oise\n3 M. LAURENT Philippe\n4 Mme FAVRET Annie\n5 M. CLERC Fr\u00e9d\u00e9ric\n6 Mme POIVEY Christiane\n7 M. BUCHETET Flavien\n8 Mme LALY Caroline\n9 M. TROMSON Alexandre\n10 Mme EVARISTO Nathalie\n11 M. AMBERT Christopher\n19 / \n27\nPr\u00e9fecture de Haute-Sa\u00f4ne - 70-2026-03-18-00001 - Arr\u00eat\u00e9 du 18 mars 2026 fixant la liste d\u00e9finitive des candidats au second tour des\n\u00e9lections municipales et communautaires du 22 mars 2026 37\nEdit\u00e9 le 18/03/2026 \u00e0 08:36:52\nMunicipales 2026 - Tour 2\n3 Notre village, notre avenir (liste fusionn\u00e9e)\n1 M. BONNE Antoine\n2 Mme BOLOT Nadine\n3 M. CARDINAL Bruno\n4 Mme CUNY La\u00ebtitia\n5 M. PAUSET Christophe\n6 Mme DEMANGE Marie-Line\n7 M. DUPLESSIS Eric\n8 Mme HENRY Elia\n9 M. ROBERT R\u00e9gis\n10 Mme VINOT Marguerite\n11 M. GERARD Benoit\n12 Mme GROSHENRY Martine\n13 M. KIENER J\u00e9r\u00e9my\n20 / \n27\n70 - Haute-Sa\u00f4ne / Vesoul (702) / 70079 - Bougnon\nPr\u00e9fecture de Haute-Sa\u00f4ne - 70-2026-03-18-00001 - Arr\u00eat\u00e9 du 18 mars 2026 fixant la liste d\u00e9finitive des candidats au second tour des\n\u00e9lections municipales et communautaires du 22 mars 2026 38\nEdit\u00e9 le 18/03/2026 \u00e0 08:36:52\nMunicipales 2026 - Tour 2\n70 - Haute-Sa\u00f4ne / Vesoul (702)\n \n70388 - Noidans-l\u00e8s-Vesoul\n    Proportionnel - Communes de 1000 habitants et plus\n2 Unir, Agir, Construire\nCandidat au conseil communautaire\n1 M. GRAVINESE Fernand OUI\n2 Mme GERARDO Christelle OUI\n3 M. CONAN Jean-Christophe OUI\n4 Mme GEORGES Christelle\n5 M. LAURENT Patrick\n6 Mme CHAMBRE Laureline\n7 M. MARCHISET R\u00e9mi\n8 Mme JOURDET Annie\n9 M. ZDYB Fr\u00e9d\u00e9ric\n10 Mme GALMICHE Julie\n11 M. BOURGEOIS K\u00e9vin\n12 Mme BIANCHI Oph\u00e9lie\n13 M. BOURGEOIS Marcel\n14 Mme JACOB Karen\n15 M. CLERY Bernard\n16 Mme DUVAL Martine\n17 M. PETTE Eric\n18 Mme CANDANEDO C\u00e9cile\n21 / \n27\nPr\u00e9fecture de Haute-Sa\u00f4ne - 70-2026-03-18-00001 - Arr\u00eat\u00e9 du 18 mars 2026 fixant la liste d\u00e9finitive des candidats au second tour des\n\u00e9lections municipales et communautaires du 22 mars 2026 39\nEdit\u00e9 le 18/03/2026 \u00e0 08:36:52\nMunicipales 2026 - Tour 2\n 19 M. FALLOT Guillaume\n22 / \n27\n70 - Haute-Sa\u00f4ne / Vesoul (702) / 70388 - Noidans-l\u00e8s-Vesoul\nPr\u00e9fecture de Haute-Sa\u00f4ne - 70-2026-03-18-00001 - Arr\u00eat\u00e9 du 18 mars 2026 fixant la liste d\u00e9finitive des candidats au second tour des\n\u00e9lections municipales et communautaires du 22 mars 2026 40\nEdit\u00e9 le 18/03/2026 \u00e0 08:36:52\nMunicipales 2026 - Tour 2\n4 UNIS POUR NOTRE VILLAGE\nCandidat au conseil communautaire\n1 M. GUIGNARD Jacques OUI\n2 Mme STAINE V\u00e9ronique\n3 M. JACQUOT Franck\n4 Mme TACLET Anais OUI\n5 M. COHAUT Jean-Michel OUI\n6 Mme TACLET Christine\n7 M. PIRES Antoine\n8 Mme CIBIL Julie\n9 M. DESGRANCHAMP Jean-Pierre\n10 Mme KNOPF Sandrine\n11 M. BONMARCHAND Dominique\n12 Mme FOURNIER Anais\n13 M. FIVEL Didier\n14 Mme THEULIN Corinne\n15 M. FORMET Mickael\n16 Mme DEFRAIN Lydie\n17 M. GARNIER Didier\n18 Mme CHAMBREY Fanny\n19 M. CARTIAUX Christian\n23 / \n27\n70 - Haute-Sa\u00f4ne / Vesoul (702) / 70388 - Noidans-l\u00e8s-Vesoul\nPr\u00e9fecture de Haute-Sa\u00f4ne - 70-2026-03-18-00001 - Arr\u00eat\u00e9 du 18 mars 2026 fixant la liste d\u00e9finitive des candidats au second tour des\n\u00e9lections municipales et communautaires du 22 mars 2026 41\nEdit\u00e9 le 18/03/2026 \u00e0 08:36:52\nMunicipales 2026 - Tour 2\n70 - Haute-Sa\u00f4ne / Vesoul (702)\n \n70406 - Percey-le-Grand\nSans candidature \u00e0 ce jour\n24 / \n27\nPr\u00e9fecture de Haute-Sa\u00f4ne - 70-2026-03-18-00001 - Arr\u00eat\u00e9 du 18 mars 2026 fixant la liste d\u00e9finitive des candidats au second tour des\n\u00e9lections municipales et communautaires du 22 mars 2026 42\nEdit\u00e9 le 18/03/2026 \u00e0 08:36:52\nMunicipales 2026 - Tour 2\n70 - Haute-Sa\u00f4ne / Vesoul (702)\n \n70436 - Raincourt\nSans candidature \u00e0 ce jour\n25 / \n27\nPr\u00e9fecture de Haute-Sa\u00f4ne - 70-2026-03-18-00001 - Arr\u00eat\u00e9 du 18 mars 2026 fixant la liste d\u00e9finitive des candidats au second tour des\n\u00e9lections municipales et communautaires du 22 mars 2026 43\nEdit\u00e9 le 18/03/2026 \u00e0 08:36:52\nMunicipales 2026 - Tour 2\n70 - Haute-Sa\u00f4ne / Vesoul (702)\n \n70440 - Recologne\nSans candidature \u00e0 ce jour\n26 / \n27\nPr\u00e9fecture de Haute-Sa\u00f4ne - 70-2026-03-18-00001 - Arr\u00eat\u00e9 du 18 mars 2026 fixant la liste d\u00e9finitive des candidats au second tour des\n\u00e9lections municipales et communautaires du 22 mars 2026 44\nEdit\u00e9 le 18/03/2026 \u00e0 08:36:52\nMunicipales 2026 - Tour 2\n70 - Haute-Sa\u00f4ne / Vesoul (702)\n \n70548 - Vernois-sur-Mance\nSans candidature \u00e0 ce jour\n27 / \n27\nPr\u00e9fecture de Haute-Sa\u00f4ne - 70-2026-03-18-00001 - Arr\u00eat\u00e9 du 18 mars 2026 fixant la liste d\u00e9finitive des candidats au second tour des\n\u00e9lections municipales et communautaires du 22 mars 2026 45\nPr\u00e9fecture de Haute-Sa\u00f4ne\n70-2026-03-20-00003\nArr\u00eat\u00e9 modifiant l'habilitation de l'organisme\nSARL LINEAMENTA \u00e0 \u00e9tablir le certificat de\nconformit\u00e9 mentionn\u00e9 au premier alin\u00e9a de\nl'article L. 752-23 du code de commerce -\nHabilitation n\u00b0CC-03-2025-70\nPr\u00e9fecture de Haute-Sa\u00f4ne - 70-2026-03-20-00003 - Arr\u00eat\u00e9 modifiant l'habilitation de l'organisme SARL LINEAMENTA \u00e0 \u00e9tablir le\ncertificat de conformit\u00e9 mentionn\u00e9 au premier alin\u00e9a de l'article L. 752-23 du code de commerce - Habilitation n\u00b0CC-03-2025-70 46\nPREFET Direction des collectivit\u00e9s territorialesDELA HAUTE- et de la coordination interminist\u00e9rielleSAONELibert\u00e9Egalit\u00e9Fraternit\u00e9\nBureau de la Coordination interminist\u00e9rielleSecr\u00e9tariat de la CDAC\nArr\u00eat\u00e9 n\u00b0modifiant l'habilitation de l'organisme SARL LINEAMENTA \u00e0 \u00e9tablir le certificat deconformit\u00e9 mentionn\u00e9 au premier alin\u00e9a de l'article L. 752-23 du code de commerce- Habilitation n\u00b0 CC-03-2025-70 -Le pr\u00e9fet de la Haute-Sa\u00f4neChevalier de la L\u00e9gion d'honneurChevalier de l'Ordre national du M\u00e9rite\nVU le code de commerce ;VU la loi n\u00b0 2018-1021 du 23 novembre 2018 portant \u00e9volution du logement, del'am\u00e9nagement et du num\u00e9rique (loi ELAN) ;VU le d\u00e9cret n\u00b0 2019-331 du 17 avril 2019 relatif \u00e0 la composition et au fonctionnement descommissions d\u00e9partementales d'am\u00e9nagement commercial et aux demandes d'autorisationd'exploitation commerciale ;VU l'arr\u00eat\u00e9 du ministre de l'\u00e9conomie et des finances du 1\u00b0 octobre 2019 fixant le contenu duformulaire intitul\u00e9 \u00ab certificat de conformit\u00e9 \u00bb en application de l'article R. 752-44-8 du codede commerce ;VU le d\u00e9cret du 7 novembre 2019 nommant Monsieur Serge JACOB, pr\u00e9fet de la Haute-Sa\u00f4ne;VU le d\u00e9cret du 19 novembre 2025 nommant Monsieur Jean-Victor ROUX, secr\u00e9taire g\u00e9n\u00e9raladjoint de la pr\u00e9fecture de la Haute-Sa\u00f4ne, sous-pr\u00e9fet charg\u00e9 de mission aupr\u00e8s du pr\u00e9fetde la Haute-Sa\u00f4ne;VU l'arr\u00eat\u00e9 pr\u00e9fectoral n\u00b070-2025-12-16-0003 du 16 d\u00e9cembre 2025 portant d\u00e9l\u00e9gation designature a Monsieur Jean-Victor ROUX, secr\u00e9taire g\u00e9n\u00e9ral adjoint de la pr\u00e9fecture de laHaute-Sa\u00f4ne, charg\u00e9 de mission aupr\u00e8s du pr\u00e9fet de la Haute-Sa\u00f4ne;\nPR\u00c9FECTURE DE LA HAUTE-SA\u00d4NEBP 429 - 70013 VESOUL CEDEXt\u00e9l : 03.84.77.70.00courriel : prefecture@haute-saone.gouv.fr\nPr\u00e9fecture de Haute-Sa\u00f4ne - 70-2026-03-20-00003 - Arr\u00eat\u00e9 modifiant l'habilitation de l'organisme SARL LINEAMENTA \u00e0 \u00e9tablir le\ncertificat de conformit\u00e9 mentionn\u00e9 au premier alin\u00e9a de l'article L. 752-23 du code de commerce - Habilitation n\u00b0CC-03-2025-70 47\nVU l'arr\u00eat\u00e9 pr\u00e9fectoral n\u00b070-2025-07-21-00002 portant habilitation de l'organisme SARLLINEAMENTA \u00e0 \u00e9tablir le certificat de conformit\u00e9 mentionn\u00e9 au premier alin\u00e9a de l'articleL. 752-23 du code de commerce ;VU la demande du 26 f\u00e9vrier 2026, formul\u00e9e par l'organisme SARL LINEAMENTA;SUR la proposition de Monsieur le secr\u00e9taire g\u00e9n\u00e9ral adjoint de la pr\u00e9fecture;\nARR\u00caTE\nArticle 1: L'habilitation \u00e0 r\u00e9aliser les certificats de conformit\u00e9 n\u00e9cessaires aux projets situ\u00e9ssur l'ensemble du territoire du d\u00e9partement de la Haute-Sa\u00f4ne est accord\u00e9e \u00e0 :SARL LINEAMENTABOO1, 15 avenue des Pr\u00e8s de Garonne33140 VILLENAVE-d'ORNONIdentit\u00e9 des personnes affect\u00e9es \u00e0 l'activit\u00e9 faisant l'objet de la demanded'habilitation :- Mme Marion LACOMBEArticle 2 : Le reste sans changementArticle 3 : Le pr\u00e9sent arr\u00eat\u00e9 peut faire l'objet dans un d\u00e9lai de deux mois \u00e0 compter de sanotification :- d'un recours gracieux aupr\u00e8s du pr\u00e9fet de la Haute-Sa\u00f4ne- d'un recours hi\u00e9rarchique aupr\u00e8s du secr\u00e9tariat de la CNAC- d'un recours contentieux aupr\u00e8s du tribunal administratif, 30 rue Charles Nodier,25000 BESANCON. Le tribunal administratif peut \u00eatre saisi par l'applicationinformatique \u00ab T\u00e9l\u00e9recours citoyens \u00bb accessible par le site Internet www.telerecours.fr.Article 4: Le secr\u00e9taire g\u00e9n\u00e9ral adjoint de la pr\u00e9fecture est charg\u00e9 de l'ex\u00e9cution du pr\u00e9sentarr\u00eat\u00e9 qui sera publi\u00e9 au recueil des actes administratifs de la pr\u00e9fecture et dont copie seranotifi\u00e9e \u00e0 l'organisme SARL LINEAMENTA.Fait\u00e0 Vesoul, le 4 6 4.9 coc\nPour le Pr\u00e9fetet par d\u00e9l\u00e9gation,le secr\u00e9taire g\u00e9n\u00e9ral adjoint,sous-pr\u00e9fet charg\u00e9 de mission\nJean-Victor ROUX\nPr\u00e9fecture de Haute-Sa\u00f4ne - 70-2026-03-20-00003 - Arr\u00eat\u00e9 modifiant l'habilitation de l'organisme SARL LINEAMENTA \u00e0 \u00e9tablir le\ncertificat de conformit\u00e9 mentionn\u00e9 au premier alin\u00e9a de l'article L. 752-23 du code de commerce - Habilitation n\u00b0CC-03-2025-70 48\nPr\u00e9fecture de Haute-Sa\u00f4ne\n70-2026-03-20-00002\nArr\u00eat\u00e9 modifiant l'habilitation de l'organisme\nSARL LINEAMENTA \u00e0 r\u00e9aliser l'analyse d'impact\nmentionn\u00e9e au III de l'article L. 752-6 du code de\ncommerce - HAbilitation n\u00b0AI-06-25-70\nPr\u00e9fecture de Haute-Sa\u00f4ne - 70-2026-03-20-00002 - Arr\u00eat\u00e9 modifiant l'habilitation de l'organisme SARL LINEAMENTA \u00e0 r\u00e9aliser\nl'analyse d'impact mentionn\u00e9e au III de l'article L. 752-6 du code de commerce - HAbilitation n\u00b0AI-06-25-70 49\n| |PREFET Direction des collectivit\u00e9s territorialesDE LA HAUTE- et de la coordination interminist\u00e9rielleSAONELibert\u00e9Egalit\u00e9Fraternit\u00e9\nBureau de la Coordination interminist\u00e9rielleSecr\u00e9tariat de la CDAC\nArr\u00eat\u00e9 n\u00b0modifiant l'habilitation de l'organisme SARL LINEAMENTA \u00e0 r\u00e9aliser l'analyse d'impactmentionn\u00e9e au III de l'article L. 752-6 du code de commerce- Habilitation n\u00b0 Al-O6-2025-70 -\nLe pr\u00e9fet de la Haute-Sa\u00f4neChevalier de la L\u00e9gion d'honneurChevalier de l'Ordre national du M\u00e9rite\nVU le code de commerce ;VU la loi n\u00b0 2018-1021 du 23 novembre 2018 portant \u00e9volution du logement, del'am\u00e9nagement et du num\u00e9rique (loi ELAN) ;VU le d\u00e9cret n\u00b0 2019-331 du 17 avril 2019 relatif a la composition et au fonctionnement descommissions d\u00e9partementales d'am\u00e9nagement commercial et aux demandes d'autorisationd'exploitation commerciale ;VU l'arr\u00eat\u00e9 du ministre de l'\u00e9conomie et des finances du 19 juin 2019 fixant le contenu duformulaire de demande d'habilitation pour r\u00e9aliser l'analyse d'impact mentionn\u00e9e au III del'article L. 752-6 du code de commerce ;VU le d\u00e9cret du 7 novembre 2019 nommant Monsieur Serge JACOB, pr\u00e9fet de la Haute-Sa\u00f4ne;VU le d\u00e9cret du 19 novembre 2025 nommant Monsieur Jean-Victor ROUX, secr\u00e9taire g\u00e9n\u00e9raladjoint de la pr\u00e9fecture de la Haute-Sa\u00f4ne, sous-pr\u00e9fet charg\u00e9 de mission aupr\u00e8s du pr\u00e9fetde la Haute-Sa\u00f4ne;VU l'arr\u00eat\u00e9 pr\u00e9fectoral n\u00b070-2025-12-16-0003 du 16 d\u00e9cembre 2025 portant d\u00e9l\u00e9gation designature \u00e0 Monsieur Jean-Victor ROUX, secr\u00e9taire g\u00e9n\u00e9ral adjoint de la pr\u00e9fecture de laHaute-Sa\u00f4ne, charg\u00e9 de mission aupr\u00e8s du pr\u00e9fet de la Haute-Sa\u00f4ne ;\nPR\u00c9FECTURE DE LA HAUTE-SA\u00d4NEBP 429 \u2014 70013 VESOUL CEDEXt\u00e9l : 03.84.77.70.00courriel : prefecture@haute-saone.gouv.fr\nPr\u00e9fecture de Haute-Sa\u00f4ne - 70-2026-03-20-00002 - Arr\u00eat\u00e9 modifiant l'habilitation de l'organisme SARL LINEAMENTA \u00e0 r\u00e9aliser\nl'analyse d'impact mentionn\u00e9e au III de l'article L. 752-6 du code de commerce - HAbilitation n\u00b0AI-06-25-70 50\nVU l'arr\u00e9t\u00e9 pr\u00e9fectoral n\u00b070-2025-07-23-00003 portant habilitation de l'organisme SARLLINEAMENTA \u00e0 r\u00e9aliser l'analyse d'impact mentionn\u00e9e au III de l'article L. 752-6 du code decommerce ;VU la demande du 26 f\u00e9vrier 2026, formul\u00e9e par l'organisme SARL LINEAMENTA;SUR la proposition de Monsieur le secr\u00e9taire g\u00e9n\u00e9ral adjoint de la pr\u00e9fecture ;ARR\u00caTE\nArticle 1: L'habilitation \u00e0 r\u00e9aliser les \u00e9tudes d'impact n\u00e9cessaires aux projets situ\u00e9s surl'ensemble du territoire de la Haute-Sa\u00f4ne est accord\u00e9e \u00e0 :SARL LINEAMENTABOO1, 15 avenue des Pr\u00e8s de Garonne33140 VILLENAVE-d'ORNONIdentit\u00e9 des personnes affect\u00e9es a l'activit\u00e9 faisant l'objet de la demanded'habilitation :- Mme Marion LACOMBE- Mme JulieCORREArticle 2 : Le reste sans changement.Article 3: Le pr\u00e9sent arr\u00eat\u00e9 peut faire l'objet dans un d\u00e9lai de deux mois \u00e0 compter de sanotification :- d'un recours gracieux aupr\u00e8s du pr\u00e9fet de la Haute-Sa\u00f4ne- d'un recours hi\u00e9rarchique aupr\u00e8s du secr\u00e9tariat de la CNAC- d'un recours contentieux aupr\u00e8s du tribunal administratif, 30 rue Charles Nodier,25000 BESANCON. Le tribunal administratif peut \u00eatre saisi par l'applicationinformatique \u00ab T\u00e9l\u00e9recours citoyens \u00bb accessible par le site Internet www.telerecours.fr.Article 4 : Le secr\u00e9taire g\u00e9n\u00e9ral adjoint de la pr\u00e9fecture est charg\u00e9 de l'ex\u00e9cution du pr\u00e9sentarr\u00eat\u00e9 qui sera publi\u00e9 au recueil des actes administratifs de la pr\u00e9fecture et dont copie seranotifi\u00e9e \u00e0 l'organisme SARL LINEAMENTA.\nFait \u00e0 Vesoul, le\nPour le Pr\u00e9fetet par d\u00e9l\u00e9gation,le secr\u00e9taire g\u00e9n\u00e9ral adjoint,sous-pr\u00e9fet charg\u00e9 de mission\nJean-Victor ROUX\nPr\u00e9fecture de Haute-Sa\u00f4ne - 70-2026-03-20-00002 - Arr\u00eat\u00e9 modifiant l'habilitation de l'organisme SARL LINEAMENTA \u00e0 r\u00e9aliser\nl'analyse d'impact mentionn\u00e9e au III de l'article L. 752-6 du code de commerce - HAbilitation n\u00b0AI-06-25-70 51\nPr\u00e9fecture de Haute-Sa\u00f4ne\n70-2026-03-20-00001\nArr\u00eat\u00e9 portant habilitation de l'organisme\nProjective Groupe \u00e0 r\u00e9aliser l'analyse d'impact\nmentionn\u00e9e au III de l'article L. 752-6 du code de\ncommerce - Habilitation n\u00b0AI-01-2026-70\nPr\u00e9fecture de Haute-Sa\u00f4ne - 70-2026-03-20-00001 - Arr\u00eat\u00e9 portant habilitation de l'organisme Projective Groupe \u00e0 r\u00e9aliser l'analyse\nd'impact mentionn\u00e9e au III de l'article L. 752-6 du code de commerce - Habilitation n\u00b0AI-01-2026-70 52\nPREFET Direction des collectivit\u00e9s territorialesDE LA HAUTE- et de la coordination interminist\u00e9rielleSAONELibert\u00e9\u00c9galit\u00e9Fraternit\u00e9\nBureau de la Coordination interminist\u00e9rielleSecr\u00e9tariat de la CDAC\nArr\u00eat\u00e9 n\u00b0portant habilitation de l'organisme Projective Groupe \u00e0 r\u00e9aliser l'analyse d'impactmentionn\u00e9e au III de l'article L. 752-6 du code de commerce- Habilitation n\u00b0 Al-01-2026-70 -Le pr\u00e9fet de la Haute-Sa\u00f4neChevalier de la L\u00e9gion d'honneurChevalier de l'Ordre national du M\u00e9rite\nVU le code de commerce ;VU la loi n\u00b0 2018-1021 du 23 novembre 2018 portant \u00e9volution du logement, del'am\u00e9nagement et du num\u00e9rique (loi ELAN);VU le d\u00e9cret n\u00b0 2019-331 du 17 avril 2019 relatif a la composition et au fonctionnement descommissions d\u00e9partementales d'am\u00e9nagement commercial et aux demandes d'autorisationd'exploitation commerciale ;VU l'arr\u00eat\u00e9 du ministre de l'\u00e9conomie et des finances du 19 juin 2019 fixant le contenu duformulaire de demande d'habilitation pour r\u00e9aliser l'analyse d'impact mentionn\u00e9e au III del'article L. 752-6 du code de commerce ;VU le d\u00e9cret du 7 novembre 2019 nommant Monsieur Serge JACOB, pr\u00e9fet de la Haute-Sa\u00f4ne;VU le d\u00e9cret du 19 novembre 2025 nommant Monsieur Jean-Victor ROUX, secr\u00e9taire g\u00e9n\u00e9raladjoint de la pr\u00e9fecture de la Haute-Sa\u00f4ne, sous-pr\u00e9fet charg\u00e9 de mission aupr\u00e8s du pr\u00e9fetde la Haute-Sa\u00f4ne;\nPR\u00c9FECTURE DE LA HAUTE-SA\u00d4NEBP 429 - 70013 VESOUL CEDEXt\u00e9l : 03.84.77.70.00courriel : prefecture@haute-saone.gouv.fr\nPr\u00e9fecture de Haute-Sa\u00f4ne - 70-2026-03-20-00001 - Arr\u00eat\u00e9 portant habilitation de l'organisme Projective Groupe \u00e0 r\u00e9aliser l'analyse\nd'impact mentionn\u00e9e au III de l'article L. 752-6 du code de commerce - Habilitation n\u00b0AI-01-2026-70 53\nVU l'arr\u00eat\u00e9 pr\u00e9fectoral n\u00b070-2025-12-16-0003 du 16 d\u00e9cembre 2025 portant d\u00e9l\u00e9gation designature a Monsieur Jean-Victor ROUX, secr\u00e9taire g\u00e9n\u00e9ral adjoint de la pr\u00e9fecture de laHaute-Sa\u00f4ne, charg\u00e9 de mission aupr\u00e8s du pr\u00e9fet de la Haute-Sa\u00f4ne ;VU la demande du 19 janvier 2026, formul\u00e9e par l'organisme Projective Groupe ;SUR la proposition de Monsieur le secr\u00e9taire g\u00e9n\u00e9ral adjoint de la pr\u00e9fecture;\nARRETE\nArticle 1\u00b0: L'arr\u00eat\u00e9 n\u00b070-2021-04-12-00012 est abrog\u00e9.\nArticle 2: L'habilitation \u00e0 r\u00e9aliser les \u00e9tudes d'impact n\u00e9cessaires aux projets situ\u00e9s surlensemble du territoire du d\u00e9partement de la Haute-Sa\u00f4ne est accord\u00e9e a:Projective Groupe4 place de Regensburg63000 CLERMONT-FERRANDIdentit\u00e9 des personnes affect\u00e9es \u00e0 l'activit\u00e9 faisant l'objet de la demanded'habilitation :- M. Bernard DERNE- M. J\u00e9r\u00f4me BEAUDOT\nArticle 3: Le num\u00e9ro d'identification Al-01-2026-70 devra figurer sur l'analyse d'impact aum\u00eame titre que la date et la signature de l'auteur de l'analyse.\nArticle 4 : L'habilitation vis\u00e9e \u00e0 l'article 2 est accord\u00e9e pour une dur\u00e9e de cinq ans, sansrenouvellement tacite possible, \u00e0 compter de la pr\u00e9sente d\u00e9cision.\nArticle 5 : L'organisme habilit\u00e9 ne peut pas \u00e9tablir l'analyse d'impact d'un projet :1\u00b0 dans lequel lui-m\u00eame, ou l'un de ses membres, est intervenu, \u00e0 quel titre oustade que ce soit;2\u00b0 s'il a des liens de d\u00e9pendance juridique avec le p\u00e9titionnaire.Une d\u00e9claration sur l'honneur de ce chef devra \u00eatre annex\u00e9e \u00e0 l'analyse d'impact par sonauteur.\nArticle 6: L'habilitation peut \u00eatre retir\u00e9e par le pr\u00e9fet si l'organisme ne remplit plus lesconditions d'obtention, de mise \u00e0 jour ou d'exercice vis\u00e9es \u00e0 l'article R. 752-6-1 du code decommerce. |\nArticle 7 : Le pr\u00e9sent arr\u00eat\u00e9 peut faire l'objet dans un d\u00e9lai de deux mois \u00e0 compter de sanotification :- d'un recours gracieux aupr\u00e8s du pr\u00e9fet de la Haute-Sa\u00f4ne- d'un recours hi\u00e9rarchique aupr\u00e8s du secr\u00e9tariat de la CNAC- d'un recours contentieux aupr\u00e8s du tribunal administratif, 30 rue CharlesNodier, 25000 BESANCON. Le tribunal administratif peut \u00eatre saisi par\nPr\u00e9fecture de Haute-Sa\u00f4ne - 70-2026-03-20-00001 - Arr\u00eat\u00e9 portant habilitation de l'organisme Projective Groupe \u00e0 r\u00e9aliser l'analyse\nd'impact mentionn\u00e9e au III de l'article L. 752-6 du code de commerce - Habilitation n\u00b0AI-01-2026-70 54\nl'application informatique \u00ab T\u00e9l\u00e9recours citoyens \u00bb accessible par le site Internetwww.telerecours.fr.\nArticle 8 : Le secr\u00e9taire g\u00e9n\u00e9ral adjoint de la pr\u00e9fecture est charg\u00e9 de l'ex\u00e9cution du pr\u00e9sentarr\u00e9t\u00e9 qui sera publi\u00e9 au recueil des actes administratifs de la pr\u00e9fecture et dont copie seranotifi\u00e9e a l'organisme Projective Groupe.\nFait \u00e0 Vesoul, le 2 \u00a7 MARS 2076\nPour le Pr\u00e9fetet par d\u00e9l\u00e9gation,le secr\u00e9taire g\u00e9n\u00e9ral adjoint,sous-pr\u00e9fet charg\u00e9 de mission\nJean-Victor ROUX\nPr\u00e9fecture de Haute-Sa\u00f4ne - 70-2026-03-20-00001 - Arr\u00eat\u00e9 portant habilitation de l'organisme Projective Groupe \u00e0 r\u00e9aliser l'analyse\nd'impact mentionn\u00e9e au III de l'article L. 752-6 du code de commerce - Habilitation n\u00b0AI-01-2026-70 55\nPr\u00e9fecture de Haute-Sa\u00f4ne - 70-2026-03-20-00001 - Arr\u00eat\u00e9 portant habilitation de l'organisme Projective Groupe \u00e0 r\u00e9aliser l'analyse\nd'impact mentionn\u00e9e au III de l'article L. 752-6 du code de commerce - Habilitation n\u00b0AI-01-2026-70 56","date":"2026-03-20","first_seen_on":"2026-03-20T17:59:45+00:00","id":"0ba0a9d4f0ec5b56bc9421f83364d58b748ae91000fca03a089e1a43cfeeb3d6","name":"RAA 70-2026-045","pdf_creation_date":"2026-03-20T15:04:07+00:00","pdf_modification_date":null,"timezone":"Europe/Paris","url":"https://www.haute-saone.gouv.fr/contenu/telechargement/46945/374344/file/RAA%2070-2026-045.pdf"}
