{"administration":"prefidf","administration_name":"Pr\u00e9fecture de la r\u00e9gion \u00cele-de-France","content":"PREFECTURE\nREGION ILE DE\nFRANCE\nRECUEIL DES ACTES\nADMINISTRATIFS SP\u00c9CIAL\nN\u00b0IDF-056-2025-07\nPUBLI\u00c9 LE 30 JUILLET 2025\nSommaire\nAgence R\u00e9gionale de Sant\u00e9 / Agence r\u00e9gionale de sant\u00e9\nd'Ile-de-France-Direction de l'Offre de Soins (DOS)\nIDF-2025-07-25-00008 - Arr\u00eat\u00e9 n\u00b0DOS-2025/3563 relatif au calendrier\nde d\u00e9p\u00f4t des demandes d'autorisation pr\u00e9sent\u00e9es en application\ndes articles L. 6122-1 et L. 6122-9 du Code de la sant\u00e9 publique pour\nl'ann\u00e9e 2025 (4 pages) Page 3\nIDF-2025-07-29-00015 - D\u00e9cision n\u00b0DOS-2025/2940 portant sur\nl'autorisation d'exercer les activit\u00e9s de m\u00e9decine en hospitalisation\nde jour et de chirurgie en hospitalisation compl\u00e8te et en ambulatoire,\ninitialement d\u00e9tenues par la SAS Clinique Blomet (6 pages) Page 8\nDirection r\u00e9gionale et interd\u00e9partementale de l'alimentation, de\nl'agriculture et de la for\u00eat d'Ile de France /\nIDF-2025-07-28-00006 - Arr\u00eat\u00e9 pr\u00e9fectoral relatif aux engagements\nagroenvironnementaux et climatiques et en agriculture biologique en 2025\nde la r\u00e9gion \u00cele-de-France (11 pages) Page 15\nDirection r\u00e9gionale et interd\u00e9partementale de l'h\u00e9bergement et du\nlogement / Service Acc\u00e8s au Logement et Pr\u00e9ventions des Expulsions\nIDF-2025-07-30-00003 - Arr\u00eat\u00e9 portant agr\u00e9ment ILGLS association de\ncoop\u00e9ration pour le logement des \u00e9tudiants de France (ACLEF) (4\npages) Page 27\nDirection r\u00e9gionale et interd\u00e9partementale de l'environnement, de\nl'am\u00e9nagement et des transports d'\u00cele-de-France / Service de la\npolitique des transports\nIDF-2025-07-30-00002 - Arr\u00eat\u00e9 DRIEAT IdF n\u00b02025-0744 autorisant la\nmise en service du syst\u00e8me de contr\u00f4le-commande Octys VB2 sur la\nligne 9 de m\u00e9tro (2 pages) Page 32\n2\nAgence R\u00e9gionale de Sant\u00e9\nIDF-2025-07-25-00008\nArr\u00eat\u00e9 n\u00b0DOS-2025/3563 relatif au calendrier de\nd\u00e9p\u00f4t des demandes d'autorisation pr\u00e9sent\u00e9es\nen application des articles L. 6122-1 et L. 6122-9\ndu Code de la sant\u00e9 publique pour l'ann\u00e9e 2025\nAgence R\u00e9gionale de Sant\u00e9 - IDF-2025-07-25-00008 - Arr\u00eat\u00e9 n\u00b0DOS-2025/3563 relatif au calendrier de d\u00e9p\u00f4t des demandes\nd'autorisation pr\u00e9sent\u00e9es en application des articles L. 6122-1 et L. 6122-9 du Code de la sant\u00e9 publique pour l'ann\u00e9e 2025 3\nREPUBLIQUEFRANCAISELibert\u00e9Egalit\u00e9Fraternit\u00e9\ne \u00bb Agence R\u00e9gionale de Sant\u00e9Ile-de-France\n \n \n \n \n \n \nAGENCE R\u00c9GIONALE DE SANT\u00c9 \u00ceLE-DE-FRANCE \nARR\u00caT\u00c9 N\u00b0DOS-2025/3563 \nrelatif au calendrier de d\u00e9p\u00f4t des demandes d'autorisation pr\u00e9sent\u00e9es \nen application des articles L.6122-1 et L.6122-9 du Code de la sant\u00e9 publique pour l'ann\u00e9e 2025 \n \nLE DIRECTEUR G\u00c9N\u00c9RAL DE L'AGENCE R\u00c9GIONALE DE SANT\u00c9 \u00ceLE-DE-FRANCE \nVU le Code de la sant\u00e9 publique et notamment ses articles L.6122 -1 \u00e0 L.6122 -9, R.6122 -23 \u00e0 \nR.6122-44, en particulier l'article R.6122-29 ; \n \nVU la loi n\u00b02016-41 du 26 janvier 2016 de modernisation de notre syst\u00e8me de sant\u00e9 ;  \n \nVU la loi n\u00b02023-1268 du 27 d\u00e9cembre 2023 visant \u00e0 am\u00e9liorer l'acc\u00e8s aux soins par l'engagement \nterritorial des professionnels, notamment son article 9 ; \n \nVU l'ordonnance n\u00b02021 -583 du 12 mai 2021 portant modification du r\u00e9gime des autorisations \nd'activit\u00e9s de soins et des \u00e9quipements mat\u00e9riels lourds ; \n \nVU le d\u00e9cret du 10 avril 2024 portant nomination de Monsieur Denis ROBIN Directeur g\u00e9n\u00e9ral de \nl'Agence r\u00e9gionale de sant\u00e9 Ile-de-France \u00e0 compter du 29 avril 2024 ; \n \nVU le d\u00e9cret n\u00b02025-189 du 27 f\u00e9vrier 2025 relatif \u00e0 la simplification des proc\u00e9dures d'autorisation \ndes activit\u00e9s de soins et d'\u00e9quipements mat\u00e9riels lourds ; \n \nVU l'arr\u00eat\u00e9 n\u00b02023-171 du 27 juin 2023 de la Directrice g\u00e9n\u00e9rale de l'Agence r\u00e9gionale de sant\u00e9 \nd'Ile-de-France portant d\u00e9limitation des zones donnant lieu \u00e0 la r\u00e9partition des activit\u00e9s de \nsoins et des \u00e9quipements mat\u00e9riels lourds ; \n \nVU l'arr\u00eat\u00e9 n\u00b0DOS-2025/626 du 07 mars  2025 relatif au calendrier de d\u00e9p\u00f4t des demandes \nd'autorisation pr\u00e9sent\u00e9es en application des articles L.6122-1 et L.6122-9 du Code de la sant\u00e9 \npublique pour l'ann\u00e9e 2025 ; \n \nVU l'arr\u00eat\u00e9 n\u00b0DESCOM-2025/19 du 30 juin 2025 portant r\u00e9vision du Sch\u00e9ma r\u00e9gional de sant\u00e9 du \nProjet r\u00e9gional de sant\u00e9 d'\u00cele-de-France 2023-2028 ; \n \n \nCONSID\u00c9RANT la liste des activit\u00e9s de soins et des \u00e9quipements mat\u00e9riels lourds soumis \u00e0 \nautorisation d u Directeur  g\u00e9n\u00e9ral de l'Agence r\u00e9gionale de sant\u00e9 \u00e9num\u00e9r\u00e9s aux \narticles R.6122-25 \u00e0 R.6122-26 du Code de la sant\u00e9 publique ; \n \nCONSID\u00c9RANT qu'en application des articles L.6122 -9 et R.6122-29 du Code de la sant\u00e9 publique, \nle Directeur g\u00e9n\u00e9ral de l'Agence r\u00e9gionale de sant\u00e9 d\u00e9termine par arr\u00eat\u00e9 les p\u00e9riodes \net le calendrier pr\u00e9vu de d\u00e9p\u00f4t des demandes d'autorisation ; \n \nCONSID\u00c9RANT que dans l'objectif de mettre en \u0153uvre la r\u00e9forme des autorisations issue de \nl'ordonnance n\u00b02021-583 du 12 mai 2021 et d'accompagner les op\u00e9rateurs de sant\u00e9 \ndans ce cadre, il appara\u00eet n\u00e9cessaire d'\u00e9tendre et r\u00e9partir  sur les ann\u00e9es 2025 et \n2026 le calendrier des fen\u00eatres de d\u00e9p\u00f4t pour les activit\u00e9s de soins et \u00e9quipement s \nmat\u00e9riels lourds soumis \u00e0 autorisation du Directeur g\u00e9n\u00e9ral de l'Agence r\u00e9gionale de \nsant\u00e9 ; \n \nAgence R\u00e9gionale de Sant\u00e9 - IDF-2025-07-25-00008 - Arr\u00eat\u00e9 n\u00b0DOS-2025/3563 relatif au calendrier de d\u00e9p\u00f4t des demandes\nd'autorisation pr\u00e9sent\u00e9es en application des articles L. 6122-1 et L. 6122-9 du Code de la sant\u00e9 publique pour l'ann\u00e9e 2025 4\n2 \n \nCONSID\u00c9RANT que les p\u00e9riodes de d\u00e9p\u00f4t des demandes d'autorisation et de renouvellement \nd'autorisation d'activit\u00e9s de soins et d'\u00e9quipements mat\u00e9riels lourds pr\u00e9c\u00e9demment \nfix\u00e9es par arr\u00eat\u00e9 n\u00b0DOS-2025/626 du 07 mars 2025 du Directeur g\u00e9n\u00e9ral de l'Agence \nr\u00e9gionale de sant\u00e9 Ile-de-France \u00e9taient r\u00e9parties selon le calendrier suivan t pour \nl'ann\u00e9e 2025 : \n \ndu 16 novembre 2024 au 31 mars 2025 :  \n\u2022 Imagerie diagnostique - \u00c9quipements mat\u00e9riels lourds d'imagerie en coupe ; \n \ndu 1er d\u00e9cembre 2024 au 31 janvier 2025 : \n\u2022 Chirurgie \u2013 Proc\u00e9dure de besoins exceptionnels en chirurgie bariatrique en \nSeine-et-Marne ; \n \ndu 1er avril 2025 au 02 juin 2025 : \n\u2022 M\u00e9decine nucl\u00e9aire ; \n\u2022 Traitement de l'insuffisance r\u00e9nale chronique par \u00e9puration extrar\u00e9nale ; \n\u2022 Soins de longue dur\u00e9e ; \n \ndu 1er juillet 2025 au 15 septembre 2025 : \n\u2022 P\u00e9rinatalit\u00e9 : gyn\u00e9cologie obst\u00e9trique, n\u00e9onatalogie, r\u00e9animation \nn\u00e9onatale ; \n \ndu 1er septembre 2025 au 31 octobre 2025 : \n\u2022 M\u00e9decine d'urgence \n\u2022 M\u00e9decine \n\u2022 Hospitalisation \u00e0 domicile \n\u2022 Traitement du cancer \n\u2022 Activit\u00e9s interventionnelles sous imagerie en cardiologie \n\u2022 Activit\u00e9s interventionnelles sous imagerie m\u00e9dicale en neuroradiologie pour la \nMention B  comprenant l'ensemble des activit\u00e9s interventionnelles en \nneuroradiologie \n\u2022 Chirurgie cardiaque \n\u2022 Traitement des grands br\u00fbl\u00e9s \n\u2022 Examen des caract\u00e9ristiques g\u00e9n\u00e9tiques d'une personne ou identification \nd'une personne par empreintes g\u00e9n\u00e9tiques \u00e0 des fins m\u00e9dicales  \n\u2022 \u00c9quipements mat\u00e9riels lourds : \n\u27a2 Caisson hyperbare \n\u27a2 Cyclotron \u00e0 utilisation m\u00e9dicale \n\u2022 Greffes d'organes et greffes de cellules h\u00e9matopo\u00ef\u00e9tiques \n\u2022 Activit\u00e9s biologiques de diagnostic pr\u00e9natal \n \ndu 1er octobre 2025 au 30 novembre 2025 : \n\u2022 Soins m\u00e9dicaux et de r\u00e9adaptation \n \ndu 1er novembre 2025 au 31 d\u00e9cembre 2025 : \n\u2022 Psychiatrie \n\u2022 Activit\u00e9 de radiologie interventionnelle ; \n \nCONSID\u00c9RANT que l'Agence r\u00e9gionale de sant\u00e9 doit modifier le calendrier des p\u00e9riodes de d\u00e9p\u00f4t des \ndemandes d'autorisation pr\u00e9sent\u00e9es en application des articles L.6122 -1 et L.6122-\n9 du Code de la sant\u00e9 publique pour l'ann\u00e9e 2025 compte tenu notamment de : \n- l'\u00e9volution r\u00e9glementaire r\u00e9cente supprimant l'obligation d'un minimum annuel \nde deux p\u00e9riodes de d\u00e9p\u00f4t par activit\u00e9 ; \n- l'impact des r\u00e9formes de financement pour les activit\u00e9s de SMR (soins \nm\u00e9dicaux et de r\u00e9adaptation)  et la n\u00e9cessit\u00e9 de disposer d'un d\u00e9lai \nsuppl\u00e9mentaire afin d'analyser l'impact de cette r\u00e9forme ; \n \nque dans ce contexte particulier, la fen\u00eatre de d\u00e9p\u00f4t des demandes d'autorisation \nen Soins m\u00e9dicaux et de r\u00e9adaptation sera reprogramm\u00e9e au 1 er semestre 2026 \net figurera ainsi dans le calendrier des p\u00e9riodes de d\u00e9p\u00f4t relatif \u00e0 l'ann\u00e9e 2026 ;  \nAgence R\u00e9gionale de Sant\u00e9 - IDF-2025-07-25-00008 - Arr\u00eat\u00e9 n\u00b0DOS-2025/3563 relatif au calendrier de d\u00e9p\u00f4t des demandes\nd'autorisation pr\u00e9sent\u00e9es en application des articles L. 6122-1 et L. 6122-9 du Code de la sant\u00e9 publique pour l'ann\u00e9e 2025 5\nsig\"\n3 \n \nCONSID\u00c9RANT que par ailleurs, afin de laisser le temps mat\u00e9riel \u00e0 l'ensemble des \u00e9tablissements \nde la r\u00e9gion concern\u00e9s par une demande de renouvellement des autorisation s de \ngyn\u00e9cologie obst\u00e9trique, n\u00e9onatalogie, r\u00e9animation n\u00e9onatale, la fen\u00eatre de d\u00e9p\u00f4t \npr\u00e9vue sur une p\u00e9riode estivale sera cl\u00f4tur\u00e9e le 31 octobre 2025 et non plus le 15 \nseptembre ; \n \nCONSID\u00c9RANT que ce nouveau calendrier doit permettre \u00e9galement de r\u00e9gulariser une erreur \nmat\u00e9rielle avec l'oubli d'inscription de l'activit\u00e9 de neurochirurgie dans la fen\u00eatre de \nd\u00e9p\u00f4t du 1er octobre au 31 d\u00e9cembre 2025 qui \u00e9tait bien pr\u00e9vue dans l'arr\u00eat\u00e9 du 21 \njanvier mais non retranscrite dans l'arr\u00eat\u00e9 du 7 mars ;  \n \nCONSID\u00c9RANT que ce nouveau calendrier a \u00e9t\u00e9 pr\u00e9sent\u00e9 aux diff\u00e9rentes instances notamment le \ncomit\u00e9 inter-f\u00e9d\u00e9rations du 24 juin 2025 et \u00e0 la s\u00e9ance de la Commission sp\u00e9cialis\u00e9e \nde l'organisation des soins en date du 9 juillet 2025, et qu'il a re\u00e7u un avis favorable \npermettant une d\u00e9cision dans le respect de la d\u00e9mocratie sanitaire ;  \n \n \nARR\u00caTE \n \nARTICLE 1 : \n \nL'arr\u00eat\u00e9 n\u00b0DOS -2025/626 du 07 mars 2025 relatif au calendrier de d\u00e9p\u00f4t des \ndemandes d'autorisation pr\u00e9sent\u00e9es en application des articles L.6122 -1 et L.6122-9 \ndu Code de la sant\u00e9 publique pour l'ann\u00e9e 2025 est modifi\u00e9 selon l'annexe jointe au \npr\u00e9sent arr\u00eat\u00e9. \n \nARTICLE 2 : Le pr\u00e9sent arr\u00eat\u00e9 sera publi\u00e9 au recueil des actes administratifs de la Pr\u00e9fecture de \nr\u00e9gion Ile-de-France. \n \nARTICLE 3 : Le pr\u00e9sent arr\u00eat\u00e9 est susceptible de faire l'objet d'un recours hi\u00e9rarchique dans les deux \nmois qui suivent sa publication devant la Ministre du Travail, de la Sant\u00e9, des Solidarit\u00e9s \net des Familles. Ce recours hi\u00e9rarchique ne constitue pas un pr\u00e9alable obligatoire au \nrecours contentieux qui peut \u00eatre form\u00e9 devant le tribunal administratif comp\u00e9tent dans \nles deux mois suivant sa publication au recueil des actes administratifs. \n \n \nFait \u00e0 Saint-Denis, le 25/07/2025 \n \nLe Directeur g\u00e9n\u00e9ral  \nde l'Agence r\u00e9gionale de sant\u00e9 \n\u00cele-de-France \n \nDenis ROBIN  \n \n \n  \nAgence R\u00e9gionale de Sant\u00e9 - IDF-2025-07-25-00008 - Arr\u00eat\u00e9 n\u00b0DOS-2025/3563 relatif au calendrier de d\u00e9p\u00f4t des demandes\nd'autorisation pr\u00e9sent\u00e9es en application des articles L. 6122-1 et L. 6122-9 du Code de la sant\u00e9 publique pour l'ann\u00e9e 2025 6\n4 \n \n \n \nANNEXE ARR\u00caT\u00c9 N\u00b0DOS-2025/3563 \n \nrelatif au calendrier de d\u00e9p\u00f4t des demandes d'autorisation pr\u00e9sent\u00e9es en application des articles \nL.6122-1 et L.6122-9 du Code de la sant\u00e9 publique pour l'ann\u00e9e 2025 \n \n \nActivit\u00e9s de soins et \u00e9quipements mat\u00e9riels lourds dont l'autorisation \nrel\u00e8ve de la comp\u00e9tence \ndu Directeur g\u00e9n\u00e9ral de l'ARS Ile-de-France \n            P\u00e9riodes de d\u00e9p\u00f4t \n            des demandes \n\u2022 Imagerie diagnostique - \u00c9quipements mat\u00e9riels lourds d'imagerie en \ncoupe  \ndu 16 novembre 2024 \nau 31 mars 2025 \n\u2022 Chirurgie \u2013 Proc\u00e9dure de besoins exceptionnels en chirurgie bariatrique \nen Seine-et-Marne \ndu 1er d\u00e9cembre 2024 \nau 31 janvier 2025 \n\u2022 M\u00e9decine nucl\u00e9aire  \n\u2022 Traitement de l'insuffisance r\u00e9nale chronique par \u00e9puration extrar\u00e9nale  \n\u2022 Soins de longue dur\u00e9e \ndu 1er avril 2025 \nau 2 juin 2025 \n\u2022 P\u00e9rinatalit\u00e9 : gyn\u00e9cologie obst\u00e9trique, n\u00e9onatalogie, r\u00e9animation \nn\u00e9onatale ; \ndu 1er juillet 2025 \nau 31 octobre 2025 \n\u2022 M\u00e9decine d'urgence \n\u2022 M\u00e9decine \n\u2022 Hospitalisation \u00e0 domicile \n\u2022 Traitement du cancer \n\u2022 Activit\u00e9s interventionnelles sous imagerie en cardiologie \n\u2022 Activit\u00e9s interventionnelles sous imagerie m\u00e9dicale en neuroradiologie pour \nla Mention B comprenant l'ensemble des activit\u00e9s interventionnelles en \nneuroradiologie \n\u2022 Chirurgie cardiaque \n\u2022 Traitement des grands br\u00fbl\u00e9s \n\u2022 Examen des caract\u00e9ristiques g\u00e9n\u00e9tiques d'une personne ou identification \nd'une personne par empreintes g\u00e9n\u00e9tiques \u00e0 des fins m\u00e9dicales  \n\u2022 \u00c9quipements mat\u00e9riels lourds : \n\u27a2 Caisson hyperbare \n\u27a2 Cyclotron \u00e0 utilisation m\u00e9dicale \n\u2022 Greffes d'organes et greffes de cellules h\u00e9matopo\u00ef\u00e9tiques \n\u2022 Activit\u00e9s biologiques de diagnostic pr\u00e9natal \n\u2022 Neurochirurgie \ndu 1er septembre 2025 \nau 31 octobre 2025 \n\u2022 Psychiatrie \n\u2022 Activit\u00e9 de radiologie interventionnelle \ndu 1er novembre 2025 \nau 31 d\u00e9cembre 2025 \n \nAgence R\u00e9gionale de Sant\u00e9 - IDF-2025-07-25-00008 - Arr\u00eat\u00e9 n\u00b0DOS-2025/3563 relatif au calendrier de d\u00e9p\u00f4t des demandes\nd'autorisation pr\u00e9sent\u00e9es en application des articles L. 6122-1 et L. 6122-9 du Code de la sant\u00e9 publique pour l'ann\u00e9e 2025 7\nAgence R\u00e9gionale de Sant\u00e9\nIDF-2025-07-29-00015\nD\u00e9cision n\u00b0DOS-2025/2940 portant sur\nl'autorisation d'exercer les activit\u00e9s de m\u00e9decine\nen hospitalisation de jour et de chirurgie en\nhospitalisation compl\u00e8te et en ambulatoire,\ninitialement d\u00e9tenues par la SAS Clinique Blomet\nAgence R\u00e9gionale de Sant\u00e9 - IDF-2025-07-29-00015 - D\u00e9cision n\u00b0DOS-2025/2940 portant sur l'autorisation d'exercer les activit\u00e9s de\nm\u00e9decine en hospitalisation de jour et de chirurgie en hospitalisation compl\u00e8te et en ambulatoire, initialement d\u00e9tenues par la SAS\nClinique Blomet\n8\nREPUBLIQUEFRANCAISELibert\u00e9Egalit\u00e9Fraternit\u00e9\ne \u00bb Agence R\u00e9gionale de Sant\u00e9lle-de-France\n \n \n \n \n \n \n \nAGENCE R\u00c9GIONALE DE SANT\u00c9 \u00ceLE-DE-FRANCE \nD\u00c9CISION N\u00b0DOS-2025/2940 \nLE DIRECTEUR G\u00c9N\u00c9RAL DE L'AGENCE R\u00c9GIONALE DE SANT\u00c9 \u00ceLE-DE-FRANCE \n \nVU le Code de la sant\u00e9 publique , notamment les articles L.6122 -1 et suivants, L.6123 -1 et  \nL.6124-1, R.6122 -23 et suivants et en particulier les articles D.6121 -10, R.6122 -37 et  \nD.6122-38 ; les articles D.6124-267 \u00e0 D.6124-290, R.6123-201 et R.6123-212 ; \n \nVU l'ordonnance n\u00b02021-583 du 12 mai 2021 portant modification du r\u00e9gime des autorisations \nd'activit\u00e9s de soins et des \u00e9quipements mat\u00e9riels lourds ;  \n \nVU la loi n\u00b02023-1268 du 27 d\u00e9cembre 2023 visant \u00e0 am\u00e9liorer l'acc\u00e8s aux soins par l'engagement \nterritorial des professionnels ; \n \nVU le d\u00e9cret n\u00b02022-1046 du 25 juillet 2022 relatif aux conditions d'implantation de l'activit\u00e9 de \nm\u00e9decine ; \n \nVU le d\u00e9cret n\u00b02022-1047 du 25 juillet 2022 relatif aux conditions techniques de fonctionnement \nde l'activit\u00e9 de m\u00e9decine ; \n  \nVU le d\u00e9cret n\u00b02022-1765 du 29 d\u00e9cembre 2022 relatif aux conditions d'implantation des activit\u00e9s \nde soins de chirurgie, de chirurgie cardiaque et de neurochirurgie ; \n \nVU le d \u00e9cret n \u00b02022-1766 du 29 d\u00e9cembre 2022 relatif aux conditions techniques de \nfonctionnement des activit\u00e9s de soins de chirurgie, de chirurgie cardiaque et de neurochirurgie ; \n \nVU le d\u00e9cret n\u00b02024-268 du 25 mars 2024 relatif \u00e0 la simplification de la mise en \u0153uvre de la \nr\u00e9forme des autorisations d'activit\u00e9s de soins ; \n \nVU le d\u00e9cret du 10 avril 2024 portant nomination de Monsieur Denis ROBIN, Directeur g\u00e9n\u00e9ral de \nl'Agence r\u00e9gionale de sant\u00e9 \u00cele-de-France \u00e0 compter du 29 avril 2024 ; \n \nVU l'arr\u00eat\u00e9 du 27 juillet 2021 fixant le contenu du dossier de demande de confirmation \nd'autorisation d'activit\u00e9 de soins et \u00e9quipements mat\u00e9riels lourds ; \n \nVU l'arr\u00eat\u00e9 n\u00b02023-171 du 27 juin 2023 de la Directrice g\u00e9n\u00e9rale de l'Agence r\u00e9gionale de sant\u00e9 \n\u00cele-de-France portant d\u00e9limitation des zones donnant lieu \u00e0 la r\u00e9partition des activit\u00e9s de soins \net des \u00e9quipements mat\u00e9riels lourds ; \n \nVU l'arr\u00eat\u00e9 n\u00b0DESCOM-2025/19 du 30 juin 2025 portant r\u00e9vision du Sch\u00e9ma r\u00e9gional de sant\u00e9 du \nProjet r\u00e9gional de sant\u00e9 d'\u00cele-de-France 2023-2028 ; \n \nVU l'autorisation d\u00e9tenue par la SAS Clinique Blomet (n\u00b0F iness EJ : 750000820), dont le si\u00e8ge \nsocial est situ\u00e9 136 bis rue Blomet 75015 Paris, portant sur l'exercice de l'activit\u00e9 de m\u00e9decine \nen hospitalisation de jour sur le site de la Clinique Blomet (n\u00b0F iness ET : 750300592),  \n136 bis rue Blomet 75015 Paris, obtenue par d\u00e9cision  du 14 juillet 2008  et renouvel\u00e9e \ntacitement le 14 janvier 2025 pour une dur\u00e9e de sept ans \u00e0 compter du 17 janvier 2026 ; \n  \n  \n \nAgence R\u00e9gionale de Sant\u00e9 - IDF-2025-07-29-00015 - D\u00e9cision n\u00b0DOS-2025/2940 portant sur l'autorisation d'exercer les activit\u00e9s de\nm\u00e9decine en hospitalisation de jour et de chirurgie en hospitalisation compl\u00e8te et en ambulatoire, initialement d\u00e9tenues par la SAS\nClinique Blomet\n9\n2 \n \nVU la d\u00e9cision n\u00b0DOS-2024/2472 en date du 12 septembre 2024 autorisant la SAS Clinique Blomet \n(n\u00b0Finess EJ : 750000820), dont le si\u00e8ge social est situ\u00e9 136 bis rue Blomet 75015 P aris, \u00e0 \nexercer l'activit\u00e9 de chirurgie adulte sur le site de la Clinique Blomet (n\u00b0F iness ET : \n750300592), 136 bis rue Blomet 75015 Paris ; \n \nVU la demande pr\u00e9sent\u00e9e par la SAS Centre Blomet (n\u00b0Finess EJ \u00e0 cr\u00e9er), dont le si\u00e8ge social est \nsitu\u00e9 52 rue de l'abb\u00e9 Groult 75015 Paris, en vue d'obtenir :  \n \n- la confirmation, suite \u00e0 cession \u00e0 son profit, des autorisations d'exercer les activit\u00e9s de \nsoins de m\u00e9decine et de chirurgie, d\u00e9tenues pr\u00e9c\u00e9demment par la SAS Clinique \nBlomet ;   \n \n- la modification des conditions d'ex\u00e9cution de l'autorisation de chirurgie \nsusmentionn\u00e9e, visant \u00e0 ajouter  en sus des pratiques th\u00e9rapeutiques sp\u00e9cifiques  \n(PTS) dont la confirmation est sollicit\u00e9e , la PTS  chirurgicale de  gyn\u00e9cologie - \nobst\u00e9trique (\u00e0 l'exception des actes li\u00e9s \u00e0 l'accouchement r\u00e9alis\u00e9s au titre de l'activit\u00e9 \nde soins mentionn\u00e9e au 3\u00b0 de l'article R.6122-25 du Code de la sant\u00e9 publique) ; \n \nsur le site du Centre Blomet (nouvelle d\u00e9nomination de l'\u00e9tablissement), 52 rue de l'abb\u00e9 Groult \n75015 Paris ; \n \nVU la consultation de la Commission sp\u00e9cialis\u00e9e de l'organisation des soins en date  du \n22 mai 2025 ; \n \n \n \nCONSID\u00c9RANT la demande susvis\u00e9e ; \n \nCONSID\u00c9RANT que la Clinique Blomet est un \u00e9tablissement de sant\u00e9 priv\u00e9 appartenant au groupe \nRamsay Sant\u00e9, situ\u00e9 dans le 15\u00e8me arrondissement de Paris ; \n \nque la SAS Clinique Blomet, c\u00e9dant, est titulaire des autorisations suivantes :  \n \n- activit\u00e9 de m\u00e9decine  en hospitalisation de jour  : autorisation renouvel\u00e9e \ntacitement le 1 4 janvier 2025 pour une dur\u00e9e de sept ans \u00e0  compter du \n17 janvier 2026 ; et pour laquelle une mise en conformit\u00e9 est attendu e dans \nun d\u00e9lai de deux ans \u00e0 compter du 6 mai 2025 en application de l'article 3 du \nd\u00e9cret n\u00b02022-1046 du 25 juillet 2022 ;  \n \n- activit\u00e9 de chirurgie adulte  en hospitalisation compl\u00e8te et en ambulatoire :    \nr\u00e9-autorisation obtenue par d\u00e9cision du 12  septembre 2024 dans le cadre \ndes PTS de :  \n\u2022 chirurgie maxillo faciale, stomatologie et chirurgie orale, \n\u2022 chirurgie orthop\u00e9dique et traumatologique, \n\u2022 chirurgie plastique et reconstructrice, \n\u2022 chirurgie visc\u00e9rale et digestive, \n\u2022 neurochirurgie, se limitant aux l\u00e9sions des nerfs p\u00e9riph\u00e9riques at aux \nl\u00e9sions de la colonne vert\u00e9bro -discale et intradurale, \u00e0 l'exclusion de la \nmoelle \u00e9pini\u00e8re, \n\u2022 chirurgie oto-rhino-laryngologique et cervico-faciale,   \n\u2022 chirurgie urologique ; \n \n \nCONSID\u00c9RANT que conform\u00e9ment \u00e0 l'article R.6123 -202 d u Code de la sant\u00e9 publique, cet \n\u00e9tablissement peut prendre en charge des enfants de moins de quinze ans en soins \nprogramm\u00e9s et non programm\u00e9s  dans le cadre de la chirurgie adulte sous r\u00e9serve \ndu respect des conditions techniques de fonctionnement applicables  pour les \npratiques th\u00e9rapeutiques sp\u00e9cifiques de : \n\u2022 chirurgie maxillo-faciale, stomatologie et chirurgie orale,  \n\u2022 chirurgie plastique reconstructrice,  \n\u2022 chirurgie oto-rhino-laryngologique et cervico-faciale ; \n \nAgence R\u00e9gionale de Sant\u00e9 - IDF-2025-07-29-00015 - D\u00e9cision n\u00b0DOS-2025/2940 portant sur l'autorisation d'exercer les activit\u00e9s de\nm\u00e9decine en hospitalisation de jour et de chirurgie en hospitalisation compl\u00e8te et en ambulatoire, initialement d\u00e9tenues par la SAS\nClinique Blomet\n10\n3 \n \nque par ailleurs, il peut prendre en charge \u00e0 titre d\u00e9rogatoire des enfants \u00e0 partir de \ntrois ans dans le cadre de l'urgence et sous r\u00e9serve d'adh\u00e9rer au dispositif sp\u00e9cifique \nr\u00e9gional (DSR) de chirurgie p\u00e9diatrique  dans le cadre de l 'autorisation de chirurgie \nadulte pour les pratiques th\u00e9rapeutiques sp\u00e9cifiques de : \n\u2022 chirurgie orthop\u00e9dique et traumatologique, \n\u2022 chirurgie visc\u00e9rale et digestive, \n\u2022 chirurgie urologique ; \n \nCONSID\u00c9RANT que la poursuite des s\u00e9jours li\u00e9s \u00e0 des posthectomies/phimosis peut \u00eatre r\u00e9alis\u00e9e \npour tous les enfants de moins de quinze ans dans le cadre de l'autorisation de \nchirurgie adulte, sous la condition de r\u00e9aliser les deux pratiques th\u00e9rapeutiques \nsp\u00e9cifiques de chirurgie urologique et de chirurgie plastique reconstructrice, en \nurgence (m\u00eame hors service d'urgence autoris\u00e9) et dans le cadre des interventions \nprogramm\u00e9es ; \n \nCONSID\u00c9RANT que depuis la d\u00e9livrance de l'autorisation de chirurgie  en septembre 2024 , l'activit\u00e9 \nde neurochirurgie a cess\u00e9 sur le site de la Clinique Blomet suite au transfert de cette \nactivit\u00e9 sur d'autres sites parisiens du groupe Ramsay Sant\u00e9 ; aussi, que cette \npratique th\u00e9rapeutique  sp\u00e9cifique ne figure pas dans la liste des PTS dont \nl'autorisation est \u00e0 confirmer ; \n \nCONSID\u00c9RANT que la SAS Centre Blomet, cessionnaire, est constitu\u00e9e d'une part des radiologues \ndu groupe IMPC, d\u00e9j\u00e0 pr\u00e9sents au sein du plateau d'imagerie diagnostique de la \nClinique Blomet, et d'autre part du groupe Ramsay Sant\u00e9 ; \n \nCONSID\u00c9RANT que le projet du cessionnaire s'inscrit dans le maintien des autorisations de chirurgie \net de m\u00e9decine existantes et dans le respect du projet m\u00e9dical autoris\u00e9 (\u00e0 l'exception \nde la PTS neurochirurgie dont l'activit\u00e9 a cess\u00e9 fin 2024) ; \n \nque le cessionnaire devra se mettre en conformit\u00e9 avec le nouveau cadre \nr\u00e9glementaire pour l'activit\u00e9 de m\u00e9decine dans le d\u00e9lai de deux ans \u00e0 compter du 6 \nmai 2025 en application de l'article 3 du d\u00e9cret n\u00b02022-1046 du 25 juillet 2022 ; \n \nCONSID\u00c9RANT que le projet m\u00e9dical actualis\u00e9 vise notamment \u00e0 fluidifier les parcours de sant\u00e9 \nautour de trois fili\u00e8res de prise en charge : douleurs, plaies - varices et gyn\u00e9cologie ;  \n \nqu'il pr\u00e9voit le d\u00e9veloppement de l'activit\u00e9 ambulatoire et le d\u00e9ploiement d'une activit\u00e9 \nde radiologie interventionnelle ;    \n \nque l'autorisation de la PTS de gyn\u00e9cologie-obst\u00e9trique est sollicit\u00e9e dans ce cadre ; \n \nque pour mettre en \u0153uvre son projet d'imagerie interventionnelle, la structure devra \nd\u00e9poser une demande d'autorisation dans la fen\u00eatre de d\u00e9p\u00f4t d\u00e9di\u00e9e \u00e0 cette activit\u00e9 \nde soins ; que la d\u00e9cision du Directeur g\u00e9n\u00e9ral de l'Agence r\u00e9gionale de sant\u00e9 \ninterviendra dans les six mois suivant la fermeture de la p\u00e9riode de d\u00e9p\u00f4t ;  \n \nCONSID\u00c9RANT que la SAS Centre Blomet a programm\u00e9 quelques travaux de r\u00e9am\u00e9nagement et de \nr\u00e9novation qui vont conduire \u00e0 d\u00e9placer la porte d'acc\u00e8s du b\u00e2timent dans la rue de \nl'Abb\u00e9 Groult, perpendiculaire \u00e0 la rue Blomet o\u00f9 se situ e l'accueil historique ; que \ncette op\u00e9ration conduit par cons\u00e9quent \u00e0 modifier l'adresse administrative du centre \nBlomet ;   \n \nque cette modification n'est pas substantielle puisque l'activit\u00e9 reste exerc\u00e9e au sein \ndu m\u00eame b\u00e2timent ; qu'il s'agit donc de la m\u00eame implantation g\u00e9ographique ;  \n \n \n \n \n \nAgence R\u00e9gionale de Sant\u00e9 - IDF-2025-07-29-00015 - D\u00e9cision n\u00b0DOS-2025/2940 portant sur l'autorisation d'exercer les activit\u00e9s de\nm\u00e9decine en hospitalisation de jour et de chirurgie en hospitalisation compl\u00e8te et en ambulatoire, initialement d\u00e9tenues par la SAS\nClinique Blomet\n11\n4 \n \nCONSID\u00c9RANT que la demande de confirmation des autorisations suite \u00e0 cession r\u00e9pond aux \nmodalit\u00e9s requises en cas de cession d'autorisation fix\u00e9es par l'article R.6122 -35 du \nCode de la sant\u00e9 publique  ; notamment \u00ab qu'elle ne fait pas appara\u00eetre de \nmodifications qui seraient de nature \u00e0 justifier un refus d'autorisation en application \ndes dispositions de l'article R.6122-34 ou qui seraient incompatibles avec le respect \ndes conditions et engagements auxque ls avait \u00e9t\u00e9 subordonn\u00e9e l'autorisation \nc\u00e9d\u00e9e \u00bb ; \n \nCONSID\u00c9RANT que le cessionnaire indique maintenir les conditions techniques de fonctionnement et \nd'implantation de l'autorisation initiale  et conserver les parcours de prise en charge \nm\u00e9dicale ; \n \nque le cessionnaire s'engage \u00e0 conserver les caract\u00e9ristiques du projet tel qu'il a \u00e9t\u00e9 \nautoris\u00e9, \u00e0 respecter le cadre juridique applicable, \u00e0 respecter les effectifs et la \nqualification des personnels, \u00e0 respecter le montant des d\u00e9penses \u00e0 la charge de \nl'assurance maladie ou le volume d'activit \u00e9, en application de l'article L.6122 -5 du \nCode de la sant\u00e9 publique, \u00e0 proc\u00e9der \u00e0 l'\u00e9valuation dans les conditions pr\u00e9vues aux \narticles R.6122-23 et R.6122-24 du Code de la sant\u00e9 publique ; \n \n0 \nCONSID\u00c9RANT que la demande portant sur l'ajout de la PTS chirurgicale de gyn\u00e9cologie-obst\u00e9trique \n\u00e0 la liste des PTS dont la confirmation des autorisations est sollicit\u00e9e s'inscrit en \ncoh\u00e9rence avec le projet m\u00e9dical pr\u00e9sent\u00e9 ;  \n \nque les \u00e9l\u00e9ments fournis dans le cadre de cette demande n'appellent pas de \nremarque particuli\u00e8re quant au respect des conditions d'implantation et conditions \ntechniques de fonctionnement sp\u00e9cifiques \u00e0 l'autorisation de chirurgie adulte ; \n \nque la SAS Centre Blomet  s'est engag\u00e9e \u00e0 respecter les  engagements pris par la \nSAS Clinique Blomet lors de la d\u00e9livrance de l'autorisation de chirurgie en septembre \n2024 ; \n \nCONSID\u00c9RANT que cette demande de PTS suppl\u00e9mentaire est compatible avec les objectifs \nqualitatifs du Sch\u00e9ma r\u00e9gional de sant\u00e9 ; \n \nCONSID\u00c9RANT que les demandes portant sur la confirmation suite \u00e0 cession des autorisations de \nm\u00e9decine et de chirurgie ainsi que  sur la modification des conditions d'ex\u00e9cution de \nl'autorisation de chirurgie n'ont pas d'incidence en mati\u00e8re d'implantations et sont \ndonc compatibles avec le bilan des objectifs quantitatifs de l'offre de soins arr\u00eat\u00e9 sur \nla zone territoriale de Paris pour ces activit\u00e9s ;   \n \nCONSID\u00c9RANT que les \u00e9tablissements de sant\u00e9 et les professionnels de sant\u00e9 qui exercent en leur \nsein sont responsables collectivement de la permanence des soins en \u00e9tablissement \ndans le cadre de la mise en \u0153uvre du Sch\u00e9ma r\u00e9gional de sant\u00e9 et de l'organisation \nterritoriale de la permanence des soins ;  \n \n CONSID\u00c9RANT que les membres de la Commission sp\u00e9cialis\u00e9e de l'organisation des soins (CSOS)  \nr\u00e9unis en s\u00e9ance du 22 mai 2025 ont \u00e9mis un avis favorable aux deux demandes \npr\u00e9sent\u00e9es par la SAS Centre Blomet ;  \n \n \n \nD\u00c9CIDE \n \n \nARTICLE 1er : Les autorisations d'exercer les activit\u00e9s de m\u00e9decine  en hospitalisation de jour  et de \nchirurgie en hospitalisation compl\u00e8te et en ambulatoire, initialement d\u00e9tenues par la \nSAS Clinique Blomet, sont confirm\u00e9es, suite \u00e0 cession, au b\u00e9n\u00e9fice de la SAS Centre \nBlomet sur le site du Centre Blomet, 52 rue de l'abb\u00e9 Groult 75015 Paris. \n \nAgence R\u00e9gionale de Sant\u00e9 - IDF-2025-07-29-00015 - D\u00e9cision n\u00b0DOS-2025/2940 portant sur l'autorisation d'exercer les activit\u00e9s de\nm\u00e9decine en hospitalisation de jour et de chirurgie en hospitalisation compl\u00e8te et en ambulatoire, initialement d\u00e9tenues par la SAS\nClinique Blomet\n12\nsig\n5 \n \n \nARTICLE 2 : En sus des PTS chirurgicales concern\u00e9es par la confirmation de l'autorisation de \nchirurgie mentionn\u00e9e \u00e0 l'article 1, la  SAS Centre Blomet est autoris\u00e9e \u00e0 exercer \nl'activit\u00e9 de chirurgie adulte dans le cadre de la PTS de gyn\u00e9cologie-obst\u00e9trique (\u00e0 \nl'exception des actes li\u00e9s \u00e0 l'accouchement r\u00e9alis\u00e9s au titre de l'activit\u00e9 de soins \nmentionn\u00e9e au 3\u00b0 de l'article R.6122-25 du Code de la sant\u00e9 publique). \n \nARTICLE 3 : Les pratiques th\u00e9rapeutiques sp\u00e9cifiques chirurgicales autoris\u00e9es figurent en annexe \nde la pr\u00e9sente d\u00e9cision.  \n \nARTICLE 4 : La dur\u00e9e de validit\u00e9 de s autorisations initiales de m\u00e9decine et de chirurgie n'est pas \nmodifi\u00e9e. \n \nARTICLE 5 : Cette d\u00e9cision peut faire l'objet d'un recours hi\u00e9rarchique aupr\u00e8s de la Ministre du \nTravail, de la Sant\u00e9, des Solidarit\u00e9s et des Familles par le demandeur dans un d\u00e9lai \nde deux mois \u00e0 compter de sa notification et par toute personne int\u00e9ress\u00e9e dans un \nd\u00e9lai de deux mois \u00e0 compter de sa publication. Ce recours hi\u00e9rarchique ne c onstitue \npas un pr\u00e9alable obligatoire au recours contentieux, qui peut \u00eatre form\u00e9 devant le \ntribunal administratif comp\u00e9tent dans les deux mois suivant la notification ou la \npublication de la pr\u00e9sente d\u00e9cision.  \n \nARTICLE 6 :  La pr\u00e9sente d\u00e9cision sera publi\u00e9e au recueil des actes administratifs de la pr\u00e9fecture \nde r\u00e9gion \u00cele-de-France.  \n \n \n \n \nFait \u00e0 Saint-Denis, le 29/07/2025 \n \nLe Directeur g\u00e9n\u00e9ral \nde l'Agence r\u00e9gionale de sant\u00e9 \n\u00cele-de-France \n \n \n \n \nDenis ROBIN \n \n \n \n \n \n \n \n \n \n \n \n \n \n \n \n \nAgence R\u00e9gionale de Sant\u00e9 - IDF-2025-07-29-00015 - D\u00e9cision n\u00b0DOS-2025/2940 portant sur l'autorisation d'exercer les activit\u00e9s de\nm\u00e9decine en hospitalisation de jour et de chirurgie en hospitalisation compl\u00e8te et en ambulatoire, initialement d\u00e9tenues par la SAS\nClinique Blomet\n13\n6 \n \nAnnexe :  \n \nListe des modalit\u00e9s et des pratiques th\u00e9rapeutiques sp\u00e9cifiques (PTS) de chirurgie autoris\u00e9es \n \nSAS Centre Blomet (n\u00b0Finess EJ : \u00e0 cr\u00e9er) \n \nSite d'implantation : Centre Blomet (n\u00b0Finess ET : 750300592) \n \nCHIRURGIE ADULTE \n \nPTS de \nchirurgie \nadultes \nautoris\u00e9es \nD\u00e9rogation \nPrise en \ncharge des \nenfants \nPosthectomies \nchez l'enfant \nChirurgie maxillo-faciale, stomatologie et chirurgie \norale  \n\u2022 en hospitalisation \u00e0 temps complet  \n\u2022 en ambulatoire \n \n \nOUI \nOUI \n \n \nOUI \nOUI \n \nChirurgie orthop\u00e9dique et traumatologique \n\u2022 en hospitalisation \u00e0 temps complet  \n\u2022 en ambulatoire \n \nOUI \nOUI \n \nOUI \nOUI \n \nChirurgie plastique reconstructrice \n\u2022 en hospitalisation \u00e0 temps complet  \n\u2022 en ambulatoire \n \nOUI \nOUI \n \nOUI \nOUI \n \nOUI \nOUI \nChirurgie visc\u00e9rale et digestive \n\u2022 en hospitalisation \u00e0 temps complet  \n\u2022 en ambulatoire \n \nOUI \nOUI \n \nOUI \nOUI \n \nChirurgie oto-rhino-laryngologique et cervico-\nfaciale \n\u2022 en hospitalisation \u00e0 temps complet \n\u2022 en ambulatoire \n \nOUI \nOUI \n \nOUI \nOUI \n \nChirurgie urologique \n\u2022 en hospitalisation \u00e0 temps complet  \n\u2022 en ambulatoire \n \nOUI \nOUI \n \nOUI \nOUI \n \nOUI \nOUI \nChirurgie gyn\u00e9cologique et obst\u00e9trique  \n\u2022 en hospitalisation \u00e0 temps complet  \n\u2022 en ambulatoire \n(\u00e0 l'exception des actes li\u00e9s \u00e0 l'accouchement \nr\u00e9alis\u00e9s au titre de l'activit\u00e9 de soins mentionn\u00e9e au \n3\u00b0 de l'article R. 6122-25) ; \n \n \n \n \n \nOUI \nOUI   \n \n \nAgence R\u00e9gionale de Sant\u00e9 - IDF-2025-07-29-00015 - D\u00e9cision n\u00b0DOS-2025/2940 portant sur l'autorisation d'exercer les activit\u00e9s de\nm\u00e9decine en hospitalisation de jour et de chirurgie en hospitalisation compl\u00e8te et en ambulatoire, initialement d\u00e9tenues par la SAS\nClinique Blomet\n14\nDirection r\u00e9gionale et interd\u00e9partementale de\nl'alimentation, de l'agriculture et de la for\u00eat d'Ile\nde France\nIDF-2025-07-28-00006\nArr\u00eat\u00e9 pr\u00e9fectoral relatif aux engagements\nagroenvironnementaux et climatiques et en\nagriculture biologique en 2025 de la r\u00e9gion\n\u00cele-de-France\nDirection r\u00e9gionale et interd\u00e9partementale de l'alimentation, de l'agriculture et de la for\u00eat d'Ile de France - IDF-2025-07-28-00006 -\nArr\u00eat\u00e9 pr\u00e9fectoral relatif aux engagements agroenvironnementaux et climatiques et en agriculture biologique en 2025 de la r\u00e9gion\n\u00cele-de-France\n15\nEuPR\u00c9FET _DE LA R\u00c9GIOND'\u00ceLE-DE-FRANCELibert\u00e9\u00c9galit\u00e9Fraternit\u00e9\n5 rue Leblanc \u2013 75911 Paris Cedex 15 \nT\u00e9l  : 01.82.52.45.89  \ndraaf-ile-de-france@agriculture.gouv.fr \nhttp://driaaf.ile-de-france.agriculture.gouv.fr/ \n \nDirection R\u00e9gionale et Interd\u00e9partementale  \n                               de l'Alimentation, de l'Agriculture \net de la For\u00eat \n \n \n \n \nARR\u00caT\u00c9 PREFECTORAL \n \nrelatif aux engagements agroenvironnementaux et climatiques et en agriculture biologique en 2025 de \nla r\u00e9gion \u00cele-de-France  \n \nLe pr\u00e9fet de la r\u00e9gion d'\u00cele-de-France, \nPr\u00e9fet de Paris,  \nCommandeur de la L\u00e9gion d'honneur,  \nOfficier de l'ordre national du M\u00e9rite, \n \nVU   le r\u00e8glement (UE) n\u00b0  2021/2115 du Parlement europ\u00e9en et du Conseil du 2 d\u00e9cembre 2021 \u00e9tablis- \nsant des r\u00e8gles r\u00e9gissant l'aide aux plans strat\u00e9giques devant \u00eatre \u00e9tablis par les Etats membres \ndans le cadre de la politique agricole commune (plans strat\u00e9giques PAC) et financ\u00e9s par le Fonds \neurop\u00e9en agricole de garantie (FEAGA) et par le Fonds europ\u00e9en agricole pour le d\u00e9veloppement \nrural (FEADER), et abrogeant les r\u00e8glements (UE) n\u00b0 1305/2013 et (UE) n\u00b0 1307/2013 ; \nVU   le r\u00e8glement (UE) n\u00b0  2021/2116 du Parlement europ\u00e9en et du Conseil du 2 d\u00e9cembre 2021 relatif \nau financement, \u00e0 la gestion et au suivi de la politique agricole commune et abrogeant le r\u00e8gle- \nment (UE) n\u00b0 1306/2013 ; \nVU   le code rural et de la p\u00eache maritime, notamment les articles D.341-6-1 \u00e0 D. 341-6-9, D.371-8-1 et \nD.373-8-1 relatifs aux mesures agroenvironnementales et climatiques et aux mesures en faveur \nde l'agriculture biologique  ; \nVU la d\u00e9cision d'ex\u00e9cution de la Commission europ\u00e9enne du 31 ao\u00fbt 2022 portant approbation du \nplan strat\u00e9gique relevant de la PAC 2023-2027 de la France en vue d'un soutien de l'Union financ\u00e9 \npar le Fonds europ\u00e9en agricole de garantie et le Fonds europ\u00e9en agricole pour le d\u00e9veloppement \nrural ; \nVU   le d\u00e9cret n\u00b0 2023-246 du 3 avril 2023 relatif aux mesures agroenvironnementales et climatiques \net aux aides en faveur de l'agriculture biologique  ; \nVU   l'arr\u00eat\u00e9 du 21 avril 2023 modifi\u00e9 relatif aux mesures agroenvironnementales et climatiques et aux \naides en faveur de l'agriculture biologique  ;  \nVU   l'arr\u00eat\u00e9 du 10 mars 2025 relatifs aux mesures agroenvironnementales et climatiques et aux aides \nen faveur de l'agriculture biologique  pour la campagne 2025 de la politique agricole commune ;  \nVU     l'arr\u00eat\u00e9 du 21 ao\u00fbt 2024 portant d\u00e9l\u00e9gation de signature du pr\u00e9fet de la r\u00e9gion \u00cele-de-France \u00e0 \nMadame Myl\u00e8ne TESTUT-NEVES, directrice r\u00e9gionale et interd\u00e9partementale de l'alimentation, \nde l'agriculture et de la for\u00eat pour la r\u00e9gion \u00cele-de-France, en mati\u00e8re administrative  ; \nVU   la loi n\u00b02014-58 du 27 janvier 2014 modifi\u00e9e de modernisation de l'action publique territoriale et \nd'affirmation des m\u00e9tropoles, notamment son article 78 ; \n \nConsid\u00e9rant  les orientations pr\u00e9sent\u00e9es et les propositions formul\u00e9es en commission r\u00e9gionale agro-\nenvironnementale et climatique du 28 avril 2025 ; \n \nSur proposition de la directrice r\u00e9gionale et interd\u00e9partementale de l'alimentation, de l'agriculture et de \nla for\u00eat , \n \n  \nDirection r\u00e9gionale et interd\u00e9partementale de l'alimentation, de l'agriculture et de la for\u00eat d'Ile de France - IDF-2025-07-28-00006 -\nArr\u00eat\u00e9 pr\u00e9fectoral relatif aux engagements agroenvironnementaux et climatiques et en agriculture biologique en 2025 de la r\u00e9gion\n\u00cele-de-France\n16\n \nARR\u00caTE   \n \n \nArticle 1 : Mesures agroenvironnementales et climatiques (MAEC)  \n \nEn application de l'article D.341-6-6 du code rural et de la p\u00eache maritime, des engagements dans des \nmesures agroenvironnementales et climatiques peuvent \u00eatre demand\u00e9s par les exploitants agricoles, \npour les surfaces qu'ils exploitent au sein des territoires retenus pour la mise en \u0153uvre de chacune de \nces mesures, quelle que soit la localisation du si\u00e8ge d'exploitation. Ces engagements peuvent aussi porter \nsur des surfaces exploit\u00e9es hors des territoires retenus si le cahier des charges de la MAEC le pr\u00e9voit.  \n \nLes territoires appel\u00e9s projets agro-environnementaux et climatiques (PAEC) retenus en 2025 sont les \nsuivants  : \n \nTerritoires de Projet agro-environnemental et climatique 2025 et leur code territoire \nAncoeur - Centre-Brie (IL_ANCB) \nBass\u00e9e Morin (IL_BAMO) \nClimat, Bien-\u00eatre Animal et Autonomie alimentaire en \u00e9levages franciliens (IL_CBEA) \nChev\u00eache (IL_CHEV) \nContinuit\u00e9s \u00e9cologiques (IL_CTEC) \nEst 77 (IL_ESTS) \nZone prioritaire de l'AAC de Flins-Aubergenville (IL_FLIN) \nFosse de Melun \u2013 Basse Vall\u00e9e de l'Yerres (IL_FMVY) \nSurface des parcours ext\u00e9rieurs des \u00e9levages monogastriques (IL_GABI) \nHurepoix Eau (IL_HURE) \nTRAMES Juine (IL_JUIN) \nZPS des boucles de Moisson, Guernes et for\u00eat de Rosny, ZPS des boucles de la Marne, et boucle de \nChangis-sur-Marne  (IL_MOMA) \nBassin versant de l'Orge (IL_ORGE) \nParc naturel r\u00e9gional de la Haute Vall\u00e9e de Chevreuse (IL_PNRC) \nPlaine de Versailles (IL_PVER) \nAAC de Rosny-Buchelay (IL_ROBU) \nSemis direct et couverts v\u00e9g\u00e9taux en Ile-de-France (IL_SDCV) \nChamps captants d'Asni\u00e8res-sur-Oise (IL_SIEC) \nTerritoire GIC (IL_TGIC) \nVexin fran\u00e7ais (IL_VXFR) \nLa carte des PAEC retenus en 2025 figure en annexe 1. \nDirection r\u00e9gionale et interd\u00e9partementale de l'alimentation, de l'agriculture et de la for\u00eat d'Ile de France - IDF-2025-07-28-00006 -\nArr\u00eat\u00e9 pr\u00e9fectoral relatif aux engagements agroenvironnementaux et climatiques et en agriculture biologique en 2025 de la r\u00e9gion\n\u00cele-de-France\n17\nLa liste des mesures ouvertes par territoire en 2025 figure en annexe 2. \nLes cahiers des charges retenus pour la mise en \u0153uvre de ces MAEC figurent sur le site internet de la \ndirection r\u00e9gionale et interd\u00e9partementale de l'alimentation, de l'agriculture et de la for\u00eat d'\u00cele-de-\nFrance 1, \u00e0 la rubrique Les  MAEC et l'aide \u00e0 l'agriculture biologique \u2013 Campagne 2025 . \nConform\u00e9ment \u00e0 l'arr\u00eat\u00e9 du 21 avril 2023 modifi\u00e9 relatif aux mesures agroenvironnementales et \nclimatiques et aux aides en faveur de l'agriculture biologique, les aides vers\u00e9es \u00e0 un demandeur autre \nqu'un groupement agricole d'exploitation en commun (GAEC) ne pourront d\u00e9passer le montant annuel \npar MAEC d\u00e9fini dans le tableau ci-dessous pour les 5 ann\u00e9es d'engagement dans la MAEC, \u00e0 partir de \nl'ann\u00e9e 2025 incluse. Ces montants annuels sont susceptibles d'\u00eatre r\u00e9vis\u00e9s en fonction des \ncofinancements disponibles. \nEn cons\u00e9quence, aucun engagement qui conduirait \u00e0 d\u00e9passer ce montant en premi\u00e8re ann\u00e9e \nd'engagement ne pourra \u00eatre accept\u00e9. \nPour les GAEC totaux le montant maximum des aides d\u00e9fini dans le tableau ci-dessous est multipli\u00e9 par \nle nombre d'associ\u00e9s remplissant les crit\u00e8res individuels d'\u00e9ligibilit\u00e9. \n \n \nEnjeu Mesures \nPlafond en \u20ac par \nan et par  \ndemandeur \nMAEC Climat - Bien-\u00eatre ani- \nmal et autonomie alimentaire \ndes \u00e9levages \nMAEC Elevages d'herbivores - Niveau 1 \n(HBV1) 12 100 \u20ac\n \nMAEC Elevages d'herbivores - Niveau 2 \n(HBV2) 17 700 \u20ac\n \nMAEC Elevages d'herbivores - Niveau 3 \n(HBV3) 23 300 \u20ac\n \nMAEC Sol \nMAEC Sol Semis direct - Niveau 1 \n(SOL1) 10 400 \u20ac\n \nMAEC Sol Semis direct - Niveau 2 \n(SOL2) 15 800 \u20ac\n \nMAEC Biodiversit\u00e9 \nMAEC Cr\u00e9ation de couverts d'int\u00e9r\u00eat \nfaunistique et floristique favorables \naux pollinisateurs et aux oiseaux com- \nmuns des milieux agricoles (CIFF) pour \nles surfaces non incluses dans une aire \nd'alimentation de captages d'eau po- \ntable ou une zone Natura 2000 ou un \nPNR  \n3 260 \u20ac\n \n \n \nArticle 2 : Aide en faveur de l'agriculture biologique  \n \nDes engagements dans une aide en faveur de l'agriculture biologique peuvent \u00eatre demand\u00e9s par les \nexploitants agricoles dont le si\u00e8ge d'exploitation est situ\u00e9 dans la r\u00e9gion. \nLe cahier des charges retenu pour la mise en \u0153uvre de cette aide figure sur le site internet de la direction \nr\u00e9gionale et interd\u00e9partementale de l'alimentation, de l'agriculture et de la for\u00eat d'\u00cele-de-France \n1, \u00e0 la \nrubrique Les  MAEC et l'aide \u00e0 l'agriculture biologique \u2013 Campagne 2025 . \nAucun plafond budg\u00e9taire n'est fix\u00e9 pour l'ann\u00e9e 2025 pour l'aide en faveur de l'agriculture biologique. \n \n \n                                                 \n1 Adresse  : https://driaaf.ile-de-france.agriculture.gouv.fr \nDirection r\u00e9gionale et interd\u00e9partementale de l'alimentation, de l'agriculture et de la for\u00eat d'Ile de France - IDF-2025-07-28-00006 -\nArr\u00eat\u00e9 pr\u00e9fectoral relatif aux engagements agroenvironnementaux et climatiques et en agriculture biologique en 2025 de la r\u00e9gion\n\u00cele-de-France\n18\n \n \nArticle 3 : Ex\u00e9cution du pr\u00e9sent arr\u00eat\u00e9  \n \nLa pr\u00e9f\u00e8te, secr\u00e9taire g\u00e9n\u00e9rale aux politiques publiques de la pr\u00e9fecture de la r\u00e9gion d'\u00cele-de-France, \npr\u00e9fecture de Paris, la directrice r\u00e9gionale et interd\u00e9partementale de l'alimentation, de l'agriculture et \nde la for\u00eat et les directeurs d\u00e9partementaux des territoires sont charg\u00e9s, chacun en ce qui les concernent, \nde l'ex\u00e9cution du pr\u00e9sent arr\u00eat\u00e9 qui sera publi\u00e9 au recueil des actes administratifs de la pr\u00e9fecture. \n   \n       \n       \n                                   \nFait \u00e0 Paris, le 28 juillet 2025 \n \n \n \nLa directrice r\u00e9gionale et interd\u00e9partementale \n de l'alimentation, de l'agriculture et de la for\u00eat, \n \n                   SIGNE  \n \n     Myl\u00e8ne TESTUT-NEVES \nDirection r\u00e9gionale et interd\u00e9partementale de l'alimentation, de l'agriculture et de la for\u00eat d'Ile de France - IDF-2025-07-28-00006 -\nArr\u00eat\u00e9 pr\u00e9fectoral relatif aux engagements agroenvironnementaux et climatiques et en agriculture biologique en 2025 de la r\u00e9gion\n\u00cele-de-France\n19\nLe CHAMPS CAPTANTS D'ASNIERES-SUR-OISEZPS DES BOUCLES DE MOISSON, GUERNEVEXIN FRANCAIS 8ET FORET DE ROSNY, ZPS DES BOUCLESDE LA MARNE, ET BOUCLE'DE )CHANGIS-SUR-MARNE PiAAC DE ROSNY-BUCHELAY, _/\nCHEVECHE\nPARGUNATURELREGIONAL DE\\LAYMAUTEWALUEEIDEECHEVREUSE ANCOEURZCENTRE-BRIEBASSIN VERSANTSDE 1RORGEHUREPOIXEAULSNBASSEE MORIN\n\u00c0.\n\u00bb\nPAEC EauUM 1L_ANCBUM IL FLIN| L'ILFMWY[+ \u00ab| IL_HURE+ +] IL_PVEREM 1L_ROBUUM 11 SIECPAEC Biodiversit\u00e9EM 11 BAMO|| IL_CHEVUM 11_CTECEM ILJUINEM 11 MomADM 11 TGIcPAEC Multi-enjeux|| IL ESTS| | ILLORGEEM 1L_PNRC|| IL_VXFR\n5 rue Leblanc \u2013 75911 Paris Cedex 15 T\u00e9l  : 01.82.52.45.89  \ndraaf-ile-de-france@agriculture.gouv.fr http://driaaf.ile-de-france.agriculture.gouv.fr/ \n \n \n Annexe 1  : Carte des territoires des PAEC retenus en 2025 \n Figure 1  : Territoires des PAEC \u00e0 enjeux Eau, Biodiversit\u00e9 et multi-enjeux \n        \n                       \n   \nDirection r\u00e9gionale et interd\u00e9partementale de l'alimentation, de l'agriculture et de la for\u00eat d'Ile de France - IDF-2025-07-28-00006 -\nArr\u00eat\u00e9 pr\u00e9fectoral relatif aux engagements agroenvironnementaux et climatiques et en agriculture biologique en 2025 de la r\u00e9gion\n\u00cele-de-France\n20\nPARC NATUREL REGIONAL vDE LA HAUTE VALUEE{DE}CHEVREUSE\nPAEC SolLA IL_SDCVBI 1_ANCBM estsEM 11 PNRC\n277Le- =e > s, > \u00e0 try, A tb SJ . S{SURFACE DE S(PARGOURS. N SS SSS akTERIEURS'DES'ELEVAGES * \"1  SsMONOGASTRIQUES) f+ + + NN SSat . +\nD + r\u00e9 SVEGETAUX'EN ILE- DE;A ERANCE! SSO AGLIMAT, BIEN-E TRE: ANIMAL. vgo  QE,  D . ON\nMET AUTONOMIE\"ALIMENTAIRE\u00ae * |DE LA HAUTE VARUEEIDE! LU GET AOTONQNE ALIMENTAIRE F4CHEVREUSER R= ricerca\nPAEC ElevagesIL_GABI[- -] 1L_CBEAEM 11 PNRC\n  Figure 2  :  Territoires des PAEC \u00e0 enjeu Sol       Figure 3  : Territoires des PAEC \u00e0 enjeu Elevages et Bien-\u00eatre animal \n  \nDirection r\u00e9gionale et interd\u00e9partementale de l'alimentation, de l'agriculture et de la for\u00eat d'Ile de France - IDF-2025-07-28-00006 -\nArr\u00eat\u00e9 pr\u00e9fectoral relatif aux engagements agroenvironnementaux et climatiques et en agriculture biologique en 2025 de la r\u00e9gion\n\u00cele-de-France\n21\n5 rue Leblanc \u2013 75911 Paris Cedex 15 \nT\u00e9l  : 01.82.52.45.89  \ndraaf-ile-de-france@agriculture.gouv.fr \nhttp://driaaf.ile-de-france.agriculture.gouv.fr/ \n \n \nAnnexe 2  : Liste des mesures ouvertes par territoire en 2025 \n \nTerritoire de PAEC Type de \nmesure Libell\u00e9 de la MAEC Code de la MAEC \nAncoeur - Centre Brie   Syst\u00e8me MAEC Eau - Pesticides - Grandes cultures 2 IL_ANCB_PHY5 \nAncoeur - Centre Brie   Localis\u00e9e \nMAEC Biodiversit\u00e9 - Cr\u00e9ation de couverts \nd'int\u00e9r\u00eat faunistique et floristique favorables \naux pollinisateurs et aux oiseaux communs \ndes milieux agricoles \nIL_ANCB_CIFF \nAncoeur - Centre Brie   Localis\u00e9e MAEC Biodiversit\u00e9 - Cr\u00e9ation de prairies IL_ANCB_CPRA \nAncoeur - Centre Brie   Localis\u00e9e MAEC Biodiversit\u00e9 \u2013 Ligneux IL_ANCB_IAE1 \nAncoeur - Centre Brie   Localis\u00e9e MAEC Biodiversit\u00e9 \u2013 Foss\u00e9s IL_ANCB_IAE3 \nBass\u00e9e Morin Localis\u00e9e \nMAEC Biodiversit\u00e9 - Cr\u00e9ation de couverts \nd'int\u00e9r\u00eat faunistique et floristique favorables \naux pollinisateurs et aux oiseaux communs \ndes milieux agricoles \nIL_BAMO_CIFF \nBass\u00e9e Morin Localis\u00e9e MAEC Biodiversit\u00e9 - Cr\u00e9ation de prairies IL_BAMO_CPRA \nBass\u00e9e Morin Localis\u00e9e MAEC Biodiversit\u00e9 \u2013 Ligneux IL_BAMO_IAE1 \nBass\u00e9e Morin Localis\u00e9e MAEC Biodiversit\u00e9 - Maintien de l'ouverture \ndes milieux IL_BAMO_OUV1 \nBass\u00e9e Morin Localis\u00e9e \nMAEC Biodiversit\u00e9 - Maintien de l'ouverture \ndes milieux - am\u00e9lioration de la gestion par le \np\u00e2turage \nIL_BAMO_OUV2 \nClimat, Bien-\u00eatre Animal et \nAutonomie alimentaire en \u00e9le- \nvages franciliens \nSyst\u00e8me MAEC Climat - Bien-\u00eatre animal - Autonomie \nfourrag\u00e8re - Elevages d'herbivores 1 IL_CBEA_HBV1 \nClimat, Bien-\u00eatre Animal et \nAutonomie alimentaire en \u00e9le- \nvages franciliens \nSyst\u00e8me MAEC Climat - Bien-\u00eatre animal - Autonomie \nfourrag\u00e8re - Elevages d'herbivores 2 IL_CBEA_HBV2 \nClimat, Bien-\u00eatre Animal et \nAutonomie alimentaire en \u00e9le- \nvages franciliens \nSyst\u00e8me MAEC Climat - Bien-\u00eatre animal - Autonomie \nfourrag\u00e8re - Elevages d'herbivores 3 IL_CBEA_HBV3 \nClimat, Bien-\u00eatre Animal et \nAutonomie alimentaire en \u00e9le- \nvages franciliens \nLocalis\u00e9e MAEC Climat - Bien-\u00eatre animal - Elevages de \nmonogastriques IL_CBEA_MONO \nChev\u00eache Localis\u00e9e \nMAEC Biodiversit\u00e9 - Cr\u00e9ation de couverts \nd'int\u00e9r\u00eat faunistique et floristique favorables \naux pollinisateurs et aux oiseaux communs \ndes milieux agricoles \nIL_CHEV_CIFF \nChev\u00eache Localis\u00e9e MAEC Biodiversit\u00e9 - Cr\u00e9ation de prairies IL_CHEV_CPRA \nChev\u00eache Localis\u00e9e MAEC Biodiversit\u00e9 - Protection d es esp\u00e8ces 4 IL_CHEV_ESP4 \nChev\u00eache Localis\u00e9e MAEC Biodiversit\u00e9 \u2013 Ligneux IL_C HEV_IAE1 \nChev\u00eache Localis\u00e9e MAEC Biodiversit\u00e9 \u2013 Mares IL_CHE V_IAE2 \nChev\u00eache Localis\u00e9e MAEC Biodiversit\u00e9 - Pr\u00e9servation des milieux \nhumides IL_CHEV_MHU1 \nChev\u00eache Localis\u00e9e \nMAEC Biodiversit\u00e9 - Pr\u00e9servation des milieux \nhumides - Am\u00e9lioration de la gestion par le \np\u00e2turage \nIL_CHEV_MHU2 \nChev\u00eache Localis\u00e9e \nMAEC Biodiversit\u00e9 - Maintien de l'ouverture \ndes milieux - am\u00e9lioration de la gestion par le \np\u00e2turage \nIL_CHEV_OUV2 \nChev\u00eache Localis\u00e9e \nMAEC Biodiversit\u00e9 - Am\u00e9lioration de la ges- \ntion des surfaces herbag\u00e8res et pastorales par \nle p\u00e2turage \nIL_CHEV_PRA3 \nContinuit\u00e9s \u00e9cologiques Localis\u00e9e \nMAEC Biodiversit\u00e9 - Cr\u00e9ation de couverts \nd'int\u00e9r\u00eat faunistique et floristique favorables \naux pollinisateurs et aux oiseaux communs \ndes milieux agricoles \nIL_CTEC_CIFF \nDirection r\u00e9gionale et interd\u00e9partementale de l'alimentation, de l'agriculture et de la for\u00eat d'Ile de France - IDF-2025-07-28-00006 -\nArr\u00eat\u00e9 pr\u00e9fectoral relatif aux engagements agroenvironnementaux et climatiques et en agriculture biologique en 2025 de la r\u00e9gion\n\u00cele-de-France\n22\nTerritoire de PAEC Type de \nmesure Libell\u00e9 de la MAEC Code de la MAEC \nContinuit\u00e9s \u00e9cologiques Localis\u00e9e MAEC Biodiversit\u00e9 - Cr\u00e9ation de prairies IL_CTEC_CPRA \nContinuit\u00e9s \u00e9cologiques Localis\u00e9e MAEC Biodiversit\u00e9 \u2013 Ligneux IL_CTEC_IAE1 \nContinuit\u00e9s \u00e9cologiques Localis\u00e9e MAEC Biodiversit\u00e9 - Maintien de l'ouverture \ndes milieux IL_CTEC_OUV1 \nEst 77 Syst\u00e8me MAEC Eau - Grandes cultures 1 adapt\u00e9e aux \nzones interm\u00e9diaires IL_ESTS_ZIGC \nEst 77 Syst\u00e8me MAEC Eau - Pesticides - Grandes cult ures 2 IL_ESTS_PHY5 \nEst 77 Localis\u00e9e \nMAEC Biodiversit\u00e9 - Cr\u00e9ation de couverts \nd'int\u00e9r\u00eat faunistique et floristique favorables \naux pollinisateurs et aux oiseaux communs \ndes milieux agricoles \nIL_ESTS_CIFF \nEst 77 Localis\u00e9e MAEC Biodiversit\u00e9 - Cr\u00e9ation de prairies IL_ ESTS _CPRA \nEst 77 Localis\u00e9e MAEC Biodiversit\u00e9 \u2013 Ligneux IL_ ESTS _IAE1 \nEst 77 Localis\u00e9e MAEC Biodiversit\u00e9 - Maintien de l'ouverture \ndes milieux IL_ ESTS _OUV1 \nEst 77 Localis\u00e9e \nMAEC Biodiversit\u00e9 - Maintien de l'ouverture \ndes milieux - am\u00e9lioration de la gestion par le \np\u00e2turage \nIL_ESTS_OUV2 \nZone prioritaire de l'AAC de \nFlins-Aubergenville Syst\u00e8me MAEC Eau - Pesticides - Grandes cultures 2 IL_FLIN_PHY5 \nZone prioritaire de l'AAC de \nFlins-Aubergenville Localis\u00e9e \nMAEC Biodiversit\u00e9 - Cr\u00e9ation de couverts \nd'int\u00e9r\u00eat faunistique et floristique favorables \naux pollinisateurs et aux oiseaux communs \ndes milieux agricoles \nIL_FLIN_CIFF \nZone prioritaire de l'AAC de \nFlins-Aubergenville Localis\u00e9e MAEC Biodiversit\u00e9 - Cr\u00e9ation de prairies IL_FLIN_CPRA \nFosse de Melun \u2013 Basse Vall\u00e9e \nde l'Yerres Syst\u00e8me MAEC Eau - Gestion de la fertilisation - \nGrandes cultures 2 IL_FMVY_FER2 \nFosse de Melun \u2013 Basse Vall\u00e9e \nde l'Yerres Syst\u00e8me MAEC Eau - Gestion de la fertilisation - Cou- \nverture - Pesticides IL_FMVY_FER6 \nFosse de Melun \u2013 Basse Vall\u00e9e \nde l'Yerres Syst\u00e8me MAEC Eau - Herbicides - Grandes cultures 1 IL_FMVY_PHY1 \nFosse de Melun \u2013 Basse Vall\u00e9e \nde l'Yerres Syst\u00e8me MAEC Eau - Herbicides - Grandes cultures 2 IL_FMVY_PHY2 \nFosse de Melun \u2013 Basse Vall\u00e9e \nde l'Yerres Syst\u00e8me MAEC Eau - Herbicides - Grandes cultures 3 IL_FMVY_PHY3 \nFosse de Melun \u2013 Basse Vall\u00e9e \nde l'Yerres Syst\u00e8me MAEC Eau - Pesticides - Grandes cultures 1 IL_FMVY_PHY4 \nFosse de Melun \u2013 Basse Vall\u00e9e \nde l'Yerres Syst\u00e8me MAEC Eau - Pesticides - Grandes cultures 2 IL_FMVY_PHY5 \nFosse de Melun \u2013 Basse Vall\u00e9e \nde l'Yerres Syst\u00e8me MAEC Eau - Pesticides - Grandes cultures 3 IL_FMVY_PHY6 \nFosse de Melun \u2013 Basse Vall\u00e9e \nde l'Yerres Localis\u00e9e \nMAEC Biodiversit\u00e9 - Cr\u00e9ation de couverts \nd'int\u00e9r\u00eat faunistique et floristique favorables \naux pollinisateurs et aux oiseaux communs \ndes milieux agricoles \nIL_FMVY_CIFF \nFosse de Melun \u2013 Basse Vall\u00e9e \nde l'Yerres Localis\u00e9e \nMAEC Biodiversit\u00e9 - Cr\u00e9ation de prairies IL_FMVY_CPRA \nFosse de Melun \u2013 Basse Vall\u00e9e \nde l'Yerres Localis\u00e9e \nMAEC Biodiversit\u00e9 \u2013 Ligneux IL_FMVY_IAE1 \nFosse de Melun \u2013 Basse Vall\u00e9e \nde l'Yerres Localis\u00e9e \nMAEC Biodiversit\u00e9 - Maintien de l'ouverture \ndes milieux IL_FMVY_OUV1 \nSurface des parcours ext\u00e9- \nrieurs des \u00e9levages monogas- \ntriques \nLocalis\u00e9e MAEC Climat - Bien-\u00eatre animal - Elevages de \nmonogastriques IL_GABI_MONO \nHurepoix Eau Syst\u00e8me MAEC Eau - Gestion de la fertilisation - Cou- \nverture - Pesticides IL_HURE_FER6 \nHurepoix Eau Syst\u00e8me MAEC Eau - Herbicides - Grande s cultures 1 IL_ HURE _PHY1 \nHurepoix Eau Syst\u00e8me MAEC Eau - Herbicides - Grande s cultures 2 IL_ HURE _PHY2 \nDirection r\u00e9gionale et interd\u00e9partementale de l'alimentation, de l'agriculture et de la for\u00eat d'Ile de France - IDF-2025-07-28-00006 -\nArr\u00eat\u00e9 pr\u00e9fectoral relatif aux engagements agroenvironnementaux et climatiques et en agriculture biologique en 2025 de la r\u00e9gion\n\u00cele-de-France\n23\nTerritoire de PAEC  Type de \nmesure  Libell\u00e9 de la MAEC  Code de la MAEC  \nHurepoix Eau Syst\u00e8me MAEC Eau - Herbicides - Grande s cultures 3 IL_ HURE _PHY3 \nHurepoix Eau Syst\u00e8me MAEC Eau - Pesticides - Grande s cultures 1 IL_ HURE _PHY4 \nHurepoix Eau Syst\u00e8me MAEC Eau - Pesticides - Grande s cultures 2 IL_ HURE _PHY5 \nHurepoix Eau Syst\u00e8me MAEC Eau - Pesticides - Grande s cultures 3 IL_ HURE _PHY6 \nTRAMES Juine Localis\u00e9e \nMAEC Biodiversit\u00e9 - Cr\u00e9ation de couverts \nd'int\u00e9r\u00eat faunistique et floristique favorables \naux pollinisateurs et aux oiseaux communs \ndes milieux agricoles \nIL_JUIN_CIFF \nTRAMES Juine Localis\u00e9e MAEC Biodiversit\u00e9 - Cr\u00e9ation de prairies IL_JUIN_CPRA \nTRAMES Juine Localis\u00e9e MAEC Biodiversit\u00e9 \u2013 Ligneux IL_JUIN_IAE1 \nTRAMES Juine Localis\u00e9e MAEC Biodiversit\u00e9 \u2013 Mares IL_JUIN_IAE2 \nTRAMES Juine Localis\u00e9e MAEC Biodiversit\u00e9 \u2013 Foss\u00e9s IL_JUIN_IAE3 \nZPS des boucles de Moisson, \nGuernes et for\u00eat de Rosny, \nZPS des boucles de la Marne, \net boucle de Changis-sur-\nMarne   \nLocalis\u00e9e \nMAEC Biodiversit\u00e9 - Cr\u00e9ation de couverts \nd'int\u00e9r\u00eat faunistique et floristique favorables \naux pollinisateurs et aux oiseaux communs \ndes milieux agricoles \nIL_MOMA_CIFF \nZPS des boucles de Moisson, \nGuernes et for\u00eat de Rosny, \nZPS des boucles de la Marne, \net boucle de Changis-sur-\nMarne   \nLocalis\u00e9e \nMAEC Biodiversit\u00e9 - Maintien de l'ouverture \ndes milieux - am\u00e9lioration de la gestion par le \np\u00e2turage \nIL_MOMA_OUV2 \nBassin versant de l'Orge Syst\u00e8me MAEC Eau - Pesticides - Grandes cultures 2 IL_ORGE_PHY5 \nBassin versant de l'Orge Localis\u00e9e \nMAEC Biodiversit\u00e9 - Cr\u00e9ation de couverts \nd'int\u00e9r\u00eat faunistique et floristique favorables \naux pollinisateurs et aux oiseaux communs \ndes milieux agricoles \nIL_ORGE_CIFF \nBassin versant de l'Orge Localis\u00e9e MAEC Biodiversit\u00e9 - Cr\u00e9ation de prairies IL_ORGE_CPRA \nBassin versant de l'Orge Localis\u00e9e MAEC Biodiversit\u00e9 - Protection des esp\u00e8ces 1 IL_ORGE_ESP1 \nBassin versant de l'Orge Localis\u00e9e MAEC Biodiversit\u00e9 - Protection des esp\u00e8ces 2 IL_ORGE_ESP2 \nBassin versant de l'Orge Localis\u00e9e MAEC Biodiversit\u00e9 - Protection des esp\u00e8ces 3 IL_ORGE_ESP3 \nBassin versant de l'Orge Localis\u00e9e MAEC Biodiversit\u00e9 - Protection des esp\u00e8ces 4 IL_ORGE_ESP4 \nBassin versant de l'Orge Localis\u00e9e MAEC Biodiversit\u00e9 \u2013 Ligneux IL_ORGE_IAE1 \nBassin versant de l'Orge Localis\u00e9e MAEC Biodiversit\u00e9 \u2013 Mares IL_ORGE_IAE2 \nBassin versant de l'Orge Localis\u00e9e MAEC Biodiversit\u00e9 \u2013 Foss\u00e9s IL_ORGE_IAE3 \nBassin versant de l'Orge Localis\u00e9e MAEC Biodiversit\u00e9 - Pr\u00e9servation des milieux \nhumides IL_ORGE_MHU1 \nBassin versant de l'Orge Localis\u00e9e \nMAEC Biodiversit\u00e9 - Pr\u00e9servation des milieux \nhumides - Am\u00e9lioration de la gestion par le \np\u00e2turage \nIL_ORGE_MHU2 \nBassin versant de l'Orge Localis\u00e9e \nMAEC Biodiversit\u00e9 - Pr\u00e9servation des milieux \nhumides - Gestion des esp\u00e8ces exotiques en- \nvahissantes \nIL_ORGE_MHU3 \nBassin versant de l'Orge Localis\u00e9e \nMAEC Biodiversit\u00e9 - Pr\u00e9servation des milieux \nhumides - Maintien en eau des zones basses \nde prairies \nIL_ORGE_MHU4 \nBassin versant de l'Orge Localis\u00e9e MAEC Biodiversit\u00e9 - Maintien de l'ouverture \ndes milieux IL_ORGE_OUV1 \nBassin versant de l'Orge Localis\u00e9e \nMAEC Biodiversit\u00e9 - Maintien de l'ouverture \ndes milieux - am\u00e9lioration de la gestion par le \np\u00e2turage \nIL_ORGE_OUV2 \nParc naturel r\u00e9gional de la \nHaute Vall\u00e9e de Chevreuse Syst\u00e8me MAEC Eau - Pesticides - Grandes cultures 2 IL_PNRC_PHY5 \nDirection r\u00e9gionale et interd\u00e9partementale de l'alimentation, de l'agriculture et de la for\u00eat d'Ile de France - IDF-2025-07-28-00006 -\nArr\u00eat\u00e9 pr\u00e9fectoral relatif aux engagements agroenvironnementaux et climatiques et en agriculture biologique en 2025 de la r\u00e9gion\n\u00cele-de-France\n24\nTerritoire de PAEC  Type de \nmesure  Libell\u00e9 de la MAEC  Code de la MAEC  \nParc naturel r\u00e9gional de la \nHaute Vall\u00e9e de Chevreuse Syst\u00e8me MAEC Sol - Semis direct 1 IL_PNRC_SDC1 \nParc naturel r\u00e9gional de la \nHaute Vall\u00e9e de Chevreuse Syst\u00e8me MAEC Sol - Semis direct 2 IL_PNRC_SDC2 \nParc naturel r\u00e9gional de la \nHaute Vall\u00e9e de Chevreuse Syst\u00e8me MAEC Climat - Bien-\u00eatre animal - Autonomie \nfourrag\u00e8re - Elevages d'herbivores 1 IL_PNRC_HBV1 \nParc naturel r\u00e9gional de la \nHaute Vall\u00e9e de Chevreuse Syst\u00e8me MAEC Climat - Bien-\u00eatre animal - Autonomie \nfourrag\u00e8re - Elevages d'herbivores 2 IL_PNRC_HBV2 \nParc naturel r\u00e9gional de la \nHaute Vall\u00e9e de Chevreuse Syst\u00e8me MAEC Climat - Bien-\u00eatre animal - Autonomie \nfourrag\u00e8re - Elevages d'herbivores 3 IL_PNRC_HBV3 \nParc naturel r\u00e9gional de la \nHaute Vall\u00e9e de Chevreuse Localis\u00e9e \nMAEC Biodiversit\u00e9 - Cr\u00e9ation de couverts \nd'int\u00e9r\u00eat faunistique et floristique favorables \naux pollinisateurs et aux oiseaux communs \ndes milieux agricoles \nIL_PNRC_CIFF \nParc naturel r\u00e9gional de la \nHaute Vall\u00e9e de Chevreuse Localis\u00e9e MAEC Biodiversit\u00e9 - Cr\u00e9ation de prairies IL_ PNRC _CPRA \nParc naturel r\u00e9gional de la \nHaute Vall\u00e9e de Chevreuse Localis\u00e9e MAEC Biodiversit\u00e9 - Protection des esp\u00e8ces 1 IL_ PNRC _ESP1 \nParc naturel r\u00e9gional de la \nHaute Vall\u00e9e de Chevreuse Localis\u00e9e MAEC Biodiversit\u00e9 - Protection des esp\u00e8ces 2 IL_ PNRC _ESP2 \nParc naturel r\u00e9gional de la \nHaute Vall\u00e9e de Chevreuse Localis\u00e9e MAEC Biodiversit\u00e9 - Protection des esp\u00e8ces 3 IL_ PNRC _ESP3 \nParc naturel r\u00e9gional de la \nHaute Vall\u00e9e de Chevreuse Localis\u00e9e MAEC Biodiversit\u00e9 - Protection des esp\u00e8ces 4 IL_ PNRC _ESP4 \nParc naturel r\u00e9gional de la \nHaute Vall\u00e9e de Chevreuse Localis\u00e9e \nMAEC Biodiversit\u00e9 - Pr\u00e9servation des milieux \nhumides - Am\u00e9lioration de la gestion par le \np\u00e2turage \nIL_ PNRC _MHU2 \nParc naturel r\u00e9gional de la \nHaute Vall\u00e9e de Chevreuse Syst\u00e8me MAEC Biodiversit\u00e9 - Syst\u00e8mes herbagers et \npastoraux IL_ PNRC _PRA2 \nPlaine de Versailles Syst\u00e8me MAEC Eau - Arboriculture - Lutte biologique - \nHerbicides IL_PVER_ARB1 \nPlaine de Versailles Syst\u00e8me MAEC Eau - Pesticides - Grandes cultures 1 IL_ PVER _PHY4 \nPlaine de Versailles Syst\u00e8me MAEC Eau - Pesticides - Grandes cultures 2 IL_ PVER _PHY5 \nPlaine de Versailles Syst\u00e8me MAEC Eau - Viticulture - Lutte biologique - \nHerbicides IL_PVER_VIT1 \nAAC de Rosny-Buchelay Syst\u00e8me MAEC Eau - Gestion de la fertilisation - \nGrandes cultures 2 IL_ROBU_FER2 \nAAC de Rosny-Buchelay Syst\u00e8me MAEC Eau - Gestion de la fertilisation - Cou- \nverture - Pesticides IL_ROBU_FER6 \nAAC de Rosny-Buchelay Syst\u00e8me MAEC Eau - Pesticides - Grandes cultures 1 IL_ROBU_PHY4 \nAAC de Rosny-Buchelay Syst\u00e8me MAEC Eau - Pesticides - Grandes cultures 2 IL_ROBU_PHY5 \nAAC de Rosny-Buchelay Syst\u00e8me MAEC Eau - Pesticides - Grandes cultures 3 IL_ROBU_PHY6 \nAAC de Rosny-Buchelay Localis\u00e9e \nMAEC Biodiversit\u00e9 - Cr\u00e9ation de couverts \nd'int\u00e9r\u00eat faunistique et floristique favorables \naux pollinisateurs et aux oiseaux communs \ndes milieux agricoles \nIL_ROBU_CIFF \nAAC de Rosny-Buchelay Localis\u00e9e MAEC Biodiversit\u00e9 - Cr\u00e9ation de prairies IL_ROBU_CPRA \nAAC de Rosny-Buchelay Localis\u00e9e MAEC Biodiversit\u00e9 \u2013 Ligneux IL_ROBU_IAE1 \nSemis direct et couverts v\u00e9g\u00e9- \ntaux en Ile-de-France Syst\u00e8me MAEC Sol - Semis direct 1 IL_SDCV_SDC1 \nSemis direct et couverts v\u00e9g\u00e9- \ntaux en Ile-de-France Syst\u00e8me MAEC Sol - Semis direct 2 IL_SDCV_SDC2 \nChamps captants d'Asni\u00e8res-\nsur-Oise Syst\u00e8me MAEC Eau - Pesticides - Grandes cultures 2 IL_SIEC_PHY5 \nTerritoire GIC Localis\u00e9e \nMAEC Biodiversit\u00e9 - Cr\u00e9ation de couverts \nd'int\u00e9r\u00eat faunistique et floristique favorables \naux pollinisateurs et aux oiseaux communs \ndes milieux agricoles \nIL_TGIC_CIFF \nDirection r\u00e9gionale et interd\u00e9partementale de l'alimentation, de l'agriculture et de la for\u00eat d'Ile de France - IDF-2025-07-28-00006 -\nArr\u00eat\u00e9 pr\u00e9fectoral relatif aux engagements agroenvironnementaux et climatiques et en agriculture biologique en 2025 de la r\u00e9gion\n\u00cele-de-France\n25\nTerritoire de PAEC  Type de \nmesure  Libell\u00e9 de la MAEC  Code de la MAEC  \nTerritoire GIC Localis\u00e9e MAEC Biodiversit\u00e9 - Cr\u00e9ation de prairies IL_TGIC_CPRA \nTerritoire GIC Localis\u00e9e MAEC Biodiversit\u00e9 \u2013 Ligneux IL_TGIC_IAE1 \nTerritoire GIC Localis\u00e9e MAEC Biodiversit\u00e9 - Maintien de l'ouverture \ndes milieux IL_TGIC_OUV1 \nTerritoire GIC Localis\u00e9e \nMAEC Biodiversit\u00e9 - Maintien de l'ouverture \ndes milieux - am\u00e9lioration de la gestion par le \np\u00e2turage \nIL_TGIC_OUV2 \nVexin fran\u00e7ais Syst\u00e8me MAEC Eau - Grandes cultures 1 adapt\u00e9e aux \nzones interm\u00e9diaires IL_VXFR_ZIGC \nVexin fran\u00e7ais Syst\u00e8me MAEC Eau - Polyculture-\u00e9levage adapt\u00e9e aux \nzones interm\u00e9diaires IL_VXFR_ZIPE \nVexin fran\u00e7ais Syst\u00e8me MAEC Eau - Gestion de la fertilisation - \nGrandes cultures 2 IL_VXFR_FER2 \nVexin fran\u00e7ais Syst\u00e8me MAEC Eau - Pesticides - Gran des cultures 1 IL_VXFR_PHY4 \nVexin fran\u00e7ais Syst\u00e8me MAEC Eau - Pesticides - Gran des cultures 2 IL_VXFR_PHY5 \nVexin fran\u00e7ais Localis\u00e9e \nMAEC Biodiversit\u00e9 - Cr\u00e9ation de couverts \nd'int\u00e9r\u00eat faunistique et floristique favorables \naux pollinisateurs et aux oiseaux communs \ndes milieux agricoles \nIL_VXFR_CIFF \nVexin fran\u00e7ais Localis\u00e9e MAEC Biodiversit\u00e9 - Cr\u00e9ati on de prairies IL_VXFR_CPRA \nVexin fran\u00e7ais Localis\u00e9e MAEC Biodiversit\u00e9 - Protec tion des esp\u00e8ces 1 IL_VXFR_ESP1 \nVexin fran\u00e7ais Localis\u00e9e MAEC Biodiversit\u00e9 - Protec tion des esp\u00e8ces 2 IL_VXFR_ESP2 \nVexin fran\u00e7ais Localis\u00e9e MAEC Biodiversit\u00e9 - Protec tion des esp\u00e8ces 3 IL_VXFR_ESP3 \nVexin fran\u00e7ais Localis\u00e9e MAEC Biodiversit\u00e9 - Protec tion des esp\u00e8ces 4 IL_VXFR_ESP4 \nVexin fran\u00e7ais Localis\u00e9e MAEC Biodiversit\u00e9 \u2013 Ligneu x IL_VXFR_IAE1 \nVexin fran\u00e7ais Localis\u00e9e MAEC Biodiversit\u00e9 \u2013 Mares IL_VXFR_IAE2 \nVexin fran\u00e7ais Localis\u00e9e MAEC Biodiversit\u00e9 \u2013 Foss\u00e9s  IL_VXFR_IAE3 \nVexin fran\u00e7ais Localis\u00e9e MAEC Biodiversit\u00e9 - Pr\u00e9servation des milieux \nhumides IL_VXFR_MHU1 \nVexin fran\u00e7ais Localis\u00e9e \nMAEC Biodiversit\u00e9 - Pr\u00e9servation des milieux \nhumides - Am\u00e9lioration de la gestion par le \np\u00e2turage \nIL_VXFR_ MHU2 \nVexin fran\u00e7ais Localis\u00e9e \nMAEC Biodiversit\u00e9 - Pr\u00e9servation des milieux \nhumides - Gestion des esp\u00e8ces exotiques en- \nvahissantes \nIL_VXFR_ MHU3 \nVexin fran\u00e7ais Localis\u00e9e MAEC Biodiversit\u00e9 - Maintien de l'ouverture \ndes milieux IL_VXFR_OUV1 \nVexin fran\u00e7ais Localis\u00e9e \nMAEC Biodiversit\u00e9 - Maintien de l'ouverture \ndes milieux - am\u00e9lioration de la gestion par le \np\u00e2turage \nIL_VXFR_OUV2 \nVexin fran\u00e7ais Localis\u00e9e MAEC Biodiversit\u00e9 - Surfaces herbag\u00e8res et \npastorales IL_VXFR_PRA1 \nVexin fran\u00e7ais Localis\u00e9e \nMAEC Biodiversit\u00e9 - Am\u00e9lioration de la ges- \ntion des surfaces herbag\u00e8res et pastorales par \nle p\u00e2turage \nIL_VXFR_PRA3 \n \nDirection r\u00e9gionale et interd\u00e9partementale de l'alimentation, de l'agriculture et de la for\u00eat d'Ile de France - IDF-2025-07-28-00006 -\nArr\u00eat\u00e9 pr\u00e9fectoral relatif aux engagements agroenvironnementaux et climatiques et en agriculture biologique en 2025 de la r\u00e9gion\n\u00cele-de-France\n26\nDirection r\u00e9gionale et interd\u00e9partementale de\nl'h\u00e9bergement et du logement\nIDF-2025-07-30-00003\nArr\u00eat\u00e9 portant agr\u00e9ment ILGLS association de\ncoop\u00e9ration pour le logement des \u00e9tudiants de\nFrance (ACLEF)\nDirection r\u00e9gionale et interd\u00e9partementale de l'h\u00e9bergement et du logement - IDF-2025-07-30-00003 - Arr\u00eat\u00e9 portant agr\u00e9ment\nILGLS association de coop\u00e9ration pour le logement des \u00e9tudiants de France (ACLEF) 27\nEiPREFETDE LA REGIOND'\u00ceLE-DE-FRANCELibert\u00e9Egalit\u00e9Fraternit\u00e9\nArr\u00eat\u00e9 n\u00b0\nportant agr\u00e9ment\nde l'Association de Coop\u00e9ration pour le Logement des Etudiant(e)s de France\n(ACLEF)\nau titre de l'interm\u00e9diation locative et gestion locative sociale\nLe Pr\u00e9fet de la R\u00e9gion \u00cele-de-France, pr\u00e9fet de Paris\nGrand Officier de la L\u00e9gion d'Honneur,\nOfficier de l'ordre national du m\u00e9rite\nVU la loi n\u00b0 2009-323 du 25 mars 2009 de mobilisation pour le logement et la lutte\ncontre l'exclusion\nVU  le  d\u00e9cret  n\u00b0  2009-1684  du  30  d\u00e9cembre  2009  relatif  aux  agr\u00e9ments  des\norganismes exer\u00e7ant des activit\u00e9s en faveur du logement et de l'h\u00e9bergement des\npersonnes d\u00e9favoris\u00e9es\nVU  la circulaire du 18 janvier 2010 relative aux relations entre les pouvoirs publics\net les associations\u00a0: conventions d'objectifs et simplification des d\u00e9marches relatives\naux proc\u00e9dures d'agr\u00e9ment\nVU  la  circulaire  du  6  septembre  2010  relative  aux  agr\u00e9ments  des  organismes\nagissant en faveur du logement et de l'h\u00e9bergement des personnes d\u00e9favoris\u00e9es\nVU  l'arr\u00eat\u00e9  n\u00b0  IDF-2023-10-02-00010  en  date  du  02  octobre  2023  portant\nd\u00e9l\u00e9gation  de  signature  \u00e0  Monsieur  Laurent  BRESSON,  Directeur  r\u00e9gional  et\ninterd\u00e9partemental  de  l'h\u00e9bergement  et  du  logement  \u00cele-de-France,  en  mati\u00e8re\nadministrative\nVU la  d\u00e9cision  n\u00b0  2024-21  en  date  du  16  mai  2024  portant  subd\u00e9l\u00e9gation  de\nsignature  en  mati\u00e8re  administrative  \u00e0  Monsieur  Jacques  Bertrand  DE  REBOUL,\nDirecteur r\u00e9gional et interd\u00e9partemental adjoint de l'h\u00e9bergement et du logement\nT\u00e9l : 01 82 52 48 96\nLe Ponant, 5 rue Leblanc, 75015 Paris\nwww.drihl.ile-de-france.developpement-durable.gouv.fr 1 / 4\nDirection r\u00e9gionale et interd\u00e9partementale de l'h\u00e9bergement et du logement - IDF-2025-07-30-00003 - Arr\u00eat\u00e9 portant agr\u00e9ment\nILGLS association de coop\u00e9ration pour le logement des \u00e9tudiants de France (ACLEF) 28\nde la r\u00e9gion \u00cele-de-France\nVU  la demande d'agr\u00e9ment d\u00e9pos\u00e9e par  l'Association de Coop\u00e9ration pour le\nLogement des Etudiant(e)s de France (ACLEF)  le 23 mai 2025, aupr\u00e8s du Pr\u00e9fet de\nr\u00e9gion, en vue d'exercer les activit\u00e9s suivantes, vis\u00e9es \u00e0 l'article R.365-1 3\u00b0 du a) du\nCode la construction et de l'habitation\u00a0:\n\u2022 Location de logements aupr\u00e8s d'organismes agr\u00e9\u00e9s au titre de l'article L 365-2\nou d'organismes d'habitation \u00e0 loyer mod\u00e9r\u00e9 en vue de leur sous-location \u00e0 des\npersonnes d\u00e9favoris\u00e9es dans les conditions pr\u00e9vues par l'article L 442-8-1\n\u2022 Location de logements \u00e0 des bailleurs autres que les organismes d'habitations \u00e0\nloyer mod\u00e9r\u00e9 en vue de les sous-louer \u00e0 des personnes d\u00e9favoris\u00e9es dans les\nconditions pr\u00e9vues aux articles L.321-10, L.323-10-1 et L.353-20.\nCONSID\u00c9RANT  la capacit\u00e9 de l'Association de Coop\u00e9ration pour le Logement des\nEtudiant(e)s de France (ACLEF)  \u00e0 exercer les activit\u00e9s objet du pr\u00e9sent agr\u00e9ment,\ncompte tenu de ses statuts, de ses comp\u00e9tences, des moyens dont elle dispose dans\nles d\u00e9partements de Paris, de la Seine-Saint-Denis et du Val-de-Marne ainsi que du\nsoutien  de  la  F\u00e9d\u00e9ration  des  Associations  et  des  Acteurs  pour  la  Promotion  et\nl'Insertion par le Logement  (FAPIL) \u00e0 laquelle, elle adh\u00e8re.\nARRETE\nArticle  1  er\n  \nL'agr\u00e9ment  au  titre  de  l'interm\u00e9diation  locative  et  gestion  locative  sociale  est\naccord\u00e9 \u00e0 l'Association de Coop\u00e9ration pour le Logement des Etudiant(e)s de France\n(ACLEF) pour les activit\u00e9s suivantes, vis\u00e9es \u00e0 l'article R.365-1 3\u00b0 du a) du Code la\nconstruction et de l'habitation\u00a0:\n\u2022 Location de logements aupr\u00e8s d'organismes agr\u00e9\u00e9s au titre de l'article L 365-2 ou\nd'organismes  d'habitation  \u00e0  loyer  mod\u00e9r\u00e9  en  vue  de  leur  sous-location  \u00e0  des\npersonnes d\u00e9favoris\u00e9es dans les conditions pr\u00e9vues par l'article L 442-8-1\n\u2022 Location de logements \u00e0 des bailleurs autres que les organismes d'habitations \u00e0\nloyer  mod\u00e9r\u00e9 en vue de les  sous-louer \u00e0 des  personnes  d\u00e9favoris\u00e9es  dans  les\nconditions pr\u00e9vues aux articles L.321-10, L.323-10-1 et L.353-20.\nArticle  2\nL'Association de Coop\u00e9ration pour le Logement des Etudiant(e)s de France (ACLEF)\nest agr\u00e9\u00e9e pour l'exercice des activit\u00e9s mentionn\u00e9es \u00e0 l'article 1 er\n dans le territoire\ndes d\u00e9partements  de Paris, de la Seine-et-Marne, des Yvelines, de l'Essonne, des\nT\u00e9l : 01 82 52 48 96\nLe Ponant, 5 rue Leblanc, 75015 Paris\nwww.drihl.ile-de-france.developpement-durable.gouv.fr 2 / 4\nDirection r\u00e9gionale et interd\u00e9partementale de l'h\u00e9bergement et du logement - IDF-2025-07-30-00003 - Arr\u00eat\u00e9 portant agr\u00e9ment\nILGLS association de coop\u00e9ration pour le logement des \u00e9tudiants de France (ACLEF) 29\nHauts-de-Seine, de la Seine-Saint-Denis du Val-de-Marne et du Val d'Oise.\nArticle 3\nCet agr\u00e9ment est d\u00e9livr\u00e9 pour une dur\u00e9e de cinq ans renouvelable. Il prend effet \u00e0\npartir de la date de signature du pr\u00e9sent arr\u00eat\u00e9.\nArticle 4\nL'Association de Coop\u00e9ration pour le Logement des Etudiant(e)s de France (ACLEF)\nest  tenue  d'adresser  annuellement  au  Pr\u00e9fet  de  R\u00e9gion  un  compte-rendu  de\nl'activit\u00e9,  objet  du  pr\u00e9sent  agr\u00e9ment,  ainsi  que  ses  comptes  financiers,\nconform\u00e9ment \u00e0 l'article R.365-7 du Code de la construction et de l'habitation. Elle\ndoit \u00e9galement lui notifier toute modification statutaire.\nLe  Pr\u00e9fet  de R\u00e9gion peut  \u00e0  tout  moment  contr\u00f4ler les  conditions d'exercice  de\nl'activit\u00e9 de l'organisme.\nArticle 5\nLe pr\u00e9sent agr\u00e9ment peut \u00eatre retir\u00e9 \u00e0 tout moment par le Pr\u00e9fet de r\u00e9gion, si les\nconditions de d\u00e9livrance de l'agr\u00e9ment ne sont plus satisfaites ou s'il est constat\u00e9 un\nmanquement grave et r\u00e9p\u00e9t\u00e9 aux obligations de l'organisme. Ce retrait ne pourra\n\u00eatre  prononc\u00e9  qu'apr\u00e8s  avoir  mis  les  dirigeants  de  l'organisme  en  mesure  de\npr\u00e9senter leurs observations.\nArticle 6\nLe pr\u00e9sent arr\u00eat\u00e9 peut faire l'objet d'un recours gracieux devant le Pr\u00e9fet de r\u00e9gion.\nIl peut \u00e9galement faire l'objet d'un recours hi\u00e9rarchique devant l'autorit\u00e9 sup\u00e9rieure\nde l'auteur du pr\u00e9sent arr\u00eat\u00e9, l a Ministre aupr\u00e8s du Ministre de l'Am\u00e9nagement du\nterritoire et de la D\u00e9centralisation, charg\u00e9e du Logement.\nIl peut aussi faire l'objet d'un recours contentieux devant le tribunal administratif de\nParis sis au 7 , rue de Jouy, 75004 Paris, dans un d\u00e9lai de deux mois \u00e0 compter de la\ndate de publication au recueil des actes administratifs. Dans ce cas, le pr\u00e9sent arr\u00eat\u00e9\ndoit \u00eatre joint au recours contentieux.\nArticle 7\nLe  Directeur r\u00e9gional et interd\u00e9partemental de l'h\u00e9bergement et du logement \u00cele-\nde-France est charg\u00e9 de l'ex\u00e9cution du pr\u00e9sent arr\u00eat\u00e9.\nT\u00e9l : 01 82 52 48 96\nLe Ponant, 5 rue Leblanc, 75015 Paris\nwww.drihl.ile-de-france.developpement-durable.gouv.fr 3 / 4\nDirection r\u00e9gionale et interd\u00e9partementale de l'h\u00e9bergement et du logement - IDF-2025-07-30-00003 - Arr\u00eat\u00e9 portant agr\u00e9ment\nILGLS association de coop\u00e9ration pour le logement des \u00e9tudiants de France (ACLEF) 30\nLe pr\u00e9sent arr\u00eat\u00e9 sera publi\u00e9 au recueil des actes administratifs.\nUne copie du pr\u00e9sent arr\u00eat\u00e9 sera adress\u00e9e aux pr\u00e9fets  de la Seine-et-Marne, des\nYvelines, de l'Essonne, des Hauts-de-Seine, de la Seine-Saint-Denis du Val-de-Marne\net du Val d'Oise.\nParis, le 30/07/2025\nPour le Pr\u00e9fet de la R\u00e9gion d'\u00cele-de-France,\nPr\u00e9fet de Paris et par d\u00e9l\u00e9gation,\nLe Directeur adjoint de l'H\u00e9bergement \net du Logement\nSign\u00e9\nJacques-Bertrand DE REBOUL\n \nT\u00e9l : 01 82 52 48 96\nLe Ponant, 5 rue Leblanc, 75015 Paris\nwww.drihl.ile-de-france.developpement-durable.gouv.fr 4 / 4\nDirection r\u00e9gionale et interd\u00e9partementale de l'h\u00e9bergement et du logement - IDF-2025-07-30-00003 - Arr\u00eat\u00e9 portant agr\u00e9ment\nILGLS association de coop\u00e9ration pour le logement des \u00e9tudiants de France (ACLEF) 31\nDirection r\u00e9gionale et interd\u00e9partementale de\nl'environnement, de l'am\u00e9nagement et des\ntransports d'\u00cele-de-France\nIDF-2025-07-30-00002\nArr\u00eat\u00e9 DRIEAT IdF n\u00b02025-0744 autorisant la\nmise en service du syst\u00e8me de\ncontr\u00f4le-commande Octys VB2 sur la ligne 9 de\nm\u00e9tro\nDirection r\u00e9gionale et interd\u00e9partementale de l'environnement, de l'am\u00e9nagement et des transports d'\u00cele-de-France -\nIDF-2025-07-30-00002 - Arr\u00eat\u00e9 DRIEAT IdF n\u00b02025-0744 autorisant la mise en service du syst\u00e8me de contr\u00f4le-commande Octys VB2\nsur la ligne 9 de m\u00e9tro\n32\nPREFET .DE LA REGIOND'\u00ceLE-DE-FRANCELibert\u00e9Egalit\u00e9Fraternit\u00e9\nDirection r\u00e9gionale et interd\u00e9partementale\nde l'environnement, de l'am\u00e9nagement\net des transports d'\u00cele-de-France\nArr\u00eat\u00e9 DRIEAT IdF n\u00b02025-0744\nautorisant la mise en service du syst\u00e8me de contr\u00f4le-commande Octys VB2 sur la\nligne 9 de m\u00e9tro\nLE PR\u00c9FET DE LA R\u00c9GION D'\u00ceLE-DE-FRANCE,\nPR\u00c9FET DE PARIS\nCOMMANDEUR DE LA L\u00c9GION D'HONNEUR\nOFFICIER DE L'ORDRE NATIONAL DU M\u00c9RITE\nVu le Code des transports\u00a0;\nVu le d\u00e9cret n\u00b0 2017-440 du 30 mars 2017 modifi\u00e9, relatif \u00e0 la s\u00e9curit\u00e9 des transports publics guid\u00e9s \net notamment son article 103\u00a0;\nVu l'arr\u00eat\u00e9 du 23 mai 2003 modifi\u00e9, relatif aux dossiers de s\u00e9curit\u00e9 des syst\u00e8mes de transport public\nguid\u00e9s urbains et notamment ses annexes 3 et 6\u00a0;\nVu l'arr\u00eat\u00e9  IDF-2022-07-19-00005  du  19  juillet  2022  portant  d\u00e9l\u00e9gation  de  signature  \u00e0  Mme\nEmmanuelle  GAY,  directrice  r\u00e9gionale  et  interd\u00e9partementale  de  l'environnement,  de\nl'am\u00e9nagement et des transports d'\u00cele-de-France, en mati\u00e8re administrative\u00a0;\nVu le courrier d'\u00cele-de-France Mobilit\u00e9s du 28 f\u00e9vrier 2023 adress\u00e9 au pr\u00e9fet de la r\u00e9gion d'\u00cele-de-\nFrance, et sollicitant l'autorisation de mise en service du syst\u00e8me Octys de contr\u00f4le-commande\ndes rames dans sa version VB2 dans le cadre du projet de modernisation de la ligne 9 du m\u00e9tro\u00a0;\nVu le dossier de s\u00e9curit\u00e9 (DS) dit \u00ab OCTYS L9 VB2 \u00bb du projet de modernisation de la ligne 9 du\nr\u00e9seau m\u00e9tro RATP avec le syst\u00e8me Octys de contr\u00f4le-commande des rames dans sa version\nVB2, dans sa version 1.0 de f\u00e9vrier 2023, transmis par le courrier susvis\u00e9 du 23 f\u00e9vrier 2023 et ses\ncompl\u00e9ments transmis par courriers du 6 juin 2023 et du 1er juillet 2025\u00a0;\nVu le courrier du pr\u00e9fet de la r\u00e9gion d'\u00cele-de-France du 27 juillet 2023 de suspension de l'instruction\ndu dossier de s\u00e9curit\u00e9\u00a0;\nVu les avis de la pr\u00e9fecture des Hauts-de-Seine du 12 avril 2023 et du 5 juillet 2023, l'avis de la\npr\u00e9fecture de police du 17 juillet 2023 et l'avis de la pr\u00e9fecture de Seine-Saint-Denis du 18 juillet\n2025\u00a0;\nVu l'avis du Bureau Nord Ouest du STRMTG du 18 juillet 2025.\n                                                                                                                                                                                                                               1/2\nDirection r\u00e9gionale et interd\u00e9partementale de l'environnement, de l'am\u00e9nagement et des transports d'\u00cele-de-France -\nIDF-2025-07-30-00002 - Arr\u00eat\u00e9 DRIEAT IdF n\u00b02025-0744 autorisant la mise en service du syst\u00e8me de contr\u00f4le-commande Octys VB2\nsur la ligne 9 de m\u00e9tro\n33\nARR\u00caTE\nArticle 1 Le dossier relatif \u00e0 l'\u00e9volution de l'automatisme Octys en version VB2 finale sur la ligne 9\ndu r\u00e9seau m\u00e9tro est approuv\u00e9.\nArticle 2 La circulation des rames avec les fonctionnalit\u00e9s de l'automatisme Octys en version VB2\nfinale pr\u00e9sent\u00e9es dans le dossier de s\u00e9curit\u00e9 est autoris\u00e9e.\nArticle 3 La circulation de trains non \u00e9quip\u00e9s de longueur inf\u00e9rieure \u00e0 15 m (distance de shuntage)\nest  interdite sur  la zone PAS 06 (Maraichers \u2013 Mairie de Montreuil),  cette restriction\nd'exploitation \u00e9tant mentionn\u00e9e dans le dossier de s\u00e9curit\u00e9 de l'industriel transmis aux\nservices de l'\u00c9tat. Cette restriction pourra \u00eatre lev\u00e9e suite \u00e0 la transmission pr\u00e9alable\npour information au bureau Nord-Ouest du STRMTG de la mise \u00e0 jour correspondante du\ndossier de s\u00e9curit\u00e9 de l'industriel.\nArticle 4 Pendant une p\u00e9riode de 3 mois suivant la mise en service de l'automatisme Octys version\nVB2 finale sur la ligne 9, tout \u00e9v\u00e8nement s\u00e9curitaire en lien avec l'automatisme devra \u00eatre\nsignal\u00e9 au bureau Nord-Ouest du STRMTG.\nArticle 5 La Pr\u00e9f\u00e8te, Secr\u00e9taire g\u00e9n\u00e9rale aux politiques publiques de la pr\u00e9fecture de la r\u00e9gion\nd'\u00cele-de-France et la Directrice r\u00e9gionale et interd\u00e9partementale de l'environnement, de\nl'am\u00e9nagement et des transports d'\u00cele-de-France sont charg\u00e9es, chacune en ce qui la\nconcerne,  de  l'ex\u00e9cution  du  pr\u00e9sent  arr\u00eat\u00e9  qui  sera  publi\u00e9  au  recueil  des  actes\nadministratifs de la pr\u00e9fecture de la r\u00e9gion d'\u00cele-de-France.\nFait \u00e0 Paris, le 30 juillet 2025\nPour le pr\u00e9fet de la r\u00e9gion d'\u00cele-de-France, \npr\u00e9fet de Paris, et par d\u00e9l\u00e9gation\nLa directrice r\u00e9gionale et interd\u00e9partementale de\nl'environnement, de l'am\u00e9nagement et des transports d'\u00cele-\nde-France\nSign\u00e9\nEmmanuelle GAY\n                                                                                                                                                    2/2\nDirection r\u00e9gionale et interd\u00e9partementale de l'environnement, de l'am\u00e9nagement et des transports d'\u00cele-de-France -\nIDF-2025-07-30-00002 - Arr\u00eat\u00e9 DRIEAT IdF n\u00b02025-0744 autorisant la mise en service du syst\u00e8me de contr\u00f4le-commande Octys VB2\nsur la ligne 9 de m\u00e9tro\n34","date":"2025-07-30","first_seen_on":"2025-07-30T16:48:41+00:00","id":"0bba3122af9e107a834a3c95a828f6c444061cdb3401f23005adeb4706d70841","name":"recueil-idf-056-2025-07-recueil-des-actes-administratifs-special du 30.07.2025","pdf_creation_date":"2025-07-30T15:03:43+00:00","pdf_modification_date":null,"timezone":"Europe/Paris","url":"https://www.prefectures-regions.gouv.fr/ile-de-france/irecontenu/telechargement/129932/956260/file/recueil-idf-056-2025-07-recueil-des-actes-administratifs-special%20du%2030.07.2025.pdf"}
