{"administration":"prefidf","administration_name":"Pr\u00e9fecture de la r\u00e9gion \u00cele-de-France","content":"PREFECTURE\nREGION ILE DE\nFRANCE\nRECUEIL DES ACTES\nADMINISTRATIFS SP\u00c9CIAL\n(NOMINATIFS)\nN\u00b0IDF-009-2025-09\nPUBLI\u00c9 LE  2 SEPTEMBRE 2025\nSommaire\nPr\u00e9fecture de la R\u00e9gion d'Ile de France, Pr\u00e9fecture de Paris\n-Secr\u00e9tariat g\u00e9n\u00e9ral aux moyens mutualis\u00e9s / Service des ressources\nhumaines\nIDF-2025-08-27-00031 - Arr\u00eat\u00e9 du 27 ao\u00fbt 2025\nmodifiant\nl'arr\u00eat\u00e9 pr\u00e9fectoral IDF-2025-08-08-00004 du 08 ao\u00fbt 2025\nmodifiant l'arr\u00eat\u00e9\npr\u00e9fectoral IDF-2023-07-28-00004 du 28 juillet\n2023 portant composition de la commission\nlocale d'action sociale de\nla pr\u00e9fecture de la r\u00e9gion d'Ile-de-France, pr\u00e9fecture de Paris (3\npages) Page 3\n2\nPr\u00e9fecture de la R\u00e9gion d'Ile de France,\nPr\u00e9fecture de Paris -Secr\u00e9tariat g\u00e9n\u00e9ral aux\nmoyens mutualis\u00e9s\nIDF-2025-08-27-00031\nArr\u00eat\u00e9 du 27 ao\u00fbt 2025\nmodifiant l'arr\u00eat\u00e9 pr\u00e9fectoral\nIDF-2025-08-08-00004 du 08 ao\u00fbt 2025\nmodifiant l'arr\u00eat\u00e9\npr\u00e9fectoral IDF-2023-07-28-00004 du 28 juillet\n2023 portant composition de la commission\nlocale d'action sociale de la pr\u00e9fecture de la\nr\u00e9gion d'Ile-de-France, pr\u00e9fecture de Paris\nPr\u00e9fecture de la R\u00e9gion d'Ile de France, Pr\u00e9fecture de Paris -Secr\u00e9tariat g\u00e9n\u00e9ral aux moyens mutualis\u00e9s - IDF-2025-08-27-00031 - Arr\u00eat\u00e9\ndu 27 ao\u00fbt 2025\nmodifiant l'arr\u00eat\u00e9 pr\u00e9fectoral IDF-2025-08-08-00004 du 08 ao\u00fbt 2025 modifiant l'arr\u00eat\u00e9\npr\u00e9fectoral IDF-2023-07-28-00004 du 28 juillet 2023 portant composition de la commission\nlocale d'action sociale de la pr\u00e9fecture de la r\u00e9gion d'Ile-de-France, pr\u00e9fecture de Paris\n3\nE =PREFET _DE LA REGIOND'\u00ceLE-DE-FRANCELibert\u00e9Egalit\u00e9Fraternit\u00e9\n  \n Secr\u00e9tariat g\u00e9n\u00e9ral  \naux moyens mutualis\u00e9s \nService des ressources humaines \n \n \n \nArr\u00eat\u00e9 du 27 ao\u00fbt 2025 \nmodifiant l'arr\u00eat\u00e9 pr\u00e9fectoral IDF-2025-08-08-00004 du 08 ao\u00fbt 2025 modifiant l'arr\u00eat\u00e9 \npr\u00e9fectoral IDF-2023-07-28-00004 du 28 juillet 2023 portant composition de la commission \nlocale d'action sociale de la pr\u00e9fecture de la r\u00e9gion d'Ile-de-France, pr\u00e9fecture de Paris \n \nLe pr\u00e9fet de la r\u00e9gion d'Ile-de-France, pr\u00e9fet de Paris \nCommandeur de la l\u00e9gion d'honneur \nOfficier de l'ordre national du m\u00e9rite \n \nVu la loi n\u00b0 83-634 du 13 juillet 1983 modifi\u00e9e, po rtant droits et obligations des \nfonctionnaires, notamment son article 9, ensemble l a loi n\u00b0 84-16 du 11 janvier 1984 \nmodifi\u00e9e portant statut g\u00e9n\u00e9ral de la fonction publique de l'\u00c9tat  ; \nVu le d\u00e9cret n\u00b0 2004-374 du 29 avril 2004 modifi\u00e9 r elatif aux pouvoirs des pr\u00e9fets, \u00e0 \nl'organisation et \u00e0 l'action des services de l'\u00c9tat dans les r\u00e9gions et d\u00e9partements  ; \nVu le d\u00e9cret n\u00b0 2006-21 du 6 janvier 2006 modifi\u00e9 r elatif \u00e0 l'action sociale au b\u00e9n\u00e9fice des \npersonnels de l'\u00c9tat  ; \nVu le d\u00e9cret 2009-1484 du 3 d\u00e9cembre 2009 relatif a ux directions d\u00e9partementales \ninterminist\u00e9rielles  ; \nVu le d\u00e9cret n\u00b0 2013-728 du 12 ao\u00fbt 2013 modifi\u00e9 po rtant organisation de l'administration \ncentrale du minist\u00e8re de l'int\u00e9rieur et du minist\u00e8re des outre-mer  ; \nVu le d\u00e9cret n\u00b0 2022-987 du 4 juillet 2022 portant cr\u00e9ation du comit\u00e9 social \nd'administration du personnel civil de la gendarmerie nationale  ; \nVu l'arr\u00eat\u00e9 du 31 d\u00e9cembre 2007 relatif aux correspondants de l'action sociale du minist\u00e8re \nde l'int\u00e9rieur, de l'outre-mer et des collectivit\u00e9s territoriales  ; \nVu l'arr\u00eat\u00e9 du 3 juin 2022 instituant des comit\u00e9s s ociaux d'administration au sein des \nminist\u00e8res de l'int\u00e9rieur et des outre-mer  ;  \nVu l'arr\u00eat\u00e9 du 5 septembre 2022 relatif \u00e0 la commis sion nationale d'action sociale du \nminist\u00e8re de l'Int\u00e9rieur  ; \nVu l'arr\u00eat\u00e9 du 17 octobre 2022 relatif aux commissions locales d'action sociale et au r\u00e9seau \nlocal d'action sociale du minist\u00e8re de l'Int\u00e9rieur et des outre-mer  ; \nVu l'avis \u00e9mis par la commission nationale d'action sociale lors de sa s\u00e9ance pl\u00e9ni\u00e8re du 22 \njuin 2022  ; \nVu l'arr\u00eat\u00e9 pr\u00e9fectoral du 27 juin 2023 portant cr\u00e9 ation et r\u00e9partition des si\u00e8ges \u00e0 la \ncommission locale d'action sociale de la Pr\u00e9fecture de r\u00e9gion d'\u00cele-de-France, Pr\u00e9fecture de \nParis  ; \nVu l'arr\u00eat\u00e9 pr\u00e9fectoral IDF-2023-07-28-00004 du 28 juillet 2023 modifi\u00e9 portant \ncomposition de la commission locale d'action sociale de la pr\u00e9fecture de la r\u00e9gion d'Ile-de-\nFrance, pr\u00e9fecture de Paris  ; \nVu l'arr\u00eat\u00e9 pr\u00e9fectoral IDF-2025-08-08-00004 du 08 ao\u00fbt 2025 modifiant l'arr\u00eat\u00e9 \npr\u00e9fectoral IDF-2023-07-28-00004 du 28 juillet 2023 portant composition de la commission \nlocale d'action sociale de la pr\u00e9fecture de la r\u00e9gion d'Ile-de-France, pr\u00e9fecture de Paris  ; \nVu la circulaire du 13 novembre 2009 du minist\u00e8re d e l'Int\u00e9rieur, de l'outre-mer et des \ncollectivit\u00e9s territoriales relative au budget d\u00e9concentr\u00e9 d'initiative locale ; \n \n \nSur proposition du pr\u00e9fet, secr\u00e9taire g\u00e9n\u00e9ral aux moyens mutualis\u00e9s, \nPr\u00e9fecture de la R\u00e9gion d'Ile de France, Pr\u00e9fecture de Paris -Secr\u00e9tariat g\u00e9n\u00e9ral aux moyens mutualis\u00e9s - IDF-2025-08-27-00031 - Arr\u00eat\u00e9\ndu 27 ao\u00fbt 2025\nmodifiant l'arr\u00eat\u00e9 pr\u00e9fectoral IDF-2025-08-08-00004 du 08 ao\u00fbt 2025 modifiant l'arr\u00eat\u00e9\npr\u00e9fectoral IDF-2023-07-28-00004 du 28 juillet 2023 portant composition de la commission\nlocale d'action sociale de la pr\u00e9fecture de la r\u00e9gion d'Ile-de-France, pr\u00e9fecture de Paris\n4\n  \n \nArr\u00eate : \n \nArticle 1  : \n \nConsid\u00e9rant une erreur mat\u00e9rielle affectant la ment ion de certains membres titulaires et \nmembres suppl\u00e9ants au titre du syndicat CFDT, les t ermes de l'annexe de l'arr\u00eat\u00e9 \npr\u00e9fectoral IDF-2025-08-08-00004 du 08 ao\u00fbt 2025 susvis\u00e9 sont modifi\u00e9s comme suit  : \n \n1\u00b0) au titre des membres titulaires  : \n \n- la mention \u00ab  Monsieur Charles DJAMEN (Juridictions Administratives)  \u00bb est remplac\u00e9e par \n\u00ab Madame Corinne LEBRE (PRIF)  \u00bb  \n \n2\u00b0) au titre des membres suppl\u00e9ants  : \n \n- la mention \u00ab  Madame Christine Marie ROGER (PRIF)  \u00bb est remplac\u00e9e par \u00ab  Madame \nMarjorie DEGROTT (PRIF)  \u00bb \n- la mention \u00ab  Madame Corinne LEBRE (PRIF)  \u00bb est supprim\u00e9e. \n \n \nArticle 2 : \n \nLa liste des repr\u00e9sentants du personnel si\u00e9geant \u00e0 la commission locale d'action sociale de \nla pr\u00e9fecture de la r\u00e9gion d'Ile-de-France, pr\u00e9fect ure de Paris, telle que r\u00e9sultant des \nmodifications apport\u00e9es par le pr\u00e9sent arr\u00eat\u00e9, et d es dispositions de l'arr\u00eat\u00e9 pr\u00e9fectoral \nIDF-2023-07-28-00004 du 28 juillet 2023 portant com position de la commission locale \nd'action sociale de la pr\u00e9fecture de r\u00e9gion d'Ile-d e-France figure en annexe du pr\u00e9sent \narr\u00eat\u00e9 pour information. \n \n \nArticle 3 : \n \nLe pr\u00e9fet, secr\u00e9taire g\u00e9n\u00e9ral aux moyens mutualis\u00e9s, est charg\u00e9 de l'ex\u00e9cution du pr\u00e9sent \narr\u00eat\u00e9 qui sera publi\u00e9 au recueil des actes administratifs.  \n \n \nFait \u00e0 Paris, le 27 ao\u00fbt 2025 \n \nPour le pr\u00e9fet  de la r\u00e9gion d'Ile-de-France,  \nPr\u00e9fet de Paris et par d\u00e9l\u00e9gation \n \nL'Adjoint au pr\u00e9fet, Secr\u00e9taire g\u00e9n\u00e9ral aux moyens \nmutualis\u00e9s \n \nSign\u00e9 \n \nChristophe JEAN \n \nPr\u00e9fecture de la R\u00e9gion d'Ile de France, Pr\u00e9fecture de Paris -Secr\u00e9tariat g\u00e9n\u00e9ral aux moyens mutualis\u00e9s - IDF-2025-08-27-00031 - Arr\u00eat\u00e9\ndu 27 ao\u00fbt 2025\nmodifiant l'arr\u00eat\u00e9 pr\u00e9fectoral IDF-2025-08-08-00004 du 08 ao\u00fbt 2025 modifiant l'arr\u00eat\u00e9\npr\u00e9fectoral IDF-2023-07-28-00004 du 28 juillet 2023 portant composition de la commission\nlocale d'action sociale de la pr\u00e9fecture de la r\u00e9gion d'Ile-de-France, pr\u00e9fecture de Paris\n5\n  \n \nAnnexe de l'arr\u00eat\u00e9 modifiant l'arr\u00eat\u00e9 pr\u00e9fectoral n\u00b0 IDF-2023-07-28-00004 du 28  juillet \n2023 portant composition de la commission locale d'action sociale de la pr\u00e9fecture de la \nr\u00e9gion d'Ile-de-France, pr\u00e9fecture de Paris \n \nListe des repr\u00e9sentants du personnel si\u00e9geant \u00e0 la commission locale d'action sociale de la \npr\u00e9fecture de la r\u00e9gion d'Ile-de-France, pr\u00e9fecture de Paris, telle que r\u00e9sultant des \nmodifications apport\u00e9es par le pr\u00e9sent arr\u00eat\u00e9 \n \nEn qualit\u00e9 de membres titulaires  : \n \nAu titre du Syndicat SAPACMI-UATS-UNSA  : \n- Monsieur Fran\u00e7ois FIEMS (PRIF) \n- Madame Dalila MANSOURI (PRIF) \n- Monsieur Adel ZIDI (PRIF) \n- Madame Khadija GAMRAOUI (PRIF) \n- Madame Rahima GHENAIM (PRIF) \n- Madame Nora ATTABI (PRIF) \n \nAu titre du syndicat CFDT  :  \n- Madame Fr\u00e9d\u00e9rique RENAULT (PRIF) \n- Madame C\u00e9cile CHOPIN (Gendarmerie Nationale) \n- Madame Corinne LEBRE (PRIF) \n- Madame Djamila FOURDACHON (PRIF) \n- Madame Corinne THIZON (Gendarmerie Nationale) \n \nAu titre du syndicat FSMI FO  :  \n- Madame Laurence GALMICHE (PRIF) \n- Monsieur Jean-Claude PUCCIARELLI (PRIF) \n- Madame Samia SEHILI (Gendarmerie Nationale) \n- Monsieur Francis CINQ VAL (Gendarmerie Nationale) \n \nEn qualit\u00e9 de membres suppl\u00e9ants  : \n \nAu titre du SAPACMI-UATS-UNSA  : \n- Madame Nadia TALCONE (PRIF) \n- Monsieur M. Serge NDOUMBE TANGA (PRIF) \n- Monsieur Fr\u00e9d\u00e9ric DESELVA (PRIF) \n- Madame Aline ADONAI (PRIF) \n- Madame Gina ZOZOR (PRIF) \n- Madame Jacqueline CHANDRAMOHAN (PRIF) \n \nAu titre de la CFDT  : \n- Madame Marjorie DEGROTT (PRIF) \n- Madame Claire SCALZOLARO (PRIF) \n- Mme Anne DETOURBET (PRIF) \n \nAu titre de FSMI FO  : \n- Madame Sabrina BOCCOLI (PRIF) \n- Madame Ma\u00eft\u00e9 GOBBATO (PRIF) \n- Monsieur Mokhtar BELAHCENE (PRIF) \n- Madame Sandrine DEVEUVE (PRIF). \nPr\u00e9fecture de la R\u00e9gion d'Ile de France, Pr\u00e9fecture de Paris -Secr\u00e9tariat g\u00e9n\u00e9ral aux moyens mutualis\u00e9s - IDF-2025-08-27-00031 - Arr\u00eat\u00e9\ndu 27 ao\u00fbt 2025\nmodifiant l'arr\u00eat\u00e9 pr\u00e9fectoral IDF-2025-08-08-00004 du 08 ao\u00fbt 2025 modifiant l'arr\u00eat\u00e9\npr\u00e9fectoral IDF-2023-07-28-00004 du 28 juillet 2023 portant composition de la commission\nlocale d'action sociale de la pr\u00e9fecture de la r\u00e9gion d'Ile-de-France, pr\u00e9fecture de Paris\n6","date":"2025-09-02","first_seen_on":"2025-09-02T17:00:28+00:00","id":"0c31b585a5e36d8f5e0259654990b9136dcc9bab5f80d01356f9f2e46a6c434c","name":"recueil-idf-009-2025-09-RAA-nominatifs du 02.09.2025","pdf_creation_date":"2025-09-02T15:35:19+00:00","pdf_modification_date":null,"timezone":"Europe/Paris","url":"https://www.prefectures-regions.gouv.fr/ile-de-france/irecontenu/telechargement/130635/960642/file/recueil-idf-009-2025-09-RAA-nominatifs%20du%2002.09.2025.pdf"}
