{"administration":"pref50","administration_name":"Pr\u00e9fecture de la Manche","content":"RECUEIL DES ACTES\nADMINISTRATIFS\nDE LA MANCHE\nDOCUMENTATION\nET\nINFORMATIONS\nJANVIER 2024\nNUMERO SPECIAL N\u00b0 09\nLe contenu int\u00e9gral des textes et/ou les documents et plans annex\u00e9s\npeut \u00eatre consult\u00e9 aupr\u00e8s du service sous le timbre duquel la publication\nest r\u00e9alis\u00e9e et sur le site Internet de la pr\u00e9fecture :\nhttp://www.manche.gouv.fr\nRubrique : Publications - Annonces et avis - Recueil des actes administratifs\n\nS O M M A I R E\nDIRECTION DEPARTEMENTALE DE L'EMPLOI, DU TRAVAIL ET DES SOLIDARITES.....................................................................................2\nAvenant du 19 janvier 2024 \u00e0 l'arr\u00eat\u00e9 du 4 ao\u00fbt 2020 fixant la composition de la commission d\u00e9partementale d'agr\u00e9ment des \nmandataires judiciaires \u00e0 la protection des majeurs...................................................................................................................................................2\nDIRECTION DEPARTEMENTALE DES TERRITOIRES ET DE LA MER.................................................................................................................2\nArr\u00eat\u00e9 n\u00b0 DDTM -DIR- 2024-01 du 23 janvier 2024 donnant subd\u00e9l\u00e9gation de signature de Mme Martine CAVALLERA-LEVI \u00e0 certains \nde ses collaborateurs...................................................................................................................................................................................................2\nDIVERS........................................................................................................................................................................................................................8\nDSDEN - DIRECTION DES SERVICES D\u00c9PARTEMENTAUX DE L'EDUCATION NATIONALE DE LA MANCHE............................................................................8\nArr\u00eat\u00e9 du 22 janvier 2024 annulant et rempla\u00e7ant l'arr\u00eat\u00e9 du 22 septembre 2023 portant d\u00e9signation des membres du comit\u00e9 social \nd'administration sp\u00e9cial d\u00e9partemental et des membres de la formation sp\u00e9cialis\u00e9e du comit\u00e9 social d'administration sp\u00e9cial \nd\u00e9partemental de la direction des services d\u00e9partementaux de l'\u00e9ducation nationale de la Manche........................................................................8\n\uf0bf\nDIRECTION DEPARTEMENTALE DE L'EMPLOI, DU TRAVAIL ET DES SOLIDARITES\nAvenant du 19 janvier 2024 \u00e0 l'arr\u00eat\u00e9 du 4  ao\u00fbt 2020 fixant la composition de la commission d\u00e9partementale d'agr\u00e9ment des\nmandataires judiciaires \u00e0 la protection des majeurs\nArt. 1 : l'alin\u00e9a 6 de l'article 2 de l'arr\u00eat\u00e9 du 4 ao\u00fbt 2020 fixant la composition de la commission d\u00e9partementale d'agr\u00e9ment des mandataires\njudiciaires \u00e0 la protection des majeurs est modifi\u00e9 comme suit :\n6\u00b0 - au titre des repr\u00e9sentants des d\u00e9l\u00e9gu\u00e9s \u00e0 la protection juridique des majeurs exer\u00e7ant dans un service mandataire :\n- Mme Corinne DALSORG, d\u00e9l\u00e9gu\u00e9e \u00e0 la protection juridique des majeurs \u00e0 l'UDAF de la Manche, titulaire en remplacement de Mme Nadine\nLAUNAY.\n- Mme Chantal LEMARCHAND d\u00e9l\u00e9gu\u00e9e \u00e0 la protection juridique des majeurs \u00e0 l'ATMP de la Manche, suppl\u00e9ante.\nArt. 2 : le pr\u00e9sent arr\u00eat\u00e9 peut faire l'objet d'un recours administratif, soit gracieux aupr\u00e8s du Pr\u00e9fet de la Manche, soit hi\u00e9rarchique aupr\u00e8s de la\nMinistre des Solidarit\u00e9s et des Familles, dans les deux mois suivant sa publication. Un recours contentieux peut \u00eatre d\u00e9pos\u00e9 aupr\u00e8s du tribunal\nadministratif de Caen, \u00e9galement dans un d\u00e9lai de deux mois \u00e0 compter de la publication, ou dans le d\u00e9lai de deux mois \u00e0 partir de la r\u00e9ponse\nde l'administration si un recours administratif a \u00e9t\u00e9 d\u00e9pos\u00e9. L'absence de r\u00e9ponse de l'administration au terme d'un d\u00e9lai de deux mois vaut\nrejet implicite.  Le tribunal  administratif  peut-\u00eatre saisi par  l'application informatique  \u00abt\u00e9l\u00e9recours  citoyens\u00bb  accessible  par le site internet\nwww.telerecours.fr/. \nArt. 3 :Le pr\u00e9sent arr\u00eat\u00e9 sera publi\u00e9 au recueil des actes administratifs de la pr\u00e9fecture de la Manche.\nSign\u00e9 : Pour le Pr\u00e9fet, la Secr\u00e9taire g\u00e9n\u00e9rale : Perrine SERRE\n\uf0bf\nDIRECTION DEPARTEMENTALE DES TERRITOIRES ET DE LA MER\nArr\u00eat\u00e9 n\u00b0 DDTM -DIR- 2024-01 du 23 janvier 2024 donnant subd\u00e9l\u00e9gation de signature de Mme Martine CAVALLERA-LEVI \u00e0 certains de\nses collaborateurs\nVu le d\u00e9cret n\u00b02004-374 du 29 avril 2004 modifi\u00e9, relatif aux pouvoirs des pr\u00e9fets, \u00e0 l'organisation et \u00e0 l'action des services de l'\u00c9tat dans les\nr\u00e9gions et d\u00e9partements ; \nVu le d\u00e9cret n\u00b02008-158 du 22 f\u00e9vrier 2008 relatif \u00e0 la suppl\u00e9ance des pr\u00e9fets de r\u00e9gion et \u00e0 la d\u00e9l\u00e9gation de signature des pr\u00e9fets, hauts-\ncommissaires de la r\u00e9publique en Polyn\u00e9sie fran\u00e7aise et en Nouvelle-Cal\u00e9donie ; \nVu le d\u00e9cret n\u00b02009-1484 du 3 d\u00e9cembre 2009 relatif aux directions d\u00e9partementales interminist\u00e9rielles ; \nVu la circulaire du 5 mars 2008 du ministre de l'int\u00e9rieur, de l'outre-mer et des collectivit\u00e9s territoriales, portant sur la modification du r\u00e9gime de\nd\u00e9l\u00e9gation de signature des pr\u00e9fets ;\nVu la circulaire du premier ministre n\u00b05389/SG du 15 juin 2009 relative \u00e0 la r\u00e9forme de l'administration territoriale de la mer et du littoral ;\nVu l'arr\u00eat\u00e9 du Premier ministre et du ministre de l'int\u00e9rieur du 14 janvier 2022 portant nomination de Mme Marianne PIQUERET, en qualit\u00e9 de\ndirectrice d\u00e9partementale adjointe des territoires et de la mer, d\u00e9l\u00e9gu\u00e9e \u00e0 la mer et au littoral de la Manche ;\nVu l'arr\u00eat\u00e9 de la Premi\u00e8re ministre et du ministre de l'int\u00e9rieur et des outre-mer du 28 avril 2023 portant nomination de M. Pierre-Arnaud\nMARTIN, en qualit\u00e9 de directeur d\u00e9partemental adjoint des territoires et de la mer de la Manche ; \nVu l'arr\u00eat\u00e9 pr\u00e9fectoral du 4 janvier 2010 modifi\u00e9 portant organisation de la direction d\u00e9partementale des territoires et de la mer de la Manche ; \nVu l'arr\u00eat\u00e9 pr\u00e9fectoral  n\u00b0 2024-05-VN du 22 janvier  2024 donnant  d\u00e9l\u00e9gation de signature \u00e0 Mme Martine CAVALLERA-LEVI,  directrice\nd\u00e9partementale des territoires et de la mer de la Manche ;\nArt. 1 : Subd\u00e9l\u00e9gation de signature est donn\u00e9e \u00e0 :\nM. Pierre-Arnaud MARTIN, attach\u00e9 d'administration de l'Etat hors classe, directeur d\u00e9partemental adjoint des territoires et de la mer de la\nManche, \u00e0 l'effet de signer toutes correspondances administratives, arr\u00eat\u00e9s, d\u00e9cisions portant sur les mati\u00e8res \u00e9num\u00e9r\u00e9es en annexe de la\nd\u00e9l\u00e9gation de signature n\u00b0 2023-89-VN du 31 ao\u00fbt 2023 conf\u00e9r\u00e9e \u00e0 Mme Martine CAVALLERA-LEVI.\nMme Marianne PIQUERET, ing\u00e9nieure des travaux publics de l'\u00c9tat Hors Classe, directrice d\u00e9partementale adjointe des territoires et de la mer,\nd\u00e9l\u00e9gu\u00e9e \u00e0 la mer et au littoral de la Manche, \u00e0 l'effet de signer toutes correspondances administratives, arr\u00eat\u00e9s, d\u00e9cisions portant sur les\nmati\u00e8res \u00e9num\u00e9r\u00e9es en annexe de la d\u00e9l\u00e9gation de signature n\u00b0 2023-89-VN du 31 ao\u00fbt 2023 conf\u00e9r\u00e9e \u00e0 Mme Martine CAVALLERA-LEVI.\nArt. 2  :  Subd\u00e9l\u00e9gation de signature est donn\u00e9e aux personnes d\u00e9sign\u00e9es ci-apr\u00e8s dans la limite des r\u00e9f\u00e9rences indiqu\u00e9es pour chacun et\nfigurant en annexe de la d\u00e9l\u00e9gation de signature n\u00b0 2023-89-VN du 31 ao\u00fbt 2023 conf\u00e9r\u00e9e \u00e0 Mme Martine CAVALLERA-LEVI.\nDirection \nPersonnes concern\u00e9es Service/unit\u00e9 D\u00e9l\u00e9gations consenties\nMme Cassandre SIMON attach\u00e9e d'administration,\nen tant que charg\u00e9e de mission juridique.\nDIR/JUR Administration et organisation g\u00e9n\u00e9rale\nA1-b1 \u00e0 A1-b2, A1-d1\nService Expertise Territoriale Risques et S\u00e9curit\u00e9\nPersonnes concern\u00e9es Service/unit\u00e9 D\u00e9l\u00e9gations consenties\nM.  Erwan  BLONDEL,  architecte  urbaniste  de\nl'\u00c9tat,\nen tant que chef du service Expertise Territoriale\nSETRIS/DIR Administration et organisation g\u00e9n\u00e9rale\nparagraphe 1 de A1-a1\nA1-b1 (uniquement pour le r\u00e8glement des litiges r\u00e9gis\nPersonnes concern\u00e9es Service/unit\u00e9 D\u00e9l\u00e9gations consenties\nRisques et S\u00e9curit\u00e9. par convention du 2/02/93)\nparagraphe 1 de A1-d1\n\u00c9ducation et circulation routi\u00e8res, transports\nA3-a1 \u00e0 A3-d1\nAm\u00e9nagement et urbanisme\nA5-a6 et A5-a7\ndans le cadre des astreintes : Transports\nA3-c4\nMme  Marianne  LECONTE,  ing\u00e9nieure  des\ntravaux publics de l'\u00c9tat,\nen tant que responsable de l'unit\u00e9 gestion des\nconnaissances.\nSETRIS/GC Administration et organisation g\u00e9n\u00e9rale\nparagraphe 1 de A1-a1\nMme Alexandra ISKRA, d\u00e9l\u00e9gu\u00e9e au permis de conduire\net \u00e0 la s\u00e9curit\u00e9 routi\u00e8re,\nen tant que responsable de l'unit\u00e9 \u00e9ducation routi\u00e8re.\nEn cas d'absence ou d'emp\u00eachement de Mme Alexandra\nISKRA,  la d\u00e9l\u00e9gation  qui  lui est  conf\u00e9r\u00e9e est donn\u00e9e  \u00e0\nMme Nathalie BRIDEL, inspecteur du permis de conduire\nen tant qu'adjointe de l'unit\u00e9 \u00c9ducation Routi\u00e8re.\nSETRIS/ER Administration et organisation g\u00e9n\u00e9rale\nparagraphe 1 de A1-a1\n\u00c9ducation routi\u00e8re\nA3-a1 \u00e0 A3-a3\nMme Ana\u00efs KOELZ, attach\u00e9e principale  d'administration\nde l'\u00c9tat,\nen tant que responsable de l'unit\u00e9 S\u00e9curit\u00e9 Routi\u00e8re.\nEn  cas  d'absence  ou  d'emp\u00eachement  de  Mme  Ana\u00efs\nKOELZ, la d\u00e9l\u00e9gation qui lui est conf\u00e9r\u00e9e est donn\u00e9e \u00e0\nMme M\u00e9lanie LEFRANCOIS  secr\u00e9taire administrative de\nclasse  sup\u00e9rieure, en tant qu'adjointe de l'unit\u00e9 S\u00e9curit\u00e9\nRouti\u00e8re.\nSETRIS/SR Administration et organisation g\u00e9n\u00e9rale\nparagraphe 1 de A1-a1\nA1-b2\n\u00c9ducation et circulation routi\u00e8res, transports\nA3-b1 \u00e0 A3-c1\nA3-c3 \u00e0 A3-d1\nM. Pierre-Henri BAZIN,  ing\u00e9nieur  des  travaux  publics  de\nl'\u00c9tat,\nen tant que responsable de l'unit\u00e9 risques et soutien crise.\nEn  cas  d'absence  ou  d'emp\u00eachement  de  M. Pierre-\nHenri BAZIN, la d\u00e9l\u00e9gation qui lui est conf\u00e9r\u00e9e est donn\u00e9e\n\u00e0  Mme  Lydie  MARC,  technicien  sup\u00e9rieur  en  chef  du\nd\u00e9veloppement  durable,  en  tant  qu'adjointe  \u00e0  la\nresponsable de l'unit\u00e9.\nSETRIS/RISC Administration et organisation g\u00e9n\u00e9rale\nparagraphe 1 de A1-a1\n\u00c9ducation et circulation routi\u00e8res, transports\nA3-c2 \u00e0 A3-d1\ndans le cadre des astreintes : Transports\nA3-c4\nService Am\u00e9nagement Durable des Territoires\nPersonnes concern\u00e9es Service/unit\u00e9 D\u00e9l\u00e9gations consenties\nM. R\u00e9mi POCHEZ ing\u00e9nieur des ponts, des eaux\net des for\u00eats,\nen  tant  que  chef  du  service  Am\u00e9nagement\nDurable des Territoires \nSADT/DIR Administration et organisation g\u00e9n\u00e9rale\nparagraphe  1  de  A1-a1,  A1-b1  (uniquement  pour  le\nr\u00e8glement des litiges r\u00e9gis par convention du 2/02/93)\nparagraphe 1 de A1-d1, A1-e1\nConstruction\nA4-d1 et A4-e1\nAm\u00e9nagement et urbanisme\nA5-a1 \u00e0 A5-a4, A5-a8, A5-a10 \u00e0 A5-c1, A5-d1\nA5-f1 \u00e0 A5-g1, A5-i1 \u00e0 A5-i5, \nA5-j1, A5-j2 uniquement b), A5-j3 \nIng\u00e9nierie publique\nA6-a1 et A6-b1\nSubventions d'investissement \nA10-a1 et A10-b1\ndans le cadre des astreintes : Transports\nA3-c4\nM.  Jean-Michel  MARC,  ing\u00e9nieur  des  travaux\npublics de l'\u00c9tat,\nen tant qu' adjoint au chef du SADT.\nSADT/DIR Administration et organisation g\u00e9n\u00e9rale\nparagraphe 1 de A1-a1\nparagraphe 1 de A1-d1\nConstruction\nA4-d1 et A4-e1\nAm\u00e9nagement et urbanisme\nA5-a1 \u00e0 A5-a4\nA5-a8, A5-a10 \u00e0 A5-c1, A5-d1\nA5-i1 \u00e0 A5-i4, \nPersonnes concern\u00e9es Service/unit\u00e9 D\u00e9l\u00e9gations consenties\nA5-j1, A5-j2 uniquement b), A5-j3 \nSubventions d'investissement \nA10-a1 et A10-b1\nM.  Gilles  BERREE,  ing\u00e9nieur  divisionnaire  des\ntravaux publics de l'\u00c9tat,\nen tant que responsable de l'unit\u00e9 droits des sols\net fiscalit\u00e9 de l'am\u00e9nagement.\nSADT/ DSFA Administration et organisation g\u00e9n\u00e9rale\nparagraphe 1 de A1-a1\nAm\u00e9nagement et urbanisme\nA5-a3, A5-a8 \nA5-b1 \u00e0 A5-b7\nA5-d1\nMme  Anne-Marie  BASNIER,  secr\u00e9taire\nd'administration et de contr\u00f4le du d\u00e9veloppement\ndurable  de  classe  normale,  en  tant  que\nresponsable  du  p\u00f4le  instruction  ADS  au\nSADT/DSFA \nSADT/ DSFA Am\u00e9nagement et urbanisme \nA5-b1 \u00e0 A5-b6\nA5-d1 \u00e0 A5-e1 ; A5-k1 \nMme  Nathalie  FERRAND,  attach\u00e9e\nd'administration,\nen tant que responsable de l'unit\u00e9 qualit\u00e9 de la construction.\nSADT/QC Administration et organisation g\u00e9n\u00e9rale\nparagraphe 1 de A1-a1\nConstruction\nA4-d1\nAm\u00e9nagement et urbanisme\nA5-i1, A5-i2, A5-j1 \nIng\u00e9nierie publique\nA6-a1 et A6-b1\nMme  C\u00e9cile  LEPETIT,  technicien  sup\u00e9rieur  en  chef  du\nd\u00e9veloppement durable,\nen tant que responsable de la fili\u00e8re accessibilit\u00e9.\nSADT/QC Am\u00e9nagement et urbanisme\nA5-i2\nM. Bernard LEPETIT, technicien sup\u00e9rieur en chef\ndu d\u00e9veloppement durable,\nen  tant  que  responsable  de  la  fili\u00e8re  qualit\u00e9\nb\u00e2timent.\nSADT/QC  Construction\nA4-d2\nM.  Jean  Michel  MARC,  ing\u00e9nieur  des  travaux\npublics de l'\u00c9tat,\nen  tant  que  responsable  de  l'unit\u00e9\naccompagnement des territoires et planification\nSADT/ATeP Administration et organisation g\u00e9n\u00e9rale\nparagraphe 1 de A1-a1\nService Environnement\nPersonnes concern\u00e9es Service/unit\u00e9 D\u00e9l\u00e9gations consenties\nM. Olivier CATTIAUX, ing\u00e9nieur divisionnaire de\nl'agriculture et de l'environnement, \nen tant que chef du service environnement.\nEn  cas  d'absence  ou  d'emp\u00eachement  de  M.\nOlivier  CATTIAUX,  la  d\u00e9l\u00e9gation  qui  lui  est\nconf\u00e9r\u00e9e  est  donn\u00e9e  \u00e0  M.  Laurent  VATTIER,\ning\u00e9nieur  divisionnaire  de  l'agriculture  et  de\nl'environnement,  except\u00e9  pour  la  partie\n\u00ab transports \u00bb\nSE/DIR Administration et organisation g\u00e9n\u00e9rale\nparagraphe 1 de A1-a1\nA1-b1 (uniquement pour le r\u00e8glement des litiges r\u00e9gis\npar convention du 2/02/93)\nparagraphe 1 de A1-d1\nA1-e1\nGestion et conservation du domaine public\nA2-c4, A2-c9, A2-c10 et A2-d1\nAm\u00e9nagement et urbanisme\nA5-h1, A5-k1 , A5-n1\nIng\u00e9nierie publique\nA6-a1 et A6-b1\nEnvironnement\nA8-a1 \u00e0 A8-h1\ndans le cadre des astreintes : Transports\nA3-c4\nMme  Nathalie  LETELLIER,  attach\u00e9e\nd'administration de l'\u00c9tat,\nen tant que charg\u00e9e de mission MISEN.\nSE/DIR Environnement\nA8-a10\nM. Victor PICCIOLI, ing\u00e9nieur des travaux publics\nde l'\u00c9tat,\nen tant que responsable de la mission barrage de\nla S\u00e9lune\nSE/MBS Administration et organisation g\u00e9n\u00e9rale\nparagraphe 1 de A1-a1\nIng\u00e9nierie publique\nA6-a1, A6-b1\nM. Laurent VATTIER, ing\u00e9nieur divisionnaire de Administration et organisation g\u00e9n\u00e9rale\nPersonnes concern\u00e9es Service/unit\u00e9 D\u00e9l\u00e9gations consenties\nl'agriculture et de l'environnement,\nen tant que responsable de l'unit\u00e9 for\u00eat, nature et\nbiodiversit\u00e9.\nSE/FNB paragraphe 1 de A1-a1\nEnvironnement\nA8-a9\nChasse, For\u00eat, Biodiversit\u00e9\n A8-c1 \u00e0 A8-e1 et A8-h1\nMme  Barbara  TREMARE,  attach\u00e9e  d'administration  de\nl'\u00c9tat,\nen tant que responsable de l'unit\u00e9 protection de la ressource\net am\u00e9nagement.\nSE/ PRA Administration et organisation g\u00e9n\u00e9rale\nparagraphe 1 de A1-a1\nAm\u00e9nagement et urbanisme\nA5-h1, A5-k1\nA5-n1\nEnvironnement\nA8-a2, A8-a4 \u00e0 A8-a9 et A8-h1\nGestion des services publics d'eau et assainissement\nA8-g1\nM.  Yann  DUWELZ,  ing\u00e9nieur  des  travaux\nm\u00e9t\u00e9orologiques,\nen tant que responsable de l'unit\u00e9 Eaux et Milieux\nAquatiques.\nSE/ EMA Administration et organisation g\u00e9n\u00e9rale\nparagraphe 1 de A1-a1\nGestion et conservation du domaine public\nA2-c4, A2-c9, A2-c10 et A2-d1\nEnvironnement\nA8-a1 \u00e0 A8-a7, A8-a9, A8-b1, \nA8-f1 et A8-h1\nService Habitat\nPersonnes concern\u00e9es Service/unit\u00e9 D\u00e9l\u00e9gations consenties\nM Eric MARIE, attach\u00e9 d'administration de l'Etat\nen tant que chef du service habitat par int\u00e9rim.\nSH/DIR Administration et organisation g\u00e9n\u00e9rale\nparagraphe 1 de A1-a1\nparagraphe 1 de A1-d1 et A1-e1\nConstruction\nA4-a1 \u00e0 A4-c5 et A4-e1\ndans le cadre des astreintes : Transports\nA3-c4\nAm\u00e9nagement et urbanisme \nA5-c2 \u00e0 A5-c3\nM.  St\u00e9phane  HEARD,  ing\u00e9nieur  des  travaux  publics  de\nl'\u00c9tat,\nen tant  que chef de l'unit\u00e9 politique de l'habitat social et\nrenouvellement urbain\nSH/PHSRU Administration et organisation g\u00e9n\u00e9rale\nparagraphe 1 de A1-a1\nConstruction\nA4-a1, A4-a6 \u00e0 A4-a7,\nA4-a11 - A4-a17\nA4-b2 \u00e0 A4-b4, A4-e1\nAm\u00e9nagement et urbanisme \nA5-c2 \u00e0 A5-c3\nMme Chantal  BALNY,  secr\u00e9taire administrative de classe\nsup\u00e9rieure\nen  tant  que  charg\u00e9e  de  projet,  suivi  politique  attribution\nlogements sociaux\nAm\u00e9nagement et urbanisme \nA5-c2 \u00e0 A5-c3\nM. Eric MARIE, attach\u00e9 d'administration de l'Etat\nen tant que chef de l'unit\u00e9 habitat et territoires.\nSH/HT Administration et organisation g\u00e9n\u00e9rale\nparagraphe 1 de A1-a1\nConstruction\nA4-a1, A4-a6 \u00e0 A4-a7,\nA4-a11 - A4-a17\nA4-b2 \u00e0 A4-b4, A4-e1\nAm\u00e9nagement et urbanisme \nA5-c2 \u00e0 A5-c3\nService \u00c9conomie Agricole et des territoires\nPersonnes concern\u00e9es Service/unit\u00e9 D\u00e9l\u00e9gations consenties\nMme  SIMON  Catherine,  inspecteur  en  chef  de  sant\u00e9\npublique v\u00e9t\u00e9rinaire,\nen  tant  que  cheffe  du  service  \u00e9conomie  agricole  et  des\nterritoires.\nEn cas d'absence ou d'emp\u00eachement de Mme SIMON, la\nd\u00e9l\u00e9gation qui lui est conf\u00e9r\u00e9e est donn\u00e9e \u00e0 Mme Sylviane\nROLLAND, ing\u00e9nieure de l'agriculture et de l'environnement,\nen tant qu'adjointe \u00e0 la cheffe du service,  except\u00e9 pour la\npartie\nSEAT/DIR Administration et organisation g\u00e9n\u00e9rale\nparagraphe 1 de A1-a1\nparagraphe 1 de A1-d1\n A1-e1\nProduction-organisation \u00e9conomique et conjoncture\nA9-a1 \u00e0 A9-n1\nSubventions d'investissement \nA10-a1 et A10-b1\ndans le cadre des astreintes : Transports\nPersonnes concern\u00e9es Service/unit\u00e9 D\u00e9l\u00e9gations consenties\n\u00ab transports \u00bb\nEn cas d'absence ou d'emp\u00eachement de Mme SIMON et de\nMme Sylviane ROLLAND, la d\u00e9l\u00e9gation qui leur est conf\u00e9r\u00e9e\nest  donn\u00e9e  \u00e0  Marie-Catherine  MONIER,  ing\u00e9nieure\ndivisionnaire de l'agriculture et de l'environnement en tant\nque cheffe d'unit\u00e9 des aides directes, except\u00e9 pour la partie\n\u00ab transports \u00bb.\nA3-c4\nMme Marie-Catherine MONIER, ing\u00e9nieure divisionnaire de\nl'agriculture et de l'environnement, \nen tant que responsable de l'unit\u00e9 aides directes.\nSEAT/ aides directes Administration et organisation g\u00e9n\u00e9rale\nparagraphe 1 de A1-a1\nA1-e1\nProduction-organisation \u00e9conomique et conjoncture\nA9-a1 \u00e0 A9-o1\nSubventions d'investissement \nA10-a1 et A10-b1\nM. Pascal BRUN, ing\u00e9nieur divisionnaire de l'agriculture et\nde l'environnement,\nen  tant  que  responsable  de  l'unit\u00e9  Projets  et  Vie  des\nExploitations Agricoles.\nSEAT/ PVEA Administration et organisation g\u00e9n\u00e9rale\nparagraphe 1 de A1-a1, \nA1-e1\nProduction-organisation \u00e9conomique et conjoncture\nA9-a1 \u00e0 A9-o1\nSubventions d'investissement \nA10-a1 et A10-b1\nService mer et littoral\nPersonnes concern\u00e9es Service/unit\u00e9 D\u00e9l\u00e9gations consenties\nMme  Anna  MILESI  administrateur  principal  des  affaires\nmaritimes,\nen tant que cheffe du service mer et littoral, \nEn cas d'absence ou d'emp\u00eachement de Mme MILESI, la\nd\u00e9l\u00e9gation  qui  lui  est  conf\u00e9r\u00e9e  est  donn\u00e9e  \u00e0 H\u00e9l\u00e8ne\nVIDEAU administratrice 2 \u00e8me classe des affaires maritimes,\nen tant que responsable du p\u00f4le affaires maritimes except\u00e9\npour la partie \u00ab transports \u00bb \nSML/DIR Administration et organisation g\u00e9n\u00e9rale\nparagraphe 1 de A1-a1\nparagraphe 1 de A1-d1 ;A1-e1\nGestion et conservation du domaine public\nA2-b2 \u00e0 A2-b5\nA2-b7 \u00e0 A2-b9\nA2-b11 \nA2-d1\nAm\u00e9nagement et urbanisme\nA5-e1\nDomaine maritime\nA7-a1 \u00e0 A7-j1\nEnvironnement\nA8-a1 \u00e0 A8-a7, A8-f1 et A8-h1, A8-a9\ndans le cadre des astreintes : Transports\nA3-c4\nM.  Laurent  de  FARCY  de  PONTFARCY,  ing\u00e9nieur  des\ntravaux publics de l'\u00c9tat,  en tant que responsable du p\u00f4le\ngestion du littoral\nEn cas d'absence  ou d'emp\u00eachement  de M. Laurent  de\nFARCY de PONTFARCY, la d\u00e9l\u00e9gation qui lui est conf\u00e9r\u00e9e\nest donn\u00e9e  \u00e0 M. Ludovic PESNEL, technicien sup\u00e9rieur de\nla m\u00e9t\u00e9orologie, en tant que adjoint au responsable du p\u00f4le\ngestion du littoral,\nSML/ p\u00f4le GL Administration et organisation g\u00e9n\u00e9rale\nparagraphe 1 de A1-a1\nA1-e1\nGestion et conservation du domaine public\nA2-b2 \u00e0 a2-b4a et A2-b5\nA2-b7 \u00e0 A2-b9, A2-b11, A2-d1\nAm\u00e9nagement et urbanisme\nA5-e1\nEnvironnement\nA8-a1 \u00e0 A8-a7, A8-f1 et A8-h1, A8-a9\nMme V\u00e9ronique LE BRIS,  ing\u00e9nieure des travaux publics\nde l'\u00c9tat,\nen tant que responsable du p\u00f4le Cultures Marines.\nSML / p\u00f4le CM Administration et organisation g\u00e9n\u00e9rale\nparagraphe 1 de A1-a1\nA1-e1\nDomaine maritime\nA7-e1 \u00e0 A7-e4\nMme  H\u00e9l\u00e8ne  VIDEAU,  administratrice  2\u00e8me classe  des\naffaires maritimes, en tant que responsable du p\u00f4le affaires\nmaritimes\nEn cas d'absence ou d'emp\u00eachement de Mme VIDEAU la\nd\u00e9l\u00e9gation qui lui est conf\u00e9r\u00e9e est donn\u00e9e \u00e0 Mme R\u00e9gine\nTAVERNIER,  secr\u00e9taire d'administration et de contr\u00f4le du\nd\u00e9veloppement durable de classe exceptionnelle,  en tant\nqu'adjointe au responsable du p\u00f4le Affaires Maritimes pour\nla partie administration et organisation g\u00e9n\u00e9rale\nuniquement pour la partie administration g\u00e9n\u00e9rale et A7-c2\n\u00e0 A7-e2 du domaine maritime.\nSML/\np\u00f4le AM \nAdministration et organisation g\u00e9n\u00e9rale\nparagraphe 1 de A1-a1\nA1-e1\nGestion et conservation du domaine public\nA2-d1\nDomaine maritime\nA7-a1 \u00e0 A7-a2\n A7-c1 \u00e0 A7-e2 \nA7-g1 \u00e0 A7-g6\nA7-i1 \u00e0 A7-i2\nMme R\u00e9gine TAVERNIER, secr\u00e9taire d'administration et de\ncontr\u00f4le  du  d\u00e9veloppement  durable  de  classe\nexceptionnelle, en tant que responsable du bureau p\u00eaches\nSML/ p\u00f4le AM Administration et organisation g\u00e9n\u00e9rale\nparagraphe 1 de A1-a1, A1-e1\nPersonnes concern\u00e9es Service/unit\u00e9 D\u00e9l\u00e9gations consenties\net r\u00e9glementation des usages.\nM.  Morgan  GARNAUD,  technicien  sup\u00e9rieur  en  chef  du\nd\u00e9veloppement durable en tant que responsable de l'unit\u00e9\nlittorale des affaires maritimes\nSML/ p\u00f4le AM Administration et organisation g\u00e9n\u00e9rale\nparagraphe 1 de A1-a1, A1-e1\nM. Fran\u00e7ois MONTAGNE, capitaine de port de 2\u00e8 classe ,\nen  tant  que  commandant  de  la  capitainerie  du  port  de\nCherbourg.\nEn cas d'absence ou d'emp\u00eachement de M. MONTAGNE,\nla d\u00e9l\u00e9gation qui lui est conf\u00e9r\u00e9e est donn\u00e9e \u00e0 Jean-Luc\nMONIN,  lieutenant  de  port  1\u00e8re  classe,  en  tant  que\ncommandant  adjoint  de  la  capitainerie  du  port  de\nCherbourg par int\u00e9rim.\nSML/\nCapitainerie\nAdministration et organisation g\u00e9n\u00e9rale\nparagraphe 1 de A1-a1\nA1-e1\nD\u00e9l\u00e9gations Territoriales\nPersonnes concern\u00e9es Service/unit\u00e9 D\u00e9l\u00e9gations consenties\nMme  Yannick  L\u00dcTHI-MAIRE,  ing\u00e9nieure divisionnaire des\ntravaux publics de l'\u00c9tat,\nen tant que responsable de la d\u00e9l\u00e9gation territoriale Nord.\nMme Isabelle VERON , attach\u00e9e principale d'administration\nde l'\u00c9tat,\nen tant que responsable de la d\u00e9l\u00e9gation territoriale Centre\nMme Sandra GRIDAINE, attach\u00e9e principale d'administration de\nl'\u00c9tat,\nen tant que responsable de la d\u00e9l\u00e9gation territoriale Sud. \nDT Nord\nDT Centre\nDT Sud\nAdministration et organisation g\u00e9n\u00e9rale\nparagraphe 1 de A1-a1\nGestion et conservation du domaine public\nA2-b2 \u00e0 A2-b4a\nParagraphe 1 de A2-b7 \u2013 A2-b8\nA2-b9 et A2-b11\nA2-c4 ;A2-d1\nAm\u00e9nagement et urbanisme \nA5-d1 \u00e0 A5-e1 ; A5-k1 \n dans le cadre des astreintes : Transports\nA3-c4 \nMme Laura ROSSEMAN, ing\u00e9nieure des travaux publics de\nl'\u00c9tat,\nen tant qu'adjointe au chef de la d\u00e9l\u00e9gation territoriale Nord, \nMme  Patricia  STAB,  secr\u00e9taire  d'administration  et  de\ncontr\u00f4le  du  d\u00e9veloppement  durable  de  classe\nexceptionnelle,\nen  tant  qu'adjointe  au  chef  de  la  d\u00e9l\u00e9gation  territoriale\nCentre,\nMme Corinne TESNIERE, attach\u00e9e  d'administration de l'\u00c9tat,\nen  cas  d'absence  d'absence  ou  d'emp\u00eachement  de  Mme\nIsabelle  VERON,  responsable  de  la  d\u00e9l\u00e9gation  territoriale\nCentre,\nM. Thierry DURAND, attach\u00e9 d'administration de l'\u00c9tat,\nen tant que charg\u00e9 de mission adaptation au changement\nclimatique \u00e0 la DT Sud,\nM.  S\u00e9bastien  MAZIERES,  ing\u00e9nieur  de  l'agriculture  et  de\nl'environnement,  en  cas  d'absence  d'absence  ou\nd'emp\u00eachement de Mme Sandra GRIDAINE, responsable de la\nd\u00e9l\u00e9gation territoriale Sud.\nDT Nord\nDT Centre\nDT Centre\nDT Sud\nDT Sud\nAdministration et organisation g\u00e9n\u00e9rale\nparagraphe 1 de A1-a1\nGestion et conservation du domaine public\nA2-b2 \u00e0 A2-b4a\nParagraphe 1 de A2-b7 \u2013 A2-b8\nA2-b9 et A2-b11\nA2-c4 ;A2-d1\nAm\u00e9nagement et urbanisme \nA5-d1 \u00e0 A5-e1 ; A5-k1 \nPOCHEZ, M. Olivier CATTIAUX, Mme Catherine SIMON, Mme Anna MILESI la subd\u00e9l\u00e9gation qui leur est attribu\u00e9e pourra \u00eatre exerc\u00e9e par\nMme Isabelle DENIS, M. Erwan BLONDEL, M. R\u00e9mi POCHEZ, M. Olivier CATTIAUX, Mme Catherine SIMON, Mme Anna MILESI.\nArt.  3 :  La  subd\u00e9l\u00e9gation  de  signature  est  accord\u00e9e  nominativement.  Elle  devient  caduque  en  cas  de  changement  du  d\u00e9l\u00e9gant  ou  du\nd\u00e9l\u00e9gataire.\nLe fonctionnaire charg\u00e9 de l'int\u00e9rim (ou le suppl\u00e9ant) re\u00e7oit la subd\u00e9l\u00e9gation de signature, \u00e0 condition qu'il ait \u00e9t\u00e9 nominativement identifi\u00e9 dans\nle pr\u00e9sent arr\u00eat\u00e9 et dans la limite des r\u00e9f\u00e9rences qui lui ont \u00e9t\u00e9 indiqu\u00e9es.\nArt. 4 : Toutes dispositions contraires au pr\u00e9sent arr\u00eat\u00e9 sont abrog\u00e9es.\nSign\u00e9 : Pour le Pr\u00e9fet, la directrice d\u00e9partementale des territoires et de la mer : Martine CAVALLERA-LEVI\n\uf0bf\nDIVERS\nDSDEN - Direction des Services D\u00e9partementaux de l'Education Nationale de la Manche\nArr\u00eat\u00e9 du 22 janvier 2024 annulant et rempla\u00e7ant l'arr\u00eat\u00e9 du 22 septembre 2023 portant d\u00e9signation des membres du comit\u00e9 social\nd'administration sp\u00e9cial d\u00e9partemental et des membres de la formation sp\u00e9cialis\u00e9e du comit\u00e9 social d'administration sp\u00e9cial\nd\u00e9partemental de la direction des services d\u00e9partementaux de l'\u00e9ducation nationale de la Manche\nCHAPITRE IER : LE COMIT\u00c9 SOCIAL D'ADMINISTRATION SP\u00c9CIAL D\u00c9PARTEMENTAL (ARTICLES 1ER \u00c0 2)\nArt. 1 : Le comit\u00e9 social d'administration sp\u00e9cial d\u00e9partemental institu\u00e9 aupr\u00e8s de l'inspecteur d'acad\u00e9mie, directeur acad\u00e9mique des services\nde l'\u00e9ducation nationale de la Manche comprend, outre l'inspecteur d'acad\u00e9mie, directeur acad\u00e9mique des services de l'\u00e9ducation nationale ou\nson repr\u00e9sentant qui le pr\u00e9side, la secr\u00e9taire g\u00e9n\u00e9rale ou son repr\u00e9sentant.\nArt. 2 : Sont nomm\u00e9s en qualit\u00e9 de repr\u00e9sentants du personnel au comit\u00e9 social d'administration sp\u00e9cial d\u00e9partemental de la Manche les dix\nmembres titulaires et dix membres suppl\u00e9ants, \u00e9lus au scrutin de sigle dans les conditions fix\u00e9es \u00e0 l'article 20 du d\u00e9cret du 20 novembre 2020\nsusvis\u00e9, suivants :\n1. Au titre de la f\u00e9d\u00e9ration syndicale unitaire (FSU)\na) Repr\u00e9sentants titulaires (4 si\u00e8ges)\n- Monsieur J\u00e9r\u00f4me DUTRON\n- Monsieur Emmanuel KNOSP\n- Madame Virginie LAISN\u00c9\n- Monsieur Pascal ROGER\nb) Repr\u00e9sentants suppl\u00e9ants (4 si\u00e8ges)\n- Madame Lydie ADOR\n- Monsieur Mika\u00ebl HABERT\n- Madame Martine QUESNEL\n- Monsieur Erwan SALADIN\n2. Au titre du syndicat g\u00e9n\u00e9ral de l'\u00e9ducation nationale \u2013 conf\u00e9d\u00e9ration fran\u00e7aise d\u00e9mocratique du travail (SGEN \u2013 CFDT)\na) Repr\u00e9sentants titulaires (2 si\u00e8ges)\n- Madame Val\u00e9rie LEVAVASSEUR\n- Monsieur Richard VIAUX\nb) Repr\u00e9sentants suppl\u00e9ants (2 si\u00e8ges)\n- Monsieur Guillaume BATAIL\n- Madame Ang\u00e9lique CONAN\n3. Au titre de l'union nationale des syndicats autonomes \u00e9ducation (UNSA \u00c9ducation)\na) Repr\u00e9sentants titulaires (2 si\u00e8ges)\n- Monsieur Pascal LEBARBIER\n- Madame Savannah LEQUART\nb) Repr\u00e9sentants suppl\u00e9ants (2 si\u00e8ges)\n- Monsieur Thierry DESVALLEES\n- Monsieur Etienne LEROUXEL\n4. Au titre du syndicat solidaire unitaire d\u00e9mocratique \u00e9ducation (Sud \u00c9ducation)\na) Repr\u00e9sentant titulaire (1 si\u00e8ge)\n- Madame Florence DESRAM\u00c9\nb) Repr\u00e9sentant suppl\u00e9ant (1si\u00e8ge)\n- Monsieur Antonio GOMES\n5. Au titre de la f\u00e9d\u00e9ration nationale de l'enseignement, de la culture et de la formation professionnelle \u2013 Force ouvri\u00e8re (FNEC \u2013 FP \u2013 FO)\na) Repr\u00e9sentant titulaire (1 si\u00e8ge)\n- Madame Nathalie LAPIERRE\nb) Repr\u00e9sentant suppl\u00e9ant (1 si\u00e8ge)\n- Monsieur Olivier LACHEVRE\nCHAPITRE II : LA FORMATION SP\u00c9CIALIS\u00c9E DU COMIT\u00c9 SOCIAL D'ADMINISTRATION SP\u00c9CIAL D\u00c9PARTEMENTAL (ARTICLES 3 \u00c0 4)\nArt. 3 : La formation sp\u00e9cialis\u00e9e du comit\u00e9 social d'administration sp\u00e9cial d\u00e9partemental institu\u00e9 aupr\u00e8s de l'inspecteur d'acad\u00e9mie, directeur\nacad\u00e9mique des services de l'\u00e9ducation nationale de la Manche comprend, outre l'inspecteur d'acad\u00e9mie, directeur acad\u00e9mique des services\nde l'\u00e9ducation de la Manche ou son repr\u00e9sentant qui la pr\u00e9side, la secr\u00e9taire g\u00e9n\u00e9rale ou son repr\u00e9sentant.\nArt.  4 :  Sont  nomm\u00e9s  en  qualit\u00e9  de  repr\u00e9sentants  du  personnel  \u00e0  la  formation  sp\u00e9cialis\u00e9e  du  comit\u00e9  social  d'administration  sp\u00e9ciale\nd\u00e9partemental des services d\u00e9partementaux de l'\u00e9ducation nationale de la Manche les dix membres titulaires et dix membres suppl\u00e9ants,\nd\u00e9sign\u00e9s dans les conditions fix\u00e9es \u00e0 l'article 24 du d\u00e9cret du 20 novembre 2020 susvis\u00e9, suivants :\n1. Au titre de la f\u00e9d\u00e9ration syndicale unitaire (FSU)\na) Repr\u00e9sentants titulaires (4 si\u00e8ges)\n- Madame Lydie ADOR\n- Monsieur Emmanuel KNOSP\n- Monsieur Pascal ROGER\n- Monsieur Erwan SALADIN\nb) Repr\u00e9sentants suppl\u00e9ants (4 si\u00e8ges)\n- Monsieur J\u00e9r\u00f4me DUTRON\n- Madame Claire JOURDAN\n- Monsieur Alb\u00e9ric LEQUERTIER\n- Monsieur Pascal QUESNEL\n2. Au titre du syndicat g\u00e9n\u00e9ral de l'\u00e9ducation nationale \u2013 conf\u00e9d\u00e9ration fran\u00e7aise d\u00e9mocratique du travail (SGEN \u2013 CFDT)\na) Repr\u00e9sentants titulaires (2 si\u00e8ges)\n- Madame Val\u00e9rie LEVAVASSEUR\n- Monsieur Richard VIAUX\nb) Repr\u00e9sentants suppl\u00e9ants (2 si\u00e8ges)\n- Madame Ang\u00e9lique CONAN\n- Madame Val\u00e9rie SIARD\n3. Au titre de l'union nationale des syndicats autonomes \u00e9ducation (UNSA \u00c9ducation)\na) Repr\u00e9sentants titulaires (2 si\u00e8ges)\n- Monsieur Thierry DESVALLEES\n- Monsieur Etienne LEROUXEL\nb) Repr\u00e9sentants suppl\u00e9ants (2 si\u00e8ges)\n- Madame Marine CHAPRON\n- Monsieur Pascal LEBARBIER\n4.Au titre du syndicat solidaire unitaire d\u00e9mocratique \u00e9ducation (Sud \u00c9ducation)\na) Repr\u00e9sentant titulaire (1 si\u00e8ge)\n- Monsieur Antonio GOMES\nb) Repr\u00e9sentant suppl\u00e9ant (1si\u00e8ge)\n- Monsieur Xavier BIGARD\n5. Au titre de la f\u00e9d\u00e9ration nationale de l'enseignement, de la culture et de la formation professionnelle \u2013 Force ouvri\u00e8re (FNEC \u2013 FP \u2013 FO)\na) Repr\u00e9sentant titulaire (1 si\u00e8ge)\n- Monsieur Olivier LACHEVRE\nb) Repr\u00e9sentant suppl\u00e9ant (1si\u00e8ge)\n- Monsieur Guillaume MELZESSARD\nSign\u00e9 : L'inspecteur d'acad\u00e9mie, directeur acad\u00e9mique des services de l'\u00e9ducation nationale de la Manche : St\u00e9phane VAUTIER\n\uf0bf\nD\u00e9partement de la Manche - Imprimerie administrative - Directeur de la publication : Mme la secr\u00e9taire g\u00e9n\u00e9rale de la pr\u00e9fecture","date":"2024-01-24","first_seen_on":"2025-01-01T21:45:51+00:00","id":"0c69f851d5d2b26d3cd1caff93905767274681bf496d3e6668f250a9314b9c8c","name":"RAA sp\u00e9cial n\u00b0 09","pdf_creation_date":"2024-01-24T14:47:49+00:00","pdf_modification_date":null,"timezone":"CET","url":"https://www.manche.gouv.fr/contenu/telechargement/59320/459009/file/SP%2009.pdf"}
