{"administration":"pref69","administration_name":"Pr\u00e9fecture du Rh\u00f4ne","content":"PR\u00c9F\u00c8TE\nDU RH\u00d4NE\nRECUEIL DES ACTES\nADMINISTRATIFS SP\u00c9CIAL\nN\u00b069-2026-033\nPUBLI\u00c9 LE  2 F\u00c9VRIER 2026\nSommaire\n69_Pr\u00e9f_Pr\u00e9fecture du Rh\u00f4ne / Direction des affaires juridiques et de\nl'administration locale\n69-2026-02-02-00001 - Arr\u00eat\u00e9_habilitation_BERENICE (2 pages) Page 3\n69_Pr\u00e9f_Pr\u00e9fecture du Rh\u00f4ne / Pr\u00e9fet d\u00e9l\u00e9gu\u00e9 pour la\nd\u00e9fense et la s\u00e9curit\u00e9\n69-2026-02-02-00002 - ARR\u00caT\u00c9 n\u00b02026 - 02 - 02 -\n0001\nautorisant la captation, l'enregistrement et la\ntransmission\nd'images au moyen de cam\u00e9ras install\u00e9es sur un\na\u00e9ronef le 03 F\u00e9vrier 2026 sur la commune de Lyon 07. (3 pages) Page 6\n2\n69_Pr\u00e9f_Pr\u00e9fecture du Rh\u00f4ne\n69-2026-02-02-00001\nArr\u00eat\u00e9_habilitation_BERENICE\n69_Pr\u00e9f_Pr\u00e9fecture du Rh\u00f4ne - 69-2026-02-02-00001 - Arr\u00eat\u00e9_habilitation_BERENICE 3\nesPREFETEDU RHONELibert\u00e9Egalit\u00e9Fraternit\u00e9\n.- A\nDirection des Affaires Juridiques\net de l'Administration Locale\nBureau de l'Urbanisme\net de l'Utilit\u00e9 Publique\nArr\u00eat\u00e9 pr\u00e9fectoral n\u00b0                                                              du                                        portant habilitation\nde la SAS BERENICE POUR LA VILLE ET LE COMMERCE, num\u00e9ro d'immatriculation 349 799 122\nRCS Paris, en application du III de l'article L. 752-6 du Code de commerce\nLa Pr\u00e9f\u00e8te de la R\u00e9gion Auvergne-Rh\u00f4ne-Alpes,\nPr\u00e9f\u00e8te de la Zone de d\u00e9fense et de s\u00e9curit\u00e9 sud-est,\nPr\u00e9f\u00e8te du Rh\u00f4ne,\nCommandeur de la L\u00e9gion d'honneur,\nCommandeur de l'ordre national du M\u00e9rite,\nVU le Code de commerce\u00a0;\nVU le Code de l'urbanisme\u00a0;\nVU le Code g\u00e9n\u00e9ral des collectivit\u00e9s territoriales\u00a0;\nVU le d\u00e9cret n\u00b0 2015-165 du 12 f\u00e9vrier 2015 relatif \u00e0 l'am\u00e9nagement commercial\u00a0;\nVU la loi n\u00b0 2018-1021 du 23 novembre 2018 portant \u00c9volution du Logement, de l'Am\u00e9nagement et  \ndu Num\u00e9rique (ELAN)\u00a0;\nVU l'arr\u00eat\u00e9  pr\u00e9fectoral  n\u00b069-2025-09-26-00003  du  26  septembre  2025 portant  d\u00e9l\u00e9gation  de \nsignature \u00e0 Monsieur Fabrice ROSAY, pr\u00e9fet, secr\u00e9taire g\u00e9n\u00e9ral de la pr\u00e9fecture du Rh\u00f4ne, pr\u00e9fet  \nd\u00e9l\u00e9gu\u00e9 pour l'\u00e9galit\u00e9 des chances aupr\u00e8s de la pr\u00e9f\u00e8te de la r\u00e9gion Auvergne-Rh\u00f4ne-Alpes, pr\u00e9f\u00e8te  \nde la zone de d\u00e9fense et de s\u00e9curit\u00e9 Sud-Est, pr\u00e9f\u00e8te du Rh\u00f4ne\u00a0;\nVU l'habilitation  pour  la  r\u00e9alisation  des  analyses  d'impact  en  date  du  28  janvier  2020  sous  le \nn\u00b0 69.2019.28\u00a0;\nVU la  demande  de  renouvellement  d'habilitation  enregistr\u00e9e  le  30  octobre  2025, sous  le  n\u00b0 \n69.2025.6, pr\u00e9sent\u00e9e par la SAS BERENICE POUR LA VILLE ET LE COMMERCE , 5 rue Chalgrin \u2013 75116 \nPARIS\u00a0;\nSur  proposition  du  pr\u00e9fet,  secr\u00e9taire  g\u00e9n\u00e9ral  de  la  pr\u00e9fecture  du  Rh\u00f4ne,  pr\u00e9fet  d\u00e9l\u00e9gu\u00e9  pour \nl'\u00e9galit\u00e9 des chances,\nARR\u00caTE\u00a0:\nArticle 1  \u2212 L'habilitation pr\u00e9vue au III de l'article L.752-6 du Code de commerce est accord\u00e9e  \u00e0 la \nSAS BERENICE POUR LA VILLE ET LE COMMERCE, 5 rue Chalgrin \u2013 75116 PARIS.\nPr\u00e9fecture du Rh\u00f4ne\n18 Rue de Bonnel\n69\u00a0419 LYON CEDEX 03\nT\u00e9l\u00a0: 04 72 61 61 61\nwww.rhone.gouv.fr\n69_Pr\u00e9f_Pr\u00e9fecture du Rh\u00f4ne - 69-2026-02-02-00001 - Arr\u00eat\u00e9_habilitation_BERENICE 4\n2 f\u00e9vrier 2026\nArticle 2 \u2013 Cette habilitation est accord\u00e9e pour une dur\u00e9e de cinq ans, sans renouvellement tacite  \npossible. Elle est valable sur l'ensemble du territoire du d\u00e9partement du Rh\u00f4ne.\nArticle 3 \u2013 Toute modification de cette habilitation conduit \u00e0 la mise \u00e0 jour, dans le mois, du dossier \nd'habilitation d\u00e9pos\u00e9 en pr\u00e9fecture du Rh\u00f4ne.\nArticle 4 \u2013 L'habilitation peut \u00eatre retir\u00e9e par la Pr\u00e9f\u00e8te si l'organisme ne remplit plus les conditions  \nd'obtention, de mise \u00e0 jour ou d'exercice mentionn\u00e9es \u00e0 l'article R.752-6-1 du Code de commerce, \u00e0 \nsavoir\u00a0:\n\u2013\u00a0ne pas avoir fait l'objet, ni aucun de ses repr\u00e9sentants l\u00e9gaux ou salari\u00e9s, d'une condamnation  \ncorrectionnelle  ou  criminelle,  prononc\u00e9e  par  une  juridiction  fran\u00e7aise  ou  \u00e9trang\u00e8re,  pour  une \ninfraction relative \u00e0 la corruption ou au trafic d'influence, \u00e0 des d\u00e9tournements, escroqueries ou  \nextorsions au sens du Code p\u00e9nal\u00a0;\n\u2013\u00a0justifier des moyens et outils de collecte et d'analyse des informations relatives aux effets d'un  \nprojet sur l'animation et le d\u00e9veloppement \u00e9conomique des centres-villes des communes de la zone \nde chalandise et sur l'emploi \u00e0 l'\u00e9chelle de cette m\u00eame zone\u00a0;\n\u2013\u00a0justifier  que  les  personnes  physiques  par  lesquelles  ou  sous  la  responsabilit\u00e9  desquelles  est \nr\u00e9alis\u00e9e l'analyse d'impact mentionn\u00e9e au III de l'article L.752-6 sont titulaires d'un titre ou dipl\u00f4me \nvis\u00e9 ou homologu\u00e9 de l'enseignement sup\u00e9rieur d'un niveau \u00e9gal ou sup\u00e9rieur au niveau 3 au sens  \ndes dispositions du Code du travail relatives au cadre national des certifications professionnelles  \nsanctionnant une formation juridique, \u00e9conomique, comptable ou commerciale ou d'un dipl\u00f4me  \n\u00e9tranger d'un niveau comparable.\nArticle 5  \u2013 Le pr\u00e9fet, secr\u00e9taire g\u00e9n\u00e9ral de la pr\u00e9fecture du Rh\u00f4ne, pr\u00e9fet d\u00e9l\u00e9gu\u00e9 pour l'\u00e9galit\u00e9 des \nchances  est  charg\u00e9  de  l'ex\u00e9cution  du  pr\u00e9sent  arr\u00eat\u00e9  qui  sera  publi\u00e9  au  recueil  des  actes \nadministratifs de la pr\u00e9fecture.\nFait \u00e0 Lyon, le \nLa Pr\u00e9f\u00e8te,\nD\u00e9lais et voies de recours\u00a0:\nConform\u00e9ment \u00e0 l'article R.421-1 du Code de justice administrative, la pr\u00e9sente d\u00e9cision peut faire l'objet d'un  \nrecours contentieux, dans le d\u00e9lai de deux mois \u00e0 compter de sa notification, devant le tribunal administratif de  \nLyon (184, rue Duguesclin \u2013 69 \u00a0433 Lyon Cedex 03, ou sur l'application www.telerecours.fr). Elle peut \u00e9galement  \nfaire l'objet d'un recours gracieux aupr\u00e8s de Madame la Pr\u00e9f\u00e8te du Rh\u00f4ne. Cette d\u00e9marche interrompt le d\u00e9lai de  \nrecours contentieux, ce dernier devant \u00eatre introduit dans le d\u00e9lai de deux mois suivant une d\u00e9cision implicite ou  \nexplicite de l'autorit\u00e9 comp\u00e9tente (le silence de l'administration pendant un d\u00e9lai de deux mois valant d\u00e9cision  \nimplicite de rejet).\n2/2\nPour la pr\u00e9f\u00e8te,\nLa directrice des affaires juridiques\net de l'administration locale\nLucie RIGAUX\n69_Pr\u00e9f_Pr\u00e9fecture du Rh\u00f4ne - 69-2026-02-02-00001 - Arr\u00eat\u00e9_habilitation_BERENICE 5\n69_Pr\u00e9f_Pr\u00e9fecture du Rh\u00f4ne\n69-2026-02-02-00002\nARR\u00caT\u00c9 n\u00b02026 - 02 - 02 - 0001\nautorisant la captation, l'enregistrement et la\ntransmission\nd'images au moyen de cam\u00e9ras install\u00e9es sur un\na\u00e9ronef le 03 F\u00e9vrier 2026 sur la commune de\nLyon 07.\n69_Pr\u00e9f_Pr\u00e9fecture du Rh\u00f4ne - 69-2026-02-02-00002 - ARR\u00caT\u00c9 n\u00b02026 - 02 - 02 - 0001\nautorisant la captation, l'enregistrement et la transmission\nd'images au moyen de cam\u00e9ras install\u00e9es sur un a\u00e9ronef le 03 F\u00e9vrier 2026 sur la commune de Lyon 07.\n6\nExPR\u00c9F\u00c8TEDU RH\u00d4NELibert\u00e9Egalit\u00e9Fraternit\u00e9\nPr\u00e9fecture\nCabinet du Pr\u00e9fet d\u00e9l\u00e9gu\u00e9 pour \nla d\u00e9fense et la s\u00e9curit\u00e9\nBureau de l'ordre public\nARR\u00caT\u00c9 n\u00b02026 \u2013 02 \u2013 02 \u2013 0001\nautorisant la captation, l'enregistrement et la transmission\nd'images au moyen de cam\u00e9ras install\u00e9es sur un a\u00e9ronef le 03 F\u00e9vrier 2026 sur la commune de Lyon 07 .\nLa Pr\u00e9f\u00e8te du Rh\u00f4ne,\nCommandeur de la L\u00e9gion d'honneur\nCommandeur de l'ordre national du M\u00e9rite\nVU le Code de la s\u00e9curit\u00e9 int\u00e9rieure et notamment ses articles L. 242-1 \u00e0 L. 242-8 et R. 242-8 \u00e0 R. 242-\n14\u00a0;\nVU la loi n\u00b078-17 du 6 janvier 1978 relative \u00e0 l'informatique, aux fichiers et aux libert\u00e9s\u00a0;\nVU le d\u00e9cret n\u00b0 2004-374 du 29 avril 2004 relatif aux pouvoirs des pr\u00e9fets, \u00e0 l'organisation et \u00e0  \nl'action des services de l'\u00c9tat dans les r\u00e9gions et d\u00e9partements\u00a0;\nVU le d\u00e9cret en Conseil des Ministres du 11 janvier 2023 portant nomination de Madame Fabienne  \nBUCCIO, pr\u00e9f\u00e8te de la r\u00e9gion Auvergne-Rh\u00f4ne-Alpes, pr\u00e9f\u00e8te de la zone de d\u00e9fense et de s\u00e9curit\u00e9  \nSud-Est, pr\u00e9f\u00e8te du Rh\u00f4ne (hors classe) ;\nVU  le d\u00e9cret du 6 novembre 2024 portant nomination du pr\u00e9fet d\u00e9l\u00e9gu\u00e9 pour la d\u00e9fense et la  \ns\u00e9curit\u00e9 aupr\u00e8s de la pr\u00e9f\u00e8te de la r\u00e9gion Auvergne-Rh\u00f4ne-Alpes, pr\u00e9f\u00e8te de la zone de d\u00e9fense et  \nde s\u00e9curit\u00e9 Sud-Est, pr\u00e9f\u00e8te du Rh\u00f4ne \u2013 M. Antoine GUERIN\u00a0; \nVU l'arr\u00eat\u00e9 pr\u00e9fectoral n\u00b069-2026-01-08-0005 du 8 janvier 2026 portant d\u00e9l\u00e9gation de signature \u00e0 M. \nAntoine GUERIN en qualit\u00e9 de pr\u00e9fet d\u00e9l\u00e9gu\u00e9 pour la d\u00e9fense et la s\u00e9curit\u00e9 aupr\u00e8s de la pr\u00e9f\u00e8te de  \nla r\u00e9gion Auvergne-Rh\u00f4ne-Alpes, pr\u00e9f\u00e8te de la zone de d\u00e9fense et de s\u00e9curit\u00e9 Sud-Est, pr\u00e9f\u00e8te du  \nRh\u00f4ne\u00a0;\nVU l'arr\u00eat\u00e9 du Ministre de l'Int\u00e9rieur et des outre-mer, en date du 19 avril 2023 relatif au nombre  \nmaximal de cam\u00e9ras install\u00e9es sur des a\u00e9ronefs pouvant \u00eatre simultan\u00e9ment utilis\u00e9es dans chaque  \nd\u00e9partement\u00a0et collectivit\u00e9 d'outre-mer ;\nVU l'analyse  d'impact  relative  \u00e0  la  protection  des  donn\u00e9es  (AIPD)  r\u00e9alis\u00e9e  par  le  Minist\u00e8re  de \nl'Int\u00e9rieur en date du 25 janvier 2023\u00a0; \nVU la demande du 30 janvier 2026, form\u00e9e par la Direction Interd\u00e9partementale de la Police Natio -\nnale du Rh\u00f4ne, visant \u00e0 obtenir l'autorisation de capter, d'enregistrer et de transmettre des images  \nPr\u00e9fecture du Rh\u00f4ne  \u2013 69419 Lyon cedex 03 1\nwww.rhone.gouv.fr ou t\u00e9l. : 04 72 61 61 61 (co\u00fbt d'un appel local)\n69_Pr\u00e9f_Pr\u00e9fecture du Rh\u00f4ne - 69-2026-02-02-00002 - ARR\u00caT\u00c9 n\u00b02026 - 02 - 02 - 0001\nautorisant la captation, l'enregistrement et la transmission\nd'images au moyen de cam\u00e9ras install\u00e9es sur un a\u00e9ronef le 03 F\u00e9vrier 2026 sur la commune de Lyon 07.\n7\nau moyen d'une cam\u00e9ra install\u00e9e sur un a\u00e9ronef aux fins de  pr\u00e9vention des atteintes \u00e0 la s\u00e9curit\u00e9  \ndes personnes et des biens dans le cadre d'une op\u00e9ration de voie publique d'envergure de lutte  \ncontre la d\u00e9linquance Cit\u00e9 des jardins \u00e0 Lyon 07 ;\nCONSID\u00c9RANT que les dispositions susvis\u00e9es permettent aux forces de s\u00e9curit\u00e9 int\u00e9rieure, dans  \nl'exercice de leurs missions de pr\u00e9vention des atteintes \u00e0 l'ordre public et de protection de la  \ns\u00e9curit\u00e9  des  personnes  et  des  biens,  de  proc\u00e9der  \u00e0  la  captation,  \u00e0  l'enregistrement  et  \u00e0  la \ntransmission d'images au moyen de cam\u00e9ras install\u00e9es sur des a\u00e9ronefs aux fins d'assurer la s\u00e9curit\u00e9 \ndes personnes et des biens dans le cadre d'une op\u00e9ration de r\u00e9tablissement de l'ordre public \u00a0; que \nnotamment, le 1\u00b0 de l'article L. 242-5 du Code de la s\u00e9curit\u00e9 int\u00e9rieure susvis\u00e9 pr\u00e9voit que ces  \ndispositifs peuvent \u00eatre mis en \u0153uvre  au titre de l'appui des personnels au sol, en vue de leur  \npermettre de maintenir ou de r\u00e9tablir l'ordre public, lorsque ces rassemblements sont susceptibles  \nd'entra\u00eener des troubles graves \u00e0 l'ordre public, aux seules fins du maintien de l'ordre et de la  \ns\u00e9curit\u00e9 publics\u00a0;\nCONSID\u00c9RANT  d'une  part,  que  la  Cit\u00e9  des  Jardins  est  un  important  point  de  deal,  qui  se \ncaract\u00e9rise par des comportements ill\u00e9gaux  sur la voie publique r\u00e9alis\u00e9s par les \u00ab \u00a0charbonneurs\u00a0\u00bb \nau m\u00e9pris de la s\u00e9curit\u00e9 et de la tranquillit\u00e9 publique des riverains et qu'elle conna\u00eet un nombre  \ncons\u00e9quent de squatteurs \u00a0; que, d'autre part, compte tenu des nuisances qu'ils causent pour le  \nvoisinage et du ph\u00e9nom\u00e8ne de privatisation de l'espace public qu'ils impliquent, ils g\u00e9n\u00e8rent des  \ntensions  importantes  entre  dealers,  squatteurs  et  m\u00eame  riverains  qui,  pour  ces  derniers,  sont \nsoumis \u00e0 une vraie omerta \u00a0; que vu la topographie et l'\u00e9tendue de la zone \u00e0 s\u00e9curiser, le recours \u00e0  \ndes dispositifs de captation install\u00e9s sur des a\u00e9ronefs pr\u00e9sente l'int\u00e9r\u00eat de permettre aux forces de  \ns\u00e9curit\u00e9 de s'en affranchir et de b\u00e9n\u00e9ficier d'une vision en grand angle pour pouvoir identifier et  \npr\u00e9venir rapidement tout risque d'incident limitant l'engagement des forces au sol  et permettant  \nde prot\u00e9ger leur int\u00e9grit\u00e9 physique du risque d'altercation ; qu'il n'existe pas de dispositif moins  \nintrusif permettant de parvenir aux m\u00eames fins\u00a0;\nCONSID\u00c9RANT qu'une s\u00e9curisation r\u00e9cente du quartier a abouti \u00e0 l'interpellation d'un individu  \nporteur d'environ 64 grammes de r\u00e9sine de cannabis conditionn\u00e9e en sachets \u00a0; que la visite des  \nparties communes de l'immeuble d'o\u00f9 sortait l'individu permettait la d\u00e9couverte d'environ 234  \ngrammes de r\u00e9sine de cannabis conditionn\u00e9e \u00e0 l'identique \u00a0; que l'individu interpel\u00e9 a adopt\u00e9 un  \ncomportement violent et outrageant envers les policiers\u00a0;\nCONSID\u00c9RANT que seule la mise en \u0153uvre d'un drone peut permettre le suivi des individus prenant \nla fuite sans risques pour les effectifs au sol d'\u00eatre pris dans une embuscade\u00a0;\nCONSID\u00c9RANT que la demande porte sur l'engagement d'une cam\u00e9ra a\u00e9roport\u00e9e \u00a0; que les lieux  \nsurveill\u00e9s  sont  strictement  limit\u00e9s  aux  lieux  o\u00f9  sont  susceptibles  de  survenir  les  atteintes,  que \nl'usage de la cam\u00e9ra a\u00e9roport\u00e9e vise \u00e0 pr\u00e9venir \u00a0; que la dur\u00e9e de l'autorisation est \u00e9galement  \nstrictement limit\u00e9e \u00e0 la dur\u00e9e des risques de troubles \u00e0 l'ordre public \u00a0et de s\u00e9curit\u00e9 ; qu'au regard  \ndes circonstances susmentionn\u00e9es, la demande n'appara\u00eet pas disproportionn\u00e9e\u00a0; \nCONSID\u00c9RANT que  par  exception  au  principe  g\u00e9n\u00e9ral  de  l'information  par  plusieurs  moyens \nadapt\u00e9s du recours \u00e0 la captation, l'enregistrement et la transmission d'images des art. L. 242-3 et R. \n242-13 du CSI, cette information entre en contradiction avec les objectifs poursuivis parmi les  \nfinalit\u00e9s de l'op\u00e9ration mentionn\u00e9es aux 1\u00b0, 3\u00b0 et 5\u00b0 du I de l'article R. 242-8 du CSI \u00a0; que l'efficacit\u00e9 \nde  cette  op\u00e9ration  sensible  est  conditionn\u00e9e  \u00e0  un  imp\u00e9ratif  de  discr\u00e9tion\u00a0;  que  l'information \nsp\u00e9cifique du public peut alors entrer en contradiction avec les finalit\u00e9s de l'op\u00e9ration, et mettre  \nen p\u00e9ril son efficacit\u00e9 \u00a0; que l'information du public n'aura pas lieu \u00e0 ce titre \u00a0; que le pr\u00e9sent arr\u00eat\u00e9  \nsera publi\u00e9 au recueil des actes administratifs ; \n2 / 3\n69_Pr\u00e9f_Pr\u00e9fecture du Rh\u00f4ne - 69-2026-02-02-00002 - ARR\u00caT\u00c9 n\u00b02026 - 02 - 02 - 0001\nautorisant la captation, l'enregistrement et la transmission\nd'images au moyen de cam\u00e9ras install\u00e9es sur un a\u00e9ronef le 03 F\u00e9vrier 2026 sur la commune de Lyon 07.\n8\nARR\u00caTE\nArticle  1 er\n \u2013  La captation,  l'enregistrement  et  la  transmission  d'images  par  la  Direction \nInterd\u00e9partementale de la Police Nationale du Rh\u00f4ne, est autoris\u00e9e aux fins de  pr\u00e9vention des  \natteintes \u00e0 la s\u00e9curit\u00e9 des personnes et des biens dans le cadre de l'op\u00e9ration de voie publique , le \nmardi 03 f\u00e9vrier 2026 de 14h00 \u00e0 17h00  sur  la commune de Lyon, dans le p\u00e9rim\u00e8tre suivant \u00a0: AV. \nTONY GARNIER \u2013 RUE DE TURIN \u2013 RUE ALEXANDER FLEMING \u2013 ALLEE PIERRE DE COUBERTIN \u2013 RUE \nDE CHALON SUR SAONE \u2013 RUE DE DOLE \u2013 AV. TONY GARNIER -  BD JULES CARTERET \u2013 RUE SAINT  \nJEAN DE DIEU \u2013 RUE CHALLEMEL LACOUR \u2013 BD DE L'ARTILLERIE \u2013 AV. JEAN FRAN\u00c7OIS RACLET \u2013 AV. \nJEAN JAURES \u2013 RUE ANDRE BOLLIER \u2013 AV. LECLERC - AV. TONY GARNIER.\nArticle  2  \u2013  Le  nombre  maximal  de  cam\u00e9ras  pouvant  proc\u00e9der  simultan\u00e9ment  aux  traitements \nmentionn\u00e9s \u00e0 l'article 1er\n est fix\u00e9 \u00e0 une cam\u00e9ra sur un a\u00e9ronef t\u00e9l\u00e9-pilot\u00e9 DJI Matrice 4T .\nArticle 3 \u2013  Le registre mentionn\u00e9 \u00e0 l'article L. 242-4 du Code de la s\u00e9curit\u00e9 int\u00e9rieure est transmis \u00e0  \nla pr\u00e9f\u00e8te du Rh\u00f4ne \u00e0 l'issue de la manifestation.\nArticle 4 \u00a0\u2013 Le pr\u00e9sent arr\u00eat\u00e9 est publi\u00e9 au recueil des actes administratifs de la pr\u00e9fecture et peut  \nfaire l'objet d'un recours devant le tribunal administratif de Lyon dans un d\u00e9lai de deux mois \u00e0  \ncompter de sa publication.\nArticle 5 \u2013 Le pr\u00e9fet d\u00e9l\u00e9gu\u00e9 pour la d\u00e9fense et la s\u00e9curit\u00e9, le d irecteur interd\u00e9partemental de la  \nPolice Nationale du Rh\u00f4ne  sont charg\u00e9s chacun en ce qui le concerne de  l'ex\u00e9cution du pr\u00e9sent  \narr\u00eat\u00e9.\nFait \u00e0 Lyon, le 02 F\u00e9vrier 2026\nLe pr\u00e9fet d\u00e9l\u00e9gu\u00e9 pour la d\u00e9fense et la s\u00e9curit\u00e9,\n3 / 3\nORIGINAL SIGNE\nAntoine GU\u00c9RIN\n69_Pr\u00e9f_Pr\u00e9fecture du Rh\u00f4ne - 69-2026-02-02-00002 - ARR\u00caT\u00c9 n\u00b02026 - 02 - 02 - 0001\nautorisant la captation, l'enregistrement et la transmission\nd'images au moyen de cam\u00e9ras install\u00e9es sur un a\u00e9ronef le 03 F\u00e9vrier 2026 sur la commune de Lyon 07.\n9","date":"2026-02-02","first_seen_on":"2026-02-02T15:38:00+00:00","id":"0cbae67944d61b5fb4a684d908f5e5de4b79e2670da401c9a9ca609ba9be5ee4","name":"RAA_69-2026-033-020226","pdf_creation_date":"2026-02-02T15:17:51+00:00","pdf_modification_date":null,"timezone":"Europe/Paris","url":"https://www.rhone.gouv.fr/contenu/telechargement/67190/452330/file/RAA_69-2026-033-020226.pdf"}
