{"administration":"prefidf","administration_name":"Pr\u00e9fecture de la r\u00e9gion \u00cele-de-France","content":"PREFECTURE\nREGION ILE DE\nFRANCE\nRECUEIL DES ACTES\nADMINISTRATIFS SP\u00c9CIAL\nN\u00b0IDF-042-2025-10\nPUBLI\u00c9 LE 20 OCTOBRE 2025\nSommaire\nRectorat de la r\u00e9gion acad\u00e9mique d'Ile-de-France, rectorat de\nl'acad\u00e9mie de Paris /\nIDF-2025-10-17-00003 - Arr\u00eat\u00e9 n\u00b0 2025-161-RRA portant int\u00e9rim de la\nfonction de chef du service r\u00e9gional acad\u00e9mique des syst\u00e8mes\nd'information de la r\u00e9gion acad\u00e9mique (DRASI) Ile de-France (2\npages) Page 3\nIDF-2025-10-17-00004 - Arr\u00eat\u00e9 n\u00b0 2025-165-RRA portant\nsubd\u00e9l\u00e9gation de signature en mati\u00e8re d'ordonnancement secondaire\npour les budgets op\u00e9rationnels de programme (BOP) n\u00b0150, 163, 172,\n214, 219, 348, 349 et 362 (4 pages) Page 6\n2\nRectorat de la r\u00e9gion acad\u00e9mique\nd'Ile-de-France, rectorat de l'acad\u00e9mie de Paris\nIDF-2025-10-17-00003\nArr\u00eat\u00e9 n\u00b0 2025-161-RRA portant int\u00e9rim de la\nfonction de chef du service r\u00e9gional acad\u00e9mique\ndes syst\u00e8mes d'information de la r\u00e9gion\nacad\u00e9mique (DRASI) Ile de-France\nRectorat de la r\u00e9gion acad\u00e9mique d'Ile-de-France, rectorat de l'acad\u00e9mie de Paris - IDF-2025-10-17-00003 - Arr\u00eat\u00e9 n\u00b0 2025-161-RRA\nportant int\u00e9rim de la fonction de chef du service r\u00e9gional acad\u00e9mique des syst\u00e8mes d'information de la r\u00e9gion acad\u00e9mique (DRASI)\nIle de-France\n3\nww .REGION ACADEMIQUEILE-DE-FRANCELibert\u00e9Egalit\u00e9Fraternit\u00e9\n \n \n \n \n \n \n \n \n \n \n \nArr\u00eat\u00e9 n\u00b02025-161-RRA  \n \n \nportant int\u00e9rim de la fonction de chef du service r\u00e9gional acad\u00e9mique des \nsyst\u00e8mes d'information de la r\u00e9gion acad\u00e9mique Ile-de-France \n \nLA RECTRICE DE LA REGION ACADEMIQUE \u00ceLE-DE-FRANCE, \n RECTRICE DE L'ACAD\u00c9MIE DE PARIS \nCHANCELIERE DES UNIVERSIT\u00c9S DE PARIS ET D'\u00ceLE-DE-FRANCE \n \n \nVu le code de l'\u00e9ducation, notamment ses articles R. 222-16-4, R. 222-19-1, R. 222-24-6 et                       \nR. 222-36-4 ; \n \nVu le d\u00e9cret n\u00b0 2014-133 du 17 f\u00e9vrier 2014 modifi\u00e9 fixant l'organisation de l'administration centrale \ndes minist\u00e8res de l'\u00e9ducation nationale, de la jeunesse et des sports et de l'enseignement sup\u00e9rieur \net de la recherche, notamment son article 11 ; \n \nVu l'arr\u00eat\u00e9 du 23 octobre 2020 portant cr\u00e9ation et organisation du service \u00e0 comp\u00e9tence nationale \nd\u00e9nomm\u00e9 \u00ab service de modernisation des syst\u00e8mes d'information des ressources humaines pour \nl'\u00e9ducation \u00bb (SEMSIRH) ; \n \nVu l'arr\u00eat\u00e9 minist\u00e9riel en date du 17 novembre 2020, modifi\u00e9 par l'arr\u00eat\u00e9 du 14 f\u00e9vrier 2022 portant \ncr\u00e9ation d'un service r\u00e9gional acad\u00e9mique des syst\u00e8mes d'information dans la r\u00e9gion acad\u00e9mique \nIle-de-France ; \n \nARRETE \n \nARTICLE 1 \nMme Isabelle TORDJMAN, directrice des syst\u00e8mes d'information de l'acad\u00e9mie de Cr\u00e9 teil,                 \nM. Dominique CAGNON, directeur des syst\u00e8mes d'information de l'acad\u00e9mie de Paris, et                        \nMme Marielle LEROY, directrice des syst\u00e8mes d'information de l'acad\u00e9mie de Versailles, sont \ncharg\u00e9s d'assurer l'int\u00e9ri m de la fonction de directeur  r\u00e9gional acad\u00e9mique des syst\u00e8mes \nd'information de la r\u00e9gion acad\u00e9mique Ile-de-France, \u00e0 compter du 1er octobre 2025.   \n \nARTICLE 2 \nCet int\u00e9rim prendra fin d\u00e8s nomination du nouveau directeur r\u00e9gional acad\u00e9mique des syst\u00e8mes \nd'information de la r\u00e9gion acad\u00e9mique Ile-de-France (DRASI). \nRectorat de la r\u00e9gion acad\u00e9mique d'Ile-de-France, rectorat de l'acad\u00e9mie de Paris - IDF-2025-10-17-00003 - Arr\u00eat\u00e9 n\u00b0 2025-161-RRA\nportant int\u00e9rim de la fonction de chef du service r\u00e9gional acad\u00e9mique des syst\u00e8mes d'information de la r\u00e9gion acad\u00e9mique (DRASI)\nIle de-France\n4\n \n \n \n \nARTICLE 3 \nLe secr\u00e9taire g\u00e9n\u00e9ral de la r\u00e9gion acad\u00e9mique Ile-de-France et les secr\u00e9taires g\u00e9n\u00e9raux des \nacad\u00e9mies de Cr\u00e9teil, Paris et Versailles sont charg\u00e9s, chacun en ce qui les concerne, de \nl'ex\u00e9cution du pr\u00e9sent arr\u00eat\u00e9.  \n \nFait \u00e0 Paris, le 17 octobre 2025 \n \nLa Rectrice de la r\u00e9gion acad\u00e9mique d'\u00cele-de-France, \nRectrice de l'acad\u00e9mie de Paris, \nChanceli\u00e8re des universit\u00e9s de Paris et d'\u00cele-de France, \n \nSign\u00e9 \n \nJulie BENETTI \n \nRectorat de la r\u00e9gion acad\u00e9mique d'Ile-de-France, rectorat de l'acad\u00e9mie de Paris - IDF-2025-10-17-00003 - Arr\u00eat\u00e9 n\u00b0 2025-161-RRA\nportant int\u00e9rim de la fonction de chef du service r\u00e9gional acad\u00e9mique des syst\u00e8mes d'information de la r\u00e9gion acad\u00e9mique (DRASI)\nIle de-France\n5\nRectorat de la r\u00e9gion acad\u00e9mique\nd'Ile-de-France, rectorat de l'acad\u00e9mie de Paris\nIDF-2025-10-17-00004\nArr\u00eat\u00e9 n\u00b0 2025-165-RRA portant subd\u00e9l\u00e9gation\nde signature en mati\u00e8re d'ordonnancement\nsecondaire pour les budgets op\u00e9rationnels de\nprogramme (BOP) n\u00b0150, 163, 172, 214, 219, 348,\n349 et 362\nRectorat de la r\u00e9gion acad\u00e9mique d'Ile-de-France, rectorat de l'acad\u00e9mie de Paris - IDF-2025-10-17-00004 - Arr\u00eat\u00e9 n\u00b0 2025-165-RRA\nportant subd\u00e9l\u00e9gation de signature en mati\u00e8re d'ordonnancement secondaire pour les budgets op\u00e9rationnels de programme (BOP)\nn\u00b0150, 163, 172, 214, 219, 348, 349 et 362\n6\nREGION ACADEMIQUEILE-DE-FRANCELibert\u00e9Egalit\u00e9Fraternit\u00e9\n \n1 \n                                                          \n \n \n \n \n \n \n \n \n \n \n \n \nArr\u00eat\u00e9 n\u00b02025-165-RRA portant subd\u00e9l\u00e9gation de signature en mati\u00e8re \nd'ordonnancement secondaire pour les budgets op\u00e9rationnels \nde programme (BOP) n\u00b0150, 163, 172, 214, 219, 348, 349 et 362 \n \nLA RECTRICE DE LA REGION ACADEMIQUE \u00ceLE-DE-FRANCE, \n RECTRICE DE L'ACAD\u00c9MIE DE PARIS \nCHANCELI\u00c8RE DES UNIVERSIT\u00c9S DE PARIS  \nET D'\u00ceLE-DE-FRANCE  \nVu la loi organique n o 2001-692 du 1 er ao\u00fbt 2001 modifi\u00e9e relative aux lois de finances  ; \nVu le code de l'\u00e9ducation et notamment les articles R222-19 et suivants ; \nVu le code de la commande publique ; \nVu la loi n\u00b0 68-1250 du 31 d\u00e9cembre 1968 modifi\u00e9e relative \u00e0 la prescription des cr\u00e9ances sur l'Etat, les \nd\u00e9partements, les communes et les \u00e9tablissements publics ; \nVu la loi no 72-619 du 5 juillet 1972 modifi\u00e9e portant cr\u00e9ation et organisation des r\u00e9gions, notamment son \narticle 21-1 ; \nVu la loi n \u00b0 82-213 du 2 mars 198 2 modifi\u00e9e relative aux droits et libert\u00e9s des communes, des \nd\u00e9partements et des r\u00e9gions, et notamment son article 34  ; \nVu le d\u00e9cret n\u00b0 98-81 du 11 f\u00e9vrier 1998 modifi\u00e9 ; \nVu le d\u00e9cret n\u00b0 99-89 du 8 f\u00e9vrier 1999 modifi\u00e9 pris pour l'application de l'article 3 du d\u00e9cret n o 98-81 du \n11 f\u00e9vrier 1998 ; \nVu le d\u00e9cret n\u00b0 2004-374 du 29 avril 2004 modifi\u00e9 relatif aux pouvoirs des pr\u00e9fets, \u00e0 l'organisation et \u00e0 \nl'action des services de l'Etat dans les r\u00e9gions et d\u00e9partements ; \nVu le d\u00e9cret no 2010-687 du 24 juin 2010 modifi\u00e9 relatif \u00e0 l'organisation et aux missions des  services de \nl'Etat dans la r\u00e9gion et les d\u00e9partements d'Ile-de-France ; \nVu le d\u00e9cret n \u00b0 2012-1246 du 7 novembre 2012  modifi\u00e9 relatif \u00e0 la gestion budg\u00e9taire et comptable \npublique ; \nVu le d\u00e9cret n\u00b0 2019-1200 du 20 novembre 2019 relatif \u00e0 l'organisation des services d\u00e9concentr\u00e9s des \nministres charg\u00e9s de l'\u00e9ducation nationale et de l'enseignement sup\u00e9rieur, de la recherche et de \nl'innovation ; \nVu l'arr\u00eat\u00e9 du 3 juillet 2009 portant r\u00e8glement de comptabilit\u00e9 pour la d\u00e9signation des ordonnateurs \nsecondaires et de leurs d\u00e9l\u00e9gu\u00e9s en ce qui concerne le minist\u00e8re de l'\u00e9ducation nationale ; \nVu l'arr\u00eat\u00e9 du 2 2 d\u00e9cembre 2022  relatif aux r\u00e8gles de la comptabi lit\u00e9 budg\u00e9taire de l'Etat pris en \napplication de l'article 54 du d\u00e9cret 2012-1246 du 7 novembre 2012 modifi\u00e9 relatif \u00e0 la gestion budg\u00e9taire \net comptable publique ; \nVu le d\u00e9cret du 22 juillet 2020 portant nomination de M. Marc GUILLAUME en qualit\u00e9 de pr\u00e9fe t de la \nr\u00e9gion d'\u00cele-de-France, pr\u00e9fet de Paris ;  \nVu le d\u00e9cret du Pr\u00e9sident de la R\u00e9publique du 12 mars 2025 portant nomination de Mme Julie BENETTI \nen qualit\u00e9 de rectrice de la r\u00e9gion acad\u00e9mique \u00cele-de-France, rectrice de l'acad\u00e9mie de Paris ; \n \nRectorat de la r\u00e9gion acad\u00e9mique d'Ile-de-France, rectorat de l'acad\u00e9mie de Paris - IDF-2025-10-17-00004 - Arr\u00eat\u00e9 n\u00b0 2025-165-RRA\nportant subd\u00e9l\u00e9gation de signature en mati\u00e8re d'ordonnancement secondaire pour les budgets op\u00e9rationnels de programme (BOP)\nn\u00b0150, 163, 172, 214, 219, 348, 349 et 362\n7\n \n2 \n \n \nVu l'arr\u00eat\u00e9 interminist\u00e9riel en date du 31 janvier 2025 nommant M. Fabien OPPERMANN dans l'emploi de \nsecr\u00e9taire g\u00e9n\u00e9ral de la r\u00e9gion acad\u00e9mique \u00cele-de-France ; \nVu l'arr\u00eat\u00e9 du pr\u00e9fet de la r\u00e9gion Ile -de-France n\u00b0IDF -2025-03-26-00004 du 26 mars 2025 portant \nd\u00e9l\u00e9gation de signature \u00e0 Madame Julie BENETTI, rectrice de la r\u00e9gion acad\u00e9mique \u00cele-de-France, rectrice \nde l'acad\u00e9mie de Paris, en mati\u00e8re d'ordonnancement secondaire ; \nVu l'arr\u00eat\u00e9 du pr\u00e9fet de la r\u00e9gion Ile-de-France n\u00b0 IDF-2025-03-26-00005 du 26 mars 2025 portant d\u00e9l\u00e9gation \nde signature \u00e0 Mme Julie BENETTI, rectrice de la r\u00e9gion acad\u00e9mique \u00cele -de-France, rectrice de l'acad\u00e9mie de \nParis, en mati\u00e8re d'ordonnancement secondaire sur les programmes de la mission \u00ab Plan de relance \u00bb ; \nVu la d\u00e9cision  minist\u00e9rielle n\u00b0ESRF2036756S du 21 d\u00e9cembre 2020 par l aquelle le responsable de \nprogramme du minist\u00e8re de l'Enseignement sup\u00e9rieur, de la Recherche et de l'Innovation nomme le \nrecteur de la r\u00e9gion acad\u00e9mique d'\u00cele-de-France, recteur de l'acad\u00e9mie de Paris en qualit\u00e9 de responsable \nde budget op\u00e9rationnel de programme et d'unit\u00e9s op\u00e9rationnelles du programme 150 ; \nVu l'arr\u00eat\u00e9 de la rectrice de r\u00e9gion acad\u00e9mique n\u00b02025 -030-RRA en date du 4 avril 2025 par lequel elle \ndonne d\u00e9l\u00e9gation au secr\u00e9taire g\u00e9n\u00e9ral de la r\u00e9gion ac ad\u00e9mique \u00cele-de-France pour l'ordonnancement \nsecondaire sur le programme \u00ab Recherches scientifiques et technologiques pluridisciplinaires \u00bb (n\u00b0172) ; \nVu la d\u00e9cision minist\u00e9rielle n\u00b0ESRF2106747S du 24 f\u00e9vrier 2021 portant nomination des responsables de \nbudget op\u00e9rationnel de programme (BOP) et d'unit\u00e9s op\u00e9rationnelles (UO) pour le programme \n172 \u00ab Recherches scientifiques et technologiques pluridisciplinaires \u00bb ; \nVu la d\u00e9cision minist\u00e9rielle n\u00b0MENF2036122S du 11 d\u00e9cembre 2020 par laquelle le responsable d e \nprogramme du minist\u00e8re de l'Education nationale, de la Jeunesse et des Sports nomme le recteur de la \nr\u00e9gion acad\u00e9mique d'\u00cele-de-France, recteur de l'acad\u00e9mie de Paris en qualit\u00e9 de responsable de budget \nop\u00e9rationnel de programme et d'unit\u00e9s op\u00e9rationnelles du programme 214 ; \nVu les d\u00e9cisions NOR MENF2033683S du 27 novembre 2020 et NOR MENV2406106S du 11 mars 2024 par \nlesquelles les responsables de programme du minist\u00e8re de l'Enseignement sup\u00e9rieur, de la Recherche et \nde l'Innovation nomment le Recteur de la r\u00e9gion acad\u00e9mique \u00cele -de-France, Recteur de l'acad\u00e9mie de \nParis en qualit\u00e9 de responsable de responsable de budget  op\u00e9rationnel de programmes et d'unit\u00e9s \nop\u00e9rationnelles des programmes \u00ab Jeunesse et vie associative \u00bb (n\u00b0163) et \u00ab Sports \u00bb (n\u00b0219) ;  \nVu la convention de d\u00e9l\u00e9gation de gestion du 18 d\u00e9cembre 2020 entre le minist\u00e8re de l'Economie et des \nFinances et le minist\u00e8re de l'Education nationale et de la Jeunesse relative au programme 362 ; \nVu la convention du 5 juillet 2024 entre la d\u00e9l\u00e9gation g\u00e9n\u00e9rale \u00e0 l'enseignement sup\u00e9rieur et \u00e0 l'insertion \nprofessionnelle et la r\u00e9gion acad\u00e9mique Ile de France relative \u00e0 la subd\u00e9l\u00e9gation de gestion et \u00e0 \nl'utilisation des cr\u00e9dits du programme 348 ; \nVu la convention du 15 juillet 2024 entre le secr\u00e9tariat g\u00e9n\u00e9ral d u minist\u00e8re de l'Education nationale et \nde la Jeunesse et la r\u00e9gion acad\u00e9mique Ile de France relative \u00e0 la subd\u00e9l\u00e9gation de gestion et \u00e0 l'utilisation \ndes cr\u00e9dits du programme 349 ; \nVu la convention de d\u00e9l\u00e9gation de gestion du 21 mars 2025 entre la R\u00e9gion acad\u00e9mique \u00cele-de-France et \nl'Acad\u00e9mie de Paris relative \u00e0 l'ex\u00e9cution financi\u00e8re des comp\u00e9tences de la r\u00e9gion acad\u00e9mique ; \n \nARRETE \n \nARTICLE 1er : \nConform\u00e9ment \u00e0 la convention de d\u00e9l\u00e9gation de gestion du 21 mars 2025 susvis\u00e9e, d ans les limites \ndes attributions de la division des affaires financi\u00e8res (DAF) de l'acad\u00e9mie de Paris, pour les op\u00e9rations \nli\u00e9es aux programmes et aux unit\u00e9s op\u00e9rationnelles cit\u00e9s \u00e0 l'annexe n\u00b01 de la convention de \nd\u00e9l\u00e9gation de gestion susvis\u00e9e , d\u00e9l\u00e9gation est donn\u00e9e  \u00e0 M. J\u00e9r\u00f4me POISON, chef de la division des \naffaires financi\u00e8res, \u00e0 l'effet de signer, au titre des op\u00e9rations de validation : \n- les engagements juridiques, \nRectorat de la r\u00e9gion acad\u00e9mique d'Ile-de-France, rectorat de l'acad\u00e9mie de Paris - IDF-2025-10-17-00004 - Arr\u00eat\u00e9 n\u00b0 2025-165-RRA\nportant subd\u00e9l\u00e9gation de signature en mati\u00e8re d'ordonnancement secondaire pour les budgets op\u00e9rationnels de programme (BOP)\nn\u00b0150, 163, 172, 214, 219, 348, 349 et 362\n8\n \n3 \n- les certifications du service fait, \n- les demandes de paiement, \n- les ordres de recette aff\u00e9rents imput\u00e9s sur les titres 2, 3, 5, 6 de la loi du 1er ao\u00fbt 2001. \n \nEn cas d'absence ou d'emp\u00eachement de M. J\u00e9r \u00f4me POISON, chef de la division des affaires \nfinanci\u00e8res, la d\u00e9l\u00e9gation de signature qui lui est donn\u00e9e au titre au pr\u00e9sent article sera exerc\u00e9e par \nMme Marianne BICORNE, adjointe au chef de division. \n \nARTICLE 2 : \nEn cas d'absence ou d'emp\u00eachement de M. J\u00e9 r\u00f4me POISON, chef de la division des affaires \nfinanci\u00e8res, la d\u00e9l\u00e9gation de signature qui lui est donn\u00e9e aux articles pr\u00e9c\u00e9dents sera exerc\u00e9e, au \ntravers des seuls actes de validation CHORUS, dans la limite de leurs attributions, par : \n \n- M. J\u00e9r\u00f4me BIHRY, SAENES ; \n- M. Laurent CHEKOUN, SAENES ; \n- M. Charles CHICOT, AAE ;  \n- M. Florent DI CARLO, AAE ; \n- Mme Daniela LOGIN, SAENES ; \n- Mme Sandy LECLERC, SAENES ; \n- Mme Feiza MEDJAHDI, SAENES ; \n- Mme Florence NOTARIANNI, SAENES ; \n- Mme Aur\u00e9lie OBITZ, SAENES ; \n- Mme Julienne THRASIBULE, SAENES ; \n- M. Gabriel DONNE, SAENES ; \n- Mme Fanny GALMICHE, SAENES. \n \nARTICLE 3 : \nEn cas d'absence ou d'emp\u00eachement des personnes mentionn\u00e9es aux articles 1 \u00e0 2 du pr\u00e9sent \narr\u00eat\u00e9, subd\u00e9l\u00e9gation est donn\u00e9e \u00e0 M. J\u00e9r\u00f4me POISON, chef de la division des affaires financi\u00e8res, \ndans les limites des attributions de la division des affaires financi\u00e8res (DAF) et sur l'unit\u00e9 \nop\u00e9rationnelle 0172-CENT-IDFR \u00e0 l'effet de signer : \n \n- Les engagements juridiques, \n- Les certifications du service fait, \n- Les demandes de paiement, \n- Les ordres de recette de l'acad\u00e9mie de Paris aff\u00e9rents aux cr\u00e9dits du minist\u00e8re de \nl'Enseignement sup\u00e9rieur, de la Recherche et de l'Innovation imput\u00e9s sur les titres 2, 3, 5, 6 \nde la loi du 1er ao\u00fbt 2001. \n \nEn cas d'absence ou d'emp\u00eachement de M. J\u00e9r\u00f4me POISON, chef de la division des affaires \nfinanci\u00e8res, la d\u00e9l\u00e9gation de signature qui lui est donn\u00e9e au titre du pr\u00e9sent article sera exerc\u00e9e \npar : \n \n- Mme Marianne BICORNE, AAE ; \n- M. Florent DI CARLO, AAE ; \n- M. Charles CHICOT, AAE ; \n \nRectorat de la r\u00e9gion acad\u00e9mique d'Ile-de-France, rectorat de l'acad\u00e9mie de Paris - IDF-2025-10-17-00004 - Arr\u00eat\u00e9 n\u00b0 2025-165-RRA\nportant subd\u00e9l\u00e9gation de signature en mati\u00e8re d'ordonnancement secondaire pour les budgets op\u00e9rationnels de programme (BOP)\nn\u00b0150, 163, 172, 214, 219, 348, 349 et 362\n9\n \n4 \nEn cas d'absence ou d'emp\u00eachement de M. J\u00e9r\u00f4me POISON, chef de la division des affaires \nfinanci\u00e8res, la d\u00e9l\u00e9gation de signature qui lui est donn\u00e9e au titre du pr\u00e9sent article est exerc\u00e9e, au \ntravers des seuls actes de validation CHORUS, par : \n \n- Mme Marianne BICORNE, AAE ; \n- M. Florent DI CARLO, AAE ; \n- M. J\u00e9r\u00f4me BIHRY, SAENES ; \n- M. Laurent CHEKOUN, SAENES ; \n- M. Charles CHICOT, AAE ; \n- Mme Sandy LECLERC, SAENES ; \n- Mme Feiza MEDJAHDI, SAENES ; \n- Mme Florence NOTARIANNI, SAENES ; \n- Mme Aur\u00e9lie OBITZ, SAENES ; \n- Mme Julienne THRASIBULE, SAENES ; \n- M. Gabriel DONNE, SAENES ; \n- Mme Fanny GALMICHE, SAENES. \n \n \nARTICLE 4 : \n \nL'arr\u00eat\u00e9 n\u00b02025 -079-RRA portant subd\u00e9l\u00e9gation de signature en mati\u00e8re d'ordonnancement \nsecondaire pour les budgets op\u00e9rationnels de programme (BOP) n\u00b0150, 163, 214, 219, 348, 349 et \n362 du 24 juin 2025 est abrog\u00e9. \n \nARTICLE 5 : \n \nLe secr\u00e9taire g\u00e9n\u00e9ral de la r\u00e9gion acad\u00e9mique \u00cele-de-France et la secr\u00e9taire g\u00e9n\u00e9rale de l'acad\u00e9mie \nde Paris sont charg\u00e9s, chacun en ce qui les concerne, de l'ex\u00e9cution du pr\u00e9sent arr\u00eat\u00e9 qui sera publi\u00e9 \nau recueil des actes administratifs de la pr\u00e9fecture de r\u00e9gion \u00cele-de-France, pr\u00e9fecture de Paris. \n \n \nFait \u00e0 Paris, le 17 octobre 2025 \nLa rectrice de la r\u00e9gion acad\u00e9mique d'\u00cele-de-France, \nRectrice de l'acad\u00e9mie de Paris, \nChanceli\u00e8re des universit\u00e9s de Paris et d'\u00cele-de France \n \n                                                                      Sign\u00e9 \n \n \nJulie BENETTI \n \nRectorat de la r\u00e9gion acad\u00e9mique d'Ile-de-France, rectorat de l'acad\u00e9mie de Paris - IDF-2025-10-17-00004 - Arr\u00eat\u00e9 n\u00b0 2025-165-RRA\nportant subd\u00e9l\u00e9gation de signature en mati\u00e8re d'ordonnancement secondaire pour les budgets op\u00e9rationnels de programme (BOP)\nn\u00b0150, 163, 172, 214, 219, 348, 349 et 362\n10","date":"2025-10-20","first_seen_on":"2025-10-20T16:59:07+00:00","id":"0cd4cc06130dfd235cac81ae73ac3324c9275ed17d75276d6237f785b0252d7b","name":"recueilDS-idf-042-2025-10-recueil-des-actes-administratifs-special du 20.102025","pdf_creation_date":"2025-10-20T16:42:23+00:00","pdf_modification_date":null,"timezone":"Europe/Paris","url":"https://www.prefectures-regions.gouv.fr/ile-de-france/irecontenu/telechargement/131942/968678/file/recueilDS-idf-042-2025-10-recueil-des-actes-administratifs-special%20du%2020.102025.pdf"}
