{"administration":"pref21","administration_name":"Pr\u00e9fecture de C\u00f4te-d\u2019Or","content":"PR\u00c9FET\nDE LA C\u00d4TE-D'OR\nRECUEIL DES ACTES\nADMINISTRATIFS SP\u00c9CIAL\nN\u00b021-2024-044\nPUBLI\u00c9 LE 27 MARS 2024\nSommaire\nDirection d\u00e9partementale de l'emploi, du travail et des solidarit\u00e9s de\nC\u00f4te-d'Or /\n21-2024-03-22-00006 - R\u00e9c\u00e9piss\u00e9 D\u00e9claration SAP - n\u00b0 950563023\nFORMATSERVICES - REVOL Serge (2 pages) Page 4\n21-2024-03-22-00005 - R\u00e9c\u00e9piss\u00e9 D\u00e9claration SAP - n\u00b0984470161 -\nERROUANE Sarah (2 pages) Page 7\nDirection d\u00e9partementale de la protection des populations de la C\u00f4te-d'Or /\nService Sant\u00e9 et Protections animales, Protection de l'Environnement\n21-2024-03-25-00004 - Arr\u00eat\u00e9 pr\u00e9fectoral N\u00b0579/2024 en date du 25 mars\n2024 attribuant l habilitation sanitaire \u00e0 Mathilde BERNASCONI (2 pages) Page 10\n21-2024-03-25-00003 - Arr\u00eat\u00e9 pr\u00e9fectoral N\u00b0580/2024 en date du 25 mars\n2024 attribuant l habilitation sanitaire \u00e0 C\u00e9dric WILL\n (2 pages) Page 13\n21-2024-03-26-00001 - Arr\u00eat\u00e9 pr\u00e9fectoral N\u00b0590/2024 en date du 26 mars\n2024 attribuant l habilitation sanitaire \u00e0 Anne-C\u00e9cile FAU (2 pages) Page 16\nDirection d\u00e9partementale des territoires de la C\u00f4te-d'Or / Service\nPr\u00e9servation et Am\u00e9nagement de l'Espace (SPAE)\n21-2024-03-18-00005 - Arr\u00eat\u00e9 pr\u00e9fectoral du 18 mars 2024\nabrogeant\nl\u25a1arr\u00eat\u00e9 pr\u00e9fectoral du 30 d\u00e9cembre 2019 et portant nomination\ndes\nlieutenants de louveterie dans le d\u00e9partement de la C\u00f4te-d\u25a1Or\njusqu\u25a1au 31 d\u00e9cembre 2024 (5 pages) Page 19\nDirection d\u00e9partementale des territoires de la C\u00f4te-d'Or / Service S\u00e9curit\u00e9 et\n\u00c9ducation Routi\u00e8re\n21-2024-03-22-00004 - AP 577 20240322 RAA M274\nEntretienEchangeur47-40 (9 pages) Page 25\n21-2024-03-25-00001 - AP 586 20240325 RAA A6 SignalisationAireRepos (5\npages) Page 35\n21-2024-03-25-00002 - AP 587 20240325 RAA A6 ChienBlanc (4 pages) Page 41\n21-2024-03-23-00001 - Arr\u00eat\u00e9 Pr\u00e9fectoral N\u00b0593 portant d\u00e9claration\nd\u25a1abandon du bateau\u00ab RESA \u00bb immatricul\u00e9 \u00ab 615919 \u00bb situ\u00e9 au PK 115.480\ndu canal de Bourgogne, sur la commune de VENAREY-LES-LAUMES (21) (2\npages) Page 46\nPr\u00e9fecture de la C\u00f4te-d'Or / Direction des s\u00e9curit\u00e9s\n21-2024-03-18-00004 - Arr\u00eat\u00e9 pr\u00e9fectoral autorisant l'enregistrement\naudiovisuel des interventions des agents de la police municipale de la\ncommune de Quetigny (2 pages) Page 49\nPr\u00e9fecture de la C\u00f4te-d'Or / P\u00f4le juridique inter-services\n21-2024-03-20-00003 - Arr\u00eat\u00e9 pr\u00e9fectoral n\u00b0 556 du 20 mars 2024\nportant\nd\u00e9l\u00e9gation de signature \u00e0 M. Olivier DAVID\nDirecteur r\u00e9gional de\nl'environnement, de l\u25a1am\u00e9nagement et du logement\nen r\u00e9gion\nBourgogne-Franche-Comt\u00e9 concernant la comp\u00e9tence d\u00e9partementale (5\npages) Page 52\n2\nSous-pr\u00e9fecture de Beaune / P\u00f4le Collectivit\u00e9s locales\n21-2024-03-26-00003 - Arr\u00eat\u00e9 pr\u00e9fectoral n\u00b0 588 du 26 mars 2024 portant\nconvocation des \u00e9lecteurs de la commune d'ECUTIGNY et fixant la p\u00e9riode\nde d\u00e9p\u00f4t des candidatures en vue de proc\u00e9der \u00e0 des \u00e9lections municipales\ncompl\u00e9mentaires pour 01 si\u00e8ge, le dimanche 26 mai 2024 pour le 1er tour\net le dimanche 2 juin 2024 pour l'\u00e9ventuel second tour (3 pages) Page 58\n21-2024-03-26-00002 - Arr\u00eat\u00e9 pr\u00e9fectoral n\u00b0568 du 26 mars 2024 portant\nconvocation des \u00e9lecteurs de la commune de BLANOT et fixant la p\u00e9riode\nde d\u00e9p\u00f4t des candidatures en vue de proc\u00e9der \u00e0 des \u00e9lections municipales\ncompl\u00e9mentaires pour 04 si\u00e8ges, le dimanche 26 mai 2024 pour le 1er tour\net le dimanche 2 juin 2024 pour l'\u00e9ventuel second tour (3 pages) Page 62\n3\nDirection d\u00e9partementale de l'emploi, du travail\net des solidarit\u00e9s de C\u00f4te-d'Or\n21-2024-03-22-00006\nR\u00e9c\u00e9piss\u00e9 D\u00e9claration SAP - n\u00b0 950563023\nFORMATSERVICES - REVOL Serge\nDirection d\u00e9partementale de l'emploi, du travail et des solidarit\u00e9s de C\u00f4te-d'Or - 21-2024-03-22-00006 - R\u00e9c\u00e9piss\u00e9 D\u00e9claration SAP -\nn\u00b0 950563023 FORMATSERVICES - REVOL Serge 4\nE Direction D\u00e9partementale de l'Emploi,PR\u00c9FET du Travail et des Solidarit\u00e9s - DDETSDE LAC\u00d4TE-D'ORL'z'berte'Egalit\u00e9Fraternit\u00e9\nAffaire suivie par Sophie LACROIX - Dijon, le 22/03/2024P\u00f4le Emploi-Coh\u00e9sion Territoriale, -T\u00e9l: 03 80 45 78 10 // 06 46 79 36 50Courriel : sophie.lacroix@cote-dor.gouv.frFORMATSERVICESM. REVOL Serge| 12 rue Sardin21500 NOGENT-LES-MONTBARD\n\" RECEPISSE DE DECLARATIONd'un Organisme de Services \u00e0 la PersonneEnregistr\u00e9 sous le n\u00b0 SAP/950563023\nLe Pr\u00e9fet de la C\u00f4te-d'Or, et par subd\u00e9l\u00e9gation du Directeur D\u00e9partemental de la DDETS, la Cheffedu P\u00f4le Emploi et Coh\u00e9sion Territoriale,\n- VUlaloi n\u00b0 2015-1776 du 28 d\u00e9cembre 2015 relative \u00e0 l'adaptation de la soci\u00e9t\u00e9 au vieillissement,VU le d\u00e9cret n\u00b0 2016-750 du 6 juin 2016 relatif \u00e0 la liste des activit\u00e9s de services \u00e0 la personnesoumises \u00e0 agr\u00e9ment ou \u00e0 autorisation dans le cadre du r\u00e9gime commun de la d\u00e9claration,VU le code du travail et notamment les articles L 7231-1 \u00e0 L 7233-2, R 7232-16 \u00e0 R 7232-22, D7231-1 et D 7233-1 \u00e0 D 7233-5.\nConstate\nQu'une d\u00e9claration d'activit\u00e9s de services \u00e0 la personne a \u00e9t\u00e9 d\u00e9pos\u00e9e sous le n\u00b0 1185040 aupr\u00e8s dela DDETS de la C\u00f4te d'Or, le 5 mars 2024, par M. REVOL Serge, dans le cadre d'une entrepriseindividuelle, FORMATSERVICES, repr\u00e9sent\u00e9e par M. REVOL Serge, dont le si\u00e8ge social est situ\u00e9 au12 rue Sardin \u2014 21500 NOGENT-LES-MONTBARD et enregistr\u00e9e sous le n\u00b0 SAP/950563023 pour lesactivit\u00e9s suivantes \u00e0 l'exclusion de toute autre :\n- Assistance informatique \u00e0 domicile\nDDETS 21, 21 Bd Voltaire, BP 81110 - 21011 DIJON CedexT\u00e9l. : 03 80 45 75 45 (Accueil)www.cote-dor.gouv.fr\nDirection d\u00e9partementale de l'emploi, du travail et des solidarit\u00e9s de C\u00f4te-d'Or - 21-2024-03-22-00006 - R\u00e9c\u00e9piss\u00e9 D\u00e9claration SAP -\nn\u00b0 950563023 FORMATSERVICES - REVOL Serge 5\n- Soutien scolaire ou cours a domicile- Entretien de la maison et travaux m\u00e9nagers- Petits travaux de jardinage- Travaux de petit bricolage- Assistance administrative a domicile.\nCes activit\u00e9s sont exerc\u00e9es en qualit\u00e9 de prestataire.Les prestatlons effectu\u00e9es devront repondre aux conditions fix\u00e9es par la circulaire ECOI1907576C du11 avril 2019. |L'\u00e9tablissement principal, \u00e9galement si\u00e8ge social, se situe \u00e0 l'adresse ci-dessus et poss\u00e8de le num\u00e9roSIRET suivant, 950 563 023 00023.Toute modification concernant l'activit\u00e9 exerc\u00e9e devra faire l'objet d'une d\u00e9claration modificativepr\u00e9alable.Sous r\u00e9serve d'\u00eatre exerc\u00e9e \u00e0 titre exclusif ou de tenir une comptabilit\u00e9 s\u00e9par\u00e9e pour les organismespouvant d\u00e9roger \u00e0 la condition d'activit\u00e9 exclusive (art L 7232-1-2 Code Trav), cette activit\u00e9 ouvredroit au b\u00e9n\u00e9fice des dispositions des articles L. 7233-2 du code du travail et L. 241-10 du code de las\u00e9curit\u00e9 sociale dans les conditions pr\u00e9vues par ces articles.Les effets de la d\u00e9claration courent \u00e0 compter du jour de d\u00e9p\u00f4t de la demande, conform\u00e9ment \u00e0l'article R.7232-18 du code du travailL'enregistrement de la d\u00e9claration peut \u00eatre retir\u00e9 dans les conditions fix\u00e9es aux artlcles R.7232-20 \u00e0R.7232-22 du code du travail.Le pr\u00e9sent r\u00e9c\u00e9piss\u00e9 n'est pas limit\u00e9 dans le temps et sera publi\u00e9 au recueil des actes administratifsde la pr\u00e9fecture de la C\u00f4te d'Or.\nPour le Pr\u00e9fet de C\u00f4te d'OrEt par subd\u00e9l\u00e9gation du Directeur D\u00e9partemental emp\u00e9che,La Responsable de I Unit\u00e9, Formation, Emploi et Insertion,SIGNEMarie BEGRAND\nDDETS 21, 21 Bd Voltaire, BP 81110 - 21011 DIJON CedexT\u00e9l. : 03 80 45 75 45 (Accueil)Www.cote-dor._gouv.fr\nDirection d\u00e9partementale de l'emploi, du travail et des solidarit\u00e9s de C\u00f4te-d'Or - 21-2024-03-22-00006 - R\u00e9c\u00e9piss\u00e9 D\u00e9claration SAP -\nn\u00b0 950563023 FORMATSERVICES - REVOL Serge 6\nDirection d\u00e9partementale de l'emploi, du travail\net des solidarit\u00e9s de C\u00f4te-d'Or\n21-2024-03-22-00005\nR\u00e9c\u00e9piss\u00e9 D\u00e9claration SAP - n\u00b0984470161 -\nERROUANE Sarah\nDirection d\u00e9partementale de l'emploi, du travail et des solidarit\u00e9s de C\u00f4te-d'Or - 21-2024-03-22-00005 - R\u00e9c\u00e9piss\u00e9 D\u00e9claration SAP -\nn\u00b0984470161 - ERROUANE Sarah 7\nEx | Direction D\u00e9partementale de l'Emploi,PR\u00c9FET du Travail et des Solidarit\u00e9s - DDETSDE LACOTE-D'ORer'berte'Egalit\u00e9\" Fraternit\u00e9\nAffaire suivie par Sophie LACROIX | Dijon, le 22/03/2024P\u00f4le Emploi-Coh\u00e9sion Territoriale,T\u00e9l: 03 80 45 78 10 // 06 46 79 36 50_ m\u00e9l : sophie.lacroix@cote-dor.gouv.frMme ERROUANE Sarah4 all\u00e9e Alice Guy21000 DIJON\nRECEPISSE DE DECLARATIONd'un Organisme de Services \u00e0 la PersonneEnregistr\u00e9 sous le n\u00b0 SAP/984470161\nLe Pr\u00e9fet de la C\u00f4te-d'Or, et par subd\u00e9l\u00e9gati\u00f4n du Directeur D\u00e9partemental de la DDETS, la Cheffe -du P\u00f4le Emploi et Coh\u00e9sion Territoriale,\nVU la loi n\u00b0 2015-1776 du 28 d\u00e9cembre 2015 relative \u00e0 l'adaptation de la soci\u00e9t\u00e9 au vieillissement,VU le d\u00e9cret n\u00b0 2016-750 du 6 juin 2016 relatif \u00e0 la liste des activit\u00e9s de services \u00e0 la personnesoumises \u00e0 agr\u00e9ment ou \u00e0 autorisation dans le cadre du r\u00e9gime commun de la d\u00e9claration,VU le code du travail et notamment les articles L 7231-1 \u00e0 L 7233-2, R 7232-16 \u00e0 R 7232-22, D7231-1 et D 7233-1 \u00e0 D 7233-5. '\nConstate\nQu'une d\u00e9claration d'activit\u00e9s de services \u00e0 la personne a \u00e9t\u00e9 d\u00e9pos\u00e9e sous le n\u00b0 1193800 aupr\u00e8s dela DDETS de la C\u00f4te d'Or, le 8 mars 2024, par Mme ERROUANE Sarah, dans le cadre d'uneentreprise individuelle, repr\u00e9sent\u00e9e par Mme ERROUANE Sarah, dont le si\u00e8ge social est situ\u00e9 au 4all\u00e9e Alice Guy \u2014 21000 DIJON et enregistr\u00e9e sous le n\u00b0 SAP/984470161 pour l'activit\u00e9 suivante \u00e0I'exclusion de toute autre :\n- Entretien de la maison et travaux m\u00e9nagers.\nDDETS 21, 21 Bd Voltaire, BP 81110 - 21011 DIJON CedexT\u00e9l. : 03 80 45 75 45 (Accueil)www.cote-dor.gouv fr\nDirection d\u00e9partementale de l'emploi, du travail et des solidarit\u00e9s de C\u00f4te-d'Or - 21-2024-03-22-00005 - R\u00e9c\u00e9piss\u00e9 D\u00e9claration SAP -\nn\u00b0984470161 - ERROUANE Sarah 8\nCette activit\u00e9 est exerc\u00e9e en qualit\u00e9 de prestataire.L'\u00e9tablissement principal, \u00e9galement si\u00e8ge social, se S|tue \u00e0 l'adresse ci-dessus et possede le num\u00e9roSIRET suivant, 984 470 161 00014.Toute modification concernant l'activit\u00e9 exerc\u00e9e devra faire l'objet dune d\u00e9claration modlflcatlvepr\u00e9alable.Sous r\u00e9serve d'\u00e9tre exerc\u00e9e \u00e0 titre exclusif ou de tenir une comptabilit\u00e9 s\u00e9par\u00e9e pour les organismespouvant deroger \u00e0 la condition d'activit\u00e9 exclusive (art L 7232-1-2 Code Trav), cette activit\u00e9 ouvredroit au b\u00e9n\u00e9fice des dispositions des articles L. 7233-2 du code du travail et L. 241-10 du code de las\u00e9curit\u00e9 sociale dans les conditions pr\u00e9vues par ces articles.Les effets de la d\u00e9claration courent \u00e0 compter du jour de d\u00e9p\u00f4t de la demande, conform\u00e9ment \u00e0l'article R.7232-18 du code du travail.L'enregistrement de la d\u00e9claration peut \u00eatre retir\u00e9 dans les conditions fix\u00e9es aux articles R.7232-20 \u00e0R.7232-22 du code du travail.Le pr\u00e9sent r\u00e9c\u00e9piss\u00e9 n'est pas limit\u00e9 dans le temps et sera publi\u00e9 au recueil des actes administratifsde la pr\u00e9fecture de la C\u00f4te d'Or.\nPour le Pr\u00e9fet de C\u00f4te d'OrEt par subd\u00e9l\u00e9gation du Directeur D\u00e9partemental emp\u00e9ch\u00e9,La Responsable de I' Unit\u00e9, Formation, Emploi et Insertion,SIGNEMarie BEGRAND\nDDETS 21, 21 Bd Voltaire, BP 81110 - 21011 DIJON CedexT\u00e9l. : 03 80 45 75 45 (Accueil) \u00bbwww.cote-dor.gouv.fr\nDirection d\u00e9partementale de l'emploi, du travail et des solidarit\u00e9s de C\u00f4te-d'Or - 21-2024-03-22-00005 - R\u00e9c\u00e9piss\u00e9 D\u00e9claration SAP -\nn\u00b0984470161 - ERROUANE Sarah 9\nDirection d\u00e9partementale de la protection des\npopulations de la C\u00f4te-d'Or\nService Sant\u00e9 et Protections animales, Protection\nde l'Environnement\n21-2024-03-25-00004\nArr\u00eat\u00e9 pr\u00e9fectoral N\u00b0579/2024 en date du 25\nmars 2024 attribuant l habilitation sanitaire \u00e0\nMathilde BERNASCONI\nDirection d\u00e9partementale de la protection des populations de la C\u00f4te-d'Or - 21-2024-03-25-00004 - Arr\u00eat\u00e9 pr\u00e9fectoral N\u00b0579/2024 en\ndate du 25 mars 2024 attribuant l habilitation sanitaire \u00e0 Mathilde BERNASCONI 10\nExPREFETDE LACOTE-D'ORijen'\u00e9Egalit\u00e9Fraternit\u00e9\nDirection D\u00e9partementale\nde la Protection des Populations\nAffaire suivie par Val\u00e9rie LABUSSIERE                    \nService sant\u00e9 et protection animales, \nprotection de l'environnement\nT\u00e9l : 03 80 29 44 53\nm\u00e9l : ddpp-spa@cote-dor.gouv.fr\nArr\u00eat\u00e9 pr\u00e9fectoral N\u00b0579/2024 en date du 25 mars 2024\nAttribuant l'habilitation sanitaire \u00e0 Mathilde BERNASCONI\nPr\u00e9fet de la C\u00f4te-d'Or\nVu le Code Rural et de la p\u00eache maritime et notamment ses articles L.203-1 \u00e0 L.203-7 , L.223-\n6, R.203-1 \u00e0 R.203-15 et R.242-33.\nVu le d\u00e9cret n\u00b080-516 du 4 juillet 1980, modifi\u00e9 par le d\u00e9cret n\u00b090-1033 du 19 novembre\n1990 et par le d\u00e9cret 2003-768 du 1 er ao\u00fbt 2003, relatif \u00e0 l'ex\u00e9cution des mesures de\nprophylaxie collective des maladies des animaux ;\nVu le  d\u00e9cret  n\u00b02004-374  du  29  avril  2004  modifi\u00e9,  relatif  aux  pouvoirs  des  pr\u00e9fets,  \u00e0\nl'organisation  et  \u00e0  l'action  des  services  de  l'\u00c9tat  dans  les  r\u00e9gions  et  d\u00e9partements\nnotamment son article 43 ;\nVu  le d\u00e9cret n\u00b0 du 26 septembre 2022 nommant MR ROBINE Franck, pr\u00e9fet de la Cote d'\nOr ;\nVu l'arr\u00eat\u00e9 pr\u00e9fectoral n\u00b0 1409/SG du 18/09/2023, donnant d\u00e9l\u00e9gation de signature \u00e0\nMonsieur ROOSE Didier ;\nVu l'arr\u00eat\u00e9 pr\u00e9fectoral n\u00b0 1411/DDPP du 21/09/2023, donnant subd\u00e9l\u00e9gation de signature ;\nConsid\u00e9rant que  le  Docteur  V\u00e9t\u00e9rinaire Mathilde  BERNASCONI  remplit  les  conditions\npermettant l'attribution de l'habilitation sanitaire ;\nSur proposition de Monsieur le directeur d\u00e9partemental de la protection des populations de\nla C\u00f4te-d'Or ;\nDirection D\u00e9partementale de la Protection des Populations - 57 rue de Mulhouse  -  21 033 DIJON Cedex\nt\u00e9l : 03 80 29 43 53... - m\u00e8l : ddpp-spa@cote-dor.gouv.fr\nSite internet : http://www.cote-dor.gouv.fr\npage 1\nDirection d\u00e9partementale de la protection des populations de la C\u00f4te-d'Or - 21-2024-03-25-00004 - Arr\u00eat\u00e9 pr\u00e9fectoral N\u00b0579/2024 en\ndate du 25 mars 2024 attribuant l habilitation sanitaire \u00e0 Mathilde BERNASCONI 11\nA R R E T E\nArticle 1er :\nL'habilitation sanitaire pr\u00e9vue \u00e0 l'article L.203-1 du code rural et de la p\u00eache maritime susvis\u00e9\nest attribu\u00e9e pour une dur\u00e9e de 5 ans \u00e0 compter de la date de signature du pr\u00e9sent arr\u00eat\u00e9, \u00e0 \nMathilde BERNASCONI, Docteur V\u00e9t\u00e9rinaire inscrite au Tableau de l'Ordre des V\u00e9t\u00e9rinaires \nde la r\u00e9gion Bourgogne-Franche-Comt\u00e9, sous le n\u00b032724, administrativement domicili\u00e9e \u00e0 109 \navenue Gustave Eiffel 21000 DIJON\nArticle 2 :\nMathilde BERNASCONI s'engage \u00e0 respecter les prescriptions techniques, administratives et\nle cas \u00e9ch\u00e9ant financi\u00e8res de mise en \u0153uvre des mesures de pr\u00e9vention, de surveillance ou\nde  lutte  prescrites  par  l'autorit\u00e9  administrative  et  des  op\u00e9rations  de  police  sanitaire\nex\u00e9cut\u00e9es en application de l'article L.203-7 du code rural et de la p\u00eache maritime.\nArticle 3 :\nMathilde BERNASCONI  pourra \u00eatre appel\u00e9e par le pr\u00e9fet de ses d\u00e9partements d'exercice\npour la r\u00e9alisation d'op\u00e9rations de police sanitaire au sein des lieux de d\u00e9tention ou des\n\u00e9tablissements  pour  lesquels  elle  a  \u00e9t\u00e9  d\u00e9sign\u00e9e v\u00e9t\u00e9rinaire  sanitaire.  Elle  sera  tenue  de\nconcourir \u00e0 ces op\u00e9rations en application des dispositions de l'article L.203-7 du code rural et\nde la p\u00eache maritime.\nArticle 4 :\nTout  manquement  ou  faute  commis  dans  l'exercice  de  la  pr\u00e9sente  habilitation  sanitaire\nentra\u00eenera l'application des dispositions pr\u00e9vues aux articles R.203-15, R.228-6 et suivants du\ncode rural et de la p\u00eache maritime.\nArticle 5 :\nLa pr\u00e9sente d\u00e9cision peut faire l'objet d'un recours devant le Tribunal Administratif de Dijon\ndans un d\u00e9lai de deux mois \u00e0 compter de la date de notification, soit par courrier, soit par\nl'application informatique T\u00e9l\u00e9recours accessible sur le site www.telerecours.fr\nArticle 6 :\nMonsieur le directeur  d\u00e9partementa l de la protection des populations de la C\u00f4te-d'Or est\ncharg\u00e9e de l'ex\u00e9cution du pr\u00e9sent arr\u00eat\u00e9 qui sera publi\u00e9 au recueil des actes administratifs de\nla pr\u00e9fecture de la C\u00f4te-d'Or.\nFait \u00e0 Dijon, le 25 mars 2024\nL'adjointe \u00e0 la cheffe de service\nSign\u00e9\nAdeline PERRONNEAU\nDirection D\u00e9partementale de la Protection des Populations - 57 rue de Mulhouse  -  21 033 DIJON Cedex\nt\u00e9l : 03 80 29 43 53... - m\u00e8l : ddpp-spa@cote-dor.gouv.fr\nSite internet : http://www.cote-dor.gouv.fr\npage 2\nDirection d\u00e9partementale de la protection des populations de la C\u00f4te-d'Or - 21-2024-03-25-00004 - Arr\u00eat\u00e9 pr\u00e9fectoral N\u00b0579/2024 en\ndate du 25 mars 2024 attribuant l habilitation sanitaire \u00e0 Mathilde BERNASCONI 12\nDirection d\u00e9partementale de la protection des\npopulations de la C\u00f4te-d'Or\nService Sant\u00e9 et Protections animales, Protection\nde l'Environnement\n21-2024-03-25-00003\nArr\u00eat\u00e9 pr\u00e9fectoral N\u00b0580/2024 en date du 25\nmars 2024 attribuant l habilitation sanitaire \u00e0\nC\u00e9dric WILL\nDirection d\u00e9partementale de la protection des populations de la C\u00f4te-d'Or - 21-2024-03-25-00003 - Arr\u00eat\u00e9 pr\u00e9fectoral N\u00b0580/2024 en\ndate du 25 mars 2024 attribuant l habilitation sanitaire \u00e0 C\u00e9dric WILL 13\nExPREFETDE LACOTE-D'ORijen'\u00e9Egalit\u00e9Fraternit\u00e9\nDirection D\u00e9partementale\nde la Protection des Populations\nAffaire suivie par Val\u00e9rie LABUSSIERE                    \nService sant\u00e9 et protection animales, \nprotection de l'environnement\nT\u00e9l : 03 80 29 44 53\nm\u00e9l : ddpp-spa@cote-dor.gouv.fr\nArr\u00eat\u00e9 pr\u00e9fectoral N\u00b0580/2024 en date du 25 mars 2024\nAttribuant l'habilitation sanitaire \u00e0 C\u00e9dric WILL\nPr\u00e9fet de la C\u00f4te-d'Or\nVu le Code Rural et de la p\u00eache maritime et notamment ses articles L.203-1 \u00e0 L.203-7 , L.223-\n6, R.203-1 \u00e0 R.203-15 et R.242-33.\nVu le d\u00e9cret n\u00b080-516 du 4 juillet 1980, modifi\u00e9 par le d\u00e9cret n\u00b090-1033 du 19 novembre\n1990 et par le d\u00e9cret 2003-768 du 1 er ao\u00fbt 2003, relatif \u00e0 l'ex\u00e9cution des mesures de\nprophylaxie collective des maladies des animaux ;\nVu le  d\u00e9cret  n\u00b02004-374  du  29  avril  2004  modifi\u00e9,  relatif  aux  pouvoirs  des  pr\u00e9fets,  \u00e0\nl'organisation  et  \u00e0  l'action  des  services  de  l'\u00c9tat  dans  les  r\u00e9gions  et  d\u00e9partements\nnotamment son article 43 ;\nVu  le d\u00e9cret n\u00b0 du 26 septembre 2022 nommant MR ROBINE Franck, pr\u00e9fet de la Cote d'\nOr ;\nVu l'arr\u00eat\u00e9 pr\u00e9fectoral n\u00b0 1409/SG du 18/09/2023, donnant d\u00e9l\u00e9gation de signature \u00e0\nMonsieur ROOSE Didier ;\nVu l'arr\u00eat\u00e9 pr\u00e9fectoral n\u00b0 1411/DDPP du 21/09/2023, donnant subd\u00e9l\u00e9gation de signature ;\nConsid\u00e9rant que  le  Docteur  V\u00e9t\u00e9rinaire C\u00e9dric  WILL  remplit  les  conditions  permettant\nl'attribution de l'habilitation sanitaire ;\nSur proposition de Monsieur le directeur d\u00e9partemental de la protection des populations de\nla C\u00f4te-d'Or ;\nDirection D\u00e9partementale de la Protection des Populations - 57 rue de Mulhouse  -  21 033 DIJON Cedex\nt\u00e9l : 03 80 29 43 53... - m\u00e8l : ddpp-spa@cote-dor.gouv.fr\nSite internet : http://www.cote-dor.gouv.fr\npage 1\nDirection d\u00e9partementale de la protection des populations de la C\u00f4te-d'Or - 21-2024-03-25-00003 - Arr\u00eat\u00e9 pr\u00e9fectoral N\u00b0580/2024 en\ndate du 25 mars 2024 attribuant l habilitation sanitaire \u00e0 C\u00e9dric WILL 14\nA R R E T E\nArticle 1er :\nL'habilitation sanitaire pr\u00e9vue \u00e0 l'article L.203-1 du code rural et de la p\u00eache maritime susvis\u00e9\nest attribu\u00e9e pour une dur\u00e9e de 5 ans \u00e0 compter de la date de signature du pr\u00e9sent arr\u00eat\u00e9, \u00e0 \nC\u00e9dric WILL, Docteur V\u00e9t\u00e9rinaire inscrit au Tableau de l'Ordre des V\u00e9t\u00e9rinaires de la r\u00e9gion \nBourgogne-Franche-Comt\u00e9, sous le n\u00b030062, administrativement domicili\u00e9 \u00e0 11 ter rue Paul \nLangevin 21300 CHENOVE\nArticle 2 :\nC\u00e9dric  WILL  s'engage  \u00e0  respecter  les  prescriptions  techniques,  administratives  et  le  cas\n\u00e9ch\u00e9ant financi\u00e8res de mise en \u0153uvre des mesures de pr\u00e9vention, de surveillance ou de lutte\nprescrites par l'autorit\u00e9 administrative et des op\u00e9rations de police sanitaire ex\u00e9cut\u00e9es en\napplication de l'article L.203-7 du code rural et de la p\u00eache maritime.\nArticle 3 :\nC\u00e9dric  WILL  pourra  \u00eatre  appel\u00e9  par  le  pr\u00e9fet  de  ses  d\u00e9partements  d'exercice  pour  la\nr\u00e9alisation  d'op\u00e9rations  de  police  sanitaire  au  sein  des  lieux  de  d\u00e9tention  ou  des\n\u00e9tablissements pour lesquels il a \u00e9t\u00e9 d\u00e9sign\u00e9 v\u00e9t\u00e9rinaire sanitaire. Il sera tenu de concourir \u00e0\nces op\u00e9rations en application des dispositions de l'article L.203-7 du code rural et de la\np\u00eache maritime.\nArticle 4 :\nTout  manquement  ou  faute  commis  dans  l'exercice  de  la  pr\u00e9sente  habilitation  sanitaire\nentra\u00eenera l'application des dispositions pr\u00e9vues aux articles R.203-15, R.228-6 et suivants du\ncode rural et de la p\u00eache maritime.\nArticle 5 :\nLa pr\u00e9sente d\u00e9cision peut faire l'objet d'un recours devant le Tribunal Administratif de Dijon\ndans un d\u00e9lai de deux mois \u00e0 compter de la date de notification, soit par courrier, soit par\nl'application informatique T\u00e9l\u00e9recours accessible sur le site www.telerecours.fr\nArticle 6 :\nMonsieur le directeur  d\u00e9partementa l de la protection des populations de la C\u00f4te-d'Or est\ncharg\u00e9e de l'ex\u00e9cution du pr\u00e9sent arr\u00eat\u00e9 qui sera publi\u00e9 au recueil des actes administratifs de\nla pr\u00e9fecture de la C\u00f4te-d'Or.\nFait \u00e0 Dijon, le 25 mars 2024\nL'adjointe \u00e0 la cheffe de service\nSign\u00e9\nAdeline PERRONNEAU\nDirection D\u00e9partementale de la Protection des Populations - 57 rue de Mulhouse  -  21 033 DIJON Cedex\nt\u00e9l : 03 80 29 43 53... - m\u00e8l : ddpp-spa@cote-dor.gouv.fr\nSite internet : http://www.cote-dor.gouv.fr\npage 2\nDirection d\u00e9partementale de la protection des populations de la C\u00f4te-d'Or - 21-2024-03-25-00003 - Arr\u00eat\u00e9 pr\u00e9fectoral N\u00b0580/2024 en\ndate du 25 mars 2024 attribuant l habilitation sanitaire \u00e0 C\u00e9dric WILL 15\nDirection d\u00e9partementale de la protection des\npopulations de la C\u00f4te-d'Or\nService Sant\u00e9 et Protections animales, Protection\nde l'Environnement\n21-2024-03-26-00001\nArr\u00eat\u00e9 pr\u00e9fectoral N\u00b0590/2024 en date du 26\nmars 2024 attribuant l habilitation sanitaire \u00e0\nAnne-C\u00e9cile FAU\nDirection d\u00e9partementale de la protection des populations de la C\u00f4te-d'Or - 21-2024-03-26-00001 - Arr\u00eat\u00e9 pr\u00e9fectoral N\u00b0590/2024 en\ndate du 26 mars 2024 attribuant l habilitation sanitaire \u00e0 Anne-C\u00e9cile FAU 16\nExPREFETDE LACOTE-D'ORijen'\u00e9Egalit\u00e9Fraternit\u00e9\nDirection D\u00e9partementale\nde la Protection des Populations\nAffaire suivie par Val\u00e9rie LABUSSIERE                    \nService sant\u00e9 et protection animales, \nprotection de l'environnement\nT\u00e9l : 03 80 29 44 53\nm\u00e9l : ddpp-spa@cote-dor.gouv.fr\nArr\u00eat\u00e9 pr\u00e9fectoral N\u00b0590/2024 en date du 26 mars 2024\nAttribuant l'habilitation sanitaire \u00e0 Anne-C\u00e9cile FAU\nPr\u00e9fet de la C\u00f4te-d'Or\nVu le Code Rural et de la p\u00eache maritime et notamment ses articles L.203-1 \u00e0 L.203-7 , L.223-\n6, R.203-1 \u00e0 R.203-15 et R.242-33.\nVu le d\u00e9cret n\u00b080-516 du 4 juillet 1980, modifi\u00e9 par le d\u00e9cret n\u00b090-1033 du 19 novembre\n1990 et par le d\u00e9cret 2003-768 du 1 er ao\u00fbt 2003, relatif \u00e0 l'ex\u00e9cution des mesures de\nprophylaxie collective des maladies des animaux ;\nVu le  d\u00e9cret  n\u00b02004-374  du  29  avril  2004  modifi\u00e9,  relatif  aux  pouvoirs  des  pr\u00e9fets,  \u00e0\nl'organisation  et  \u00e0  l'action  des  services  de  l'\u00c9tat  dans  les  r\u00e9gions  et  d\u00e9partements\nnotamment son article 43 ;\nVu  le d\u00e9cret n\u00b0 du 26 septembre 2022 nommant MR ROBINE Franck, pr\u00e9fet de la Cote d'\nOr ;\nVu l'arr\u00eat\u00e9 pr\u00e9fectoral n\u00b0 1409/SG du 18/09/2023, donnant d\u00e9l\u00e9gation de signature \u00e0\nMonsieur ROOSE Didier ;\nVu l'arr\u00eat\u00e9 pr\u00e9fectoral n\u00b0 1411/DDPP du 21/09/2023, donnant subd\u00e9l\u00e9gation de signature ;\nConsid\u00e9rant que le Docteur  V\u00e9t\u00e9rinaire Anne-C\u00e9cile FAU  remplit les conditions permettant\nl'attribution de l'habilitation sanitaire ;\nSur proposition de Monsieur le directeur d\u00e9partemental de la protection des populations de\nla C\u00f4te-d'Or ;\nDirection D\u00e9partementale de la Protection des Populations - 57 rue de Mulhouse  -  21 033 DIJON Cedex\nt\u00e9l : 03 80 29 43 53... - m\u00e8l : ddpp-spa@cote-dor.gouv.fr\nSite internet : http://www.cote-dor.gouv.fr\npage 1\nDirection d\u00e9partementale de la protection des populations de la C\u00f4te-d'Or - 21-2024-03-26-00001 - Arr\u00eat\u00e9 pr\u00e9fectoral N\u00b0590/2024 en\ndate du 26 mars 2024 attribuant l habilitation sanitaire \u00e0 Anne-C\u00e9cile FAU 17\nA R R E T E\nArticle 1er :\nL'habilitation sanitaire pr\u00e9vue \u00e0 l'article L.203-1 du code rural et de la p\u00eache maritime susvis\u00e9\nest attribu\u00e9e pour une dur\u00e9e de 5 ans \u00e0 compter de la date de signature du pr\u00e9sent arr\u00eat\u00e9, \u00e0 \nAnne-C\u00e9cile FAU, Docteur V\u00e9t\u00e9rinaire inscrite au Tableau de l'Ordre des V\u00e9t\u00e9rinaires de la \nr\u00e9gion Bourgogne-Franche-Comt\u00e9, sous le n\u00b028356, administrativement domicili\u00e9e \u00e0 11B rue \nde Fontaine 21121 DAIX\nArticle 2 :\nAnne-C\u00e9cile FAU s'engage \u00e0 respecter les prescriptions techniques, administratives et le cas\n\u00e9ch\u00e9ant financi\u00e8res de mise en \u0153uvre des mesures de pr\u00e9vention, de surveillance ou de lutte\nprescrites par l'autorit\u00e9 administrative et des op\u00e9rations de police sanitaire ex\u00e9cut\u00e9es en\napplication de l'article L.203-7 du code rural et de la p\u00eache maritime.\nArticle 3 :\nAnne-C\u00e9cile FAU  pourra \u00eatre appel\u00e9e par le pr\u00e9fet de ses d\u00e9partements d'exercice pour la\nr\u00e9alisation  d'op\u00e9rations  de  police  sanitaire  au  sein  des  lieux  de  d\u00e9tention  ou  des\n\u00e9tablissements  pour  lesquels  elle  a  \u00e9t\u00e9  d\u00e9sign\u00e9e v\u00e9t\u00e9rinaire  sanitaire.  Elle  sera  tenue  de\nconcourir \u00e0 ces op\u00e9rations en application des dispositions de l'article L.203-7 du code rural et\nde la p\u00eache maritime.\nArticle 4 :\nTout  manquement  ou  faute  commis  dans  l'exercice  de  la  pr\u00e9sente  habilitation  sanitaire\nentra\u00eenera l'application des dispositions pr\u00e9vues aux articles R.203-15, R.228-6 et suivants du\ncode rural et de la p\u00eache maritime.\nArticle 5 :\nLa pr\u00e9sente d\u00e9cision peut faire l'objet d'un recours devant le Tribunal Administratif de Dijon\ndans un d\u00e9lai de deux mois \u00e0 compter de la date de notification, soit par courrier, soit par\nl'application informatique T\u00e9l\u00e9recours accessible sur le site www.telerecours.fr\nArticle 6 :\nMonsieur le directeur  d\u00e9partementa l de la protection des populations de la C\u00f4te-d'Or est\ncharg\u00e9e de l'ex\u00e9cution du pr\u00e9sent arr\u00eat\u00e9 qui sera publi\u00e9 au recueil des actes administratifs de\nla pr\u00e9fecture de la C\u00f4te-d'Or.\nFait \u00e0 Dijon, le 26 mars 2024\nL'adjointe \u00e0 la cheffe de service\nSign\u00e9\nAdeline PERRONNEAU\nDirection D\u00e9partementale de la Protection des Populations - 57 rue de Mulhouse  -  21 033 DIJON Cedex\nt\u00e9l : 03 80 29 43 53... - m\u00e8l : ddpp-spa@cote-dor.gouv.fr\nSite internet : http://www.cote-dor.gouv.fr\npage 2\nDirection d\u00e9partementale de la protection des populations de la C\u00f4te-d'Or - 21-2024-03-26-00001 - Arr\u00eat\u00e9 pr\u00e9fectoral N\u00b0590/2024 en\ndate du 26 mars 2024 attribuant l habilitation sanitaire \u00e0 Anne-C\u00e9cile FAU 18\nDirection d\u00e9partementale des territoires de la\nC\u00f4te-d'Or\nService Pr\u00e9servation et Am\u00e9nagement de\nl'Espace (SPAE)\n21-2024-03-18-00005\nArr\u00eat\u00e9 pr\u00e9fectoral du 18 mars 2024\nabrogeant l\u25a1arr\u00eat\u00e9 pr\u00e9fectoral du 30 d\u00e9cembre\n2019 et portant nomination des\nlieutenants de louveterie dans le d\u00e9partement\nde la C\u00f4te-d\u25a1Or jusqu\u25a1au 31 d\u00e9cembre 2024\nDirection d\u00e9partementale des territoires de la C\u00f4te-d'Or - 21-2024-03-18-00005 - Arr\u00eat\u00e9 pr\u00e9fectoral du 18 mars 2024\nabrogeant l\u25a1arr\u00eat\u00e9 pr\u00e9fectoral du 30 d\u00e9cembre 2019 et portant nomination des\nlieutenants de louveterie dans le d\u00e9partement de la C\u00f4te-d\u25a1Or jusqu\u25a1au 31 d\u00e9cembre 2024\n19\nExPREFETDE LACOTE-D'ORijerte'Egalit\u00e9Fraternit\u00e9\nDirection d\u00e9partementale des territoires\nde la C\u00f4te-d'Or\nService pr\u00e9servation et am\u00e9nagement de \nl'espace\nBureau chasse for\u00eat\nArr\u00eat\u00e9 pr\u00e9fectoral du 18 mars 2024\nabrogeant l'arr\u00eat\u00e9 pr\u00e9fectoral du 30 d\u00e9cembre 2019 et portant nomination des\nlieutenants de louveterie dans le d\u00e9partement de la C\u00f4te-d'Or jusqu'au 31 d\u00e9cembre 2024\nLe pr\u00e9fet de la r\u00e9gion Bourgogne-Franche-Comt\u00e9\nPr\u00e9fet de la C\u00f4te-d'Or\nVU le code de l'environnement et notamment ses articles L.427-1 \u00e0 L427-7 , R.427-1 \u00e0 R.427-\n21 et R.422-88 ;\nVU l'arr\u00eat\u00e9 minist\u00e9riel du 14 juin 2010 relatif aux lieutenants de louveterie ;\nVU l'instruction technique du 12 juillet 2019 relative aux lieutenants de louveterie ;\nVU les avis recueillis lors de la r\u00e9union du groupe informel d\u00e9partemental du 13 mars 2024 ;\nVU l'arr\u00eat\u00e9 pr\u00e9fectoral modifi\u00e9 du 30 d\u00e9cembre 2019 portant nomination des lieutenants\nde louveterie dans le d\u00e9partement de la C\u00f4te-d'Or pour la p\u00e9riode du 1er janvier 2020 au\n31 d\u00e9cembre 2024 ;\nCONSID\u00c9RANT la n\u00e9cessit\u00e9 de renforcer l'effectif de lieutenants de louveterie de la C\u00f4te\nd'Or pour la fin de la mandature 2020-2024 au regard du nombre croissant d'interventions\nadministratives mobilisant les lieutenants ;\nSUR proposition de Madame la Directrice d\u00e9partementale des territoires de la C\u00f4te d'Or ;\nARR\u00caTE\nARTICLE 1     : effectif\nLe nombre de lieutenants de louveterie en fonction dans le d\u00e9partement de la C\u00f4te -d'Or\nest fix\u00e9 \u00e0 28.\n1\nDirection d\u00e9partementale des territoires de la C\u00f4te-d'Or\n57 , rue de Mulhouse - BP 53317 - 21033 Dijon CEDEX\nT\u00e9l. : 03 80 29 44 44\nCourriel : ddt@cote-dor.gouv.fr - Site internet : \nhttp://www.cote-dor.gouv.fr\nDirection d\u00e9partementale des territoires de la C\u00f4te-d'Or - 21-2024-03-18-00005 - Arr\u00eat\u00e9 pr\u00e9fectoral du 18 mars 2024\nabrogeant l\u25a1arr\u00eat\u00e9 pr\u00e9fectoral du 30 d\u00e9cembre 2019 et portant nomination des\nlieutenants de louveterie dans le d\u00e9partement de la C\u00f4te-d\u25a1Or jusqu\u25a1au 31 d\u00e9cembre 2024\n20\nARTICLE 2     :   circonscriptions\nDans le d\u00e9partement de la C\u00f4te-d'Or sont d\u00e9limit\u00e9es 17 circonscriptions de lieutenants de\nlouveterie. Ces 17 circonscriptions sont constitu\u00e9es des unit\u00e9s de gestion cyn\u00e9g\u00e9tiques\nqui, pour certaines, sont d\u00e9coup\u00e9es selon les limites des massifs \u00e0 sanglier d\u00e9finis par le\nsch\u00e9ma d\u00e9partemental de gestion cyn\u00e9g\u00e9tique.\nLes circonscriptions sont ainsi d\u00e9limit\u00e9es :\n\u2022 circonscription  1  :  ensemble  de  l'unit\u00e9  de  gestion  cyn\u00e9g\u00e9tique  1  \u00ab Nord\nCh\u00e2tillonnais \u00bb ;\n\u2022 circonscription 2 : ensemble de l'unit\u00e9 de gestion cyn\u00e9g\u00e9tique 2 \u00ab Ch\u00e2tillonnais \u00bb ;\n\u2022 circonscription 3 : ensemble de l'unit\u00e9 de gestion cyn\u00e9g\u00e9tique 13 \u00ab Grand Jailly \u00bb ;\n\u2022 circonscription 4 : ensemble de l'unit\u00e9 de gestion cyn\u00e9g\u00e9tique 3 \u00ab Val de Sa\u00f4ne \u00bb ;\n\u2022 circonscription 5 : secteur Est de l'unit\u00e9 de gestion cyn\u00e9g\u00e9tique 4 \u00ab Citeaux Seurre \u00bb\net massifs \u00e0 sanglier 04-03, 04-04, 04-05, 04-08, 04-09, 04-10 et 04-13 ;\n\u2022 circonscription 6 : secteur  Ouest de l'unit\u00e9 de gestion cyn\u00e9g\u00e9tique 4 \u00ab  Citeaux\nSeurre \u00bb et massifs \u00e0 sanglier 04-02,  04-06, 04-07 , 04-11 et 04-12 ;\n\u2022 circonscription 7 : ensemble de l'unit\u00e9 de gestion cyn\u00e9g\u00e9tique 5 \u00ab  Hautes C\u00f4tes et\nvall\u00e9e de l'Ouche \u00bb \u00e0 l'exclusion du massif \u00e0 sanglier 05-03 ;\n\u2022 circonscription 8 : ensemble de l'unit\u00e9 de gestion cyn\u00e9g\u00e9tique 6 \u00ab Ouest Beaune \u00bb ;\n\u2022 circonscription 9 : secteur Nord de l'unit\u00e9 de gestion cyn\u00e9g\u00e9tique 7 \u00ab  Vall\u00e9e de la\nSalmaise et de l'Ozerain \u00bb et massifs \u00e0 sanglier 07-01, 07-02, 07-03 et 07- 04 ;\n\u2022 circonscription 10 : secteur Sud de l'unit\u00e9 de gestion cyn\u00e9g\u00e9tique 7 \u00ab  Vall\u00e9e de la\nSalmaise et de l'Ozerain  \u00bb et massifs \u00e0 sanglier 07-05, 07-06, 07-07 , 07-08, 07-09, 07-10\net 07-11 ;\n\u2022 circonscription 11 : ensemble de l'unit\u00e9 de gestion cyn\u00e9g\u00e9tique 8 \u00ab Deux Vall\u00e9es \u00bb ;\n\u2022 circonscription 12 : secteur Ouest de l'unit\u00e9 de gestion cyn\u00e9g\u00e9tique 9 \u00ab  Montagne\net Grolles \u00bb et massifs \u00e0 sanglier 09-01, 09-04 et 09-05  ;\n\u2022 circonscription 13 : secteur Est de l'unit\u00e9 de gestion cyn\u00e9g\u00e9tique 9 \u00ab  Montagne et\nGrolles \u00bb et massifs \u00e0 sanglier 09-02, 09-03 et 09-07 ;\n\u2022 circonscription 14 : ensemble de l'unit\u00e9 de gestion cyn\u00e9g\u00e9tique 10 \u00ab Vingeanne \u00bb ;\n\u2022 circonscription 15 : ensemble de l'unit\u00e9 de gestion cyn\u00e9g\u00e9tique 11 \u00ab  Grand Morvan\net Auxois \u00bb ;\n\u2022 circonscription 16 : ensemble de l'unit\u00e9 de gestion cyn\u00e9g\u00e9tique 12 \u00ab Auxois \u00bb ;\n\u2022 circonscription  17 :  massifs  \u00e0  sanglier  04-01,  05-03,  09-06 et  09-08  situ\u00e9s  sur  le\nsecteur de Dijon ;\nUne carte repr\u00e9sentant ces 17 circonscriptions est annex\u00e9e \u00e0 la pr\u00e9sente d\u00e9cision.\n2\nDirection d\u00e9partementale des territoires de la C\u00f4te-d'Or\n57 , rue de Mulhouse - BP 53317 - 21033 Dijon CEDEX\nT\u00e9l. : 03 80 29 44 44\nCourriel : ddt@cote-dor.gouv.fr - Site internet : \nhttp://www.cote-dor.gouv.fr\nDirection d\u00e9partementale des territoires de la C\u00f4te-d'Or - 21-2024-03-18-00005 - Arr\u00eat\u00e9 pr\u00e9fectoral du 18 mars 2024\nabrogeant l\u25a1arr\u00eat\u00e9 pr\u00e9fectoral du 30 d\u00e9cembre 2019 et portant nomination des\nlieutenants de louveterie dans le d\u00e9partement de la C\u00f4te-d\u25a1Or jusqu\u25a1au 31 d\u00e9cembre 2024\n21\nARTICLE 3     :   affectation territoriale\nEst  nomm\u00e9  dans  chacune  des  circonscriptions  d\u00e9finies  \u00e0  l'article  2,  un  lieutenant  de\nlouveterie titulaire pour y exercer les fonctions et remplir les missions inh\u00e9rentes \u00e0 la\nlouveterie.\nCirconscription Titulaire\n1 Didier LEPINE\n2 Francis CLERC\n3 Eric GARCIA\n4 Andr\u00e9 GRANDGIRARD\n5 Jean-Luc LOIZON\n6 Eric VINCENOT\n7 Manuel CONTOUR\n8 Alain BURGUET\n9 Jeannick GAUTHEROT\n10 Eric GOURMAND\n11 Pierre GREBILLE\n12 Eric GOURMAND\n13 Olivier JACQUAND\n14 Jean-Luc CHEMIN\n15 Laurent PARRA\n16 Dominique RIGAUD\n17 Laurent GUYON\nLes  lieutenants  de  louveterie  titulaires  au  sein  de  chacune  de  leur  circonscription,\nprendront les mesures n\u00e9cessaires, notamment en mati\u00e8re d'organisation territoriale, pour\nmener \u00e0 bien les missions qui leur seront confi\u00e9es par l'autorit\u00e9 administrative.\nCes affectations par circonscriptions ne s'appliquent pas pour les missions de d\u00e9fense des\ntroupeaux contre la pr\u00e9dation par le loup.\nARTICLE 4 : suppl\u00e9ance\nTout lieutenant de louveterie peut suppl\u00e9er tout autre lieutenant, pour toute mission\nrelevant de la louveterie, si la situation le n\u00e9cessite.\nAussi, sont nomm\u00e9s lieutenants de louveterie sans affectation territoriale :\n\u2022 Thierry BEAUMONT ;\n\u2022 Philippe BIJARD ;\n\u2022 Laurent BRUN ;\n\u2022 David COUDURIER ;\n3\nDirection d\u00e9partementale des territoires de la C\u00f4te-d'Or\n57 , rue de Mulhouse - BP 53317 - 21033 Dijon CEDEX\nT\u00e9l. : 03 80 29 44 44\nCourriel : ddt@cote-dor.gouv.fr - Site internet : \nhttp://www.cote-dor.gouv.fr\nDirection d\u00e9partementale des territoires de la C\u00f4te-d'Or - 21-2024-03-18-00005 - Arr\u00eat\u00e9 pr\u00e9fectoral du 18 mars 2024\nabrogeant l\u25a1arr\u00eat\u00e9 pr\u00e9fectoral du 30 d\u00e9cembre 2019 et portant nomination des\nlieutenants de louveterie dans le d\u00e9partement de la C\u00f4te-d\u25a1Or jusqu\u25a1au 31 d\u00e9cembre 2024\n22\n\u2022 Henri GOULIARDON ;\n\u2022 Vincent LAMY ;\n\u2022 Didier LAZZARONI ;\n\u2022 Laurent LECLERC ;\n\u2022 Hubert MONY ;\n\u2022 C\u00e9dric MOUCHOUX ;\n\u2022 Romain PARIS ;\n\u2022 Nicolas PECHINOT.\nARTICLE 5     : dur\u00e9e de validit\u00e9\nLe pr\u00e9sent arr\u00eat\u00e9 est valable jusqu'au 31 d\u00e9cembre 2024. \nARTICLE   6     :   sanctions\n \nEn cas de n\u00e9gligence dans l'exercice des fonctions de lieutenant de louveterie, d'abus, de\ncomportements inappropri\u00e9s ou pour tout autre motif grave, la commission d\u00e9livr\u00e9e ou\nrenouvel\u00e9e, en vertu du pr\u00e9sent arr\u00eat\u00e9, pourra \u00eatre retir\u00e9e par l'autorit\u00e9 administrative,\napr\u00e8s proc\u00e9dure contradictoire.\nARTICLE 7     :   dispositions g\u00e9n\u00e9rales\nLe pr\u00e9sent arr\u00eat\u00e9 sera publi\u00e9 au recueil des actes administratifs de la pr\u00e9fecture de la\nC\u00f4te-d'Or.\nLa pr\u00e9sente d\u00e9cision peut \u00eatre d\u00e9f\u00e9r\u00e9e devant le tribunal administratif de Dijon dans un\nd\u00e9lai de deux mois \u00e0 compter de sa publication au recueil des actes administratifs, soit\npar courrier, soit par le biais du site de t\u00e9l\u00e9proc\u00e9dure www.telerecours.fr\nMonsieur le Secr\u00e9taire g\u00e9n\u00e9ral de la pr\u00e9fecture de la C\u00f4te-d'Or et Madame la Directrice\nd\u00e9partementale des territoires sont charg\u00e9s de l'ex\u00e9cution du pr\u00e9sent arr\u00eat\u00e9.\nLe pr\u00e9fet,\nSign\u00e9 : Franck ROBINE\n4\nDirection d\u00e9partementale des territoires de la C\u00f4te-d'Or - 21-2024-03-18-00005 - Arr\u00eat\u00e9 pr\u00e9fectoral du 18 mars 2024\nabrogeant l\u25a1arr\u00eat\u00e9 pr\u00e9fectoral du 30 d\u00e9cembre 2019 et portant nomination des\nlieutenants de louveterie dans le d\u00e9partement de la C\u00f4te-d\u25a1Or jusqu\u25a1au 31 d\u00e9cembre 2024\n23\n\u20144Libert\u00e9 \u00bb Egalit\u00e9 < Fraternit\u00e9R\u00c9PUBLIQUE FRAN\u00c7AISE\nUU20 km1010\nPR\u00c9FET DE LA C\u00d4TE-D'OR Direction d\u00e9partementale\ndes territoires\nCirconscriptions des lieutenants de louveterie 2020 - 2024 R\u00e9alis\u00e9 par : DDT21/MEPAT/P\u00f4le IG et BD le 10/01/2020 Sources : DDT21 , \u00a9 IGN\u00ae - Reproduction interdite\nUG 01 : Nord chatillonnais\nUG 02\n:\nChatillonnais\nUG 03\n:\nVal de Sa\u00f4ne\nUG 04\n:\nCiteaux Seurre\nUG 05\n:\nHautes C\u00f4tes et Vall\u00e9e de l'Ouche\nUG 06\n:\nO.uest Beaune\nUG 07\n:\nVall\u00e9e de la Salmaise et de l'Ozerain\nUG 08\n:\nDeux Vall\u00e9es\nUG 09\n:\nMontagne et Grolles\nUG 10\n:\nVingeane\nUG 11\n:\nGrand Morvan et Auxois\nUG 12\n:\nAuxois\nUG 13\n:\nGrand Jailly\nUnit\u00e9s de gestion\nCirconscriptions\nMassifs sangliers\nDirection d\u00e9partementale des territoires de la C\u00f4te-d'Or - 21-2024-03-18-00005 - Arr\u00eat\u00e9 pr\u00e9fectoral du 18 mars 2024\nabrogeant l\u25a1arr\u00eat\u00e9 pr\u00e9fectoral du 30 d\u00e9cembre 2019 et portant nomination des\nlieutenants de louveterie dans le d\u00e9partement de la C\u00f4te-d\u25a1Or jusqu\u25a1au 31 d\u00e9cembre 2024\n24\nDirection d\u00e9partementale des territoires de la\nC\u00f4te-d'Or\nService S\u00e9curit\u00e9 et \u00c9ducation Routi\u00e8re\n21-2024-03-22-00004\nAP 577 20240322 RAA M274\nEntretienEchangeur47-40\nDirection d\u00e9partementale des territoires de la C\u00f4te-d'Or - 21-2024-03-22-00004 - AP 577 20240322 RAA M274 EntretienEchangeur47-40 25\nPREFETDE LACOTE-D'ORL,z'berte'Egalit\u00e9Fraternit\u00e9\nDirection d\u00e9partementale des territoires\nde la C\u00f4te-d'Or\nService de la S\u00e9curit\u00e9 et de l'\u00c9ducation Routi\u00e8re\nBureau de la S\u00e9curit\u00e9 Routi\u00e8re\nDijon, le 22 mars 2024\nArr\u00eat\u00e9 N\u00b0 577\nportant r\u00e9glementation temporaire de la circulation pour des travaux de balayage et de\nnettoyage des r\u00e9seaux d'\u00e9vacuation des eaux pluviales sur la route m\u00e9tropolitaine\nM274 du PR 0+000 (\u00e9changeur n\u00b047 Beauregard) au PR 10+000 (\u00e9changeur n\u00b040 Malines)\nsens 1 et 2 sur les communes de Longvic, Fenay, Dijon, Saint-Apollinaire.\nLe pr\u00e9fet de la C\u00f4te-d'Or\nVU le Code de la Route ;\nVU le Code de la Voirie Routi\u00e8re ;\nVU la loi n\u00b02022-217 du 21 f\u00e9vrier 2022 relative \u00e0 la diff\u00e9renciation, la d\u00e9centralisation, la\nd\u00e9concentration  et  portant  diverses  mesures  de  simplification  de  l'action  publique\nlocale ;\nVU le  d\u00e9cret  en  Conseil  d'\u00c9tat  du  6  f\u00e9vrier  1980  d\u00e9clarant  d'utilit\u00e9  publique  la\nconstruction de la rocade Est de Dijon et lui conf\u00e9rant le statut de route express ;\nVU le d\u00e9cret 2009- 615 du 3 juin 2009 modifi\u00e9, fixant la liste des routes class\u00e9es \u00e0 grande\ncirculation ;\nDirection d\u00e9partementale des territoires de la C\u00f4te-d'Or\n57 rue de Mulhouse- BP 53317 - 21033 DIJON cedex\nt\u00e9l : 03 80 29 44 44 \u2013 Courriel : ddt@cote-dor.gouv.fr\nDirection d\u00e9partementale des territoires de la C\u00f4te-d'Or - 21-2024-03-22-00004 - AP 577 20240322 RAA M274 EntretienEchangeur47-40 26\n2\nVU le d\u00e9cret n\u00b02022-459 du 30 mars 2022 fixant la liste des voies non conc\u00e9d\u00e9es du\ndomaine  public  routier  national  qui  peuvent  \u00eatre  transf\u00e9r\u00e9es  aux  d\u00e9partements  et\nm\u00e9tropoles ou mises \u00e0 disposition des r\u00e9gions dans les conditions pr\u00e9vues aux articles 38\net 40 de la loi n\u00b02022-217 du 21 f\u00e9vrier 2022 ;\nVU le d\u00e9cret du 26 septembre 2022 nommant Monsieur  Franck ROBINE, pr\u00e9fet de la\nr\u00e9gion Bourgogne-Franche-Comt\u00e9, Pr\u00e9fet de la C\u00f4te-d'Or (hors classe) ;\nVU  l'arr\u00eat\u00e9 interminist\u00e9riel du 24 novembre 1967 modifi\u00e9, relatif \u00e0 la signalisation des\nroutes et autoroutes ;\nVU  l'arr\u00eat\u00e9 interminist\u00e9riel du 6 novembre 1992 modifi\u00e9, approuvant les dispositions de\nl'instruction interminist\u00e9rielle sur la signalisation routi\u00e8re ;\nVU l'arr\u00eat\u00e9  pr\u00e9fectoral  n\u00b021-2023-05-02-00001  du  2  mai  2023  relatif  au  transfert  au\nd\u00e9partement de C\u00f4te-d'Or de sections de routes et autoroutes class\u00e9es dans le domaine\npublic routier national ;\nVU  l'arr\u00eat\u00e9  pr\u00e9fectoral  n\u00b021-2023-05-02-00002  du  2  mai  2023  relatif  au  transfert  \u00e0  la\nM\u00e9tropole de Dijon de sections de routes et autoroutes class\u00e9es dans le domaine public\nroutier national ;\nVU  l'arr\u00eat\u00e9 pr\u00e9fectoral n\u00b0148/SG du 18 janvier 2024 donnant d\u00e9l\u00e9gation de signature \u00e0\nMonsieur Olivier GERSTLE, sous-pr\u00e9fet, directeur de cabinet du pr\u00e9fet de la C\u00f4te-d'Or ;\nVU  la circulaire du 2 f\u00e9vrier 2024 relative au calendrier des jours \u00ab  hors chantier  \u00bb pour\nl'ann\u00e9e 2024 et le mois de janvier 2025 ;\nVU la demande pr\u00e9sent\u00e9e par la M\u00e9tropole de Dijon - CEI de Dijon le 13 mars 2024 ;\nCONSID\u00c9RANT que les travaux de nettoyage et de balayage des r\u00e9seaux d'\u00e9vacuation des\neaux pluviales  sur l a M 274 n\u00e9cessitent la coupure de la circulation dans le sens 1 entre\nl'\u00e9changeur n\u00b047 Beauregard (PR0+010) et l'\u00e9changeur n\u00b045 Franche-Comt\u00e9 (PR 4+250), le\nsens  1  entre  l'\u00e9changeur  n\u00b045  Franche-Comt\u00e9  (PR4+250)  et  l'\u00e9changeur  n\u00b040  Malines\n(PR9+625), le sens 2 entre l'\u00e9changeur n\u00b040 Malines (PR9+625) et l'\u00e9changeur n\u00b045 Franche-\nComt\u00e9 (PR4+250) et qu'il y a lieu de pr\u00e9ciser les conditions de circulation, afin de pr\u00e9venir\ntout  risque  d'accident,  de  faciliter  la  bonne  ex\u00e9cution  des  travaux  et  d'assurer  un\n\u00e9coulement satisfaisant du trafic ;\nCONSID\u00c9RANT  que  la  section  concern\u00e9e  par  les  op\u00e9rations  est  situ\u00e9e  hors\nagglom\u00e9ration ;\nSUR proposition de Madame la Directrice D\u00e9partementale des  Territoires  de la C\u00f4te-\nd'Or ;\nDirection d\u00e9partementale des territoires de la C\u00f4te-d'Or\n57 rue de Mulhouse- BP 53317 - 21033 DIJON cedex\nt\u00e9l : 03 80 29 44 44 \u2013 Courriel : ddt@cote-dor.gouv.fr\nDirection d\u00e9partementale des territoires de la C\u00f4te-d'Or - 21-2024-03-22-00004 - AP 577 20240322 RAA M274 EntretienEchangeur47-40 27\n3\nARR\u00caTE\nArticle 1 \nPendant l'ex\u00e9cution des op\u00e9rations ci-dessus d\u00e9sign\u00e9es, la circulation s'effectuera dans les\nconditions suivantes :\nCoupure d'axe et fermeture de bretelles\nL'acc\u00e8s aux usagers \u00e0 la M274 sera interdit dans les 2 sens de circulation en 3 phases\ndiff\u00e9rentes.\nPhase 1 sens 1\nDu PR 0+000, \u00e9changeur n\u00b047 de Beauregard (PR 0+010) au PR 4+100,\u00e9changeur n\u00b045 de\nFranche-Comt\u00e9 (PR 4+250).\nL'acc\u00e8s \u00e0 la M274 par les bretelles n\u00b02, 3, et  6 de l'\u00e9changeur n\u00b047 Beauregard est interdit\naux usagers.\nLa circulation est interdite aux usagers du PR32D de la A311 au PR 0+000 de la M274, sa\nfermeture est \u00e9tablie par APRR.\nRestriction de circulation\nNeutralisation  de  la  voie  rapide  par  FLR  500m  en  amont  de  la  sortie  obligatoire  de\nl'\u00e9changeur n\u00b047 Beauregard par APRR.\nPhase 2 sens 1\nDu PR 3+800, \u00e9changeur n\u00b045 de Franche-Comt\u00e9 (PR4+250) au PR 9+850, \u00e9changeur n\u00b040\nde Malines (PR9+625).\nL'acc\u00e8s \u00e0 la M274 par la bretelle n\u00b02, des \u00e9changeurs n\u00b045 Franche-Comt\u00e9 (PR4+250), n\u00b044\nde Mirande (PR5+340), n\u00b043 de Qu\u00e9tigny (PR5+625), n\u00b042 de l'Arc est interdit aux usagers.\nL'acc\u00e8s \u00e0 la M274 par la bretelle n\u00b04AG de l'\u00e9changeur n\u00b045 Franche-Comt\u00e9 (PR 4+250) est\ninterdit aux usagers, sa fermeture est \u00e9tablie par APRR.\nRestriction de circulation\nNeutralisation  de  la  voie  rapide  par  FLR  500m  en  amont  de  la  sortie  obligatoire  de\nl'\u00e9changeur n\u00b045 de Franche-Comt\u00e9.\nPhase 3 sens 2 \nDu  PR  10+000,  \u00e9changeur  n\u00b040  de  Malines  (PR9+625)  au  PR  4+050,  \u00e9changeur  n\u00b045\nFranche-Comt\u00e9 (PR4+250).\nL'acc\u00e8s \u00e0 la M274 par la bretelle n\u00b04 des \u00e9changeurs n\u00b040 Malines (PR 9+625), n\u00b042 de l'Arc\n(PR6+830), n\u00b043 de Qu\u00e9tigny (PR5+625), n\u00b044 de Mirande (PR5+340), par la bretelle n\u00b03 de\nDirection d\u00e9partementale des territoires de la C\u00f4te-d'Or\n57 rue de Mulhouse- BP 53317 - 21033 DIJON cedex\nt\u00e9l : 03 80 29 44 44 \u2013 Courriel : ddt@cote-dor.gouv.fr\nDirection d\u00e9partementale des territoires de la C\u00f4te-d'Or - 21-2024-03-22-00004 - AP 577 20240322 RAA M274 EntretienEchangeur47-40 28\n4\nl'\u00e9changeur  n\u00b041  Cracovie  (PR8+530),  par  la  bretelle  n\u00b06  de  l'\u00e9changeur  n\u00b045  Franche-\nComt\u00e9 (PR4+250) est interdit.\nRestriction de circulation\nNeutralisation  de  la  voie  rapide  par  FLR  500m  en  amont  de  la  sortie  obligatoire  de\nl'\u00e9changeur n\u00b040 Malines.\nDes d\u00e9viations seront mises en place \u00e0 l'attention des usagers\nPhase 1 s  ens1  \nDepuis l'\u00e9changeur n\u00b047 de Beauregard (PR0+010) :\n\u2022 M122A boulevard de Beauregard,\n\u2022 M124 boulevard Eiffel,\n\u2022 M124 boulevard des Industries,\n\u2022 M996 route de Dijon,\n\u2022 avenue de l'Europe,\n\u2022 boulevard de Chicago,\n\u2022 M905,\n\u2022 retour M274 via \u00e9changeur n\u00b045 Franche-Comt\u00e9 (PR4+250).\nPhase 2 s  ens 1  \nDepuis l'\u00e9changeur n\u00b045 Franche-Comt\u00e9 (4+250) Bretelle n\u00b02 ferm\u00e9e :\n\u2022 A39 sortie N\u00b02,\n\u2022 M905B avenue du Mont-Blanc,\n\u2022 M122A route de Chevigny,\n\u2022 M107 route de Dijon, boulevard Jean Jaur\u00e8s,\n\u2022 M125 boulevard de l'Europe,\n\u2022 M125D,\n\u2022 M700,\n\u2022 rue Jean Moulin,\n\u2022 avenue Champollion,\n\u2022 avenue de Dallas,\n\u2022 rue de Cracovie,\n\u2022 rue de l'Yser,\n\u2022 rue de Malines,\n\u2022 retour M274 via \u00e9changeur n\u00b040 Malines (PR9+625).\nDepuis l'\u00e9changeur n\u00b045 Franche-Comt\u00e9 (4+250) Bretelle n\u00b04AG ferm\u00e9e:\n\u2022 M905,\n\u2022 rue de Neuilly,\n\u2022 M905\n\u2022 A39 sortie N\u00b02,\n\u2022 M905B avenue du Mont-Blanc,\n\u2022 M122A route de Chevigny,\n\u2022 M107 route de Dijon, boulevard Jean Jaur\u00e8s,\n\u2022 M125 boulevard de l'Europe,\nDirection d\u00e9partementale des territoires de la C\u00f4te-d'Or\n57 rue de Mulhouse- BP 53317 - 21033 DIJON cedex\nt\u00e9l : 03 80 29 44 44 \u2013 Courriel : ddt@cote-dor.gouv.fr\nDirection d\u00e9partementale des territoires de la C\u00f4te-d'Or - 21-2024-03-22-00004 - AP 577 20240322 RAA M274 EntretienEchangeur47-40 29\n5\n\u2022 M125D,\n\u2022 M700,\n\u2022 rue Jean Moulin,\n\u2022 avenue Champollion,\n\u2022 avenue de Dallas,\n\u2022 rue de Cracovie,\n\u2022 rue de l'Yser,\n\u2022 rue de Malines,\n\u2022 retour M274 via \u00e9changeur n\u00b040 Malines (PR9+625).\nDepuis l'\u00e9changeur n\u00b044 de Mirande (PR5+340):\n\u2022 M126 rue Pierre de Coubertin,\n\u2022 rue Alain Bombard,\n\u2022 rue Champeau,\n\u2022 M125 boulevard de l'Europe,\n\u2022 rue du Docteur Quignard,\n\u2022 M125D,\n\u2022 M700,\n\u2022 rue Jean Moulin,\n\u2022 avenue Champollion,\n\u2022 avenue de Dallas,\n\u2022 rue de Cracovie,\n\u2022 rue de l'Yser,\n\u2022 rue de Malines\n\u2022 retour M274 via \u00e9changeur n\u00b040 Malines (PR9+625).\nDepuis l'\u00e9changeur n\u00b043 de Qu\u00e9tigny (PR5+625) :\n\u2022 rue Alain Bombard,\n\u2022 rue Champeau,\n\u2022 M125 boulevard de l'Europe,\n\u2022 rue du Docteur Quignard,\n\u2022 M125D,\n\u2022 M700,\n\u2022 rue Jean Moulin,\n\u2022 avenue Champollion,\n\u2022 rue de Cracovie,\n\u2022 rue de l'Yser,\n\u2022 rue de Malines,\n\u2022 retour M274 via \u00e9changeur n\u00b040 Malines (PR9+625).\nDepuis l'\u00e9changeur n\u00b042 de Arc(PR6+830) :\n\u2022 rue Jean Moulin,\n\u2022 avenue de Champollion,\n\u2022 avenue de Dallas,\n\u2022 rue de Cracovie,\n\u2022 rue de l'Yser,\n\u2022 rue de Malines,\n\u2022 retour M274 via \u00e9changeur n\u00b040 Malines (PR9+625).\nDirection d\u00e9partementale des territoires de la C\u00f4te-d'Or\n57 rue de Mulhouse- BP 53317 - 21033 DIJON cedex\nt\u00e9l : 03 80 29 44 44 \u2013 Courriel : ddt@cote-dor.gouv.fr\nDirection d\u00e9partementale des territoires de la C\u00f4te-d'Or - 21-2024-03-22-00004 - AP 577 20240322 RAA M274 EntretienEchangeur47-40 30\n6\nPhase 3 sens 2\nDepuis l'\u00e9changeur n\u00b040 de Malines (PR9+625) :\n\u2022 rue du docteur Quignard,\n\u2022 rue de Mayence,\n\u2022 avenue de Dallas,\n\u2022 avenue de Champollion,\n\u2022 rue Jean Moulin,\n\u2022 M700,\n\u2022 M125D,\n\u2022 M125 boulevard de l'Europe,\n\u2022 M107 boulevard Jean Jaur\u00e8s, route de Dijon,\n\u2022 M122A route de Chevigny,\n\u2022 M905B avenue de Mont-Blanc,\n\u2022 M905,\n\u2022 retour  M274 via la bretelle n\u00b08 de l'\u00e9changeur  n\u00b045 Franche-Comt\u00e9\n(PR4+250).\nDepuis l'\u00e9changeur n\u00b041 Cracovie (PR8+530) :\n\u2022 rue de Cracovie,\n\u2022 avenue de Dallas,\n\u2022 avenue de Champollion,\n\u2022 rue Jean Moulin,\n\u2022 M700,\n\u2022 M125D,\n\u2022 M125 boulevard de l'Europe,\n\u2022 M107 boulevard Jean Jaur\u00e8s, route de Dijon,\n\u2022 M122A route de Chevigny,\n\u2022 M905B avenue de Mont-Blanc,\n\u2022 M905,\n\u2022 retour M274 via la bretelle n\u00b08 de l'\u00e9changeur n\u00b045 Franche-Comt\u00e9 (PR\n4+250).\nDepuis l'\u00e9changeur n\u00b042 de l'Arc (PR 6+830) :\n\u2022 rue Jean Moulin,\n\u2022 M700,\n\u2022 M125D,\n\u2022 M125 boulevard de l'Europe,\n\u2022 M107 boulevard Jean Jaur\u00e8s, route de Dijon,\n\u2022 M122A route de Chevigny,\n\u2022 M905B avenue de Mont-Blanc,\n\u2022 M905,\n\u2022 retour M274 via la bretelle n\u00b08 de l'\u00e9changeur n\u00b045 Franche-Comt\u00e9 (PR\n4+250).\nDepuis l'\u00e9changeur n\u00b043 Qu\u00e9tigny (PR5+625) :\n\u2022 M107 rue de Sully, avenue de l'Universit\u00e9, boulevard Jean Jaur\u00e8s, route\nde Dijon,\nDirection d\u00e9partementale des territoires de la C\u00f4te-d'Or\n57 rue de Mulhouse- BP 53317 - 21033 DIJON cedex\nt\u00e9l : 03 80 29 44 44 \u2013 Courriel : ddt@cote-dor.gouv.fr\nDirection d\u00e9partementale des territoires de la C\u00f4te-d'Or - 21-2024-03-22-00004 - AP 577 20240322 RAA M274 EntretienEchangeur47-40 31\n7\n\u2022 M122A route de Chevigny,\n\u2022 M905B avenue de Mont-Blanc,\n\u2022 M905,\n\u2022 retour M274 via la bretelle n\u00b08 de l'\u00e9changeur n\u00b045 Franche-Comt\u00e9 (PR\n4+250).\nDepuis l'\u00e9changeur n\u00b044 Mirande (PR5+340) :\n\u2022 rue en vielle Fourche,\n\u2022 M107 rue de Sully, avenue de l'Universit\u00e9, boulevard Jean Jaur\u00e8s, route\nde Dijon,\n\u2022 M122A route de Chevigny,\n\u2022 M905B avenue de Mont-Blanc,\n\u2022 M905,\n\u2022 retour M274 via la bretelle n\u00b08 de l'\u00e9changeur n\u00b045 Franche-Comt\u00e9 (PR\n4+250).\nDepuis l'\u00e9changeur n\u00b045 Franche-Comt\u00e9  (Pr 4+250) bretelle B6 ferm\u00e9e :\n\u2022 M905 rue de Neuilly,\n\u2022 M905,\n\u2022 retour M274 via la bretelle n\u00b08 de l'\u00e9changeur n\u00b045 Franche-Comt\u00e9 (PR\n4+250).\nArticle 2 \nLes dispositions du pr\u00e9sent arr\u00eat\u00e9 s'appliqueront :\nPhase 1 sens 1     :   \n2 nuits du lundi 25 mars au mardi 26 mars 2024 et du mardi 26 mars au \nmercredi 27 mars 2024 de 21h \u00e0 06h00.\nPhase 2 sens 1     :   \n1 nuit du mercredi 27 mars au jeudi 28 mars 2024 de 21h \u00e0 06h00. \nPhase 3 sens 2     :  \n1 nuit du jeudi 28 mars au vendredi 29 mars 2024 de 21h00 \u00e0 06h00.\nArticle 3 \nCertaines  phases  pr\u00e9paratoires  ou  de  mise  en  place  de  la  signalisation  du  chantier\npourront  n\u00e9cessiter  des  r\u00e9ductions  momentan\u00e9es  de  chauss\u00e9e  ou  des  interruptions\ncourtes de circulation.\nArticle 4 \nSur le parcours des sections soumises \u00e0 ces restrictions provisoires, les conducteurs des\nv\u00e9hicules devront le cas \u00e9ch\u00e9ant, se conformer aux indications des services de police et\ndes  agents  de la direction  interd\u00e9partementale des  routes  Centre-Est,  tant en ce qui\nconcerne le trajet \u00e0 suivre que l'arr\u00eat s'il leur est prescrit.\nDirection d\u00e9partementale des territoires de la C\u00f4te-d'Or\n57 rue de Mulhouse- BP 53317 - 21033 DIJON cedex\nt\u00e9l : 03 80 29 44 44 \u2013 Courriel : ddt@cote-dor.gouv.fr\nDirection d\u00e9partementale des territoires de la C\u00f4te-d'Or - 21-2024-03-22-00004 - AP 577 20240322 RAA M274 EntretienEchangeur47-40 32\n8\nArticle 5 \nLe passage des convois exceptionnels sera interdit sur l'itin\u00e9raire de d\u00e9viation.\nArticle 6 \nLa  signalisation  r\u00e9glementaire,  conforme  \u00e0  l'instruction  interminist\u00e9rielle  (Livre I  \u2013  8e\npartie) approuv\u00e9e par arr\u00eat\u00e9 interminist\u00e9riel le 6 novembre 1992 et aux manuels du chef\nde chantier, sera fournie, mise en place et maintenue par le CEI de Dijon.\nArticle 7\nLes infractions au pr\u00e9sent arr\u00eat\u00e9 seront constat\u00e9es par proc\u00e8s-verbaux dress\u00e9s par les\nforces de l'ordre.\nArticle 8 \nLors de l'ach\u00e8vement des travaux et avant le r\u00e9tablissement normal de la circulation, la\nchauss\u00e9e devra \u00eatre propre et satisfaire aux conditions normales de s\u00e9curit\u00e9.\nArticle 9 \nLe pr\u00e9sent arr\u00eat\u00e9 sera affich\u00e9 aux abords imm\u00e9diats du chantier.\nArticle 10\nLe pr\u00e9sent arr\u00eat\u00e9 peut faire l'objet d'un recours gracieux aupr\u00e8s  du pr\u00e9fet et/ou d'un\nrecours contentieux devant le tribunal administratif dans un d\u00e9lai de 2 mois \u00e0 compter de\nsa notification.\nLe tribunal administratif peut \u00eatre saisi par un recours d\u00e9pos\u00e9 via l'application T\u00e9l\u00e9recours\ncitoyens accessible par le site internet www.telerecours.fr \u00bb.\nArticle 11\n- Le Directeur de Cabinet du pr\u00e9fet de la C\u00f4te-d'Or,\n- La Directrice Interd\u00e9partementale des Routes Centre-Est,\n- Le Directeur Interd\u00e9partemental de la Police Nationale,\n- Le  Commandant  de  la  R\u00e9gion  de  Gendarmerie  de  Bourgogne-Franche-Comt\u00e9  et  du\nGroupement de C\u00f4te-d'Or,\n- Le Pr\u00e9sident de Dijon M\u00e9tropole,\n- Le Directeur de l'entreprise adjudicataire des travaux,\nsont charg\u00e9s, chacun en ce qui le concerne, de l'ex\u00e9cution du pr\u00e9sent arr\u00eat\u00e9.\nLe pr\u00e9sent arr\u00eat\u00e9 sera publi\u00e9 au recueil des actes administratifs de la Pr\u00e9fecture de la\nC\u00f4te-d'Or.\nUne copie du pr\u00e9sent arr\u00eat\u00e9 sera adress\u00e9e pour information :\n- au Service D\u00e9partemental d'Incendie et de Secours de la C\u00f4te-d'Or,\n- \u00e0 la direction du SAMU de Dijon,\nDirection d\u00e9partementale des territoires de la C\u00f4te-d'Or\n57 rue de Mulhouse- BP 53317 - 21033 DIJON cedex\nt\u00e9l : 03 80 29 44 44 \u2013 Courriel : ddt@cote-dor.gouv.fr\nDirection d\u00e9partementale des territoires de la C\u00f4te-d'Or - 21-2024-03-22-00004 - AP 577 20240322 RAA M274 EntretienEchangeur47-40 33\n9\n- au Service R\u00e9gional d'Exploitation de Moulins de la DIR Centre-Est (Cellule Gestion de la\nRoute, PC et district de M\u00e2con),\n- au service exploitation et s\u00e9curit\u00e9/cellule exploitation et gestion du trafic de la DIR\nCentre-Est,\n- au CEI de Dijon M\u00e9tropole,\n- \u00e0 la direction de l'exploitation de Dijon M\u00e9tropole,\n- aux communes de LONGVIC, FENAY, DIJON, SAINT-APOLLINAIRE.\nFait \u00e0 Dijon, le 22 mars 2024\nLe pr\u00e9fet,\nPour le pr\u00e9fet, par d\u00e9l\u00e9gation,\nLe directeur de cabinet,\nSIGN\u00c9\nOlivier GERSTLE\nDirection d\u00e9partementale des territoires de la C\u00f4te-d'Or\n57 rue de Mulhouse- BP 53317 - 21033 DIJON cedex\nt\u00e9l : 03 80 29 44 44 \u2013 Courriel : ddt@cote-dor.gouv.fr\nDirection d\u00e9partementale des territoires de la C\u00f4te-d'Or - 21-2024-03-22-00004 - AP 577 20240322 RAA M274 EntretienEchangeur47-40 34\nDirection d\u00e9partementale des territoires de la\nC\u00f4te-d'Or\nService S\u00e9curit\u00e9 et \u00c9ducation Routi\u00e8re\n21-2024-03-25-00001\nAP 586 20240325 RAA A6 SignalisationAireRepos\nDirection d\u00e9partementale des territoires de la C\u00f4te-d'Or - 21-2024-03-25-00001 - AP 586 20240325 RAA A6 SignalisationAireRepos 35\nPREFETDE LACOTE-D'ORL,z'berte'Egalit\u00e9Fraternit\u00e9\nDirection d\u00e9partementale des territoires\nde la C\u00f4te-d'Or\nService de la S\u00e9curit\u00e9 et de l'\u00c9ducation Routi\u00e8re\nBureau de la S\u00e9curit\u00e9 Routi\u00e8re\nT\u00e9l. : 03 80 29 44 75\nM\u00e9l : vanessa2.martin@cote-dor.gouv.fr \nDijon, le 25 mars 2024\nArr\u00eat\u00e9 N\u00b0586\n portant r\u00e9glementation temporaire de la circulation sur l'autoroute A6 du PR219 au\nPR280 \u00e0 l'occasion de travaux de mise en conformit\u00e9 de la signalisation des aires de repos.\n \nLe pr\u00e9fet de la C\u00f4te-d'Or\nVU le Code de la Route, notamment ses articles R411-8 et R411-25 ;\nVU l'Arr\u00eat\u00e9 Interminist\u00e9riel du  24 novembre 1967 modifi\u00e9 relatif  \u00e0 la signalisation des\nroutes et autoroutes ;\nVU l'Instruction  Interminist\u00e9rielle  sur  la  signalisation  routi\u00e8re  (Livre  1,  8\u00e8me  partie,\nsignalisation  temporaire)  approuv\u00e9e  par  l'Arr\u00eat\u00e9  Interminist\u00e9riel  du  6  novembre  1992\nmodifi\u00e9 ;\nVU la note technique du 14 avril 2016 du Minist\u00e8re de l'Environnement de l'\u00c9nergie et de\nla Mer, relative \u00e0 la coordination des chantiers sur le r\u00e9seau national ;\nVU l'arr\u00eat\u00e9 pr\u00e9fectoral n\u00b0612 du 20 ao\u00fbt 2019 portant r\u00e9glementation permanente de la\ncirculation pour l'exploitation des chantiers courants sur les autoroutes conc\u00e9d\u00e9es \u00e0 APRR\ndans le d\u00e9partement de la C\u00f4te-d'Or ;\nVU l'arr\u00eat\u00e9 pr\u00e9fectoral n\u00b0 1438/SG du 29 septembre 2023 donnant d\u00e9l\u00e9gation de signature\n\u00e0 Madame Florence LAUBIER, Directrice D\u00e9partementale des Territoires de la C\u00f4te-d'Or ;\nVU l'arr\u00eat\u00e9 pr\u00e9fectoral n\u00b043 du 10 janvier 2024 portant d\u00e9l\u00e9gation de signature aux agents\nDirection d\u00e9partementale des territoires de la C\u00f4te-d'Or\n57 rue de Mulhouse- BP 53317 - 21033 DIJON cedex\nt\u00e9l : 03 80 29 44 44 \u2013 Courriel : ddt@cote-dor.gouv.fr\nDirection d\u00e9partementale des territoires de la C\u00f4te-d'Or - 21-2024-03-25-00001 - AP 586 20240325 RAA A6 SignalisationAireRepos 36\n2\nde la Direction D\u00e9partementale des Territoires de la C\u00f4te-d'Or ;\nVU la note du 2 f\u00e9vrier 2024 du Minist\u00e8re de la Transition \u00c9cologique et Solidaire, Minist\u00e8re\ncharg\u00e9 des Transports, fixant le calendrier des jours hors chantiers pour l'ann\u00e9e 2024 ;\nVU la demande en date du 11 mars 2024 de Monsieur le Directeur d'exploitation d'APRR ;\nVU l'avis  favorable de Monsieur  le Sous-Directeur  de la gestion du  r\u00e9seau  autoroutier\nconc\u00e9d\u00e9 du Minist\u00e8re de la Transition \u00c9cologique et Solidaire en date du 13 mars 2024 ;\nVU l'avis r\u00e9put\u00e9 favorable du groupement de gendarmerie de la C\u00f4te-d'Or ;\nCONSID\u00c9RANT  que  le  chantier  ne  remplit  pas  l'une  ou  plusieurs  des  conditions\ncaract\u00e9ristiques des chantiers courants au sens de la note technique du 14 avril relative \u00e0\nla coordination des chantiers sur le r\u00e9seau routier national  et qu'il est donc class\u00e9 en\n\u00ab chantier non courant \u00bb ;\nCONSID\u00c9RANT qu'il y a lieu d'assurer la s\u00e9curit\u00e9 et la protection des usagers, des agents\nd'APRR et des entreprises charg\u00e9es de l'ex\u00e9cution des travaux et de r\u00e9duire, autant que\npossible, les entraves \u00e0 la circulation provoqu\u00e9es par les travaux ;\nSUR proposition de Madame la Directrice D\u00e9partementale des  Territoires  de la C\u00f4te-\nd'Or ;\nARR\u00caTE\nArticle 1  er     :  \nDu mardi 2 avril au vendredi 20 septembre 2024, APRR effectuera des travaux de mise en\nconformit\u00e9 de la signalisation des aires de repos sur l'autoroute A6 du PR 219 au PR280\n(pour la partie C\u00f4te-d'Or), dans les deux sens de circulation.\nEn cas d'al\u00e9as m\u00e9t\u00e9o ou technique le chantier pourra \u00eatre prolong\u00e9 jusqu'au vendredi 4\noctobre 2024.\nArticle 2     :  \nLe chantier est class\u00e9 en \u00ab  chantier non courant  \u00bb en raison de la d\u00e9rogation aux articles\nde l'arr\u00eat\u00e9 permanent d'exploitation sous chantier suivants:\n\u2022 L'inter distance entre ce chantier et un autre chantier pourra \u00eatre r\u00e9duite \u00e0 3 km,\nDirection d\u00e9partementale des territoires de la C\u00f4te-d'Or\n57 rue de Mulhouse- BP 53317 - 21033 DIJON cedex\nt\u00e9l : 03 80 29 44 44 \u2013 Courriel : ddt@cote-dor.gouv.fr\nDirection d\u00e9partementale des territoires de la C\u00f4te-d'Or - 21-2024-03-25-00001 - AP 586 20240325 RAA A6 SignalisationAireRepos 37\n3\n\u2022 Le d\u00e9bit pr\u00e9visible par voie laiss\u00e9e libre \u00e0 la circulation pourra d\u00e9passer 1200 v\u00e9h/h.\nArticle 3     :  \nPour l'ex\u00e9cution des travaux, les mesures d'exploitation et de police suivantes seront mises\nen \u0153uvre :\nEnsemble de\nsignalisation\nMode\nd'exploitation\nP\u00e9riode PR d\u00e9but de\nbalisage\nPR fin de balisage\nAire des\nEpoisses NVD\nDu 08/04/2024\nau 12/04/2024\nDu 03/06/2024\nau 07/06/2024\n219+600 \nSens 1\n222+500 \nSens 1\nAire de Ruffey NVD\nDu 02/04/2024\nau 05/04/2024\nDu 13/05/2024\nau 16/05/2024\n229+100 \nSens 1\n232+500 \nSens 1\nAire de\nFermenot NVD\nDu 13/05/2024\nau 16/05/2024\nDu 02/09/2024\nau 06/09/2024\n239+000 \nSens 1\n242+000 \nSens 1\nAire de\nChaignot NVD\nDu 22/04/2024\nau 26/04/2024\nDu 27/05/2024\nau 31/05/2024\n266+300 \nSens 1\n269+000 \nSens 1\nAire de la\nGarenne NVD\nDu 21/05/2024\nau 24/05/2024\nDu 24/06/2024\nau 27/06/2024\n275+600 \nSens 1\n280+500 \nSens 1\nAire de la\nRepotte NVD\nDu 17/06/2024\nau 21/06/2024\nDu 16/09/2024\nau 20/09/2024\n272+000 \nSens 2\n269+000 \nSens 2\nAire de\nMarcigny NVD\nDu 03/06/2024\nau 07/06/2024\nDu 09/09/2024\nau 13/09/2024\n245+000 \nSens 2\n242+000 \nSens 2\nDirection d\u00e9partementale des territoires de la C\u00f4te-d'Or\n57 rue de Mulhouse- BP 53317 - 21033 DIJON cedex\nt\u00e9l : 03 80 29 44 44 \u2013 Courriel : ddt@cote-dor.gouv.fr\nDirection d\u00e9partementale des territoires de la C\u00f4te-d'Or - 21-2024-03-25-00001 - AP 586 20240325 RAA A6 SignalisationAireRepos 38\n4\nAire de la\nC\u00f4me NVD\nDu 29/04/2024\nAu 30/04/2024\net Du\n02/05/2024 au\n03/05/2024\n236+600 \nSens 2\n232+500 \nSens 2\nAire de\nGenetoy NVD\nDu 15/04/2024\nau 19/04/2024\nDu 21/05/2024\nau 24/05/2024\n222+500 \nSens 2\n219+500 \nSens 2\nEn cas d'al\u00e9a, le phasage d\u00e9fini ci-dessus pourra \u00eatre modifi\u00e9, report\u00e9 ou prolong\u00e9 sur les\nsemaines suivantes sans \u00eatre planifi\u00e9 au-del\u00e0 du 4 octobre 2024. Une information sera\nr\u00e9alis\u00e9e par tout moyen pr\u00e9alablement aupr\u00e8s de la DDT de la C\u00f4te-d'Or.\nDes  sites  de  la  m\u00eame  op\u00e9ration,  inclus  ou  non  dans  ce  phasage,  pourront  \u00eatre\nreprogramm\u00e9s dans le cadre de l'arr\u00eat\u00e9 permanent.\nArticle 4 :\nDes mesures d'information des usagers seront prises par le canal :\n- de messages sur les Panneaux \u00e0 Messages Variables (PMV) situ\u00e9s en section courante\nde l'autoroute,\n- de messages sur PMVA situ\u00e9 en entr\u00e9e des gares de p\u00e9age,\n- de messages sur \u00ab Autoroute Info 107 .7 \u00bb,\n- du service d'information vocale autoroutier,\n- du site internet www.aprr.fr.\nArticle 5     :  \nLa Direction D\u00e9partementale des Territoires de la C\u00f4te-d'Or devra \u00eatre avertie \u00e0 l'avance\nde la mise en place ou du report et en temps r\u00e9el de la fin des mesures d'exploitation,\nainsi  qu'en  cas  d'\u00e9v\u00e9nement  entra\u00eenant  une  g\u00eane  importante  \u00e0  la  circulation,\nparticuli\u00e8rement en cas d'application du Plan de Gestion de Trafic, et des mesures prises \u00e0\ncet effet.\nArticle 6     :  \nLa signalisation des chantiers devra \u00eatre conforme aux prescriptions r\u00e9glementaires, en\nparticulier \u00e0 celles de l'Instruction Interminist\u00e9rielle sur la Signalisation Routi\u00e8re (8\u00e8me\npartie - Signalisation Temporaire) ainsi qu'aux guides techniques du SETRA subs\u00e9quents :\n- Routes \u00e0 chauss\u00e9es s\u00e9par\u00e9es \u2013 Manuel du Chef de Chantier\n- Choix d'un mode d'exploitation.\nLa mise en place et le maintien de la signalisation temporaire de ces chantiers seront\nassur\u00e9s sous le contr\u00f4le et la responsabilit\u00e9 des services d'APRR.\nDirection d\u00e9partementale des territoires de la C\u00f4te-d'Or\n57 rue de Mulhouse- BP 53317 - 21033 DIJON cedex\nt\u00e9l : 03 80 29 44 44 \u2013 Courriel : ddt@cote-dor.gouv.fr\nDirection d\u00e9partementale des territoires de la C\u00f4te-d'Or - 21-2024-03-25-00001 - AP 586 20240325 RAA A6 SignalisationAireRepos 39\n5\nLes forces de l'ordre seront pr\u00e9sentes pour accompagner les agents d'APRR afin de faire\nrespecter  les  mesures  de  police  n\u00e9cessaires  \u00e0  la  mise  en  place  des  balisages  et\nsignalisations temporaires (ralentissement de la circulation, fermeture de section courante\nou de bretelles) ainsi qu'\u00e0 la r\u00e9alisation des travaux.\nToutefois,  dans  l'hypoth\u00e8se  o\u00f9,  une  fois  requises,  les  forces  de  l'ordre,  seraient  dans\nl'impossibilit\u00e9  d'\u00eatre  pr\u00e9sentes,  les  agents  d'APRR  seront  autoris\u00e9s  \u00e0  r\u00e9aliser  seuls  ces\nop\u00e9rations.\nArticle 7     :  \nLe pr\u00e9sent arr\u00eat\u00e9 peut faire l'objet d'un recours gracieux aupr\u00e8s  du pr\u00e9fet et/ou d'un\nrecours contentieux devant le tribunal administratif dans un d\u00e9lai de 2 mois \u00e0 compter de\nsa notification.\nLe tribunal administratif peut \u00eatre saisi par un recours d\u00e9pos\u00e9 via l'application T\u00e9l\u00e9recours\ncitoyens accessible par le site internet www.telerecours.fr \u00bb.\nArticle 8     :  \n-  Le Directeur de Cabinet du pr\u00e9fet de la C\u00f4te-d'Or,\n- Le Commandant  de  la  R\u00e9gion  de  Gendarmerie  de  Bourgogne-Franche-Comt\u00e9  et  du\nGroupement de la C\u00f4te-d'Or,\n-  Le Directeur d'exploitation d'APRR,\nsont charg\u00e9s, chacun en ce qui le concerne, de l'ex\u00e9cution du pr\u00e9sent arr\u00eat\u00e9.\nLe pr\u00e9sent arr\u00eat\u00e9 sera publi\u00e9 au recueil des actes administratifs de la Pr\u00e9fecture de C\u00f4te-\nd'Or.\nUne copie du pr\u00e9sent arr\u00eat\u00e9 sera adress\u00e9e pour information :\n- au Directeur G\u00e9n\u00e9ral des Infrastructures des Transports et de la Mer du MTECT,\n- au Directeur D\u00e9partemental des Services d'Incendie et de Secours de la C\u00f4te-d'Or,\n- au SAMU de Dijon.\nFait \u00e0 Dijon, le 25 mars 2024\nLe pr\u00e9fet,\nPour le pr\u00e9fet, par d\u00e9l\u00e9gation,\nLa directrice d\u00e9partementale des\nterritoires,\nSIGN\u00c9\nFlorence LAUBIER\nDirection d\u00e9partementale des territoires de la C\u00f4te-d'Or\n57 rue de Mulhouse- BP 53317 - 21033 DIJON cedex\nt\u00e9l : 03 80 29 44 44 \u2013 Courriel : ddt@cote-dor.gouv.fr\nDirection d\u00e9partementale des territoires de la C\u00f4te-d'Or - 21-2024-03-25-00001 - AP 586 20240325 RAA A6 SignalisationAireRepos 40\nDirection d\u00e9partementale des territoires de la\nC\u00f4te-d'Or\nService S\u00e9curit\u00e9 et \u00c9ducation Routi\u00e8re\n21-2024-03-25-00002\nAP 587 20240325 RAA A6 ChienBlanc\nDirection d\u00e9partementale des territoires de la C\u00f4te-d'Or - 21-2024-03-25-00002 - AP 587 20240325 RAA A6 ChienBlanc 41\nPREFETDE LACOTE-D'ORL,z'berte'Egalit\u00e9Fraternit\u00e9\nDirection d\u00e9partementale des territoires\nde la C\u00f4te-d'Or\nService de la S\u00e9curit\u00e9 et de l'\u00c9ducation Routi\u00e8re\nBureau de la S\u00e9curit\u00e9 Routi\u00e8re\nT\u00e9l. : 03 80 29 44 75\nM\u00e9l : vanessa2.martin@cote-dor.gouv.fr \nDijon, le 25 mars 2024\nArr\u00eat\u00e9 N\u00b0587\nportant r\u00e9glementation temporaire de la circulation sur l'autoroute A6 au droit de l'aire\nde service Chien Blanc (PR 255.000) dans le sens de circulation Paris-Lyon (sens 1) \u00e0\nl'occasion d'une op\u00e9ration de s\u00e9curit\u00e9 routi\u00e8re men\u00e9e par l'EDSR de la C\u00f4te d'Or.\n \nLe pr\u00e9fet de la C\u00f4te-d'Or\nVU le Code de la Route, notamment ses articles R411-8 et R411-25 ;\nVU l'Arr\u00eat\u00e9 Interminist\u00e9riel du  24 novembre 1967  modifi\u00e9 relatif  \u00e0  la signalisation  des\nroutes et autoroutes ;\nVU l'Instruction  Interminist\u00e9rielle  sur  la  signalisation  routi\u00e8re  (Livre  1,  8\u00e8me  partie,\nsignalisation  temporaire)  approuv\u00e9e  par  l'Arr\u00eat\u00e9  Interminist\u00e9riel  du  6  novembre  1992\nmodifi\u00e9 ;\nVU la note technique du 14 avril 2016 du Minist\u00e8re de l'Environnement de l'\u00c9nergie et de la\nMer, relative \u00e0 la coordination des chantiers sur le r\u00e9seau national ;\nVU l'arr\u00eat\u00e9 pr\u00e9fectoral n\u00b0612 du 20 ao\u00fbt 2019 portant r\u00e9glementation permanente de la\ncirculation pour l'exploitation des chantiers courants sur les autoroutes conc\u00e9d\u00e9es \u00e0 APRR\ndans le d\u00e9partement de la C\u00f4te-d'Or ;\nVU l'arr\u00eat\u00e9 pr\u00e9fectoral n\u00b0 1438/SG du 29 septembre 2023 donnant d\u00e9l\u00e9gation de signature\n\u00e0 Madame Florence LAUBIER, Directrice D\u00e9partementale des Territoires de la C\u00f4te-d'Or ;\nDirection d\u00e9partementale des territoires de la C\u00f4te-d'Or\n57 rue de Mulhouse- BP 53317 - 21033 DIJON cedex\nt\u00e9l : 03 80 29 44 44 \u2013 Courriel : ddt@cote-dor.gouv.fr\nDirection d\u00e9partementale des territoires de la C\u00f4te-d'Or - 21-2024-03-25-00002 - AP 587 20240325 RAA A6 ChienBlanc 42\n2\nVU l'arr\u00eat\u00e9 pr\u00e9fectoral n\u00b043 du 10 janvier 2024 portant d\u00e9l\u00e9gation de signature aux agents\nde la Direction D\u00e9partementale des Territoires de la C\u00f4te-d'Or ;\nVU la note du 2 f\u00e9vrier 2024 du Minist\u00e8re de la Transition \u00c9cologique et Solidaire, Minist\u00e8re\ncharg\u00e9 des Transports, fixant le calendrier des jours hors chantiers pour l'ann\u00e9e 2024 ;\nVU la demande en date du 14 mars 2024 de Monsieur le Directeur d'exploitation d'APRR ;\nVU l'information communiqu\u00e9e au service d\u00e9partemental d'incendie et de secours de la\nC\u00f4te-d'Or en date du 14 mars 2024 ;\nVU l'avis favorable de l'Escadron D\u00e9partemental de S\u00e9curit\u00e9 Routi\u00e8re de la C\u00f4te-d'Or en\ndate du 15 mars 2024 ;\nVU l'avis  favorable de Monsieur  le Sous-Directeur  de la gestion du  r\u00e9seau  autoroutier\nconc\u00e9d\u00e9 du Minist\u00e8re de la Transition \u00c9cologique et Solidaire en date du 18 mars 2024 ;\nCONSID\u00c9RANT que l'op\u00e9ration de s\u00e9curit\u00e9 routi\u00e8re n\u00e9cessite de r\u00e9glementer la circulation\nsur l'autoroute A6 aux abords et sur l'aire de service du Chien Blanc ;\nCONSID\u00c9RANT qu'il y a lieu d'assurer la s\u00e9curit\u00e9 et la protection des usagers, des agents\nd'APRR et des intervenants charg\u00e9s de l'ex\u00e9cution de l'op\u00e9ration et de r\u00e9duire, autant que\npossible, les entraves \u00e0 la circulation provoqu\u00e9es par celles-ci ; \nSUR proposition de Madame la Directrice D\u00e9partementale des  Territoires  de la C\u00f4te-\nd'Or ;\nARR\u00caTE\nArticle 1  er     :  \nUne op\u00e9ration de s\u00e9curit\u00e9 routi\u00e8re men\u00e9e par l'EDSR de la C\u00f4te d'Or, en collaboration\navec d'autres services, sur l'aire de service Chien Blanc, situ\u00e9e sur autoroute A6 au PR 255\ndans le sens de circulation Paris vers Lyon, va \u00eatre men\u00e9e dans la nuit du mardi 2 au\nmercredi 3 avril 2024, entre 20 heures et 01 heure.\nArticle 2     :  \nPour l'ex\u00e9cution de cette op\u00e9ration, les mesures d'exploitation et de police sp\u00e9cifiques\nsuivantes  seront  mises  en  \u0153uvre entre  les  PR  254+000  et  256+000  dans  le  sens  de\ncirculation Paris vers Lyon (sens 1) : \nDirection d\u00e9partementale des territoires de la C\u00f4te-d'Or\n57 rue de Mulhouse- BP 53317 - 21033 DIJON cedex\nt\u00e9l : 03 80 29 44 44 \u2013 Courriel : ddt@cote-dor.gouv.fr\nDirection d\u00e9partementale des territoires de la C\u00f4te-d'Or - 21-2024-03-25-00002 - AP 587 20240325 RAA A6 ChienBlanc 43\n3\n- D\u00e9lestage de la totalit\u00e9 du trafic circulant sur l'autoroute A6 dans le sens Paris vers Lyon\npar l'aire de service Chien Blanc, en pr\u00e9sence des Forces de l'Ordre,\n- Fermeture de certains parkings de l'aire de service Chien Blanc \u00e0 partir de 14h00 le jour\ndu contr\u00f4le,\n- Inter-distance r\u00e9duite entre cette op\u00e9ration et un autre chantier cons\u00e9cutif organis\u00e9s\nsur la m\u00eame chauss\u00e9e et ce d\u00e8s 14h00 le jour du contr\u00f4le.\nArticle 3     :  \nIl sera d\u00e9rog\u00e9 \u00e0 la note technique du 14 avril 2016 et \u00e0 l'arr\u00eat\u00e9 pr\u00e9fectoral permanent\nd'exploitation sous chantiers du d\u00e9partement de la C\u00f4te-d'Or en date du 20 ao\u00fbt 2019 et\nnotamment,  \u00e0  l'article  11  relatif  \u00e0  l'inter  distance  qui  pourra  \u00eatre  inf\u00e9rieure  \u00e0  la\nr\u00e9glementation en vigueur, sans pour autant \u00eatre inf\u00e9rieure \u00e0 3 kilom\u00e8tres et ce  afin de\npermettre la r\u00e9alisation concomitante de l'op\u00e9ration de contr\u00f4le, objet du pr\u00e9sent arr\u00eat\u00e9\net d'autres chantiers de r\u00e9paration et d'entretien, courant ou non courant ne laissant libre\nque deux ou une voie de circulation.\nArticle 4     :  \nLa  mise  en  place  et  le  maintien  de  la  signalisation  temporaire  ou  sp\u00e9cifique  de  \u00ab ce\nchantier \u00bb seront assur\u00e9s sous le contr\u00f4le et la responsabilit\u00e9 des services APRR.\nCette signalisation devra \u00eatre conforme aux prescriptions r\u00e9glementaires contenues dans\nla  huiti\u00e8me  partie  \u00ab Signalisation  Temporaire \u00bb  de  l'Instruction  Interminist\u00e9rielle  sur  la\nSignalisation Routi\u00e8re ainsi que dans les guides techniques \u00ab  Signalisation Temporaire du\nCEREMA\u00bb notamment le manuel de chantier du chef de chantier relatif aux routes  \u00e0\nchauss\u00e9es s\u00e9par\u00e9es.\nArticle 5 :\nDes mesures d'information des usagers seront prises par le canal :\n- de messages sur les Panneaux \u00e0 Messages Variables (PMV) situ\u00e9s en section courante\nde l'autoroute,\n- de messages sur PMVA situ\u00e9 en entr\u00e9e des gares de p\u00e9age.\nArticle 6     :  \nLes  infractions  au  pr\u00e9sent  arr\u00eat\u00e9 seront  constat\u00e9es  et  poursuivies  conform\u00e9ment \u00e0  la\nr\u00e9glementation en vigueur.\nArticle 7     :  \nLe pr\u00e9sent arr\u00eat\u00e9 peut faire l'objet d'un recours gracieux aupr\u00e8s  du pr\u00e9fet et/ou d'un\nrecours contentieux devant le tribunal administratif dans un d\u00e9lai de 2 mois \u00e0 compter de\nsa notification.\nDirection d\u00e9partementale des territoires de la C\u00f4te-d'Or\n57 rue de Mulhouse- BP 53317 - 21033 DIJON cedex\nt\u00e9l : 03 80 29 44 44 \u2013 Courriel : ddt@cote-dor.gouv.fr\nDirection d\u00e9partementale des territoires de la C\u00f4te-d'Or - 21-2024-03-25-00002 - AP 587 20240325 RAA A6 ChienBlanc 44\n4\nLe tribunal administratif peut \u00eatre saisi par un recours d\u00e9pos\u00e9 via l'application T\u00e9l\u00e9recours\ncitoyens accessible par le site internet www.telerecours.fr \u00bb.\nArticle 8     :  \n-  Le Directeur de Cabinet du pr\u00e9fet de la C\u00f4te-d'Or,\n- Le Commandant  de  la  R\u00e9gion  de  Gendarmerie  de  Bourgogne-Franche-Comt\u00e9  et  du\nGroupement de C\u00f4te-d'Or,\n-  Le Directeur d'exploitation d'APRR,\nsont charg\u00e9s, chacun en ce qui le concerne, de l'ex\u00e9cution du pr\u00e9sent arr\u00eat\u00e9.\nLe pr\u00e9sent arr\u00eat\u00e9 sera publi\u00e9 au recueil des actes administratifs de la Pr\u00e9fecture de C\u00f4te-\nd'Or.\nUne copie du pr\u00e9sent arr\u00eat\u00e9 sera adress\u00e9e pour information :\n- au Directeur G\u00e9n\u00e9ral des Infrastructures des Transports et de la Mer du MTECT,\n- au Directeur D\u00e9partemental des Services d'Incendie et de Secours de la C\u00f4te-d'Or,\n- au SAMU de Dijon.\nFait \u00e0 Dijon, le 25 mars 2024\nLe pr\u00e9fet,\nPour le pr\u00e9fet, par d\u00e9l\u00e9gation,\nLa directrice d\u00e9partementale des\nterritoires,\nSIGN\u00c9\nFlorence LAUBIER\nDirection d\u00e9partementale des territoires de la C\u00f4te-d'Or\n57 rue de Mulhouse- BP 53317 - 21033 DIJON cedex\nt\u00e9l : 03 80 29 44 44 \u2013 Courriel : ddt@cote-dor.gouv.fr\nDirection d\u00e9partementale des territoires de la C\u00f4te-d'Or - 21-2024-03-25-00002 - AP 587 20240325 RAA A6 ChienBlanc 45\nDirection d\u00e9partementale des territoires de la\nC\u00f4te-d'Or\nService S\u00e9curit\u00e9 et Education Routi\u00e8re\n21-2024-03-23-00001\nArr\u00eat\u00e9 Pr\u00e9fectoral N\u00b0593 portant d\u00e9claration\nd\u25a1abandon du bateau\u00ab RESA \u00bb immatricul\u00e9 \u00ab\n615919 \u00bb situ\u00e9 au PK 115.480 du canal de\nBourgogne, sur la commune de\nVENAREY-LES-LAUMES (21)\nDirection d\u00e9partementale des territoires de la C\u00f4te-d'Or - 21-2024-03-23-00001 - Arr\u00eat\u00e9 Pr\u00e9fectoral N\u00b0593 portant d\u00e9claration\nd\u25a1abandon du bateau\u00ab RESA \u00bb immatricul\u00e9 \u00ab 615919 \u00bb situ\u00e9 au PK 115.480 du canal de Bourgogne, sur la commune de\nVENAREY-LES-LAUMES (21)\n46\nExPREFETDE LACOTE-D'ORLibert\u00e9Egalit\u00e9Fraternit\u00e9\nDirection d\u00e9partementale des territoires\nde la C\u00f4te-d'Or\nService de la s\u00e9curit\u00e9 et de l'\u00e9ducation routi\u00e8re\nBureau de la s\u00e9curit\u00e9 routi\u00e8re\nArr\u00eat\u00e9 Pr\u00e9fectoral N\u00b0593\nportant d\u00e9claration d'abandon du bateau\u00ab  RESA \u00bb  immatricul\u00e9 \u00ab 615919 \u00bb situ\u00e9 au PK\n115.480 du canal de Bourgogne, sur la commune de VENAREY-LES-LAUMES  (21)\nLe pr\u00e9fet de la r\u00e9gion Bourgogne-Franche-Comt\u00e9\nPr\u00e9fet de la C\u00f4te-d'Or\nVU le Code des Transports, notamment les articles L. 4311-1 et R. 4313-14 et suivants  ;\nVU le Code G\u00e9n\u00e9ral de la Propri\u00e9t\u00e9 des Personnes Publiques, notamment l'article L 1127-3  ;\nVU le  d\u00e9cret  n\u00b02004-374  du  29  avril  2004  modifi\u00e9  relatif  aux  pouvoirs  des  pr\u00e9fets,  \u00e0\nl'organisation et \u00e0 l'action des services de l'\u00c9tat dans les r\u00e9gions et les d\u00e9partements  ;\nVU le constat d'\u00e9tat d'abandon dress\u00e9 le 23 mai 2023 et affich\u00e9 le 24 mai 2023 par un agent\ncommissionn\u00e9 et asserment\u00e9 concernant le bateau \u00ab  RESA \u00bb immatricul\u00e9 615919 stationnant\nsans  autorisation  au  PK  115.480  du  Canal  de  Bourgogne  sur  le port  de  la  commune  de\nVenarey-L\u00e8s-Laumes (21150) sur le domaine public fluvial confi\u00e9 \u00e0 VNF ;\nConsid\u00e9rant qu'aucun propri\u00e9taire, gardien ou conducteur ne s'est manifest\u00e9 pour proposer\ndes  mesures  permettant  de  mettre  fin  \u00e0  l'absence  d'autorisation  d'occuper  le domaine\npublic fluvial et \u00e0 l'\u00e9tat d'abandon dudit bateau ;\nConsid\u00e9rant qu'en raison de son \u00e9tat d'abandon constat\u00e9 le 23 mai 2023, le bateau porte\natteinte \u00e0 l'int\u00e9grit\u00e9 du domaine confi\u00e9 ;\nSUR proposition  de  Monsieur  le  Directeur  territorial  de  Voies  navigables  de  France\nCentre - Bourgogne ;\nDirection d\u00e9partementale des territoires de la C\u00f4te-d'Or\n57, rue de Mulhouse - BP 53317 - 21033 Dijon CEDEX\nT\u00e9l. : 03 80 29 44 44\nCourriel : ddt@cote-dor.gouv.fr\nDirection d\u00e9partementale des territoires de la C\u00f4te-d'Or - 21-2024-03-23-00001 - Arr\u00eat\u00e9 Pr\u00e9fectoral N\u00b0593 portant d\u00e9claration\nd\u25a1abandon du bateau\u00ab RESA \u00bb immatricul\u00e9 \u00ab 615919 \u00bb situ\u00e9 au PK 115.480 du canal de Bourgogne, sur la commune de\nVENAREY-LES-LAUMES (21)\n47\nARRETE\nArticle 1er : \nLe bateau portant la devise \u00ab  RESA \u00bb immatricul\u00e9 615919 stationnant sans autorisation sur la\ncommune  de  Venarey-Les-Laumes  est  d\u00e9clar\u00e9  \u00e0  l'\u00e9tat  d'abandon  sur  le  domaine  public\nfluvial.\nArticle 2 : \nLa propri\u00e9t\u00e9  dudit  bateau  sera transf\u00e9r\u00e9e \u00e0 Voies  navigables  de France,  gestionnaire  du\ndomaine public fluvial, qui pourra proc\u00e9der \u00e0 sa vente sous r\u00e9serve des droits des cr\u00e9anciers\nprivil\u00e9gi\u00e9s et hypoth\u00e9caires, ou \u00e0 sa destruction, si sa valeur marchande ne justifie pas sa\nmise en vente, \u00e0 l'expiration d'un d\u00e9lai de deux mois \u00e0 compter de la date du pr\u00e9sent arr\u00eat\u00e9.\nArticle 3 : \nLe pr\u00e9sent arr\u00eat\u00e9 sera publi\u00e9 au recueil des actes administratifs de la Pr\u00e9fecture de la R\u00e9gion\nBourgogne Franche-Comt\u00e9. \nLe pr\u00e9sent arr\u00eat\u00e9 peut faire l'objet d'un recours contentieux devant le tribunal administratif\nde Dijon dans un d\u00e9lai de deux mois \u00e0 compter de sa publication. Un recours peut \u00eatre\nd\u00e9pos\u00e9  via  l'application  T\u00e9l\u00e9recours  citoyens  accessible  par  le  site  internet\nwww.telerecours.fr.\nCopie du pr\u00e9sent arr\u00eat\u00e9 sera transmise pour information \u00e0 :\n- Voies Navigables de France \u2013 Direction territoriale Centre Bourgogne\n- Brigade fluviale de Saint-Jean-de-Losne\n- Mairie de Venarey-Les-Laumes\nFait \u00e0 Dijon, le 23 mars 2024\nPour le Pr\u00e9fet et par d\u00e9l\u00e9gation,\nLe sous-pr\u00e9fet, Directeur de cabinet,\nSIGNE\nOlivier GERSTL\u00c9\nDirection d\u00e9partementale des territoires de la C\u00f4te-d'Or\n57, rue de Mulhouse - BP 53317 - 21033 Dijon CEDEX\nT\u00e9l. : 03 80 29 44 44\nCourriel : ddt@cote-dor.gouv.fr\nDirection d\u00e9partementale des territoires de la C\u00f4te-d'Or - 21-2024-03-23-00001 - Arr\u00eat\u00e9 Pr\u00e9fectoral N\u00b0593 portant d\u00e9claration\nd\u25a1abandon du bateau\u00ab RESA \u00bb immatricul\u00e9 \u00ab 615919 \u00bb situ\u00e9 au PK 115.480 du canal de Bourgogne, sur la commune de\nVENAREY-LES-LAUMES (21)\n48\nPr\u00e9fecture de la C\u00f4te-d'Or\nDirection des s\u00e9curit\u00e9s\n21-2024-03-18-00004\nArr\u00eat\u00e9 pr\u00e9fectoral autorisant l'enregistrement\naudiovisuel des interventions des agents de la\npolice municipale de la commune de Quetigny\nPr\u00e9fecture de la C\u00f4te-d'Or - 21-2024-03-18-00004 - Arr\u00eat\u00e9 pr\u00e9fectoral autorisant l'enregistrement audiovisuel des interventions des\nagents de la police municipale de la commune de Quetigny 49\nPREFET , ,DE LA DIRECTION DES SECURITES2 Bureau de la d\u00e9fense et de la s\u00e9curit\u00e9COTE-D'ORLibert\u00e9\u00c9galit\u00e9Fraternit\u00e9\nArr\u00eat\u00e9 pr\u00e9fectoral n\u00b0522autorisant l'enregistrement audiovisuel des interventions des agents dela police municipale de la commune de QUETIGNY\nLe pr\u00e9fet de la C\u00f4te-d'Or\nVU le code de la s\u00e9curit\u00e9 int\u00e9rieure et notamment son article L.241-1 ;VU la loi n\u00b078-17 du 6 janvier 1978 modifi\u00e9e relative \u00e0 I'informatique, aux fichiers et aux libert\u00e9s,notamment ses articles 26 et 41 ;VU la loi n\u00b02016-731 du 3 juin 2016 renfor\u00e7ant la lutte contre le crime organis\u00e9, le terrorisme etleur financement, et am\u00e9liorant l'efficacit\u00e9 et les garanties de la proc\u00e9dure p\u00e9nale, notammentson article 114;VU la loi n\u00b02018-697 du 3 ao\u00fbt 2018 relative \u00e0 I'harmonisation de l'utilisation des cam\u00e9ras mobilespar les autorit\u00e9s de s\u00e9curit\u00e9 publique;VU le d\u00e9cret 2019-140 du 27 f\u00e9vrier 2019 relatif \u00e0 la mise en \u0153uvre de traitement de donn\u00e9es \u00e0caract\u00e8re personnel provenant des cam\u00e9ras individuelles des agents de police municipale ;VU l'arr\u00eat\u00e9 pr\u00e9fectoraln\u00b0317/SG du 15 f\u00e9vrier 2023 donnant d\u00e9l\u00e9gation de signature \u00e0Mme Nathalie AUBERTIN, directrice des s\u00e9curit\u00e9s de la pr\u00e9fecture de la C\u00f4te-d'Or;VU la demande adress\u00e9e par Monsieur le maire de la commune de QUETIGNY- place Th\u00e9odoreMonod \u00e0 QUETIGNY, en vue d'obtenir l'autorisation de proc\u00e9der\u00e0 l'enregistrement audiovisueldes interventions des agents de la police municipale de sa commune ;VU la convention de coordination des interventions de la police municipale et des forces des\u00e9curit\u00e9 de l'\u00c9tat;SUR proposition du sous-pr\u00e9fet, directeur de cabinet du pr\u00e9fet de la r\u00e9gion Bourgogne-Franche-Comt\u00e9, pr\u00e9fet de la C\u00f4te-d'Or; ARR\u00caTE\nArticle 1\" : L'enregistrement audiovisuel des interventions des agents de la police municipale dela commune de QUETIGNY est autoris\u00e9 au moyen de six cam\u00e9ras individuelles.\nPr\u00e9fecture de la C\u00f4te-d'Or - 53 rue de la Pr\u00e9fecture - 21041 Dijon CedexTel 03 80 44 64 00 - Mel : pref-polices-administratives@cote-dor.gouv.fr\nPr\u00e9fecture de la C\u00f4te-d'Or - 21-2024-03-18-00004 - Arr\u00eat\u00e9 pr\u00e9fectoral autorisant l'enregistrement audiovisuel des interventions des\nagents de la police municipale de la commune de Quetigny 50\nArticle 2 : Le public est inform\u00e9 de l'\u00e9quipement des agents de la police municipale de lacommune de QUETIGNY de six cam\u00e9ras individuelles et des modalit\u00e9s d'acc\u00e8s aux images.Article 3 : Les enregistrements sont conserv\u00e9s pendant une dur\u00e9e de 6 mois. A l'issue de ce d\u00e9lai,ils sont d\u00e9truits.Article 4 : D\u00e8s notification du pr\u00e9sent arr\u00eat\u00e9, le maire de la commune de QUETIGNY adresse \u00e0 lacommission nationale de l'informatique et des libert\u00e9s (CNIL) un engagement de conformit\u00e9 auxdispositions du d\u00e9cret du 27 f\u00e9vrier 2019 susvis\u00e9.L'enregistr\u00e9ment audiovisuel des interventions des agents de la police municipale autoris\u00e9 par lepr\u00e9sent arr\u00eat\u00e9 ne peut \u00eatre mis en \u0153uvre qu''apr\u00e8s r\u00e9ception du r\u00e9c\u00e9piss\u00e9 de la CNIL.Article 5 : La pr\u00e9sente autorisation est publi\u00e9e au recueil des actes administratifs de la pr\u00e9fecturede la C\u00f4te-d'Or. Elle peut faire l'objet d'un recours devant le tribunal administratif de DIJON dansun d\u00e9lai de deux mois \u00e0 compter de sa publication. -Article 6 : Toute modification portant sur le nombre de cam\u00e9ras individuelles doit faire l'objetd'une demande d'autorisation aupr\u00e8s des services pr\u00e9fectoraux.Article 7 : Le sous-pr\u00e9fet, directeur de cabinet et le maire de QUETIGNY sont charg\u00e9s, chacun ence qui le concerne, de l'ex\u00e9cution du pr\u00e9sent arr\u00eat\u00e9.\nFait \u00e0 Dijon, le 18 mars 2024\nLe pr\u00e9fet,Pour le pr\u00e9fet et par d\u00e9l\u00e9gation,La directrice des s\u00e9curit\u00e9s,\n. sSign\u00e9Nathalie AUBERTIN\nDELAIS ET VOIES DE RECOURSLe pr\u00e9sent arr\u00e9t\u00e9 peut \u00eatre contest\u00e9 selon les voies de recours et dans les d\u00e9lais mentionn\u00e9s ci-dessous.Dans les deux mois \u00e0 compter de la notification du pr\u00e9sent arr\u00eat\u00e9, les recours suivants peuvent \u00eatre introduits :- un recours gracieux adress\u00e9 \u00e0 : Pr\u00e9fecture de la C\u00f4te-d'Or- Direction des S\u00e9curit\u00e9s - Bureau de la d\u00e9fense et de la s\u00e9curit\u00e9 - Polices administratives- 53 rue de la Pr\u00e9fecture - 21041 Dijon Cedex- un recours hi\u00e9rarchique adress\u00e9 \u00e0 M. le Ministre de l'Int\u00e9rieur et des Outre-Mer - Secr\u00e9tariat G\u00e9n\u00e9ral - Place Beauvau -75800 Paris Cedex 08- Un recours contentieux adress\u00e9 au Tribunal Administratif de Dijon - 22 rue d'Assas - BP 61616 - 21016 Dijon CedexLe tribunal administratif peut \u00eatre saisi par un recours d\u00e9pos\u00e9 via l'application T\u00e9l\u00e9recours citoyens accessible par le site internetwww.t\u00e9l\u00e9recours.fr. Ce recours juridictionnel doit \u00eatre d\u00e9pos\u00e9 au plus tard avant l'expiration du 2\u00b0 mois suivant la date de notification de lad\u00e9cision contest\u00e9e (ou bien du 2\u00b0 mois suivant la date du rejet du recours gracieux ou hi\u00e9rarchique).\nPr\u00e9fecture de la C\u00f4te-d'Or - 53 rue de la Pr\u00e9fecture - 21041 Dijon CedexTel 03 80 44 64 00 - Mel : pref-polices-administratives@cote-dor.gouv.fr\nPr\u00e9fecture de la C\u00f4te-d'Or - 21-2024-03-18-00004 - Arr\u00eat\u00e9 pr\u00e9fectoral autorisant l'enregistrement audiovisuel des interventions des\nagents de la police municipale de la commune de Quetigny 51\nPr\u00e9fecture de la C\u00f4te-d'Or\nP\u00f4le juridique inter-services\n21-2024-03-20-00003\nArr\u00eat\u00e9 pr\u00e9fectoral n\u00b0 556 du 20 mars 2024\nportant d\u00e9l\u00e9gation de signature \u00e0 M. Olivier\nDAVID\nDirecteur r\u00e9gional de l'environnement, de\nl\u25a1am\u00e9nagement et du logement\nen r\u00e9gion Bourgogne-Franche-Comt\u00e9 concernant\nla comp\u00e9tence d\u00e9partementale\nPr\u00e9fecture de la C\u00f4te-d'Or - 21-2024-03-20-00003 - Arr\u00eat\u00e9 pr\u00e9fectoral n\u00b0 556 du 20 mars 2024\nportant d\u00e9l\u00e9gation de signature \u00e0 M. Olivier DAVID\nDirecteur r\u00e9gional de l'environnement, de l\u25a1am\u00e9nagement et du logement\nen r\u00e9gion Bourgogne-Franche-Comt\u00e9 concernant la comp\u00e9tence d\u00e9partementale\n52\nSECR\u00c9TARIAT G\u00c9N\u00c9RAL\nDirection de la coordination des politiques publiques\net de l'appui territorial\nArr\u00eat\u00e9 pr\u00e9fectoral n\u00b0 556 du 20 mars 2024\nportant d\u00e9l\u00e9gation de signature \u00e0 M. Olivier DAVID\nDirecteur r\u00e9gional de l'environnement, de l'am\u00e9nagement et du logement\nen r\u00e9gion Bourgogne-Franche-Comt\u00e9 concernant la comp\u00e9tence d\u00e9partementale\nLe pr\u00e9fet de la C\u00f4te-d'Or\nVu :\n\u2022 le code minier,\n\u2022 le code de l'environnement,\n\u2022 le code de l'urbanisme,\n\u2022 le code des transports,\n\u2022 le code de la route, et notamment ses articles L 323-1, R 311-1 et suivants, R 322-2, R 323-1\n\u00e0 R 323-26 et R 433-1 et suivants,\n\u2022 les articles L 229-5 \u00e0 L 229-19 du code de l'environnement et R 229-5 \u00e0 R 229-33 du code de\nl'environnement, relatifs aux \u00e9missions de gaz \u00e0 effet de serre,\n\u2022 le r\u00e8glement (CE) n\u00b0 338-97 du conseil du 9 d\u00e9cembre 1997 relatif \u00e0 la protection des esp\u00e8ces\nde faune et de flore sauvages par le contr\u00f4le de leur commerce et les r\u00e8glements de la\nCommission associ\u00e9s,\n\u2022 le r\u00e8glement (CE) n\u00b0 1013/2006 du 14/06/06 concernant les transferts de d\u00e9chets, \n\u2022 la directive 92-43 CEE du 21 mai 1992 sur la convention des habitats naturels, de la flore et de\nla faune sauvage,\n\u2022 la loi n\u00b0 82-213 du 2 mars 1982 modifi\u00e9e (notamment par l'article 132 de la loi n\u00b0 2004-809 du\n13 ao\u00fbt 2004 relative aux libert\u00e9s et responsabilit\u00e9 locales) relative aux droits et libert\u00e9s des\ncommunes, des d\u00e9partements et des r\u00e9gions, \n\u2022 la loi 82-1153 modifi\u00e9e, du 30 d\u00e9cembre 1982 d'orientation des transports int\u00e9rieurs,\n\u2022 la loi d'orientation n\u00b0 92-125 du 6 f\u00e9vrier 1992 modifi\u00e9e relative \u00e0 l'administration territoriale de\nla R\u00e9publique,\n\u2022 la loi n o 2015-29  du 16  janvier 2015 relative \u00e0 la d\u00e9limitation des r\u00e9gions,  aux \u00e9lections\nr\u00e9gionales et d\u00e9partementales et modifiant le calendrier \u00e9lectoral,\n\u2022 l'ordonnance 2012-34 du 11 janvier 2012 portant simplification, r\u00e9forme et harmonisation des\ndispositions de police administrative et de police judiciaire du Code de l'Environnement,\n\u2022 l'ordonnance 2014-355 du 20 mars 2014 relative \u00e0 l'exp\u00e9rimentation d'une autorisation unique\nen mati\u00e8re d'installations class\u00e9es pour la protection de l'environnement,\n\u2022 l'ordonnance 2014-356 du 20 mars 2014 relative \u00e0 l'exp\u00e9rimentation d'un certificat de projet,\n\u2022 le d\u00e9cret 85-891 modifi\u00e9, du 16 ao\u00fbt 1985 relatif aux transports urbains de personnes et aux\ntransports routiers non urbains de personnes,\n\u2022 le d\u00e9cret  n\u00b0  97-34  du 15  janvier  1997  modifi\u00e9  relatif  \u00e0 la  d\u00e9concentration  des  d\u00e9cisions\nadministratives individuelles,\n\u2022 le d\u00e9cret n\u00b0 2004-374 du 29 avril 2004 modifi\u00e9 relatif aux pouvoirs des Pr\u00e9fets, \u00e0 l'organisation\net \u00e0 l'action des services de l'\u00c9tat dans les r\u00e9gions et les d\u00e9partements, \nPr\u00e9fecture de la C\u00f4te-d'Or - 21-2024-03-20-00003 - Arr\u00eat\u00e9 pr\u00e9fectoral n\u00b0 556 du 20 mars 2024\nportant d\u00e9l\u00e9gation de signature \u00e0 M. Olivier DAVID\nDirecteur r\u00e9gional de l'environnement, de l\u25a1am\u00e9nagement et du logement\nen r\u00e9gion Bourgogne-Franche-Comt\u00e9 concernant la comp\u00e9tence d\u00e9partementale\n53\n\u2022 le d\u00e9cret n\u00b0 2008-158 du 22 f\u00e9vrier 2008 relatif \u00e0 la suppl\u00e9ance des pr\u00e9fets de r\u00e9gion et \u00e0 la\nd\u00e9l\u00e9gation de signature des pr\u00e9fets et des hauts commissaires de la R\u00e9publique en Polyn\u00e9sie\nfran\u00e7aise et en Nouvelle Cal\u00e9donie,\n\u2022 le d\u00e9cret 2009-235 du 27 f\u00e9vrier 2009 relatif \u00e0 l'organisation et aux missions des directions\nr\u00e9gionales de l'environnement, de l'am\u00e9nagement et du logement (DREAL),\n\u2022 le d\u00e9cret n\u00b0 2009-707 du 16 juin 2009 modifi\u00e9 relatif aux services d\u00e9concentr\u00e9s de la direction\ng\u00e9n\u00e9rale des finances publiques,\n\u2022 le d\u00e9cret n\u00b0 2012-1246 du 7 novembre 2012 relatif \u00e0 la gestion budg\u00e9taire et comptable\npublique,\n\u2022 le d\u00e9cret 2014-358 du 20 mars 2014 relatif \u00e0 l'exp\u00e9rimentation d'un certificat de projet,\n\u2022 le d\u00e9cret 2014-450 du 2 mai 2014 relatif \u00e0 l'exp\u00e9rimentation d'une autorisation unique en\nmati\u00e8re d'installations class\u00e9es pour la protection de l'environnement,\n\u2022 le d\u00e9cret n\u00b0 2015-510 du 7 mai 2015 portant charte de la d\u00e9concentration,\n\u2022 le d\u00e9cret n\u00b0 2015-1689 du 17 d\u00e9cembre 2015 portant diverses mesures d'organisation et de\nfonctionnement dans les r\u00e9gions de l'administration territoriale de l'\u00c9tat et de commissions\nadministratives,\n\u2022 le d\u00e9cret du 26 septembre 2022 nommant Monsieur Franck ROBINE, pr\u00e9fet de la r\u00e9gion\nBourgogne-Franche-Comt\u00e9, pr\u00e9fet de la C\u00f4te d'Or (hors classe);le d\u00e9cret n\u00b0 2023-974 du 23\noctobre 2023, \n\u2022 l'arr\u00eat\u00e9 modifi\u00e9 du 2 juillet 1982 relatif aux transports en commun de personnes,\n\u2022 l'arr\u00eat\u00e9 modifi\u00e9 du 22 janvier 2015 d\u00e9finissant les caract\u00e9ristiques et les conditions d'utilisation\ndes v\u00e9hicules autres que les autocars et les autobus, destin\u00e9s \u00e0 des usages de tourisme et de\nloisirs, et notamment son article 7,\n\u2022 l'arr\u00eat\u00e9 minist\u00e9riel du 19 juillet 1954 relatif \u00e0 la r\u00e9ception des v\u00e9hicules automobiles,\n\u2022 l'arr\u00eat\u00e9 minist\u00e9riel du 30 septembre 1975 relatif \u00e0 l'\u00e9vacuation des v\u00e9hicules en panne ou\naccident\u00e9s,\n\u2022 l'arr\u00eat\u00e9 minist\u00e9riel du 30 octobre 1987 relatif aux dispositifs sp\u00e9ciaux de signalisation des\nv\u00e9hicules d'intervention urgente,\n\u2022 l'arr\u00eat\u00e9 du 23 octobre 2023 relatif au contr\u00f4le technique des v\u00e9hicules motoris\u00e9s \u00e0 deux ou\ntrois roues et quadricycles \u00e0 moteur,\n\u2022 l'arr\u00eat\u00e9  minist\u00e9riel  du  17  novembre  2023 portant  nomination  de  Monsieur  Olivier  DAVID,\ndirecteur  r\u00e9gional  de  l'environnement,  de  l'am\u00e9nagement  et  du  logement  de  la  r\u00e9gion\nBourgogne-Franche-Comt\u00e9.\nSur proposition du secr\u00e9taire g\u00e9n\u00e9ral de la pr\u00e9fecture de la C\u00f4te-d'Or;\nA R R E T E\nArticle 1er  :  D\u00e9l\u00e9gation de signature est donn\u00e9e pour le d\u00e9partement de la C\u00f4te d'Or, \u00e0 M. Olivier\nDAVID,  directeur  r\u00e9gional de  l'environnement,  de  l'am\u00e9nagement  et  du  logement  de  la  r\u00e9gion\nBourgogne-Franche-Comt\u00e9, pour toutes les d\u00e9cisions et tous les documents relevant de ses attributions\ndans les domaines d'activit\u00e9 \u00e9num\u00e9r\u00e9s ci-dessous :\nI. Police de l'environnement :\n\u2022 mines et s\u00e9curit\u00e9 dans les carri\u00e8res,\n\u2022 d\u00e9p\u00f4ts permanents d'explosifs et utilisation d\u00e8s r\u00e9ception,\n\u2022 recherche et exploitation d'hydrocarbures,\n\u2022 eaux min\u00e9rales,\n\u2022 stockage souterrain d'hydrocarbures liquides ou liqu\u00e9fi\u00e9s, de gaz et de produits chimiques,\n\u2022 production, transport et distribution du gaz ainsi que production et transport de l'\u00e9lectricit\u00e9,\n\u2022 canalisations  de  transport  et  de  distribution  de  fluides  sous  pression  (gaz  naturel,\nhydrocarbures liquides ou liqu\u00e9fi\u00e9s, produits chimiques, vapeur d'eau, eau surchauff\u00e9e), y\ncompris l'habilitation des agents de la DREAL pour effectuer les contr\u00f4les et constatations\nrelatifs \u00e0 la surveillance et \u00e0 la s\u00e9curit\u00e9 de ces canalisations, \n2/5\nPr\u00e9fecture de la C\u00f4te-d'Or - 21-2024-03-20-00003 - Arr\u00eat\u00e9 pr\u00e9fectoral n\u00b0 556 du 20 mars 2024\nportant d\u00e9l\u00e9gation de signature \u00e0 M. Olivier DAVID\nDirecteur r\u00e9gional de l'environnement, de l\u25a1am\u00e9nagement et du logement\nen r\u00e9gion Bourgogne-Franche-Comt\u00e9 concernant la comp\u00e9tence d\u00e9partementale\n54\n\u2022 \u00e9quipements sous pression,\n\u2022 utilisation de l'\u00e9nergie, y compris l'habilitation des agents de la DREAL pour effectuer les\ncontr\u00f4les et constatations s'y rapportant,\n\u2022 surveillance et contr\u00f4le des transferts transfrontaliers de d\u00e9chets, y compris les autorisations\nd'importation et d'exportation,\n\u2022 contr\u00f4le des \u00e9missions de gaz \u00e0 effet de serre,\n\u2022 d\u00e9livrance des certificats d'\u00e9conomie d'\u00e9nergie.\n\u2022 documents li\u00e9s \u00e0 la demande d'autorisation environnementale relevant du chapitre unique,\ntitre VIII du livre I du code de l'environnement et ceux li\u00e9s \u00e0 la demande d'enregistrement\nICPE suivants :\n\u2022 la prolongation du d\u00e9lai d'\u00e9tablissement du certificat de projet pr\u00e9vu \u00e0 l'article R 181-5,\n\u2022 la transmission du formulaire \u00ab  cas par cas  \u00bb \u00e0 l'autorit\u00e9 environnementale pr\u00e9vue par\nl'article R 181-8,\n\u2022 la transmission du certificat d'urbanisme au maire pr\u00e9vu \u00e0  l'article R 181-10,\n\u2022 la consultation pour cadrage pr\u00e9alable pr\u00e9vue aux articles R 181-9 et R 122-4,\n\u2022 la  demande  de  compl\u00e9ments,  avec  pr\u00e9cision  sur  la  suspension  du  d\u00e9lai  d'instruction\npr\u00e9vue \u00e0 l'article R 181-16 et \u00e0 l'article R. 512-46-8,\n\u2022 la saisine de l'autorit\u00e9 environnementale pr\u00e9vue \u00e0 l'article R 181-19,\n\u2022 les saisines et consultations pr\u00e9vues aux articles R 181-25, R 181-26, R 181-28 et R 181-\n29,\n\u2022 les consultations suites \u00e0 modifications non substantielles pr\u00e9vues \u00e0 l'article R 181-46-II,\n\u2022 les demandes  d'\u00e9mission  des  titres  de  perception pour  le  recouvrement  des sanctions\nadministratives prises en vertu de l'article L 171-8 du code de l'environnement, en vertu de la\nr\u00e9glementation s'appliquant aux ICPE, \u00e9quipements sous pressions et canalisations,\n\u2022 Installations class\u00e9es : les contradictoires concernant les suites propos\u00e9es pour les situations\npr\u00e9sentant des non-conformit\u00e9s.\nII. Transports :\n\u2022 r\u00e9ception \u00e0 titre isol\u00e9 de v\u00e9hicules, identification et \u00e9tablissement d'attestations de v\u00e9rification\ndes donn\u00e9es techniques, au titre du code de la route,\n\u2022 contr\u00f4le technique p\u00e9riodique des v\u00e9hicules l\u00e9gers et lourds et des v\u00e9hicules de cat\u00e9gorie L,\n\u25e6 gestion  des  agr\u00e9ments  des  contr\u00f4leurs  et  des  installations  de  contr\u00f4le  (d\u00e9livrance,\nsuspension, retrait, annulation, recours gracieux),\n\u25e6 d\u00e9rogations \u00e0 la limitation d'activit\u00e9 selon les dispositions de l'article R 323-15 II du code\nde la route,\n\u25e6 d\u00e9cisions de prescription de contr\u00f4les techniques suppl\u00e9mentaires selon les dispositions\nde 14 de l'arr\u00eat\u00e9 du 27 juillet 2004 relatif au contr\u00f4le technique des v\u00e9hicules lourds,\n\u25e6 d\u00e9signation  des  experts  en  charge  des  visites  techniques  annuelles  des  petits  trains\nroutiers touristiques selon les dispositions de l'article 7 de l'arr\u00eat\u00e9 du 22 janvier 2015\nsusvis\u00e9,\n\u2022 autorisation ou retrait d'autorisation de mise en circulation de v\u00e9hicule de d\u00e9pannage,\n\u2022 d\u00e9livrance et retrait des autorisations relatives aux dispositifs sp\u00e9ciaux de signalisation des\nv\u00e9hicules d'intervention.\nIII. Contr\u00f4le de la s\u00e9curit\u00e9 des ouvrages hydrauliques  :\nDispositions communes aux ouvrages autoris\u00e9s au titre du code de l'environnement et aux barrages\nconc\u00e9d\u00e9s au titre du code de l'\u00e9nergie     :      \n\u2022 d\u00e9cision de demande d'\u00e9tudes compl\u00e9mentaires ou nouvelles pour d\u00e9finir les hypoth\u00e8ses des\n\u00e9tudes de dangers (R 214-117- III du code de l'environnement),\n\u2022 d\u00e9cision de transmission de document pour autres classes pour les travaux substantiels (R214-\n119-III du code de l'environnement),\n\u2022 autorisation ou refus d'autorisation de d\u00e9roger \u00e0 l'obligation de dispositif d'auscultation (R214-\n124 du code de l'environnement),\n3/5\nPr\u00e9fecture de la C\u00f4te-d'Or - 21-2024-03-20-00003 - Arr\u00eat\u00e9 pr\u00e9fectoral n\u00b0 556 du 20 mars 2024\nportant d\u00e9l\u00e9gation de signature \u00e0 M. Olivier DAVID\nDirecteur r\u00e9gional de l'environnement, de l\u25a1am\u00e9nagement et du logement\nen r\u00e9gion Bourgogne-Franche-Comt\u00e9 concernant la comp\u00e9tence d\u00e9partementale\n55\n\u2022 d\u00e9cision de transmission d'un rapport suite \u00e0 la d\u00e9claration d'un Ev\u00e8nement Int\u00e9ressant la\nS\u00fbret\u00e9 Hydraulique (EISH) (R 214-125 du code de l'environnement),\n\u2022 d\u00e9cision de fournir des pi\u00e8ces compl\u00e9mentaires pour le dossier d'ouvrage (art. 3 de l'arr\u00eat\u00e9\nminist\u00e9riel du 29 f\u00e9vrier 2008 fixant des prescriptions relatives \u00e0 la s\u00e9curit\u00e9 et \u00e0 la s\u00fbret\u00e9 des\nouvrages hydrauliques),\n\u2022 d\u00e9cision  de  transmission  d'\u00e9l\u00e9ments  compl\u00e9mentaires  pour  un  examen  technique  complet\n(art.7-II de l'arr\u00eat\u00e9 minist\u00e9riel du 29 f\u00e9vrier 2008 op.cit.),\n\u2022 d\u00e9cision fixant la composition du diagnostic de s\u00fbret\u00e9 (art.8-I de l'arr\u00eat\u00e9 minist\u00e9riel du 29 f\u00e9vrier\n2008 op.cit.),\n\u2022 les  demandes  d'\u00e9mission  des  titres  de  perception  pour  le  recouvrement  des  sanctions\nadministratives prises en vertu de l'article L 171-8 du code de l'environnement, en vertu de la\nr\u00e9glementation s'appliquant aux ouvrages hydrauliques.\nDispositions sp\u00e9cifiques aux barrages conc\u00e9d\u00e9s au titre du code de l'\u00e9nergie     :      \n\u2022 autorisation de travaux d'entretien et de grosses r\u00e9parations, y compris pour la fixation des\nprescriptions compl\u00e9mentaires (R 521-41 du code de l'\u00e9nergie).\nIV. Protection de l'environnement :\na - Protection des esp\u00e8ces de faune et de flore sauvages\n\u2022 permis et certificats relevant de l'application du r\u00e8glement (CE) n\u00b0 338/97 du 9  d\u00e9cembre 1996\nmodifi\u00e9,\n\u2022 autorisation pour le transport en vue de rel\u00e2cher dans la nature de sp\u00e9cimens d'esp\u00e8ces\nanimales prot\u00e9g\u00e9es,\n\u2022 d\u00e9rogation pour la capture ou l'enl\u00e8vement, la destruction, la perturbation intentionnelle de\nsp\u00e9cimens d'esp\u00e8ces animales prot\u00e9g\u00e9es autres que grenouille rousse et cormorans,\n\u2022 d\u00e9rogation pour la destruction, l'alt\u00e9ration ou la d\u00e9gradation de sites de reproduction ou d'aires\nde repos d'animaux, d'esp\u00e8ces animales prot\u00e9g\u00e9es sauf pour les cormorans, \n\u2022 d\u00e9rogation pour la coupe, l'arrachage, la cueillette, l'enl\u00e8vement de sp\u00e9cimens d'esp\u00e8ces\nv\u00e9g\u00e9tales prot\u00e9g\u00e9es,\n\u2022 d\u00e9rogation  pour  l'utilisation,  la  mise  en  vente  ou  l'achat  de  sp\u00e9cimens  d'animaux  ou  de\nv\u00e9g\u00e9taux d'esp\u00e8ces prot\u00e9g\u00e9es sauf pour la grenouille rousse.\nb \u2013 Inventaires, \u00e9tudes et travaux\nAutorisations de p\u00e9n\u00e9trer ou d'occuper temporairement un terrain dans les propri\u00e9t\u00e9s priv\u00e9es situ\u00e9es\nsur le territoire du d\u00e9partement de la C\u00f4te-d'Or.\nCes  autorisations  pourront  \u00eatre  accord\u00e9es  aux  personnels  de  la  direction  r\u00e9gionale  de\nl'environnement, de l'am\u00e9nagement et du logement de Bourgogne-Franche-Comt\u00e9, ainsi qu'\u00e0 ceux\ndes entreprises auxquelles ledit service aura d\u00e9l\u00e9gu\u00e9 ses droits pour intervenir ou mener des \u00e9tudes.\n\u00c0 cet effet, ils pourront y installer des bornes, des balises, des rep\u00e8res ou des signaux, y ex\u00e9cuter ces\nouvrages temporaires et autres travaux rendus indispensables pour la r\u00e9alisation de la mission pour\nlaquelle ils auront \u00e9t\u00e9 autoris\u00e9s.\nLes formalit\u00e9s prescrites par la loi du 29 d\u00e9cembre 1892 et par la loi n\u00b0 43-374 du 6  juillet 1943\nauxquelles sont soumises les autorisations de p\u00e9n\u00e9trer ou d'occuper temporairement un terrain dans\nles propri\u00e9t\u00e9s priv\u00e9es devront \u00eatre int\u00e9gralement reprises dans ces d\u00e9cisions. Ces derni\u00e8res feront\nl'objet d'arr\u00eat\u00e9s pr\u00e9fectoraux qui seront publi\u00e9s au recueil des actes administratifs de la pr\u00e9fecture de\nla C\u00f4te-d'Or.\nArticle 2 :\nLa  pr\u00e9sente  d\u00e9l\u00e9gation  n'inclut  pas  les  actes  relatifs  \u00e0  l'administration  domaniale  (acquisitions,\ncessions,  prises  \u00e0  bail  et  renouvellement),  ni  ceux  relatifs  aux  op\u00e9rations  de  recrutement  des\npersonnels statutaires.\n4/5\nPr\u00e9fecture de la C\u00f4te-d'Or - 21-2024-03-20-00003 - Arr\u00eat\u00e9 pr\u00e9fectoral n\u00b0 556 du 20 mars 2024\nportant d\u00e9l\u00e9gation de signature \u00e0 M. Olivier DAVID\nDirecteur r\u00e9gional de l'environnement, de l\u25a1am\u00e9nagement et du logement\nen r\u00e9gion Bourgogne-Franche-Comt\u00e9 concernant la comp\u00e9tence d\u00e9partementale\n56\nSont en outre except\u00e9es de la pr\u00e9sente d\u00e9l\u00e9gation :\n\u2022 les d\u00e9cisions qui mettent en jeu le pouvoir de contr\u00f4le de l'\u00c9tat vis-\u00e0-vis des collectivit\u00e9s\nlocales,\n\u2022 les d\u00e9cisions qui font intervenir une proc\u00e9dure d'enqu\u00eate publique instruite par les services de\nla pr\u00e9fecture,\n\u2022 les courriers adress\u00e9s aux parlementaires, au pr\u00e9sident du conseil r\u00e9gional, au pr\u00e9sident du\nconseil g\u00e9n\u00e9ral et aux pr\u00e9sidents d'\u00e9tablissements publics de coop\u00e9ration intercommunale\n(EPCI).\nLes courriers adress\u00e9s aux maires seront transmis sous couvert des sous-pr\u00e9fets territorialement\ncomp\u00e9tents, sauf en ce qui concerne des \u00e9changes portant sur des dossiers techniques courants.\nArticle 3 :\nConform\u00e9ment aux dispositions de l'article 44 III du d\u00e9cret n\u00b0 2004-374 du 29  avril 2004 susvis\u00e9,\nMonsieur Olivier DAVID peut subd\u00e9l\u00e9guer sa signature aux agents de l'\u00c9tat plac\u00e9s sous son autorit\u00e9\npour signer les actes relatifs aux affaires \u00e9num\u00e9r\u00e9es au pr\u00e9sent arr\u00eat\u00e9. Cette subd\u00e9l\u00e9gation prendra\nla forme  d'une  d\u00e9cision notifi\u00e9e  aux  agents  et  publi\u00e9e  au  recueil  des  actes  administratifs  de  la\npr\u00e9fecture de la C\u00f4te-d'Or, dont copie me sera adress\u00e9e, ainsi qu'\u00e0  Madame la directrice r\u00e9gionale\ndes finances publiques de Bourgogne-Franche-Comt\u00e9 et du d\u00e9partement de la C\u00f4te-d'Or.\nArticle 4 :\nToutes dispositions ant\u00e9rieures \u00e0 celles du pr\u00e9sent arr\u00eat\u00e9 sont abrog\u00e9es.\nArticle 5 :\nLe pr\u00e9sent  arr\u00eat\u00e9  peut  faire  l'objet  d'un  recours  contentieux  aupr\u00e8s  du  Tribunal  Administratif\nterritorialement comp\u00e9tent dans un d\u00e9lai de deux mois \u00e0 compter de sa publication ou de sa notification.\nArticle 6 :\nLe secr\u00e9taire g\u00e9n\u00e9ral de la pr\u00e9fecture de la C\u00f4te d'Or et le directeur r\u00e9gional de l'environnement, de\nl'am\u00e9nagement et du logement, sont charg\u00e9s, chacun pour ce qui le concerne, de l'ex\u00e9cution du\npr\u00e9sent arr\u00eat\u00e9 qui sera publi\u00e9 au recueil des actes administratifs de la pr\u00e9fecture de la C\u00f4te-d'Or.\nFait \u00e0 Dijon, le 20 mars 2024                 \nLe pr\u00e9fet,\nSign\u00e9 :\nFranck ROBINE\n5/5\nPr\u00e9fecture de la C\u00f4te-d'Or - 21-2024-03-20-00003 - Arr\u00eat\u00e9 pr\u00e9fectoral n\u00b0 556 du 20 mars 2024\nportant d\u00e9l\u00e9gation de signature \u00e0 M. Olivier DAVID\nDirecteur r\u00e9gional de l'environnement, de l\u25a1am\u00e9nagement et du logement\nen r\u00e9gion Bourgogne-Franche-Comt\u00e9 concernant la comp\u00e9tence d\u00e9partementale\n57\nSous-pr\u00e9fecture de Beaune\nP\u00f4le Collectivit\u00e9s locales\n21-2024-03-26-00003\nArr\u00eat\u00e9 pr\u00e9fectoral n\u00b0 588 du 26 mars 2024\nportant convocation des \u00e9lecteurs de la\ncommune d'ECUTIGNY et fixant la p\u00e9riode de\nd\u00e9p\u00f4t des candidatures en vue de proc\u00e9der \u00e0\ndes \u00e9lections municipales compl\u00e9mentaires pour\n01 si\u00e8ge, le dimanche 26 mai 2024 pour le 1er\ntour et le dimanche 2 juin 2024 pour l'\u00e9ventuel\nsecond tour\nSous-pr\u00e9fecture de Beaune - 21-2024-03-26-00003 - Arr\u00eat\u00e9 pr\u00e9fectoral n\u00b0 588 du 26 mars 2024 portant convocation des \u00e9lecteurs de\nla commune d'ECUTIGNY et fixant la p\u00e9riode de d\u00e9p\u00f4t des candidatures en vue de proc\u00e9der \u00e0 des \u00e9lections municipales\ncompl\u00e9mentaires pour 01 si\u00e8ge, le dimanche 26 mai 2024 pour le 1er tour et le dimanche 2 juin 2024 pour l'\u00e9ventuel second tour\n58\nExPREFETDE LACOTE-D'ORLibert\u00e9Egalit\u00e9Fraternit\u00e9\nP\u00f4le collectivit\u00e9s locales                                                          Beaune, le 26 mars 2024\nAffaire suivie par : Sylvie POISOT\nT\u00e9l :03.45.43.80.05\nm\u00e9l : sylvie.poisot@cote-dor.gouv.fr\nARR\u00caT\u00c9 PR\u00c9FECTORAL N\u00b0588 DU 26 MARS 2024\nportant convocation des \u00e9lecteurs de la commune d'\u00c9CUTIGNY\net fixant la p\u00e9riode de d\u00e9p\u00f4t des candidatures en vue de proc\u00e9der\n\u00e0 des \u00e9lections municipales compl\u00e9mentaires pour 01 si\u00e8ge,\nle dimanche 26 mai 2024 pour le 1er tour\net le dimanche 2 juin 2024 pour l'\u00e9ventuel second tour\nLe sous-pr\u00e9fet de l'arrondissement de BEAUNE\nVU le code \u00e9lectoral, et notamment les articles L.1 \u00e0 L.118, L.228, L.247 \u00e0 L.257, L.267, R. 1 \u00e0 R. 97\net R. 118 \u00e0 R. 128-3 ;\nVU la loi n\u00b02016-1048 du 1er ao\u00fbt 2016 r\u00e9novant les modalit\u00e9s d'inscription sur les listes \u00e9lectorales  ;\nVU le code g\u00e9n\u00e9ral des collectivit\u00e9s territoriales et notamment ses articles L. 2122-8 et L. 2122-14 ;\nVU le  d\u00e9cret  du  Pr\u00e9sident  de  la  R\u00e9publique  du  26  septembre  2022  portant  nomination  de\nM. Franck ROBINE, pr\u00e9fet hors-classe, en qualit\u00e9 de pr\u00e9fet de la r\u00e9gion Bourgogne-Franche-Comt\u00e9,\npr\u00e9fet de la C\u00f4te-d'Or ;\nVU le  d\u00e9cret  du  Pr\u00e9sident  de  la  R\u00e9publique  du  6  juillet  2023  portant  nomination\nde M. Beno\u00eet BYRSKI, sous-pr\u00e9fet, en qualit\u00e9 de sous-pr\u00e9fet de l'arrondissement de Beaune ;\nVU  la  circulaire  du  ministre  de  l'int\u00e9rieur  n\u00b0INTA1625463J  du  19  septembre  2016  relative  \u00e0\nl'organisation des \u00e9lections partielles ; \nVU la circulaire INTA2000662J du 16 janvier 2020 relative au d\u00e9roulement des op\u00e9rations \u00e9lectorales\nlors des \u00e9lections au suffrage universel direct ;\nVU la circulaire du 17 mars 2020 sur l'\u00e9lection des conseils municipaux et communautaires et des\nex\u00e9cutifs et fonctionnement des organes d\u00e9lib\u00e9rants ;\nVU la circulaire INTA2101962J du 6 avril 2021 relative aux modalit\u00e9s d'exercice du droit de vote par\nprocuration ;\nVU la circulaire INTA2214915C du 24 mai 2022 relative \u00e0 l'organisation mat\u00e9rielle et au d\u00e9roulement\ndes \u00e9lections l\u00e9gislatives des 12 et 19 juin 2022 ;\nVU l' arr\u00eat\u00e9 pr\u00e9fectoral  n\u00b0150/SG du 18 janvier 2024 donnant d\u00e9l\u00e9gation de signature \u00e0 Monsieur\nBeno\u00eet BYRSKI, sous-pr\u00e9fet de Beaune ;\n1/3\nSous-pr\u00e9fecture de Beaune - 21-2024-03-26-00003 - Arr\u00eat\u00e9 pr\u00e9fectoral n\u00b0 588 du 26 mars 2024 portant convocation des \u00e9lecteurs de\nla commune d'ECUTIGNY et fixant la p\u00e9riode de d\u00e9p\u00f4t des candidatures en vue de proc\u00e9der \u00e0 des \u00e9lections municipales\ncompl\u00e9mentaires pour 01 si\u00e8ge, le dimanche 26 mai 2024 pour le 1er tour et le dimanche 2 juin 2024 pour l'\u00e9ventuel second tour\n59\nVU l'arr\u00eat\u00e9  pr\u00e9fectoral  n\u00b0  1034  du  22  ao\u00fbt  2023  portant  d\u00e9signation  des  bureaux  de  vote  des\ncommunes du d\u00e9partement de la C\u00f4te d'Or ;\nVU la d\u00e9mission de son mandat de conseiller municipal de M. Patrick COLIN le 30 janvier 2024 ;\nVU la d\u00e9mission de ses fonctions de maire de Mme Marie CHODRON de COURCEL accept\u00e9e par M.\nle pr\u00e9fet de la r\u00e9gion Bourgogne-Franche-Comt\u00e9, pr\u00e9fet de la C\u00f4te d'Or le 20 mars 2024 ;\nCONSID\u00c9RANT la  vacance  d'un  si\u00e8ge  de  conseiller  municipal  au  sein  du  conseil  municipal\nd'\u00c9CUTIGNY ;\nCONSID\u00c9RANT que le conseil municipal d' \u00c9CUTIGNY doit \u00eatre au complet pour \u00e9lire le nouveau\nmaire, en vertu des articles L.2122-8 et L.2122-14 du code g\u00e9n\u00e9ral des collectivit\u00e9s territoriales ;\nCONSID\u00c9RANT que des \u00e9lections municipales compl\u00e9mentaires doivent donc \u00eatre organis\u00e9es pour\npourvoir l'unique si\u00e8ge vacant de conseiller municipal et proc\u00e9der ensuite \u00e0 l'\u00e9lection du nouveau\nmaire d'\u00c9CUTIGNY ;\nARR\u00caTE\nArticle 1er : Les \u00e9lecteurs de la commune d'\u00c9CUTIGNY  sont convoqu\u00e9s le dimanche 26 mai 2024 \u00e0\nla mairie,  lieu de vote d\u00e9sign\u00e9 par l'arr\u00eat\u00e9 pr\u00e9fectoral sus-vis\u00e9, pour proc\u00e9der \u00e0 l'\u00e9lection de trois\nconseillers municipaux.\nArticle 2 : Les listes \u00e9lectorales sont permanentes. Les demandes d'inscription sur les listes , en\nvue de participer \u00e0 un scrutin, sont d\u00e9pos\u00e9es au plus tard le sixi\u00e8me vendredi pr\u00e9c\u00e9dant le scrutin\n(article L. 17 du Code \u00e9lectoral), soit jusqu'au vendredi 19 avril 2024.\nL'\u00e9lection aura lieu d'apr\u00e8s les listes \u00e9lectorales arr\u00eat\u00e9es au plus tard le 5 mai 2024 (apr\u00e8s r\u00e9union\nde la commission de contr\u00f4le qui intervient au plus tard le 21 \u00e8me jour pr\u00e9c\u00e9dent le scrutin),  telles\nqu'elles auront pu \u00eatre modifi\u00e9es ult\u00e9rieurement en application de l'article L.30 du code \u00e9lectoral.\nArticle 3 : Le scrutin d\u00e9butera \u00e0 HUIT HEURES et sera clos \u00e0 DIX-HUIT HEURES. Le d\u00e9pouillement\nsuivra imm\u00e9diatement la fermeture du scrutin.\nArticle 4 : Les conseillers municipaux \u00e0 \u00e9lire devront avoir 18 ans r\u00e9volus.\nArticle 5 : Sera \u00e9lu au 1 er tour le candidat ayant r\u00e9uni d'une part, la majorit\u00e9 absolue des suffrages\nexprim\u00e9s, et d'autre part, un nombre de suffrages \u00e9gal au quart de celui des \u00e9lecteurs inscrits.\nArticle 6 : Si le si\u00e8ge n'est pas pourvu au 1er tour, il sera proc\u00e9d\u00e9 \u00e0 un second tour de scrutin le\ndimanche 2 juin 2024 dans le m\u00eame lieu et aux m\u00eames heures. L'\u00e9lection sera acquise alors \u00e0 la\nmajorit\u00e9 relative quel que soit le nombre de votants. En cas d'\u00e9galit\u00e9 des suffrages, l'\u00e9lection sera\nacquise au candidat le plus \u00e2g\u00e9.\nArticle  7 :  Les  r\u00e9clamations  auxquelles  donneraient  lieu  les op\u00e9rations  \u00e9lectorales  devront  \u00eatre\nconsign\u00e9es au proc\u00e8s-verbal, sinon, \u00eatre d\u00e9pos\u00e9es, sous peine de nullit\u00e9, dans les cinq jours qui\nsuivent le jour de l'\u00e9lection, au secr\u00e9tariat de la mairie, \u00e0 la sous-pr\u00e9fecture de Beaune, ou \u00e0 la\npr\u00e9fecture de la C\u00f4te-d'Or. Elles peuvent \u00e9galement \u00eatre d\u00e9pos\u00e9es au bureau central du greffe du\ntribunal administratif de Dijon.\nArticle 8 : Une d\u00e9claration de candidature est obligatoire  pour le premier tour de scrutin. Toute\ncandidature enregistr\u00e9e pour le premier tour ne pourra pas \u00eatre retir\u00e9e pour le second tour.\n2/3\nSous-pr\u00e9fecture de Beaune - 21-2024-03-26-00003 - Arr\u00eat\u00e9 pr\u00e9fectoral n\u00b0 588 du 26 mars 2024 portant convocation des \u00e9lecteurs de\nla commune d'ECUTIGNY et fixant la p\u00e9riode de d\u00e9p\u00f4t des candidatures en vue de proc\u00e9der \u00e0 des \u00e9lections municipales\ncompl\u00e9mentaires pour 01 si\u00e8ge, le dimanche 26 mai 2024 pour le 1er tour et le dimanche 2 juin 2024 pour l'\u00e9ventuel second tour\n60\nDe nouvelles candidatures pourront \u00eatre d\u00e9pos\u00e9es pour le second tour si et seulement si  le nombre\nde candidats d\u00e9clar\u00e9s au premier tour est inf\u00e9rieur au nombre de si\u00e8ges \u00e0 pourvoir.\nLa d\u00e9claration de candidature doit obligatoirement \u00eatre r\u00e9dig\u00e9e sur un imprim\u00e9 CERFA  n\u00b0 14996*03\net accompagn\u00e9e des pi\u00e8ces justificatives list\u00e9es au verso de l'imprim\u00e9.\nArticle 9 : Les d\u00e9clarations de candidatures seront re\u00e7ues  \u00e0 la sous-pr\u00e9fecture de Beaune sur\nrendez-vous (en t\u00e9l\u00e9phonant au 03.45.43.80.05 ou au 03.45.43.80.07)  jusqu'au jeudi 25 avril 2024\n\u00e0 12h30 heures.\nDATES DE D\u00c9P\u00d4T DES CANDIDATURES\nPour le premier tour de scrutin\n- du lundi 22 avril au jeudi 25 avril 2024\nde 09 h 30 \u00e0 12 h 30\nPour le second tour de scrutin\n- le lundi 27 mai 2024\nde 09 h 30 \u00e0 12 h 30\n- le mardi  28 mai 2024\nde 09 h 30 \u00e0 12 h 00 et  de 14 h 30 \u00e0 18 h 00.\nArticle 10 : Monsieur le sous-pr\u00e9fet de l'arrondissement de Beaune et Monsieur le premier adjoint,\nmaire par int\u00e9rim, sont charg\u00e9s, chacun en ce qui le concerne, de l'ex\u00e9cution du pr\u00e9sent arr\u00eat\u00e9 qui,\nconform\u00e9ment  \u00e0  l'article  L.247  du  code  \u00e9lectoral,  sera  publi\u00e9  et  affich\u00e9  dans  la  commune  six\nsemaines au moins avant l'\u00e9lection, aux emplacements officiels, ainsi que dans le bureau de vote, le\njour du scrutin.\nFait \u00e0 Beaune, le 26 mars 2024\nPour le pr\u00e9fet de la r\u00e9gion Bourgogne-Franche-Comt\u00e9,\nPr\u00e9fet de la C\u00f4te-d'Or et par d\u00e9l\u00e9gation,\nLe sous-pr\u00e9fet de l'arrondissement de Beaune,\nsign\u00e9\nBeno\u00eet BYRSKI\n3/3\nSous-pr\u00e9fecture de Beaune - 21-2024-03-26-00003 - Arr\u00eat\u00e9 pr\u00e9fectoral n\u00b0 588 du 26 mars 2024 portant convocation des \u00e9lecteurs de\nla commune d'ECUTIGNY et fixant la p\u00e9riode de d\u00e9p\u00f4t des candidatures en vue de proc\u00e9der \u00e0 des \u00e9lections municipales\ncompl\u00e9mentaires pour 01 si\u00e8ge, le dimanche 26 mai 2024 pour le 1er tour et le dimanche 2 juin 2024 pour l'\u00e9ventuel second tour\n61\nSous-pr\u00e9fecture de Beaune\nP\u00f4le Collectivit\u00e9s locales\n21-2024-03-26-00002\nArr\u00eat\u00e9 pr\u00e9fectoral n\u00b0568 du 26 mars 2024\nportant convocation des \u00e9lecteurs de la\ncommune de BLANOT et fixant la p\u00e9riode de\nd\u00e9p\u00f4t des candidatures en vue de proc\u00e9der \u00e0\ndes \u00e9lections municipales compl\u00e9mentaires pour\n04 si\u00e8ges, le dimanche 26 mai 2024 pour le 1er\ntour et le dimanche 2 juin 2024 pour l'\u00e9ventuel\nsecond tour\nSous-pr\u00e9fecture de Beaune - 21-2024-03-26-00002 - Arr\u00eat\u00e9 pr\u00e9fectoral n\u00b0568 du 26 mars 2024 portant convocation des \u00e9lecteurs de la\ncommune de BLANOT et fixant la p\u00e9riode de d\u00e9p\u00f4t des candidatures en vue de proc\u00e9der \u00e0 des \u00e9lections municipales\ncompl\u00e9mentaires pour 04 si\u00e8ges, le dimanche 26 mai 2024 pour le 1er tour et le dimanche 2 juin 2024 pour l'\u00e9ventuel second tour\n62\nExPREFETDE LACOTE-D'ORLibert\u00e9Egalit\u00e9Fraternit\u00e9\nP\u00f4le collectivit\u00e9s locales                                                          Beaune, le 26 mars 2024\nAffaire suivie par : Sylvie POISOT\nT\u00e9l :03.45.43.80.05\nm\u00e9l : sylvie.poisot@cote-dor.gouv.fr\nARR\u00caT\u00c9 PR\u00c9FECTORAL N\u00b0568 DU 26 MARS 2024\nportant convocation des \u00e9lecteurs de la commune de BLANOT\net fixant la p\u00e9riode de d\u00e9p\u00f4t des candidatures en vue de proc\u00e9der\n\u00e0 des \u00e9lections municipales compl\u00e9mentaires pour 04 si\u00e8ges,\nle dimanche 26 mai 2024 pour le 1er tour\net le dimanche 2 juin 2024 pour l'\u00e9ventuel second tour\nLe sous-pr\u00e9fet de l'arrondissement de BEAUNE\nVU le code \u00e9lectoral, et notamment les articles L.1 \u00e0 L.118, L.228, L.247 \u00e0 L.257, L.267, R. 1 \u00e0 R. 97\net R. 118 \u00e0 R. 128-3 ;\nVU la loi n\u00b02016-1048 du 1er ao\u00fbt 2016 r\u00e9novant les modalit\u00e9s d'inscription sur les listes \u00e9lectorales  ;\nVU le code g\u00e9n\u00e9ral des collectivit\u00e9s territoriales et notamment ses articles L. 2122-8 et L. 2122-14 ;\nVU le  d\u00e9cret  du  Pr\u00e9sident  de  la  R\u00e9publique  du  26  septembre  2022  portant  nomination  de\nM. Franck ROBINE, pr\u00e9fet hors-classe, en qualit\u00e9 de pr\u00e9fet de la r\u00e9gion Bourgogne-Franche-Comt\u00e9,\npr\u00e9fet de la C\u00f4te-d'Or ;\nVU le  d\u00e9cret  du  Pr\u00e9sident  de  la  R\u00e9publique  du  6  juillet  2023  portant  nomination\nde M. Beno\u00eet BYRSKI, sous-pr\u00e9fet, en qualit\u00e9 de sous-pr\u00e9fet de l'arrondissement de Beaune ;\nVU  la  circulaire  du  ministre  de  l'int\u00e9rieur  n\u00b0INTA1625463J  du  19  septembre  2016  relative  \u00e0\nl'organisation des \u00e9lections partielles ; \nVU la circulaire INTA2000662J du 16 janvier 2020 relative au d\u00e9roulement des op\u00e9rations \u00e9lectorales\nlors des \u00e9lections au suffrage universel direct ;\nVU la circulaire du 17 mars 2020 sur l'\u00e9lection des conseils municipaux et communautaires et des\nex\u00e9cutifs et fonctionnement des organes d\u00e9lib\u00e9rants ;\nVU la circulaire INTA2101962J du 6 avril 2021 relative aux modalit\u00e9s d'exercice du droit de vote par\nprocuration ;\nVU la circulaire INTA2214915C du 24 mai 2022 relative \u00e0 l'organisation mat\u00e9rielle et au d\u00e9roulement\ndes \u00e9lections l\u00e9gislatives des 12 et 19 juin 2022 ;\nVU l' arr\u00eat\u00e9 pr\u00e9fectoral  n\u00b0150/SG du 18 janvier 2024 donnant d\u00e9l\u00e9gation de signature \u00e0 Monsieur\nBeno\u00eet BYRSKI, sous-pr\u00e9fet de Beaune ;\n1/3\nSous-pr\u00e9fecture de Beaune - 21-2024-03-26-00002 - Arr\u00eat\u00e9 pr\u00e9fectoral n\u00b0568 du 26 mars 2024 portant convocation des \u00e9lecteurs de la\ncommune de BLANOT et fixant la p\u00e9riode de d\u00e9p\u00f4t des candidatures en vue de proc\u00e9der \u00e0 des \u00e9lections municipales\ncompl\u00e9mentaires pour 04 si\u00e8ges, le dimanche 26 mai 2024 pour le 1er tour et le dimanche 2 juin 2024 pour l'\u00e9ventuel second tour\n63\nVU l'arr\u00eat\u00e9  pr\u00e9fectoral  n\u00b0  1034  du  22  ao\u00fbt  2023  portant  d\u00e9signation  des  bureaux  de  vote  des\ncommunes du d\u00e9partement de la C\u00f4te d'Or ;\nVU les d\u00e9missions de leur mandat de conseiller municipal de Mme Laure MEULNET et de M. Damien\nBARD le 9 juin 2022, de Mme Martine AVRIL-BEZOUT le 25 janvier 2024 ;\nVU  la d\u00e9mission de ses fonctions d'adjoint et de son mandat de conseiller municipal de M. James\nDELANDE accept\u00e9e par M. le sous-pr\u00e9fet de Beaune et effective le 23 mars 2024 ;\nCONSID\u00c9RANT la  vacance  de  04  si\u00e8ges  de  conseiller  municipal  au  sein  du  conseil  municipal\nde BLANOT;\nCONSIDERANT que depuis le 23 mars 2024 le tiers des si\u00e8ges du conseil municipal de BLANOT est\nvacant, qu'en cons\u00e9quence, en vertu de l'article L. 258 du code \u00e9lectoral, des \u00e9lections municipales\ncompl\u00e9mentaires doivent \u00eatre organis\u00e9es pour pourvoir tous les si\u00e8ges vacants ;\nARR\u00caTE\nArticle 1er : Les \u00e9lecteurs de la commune de BLANOT sont convoqu\u00e9s le dimanche 26 mai 2024 \u00e0 la\nmairie,  lieu  de  vote  d\u00e9sign\u00e9  par  l'arr\u00eat\u00e9  pr\u00e9fectoral  sus-vis\u00e9, pour  proc\u00e9der  \u00e0  l'\u00e9lection  de  trois\nconseillers municipaux.\nArticle 2 : Les listes \u00e9lectorales sont permanentes. Les demandes d'inscription sur les listes , en\nvue de participer \u00e0 un scrutin, sont d\u00e9pos\u00e9es au plus tard le sixi\u00e8me vendredi pr\u00e9c\u00e9dant le scrutin\n(article L. 17 du Code \u00e9lectoral), soit jusqu'au vendredi 19 avril 2024.\nL'\u00e9lection aura lieu d'apr\u00e8s les listes \u00e9lectorales arr\u00eat\u00e9es au plus tard le 5 mai 2024 (apr\u00e8s r\u00e9union\nde la commission de contr\u00f4le qui intervient au plus tard le 21 \u00e8me jour pr\u00e9c\u00e9dent le scrutin),  telles\nqu'elles auront pu \u00eatre modifi\u00e9es ult\u00e9rieurement en application de l'article L.30 du code \u00e9lectoral.\nArticle 3 : Le scrutin d\u00e9butera \u00e0 HUIT HEURES et sera clos \u00e0 DIX-HUIT HEURES. Le d\u00e9pouillement\nsuivra imm\u00e9diatement la fermeture du scrutin.\nArticle 4 : Les conseillers municipaux \u00e0 \u00e9lire devront avoir 18 ans r\u00e9volus.\nArticle 5  :  Seront \u00e9lus au 1 er tour les candidats ayant r\u00e9uni d'une part, la majorit\u00e9 absolue des\nsuffrages exprim\u00e9s, et d'autre part, un nombre de suffrages \u00e9gal au quart de celui des \u00e9lecteurs\ninscrits.\nArticle 6 : Si les si\u00e8ges ne sont pas pourvus au 1 er tour, il sera proc\u00e9d\u00e9 \u00e0 un second tour de\nscrutin le dimanche 2 juin 2024 dans le m\u00eame lieu et aux m\u00eames heures. L'\u00e9lection sera acquise\nalors \u00e0 la majorit\u00e9 relative quel que soit le nombre de votants. En cas d'\u00e9galit\u00e9 des suffrages,\nl'\u00e9lection sera acquise au candidat le plus \u00e2g\u00e9.\nArticle  7 :  Les  r\u00e9clamations  auxquelles  donneraient  lieu  les op\u00e9rations  \u00e9lectorales  devront  \u00eatre\nconsign\u00e9es au proc\u00e8s-verbal, sinon, \u00eatre d\u00e9pos\u00e9es, sous peine de nullit\u00e9, dans les cinq jours qui\nsuivent le jour de l'\u00e9lection, au secr\u00e9tariat de la mairie, \u00e0 la sous-pr\u00e9fecture de Beaune, ou \u00e0 la\npr\u00e9fecture de la C\u00f4te-d'Or. Elles peuvent \u00e9galement \u00eatre d\u00e9pos\u00e9es au bureau central du greffe du\ntribunal administratif de Dijon.\nArticle 8 : Une d\u00e9claration de candidature est obligatoire  pour le premier tour de scrutin. Toute\ncandidature enregistr\u00e9e pour le premier tour ne pourra pas \u00eatre retir\u00e9e pour le second tour.\n2/3\nSous-pr\u00e9fecture de Beaune - 21-2024-03-26-00002 - Arr\u00eat\u00e9 pr\u00e9fectoral n\u00b0568 du 26 mars 2024 portant convocation des \u00e9lecteurs de la\ncommune de BLANOT et fixant la p\u00e9riode de d\u00e9p\u00f4t des candidatures en vue de proc\u00e9der \u00e0 des \u00e9lections municipales\ncompl\u00e9mentaires pour 04 si\u00e8ges, le dimanche 26 mai 2024 pour le 1er tour et le dimanche 2 juin 2024 pour l'\u00e9ventuel second tour\n64\nDe nouvelles candidatures pourront \u00eatre d\u00e9pos\u00e9es pour le second tour si et seulement si  le nombre\nde candidats d\u00e9clar\u00e9s au premier tour est inf\u00e9rieur au nombre de si\u00e8ges \u00e0 pourvoir.\nLa d\u00e9claration de candidature doit obligatoirement \u00eatre r\u00e9dig\u00e9e sur un imprim\u00e9 CERFA  n\u00b0 14996*03\net accompagn\u00e9e des pi\u00e8ces justificatives list\u00e9es au verso de l'imprim\u00e9.\nArticle 9 : Les d\u00e9clarations de candidatures seront re\u00e7ues  \u00e0 la sous-pr\u00e9fecture de Beaune sur\nrendez-vous (en t\u00e9l\u00e9phonant au 03.45.43.80.05 ou au 03.45.43.80.07)  jusqu'au jeudi 25 avril 2024\n\u00e0 12h30 heures.\nDATES DE D\u00c9P\u00d4T DES CANDIDATURES\nPour le premier tour de scrutin\n- du lundi 22 avril au jeudi 25 avril 2024\nde 09 h 30 \u00e0 12 h 30\nPour le second tour de scrutin\n- le lundi 27 mai 2024\nde 09 h 30 \u00e0 12 h 30\n- le mardi  28 mai 2024\nde 09 h 30 \u00e0 12 h 00 et  de 14 h 30 \u00e0 18 h 00.\nArticle 10  :  Monsieur le sous-pr\u00e9fet de l'arrondissement de Beaune et Monsieur le maire, sont\ncharg\u00e9s, chacun en ce qui le concerne, de l'ex\u00e9cution du pr\u00e9sent arr\u00eat\u00e9 qui, conform\u00e9ment \u00e0 l'article\nL.247 du code \u00e9lectoral, sera publi\u00e9 et affich\u00e9 dans la commune six semaines au moins avant\nl'\u00e9lection, aux emplacements officiels, ainsi que dans le bureau de vote, le jour du scrutin.\nFait \u00e0 Beaune, le 26 mars 2024\nPour le pr\u00e9fet de la r\u00e9gion Bourgogne-Franche-Comt\u00e9,\nPr\u00e9fet de la C\u00f4te-d'Or et par d\u00e9l\u00e9gation,\nLe sous-pr\u00e9fet de l'arrondissement de Beaune,\nsign\u00e9\nBeno\u00eet BYRSKI\n3/3\nSous-pr\u00e9fecture de Beaune - 21-2024-03-26-00002 - Arr\u00eat\u00e9 pr\u00e9fectoral n\u00b0568 du 26 mars 2024 portant convocation des \u00e9lecteurs de la\ncommune de BLANOT et fixant la p\u00e9riode de d\u00e9p\u00f4t des candidatures en vue de proc\u00e9der \u00e0 des \u00e9lections municipales\ncompl\u00e9mentaires pour 04 si\u00e8ges, le dimanche 26 mai 2024 pour le 1er tour et le dimanche 2 juin 2024 pour l'\u00e9ventuel second tour\n65","date":"2024-03-27","first_seen_on":"2025-09-14T10:02:34+00:00","id":"0cd8ce3e6c331b3611ad58234aa8ddb5baf19f2abc507a5e2ab4f0ac8ae4729c","name":"RAA n\u00b0 044 du 27 mars 2024","pdf_creation_date":"2024-03-27T16:22:15+00:00","pdf_modification_date":null,"timezone":"Europe/Paris","url":"https://www.cote-dor.gouv.fr/contenu/telechargement/21063/161063/file/recueil-21-2024-044-recueil-des-actes-administratifs-special.pdf"}
