{"administration":"prefidf","administration_name":"Pr\u00e9fecture de la r\u00e9gion \u00cele-de-France","content":"PREFECTURE\nREGION ILE DE\nFRANCE\nRECUEIL DES ACTES\nADMINISTRATIFS SP\u00c9CIAL\n(NOMINATIFS)\nN\u00b0IDF-045-2025-04\nPUBLI\u00c9 LE 18 AVRIL 2025\nSommaire\nAgence R\u00e9gionale de Sant\u00e9 / Direction de l'Offre de Soins  - P\u00f4le RH\nen Sant\u00e9\nIDF-2025-04-17-00005 - Arr\u00eat\u00e9 n\u00b0 ARS - DOS - 2025/ 1887 fixant la liste\ndes m\u00e9decins en exercice acc\u00e9dant au troisi\u00e8me cycle des \u00e9tudes\nde m\u00e9decine affect\u00e9s en formation pour le semestre de mai 2025 \u00e0\noctobre 2025 dans la subdivision d'\u00cele-de-France.\n (3 pages) Page 3\nDirection r\u00e9gionale et interd\u00e9partementale de l'\u00e9conomie, de l'emploi,\ndu travail et des solidarit\u00e9s d'\u00cele-de-France / P\u00f4le Politique du travail\nIDF-2025-04-18-00005 - D\u00e9cision n\u00b0 2025-082 du 18 avril 2025 \nportant affectation des agents de contr\u00f4le dans les unit\u00e9s de contr\u00f4le\net gestion des int\u00e9rims au sein de la direction d\u00e9partementale de\nl'emploi, du travail et des solidarit\u00e9s des Yvelines (4 pages) Page 7\nIDF-2025-04-18-00004 - D\u00e9cision n\u00b0 2025-81 du 18 avril 2025 portant\naffectation des agents de contr\u00f4le dans les unit\u00e9s de contr\u00f4le et\ngestion des int\u00e9rims\nde la direction d\u00e9partementale de l'emploi,\ndu travail et des solidarit\u00e9s du Val d'Oise (3 pages) Page 12\n2\nAgence R\u00e9gionale de Sant\u00e9\nIDF-2025-04-17-00005\nArr\u00eat\u00e9 n\u00b0 ARS - DOS - 2025/ 1887 fixant la liste\ndes m\u00e9decins en exercice acc\u00e9dant au troisi\u00e8me\ncycle des \u00e9tudes de m\u00e9decine affect\u00e9s en\nformation pour le semestre de mai 2025 \u00e0\noctobre 2025 dans la subdivision d'\u00cele-de-France.\nAgence R\u00e9gionale de Sant\u00e9 - IDF-2025-04-17-00005 - Arr\u00eat\u00e9 n\u00b0 ARS - DOS - 2025/ 1887 fixant la liste des m\u00e9decins en exercice\nacc\u00e9dant au troisi\u00e8me cycle des \u00e9tudes de m\u00e9decine affect\u00e9s en formation pour le semestre de mai 2025 \u00e0 octobre 2025 dans la\nsubdivision d'\u00cele-de-France.\n3\nREPUBLIQUEFRANCAISELibert\u00e9Egalit\u00e9Fraternit\u00e9\n4\n@ \u00bb Agence R\u00e9gionale de Sant\u00e9\u00cele-de-France\nides de m\u00e9decine~ -de-\nr AMR  RER  =  =  = mm  D\"  \u2014  \u2014  =.  \u2014\n\"3cins en exercice\n \n \n1 \n \n \n \n \n \n \n \n \n  ARR\u00caTE N\u00b0 ARS - DOS - 2025/ 1887 \n \nFixant la liste des m\u00e9decins en exercice acc\u00e9dant au troisi\u00e8me cycle des \u00e9tudes de m\u00e9decine \naffect\u00e9s en formation pour le semestre de mai 2025 \u00e0 octobre 2025 dans la subdivision d'\u00cele-de-\nFrance \n \nLE DIRECTEUR G\u00c9N\u00c9RAL DE L'AGENCE R\u00c9GIONALE DE SANT\u00c9 D'\u00ceLE-DE-FRANCE \nVU le d\u00e9cret n\u00b0 2017-535 du 12 avril 2017 relatif aux conditions d'acc\u00e8s des m\u00e9decins en exercice \nau troisi\u00e8me cycle des \u00e9tudes de m\u00e9decine  \n \nVU l'arr\u00eat\u00e9 du 25 avril 2022 relatif aux modalit\u00e9s d'acc\u00e8s des m\u00e9decins en exercice au troisi\u00e8me \ncycle des \u00e9tudes de m\u00e9decine  \n \n \n \nARR\u00caTE \n \n \nArticle 1er : La liste des m\u00e9decins en exercice acc\u00e9dant au troisi\u00e8me cycle des \u00e9tudes de m\u00e9decine \naffect\u00e9s en formation pour le semestre de mai 2025 \u00e0 octobre 2025 est fix\u00e9e comme suit : \n \n \nPromotion NOM Pr\u00e9nom Sp\u00e9cialit\u00e9 Etablissement Service Chef de \nservice \n2023 ZARKA \nJonathan \nDES Anesth\u00e9sie \nR\u00e9animation \nPITIE SALPETRIERE \n(AP-HP) \nANESTH\u00c9SIE ET \nR\u00c9ANIMATION \nCARDIAQUE \nBOUGLE \nADRIEN \n2023 OLLIER Marie DES Biologie M\u00e9dicale HIA PERCY \nBIOCHIMIE \nPHARMACOLOGIE ET \nTOXICOLOGIE \nCLINIQUES  \nVEST \nPHILIPPE \n2023 MARCIANO \nElinor DES Dermatologie SAINT LOUIS \n (AP-HP) \nDERMATOLOGIE -\nVENEREOLOGIE \nBOUAZIZ \nJEAN-DAVID \n2023 MAUNOURY \nCapucine DES Psychiatrie CH VERSAILLES UNITE MEDICO-\nJUDICIAIRE 78 \nFERRANT-\nAZOULAY \nOPHELIE \n2023 BENMOUSSA \nLaila  \nDES Radiologie et \nimagerie m\u00e9dicale \nINSTITUT GUSTAVE \nROUSSY RADIODIAGNOSTIC BALLEYGUIER \nCORINNE \nAgence R\u00e9gionale de Sant\u00e9 - IDF-2025-04-17-00005 - Arr\u00eat\u00e9 n\u00b0 ARS - DOS - 2025/ 1887 fixant la liste des m\u00e9decins en exercice\nacc\u00e9dant au troisi\u00e8me cycle des \u00e9tudes de m\u00e9decine affect\u00e9s en formation pour le semestre de mai 2025 \u00e0 octobre 2025 dans la\nsubdivision d'\u00cele-de-France.\n4\nattach\u00e9 administrativementH\u00f4pitaux de P\n2 \n \n2023 DOUBLALI \nAbdelkrim \nDES Radiologie et \nimagerie m\u00e9dicale \nLOUIS-MOURIER \n(AP-HP) IMAGERIE MEDICALE SIAUVE \nNATHALIE \n2024 \nBEHOUHOU \nMohamed \nMaher  \nDES Anesth\u00e9sie \nR\u00e9animation \nHENRI MONDOR (AP-\nHP) \nREANIMATION ET \nSALLE DE REVEIL \nQUESNEL \nCHRISTOPHE \n2024 LE MONNIER \nEug\u00e9nie DES Biologie M\u00e9dicale \nCHI ANDRE \nGREGOIRE \n(MONTREUIL) \nLABORATOIRE DE \nBIOLOGIE \nCHALLIER \nMARION \n2024 MAZEAS \nMargaux DES Dermatologie NECKER ENFANTS \nMALADES(AP-HP) \nDERMATOLOGIE \nPEDIATRIQUE \nBODEMER \nCHRISTINE \n2024 MENETRIER \nMelissa \nDES M\u00e9decine \ng\u00e9n\u00e9rale \nMAISON DE SANTE \nPLURIPROFESSIONN\nELLE  \nMAISON DE SANTE \nPLURIPROFESSIONNE\nLLE  \nSAUDUBRAY \nThibault \nCABINET DE \nGROUPE CABINET DE GROUPE GILARDI Anne-\nCharlotte \nCABINET DE \nGROUPE CABINET DE GROUPE DUQUESNOY \nSt\u00e9phane \n2024 REBOCH \nSophie \nDES Radiologie et \nimagerie m\u00e9dicale \nHOPITAL SIMONE \nVEIL EAUBONNE IMAGERIE MEDICALE GORDIENCO \nNATALIA \n2024 SMIRDEC \nMargot DES Psychiatrie AVICENNE \n (AP-HP) \nPSYCHOPATHOLOGIE \nENFANT ET ADOS \nBAUBET \nTHIERRY \n2024 CALLIES \nPhilippine FST Sommeil PITIE SALPETRIERE \n(AP-HP) \nPATHOLOGIES DU \nSOMMEIL \nARNULF \nISABELLE \n2024 BALESTIER \nAnita FST M\u00e9decine Scolaire   \n DSDEN 77- MELUN \n  \n SANTE SCOLAIRE \nNathalie \nCHAVIGNER \n \n \nLe praticien en reconversion est rattach\u00e9 administrativement au centre hospitalier universitaire d'\u00cele \nde France, l'Assistance Publique-H\u00f4pitaux de Paris. \n \nArticle 2 : Le directeur de l'offre de soins est charg\u00e9 de l'ex\u00e9cution du pr\u00e9sent arr\u00eat\u00e9. \n \n \n \n \n \n \n \n \nAgence R\u00e9gionale de Sant\u00e9 - IDF-2025-04-17-00005 - Arr\u00eat\u00e9 n\u00b0 ARS - DOS - 2025/ 1887 fixant la liste des m\u00e9decins en exercice\nacc\u00e9dant au troisi\u00e8me cycle des \u00e9tudes de m\u00e9decine affect\u00e9s en formation pour le semestre de mai 2025 \u00e0 octobre 2025 dans la\nsubdivision d'\u00cele-de-France.\n5\nUrs\ndu Travail, d'un recours\nFait a Saint-Denis ~\n3 \n \n \n \n \nArticle 3 : Le pr\u00e9sent arr\u00eat\u00e9 peut faire l'objet : \n \n- d'une saisine du directeur g\u00e9n\u00e9ral de l'Agence R\u00e9gionale de Sant\u00e9 d'Ile-de-France d'un recours \ngracieux dans un d\u00e9lai de deux mois \u00e0 compter de la date de publication du pr\u00e9sent arr\u00eat\u00e9 ; \n \n- d'une saisine de la Ministre du Travail, de la Sant\u00e9, des Solidarit\u00e9s et des Familles d'un recours \nhi\u00e9rarchique dans un d\u00e9lai de deux mois \u00e0 compter de la publication du pr\u00e9sent arr\u00eat\u00e9 ; \n \n- d'une saisine du tribunal administratif de Paris d'un recours contentieux, dans un d\u00e9lai de deux \nmois \u00e0 compter de la publication du pr\u00e9sent arr\u00eat\u00e9. \n \n \n \n \n                                                                                                Fait \u00e0 Saint-Denis, le 17 avril 2025  \n \nP/Le directeur g\u00e9n\u00e9ral  \nde l'Agence r\u00e9gionale de sant\u00e9 \n\u00cele-de-France \nP/Le Directeur de l'Offre de soins \nLe Directeur adjoint de l'Offre de \nsoins  \n \nSIGN\u00c9 \n \nKor\u00e9 MOGNON \nAgence R\u00e9gionale de Sant\u00e9 - IDF-2025-04-17-00005 - Arr\u00eat\u00e9 n\u00b0 ARS - DOS - 2025/ 1887 fixant la liste des m\u00e9decins en exercice\nacc\u00e9dant au troisi\u00e8me cycle des \u00e9tudes de m\u00e9decine affect\u00e9s en formation pour le semestre de mai 2025 \u00e0 octobre 2025 dans la\nsubdivision d'\u00cele-de-France.\n6\nDirection r\u00e9gionale et interd\u00e9partementale de\nl'\u00e9conomie, de l'emploi, du travail et des\nsolidarit\u00e9s d'\u00cele-de-France\nIDF-2025-04-18-00005\nD\u00e9cision n\u00b0 2025-082 du 18 avril 2025 \n portant affectation des agents de contr\u00f4le dans\nles unit\u00e9s de contr\u00f4le et gestion des int\u00e9rims au\nsein de la direction d\u00e9partementale de l'emploi,\ndu travail et des solidarit\u00e9s des Yvelines\nDirection r\u00e9gionale et interd\u00e9partementale de l'\u00e9conomie, de l'emploi, du travail et des solidarit\u00e9s d'\u00cele-de-France -\nIDF-2025-04-18-00005 - D\u00e9cision n\u00b0 2025-082 du 18 avril 2025 \n portant affectation des agents de contr\u00f4le dans les unit\u00e9s de contr\u00f4le et gestion des int\u00e9rims au sein de la direction d\u00e9partementale\nde l'emploi, du travail et des solidarit\u00e9s des Yvelines\n7\nMINISTERE |DU TRAVAIL, DE LA SANT\u00c9,DES SOLIDARIT\u00c9SET DES FAMILLESLibert\u00e9Egalit\u00e9Fraternit\u00e9\n \nDRIEETS Ile-de-France  \n21 rue Madeleine Vionnet  \n93 300 AUBERVILLIERS                                                                                                                                                                                                                              \n \n \n \nDirection r\u00e9gionale et interd\u00e9partementale \nde l'\u00e9conomie, de l'emploi, \ndu travail et des solidarit\u00e9s \n \n \n \n \n \n \nD\u00e9cision n\u00b0 2025-082 du 18 avril 2025 \nportant affectation des agents de contr\u00f4le dans les unit\u00e9s de contr\u00f4le et gestion des int\u00e9rims  \nau sein de la direction d\u00e9partementale de l'emploi, du travail et des solidarit\u00e9s des Yvelines  \n \n \nLe Directeur r\u00e9gional et interd\u00e9partemental de l'\u00e9conomie, de l'emploi, du travail et des solidarit\u00e9s de la \nr\u00e9gion Ile-de-France par int\u00e9rim,  \n \nVu le code du travail, notamment ses articles R. 8122-1 et suivants,  \n \nVu le d\u00e9cret n\u00b0 2020 -1545 du 9 d\u00e9cembre 2020 relatif \u00e0 l'organisation et aux missions des directions \nr\u00e9gionales de l'\u00e9conomie, de l'emploi, du travail et des solidarit\u00e9s, des directions d\u00e9partementales de \nl'emploi, du travail et des solidarit\u00e9s et des directions d\u00e9partementales de l'emploi, du travail, des \nsolidarit\u00e9s et de la protection des populations, \n \nVu l'arr\u00eat\u00e9 interminist\u00e9riel du 20 mars 2025 nommant Marc ROHFRITSCH directeur r\u00e9gional et \ninterd\u00e9partemental de l'\u00e9conomie, de l'emploi, du travail et des solidarit\u00e9s d'\u00cele -de-France par int\u00e9rim, \u00e0 \ncompter du 1er avril 2025, \n \nVu l'arr\u00eat\u00e9 minist\u00e9riel du 25 mars 2024 portant r\u00e9partition des unit\u00e9s de contr\u00f4le de l'inspection du travail,  \n \nVu la d\u00e9cision n\u00b0 2023 -194 du 26 d\u00e9cembre 2023 du directeur r\u00e9gional et interd\u00e9partemental de \nl'\u00e9conomie, de l'emploi, du travail et des solidarit\u00e9s d'Ile -de-France relative \u00e0 la localisation et \u00e0 la \nd\u00e9limitation des unit\u00e9s de contr\u00f4le et des sections d'insp ection du travail de la direction d\u00e9partementale \nde l'emploi, du travail et des solidarit\u00e9s des Yvelines, \n \nD\u00c9CIDE \n \n \nArticle 1  : Sont nomm\u00e9s responsables d'unit\u00e9s de contr\u00f4le d'inspection du travail de la direction \nd\u00e9partementale de l'emploi, du travail et des solidarit\u00e9s des Yvelines les agents suivants : \n\u2022 Unit\u00e9 de contr\u00f4le n\u00b01 : Madame Agn\u00e8s DAVID, Directrice Adjointe du Travail ;  \n\u2022 Unit\u00e9 de contr\u00f4le n\u00b02 : Monsieur Jacques POM, Directeur Adjoint du Travail ; \n\u2022 Unit\u00e9 de contr\u00f4le n\u00b03 : Madame Laila EL-MAAKOUL, Directrice Adjointe du Travail ;   \n\u2022 Unit\u00e9 de contr\u00f4le n\u00b04 : poste vacant, l'int\u00e9rim est assur\u00e9  par Madame Laila EL-MAAKOUL, Directrice \nAdjointe du Travail. \n \n \nArticle 2 : Sans pr\u00e9judice des dispositions de l'article R. 8122-10 1\u00b0 du code du travail et conform\u00e9ment aux \ndispositions de l'article R. 8122-11 du code du travail, sont affect\u00e9s dans les sections d'inspection du travail \nde la direction d\u00e9partementale de l'emploi, du travail et des solidarit\u00e9s des Yvelines les agents suivants :  \n \n \nDirection r\u00e9gionale et interd\u00e9partementale de l'\u00e9conomie, de l'emploi, du travail et des solidarit\u00e9s d'\u00cele-de-France -\nIDF-2025-04-18-00005 - D\u00e9cision n\u00b0 2025-082 du 18 avril 2025 \n portant affectation des agents de contr\u00f4le dans les unit\u00e9s de contr\u00f4le et gestion des int\u00e9rims au sein de la direction d\u00e9partementale\nde l'emploi, du travail et des solidarit\u00e9s des Yvelines\n8\n \n2 / 4 \n \n \n1. Unit\u00e9 de contr\u00f4le n\u00b01 : \n\u2022 Section 1 : Madame Evelle SIROT, Inspectrice du Travail ; \n\u2022 Section 2 : Madame Annie ANGER, Inspectrice du Travail ; \n\u2022 Section 3 : Madame Sandrine BERTINO, Inspectrice du Travail ; \n\u2022 Section 4 : Madame Marie-Michelle ALGAIN, Inspectrice du Travail ; \n\u2022 Section 5 : Madame Anne-Laure MERELLE, Inspectrice du Travail ;  \n\u2022 Section 6 : Madame Nolwenn MAUROT, Inspectrice du Travail ;  \n\u2022 Section 7 : Madame Nathalie DE CARVALHO, Inspectrice du Travail ; \n\u2022 Section 8 : Monsieur Lo\u00efc ROLDAN, Inspecteur du travail ; \n\u2022 Section 9 :  section vacante, l'int\u00e9rim est assur\u00e9 par : \n\u25aa Madame Sandrine BERTINO, Inspectrice du Travail, sur la commune de Carri\u00e8re sous Poissy \n\u25aa Madame Anne-Laure MERELLE, Inspectrice du Travail, sur la commune de Vaux-sur-Seine ; \n\u25aa Madame Marie-Michelle ALGAIN, Inspectrice du Travail, sur la commune d'Evecquemont ;  \n\u25aa Madame Lucie TELBOIS, Inspectrice du Travail, sur la commune de M\u00e9dan ;  \n\u25aa Madame Nolwenn MAUROT, Inspectrice du Travail, sur la commune de Triel-sur-Seine ;  \n\u25aa Monsieur Loic ROLDAN, Inspecteur du Travail, sur la commune de Vernouillet ;  \n\u25aa Madame Nathalie DE CARVALHO, Inspec trice du Travail, sur la commune de Chanteloup -les-\nVignes sauf pour l'\u00e9tablissement LIDL ; \n\u25aa Madame Agn\u00e8s DAVID, Directrice Adjointe du Travail pour l'\u00e9tablissement de LIDL sis ZAC des \nCettons 2 - 78570 Chanteloup-les-Vignes ; \n\u2022 Section 10 : Madame Capucine GAMBA, Inspectrice du Travail ; \n\u2022 Section 11 : Madame Lucie TELBOIS, Inspectrice du Travail ; \n \n2. Unit\u00e9 de contr\u00f4le n\u00b02 : \n\u2022 Section 1 : Monsieur Florian TABUTEAU, Inspecteur du travail ; \n- Section 2  : section vacante  ; l 'int\u00e9rim est assur \u00e9 par Madame Catherine PAGAN, Inspectrice du \nTravail ; \n\u2022 Section 3 : Madame Catherine PAGAN, Inspectrice du travail ;  \n\u2022 Section 4 : Madame Aurore GIRARD-WASKIW, Inspectrice du Travail ; \n\u2022 Section 5 : Monsieur Frank GALEA, Inspecteur du Travail ; \n\u2022 Section 6 : Madame Karine TURQUER, Inspectrice du Travail ; \n\u2022 Section 7 : section vacante ; l'int\u00e9rim est assur\u00e9 par Madame Karine TURQUER, Inspectrice du travail ; \n\u2022 Section 8 : Monsieur El Hadji Alce SECK, Inspecteur du Travail ;  \n \n3. Unit\u00e9 de contr\u00f4le n\u00b03 : \n\u2022 Section 1 : Madame Chlo\u00e9 MARIE, Inspectrice du travail ;  \n\u2022 Section 2 : section vacante, l'int\u00e9rim est assur\u00e9 par Madame Chlo\u00e9 MARIE, Inspectrice du travail ; \n\u2022 Section 3 : Monsieur Ronel CHOUT, Inspecteur du Travail ; \n\u2022 Section 4 : Madame Catherine BOUGIE, Directrice Adjointe du Travail (\u00e0 l'exception des chantiers du \nBTP) ; \nMadame Christine COLLON, Inspectrice du Travail, pour toute activit\u00e9 exerc\u00e9e sur l'emprise d'un \nchantier du BTP ; \n\u2022 Section 5 : Madame Christine COLLON, Inspectrice du Travail ; \n\u2022 Section 6 : Monsieur Sylvain QUEVAL, Inspecteur du Travail ;  \n\u2022 Section 7 : Monsieur Guillaume LETERREUX, Inspecteur du Travail ; \n\u2022 Section 8 : Madame Marina BARBIER, Inspectrice du Travail ; \n\u2022 Section 9 : Madame Virginie PETIT, Inspectrice du Travail ; \n \n4. Unit\u00e9 de contr\u00f4le n\u00b04 : \n\u2022 Section 1 : Monsieur Adrien LECOMPERE, Inspecteur du Travail ; \n\u25aa Section 2  : section vacante, l'int\u00e9rim est assur\u00e9 par  Monsieur Adrien LECOMPERE, Inspecteur du \nTravail ;  \n \n \nDirection r\u00e9gionale et interd\u00e9partementale de l'\u00e9conomie, de l'emploi, du travail et des solidarit\u00e9s d'\u00cele-de-France -\nIDF-2025-04-18-00005 - D\u00e9cision n\u00b0 2025-082 du 18 avril 2025 \n portant affectation des agents de contr\u00f4le dans les unit\u00e9s de contr\u00f4le et gestion des int\u00e9rims au sein de la direction d\u00e9partementale\nde l'emploi, du travail et des solidarit\u00e9s des Yvelines\n9\n \n3 / 4 \n \n \n\u25aa Section 3 : Madame Brigitte BENOIT, Contr\u00f4leur du Travail ; \nMadame Isabelle GAULTIER, Inspectrice du Travail, est habilit\u00e9e \u00e0 prendre les d\u00e9cisions relevant de \nla comp\u00e9tence exclusive de l'Inspecteur du Travail en vertu de dispositions l\u00e9gislatives ou  \nr\u00e9glementaires ; \n\u2022 Section 4 : Monsieur Said HAMDI, Inspecteur du Travail ; \n\u2022 Section 5 : Monsieur Amine BELKIRI, Inspecteur du Travail ;  \n\u2022 Section 6 : Monsieur Hugues POULAIN, Inspecteur du Travail ; \n\u2022 Section 7 : Madame Isabelle GAULTIER, Inspectrice du Travail ; \n\u2022 Section 8 : Madame Camille AHOUANTO, Inspectrice du Travail ; \n\u2022 Section 9 : Madame Armelle COLLIGNON, Inspectrice du Travail ; \n\u2022 Section 10 : Jusqu'au 30 avril 2025, Madame Nad\u00e8ge CLAUDE, Inspectrice du travail. \nSection vacante \u00e0 compter du 1 er mai 2025, l'int\u00e9rim est assur\u00e9 par Madame Armelle COLLIGNON, \nInspectrice du Travail  \n \n \nArticle 3 : En cas d'absence ou d'emp\u00eachement d'un ou plusieurs agents de contr\u00f4le d\u00e9sign\u00e9s \u00e0 l'article 2 \nci-dessus, l'int\u00e9rim est organis\u00e9 selon les modalit\u00e9s ci-apr\u00e8s :  \n\u2022 Unit\u00e9 de contr\u00f4le n\u00b01 : \n- Int\u00e9rim des Inspecteurs du Travail :  \nL'int\u00e9rim d'un Inspecteur du Travail de l'unit\u00e9 de contr\u00f4le n\u00b01 absent ou emp\u00each\u00e9 peut \u00eatre assur\u00e9 par un \nautre inspecteur de l'unit\u00e9 de contr\u00f4le n\u00b01 ou \u00e0 d\u00e9faut par le responsable de l'unit\u00e9 de contr\u00f4le de l'UC1 \net le cas \u00e9ch\u00e9ant par un contr\u00f4leur de l'un it\u00e9 de contr\u00f4le n\u00b01 pour les \u00e9tablissements de moins de 50 \nsalari\u00e9s. \n \n- Int\u00e9rim des Contr\u00f4leurs du Travail :  \nL'int\u00e9rim d'un Contr\u00f4leur du Travail de l'unit\u00e9 de contr\u00f4le n\u00b01 absent ou emp\u00each\u00e9 sera assur\u00e9 par un autre \ncontr\u00f4leur de l'unit\u00e9 de contr\u00f4le n\u00b01 et le cas \u00e9ch\u00e9ant par un inspecteur de l'unit\u00e9 de contr\u00f4le n\u00b01.  \n\u2022 Unit\u00e9 de contr\u00f4le n\u00b0 2, 3 et 4 : \n- Int\u00e9rim des Inspecteurs du Travail :  \nL'int\u00e9rim d'un Inspecteur du Travail des unit\u00e9s de contr\u00f4le 2, 3 ou 4 absent ou emp\u00each\u00e9 sera \nprioritairement assur\u00e9 par un autre inspecteur de la m\u00eame unit\u00e9 de contr\u00f4le, \u00e0 d\u00e9faut par un inspecteur \nde l'une des deux autres unit\u00e9s de contr\u00f4le ou par l'un des  responsables des unit\u00e9s de contr\u00f4le des UC 2, \nUC3 ou UC4 et le cas \u00e9ch\u00e9ant par un Contr\u00f4leur du Travail de la m\u00eame unit\u00e9 de contr\u00f4le ou de l'une des \ndeux autres unit\u00e9s de contr\u00f4le pour les \u00e9tablissements de moins de 50 salari\u00e9s.  \n \n- Int\u00e9rim des Contr\u00f4leurs du Travail :  \nL'int\u00e9rim d'un Contr\u00f4leur du Travail des unit\u00e9s de contr\u00f4le 2 ; 3 ou 4 absent ou emp\u00each\u00e9 sera \nprioritairement assur\u00e9 par un autre contr\u00f4leur de la m\u00eame unit\u00e9 de contr\u00f4le, \u00e0 d\u00e9faut par un contr\u00f4leur \nde l'une des deux autres unit\u00e9s de contr\u00f4le et le cas \u00e9ch\u00e9ant par un Inspecteur du Travail de la m\u00eame unit\u00e9 \nde contr\u00f4le ou de l'une des deux autres unit\u00e9s de contr\u00f4le. \n \n \nArticle 4 :  En cas d'absence ou d'emp\u00eachement d'un des responsables d'unit\u00e9 de contr\u00f4le d\u00e9sign\u00e9s aux \narticles 1 et 2 ci-dessus, l'int\u00e9rim sera assur\u00e9 par l'un des trois autres responsables d'Unit\u00e9 de Contr\u00f4le de \nla direction d\u00e9partementale de l'emploi du travail et des solidarit\u00e9s des Yvelines. \n \n \nArticle 5 : La pr\u00e9sente d\u00e9cision prend effet le  1er avril 2025 et abroge la d\u00e9cision n\u00b0 2025-039 du 14 mars \n2025 portant affectation des agents de contr\u00f4le dans les unit\u00e9s de contr\u00f4le et gestion des int\u00e9rims de la \ndirection d\u00e9partementale de l'emploi, du travail et des solidarit\u00e9s des Yvelines.  \n \nDirection r\u00e9gionale et interd\u00e9partementale de l'\u00e9conomie, de l'emploi, du travail et des solidarit\u00e9s d'\u00cele-de-France -\nIDF-2025-04-18-00005 - D\u00e9cision n\u00b0 2025-082 du 18 avril 2025 \n portant affectation des agents de contr\u00f4le dans les unit\u00e9s de contr\u00f4le et gestion des int\u00e9rims au sein de la direction d\u00e9partementale\nde l'emploi, du travail et des solidarit\u00e9s des Yvelines\n10\n \n4 / 4 \n \n \nArticle 6  : Le Directeur r\u00e9gional et interd\u00e9partemental de l'\u00e9conomie, de l'emploi, du travail et des \nsolidarit\u00e9s d'Ile-de-France par int\u00e9rim est charg\u00e9 de l'application de la pr\u00e9sente d\u00e9cision, qui sera publi\u00e9e \nau recueil des actes administratifs de la r\u00e9gion Ile-de-France. \n \n \n \nFait \u00e0 Aubervilliers, le 18 avril 2025 \n \nLe Directeur r\u00e9gional et interd\u00e9partemental de \nl'\u00e9conomie, de l'emploi, du travail et des \nsolidarit\u00e9s par int\u00e9rim,  \n \n \nSIGN\u00c9 \n \nMarc ROHFRITSCH \n \nDirection r\u00e9gionale et interd\u00e9partementale de l'\u00e9conomie, de l'emploi, du travail et des solidarit\u00e9s d'\u00cele-de-France -\nIDF-2025-04-18-00005 - D\u00e9cision n\u00b0 2025-082 du 18 avril 2025 \n portant affectation des agents de contr\u00f4le dans les unit\u00e9s de contr\u00f4le et gestion des int\u00e9rims au sein de la direction d\u00e9partementale\nde l'emploi, du travail et des solidarit\u00e9s des Yvelines\n11\nDirection r\u00e9gionale et interd\u00e9partementale de\nl'\u00e9conomie, de l'emploi, du travail et des\nsolidarit\u00e9s d'\u00cele-de-France\nIDF-2025-04-18-00004\nD\u00e9cision n\u00b0 2025-81 du 18 avril 2025 portant\naffectation des agents de contr\u00f4le dans les\nunit\u00e9s de contr\u00f4le et gestion des int\u00e9rims\nde la direction d\u00e9partementale de l'emploi, du\ntravail et des solidarit\u00e9s du Val d'Oise\nDirection r\u00e9gionale et interd\u00e9partementale de l'\u00e9conomie, de l'emploi, du travail et des solidarit\u00e9s d'\u00cele-de-France -\nIDF-2025-04-18-00004 - D\u00e9cision n\u00b0 2025-81 du 18 avril 2025 portant affectation des agents de contr\u00f4le dans les unit\u00e9s de contr\u00f4le et\ngestion des int\u00e9rims\nde la direction d\u00e9partementale de l'emploi, du travail et des solidarit\u00e9s du Val d'Oise\n12\nMINISTERE |DU TRAVAIL, DE LA SANT\u00c9,DES SOLIDARIT\u00c9SET DES FAMILLESLibert\u00e9Egalit\u00e9Fraternit\u00e9\n \nDirection r\u00e9gionale et interd\u00e9partementale \nde l'\u00e9conomie, de l'emploi, \ndu travail et des solidarit\u00e9s \n \n \nDRIEETS d'\u00cele-de-France  \n21 rue Madeleine Vionnet  \n93300 AUBERVILLIERS                                                                                                                                                                                                                             \n \n \n \n \n \nD\u00e9cision n\u00b0 2025-81 du 18 avril 2025 \nportant affectation des agents de contr\u00f4le dans les unit\u00e9s de contr\u00f4le et gestion des int\u00e9rims  \nde la direction d\u00e9partementale de l'emploi, du travail et des solidarit\u00e9s du Val d'Oise  \n \n \nLe Directeur r\u00e9gional et interd\u00e9partemental de l'\u00e9conomie, de l'emploi, du travail et des solidarit\u00e9s de la \nr\u00e9gion Ile-de-France par int\u00e9rim, \n \nVu le code du travail, notamment ses articles R. 8122-1 et suivants.  \n \nVu le d\u00e9cret n\u00b0 2020 -1545 du 9 d\u00e9cembre 2020 relatif \u00e0 l'organisation et aux missions des directions \nr\u00e9gionales de l'\u00e9conomie, de l'emploi, du travail et des solidarit\u00e9s, des directions d\u00e9partementales de \nl'emploi, du travail et des solidarit\u00e9s et des directi ons d\u00e9partementales de l'emploi, du travail, des \nsolidarit\u00e9s et de la protection des populations, \n \nVu l'arr\u00eat\u00e9 interminist\u00e9riel du 20 mars 2025 nommant Marc ROHFRITSCH directeur r\u00e9gional et \ninterd\u00e9partemental de l'\u00e9conomie, de l'emploi, du travail et des solidarit\u00e9s d'\u00cele -de-France par int\u00e9rim, \u00e0 \ncompter du 1er avril 2025, \n \nVu l'arr\u00eat\u00e9 minist\u00e9riel du 25 mars 2024 portant cr\u00e9ation et r\u00e9partition des unit\u00e9s de contr\u00f4le de \nl'inspection du travail,  \n \nVu la d\u00e9cision n\u00b0 2021 -30 du 01 avril 2021 du Directeur r\u00e9gional et interd\u00e9partemental de l'\u00e9conomie, de \nl'emploi, du travail et des solidarit\u00e9s d'Ile-de-France relative \u00e0 la localisation et \u00e0 la d\u00e9limitation des unit\u00e9s \nde contr\u00f4le et des sections d'inspection du travail de la direction d\u00e9partementale de l'emploi, du trava il \net des solidarit\u00e9s du Val d'Oise. \n \nD\u00c9CIDE \n \nArticle 1 :  \nSont nomm\u00e9s comme responsables des unit\u00e9s de contr\u00f4le de la direction d\u00e9partementale de l'emploi, du \ntravail et des solidarit\u00e9s du Val-d'Oise les agents suivants : \n- Unit\u00e9 de contr\u00f4le n\u00b0 1 : Madame FAGOT Isabelle  \n- Unit\u00e9 de contr\u00f4le n\u00b0 2 : Monsieur MARSY Didier \n- Unit\u00e9 de contr\u00f4le n\u00b0 3 : Madame HOUPIN Elsa  \n \n \nArticle 2 :  \nSans pr\u00e9judice des dispositions de l'article R. 8122 -10-I du code du travail et conform\u00e9ment aux \ndispositions de l'article R. 8122 -11 du code du travail, sont affect\u00e9s dans les sections d'inspection de la \ndirection d\u00e9partementale de l'emploi, du travail et des solidarit\u00e9s du Val -d'Oise les agents suivants : \n \n1. Unit\u00e9 de contr\u00f4le n\u00b0 1 \n- section 1.1 : Madame SA Laur\u00e8ne, inspectrice du travail \nDirection r\u00e9gionale et interd\u00e9partementale de l'\u00e9conomie, de l'emploi, du travail et des solidarit\u00e9s d'\u00cele-de-France -\nIDF-2025-04-18-00004 - D\u00e9cision n\u00b0 2025-81 du 18 avril 2025 portant affectation des agents de contr\u00f4le dans les unit\u00e9s de contr\u00f4le et\ngestion des int\u00e9rims\nde la direction d\u00e9partementale de l'emploi, du travail et des solidarit\u00e9s du Val d'Oise\n13\n \n2 / 3 \n- section 1.2 : Madame BENOIT Betty, inspectrice du travail, est charg\u00e9e de l'int\u00e9rim, \n- section 1.3 : Madame BRUN Priscilla, inspectrice du travail,  \n- section 1.4 : Monsieur BRUCHET Lionel, inspecteur du travail est charg\u00e9 de l'int\u00e9rim,  \n- section 1.5 : Madame FEST Lia, inspectrice du travail, \n- section 1.6 : Madame KAROLAK Maud, inspectrice du travail \n- section 1.7 : Madame DEMANDE Isabelle, Inspectrice du travail , \u00e0 l'exception du num\u00e9ro 24 de la rue \ndu Chapeau Rouge \u00e0 Sannois, Madame FAGOT Isabelle, responsable d'unit\u00e9 de contr\u00f4le est  comp\u00e9tente \npour le num\u00e9ro 24 de la rue du Chapeau Rouge \u00e0 Sannois \n- section 1.8 : Madame JAMI Brigitte, inspectrice du travail \n- section 1.9 : Madame BENO\u00ceT Betty, inspectrice du travail \n- section 1.10 : Monsieur BRUCHET Lionel, inspecteur du travail  \n \n2. Unit\u00e9 de contr\u00f4le n\u00b0 2 \n- section 2.1 : Monsieur BOUCHET Thierry, inspecteur du travail, est charg\u00e9 de l'int\u00e9rim  \n- section 2.2 : Madame BANEL St\u00e9phanie, inspectrice du travail  \n- section 2.3 : Madame HOUARD Guilaine, inspectrice du travail  \n- section 2.4 :  \nMadame HOUARD Guilaine , inspectrice du travail, est charg\u00e9e de l'int\u00e9rim \u00e0 l'exception des \nentreprises de transports telles que d\u00e9finies par la d\u00e9cision n\u00b0 2021-30 du 01 avril 2021 sus-vis\u00e9e  \nMadame DELCLITTE Eulalie, inspectrice du travail, est charg\u00e9e de l'int\u00e9rim pour les seules entreprises \nde transports telles que d\u00e9finies par la d\u00e9cision n\u00b0 2021-30 du 01 avril 2021 sus-vis\u00e9e \n- section 2.5 : Madame MULON Aur\u00e9lie, inspectrice du travail \n- section 2.6 : Monsieur FECHTMEISTER Valentin, inspecteur du travail \n- section 2.7 : Monsieur BOUCHET Thierry, Inspecteur du Travail \n- section 2.8 : Madame HOUPIN Elsa, responsable d'unit\u00e9 de contr\u00f4le, est charg\u00e9e de l'int\u00e9rim  \n- section 2.9 : Monsieur DUCLOS Bernard, inspecteur du travail   \n- section 2.10 : Madame DELCLITTE Eulalie, inspectrice du travail   \n- section 2.11 : Madame NORMAND Juliette, inspectrice du travail \n- section 2.12 : Madame COMBETTES Kim, inspectrice du travail  \n \n3. Unit\u00e9 de contr\u00f4le n\u00b0 3 \n- section 3.1 : Madame DEMANDE Isabelle, inspectrice du travail est charg\u00e9e de l'int\u00e9rim \n- section 3.2 : Monsieur MARSY Didier, responsable d'unt\u00e9 de contr\u00f4le, est charg\u00e9 de l'int\u00e9rim \nsection 3.3 : \nMadame Madame FAGOT Isabelle, responsable d'unit\u00e9 de contr\u00f4le , est charg\u00e9e de l'int\u00e9rim \u00e0 \nl'exception des op\u00e9rations de b\u00e2timent ou de g\u00e9nie civil entrant dans le champ d'application du livre \nIII du titre V de la quatri\u00e8me partie du code du travail, \nMadame BRUN Priscilla, inspectrice du travail, est charg\u00e9e du contr\u00f4le des op\u00e9rations de b\u00e2timent ou \nde g\u00e9nie civil entrant dans le champ d'application du livre III du titre V de la quatri\u00e8me partie du code \ndu travail, \n- section 3.4 : Madame RAYNAUD Joanne, inspectrice du travail \n- section 3.5 : Madame BERGUER Sylvie, inspectrice du travail , \u00e0 l'exception des communes de Persan \net de Champagne sur Oise, Madame HOUPIN Elsa, responsable d'uit\u00e9 de contr\u00f4le, est comp\u00e9tente pour \nles communes de Persan et de Champagne sur Oise,  \n- section 3.6 :  \nMadame DELAHAIGUE Carine, inspectrice du travail, est charg\u00e9e de l'int\u00e9rim sur la commune de Saint \nOuen L'Aum\u00f4ne Sud Est telle que d\u00e9finie par la d\u00e9cision 2021-30 du 01 avril 2021 sus-vis\u00e9e. \nMadame BERGUER Sylvie, inspectrice du travail, est charg\u00e9e de l'int\u00e9rim pour les autres commune s.  \n- section 3.7 : Madame DELAHAIGUE Carine, inspectrice du travail \n- section 3.8 : Madame LAFDILI Amina, inspectrice du travail \n- section 3.9 : Madame HOUPIN Elsa, responsable de l'unit\u00e9 de contr\u00f4le  \n \n \n \nDirection r\u00e9gionale et interd\u00e9partementale de l'\u00e9conomie, de l'emploi, du travail et des solidarit\u00e9s d'\u00cele-de-France -\nIDF-2025-04-18-00004 - D\u00e9cision n\u00b0 2025-81 du 18 avril 2025 portant affectation des agents de contr\u00f4le dans les unit\u00e9s de contr\u00f4le et\ngestion des int\u00e9rims\nde la direction d\u00e9partementale de l'emploi, du travail et des solidarit\u00e9s du Val d'Oise\n14\n \n3 / 3 \n \nArticle 3 :  \nEn cas d'absence ou d'emp\u00eachement d'un ou d'une responsable d'unit\u00e9 de contr\u00f4le, l'int\u00e9rim sera assur\u00e9 \npar un ou une autre responsable d'unit\u00e9 de contr\u00f4le. En cas d'absence ou d'emp\u00eachement de celui -ci, \nl'int\u00e9rim sera assur\u00e9e par l'adjointe au Chef de p\u00f4le ou par le Chef de P\u00f4le. \nEn cas d'absence ou d'emp\u00eachement du responsable d'unit\u00e9 de contr\u00f4le en charge de la section 3 -9, \nl'int\u00e9rim sera assur\u00e9 par un autre responsable d'unit\u00e9 de contr\u00f4le. En cas d'absence ou d'emp\u00eachement \nde celui-ci, l'int\u00e9rim sera assur\u00e9 par un inspecteur ou une inspectrice du travail affect\u00e9(e) sur l'UC3, et en \ncas d'absence ou d'emp\u00eachement de celui-ci ou de celle-ci, par un inspecteur ou une inspectrice du travail \naffect\u00e9(e) sur l'une des deux autres unit\u00e9s de contr\u00f4le. \nEn cas d'absence ou d'emp\u00eachement d'un inspecteur ou d'une inspectrice du travail, l'int\u00e9rim sera assur\u00e9 \npar un inspecteur ou inspectrice du travail affect\u00e9(e) dans la m\u00eame unit\u00e9 de contr\u00f4le ou une autre unit\u00e9 \nde contr\u00f4le ou par un responsable d'unit\u00e9 de contr\u00f4le dans la m\u00eame ou une autre unit\u00e9 de contr\u00f4le. \n \n \nArticle 4 :  \nLa d\u00e9cision  prend effet au 1er mai 2025 et abroge la d\u00e9cision n\u00b0 2025\u2013042 du 20 mars 2025  portant \naffectation des agents de contr\u00f4le dans les unit\u00e9s de contr\u00f4le et gestion des int\u00e9rims de la direction \nd\u00e9partementale de l'emploi, du travail et des solidarit\u00e9s du Val d'Oise.  \n \n \nArticle 5 : \nLe Directeur r\u00e9gional et interd\u00e9partemental de l'\u00e9conomie, de l'emploi, du travail et des solidarit\u00e9s d'Ile -\nde-France par int\u00e9rim est charg\u00e9 de l'application de la pr\u00e9sente d\u00e9cision, qui sera publi\u00e9e au recueil des \nactes administratifs de la r\u00e9gion Ile-de-France.  \n \n \n \nFait \u00e0 Aubervilliers, le 18 avril 2025 \n \nLe Directeur r\u00e9gional et interd\u00e9partemental de \nl'\u00e9conomie, de l'emploi, du travail et des solidarit\u00e9s \nde la r\u00e9gion d'\u00cele-de-France par int\u00e9rim, \n \nSIGN\u00c9 \n \n Marc ROHFRITSCH \nDirection r\u00e9gionale et interd\u00e9partementale de l'\u00e9conomie, de l'emploi, du travail et des solidarit\u00e9s d'\u00cele-de-France -\nIDF-2025-04-18-00004 - D\u00e9cision n\u00b0 2025-81 du 18 avril 2025 portant affectation des agents de contr\u00f4le dans les unit\u00e9s de contr\u00f4le et\ngestion des int\u00e9rims\nde la direction d\u00e9partementale de l'emploi, du travail et des solidarit\u00e9s du Val d'Oise\n15","date":"2025-04-18","first_seen_on":"2025-04-18T16:47:55+00:00","id":"0d9f4ee8b2d1e33dc4a29cd5abafef1bb8620953818869090a9e6bf3f23ce943","name":"recueil-idf-045-2025-04-RAA-nominatifs du 18.04.2025","pdf_creation_date":"2025-04-18T14:55:44+00:00","pdf_modification_date":null,"timezone":"Europe/Paris","url":"https://www.prefectures-regions.gouv.fr/ile-de-france/irecontenu/telechargement/127123/938356/file/recueil-idf-045-2025-04-RAA-nominatifs%20du%2018.04.2025.pdf"}
