{"administration":"prefidf","administration_name":"Pr\u00e9fecture de la r\u00e9gion \u00cele-de-France","content":"PREFECTURE\nREGION ILE DE\nFRANCE\nRECUEIL DES ACTES\nADMINISTRATIFS SP\u00c9CIAL\n(NOMINATIFS)\nN\u00b0IDF-005-2025-07\nPUBLI\u00c9 LE  2 JUILLET 2025\nSommaire\nPr\u00e9fecture de la R\u00e9gion d'Ile de France, Pr\u00e9fecture de Paris  / Direction\ndes affaires juridiques\nIDF-2025-07-02-00001 - Arr\u00eat\u00e9 du 2 juillet 2025 portant d\u00e9signation\npour assurer l'int\u00e9rim des fonctions de personne responsable de\nl'acc\u00e8s aux documents administratifs et de la r\u00e9utilisation des\ninformations publiques aupr\u00e8s du pr\u00e9fet de la r\u00e9gion\nd'Ile-de-France, pr\u00e9fet de Paris, et de correspondant du d\u00e9l\u00e9gu\u00e9\nminist\u00e9riel \u00e0 la protection des donn\u00e9es \u00e0 caract\u00e8re personnel \nde\nla pr\u00e9fecture de la r\u00e9gion d'Ile-de-France, pr\u00e9fecture de Paris\n (2\npages) Page 3\n2\nPr\u00e9fecture de la R\u00e9gion d'Ile de France,\nPr\u00e9fecture de Paris \nIDF-2025-07-02-00001\nArr\u00eat\u00e9 du 2 juillet 2025 portant d\u00e9signation pour\nassurer l'int\u00e9rim des fonctions de personne\nresponsable de l'acc\u00e8s aux documents\nadministratifs et de la r\u00e9utilisation des\ninformations publiques aupr\u00e8s du pr\u00e9fet de la\nr\u00e9gion d'Ile-de-France, pr\u00e9fet de Paris, et de\ncorrespondant du d\u00e9l\u00e9gu\u00e9 minist\u00e9riel \u00e0 la\nprotection des donn\u00e9es \u00e0 caract\u00e8re personnel \nde la pr\u00e9fecture de la r\u00e9gion d'Ile-de-France,\npr\u00e9fecture de Paris\nPr\u00e9fecture de la R\u00e9gion d'Ile de France, Pr\u00e9fecture de Paris  - IDF-2025-07-02-00001 - Arr\u00eat\u00e9 du 2 juillet 2025 portant d\u00e9signation pour\nassurer l'int\u00e9rim des fonctions de personne responsable de l'acc\u00e8s aux documents administratifs et de la r\u00e9utilisation des informations\npubliques aupr\u00e8s du pr\u00e9fet de la r\u00e9gion d'Ile-de-France, pr\u00e9fet de Paris, et de correspondant du d\u00e9l\u00e9gu\u00e9 minist\u00e9riel \u00e0 la protection des\ndonn\u00e9es \u00e0 caract\u00e8re personnel \nde la pr\u00e9fecture de la r\u00e9gion d'Ile-de-France, pr\u00e9fecture de Paris\n3\n| |PREFETDE LA REGIOND'\u00ceLE-DE-FRANCELibert\u00e9EguliteFraterait\u00e9\nPr\u00e9fecture de la r\u00e9gion d'\u00cele-de-France, pr\u00e9fecture de Paris \n5, rue Leblanc 75 911 Paris Cedex 15 | \uf028 Standard : 01 82 52 40 00 \nSite internet : https://www.prefectures-regions.gouv.fr/ile-de-france   \n \n \n \n \n \n \nSecr\u00e9tariat g\u00e9n\u00e9ral aux politiques publiques \nDirection des affaires juridiques \n \n \nArr\u00eat\u00e9 \n \nportant d\u00e9signation pour assurer l'int\u00e9rim des fonctions de personne responsable de l'acc\u00e8s aux documents \nadministratifs et de la r\u00e9utilisation des informations publiques aupr\u00e8s du pr\u00e9fet de la r\u00e9gion d'Ile-de-France, pr\u00e9fet de \nParis, et de correspondant du d\u00e9l\u00e9gu\u00e9 minist\u00e9riel \u00e0 la protection des donn\u00e9es \u00e0 caract\u00e8re personnel  \nde la pr\u00e9fecture de la r\u00e9gion d'Ile-de-France, pr\u00e9fecture de Paris \n \n \nLe pr\u00e9fet de la r\u00e9gion d'Ile-de-France, \npr\u00e9fet de paris, \nCommandeur de la l\u00e9gion d'honneur, \nOfficier de l'ordre national du m\u00e9rite \n \n \nVu le r\u00e8glement (UE) 2016/679 du Parlement europ\u00e9en  et du Conseil du 27 avril 2016 relatif \u00e0 la protec tion des \npersonnes physiques \u00e0 l'\u00e9gard du traitement des don n\u00e9es \u00e0 caract\u00e8re personnel et \u00e0 la libre circulatio n de ces donn\u00e9es, \net abrogeant la directive 95/46/CE ; \n \nVu le code des relations entre le publique et l'administration, notamment ses articles L330-1 et R330-2 ; \n \nVu la loi n\u00b0 78-17 du 6 janvier 1978 modifi\u00e9e relat ive \u00e0 l'informatique, aux fichiers et aux libert\u00e9s,  plus connue sous le \nnom de loi informatique et libert\u00e9s ; \n \nVu le d\u00e9cret n\u00b0 2004-374 du 29 avril 2004 modifi\u00e9 r elatif aux pouvoirs des pr\u00e9fets, \u00e0 l'organisation e t \u00e0 l'action des \nservices de l'Etat dans les r\u00e9gions et les d\u00e9partements ; \n \nVu l'arr\u00eat\u00e9 minist\u00e9riel du 20 ao\u00fbt 2019 portant nom ination de Mme Corine PERCHERON, attach\u00e9e d'adminis tration hors \nclasse, sur l'emploi fonctionnel de conseill\u00e8re d'a dministration de l'int\u00e9rieur et de l'outre-mer de c heffe du service des \ncollectivit\u00e9s locales et du contentieux \u00e0 la missio n des affaires juridiques de la pr\u00e9fecture de la r\u00e9 gion d'Ile-de-France, \npr\u00e9fecture de Paris ; \n \nVu l'arr\u00eat\u00e9 pr\u00e9fectoral n\u00b0 IDF-2025-04-16-00001 - 7 5-2025-04-16-00001 du 16 avril 2025 portant organis ation de la \npr\u00e9fecture de la r\u00e9gion d'Ile-de-France, pr\u00e9fecture de Paris, notamment son article 20 ; \n \nVu la d\u00e9cision pr\u00e9fectorale du 16 juillet 2024 port ant renouvellement du d\u00e9tachement dans l'emploi de conseiller \nd'administration de l'int\u00e9rieur et des outre-Mer de  Mme Corine PERCHERON pour une dur\u00e9e de 3 ans \u00e0 com pter du 1 er  \nseptembre 2024 ; \n \nConsid\u00e9rant la vacance de l'emploi d'adjoint au dir ecteur des affaires juridiques, adjoint au directeu r, charg\u00e9 de mission \naux affaires juridiques, mentionn\u00e9 \u00e0 l'article 20 d e l'arr\u00eat\u00e9 pr\u00e9fectoral du 16 avril 2025 susvis\u00e9, \u00e0 compter du 1 er  juillet \n2025; \n \nSur proposition de la pr\u00e9f\u00e8te, secr\u00e9taire g\u00e9n\u00e9rale aux politiques publiques de la pr\u00e9fecture de la r\u00e9g ion d'Ile de France, \npr\u00e9fecture de Paris ; \n \n \nARR\u00caT\u00c9 \n \n \nArticle 1 \ner  : Madame Corine PERCHERON, conseill\u00e8re d'administrati on de l'int\u00e9rieur et de l'outre-mer, adjointe au \ndirecteur des affaires juridiques du secr\u00e9tariat g\u00e9 n\u00e9ral aux politiques publiques de la pr\u00e9fecture de la r\u00e9gion d'Ile de \nFrance, pr\u00e9fecture de Paris, est d\u00e9sign\u00e9e pour assu rer l'int\u00e9rim des fonctions de personne responsable  de l'acc\u00e8s aux \ndocuments administratifs et de la r\u00e9utilisation des  informations publiques aupr\u00e8s du pr\u00e9fet de la r\u00e9gi on d'Ile-de-France, \npr\u00e9fet de Paris, et des fonctions de correspondant du d\u00e9l\u00e9gu\u00e9 du minist\u00e8re de l'int\u00e9rieur \u00e0 la protect ion des donn\u00e9es \u00e0 \ncaract\u00e8re personnel de la pr\u00e9fecture de la r\u00e9gion d'Ile-de-France, pr\u00e9fecture de Paris. \n \n \nPr\u00e9fecture de la R\u00e9gion d'Ile de France, Pr\u00e9fecture de Paris  - IDF-2025-07-02-00001 - Arr\u00eat\u00e9 du 2 juillet 2025 portant d\u00e9signation pour\nassurer l'int\u00e9rim des fonctions de personne responsable de l'acc\u00e8s aux documents administratifs et de la r\u00e9utilisation des informations\npubliques aupr\u00e8s du pr\u00e9fet de la r\u00e9gion d'Ile-de-France, pr\u00e9fet de Paris, et de correspondant du d\u00e9l\u00e9gu\u00e9 minist\u00e9riel \u00e0 la protection des\ndonn\u00e9es \u00e0 caract\u00e8re personnel \nde la pr\u00e9fecture de la r\u00e9gion d'Ile-de-France, pr\u00e9fecture de Paris\n4\n \n2 \n \nArticle 2 :  La pr\u00e9f\u00e8te, secr\u00e9taire g\u00e9n\u00e9rale aux politiques pub liques, de la pr\u00e9fecture de la r\u00e9gion d'Ile de Fran ce, \npr\u00e9fecture de Paris, est charg\u00e9e de l'ex\u00e9cution du pr\u00e9sent arr\u00eat\u00e9, qui sera publi\u00e9 aux recueils des ac tes administratifs \n(\u00e9chelons de Paris et de la r\u00e9gion d'Ile-de-France)  de la pr\u00e9fecture de la r\u00e9gion d'Ile-de-France, pr\u00e9 fecture de Paris, \naccessibles sur le site Internet de la pr\u00e9fecture :  \nwww.prefectures-regions.gouv.fr/ile-de-france , et qui entrera en vigueur \nle lendemain de sa publication. \n \n \nFait \u00e0 Paris le 2 juillet 2025 \n \n \n \nLe pr\u00e9fet de la r\u00e9gion d'Ile-de-France, \nPr\u00e9fet de Paris, \n \nSign\u00e9 \n \nMarc GUILLAUME  \n \nPr\u00e9fecture de la R\u00e9gion d'Ile de France, Pr\u00e9fecture de Paris  - IDF-2025-07-02-00001 - Arr\u00eat\u00e9 du 2 juillet 2025 portant d\u00e9signation pour\nassurer l'int\u00e9rim des fonctions de personne responsable de l'acc\u00e8s aux documents administratifs et de la r\u00e9utilisation des informations\npubliques aupr\u00e8s du pr\u00e9fet de la r\u00e9gion d'Ile-de-France, pr\u00e9fet de Paris, et de correspondant du d\u00e9l\u00e9gu\u00e9 minist\u00e9riel \u00e0 la protection des\ndonn\u00e9es \u00e0 caract\u00e8re personnel \nde la pr\u00e9fecture de la r\u00e9gion d'Ile-de-France, pr\u00e9fecture de Paris\n5","date":"2025-07-02","first_seen_on":"2025-07-02T21:18:47+00:00","id":"0de193105eccd37c03aca7b7062fe772d2717f9f27a460d4920eb51b5d20129a","name":"recueil-idf-005-2025-07-RAA-nominatifs du 02.07.2025","pdf_creation_date":"2025-07-02T14:17:19+00:00","pdf_modification_date":null,"timezone":"Europe/Paris","url":"https://www.prefectures-regions.gouv.fr/ile-de-france/irecontenu/telechargement/129111/951161/file/recueil-idf-005-2025-07-RAA-nominatifs%20du%2002.07.2025.pdf"}
