{"administration":"prefidf","administration_name":"Pr\u00e9fecture de la r\u00e9gion \u00cele-de-France","content":"PREFECTURE\nREGION ILE DE\nFRANCE\nRECUEIL DES ACTES\nADMINISTRATIFS SP\u00c9CIAL\nN\u00b0IDF-052-2025-07\nPUBLI\u00c9 LE 29 JUILLET 2025\nSommaire\nDirection r\u00e9gionale et interd\u00e9partementale de l'alimentation, de\nl'agriculture et de la for\u00eat d'Ile de France /\nIDF-2025-07-29-00001 - Arr\u00eat\u00e9 relatif \u00e0 la composition et \u00e0\nl'organisation de la commission r\u00e9gionale de l'\u00e9conomie agricole\net du monde rural d'\u00cele-de-France (7 pages) Page 3\nDirection r\u00e9gionale et interd\u00e9partementale de l'environnement, de\nl'am\u00e9nagement et des transports d'\u00cele-de-France / Service de la\npolitique des transports\nIDF-2025-07-29-00002 - Arr\u00eat\u00e9 DRIEAT IdF n\u00b02025-0638 autorisant la\nmise en service des nouvelles fonctionnalit\u00e9s du SAET-NG sur la ligne 14\ndu r\u00e9seau de m\u00e9tro RATP (2 pages) Page 11\nIDF-2025-07-29-00003 - Arr\u00eat\u00e9 DRIEAT IdF n\u00b02025-0715 autorisant les\ntests et essais de trois rames MF19 5 voitures sur la ligne 10 de m\u00e9tro\nparisien - arr\u00eat\u00e9 modificatif (2 pages) Page 14\nRectorat de la r\u00e9gion acad\u00e9mique d'Ile-de-France, rectorat de\nl'acad\u00e9mie de Paris /\nIDF-2025-07-17-00011 - Arr\u00eat\u00e9 n\u00b0 2025-092-RRA portant agr\u00e9ment au\ntitre de la Jeunesse et de l'\u00c9ducation Populaire  (2 pages) Page 17\nIDF-2025-07-17-00012 - Arr\u00eat\u00e9 n\u00b0 2025-093-RRA portant\nreconnaissance du tronc commun d'agr\u00e9ment d'une association (2\npages) Page 20\nIDF-2025-07-01-00017 - Arr\u00eat\u00e9 n\u00b02025-095-RRA relatif \u00e0\nl'agr\u00e9ment IDF d'un centre de formation de club professionnel de\nbasket-ball\n (1 page) Page 23\nIDF-2025-07-01-00018 - Arr\u00eat\u00e9 n\u00b02025-096-RRA relatif \u00e0\nl'agr\u00e9ment d'un centre de formation de club professionnel de\nvolley-ball (1 page) Page 25\nIDF-2025-07-01-00019 - Arr\u00eat\u00e9 n\u00b02025-097-RRA relatif \u00e0\nl'agr\u00e9ment IDF d'un centre de formation de club professionnel de\nrugby\n (1 page) Page 27\n2\nDirection r\u00e9gionale et interd\u00e9partementale de\nl'alimentation, de l'agriculture et de la for\u00eat d'Ile\nde France\nIDF-2025-07-29-00001\nArr\u00eat\u00e9 relatif \u00e0 la composition et \u00e0 l'organisation\nde la commission r\u00e9gionale de l'\u00e9conomie\nagricole et du monde rural d'\u00cele-de-France\nDirection r\u00e9gionale et interd\u00e9partementale de l'alimentation, de l'agriculture et de la for\u00eat d'Ile de France - IDF-2025-07-29-00001 -\nArr\u00eat\u00e9 relatif \u00e0 la composition et \u00e0 l'organisation de la commission r\u00e9gionale de l'\u00e9conomie agricole et du monde rural d'\u00cele-de-France 3\nEuPR\u00c9FET _DE LA R\u00c9GIOND'\u00ceLE-DE-FRANCELibert\u00e9\u00c9galit\u00e9Fraternit\u00e9\n \n \n \n5 rue Leblanc 75911 Paris Cedex 15 \nhttp://driaaf.ile-de-france.agriculture.gouv.fr/ \n \nDirection R\u00e9gionale et Interd\u00e9partementale  \n                               de l'Alimentation, de l'Agriculture \net de la For\u00eat \n \n \n \n \nARR\u00caT\u00c9 \n \n \nRelatif \u00e0 la composition et \u00e0 l'organisation de la commission r\u00e9gionale de l'\u00e9conomie agricole et du \nmonde rural d'\u00cele-de-France \n \n \n \nLe pr\u00e9fet de la r\u00e9gion d'\u00cele-de-France, \nPr\u00e9fet de Paris,  \nCommandeur de la L\u00e9gion d'honneur,  \nOfficier de l'ordre national du M\u00e9rite, \n \n \nVU le code rural et de la p\u00eache maritime, notamment ses articles R313-45 et R313-46,  \n \nVU le d\u00e9cret n\u00b02006-665 du 7 juin 2006 relatif \u00e0 la r\u00e9duction et \u00e0 la simplification de la composition de \ndiverses commissions administratives, et notamment ses articles 15 et 18  ; \n \nVu le code des relations entre le public et l'administration, notamment ses articles R133-1, et R133-3 \u00e0 \nR133-15  ; \n \nVU le d\u00e9cret n\u00b02004-374 du 29 avril 2004 modifi\u00e9 relatif aux pouvoirs des pr\u00e9fets, \u00e0 l'organisation et \u00e0 \nl'action des services de l'\u00c9tat dans les r\u00e9gions et les d\u00e9partements  ; \n \nVU le d\u00e9cret n\u00b02010-429 du 29 avril 2010 relatif \u00e0 l'organisation et aux missions des directions r\u00e9gionales \nde l'alimentation, de l'agriculture et de la for\u00eat  ; \n \nVU le d\u00e9cret n\u00b02010-687 du 24 juin 2010 relatif \u00e0 l'organisation et aux missions des services de l'Etat dans \nla r\u00e9gion et les d\u00e9partements d'\u00cele-de-France, \n \nVU l'arr\u00eat\u00e9 pr\u00e9fectoral du 5 mai fixant la liste des organisations syndicales d'exploitants agricoles \u00e0 \nvocation g\u00e9n\u00e9rale habilit\u00e9es \u00e0 si\u00e9ger dans les commissions, comit\u00e9s professionnels ou organismes dans \nla r\u00e9gion d'Ile-de-France  ; \n \nVU l'arr\u00eat\u00e9 minist\u00e9riel du 8 juillet 2024 modifi\u00e9 nommant Madame Myl\u00e8ne TESTUT-NEVES, ing\u00e9nieure \ng\u00e9n\u00e9rale des ponts, des eaux et des for\u00eats, directrice r\u00e9gionale et interd\u00e9partementale de l'alimentation, \nde l'agriculture et de la for\u00eat pour la r\u00e9gion \u00cele-de-France, \u00e0 compter du 1\ner  septembre 2024  ; \nVU l'arr\u00eat\u00e9 du Pr\u00e9fet de la r\u00e9gion d'\u00cele-de-France, Pr\u00e9fet de Paris du 21 ao\u00fbt 2024 portant d\u00e9l\u00e9gation de \nsignature \u00e0 Mme Myl\u00e8ne TESTUT-NEVES, directrice r\u00e9gionale et interd\u00e9partementale de l'alimentation, \nde l'agriculture et de la for\u00eat d'\u00cele-de-France, en mati\u00e8re administrative  ; \n \nVU l'arr\u00eat\u00e9 pr\u00e9fectoral du 27 ao\u00fbt 2019 relatif \u00e0 la composition, \u00e0 l'organisation, et au fonctionnement \nde la commission r\u00e9gionale de l'\u00e9conomie agricole et du monde rural d'\u00cele-de-France  ; \n \nSur proposition de la directrice r\u00e9gionale et interd\u00e9partementale de l'alimentation, de l'agriculture et de \nla for\u00eat d'\u00cele-de-France et de la directrice r\u00e9gionale et interd\u00e9partementale de l'environnement, de \nl'am\u00e9nagement et des transports d'\u00cele-de-France, \n \nDirection r\u00e9gionale et interd\u00e9partementale de l'alimentation, de l'agriculture et de la for\u00eat d'Ile de France - IDF-2025-07-29-00001 -\nArr\u00eat\u00e9 relatif \u00e0 la composition et \u00e0 l'organisation de la commission r\u00e9gionale de l'\u00e9conomie agricole et du monde rural d'\u00cele-de-France 4\n \n \n5 rue Leblanc\u2013 75911 Paris Cedex 15 \n \nhttp://driaaf.ile-de-france.agriculture.gouv.fr/ \n \nARR\u00caTE \n \n \nARTICLE 1 : objet \n \nLa commission r\u00e9gionale de l'\u00e9conomie agricole et du monde rural d'\u00cele-de-France concourt \u00e0 \nl'\u00e9laboration et \u00e0 la mise en \u0153uvre, dans la r\u00e9gion, des politiques publiques en faveur de l'agriculture, de \nl'agroalimentaire et du monde rural. \n \nElle est notamment charg\u00e9e  : \n- de veiller \u00e0 la coh\u00e9rence des actions men\u00e9es en mati\u00e8re de recherche, d'exp\u00e9rimentation, de \nd\u00e9veloppement et de formation dans les secteurs agricoles et agroalimentaires  ; \n- de proposer les orientations r\u00e9gionales de la strat\u00e9gie Ecophyto 2030, de valider les orientations \ndes appels \u00e0 projets r\u00e9gionaux et de suivre la mise en \u0153uvre de la strat\u00e9gie en r\u00e9gion \u00cele-de-\nFrance  ; \n- de donner un avis au pr\u00e9fet de r\u00e9gion au titre de la proc\u00e9dure de reconnaissance des \ngroupements d'int\u00e9r\u00eat \u00e9conomique et environnemental mentionn\u00e9s \u00e0 l'article L. 315-1 ; \n- d'examiner toute question relative aux transitions de l'agriculture raisonn\u00e9e ainsi qu'\u00e0 la qualit\u00e9 \ndes produits agricoles et des denr\u00e9es alimentaires  ; \n- d'\u00e9tudier, en liaison avec le service public de l'emploi, l'\u00e9volution de l'emploi dans les secteurs \nagricoles et agroalimentaires- et de proposer toutes mesures de nature \u00e0 permettre son \nam\u00e9lioration tant quantitative que qualitative, notamment en favorisant les actions de \nreconversion et de formation  ; \n- d'orienter les actions de l'Etat en faveur des activit\u00e9s relatives aux \u00e9quid\u00e9s domestiques. \n \n \nARTICLE 2  : composition de la commission pl\u00e9ni\u00e8re \n \nLa commission r\u00e9gionale de l'\u00e9conomie agricole et du monde rural est pr\u00e9sid\u00e9e par le Pr\u00e9fet de r\u00e9gion \nou son repr\u00e9sentant. \n \nElle comprend, outre le pr\u00e9sident, les membres suivants  : \n \n1.  Au titre des repr\u00e9sentants des services d\u00e9concentr\u00e9s de l'Etat et des \u00e9tablissements et \norganismes sous tutelle \n \n- la directrice r\u00e9gionale et interd\u00e9partemental de l'alimentation, de l'agriculture et de la for\u00eat d'\u00cele-\nde-France  ; \n- le directeur r\u00e9gional et interd\u00e9partemental de l'environnement, de l'environnement, de \nl'am\u00e9nagement et des transports d'\u00cele-de-France  ; \n- le directeur r\u00e9gional interd\u00e9partemental de l'\u00e9conomie, de l'emploi, du travail et des solidarit\u00e9s \nd'\u00cele-de-France  ; \n- la directrice d\u00e9partementale des territoires de l'Essonne  ; \n- le directeur d\u00e9partemental des territoires de Seine-et-Marne  ; \n- le directeur d\u00e9partemental des territoires du Val d'Oise  ; \n- la directrice d\u00e9partementale des territoires des Yvelines  ; \n- le directeur d\u00e9partemental de la protection des populations de l'Essonne  ; \n- le d\u00e9l\u00e9gu\u00e9 r\u00e9gional de l'institut national de la recherche pour l'agriculture, l'alimentation et \nl'environnement (INRAe) ; \n- la d\u00e9l\u00e9gu\u00e9e territoriale Normandie, \u00cele-de-France, Hauts-de-France de l'institut fran\u00e7ais du cheval \net de l'\u00e9quitation (IFCE)  ; \n- un repr\u00e9sentant des directeurs d'\u00e9tablissements publics locaux d'enseignement agricole de la \nr\u00e9gion \u00cele-de-France  ; \n- la directrice interr\u00e9gionale Centre-Val de Loire \u2013 \u00cele-de-France de l'Agence de services et de \npaiement (ASP) ; \n- la directrice g\u00e9n\u00e9rale de l'Agence de l'eau Seine Normandie  ; \n- la directrice r\u00e9gionale de l'office fran\u00e7ais pour la biodiversit\u00e9 ; \n- le directeur g\u00e9n\u00e9ral de l'agence r\u00e9gionale de sant\u00e9 d'\u00cele-de-France  ; \nDirection r\u00e9gionale et interd\u00e9partementale de l'alimentation, de l'agriculture et de la for\u00eat d'Ile de France - IDF-2025-07-29-00001 -\nArr\u00eat\u00e9 relatif \u00e0 la composition et \u00e0 l'organisation de la commission r\u00e9gionale de l'\u00e9conomie agricole et du monde rural d'\u00cele-de-France 5\n \n \n5 rue Leblanc\u2013 75911 Paris Cedex 15 \n \nhttp://driaaf.ile-de-france.agriculture.gouv.fr/ \n- le directeur de la mutualit\u00e9 sociale agricole (MSA) d'\u00cele-de-France. \n \n2.  Au titre des collectivit\u00e9s territoriales \n \n- la pr\u00e9sidente du conseil r\u00e9gional d'\u00cele-de-France  ; \n- le pr\u00e9sident du conseil d\u00e9partemental de l'Essonne ; \n- le pr\u00e9sident du conseil d\u00e9partemental des Hauts-de-Seine  ; \n- le pr\u00e9sident du conseil d\u00e9partemental de la Seine-et-Marne  ; \n- le pr\u00e9sident du conseil d\u00e9partemental de la Seine-Saint-Denis  ; \n- le pr\u00e9sident du conseil d\u00e9partemental du Val-de-Marne  ; \n- le pr\u00e9sident du conseil d\u00e9partemental du Val d'Oise ; \n- le pr\u00e9sident du conseil d\u00e9partemental des Yvelines  ; \n- la Maire de Paris  ; \n- le pr\u00e9sident du parc naturel r\u00e9gional du G\u00e2tinais fran\u00e7ais  ; \n- le pr\u00e9sident du parc naturel r\u00e9gional de la Haute Vall\u00e9e de Chevreuse  ; \n- le pr\u00e9sident du parc naturel r\u00e9gional Oise - Pays de France ; \n- le pr\u00e9sident du parc naturel r\u00e9gional du Vexin fran\u00e7ais  ; \n- la pr\u00e9sidente d'\u00cele-de-France nature . \n \n3.  Au titre des chambres consulaires \n \n- le pr\u00e9sident de la chambre d'agriculture de r\u00e9gion \u00cele-de-France ; \n- le repr\u00e9sentant de la chambre d'agriculture de r\u00e9gion \u00cele-de-France au titre de la commission \ncharg\u00e9e de l'\u00e9levage  ; \n- le repr\u00e9sentant de la chambre d'agriculture de r\u00e9gion \u00cele-de-France au titre de la commission \ncharg\u00e9e de l'agronomie  ; \n- le repr\u00e9sentant de la chambre d'agriculture de r\u00e9gion \u00cele-de-France au titre de la commission \ncharg\u00e9e de l'environnement  ; \n- le pr\u00e9sident de la chambre de commerce et d'industrie Paris \u00cele-de-France. \n \n4.  Au titre des fili\u00e8res agricoles et agroalimentaires, dont les op\u00e9rateurs de comp\u00e9tence en \nmati\u00e8re de formation professionnelle  : \n \n- le pr\u00e9sident du groupement des agriculteurs biologiques d'\u00cele-de-France (GAB)  ; \n- le pr\u00e9sident de l'association r\u00e9gionale des industries agroalimentaires (ARIA) d'\u00cele-de-France  ; \n- la pr\u00e9sidente de la coop\u00e9ration agricole \u00cele-de-France  ; \n- le pr\u00e9sident de la f\u00e9d\u00e9ration r\u00e9gionale du n\u00e9goce agricole. \n \nLes repr\u00e9sentants des op\u00e9rateurs de comp\u00e9tence en mati\u00e8re de formation professionnelle (OCAPIAT - \nop\u00e9rateur de comp\u00e9tences pour la coop\u00e9ration agricole, l'agriculture, la p\u00eache, l'industrie \nagroalimentaire et les territoires) sont appel\u00e9s \u00e0  si\u00e9ger lorsque la commission est consult\u00e9e sur des sujets \nrelatifs \u00e0 l'emploi dans les  professions agricoles et les industries agroalimentaires. \n \n \n5.  Au titre des organisations syndicales d'exploitants agricoles \u00e0 vocation g\u00e9n\u00e9rale repr\u00e9sentatives \nau niveau d\u00e9partemental \n \n- le pr\u00e9sident des jeunes agriculteurs (JA) d'\u00cele-de-France ; \n- le pr\u00e9sident de la f\u00e9d\u00e9ration r\u00e9gionale des syndicats d'exploitants agricoles (FRSEA) d'\u00cele-de-\nFrance  ; \n- le pr\u00e9sident des jeunes agriculteurs d'\u00cele-de-France Ouest  ; \n- le pr\u00e9sident des jeunes agriculteurs de Seine-et-Marne  ; \n- le pr\u00e9sident de la f\u00e9d\u00e9ration d\u00e9partementale des syndicats d'exploitants agricoles d'\u00cele-de-\nFrance (FDSEA \u00cele-de-France)  ; \n- le pr\u00e9sident de la f\u00e9d\u00e9ration d\u00e9partementale des syndicats d'exploitants agricoles de Seine-et-\nMarne (FDSEA 77)  ; \n- le pr\u00e9sident de la coordination rurale d'\u00cele-de-France et de la coordination rurale couronne \nparisienne  ;  \nDirection r\u00e9gionale et interd\u00e9partementale de l'alimentation, de l'agriculture et de la for\u00eat d'Ile de France - IDF-2025-07-29-00001 -\nArr\u00eat\u00e9 relatif \u00e0 la composition et \u00e0 l'organisation de la commission r\u00e9gionale de l'\u00e9conomie agricole et du monde rural d'\u00cele-de-France 6\n \n \n5 rue Leblanc\u2013 75911 Paris Cedex 15 \n \nhttp://driaaf.ile-de-france.agriculture.gouv.fr/ \n- la pr\u00e9sidente de la coordination rurale de Seine-et-Marne  ; \n- le porte-parole de la conf\u00e9d\u00e9ration paysanne \u00cele-de-France. \n \n6.  Au titre des syndicats de salari\u00e9s agricoles et agroalimentaires \n \n- le pr\u00e9sident du syndicat CFDT \u2013 CGA  ; \n- le pr\u00e9sident de la CFE-CGC Agro  ; \n- le pr\u00e9sident de la CFTC. \n \n7.  Au titre des organismes socioprofessionnels et des associations du secteur des \u00e9quid\u00e9s \n \n- le pr\u00e9sident du conseil du cheval Ile-de-France  ; \n- le directeur g\u00e9n\u00e9ral de l'UNIC  ; \n- le directeur de la chambre syndicale du commerce des chevaux de France (CSCCF). \n \n8.  Au titre des organisations de consommateurs   \n \n- un repr\u00e9sentant de UFC Que choisir. \n \n9.  Au titre des associations de protection de la nature  : \n \n- le pr\u00e9sident de l'agence r\u00e9gionale de la biodiversit\u00e9 \u00cele-de-France  ; \n- le responsable de la d\u00e9l\u00e9gation \u00cele-de-France de la ligue pour la protection des oiseaux ; \n- la secr\u00e9taire g\u00e9n\u00e9rale de France nature environnement \u00cele-de-France  ; \n- le pr\u00e9sident de la f\u00e9d\u00e9ration r\u00e9gionale des chasseurs d'\u00cele-de-France. \n \n10.  Au titre des personnalit\u00e9s qualifi\u00e9es, des repr\u00e9sentants des structures suivantes  : \n \n- la pr\u00e9sidente du conseil \u00e9conomique, social et environnemental r\u00e9gional (CESER) d'Ile-de- ; \n- le pr\u00e9sident de la SAFER de l'Ile-de-France  ; \n- un repr\u00e9sentant d'ARVALIS \u2013 Institut du v\u00e9g\u00e9tal. \n \n11.  Au titre des organismes ayant des actions de pr\u00e9vention qualitative de la ressource en eau \n \n- le pr\u00e9sident d'Aquibrie  ; \n- la pr\u00e9sidente d'Eau de Paris  ; \n- le pr\u00e9sident du syndicat des eaux d'\u00cele-de-France (SEDIF). \n \n \nARTICLE 3  : Composition \u00e9largie sur les sujets relatifs \u00e0 l'emploi   \n \nLorsque la commission est consult\u00e9e sur les sujets relatifs \u00e0 l'emploi dans les professions agricoles et les \nindustries agroalimentaires, la commission comprend en outre le directeur r\u00e9gional France travail Ile-de-\nFrance, la directrice r\u00e9gionale de l'INSEE Ile-de-France, et des repr\u00e9sentants des op\u00e9rateurs de \ncomp\u00e9tence en mati\u00e8re de formation professionnelle (OCAPIAT). \n \n \nARTICLE 4  : Formation sp\u00e9cialis\u00e9e \u00ab agro-\u00e9cologie  \u00bb \n \nLa commission peut se r\u00e9unir en formation sp\u00e9cialis\u00e9e selon les th\u00e9matiques sur convocation de son \npr\u00e9sident qui fixe l'ordre du jour. \n \nLa formation sp\u00e9cialis\u00e9e agro-\u00e9cologie se r\u00e9unit \u00e0 titre consultatif \n- pour proposer les orientations r\u00e9gionales de la strat\u00e9gie Ecophyto 2030, pour valider les orientations \ndes appels \u00e0 projets r\u00e9gionaux et suivre la mise en \u0153uvre de la strat\u00e9gie en r\u00e9gion \u00cele-de-France  ; \n- pour examiner toute autre question en lien avec l'agro-\u00e9cologie. \n \nDirection r\u00e9gionale et interd\u00e9partementale de l'alimentation, de l'agriculture et de la for\u00eat d'Ile de France - IDF-2025-07-29-00001 -\nArr\u00eat\u00e9 relatif \u00e0 la composition et \u00e0 l'organisation de la commission r\u00e9gionale de l'\u00e9conomie agricole et du monde rural d'\u00cele-de-France 7\n \n \n5 rue Leblanc\u2013 75911 Paris Cedex 15 \n \nhttp://driaaf.ile-de-france.agriculture.gouv.fr/ \nLa formation sp\u00e9cialis\u00e9e agro-\u00e9cologie peut \u00e9galement \u00eatre consult\u00e9e \u00e0 titre d\u00e9lib\u00e9ratif  : pour formuler \nun avis sur la reconnaissance des GIEE et suivre les travaux de coordination et de capitalisation des \nr\u00e9sultats. \n \nCelle-ci est compos\u00e9e, outre son pr\u00e9sident, le pr\u00e9fet de r\u00e9gion ou son repr\u00e9sentant, des membres \nsuivants  :  \n \na.  Membres avec voix d\u00e9lib\u00e9rative (votants) \n \n1. Repr\u00e9sentants des services d\u00e9concentr\u00e9s de l'\u00c9tat et des \u00e9tablissements sous tutelle \n\u2022 la directrice r\u00e9gionale et interd\u00e9partementale de l'alimentation, de l'agriculture et de la for\u00eat \n(DRIAAF) d'\u00cele-de-France  ; \n\u2022 la directrice r\u00e9gionale et interd\u00e9partementale de l'environnement, de l'am\u00e9nagement et des \ntransports d'\u00cele-de-France (DRIEAT)  ; \n\u2022 la directrice g\u00e9n\u00e9rale de l'agence de l'eau Seine-Normandie  ; \n\u2022 le directeur g\u00e9n\u00e9ral de l'agence r\u00e9gionale de sant\u00e9 d'\u00cele-de-France  ; \n\u2022 le directeur de la mutualit\u00e9 sociale agricole (MSA) d'\u00cele-de-France . \n \n2. Repr\u00e9sentants des collectivit\u00e9s territoriales \n\u2022 la pr\u00e9sidente du conseil r\u00e9gional d'\u00cele-de-France. \n \n3. Repr\u00e9sentants des chambres consulaires \n\u2022 le pr\u00e9sident de la chambre d'agriculture de r\u00e9gion \u00cele-de-France  ; \n\u2022 le repr\u00e9sentant de la chambre d'agriculture de r\u00e9gion \u00cele-de-France au titre de la commission \ncharg\u00e9e de l'\u00e9levage  ; \n\u2022 le repr\u00e9sentant de la chambre d'agriculture de r\u00e9gion \u00cele-de-France au titre de la commission \ncharg\u00e9e de l'agronomie  ; \n\u2022 le repr\u00e9sentant de la chambre d'agriculture de r\u00e9gion \u00cele-de-France au titre de la commission \ncharg\u00e9e de l'environnement. \n \n4. Repr\u00e9sentants des fili\u00e8res agricoles et agroalimentaires \n\u2022 le pr\u00e9sident du groupement des agriculteurs biologiques (GAB) d'\u00cele-de-France  ; \n\u2022 le pr\u00e9sident de l'association r\u00e9gionale des industries agroalimentaires (ARIA) d'\u00cele-de-France  ; \n\u2022 la pr\u00e9sidente de la coop\u00e9ration agricole \u00cele-de-France  ; \n\u2022 le pr\u00e9sident de la f\u00e9d\u00e9ration r\u00e9gionale du n\u00e9goce agricole d'\u00cele-de-France. \n \n5. Repr\u00e9sentants des organisations syndicales d'exploitants agricoles \u00e0 vocation g\u00e9n\u00e9rale \n\u2022 le pr\u00e9sident de la f\u00e9d\u00e9ration r\u00e9gionale des syndicats d'exploitants agricoles (FRSEA) d'\u00cele-de-\nFrance  ; \n\u2022 le pr\u00e9sident des jeunes agriculteurs d'\u00cele-de-France  ; \n\u2022 le pr\u00e9sident de la coordination rurale d'\u00cele-de-France  ; \n\u2022 le porte-parole de la conf\u00e9d\u00e9ration paysanne \u00cele-de-France. \n \n6. Repr\u00e9sentants des organisations de consommateurs \n\u2022 un repr\u00e9sentant de l'association UFC-Que Choisir. \n \n7. Repr\u00e9sentants des associations de protection de la nature \n\u2022 le pr\u00e9sident de l'agence r\u00e9gionale de la biodiversit\u00e9 \u00cele-de-France  ; \n\u2022 le responsable de la d\u00e9l\u00e9gation \u00cele-de-France de la ligue pour la protection des oiseaux  ; \n\u2022 la secr\u00e9taire g\u00e9n\u00e9rale de France nature environnement \u00cele-de-France. \n \n8. Repr\u00e9sentants des organismes de pr\u00e9vention qualitative de la ressource en eau \n\u2022 le pr\u00e9sident d'AQUI'Brie  ; \n\u2022 la pr\u00e9sidente d'Eau de Paris  ; \n\u2022 le pr\u00e9sident du syndicat des eaux d'\u00cele-de-France (SEDIF). \n \n \n \n \nDirection r\u00e9gionale et interd\u00e9partementale de l'alimentation, de l'agriculture et de la for\u00eat d'Ile de France - IDF-2025-07-29-00001 -\nArr\u00eat\u00e9 relatif \u00e0 la composition et \u00e0 l'organisation de la commission r\u00e9gionale de l'\u00e9conomie agricole et du monde rural d'\u00cele-de-France 8\n \n \n5 rue Leblanc\u2013 75911 Paris Cedex 15 \n \nhttp://driaaf.ile-de-france.agriculture.gouv.fr/ \nb.  Membres avec voix consultative (non votants) \n \n1. Repr\u00e9sentants des \u00e9tablissements et organismes li\u00e9s \u00e0 l'agriculture et \u00e0 l'environnement \n\u2022 un repr\u00e9sentant des \u00e9tablissements publics locaux d'enseignement agricole de la r\u00e9gion \u00cele-de-\nFrance  ; \n\u2022 le pr\u00e9sident du parc naturel r\u00e9gional du G\u00e2tinais fran\u00e7ais  ; \n\u2022 le pr\u00e9sident du parc naturel r\u00e9gional de la Haute Vall\u00e9e de Chevreuse  ; \n\u2022 le pr\u00e9sident du parc naturel r\u00e9gional Oise-Pays de France  ; \n\u2022 le pr\u00e9sident du parc naturel r\u00e9gional du Vexin fran\u00e7ais  ; \n\u2022 le d\u00e9l\u00e9gu\u00e9 r\u00e9gional de l'Institut national de recherche pour l'agriculture, l'alimentation et \nl'environnement (INRAe)  ; \n\u2022 un repr\u00e9sentant d'Arvalis-Institut du v\u00e9g\u00e9tal  ; \n\u2022 un repr\u00e9sentant de l'institut technique de l'horticulture (ASTREDHOR)  ; \n\u2022 un repr\u00e9sentant de Terres Inovia  ; \n\u2022 un repr\u00e9sentant de l'institut technique de la betterave (ITB)  ; \n\u2022 le pr\u00e9sident de l'association pour la promotion d'une agriculture durable (APAD) du sud bassin \nparisien  ; \n\u2022 un repr\u00e9sentant de CropLife France  ; \n\u2022 un repr\u00e9sentant du comit\u00e9 de bassin hydrographique de la Mauldre et de ses affluents \n(COBAHMA)  ; \n\u2022 un repr\u00e9sentant du syndicat Marne Vive  ;  ; \n\u2022 un repr\u00e9sentant du syndicat intercommunal d'assainissement et de restauration des cours d'eau \n(SIARCE)  ; \n\u2022 un repr\u00e9sentant du syndicat intercommunal pour l'entretien et l'am\u00e9nagement de la Juine et de \nses affluents (SIARJA)  ; \n\u2022 un repr\u00e9sentant du syndicat intercommunal d'assainissement de la vall\u00e9e de la Bi\u00e8vre (SIAVB). \n\u2022 un repr\u00e9sentant de la f\u00e9d\u00e9ration nationale des m\u00e9tiers de la jardinerie (FNMJ)  ; \n\u2022 un repr\u00e9sentant de l'union nationale des entreprises du paysage (UNEP)  ; \n\u2022 un repr\u00e9sentant de l'union des entreprises pour la protection des jardins et espaces verts (UPJ)  ; \n\u2022 un repr\u00e9sentant de la SNCF  ; \n\u2022 un repr\u00e9sentant de la f\u00e9d\u00e9ration r\u00e9gionale de d\u00e9fense contre les organismes nuisibles (FREDON) \nIle de France  ; \n\u2022 un repr\u00e9sentant de la ville de Versailles  ; \n\u2022 un repr\u00e9sentant de l'association Espaces  ; \n\u2022 un repr\u00e9sentant de Suez  ; \n\u2022 un repr\u00e9sentant de Veolia. \n \n2. Membres invit\u00e9s permanents avec voix consultative \n\u2022 le pr\u00e9sident du conseil d\u00e9partemental de l'Essonne  ; \n\u2022 le pr\u00e9sident du conseil d\u00e9partemental des Hauts-de-Seine  ; \n\u2022 le pr\u00e9sident du conseil d\u00e9partemental de la Seine-et-Marne  ; \n\u2022 le pr\u00e9sident du conseil d\u00e9partemental de la Seine-Saint-Denis  ; \n\u2022 le pr\u00e9sident du conseil d\u00e9partemental du Val-de-Marne  ; \n\u2022 le pr\u00e9sident du conseil d\u00e9partemental du Val-d'Oise ; \n\u2022 le pr\u00e9sident du conseil d\u00e9partemental des Yvelines  ; \n\u2022 la maire de Paris, ou son repr\u00e9sentant  ; \n\u2022 la directrice d\u00e9partementale des territoires (DDT) de l'Essonne  ; \n\u2022 le directeur d\u00e9partemental des territoires (DDT) de la Seine-et-Marne  ; \n\u2022 le directeur d\u00e9partemental des territoires (DDT) du Val-d'Oise  ; \n\u2022 la directrice d\u00e9partementale des territoires (DDT) des Yvelines. \n \n \n \n \n \n \n \n \nDirection r\u00e9gionale et interd\u00e9partementale de l'alimentation, de l'agriculture et de la for\u00eat d'Ile de France - IDF-2025-07-29-00001 -\nArr\u00eat\u00e9 relatif \u00e0 la composition et \u00e0 l'organisation de la commission r\u00e9gionale de l'\u00e9conomie agricole et du monde rural d'\u00cele-de-France 9\n \n \n5 rue Leblanc\u2013 75911 Paris Cedex 15 \n \nhttp://driaaf.ile-de-france.agriculture.gouv.fr/ \nARTICLE 5  : Suppl\u00e9ants \n \nLes membres titulaires de la commission peuvent \u00eatre suppl\u00e9\u00e9s par un membre du service ou de \nl'organisme auquel ils appartiennent. \nUn membre d\u00e9sign\u00e9 en raison de son mandat \u00e9lectif ne peut \u00eatre suppl\u00e9\u00e9 que par un \u00e9lu de la m\u00eame \nassembl\u00e9e d\u00e9lib\u00e9rante. \n \n \nARTICLE 6  : Consultation d'experts \n \nLa commission peut, sur d\u00e9cision de son pr\u00e9sident, entendre toute personne ext\u00e9rieure dont l'audition \nest de nature \u00e0 \u00e9clairer ses d\u00e9lib\u00e9rations.  \n \n \nARTICLE 7  : Dur\u00e9e du mandat \n \nA l'exception des repr\u00e9sentants de l'administration et des \u00e9tablissements publics, les membres sont \nnomm\u00e9s pour une dur\u00e9e de six ans renouvelable. \n \n \nARTICLE 8  : Fonctionnement \n \nLes r\u00e8gles de fonctionnement des commissions et sous-commissions sont fix\u00e9es dans un r\u00e8glement \nint\u00e9rieur. \n \n \nARTICLE 9 : Abrogation  \n \nL'arr\u00eat\u00e9 pr\u00e9fectoral du 27 ao\u00fbt 2019 relatif \u00e0 la composition, \u00e0 l'organisation, et au fonctionnement de \nla commission r\u00e9gionale de l'\u00e9conomie agricole et du monde rural d'\u00cele-de-France, est abrog\u00e9. \n \n \n \nFait \u00e0 Paris, le 29 juillet 2025 \nLe Pr\u00e9fet de la r\u00e9gion d'Ile-de-France, \nPr\u00e9fet de Paris, \n \nSIGNE  \n \nMarc GUILLAUME \nDirection r\u00e9gionale et interd\u00e9partementale de l'alimentation, de l'agriculture et de la for\u00eat d'Ile de France - IDF-2025-07-29-00001 -\nArr\u00eat\u00e9 relatif \u00e0 la composition et \u00e0 l'organisation de la commission r\u00e9gionale de l'\u00e9conomie agricole et du monde rural d'\u00cele-de-France 10\nDirection r\u00e9gionale et interd\u00e9partementale de\nl'environnement, de l'am\u00e9nagement et des\ntransports d'\u00cele-de-France\nIDF-2025-07-29-00002\nArr\u00eat\u00e9 DRIEAT IdF n\u00b02025-0638 autorisant la\nmise en service des nouvelles fonctionnalit\u00e9s du\nSAET-NG sur la ligne 14 du r\u00e9seau de m\u00e9tro RATP\nDirection r\u00e9gionale et interd\u00e9partementale de l'environnement, de l'am\u00e9nagement et des transports d'\u00cele-de-France -\nIDF-2025-07-29-00002 - Arr\u00eat\u00e9 DRIEAT IdF n\u00b02025-0638 autorisant la mise en service des nouvelles fonctionnalit\u00e9s du SAET-NG sur la\nligne 14 du r\u00e9seau de m\u00e9tro RATP\n11\nPREFET .DE LA REGIOND'\u00ceLE-DE-FRANCELibert\u00e9Egalit\u00e9Fraternit\u00e9\nDirection r\u00e9gionale et interd\u00e9partementale\nde l'environnement, de l'am\u00e9nagement\net des transports d'\u00cele-de-France\nArr\u00eat\u00e9 DRIEAT IdF n\u00b02025-0638\nautorisant la mise en service des nouvelles fonctionnalit\u00e9s du SAET-NG sur la ligne 14\ndu r\u00e9seau de m\u00e9tro RATP\nLE PR\u00c9FET DE LA R\u00c9GION D'\u00ceLE-DE-FRANCE,\nPR\u00c9FET DE PARIS\nCOMMANDEUR DE LA L\u00c9GION D'HONNEUR\nOFFICIER DE L'ORDRE NATIONAL DU M\u00c9RITE\nVu le Code des transports\u00a0;\nVu le d\u00e9cret n\u00b0 2017-440 du 30 mars 2017 modifi\u00e9, relatif \u00e0 la s\u00e9curit\u00e9 des transports publics guid\u00e9s \net notamment ses articles 25 \u00e0 46\u00a0;\nVu l'arr\u00eat\u00e9 du 23 mai 2003 modifi\u00e9, relatif aux dossiers de s\u00e9curit\u00e9 des syst\u00e8mes de transport public\nguid\u00e9s urbains et notamment ses annexes 2 et 6\u00a0;\nVu l'arr\u00eat\u00e9  IDF-2022-07-19-00005  du  19  juillet  2022  portant  d\u00e9l\u00e9gation  de  signature  \u00e0  Mme\nEmmanuelle  GAY,  directrice  r\u00e9gionale  et  interd\u00e9partementale  de  l'environnement,  de\nl'am\u00e9nagement et des transports d'\u00cele-de-France, en mati\u00e8re administrative\u00a0;\nVu le courrier d'\u00cele-de-France Mobilit\u00e9s du 19 f\u00e9vrier 2025 adress\u00e9 au pr\u00e9fet de la r\u00e9gion d'\u00cele-de-\nFrance, et sollicitant l'autorisation de mise en service des \u00e9volutions de l'automatisme SAET-NG\nde la ligne 14 du r\u00e9seau m\u00e9tro RATP , et le courrier  d'\u00cele-de-France Mobilit\u00e9s  du 25 juin 2025\ndemandant l 'approbation de la r\u00e9vision du r\u00e8glement de s\u00e9curit\u00e9 de l'exploitation du r\u00e9seau\nm\u00e9tro RATP associ\u00e9 \u00e0 ces \u00e9volutions ;\nVu le dossier de s\u00e9curit\u00e9 n\u00b04 relatif \u00e0 l'\u00e9volution de l'automatisme SAET de la ligne 14 du r\u00e9seau\nm\u00e9tro RATP dans sa version 1.1 de f\u00e9vrier 2025, transmis par le courrier susvis\u00e9 du 19 f\u00e9vrier 2025\net ses compl\u00e9ments transmis par courriers du 22 avril 2025, du 27 juin 2025 et du 9 juillet 2025 ;\nVu le r\u00e8glement de s\u00e9curit\u00e9 de l'exploitation (RSE) du r\u00e9seau m\u00e9tro RATP dans sa version de juin\n2025, transmis par le courrier d'\u00cele-de-France Mobilit\u00e9s du 25 juin 2025 adress\u00e9 au pr\u00e9fet de la\nr\u00e9gion d'\u00cele-de-France ;\nVu le rapport de s\u00e9curit\u00e9 de l'organisme qualifi\u00e9 et agr\u00e9\u00e9 (OQA) SOCOTEC dans sa version du 26\njuin 2025, et son avis compl\u00e9mentaire du 7 juillet 2025 ;\nVu l'avis du Pr\u00e9fet de police, Pr\u00e9fet coordonnateur pour le r\u00e9seau du Grand Paris Express, du 30 juin\n2025, et l'avis des CCDSA-SIST des d\u00e9partements de Paris, des Hauts-de-Seine, de Seine-Saint-\nDenis et du Val-de-Marne r\u00e9unies en s\u00e9ance unique du 19 juin 2025\u00a0;\nVu l'avis du Bureau Nord Ouest du STRMTG du 18 juillet 2025.\n                                                                                                                                                                                                                               1/2\nDirection r\u00e9gionale et interd\u00e9partementale de l'environnement, de l'am\u00e9nagement et des transports d'\u00cele-de-France -\nIDF-2025-07-29-00002 - Arr\u00eat\u00e9 DRIEAT IdF n\u00b02025-0638 autorisant la mise en service des nouvelles fonctionnalit\u00e9s du SAET-NG sur la\nligne 14 du r\u00e9seau de m\u00e9tro RATP\n12\nARR\u00caTE\nArticle 1 Le dossier de s\u00e9curit\u00e9 n\u00b04 relatif au d\u00e9ploiement des nouvelles fonctionnalit\u00e9s du SAET-\nNG sur la ligne 14 du r\u00e9seau de m\u00e9tro RATP et ses compl\u00e9ments, ainsi que le r\u00e8glement\nde s\u00e9curit\u00e9 de l'exploitation  du r\u00e9seau m\u00e9tro RATP dans sa version de juin 2025 , sont\napprouv\u00e9s.\nArticle 2 La mise en service du syst\u00e8me d'automatisation de l'exploitation des trains SAET NG sur\nla ligne 14, et la circulation des mat\u00e9riels roulants MP14 8 voitures avec les fonctionnalit\u00e9s\nde l'automatisme SAET NG\u00a0, sont autoris\u00e9es dans les conditions d\u00e9finies ci-apr\u00e8s. \nArticle 3 Les versions de composants mat\u00e9riels et logiciels autoris\u00e9s sont celles identifi\u00e9es dans le\nRapport de validation logiciel (version PL14 RL3a2) et dans le Dossier de s\u00e9curit\u00e9 de\nl'industriel. Le bureau Nord-Ouest du STRMTG devra \u00eatre inform\u00e9 de toute \u00e9volution\ns\u00e9curitaire des composants mat\u00e9riels et/ou logiciels concernant le SAET ligne 14.\nArticle 4 Tout incident s\u00e9curitaire en lien avec le SAET NG pendant une p\u00e9riode de 3 mois suivant\nla mise en service de cette version devra \u00eatre signal\u00e9 au bureau Nord-Ouest du STRMTG.\nArticle 5 L'exploitation commerciale du r\u00e9seau de m\u00e9tro RATP sera r\u00e9alis\u00e9e dans le respect de\ncette seule version du RSE,  qui  annule et  remplace la pr\u00e9c\u00e9dente  version du RSE \u00e0\ncompter de la publication du pr\u00e9sent arr\u00eat\u00e9.\nArticle 6 Tout \u00e9v\u00e9nement notable li\u00e9 \u00e0 la s\u00e9curit\u00e9 ferroviaire survenant en exploitation sur ce\nr\u00e9seau devra \u00eatre port\u00e9 \u00e0 la connaissance des services de l'\u00c9tat  dans les conditions\npr\u00e9vues par les articles 89 et 90 du d\u00e9cret 2017-440 du 30 mars 2017 susvis\u00e9, le chapitre\n10 du RSE susvis\u00e9 et selon les modalit\u00e9s arr\u00eat\u00e9es conjointement entre l'exploitant et les\nservices de l'\u00c9tat.\nArticle 7 La Pr\u00e9f\u00e8te, Secr\u00e9taire g\u00e9n\u00e9rale aux politiques publiques de la pr\u00e9fecture de la r\u00e9gion\nd'\u00cele-de-France et la Directrice r\u00e9gionale et interd\u00e9partementale de l'environnement, de\nl'am\u00e9nagement et des transports d'\u00cele-de-France sont charg\u00e9es, chacune en ce qui la\nconcerne,  de  l'ex\u00e9cution  du  pr\u00e9sent  arr\u00eat\u00e9  qui  sera  publi\u00e9  au  recueil  des  actes\nadministratifs de la pr\u00e9fecture de la r\u00e9gion d'\u00cele-de-France.\nFait \u00e0 Paris, le 29 juillet 2025\nPour le pr\u00e9fet de la r\u00e9gion d'\u00cele-de-France, \npr\u00e9fet de Paris, et par d\u00e9l\u00e9gation\nLa directrice r\u00e9gionale et interd\u00e9partementale de\nl'environnement, de l'am\u00e9nagement et des transports d'\u00cele-\nde-France\nSIGN\u00c9\nEmmanuelle GAY\n                                                                                                                                                    2/2\nDirection r\u00e9gionale et interd\u00e9partementale de l'environnement, de l'am\u00e9nagement et des transports d'\u00cele-de-France -\nIDF-2025-07-29-00002 - Arr\u00eat\u00e9 DRIEAT IdF n\u00b02025-0638 autorisant la mise en service des nouvelles fonctionnalit\u00e9s du SAET-NG sur la\nligne 14 du r\u00e9seau de m\u00e9tro RATP\n13\nDirection r\u00e9gionale et interd\u00e9partementale de\nl'environnement, de l'am\u00e9nagement et des\ntransports d'\u00cele-de-France\nIDF-2025-07-29-00003\nArr\u00eat\u00e9 DRIEAT IdF n\u00b02025-0715 autorisant les\ntests et essais de trois rames MF19 5 voitures sur\nla ligne 10 de m\u00e9tro parisien - arr\u00eat\u00e9 modificatif\nDirection r\u00e9gionale et interd\u00e9partementale de l'environnement, de l'am\u00e9nagement et des transports d'\u00cele-de-France -\nIDF-2025-07-29-00003 - Arr\u00eat\u00e9 DRIEAT IdF n\u00b02025-0715 autorisant les tests et essais de trois rames MF19 5 voitures sur la ligne 10 de\nm\u00e9tro parisien - arr\u00eat\u00e9 modificatif\n14\nPREFET .DE LA REGIOND'\u00ceLE-DE-FRANCELibert\u00e9Egalit\u00e9Fraternit\u00e9\nDirection r\u00e9gionale et interd\u00e9partementale\nde l'environnement, de l'am\u00e9nagement\net des transports d'\u00cele-de-France\nArr\u00eat\u00e9 DRIEAT IdF n\u00b02025-0715\nAutorisant les tests et essais de trois rames MF19 5 voitures \nsur la ligne 10 de m\u00e9tro parisien \u2013 arr\u00eat\u00e9 modificatif\nLE PR\u00c9FET DE LA R\u00c9GION D'\u00ceLE-DE-FRANCE,\nPR\u00c9FET DE PARIS\nCOMMANDEUR DE LA L\u00c9GION D'HONNEUR\nOFFICIER DE L'ORDRE NATIONAL DU M\u00c9RITE\nVu le Code des transports ;\nVu le d\u00e9cret n\u00b0 2017-440 du 30 mars 2017 modifi\u00e9 relatif \u00e0 la s\u00e9curit\u00e9 des transports publics guid\u00e9s \net notamment ses articles 25 \u00e0 46 ;\nVu l'arr\u00eat\u00e9 du 23 mai 2003 modifi\u00e9, relatif aux dossiers de s\u00e9curit\u00e9 des syst\u00e8mes de transport public\nguid\u00e9s urbains et notamment ses annexes 4 et 6 ;\nVu l'arr\u00eat\u00e9  IDF-2022-07-19-00005  du  19  juillet  2022  portant  d\u00e9l\u00e9gation  de  signature  \u00e0  Mme\nEmmanuelle  GAY,  directrice  r\u00e9gionale  et  interd\u00e9partementale  de  l'environnement,  de\nl'am\u00e9nagement et des transports d'\u00cele-de-France, en mati\u00e8re administrative\u00a0; \nVu le courrier d'\u00cele-de-France Mobilit\u00e9s du 10 avril 2025 adress\u00e9 au Pr\u00e9fet de la r\u00e9gion d'\u00cele-de-\nFrance, et sollicitant l'autorisation de proc\u00e9der \u00e0 des tests et essais de rames MF19 sur la ligne 10\nde m\u00e9tro, dans le cadre de l'op\u00e9ration d'adaptation des infrastructures de cette ligne \u00e0 l'arriv\u00e9e\ndu MF19\u00a0; \nVu le  dossier  d'autorisation  des  tests  et  essais  (DAE)  pour  l'adaptation  des  infrastructures  et\nl'acquisition du mat\u00e9riel roulant MF19  circulant  sur  la ligne 10 du r\u00e9seau de m\u00e9tro dans sa\nversion 1.0 de mars 2025, transmis par le courrier susvis\u00e9 du 10 avril 2025\u00a0;\nVu le rapport de s\u00e9curit\u00e9 de l'organisme qualifi\u00e9 et agr\u00e9\u00e9 (OQA) Certifer dans sa version 3 du 4 avril \n2025\u00a0;\nVu les avis du pr\u00e9fet des Hauts-de-Seine du 05 mai 2025 et du pr\u00e9fet de police du 06 mai 2025\u00a0;\nVu l'avis du Bureau Nord Ouest du STRMTG du 20 mai 2025.\nARR\u00caTE\nArticle 1 Le  dossier  d'autorisation  des  tests  et  essais  pour  l'adaptation  des  infrastructures  et\nl'acquisition du mat\u00e9riel roulant MF19 circulant sur la ligne 10 du m\u00e9tro, dans sa version\n1.0 de mars 2025, est approuv\u00e9.\n1/2\nDirection r\u00e9gionale et interd\u00e9partementale de l'environnement, de l'am\u00e9nagement et des transports d'\u00cele-de-France -\nIDF-2025-07-29-00003 - Arr\u00eat\u00e9 DRIEAT IdF n\u00b02025-0715 autorisant les tests et essais de trois rames MF19 5 voitures sur la ligne 10 de\nm\u00e9tro parisien - arr\u00eat\u00e9 modificatif\n15\nDirection r\u00e9gionale et interd\u00e9partementale\nde l'environnement, de l'am\u00e9nagement\net des transports d'\u00cele-de-France\nArticle 2 La circulation des trois rames MF19 num\u00e9rot\u00e9es P2, P4 et P5 sur l'ensemble de la ligne 10\ndu m\u00e9tro terminus inclus ainsi que sur les voies secondaires, sans voyageurs et \u00e0 des fins\nd'essais et de formation des agents, est autoris\u00e9e pendant l'exploitation commerciale\ndans les conditions d\u00e9finies ci-apr\u00e8s.\nArticle 3 Ces trois rames MF19 ne sont autoris\u00e9es \u00e0 circuler pendant l'exploitation commerciale\nque sur la ligne 10 et dans les conditions expos\u00e9es dans le DAE.\nLes  acheminements  de  ces  trois  rames  via  d'autres  lignes  ne  seront  envisageables\nqu'apr\u00e8s le passage de la derni\u00e8re rame en exploitation commerciale, afin d'\u00e9viter toute\ninteraction avec le service commercial.\nArticle 4 Le pr\u00e9sent arr\u00eat\u00e9 autorise la circulation de la rame num\u00e9rot\u00e9e P2 dans les conditions\npr\u00e9vues au DAE d\u00e8s son entr\u00e9e en vigueur.\nEn revanche, avant la premi\u00e8re circulation des rames P4 et P5 dans les conditions pr\u00e9vues\nau DAE, un avis favorable de l'OQA Certifer devra \u00eatre transmis pour information au\nbureau nord-ouest du STRMTG, suite \u00e0 la r\u00e9alisation des essais de s\u00e9rie de continuit\u00e9 de\nmasse de ces trains.\nArticle 5 Le  bureau  nord-ouest  du  STRMTG  devra  \u00eatre  inform\u00e9  avant  la  mise  en  \u0153uvre\nd'\u00e9ventuelles lev\u00e9es de restrictions identifi\u00e9es dans le DAE pour la circulation des trains\nd'essais.\nArticle 6 Tout \u00e9v\u00e9nement de s\u00e9curit\u00e9, incident et accident ayant lieu durant les tests et essais,\ndevra \u00eatre port\u00e9 \u00e0 la connaissance des services de l'\u00c9tat dans un d\u00e9lai de 24 heures.\nArticle 7 L'autorisation de poursuivre les tests et essais pourra \u00eatre suspendue sans d\u00e9lai si des\n\u00e9l\u00e9ments ou des situations contraires \u00e0 la s\u00e9curit\u00e9 \u00e9taient constat\u00e9s ou si les documents\npr\u00e9c\u00e9demment mentionn\u00e9s n'\u00e9taient pas transmis.\nArticle 8 Le pr\u00e9sent arr\u00eat\u00e9 est une r\u00e9vision de l'arr\u00eat\u00e9 DRIEAT IdF n\u00b02025-0531 visant \u00e0 clarifier le\nchamp de l'autorisation (article 2)\u00a0: cette r\u00e9vision ne remet pas en cause l'autorisation de\nr\u00e9alisation  des  tests  et  essais  d\u00e9livr\u00e9e  au  titre  du  pr\u00e9c\u00e9dent  arr\u00eat\u00e9,  ni  les  \u00e9l\u00e9ments\ntransmis en r\u00e9ponse \u00e0 celui-ci.\nArticle 9 La Pr\u00e9f\u00e8te, Secr\u00e9taire g\u00e9n\u00e9rale aux politiques publiques de la pr\u00e9fecture de la r\u00e9gion\nd'\u00cele-de-France et la Directrice r\u00e9gionale et interd\u00e9partementale de l'environnement, de\nl'am\u00e9nagement et des transports d'\u00cele-de-France sont cha rg\u00e9es, chacune en ce qui la\nconcerne,  de  l'ex\u00e9cution  du  pr\u00e9sent  arr\u00eat\u00e9  qui  sera  publi\u00e9  au  recueil  des  actes\nadministratifs de la pr\u00e9fecture de la r\u00e9gion d'\u00cele-de-France.\nFait \u00e0 Paris, le 29 juillet 2025\nPour le Pr\u00e9fet de la R\u00e9gion d'\u00cele-de-France,\nPr\u00e9fet de Paris, et par d\u00e9l\u00e9gation,\nSign\u00e9\nLa directrice r\u00e9gionale et interd\u00e9partementale de l'environnement, de\nl'am\u00e9nagement et des transports\nEmmanuelle GAY\n2/2\nDirection r\u00e9gionale et interd\u00e9partementale de l'environnement, de l'am\u00e9nagement et des transports d'\u00cele-de-France -\nIDF-2025-07-29-00003 - Arr\u00eat\u00e9 DRIEAT IdF n\u00b02025-0715 autorisant les tests et essais de trois rames MF19 5 voitures sur la ligne 10 de\nm\u00e9tro parisien - arr\u00eat\u00e9 modificatif\n16\nRectorat de la r\u00e9gion acad\u00e9mique\nd'Ile-de-France, rectorat de l'acad\u00e9mie de Paris\nIDF-2025-07-17-00011\nArr\u00eat\u00e9 n\u00b0 2025-092-RRA portant agr\u00e9ment au\ntitre de la Jeunesse et de l'\u00c9ducation Populaire \nRectorat de la r\u00e9gion acad\u00e9mique d'Ile-de-France, rectorat de l'acad\u00e9mie de Paris - IDF-2025-07-17-00011 - Arr\u00eat\u00e9 n\u00b0 2025-092-RRA\nportant agr\u00e9ment au titre de la Jeunesse et de l'\u00c9ducation Populaire 17\nREGION ACADEMIQUE\u00ceLE-DE-FRANCELibert\u00e9\u00c9galit\u00e9Fraternit\u00e9\n  \n \nService d\u00e9partemental \u00e0 la jeunesse,  \n\u00e0 l'engagement et aux sports de Paris  \n \n \n \n \nService D\u00e9partemental \u00e0 la Jeunesse, \u00e0 l'Engagement et aux Sports de Paris  \n6/8 rue Eug\u00e8ne Oudin\u00e9 \u2013 CS 81360 - 75634 PARIS CEDEX 13 \n \n \n \n \nARR\u00caT\u00c9 N\u00b02025-092-RRA  \nportant agr\u00e9ment au titre de la Jeunesse et de l'\u00c9ducation Populaire \n \nLA RECTRICE DE LA R\u00c9GION ACAD\u00c9MIQUE \u00ceLE-DE-FRANCE \nRECTRICE DE PARIS \nCHANCELIERE DES UNIVERSIT\u00c9S DE PARIS  \nET D'\u00ceLE-DE-FRANCE  \n \nVu la loi n\u00b0 2001-624 du 17 juillet 2001 portant diverses dispositions d'ordre social, \u00e9ducatif et culturel et notamment \nson article 8 ;  \nVu le d\u00e9cret n\u00b0 2002-571 du 22 avril 2002 pris pour l'application du premier alin\u00e9a de l'article 8 de la loi n\u00b0 2001-624 \net relatif \u00e0 l'agr\u00e9ment des associations de jeunesse et d'\u00e9ducation populaire ;  \nVu le d\u00e9cret n\u00b0 2019-838 du 19 ao\u00fbt 2019 portant diverses mesures de simplification pour le minist\u00e8re de l'\u00e9ducation \nnationale et de la jeunesse ; \nVu le d\u00e9cret du Pr\u00e9sident de la R\u00e9publique du 12 mars 2025 nommant Mme Julie BENETTI, rectrice de la r\u00e9gion \nacad\u00e9mique \u00cele-de-France, rectrice de l'acad\u00e9mie de Paris ;  \nVu l'arr\u00eat\u00e9 n\u00b02020-32 du 21 d\u00e9cembre 2020 modifi\u00e9 portant organisation de la d\u00e9l\u00e9gation r\u00e9gionale acad\u00e9mique \u00e0 \nla jeunesse, \u00e0 l'engagement et aux sports et des services d\u00e9partementaux \u00e0 la jeunesse, \u00e0 l'engagement et aux sports \n; \nVu le protocole r\u00e9gional d\u00e9partemental conclu entre le pr\u00e9fet de la r\u00e9gion d'Il e-de-France, pr\u00e9fet de Paris, et le \nrecteur de la r\u00e9gion acad\u00e9mique d'Ile-de-France, recteur de l'acad\u00e9mie de Paris, le 24 d\u00e9cembre 2020 ; \nVu l'arr\u00eat\u00e9 n\u00b0 75-2025-03-26-00004 du 26 mars 2025 portant d\u00e9l\u00e9gation du pr\u00e9fet de la r\u00e9gion d'Ile-de-France, \npr\u00e9fet de Paris \u00e0 Mme Julie BENETTI, rectrice de la r\u00e9gion acad\u00e9mique Ile-de-France, rectrice de l'acad\u00e9mie de \nParis, en mati\u00e8re administrative ; \n \nVu l'arr\u00eat\u00e9 minist\u00e9riel du 4 mai 2021 nommant Mme Jeanne DELACOURT dans l'emploi de conseill\u00e8re du directeur \nacad\u00e9mique des services de l'\u00e9ducation en mati\u00e8re de jeunesse, d'engagement et de sports de Paris ; \n \nVu le d\u00e9cret du Pr\u00e9sident de la R\u00e9publique du 26 f\u00e9vrier 2025 portant nomination de M. Laurent NOE en qualit\u00e9 \nde directeur de l'acad\u00e9mie de Paris ;  \n \nVu l'arr\u00eat\u00e9 n\u00b0 2025-033-RRA du 27 mars 2025 portant subd\u00e9l\u00e9gation de signature en mati\u00e8re administrative de la \nrectrice de la r\u00e9gion acad\u00e9mique Ile-de-France, rectrice de l'acad\u00e9mie de Paris pour la mise en \u0153uvre des missions \nde jeunesse, d'engagement et de sports ;  \n \nConsid\u00e9rant la demande compl\u00e8te formul\u00e9e par l'association en date du 08/07/2025 ; \n \nConsid\u00e9rant que l'association ci-dessous d\u00e9tient un arr\u00eat\u00e9 portant tronc commun d'agr\u00e9ment en cours de validit\u00e9 \nau moment de l'instruction de la demande ; \n \nConsid\u00e9rant que l'association ci -dessous remplit les conditions r\u00e9glementaires relatives \u00e0 l'agr\u00e9ment des \nRectorat de la r\u00e9gion acad\u00e9mique d'Ile-de-France, rectorat de l'acad\u00e9mie de Paris - IDF-2025-07-17-00011 - Arr\u00eat\u00e9 n\u00b0 2025-092-RRA\nportant agr\u00e9ment au titre de la Jeunesse et de l'\u00c9ducation Populaire 18\n \n \n2 \nassociations de jeunesse et d'\u00e9ducation populaire ; \n \nARR\u00caT\u00c9 \nArticle premier : \nL'agr\u00e9ment au titre des associations de jeunesse et d'\u00e9ducation populaire est attribu\u00e9 \u00e0 l'association : \n \nPONTS D'ACCUEIL ET D'INCLUSION (P-A-I) \nRNA : W75123066 \n \ndont le si\u00e8ge social est situ\u00e9 \u00e0 : 153 rue Cardinet 75017 - Paris \n \ndont l'objet statutaire est :  \n \n- Favoriser l'accueil, la protection et l'inclusion sociale des personnes en situation de fragilit\u00e9, en particulier \nles mineurs et jeunes adultes, \u00e0 travers des dispositifs d'accompagnement familial, social et \u00e9ducatif ; \n \n- Mener des actions de pr\u00e9vention et de r\u00e9duction des risques aupr\u00e8s des publics vuln\u00e9rables, afin de \nlimiter les dommages li\u00e9s \u00e0 leur situation et de favoriser leur int\u00e9gration sociale ; \n \nLe num\u00e9ro de l'agr\u00e9ment \u00e0 rappeler dans les correspondances avec l'administration est le suivant :  \n2025-JEP-75-23 \n \nArticle 2 :  \nL'association mentionn\u00e9e ci-dessus est tenue d'informer sans d\u00e9lai l'autorit\u00e9 publique comp\u00e9tente de tout \nchangement relatif aux crit\u00e8res d'attribution du pr\u00e9sent agr\u00e9ment et notamment les changements de si\u00e8ge social, \nde statuts et de repr\u00e9sentant l\u00e9gal. \n \nArticle 3 : \nL'association mentionn\u00e9e ci -dessus tiendra \u00e0 disposition de l'administration, dans le cadre d'un contr\u00f4le, tout \ndocument justifiant de l'agr\u00e9ment et notamment les proc\u00e8s -verbaux d'assembl\u00e9e g\u00e9n\u00e9rale, les rapports financiers \ndes exercices \u00e9coul\u00e9s et les rapports annuels d'activit\u00e9s. \n \nArticle 4 : \nCet agr\u00e9ment de jeunesse et d'\u00e9ducation populaire n'est valide que si l'association mentionn\u00e9e ci-dessus d\u00e9tient un \ntronc commun d'agr\u00e9ment en cours de validit\u00e9. \n \nArticle 5 :  \nL'arr\u00eat\u00e9 entre en vigueur \u00e0 compter de la date de sa publication et pour une dur\u00e9e de cinq ans. \n \nArticle 6 : \nLa cheffe du service d\u00e9partemental \u00e0 la jeunesse, \u00e0 l'engagement et aux sports de Paris est charg\u00e9 de l'ex\u00e9cution du \npr\u00e9sent arr\u00eat\u00e9 qui sera publi\u00e9 au recueil des actes administratifs de la pr\u00e9fecture de r\u00e9gion d'\u00cele -de-France, \npr\u00e9fecture de Paris. \n \nFait \u00e0 Paris, le 17/07/2025 \n \n \n \n \n \n \n \n \n \n \n \nPour la rectrice, et par subd\u00e9l\u00e9gation, \nla conseill\u00e8re du directeur de l'acad\u00e9mie de \nParis, cheffe du service d\u00e9partemental \u00e0 la \njeunesse, \u00e0 l'engagement et aux sports de Paris \n \nsign\u00e9 \nJeanne DELACOURT  \n \n \n \n \nRectorat de la r\u00e9gion acad\u00e9mique d'Ile-de-France, rectorat de l'acad\u00e9mie de Paris - IDF-2025-07-17-00011 - Arr\u00eat\u00e9 n\u00b0 2025-092-RRA\nportant agr\u00e9ment au titre de la Jeunesse et de l'\u00c9ducation Populaire 19\nRectorat de la r\u00e9gion acad\u00e9mique\nd'Ile-de-France, rectorat de l'acad\u00e9mie de Paris\nIDF-2025-07-17-00012\nArr\u00eat\u00e9 n\u00b0 2025-093-RRA portant reconnaissance\ndu tronc commun d'agr\u00e9ment d'une association\nRectorat de la r\u00e9gion acad\u00e9mique d'Ile-de-France, rectorat de l'acad\u00e9mie de Paris - IDF-2025-07-17-00012 - Arr\u00eat\u00e9 n\u00b0 2025-093-RRA\nportant reconnaissance du tronc commun d'agr\u00e9ment d'une association 20\nREGION ACADEMIQUE\u00ceLE-DE-FRANCELibert\u00e9\u00c9galit\u00e9Fraternit\u00e9\n  \n \nService d\u00e9partemental \u00e0 la jeunesse,  \n\u00e0 l'engagement et aux sports de Paris  \n \n \n \n \nService D\u00e9partemental \u00e0 la Jeunesse, \u00e0 l'Engagement et aux Sports de Paris  \n6/8 rue Eug\u00e8ne Oudin\u00e9 \u2013 CS 81360 - 75634 PARIS CEDEX 13 \n \n \n \n \n              ARR\u00caT\u00c9 N\u00b02025-093-RRA \n \nportant reconnaissance du tronc commun d'agr\u00e9ment d'une association \n \nLA RECTRICE DE LA R\u00c9GION ACAD\u00c9MIQUE \u00ceLE-DE-FRANCE \nRECTRICE DE PARIS \nCHANCELIERE DES UNIVERSIT\u00c9S DE PARIS  \nET D'\u00ceLE-DE-FRANCE  \n \n \nVU  la loi n\u00b0 2000 -321 du 12 avril 2000 modifi\u00e9e relative aux droits des citoyens dans leurs relations avec les \nadministrations et notamment son article 25-1 ; \nVU le d\u00e9cret n\u00b0 2017 -908 du  6 mai 2017 portant diverses dispositions relatives au r\u00e9gime juridique des \nassociations, des fondations, des fonds de dotation et des organismes faisant appel public \u00e0 la g\u00e9n\u00e9rosit\u00e9 \net notamment ses articles 15 \u00e0 21 ; \nVU le d\u00e9cret du Pr\u00e9sident de la R\u00e9publique du 12 mars 2025 nommant Mme Julie BENETTI, rectrice de la r\u00e9gion \nacad\u00e9mique \u00cele-de-France, rectrice de l'acad\u00e9mie de Paris ;  \nVU l'arr\u00eat\u00e9 n\u00b02020 -32 du 21 d\u00e9cembre 2020 modifi\u00e9 portant organisation de la d\u00e9l\u00e9gation r\u00e9gionale \nacad\u00e9mique \u00e0 la jeunesse, \u00e0 l'engagement et aux sports et des services d\u00e9partementaux \u00e0 la jeunesse, \u00e0 \nl'engagement et aux sports ; \nVU le protocole r\u00e9gional d\u00e9partemental conclu entre le pr\u00e9fet de la r\u00e9gion d'Ile -de-France, pr\u00e9fet de Paris, et \nle recteur de la r\u00e9gion acad\u00e9mique d'Ile-de-France, recteur de l'acad\u00e9mie de Paris, le 24 d\u00e9cembre 2020; \n \nVU l'arr\u00eat\u00e9 n\u00b0 75-2025-03-26-00004 du 26 mars 2025 portant d\u00e9l\u00e9gation du pr\u00e9fet de la r\u00e9gion d'Ile-de-France, \npr\u00e9fet de Paris \u00e0 Mme Julie BENETTI, rectrice de la r\u00e9gion acad\u00e9mique Ile-de-France, rectrice de \nl'acad\u00e9mie de Paris, en mati\u00e8re administrative ; \n \nVU  l'arr\u00eat\u00e9 minist\u00e9riel du 4 mai 2021 nommant Mme Jeanne DELACOURT dans l'emploi de conseill\u00e8re du \ndirecteur acad\u00e9mique des services de l'\u00e9ducation en mati\u00e8re de jeunesse, d'engagemen t et de sports de \nParis ; \n \nVU  le d\u00e9cret du Pr\u00e9sident de la R\u00e9publique du 26 f\u00e9vrier 2025 portant nomination de M. Laurent NOE en qualit\u00e9 \nde directeur de l'acad\u00e9mie de Paris ;  \n \nVU l'arr\u00eat\u00e9 n\u00b0 2025-033-RRA du 27 mars 2025 portant subd\u00e9l\u00e9gation de signature en mati\u00e8re administrative \nde la rectrice de la r\u00e9gion acad\u00e9mique Ile-de-France, rectrice de l'acad\u00e9mie de Paris ; pour la mise en \n\u0153uvre des missions de jeunesse, d'engagement et de sports ;  \n \n \n \n \n  \n \nRectorat de la r\u00e9gion acad\u00e9mique d'Ile-de-France, rectorat de l'acad\u00e9mie de Paris - IDF-2025-07-17-00012 - Arr\u00eat\u00e9 n\u00b0 2025-093-RRA\nportant reconnaissance du tronc commun d'agr\u00e9ment d'une association 21\n \n \n2 \nARR\u00caT\u00c9 \n \n \nArticle premier :  \nL'association suivante est r\u00e9put\u00e9e satisfaire aux conditions portant sur le tronc commun d'agr\u00e9ment : \nla libert\u00e9 de conscience de ses membres, le respect du principe de non-discrimination, un mode de fonctionnement \nd\u00e9mocratique, une gestion financi\u00e8re transparente, permettre l'\u00e9gal acc\u00e8s des hommes, des femmes et des jeunes \naux instances dirigeantes.et respecter le contrat d'engagement r\u00e9publicain. \n \n \nPONTS D'ACCUEIL ET D'INCLUSION (P-A-I) \n \nRNA: W75123066 \n \ndont le si\u00e8ge social est situ\u00e9 \u00e0 : 153 rue Cardinet 75017 - Paris \n \n \nArticle 2 :  \nL'arr\u00eat\u00e9 entre en vigueur \u00e0 compter de la date de sa publication et pour une dur\u00e9e de cinq ans. \n \nArticle 3 : \nL'association mentionn\u00e9e ci -dessus est tenue d'informer sans d\u00e9lai l'autorit\u00e9 publique comp\u00e9tente de tout \nchangement relatif aux crit\u00e8res d'attribution de la pr\u00e9sente reconnaissance et notamment les changements de si\u00e8ge \nsocial, de statuts et de repr\u00e9sentant l\u00e9gal. \n \nArticle 4 : \nL'association mentionn\u00e9e ci -dessus tiendra \u00e0 disposition de l'administration, dans le cadre d'un contr\u00f4le, tout \ndocument justifiant de la reconnaissance du tronc commun et notamment les proc\u00e8s -verbaux d'assembl\u00e9e \ng\u00e9n\u00e9rale, les rapports financiers des exercices \u00e9coul\u00e9s et les rapports annuels d'activit\u00e9s. \n \nArticle 5 : \nLa cheffe du service d\u00e9partemental \u00e0 la jeunesse, \u00e0 l'engagement et aux sports de Paris est charg\u00e9 de l'ex\u00e9cution du \npr\u00e9sent arr\u00eat\u00e9 qui sera publi\u00e9 au recueil des actes administratifs de la pr\u00e9fecture de r\u00e9gion d'\u00cele -de-France, \npr\u00e9fecture de Paris. \n \n \nFait \u00e0 Paris, le 17/07/2025 \n \n \n \n \n \n \n \n \n \n \n \n \nPour la rectrice, et par subd\u00e9l\u00e9gation, \nla conseill\u00e8re du directeur de l'acad\u00e9mie de \nParis, cheffe du service d\u00e9partemental \u00e0 la \njeunesse, \u00e0 l'engagement et aux sports de Paris \n \nsign\u00e9 \n \nJeanne DELACOURT  \n \n \n \n \n \n \nRectorat de la r\u00e9gion acad\u00e9mique d'Ile-de-France, rectorat de l'acad\u00e9mie de Paris - IDF-2025-07-17-00012 - Arr\u00eat\u00e9 n\u00b0 2025-093-RRA\nportant reconnaissance du tronc commun d'agr\u00e9ment d'une association 22\nRectorat de la r\u00e9gion acad\u00e9mique\nd'Ile-de-France, rectorat de l'acad\u00e9mie de Paris\nIDF-2025-07-01-00017\nArr\u00eat\u00e9 n\u00b02025-095-RRA relatif \u00e0 l'agr\u00e9ment IDF\nd'un centre de formation de club professionnel\nde basket-ball\nRectorat de la r\u00e9gion acad\u00e9mique d'Ile-de-France, rectorat de l'acad\u00e9mie de Paris - IDF-2025-07-01-00017 - Arr\u00eat\u00e9 n\u00b02025-095-RRA\nrelatif \u00e0 l'agr\u00e9ment IDF d'un centre de formation de club professionnel de basket-ball 23\na \u00c0Libert\u00e9 + Egalit\u00e9 * Fraternit\u00e9R\u00c9PUBLIQUE FRAN\u00c7AISE\n \nLA RECTRICE DE LA REGION ACADEMIQUE D'ILE-DE-FRANCE \nD\u00e9l\u00e9gation r\u00e9gionale acad\u00e9mique \u00e0 la jeunesse,  \n\u00e0 l'engagement et aux sports d'Ile-de-France (DRAJES) \n6/8 rue Eug\u00e8ne Oudin\u00e9 - CS 81360 \n75634 PARIS CEDEX 13 \n \nARR\u00caT\u00c9 RELATIF A L'AGR\u00c9MENT IDF \u2013 N\u00b0 2025-095-RRA \nD'UN CENTRE DE FORMATION DE CLUB PROFESSIONNEL DE BASKET-BALL \n \nLA RECTRICE DE LA R\u00c9GION ACADEMIQUE DE L'ILE-DE-FRANCE, RECTRICE DE L'ACADEMIE DE \nPARIS, CHANCELIERE DES UNIVERSITES DE PARIS ET D'ILE-DE-FRANCE \n \nVu les dispositions du code du sport, notamment ses articles L. 211 -4, L. 211 -5 et D. 211 -83 \u00e0 R. 211-\n100 ;  \nVu le d\u00e9cret n\u00b02020-1542 du 9 d\u00e9cembre 2020 relatif aux comp\u00e9tences des autorit\u00e9s acad\u00e9miques \ndans le domaine des politiques de la jeunesse, de l'\u00e9ducation populaire, de la vie associative, de \nl'engagement civique et des sports et \u00e0 l'organisation des services charg\u00e9s de leur mise en \u0153uvre ;  \nVu l'arr\u00eat\u00e9 du 25 ao\u00fbt 2017 approuvant la convention type de formatio n de la f\u00e9d\u00e9ration f ran\u00e7aise \nde basket-ball ; \nVu le cahier des charges des centres de formation des clubs professionnels de basket-ball \napplicable pour la saison 2024-2025 ; \nVu la proposition de la f\u00e9d\u00e9ration fran\u00e7aise de basketball du 10 juin 2025 ; \nVu le compte rendu de la visite du centre de formation effectu\u00e9e par la DRAJES le 26 novembre \n2024 ; \n \nSur proposition de la D\u00e9l\u00e9gu\u00e9e r\u00e9gionale acad\u00e9mique \u00e0 la jeunesse, \u00e0 l'engagement et aux sports \nd'Ile-de-France, \nARR\u00caTE \nArticle 1 \n \nL'agr\u00e9ment pr\u00e9vu \u00e0 l'article L. 211-4 du code du sport est accord\u00e9, pour une p\u00e9riode de quatre ans \u00e0 \ncompter du 1er juillet 2025, au centre de formation relevant de la personne morale suivante : \nJSF NANTERRE \n \nArticle 2 \n \nLa D\u00e9l\u00e9gu\u00e9e r\u00e9gionale acad\u00e9mique \u00e0 la jeunesse, \u00e0 l'engagement et aux sports  d'Ile-de-France est \ncharg\u00e9e de l'ex\u00e9cution du pr\u00e9sent arr\u00eat\u00e9, qui sera publi\u00e9 au recueil des actes administratifs de la \npr\u00e9fecture de la r\u00e9gion d'Ile-de-France. \n \n \nFait \u00e0 Paris, le 1er juillet 2025 \n La Rectrice de la r\u00e9gion acad\u00e9mique Ile-de-France,  \nRectrice de l'acad\u00e9mie de Paris,  \nChanceli\u00e8re des universit\u00e9s de Paris et d'Ile-de-France \nJulie BENETTI \n Et par d\u00e9l\u00e9gation, la D\u00e9l\u00e9gu\u00e9e R\u00e9gionale Acad\u00e9mique, \nC\u00e9cile NICOL \nSIGN\u00c9 \nRectorat de la r\u00e9gion acad\u00e9mique d'Ile-de-France, rectorat de l'acad\u00e9mie de Paris - IDF-2025-07-01-00017 - Arr\u00eat\u00e9 n\u00b02025-095-RRA\nrelatif \u00e0 l'agr\u00e9ment IDF d'un centre de formation de club professionnel de basket-ball 24\nRectorat de la r\u00e9gion acad\u00e9mique\nd'Ile-de-France, rectorat de l'acad\u00e9mie de Paris\nIDF-2025-07-01-00018\nArr\u00eat\u00e9 n\u00b02025-096-RRA relatif \u00e0 l'agr\u00e9ment d'un\ncentre de formation de club professionnel de\nvolley-ball\nRectorat de la r\u00e9gion acad\u00e9mique d'Ile-de-France, rectorat de l'acad\u00e9mie de Paris - IDF-2025-07-01-00018 - Arr\u00eat\u00e9 n\u00b02025-096-RRA\nrelatif \u00e0 l'agr\u00e9ment d'un centre de formation de club professionnel de volley-ball 25\na \u00c0Libert\u00e9 + Egalit\u00e9 * Fraternit\u00e9R\u00c9PUBLIQUE FRAN\u00c7AISE\n \nLA RECTRICE DE LA REGION ACADEMIQUE D'ILE-DE-FRANCE \nD\u00e9l\u00e9gation r\u00e9gionale acad\u00e9mique \u00e0 la jeunesse,  \n\u00e0 l'engagement et aux sports d'Ile-de-France (DRAJES) \n6/8 rue Eug\u00e8ne Oudin\u00e9 - CS 81360 \n75634 PARIS CEDEX 13 \n \nARR\u00caT\u00c9 RELATIF A L'AGR\u00c9MENT IDF \u2013 N\u00b0 2025-096-RRA \nD'UN CENTRE DE FORMATION DE CLUB PROFESSIONNEL DE VOLLEY-BALL \n \nLA RECTRICE DE LA R\u00c9GION ACADEMIQUE DE L'ILE-DE-FRANCE, RECTRICE DE L'ACADEMIE DE \nPARIS, CHANCELIERE DES UNIVERSITES DE PARIS ET D'ILE-DE-FRANCE \n \nVu les dispositions du code du sport, notamment ses articles L. 211 -4, L. 211 -5 et D. 211 -83 \u00e0 R. 211-\n100 ;  \nVu le d\u00e9cret n\u00b02020-1542 du 9 d\u00e9cembre 2020 relatif aux comp\u00e9tences des autorit\u00e9s acad\u00e9miques \ndans le domaine des politiques de la jeunesse, de l'\u00e9ducation populaire, de la vie associative, de \nl'engagement civique et des sports et \u00e0 l'organisation des services charg\u00e9s de leur mise en \u0153uvre ;  \nVu l'arr\u00eat\u00e9 du 26 juillet 2012 approuvant la convention type de formation de la f\u00e9d\u00e9ration fran\u00e7aise \nde volley-ball ; \nVu le cahier des charges des centres de formation des clubs professionnels de volley-ball applicable \npour la saison 2024-2025 ; \nVu la proposition de la f\u00e9d\u00e9ration fran\u00e7aise de volley-ball du 10 juin 2025 ; \nVu le compte rendu de la visite du centre de formation effectu\u00e9e par la DRAJES le 10 juin 2025 ; \n \nSur proposition de la D\u00e9l\u00e9gu\u00e9e r\u00e9gionale acad\u00e9mique \u00e0 la jeunesse, \u00e0 l'engagement et aux sports \nd'Ile-de-France, \nARRETE \nArticle 1 \n \nL'agr\u00e9ment pr\u00e9vu \u00e0 l'article L. 211-4 du code du sport est accord\u00e9, pour une p\u00e9riode de quatre ans \u00e0 \ncompter du 1er juillet 2025, au centre de formation relevant de la personne morale suivante : \nPLESSIS-ROBINSON VB \n \nArticle 2 \n \nLa D\u00e9l\u00e9gu\u00e9e r\u00e9gionale acad\u00e9mique \u00e0 la jeunesse, \u00e0 l'engagement et aux sports  d'Ile-de-France est \ncharg\u00e9e de l'ex\u00e9cution du pr\u00e9sent arr\u00eat\u00e9, qui sera publi\u00e9 au recueil des actes administratifs de la \npr\u00e9fecture de la r\u00e9gion d'Ile-de-France. \n \n \nFait \u00e0 Paris, le 1er juillet 2025 \n La Rectrice de la r\u00e9gion acad\u00e9mique Ile-de-France,  \nRectrice de l'acad\u00e9mie de Paris,  \nChanceli\u00e8re des universit\u00e9s de Paris et d'Ile-de-France \nJulie BENETTI \n Et par d\u00e9l\u00e9gation, la D\u00e9l\u00e9gu\u00e9e R\u00e9gionale Acad\u00e9mique, \nC\u00e9cile NICOL \nSIGN\u00c9 \nRectorat de la r\u00e9gion acad\u00e9mique d'Ile-de-France, rectorat de l'acad\u00e9mie de Paris - IDF-2025-07-01-00018 - Arr\u00eat\u00e9 n\u00b02025-096-RRA\nrelatif \u00e0 l'agr\u00e9ment d'un centre de formation de club professionnel de volley-ball 26\nRectorat de la r\u00e9gion acad\u00e9mique\nd'Ile-de-France, rectorat de l'acad\u00e9mie de Paris\nIDF-2025-07-01-00019\nArr\u00eat\u00e9 n\u00b02025-097-RRA relatif \u00e0 l'agr\u00e9ment IDF\nd'un centre de formation de club professionnel\nde rugby\nRectorat de la r\u00e9gion acad\u00e9mique d'Ile-de-France, rectorat de l'acad\u00e9mie de Paris - IDF-2025-07-01-00019 - Arr\u00eat\u00e9 n\u00b02025-097-RRA\nrelatif \u00e0 l'agr\u00e9ment IDF d'un centre de formation de club professionnel de rugby 27\na \u00c0Libert\u00e9 + Egalit\u00e9 * Fraternit\u00e9R\u00c9PUBLIQUE FRAN\u00c7AISE\n \nLA RECTRICE DE LA REGION ACADEMIQUE D'ILE-DE-FRANCE \nD\u00e9l\u00e9gation r\u00e9gionale acad\u00e9mique \u00e0 la jeunesse,  \n\u00e0 l'engagement et aux sports d'Ile-de-France (DRAJES) \n6/8 rue Eug\u00e8ne Oudin\u00e9 - CS 81360 \n75634 PARIS CEDEX 13 \n \nARR\u00caT\u00c9 RELATIF A L'AGR\u00c9MENT IDF \u2013 N\u00b0 2025-097-RRA \nD'UN CENTRE DE FORMATION DE CLUB PROFESSIONNEL DE RUGBY \n \nLA RECTRICE DE LA R\u00c9GION ACADEMIQUE DE L'ILE-DE-FRANCE, RECTRICE DE L'ACADEMIE DE \nPARIS, CHANCELIERE DES UNIVERSITES DE PARIS ET D'ILE-DE-FRANCE \n \nVu les dispositions du code du sport, notamment ses articles L. 211 -4, L. 211 -5 et D. 211 -83 \u00e0 R. 211-\n100 ;  \nVu le d\u00e9cret n\u00b02020-1542 du 9 d\u00e9cembre 2020 relatif aux comp\u00e9tences des autorit\u00e9s acad\u00e9miques \ndans le domaine des politiques de la jeunesse, de l'\u00e9ducation populaire, de la vie associative, de \nl'engagement civique et des sports et \u00e0 l'organisation des services charg\u00e9s de leur mise en \u0153uvre ;  \nVu l'arr\u00eat\u00e9 du 1er juillet 2019 approuvant la convention type de formatio n de la f\u00e9d\u00e9ration fran\u00e7aise \nde rugby ; \nVu le cahier des charges des centres de formation des clubs professionnels de rugby applicable \npour la saison 2024-2025 ; \nVu la proposition de la f\u00e9d\u00e9ration fran\u00e7aise de rugby du 26 juin 2025 ; \nVu le compte rendu de la visite du centre de formation effectu\u00e9e par la DRAJES le 5 mars 2025 ; \n \nSur proposition de la D\u00e9l\u00e9gu\u00e9e r\u00e9gionale acad\u00e9mique \u00e0 la jeunesse, \u00e0 l'engagement et aux sports \nd'Ile-de-France, \nARRETE \nArticle 1 \n \nL'agr\u00e9ment pr\u00e9vu \u00e0 l'article L. 211-4 du code du sport est accord\u00e9, pour une p\u00e9riode de quatre ans \u00e0 \ncompter du 1er juillet 2025, au centre de formation relevant de la personne morale suivante : \nRACING 92 \u2013 SASP RCF RUGBY \n \nArticle 2 \n \nLa D\u00e9l\u00e9gu\u00e9e r\u00e9gionale acad\u00e9mique \u00e0 la jeunesse, \u00e0 l'engagement et aux sports  d'Ile-de-France est \ncharg\u00e9e de l'ex\u00e9cution du pr\u00e9sent arr\u00eat\u00e9, qui sera publi\u00e9 au recueil des actes administratifs de la \npr\u00e9fecture de la r\u00e9gion d'Ile-de-France. \n \n \nFait \u00e0 Paris, le 1er juillet 2025 \n La Rectrice de la r\u00e9gion acad\u00e9mique Ile-de-France,  \nRectrice de l'acad\u00e9mie de Paris,  \nChanceli\u00e8re des universit\u00e9s de Paris et d'Ile-de-France \nJulie BENETTI \n Et par d\u00e9l\u00e9gation, la D\u00e9l\u00e9gu\u00e9e R\u00e9gionale Acad\u00e9mique, \nC\u00e9cile NICOL \nSIGN\u00c9 \nRectorat de la r\u00e9gion acad\u00e9mique d'Ile-de-France, rectorat de l'acad\u00e9mie de Paris - IDF-2025-07-01-00019 - Arr\u00eat\u00e9 n\u00b02025-097-RRA\nrelatif \u00e0 l'agr\u00e9ment IDF d'un centre de formation de club professionnel de rugby 28","date":"2025-07-29","first_seen_on":"2025-07-29T16:52:02+00:00","id":"0e04328ed43e9f9f51f15e99d514eb7238a2740b0f35b1d6dc07f22c0d4c1a4f","name":"recueil-idf-052-2025-07-recueil-des-actes-administratifs-special du 29.07.2025","pdf_creation_date":"2025-07-29T14:52:11+00:00","pdf_modification_date":null,"timezone":"Europe/Paris","url":"https://www.prefectures-regions.gouv.fr/ile-de-france/irecontenu/telechargement/129904/956068/file/recueil-idf-052-2025-07-recueil-des-actes-administratifs-special%20du%2029.07.2025.pdf"}
