{"administration":"prefidf","administration_name":"Pr\u00e9fecture de la r\u00e9gion \u00cele-de-France","content":"PREFECTURE\nREGION ILE DE\nFRANCE\nRECUEIL DES ACTES\nADMINISTRATIFS SP\u00c9CIAL\nN\u00b0IDF-020-2025-11\nPUBLI\u00c9 LE 13 NOVEMBRE 2025\nSommaire\nAgence R\u00e9gionale de Sant\u00e9 /\nIDF-2025-05-20-00008 - Arr\u00eat\u00e9 n\u00b02025-308 portant modification de\nl'arr\u00eat\u00e9 2024-202 portant autorisation d'extension de capacit\u00e9 de 251\n\u00e0 267 places de la plateforme enfant \u00e0  Claye-Souilly par extension de 6\nplaces de la plateforme de services coordonn\u00e9es et cr\u00e9ation d'une\nunit\u00e9 d'enseignement \u00e9l\u00e9mentaire autisme (UEEA) de 10 places\ng\u00e9r\u00e9e par l'EPMS de l'Ourcq (4 pages) Page 3\nDirection r\u00e9gionale et interd\u00e9partementale de l'\u00e9conomie, de l'emploi,\ndu travail et des solidarit\u00e9s d'\u00cele-de-France / secr\u00e9tariat de direction\nIDF-2025-11-13-00001 - Arr\u00eat\u00e9 relatif \u00e0 l'autorisation\nd'augmentation du titre alcoom\u00e9trique volumique naturel pour\nl'\u00e9laboration de certains vins de la r\u00e9colte 2025\nR\u00e9gion\nIle-de-France - Aire d'appellation de l'IGP Ile-de-France (3 pages) Page 8\nDirection r\u00e9gionale et interd\u00e9partementale de l'h\u00e9bergement et du\nlogement / Service Acc\u00e8s au Logement et Pr\u00e9ventions des Expulsions\nIDF-2025-11-12-00003 - Arr\u00eat\u00e9 portant sur l'agr\u00e9ment de ILGLS\nassociation CAP DEVANT (4 pages) Page 12\n2\nAgence R\u00e9gionale de Sant\u00e9\nIDF-2025-05-20-00008\nArr\u00eat\u00e9 n\u00b02025-308 portant modification de\nl'arr\u00eat\u00e9 2024-202 portant autorisation\nd'extension de capacit\u00e9 de 251 \u00e0 267 places de\nla plateforme enfant \u00e0  Claye-Souilly par\nextension de 6 places de la plateforme de\nservices coordonn\u00e9es et cr\u00e9ation d'une unit\u00e9\nd'enseignement \u00e9l\u00e9mentaire autisme (UEEA) de\n10 places g\u00e9r\u00e9e par l'EPMS de l'Ourcq\nAgence R\u00e9gionale de Sant\u00e9 - IDF-2025-05-20-00008 - Arr\u00eat\u00e9 n\u00b02025-308 portant modification de l'arr\u00eat\u00e9 2024-202 portant\nautorisation d'extension de capacit\u00e9 de 251 \u00e0 267 places de la plateforme enfant \u00e0  Claye-Souilly par extension de 6 places de la\nplateforme de services coordonn\u00e9es et cr\u00e9ation d'une unit\u00e9 d'enseignement \u00e9l\u00e9mentaire autisme (UEEA) de 10 places g\u00e9r\u00e9e par\nl'EPMS de l'Ourcq\n3\nExREPUBLIQUEFRAN\u00c7AISELibert\u00e9Egalit\u00e9Fraternit\u00e9\ne \u00bb Agence R\u00e9gionale de Sant\u00e9Ile-de-France\n \n \n \n \n \n \n \n \n \nAGENCE R\u00c9GIONALE DE SANT\u00c9 \u00ceLE-DE-FRANCE \n                                                           ARR\u00caT\u00c9 N\u00b0 2025 \u2013 308  \nportant modification de l'arr\u00eat\u00e9 N\u00b02024-202 \n  \nportant autorisation d'extension de capacit\u00e9 de 251 \u00e0 267 places de la plateforme enfant, \nsise all\u00e9e Andr\u00e9 Benoist \u00e0 CLAYE-SOUILLY (77410) par extension de 6 places de la \nplateforme de services coordonn\u00e9s et cr\u00e9ation d'une unit\u00e9 d'enseignement \u00e9l\u00e9mentaire \nautisme (UEEA) de 10 places  \ng\u00e9r\u00e9e par l'EPMS de l'Ourcq \n \n \nLE DIRECTEUR G\u00c9N\u00c9RAL DE L'AGENCE R\u00c9GIONALE DE SANT\u00c9 \u00ceLE-DE-FRANCE \n \n \nVU le code de l'action sociale et des familles et notamment les article s L. 312 -1, L. 313 -1,      \nL. 314-3 et suivants ; \n \nVU        le d\u00e9cret du 10 avril 2024 portant nomination de Monsieur Denis ROBIN, Directeur g\u00e9n\u00e9ral \nde l'Agence r\u00e9gionale de sant\u00e9 \u00cele-de-France \u00e0 compter du 29 avril 2024 ; \n \nVU l'arr\u00eat\u00e9 DS N\u00b0070/2024 du 29 avril 2024 portant d\u00e9l\u00e9gation de signature \u00e0 Madame \nSt\u00e9phanie TALBOT, Directrice de l'autonomie ; \n \nVU       la d\u00e9cision de d\u00e9l\u00e9gation de signature du Directeur G\u00e9n\u00e9ral de l'ARS vers Madame \nH\u00e9l\u00e8ne MARIE, la directrice de la d\u00e9l\u00e9gation d\u00e9partementale de Seine-et-Marne en date \ndu 29 avril 2024 ; \n \nVU l'arr\u00eat\u00e9 n\u00b0 DIRNOV-2023/08 de la Directrice g\u00e9n\u00e9rale de l'Agence r\u00e9gionale de sant\u00e9 \u00cele-\nde-France en date du 26 octobre 2023 portant adoption du cadre d'orientation strat\u00e9gique \n2018-2028 du projet r\u00e9gional de sant\u00e9 d'\u00cele-de-France ; \n \nVU l'arr\u00eat\u00e9 n\u00b0 DIRNOV-2023/09 de la Directrice g\u00e9n\u00e9rale de l'Agence r\u00e9gionale de sant\u00e9 \u00cele-\nde-France en date du 26 octobre 2023 portant adoption du sch\u00e9ma r\u00e9gional de sant\u00e9 \n2023-2028 du projet r\u00e9gional de sant\u00e9 d'\u00ce le-de-France, modifi\u00e9 par l'arr\u00eat\u00e9 n\u00b0DIRNOV -\n2023/09 en date du 12 janvier 2024 ; \n \nVU l'arr\u00eat\u00e9 n\u00b0 2023-346 de la Directrice g\u00e9n\u00e9rale de l'Agence r\u00e9gionale de sant\u00e9 \u00cele-de-France \nen date du 4 d\u00e9cembre 2023 \u00e9tablissant le programme interd\u00e9partemental \nd'accompagnement des handicaps et de la perte d'autonomie (PRIAC) 2023-2027 pour la \nr\u00e9gion \u00cele-de-France ; \n \nVU  l'arr\u00eat\u00e9 du Pr\u00e9fet d'\u00cele -de-France n\u00b094 -87 du 08 f\u00e9vrier 1994  relatif \u00e0 l'autorisation de \nl'IME ; \n \nVU  l'arr\u00eat\u00e9 n\u00b02023-243 du 24 ao\u00fbt 2023 portant autorisation d'extension de capacit\u00e9 de 241 \n\u00e0 251  places par la cr\u00e9ation d'un dispositif d'autor\u00e9gulation de l'\u00e9tablissement public \nm\u00e9dico-social de l'Ourcq ;  \n \nAgence R\u00e9gionale de Sant\u00e9 - IDF-2025-05-20-00008 - Arr\u00eat\u00e9 n\u00b02025-308 portant modification de l'arr\u00eat\u00e9 2024-202 portant\nautorisation d'extension de capacit\u00e9 de 251 \u00e0 267 places de la plateforme enfant \u00e0  Claye-Souilly par extension de 6 places de la\nplateforme de services coordonn\u00e9es et cr\u00e9ation d'une unit\u00e9 d'enseignement \u00e9l\u00e9mentaire autisme (UEEA) de 10 places g\u00e9r\u00e9e par\nl'EPMS de l'Ourcq\n4\n       2 \n \nVU  l'avis de l'appel \u00e0 manifestation d'i nt\u00e9r\u00eat Plan Inclus 'IF 2030 visant au d\u00e9ploiement de \nsolutions nouvelles pour l'inclusion des personn es en situation de handicap en \u00ce le-de-\nFrance publi\u00e9 le 6 novembr e 2023 sur le site de l'Agence r\u00e9gionale de s ant\u00e9 \u00ce le-de-\nFrance ; \n \nVU    l'avis de r\u00e9sultats de l'appel \u00e0 manifestation d'int\u00e9r\u00eat pour le d\u00e9ploiement de solutions \u00e0 \ndestination des personnes en situation de handicap en \u00ce le-de-France, dans le cadre du \nPlan Inclus'IF 2030 publi\u00e9 le 11 avril 2024 ;  \n \nVU      l'arr\u00eat\u00e9 N\u00b02024-202 du 1er ao\u00fbt 2024 portant autorisation d'extension de capacit\u00e9 de 251 \n\u00e0 267 places de la plateforme enfant , par extension de 6 places de la plateforme de \nservices coordonn\u00e9s et cr\u00e9ation d'une unit\u00e9 d'enseignement \u00e9l\u00e9mentaire autisme (UEEA) \nde 10 places, g\u00e9r\u00e9e par l'EPMS de l'Ourcq. \n \n \nCONSID\u00c9RANT  que le projet r\u00e9pond \u00e0 un besoin de d\u00e9veloppement de l'offre m\u00e9dico -\nsociale identifi\u00e9 sur le d\u00e9partement de Seine-et-Marne ; \n \nCONSID\u00c9RANT que dans l'attente de l'aboutissement de la r\u00e9flexion d'une sectorisation \ng\u00e9ographique men\u00e9e dans le cadre de la d\u00e9marche r\u00e9ponse \naccompagn\u00e9e, la list e des communes d\u00e9clar\u00e9es par l'EPMS de l'Ourcq \nd\u00e9pos\u00e9e conjointement avec la fiche de demande d'autorisation est \nconsid\u00e9r\u00e9e comme composant le territoire prioritaire d'intervention de la \nstructure ;  \n \nCONSID\u00c9RANT qu'il est compatible avec les objectifs et r\u00e9pond aux besoins sociaux et \nm\u00e9dico-sociaux fix\u00e9s par le sch\u00e9ma r\u00e9gional de sant\u00e9 ;  \n \nCONSID\u00c9RANT qu'il satisfait aux r\u00e8gles d'organisation et de fonctionnement pr\u00e9vues par le \ncode de l'action sociale et des familles ;  \n \nCONSID\u00c9RANT qu'il pr\u00e9sente un co\u00fbt de fonctionnement en ann\u00e9e pleine compatible avec \nle PRIAC  \u00cele-de-France et avec le montant de l'une des dotations \nmentionn\u00e9es \u00e0 l'article L. 314-3 du code de l'action sociale et des familles ; \n \nCONSID\u00c9RANT que l'Agence r\u00e9gionale de sant\u00e9 Ile-de-France dispose pour ce projet des \ncr\u00e9dits n\u00e9cessaires \u00e0 sa mise en \u0153uvre \u00e0 hauteur de  154 000 \u20ac pour \nl'UEEA et 318  820 \u20ac pour l'extension de la capa cit\u00e9 d'accueil de la \nplateforme ; \n \nCONSID\u00c9RANT           que le pr\u00e9sent arr\u00eat\u00e9 annule et remplace l'arr\u00eat\u00e9 2024-202 comportant une \nerreur sur le nombre de places autoris\u00e9es dans l'article 4. \n \nARR\u00caT\u00c9 \n     ARTICLE 1er :   Le nombre de places autoris\u00e9es est modifi\u00e9 \u00e0 267 places.        \nARTICLE 2e  :  L'autorisation visant \u00e0 l'extension de capacit\u00e9 de : \n\u2022 6 places de  la plateforme enfant sise all\u00e9e Andr\u00e9 Benoist \u00e0 Claye -Souilly \n(77410) destin\u00e9es \u00e0 accueillir des enfants et jeunes adultes pr\u00e9sentant des \ntroubles du neuro-d\u00e9veloppement (TND) est accord\u00e9e \u00e0 l'EPMS de l'Ourcq. \n \n\u2022 10 places de la plateforme enfant par la cr\u00e9ation d'une unit\u00e9 d'enseignement \n\u00e9l\u00e9mentaire autisme (UEEA) est accord\u00e9e \u00e0 l'EPMS de l'Ourcq. \nAgence R\u00e9gionale de Sant\u00e9 - IDF-2025-05-20-00008 - Arr\u00eat\u00e9 n\u00b02025-308 portant modification de l'arr\u00eat\u00e9 2024-202 portant\nautorisation d'extension de capacit\u00e9 de 251 \u00e0 267 places de la plateforme enfant \u00e0  Claye-Souilly par extension de 6 places de la\nplateforme de services coordonn\u00e9es et cr\u00e9ation d'une unit\u00e9 d'enseignement \u00e9l\u00e9mentaire autisme (UEEA) de 10 places g\u00e9r\u00e9e par\nl'EPMS de l'Ourcq\n5\n       3 \n \n \nARTICLE 3e :    La capacit\u00e9 totale de cet \u00e9tablissement est dor\u00e9navant de 267 places destin\u00e9es \u00e0 \ndes enfants \u00e2g\u00e9s de 0 \u00e0 20 ans pr\u00e9sentant des troubles du neuro-d\u00e9veloppement. \n Cette structure peut assurer l'ensemble des modalit\u00e9s d'accueil et \nd'accompagnement pr\u00e9vus au dernier alin\u00e9a du I de l'article L -312-1 du code de \nl'action sociale et des familles. \n \nARTICLE 4e :  Conform\u00e9ment aux termes du dernier alin\u00e9a du I de l'article D. 312-0-3 du code de \nl'action sociale et des familles, a ucune sp\u00e9cialisation n'exclut la prise en charge \nde personnes pr\u00e9sentant des troubles associ\u00e9s \u00e0 ceux qui font l'objet de la \npr\u00e9sente autorisation.  \n \nARTICLE 5e :  Cette structure est r\u00e9pertori\u00e9e dans le Fichier National des Etablissements \nSanitaires et Sociaux (FINESS) de la fa\u00e7on suivante : \n \nN\u00b0 FINESS de l'\u00e9tablissement principal : 77 069 023 8 \n \nAdresse : All\u00e9e Andr\u00e9 Benoist \u00e0 Claye-Souilly (77410) \nPlaces : 267 \n                         \nCode cat\u00e9gorie :        [183] Institut m\u00e9dico-\u00e9ducatif \nCode discipline :        [844] Tous projets \u00e9ducatifs, p\u00e9dagogiques et th\u00e9rapeutiques \nCode fonctionnement (type d'activit\u00e9) : 48 Tous modes d'accueil et d'accompagnement \nCode client\u00e8le :  [10]   Toutes d\u00e9ficiences \n                                   [117] D\u00e9ficience intellectuelle \n   [437] Troubles du spectre de l'autisme \n   [206] Handicap psychique \n                                   [207] Handicap cognitif sp\u00e9cifique \n \nN\u00b0 FINESS de l'\u00e9tablissement secondaire : 77 081 653 6 \n \nAdresse : 6-8 rue des soldats de la Marne \u00e0 Meaux (77100) \n \nN\u00b0 FINESS de l'\u00e9tablissement secondaire : 77 002 334 9 \n \nAdresse : 37 avenue de l'Epinette \u00e0 Meaux (77100) \n \nCode mode de fixation des tarifs : [57] ARS/Dot. Globalis\u00e9e \n \nN\u00b0 FINESS du gestionnaire : 77 000 041 2 \nCode statut : 19 (Etablissement social et m\u00e9dico-social d\u00e9partemental) \n  \nAgence R\u00e9gionale de Sant\u00e9 - IDF-2025-05-20-00008 - Arr\u00eat\u00e9 n\u00b02025-308 portant modification de l'arr\u00eat\u00e9 2024-202 portant\nautorisation d'extension de capacit\u00e9 de 251 \u00e0 267 places de la plateforme enfant \u00e0  Claye-Souilly par extension de 6 places de la\nplateforme de services coordonn\u00e9es et cr\u00e9ation d'une unit\u00e9 d'enseignement \u00e9l\u00e9mentaire autisme (UEEA) de 10 places g\u00e9r\u00e9e par\nl'EPMS de l'Ourcq\n6\nsigh\"\n       4 \n \n \n \nARTICLE 6e :    Conform\u00e9ment aux dispositions de l'article D. 313-12-1 du code de l'action sociale \net des familles, la pr\u00e9sente autorisation est valable sous r\u00e9serve de la \ntransmission, aux autorit\u00e9s comp\u00e9tentes, avant la date d'entr\u00e9e en service de la \nnouvelle capacit\u00e9 autoris\u00e9e, d'une d\u00e9claration sur l'honneur attestant de la \nconformit\u00e9 de l'\u00e9tablissement ou du service aux conditions techniques minimales \nd'organisation et de fonctionnement mentionn\u00e9es au II de l'article L. 312-1 du \nm\u00eame code. \n \nARTICLE 7e :    Elle est caduque en l'absence d'ouverture au public de l'\u00e9tablissement ou du \nservice dans un d\u00e9lai de six mois suivant la notification de la d\u00e9cision d'autorisation \nconform\u00e9ment aux articles L . 313-1 et D . 313-7-2 du code de l'action sociale et \ndes familles. \n \n \nARTICLE 8e :   Tout changement important dans l'activit\u00e9, l'installation, l'organisation, la direction \nou le fonctionnement de l'\u00e9tablissement  ou du service  doit \u00eatre port\u00e9 \u00e0 la \nconnaissance de l'autorit\u00e9 comp\u00e9tente. \n \nARTICLE 9e :   Un recours contre le pr\u00e9sent arr\u00eat\u00e9 peut \u00eatre form\u00e9 devant le tribunal administratif \ncomp\u00e9tent dans un d\u00e9lai de deux mois \u00e0 compter de sa notification ou, pour les \ntiers, \u00e0 compter de sa publication.   \n \nARTICLE 10e : La directrice de la d\u00e9l\u00e9gation  d\u00e9partementale de Seine-et-Marne de l'Agence \nr\u00e9gionale de sant\u00e9 \u00cele-de-France est charg\u00e9e de l'ex\u00e9cution du pr\u00e9sent arr\u00eat\u00e9 qui \nsera publi\u00e9 au recueil des actes administratifs de la R\u00e9gion \u00cele-de-France. \n \n \n  \n Fait \u00e0 Lieusaint, le 20 mai 2025  \n \n       \n Directrice de la d\u00e9l\u00e9gation \n                                                                               d\u00e9partementale de l'ARS \n                                                                               de Seine-et-Marne \n \n \n \n \n H\u00e9l\u00e8ne MARIE \n  \nAgence R\u00e9gionale de Sant\u00e9 - IDF-2025-05-20-00008 - Arr\u00eat\u00e9 n\u00b02025-308 portant modification de l'arr\u00eat\u00e9 2024-202 portant\nautorisation d'extension de capacit\u00e9 de 251 \u00e0 267 places de la plateforme enfant \u00e0  Claye-Souilly par extension de 6 places de la\nplateforme de services coordonn\u00e9es et cr\u00e9ation d'une unit\u00e9 d'enseignement \u00e9l\u00e9mentaire autisme (UEEA) de 10 places g\u00e9r\u00e9e par\nl'EPMS de l'Ourcq\n7\nDirection r\u00e9gionale et interd\u00e9partementale de\nl'\u00e9conomie, de l'emploi, du travail et des\nsolidarit\u00e9s d'\u00cele-de-France\nIDF-2025-11-13-00001\nArr\u00eat\u00e9 relatif \u00e0 l'autorisation d'augmentation du\ntitre alcoom\u00e9trique volumique naturel pour\nl'\u00e9laboration de certains vins de la r\u00e9colte 2025\nR\u00e9gion Ile-de-France - Aire d'appellation de l'IGP\nIle-de-France\nDirection r\u00e9gionale et interd\u00e9partementale de l'\u00e9conomie, de l'emploi, du travail et des solidarit\u00e9s d'\u00cele-de-France -\nIDF-2025-11-13-00001 - Arr\u00eat\u00e9 relatif \u00e0 l'autorisation d'augmentation du titre alcoom\u00e9trique volumique naturel pour l'\u00e9laboration de\ncertains vins de la r\u00e9colte 2025\nR\u00e9gion Ile-de-France - Aire d'appellation de l'IGP Ile-de-France\n8\nE 3PREFET |DE LA REGIOND'\u00ceLE-DE-FRANCELibert\u00e9Egalit\u00e9Fraternit\u00e9\n Direction r\u00e9gionale et interd\u00e9partementale \nde l'\u00e9conomie, de l'emploi, \ndu travail et des solidarit\u00e9s \n \n \n \nDRIEETS d'Ile-de-France \n32 rue Jean Jaur\u00e8s \u2013 93200 Saint-Denis \nhttp://idf.drieets.gouv.fr/ \nArr\u00eat\u00e9 relatif \u00e0 l'autorisation d'augmentation du titre alcoom\u00e9trique \nvolumique naturel pour l'\u00e9laboration de certains vins de la r\u00e9colte 2025 \nR\u00e9gion Ile-de-France \u2013 Aire d'appellation de l'IGP Ile-de-France \nLe pr\u00e9fet de la r\u00e9gion d'\u00cele-de-France,  \nPr\u00e9fet de Paris \nGrand officier de la L\u00e9gion d'honneur \nOfficier de l'ordre national du M\u00e9rite \nVu le r\u00e8glement (UE) n\u00b0  1308/2013 du Parlement europ\u00e9en et du Conseil du 17 d\u00e9cembre 2013 portant \norganisation commune des march\u00e9s des produits agricoles et abrogeant les r\u00e8glements (CEE) n\u00b0 922/72, (CEE) \nn\u00b0 234/79, (CE) n\u00b0 1037/2001 et (CE) n\u00b0 1234/2007 du Conseil ; \nVu le r\u00e8glement d\u00e9l\u00e9gu\u00e9 (UE) 2019/934 de la Commission du 12 mars 2019 compl\u00e9tant le r\u00e8glement (UE) \nn\u00b0 1308/2013 du Parlement europ\u00e9en et du Conseil en ce qui concerne les zones viticoles o\u00f9 le titre \nalcoom\u00e9trique peut \u00eatre augment\u00e9, les pratiques \u0153nologiques autoris\u00e9es et les restrictions applicables \u00e0 la \nproduction et \u00e0 la conservation de produits de la vigne, le pourcentage minimal d'alcool pour les sous-produits \net leur \u00e9limination, et la publication des fiches de l'OIV ; \nVu le r\u00e8glement d'ex\u00e9cution (UE) 2019/935 de la Commission du 16 avril 2019 portant modalit\u00e9s d'application \ndu r\u00e8glement (UE) n\u00b0  1308/2013 du Parlement europ\u00e9en et du Conseil en ce qui concerne les m\u00e9thodes \nd'analyse pour d\u00e9terminer les caract\u00e9ristiques phys iques, chimiques et organoleptiques des produits de la \nvigne et les notifications de d\u00e9cisions des \u00c9tats membres concernant l'augmentation du titre alcoom\u00e9trique ; \nVu le code g\u00e9n\u00e9ral des imp\u00f4ts ; \nVu le code rural et de la p\u00eache maritime ; \nVu le code de la consommation ; \nVu le d\u00e9cret n\u00b0 2012-655 du 4 mai 2012 relatif \u00e0 l'\u00e9tiquetage et \u00e0 la tra\u00e7abilit\u00e9 des produits vitivinicoles et \u00e0 \ncertaines pratiques \u0153nologiques ; \nVu le d\u00e9cret du 22 juillet 2020 portant nomination de Monsieur Marc GUILLAUME en qualit\u00e9 de pr\u00e9fet de \nr\u00e9gion d'Ile-de-France, pr\u00e9fet de Paris ; \nVu l'arr\u00eat\u00e9 interminist\u00e9riel du 24 juillet 2012 relatif aux conditions d'autorisation de l'augmentation du titre \nalcoom\u00e9trique volumique naturel pour l'\u00e9laboration des vins ; \nVu l'arr\u00eat\u00e9 interminist\u00e9riel du 12 ao\u00fbt 2025 nominant Monsieur Fabrice MASI directeur r\u00e9gional de la direction \nr\u00e9gionale et interd\u00e9partementale de l'\u00e9conomie, de l'emploi, du travail et des solidarit\u00e9s d'Ile -de-France \u00e0 \ncompter du 25 ao\u00fbt 2025 ; \nVu l'arr\u00eat\u00e9 pr\u00e9fectoral du 27 ao\u00fbt 2025 portant d\u00e9l\u00e9gation de signature \u00e0 Monsieur Fabrice MASI, \nadministrateur de l' \u00c9tat, directeur r\u00e9gional de la direction r\u00e9gionale et interd\u00e9partementale de l'\u00e9conomie, \nde l'emploi, du travail et des solidarit\u00e9s d'Ile-de-France en mati\u00e8re administrative ;  \nDirection r\u00e9gionale et interd\u00e9partementale de l'\u00e9conomie, de l'emploi, du travail et des solidarit\u00e9s d'\u00cele-de-France -\nIDF-2025-11-13-00001 - Arr\u00eat\u00e9 relatif \u00e0 l'autorisation d'augmentation du titre alcoom\u00e9trique volumique naturel pour l'\u00e9laboration de\ncertains vins de la r\u00e9colte 2025\nR\u00e9gion Ile-de-France - Aire d'appellation de l'IGP Ile-de-France\n9\n \n 2 \nVu la d\u00e9cision n\u00b02025 -178 du 05 septembre 2025 portant subd\u00e9l\u00e9gation de signature de Monsieur  Fabrice \nMasi, Directeur r\u00e9gional et interd\u00e9partemental de l'\u00c9conomie, de l'Emploi, du Travail et des Solidarit\u00e9s d'\u00cele -\nde-France, aux agents de l'unit\u00e9 r\u00e9gionale, aux agents de l'unit\u00e9 r\u00e9gionale \nVu la demande pr\u00e9sent\u00e9e compl\u00e8te par l'Organisme de D\u00e9fense et de Gestion des vins IGP Ile -de-France \n(SYVIF) le 3 octobre 2025 ; \nSur proposition  du D\u00e9l\u00e9gu\u00e9 territorial de l'Institut national de l'origine et de la qualit\u00e9  en date du \n13 octobre 2025, \nConsid\u00e9rant que la courte p\u00e9riode de canicule au mois d'ao\u00fbt a engendr\u00e9 des blocages de maturit\u00e9,  et \nnotamment fortement sur le Souvignier gris et moyennement sur le Merlot, \nConsid\u00e9rant que les pluies abondantes qui ont suivi pendant quelques jours n'ont pas provoqu\u00e9 le d\u00e9blocage \nsuffisant esp\u00e9r\u00e9 et ont acc\u00e9l\u00e9r\u00e9 les cas de pourriture acide, notamment sur le Souvignier gris et le Muscaris, \nARR\u00caTE \nArticle 1 \nL'augmentation du titre alcoom\u00e9trique volumique naturel pour l'\u00e9laboration des vins cit\u00e9s en annexe, issus de \nraisins r\u00e9colt\u00e9s l'ann\u00e9e 2025, est autoris\u00e9e dans les limites fix\u00e9es \u00e0 la m\u00eame annexe. \nArticle 2 \nLe pr\u00e9sent arr\u00eat\u00e9 entre en vigueur le lendemain de sa publication. \n Article 3  \nLe pr\u00e9fet, secr\u00e9taire g\u00e9n\u00e9ral aux politiques publiques de la pr\u00e9fecture de la r\u00e9gion d'Ile-de-France, pr\u00e9fecture \nde Paris, la directrice r\u00e9gionale et interd\u00e9partementale de l'alimentation, de l'agriculture et de la for\u00eat de la \nr\u00e9gion d'Ile-de-France, le directeur r\u00e9gional et interd\u00e9partemental de l'\u00e9conomie, de l'emploi , du travail et \ndes solidarit\u00e9s de la r\u00e9gion d'Ile-de-France, le directeur r\u00e9gional des douanes et des droits indirects de Paris \u2013 \nIle de France et le d\u00e9l\u00e9gu\u00e9 territorial de l'INAO sont charg\u00e9s, chacun en ce qui le concerne, de l'ex\u00e9cution du \npr\u00e9sent arr\u00eat\u00e9 qui sera publi\u00e9 au recueil des actes administratifs de la pr\u00e9fecture de la r\u00e9gion d'Ile de France, \npr\u00e9fecture de Paris. \n \n \nFait \u00e0 Paris, le 13 novembre 2025 \n \nPour le pr\u00e9fet de la r\u00e9gion Ile-de-France et \npar d\u00e9l\u00e9gation, \nLe directeur, \nSIGN\u00c9 \nFabrice MASI \nDirection r\u00e9gionale et interd\u00e9partementale de l'\u00e9conomie, de l'emploi, du travail et des solidarit\u00e9s d'\u00cele-de-France -\nIDF-2025-11-13-00001 - Arr\u00eat\u00e9 relatif \u00e0 l'autorisation d'augmentation du titre alcoom\u00e9trique volumique naturel pour l'\u00e9laboration de\ncertains vins de la r\u00e9colte 2025\nR\u00e9gion Ile-de-France - Aire d'appellation de l'IGP Ile-de-France\n10\n \n  \n \nDRIEETS d'Ile-de-France \n32 rue Jean Jaur\u00e8s \u2013 93200 Saint-Denis \nhttp://idf.drieets.gouv.fr/ \nAnnexe \u00e0 l'arr\u00eat\u00e9 n\u00b0 2025 \nAutorisation d'augmentation du titre alcoom\u00e9trique et limites \nNom de \nl'appellation \nd'origine prot\u00e9g\u00e9e \n(AOP) \n(suivi ou non \nd'une \nd\u00e9nomination \ng\u00e9ographique \ncompl\u00e9mentaire) \nCouleur(s) \n(Le cas \n\u00e9ch\u00e9ant) \nType(s) de \nvin \n(Le cas \n\u00e9ch\u00e9ant) \nVari\u00e9t\u00e9(s) \n(Le cas \n\u00e9ch\u00e9ant) \nNoms des \nd\u00e9partements \net/ou des \npartie(s) de \nd\u00e9partement(s) \nconcern\u00e9e(s) \n(Le cas \u00e9ch\u00e9ant) \nLimite \nd'enrichissement \nmaximal \n(% vol.) \nRichesse \nminimale en \nsucre des \nraisins \n(g/l de mo\u00fbt) \n(Le cas \n\u00e9ch\u00e9ant) \nTitre \nalcoom\u00e9trique \nvolumique \nnaturel \nminimal \n(% vol.) \n(Le cas \n\u00e9ch\u00e9ant) \nTitre \nalcoom\u00e9trique \nvolumique total \nmaximal apr\u00e8s \nenrichissement \n(% vol.) \n(Le cas \n\u00e9ch\u00e9ant) \nIGP Ile-de-France    Paris (75), Seine-\net-Marne (77), \nYvelines (78), \nEssonne (91), \nHauts-de-Seine \n(92), Seine-\nSaint-Denis (93), \nVal-de-Marne \n(94), Val d'Oise \n(95) \n+ 1% vol.    \nVSIG    + 1% vol. 170 10  \nNe sont int\u00e9gr\u00e9es dans ce tableau que les valeurs retenues pour la richesse minimale en sucre des raisins, le titre alcoom\u00e9tr ique volumique naturel minimum et le \ntitre alcoom\u00e9trique volumique total maximum d\u00e9rogatoires pour la r\u00e9colte 2025 \u00e0 celles figurant dans le cahier des charges de ces indications g\u00e9ographiques \nDirection r\u00e9gionale et interd\u00e9partementale de l'\u00e9conomie, de l'emploi, du travail et des solidarit\u00e9s d'\u00cele-de-France -\nIDF-2025-11-13-00001 - Arr\u00eat\u00e9 relatif \u00e0 l'autorisation d'augmentation du titre alcoom\u00e9trique volumique naturel pour l'\u00e9laboration de\ncertains vins de la r\u00e9colte 2025\nR\u00e9gion Ile-de-France - Aire d'appellation de l'IGP Ile-de-France\n11\nDirection r\u00e9gionale et interd\u00e9partementale de\nl'h\u00e9bergement et du logement\nIDF-2025-11-12-00003\nArr\u00eat\u00e9 portant sur l'agr\u00e9ment de ILGLS\nassociation CAP DEVANT\nDirection r\u00e9gionale et interd\u00e9partementale de l'h\u00e9bergement et du logement - IDF-2025-11-12-00003 - Arr\u00eat\u00e9 portant sur l'agr\u00e9ment\nde ILGLS association CAP DEVANT 12\nEiPREFETDE LA REGIOND'\u00ceLE-DE-FRANCELibert\u00e9Egalit\u00e9Fraternit\u00e9\nArr\u00eat\u00e9 n\u00b0\nportant agr\u00e9ment\nde l'association CAP' DEVANT\u00a0!\nau titre de l'interm\u00e9diation locative et gestion locative sociale\nLe Pr\u00e9fet de la R\u00e9gion \u00cele-de-France, pr\u00e9fet de Paris\nGrand Officier de la L\u00e9gion d'Honneur,\nOfficier de l'ordre national du m\u00e9rite\nVU la loi n\u00b0 2009-323 du 25 mars 2009 de mobilisation pour le logement et la lutte\ncontre l'exclusion\nVU  le  d\u00e9cret  n\u00b0  2009-1684  du  30  d\u00e9cembre  2009  relatif  aux  agr\u00e9ments  des\norganismes exer\u00e7ant des activit\u00e9s en faveur du logement et de l'h\u00e9bergement des\npersonnes d\u00e9favoris\u00e9es\nVU  la circulaire du 18 janvier 2010 relative aux relations entre les pouvoirs publics\net les associations\u00a0: conventions d'objectifs et simplification des d\u00e9marches relatives\naux proc\u00e9dures d'agr\u00e9ment\nVU  la  circulaire  du  6  septembre  2010  relative  aux  agr\u00e9ments  des  organismes\nagissant en faveur du logement et de l'h\u00e9bergement des personnes d\u00e9favoris\u00e9es\nVU la d\u00e9cision n\u00b0 2025-19 en date du 01 juillet 2025 portant subd\u00e9l\u00e9gation de\nsignature  en  mati\u00e8re  administrative  \u00e0  Monsieur  Jacques  Bertrand  DE  REBOUL,\nDirecteur r\u00e9gional et interd\u00e9partemental adjoint de l'h\u00e9bergement et du logement\nde la r\u00e9gion \u00cele-de-France\nVU  la  demande  d'agr\u00e9ment  d\u00e9pos\u00e9e  par  l'association  CAP'  DEVANT\u00a0!  le  18\nseptembre 2025, aupr\u00e8s du Pr\u00e9fet de r\u00e9gion, en vue d'exercer les activit\u00e9s suivantes,\nT\u00e9l : 01 82 52 48 96\nLe Ponant, 5 rue Leblanc, 75015 Paris\nwww.drihl.ile-de-france.developpement-durable.gouv.fr 1 / 4\nDirection r\u00e9gionale et interd\u00e9partementale de l'h\u00e9bergement et du logement - IDF-2025-11-12-00003 - Arr\u00eat\u00e9 portant sur l'agr\u00e9ment\nde ILGLS association CAP DEVANT 13\nvis\u00e9es \u00e0 l'article   R.365-1 3\u00b0 du a) du Code la construction et de l'habitation\u00a0:\n\u2022 Location de logements aupr\u00e8s d'organismes agr\u00e9\u00e9s au titre de l'article L 365-2\nou d'organismes d'habitation \u00e0 loyer mod\u00e9r\u00e9 en vue de leur sous-location \u00e0 des\npersonnes d\u00e9favoris\u00e9es dans les conditions pr\u00e9vues par l'article L 442-8-1\n\u2022 Location de logements \u00e0 des bailleurs autres que les organismes d'habitations \u00e0\nloyer mod\u00e9r\u00e9 en vue de les sous-louer \u00e0 des personnes d\u00e9favoris\u00e9es dans les\nconditions pr\u00e9vues aux articles L.321-10, L.323-10-1 et L.353-20.\n\u2022 Location aupr\u00e8s d'un organisme agr\u00e9\u00e9 au titre de l'article L.365-2 destin\u00e9 \u00e0\nl'h\u00e9bergement.\nCONSID\u00c9RANT  la capacit\u00e9 de l'association CAP' DEVANT\u00a0! \u00e0 exercer les activit\u00e9s\nobjet du pr\u00e9sent agr\u00e9ment, compte tenu de ses statuts, de ses comp\u00e9tences, des\nmoyens dont elle dispose dans les d\u00e9partements de Paris, des Hauts-de-Seine, de la\nSeine-Saint-Denis et du Val d'Oise ainsi que du soutien de la F\u00e9d\u00e9ration Paralysie\nC\u00e9r\u00e9brale France \u00e0 laquelle elle adh\u00e8re.\nARR\u00caTE\nArticle  1  er\n  \nL'agr\u00e9ment  au  titre  de  l'interm\u00e9diation  locative  et  gestion  locative  sociale  est\naccord\u00e9 \u00e0 l'association CAP' DEVANT\u00a0! pour les activit\u00e9s suivantes, vis\u00e9es \u00e0 l'article\nR.365-1 3\u00b0 du a) du Code la construction et de l'habitation\u00a0:\n\u2022 Location de logements aupr\u00e8s d'organismes agr\u00e9\u00e9s au titre de l'article L 365-2 ou\nd'organismes  d'habitation  \u00e0  loyer  mod\u00e9r\u00e9  en  vue  de  leur  sous-location  \u00e0  des\npersonnes d\u00e9favoris\u00e9es dans les conditions pr\u00e9vues par l'article L 442-8-1\n\u2022 Location de logements \u00e0 des bailleurs autres que les organismes d'habitations \u00e0\nloyer  mod\u00e9r\u00e9 en vue de les  sous-louer \u00e0 des  personnes  d\u00e9favoris\u00e9es  dans  les\nconditions pr\u00e9vues aux articles L.321-10, L.323-10-1 et L.353-20.\n\u2022 Location  aupr\u00e8s  d'un  organisme  agr\u00e9\u00e9  au  titre  de  l'article  L.365-2  destin\u00e9  \u00e0\nl'h\u00e9bergement.\nArticle  2\nL'association CAP' DEVANT\u00a0! est agr\u00e9\u00e9e pour l'exercice des activit\u00e9s mentionn\u00e9es \u00e0\nl'article 1 er\n dans le territoire des d\u00e9partements  de Paris, des Hauts-de-Seine, de la\nT\u00e9l : 01 82 52 48 96\nLe Ponant, 5 rue Leblanc, 75015 Paris\nwww.drihl.ile-de-france.developpement-durable.gouv.fr 2 / 4\nDirection r\u00e9gionale et interd\u00e9partementale de l'h\u00e9bergement et du logement - IDF-2025-11-12-00003 - Arr\u00eat\u00e9 portant sur l'agr\u00e9ment\nde ILGLS association CAP DEVANT 14\nSeine-Saint-Denis et du Val d'Oise.\nArticle 3\nCet agr\u00e9ment est d\u00e9livr\u00e9 pour une dur\u00e9e de cinq ans renouvelable. Il prend effet \u00e0\npartir de la date de signature du pr\u00e9sent arr\u00eat\u00e9.\nArticle 4\nL'association CAP' DEVANT\u00a0! est tenue d'adresser annuellement au Pr\u00e9fet de R\u00e9gion\nun compte-rendu de l'activit\u00e9, objet du pr\u00e9sent agr\u00e9ment, ainsi que ses comptes\nfinanciers,  conform\u00e9ment  \u00e0  l'article  R.365-7  du  Code  de  la  construction  et  de\nl'habitation. Elle doit \u00e9galement lui notifier toute modification statutaire.\nLe  Pr\u00e9fet  de R\u00e9gion peut  \u00e0  tout  moment  contr\u00f4ler les  conditions d'exercice  de\nl'activit\u00e9 de l'organisme.\nArticle 5\nLe pr\u00e9sent agr\u00e9ment peut \u00eatre retir\u00e9 \u00e0 tout moment par le Pr\u00e9fet de r\u00e9gion, si les\nconditions de d\u00e9livrance de l'agr\u00e9ment ne sont plus satisfaites ou s'il est constat\u00e9 un\nmanquement grave et r\u00e9p\u00e9t\u00e9 aux obligations de l'organisme. Ce retrait ne pourra\n\u00eatre  prononc\u00e9  qu'apr\u00e8s  avoir  mis  les  dirigeants  de  l'organisme  en  mesure  de\npr\u00e9senter leurs observations.\nArticle 6\nLe pr\u00e9sent arr\u00eat\u00e9 peut faire l'objet d'un recours gracieux devant le Pr\u00e9fet de r\u00e9gion.\nIl peut \u00e9galement faire l'objet d'un recours hi\u00e9rarchique devant l'autorit\u00e9 sup\u00e9rieure\nde l'auteur du pr\u00e9sent arr\u00eat\u00e9, le Ministre de la Ville et du Logement.\nIl peut aussi faire l'objet d'un recours contentieux devant le tribunal administratif de\nParis sis au 7 , rue de Jouy, 75004 Paris, dans un d\u00e9lai de deux mois \u00e0 compter de la\ndate de publication au recueil des actes administratifs. Dans ce cas, le pr\u00e9sent arr\u00eat\u00e9\ndoit \u00eatre joint au recours contentieux.\nT\u00e9l : 01 82 52 48 96\nLe Ponant, 5 rue Leblanc, 75015 Paris\nwww.drihl.ile-de-france.developpement-durable.gouv.fr 3 / 4\nDirection r\u00e9gionale et interd\u00e9partementale de l'h\u00e9bergement et du logement - IDF-2025-11-12-00003 - Arr\u00eat\u00e9 portant sur l'agr\u00e9ment\nde ILGLS association CAP DEVANT 15\nArticle 7\nLe  Directeur r\u00e9gional et interd\u00e9partemental de l'h\u00e9bergement et du logement \u00cele-\nde-France est charg\u00e9 de l'ex\u00e9cution du pr\u00e9sent arr\u00eat\u00e9.\nLe pr\u00e9sent arr\u00eat\u00e9 sera publi\u00e9 au recueil des actes administratifs.\nUne copie du pr\u00e9sent arr\u00eat\u00e9 sera adress\u00e9e aux pr\u00e9fets  des Hauts-de-Seine, de la\nSeine-Saint-Denis et du Val d'Oise.\n \nParis, le 12 novembre 2025\nPour le Pr\u00e9fet de la R\u00e9gion d'\u00cele-de-France,\nPr\u00e9fet de Paris et par d\u00e9l\u00e9gation, \nLe Directeur adjoint de l'H\u00e9bergement et\ndu Logement\nSign\u00e9\nJacques-Bertrand DE REBOUL\nT\u00e9l : 01 82 52 48 96\nLe Ponant, 5 rue Leblanc, 75015 Paris\nwww.drihl.ile-de-france.developpement-durable.gouv.fr 4 / 4\nDirection r\u00e9gionale et interd\u00e9partementale de l'h\u00e9bergement et du logement - IDF-2025-11-12-00003 - Arr\u00eat\u00e9 portant sur l'agr\u00e9ment\nde ILGLS association CAP DEVANT 16","date":"2025-11-13","first_seen_on":"2025-11-13T18:16:42+00:00","id":"0e4df39945d6204ff9890ecab4d3b2187185de8ed9b8551ea2dbdd1840b44e9c","name":"recueil-idf-020-2025-11-recueil-des-actes-administratifs-special du 13.11.2025","pdf_creation_date":"2025-11-13T15:58:36+00:00","pdf_modification_date":null,"timezone":"Europe/Paris","url":"https://www.prefectures-regions.gouv.fr/ile-de-france/irecontenu/telechargement/132592/973018/file/recueil-idf-020-2025-11-recueil-des-actes-administratifs-special%20du%2013.11.2025.pdf"}
