{"administration":"pref83","administration_name":"Pr\u00e9fecture du Var","content":"VAR\nRECUEIL DES ACTES\nADMINISTRATIFS\nN\u00b083-2024-244\nPUBLI\u00c9 LE 10 SEPTEMBRE 2024\nSommaire\nDirection d\u00e9partementale de la protection des populations  du Var /\nDirection de la DDPP\n83-2024-09-02-00010 - AP 2024-294 - subd\u00e9l\u00e9gation signature DDPP (4\npages) Page 3\nPr\u00e9fecture du VAR / Direction de la citoyennet\u00e9 et de la l\u00e9galit\u00e9\n83-2024-09-09-00003 - ARR\u00caT\u00c9 PR\u00c9FECTORAL n\u00b0 DCL/BERG/2024/355\ndu 9 septembre 2024 instituant une commission d'\u00e9tablissement des\nlistes \u00e9lectorales en vue de l'\u00e9lection 2025 des membres de la chambre\nd'agriculture du Var (2 pages) Page 8\nPr\u00e9fecture du VAR / Direction de la coordination des politiques publiques\net de l'appui territorial\n83-2024-09-09-00007 - Arr\u00eat\u00e9 pr\u00e9fectoral du 9 septembre 2024\nprescrivant l'ouverture de l'enqu\u00eate publique et de l'enqu\u00eate\nparcellaire conjointe pr\u00e9alables, d'une part, \u00e0 la d\u00e9claration\nd'utilit\u00e9 publique du projet d'am\u00e9nagement d'un carrefour\ngiratoire sur la RD560 au lieu-dit \u00ab\u00a0Barbebelle\u00a0\u00bb et, d'autre part,\n\u00e0 la cessibilit\u00e9 des immeubles ou parties d'immeubles ou des droits\nr\u00e9els n\u00e9cessaires \u00e0 sa r\u00e9alisation, sur le territoire de la commune de\nVillecroze, au b\u00e9n\u00e9fice du Conseil d\u00e9partemental du Var. (6 pages) Page 11\nPr\u00e9fecture du VAR / Direction des s\u00e9curit\u00e9s\n83-2024-09-08-00001 - Arr\u00eat\u00e9 pr\u00e9fectoral n\u00b02024-09-001 ELA du 08\nseptembre 2024 portant r\u00e9glementation temporaire de la circulation sur\nl'autoroute A57 sur le territoire des communes de Toulon, La Garde et La\nValette-du-Var (2 pages) Page 18\n2\nDirection d\u00e9partementale de la protection des\npopulations  du Var\n83-2024-09-02-00010\nAP 2024-294 - subd\u00e9l\u00e9gation signature DDPP\nDirection d\u00e9partementale de la protection des populations  du Var - 83-2024-09-02-00010 - AP 2024-294 - subd\u00e9l\u00e9gation signature\nDDPP 3\n=m\nPREFET\nDU  VAR\nLibert\u00e9\nEgalit\u00e9\nFraternit\u00e9\nDirection d\u00e9partementale de la \n protection des populations \nARR\u00caT\u00c9 DDPP n\u00b0 24-294  du 2 septembre 2024\nportant subd\u00e9l\u00e9gation de signature de Mme Nathalie GUERSON\ndirectrice d\u00e9partementale de la protection des populations\nau sein de la direction d\u00e9partementale de la protection des populations du Var\nLe Pr\u00e9fet du Var,\n \nVu notamment le code de commerce, le code de la consommation, le code rural et de la\np\u00eache maritime, le code de l'environnement, le code de la sant\u00e9 publique, le code de la\nconstruction et de l'habitation ;\nVu la loi n\u00b0 82-213 du 2 mars 1982 modifi\u00e9e, relative aux droits et libert\u00e9s des communes, des\nd\u00e9partements et des r\u00e9gions ;\nVu la  loi  d'orientation  n\u00b0  92-125  du  6  f\u00e9vrier  1992  modifi\u00e9e  relative  \u00e0  l'administration\nterritoriale de la R\u00e9publique ;\nVu la loi n\u00b0 2004-809 du 13 ao\u00fbt 2004 relative aux libert\u00e9s et responsabilit\u00e9s locales  ;\nVu le d\u00e9cret n\u00b0 97-34 du 15 janvier 1997 modifi\u00e9 relatif \u00e0 la d\u00e9concentration des d\u00e9cisions\nadministratives individuelles ;\nVu le  d\u00e9cret  n\u00b0  2004-374  du  29  avril  2004  modifi\u00e9  relatif  aux  pouvoirs  des  pr\u00e9fets,  \u00e0\nl'organisation et \u00e0 l'action des services de l'\u00c9tat dans les r\u00e9gions et d\u00e9partements ; \nVu le  d\u00e9cret  n\u00b0  2009-360  du  31  mars  2009  modifi\u00e9  relatif  aux  emplois  de  direction  de\nl'administration territoriale de l'\u00c9tat ;\nVu le  d\u00e9cret  n\u00b0  2009-1484  du  3  d\u00e9cembre  2009  modifi\u00e9  relatif  aux  directions\nd\u00e9partementales  interminist\u00e9riel les ;\nVu le d\u00e9cret n\u00b0 2015-510 du 7 mai 2015 portant charte de la d\u00e9concentration  ;\nVu le d\u00e9cret du Pr\u00e9sident de la R\u00e9publique du 15 avril 2022 portant nomination de \nM. Lucien GIUDICELLI, secr\u00e9taire g\u00e9n\u00e9ral de la pr\u00e9fecture du Var ;\nVu le d\u00e9cret du Pr\u00e9sident de la R\u00e9publique du 13 juillet 2023 portant nomination de \nM. Philippe MAH\u00c9, pr\u00e9fet du Var ;\n1/4\nDirection d\u00e9partementale de la protection des populations  du Var - 83-2024-09-02-00010 - AP 2024-294 - subd\u00e9l\u00e9gation signature\nDDPP 4\nVu l'arr\u00eat\u00e9  minist\u00e9riel  en  date  du  31  mars  2011  modifi\u00e9  portant  d\u00e9concentration  des\nd\u00e9cisions  relatives  \u00e0  la  situation  individuelle  des  fonctionnaires  et  agents  non  titulaires\nexer\u00e7ant leurs fonctions dans les directions d\u00e9partementales interminist\u00e9rielles ;\nVu l'arr\u00eat\u00e9  du  Premier  ministre  du  13  mars  2024  portant  nomination  de  Mme  Nathalie\nGUERSON directrice d\u00e9partementale de la protection des populations du Var  ;\nVu l'arr\u00eat\u00e9 du  premier  ministre du  15 juin 2024 portant  nomination de M. Jean-Fran\u00e7ois\nCARRI\u00c9 directeur d\u00e9partemental adjoint de la protection des populations  ;\nVu l'arr\u00eat\u00e9 pr\u00e9fectoral n\u00b0 96-2020 en date du 29 d\u00e9cembre 2020 portant organisation du\nsecr\u00e9tariat g\u00e9n\u00e9ral commun d\u00e9partemental du Var  ;\nVu l'arr\u00eat\u00e9 pr\u00e9fectoral n\u00b0 2021-011 en date du 27 janvier 2021 portant organisation de la\ndirection d\u00e9partementale de la protection des populations du Var  ;\nVu l'arr\u00eat\u00e9 pr\u00e9fectoral n\u00b0 2024/29/MCI du 11 juillet 2024 portant d\u00e9l\u00e9gation de signature  \u00e0\nMme Nathalie GUERSON, directrice d\u00e9partementale de la protection des populations du\nVar ;\nSur proposition de la directrice d\u00e9partementale de la protection des populations  ;\nARR\u00caTE \nArticle  1  er     :   D\u00e9l\u00e9gation  de  signature  est  donn\u00e9e  \u00e0  M.  Jean-Fran\u00e7ois  CARRI\u00c9,  directeur\nd\u00e9partemental adjoint  de  la  direction  d\u00e9partementale  de  la  protection  des  populations\npour :\n-  tous actes, documents administratifs, rapports, correspondances ou d\u00e9cisions pr\u00e9vus aux\narticles 1, 2 et 3 de l'arr\u00eat\u00e9 pr\u00e9fectoral n\u00b0 2024/29/MCI du 11 juillet 2024 portant d\u00e9l\u00e9gation\nde signature \u00e0 Mme Nathalie GUERSON , directrice d\u00e9partementale de la protection des\npopulations du Var  en cas d'absence ou d'emp\u00eachement de la directrice d\u00e9partementale  et\nnotamment pour  :\n-  les d\u00e9cisions pr\u00e9vues \u00e0 l'article 1er de l'arr\u00eat\u00e9 du 31 mars 2011 portant d\u00e9concentration\ndes d\u00e9cisions relatives \u00e0 la situation individuelle des fonctionnaires et agents non titulaires\nexer\u00e7ant leurs fonctions dans les directions d\u00e9partementales interminist\u00e9rielles  ;\n-  les actes de gestion concernant les agents rattach\u00e9s \u00e0 la direction.\nArticle  2     :   D\u00e9l\u00e9gation  de  signature  est  donn\u00e9e  \u00e0  M.  Jean-Fran\u00e7ois  CARRI\u00c9,  directeur\nd\u00e9partemental adjoint de la direction d\u00e9partementale de la protection des populations , \u00e0\nl'effet de signer :\n- l'octroi des cong\u00e9s annuels des agents rattach\u00e9s \u00e0 la direction et des agents des autres\nservices en cas d'absence ou d'emp\u00eachement des chefs de p\u00f4le  ;\n- les documents  dans les domaines pr\u00e9vus par les articles 2, 3 et 4 de l'arr\u00eat\u00e9 pr\u00e9fectoral\nd'organisation  de  la  direction  d\u00e9partementale  de  la  protection  des  populations  vis\u00e9  ci-\ndessus ;\n-  et  les  documents  dans  les  domaines  d'administration  g\u00e9n\u00e9rale  n\u00e9cessaires  au  bon\nfonctionnement de la convention de service dans le cadre des attributions du secr\u00e9tariat\ng\u00e9n\u00e9ral commun.\n2/4Direction d\u00e9partementale de la protection des populations  du Var - 83-2024-09-02-00010 - AP 2024-294 - subd\u00e9l\u00e9gation signature\nDDPP 5\nArticle 3     :   D\u00e9l\u00e9gation de signature est donn\u00e9e \u00e0 Mme Marie-Th\u00e9r\u00e8se CAPARROS, attach\u00e9e\nd'administration, adjointe au chef du p\u00f4le \"\u00e9tablissements recevant du public\" de la direction\nd\u00e9partementale, \u00e0 l'effet de signer  :\n- l'octroi des cong\u00e9s annuels des agents de ce p\u00f4le  en application de  l'article 1er a) de l'arr\u00eat\u00e9\ndu 31 mars 2011 ;\n- tous actes, documents administratifs, rapports, correspondances dans les domaines pr\u00e9vus\npar l'article 5 de l'arr\u00eat\u00e9 pr\u00e9fectoral d'organisation de la direction d\u00e9partementale de la\nprotection des populations vis\u00e9 ci-dessus et dans les domaines relevant des attributions du\np\u00f4le, \u00e0 l'exception de ceux vis\u00e9s \u00e0 l'article 2 de l'arr\u00eat\u00e9 pr\u00e9fectoral n\u00b0  2024/29/MCI du 11 juillet 2024 portant\nd\u00e9l\u00e9gation de signature \u00e0 Mme Nathalie GUERSON , directrice d\u00e9partementale de la protection des\npopulations du Var.\nEn cas d'absence ou d'emp\u00eachement, la d\u00e9l\u00e9gation de signature qui lui est conf\u00e9r\u00e9e au\npr\u00e9sent article, deuxi\u00e8me tiret, est exerc\u00e9e par  : \n- Mme Magali GRAYE , secr\u00e9taire administratif,\n- M Julien GULIZZI, secr\u00e9taire administratif de classe sup\u00e9rieure.\nArticle 4     :   D\u00e9l\u00e9gation de signature est donn\u00e9e \u00e0 M. David DENYSIAK, inspecteur principal de\nla  concurrence,  de  la  consommation  et  de  la  r\u00e9pression  des  fraudes  chef  du  p\u00f4le\n\"consommation\" de la direction d\u00e9partementale \u00e0 l'effet de signer  :\n-  l'octroi  des  cong\u00e9s  annuels  des  agents  du  p\u00f4le  consommation  de  la  p rotection  des\npopulations du Var en application de  l'article 1er a) de l'arr\u00eat\u00e9 du 31 mars 2011  ;\n-  tous  actes,  documents  administratifs,  rapports,  correspondances  dans  les  domaines\npr\u00e9vus par l'article  6 de l'arr\u00eat\u00e9 pr\u00e9fectoral d'organisation de la direction d\u00e9partementale de\nla protection des populations vis\u00e9 ci-dessus et dans les domaines relevant des attributions du\np\u00f4le consommation , \u00e0 l'exception de ceux vis\u00e9s \u00e0 l'article 2 de l'arr\u00eat\u00e9 pr\u00e9fectoral n\u00b0 2024/29/MCI du 11\njuillet 2024 portant d\u00e9l\u00e9gation de signature \u00e0 Mme Nathalie GUERSON,  directrice d\u00e9partementale\nde la protection des populations du Var.\nEn cas d'absence ou  d'emp\u00eachement, la d\u00e9l\u00e9gation de signature qui lui est conf\u00e9r\u00e9e au\npr\u00e9sent article, deuxi\u00e8me tiret, est exerc\u00e9e par M. Fabrice BOURGUET, Inspecteur expert de\nla concurrence, de la consommation et de la r\u00e9pression des fraudes.\nArticle 5     :   D\u00e9l\u00e9gation de signature est donn\u00e9e \u00e0 M. Jean-Paul NAUDY, inspecteur en chef de la\nsant\u00e9 publique v\u00e9t\u00e9rinaire, chef du p\u00f4le \"alimentation\" de la direction d\u00e9partementale, \u00e0\nl'effet de signer :\n- l'octroi des cong\u00e9s annuels des agents du p\u00f4le en application de  l'article 1er a) de l'arr\u00eat\u00e9 du\n31 mars 2011 ;\n- tous actes, documents administratifs, rapports, correspondances dans les domaines pr\u00e9vus\npar l'article 7 de l'arr\u00eat\u00e9 pr\u00e9fectoral d'organisation de la direction d\u00e9partementale de la\nprotection des populations vis\u00e9 ci-dessus et dans les domaines relevant des attributions du\np\u00f4le alimentation,  \u00e0 l'exception de ceux vis\u00e9s \u00e0 l'article 2 de l'arr\u00eat\u00e9 pr\u00e9fectoral\nn\u00b0  2024/29/MCI du 11 juillet 2024  portant  d\u00e9l\u00e9gation  de  signature  \u00e0  Mme  Nathalie\nGUERSON, directrice d\u00e9partementale de la protection des populations du Var.\nEn cas d'absence ou  d'emp\u00eachement, la d\u00e9l\u00e9gation de signature qui lui est conf\u00e9r\u00e9e au\npr\u00e9sent article deuxi\u00e8me tiret, est exerc\u00e9e par  : \n- Mme Val\u00e9rie PACE, inspectrice expert  de la concurrence, de la consommation et de la\nr\u00e9pression des fraudes, pour les actes relevant des missions de la DGCCRF.\n3/4Direction d\u00e9partementale de la protection des populations  du Var - 83-2024-09-02-00010 - AP 2024-294 - subd\u00e9l\u00e9gation signature\nDDPP 6\n- Mme Sophie STRUGAR, inspectrice en chef de la sant\u00e9 publique v\u00e9t\u00e9rinaire pour les actes\nrelevant des missions de la DGAL ou requ\u00e9rant la qualit\u00e9 de v\u00e9t\u00e9rinaire officiel.\nArticle 6     :   D\u00e9l\u00e9gation de signature est donn\u00e9e \u00e0 Mme Sophie STRUGAR, inspectrice en chef\nde la sant\u00e9 publique v\u00e9t\u00e9rinaire, chef du p\u00f4le \"animaux et environnement\" de la direction\nd\u00e9partementale \u00e0 l'effet de signer  :\n-l'octroi des cong\u00e9s annuels des agents du p\u00f4le en application de  l'article 1er a) de l'arr\u00eat\u00e9 du\n31 mars 2011 ;\n- tous actes, documents administratifs, rapports, correspondances dans les domaines pr\u00e9vus par\nl'article 8  de  l'arr\u00eat\u00e9  pr\u00e9fectoral  d'organisation  de  la  direction  d\u00e9partementale  de  la\nprotection des populations vis\u00e9 ci-dessus et dans les domaines relevant des attributions du\np\u00f4le  \"animaux  et  environnement\" ,  \u00e0  l'exception  de  ceux  vis\u00e9s  \u00e0  l'article  2  de  l'arr\u00eat\u00e9\npr\u00e9fectoral n\u00b0 2024/29/MCI du 11 juillet 2024  portant d\u00e9l\u00e9gation de signature  \u00e0 Mme Nathalie\nGUERSON, directrice d\u00e9partementale de la protection des populations du Var.\n- Les actes de mise sous surveillance des animaux et de mise en demeure des d\u00e9tenteurs\nd'animaux vis\u00e9s  \u00e0 l'article 3 de l'arr\u00eat\u00e9 pr\u00e9fectoral n\u00b0  2024/29/MCI du 11 juillet 2024  portant\nd\u00e9l\u00e9gation  de  signature   \u00e0  Mme  Nathalie  GUERSON ,  directrice  d\u00e9partementale  de  la\nprotection des populations du Var.\nEn cas d'absence ou d'emp\u00eachement de Mme STRUGAR, seule la d\u00e9l\u00e9gation de signature qui\nlui est conf\u00e9r\u00e9e au deuxi\u00e8me tiret du pr\u00e9sent article, est exerc\u00e9e par  :\n- Mme L\u00e9na\u00efg HAZO, ing\u00e9nieur divisionnaire de l'agriculture et de l'environnement,\n- M. Jean-Paul NAUDY, inspecteur en chef de la sant\u00e9 publique v\u00e9t\u00e9rinaire.\nArticle 7   :   L'arr\u00eat\u00e9  DDPP n\u00b0 2024-064 du 16 f\u00e9vrier 2024 portant subd\u00e9l\u00e9gation de signature\nau sein de la direction d\u00e9partementale de la protection des populations du Var est abrog\u00e9.\nArticle 8 : La directrice d\u00e9partementale de la protection des populations du Var est charg\u00e9e\nde l'ex\u00e9cution du pr\u00e9sent arr\u00eat\u00e9 qui sera publi\u00e9 au recueil des actes administratifs de la\npr\u00e9fecture du Var.\nFait \u00e0 Toulon, le 02 septembre 2024\nLa directrice d\u00e9partementale,\n                      Sign\u00e9\n     Nathalie GUERSON\n4/4Direction d\u00e9partementale de la protection des populations  du Var - 83-2024-09-02-00010 - AP 2024-294 - subd\u00e9l\u00e9gation signature\nDDPP 7\nPr\u00e9fecture du VAR\n83-2024-09-09-00003\nARR\u00caT\u00c9 PR\u00c9FECTORAL n\u00b0 DCL/BERG/2024/355\ndu 9 septembre 2024 instituant une commission\nd'\u00e9tablissement des listes \u00e9lectorales en vue de\nl'\u00e9lection 2025 des membres de la chambre\nd'agriculture du Var\nPr\u00e9fecture du VAR - 83-2024-09-09-00003 - ARR\u00caT\u00c9 PR\u00c9FECTORAL n\u00b0 DCL/BERG/2024/355 du 9 septembre 2024 instituant une\ncommission d'\u00e9tablissement des listes \u00e9lectorales en vue de l'\u00e9lection 2025 des membres de la chambre d'agriculture du Var 8\n=m\nPREFET\nDU  VAR\nLibert\u00e9\nEgalit\u00e9\nFraternit\u00e9\nDirection de la Citoyennet\u00e9 et de la L\u00e9galit\u00e9\nBureau des \u00c9lections et de la R\u00e9glementation G\u00e9n\u00e9rale\n \nARR\u00caT\u00c9 PR\u00c9FECTORAL n\u00b0 DCL/BERG/2024/355  du 9 septembre 2024\ninstituant une commission d'\u00e9tablissement des listes \u00e9lectorales\nen vue de l'\u00e9lection 2025 des membres de la chambre d'agriculture du Var\nLe pr\u00e9fet du Var,\nVu le code rural et de la p\u00eache maritime et notamment ses articles R.511-16 et R.511-28  ;\nVu le code \u00e9lectoral  ;\nVu le d\u00e9cret n\u00b0 2017-1771 du 27 d\u00e9cembre 2017 modifiant les livres III \u00e0 VII de la partie\nr\u00e9glementaire du code rural et de la p\u00eache maritime  ;\nVu le d\u00e9cret n\u00b0 2024-817 du 8 juillet 2024 relatif \u00e0 la composition des chambres d  'agriculture\net \u00e0 l'\u00e9lection de leurs membres,\nVu  le  d\u00e9cret  du  Pr\u00e9sident  de  la  R\u00e9publique  du  13  juillet  2023,  portant  nomination  de\nMonsieur Philippe MAHE, pr\u00e9fet du Var  ;\nVu l'arr\u00eat\u00e9 minist\u00e9riel du 12 avril 2024 pris en application de l'article R.511-44 du code rural et\nde la p\u00eache maritime et convoquant les \u00e9lecteurs pour l'\u00e9lection des membres des chambres\nd'agriculture ;\nVu l'arr\u00eat\u00e9 minist\u00e9riel du 6 janvier 2022 fixant la liste des organisations syndicales reconnues\nrepr\u00e9sentatives dans la branche de la production agricole  ;\nVu l'arr\u00eat\u00e9 pr\u00e9fectoral n\u00b02024/14/MCI du 12 avril 2024 portant d\u00e9l\u00e9gation de signature \u00e0\nMonsieur  Lucien  GIUDICELLI,  secr\u00e9taire  g\u00e9n\u00e9ral  de  la  pr\u00e9fecture  du  Var,  sous-pr\u00e9fet  de\nl'arrondissement de Toulon  ;\nVu  l'arr\u00eat\u00e9  pr\u00e9fectoral  du  8  avril  2019  relatif  \u00e0  la  liste  des  organisations  syndicales\nd'exploitants agricoles habilit\u00e9es \u00e0 si\u00e9ger au sein de certains organismes ou commissions  ;\nSur proposition du secr\u00e9taire g\u00e9n\u00e9ral de la pr\u00e9fecture ,\nA R R \u00ca T E\nARTICLE 1     :   INSTITUTION\nEn application de l'article R.511-16 du code rural et de la p\u00eache maritime , il est institu\u00e9 une\ncommission d\u00e9partementale d\u00e9nomm\u00e9e commission d'\u00e9tablissement des listes \u00e9lectorales\npour l'\u00e9lection des membres de la chambre d'agriculture du Var du 31 janvier 2025.\nARTICLE 2     :   SI\u00c8GE\nLe si\u00e8ge de la commission d'\u00e9tablissement des listes \u00e9lectorales est fix\u00e9 \u00e0 la pr\u00e9fecture du Var.\n1/2\nPr\u00e9fecture du VAR - 83-2024-09-09-00003 - ARR\u00caT\u00c9 PR\u00c9FECTORAL n\u00b0 DCL/BERG/2024/355 du 9 septembre 2024 instituant une\ncommission d'\u00e9tablissement des listes \u00e9lectorales en vue de l'\u00e9lection 2025 des membres de la chambre d'agriculture du Var 9\nARTICLE 3     :   COMPOSITION\nLa commission d'\u00e9tablissement des listes \u00e9lectorales est compos\u00e9e comme suit  :\n\u2022Monsieur Thibaut DARGON (titulaire), directeur de la citoyennet\u00e9 et de la l\u00e9galit\u00e9, ou\nMonsieur  RIVIECCIO  Thibaud  (suppl\u00e9ant),  chef  du  bureau  des  \u00e9lections  et  de  la\nr\u00e9glementation g\u00e9n\u00e9rale, repr\u00e9sentant le pr\u00e9fet, pr\u00e9sident,\n\u2022Madame Anne RABAULT, repr\u00e9sentant le directeur d\u00e9partemental des territoires et de\nla mer du Var, membre, \n\u2022Monsieur Louis REYNIER, vice-pr\u00e9sident du conseil d\u00e9partemental du Var, maire de\nMontmeyan, membre,\n\u2022Madame  Isabelle  BOUIS,  repr\u00e9sentant  la  caisse  plurid\u00e9partementale  de  Mutualit\u00e9\nSociale Agricole Provence Azur, membre.\nSont  \u00e9galement  membres,  avec  voix  consultative,  pour  participer  aux  travaux  relatifs  \u00e0\nl'\u00e9tablissement des listes \u00e9lectorales pour les \u00e9lecteurs votant individuellement  :\n\u2022Monsieur  Jean-Marie  CHATELIER,  repr\u00e9sentant  la  f\u00e9d\u00e9ration  d\u00e9partementale  des\nsyndicats d'exploitants agricoles du Var,\n\u2022Monsieur R\u00e9mi GAUTIER, repr\u00e9sentant du syndicat des jeunes agriculteurs du Var,\n\u2022Monsieur Bruno VADON, repr\u00e9sentant la conf\u00e9d\u00e9ration paysanne du Var,\n\u2022Monsieur Max BAUER, repr\u00e9sentant la coordination rurale du Var,\n\u2022Monsieur Etienne MONGE, repr\u00e9sentant l'union d\u00e9partementale CFE \u2013 CGC du Var,\n\u2022Monsieur Jean-Michel GRAILLON, repr\u00e9sentant l'union d\u00e9partementale Force Ouvri\u00e8re\ndu Var,\n\u2022Monsieur Eric SCHMITT, repr\u00e9sentant la f\u00e9d\u00e9ration CFTC de l'Agriculture,\n\u2022Monsieur Fabien TRUJILLO, repr\u00e9sentant de la f\u00e9d\u00e9ration nationale agroalimentaire et\nforesti\u00e8re CGT,\n\u2022Monsieur  Eric  BRUYNEEL  (Titulaire)  ou  Monsieur  Franck  FOURMENT  (Suppl\u00e9ant),\nrepr\u00e9sentant de la CFDT (Syndicat G\u00e9n\u00e9ral Agroalimentaire CFDT C\u00f4te d'Azur),\n\u2022Monsieur Denis ALIBERT, repr\u00e9sentant les propri\u00e9taires et usufruitiers.\nSont  \u00e9galement  membres,  avec  voix  consultative,  pour  participer  aux  travaux  relatifs  \u00e0\nl'\u00e9tablissement des listes \u00e9lectorales des groupements d'\u00e9lecteurs  :\n\u2022Monsieur Laurent ROUGON, pr\u00e9sident de la f\u00e9d\u00e9ration des caves coop\u00e9ratives du Var,\n\u2022Madame Nathalie ROUBAUD, pr\u00e9sidente de la f\u00e9d\u00e9ration des vignerons ind\u00e9pendants\nde PACA-Corse,\n\u2022Monsieur Marc LONG, pr\u00e9sident de la SICA MAF march\u00e9 aux fleurs,\n\u2022Monsieur Jean-Claude VEGA, pr\u00e9sident de PHILAFLOR.\nLe secr\u00e9tariat de la commission est assur\u00e9 par la chambre d'agriculture.\nARTICLE 4     :   Le secr\u00e9taire g\u00e9n\u00e9ral de la pr\u00e9fecture est charg\u00e9 de l'ex\u00e9cution du pr\u00e9sent arr\u00eat\u00e9\nqui sera publi\u00e9 au recueil des actes administratifs de la pr\u00e9fecture du Var et affich\u00e9 dans les\ncommunes du d\u00e9partement.\nPour le pr\u00e9fet et par d\u00e9l\u00e9gation,\nLe secr\u00e9taire g\u00e9n\u00e9ral,\nSign\u00e9 : Lucien GIUDICELLI\nDans un d\u00e9lai de deux mois \u00e0 compter de la date de la notification ou de la publication du pr\u00e9sent arr\u00eat\u00e9 au recueil des actes administratifs de la pr\u00e9fecture, les recours suivants peuvent \u00eatre introduits conform\u00e9ment aux dispositions des articles R. 421-1 et suivants du code de justice administrative  :- un recours gracieux, adress\u00e9 \u00e0 :Monsieur le Pr\u00e9fet du Var \u2013 Bd du 112\u00e8me r\u00e9giment d'infanterie- 83070 TOULON CEDEX- un recours hi\u00e9rarchique, adress\u00e9  au(x) ministre(s) concern\u00e9(s) ;Dans ces deux cas, le silence de l'Administration vaut rejet implicite au terme d'un d\u00e9lai de deux mois.Apr\u00e8s un recours gracieux ou hi\u00e9rarchique, le d\u00e9lai du recours contentieux ne court qu'\u00e0 compter du rejet explicite ou implicite de l'un de ces recours.- un recours contentieux, en saisissant le Tribunal Administratif de Toulon  : 5 rue Racine -BP 40510 - 83 041 TOULON CEDEX\n2/2Pr\u00e9fecture du VAR - 83-2024-09-09-00003 - ARR\u00caT\u00c9 PR\u00c9FECTORAL n\u00b0 DCL/BERG/2024/355 du 9 septembre 2024 instituant une\ncommission d'\u00e9tablissement des listes \u00e9lectorales en vue de l'\u00e9lection 2025 des membres de la chambre d'agriculture du Var 10\nPr\u00e9fecture du VAR\n83-2024-09-09-00007\nArr\u00eat\u00e9 pr\u00e9fectoral du 9 septembre 2024\nprescrivant l'ouverture de l'enqu\u00eate publique et\nde l'enqu\u00eate parcellaire conjointe pr\u00e9alables,\nd'une part, \u00e0 la d\u00e9claration d'utilit\u00e9 publique du\nprojet d'am\u00e9nagement d'un carrefour giratoire\nsur la RD560 au lieu-dit \u00ab\u00a0Barbebelle\u00a0\u00bb et,\nd'autre part, \u00e0 la cessibilit\u00e9 des immeubles ou\nparties d'immeubles ou des droits r\u00e9els\nn\u00e9cessaires \u00e0 sa r\u00e9alisation, sur le territoire de la\ncommune de Villecroze, au b\u00e9n\u00e9fice du Conseil\nd\u00e9partemental du Var.\nPr\u00e9fecture du VAR - 83-2024-09-09-00007 - Arr\u00eat\u00e9 pr\u00e9fectoral du 9 septembre 2024 prescrivant l'ouverture de l'enqu\u00eate publique et\nde l'enqu\u00eate parcellaire conjointe pr\u00e9alables, d'une part, \u00e0 la d\u00e9claration d'utilit\u00e9 publique du projet d'am\u00e9nagement d'un carrefour\ngiratoire sur la RD560 au lieu-dit \u00ab\u00a0Barbebelle\u00a0\u00bb et, d'autre part, \u00e0 la cessibilit\u00e9 des immeubles ou parties d'immeubles ou des droits\nr\u00e9els n\u00e9cessaires \u00e0 sa r\u00e9alisation, sur le territoire de la commune de Villecroze, au b\u00e9n\u00e9fice du Conseil d\u00e9partemental du Var.11\nbn\nPREFET\nDU  VAR\nLibert\u00e9\nEgalit\u00e9\nFraternit\u00e9\nDirection de la coordination\ndes politiques publiques et\nde l'appui territorial\nBureau de l'environnement et\ndu d\u00e9veloppement durable\nARR\u00caT\u00c9 PR\u00c9FECTORAL du 9 SEPTEMBRE 2024\nprescrivant l'ouverture de l'enqu\u00eate publique et de l'enqu\u00eate parcellaire conjointe pr\u00e9alables,\nd'une  part,  \u00e0  la  d\u00e9claration  d'utilit\u00e9  publique  du  projet  d'am\u00e9nagement  d'un  carrefour\ngiratoire sur la RD560 au lieu-dit \u00ab  Barbebelle \u00bb et, d'autre part, \u00e0 la cessibilit\u00e9 des immeubles\nou parties d'immeubles ou des droits r\u00e9els n\u00e9cessaires \u00e0 sa r\u00e9alisation, sur le territoire de la\ncommune de Villecroze, au b\u00e9n\u00e9fice du Conseil d\u00e9partemental du Var.\nLe pr\u00e9fet du Var,\nVu le code de l'expropriation pour cause d'utilit\u00e9 publique, notamment ses articles L1,\nL110-1, L121-1, L132-1, R111-1, R131-1, R131-2, R131-6 et R131-7  ;\nVu le code de l'environnement, notamment son article R123-5  ;\nVu le d\u00e9cret du Pr\u00e9sident de la R\u00e9publique du 13 juillet 2023 nommant M. Philippe MAH \u00c9,\npr\u00e9fet du Var ;\nVu  le  d\u00e9cret  du  Pr\u00e9sident  de  la  R\u00e9publique  du  15  avril  2022  nommant\nM.  Lucien  GIUDICELLI,  secr\u00e9taire  g\u00e9n\u00e9ral  de  la  pr\u00e9fecture  du  Var,  sous-pr\u00e9fet  de\nl'arrondissement de Toulon  ;\nVu l'arr\u00eat\u00e9 pr\u00e9fectoral n\u00b02024 / 14 / MCI du 12 avril 2024 portant d\u00e9l\u00e9gation de signature \u00e0\nM.  Lucien  GIUDICELLI,  secr\u00e9taire  g\u00e9n\u00e9ral  de  la  pr\u00e9fecture  du  Var,  sous-pr\u00e9fet  de\nl'arrondissement de Toulon  ;\nVu l'arr\u00eat\u00e9 n\u00b0AE-F09317P0005 du 6 f\u00e9vrier 2017 portant d\u00e9cision d'examen au cas par cas en\napplication de l'article R122-3 du code de l'environnement disposant que le projet RD 560 -\nam\u00e9nagement du carrefour giratoire Barbebelle \u2013 PR 66+000 situ\u00e9 sur la commune de\nVillecroze (83) n'est pas soumis \u00e0 \u00e9tude d'impact  ;\nVu la d\u00e9lib\u00e9ration n\u00b0A29 du 04 avril 2008 du Conseil d\u00e9partemental du Var d\u00e9cidant,\nnotamment, d'approuver le projet  d'am\u00e9nagement du carrefour de la RD 560 au PR 66+000\navec la RD 251 - commune de Villecroze , et autorisant le lancement des proc\u00e9dures (DUP ,\nparcellaire, loi sur l'Eau, mise en compatibilit\u00e9 des P .L.U., \u2026), la prorogation des DUP si\nn\u00e9cessaire  et  des  enqu\u00eates  administratives  r\u00e9glementaires  notamment  en  vue  de\nl'acquisition des terrains par voie amiable ou par expropriation en tant que de besoin  ;\nVu la lettre du 27 juin 2024 du  Conseil d\u00e9partemental du Var  sollicitant l'ouverture des\nenqu\u00eates  publique  et  parcellaire,  pr\u00e9alables  \u00e0  d\u00e9claration  d'utilit\u00e9  publique  du  projet\npr\u00e9cit\u00e9 et \u00e0 la cessibilit\u00e9 des biens n\u00e9cessaires \u00e0 sa r\u00e9alisation  ;\n1/6Pr\u00e9fecture du VAR - 83-2024-09-09-00007 - Arr\u00eat\u00e9 pr\u00e9fectoral du 9 septembre 2024 prescrivant l'ouverture de l'enqu\u00eate publique et\nde l'enqu\u00eate parcellaire conjointe pr\u00e9alables, d'une part, \u00e0 la d\u00e9claration d'utilit\u00e9 publique du projet d'am\u00e9nagement d'un carrefour\ngiratoire sur la RD560 au lieu-dit \u00ab\u00a0Barbebelle\u00a0\u00bb et, d'autre part, \u00e0 la cessibilit\u00e9 des immeubles ou parties d'immeubles ou des droits\nr\u00e9els n\u00e9cessaires \u00e0 sa r\u00e9alisation, sur le territoire de la commune de Villecroze, au b\u00e9n\u00e9fice du Conseil d\u00e9partemental du Var.12\nVu les dossiers d'enqu\u00eate publique et d'enqu\u00eate parcellaire produits le 27 juin 2024 \u00e0 l'appui\nde cette demande  ;\nVu la liste d\u00e9partementale d'aptitude aux fonctions de commissaire enqu\u00eateur pour l'ann\u00e9e\n2024 ;\nVu la d\u00e9cision n\u00b0E24000039/83 de la pr\u00e9sidente du tribunal administratif de Toulon du 29\nao\u00fbt 2024 d\u00e9signant M. Fran\u00e7ois BOUSSARD, commissaire enqu\u00eateur, pour conduire ces\nenqu\u00eates ;\nConsid\u00e9rant que le commissaire enqu\u00eateur a \u00e9t\u00e9 consult\u00e9 sur les modalit\u00e9s du d\u00e9roulement\nde l'enqu\u00eate ;\nSur proposition du secr\u00e9taire g\u00e9n\u00e9ral de la pr\u00e9fecture du Var,\nARR\u00caTE :\nArticle 1  er     :   Objet des enqu\u00eates\nConform\u00e9ment au code de l'expropriation pour cause d'utilit\u00e9 publique, sur demande du\nConseil d\u00e9partemental du Var, il est proc\u00e9d\u00e9 \u00e0 une enqu\u00eate d'utilit\u00e9 publique pr\u00e9alable \u00e0 la\nd\u00e9claration d'utilit\u00e9 publique du projet pr\u00e9sent\u00e9 ci-dessous, avec, en vue de la cessibilit\u00e9,\nson enqu\u00eate parcellaire conjointe, sur le territoire de la commune de Villecroze.\nOn entend par \u00ab enqu\u00eates \u00bb : l'enqu\u00eate publique et l'enqu\u00eate parcellaire conjointe.\nI.- Le projet     :  \nLe projet consiste \u00e0 s\u00e9curiser l'intersection entre la RD560 et la RD251 sur la commune de\nVillecroze, par la cr\u00e9ation d'un carrefour giratoire en lieu et place du carrefour en Y actuel.\nCe projet a pour objectifs de  :\n- limiter les ralentissements et les risques de freinage d'urgence occasionn\u00e9s par les\nnombreuses insertions sur la RD560  ;\n-  supprimer  le  risque  accidentog\u00e8ne  en  am\u00e9liorant  la  lisibilit\u00e9  et  la  visibilit\u00e9  du\ncarrefour tout en r\u00e9duisant la vitesse des v\u00e9hicules circulant sur la RD560  ;\n- am\u00e9liorer les insertions sur la RD560 depuis la RD251,\n- am\u00e9liorer la lisibilit\u00e9 de l'espace circul\u00e9 pour les usagers et la s\u00e9curit\u00e9 des acc\u00e8s\nriverains, en modifiant certains de ces acc\u00e8s  ;\n- faciliter les d\u00e9placements en transport en commun, par la cr\u00e9ation d'un arr\u00eat de bus\npar sens, accessible aux personnes \u00e0 mobilit\u00e9 r\u00e9duite, ainsi que par la cr\u00e9ation d'une\nzone de stationnement et d'un trottoir menant \u00e0 ces arr\u00eats de bus.\nII.-   Le p\u00e9titionnaire     :  \nLe responsable est le Conseil d\u00e9partemental du Var \u2013 Direction des infrastructures et de la\nmobilit\u00e9 \u2013 P\u00f4le ing\u00e9nierie \u2013 390, avenue des Lices \u2013 CS 41303 \u2013 83076 Toulon cedex.\nIII.-   D\u00e9cision(s) possible(s)     :  \n1\u00b0 Au terme de la proc\u00e9dure, des accords ou des refus pourront \u00eatre formul\u00e9s par arr\u00eat\u00e9 du\npr\u00e9fet du Var sur :\na) la d\u00e9claration d'utilit\u00e9 publique relative aux travaux et aux acquisitions n\u00e9cessaires \u00e0 la\nr\u00e9alisation du projet  ;\nb) la cessibilit\u00e9 de tout ou partie d'immeubles ou de droits r\u00e9els immobiliers, n\u00e9cessaire \u00e0 la\nr\u00e9alisation du projet.\nCes d\u00e9cisions rel\u00e8vent de la comp\u00e9tence du pr\u00e9fet du Var.\n2\u00b0 Le Conseil d\u00e9partemental du Var est le b\u00e9n\u00e9ficiaire de l'expropriation.\n2/6Pr\u00e9fecture du VAR - 83-2024-09-09-00007 - Arr\u00eat\u00e9 pr\u00e9fectoral du 9 septembre 2024 prescrivant l'ouverture de l'enqu\u00eate publique et\nde l'enqu\u00eate parcellaire conjointe pr\u00e9alables, d'une part, \u00e0 la d\u00e9claration d'utilit\u00e9 publique du projet d'am\u00e9nagement d'un carrefour\ngiratoire sur la RD560 au lieu-dit \u00ab\u00a0Barbebelle\u00a0\u00bb et, d'autre part, \u00e0 la cessibilit\u00e9 des immeubles ou parties d'immeubles ou des droits\nr\u00e9els n\u00e9cessaires \u00e0 sa r\u00e9alisation, sur le territoire de la commune de Villecroze, au b\u00e9n\u00e9fice du Conseil d\u00e9partemental du Var.13\nArticle 2     :   Lieu, si\u00e8ge et dates des enqu\u00eates\nLieu des enqu\u00eates  : mairie de Villecroze.\nLe si\u00e8ge des enqu\u00eates est fix\u00e9 en mairie de Villecroze \u2013 H\u00f4tel de Ville - Maison des Services -\nRoute de Salernes - 83690 Villecroze.\nCes  enqu\u00eates  se  tiennent  en  mairie  de  Villecroze,  du  lundi  14  octobre  2024  au  jeudi\n31 octobre 2024 inclus , soit 18 jours cons\u00e9cutifs (samedis, dimanches et jours f\u00e9ri\u00e9s \u00e9tant\ntoutefois except\u00e9s), aux jours et heures indiqu\u00e9s dans le tableau suivant  :\nLieu des enqu\u00eates [si\u00e8ge] Jours d'ouverture Horaires\nMairie de Villecroze\nH\u00f4tel de Ville\nMaison des Services\nRoute de Salernes\n83690 Villecrozedu lundi au vendredi de 8h30 \u00e0 12h\nLundi et mercredi de 13h30-16h30\nArticle 3     :   Publicit\u00e9 des enqu\u00eates\nI.-   Par voie de presse     :   Un avis d'ouverture des enqu\u00eates, destin\u00e9 au public, est ins\u00e9r\u00e9 en\ncaract\u00e8res  apparents,  sur  demande  du  pr\u00e9fet  et  aux  frais  du  p\u00e9titionnaire,  dans  deux\njournaux publi\u00e9s dans le d\u00e9partement du Var, au moins huit jours avant l'ouverture des\nenqu\u00eates et, en rappel \u00e0 l'identique, dans les huit premiers jours de celles-ci.\nII.-   Par  voie  d'affichage     :   Cet  avis  et  l'arr\u00eat\u00e9  d'ouverture  des  enqu\u00eates  sont  \u00e9galement\npubli\u00e9s, en mairie de Villecroze, par le maire, par voie d'affichage aux lieux habituellement\nr\u00e9serv\u00e9s \u00e0 cet usage ou \u00e9ventuellement tout autre proc\u00e9d\u00e9 en usage dans la commune, huit\njours au moins avant le d\u00e9but des enqu\u00eates et pendant toute leur dur\u00e9e.\nIl est attest\u00e9 de l'accomplissement de cette formalit\u00e9 par la production de deux certificats\nd'affichage, en d\u00e9but et en fin des enqu\u00eates, d\u00e9livr\u00e9s par le maire.\nIII.-     En ligne     :  \nL'avis est publi\u00e9 sur le site Internet des services de l'\u00c9tat dans le Var, huit jours au moins\navant l'ouverture des enqu\u00eates et pendant toute la dur\u00e9e de celles-ci  :\nhttps://www.var.gouv.fr/Publications/Enquetes-publiques-information-et-participation-du-\npublic/Enquetes-publiques/Enquetes-publiques-hors-ICPE/\nL'avis est publi\u00e9 sur le site Internet d\u00e9di\u00e9 au registre d\u00e9mat\u00e9rialis\u00e9, huit jours au moins avant\nl'ouverture des enqu\u00eates et pendant toute la dur\u00e9e de celles-ci  :\nhttps://www.registredemat.fr/var-barbebelle\nIV.-   Au recueil des actes administratifs du Var     :   l'arr\u00eat\u00e9 d'ouverture des enqu\u00eates fait l'objet\nd'une publication.\nArticle 4     :   Notifications de l'enqu\u00eate parcellaire\nLes  notifications  individuelles  du  d\u00e9p\u00f4t  du  dossier  d'enqu\u00eate  parcellaire,  en  mairie  de\nVillecroze, sont faites par le p\u00e9titionnaire, par lettre  recommand\u00e9e avec demande d'avis de\nr\u00e9ception, aux propri\u00e9taires figurant sur la liste des propri\u00e9taires jointe au dossier d\u00e9pos\u00e9,\nlorsque leur domicile est connu d'apr\u00e8s les renseignements recueillis par le p\u00e9titionnaire, ou\n\u00e0 leurs mandataires, g\u00e9rants, administrateurs ou syndics.\nLes propri\u00e9taires, auxquels notification est faite par le p\u00e9titionnaire du d\u00e9p\u00f4t du dossier\nd'enqu\u00eate parcellaire en mairie, sont tenus de fournir les indications relatives \u00e0 leur identit\u00e9\nou, \u00e0 d\u00e9faut, de donner tous renseignements en leur possession sur l'identit\u00e9 du ou des\npropri\u00e9taires actuels.\n3/6Pr\u00e9fecture du VAR - 83-2024-09-09-00007 - Arr\u00eat\u00e9 pr\u00e9fectoral du 9 septembre 2024 prescrivant l'ouverture de l'enqu\u00eate publique et\nde l'enqu\u00eate parcellaire conjointe pr\u00e9alables, d'une part, \u00e0 la d\u00e9claration d'utilit\u00e9 publique du projet d'am\u00e9nagement d'un carrefour\ngiratoire sur la RD560 au lieu-dit \u00ab\u00a0Barbebelle\u00a0\u00bb et, d'autre part, \u00e0 la cessibilit\u00e9 des immeubles ou parties d'immeubles ou des droits\nr\u00e9els n\u00e9cessaires \u00e0 sa r\u00e9alisation, sur le territoire de la commune de Villecroze, au b\u00e9n\u00e9fice du Conseil d\u00e9partemental du Var.14\nEn  cas  de  domicile  inconnu,  la  notification  est  faite,  en  double  copie,  au  maire  de  la\ncommune du lieu de situation des biens qui en fait afficher une et, le cas \u00e9ch\u00e9ant, aux\nlocataires et preneurs \u00e0 bail rural.\nArticle 5     :   D\u00e9signation du commissaire enqu\u00eateur\nLa  pr\u00e9sidente  du  tribunal  administratif  de  Toulon  a  d\u00e9sign\u00e9  M.  Fran\u00e7ois  BOUSSARD,\ncommissaire enqu\u00eateur pour conduire ces enqu\u00eates.\nPermanences     :   Le public et les propri\u00e9taires peuvent s'adresser directement au commissaire\nenqu\u00eateur, lors de ses permanences en mairie de Villecroze aux jours et heures indiqu\u00e9s ci-\napr\u00e8s :\nPermanences du commissaire enqu\u00eateur\nLieu [si\u00e8ge] Jours Heures\nMairie de Villecroze\nH\u00f4tel de Ville\nMaison des Services\nRoute de Salernes\n83690 VillecrozeLundi 14 octobre 2024 9h \u00e0 12h\nVendredi 18 octobre 2024 9h \u00e0 12h\nMercredi 23 octobre 2024 13h30 \u00e0 16h30\nJeudi 31 octobre 2024 13h30 \u00e0 16h30\nEn  cas  d'emp\u00eachement  du  commissaire  enqu\u00eateur,  les  enqu\u00eates  sont  interrompues.  La\npr\u00e9sidente  du  tribunal  administratif  de  Toulon  d\u00e9signe  un  commissaire  enqu\u00eateur\nrempla\u00e7ant. La date de reprise des enqu\u00eates est fix\u00e9e en concertation avec le commissaire\nenqu\u00eateur  rempla\u00e7ant.  Le  public  et  les  propri\u00e9taires  int\u00e9ress\u00e9s  sont  inform\u00e9s  de  ces\nd\u00e9cisions dans les formes pr\u00e9vues \u00e0 l'article 3.\nArticle 6     :   Consultation du dossier complet et observations du public\nI.- Le dossier des enqu\u00eates est consultable pendant toute leur dur\u00e9e  :\n1\u00b0 sur support papier  en mairie de Villecroze, aux jours et heures pr\u00e9cis\u00e9s \u00e0 l'article 2  ;\n2\u00b0 sur un poste informatique en mairie de Villecroze , aux jours et heures pr\u00e9cis\u00e9s \u00e0\nl'article 2 ;\n3\u00b0 sur le site Internet  : https://www.registredemat.fr/var-barbebelle\nII.- Des observations et propositions du public  sur le projet peuvent \u00eatre formul\u00e9es et des\nrenseignements peuvent \u00eatre demand\u00e9s, pendant toute la dur\u00e9e des enqu\u00eates  :\n1\u00b0 directement sur le registre d\u00e9mat\u00e9rialis\u00e9  : \nhttps://www.registredemat.fr/var-barbebelle\n2\u00b0 par courriel adress\u00e9 au commissaire enqu\u00eateur du 1er jour des enqu\u00eates, \u00e0 0  h 01, au\ndernier jour des enqu\u00eates, \u00e0 24  h, \u00e0 l'adresse \u00e9lectronique suivante  :\nvar-barbebelle@registredemat.fr\nCes observations sont consultables par le public, dans les meilleurs d\u00e9lais, sur le\nregistre d\u00e9mat\u00e9rialis\u00e9. Ne sont pris en consid\u00e9ration que les courriels re\u00e7us pendant la\np\u00e9riode des enqu\u00eates.\n3\u00b0 directement sur un des registres des enqu\u00eates, \u00e0 feuillets non mobiles, cot\u00e9s et\nparaph\u00e9s, tenus \u00e0 disposition du public et des titulaires de droits r\u00e9els, en mairie de\nVillecroze, aux jours et heures pr\u00e9cis\u00e9s \u00e0 l'article 2  ;\n4/6Pr\u00e9fecture du VAR - 83-2024-09-09-00007 - Arr\u00eat\u00e9 pr\u00e9fectoral du 9 septembre 2024 prescrivant l'ouverture de l'enqu\u00eate publique et\nde l'enqu\u00eate parcellaire conjointe pr\u00e9alables, d'une part, \u00e0 la d\u00e9claration d'utilit\u00e9 publique du projet d'am\u00e9nagement d'un carrefour\ngiratoire sur la RD560 au lieu-dit \u00ab\u00a0Barbebelle\u00a0\u00bb et, d'autre part, \u00e0 la cessibilit\u00e9 des immeubles ou parties d'immeubles ou des droits\nr\u00e9els n\u00e9cessaires \u00e0 sa r\u00e9alisation, sur le territoire de la commune de Villecroze, au b\u00e9n\u00e9fice du Conseil d\u00e9partemental du Var.15\n4\u00b0 par lettre postale, adress\u00e9e \u00e0 l'attention du  commissaire enqu\u00eateur en mairie de\nVillecroze. Les observations formul\u00e9es par voie postale sont annex\u00e9es au registre\nd'enqu\u00eate correspondant, tenu \u00e0 la disposition du public  ;\n5\u00b0 directement aupr\u00e8s du commissaire enqu\u00eateur lors des permanences qu'il assure,\nen mairie de Villecroze, aux jours et heures indiqu\u00e9s dans le tableau \u00e0 l'article 5. Les\nlettres remises en main propre sont annex\u00e9es au registre d'enqu\u00eate correspondant.\nArticle 7     :   R\u00f4le du commissaire enqu\u00eateur\nLe commissaire enqu\u00eateur a pour mission de conduire les enqu\u00eates de mani\u00e8re \u00e0 permettre\nau public, aux propri\u00e9taires concern\u00e9s et aux tiers int\u00e9ress\u00e9s de disposer d'une information\ncompl\u00e8te sur le projet et de participer effectivement au processus de d\u00e9cision.\nIl paraphe le dossier complet et les registres des enqu\u00eates, \u00e0 feuillets non mobiles, cot\u00e9s.\nIl  peut  entendre  toute  personne  concern\u00e9e  par  le  projet  qui  en  fait  la  demande  et\nauditionner toute personne ou service qu'il lui para\u00eet utile de consulter pour compl\u00e9ter son\ninformation. Le refus \u00e9ventuel, motiv\u00e9 ou non, ou l'absence de r\u00e9ponse, est mentionn\u00e9\ndans son rapport.\nArticle 8     :   Cl\u00f4ture des enqu\u00eates\n\u00c0 l'expiration du d\u00e9lai des enqu\u00eates, le maire cl\u00f4t et signe les registres des enqu\u00eates. Le\nmaire remet le dossier avec les registres et les documents annex\u00e9s, dans les 24  heures, au\ncommissaire enqu\u00eateur.\nArticle 9     :   Rapport et conclusions motiv\u00e9es du commissaire enqu\u00eateur\nI.-   R\u00e9daction  \nLe commissaire enqu\u00eateur \u00e9tablit un rapport qui relate le d\u00e9roulement des enqu\u00eates et\nexamine les observations et les propositions recueillies. Le rapport comporte le rappel de\nl'objet du projet, la liste de l'ensemble des pi\u00e8ces figurant dans le dossier des enqu\u00eates, une\nsynth\u00e8se des observations du public ou des propri\u00e9taires, une analyse des propositions\nproduites durant les enqu\u00eates, les observations \u00e9ventuelles du p\u00e9titionnaire en r\u00e9ponse aux\nobservations du public ou des propri\u00e9taires.\nLe commissaire enqu\u00eateur consigne, pour chaque d\u00e9cision, dans un document s\u00e9par\u00e9, ses\nconclusions motiv\u00e9es. \nSes avis portent sur l'utilit\u00e9 publique du projet et sur l'emprise des ouvrages projet\u00e9s.  Il\npr\u00e9cise s'ils sont favorables, favorables sous r\u00e9serve(s) ou d\u00e9favorables.\nII.-   Transmission  \nDans le d\u00e9lai de trente jours, \u00e0 compter de la date de cl\u00f4ture des enqu\u00eates, le commissaire\nenqu\u00eateur remet le rapport et les conclusions motiv\u00e9es, accompagn\u00e9s du dossier et des\nregistres des enqu\u00eates, au bureau de l'environnement et du d\u00e9veloppement durable de la\npr\u00e9fecture du Var.\nLe commissaire enqu\u00eateur transmet simultan\u00e9ment une copie de son rapport et de ses\nconclusions motiv\u00e9es \u00e0 la pr\u00e9sidente du tribunal administratif de Toulon.\nArticle     10     :   Diffusion du r\u00e9sultat des enqu\u00eates\nLe pr\u00e9fet adresse copie du rapport et des conclusions motiv\u00e9es du commissaire enqu\u00eateur\nau maire de Villecroze et au Conseil d\u00e9partemental du Var .\nCes documents sont tenus \u00e0 la disposition du public, sans d\u00e9lai, pendant un an \u00e0 partir de\nla date de cl\u00f4ture des enqu\u00eates  :\n- en mairie de Villecroze ;\n- au bureau de l'environnement et du d\u00e9veloppement durable de la pr\u00e9fecture du Var  ;\n5/6Pr\u00e9fecture du VAR - 83-2024-09-09-00007 - Arr\u00eat\u00e9 pr\u00e9fectoral du 9 septembre 2024 prescrivant l'ouverture de l'enqu\u00eate publique et\nde l'enqu\u00eate parcellaire conjointe pr\u00e9alables, d'une part, \u00e0 la d\u00e9claration d'utilit\u00e9 publique du projet d'am\u00e9nagement d'un carrefour\ngiratoire sur la RD560 au lieu-dit \u00ab\u00a0Barbebelle\u00a0\u00bb et, d'autre part, \u00e0 la cessibilit\u00e9 des immeubles ou parties d'immeubles ou des droits\nr\u00e9els n\u00e9cessaires \u00e0 sa r\u00e9alisation, sur le territoire de la commune de Villecroze, au b\u00e9n\u00e9fice du Conseil d\u00e9partemental du Var.16\n- sur le site Internet des services de l'\u00c9tat dans le Var  :\nhttp://www.var.gouv.fr/toutes-les-enquetes-publiques-cloturees-r2082.html\nArticle     11     :   Ex\u00e9cution du pr\u00e9sent arr\u00eat\u00e9\nLe  secr\u00e9taire  g\u00e9n\u00e9ral  de  la  pr\u00e9fecture  du  Var,  le  maire  de  Villecroze,  le  commissaire\nenqu\u00eateur  sont charg\u00e9s, chacun en ce qui le concerne, de l'ex\u00e9cution du pr\u00e9sent arr\u00eat\u00e9\ndont une copie sera adress\u00e9e  :\n- \u00e0 la sous-pr\u00e9f\u00e8te de l'arrondissement de Draguignan  ;\n- \u00e0 la pr\u00e9sidente du tribunal administratif de Toulon.\nFait \u00e0 Toulon, le 9 SEPTEMBRE 2024\nPour le pr\u00e9fet et par d\u00e9l\u00e9gation\nLe secr\u00e9taire g\u00e9n\u00e9ral de la pr\u00e9fecture du Var\nSign\u00e9 : Lucien GIUDICELLI\n6/6Pr\u00e9fecture du VAR - 83-2024-09-09-00007 - Arr\u00eat\u00e9 pr\u00e9fectoral du 9 septembre 2024 prescrivant l'ouverture de l'enqu\u00eate publique et\nde l'enqu\u00eate parcellaire conjointe pr\u00e9alables, d'une part, \u00e0 la d\u00e9claration d'utilit\u00e9 publique du projet d'am\u00e9nagement d'un carrefour\ngiratoire sur la RD560 au lieu-dit \u00ab\u00a0Barbebelle\u00a0\u00bb et, d'autre part, \u00e0 la cessibilit\u00e9 des immeubles ou parties d'immeubles ou des droits\nr\u00e9els n\u00e9cessaires \u00e0 sa r\u00e9alisation, sur le territoire de la commune de Villecroze, au b\u00e9n\u00e9fice du Conseil d\u00e9partemental du Var.17\nPr\u00e9fecture du VAR\n83-2024-09-08-00001\nArr\u00eat\u00e9 pr\u00e9fectoral n\u00b02024-09-001 ELA du 08\nseptembre 2024 portant r\u00e9glementation\ntemporaire de la circulation sur l'autoroute A57\nsur le territoire des communes de Toulon, La\nGarde et La Valette-du-Var\nPr\u00e9fecture du VAR - 83-2024-09-08-00001 - Arr\u00eat\u00e9 pr\u00e9fectoral n\u00b02024-09-001 ELA du 08 septembre 2024 portant r\u00e9glementation\ntemporaire de la circulation sur l'autoroute A57 sur le territoire des communes de Toulon, La Garde et La Valette-du-Var 18\n=m\nPREFET\nDU  VAR\nLibert\u00e9\nEgalit\u00e9\nFraternit\u00e9\nDirection des s\u00e9curit\u00e9s\nService de l'\u00e9ducation et de la\ns\u00e9curit\u00e9 routi\u00e8res\nP\u00f4le \u00e9tudes et ing\u00e9nierie\n                                      ARR\u00caT\u00c9 PR\u00c9FECTORAL n\u00b0 2024- 09-001 ELA du 08 septembre 2024\nportant r\u00e9glementation temporaire de la circulation sur l'autoroute A57\nsur le territoire des communes de Toulon, La Garde et La Valette-du-Var \nLe pr\u00e9fet du Var,\nVu le Code de la route  ; \nVu le Code de la voirie routi\u00e8re  ;\nVu le d\u00e9cret du 29 novembre 1982 approuvant la convention de concession pass\u00e9e entre l'\u00c9tat et\nla soci\u00e9t\u00e9 de l'autoroute Est\u00e9rel, C\u00f4te d'Azur, Provence Alpes (ESCOTA) en vue de la construction,\nde l'entretien et de l'exploitation des autoroutes conc\u00e9d\u00e9es et ses avenants ult\u00e9rieurs  ;\nVu le d\u00e9cret n\u00b0 2015-1045 du 21 ao\u00fbt 2015 approuvant le transfert de la travers\u00e9e autorouti\u00e8re de \nToulon entre l'\u00c9tat et la soci\u00e9t\u00e9 des autoroutes Est\u00e9rel, C\u00f4te d'Azur, Provence Alpes (ESCOTA)  ;\nVu l'arr\u00eat\u00e9 interminist\u00e9riel du 24 novembre 1967 relatif \u00e0 la signalisation des routes et autoroutes \net des textes subs\u00e9quents  ;\nVu l'arr\u00eat\u00e9 pr\u00e9fectoral n\u00b0 2461 en date du 17 mars 2014, portant approbation du Plan de gestion de\nTrafic de la liaison A50 / A57 et des itin\u00e9raires associ\u00e9s  ;\nVu l'arr\u00eat\u00e9 pr\u00e9fectoral n\u00b0 2020-12-001 BR du 16 d\u00e9cembre 2020, portant modification de l'arr\u00eat\u00e9\npr\u00e9fectoral n\u00b0 2523 du 20 mars 2018, portant r\u00e9glementation de la circulation des v\u00e9hicules de\ntransport de bois ronds dans le d\u00e9partement du Var  ;\nVu l'arr\u00eat\u00e9 pr\u00e9fectoral n\u00b0 2021-03-001 PC  en date du 23 mars 2021, portant modification de l'arr\u00eat\u00e9\npr\u00e9fectoral n\u00b0  2483  en  date  du  23  f\u00e9vrier  2016,  portant  r\u00e9glementation  de  la  police  de  la\ncirculation sur l'autoroute A57  ;\nVu  l'arr\u00eat\u00e9 pr\u00e9fectoral n\u00b0 2023-06-004 ESC en date du 26 juin 2023, autorisant l'ouverture de\nchantiers d'entretien courant ou de r\u00e9paration sur les autoroutes A8, A50 et A57 dans la travers\u00e9e\ndu d\u00e9partement du Var  ;\nVu  l'arr\u00eat\u00e9 pr\u00e9fectoral n \u00b0  2024/13/MCI du 12 avril 2024  portant d\u00e9l\u00e9gation de signature \u00e0 Mme\nJos\u00e9phine GUIGLIANO-BOUTONNET, directrice de cabinet du pr\u00e9fet du Var  ; \nVu la note technique du 14 avril 2016 du minist\u00e8re de l'Environnement, de l'\u00c9nergie et de la Mer\n(DGITM/DIT) relative \u00e0 la coordination des chantiers sur le r\u00e9seau routier national (RRN)  ;\nVu le r\u00e8glement d'exploitation de la soci\u00e9t\u00e9 des autoroutes ESCOTA en date du 27 juin 2023  ;\nVu la demande de la soci\u00e9t\u00e9 des autoroutes ESCOTA en date du 06 ao\u00fbt 2024  ;\nVu l'avis favorable de la Direction G\u00e9n\u00e9rale des Infrastructures, des Transports et des Mobilit\u00e9s sur\nle dossier d'exploitation sous chantier n\u00b0 2024-166 en date du 04 septembre  2024. \nConsid\u00e9rant qu'il convient de r\u00e9glementer la circulation sur l'autoroute A57 , sur le territoire du\nd\u00e9partement  du  Var,  dans  le  sens  Nice  vers  Toulon  pour  assurer  la  s\u00e9curit\u00e9  des  usagers  de\nl'autoroute, des agents de la soci\u00e9t\u00e9 des autoroutes Est\u00e9rel, C\u00f4te d'Azur, Provence Alpes (ESCOTA)\net des personnels de l'entreprise charg\u00e9s d'effectuer les travaux d'\u00e9largissement \u00e0 deux fois trois\nvoies de l'autoroute A57  ; \nConsid\u00e9rant que l'avanc\u00e9e des travaux de l'\u00e9largissement de l'autoroute A57 ainsi que le phasage\nmis en place rendent d'ores et d\u00e9j\u00e0 possible la circulation sur la troisi\u00e8me voie dans certains\nsecteurs ; \nArr\u00eat\u00e9 pr\u00e9fectoral n\u00b0 2024-09 -001 ELA                                                                                                                                                             Page 1/2\nPr\u00e9fecture du VAR - 83-2024-09-08-00001 - Arr\u00eat\u00e9 pr\u00e9fectoral n\u00b02024-09-001 ELA du 08 septembre 2024 portant r\u00e9glementation\ntemporaire de la circulation sur l'autoroute A57 sur le territoire des communes de Toulon, La Garde et La Valette-du-Var 19\nConsid\u00e9rant  la n\u00e9cessit\u00e9 de fluidifier le trafic routier, de faciliter la circulation des usagers et\nd'optimiser les d\u00e9placements des services de secours, des forces de l'ordre ainsi que les v\u00e9hicules\nde d\u00e9pannage en cas d'urgence, il convient de mettre en circulation de fa\u00e7on anticip\u00e9e certains\ntron\u00e7ons achev\u00e9s de la troisi\u00e8me voie d\u00e9j\u00e0 termin\u00e9s  ;\nSur proposition de la directrice de cabinet du pr\u00e9fet du Var ,\nARR\u00caTE :\nArticle 1  er   : La troisi\u00e8me voie du tron\u00e7on de l'autoroute A57 dans le sens Nice vers Toulon situ\u00e9\nentre le PR 6.760 (bifurcation de Pierre Ronde) et le PR 4.380  (diffuseur N\u00b05a \u00ab  La Valette Nord \u00bb)\nqui s'\u00e9tend sur 1500m est mise en circulation \u00e0 co mpter du 24 septembre 2024 (plan en an nexe\ntron\u00e7on 1)\nArticle 2     :   La troisi\u00e8me voie du tron\u00e7on de l'autoroute A57 dans le sens Nice vers Toulon situ\u00e9\nentre le PR 4.380 (diffuseur N\u00b05a \u00ab  La Valette Nord \u00bb) et le PR 2.510 (diffuseur N\u00b03 \u00ab  La Valette\nCentre \u00bb) qui s'\u00e9tend sur 1300m est mise en circulation \u00e0 compter du  24 septembre 2024 (plan en\nannexe tron\u00e7on 2)  \nArticle 3     :    Afin d'offrir le maximum de s\u00e9curit\u00e9 aux usagers et aux personnels \u00e9voluant sur le\nchantier, les modes d'exploitation retenus sont les suivants  :\n\uf0b7R\u00e9duction  de  la  largeur  des  voies  d\u00e9limit\u00e9es  par  un  marquage  provisoire  jaune.  Les\nlargeurs minimales par voie sont  : Voie de droite (collectrice) \u00e0 3,20 m, voie m\u00e9diane \u00e0\n3,20 m et voie de gauche \u00e0 2,8 m.\n\uf0b7Neutralisation de la  bande d'arr\u00eat d'urgence  (BAU).\n\uf0b7Interdiction de doubler pour les v\u00e9hicules de plus de 3,5 T.\n\uf0b7Pendant toute la dur\u00e9e des travaux, la vitesse autoris\u00e9e est limit\u00e9e \u00e0 70 km/h sur les zones\nde voies r\u00e9duites.\nArticle 4 : Les signalisations temporaires et l'information des usagers,  r\u00e9pondant \u00e0 la description\ndu pr\u00e9sent arr\u00eat\u00e9, sont mises en place, entretenues et surveill\u00e9es par les services d'exploitation de\nla soci\u00e9t\u00e9 des autoroutes Est\u00e9rel, C\u00f4te d'Azur, Provence, Alpes (ESCOTA) , ou leurs partenaires,\npendant toute la p\u00e9riode des travaux.\nArticle 5     :   La directrice de cabinet du pr\u00e9fet du Var, le pr\u00e9sident du conseil d\u00e9partemental du Var,\nle  commandant  du  groupement  de  gendarmerie  d\u00e9partementale  du  Var,  le  directeur  de  la\ndirection interd\u00e9partementale de la police nationale du Var, le chef du d\u00e9tachement de Toulon de\nla CRS autorouti\u00e8re Provence, le directeur d\u00e9partemental des services d'incendie et de secours du\nVar, les maires des communes de Toulon, La Garde et La Valette-du-Var, le directeur de la soci\u00e9t\u00e9\ndes autoroutes Est\u00e9rel, C\u00f4te d'Azur, Provence Alpes, sont charg\u00e9s, chacun en ce qui le concerne,\nde l'ex\u00e9cution du pr\u00e9sent arr\u00eat\u00e9 qui sera publi\u00e9 au recueil des actes administratifs de la pr\u00e9fecture\ndu Var.\nFait \u00e0 Toulon, le 08 septembre 2024\nPour le Pr\u00e9fet et par d\u00e9l\u00e9gation, \n       La directrice de Cabinet\nsign\u00e9 : Jos\u00e9phine GUIGLIANO-BOUTONNET\nConform\u00e9ment aux dispositions de l'article R. 421-1 et suivants du Code de justice administrative, le pr\u00e9sent arr\u00eat\u00e9 peut faire l'objet, dans\nun d\u00e9lai de deux mois, \u00e0 compter de sa parution  :\n\u2013  d'un recours administratif (recours gracieux aupr\u00e8s du pr\u00e9fet du Var ou recours hi\u00e9rarchique aupr\u00e8s du ministre de l'Int\u00e9rieur)\n\u2013 d'un  recours  contentieux  devant  le  tribunal  administratif  de  Toulon.  Le  tribunal  administratif  peut  \u00eatre  saisi  par  l'application\ninformatique \u00ab T\u00e9l\u00e9recours citoyens \u00bb accessible par le site Internet www.telerecours.fr\nArr\u00eat\u00e9 pr\u00e9fectoral n\u00b0 2024-09 -001 ELA                                                                                                                                                             Page 2/2Pr\u00e9fecture du VAR - 83-2024-09-08-00001 - Arr\u00eat\u00e9 pr\u00e9fectoral n\u00b02024-09-001 ELA du 08 septembre 2024 portant r\u00e9glementation\ntemporaire de la circulation sur l'autoroute A57 sur le territoire des communes de Toulon, La Garde et La Valette-du-Var 20","date":"2024-09-10","first_seen_on":"2024-09-10T15:13:54+00:00","id":"0e628afe8b314011b3e7e63d21f75154e36c5b95ee79c37e790b0ccd2fc9f5d4","name":"RAA N\u00b0244 du 10 septembre 2024","pdf_creation_date":"2024-09-10T14:08:31+00:00","pdf_modification_date":null,"timezone":"Europe/Paris","url":"https://www.var.gouv.fr/contenu/telechargement/36199/239907/file/RAA%20N%C2%B0244%20du%2010%20septembre%202024.pdf"}
