{"administration":"pref83","administration_name":"Pr\u00e9fecture du Var","content":"VAR\nRECUEIL DES ACTES\nADMINISTRATIFS\nN\u00b083-2026-008\nPUBLI\u00c9 LE  8 JANVIER 2026\nSommaire\nCentre hospitalier Henri Gu\u00e9rin Pierrefeu / Direction CH-Pierrefeu\n83-2026-01-07-00003 - N\u00b0 2026 01 05 - D\u00e9cision portant constitution du\ncoll\u00e8ge (1 page) Page 3\nDirection d\u00e9partementale de la protection des populations  du Var / P\u00f4le\n\u00e9tablissement recevant du public DDPP\n83-2026-01-07-00002 - GR\u00c9MENT D'UN CENTRE POUR LA FORMATION\nDU PERSONNEL PERMANENT DES SERVICES DE S\u00c9CURIT\u00c9 INCENDIE  (3\npages) Page 5\nEHPAD L'Escandihado Flassans sur Issole / Direction de l'EHPAD de Flassan\n83-2025-12-19-00009 - D\u00e9cision portant d\u00e9l\u00e9gation de signature (3\npages) Page 9\n83-2025-12-19-00010 - D\u00e9cision portant d\u00e9signation d'ordonnateur\nsuppl\u00e9ant (3 pages) Page 13\nPr\u00e9fecture du VAR / Direction des s\u00e9curit\u00e9s\n83-2026-01-06-00013 - AP-2025-12-08 PERFORMA SUD ajout de salle  (2\npages) Page 17\n2\nCentre hospitalier Henri Gu\u00e9rin Pierrefeu\n83-2026-01-07-00003\nN\u00b0 2026 01 05 - D\u00e9cision portant constitution du\ncoll\u00e8ge\nCentre hospitalier Henri Gu\u00e9rin Pierrefeu - 83-2026-01-07-00003 - N\u00b0 2026 01 05 - D\u00e9cision portant constitution du coll\u00e8ge 3\n \nCENTRE HOSPITALIER HENRI GUERIN \nQuartier Barnencq \n83390 PIERREFEU DU VAR \n \n \nDECISION N\u00b02026/01/05 \n \nPORTANT CONSTITUTION DU COLLEGE DE L'ARTICLE L 3211-2 \nDU CODE DE LA SANTE PUBLIQUE \n \n \nLE DIRECTEUR \n \nVu le Code de Sant\u00e9 Publique et notamment l'article L 3211-9, \n \nVu la Loi n\u00b02009-879 du 21 juillet 2009 portant r\u00e9forme de l'h\u00f4pital et relative aux patients, \u00e0 \nla sant\u00e9 et aux territoires, \n \nVu la Loi n\u00b02011 -803 du 5 juillet 2011 modifi\u00e9e relative aux droits et \u00e0 la protection des \npersonnes faisant l'objet de soins psychiatriques et aux modalit\u00e9s de leur prise en charge,  \n \nVu le d\u00e9cret d'application n\u00b0  2011-847 du 18 juillet 2011 relatif aux droits et \u00e0 la protection \ndes personnes faisant l'objet de soins psychiatriques et aux modalit\u00e9s de leur prise en \ncharge, \n \nDECIDE \nArticle 1 : \n \nIl est constitu\u00e9 un coll\u00e8ge sur le fondement de l'article L 3211 -9 du Code de la Sant\u00e9 \nPublique. \n \nCe coll\u00e8ge est constitu\u00e9 pour chacun des patients concern\u00e9s par son champ de comp\u00e9tence \npar : \n \n1\u00b0) \u2013 Le Docteur CHIBOUB Abdelhakim, Psychiatre responsable, \u00e0 titre principal du patient \ndont la situation sera examin\u00e9e, \n \n2\u00b0) \u2013 GAVOILLE Julie  ( I nfirmi\u00e8re, repr\u00e9sentant l'\u00e9quipe pluridisciplinaire participant \u00e0 la \nprise en charge des patients, \n \n3\u00b0) \u2013 Le Docteur CONTIE D\u00e9miane, Psychiatre  \n \nArticle 2 : \n \nLa pr\u00e9sente d\u00e9cision est \u00e0 effet imm\u00e9diat. \n \nElle fera l'objet d'une publication par tous moyens la rendant consultable et sera notamment \npubli\u00e9e au Recueil des actes administratifs de la Pr\u00e9fecture du Var. \n \nPierrefeu-du-Var, le Mardi 06 Janvier 2026 \n \n                                                            Pour le Directeur et P.O, \n                                                                       L'Attach\u00e9e d'Administration Hospitali\u00e8re \n \n                                                       Sign\u00e9 : BIANCHINI Sabine \n \n \nCentre hospitalier Henri Gu\u00e9rin Pierrefeu - 83-2026-01-07-00003 - N\u00b0 2026 01 05 - D\u00e9cision portant constitution du coll\u00e8ge 4\nDirection d\u00e9partementale de la protection des\npopulations  du Var\n83-2026-01-07-00002\nGR\u00c9MENT D'UN CENTRE POUR LA FORMATION\nDU PERSONNEL PERMANENT DES SERVICES DE\nS\u00c9CURIT\u00c9 INCENDIE \nDirection d\u00e9partementale de la protection des populations  du Var - 83-2026-01-07-00002 - GR\u00c9MENT D'UN CENTRE POUR LA\nFORMATION DU PERSONNEL PERMANENT DES SERVICES DE S\u00c9CURIT\u00c9 INCENDIE 5\n=mPREFETDU VARLibert\u00e9Egalit\u00e9Fraternit\u00e9\nDirection d\u00e9partementale\nde la protection des populations\nP\u00f4le \u00ab \u00c9tablissements recevant du public \u00bb (ERP)\nARR\u00caT\u00c9 PR\u00c9FECTORAL N\u00b0 26/002 DU 7 JANVIER 2026, MODIFIANT L'ARR\u00caT\u00c9 \nPR\u00c9FECTORAL DU 17 MARS 2022 PORTANT RENOUVELLEMENT DE L'AGR\u00c9MENT \nD'UN CENTRE POUR LA FORMATION DU PERSONNEL PERMANENT DES SERVICES \nDE S\u00c9CURIT\u00c9 INCENDIE DES \u00c9TABLISSEMENTS RECEVANT DU PUBLIC ET DES \nIMMEUBLES DE GRANDE HAUTEUR\nLe Pr\u00e9fet du Var,\nChevalier de la L\u00e9gion d'honneur,\nChevalier de l'ordre national du m\u00e9rite,\nVU le code de la construction et de l'habitation ;\nVU le code du travail, et notamment les articles L. 920-1 \u00e0 L. 920-13 ;\nVU  l'arr\u00eat\u00e9  du  18  octobre  1977  modifi\u00e9  portant  r\u00e8glement  de  s\u00e9curit\u00e9  pour  la \nconstruction des immeubles de grande hauteur et leur protection contre les risques  \nd'incendie et de panique, et notamment les articles GH 60, GH 62 et GH 63 ;\nVU l'arr\u00eat\u00e9 du 25 juin 1980 modifi\u00e9 portant approbation des dispositions g\u00e9n\u00e9rales du \nr\u00e8glement  de  s\u00e9curit\u00e9  contre  les  risques  d'incendie  et  de  panique  dans  les \n\u00e9tablissements recevant du public et notamment les articles MS 46, MS 47 et MS 48 ;\nVU l'arr\u00eat\u00e9 du 2 mai 2005 relatif aux missions, \u00e0 l'emploi et \u00e0 la qualification du  \npersonnel permanent des services de s\u00e9curit\u00e9 incendie des \u00e9tablissements recevant  \ndu public et des immeubles de grande hauteur et notamment l'article 12 ;\nVU l'arr\u00eat\u00e9 pr\u00e9fector al du  17 mars 2022  portant renouvellement d'agr\u00e9me nt d'un  \ncentre pour la formation du personnel permanent des services de s\u00e9curit\u00e9 incendie  \ndes  \u00e9tablissements  recevant  du  public  et  des  immeubles  de  grande  \nhauteur d\u00e9nomm\u00e9 AZS Formation ;\nVU l'arr\u00eat\u00e9  pr\u00e9fectoral  n\u00b0  2025/24/MCI,  du  02  juin  2025,  portant  d\u00e9l\u00e9gation  de \nsignature \u00e0 Madame Nathalie GUERSON, Directrice d\u00e9partementale de la protection  \ndes populations du Var,\nVU l'arr\u00eat\u00e9 n\u00b0 25/141 du 1er juillet 2025, portant subd\u00e9l\u00e9gation de signature \u00e0 Monsieur \nJean-Fran\u00e7ois  CARRI\u00c9,  directeur  d\u00e9partemental  adjoint  de  la  protection  des  \npopulations du Var ;\n1/3\nDirection d\u00e9partementale de la protection des populations  du Var - 83-2026-01-07-00002 - GR\u00c9MENT D'UN CENTRE POUR LA\nFORMATION DU PERSONNEL PERMANENT DES SERVICES DE S\u00c9CURIT\u00c9 INCENDIE 6\nVU la demande du 27 novembre 2025 exprim\u00e9e par M. BENJANKHAR Zouhire, g\u00e9rant \nde la soci\u00e9t\u00e9 AZS Formation, compl\u00e9t\u00e9e par la production d'un dossier ;\nSUR  proposition  de  Madame  la  directrice  d\u00e9partementale  de  la  protection  des \npopulations,\nARR\u00caTE\nARTICLE  1 :  L'annexe  1,  jointe  \u00e0  l'arr\u00eat\u00e9  du  17  mars  2022  et  du  26  ao\u00fbt  2024, \nconcernant  la  liste  des  formateurs  de  l'organisme  AZS  FORMATION  (Agr\u00e9ment \nN\u00b08317) est modifi\u00e9e comme suit.\nLe reste de l'arr\u00eat\u00e9 demeure inchang\u00e9. \nARTICLE 7 : La Directrice d\u00e9partementale de la protection des populations et le\nDirecteur d\u00e9partemental des services d'incendie et de secours sont charg\u00e9s, chacun\nen ce qui le concerne, de l'ex\u00e9cution du pr\u00e9sent arr\u00eat\u00e9, qui sera publi\u00e9 au Recueil des\nActes Administratifs de la Pr\u00e9fecture du Var.\nARTICLE 8 : Le pr\u00e9sent arr\u00eat\u00e9 peut faire l'objet d'un recours contentieux devant le\nTribunal Administratif de Toulon, dans un d\u00e9lai de deux mois, \u00e0 compter de la date  \nde sa publication.\nToulon, le 7 janvier 2026,\nLe Directeur d\u00e9partemental adjoint\nde la Protection des Populations,\nSign\u00e9\nJean-Fran\u00e7ois CARRI\u00c9\n2/3\nDirection d\u00e9partementale de la protection des populations  du Var - 83-2026-01-07-00002 - GR\u00c9MENT D'UN CENTRE POUR LA\nFORMATION DU PERSONNEL PERMANENT DES SERVICES DE S\u00c9CURIT\u00c9 INCENDIE 7\nANNEXE 1\nLISTE DES FORMATEURS AZS FORMATION\nFormations SSIAP\n M. Elyad ZERROUKI \u2013 qualification SSIAP 2\n M. Walid SHILI \u2013 qualification SSIAP 3\n M. Cl\u00e9ment RODRIGUEZ \u2013 qualification SSIAP 3\nM. Jacques LUZI-MIFSUD \u2013 qualification SSIAP 2\nM. William ANDRIN \u2013 qualification SSIAP 1\nM. Jean-Philippe SCHURR \u2013 qualification SSIAP 1\nM. Antoine GOMEZ \u2013 qualification SSIAP 2\nM. BUONOMANO Jean-Vincent \u2013 qualification SSIAP 3\nPr\u00e9fecture du Var\nDDPP \u2013 \u00c9tablissements Recevant du Public & Classement Touristique\nBoulevard du 112\u00e8me R\u00e9giment d'Infanterie \u2013 CS 31209 \u2013 83070 TOULON CEDEX\nDirection d\u00e9partementale de la protection des populations  du Var - 83-2026-01-07-00002 - GR\u00c9MENT D'UN CENTRE POUR LA\nFORMATION DU PERSONNEL PERMANENT DES SERVICES DE S\u00c9CURIT\u00c9 INCENDIE 8\nEHPAD L'Escandihado Flassans sur Issole\n83-2025-12-19-00009\nD\u00e9cision portant d\u00e9l\u00e9gation de signature\nEHPAD L'Escandihado Flassans sur Issole - 83-2025-12-19-00009 - D\u00e9cision portant d\u00e9l\u00e9gation de signature 9\nMaison de RetraiteL'ESCANDIHADO\nANSoar\nMaison de Retraite l'Escandihado \u2013 560 avenue du G\u00e9n\u00e9ral de Gaulle \u2013 83340 FLASSANS SUR ISSOLE \nT\u00e9l : 04.94.80.99.20 \u2013 Fax : 04.94.86.14.01 \u2013 directeur.lescandihado@orange.fr \u2013 site : www.lescandihado.fr  \n \n \n \n \n \n \nDECISION \n \nPORTANT DELEGATION DE SIGNATURE \n \n \n \nLe Directeur de L'EHPAD L'ESCANDIHADO de FLASSANS-SUR-ISSOLE, \n \n \nVu  le Code de l'action sociale et des familles , et notamment ses articles L315 -17, D315 -67 et \nsuivants ; \n \nVu  le Code de la commande publique ; \n \nVu  le code g\u00e9n\u00e9ral de la fonction publique ; \n \nVu le d\u00e9cret n\u00b02005 -921 du 2 ao\u00fbt 2005 portant statut particulier des grades et emplois des \npersonnels de direction des \u00e9tablissements mentionn\u00e9s \u00e0 l'article 2 (1\u00b0, 2\u00b0 et 3\u00b0) de la loi du 9 \njanvier 1986 portant dispositions statutaires relatives \u00e0 la fonction publique hospitali\u00e8re, \nmodifi\u00e9 par le d\u00e9cret n\u00b02007-704 du 4 mai 2007, le d\u00e9cret n\u00b02007 -1927 du 26 d\u00e9cembre 2007 \net le d\u00e9cret n\u00b02010-259 du 11 mars 2010 ; \n \nVu le d\u00e9cret n\u00b02010-262 du 11 mars 2010 mod ifiant le d\u00e9cret n\u00b02007-1930 du 26 d\u00e9cembre 2007 \nportant statut particulier du corps des directeurs d'\u00e9tablissements sanitaires, sociaux et \nm\u00e9dico-sociaux de la fonction publique hospitali\u00e8re ;  \n \nVu la convention de direction commune  en date du 26 octobre 2020 entre les centres hospitaliers \nde Brignoles, du Luc-en-Provence et l'EHPAD de Flassans-sur-Issole ;  \n \nVu l'arr\u00eat\u00e9 du Directeur G\u00e9n\u00e9ral de l'Agence R\u00e9gionale de Sant\u00e9 PACA, du 22 juin 2021, \nN\u00b02021FUSION06-0045 portant fusion absorption du Centre Hospit alier du Luc en Provence \npar le Centre Hospitalier Jean Marcel de BRIGNOLES, au 1er janvier 2022;  \n \nVu l'avenant N\u00b01 en date du 23 juillet 2021 \u00e0 la convention de direction commune en date du 26 \noctobre 2020, entre le Centre Hospitalier de Brignoles \u2013 Le L uc en Provence et l'EHPAD \nl'Escandihado de Flassans sur Issole ; \n \nVu l'arr\u00eat\u00e9 de la Directrice G\u00e9n\u00e9rale du Centre National de Gestion, nommant M. Damien \nFLOUREZ, Directeur au Centre Hospitalier Intercommunal de Brignoles - Le Luc -en-\nProvence et de l'EHPAD l'Escandihado de Flassans-sur-Issole, \u00e0 compter du 1er mars 2022 ; \n \n \nEHPAD L'Escandihado Flassans sur Issole - 83-2025-12-19-00009 - D\u00e9cision portant d\u00e9l\u00e9gation de signature 10\nMaison de Retraite l'Escandihado \u2013 560 avenue du G\u00e9n\u00e9ral de Gaulle \u2013 83340 FLASSANS SUR ISSOLE \nT\u00e9l : 04.94.80.99.20 \u2013 Fax : 04.94.86.14.01 \u2013 directeur.lescandihado@orange.fr \u2013 site : www.lescandihado.fr  \nVu l'arr\u00eat\u00e9 de la Directrice G\u00e9n\u00e9rale du Centre National de Ge stion, en date du 15 d\u00e9cembre  \n2025, nommant Monsieur BARBASTE David , Directeur Adjoint , au Centre Hospitalier \nIntercommunal de Brignoles- Le Luc-en-Provence et de l'EHPAD l'Escandihado de Flassans -\nsur-Issole, \u00e0 compter du 1er janvier 2026 ; \n \n \n \n \n \nDECIDE \n \n \nARTICLE I  : Sont de la comp\u00e9tence sp\u00e9cifique du Directeur de l'EHPAD l'Escandihado de \nFlassans-sur-Issole: \n \n\uf02d Les conventions de transactions conclues en application de l'article 2044 du Code civil ; \n\uf02d Les autres conventions et accords conclus avec des organismes ext\u00e9rieurs g\u00e9n\u00e9rant ou \nsusceptibles de g\u00e9n\u00e9rer des charges financi\u00e8res impr\u00e9vues pour l'institution ; \n\uf02d Les actes relatifs aux op\u00e9rations immobili\u00e8res ; \n\uf02d Les d\u00e9cisions relatives aux dons et legs. \n \n \nARTICLE II :  \nD\u00e9l\u00e9gation est donn\u00e9e \u00e0 M. BARBASTE David, Directeur Adjoint, charg\u00e9 de la direction d\u00e9l\u00e9gu\u00e9e de \nl'EHPAD l'Escandihado de Flassans-sur-Issole, \u00e0 l'effet de signer tous actes administratifs, documents \net correspondances relevant de la gestion courante relative aux besoin s de fonctionnement de \nl'\u00e9tablissement, \u00e0 l'accueil et au suivi des personnes b\u00e9n\u00e9ficiaires d'une prise en charge et aux \npersonnels. \n \n \nARTICLE III : Cette d \u00e9l\u00e9gation de signature doit \u00eatre exerc\u00e9e dans le cadre du strict respect des \nautorisations budg\u00e9taires, des d\u00e9cisions internes, du respect des lois, r\u00e8glements et dispositions en \nvigueur. \n \n \nARTICLE IV : Le d\u00e9l\u00e9gataire rendra compte p\u00e9riodiquement de sa d\u00e9l\u00e9gation au Directeur, ainsi que \nde toute difficult\u00e9 s\u00e9rieuse, av\u00e9r\u00e9e, pr\u00e9visionnelle ou pressentie et toute situation particuli\u00e8re \nrencontr\u00e9e dans son exercice. \n \nARTICLE V : La pr\u00e9sente d\u00e9cision prend fin \u00e0 l'initiative du D\u00e9l\u00e9gant soussign\u00e9 , \u00e0 tout moment , et \nnotamment en cas de non-ex\u00e9cution des obligations ou dans le cas d'un changement dans la personne \ndu d\u00e9l\u00e9gataire. \n \n \nARTICLE VII : La pr\u00e9sente d\u00e9cision prend effet \u00e0 compter du 1er janvier 2026. \n \n \n \n \n \n \n \nEHPAD L'Escandihado Flassans sur Issole - 83-2025-12-19-00009 - D\u00e9cision portant d\u00e9l\u00e9gation de signature 11\nMaison de Retraite l'Escandihado \u2013 560 avenue du G\u00e9n\u00e9ral de Gaulle \u2013 83340 FLASSANS SUR ISSOLE \nT\u00e9l : 04.94.80.99.20 \u2013 Fax : 04.94.86.14.01 \u2013 directeur.lescandihado@orange.fr \u2013 site : www.lescandihado.fr  \n \n \nARTICLE VIII : Conform\u00e9ment aux exigences de l'article D315-70 du code de l'action sociale et des \nfamilles, la pr\u00e9sente d\u00e9cision est transmise pour attribution \u00e0 M. BARBASTE David , Directeur \nAdjoint, charg\u00e9 de la direction d\u00e9l\u00e9gu\u00e9e de l'EHPAD l'Escandihado de Flassans -sur-Issole, et pour \ninformation, au comptable de l'\u00e9tablissement. \nElle est communiqu\u00e9e au Conseil d'Administration de l'EHPAD l'Escandihado de Flassans-sur-Issole.  \nElle fait l'objet d'une publication au sein de l'\u00e9tablissement ainsi qu'au recueil des actes administratifs \nde la pr\u00e9fecture du VAR.  \n \n \nARTICLE IX : La pr\u00e9sente d\u00e9cision pourra faire l'objet d'un recours pour exc\u00e8s de pouvoir qui sera \nport\u00e9 devant le Tribunal Administratif de Toulon dans un d\u00e9lai de deux mois \u00e0 compter de sa \nnotification aux int\u00e9ress\u00e9s et de sa publication pour les tiers. \n \nFAIT A FLASSANS-SUR-ISSOLE, LE 19 DECEMBRE 2025, \n \n \nLe Directeur, \n \nSign\u00e9 \n \nDamien FLOUREZ \n \n \nEHPAD L'Escandihado Flassans sur Issole - 83-2025-12-19-00009 - D\u00e9cision portant d\u00e9l\u00e9gation de signature 12\nEHPAD L'Escandihado Flassans sur Issole\n83-2025-12-19-00010\nD\u00e9cision portant d\u00e9signation d'ordonnateur\nsuppl\u00e9ant\nEHPAD L'Escandihado Flassans sur Issole - 83-2025-12-19-00010 - D\u00e9cision portant d\u00e9signation d'ordonnateur suppl\u00e9ant 13\nMaison de RetraiteL'ESCANDIHADO\nANSoar\nMaison de Retraite l'Escandihado \u2013 560 avenue du G\u00e9n\u00e9ral de Gaulle \u2013 83340 FLASSANS SUR ISSOLE \nT\u00e9l : 04.94.80.99.20 \u2013 Fax : 04.94.86.14.01 \u2013 directeur.lescandihado@orange.fr \u2013 site : www.lescandihado.fr  \n \n \n \n \n \n \nDECISION \nPORTANT DESIGNATION D'ORDONNATEUR SUPPLEANT  \n \n \nLe Directeur de L'EHPAD L'ESCANDIHADO de FLASSANS-SUR-ISSOLE, \n \n \nVu  le Code de l'action sociale et des familles, et notamment ses articles L315 -17, D315 -67 et \nsuivants ; \n \nVu  le Code de la commande publique ; \n \nVu  Le code g\u00e9n\u00e9ral de la fonction publique ; \n \nVu le d\u00e9cret n\u00b02005 -921 du 2 ao\u00fbt 2005 portant statut particulier des grades et emplois des \npersonnels de direction des \u00e9tablissements mentionn\u00e9s \u00e0 l'article 2 (1\u00b0, 2\u00b0 et 3\u00b0) de la loi du 9 \njanvier 1986 portant dispositions statutaires relatives \u00e0 la fonction publique hospitali\u00e8re, \nmodifi\u00e9 par le d\u00e9cret n\u00b02007-704 du 4 mai 2007, le d\u00e9cret n\u00b02007 -1927 du 26 d\u00e9cembre 2007 \net le d\u00e9cret n\u00b02010-259 du 11 mars 2010 ; \n \nVu le d\u00e9cret n\u00b02010-262 du 11 mars 2010 modifiant le d\u00e9cret n\u00b02007 -1930 du 26 d\u00e9cembre 2007 \nportant statut particulier du corps des directeurs d'\u00e9tablissements sanitaires, sociaux et \nm\u00e9dico-sociaux de la fonction publique hospitali\u00e8re ; \n \nVu la convention de direction commune en date du 2 6 octobre 2020 entre les centres hospitaliers \nde Brignoles, du Luc-en-Provence et l'EHPAD de Flassans-sur-Issole ;  \n \nVu l'arr\u00eat\u00e9 du Directeur G\u00e9n\u00e9ral de l'Agence R\u00e9gionale de Sant\u00e9 PACA, du 22 juin 2021, \nN\u00b02021FUSION06-0045 portant fusion absorption du Cen tre Hospitalier du Luc en Provence \npar le Centre Hospitalier Jean Marcel de BRIGNOLES, au 1er janvier 2022;  \n \nVu l'avenant N\u00b01 en date du 23 juillet 2021 \u00e0 la convention de direction commune en date du 26 \noctobre 2020, entre le Centre Hospitalier de Brigno les \u2013 Le Luc en Provence et l'EHPAD \nl'Escandihado de Flassans sur Issole ; \n \nVu l'arr\u00eat\u00e9 de la Directrice G\u00e9n\u00e9rale du Centre National de Gestion, nommant M. Damien \nFLOUREZ, Directeur au Centre Hospitalier Intercommunal de Brignoles - Le Luc -en-\nProvence et de l'EHPAD l'Escandihado de Flassans-sur-Issole, \u00e0 compter du 1er mars 2022 ; \n \n \nVu l'arr\u00eat\u00e9 de la Directrice G\u00e9n\u00e9rale du Centre National de Gestion, en date du 15 d\u00e9cembre \n2025, nommant Monsieur BARBASTE David , Directeur Adjoint, au Centre Hospitalier \nIntercommunal de Brignoles- Le Luc-en-Provence et de l'EHPAD l'Escandihado de Flassans -\nsur-Issole, \u00e0 compter du 1er janvier 2026 ; \nEHPAD L'Escandihado Flassans sur Issole - 83-2025-12-19-00010 - D\u00e9cision portant d\u00e9signation d'ordonnateur suppl\u00e9ant 14\nMaison de Retraite l'Escandihado \u2013 560 avenue du G\u00e9n\u00e9ral de Gaulle \u2013 83340 FLASSANS SUR ISSOLE \nT\u00e9l : 04.94.80.99.20 \u2013 Fax : 04.94.86.14.01 \u2013 directeur.lescandihado@orange.fr \u2013 site : www.lescandihado.fr  \n \n \n \nDECIDE \n \n \nARTICLE I  : Sont de la comp\u00e9tence sp\u00e9cifique du Directeur  de l'EHPAD l'Escandihado de \nFlassans-sur-Issole: \n \n\uf02d Les conventions de transactions conclues en application de l'article 2044 du Code civil ; \n\uf02d Les autres conventions et accords conclus avec des organismes ext\u00e9rieurs g\u00e9n\u00e9rant ou \nsusceptibles de g\u00e9n\u00e9rer des charges financi\u00e8res impr\u00e9vues pour l'institution ; \n\uf02d Les actes relatifs aux op\u00e9rations immobili\u00e8res ; \n\uf02d Les d\u00e9cisions relatives aux dons et legs. \n \n \nARTICLE II  : Par d\u00e9l\u00e9gation de signature du Directeur de l'EHPAD de Flassans -sur-Issole, est \nd\u00e9sign\u00e9 en qualit\u00e9 d'ordonnateur suppl\u00e9ant , \u00e0 l'effet de signer les actes li\u00e9s aux fonctions \nd'ordonnateurs des recettes et des d\u00e9penses : \n \n\uf0d8 M. BARBASTE David , Directeur  Adjoint, charg\u00e9 de la direction d\u00e9l\u00e9gu\u00e9e de \nl'EHPAD l'Escandihado de Flassans-sur-Issole, ; \n \n \nARTICLE III : Cette d\u00e9l\u00e9gation de signature doit \u00eatre exerc\u00e9e dans le cadre du strict respect des \nautorisations budg\u00e9taires, des d\u00e9cisions internes, du respect des lois, r\u00e8glements et dispositions en \nvigueur. \n \n \nARTICLE IV : Le d\u00e9l\u00e9gataire rendra compte p\u00e9riodiquement de sa d\u00e9l\u00e9gation au Directeur, ainsi que \nde toute difficult\u00e9 s\u00e9r ieuse, av\u00e9r\u00e9e, pr\u00e9visionnelle ou pressentie et toute situation particuli\u00e8re \nrencontr\u00e9e dans son exercice. \n \n \nARTICLE V : La pr\u00e9sente d\u00e9cision prend fin \u00e0 l'initiative du D\u00e9l\u00e9gant soussign\u00e9, \u00e0 tout moment, et \nnotamment en cas de non -ex\u00e9cution des obligations ou dans le cas d'un changement dans la personne \ndu d\u00e9l\u00e9gataire. \n \n \nARTICLE VI : La pr\u00e9sente d\u00e9cision prend effet \u00e0 compter du 1er janvier 2026. \n \n \nARTICLE VII: Conform\u00e9ment aux exigences de l'article D315-70 du code de l'action sociale et des \nfamilles, la p r\u00e9sente d\u00e9cision est transmise pour attribution \u00e0 M. BARBASTE David , Directeur \nAdjoint, charg\u00e9 de la direction d\u00e9l\u00e9gu\u00e9e de l'EHPAD l'Escandihado de Flassans -sur-Issole, et pour \ninformation, au comptable de l'\u00e9tablissement. \nElle est communiqu\u00e9e au Conseil d'Administration de l'EHPAD l'Escandihado de Flassans-sur-Issole.  \nElle fait l'objet d'une publication au sein de l'\u00e9tablissement ainsi qu'au recueil des actes administratifs \nde la pr\u00e9fecture du VAR.  \n \n \n \nEHPAD L'Escandihado Flassans sur Issole - 83-2025-12-19-00010 - D\u00e9cision portant d\u00e9signation d'ordonnateur suppl\u00e9ant 15\nMaison de Retraite l'Escandihado \u2013 560 avenue du G\u00e9n\u00e9ral de Gaulle \u2013 83340 FLASSANS SUR ISSOLE \nT\u00e9l : 04.94.80.99.20 \u2013 Fax : 04.94.86.14.01 \u2013 directeur.lescandihado@orange.fr \u2013 site : www.lescandihado.fr  \n \n \n \n \nARTICLE VIII : La pr\u00e9sente d\u00e9cision pourra faire l'objet d'un recours pour exc\u00e8s de pouvoir qui sera \nport\u00e9 devant le Tribunal Administratif de Toulon dans un d\u00e9lai de deux mois \u00e0 compter de sa \nnotification aux int\u00e9ress\u00e9s et de sa publication pour les tiers. \n \n \n \nFAIT A FLASSANS-SUR-ISSOLE, LE 19 DECEMBRE 2025, \n \n \nLe Directeur, \n \nSign\u00e9 \n \nDamien FLOUREZ \n \nEHPAD L'Escandihado Flassans sur Issole - 83-2025-12-19-00010 - D\u00e9cision portant d\u00e9signation d'ordonnateur suppl\u00e9ant 16\nPr\u00e9fecture du VAR\n83-2026-01-06-00013\nAP-2025-12-08 PERFORMA SUD ajout de salle \nPr\u00e9fecture du VAR - 83-2026-01-06-00013 - AP-2025-12-08 PERFORMA SUD ajout de salle 17\nzsPREFETDU VARLibert\u00e9Egalit\u00e9Fraternit\u00e9\n      Direction des S\u00e9curit\u00e9s\n      Service de l'\u00c9ducation \n      et de la S\u00e9curit\u00e9 Routi\u00e8res\n       P\u00f4le \u00c9ducation Routi\u00e8re\nARR\u00caT\u00c9 PR\u00c9FECTORAL n\u00b0 2025-12-08\nportant modification d'un agr\u00e9ment d'un Centre charg\u00e9 d'organiser les Stages de \nSensibilisation \u00e0 la S\u00e9curit\u00e9 Routi\u00e8re\nLe Pr\u00e9fet du Var,\nChevalier de la L\u00e9gion d'honneur,\nChevalier de L'Ordre du M\u00e9rite,\nVu le Code de la route, notamment ses articles L. 212-1 \u00e0 L .212-5, L. 213-l \u00e0 L. 213-7 , L223-6, \nR. 212-1 \u00e0 R. 213-6 , R. 223-5 \u00e0 R. 223-8\u00a0;\nVu l'article L.211-1 du Code des assurances\u00a0;\nVu l'arr\u00eat\u00e9 du 8 janvier 2001 modifi\u00e9 cr\u00e9ant un registre national de l'enseignement de la  \nconduite des v\u00e9hicules \u00e0 moteur et de la s\u00e9curit\u00e9 routi\u00e8re\u00a0;\nVu l'arr\u00eat\u00e9 du 25 f\u00e9vrier 2004 relatif aux documents \u00e9tablis \u00e0 l'occasion du suivi des stages  \nde sensibilisation \u00e0 la s\u00e9curit\u00e9 routi\u00e8re\u00a0;\nVu l'arr\u00eat\u00e9 du 26 juin 2012 modifi\u00e9 fixant les conditions d'exploitation des \u00e9tablissements  \ncharg\u00e9s d'animer  les stages de sensibilisation \u00e0 la s\u00e9curit\u00e9 routi\u00e8re\u00a0;\nVu l'arr\u00eat\u00e9  pr\u00e9fectoral  n\u00b0  2025/75/MCI  du  17  d\u00e9cembre  2025  portant  d\u00e9l\u00e9gation  de \nsignature \u00e0 Mme Jos\u00e9phine GUIGLIANO-BOUTONNET, directrice de Cabinet du pr\u00e9fet du  \nVar\u00a0;\nVu  l'arr\u00eat\u00e9  pr\u00e9fectoral  du  13  d\u00e9cembre  2016  modifi\u00e9,  autorisant  Madame  MALOIGNE \nMarguerite \u00e0 exploiter le centre charg\u00e9 d'organiser des stages de sensibilisation \u00e0 la s\u00e9curit\u00e9  \nrouti\u00e8res (CSSR) d\u00e9nomm\u00e9 \u00ab\u00a0PERFORMA-SUD\u00a0\u00bb sous l'agr\u00e9ment n\u00b0 R 16 083 0005 0  situ\u00e9 120 \nrue GARNAUD-83 140 SIX-FOURS-LES-PLAGES\u00a0;\nConsid\u00e9rant le courriel du 22 d\u00e9cembre 2025 du  centre charg\u00e9 d'organiser des stages de  \nsensibilisation \u00e0 la s\u00e9curit\u00e9 routi\u00e8res (CSSR) d\u00e9nomm\u00e9 \u00ab\u00a0PERFORMA-SUD\u00a0\u00bb sous l'agr\u00e9ment \nn\u00b0 R 16 083 0005 0,  informant le Pr\u00e9fet d'un ajout de salle d'organisation de stages de  \nsensibilisation  \u00e0  la  s\u00e9curit\u00e9  routi\u00e8re  \u00ab\u00a0H\u00f4tel  Campanille  SAS  TOULONET  -  chemin  de \nCapellane- Lieu-dit BASSAQUET \u2013 83 140  SIX-FOURS-LES PLAGES\u00a0;\nConsid\u00e9rant  que  la  demande  de  l'int\u00e9ress\u00e9  remplit,  ce  jour,  toutes  les  conditions  \nr\u00e9glementaires\u00a0;\nSur proposition de Madame la directrice de cabinet du pr\u00e9fet du Var\u00a0:\nPr\u00e9fecture du VAR - 83-2026-01-06-00013 - AP-2025-12-08 PERFORMA SUD ajout de salle 18\nARR\u00caTE\nArticle 1  er\n  \u00a0  : L'article 3 de l'arr\u00eat\u00e9 du 13 d\u00e9cembre 2016 modifi\u00e9 est modifi\u00e9 comme suit\u00a0:\n             \u00ab\u00a0Article 3  \u00a0  :   L'\u00e9tablissement est habilit\u00e9, \u00e0 dispenser les stages de sensibilisation \u00e0 la \ns\u00e9curit\u00e9 routi\u00e8re dans les salles de formation suivantes\u00a0:\n\u2013\u00a0Foyer des Jeunes Travailleurs A.D.A.P .E.I \u2013 11 place d'Armes \u2013  83\u00a0100 TOULON\u00a0;\n\u2013\u00a0H\u00f4tel IBIS TOULON-LA SEYNE \u2013 80 chemin de la Capellane \u2013 83\u00a0500 LA SEYNE;\n\u2013\u00a0H\u00f4tel KYRIAD \u2013 422 avenue Andr\u00e9 LEOTARD \u2013 83\u00a0600 FR\u00c9JUS;\n\u2013\u00a0H\u00f4tel IBIS BUDGET \u2013 200 avenue Franklin Roosevelt TOULON Mayol \u2013 83\u00a0000 TOULON\u00a0;\n\u2013\u00a0H\u00f4tel  Campanille  SAS  TOULONET  - chemin  de  Capellane- Lieu-dit  BASSAQUET \u2013 83\u00a0140  SIX-\nFOURS-LES PLAGES\u00a0;\nArticle 2  \u00a0  : Les autres articles de l'arr\u00eat\u00e9 susvis\u00e9 restent inchang\u00e9s.\nArticle 3  \u00a0  :    La modification r\u00e9sultant du pr\u00e9sent arr\u00eat\u00e9 sera enregistr\u00e9e dans le registre  \nnational de l'enseignement de la conduite des v\u00e9hicules \u00e0 moteur et de la s\u00e9curit\u00e9 routi\u00e8re \ncr\u00e9e par l'arr\u00eat\u00e9 du 8 janvier 2001 pr\u00e9cit\u00e9.\nConform\u00e9ment \u00e0 la loi n\u00b0 78-17 du 6 janvier 1978 relative \u00e0 l'informatique, aux fichiers et  \naux libert\u00e9s, toute personne peut obtenir communication et, le cas \u00e9ch\u00e9ant, rectification  \ndes  informations  la  concernant,  en  s'adressant  au  P\u00f4le  \u00e9ducation  Routi\u00e8re  situ\u00e9  244 \nAvenue de l'Infanterie Marine \u00e0 TOULON (83070).\nArticle 4  \u00a0  : Madame la directrice de Cabinet du pr\u00e9fet du Var est charg\u00e9e de l'ex\u00e9cution du \npr\u00e9sent arr\u00eat\u00e9 qui sera publi\u00e9 au recueil des actes administratifs de la Pr\u00e9fecture du Var. Le \npr\u00e9sent arr\u00eat\u00e9 peut-\u00eatre contest\u00e9 devant le tribunal administratif comp\u00e9tant dans un d\u00e9lai \nde deux mois \u00e0 compter de sa publication.\n                                                                                     Fait \u00e0 Toulon, le 06/01/2026\n                                 Pour le Pr\u00e9fet et par d\u00e9l\u00e9gation\nle D\u00e9l\u00e9gu\u00e9 \u00e0 l'\u00e9ducation routi\u00e8re\net par d\u00e9l\u00e9gation,\nl'Adjoint au D\u00e9l\u00e9gu\u00e9\nSign\u00e9\nRoland ESQUIVA\nConform\u00e9ment aux dispositions de l'article R. 421-1 et suivants du Code de justice administrative, le pr\u00e9sent arr\u00eat\u00e9 peut faire l'objet dans un d\u00e9lai \nde deux mois \u00e0 compter de sa parution\u00a0:\n\u2013\u00a0d'un recours administratif (recours gracieux aupr\u00e8s du pr\u00e9fet du Var ou recours hi\u00e9rarchique aupr\u00e8s du ministre de l'Int\u00e9rieur)\n\u2013\u00a0d'un recours contentieux devant le tribunal administratif de Toulon. Le tribunal administratif peut \u00eatre saisi par l'application informatique  \n\u00ab\u00a0T\u00e9l\u00e9 recours citoyens\u00a0\u00bb accessible par le site Internet www.telerecours.fr\nPr\u00e9fecture du VAR - 83-2026-01-06-00013 - AP-2025-12-08 PERFORMA SUD ajout de salle 19","date":"2026-01-08","first_seen_on":"2026-01-08T16:04:44+00:00","id":"0e69f51353cccf3fe76ac348e6737fef2220d86d33741a19d43abc8d752b48c3","name":"RAA N\u00b0008 du 8 janvier 2026","pdf_creation_date":"2026-01-08T14:59:41+00:00","pdf_modification_date":null,"timezone":"Europe/Paris","url":"https://www.var.gouv.fr/contenu/telechargement/44334/289382/file/RAA%20N%C2%B0008%20du%208%20janvier%202026.pdf"}
