{"administration":"pref13","administration_name":"Pr\u00e9fecture des Bouches-du-Rh\u00f4ne","content":"Direction d\u00e9partementaleEs  des Territoires et de la MerPREFET des Bouches-du-Rh\u00f4neDES BOUCHES-DU-RHONE\nLibert\u00e9\u00c9galit\u00e9Fraternit\u00e9\nARR\u00caT\u00c9 TEMPORAIRE DE POLICE DE CIRCULATIONportant r\u00e9glementation temporaire de la circulation sur l'autoroute A54\nLe Pr\u00e9fet de la r\u00e9gion Provence-Alpes-C\u00f4te d'Azur\nPr\u00e9fet de la zone de d\u00e9fense et de s\u00e9curit\u00e9 Sud\nPr\u00e9fet des Bouches-du-Rh\u00f4ne\nVU la Loi n\u00b0 55.435 du 18 avril 1955 modifi\u00e9e portant statut des autoroutes ;\nVU la Loi n\u00b0 82.213 du 2 mars 1982 sur les droits et libert\u00e9s des communes, des d\u00e9partements et des r\u00e9gions,modifi\u00e9e ;\nVU le Code de la route ;\nVU le Code de la voirie routi\u00e8re ;\nVU le d\u00e9cret en date du 29 d\u00e9cembre 1997 approuvant le quatri\u00e8me avenant \u00e0 la convention pass\u00e9e le 10 jan-vier 1992 entre l'\u00c9tat et Autoroutes du Sud de la France (ASF), en vue de la concession, de la construction, del'entretien et de l'exploitation des autoroutes ;\nVU le d\u00e9cret n\u00b0 2001-942 en date du 9 octobre 2001 modifi\u00e9, relatif au contr\u00f4le des soci\u00e9t\u00e9s concessionnairesd'autoroutes ou d'ouvrages d'art ;\nVU le d\u00e9cret n\u00b02004-374 du 29 avril 2004 modifi\u00e9, relatif aux pouvoirs des Pr\u00e9fets, \u00e0 l'organisation et \u00e0 l'actiondes services de l'\u00c9tat dans les r\u00e9gions et d\u00e9partements ;\nVU le d\u00e9cret du Pr\u00e9sident de la R\u00e9publique en date du 19 novembre 2025 portant nomination de monsieurJacques WITKOWSKI en qualit\u00e9 de pr\u00e9fet de la r\u00e9gion Provence Alpes-C\u00f4te d'Azur, pr\u00e9fet de la zone de d\u00e9-fense et de s\u00e9curit\u00e9 Sud, pr\u00e9fet des Bouches-du-Rh\u00f4ne ;\nVU le d\u00e9cret du Pr\u00e9sident de la R\u00e9publique en date du 17 juillet 2025 portant nomination de Madame CorinneSIMON en qualit\u00e9 de pr\u00e9f\u00e8te de police d\u00e9l\u00e9gu\u00e9e aupr\u00e8s du pr\u00e9fet des Bouches-du-Rh\u00f4ne ;\nVU le d\u00e9cret du Pr\u00e9sident de la R\u00e9publique en date du 13 septembre 2023 portant nomination de Mme Marie-Pervenche PLAZAen qualit\u00e9 de sous-pr\u00e9f\u00e8te charg\u00e9e de mission aupr\u00e8s du pr\u00e9fet de la r\u00e9gion Provence-Alpes-C\u00f4te d'Azur, pr\u00e9fet de la zone de d\u00e9fense et de s\u00e9curit\u00e9 Sud, pr\u00e9fet des Bouches-du-Rh\u00f4ne ;\nVU l'arr\u00eat\u00e9 pr\u00e9fectoral en date du 1\u00b0 d\u00e9cembre 2025 donnant d\u00e9l\u00e9gation de signature \u00e0 Mme Corine SIMON,pr\u00e9f\u00e8te de police d\u00e9lgu\u00e9e aupr\u00e9s du pr\u00e9fet des Bouches-du-Rh\u00f4ne, \u00e0 Mme Lola MENAHEM, sou-pr\u00e9f\u00e8te, direc-trice de cabinet de la pr\u00e9f\u00e8te de police d\u00e9l\u00e9gu\u00e9e ainsi qu'\u00e0 M.Pierre GILARDEAU, sous-pr\u00e9fet, directeur de ca-binet adjoint de la pr\u00e9f\u00e8te de police d\u00e9l\u00e9gu\u00e9e ;\n\nVU l'arr\u00eat\u00e9 pr\u00e9fectoral en date du 1\u00b0 d\u00e9cembre 2025 donnant d\u00e9l\u00e9gation de signature \u00e0 monsieur Fr\u00e9d\u00e9ric POI-SOT, sous-pr\u00e9fet, secr\u00e9taire g\u00e9n\u00e9ral de la pr\u00e9fecture des Bouches-du-Rh\u00f4ne, et \u00e0 madame Marie-PervenchePLAZA, secr\u00e9taire g\u00e9n\u00e9rale adjointe ;\nVU l'arr\u00eat\u00e9 n\u00b0 13-2025-12-01-00016 du 1er d\u00e9cembre 2025 du pr\u00e9fet des Bouches-du-Rh\u00f4ne, portant d\u00e9l\u00e9gationde signature \u00e0 monsieur Patrick VAUTERIN, directeur d\u00e9partemental interminist\u00e9riel des territoires et de la merdes Bouches-du-Rh\u00f4ne,\nVU l'arr\u00eat\u00e9 n\u00b0 13-2025-12-02-00009 du 2 d\u00e9cembre 2025 portant d\u00e9l\u00e9gation de signature aux agents de ladirection d\u00e9partementale des territoires et de la mer des Bouches-du-Rh\u00f4ne ;\nCONSID\u00c9RANT la manifestation non d\u00e9clar\u00e9e du 13 d\u00e9cembre 2025 en cours sur la RN113 et l'A54, entra\u00eenantdes blocages et des perturbations de la circulation ;\nCONSID\u00c9RANT la demande des forces de l'ordre, formul\u00e9e le samedi 13 d\u00e9cembre 2025, visant \u00e0 ne plusalimenter l'autoroute A54 en trafic, en raison de la pr\u00e9sence de manifestants sur le r\u00e9seau ;\nCONSID\u00c9RANT qu'il importe d'assurer la s\u00e9curit\u00e9 des usagers de l'autoroute ainsi que celle des agents de lasoci\u00e9t\u00e9 ASF, il y a lieu de r\u00e9glementer temporairement la circulation sur l'autoroute A54.\nSur proposition de Monsieur le Directeur D\u00e9partemental des Territoires et de la Mer des Bouches du Rh\u00f4nepar int\u00e9rim, 8\nARR\u00caTE\nArticle 1 :\nSuite \u00e0 une manifestation non d\u00e9clar\u00e9e, organis\u00e9e par l'organisme \u00ab la coordination rurale des Bouches duRh\u00f4ne \u00bb, la journ\u00e9e du samedi 13 d\u00e9cembre 2025, et des blocages op\u00e9r\u00e9s sur la RN113 et A54, des mesuresd'exploitation sont mises en place afin d'assurer la s\u00e9curit\u00e9 des usagers :\nMaintient de :\n\u00b0 Fermeture des bretelles d'entr\u00e9es de l'\u00e9changeur de Saint Martin de Crau n\u00b012 en direction deSalon de Provence et d'Arles \u00e0 partir de 6h00.\u00b0 Fermeture des bretelles de sorties de l'\u00e9changeur de Saint martin de Crau n\u00b012 en provenancede Salon de Provence et d'Arles \u00e0 partir de 6h00. :\nNouvelles mesures mis en ceuvre\n.\n\u00b0 Fermeture pleine voie A54 sens Salon \u2014 Nimes au PR 64 avec sortie obligatoire \u00e0 l'\u00e9changeurn\u00b013 Eyguieres-Miramas.\u00b0 Fermeture des bretelles d'entr\u00e9es Eyguieres-Miramas n\u00b013 et Grans-Salon de Provence n\u00b014en direction d'Arles/N\u00eemes.\n\u00b0\nEn lien avec les fermetures, des mesures de d\u00e9lestage conseill\u00e9es sot activ\u00e9es par la cellule routi\u00e9re zonale\n\u00b0 Itin\u00e9raire \u00ab grande maille \u00bb activ\u00e9 pour les usagers en provenance de Marseille A7/Nice A8 vial'A7 en direction de Lyon.e Itin\u00e9raire \u00ab grande maille \u00bb activ\u00e9 pour les usagers en provenance de Montpellier A9/ via l'A9 endirection d'Orange/Lyon.\nArticle 2 : Information aux usagers\nLes usagers seront inform\u00e9s en priorit\u00e9, par messages diffus\u00e9s au moyen de panneau \u00e0 messages variables \u2014PMV en section courante, et PMVA. Ainsi que sur Radio Vinci Autoroutes (107.7 Mhz)\n\nArticle 3 : Sui les signalisations et S\u00e9curit\u00e9\nLa signalisation aff\u00e9rente \u00e0 ces mesures d'exploitation est mise en place par Autoroutes du Sud de la France,conform\u00e9ment \u00e0 la r\u00e9glementation en vigueur relative \u00e0 la signalisation temporaire sur autoroutes.\nArticle 4 : Le pr\u00e9sent arr\u00eat\u00e9 sera adress\u00e9 aux destinataires suivants :\n- Le Secr\u00e9taire G\u00e9n\u00e9ral de la Pr\u00e9fecture des Bouches-du-Rh\u00f4ne ;\n- Le Directeur D\u00e9partemental des Territoires et de la Mer des Bouches-du-Rh\u00f4ne ;\n- La Pr\u00e9sidente du Conseil D\u00e9partemental des Bouches-du-Rh\u00f4ne ;\n- Le Directeur de la Soci\u00e9t\u00e9 des Autoroutes Est\u00e9rel, C\u00f4te d'Azur, Provence, Alpes ;\n- Le Directeur R\u00e9gional de la soci\u00e9t\u00e9 des Autoroutes du Sud de la France \u00e0 Orange ;- Le Directeur Interd\u00e9partemental de la Police Nationale des Bouches-du-Rh\u00f4ne ;\nCharg\u00e9s chacun en ce qui le concerne, d'en assurer l'ex\u00e9cution, ainsi que pour information \u00e0 la DIRM\u00e9diterran\u00e9e (DIR de Zone SUD).\nMarseille, le 13 d\u00e9cembre 2025\nPour le Pr\u00e9fet et par d\u00e9l\u00e9gation,La Secr\u00e9taire G\u00e9n\u00e9rale adjointe\nAQ\nMarie-Pervenche PLAZA","date":"2025-12-13","first_seen_on":"2025-12-13T17:08:05+00:00","id":"0eb5c192d75f6970bd60170e6f9e1e301ccc16a1cd2032afaaf5ba3b6e8a26c2","name":"recueil-13-2025-382-recueil-des-actes-administratifs-special du 13 d\u00e9cembre 2025","pdf_creation_date":null,"pdf_modification_date":null,"timezone":"Europe/Paris","url":"https://www.bouches-du-rhone.gouv.fr/contenu/telechargement/62310/438491/file/recueil-13-2025-382-recueil-des-actes-administratifs-special%20du%2013%20d%C3%A9cembre%202025.pdf"}
