{"administration":"pref83","administration_name":"Pr\u00e9fecture du Var","content":"VAR\nRECUEIL DES ACTES\nADMINISTRATIFS SP\u00c9CIAL\n(NOMINATIFS)\nN\u00b083-2025-125\nPUBLI\u00c9 LE 11 AVRIL 2025\nSommaire\nDirection d\u00e9partementale de l'emploi, du travail et des solidarit\u00e9s du Var\n/ Direction de la DDETS\n83-2025-04-09-00011 - 252-2025-recepisse d\u00e9claration HOLLINGER\nBRUNO du 09042025 (2 pages) Page 3\n83-2025-03-31-00012 - Microsoft Word - 2025-03 arr fixation\ncapacit2_ATIAM.docx (2 pages) Page 6\n83-2025-03-31-00011 - Microsoft Word - 2025-03 arr fixation\ncapacit2_ATMP.docx (2 pages) Page 9\n83-2025-03-31-00010 - Microsoft Word - 2025-03 arr fixation\ncapacit2_UDAF.docx (2 pages) Page 12\n83-2025-04-10-00008 - Microsoft Word - ARRETE MODIF composition\nCF2_avril 2025.doc (3 pages) Page 15\n83-2025-04-10-00001 - PREFET DU VAR (3 pages) Page 19\nDirection r\u00e9gionale de l'environnement, de l'am\u00e9nagement et du\nlogement de Provence Alpes C\u00f4te d'Azur /\n83-2025-04-10-00009 - Arr\u00eat\u00e9 du 10 avril 2025 de subd\u00e9l\u00e9gation de\nsignatures aux agents de la DREAL Paca (8 pages) Page 23\n2\nDirection d\u00e9partementale de l'emploi, du travail\net des solidarit\u00e9s du Var\n83-2025-04-09-00011\n252-2025-recepisse d\u00e9claration HOLLINGER\nBRUNO du 09042025\nDirection d\u00e9partementale de l'emploi, du travail et des solidarit\u00e9s du Var - 83-2025-04-09-00011 - 252-2025-recepisse d\u00e9claration\nHOLLINGER BRUNO du 09042025 3\nPF4Libert\u00e9 + \u00c9galit\u00e9 + Fraternit\u00e9R\u00c9PUBLIQUE FRAN\u00c7AISE\nR\u00e9c\u00e9piss\u00e9 de d\u00e9claration\nd'un organisme de services \u00e0 la personne\nenregistr\u00e9 sous le N\u00b0 SAP389747957\nVu le code du travail et notamment les articles L.7231-1 \u00e0 L.7233-2, R.7232-16 \u00e0 R.7232-22, D.7231-1 et \nD.7233-1 \u00e0 D.7233-5 ; \nVu la demande de d\u00e9claration d\u00e9pos\u00e9e par l'organisme, Le Clos Notre Dame -28 AVENUE DU 6 EME \nRTS 83210 SOLLIES-PONT, le 01/04/25 ;\nLe pr\u00e9fet du Var\nConstate : \nQu'une d\u00e9claration d'activit\u00e9s de services \u00e0 la personne a \u00e9t\u00e9 d\u00e9pos\u00e9e aupr\u00e8s du service instructeur  \ndu  Var,  le  01/04/25  par  M.  HOLLINGER  Bruno  en  qualit\u00e9  de  dirigeant(e),  pour  l'organisme  dont \nl'\u00e9tablissement principal est situ\u00e9 Le Clos Notre Dame- 28 AVENUE DU 6 EME RTS 83210 SOLLIES-\nPONT et enregistr\u00e9 sous le N\u00b0 SAP389747957 pour les activit\u00e9s suivantes :\n  \u2022   Entretien de la maison et travaux m\u00e9nagers (mode d'intervention Prestataire)\n  \u2022   Petits travaux de jardinage (mode d'intervention Prestataire)\n  \u2022   Travaux de petit bricolage (mode d'intervention Prestataire)\n  \u2022   Pr\u00e9paration de repas \u00e0 domicile (mode d'intervention Prestataire)\n  \u2022   Livraison de repas \u00e0 domicile (mode d'intervention Prestataire)\n  \u2022   Collecte et livraison \u00e0 domicile de linge repass\u00e9 (mode d'intervention Prestataire)\n  \u2022   Livraison de courses \u00e0 domicile (mode d'intervention Prestataire)\n  \u2022   Maintenance, entretien et vigilance temporaires \u00e0 domicile (mode d'intervention Prestataire)\n  \u2022   Assistance informatique \u00e0 domicile (mode d'intervention Prestataire)\n  \u2022   Assistance administrative \u00e0 domicile (mode d'intervention Prestataire)\n  \u2022   T\u00e9l\u00e9-assistance et visio-assistance (mode d'intervention Prestataire)\n  \u2022   Conduite du v\u00e9hicule des personnes en cas d'invalidit\u00e9 temporaire (mode d'intervention \nPrestataire)\n  \u2022   Assistance aux personnes ayant besoin d'une aide temporaire \u00e0 leur domicile (mode \nd'intervention Prestataire)\nToute  modification  concernant  les  activit\u00e9s  exerc\u00e9es  devra  faire  l'objet  d'une  d\u00e9claration \nmodificative pr\u00e9alable.\nSous r\u00e9serve d'\u00eatre exerc\u00e9es \u00e0 titre exclusif (ou sous r\u00e9serve d'une comptabilit\u00e9 s\u00e9par\u00e9e pour les  \npersonnes  morales  dispens\u00e9es  de  cette  condition),  ces  activit\u00e9s  ouvrent  droit  au  b\u00e9n\u00e9fice  des \ndispositions des articles L. 7233-2 du code du travail et L.241-10 du code de la s\u00e9curit\u00e9 sociale dans  \nles conditions pr\u00e9vues par ces articles.\nLes effets de la d\u00e9claration courent \u00e0 compter du jour du d\u00e9p\u00f4t de la d\u00e9claration sous r\u00e9serve des  \ndispositions de l'article R.7232-18 du code du travail. Le pr\u00e9sent r\u00e9c\u00e9piss\u00e9 n'est pas limit\u00e9 dans le  \ntemps. La d\u00e9claration a une port\u00e9e nationale.\nL'enregistrement de la d\u00e9claration peut \u00eatre retir\u00e9 dans les conditions fix\u00e9es aux articles R.7232-\n20 \u00e0 R.7232-22 du code du travail.\nLe pr\u00e9sent r\u00e9c\u00e9piss\u00e9 sera publi\u00e9 au recueil des actes administratifs de la pr\u00e9fecture.\nLe pr\u00e9sent r\u00e9c\u00e9piss\u00e9 peut, \u00e0 compter de sa notification, faire l'objet d'un recours gracieux aupr\u00e8s  \nservice instructeur du Var ou d'un recours hi\u00e9rarchique adress\u00e9 au ministre charg\u00e9 de l'\u00e9conomie -  \nDirection g\u00e9n\u00e9rale des entreprises \u2013 sous-direction des services marchands, 61 Boulevard Vincent  \nAuriol, 75703 PARIS CEDEX 13.\nDirection d\u00e9partementale de l'emploi, du travail et des solidarit\u00e9s du Var - 83-2025-04-09-00011 - 252-2025-recepisse d\u00e9claration\nHOLLINGER BRUNO du 09042025 4\nIl peut \u00e9galement faire l'objet d'un recours contentieux dans un d\u00e9lai de deux mois \u00e0 compter de sa  \nnotification aupr\u00e8s du tribunal administratif de Toulon.\nLe tribunal administratif peut aussi \u00eatre saisi par l'application informatique \u00ab T\u00e9l\u00e9recours citoyen \u00bb  \naccessible sur le site internet  http://www.telerecours.fr/\nEn cas de rejet du recours gracieux ou hi\u00e9rarchique ou en l'absence de r\u00e9ponse \u00e0 ce recours (rejet  \nimplicite), un recours contentieux devant le tribunal administratif de Toulon peut \u00e9galement \u00eatre  \nform\u00e9 contre la d\u00e9cision initiale dans un d\u00e9lai de deux mois \u00e0 compter de ce rejet. \nPour le Pr\u00e9fet et par d\u00e9l\u00e9gation\nPour le Directeur d\u00e9partemental \nde l'emploi, du travail et des solidarit\u00e9s du Var \nLa cheffe du service accompagnement \ndes entreprises et d\u00e9veloppement des territoires\nSign\u00e9 : S\u00e9verine LARDERET\nFait \u00e0 CS 31209 - 83070 TOULON Cedex, le \n09/04/2025\nDDETS du Var\n \nDirection d\u00e9partementale de l'emploi, du travail et des solidarit\u00e9s du Var - 83-2025-04-09-00011 - 252-2025-recepisse d\u00e9claration\nHOLLINGER BRUNO du 09042025 5\nDirection d\u00e9partementale de l'emploi, du travail\net des solidarit\u00e9s du Var\n83-2025-03-31-00012\nMicrosoft Word - 2025-03 arr fixation\ncapacit2_ATIAM.docx\nDirection d\u00e9partementale de l'emploi, du travail et des solidarit\u00e9s du Var - 83-2025-03-31-00012 - Microsoft Word - 2025-03 arr fixation\ncapacit2_ATIAM.docx 6\n~~edLibert\u00e9 + Egalit\u00e9 + Fraternit\u00e9R\u00c9PUBLIQUE FRAN\u00c7AISEPR\u00c9FECTURE DU VARDIRECTION D\u00c9PARTEMENTALE DE L'\u00c9CONOMIE, DE L'EMPLOI, DU TRAVAIL ET DESSOLIDARIT\u00c9SArr\u00eat\u00e9 n\u00b0 2025-03-1 du 31 mars 2025 portant modification de la fixation de la capacit\u00e9autoris\u00e9e du service mandataire judiciaire \u00e0 la protection des majeursATIAMSiret n\u00b0 314 493 024 00041Finess n\u00b0 060022233Le Pr\u00e9fet du Var,Vu le code de l'action sociale et des familles, notamment ses articles L.313-1 et D.313-2 etsuivants ;Vu l'arr\u00eat\u00e9 pr\u00e9fectoral en date du 22 novembre 2011 autorisant la cr\u00e9ation du service MJPMg\u00e9r\u00e9 par l'association ATIAM sur le d\u00e9partement du Var;Vu l'arr\u00eat\u00e9 fixant la dotation globale de financement pour l'ann\u00e9e 2024 du servicemandataire en date de 08 ao\u00fbt 2024;Vu l'arr\u00eat\u00e9 n\u00b0224-11-1 du 07 novembre 2024 portant fixation de la capacit\u00e9 autoris\u00e9e duservice mandataire ATIAM;Vu l'appel \u00e0 manifestation d'int\u00e9r\u00eat transmis en d\u00e9cembre 2024 par l'autorit\u00e9 de tarificationconcernant le projet d'autorisation de mesures suppl\u00e9mentaires \u00e0 la protection des majeurs ;Consid\u00e9rant la candidature du service suite \u00e0 l'appel \u00e0 manifestation d'int\u00e9r\u00eat le 20d\u00e9cembre 2024 ;Consid\u00e9rant le nombre de mesures de sauvegarde de justice avec mandat sp\u00e9cial, decuratelle et de tutelle pr\u00e9vu dans les indicateurs annex\u00e9s aux propositions budg\u00e9taires ;Consid\u00e9rant le dialogue \u00e9tabli avec le service ;Consid\u00e9rant l'accord de prise en charge financi\u00e8re par la D.G.C.S ;Sur proposition de la directrice d\u00e9partementale de l'\u00e9conomie, de l'emploi, du travail et dessolidarit\u00e9s ;\n  \n \n \n  \n \n \n \n \n \n \nDirection d\u00e9partementale de l'emploi, du travail et des solidarit\u00e9s du Var - 83-2025-03-31-00012 - Microsoft Word - 2025-03 arr fixation\ncapacit2_ATIAM.docx 7\nArr\u00eate :\nARTICLE 1\u00b0 : L'arr\u00eat\u00e9 d'autorisation du service mandataire a la protection des majeurs ATIAMest modifi\u00e9 ainsi qu'il suit :La capacit\u00e9 autoris\u00e9e du service est augment\u00e9e de 120 mesures soit 640+120 = 760 mesuresde sauvegarde de justice avec mandat sp\u00e9cial, de curatelle et de tutelle.\nARTICLE 2: Le pr\u00e9sent arr\u00eat\u00e9 est susceptible de faire l'objet d'un recours contentieux devantle tribunal administratif comp\u00e9tent dans un d\u00e9lai de deux mois \u00e0 compter de sa publication.Il est \u00e9galement susceptible de faire l'objet d'un recours administratif pr\u00e9alable dans lem\u00eame d\u00e9lai. Un recours contentieux peut ensuite \u00eatre form\u00e9 aupr\u00e8s du tribunal administratifcomp\u00e9tent dans le d\u00e9lai de deux mois suivant le rejet explicite ou implicite du recoursadministratif par la voie de l'application informatique \u00ab T\u00e9l\u00e9recours citoyens \u00bb sur le sitewww.telerecours.fr.\nARTICLE 3: Le pr\u00e9sent arr\u00e9t\u00e9 sera publi\u00e9 au recueil des actes administratifs du Var.\nARTICLE 4 : Une ampliation du pr\u00e9sent arr\u00eat\u00e9 sera notifi\u00e9e aux juges des tutelles dud\u00e9partement.\nARTICLE 5 : Le secr\u00e9taire g\u00e9n\u00e9ral de la pr\u00e9fecture et la directrice d\u00e9partementale del'\u00e9conomie, de l'emploi, du travail et des solidarit\u00e9s sont charg\u00e9s, chacun en ce qui leconcerne, de l'ex\u00e9cution du pr\u00e9sent arr\u00eat\u00e9.\nFait \u00e0 Toulon, le 31 mars 2025\nLe Pr\u00e9fet du Var,Sign\u00e9\nPhilippe MAHE\n \n \n \n \n \nDirection d\u00e9partementale de l'emploi, du travail et des solidarit\u00e9s du Var - 83-2025-03-31-00012 - Microsoft Word - 2025-03 arr fixation\ncapacit2_ATIAM.docx 8\nDirection d\u00e9partementale de l'emploi, du travail\net des solidarit\u00e9s du Var\n83-2025-03-31-00011\nMicrosoft Word - 2025-03 arr fixation\ncapacit2_ATMP.docx\nDirection d\u00e9partementale de l'emploi, du travail et des solidarit\u00e9s du Var - 83-2025-03-31-00011 - Microsoft Word - 2025-03 arr fixation\ncapacit2_ATMP.docx 9\n~~edLibert\u00e9 + Egalit\u00e9 + Fraternit\u00e9R\u00c9PUBLIQUE FRAN\u00c7AISEPR\u00c9FECTURE DU VARDIRECTION D\u00c9PARTEMENTALE DE L'\u00c9CONOMIE, DE L'EMPLOI, DU TRAVAIL ET DESSOLIDARIT\u00c9SArr\u00eat\u00e9 n\u00b0 2025-03-1 du 31 mars 2025 portant modification de la fixation de la capacit\u00e9autoris\u00e9e du service mandataire judiciaire \u00e0 la protection des majeursATMPSiret n\u00b0 350 580 734 00068Finess n\u00b0 830024485\nLe Pr\u00e9fet du Var,Vu le code de l'action sociale et des familles, notamment ses articles L.313-1 et D.313-2 etsuivants ;Vu l'arr\u00eat\u00e9 pr\u00e9fectoral en date du 22 novembre 2011 autorisant la cr\u00e9ation du service MJPMg\u00e9r\u00e9 par l'association ATMP sur le d\u00e9partement du Var;Vu l'arr\u00eat\u00e9 fixant la dotation globale de financement pour l'ann\u00e9e 2024 du servicemandataire en date de 08 ao\u00fbt 2024;Vu l'arr\u00eat\u00e9 n\u00b0224-11-1 du 07 novembre 2024 portant fixation de la capacit\u00e9 autoris\u00e9e duservice mandataire ATMP;Vu l'appel \u00e0 manifestation d'int\u00e9r\u00eat transmis en d\u00e9cembre 2024 par l'autorit\u00e9 de tarificationconcernant le projet d'autorisation de mesures suppl\u00e9mentaires \u00e0 la protection des majeurs ;\nxConsid\u00e9rant la candidature du service suite \u00e0 l'appel \u00e0 manifestation d'int\u00e9r\u00eat le 17d\u00e9cembre 2024 ;Consid\u00e9rant le nombre de mesures de sauvegarde de justice avec mandat sp\u00e9cial, decuratelle et de tutelle pr\u00e9vu dans les indicateurs annex\u00e9s aux propositions budg\u00e9taires ;Consid\u00e9rant le dialogue \u00e9tabli avec le service ;\nSur proposition de la directrice d\u00e9partementale de l'\u00e9conomie, de l'emploi, du travail et dessolidarit\u00e9s ;\n  \n \n \n \n \n \n \n \nDirection d\u00e9partementale de l'emploi, du travail et des solidarit\u00e9s du Var - 83-2025-03-31-00011 - Microsoft Word - 2025-03 arr fixation\ncapacit2_ATMP.docx 10\nArr\u00eate :\nARTICLE 1\u00b0: L'arr\u00eat\u00e9 d'autorisation du service mandataire \u00e0 la protection des majeurs ATMPest modifi\u00e9 ainsi qu'il suit :La capacit\u00e9 autoris\u00e9e du service est augment\u00e9e de 85 mesures soit 1035+85 = 1120 mesuresde sauvegarde de justice avec mandat sp\u00e9cial, de curatelle et de tutelle.\nARTICLE 2: Le pr\u00e9sent arr\u00eat\u00e9 est susceptible de faire l'objet d'un recours contentieux devantle tribunal administratif comp\u00e9tent dans un d\u00e9lai de deux mois \u00e0 compter de sa publication.Il est \u00e9galement susceptible de faire l'objet d'un recours administratif pr\u00e9alable dans lem\u00eame d\u00e9lai. Un recours contentieux peut ensuite \u00eatre form\u00e9 aupr\u00e8s du tribunal administratifcomp\u00e9tent dans le d\u00e9lai de deux mois suivant le rejet explicite ou implicite du recoursadministratif par la voie de l'application informatique \u00ab T\u00e9l\u00e9recours citoyens \u00bb sur le sitewww.telerecours.fr.\nARTICLE 3: Le pr\u00e9sent arr\u00e9t\u00e9 sera publi\u00e9 au recueil des actes administratifs du Var.\nARTICLE 4 : Une ampliation du pr\u00e9sent arr\u00eat\u00e9 sera notifi\u00e9e aux juges des tutelles dud\u00e9partement.\nARTICLE 5 : Le secr\u00e9taire g\u00e9n\u00e9ral de la pr\u00e9fecture et la directrice d\u00e9partementale del'\u00e9conomie, de l'emploi, du travail et des solidarit\u00e9s sont charg\u00e9s, chacun en ce qui leconcerne, de l'ex\u00e9cution du pr\u00e9sent arr\u00eat\u00e9.\nFait \u00e0 Toulon, le 31 mars 2025\nLe Pr\u00e9fet du Var,Sign\u00e9\nPhilippe MAHE\n \n \n \n \nDirection d\u00e9partementale de l'emploi, du travail et des solidarit\u00e9s du Var - 83-2025-03-31-00011 - Microsoft Word - 2025-03 arr fixation\ncapacit2_ATMP.docx 11\nDirection d\u00e9partementale de l'emploi, du travail\net des solidarit\u00e9s du Var\n83-2025-03-31-00010\nMicrosoft Word - 2025-03 arr fixation\ncapacit2_UDAF.docx\nDirection d\u00e9partementale de l'emploi, du travail et des solidarit\u00e9s du Var - 83-2025-03-31-00010 - Microsoft Word - 2025-03 arr fixation\ncapacit2_UDAF.docx 12\n~~edLibert\u00e9 + Egalit\u00e9 + Fraternit\u00e9R\u00c9PUBLIQUE FRAN\u00c7AISEPR\u00c9FECTURE DU VARDIRECTION D\u00c9PARTEMENTALE DE L'\u00c9CONOMIE, DE L'EMPLOI, DU TRAVAIL ET DESSOLIDARIT\u00c9SArr\u00eat\u00e9 n\u00b0 2025-03-1 du 31 mars 2025 portant modification de la fixation de la capacit\u00e9autoris\u00e9e du service mandataire judiciaire \u00e0 la protection des majeursUDAFSiret n\u00b0 78316949300039Finess n\u00b0 830019337\nLe Pr\u00e9fet du Var,Vu le code de l'action sociale et des familles, notamment ses articles L.313-1 et D.313-2 etsuivants ;Vu l'arr\u00eat\u00e9 pr\u00e9fectoral en date du 22 novembre 2011 autorisant la cr\u00e9ation du service MJPMg\u00e9r\u00e9 par l'association UDAF sur le d\u00e9partement du Var;Vu l'arr\u00eat\u00e9 fixant la dotation globale de financement pour l'ann\u00e9e 2024 du servicemandataire en date de 08 ao\u00fbt 2024;Vu l'arr\u00eat\u00e9 n\u00b0224-11-1 du 07 novembre 2024 portant fixation de la capacit\u00e9 autoris\u00e9e duservice mandataire UDAF;Vu l'appel \u00e0 manifestation d'int\u00e9r\u00eat transmis en d\u00e9cembre 2024 par l'autorit\u00e9 de tarificationconcernant le projet d'autorisation de mesures suppl\u00e9mentaires \u00e0 la protection des majeurs ;\nx.Consid\u00e9rant la candidature du service suite a l'appel a manifestation d'int\u00e9r\u00eat le 20d\u00e9cembre 2024 ;Consid\u00e9rant le nombre de mesures de sauvegarde de justice avec mandat sp\u00e9cial, decuratelle et de tutelle pr\u00e9vu dans les indicateurs annex\u00e9s aux propositions budg\u00e9taires ;Consid\u00e9rant le dialogue \u00e9tabli avec le service ;\nSur proposition de la directrice d\u00e9partementale de l'\u00e9conomie, de l'emploi, du travail et dessolidarit\u00e9s ;\n  \n \n \n \n \n \n \n \nDirection d\u00e9partementale de l'emploi, du travail et des solidarit\u00e9s du Var - 83-2025-03-31-00010 - Microsoft Word - 2025-03 arr fixation\ncapacit2_UDAF.docx 13\nArr\u00eate :\nARTICLE 1\u00b0: L'arr\u00eat\u00e9 d'autorisation du service mandataire \u00e0 la protection des majeurs UDAFest modifi\u00e9 ainsi qu'il suit :La capacit\u00e9 autoris\u00e9e du service est augment\u00e9e de 120 mesures soit 1870+120 = 1990 mesuresde sauvegarde de justice avec mandat sp\u00e9cial, de curatelle et de tutelle.\nARTICLE 2: Le pr\u00e9sent arr\u00eat\u00e9 est susceptible de faire l'objet d'un recours contentieux devantle tribunal administratif comp\u00e9tent dans un d\u00e9lai de deux mois \u00e0 compter de sa publication.Il est \u00e9galement susceptible de faire l'objet d'un recours administratif pr\u00e9alable dans lem\u00eame d\u00e9lai. Un recours contentieux peut ensuite \u00eatre form\u00e9 aupr\u00e8s du tribunal administratifcomp\u00e9tent dans le d\u00e9lai de deux mois suivant le rejet explicite ou implicite du recoursadministratif par la voie de l'application informatique \u00ab T\u00e9l\u00e9recours citoyens \u00bb sur le sitewww.telerecours.fr.\nARTICLE 3: Le pr\u00e9sent arr\u00e9t\u00e9 sera publi\u00e9 au recueil des actes administratifs du Var.\nARTICLE 4 : Une ampliation du pr\u00e9sent arr\u00eat\u00e9 sera notifi\u00e9e aux juges des tutelles dud\u00e9partement.\nARTICLE 5 : Le secr\u00e9taire g\u00e9n\u00e9ral de la pr\u00e9fecture et la directrice d\u00e9partementale del'\u00e9conomie, de l'emploi, du travail et des solidarit\u00e9s sont charg\u00e9s, chacun en ce qui leconcerne, de l'ex\u00e9cution du pr\u00e9sent arr\u00eat\u00e9.\nFait \u00e0 Toulon, le 31 mars 2025\nLe Pr\u00e9fet du Var,Sign\u00e9\nPhilippe MAHE\n \n \n \n \nDirection d\u00e9partementale de l'emploi, du travail et des solidarit\u00e9s du Var - 83-2025-03-31-00010 - Microsoft Word - 2025-03 arr fixation\ncapacit2_UDAF.docx 14\nDirection d\u00e9partementale de l'emploi, du travail\net des solidarit\u00e9s du Var\n83-2025-04-10-00008\nMicrosoft Word - ARRETE MODIF composition\nCF2_avril 2025.doc\nDirection d\u00e9partementale de l'emploi, du travail et des solidarit\u00e9s du Var - 83-2025-04-10-00008 - Microsoft Word - ARRETE MODIF\ncomposition CF2_avril 2025.doc 15\n \nPr\u00e9fecture du Var \u2013DDETS \nService Acc\u00e8s \u00e0 l'Autonomie des Populations Vuln\u00e9rables \nCS 31209 \n83070  TOULON CEDEX \n  \n \n \n   \n \n  \n                                                                                                  \nDirection D\u00e9partementale de l'Emploi, du Travail et des Solidarit\u00e9s                   \n \n \nARR\u00caT\u00c9 PR\u00c9FECTORAL 2025-2-2 du 10 avril 2025 \nPORTANT MODIFICATION DE LA COMPOSITION DU CONSEIL DE FAMILLE  \nDES PUPILLES DE L'\u00c9TAT DU VAR N\u00b02 \n \nLe Pr\u00e9fet du Var, \n  \n \nVU le Code de l'Action Sociale et des Familles, et notamment les articles R224-1 et suivants, \n \nVU la loi n\u00b0 84-422 du 6 Juin 1984 relative aux droits des familles dans leurs rapports avec les services \ncharg\u00e9s de la protection de l'enfant, et au statut des Pupilles de l'\u00c9tat, \n \nVU la loi n\u00b0 2016-297 du 14 mars 2016 relative \u00e0 la protection de l'enfant modifiant et compl\u00e9tant la loi n\u00b0 \n2007-293 du 05 mars 2007 r\u00e9formant la protection de l'enfance,  \n \nVU la loi n\u00b0 2022-140 du 7 f\u00e9vrier 2022 relative \u00e0 la protection des enfants, \n \nVU le d\u00e9cret n\u00b0 2024-491 du 30 mai 2024 relatif au conseil de famille des pupilles de l'\u00c9tat, \n \nVU l'arr\u00eat\u00e9 pr\u00e9fectoral en date du 25 mars 2021 portant organisation de la direction d\u00e9partementale de \nl'emploi, du travail et des solidarit\u00e9s, \n \nVU l'arr\u00eat\u00e9 du Premier ministre et du ministre de l'Int\u00e9rieur en date du 17 janvier 2025 portant nomination de \nmadame Sandrine POLYCHRONOPOULOS, directrice d\u00e9partementale de l'emploi, du travail et des \nsolidarit\u00e9s du Var \u00e0 compter du 15 f\u00e9vrier 2025, \n \nVU l'arr\u00eat\u00e9 pr\u00e9fectoral 2025-2-1 modifi\u00e9 en date du 21 janvier 2025, portant constitution du Conseil de \nFamille des Pupilles de l'\u00c9tat n\u00b02 dans le Var, \n \nVU le courrier de d\u00e9mission de madame Sophie MILLEREAU en date du 01 f\u00e9vrier 2025,    \nVU  La nomination au titre de personne qualifi\u00e9e suppl\u00e9ante pour l'int\u00e9r\u00eat port\u00e9 \u00e0 la protection de l'enfance \net de la famille de madame Fran\u00e7oise PONSART, ancienne psychologue \u00e0 la retraite, \n \nCONSIDERANT que le Pr\u00e9fet du Var est le tuteur des pupilles de l'\u00c9tat en application des articles R224-1 et \nsuivants du C.A.S.F. Attribution d\u00e9l\u00e9gu\u00e9e \u00e0 la directrice d\u00e9partementale de l'emploi du travail et des \nsolidarit\u00e9s (D.D.E.T.S du Var), \n  \nSUR PROPOSITION de madame la directrice d\u00e9partementale de l'emploi, du travail et des solidarit\u00e9s, \n  \n \n \n \nDirection d\u00e9partementale de l'emploi, du travail et des solidarit\u00e9s du Var - 83-2025-04-10-00008 - Microsoft Word - ARRETE MODIF\ncomposition CF2_avril 2025.doc 16\nPr\u00e9fecture du Var \u2013DDETS \nService Acc\u00e8s \u00e0 l'Autonomie des Populations Vuln\u00e9rables \nCS 31209 \n83070  TOULON CEDEX \n  \n \n \n \n \n \nA R R E T E \n \nArticle 1er   \n \nL'article 2 de l'arr\u00eat\u00e9 pr\u00e9fectoral du 21 janvier 2025, relatif \u00e0 la composition du Conseil de Famille des \nPupilles de l'\u00c9tat du Var n\u00b02, est modifi\u00e9 comme suit : \n \n Personnes qualifi\u00e9es pour l'int\u00e9r\u00eat port\u00e9 \u00e0 la protection de l'Enfance et de la Famille : \n \n\uf0b7 Madame Sophie ABOUDARAM, membre titulaire \n\uf0b7 Madame Fran\u00e7oise PONSART, membre suppl\u00e9ante \n \nArticle 2  \nLa nouvelle composition du Conseil de Familles des Pupilles de l'\u00c9tat n\u00b02 est fix\u00e9e comme suit : \n \nRepr\u00e9sentants du Conseil D\u00e9partemental : \n \n\uf0b7  Madame Val\u00e9rie MONDONE, membre titulaire \n\uf0b7  Madame Nathalie JANET, membre titulaire \n \n \nRepr\u00e9sentants de l'Association D\u00e9partementale d'Entraide aux Pupilles et Anciens Pupilles de l'\u00c9tat \n(ADEPAPE) : \n \n\uf0b7 Madame Sylvie DESANTI, membre titulaire \n\uf0b7 Madame Nelly WOOLLEY, membre suppl\u00e9ant \n \n Repr\u00e9sentants d'associations familiales : \n \nPour l'Union D\u00e9partementale des associations familiales (UDAF) :  \n \n\uf0b7 Madame Samantha BONAMY, membre titulaire \n\uf0b7 Monsieur Didier GUERRINI, membre suppl\u00e9ant \n \nPour Enfance et Familles d'Adoption (EFA) : \n \n\uf0b7 Madame  Emilie LAUVERGEAT, membre titulaire \n\uf0b7 Monsieur Guillaume LAMBERT, membre suppl\u00e9ant \n \n \nPersonnes qualifi\u00e9es en mati\u00e8re d'\u00e9thique et de lutte contre les discriminations : \n \n\uf0b7 Madame Fabienne BONNET, Inspectrice \u00c9ducation Nationale, membre titulaire \n\uf0b7 Monsieur Vincent CENDAMO, Conseiller technique de l'\u00c9ducation Nationale, membre \nsuppl\u00e9ant \n \n \n \n \n \n \n \n \nDirection d\u00e9partementale de l'emploi, du travail et des solidarit\u00e9s du Var - 83-2025-04-10-00008 - Microsoft Word - ARRETE MODIF\ncomposition CF2_avril 2025.doc 17\nPr\u00e9fecture du Var \u2013DDETS \nService Acc\u00e8s \u00e0 l'Autonomie des Populations Vuln\u00e9rables \nCS 31209 \n83070  TOULON CEDEX \n  \n \n \n \n \n \n \n \n \nPersonnes qualifi\u00e9es pour l'int\u00e9r\u00eat port\u00e9 \u00e0 la protection de l'Enfance et de la Famille : \n \n\uf0b7 Madame Sophie ABOUDARAM, membre titulaire \n\uf0b7 Madame Fran\u00e7oise PONSART, membre suppl\u00e9ante \n \n \nArticle : 3 \n \nLe Secr\u00e9taire G\u00e9n\u00e9ral de la Pr\u00e9fecture du Var et la Directrice D\u00e9partementale de l'Emploi, du Travail et des \nSolidarit\u00e9s, sont charg\u00e9s de l'ex\u00e9cution du pr\u00e9sent arr\u00eat\u00e9 qui sera publi\u00e9 au Recueil des Actes Administratifs \nde la Pr\u00e9fecture du Var. \n     \n    \n \n \n \n \n \n \n \n                    Fait \u00e0 Toulon, le 10 avril 2025  \n      \n \n \n \n \n \n                                                                          Le Pr\u00e9fet du Var, \n \n \n    \n                Sign\u00e9 \n  \n \n                                                                        Philippe MAHE \n \n \nDirection d\u00e9partementale de l'emploi, du travail et des solidarit\u00e9s du Var - 83-2025-04-10-00008 - Microsoft Word - ARRETE MODIF\ncomposition CF2_avril 2025.doc 18\nDirection d\u00e9partementale de l'emploi, du travail\net des solidarit\u00e9s du Var\n83-2025-04-10-00001\nPREFET DU VAR\nDirection d\u00e9partementale de l'emploi, du travail et des solidarit\u00e9s du Var - 83-2025-04-10-00001 - PREFET DU VAR 19\nPREFETDU VARLibert\u00e9Egalit\u00e9Fraternit\u00e9\n  \n  \n                                                                                                  \nDirection D\u00e9partementale \nde l'Emploi, du Travail\n et des Solidarit\u00e9s   \nARR\u00caT\u00c9 PR\u00c9FECTORAL 2025-2-2\nPORTANT MODIFICATION DE LA COMPOSITION DU CONSEIL DE FAMILLE \nDES PUPILLES DE L'\u00c9TAT DU VAR N\u00b02\nLe Pr\u00e9fet du Var,\n \nVU le Code de l'Action Sociale et des Familles, et notamment les articles R224-1 et suivants,\nVU la loi n\u00b0 84-422 du 6 Juin 1984 relative aux droits des familles dans leurs rapports avec les services  \ncharg\u00e9s de la protection de l'enfant, et au statut des Pupilles de l'\u00c9tat,\nVU la loi n\u00b0 2016-297 du 14 mars 2016 relative \u00e0 la protection de l'enfant modifiant et compl\u00e9tant la loi n\u00b0  \n2007-293 du 05 mars 2007 r\u00e9formant la protection de l'enfance, \nVU la loi n\u00b0 2022-140 du 7 f\u00e9vrier 2022 relative \u00e0 la protection des enfants,\nVU le d\u00e9cret n\u00b0 2024-491 du 30 mai 2024 relatif au conseil de famille des pupilles de l'\u00c9tat,\nVU  l'arr\u00eat\u00e9 pr\u00e9fectoral en date du 25 mars 2021 portant organisation de la direction d\u00e9partementale de  \nl'emploi, du travail et des solidarit\u00e9s,\nVU l'arr\u00eat\u00e9 du Premier ministre et du ministre de l'Int\u00e9rieur en date du 17 janvier 2025 portant nomination de  \nmadame  Sandrine  POLYCHRONOPOULOS,  directrice  d\u00e9partementale  de  l'emploi,  du  travail  et  des \nsolidarit\u00e9s du Var \u00e0 compter du 15 f\u00e9vrier 2025,\nVU  l'arr\u00eat\u00e9 pr\u00e9fectoral 2025-2-1 modifi\u00e9 en date du 21 janvier 2025, portant constitution du Conseil de  \nFamille des Pupilles de l'\u00c9tat n\u00b02 dans le Var,\nVU le courrier de d\u00e9mission de madame Sophie MILLEREAU en date du 01 f\u00e9vrier 2025, \nVU  La nomination au titre de personne qualifi\u00e9e suppl\u00e9ante pour l'int\u00e9r\u00eat port\u00e9 \u00e0 la protection de l'enfance  \net de la famille de madame Fran\u00e7oise PONSART, ancienne psychologue \u00e0 la retraite,\nCONSIDERANT que le Pr\u00e9fet du Var est le tuteur des pupilles de l'\u00c9tat en application des articles R224-1 et  \nsuivants  du  C.A.S.F.  Attribution  d\u00e9l\u00e9gu\u00e9e  \u00e0  la  directrice  d\u00e9partementale  de  l'emploi  du  travail  et  des \nsolidarit\u00e9s (D.D.E.T.S du Var),\n \nSUR PROPOSITION de madame la directrice d\u00e9partementale de l'emploi, du travail et des solidarit\u00e9s,\n \nPr\u00e9fecture du Var \u2013DDETS\nService Acc\u00e8s \u00e0 l'Autonomie des Populations Vuln\u00e9rables\nCS 31209\n83070  TOULON CEDEX\n \nDirection d\u00e9partementale de l'emploi, du travail et des solidarit\u00e9s du Var - 83-2025-04-10-00001 - PREFET DU VAR 20\nA R R E T E\nArticle 1  er    \nL'article 2 de l'arr\u00eat\u00e9 pr\u00e9fectoral du 21 janvier 2025, relatif \u00e0 la composition du Conseil de Famille des  \nPupilles de l'\u00c9tat du Var n\u00b02, est modifi\u00e9 comme suit :\n   Personnes qualifi\u00e9es pour l'int\u00e9r\u00eat port\u00e9 \u00e0 la protection de l'Enfance et de la Famille     :  \n\uf0b7 Madame Sophie ABOUDARAM, membre titulaire\n\uf0b7 Madame Fran\u00e7oise PONSART, membre suppl\u00e9ante\nArticle 2 \nLa nouvelle composition du Conseil de Familles des Pupilles de l'\u00c9tat n\u00b02 est fix\u00e9e comme suit :\nRepr\u00e9sentants du Conseil D\u00e9partemental     :  \n\uf0b7  Madame Val\u00e9rie MONDONE, membre titulaire\n\uf0b7  Madame Nathalie JANET, membre titulaire\nRepr\u00e9sentants de l'Association D\u00e9partementale d'Entraide aux Pupilles et Anciens Pupilles de l'\u00c9tat  \n(ADEPAPE)     :  \n\uf0b7 Madame Sylvie DESANTI, membre titulaire\n\uf0b7 Madame Nelly WOOLLEY, membre suppl\u00e9ant\n Repr\u00e9sentants d'associations familiales     :  \nPour l'Union D\u00e9partementale des associations familiales (UDAF) : \n\uf0b7 Madame Samantha BONAMY, membre titulaire\n\uf0b7 Monsieur Didier GUERRINI, membre suppl\u00e9ant\nPour Enfance et Familles d'Adoption (EFA) :\n\uf0b7 Madame  Emilie LAUVERGEAT, membre titulaire\n\uf0b7 Monsieur Guillaume LAMBERT, membre suppl\u00e9ant\nPersonnes qualifi\u00e9es en mati\u00e8re d'\u00e9thique et de lutte contre les discriminations     :  \n\uf0b7 Madame Fabienne BONNET, Inspectrice \u00c9ducation Nationale, membre titulaire\n\uf0b7 Monsieur  Vincent  CENDAMO,  Conseiller  technique  de  l'\u00c9ducation  Nationale,  membre \nsuppl\u00e9ant\nPr\u00e9fecture du Var \u2013DDETS\nService Acc\u00e8s \u00e0 l'Autonomie des Populations Vuln\u00e9rables\nCS 31209\n83070  TOULON CEDEX\n \nDirection d\u00e9partementale de l'emploi, du travail et des solidarit\u00e9s du Var - 83-2025-04-10-00001 - PREFET DU VAR 21\nPersonnes qualifi\u00e9es pour l'int\u00e9r\u00eat port\u00e9 \u00e0 la protection de l'Enfance et de la Famille     :  \n\uf0b7 Madame Sophie ABOUDARAM, membre titulaire\n\uf0b7 Madame Fran\u00e7oise PONSART, membre suppl\u00e9ante\nArticle     : 3  \nLe Secr\u00e9taire G\u00e9n\u00e9ral de la Pr\u00e9fecture du Var et la Directrice D\u00e9partementale de l'Emploi, du Travail et des  \nSolidarit\u00e9s, sont charg\u00e9s de l'ex\u00e9cution du pr\u00e9sent arr\u00eat\u00e9 qui sera publi\u00e9 au Recueil des Actes Administratifs  \nde la Pr\u00e9fecture du Var.\n            Fait \u00e0 Toulon, le   10 Avril 2025\n \n                                                                 Le pr\u00e9fet,\n \n \n                                                                          Philippe MAHE\nPr\u00e9fecture du Var \u2013DDETS\nService Acc\u00e8s \u00e0 l'Autonomie des Populations Vuln\u00e9rables\nCS 31209\n83070  TOULON CEDEX\n \nDirection d\u00e9partementale de l'emploi, du travail et des solidarit\u00e9s du Var - 83-2025-04-10-00001 - PREFET DU VAR 22\nDirection r\u00e9gionale de l'environnement, de\nl'am\u00e9nagement et du logement de Provence\nAlpes C\u00f4te d'Azur\n83-2025-04-10-00009\nArr\u00eat\u00e9 du 10 avril 2025 de subd\u00e9l\u00e9gation de\nsignatures aux agents de la DREAL Paca\nDirection r\u00e9gionale de l'environnement, de l'am\u00e9nagement et du logement de Provence Alpes C\u00f4te d'Azur - 83-2025-04-10-00009 -\nArr\u00eat\u00e9 du 10 avril 2025 de subd\u00e9l\u00e9gation de signatures aux agents de la DREAL Paca 23\nPREFETDU VARLibert\u00e9Egalit\u00e9Fraternit\u00e9\nDirection r\u00e9gionale de l'environnement,\n de l'am\u00e9nagement et du logement\nARRETE du 10/04/2025\nportant subd\u00e9l\u00e9gation de signature du Pr\u00e9fet et d\u00e9l\u00e9gation de signature pour le\ndirecteur r\u00e9gional aux agents de la DREAL PACA \nVu le code de l'environnement ;\nVu le code de la route, et notamment, ses articles R. 321-16 et suivants ;\nVu le code de la commande publique ; \nVu le  d\u00e9cret  n\u00b0  2004-374  du  29  avril  2004  modifi\u00e9,  relatif  aux  pouvoirs  des\npr\u00e9fets,  \u00e0  l'organisation  et  \u00e0  l'action  de  l'\u00c9tat  dans  les  r\u00e9gions  et  les\nd\u00e9partements ;\nVu le  d\u00e9cret  n\u00b0  2007-1735  du  11  d\u00e9cembre  2007  relatif  \u00e0  la  s\u00e9curit\u00e9  des\nouvrages hydrauliques et au comit\u00e9 technique permanent des barrages et des\nouvrages hydrauliques et modifiant le code de l'environnement ;\nVu le d\u00e9cret n\u00b0 2009-235 du 27 f\u00e9vrier 2009 modifi\u00e9 rela tif \u00e0 l'organisation et aux\nmissions des directions r\u00e9gionales de l'environnement, de l'am\u00e9nagement et\ndu logement ; \nVu le d\u00e9cret du 2009-496 du 30 avril 2009 relatif \u00e0 l'autorit\u00e9 administrative de\nl'\u00c9tat comp\u00e9tente en mati\u00e8re d'environnement pr\u00e9vue aux articles L.122-1 et\nL.122-7 du code de l'environnement ;\nVu le  d\u00e9cret  n\u00b0  2016-530  du  27  avril  2016  relatif  aux  concessions  d'\u00e9nergie\nhydrauliques et approuvant le mod\u00e8le de cahier des charges applicable \u00e0 ces\nconcessions ;\nVu le d\u00e9cret du Pr\u00e9sident de la R\u00e9publique du 13 juillet 2023 portant nomination\nde M. Philippe MAHE Pr\u00e9fet du Var ;\nVu l'arr\u00eat\u00e9 minist\u00e9riel du 30 septembre 1975 relatif \u00e0 l'\u00e9vacuation des v\u00e9hicules\nen panne ou accident\u00e9s ;\nVu l'arr\u00eat\u00e9  minist\u00e9riel  du  2  juillet  1982  relatif  aux  transports  en  commun  de\npersonnes ;\nVu l'arr\u00eat\u00e9 minist\u00e9riel du 18 juin 1991 relatif \u00e0 la mise en place et \u00e0 l'organisation\ndu contr\u00f4le technique des v\u00e9hicules dont le poids n'exc\u00e8de pas 3,5 tonnes ;\nVu l'arr\u00eat\u00e9 minist\u00e9riel du 27 juillet 2004 relatif au contr\u00f4le technique des v\u00e9hicules\nlourds;\nVu l'arr\u00eat\u00e9 minist\u00e9riel du 29 mai 2009 relatif aux transports de marchandises\ndangereuses  par  voies  terrestres  (dit  \u00ab  arr\u00eat\u00e9  TMD  \u00bb)   (NOR:\nDEVP0911622A) ;\nVu l'arr\u00eat\u00e9  minist\u00e9riel  du  21  mai  2010  d\u00e9finissant  l'\u00e9chelle  de  gravit\u00e9  des\n\u00e9v\u00e9nements  ou  \u00e9volutions  concernant  un  barrage  ou  une  digue  ou  leur\n1\nDirection r\u00e9gionale de l'environnement, de l'am\u00e9nagement et du logement de Provence Alpes C\u00f4te d'Azur - 83-2025-04-10-00009 -\nArr\u00eat\u00e9 du 10 avril 2025 de subd\u00e9l\u00e9gation de signatures aux agents de la DREAL Paca 24\nexploitation et mettant en cause ou \u00e9tant susceptibles de mettre en cause la\ns\u00e9curit\u00e9  des  personnes  ou  des  biens  et  pr\u00e9cisant  les  modalit\u00e9s  de  leur\nd\u00e9claration ;\nVu l'arr\u00eat\u00e9 minist\u00e9riel du 22 janvier 2015 d\u00e9finissant les caract\u00e9ristiques et les\nconditions d'utilisation des v\u00e9hicules autres que les autocars et les autobus,\ndestin\u00e9s \u00e0 des usages de tourisme et de loisirs ;\nVu l'arr\u00eat\u00e9  du  6  ao\u00fbt  2018  fixant  des  prescriptions  techniques  relatives  \u00e0  la\ns\u00e9curit\u00e9 des barrages ;\nVu l'arr\u00eat\u00e9  minist\u00e9riel  du  23  octobre  2023  relatif  au  contr\u00f4le  technique  des\nv\u00e9hicules motoris\u00e9s \u00e0 deux ou trois roues et quadricycles \u00e0 moteur ;\nVu l'arr\u00eat\u00e9  minist\u00e9riel  du  26  ao\u00fbt  2022  portant  nomination  de  M.  S\u00e9bastien\nFOREST  en  qualit\u00e9  de  directeur  r\u00e9gional  de  l'environnement,  de\nl'am\u00e9nagement et du logement de la r\u00e9gion Provence-Alpes-C\u00f4te d'Azur ;\nVu l'arr\u00eat\u00e9  pr\u00e9fectoral  n\u00b02023/84/MCI  du  21  ao\u00fbt  2023  portant  d\u00e9l\u00e9gation  de\nsignature \u00e0 M. S\u00e9bastien FOREST , Ing\u00e9nieur g\u00e9n\u00e9ral des ponts, des eaux et\ndes for\u00eats, Directeur r\u00e9gional  de l'Environnement, de l'Am\u00e9nagement et du\nLogement de la r\u00e9gion Provence-Alpes-C\u00f4te d'Azur ; \nConsid\u00e9rant la n\u00e9cessit\u00e9 de continuit\u00e9 du service.\nSur proposition de la secr\u00e9taire g\u00e9n\u00e9rale :\nA R R E T E : \nArticle 1er \u2013 D\u00e9l\u00e9gation de signature est donn\u00e9e, dans le cadre de leurs attributions, \u00e0\nMme Zo\u00e9 MAHE,  M. Eric MEVELEC , et Mme Fr\u00e9d\u00e9rique CHAZE, directri ces et\ndirecteur adjoints, pour l'ensemble des d\u00e9cisions vis\u00e9es par l'arr\u00eat\u00e9 pr\u00e9fectoral  n\u00b0\n2023/84/MCI du 21 ao\u00fbt 2023 pour le d\u00e9partement du Var.\nEn cas d'absence d'un des directeurs adjoints, l'autre directeur adjoint pourra signer\ndans le domaine de d\u00e9l\u00e9gation du directeur adjoint absent.\nEn cas d'emp\u00eachement de l'\u00e9quipe de direction li\u00e9 \u00e0 un \u00e9v\u00e9nement impr\u00e9visible , et\napr\u00e8s  validation  de  l'acte  par  le  directeur ou  l'un  de  ses  adjoints  par  courriel,\nd\u00e9l\u00e9gation de signature est donn\u00e9e \u00e0 Mme Virginie GOGIOSO, secr\u00e9taire g\u00e9n\u00e9rale,\net \u00e0 M. Romain RUSCH, chef du Service d'Appui au Pilotage R\u00e9gional.\nArticle 2.  \u2013 Dans les limites de leurs attributions fonctionnelles et territoriales, de\nleurs comp\u00e9tences d\u00e9finies par l'organisation de la direction r\u00e9gionale de l'environne-\nment, de l'am\u00e9nagement et du logement (DREAL)  et par r\u00e9f\u00e9rence \u00e0 l'annexe au\npr\u00e9sent arr\u00eat\u00e9, d\u00e9l\u00e9gation de signature est donn\u00e9e aux personnels, dans les condi -\ntions figurant ci-dessous: \n2\nDirection r\u00e9gionale de l'environnement, de l'am\u00e9nagement et du logement de Provence Alpes C\u00f4te d'Azur - 83-2025-04-10-00009 -\nArr\u00eat\u00e9 du 10 avril 2025 de subd\u00e9l\u00e9gation de signatures aux agents de la DREAL Paca 25\nService Unit\u00e9 Nom et pr\u00e9nom des \nd\u00e9l\u00e9gataires\nFonction Codes\nSBEP DE SAINT ROMAIN \nGr\u00e9goire\nChef de service F1 \u00e0 F4\nVILLARUBIAS \nCatherine\nAdjointe au chef de \nservice\nF1 \u00e0 F4\nUB BLANQUET Pascal Chef d'unit\u00e9 F1 \u00e0 F4\nSEL FRANC Pierre Chef de service C1 \u00e0 C4 E2\nALOTTE Anne Adjointe au chef de \nservice\nC1 \u00e0 C4 E2\nUCHR BERTAGNA Pierre-\nLo\u00efc, \u00e0/c du \n01/05/2025\nChef d'unit\u00e9 C1 \u00e0 C4 E2\nSTIM FABRE Nadia Cheffe de service D1 D2 D3\nTIRAN Fr\u00e9d\u00e9ric Chef de service adjoint D1 D2 D3\nSPR MONTEILLER Pierre Chef de service A1 \u00e0 A4 B1 \u00e0 \nB4 E1 G1 H1 \nH2\nSTROH Nicolas Chef adjoint de service A1 \u00e0 A4 B1 \u00e0 \nB4 E1 G1 H1 \nH2\nUCIM FOMBONNE Hubert Chef d'unit\u00e9 A1 B1 \u00e0 B4 G1\nSAMOUR Geoffroy Chef adjoint d'unit\u00e9 A1 B1 \u00e0 B4 G1\nUCOH CROS Carole Cheffe d'unit\u00e9 E1\nSARACCO Isabelle Cheffe adjointe d'unit\u00e9 E1\nUICPE LION Alexandre Chef d'unit\u00e9 A1 \u00e0 A4 B4 G1\nPLANCHON Serge Chef adjoint d'unit\u00e9 A1 \u00e0 A4 B4 G1\nUD 06-83 ASTIER Olivier Chef d'UD A1 A4 B1 G1 \nH1 H2\nCHEKROUN Esther, \u00e0/c \ndu 01/06/2025\nAdjointe au chef d'UD A1 A4 B1 G1 \nH1 H2\nCHEVILLON Amandine Adjointe au chef d'UD A1 A4 B1 G1 \nH1 H2\nWINDER Patrick Coordinateur du p\u00f4le \nrisques accidentels et \nchroniques 83\nA1 A4 B1 G1 \nH1 H2\nDEGLI-ESPOSTI Henri Coordinateur du p\u00f4le \ncarri\u00e8res et d\u00e9chets 83\nA1 A4 B1 G1 \nH1 H2\nArticle 3 - D\u00e9l\u00e9gation de signature est donn\u00e9e aux agents d\u00e9sign\u00e9s ci-dessous, dans\nle cadre des instructions du chef du service pr\u00e9vention des risques  et sous l'autorit\u00e9\nde M. S\u00e9bastien FOREST, pour le contr\u00f4le des appareils \u00e0 pression : \n3\nDirection r\u00e9gionale de l'environnement, de l'am\u00e9nagement et du logement de Provence Alpes C\u00f4te d'Azur - 83-2025-04-10-00009 -\nArr\u00eat\u00e9 du 10 avril 2025 de subd\u00e9l\u00e9gation de signatures aux agents de la DREAL Paca 26\nService Unit\u00e9 Nom et pr\u00e9nom des \nd\u00e9l\u00e9gataires\nFonction\nSPR UCIM FOMBONNE Hubert Chef d'unit\u00e9\nSAMOUR Geoffroy Chef adjoint d'unit\u00e9\nArticle 4. a - D\u00e9l\u00e9gation de signature est \u00e9galement donn\u00e9e aux agents d\u00e9sign\u00e9s ci-\ndessous, dans le cadre des instructions du chef de l'unit\u00e9 r\u00e9gulation, contr\u00f4le des\ntransports et des v\u00e9hicules pour l'activit\u00e9 v\u00e9hicules et sous l'autorit\u00e9 de  M. S\u00e9bastien\nFOREST :\nNom de l'agent Grade\nM. MENOTTI Julien IDTPE\nM. LAURENT Philippe IIM\nM. GALIPOT Didier TSCEI\nM. PELLEGRINO Jean-Marie TSCDD\nM. PALOMBO Cyril TSCEI\nM. LARCADE Ludovic TSCEI\nM. LEBESLOUR Yves TSCEI\nM. HUILLET J\u00e9r\u00f4me TSCDD\nM. GIOVANCARLI Thomas TSPEI\nM. DEBREGEAS Philippe TSPEI\nM. MALFATTI C\u00e9dric TSPDD\nM. DALSKY Philippe TSPDD\nMme FOUBERT Caroline SACE\n4.b - D\u00e9l\u00e9gation de signature est \u00e9galement donn \u00e9e sous l'autorit\u00e9 de M. S\u00e9bastien\nFOREST aux  agents  d\u00e9sign\u00e9s  ci-dessous  pour  la  d\u00e9livrance  des  nouveaux\nagr\u00e9ments, le retra  it et la suspension des agr\u00e9ments des contr\u00f4leurs techniques et  \ndes centres de contr\u00f4le technique :\nSTIM FABRE Nadia Cheffe de service\nTIRAN Fr\u00e9d\u00e9ric Chef de service adjoint\n4.c - D\u00e9l\u00e9gation de signature est \u00e9 galement donn\u00e9e sous l'autorit\u00e9 de  M. S\u00e9bastien\nFOREST aux  agents  d\u00e9sign\u00e9s  ci-dessous  pour  la  d\u00e9livrance  des  nouveaux\nagr\u00e9ments des contr\u00f4leurs techniques et    des centres de contr\u00f4le technique et la  \nconvocation en r\u00e9union contradictoire :\nSTIM URCTV MENOTTI Julien Chef d'unit\u00e9\nLAURENT Philippe Chef de p\u00f4le\nArticle 5. \u2013 Toutes dispositions ant\u00e9rieures au pr\u00e9sent arr\u00eat\u00e9 sont abrog\u00e9es.\n4\nDirection r\u00e9gionale de l'environnement, de l'am\u00e9nagement et du logement de Provence Alpes C\u00f4te d'Azur - 83-2025-04-10-00009 -\nArr\u00eat\u00e9 du 10 avril 2025 de subd\u00e9l\u00e9gation de signatures aux agents de la DREAL Paca 27\nArticle 6. \u2013 Le secr\u00e9taire g\u00e9n\u00e9ral de la pr\u00e9fecture du Var et la secr\u00e9taire g\u00e9n\u00e9rale de \nla DREAL PACA sont charg\u00e9s, chacun en ce qui le concerne, de l'ex\u00e9cution du \npr\u00e9sent arr\u00eat\u00e9 qui sera publi\u00e9 au recueil des actes administratifs de la pr\u00e9fecture du \nVar.\nPour le Pr\u00e9fet du Var et par d\u00e9l\u00e9gation, \nLe directeur r\u00e9gional de l'environnement, \nde l'am\u00e9nagement et du logement,\nSIGNE\n S\u00e9bastien FOREST\n5\nDirection r\u00e9gionale de l'environnement, de l'am\u00e9nagement et du logement de Provence Alpes C\u00f4te d'Azur - 83-2025-04-10-00009 -\nArr\u00eat\u00e9 du 10 avril 2025 de subd\u00e9l\u00e9gation de signatures aux agents de la DREAL Paca 28\nANNEXE\nN\u00b0 de \ncode Nature des d\u00e9cisions d\u00e9l\u00e9gu\u00e9es\nA- Environnement industriel\nA1 Pr\u00e9vention des pollutions, des risques et des nuisances (livre V du Code de\nl'environnement), notamment installations class\u00e9es pour la protection de\nl'environnement,  produits  chimiques,  d\u00e9chets  et  sites  et  sols  pollu\u00e9s,\ncanalisations de transport de produits chimiques et d'hydrocarbures liquides\nou liqu\u00e9fi\u00e9s, travaux \u00e0 proximit\u00e9 de certains ouvrages souterrains, a\u00e9riens,\nsubaquatique de transport ou de distribution, nuisances sonores\nA2 V\u00e9rification et validation des \u00e9missions annuelles de CO2, d\u00e9clar\u00e9es dans\nle cadre du syst\u00e8me d'\u00e9change de quotas d'\u00e9mission de gaz \u00e0 effet de\nserre\nA3 Mise en application du r\u00e8glement CE n\u00b01907/2006 du parlement europ\u00e9en\net  du  conseil  du  18  d\u00e9cembre  2006  concernant  l'enregistrement,\nl'\u00e9valuation  et  l'autorisation  des  substances  chimiques,  ainsi  que  les\nrestrictions applicables \u00e0 ces substances (REACH) modifi\u00e9\nA4 Mise en \u0153uvre des projets contr\u00f4les et sanctions (titre VIII du livre 1er du\nCode  de  l'Environnement)  \u00e0  l'exclusion  des  d\u00e9cisions  mentionn\u00e9es  \u00e0\nl'article 4 (d\u00e9cisions mettant en jeu le pouvoir de contr\u00f4le vis-\u00e0-vis des\ncommunes, qui font intervenir une proc\u00e9dure d'enqu\u00eate publique instruite\npar les services de la pr\u00e9fecture, relatives aux installations class\u00e9es pour la\nprotection de l'environnement relevant des titres 1er et IV du livre V du code\nde l'environnement et les correspondances adress\u00e9es aux parlementaires,\nau pr\u00e9sident du Conseil R\u00e9gional, au pr\u00e9sident du Conseil D\u00e9partemental\nainsi que les circulaires adress\u00e9es aux maires du d\u00e9partement)\nB. S\u00e9curit\u00e9 industrielle\nB1 Mines, apr\u00e8s-mines, stockage souterrains d'hydrocarbures, de gaz et de\nproduits  chimiques  \u00e0  destination  industrielle,  g\u00e9othermie  (hors  minime\nimportance) et carri\u00e8res\nB2 Canalisations de transport de gaz  : instructions de demande et d\u00e9livrance\nd'arr\u00eat\u00e9s d'autorisation et des actes relatifs aux contr\u00f4les techniques et\nadministratifs des ouvrages de distribution et d'utilisation du gaz\nB3 Appareils et canalisations sous pression de vapeur ou de gaz, y compris les\nd\u00e9cisions individuelles de fonctionnement en auto-surveillance\nB4 Explosifs pour utilisation en mines et carri\u00e8res, tout acte relatif aux contr\u00f4les\ntechniques  et  administratifs  des  explosifs  pour  utilisation  en  mines  et\ncarri\u00e8res, et artifices de divertissement\nC. \u00c9nergie\nC1 Lignes de transport d'\u00e9lectricit\u00e9  : instructions des demandes et d\u00e9livrance\ndes  approbations  de  projets  d'ouvrages  (lignes  et  postes)  lorsqu'ils  ne\nn\u00e9cessitent pas d'enqu\u00eate publique\nC2 Instruction  des  demandes  d'attestation  ouvrant  droit  \u00e0  l'achat  du\nbiom\u00e9thane inject\u00e9 dans les r\u00e9seaux de gaz naturel\nC3 Instruction des demandes de concessions hydro\u00e9lectriques inf\u00e9rieures \u00e0\n6\nDirection r\u00e9gionale de l'environnement, de l'am\u00e9nagement et du logement de Provence Alpes C\u00f4te d'Azur - 83-2025-04-10-00009 -\nArr\u00eat\u00e9 du 10 avril 2025 de subd\u00e9l\u00e9gation de signatures aux agents de la DREAL Paca 29\n100MW, y compris proc\u00e9dure de mise en concurrence jusqu'\u00e0 d\u00e9signation\ndu candidat dont la demande de concession sera instruite\nC4 Instruction des demandes d'inscription sur les listes d'usagers prioritaires\nau  titre  de  l'arr\u00eat\u00e9  du  5  juillet  1990,  fixant les  consignes  g\u00e9n\u00e9rales  de\nd\u00e9lestage sur les r\u00e9seaux \u00e9lectriques\nD. Transports\nD1 D\u00e9livrance et retrait des autorisations de mise en circulation des v\u00e9hicules\nsp\u00e9cialis\u00e9s dans les op\u00e9rations de remorquage ou de d\u00e9gagement rapide\ndes chauss\u00e9es\nD2 R\u00e9ception par type ou \u00e0 titre isol\u00e9 des v\u00e9hicules\nD3 Tout  acte  relatif  aux  contr\u00f4les  techniques  p\u00e9riodiques  des  v\u00e9hicules  :\nagr\u00e9ments des contr\u00f4leurs et des installations, r\u00e9c\u00e9piss\u00e9 de d\u00e9claration,\norganisation  des  r\u00e9unions  contradictoires,  suspensions  et  retraits\nd'agr\u00e9ments\nE. Risques naturels et s\u00e9curit\u00e9 des ouvrages hydrauliques\nE1 Dans le domaine du contr\u00f4le des ouvrages hydrauliques, toutes d\u00e9cisions,\ndocuments et autorisations sauf :\n\u2022 la d\u00e9cision de modification de classement d'un ouvrage,\n\u2022 la prescription d'un diagnostic de s\u00fbret\u00e9,\n\u2022 l'arr\u00eat\u00e9 compl\u00e9mentaire,\n\u2022 la mise en demeure, la prise de mesures provisoires et urgentes, la\nconsignation\nE2 Dans le domaine de la gestion des concessions hydrauliques  : toute acte\npris en application des dispositions des clauses du cahier des charges des\nconcessions et toutes d\u00e9cisions, documents et autorisations sauf :\n\u2022 la d\u00e9cision sur la suite \u00e0 donner \u00e0 la lettre d'intention\n\u2022 l'avis d'appel public \u00e0 la concurrence\n\u2022 l'arr\u00eat de la liste des candidats admis \u00e0 pr\u00e9senter une offre\n\u2022 l'avis de l'\u00c9tat\n\u2022 l'arr\u00eat\u00e9 d'octroi de la concession\n\u2022 l'arr\u00eat\u00e9 d'autorisation de mise en service\n\u2022 l'arr\u00eat\u00e9 portant r\u00e8glement d'eau\n\u2022 la d\u00e9cision d'arr\u00eat ou de poursuite de l'exploitation\nF. Protection de la nature\nF1 D\u00e9tention  et  utilisation  d'\u00e9caille  de  tortues  marines  des  esp\u00e8ces\nEretmochelys  imbricata  et  Chelonia  mydas,  par  des  fabricants  ou\nrestaurateurs d'objets qui en sont compos\u00e9s\nF2 D\u00e9tention  et  utilisation  d'ivoire  d'\u00e9l\u00e9phant  par  des  fabricants  ou  des\nrestaurateurs d'objets qui en sont compos\u00e9s\nF3 Mise en \u0153uvre des dispositions du r\u00e8glement CE 338/97 sus-vis\u00e9 et des\nr\u00e8glements  de  la  commission  associ\u00e9e  (permis  CITES  d'importation  et\nd'exportation,  certificats  CITES  de  r\u00e9exportation  et  certificats  inter-\ncommunautaires)\nF4 Transport de sp\u00e9cimens d'esp\u00e8ces animales qui sont simultan\u00e9ment inscrites\ndans les annexes du r\u00e8glement CE n\u00b0338/97 sus-vis\u00e9 et prot\u00e9g\u00e9s au niveau\nnational par les arr\u00eat\u00e9s pris pour l'application des articles L.411-1 et L.411-2 du\nCode de l'Environnement\n7\nDirection r\u00e9gionale de l'environnement, de l'am\u00e9nagement et du logement de Provence Alpes C\u00f4te d'Azur - 83-2025-04-10-00009 -\nArr\u00eat\u00e9 du 10 avril 2025 de subd\u00e9l\u00e9gation de signatures aux agents de la DREAL Paca 30\nG. Autorisation environnementale\nG1 Documents portant consultation des services dans le cadre de l'instruction\ndes  demandes  d'autorisation  environnementale  et  des  demandes\nd'\u00e9tablissement d'un certificat de projet ou de pr\u00e9-cadrage\nH.  Autorit\u00e9 environnementale\nH1 Saisir l'autorit\u00e9 environnementale conform\u00e9ment aux dispositions de l'article\nR.122-7-I CE, dans le cadre des projets de travaux pr\u00e9vus \u00e0 l'article L122-1\ndu CE\nH2 R\u00e9pondre  \u00e0  la  consultation  de  l'autorit\u00e9  environnementale  pr\u00e9vue  par\nl'article R.122-7-III du CE\n8\nDirection r\u00e9gionale de l'environnement, de l'am\u00e9nagement et du logement de Provence Alpes C\u00f4te d'Azur - 83-2025-04-10-00009 -\nArr\u00eat\u00e9 du 10 avril 2025 de subd\u00e9l\u00e9gation de signatures aux agents de la DREAL Paca 31","date":"2025-04-11","first_seen_on":"2025-04-11T16:38:47+00:00","id":"0ef3aab8cd3521643d5895221d85e475703c775b7059a89db4e4e5d770128f2a","name":"RAA N\u00b0125 du 11 avril 2025","pdf_creation_date":"2025-04-11T14:39:15+00:00","pdf_modification_date":null,"timezone":"Europe/Paris","url":"https://www.var.gouv.fr/contenu/telechargement/40428/264917/file/RAA%20N%C2%B0125%20du%2011%20avril%202025%20NOMINATIF.pdf"}
