{"administration":"pref21","administration_name":"Pr\u00e9fecture de C\u00f4te-d\u2019Or","content":"PR\u00c9FET\nDE LA C\u00d4TE-D'OR\nRECUEIL DES ACTES\nADMINISTRATIFS SP\u00c9CIAL\nN\u00b021-2024-094\nPUBLI\u00c9 LE 19 JUILLET 2024\nSommaire\nDirection d\u00e9partementale des territoires de la C\u00f4te-d'Or / Service\nS\u00e9curit\u00e9 et Education Routi\u00e8re\n21-2024-07-18-00003 - Arr\u00eat\u00e9 Pr\u00e9fectoral N\u00b0 1160 autorisant la\nmanifestation nautique en radeaux du camp \u00ab Scout et Guides de France\n\u00bb de Pontarlier (25), du 9 au 19 juillet 2024, sur la Sa\u00f4ne, du PK 229 au pk\n208 (2 pages) Page 3\nPr\u00e9fecture de la C\u00f4te-d'Or / Cabinet\n21-2024-07-18-00002 - Arr\u00eat\u00e9 portant interdiction de rassemblements\nfestifs \u00e0 caract\u00e8re musical et interdiction de circulation de tout\nv\u00e9hicule transportant du mat\u00e9riel de son \u00e0 destination d'un\nrassemblement festif \u00e0 caract\u00e8re musical non autoris\u00e9 (2 pages) Page 6\nPr\u00e9fecture de la C\u00f4te-d'Or / Direction de la coordination, des politiques\npubliques et de l'appui territorial\n21-2024-07-12-00006 - Arr\u00eat\u00e9 du 12 juillet 2024 - portant octroi d'une\nlicence et d'autorisation d'exploitation de transporteur a\u00e9rien - Jura\nAscensions (2 pages) Page 9\nSous-pr\u00e9fecture de Montbard /\n21-2024-07-16-00007 - Arr\u00eat\u00e9 portant modification de la commission de\ncontr\u00f4le des listes \u00e9lectorales de Gurgy-la-Ville (2 pages) Page 12\n21-2024-07-16-00008 - Arr\u00eat\u00e9 portant modification de la composition de\nla commission de contr\u00f4le des listes \u00e9lectorales de Alise Sainte Reine (2\npages) Page 15\n21-2024-07-16-00009 - Arr\u00eat\u00e9 portant modification de la composition de\nla commission de contr\u00f4le des listes \u00e9lectorales de Marcellois (2 pages) Page 18\n2\nDirection d\u00e9partementale des territoires de la\nC\u00f4te-d'Or\nService S\u00e9curit\u00e9 et Education Routi\u00e8re\n21-2024-07-18-00003\nArr\u00eat\u00e9 Pr\u00e9fectoral N\u00b0 1160 autorisant la\nmanifestation nautique en radeaux du camp \u00ab\nScout et Guides de France \u00bb de Pontarlier (25),\ndu 9 au 19 juillet 2024, sur la Sa\u00f4ne, du PK 229 au\npk 208\nDirection d\u00e9partementale des territoires de la C\u00f4te-d'Or - 21-2024-07-18-00003 - Arr\u00eat\u00e9 Pr\u00e9fectoral N\u00b0 1160 autorisant la\nmanifestation nautique en radeaux du camp \u00ab Scout et Guides de France \u00bb de Pontarlier (25), du 9 au 19 juillet 2024, sur la Sa\u00f4ne, du\nPK 229 au pk 208\n3\nExPREFETDE LACOTE-D'ORLibert\u00e9\u00c9galit\u00e9Fraternit\u00e9\nDirection d\u00e9partementale des territoires\nde la C\u00f4te-d'Or\nAffaire suivie par Manon BEAULIEU     \nService de la s\u00e9curit\u00e9 et de l'\u00e9ducation routi\u00e8re\nBureau de la s\u00e9curit\u00e9 routi\u00e8re \nT\u00e9l : 03 80 29 44 23\nm\u00e9l : ddt-transports@cote-dor.gouv.fr \nArr\u00eat\u00e9 Pr\u00e9fectoral N\u00b01192\nmodifiant l'arr\u00eat\u00e9 pr\u00e9fectoral N\u00b0 1160 autorisant la manifestation nautique en radeaux du\ncamp \u00ab Scout et Guides de France \u00bb de Pontarlier (25), du 9 au 19 juillet 2024, sur la Sa\u00f4ne,\ndu PK 229 au pk 208\nLe pr\u00e9fet de la r\u00e9gion Bourgogne-Franche-Comt\u00e9\nPr\u00e9fet de la C\u00f4te-d'Or\nVU l'arr\u00eat\u00e9 Pr\u00e9fectoral N\u00b0 1160 en date du 11 juillet 2024 autorisant la manifestation nautique\nen radeaux du camp \u00ab  Scout et Guides de France  \u00bb de Pontarlier (25), du 9 au 19 juillet 2024,\nsur la Sa\u00f4ne, du PK 229 au pk 208 ;\nVU l'arr\u00eat\u00e9 pr\u00e9fectoral  n\u00b0 1 438 / SG du  29 septembre 2023 donnant d\u00e9l\u00e9gation de signature \u00e0\nMadame Florence LAUBIER, directrice d\u00e9partementale des territoires de la C\u00f4te-d'Or ;\nVU l'arr\u00eat\u00e9  n\u00b0  43  du  10  janvier  2024  portant  d\u00e9l\u00e9gation  de  signature  aux  agents  de  la\ndirection d\u00e9partementale des territoires de la C\u00f4te-d'Or  ;\nVU l'avis favorable du maire de Glanon en date du 12 juillet 2024 ;\nCONSID\u00c9RANT que le pr\u00e9fet de d\u00e9partement exerce les comp\u00e9tences qui lui sont d\u00e9volues\nen mati\u00e8re de police de la navigation int\u00e9rieure ;\nSUR proposition de Madame la directrice d\u00e9partementale des territoires de la C\u00f4te-d'Or  ;\nARRETE\nDirection d\u00e9partementale des territoires de la C\u00f4te-d'Or\n57, rue de Mulhouse - BP 53317 - 21033 Dijon CEDEX\nT\u00e9l. : 03 80 29 44 44\nCourriel : ddt@cote-dor.gouv.fr\nDirection d\u00e9partementale des territoires de la C\u00f4te-d'Or - 21-2024-07-18-00003 - Arr\u00eat\u00e9 Pr\u00e9fectoral N\u00b0 1160 autorisant la\nmanifestation nautique en radeaux du camp \u00ab Scout et Guides de France \u00bb de Pontarlier (25), du 9 au 19 juillet 2024, sur la Sa\u00f4ne, du\nPK 229 au pk 208\n4\nArticle 1er : \nL'article 1 de l'arr\u00eat\u00e9 pr\u00e9fectoral N\u00b0 1160 en date du 11 juillet 2024 autorisant la manifestation\nnautique en radeaux du camp \u00ab  Scout et Guides de France  \u00bb de Pontarlier (25), du 9 au 19\njuillet 2024, sur la Sa\u00f4ne, du PK 229 au pk 208 est modifi\u00e9 comme suit :\nLa commune de  Glanon est ajout\u00e9e en tant que derni\u00e8re commune travers\u00e9e par le camp\n\u00ab Scout et Guides de France \u00bb sur la Sa\u00f4ne le 19 juillet 2024 entre 9h00 et 18h00.\nArticle 2 :\nLe pr\u00e9sent arr\u00eat\u00e9 peut faire l'objet d'un recours contentieux devant le tribunal administratif\nde Dijon dans un d\u00e9lai de deux mois \u00e0 compter de sa publication. Un recours peut \u00eatre\nd\u00e9pos\u00e9  via  l'application  T\u00e9l\u00e9recours  citoyens  accessible  par  le  site  internet\nwww.telerecours.fr.\nArticle 3 :\nLa directrice d\u00e9partementale des territoires de la C\u00f4te-d'Or, la directrice territoriale Rh\u00f4ne\nSa\u00f4ne Voies Navigables de France , le maire de la Commune de  Glanon et l'association \u00ab Scout\net Guides de France \u00bb, organisateur de la manifestation en radeaux, sont charg\u00e9s, chacun en\nce qui le concerne, de l'ex\u00e9cution du pr\u00e9sent arr\u00eat\u00e9 qui sera publi\u00e9 au Recueil des Actes\nAdministratifs de la Pr\u00e9fecture de la C\u00f4te-d'Or.\nFait \u00e0 Dijon, le 18 juillet 2024\nPour le Pr\u00e9fet et par d\u00e9l\u00e9gation,\nLe chef de bureau de la s\u00e9curit\u00e9 routi\u00e8re\nSIGNE\nPhilippe MUNIER\nDirection d\u00e9partementale des territoires de la C\u00f4te-d'Or\n57, rue de Mulhouse - BP 53317 - 21033 Dijon CEDEX\nT\u00e9l. : 03 80 29 44 44\nCourriel : ddt@cote-dor.gouv.fr\nDirection d\u00e9partementale des territoires de la C\u00f4te-d'Or - 21-2024-07-18-00003 - Arr\u00eat\u00e9 Pr\u00e9fectoral N\u00b0 1160 autorisant la\nmanifestation nautique en radeaux du camp \u00ab Scout et Guides de France \u00bb de Pontarlier (25), du 9 au 19 juillet 2024, sur la Sa\u00f4ne, du\nPK 229 au pk 208\n5\nPr\u00e9fecture de la C\u00f4te-d'Or\nCabinet\n21-2024-07-18-00002\nArr\u00eat\u00e9 portant interdiction de rassemblements\nfestifs \u00e0 caract\u00e8re musical et interdiction de\ncirculation de tout v\u00e9hicule transportant du\nmat\u00e9riel de son \u00e0 destination d'un\nrassemblement festif \u00e0 caract\u00e8re musical non\nautoris\u00e9\nPr\u00e9fecture de la C\u00f4te-d'Or - 21-2024-07-18-00002 - Arr\u00eat\u00e9 portant interdiction de rassemblements festifs \u00e0 caract\u00e8re musical et\ninterdiction de circulation de tout v\u00e9hicule transportant du mat\u00e9riel de son \u00e0 destination d'un rassemblement festif \u00e0 caract\u00e8re\nmusical non autoris\u00e9\n6\nPr\u00e9fecture de la C\u00f4te-d'Or - 21-2024-07-18-00002 - Arr\u00eat\u00e9 portant interdiction de rassemblements festifs \u00e0 caract\u00e8re musical et\ninterdiction de circulation de tout v\u00e9hicule transportant du mat\u00e9riel de son \u00e0 destination d'un rassemblement festif \u00e0 caract\u00e8re\nmusical non autoris\u00e9\n7\nCONSIDERANT que ce type de rassemblement regroupant un grand nombre de participants peutprovoquer des troubles \u00e0 l'ordre public qu'ils soient li\u00e9s \u00e0 l'augmentation du risque de conduitesous l'emprise d'alcool ou de stup\u00e9fiants ou encore \u00e0 la g\u00eane occasionn\u00e9e par le niveau sonoreextr\u00e9mement \u00e9lev\u00e9 de la musique diffus\u00e9e ; que les moyens appropri\u00e9s en mati\u00e8re de lutte contreI'incendie et de secours aux personnes, ainsi qu'en mati\u00e9re de s\u00e9curit\u00e9 sanitaire et routi\u00e8re nepeuvent \u00eatre r\u00e9unis ;CONSID\u00c9RANT que dans ces circonstances, ces rassemblements sont de nature \u00e0 provoquer destroubles graves \u00e0 l'ordre public; que leur interdiction, qui est strictement n\u00e9cessaire etproportionn\u00e9e aux objectifs poursuivis, est seule de nature \u00e0 pr\u00e9venir efficacement ces troubles;CONSID\u00c9RANT qu'en l'absence d'identification du lieu g\u00e9ographique susceptible d'accueillir lesrassemblements festifs \u00e0 caract\u00e8re musical envisag\u00e9s, et afin de donner un effet utile \u00e0I'interdiction, il y a lieu d'interdire, sauf motif l\u00e9gitime, la circulation des v\u00e9hicules transportant dumat\u00e9riel de sonorisation sur l'ensemble des r\u00e9seaux routiers du d\u00e9partement de la C\u00f4te-d'Or;SUR proposition de monsieur le directeur de cabinet du pr\u00e9fet de la r\u00e9gion Bourgogne-Franche-Comt\u00e9, pr\u00e9fet de la C\u00f4te-d'Or,ARR\u00caTEArticle 1er: Les rassemblements festifs \u00e0 caract\u00e8re musical r\u00e9pondant \u00e0 l'ensemble descaract\u00e9ristiques \u00e9nonc\u00e9es \u00e0 l'article R. 211-2 du code de la s\u00e9curit\u00e9 int\u00e9rieure, autres que ceuxl\u00e9galement d\u00e9clar\u00e9s ou autoris\u00e9s, sont interdits sur l'ensemble du d\u00e9partement de la C\u00f4te-d'Or duvendredi 19 juillet 2024 \u00e0 18h au lundi 22juillet 2024 \u00e0 8h.Article 2 : La circulation de tout v\u00e9hicule transportant du mat\u00e9riel de sonorisation (notamment\u00ab sound system \u00bb et amplificateurs) \u00e0 destination d'un rassemblement festif \u00e0 caract\u00e8re musicalnon autoris\u00e9 est interdite sur I'ensemble des r\u00e9seaux routiers du d\u00e9partement de la C\u00f4te-d'Or duvendredi 19 juillet 2024 \u00e0 18h au lundi 22juillet 2024 \u00e0 8h.Article 3 : Toute infraction au pr\u00e9sent arr\u00eat\u00e9 est passible des sanctions pr\u00e9vues par l'article R. 211-27du code de la s\u00e9curit\u00e9 int\u00e9rieure et peut donner lieu \u00e0 la saisie du mat\u00e9riel en vue de sa confiscationpar le tribunal.Article 4 : Le secr\u00e9taire g\u00e9n\u00e9ral de la pr\u00e9fecture de la C\u00f4te-d'Or, le directeur de cabinet du pr\u00e9fetde la r\u00e9gion Bourgogne-Franche-Comt\u00e9, pr\u00e9fet de la C\u00f4te-d'Or, le G\u00e9n\u00e9ral, commandant la r\u00e9gionde gendarmerie de Bourgogne-Franche-Comt\u00e9 et le directeur interd\u00e9partemental de la policenationale de la C\u00e9te-d'Or sont charg\u00e9s, chacun en ce qui le concerne, de l'ex\u00e9cution du pr\u00e9sentarr\u00eat\u00e9 qui sera publi\u00e9 au recueil des actes administratifs de la pr\u00e9fecture, et adress\u00e9 pour copie \u00e0monsieur le procureur de la R\u00e9publique pr\u00e8s le tribunal judiciaire de Dijon.Fait \u00e0 Dijon,Le pr\u00e9fet,original sign\u00e9Franck ROBINE\nD\u00e9lais et voies de recours :Le pr\u00e9sent arr\u00eat\u00e9 peut faire I'objet, dans un d\u00e9lai de deux mois \u00e0 compter de sa publication :Soit d'un recours gracieux devant le pr\u00e9fet de la C\u00f4te-d'Or ou d'un recours hi\u00e9rarchique aupr\u00e9s du Ministre deI'int\u00e9rieur.Soit d'un recours contentieux devant le tribunal administratif de Dijon (22 Rue d'Assas, 21000 Dijon). La juridictionadministrative comp\u00e9tente peut \u00e9tre saisie par l'application T\u00e9l\u00e9recours citoyens, accessible \u00e0 partir du sitewww.telerecours.fr.Dans le cas du rejet d'un recours gracieux ou hi\u00e9rarchique, le tribunal administratif peut \u00eatre saisi dans un d\u00e9lai de deuxmois \u00e0 compter de la date de la d\u00e9cision de rejet.\n-\n-\nPr\u00e9fecture de la C\u00f4te-d'Or - 21-2024-07-18-00002 - Arr\u00eat\u00e9 portant interdiction de rassemblements festifs \u00e0 caract\u00e8re musical et\ninterdiction de circulation de tout v\u00e9hicule transportant du mat\u00e9riel de son \u00e0 destination d'un rassemblement festif \u00e0 caract\u00e8re\nmusical non autoris\u00e9\n8\nPr\u00e9fecture de la C\u00f4te-d'Or\nDirection de la coordination, des politiques\npubliques et de l'appui territorial\n21-2024-07-12-00006\nArr\u00eat\u00e9 du 12 juillet 2024 - portant octroi d'une\nlicence et d'autorisation d'exploitation de\ntransporteur a\u00e9rien - Jura Ascensions\nPr\u00e9fecture de la C\u00f4te-d'Or - 21-2024-07-12-00006 - Arr\u00eat\u00e9 du 12 juillet 2024 - portant octroi d'une licence et d'autorisation\nd'exploitation de transporteur a\u00e9rien - Jura Ascensions 9\nPREFET Direction de la s\u00e9curit\u00e9 de l'Aviation civile Nord-EstDE LA REGIONBOURGOGNE- ;FRANCHE-COMTE\"Libert\u00e9\u00c9galit\u00e9Fraternit\u00e9\nArr\u00e9t\u00e9 du 12 juillet 2024portant octroi d'une licence et d'autorisation d'exploitation de transporteur a\u00e9rienau profit de la soci\u00e9t\u00e9 JURA ASCENSIONS (SIREN: 928006600)Le pr\u00e9fet de la r\u00e9gion Bourgogne Franche Comt\u00e9,Vu le reglement (CE) n\u00b0 785/2004 du Parlement europ\u00e9en et du Conseil du 21 avril 2004 relatif auxexigences en mati\u00e8re d'assurance applicables aux transporteurs a\u00e9riens et aux exploitants d'a\u00e9ronefs ;Vu le r\u00e8glement (UE) 2018/394 de la Commission du 13 mars 2018 modifiant le r\u00e8glement (UE) n\u00b0965/2012 en ce qui concerne la suppression des exigences d'exploitation a\u00e9rienne applicables auxballons;Vu le reglement (UE) 2018/395 de la Commission du 13 mars 2018 \u00e9tablissant des r\u00e8gies d\u00e9taill\u00e9esconcernant l'exploitation de ballons conform\u00e9ment au r\u00e8glement (CE) n\u00b0 216/2008 du Parlementeurop\u00e9en et du Conseil ;Vu le code des Transports et notamment sa sixi\u00e8me partie :Vu l'arr\u00eat\u00e9 du 16 juin 2005 fixant les garanties financi\u00e8res et morales demand\u00e9es pour l'octroi et le maintiende la licence d'exploitation des transporteurs a\u00e9riens vis\u00e9s \u00e0 l'article R. 6412-11 du. code desTransports ;Vu l'arr\u00eat\u00e9 pr\u00e9fectoral n\u00b0 22-13 BAG du 07 janvier 2022 de la r\u00e9gion Bourgogne Franche Comt\u00e9 portantd\u00e9l\u00e9gation de signature \u00e0 M. Emmanuel JACQUEMIN directeur de la s\u00e9curit\u00e9 de l'Aviation civileNord-Est ; ;Vu la d\u00e9claration d'activit\u00e9 adress\u00e9e par I'exploitant \u00e0 l'autorit\u00e9 comp\u00e9tente qui I'a enregistr\u00e9e sous lenum\u00e9ro FR.DEC.0640 ;Vu la demande de licence d'exploitation par la soci\u00e9t\u00e9 JURA ASCENSIONS en date du 6 juin 2024 ;ARRETE\nArticle 1 : En application de l'article Art. R. 6412-4 du code des Transports, il est d\u00e9livr\u00e9, \u00e0 la soci\u00e9t\u00e9 JURA ASCENSIONS,une licence d'exploitation de transporteur a\u00e9rien lui permettant d'exercer une activit\u00e9 de transport a\u00e9rien public aumoyen de ballons libres. .Article 2 : La pr\u00e9sente licence d'exploitation est particuli\u00e8re \u00e0 la soci\u00e9t\u00e9 et n'est transmissible \u00e0 aucune autre personnephysique ou morale.Article 3 : La pr\u00e9sente licence d'exploitation demeure valable tant que les conditions fix\u00e9es par le r\u00e8glement (UE) n\u00b02018/395du 13 mars 2018 susvis\u00e9, le code des Transports sont respect\u00e9es, et notamment que la soci\u00e9t\u00e9 :- __ \u00e0 d\u00e9clar\u00e9son activit\u00e9 \u00e0 l'autorit\u00e9 comp\u00e9tente ;- _ respecte les exigences en mati\u00e8re d'assurances d\u00e9finies par le r\u00e8glement (CE) n\u00b0785/2004 ;- respecte les exigences financi\u00e8res d\u00e9finies par l'arr\u00eat\u00e9 du 16 juin 2005 modifi\u00e9 susvis\u00e9.Article 4: Le pr\u00e9sent arr\u00eat\u00e9 prend effet \u00e0 compter de sa publication sans limitation de dur\u00e9e. Toutefois, cette licenced'exploitation peut \u00e0 tout moment \u00eatre suspendue, retir\u00e9e ou remplac\u00e9e par une licence temporaire, dans lesconditions pr\u00e9vues par le code des Transports. Le retrait-oula suspension sont prononc\u00e9s sans pr\u00e9judice dessanctions pr\u00e9vues par le code des Transports.\n\u2014Birectionde la-s\u00e9curit\u00e9-deFAviatiorrcivile Nord-Est - A\u00e9roport de Strasbourg-Entzh\u00e9im=-Cs 60003 \u201467836-TANNERIES Cedex T\u00e9l : 03 88 59 64 64\nPr\u00e9fecture de la C\u00f4te-d'Or - 21-2024-07-12-00006 - Arr\u00eat\u00e9 du 12 juillet 2024 - portant octroi d'une licence et d'autorisation\nd'exploitation de transporteur a\u00e9rien - Jura Ascensions 10\nArticle 5 : Le directeur de la s\u00e9curit\u00e9 de l'Aviation civile Nord-Est est charg\u00e9 de l'ex\u00e9cution du pr\u00e9sent arr\u00eat\u00e9 qui sera publi\u00e9au recueil des actes administratifs de la pr\u00e9fecture de la r\u00e9gion Bourgogne Franche Comt\u00e9.\nPour le pr\u00e9fet de la r\u00e9gion Bourgogne Franche Comt\u00e9 et par d\u00e9l\u00e9gation,le directeur de la s\u00e9curit\u00e9 de I'Aviation civile Nord-EstSign\u00e9:Christian BURGUNAdjoint au directeur de la s\u00e9curit\u00e9 de l'aviation civile nord est,charg\u00e9 des affaires techniques\nPr\u00e9fecture de la C\u00f4te-d'Or - 21-2024-07-12-00006 - Arr\u00eat\u00e9 du 12 juillet 2024 - portant octroi d'une licence et d'autorisation\nd'exploitation de transporteur a\u00e9rien - Jura Ascensions 11\nSous-pr\u00e9fecture de Montbard\n21-2024-07-16-00007\nArr\u00eat\u00e9 portant modification de la commission de\ncontr\u00f4le des listes \u00e9lectorales de Gurgy-la-Ville\nSous-pr\u00e9fecture de Montbard - 21-2024-07-16-00007 - Arr\u00eat\u00e9 portant modification de la commission de contr\u00f4le des listes \u00e9lectorales\nde Gurgy-la-Ville 12\nEzPREFETDE LACOTE-D'ORLibert\u00e9Egalit\u00e9Fraternit\u00e9\nSous-Pr\u00e9fecture de Montbard\nP\u00f4le collectivit\u00e9s locales et d\u00e9veloppement territorial                             Montbard, le 16 juillet 2024\nAffaire suivie par : Am\u00e9lie MILLOT-VIDET\nT\u00e9l :03.45.43.80.63\nm\u00e9l :amelie.millot-videt@cote-dor.gouv.fr\nArr\u00eat\u00e9\nportant modification de la composition de la commission de contr\u00f4le des listes \u00e9lectorales\nde Gurgy-la-Ville\nLe sous-pr\u00e9fet de l'arrondissement de Montbard\nVU le code \u00e9lectoral et notamment son article L19 ;\nVU  l'instruction NOR/INTA 18301205 du 21 novembre 2018,  notamment le paragraphe 3\nalin\u00e9a b relatif \u00e0 la suppl\u00e9ance des membres de la commission de contr\u00f4le de la liste\n\u00e9lectorale ;\nVU le d\u00e9cret du 17 novembre 2023 portant nomination de Monsieur S\u00e9bastien LANOYE,\nsous-pr\u00e9fet de Montbard ;\nVU l'arr\u00eat\u00e9  pr\u00e9fectoral  du  7  mai  2024  portant  renouvellement  des  commissions  de\ncontr\u00f4le des listes \u00e9lectorales des communes du d\u00e9partement de la C\u00f4te d'Or ;\nVU  l'arr\u00eat\u00e9 pr\u00e9fectoral n\u00b0149/SG du 18 janvier 2024 donnant d\u00e9l\u00e9gation de signature \u00e0\nMonsieur S\u00e9bastien LANOYE, sous-pr\u00e9fet de Montbard ;\nVU l'erreur mat\u00e9rielle contenue dans l'arr\u00eat\u00e9 du 7 mai 2024 au niveau de l'identit\u00e9 du\nd\u00e9l\u00e9gu\u00e9 de l'administration  ;\nSOUS-PR\u00c9FECTURE DE MONTBARD \u2013 25 rue Champfleury -  21500 Montbard\nt\u00e9l : 03.45.43.80.50 - m\u00e8l : sp-montbard@cote-dor.gouv.fr\nSite internet : http://www.cote-dor.gouv.fr\nSous-pr\u00e9fecture de Montbard - 21-2024-07-16-00007 - Arr\u00eat\u00e9 portant modification de la commission de contr\u00f4le des listes \u00e9lectorales\nde Gurgy-la-Ville 13\nARRETE\nArticle 1er : Est nomm\u00e9e, pour trois ans, d\u00e9l\u00e9gu\u00e9 titulaire de l'administration \u00e0 la commission\nde contr\u00f4le des listes \u00e9lectorales de la commune de Gurgy-la-Ville Madame Christelle BRALET\nn\u00e9e le 5 ao\u00fbt 1969 \u00e0 Chaumont.\nArticle 2  :  Monsieur le sous-pr\u00e9fet de Montbard et Madame le Maire de Gurgy-la-Ville sont\ncharg\u00e9s, chacun en ce qui le concerne, de l'ex\u00e9cution du pr\u00e9sent arr\u00eat\u00e9 qui sera publi\u00e9 au\nrecueil des actes administratifs de la pr\u00e9fecture de la C\u00f4te d'Or, affich\u00e9 aux emplacements\nofficiels de la commune et notifi\u00e9 \u00e0 l'int\u00e9ress\u00e9e.\nFait \u00e0 Montbard, le 16 juillet 2024\nLe sous-pr\u00e9fet,\n        sign\u00e9\nS\u00e9bastien LANOYE\nSOUS-PR\u00c9FECTURE DE MONTBARD \u2013 25 rue Champfleury -  21500 Montbard\nt\u00e9l : 03.45.43.80.50 - m\u00e8l : sp-montbard@cote-dor.gouv.fr\nSite internet : http://www.cote-dor.gouv.fr\nSous-pr\u00e9fecture de Montbard - 21-2024-07-16-00007 - Arr\u00eat\u00e9 portant modification de la commission de contr\u00f4le des listes \u00e9lectorales\nde Gurgy-la-Ville 14\nSous-pr\u00e9fecture de Montbard\n21-2024-07-16-00008\nArr\u00eat\u00e9 portant modification de la composition\nde la commission de contr\u00f4le des listes\n\u00e9lectorales de Alise Sainte Reine\nSous-pr\u00e9fecture de Montbard - 21-2024-07-16-00008 - Arr\u00eat\u00e9 portant modification de la composition de la commission de contr\u00f4le\ndes listes \u00e9lectorales de Alise Sainte Reine 15\nEzPREFETDE LACOTE-D'ORLibert\u00e9Egalit\u00e9Fraternit\u00e9\nSous-Pr\u00e9fecture de Montbard\nP\u00f4le collectivit\u00e9s locales et d\u00e9veloppement territorial                             Montbard, le 16 juillet 2024\nAffaire suivie par : Am\u00e9lie MILLOT-VIDET\nT\u00e9l :03.45.43.80.63\nm\u00e9l :amelie.millot-videt@cote-dor.gouv.fr\nArr\u00eat\u00e9\nportant modification de la composition de la commission de contr\u00f4le des listes \u00e9lectorales\nde Alise-Sainte-Reine\nLe sous-pr\u00e9fet de l'arrondissement de Montbard\nVU le code \u00e9lectoral et notamment son article L19 ;\nVU  l'instruction NOR/INTA 18301205 du 21 novembre 2018,  notamment le paragraphe 3\nalin\u00e9a b relatif \u00e0 la suppl\u00e9ance des membres de la commission de contr\u00f4le de la liste\n\u00e9lectorale ;\nVU le d\u00e9cret du 17 novembre 2023 portant nomination de Monsieur S\u00e9bastien LANOYE,\nsous-pr\u00e9fet de Montbard ;\nVU l'arr\u00eat\u00e9  pr\u00e9fectoral  du  7  mai  2024  portant  renouvellement  des  commissions  de\ncontr\u00f4le des listes \u00e9lectorales des communes du d\u00e9partement de la C\u00f4te d'Or ;\nVU  l'arr\u00eat\u00e9 pr\u00e9fectoral n\u00b0149/SG du 18 janvier 2024 donnant d\u00e9l\u00e9gation de signature \u00e0\nMonsieur S\u00e9bastien LANOYE, sous-pr\u00e9fet de Montbard ;\nVU la d\u00e9signation du d\u00e9l\u00e9gu\u00e9 de la Pr\u00e9sidente du Tribunal Judiciaire r\u00e9alis\u00e9e le 23 mai 2024\net re\u00e7ue en Sous-Pr\u00e9fecture le 6 juin 2024;\nSOUS-PR\u00c9FECTURE DE MONTBARD \u2013 25 rue Champfleury -  21500 Montbard\nt\u00e9l : 03.45.43.80.50 - m\u00e8l : sp-montbard@cote-dor.gouv.fr\nSite internet : http://www.cote-dor.gouv.fr\nSous-pr\u00e9fecture de Montbard - 21-2024-07-16-00008 - Arr\u00eat\u00e9 portant modification de la composition de la commission de contr\u00f4le\ndes listes \u00e9lectorales de Alise Sainte Reine 16\nARRETE\nArticle  1er :  Est  nomm\u00e9e,  pour  trois  ans,  d\u00e9l\u00e9gu\u00e9  titulaire  de  la  Pr\u00e9sidente  du  Tribunal\nJudiciaire \u00e0 la commission de contr\u00f4le des listes \u00e9lectorales de la commune d'Alise-Sainte-\nReine, Monsieur Jean GAUDY n\u00e9 le 13 mai 1966 \u00e0 Lons-le-Saunier.\nArticle 2 : Monsieur le sous-pr\u00e9fet de Montbard et Madame le Maire d'Alise-Sainte-Reine sont\ncharg\u00e9s, chacun en ce qui le concerne, de l'ex\u00e9cution du pr\u00e9sent arr\u00eat\u00e9 qui sera publi\u00e9 au\nrecueil des actes administratifs de la pr\u00e9fecture de la C\u00f4te d'Or, affich\u00e9 aux emplacements\nofficiels de la commune et notifi\u00e9 \u00e0 l'int\u00e9ress\u00e9.\nFait \u00e0 Montbard, le 16 juillet 2024\nLe sous-pr\u00e9fet,\nsign\u00e9\nS\u00e9bastien LANOYE\nSOUS-PR\u00c9FECTURE DE MONTBARD \u2013 25 rue Champfleury -  21500 Montbard\nt\u00e9l : 03.45.43.80.50 - m\u00e8l : sp-montbard@cote-dor.gouv.fr\nSite internet : http://www.cote-dor.gouv.fr\nSous-pr\u00e9fecture de Montbard - 21-2024-07-16-00008 - Arr\u00eat\u00e9 portant modification de la composition de la commission de contr\u00f4le\ndes listes \u00e9lectorales de Alise Sainte Reine 17\nSous-pr\u00e9fecture de Montbard\n21-2024-07-16-00009\nArr\u00eat\u00e9 portant modification de la composition\nde la commission de contr\u00f4le des listes\n\u00e9lectorales de Marcellois\nSous-pr\u00e9fecture de Montbard - 21-2024-07-16-00009 - Arr\u00eat\u00e9 portant modification de la composition de la commission de contr\u00f4le\ndes listes \u00e9lectorales de Marcellois 18\nEzPREFETDE LACOTE-D'ORLibert\u00e9Egalit\u00e9Fraternit\u00e9\nSous-Pr\u00e9fecture de Montbard\nP\u00f4le collectivit\u00e9s locales et d\u00e9veloppement territorial                             Montbard, le 16 juillet 2024\nAffaire suivie par : Am\u00e9lie MILLOT-VIDET\nT\u00e9l :03.45.43.80.63\nm\u00e9l :amelie.millot-videt@cote-dor.gouv.fr\nArr\u00eat\u00e9\nportant modification de la composition de la commission de contr\u00f4le des listes \u00e9lectorales\nde Marcellois\nLe sous-pr\u00e9fet de l'arrondissement de Montbard\nVU le code \u00e9lectoral et notamment son article L19 ;\nVU  l'instruction NOR/INTA 18301205 du 21 novembre 2018,  notamment le paragraphe 3\nalin\u00e9a b relatif \u00e0 la suppl\u00e9ance des membres de la commission de contr\u00f4le de la liste\n\u00e9lectorale ;\nVU le d\u00e9cret du 17 novembre 2023 portant nomination de Monsieur S\u00e9bastien LANOYE,\nsous-pr\u00e9fet de Montbard ;\nVU l'arr\u00eat\u00e9  pr\u00e9fectoral  du  7  mai  2024  portant  renouvellement  des  commissions  de\ncontr\u00f4le des listes \u00e9lectorales des communes du d\u00e9partement de la C\u00f4te d'Or ;\nVU  l'arr\u00eat\u00e9 pr\u00e9fectoral n\u00b0149/SG du 18 janvier 2024 donnant d\u00e9l\u00e9gation de signature \u00e0\nMonsieur S\u00e9bastien LANOYE, sous-pr\u00e9fet de Montbard ;\nVU les  nouvelles  propositions  de  d\u00e9l\u00e9gu\u00e9  formul\u00e9es  par  le  Maire  de  la  commune  de\nMarcellois ;\nSOUS-PR\u00c9FECTURE DE MONTBARD \u2013 25 rue Champfleury -  21500 Montbard\nt\u00e9l : 03.45.43.80.50 - m\u00e8l : sp-montbard@cote-dor.gouv.fr\nSite internet : http://www.cote-dor.gouv.fr\nSous-pr\u00e9fecture de Montbard - 21-2024-07-16-00009 - Arr\u00eat\u00e9 portant modification de la composition de la commission de contr\u00f4le\ndes listes \u00e9lectorales de Marcellois 19\nARRETE\nArticle 1er : Est nomm\u00e9e, pour trois ans, d\u00e9l\u00e9gu\u00e9 titulaire de l'administration \u00e0 la commission\nde contr\u00f4le des listes \u00e9lectorales de la commune de Marcellois, Madame Catherine Marie\nBernadette Annie  LEMAITRE \u00e9pouse GHIDINELLI n\u00e9e le 06 juillet 1965 \u00e0 Besan\u00e7on.\nEst nomm\u00e9, pour trois ans, d\u00e9l\u00e9gu\u00e9 titulaire de la Pr\u00e9sidente du Tribunal Judiciaire, Monsieur\nPierre BABSKI-SIMON n\u00e9 le 15 octobre 1981 \u00e0 Ambilly.\nArticle  2 :  Monsieur  le sous-pr\u00e9fet de  Montbard  et  Monsieur  le Maire de Marcellois  sont\ncharg\u00e9s, chacun en ce qui le concerne, de l'ex\u00e9cution du pr\u00e9sent arr\u00eat\u00e9 qui sera publi\u00e9 au\nrecueil des actes administratifs de la pr\u00e9fecture de la C\u00f4te d'Or, affich\u00e9 aux emplacements\nofficiels de la commune et notifi\u00e9 aux int\u00e9ress\u00e9s.\nFait \u00e0 Montbard, le 16 juillet 2024\nLe sous-pr\u00e9fet,\nsign\u00e9\nS\u00e9bastien LANOYE\nSOUS-PR\u00c9FECTURE DE MONTBARD \u2013 25 rue Champfleury -  21500 Montbard\nt\u00e9l : 03.45.43.80.50 - m\u00e8l : sp-montbard@cote-dor.gouv.fr\nSite internet : http://www.cote-dor.gouv.fr\nSous-pr\u00e9fecture de Montbard - 21-2024-07-16-00009 - Arr\u00eat\u00e9 portant modification de la composition de la commission de contr\u00f4le\ndes listes \u00e9lectorales de Marcellois 20","date":"2024-07-19","first_seen_on":"2025-09-14T14:22:24+00:00","id":"0f9248d26b3e88e92bddad11071ac6818a7b7bf8fb442dffc72fec61f93ef144","name":"RAA n\u00b0 094 du 19 juillet 2024","pdf_creation_date":"2024-07-19T06:05:25+00:00","pdf_modification_date":null,"timezone":"Europe/Paris","url":"https://www.cote-dor.gouv.fr/contenu/telechargement/21875/167470/file/recueil-21-2024-094-recueil-des-actes-administratifs-special.pdf"}
