{"administration":"pref83","administration_name":"Pr\u00e9fecture du Var","content":"VAR\nRECUEIL DES ACTES\nADMINISTRATIFS\nN\u00b083-2025-184\nPUBLI\u00c9 LE  2 JUIN 2025\nSommaire\nPr\u00e9fecture du VAR / Direction de la coordination des politiques publiques\net de l'appui territorial\n83-2025-06-02-00004 - ARR\u00caT\u00c9 PR\u00c9FECTORAL n\u00b0 2024/39/MCI du 2\njuin 2025 portant d\u00e9l\u00e9gation de signature \u00e0 M. Jean-Baptiste\nMORINAUD, Secr\u00e9taire g\u00e9n\u00e9ral adjoint de la pr\u00e9fecture du\nVar,\nSous-pr\u00e9fet charg\u00e9 de mission aupr\u00e8s du pr\u00e9fet du Var (4\npages) Page 6\n83-2025-06-02-00003 - ARR\u00caT\u00c9 PR\u00c9FECTORAL n\u00b0 2025/12/ MCI du 2\njuin 2025 portant d\u00e9l\u00e9gation de signature \u00e0 M. Lucien GIUDICELLI,\nSecr\u00e9taire g\u00e9n\u00e9ral de la pr\u00e9fecture du Var, Sous-pr\u00e9fet de\nl'arrondissement de Toulon (3 pages) Page 11\n83-2025-06-02-00007 - ARR\u00caT\u00c9 PR\u00c9FECTORAL n\u00b0 2025/16/MCI du 2\njuin 2025 portant d\u00e9l\u00e9gation de signature \u00e0 Mme Anne-Cecile VIALLE,\nsous-pr\u00e9f\u00e8te de l'arrondissement de BRIGNOLES (6 pages) Page 15\n83-2025-06-02-00008 - ARR\u00caT\u00c9 PR\u00c9FECTORAL n\u00b0 2025/17/MCI du 2\njuin 2025 portant d\u00e9l\u00e9gation de signature \u00e0 M. Thibaut DARGON,\ndirecteur de la citoyennet\u00e9 et de la l\u00e9galit\u00e9 de la pr\u00e9fecture du Var\n(4 pages) Page 22\n83-2025-06-02-00011 - ARR\u00caT\u00c9 PR\u00c9FECTORAL n\u00b0 2025/20/MCI du 2\njuin 2025 portant d\u00e9l\u00e9gation de signature \u00e0 Mme Carole ROCHA\nr\u00e9f\u00e9rente fraude d\u00e9partementale de la pr\u00e9fecture du\nVar,\nr\u00e9f\u00e9rente pour le contr\u00f4le interne financier. (2 pages) Page 27\n83-2025-06-02-00012 - ARR\u00caT\u00c9 PR\u00c9FECTORAL n\u00b0 2025/21/MCI du 2\njuin 2025 portant d\u00e9l\u00e9gation de signature \u00e0 M. Laurent FAR\u00c9 chef du\nservice de la communication interminist\u00e9rielle de l'\u00c9tat en\nd\u00e9partement de la pr\u00e9fecture du Var (2 pages) Page 30\n83-2025-06-02-00015 - ARR\u00caT\u00c9 PR\u00c9FECTORAL n\u00b0 2025/24/MCI du 2\njuin 2025 portant d\u00e9l\u00e9gation de signature \u00e0 Mme Nathalie GUERSON,\ndirectrice d\u00e9partementale de la protection des populations du Var (4\npages) Page 33\n83-2025-06-02-00016 - ARR\u00caT\u00c9 PR\u00c9FECTORAL n\u00b0 2025/25/MCI du 2\njuin 2025 portant d\u00e9l\u00e9gation de signature \u00e0 M. Laurent\nBOULET,directeur d\u00e9partemental des territoires et de la mer du Var (3\npages) Page 38\n83-2025-06-02-00017 - ARR\u00caT\u00c9 PR\u00c9FECTORAL n\u00b0 2025/27/MCI du 2\njuin 2025 portant d\u00e9l\u00e9gation de signature \u00e0 M. Jean-Michel\nBLANCHARD, directeur d\u00e9partemental des Finances publiques du Var, (4\npages) Page 42\n2\n83-2025-06-02-00018 - ARR\u00caT\u00c9 PR\u00c9FECTORAL n\u00b0 2025/28/MCI du 2\njuin 2025 portant d\u00e9l\u00e9gation de signature \u00e0 M. Jean-Paul CATANESE,\nAdministrateur de l'Etat, Directeur d\u00e9partemental des Finances\npubliques des Alpes-Maritimes (2 pages) Page 47\n83-2025-06-02-00031 - ARR\u00caT\u00c9 PR\u00c9FECTORAL n\u00b0 2025/31/MCI du 2\njuin 2025\nportant d\u00e9l\u00e9gation de signature pour l'ordonnancement\nsecondaire\ndes recettes et des d\u00e9penses imput\u00e9es sur les\nprogrammes du budget de l'\u00c9tat\nau sein de la direction\nd\u00e9partementale de l'emploi, du travail et des solidarit\u00e9s du Var (4\npages) Page 50\n83-2025-06-02-00032 - ARR\u00caT\u00c9 PR\u00c9FECTORAL n\u00b0 2025/32/MCI du 2\njuin 2025\nportant d\u00e9l\u00e9gation de signature pour l'ordonnancement\nsecondaire\ndes recettes et des d\u00e9penses\nimput\u00e9es sur le budget de\nl'\u00c9tat et pour les march\u00e9s publics et les accords-cadres\nau sein de\nla direction d\u00e9partementale de la protection des populations du Var (4\npages) Page 55\n83-2025-06-02-00034 - ARR\u00caT\u00c9 PR\u00c9FECTORAL n\u00b0 2025/34/MCI du 2\njuin 2025\nportant d\u00e9l\u00e9gation de signature pour l'ordonnancement\nsecondaire\ndes recettes et des d\u00e9penses imput\u00e9es sur le budget de\nl'\u00c9tat\nau sein de la direction acad\u00e9mique des services de\nl'\u00e9ducation nationale du Var (3 pages) Page 60\n83-2025-06-02-00019 - ARR\u00caT\u00c9 PR\u00c9FECTORAL n\u00b0 2025/36/MCI du 2\njuin 2025 portant d\u00e9l\u00e9gation de signature \u00e0 M. Patrick VAUTERIN,\ndirecteur d\u00e9partemental des territoires et de la mer des\nBouches-du-Rh\u00f4ne,\npour la mission d'instruction des demandes\nd'autorisation de transports exceptionnels (2 pages) Page 64\n83-2025-06-02-00021 - ARR\u00caT\u00c9 PR\u00c9FECTORAL n\u00b0 2025/38/MCI du 2\njuin 2025\nportant d\u00e9l\u00e9gation de signature \u00e0 Mme Marie-Claire\nPONTIER, conservatrice g\u00e9n\u00e9rale du\npatrimoine, directrice du service\nd\u00e9partemental des archives des Bouches-du-Rh\u00f4ne,\nassurant\nl'int\u00e9rim du directeur du service d\u00e9partemental des archives du Var\n(3 pages) Page 67\n83-2025-06-02-00022 - ARR\u00caT\u00c9 PR\u00c9FECTORAL n\u00b0 2025/40/MCI du 2\njuin 2025\nportant d\u00e9l\u00e9gation de signature \u00e0 M. J\u00e9r\u00f4me\nGUERVIN,\ndirecteur du service d\u00e9partemental du Var de l'office\nnational des anciens combattants\net victimes de guerre (ONaCVG) (2\npages) Page 71\n83-2025-06-02-00023 - ARR\u00caT\u00c9 PR\u00c9FECTORAL n\u00b0 2025/41/MCI du 2\njuin 2025\nportant d\u00e9l\u00e9gation de signature \u00e0 Mme Virginie\nBOUVARD.\nCheffe du service territorial de France AgriMer (SRFAM)\npour\nla r\u00e9gion Provence-Alpes-C\u00f4te d'Azur\nLe Pr\u00e9fet du Var (2 pages) Page 74\n3\n83-2025-06-02-00024 - ARR\u00caT\u00c9 PR\u00c9FECTORAL n\u00b0 2025/42/MCI du 2\njuin 2025\nportant d\u00e9l\u00e9gation de signature \u00e0 M. Remi\nLABEDADE\nCommandant de police, commandant la compagnie\nr\u00e9publicaine de s\u00e9curit\u00e9\nautorouti\u00e8re Provence au sein de la\nDZCRS SUD\npour les d\u00e9cisions relevant de l'article L.325-1-2 du\nCode de la route (2 pages) Page 77\n83-2025-06-02-00025 - ARR\u00caT\u00c9 PR\u00c9FECTORAL n\u00b0 2025/43/MCI du 2\njuin 2025\nportant d\u00e9l\u00e9gation de signature \u00e0 M. J\u00e9r\u00f4me\nMARTIN,\ndirecteur interd\u00e9partemental de la police nationale du Var (4\npages) Page 80\n83-2025-06-02-00026 - ARR\u00caT\u00c9 PR\u00c9FECTORAL n\u00b0 2025/44/MCI du 2\njuin 2025\nportant d\u00e9l\u00e9gation de signature au colonel Gr\u00e9gory\nGOUMAIN\ncommandant le groupement de gendarmerie du Var (2 pages) Page 85\n83-2025-06-02-00027 - ARR\u00caT\u00c9 PR\u00c9FECTORAL n\u00b0 2025/45/MCI du 2\njuin 2025\nportant d\u00e9l\u00e9gation de signature au Commandant de police\nJo\u00ebl GONZALEZ,\nChef du service d\u00e9partemental de la police aux\nfronti\u00e8res du Var (SDPAF 83)\nau sein de la direction\nInterd\u00e9partementale de la Police Nationale 83 (DIPN) (2 pages) Page 88\n83-2025-06-02-00028 - ARR\u00caT\u00c9 PR\u00c9FECTORAL n\u00b0 2025/46/MCI du 2\njuin 2025\nportant d\u00e9l\u00e9gation de signature \u00e0 Madame Emmanuelle\nBLANC,\ning\u00e9nieure g\u00e9n\u00e9rale des ponts, des eaux et des\nfor\u00eats,\ndirectrice interr\u00e9gionale de la s\u00e9curit\u00e9 de l'aviation civile\nsud-est. (4 pages) Page 91\n83-2025-06-02-00029 - ARR\u00caT\u00c9 PR\u00c9FECTORAL n\u00b0 2025/47/MCI du 2\njuin 2025\nportant d\u00e9l\u00e9gation de signature au contr\u00f4leur g\u00e9n\u00e9ral\nEric GROHIN\ndirecteur d\u00e9partemental du service d\u00e9partemental\nd'incendie et de secours du Var (2 pages) Page 96\n83-2025-06-02-00030 - ARR\u00caT\u00c9 PR\u00c9FECTORAL n\u00b0 2025/48/MCI du 2\njuin 2025\nportant d\u00e9l\u00e9gation de signature \u00e0 Madame Natacha\nCHICOT\nrectrice de l'acad\u00e9mie de NICE (3 pages) Page 99\n83-2025-06-02-00035 - ARR\u00caT\u00c9 PR\u00c9FECTORAL n\u00b0 2025/51/MCI du 2\njuin 2025\nportant d\u00e9l\u00e9gation de signature en mati\u00e8re\nd'ordonnancement secondaire\net de comptabilit\u00e9 g\u00e9n\u00e9rale de\nl'\u00c9tat \u00e0 M. G\u00e9rard BLANC,\nadministrateur de l'\u00c9tat,\nadjoint\nau directeur d\u00e9partemental des Finances publiques du Var (3 pages) Page 103\n83-2025-06-02-00036 - ARR\u00caT\u00c9 PR\u00c9FECTORAL n\u00b02025/04/MCI du 5\nf\u00e9vrier 2025 portant d\u00e9l\u00e9gation de signature pour\nl'ordonnancement secondaire\ndes d\u00e9penses et des recettes\nde la\npr\u00e9fecture de TOULON et des sous-pr\u00e9fectures de DRAGUIGNAN et\nBRIGNOLES\nimput\u00e9es sur le budget de l'\u00c9tat (8 pages) Page 107\n4\n83-2025-06-02-00005 - ARR\u00caT\u00c9 PR\u00c9FECTORAL n\u00b02025/14/MCI du 2\njuin 2025 portant d\u00e9l\u00e9gation de signature \u00e0\nMme Jos\u00e9phine\nGUIGLIANO-BOUTONNET, directrice de Cabinet du pr\u00e9fet du Var (8\npages) Page 116\n83-2025-06-02-00006 - ARR\u00caT\u00c9 PR\u00c9FECTORAL n\u00b02025/15/MCI du 2\njuin 2025 portant d\u00e9l\u00e9gation de signature \u00e0 Mme Myriam GARCIA,\nsous-pr\u00e9f\u00e8te de l'arrondissement de DRAGUIGNAN (8 pages) Page 125\n83-2025-06-02-00009 - ARR\u00caT\u00c9 PR\u00c9FECTORAL n\u00b02025/18/MCI du 2\njuin 2025 portant d\u00e9l\u00e9gation de signature \u00e0 Mme M\u00e9lanie COLLAR,\ndirectrice de la coordination des politiques publiques\net de l'appui\nterritorial de la pr\u00e9fecture du Var (2 pages) Page 134\n83-2025-06-02-00010 - ARR\u00caT\u00c9 PR\u00c9FECTORAL n\u00b02025/19/MCI du 2\njuin 2025 portant d\u00e9l\u00e9gation de signature \u00e0 M. Emmanuel SADOUX,\ndirecteur des titres d'identit\u00e9 et de l'immigration de la\npr\u00e9fecture du Var (3 pages) Page 137\n83-2025-06-02-00013 - Arr\u00eat\u00e9 pr\u00e9fectoral n\u00b02025/22/MCI du 2 juin\n2025\nportant d\u00e9l\u00e9gation de signature et d'ordonnancement\nsecondaire des recettes et d\u00e9penses de l'\u00c9tat au titre des\nprogrammes ex\u00e9cut\u00e9s par la SGCD du Var\n\u00e0 Monsieur S\u00e9bastien\nODDONE,\nDirecteur du secr\u00e9tariat g\u00e9n\u00e9ral commun\nd\u00e9partemental du Var (5 pages) Page 141\n83-2025-06-02-00014 - ARR\u00caT\u00c9 PR\u00c9FECTORAL n\u00b02025/23/MCI du 2\njuin 2025\nportant d\u00e9l\u00e9gation de signature \u00e0 Mme Sandrine\nPOLYCHRONOPOULOS,\ndirectrice d\u00e9partementale de l'emploi, du\ntravail et des solidarit\u00e9s du Var (3 pages) Page 147\n83-2025-06-02-00033 - ARR\u00caT\u00c9 PR\u00c9FECTORAL n\u00b02025/33/MCI du 2\njuin 2025\nportant d\u00e9l\u00e9gation de signature pour l'ordonnancement\nsecondaire\ndes recettes et des d\u00e9penses imput\u00e9es sur les\nprogrammes du budget de l'\u00c9tat\net pour les march\u00e9s publics et les\naccords-cadres\nau sein de la direction d\u00e9partementale des territoires et\nde la mer du Var (4 pages) Page 151\n83-2025-06-02-00020 - ARR\u00caT\u00c9 PR\u00c9FECTORAL n\u00b02025/4/37/MCI du 2\njuin 2025 portant d\u00e9l\u00e9gation de signature \u00e0 M. Edward de LUMLEY,\nDirecteur r\u00e9gional des affaires culturelles de la r\u00e9gion\nProvence-Alpes-C\u00f4te d'Azur (3 pages) Page 156\n5\nPr\u00e9fecture du VAR\n83-2025-06-02-00004\nARR\u00caT\u00c9 PR\u00c9FECTORAL n\u00b0 2024/39/MCI du 2 juin\n2025 portant d\u00e9l\u00e9gation de signature \u00e0 M.\nJean-Baptiste MORINAUD, Secr\u00e9taire g\u00e9n\u00e9ral\nadjoint de la pr\u00e9fecture du Var,\nSous-pr\u00e9fet charg\u00e9 de mission aupr\u00e8s du pr\u00e9fet\ndu Var\nPr\u00e9fecture du VAR - 83-2025-06-02-00004 - ARR\u00caT\u00c9 PR\u00c9FECTORAL n\u00b0 2024/39/MCI du 2 juin 2025 portant d\u00e9l\u00e9gation de signature \u00e0 M.\nJean-Baptiste MORINAUD, Secr\u00e9taire g\u00e9n\u00e9ral adjoint de la pr\u00e9fecture du Var,\nSous-pr\u00e9fet charg\u00e9 de mission aupr\u00e8s du pr\u00e9fet du Var\n6\n=mPREFETDU VARLibert\u00e9Egalit\u00e9Fraternit\u00e9\nDirection de la coordination des politiques publiques\net de l'appui territorial\nMission de coordination interminist\u00e9rielle\nARR\u00caT\u00c9 PR\u00c9FECTORAL n\u00b0 2024/39/MCI du 2 juin 2025\nportant d\u00e9l\u00e9gation de signature \u00e0 M. Jean-Baptiste MORINAUD, \nSecr\u00e9taire g\u00e9n\u00e9ral adjoint de la pr\u00e9fecture du Var,\nSous-pr\u00e9fet charg\u00e9 de mission aupr\u00e8s du pr\u00e9fet du Var,\nLe Pr\u00e9fet du Var,\nChevalier de la L\u00e9gion d'Honneur,\nChevalier de l'Ordre National du M\u00e9rite,\nVu la loi n\u00b0 82-213 du 2 mars 1982 modifi\u00e9e, relative aux droits et libert\u00e9s des communes, des  \nd\u00e9partements et des r\u00e9gions ;\nVu la loi n\u00b0 83-8 du 7 janvier 1983 modifi\u00e9e, relative \u00e0 la r\u00e9partition des comp\u00e9tences entre les \ncommunes, les d\u00e9partements, les r\u00e9gions et l'\u00c9tat ;\nVu  la  loi  d'orientation  n\u00b0  92-125  du  6  f\u00e9vrier  1992  modifi\u00e9e  relative  \u00e0  l'administration \nterritoriale de la R\u00e9publique ;\nVu la loi n\u00b0 2004-809 du 13 ao\u00fbt 2004 modifi\u00e9e relative aux libert\u00e9s et responsabilit\u00e9s locales ;\nVu  le  d\u00e9cret  n\u00b0  2004-374  du  29  avril  2004  modifi\u00e9  relatif  aux  pouvoirs  des  pr\u00e9fets,  \u00e0 \nl'organisation et \u00e0 l'action des services de l'\u00c9tat dans les r\u00e9gions et d\u00e9partements ;\nVu le d\u00e9cret n\u00b0 2015-510 du 7 mai 2015 portant charte de la d\u00e9concentration ;\nVu  le  d\u00e9cret  du  Pr\u00e9sident  de  la  R\u00e9publique  du  12  avril  2022  portant  nomination  de \nM.  Lucien  GIUDICELLI,  secr\u00e9taire  g\u00e9n\u00e9ral  de  la  pr\u00e9fecture  du  Var,  sous-pr\u00e9fet  de  \nl'arrondissement de Toulon ;\nVu le d\u00e9cret du Pr\u00e9sident de la R\u00e9publique du  21 septembre 2024 portant nomination de  \nM. Jean-Baptiste MORINAUD, secr\u00e9taire g\u00e9n\u00e9ral adjoint de la pr\u00e9fecture du Var, sous-pr\u00e9fet  \ncharg\u00e9 de mission aupr\u00e8s du pr\u00e9fet du Var ;\nVu le d\u00e9cret du Pr\u00e9sident de la R\u00e9publique du 15 mai 2025 portant nomination de M. Simon  \nBABRE, pr\u00e9fet du Var ;\nVu  l'arr\u00eat\u00e9  pr\u00e9fectoral  n\u00b02024/43/MCI  du  30  d\u00e9cembre  2024  portant  organisation  de  la \npr\u00e9fecture du Var ;\nVu la circulaire n\u00b06344/SG du 20 avril 2022 relative \u00e0 la mise en \u0153uvre territoriale du plan de  \nr\u00e9silience \u00e9conomique et sociale ;\nVu la circulaire n\u00b06375/SG du 6 octobre 2022 relative \u00e0 la mise en \u0153uvre de la politique  \ninterminist\u00e9rielle pour l'inclusion des personnes handicap\u00e9es ;\nPr\u00e9fecture du Var - Bd du 112\u00e8me R\u00e9giment d'Infanterie - CS 31 209 - 83070 TOULON CEDEX\nStandard t\u00e9l\u00e9phonique : 04 94 18 83 83 \u2013 Horaires d'ouverture et modalit\u00e9s d'accueil sur le portail Internet : www.var.gouv.fr\n1/4\nPr\u00e9fecture du VAR - 83-2025-06-02-00004 - ARR\u00caT\u00c9 PR\u00c9FECTORAL n\u00b0 2024/39/MCI du 2 juin 2025 portant d\u00e9l\u00e9gation de signature \u00e0 M.\nJean-Baptiste MORINAUD, Secr\u00e9taire g\u00e9n\u00e9ral adjoint de la pr\u00e9fecture du Var,\nSous-pr\u00e9fet charg\u00e9 de mission aupr\u00e8s du pr\u00e9fet du Var\n7\nVu la circulaire n\u00b06389/SG du 12 janvier 2023 relative aux modalit\u00e9s d'un accompagnement  \nrenforc\u00e9  au  plan  d\u00e9partemental  des  projets  France  2030  et  d'implantation  d'activit\u00e9s \nindustrielles et logistiques ;\nSur proposition du secr\u00e9taire g\u00e9n\u00e9ral de la pr\u00e9fecture du Var,\nARR\u00caTE :\nARTICLE      1  \nM. Jean-Baptiste MORINAUD , secr\u00e9taire g\u00e9n\u00e9ral adjoint de la pr\u00e9fecture du Var, sous-pr\u00e9fet  \ncharg\u00e9 de mission aupr\u00e8s du pr\u00e9fet du Var,  assiste le pr\u00e9fet pour toutes les missions relevant  \nde la politique de la ville, de l'\u00e9galit\u00e9 des chances, de la lutte contre les discriminations, le  \nracisme  et  l'antis\u00e9mitisme.  Il exerce  les  missions  relatives  \u00e0  l'asile  en  lien  direct  avec  le \nsecr\u00e9taire g\u00e9n\u00e9ral de la pr\u00e9fecture du Var. \nAu titre de la politique de la ville, il est notamment charg\u00e9 d'animer et de coordonner les  \ndispositifs de l'\u00c9tat dans les domaines de la r\u00e9novation urbaine, du logement, de l'emploi et \ndu d\u00e9veloppement \u00e9conomique, de la formation professionnelle et des aides aux entreprises.\nDans le cadre des missions de coh\u00e9sion sociale, il est notamment charg\u00e9 d'animer et de  \ncoordonner les dispositifs de l'\u00c9tat  dans les domaines de l'h\u00e9bergement, de  l'insertion par  \nl'activit\u00e9 \u00e9conomique, de l'acc\u00e8s \u00e0 la citoyennet\u00e9 et de la lutte contre les exclusions.\nM.  Jean-Baptiste  MORINAUD  est  d\u00e9sign\u00e9  sous-pr\u00e9fet  r\u00e9f\u00e9rent  d\u00e9partemental,  pour  les \nmissions suivantes :\n\u2022 le handicap et l'inclusion ;\n\u2022 l'accueil des r\u00e9fugi\u00e9s ;\n\u2022 les valeurs de la R\u00e9publique et la\u00efcit\u00e9 ;\n\u2022 la lutte contre l'habitat indigne ;\n\u2022 le plan de r\u00e9silience \u00e9conomique et sociale\u00a0;\n\u2022 France 2030 et l'acc\u00e9l\u00e9ration des projets industriels.\nARTICLE 2\nD\u00e9l\u00e9gation de signature est donn\u00e9e \u00e0 M. Jean-Baptiste MORINAUD \u00e0  l'effet  de  signer,  tous  \nactes, arr\u00eat\u00e9s, d\u00e9cisions, correspo ndances et documents administratifs concernant, dans le  \nd\u00e9partement du Var, les domaines suivants :\n\u2022 la mise en \u0153uvre de la politique de la ville, et notamment les  conventions portant  \nattribution  de  subvention  de  fonctionnement  de  l'\u00c9tat  d'un  montant  sup\u00e9rieur  \u00e0 \n50 000 \u20ac, ainsi que les d\u00e9cisions de subventions d'investissement quel qu'en soit  le \nmontant ;\n\u2022 la pr\u00e9vention de l'exclusion et l'insertion des personnes vuln\u00e9rables, e t notamment les \nconventions  portant  attribution  de  subvention  de  fonctionnement  de  l'\u00c9tat,  d'un \nmontant sup\u00e9rieur \u00e0 50 000 \u20ac, ainsi que les d\u00e9cisions de subventions d'investissement  \nquel qu'en soit le montant ;\n\u2022 la r\u00e9novation urbaine ;\n\u2022 l'\u00e9galit\u00e9 des chances ;\n\u2022 la lutte contre les discriminations, le racisme et l'antis\u00e9mitisme ;\nPr\u00e9fecture du Var - Bd du 112\u00e8me R\u00e9giment d'Infanterie - CS 31 209 - 83070 TOULON CEDEX\nStandard t\u00e9l\u00e9phonique : 04 94 18 83 83 \u2013 Horaires d'ouverture et modalit\u00e9s d'accueil sur le portail Internet : www.var.gouv.fr\n2/4\nPr\u00e9fecture du VAR - 83-2025-06-02-00004 - ARR\u00caT\u00c9 PR\u00c9FECTORAL n\u00b0 2024/39/MCI du 2 juin 2025 portant d\u00e9l\u00e9gation de signature \u00e0 M.\nJean-Baptiste MORINAUD, Secr\u00e9taire g\u00e9n\u00e9ral adjoint de la pr\u00e9fecture du Var,\nSous-pr\u00e9fet charg\u00e9 de mission aupr\u00e8s du pr\u00e9fet du Var\n8\n\u2022 les valeurs de la R\u00e9publique et la la\u00efcit\u00e9 ;\n\u2022 l'int\u00e9gration des populations immigr\u00e9es ;\n\u2022 la lutte contre l'habitat indigne et notamment toutes d\u00e9cisions mettant en \u0153uvre les  \npouvoirs de police sp\u00e9ciale du pr\u00e9fet dans ce domaine ;\n\u2022 le handicap et l'inclusion.\nARTICLE 3\nM. Jean-Baptiste MORINAUD est habilit\u00e9 \u00e0 signer les actes relatifs au fonctionnement et aux  \navis ou d\u00e9cisions des commissions administratives dont il assure la pr\u00e9sidence \u00e0 la demande  \ndu pr\u00e9fet. \nARTICLE 4\nLorsque  M. Jean-Baptiste MORINAUD  assure le service institu\u00e9 conform\u00e9ment \u00e0 l'ordre des  \npermanences fix\u00e9 par le pr\u00e9fet, d\u00e9l\u00e9gation sp\u00e9ciale lui est alors accord\u00e9e \u00e0 l'effet de signer,  \npour  l'ensemble  du  d\u00e9partement,  toute  d\u00e9cision  n\u00e9cessit\u00e9e  par  une  situation  d'urgence, \nnotamment :\n\u2022 les d\u00e9cisions de suspension provisoire imm\u00e9diate des permis de conduire ;\n\u2022 les mesures d'\u00e9loignement relevant de la comp\u00e9tence du repr\u00e9sentant de l'\u00c9tat  \ndans le d\u00e9partement et concernant les \u00e9trangers s\u00e9journant irr\u00e9guli\u00e8rement sur le  \nterritoire  fran\u00e7ais  et  les  d\u00e9cisions  de  placement  en  r\u00e9tention  administrative  ou \nd'assignation \u00e0 r\u00e9sidence des \u00e9trangers objet de ces mesures, prises en application  \ndes dispositions du code de l'entr\u00e9e et du s\u00e9jour des \u00e9trangers et du droit d'asile  \n(CESEDA) ;\n\u2022 tout  courrier  relatif  aux  proc\u00e9dures  d'\u00e9loignement  concernant  les  \u00e9trangers  \ns\u00e9journant  irr\u00e9guli\u00e8rement  sur  le  territoire  fran\u00e7ais,  y  compris  toute  requ\u00eate \nadress\u00e9e aux juridictions en mati\u00e8re de r\u00e9tention administrative, notamment au  \njuge des libert\u00e9s et de la d\u00e9tention en application des articles L 552-1 \u00e0 L 552-8 du  \nCESEDA, en vue d'obtenir la prolongation de la r\u00e9tention administrative ;\n\u2022 la d\u00e9livrance de passeports et de titres d'identit\u00e9 ;\n\u2022 les arr\u00eat\u00e9s pronon\u00e7ant l'admission sans consentement en soins psychiatriques des  \npersonnes dont les troubles mentaux n\u00e9cessitent des soins et compromettent la  \ns\u00fbret\u00e9 des personnes ou portent atteinte, de fa\u00e7on grave, \u00e0 l'ordre public ainsi que  \nles oppositions aux demandes d'autorisation de sortie de courte dur\u00e9e prises en  \napplication de l'article L 3211-11-1 du code de la sant\u00e9 publique ;\n\u2022 La saisine du juge du tribunal judiciaire aux fins de contr\u00f4les des mesures de soins  \nsans consentement ;\n\u2022 La signature des m\u00e9moires  produits dans le cadre des audiences du juge judicaire  \nen mati\u00e8re de soins sans consentement ;\n\u2022 les autorisations de transport de corps en dehors du territoire m\u00e9tropolitain ;\n\u2022 les gardes statiques et escortes de d\u00e9tenus.\nD\u00e9l\u00e9gation lui est \u00e9galement donn\u00e9e pour signer toute r\u00e9quisition, toute requ\u00eate ou tout  \nm\u00e9moire  aupr\u00e8s  des  juridictions,  notamment  en  mati\u00e8re  de  r\u00e9tention  administrative,  \u00e0 \nl'exclusion des d\u00e9clinatoires de comp\u00e9tence et arr\u00eat\u00e9s de conflit.\nPr\u00e9fecture du Var - Bd du 112\u00e8me R\u00e9giment d'Infanterie - CS 31 209 - 83070 TOULON CEDEX\nStandard t\u00e9l\u00e9phonique : 04 94 18 83 83 \u2013 Horaires d'ouverture et modalit\u00e9s d'accueil sur le portail Internet : www.var.gouv.fr\n3/4\nPr\u00e9fecture du VAR - 83-2025-06-02-00004 - ARR\u00caT\u00c9 PR\u00c9FECTORAL n\u00b0 2024/39/MCI du 2 juin 2025 portant d\u00e9l\u00e9gation de signature \u00e0 M.\nJean-Baptiste MORINAUD, Secr\u00e9taire g\u00e9n\u00e9ral adjoint de la pr\u00e9fecture du Var,\nSous-pr\u00e9fet charg\u00e9 de mission aupr\u00e8s du pr\u00e9fet du Var\n9\nARTICLE 5\nLe secr\u00e9taire g\u00e9n\u00e9ral de la pr\u00e9fecture du Var et le secr\u00e9taire g\u00e9n\u00e9ral adjoint de la pr\u00e9fecture  \ndu Var, \u00a0sous-pr\u00e9fet charg\u00e9 de mission aupr\u00e8s du Pr\u00e9fet,  sont charg\u00e9s, chacun en ce qui le  \nconcerne, de l'ex\u00e9cution du pr\u00e9sent arr\u00eat\u00e9 qui sera publi\u00e9 au recueil des actes administratifs  \nde la pr\u00e9fecture du Var. \nFait \u00e0 Toulon, le 2 juin 2025\nPr\u00e9fet du Var\nSign\u00e9\nSimon BABRE\nPr\u00e9fecture du Var - Bd du 112\u00e8me R\u00e9giment d'Infanterie - CS 31 209 - 83070 TOULON CEDEX\nStandard t\u00e9l\u00e9phonique : 04 94 18 83 83 \u2013 Horaires d'ouverture et modalit\u00e9s d'accueil sur le portail Internet : www.var.gouv.fr\n4/4\nPr\u00e9fecture du VAR - 83-2025-06-02-00004 - ARR\u00caT\u00c9 PR\u00c9FECTORAL n\u00b0 2024/39/MCI du 2 juin 2025 portant d\u00e9l\u00e9gation de signature \u00e0 M.\nJean-Baptiste MORINAUD, Secr\u00e9taire g\u00e9n\u00e9ral adjoint de la pr\u00e9fecture du Var,\nSous-pr\u00e9fet charg\u00e9 de mission aupr\u00e8s du pr\u00e9fet du Var\n10\nPr\u00e9fecture du VAR\n83-2025-06-02-00003\nARR\u00caT\u00c9 PR\u00c9FECTORAL n\u00b0 2025/12/ MCI du 2 juin\n2025 portant d\u00e9l\u00e9gation de signature \u00e0 M. Lucien\nGIUDICELLI, Secr\u00e9taire g\u00e9n\u00e9ral de la pr\u00e9fecture\ndu Var, Sous-pr\u00e9fet de l'arrondissement de\nToulon\nPr\u00e9fecture du VAR - 83-2025-06-02-00003 - ARR\u00caT\u00c9 PR\u00c9FECTORAL n\u00b0 2025/12/ MCI du 2 juin 2025 portant d\u00e9l\u00e9gation de signature \u00e0 M.\nLucien GIUDICELLI, Secr\u00e9taire g\u00e9n\u00e9ral de la pr\u00e9fecture du Var, Sous-pr\u00e9fet de l'arrondissement de Toulon 11\n=mPREFETDU VARLibert\u00e9Egalit\u00e9Fraternit\u00e9\nDirection de la coordination des politiques publiques\net de l'appui territorial\nMission de coordination interminist\u00e9rielle\nARR\u00caT\u00c9 PR\u00c9FECTORAL n\u00b0 2025/12/ MCI du 2 juin 2025\nportant d\u00e9l\u00e9gation de signature \u00e0 M. Lucien GIUDICELLI,\nSecr\u00e9taire g\u00e9n\u00e9ral de la pr\u00e9fecture du Var,\nSous-pr\u00e9fet de l'arrondissement de Toulon\nLe Pr\u00e9fet du Var,\nChevalier de la L\u00e9gion d'Honneur,\nChevalier de l'Ordre National du M\u00e9rite,\nVu la loi n\u00b0 82-213 du 2 mars 1982 modifi\u00e9e relative aux droits et libert\u00e9s des communes, des  \nd\u00e9partements et des r\u00e9gions ;\nVu la loi n\u00b0 83-8 du 7 janvier 1983 modifi\u00e9e, relative \u00e0 la r\u00e9partition des comp\u00e9tences entre les \ncommunes, les d\u00e9partements, les r\u00e9gions et l'\u00c9tat ;\nVu  la  loi  d'orientation  n\u00b0  92-125  du  6  f\u00e9vrier  1992  modifi\u00e9e  relative  \u00e0  l'administration \nterritoriale de la R\u00e9publique ;\nVu la loi n\u00b0 2004-809 du 13 ao\u00fbt 2004 modifi\u00e9e relative aux libert\u00e9s et responsabilit\u00e9s locales ;\nVu le  d\u00e9cret  n\u00b0  2004-374  du  29  avril  2004  modifi\u00e9  relatif  aux  pouvoirs  des  pr\u00e9fets,  \u00e0 \nl'organisation et \u00e0 l'action des services de l'\u00c9tat dans les r\u00e9gions et d\u00e9partements ;\nVu le d\u00e9cret n\u00b0 2015-510 du 7 mai 2015 portant charte de la d\u00e9concentration ;\nVu le d\u00e9cret du Pr\u00e9sident de la R\u00e9publique du 15 avril 2022 portant nomination de M. Lucien  \nGIUDICELLI, secr\u00e9taire g\u00e9n\u00e9ral de la pr\u00e9fecture du Var, sous-pr\u00e9fet de l'arrondissement de  \nToulon ;\nVu  le  d\u00e9cret  du  Pr\u00e9sident  de  la  R\u00e9publique  du  6  juillet  2023  portant  nomination  de \nMme Myriam GARCIA, sous-pr\u00e9f\u00e8te de l'arrondissement de Draguignan ;\nVu  le  d\u00e9cret  du  Pr\u00e9sident  de  la  R\u00e9publique  du  3  avril  2024  portant  nomination  de \nMme Jos\u00e9phine GUIGLIANO-BOUTONNET, sous-pr\u00e9f\u00e8te, directrice de cabinet du pr\u00e9fet du  \nVar ;\nVu le d\u00e9cret du Pr\u00e9sident de la R\u00e9publique du 21 septembre  2024 portant nomination de  \nM. Jean-Baptiste MORINAUD, secr\u00e9taire g\u00e9n\u00e9ral adjoint de la pr\u00e9fecture du Var, sous-pr\u00e9fet  \ncharg\u00e9 de mission aupr\u00e8s du pr\u00e9fet du Var ;\nVu le d\u00e9cret du Pr\u00e9sident de la R\u00e9publique du 14 novembre 2024 portant nomination de  \nMme Anne-C\u00e9cile VIALLE, sous-pr\u00e9f\u00e8te de l'arrondissement de Brignoles ;\n1/3\nPr\u00e9fecture du VAR - 83-2025-06-02-00003 - ARR\u00caT\u00c9 PR\u00c9FECTORAL n\u00b0 2025/12/ MCI du 2 juin 2025 portant d\u00e9l\u00e9gation de signature \u00e0 M.\nLucien GIUDICELLI, Secr\u00e9taire g\u00e9n\u00e9ral de la pr\u00e9fecture du Var, Sous-pr\u00e9fet de l'arrondissement de Toulon 12\nVu le d\u00e9cret du Pr\u00e9sident de la R\u00e9publique du 15 mai 2025 portant nomination de M. Simon  \nBABRE, pr\u00e9fet du Var ;\nVu  l'arr\u00eat\u00e9  pr\u00e9fectoral  n\u00b02024/43/MCI  du  30  d\u00e9cembre  2024  portant  organisation  de  la \npr\u00e9fecture du Var ;\nSur proposition du secr\u00e9taire g\u00e9n\u00e9ral de la pr\u00e9fecture du Var ;\nARRETE :\nARTICLE 1  er  \nSans pr\u00e9judice des dispositions de l'article 45 du d\u00e9cret n\u00b02004-374 du 29 avril 2004 susvis\u00e9  \nrelatif  aux  comp\u00e9tences  du  secr\u00e9taire  g\u00e9n\u00e9ral  de  la  pr\u00e9fecture  en  cas  d'absence  ou \nd'emp\u00eachement  du  pr\u00e9fet,  d\u00e9l\u00e9gation  de  signature  est  donn\u00e9e  \u00e0  M.  Lucien  GIUDICELLI, \nsecr\u00e9taire g\u00e9n\u00e9ral de la pr\u00e9fecture du Var, sous-pr\u00e9fet de l'arrondissement Toulon, \u00e0 l'effet de \nsigner : \n- tous actes, d\u00e9cisions, recours juridictionnels,  saisines juridictionnelles, y compris en mati\u00e8re  \nde police des \u00e9trangers ;\n- tous arr\u00eat\u00e9s, dont les arr\u00eat\u00e9s portant placement en r\u00e9tention administrative et m\u00e9moires s'y \nrapportant ;\n- toutes demandes de prolongation de r\u00e9tention et tous m\u00e9moires en d\u00e9fense adress\u00e9s au  \njuge des libert\u00e9s et de la d\u00e9tention, ainsi que toutes requ\u00eates en appel, d\u00e9f\u00e9r\u00e9s et m\u00e9moires  \nen d\u00e9fense produits aupr\u00e8s des juridictions comp\u00e9tentes ;\n- toute saisine du juge du tribunal judiciaire aux fins de contr\u00f4les des mesures de soins sans  \nconsentement et la signature des m\u00e9moires produits dans le cadre des audiences du juge  \njudiciaire en mati\u00e8re de soins sans consentement ;\n- tous circulaires, rapports, correspondances et documents relevant des attributions de l'\u00c9tat  \ndans le d\u00e9partement du Var, notamment en ce qui concerne les mati\u00e8res int\u00e9ressant plusieurs \nchefs de services d\u00e9partementaux des administrations de l'\u00c9tat.\nM. Lucien GIUDICELLI, secr\u00e9taire g\u00e9n\u00e9ral de la pr\u00e9fecture du Var, est en outre charg\u00e9 de  \nl'administration de l'arrondissement de Toulon.\nSont exclus du champ de la pr\u00e9sente d\u00e9l\u00e9gation de signature :\n\u2022 les d\u00e9clinatoires de comp\u00e9tence et les arr\u00eat\u00e9s de conflit ;\n\u2022 la r\u00e9quisition du comptable public ;\n\u2022 les actes pour lesquels une d\u00e9l\u00e9gation a \u00e9t\u00e9 conf\u00e9r\u00e9e \u00e0 un chef de service de l'\u00c9tat  \ndans le d\u00e9partement.\nARTICLE 2\nEn  cas  d'absence  ou  d'emp\u00eachement  de  M.  Lucien  GIUDICELLI,  la  d\u00e9l\u00e9gation  qui  lui  est \nconf\u00e9r\u00e9e par l'article 1er du pr\u00e9sent arr\u00eat\u00e9 est exerc\u00e9e par  M. Jean-Baptiste MORINAUD,  \nsecr\u00e9taire g\u00e9n\u00e9ral adjoint de la pr\u00e9fecture du Var,  sous-pr\u00e9fet charg\u00e9 de mission aupr\u00e8s du  \n2/3\nPr\u00e9fecture du VAR - 83-2025-06-02-00003 - ARR\u00caT\u00c9 PR\u00c9FECTORAL n\u00b0 2025/12/ MCI du 2 juin 2025 portant d\u00e9l\u00e9gation de signature \u00e0 M.\nLucien GIUDICELLI, Secr\u00e9taire g\u00e9n\u00e9ral de la pr\u00e9fecture du Var, Sous-pr\u00e9fet de l'arrondissement de Toulon 13\npr\u00e9fet  du  Var,  ou,  en  cas  d'absence  ou  d'emp\u00eachement  de  celui-ci,  par  \nMme Jos\u00e9phine GUIGLIANO-BOUTONNET, directrice de cabinet du pr\u00e9fet du Var.\nARTICLE 3\nEn  cas  d'absence  ou  d'emp\u00eachement  simultan\u00e9  de  M.  Lucien  GIUDICELLI,  de  \nM. Jean-Baptiste MORINAUD et de Mme Jos\u00e9phine GUIGLIANO-BOUTONNET, la d\u00e9l\u00e9gation  \n\u00e9nonc\u00e9e \u00e0 l'article 1er du pr\u00e9sent arr\u00eat\u00e9 est exerc\u00e9e par Mme Myriam GARCIA, sous-pr\u00e9f\u00e8te de \nl'arrondissement de Draguignan, ou en cas d'absence ou d'emp\u00eachement de celle-ci, par Mme \nAnne-C\u00e9cile VIALLE, sous-pr\u00e9f\u00e8te de l'arrondissement de Brignoles.\nARTICLE 4  :  Le secr\u00e9taire g\u00e9n\u00e9ral de la pr\u00e9fecture, la directrice de cabinet du pr\u00e9fet,  le \nsecr\u00e9taire g\u00e9n\u00e9ral adjoint de la pr\u00e9fecture du Var, sous-pr\u00e9fet charg\u00e9 de mission aupr\u00e8s du  \npr\u00e9fet,  la  sous-pr\u00e9f\u00e8te  de  l'arrondissement  de  Draguignan  et  la  sous-pr\u00e9f\u00e8te  de  \nl'arrondissement de Brignoles sont charg\u00e9s, chacun en ce qui le concerne, de l'ex\u00e9cution du  \npr\u00e9sent arr\u00eat\u00e9 qui sera publi\u00e9 au recueil des actes administratifs de la pr\u00e9fecture du Var.\nToulon, le 2 juin 2025\nPr\u00e9fet du var\nSign\u00e9\nSimon BABRE\n3/3\nPr\u00e9fecture du VAR - 83-2025-06-02-00003 - ARR\u00caT\u00c9 PR\u00c9FECTORAL n\u00b0 2025/12/ MCI du 2 juin 2025 portant d\u00e9l\u00e9gation de signature \u00e0 M.\nLucien GIUDICELLI, Secr\u00e9taire g\u00e9n\u00e9ral de la pr\u00e9fecture du Var, Sous-pr\u00e9fet de l'arrondissement de Toulon 14\nPr\u00e9fecture du VAR\n83-2025-06-02-00007\nARR\u00caT\u00c9 PR\u00c9FECTORAL n\u00b0 2025/16/MCI du 2 juin\n2025 portant d\u00e9l\u00e9gation de signature \u00e0 Mme\nAnne-Cecile VIALLE, sous-pr\u00e9f\u00e8te de\nl'arrondissement de BRIGNOLES\nPr\u00e9fecture du VAR - 83-2025-06-02-00007 - ARR\u00caT\u00c9 PR\u00c9FECTORAL n\u00b0 2025/16/MCI du 2 juin 2025 portant d\u00e9l\u00e9gation de signature \u00e0\nMme Anne-Cecile VIALLE, sous-pr\u00e9f\u00e8te de l'arrondissement de BRIGNOLES 15\n=mPREFETDU VARLibert\u00e9Egalit\u00e9Fraternit\u00e9\nDirection de la coordination des politiques publiques\net de l'appui territorial\nMission de coordination interminist\u00e9rielle\nARR\u00caT\u00c9 PR\u00c9FECTORAL n\u00b0 2025/16/MCI du 2 juin 2025\nportant d\u00e9l\u00e9gation de signature \u00e0 Mme Anne-Cecile VIALLE, \nsous-pr\u00e9f\u00e8te de l'arrondissement de BRIGNOLES\nLe Pr\u00e9fet du Var,\nChevalier de la L\u00e9gion d'Honneur,\nChevalier de l'Ordre National du M\u00e9rite,\nVu la loi n\u00b0 82-213 du 2 mars 1982 modifi\u00e9e, relative aux droits et libert\u00e9s des communes, des  \nd\u00e9partements et des r\u00e9gions ;\nVu la loi n\u00b0 83-8 du 7 janvier 1983 modifi\u00e9e, relative \u00e0 la r\u00e9partition des comp\u00e9tences entre les \ncommunes, les d\u00e9partements, les r\u00e9gions et l'\u00c9tat ;\nVu  la  loi  d'orientation  n\u00b0  92-125  du  6  f\u00e9vrier  1992  modifi\u00e9e  relative  \u00e0  l'administration \nterritoriale de la R\u00e9publique ;\nVu le  d\u00e9cret n\u00b0 97-34 du 15 janvier 1997 modifi\u00e9 relatif \u00e0 la d\u00e9concentration des d\u00e9cisions  \nadministratives individuelles ;\nVu  le  d\u00e9cret  n\u00b0  2004-374  du  29  avril  2004  modifi\u00e9  relatif  aux  pouvoirs  des  pr\u00e9fets,  \u00e0 \nl'organisation et \u00e0 l'action des services de l'\u00c9tat dans les r\u00e9gions et d\u00e9partements ;\nVu le d\u00e9cret n\u00b0 2015-510 du 7 mai 2015 portant charte de la d\u00e9concentration ; \nVu  le  d\u00e9cret  du  Pr\u00e9sident  de  la  R\u00e9publique  du  15  avril  2022  portant  nomination  de \nM.  Lucien  GIUDICELLI,  secr\u00e9taire  g\u00e9n\u00e9ral  de  la  pr\u00e9fecture  du  Var,  sous-pr\u00e9fet  de  \nl'arrondissement de Toulon ;\nVu le d\u00e9cret du Pr\u00e9sident de la R\u00e9publique du 14 novembre 6 juillet 2023 portant nomination  \nde Mme Myriam GARCIA, sous-pr\u00e9f\u00e8te de l'arrondissement de Draguignan ;\n \nVu  le  d\u00e9cret  du  Pr\u00e9sident  de  la  R\u00e9publique  du  3  avril  2024  portant  nomination  de \nMme Jos\u00e9phine GUIGLIANO-BOUTONNET, sous-pr\u00e9f\u00e8te, directrice de cabinet du pr\u00e9fet du  \nVar ;\nVu le d\u00e9cret du Pr\u00e9sident de la R\u00e9publique du 21 septembre 2024 portant nomination de  \nM. Jean-Baptiste MORINAUD, secr\u00e9taire g\u00e9n\u00e9ral adjoint de la pr\u00e9fecture du Var, sous-pr\u00e9fet  \ncharg\u00e9 de mission aupr\u00e8s du pr\u00e9fet du Var ;\nVu le d\u00e9cret du Pr\u00e9sident de la R\u00e9publique du 14 novembre 2024 portant nomination de Mme \nAnne-Cecile VIALLE, sous-pr\u00e9f\u00e8te de l'arrondissement de Brignoles ;\n1/6\nPr\u00e9fecture du VAR - 83-2025-06-02-00007 - ARR\u00caT\u00c9 PR\u00c9FECTORAL n\u00b0 2025/16/MCI du 2 juin 2025 portant d\u00e9l\u00e9gation de signature \u00e0\nMme Anne-Cecile VIALLE, sous-pr\u00e9f\u00e8te de l'arrondissement de BRIGNOLES 16\nVu le d\u00e9cret du Pr\u00e9sident de la R\u00e9publique du 15 mai 2025 portant nomination de M. Simon  \nBABRE, pr\u00e9fet du Var ;\nSur proposition du secr\u00e9taire g\u00e9n\u00e9ral de la pr\u00e9fecture du Var,\nARRETE :\nARTICLE  1er     :  Ind\u00e9pendamment  des  attributions  qui  sont  conf\u00e9r\u00e9es  aux  sous-pr\u00e9fets  \nd'arrondissement  par  les  lois  et  r\u00e8glements,  d\u00e9l\u00e9gation  est  donn\u00e9e  \u00e0  Mme  Anne-C\u00e9cile \nVIALLE, sous-pr\u00e9f\u00e8te de l'arrondissement de Brignoles, \u00e0 l'effet de signer tous actes de gestion \nrelatifs au fonctionnement des services de la sous-pr\u00e9fecture, ainsi que pour signer les arr\u00eat\u00e9s, \ncirculaires et correspondances concernant, pour l'arrondissement de Brignoles, les affaires  \nsuivantes, \u00e0 l'exclusion des requ\u00eates et m\u00e9moires aupr\u00e8s des juridictions :\nI \u2013 Administration g\u00e9n\u00e9rale :\na) d\u00e9claration  d'option  pour  l'incorporation  dans  le  service  national  fran\u00e7ais  des  jeunes \nbi-nationaux ;\nb) l\u00e9gislation fun\u00e9raire : laissez-passer de corps et urnes cin\u00e9raires vers l'\u00e9tranger, autorisation \nde transport de corps et urne cin\u00e9raire vers l'\u00e9tranger, d\u00e9rogation au d\u00e9lai r\u00e9glementaire  \nde quatorze jours en vue de l'inhumation ou de l'incin\u00e9ration des corps des personnes  \nd\u00e9c\u00e9d\u00e9es, autorisation d'inhumation en propri\u00e9t\u00e9 priv\u00e9e ;\nc) r\u00e9c\u00e9piss\u00e9 de d\u00e9claration des associations de la loi de 1901 et des associations syndicales  \nlibres ;\nd) octroi ou refus du concours de la force publique pour l'ex\u00e9cution des d\u00e9cisions de justice  \nen mati\u00e8re d'expulsion locative, domiciliaire et immobili\u00e8re r\u00e8glement transactionnel des  \ndossiers  aff\u00e9rents,  r\u00e9ception  des  notifications  d'assignation  aux  fins  de  constat  de \nr\u00e9siliation  du  bail  pour  impay\u00e9s  de  loyers,  protocole  d'accord  de  pr\u00e9vention  des \nexpulsions locatives, mise en \u0153uvre des d\u00e9cisions \u00ab  DALO \u00bb, instruction des demandes de  \nlogement social et proposition de logements aux bailleurs sociaux ;\ne) avis pr\u00e9alable aux mesures de police administrative des d\u00e9bits de boissons et des h\u00f4tels ;\nf) autorisation de toutes \u00e9preuves, manifestations et comp\u00e9titions sportives se d\u00e9roulant sur \nle plan d'eau du lac de Sainte-Croix ;\ng) arr\u00eat\u00e9 instaurant un p\u00e9rim\u00e8tre de protection en application de l'article L. 226-1 du code  \nde la s\u00e9curit\u00e9 int\u00e9rieure ;\nh) d\u00e9cision de suspension de permis de conduire ;\ni) d\u00e9livrance des r\u00e9c\u00e9piss\u00e9s de revendeurs d'objets mobiliers ;\nj) engagement des d\u00e9penses et signature des contrats relatifs \u00e0 la gestion du centre de  \nresponsabilit\u00e9 de la sous-pr\u00e9fecture ;\nk) instruction des dossiers relatifs \u00e0 certains rassemblements festifs \u00e0 caract\u00e8re musical ;\nl) d\u00e9lib\u00e9ration  et  proc\u00e8s-verbal  de  r\u00e9union  ou  de  visite  des  commissions  de  s\u00e9curit\u00e9  et \nd'accessibilit\u00e9 de l'arrondissement de Brignoles ;\nm) attestation en vue de l'\u00e9tablissement d'un duplicata de permis de chasser ;\nn) re\u00e7u  de  d\u00e9p\u00f4t  d'une  d\u00e9claration  de  candidature  aux  \u00e9lections  municipales  pour  les \ncommunes de l'arrondissement ;\no) r\u00e9c\u00e9piss\u00e9 d\u00e9finitif d'enregistrement d'une candidature aux \u00e9lections municipales pour les  \ncommunes de l'arrondissement ;\n                                                                                                                                                                                                                        2/6\nPr\u00e9fecture du VAR - 83-2025-06-02-00007 - ARR\u00caT\u00c9 PR\u00c9FECTORAL n\u00b0 2025/16/MCI du 2 juin 2025 portant d\u00e9l\u00e9gation de signature \u00e0\nMme Anne-Cecile VIALLE, sous-pr\u00e9f\u00e8te de l'arrondissement de BRIGNOLES 17\np) refus  de  d\u00e9livrance  du  r\u00e9c\u00e9piss\u00e9  d\u00e9finitif  d'enregistrement  d'une  candidature  aux  \n\u00e9lections municipales pour les communes de l'arrondissement.\nII \u2013 Administration locale :\na) suivi du contr\u00f4le de l\u00e9galit\u00e9 des actes administratifs des collectivit\u00e9s locales et de leurs  \n\u00e9tablissements du ressort de l'arrondissement (\u00e0 l'exception des syndicats mixtes dont le  \nconseil d\u00e9partemental du Var est membre), et des soci\u00e9t\u00e9s d'\u00e9conomie mixte locales, en ce  \nqu'il comprend :\n- l'information de l'autorit\u00e9 locale sur sa demande de la d\u00e9cision du repr\u00e9sentant de \n  l'\u00c9tat dans le d\u00e9partement de ne pas d\u00e9f\u00e9rer un acte au tribunal administratif,\n- l'information de l'autorit\u00e9 locale qu'un acte est entach\u00e9 d'ill\u00e9galit\u00e9 et la communication \n  des pr\u00e9cisions utiles lui permettant de rendre l\u00e9gal l'acte concern\u00e9,\n- la signature des recours gracieux ;\nb) suivi du contr\u00f4le budg\u00e9taire des collectivit\u00e9s locales et de leurs \u00e9tablissements du ressort  \nde l'arrondissement (\u00e0 l'exception des syndicats mixtes dont le conseil d\u00e9partemental du Var  \nest membre), incluant la signature des recours gracieux ;\nc) suivi des demandes de mandatement d'office des d\u00e9penses obligatoires ;\nd) en mati\u00e8re d'urbanisme  : signature des autorisations ou actes relatifs \u00e0 l'utilisation et \u00e0  \nl'occupation du sol pour les op\u00e9rations relevant de l'article R. 422-2 du code de l'urbanisme ; \ne)  signature  des  avis  de  l'\u00c9tat  en  qualit\u00e9  de  personne  publique  associ\u00e9e  au  titre  de \nl'\u00e9laboration  des  documents  d'urbanisme,  constitution  des  commissions  consultatives  de \nl'environnement des a\u00e9rodromes, des commissions locales de l'eau et des comit\u00e9s de rivi\u00e8re ;\nf) substitution aux maires dans les cas pr\u00e9vus aux articles L. 2215-1 et L. 2215-5 du code  \ng\u00e9n\u00e9ral des collectivit\u00e9s locales ;\ng) occupation temporaire et autorisation de p\u00e9n\u00e9trer sur les propri\u00e9t\u00e9s priv\u00e9es ;\nh) constitution des groupes de travail pr\u00e9vus par les dispositions du titre VIII du code de  \nl'environnement relatif \u00e0 la protection du cadre de vie (publicit\u00e9, enseignes et pr\u00e9-enseignes)  \net les mesures administratives d'application ;\ni) arr\u00eat\u00e9 se rapportant aux \u00e9tablissements publics de coop\u00e9ration intercommunale dont le  \nsi\u00e8ge se trouve dans l'arrondissement \u00e0 l'exception des communaut\u00e9s d'agglom\u00e9ration, des  \ncommunaut\u00e9s  de  communes,  du  syndicat  mixte  d\u00e9partemental  Territoire  d'\u00e9nergie  Var \n(TE83, ex SYMIELEC), des syndicats mixtes dont le conseil d\u00e9partemental du Var est membre  \nen ce qui concerne les arr\u00eat\u00e9s de cr\u00e9ation, de modification des attributions, de retrait de  \ncommunes membres, d'adh\u00e9sion de nouvelles communes et de dissolution ;\nj) signature des lettres de demandes de pi\u00e8ces compl\u00e9mentaires de contr\u00f4le de l\u00e9galit\u00e9 et  \nbudg\u00e9taire ne valant pas recours gracieux ; \nk) autorisation d'utilisation du plan d'eau du lac d'Esparron-de-Verdon, retenue de Gr\u00e9oux,  \npar d\u00e9rogation aux dispositions des arr\u00eat\u00e9s inter-pr\u00e9fectoraux du 23 novembre 2018.\nIII  \u2013  Coordination  de  l'action  des  services  d\u00e9concentr\u00e9s :  tous  actes  ou  documents  \nn\u00e9cessaires \u00e0 l'exercice de son pouvoir de coordination de l'action des services d\u00e9concentr\u00e9s  \nde l'\u00c9tat pr\u00e9vu par le d\u00e9cret n\u00b0 2004-374 du 29 avril 2004 modifi\u00e9, et notamment toutes  \ndemandes d'information.\n3/6\nPr\u00e9fecture du VAR - 83-2025-06-02-00007 - ARR\u00caT\u00c9 PR\u00c9FECTORAL n\u00b0 2025/16/MCI du 2 juin 2025 portant d\u00e9l\u00e9gation de signature \u00e0\nMme Anne-Cecile VIALLE, sous-pr\u00e9f\u00e8te de l'arrondissement de BRIGNOLES 18\nARTICLE 2 :  D\u00e9l\u00e9gation est \u00e9galement donn\u00e9e \u00e0  Mme Anne-C\u00e9cile VIALLE , sous-pr\u00e9f\u00e8te de  \nl'arrondissement de Brignoles, \u00e0 l'effet de signer, pour l'ensemble du d\u00e9partement du Var,  \ntous actes et documents relatifs aux attributions suivantes :\n\u2022 cr\u00e9ation, extension, dissolution, contr\u00f4le administratif, contr\u00f4le et tutelle financiers  \ndes associations syndicales autoris\u00e9es (ASA) ;\n\u2022 l\u00e2chers de ballons.\nARTICLE 3     : En cas d'absence ou d'emp\u00eachement de Mme Anne-C\u00e9cile VIALLE, d\u00e9l\u00e9gation de \nsignature est donn\u00e9e, dans les m\u00eames conditions, \u00e0 Mme Myriam GARCIA, sous-pr\u00e9f\u00e8te de  \nl'arrondissement de Draguignan, ou, en cas d'absence ou d'emp\u00eachement de cette derni\u00e8re, \u00e0 \nMme Jos\u00e9phine GUIGLIANO-BOUTONNET, sous-pr\u00e9f\u00e8te, directrice de cabinet du pr\u00e9fet du  \nVar, ou, en cas d'absence ou d'emp\u00eachement de celle-ci, \u00e0 M. Jean-Baptiste MORINAUD,  \nsecr\u00e9taire g\u00e9n\u00e9ral adjoint de la pr\u00e9fecture du Var, sous-pr\u00e9fet charg\u00e9 de mission aupr\u00e8s du  \npr\u00e9fet du Var.\nARTICLE  4     : Lorsque  Mme  Anne-C\u00e9cile  VIALLE assure  le  service  de  permanence  institu\u00e9 \nconform\u00e9ment \u00e0 l'ordre des permanences fix\u00e9 p\u00e9riodiquement par le pr\u00e9fet, d\u00e9l\u00e9gation lui  \nest  alors  accord\u00e9e  \u00e0  l'effet  de  signer,  pour  l'ensemble  du  d\u00e9partement,  toute  d\u00e9cision \nn\u00e9cessit\u00e9e par une situation d'urgence, notamment :\n- les d\u00e9cisions de suspension provisoire imm\u00e9diate des permis de conduire ;\n- les mesures d'\u00e9loignement relevant de la comp\u00e9tence du repr\u00e9sentant de l'\u00c9tat dans le \nd\u00e9partement et concernant les \u00e9trangers s\u00e9journant irr\u00e9guli\u00e8rement sur le territoire  \nfran\u00e7ais et les d\u00e9cisions de placement en r\u00e9tention administrative ou d'assignation \u00e0  \nr\u00e9sidence des \u00e9trangers objet de ces mesures, prises en application des dispositions du \ncode de l'entr\u00e9e et du s\u00e9jour des \u00e9trangers et du droit d'asile (CESEDA) ;\n- tout courrier relatif aux proc\u00e9dures d'\u00e9loignement concernant les \u00e9trangers s\u00e9journant \nirr\u00e9guli\u00e8rement  sur  le  territoire  fran\u00e7ais,  y  compris  toute  requ\u00eate  adress\u00e9e  aux \njuridictions en mati\u00e8re de r\u00e9tention administrative, notamment au juge des libert\u00e9s et  \nde  la  d\u00e9tention  en  application  des  articles  L.552-1  \u00e0  L.552-8  du  CESEDA,  en  vue \nd'obtenir la prolongation de la r\u00e9tention administrative ;\n- la d\u00e9livrance de passeports et de titres d'identit\u00e9 ;\n- les  arr\u00eat\u00e9s  pronon\u00e7ant  l'admission  sans  consentement  en  soins  psychiatriques  des \npersonnes dont les troubles mentaux n\u00e9cessitent des soins et compromettent la s\u00fbret\u00e9 \ndes  personnes  ou  portent  atteinte,  de  fa\u00e7on  grave,  \u00e0  l'ordre  public  ainsi  que  les \noppositions  aux  demandes  d'autorisation  de  sortie  de  courte  dur\u00e9e  prises  en  \napplication de l'article L.3211-11-1 du code de la sant\u00e9 publique ;\n- La saisine du juge du tribunal judiciaire aux fins de contr\u00f4les des mesures de soins sans  \nconsentement ; \n- La signature des m\u00e9moires  produits dans le cadre des audiences du juge judiciaire en  \nmati\u00e8re de soins sans consentement ; \n- les gardes statiques et escortes de d\u00e9tenus ;\n- les autorisations de transport de corps en dehors du territoire m\u00e9tropolitain.\nARTICLE 5 : D\u00e9l\u00e9gation de signature est donn\u00e9e \u00e0 M. Serge ORTIS, conseiller d'administration  \nde l'int\u00e9rieur et de l'outre-mer, secr\u00e9taire g\u00e9n\u00e9ral de la sous-pr\u00e9fecture de Brignoles, pour ce  \nqui  concerne  les  attributions  vis\u00e9es  \u00e0  l'article  2  et  celles  mentionn\u00e9es  aux  rubriques \nsuivantes :\n                                                                                                                                                                                                                        4/6\nPr\u00e9fecture du VAR - 83-2025-06-02-00007 - ARR\u00caT\u00c9 PR\u00c9FECTORAL n\u00b0 2025/16/MCI du 2 juin 2025 portant d\u00e9l\u00e9gation de signature \u00e0\nMme Anne-Cecile VIALLE, sous-pr\u00e9f\u00e8te de l'arrondissement de BRIGNOLES 19\nI \u2013 Administration g\u00e9n\u00e9rale  :  rubriques a), b), c), d) seulement en ce qui concerne la  \ngestion du contingent pr\u00e9fectoral de logements sociaux, f), h), i), j), l), m), n), o) et p),  \nainsi que l'engagement des d\u00e9penses courantes \u00e0 hauteur maximale de 2300  euros dans \nle cadre du centre de responsabilit\u00e9 de la sous-pr\u00e9fecture ;\nII \u2013 Administration locale : rubrique j).\nD\u00e9l\u00e9gation de signature lui est \u00e9galement donn\u00e9e pour la signature des documents suivants :\n- correspondances administratives ordinaires avec la pr\u00e9fecture, les chefs des services  \nr\u00e9gionaux et d\u00e9partementaux des administrations de l'\u00c9tat, les autorit\u00e9s r\u00e9gionales,  \nd\u00e9partementales et municipales, les \u00e9tablissements publics et les particuliers, ainsi  \nque les notes de service ; \n- ampliations des arr\u00eat\u00e9s et copies conformes des pi\u00e8ces administratives ;\n- autorisations de cong\u00e9s du personnel de la sous-pr\u00e9fecture de Brignoles \u00e0 l'exception  \ndes personnels de cat\u00e9gorie A.\nARTICLE  6     : En  cas  d'absence  ou  d'emp\u00eachement  de  M.  Serge  ORTIS,  la  d\u00e9l\u00e9gation  de \nsignature qui lui est donn\u00e9e est exerc\u00e9e par :\n- Mme Elvire HATSCH-BARBE, attach\u00e9e d'administration de l'\u00c9tat, cheffe du bureau de  \nl'ing\u00e9nierie territoriale ;\n- M. Pascal GUILBERT, secr\u00e9taire administratif de classe exceptionnelle, chef du bureau  \nde l'administration et de la r\u00e9glementation g\u00e9n\u00e9rale.\nSont exclus de cette d\u00e9l\u00e9gation les actes \u00e0 caract\u00e8re d\u00e9cisoire portant sur les attributions  \nmentionn\u00e9es aux rubriques d), h), j) et o) du  I \u2013 Administration g\u00e9n\u00e9rale et sur celles vis\u00e9es \u00e0  \nl'article 2. \nARTICLE 7 : D\u00e9l\u00e9gation est \u00e9galement donn\u00e9e \u00e0 M. Serge ORTIS, secr\u00e9taire g\u00e9n\u00e9ral de la sous-\npr\u00e9fecture de Brignoles et \u00e0 M. Pascal GUILBERT, chef du bureau de l'administration et de la  \nr\u00e9glementation g\u00e9n\u00e9rale, pour pr\u00e9sider les r\u00e9unions ou visites des commissions de s\u00e9curit\u00e9 et  \nd'accessibilit\u00e9 de l'arrondissement de Brignoles.\nARTICLE 8 : Le secr\u00e9taire g\u00e9n\u00e9ral de la pr\u00e9fecture et la sous-pr\u00e9f\u00e8te de l'arrondissement de  \nBrignoles sont charg\u00e9s, chacun en ce qui le concerne, de l'ex\u00e9cution du pr\u00e9sent arr\u00eat\u00e9 qui   \nsera publi\u00e9 au recueil des actes administratifs de la pr\u00e9fecture du Var.\nToulon, le 2 juin 2025\nPr\u00e9fet du Var\nSign\u00e9\nSimon BABRE\n5/6\nPr\u00e9fecture du VAR - 83-2025-06-02-00007 - ARR\u00caT\u00c9 PR\u00c9FECTORAL n\u00b0 2025/16/MCI du 2 juin 2025 portant d\u00e9l\u00e9gation de signature \u00e0\nMme Anne-Cecile VIALLE, sous-pr\u00e9f\u00e8te de l'arrondissement de BRIGNOLES 20\n                                                                                                                                                                                                                        6/6\nPr\u00e9fecture du VAR - 83-2025-06-02-00007 - ARR\u00caT\u00c9 PR\u00c9FECTORAL n\u00b0 2025/16/MCI du 2 juin 2025 portant d\u00e9l\u00e9gation de signature \u00e0\nMme Anne-Cecile VIALLE, sous-pr\u00e9f\u00e8te de l'arrondissement de BRIGNOLES 21\nPr\u00e9fecture du VAR\n83-2025-06-02-00008\nARR\u00caT\u00c9 PR\u00c9FECTORAL n\u00b0 2025/17/MCI du 2 juin\n2025 portant d\u00e9l\u00e9gation de signature \u00e0 M.\nThibaut DARGON, directeur de la citoyennet\u00e9 et\nde la l\u00e9galit\u00e9 de la pr\u00e9fecture du Var\nPr\u00e9fecture du VAR - 83-2025-06-02-00008 - ARR\u00caT\u00c9 PR\u00c9FECTORAL n\u00b0 2025/17/MCI du 2 juin 2025 portant d\u00e9l\u00e9gation de signature \u00e0 M.\nThibaut DARGON, directeur de la citoyennet\u00e9 et de la l\u00e9galit\u00e9 de la pr\u00e9fecture du Var 22\n=mPREFETDU VARLibert\u00e9Egalit\u00e9Fraternit\u00e9\nDirection de la coordination des politiques publiques\net de l'appui territorial\nMission de coordination interminist\u00e9rielle\nARR\u00caT\u00c9 PR\u00c9FECTORAL n\u00b0 2025/17/MCI du 2 juin 2025\nportant d\u00e9l\u00e9gation de signature \u00e0 M. Thibaut DARGON,  \ndirecteur de la citoyennet\u00e9 et de la l\u00e9galit\u00e9 de la pr\u00e9fecture du Var\nLe Pr\u00e9fet du Var,\nChevalier de la L\u00e9gion d'Honneur,\nChevalier de l'Ordre National du M\u00e9rite,\nVu la loi n\u00b0 82-213 du 2 mars 1982 modifi\u00e9e, relative aux droits et libert\u00e9s des communes, des \nd\u00e9partements et des r\u00e9gions ;\nVu la loi n\u00b0 83-8 du 7 janvier 1983 modifi\u00e9e, relative \u00e0 la r\u00e9partition des comp\u00e9tences entre les \ncommunes, les d\u00e9partements, les r\u00e9gions et l'\u00c9tat ;\nVu  la  loi  d'orientation  n\u00b0  92-125  du  6  f\u00e9vrier  1992  modifi\u00e9e  relative  \u00e0  l'administration \nterritoriale de la R\u00e9publique ;\nVu la loi n\u00b0 2004-809 du 13 ao\u00fbt 2004 modifi\u00e9e relative aux libert\u00e9s et responsabilit\u00e9s locales ;\nVu  le  d\u00e9cret  n\u00b0  2004-374  du  29  avril  2004  modifi\u00e9  relatif  aux  pouvoirs  des  pr\u00e9fets,  \u00e0 \nl'organisation et \u00e0 l'action des services de l'\u00c9tat dans les r\u00e9gions et d\u00e9partements ;\nVu le d\u00e9cret n\u00b0 2015-510 du 7 mai 2015 portant charte de la d\u00e9concentration ;\nVu  le  d\u00e9cret  du  Pr\u00e9sident  de  la  R\u00e9publique  du  15  avril  2022  portant  nomination  de \nM.  Lucien  GIUDICELLI,  secr\u00e9taire  g\u00e9n\u00e9ral  de  la  pr\u00e9fecture  du  Var,  sous-pr\u00e9fet  de  \nl'arrondissement de Toulon ; \nVu le d\u00e9cret du Pr\u00e9sident de la R\u00e9publique du 15 mai 2025 portant nomination de M. Simon  \nBABRE, pr\u00e9fet du Var ;\nVu  l'arr\u00eat\u00e9  pr\u00e9fectoral  n\u00b02024/43/MCI  du  30  d\u00e9cembre  2024  portant  organisation  de  la \npr\u00e9fecture du Var ; \nSur proposition du secr\u00e9taire g\u00e9n\u00e9ral de la pr\u00e9fecture du Var,\nARR\u00caTE :\nARTICLE 1er :  D\u00e9l\u00e9gation est donn\u00e9e \u00e0 M. Thibaut DARGON, conseiller d'administration de  \nl'int\u00e9rieur et de l'outre-mer, directeur de la citoyennet\u00e9 et de la l\u00e9galit\u00e9, aux fins de signer,  \ndans  les  limites  des  attributions  de  cette  direction,  t ous actes,  documents  et  \ncorrespondances ne pr\u00e9sentant pas un caract\u00e8re d\u00e9cisionnel, \u00e0 l'exclusion des requ\u00eates et  \nm\u00e9moires devant les juridictions, des lettres circulaires et des lettres personnelles aux \u00e9lus.\n1/4\nPr\u00e9fecture du VAR - 83-2025-06-02-00008 - ARR\u00caT\u00c9 PR\u00c9FECTORAL n\u00b0 2025/17/MCI du 2 juin 2025 portant d\u00e9l\u00e9gation de signature \u00e0 M.\nThibaut DARGON, directeur de la citoyennet\u00e9 et de la l\u00e9galit\u00e9 de la pr\u00e9fecture du Var 23\nARTICLE 2 : D\u00e9l\u00e9gation est \u00e9galement donn\u00e9e \u00e0  M.  Thibaut DARGON pour signer les actes  \n\u00e9num\u00e9r\u00e9s ci-apr\u00e8s,  \u00e0 l'exclusion des d\u00e9cisions d\u00e9favorables ou des d\u00e9cisions portant retrait  \nd'autorisation ou retrait d'agr\u00e9ment :\na)    le s d\u00e9cisions relatives \u00e0 l'activit\u00e9 de conducteur de taxi,  de conducteur de voiture de  \ntransport avec chauffeur (VTC), de conducteur de v\u00e9hicule motoris\u00e9 \u00e0 deux ou trois roues,  \n(VMDTR), les cartes professionnelles correspondantes ;\nb)   l'agr\u00e9ment des centres de formation habilit\u00e9s \u00e0 dispenser la formation initiale et continue \ndes conducteurs de taxi et des conducteurs de voiture de transport avec chauffeur (VTC) et \u00e0 \ndispenser la formation \u00e0 la mobilit\u00e9 des conducteurs de taxi ;\nc)   les cartes de guide conf\u00e9rencier, les r\u00e9c\u00e9piss\u00e9s de d\u00e9claration de revendeur  d'objets \nmobiliers ;\nd) les attestations en vue de l'\u00e9tablissement d'un duplicata de permis de chasser ;\ne) les  actes  relatifs  \u00e0  l'instruction  des  demandes  de  remboursement  de  frais  \nd'indemnisation des gardiens de fourri\u00e8res automobiles et leur mise en recouvrement aupr\u00e8s  \ndes propri\u00e9taires des v\u00e9hicules abandonn\u00e9s ;\nf)  l'agr\u00e9ment des soci\u00e9t\u00e9s domiciliataires d'entreprises ;\ng) les titres de ma\u00eetre-restaurateur ;\nh)     les d\u00e9cisions relatives aux appels \u00e0 la g\u00e9n\u00e9rosit\u00e9 publique, les qu\u00eates ;\ni) l'habilitation des entreprises fun\u00e9raires ;\nj) les laissez-passer de corps et urnes cin\u00e9raires vers l'\u00e9tranger, les autorisations de transport \nde corps et urnes cin\u00e9raires vers l'\u00e9tranger, les d\u00e9rogations au d\u00e9lai r\u00e9glementaire de quatorze \njours en vue de l'inhumation ou de l'incin\u00e9ration des corps des personnes d\u00e9c\u00e9d\u00e9es, les  \nautorisations d'inhumation en propri\u00e9t\u00e9 priv\u00e9e ;\nk) les  r\u00e9c\u00e9piss\u00e9s  de  d\u00e9p\u00f4t  d'une  d\u00e9claration  de  mandataire  financier  d'un  candidat \npotentiel aux \u00e9lections politiques, les re\u00e7us de d\u00e9p\u00f4t d'une d\u00e9claration de candidature pour  \nle 1er tour de scrutin et les r\u00e9c\u00e9piss\u00e9s d\u00e9finitifs d'une d\u00e9claration de candidature pour le 2\u00e8me \ntour de scrutin aux \u00e9lections politiques ;\nl) les d\u00e9cisions relatives aux d\u00e9clarations d'option pour l'incorporation dans les services  \nnationaux fran\u00e7ais des jeunes bi-nationaux ;\nm)  les lettres de demande de pi\u00e8ces et d'informations compl\u00e9mentaires en mati\u00e8re de  \ncontr\u00f4le de l\u00e9galit\u00e9 et budg\u00e9taire ne valant pas recours gracieux ;\nn) toutes  correspondances  relatives  aux  certificats  d'immatriculation  ainsi  que  les  \nconventions d'habilitation et d'agr\u00e9ment au syst\u00e8me d'immatriculation des v\u00e9hicules (S.I.V.).\no) l'autorisation de qu\u00eate sur la voie publique ;\np) l'habilitation des agents de police judiciaire adjoints et des gardes champ\u00eatres en vue de  \nl'acc\u00e8s au SIV.\n2/4\nPr\u00e9fecture du VAR - 83-2025-06-02-00008 - ARR\u00caT\u00c9 PR\u00c9FECTORAL n\u00b0 2025/17/MCI du 2 juin 2025 portant d\u00e9l\u00e9gation de signature \u00e0 M.\nThibaut DARGON, directeur de la citoyennet\u00e9 et de la l\u00e9galit\u00e9 de la pr\u00e9fecture du Var 24\nARTICLE  3     :  D\u00e9l\u00e9gation  de  signature  est  donn\u00e9e  \u00e0  Mme  Nicole  VIEL-SORGUS,  attach\u00e9e \nprincipale d'administration de l'\u00c9tat, cheffe du bureau du greffe associatif, pour la gestion du \ngreffe des associations Lois 1901 et 1905 et le suivi des dossiers associatifs sp\u00e9cifiques  : dons \net  legs,  associations  syndicales  libres  (ASL),  associations  fonci\u00e8res  urbaines  libres  (AFUL), \nfondations et fonds de dotation. \nARTICLE  4 :  D\u00e9l\u00e9gation  de  signature  est  donn\u00e9e  \u00e0  M.  Thibaud  RIVIECCIO,  attach\u00e9  \nd'administration de l'\u00c9tat, chef du bureau des \u00e9lections et de la r\u00e9glementation g\u00e9n\u00e9rale,  \npour les actes vis\u00e9s \u00e0 l'article 1 ci-dessus relevant des attributions de ce bureau et pour les  \nattributions mentionn\u00e9es aux a), c), d), h), j), k), l), n), o) et p) de l'article 2 ci-dessus.\nEn cas d'absence ou d'emp\u00eachement de M. Thibaud RIVIECCIO, la d\u00e9l\u00e9gation qui lui est  \naccord\u00e9e par le pr\u00e9sent article est exerc\u00e9e dans les m\u00eames conditions par  Mme Chantal  \nHERNANDEZ, attach\u00e9e d'administration de l'\u00c9tat, adjointe au chef de bureau.\nEn cas d'absence ou d'emp\u00eachement simultan\u00e9 de M. Thibaud RIVIECCIO et de Mme Chantal \nHERNANDEZ, d\u00e9l\u00e9gation est donn\u00e9e \u00e0 M. Thomas GRIMMELPONT, secr\u00e9taire administratif de \nclasse normale, chef de la section \u00ab  Elections \u00bb, et en son absence, \u00e0 M. Jean-Manuel PAIS,  \nagent contractuel de cat\u00e9gorie B, chef de la section \u00ab  r\u00e9glementation g\u00e9n\u00e9rale \u00bb, pour les  \nactes vis\u00e9s \u00e0 l'article 1 ci-dessus relevant des attributions de ce bureau et pour les attributions \nmentionn\u00e9es aux c), d), j), l) et o) de l'article 2 ci-dessus.\nARTICLE 5     :  D\u00e9l\u00e9gation de signature est donn\u00e9e \u00e0 M. Lionel GARENTE, attach\u00e9 principal  \nd'administration de l'\u00c9tat, adjoint au directeur, chef du bureau du contr\u00f4le de l\u00e9galit\u00e9 et de  \nl'intercommunalit\u00e9, pour les actes vis\u00e9s \u00e0 l'article 1 ci-dessus relevant des missions de ce  \nbureau et pour les attributions mentionn\u00e9es au m) de l'article 2 ci-dessus en mati\u00e8re de  \ncontr\u00f4le de l\u00e9galit\u00e9.\nEn  cas  d'absence  ou  d'emp\u00eachement  de  M.  Lionel  GARENTE,  la  d\u00e9l\u00e9gation  qui  lui  est \naccord\u00e9e  par  le  pr\u00e9sent  article  est  exerc\u00e9e  dans  les  m\u00eames  conditions  par  Mme  Rachel \nBOURDARIAT, attach\u00e9e d'administration de l'\u00c9tat, adjointe au chef de bureau.\nARTICLE  6 : D\u00e9l\u00e9gation  de  signature  est  donn\u00e9e  \u00e0  Mme  Laure  RESSEGUIER,  attach\u00e9e \nd'administration de l'\u00c9tat, cheffe du bureau des finances locales, pour les actes mentionn\u00e9s \u00e0  \nl'article 1 ci-dessus relevant des missions de ce bureau et pour les attributions mentionn\u00e9es au \nm) de l'article 2 ci-dessus en mati\u00e8re de contr\u00f4le budg\u00e9taire.\nEn cas d'absence ou d'emp\u00eachement de Mme Laure RESSEGUIER, la d\u00e9l\u00e9gation qui lui est  \naccord\u00e9e par le pr\u00e9sent article, est exerc\u00e9e dans les m\u00eames conditions par  M. Jean-Fran\u00e7ois \nRUIZ, secr\u00e9taire administratif de classe sup\u00e9rieure, adjoint \u00e0 la cheffe de bureau.\nARTICLE 7 : En cas d'absence ou d'emp\u00eachement de M. Thibaut DARGON, la d\u00e9l\u00e9gation qui  \nlui est consentie aux articles 1 et 2 du pr\u00e9sent arr\u00eat\u00e9 est exerc\u00e9e dans les m\u00eames conditions  \ndans l'ordre suivant par :\n- M. Lionel GARENTE, attach\u00e9 principal d'administration de l'\u00c9tat, adjoint au directeur, chef  \ndu bureau du contr\u00f4le de l\u00e9galit\u00e9 et de l'intercommunalit\u00e9 ; \n- M. Thibaud RIVIECCIO, attach\u00e9 d'administration de l'\u00c9tat, chef du bureau des \u00e9lections et  \nde la r\u00e9glementation g\u00e9n\u00e9rale ;\n3/4\nPr\u00e9fecture du VAR - 83-2025-06-02-00008 - ARR\u00caT\u00c9 PR\u00c9FECTORAL n\u00b0 2025/17/MCI du 2 juin 2025 portant d\u00e9l\u00e9gation de signature \u00e0 M.\nThibaut DARGON, directeur de la citoyennet\u00e9 et de la l\u00e9galit\u00e9 de la pr\u00e9fecture du Var 25\n- Mme Laure RESSEGUIER, attach\u00e9e d'administration de l'\u00c9tat, cheffe du bureau des finances  \nlocales ;\n- Mme Nicole VIEL-SORGUS, attach\u00e9e principale d'administration de l'\u00c9tat, cheffe du bureau  \ndu greffe associatif.\nARTICLE 9 : Le secr\u00e9taire g\u00e9n\u00e9ral de la pr\u00e9fecture e t le directeur de la citoyennet\u00e9 et de la  \nl\u00e9galit\u00e9 sont charg\u00e9s, chacun en ce qui le concerne, de l'ex\u00e9cution du pr\u00e9sent arr\u00eat\u00e9 qui  sera \npubli\u00e9 au recueil des actes administratifs de la pr\u00e9fecture du Var. \nToulon, le 2 juin 2025\nPr\u00e9fet du Var\nSign\u00e9\nSimon BABRE\n4/4\nPr\u00e9fecture du VAR - 83-2025-06-02-00008 - ARR\u00caT\u00c9 PR\u00c9FECTORAL n\u00b0 2025/17/MCI du 2 juin 2025 portant d\u00e9l\u00e9gation de signature \u00e0 M.\nThibaut DARGON, directeur de la citoyennet\u00e9 et de la l\u00e9galit\u00e9 de la pr\u00e9fecture du Var 26\nPr\u00e9fecture du VAR\n83-2025-06-02-00011\nARR\u00caT\u00c9 PR\u00c9FECTORAL n\u00b0 2025/20/MCI du 2 juin\n2025 portant d\u00e9l\u00e9gation de signature \u00e0 Mme\nCarole ROCHA r\u00e9f\u00e9rente fraude d\u00e9partementale\nde la pr\u00e9fecture du Var,\nr\u00e9f\u00e9rente pour le contr\u00f4le interne financier.\nPr\u00e9fecture du VAR - 83-2025-06-02-00011 - ARR\u00caT\u00c9 PR\u00c9FECTORAL n\u00b0 2025/20/MCI du 2 juin 2025 portant d\u00e9l\u00e9gation de signature \u00e0\nMme Carole ROCHA r\u00e9f\u00e9rente fraude d\u00e9partementale de la pr\u00e9fecture du Var,\nr\u00e9f\u00e9rente pour le contr\u00f4le interne financier.\n27\n=mPREFETDU VARLibert\u00e9Egalit\u00e9Fraternit\u00e9\nDirection de la coordination des politiques publiques\net de l'appui territorial\nMission de coordination interminist\u00e9rielle\nARR\u00caT\u00c9 PR\u00c9FECTORAL n\u00b0 2025/20/MCI du 2 juin 2025\nportant d\u00e9l\u00e9gation de signature \u00e0 Mme Carole ROCHA\nr\u00e9f\u00e9rente fraude d\u00e9partementale de la pr\u00e9fecture du Var,\nr\u00e9f\u00e9rente pour le contr\u00f4le interne financier.\nLe Pr\u00e9fet du Var,\nChevalier de la L\u00e9gion d'Honneur,\nChevalier de l'Ordre National du M\u00e9rite,\nVu la loi n\u00b0 82-213 du 2 mars 1982 modifi\u00e9e relative aux droits et libert\u00e9s des communes, des  \nd\u00e9partements et des r\u00e9gions ;\nVu la loi n\u00b0 83-8 du 7 janvier 1983 modifi\u00e9e relative \u00e0 la r\u00e9partition des comp\u00e9tences entre  \nles communes, les d\u00e9partements, les r\u00e9gions et l'\u00c9tat ;\nVu  la  loi  d'orientation  n\u00b0  92-125  du  6  f\u00e9vrier  1992  modifi\u00e9e  relative  \u00e0  l'administration \nterritoriale de la R\u00e9publique ;\nVu  la  loi  n\u00b0  2004-809  du  13  ao\u00fbt  2004  modifi\u00e9e  relative  aux  libert\u00e9s  et  responsabilit\u00e9s \nlocales ;\nVu  le  d\u00e9cret  n\u00b0  2004-374  du  29  avril  2004  modifi\u00e9  relatif  aux  pouvoirs  des  pr\u00e9fets,  \u00e0 \nl'organisation et \u00e0 l'action des services de l'\u00c9tat dans les r\u00e9gions et d\u00e9partements ;\nVu le d\u00e9cret n\u00b0 2015-510 du 7 mai 2015 portant charte de la d\u00e9concentration ;\nVu  le  d\u00e9cret  du  Pr\u00e9sident  de  la  R\u00e9publique  du  15  avril  2022  portant  nomination  de \nM  Lucien  GIUDICELLI,  secr\u00e9taire  g\u00e9n\u00e9ral  de  la  pr\u00e9fecture  du  Var,  sous-pr\u00e9fet  de  \nl'arrondissement de Toulon ; \nVu le d\u00e9cret du Pr\u00e9sident de la R\u00e9publique du 15 mai 2025 portant nomination de M. Simon  \nBABRE, pr\u00e9fet du Var ;\nVu l'arr\u00eat\u00e9 pr\u00e9fectoral  n\u00b0  2024/43/MCI du 30 d\u00e9cembre 2024 portant organisation de la  \npr\u00e9fecture du Var ;\nSur proposition du secr\u00e9taire g\u00e9n\u00e9ral de la pr\u00e9fecture  du Var,\n1/2\nPr\u00e9fecture du VAR - 83-2025-06-02-00011 - ARR\u00caT\u00c9 PR\u00c9FECTORAL n\u00b0 2025/20/MCI du 2 juin 2025 portant d\u00e9l\u00e9gation de signature \u00e0\nMme Carole ROCHA r\u00e9f\u00e9rente fraude d\u00e9partementale de la pr\u00e9fecture du Var,\nr\u00e9f\u00e9rente pour le contr\u00f4le interne financier.\n28\nARR\u00caTE :\nARTICLE  1er :  D\u00e9l\u00e9gation  est  donn\u00e9e  \u00e0  Mme Carole  ROCHA,  attach\u00e9e  principale  \nd'administration  de  l'\u00c9tat,  r\u00e9f\u00e9rente  fraude  d\u00e9partementale,  aux  fins  de  signer,  dans  les \nlimites de ses attributions, les correspondances ordinaires, r\u00e9c\u00e9piss\u00e9s et documents divers  \nne pr\u00e9sentant pas de caract\u00e8re d\u00e9cisionnel, \u00e0 l'exclusion des lettres circulaires et des lettres  \npersonnelles aux \u00e9lus.\nARTICLE 2 : En cas d'absence ou d'emp\u00eachement de Mme Carole ROCHA, la d\u00e9l\u00e9gation de  \nsignature qui lui est accord\u00e9e \u00e0 l'article 1 er est exerc\u00e9e, dans les m\u00eames conditions, par  \nMme  Sophie  BENARD,  secr\u00e9taire  administrative  de  classe  exceptionelle,  adjointe  \u00e0  la \nr\u00e9f\u00e9rente fraude d\u00e9partementale.\nARTICLE  3 : Le  secr\u00e9taire  g\u00e9n\u00e9ral  de  la  pr\u00e9fecture  du  Var  et  la  r\u00e9f\u00e9rente  fraude  \nd\u00e9partementale sont charg\u00e9s, chacun en ce qui le concerne, de l'ex\u00e9cution du pr\u00e9sent arr\u00eat\u00e9 \nqui sera publi\u00e9 au recueil des actes administratifs de la pr\u00e9fecture du Var.\nFait \u00e0 Toulon, le 2 juin 2025 \nPr\u00e9fet du Var\nSign\u00e9\nSimon BABRE\n2/2\nPr\u00e9fecture du VAR - 83-2025-06-02-00011 - ARR\u00caT\u00c9 PR\u00c9FECTORAL n\u00b0 2025/20/MCI du 2 juin 2025 portant d\u00e9l\u00e9gation de signature \u00e0\nMme Carole ROCHA r\u00e9f\u00e9rente fraude d\u00e9partementale de la pr\u00e9fecture du Var,\nr\u00e9f\u00e9rente pour le contr\u00f4le interne financier.\n29\nPr\u00e9fecture du VAR\n83-2025-06-02-00012\nARR\u00caT\u00c9 PR\u00c9FECTORAL n\u00b0 2025/21/MCI du 2 juin\n2025 portant d\u00e9l\u00e9gation de signature \u00e0 M.\nLaurent FAR\u00c9 chef du service de la\ncommunication interminist\u00e9rielle de l'\u00c9tat en\nd\u00e9partement de la pr\u00e9fecture du Var\nPr\u00e9fecture du VAR - 83-2025-06-02-00012 - ARR\u00caT\u00c9 PR\u00c9FECTORAL n\u00b0 2025/21/MCI du 2 juin 2025 portant d\u00e9l\u00e9gation de signature \u00e0 M.\nLaurent FAR\u00c9 chef du service de la communication interminist\u00e9rielle de l'\u00c9tat en d\u00e9partement de la pr\u00e9fecture du Var 30\n=mPREFETDU VARLibert\u00e9Egalit\u00e9Fraternit\u00e9\nDirection de la coordination des politiques publiques\net de l'appui territorial\nMission de coordination interminist\u00e9rielle\nARR\u00caT\u00c9 PR\u00c9FECTORAL n\u00b0 2025/21/MCI du 2 juin 2025 \nportant d\u00e9l\u00e9gation de signature \u00e0 M. Laurent FAR\u00c9 chef du service de la communication \ninterminist\u00e9rielle de l'\u00c9tat en d\u00e9partement\nde la pr\u00e9fecture du Var\n     \nLe Pr\u00e9fet du Var,\nChevalier de la L\u00e9gion d'Honneur,\nChevalier de l'Ordre National du M\u00e9rite,\nVu la loi n\u00b0 82-213 du 2 mars 1982 modifi\u00e9e, relative aux droits et libert\u00e9s des communes, des \nd\u00e9partements et des r\u00e9gions ;\nVu la loi n\u00b0 83-8 du 7 janvier 1983 modifi\u00e9e, relative \u00e0 la r\u00e9partition des comp\u00e9tences entre  \nles communes, les d\u00e9partements, les r\u00e9gions et l'\u00c9tat ;\nVu  la  loi  d'orientation  n\u00b0  92-125  du  6  f\u00e9vrier  1992  modifi\u00e9e  relative  \u00e0  l'administration \nterritoriale de la R\u00e9publique ;\nVu  la  loi  n\u00b0  2004-809  du  13  ao\u00fbt  2004  modifi\u00e9e  relative  aux  libert\u00e9s  et  responsabilit\u00e9s \nlocales ;\nVu le d\u00e9cret n\u00b0 97-34 du 15 janvier 1997 modifi\u00e9 relatif \u00e0 la d\u00e9concentration des d\u00e9cisions  \nadministratives individuelles ;\nVu  le  d\u00e9cret  n\u00b0  2004-374  du  29  avril  2004  modifi\u00e9  relatif  aux  pouvoirs  des  pr\u00e9fets,  \u00e0 \nl'organisation et \u00e0 l'action des services de l'\u00c9tat dans les r\u00e9gions et d\u00e9partements ;\nVu le d\u00e9cret n\u00b0 2015-510 du 7 mai 2015 portant charte de la d\u00e9concentration ;\nVu  le  d\u00e9cret  du  Pr\u00e9sident  de  la  R\u00e9publique  du  15  avril  2022  portant  nomination  de \nM  Lucien  GIUDICELLI,  secr\u00e9taire  g\u00e9n\u00e9ral  de  la  pr\u00e9fecture  du  Var,  sous-pr\u00e9fet  de  \nl'arrondissement de Toulon ; \nVu le d\u00e9cret du Pr\u00e9sident de la R\u00e9publique du 15 mai 2025 portant nomination de M. Simon  \nBABRE, pr\u00e9fet du Var ;\nVu  l'arr\u00eat\u00e9  pr\u00e9fectoral  n\u00b02024/43/MCI  du  30  d\u00e9cembre  2024  portant  organisation  de  la \npr\u00e9fecture du Var ;\nSur proposition du secr\u00e9taire g\u00e9n\u00e9ral de la pr\u00e9fecture du Var ,\nPr\u00e9fecture du VAR - 83-2025-06-02-00012 - ARR\u00caT\u00c9 PR\u00c9FECTORAL n\u00b0 2025/21/MCI du 2 juin 2025 portant d\u00e9l\u00e9gation de signature \u00e0 M.\nLaurent FAR\u00c9 chef du service de la communication interminist\u00e9rielle de l'\u00c9tat en d\u00e9partement de la pr\u00e9fecture du Var 31\nARR\u00caTE :\nARTICLE 1er : D\u00e9l\u00e9gation est donn\u00e9e \u00e0 M. Laurent FAR\u00c9 attach\u00e9 d'administration de l'\u00c9tat,  \nchef du service de la communication interminist\u00e9rielle de l'\u00c9tat en d\u00e9partement, aux fins de  \nsigner, dans les limites des attributions et comp\u00e9tences de ce service, les correspondances  \nordinaires, r\u00e9c\u00e9piss\u00e9s et documents divers ne pr\u00e9sentant pas de caract\u00e8re d\u00e9cisionnel.\nARTICLE 2  :  En cas d'absence ou d'emp\u00eachement de  M. Laurent  FAR\u00c9, la d\u00e9l\u00e9gation de  \nsignature qui lui est consentie par l'article 1er du pr\u00e9sent arr\u00eat\u00e9 est exerc\u00e9e par Mme Marion \nQUENOI, secr\u00e9taire administrative de classe sup\u00e9rieure, adjointe au chef de service. \nARTICLE  3 : Le  secr\u00e9taire  g\u00e9n\u00e9ral  de  la  pr\u00e9fecture  du  Var  et  le  chef  du  service  de  la \ncommunication interminist\u00e9rielle de l'\u00c9tat en d\u00e9partement sont charg\u00e9s, chacun en ce qui le \nconcerne, de l'ex\u00e9cution du pr\u00e9sent arr\u00eat\u00e9 qui sera publi\u00e9 au recueil des actes administratifs \nde la pr\u00e9fecture du Var. \nFait \u00e0 Toulon, le 2 juin 2025\nPr\u00e9fet du Var\nSign\u00e9\nSimon BABRE\n  \n2/2\nPr\u00e9fecture du VAR - 83-2025-06-02-00012 - ARR\u00caT\u00c9 PR\u00c9FECTORAL n\u00b0 2025/21/MCI du 2 juin 2025 portant d\u00e9l\u00e9gation de signature \u00e0 M.\nLaurent FAR\u00c9 chef du service de la communication interminist\u00e9rielle de l'\u00c9tat en d\u00e9partement de la pr\u00e9fecture du Var 32\nPr\u00e9fecture du VAR\n83-2025-06-02-00015\nARR\u00caT\u00c9 PR\u00c9FECTORAL n\u00b0 2025/24/MCI du 2 juin\n2025 portant d\u00e9l\u00e9gation de signature \u00e0 Mme\nNathalie GUERSON, directrice d\u00e9partementale\nde la protection des populations du Var\nPr\u00e9fecture du VAR - 83-2025-06-02-00015 - ARR\u00caT\u00c9 PR\u00c9FECTORAL n\u00b0 2025/24/MCI du 2 juin 2025 portant d\u00e9l\u00e9gation de signature \u00e0\nMme Nathalie GUERSON, directrice d\u00e9partementale de la protection des populations du Var 33\n=mPREFETDU VARLibert\u00e9Egalit\u00e9Fraternit\u00e9\nDirection de la coordination des politiques publiques \net de l'appui territorial\nMission de coordination interminist\u00e9rielle\nARR\u00caT\u00c9 PR\u00c9FECTORAL n\u00b0 2025/24/MCI du 2 juin 2025\nportant d\u00e9l\u00e9gation de signature \u00e0 Mme Nathalie GUERSON,\ndirectrice d\u00e9partementale de la protection des populations du Var\nLe Pr\u00e9fet du Var,\nChevalier de la L\u00e9gion d'Honneur,\nChevalier de l'Ordre National du M\u00e9rite,\nVu notamment le code de commerce, le code de la consommation, le code rural et de la  \np\u00eache maritime, le code de l'environnement, le code de la sant\u00e9 publique, le code de la  \nconstruction et de l'habitation ;\nVu la loi n\u00b0 82-213 du 2 mars modifi\u00e9e, relative aux droits et libert\u00e9s des communes, des  \nd\u00e9partements et des r\u00e9gions ;\nVu la loi n\u00b0 83-8 du 7 janvier 1983 modifi\u00e9e relative \u00e0 la r\u00e9partition des comp\u00e9tences entre les  \ncommunes, les d\u00e9partements, les r\u00e9gions et l'\u00c9tat ;\nVu  la  loi  d'orientation  n\u00b0  92-125  du  6  f\u00e9vrier  1992  modifi\u00e9e  relative  \u00e0  !'administration \nterritoriale de la R\u00e9publique ;\nVu la loi n\u00b0 2004-809 du 13 ao\u00fbt 2004 modifi\u00e9e relative aux libert\u00e9s et responsabilit\u00e9s locales ;\nVu  le  d\u00e9cret  n\u00b0  2004-374  du  29  avril  2004  modifi\u00e9  relatif  aux  pouvoirs  des  pr\u00e9fets,  \u00e0 \nl'organisation et a l'action des services de l'\u00c9tat dans les r\u00e9gions et les d\u00e9partements ;\nVu le d\u00e9cret n\u00b0 2009-1484 du 3 d\u00e9cembre 2009 modifi\u00e9 relatif aux directions d\u00e9partementales \ninterminist\u00e9rielles ;\nVu le d\u00e9cret n\u00b02015-510 du 7 mai 2015 portant charte de la d\u00e9concentration ;\nVu le d\u00e9cret du Pr\u00e9sident de la R\u00e9publique du 15 avril 2022 portant nomination de  M. Lucien  \nGIUDICELLI, secr\u00e9taire g\u00e9n\u00e9ral de la pr\u00e9fecture du Var, sous-pr\u00e9fet de l'arrondissement de  \nToulon ;\nVu le d\u00e9cret du Pr\u00e9sident de la R\u00e9publique du 15 mai 2025 portant nomination de M. Simon  \nBABRE, pr\u00e9fet du Var ;\nVu l'arr\u00eat\u00e9 du Premier ministre et du ministre de l'Int\u00e9rieur et des outre-mer en date du 13  \nmars 2024 , portant nomination de Mme Nathalie GUERSON, directrice d\u00e9partementale de la  \nprotection des populations du Var \u00e0 compter du 18 mars 2024 pour une dur\u00e9e de quatre ans ;\n1/3\nPr\u00e9fecture du VAR - 83-2025-06-02-00015 - ARR\u00caT\u00c9 PR\u00c9FECTORAL n\u00b0 2025/24/MCI du 2 juin 2025 portant d\u00e9l\u00e9gation de signature \u00e0\nMme Nathalie GUERSON, directrice d\u00e9partementale de la protection des populations du Var 34\nVu l'arr\u00eat\u00e9 du Premier ministre et du ministre de l'Int\u00e9rieur et des outre-mer en date du 25  \njuin 2024 , portant nomination de M. Jean-Fran\u00e7ois CARRI\u00c9, directeur d\u00e9partemental adjoint  \nde la protection des populations du Var ;\nVu l'arr\u00eat\u00e9 interminist\u00e9riel du 31 mars 2011 modifi\u00e9 portant d\u00e9concentration des d\u00e9cisions  \nrelatives \u00e0 la situation individuelle des fonctionnaires et agents non titulaires exer\u00e7ant leurs  \nfonctions dans les directions d\u00e9partementales interminist\u00e9rielles ;\nVu l'arr\u00eat\u00e9 pr\u00e9fectoral n\u00b0 2021-011 en date du 27 janvier 2021 portant organisation de la  \ndirection d\u00e9partementale de la protection des populations du Var ;\nSur proposition du secr\u00e9taire g\u00e9n\u00e9ral de la pr\u00e9fecture, \nARR\u00caTE :\nARTICLE 1\nD\u00e9l\u00e9gation  est  donn\u00e9e  \u00e0  Mme  Nathalie  GUERSON,  directrice  d\u00e9partementale  de  la \nprotection des populations du Var,  \u00e0 l'effet de signer les d\u00e9cisions et actes en mati\u00e8re de  \ngestion des personnels plac\u00e9s sous son autorit\u00e9.\nARTICLE 2 \nD\u00e9l\u00e9gation est \u00e9galement donn\u00e9e \u00e0 Mme Nathalie GUERSON, directrice d\u00e9partementale de la \nprotection des populations du Var, \u00e0 l'effet de signer tous actes, documents administratifs,  \nrapports, conventions, certificats et correspondances relevant des missions et attributions de \nla direction, sauf exceptions pr\u00e9vues \u00e0 l'article suivant.\nARTICLE 3\nSont exclus du champ de la d\u00e9l\u00e9gation  de signature : \n\u2022 les actes \u00e0 port\u00e9e r\u00e9glementaire ;\n\u2022 les  actes  d\u00e9favorables  faisant  grief  \u00e0  des  tiers  (sauf  si  mentionn\u00e9s  \u00e0  l'article  4), \nnotamment les sanctions administratives, suspensions, annulations, retraits d'agr\u00e9ment \nou d'autorisation ainsi que les d\u00e9cisions de refus lorsqu'ils rel\u00e8vent d'une appr\u00e9ciation  \ndiscr\u00e9tionnaire ;\n\u2022 les  arr\u00eat\u00e9s  portant  nomination  des  membres  de  commissions  et  comit\u00e9s  \nd\u00e9partementaux ;\n\u2022 les arr\u00eat\u00e9s d'ouverture d'enqu\u00eates publiques et tous arr\u00eat\u00e9s subs\u00e9quents ;\n\u2022 les  autorisations  dans  le  domaine  des  installations  class\u00e9es  pour  la  protection  de \nl'environnement et de la police de l'eau;\n\u2022 les r\u00e9ponses aux recours gracieux dans le cadre du contr\u00f4le de l\u00e9galit\u00e9 ;\n\u2022 les circulaires aux maires et aux collectivit\u00e9s territoriales ;\n\u2022 toutes correspondances adress\u00e9es aux cabinets minist\u00e9riels ainsi que celles adress\u00e9es  \naux administrations centrales ;\n\u2022 toutes correspondances adress\u00e9es au pr\u00e9fet de r\u00e9gion ;\n\u2022 toutes  correspondances  adress\u00e9es  aux  pr\u00e9sidents  des  assembl\u00e9es  r\u00e9gionale  et \nd\u00e9partementale ainsi que les r\u00e9ponses aux interventions des parlementaires et des  \nconseillers  d\u00e9partementaux  lorsqu'elles  portent  sur  des  comp\u00e9tences  relevant  de \nl'\u00c9tat ;\n\u2022 les actes portant constitution et composition des comit\u00e9s et commissions institu\u00e9es  \npar des textes l\u00e9gislatifs ou r\u00e9glementaires ;\n2/4\nPr\u00e9fecture du VAR - 83-2025-06-02-00015 - ARR\u00caT\u00c9 PR\u00c9FECTORAL n\u00b0 2025/24/MCI du 2 juin 2025 portant d\u00e9l\u00e9gation de signature \u00e0\nMme Nathalie GUERSON, directrice d\u00e9partementale de la protection des populations du Var 35\n\u2022 les requ\u00eates, d\u00e9f\u00e9r\u00e9s, m\u00e9moires et d\u00e9clinatoires de comp\u00e9tence aupr\u00e8s des diff\u00e9rentes \njuridictions.\nARTICLE 4\nD\u00e9l\u00e9gation est toutefois donn\u00e9e \u00e0 Mme Nathalie GUERSON, directrice d\u00e9partementale de la  \nprotection des populations du Var, \u00e0 l'effet de signer les actes d\u00e9favorables faisant grief \u00e0 des \ntiers,  exclusivement en ce qui concerne :\n\u2022 les sanctions administratives relatives aux non-conformit\u00e9s \u00e0 la r\u00e9glementation \u00e9tablies \npar  un  essai  ou  une  analyse  dans  le  cas  de  pr\u00e9l\u00e8vements  effectu\u00e9s  en  recherche \nd'infraction, ainsi que le dispose l'article L.531-6 du code de la consommation ;\n\u2022 les mises sous surveillance des animaux de compagnie ou de rente (Article L.201-4 du  \ncode rural et de la p\u00eache maritime ainsi que les d\u00e9crets et arr\u00eat\u00e9s d'application), lors  \nd'introductions  non  conformes  sur  le  territoire  m\u00e9tropolitain  de  carnivores  en \nprovenance de pays tiers ou de l'Union europ\u00e9enne ou lors de suspicion de maladies  \nr\u00e9glement\u00e9es d\u00e9finies par l'article L.221-1 du code pr\u00e9cit\u00e9 ;\n\u2022 les fermetures ou arr\u00eats d'activit\u00e9, ordonn\u00e9s en urgence eu \u00e9gard au risque sanitaire  \npour le public, d'\u00e9tablissements alimentaires pris en application du L.233-1 de code  \nrural et de la p\u00eache maritime ;\n\u2022 Les d\u00e9cisions ou arr\u00eat\u00e9s :\n\u25e6 de  mises  sous  surveillance  ou  de  d\u00e9claration  d'infection  d'animaux  ou \nd'exploitations ou lieux de d\u00e9tention en relation avec une maladie vis\u00e9e \u00e0 l'article  \nL201-1 du CRPM ;\n\u25e6 de retraits et modifications des qualifications officielles ayant trait aux statuts des  \nanimaux et des cheptels au regard des maladies vis\u00e9es \u00e0 l'article L201-1 du CRPM ;\n\u25e6 de  restrictions  des  mouvements  d'entr\u00e9e  et  de  sortie  des  animaux  d'une  \nexploitation en application de l'article D212-28 du CRPM ;\n\u25e6 de mises en demeure prises au titre de l'article L206-2 du CRPM ;\n\u25e6 de mise en quarantaine des animaux vivants prises en application de l'article L236-5 \ndu CPM, en cas de m\u00e9connaissance des dispositions de  l'article L. 236-1  commise \npar  une  entreprise  exp\u00e9ditrice  ou  destinataire  ou  toute  autre  personne  qui \nparticipe \u00e0 l'op\u00e9ration d'\u00e9change.\nARTICLE 5\nDans le cadre de ses attributions et comp\u00e9tences, d\u00e9l\u00e9gation est donn\u00e9e \u00e0 Mme Nathalie  \nGUERSON, directrice d\u00e9partementale de la protection des populations du Var, \u00e0 l'effet de  \nd\u00e9signer, par arr\u00eat\u00e9 pris en mon nom, la liste des agents plac\u00e9s sous son autorit\u00e9 habilit\u00e9s \u00e0  \nsigner \u00e0 sa place certains documents relevant de leurs comp\u00e9tences et de leur bureau,  dans \nles limites des attributions mentionn\u00e9es aux articles 2 \u00e0 4 ci-dessus.\nARTICLE 6\nEn cas d'absence ou d'emp\u00eachement de Mme Nathalie GUERSON, directrice d\u00e9partementale \nde la protection des populations du Var, la d\u00e9l\u00e9gation de signature qui lui est accord\u00e9e par les \narticles 1, 2 et 4 du pr\u00e9sent arr\u00eat\u00e9 est exerc\u00e9e, dans les m\u00eames conditions, par M. Jean-\nFran\u00e7ois CARRI\u00c9, directeur d\u00e9partemental adjoint de la protection des populations du Var.  \n3/3\nPr\u00e9fecture du VAR - 83-2025-06-02-00015 - ARR\u00caT\u00c9 PR\u00c9FECTORAL n\u00b0 2025/24/MCI du 2 juin 2025 portant d\u00e9l\u00e9gation de signature \u00e0\nMme Nathalie GUERSON, directrice d\u00e9partementale de la protection des populations du Var 36\nARTICLE 7\nLe secr\u00e9taire g\u00e9n\u00e9ral de la pr\u00e9fecture du Var et la directrice d\u00e9partementale  de la protection \ndes populations du Var, sont charg\u00e9s, chacun en ce qui le concerne, de l'ex\u00e9cution du pr\u00e9sent  \narr\u00eat\u00e9 qui sera publi\u00e9 au recueil des actes administratifs de la pr\u00e9fecture du Var.\nFait \u00e0 Toulon, le 2 juin 2025\nPr\u00e9fet du Var\nSign\u00e9\nSimon BABRE\n4/4\nPr\u00e9fecture du VAR - 83-2025-06-02-00015 - ARR\u00caT\u00c9 PR\u00c9FECTORAL n\u00b0 2025/24/MCI du 2 juin 2025 portant d\u00e9l\u00e9gation de signature \u00e0\nMme Nathalie GUERSON, directrice d\u00e9partementale de la protection des populations du Var 37\nPr\u00e9fecture du VAR\n83-2025-06-02-00016\nARR\u00caT\u00c9 PR\u00c9FECTORAL n\u00b0 2025/25/MCI du 2 juin\n2025 portant d\u00e9l\u00e9gation de signature \u00e0 M.\nLaurent BOULET,directeur d\u00e9partemental des\nterritoires et de la mer du Var\nPr\u00e9fecture du VAR - 83-2025-06-02-00016 - ARR\u00caT\u00c9 PR\u00c9FECTORAL n\u00b0 2025/25/MCI du 2 juin 2025 portant d\u00e9l\u00e9gation de signature \u00e0 M.\nLaurent BOULET,directeur d\u00e9partemental des territoires et de la mer du Var 38\n=mPREFETDU VARLibert\u00e9Egalit\u00e9Fraternit\u00e9\nDirection de la coordination des politiques publiques \net de l'appui territorial\nMission de coordination interminist\u00e9rielle\nARR\u00caT\u00c9 PR\u00c9FECTORAL n\u00b0 2025/25/MCI du 2 juin 2025\nportant d\u00e9l\u00e9gation de signature \u00e0 M. Laurent BOULET, \ndirecteur d\u00e9partemental des territoires et de la mer du Var \nLe Pr\u00e9fet du Var,\nChevalier de la L\u00e9gion d'Honneur,\nChevalier de l'Ordre National du M\u00e9rite,\nVu le code g\u00e9n\u00e9ral de la fonction publique ;\nVu la loi n\u00b0 82-213 du 2 mars modifi\u00e9e, relative aux droits et libert\u00e9s des communes, des  \nd\u00e9partements et des r\u00e9gions ;\nVu la loi n\u00b0 83-8 du 7 janvier 1983 modifi\u00e9e relative \u00e0 la r\u00e9partition des comp\u00e9tences entre les  \ncommunes, les d\u00e9partements, les r\u00e9gions et l'\u00c9tat ;\nVu  la  loi  d'orientation  n\u00b0  92-125  du  6  f\u00e9vrier  1992  modifi\u00e9e  relative  \u00e0  !'administration \nterritoriale de la R\u00e9publique ;\nVu la loi n\u00b0 2004-809 du 13 ao\u00fbt 2004 modifi\u00e9e relative aux libert\u00e9s et responsabilit\u00e9s locales ;\nVu le d\u00e9cret n\u00b0 97-34 du 15 janvier 1997 modifi\u00e9 relatif \u00e0 la d\u00e9concentration des d\u00e9cisions  \nadministratives individuelles ;\nVu  le  d\u00e9cret  n\u00b0  2004-374  du  29  avril  2004  modifi\u00e9  relatif  aux  pouvoirs  des  pr\u00e9fets,  \u00e0 \nl'organisation et a l'action des services de l'\u00c9tat dans les r\u00e9gions et les d\u00e9partements ;\nVu le d\u00e9cret n\u00b0 2009-1484 du 3 d\u00e9cembre 2009 modifi\u00e9 relatif aux directions d\u00e9partementales \ninterminist\u00e9rielles ;\nVu le d\u00e9cret n\u00b0 2013-1041 du 20 novembre 2013 modifi\u00e9 autorisant le ministre charg\u00e9 du  \nd\u00e9veloppement durable \u00e0 d\u00e9l\u00e9guer certains de ses pouvoirs de recrutement et de gestion  \nd'agents plac\u00e9s sous son autorit\u00e9 ;\nVu le d\u00e9cret n\u00b0 2015-510 du 7 mai 2015 portant charte de la d\u00e9concentration ; \nVu  le  d\u00e9cret  du  Pr\u00e9sident  de  la  R\u00e9publique  du  15  avril  2022  portant  nomination  de \nM. Lucien GIUDICELLI, sous-pr\u00e9fet de l'arrondissement de Toulon, secr\u00e9taire g\u00e9n\u00e9ral de la  \npr\u00e9fecture du Var ;\nVu le d\u00e9cret du Pr\u00e9sident de la R\u00e9publique du 15 mai 2025 portant nomination de M. Simon  \nBABRE, pr\u00e9fet du Var ;\nVu l'arr\u00eat\u00e9 du Premier ministre et du ministre de l'Int\u00e9rieur en date du 4 mars 2022, portant  \nnomination de M. Laurent BOULET, directeur d\u00e9partemental des territoires et de la mer du  \nVar \u00e0 compter du 1er avril 2022 pour une dur\u00e9e de quatre ans ;\nVu l'arr\u00eat\u00e9 interminist\u00e9riel du 31 mars 2011 modifi\u00e9 portant d\u00e9concentration des d\u00e9cisions  \nrelatives \u00e0 la situation individuelle des fonctionnaires et agents non titulaires exer\u00e7ant leurs  \nfonctions dans les directions d\u00e9partementales interminist\u00e9rielles ;\n1/3\nPr\u00e9fecture du VAR - 83-2025-06-02-00016 - ARR\u00caT\u00c9 PR\u00c9FECTORAL n\u00b0 2025/25/MCI du 2 juin 2025 portant d\u00e9l\u00e9gation de signature \u00e0 M.\nLaurent BOULET,directeur d\u00e9partemental des territoires et de la mer du Var 39\nVu l'arr\u00eat\u00e9 pr\u00e9fectoral n\u00b0DDTM/MPCA/2025-01 du 21 f\u00e9vrier 2025 portant organisation de la  \ndirection d\u00e9partementale des territoires et de la mer ;\nSur proposition du secr\u00e9taire g\u00e9n\u00e9ral de la pr\u00e9fecture du Var,\nARR\u00caTE :\nARTICLE 1  er  \nD\u00e9l\u00e9gation  est donn\u00e9e \u00e0 M. Laurent BOULET, directeur d\u00e9partemental des territoires et de la  \nmer du Var, \u00e0 l'effet de signer les d\u00e9cisions et actes en mati\u00e8re de gestion des personnels  \nplac\u00e9s sous son autorit\u00e9.\nARTICLE 2\nD\u00e9l\u00e9gation est donn\u00e9e \u00e0 M. Laurent BOULET, directeur d\u00e9partemental des territoires et de la  \nmer, \u00e0 l'effet de signer tous actes, documents administratifs, rapports, conventions, certificats \net correspondances, dans les limites des missions et attributions relevant de cette direction et \n\u00e0 l'exception des actes vis\u00e9s \u00e0 l'article suivant.\nARTICLE 3\nSont exclus du champ de la d\u00e9l\u00e9gation de signature :\n\u2022 les actes \u00e0 port\u00e9e r\u00e9glementaire ;\n\u2022 les  actes  d\u00e9favorables  faisant  grief  \u00e0  des  tiers  (sauf  si  mentionn\u00e9s  \u00e0  l'article  4), \nnotamment les sanctions administratives, suspensions, annulations, retraits d'agr\u00e9ment \nou d'autorisation ainsi que les d\u00e9cisions de refus lorsqu'ils rel\u00e8vent d'une appr\u00e9ciation  \ndiscr\u00e9tionnaire ;\n\u2022 les  arr\u00eat\u00e9s  portant  nomination  de  membres  de  commissions  et  comit\u00e9s  \nd\u00e9partementaux ;\n\u2022 les arr\u00eat\u00e9s d'ouverture d'enqu\u00eates publiques et tous arr\u00eat\u00e9s subs\u00e9quents ; \n\u2022 les autorisations dans les domaines des installations class\u00e9es pour la protection de  \nl'environnement et de la police des eaux ;\n\u2022 les d\u00e9cisions en mati\u00e8re de permis de construire de la comp\u00e9tence de l'\u00c9tat lorsque  \nl'instruction r\u00e9v\u00e8le des avis divergents ;\n\u2022 les r\u00e9ponses aux recours gracieux dans le cadre du contr\u00f4le de l\u00e9galit\u00e9 ;\n\u2022 les circulaires aux maires et aux collectivit\u00e9s territoriales ;\n\u2022 toutes correspondances adress\u00e9es aux cabinets minist\u00e9riels, ainsi que celles adress\u00e9es  \naux administrations centrales ;\n\u2022 toutes correspondances adress\u00e9es au pr\u00e9fet de r\u00e9gion ;\n\u2022 toutes  correspondances  adress\u00e9es  aux  pr\u00e9sidents  des  assembl\u00e9es  r\u00e9gionale  et \nd\u00e9partementale,  ainsi  que  les  r\u00e9ponses  aux  interventions  des  parlementaires  et \nconseillers  d\u00e9partementaux  lorsqu'elles  portent  sur  des  comp\u00e9tences  relevant  de \nl'\u00c9tat ;\n\u2022 les actes portant constitution et composition des comit\u00e9s et commissions institu\u00e9s par \ndes textes l\u00e9gislatifs ou r\u00e9glementaires (sauf ceux vis\u00e9s au d) de l'article 4 ci-apr\u00e8s) ;\n\u2022 les requ\u00eates, d\u00e9f\u00e9r\u00e9s, m\u00e9moires et d\u00e9clinatoires de comp\u00e9tence aupr\u00e8s des diff\u00e9rentes \njuridictions ;\nARTICLE 4\nNonobstant  les  dispositions  de  l'article  3  ci-dessus,  d\u00e9l\u00e9gation  est  donn\u00e9e  \u00e0  M.  Laurent \nBOULET, directeur d\u00e9partemental des territoires et de la mer du Var, \u00e0 l'effet de signer : \n2/3\nPr\u00e9fecture du VAR - 83-2025-06-02-00016 - ARR\u00caT\u00c9 PR\u00c9FECTORAL n\u00b0 2025/25/MCI du 2 juin 2025 portant d\u00e9l\u00e9gation de signature \u00e0 M.\nLaurent BOULET,directeur d\u00e9partemental des territoires et de la mer du Var 40\na) les arr\u00eat\u00e9s de retrait des permis de conduire des bateaux de plaisance \u00e0 moteur en  \napplication de l'article 6 du d\u00e9cret n\u00b0 2007-1167 du 2 ao\u00fbt 2007 relatif au permis de conduire  \net \u00e0 la formation \u00e0 la conduite des bateaux de plaisance \u00e0 moteur ;\nb) les d\u00e9cisions portant refus et retrait d'autorisation de d\u00e9frichement ;\nc)  les arr \u00eat\u00e9s d'ouverture d'enqu\u00eates publiques, tous les arr\u00eat\u00e9s subs\u00e9quents et tous les  \nactes, d\u00e9cisions et courriers n\u00e9cessaires \u00e0 la conduite et \u00e0 l'organisation des enqu\u00eates ;\nd)  les  arr\u00eat\u00e9s  portant  constitution  et  composition  des  commissions  d\u00e9partementales \nd'am\u00e9nagement commercial et des commissions nautiques locales ;\ne) les mises en demeure au titre du code g\u00e9n\u00e9ral de la propri\u00e9t\u00e9 des personnes publiques,  \ndu code des transports, du code de l'environnement et du code de l'urbanisme.\nf) les arr\u00eat\u00e9s portant application du r\u00e9gime forestier conform\u00e9ment aux dispositions de  \nl'article L. 214-3 du code forestier relatives \u00e0 l'am\u00e9nagement, l'exploitation r\u00e9guli\u00e8re ou de  \nreconstitution des bois et for\u00eats des collectivit\u00e9s territoriales et des autres personnes morales \nmentionn\u00e9es au 2\u00b0 du I de l'article L. 211-1 dudit code forestier.\nARTICLE 5\nM. Laurent BOULET, directeur d\u00e9partemental des territoires et de la mer du Var, est habilit\u00e9 \u00e0 \npr\u00e9senter  devant  les  juridictions  administratives  et  judiciaires,  les  observations  orales  de \nl'\u00c9tat,  \u00e0  l'appui  des  conclusions  \u00e9crites  sign\u00e9es  par  le  repr\u00e9sentant  de  l'\u00c9tat  dans  le \nd\u00e9partement du Var.\nARTICLE 6\nDans  le  cadre  de  ses  attributions  et  comp\u00e9tences,  d\u00e9l\u00e9gation  est  donn\u00e9e  \u00e0  M.  Laurent \nBOULET, directeur d\u00e9partemental des territoires et de la mer du Var, \u00e0 l'effet de d\u00e9signer, par \narr\u00eat\u00e9 pris en mon nom, la liste des agents plac\u00e9s sous son autorit\u00e9 habilit\u00e9s \u00e0 signer \u00e0 sa  \nplace certains documents relevant de leurs comp\u00e9tences et de leur bureau,  dans les limites  \ndes attributions mentionn\u00e9es aux articles 2 \u00e0 4 ci-dessus.\nAucune  autre  subd\u00e9l\u00e9gation  de  signature  ne  pourra  \u00eatre  effectu\u00e9e  par  le  directeur \nd\u00e9partemental des territoires et de la mer.\nARTICLE 7\nEn cas d'absence ou d'emp\u00eachement de M. Laurent BOULET, directeur d\u00e9partemental des \nterritoires et de la mer du Var, la d\u00e9l\u00e9gation de signature qui lui est accord\u00e9e au titre du  \npr\u00e9sent arr\u00eat\u00e9 est exerc\u00e9e, dans les m\u00eames conditions,  par M. Xavier PRUD'HON,  \ndirecteur d\u00e9partemental adjoint ou par M. Lionel HOULLIER, directeur d\u00e9partemental \nadjoint d\u00e9l\u00e9gu\u00e9 \u00e0 la mer et au littoral.\nARTICLE 8\nLe secr\u00e9taire g\u00e9n\u00e9ral de la pr\u00e9fecture du Var et le directeur d\u00e9partemental des territoires et  \nde la mer du Var sont charg\u00e9s, chacun en ce qui le concerne, de l'ex\u00e9cution du pr\u00e9sent arr\u00eat\u00e9 \nqui sera publi\u00e9 au recueil des actes administratifs de la pr\u00e9fecture du Var.\nToulon, le 2 juin 2025\nPr\u00e9fet du Var\nSign\u00e9\nSimon BABRE\n3/3\nPr\u00e9fecture du VAR - 83-2025-06-02-00016 - ARR\u00caT\u00c9 PR\u00c9FECTORAL n\u00b0 2025/25/MCI du 2 juin 2025 portant d\u00e9l\u00e9gation de signature \u00e0 M.\nLaurent BOULET,directeur d\u00e9partemental des territoires et de la mer du Var 41\nPr\u00e9fecture du VAR\n83-2025-06-02-00017\nARR\u00caT\u00c9 PR\u00c9FECTORAL n\u00b0 2025/27/MCI du 2 juin\n2025 portant d\u00e9l\u00e9gation de signature \u00e0 M.\nJean-Michel BLANCHARD, directeur\nd\u00e9partemental des Finances publiques du Var,\nPr\u00e9fecture du VAR - 83-2025-06-02-00017 - ARR\u00caT\u00c9 PR\u00c9FECTORAL n\u00b0 2025/27/MCI du 2 juin 2025 portant d\u00e9l\u00e9gation de signature \u00e0 M.\nJean-Michel BLANCHARD, directeur d\u00e9partemental des Finances publiques du Var, 42\n=mPREFETDU VARLibert\u00e9Egalit\u00e9Fraternit\u00e9\nDirection de la coordination des politiques publiques\net de l'appui territorial\nMission de coordination interminist\u00e9rielle\nARR\u00caT\u00c9 PR\u00c9FECTORAL n\u00b0 2025/27/MCI du 2 juin 2025\nportant d\u00e9l\u00e9gation de signature \u00e0 M. Jean-Michel BLANCHARD,\ndirecteur d\u00e9partemental des Finances publiques du Var,\nLe Pr\u00e9fet du Var,\nChevalier de la L\u00e9gion d'Honneur,\nChevalier de l'Ordre National du M\u00e9rite,\nVu le code civil ;\nVu le code g\u00e9n\u00e9ral de la propri\u00e9t\u00e9 des personnes publiques ;\nVu le code des collectivit\u00e9s locales ;\nVu le code des march\u00e9s publics ;\nVu la loi organique n\u00b0 2001-692 du 1er ao\u00fbt 2001 relative aux lois de finances ;\nVu la loi n\u00b0 83-8 du 7 janvier 1983 modifi\u00e9e, relative \u00e0 la r\u00e9partition des comp\u00e9tences entre les \ncommunes, les d\u00e9partements, les r\u00e9gions et l'\u00c9tat ;\nVu  la  loi  d'orientation  n\u00b0  92-125  du  6  f\u00e9vrier  1992  modifi\u00e9e  relative  \u00e0  l'administration \nterritoriale de la R\u00e9publique ;\nVu  le  d\u00e9cret  n\u00b0  2004-374  du  29  avril  2004  modifi\u00e9  relatif  aux  pouvoirs  des  pr\u00e9fets,  \u00e0 \nl'organisation et \u00e0 l'action des services de l'\u00c9tat dans les r\u00e9gions et les d\u00e9partements ; \nVu le d\u00e9cret n\u00b0 2009-707 du 16 juin 2009 modifi\u00e9 relatif aux services d\u00e9concentr\u00e9s de la  \ndirection g\u00e9n\u00e9rale des finances publiques ;\nVu le d\u00e9cret n\u00b0 2012-1246 du 7 novembre 2012 relatif \u00e0 la gestion budg\u00e9taire et comptable  \npublique ;\nVu le d\u00e9cret n\u00b0 2015-510 du 7 mai 2015 portant charte de d\u00e9concentration ;\nVu le d\u00e9cret du Pr\u00e9sident de la R\u00e9publique du 15 avril 2022 portant nomination de M. Lucien  \nGIUDICELLI, secr\u00e9taire g\u00e9n\u00e9ral de la pr\u00e9fecture du Var, sous-pr\u00e9fet de l'arrondissement de  \nToulon ;\nVu  le  d\u00e9cret  du  18  novembre  2022  du  ministre  de  l'\u00c9conomie,  des  finances  et  de  la \nsouverainet\u00e9  industrielle et num\u00e9rique portant nomination de M. Jean-Michel BLANCHARD,  \nadministrateur g\u00e9n\u00e9ral des Finances publiques, en qualit\u00e9 de directeur d\u00e9partemental des  \nFinances publiques du Var \u00e0 compter du 12 d\u00e9cembre 2022 ;\nVu le d\u00e9cret du 18 ao\u00fbt 2023 portant int\u00e9gration de M Jean-Michel BLANCHARD, directeur  \nd\u00e9partemental des Finances publiques du Var, dans le corps des administrateurs de l'\u00c9tat ;\nVu le d\u00e9cret du Pr\u00e9sident de la R\u00e9publique du 15 mai 2025 portant nomination de M. Simon  \nBABRE, pr\u00e9fet du Var ;\n1/4\nPr\u00e9fecture du VAR - 83-2025-06-02-00017 - ARR\u00caT\u00c9 PR\u00c9FECTORAL n\u00b0 2025/27/MCI du 2 juin 2025 portant d\u00e9l\u00e9gation de signature \u00e0 M.\nJean-Michel BLANCHARD, directeur d\u00e9partemental des Finances publiques du Var, 43\nVu  l'arr\u00eat\u00e9  du  21  d\u00e9cembre  2022  portant  nomination  de  M.  Dominique  CHABERT  et  M. \nG\u00e9rard BLANC dans un emploi de direction de la direction g\u00e9n\u00e9rale des finances publiques  \u00e0  \ncompter du 1er janvier 2023 ; \nSur proposition du secr\u00e9taire g\u00e9n\u00e9ral de la pr\u00e9fecture,\nARRETE :\nARTICLE 1\nD\u00e9l\u00e9gation  est  donn\u00e9e  \u00e0  M.  Jean-Michel  BLANCHARD,  administrateur  de  l'\u00c9tat,  directeur \nd\u00e9partemental  des  Finances  publiques  du  Var,  \u00e0  l'effet  de  signer,  dans  la  limite  de  ses \nattributions et comp\u00e9tences, les d\u00e9cisions, contrats, conclusions, m\u00e9moires et, d'une fa\u00e7on  \nplus g\u00e9n\u00e9rale, tous les actes, y compris les actes de proc\u00e9dure, se rapportant aux questions,  \naffaires ou mati\u00e8res suivantes :\nEn mati\u00e8re domaniale\nNature des attributions R\u00e9f\u00e9rences\n1\nToutes  op\u00e9rations  se  rapportant  \u00e0  la \npassation et \u00e0 la signature au nom de  \nl'\u00c9tat des actes de gestion, d'utilisation \net de cession des biens domaniaux\nArt. L.3212-2, R.1111-2, R.2123-2,\nR.2123-8, R.2222-1, R.2222-6, R.2222-9, R.2222-\n15,  R.2222-24,  R.3211-3,  R.3211-4,  R.3211-6,  \nR.3211-7 ,  R.3211-25,  R.3211-26,  R.3211-39,  \nR.3211-44,  R.3212-1  du  code  g\u00e9n\u00e9ral  de  la \npropri\u00e9t\u00e9 des personnes publiques, art. A116  \ndu code du domaine de l'\u00c9tat, art. R322-8-1  \ndu code de l'environnement.\n2\nStipulation au nom de l'\u00c9tat des actes  \nd'acquisition,  de  prise  en  location  \nd'immeubles et de droits immobiliers  \nou de fonds de commerce int\u00e9ressant  \nles services publics civils ou militaires  \nde l'\u00c9tat.\nArt. R.1212-1 et R.4111-8 du code g\u00e9n\u00e9ral de la  \npropri\u00e9t\u00e9 des personnes publiques.\n3\nAutorisation d'incorporation au \ndomaine public des biens du domaine \npriv\u00e9 de l'\u00c9tat.\nArt. R.2111-1 du code g\u00e9n\u00e9ral de la propri\u00e9t\u00e9  \ndes personnes publiques.\n4\nToutes  op\u00e9rations  se  rapportant  \u00e0  la \npassation  et  \u00e0  la  signature  des  \nconventions  d'utilisation  avec  le  \nservice ou l'\u00e9tablissement utilisateur.\nArt R.2313-3 et R.4121-2 du code g\u00e9n\u00e9ral de  \nla propri\u00e9t\u00e9 des personnes publiques.\n5 Attribution  des  concessions  de  \nlogements.\nArt. R.2124-67 , R.2222-18 et R.4121-3 du code \ng\u00e9n\u00e9ral  de  la  propri\u00e9t\u00e9  des  personnes  \npubliques.\n                                                                                                                                                                                                                                2/4\nPr\u00e9fecture du VAR - 83-2025-06-02-00017 - ARR\u00caT\u00c9 PR\u00c9FECTORAL n\u00b0 2025/27/MCI du 2 juin 2025 portant d\u00e9l\u00e9gation de signature \u00e0 M.\nJean-Michel BLANCHARD, directeur d\u00e9partemental des Finances publiques du Var, 44\n6\nInstances domaniales de toute nature  \nautres que celles qui se rapportent \u00e0  \nl'assiette  et  au  recouvrement  des  \ndroits,  redevances  et  produits  \ndomaniaux.\nArt.  R.2331-1-1\u00b0  et  2\u00b0,  R.2331-2,  R.2331-3,  \nR.2331-4, R.2331-5, R.2331-6, R.3231-1, R.3231-\n2  et  R.41111-11  du  code  g\u00e9n\u00e9ral  de  la  \npropri\u00e9t\u00e9 des personnes publiques.\n7\nParticipation du service du Domaine \u00e0  \ncertaines  adjudications  d'immeubles  \ndont  les  propri\u00e9taires  avaient  \nb\u00e9n\u00e9fici\u00e9  de  pr\u00eats  sp\u00e9ciaux  \u00e0  la  \nconstruction garantis par l'\u00c9tat.\nArt  R.2222-36  du  code  g\u00e9n\u00e9ral  de  la  \npropri\u00e9t\u00e9 des personnes publiques.\n8\nAvis  domanial  de  conformit\u00e9  des  \nprojets  immobiliers  d'acquisitions  et \nde prises \u00e0 bail des services de l'\u00c9tat,  \navec  les  orientations  de  la  politique \nimmobili\u00e8re  d\u00e9finies  par  le  ministre \ncharg\u00e9 des domaines.\nArt. 42 du d\u00e9cret n\u00b02004-374 du 29 avril  \n2004\nEn mati\u00e8re de pouvoir adjudicateur\n\u2022 D\u00e9l\u00e9gation est donn\u00e9e \u00e0 M. Jean-Michel BLANCHARD, directeur d\u00e9partemental des  \nFinances publiques du Var, \u00e0 effet de signer, dans la limite du p\u00e9rim\u00e8tre de ses missions \net  attributions,  les  actes  relevant  du  pouvoir  adjudicateur,  \u00e0  l'exception  de  ceux \nportant engagement, liquidation et ordonnancement au sens du d\u00e9cret n\u00b02012-1246 du \n7 novembre 2012.\n\u2022 D\u00e9l\u00e9gation est donn\u00e9e \u00e0 M. Jean-Michel BLANCHARD, directeur d\u00e9partemental des  \nFinances publiques du Var, \u00e0 effet de signer, dans la mesure o\u00f9 ils rel\u00e8vent de ses  \nattributions,  les  actes  d'ordonnancement  secondaire  dans  les  limites  de  l'arr\u00eat\u00e9 \nn\u00b02025/51/MCI du 2 juin 2025 et relevant du pouvoir adjudicateur.\nConcernant les modalit\u00e9s d'accueil des usagers\n\u2022 D\u00e9l\u00e9gation est donn\u00e9e \u00e0 M. Jean-Michel BLANCHARD, directeur d\u00e9partemental des  \nFinances  publiques  du  Var,  pour  la  fixation  des  dates  de  fermetures  annuelles  et \nexceptionnelles des postes comptables relevant de la direction d\u00e9partementale des  \nfinances publiques du Var, ainsi que pour la fixation de leurs heures d'ouverture et de  \nfermeture au public.\nConcernant la gestion des cit\u00e9s administratives des Lices et de Lorgues \u00e0 Toulon\n\u2022 D\u00e9l\u00e9gation est donn\u00e9e \u00e0 M. Jean-Michel BLANCHARD, directeur d\u00e9partemental des  \nFinances publiques du Var, \u00e0 l'effet \n- d'\u00e9mettre et d'adresser \u00e0 chaque ordonnateur secondaire d\u00e9l\u00e9gu\u00e9 b\u00e9n\u00e9ficiaire d'une  \nmise \u00e0 disposition de locaux au sein des cit\u00e9s administratives des Lices et de Lorgues \u00e0  \nToulon  ou  au  repr\u00e9sentant  des  occupants  ayant  une  personnalit\u00e9  juridique  et  \nfinanci\u00e8re diff\u00e9rente de celle de l'\u00c9tat, les titres de perception pour la quote-part des  \ncharges de fonctionnement qui leur incombe ;\n- d'engager et de mandater les d\u00e9penses de fonctionnement li\u00e9es \u00e0 la gestion des cit\u00e9s  \nadministratives ci-dessus mentionn\u00e9es.\n3/4\nPr\u00e9fecture du VAR - 83-2025-06-02-00017 - ARR\u00caT\u00c9 PR\u00c9FECTORAL n\u00b0 2025/27/MCI du 2 juin 2025 portant d\u00e9l\u00e9gation de signature \u00e0 M.\nJean-Michel BLANCHARD, directeur d\u00e9partemental des Finances publiques du Var, 45\nEn  cas  d'absence  ou  d'emp\u00eachement  de  M.  Jean-Michel  BLANCHARD,  la  d\u00e9l\u00e9gation  de \nsignature qui lui est conf\u00e9r\u00e9e sera exerc\u00e9e dans l'ordre suivant :\n\u2022 par M. G\u00e9rard BLANC, administrateur de l'\u00c9tat,\n\u2022 par M. Pierrick DELOURME, administrateur des Finances publiques adjoint.\nARTICLE 2\nD\u00e9l\u00e9gation est donn\u00e9e \u00e0 M. Jean-Michel BLANCHARD, directeur d\u00e9partemental des Finances  \npubliques du Var,  \u00e0 l'effet de communiquer chaque ann\u00e9e aux collectivit\u00e9s territoriales et  \n\u00e9tablissements publics de coop\u00e9ration intercommunale \u00e0 fiscalit\u00e9 propre du d\u00e9partement les \ndiff\u00e9rents  \u00e9tats  indiquant,  notamment,  conform\u00e9ment  aux  articles  D.1612-1  \u00e0  D.1612-5  du \nCode  g\u00e9n\u00e9ral  des  collectivit\u00e9s  territoriales,  le  montant  pr\u00e9visionnel  des  bases  nettes  \nimposables, les taux nets d'imposition adopt\u00e9s l'ann\u00e9e pr\u00e9c\u00e9dente et les autres informations  \nn\u00e9cessaires au vote du produit fiscal.\nARTICLE   3  \nD\u00e9l\u00e9gation est donn\u00e9e \u00e0 M. Jean-Michel BLANCHARD, directeur d\u00e9partemental des Finances  \npubliques  du  Var,  \u00e0  l'effet  de  d\u00e9signer,  par  arr\u00eat\u00e9  pris  et  publi\u00e9  au  recueil  des  actes \nadministratifs de la pr\u00e9fecture du Var, la liste des agents plac\u00e9s sous son autorit\u00e9 qu'il aura  \nnomm\u00e9 pour signer les actes entrant dans leur champ de comp\u00e9tence et pour lesquels il a lui-\nm\u00eame re\u00e7u d\u00e9l\u00e9gation au titre du pr\u00e9sent arr\u00eat\u00e9.\nARTICLE 4\nEn  cas  d'absence  ou  d'emp\u00eachement  de  M.  Jean-Michel  BLANCHARD,  directeur  \nd\u00e9partemental des Finances publiques du Var, la d\u00e9l\u00e9gation qui lui est conf\u00e9r\u00e9e au titre du  \npr\u00e9sent arr\u00eat\u00e9 est exerc\u00e9e par  M. G\u00e9rard BLANC, directeur adjoint,  ou, par M. Dominique  \nCHABERT, directeur adjoint. \nARTICLE 5\nLe secr\u00e9taire g\u00e9n\u00e9ral de la pr\u00e9fecture du Var et le directeur d\u00e9partemental des Finances  \npubliques du Var sont charg\u00e9s, chacun en ce qui le concerne, de l'ex\u00e9cution du pr\u00e9sent arr\u00eat\u00e9 \nqui sera publi\u00e9 au recueil des actes administratifs de la pr\u00e9fecture du Var.\nFait \u00e0 Toulon, le 2 juin 2025\nPr\u00e9fet du Var\nSign\u00e9\nSimon BABRE\n                                                                                                                                                                                                                                4/4\nPr\u00e9fecture du VAR - 83-2025-06-02-00017 - ARR\u00caT\u00c9 PR\u00c9FECTORAL n\u00b0 2025/27/MCI du 2 juin 2025 portant d\u00e9l\u00e9gation de signature \u00e0 M.\nJean-Michel BLANCHARD, directeur d\u00e9partemental des Finances publiques du Var, 46\nPr\u00e9fecture du VAR\n83-2025-06-02-00018\nARR\u00caT\u00c9 PR\u00c9FECTORAL n\u00b0 2025/28/MCI du 2 juin\n2025 portant d\u00e9l\u00e9gation de signature \u00e0 M.\nJean-Paul CATANESE, Administrateur de l'Etat,\nDirecteur d\u00e9partemental des Finances publiques\ndes Alpes-Maritimes\nPr\u00e9fecture du VAR - 83-2025-06-02-00018 - ARR\u00caT\u00c9 PR\u00c9FECTORAL n\u00b0 2025/28/MCI du 2 juin 2025 portant d\u00e9l\u00e9gation de signature \u00e0 M.\nJean-Paul CATANESE, Administrateur de l'Etat, Directeur d\u00e9partemental des Finances publiques des Alpes-Maritimes 47\n=mPREFETDU VARLibert\u00e9Egalit\u00e9Fraternit\u00e9\nDirection de la coordination des politiques publiques\net de l'appui territorial\nMission de coordination interminist\u00e9rielle\nARR\u00caT\u00c9 PR\u00c9FECTORAL n\u00b0 2025/28/MCI du 2 juin 2025\nportant d\u00e9l\u00e9gation de signature \u00e0 M. Jean-Paul CATANESE,\nAdministrateur de l'Etat,\nDirecteur d\u00e9partemental des Finances publiques des Alpes-Maritimes\nLe Pr\u00e9fet du Var,\nChevalier de la L\u00e9gion d'Honneur,\nChevalier de l'Ordre National du M\u00e9rite,\nVu le code civil, notamment ses articles 809 \u00e0 814 ;\nVu le code g\u00e9n\u00e9ral de la propri\u00e9t\u00e9 des personnes publiques, notamment ses articles R.2331-1,  \nR.2331-5 et R.2331-6 ;\nVu la loi n\u00b02006-728 du 23 juin 2006 portant r\u00e9forme des successions et lib\u00e9ralit\u00e9s ;\nVu le  d\u00e9cret  n\u00b0  2004-374  du  29  avril  2004  modifi\u00e9  relatif  aux  pouvoirs  des  pr\u00e9fets,  \u00e0 \nl'organisation et \u00e0 l'action des services de l'\u00c9tat dans les r\u00e9gions et d\u00e9partements ;\nVu le  d\u00e9cret  n\u00b02006-1792  du  23  d\u00e9cembre  2006  relatif  aux  attributions  de  la  direction \ng\u00e9n\u00e9rale de la comptabilit\u00e9 publique en mati\u00e8re domaniale ;\nVu le d\u00e9cret n\u00b02009-707 du 16 juin 2009 relatif aux services d\u00e9concentr\u00e9s de la direction  \ng\u00e9n\u00e9rale des finances publiques, notamment son article 4 ;\nVu le d\u00e9cret du Pr\u00e9sident de la R\u00e9publique du 15 avril 2022 portant nomination de M. Lucien  \nGIUDICELLI, secr\u00e9taire g\u00e9n\u00e9ral de la pr\u00e9fecture du Var, sous-pr\u00e9fet de l'arrondissement de  \nToulon ;\nVu le d\u00e9cret du Pr\u00e9sident de la R\u00e9publique du 12 ao\u00fbt 2022, portant nomination de M. Jean-\nPaul  CATANESE,  administrateur  g\u00e9n\u00e9ral  des  finances  publiques,  en  qualit\u00e9  de  directeur \nd\u00e9partemental des finances publiques des Alpes-Maritimes ;\nVu le d\u00e9cret du Pr\u00e9sident de la R\u00e9publique du 15 mai 2025 portant nomination de M. Simon  \nBABRE, pr\u00e9fet du Var ; du Var ;\nVu l'arr\u00eat\u00e9 interminist\u00e9riel du 23 d\u00e9cembre 2006 relatif \u00e0 l'organisation de la gestion des  \npatrimoines priv\u00e9s ;\nVu l'arr\u00eat\u00e9 minist\u00e9riel du 26 octobre 2009 portant cr\u00e9ation de la direction d\u00e9partementale  \ndes finances publiques des Alpes-Maritimes ;\nSur proposition du secr\u00e9taire g\u00e9n\u00e9ral de la pr\u00e9fecture du Var,\n1/2\nPr\u00e9fecture du VAR - 83-2025-06-02-00018 - ARR\u00caT\u00c9 PR\u00c9FECTORAL n\u00b0 2025/28/MCI du 2 juin 2025 portant d\u00e9l\u00e9gation de signature \u00e0 M.\nJean-Paul CATANESE, Administrateur de l'Etat, Directeur d\u00e9partemental des Finances publiques des Alpes-Maritimes 48\nARR\u00caTE :\nARTICLE 1\nD\u00e9l\u00e9gation  de  signature  est  donn\u00e9e  \u00e0  M.  Jean-Paul  CATANESE,  administrateur  de  l'\u00c9tat, \ndirecteur d\u00e9partemental des Finances publiques des Alpes-Maritimes, \u00e0 l'effet de signer, dans  \nla limite de ses attributions et comp\u00e9tences, tous les actes se rapportant \u00e0 l'administration  \nprovisoire des successions non r\u00e9clam\u00e9es, \u00e0 la curatelle des successions vacantes, \u00e0 la gestion  \net \u00e0 la liquidation des successions en d\u00e9sh\u00e9rence dans le d\u00e9partement du Var.\nARTICLE 2 \nD\u00e9l\u00e9gation  est  donn\u00e9e  \u00e0  M.  Jean-Paul  CATANESE,  administrateur  de  l'\u00c9tat,  directeur \nd\u00e9partemental  des  Finances  publiques  des  Alpes-Maritimes, \u00e0  l'effet  de  subd\u00e9l\u00e9guer,  par \narr\u00eat\u00e9 pris au nom du pr\u00e9fet du Var, la liste des agents plac\u00e9s sous son autorit\u00e9 qu'il aura  \nd\u00e9sign\u00e9 pour signer les actes entrant dans le champ de comp\u00e9tence d\u00e9fini \u00e0 l'article 1er et  \npour lesquels il a lui-m\u00eame re\u00e7u d\u00e9l\u00e9gation au titre du pr\u00e9sent arr\u00eat\u00e9.  Cette d\u00e9l\u00e9gation de  \nsignature devra \u00eatre transmise au pr\u00e9fet du Var aux fins de publication au recueil des actes  \nadministratifs de la pr\u00e9fecture.\nARTICLE 3\nLe secr\u00e9taire g\u00e9n\u00e9ral de la pr\u00e9fecture du Var et le directeur d\u00e9partemental des Finances  \npubliques des Alpes-Maritimes sont charg\u00e9s, chacun en ce qui le concerne, de l'ex\u00e9cution du  \npr\u00e9sent  arr\u00eat\u00e9  qui  entrera  en  vigueur  le  jour  de  sa  publication  au  recueil  des  actes \nadministratifs de la pr\u00e9fecture du Var.\nFait \u00e0 Toulon, le 2 juin 2025\nPr\u00e9fet du Var\nSign\u00e9\nSimon BABRE\n                                                                                                                                                                                                                               2/2\nPr\u00e9fecture du VAR - 83-2025-06-02-00018 - ARR\u00caT\u00c9 PR\u00c9FECTORAL n\u00b0 2025/28/MCI du 2 juin 2025 portant d\u00e9l\u00e9gation de signature \u00e0 M.\nJean-Paul CATANESE, Administrateur de l'Etat, Directeur d\u00e9partemental des Finances publiques des Alpes-Maritimes 49\nPr\u00e9fecture du VAR\n83-2025-06-02-00031\nARR\u00caT\u00c9 PR\u00c9FECTORAL n\u00b0 2025/31/MCI du 2 juin\n2025\nportant d\u00e9l\u00e9gation de signature pour\nl'ordonnancement secondaire\ndes recettes et des d\u00e9penses imput\u00e9es sur les\nprogrammes du budget de l'\u00c9tat\nau sein de la direction d\u00e9partementale de\nl'emploi, du travail et des solidarit\u00e9s du Var\nPr\u00e9fecture du VAR - 83-2025-06-02-00031 - ARR\u00caT\u00c9 PR\u00c9FECTORAL n\u00b0 2025/31/MCI du 2 juin 2025\nportant d\u00e9l\u00e9gation de signature pour l'ordonnancement secondaire\ndes recettes et des d\u00e9penses imput\u00e9es sur les programmes du budget de l'\u00c9tat\nau sein de la direction d\u00e9partementale de l'emploi, du travail et des solidarit\u00e9s du Var\n50\nPREFETDU VARLibert\u00e9Egalit\u00e9Fraternit\u00e9\n\u2022\nDirection de la coordination des politiques publiques\net de l'appui territorial\nMission de coordination interminist\u00e9rielle\nARR\u00caT\u00c9 PR\u00c9FECTORAL n\u00b0 2025/31/MCI du 2 juin 2025\nportant d\u00e9l\u00e9gation de signature pour l'ordonnancement secondaire \ndes recettes et des d\u00e9penses imput\u00e9es sur les programmes du budget de l'\u00c9tat \nau sein de la direction d\u00e9partementale de l'emploi, du travail et des solidarit\u00e9s du Var\nLe Pr\u00e9fet du Var,\nChevalier de la L\u00e9gion d'Honneur,\nChevalier de l'Ordre National du M\u00e9rite,\nVu la loi organique n\u00b0 2001-692 du 1er ao\u00fbt 2001 relative aux lois de finances ;\nVu la loi n\u00b0 82-213 du 2 mars 1982 modifi\u00e9e, relative aux droits et libert\u00e9s des communes, des  \nd\u00e9partements et des r\u00e9gions ;\nVu la loi n\u00b0 83-8 du 7 janvier 1983 modifi\u00e9e, relative \u00e0 la r\u00e9partition des comp\u00e9tences entre les \ncommunes, les d\u00e9partements, les r\u00e9gions et l'\u00c9tat ;\nVu la  loi  d'orientation  n\u00b0  92-125  du  6  f\u00e9vrier  1992  modifi\u00e9e  relative  \u00e0  l'administration \nterritoriale de la R\u00e9publique ;\nVu la loi n\u00b0 2004-809 du 13 ao\u00fbt 2004 modifi\u00e9e relative aux libert\u00e9s et responsabilit\u00e9s locales ;\nVu le  d\u00e9cret  n\u00b0  2004-374  du  29  avril  2004  modifi\u00e9  relatif  aux  pouvoirs  des  pr\u00e9fets,  \u00e0 \nl'organisation et \u00e0 l'action des services de l'\u00c9tat dans les r\u00e9gions et d\u00e9partements ;\nVu le d\u00e9cret n\u00b0 2009-1484 du 3 d\u00e9cembre 2009 modifi\u00e9 relatif aux directions d\u00e9partementales \ninterminist\u00e9rielles ;\nVu le d \u00e9cret n\u00b0 2012-1246 du 7 novembre 2012 modifi\u00e9 relatif \u00e0 la gestion budg\u00e9taire et  \ncomptable publique ;\nVu le d\u00e9cret n\u00b0 2012-1247 du 7 novembre 2012 modifi\u00e9 portant adaptation de divers textes  \naux nouvelles r\u00e8gles de la gestion budg\u00e9taire et comptable publique ;\nVu le d\u00e9cret n\u00b0 2015-510 du 7 mai 2015 portant charte de la d\u00e9concentration ;\nVu le d\u00e9cret du Pr\u00e9sident de la R\u00e9publique du 15 avril 2022, portant nomination de M. Lucien  \nGIUDICELLI, secr\u00e9taire g\u00e9n\u00e9ral de la pr\u00e9fecture du Var, sous-pr\u00e9fet de l'arrondissement de  \nToulon ;\nVu le d\u00e9cret du Pr\u00e9sident de la R\u00e9publique du 15 mai 2025 portant nomination de M. Simon  \nBABRE, pr\u00e9fet du Var ;\nVu  l'arr\u00eat\u00e9  du  Premier  ministre  et  du  ministre  de  l'Int\u00e9rieur  du  17  janvier  2025  portant \nnomination  de  Mme  Sandrine  POLYCHRONOPOULOS  en  qualit\u00e9  de  directrice  \nd\u00e9partementale de l'emploi, du travail et des solidarit\u00e9s du Var \u00e0 compter du 17 f\u00e9vrier 2025  \npour une dur\u00e9e de quatre ans ;\nVu  l'arr\u00eat\u00e9  pr\u00e9fectoral  n\u00b02020/96/MCI  du  29  d\u00e9cembre  2020  portant  organisation  du \nsecr\u00e9tariat g\u00e9n\u00e9ral commun d\u00e9partemental du Var (SGCD), modifi\u00e9 par l'arr\u00eat\u00e9 pr\u00e9fectoral   \nn\u00b0 2022/45/ MCI du 7 novembre 2022 ;\nVu l'arr\u00eat\u00e9 pr\u00e9fectoral du 25 mars 2021 portant organisation de la direction d\u00e9partementale  \n1/4\nPr\u00e9fecture du VAR - 83-2025-06-02-00031 - ARR\u00caT\u00c9 PR\u00c9FECTORAL n\u00b0 2025/31/MCI du 2 juin 2025\nportant d\u00e9l\u00e9gation de signature pour l'ordonnancement secondaire\ndes recettes et des d\u00e9penses imput\u00e9es sur les programmes du budget de l'\u00c9tat\nau sein de la direction d\u00e9partementale de l'emploi, du travail et des solidarit\u00e9s du Var\n51\n\u2022\nde l'emploi, du travail et des solidarit\u00e9s du Var ;\nSur proposition du secr\u00e9taire g\u00e9n\u00e9ral de la pr\u00e9fecture,\nARR\u00caTE :\nArticle 1\nD\u00e9l\u00e9gation e st  donn\u00e9e  \u00e0  Madame  Sandrine  POLYCHRONOPOULOS ,  directrice  \nd\u00e9partementale  de  l'emploi,  du  travail  et  des  solidarit\u00e9s  du  Var,  pour  proc\u00e9der  \u00e0 \nl'ordonnancement secondaire des recettes et des d\u00e9penses de l'\u00c9tat relevant des attributions \nde sa direction, imput\u00e9es sur les programmes  des budgets de l'\u00c9tat suivants :\nMission Administration g\u00e9n\u00e9rale et territoriale de l'\u00c9tat\nProgramme  216  :  Conduite  et  pilotage  des  politiques  de  l'Int\u00e9rieur  (indemnisation  aux \npropri\u00e9taires- bailleurs), hors d\u00e9penses d'action sociale.\nMission \u00c9galit\u00e9 des territoires et logement\nProgramme  177 :  H\u00e9bergement,  parcours  vers  le  logement  et  insertion  des  personnes \nvuln\u00e9rables.\nProgramme 135 : Urbanisme, territoires et am\u00e9lioration de l'habitat.\nMission Immigration, asile et int\u00e9gration\nProgramme 303 : Immigration et asile.\nProgramme 104 : Int\u00e9gration et acc\u00e8s \u00e0 la nationalit\u00e9 fran\u00e7aise.\nMission Politique des territoires\nProgramme 147 : Politique de la ville.  \nMission Sant\u00e9\nProgramme 183 : Protection maladie.\nMission  Solidarit\u00e9, insertion et \u00e9galit\u00e9 des chances\nProgramme 304 : Inclusion sociale et protection des personnes.\nProgramme 157 : Handicap et d\u00e9pendance.\nProgramme  124  :  Conduite  et  soutien  des  politiques  sanitaires,  sociales,  du  sport,  de  la \njeunesse et de la vie associative, hors d\u00e9penses d'action sociale.\nMission Lutte contre les discriminations (DILCRAH)\nProgramme 129 : Lutte contre le racisme, l'antis\u00e9mitisme et la haine anti-LGBT. \nMission Travail et Emploi\nProgramme 102 : Acc\u00e8s et retour \u00e0 l'emploi.\nProgramme  103 :  Accompagnement  des  mutations  \u00e9conomiques  et  d\u00e9veloppement  de \nl'emploi.\nProgramme 111 : Am\u00e9lioration de la qualit\u00e9 de l'emploi et des relations du travail.\nProgramme 155 :  Conception, gestion et \u00e9valuation des politiques de l'emploi et du travail.\nCette d\u00e9l\u00e9gation porte sur l'engagement, la liquidation et le mandatement des d\u00e9penses,  \nainsi que sur l'\u00e9mission et la signature des titres de recettes.\nArticle 2\nPour les programmes sus-vis\u00e9s, demeurent r\u00e9serv\u00e9s \u00e0 la signature du pr\u00e9fet :\n2/4\nPr\u00e9fecture du VAR - 83-2025-06-02-00031 - ARR\u00caT\u00c9 PR\u00c9FECTORAL n\u00b0 2025/31/MCI du 2 juin 2025\nportant d\u00e9l\u00e9gation de signature pour l'ordonnancement secondaire\ndes recettes et des d\u00e9penses imput\u00e9es sur les programmes du budget de l'\u00c9tat\nau sein de la direction d\u00e9partementale de l'emploi, du travail et des solidarit\u00e9s du Var\n52\n\u2022\n\u2022 les  d\u00e9cisions  attributives  de  subventions  de  fonctionnement  et  les  march\u00e9s  d'un \nmontant sup\u00e9rieur \u00e0 50 000 \u20ac ;\n\u2022 les  actes  attributifs  de  subvention  d'investissement  de  l'\u00c9tat  quel  qu'en  soit  le \nmontant ;\n\u2022 les ordres de r\u00e9quisition du comptable publics pris sur le fondement de l'article 38 du  \nd\u00e9cret n\u00b0 2012-1246 du 7 novembre 2012 susvis\u00e9 ;\n\u2022 en  cas  d'avis  pr\u00e9alable  d\u00e9favorable  de  l'autorit\u00e9  charg\u00e9e  du  contr\u00f4le  financier,  le \ncourrier informant cette autorit\u00e9 des motifs de la d\u00e9cision de ne pas se conformer \u00e0  \nl'avis donn\u00e9 ;\n\u2022 les d\u00e9cisions de passer outre.\nArticle 3\nD\u00e9l\u00e9gation  de signature est \u00e9galement donn\u00e9e \u00e0 Madame  Sandrine POLYCHRONOPOULOS, \ndirectrice d\u00e9partementale de l'emploi, du travail et des solidarit\u00e9s du Var, pour proc\u00e9der \u00e0  \nl'ordonnancement  secondaire  des  d\u00e9penses  r\u00e9alis\u00e9es  pour  la  gestion  du  fonds  national \nd'accompagnement vers et dans le logement (FNAVDL).\nArticle 4\nUn compte-rendu d'utilisation des cr\u00e9dits sera adress\u00e9 trimestriellement  au pr\u00e9fet du Var . \nToute r\u00e9-allocation de moyens effectu\u00e9e en cours d'exercice, exc\u00e9dant 10 % de la r\u00e9partition  \ninitialement op\u00e9r\u00e9e, sera soumise \u00e0 son avis pr\u00e9alable.\nArticle 5\nLes conditions d'information et d'ex\u00e9cution dans lesquelles s'exercera la d\u00e9l\u00e9gation sont les  \nsuivantes :\nLes services sont charg\u00e9s d'\u00e9laborer, sous l'autorit\u00e9  du pr\u00e9fet , une proposition de budget  \nindiquant les activit\u00e9s qu'ils se proposent de mener et l'enveloppe budg\u00e9taire associ\u00e9e pour  \nla mise en \u0153uvre du BOP .\nAfin d'assurer un suivi de la gestion d\u00e9l\u00e9gu\u00e9e, seront transmis au pr\u00e9fet et au secr\u00e9taire  \ng\u00e9n\u00e9ral de la pr\u00e9fecture charg\u00e9e de l'administration de l'\u00c9tat dans le d\u00e9partement du Var :\n\uf0a7 la copie des lettres de cadrages adress\u00e9es par le responsable de BOP , dans le cas o\u00f9  \nelles ne seraient pas adress\u00e9es sous son couvert ;\n\uf0a7 la proposition du budget concernant chaque unit\u00e9 op\u00e9rationnelle sera transmise au  \nresponsable de BOP , sous couvert du pr\u00e9fet ;\n\uf0a7 le tableau pr\u00e9visionnel des op\u00e9rations qui seront propos\u00e9es \u00e0 la programmation au  \ncours de l'exercice dans le cadre de l'unit\u00e9 op\u00e9rationnelle concern\u00e9e.\nArticle 6\nDans le cadre de la d\u00e9mat\u00e9rialisation de la proc\u00e9dure de validation des annexes financi\u00e8res  \ndes structures d'insertion par l'activit\u00e9 \u00e9conomique (SIAE), les agents suivants de la DDETS  \nsont d\u00e9sign\u00e9s \u00ab  valideurs d\u00e9l\u00e9gu\u00e9s \u00bb et pourront proc\u00e9der \u00e0 la validation d\u00e9mat\u00e9rialis\u00e9e des  \nannexes financi\u00e8res dans l'extranet d\u00e9di\u00e9 quelque soit leur montant :\n\u2022 Mme Corinne C\u00e9sari, attach\u00e9e principale d'administration de l'\u00c9tat\n\u2022 Mme Marie Annick Choisi, secr\u00e9taire administrative de classe exceptionnelle\n3/4\nPr\u00e9fecture du VAR - 83-2025-06-02-00031 - ARR\u00caT\u00c9 PR\u00c9FECTORAL n\u00b0 2025/31/MCI du 2 juin 2025\nportant d\u00e9l\u00e9gation de signature pour l'ordonnancement secondaire\ndes recettes et des d\u00e9penses imput\u00e9es sur les programmes du budget de l'\u00c9tat\nau sein de la direction d\u00e9partementale de l'emploi, du travail et des solidarit\u00e9s du Var\n53\n\u2022\nArticle 7\nEn application du d\u00e9cret n\u00b0 2004-374 du 29 avril 2004 modifi\u00e9 susvis\u00e9, Madame  Sandrine \nPOLYCHRONOPOULOS, directrice d\u00e9partementale de l'emploi, du travail et des solidarit\u00e9s du \nVar,  peut, sous sa responsabilit\u00e9, donner d\u00e9l\u00e9gation pour  effectuer les actes et op\u00e9rations  \nrelatifs aux affaires pour lesquelles elle a elle-m\u00eame re\u00e7u d\u00e9l\u00e9gation au titre du pr\u00e9sent arr\u00eat\u00e9  \nd'ordonnancement des d\u00e9penses et des recettes de l'\u00c9tat, aux agents plac\u00e9s sous son autorit\u00e9 \npour les mati\u00e8res relevant de leurs comp\u00e9tences. La signature des agents ainsi habilit\u00e9s devra  \n\u00eatre tenue \u00e0 jour et accr\u00e9dit\u00e9e aupr\u00e8s du comptable assignataire.\nArticle 8\nLe secr\u00e9taire g\u00e9n\u00e9ral de la pr\u00e9fecture du Var et la directrice d\u00e9partementale de l'emploi, du  \ntravail et des solidarit\u00e9s du Var sont charg\u00e9s, chacun en ce qui le concerne, de l'ex\u00e9cution du \npr\u00e9sent arr\u00eat\u00e9 qui sera publi\u00e9 au recueil des actes administratifs de la pr\u00e9fecture du Var, et  \ndont copie sera adress\u00e9e aux directeurs des finances publiques du Var et des Bouches-du-\nRh\u00f4ne ainsi qu'au directeur r\u00e9gional des finances publiques de Provence-Alpes-C\u00f4te d'Azur. \nFait \u00e0 Toulon, le 2 juin 2025\nPr\u00e9fet du Var\nSign\u00e9\nSimon BABRE\n4/4\nPr\u00e9fecture du VAR - 83-2025-06-02-00031 - ARR\u00caT\u00c9 PR\u00c9FECTORAL n\u00b0 2025/31/MCI du 2 juin 2025\nportant d\u00e9l\u00e9gation de signature pour l'ordonnancement secondaire\ndes recettes et des d\u00e9penses imput\u00e9es sur les programmes du budget de l'\u00c9tat\nau sein de la direction d\u00e9partementale de l'emploi, du travail et des solidarit\u00e9s du Var\n54\nPr\u00e9fecture du VAR\n83-2025-06-02-00032\nARR\u00caT\u00c9 PR\u00c9FECTORAL n\u00b0 2025/32/MCI du 2 juin\n2025\nportant d\u00e9l\u00e9gation de signature pour\nl'ordonnancement secondaire\ndes recettes et des d\u00e9penses\nimput\u00e9es sur le budget de l'\u00c9tat et pour les\nmarch\u00e9s publics et les accords-cadres\nau sein de la direction d\u00e9partementale de la\nprotection des populations du Var\nPr\u00e9fecture du VAR - 83-2025-06-02-00032 - ARR\u00caT\u00c9 PR\u00c9FECTORAL n\u00b0 2025/32/MCI du 2 juin 2025\nportant d\u00e9l\u00e9gation de signature pour l'ordonnancement secondaire\ndes recettes et des d\u00e9penses\nimput\u00e9es sur le budget de l'\u00c9tat et pour les march\u00e9s publics et les accords-cadres\nau sein de la direction d\u00e9partementale de la protection des populations du Var\n55\n=mPREFETDU VARLibert\u00e9Egalit\u00e9Fraternit\u00e9\nMme Laure FLORENT \nDirection de la coordination des politiques publiques\net de l'appui territorial\nMission de coordination interminist\u00e9rielle\nARR\u00caT\u00c9 PR\u00c9FECTORAL n\u00b0 2025/32/MCI du 2 juin 2025\nportant d\u00e9l\u00e9gation de signature pour l'ordonnancement secondaire\ndes recettes et des d\u00e9penses \nimput\u00e9es sur le budget de l'\u00c9tat et pour les march\u00e9s publics et les accords-cadres\n au sein de la direction d\u00e9partementale de la protection des populations du Var\nLe Pr\u00e9fet du Var,\nChevalier de la L\u00e9gion d'Honneur,\nChevalier de l'Ordre National du M\u00e9rite,\nVu la loi organique n\u00b0 2001-692 du 1er ao\u00fbt 2001 relative aux lois de finances ;\nVu la loi n\u00b0 82-213 du 2 mars 1982 modifi\u00e9e, relative aux droits et libert\u00e9s des communes, des  \nd\u00e9partements et des r\u00e9gions ;\nVu la loi n\u00b0 83-8 du 7 janvier 1983 modifi\u00e9e, relative \u00e0 la r\u00e9partition des comp\u00e9tences entre les \ncommunes, les d\u00e9partements, les r\u00e9gions et l'\u00c9tat ;\nVu  la  loi  d'orientation  n\u00b0  92-125  du  6  f\u00e9vrier  1992  modifi\u00e9e  relative  \u00e0  l'administration \nterritoriale de la R\u00e9publique ;\nVu la loi n\u00b0 2004-809 du 13 ao\u00fbt 2004 modifi\u00e9e relative aux libert\u00e9s et responsabilit\u00e9s locales ;\nVu  le  d\u00e9cret  n\u00b0  2004-374  du  29  avril  2004  modifi\u00e9  relatif  aux  pouvoirs  des  pr\u00e9fets,  \u00e0 \nl'organisation et \u00e0 l'action des services de l'\u00c9tat dans les r\u00e9gions et d\u00e9partements ;\nVu le d\u00e9cret n\u00b0 2009-1484 du 3 d\u00e9cembre 2009 modifi\u00e9 relatif aux directions d\u00e9partementales \ninterminist\u00e9rielles ;\nVu le d \u00e9cret n\u00b0 2012-1246 du 7 novembre 2012 modifi\u00e9 relatif \u00e0 la gestion budg\u00e9taire et  \ncomptable publique ;\nVu le d\u00e9cret n\u00b0 2012-1247 du 7 novembre 2012 modifi\u00e9 portant adaptation de divers textes  \naux nouvelles r\u00e8gles de la gestion budg\u00e9taire et comptable publique ;\nVu le d\u00e9cret n\u00b0 2015-510 du 7 mai 2015 portant charte de la d\u00e9concentration ;\nVu le d\u00e9cret du Pr\u00e9sident de la R\u00e9publique du 15 avril 2022 , portant nomination de M. Lucien  \nGIUDICELLI, secr\u00e9taire g\u00e9n\u00e9ral de la pr\u00e9fecture du Var, sous-pr\u00e9fet de l'arrondissement de  \nToulon ;\nVu le d\u00e9cret du Pr\u00e9sident de la R\u00e9publique du 15 mai 2025 portant nomination de M. Simon  \nBABRE, pr\u00e9fet du Var ;\nVu l'arr\u00eat\u00e9 du Premier ministre et du ministre de l'Int\u00e9rieur et des outre-mer du 13 mars 2024  \nportant nomination de Mme Nathalie GUERSON, directrice d\u00e9partementale de la protection  \ndes populations du Var \u00e0 compter du 18 mars 2024 pour une dur\u00e9e de 4 ans ;\nVu l'arr\u00eat\u00e9 du Premier ministre et du ministre de l'Int\u00e9rieur et des outre-mer en date du 25  \njuin 2024 , portant nomination de M. Jean-Fran\u00e7ois CARRI\u00c9, directeur d\u00e9partemental adjoint  \nde la protection des populations du Var ;\n1/4\nPr\u00e9fecture du VAR - 83-2025-06-02-00032 - ARR\u00caT\u00c9 PR\u00c9FECTORAL n\u00b0 2025/32/MCI du 2 juin 2025\nportant d\u00e9l\u00e9gation de signature pour l'ordonnancement secondaire\ndes recettes et des d\u00e9penses\nimput\u00e9es sur le budget de l'\u00c9tat et pour les march\u00e9s publics et les accords-cadres\nau sein de la direction d\u00e9partementale de la protection des populations du Var\n56\nMme Laure FLORENT \nVu  l'arr\u00eat\u00e9  pr\u00e9fectoral  n\u00b02020/96/MCI  du  29  d\u00e9cembre  2020  portant  organisation  du \nsecr\u00e9tariat g\u00e9n\u00e9ral commun d\u00e9partemental du Var (SGCD), modifi\u00e9 par l'arr\u00eat\u00e9 pr\u00e9fectoral   \nn\u00b0 2022/45/ MCI du 7 novembre 2022 ;\nVu l'arr\u00eat\u00e9 pr\u00e9fectoral n\u00b0 2021-011 en date du 27 janvier 2021 portant organisation de la  \ndirection d\u00e9partementale de la protection des populations du Var ;\nSur proposition du secr\u00e9taire g\u00e9n\u00e9ral de la pr\u00e9fecture,\nARR\u00caTE :\nARTICLE 1  er  \nD\u00e9l\u00e9gation est  donn\u00e9e  \u00e0  Mme  Nathalie  GUERSON,  directrice  d\u00e9partementale  de  la \nprotection  des  populations du  Var,  pour  proc\u00e9der  \u00e0  l'ordonnancement  secondaire  des \nrecettes et des d\u00e9penses de l'\u00c9tat relevant des attributions  et du fonctionnement  de sa  \ndirection et imput\u00e9es sur les programmes suivants :\nMinist\u00e8re Programme\n\u00c9conomie 134 - d\u00e9veloppement des entreprises et de \nl'emploi, hors d\u00e9penses d'action sociale\nAgriculture, p\u00eache, alimentation, for\u00eat \net affaires rurales\n206 - s\u00e9curit\u00e9 et qualit\u00e9 sanitaires de \nl'alimentation, hors d\u00e9penses d'action sociale\nAgriculture, p\u00eache, alimentation, for\u00eat \net affaires rurales\n362 \u2013 05 : transition agricole\nTransition \u00e9cologique 113 \u2013 07 : paysages, eau et biodiversit\u00e9\nCette d\u00e9l\u00e9gation porte sur l'engagement, la liquidation et le mandatement des d\u00e9penses,  \nainsi que sur l'\u00e9mission et la signature des titres de recettes.\nARTICLE 2\nPour les programmes sus-vis\u00e9s, demeurent r\u00e9serv\u00e9s \u00e0 la signature du pr\u00e9fet :\n\u2022 les  conventions  financi\u00e8res  et  les  d\u00e9cisions  attributives  de  subventions  de  \nfonctionnement d'un montant sup\u00e9rieur \u00e0 30 000 \u20ac ;\n\u2022 les  actes  attributifs  de  subvention  d'investissement  de  l'\u00c9tat  quel  qu'en  soit  le \nmontant ;\n\u2022 les ordres de r\u00e9quisition du comptable public ;\n\u2022 en  cas  d'avis  pr\u00e9alable  d\u00e9favorable  de  l'autorit\u00e9  charg\u00e9e  du  contr\u00f4le  financier,  le \ncourrier informant cette autorit\u00e9, des motifs de la d\u00e9cision de ne pas se conformer \u00e0  \nl'avis donn\u00e9 ;\n\u2022 les d\u00e9cisions de passer outre.\nARTICLE 3\n2/4\nPr\u00e9fecture du VAR - 83-2025-06-02-00032 - ARR\u00caT\u00c9 PR\u00c9FECTORAL n\u00b0 2025/32/MCI du 2 juin 2025\nportant d\u00e9l\u00e9gation de signature pour l'ordonnancement secondaire\ndes recettes et des d\u00e9penses\nimput\u00e9es sur le budget de l'\u00c9tat et pour les march\u00e9s publics et les accords-cadres\nau sein de la direction d\u00e9partementale de la protection des populations du Var\n57\nMme Laure FLORENT \nUn compte-rendu d'utilisation des cr\u00e9dits sera adress\u00e9 trimestriellement  au pr\u00e9fet du Var . \nToute r\u00e9-allocation de moyens effectu\u00e9e en cours d'exercice, exc\u00e9dant 10 % de la r\u00e9partition  \ninitialement op\u00e9r\u00e9e, sera soumise \u00e0 son avis pr\u00e9alable.\nARTICLE 4\nLes conditions d'information et d'ex\u00e9cution dans lesquelles s'exercera la d\u00e9l\u00e9gation sont les  \nsuivantes :\nLes services sont charg\u00e9s d'\u00e9laborer, sous l'autorit\u00e9  du pr\u00e9fet , une proposition de budget  \nindiquant les activit\u00e9s qu'ils se proposent de mener et l'enveloppe budg\u00e9taire associ\u00e9e pour  \nla mise en \u0153uvre du BOP .\nAfin d'assurer un suivi de la gestion d\u00e9l\u00e9gu\u00e9e, seront transmis au pr\u00e9fet et au secr\u00e9taire  \ng\u00e9n\u00e9ral de la pr\u00e9fecture charg\u00e9e de l'administration de l'\u00c9tat dans le d\u00e9partement du Var :\n\uf0a7 la copie des lettres de cadrages adress\u00e9es par le responsable de BOP , dans le cas o\u00f9  \nelles ne seraient pas adress\u00e9es sous son couvert ;\n\uf0a7 la proposition du budget concernant chaque unit\u00e9 op\u00e9rationnelle sera transmise au  \nresponsable de BOP , sous couvert du pr\u00e9fet ;\n\uf0a7 le tableau pr\u00e9visionnel des op\u00e9rations qui seront propos\u00e9es \u00e0 la programmation au  \ncours de l'exercice dans le cadre de l'unit\u00e9 op\u00e9rationnelle concern\u00e9e.\nARTICLE 5\nD\u00e9l\u00e9gation de signature est \u00e9galement donn\u00e9e \u00e0 Mme Nathalie GUERSON \u00e0 l'effet de signer  \nles march\u00e9s publics, les accords-cadres de travaux, fournitures ou services et tous les actes  \nd\u00e9volus au pouvoir adjudicateur pour les march\u00e9s et accords-cadres pour les affaires relevant  \ndes minist\u00e8res et programmes mentionn\u00e9s \u00e0 l'article 1, hors d\u00e9penses d'action sociale :\n\uf0a7 Programme 134 - d\u00e9veloppement des entreprises et de l'emploi ;\n\uf0a7 Programmes 206 - s\u00e9curit\u00e9 et qualit\u00e9 sanitaires de l'alimentation ;\n\uf0a7 Programmes 362-05 \u2013 Transition agricole \u2013 Volet B des mesures 04 et 12 du plan de  \nrelance \u00e0 comp\u00e9tence d\u00e9partementale ;\n\uf0a7 Programme 113 - paysages, eau et biodiversit\u00e9 \u2013 Axe minist\u00e9riel.\nARTICLE 6\nEn application du d\u00e9cret n\u00b0 2004-374 du 29 avril 2004 modifi\u00e9 susvis\u00e9, Madame  Nathalie \nGUERSON, directrice d\u00e9partementale de la protection des populations du Var, d\u00e9finira, par  \narr\u00eat\u00e9 pris au nom du pr\u00e9fet, la liste des agents plac\u00e9s sous son autorit\u00e9 habilit\u00e9s \u00e0 effectuer \nles actes et op\u00e9rations d'ordonnancement de la d\u00e9pense (saisie, validation, certification de  \nservice fait, ordre \u00e0 payer) dans les applications Chorus Formulaires et Chorus Coeur, dans la  \nlimite des attributions des programmes ci-dessus et des missions de la direction. La signature \ndes  agents  ainsi  habilit\u00e9s  devra  \u00eatre  tenue  \u00e0  jour  et  accr\u00e9dit\u00e9e  aupr\u00e8s  du  comptable \nassignataire.\nARTICLE 7\nEn  cas  d'absence  ou  d'emp\u00eachement  de  Madame  Nathalie  GUERSON,  directrice \nd\u00e9partementale  de  la  protection  des  populations  du  Var,  la  d\u00e9l\u00e9gation  pour \nl'ordonnancement  secondaire  des  recettes  et  des  d\u00e9penses  qui  lui  est  accord\u00e9e  par  les \n3/4\nPr\u00e9fecture du VAR - 83-2025-06-02-00032 - ARR\u00caT\u00c9 PR\u00c9FECTORAL n\u00b0 2025/32/MCI du 2 juin 2025\nportant d\u00e9l\u00e9gation de signature pour l'ordonnancement secondaire\ndes recettes et des d\u00e9penses\nimput\u00e9es sur le budget de l'\u00c9tat et pour les march\u00e9s publics et les accords-cadres\nau sein de la direction d\u00e9partementale de la protection des populations du Var\n58\nMme Laure FLORENT \narticles  du  pr\u00e9sent  arr\u00eat  est  exerc\u00e9e   M.  Jean-Fran\u00e7ois  CARRI\u00c9,  directeur  d\u00e9partemental \nadjoint de la protection des populations du Var.\nARTICLE 8\nLe secr\u00e9taire g\u00e9n\u00e9ral de la pr\u00e9fecture du Var et la directrice d\u00e9partementale de la protection  \ndes populations du Var, sont charg\u00e9s, chacun en ce qui le concerne, de l'ex\u00e9cution du pr\u00e9sent \narr\u00eat\u00e9 qui sera publi\u00e9 au recueil des actes administratifs de la pr\u00e9fecture du Var et dont copie \nsera adress\u00e9e aux directeurs des finances publiques du Var et des Bouches-du-Rh\u00f4ne ainsi  \nqu'au directeur r\u00e9gional des finances publiques de Provence-Alpes-C\u00f4te d'Azur.\nFait \u00e0 Toulon, le 2 juin 2025\nPr\u00e9fet du Var\nSign\u00e9\nSimon BABRE\n4/4\nPr\u00e9fecture du VAR - 83-2025-06-02-00032 - ARR\u00caT\u00c9 PR\u00c9FECTORAL n\u00b0 2025/32/MCI du 2 juin 2025\nportant d\u00e9l\u00e9gation de signature pour l'ordonnancement secondaire\ndes recettes et des d\u00e9penses\nimput\u00e9es sur le budget de l'\u00c9tat et pour les march\u00e9s publics et les accords-cadres\nau sein de la direction d\u00e9partementale de la protection des populations du Var\n59\nPr\u00e9fecture du VAR\n83-2025-06-02-00034\nARR\u00caT\u00c9 PR\u00c9FECTORAL n\u00b0 2025/34/MCI du 2 juin\n2025\nportant d\u00e9l\u00e9gation de signature pour\nl'ordonnancement secondaire\ndes recettes et des d\u00e9penses imput\u00e9es sur le\nbudget de l'\u00c9tat\nau sein de la direction acad\u00e9mique des services\nde l'\u00e9ducation nationale du Var\nPr\u00e9fecture du VAR - 83-2025-06-02-00034 - ARR\u00caT\u00c9 PR\u00c9FECTORAL n\u00b0 2025/34/MCI du 2 juin 2025\nportant d\u00e9l\u00e9gation de signature pour l'ordonnancement secondaire\ndes recettes et des d\u00e9penses imput\u00e9es sur le budget de l'\u00c9tat\nau sein de la direction acad\u00e9mique des services de l'\u00e9ducation nationale du Var\n60\n=mPREFETDU VARLibert\u00e9Egalit\u00e9Fraternit\u00e9\nDirection de la coordination des politiques publiques\net de l'appui territorial\nMission de coordination interminist\u00e9rielle\nARR\u00caT\u00c9 PR\u00c9FECTORAL n\u00b0 2025/34/MCI du 2 juin 2025 \nportant d\u00e9l\u00e9gation de signature pour l'ordonnancement secondaire \ndes recettes et des d\u00e9penses imput\u00e9es sur le budget de l'\u00c9tat\nau sein de la direction acad\u00e9mique des services de l'\u00e9ducation nationale du Var\nLe Pr\u00e9fet du Var,\nChevalier de la L\u00e9gion d'Honneur,\nChevalier de l'Ordre National du M\u00e9rite,\n \nVu le code des march\u00e9s publics ;\nVu le code de l'\u00e9ducation ;\nVu le code des juridictions financi\u00e8res ;\nVu la loi organique n\u00b0 2001-692 du 1er ao\u00fbt 2001 modifi\u00e9e relative aux lois de finances ;\nVu la loi n\u00b0 83-8 du 7 janvier 1983 modifi\u00e9e relatives \u00e0 la r\u00e9partition des comp\u00e9tences entre  \nles communes, les d\u00e9partements, les r\u00e9gions et l'\u00c9tat ;\nVu  la  loi  d'orientation  n\u00b0  92-125  du  6  f\u00e9vrier  1992  modifi\u00e9e  relative  \u00e0  l'administration \nterritoriale de la R\u00e9publique ;\nVu la loi n\u00b0 2004-809 du 13 ao\u00fbt 2004 modifi\u00e9e relative aux libert\u00e9s et responsabilit\u00e9s locales ;\nVu  le  d\u00e9cret  n\u00b0  2004-374  du  29  avril  2004  modifi\u00e9  relatif  aux  pouvoirs  des  pr\u00e9fets,  \u00e0 \nl'organisation et \u00e0 l'action des services de l'\u00c9tat dans les r\u00e9gions et d\u00e9partements ;\nVu le d\u00e9cret n\u00b0 2012-1246  du 7 novembre 2012 modifi\u00e9 relatif \u00e0 la gestion budg\u00e9taire et  \ncomptable publique ;\nVu le d\u00e9cret n\u00b0 2012-1247 du 7 novembre 2012 modifi\u00e9 portant adaptation de divers textes  \naux nouvelles r\u00e8gles de la gestion budg\u00e9taire et comptable publique ;\nVu le d\u00e9cret n\u00b0 2015-510 du 7 mai 2015 portant charte de d\u00e9concentration ;\nVu le d\u00e9cret du Pr\u00e9sident de la R\u00e9publique du 15 avril 2022  portant nomination de Monsieur  \nLucien GIUDICELLI, secr\u00e9taire g\u00e9n\u00e9ral de la pr\u00e9fecture du Var, sous-pr\u00e9fet de l'arrondissement \nde Toulon;\nVu le d\u00e9cret du Pr\u00e9sident de la R\u00e9publique du 10 octobre 2022 nommant Monsieur Mathieu  \nSIEYE  directeur  acad\u00e9mique  des  services  de  l'\u00e9ducation  nationale  du  Var,  inspecteur  \nd'acad\u00e9mie, \u00e0 compter du 24 octobre 2022 ;\nVu le d\u00e9cret du Pr\u00e9sident de la R\u00e9publique du 15 mai 2025 portant nomination de M. Simon  \nBABRE, pr\u00e9fet du Var ;\nVu l'arr\u00eat\u00e9 du Ministre du budget, des comptes publics, de la fonction publique et de la  \nr\u00e9forme de l'\u00c9tat et du ministre de l'\u00e9ducation nationale en date du 3 juillet 2009 portant  \nr\u00e8glement de comptabilit\u00e9 pour la d\u00e9signation des ordonnateurs secondaires et de leurs  \nd\u00e9l\u00e9gu\u00e9s en ce qui concerne le minist\u00e8re de l'\u00c9ducation nationale ;\nVu  l'arr\u00eat\u00e9  de  la  Ministre  de  l'\u00e9ducation  nationale,  de  l'enseignement  sup\u00e9rieur  et  de  la \nrecherche  du  21  f\u00e9vrier  2025  portant  nomination  de  Mme  Myriam  PERRIER,  secr\u00e9taire \ng\u00e9n\u00e9rale  de  la  direction  des  services  d\u00e9partementaux  de  l'\u00e9ducation  nationale  du  Var  \u00e0 \ncompter du 3 mars 2025 ;\n1/3\nPr\u00e9fecture du VAR - 83-2025-06-02-00034 - ARR\u00caT\u00c9 PR\u00c9FECTORAL n\u00b0 2025/34/MCI du 2 juin 2025\nportant d\u00e9l\u00e9gation de signature pour l'ordonnancement secondaire\ndes recettes et des d\u00e9penses imput\u00e9es sur le budget de l'\u00c9tat\nau sein de la direction acad\u00e9mique des services de l'\u00e9ducation nationale du Var\n61\nSur proposition du secr\u00e9taire g\u00e9n\u00e9ral de la pr\u00e9fecture,\nARRETE :\nARTICLE 1\nD\u00e9l\u00e9gation est donn\u00e9e \u00e0 M. Mathieu SIEYE, directeur acad\u00e9mique des services de l'\u00c9ducation  \nnationale  du  Var, en  tant  que  responsable  d'unit\u00e9  op\u00e9rationnelle,  pour  proc\u00e9der  \u00e0  \nl'ordonnancement  secondaire  des  recettes  et  des  d\u00e9penses  de  l'\u00c9tat  concernant  les  \nprogrammes de la mission suivante :\n1 / Mission Enseignement scolaire :\nProgrammes\n\u2022 139 : enseignement priv\u00e9 du premier et second degr\u00e9s,\n\u2022 140 : enseignement scolaire public du premier degr\u00e9,\n\u2022 141 : enseignement scolaire public du second degr\u00e9,\n\u2022 214 : soutien de la politique de l'\u00c9ducation nationale,\n\u2022 230 : vie de l'\u00e9l\u00e8ve,\n\u2022 163 : Jeunesse et Engagement\n\u2022 219 : Sports\n\u2022 309 : entretien des b\u00e2timents de l'\u00c9tat,\n\u2022 333 : moyens mutualis\u00e9s des administrations d\u00e9concentr\u00e9es.\nCette d\u00e9l\u00e9gation porte sur l'engagement, la liquidation et le mandatement des d\u00e9penses,  \nainsi que sur l'\u00e9mission et la signature des titres de recettes.\nARTICLE 2\nPour les programmes sus-vis\u00e9s, demeurent r\u00e9serv\u00e9s \u00e0 la signature du pr\u00e9fet du Var :\n\uf0a7 les  arr\u00eat\u00e9s  de  subvention  d'investissement  et  de  fonctionnement  de  l'\u00c9tat  aux \ncommunes et aux associations, quel que soit le montant ;\n\uf0a7 les ordres de r\u00e9quisition du comptable public ;\n\uf0a7 en cas d'avis pr\u00e9alable d\u00e9favorable de l'autorit\u00e9 charg\u00e9e du contr\u00f4le financier, le  \ncourrier informant cette autorit\u00e9 des motifs de la d\u00e9cision de ne pas se conformer \u00e0  \nl'avis donn\u00e9 ;\n\uf0a7 les d\u00e9cisions de passer outre.\nARTICLE 3\nUn compte-rendu d'utilisation des cr\u00e9dits sera adress\u00e9 trimestriellement  au pr\u00e9fet du Var . \nToute r\u00e9-allocation de moyens effectu\u00e9e en cours d'exercice exc\u00e9dant 10 % de la r\u00e9partition  \ninitialement op\u00e9r\u00e9e sera soumise \u00e0 son avis pr\u00e9alable.\nARTICLE 4\nLes conditions d'information et d'ex\u00e9cution dans lesquelles s'exercera la d\u00e9l\u00e9gation sont les  \nsuivantes :\nLes  services  relevant  de  l'unit\u00e9  op\u00e9rationnelle  sont  charg\u00e9s  d'\u00e9laborer,  sous  l'autorit\u00e9  du \npr\u00e9fet une proposition de budget indiquant les activit\u00e9s qu'ils se proposent de mener et  \nl'enveloppe budg\u00e9taire associ\u00e9e pour la mise en \u0153uvre du BOP .\n2/3\nPr\u00e9fecture du VAR - 83-2025-06-02-00034 - ARR\u00caT\u00c9 PR\u00c9FECTORAL n\u00b0 2025/34/MCI du 2 juin 2025\nportant d\u00e9l\u00e9gation de signature pour l'ordonnancement secondaire\ndes recettes et des d\u00e9penses imput\u00e9es sur le budget de l'\u00c9tat\nau sein de la direction acad\u00e9mique des services de l'\u00e9ducation nationale du Var\n62\nAfin d'assurer un suivi de la gestion d\u00e9l\u00e9gu\u00e9e, seront transmis  au pr\u00e9fet  et au secr\u00e9taire  \ng\u00e9n\u00e9ral de la pr\u00e9fecture charg\u00e9e de l'administration de l'\u00c9tat dans le d\u00e9partement du Var :\n\u2022 la copie des lettres de cadrages adress\u00e9es par le responsable de BOP , dans le cas o\u00f9  \nelles ne seraient pas adress\u00e9es sous son couvert ;\n\u2022 la proposition du budget concernant chaque unit\u00e9 op\u00e9rationnelle sera transmise au  \nresponsable de BOP , sous couvert du pr\u00e9fet ;\n\u2022 le tableau pr\u00e9visionnel des op\u00e9rations qui seront propos\u00e9es \u00e0 la programmation au  \ncours de l'exercice dans le cadre de l'unit\u00e9 op\u00e9rationnelle concern\u00e9e.\nARTICLE 5\nEn application du d\u00e9cret n\u00b0 2004-374 du 29 avril 2004 modifi\u00e9 susvis\u00e9,  M.  Mathieu SIEYE , \ndirecteur acad\u00e9mique des services de l'\u00c9ducation nationale du Var, d\u00e9finira, par arr\u00eat\u00e9 pris au \nnom du pr\u00e9fet et publi\u00e9 au recueil des actes administratifs de la pr\u00e9fecture, la liste des agents \nplac\u00e9s sous son autorit\u00e9 habilit\u00e9s \u00e0 effectuer les actes et op\u00e9rations d'ordonnancement de la  \nd\u00e9pense (saisie, validation, certification de service fait, ordre \u00e0 payer) dans les applications  \nfinanci\u00e8res d\u00e9di\u00e9es, dans la limite des attributions des programmes ci-dessus et des missions  \nde la direction.  La signature des agents ainsi habilit\u00e9s devra \u00eatre tenue \u00e0 jour et accr\u00e9dit\u00e9e  \naupr\u00e8s du comptable assignataire.\nARTICLE 6\nEn cas d'absence ou d'emp\u00eachement de Monsieur Mathieu SIEYE, la d\u00e9l\u00e9gation la d\u00e9l\u00e9gation \npour l'ordonnancement secondaire des recettes et des d\u00e9penses qui lui est accord\u00e9e par le  \npr\u00e9sent arr\u00eat\u00e9 est exerc\u00e9e par Mme Myriam PERRIER, secr\u00e9taire g\u00e9n\u00e9rale de la direction des  \nservices d\u00e9partementaux de l'\u00e9ducation nationale du Var.\nARTICLE 7\nLe secr\u00e9taire g\u00e9n\u00e9ral de la pr\u00e9fecture du Var et le directeur acad\u00e9mique des services de  \nl'\u00c9ducation Nationale du Var sont charg\u00e9s, chacun en ce qui le concerne, de l'ex\u00e9cution du  \npr\u00e9sent arr\u00eat\u00e9 qui sera publi\u00e9 au recueil des actes administratifs de la pr\u00e9fecture du Var.\nFait \u00e0 Toulon, le 2 juin 2025\nPr\u00e9fet du Var\nSign\u00e9\nSimon BABRE\n3/3\nPr\u00e9fecture du VAR - 83-2025-06-02-00034 - ARR\u00caT\u00c9 PR\u00c9FECTORAL n\u00b0 2025/34/MCI du 2 juin 2025\nportant d\u00e9l\u00e9gation de signature pour l'ordonnancement secondaire\ndes recettes et des d\u00e9penses imput\u00e9es sur le budget de l'\u00c9tat\nau sein de la direction acad\u00e9mique des services de l'\u00e9ducation nationale du Var\n63\nPr\u00e9fecture du VAR\n83-2025-06-02-00019\nARR\u00caT\u00c9 PR\u00c9FECTORAL n\u00b0 2025/36/MCI du 2 juin\n2025 portant d\u00e9l\u00e9gation de signature \u00e0 M. Patrick\nVAUTERIN, directeur d\u00e9partemental des\nterritoires et de la mer des Bouches-du-Rh\u00f4ne,\npour la mission d'instruction des demandes\nd'autorisation de transports exceptionnels\nPr\u00e9fecture du VAR - 83-2025-06-02-00019 - ARR\u00caT\u00c9 PR\u00c9FECTORAL n\u00b0 2025/36/MCI du 2 juin 2025 portant d\u00e9l\u00e9gation de signature \u00e0 M.\nPatrick VAUTERIN, directeur d\u00e9partemental des territoires et de la mer des Bouches-du-Rh\u00f4ne,\npour la mission d'instruction des demandes d'autorisation de transports exceptionnels\n64\n=mPREFETDU VARLibert\u00e9Egalit\u00e9Fraternit\u00e9\nDirection de la coordination des politiques publiques\net de l'appui territorial\nMission de coordination interminist\u00e9rielle\nARR\u00caT\u00c9 PR\u00c9FECTORAL n\u00b0 2025/36/MCI du 2 juin 2025\nportant d\u00e9l\u00e9gation de signature \u00e0 M. Patrick VAUTERIN,\ndirecteur d\u00e9partemental des territoires et de la mer des Bouches-du-Rh\u00f4ne,\npour la mission d'instruction des demandes d'autorisation\nde transports exceptionnels\nLe Pr\u00e9fet du Var,\nChevalier de la L\u00e9gion d'Honneur,\nChevalier de l'Ordre National du M\u00e9rite,\nVu le code de la route ;\nVu le code g\u00e9n\u00e9ral des collectivit\u00e9s territoriales ;\nVu la loi n\u00b082-213 du 2 mars 1982 modifi\u00e9e, relative aux droits et libert\u00e9s des communes,  \ndes d\u00e9partements et des r\u00e9gions ;\nVu la loi n\u00b083-8 du 7 janvier 1983 et n\u00b0 83-663 du 22 juillet 1983 modifi\u00e9es, relatives \u00e0 la  \nr\u00e9partition des comp\u00e9tences entre les communes, les d\u00e9partements, les r\u00e9gions et l'\u00c9tat ;\nVu la loi d'orientation n\u00b0 92-125 du 6 f\u00e9vrier 1992 relative \u00e0 l'administration territoriale de  \nla R\u00e9publique ;\nVu la loi n\u00b0 2004-809 du 13 ao\u00fbt 2004 modifi\u00e9e relative aux libert\u00e9s et responsabilit\u00e9s  \nlocales ;\nVu le d\u00e9cret n\u00b097-34 du 15 janvier 1997 modifi\u00e9 relatif \u00e0 la d\u00e9concentration des d\u00e9cisions  \nadministratives individuelles ;\nVu le d\u00e9cret n\u00b0 2004-374 du 29 avril 2004, modifi\u00e9 relatif aux pouvoirs des pr\u00e9fets, \u00e0  \nl'organisation  et  \u00e0  l'action  des  services  de  l'\u00c9tat  dans  les  r\u00e9gions  et  d\u00e9partements  et \nnotamment son article 24 ;\nVu  le  d\u00e9cret  n\u00b0  2009-1484  du  3  d\u00e9cembre  2009  relatif  \u00e0  la  cr\u00e9ation  des  directions \nd\u00e9partementales interminist\u00e9rielles ;\nVu le d\u00e9cret n\u00b02015-510 du 7 mai 2015 portant charte de d\u00e9concentration ;\nVu le d\u00e9cret du Pr\u00e9sident de la R\u00e9publique du 15 avril 2022 portant nomination de M.  \nLucien  GIUDICELLI,  secr\u00e9taire  g\u00e9n\u00e9ral  de  la  pr\u00e9fecture  du  Var,  sous-pr\u00e9fet  de  \nl'arrondissement de Toulon ;\nVu le d\u00e9cret du Pr\u00e9sident de la R\u00e9publique du 15 mai 2025 portant nomination de M.  \nSimon BABRE, pr\u00e9fet du Var ;\nVu l'arr\u00eat\u00e9 interminist\u00e9riel du 4 mai 2006 modifi\u00e9, relatif aux transports exceptionnels de  \nmarchandises, d'engins ou de v\u00e9hicules et ensemble de v\u00e9hicules comportant plus d'une  \nremorque ;\nPr\u00e9fecture du VAR - 83-2025-06-02-00019 - ARR\u00caT\u00c9 PR\u00c9FECTORAL n\u00b0 2025/36/MCI du 2 juin 2025 portant d\u00e9l\u00e9gation de signature \u00e0 M.\nPatrick VAUTERIN, directeur d\u00e9partemental des territoires et de la mer des Bouches-du-Rh\u00f4ne,\npour la mission d'instruction des demandes d'autorisation de transports exceptionnels\n65\nVu  l'arr\u00eat\u00e9  du  12  janvier  2010  modifi\u00e9  relatif  aux  missions  interd\u00e9partementales  des \ndirections  d\u00e9partementales  interminist\u00e9rielles,  et  confiant  la  mission  d'instruction  des \ndemandes d'autorisation de transports exceptionnels dans le d\u00e9partement du Var \u00e0 la  \ndirection d\u00e9partementale des territoires et de la mer des Bouches-du-Rh\u00f4ne ;\nVu l'arr\u00eat\u00e9  minist\u00e9riel  du  16  juin  2023  portant  nomination  de  M.  Patrick  VAUTERIN, \ndirecteur d\u00e9partemental des territoires et de la mer des Bouches-du-Rh\u00f4ne   \u00e0 compter du \n1er juillet 2023 ;\nSur proposition du Secr\u00e9taire g\u00e9n\u00e9ral de la pr\u00e9fecture du Var,\nARR\u00caTE :\nArticle 1\nD\u00e9l\u00e9gation est donn\u00e9e \u00e0  M. Patrick VAUTERIN, directeur d\u00e9partemental interminist\u00e9riel  \ndes territoires et de la mer des Bouches-du-Rh\u00f4ne, \u00e0 l'effet de signer, au nom du pr\u00e9fet du \nVar, les arr\u00eat\u00e9s, avis, d\u00e9cisions, circulaires, correspondances portant sur l'instruction des  \ndemandes d'autorisations de transports exceptionnels.\nArticle 2\nD\u00e9l\u00e9gation est donn\u00e9e \u00e0 M.  Patrick VAUTERIN, directeur d\u00e9partemental interminist\u00e9riel  \ndes territoires et de la mer des Bouches-du-Rh\u00f4ne, \u00e0 l'effet de subd\u00e9l\u00e9guer, par arr\u00eat\u00e9 pris \net publi\u00e9 au recueil des actes administratifs de la pr\u00e9fecture, la liste des agents plac\u00e9s sous \nson  autorit\u00e9  qu'il  aura  d\u00e9sign\u00e9  pour  signer  les  actes  entrant  dans  leur  champ  de \ncomp\u00e9tence et pour lesquels il a lui-m\u00eame re\u00e7u d\u00e9l\u00e9gation au titre du pr\u00e9sent arr\u00eat\u00e9.\nArticle 3\nLe secr\u00e9taire g\u00e9n\u00e9ral de la pr\u00e9fecture du Var et le directeur d\u00e9partemental des territoires  \net  de  la  mer  des  Bouches-du-Rh\u00f4ne,  sont  charg\u00e9s,  chacun  en  ce  qui  le  concerne,  de \nl'ex\u00e9cution du pr\u00e9sent arr\u00eat\u00e9 qui sera publi\u00e9 au recueil des actes administratifs de la  \npr\u00e9fecture du Var.\nFait \u00e0 Toulon le 2 juin 2025\nPr\u00e9fet du Var\nSign\u00e9\nSimon BABRE\nPr\u00e9fecture du VAR - 83-2025-06-02-00019 - ARR\u00caT\u00c9 PR\u00c9FECTORAL n\u00b0 2025/36/MCI du 2 juin 2025 portant d\u00e9l\u00e9gation de signature \u00e0 M.\nPatrick VAUTERIN, directeur d\u00e9partemental des territoires et de la mer des Bouches-du-Rh\u00f4ne,\npour la mission d'instruction des demandes d'autorisation de transports exceptionnels\n66\nPr\u00e9fecture du VAR\n83-2025-06-02-00021\nARR\u00caT\u00c9 PR\u00c9FECTORAL n\u00b0 2025/38/MCI du 2 juin\n2025\nportant d\u00e9l\u00e9gation de signature \u00e0 Mme\nMarie-Claire PONTIER, conservatrice g\u00e9n\u00e9rale du\npatrimoine, directrice du service d\u00e9partemental\ndes archives des Bouches-du-Rh\u00f4ne,\nassurant l'int\u00e9rim du directeur du service\nd\u00e9partemental des archives du Var\nPr\u00e9fecture du VAR - 83-2025-06-02-00021 - ARR\u00caT\u00c9 PR\u00c9FECTORAL n\u00b0 2025/38/MCI du 2 juin 2025\nportant d\u00e9l\u00e9gation de signature \u00e0 Mme Marie-Claire PONTIER, conservatrice g\u00e9n\u00e9rale du\npatrimoine, directrice du service d\u00e9partemental des archives des Bouches-du-Rh\u00f4ne,\nassurant l'int\u00e9rim du directeur du service d\u00e9partemental des archives du Var\n67\n=mPREFETDU VARLibert\u00e9Egalit\u00e9Fraternit\u00e9\nDirection de la coordination des politiques publiques\net de l'appui territorial\nMission de coordination interminist\u00e9rielle\nARR\u00caT\u00c9 PR\u00c9FECTORAL n\u00b0 2025/38/MCI du 2 juin 2025\nportant d\u00e9l\u00e9gation de signature \u00e0 Mme Marie-Claire PONTIER, conservatrice g\u00e9n\u00e9rale du \npatrimoine, directrice du service d\u00e9partemental des archives des Bouches-du-Rh\u00f4ne, \nassurant l'int\u00e9rim du directeur du service d\u00e9partemental des archives du Var\nLe Pr\u00e9fet du Var,\nChevalier de la L\u00e9gion d'Honneur,\nChevalier de l'Ordre National du M\u00e9rite,\nVu le code du patrimoine ;\nVu le  code  g\u00e9n\u00e9ral  des  collectivit\u00e9s  territoriales,  notamment  ses  articles  L.1421-1  \u00e0 \nL.1421-2 et D.1421-1 \u00e0 D.1421-2 ;\nVu la loi n\u00b0 82-213 du 2 mars 1982 modifi\u00e9e, relative aux droits et libert\u00e9s des communes, des  \nd\u00e9partements et des r\u00e9gions ;\nVu la loi n\u00b0 83-8 du 7 janvier 1983 modifi\u00e9e, relative \u00e0 la r\u00e9partition des comp\u00e9tences entre les \ncommunes, les d\u00e9partements, les r\u00e9gions et l'\u00c9tat ;\nVu  la  loi  d'orientation  n\u00b0  92-125  du  6  f\u00e9vrier  1992  modifi\u00e9e,  relative  \u00e0  l'administration \nterritoriale de la R\u00e9publique ;\nVu la loi n\u00b0 2004-809 du 13 ao\u00fbt 2004 modifi\u00e9e, relative aux libert\u00e9s et responsabilit\u00e9s locales ;\nVu  le  d\u00e9cret  n\u00b0  97-34  du  15  janvier  1997  relatif  \u00e0  la  d\u00e9concentration  des  d\u00e9cisions \nadministratives individuelles ;\nVu  le  d\u00e9cret  n\u00b0  2004-374  du  29  avril  2004  modifi\u00e9  relatif  aux  pouvoirs  des  pr\u00e9fets,  \u00e0 \nl'organisation et \u00e0 l'action des services de l'\u00c9tat dans les r\u00e9gions et d\u00e9partements ;\nVu le d\u00e9cret n\u00b0 2015-510 du 7 mai 2015 portant charte de d\u00e9concentration ;\nVu le d\u00e9cret du Pr\u00e9sident de la R\u00e9publique du 15 avril 2022 portant nomination de M. Lucien  \nGIUDICELLI, secr\u00e9taire g\u00e9n\u00e9ral de la pr\u00e9fecture du Var, sous-pr\u00e9fet de l'arrondissement de  \nToulon ; \nVu le d\u00e9cret du Pr\u00e9sident de la R\u00e9publique du 15 mai 2025 portant nomination de M. Simon  \nBABRE, pr\u00e9fet du Var ;\nVu l'arr\u00eat\u00e9 du 4 d\u00e9cembre 2024 de la direction g\u00e9n\u00e9rale des patrimoines et de l'architecture  \ndu minist\u00e8re de la Culture nommant une directrice du service d\u00e9partemental des Archives du  \nVar par int\u00e9rim, \u00e0 compter du 1 er mars 2025 et jusqu'\u00e0 la nomination d'un nouveau directeur  \ndu service d\u00e9partemental du Var ;\nSur proposition du secr\u00e9taire g\u00e9n\u00e9ral de la pr\u00e9fecture du Var,\nPr\u00e9fecture du VAR - 83-2025-06-02-00021 - ARR\u00caT\u00c9 PR\u00c9FECTORAL n\u00b0 2025/38/MCI du 2 juin 2025\nportant d\u00e9l\u00e9gation de signature \u00e0 Mme Marie-Claire PONTIER, conservatrice g\u00e9n\u00e9rale du\npatrimoine, directrice du service d\u00e9partemental des archives des Bouches-du-Rh\u00f4ne,\nassurant l'int\u00e9rim du directeur du service d\u00e9partemental des archives du Var\n68\nARR\u00caTE :\nARTICLE 1  er  \nInd\u00e9pendamment  des  attributions  qui  sont  conf\u00e9r\u00e9es  aux  directeurs  des  services  \nd\u00e9partementaux d'archives par les lois et r\u00e8glements, d \u00e9l\u00e9gation est donn\u00e9e \u00e0 Mme Marie-\nClaire PONTIER,  conservatrice g\u00e9n\u00e9rale du patrimoine, directrice du service d\u00e9partemental  \ndes archives des Bouches-du-Rh\u00f4ne, assurant l'int\u00e9rim du directeur du service d\u00e9partemental \ndes archives du Var, \u00e0 l'effet de signer, dans le cadre des missions et du fonctionnement de ce \ndernier, tous rapports, visas, correspondances et d\u00e9cisions relatifs aux mati\u00e8res \u00e9num\u00e9r\u00e9es ci-\ndessous :\n\uf0a7 gestion du service d\u00e9partemental d'archives du Var :\n\u25e6 gestion du personnel de l'\u00c9tat mis \u00e0 disposition aupr\u00e8s du conseil d\u00e9partemental  \npour exercer leurs fonctions dans le service d\u00e9partemental d'archives ;\n\u25e6 engagement  de  d\u00e9penses  pour  les  cr\u00e9dits  d'\u00c9tat  dont  elle  assure  la  gestion  \u00e0 \nhauteur de 1 500 euros.\n\uf0a7 contr\u00f4le scientifique et technique des archives publiques :\n\u25e6 exercice du contr\u00f4le scientifique et technique de l'\u00c9tat sur les archives publiques, \u00e0  \nl'exclusion des d\u00e9cisions et mises en demeure concernant le d\u00e9p\u00f4t des archives des \ncommunes aux Archives D\u00e9partementales en application des articles L.  212-13 et R. \n212-61 du code du patrimoine ;\n\u25e6 projets  de  construction,  extension  et  r\u00e9am\u00e9nagement  des  b\u00e2timents  \u00e0  usage \nd'archives des collectivit\u00e9s territoriales (\u00e0 l'exclusion du d\u00e9partement) et de leurs  \ngroupements ;\n\u25e6 \u00e9limination des documents d'archives publiques.\n\uf0a7 contr\u00f4le scientifique et technique sur les archives priv\u00e9es class\u00e9es comme archives \nhistoriques :\n\u25e6 documents li\u00e9s \u00e0 la protection du patrimoine archivistique priv\u00e9 ;\n\u25e6 autorisations  de  destruction  d'archives  priv\u00e9es  class\u00e9es  comme  archives  \nhistoriques  pr\u00e9vues  \u00e0  l'article  L.  212-27  dans  la  limite  de  leur  circonscription \ng\u00e9ographique.\n\uf0a7 coordination de l'activit\u00e9 des services d'archives dans les limites du d\u00e9partement.\n\uf0a7 instruction des demandes d'acc\u00e8s anticip\u00e9 \u00e0 des archives publiques non librement \ncommunicables :\n\u25e6 autorisations  de  consultation  de  documents  d'archives  publiques  accord\u00e9es  en \napplication du I de l'article L. 213-3 pour les documents d\u00e9tenus par son service ou  \npar une autorit\u00e9 qui a vocation \u00e0 y verser ses archives.\nARTICLE 2 \nEn cas d'absence ou d'emp\u00eachement de Mme Marie-Claire PONTIER, conservatrice g\u00e9n\u00e9rale \ndu  patrimoine,  directrice  du  service  d\u00e9partemental  des  archives  des  Bouches-du-Rh\u00f4ne, \nassurant l'int\u00e9rim du directeur du service d\u00e9partemental des archives du Var, la d\u00e9l\u00e9gation qui \nPr\u00e9fecture du VAR - 83-2025-06-02-00021 - ARR\u00caT\u00c9 PR\u00c9FECTORAL n\u00b0 2025/38/MCI du 2 juin 2025\nportant d\u00e9l\u00e9gation de signature \u00e0 Mme Marie-Claire PONTIER, conservatrice g\u00e9n\u00e9rale du\npatrimoine, directrice du service d\u00e9partemental des archives des Bouches-du-Rh\u00f4ne,\nassurant l'int\u00e9rim du directeur du service d\u00e9partemental des archives du Var\n69\nlui est consentie \u00e0 l'article 1 er du pr\u00e9sent arr\u00eat\u00e9, est exerc\u00e9e dans les m\u00eames conditions par  \nMme  Caroline  MEYER,  conservatrice  territoriale  du  patrimoine,  adjointe  au  directeur  du \nservice d\u00e9partemental des archives du Var.\nARTICLE 3\nDemeurent r\u00e9serv\u00e9s \u00e0 la signature du pr\u00e9fet du Var les actes et correspondances adress\u00e9s aux \nparlementaires et aux membres du conseil r\u00e9gional et du conseil d\u00e9partemental, ainsi que les  \ncirculaires adress\u00e9es aux maires du d\u00e9partement ou \u00e0 l'ensemble des chefs de service de  \nl'\u00c9tat.\nARTICLE 4 \nCet arr\u00eat\u00e9 pr\u00e9fectoral de d\u00e9l\u00e9gation de signature par int\u00e9rim prendra effet \u00e0 compter du 1 er \nmars 2025 et prendra fin \u00e0 la nomination du prochain directeur du service d\u00e9partemental des \nArchives du Var. \nARTICLE 5\nLe secr\u00e9taire g\u00e9n\u00e9ral de la pr\u00e9fecture du Var et la  conservatrice g\u00e9n\u00e9rale du patrimoine,  \ndirectrice du service d\u00e9partemental des archives des Bouches-du-Rh\u00f4ne, assurant l'int\u00e9rim du \ndirecteur du service d\u00e9partemental des archives du Var,  sont charg\u00e9s, chacun en ce qui le  \nconcerne, de l'ex\u00e9cution du pr\u00e9sent arr\u00eat\u00e9 qui  sera publi\u00e9 au recueil des actes administratifs  \nde la pr\u00e9fecture du Var.\nFait \u00e0 Toulon, le 2 juin 2025\nPr\u00e9fet du Var\nSign\u00e9\nSimon BABRE\nPr\u00e9fecture du VAR - 83-2025-06-02-00021 - ARR\u00caT\u00c9 PR\u00c9FECTORAL n\u00b0 2025/38/MCI du 2 juin 2025\nportant d\u00e9l\u00e9gation de signature \u00e0 Mme Marie-Claire PONTIER, conservatrice g\u00e9n\u00e9rale du\npatrimoine, directrice du service d\u00e9partemental des archives des Bouches-du-Rh\u00f4ne,\nassurant l'int\u00e9rim du directeur du service d\u00e9partemental des archives du Var\n70\nPr\u00e9fecture du VAR\n83-2025-06-02-00022\nARR\u00caT\u00c9 PR\u00c9FECTORAL n\u00b0 2025/40/MCI du 2 juin\n2025\nportant d\u00e9l\u00e9gation de signature \u00e0 M. J\u00e9r\u00f4me\nGUERVIN,\ndirecteur du service d\u00e9partemental du Var de\nl'office national des anciens combattants\net victimes de guerre (ONaCVG)\nPr\u00e9fecture du VAR - 83-2025-06-02-00022 - ARR\u00caT\u00c9 PR\u00c9FECTORAL n\u00b0 2025/40/MCI du 2 juin 2025\nportant d\u00e9l\u00e9gation de signature \u00e0 M. J\u00e9r\u00f4me GUERVIN,\ndirecteur du service d\u00e9partemental du Var de l'office national des anciens combattants\net victimes de guerre (ONaCVG)\n71\n=mPREFETDU VARLibert\u00e9Egalit\u00e9Fraternit\u00e9\nDirection de la coordination des politiques publiques\net de l'appui territorial\nMission de coordination interminist\u00e9rielle\nARR\u00caT\u00c9 PR\u00c9FECTORAL n\u00b0 2025/40/MCI du 2 juin 2025\nportant d\u00e9l\u00e9gation de signature \u00e0 M. J\u00e9r\u00f4me GUERVIN, \ndirecteur du service d\u00e9partemental du Var de l'office national des anciens combattants \net victimes de guerre (ONaCVG)\nLe Pr\u00e9fet du Var,\nChevalier de la L\u00e9gion d'Honneur,\nChevalier de l'Ordre National du M\u00e9rite,\nVu la loi n\u00b0 82-213 du 2 mars 1982 modifi\u00e9e, relative aux droits et libert\u00e9s des communes, des \nd\u00e9partements et des r\u00e9gions ;\nVu la loi n\u00b0 83-8 du 7 janvier 1983 modifi\u00e9e, relative \u00e0 la r\u00e9partition des comp\u00e9tences entre les \ncommunes, les d\u00e9partements, les r\u00e9gions et l'\u00c9tat ;\nVu  la  loi  d'orientation  n\u00b0  92-125  du  6  f\u00e9vrier  1992  modifi\u00e9e  relative  \u00e0  l'administration \nterritoriale de la R\u00e9publique ;\nVu la loi n\u00b0 2004-809 du 13 ao\u00fbt 2004 modifi\u00e9e relative aux libert\u00e9s et responsabilit\u00e9s locales ;\nVu le d\u00e9cret n\u00b0 97-34 du 15 janvier 1997 modifi\u00e9 relatif \u00e0 la d\u00e9concentration des d\u00e9cisions  \nadministratives individuelles ;\nVu  le  d\u00e9cret  n\u00b0  2004-374  du  29  avril  2004  modifi\u00e9  relatif  aux  pouvoirs  des  pr\u00e9fets,  \u00e0 \nl'organisation et \u00e0 l'action des services de l'\u00c9tat dans les r\u00e9gions et d\u00e9partements ;\nVu le d\u00e9cret n\u00b0 2015-510 du 7 mai 2015 portant charte de d\u00e9concentration ;\nVu le d\u00e9cret du Pr\u00e9sident de la R\u00e9publique du 15 avril 2022 portant nomination de M. Lucien  \nGIUDICELLI, secr\u00e9taire g\u00e9n\u00e9ral de la pr\u00e9fecture du Var, sous-pr\u00e9fet de l'arrondissement de  \nToulon ; \nVu le d\u00e9cret du Pr\u00e9sident de la R\u00e9publique du 15 mai 2025 portant nomination de M. Simon  \nBABRE, pr\u00e9fet du Var ;\nVu l'arr\u00eat\u00e9 du 31 juillet 2014 du ministre de du Var la D\u00e9fense affectant M. J\u00e9r\u00f4me GUERVIN  \nen qualit\u00e9 de directeur du service d\u00e9partemental du Var de l'office national des anciens  \ncombattants et victimes de guerre ;\nSur proposition du secr\u00e9taire g\u00e9n\u00e9ral de la pr\u00e9fecture,\nARRETE :\n1/2\nPr\u00e9fecture du VAR - 83-2025-06-02-00022 - ARR\u00caT\u00c9 PR\u00c9FECTORAL n\u00b0 2025/40/MCI du 2 juin 2025\nportant d\u00e9l\u00e9gation de signature \u00e0 M. J\u00e9r\u00f4me GUERVIN,\ndirecteur du service d\u00e9partemental du Var de l'office national des anciens combattants\net victimes de guerre (ONaCVG)\n72\nARTICLE 1\nD\u00e9l\u00e9gation est donn\u00e9e \u00e0 M. J\u00e9r\u00f4me GUERVIN, directeur du service d\u00e9partemental de l'office  \nnational des anciens combattants et victimes de guerre du Var, \u00e0 l'effet de signer toutes les  \nd\u00e9cisions, tous actes et tous les documents administratifs relevant des attributions de ce  \nservice, et notamment :\n- les cartes d'invalidit\u00e9 et duplicatas de cartes d\u00e9livr\u00e9es aux pensionn\u00e9s au titre du code  \ndes pensions militaires d'invalidit\u00e9 et des victimes de la guerre donnant droit \u00e0 des  \nr\u00e9ductions sur les tarifs S.N.C.F ;\n- les d\u00e9cisions d'attribution des cartes de stationnement pour personnes handicap\u00e9es  \nrelevant de l'office national des anciens combattants et des victimes de guerre du Var.\nARTICLE 2\nEn  cas  d'absence  ou  d'emp\u00eachement  de  M.  J\u00e9r\u00f4me  GUERVIN,  directeur du  service  \nd\u00e9partemental de l'office national des anciens combattants et victimes de guerre du Var,  la \nd\u00e9l\u00e9gation qui lui est consentie \u00e0 l'article 1 er du pr\u00e9sent arr\u00eat\u00e9 est exerc\u00e9e, dans les m\u00eames  \nconditions,  par Mme  Juliette  TROPATO,  directrice  adjointe  du  directeur  du  service  \nd\u00e9partemental.\nARTICLE 4\nLe secr\u00e9taire g\u00e9n\u00e9ral de la pr\u00e9fecture et le  directeur du service d\u00e9partemental de l'office  \nnational des anciens combattants et victimes de guerre du Var sont charg\u00e9s, chacun en ce qui \nle  concerne,  de  l'ex\u00e9cution  du  pr\u00e9sent  arr\u00eat\u00e9  qui  sera  publi\u00e9  au  recueil  des  actes  \nadministratifs de la pr\u00e9fecture du Var.\nFait \u00e0 Toulon, le 2 juin 2025\nPr\u00e9fet du Var\nSign\u00e9\nSimon BABRE\n                                                                                                                                                                                                                               2/2\nPr\u00e9fecture du VAR - 83-2025-06-02-00022 - ARR\u00caT\u00c9 PR\u00c9FECTORAL n\u00b0 2025/40/MCI du 2 juin 2025\nportant d\u00e9l\u00e9gation de signature \u00e0 M. J\u00e9r\u00f4me GUERVIN,\ndirecteur du service d\u00e9partemental du Var de l'office national des anciens combattants\net victimes de guerre (ONaCVG)\n73\nPr\u00e9fecture du VAR\n83-2025-06-02-00023\nARR\u00caT\u00c9 PR\u00c9FECTORAL n\u00b0 2025/41/MCI du 2 juin\n2025\nportant d\u00e9l\u00e9gation de signature \u00e0 Mme Virginie\nBOUVARD.\nCheffe du service territorial de France AgriMer\n(SRFAM)\npour la r\u00e9gion Provence-Alpes-C\u00f4te d'Azur\nLe Pr\u00e9fet du Var\nPr\u00e9fecture du VAR - 83-2025-06-02-00023 - ARR\u00caT\u00c9 PR\u00c9FECTORAL n\u00b0 2025/41/MCI du 2 juin 2025\nportant d\u00e9l\u00e9gation de signature \u00e0 Mme Virginie BOUVARD.\nCheffe du service territorial de France AgriMer (SRFAM)\npour la r\u00e9gion Provence-Alpes-C\u00f4te d'Azur\nLe Pr\u00e9fet du Var\n74\n=mPREFETDU VARLibert\u00e9Egalit\u00e9Fraternit\u00e9\nDirection de la coordination des politiques publiques\net de l'appui territorial\nMission de coordination interminist\u00e9rielle\nARR\u00caT\u00c9 PR\u00c9FECTORAL n\u00b0 2025/41/MCI du 2 juin 2025\nportant d\u00e9l\u00e9gation de signature \u00e0 Mme Virginie BOUVARD.\nCheffe du service territorial de France AgriMer (SRFAM)\npour la r\u00e9gion Provence-Alpes-C\u00f4te d'Azur\nLe Pr\u00e9fet du Var,\nChevalier de la L\u00e9gion d'Honneur,\nChevalier de l'Ordre National du M\u00e9rite,\nVu la loi n\u00b0 82-213 du 2 mars 1982 modifi\u00e9e, relative aux droits et libert\u00e9s des communes, des \nd\u00e9partements et des r\u00e9gions ;\nVu la loi n\u00b0 83-8 du 7 janvier 1983 modifi\u00e9e, relative \u00e0 la r\u00e9partition des comp\u00e9tences entre les \ncommunes, les d\u00e9partements, les r\u00e9gions et l'\u00c9tat ;\nVu  la  loi  d'orientation  n\u00b0  92-125  du  6  f\u00e9vrier  1992  modifi\u00e9e  relative  \u00e0  l'administration \nterritoriale de la R\u00e9publique ;\nVu la loi n\u00b0 2004-809 du 13 ao\u00fbt 2004 modifi\u00e9e relative aux libert\u00e9s et responsabilit\u00e9s locales ;\nVu le d\u00e9cret n\u00b0 97-34 du 15 janvier 1997 modifi\u00e9 relatif \u00e0 la d\u00e9concentration des d\u00e9cisions  \nadministratives individuelles ;\nVu  le  d\u00e9cret  n\u00b0  2004-374  du  29  avril  2004  modifi\u00e9  relatif  aux  pouvoirs  des  pr\u00e9fets,  \u00e0 \nl'organisation et \u00e0 l'action des services de l'\u00c9tat dans les r\u00e9gions et d\u00e9partements ;\nVu le d\u00e9cret n\u00b0  2009-340 du 27 mars 2009 relatif \u00e0 l'Agence de services et de paiement \u00e0  \nl'\u00c9tablissement  national  des  produits  de  l'agriculture  et  de  la  mer  et  \u00e0  l'Office  de  \nd\u00e9veloppement de l'\u00e9conomie agricole d'outre-mer ;\nVu le d\u00e9cret n\u00b0 2015-510 du 7 mai 2015 portant charte de d\u00e9concentration ;\nVu le d\u00e9cret du Pr\u00e9sident de la R\u00e9publique du 15 avril 2022 portant nomination de M. Lucien  \nGIUDICELLI, secr\u00e9taire g\u00e9n\u00e9ral de la pr\u00e9fecture du Var, sous-pr\u00e9fet de l'arrondissement de  \nToulon ; \nVu le d\u00e9cret du Pr\u00e9sident de la R\u00e9publique du 15 mai 2025 portant nomination de M. Simon  \nBABRE, pr\u00e9fet du Var ;\nVu la lettre du 4 novembre 1998 de l'Institut national des appellations d'origine ;\nSur proposition du secr\u00e9taire g\u00e9n\u00e9ral de la pr\u00e9fecture,\nARR\u00caTE :\n1/2\nPr\u00e9fecture du VAR - 83-2025-06-02-00023 - ARR\u00caT\u00c9 PR\u00c9FECTORAL n\u00b0 2025/41/MCI du 2 juin 2025\nportant d\u00e9l\u00e9gation de signature \u00e0 Mme Virginie BOUVARD.\nCheffe du service territorial de France AgriMer (SRFAM)\npour la r\u00e9gion Provence-Alpes-C\u00f4te d'Azur\nLe Pr\u00e9fet du Var\n75\nARTICLE 1\nD\u00e9l\u00e9gation est donn\u00e9e \u00e0 Madame Virginie BOUVARD,  cheffe du service FranceAgriMer \u00e0 la  \ndirection  r\u00e9gionale  de  l'alimentation,  de  l'agriculture  et  de  la  for\u00eat  Provence-Alpes-C\u00f4te-\nd'Azur, \u00e0 l'effet de notifier individuellement aux viticulteurs du d\u00e9partement :\n\u2022 les autorisations de plantations nouvelles (vignes \u00e0 vin de table, raisin de table et vignes \nm\u00e8res de porte greffe),\n\u2022 les autorisations d'achat et de transfert de droits de replantation pour la production  \nde vins d'appellation d'origine,\n\u2022 les autorisations de replantation interne aux exploitations de vignes aptes \u00e0 produire  \ndu vin d'appellation d'origine et pour la production des vins de table,\n\u2022 les  autorisations  de  plantations  nouvelles  de  vignes  aptes  \u00e0  produire  du  vin  \nd'appellation d'origine.\nARTICLE 2\nCes  dispositions  sont  applicables  apr\u00e8s  signature  d'arr\u00eat\u00e9s  pr\u00e9fectoraux  collectifs \nmentionnant les diff\u00e9rents attributaires, pris sur proposition d'une part, de l'office national  \ninterprofessionnel des vins pour tout ce qui concerne les vins de table, vins de pays, raisins de \ntable et vignes m\u00e8res de porte-greffe et, d'autre part, de l'Institut national des appellations  \nd'origine pour tout ce qui concerne les vignes d'appellation d'origine contr\u00f4l\u00e9e.\nARTICLE 3\nEn cas d'absence ou d'emp\u00eachement de Mme Virginie BOUVARD,  la d\u00e9l\u00e9gation qui lui est  \nconsentie au titre du pr\u00e9sent arr\u00eat\u00e9 est exerc\u00e9e, dans les m\u00eames conditions, par M. Jean-Yves  \nCOTHENET,  adjoint  au  chef  du  service  FranceAgriMer  de  la  direction  r\u00e9gionale  de  \nl'alimentation, de l'agriculture et de la for\u00eat Provence-Alpes-C\u00f4te-d'Azur.\nARTICLE 4\nLe secr\u00e9taire g\u00e9n\u00e9ral de la pr\u00e9fecture du Var, le directeur d\u00e9partemental des territoires et de  \nla mer du Var et le chef du service territorial de France AgriMer pour la r\u00e9gion Provence-Alpes-\nC\u00f4te d'Azur sont charg\u00e9s, chacun en ce qui le concerne, de l'ex\u00e9cution du pr\u00e9sent arr\u00eat\u00e9 qui  \nsera publi\u00e9 au recueil des actes administratifs de la pr\u00e9fecture du Var.\nFait \u00e0 Toulon, le 2 juin 2025\nPr\u00e9fet du Var\nSign\u00e9\nSimon BABRE\n                                                                                                                                                                                                                               2/2\nPr\u00e9fecture du VAR - 83-2025-06-02-00023 - ARR\u00caT\u00c9 PR\u00c9FECTORAL n\u00b0 2025/41/MCI du 2 juin 2025\nportant d\u00e9l\u00e9gation de signature \u00e0 Mme Virginie BOUVARD.\nCheffe du service territorial de France AgriMer (SRFAM)\npour la r\u00e9gion Provence-Alpes-C\u00f4te d'Azur\nLe Pr\u00e9fet du Var\n76\nPr\u00e9fecture du VAR\n83-2025-06-02-00024\nARR\u00caT\u00c9 PR\u00c9FECTORAL n\u00b0 2025/42/MCI du 2 juin\n2025\nportant d\u00e9l\u00e9gation de signature \u00e0 M. Remi\nLABEDADE\nCommandant de police, commandant la\ncompagnie r\u00e9publicaine de s\u00e9curit\u00e9\nautorouti\u00e8re Provence au sein de la DZCRS SUD\npour les d\u00e9cisions relevant de l'article L.325-1-2\ndu Code de la route\nPr\u00e9fecture du VAR - 83-2025-06-02-00024 - ARR\u00caT\u00c9 PR\u00c9FECTORAL n\u00b0 2025/42/MCI du 2 juin 2025\nportant d\u00e9l\u00e9gation de signature \u00e0 M. Remi LABEDADE\nCommandant de police, commandant la compagnie r\u00e9publicaine de s\u00e9curit\u00e9\nautorouti\u00e8re Provence au sein de la DZCRS SUD\npour les d\u00e9cisions relevant de l'article L.325-1-2 du Code de la route\n77\n=mPREFETDU VARLibert\u00e9Egalit\u00e9Fraternit\u00e9\nDirection de la coordination des politiques publiques\net de l'appui territorial\nMission de coordination interminist\u00e9rielle\nARR\u00caT\u00c9 PR\u00c9FECTORAL n\u00b0 2025/42/MCI du 2 juin 2025\nportant d\u00e9l\u00e9gation de signature \u00e0 M. Remi LABEDADE\nCommandant de police, commandant la compagnie r\u00e9publicaine de s\u00e9curit\u00e9 \nautorouti\u00e8re Provence au sein de la DZCRS SUD\npour les d\u00e9cisions relevant de l'article L.325-1-2 du Code de la route\nLe Pr\u00e9fet du Var,\nChevalier de la L\u00e9gion d'Honneur,\nChevalier de l'Ordre National du M\u00e9rite,\nVu le code de la s\u00e9curit\u00e9 int\u00e9rieure, \nVu le Code de la route modifi\u00e9, notamment son article L.325-1-2 ;\nVu le Code de proc\u00e9dure p\u00e9nale, notamment ses articles 529-10, 530-3 et 530-7 ;\nVu le Code p\u00e9nal notamment son article 132-45\u20137\u00b0 ;\nVu  le  d\u00e9cret  n\u00b0  2004-374  du  29  avril  2004  modifi\u00e9  relatif  aux  pouvoirs  des  pr\u00e9fets,  \u00e0 \nl'organisation et \u00e0 l'action des services de l'\u00c9tat dans les r\u00e9gions et d\u00e9partements ;\nVu  le  d\u00e9cret  du  Pr\u00e9sident  de  la  R\u00e9publique  du  15  avril  2022  portant  nomination  de \nM.  Lucien  GIUDICELLI,  secr\u00e9taire  g\u00e9n\u00e9ral  de  la  pr\u00e9fecture  du  Var,  sous-pr\u00e9fet  de \nl'arrondissement de Toulon ; \nVu le d\u00e9cret du Pr\u00e9sident de la R\u00e9publique du 15 mai 2025 portant nomination de M. Simon  \nBABRE, pr\u00e9fet du Var ;\nVu la nomination de M. Remi LABEDADE, Commandant de police, commandant la compagnie \nr\u00e9publicaine de s\u00e9curit\u00e9  autorouti\u00e8re Provence au sein de la DZCRS SUD  \u00e0 compter du 5  \nd\u00e9cembre 2024 ; \nSur proposition du secr\u00e9taire g\u00e9n\u00e9ral de la pr\u00e9fecture,\nARR\u00caTE :\n1/2\nPr\u00e9fecture du VAR - 83-2025-06-02-00024 - ARR\u00caT\u00c9 PR\u00c9FECTORAL n\u00b0 2025/42/MCI du 2 juin 2025\nportant d\u00e9l\u00e9gation de signature \u00e0 M. Remi LABEDADE\nCommandant de police, commandant la compagnie r\u00e9publicaine de s\u00e9curit\u00e9\nautorouti\u00e8re Provence au sein de la DZCRS SUD\npour les d\u00e9cisions relevant de l'article L.325-1-2 du Code de la route\n78\nARTICLE 1\nD\u00e9l\u00e9gation est donn\u00e9e \u00e0 M.  Remi LABEDADE,  Commandant de police, commandant la  \ncompagnie r\u00e9publicaine de s\u00e9curit\u00e9 autorouti\u00e8re Provence au sein de la DZCRS SUD, \u00e0 l'effet \nde  signer les arr\u00eat\u00e9s d'immobilisation et/ou de mise en fourri\u00e8re, \u00e0 titre provisoire, des  \nv\u00e9hicules dont le conducteur a commis l'infraction de d\u00e9passement de 50 km/h ou plus de  \nla vitesse maximale autoris\u00e9e dans le d\u00e9partement du Var.\nARTICLE 2\nD\u00e9l\u00e9gation est donn\u00e9e \u00e0 M. Remi LABEDADE, Commandant de police, commandant la  \ncompagnie r\u00e9publicaine de s\u00e9curit\u00e9 autorouti\u00e8re Provence au sein de la DZCRS SUD \u00e0  \nl'effet  de  d\u00e9signer,  par  arr\u00eat\u00e9  pris  et  publi\u00e9  au  recueil  des  actes  administratifs  de  la \npr\u00e9fecture du Var, la liste des agents plac\u00e9s sous son autorit\u00e9 qu'il aura nomm\u00e9 pour signer \nles actes entrant dans leur champ de comp\u00e9tence et pour lesquels il a lui-m\u00eame re\u00e7u  \nd\u00e9l\u00e9gation au titre du pr\u00e9sent arr\u00eat\u00e9.\nARTICLE 3\nLe secr\u00e9taire g\u00e9n\u00e9ral de la pr\u00e9fecture  et le commandant de  compagnie r\u00e9publicaine de  \ns\u00e9curit\u00e9 DZCRS SUD/autorouti\u00e8re Provence-Marseille  sont charg\u00e9s, chacun en ce qui le  \nconcerne,  de  l'ex\u00e9cution  du  pr\u00e9sent  arr\u00eat\u00e9  qui sera  publi\u00e9  au  recueil  des  actes \nadministratifs de la pr\u00e9fecture du Var.\nFait \u00e0 Toulon, le 2 juin 2025\nPr\u00e9fet du Var\nSign\u00e9\nSimon BABRE\n                                                                                                                                                                                                                               2/2\nPr\u00e9fecture du VAR - 83-2025-06-02-00024 - ARR\u00caT\u00c9 PR\u00c9FECTORAL n\u00b0 2025/42/MCI du 2 juin 2025\nportant d\u00e9l\u00e9gation de signature \u00e0 M. Remi LABEDADE\nCommandant de police, commandant la compagnie r\u00e9publicaine de s\u00e9curit\u00e9\nautorouti\u00e8re Provence au sein de la DZCRS SUD\npour les d\u00e9cisions relevant de l'article L.325-1-2 du Code de la route\n79\nPr\u00e9fecture du VAR\n83-2025-06-02-00025\nARR\u00caT\u00c9 PR\u00c9FECTORAL n\u00b0 2025/43/MCI du 2 juin\n2025\nportant d\u00e9l\u00e9gation de signature \u00e0 M. J\u00e9r\u00f4me\nMARTIN,\ndirecteur interd\u00e9partemental de la police\nnationale du Var\nPr\u00e9fecture du VAR - 83-2025-06-02-00025 - ARR\u00caT\u00c9 PR\u00c9FECTORAL n\u00b0 2025/43/MCI du 2 juin 2025\nportant d\u00e9l\u00e9gation de signature \u00e0 M. J\u00e9r\u00f4me MARTIN,\ndirecteur interd\u00e9partemental de la police nationale du Var\n80\n=mPREFETDU VARLibert\u00e9Egalit\u00e9Fraternit\u00e9\nDirection de la coordination des politiques publiques\net de l'appui territorial\nMission de coordination interminist\u00e9rielle\nARR\u00caT\u00c9 PR\u00c9FECTORAL n\u00b0 2025/43/MCI du 2 juin 2025\nportant d\u00e9l\u00e9gation de signature \u00e0 M. J\u00e9r\u00f4me MARTIN,\ndirecteur interd\u00e9partemental de la police nationale du Var\nLe Pr\u00e9fet du Var,\nChevalier de la L\u00e9gion d'Honneur,\nChevalier de l'Ordre National du M\u00e9rite,\nVu le code de la s\u00e9curit\u00e9 int\u00e9rieure ;\nVu le code de proc\u00e9dure p\u00e9nale ; \nVu le code des transports, sixi\u00e8me partie : aviation civile ;\nVu la loi n\u00b0 82-213 du 2 mars 1982 modifi\u00e9e relative aux droits et libert\u00e9s des communes, des  \nd\u00e9partements et des r\u00e9gions ;\nVu la loi n\u00b0 83-8 du 7 janvier 1983 modifi\u00e9e relative \u00e0 la r\u00e9partition des comp\u00e9tences entre les  \ncommunes, les d\u00e9partements, les r\u00e9gions et l'\u00c9tat ;\nVu le d\u00e9cret n\u00b0 95-1197 du 6 novembre 1995 modifi\u00e9, portant d\u00e9concentration en mati\u00e8re de  \ngestion des personnels de la police nationale et notamment son article 4 ;\nVu  le  d\u00e9cret  n\u00b0  97-199  du  5  mars  1997  modifi\u00e9  relatif  au  remboursement  de  certaines  \nd\u00e9penses support\u00e9es par les forces de police et de gendarmerie ;\nVu la loi organique n\u00b0 01-692 du 1er ao\u00fbt 2001, modifi\u00e9e relative aux lois de finances ;\nVu  le  d\u00e9cret  n\u00b0  2004-374  du  29  avril  2004  modifi\u00e9  relatif  aux  pouvoirs  des  pr\u00e9fets,  \u00e0  \nl'organisation et \u00e0 l'action des services de l'Etat dans les r\u00e9gions et d\u00e9partements ; \nVu le d\u00e9cret n\u00b0 2008-252 du 12 mars 2008 modifi\u00e9 relatif \u00e0 la r\u00e9mun\u00e9ration de certains  \nservices rendus par le minist\u00e8re de l'int\u00e9rieur, de l'outre-mer et des collectivit\u00e9s territoriales ;\nVu le d \u00e9cret n\u00b0 2012-1246 du 7 novembre 2012 modifi\u00e9 relatif \u00e0 la gestion budg\u00e9taire et  \ncomptable publique ;\nVu le d\u00e9cret n\u00b0 2012-1247 du 7 novembre 2012 modifi\u00e9 portant adaptation de divers textes  \naux nouvelles r\u00e8gles de la gestion budg\u00e9taire et comptable publique ;\nVu le d\u00e9cret n\u00b0 2015-510 du 7 mai 2015 portant charte de la d\u00e9concentration ;\nVu  le  d\u00e9cret  n\u00b0  2023-1013  de  2  novembre  2023  relatif  aux  services  d\u00e9concentr\u00e9s  et  \u00e0  \nl'organisation de la police nationale ;\nVu le d\u00e9cret du minist\u00e8re de l'Int\u00e9rieur et des Outre-Mer n\u00b02023-1108 du 29 novembre 2023  \nportant cr\u00e9ation des services d\u00e9concentr\u00e9s de la police nationale ; \nVu le d\u00e9cret du Pr\u00e9sident de la R\u00e9publique du 15 avril 2022 portant nomination de M. Lucien  \nGIUDICELLI, secr\u00e9taire g\u00e9n\u00e9ral de la pr\u00e9fecture du Var, sous-pr\u00e9fet de l'arrondissement de  \nToulon ;\n1/4\nPr\u00e9fecture du VAR - 83-2025-06-02-00025 - ARR\u00caT\u00c9 PR\u00c9FECTORAL n\u00b0 2025/43/MCI du 2 juin 2025\nportant d\u00e9l\u00e9gation de signature \u00e0 M. J\u00e9r\u00f4me MARTIN,\ndirecteur interd\u00e9partemental de la police nationale du Var\n81\nVu le d\u00e9cret du Pr\u00e9sident de la R\u00e9publique du 15 mai 2025 portant nomination de M. Simon  \nBABRE, pr\u00e9fet du Var ;\nVu l'arr\u00eat\u00e9 interminist\u00e9riel du 8 d\u00e9cembre 1993 modifi\u00e9 portant r\u00e8glement de comptabilit\u00e9  \npour la d\u00e9signation des ordonnateurs secondaires et de leurs d\u00e9l\u00e9gu\u00e9s ;\nVu l'arr\u00eat\u00e9 du 30 d\u00e9cembre 2005 modifi\u00e9 portant d\u00e9concentration en mati\u00e8re de gestion des  \nfonctionnaires actifs des services de la police nationale ;\nVu l'a rr\u00eat\u00e9 du 27 ao\u00fbt 2010 modifi\u00e9 portant d\u00e9concentration en mati\u00e8re de gestion des  \nfonctionnaires des corps techniques et scientifiques de la police nationale ; \nVu l'arr\u00eat\u00e9 du 28 octobre 2010 portant application de l'article 2 du d\u00e9cret n\u00b0 97-199 du  \n5 mars 1997  modifi\u00e9  relatif  au  remboursement  de  certaines  d\u00e9penses  support\u00e9es  par  les \nforces de police et de gendarmerie et de l'article 1 er du d\u00e9cret n\u00b0 2008-252 du 12 mars 2008  \nmodifi\u00e9 relatif \u00e0 la r\u00e9mun\u00e9ration de certains services rendus par le minist\u00e8re de l'int\u00e9rieur, de  \nl'outre-mer et des collectivit\u00e9s territoriales ;\nVu l'arr\u00eat\u00e9 du 28 octobre 2010 fixant le montant des remboursements de certaines d\u00e9penses  \nsupport\u00e9es par les forces de police et de gendarmerie ;\nVu l'arr\u00eat\u00e9 du minist\u00e8re de l'Int\u00e9rieur et des outre-mer du 1 er ao\u00fbt 2023 portant nomination  \nde  M.  J\u00e9r\u00f4me  MARTIN,  contr\u00f4leur  g\u00e9n\u00e9ral  des  services  actifs  de  la  police  nationale,  \npr\u00e9figurateur directeur interd\u00e9partemental de la police nationale, directeur d\u00e9partemental  \nde la s\u00e9curit\u00e9 publique du Var pour une dur\u00e9e de trois ans renouvelables \u00e0 compter du 1 er \nseptembre 2023 ;\nSur proposition du secr\u00e9taire g\u00e9n\u00e9ral de la pr\u00e9fecture du Var,\nARR\u00caTE :\nTitre I - D\u00e9l\u00e9gation de signature d'ordre g\u00e9n\u00e9ral \nARTICLE 1\nD\u00e9l\u00e9gation  est  donn\u00e9e  \u00e0  M.  J\u00e9r\u00f4me  MARTIN,  directeur  interd\u00e9partemental  de  la  police  \nnationale du Var, \u00e0 l'effet de prononcer les sanctions disciplinaires du 1 er groupe \u00e0 l'encontre \ndes grad\u00e9s et gardiens de la paix et des personnels techniques de cat\u00e9gorie C, sous son  \nautorit\u00e9.\nARTICLE 2\nD\u00e9l\u00e9gation  est  donn\u00e9e  \u00e0  M.  J\u00e9r\u00f4me  MARTIN,  directeur  interd\u00e9partemental  de  la  police  \nnationale  du  Var ,  \u00e0  l'effet  de  signer  les  conventions  d\u00e9concentr\u00e9es,  avenants,  \u00e9tats  \npr\u00e9visionnels  de  d\u00e9penses  et  \u00e9tats  liquidatifs  relatifs  au  remboursement  des  d\u00e9penses  \nsupport\u00e9es par l'\u00c9tat \u00e0 l'occasion des services d'ordre ex\u00e9cut\u00e9s \u00e0 la demande de tiers par les  \nservices de police et de gendarmerie lorsque les manifestations vis\u00e9es sont organis\u00e9es en  \nzone de comp\u00e9tence de la police nationale dans le d\u00e9partement du Var.\nARTICLE 3\n2/4\nPr\u00e9fecture du VAR - 83-2025-06-02-00025 - ARR\u00caT\u00c9 PR\u00c9FECTORAL n\u00b0 2025/43/MCI du 2 juin 2025\nportant d\u00e9l\u00e9gation de signature \u00e0 M. J\u00e9r\u00f4me MARTIN,\ndirecteur interd\u00e9partemental de la police nationale du Var\n82\nD\u00e9l\u00e9gation est \u00e9galement donn\u00e9e \u00e0  M. J\u00e9r\u00f4me MARTIN, directeur interd\u00e9partemental de la  \npolice nationale du Var , \u00e0 l'effet de d\u00e9livrer et de signer les habilitations de circulation des  \npersonnes en zone r\u00e9serv\u00e9e des a\u00e9rodromes valables sur l'ensemble du territoire national en  \napplication du code des transports, partie VI, livre III ; \nARTICLE 4\nD\u00e9l\u00e9gation de signature est donn\u00e9e, pour les comp\u00e9tences et attributions mentionn\u00e9es  \u00e0  \nl'article 2 du pr\u00e9sent arr\u00eat\u00e9 et sous l'autorit\u00e9 de M. J\u00e9r\u00f4me MARTIN, \u00e0 :\n\u2022 M. Jean-Michel HORNUS , directeur interd\u00e9partemental adjoint de la police nationale  \ndu Var ;\n\u2022 M. Nicolas CARAVOKIROS, commissaire divisionnaire, chef de la circonscription de la  \npolice nationale de Fr\u00e9jus-Saint-Rapha\u00ebl pour les services d'ordre indemnis\u00e9s organis\u00e9s  \nsur le ressort de sa circonscription ;\n\u2022 M.  Vincent  GRAAS,  commissaire  de  police,  chef  de  la  circonscription  de  la  police \nnationale  de  Sanary-sur-Mer  pour  les  services  d'ordres  indemnis\u00e9s  organis\u00e9s  sur  le \nressort de sa circonscription ;\n\u2022 M. Gr\u00e9gory VUILLERMET, commissaire de police, chef de la circonscription de la police  \nnationale de Hy\u00e8res pour les services d'ordres indemnis\u00e9s organis\u00e9s sur le ressort de sa  \ncirconscription ;\n\u2022 M. C\u00e9dric FEVRE, chef de la circonscription de la police nationale de Draguignan pour  \nles services d'ordres indemnis\u00e9s organis\u00e9s sur le ressort de sa circonscription ;\n\u2022 M. Jean-Charles BAUDOUIN, commissaire de police, chef de la circonscription de la  \npolice nationale de La Seyne-sur-Mer pour les services d'ordres indemnis\u00e9s organis\u00e9s  \nsur le ressort de sa circonscription.\nTitre II - D\u00e9l\u00e9gation de signature relative \u00e0 l'ordonnancement des d\u00e9penses et de recettes de  \nl'unit\u00e9 op\u00e9rationelle DIPN\nARTICLE 5\nD\u00e9l\u00e9gation  est  donn\u00e9e  \u00e0  M.  J\u00e9r\u00f4me  MARTIN,  directeur  interd\u00e9partemental  de  la  police \nnationale  du  Var,  \u00e0  l'effet  de  signer  les  documents  se  traduisant  par  l'ordonnancement \nsecondaire des recettes et des d\u00e9penses de l'\u00c9tat imput\u00e9es sur le programme budg\u00e9taire de la \npolice nationale (programme 176) - titre III \u2013 et relatifs \u00e0 :\n\u2022 la programmation et le pilotage budg\u00e9taire, \n\u2022 la validation des d\u00e9cisions de d\u00e9penses,\n\u2022 la v\u00e9rification et \u00e0 la constatation du service fait,\n\u2022 l'ordre de payer au comptable.\nARTICLE 6\nA titre exceptionnel et d\u00e9rogatoire, M. J\u00e9r\u00f4me MARTIN est habilit\u00e9 \u00e0 signer les engagements  \njuridiques n\u00e9cessit\u00e9s par l'urgence, sous r\u00e9serve d'en informer le service prestataire de la d\u00e9 -\npense.\n3/4\nPr\u00e9fecture du VAR - 83-2025-06-02-00025 - ARR\u00caT\u00c9 PR\u00c9FECTORAL n\u00b0 2025/43/MCI du 2 juin 2025\nportant d\u00e9l\u00e9gation de signature \u00e0 M. J\u00e9r\u00f4me MARTIN,\ndirecteur interd\u00e9partemental de la police nationale du Var\n83\nARTICLE 7\nSont exclues du champ de la pr\u00e9sente d\u00e9l\u00e9gation de signature les conventions pass\u00e9es avec  \nles collectivit\u00e9s territoriales et leurs \u00e9tablissements public\nARTICLE 8\nD\u00e9l\u00e9gation  est  donn\u00e9e  \u00e0  M.  J\u00e9r\u00f4me  MARTIN,   directeur  interd\u00e9partemental  de  la  police \nnationale du Var, \u00e0 l'effet de d\u00e9signer,  par arr\u00eat\u00e9 pris au nom du Pr\u00e9fet et publi\u00e9 au recueil  \ndes actes administratifs de la pr\u00e9fecture,   les agents plac\u00e9s sous son autorit\u00e9 p our effectuer \ntous les actes et op\u00e9rations d'ordonnancement de la d\u00e9pense (saisie, validation, certification  \nde  service  fait,  ordre  \u00e0  payer)  dans  l'application  Chorus  Formulaires,  dans  la  limite  des  \nattributions du service et de la pr\u00e9sente d\u00e9l\u00e9gation de signature.\n   \n  \nARTICLE 9\nLe secr\u00e9taire g\u00e9n\u00e9ral de la pr\u00e9fecture du Var  et le directeur interd\u00e9partemental de la police  \nnationale sont charg\u00e9s, chacun en ce qui le concerne, de l'ex\u00e9cution du pr\u00e9sent arr\u00eat\u00e9 qui  \nsera publi\u00e9 au recueil des actes administratifs de la pr\u00e9fecture du Var.\nFait \u00e0 Toulon, le 2 juin 2025\nPr\u00e9fet du Var\nSign\u00e9\nSimon BABRE\n4/4\nPr\u00e9fecture du VAR - 83-2025-06-02-00025 - ARR\u00caT\u00c9 PR\u00c9FECTORAL n\u00b0 2025/43/MCI du 2 juin 2025\nportant d\u00e9l\u00e9gation de signature \u00e0 M. J\u00e9r\u00f4me MARTIN,\ndirecteur interd\u00e9partemental de la police nationale du Var\n84\nPr\u00e9fecture du VAR\n83-2025-06-02-00026\nARR\u00caT\u00c9 PR\u00c9FECTORAL n\u00b0 2025/44/MCI du 2 juin\n2025\nportant d\u00e9l\u00e9gation de signature au colonel\nGr\u00e9gory GOUMAIN\ncommandant le groupement de gendarmerie du\nVar\nPr\u00e9fecture du VAR - 83-2025-06-02-00026 - ARR\u00caT\u00c9 PR\u00c9FECTORAL n\u00b0 2025/44/MCI du 2 juin 2025\nportant d\u00e9l\u00e9gation de signature au colonel Gr\u00e9gory GOUMAIN\ncommandant le groupement de gendarmerie du Var\n85\n=mPREFETDU VARLibert\u00e9Egalit\u00e9Fraternit\u00e9\nDirection de la coordination des politiques publiques\net de l'appui territorial\nMission de coordination interminist\u00e9rielle\nARR\u00caT\u00c9 PR\u00c9FECTORAL n\u00b0 2025/44/MCI du 2 juin 2025\nportant d\u00e9l\u00e9gation de signature au colonel Gr\u00e9gory GOUMAIN\ncommandant le groupement de gendarmerie du Var\nLe Pr\u00e9fet du Var,\nChevalier de la L\u00e9gion d'Honneur,\nChevalier de l'Ordre National du M\u00e9rite,\nVu le code de la s\u00e9curit\u00e9 int\u00e9rieure, notamment son article L. 211-11 ;\nVu le code de proc\u00e9dure p\u00e9nale ; \nVu le code de la route, notamment son article L.325-1-2 ;\nVu le code du sport ;\nVu le  d\u00e9cret  n\u00b0  97-199  du  5  mars  1997  relatif  au  remboursement  de  certaines  d\u00e9penses \nsupport\u00e9es par les forces de police et de gendarmerie ;\nVu  le  d\u00e9cret  n\u00b02004-374  du  29  avril  2004  modifi\u00e9  relatif  aux  pouvoirs  des  pr\u00e9fets,  \u00e0  \nl'organisation et \u00e0 l'action des services de l'\u00c9tat dans les r\u00e9gions et d\u00e9partements ;\nVu le d\u00e9cret n\u00b0 2008-252 du 12 mars 2008 modifi\u00e9 relatif \u00e0 la r\u00e9mun\u00e9ration de certains  \nservices rendus par le minist\u00e8re de l'int\u00e9rieur, de l'outre-mer et des collectivit\u00e9s territoriales ;\nVu le d\u00e9cret du Pr\u00e9sident de la R\u00e9publique du 15 avril 2022 portant nomination de M. Lucien  \nGIUDICELLI, secr\u00e9taire g\u00e9n\u00e9ral de la pr\u00e9fecture du Var, sous-pr\u00e9fet de l'arrondissement de  \nToulon;\nVu le d\u00e9cret du Pr\u00e9sident de la R\u00e9publique du 15 mai 2025 portant nomination de M. Simon  \nBABRE, pr\u00e9fet du Var ;\nVu l'arr\u00eat\u00e9 interminist\u00e9riel NOR IOCF1022874A du 28 octobre 2010 modifi\u00e9 fixant le montant  \ndes  remboursements  de  certaines  d\u00e9penses  support\u00e9es  par  les  forces  de  police  et  de  \ngendarmerie ;\nVu l'arr\u00eat\u00e9  du  ministre  de  l'Int\u00e9rieur,  de  l'outre-mer  et  des  collectivit\u00e9s  locales  NOR  \nIOCF1022850A du 28 octobre 2010 en application de l'article 2 du d\u00e9cret n\u00b0 97-199 du 5 mars  \n1997 sus-vis\u00e9 et de l'article 1er du d\u00e9cret n\u00b0 2008-252 sus-vis\u00e9 ;\nVu  la  nomination  en  date  du  22  mai  2024  du  colonel  Gr\u00e9gory  GOUMAIN  en  qualit\u00e9  de \ncommandant du groupement de gendarmerie d\u00e9partementale du Var ;\nSur proposition du secr\u00e9taire g\u00e9n\u00e9ral de la pr\u00e9fecture,\n1/2\nPr\u00e9fecture du VAR - 83-2025-06-02-00026 - ARR\u00caT\u00c9 PR\u00c9FECTORAL n\u00b0 2025/44/MCI du 2 juin 2025\nportant d\u00e9l\u00e9gation de signature au colonel Gr\u00e9gory GOUMAIN\ncommandant le groupement de gendarmerie du Var\n86\nARR\u00caTE :\nARTICLE 1\nPour les d\u00e9cisions relevant de l'article L.325-1-2 du code de la route :\nD\u00e9l\u00e9gation  est  donn\u00e9e  au  colonel  Gr\u00e9gory  GOUMAIN,  commandant  le  groupement  de  \ngendarmerie d\u00e9partementale du Var, \u00e0 l'effet de signer les arr\u00eat\u00e9s d'immobilisation et/ou de  \nmise en fourri\u00e8re, \u00e0 titre provisoire, des v\u00e9hicules dont le conducteur a commis l'infraction de \nd\u00e9passement de 50 km/h ou plus de la vitesse maximale autoris\u00e9e.\nARTICLE 2\nPour les conventions relatives au remboursement de certaines d\u00e9penses support\u00e9es par les \nforces de gendarmerie :\nD\u00e9l\u00e9gation  est  donn\u00e9e  au  colonel  Gr\u00e9gory  GOUMAIN,  commandant  le  groupement  de  \ngendarmerie  d\u00e9partementale  du  Var,  pour  signer  les  conventions  conclues  avec  les  \nprestataires des services d'ordre en zone gendarmerie.\nARTICLE 3\nDans le cadre des attributions vis\u00e9es aux articles 1 du pr\u00e9sent arr\u00eat\u00e9,  d\u00e9l\u00e9gation est donn\u00e9e  \nau colonel Gr\u00e9gory GOUMAIN \u00e0 l'effet de nommer, par arr\u00eat\u00e9 pris au nom du pr\u00e9fet et publi\u00e9 \nau recueil des actes administratifs de la pr\u00e9fecture du Var, les agents plac\u00e9s sous son autorit\u00e9  \nhabilit\u00e9s  \u00e0  signer  certains  actes  relevant  de  leurs  comp\u00e9tences,  dans  les  limites  des  \nattributions mentionn\u00e9es \u00e0 l'article 1er.\nARTICLE 4\nEn cas d'absence ou d'emp\u00eachement du colonel Gr\u00e9gory GOUMAIN, la d\u00e9l\u00e9gation qui lui est  \nconsentie  au  titre  du  pr\u00e9sent  arr\u00eat\u00e9  est  exerc\u00e9e  par  le  lieutenant-colonel  St\u00e9phane  \nBONTEMPS, commandant de groupement de la gendarmerie d\u00e9partementale en second.\nARTICLE 5\nLe secr\u00e9taire g\u00e9n\u00e9ral de la pr\u00e9fecture  et le commandant du groupement de gendarmerie  \nd\u00e9partementale du Var sont charg\u00e9s, chacun en ce qui le concerne, de l'ex\u00e9cution du pr\u00e9sent \narr\u00eat\u00e9 qui sera publi\u00e9 au recueil des actes administratifs de la pr\u00e9fecture du Var.\nFait \u00e0 Toulon, le 2 juin 2025\nPr\u00e9fet du Var\nSign\u00e9\nSimon BABRE\n 2/2\nPr\u00e9fecture du VAR - 83-2025-06-02-00026 - ARR\u00caT\u00c9 PR\u00c9FECTORAL n\u00b0 2025/44/MCI du 2 juin 2025\nportant d\u00e9l\u00e9gation de signature au colonel Gr\u00e9gory GOUMAIN\ncommandant le groupement de gendarmerie du Var\n87\nPr\u00e9fecture du VAR\n83-2025-06-02-00027\nARR\u00caT\u00c9 PR\u00c9FECTORAL n\u00b0 2025/45/MCI du 2 juin\n2025\nportant d\u00e9l\u00e9gation de signature au\nCommandant de police Jo\u00ebl GONZALEZ,\nChef du service d\u00e9partemental de la police aux\nfronti\u00e8res du Var (SDPAF 83)\nau sein de la direction Interd\u00e9partementale de la\nPolice Nationale 83 (DIPN)\nPr\u00e9fecture du VAR - 83-2025-06-02-00027 - ARR\u00caT\u00c9 PR\u00c9FECTORAL n\u00b0 2025/45/MCI du 2 juin 2025\nportant d\u00e9l\u00e9gation de signature au Commandant de police Jo\u00ebl GONZALEZ,\nChef du service d\u00e9partemental de la police aux fronti\u00e8res du Var (SDPAF 83)\nau sein de la direction Interd\u00e9partementale de la Police Nationale 83 (DIPN)\n88\n=mPREFETDU VARLibert\u00e9Egalit\u00e9Fraternit\u00e9\nDirection de la coordination des politiques publiques\net de l'appui territorial\nMission de coordination interminist\u00e9rielle\nARR\u00caT\u00c9 PR\u00c9FECTORAL n\u00b0 2025/45/MCI du 2 juin 2025\nportant d\u00e9l\u00e9gation de signature au Commandant de police Jo\u00ebl GONZALEZ,\nChef du service d\u00e9partemental de la police aux fronti\u00e8res du Var (SDPAF 83)\nau sein de la direction Interd\u00e9partementale de la Police Nationale 83 (DIPN)\nLe Pr\u00e9fet du Var,\nChevalier de la L\u00e9gion d'Honneur,\nChevalier de l'Ordre National du M\u00e9rite,\nVu le code de l'entr\u00e9e et du s\u00e9jour des \u00e9trangers et du droit d'asile ;\nVu le code civil ;\nVu la loi n\u00b0 82-213 du 2 mars 1982 modifi\u00e9e, relative aux droits et libert\u00e9s des communes, des  \nd\u00e9partements et des r\u00e9gions ;\nVu la loi n\u00b0 83-8 du 7 janvier 1983 modifi\u00e9e, relative \u00e0 la r\u00e9partition des comp\u00e9tences entre les \ncommunes, les d\u00e9partements, les r\u00e9gions et l'\u00c9tat ;\nVu la  loi  d'orientation  n\u00b0  92-125  du  6  f\u00e9vrier  1992  modifi\u00e9e  relative  \u00e0  l'administration  \nterritoriale de la R\u00e9publique ;\nVu la loi n\u00b0 2004-809 du 13 ao\u00fbt 2004 modifi\u00e9e relative aux libert\u00e9s et responsabilit\u00e9s locales ;\nVu l'ordonnance n\u00b0 2004-1248 du 24 novembre 2004 relative \u00e0 la partie l\u00e9gislative du code de  \nl'entr\u00e9e et du s\u00e9jour des \u00e9trangers et du droit d'asile ;\nVu  le  d\u00e9cret  n\u00b0  2004-374  du  29  avril  2004  modifi\u00e9  relatif  aux  pouvoirs  des  pr\u00e9fets,  \u00e0  \nl'organisation et \u00e0 l'action des services de l'\u00c9tat dans les r\u00e9gions et d\u00e9partements ; \nVu le d\u00e9cret n\u00b0 2015-510 du 7 mai 2015 portant charte de d\u00e9concentration ;\nVu  le  d\u00e9cret  du  Pr\u00e9sident  de  la  R\u00e9publique  du  15  avril  2022  portant  nomination  de  \nM.  Lucien  GIUDICELLI,  secr\u00e9taire  g\u00e9n\u00e9ral  de  la  pr\u00e9fecture  du  Var,  sous-pr\u00e9fet  de  \nl'arrondissement de Toulon ; \nVu le d\u00e9cret du Pr\u00e9sident de la R\u00e9publique du 15 mai 2025 portant nomination de M. Simon  \nBABRE, pr\u00e9fet du Var ;\nVu  l'arr\u00eat\u00e9  minist\u00e9riel  N\u00b0S7092967/100912  nommant  le  commandant  de  police  Jo\u00ebl  \nGONZALEZ en qualit\u00e9 de chef du service d\u00e9partemental de la police aux fronti\u00e8res du Var  \n(SDPAF 83), au sein de la direction Interd\u00e9partementale de la Police Nationale 83 (DIPN), \u00e0  \ncompter du 1er avril 2025 ;\nSur proposition du secr\u00e9taire g\u00e9n\u00e9ral de la pr\u00e9fecture,\n1/2\nPr\u00e9fecture du VAR - 83-2025-06-02-00027 - ARR\u00caT\u00c9 PR\u00c9FECTORAL n\u00b0 2025/45/MCI du 2 juin 2025\nportant d\u00e9l\u00e9gation de signature au Commandant de police Jo\u00ebl GONZALEZ,\nChef du service d\u00e9partemental de la police aux fronti\u00e8res du Var (SDPAF 83)\nau sein de la direction Interd\u00e9partementale de la Police Nationale 83 (DIPN)\n89\nARR\u00caTE :\nARTICLE 1\nD\u00e9l\u00e9gation  est  donn\u00e9e  au  commandant  de  police  Jo\u00ebl  GONZALEZ,  chef  du  service  \nd\u00e9partemental de la police aux fronti\u00e8res du Var (SDPAF 83),  pour signer tous courriers de  \nsaisine des consulats dans le cadre des d\u00e9marches d'identification des ressortissants \u00e9trangers \nincarc\u00e9r\u00e9s et interpell\u00e9s, en vue de leur reconduite \u00e0 la fronti\u00e8re.\nARTICLE 2\nDans  le  cadre  des  attributions  et  comp\u00e9tences  vis\u00e9es  \u00e0  l'article  1 er du  pr\u00e9sent  arr\u00eat\u00e9,  \nd\u00e9l\u00e9gation est donn\u00e9e au commandant de police Jo\u00ebl GONZALEZ \u00e0 l'effet de d\u00e9finir, par  \narr\u00eat\u00e9 pris au nom du pr\u00e9fet et publi\u00e9 au recueil des actes administratifs de la pr\u00e9fecture du  \nVar, les agents plac\u00e9s sous son autorit\u00e9 habilit\u00e9s \u00e0 signer les actes \u00e0 sa place en cas d'absence  \nou d'emp\u00eachement. \nARTICLE 3\nLe secr\u00e9taire g\u00e9n\u00e9ral de la pr\u00e9fecture et le commandant , chef du service de la  police aux  \nfronti\u00e8res du Var, sont charg\u00e9s, chacun en ce qui le concerne, de l'ex\u00e9cution du pr\u00e9sent arr\u00eat\u00e9 \nqui sera publi\u00e9 au recueil des actes administratifs de la pr\u00e9fecture du Var.\nFait \u00e0 Toulon, le 2 juin 2025\nPr\u00e9fet du Var\nSign\u00e9\nSimon BABRE\n2/2\nPr\u00e9fecture du VAR - 83-2025-06-02-00027 - ARR\u00caT\u00c9 PR\u00c9FECTORAL n\u00b0 2025/45/MCI du 2 juin 2025\nportant d\u00e9l\u00e9gation de signature au Commandant de police Jo\u00ebl GONZALEZ,\nChef du service d\u00e9partemental de la police aux fronti\u00e8res du Var (SDPAF 83)\nau sein de la direction Interd\u00e9partementale de la Police Nationale 83 (DIPN)\n90\nPr\u00e9fecture du VAR\n83-2025-06-02-00028\nARR\u00caT\u00c9 PR\u00c9FECTORAL n\u00b0 2025/46/MCI du 2 juin\n2025\nportant d\u00e9l\u00e9gation de signature \u00e0 Madame\nEmmanuelle BLANC,\ning\u00e9nieure g\u00e9n\u00e9rale des ponts, des eaux et des\nfor\u00eats,\ndirectrice interr\u00e9gionale de la s\u00e9curit\u00e9 de\nl'aviation civile sud-est.\nPr\u00e9fecture du VAR - 83-2025-06-02-00028 - ARR\u00caT\u00c9 PR\u00c9FECTORAL n\u00b0 2025/46/MCI du 2 juin 2025\nportant d\u00e9l\u00e9gation de signature \u00e0 Madame Emmanuelle BLANC,\ning\u00e9nieure g\u00e9n\u00e9rale des ponts, des eaux et des for\u00eats,\ndirectrice interr\u00e9gionale de la s\u00e9curit\u00e9 de l'aviation civile sud-est.\n91\n=mPREFETDU VARLibert\u00e9Egalit\u00e9Fraternit\u00e9\nDirection de la coordination des politiques publiques\net de l'appui territorial\nMission de coordination interminist\u00e9rielle\nARR\u00caT\u00c9 PR\u00c9FECTORAL n\u00b0 2025/46/MCI du 2 juin 2025\nportant d\u00e9l\u00e9gation de signature \u00e0 Madame Emmanuelle BLANC, \ning\u00e9nieure g\u00e9n\u00e9rale des ponts, des eaux et des for\u00eats, \ndirectrice interr\u00e9gionale de la s\u00e9curit\u00e9 de l'aviation civile sud-est.\nLe Pr\u00e9fet du Var,\nChevalier de la L\u00e9gion d'Honneur,\nChevalier de l'Ordre National du M\u00e9rite,\nVu le code des transports ;\nVu le code de l'urbanisme ;\nVu la loi n\u00b0 82.213 du 2 mars 1982 modifi\u00e9e relative aux droits et libert\u00e9s des communes, des  \nd\u00e9partements et des r\u00e9gions ;\nVu la loi d'orientation n\u00b092-125 du 6 f\u00e9vrier 1992 relative \u00e0 l'administration territoriale de la  \nR\u00e9publique ;\nVu le d\u00e9cret n\u00b097-34 du 15 janvier 1997 modifi\u00e9 relatif \u00e0 la d\u00e9concentration des d\u00e9cisions  \nadministratives individuelles ;\nVu le d\u00e9cret n\u00b0 97-1198 du 19 d\u00e9cembre 1997 modifi\u00e9 pris pour l'application aux ministres  \ncharg\u00e9s de la transition \u00e9cologique et solidaire, de la coh\u00e9sion des territoires et des relations  \navec  les  collectivit\u00e9s  territoriales  du  premier  alin\u00e9a  de  l'article  2  du  d\u00e9cret  n\u00b0  97-34  du \n15 janvier 1997 relatif \u00e0 la d\u00e9concentration des d\u00e9cisions administratives individuelles ;\nVu  le  d\u00e9cret  n\u00b0  2004-374  du  29  avril  2004  modifi\u00e9  relatif  aux  pouvoirs  des  pr\u00e9fets,  \u00e0 \nl'organisation et \u00e0 l'action des services de l'\u00c9tat dans les r\u00e9gions et d\u00e9partements ; \nVu le d\u00e9cret n\u00b0 2008-1299 du 11 d\u00e9cembre 2008 modifi\u00e9 portant cr\u00e9ation de la direction de la \ns\u00e9curit\u00e9 de l'aviation civile ;\nVu le d\u00e9cret du Pr\u00e9sident de la R\u00e9publique du 15 avril 2022 portant nomination de    M.  \nLucien GIUDICELLI, secr\u00e9taire g\u00e9n\u00e9ral de la pr\u00e9fecture du Var, sous-pr\u00e9fet de l'arrondissement \nde Toulon ;\nVu le d\u00e9cret du Pr\u00e9sident de la R\u00e9publique du 15 mai 2025 portant nomination de M. Simon  \nBABRE, pr\u00e9fet du Var ;\nVu  la  d\u00e9cision  du  15  f\u00e9vrier  2024  portant  organisation  de  la  direction  de  la  s\u00e9curit\u00e9  de \nl'Aviation civile Sud Est ;\nVu l'arr\u00eat\u00e9 en date du 20 octobre 2022 nommant Madame Emmanuelle Blanc, ing\u00e9nieure en  \nchef des ponts, des eaux et des for\u00eats, en qualit\u00e9 de directrice interr\u00e9gionale de la s\u00e9curit\u00e9 de \nl'aviation civile Sud-Est \u00e0 compter du 15 novembre 2022 ;\nSur proposition du secr\u00e9taire g\u00e9n\u00e9ral de la pr\u00e9fecture du Var,\n1/4\nPr\u00e9fecture du VAR - 83-2025-06-02-00028 - ARR\u00caT\u00c9 PR\u00c9FECTORAL n\u00b0 2025/46/MCI du 2 juin 2025\nportant d\u00e9l\u00e9gation de signature \u00e0 Madame Emmanuelle BLANC,\ning\u00e9nieure g\u00e9n\u00e9rale des ponts, des eaux et des for\u00eats,\ndirectrice interr\u00e9gionale de la s\u00e9curit\u00e9 de l'aviation civile sud-est.\n92\nA R R \u00ca T E : \nArticle 1\nD\u00e9l\u00e9gation est donn\u00e9e, pour ce qui concerne le d\u00e9partement du Var, \u00e0 Madame Emmanuelle \nBLANC, ing\u00e9nieure g\u00e9n\u00e9rale des ponts, des eaux et des for\u00eats, directrice interr\u00e9gionale de la \ns\u00e9curit\u00e9 de l'aviation civile sud-est, \u00e0 l'effet de signer, dans la limite de ses attributions  :\n1)  Les d\u00e9cisions de d\u00e9rogations au niveau minimal de survol, \u00e0 l'exception du survol des  \nagglom\u00e9rations  ou  rassemblements  de  personnes  ou  d'animaux  en  plein  air,  prises  en \napplication des dispositions des articles R.6213, D.6200 et D.6213 du code des transports ;\n2) Les d\u00e9cisions prescrivant le balisage de jour et/ou de nuit de tous les obstacles jug\u00e9s  \ndangereux  pour  la  navigation  a\u00e9rienne  prises  en  application  des  dispositions  de  l'article \nL.6351-6 du code des transports ;\n3) Les d\u00e9cisions prescrivant l'\u00e9tablissement de dispositifs visuels ou radio-\u00e9lectriques d'aides \u00e0 \nla  navigation  a\u00e9rienne  en  application  des  dispositions  de  l'article  L.6351-6  du  code  des \ntransports ; \n4)  Les  d\u00e9cisions  de  suppression  ou  de  modification  de  tout  dispositif  visuel  autre  qu'un \ndispositif de balisage maritime ou de signalisation ferroviaire ou routi\u00e8re de nature \u00e0 cr\u00e9er une \nconfusion  avec  les  aides  visuelles  \u00e0  la  navigation  a\u00e9rienne  prises  en  application  des \ndispositions de l'article L.6351-6 du code des transports ;\n5) Les autorisations au cr\u00e9ateur d'un a\u00e9rodrome priv\u00e9 ou \u00e0 usage restreint d'\u00e9quiper celui-ci  \nd'aides lumineuses ou radio\u00e9lectriques \u00e0 la navigation a\u00e9rienne ou de tous autres dispositifs  \nde  t\u00e9l\u00e9communications  a\u00e9ronautiques,  prises  en  application  des  dispositions  des  articles \nR.6312-24 et R.6312-39 du code des transports ; \n6) Les d\u00e9cisions d'\u00e9laboration ou de mise en r\u00e9vision et de notification du plan d'exposition  \nau bruit des a\u00e9rodromes \u00e0 affectation principale civile et les d\u00e9cisions de  notification des  \nd\u00e9cisions pr\u00e9cit\u00e9es, prises en application des dispositions des articles R.112-8, R.112-10 et R.112-\n14 du code de l'urbanisme ;\n7)  Les  d\u00e9cisions  de  d\u00e9livrance,  de  refus,  de  suspension  et  de  retrait  des  agr\u00e9ments  des \npersonnels  charg\u00e9s  de  la  mise  en  \u0153uvre  du  service  de  sauvetage  et  de  lutte  contre  les \nincendies d'a\u00e9ronefs sur les a\u00e9rodromes du Var, prises en application des dispositions de  \nl'article D.6332-14 du code des transports ;\n8) Les d\u00e9cisions de d\u00e9livrance des autorisations d'acc\u00e8s au c\u00f4t\u00e9 piste des a\u00e9rodromes du  \nd\u00e9partement du Var, prises en application des dispositions de l'article R.6342-14 du code des  \ntransports ;\n9) Les d\u00e9cisions de d\u00e9livrance des titres de circulation des personnes permettant l'acc\u00e8s et la  \ncirculation en zone de s\u00fbret\u00e9 \u00e0 acc\u00e8s r\u00e9glement\u00e9 des a\u00e9rodromes du d\u00e9partement du Var, et  \nles  d\u00e9cisions  de  d\u00e9livrance  des  titres  de  circulation  dans  certaines  installations  \u00e0  usage \na\u00e9ronautique  pr\u00e9vues  en  application  des  dispositions  de  l'article  R.6342-24  du  code  des \ntransports ;\n2/4 \nPr\u00e9fecture du VAR - 83-2025-06-02-00028 - ARR\u00caT\u00c9 PR\u00c9FECTORAL n\u00b0 2025/46/MCI du 2 juin 2025\nportant d\u00e9l\u00e9gation de signature \u00e0 Madame Emmanuelle BLANC,\ning\u00e9nieure g\u00e9n\u00e9rale des ponts, des eaux et des for\u00eats,\ndirectrice interr\u00e9gionale de la s\u00e9curit\u00e9 de l'aviation civile sud-est.\n93\n10) Les d\u00e9cisions de r\u00e9tention d'a\u00e9ronef fran\u00e7ais ou \u00e9tranger dont le pilote a commis une  \ninfraction aux dispositions de la sixi\u00e8me partie du code des transports, prises en application  \nde l'article L.6231-1 du code des transports ;\n11) Les autorisations de red\u00e9collage d'a\u00e9ronefs ayant \u00e9t\u00e9 contraints de se poser hors d'un  \na\u00e9rodrome  r\u00e9guli\u00e8rement  \u00e9tabli  dans  le  d\u00e9partement  du  Var,  \u00e0  l'exclusion  de  ceux  en \nprovenance ou \u00e0 destination de l'\u00e9tranger, prises en application des dispositions de l'article  \nD.6212-2 du code des transports ;\n12) Les autorisations d'installations et \u00e9quipements concourant \u00e0 la s\u00e9curit\u00e9 a\u00e9ronautique ou  \ndu transport a\u00e9rien public dans les zones grev\u00e9es de servitudes a\u00e9ronautiques , prises en  \napplication de l'article R.6351-12 du code des transports ;\n13) Les autorisations, pour une dur\u00e9e limit\u00e9e, de constructions ou installations n\u00e9cessaires \u00e0 la \nconduite de travaux dans les zones grev\u00e9es de servitudes a\u00e9ronautiques de d\u00e9gagement,  \nprises en application de l'article R.6351-13 du code des transports.\nArticle 2\nEn application du d\u00e9cret n\u00b02008-1299 susvis\u00e9, la d\u00e9l\u00e9gation qui lui est consentie au titre de  \nl'article 1  du pr\u00e9sent arr\u00eat\u00e9 pourra \u00eatre exerc\u00e9e par les agents de la direction de la s\u00e9curit\u00e9 de \nl'aviation civile sud-est suivants :\n\u2022 Monsieur C\u00e9dric NEBATI, d\u00e9l\u00e9gu\u00e9 C\u00f4te d'Azur, pour les actes mentionn\u00e9s aux num\u00e9ros \n1 et 7 \u00e0 13 ;\n\u2022 Monsieur  Philippe  GIMENEZ,  adjoint  au  d\u00e9l\u00e9gu\u00e9  C\u00f4te  d'Azur,  pour  les  actes \nmentionn\u00e9s aux num\u00e9ros 1 et 7 \u00e0 13 ;\n\u2022 Monsieur Jean-Yves PIERI, chef de la division r\u00e9gulation et d\u00e9veloppement durable ,  \npour les actes mentionn\u00e9s aux num\u00e9ros 2 \u00e0 6, 12 et 13 ;\n\u2022 Madame Jessica SALVATORI-RINALDI, cheffe de la division s\u00fbret\u00e9 de la d\u00e9l\u00e9gation C\u00f4te \nd'Azur, pour les actes mentionn\u00e9s aux num\u00e9ros 8 et 9 ;\n\u2022 Madame  C\u00e9line  KOCHKANIAN,  inspectrice  de  la  surveillance  s\u00fbret\u00e9  en  d\u00e9l\u00e9gation \nC\u00f4te d'Azur, pour les actes mentionn\u00e9s aux num\u00e9ros 8 et 9 ;\n\u2022 Monsieur Gilles RAYMOND, chef de la division s\u00fbret\u00e9, pour les actes mentionn\u00e9s aux  \nnum\u00e9ros 8 et 9 ;\n\u2022 Monsieur S\u00e9bastien FROMENT, adjoint au chef de la division s\u00fbret\u00e9, pour les actes  \nmentionn\u00e9s aux num\u00e9ros 8 et 9 ;\n\u2022 Madame  Estelle  MASSIEUX,  inspectrice  de  la  surveillance  s\u00fbret\u00e9,  pour  les  actes \nmentionn\u00e9s aux num\u00e9ros 8 et 9 ;\n\u2022 Monsieur  Gontran  FONTAINE,  inspecteur  de  la  surveillance  s\u00fbret\u00e9,  pour  les  actes \nmentionn\u00e9s aux num\u00e9ros 8 et 9, pour les actes mentionn\u00e9s aux num\u00e9ros 8 et 9.\nArticle 3\nEn cas d'absence ou d'emp\u00eachement de Madame Emmanuelle BLANC, l a d\u00e9l\u00e9gation qui lui  \nest consentie au titre du pr\u00e9sent arr\u00eat\u00e9 est exerc\u00e9e, dans les m\u00eames conditions, par Madame \nVal\u00e9rie FULCRAND-VINCENT, adjointe \u00e0 la directrice, charg\u00e9e des affaires techniques ;\n3/4\nPr\u00e9fecture du VAR - 83-2025-06-02-00028 - ARR\u00caT\u00c9 PR\u00c9FECTORAL n\u00b0 2025/46/MCI du 2 juin 2025\nportant d\u00e9l\u00e9gation de signature \u00e0 Madame Emmanuelle BLANC,\ning\u00e9nieure g\u00e9n\u00e9rale des ponts, des eaux et des for\u00eats,\ndirectrice interr\u00e9gionale de la s\u00e9curit\u00e9 de l'aviation civile sud-est.\n94\nArticle 4\nLe secr\u00e9taire g\u00e9n\u00e9ral de la pr\u00e9fecture du Var et la directrice interr\u00e9gionale de la s\u00e9curit\u00e9 de  \nl'aviation civile sud-est sont charg\u00e9s, chacun en ce qui le concerne, de l'ex\u00e9cution du pr\u00e9sent  \narr\u00eat\u00e9 qui sera publi\u00e9 au recueil des actes administratifs de la pr\u00e9fecture du Var.\nFait \u00e0 Toulon, le 2 juin 2025\nPr\u00e9fet du Var\nSign\u00e9\nSimon BABRE\n4/4 \nPr\u00e9fecture du VAR - 83-2025-06-02-00028 - ARR\u00caT\u00c9 PR\u00c9FECTORAL n\u00b0 2025/46/MCI du 2 juin 2025\nportant d\u00e9l\u00e9gation de signature \u00e0 Madame Emmanuelle BLANC,\ning\u00e9nieure g\u00e9n\u00e9rale des ponts, des eaux et des for\u00eats,\ndirectrice interr\u00e9gionale de la s\u00e9curit\u00e9 de l'aviation civile sud-est.\n95\nPr\u00e9fecture du VAR\n83-2025-06-02-00029\nARR\u00caT\u00c9 PR\u00c9FECTORAL n\u00b0 2025/47/MCI du 2 juin\n2025\nportant d\u00e9l\u00e9gation de signature au contr\u00f4leur\ng\u00e9n\u00e9ral Eric GROHIN\ndirecteur d\u00e9partemental du service\nd\u00e9partemental d'incendie et de secours du Var\nPr\u00e9fecture du VAR - 83-2025-06-02-00029 - ARR\u00caT\u00c9 PR\u00c9FECTORAL n\u00b0 2025/47/MCI du 2 juin 2025\nportant d\u00e9l\u00e9gation de signature au contr\u00f4leur g\u00e9n\u00e9ral Eric GROHIN\ndirecteur d\u00e9partemental du service d\u00e9partemental d'incendie et de secours du Var\n96\n=mPREFETDU VARLibert\u00e9Egalit\u00e9Fraternit\u00e9\nDirection de la coordination des politiques publiques\net de l'appui territorial\nMission de coordination interminist\u00e9rielle\nARR\u00caT\u00c9 PR\u00c9FECTORAL n\u00b0 2025/47/MCI du 2 juin 2025\nportant d\u00e9l\u00e9gation de signature au contr\u00f4leur g\u00e9n\u00e9ral Eric GROHIN\ndirecteur d\u00e9partemental du service d\u00e9partemental d'incendie et de secours du Var\nLe Pr\u00e9fet du Var,\nChevalier de la L\u00e9gion d'Honneur,\nChevalier de l'Ordre National du M\u00e9rite,\nVu le code g\u00e9n\u00e9ral des collectivit\u00e9s territoriales ;\nVu le code de la s\u00e9curit\u00e9 int\u00e9rieure ;\nVu le code forestier ;\nVu le code de l'environnement ;\nVu la loi n\u00b0 82-213 du 2 mars 1982 modifi\u00e9e, relative aux droits et libert\u00e9s des communes, des  \nd\u00e9partements et des r\u00e9gions ;\nVu  le  d\u00e9cret  n\u00b0  2004-374  du  29  avril  2004  modifi\u00e9  relatif  aux  pouvoirs  des  pr\u00e9fets,  \u00e0 \nl'organisation et \u00e0 l'action des services de l'\u00c9tat dans les r\u00e9gions et d\u00e9partements ;\nVu le d\u00e9cret du Pr\u00e9sident de la R\u00e9publique du 15 avril 2022 portant nomination de M. Lucien \nGIUDICELLI , secr\u00e9taire g\u00e9n\u00e9ral  de la pr\u00e9fecture du Var, sous-pr\u00e9fet de l'arrondissement de  \nToulon ;\nVu le d\u00e9cret du Pr\u00e9sident de la R\u00e9publique du 15 mai 2025 portant nomination de M. Simon  \nBABRE, pr\u00e9fet du Var ;\nVu l'arr\u00eat\u00e9 conjoint n\u00b0000146 du ministre de l'Int\u00e9rieur et du pr\u00e9sident du CASDIS du 4 janvier \n2023 portant nomination du contr\u00f4leur g\u00e9n\u00e9ral Eric GROHIN sur l'emploi fonctionnel de  \ndirecteur  d\u00e9partemental  du  service  d\u00e9partemental  d'incendie  et  de  secours  du  Var  \u00e0 \ncompter du 7 juillet 2023 ; \nSur proposition du secr\u00e9taire g\u00e9n\u00e9ral de la pr\u00e9fecture du Var,\nARR\u00caTE :\nARTICLE 1\nD\u00e9l\u00e9gation  est  donn\u00e9e  au  contr\u00f4leur  g\u00e9n\u00e9ral  Eric  GROHIN,  directeur  d\u00e9partemental  du \nservice d\u00e9partemental d'incendie et de secours du Var, \u00e0 l'effet de signer, dans le cadre des  \nattributions de cette direction :\n\u2022 les  ampliations  des  arr\u00eat\u00e9s  ou  d\u00e9cisions  et  les  copies  conformes  de  pi\u00e8ces \nadministratives ou comptables,\n1/2\nPr\u00e9fecture du VAR - 83-2025-06-02-00029 - ARR\u00caT\u00c9 PR\u00c9FECTORAL n\u00b0 2025/47/MCI du 2 juin 2025\nportant d\u00e9l\u00e9gation de signature au contr\u00f4leur g\u00e9n\u00e9ral Eric GROHIN\ndirecteur d\u00e9partemental du service d\u00e9partemental d'incendie et de secours du Var\n97\n\u2022 les dipl\u00f4mes et certificats propres \u00e0 la fonction de sapeur-pompier professionnel ou  \nvolontaire,\n\u2022 les  correspondances  courantes  concernant  l'organisation  op\u00e9rationnelle  du  service \nd\u00e9partemental d'incendie et de secours et le fonctionnement des corps de sapeurs-\npompiers communaux,\n\u2022 les pi\u00e8ces de d\u00e9penses et recettes imput\u00e9es sur le budget de l'\u00c9tat se rapportant aux  \nattributions et activit\u00e9s du SDIS, \u00e0 l'exception des mandats et des bordereaux de  \nmandats et de titres de recettes.\nARTICLE 2\nD\u00e9l\u00e9gation  est  donn\u00e9e  au  contr\u00f4leur  g\u00e9n\u00e9ral  Eric  GROHIN,  directeur  d\u00e9partemental du  \nservice d\u00e9partemental d'incendie et de secours du Var,  \u00e0 l'effet de d\u00e9signer, par arr\u00eat\u00e9 pris au \nnom du pr\u00e9fet et publi\u00e9 au recueil des actes administratifs de la pr\u00e9fecture, la liste des agents \nplac\u00e9s sous son autorit\u00e9 qu'il aura nomm\u00e9 pour signer les actes entrant dans leur champ de  \ncomp\u00e9tence et pour lesquels il a lui-m\u00eame re\u00e7u d\u00e9l\u00e9gation au titre du pr\u00e9sent arr\u00eat\u00e9.\nARTICLE 3\nEn  cas  d'absence  ou  d'emp\u00eachement  de  Monsieur  Eric  GROHIN,  directeur  du  service \nd\u00e9partemental d'incendie et de secours du Var, la d\u00e9l\u00e9gation qui lui est consentie au titre du  \npr\u00e9sent  arr\u00eat\u00e9  est  exerc\u00e9e,  dans  les  m\u00eames  conditions,  par  le  colonel  Philippe  RAISON, \ndirecteur d\u00e9partemental adjoint du service d\u00e9partemental d'incendie et de secours du Var. \nARTICLE 4 :  Le secr\u00e9taire g\u00e9n\u00e9ral de la pr\u00e9fecture du Var et le directeur  d\u00e9partemental  du \nservice d\u00e9partemental d'incendie et de secours du Var sont charg\u00e9s, chacun en ce qui le  \nconcerne, de l'ex\u00e9cution du pr\u00e9sent arr\u00eat\u00e9 qui  sera publi\u00e9 au recueil des actes administratifs  \nde la pr\u00e9fecture du Var.\nFait \u00e0 Toulon, le 2 juin 2025\nPr\u00e9fet du Var\nSign\u00e9\nSimon BABRE\n2/2\nPr\u00e9fecture du VAR - 83-2025-06-02-00029 - ARR\u00caT\u00c9 PR\u00c9FECTORAL n\u00b0 2025/47/MCI du 2 juin 2025\nportant d\u00e9l\u00e9gation de signature au contr\u00f4leur g\u00e9n\u00e9ral Eric GROHIN\ndirecteur d\u00e9partemental du service d\u00e9partemental d'incendie et de secours du Var\n98\nPr\u00e9fecture du VAR\n83-2025-06-02-00030\nARR\u00caT\u00c9 PR\u00c9FECTORAL n\u00b0 2025/48/MCI du 2 juin\n2025\nportant d\u00e9l\u00e9gation de signature \u00e0 Madame\nNatacha CHICOT\nrectrice de l'acad\u00e9mie de NICE\nPr\u00e9fecture du VAR - 83-2025-06-02-00030 - ARR\u00caT\u00c9 PR\u00c9FECTORAL n\u00b0 2025/48/MCI du 2 juin 2025\nportant d\u00e9l\u00e9gation de signature \u00e0 Madame Natacha CHICOT\nrectrice de l'acad\u00e9mie de NICE\n99\nEsPREFETDU VARLibert\u00e9Egalit\u00e9Fraternit\u00e9\nDirection de la coordination des politiques publiques\net de l'appui territorial\nMission de coordination interminist\u00e9rielle\nARR\u00caT\u00c9 PR\u00c9FECTORAL n\u00b0 2025/48/MCI du 2 juin 2025\nportant d\u00e9l\u00e9gation de signature \u00e0 Madame Natacha CHICOT \nrectrice de l'acad\u00e9mie de NICE\nLe Pr\u00e9fet du Var,\nChevalier de la L\u00e9gion d'Honneur,\nChevalier de l'Ordre National du M\u00e9rite,\nVu le code de l'\u00e9ducation, notamment son article L. 421-14 ;\nVu le code g\u00e9n\u00e9ral des collectivit\u00e9s territoriales, notamment son article L. 2131-6 ; \nVu la loi n\u00b0 82-213 du 2 mars 1982 modifi\u00e9e relative aux droits et libert\u00e9s des communes, des  \nd\u00e9partements et des r\u00e9gions, notamment son article 14 ;\nVu les lois n\u00b0 83-8 du 7 janvier 1983 et  n\u00b0 83-663 du 22 juillet 1983  modifi\u00e9es relatives \u00e0 la  \nr\u00e9partition des comp\u00e9tences entre les communes, les d\u00e9partements, les r\u00e9gions et l'\u00c9tat ;\nVu  la  loi  d'orientation  n\u00b0  92-125  du  6  f\u00e9vrier 1992  modifi\u00e9e  relative  \u00e0  l'administration  \nterritoriale de la R\u00e9publique ;\nVu la loi n\u00b0 2004-809 du 13 ao\u00fbt 2004 modifi\u00e9e relative aux libert\u00e9s et responsabilit\u00e9s locales ;\nVu le d\u00e9cret n\u00b0 97-34 du 15 janvier 1997 modifi\u00e9 relatif \u00e0 la d\u00e9concentration des d\u00e9cisions  \nadministratives individuelles ;\nVu  le  d\u00e9cret  n\u00b0  2004-374  du  29  avril  2004  modifi\u00e9  relatif  aux  pouvoirs  des  pr\u00e9fets,  \u00e0  \nl'organisation et \u00e0 l'action des services de l'\u00c9tat dans les r\u00e9gions et d\u00e9partements ; \nVu le d\u00e9cret n\u00b0 2012-16 du 5 janvier 2012 modifi\u00e9 relatif \u00e0 l'organisation acad\u00e9mique ;\nVu le d\u00e9cret n\u00b0 2015-510 du 7 mai 2015 portant charte de d\u00e9concentration ;\nVu le d\u00e9cret du Pr\u00e9sident de la R\u00e9publique du 20 novembre 2019 relatif \u00e0 l'organisation des  \nservices d\u00e9concentr\u00e9s des ministres charg\u00e9s de l'\u00e9ducation nationale et de l'enseignement  \nsup\u00e9rieur, de la recherche et de l'innovation ;\nVu le d\u00e9cret du Pr\u00e9sident de la R\u00e9publique du 15 avril 2022 portant nomination de M. Lucien  \nGIUDICELLI , secr\u00e9taire g\u00e9n\u00e9ral de la pr\u00e9fecture du Var, sous-pr\u00e9fet de l'arrondissement de  \nToulon ;\n1/3\nPr\u00e9fecture du VAR - 83-2025-06-02-00030 - ARR\u00caT\u00c9 PR\u00c9FECTORAL n\u00b0 2025/48/MCI du 2 juin 2025\nportant d\u00e9l\u00e9gation de signature \u00e0 Madame Natacha CHICOT\nrectrice de l'acad\u00e9mie de NICE\n100\nVu  le  d\u00e9cret  du  Pr\u00e9sident  de  la  R\u00e9publique  du  13  juillet  2022  portant  nomination  de  \nMadame Natacha CHICOT, rectrice de l'acad\u00e9mie de NICE, \u00e0 compter du 20 juillet 2022 ; \nVu le d\u00e9cret du Pr\u00e9sident de la R\u00e9publique du 15 mai 2025 portant nomination de M. Simon  \nBABRE, pr\u00e9fet du Var ;\nSur proposition du secr\u00e9taire g\u00e9n\u00e9ral de la pr\u00e9fecture,\nARR\u00caTE :\nARTICLE 1\nD\u00e9l\u00e9gation de signature est donn\u00e9e \u00e0 Madame Natacha CHICOT , rectrice de l'acad\u00e9mie de  \nNice, \u00e0 l'effet de d\u00e9f\u00e9rer au tribunal administratif territorialement comp\u00e9tent tout acte des  \n\u00e9tablissements publics locaux d'enseignement du d\u00e9partement du Var soumis au contr\u00f4le de  \nl\u00e9galit\u00e9.\nARTICLE 2\nD\u00e9l\u00e9gation est donn\u00e9e \u00e0 Madame Natacha CHICOT, rectrice de l'acad\u00e9mie de Nice, \u00e0 l'effet  \nde signer les correspondances et pi\u00e8ces courantes entrant dans le champ des actes relatifs au \nfonctionnement  des  \u00e9tablissements  publics  locaux  d'enseignement  qui,  pour  devenir  \nex\u00e9cutoires,  doivent  \u00eatre  transmis,  par  d\u00e9l\u00e9gation  du  repr\u00e9sentant  de  l'\u00c9tat,  \u00e0  l'autorit\u00e9 \nacad\u00e9mique :\n1\u00b0) les d\u00e9lib\u00e9rations du conseil d'administration relatives :\n\u2192 \u00e0 la passation des conventions, et notamment des march\u00e9s ;\n\u2192 au recrutement des personnels ;\n\u2192 au financement des voyages scolaires ;\n2\u00b0) les d\u00e9cisions du chef d'\u00e9tablissement relatives :\n\u2192 au recrutement et au licenciement des personnels r\u00e9mun\u00e9r\u00e9s par l'\u00e9tablissement  \nainsi qu'aux mesures disciplinaires prises \u00e0 l'encontre de ces personnels ;\n\u2192 aux  march\u00e9s  et  aux  conventions  comportant  des  incidences  financi\u00e8res,  \u00e0  \nl'exception  des  march\u00e9s  pass\u00e9s  selon  une  proc\u00e9dure  adapt\u00e9e  en  raison  de  leur \nmontant ;\n\u2192 les correspondances et pi\u00e8ces courantes relatives \u00e0 l'instruction des actes non  \nsoumis \u00e0 l'obligation de transmission, signal\u00e9s par des tiers ou par des membres des  \nconseils d'administration ;\n\u2192 les correspondances et pi\u00e8ces courantes relatives aux actes \u00e0 caract\u00e8re financier  \ntransmis  au  titre  du  contr\u00f4le  budg\u00e9taire,  budgets,  d\u00e9cisions  modificatives  de  \ntroisi\u00e8me  niveau,  comptes  financiers  relevant  de  l'autorit\u00e9  acad\u00e9mique,  par  \nd\u00e9l\u00e9gation du repr\u00e9sentant de l'\u00c9tat.\nARTICLE 3\nD\u00e9l\u00e9gation est donn\u00e9e \u00e0 Madame Natacha CHICOT, rectrice de l'acad\u00e9mie de Nice, \u00e0 l'effet  \nde d\u00e9signer, par arr\u00eat\u00e9 pris au nom du pr\u00e9fet et publi\u00e9 au recueil des actes administratifs de  \nla pr\u00e9fecture, la liste des agents plac\u00e9s sous son autorit\u00e9 qu'elle aura nomm\u00e9s pour signer les  \nactes  entrant  dans  leur  champ  de  comp\u00e9tence  et  pour  lesquels  elle  a  elle-m\u00eame  re\u00e7u \nd\u00e9l\u00e9gation au titre du pr\u00e9sent arr\u00eat\u00e9.\n                                                                                                                                                                                                                               2/3 \nPr\u00e9fecture du VAR - 83-2025-06-02-00030 - ARR\u00caT\u00c9 PR\u00c9FECTORAL n\u00b0 2025/48/MCI du 2 juin 2025\nportant d\u00e9l\u00e9gation de signature \u00e0 Madame Natacha CHICOT\nrectrice de l'acad\u00e9mie de NICE\n101\nARTICLE 4\nLe secr\u00e9taire g\u00e9n\u00e9ral de la pr\u00e9fecture du Var et la rectrice de l'acad\u00e9mie de Nice sont charg\u00e9s, \nchacun en ce qui le concerne, de l'ex\u00e9cution du pr\u00e9sent arr\u00eat\u00e9 qui sera publi\u00e9 au recueil des  \nactes administratifs de la pr\u00e9fecture du Var.\nFait \u00e0 Toulon, le 2 juin 2025\nPr\u00e9fet du Var\nSign\u00e9\nSimon BABRE\n3/3\nPr\u00e9fecture du VAR - 83-2025-06-02-00030 - ARR\u00caT\u00c9 PR\u00c9FECTORAL n\u00b0 2025/48/MCI du 2 juin 2025\nportant d\u00e9l\u00e9gation de signature \u00e0 Madame Natacha CHICOT\nrectrice de l'acad\u00e9mie de NICE\n102\nPr\u00e9fecture du VAR\n83-2025-06-02-00035\nARR\u00caT\u00c9 PR\u00c9FECTORAL n\u00b0 2025/51/MCI du 2 juin\n2025\nportant d\u00e9l\u00e9gation de signature en mati\u00e8re\nd'ordonnancement secondaire\net de comptabilit\u00e9 g\u00e9n\u00e9rale de l'\u00c9tat \u00e0 M. G\u00e9rard\nBLANC,\nadministrateur de l'\u00c9tat,\nadjoint au directeur d\u00e9partemental des Finances\npubliques du Var\nPr\u00e9fecture du VAR - 83-2025-06-02-00035 - ARR\u00caT\u00c9 PR\u00c9FECTORAL n\u00b0 2025/51/MCI du 2 juin 2025\nportant d\u00e9l\u00e9gation de signature en mati\u00e8re d'ordonnancement secondaire\net de comptabilit\u00e9 g\u00e9n\u00e9rale de l'\u00c9tat \u00e0 M. G\u00e9rard BLANC,\nadministrateur de l'\u00c9tat,\nadjoint au directeur d\u00e9partemental des Finances publiques du Var\n103\n=mPREFETDU VARLibert\u00e9Egalit\u00e9Fraternit\u00e9\nDirection de la coordination des politiques publiques\net de l'appui territorial\nMission de coordination interminist\u00e9rielle\nARR\u00caT\u00c9 PR\u00c9FECTORAL n\u00b0 2025/51/MCI du 2 juin 2025 \nportant d\u00e9l\u00e9gation de signature en mati\u00e8re d'ordonnancement secondaire\n et de comptabilit\u00e9 g\u00e9n\u00e9rale de l'\u00c9tat \u00e0 M. G\u00e9rard BLANC, \nadministrateur de l'\u00c9tat, \nadjoint au directeur d\u00e9partemental des Finances publiques du Var\nLe Pr\u00e9fet du Var,\nChevalier de la L\u00e9gion d'Honneur,\nChevalier de l'Ordre National du M\u00e9rite,\nVu la loi organique n\u00b0 2001-692 du 1er ao\u00fbt 2001 relative aux lois de finances ;\nVu  la  loi  n\u00b0  82-213  du  2  mars  1982  relative  aux  droits  et  libert\u00e9s  des  communes,  des \nd\u00e9partements et des r\u00e9gions ;\nVu la loi d'orientation n\u00b0 92-125 du 6 f\u00e9vrier 1992 relative \u00e0 l'administration territoriale de la  \nR\u00e9publique ;\nVu le d\u00e9cret n\u00b0 92-604 du 1er juillet 1992 modifi\u00e9 portant charte de d\u00e9concentration ;\nVu  le  d\u00e9cret  n\u00b0  2004-374  du  29  avril  2004  modifi\u00e9  relatif  au  pouvoir  des  pr\u00e9fets,  \u00e0 \nl'organisation et \u00e0 l'action des services de l'\u00c9tat dans les r\u00e9gions et les d\u00e9partements ;\nVu le d\u00e9cret n\u00b0 2009-707 du 16 juin 2009 modifi\u00e9 relatif aux services d\u00e9concentr\u00e9s de la  \ndirection g\u00e9n\u00e9rale des Finances publiques ;\nVu le d\u00e9cret n\u00b0 2012-1246 du 7 novembre 2012 relatif \u00e0 la gestion budg\u00e9taire et comptable  \npublique ;\nVu le d\u00e9cret n\u00b0 2012-1247 du 7 novembre 2012 modifi\u00e9 portant adaptation de divers textes  \naux nouvelles r\u00e8gles de la gestion budg\u00e9taire et comptable publique ;\nVu le d\u00e9cret du Pr\u00e9sident de la R\u00e9publique du 15 avril 2022 portant nomination de M. Lucien  \nGIUDICELLI, secr\u00e9taire g\u00e9n\u00e9ral de la pr\u00e9fecture du Var, sous-pr\u00e9fet de l'arrondissement de  \nToulon ;\nVu le d \u00e9cret du Pr\u00e9sident de la R\u00e9publique du 18 novembre 2022 portant nomination de  \nM. Jean-Michel BLANCHARD,  administrateur g\u00e9n\u00e9ral des Finances publiques,  en qualit\u00e9 de  \ndirecteur d\u00e9partemental des finances publiques du Var ; \nVu le d\u00e9cret du 18 ao\u00fbt 2023 portant int\u00e9gration de M Jean-Michel BLANCHARD, directeur  \nd\u00e9partemental des Finances publiques du Var, dans le corps des administrateurs de l'\u00c9tat ;\nVu le d\u00e9cret du Pr\u00e9sident de la R\u00e9publique du 15 mai 2025 portant nomination de M. Simon  \nBABRE, pr\u00e9fet du Var ;\n1/3\nPr\u00e9fecture du VAR - 83-2025-06-02-00035 - ARR\u00caT\u00c9 PR\u00c9FECTORAL n\u00b0 2025/51/MCI du 2 juin 2025\nportant d\u00e9l\u00e9gation de signature en mati\u00e8re d'ordonnancement secondaire\net de comptabilit\u00e9 g\u00e9n\u00e9rale de l'\u00c9tat \u00e0 M. G\u00e9rard BLANC,\nadministrateur de l'\u00c9tat,\nadjoint au directeur d\u00e9partemental des Finances publiques du Var\n104\nVu l'arr\u00eat\u00e9 du 21 d\u00e9cembre 2022 portant nomination de M. G\u00e9rard BLANC, administrateur de \nl'Etat, dans un emploi de direction de la direction g\u00e9n\u00e9rale des Finances publiques  \u00e0 compter \ndu 1er janvier 2023 ; \nSur proposition du secr\u00e9taire g\u00e9n\u00e9ral de la pr\u00e9fecture du Var,\nARR\u00caTE :\nARTICLE 1\nD\u00e9l\u00e9gation est donn\u00e9e \u00e0  M. G\u00e9rard BLANC,  administrateur de l'\u00c9tat , adjoint au  directeur \nd\u00e9partemental  des  Finances  publiques  du  Var,  \u00e0  l'effet  de  signer,  dans  la  limite  de  ses \nattributions et comp\u00e9tences, tout document, acte, d\u00e9cision, contrat, conclusion, m\u00e9moire et, \nd'une fa\u00e7on plus g\u00e9n\u00e9rale, tous les actes se traduisant par l'ordonnancement de d\u00e9penses ou  \nde  recettes  se  rapportant  au  fonctionnement  ou  \u00e0  l'\u00e9quipement  de  la  direction  \nd\u00e9partementale des Finances publiques du Var, ainsi que l'ordonnancement de toute recette \nse  rapportant  aux  attributions  et  activit\u00e9s  de  la  direction  d\u00e9partementale  des  Finances \npubliques du Var ;\nARTICLE 2\nD\u00e9l\u00e9gation lui est donn\u00e9 pour recevoir les cr\u00e9dits des programmes suivants :\n- 156  \u00ab Gestion fiscale et financi\u00e8re de l'\u00c9tat et du secteur public local \u00bb\n- 311  \u00ab Gestion  fiscale  et  financi\u00e8re  de  l'\u00c9tat  et  du  secteur  public  local  \u2013 \nexp\u00e9rimentations Chorus \u00bb\n- 218  \u00ab  Conduite et pilotage des politiques \u00e9conomiques et financi\u00e8res (hors  \nChorus)\u00bb\n- 723 \u00ab Contribution aux d\u00e9penses immobili\u00e8res \u00bb\n- 724  \u00ab d\u00e9penses immobili\u00e8res des services d\u00e9concentr\u00e9s \u00bb\n- 348 \u00ab Performance et r\u00e9silience des b\u00e2timents de l'\u00c9tat et de ses op\u00e9rateurs \u00bb\nAinsi que pour  proc\u00e9der \u00e0 l'ordonnancement secondaire des recettes et des d\u00e9penses de  \nl'\u00c9tat imput\u00e9es sur les titres 2, 3 et 5 des programmes pr\u00e9cit\u00e9s et sur le compte de commerce  \nn\u00b0 907 \u2013 \u00ab op\u00e9rations commerciales des domaines \u00bb.\nCette d\u00e9l\u00e9gation porte sur l'engagement, la liquidation et le mandatement des d\u00e9penses,  \nainsi que sur l'\u00e9mission et la signature des titres de recettes.\nARTICLE   3  \nD\u00e9l\u00e9gation est donn\u00e9e \u00e0 M. G\u00e9rard BLANC, administrateur de l'\u00c9tat, adjoint au directeur  \nd\u00e9partemental des Finances publiques, \u00e0 l'effet de signer, dans la limite de ses attributions et  \ncomp\u00e9tences, toute d\u00e9claration de conformit\u00e9 en mati\u00e8re d'op\u00e9rations d'inventaire et, d'une \nfa\u00e7on plus g\u00e9n\u00e9rale, tous les actes se traduisant par la constatation des droits et obligations  \net l'inventaire des biens se rapportant \u00e0 l'activit\u00e9 financi\u00e8re de la direction d\u00e9partementale  \ndes Finances publiques du Var.\n 2/3\nPr\u00e9fecture du VAR - 83-2025-06-02-00035 - ARR\u00caT\u00c9 PR\u00c9FECTORAL n\u00b0 2025/51/MCI du 2 juin 2025\nportant d\u00e9l\u00e9gation de signature en mati\u00e8re d'ordonnancement secondaire\net de comptabilit\u00e9 g\u00e9n\u00e9rale de l'\u00c9tat \u00e0 M. G\u00e9rard BLANC,\nadministrateur de l'\u00c9tat,\nadjoint au directeur d\u00e9partemental des Finances publiques du Var\n105\nARTICLE 4\nDemeurent r\u00e9serv\u00e9s \u00e0 la signature  du Pr\u00e9fet  :\n\u2022 les ordres de r\u00e9quisition du comptable public ;\n\u2022 les d\u00e9cisions de passer outre aux refus de visas et aux avis d\u00e9favorables de  \nl'autorit\u00e9  charg\u00e9e  du  contr\u00f4le  financier  en  mati\u00e8re  d'engagement  des \nd\u00e9penses ;\n\u2022 l'ordonnancement secondaire des d\u00e9penses de l'\u00c9tat du programme 833 \u2013  \nAvances sur le montant des impositions revenant aux r\u00e9gions, d\u00e9partements,  \ncommunes, \u00e9tablissements et divers organismes.\nARTICLE 5\nM. G\u00e9rard BLANC peut, sous sa responsabilit\u00e9, donner d\u00e9l\u00e9gation de signature aux agents  \nplac\u00e9s sous son autorit\u00e9 dans les conditions pr\u00e9vues par l'article 44 du d\u00e9cret n\u00b0  2004-374 \nmodifi\u00e9 du 29 avril 2004.\nARTICLE   6  \nLe secr\u00e9taire g\u00e9n\u00e9ral de la pr\u00e9fecture du Var et l'administrateur de l'\u00c9tat, adjoint au directeur  \nd\u00e9partemental  des  finances  publiques,  sont  charg\u00e9s,  chacun  en  ce  qui  le  concerne,  de \nl'ex\u00e9cution  du  pr\u00e9sent  arr\u00eat\u00e9  qui sera  publi\u00e9  au  recueil  des  actes  administratifs  de  la \npr\u00e9fecture du Var.\nFait \u00e0 Toulon, le 2 juin 2025\nPr\u00e9fet du Var\nSign\u00e9\nSimon BABRE\n3/3\nPr\u00e9fecture du VAR - 83-2025-06-02-00035 - ARR\u00caT\u00c9 PR\u00c9FECTORAL n\u00b0 2025/51/MCI du 2 juin 2025\nportant d\u00e9l\u00e9gation de signature en mati\u00e8re d'ordonnancement secondaire\net de comptabilit\u00e9 g\u00e9n\u00e9rale de l'\u00c9tat \u00e0 M. G\u00e9rard BLANC,\nadministrateur de l'\u00c9tat,\nadjoint au directeur d\u00e9partemental des Finances publiques du Var\n106\nPr\u00e9fecture du VAR\n83-2025-06-02-00036\nARR\u00caT\u00c9 PR\u00c9FECTORAL n\u00b02025/04/MCI du 5\nf\u00e9vrier 2025 portant d\u00e9l\u00e9gation de signature\npour l'ordonnancement secondaire\ndes d\u00e9penses et des recettes\nde la pr\u00e9fecture de TOULON et des\nsous-pr\u00e9fectures de DRAGUIGNAN et\nBRIGNOLES\nimput\u00e9es sur le budget de l'\u00c9tat\nPr\u00e9fecture du VAR - 83-2025-06-02-00036 - ARR\u00caT\u00c9 PR\u00c9FECTORAL n\u00b02025/04/MCI du 5 f\u00e9vrier 2025 portant d\u00e9l\u00e9gation de signature\npour l'ordonnancement secondaire\ndes d\u00e9penses et des recettes\nde la pr\u00e9fecture de TOULON et des sous-pr\u00e9fectures de DRAGUIGNAN et BRIGNOLES\nimput\u00e9es sur le budget de l'\u00c9tat\n107\n=mPREFETDU VARLibert\u00e9Egalit\u00e9Fraternit\u00e9\nDirection de la coordination des politiques publiques\net de l'appui territorial\nMission de coordination interminist\u00e9rielle\nARR\u00caT\u00c9 PR\u00c9FECTORAL n\u00b02025/04/MCI du 5 f\u00e9vrier 2025\nportant d\u00e9l\u00e9gation de signature pour l'ordonnancement secondaire \ndes d\u00e9penses et des recettes\nde la pr\u00e9fecture de TOULON et des sous-pr\u00e9fectures de DRAGUIGNAN et BRIGNOLES \n imput\u00e9es sur le budget de l'\u00c9tat\nLe Pr\u00e9fet du Var,\nChevalier de la L\u00e9gion d'Honneur,\nChevalier de l'Ordre National du M\u00e9rite,\nVu la loi n\u00b0 82-213 du 2 mars 1982 modifi\u00e9e relative aux droits et libert\u00e9s des communes, des \nd\u00e9partements et des r\u00e9gions ;\nVu la loi n\u00b0 83-8 du 7 janvier 1983 modifi\u00e9e relative \u00e0 la r\u00e9partition des comp\u00e9tences entre les  \ncommunes, les d\u00e9partements, les r\u00e9gions et l'\u00c9tat ;\nVu  la  loi  d'orientation  n\u00b0  92-125  du  6  f\u00e9vrier  1992  modifi\u00e9e  relative  \u00e0  l'administration \nterritoriale de la R\u00e9publique ;\nVu la loi n\u00b0 2004-809 du 13 ao\u00fbt 2004 modifi\u00e9e relative aux libert\u00e9s et responsabilit\u00e9s locales ;\nVu le d\u00e9cret n\u00b0 97-34 du 15 janvier 1997 modifi\u00e9 relatif \u00e0 la d\u00e9concentration des d\u00e9cisions  \nadministratives individuelles ;\nVu  le  d\u00e9cret  n\u00b0  2004-374  du  29  avril  2004  modifi\u00e9  relatif  aux  pouvoirs  des  pr\u00e9fets,  \u00e0 \nl'organisation et \u00e0 l'action des services de l'\u00c9tat dans les r\u00e9gions et d\u00e9partements ;\nVu  le  d\u00e9cret  n\u00b0  2007-1488  du  17  octobre  2007  modifi\u00e9  relatif  \u00e0  l'emploi  de  conseiller \nd'administration de l'int\u00e9rieur et de l'outre-mer ;\nVu le d\u00e9cret n\u00b0 2011-1317 du 17 octobre 2011 modifi\u00e9 portant statut particulier du corps  \ninterminist\u00e9riel des attach\u00e9s d'administration de l'\u00c9tat ;\nVu le d\u00e9cret n\u00b0 2012-1246 du 7 novembre 2012 modifi\u00e9 relatif \u00e0 la gestion budg\u00e9taire et  \ncomptable publique ;\nVu le d\u00e9cret n\u00b0 2012-1247 du 7 novembre 2012 modifi\u00e9 portant adaptation de divers textes  \naux nouvelles r\u00e8gles de la gestion budg\u00e9taire et comptable publique ;\n1/8\nPr\u00e9fecture du VAR - 83-2025-06-02-00036 - ARR\u00caT\u00c9 PR\u00c9FECTORAL n\u00b02025/04/MCI du 5 f\u00e9vrier 2025 portant d\u00e9l\u00e9gation de signature\npour l'ordonnancement secondaire\ndes d\u00e9penses et des recettes\nde la pr\u00e9fecture de TOULON et des sous-pr\u00e9fectures de DRAGUIGNAN et BRIGNOLES\nimput\u00e9es sur le budget de l'\u00c9tat\n108\nVu  le  d\u00e9cret  du  Pr\u00e9sident  de  la  R\u00e9publique  du  15  avril  2022  portant  nomination  de \nM.  Lucien  GIUDICELLI,  secr\u00e9taire  g\u00e9n\u00e9ral  de  la  pr\u00e9fecture  du  Var,  sous-pr\u00e9fet  de  \nl'arrondissement de Toulon ;\nVu  le  d\u00e9cret  du  Pr\u00e9sident  de  la  R\u00e9publique  du  6  juillet  2023  portant  nomination  de \nMme Myriam GARCIA, sous-pr\u00e9f\u00e8te de l'arrondissement de Draguignan ;\nVu  le  d\u00e9cret  du  Pr\u00e9sident  de  la  R\u00e9publique  du  3  avril  2024  portant  nomination  de \nMme Jos\u00e9phine GUIGLIANO-BOUTONNET, sous-pr\u00e9f\u00e8te, directrice de cabinet du pr\u00e9fet du  \nVar ;\nVu le d\u00e9cret du Pr\u00e9sident de la R\u00e9publique du 21 septembre 2024 portant nomination de  \nM.  Jean-Baptiste  MORINAUD,  sous-pr\u00e9fet  charg\u00e9  de  mission  aupr\u00e8s  du  pr\u00e9fet  du  Var, \nsecr\u00e9taire g\u00e9n\u00e9ral adjoint de la pr\u00e9fecture du Var ;\nVu le d\u00e9cret du Pr\u00e9sident de la R\u00e9publique du 14 novembre 2024 portant nomination de Mme \nAnne-Cecile VIALLE, sous-pr\u00e9f\u00e8te de l'arrondissement de Brignoles ;\nVu le d\u00e9cret du Pr\u00e9sident de la R\u00e9publique du 15 mai 2025 portant nomination de M. Simon  \nBABRE, pr\u00e9fet du Var ;\nVu  l'arr\u00eat\u00e9  pr\u00e9fectoral  n\u00b02020/96/MCI  du  29  d\u00e9cembre  2020  portant  organisation  du \nsecr\u00e9tariat  g\u00e9n\u00e9ral  commun  d\u00e9partemental  du  Var,  modifi\u00e9  par  l'arr\u00eat\u00e9  pr\u00e9fectoral  \nn\u00b02022/18/MCI du 10 juin 2022  et par l'arr\u00eat\u00e9 pr\u00e9fectoral  n\u00b0 2022/45/ MCI du 7 novembre  \n2022 ;\nVu l'arr\u00eat\u00e9 pr\u00e9fectoral n\u00b02024/43/MCI du 30 d\u00e9cembre 2024 portant organisation des services \nde la pr\u00e9fecture du Var ;\nSur proposition du secr\u00e9taire g\u00e9n\u00e9ral de la pr\u00e9fecture,\nARR\u00caTE :\nARTICLE  1 : D\u00e9l\u00e9gation  est  donn\u00e9e,  en  qualit\u00e9  d'ordonnateur  secondaire  d\u00e9l\u00e9gu\u00e9,  \u00e0 \nM.  Lucien  GIUDICELLI,  secr\u00e9taire  g\u00e9n\u00e9ral  de  la  pr\u00e9fecture  du  Var,  sous-pr\u00e9fet  de  \nl'arrondissement de Toulon, aux fins de proc\u00e9der \u00e0 toutes les op\u00e9rations et de signer tous les  \nactes se traduisant par l'ordonnancement secondaire des recettes et des d\u00e9penses de l'\u00c9tat  \npour les cr\u00e9dits ex\u00e9cut\u00e9s \u00e0 l'\u00e9chelon d\u00e9partemental, notamment les march\u00e9s et les arr\u00eat\u00e9s  \nattributifs de subvention ou d'allocation relevant de tous les programmes.\nCette d\u00e9l\u00e9gation porte sur l'engagement, la liquidation et le mandatement des d\u00e9penses,  \nainsi que sur l'\u00e9mission et la signature des titres de recettes.\nSont exclus de la d\u00e9l\u00e9gation les actes de r\u00e9quisition du comptable public assignataire et les  \nd\u00e9cisions de passer outre au refus de visa du contr\u00f4leur budg\u00e9taire local. \nARTICLE 2 : D\u00e9l\u00e9gation est donn\u00e9e \u00e0 M. Jean-Baptiste MORINAUD , secr\u00e9taire g\u00e9n\u00e9ral adjoint \nde la pr\u00e9fecture du Var, sous-pr\u00e9fet charg\u00e9 de mission aupr\u00e8s du pr\u00e9fet du Var,  aux fins de  \nsigner, dans son domaine de comp\u00e9tence, tous actes, documents ou d\u00e9cisions se traduisant  \npar l'ordonnancement secondaire des recettes et des d\u00e9penses de l'\u00c9tat et imput\u00e9es sur les  \nprogrammes suivants :\n 2/8\nPr\u00e9fecture du VAR - 83-2025-06-02-00036 - ARR\u00caT\u00c9 PR\u00c9FECTORAL n\u00b02025/04/MCI du 5 f\u00e9vrier 2025 portant d\u00e9l\u00e9gation de signature\npour l'ordonnancement secondaire\ndes d\u00e9penses et des recettes\nde la pr\u00e9fecture de TOULON et des sous-pr\u00e9fectures de DRAGUIGNAN et BRIGNOLES\nimput\u00e9es sur le budget de l'\u00c9tat\n109\n\uf0a7 147  \u00ab  Politique de la ville \u00bb ;\n\uf0a7 177 \u00ab Pr\u00e9vention de l'exclusion et insertion des personnes vuln\u00e9rables \u00bb;\n\uf0a7 135 \u00ab Urbanisme, territoires et am\u00e9lioration de l'habitat \u00bb ;\n\uf0a7 216 \u00ab Conduite et pilotage des politiques de l'int\u00e9rieur  \u00bb, en ce qu'elles concernent  \nl'action 6 \u00ab  Conseil juridique et traitement du contentieux  \u00bb, hors d\u00e9penses d'action  \nsociale ;\n\uf0a7 303 \u00ab Immigration et asile \u00bb ;\n\uf0a7 104 \u00ab Int\u00e9gration et acc\u00e8s \u00e0 la nationalit\u00e9 fran\u00e7aise \u00bb;\n\uf0a7 304 \u00ab Inclusion sociale et protection des personnes \u00bb ;\n\uf0a7 157 \u00abHandicap et d\u00e9pendance\u00bb;\n\uf0a7 129 \u00abLutte contre le racisme, l'antis\u00e9mitisme et la haine anti-LGBT\u00bb.\nEn  cas  d'absence  ou  d'emp\u00eachement  de  M.  Jean-Baptiste  MORINAUD,  la  d\u00e9l\u00e9gation  de \nsignature qui lui est consentie au titre du pr\u00e9sent article est exerc\u00e9e par par Mme Sandrine  \nPOLYCHRONOPOULOS, directrice d\u00e9partementale de l'emploi, du travail et des solidarit\u00e9s du \nVar.\nARTICLE 3 : D\u00e9l\u00e9gation est donn\u00e9e \u00e0 Mme Jos\u00e9phine GUIGLIANO-BOUTONNET, sous-pr\u00e9f\u00e8te, \ndirectrice de cabinet du pr\u00e9fet du Var, aux fins de signer, dans son domaine de comp\u00e9tence,  \ntous  actes,  documents  ou  d\u00e9cisions  se  traduisant  par  l'ordonnancement  secondaire  des \nrecettes et des d\u00e9penses de l'\u00c9tat et imput\u00e9es sur les programmes suivants :\n\uf0a7 122 \"Concours sp\u00e9cifiques et administration\" ;\n\uf0a7 129 \"Coordination du travail gouvernemental\" (MILDECA) ;\n\uf0a7 161 \"S\u00e9curit\u00e9 civile\" ;\n\uf0a7 207 \"S\u00e9curit\u00e9 et \u00e9ducation routi\u00e8res\" ;\n\uf0a7 216 \"Conduite et pilotage des politiques de l'int\u00e9rieur\", hors d\u00e9penses d'action sociale.\nARTICLE  4 : D\u00e9l\u00e9gation  est  donn\u00e9e  \u00e0  M  Vincent  BARASTIER,  attach\u00e9  hors  classe  \nd'administration de l'\u00c9tat, directeur des s\u00e9curit\u00e9s, aux fins de signer tous actes, documents ou \nd\u00e9cisions se traduisant par l'ordonnancement secondaire des recettes et des d\u00e9penses de  \nl'\u00c9tat relevant des attributions et du fonctionnement  de cette direction et imput\u00e9es sur les  \nprogrammes suivants : \n\uf0a7 122 \"Concours sp\u00e9cifiques et administration\"  ;\n\uf0a7 129 \"Coordination du travail gouvernemental\" (MILDECA) ;\n\uf0a7 161 \"S\u00e9curit\u00e9 civile\" ;\n\uf0a7 207 \"S\u00e9curit\u00e9 et \u00e9ducation routi\u00e8res\" ;\n\uf0a7 216 \"Conduite et pilotage des politiques de l'int\u00e9rieur\", hors d\u00e9penses d'action sociale.\n \n3/8\nPr\u00e9fecture du VAR - 83-2025-06-02-00036 - ARR\u00caT\u00c9 PR\u00c9FECTORAL n\u00b02025/04/MCI du 5 f\u00e9vrier 2025 portant d\u00e9l\u00e9gation de signature\npour l'ordonnancement secondaire\ndes d\u00e9penses et des recettes\nde la pr\u00e9fecture de TOULON et des sous-pr\u00e9fectures de DRAGUIGNAN et BRIGNOLES\nimput\u00e9es sur le budget de l'\u00c9tat\n110\nEn cas d'absence ou d'emp\u00eachement de M. Vincent BARASTIER,  la d\u00e9l\u00e9gation de signature  \nqui lui est accord\u00e9e au titre du pr\u00e9sent article, est exerc\u00e9e par Mme Audrey BORGO, c heffe \ndu Cabinet, directrice adjointe des s\u00e9curit\u00e9s.\nEn cas d'absence ou d'emp\u00eachement de M. Vincent BARASTIER et de Mme Audrey BORGO, la \nd\u00e9l\u00e9gation de signature qui leur est accord\u00e9e au titre du pr\u00e9sent article, est exerc\u00e9e par :\n   \n- M. R\u00e9mi PIERRET, attach\u00e9 d'administration de l'\u00c9tat, chef du bureau de la s\u00e9curit\u00e9 publique,  \nMme Sandrine DE RIDDER, attach\u00e9e d'administration de l'\u00c9tat, adjointe au chef du bureau de \nla s\u00e9curit\u00e9 publique, dans la limite de leurs attributions relevant des programmes 122, 129 et \n216 exclusivement ;\n- Mme H\u00e9l\u00e8ne ADELAIDE, secr\u00e9taire administratif de classe sup\u00e9rieure, cheffe de la section  \n\u00ab Pr\u00e9vention de la d\u00e9linquance \u00bb et Mme France FOUGERE, adjointe administrative principale  \n2\u00e8me classe, pour les programmes 129 et 216 exclusivement ;\n- Mme La\u00ebtitia PELLISSIER. attach\u00e9e d'administration de l'\u00c9tat, cheffe du bureau des polices  \nadministratives  de  s\u00e9curit\u00e9,  dans  la  limite  des  attributions  de  ce  bureau  et  relevant  du \nprogramme 216 exclusivement ;\n- Mme C\u00e9line PAGE, secr\u00e9taire administrative de classe exceptionnelle, adjointe \u00e0 la cheffe du \nservice i nterminist\u00e9riel de d\u00e9fense et de protection civile, dans la limite de ses attributions  \nrelevant du programme 161 exclusivement ;\n- Mme Sophie BARASTIER, attach\u00e9e principale d'administration de l'\u00c9tat, cheffe du service de  \nl'\u00e9ducation et de la s\u00e9curit\u00e9 routi\u00e8res, M. Thierry LE GRAND, attach\u00e9 d'administration de  \nl'\u00c9tat,  M.  St\u00e9phane  C\u00c9SARI,  Technicien  sup\u00e9rieur  en  chef  du  d\u00e9veloppement  durable, \nM. Dominique THIEL, d\u00e9l\u00e9gu\u00e9 au permis de conduire et \u00e0 la s\u00e9curit\u00e9 routi\u00e8re, M. Roland  \nESQUIVA,  inspecteur  des  permis  de  conduire  et  de  la  s\u00e9curit\u00e9  routi\u00e8re  de  1\u00e8re  classe, \nMme Isabelle DELECOURT, adjointe administrative principale de 1\u00e8re classe, Mme Isabelle  \nBOURIQUAT, adjointe administrative principale de 1\u00e8re classe, pour effectuer tous les actes et \nop\u00e9rations d'ordonnancement de la d\u00e9pense (saisie, validation, certification de service fait,  \nordre \u00e0 payer) dans les applications Chorus Formulaires et Chorus DT ainsi que la consultation \ndans Chorus-coeur, dans la limite des attributions de ce service et relevant du programme 207 \nexclusivement.\nARTICLE 5 : D\u00e9l\u00e9gation est donn\u00e9e \u00e0 Mme Myriam GARCIA, sous-pr\u00e9f\u00e8te de l'arrondissement \nde  DRAGUIGNAN,  aux fins de signer tous actes, documents ou d\u00e9cisions se traduisant par  \nl'ordonnancement secondaire des recettes et des d\u00e9penses de l'\u00c9tat relevant des attributions \net du fonctionnement des services et de la r\u00e9sidence de la sous-pr\u00e9fecture et imput\u00e9es sur les \nprogrammes suivants :\n\uf0a7 216 \"Conduite et pilotage des politiques de l'int\u00e9rieur\", en ce qu'elles concernent  \nl'action 6  \"Conseil juridique et traitement du contentieux\" .\nEn cas d'absence ou d'emp\u00eachement de Mme Myriam GARCIA, la d\u00e9l\u00e9gation qui lui est  \naccord\u00e9e  au  titre  du  pr\u00e9sent  article  est  exerc\u00e9e  par  M.  Philippe  SAVIGNAT,  conseiller \nd'administration de l'int\u00e9rieur et de l'outre-mer, secr\u00e9taire g\u00e9n\u00e9ral de la sous-pr\u00e9fecture de  \nDRAGUIGNAN, en ce qui concerne le programme 216. \n 4/8\nPr\u00e9fecture du VAR - 83-2025-06-02-00036 - ARR\u00caT\u00c9 PR\u00c9FECTORAL n\u00b02025/04/MCI du 5 f\u00e9vrier 2025 portant d\u00e9l\u00e9gation de signature\npour l'ordonnancement secondaire\ndes d\u00e9penses et des recettes\nde la pr\u00e9fecture de TOULON et des sous-pr\u00e9fectures de DRAGUIGNAN et BRIGNOLES\nimput\u00e9es sur le budget de l'\u00c9tat\n111\nMme Christelle CHARLES, secr\u00e9taire administrative de classe sup\u00e9rieure, responsable de la  \nsection  logement/expulsion,  a  en  charge  d' effectuer  les  actes  et  op\u00e9rations  \nd'ordonnancement  de  la  d\u00e9pense  (saisie,  validation,  certification  de  service  fait,  ordre  \u00e0 \npayer) dans l'application Chorus Formulaires dans la limite exclusive de ce programme.\nARTICLE  6 :  D\u00e9l\u00e9gation  est  donn\u00e9e  \u00e0  Mme  Anne-Cecile  VIALLE,  sous-pr\u00e9f\u00e8te  de  \nl'arrondissement de BRIGNOLES,  aux fins de signer tous actes, documents ou d\u00e9cisions se  \ntraduisant par l'ordonnancement secondaire des recettes et des d\u00e9penses de l'\u00c9tat relevant  \ndes attributions et du fonctionnement des services et de la r\u00e9sidence de la sous-pr\u00e9fecture et \nimput\u00e9es sur les programmes suivants :\n\uf0a7 216 \"Conduite et pilotage des politiques de l'int\u00e9rieur\", en ce qu'elles concernent  \nl'action 6 \"Conseil juridique et traitement du contentieux\" ;\nEn cas d'absence ou d'emp\u00eachement de Mme Anne-C\u00e9cile VIALLE, la d\u00e9l\u00e9gation de signature \nqui  lui  est  accord\u00e9e  au  titre  du  pr\u00e9sent  article  est  exerc\u00e9e  par M.  Serge  ORTIS,  attach\u00e9 \nprincipal d'administration de l'\u00c9tat, secr\u00e9taire g\u00e9n\u00e9ral de la sous-pr\u00e9fecture de BRIGNOLES,  \nen ce qui concerne le programme 216.\nEn cas d'absence ou d'emp\u00eachement de  M. Serge ORTIS , d\u00e9l\u00e9gation est donn\u00e9e, dans les  \nm\u00eames conditions et sous son contr\u00f4le, \u00e0 : \n- Monsieur GUILBERT Pascal, secr\u00e9taire administratif de classe exceptionnelle, chef du  \nBureau de l'Administration et la R\u00e9glementation G\u00e9n\u00e9rale, pour tous les actes de gestion  \ndans chorus formulaires.\nARTICLE 7  :  D\u00e9l\u00e9gation est donn\u00e9e \u00e0 M. Thibaut DARGON, conseiller d'administration de  \nl'Int\u00e9rieur et de l'outre-mer,  directeur de la citoyennet\u00e9 et de la l\u00e9galit\u00e9,  aux fins de signer  \ntous  actes,  documents  ou  d\u00e9cisions  se  traduisant  par  l'ordonnancement  secondaire  des \nrecettes et des d\u00e9penses de l'\u00c9tat relevant des attributions et du fonctionnement  de cette  \ndirection et imput\u00e9es sur les programmes suivants :\n\u2022 119 \u00ab  Concours financiers aux communes et groupements de communes \u00bb;\n\u2022 122 \"Concours sp\u00e9cifiques et administration\" ;\n\u2022 176 \"Police nationale  en ce qu'elles concernent les demandes de remboursement de  \nfrais d'indemnisation des gardiens de fourri\u00e8res automobiles\" ;\n\u2022 216 \"Conduite et pilotage des politiques de l'int\u00e9rieur\", en ce qu'elles concernent les  \nd\u00e9penses de contentieux de la direction de la citoyennet\u00e9 et de la l\u00e9galit\u00e9 ;\n\u2022 218  \"Conduite  et  pilotage  des  politiques  \u00e9conomique  et  financi\u00e8re\" en  ce  qu'elles \nconcernent  les  frais  d'organisation  des  \u00e9lections  des  juges  des  tribunaux  de  \ncommerce ;\n\u2022 232 \"Vie politique, cultuelle et associative\", dans la limite de 15 000 \u20ac TTC ;\n\u2022 754 \"Contribution \u00e0 l'\u00e9quipement des collectivit\u00e9s territoriales pour l'am\u00e9lioration des  \ntransports en commun, de la s\u00e9curit\u00e9 et de la circulation routi\u00e8res\".\nEn cas d'absence ou d'emp\u00eachement de M. Thibaut DARGON, la d\u00e9l\u00e9gation de signature qui  \nlui est accord\u00e9e au titre du pr\u00e9sent article est exerc\u00e9e par : \n5/8\nPr\u00e9fecture du VAR - 83-2025-06-02-00036 - ARR\u00caT\u00c9 PR\u00c9FECTORAL n\u00b02025/04/MCI du 5 f\u00e9vrier 2025 portant d\u00e9l\u00e9gation de signature\npour l'ordonnancement secondaire\ndes d\u00e9penses et des recettes\nde la pr\u00e9fecture de TOULON et des sous-pr\u00e9fectures de DRAGUIGNAN et BRIGNOLES\nimput\u00e9es sur le budget de l'\u00c9tat\n112\n- M. Lionel GARENTE, attach\u00e9 principal d'administration de l'\u00c9tat, chef du bureau du contr\u00f4le  \nde l\u00e9galit\u00e9 et de l'intercommunalit\u00e9, adjoint au directeur, pour les d\u00e9penses  li\u00e9es \u00e0 l'exercice \ndes  attributions  de  ce  bureau  et  relevant  du  programme  216 exclusivement,  ou,  en  cas \nd'absence  ou  d'emp\u00eachement  de  celui-ci,  par  Mme  Rachel  BOURDARIAT,  attach\u00e9e  \nd'administration de l'\u00c9tat, adjointe au chef de bureau ;\n- Mme Laure RESSEGUIER, attach\u00e9e d'administration de l'\u00c9tat, cheffe du bureau des finances  \nlocales, pour les d\u00e9penses li\u00e9es \u00e0 l'exercice des attributions de ce bureau et relevant des  \nprogrammes 119, 122, 216, 754 et 833 exclusivement, ou, en cas d'absence ou d'emp\u00eachement \nde celle-ci, par M. Jean-Fran\u00e7ois RUIZ, secr\u00e9taire administratif de classe sup\u00e9rieure, adjoint \u00e0 la \ncheffe de bureau ;\nD\u00e9l\u00e9gation  est  \u00e9galement  donn\u00e9e  \u00e0  Mme  Morgane  JAMET-MOREAU,  secr\u00e9taire \nadministrative de classe normale, charg\u00e9e du contr\u00f4le budg\u00e9taire et des concours  \nfinanciers  aux  collectivit\u00e9s  territoriales,  et  \u00e0  Mme  Nathalie  CLEMENT,  secr\u00e9taire \nadministrative  de  classe  exceptionnelle,  charg\u00e9e  du  contr\u00f4le  budg\u00e9taire  et  des \nconcours  financiers  aux  collectivit\u00e9s  territoriales,  pour  effectuer  tous  les  actes  et \nop\u00e9rations  d'ordonnancement  de  la  d\u00e9pense  (saisie,  validation,  certification  de \nservice  fait,  ordre  \u00e0  payer)  dans  l'application  Chorus  Formulaires  ainsi  que  la \nconsultation dans Chorus-coeur, dans la limite des attributions du bureau. \n- M. Thibaud RIVIECCIO , attach\u00e9 d'administration de l'\u00c9tat, chef de bureau des \u00e9lections et  \nde la r\u00e9glementation g\u00e9n\u00e9rale, pour les d\u00e9penses li\u00e9es \u00e0 l'exercice des attributions de ce  \nbureau et relevant des p rogrammes 216, 218, 232 et 176 exclusivement, et dans la limite de 2  \n300 \u20ac TTC pour ces trois derniers programmes, ou, en cas d'absence ou d'emp\u00eachement de  \ncelui-ci, par Mme Chantal HERNANDEZ, attach\u00e9e d'administration de l'\u00c9tat, adjointe au chef  \nde bureau, dans la m\u00eame limite de ce montant.\nD\u00e9l\u00e9gation est \u00e9galement donn\u00e9e \u00e0 M. Thomas GRIMMELPONT, secr\u00e9taire administratif de  \nclasse  normale,  chef  de  la  section  \u00ab \u00e9lections \u00bb,  et  Mme  Carine  CHIMENTO,  adjointe \nadministrative de 2\u00e8me classe, gestionnaire des \u00e9lections, pour effectuer tous les actes et  \nop\u00e9rations d'ordonnancement de la d\u00e9pense (saisie, validation, certification de service fait,  \nordre \u00e0 payer) dans les applications Chorus Formulaires et m\u00e9tiers ainsi que la consultation  \ndans Chorus-coeur,  pour les d\u00e9penses li\u00e9es \u00e0 l'exercice des attributions de ce bureau et  \nrelevant des programmes 218 et 232 exclusivement.\nD\u00e9l\u00e9gation est \u00e9galement donn\u00e9e \u00e0 M. Jean-Manuel PAIS, agent contractuel, chef de la section \n\u00ab r\u00e9glementation g\u00e9n\u00e9rale \u00bb et Mme Silvana BIANCOTTO, secr\u00e9taire administratif de classe  \nnormale,  agent  de  la  section  r\u00e9glementation  g\u00e9n\u00e9rale,  pour  effectuer  tous  les  actes  et \nop\u00e9rations d'ordonnancement de la d\u00e9pense (saisie, validation, certification de service fait,  \nordre \u00e0 payer) dans les applications Chorus Formulaires et m\u00e9tiers ainsi que la consultation  \ndans Chorus-coeur,  pour les d\u00e9penses li\u00e9es \u00e0 l'exercice des attributions de ce bureau et  \nrelevant du programme 176 exclusivement.\nARTICLE 8 : D\u00e9l\u00e9gation est donn\u00e9e \u00e0 Mme M\u00e9lanie COLLAR, conseill\u00e8re d'administration de \nl'int\u00e9rieur  et  de  l'outre-mer,  directrice  de  la  coordination  des  politiques  publiques  et  de \nl'appui  territorial  (DCPPAT)  aux  fins  de  signer  tous  actes,  documents  ou  d\u00e9cisions  se \ntraduisant par l'ordonnancement secondaire des recettes et des d\u00e9penses de l'\u00c9tat relevant  \ndes attributions  et du fonctionnement  de cette direction et imput\u00e9es sur les programmes  \nsuivants :\n 6/8\nPr\u00e9fecture du VAR - 83-2025-06-02-00036 - ARR\u00caT\u00c9 PR\u00c9FECTORAL n\u00b02025/04/MCI du 5 f\u00e9vrier 2025 portant d\u00e9l\u00e9gation de signature\npour l'ordonnancement secondaire\ndes d\u00e9penses et des recettes\nde la pr\u00e9fecture de TOULON et des sous-pr\u00e9fectures de DRAGUIGNAN et BRIGNOLES\nimput\u00e9es sur le budget de l'\u00c9tat\n113\n\u2022 112 \u00abImpulsion et coordination de la politique d'am\u00e9nagement du territoire  \u00bb ;\n\u2022 119 \u00ab  Concours financiers aux communes et groupements de communes \u00bb;\n\u2022 122 \u00ab Concours sp\u00e9cifiques et administration \u00bb ;\n\u2022 216  \u00ab Conduite  et  pilotage  des  politiques  de  l'int\u00e9rieur \u00bb,  hors  d\u00e9penses  d'action \nsociale ;\n\u2022 362 \u00ab Plan de relance - \u00e9cologie \u00bb;\n\u2022 363 \u00ab Comp\u00e9titivit\u00e9 \u00bb ;\n\u2022 364 \" Coh\u00e9sion\"  ;\n\u2022 380 \u00ab Fonds d'acc\u00e9l\u00e9ration de la transition \u00e9cologique \u00bb ;\nEn cas d'absence ou d'emp\u00eachement de Mme M\u00e9lanie COLLAR, la d\u00e9l\u00e9gation de signature qui \nlui est accord\u00e9e au titre du pr\u00e9sent article est exerc\u00e9e par :\n- M. David DOLIQUE, attach\u00e9 principal d'administration, chef du bureau de l'environnement  \net  du  d\u00e9veloppement  durable,  adjoint  \u00e0  la  directrice de  la  coordination  des  politiques \npubliques et de l'appui territorial, pour les d\u00e9penses  li\u00e9es \u00e0 l'exercice des attributions de ce  \nbureau et relevant du programme 216  exclusivement. En cas  d'absence ou d'emp\u00eachement  \nde celui-ci, par Mme Catherine FALOURD, attach\u00e9e d'administration de l'\u00c9tat, adjointe au  \nchef de bureau ; \n- Mme Catherine LEPECUCHEL, attach\u00e9e d'administration de l'\u00c9tat, cheffe du b ureau des  \nsubventions d'investissement (BSI), aux fins de signer tous actes, documents ou d\u00e9cisions se  \ntraduisant par l'ordonnancement secondaire des recettes et des d\u00e9penses de l'\u00c9tat, relevant  \ndes attributions et du fonctionnement du bureau et imput\u00e9es sur les programmes suivants :\n\u25aa 112 \u00abImpulsion et coordination de la politique d'am\u00e9nagement du territoire\u00bb ;\n\u25aa 119 \u00ab Concours financiers aux communes et groupements de communes \u00bb;\n\u25aa 122 \u00ab Concours sp\u00e9cifiques et administration\u00bb ;\n\u25aa 362 \u00ab Plan de relance - \u00e9cologie \u00bb;\n\u25aa 363 \u00ab comp\u00e9titivit\u00e9\u00bb ;\n\u25aa 364 \" Coh\u00e9sion\"  ;\n\u25aa 380 \u00ab Fonds d'acc\u00e9l\u00e9ration de la transition \u00e9cologique\u00bb.\nAinsi que :\n\u2022 la validation des demandes de subventions et la constatation et la certification des  \nservices faits dans l'application Chorus formulaires ;\n\u2022 la visualisation des actes de gestion dans l'application Chorus Coeur ;\nD\u00e9l\u00e9gation est \u00e9galement donn\u00e9e, pour tous les actes de gestion dans Chorus Formulaires et  \nChorus Coeur , \u00e0  Mme Agn\u00e8s HELUIN et Mme Martine LUBRANO, adjointes administratives  \nprincipales de 1\u00e8re classe. \n  \nARTICLE 9 : D\u00e9l\u00e9gation est donn \u00e9e \u00e0 M. Emmanuel SADOUX,  conseiller d'administration de  \nl'int\u00e9rieur et de l'outre-mer,  directeur des titres d'identit\u00e9 et de l'immigration , aux fins de  \nsigner tous actes, documents ou d\u00e9cisions se traduisant par l'ordonnancement secondaire des \nrecettes et des d\u00e9penses de l'\u00c9tat relevant des attributions  et du fonctionnement  de la  \ndirection des titres d'identit\u00e9 et de l'immigration et imput\u00e9es sur les programmes suivants :\n7/8\nPr\u00e9fecture du VAR - 83-2025-06-02-00036 - ARR\u00caT\u00c9 PR\u00c9FECTORAL n\u00b02025/04/MCI du 5 f\u00e9vrier 2025 portant d\u00e9l\u00e9gation de signature\npour l'ordonnancement secondaire\ndes d\u00e9penses et des recettes\nde la pr\u00e9fecture de TOULON et des sous-pr\u00e9fectures de DRAGUIGNAN et BRIGNOLES\nimput\u00e9es sur le budget de l'\u00c9tat\n114\n\u2022 216  \"Conduite  et  pilotage  des  politiques  de  l'int\u00e9rieur\"  en  ce  qu'elles  concernent \nl'action 6 \"Conseil juridique et traitement du contentieux\" ;\nEn cas d'absence ou d'emp\u00eachement de M. Emmanuel SADOUX , la d\u00e9l\u00e9gation de signature  \nqui lui est accord\u00e9e au titre du pr\u00e9sent article est exerc\u00e9e par  Mme Anne-Sophie GADIN,  \nattach\u00e9e  d'administration  de  l'\u00c9tat,  adjointe  au  chef  du  CERT  pour  ce  qui  concerne  les \nattributions du CERT et par  M. Thomas LORMAILLE, attach\u00e9 principal d'administration de  \nl'\u00c9tat, chef du bureau de l'immigration , pour ce qui concerne les attributions du bureau de  \nl'immigration. \nD\u00e9l\u00e9gation est \u00e9galement donn\u00e9e, pour tous les actes de gestion dans chorus formulaires, \u00e0 :\n- Mme Coralie OTULAKOWSKI, attach\u00e9e d'administration de l'\u00c9tat, adjointe au chef du\n  bureau de l'immigration\n- Mme Anne BELLEC, bureau de l'immigration\n- Mme Marie-Christine CLOTAIRE, bureau de l'immigration\n- Mme Caroline RAYMOND, bureau de l'immigration.\nARTICLE  10     :   Le  secr\u00e9taire  g\u00e9n\u00e9ral  de  la  pr\u00e9fecture  du  Var,  la  sous-pr\u00e9f\u00e8te,  directrice  de \ncabinet, le secr\u00e9taire g\u00e9n\u00e9ral adjoint de la pr\u00e9fecture du Var, sous-pr\u00e9fet charg\u00e9 de mission  \naupr\u00e8s du pr\u00e9fet ,  la  sous-pr\u00e9f\u00e8te de l'arrondissement de DRAGUIGNAN, la sous-pr\u00e9f\u00e8te de  \nl'arrondissement de BRIGNOLES, sont charg\u00e9s, chacun en ce qui le concerne, de l'ex\u00e9cution  \ndu pr\u00e9sent arr\u00eat\u00e9 qui sera publi\u00e9 au recueil des actes administratifs de la pr\u00e9fecture du Var.\nFait \u00e0 Toulon, le 2 juin 2025\nPr\u00e9fet du Var\nSign\u00e9\nSimon BABRE\n                    \n 8/8\nPr\u00e9fecture du VAR - 83-2025-06-02-00036 - ARR\u00caT\u00c9 PR\u00c9FECTORAL n\u00b02025/04/MCI du 5 f\u00e9vrier 2025 portant d\u00e9l\u00e9gation de signature\npour l'ordonnancement secondaire\ndes d\u00e9penses et des recettes\nde la pr\u00e9fecture de TOULON et des sous-pr\u00e9fectures de DRAGUIGNAN et BRIGNOLES\nimput\u00e9es sur le budget de l'\u00c9tat\n115\nPr\u00e9fecture du VAR\n83-2025-06-02-00005\nARR\u00caT\u00c9 PR\u00c9FECTORAL n\u00b02025/14/MCI du 2 juin\n2025 portant d\u00e9l\u00e9gation de signature \u00e0\nMme Jos\u00e9phine GUIGLIANO-BOUTONNET,\ndirectrice de Cabinet du pr\u00e9fet du Var\nPr\u00e9fecture du VAR - 83-2025-06-02-00005 - ARR\u00caT\u00c9 PR\u00c9FECTORAL n\u00b02025/14/MCI du 2 juin 2025 portant d\u00e9l\u00e9gation de signature \u00e0\nMme Jos\u00e9phine GUIGLIANO-BOUTONNET, directrice de Cabinet du pr\u00e9fet du Var 116\n=mPREFETDU VARLibert\u00e9Egalit\u00e9Fraternit\u00e9\nDirection de la coordination des politiques publiques\net de l'appui territorial\nMission de coordination interminist\u00e9rielle\nARR\u00caT\u00c9 PR\u00c9FECTORAL n\u00b02025/14/MCI du 2 juin 2025 \nportant d\u00e9l\u00e9gation de signature \u00e0 \nMme Jos\u00e9phine GUIGLIANO-BOUTONNET, directrice de Cabinet du pr\u00e9fet du Var\nLe Pr\u00e9fet du Var,\nChevalier de la L\u00e9gion d'Honneur,\nChevalier de l'Ordre National du M\u00e9rite,\nVu la loi n\u00b0 82-213 du 2 mars 1982 modifi\u00e9e, relative aux droits et libert\u00e9s des communes, des  \nd\u00e9partements et des r\u00e9gions ;\nVu la loi n\u00b0 83-8 du 7 janvier 1983 modifi\u00e9e, relative \u00e0 la r\u00e9partition des comp\u00e9tences entre les \ncommunes, les d\u00e9partements, les r\u00e9gions et l'\u00c9tat ;\nVu  la  loi  d'orientation  n\u00b0  92-125  du  6  f\u00e9vrier  1992  modifi\u00e9e  relative  \u00e0  l'administration \nterritoriale de la R\u00e9publique ;\nVu la loi n\u00b0 2004-809 du 13 ao\u00fbt 2004 modifi\u00e9e relative aux libert\u00e9s et responsabilit\u00e9s locales ;\nVu  le  d\u00e9cret  n\u00b0  2004-374  du  29  avril  2004  modifi\u00e9  relatif  aux  pouvoirs  des  pr\u00e9fets,  \u00e0 \nl'organisation et \u00e0 l'action des services de l'\u00c9tat dans les r\u00e9gions et d\u00e9partements ;\nVu le d\u00e9cret n\u00b0 2015-510 du 7 mai 2015 portant charte de la d\u00e9concentration ;\nVu  le  d\u00e9cret  du  Pr\u00e9sident  de  la  R\u00e9publique  du  15  avril  2022  portant  nomination  de \nM.  Lucien  GIUDICELLI,  secr\u00e9taire  g\u00e9n\u00e9ral  de  la  pr\u00e9fecture  du  Var,  sous-pr\u00e9fet  de  \nl'arrondissement de Toulon ; \nVu  le  d\u00e9cret  du  Pr\u00e9sident  de  la  R\u00e9publique  du  3  avril  2024  portant  nomination  de \nMme Jos\u00e9phine GUIGLIANO-BOUTONNET, sous-pr\u00e9f\u00e8te, directrice de cabinet du pr\u00e9fet du  \nVar ;\nVu le d\u00e9cret du Pr\u00e9sident de la R\u00e9publique du 15 mai 2025 portant nomination de M. Simon  \nBABRE, pr\u00e9fet du Var ;\nVu  l'arr\u00eat\u00e9  pr\u00e9fectoral  n\u00b02024/43/MCI  du  30  d\u00e9cembre  2024  portant  organisation  de  la \npr\u00e9fecture du Var ; \nSur proposition du secr\u00e9taire g\u00e9n\u00e9ral de la pr\u00e9fecture du Var,\nARR\u00caT\u00c9 :\nARTICLE 1\nD\u00e9l\u00e9gation est donn\u00e9e \u00e0  Mme Jos\u00e9phine GUIGLIANO-BOUTONNET, sous-pr\u00e9f\u00e8te, directrice  \nde cabinet du pr\u00e9fet du Var , \u00e0 l'effet de signer tous actes, arr\u00eat\u00e9s, d\u00e9cisions, m\u00e9moires en  \nd\u00e9fense, correspondances administratives et notes de service, dans les domaines relevant des \n1/8\nPr\u00e9fecture du VAR - 83-2025-06-02-00005 - ARR\u00caT\u00c9 PR\u00c9FECTORAL n\u00b02025/14/MCI du 2 juin 2025 portant d\u00e9l\u00e9gation de signature \u00e0\nMme Jos\u00e9phine GUIGLIANO-BOUTONNET, directrice de Cabinet du pr\u00e9fet du Var 117\nattributions du bureau de la repr\u00e9sentation de l'\u00c9tat, de la direction des s\u00e9curit\u00e9s et de la  \nd\u00e9l\u00e9gation d\u00e9partementale aux droits des femmes et \u00e0 l'\u00e9galit\u00e9, \u00e0 l'exclusion des r\u00e9quisitions  \ndes moyens militaires. \nARTICLE 2\nLorsque Mme Jos\u00e9phine GUIGLIANO-BOUTONNET assure le service de permanence institu\u00e9  \nconform\u00e9ment \u00e0 l'ordre des permanences fix\u00e9 par le pr\u00e9fet du Var, d\u00e9l\u00e9gation sp\u00e9ciale lui est \naccord\u00e9e \u00e0 l'effet de signer, pour l'ensemble du d\u00e9partement, tous arr\u00eat\u00e9s et toutes d\u00e9cisions \nrelevant des attributions de l'\u00c9tat dans le d\u00e9partement, notamment :\na) Les d\u00e9cisions de suspension provisoire imm\u00e9diate des permis de conduire ;\nb) Les mesures d'\u00e9loignement relevant de la comp\u00e9tence du repr\u00e9sentant de l'\u00c9tat dans le  \nd\u00e9partement  et  concernant  les  \u00e9trangers  s\u00e9journant  irr\u00e9guli\u00e8rement  sur  le  territoire \nfran\u00e7ais  ainsi  que  les  d\u00e9cisions  de  placement  en  r\u00e9tention  administrative  ou  \nd'assignation \u00e0 r\u00e9sidence des \u00e9trangers objet de ces mesures prises en application des  \ndispositions du code de l'entr\u00e9e et du s\u00e9jour des \u00e9trangers et du droit d'asile (CESEDA) ;\nc) Tout courrier relatif aux proc\u00e9dures d'\u00e9loignement concernant les \u00e9trangers s\u00e9journant  \nirr\u00e9guli\u00e8rement  sur  le  territoire  fran\u00e7ais,  y  compris  toute  requ\u00eate  adress\u00e9e  aux  \njuridictions en mati\u00e8re de r\u00e9tention administrative, notamment au juge des libert\u00e9s et  \nde  la  d\u00e9tention,  en  application  des  articles  L.  552-1  \u00e0  L.  552-8  du  CESEDA en  vue \nd'obtenir la prolongation de la r\u00e9tention administrative ;\nd) La d\u00e9livrance de passeports et de titres d'identit\u00e9 ;\ne) Les  arr\u00eat\u00e9s  pronon\u00e7ant  l'admission  sans  consentement  en  soins  psychiatriques  des \npersonnes dont les troubles mentaux n\u00e9cessitent des soins et compromettent la s\u00fbret\u00e9  \ndes  personnes  ou  portent  atteinte,  de  fa\u00e7on  grave,  \u00e0  l'ordre  public,  ainsi  que  les \noppositions  aux  demandes  d'autorisation  de  sortie  de  courte  dur\u00e9e  prises  en  \napplication de l'article L. 3211-11-1 du code de la sant\u00e9 publique ;\nf) La saisine du juge du tribunal judiciaire aux fins de contr\u00f4les des mesures de soins sans  \nconsentement\ng) La signature des m\u00e9moires   produits dans le cadre des audiences du juge judicaire en  \nmati\u00e8re de soins sans consentement \nh) Les gardes statiques et escortes de d\u00e9tenus.\ni) Les autorisations de transport de corps en dehors du territoire m\u00e9tropolitain ;\nD\u00e9l\u00e9gation lui est \u00e9galement donn\u00e9e pour signer toute r\u00e9quisition, toute requ\u00eate ou tout  \nm\u00e9moire  aupr\u00e8s  des  juridictions,  notamment  en  mati\u00e8re  de  r\u00e9tention  administrative,  \u00e0 \nl'exclusion des d\u00e9clinatoires de comp\u00e9tence et arr\u00eat\u00e9s de conflit.\nARTICLE 3\nD\u00e9l\u00e9gation est donn\u00e9e \u00e0 Mme Rebecca FERRARIS MORENO,  attach\u00e9e d'administration de  \nl'\u00c9tat, cheffe du bureau de la repr\u00e9sentation de l'\u00c9tat, aux fins de signer, dans les limites des  \nattributions de ce bureau, tous actes, documents et correspond ances ne pr\u00e9sentant pas un  \ncaract\u00e8re d\u00e9cisionnel.\nEn cas d'absence ou d'emp\u00eachement de Mme Rebecca FERRARIS MORENO, la d\u00e9l\u00e9gation qui \nlui  est  accord\u00e9e  par  le  pr\u00e9sent  article  est  exerc\u00e9e  dans  les  m\u00eames  conditions  par  \nMme Hannelore PAULET, secr\u00e9taire administrative de classe sup\u00e9rieure, adjointe \u00e0 la cheffe  \ndu bureau de la repr\u00e9sentation de l'\u00c9tat. \n2/8\nPr\u00e9fecture du VAR - 83-2025-06-02-00005 - ARR\u00caT\u00c9 PR\u00c9FECTORAL n\u00b02025/14/MCI du 2 juin 2025 portant d\u00e9l\u00e9gation de signature \u00e0\nMme Jos\u00e9phine GUIGLIANO-BOUTONNET, directrice de Cabinet du pr\u00e9fet du Var 118\nEst exclue du champ de cette d\u00e9l\u00e9gation la signature des requ\u00eates et m\u00e9moires aupr\u00e8s des  \njuridictions, des lettres circulaires et des lettres personnelles aux \u00e9lus.\nARTICLE 4\nD\u00e9l\u00e9gation est donn\u00e9e \u00e0 M. Vincent BARASTIER,  attach\u00e9 hors classe d'administration de  \nl'\u00c9tat, directeur des s\u00e9curit\u00e9s,  aux fins de signer,  dans les limites des attributions de cette  \ndirection, tous actes, documents et correspondances, notamment :\na)  les  autorisations  de  vente  au  d\u00e9tail  d'armes  hors  d'un  local  fixe  et  permanent,  les \nagr\u00e9ments d'armurier, les autorisations d'ouverture d'un commerce d'armes, les autorisations  \nde  recompl\u00e9tement  des  stocks  de  munitions  des  soci\u00e9t\u00e9s  de  convoyage  de  fonds,  les \nautorisations d'acquisition et de d\u00e9tention d'armes de cat\u00e9gorie B et les ports d'armes pour  \nles lieutenants de louveterie ;\nb) les accus\u00e9s de r\u00e9ception de demandes d'acquisition et de d\u00e9tention d'armes de cat\u00e9gorie  \nB,  les  accus\u00e9s  de  r\u00e9ception  de  demandes  de  renouvellement  de  d\u00e9tention  d'armes  de \ncat\u00e9gorie B valant autorisation provisoire de d\u00e9tention, les autorisations d'acquisition et de  \nd\u00e9tention d'armes de cat\u00e9gorie B et de munitions, les r\u00e9c\u00e9piss\u00e9s de d\u00e9claration d'acquisition  \nd'armes de cat\u00e9gorie C, les cartes europ\u00e9ennes d'armes \u00e0 feu ;\nc) l'agr\u00e9ment des agents asserment\u00e9s d'organismes publics ou priv\u00e9s, les autorisations de port \nd'armes des convoyeurs de fonds et des agents asserment\u00e9s des organismes publics ou priv\u00e9s, \nles autorisations d'acquisition, de d\u00e9tention et de port d'armes des organismes priv\u00e9s de  \ns\u00e9curit\u00e9  (protection  physique  arm\u00e9e  des  personnes  ou  mission  de  surveillance  ou  de \ngardiennage), des lieutenants de louveterie et des organismes de formation dispensant des  \nformations  \u00e0  une  activit\u00e9  priv\u00e9e  de  s\u00e9curit\u00e9,  les  autorisations  pr\u00e9alables  \u00e0  l'acc\u00e8s  aux \nformations aux m\u00e9tiers de l'armurerie et de l'armement ;\nd) 1\u00b0 pour l'arrondissement de Toulon :\nles  d\u00e9cisions  relatives  aux  demandes  d'agr\u00e9ment  des  policiers  municipaux  et  des \nassistants  temporaires  de  police  municipale,  le  visa  des  cartes  professionnelles  des \nagents  de  police  municipale,  les  conventions  de  coordination  entre  les  polices  \nmunicipales et les forces de s\u00e9curit\u00e9 int\u00e9rieure de l'\u00c9tat ;\n2\u00b0 pour le d\u00e9partement :\nles arr\u00eat\u00e9s d'autorisation d'acquisition et de d\u00e9tention d'armes et munitions d\u00e9livr\u00e9s aux \ncommunes  pour  l'armement  des  polices  municipales,  les  d\u00e9cisions  relatives  aux  \ndemandes d'autorisations de port d'armes pour les policiers municipaux, les d\u00e9cisions  \nrelatives aux demandes d'autorisations d'enregistrement audiovisuel des interventions  \ndes  policiers  municipaux  au  moyen  de  cam\u00e9ras  individuelles,  les  mutualisations  de \nplusieurs polices municipales, les visas des cartes professionnelles des garde-champ\u00eatres, \nles visas relatifs \u00e0 l'armement des garde-champ\u00eatres ;\ne) les r\u00e9c\u00e9piss\u00e9s de d\u00e9clarations de spectacles pyrotechniques, les interdictions de spectacles \npyrotechniques, les autorisations d'animation pyrotechnique dans les enceintes sportives, les  \nautorisations pr\u00e9alables \u00e0 l'acc\u00e8s aux formations d'explosifs, les certificats de qualification  \nd'artificier F4-T2, les agr\u00e9ments des artificiers ;\nf) les autorisations de manifestations a\u00e9riennes et des spectacles a\u00e9riens publics, les d\u00e9cisions \nrelatives aux demandes de  d\u00e9rogation aux hauteurs de survol,  les d\u00e9cisions relatives aux  \ndemandes  d'autorisations  de  survol  a\u00e9rien  en  zone  urbaine,  les  d\u00e9cisions  relatives  aux \n3/8\nPr\u00e9fecture du VAR - 83-2025-06-02-00005 - ARR\u00caT\u00c9 PR\u00c9FECTORAL n\u00b02025/14/MCI du 2 juin 2025 portant d\u00e9l\u00e9gation de signature \u00e0\nMme Jos\u00e9phine GUIGLIANO-BOUTONNET, directrice de Cabinet du pr\u00e9fet du Var 119\ndemandes d'habilitations des pilotes \u00e0 utiliser les h\u00e9lisurfaces ou hydrosurfaces, les r\u00e9c\u00e9piss\u00e9s \nde  d\u00e9claration  d'utilisation  d'un  a\u00e9ronef  t\u00e9l\u00e9-pilot\u00e9  (drone),  les  interdictions  suite  \u00e0  une \nd\u00e9claration d'utilisation d'un a\u00e9ronef t\u00e9l\u00e9-pilot\u00e9 (drone), les d\u00e9cisions relatives aux demandes  \nd'agr\u00e9ments des associations a\u00e9ronautiques (a\u00e9roclubs),  cr\u00e9ation de plateformes sanitaires,  \nd'h\u00e9listations,  cr\u00e9ation  d'h\u00e9lisurfaces,  \u00e0  l'exclusion  de  celles  situ\u00e9es  sur  le  territoire  des \ncommunes de la communaut\u00e9 de communes du golfe de Saint-Tropez, cr\u00e9ation d'altisurface,  \nd'avisurface, cr\u00e9ation et exploitation de plateforme r\u00e9serv\u00e9e \u00e0 la pratique des a\u00e9ronefs ULM,  \nzones d'interdiction de survol temporaire, d\u00e9rogations aux zones interdites \u00e0 la captation de  \ndonn\u00e9es relevant du ministre de l'Int\u00e9rieur ;\ng)  les  d\u00e9cisions  relatives  aux  transferts  de  licence  des  d\u00e9bits  de  boissons,  les  d\u00e9cisions \nrelatives aux demandes de d\u00e9rogation \u00e0 l'heure l\u00e9gale de fermeture tardive des d\u00e9bits de  \nboissons, les d\u00e9cisions et courriers relatifs \u00e0 la police administrative des d\u00e9bits de boissons,  \nles courriers d'observations et les fermetures administratives dans  le  cadre du contr\u00f4le \u00e0  \nposteriori des d\u00e9clarations faites en mairie, relatives aux d\u00e9bits de boissons \u00e0 consommer sur \nplace,  les  d\u00e9cisions  relatives  aux  demandes  d'agr\u00e9ments  des  organismes  dispensant  aux \nexploitants des d\u00e9bits de boissons une formation mentionn\u00e9e \u00e0 l'article L.3332-1-1 du code de \nla sant\u00e9 publique, mesures administratives \u00e0 l'encontre des \u00e9tablissements signal\u00e9s par les  \nservices des douanes (vente ill\u00e9gale de tabac) ;\nh) les d\u00e9cisions relatives aux demandes d'installation, de renouvellement ou de modification  \nd'un  syst\u00e8me  de  vid\u00e9oprotection,  les  r\u00e9c\u00e9piss\u00e9s  de  demande  d'installation,  de  \nrenouvellement ou de modification d'un syst\u00e8me de vid\u00e9oprotection ;\nLes d\u00e9cisions relatives \u00e0 l'agr\u00e9ment des personnels des collectivit\u00e9s territoriales et de leurs  \ngroupements proc\u00e9dant au visionnage des images de vid\u00e9oprotection ; \ni)  les  r\u00e9c\u00e9piss\u00e9s  de  d\u00e9clarations  de  manifestations  sportives,  assortis  d'\u00e9ventuelles  \nprescriptions ;\nj)  les autorisations d'exercice d'activit\u00e9s priv\u00e9es de s\u00e9curit\u00e9 sur la voie publique ;\nk)  les  habilitations  et  agr\u00e9ments  des  agents  de  s\u00fbret\u00e9  portuaire,  a\u00e9roportuaire  et  \nferroviaire ;\nl)  les  bons  de  commandes  et  certificats  d'acquisition  d'explosifs  et  de  d\u00e9tonateurs,  les \nagr\u00e9ments techniques d'installation ou de d\u00e9p\u00f4t d'explosifs, les autorisations d'exploitation  \nd'installation ou de d\u00e9p\u00f4t d'explosifs, les habilitations \u00e0 l'emploi pour les personnes charg\u00e9es  \nde la garde, la mise en \u0153uvre et le tir de produits explosifs, les autorisations d'utilisation de  \nproduits explosifs d\u00e8s r\u00e9ception, les agr\u00e9ments des personnels travaillant dans les installations \nfixes ou mobiles de produits explosifs et des personnes intervenant dans ces installations en  \nvue de l'entretien des \u00e9quipements de s\u00fbret\u00e9, les agr\u00e9ments de tir mortier ;\nm) les documents relatifs \u00e0 la gestion des cr\u00e9dits du BOP 207 ainsi que les documents et  \ncontrats ou avenants d'assurance relatifs au v\u00e9hicule du SESR, \u00e0 l'activit\u00e9 de la MSR-Var et \u00e0  \nl'organisation de journ\u00e9es sp\u00e9cifiques de s\u00e9curit\u00e9 routi\u00e8re ;\nn) toutes d\u00e9cisions relatives aux suspensions provisoires du permis de conduire ainsi que les  \nagr\u00e9ments et habilitations des m\u00e9decins et des centres psychotechniques ;\n4/8\nPr\u00e9fecture du VAR - 83-2025-06-02-00005 - ARR\u00caT\u00c9 PR\u00c9FECTORAL n\u00b02025/14/MCI du 2 juin 2025 portant d\u00e9l\u00e9gation de signature \u00e0\nMme Jos\u00e9phine GUIGLIANO-BOUTONNET, directrice de Cabinet du pr\u00e9fet du Var 120\no) toutes d\u00e9cisions relatives aux d\u00e9cisions de restriction de la conduite aux seuls v\u00e9hicules  \n\u00e9quip\u00e9s d'un \u00e9thylotest anti- d\u00e9marrage (EAD) ;    \n  \np) les arr\u00eat\u00e9s temporaires et permanents concernant le r\u00e9seau autoroutier conc\u00e9d\u00e9 (ESCOTA) \net non conc\u00e9d\u00e9 (DIRMED), ainsi que les avis de police de circulation concernant les routes \u00e0  \ngrande circulation (RGC) ;\nq) les d\u00e9rogations de circulation des poids-lourds de plus de 7 ,5 tonnes et des transports de  \nmati\u00e8res dangereuses (TMD) ;\nr) les habilitations des policiers municipaux et gardes champ\u00eatres pour la consultation du  \nfichier du syst\u00e8me national des permis de conduire (SNPC) ;\ns) les d\u00e9cisions relatives aux mesures administratives cons\u00e9cutives \u00e0 un contr\u00f4le m\u00e9dical de  \nl'aptitude \u00e0 la conduite ;\nt) les ordres de missions permanents et temporaires dans le d\u00e9partement du Var et hors  \nd\u00e9partement ;\nu) les conventions entre l'\u00c9tat et les \u00e9coles de conduite dans le cadre du dispositif du permis \u00e0 \nun euro, le label qualit\u00e9 et la certification Qualiopi ;\nv) les actes d'homologation des centres d'examens pratiques et professionnels ;\nw) les autorisations d'enseigner la conduite des v\u00e9hicules terrestres \u00e0 moteur ;\nx) tous actes, y compris les arr\u00eat\u00e9s, relatifs :\n1\u00b0  \u00e0  la  gestion  ou  au  contr\u00f4le  des  agr\u00e9ments  d'exploitation  des  \u00e9tablissements \nd'enseignement \u00e0 la conduite et des centres de sensibilisation \u00e0 la s\u00e9curit\u00e9 routi\u00e8re ;\n2\u00b0  au  contr\u00f4le  du  d\u00e9roulement  et  du  calendrier  des  stages  des  centres  de  \nsensibilisation \u00e0 la s\u00e9curit\u00e9 routi\u00e8re ;\n3\u00b0 \u00e0 la gestion en ligne des places d'examen du permis de conduire aux auto-\u00e9coles ;\n4\u00b0 \u00e0 la d\u00e9livrance des autorisations d'animer les stages ;\n5\u00b0 \u00e0 l'organisation des examens du permis de conduire et des permis professionnels.\nEst exclue du champ de cette d\u00e9l\u00e9gation la signature des requ\u00eates et m\u00e9moires aupr\u00e8s des  \njuridictions, des lettres circulaires, des lettres personnelles aux \u00e9lus, des d\u00e9cisions valant refus, \ndes  d\u00e9cisions  portant  retrait  d'autorisation  ou  d'agr\u00e9ment  et  des actes,  documents  et  \ncorrespondances pr\u00e9sentant un caract\u00e8re d\u00e9cisionnel, autres que ceux \u00e9num\u00e9r\u00e9s du a) au x)  \ndu pr\u00e9sent article.\nARTICLE 5\nEn cas d'absence ou d'emp\u00eachement de M.  Vincent BARASTIER, la d\u00e9l\u00e9gation qui lui est  \naccord\u00e9e par le pr\u00e9sent article est exerc\u00e9e, dans les m\u00eames conditions, par  Mme Audrey  \nBORGO, attach\u00e9e hors classe d'administration de l'\u00c9tat, cheffe de cabinet, directrice adjointe \ndes s\u00e9curit\u00e9s.\n5/8\nPr\u00e9fecture du VAR - 83-2025-06-02-00005 - ARR\u00caT\u00c9 PR\u00c9FECTORAL n\u00b02025/14/MCI du 2 juin 2025 portant d\u00e9l\u00e9gation de signature \u00e0\nMme Jos\u00e9phine GUIGLIANO-BOUTONNET, directrice de Cabinet du pr\u00e9fet du Var 121\nARTICLE 6\nD\u00e9l\u00e9gation est donn\u00e9e \u00e0 M. R\u00e9mi PIERRET, attach\u00e9 d'administration de l'\u00c9tat, chef du bureau  \nde la s\u00e9curit\u00e9 publique pour signer, dans les limites des attributions du bureau de la s\u00e9curit\u00e9  \npublique,  tous  actes,  documents  et  correspondances  ne  pr\u00e9sentant  pas  un  caract\u00e8re \nd\u00e9cisionnel,  \u00e0  l'exclusion  des  requ\u00eates  et  m\u00e9moires  aupr\u00e8s  des  juridictions,  des  lettres \ncirculaires et des lettres personnelles aux \u00e9lus.\nD\u00e9l\u00e9gation lui est \u00e9galement donn\u00e9e pour les actes relevant des attributions mentionn\u00e9es aux \ni), j) et k) de l'article 4. \nEn cas d'absence ou d'emp\u00eachement de M. R\u00e9mi PIERRET, la d\u00e9l\u00e9gation qui lui est consentie  \npar le pr\u00e9sent article est exerc\u00e9e par Mme Magali FAGNI, attach\u00e9e d'administration de l'\u00c9tat,  \nadjointe au chef du bureau de la s\u00e9curit\u00e9 publique et, dans la limite des attributions de leur  \nsection  respective,  par  Mme  Nathalie  ROSSA,  secr\u00e9taire  administrative  de  classe  \nexceptionnelle,  charg\u00e9e  de  la  mission  \u00ab pr\u00e9vention  de  la  radicalisation \u00bb,  Mme  H\u00e9l\u00e8ne \nADELAIDE, secr\u00e9taire administrative de classe sup\u00e9rieure, cheffe de la section \u00ab  pr\u00e9vention \nde la d\u00e9linquance  \u00bb, Mme Nathalie CHAMPION, secr\u00e9taire administrative de classe normale,  \ncheffe de la section \u00ab  d\u00e9fense civile - s\u00fbret\u00e9 \u00bb et Mme Marie FACCI, secr\u00e9taire administrative  \nde classe normale, cheffe de la section \u00ab ordre public - manifestations \u00bb.\nARTICLE 7\nD\u00e9l\u00e9gation est donn\u00e9e \u00e0 Mme Laetitia PELLISSIER, attach\u00e9e d'administration de l'\u00c9tat, cheffe  \ndu  bureau  des  polices  administratives  de  s\u00e9curit\u00e9,  pour  signer,  dans  les  limites  des \nattributions de ce bureau, tous actes, documents et correspondances ne pr\u00e9sentant pas un  \ncaract\u00e8re d\u00e9cisionnel, \u00e0 l'exclusion des requ\u00eates et m\u00e9moires aupr\u00e8s des juridictions, des  \nlettres circulaires et des lettres personnelles aux \u00e9lus.\nD\u00e9l\u00e9gation de signature lui est \u00e9galement donn\u00e9e pour les actes relevant d es attributions  \nmentionn\u00e9es  aux  a),  b),  c),  d),  e),  f),  g)  et  h)  de  l'article  4,  \u00e0  l'exception  des  d\u00e9cisions \nd\u00e9favorables et des d\u00e9cisions portant retrait d'autorisation ou d'agr\u00e9ment.\nD\u00e9l\u00e9gation est \u00e9galement donn\u00e9e \u00e0 : \n\u2022 Mme Sandrine DE RIDDER, attach\u00e9e d'administration de l'\u00c9tat, adjointe \u00e0 la cheffe de  \nbureau, cheffe de la section \u00ab armes et pyrotechnie \u00bb,  \n\u2022 Mme Marielle SOLDANI, secr\u00e9taire administrative de classe exceptionnelle, adjointe \u00e0  \nla cheffe de bureau, cheffe de la section \u00ab activit\u00e9s de s\u00e9curit\u00e9 \u00bb,\npour signer, dans les limites des attributions de leur section respective, tous actes, documents \net correspondances ne pr\u00e9sentant pas un caract\u00e8re d\u00e9cisionnel, \u00e0 l'exclusion des requ\u00eates et  \nm\u00e9moires aupr\u00e8s des juridictions, des lettres circulaires et des lettres personnelles aux \u00e9lus.\nEn cas d'absence ou d'emp\u00eachement de Mme Laetitia PELLISSIER, la d\u00e9l\u00e9gation qui lui est  \naccord\u00e9e par le pr\u00e9sent article est exerc\u00e9e dans les m\u00eames conditions par Mme Sandrine DE  \nRIDDER ou par Mme Marielle SOLDANI.\nARTICLE 8\nD\u00e9l\u00e9gation  est  donn\u00e9e  \u00e0  Mme  C\u00e9line  PAGE,  secr\u00e9taire  administrative  de  classe  \nexceptionnelle,  adjointe \u00e0 la cheffe du service i nterminist\u00e9riel de d\u00e9fense et de protection  \ncivile, pour  signer,  dans les limites des attributions de ce service,  tous actes, documents et  \ncorrespondances ne pr\u00e9sentant pas un caract\u00e8re d\u00e9cisionnel, \u00e0 l'exclusion des requ\u00eates et  \nm\u00e9moires aupr\u00e8s des juridictions, des lettres circulaires et des lettres personnelles aux \u00e9lus.  \nD\u00e9l\u00e9gation lui est \u00e9galement donn\u00e9e pour les actes relevant des attributions mentionn\u00e9es au  \nl) de l'article 4.\n6/8\nPr\u00e9fecture du VAR - 83-2025-06-02-00005 - ARR\u00caT\u00c9 PR\u00c9FECTORAL n\u00b02025/14/MCI du 2 juin 2025 portant d\u00e9l\u00e9gation de signature \u00e0\nMme Jos\u00e9phine GUIGLIANO-BOUTONNET, directrice de Cabinet du pr\u00e9fet du Var 122\nARTICLE 9\nD\u00e9l\u00e9gation est donn\u00e9e \u00e0 Mme Sophie BARASTIER, attach\u00e9e principale d'administration de  \nl'\u00c9tat, cheffe du service de l'\u00e9ducation et de la s\u00e9curit\u00e9 routi\u00e8res, pour signer tous les actes  \nmentionn\u00e9s aux m), n), o), p), q), r), s), t), u), v), w) et x) de l'article 4 et, dans les limites des  \nattributions de ce service, tous les actes, documents et correspondances ne pr\u00e9sentant pas  \nun caract\u00e8re d\u00e9cisionnel, \u00e0 l'exclusion des requ\u00eates et m\u00e9moires aupr\u00e8s des juridictions, des  \nlettres circulaires et des lettres personnelles aux \u00e9lus.\nDans  les  m\u00eames  conditions  et  dans  les  limites  des  attributions  de  leur  p\u00f4le  respectif, \nd\u00e9l\u00e9gation de signature est donn\u00e9e \u00e0 :\n- M. Dominique THIEL, d\u00e9l\u00e9gu\u00e9 au permis de conduire et \u00e0 la s\u00e9curit\u00e9 routi\u00e8re, chef du  \np\u00f4le \u00ab \u00e9ducation routi\u00e8re \u00bb et adjoint \u00e0 la cheffe du service de l'\u00e9ducation et de la s\u00e9curit\u00e9  \nrouti\u00e8res, pour les actes mentionn\u00e9s aux m), t), u), v), w) et x) de l'article 4 ;\n- Mme Laurence CAIRE, attach\u00e9e d'administration de l'\u00c9tat, cheffe du p\u00f4le \u00ab  droits \u00e0 \nconduire \u00bb et adjointe \u00e0 la cheffe du service de l'\u00e9ducation et de la s\u00e9curit\u00e9 routi\u00e8res, pour les \nactes mentionn\u00e9s aux m), n), o), r), s) de l'article 4 ;\n- M. Thierry LE GRAND, attach\u00e9 d'administration de l'\u00c9tat, chef du p\u00f4le \u00ab  \u00e9tudes et  \ning\u00e9nierie \u00bb et adjoint \u00e0 la cheffe du service de l'\u00e9ducation et de la s\u00e9curit\u00e9 routi\u00e8res, pour les  \nactes mentionn\u00e9s aux m), n), o), p), q), s), t) de l'article 4 ;\n- M. Roland ESQUIVA, inspecteur des permis de conduire et de la s\u00e9curit\u00e9 routi\u00e8re de  \n1\u00e8re classe, adjoint au d\u00e9l\u00e9gu\u00e9 au permis de conduire et \u00e0 la s\u00e9curit\u00e9 routi\u00e8re, pour les actes  \nmentionn\u00e9s aux t), u), v), w), x) de l'article 4 et les courriers simples relevant de son p\u00f4le ;\n- M. St\u00e9phane CESARI, technicien sup\u00e9rieur en chef du d\u00e9veloppement durable, chef  \ndu p\u00f4le pr\u00e9vention, pour les actes mentionn\u00e9s aux m) et t) de l'article 4. \nARTICLE 10\nD\u00e9l\u00e9gation est donn\u00e9e \u00e0 Mme Ma\u00efka ROCHE, M. S\u00e9bastien GRIFFO et M. Jean-Marc SERRUS,  \ninspecteurs du permis de conduire et de la s\u00e9curit\u00e9 routi\u00e8re, pour signer les courriers simples  \ndu p\u00f4le \u00ab \u00e9ducation routi\u00e8re \u00bb du service de l'\u00e9ducation et de la s\u00e9curit\u00e9 routi\u00e8res.\nARTICLE   11  \nLorsque le service de l'\u00e9ducation et de la s\u00e9curit\u00e9 routi\u00e8res assure le service de permanence  \ninstitu\u00e9  conform\u00e9ment  \u00e0  l'ordre  des  permanences  fix\u00e9  par  le  pr\u00e9fet  du  Var,\nd\u00e9l\u00e9gation sp\u00e9ciale est accord\u00e9e \u00e0 Mme Sophie BARASTIER, M. Thierry LE GRAND et Mme  \nLaurence CAIRE, \u00e0 effet de signer, pour l'ensemble du d\u00e9partement, les d\u00e9cisions et arr\u00eat\u00e9s  \nrelevant des missions du service (suspension provisoire imm\u00e9diate des permis de conduire,  \nd\u00e9rogation de circulation des poids-lourds...).\nARTICL  E 12  \nD\u00e9l\u00e9gation est donn\u00e9e \u00e0 Mme Chantal MOLINES, attach\u00e9e principale d'administration de  \nl'\u00c9tat, d\u00e9l\u00e9gu\u00e9e d\u00e9partementale aux droits des femmes et \u00e0 l'\u00e9galit\u00e9, pour signer, dans les  \nlimites de ses attributions, tous actes, documents et correspondances ne pr\u00e9sentant pas un  \ncaract\u00e8re d\u00e9cisionnel, \u00e0 l'exclusion des requ\u00eates et m\u00e9moires aupr\u00e8s des juridictions, des  \nlettres circulaires et des lettres personnelles aux \u00e9lus.\nARTICL  E 13  \nEn  cas  d'absence  ou  d'emp\u00eachement  de  Mme  Jos\u00e9phine  GUIGLIANO-BOUTONNET,  la \nd\u00e9l\u00e9gation  de  signature  qui  lui  est  accord\u00e9e  \u00e0  l'article  1  est  exerc\u00e9e  par  M.  Vincent \nBARASTIER, directeur des s\u00e9curit\u00e9s, et, en son absence, par Mme Audrey BORGO, cheffe de  \ncabinet, directrice adjointe des s\u00e9curit\u00e9s.\n7/8\nPr\u00e9fecture du VAR - 83-2025-06-02-00005 - ARR\u00caT\u00c9 PR\u00c9FECTORAL n\u00b02025/14/MCI du 2 juin 2025 portant d\u00e9l\u00e9gation de signature \u00e0\nMme Jos\u00e9phine GUIGLIANO-BOUTONNET, directrice de Cabinet du pr\u00e9fet du Var 123\nEst exclue de ces dispositions, la signature des lettres circulaires et des lettres personnelles  \naux \u00e9lus du d\u00e9partement.\nARTICLE   14  \nLe secr\u00e9taire g\u00e9n\u00e9ral de la pr\u00e9fecture du Var et la directrice de cabinet du pr\u00e9fet du Var, sont \ncharg\u00e9s, chacun en ce qui le concerne, de l'ex\u00e9cution du pr\u00e9sent arr\u00eat\u00e9  qui sera publi\u00e9 au  \nrecueil des actes administratifs de la pr\u00e9fecture du Var.\nFait \u00e0 Toulon, le 2 juin 2025\nPr\u00e9fet du Var\nSign\u00e9\nSimon BABRE\n8/8\nPr\u00e9fecture du VAR - 83-2025-06-02-00005 - ARR\u00caT\u00c9 PR\u00c9FECTORAL n\u00b02025/14/MCI du 2 juin 2025 portant d\u00e9l\u00e9gation de signature \u00e0\nMme Jos\u00e9phine GUIGLIANO-BOUTONNET, directrice de Cabinet du pr\u00e9fet du Var 124\nPr\u00e9fecture du VAR\n83-2025-06-02-00006\nARR\u00caT\u00c9 PR\u00c9FECTORAL n\u00b02025/15/MCI du 2 juin\n2025 portant d\u00e9l\u00e9gation de signature \u00e0 Mme\nMyriam GARCIA, sous-pr\u00e9f\u00e8te de\nl'arrondissement de DRAGUIGNAN\nPr\u00e9fecture du VAR - 83-2025-06-02-00006 - ARR\u00caT\u00c9 PR\u00c9FECTORAL n\u00b02025/15/MCI du 2 juin 2025 portant d\u00e9l\u00e9gation de signature \u00e0\nMme Myriam GARCIA, sous-pr\u00e9f\u00e8te de l'arrondissement de DRAGUIGNAN 125\nEgalit\u00e9Fraternit\u00e9\nVu le d\u00e9cret du Pr\u00e9sident de la R\u00e9publique du 8 septembre 2021 portant nomination de  \nDirection de la coordination des politiques publiques\net de l'appui territorial\nMission de coordination interminist\u00e9rielle\nARR\u00caT\u00c9 PR\u00c9FECTORAL n\u00b02025/15/MCI du 2 juin 2025\nportant d\u00e9l\u00e9gation de signature \u00e0 Mme Myriam GARCIA,\nsous-pr\u00e9f\u00e8te de l'arrondissement de DRAGUIGNAN\nLe Pr\u00e9fet du Var,\nChevalier de la L\u00e9gion d'Honneur,\nChevalier de l'Ordre National du M\u00e9rite,\nVu la loi n\u00b0 82-213 du 2 mars 1982 modifi\u00e9e, relative aux droits et libert\u00e9s des communes, des  \nd\u00e9partements et des r\u00e9gions ;\nVu la loi n\u00b0 83-8 du 7 janvier 1983 modifi\u00e9e, relative \u00e0 la r\u00e9partition des comp\u00e9tences entre les \ncommunes, les d\u00e9partements, les r\u00e9gions et l'\u00c9tat ;\nVu  la  loi  d'orientation  n\u00b0  92-125  du  6  f\u00e9vrier  1992  modifi\u00e9e  relative  \u00e0  l'administration \nterritoriale de la R\u00e9publique ;\nVu la loi n\u00b0 2004-809 du 13 ao\u00fbt 2004 modifi\u00e9e relative aux libert\u00e9s et responsabilit\u00e9s locales ;\nVu le d\u00e9cret n\u00b0 97-34 du 15 janvier 1997 modifi\u00e9 relatif \u00e0 la d\u00e9concentration des d\u00e9cisions  \nadministratives individuelles ;\nVu  le  d\u00e9cret  n\u00b0  2004-374  du  29  avril  2004  modifi\u00e9  relatif  aux  pouvoirs  des  pr\u00e9fets,  \u00e0 \nl'organisation et \u00e0 l'action des services de l'\u00c9tat dans les r\u00e9gions et d\u00e9partements ;\nVu le d\u00e9cret n\u00b0 2015-510 du 7 mai 2015 portant charte de la d\u00e9concentration ;\nVu  le  d\u00e9cret  du  Pr\u00e9sident  de  la  R\u00e9publique  du  15  avril  2022  portant  nomination  de \nM.  Lucien  GIUDICELLI,  secr\u00e9taire  g\u00e9n\u00e9ral  de  la  pr\u00e9fecture  du  Var,  sous-pr\u00e9fet  de \nl'arrondissement de Toulon; \nVu  le  d\u00e9cret  du  Pr\u00e9sident  de  la  R\u00e9publique  du  6  juillet  2023  portant  nomination  de \nMme Myriam GARCIA, sous-pr\u00e9f\u00e8te de l'arrondissement de Draguignan ; \nVu  le  d\u00e9cret  du  Pr\u00e9sident  de  la  R\u00e9publique  du  3  avril  2024  portant  nomination  de \nMme Jos\u00e9phine GUIGLIANO-BOUTONNET, sous-pr\u00e9f\u00e8te, directrice de cabinet du pr\u00e9fet du  \nVar ;\nVu le d\u00e9cret du Pr\u00e9sident de la R\u00e9publique du 21 septembre 2024 portant nomination de  \nM. Jean-Baptiste MORINAUD, secr\u00e9taire g\u00e9n\u00e9ral adjoint de la pr\u00e9fecture du Var, sous-pr\u00e9fet  \ncharg\u00e9 de mission aupr\u00e8s du pr\u00e9fet du Var ;\nVu le d\u00e9cret du Pr\u00e9sident de la R\u00e9publique du 14 novembre 2024 portant nomination de  \nMme Anne-C\u00e9cile VIALLE, sous-pr\u00e9f\u00e8te de l'arrondissement de Brignoles;\nVu le d\u00e9cret du Pr\u00e9sident de la R\u00e9publique du 15 mai 2025 portant nomination de M. Simon  \nBABRE, pr\u00e9fet du Var ;\n1/8\nPr\u00e9fecture du VAR - 83-2025-06-02-00006 - ARR\u00caT\u00c9 PR\u00c9FECTORAL n\u00b02025/15/MCI du 2 juin 2025 portant d\u00e9l\u00e9gation de signature \u00e0\nMme Myriam GARCIA, sous-pr\u00e9f\u00e8te de l'arrondissement de DRAGUIGNAN 126\nVu le d\u00e9cret du Pr\u00e9sident de la R\u00e9publique du 8 septembre 2021 portant nomination de  \nSur proposition du secr\u00e9taire g\u00e9n\u00e9ral de la pr\u00e9fecture du Var,\nARR\u00caTE :\nARTICLE  1er     :  Ind\u00e9pendamment  des  attributions  qui  sont  conf\u00e9r\u00e9es  aux  sous-pr\u00e9fets \nd'arrondissement par les lois et r\u00e8glements, d\u00e9l\u00e9gation est donn\u00e9e \u00e0 Mme Myriam GARCIA , \nsous-pr\u00e9f\u00e8te de l'arrondissement de Draguignan, \u00e0 l'effet d'instruire et de signer tous actes de \ngestion relatifs au fonctionnement des services de la sous-pr\u00e9fecture ainsi que pour signer les  \narr\u00eat\u00e9s, circulaires et correspondances concernant, pour l'arrondissement de Draguignan, les  \naffaires suivantes, \u00e0 l'exclusion des requ\u00eates et m\u00e9moires aupr\u00e8s des juridictions :\nI \u2013 Administration g\u00e9n\u00e9rale :\na) Pour les communes de l'arrondissement, lors du renouvellement g\u00e9n\u00e9ral des \u00e9lections  \nmunicipales :\n- re\u00e7us de d\u00e9p\u00f4t d'une d\u00e9claration de candidature pour le 1 er tour de scrutin des \u00e9lections  \nmunicipales ;\n-  r\u00e9c\u00e9piss\u00e9  d\u00e9finitif  d'enregistrement  d'une  d\u00e9claration  de  candidature  aux  \u00e9lections \nmunicipales ;\n- refus de d\u00e9livrance du r\u00e9c\u00e9piss\u00e9 d\u00e9finitif d'enregistrement d'une d\u00e9claration de candidature \naux \u00e9lections municipales ;\n- r\u00e9c\u00e9piss\u00e9s d\u00e9finitifs d'une d\u00e9claration de candidature pour le second tour de scrutin des  \n\u00e9lections municipales ;\nb) organisation des \u00e9lections municipales partielles ;\nII \u2013 Administration locale :\na) suivi  du contr\u00f4le de l\u00e9galit\u00e9 des actes administratifs des collectivit\u00e9s locales et de leurs  \n\u00e9tablissements du ressort de l'arrondissement (\u00e0 l'exception des syndicats mixtes dont le  \nconseil d\u00e9partemental du Var est membre) et des soci\u00e9t\u00e9s d'\u00e9conomie mixte locales, en ce  \nqu'il comprend :\n\u2022 l'information de l'autorit\u00e9 locale sur sa demande de la d\u00e9cision du repr\u00e9sentant de  \nl'\u00c9tat dans le d\u00e9partement de ne pas d\u00e9f\u00e9rer un acte au tribunal administratif ;\n\u2022 l'information  de  l'autorit\u00e9  locale  qu'un  acte  est  entach\u00e9  d'ill\u00e9galit\u00e9  et  la \ncommunication des pr\u00e9cisions utiles lui permettant de rendre l\u00e9gal l'acte concern\u00e9 ;\n\u2022 la signature des recours gracieux ;\n\u2022 la signature de lettres de demandes de pi\u00e8ces compl\u00e9mentaires en mati\u00e8re de contr\u00f4le \nde l\u00e9galit\u00e9 ne valant pas recours gracieux ;\nb) suivi du contr\u00f4le budg\u00e9taire des collectivit\u00e9s locales du ressort de l'arrondissement et de \nleurs \u00e9tablissements (\u00e0 l'exception des syndicats mixtes dont le conseil d\u00e9partemental du Var  \nest membre) en ce qu'il comprend : \n\u2022 la signature des recours gracieux et la signature de lettres de demandes de pi\u00e8ces  \ncompl\u00e9mentaires ne valant pas recours gracieux ;\nc) suivi des demandes de mandatement d'office des d\u00e9penses obligatoires ;\nd) en mati\u00e8re d'urbanisme :\n- la signature des avis de l'\u00c9tat ;\n- la signature des avis sur les permis de d\u00e9molir ;\n 2/8\nPr\u00e9fecture du VAR - 83-2025-06-02-00006 - ARR\u00caT\u00c9 PR\u00c9FECTORAL n\u00b02025/15/MCI du 2 juin 2025 portant d\u00e9l\u00e9gation de signature \u00e0\nMme Myriam GARCIA, sous-pr\u00e9f\u00e8te de l'arrondissement de DRAGUIGNAN 127\nVu le d\u00e9cret du Pr\u00e9sident de la R\u00e9publique du 8 septembre 2021 portant nomination de  \n- la signature des autorisations ou actes relatifs \u00e0 l'utilisation et \u00e0 l'occupation du sol  \npour les op\u00e9rations relevant de l'article R. 422-2 du code de l'urbanisme ;\n- la signature des autorisations ou actes relatifs \u00e0 l'utilisation et \u00e0 l'occupation du sol  \ndans les communes non dot\u00e9es d'un document d'urbanisme approuv\u00e9, pour les cas  \npr\u00e9vus \u00e0 l'article L. 422-1-b du code de l'urbanisme ;\ne) substitution aux maires dans les cas pr\u00e9vus aux articles L. 2215-1 et L. 2215-5 du code  \ng\u00e9n\u00e9ral des collectivit\u00e9s territoriales ;\nf) autorisation d'occupation temporaire et autorisation de p\u00e9n\u00e9trer sur les propri\u00e9t\u00e9s priv\u00e9es ;\ng) constitution des groupes de travail pr\u00e9vus par les dispositions du titre VIII du code de  \nl'environnement relatif \u00e0 la protection du cadre de vie (publicit\u00e9, enseignes et pr\u00e9-enseignes)  \net mesures administratives d'application ;\nh) arr\u00eat\u00e9s de cr\u00e9ation, de modification des attributions, de retrait de communes membres,  \nd'adh\u00e9sion  de  nouvelles  communes  et  de  dissolution.se  rapportant  aux  \u00e9tablissements \npublics de coop\u00e9ration intercommunale dont le si\u00e8ge se trouve dans l'arrondissement, \u00e0  \nl'exception  des  communaut\u00e9s  d'agglom\u00e9ration,  des  communaut\u00e9s  de  communes,  des \nsyndicats mixtes dont le conseil d\u00e9partemental du Var est membre.\nIII  \u2013  Coordination  de  l'action  des  services  d\u00e9concentr\u00e9s :  tous  actes  ou  documents \nn\u00e9cessaires \u00e0 l'exercice de son pouvoir de coordination de l'action des services d\u00e9concentr\u00e9s  \nde l'\u00c9tat pr\u00e9vu par le d\u00e9cret n\u00b0 2004-374 du 29 avril 2004, et notamment toutes demandes  \nd'information.\nARTICLE  2 :  Ind\u00e9pendamment  des  attributions  qui  sont  conf\u00e9r\u00e9es  aux  sous-pr\u00e9fets \nd'arrondissement par les lois et r\u00e8glements, d\u00e9l\u00e9gation est donn\u00e9e \u00e0 Mme Myriam GARCIA , \nsous-pr\u00e9f\u00e8te de l'arrondissement de Draguignan, \u00e0 l'effet d'instruire et de signer tous les  \narr\u00eat\u00e9s,  circulaires  et  correspondances  concernant  le  bureau  de  l'administration  et  de  la \nr\u00e9glementation g\u00e9n\u00e9rale, \u00e0 l'exclusion des requ\u00eates et m\u00e9moires aupr\u00e8s des juridictions :\nI \u2013 Pour l'arrondissement de Draguignan :\na) opposition \u00e0 sortie du territoire pour les enfants mineurs ;\nb)  l\u00e9gislation  fun\u00e9raire :  les  laissez-passer  de  corps  et  urnes  cin\u00e9raires  vers  l'\u00e9tranger,  les \nautorisations de transport de corps et urnes cin\u00e9raires vers l'\u00e9tranger, les d\u00e9rogations au d\u00e9lai \nr\u00e9glementaire de quatorze jours en vue de l'inhumation ou de l'incin\u00e9ration des corps des  \npersonnes d\u00e9c\u00e9d\u00e9es, les autorisations d'inhumation en propri\u00e9t\u00e9 priv\u00e9e ;\nc) instruction des demandes d'enqu\u00eates sociales et administratives en mati\u00e8re de logement  \nsocial et d'expulsion, propositions de logements aux bailleurs sociaux ;\nd)  instruction  et  signature  des  octrois  ou  refus  du  concours  de  la  force  publique  pour \nl'ex\u00e9cution  des  d\u00e9cisions  de  justice  en  mati\u00e8re  d'expulsion  locative,  domiciliaire  et \nimmobili\u00e8re,  des  demandes  d'indemnit\u00e9s  amiables,  r\u00e8glement  transactionnel  des  dossiers \naff\u00e9rents, protocole d'accord de pr\u00e9vention des expulsions locatives, mise en \u0153uvre des  \nd\u00e9cisions \u00ab  droit au logement opposable  \u00bb (DALO) y compris les radiations et les recours  \ngracieux DALO ;\ne) avis pr\u00e9alable aux mesures de police des d\u00e9bits de boissons et des h\u00f4tels ;\nf)  autorisation  d'utilisation du  plan  d'eau  du  lac  de  Saint-Cassien  par  d\u00e9rogation  aux \ndispositions de l'arr\u00eat\u00e9 pr\u00e9fectoral du 16 juin 1977 ;\n3/8\nPr\u00e9fecture du VAR - 83-2025-06-02-00006 - ARR\u00caT\u00c9 PR\u00c9FECTORAL n\u00b02025/15/MCI du 2 juin 2025 portant d\u00e9l\u00e9gation de signature \u00e0\nMme Myriam GARCIA, sous-pr\u00e9f\u00e8te de l'arrondissement de DRAGUIGNAN 128\nVu le d\u00e9cret du Pr\u00e9sident de la R\u00e9publique du 8 septembre 2021 portant nomination de  \ng)  d\u00e9cision de suspension des permis de  conduire, d\u00e9cision de restriction de validit\u00e9 de  \npermis de conduire cons\u00e9cutive aux examens en commission m\u00e9dicale d'aptitude, d\u00e9cision  \nde  mise  en  \u0153uvre  des  visites  m\u00e9dicales  par  autorit\u00e9,  d\u00e9cision  de  mise  en  \u0153uvre  des \ndispositions  sp\u00e9cifiques  \u00e0  l'\u00e9thylotest  antid\u00e9marrage,  mise  en  \u0153uvre  de  la  proc\u00e9dure \nd'\u00e9change de permis de conduire \u00e9tranger apr\u00e8s suspension ;\nh) d\u00e9livrance des attestations de duplicata des permis de chasser ;\ni) d\u00e9livrance des r\u00e9c\u00e9piss\u00e9s de revendeurs d'objets mobiliers ;\nj)  d\u00e9livrance  des  autorisations  d'installation  de  liaisons  d'alarme  avec  le  commissariat  de \npolice de Draguignan ;\nk)  d\u00e9clarations  d'option  pour  l'incorporation  dans  le  service  national  des  jeunes  double-\nnationaux ;\nl)  instruction  et  signature  des  arr\u00eat\u00e9s  instaurant  un  p\u00e9rim\u00e8tre  de  protection  pour  les \nmanifestations dont il a la responsabilit\u00e9, en application de l'article L. 226-1 du code de la  \ns\u00e9curit\u00e9 int\u00e9rieure ;\nm)  suivi  des  proc\u00e8s-verbaux  de  r\u00e9union  ou  de  visite  de  la  commission  de  s\u00e9curit\u00e9  et \nd'accessibilit\u00e9 de l'arrondissement dont elle assure la pr\u00e9sidence ;\nn) commission des polices de l'environnement (COPOLLEN) op\u00e9rationnelle d'arrondissement ;\no)  suivi  des  enqu\u00eates  de  moralit\u00e9  concernant  les  visiteurs  de  prison  et  agr\u00e9ment  des \naum\u00f4niers pour le centre p\u00e9nitentiaire de Draguignan ;\np) gardes statiques et escortes de d\u00e9tenus ;\nII \u2013 Pour les arrondissements de Draguignan et de Brignoles :\na) signature des conventions de coordination des interventions de la police municipale et des  \nforces de s\u00e9curit\u00e9 de l'\u00c9tat ;\nb) agr\u00e9ments des policiers municipaux et des assistants temporaires de police municipale ;\nc) cartes professionnelles des policiers municipaux et des assistants temporaires de s\u00e9curit\u00e9;\nIII \u2013 Sur l'ensemble du d\u00e9partement du Var : agr\u00e9ments des gardes particuliers.\nARTICLE  3 :  Ind\u00e9pendamment  des  attributions  qui  sont  conf\u00e9r\u00e9es  aux  sous-pr\u00e9fets \nd'arrondissement par les lois et r\u00e8glements, d\u00e9l\u00e9gation est donn\u00e9e \u00e0 Mme Myriam GARCIA , \nsous-pr\u00e9f\u00e8te de l'arrondissement de Draguignan, \u00e0 l'effet d'instruire et de signer tous les  \narr\u00eat\u00e9s,  circulaires  et  correspondances,  y  compris  les  requ\u00eates  et  m\u00e9moires  aupr\u00e8s  des \njuridictions, concernant la r\u00e9duction des nuisances caus\u00e9es par l'activit\u00e9 des h\u00e9licopt\u00e8res sur  \nles communes de la communaut\u00e9 de communes du golfe de Saint-Tropez et \u00e0 ce titre, de  \ng\u00e9rer les autorisations d'h\u00e9lisurfaces, d'h\u00e9listations et les rotations d'h\u00e9licopt\u00e8res aff\u00e9rentes.\n 4/8\nPr\u00e9fecture du VAR - 83-2025-06-02-00006 - ARR\u00caT\u00c9 PR\u00c9FECTORAL n\u00b02025/15/MCI du 2 juin 2025 portant d\u00e9l\u00e9gation de signature \u00e0\nMme Myriam GARCIA, sous-pr\u00e9f\u00e8te de l'arrondissement de DRAGUIGNAN 129\nVu le d\u00e9cret du Pr\u00e9sident de la R\u00e9publique du 8 septembre 2021 portant nomination de  \nARTICLE  4 :  Ind\u00e9pendamment  des  attributions  qui  sont  conf\u00e9r\u00e9es  aux  sous-pr\u00e9fets \nd'arrondissement par les lois et r\u00e8glements, d\u00e9l\u00e9gation est donn\u00e9e \u00e0 Mme Myriam GARCIA , \nsous-pr\u00e9f\u00e8te de l'arrondissement de Draguignan, \u00e0 l'effet d'instruire les demandes de titre de  \ns\u00e9jour,  prendre  les  d\u00e9cisions  aff\u00e9rentes  et  signer  tous  les  arr\u00eat\u00e9s,  circulaires  et \ncorrespondances  concernant  le  bureau  de  l'immigration,  \u00e0  l'exclusion  des  requ\u00eates  et \nm\u00e9moires aupr\u00e8s des juridictions ;\n\u2013 Pour les usagers du d\u00e9partement du Var :\na) les titres de s\u00e9jour mention \u00ab visiteurs \u00bb, \u00ab citoyens/membres de famille UE \u00bb,\nb) les changements de situation, les duplicatas, \nc) les titres professionnels :\n- salari\u00e9s et travailleurs temporaires\n- stagiaires,\n- recherche d'emploi \u2013 cr\u00e9ation d'entreprise,\n- entrepreneurs,\n- jeunes au pair,\n- saisonniers et passeports talents, dans le cadre de la solution de substitution,\nd) le renouvellement des cartes de r\u00e9sidents,\ne) les documents de circulation des enfants mineurs \u00e9trangers et les d\u00e9cisions de refus de  \nd\u00e9livrance, \nf) les arr\u00eat\u00e9s pr\u00e9fectoraux relatifs aux refus de s\u00e9jour et \u00e0 l'obligation de quitter le territoire  \nfran\u00e7ais pour les actes mentionn\u00e9s aux alin\u00e9as 4-a), 4-b), 4-c) et 4-d), \ng) les autorisations provisoires de s\u00e9jour en lien avec les dossiers mentionn\u00e9s aux alin\u00e9as 4-a),  \n4-b), 4-c) et 4-d)\nh) les d\u00e9cisions d\u00e9favorables concernant les saisonniers et les passeports talents instruits par  \nla plateforme r\u00e9gionale attractivit\u00e9,\ni) les lettres d'avertissement concernant les dossiers instruits en sous-pr\u00e9fecture en lien avec  \nl'ordre public,\nj) les r\u00e9c\u00e9piss\u00e9s de demande de titre de s\u00e9jour pour les actes mentionn\u00e9s aux alin\u00e9as 4-a), 4-\nb), 4-c) et 4-d)\nk) les prolongations de visas et visas pr\u00e9fectoraux pour les actes mentionn\u00e9s aux alin\u00e9as 4-a),  \n4-b), 4-c) et 4-d)\n\u2013 Pour les usagers des arrondissements de Brignoles et Draguignan :\nl) les autorisations provisoires de s\u00e9jour protection temporaire (Ukraine, etc.),\n- Pour les usagers des arrondissements de Brignoles et Draguignan, pour les dossiers suivants  \nre\u00e7us avant le 3 f\u00e9vrier 2025 :\nm) les titres de s\u00e9jour mention \u00ab Vie Priv\u00e9e et Familiale \u00bb (VPF),\nn) les admissions exceptionnelles au s\u00e9jour (AES),\no) le dossiers d\u00e9pos\u00e9s au titre des B\u00e9n\u00e9ficiaires de la Protection Internationale (BPI),\np) les demandes de Titre de Voyage \u00c9tranger (TVE),\nq) les arr\u00eat\u00e9s pr\u00e9fectoraux relatifs aux refus de s\u00e9jour et \u00e0 l'obligation de quitter le territoire  \nfran\u00e7ais pour les actes mentionn\u00e9s aux alin\u00e9as 4-m), 4-n) et 4-o).\nr) les autorisations provisoires de s\u00e9jour en lien avec les dossiers mentionn\u00e9s aux alin\u00e9as 4-m),  \n4-n) et 4-o),\ns) les r\u00e9c\u00e9piss\u00e9s de demande de titre de s\u00e9jour pour les actes mentionn\u00e9s aux alin\u00e9as 4-m),  \n4-n) et 4-o).\n- Pour les usagers des arrondissements de Brignoles et Draguignan,  pour les dossiers re\u00e7us  \napr\u00e8s le 03/02/2025,  et concernant les titres de s\u00e9jour mention \u00ab  Vie Priv\u00e9e et Familiale  \u00bb \n(VPF), l'admission  exceptionnelle  au  s\u00e9jour  (AES)  et  les  dossiers  d\u00e9pos\u00e9s  au  titre  des \nB\u00e9n\u00e9ficiaires de la Protection Internationale (BPI) :\n5/8\nPr\u00e9fecture du VAR - 83-2025-06-02-00006 - ARR\u00caT\u00c9 PR\u00c9FECTORAL n\u00b02025/15/MCI du 2 juin 2025 portant d\u00e9l\u00e9gation de signature \u00e0\nMme Myriam GARCIA, sous-pr\u00e9f\u00e8te de l'arrondissement de DRAGUIGNAN 130\nVu le d\u00e9cret du Pr\u00e9sident de la R\u00e9publique du 8 septembre 2021 portant nomination de  \nt) les autorisations provisoires de s\u00e9jour,\nu) les r\u00e9c\u00e9piss\u00e9s de demande de titre de s\u00e9jour,\nv) les prolongations de visas et visas pr\u00e9fectoraux.\n \nARTICLE 5 : Except\u00e9 pour les conventions mentionn\u00e9es \u00e0 l'article 2 II-a), en cas d'absence ou  \nd'emp\u00eachement  de  Mme  Myriam  GARCIA,  d\u00e9l\u00e9gation  de  signature  est  donn\u00e9e  dans  les \nm\u00eames  conditions  \u00e0  Mme  Anne-C\u00e9cile  VIALLE,  sous-pr\u00e9f\u00e8te  de  l'arrondissement  de \nBRIGNOLES, ou en cas d'absence ou d'emp\u00eachement de celle-ci,  d\u00e9l\u00e9gation de signature est  \ndonn\u00e9e \u00e0  Mme Jos\u00e9phine GUIGLIANO-BOUTONNET, sous-pr\u00e9f\u00e8te, directrice de Cabinet du  \npr\u00e9fet  du  Var,  ou,  en  cas  d'absence  ou  d'emp\u00eachement  de  celle-ci,  \u00e0  M.  Jean-Baptiste \nMORINAUD, secr\u00e9taire g\u00e9n\u00e9ral adjoint de la pr\u00e9fecture du Var, sous-pr\u00e9fet charg\u00e9 de mission  \naupr\u00e8s du pr\u00e9fet du Var;\nARTICLE  6 : Lorsque  Mme  Myriam  GARCIA assure  le  service  de  permanence  institu\u00e9 \nconform\u00e9ment  \u00e0  l'ordre  des  permanences  fix\u00e9  p\u00e9riodiquement  par  le  pr\u00e9fet  du  Var, \nd\u00e9l\u00e9gation lui est alors accord\u00e9e \u00e0 l'effet de signer, pour l'ensemble du d\u00e9partement, toute  \nd\u00e9cision n\u00e9cessit\u00e9e par une situation d'urgence, notamment :\n\u2022 les d\u00e9cisions de suspension provisoire imm\u00e9diate des permis de conduire ;\n\u2022 les mesures d'\u00e9loignement relevant de la comp\u00e9tence du repr\u00e9sentant de l'\u00c9tat dans le \nd\u00e9partement et concernant les \u00e9trangers s\u00e9journant irr\u00e9guli\u00e8rement sur le territoire  \nfran\u00e7ais et les d\u00e9cisions de placement en r\u00e9tention administrative ou d'assignation \u00e0  \nr\u00e9sidence des \u00e9trangers objets de ces mesures, prises en application des dispositions  \ndu code de l'entr\u00e9e et du s\u00e9jour des \u00e9trangers et du droit d'asile (CESEDA) ;\n\u2022 tout courrier relatif aux proc\u00e9dures d'\u00e9loignement concernant les \u00e9trangers s\u00e9journant \nirr\u00e9guli\u00e8rement  sur  le  territoire  fran\u00e7ais,  y  compris  toute  requ\u00eate  adress\u00e9e  aux \njuridictions en mati\u00e8re de r\u00e9tention administrative, notamment au juge des libert\u00e9s et  \nde  la  d\u00e9tention  en  application  des  articles  L  552-1  \u00e0  L  552-8  du  CESEDA, en  vue \nd'obtenir la prolongation de la r\u00e9tention administrative ;\n\u2022 la d\u00e9livrance de passeports et de titres d'identit\u00e9 ;\n\u2022 les  arr\u00eat\u00e9s  pronon\u00e7ant  l'admission  sans  consentement  en  soins  psychiatriques  des \npersonnes dont les troubles mentaux n\u00e9cessitent des soins et compromettent la s\u00fbret\u00e9 \ndes  personnes  ou  portent  atteinte,  de  fa\u00e7on  grave,  \u00e0  l'ordre  public,  ainsi  que  les \noppositions  aux  demandes  d'autorisation  de  sortie  de  courte  dur\u00e9e  prises  en \napplication de l'article L 3211-11-1 du code de la sant\u00e9 publique ;\n\u2022 La saisine du juge du tribunal judiciaire aux fins de contr\u00f4les des mesures de soins sans  \nconsentement ; \n\u2022 La signature des m\u00e9moires  produits dans le cadre des audiences du juge judiciaire en  \nmati\u00e8re de soins sans consentement ; \n\u2022 les gardes statiques et escortes de d\u00e9tenus ;\n\u2022 les autorisations de transport de corps en dehors du territoire m\u00e9tropolitain.\nARTICLE  7 : D\u00e9l\u00e9gation  de  signature  est  donn\u00e9e  \u00e0  M.  Philippe  SAVIGNAT,  conseiller \nd'administration de l'int\u00e9rieur et de l'outre-mer, secr\u00e9taire g\u00e9n\u00e9ral de la sous-pr\u00e9fecture de  \nl'arrondissement de Draguignan, pour :\n\u2022 les actes mentionn\u00e9s aux rubriques I et II de l'article 1er ;\n\u2022 les actes mentionn\u00e9s aux alin\u00e9as I-a), I-b), I-c), I-d) pour la demande d'\u00e9mission de  \nperception et versement des indemnit\u00e9s amiables dans le contentieux des expulsions  \nlocatives, I-e), I-g), I-h), I-i), I-j), I-k), I-m), I-o), I-p), II-b), II-c)  et \u00e0 la rubrique III de l'article \n2 ;\n 6/8\nPr\u00e9fecture du VAR - 83-2025-06-02-00006 - ARR\u00caT\u00c9 PR\u00c9FECTORAL n\u00b02025/15/MCI du 2 juin 2025 portant d\u00e9l\u00e9gation de signature \u00e0\nMme Myriam GARCIA, sous-pr\u00e9f\u00e8te de l'arrondissement de DRAGUIGNAN 131\nVu le d\u00e9cret du Pr\u00e9sident de la R\u00e9publique du 8 septembre 2021 portant nomination de  \n\u2022 l'engagement des d\u00e9penses courantes \u00e0 hauteur de 2300 euros toutes taxes comprises  \net la signature des contrats dans le cadre la gestion du centre de responsabilit\u00e9 de la  \nsous-pr\u00e9fecture ;\n\u2022 les actes mentionn\u00e9s \u00e0 l'article 4 ;\n\u2022 les correspondances administratives ordinaires avec la pr\u00e9fecture, les chefs de service  \nr\u00e9gionaux et d\u00e9partementaux des administrations de l'\u00c9tat, les autorit\u00e9s r\u00e9gionales  \nd\u00e9partementales et municipales, les \u00e9tablissements publics et les particuliers, ainsi que \nles notes de service ;\n\u2022 les autorisations de cong\u00e9s de la sous-pr\u00e9fecture de l'arrondissement de Draguignan.\nARTICLE  8 : D\u00e9l\u00e9gation  de  signature  est  donn\u00e9e  \u00e0  Mme  Claire  CHAPELAND,  attach\u00e9e \nprincipale d'administration de l'\u00c9tat, cheffe du bureau de l'ing\u00e9nierie territoriale, pour :\n\u2022 les actes mentionn\u00e9s aux rubriques I et II de l'article 1er ;\n\u2022 les actes mentionn\u00e9s aux alin\u00e9as I-a), I-b), I-c), I-d) pour la demande d'\u00e9mission de  \nperception et versement des indemnit\u00e9s amiables dans le contentieux des expulsions  \nlocatives, I-g) I-h), I-i), I-j), I-k), I-m), I-p), II-b) et II-c) de l'article 2 ;\n\u2022 les actes mentionn\u00e9s aux alin\u00e9as 4-g), 4-j), 4-k), 4-l), 4-r), 4-s), 4-t), 4-u), 4-v) de l'article 4 ;\n\u2022 les correspondances administratives ordinaires avec la pr\u00e9fecture, les chefs de service  \nr\u00e9gionaux et d\u00e9partementaux des administrations de l'\u00c9tat, les autorit\u00e9s r\u00e9gionales  \nd\u00e9partementales et municipales, les \u00e9tablissements publics et les particuliers, ainsi que \nles notes de service ;\n\u2022 les autorisations de cong\u00e9s de la sous-pr\u00e9fecture de l'arrondissement de Draguignan.\nARTICLE  9: En  cas  d'absence  ou  d'emp\u00eachement  de  M.  Philippe  SAVIGNAT  et/ou  de \nMme  Claire  CHAPELAND,  d\u00e9l\u00e9gation  est  donn\u00e9e  \u00e0  Mme  Audr\u00e8ne  ASQUO\u00cbT,  attach\u00e9e \nd'administration  de  l'\u00c9tat,  chef  du  bureau  de  l'administration  et  de  la  r\u00e9glementation \ng\u00e9n\u00e9rale, pour signer :\n- les actes concernant les attributions mentionn\u00e9es aux alin\u00e9as I-b), I-c), I-g) en ce qui  \nconcerne les courriers simples, les arr\u00eat\u00e9s d'inaptitude, les proc\u00e9dures contradictoires  \napr\u00e8s  avis  de  la  commission  m\u00e9dicale  des  permis  de  conduire  et  les  arr\u00eat\u00e9s  de \nsuspension administrative des permis de conduire, I-h), I-i) et I-k) de l'article 2 ;\n- les cartes professionnelles mentionn\u00e9es \u00e0 l'alin\u00e9a II-c) de l'article 2 ;\n- les actes relevant des attributions mentionn\u00e9es \u00e0 la rubrique III de l'article 2 ;\n- tout document n'ayant pas de caract\u00e8re de d\u00e9cision pour les attributions mentionn\u00e9es \naux alin\u00e9as I-d), I-e), I-f) et I-m) de l'article 2 et \u00e0 l'article 3.\nARTICLE 10 : En cas d'absence ou d'emp\u00eachement de Mme Audr\u00e8ne ASQUO\u00cbT, la d\u00e9l\u00e9gation \nde signature qui lui est donn\u00e9e \u00e0 l'article 10 est exerc\u00e9e par M. Alain PASSERON, secr\u00e9taire  \nadministratif  de  classe  normale,  adjoint  au  chef  du  bureau  de  l'administration  et  de  la \nr\u00e9glementation g\u00e9n\u00e9rale, pour :\n- les  actes  concernant  les  attributions  mentionn\u00e9es  aux  alin\u00e9as  I-b),  I-c)  en  ce  qui \nconcerne les demandes d'enqu\u00eate sociale et administrative en mati\u00e8re de logement et  \nI-g)  en ce qui concerne  les courriers simples, les arr\u00eat\u00e9s d'inaptitude, les proc\u00e9dures  \ncontradictoires apr\u00e8s avis de la commission m\u00e9dicale des permis de conduire et les  \narr\u00eat\u00e9s de suspension administrative des permis de conduire, I-h) et I-i) de l'article 2 ;\n- les cartes professionnelles mentionn\u00e9es \u00e0 l'alin\u00e9a II-c) de l'article 2 ;\n- tout document n'ayant pas de caract\u00e8re de d\u00e9cision pour les attributions mentionn\u00e9es \naux alin\u00e9as I-d), I-e), I-f) et I-m) de l'article 2 et \u00e0 l'article 3.\nARTICLE  11 : D\u00e9l\u00e9gation  de  signature  est  donn\u00e9e  \u00e0  Mme  Marie-Laure  LAMASA,  attach\u00e9e \nd'administration  de  l'\u00c9tat,  cheffe  du  bureau  de  l'immigration,  en  ce  qui  concerne  les \nattributions mentionn\u00e9es aux alin\u00e9as 4-g), 4-j), 4-k), 4-l), 4-r), 4-s), 4-t), 4-u), 4-v) et en ce qui  \n7/8\nPr\u00e9fecture du VAR - 83-2025-06-02-00006 - ARR\u00caT\u00c9 PR\u00c9FECTORAL n\u00b02025/15/MCI du 2 juin 2025 portant d\u00e9l\u00e9gation de signature \u00e0\nMme Myriam GARCIA, sous-pr\u00e9f\u00e8te de l'arrondissement de DRAGUIGNAN 132\nVu le d\u00e9cret du Pr\u00e9sident de la R\u00e9publique du 8 septembre 2021 portant nomination de  \nconcerne les d\u00e9cisions, rapports, correspondances, documents et actes relatifs aux alin\u00e9as 4-\na), 4-b), 4-c), 4-d), 4-e), 4-m), 4-n), 4-o), 4-p) de l'article 4. \nARTICLE  12 : En  cas  d'absence  ou  d'emp\u00eachement  de  Madame  Marie-Laure  LAMASA,  la \nd\u00e9l\u00e9gation de signature qui lui est donn\u00e9e \u00e0 l'article 11 est exerc\u00e9e par M. Alexandre TAHERI,  \nsecr\u00e9taire administratif de classe normale, adjoint \u00e0 la cheffe du bureau de l'immigration, en  \nce qui concerne les attributions mentionn\u00e9es aux alin\u00e9as 4-g), 4-j), 4-k), 4-l), 4-r), 4-s), 4-t), 4-u),  \n4-v), et en ce qui concerne les d\u00e9cisions, rapports, correspondances, documents et actes  \nrelatifs aux alin\u00e9as 4-a), 4-b), 4-c), 4-d), 4-e), 4-m), 4-n), 4-o), 4-p) de l'article 4.\nARTICLE 13     : En cas d'absence ou d'emp\u00eachement de Madame Marie-Laure LAMASA et/ou de  \nM. Alexandre TAHERI, la d\u00e9l\u00e9gation de signature est donn\u00e9e \u00e0 Mme Emmanuelle PODESTA,  \nadjoint administratif principal de 2\u00e8me classe, che ffe de section du bureau de l'immigration,  \nen ce qui concerne les attributions mentionn\u00e9es aux alin\u00e9as 4-g), 4-j), 4-l), 4-r), 4-s), 4-t), 4-u)  \nde l'article 4.\nARTICLE 14  : Le secr\u00e9taire g\u00e9n\u00e9ral de la pr\u00e9fecture et la sous-pr\u00e9f\u00e8te de l'arrondissement de  \nDraguignan sont charg\u00e9s, chacun en ce qui le concerne, de l'ex\u00e9cution du pr\u00e9sent arr\u00eat\u00e9 qui  \nsera publi\u00e9 au recueil des actes administratifs de la pr\u00e9fecture du Var.\nFait \u00e0 Toulon, le 2 juin 2025\nPr\u00e9fet du Var\nSign\u00e9\nSimon BABRE\n 8/8\nPr\u00e9fecture du VAR - 83-2025-06-02-00006 - ARR\u00caT\u00c9 PR\u00c9FECTORAL n\u00b02025/15/MCI du 2 juin 2025 portant d\u00e9l\u00e9gation de signature \u00e0\nMme Myriam GARCIA, sous-pr\u00e9f\u00e8te de l'arrondissement de DRAGUIGNAN 133\nPr\u00e9fecture du VAR\n83-2025-06-02-00009\nARR\u00caT\u00c9 PR\u00c9FECTORAL n\u00b02025/18/MCI du 2 juin\n2025 portant d\u00e9l\u00e9gation de signature \u00e0 Mme\nM\u00e9lanie COLLAR, directrice de la coordination\ndes politiques publiques\net de l'appui territorial de la pr\u00e9fecture du Var\nPr\u00e9fecture du VAR - 83-2025-06-02-00009 - ARR\u00caT\u00c9 PR\u00c9FECTORAL n\u00b02025/18/MCI du 2 juin 2025 portant d\u00e9l\u00e9gation de signature \u00e0\nMme M\u00e9lanie COLLAR, directrice de la coordination des politiques publiques\net de l'appui territorial de la pr\u00e9fecture du Var\n134\n=mPREFETDU VARLibert\u00e9Egalit\u00e9Fraternit\u00e9\nDirection de la coordination des politiques publiques\net de l'appui territorial\nMission de coordination interminist\u00e9rielle\nARR\u00caT\u00c9 PR\u00c9FECTORAL n\u00b02025/18/MCI du 2 juin 2025\nportant d\u00e9l\u00e9gation de signature \u00e0 Mme M\u00e9lanie COLLAR,\ndirectrice de la coordination des politiques publiques\net de l'appui territorial de la pr\u00e9fecture du Var\nLe Pr\u00e9fet du Var,\nChevalier de la L\u00e9gion d'Honneur,\nChevalier de l'Ordre National du M\u00e9rite,\nVu la loi n\u00b0 82-213 du 2 mars 1982 modifi\u00e9e relative aux droits et libert\u00e9s des communes, des  \nd\u00e9partements et des r\u00e9gions ;\nVu la loi n\u00b0 83-8 du 7 janvier 1983 modifi\u00e9e relative \u00e0 la r\u00e9partition des comp\u00e9tences entre les  \ncommunes, les d\u00e9partements, les r\u00e9gions et l'\u00c9tat ;\nVu  la  loi  d'orientation  n\u00b0  92-125  du  6  f\u00e9vrier  1992  modifi\u00e9e  relative  \u00e0  l'administration \nterritoriale de la R\u00e9publique ;\nVu la loi n\u00b0 2004-809 du 13 ao\u00fbt 2004 modifi\u00e9e relative aux libert\u00e9s et responsabilit\u00e9s locales ;\nVu  le  d\u00e9cret  n\u00b0  2004-374  du  29  avril  2004  modifi\u00e9  relatif  aux  pouvoirs  des  pr\u00e9fets,  \u00e0 \nl'organisation et \u00e0 l'action des services de l'\u00c9tat dans les r\u00e9gions et d\u00e9partements ;\nVu le d\u00e9cret n\u00b0 2015-510 du 7 mai 2015 portant charte de la d\u00e9concentration ;\nVu  le  d\u00e9cret  du  Pr\u00e9sident  de  la  R\u00e9publique  du  15  avril  2022  portant  nomination  de \nM.  Lucien  GIUDICELLI,  secr\u00e9taire  g\u00e9n\u00e9ral  de  la  pr\u00e9fecture  du  Var,  sous-pr\u00e9fet  de  \nl'arrondissement de Toulon ; \nVu le d\u00e9cret du Pr\u00e9sident de la R\u00e9publique du 15 mai 2025 portant nomination de M. Simon  \nBABRE, pr\u00e9fet du Var ;\nVu  l'arr\u00eat\u00e9  pr\u00e9fectoral  n\u00b0  2024/43/MCI  du  30  d\u00e9cembre  2024  portant  organisation  des \nservices de la pr\u00e9fecture du Var ;\nSur proposition du secr\u00e9taire g\u00e9n\u00e9ral de la pr\u00e9fecture,\nARR\u00caTE :\nARTICLE 1er : D\u00e9l\u00e9gation est donn\u00e9e \u00e0 Mme M\u00e9lanie COLLAR , conseill\u00e8re d'administration de \nl'Int\u00e9rieur  et  de  l'outre-mer,  directrice  de  la  coordination  des  politiques  publiques  et  de \nl'appui territorial, aux fins de signer, dans la limite des attributions de cette direction,  tous \nactes,  documents  et  correspondances  ne  pr\u00e9sentant  pas  un  caract\u00e8re  d\u00e9cisionnel,  \u00e0  \nl'exclusion des requ\u00eates et m\u00e9moires aupr\u00e8s des juridictions, des lettres circulaires et des  \nlettres personnelles aux \u00e9lus.\nARTICLE 2  : D\u00e9l\u00e9gation est \u00e9galement donn\u00e9e \u00e0  Mme M\u00e9lanie COLLAR,  aux fins de signer,  \ndans la limite des attributions de cette direction,  les actes \u00e9num\u00e9r\u00e9s ci-apr\u00e8s, \u00e0 l'exception  \ndes d\u00e9cisions d\u00e9favorables ou portant retrait d'autorisation :\n1/2\nPr\u00e9fecture du VAR - 83-2025-06-02-00009 - ARR\u00caT\u00c9 PR\u00c9FECTORAL n\u00b02025/18/MCI du 2 juin 2025 portant d\u00e9l\u00e9gation de signature \u00e0\nMme M\u00e9lanie COLLAR, directrice de la coordination des politiques publiques\net de l'appui territorial de la pr\u00e9fecture du Var\n135\na)  les  r\u00e9c\u00e9piss\u00e9s  de  d\u00e9clarations  d'installations  class\u00e9es  pour  la  protection  de  \nl'environnement,  de  d\u00e9clarations  de  transports  de  d\u00e9chets,  de  d\u00e9clarations  de  \ncourtage ou n\u00e9goce de d\u00e9chets ;\nb) les d\u00e9rogations \u00e0 la r\u00e9glementation sur le bruit pour travaux de nuit ;\nc) les certifications conformes des actes des Domaines ;\nd) les actes de  gestion financi\u00e8re des  subventions d'investissement accord\u00e9es par le  \npr\u00e9fet et li\u00e9es \u00e0 l'investissement des collectivit\u00e9s et \u00e0 l'am\u00e9nagement du territoire (hors \ncontrat de plan \u00c9tat-R\u00e9gion)  : DSIL \u2013 DSID - FNADT \u2013 DETR \u2013 MSAP \u2013 Intemp\u00e9ries \u2013  \nFonds  vert  et  toutes  autres  subventions  dont  la  gestion  financi\u00e8re  rel\u00e8ve  de  la \ndirection.\nARTICLE  3 :  D\u00e9l\u00e9gation de  signature  est  donn\u00e9e  \u00e0 M.  David  DOLIQUE,  attach\u00e9  principal \nd'administration de l'\u00c9tat, adjoint \u00e0 la directrice,  chef du bureau de l'environnement et du  \nd\u00e9veloppement durable, pour les actes vis\u00e9s \u00e0 l'article 1 er, dans les limites des attributions de  \nce bureau et pour les attributions mentionn\u00e9es aux a) et b) de l'article 2.\nEn cas d'absence ou d'emp\u00eachement de M. David DOLIQUE, la d\u00e9l\u00e9gation de signature qui lui  \nest accord\u00e9e est exerc\u00e9e dans les m\u00eames conditions par Mme Catherine FALOURD, attach\u00e9e  \nd'administration de l'\u00c9tat, adjointe au chef du bureau.\nARTICLE  4 : D\u00e9l\u00e9gation de  signature  est  donn\u00e9e  \u00e0 Mme  Anne-laure  BARREIRO,  attach\u00e9e \nprincipale d'administration de l'\u00c9tat,  cheffe du bureau  du d\u00e9veloppement des territoires , \npour les actes vis\u00e9s \u00e0 l'article 1er dans les limites des attributions de ce bureau.\nARTICLE  5 :  D\u00e9l\u00e9gation  de  signature  est  donn\u00e9e  \u00e0  Mme  Viviane  SCHULER,  attach\u00e9e  \nd'administration de l'\u00c9tat, cheffe de la mission de coordination interminist\u00e9rielle,  pour les  \nactes vis\u00e9s \u00e0 l'article 1er ci-dessus relevant des missions de ce service et pour  l'attribution \nmentionn\u00e9e au c) de l'article 2. \nARTICLE 6  : D\u00e9l\u00e9gation de signature est donn\u00e9e \u00e0 Mme Catherine LEPECUCHEL, attach\u00e9e  \nd'administration de l'\u00c9tat, cheffe du bureau des subventions d'investissement, pour les actes  \nvis\u00e9s \u00e0 l'article 1er dans les limites des attributions de ce bureau et pour les attributions  \nmentionn\u00e9es au d) de l'article 2.\nARTICLE 7 : En cas d'absence ou d'emp\u00eachement de Mme M\u00e9lanie COLLAR, la d\u00e9l\u00e9gation qui  \nlui est consentie aux articles 1er et 2 du pr\u00e9sent arr\u00eat\u00e9 est exerc\u00e9e, dans les m\u00eames conditions, \npar M. David DOLIQUE, attach\u00e9 principal d'administration de l'\u00c9tat, adjoint au directeur, chef \ndu bureau de l'environnement et du d\u00e9veloppement durable.\n  \nARTICLE 8  : Le secr\u00e9taire g\u00e9n\u00e9ral de la pr\u00e9fecture et la directrice de la coordination des  \npolitiques publiques et de l'appui territorial sont charg\u00e9s, chacun en ce qui le concerne, de  \nl'ex\u00e9cution  du  pr\u00e9sent  arr\u00eat\u00e9  qui sera  publi\u00e9  au  recueil  des  actes  administratifs  de  la \npr\u00e9fecture du Var.\nFait \u00e0 Toulon, le 2 juin 2025\nPr\u00e9fet du Var\nSign\u00e9\nSimon BABRE\n2/2\nPr\u00e9fecture du VAR - 83-2025-06-02-00009 - ARR\u00caT\u00c9 PR\u00c9FECTORAL n\u00b02025/18/MCI du 2 juin 2025 portant d\u00e9l\u00e9gation de signature \u00e0\nMme M\u00e9lanie COLLAR, directrice de la coordination des politiques publiques\net de l'appui territorial de la pr\u00e9fecture du Var\n136\nPr\u00e9fecture du VAR\n83-2025-06-02-00010\nARR\u00caT\u00c9 PR\u00c9FECTORAL n\u00b02025/19/MCI du 2 juin\n2025 portant d\u00e9l\u00e9gation de signature \u00e0 M.\nEmmanuel SADOUX, directeur des titres\nd'identit\u00e9 et de l'immigration de la pr\u00e9fecture du\nVar\nPr\u00e9fecture du VAR - 83-2025-06-02-00010 - ARR\u00caT\u00c9 PR\u00c9FECTORAL n\u00b02025/19/MCI du 2 juin 2025 portant d\u00e9l\u00e9gation de signature \u00e0 M.\nEmmanuel SADOUX, directeur des titres d'identit\u00e9 et de l'immigration de la pr\u00e9fecture du Var 137\n=mPREFETDU VARLibert\u00e9Egalit\u00e9Fraternit\u00e9\nDirection de la coordination des politiques publiques\net de l'appui territorial\nMission de coordination interminist\u00e9rielle\nARR\u00caT\u00c9 PR\u00c9FECTORAL n\u00b02025/19/MCI du 2 juin 2025\nportant d\u00e9l\u00e9gation de signature \u00e0 M. Emmanuel SADOUX,\ndirecteur des titres d'identit\u00e9 et de l'immigration de la pr\u00e9fecture du Var\nLe Pr\u00e9fet du Var,\nChevalier de la L\u00e9gion d'Honneur,\nChevalier de l'Ordre National du M\u00e9rite,\nVu la loi n\u00b0 82-213 du 2 mars 1982 modifi\u00e9e, relative aux droits et libert\u00e9s des communes, des  \nd\u00e9partements et des r\u00e9gions ;\nVu la loi n\u00b0 83-8 du 7 janvier 1983 modifi\u00e9e, relative \u00e0 la r\u00e9partition des comp\u00e9tences entre les \ncommunes, les d\u00e9partements, les r\u00e9gions et l'\u00c9tat ;\nVu  la  loi  d'orientation  n\u00b0  92-125  du  6  f\u00e9vrier  1992  modifi\u00e9e  relative  \u00e0  l'administration \nterritoriale de la R\u00e9publique ;\nVu la loi n\u00b0 2004-809 du 13 ao\u00fbt 2004 modifi\u00e9e relative aux libert\u00e9s et responsabilit\u00e9s locales ;\nVu  le  d\u00e9cret  n\u00b0  2004-374  du  29  avril  2004  modifi\u00e9  relatif  aux  pouvoirs  des  pr\u00e9fets,  \u00e0 \nl'organisation et \u00e0 l'action des services de l'\u00c9tat dans les r\u00e9gions et d\u00e9partements ;\nVu le d\u00e9cret n\u00b0 2015-510 du 7 mai 2015 portant charte de la d\u00e9concentration ;\nVu  le  d\u00e9cret  du  Pr\u00e9sident  de  la  R\u00e9publique  du  15  avril  2022  portant  nomination  de \nM.  Lucien  GIUDICELLI,  secr\u00e9taire  g\u00e9n\u00e9ral  de  la  pr\u00e9fecture  du  Var,  sous-pr\u00e9fet  de  \nl'arrondissement de Toulon ;\nVu le d\u00e9cret du Pr\u00e9sident de la R\u00e9publique du 15 mai 2025 portant nomination de M. Simon  \nBABRE, pr\u00e9fet du Var ;\nVu  l'arr\u00eat\u00e9  pr\u00e9fectoral  n\u00b02024/43/MCI  du  30  d\u00e9cembre  2024  portant  organisation  de  la \npr\u00e9fecture du Var ; \nSur proposition du secr\u00e9taire g\u00e9n\u00e9ral de la pr\u00e9fecture,\nARR\u00caTE :\nARTICLE 1er : D\u00e9l\u00e9gation est donn\u00e9e \u00e0 M. Emmanuel SADOUX, conseiller d'administration de  \nl'int\u00e9rieur et de l'outre-mer, directeur des titres d'identit\u00e9 et de l'immigration de la pr\u00e9fecture \ndu Var, aux fins de signer, d ans les limites des attributions de cette direction,  tous actes,  \ndocuments et correspondances ne pr\u00e9sentant pas un caract\u00e8re d\u00e9cisionnel, \u00e0 l'exclusion des  \nrequ\u00eates et m\u00e9moires aupr\u00e8s des juridictions administratives, des lettres circulaires et des  \nlettres personnelles aux \u00e9lus.\n1/3\nPr\u00e9fecture du VAR - 83-2025-06-02-00010 - ARR\u00caT\u00c9 PR\u00c9FECTORAL n\u00b02025/19/MCI du 2 juin 2025 portant d\u00e9l\u00e9gation de signature \u00e0 M.\nEmmanuel SADOUX, directeur des titres d'identit\u00e9 et de l'immigration de la pr\u00e9fecture du Var 138\nARTICLE 2 : D\u00e9l\u00e9gation de signature est \u00e9galement donn\u00e9e \u00e0 M. Emmanuel SADOUX  pour les \nactes relevant du champ de comp\u00e9tence de la direction \u00e9num\u00e9r\u00e9s ci-apr\u00e8s : \na) les oppositions \u00e0 sortie du territoire pour mineurs (hors mineurs radicalis\u00e9s) ;\nb) les demandes d'habilitation \u00e0 l'application TES (titres \u00e9lectroniques s\u00e9curis\u00e9s) ;\nc) les r\u00e9c\u00e9piss\u00e9s de demandes de titres de s\u00e9jour, les autorisations de s\u00e9jour, les titres de  \ns\u00e9jour,  les  r\u00e9c\u00e9piss\u00e9s  valant  justificatif  d'identit\u00e9  dans  le  cadre  des  assignations  \u00e0 \nr\u00e9sidence,  les documents de circulation pour les \u00e9trangers mineurs r\u00e9sidant en France, les \ntitres de voyage pour r\u00e9fugi\u00e9s et apatrides et les attestations de demandes d'asile ;\nd) les d\u00e9cisions favorables de regroupement familial ;\ne) les mesures d'\u00e9loignement relevant de la comp\u00e9tence du repr\u00e9sentant de l'\u00c9tat dans le  \nd\u00e9partement  et  concernant  les  \u00e9trangers  s\u00e9journant  irr\u00e9guli\u00e8rement  sur  le  territoire \nfran\u00e7ais ainsi que les d\u00e9cisions de placement en r\u00e9tention administrative ou d'assignation  \n\u00e0 r\u00e9sidence des \u00e9trangers objet de ces mesures prises en application des dispositions du  \ncode de l'entr\u00e9e et du s\u00e9jour des \u00e9trangers et du droit d'asile (CESEDA) ;\nf)  tout courrier relatif aux proc\u00e9dures d'\u00e9loignement concernant les \u00e9trangers s\u00e9journant  \nirr\u00e9guli\u00e8rement sur le territoire fran\u00e7ais, y compris toute requ\u00eate adress\u00e9e aux juridictions \nen mati\u00e8re de r\u00e9tention administrative, notamment au juge des libert\u00e9s et de la d\u00e9tention \nen application des articles L. 742-1 \u00e0 L. 742-10 du CESEDA en vue d'obtenir la prolongation \nde la r\u00e9tention administrative ;\nARTICLE 3 : Bureau de l'immigration de la pr\u00e9fecture \nEn cas d'absence ou d'emp\u00eachement de M. Emmanuel SADOUX, la d\u00e9l\u00e9gation de signature  \nqui lui est accord\u00e9e est exerc\u00e9e par M. Thomas LORMAILLE, attach\u00e9 principal d'administration \nde l'\u00c9tat, chef du bureau de l'immigration, pour les actes mentionn\u00e9s \u00e0 l'article 1er dans la  \nlimite des attributions de ce bureau et aux c), d), e) et f) de l'article 2 du pr\u00e9sent arr\u00eat\u00e9.\nEn cas d'absence ou d'emp\u00eachement de  M. Thomas LORMAILLE, la d\u00e9l\u00e9gation de signature  \nqui  lui  est  accord\u00e9e  est  exerc\u00e9e  par  Mmes  Nathalie  ORTIZ  et  Coralie  OTULAKOWSKI, \nattach\u00e9es d'administration de l'\u00c9tat, adjointes au chef du bureau, \u00e0 l'exception du e) et du f)  \nde l'article 2.\nEn cas d'absence ou d'emp\u00eachement de  Mmes Nathalie ORTIZ et Coralie OTULAKOWSKI, la  \nd\u00e9l\u00e9gation  de  signature  qui  leur  accord\u00e9e  est  exerc\u00e9e  par  Mme  Anne  BELLEC,  secr\u00e9taire \nadministrative de classe normale,  cheffe de la section \"s\u00e9jour\", dans la limite des attributions  \nde cette section.\nARTICLE 4 : Centre d'expertise et de ressources des titres (CERT) CNI / Passeports\nEn cas d'absence ou d'emp\u00eachement de M. Emmanuel SADOUX, la d\u00e9l\u00e9gation de signature qui \nlui  est  accord\u00e9e  est  exerc\u00e9e  par  Mme  Anne-Sophie  GADIN,  attach\u00e9e  d'administration  de \nl'\u00c9tat, cheffe du centre d'expertise et de ressources des titres (CERT) CNI / Passeports, pour les \nactes mentionn\u00e9s \u00e0 l'article 1er, dans la limite des attributions de ce service, et aux a) et b) de  \nl'article 2 du pr\u00e9sent arr\u00eat\u00e9.\n2/3\nPr\u00e9fecture du VAR - 83-2025-06-02-00010 - ARR\u00caT\u00c9 PR\u00c9FECTORAL n\u00b02025/19/MCI du 2 juin 2025 portant d\u00e9l\u00e9gation de signature \u00e0 M.\nEmmanuel SADOUX, directeur des titres d'identit\u00e9 et de l'immigration de la pr\u00e9fecture du Var 139\nARTICLE 5 :  Le secr\u00e9taire g\u00e9n\u00e9ral de la pr\u00e9fecture et le directeur des titres d'identit\u00e9 et de  \nl'immigration  de  la  pr\u00e9fecture  du  Var,  sont  charg\u00e9s,  chacun  Vu  l'arr\u00eat\u00e9  pr\u00e9fectoral  \nn\u00b02024/43/MCI du 30 d\u00e9cembre 2024 portant organisation de la pr\u00e9fecture du Var ; en ce qui  \nle concerne, de l'ex\u00e9cution du pr\u00e9sent arr\u00eat\u00e9 qui sera publi\u00e9 au recueil des actes administratifs \nde la pr\u00e9fecture du Var.\nToulon, le 2 juin 2025\nPr\u00e9fet du Var\nSign\u00e9\nSimon BABRE\n3/3\nPr\u00e9fecture du VAR - 83-2025-06-02-00010 - ARR\u00caT\u00c9 PR\u00c9FECTORAL n\u00b02025/19/MCI du 2 juin 2025 portant d\u00e9l\u00e9gation de signature \u00e0 M.\nEmmanuel SADOUX, directeur des titres d'identit\u00e9 et de l'immigration de la pr\u00e9fecture du Var 140\nPr\u00e9fecture du VAR\n83-2025-06-02-00013\nArr\u00eat\u00e9 pr\u00e9fectoral n\u00b02025/22/MCI du 2 juin 2025\nportant d\u00e9l\u00e9gation de signature et\nd'ordonnancement secondaire des recettes et\nd\u00e9penses de l'\u00c9tat au titre des programmes\nex\u00e9cut\u00e9s par la SGCD du Var\n\u00e0 Monsieur S\u00e9bastien ODDONE,\nDirecteur du secr\u00e9tariat g\u00e9n\u00e9ral commun\nd\u00e9partemental du Var\nPr\u00e9fecture du VAR - 83-2025-06-02-00013 - Arr\u00eat\u00e9 pr\u00e9fectoral n\u00b02025/22/MCI du 2 juin 2025\nportant d\u00e9l\u00e9gation de signature et d'ordonnancement secondaire des recettes et d\u00e9penses de l'\u00c9tat au titre des programmes\nex\u00e9cut\u00e9s par la SGCD du Var\n\u00e0 Monsieur S\u00e9bastien ODDONE,\nDirecteur du secr\u00e9tariat g\u00e9n\u00e9ral commun d\u00e9partemental du Var\n141\nExPREFETDU VARLibert\u00e9Egalit\u00e9Fraternit\u00e9\nDirection de la coordination des politiques publiques et de \nl'appui territorial\nMission de coordination interminist\u00e9rielle\nArr\u00eat\u00e9 pr\u00e9fectoral n\u00b02025/22/MCI du 2 juin 2025\n portant d\u00e9l\u00e9gation de signature et d'ordonnancement secondaire des recettes et \nd\u00e9penses de l'\u00c9tat au titre des programmes ex\u00e9cut\u00e9s par la SGCD du Var \n \u00e0 Monsieur S\u00e9bastien ODDONE,\nDirecteur du secr\u00e9tariat g\u00e9n\u00e9ral commun d\u00e9partemental du Var\nLe Pr\u00e9fet du Var,\nChevalier de la L\u00e9gion d'Honneur,\nChevalier de l'Ordre National du M\u00e9rite,\nVu le code g\u00e9n\u00e9ral de la fonction publique ;\nVu la loi organique n\u00b02001-692 du 1er ao\u00fbt 2001 modifi\u00e9e relative aux lois de finances ; \nVu  la  loi  d'orientation  n\u00b0 92-125  du  6  f\u00e9vrier  1992  modifi\u00e9e,  relative  \u00e0  l'administration \nterritoriale de la R\u00e9publique ;\nVu le d\u00e9cret n\u00b082-453 du 28 mai 1982 modifi\u00e9 relatif \u00e0 l'hygi\u00e8ne et \u00e0 la s\u00e9curit\u00e9 du travail  \nainsi qu'\u00e0 la pr\u00e9vention m\u00e9dicale dans la fonction publique ;\nVu  le  d\u00e9cret  n\u00b0 2004-374  du  29  avril  2004  modifi\u00e9,  relatif  aux  pouvoirs  des  pr\u00e9fets,  \u00e0\nl'organisation et \u00e0 l'action des services de l'\u00c9tat dans les r\u00e9gions et d\u00e9partements ;\nVu le d\u00e9cret n\u00b0 2006-1780 du 23 d\u00e9cembre 2006 modifi\u00e9, portant d\u00e9l\u00e9gation de pouvoir en  \nmati\u00e8re de recrutement et de gestion de certains personnels relevant du minist\u00e8re de  \nl'Int\u00e9rieur ;\nVu  le  d\u00e9cret  n\u00b0 2009-1484  du  3  d\u00e9cembre  2009  modifi\u00e9,  relatif  aux  directions  \nd\u00e9partementales interminist\u00e9rielles ;\nVu le d\u00e9cret n\u00b0  2012-1246 du 7 novembre 2012 modifi\u00e9, relatif \u00e0 la gestion budg\u00e9taire et  \ncomptable publique ;\nVu le d\u00e9cret n\u00b0 2015-510 du 7 mai 2015 modifi\u00e9, portant charte de la d\u00e9concentration ;\nVu le d\u00e9cret n\u00b0 2019-1594 du 31 d\u00e9cembre 2019 modifi\u00e9, relatif aux emplois de direction de  \nl'\u00c9tat, notamment les articles 34 et suivants ;\nVu  le  d\u00e9cret  n\u00b0 2020-99  du  7  f\u00e9vrier  2020  relatif  \u00e0  l'organisation  et  aux  missions  des \nsecr\u00e9tariats g\u00e9n\u00e9raux communs d\u00e9partementaux ;\nVu  le  d\u00e9cret  du  Pr\u00e9sident  de  la  R\u00e9publique  du  15  avril  2022  portant  nomination  de \nM.  Lucien  GIUDICELLI,  secr\u00e9taire  g\u00e9n\u00e9ral  de  la  pr\u00e9fecture  du  Var,  sous-pr\u00e9fet  de \nl'arrondissement de Toulon ; \n1/5\nPr\u00e9fecture du VAR - 83-2025-06-02-00013 - Arr\u00eat\u00e9 pr\u00e9fectoral n\u00b02025/22/MCI du 2 juin 2025\nportant d\u00e9l\u00e9gation de signature et d'ordonnancement secondaire des recettes et d\u00e9penses de l'\u00c9tat au titre des programmes\nex\u00e9cut\u00e9s par la SGCD du Var\n\u00e0 Monsieur S\u00e9bastien ODDONE,\nDirecteur du secr\u00e9tariat g\u00e9n\u00e9ral commun d\u00e9partemental du Var\n142\nVu le d\u00e9cret du Pr\u00e9sident de la R\u00e9publique du 15 mai 2025 portant nomination de M. Simon \nBABRE, pr\u00e9fet du Var ;\nVu  l'arr\u00eat\u00e9  du  Premier  Ministre  du  31  mars  2011  modifi\u00e9,  portant  d\u00e9concentration  des \nd\u00e9cisions relatives \u00e0 la situation individuelle des fonctionnaires et agents non titulaires  \nexer\u00e7ant leurs fonctions dans les directions d\u00e9partementales interminist\u00e9rielles ;\nVu l'arr\u00eat\u00e9 du Ministre d'\u00c9tat, ministre de l'Int\u00e9rieur du 28 d\u00e9cembre 2017 modifi\u00e9, portant  \nd\u00e9l\u00e9gation  de  pouvoir  en  mati\u00e8re  de  recrutement  et  de  gestion  des  personnels \nadministratifs du minist\u00e8re de l'Int\u00e9rieur ;\nVu  l'arr\u00eat\u00e9  pr\u00e9fectoral  n\u00b02020/96/MCI  du  29  d\u00e9cembre  2020  portant  organisation  du \nsecr\u00e9tariat g\u00e9n\u00e9ral commun d\u00e9partemental, modifi\u00e9 par l'arr\u00eat\u00e9 n\u00b02022/18/MCI du 10 juin  \n2022 et par l'arr\u00eat\u00e9 n\u00b02022/45/MCI du 7 novembre 2022 ;\nVu la circulaire n\u00b0 6104/SG du 2 ao\u00fbt 2019 du Premier ministre relative \u00e0 la constitution de  \nsecr\u00e9tariats  g\u00e9n\u00e9raux  communs  aux  pr\u00e9fectures  et  aux  directions  d\u00e9partementales \ninterminist\u00e9rielles ;\nVu l'arr\u00eat\u00e9 du Premier ministre et du ministre de l'Int\u00e9rieur du 3 octobre 2024, portant  \nnomination de M. S\u00e9bastien ODDONE, attach\u00e9 d'administration de l'\u00c9tat hors classe, en  \nqualit\u00e9 de directeur du secr\u00e9tariat g\u00e9n\u00e9ral commun d\u00e9partemental du Var,  \u00e7 compter de  \ncette m\u00eame date ;\nSur  proposition  du  secr\u00e9taire  g\u00e9n\u00e9ral  de  la  pr\u00e9fecture  et  des  directeurs  des  directions \nd\u00e9partementales interminist\u00e9rielles concern\u00e9s,\nARR\u00caTE :\nArticle  1er :  D\u00e9l\u00e9gation  est  donn\u00e9e  \u00e0  M.  S\u00e9bastien  ODDONE,  directeur  du  secr\u00e9tariat \ng\u00e9n\u00e9ral commun d\u00e9partemental du Var, \u00e0 l'effet de signer, dans le cadre de ses attributions \net  comp\u00e9tences,  les  arr\u00eat\u00e9s,  actes,  d\u00e9cisions,  documents  administratifs,  rapports, \nconventions, certificats et correspondances ainsi que toute mesure d'ordre interne relatives \n\u00e0  l'organisation  et  au  fonctionnement  de  ce  service,  \u00e0  l'exception  des  actes  vis\u00e9s  \u00e0 \nl'article 3.\nI) Ordonnancement secondaire\nD\u00e9l\u00e9gation est donn\u00e9e \u00e0 M. Sebastien Oddone, directeur du secr\u00e9tariat g\u00e9n\u00e9ral commun  \nd\u00e9partemental,  pour  proc\u00e9der  \u00e0  l'ordonnancement  secondaire  des  recettes  et  des \nd\u00e9penses  de  l'\u00c9tat  relevant  des  attributions  et  du  fonctionnement  de  ce  service  et \nimput\u00e9es sur les programmes suivants, \u00e0 concurrence d'un montant de 100 000 \u20ac :\n\u25aa 124 \u00ab Conduite et soutien des politiques sanitaires, sociales, du sport, de la  \njeunesse et de la vie associative  \u00bb, en ce qu'elles concernent les d\u00e9penses  \nm\u00e9dicales et d'action sociale ;\n\u25aa 134  \u00ab d\u00e9veloppement  des  entreprises \u00bb,  en  ce  qu'elles  concernent  les \nd\u00e9penses m\u00e9dicales et d'action sociale ;\n\u25aa 148 \u00ab fonction publique \u00bb ;\n2/5\nPr\u00e9fecture du VAR - 83-2025-06-02-00013 - Arr\u00eat\u00e9 pr\u00e9fectoral n\u00b02025/22/MCI du 2 juin 2025\nportant d\u00e9l\u00e9gation de signature et d'ordonnancement secondaire des recettes et d\u00e9penses de l'\u00c9tat au titre des programmes\nex\u00e9cut\u00e9s par la SGCD du Var\n\u00e0 Monsieur S\u00e9bastien ODDONE,\nDirecteur du secr\u00e9tariat g\u00e9n\u00e9ral commun d\u00e9partemental du Var\n143\n\u25aa 155  \u00ab Conception,  gestion  et  \u00e9valuation  des  politiques  de  l'emploi  et  du \ntravail, en ce qu'elles concernent les d\u00e9penses m\u00e9dicales et d'action sociale ;\n\u25aa 176 \u00ab police nationale \u00bb, en ce qu'elles concernent les commissions de secours \net l'action sociale ;\n\u25aa 206  \u00ab s\u00e9curit\u00e9  et  qualit\u00e9  sanitaires  de  l'alimentation \u00bb,  en  ce  qu'elles \nconcernent les d\u00e9penses m\u00e9dicales et d'action sociale ;\n\u25aa 215  \u00ab conduite  et  pilotage  des  politiques  de  l'agriculture \u00bb,  en  ce  qu'elles \nconcernent les d\u00e9penses m\u00e9dicales et d'action sociale ;\n\u25aa 216  \u00ab conduite  et  pilotage  des  politiques  de  l'Int\u00e9rieur \u00bb,  en  ce  qu'elles \nconcernent les d\u00e9penses d'action sociale  et l'action 6 affaires juridiques et  \ncontentieuses ;\n\u25aa 217 \u00ab conduite et pilotage des politiques de l'\u00e9cologie, du d\u00e9veloppement et  \nde la mobilit\u00e9 durables \u00bb, en ce qu'elles concernent les d\u00e9penses m\u00e9dicales et \nd'action sociale ;\n\u25aa 348 \u00ab  r\u00e9novation des cit\u00e9s administratives et autres sites domaniaux multi-\noccupants \u00bb ;\n\u25aa 349 \u00ab  fonds pour la transformation de l'action publique  \u00bb pour la saisie des  \nexpressions  de  besoin  et  la  constatation  du  service  fait  dans  Chorus \nformulaires  des  actes  juridiques  \u00e9ligibles  au  fonds  de  transformation  de \nl'action publique ;\n\u25aa 354 \u00ab administration territoriale de l'\u00c9tat \u00bb ;\n\u25aa 362 \u00ab \u00e9cologie \u00bb ;\n\u25aa 363 \u00ab comp\u00e9titivit\u00e9 \u00bb ;\n\u25aa 723 \u00ab op\u00e9rations immobili\u00e8res et entretien des b\u00e2timents de l'\u00c9tat \u00bb.\nII) Au titre de la gestion courante, logistique et comptabilit\u00e9-finances\n\u2022 les ampliations de d\u00e9cisions et arr\u00eat\u00e9s pr\u00e9fectoraux ;\n\u2022 les copies conformes de documents ou extraits de documents ;\n\u2022 les documents, les avis, les notifications des arr\u00eat\u00e9s et d\u00e9cisions ;\n\u2022 la correspondance courante et toutes d\u00e9cisions d'ordre courant se rapportant au  \nfonctionnement du secr\u00e9tariat g\u00e9n\u00e9ral commun d\u00e9partemental ;\n\u2022 les convocations aux r\u00e9unions fix\u00e9es par le pr\u00e9fet du Var ;\n\u2022 les  proc\u00e8s-verbaux  des  commissions  et  des  comit\u00e9s  dont  la  directrice  assure  la \npr\u00e9sidence en qualit\u00e9 de repr\u00e9sentant du pr\u00e9fet du Var ;\n\u2022 les constatations du service fait pour les d\u00e9penses relatives aux BOP vis\u00e9s ci-dessus;\n\u2022 les certifications des actes authentiques de vente, r\u00e9trocession et convention relatifs \nau domaine de l'\u00c9tat ;\n\u2022 les copies des arr\u00eat\u00e9s ou d\u00e9cisions du pr\u00e9fet du Var ;\n\u2022 les  proc\u00e8s-verbaux  des  bureaux  de  d\u00e9pouillement  des  offres  dans  le  cadre  des \nmarch\u00e9s pass\u00e9s apr\u00e8s consultation collective par l'\u00c9tat, les collectivit\u00e9s territoriales  \nou leurs \u00e9tablissements publics ;\n\u2022 les  demandes  d'engagement  pour  les  march\u00e9s  publics  relevant  des  programmes \ng\u00e9r\u00e9s par le  secr\u00e9tariat g\u00e9n\u00e9ral commun d\u00e9partemental , leurs copies conformes et  \nles pi\u00e8ces qui leur sont annex\u00e9es ;\n\u2022 les envois \u00e0 la publication des avis d'appel public \u00e0 la concurrence ;\n\u2022 les actes et documents relevant des march\u00e9s publics des programmes g\u00e9r\u00e9s par le  \nsecr\u00e9tariat g\u00e9n\u00e9ral commun d\u00e9partemental ;\n\u2022 les registres de d\u00e9p\u00f4ts des offres et des re\u00e7us d\u00e9livr\u00e9s aux entreprises dans le cadre  \nde  la  proc\u00e9dure  des  march\u00e9s  publics  relevant  des  programmes  g\u00e9r\u00e9s  par  le \nsecr\u00e9tariat g\u00e9n\u00e9ral commun d\u00e9partemental;\n3/5\nPr\u00e9fecture du VAR - 83-2025-06-02-00013 - Arr\u00eat\u00e9 pr\u00e9fectoral n\u00b02025/22/MCI du 2 juin 2025\nportant d\u00e9l\u00e9gation de signature et d'ordonnancement secondaire des recettes et d\u00e9penses de l'\u00c9tat au titre des programmes\nex\u00e9cut\u00e9s par la SGCD du Var\n\u00e0 Monsieur S\u00e9bastien ODDONE,\nDirecteur du secr\u00e9tariat g\u00e9n\u00e9ral commun d\u00e9partemental du Var\n144\n\u2022 les  pi\u00e8ces  comptables,  notamment  les  actes  de  certification  de  services  faits, \nconcernant  les  frais  de  missions  et  de  formation  engag\u00e9s  dans  le  cadre  du \nfonctionnement  de  la  pr\u00e9fecture  du  Var,  du  secr\u00e9tariat  g\u00e9n\u00e9ral  commun  \nd\u00e9partemental et des directions d\u00e9partementales interminist\u00e9rielles ;\n\u2022 les correspondances adress\u00e9es aux maires du d\u00e9partement relatives aux proc\u00e9dures  \nd'appr\u00e9hension  et  d'attribution  \u00e0  l'\u00c9tat  des  biens  vacants  et  sans  ma\u00eetre  et  de \ncession des biens de l'\u00c9tat d'origine militaire ou ferroviaire ;\n\u2022 la communication, pour leur ex\u00e9cution, des directives donn\u00e9es par le pr\u00e9fet du Var  \naux directeurs et chefs de services d\u00e9partementaux ;\n\u2022 les correspondances courantes autres que les d\u00e9cisions de principe avec le service  \nr\u00e9gional des transmissions et de l'informatique et les services de police pour la mise  \nen  \u0153uvre  des  moyens  affect\u00e9s  par  le  minist\u00e8re  de  l'int\u00e9rieur  \u2013  direction  du \nnum\u00e9rique ;\n\u2022 les  d\u00e9cisions  de  d\u00e9pense  en  ce  qui  concerne  les  \u00e9quipements  et logiciels  \ninformatiques et bureautiques, les travaux et r\u00e9parations des mat\u00e9riels, l'achat de  \nv\u00e9hicules, la validation des expressions de besoins et la constatation des services  \nfaits dans l'application Chorus formulaires pour le programme 354 ;\n\u2022 la repr\u00e9sentation de l'\u00c9tat devant les juridictions de l'ordre administratif ou judiciaire \npour  les  affaires  relevant  de  la  comp\u00e9tence  du  secr\u00e9tariat  g\u00e9n\u00e9ral  commun \nd\u00e9partemental.\nTous documents comptables n\u00e9cessaires \u00e0 la gestion des cartes achats des porteurs de  \ncartes achats au titre des programmes suivants :\n\u25aa 207 \"S\u00e9curit\u00e9 et \u00e9ducation routi\u00e8res\"\n\u25aa 232 \u00ab Vie politique \u00bb en ce qu'elles concernent les d\u00e9penses des \u00e9lections ; \n\u25aa 354 \u00ab administration territoriale de l'\u00c9tat \u00bb ;\n\u25aa 206 \u00ab s\u00e9curit\u00e9 et qualit\u00e9 sanitaires de l'alimentation \u00bb ;\n\u25aa 149 \u00ab for\u00eat \u00bb ;\n\u25aa 205 \u00ab s\u00e9curit\u00e9 et affaires maritimes, p\u00eache et aquaculture \u00bb.\nArticle 2  :  D\u00e9l\u00e9gation de signature est \u00e9galement donn\u00e9e \u00e0  M. S\u00e9bastien ODDONE , en  \nmati\u00e8re de gestion des ressources humaines :\nGestion des agents du secr\u00e9tariat g\u00e9n\u00e9ral commun d\u00e9partemental:\n\u2022 les d\u00e9cisions d'affectation ;\n\u2022 les  d\u00e9cisions  d'attribution  de  cong\u00e9s  de  maladie,  de  maternit\u00e9,  de  repos  \nsuppl\u00e9mentaire  pour  couches  pathologiques,  de  cong\u00e9s  ordinaires,  les  d\u00e9cisions \nrelatives \u00e0 l'exercice du temps partiel et les bons de transport ;\n\u2022 les arr\u00eat\u00e9s relatifs aux attributions des primes et indemnit\u00e9s r\u00e9glementaires ;\n\u2022 la signature des conventions de stage et des contrats de vacataires ;\n\u2022 Les  autorisations  et  la  gestion  des  d\u00e9placements  temporaires  des  agents  du \nsecr\u00e9tariat g\u00e9n\u00e9ral commun d\u00e9partemental.\nGestion  des  agents  des  directions  d\u00e9partementales  interminist\u00e9rielles,  du  secr\u00e9tariat  \ng\u00e9n\u00e9ral commun d\u00e9partemental et de la pr\u00e9fecture :\n\u2022 les bordereaux de transmission, les \u00e9tats de service et les attestations ;\n\u2022 la signature des contrats de vacataires ;\n4/5\nPr\u00e9fecture du VAR - 83-2025-06-02-00013 - Arr\u00eat\u00e9 pr\u00e9fectoral n\u00b02025/22/MCI du 2 juin 2025\nportant d\u00e9l\u00e9gation de signature et d'ordonnancement secondaire des recettes et d\u00e9penses de l'\u00c9tat au titre des programmes\nex\u00e9cut\u00e9s par la SGCD du Var\n\u00e0 Monsieur S\u00e9bastien ODDONE,\nDirecteur du secr\u00e9tariat g\u00e9n\u00e9ral commun d\u00e9partemental du Var\n145\n\u2022 les services faits pour les services civiques et les stagiaires gratifi\u00e9s, ainsi que les  \ncontrats de vacations ;\n\u2022 les actes courants et les d\u00e9cisions de d\u00e9penses g\u00e9r\u00e9es par la formation.\nAction sociale : \n\u2022 les  arr\u00eat\u00e9s  attributifs  de  subvention  ainsi  que  les  d\u00e9cisions  individuelles  de \nprestations dans le champ de comp\u00e9tence du sous-p\u00f4le action sociale et dialogue  \nsocial.\nArticle 3     :    Sont exclus du champ de la d\u00e9l\u00e9gation telle que d\u00e9fin ie aux articles 1 et 2 ci-\ndessus : \n- les actes \u00e0 port\u00e9e r\u00e9glementaire ;\n- les  actes  d\u00e9favorables  faisant  grief  \u00e0  des  tiers,  notamment  les  sanctions \nadministratives, suspensions, annulations, retraits, ainsi que les d\u00e9cisions de  \nrefus lorsqu'ils rel\u00e8vent d'une appr\u00e9ciation discr\u00e9tionnaire ;\n- les circulaires aux maires et aux collectivit\u00e9s territoriales ;\n- toutes correspondances adress\u00e9es aux cabinets minist\u00e9riels, ainsi que celles  \nadress\u00e9es aux administrations centrales ;\n- toutes correspondances adress\u00e9es au pr\u00e9fet de r\u00e9gion ;\n- toutes correspondances adress\u00e9es aux pr\u00e9sidents des assembl\u00e9es r\u00e9gionale et  \nd\u00e9partementale, ainsi que les r\u00e9ponses aux interventions des parlementaires et \nconseillers d\u00e9partementaux lorsqu'elles portent sur des comp\u00e9tences relevant  \nde l'\u00c9tat ;\n- les requ\u00eates, d\u00e9f\u00e9r\u00e9s, m\u00e9moires et d\u00e9clinatoires de comp\u00e9tence aupr\u00e8s des  \ndiff\u00e9rentes juridictions.\nArticle 4     :   dans le cadre de ses attributions et comp\u00e9tences, d\u00e9l\u00e9gation est donn\u00e9e \u00e0 M.  \nSebastien ODDONE \u00e0 l'effet de d\u00e9finir, par arr\u00eat\u00e9 pris au nom du pr\u00e9fet et publi\u00e9 au recueil \ndes  actes  administratifs  de  la  pr\u00e9fecture  du  Var, les  noms  des  agents  plac\u00e9s  sous  son \nautorit\u00e9, habilit\u00e9s \u00e0 signer \u00e0 sa place certains documents relevant de leurs comp\u00e9tences et  \nde leur bureau, dans les limites des attributions mentionn\u00e9es aux articles ci-dessus.\nArticle 5 : Le secr\u00e9taire g\u00e9n\u00e9ral de la pr\u00e9fecture du Var et le directeur du secr\u00e9tariat g\u00e9n\u00e9ral \ncommun d\u00e9partemental sont charg\u00e9s, chacun en ce qui le concerne, de l'ex\u00e9cution du  \npr\u00e9sent arr\u00eat\u00e9 qui sera publi\u00e9 au recueil des actes administratifs de la pr\u00e9fecture.\nFait \u00e0 Toulon, le 2 juin 2025\nPr\u00e9fet du Var\nSign\u00e9\nSimon BABRE\n5/5\nPr\u00e9fecture du VAR - 83-2025-06-02-00013 - Arr\u00eat\u00e9 pr\u00e9fectoral n\u00b02025/22/MCI du 2 juin 2025\nportant d\u00e9l\u00e9gation de signature et d'ordonnancement secondaire des recettes et d\u00e9penses de l'\u00c9tat au titre des programmes\nex\u00e9cut\u00e9s par la SGCD du Var\n\u00e0 Monsieur S\u00e9bastien ODDONE,\nDirecteur du secr\u00e9tariat g\u00e9n\u00e9ral commun d\u00e9partemental du Var\n146\nPr\u00e9fecture du VAR\n83-2025-06-02-00014\nARR\u00caT\u00c9 PR\u00c9FECTORAL n\u00b02025/23/MCI du 2 juin\n2025\nportant d\u00e9l\u00e9gation de signature \u00e0 Mme Sandrine\nPOLYCHRONOPOULOS,\ndirectrice d\u00e9partementale de l'emploi, du travail\net des solidarit\u00e9s du Var\nPr\u00e9fecture du VAR - 83-2025-06-02-00014 - ARR\u00caT\u00c9 PR\u00c9FECTORAL n\u00b02025/23/MCI du 2 juin 2025\nportant d\u00e9l\u00e9gation de signature \u00e0 Mme Sandrine POLYCHRONOPOULOS,\ndirectrice d\u00e9partementale de l'emploi, du travail et des solidarit\u00e9s du Var\n147\n|PREFETDU VARLibert\u00e9Egalit\u00e9Fraternit\u00e9\nDirection de la coordination des politiques publiques\net de l'appui territorial\nMission de coordination interminist\u00e9rielle\nARR\u00caT\u00c9 PR\u00c9FECTORAL n\u00b02025/23/MCI du 2 juin 2025\nportant d\u00e9l\u00e9gation de signature \u00e0 Mme Sandrine POLYCHRONOPOULOS,\ndirectrice d\u00e9partementale de l'emploi, du travail et des solidarit\u00e9s du Var\nLe Pr\u00e9fet du Var,\nChevalier de la L\u00e9gion d'Honneur,\nChevalier de l'Ordre National du M\u00e9rite,\nVu le code g\u00e9n\u00e9ral de la fonction publique ;\nVu la loi n\u00b0 82-213 du 2 mars modifi\u00e9e, relative aux droits et libert\u00e9s des communes, des  \nd\u00e9partements et des r\u00e9gions ;\nVu la loi n\u00b0 83-8 du 7 janvier 1983 modifi\u00e9e relative \u00e0 la r\u00e9partition des comp\u00e9tences entre les \ncommunes, les d\u00e9partements, les r\u00e9gions et l'\u00c9tat ;\nVu  la  loi  d'orientation  n\u00b0  92-125  du  6  f\u00e9vrier  1992  modifi\u00e9e  relative  \u00e0  !'administration \nterritoriale de la R\u00e9publique ;\nVu la  loi  n\u00b0  2004-809  du  13  ao\u00fbt  2004  modifi\u00e9e  relative  aux  libert\u00e9s  et  responsabilit\u00e9s \nlocales ;\nVu  le  d\u00e9cret  n\u00b0  2004-374  du  29  avril  2004  modifi\u00e9  relatif  aux  pouvoirs  des  pr\u00e9fets,  \u00e0 \nl'organisation et a l'action des services de l'\u00c9tat dans les r\u00e9gions et les d\u00e9partements ;\nVu le d\u00e9cret n\u00b0 2009-1484 du 3 d\u00e9cembre 2009 modifi\u00e9 relatif aux directions d\u00e9partementales \ninterminist\u00e9rielles ;\nVu le d\u00e9cret n\u00b02015-510 du 7 mai 2015 portant charte de la d\u00e9concentration ;\nVu le d\u00e9cret n\u00b0 2020-1545 du 9 d\u00e9cembre 2020 modifi\u00e9 relatif \u00e0 l'organisation et aux missions \ndes directions r\u00e9gionales de l'\u00e9conomie, de l'emploi, du travail et des solidarit\u00e9s et des  \ndirections d\u00e9partementales de l'emploi, du travail et des solidarit\u00e9s ;\nVu le d\u00e9cret du Pr\u00e9sident de la R\u00e9publique du 15 avril 2022 portant nomination de M. Lucien \nGIUDICELLI, Secr\u00e9taire g\u00e9n\u00e9ral de la Pr\u00e9fecture du Var, sous-pr\u00e9fet de l'arrondissement de  \nToulon ;\nVu le d\u00e9cret du Pr\u00e9sident de la R\u00e9publique du 15 mai 2025 portant nomination de M. Simon  \nBABRE, pr\u00e9fet du Var ;\nVu l'arr\u00eat\u00e9 du Premier ministre et du ministre de l'Int\u00e9rieur du 17 janvier 2025 portant  \nnomination  de  Mme  Sandrine  POLYCHRONOPOULOS  en  qualit\u00e9  de  directrice  \nd\u00e9partementale de l'emploi, du travail et des solidarit\u00e9s du Var \u00e0 compter du 17 f\u00e9vrier 2025 \npour une dur\u00e9e de quatre ans ;\n1\nPr\u00e9fecture du VAR - 83-2025-06-02-00014 - ARR\u00caT\u00c9 PR\u00c9FECTORAL n\u00b02025/23/MCI du 2 juin 2025\nportant d\u00e9l\u00e9gation de signature \u00e0 Mme Sandrine POLYCHRONOPOULOS,\ndirectrice d\u00e9partementale de l'emploi, du travail et des solidarit\u00e9s du Var\n148\nVu l'arr\u00eat\u00e9 interminist\u00e9riel du 31 mars 2011 modifi\u00e9 portant d\u00e9concentration des d\u00e9cisions  \nrelatives \u00e0 la situation individuelle des fonctionnaires et agents non titulaires exer\u00e7ant leurs  \nfonctions dans les directions d\u00e9partementales interminist\u00e9rielles ;\nVu l'arr\u00eat\u00e9 pr\u00e9fectoral du 25 mars 2021 portant organisation de la direction d\u00e9partementale  \nde l'emploi, du travail et des solidarit\u00e9s du Var \u00e0 compter du 1er avril 2021.\nSur proposition du Secr\u00e9taire g\u00e9n\u00e9ral de la pr\u00e9fecture,\nARR\u00caTE :\nArticle 1\nD\u00e9l\u00e9gation est donn\u00e9e \u00e0 Mme Sandrine POLYCHRONOPOULOS, directrice d\u00e9partementale  \nde l'emploi, du travail et des solidarit\u00e9s du Var, \u00e0 effet de signer tous actes de gestion interne a \nsa  direction  et  tous  actes,  d\u00e9cisions,  documents  administratifs,  rapports,  conventions, \ncertificats, correspondances dans les limites des attributions de cette direction, sous r\u00e9serve \ndes dispositions de l'article 2 du pr\u00e9sent arr\u00eat\u00e9.\nArticle 2\nSont exclus de la d\u00e9l\u00e9gation : \n\u2022 les actes \u00e0 port\u00e9e r\u00e9glementaire,\n\u2022 les  arr\u00eat\u00e9s  portant  nomination  des  membres  de  commissions  et  de  comit\u00e9s \nd\u00e9partementaux,\n\u2022 les d\u00e9cisions attributives de subventions de fonctionnement et march\u00e9s d'un montant \nsup\u00e9rieur \u00e0 50 000 \u20ac et les subventions d'investissement quel qu'en soit le montant,\n\u2022 les circulaires aux maires et aux collectivit\u00e9s territoriales,\n\u2022 toutes correspondances adress\u00e9es aux cabinets minist\u00e9riels ainsi que celles adress\u00e9es  \naux administrations centrales,\n\u2022 toutes correspondances adress\u00e9es au pr\u00e9fet de r\u00e9gion,\n\u2022 toutes  correspondances  adress\u00e9es  aux  pr\u00e9sidents  des  assembl\u00e9es  r\u00e9gionales  et \nd\u00e9partementales ainsi que les r\u00e9ponses aux interventions des parlementaires et des  \nconseillers  d\u00e9partementaux  lorsqu'elles  portent  sur  des  comp\u00e9tences  relevant  de \nl'\u00c9tat,\n\u2022 les actes portant constitution et composition des comites et commissions institu\u00e9es  \npar des textes l\u00e9gislatifs ou r\u00e9glementaires,\n\u2022 la saisine du tribunal administratif au titre des recours contentieux,\n\u2022 la saisine de la chambre r\u00e9gionale des comptes et du tribunal administratif au titre du  \ncontr\u00f4le de l\u00e9galit\u00e9 des d\u00e9lib\u00e9rations des \u00e9tablissements sociaux,\n\u2022 la saisine du tribunal administratif au titre du contr\u00f4le de l\u00e9galit\u00e9 des actes du conseil  \nd\u00e9partemental en mati\u00e8re sociale, ainsi que pour les recours gracieux pr\u00e9alables.\nArticle 3\nDans le cadre de ses attributions et comp\u00e9tences, d\u00e9l\u00e9gation est donn\u00e9e \u00e0 Mme Sandrine  \nPOLYCHRONOPOULOS, directrice d\u00e9partementale de l'emploi, du travail et des solidarit\u00e9s du \n2\nPr\u00e9fecture du VAR - 83-2025-06-02-00014 - ARR\u00caT\u00c9 PR\u00c9FECTORAL n\u00b02025/23/MCI du 2 juin 2025\nportant d\u00e9l\u00e9gation de signature \u00e0 Mme Sandrine POLYCHRONOPOULOS,\ndirectrice d\u00e9partementale de l'emploi, du travail et des solidarit\u00e9s du Var\n149\nVar, \u00e0 l'effet de d\u00e9signer, par arr\u00eat\u00e9 pris en mon nom, la liste des agents plac\u00e9s sous son  \nautorit\u00e9 habilit\u00e9s \u00e0 signer \u00e0 sa place certains documents relevant de leurs attributions, dans les \nlimites des attributions mentionn\u00e9es aux articles 2 et 3  ci-dessus.\nArticle 4\nLe secr\u00e9taire g\u00e9n\u00e9ral de la pr\u00e9fecture du Var et la directrice d\u00e9partementale de l'emploi, du  \ntravail et des solidarit\u00e9s du Var, sont charg\u00e9s, chacun en ce qui les concerne, de l'ex\u00e9cution du \npr\u00e9sent arr\u00eat\u00e9 qui sera publi\u00e9 au recueil des actes administratifs de la pr\u00e9fecture du Var.\nFait \u00e0 Toulon, le 2 juin 2025\nPr\u00e9fet du Var\nSign\u00e9\nSimon BABRE\n3\nPr\u00e9fecture du VAR - 83-2025-06-02-00014 - ARR\u00caT\u00c9 PR\u00c9FECTORAL n\u00b02025/23/MCI du 2 juin 2025\nportant d\u00e9l\u00e9gation de signature \u00e0 Mme Sandrine POLYCHRONOPOULOS,\ndirectrice d\u00e9partementale de l'emploi, du travail et des solidarit\u00e9s du Var\n150\nPr\u00e9fecture du VAR\n83-2025-06-02-00033\nARR\u00caT\u00c9 PR\u00c9FECTORAL n\u00b02025/33/MCI du 2 juin\n2025\nportant d\u00e9l\u00e9gation de signature pour\nl'ordonnancement secondaire\ndes recettes et des d\u00e9penses imput\u00e9es sur les\nprogrammes du budget de l'\u00c9tat\net pour les march\u00e9s publics et les accords-cadres\nau sein de la direction d\u00e9partementale des\nterritoires et de la mer du Var\nPr\u00e9fecture du VAR - 83-2025-06-02-00033 - ARR\u00caT\u00c9 PR\u00c9FECTORAL n\u00b02025/33/MCI du 2 juin 2025\nportant d\u00e9l\u00e9gation de signature pour l'ordonnancement secondaire\ndes recettes et des d\u00e9penses imput\u00e9es sur les programmes du budget de l'\u00c9tat\net pour les march\u00e9s publics et les accords-cadres\nau sein de la direction d\u00e9partementale des territoires et de la mer du Var\n151\nExPREFETDU VARLibert\u00e9Egalit\u00e9Fraternit\u00e9\nS\nDirection de la coordination des politiques publiques\net de l'appui territorial\nMission de coordination interminist\u00e9rielle\nARR\u00caT\u00c9 PR\u00c9FECTORAL n\u00b02025/33/MCI du 2 juin 2025\nportant d\u00e9l\u00e9gation de signature pour l'ordonnancement secondaire\n des recettes et des d\u00e9penses imput\u00e9es sur les programmes du budget de l'\u00c9tat \net pour les march\u00e9s publics et les accords-cadres \nau sein de la direction d\u00e9partementale des territoires et de la mer du Var\nLe Pr\u00e9fet du Var,\nChevalier de la L\u00e9gion d'Honneur,\nChevalier de l'Ordre National du M\u00e9rite,\nVu la loi organique n\u00b0 2001-692 du 1er ao\u00fbt 2001 relative aux lois de finances ;\nVu la loi n\u00b0 82-213 du 2 mars 1982 modifi\u00e9e, relative aux droits et libert\u00e9s des communes, des  \nd\u00e9partements et des r\u00e9gions ;\nVu la loi n\u00b0 83-8 du 7 janvier 1983 modifi\u00e9e, relative \u00e0 la r\u00e9partition des comp\u00e9tences entre les \ncommunes, les d\u00e9partements, les r\u00e9gions et l'\u00c9tat ;\nVu  la  loi  d'orientation  n\u00b0  92-125  du  6  f\u00e9vrier  1992  modifi\u00e9e  relative  \u00e0  l'administration \nterritoriale de la R\u00e9publique ;\nVu la loi n\u00b0 2004-809 du 13 ao\u00fbt 2004 modifi\u00e9e relative aux libert\u00e9s et responsabilit\u00e9s locales ;\nVu  le  d\u00e9cret  n\u00b0  2004-374  du  29  avril  2004  modifi\u00e9  relatif  aux  pouvoirs  des  pr\u00e9fets,  \u00e0 \nl'organisation  et \u00e0 l'action des services de l'\u00c9tat dans les r\u00e9gions et d\u00e9partements ;\nVu le d\u00e9cret n\u00b0 2009-1484 du 3 d\u00e9cembre 2009 modifi\u00e9 relatif aux directions d\u00e9partementales \ninterminist\u00e9rielles ;\nVu le d \u00e9cret n\u00b0 2012-1246 du 7 novembre 2012 modifi\u00e9 relatif \u00e0 la gestion budg\u00e9taire et  \ncomptable publique ;\nVu le d\u00e9cret n\u00b0 2012-1247 du 7 novembre 2012 modifi\u00e9 portant adaptation de divers textes  \naux nouvelles r\u00e8gles de la gestion budg\u00e9taire et comptable publique ;\nVu le d\u00e9cret n\u00b0 2015-510 du 7 mai 2015 portant charte de la d\u00e9concentration,\nVu  le  d\u00e9cret  du  Pr\u00e9sident  de  la  R\u00e9publique  du  15  avril  2022  portant  nomination  de \nM. Lucien GIUDICELLI, sous-pr\u00e9fet de l'arrondissement de Toulon, secr\u00e9taire g\u00e9n\u00e9ral de la  \npr\u00e9fecture du Var ;\nVu le d\u00e9cret du Pr\u00e9sident de la R\u00e9publique du 15 mai 2025 portant nomination de M. Simon  \nBABRE, pr\u00e9fet du Var ;\nVu  l'arr\u00eat\u00e9  du  Premier  ministre  et  du  ministre  de  l'Int\u00e9rieur  du  4  mars  2022  portant \nnomination de M. Laurent BOULET,  directeur d\u00e9partemental des territoires et de la mer du  \nVar \u00e0 compter du 1er avril 2022 ;\nVu  l'arr\u00eat\u00e9  pr\u00e9fectoral  n\u00b0  2020/96/MCI  du  29  d\u00e9cembre  2020  portant  organisation  du \nsecr\u00e9tariat  g\u00e9n\u00e9ral  commun  d\u00e9partemental  du  Var,  modifi\u00e9  par  l'arr\u00eat\u00e9  pr\u00e9fectoral \nn\u00b02022/18/MCI du 10 juin 2022 et par l'arr\u00eat\u00e9 pr\u00e9fectoral n\u00b02022/45/MCI du 7 novembre 2022 ;\nPr\u00e9fecture du VAR - 83-2025-06-02-00033 - ARR\u00caT\u00c9 PR\u00c9FECTORAL n\u00b02025/33/MCI du 2 juin 2025\nportant d\u00e9l\u00e9gation de signature pour l'ordonnancement secondaire\ndes recettes et des d\u00e9penses imput\u00e9es sur les programmes du budget de l'\u00c9tat\net pour les march\u00e9s publics et les accords-cadres\nau sein de la direction d\u00e9partementale des territoires et de la mer du Var\n152\nS\nVu l'arr\u00eat\u00e9 pr\u00e9fectoral DDTM/MPCA/2025/1 du 21 f\u00e9vrier 2025 portant organisation de la  \ndirection d\u00e9partementale des territoires et de la mer du Var ;\nSur proposition du secr\u00e9taire g\u00e9n\u00e9ral de la pr\u00e9fecture du Var,\nARR\u00caTE :\nARTICLE 1\nD\u00e9l\u00e9gation est donn\u00e9e \u00e0 M. Laurent BOULET, directeur d\u00e9partemental des territoires et de la  \nmer  du  Var,  responsable  d'unit\u00e9  op\u00e9rationnelle, pour  proc\u00e9der  \u00e0  l'ordonnancement  \nsecondaire des recettes et des d\u00e9penses de l'\u00c9tat et de l'Union europ\u00e9enne relevant des  \nattributions  et  du  fonctionnement de  cette  direction  et  imput\u00e9es  sur  les  programmes \nsuivants :\nMinist\u00e8re Mission Intitul\u00e9 Programme programme\n03\nAgriculture et \nalimentation\nAgriculture, \nalimentation, for\u00eat et \naffaires rurales\n\u00c9conomie et d\u00e9veloppement durable des \nentreprises agricoles, agroalimentaires et \nforesti\u00e8res\n149\nConduite et pilotage des politiques de \nl'agriculture, hors d\u00e9penses d'action sociale 215\n09\nInt\u00e9rieur S\u00e9curit\u00e9s S\u00e9curit\u00e9 207\n39\nCoh\u00e9sion des \nterritoires\n\u00c9galit\u00e9 des territoires Urbanisme, territoires et am\u00e9lioration de \nl'habitat 135\n23\nTransition \n\u00e9cologique \net solidaire\n \n\u00c9cologie, d\u00e9veloppement \net mobilit\u00e9 durables\nPaysages, eau et biodiversit\u00e9 113\nPr\u00e9vention des risques 181\nInfrastructures et services de transport 203\nS\u00e9curit\u00e9 et affaires maritimes, p\u00eache et \naquaculture 205\nConduite et pilotage des politiques de \nl'\u00e9cologie, du d\u00e9veloppement et de la \nmobilit\u00e9 durables, hors d\u00e9penses d'action \nsociale\n217\nTransition \u00e9cologique et \ncoh\u00e9sion des territoires\nFonds d'acc\u00e9l\u00e9ration de la transition \n\u00e9cologique dans les territoires - Fonds Vert 380\n07 MACP \u00c9cologie Plan de relance 362\nCette d\u00e9l\u00e9gation porte sur l'engagement, la liquidation et le mandatement des d\u00e9penses,  \nainsi que sur l'\u00e9mission et la signature des titres de recettes.\nARTICLE 2\nPour les programmes sus-vis\u00e9s, demeurent r\u00e9serv\u00e9s \u00e0 la signature du pr\u00e9fet :\n\u2022 en  cas  d'avis  d\u00e9favorable  de  l'autorit\u00e9  charg\u00e9e  du  contr\u00f4le  financier,  le  courrier \ninformant cette autorit\u00e9 des motifs de la d\u00e9cision de ne pas se conformer \u00e0 l'avis  \ndonn\u00e9 ;\n2/4\nPr\u00e9fecture du VAR - 83-2025-06-02-00033 - ARR\u00caT\u00c9 PR\u00c9FECTORAL n\u00b02025/33/MCI du 2 juin 2025\nportant d\u00e9l\u00e9gation de signature pour l'ordonnancement secondaire\ndes recettes et des d\u00e9penses imput\u00e9es sur les programmes du budget de l'\u00c9tat\net pour les march\u00e9s publics et les accords-cadres\nau sein de la direction d\u00e9partementale des territoires et de la mer du Var\n153\nS\n\u2022 les ordres de r\u00e9quisition du comptable public ;\n\u2022 les d\u00e9cisions de passer outre.\nARTICLE 3\nUn compte-rendu d'utilisation des cr\u00e9dits sera adress\u00e9 trimestriellement au pr\u00e9fet du Var.  \nToute r\u00e9-allocation de moyens effectu\u00e9e en cours d'exercice, exc\u00e9dant 10 % de la r\u00e9partition  \ninitialement op\u00e9r\u00e9e sera soumise \u00e0 son avis pr\u00e9alable.\nARTICLE 4\nLes conditions d'information et d'ex\u00e9cution dans lesquelles s'exercera la d\u00e9l\u00e9gation sont les  \nsuivantes :\nLes services sont charg\u00e9s d'\u00e9laborer, sous l'autorit\u00e9 du pr\u00e9fet, une proposition de budget  \nindiquant les activit\u00e9s qu'ils se proposent de mener et l'enveloppe budg\u00e9taire associ\u00e9e pour  \nla mise en \u0153uvre du BOP .\nAfin d'assurer un suivi de la gestion d\u00e9l\u00e9gu\u00e9e, seront transmis au pr\u00e9fet et au secr\u00e9taire  \ng\u00e9n\u00e9ral de la pr\u00e9fecture charg\u00e9e de l'administration de l'\u00c9tat dans le d\u00e9partement du Var :\n\u2022 la  copie  des  lettres  de  cadrage  adress\u00e9es  par  le  responsable  de  BOP ,  dans  le  cas \no\u00f9 elles ne seraient pas adress\u00e9es sous son couvert ;\n\u2022 la proposition du budget concernant chaque unit\u00e9 op\u00e9rationnelle qui sera transmise  \nau responsable de BOP , sous couvert du pr\u00e9fet ;\n\u2022 pr\u00e9alablement \u00e0 la tenue des comit\u00e9s d'engagement concern\u00e9s, le tableau pr\u00e9visionnel \ndes op\u00e9rations qui seront propos\u00e9es \u00e0 la programmation au cours de l'exercice dans le  \ncadre de l'unit\u00e9 op\u00e9rationnelle concern\u00e9e.\nEst soumise au visa pr\u00e9alable du secr\u00e9taire g\u00e9n\u00e9ral de la pr\u00e9fecture charg\u00e9 de l'administration \nde  l'\u00c9tat  dans  le  d\u00e9partement  du  Var,  la  programmation  des  op\u00e9rations  de  l'unit\u00e9 \nop\u00e9rationnelle relevant des BOP suivants :\n\u2022 BOP 135 \u2013 Urbanisme, territoires et am\u00e9lioration de l'habitat,\n\u2022 BOP  149  \u2013  \u00c9conomie  et  d\u00e9veloppement  durable  des  entreprises  agricoles,  \nagroalimentaires et foresti\u00e8res,\n\u2022 BOP 181 \u2013 Pr\u00e9vention des risques,\n\u2022 BOP 207 \u2013 S\u00e9curit\u00e9,\n\u2022 BOP 380 \u2013 Fonds d'acc\u00e9l\u00e9ration de la transition \u00e9cologique dans les territoires, dit  \n\u00ab Fonds vert \u00bb\nARTICLE 5\nD\u00e9l\u00e9gation de signature est \u00e9galement donn\u00e9e \u00e0 M. Laurent BOULET, directeur d\u00e9partemental \ndes territoires et de la mer du Var, \u00e0 l'effet de signer les march\u00e9s publics, les accords-cadres  \nde travaux, fournitures ou services et tous les actes d\u00e9volus au pouvoir adjudicateur pour les  \nmarch\u00e9s et accords-cadres, hors d\u00e9penses d'action sociales :\na) pour les affaires relevant des minist\u00e8res suivants :\n\u2022 Agriculture et alimentation (03) \u2013 programmes 149 et 215\n\u2022 Int\u00e9rieur (09) \u2013 programmes 207 \n\u2022 Transition \u00e9cologique et solidaire (23) \u2013 programmes 113, 181, 203, 205 et 217 \n\u2022 Coh\u00e9sion des territoires (39) \u2013 programme 135\n\u2022 Plan de relance \u2013 \u00c9cologie \u2013 programme 362\nPr\u00e9fecture du VAR - 83-2025-06-02-00033 - ARR\u00caT\u00c9 PR\u00c9FECTORAL n\u00b02025/33/MCI du 2 juin 2025\nportant d\u00e9l\u00e9gation de signature pour l'ordonnancement secondaire\ndes recettes et des d\u00e9penses imput\u00e9es sur les programmes du budget de l'\u00c9tat\net pour les march\u00e9s publics et les accords-cadres\nau sein de la direction d\u00e9partementale des territoires et de la mer du Var\n154\nS\nb) ainsi que pour les d\u00e9penses imput\u00e9es sur :\n\u2022 le Fonds de pr\u00e9vention des risques naturels majeurs (FPRNM) \u2013 compte 461-74.\n\u2022 le Fonds national de garantie des risques agricoles (FNGRA) \u2013 compte 00001006993/42.\n\u2022 le Fonds d'acc\u00e9l\u00e9ration de la transition \u00e9cologique dans les territoires \u00bb, dit \u00ab  Fonds \nvert \u00bb - programme 380.\nARTICLE 6\nEn application du d\u00e9cret n\u00b0 2004-374 du 29 avril 2004 modifi\u00e9 susvis\u00e9,  M. Laurent BOULET , \ndirecteur d\u00e9partemental des territoires et de la mer du Var,  d\u00e9finira, par arr\u00eat\u00e9 pris au nom  \ndu pr\u00e9fet et publi\u00e9 au recueil des actes administratifs de la pr\u00e9fecture, la liste des agents  \nplac\u00e9s sous son autorit\u00e9 habilit\u00e9s \u00e0 effectuer les actes et op\u00e9rations d'ordonnancement de la  \nd\u00e9pense (saisie, validation, certification de service fait, ordre \u00e0 payer) dans les applications  \nfinanci\u00e8res (Chorus Formulaires, Chorus DT, Chorus-coeur\u2026), dans la limite des attributions  \ndes programmes ci-dessus et des missions de la direction.\nLa  signature  des  agents  ainsi  habilit\u00e9s  devra  \u00eatre  tenue  \u00e0  jour  et  accr\u00e9dit\u00e9e  aupr\u00e8s  du \ncomptable assignataire.\nArticle 7\nEn cas d'absence ou d'emp\u00eachement de  M. Laurent BOULET ,  directeur d\u00e9partemental des  \nterritoires et de la mer du Var,  la d\u00e9l\u00e9gation pour l'ordonnancement secondaire des recettes \net  des  d\u00e9penses  qui  lui  est  accord\u00e9e  par  le  pr\u00e9sent  arr\u00eat\u00e9  est  exerc\u00e9e  par  M.  Xavier \nPRUD'HON,  directeur  d\u00e9partemental  adjoint  ou  par  M.  Lionel  HOULLIER,  directeur \nd\u00e9partemental adjoint d\u00e9l\u00e9gu\u00e9 \u00e0 la mer et au littoral.\nARTICLE 8\nLe secr\u00e9taire g\u00e9n\u00e9ral de la pr\u00e9fecture du Var et le directeur d\u00e9partemental des territoires et  \nde la mer du Var sont charg\u00e9s, chacun en ce qui le concerne, de l'ex\u00e9cution du pr\u00e9sent arr\u00eat\u00e9 \nqui sera publi\u00e9 au recueil des actes administratifs de la pr\u00e9fecture du Var et dont copie sera  \nadress\u00e9e aux directeurs des finances publiques du Var, des Bouches du Rh\u00f4ne ainsi qu'au  \ndirecteur r\u00e9gional des finances publiques de Provence-Alpes-C\u00f4te d'Azur. \nFait \u00e0 Toulon, le 2 juin 2025\nPr\u00e9fet du Var\nSign\u00e9\nSimon BABRE\n4/4\nPr\u00e9fecture du VAR - 83-2025-06-02-00033 - ARR\u00caT\u00c9 PR\u00c9FECTORAL n\u00b02025/33/MCI du 2 juin 2025\nportant d\u00e9l\u00e9gation de signature pour l'ordonnancement secondaire\ndes recettes et des d\u00e9penses imput\u00e9es sur les programmes du budget de l'\u00c9tat\net pour les march\u00e9s publics et les accords-cadres\nau sein de la direction d\u00e9partementale des territoires et de la mer du Var\n155\nPr\u00e9fecture du VAR\n83-2025-06-02-00020\nARR\u00caT\u00c9 PR\u00c9FECTORAL n\u00b02025/4/37/MCI du 2 juin\n2025 portant d\u00e9l\u00e9gation de signature \u00e0 M.\nEdward de LUMLEY, Directeur r\u00e9gional des\naffaires culturelles de la r\u00e9gion\nProvence-Alpes-C\u00f4te d'Azur\nPr\u00e9fecture du VAR - 83-2025-06-02-00020 - ARR\u00caT\u00c9 PR\u00c9FECTORAL n\u00b02025/4/37/MCI du 2 juin 2025 portant d\u00e9l\u00e9gation de signature \u00e0\nM. Edward de LUMLEY, Directeur r\u00e9gional des affaires culturelles de la r\u00e9gion Provence-Alpes-C\u00f4te d'Azur 156\n=mPREFETDU VARLibert\u00e9Egalit\u00e9Fraternit\u00e9\nDirection de la coordination des politiques publiques\net de l'appui territorial\nMission de coordination interminist\u00e9rielle\nARR\u00caT\u00c9 PR\u00c9FECTORAL n\u00b02025/4/37/MCI du 2 juin 2025\nportant d\u00e9l\u00e9gation de signature \u00e0 M. Edward de LUMLEY,\nDirecteur r\u00e9gional des affaires culturelles de la r\u00e9gion Provence-Alpes-C\u00f4te d'Azur \nLe Pr\u00e9fet du Var,\nChevalier de la L\u00e9gion d'Honneur,\nChevalier de l'Ordre National du M\u00e9rite,\nVu le code de l'environnement ;\nVu le code du patrimoine ;\nVu le code de l'urbanisme ;\nVu  le  d\u00e9cret  n\u00b0  2004-374  du  29  avril  2004  modifi\u00e9  relatif  aux  pouvoirs  des  pr\u00e9fets,  \u00e0 \nl'organisation et \u00e0 l'action des services de l'\u00c9tat dans les r\u00e9gions et d\u00e9partements ;\nVu le d\u00e9cret n\u00b0 2010-633 du 8 juin 2010 modifi\u00e9 relatif \u00e0 l'organisation et aux missions des  \ndirections r\u00e9gionales des affaires culturelles ;\nVu  le  d\u00e9cret  du  Pr\u00e9sident  de  la  R\u00e9publique  du  15  avril  2022  portant  nomination  de \nM.  Lucien  GIUDICELLI,  secr\u00e9taire  g\u00e9n\u00e9ral  de  la  pr\u00e9fecture  du  Var,  sous-pr\u00e9fet  de \nl'arrondissement de Toulon ;\nVu le d\u00e9cret du Pr\u00e9sident de la R\u00e9publique du 15 mai 2025 portant nomination de M. Simon \nBABRE, pr\u00e9fet du Var ;\nVu l'arr\u00eat\u00e9 de la ministre de la culture du 28 ao\u00fbt 2024 portant nomination de M. Edward de \nLUMLEY,  en qualit\u00e9 de  directeur r\u00e9gional des affaires culturelles de la r\u00e9gion Provence-\nAlpes-C\u00f4te d'Azur ;\nSur proposition du secr\u00e9taire g\u00e9n\u00e9ral de la pr\u00e9fecture,\nARRETE :\nARTICLE 1\nD\u00e9l\u00e9gation est donn\u00e9e \u00e0 M. Edward de LUMLEY, directeur r\u00e9gional des affaires culturelles de \nla r\u00e9gion Provence-Alpes-C\u00f4te d'Azur, \u00e0 l'effet de signer, dans le cadre de ses attributions et \ncomp\u00e9tences, les actes et d\u00e9cisions suivants :\n1 - Monuments historiques \u2013 Immeubles\n-  arr\u00eat\u00e9  d'occupation  temporaire  des  immeubles  class\u00e9s  et  des  immeubles  voisins  sur \nlesquels il est n\u00e9cessaire de p\u00e9n\u00e9trer pour assurer l'ex\u00e9cution de travaux faute desquels la  \nconservation de l'immeuble serait compromise (art. L. 621-15 du code du patrimoine) ;\n- remise en place et recherche d'immeubles ou partie d'immeuble d\u00e9pec\u00e9, class\u00e9 ou inscrit  \n1/3\nPr\u00e9fecture du VAR - 83-2025-06-02-00020 - ARR\u00caT\u00c9 PR\u00c9FECTORAL n\u00b02025/4/37/MCI du 2 juin 2025 portant d\u00e9l\u00e9gation de signature \u00e0\nM. Edward de LUMLEY, Directeur r\u00e9gional des affaires culturelles de la r\u00e9gion Provence-Alpes-C\u00f4te d'Azur 157\n(art. L 621-33 du code du patrimoine) ;\n2 \u2013 Abords de monuments historiques\n- d\u00e9cision d'autorisation ou refus de travaux sur les immeubles situ\u00e9s dans le champ de  \nvisibilit\u00e9  d'un  immeuble  class\u00e9  ou  inscrit  non  soumis  \u00e0  formalit\u00e9  au  titre  du  code  de \nl'urbanisme ou du code de l'environnement (art. L 621-32 du code du patrimoine, art. R 621-\n96 et suivants du code du patrimoine et art. R 422-2 du code de l'urbanisme) ;\n3 \u2013 Sites patrimoniaux remarquables \u2013 Sites class\u00e9s et inscrits\n- autorisation sp\u00e9ciale d\u00e9livr\u00e9e pour les travaux ex\u00e9cut\u00e9s en site patrimonial remarquable,  \nsauf  ceux  relevant  du  permis  de  construire,  de  la  d\u00e9claration  pr\u00e9alable  ou  d'autres \nautorisations d'occuper le sol (art. L. 632-1 et D. 632-1 du code du patrimoine) ;\n- avis pr\u00e9alable sur demande de travaux en site inscrit hors permis de d\u00e9molir (art L. 341-1 et \nR. 341-9 du code de l'environnement, art. R. 422-2 et R. 425-30 du code de l'urbanisme) ;\n- d\u00e9cision d'autorisation ou de refus de travaux en site class\u00e9, champ d\u00e9concentr\u00e9 (art  \nL. 341-7 , L. 341-10, R. 341-10 et R. 341-11 du code de l'environnement, art. R.  425-17 du code \nde l'urbanisme) ;\n4 - Objets mobiliers\n- d\u00e9cision d'accr\u00e9ditation d'agents auxquels les propri\u00e9taires sont tenus de pr\u00e9senter leurs  \nobjets mobiliers class\u00e9s lors du r\u00e9colement  ; r\u00e9quisition de pr\u00e9senter lesdits objets (art.  \nL. 622-8 et R. 622-25 du code du patrimoine) ;\n-  mise  en  demeure  de  prendre  les  mesures  n\u00e9cessaires  afin  d'assurer  la  conservation \nd'objets mobiliers class\u00e9s (art L. 622-9 et R. 622-26 du code du patrimoine);\n-  d\u00e9cision  d'ex\u00e9cution  d'office  des  mesures  n\u00e9cessaires  afin  d'assurer  la  conservation \nd'objets mobiliers class\u00e9s (art. L. 622-9 et R. 622-26 du code du patrimoine) ;\n- arr\u00eat\u00e9 de mesures conservatoires ou de transfert provisoire d'un objet class\u00e9 dont la  \nconservation  ou  la  s\u00e9curit\u00e9  est  mise  en  p\u00e9ril  (art.  L.  622-10  et  R.  622-27  du  code  du \npatrimoine) ;\n- d\u00e9cision de mesures de sauvegarde d'une d\u00e9couverte fortuite ou \u00e0 l'occasion de travaux  \nsur un objet mobilier class\u00e9 et portant sur un \u00e9l\u00e9ment nouveau li\u00e9 \u00e0 l'histoire, l'architecture  \nou le d\u00e9cor de l'immeuble (art. R. 622-56 du code du patrimoine) ;\n5 \u2013 \u00c9tablissements d'enseignement de la danse\n- r\u00e9c\u00e9piss\u00e9 de d\u00e9claration d'ouverture, de fermeture ou de modification d'activit\u00e9 d'un  \n\u00e9tablissement o\u00f9 est dispens\u00e9 un enseignement de la danse (art. L462-1 et R462-5 du code  \nde l'\u00e9ducation).\nARTICLE 2\nSont exclues de la pr\u00e9sente d\u00e9l\u00e9gation les correspondances adress\u00e9es aux parlementaires  \ndu  d\u00e9partement  du  Var,  au  pr\u00e9sident  du  Conseil  r\u00e9gional,  au  pr\u00e9sident  du  Conseil \nd\u00e9partemental du Var, ainsi que les circulaires adress\u00e9es aux maires du d\u00e9partement qui  \ndemeurent r\u00e9serv\u00e9es \u00e0 la signature du pr\u00e9fet du Var.\n2/3 \nPr\u00e9fecture du VAR - 83-2025-06-02-00020 - ARR\u00caT\u00c9 PR\u00c9FECTORAL n\u00b02025/4/37/MCI du 2 juin 2025 portant d\u00e9l\u00e9gation de signature \u00e0\nM. Edward de LUMLEY, Directeur r\u00e9gional des affaires culturelles de la r\u00e9gion Provence-Alpes-C\u00f4te d'Azur 158\nARTICLE 3\nDans l'exercice de la pr\u00e9sente d\u00e9l\u00e9gation, M. Edward de LUMLEY, directeur r\u00e9gional des  \naffaires  culturelles  de  la  r\u00e9gion  Provence-Alpes-C\u00f4te  d'Azur,  prend  l'avis  du  sous-pr\u00e9fet \nterritorialement comp\u00e9tent pour les affaires le concernant.\nIl peut participer aux r\u00e9unions que le pr\u00e9fet est amen\u00e9 \u00e0 organiser en raison de l'actualit\u00e9  \nou du caract\u00e8re sensible que pourrait pr\u00e9senter un dossier. \nIl informe le pr\u00e9fet des r\u00e9unions qu'il organise dans le d\u00e9partement.\nIl \u00e9tablit un compte-rendu d\u00e9taill\u00e9 et argument\u00e9 de l'exercice de sa d\u00e9l\u00e9gation de signature.\nLe pr\u00e9fet du Var pourra \u00e9voquer \u00e0 tout moment les dossiers entrant dans le champ de cette \nd\u00e9l\u00e9gation en fonction du caract\u00e8re sensible qu'ils pourraient pr\u00e9senter.\nARTICLE 5\nD\u00e9l\u00e9gation est donn\u00e9e \u00e0 M. Edward de LUMLEY, directeur r\u00e9gional des affaires culturelles de \nla r\u00e9gion Provence-Alpes-C\u00f4te d'Azur, \u00e0 l'effet de d\u00e9finir, par arr\u00eat\u00e9, la liste des agents de \ncat\u00e9gorie A de la direction r\u00e9gionale des affaires culturelles de la r\u00e9gion Provence-Alpes-\nC\u00f4te d'Azur et de l'Unit\u00e9 d\u00e9partementale de l'architecture et du patrimoine (UDAP),  qu'il \naura d\u00e9sign\u00e9s pour signer, dans le cadre de leurs comp\u00e9tences et attributions respectives,  \nles  actes  pour  lesquels  il  a  lui-m\u00eame  re\u00e7u  d\u00e9l\u00e9gation  au  titre  du  pr\u00e9sent  arr\u00eat\u00e9.  Cette \nsubd\u00e9l\u00e9gation  fera  l'objet  d'un  arr\u00eat\u00e9  sp\u00e9cifique  qui  sera  publi\u00e9  au  recueil  des  actes \nadministratifs de la pr\u00e9fecture du Var.\nARTICLE 6\nLe secr\u00e9taire g\u00e9n\u00e9ral de la pr\u00e9fecture du Var et le directeur r\u00e9gional des affaires culturelles  \nde la r\u00e9gion Provence-Alpes-C\u00f4te d'Azur sont charg\u00e9s, chacun en ce qui le concerne, de  \nl'ex\u00e9cution  du  pr\u00e9sent  arr\u00eat\u00e9  qui  sera  publi\u00e9  au  recueil  des  actes  administratifs  de  la \npr\u00e9fecture du Var.\nFait \u00e0 Toulon, le 2 juin 2025\nPr\u00e9fet du Var\nSign\u00e9\nSimon BABRE\n3/3\nPr\u00e9fecture du VAR - 83-2025-06-02-00020 - ARR\u00caT\u00c9 PR\u00c9FECTORAL n\u00b02025/4/37/MCI du 2 juin 2025 portant d\u00e9l\u00e9gation de signature \u00e0\nM. Edward de LUMLEY, Directeur r\u00e9gional des affaires culturelles de la r\u00e9gion Provence-Alpes-C\u00f4te d'Azur 159","date":"2025-06-02","first_seen_on":"2025-06-03T08:29:23+00:00","id":"107286d29ddb9b3bec31d212b4fce19c85ee2b98ee1e951fd00d2d6ba9c10ddb","name":"RAA N\u00b0184 du 2 juin 2025","pdf_creation_date":"2025-06-02T15:41:20+00:00","pdf_modification_date":null,"timezone":"Europe/Paris","url":"https://www.var.gouv.fr/contenu/telechargement/41193/269476/file/RAA%20N%C2%B0184%20du%202%20juin%202025.pdf"}
