{"administration":"pref37","administration_name":"Pr\u00e9fecture d\u2019Indre-et-Loire","content":"INDRE-ET-LOIRE\nRECUEIL DES ACTES\nADMINISTRATIFS SP\u00c9CIAL\nN\u00b037-2026-01011\nPUBLI\u00c9 LE  7 JANVIER 2026\nSommaire\nDirection d\u00e9partementale de la protection des populations /\n37-2026-01-07-00002 - APlev\u00e9ezone DDPP372025-2358-2 (2 pages) Page 3\n2\nDirection d\u00e9partementale de la protection des\npopulations\n37-2026-01-07-00002\nAPlev\u00e9ezone DDPP372025-2358-2\nDirection d\u00e9partementale de la protection des populations - 37-2026-01-07-00002 - APlev\u00e9ezone DDPP372025-2358-2 3\nDirection d\u00e9partementale de la protection des populations\nARR\u00caT\u00c9 n\u00b0 DDPP37 2025-2358-2 levant une zone de contr\u00f4le temporaire autour d'un cas \nd'influenza aviaire hautement pathog\u00e8ne dans une basse-cour\nLe pr\u00e9fet d'Indre-et-Loire\nChevalier de la L\u00e9gion d'honneur\nChevalier de l'Ordre National du M\u00e9rite\nVu le r\u00e8glement (CE) n\u00b0853/2004 du Parlement Europ\u00e9en et du Conseil du 29 avril 2004 fixant des r\u00e8gles\nsp\u00e9cifiques d'hygi\u00e8ne applicables aux denr\u00e9es alimentaires d'origine animale ;\nVu le r\u00e8glement (CE) n\u00b0 1069/2009 du Parlement europ\u00e9en et du Conseil du 21 octobre 2009 \u00e9tablissant\ndes  r\u00e8gles  sanitaires  applicables  aux  sous-produits  animaux  et  produits  d\u00e9riv\u00e9s  non  destin\u00e9s  \u00e0  la\nconsommation  humaine  et  abrogeant  le  r\u00e8glement  (CE)  n\u00b01774/2002  (r\u00e8glement  relatif  aux  sous-\nproduits animaux) ;\nVu le r\u00e8glement (UE) n\u00b0 2016/429 du Parlement europ\u00e9e n et du Conseil du 9 mars 2016 relatif aux\nmaladies animales transmissibles et modifiant et ab rogeant certains actes dans le domaine de la sant\u00e9\nanimale (\u00ab l\u00e9gislation sur la sant\u00e9 animale \u00bb) ;\nVu le r\u00e8glement d'ex\u00e9cution (UE) n\u00b0 2018/1882 de la C ommission du 3 d\u00e9cembre 2018 sur l'application\nde certaines dispositions en mati\u00e8re de pr\u00e9vention et de lutte contre les maladies \u00e0 des cat\u00e9gories de\nmaladies r\u00e9pertori\u00e9es et \u00e9tablissant une liste des esp\u00e8ces et des groupes d'esp\u00e8ces qui pr\u00e9sentent un\nrisque consid\u00e9rable du point de vue de la propagation de ces maladies r\u00e9pertori\u00e9es ;\nVu le  r\u00e8glement  d\u00e9l\u00e9gu\u00e9  (UE)  n\u00b0  2020/687  de  la  Commis sion  du  17 d\u00e9cembre 2019  compl\u00e9tant  le\nr\u00e8glement (UE) 2016/429 du Parlement europ\u00e9en et du  Conseil en ce qui concerne les r\u00e8gles relatives \u00e0\nla pr\u00e9vention de certaines maladies r\u00e9pertori\u00e9es et \u00e0 la lutte contre celles-ci ;\nVu le code rural et de la p\u00eache maritime, notamment ses articles L. 223-8 et R. 228-1 \u00e0 R. 228-10 ;\nVu le code de l'environnement ;\nVu l'arr\u00eat\u00e9 modifi\u00e9 du 5 juin 2000 relatif au registre d'\u00e9levage ;\nVu l'arr\u00eat\u00e9 du 14 octobre 2005 fixant les r\u00e8gles g\u00e9n\u00e9 rales de police sanitaire relatives aux produits\nd'origine animale destin\u00e9s \u00e0 la consommation humaine ;\nVu l'arr\u00eat\u00e9 du 14 mars 2018 relatif aux mesures de pr opagation des maladies animales via le transport\npar v\u00e9hicule routier d'oiseaux vivants ;\nVu l'arr\u00eat\u00e9  modifi\u00e9  du  29  septembre  2021  relatif  aux  mesures  de  bios\u00e9curit\u00e9  applicables  par  les\nop\u00e9rateurs et les professionnels li\u00e9s aux animaux d ans les \u00e9tablissements d\u00e9tenant des volailles ou de s\noiseaux captifs dans le cadre de la pr\u00e9vention des maladies animales transmissibles aux animaux ou aux\n\u00eatres humains ;\nVu  l'arr\u00eat\u00e9 du 25 septembre 2023 relatif aux mesures d e surveillance, de pr\u00e9vention, de lutte et de\nvaccination contre l'influenza aviaire hautement pathog\u00e8ne (IAHP) ;\nVu l'arr\u00eat\u00e9 pr\u00e9fectoral du 25 novembre 2024 donnant d \u00e9l\u00e9gation de signature \u00e0 Madame Carine BAR,\ndirectrice d\u00e9partementale de la protection des populations d'Indre-et-Loire ;\nConsid\u00e9rant  l'absence  de  nouveau  cas  d'influenza  aviaire  hautem ent  pathog\u00e8ne  dans  la  zone\nr\u00e9glement\u00e9e depuis au moins 21 jours ;\nARR\u00caTE\nArticle 1\ner : Lev\u00e9e de la zone r\u00e9glement\u00e9e\nL'arr\u00eat\u00e9 pr\u00e9fectoral DDPP37 2025 02358 du 17 d\u00e9cemb re 2025 d\u00e9terminant une zone de contr\u00f4le\ntemporaire  autour  d'un  cas  d'influenza  aviaire  haut ement  pathog\u00e8ne  dans  une  basse-cour  et  les\nmesures applicables dans cette zone est abrog\u00e9.\nDirection d\u00e9partementale de la protection des populations - 37-2026-01-07-00002 - APlev\u00e9ezone DDPP372025-2358-2 4\nArticle 2 : Recours\nLe  pr\u00e9sent  arr\u00eat\u00e9  est  susceptible  de  recours  aupr\u00e8s  du  tribunal  administratif  territorialement\ncomp\u00e9tent sous un d\u00e9lai de deux mois \u00e0 compter de s a publication, conform\u00e9ment aux dispositions\ndes articles R. 421-1 et suivants du code de justice administrative.\nArticle 3 : Dispositions finales\nLa secr\u00e9taire g\u00e9n\u00e9rale de la pr\u00e9fecture d'Indre-et- Loire, la directrice d\u00e9partementale de la protectio n\ndes populations, les maires des communes concern\u00e9es , le colonel commandant du groupement de\ngendarmerie, le chef du service d\u00e9partemental de l' office fran\u00e7ais de la biodiversit\u00e9, les v\u00e9t\u00e9rinaire s\nsanitaires, sont responsables, chacun en ce qui le concerne, de l'application du pr\u00e9sent arr\u00eat\u00e9 qui se ra\npubli\u00e9 au recueil des actes administratifs de la Pr\u00e9fecture et affich\u00e9 dans les mairies concern\u00e9es.\n\u00c0 Tours, le 7 janvier 2025\nPour le Pr\u00e9fet, Par d\u00e9l\u00e9gation, la directrice d\u00e9partementale,\nsign\u00e9 Carine BAR\nDirection d\u00e9partementale de la protection des populations - 37-2026-01-07-00002 - APlev\u00e9ezone DDPP372025-2358-2 5","date":"2026-01-07","first_seen_on":"2026-01-07T17:22:42+00:00","id":"108bb924a5dbe38aa4e91d83a24ecf012a1957fdcafbeb90508de3f354e32a76","name":"2026.01.07 RAA sp\u00e9cial APlev\u00e9ezone DDPP372025-2358-2","pdf_creation_date":"2026-01-07T15:52:37+00:00","pdf_modification_date":null,"timezone":"Europe/Paris","url":"https://www.indre-et-loire.gouv.fr/contenu/telechargement/48638/367452/file/2026.01.07%20RAA%20sp%C3%A9cial%20APlev%C3%A9ezone%20DDPP372025-2358-2.pdf"}
