{"administration":"prefidf","administration_name":"Pr\u00e9fecture de la r\u00e9gion \u00cele-de-France","content":"PREFECTURE\nREGION ILE DE\nFRANCE\nRECUEIL DES ACTES\nADMINISTRATIFS SP\u00c9CIAL\nN\u00b0IDF-015-2025-04\nPUBLI\u00c9 LE  7 AVRIL 2025\nSommaire\nAgence R\u00e9gionale de Sant\u00e9 /\nIDF-2025-04-01-00031 - Arr\u00eat\u00e9 2025-081 portant autorisation d'extension\nde capacit\u00e9 de 52 \u00e0 58 places du Service d'accompagnement\nm\u00e9dico-social pour adultes handicap\u00e9s (SAMSAH) COS \u00e0\nRosny-sous-Bois g\u00e9r\u00e9 par la Fondation COS Alexandre Glasberg (4\npages) Page 3\nIDF-2025-04-04-00018 - Arr\u00eat\u00e9 2025-086 portant autorisation de\nr\u00e9duction de capacit\u00e9 de 165 \u00e0 155 places du service d'\u00e9ducation\nsp\u00e9ciale et de soins \u00e0 domicile (SESSAD) La Sauvegarde \u00e0\nVoisins-le-Bretonneux g\u00e9r\u00e9 par l'association la Sauvegarde de l'Enfant,\nde l'Adolescent et de l'Adulte en Yvelines (SEAY) (5 pages) Page 8\nIDF-2025-03-31-00010 - Arr\u00eat\u00e9 2025-088 portant autorisation de\nmodification de l'agr\u00e9ment relatif \u00e0 l'\u00e2ge de prise en charge du\nService d'\u00e9ducation sp\u00e9ciale et de soins \u00e0 domicile (SESSAD) La Vie\nau Grand Air \u00e0 Mantes-la-Ville g\u00e9r\u00e9 par la Fondation La Vie au Grand\nAir (VAGA) (3 pages) Page 14\nDirection r\u00e9gionale des affaires culturelles d'Ile-de-France  / Conservation\nr\u00e9gionale des monuments historiques\nIDF-2025-04-01-00028 - Arr\u00eat\u00e9 portant inscription au titre des\nmonuments historiques de certaines parties de l'h\u00f4tel de Mailly-Nesle,\nsitu\u00e9 29 quai Voltaire et 2-4 rue de Beaune, \u00e0 Paris (7e arr.)  (6 pages) Page 18\nIDF-2025-04-01-00030 - Arr\u00eat\u00e9 portant inscription au titre des\nmonuments historiques du ch\u00e2teau de Morsang, situ\u00e9 4 rue Jean Raynal\n\u00e0 Morsang-sur-Orge (Essonne) (4 pages) Page 25\n2\nAgence R\u00e9gionale de Sant\u00e9\nIDF-2025-04-01-00031\nArr\u00eat\u00e9 2025-081 portant autorisation d'extension\nde capacit\u00e9 de 52 \u00e0 58 places du Service\nd'accompagnement m\u00e9dico-social pour adultes\nhandicap\u00e9s (SAMSAH) COS \u00e0 Rosny-sous-Bois\ng\u00e9r\u00e9 par la Fondation COS Alexandre Glasberg\nAgence R\u00e9gionale de Sant\u00e9 - IDF-2025-04-01-00031 - Arr\u00eat\u00e9 2025-081 portant autorisation d'extension de capacit\u00e9 de 52 \u00e0 58 places\ndu Service d'accompagnement m\u00e9dico-social pour adultes handicap\u00e9s (SAMSAH) COS \u00e0 Rosny-sous-Bois g\u00e9r\u00e9 par la Fondation COS\nAlexandre Glasberg\n3\nEoREPUBLIQUEFRANCAISELibert\u00e9Egalit\u00e9Fraternit\u00e9\nLE DEPARTEMENTAr\u00a9 D Agence R\u00e9gionale de Sant\u00e9Ile-de-France\n \n \n \n \n \n \n \n \n \n \n \n \nARRETE N\u00b0 2025 \u2013 081  \n  \nportant autorisation d'extension de capacit\u00e9 de 52 \u00e0 58 du Service d'accompagnement \nm\u00e9dico-social pour adultes handicap\u00e9s (SAMSAH) COS,  \nsis 12 rue Jules Ferry \u00e0 Rosny-sous-Bois (93110), \n \ng\u00e9r\u00e9 par la Fondation COS Alexandre Glasberg      \n \n \n \nLE DIRECTEUR G\u00c9N\u00c9RAL DE L'AGENCE R\u00c9GIONALE DE SANT\u00c9 \u00ceLE-DE-FRANCE \nLE PRESIDENT DU CONSEIL DEPARTEMENTAL DE LA SEINE-SAINT-DENIS \n \n \nVU le code de l'action sociale et des familles et notamment les articles L. 312-1, L. 313-1, L. \n314-3 et suivants ; \n \n   VU le code g\u00e9n\u00e9ral des collectivit\u00e9s territoriales ;  \n \nVU        le d\u00e9cret du 10 avril 2024 portant nomination de Monsieur Denis ROBIN, Directeur g\u00e9n\u00e9ral \nde l'Agence r\u00e9gionale de sant\u00e9 \u00cele-de-France \u00e0 compter du 29 avril 2024 ; \n \nVU l'arr\u00eat\u00e9 DS N\u00b0115/2024 du 25 septembre 2024 portant d\u00e9l\u00e9gation de signature \u00e0 Madame \nSt\u00e9phanie TALBOT, Directrice de l'autonomie ; \n \n  VU l'\u00e9lection le 1er avril 2021 de Monsieur St\u00e9phane TROUSSEL \u00e0 la pr\u00e9sidence du Conseil \nd\u00e9partemental de la Seine-Saint-Denis ; \nVU     l'arr\u00eat\u00e9 du pr\u00e9sident du Conseil d\u00e9partemental n\u00b0 2021 -271 du 1 er juillet 2021 donnant   \nd\u00e9l\u00e9gation de signature \u00e0 M. Olivier V EBER, Directeur g\u00e9n\u00e9ral des services du \nD\u00e9partement ; \n \nVU l'arr\u00eat\u00e9 n\u00b0 DIRNOV-2023/08 de la Directrice g\u00e9n\u00e9rale de l'Agence r\u00e9gionale de sant\u00e9 \u00cele-\nde-France en date du 26 octobre 2023 portant adoption du cadre d'orientation strat\u00e9gique \n2018-2028 du projet r\u00e9gional de sant\u00e9 d'\u00cele-de-France ; \n \nVU l'arr\u00eat\u00e9 n\u00b0 DIRNOV-2023/09 de la Directrice g\u00e9n\u00e9rale de l'Agence r\u00e9gionale de sant\u00e9 \u00cele-\nde-France en date du 26 octobre 2023 portant adoption du sch\u00e9ma r\u00e9gional de sant\u00e9 \n2023-2028 du projet r\u00e9gional de sant\u00e9 d'\u00cele-de-France, modifi\u00e9 par l'arr\u00eat\u00e9 n\u00b0DIRNOV -\n2023/09 en date du 12 janvier 2024 ; \n \nVU l'arr\u00eat\u00e9 n\u00b0 2023-346 de la Directrice g\u00e9n\u00e9rale de l'Agence r\u00e9gionale de sant\u00e9 \u00cele-de-France \nen date du 4 d\u00e9cembre 2023 \u00e9tablissant le programme interd\u00e9partemental \nd'accompagnement des handicaps et de la perte d'autonomie (PRIAC) 2023-2027 pour la \nr\u00e9gion \u00cele-de-France ; \n \nVU  le Sch\u00e9ma d\u00e9partemental en faveur des personnes handicap\u00e9es ; \n \nAgence R\u00e9gionale de Sant\u00e9 - IDF-2025-04-01-00031 - Arr\u00eat\u00e9 2025-081 portant autorisation d'extension de capacit\u00e9 de 52 \u00e0 58 places\ndu Service d'accompagnement m\u00e9dico-social pour adultes handicap\u00e9s (SAMSAH) COS \u00e0 Rosny-sous-Bois g\u00e9r\u00e9 par la Fondation COS\nAlexandre Glasberg\n4\n2 \n \n \nVU l'arr\u00eat\u00e9 conjoint du Pr\u00e9sident du Conseil g\u00e9n\u00e9ral et du Pr\u00e9fet de la Seine -Saint-Denis                    \nn\u00b0 2004-679 du 29 octobre 2004, portant autorisation de cr\u00e9ation du SAMSAH g\u00e9r\u00e9 par \nl'association COS ;  \n \nVU l'arr\u00eat\u00e9 conjoint du Pr\u00e9sident du Conseil g\u00e9n\u00e9ral et du Pr\u00e9fet de Seine -Saint-Denis \nn\u00b02007-337 du 26 novembre 2007, modifiant la capacit\u00e9 du SAMSAH, la portant de 15 \u00e0 \n40 places ; \n \nVU l'arr\u00eat\u00e9 conjoint du Directeur g\u00e9n\u00e9ral de l'ARS et du Pr\u00e9sident d u Conseil g\u00e9n\u00e9ral de la \nSeine-Saint-Denis n\u00b02012-153 du 07 ao\u00fbt 2012 modifiant la capacit\u00e9 du SAMSAH, la \nportant de 40 \u00e0 52 places ; \n \nVU  l'appel \u00e0 manifestation d'int\u00e9r\u00eat visant \u00e0 d\u00e9velopper les solutions d'habitat accompagn\u00e9 \nen \u00cele-de-France dans le cadre du Plan de pr\u00e9vention des d\u00e9parts non souhait\u00e9s en \nBelgique publi\u00e9 le 10 juin 2021 au Recueil des actes administratifs de la r\u00e9gion \u00cele-de-\nFrance ; \n \nVU  l'avis favorable de la commission de s\u00e9lection qui s'est r\u00e9unie entre le s 18 et 27 janvier \n2022 en faveur du projet d'extension du SAMSAH COS \u00e0 hauteur de 6 places ; \n \nVU  l'avis de r\u00e9sultat de cet appel \u00e0 manifestation d'int\u00e9r\u00eat pour le d\u00e9veloppement de solutions \nd'habitat accompagn\u00e9 sign\u00e9 le 28 janvier 2022 par la Directrice g\u00e9n\u00e9rale de l'Agence \nr\u00e9gionale de sant\u00e9 \u00cele-de-France ; \n \n \n \n \n \nCONSID\u00c9RANT      que le projet d'extension du SAMSAH COS correspond \u00e0 un  fort besoin \nd'accompagnement pour les personnes souffrant d'un handicap moteur, ou \nd'une d\u00e9ficience c\u00e9r\u00e9brale et qu'il est conforme aux objectifs fix\u00e9s par le \nPlan de pr\u00e9vention des d\u00e9parts non souhait\u00e9s en Belgique ; \n \nCONSID\u00c9RANT  que le pro jet r\u00e9pond \u00e0 un besoin de d\u00e9veloppement de l'offre m\u00e9dico -\nsociale identifi\u00e9  sur le d\u00e9partement  de la Seine -Saint-Denis pour les \npersonnes porteuses d'un handicap moteur ou d'une d\u00e9ficience c\u00e9r\u00e9brale ; \n \nCONSID\u00c9RANT qu'il est compatible avec les objectifs et r\u00e9pond aux besoins sociaux et \nm\u00e9dico-sociaux fix\u00e9s par le sch\u00e9ma r\u00e9gional de sant\u00e9 ;  \n \nCONSID\u00c9RANT qu'il satisfait aux r\u00e8gles d'organisation et de fonctionnement pr\u00e9vues par le \ncode de l'action sociale et des familles ;  \n \nCONSID\u00c9RANT qu'il pr\u00e9sente un co\u00fbt de fonctionnement en ann\u00e9e pleine compatible avec \nle PRIAC  \u00cele-de-France et avec le montant de l'une des dotations \nmentionn\u00e9es \u00e0 l'article L. 314-3 du code de l'action sociale et des familles ; \n \nCONSID\u00c9RANT que l'Agence r\u00e9gionale de sant\u00e9 \u00cele-de-France dispose pour ce projet des \ncr\u00e9dits n\u00e9cessaires \u00e0 sa mise en \u0153uvre \u00e0 hauteur de 82 740 \u20ac au titre du \nPlan de pr\u00e9vention des d\u00e9parts en Belgique et le Conseil d\u00e9partemental de \nSeine-Saint-Denis finance cette extension \u00e0 hauteur de 55 160 \u20ac. \n \n \n \nAgence R\u00e9gionale de Sant\u00e9 - IDF-2025-04-01-00031 - Arr\u00eat\u00e9 2025-081 portant autorisation d'extension de capacit\u00e9 de 52 \u00e0 58 places\ndu Service d'accompagnement m\u00e9dico-social pour adultes handicap\u00e9s (SAMSAH) COS \u00e0 Rosny-sous-Bois g\u00e9r\u00e9 par la Fondation COS\nAlexandre Glasberg\n5\n3 \n \n \nARRETENT \n \n \n \nARTICLE 1 er : L'autorisation visant \u00e0 l'extension de capacit\u00e9 de  6 places d u SAMSAH COS                     \nsis 12 rue Jules Ferry \u00e0 Rosny-sous-Bois, destin\u00e9es \u00e0 accompagner des adultes \u00e0 partir \nde 20 ans, est accord\u00e9e \u00e0 l'association COS. \n \n  ARTICLE 2e :  La capacit\u00e9 totale du SAMSAH COS  est dor\u00e9navant de 58 places destin\u00e9es \u00e0 \naccompagner en milieu ordinaire des adultes \u00e0 partir de 20 ans  pr\u00e9sentant un \nhandicap moteur et/ou une ou plusieurs d\u00e9ficiences c\u00e9r\u00e9brales. \n \nARTICLE 3e :  Conform\u00e9ment aux termes du dernier alin\u00e9a du I de l'article D. 312 -0-3 du code                 \nde l'action sociale et des familles, aucune sp\u00e9cialisation n'exclut la prise en charge              \nde personnes pr\u00e9sentant des troubles associ\u00e9s \u00e0 ceux qui font l'objet de la pr\u00e9sente \nautorisation.  \n \nARTICLE 4e :  Cette structure est r\u00e9pertori\u00e9e dans le Fichier National des Etablissements \nSanitaires et Sociaux (FINESS) de la fa\u00e7on suivante : \n \n N\u00b0 FINESS de l'\u00e9tablissement : 930011028 \n \n               Code cat\u00e9gorie : 445 - Service d'accompagnement m\u00e9dico-social pour adultes \nhandicap\u00e9s \n \nCode discipline : 966 - Accueil et accompagnement m\u00e9dicalis\u00e9 de personnes \nhandicap\u00e9es \n \n \nCode fonctionnement : \n \n16 - Prestation en milieu ordinaire \n \n58 places \nCode client\u00e8le : \n \n438 - C\u00e9r\u00e9bro-l\u00e9s\u00e9s \n414 - D\u00e9ficience motrice \n \n \n58 places \n   Code mode de fixation des tarifs : 57 (ARS/PCD dotation globale CPOM) \n \n N\u00b0 FINESS du gestionnaire : 75 072 123 5 \n  \n Code statut : 60 \n \nARTICLE 5e :   Conform\u00e9ment aux dispositions de l'article D. 313-12-1 du code de l'action sociale \net des familles, la pr\u00e9sente autorisation est valable sous r\u00e9serve de la transmission, \naux autorit\u00e9s comp\u00e9tentes, avant la date d'entr\u00e9e en service de la nouvelle capacit\u00e9 \nautoris\u00e9e, d'une d\u00e9cla ration sur l'honneur attestant de la conformit\u00e9 de \nl'\u00e9tablissement ou du service aux conditions techniques minimales d'organisation et \nde fonctionnement mentionn\u00e9es au II de l'article L. 312-1 du m\u00eame code. \n \nARTICLE 6e :    Elle est caduque en l'absence d'ouverture au public de l'\u00e9tablissement ou du service \ndans un d\u00e9lai de quatre ans suivant la notification de la d\u00e9cision d'autorisation  \nconform\u00e9ment aux articles L. 313-1 et D. 313-7-2 du code de l'action sociale et des \nfamilles. \n \nARTICLE 7e :    Tout changement important dans l'activit\u00e9, l'installation, l'organisation, la direction \nou le fonctionnement de l'\u00e9tablissement  ou du service  doit \u00eatre port\u00e9 \u00e0 la \nconnaissance des autorit\u00e9s comp\u00e9tentes. \nAgence R\u00e9gionale de Sant\u00e9 - IDF-2025-04-01-00031 - Arr\u00eat\u00e9 2025-081 portant autorisation d'extension de capacit\u00e9 de 52 \u00e0 58 places\ndu Service d'accompagnement m\u00e9dico-social pour adultes handicap\u00e9s (SAMSAH) COS \u00e0 Rosny-sous-Bois g\u00e9r\u00e9 par la Fondation COS\nAlexandre Glasberg\n6\ncia\"so\"\n4 \n \n \n \nARTICLE 8e :  Un recours contre le pr\u00e9sent arr\u00eat\u00e9 peut \u00eatre form\u00e9 devant le tribunal administratif \ncomp\u00e9tent dans un d\u00e9lai de deux mois \u00e0 compter de sa notification ou, pour les \ntiers, \u00e0 compter de sa publication.   \n \nARTICLE 9e :   La Directrice de la d\u00e9l\u00e9gation d\u00e9partementale de la Seine-Saint-Denis de l'Agence \nr\u00e9gionale de sant\u00e9 \u00cele-de-France et le Pr\u00e9sident du Conseil d\u00e9partemental de Seine-\nSaint-Denis sont charg\u00e9s, chacun en ce qui le concerne, de l'ex\u00e9cution du pr\u00e9sent \narr\u00eat\u00e9 qui sera publi\u00e9 aux recueils des actes administratifs de la R\u00e9gion \u00cele-de-\nFrance et au bulletin officiel du D\u00e9partement de la Seine-Saint-Denis. \n \n \n \n \n        \n  Fait \u00e0 Saint-Denis, le 1er avril 2025  \n \n \n         \nPour le Directeur g\u00e9n\u00e9ral \nde l'Agence r\u00e9gionale sant\u00e9 \n\u00cele-de-France et par d\u00e9l\u00e9gation \n \n \n \n \n  \nSt\u00e9phanie TALBOT \nDirectrice de l'autonomie \nPour le Pr\u00e9sident du Conseil \nd\u00e9partemental  \nde la Seine-Saint-Denis, \nLe Directeur g\u00e9n\u00e9ral des services, \n \n \n \n \nOlivier VEBER \n  \n \n \n \n \n \n \n \n \n \n \n \n  \n \nAgence R\u00e9gionale de Sant\u00e9 - IDF-2025-04-01-00031 - Arr\u00eat\u00e9 2025-081 portant autorisation d'extension de capacit\u00e9 de 52 \u00e0 58 places\ndu Service d'accompagnement m\u00e9dico-social pour adultes handicap\u00e9s (SAMSAH) COS \u00e0 Rosny-sous-Bois g\u00e9r\u00e9 par la Fondation COS\nAlexandre Glasberg\n7\nAgence R\u00e9gionale de Sant\u00e9\nIDF-2025-04-04-00018\nArr\u00eat\u00e9 2025-086 portant autorisation de\nr\u00e9duction de capacit\u00e9 de 165 \u00e0 155 places du\nservice d'\u00e9ducation sp\u00e9ciale et de soins \u00e0\ndomicile (SESSAD) La Sauvegarde \u00e0\nVoisins-le-Bretonneux g\u00e9r\u00e9 par l'association la\nSauvegarde de l'Enfant, de l'Adolescent et de\nl'Adulte en Yvelines (SEAY)\nAgence R\u00e9gionale de Sant\u00e9 - IDF-2025-04-04-00018 - Arr\u00eat\u00e9 2025-086 portant autorisation de r\u00e9duction de capacit\u00e9 de 165 \u00e0 155\nplaces du service d'\u00e9ducation sp\u00e9ciale et de soins \u00e0 domicile (SESSAD) La Sauvegarde \u00e0 Voisins-le-Bretonneux g\u00e9r\u00e9 par l'association la\nSauvegarde de l'Enfant, de l'Adolescent et de l'Adulte en Yvelines (SEAY)\n8\nREPUBLIQUEFRANCAISELibert\u00e9Egalit\u00e9Fraternit\u00e9\ne \u00bb Agence R\u00e9gionale de Sant\u00e9Ile-de-France\n \n \n \n \n \n \n \n \n \nAGENCE R\u00c9GIONALE DE SANT\u00c9 \u00ceLE-DE-FRANCE \n \nARRETE N\u00b0 2025 \u2013 086  \n  \nportant autorisation de r\u00e9duction de capacit\u00e9 de 165 \u00e0 155 places du Service d'\u00e9ducation \nsp\u00e9ciale et de soins \u00e0 domicile (SESSAD) La Sauvegarde sis 130 avenue Joseph Kessel \u2013 \nActip\u00f4le B\u00e2t. D. \u00e0 Voisins-le-Bretonneux, \n \ng\u00e9r\u00e9 par l'association la Sauvegarde de l'Enfant, de l'Adolescent et de l'Adulte en Yvelines \n(SEAY) \n \n \n \nLE DIRECTEUR G\u00c9N\u00c9RAL DE L'AGENCE R\u00c9GIONALE DE SANT\u00c9 \u00ceLE-DE-FRANCE \n \n \nVU le code de l'action sociale et des familles et notamment les article s L. 312 -1, L. 313 -1,   \nL. 314-3 et suivants ; \n \nVU        le d\u00e9cret du 10 avril 2024 portant nomination de Monsieur Denis ROBIN, Directeur \ng\u00e9n\u00e9ral de l'Agence r\u00e9gionale de sant\u00e9 \u00cele-de-France \u00e0 compter du 29 avril 2024 ; \n \nVU l'arr\u00eat\u00e9 DS N\u00b0115/2024 du 25 septembre 2024 portant d\u00e9l\u00e9gation de signature \u00e0 \nMadame St\u00e9phanie TALBOT, Directrice de l'autonomie ; \n \nVU l'arr\u00eat\u00e9 n\u00b0 DIRNOV-2023/08 de la Directrice g\u00e9n\u00e9rale de l'Agence r\u00e9gionale de sant\u00e9 \u00cele-\nde-France en date du 26 octobre 2023 portant adoption du cadre d'orientation \nstrat\u00e9gique 2018-2028 du projet r\u00e9gional de sant\u00e9 d'\u00cele-de-France ; \n \nVU l'arr\u00eat\u00e9 n\u00b0 DIRNOV-2023/09 de la Directrice g\u00e9n\u00e9rale de l'Agence r\u00e9gionale de sant\u00e9 \u00cele-\nde-France en date du 26 octobre 2023 portant adoption du sch\u00e9ma r\u00e9gional de sant\u00e9 \n2023-2028 du projet r\u00e9gional de sant\u00e9 d' \u00cele-de-France, modifi\u00e9 par l'arr\u00eat\u00e9 n\u00b0DIRNOV -\n2023/09 en date du 12 janvier 2024 ; \n \nVU l'arr\u00eat\u00e9 n\u00b0 2023 -346 de la Directrice g\u00e9n\u00e9rale de l'Agence r\u00e9gionale de sant\u00e9 \u00cele-de-\nFrance en date du 4 d\u00e9cembre 2023 \u00e9tablissant le programme interd\u00e9partemental \nd'accompagnement des handicaps et de la perte d'autonomie (PRIAC) 2023 -2027 pour \nla r\u00e9gion \u00cele-de-France ; \n \nVU   l'arr\u00eat\u00e9 n\u00b0 A-07-02140 en date du 17 octobre 2007 modifi\u00e9, autorisant l'association La \nSauvegarde de l'Enfant, de l'Adolescent et de l'Adulte en Yvelines (SEAY) sise 9 bis \navenue Jean Jaur\u00e8s, 78000 Versailles \u00e0 proc\u00e9der \u00e0 une extension de 40 places, portant \nla capacit\u00e9 du SESSAD  La Sauvegarde, sis 3 rue de Chevreuse 78120 Rambouillet et \ndor\u00e9navant au 130 avenue Joseph Kessel 78  960 Voisins-le-Bretonneux de 80 \u00e0 120 \nplaces pour des enfants et adolescents des deux sexes \u00e2g\u00e9s de 3 \u00e0 20 ans pr\u00e9sentant \ndes retards scolaires, de compr\u00e9hension, des difficult\u00e9s relationnelles et troubles \npsychologiques pr\u00e9valents sur le secteur de Houdan ; \n \nAgence R\u00e9gionale de Sant\u00e9 - IDF-2025-04-04-00018 - Arr\u00eat\u00e9 2025-086 portant autorisation de r\u00e9duction de capacit\u00e9 de 165 \u00e0 155\nplaces du service d'\u00e9ducation sp\u00e9ciale et de soins \u00e0 domicile (SESSAD) La Sauvegarde \u00e0 Voisins-le-Bretonneux g\u00e9r\u00e9 par l'association la\nSauvegarde de l'Enfant, de l'Adolescent et de l'Adulte en Yvelines (SEAY)\n9\n       2 \n \nVU l'arr\u00eat\u00e9 n\u00b0 2010-103 du 13 ao\u00fbt 2010 autorisant la d\u00e9localisation du SESSAD  La \nSauvegarde de Rambouillet au 26 et 28, rue du chemin vert 78610 Le Perray-en-\nYvelines et pr\u00e9cisant les diff\u00e9rents sites d'implantation g\u00e9ographique des antennes ; \n \nVU l'arr\u00eat\u00e9 n\u00b02019-179 du 25 septembre 2019 modifi\u00e9, portant modification de la r\u00e9partition \ndes places de l'institut th\u00e9rapeutique, \u00e9ducatif et p\u00e9dagogique (ITEP) Jeanne Chevillotte \nsis 4 rue de Poissy 78130 Les Mureaux g\u00e9r\u00e9 par l'association SEAY autorisant \nnotamment la diminution des places du Centre d'Accueil Familial Sp\u00e9cialis\u00e9 (CAFS) \nJeanne Chevillotte sis \u00e0 la m\u00eame adresse ;  \n \nVU l'arr\u00eat\u00e9 n\u00b02020-36 portant autorisation d'extension de capacit\u00e9 de 120 \u00e0 140 places du \nSESSAD La Sauvegarde  par requalification de places du Centre d'Accueil Familial \nSp\u00e9cialis\u00e9 (CAFS) Jeanne Chevillotte et cr\u00e9ation d'une antenne suppl\u00e9mentaire situ\u00e9e \nau 207 boulevard du Mar\u00e9chal Juin 78200 Mantes-la-Jolie pour ces 20 places ; \n \nVU l'arr\u00eat\u00e9 n\u00b02024-229 portant autorisation d'extension de capacit\u00e9 de 140 \u00e0 165 places du \nSESSAD La Sauvegarde sis 130 avenue Joseph Kessel \u2013 Actip\u00f4le B\u00e2t. D. \u00e0 Voisins -le-\nBretonneux (d\u00e9partement des Yvelines) g\u00e9r\u00e9 par l'association la Sauvegarde de \nl'Enfant, de l'Adolescent et de l'Adulte en Yvelines (SEAY) ; \n \n \n \n \n \nCONSID\u00c9RANT que les cr\u00e9dits d\u00e9partementaux destin\u00e9s au dispositif institutionnel \nd'accompagnement, de partenariats d'accueil, de soin, d'ouvertures et de \nnovations (DIAPASON) ont \u00e9t\u00e9 red\u00e9ploy\u00e9s pour la mise en \u0153uvre de \nnouveaux projets ; \n \nCONSID\u00c9RANT   que les 10 places autoris\u00e9es en extension du SESSAD la Sauvegarde avaient \npour finalit\u00e9 la prise en charge des enfants et jeunes adultes du dispositif \nDIAPASON ; \n \nCONSID\u00c9RANT   que les cr\u00e9dits ONDAM d\u00e9l\u00e9gu\u00e9s \u00e0 l'Agence R\u00e9gionale de Sant\u00e9 \u00cele -de \nFrance dans le cadre de la strat\u00e9gie nationale de pr\u00e9vention et de protection \nde l'enfance sont fl\u00e9ch\u00e9s \u00e0 destination de projet s conjoints entre le Conseil \nD\u00e9partemental (Aide Sociale \u00e0 l'Enfance) et l'Agence R\u00e9gionale de Sant\u00e9. \n \nCONSID\u00c9RANT que les cr\u00e9dits accord\u00e9s au SESSAD pour ces 10 places seront repris en \ncons\u00e9quence ; \n \n       \n \n \n \nARR\u00caTE  \n \nARTICLE 1er :  L'autorisation visant \u00e0 la r\u00e9duction  de capacit\u00e9  de 10 places du SESSAD La \nSauvegarde sis Zone d'Activit\u00e9s Actip\u00f4le 130, avenue Joseph Kessel 78960 \nVoisins-le-Bretonneux destin\u00e9es \u00e0 prendre en charge des enfants et jeunes adultes \n\u00e2g\u00e9s 0 \u00e0 20 ans est accord\u00e9e \u00e0 l'association la Sauvegarde de l'Enfant, de \nl'Adolescent et de l'Adulte en Yvelines (SEAY). \n \nAgence R\u00e9gionale de Sant\u00e9 - IDF-2025-04-04-00018 - Arr\u00eat\u00e9 2025-086 portant autorisation de r\u00e9duction de capacit\u00e9 de 165 \u00e0 155\nplaces du service d'\u00e9ducation sp\u00e9ciale et de soins \u00e0 domicile (SESSAD) La Sauvegarde \u00e0 Voisins-le-Bretonneux g\u00e9r\u00e9 par l'association la\nSauvegarde de l'Enfant, de l'Adolescent et de l'Adulte en Yvelines (SEAY)\n10\n       3 \n \nARTICLE 2e :  La capacit\u00e9 du SESSAD La Sauvegarde est dor\u00e9navant de 155 places destin\u00e9es \u00e0 \naccueillir des enfants et jeunes adultes \u00e2g\u00e9s de 0 \u00e0 20 ans souffrant de difficult\u00e9s \npsychologiques avec troubles du comportement r\u00e9parties comme suit : \n \no 35 places pour personnes souffrant de difficult\u00e9s psychologiques \u00e0 l'antenne \nde Mantes-la-Jolie du SESSAD la Sauvegarde ; \n\u25aa Dont 15 places destin\u00e9es en priorit\u00e9 \u00e0 des personnes relevant \nde l'Aide Sociale \u00e0 l'Enfance ; \no 40 places pour personnes souffrant de difficult\u00e9s psychologiques au SESSAD \nla Sauvegarde situ\u00e9 \u00e0 Voisins-le-Bretonneux ; \no 40 places pour personnes souffrant de difficult\u00e9s psychologiques \u00e0 l'antenne \nde Houdan du SESSAD la Sauvegarde ; \no 40 places pour personnes souffrant de difficult\u00e9s psychologiques \u00e0 l'antenne \ndu Perray-en-Yvelines du SESSAD La Sauvegarde. \n \nARTICLE 3e :  Conform\u00e9ment aux termes du dernier alin\u00e9a du I de l'article D. 312 -0-3 du code de \nl'action sociale et des familles, a ucune sp\u00e9cialisation n'exclut la prise en charge de \npersonnes pr\u00e9sentant des troubles associ\u00e9s \u00e0 ceux qui font l'objet de la pr\u00e9sente \nautorisation.  \n \nARTICLE 4e :  Cette structure est r\u00e9pertori\u00e9e dans le Fichier National des Etablissements \nSanitaires et Sociaux (FINESS) de la fa\u00e7on suivante : \n \n\u2022 SESSAD La Sauvegarde \u00e0 Voisins-le-Bretonneux \n \nN\u00b0 FINESS de l'\u00e9tablissement :  78 001 292 8     \n \nCode cat\u00e9gorie : [182] Service d'Education Sp\u00e9ciale et de Soins \u00e0 Domicile \n \nCode discipline :  \n \n[844] Tous projets \u00e9ducatifs th\u00e9rapeutiques et \np\u00e9dagogiques \n \n \nCode fonctionnement :  \n \n[16] Prestations en milieu ordinaire 40 places \nCode client\u00e8le : \n \n[200] Difficult\u00e9s psychologiques avec troubles du \ncomportement \n \n40 places \nCode mode de fixation des tarifs : [34] ARS/DG Dotation Globale \n \nN\u00b0 FINESS du gestionnaire : 78 070 829 3 \n \nCode statut : [61] Association Loi 1901 Reconnue d'Utilit\u00e9 Publique \n \n \n\u2022 Antenne du SESSAD La Sauvegarde \u00e0 Mantes-la-Jolie \n \nN\u00b0 FINESS de l'\u00e9tablissement : 78 002 771 0    \n \nCode cat\u00e9gorie : [182] Service d'Education Sp\u00e9ciale et de Soins \u00e0 Domicile] \n \nCode discipline :  \n \n[844] Tous projets \u00e9ducatifs th\u00e9rapeutiques et \np\u00e9dagogiques \n \n \nCode fonctionnement :  [16] Prestations en milieu ordinaire 35 places \nAgence R\u00e9gionale de Sant\u00e9 - IDF-2025-04-04-00018 - Arr\u00eat\u00e9 2025-086 portant autorisation de r\u00e9duction de capacit\u00e9 de 165 \u00e0 155\nplaces du service d'\u00e9ducation sp\u00e9ciale et de soins \u00e0 domicile (SESSAD) La Sauvegarde \u00e0 Voisins-le-Bretonneux g\u00e9r\u00e9 par l'association la\nSauvegarde de l'Enfant, de l'Adolescent et de l'Adulte en Yvelines (SEAY)\n11\n       4 \n \n \nCode client\u00e8le : \n \n[200] Difficult\u00e9s psychologiques avec troubles du \ncomportement \n \n35 places \nCode mode de fixation des tarifs : [34] ARS/DG Dotation Globale \n \nN\u00b0 FINESS du gestionnaire : 78 070 829 3 \n \nCode statut : [61] Association Loi 1901 Reconnue d'Utilit\u00e9 Publique \n \n \n\u2022 Antenne du SESSAD La Sauvegarde au Perray-en-Yvelines \n \nN\u00b0 FINESS de l'\u00e9tablissement : 78 082 407 4     \n \nCode cat\u00e9gorie : [182] Service d'Education Sp\u00e9ciale et de Soins \u00e0 Domicile] \n \nCode discipline :  \n \n[844] Tous projets \u00e9ducatifs th\u00e9rapeutiques et \np\u00e9dagogiques \n \n \nCode fonctionnement :  \n \n[16] Prestations en milieu ordinaire 40 places \nCode client\u00e8le : \n \n[200] Difficult\u00e9s psychologiques avec troubles du \ncomportement \n \n40 places \nCode mode de fixation des tarifs : [34] ARS/DG Dotation Globale \n \nN\u00b0 FINESS du gestionnaire : 78 070 829 3 \n \nCode statut : [61] Association Loi 1901 Reconnue d'Utilit\u00e9 Publique \n \n \n\u2022 Antenne du SESSAD La Sauvegarde \u00e0 Houdan \n \nN\u00b0 FINESS de l'\u00e9tablissement : 78 002 069 9 \n \nCode cat\u00e9gorie : [182] Service d'Education Sp\u00e9ciale et de Soins \u00e0 Domicile] \n \nCode discipline :  \n \n[844] Tous projets \u00e9ducatifs th\u00e9rapeutiques et \np\u00e9dagogiques \n \n \nCode fonctionnement :  \n \n[16] Prestations en milieu ordinaire 40 places \nCode client\u00e8le : \n \n[200] Difficult\u00e9s psychologiques avec troubles du \ncomportement \n40 places \nCode mode de fixation des tarifs : [34] ARS/DG Dotation Globale \n \nN\u00b0 FINESS du gestionnaire : 78 070 829 3 \n \nCode statut : [61] Association Loi 1901 Reconnue d'Utilit\u00e9 Publique \n \nARTICLE 5e :   Tout changement important dans l'activit\u00e9, l'installation, l'organisation, la direction ou \nle fonctionnement de l'\u00e9tablissement ou du service doit \u00eatre port\u00e9 \u00e0 la connaissance \nde l'autorit\u00e9 comp\u00e9tente. \n \nAgence R\u00e9gionale de Sant\u00e9 - IDF-2025-04-04-00018 - Arr\u00eat\u00e9 2025-086 portant autorisation de r\u00e9duction de capacit\u00e9 de 165 \u00e0 155\nplaces du service d'\u00e9ducation sp\u00e9ciale et de soins \u00e0 domicile (SESSAD) La Sauvegarde \u00e0 Voisins-le-Bretonneux g\u00e9r\u00e9 par l'association la\nSauvegarde de l'Enfant, de l'Adolescent et de l'Adulte en Yvelines (SEAY)\n12\nag\"\n       5 \n \nARTICLE 6e :  Un recours contre le pr\u00e9sent arr\u00eat\u00e9 peut \u00eatre form\u00e9 devant le tribunal administratif \ncomp\u00e9tent dans un d\u00e9lai de deux mois \u00e0 compter de sa notification ou, pour les \ntiers, \u00e0 compter de sa publication.   \n \nARTICLE 7e :   Le Directeur de la d\u00e9l\u00e9gation d\u00e9partementale des Yvelines de l'Agence r\u00e9gionale de \nsant\u00e9 \u00cele-de-France est charg\u00e9 de l'ex\u00e9cution du pr\u00e9sent arr\u00eat\u00e9  qui sera publi\u00e9 au \nrecueil des actes administratifs de la R\u00e9gion \u00cele-de-France. \n \n \n \n \nFait \u00e0 Saint-Denis, le 4 avril 2025 \n \n Pour le Directeur g\u00e9n\u00e9ral  \n de l'Agence r\u00e9gionale de sant\u00e9  \n  \u00cele-de-France et par d\u00e9l\u00e9gation \n                                       \n \n \n \n \n                                                                 St\u00e9phanie TALBOT  \n                                                                         Directrice de l'autonomie \n \nAgence R\u00e9gionale de Sant\u00e9 - IDF-2025-04-04-00018 - Arr\u00eat\u00e9 2025-086 portant autorisation de r\u00e9duction de capacit\u00e9 de 165 \u00e0 155\nplaces du service d'\u00e9ducation sp\u00e9ciale et de soins \u00e0 domicile (SESSAD) La Sauvegarde \u00e0 Voisins-le-Bretonneux g\u00e9r\u00e9 par l'association la\nSauvegarde de l'Enfant, de l'Adolescent et de l'Adulte en Yvelines (SEAY)\n13\nAgence R\u00e9gionale de Sant\u00e9\nIDF-2025-03-31-00010\nArr\u00eat\u00e9 2025-088 portant autorisation de\nmodification de l'agr\u00e9ment relatif \u00e0 l'\u00e2ge de prise\nen charge du Service d'\u00e9ducation sp\u00e9ciale et de\nsoins \u00e0 domicile (SESSAD) La Vie au Grand Air \u00e0\nMantes-la-Ville g\u00e9r\u00e9 par la Fondation La Vie au\nGrand Air (VAGA)\nAgence R\u00e9gionale de Sant\u00e9 - IDF-2025-03-31-00010 - Arr\u00eat\u00e9 2025-088 portant autorisation de modification de l'agr\u00e9ment relatif \u00e0 l'\u00e2ge\nde prise en charge du Service d'\u00e9ducation sp\u00e9ciale et de soins \u00e0 domicile (SESSAD) La Vie au Grand Air \u00e0 Mantes-la-Ville g\u00e9r\u00e9 par la\nFondation La Vie au Grand Air (VAGA)\n14\nExREPUBLIQUEFRAN\u00c7AISELibert\u00e9Egalit\u00e9Fraternit\u00e9\ne \u00bb Agence R\u00e9gionale de Sant\u00e9Ile-de-France\n \n \n \n \n \n \n \n \nAGENCE R\u00c9GIONALE DE SANT\u00c9 \u00ceLE-DE-FRANCE \n \nARRETE N\u00b02025 \u2013 088  \n  \nportant autorisation de modification de l'agr\u00e9ment relatif \u00e0 l'\u00e2ge de prise en charge du  \nService d'\u00e9ducation sp\u00e9ciale et de soins \u00e0 domicile (SESSAD) La Vie Au Grand Air \n sis 147 Boulevard Roger Salengro \u00e0 Mantes-la-Ville (78711), \n \ng\u00e9r\u00e9 par la Fondation La Vie Au Grand Air (VAGA)      \n \n \nLE DIRECTEUR G\u00c9N\u00c9RAL DE L'AGENCE R\u00c9GIONALE DE SANT\u00c9 \u00ceLE-DE-FRANCE \n \nVU le code de l'action sociale et des familles et notamment les articles L. 312-1, L. 313-1, L. \n314-3 et suivants ; \n \nVU        le d\u00e9cret du 10 avril 2024 portant nomination de Monsieur Denis ROBIN, Directeur g\u00e9n\u00e9ral \nde l'Agence r\u00e9gionale de sant\u00e9 \u00cele-de-France \u00e0 compter du 29 avril 2024 ; \n \nVU l'arr\u00eat\u00e9 n\u00b024-78-0021 du 11 juillet 2024 portant d\u00e9l\u00e9gation de signature du Directeur \ng\u00e9n\u00e9ral de l'Agence r\u00e9gionale de sant\u00e9 Ile -de-France vers le Directeur de la d\u00e9l\u00e9gation \nd\u00e9partementale des Yvelines ; \n \nVU l'arr\u00eat\u00e9 n\u00b0 DIRNOV-2023/08 de la Directrice g\u00e9n\u00e9rale de l'Agence r\u00e9gionale de sant\u00e9 \u00cele-\nde-France en date du 26 octobre 2023 portant adoption du cadre d'orientation strat\u00e9gique \n2018-2028 du projet r\u00e9gional de sant\u00e9 d'\u00cele-de-France ; \n \nVU l'arr\u00eat\u00e9 n\u00b0 DIRNOV-2023/09 de la Directrice g\u00e9n\u00e9rale de l'Agence r\u00e9gionale de sant\u00e9 \u00cele-\nde-France en date du 26 octobre 2023 portant adoption du sch\u00e9ma r\u00e9gional de sant\u00e9 \n2023-2028 du projet r\u00e9gional de sant\u00e9 d' \u00cele-de-France, modifi\u00e9 par l'arr\u00eat\u00e9 n\u00b0DIRNOV -\n2023/09 en date du 12 janvier 2024 ; \n \nVU l'arr\u00eat\u00e9 n\u00b0 2023-346 de la Directrice g\u00e9n\u00e9rale de l'Agence r\u00e9gionale de sant\u00e9 \u00cele-de-France \nen date du 4 d\u00e9cembre 2023 \u00e9tablissant le programme interd\u00e9partemental \nd'accompagnement des handicaps et de la perte d'autonomie (PRIAC) 2023-2027 pour la \nr\u00e9gion \u00cele-de-France ; \n \nVU l'arr\u00eat\u00e9 conjoint ARS-Conseil D\u00e9partemental des Yveline s  n\u00b0A-07-01610  en date du 9 \njuillet 2007 portant cr\u00e9ation d'un \u00e9tablissement de 30 places compos\u00e9 de trois structures \nd'h\u00e9bergement de type Maisons d'Enfants \u00e0 Caract\u00e8re Social (MECS) de 10 places \nchacune et d'un dispositif d'\u00e9ducation et de soins sp\u00e9cialis\u00e9s disposant d'un accueil de \njour et d'un Service d'Education Sp\u00e9cialis\u00e9e de Soins A Domicile d\u00e9nomm\u00e9 SESSAD \u00ab La \nVie au Grand Air  \u00bb, sis 147 boulevard Roger Salengro \u00e0 MANTES LA VILLE (78), g\u00e9r\u00e9 \npar la \u00ab Fondation La Vie au Grand Air-Priorit\u00e9 Enfance \u00bb ;  \n \nVU l'arr\u00eat\u00e9 n\u00b02019-125 portant actualisation d'autorisation et d'extension de capacit\u00e9 de 30 \u00e0 \n35 places du SESSAD \u00ab  La Vie Au Grand Air  \u00bb sis 147 boulevard Roger Salengro sis \nMantes-la-Ville ; \n \n \n \nAgence R\u00e9gionale de Sant\u00e9 - IDF-2025-03-31-00010 - Arr\u00eat\u00e9 2025-088 portant autorisation de modification de l'agr\u00e9ment relatif \u00e0 l'\u00e2ge\nde prise en charge du Service d'\u00e9ducation sp\u00e9ciale et de soins \u00e0 domicile (SESSAD) La Vie au Grand Air \u00e0 Mantes-la-Ville g\u00e9r\u00e9 par la\nFondation La Vie au Grand Air (VAGA)\n15\n       2 \n \nVU la demande de la Fondation \u00ab  La Vie Au Grand Air  \u00bb visant \u00e0 prendre en charge des \njeunes adultes jusqu'\u00e0 21 ans ; \n \n \nCONSID\u00c9RANT  que la prise en charge au SESSAD \u00ab La Vie Au Grand Air \u00bb est corr\u00e9l\u00e9e \u00e0 \nl'accueil de jeunes accueillis au sein des Maisons Educatives \u00e0 Caract\u00e8re \nSp\u00e9cial (MECS) de la Fondation \u00ab  La Vie au Grand Air  \u00bb qui se poursuit \njusqu'\u00e0 21 ans ; \n \nCONSID\u00c9RANT  que l'op\u00e9ration peut s'effectuer  \u00e0 moyens constants  et n'entra\u00eene donc \naucun surco\u00fbt ; \n \n \n       \nARR\u00caTE  \n \nARTICLE 1er :  L'autorisation visant \u00e0 \u00e9tendre l'\u00e2ge de la prise en charge de 35 places du SESSAD \n\u00ab La Vie Au Grand Air \u00bb sis 147 Boulevard Roger Salengro \u00e0 Mantes-la-Ville (78 711) \ndestin\u00e9es \u00e0 accueillir des enfants et jeunes adultes \u00e2g\u00e9s 0 \u00e0 21 ans, est accord\u00e9e \u00e0 \nla Fondation La Vie Au Grand Air. \n \nARTICLE 2e :  Cette structure est r\u00e9pertori\u00e9e dans le Fichier National des Etablissements Sanitaires \net Sociaux (FINESS) de la fa\u00e7on suivante : \n \nN\u00b0 FINESS de l'\u00e9tablissement : 78 001 894 1 \n \nCode cat\u00e9gorie : [182] Service d'\u00c9ducation Sp\u00e9ciale et de Soins \u00e0 Domicile \n \nCode discipline :  \n \n[844] Tous projets \u00e9ducatifs th\u00e9rapeutiques et \np\u00e9dagogiques \n \n \nCode fonctionnement : \n \n[16] Prestation en milieu ordinaire 35 places \nCode client\u00e8le : \n \n[200] Difficult\u00e9s psychologiques avec troubles du \ncomportement \n35 places \n   \nCode mode de fixation des tarifs : [34] ARS Dotation Globale  \n \nN\u00b0 FINESS du gestionnaire :  92 002 683 8 \n \nCode statut : [63] Fondation \n \nARTICLE 3e :   Conform\u00e9ment aux termes du dernier alin\u00e9a du I de l'article D. 312 -0-3 du code de \nl'action sociale et des familles, aucune sp\u00e9cialisation n'exclut la prise en charge de \npersonnes pr\u00e9sentant des troubles associ\u00e9s \u00e0 ceux qui font l'objet de la pr\u00e9sente \nautorisation. \n \n \nARTICLE 4e :    Tout changement important dans l'activit\u00e9, l'installation, l'organisation, la direction ou \nle fonctionnement de l'\u00e9tablissement ou du service doit \u00eatre port\u00e9 \u00e0 la connaissance \nde l'autorit\u00e9 comp\u00e9tente. \n  \nAgence R\u00e9gionale de Sant\u00e9 - IDF-2025-03-31-00010 - Arr\u00eat\u00e9 2025-088 portant autorisation de modification de l'agr\u00e9ment relatif \u00e0 l'\u00e2ge\nde prise en charge du Service d'\u00e9ducation sp\u00e9ciale et de soins \u00e0 domicile (SESSAD) La Vie au Grand Air \u00e0 Mantes-la-Ville g\u00e9r\u00e9 par la\nFondation La Vie au Grand Air (VAGA)\n16\nage\n       3 \n \nARTICLE 5e :  Un recours contre le pr\u00e9sent arr\u00eat\u00e9 peut \u00eatre form\u00e9 devant le tribunal administratif \ncomp\u00e9tent dans un d\u00e9lai de deux mois \u00e0 compter de sa notification ou, pour les tiers, \n\u00e0 compter de sa publication.   \n  \nARTICLE 6e : Le Directeur de la d\u00e9l\u00e9gation d\u00e9partementale des Yvelines de l'Agence r\u00e9gionale de \nsant\u00e9 \u00cele-de-France est charg\u00e9 de l'ex\u00e9cution du pr\u00e9sent arr\u00eat\u00e9 qui sera publi\u00e9 aux \nrecueils des actes administratifs de la R\u00e9gion \u00cele -de-France et du D\u00e9partement des \nYvelines. \n \n \n \n \n        Fait \u00e0 Versailles, le 31 mars 2025 \n \n Pour le Directeur g\u00e9n\u00e9ral  \n de l'Agence r\u00e9gionale de sant\u00e9  \n  \u00cele-de-France et par d\u00e9l\u00e9gation \nLe Directeur de la d\u00e9l\u00e9gation \nd\u00e9partementale des Yvelines \nSimon KIEFFER \n \n \n \n                                       \n \n \n     \n \n \n \n                                                                  \n \nAgence R\u00e9gionale de Sant\u00e9 - IDF-2025-03-31-00010 - Arr\u00eat\u00e9 2025-088 portant autorisation de modification de l'agr\u00e9ment relatif \u00e0 l'\u00e2ge\nde prise en charge du Service d'\u00e9ducation sp\u00e9ciale et de soins \u00e0 domicile (SESSAD) La Vie au Grand Air \u00e0 Mantes-la-Ville g\u00e9r\u00e9 par la\nFondation La Vie au Grand Air (VAGA)\n17\nDirection r\u00e9gionale des affaires culturelles\nd'Ile-de-France \nIDF-2025-04-01-00028\nArr\u00eat\u00e9 portant inscription au titre des\nmonuments historiques de certaines parties de\nl'h\u00f4tel de Mailly-Nesle, situ\u00e9 29 quai Voltaire et\n2-4 rue de Beaune, \u00e0 Paris (7e arr.) \nDirection r\u00e9gionale des affaires culturelles d'Ile-de-France  - IDF-2025-04-01-00028 - Arr\u00eat\u00e9 portant inscription au titre des monuments\nhistoriques de certaines parties de l'h\u00f4tel de Mailly-Nesle, situ\u00e9 29 quai Voltaire et 2-4 rue de Beaune, \u00e0 Paris (7e arr.) 18\nE =PREFET |DE LA REGIOND'\u00ceLE-DE-FRANCELibert\u00e9\u00c9galit\u00e9Fraternit\u00e9\nPr\u00e9fecture de la r\u00e9gion d'Ile-de-France \n5 rue Leblanc  75015 Paris \u2013 Standard  01 82 52 40 00  \u2022 T\u00e9l\u00e9copie 01 82 52 40 16 \nAdresse Internet : www.paris-idf.gouv.fr  \n \n                                          \n \n \n \n \n \n \n                                                                                                          \nA R R \u00ca T \u00c9  N\u00b0  \n \nportant inscription au titre des monuments historiques de certaines parties de l'h\u00f4tel de Mailly-\nNesle, situ\u00e9 29 quai Voltaire et 2-4 rue de Beaune, \u00e0 Paris (7e arr.) ; \n \nLE PR\u00c9FET DE LA R\u00c9GION D'\u00ceLE-DE-FRANCE \nPR\u00c9FET DE PARIS \nCOMMANDEUR DE LA L\u00c9GION D'HONNEUR \n  OFFICIER DE L'ORDRE NATIONAL DU M\u00c9RITE  \n \nVU le code du patrimoine, livre VI, titres I et II  ;  \n \nVU le d\u00e9cret n\u00b0 2004-374 du 29 avril 2004 relatif aux pouvoirs des pr\u00e9fets, \u00e0 l'organisation et \u00e0 \nl'action des services de l'Etat dans les r\u00e9gions et d\u00e9partements ; \n \nVU l'arr\u00eat\u00e9 du 12 d\u00e9cembre 1938 portant inscription au titre des monuments historiques du plafond \ndu grand salon du 1 \ner  \u00e9tage, des boiseries style R\u00e9gence d\u00e9corant un autre salon du 1 er  \u00e9tage et du \npetit salon du 2 e \u00e9tage, \u00e0 la d\u00e9coration de l'\u00e9poque Directoire, de l'immeuble sis 29 quai Voltaire et \n2 et 4 rue de Beaune ;  \n \nVU l'avis de la Commission r\u00e9gionale du patrimoine et de l'architecture en date du 3 d\u00e9cembre \n2024  ; \n \nVU les autres pi\u00e8ces produites et jointes au dossier ; \nCONSID\u00c9RANT que l'h\u00f4tel de Mailly-Nesle est un rare vestige des d\u00e9buts de l'urbanisation du \nfaubourg Saint-Germain, dans la premi\u00e8re moiti\u00e9 du XVII \ne si\u00e8cle ; qu'il t\u00e9moigne de l'\u00e9volution du \nd\u00e9cor des int\u00e9rieurs priv\u00e9s, de la fin du XVII e si\u00e8cle \u00e0 la fin du XIX e si\u00e8cle, en passant par le XVIII e \nsi\u00e8cle et le d\u00e9but du XIX e si\u00e8cle ; que, pour ces raisons, il pr\u00e9sente au point de vue de l'histoire et de \nl'art un int\u00e9r\u00eat et des qualit\u00e9s suffisantes pour en rendre d\u00e9sirable la pr\u00e9servation ; \n      A R R \u00ca T E  \nARTICLE Ier-. Sont inscrites au titre des monuments historiques les parties suivantes de l'h\u00f4tel de \nMailly-Nesle, situ\u00e9 29 quai Voltaire et 2-4 rue de Beaune \u00e0 Paris (7e arr.), sur la parcelle n\u00b0 9, d'une \ncontenance de 1389 m2 , figurant au cadastre section AB, telles que d\u00e9limit\u00e9es sur les plans annex\u00e9s :  \n \n \n \n \n \n \n            Direction r\u00e9gionale  \n  des affaires culturelles  \n  d'\u00cele-de-France  \n \nDirection r\u00e9gionale des affaires culturelles d'Ile-de-France  - IDF-2025-04-01-00028 - Arr\u00eat\u00e9 portant inscription au titre des monuments\nhistoriques de certaines parties de l'h\u00f4tel de Mailly-Nesle, situ\u00e9 29 quai Voltaire et 2-4 rue de Beaune, \u00e0 Paris (7e arr.) 19\n \n \n- la pi\u00e8ce dite salon dor\u00e9, situ\u00e9e au premier \u00e9tage du corps principal, en totalit\u00e9, \u00e0 l'exception des \nlambris peints, \n- la pi\u00e8ce dite salon R\u00e9gence, situ\u00e9e au premier \u00e9tage du corps principal, en totalit\u00e9, \n- la pi\u00e8ce dite salon Directoire, situ\u00e9e au deuxi\u00e8me \u00e9tage de l'aile Est, en totalit\u00e9, \n- les trois salons du premier \u00e9tage de l'aile Est (salon bleu, salon central, salon Picard), d\u00e9cor\u00e9s \u00e0 la fin \ndu XIX \ne si\u00e8cle, en totalit\u00e9, \n- l'escalier de la fin du XVII e s. situ\u00e9 dans le pavillon Est, avec sa cage. \n \nL'Etat en est propri\u00e9taire depuis une date ant\u00e9rieure au 1 \ner  janvier 1956. \n \nARTICLE 2-. Le pr\u00e9sent arr\u00eat\u00e9 se substitue \u00e0 l'arr\u00eat\u00e9 du 12 d\u00e9cembre 1938 susvis\u00e9. \n \nARTICLE 3-. Le pr\u00e9sent arr\u00eat\u00e9 sera notifi\u00e9 au propri\u00e9taire, au maire de la commune concern\u00e9e et le \ncas \u00e9ch\u00e9ant, \u00e0 l'autorit\u00e9 comp\u00e9tente en mati\u00e8re de plan local d'urbanisme. \n \nARTICLE 5-. Le pr\u00e9fet de la r\u00e9gion d'\u00cele-de-France est charg\u00e9 de l'ex\u00e9cution du pr\u00e9sent arr\u00eat\u00e9, qui \nsera publi\u00e9 au fichier immobilier de la situation de l'immeuble inscrit et au recueil des actes \nadministratifs de la pr\u00e9fecture de r\u00e9gion. \n \n \nFait \u00e0 Paris, le 01/04/2025 \nLe pr\u00e9fet de la r\u00e9gion d'\u00cele-de-France, \nPr\u00e9fet de Paris \n \nSIGN\u00c9 \n \nMarc GUILLAUME \n \n \n \nDirection r\u00e9gionale des affaires culturelles d'Ile-de-France  - IDF-2025-04-01-00028 - Arr\u00eat\u00e9 portant inscription au titre des monuments\nhistoriques de certaines parties de l'h\u00f4tel de Mailly-Nesle, situ\u00e9 29 quai Voltaire et 2-4 rue de Beaune, \u00e0 Paris (7e arr.) 20\nPr\u00e9fecture de la r\u00e9gion d'Ile-de-France \n5 rue Leblanc  75015 Paris \u2013 Standard  01 82 52 40 00  \u2022 T\u00e9l\u00e9copie 01 82 52 40 16 \nAdresse Internet : www.paris-idf.gouv.fr  \n \nPlans annex\u00e9s \u00e0 l'arr\u00eat\u00e9 n\u00b0                                         portant inscription au titre des monuments \nhistoriques de certaines parties de l'h\u00f4tel de Mailly-Nesle, situ\u00e9 29 quai Voltaire et 2-4 rue de \nBeaune, \u00e0 Paris (7e arr.) \n \n \n  \n \n \n \n \n \n \n \n \n \n \nLocalisation de l'\u00e9difice \n \n \n  \n                                     \n      \n            \n  \n \n \n \nFait \u00e0 PARIS, le  \n \n \n \nDirection r\u00e9gionale des affaires culturelles d'Ile-de-France  - IDF-2025-04-01-00028 - Arr\u00eat\u00e9 portant inscription au titre des monuments\nhistoriques de certaines parties de l'h\u00f4tel de Mailly-Nesle, situ\u00e9 29 quai Voltaire et 2-4 rue de Beaune, \u00e0 Paris (7e arr.) 21\n\u2014\u2014\u2014 ee ue un ee ue oe ee d\u00e9 ee  ee ee-\n \n \nPlans annex\u00e9s \u00e0 l'arr\u00eat\u00e9 n\u00b0                                         portant inscription au titre des monuments \nhistoriques de certaines parties de l'h\u00f4tel de Mailly-Nesle, situ\u00e9 29 quai Voltaire et 2-4 rue de \nBeaune, \u00e0 Paris (7e arr.) \n \n \n \n                            \n \n\u00c9tendue de protection au titre des monuments historiques, au rez-de-chauss\u00e9e \n \n \n \n                            \nFait \u00e0 PARIS, le \n \n \nDirection r\u00e9gionale des affaires culturelles d'Ile-de-France  - IDF-2025-04-01-00028 - Arr\u00eat\u00e9 portant inscription au titre des monuments\nhistoriques de certaines parties de l'h\u00f4tel de Mailly-Nesle, situ\u00e9 29 quai Voltaire et 2-4 rue de Beaune, \u00e0 Paris (7e arr.) 22\nPr\u00e9fecture de la r\u00e9gion d'Ile-de-France \n5 rue Leblanc  75015 Paris \u2013 Standard  01 82 52 40 00  \u2022 T\u00e9l\u00e9copie 01 82 52 40 16 \nAdresse Internet : www.paris-idf.gouv.fr  \n \nPlans annex\u00e9s \u00e0 l'arr\u00eat\u00e9 n\u00b0                                         portant inscription au titre des monuments \nhistoriques de certaines parties de l'h\u00f4tel de Mailly-Nesle, situ\u00e9 29 quai Voltaire et 2-4 rue de \nBeaune, \u00e0 Paris (7e arr.) \n \n \n \n                            \n \n\u00c9tendue de protection au titre des monuments historiques, au premier \u00e9tage \n \n \n \n \n                                         Fait \u00e0 PARIS, le \n \nDirection r\u00e9gionale des affaires culturelles d'Ile-de-France  - IDF-2025-04-01-00028 - Arr\u00eat\u00e9 portant inscription au titre des monuments\nhistoriques de certaines parties de l'h\u00f4tel de Mailly-Nesle, situ\u00e9 29 quai Voltaire et 2-4 rue de Beaune, \u00e0 Paris (7e arr.) 23\nNITEM| | Int\u00e9rieurs inscrits\n \n \nPlans annex\u00e9s \u00e0 l'arr\u00eat\u00e9 n\u00b0                                         portant inscription au titre des monuments \nhistoriques de certaines parties de l'h\u00f4tel de Mailly-Nesle, situ\u00e9 29 quai Voltaire et 2-4 rue de \nBeaune, \u00e0 Paris (7e arr.) \n \n \n \n                            \n \n\u00c9tendue de protection au titre des monuments historiques, au deuxi\u00e8me \u00e9tage \n \n \n \n                              \nFait \u00e0 PARIS, le \n \n \n \nDirection r\u00e9gionale des affaires culturelles d'Ile-de-France  - IDF-2025-04-01-00028 - Arr\u00eat\u00e9 portant inscription au titre des monuments\nhistoriques de certaines parties de l'h\u00f4tel de Mailly-Nesle, situ\u00e9 29 quai Voltaire et 2-4 rue de Beaune, \u00e0 Paris (7e arr.) 24\nDirection r\u00e9gionale des affaires culturelles\nd'Ile-de-France \nIDF-2025-04-01-00030\nArr\u00eat\u00e9 portant inscription au titre des\nmonuments historiques du ch\u00e2teau de Morsang,\nsitu\u00e9 4 rue Jean Raynal \u00e0 Morsang-sur-Orge\n(Essonne)\nDirection r\u00e9gionale des affaires culturelles d'Ile-de-France  - IDF-2025-04-01-00030 - Arr\u00eat\u00e9 portant inscription au titre des monuments\nhistoriques du ch\u00e2teau de Morsang, situ\u00e9 4 rue Jean Raynal \u00e0 Morsang-sur-Orge (Essonne) 25\nE =PREFET |DE LA REGIOND'\u00ceLE-DE-FRANCELibert\u00e9\u00c9galit\u00e9Fraternit\u00e9\nPr\u00e9fecture de la r\u00e9gion d'Ile-de-France \n5 rue Leblanc  75015 Paris \u2013 Standard  01 82 52 40 00  \u2022 T\u00e9l\u00e9copie 01 82 52 40 16 \nAdresse Internet : www.paris-idf.gouv.fr  \n \n                                          \n \n \n \n \n \n \n                                                                                                          \nA R R \u00ca T \u00c9  N\u00b0  \n \nportant inscription au titre des monuments historiques du ch\u00e2teau de Morsang, situ\u00e9 4 rue Jean \nRaynal \u00e0 Morsang-sur-Orge (Essonne) ; \n \nLE PR\u00c9FET DE LA R\u00c9GION D'\u00ceLE-DE-FRANCE \nPR\u00c9FET DE PARIS \nOFFICIER DE LA L\u00c9GION D'HONNEUR \nOFFICIER DE L'ORDRE NATIONAL DU M\u00c9RITE  \n \nVU le code du patrimoine, livre VI, titres I et II  ;  \n \nVU le d\u00e9cret n\u00b0 2004-374 du 29 avril 2004 relatif aux pouvoirs des pr\u00e9fets, \u00e0 l'organisation et \u00e0 \nl'action des services de l'Etat dans les r\u00e9gions et d\u00e9partements ; \n \nVU l'arr\u00eat\u00e9 du 5 juillet 1979 portant inscription au titre des monuments historiques de certaines \nparties du ch\u00e2teau de Morsang-sur-Orge (fa\u00e7ades et toitures du logis ; escalier principal ; au rez-de-\nchauss\u00e9e, biblioth\u00e8que, petit salon et grand salon ; au premier \u00e9tage, chambre face \u00e0 l'escalier) ; \n \nVU l'avis de la Commission r\u00e9gionale du patrimoine et de l'architecture en date du 3 d\u00e9cembre \n2024  ; \n \nVU les autres pi\u00e8ces produites et jointes au dossier ; \nCONSID\u00c9RANT que le ch\u00e2teau de Morsang, construit da ns les ann\u00e9es 1740 et agrandi dans les \nann\u00e9es 1910, est un exemple significatif de demeure de vill\u00e9giature d'Ancien R\u00e9gime et t\u00e9moigne de \nla perp\u00e9tuation du mode de vie aristocratique et bourgeois \u00e0 la campagne jusque dans la premi\u00e8re \nmoiti\u00e9 du XX \ne si\u00e8cle ; que, pour ces raisons, il pr\u00e9sente au point de vue de l'histoire et de l'art un \nint\u00e9r\u00eat et des qualit\u00e9s suffisantes pour en rendre d\u00e9sirable la pr\u00e9servation ; \n      A R R \u00ca T E  \nARTICLE Ier-. Sont inscrites au titre des monuments historiques les parties suivantes du ch\u00e2teau de \nMorsang et de son parc, situ\u00e9es 4 rue Jean Raynal \u00e0 Morsang-sur-Orge (Essonne), sur les parcelles 83, \n84 et 98, d'une contenance respective de 17153, 30000 et 142925 m 2 , figurant au cadastre section \nAC, telles que d\u00e9limit\u00e9es sur les plans annex\u00e9s : \n- le logis en totalit\u00e9, \u00e0 l'exception des parties int\u00e9rieures de l'extension nord, \n- les deux pavillons et la grille d'entr\u00e9e, en totalit\u00e9, \n- les fa\u00e7ades et toitures de l'orangerie,  \n- la grotte architectur\u00e9e, en totalit\u00e9, avec son bassin, \n- la cascade en rocaillage d'ornementation. \n \n            Direction r\u00e9gionale  \n  des affaires culturelles  \n  d'\u00cele-de-France  \n \nDirection r\u00e9gionale des affaires culturelles d'Ile-de-France  - IDF-2025-04-01-00030 - Arr\u00eat\u00e9 portant inscription au titre des monuments\nhistoriques du ch\u00e2teau de Morsang, situ\u00e9 4 rue Jean Raynal \u00e0 Morsang-sur-Orge (Essonne) 26\n \n \n \nLe ch\u00e2teau et son parc appartiennent \u00e0 la commune de Morsang-sur Orge :  \n- la parcelle AC 83 par l'acte d'acquisition pass\u00e9 en la mairie de la commune de Morsang le 28 avril \n1980 et enregistr\u00e9 le 9 juin 1980 au bureau des hypoth\u00e8ques, volume 4126 n\u00b06 ;  \n- la parcelle AC 84 par l'\u00e9change effectu\u00e9 entre le syndicat mixte de la vall\u00e9e de l'Orge aval et la \ncommune, par l'administration de la commune, le 20 octobre 2006, et enregistr\u00e9 le 5 janvier 2007 au \nservice de la publicit\u00e9 fonci\u00e8re, sous la r\u00e9f\u00e9rence d'enliassement 9104P02 2007P51 ; \n- la parcelle AC 98 par l'acte d'acquisition pass\u00e9 devant Ma\u00eetre Alain de Puiss\u00e9gur, notaire \u00e0 Savigny-\nsur-Orge (Essonne), le 15 juillet 2003, et enregistr\u00e9 le 9 septembre 2003 au service de la publicit\u00e9 \nfonci\u00e8re, sous la r\u00e9f\u00e9rence d'enliassement 9104P02 2003P6677. \n \nARTICLE 2-. Le pr\u00e9sent arr\u00eat\u00e9 se substitue \u00e0 l'arr\u00eat du 5 juillet 1979 susvis\u00e9. \n \nARTICLE 3-. Le pr\u00e9sent arr\u00eat\u00e9 sera notifi\u00e9 au propri\u00e9taire, au maire de la commune concern\u00e9e et le \ncas \u00e9ch\u00e9ant, \u00e0 l'autorit\u00e9 comp\u00e9tente en mati\u00e8re de plan local d'urbanisme. \n \nARTICLE 4-. Le pr\u00e9fet de la r\u00e9gion d'\u00cele-de-France est charg\u00e9 de l'ex\u00e9cution du pr\u00e9sent arr\u00eat\u00e9, qui \nsera publi\u00e9 au fichier immobilier de la situation de l'immeuble inscrit et au recueil des actes \nadministratifs de la pr\u00e9fecture de r\u00e9gion. \n \n \n \nFait \u00e0 Paris, le 01/04/2025 \nLe pr\u00e9fet de la r\u00e9gion d'\u00cele-de-France, \nPr\u00e9fet de Paris \n \nSIGN\u00c9 \n \nMarc GUILLAUME \n \n \nDirection r\u00e9gionale des affaires culturelles d'Ile-de-France  - IDF-2025-04-01-00030 - Arr\u00eat\u00e9 portant inscription au titre des monuments\nhistoriques du ch\u00e2teau de Morsang, situ\u00e9 4 rue Jean Raynal \u00e0 Morsang-sur-Orge (Essonne) 27\nPavillons d'entr\u00e9eet grille\n[J Inscription en totalit\u00e9\\Yh. Inscription fagades et toitures\nPr\u00e9fecture de la r\u00e9gion d'Ile-de-France \n5 rue Leblanc  75015 Paris \u2013 Standard  01 82 52 40 00  \u2022 T\u00e9l\u00e9copie 01 82 52 40 16 \nAdresse Internet : www.paris-idf.gouv.fr  \n \nPlan annex\u00e9 \u00e0 l'arr\u00eat\u00e9 n\u00b0                                            portant inscription au titre des monuments \nhistoriques du ch\u00e2teau de Morsang, situ\u00e9 4 rue Jean Raynal \u00e0 Morsang-sur-Orge (Essonne) \n \n \n \n                      Etendue de protection au titre des monuments historiques du ch\u00e2teau (AC 83) \n \n              \n                          \n                                             \nFait \u00e0 Paris, le 01/04/2025 \nLe pr\u00e9fet de la r\u00e9gion d'\u00cele-de-France, \nPr\u00e9fet de Paris \n \nSIGN\u00c9 \n \nMarc GUILLAUME \n \n \nDirection r\u00e9gionale des affaires culturelles d'Ile-de-France  - IDF-2025-04-01-00030 - Arr\u00eat\u00e9 portant inscription au titre des monuments\nhistoriques du ch\u00e2teau de Morsang, situ\u00e9 4 rue Jean Raynal \u00e0 Morsang-sur-Orge (Essonne) 28\n99\n \n \nPlan annex\u00e9 \u00e0 l'arr\u00eat\u00e9 n\u00b0                                            portant inscription au titre des monuments \nhistoriques du ch\u00e2teau de Morsang, situ\u00e9 4 rue Jean Raynal \u00e0 Morsang-sur-Orge (Essonne) \n \n              \n             Etendue de protection au titre des monuments historiques de certains \u00e9l\u00e9ments du parc (AC 84, 98) \n \n \n \n \n \n              \n                           \n Fait \u00e0 Paris, le 01/04/2025 \nLe pr\u00e9fet de la r\u00e9gion d'\u00cele-de-France, \nPr\u00e9fet de Paris \n \nSIGN\u00c9 \n \nMarc GUILLAUME \n \n \nDirection r\u00e9gionale des affaires culturelles d'Ile-de-France  - IDF-2025-04-01-00030 - Arr\u00eat\u00e9 portant inscription au titre des monuments\nhistoriques du ch\u00e2teau de Morsang, situ\u00e9 4 rue Jean Raynal \u00e0 Morsang-sur-Orge (Essonne) 29","date":"2025-04-07","first_seen_on":"2025-04-07T16:05:00+00:00","id":"10d6231b1b73f18a50ba3cfb23ad64512a6846e1c4ae777876eebd118a38b798","name":"recueil-idf-015-2025-04-recueil-des-actes-administratifs-special du 07.04.2025","pdf_creation_date":"2025-04-07T14:44:40+00:00","pdf_modification_date":null,"timezone":"Europe/Paris","url":"https://www.prefectures-regions.gouv.fr/ile-de-france/irecontenu/telechargement/126839/936575/file/recueil-idf-015-2025-04-recueil-des-actes-administratifs-special%20du%2007.04.2025.pdf"}
