{"administration":"prefidf","administration_name":"Pr\u00e9fecture de la r\u00e9gion \u00cele-de-France","content":"PREFECTURE\nREGION ILE DE\nFRANCE\nRECUEIL DES ACTES\nADMINISTRATIFS SP\u00c9CIAL\n(NOMINATIFS)\nN\u00b0IDF-034-2025-11\nPUBLI\u00c9 LE 20 NOVEMBRE 2025\nSommaire\nAgence R\u00e9gionale de Sant\u00e9 / Agence r\u00e9gionale de sant\u00e9\nd'Ile-de-France-D\u00e9partement de l'autonomie\nIDF-2025-11-19-00002 - Arr\u00eat\u00e9  n\u00b02025-307 portant composition de la\ncommission r\u00e9gionale d'information et de s\u00e9lection d'appel \u00e0\nprojet social ou m\u00e9dico-social pour les projets autoris\u00e9s en application\ndu b de l'article L. 313-3 du code de l'action sociale et des familles (2\npages) Page 3\nAgence R\u00e9gionale de Sant\u00e9 / Agence r\u00e9gionale de sant\u00e9\nd'Ile-de-France-Direction de l'Offre de Soins (DOS)  P\u00f4le Efficience\nIDF-2025-11-19-00004 - Arr\u00eat\u00e9 n\u00b0DOS-2025-4528 fixant la composition\nde la Commission de contr\u00f4le de l'Agence r\u00e9gionale de sant\u00e9\n\u00cele-de-France (2 pages) Page 6\nAgence R\u00e9gionale de Sant\u00e9 / service r\u00e9gional des transports sanitaires\nIDF-2025-11-21-00001 - Arr\u00eat\u00e9 n\u00b0 DOS-2025/4796 portant agr\u00e9ment\nde la SASU AMBULANCES MAGENTA (2 pages) Page 9\nDirection r\u00e9gionale et interd\u00e9partementale de l'\u00e9conomie, de l'emploi,\ndu travail et des solidarit\u00e9s d'\u00cele-de-France / P\u00f4le Politiques du\nTravail\nIDF-2025-11-06-00008 - D\u00e9cision n\u00b0 2025-05 du 6 novembre\n2025\nportant nomination des membres du coll\u00e8ge des partenaires\nsociaux et du coll\u00e8ge des \npersonnalit\u00e9s qualifi\u00e9es du Comit\u00e9\nr\u00e9gional d'orientation des conditions de travail (CROCT) et du\nComit\u00e9 r\u00e9gional de pr\u00e9vention et de sant\u00e9 au travail (CRPST) pour\nl'Ile-de-France (6 pages) Page 12\n2\nAgence R\u00e9gionale de Sant\u00e9\nIDF-2025-11-19-00002\nArr\u00eat\u00e9  n\u00b02025-307 portant composition de la\ncommission r\u00e9gionale d'information et de\ns\u00e9lection d'appel \u00e0 projet social ou\nm\u00e9dico-social pour les projets autoris\u00e9s en\napplication du b de l'article L. 313-3 du code de\nl'action sociale et des familles\nAgence R\u00e9gionale de Sant\u00e9 - IDF-2025-11-19-00002 - Arr\u00eat\u00e9  n\u00b02025-307 portant composition de la commission r\u00e9gionale\nd'information et de s\u00e9lection d'appel \u00e0 projet social ou m\u00e9dico-social pour les projets autoris\u00e9s en application du b de l'article L.\n313-3 du code de l'action sociale et des familles\n3\nEREPUBLIQUEFRAN\u00c7AISELibert\u00e9Egalit\u00e9Fraternit\u00e9\ne \u00bb Agence R\u00e9gionale de Sant\u00e9Ile-de-France\n                                                                                                                              \n  \n \n \nAGENCE R\u00c9GIONALE DE SANT\u00c9 \u00ceLE-DE-FRANCE \nARR\u00caT\u00c9 N\u00b0 2025-307 \nportant composition de la commission r\u00e9gionale d'information et de s\u00e9lection d'appel \u00e0 projet \nsocial ou m\u00e9dico-social pour les projets autoris\u00e9s en application du b de l'article L. 313-3 du \ncode de l'action sociale et des familles  \n \nLE DIRECTEUR G\u00c9N\u00c9RAL DE L'AGENCE R\u00c9GIONALE DE SANT\u00c9 \u00ceLE-DE-FRANCE \n \nVU le code de la sant\u00e9 publique ; \n \nVU le code de l'action sociale et des familles, et notamment ses articles L.313 -1, L. 313-1-1, L. 313-\n3 et R. 313-1 et suivants ; \n \nVU le d\u00e9cret n\u00b0 2016 -801 du 15 juin 2016 modifiant la proc\u00e9dure d'appel \u00e0 projets et d'autorisation \nmentionn\u00e9e \u00e0 l'article L. 313-1-1 du code de l'action sociale et des familles ;  \n \nVU le d\u00e9cret du 10 avril 2024 portant nomination de Monsieur Denis ROBIN en qualit\u00e9 de Directeur \ng\u00e9n\u00e9ral de l'Agence r\u00e9gionale de sant\u00e9 \u00cele-de-France \u00e0 compter du 29 avril 2024 ; \n \nVU l'arr\u00eat\u00e9 n\u00b02025 -220 portant modification de l'arr\u00eat\u00e9 n\u00b0 2024 - 342 portant composition de la \ncommission r\u00e9gionale d'information et de s\u00e9lection d'appel \u00e0 projet social ou m\u00e9dico -social pour \nles projets autoris\u00e9s en application du b de l'article L. 313 -3 du code de l'action sociale et des \nfamilles ; \n \n \n \n \nARR\u00caTE \n \n \nARTICLE 1er : \n \nPour l'examen de l'appel \u00e0 projet visant la cr\u00e9ation d'une plateforme m\u00e9dico -sociale enfant dans le \nd\u00e9partement de Seine-Saint-Denis, sont d\u00e9sign\u00e9s pour si\u00e9ger en qualit\u00e9 de membres non permanents \navec voix consultative : \n \n1\u00b0 Au titre des personnalit\u00e9s qualifi\u00e9es : \n\u25aa Madame Anne FONTAINE, Cheffe du bureau de l'\u00e9valuation enfant , Maison d\u00e9partementale \ndes personnes handicap\u00e9es de Seine-Saint-Denis ; \n\u25aa Madame Coralie BERNARD, Conseill\u00e8re technique parcours et handicap, Cellule conseils \ntechniques, service aide sociale \u00e0 l'enfance, direction de l'enfance et de la famille , Conseil \nd\u00e9partemental de Seine-Saint-Denis ; \n \n2\u00b0 Au titre de la repr\u00e9sentation des usagers sp\u00e9cialement concern\u00e9s : \n\u25aa Madame Anne FREULON, D\u00e9l\u00e9gu\u00e9e \u00cele-de-France, association Autisme France ; \n \n \nAgence R\u00e9gionale de Sant\u00e9 - IDF-2025-11-19-00002 - Arr\u00eat\u00e9  n\u00b02025-307 portant composition de la commission r\u00e9gionale\nd'information et de s\u00e9lection d'appel \u00e0 projet social ou m\u00e9dico-social pour les projets autoris\u00e9s en application du b de l'article L.\n313-3 du code de l'action sociale et des familles\n4\n3\u00b0 Au titre des personnels techniques de l'Agence r\u00e9gionale de sant\u00e9 \u00cele-de-France : \n\u25aa Madame Nathalie MONTANGON, Responsable du D\u00e9partement autonomie de la D\u00e9l\u00e9gation \nd\u00e9partementale de Seine-Saint-Denis, Direction de l'Autonomie ; \n\u25aa Madame Laur\u00e8ne PIRA, Charg\u00e9e de mission parcours des enfants en situation de handicap , \nDirection de l'Autonomie ; \n \nARTICLE 2 :  \n \nLe pr\u00e9sent arr\u00eat\u00e9 peut faire l'objet d'un recours devant le tribunal administratif comp\u00e9tent dans le d\u00e9lai \nde deux mois \u00e0 compter de sa publication. \n \n \nARTICLE 3 :  \n \nLe pr\u00e9sent arr\u00eat\u00e9 sera notifi\u00e9 aux membres de la commission et publi\u00e9 aux recueils des actes \nadministratifs des pr\u00e9fectures de la r\u00e9gion \u00cele-de-France. \n \n \nARTICLE 4 :  \n \nLe Directeur g\u00e9n\u00e9ral de l'Agence r\u00e9gionale de sant\u00e9 \u00cele-de-France est charg\u00e9 de l'ex\u00e9cution du \npr\u00e9sent arr\u00eat\u00e9. \n \n \n \n \nFait \u00e0 Saint-Denis, le 19 novembre 2025 \n \nLe Directeur g\u00e9n\u00e9ral \nde l'Agence r\u00e9gionale de sant\u00e9 \n\u00cele-de-France \n \n \n \n \n \n \n \nDenis ROBIN \n \n \n \n \n \n \nAgence R\u00e9gionale de Sant\u00e9 - IDF-2025-11-19-00002 - Arr\u00eat\u00e9  n\u00b02025-307 portant composition de la commission r\u00e9gionale\nd'information et de s\u00e9lection d'appel \u00e0 projet social ou m\u00e9dico-social pour les projets autoris\u00e9s en application du b de l'article L.\n313-3 du code de l'action sociale et des familles\n5\nAgence R\u00e9gionale de Sant\u00e9\nIDF-2025-11-19-00004\nArr\u00eat\u00e9 n\u00b0DOS-2025-4528 fixant la composition\nde la Commission de contr\u00f4le de l'Agence\nr\u00e9gionale de sant\u00e9 \u00cele-de-France\nAgence R\u00e9gionale de Sant\u00e9 - IDF-2025-11-19-00004 - Arr\u00eat\u00e9 n\u00b0DOS-2025-4528 fixant la composition de la Commission de contr\u00f4le de\nl'Agence r\u00e9gionale de sant\u00e9 \u00cele-de-France 6\nE = = 4REPUBLIQUEFRANCAISE \u00a9 D Agence R\u00e9gionalede Sant\u00e9Libert\u00e9 \\le-de-FranceEgalit\u00e9Fraternit\u00e9 ARRETE N\u00b0DOS-2025-4528fixant la composition de la Commission de contr\u00f4lede l'Agence r\u00e9gionale de sant\u00e9 \u00cele-de-FranceLE DIRECTEUR G\u00c9N\u00c9RAL DE L'AGENCE REGIONALE DE SANT\u00c9 \u00ceLE-DE-FRANCEVU l'article L. 162-22-18 et L 162-42-8 du code de la s\u00e9curit\u00e9 sociale ;VU le d\u00e9cret n\u00b0 2010-344 du 31 mars 2010 tirant les cons\u00e9quences, au niveau r\u00e9glementaire,de l'intervention de la loi n\u00b0 2009-879 du 21 juillet 2009 portant r\u00e9forme de l'h\u00f4pital et relativeaux patients, \u00e0 la sant\u00e9 et aux territoires ;VU la d\u00e9signation par le Directeur g\u00e9n\u00e9ral de l'UNCAM des membres du coll\u00e8ge Assurance Maladiede la Commission de contr\u00f4le de l'Agence r\u00e9gionale de sant\u00e9 \u00cele-de-France ;D\u00c9CIDEARTICLE 1: La Commission de contr\u00f4le de l'Agence r\u00e9gionale de sant\u00e9 \u00cele-de-France sera pr\u00e9sid\u00e9e parMonsieur Arnaud CORVAISIER, Directeur de l'Offre de soins de l'Agence r\u00e9gionale de sant\u00e9\u00cele-de-France.ARTICLE 2 : Ladite commission se compose des membres suivants :TITULAIRESRepr\u00e9sentants de l'Agence r\u00e9gionale de sant\u00e9 \u00cele-de-FranceArnaud CORVAISIERDirecteur de l'Offre de soinsPr\u00e9sident de la Commission de contr\u00f4leFabien PERUSDirecteur Du P\u00f4le Efficience (DOS)B\u00e9atrice SEVADJIAN Directrice du P\u00f4le Ville-H\u00f4pital (DOS)Charles RIGAUD Directeur de l'Allocation des Ressources et du Pilotage (DARP)Eric VECHARD D\u00e9l\u00e9gu\u00e9 D\u00e9partemental du Val de MarneRepr\u00e9sentants de l'Assurance Maladie d'Ile-de-FranceMr Albert LAUTMANDirecteur CPAM Essonne (DCGDR)Dr Virginie FOSS\u00c9Directrice m\u00e9dicale r\u00e9gionaleMr Raynal LE MAYDirecteur CPAM ParisMr Laurent PILETTEDirecteur de la Caisse Mutualit\u00e9 sociale agricole d'Ile de FranceMr Nicolas INGRAINSous-directeur (DCGDR)SUPPLEANTSRepr\u00e9sentants de l'Agence r\u00e9gionale de sant\u00e9 \u00cele-de-FranceKor\u00e9 MOGNONDirecteur adjoint de l'Offre de soinsLaure-Anne SCHERRERResponsable du d\u00e9partement Pilotage M\u00e9dico-Economique (DOS)Agn\u00e8s CARADEC-USEODirectrice adjointe du P\u00f4le Ville-H\u00f4pital (DOS)Vanessa LEPORSResponsable du d\u00e9partement Pilotage du Fonds d'interventionR\u00e9gional (FIR) et Centre de Services Partag\u00e9 FIR (DARP)Tanguy BODIND\u00e9l\u00e9gu\u00e9 D\u00e9partemental de ParisRepr\u00e9sentants de l'Assurance Maladie d'\u00cele-de-FranceMr Philippe BOUQUETDirecteur CPAM de Seine et MarneDr Dominique LECOINTRE | Directeur m\u00e9dical r\u00e9gional adjointMme C\u00e9cile ALOMAR Directrice de la CPAM des Yvelines |Mme Penda SALL Sous-directrice de la Caisse Mutualit\u00e9 sociale agricole d'Ile de FranceMr Serge KRIKORIANDirecteur adjoint en charge de la Gestion du RisquePage 1 sur 2\nR\u00c9PUBLIQUE \nFRAN\u00c7AISE \u00a9 D Agence R\u00e9gionale de Sant\u00e9 Libert\u00e9 ile-de-France \n\u00c9galit\u00e9 \nFraternit\u00e9 \nARR\u00caT\u00c9 N\u00b0DOS-2025-4528 \nfixant la composition de la Commission de contr\u00f4le \nde l'Agence r\u00e9gionale de sant\u00e9 \u00cele-de-France \nLE DIRECTEUR G\u00c9N\u00c9RAL DE L'AGENCE R\u00c9GIONALE DE SANT\u00c9 \u00ceLE-DE-FRANCE \nVU l'article L. 162-22-18 et L 162-42-8 du code de la s\u00e9curit\u00e9 sociale ; \nVU le d\u00e9cret n\u00b0 2010-344 du 31 mars 2010 tirant les cons\u00e9quences, au niveau r\u00e9glementaire, \nde l'intervention de la loi n\u00b0 2009-879 du 21 juillet 2009 portant r\u00e9forme de l'h\u00f4pital et relative \naux patients, \u00e0 la sant\u00e9 et aux territoires ; \nVU la d\u00e9signation par le Directeur g\u00e9n\u00e9ral de l'UNCAM des membres du coll\u00e8ge Assurance Maladie \nde la Commission de contr\u00f4le de l'Agence r\u00e9gionale de sant\u00e9 \u00cele-de-France ; \nD\u00c9CIDE \nARTICLE 1 : La Commission de contr\u00f4le de l'Agence r\u00e9gionale de sant\u00e9 \u00cele-de-France sera pr\u00e9sid\u00e9e par \nMonsieur Arnaud CORVAISIER, Directeur de l'Offre de soins de l'Agence r\u00e9gionale de sant\u00e9 \n\u00cele-de-France. \nARTICLE 2 : Ladite commission se compose des membres suivants : \nTITULAIRES \nRepr\u00e9sentants de l'Agence r\u00e9gionale de sant\u00e9 Ile-de-France \nDirecteur de l'Offre de soins SI POSER Pr\u00e9sident de la Commission de contr\u00f4le \nFabien PERUS Directeur Du P\u00f4le Efficience (DOS \nB\u00e9atrice SEVADJIAN Directrice du P\u00eale Ville-H\u00f4pital (DOS \nCharles RIGAUD Directeur de l'Allocation des Ressources et du Pilotage (DARP \nEric VECHARD D\u00e9l\u00e9gu\u00e9 D\u00e9partemental du Val de Marne \n\u00e6 . \nRepr\u00e9sentants de l'Assurance Maladie d'Ile-de-France \nSous-directeur (DCGDR \nSUPPLEANTS \nRepr\u00e9sentants de l'Agence r\u00e9gionale de sant\u00e9 Ile-de-France \nKor\u00e9 MOGNON Directeur adjoint de l'Offre de soins \nLaure-Anne SCHERRER | Responsable du d\u00e9partement Pilotage M\u00e9dico-Economique (DOS) \nAgn\u00e8s CARADEC-USEO | Directrice adjointe du P\u00f4le Ville-H\u00f4pital (DOS \nResponsable du d\u00e9partement Pilotage du Fonds d'intervention Vanessa LEPORS R\u00e9gional (FIR) et Centre de Services Partag\u00e9 FIR (DARP \nTanguy BODIN D\u00e9l\u00e9gu\u00e9 D\u00e9partemental de Paris \nRepr\u00e9sentants de l'Assurance Maladie d'Ile-de-France \nMr Philippe BOUQUET \nDr Dominique LECOINTRE \nMme C\u00e9cile ALOMAR \nMme Penda SALL \nMr Serge KRIKORIAN \nPage 1 sur 2 \nAgence R\u00e9gionale de Sant\u00e9 - IDF-2025-11-19-00004 - Arr\u00eat\u00e9 n\u00b0DOS-2025-4528 fixant la composition de la Commission de contr\u00f4le de\nl'Agence r\u00e9gionale de sant\u00e9 \u00cele-de-France 7\nARTICLE 3: Le pr\u00e9sent arr\u00eat\u00e9 abroge l'arr\u00eat\u00e9 n\u00b0 DOS-2019/1726 du 30 ao\u00fbt 2024.ARTICLE 4 : Le pr\u00e9sent arr\u00eat\u00e9 prend effet \u00e0 la date de signature.ARTICLE 5 : Le pr\u00e9sent arr\u00eat\u00e9 sera publi\u00e9 au recueil des actes administratifs de la Pr\u00e9fecture de laR\u00e9gion Ile-de-France.\nFait \u00e0 Saint-Denis, le 1 9 NOV. 2025\nPage 2 sur 2\nLe Directeur g\u00e9n\u00e9ral\nDe l'Agence r\u00e9gionale de sant\u00e9\n\u00cele-de-France\nSIGNE\nDenis ROBIN\nARTICLE 3 : Le pr\u00e9sent arr\u00eat\u00e9 abroge l'arr\u00eat\u00e9 n\u00b0 DOS-2019/1726 du 30 ao\u00fbt 2024. \nARTICLE 4 : Le pr\u00e9sent arr\u00eat\u00e9 prend effet \u00e0 la date de signature. \nARTICLE 5 : Le pr\u00e9sent arr\u00eat\u00e9 sera publi\u00e9 au recueil des actes administratifs de la Pr\u00e9fecture de la \nR\u00e9gion \u00cele-de-France. \nFait \u00e0 SaintDenis, le \u00c0 \u00ff NOV. 2025 \nPage 2 sur 2 \nAgence R\u00e9gionale de Sant\u00e9 - IDF-2025-11-19-00004 - Arr\u00eat\u00e9 n\u00b0DOS-2025-4528 fixant la composition de la Commission de contr\u00f4le de\nl'Agence r\u00e9gionale de sant\u00e9 \u00cele-de-France 8\nAgence R\u00e9gionale de Sant\u00e9\nIDF-2025-11-21-00001\nArr\u00eat\u00e9 n\u00b0 DOS-2025/4796 portant agr\u00e9ment de\nla SASU AMBULANCES MAGENTA\nAgence R\u00e9gionale de Sant\u00e9 - IDF-2025-11-21-00001 - Arr\u00eat\u00e9 n\u00b0 DOS-2025/4796 portant agr\u00e9ment de la SASU AMBULANCES MAGENTA 9\nREPUBLIQUEFRANCAISELibert\u00e9Egalit\u00e9Fraternit\u00e9\n4@ D Agence R\u00e9gionale de Sant\u00e9Ile-de-France\n \n \n \n \n \n \n \nAGENCE R\u00c9GIONALE DE SANT\u00c9 \u00ceLE-DE-FRANCE \nARR\u00caT\u00c9 N\u00b0DOS-2025/4796 \nPortant agr\u00e9ment de la SASU AMBULANCES MAGENTA \n(78500 Sartrouville)  \n \nLE DIRECTEUR G\u00c9N\u00c9RAL DE L'AGENCE R\u00c9GIONALE DE SANT\u00c9 \u00ceLE-DE-FRANCE \n \n \nVU le Code de la Sant\u00e9 Publique et notamment ses articles L.6311-1 \u00e0 L.6311-2, L.6312-1 \u00e0 L.6312-\n5, L.6313-1, R.6312-1 \u00e0 R.6312-23, R.6312-29 \u00e0 R.6312-43, R.6313-5 \u00e0 R.6313-7-1 ;   \n \nVU la loi n\u00b0 2009-879 du 21 juillet 2009 portant r\u00e9forme de l'h\u00f4pital et relative aux patients, \u00e0 la sant\u00e9 \net aux territoires ; \n \nVU le d\u00e9cret n\u00b0 2010-344 du 31 mars 2010 tirant les cons\u00e9quences, au niveau r\u00e8glementaire, de \nl'intervention de la loi n\u00b0 2009-879 du 21 juillet 2009 portant r\u00e9forme de l'h\u00f4pital et relative aux \npatients, \u00e0 la sant\u00e9 et aux territoires ;  \n \nVU le d\u00e9cret du 10 avril 2024 portant nomination de Monsieur Denis ROBIN, Directeur g\u00e9n\u00e9ral de \nl'Agence r\u00e9gionale de sant\u00e9 \u00cele de France \u00e0 compter du 29 avril 2024 ; \n \nVU l'arr\u00eat\u00e9 minist\u00e9riel du 21 d\u00e9cembre 1987 modifi\u00e9 relatif \u00e0 la composition du dossier d'agr\u00e9ment \ndes personnes effectuant des transports sanitaires terrestres et au contr\u00f4le des v\u00e9hicules \naffect\u00e9s aux transports sanitaires ; \n \nVU l'arr\u00eat\u00e9 du 12 d\u00e9cembre 2017 modifi\u00e9 fixant les caract\u00e9ristiques et les installations mat\u00e9rielles \nexig\u00e9es pour les v\u00e9hicules affect\u00e9s aux transports sanitaires terrestres ; \n \nVU l'arr\u00eat\u00e9 DS N\u00b0034/2024 du Directeur g\u00e9n\u00e9ral de l'Agence r\u00e9gionale de sant\u00e9 \u00cele de France en \ndate du 29 avril 2024, portant d\u00e9l\u00e9gation de signature \u00e0 Monsieur Arnaud CORVAISIER, \nDirecteur de l'offre de soins, et \u00e0 certains de ses collaborateurs ; \n \nVU le dossier de demande d'agr\u00e9ment pr\u00e9sent\u00e9 par Monsieur Ahmed MAHMOUD, responsable \nl\u00e9gal de la SASU AMBULANCES MAGENTA, sise 44, rue d'Estienne d'Orves \u00e0 Sartrouville \n(78500) ; \n \nCONSIDERANT l'accord de transfert de l'autorisation de mise en service de deux v\u00e9hicules de \ncat\u00e9gorie A type B immatricul\u00e9s GC-699-HY et GD-552-XP provenant de la soci\u00e9t\u00e9 AMBULANCES \nCHIRINE \u00e0 Conflans Sainte-Honorine (78700) d\u00e9livr\u00e9 par les services de l'ARS Ile de France le 24 \njuillet 2025 ; \n \nCONSIDERANT la conformit\u00e9 du dossier de demande d'agr\u00e9ment, des installations mat\u00e9rielles, des \nv\u00e9hicules et des \u00e9quipages, aux dispositions du code de la sant\u00e9 publique et des arr\u00eat\u00e9s ci-dessus \nvis\u00e9s relatifs \u00e0 la composition du dossier d'agr\u00e9ment et fixant les caract\u00e9ristiques exig\u00e9es pour les \nv\u00e9hicules et les installations mat\u00e9rielles affect\u00e9s aux transports sanitaires terrestres ; \n \nAgence R\u00e9gionale de Sant\u00e9 - IDF-2025-11-21-00001 - Arr\u00eat\u00e9 n\u00b0 DOS-2025/4796 portant agr\u00e9ment de la SASU AMBULANCES MAGENTA 10\n2 \n \nCONSIDERANT l'attestation sur l'honneur du responsable l\u00e9gal de la soci\u00e9t\u00e9 relative \u00e0 la conformit\u00e9 \ndes installations mat\u00e9rielles, aux normes d\u00e9finies par l'arr\u00eat\u00e9 du 12 d\u00e9cembre 2017 ci-dessus vis\u00e9 ainsi \nqu'aux normes d'hygi\u00e8ne et de salubrit\u00e9 ; \n \nCONSIDERANT les attestations sur l'honneur du responsable l\u00e9gal de la soci\u00e9t\u00e9 relative \u00e0 la conformit\u00e9 \ndes v\u00e9hicules de transports sanitaires, aux normes d\u00e9finies par l'arr\u00eat\u00e9 du 12 d\u00e9cembre 2017 ci-dessus \nvis\u00e9 ; \n \n \nARR\u00caTE \n \n \nARTICLE 1er : La SASU AMBULANCES MAGENTA, sise 44, rue d'Estienne d'Orves \u00e0 Sartrouville \n(78500) dont le responsable l\u00e9gal est Monsieur Ahmed MAHMOUD est agr\u00e9\u00e9e sous le n\u00b0 ARS-IDF-\nTS/430 \u00e0 compter de la date du pr\u00e9sent arr\u00eat\u00e9. \n \n ARTICLE 2 : La liste des v\u00e9hicules et des personnels composant les \u00e9quipages est pr\u00e9cis\u00e9e en annexe \nau pr\u00e9sent arr\u00eat\u00e9. \n \nARTICLE 3 : La pr\u00e9sente d\u00e9cision peut faire l'objet d'un recours gracieux aupr\u00e8s de Monsieur le \nDirecteur g\u00e9n\u00e9ral de l'Agence r\u00e9gionale de sant\u00e9, sise 13, rue du Landy 93200 Saint-Denis. \n Un recours contentieux peut \u00e9galement \u00eatre d\u00e9pos\u00e9 aupr\u00e8s du tribunal administratif comp\u00e9tent.   \n Le d\u00e9lai de recours est de deux mois \u00e0 compter de la notification de l'arr\u00eat\u00e9 pour l'int\u00e9ress\u00e9 ou de sa \npublication pour les tiers. \n Ces recours n'ont pas pour effet de suspendre le caract\u00e8re ex\u00e9cutoire de la pr\u00e9sente d\u00e9cision.    \n \nARTICLE 4 : Le Directeur de l'offre de soins est charg\u00e9 de l'ex\u00e9cution du pr\u00e9sent arr\u00eat\u00e9, qui sera publi\u00e9 \nau Recueil des Actes Administratifs des services de l'\u00c9tat. \n \n \nFait \u00e0 Saint-Denis, le 21 novembre 2025                             \n \nP/Le Directeur g\u00e9n\u00e9ral \nde l'Agence r\u00e9gionale de sant\u00e9 \nIle-de-France, \nLa Responsable du Service r\u00e9gional \ndes transports sanitaires, \n \n \n \n \n \nS\u00e9verine TEISSEDRE \n \n \nSign\u00e9 \nAgence R\u00e9gionale de Sant\u00e9 - IDF-2025-11-21-00001 - Arr\u00eat\u00e9 n\u00b0 DOS-2025/4796 portant agr\u00e9ment de la SASU AMBULANCES MAGENTA 11\nDirection r\u00e9gionale et interd\u00e9partementale de\nl'\u00e9conomie, de l'emploi, du travail et des\nsolidarit\u00e9s d'\u00cele-de-France\nIDF-2025-11-06-00008\nD\u00e9cision n\u00b0 2025-05 du 6 novembre 2025\nportant nomination des membres du coll\u00e8ge des\npartenaires sociaux et du coll\u00e8ge des \npersonnalit\u00e9s qualifi\u00e9es du Comit\u00e9 r\u00e9gional\nd'orientation des conditions de travail (CROCT)\net du Comit\u00e9 r\u00e9gional de pr\u00e9vention et de sant\u00e9\nau travail (CRPST) pour l'Ile-de-France\nDirection r\u00e9gionale et interd\u00e9partementale de l'\u00e9conomie, de l'emploi, du travail et des solidarit\u00e9s d'\u00cele-de-France -\nIDF-2025-11-06-00008 - D\u00e9cision n\u00b0 2025-05 du 6 novembre 2025\nportant nomination des membres du coll\u00e8ge des partenaires sociaux et du coll\u00e8ge des \npersonnalit\u00e9s qualifi\u00e9es du Comit\u00e9 r\u00e9gional d'orientation des conditions de travail (CROCT) et du Comit\u00e9 r\u00e9gional de pr\u00e9vention et de\nsant\u00e9 au travail (CRPST) pour l'Ile-de-France\n12\nMINISTEREDU TRAVAILET DES SOLIDARITESLibert\u00e9Egalit\u00e9Fraternit\u00e9\n   Direction r\u00e9gionale et interd\u00e9partementale \nde l'\u00e9conomie, de l'emploi, \ndu travail et des solidarit\u00e9s \n \n \n \n \nDRIEETS d'Ile-de-France \n32 rue Jean Jaur\u00e8s 93200 Saint-Denis \nhttp://idf.drieets.gouv.fr/ \n \n \nD\u00e9cision n\u00b0 2025-05 du 6 novembre 2025 \nportant nomination des membres du coll\u00e8ge des partenaires sociaux et du coll\u00e8ge des \npersonnalit\u00e9s qualifi\u00e9es du Comit\u00e9 r\u00e9gional d'orientation des conditions de travail (CROCT)  \net du Comit\u00e9 r\u00e9gional de pr\u00e9vention et de sant\u00e9 au travail (CRPST) pour l'Ile-de-France \n \n \nLe Directeur r\u00e9gional et interd\u00e9partemental de l'\u00e9conomie, de l'emploi, du travail et des \nsolidarit\u00e9s d'Ile-de-France, \n \nVu le d\u00e9cret n\u00b02021-1792 du 23 d\u00e9cembre 2021 relatif \u00e0 la composition et au fonctionnement \ndu Conseil d'orientation des conditions de travail et des comit\u00e9s r\u00e9gionaux,  \n \nVu les articles du  code du travail relatifs au CROCT et au CRPST, notamment R. 4641 -16,  \nR. 4641-19 et R. 4641-22, \n \nVu les propositions de d\u00e9signation des repr\u00e9sentants des organisations d'employeurs \nrepr\u00e9sentatives au niveau national et d'organisations de salari\u00e9s repr\u00e9sentatives au niveau \nnational, \n \nVu l'arr\u00eat\u00e9 IDF-2025-08-27-00002 du 27 ao\u00fbt 2025 , de Monsieur Marc GUILLAUME, Pr\u00e9fet de \nla r\u00e9gion d'Ile de France, Pr\u00e9fet de Paris, portant d\u00e9l\u00e9gation de signature \u00e0 Monsieur Fabrice \nMASI, directeur r\u00e9gional et interd\u00e9partemental de l'\u00e9conomie, de l'emploi, du travail et des \nsolidarit\u00e9s d'Ile-de-France (DRIEETS) en mati\u00e8re administrative, \n \nVu la d\u00e9cision n\u00b0 2025-178 du 05 septembre 2025 portant subd\u00e9l\u00e9gation de signature de \nMonsieur Fabrice MASI \u00e0 Monsieur Jean-Fran\u00e7ois DALVAI, responsable du p\u00f4le politiques du \ntravail, \n \nSur proposition de la Direction r\u00e9gionale et interd\u00e9partementale de l'\u00e9conomie, de l'emploi, \ndu travail et des solidarit\u00e9s d'Ile de France, \n \nDECIDE \n \nArticle 1 \n \nLes membres nomm\u00e9s pour si\u00e9ger au Comit\u00e9 r\u00e9gional d'orientation des conditions de travail \n(CROCT) d'Ile-de-France sont :  \n \n\u25aa En qualit\u00e9 de repr\u00e9sentants des employeurs : \n \nSur proposition de la Conf\u00e9d\u00e9ration des petites et moyennes entreprises (CPME) :  \n \n \nDirection r\u00e9gionale et interd\u00e9partementale de l'\u00e9conomie, de l'emploi, du travail et des solidarit\u00e9s d'\u00cele-de-France -\nIDF-2025-11-06-00008 - D\u00e9cision n\u00b0 2025-05 du 6 novembre 2025\nportant nomination des membres du coll\u00e8ge des partenaires sociaux et du coll\u00e8ge des \npersonnalit\u00e9s qualifi\u00e9es du Comit\u00e9 r\u00e9gional d'orientation des conditions de travail (CROCT) et du Comit\u00e9 r\u00e9gional de pr\u00e9vention et de\nsant\u00e9 au travail (CRPST) pour l'Ile-de-France\n13\n \n  \n \n  2 \nTitulaires : \n \n- Monsieur Pierre THILLAUD \n- Madame Celine SPINETTO \n \nSuppl\u00e9ants : \n \n- Monsieur Paul SAUVEPLANE \n- Madame G\u00e9raldine CHAMOUARD \n \n \nSur proposition du Mouvement des entreprises de France (MEDEF) : \n \nTitulaires : \n \n- Madame Ana BAPTISTA MACHADO \n- Madame Agn\u00e8s LALEAU \n- Monsieur Philippe MUNIER \n- Monsieur Pascal TISSERAND \n \nSuppl\u00e9ants : \n \n- Monsieur Erick LEMONNIER \n- Monsieur Dominique OLIVIER  \n- Madame Elodie SERON \n- Monsieur Thierry TRON LOZAI \n- Madame Pauline VIRET \n \n \nSur proposition de l'Union des entreprises de proximit\u00e9 (U2P) : \n \nTitulaire : Monsieur Philippe GOJ \n \nSuppl\u00e9ant : Madame Pascale MONTHUS \n \n \nSur proposition de la F\u00e9d\u00e9ration r\u00e9gionale des syndicats d'exploitants agricoles (FRSEA) et de la \nconf\u00e9d\u00e9ration nationale de la mutualit\u00e9 du cr\u00e9dit et de la coop\u00e9ration agricoles (CNMCCA) : \n \nTitulaire : Madame Carole CUYPERS \n \nSuppl\u00e9ant : Madame Caroline LEFORT \n \n \n\u25aa En qualit\u00e9 de repr\u00e9sentants des salari\u00e9s : \n \nSur proposition de la Conf\u00e9d\u00e9ration fran\u00e7aise d\u00e9mocratique du travail (CFDT) : \n \nTitulaires :  \n  \n- Monsieur Johnny FAVRE \n- Madame St\u00e9phanie KANBOUI \nDirection r\u00e9gionale et interd\u00e9partementale de l'\u00e9conomie, de l'emploi, du travail et des solidarit\u00e9s d'\u00cele-de-France -\nIDF-2025-11-06-00008 - D\u00e9cision n\u00b0 2025-05 du 6 novembre 2025\nportant nomination des membres du coll\u00e8ge des partenaires sociaux et du coll\u00e8ge des \npersonnalit\u00e9s qualifi\u00e9es du Comit\u00e9 r\u00e9gional d'orientation des conditions de travail (CROCT) et du Comit\u00e9 r\u00e9gional de pr\u00e9vention et de\nsant\u00e9 au travail (CRPST) pour l'Ile-de-France\n14\n \n  \n \n  3 \n \nSuppl\u00e9ants : \n \n- Madame Christelle BONNISSENT \n- Monsieur Emmanuel EPAULARD \n- Monsieur Victor MONTALVAO \n- Madame Delphine SCHMIDT \n \n \nSur proposition de la Conf\u00e9d\u00e9ration g\u00e9n\u00e9rale du travail (CGT) : \n \nTitulaires :  \n  \n- Madame Karine CLERET  \n- Monsieur Abderrafik ZAIGOUCHE \n \nSuppl\u00e9ants : \n \n- Madame Caroline TYRPA  \n- Monsieur Yannick SEVENOU \n \n \nSur proposition de Force ouvri\u00e8re (FO) : \n \nTitulaires :  \n  \n- Madame Christelle JEANNE \n- Monsieur R\u00e9za PAINCHAN \n \nSuppl\u00e9ant : \n \n- Monsieur Thierry GRIMALDI \n \n \nSur proposition de la Conf\u00e9d\u00e9ration fran\u00e7aise de l'encadrement -conf\u00e9d\u00e9ration g\u00e9n\u00e9rale des \ncadres (CFE-CGC) : \n \nTitulaire : Monsieur Driss LOUBIRI \n \nSuppl\u00e9ant : Monsieur William GUESSARD \n \n \nSur proposition de la Conf\u00e9d\u00e9ration fran\u00e7aise des travailleurs chr\u00e9tiens (CFTC) : \n \nTitulaire : \n \n-  Monsieur Bernard HAYAT  \n \nSuppl\u00e9ants :  \n \n-  Monsieur Tahar ABDELLI \n-  Madame Corinne LAMARCQ \nDirection r\u00e9gionale et interd\u00e9partementale de l'\u00e9conomie, de l'emploi, du travail et des solidarit\u00e9s d'\u00cele-de-France -\nIDF-2025-11-06-00008 - D\u00e9cision n\u00b0 2025-05 du 6 novembre 2025\nportant nomination des membres du coll\u00e8ge des partenaires sociaux et du coll\u00e8ge des \npersonnalit\u00e9s qualifi\u00e9es du Comit\u00e9 r\u00e9gional d'orientation des conditions de travail (CROCT) et du Comit\u00e9 r\u00e9gional de pr\u00e9vention et de\nsant\u00e9 au travail (CRPST) pour l'Ile-de-France\n15\n \n  \n \n  4 \n \n \n\u25aa En qualit\u00e9 de personnalit\u00e9s qualifi\u00e9es : \n \nPersonnes morales : \n \n-  AGEFIPH, Association de gestion du fonds pour l'insertion professionnelle des \npersonnes handicap\u00e9es, repr\u00e9sent\u00e9e par Monsieur Lahouari MERABTI   \n- FNATH, Association des accident\u00e9s de la vie, repr\u00e9sent\u00e9e par Monsieur Raphael \nLENOIR  \n \nPersonnes physiques : \n \n- Monsieur Yann HILAIRE, propos\u00e9 par la FESAC \n- Madame Caroline DELMAS, propos\u00e9 par PRESANSE \n- Monsieur Felix GIGLIOTTI, propos\u00e9 par l'UDES \n- Monsieur Jean-Claude PAIRON \n- Madame Virginie VILLARD \n- Monsieur Jean-Christophe VILLETTE \n- Monsieur Gilles SEITZ, propos\u00e9 par les organisations repr\u00e9sentatives des salari\u00e9s \n \n \n \n \nArticle 2 \n \nLes membres nomm\u00e9s pour si\u00e9ger au Comit\u00e9 r\u00e9gional de pr\u00e9vention et de sant\u00e9 au travail \n(CRPST) d'Ile-de-France sont :  \n \n\u25aa En qualit\u00e9 de repr\u00e9sentants des employeurs : \n \nSur proposition de la Conf\u00e9d\u00e9ration des petites et moyennes entreprises (CPME) :  \n \nTitulaire : Monsieur Pierre THILLAUD \n \nSuppl\u00e9ants :  \n \n- Monsieur Paul SAUVEPLANE \n- Madame Celine SPINETTO \n \n \nSur proposition du Mouvement des entreprises de France (MEDEF) : \n \nTitulaires : \n \n- Madame Ana BAPTISTA MACHADO \n- Madame Agn\u00e8s LALEAU \n- Monsieur Philippe MUNIER \n \nSuppl\u00e9ants : \n \n- Monsieur Erick LEMONIER \nDirection r\u00e9gionale et interd\u00e9partementale de l'\u00e9conomie, de l'emploi, du travail et des solidarit\u00e9s d'\u00cele-de-France -\nIDF-2025-11-06-00008 - D\u00e9cision n\u00b0 2025-05 du 6 novembre 2025\nportant nomination des membres du coll\u00e8ge des partenaires sociaux et du coll\u00e8ge des \npersonnalit\u00e9s qualifi\u00e9es du Comit\u00e9 r\u00e9gional d'orientation des conditions de travail (CROCT) et du Comit\u00e9 r\u00e9gional de pr\u00e9vention et de\nsant\u00e9 au travail (CRPST) pour l'Ile-de-France\n16\n \n  \n \n  5 \n- Monsieur Dominique OLIVIER \n- Madame Elodie SERON  \n- Monsieur Pascal TISSERAND \n- Monsieur Thierry TRON LOZAI \n \n \nSur proposition de l'Union des entreprises de proximit\u00e9 (U2P) : \n \nTitulaire : Monsieur Philippe GOJ \n \nSuppl\u00e9ant : Madame Pascale MONTHUS \n \n \n\u25aa En qualit\u00e9 de repr\u00e9sentants des salari\u00e9s : \n \nSur proposition de la Conf\u00e9d\u00e9ration fran\u00e7aise d\u00e9mocratique du travail (CFDT) : \n \nTitulaire : Monsieur Johnny FAVRE \n \nSuppl\u00e9ants : \n \n- Monsieur Emmanuel EPAULARD \n- Madame Stephanie KANBOUI \n \n \nSur proposition de la Conf\u00e9d\u00e9ration g\u00e9n\u00e9rale du travail (CGT) : \n \nTitulaire : Monsieur Abderrafik ZAIGOUCHE \n \nSuppl\u00e9ant : Madame Karine CLERET \n  \n \nSur proposition de force ouvri\u00e8re (FO) : \n \nTitulaire : Monsieur R\u00e9za PAINCHAN \n \nSuppl\u00e9ant : Madame Christelle JEANNE \n \n \nSur proposition de la Conf\u00e9d\u00e9ration fran\u00e7aise de l'encadrement -conf\u00e9d\u00e9ration g\u00e9n\u00e9rale des \ncadres (CFE-CGC) : \n \nTitulaire : Monsieur Driss LOUBIRI \n \nSuppl\u00e9ant : Monsieur William GUESSARD \n \n \nSur proposition de la Conf\u00e9d\u00e9ration fran\u00e7aise des travailleurs chr\u00e9tiens (CFTC)  : \n \nTitulaire : Monsieur Bernard HAYAT  \n \nSuppl\u00e9ants :  \nDirection r\u00e9gionale et interd\u00e9partementale de l'\u00e9conomie, de l'emploi, du travail et des solidarit\u00e9s d'\u00cele-de-France -\nIDF-2025-11-06-00008 - D\u00e9cision n\u00b0 2025-05 du 6 novembre 2025\nportant nomination des membres du coll\u00e8ge des partenaires sociaux et du coll\u00e8ge des \npersonnalit\u00e9s qualifi\u00e9es du Comit\u00e9 r\u00e9gional d'orientation des conditions de travail (CROCT) et du Comit\u00e9 r\u00e9gional de pr\u00e9vention et de\nsant\u00e9 au travail (CRPST) pour l'Ile-de-France\n17\n \n  \n \n  6 \n \n-  Monsieur Tahar ABDELLI \n-  Madame Corinne LAMARCQ \n \n \n \n \n \nArticle 3 \n \nLe Directeur r\u00e9gional et interd\u00e9partemental de l'\u00e9conomie, de l'emploi, du travail et des \nsolidarit\u00e9s d'Ile-de-France est charg\u00e9 de l'application de la pr\u00e9sente d\u00e9cision, qui sera publi\u00e9e \nau recueil des actes administratifs de la Pr\u00e9fecture de R\u00e9gion d'Ile-de-France. \n \n \nFait \u00e0 Saint-Denis, le 6 novembre 2025 \n \nP/Le Pr\u00e9fet de r\u00e9gion et par d\u00e9l\u00e9gation \nP/ Le Directeur r\u00e9gional et interd\u00e9partemental de \nl'\u00e9conomie, de l'emploi, du travail et des solidarit\u00e9s  \nd'Ile-de-France \n \nLe Directeur r\u00e9gional adjoint \nResponsable du P\u00f4le Politiques du Travail \n \nSIGN\u00c9 \n \nJean-Fran\u00e7ois DALVAI \n \n \n \n \nDirection r\u00e9gionale et interd\u00e9partementale de l'\u00e9conomie, de l'emploi, du travail et des solidarit\u00e9s d'\u00cele-de-France -\nIDF-2025-11-06-00008 - D\u00e9cision n\u00b0 2025-05 du 6 novembre 2025\nportant nomination des membres du coll\u00e8ge des partenaires sociaux et du coll\u00e8ge des \npersonnalit\u00e9s qualifi\u00e9es du Comit\u00e9 r\u00e9gional d'orientation des conditions de travail (CROCT) et du Comit\u00e9 r\u00e9gional de pr\u00e9vention et de\nsant\u00e9 au travail (CRPST) pour l'Ile-de-France\n18","date":"2025-11-20","first_seen_on":"2025-11-20T18:13:56+00:00","id":"11891f9573fd9bd47152f4b860969d8d7d4362804021cdb90adfbf37cd01fbbd","name":"recueil-idf-034-2025-11-RAA-nominatifs du 20.11.2025","pdf_creation_date":"2025-11-20T15:53:50+00:00","pdf_modification_date":null,"timezone":"Europe/Paris","url":"https://www.prefectures-regions.gouv.fr/ile-de-france/irecontenu/telechargement/132826/974462/file/recueil-idf-034-2025-11-RAA-nominatifs%20du%2020.11.2025.pdf"}
