{"administration":"pref30","administration_name":"Pr\u00e9fecture du Gard","content":"PR\u00c9FET\nDU GARD\nRECUEIL DES ACTES\nADMINISTRATIFS SP\u00c9CIAL\nN\u00b030-2025-196\nPUBLI\u00c9 LE 31 OCTOBRE 2025\nSommaire\nAgence R\u00e9gionale de la Sant\u00e9- d\u00e9l\u00e9gation d\u00e9partementale du Gard\n/\n30-2025-10-29-00004 - arrete codamups (7 pages) Page 4\nCentre Hospitalier de Bagnols sur C\u00e8ze /\n30-2025-10-27-00002 - CH Bagnols D\u00e9l\u00e9gation de signature \u00e0 B Pinna\nDirectrice Adjointe DRH et secteur m\u00e9dico-social (2 pages) Page 12\n30-2025-10-27-00001 - CH Bagnols sur C\u00e8ze - D\u00e9l\u00e9gation de signature\nM. MOURGUES, Pharmacien (2 pages) Page 15\nDirection d\u00e9partementale des Finances Publiques du Gard /\n30-2025-10-27-00005 - D\u00e9l\u00e9gation de signature du responsable du\nP\u00f4le de Contr\u00f4le des Revenus et du Patrimoine de N\u00eemes (2 pages) Page 18\nDirection D\u00e9partementale des Tetrritoires et de la Mer du Gard /\n30-2025-10-27-00006 - Arr\u00eat\u00e9 n\u00b0 DDTM-SEA-2025-015 fixant la\ncomposition du comit\u00e9 d\u00e9partemental d'expertise (3 pages) Page 21\n30-2025-10-30-00001 - arr\u00eat\u00e9 portant modification de la composition de\nla commission d\u00e9partementale consultative des gens du voyage  (4 pages) Page 25\nDirection des Services D\u00e9partementaux de l'Education Nationale du Gard /\n30-2025-10-24-00004 - ARRETE PORTANT MODIFICATION COMPOSITION\nCOLLEGE DEPART CONSULTATIF FONDS DEVELOPPEMENT VIE\nASSOCIATIVE (2 pages) Page 30\nPrefecture du Gard /\n30-2025-10-29-00003 - AP 2025-10-29-151 portant modification de la\nfr\u00e9quence de visite p\u00e9riodique de 3 ERP de l'Institut St F\u00e9lix \u00e0\nBeaucaire  (2 pages) Page 33\n30-2025-10-28-00003 - Arr\u00eat\u00e9 interpr\u00e9fectoral portant recomposition\ndu conseil communautaire de la Communaut\u00e9 d'Agglom\u00e9ration du\nGrand Avignon (3 pages) Page 36\n30-2025-10-31-00001 - ARR\u00caT\u00c9 N\u00b030-2025-31-10-0001 autorisant la\ncaptation, l'enregistrement et la transmission d'images (6 pages) Page 40\n30-2025-10-20-00015 - Arr\u00eat\u00e9 portant recomposition du nombre et de la\nr\u00e9partition des si\u00e8ges de l'organe d\u00e9lib\u00e9rant de la Communaut\u00e9\nde Communes Pays d'Uz\u00e8s (2 pages) Page 47\nSous Pr\u00e9fecture d'Al\u00e8s /\n30-2025-10-29-00005 - AP 25-10-55 du 29 octobre 2025 portant\nprolongation de mesures temporaires sur la navigation du Rh\u00f4ne\nconc\u00e9d\u00e9 (7 pages) Page 50\n30-2025-10-28-00004 - AR Habilitation 25-10-02 du 28-10-25 JOUANEN\nAIGOIN (2 pages) Page 58\n2\nSous Pr\u00e9fecture d'Al\u00e8s / P\u00d4LE DES COLLECTIVIT\u00c9S TERRITORIALES ET\nDU DEVELOPPEMENT LOCAL\n30-2025-10-30-00002 - Arr\u00eat\u00e9 n\u00b0 2025-30-10-001 du 30 octobre 2025\nportant liquidation du syndicat mixte d'am\u00e9nagement et de gestion\ndu Gardon d'Al\u00e8s (SMAGGA) (1 page) Page 61\n3\nAgence R\u00e9gionale de la Sant\u00e9- d\u00e9l\u00e9gation\nd\u00e9partementale du Gard\n30-2025-10-29-00004\narrete codamups\nAgence R\u00e9gionale de la Sant\u00e9- d\u00e9l\u00e9gation d\u00e9partementale du Gard - 30-2025-10-29-00004 - arrete codamups 4\npaar ArPREFETD U GARD \u00a9 ) Agence R\u00e9gionale de Sant\u00e9M or OccitanieLibert\u00e9Egalit\u00e9\u2014 D\u00e9l\u00e9gation d\u00e9partementale du GardLe pr\u00e9fet du Gard\nArr\u00e9t\u00e9 ARS OccitanieArr\u00e9t\u00e9 pr\u00e9fectoral n\u00b0\nARRETE PORTANT LA COMPOSITION du COMITE DEPARTEMENTAL de I' AIDE MEDICALEURGENTE, de la PERMANENCE DES SOINS et des TRANSPORTS SANITAIRES(CODAMUPS-TS du Gard)Version consolid\u00e9e au 16 octobre 2025\nLe pr\u00e9fet du Gard_ Chevalier de la L\u00e9gion d'honneurOfficier de l'ordre national du M\u00e9rite\nLe Directeur G\u00e9n\u00e9ral de l'Agence R\u00e9gionale de Sant\u00e9 Occitanie\nVu Le code de la sant\u00e9 publique et notamment les articles L.1435-5 et les articles L.6312-1 \u00e0L.6314-1 et R6313-1 \u00e0 R6313-3 ;Vu La loi n\u00b02009-879 du 21 juillet 2009 portant r\u00e9forme de l'h\u00f4pital et relative aux patients,\u00e0 la sant\u00e9 et aux territoires ;Vu Le d\u00e9cret n\u00b0 2010-336 du 31 mars 2010 portant cr\u00e9ation des agences r\u00e9gionales de sant\u00e9 ;Vu Le d\u00e9cret 2012-1331 du 29 novembre 2012 modifiant certaines dispositionsr\u00e8glementaires prises en application de la loi n\u00b02009-879 du 21 juillet 2009 portantr\u00e9forme de l'h\u00f4pital et relative aux patients, \u00e0 la sant\u00e9 et aux territoires ;Vu Le d\u00e9cret du 20 avril 2022 portant nomination de Monsieur Didier JAFFRE, Directeurg\u00e9n\u00e9ral de l'agence r\u00e9gionale de sant\u00e9 d'Occitanie, prise dans sa version actualis\u00e9e ;Vu Le d\u00e9cret du 13 juillet 2023 portant nomination du pr\u00e9fet du Gard,Monsieur J\u00e9r\u00f4me BONET;Vu L'arr\u00eat\u00e9 pr\u00e9fectoral n\u00b030-2024-10-18-00009 du 18 octobre 2024 donnant d\u00e9l\u00e9gation designature \u00e0 Madame Marie-Charlotte EUVRARD, sous-pr\u00e9f\u00e8te, directrice de cabinet dupr\u00e9fet du Gard ;\nAgence R\u00e9gionale de la Sant\u00e9- d\u00e9l\u00e9gation d\u00e9partementale du Gard - 30-2025-10-29-00004 - arrete codamups 5\nVu\nVu\nVu\nVu\nVuSur\nL'arr\u00e9t\u00e9 pr\u00e9fectoral n\u00b030-2024-10-18-00005 du 18 octobre 2024 donnant d\u00e9l\u00e9gation designature a Monsieur Yann GERARD, secr\u00e9taire g\u00e9n\u00e9ral de la pr\u00e9fecture du Gard,sous-pr\u00e9fet de Nimes ;L'arr\u00e9t\u00e9 pr\u00e9fectoral n\u00b030-2024-10-18-00006 du 18 octobre 2024 donnant d\u00e9l\u00e9gation designature a Monsieur Mathias NIEPS, sous-pr\u00e9fet, charg\u00e9 de mission aupr\u00e8s du pr\u00e9fet duGard, secr\u00e9taire g\u00e9n\u00e9ral adjoint de la pr\u00e9fecture du Gard ;L'arr\u00eat\u00e9 du 31 octobre 2023 et arr\u00eat\u00e9s modificatifs portant composition du Comit\u00e9d\u00e9partemental de l'aide m\u00e9dicale urgente, de la permanence des soins et des transportssanitaires du Gard ;Le d\u00e9cret n\u00b02025-152 du 19 f\u00e9vrier 2025 ouvrant la possibilit\u00e9 de participation desinfirmiers dipl\u00f4m\u00e9s d'Etat et des sages-femmes \u00e0 la permanence des soins ambulatoires ;Les propositions des organismes comp\u00e9tents sollicit\u00e9s ;Proposition du Secr\u00e9taire G\u00e9n\u00e9ral de la Pr\u00e9fecture du Gard et du Directeur de laD\u00e9l\u00e9gation d\u00e9partementale du Gard de l'ARS Occitanie ;\nARRETENT\nArticle 1: L'arr\u00eat\u00e9 consolid\u00e9 conjoint du pr\u00e9fet du Gard et du Directeur G\u00e9n\u00e9ral de l'AgenceR\u00e9gionale de Sant\u00e9 Occitanie en date du 18 juin 2025 portant composition du Comit\u00e9d\u00e9partemental de l'aide m\u00e9dicale urgente, de la permanence des soins et destransports sanitaires est abrog\u00e9.Article 2 : Le comit\u00e9 d\u00e9partemental de l'Aide m\u00e9dicale urgente, de la permanence des soins etdes transports sanitaires, copr\u00e9sid\u00e9 par le pr\u00e9fet ou son repr\u00e9sentant et le DirecteurG\u00e9n\u00e9ral de l'Agence r\u00e9gionale de sant\u00e9 ou son repr\u00e9sentant, est compos\u00e9 comme suit :1\u00b0 - de repr\u00e9sentants des collectivit\u00e9s territoriales :a) Un conseiller d\u00e9partemental d\u00e9sign\u00e9 par le Conseil D\u00e9partemental :- Docteur Robert CRAUSTE ou son repr\u00e9sentantb) Deux maires d\u00e9sign\u00e9s par l'association d\u00e9partementales des maires :- Mme Pascale FORTUNAT-DESCHAMPS ou son repr\u00e9sentant- Mme Catherine CLIMENT ou son repr\u00e9sentant2\u00b0 - Des partenaires de l'Aide m\u00e9dicale urgente :a) Un m\u00e9decin responsable de service d'aide m\u00e9dicale urgente (SAMU) :- Le Dr Romain GENRE GRANDPIERRE ou son repr\u00e9sentant\n2/7\nAgence R\u00e9gionale de la Sant\u00e9- d\u00e9l\u00e9gation d\u00e9partementale du Gard - 30-2025-10-29-00004 - arrete codamups 6\nUn m\u00e9decin responsable d'une structure mobile d'urgence et de r\u00e9animation (SMUR)- Docteur Freya de SMET ou son repr\u00e9sentantb) Un directeur d'\u00e9tablissement public de sant\u00e9 dot\u00e9 de moyens mobiles de secours etde soins d'urgence :- M. Jean-Philippe SAJUS ou son repr\u00e9sentantc) Le pr\u00e9sident du conseil d'administration du service d'incendie et de secours :- M. Alexandre PISSAS ou son repr\u00e9sentantd) Le directeur du service d\u00e9partemental d'incendie et de secours :- Colonel Thierry CARRET ou son repr\u00e9sentante) Le m\u00e9decin chef d\u00e9partemental du service d'incendie et de secours :- Docteur Philippe AGOPIAN ou son repr\u00e9sentantf) Un officier de sapeurs-pompiers charg\u00e9 des op\u00e9rations, d\u00e9sign\u00e9 par le directeur duservice d'incendie et de secours :- Lieutenant-Colonel Laurent JOSEPH ou son repr\u00e9sentant3\u00b0 - Des membres nomm\u00e9s sur proposition des organismes qu'ils repr\u00e9sentent :a) Un m\u00e9decin repr\u00e9sentant le conseil d\u00e9partemental de l'ordre des m\u00e9decins :- Titulaire : Docteur Mariel AUTARD- Suppl\u00e9ant : Docteur Marc GARCIAb) Quatre m\u00e9decins repr\u00e9sentants de l'union r\u00e9gionale des professionnels de sant\u00e9repr\u00e9sentant les m\u00e9decins :- Titulaire : Dr Tanguy LLUSA- Suppl\u00e9ant : absence de d\u00e9signation- Titulaire : Docteur David COSTA- Suppl\u00e9ant : absence de d\u00e9signation- Titulaire : absence de d\u00e9signation- Suppl\u00e9ant : absence de d\u00e9signation- Titulaire : absence de d\u00e9signation- Suppl\u00e9ant : absence de d\u00e9signationc) Un repr\u00e9sentant du conseil de la d\u00e9l\u00e9gation d\u00e9partementale de la Croix RougeFran\u00e7aise:- Titulaire : M. Georges LABONNE- Suppl\u00e9ant : M. Emmanuel APPYd) Deux praticiens hospitaliers propos\u00e9s chacun par les deux organisations les plusrepr\u00e9sentatives au plan national des m\u00e9decins exer\u00e7ant dans les structures desurgences hospitali\u00e8res :\nAgence R\u00e9gionale de la Sant\u00e9- d\u00e9l\u00e9gation d\u00e9partementale du Gard - 30-2025-10-29-00004 - arrete codamups 7\nf)\ng)\n- SAMU Urgences de France :Titulaire : absence de d\u00e9signationSuppl\u00e9ant : absence de d\u00e9signation- Association des Urgentistes de France :Titulaire : absence de d\u00e9signation.Suppl\u00e9ant : absence de d\u00e9signationUn m\u00e9decin propos\u00e9 par l'organisation la plus repr\u00e9sentative au niveau national desm\u00e9decins exer\u00e7ant dans les structures de m\u00e9decine d'urgence des \u00e9tablissementspriv\u00e9s de sant\u00e9, lorsqu'elles existent dans le d\u00e9partement :- Syndicat national des urgentistes de l'hospitalisation priv\u00e9e :Titulaire : absence de d\u00e9signationSuppl\u00e9ant : absence de d\u00e9signationUn repr\u00e9sentant de chacune des associations de permanence des soins lorsqu'ellesinterviennent dans le dispositif de permanence des soins au plan d\u00e9partemental :- Union d\u00e9partementale des gardes et urgences m\u00e9dicales (UDGUM) :Titulaire : Docteur Marie-Christine BONSSuppl\u00e9ant : Docteur Suzanne COTS PONS- Association SOS M\u00e9decins :Titulaire : Docteur Thomas BOURGOUINSuppl\u00e9ant : Docteur Alain VALEAU- Association de promotion de la m\u00e9decine g\u00e9n\u00e9rale (APMG) \u2014 Maison m\u00e9dicale degarde d'Ales :Titulaire : Docteur Thierry BARGESuppl\u00e9ant : Docteur Christine GOURDON- Association communaut\u00e9 de m\u00e9decine pour la permanence des soins de Nimes et sacouronne (COPERNIC) \u2014 Maison m\u00e9dicale de Nimes :Titulaire : Docteur Marc GARCIASuppl\u00e9ant : Docteur Alexis VANDEVENTER-Association des Professionnels de sant\u00e9 du Bassin Bagnolais (PS2B) \u2014 Maisonm\u00e9dicale de garde de Bagnols-sur-C\u00e8ze :Titulaire : DrJulia FIDRYSuppl\u00e9ant : Dr Nathalie FRAYSSINES-Communaut\u00e9 Professionnelle Territoriale de Sant\u00e9 (CPTS) Occitanie M\u00e9diterran\u00e9e \u2014Maison m\u00e9dicale de garde du Grau-du-Roi :Titulaire : Dr Romain EBYSuppl\u00e9ante : Dr Am\u00e9lie BRUNUn repr\u00e9sentant de l'organisation la plus repr\u00e9sentative de l'hospitalisation publique :\n4/7\nAgence R\u00e9gionale de la Sant\u00e9- d\u00e9l\u00e9gation d\u00e9partementale du Gard - 30-2025-10-29-00004 - arrete codamups 8\nh)\nj)\nk)\n- F\u00e9d\u00e9ration hospitali\u00e9re de France Occitanie (FHF OC)Titulaire : Mme Magali LUC |Suppl\u00e9ant : Absence de d\u00e9signationUn repr\u00e9sentant de chacune des deux organisations d'hospitalisation priv\u00e9e les plusrepr\u00e9sentatives au plan d\u00e9partemental :- F\u00e9d\u00e9ration de I'hospitalisation priv\u00e9e Occitanie :Titulaire : Mme Floriane NAMBERTSuppl\u00e9ant : M. Micka\u00e9l MAGNIER- F\u00e9d\u00e9ration des \u00e9tablissements hospitaliers et d'aide \u00e0 la personne priv\u00e9s non lucratifs(FEHAP) :Titulaire : Mme Magali BONNEFONDSuppl\u00e9ant : absence de d\u00e9signationUn repr\u00e9sentant de chacune des quatre organisations professionnelles nationales de_ transports sanitaires les plus repr\u00e9sentatives au plan d\u00e9partemental :- F\u00e9d\u00e9ration Nationale de la Mobilit\u00e9 Sanitaire (FNMS) :Titulaire : M. Lo\u00efc CAZZULOSuppl\u00e9ant : Mme Claudine NASTRITitulaire : M. Jean-Michel BARZANSuppl\u00e9ant : Mme Sandrine NAVARRO- Chambre Nationale des Services d'Ambulances (CNSA) :Titulaire : M. Imad MOUDJAOUISuppl\u00e9ant : Mme B\u00e9rang\u00e8re BERTRAND- F\u00e9d\u00e9ration Nationale des Ambulanciers priv\u00e9s (FNAP) :Titulaire : M. Micha\u00ebl PARADISSuppl\u00e9ant : Mme Laila PARADISUn repr\u00e9sentant de l'association d\u00e9partementale de transports sanitaires d'urgencela plus repr\u00e9sentative au plan d\u00e9partemental :- Association Service des Ambulanciers Gardois pour l'Urgence (SAGU 30) :Titulaire : M. Marc MANDETSuppl\u00e9ant : M. David AZEMARD\nUn repr\u00e9sentant du conseil r\u00e9gional de l'ordre des pharmaciens :- Titulaire : Mme Florence LOPEZ- Suppl\u00e9ant : M. Jean SAVAREUn repr\u00e9sentant de l'union r\u00e9gionale des professionnels de sant\u00e9 repr\u00e9sentant lespharmaciens d'officine :\nAgence R\u00e9gionale de la Sant\u00e9- d\u00e9l\u00e9gation d\u00e9partementale du Gard - 30-2025-10-29-00004 - arrete codamups 9\n0)\np)\nq)\nSs)\nt)\n- Titulaire : Mme Val\u00e9rie GARNIER- Suppl\u00e9ant : M. Arnaud EPINATUn repr\u00e9sentant de l'organisation de pharmaciens d'officine la plus repr\u00e9sentative auplan national :- Union des Syndicats de Pharmaciens d'Officine (USPO) :Titulaire : Mme Charl\u00e8ne MESANGESuppl\u00e9ant : M. Claude MESANGEUn repr\u00e9sentant du conseil d\u00e9partemental de l'ordre des chirurgiens-dentistes :- Titulaire : Dr Xavier-Antoine DRIMARACCI- Suppl\u00e9ant : Dr Nadine HERITIERUn repr\u00e9sentant de l'union r\u00e9gionale des professionnels de sant\u00e9 repr\u00e9sentants leschirurgiens-dentistes :- Titulaire : Dr Daniel ARMANDET- Suppl\u00e9ant : Dr Muriel BILLONLorsque le service de sant\u00e9 des arm\u00e9es contribue \u00e0 la permanence des soinsambulatoires dans le d\u00e9partement, un repr\u00e9sentant m\u00e9decin du service de sant\u00e9 desarm\u00e9es :Le d\u00e9partement du Gard n'est pas concern\u00e9Un repr\u00e9sentant du conseil d\u00e9partemental ou interd\u00e9partemental de l'ordre desinfirmiers:- Titulaire : M. David DRAUSSIN- Suppl\u00e9ante : Mme Catherine PERRINUn repr\u00e9sentant de l'union r\u00e9gionale des professionnels de sant\u00e9 repr\u00e9sentant lesinfirmiers :- Titulaire : Mme G\u00e9raldine DELAYE- Suppl\u00e9ant : M. Franck VIGNALUn repr\u00e9sentant du conseil de l'ordre des sages-femmes :- Titulaire : M. G\u00e9rald BLONER- Suppl\u00e9ante : Mme Car\u00e8ne SUBERCHICOTUn repr\u00e9sentant de l'union r\u00e9gionale des professionnels repr\u00e9sentant les sages-femmes:- Titulaire : absence de d\u00e9signation- Suppl\u00e9ant : absence de d\u00e9signation4\u00b0- Un repr\u00e9sentant des Associations des Usagers :France Assos Sant\u00e9 Occitanie- Titulaire : Monsieur Yannick PRIOUX, Repr\u00e9sentant association- Suppl\u00e9ante : Madame Rapha\u00e9lle DELENTE, Repr\u00e9sentante association\n6/7\nAgence R\u00e9gionale de la Sant\u00e9- d\u00e9l\u00e9gation d\u00e9partementale du Gard - 30-2025-10-29-00004 - arrete codamups 10\nArticle 3 :\nArticle 4 :\nArticle 5 :\nArticle 6 :\nLes membres du comit\u00e9 nomm\u00e9s par le pr\u00e9sent arr\u00eat\u00e9 sont nomm\u00e9s pour unedur\u00e9e de 5 ans \u00e0 compter de la signature de l'arr\u00eat\u00e9 du 31 octobre 2023 derenouvellement des membres du CODAMUPS-TS \u00e0 l'exception des repr\u00e9sentantsdes collectivit\u00e9s territoriales, nomm\u00e9s pour la dur\u00e9e de leur mandat. Tout membreperdant la qualit\u00e9 au titre de laquelle il a \u00e9t\u00e9 d\u00e9sign\u00e9 donne lieu \u00e0 remplacementpour la dur\u00e9e du mandat restant \u00e0 accomplir;Le CODAMUPS-TS constitue en son sein un sous-comit\u00e9 m\u00e9dical et un sous-comit\u00e9des transports sanitaires ;Le pr\u00e9sent arr\u00eat\u00e9 peut, dans un d\u00e9lai de deux mois \u00e0 compter de sa publication,faire l'objet d'un recours aupr\u00e8s du Tribunal administratif territorialementcomp\u00e9tent (le Tribunal administratif peut notamment \u00eatre saisi par l'applicationinformatique \u00abt\u00e9l\u00e9recours citoyens\u00bb accessible par le site internetwww.telerecours.fr);Le Secr\u00e9taire G\u00e9n\u00e9ral de la Pr\u00e9fecture du Gard et le Directeur de la D\u00e9l\u00e9gationD\u00e9partementale du Gard de l'Agence R\u00e9gionale de Sant\u00e9 Occitanie sont charg\u00e9s de''ex\u00e9cution du pr\u00e9sent arr\u00eat\u00e9 qui sera notifi\u00e9 \u00e0 chacun des membres ci-dessusnomm\u00e9s, et sera publi\u00e9 au recueil des actes administratifs de la Pr\u00e9fecture du Gard.\nFait \u00e0 N\u00eemes, le\nPour le Directeur G\u00e9n\u00e9ral Le pr\u00e9fet du GardEt par d\u00e9l\u00e9gation 7Le Directeur de la d\u00e9l\u00e9gation TTd\u00e9partementale du Gard\nGuillaume DUBOIS J\u00e9r\u00f4me BONET\n29/10/2025\nAgence R\u00e9gionale de la Sant\u00e9- d\u00e9l\u00e9gation d\u00e9partementale du Gard - 30-2025-10-29-00004 - arrete codamups 11\nCentre Hospitalier de Bagnols sur C\u00e8ze\n30-2025-10-27-00002\nCH Bagnols D\u00e9l\u00e9gation de signature \u00e0 B Pinna\nDirectrice Adjointe DRH et secteur\nm\u00e9dico-social\nCentre Hospitalier de Bagnols sur C\u00e8ze - 30-2025-10-27-00002 - CH Bagnols D\u00e9l\u00e9gation de signature \u00e0 B Pinna Directrice Adjointe DRH\net secteur m\u00e9dico-social 12\n{4 eee DELEGATION DE SIGNATUREde BAGNOLS-SUR-CEZE, Bee 20 oa.of ' hr Lai er, >\u00bb en pe = 5 PE AG\nObjet : D\u00e9l\u00e9gation de signature \u00e0 Madame Brigitte PINNADirectrice Adjointe charg\u00e9e des Ressources Humaines et du Secteur M\u00e9dico-SocialLe Directeur du Centre Hospitalier de Bagnols-sur-C\u00e8ze,Vu le Code de la sant\u00e9 publique, notamment ses articles L 6143.7, R 6143-38 et D 6143-33 \u00e0 D 6143-35,Vu l'arr\u00eat\u00e9 minist\u00e9riel du 2 ao\u00fbt 2018 nommant Monsieur Jean-Philippe SAJUS,Directeur du Centre Hospitalier de Bagnols-sur-C\u00e9ze,Vu le proc\u00e8s-verbal d'installation en date du 1\u00b0' octobre 2018 de Monsieur Jean-Philippe SAJUS,Vu l'arr\u00eat\u00e9 de nomination du CNG en date du 30 avril 2019 nommant Madame Brigitte PINNAau Centre Hospitalier de Bagnols-sur-C\u00e8ze en qualit\u00e9 de Directrice Adjointe \u00e0 compter du 3 juin 2019,Vu la nomination au 1\u00b0 juillet 2024 de la nouvelle Attach\u00e9e d'Administration Hospitali\u00e8re \u00e0 la Directiondes Ressources Humaines et du Secteur M\u00e9dico-Social,DECIDEARTICLE 1: Nom et fonction du d\u00e9l\u00e9gataire :Madame Brigitte PINNA, Directrice Adjointe charg\u00e9e des Ressources Humaines et du Secteur M\u00e9dico-Socialdu Centre Hospitalier de Bagnols-sur-C\u00e8ze, est habilit\u00e9e \u00e0 signer les actes ou documents relevant descomp\u00e9tences de la Direction des Ressources Humaines et du Secteur M\u00e9dico-Social, d\u00e9taill\u00e9s \u00e0 l'article 2.ARTICLE 2: Nature des actes d\u00e9l\u00e9gu\u00e9s :Les actes d\u00e9l\u00e9gu\u00e9s \u00e0 la Direction des Ressources Humaines et du Secteur M\u00e9dico-Social sont notamment :Pour les Ressources Humaines :Les actes li\u00e9s \u00e0 la gestion du personnel non m\u00e9dical :- Recrutement et suivi des effectifs :Evaluation,Gestion des carri\u00e8res et des positions statutaires,R\u00e9mun\u00e9ration \u00e0 l'exception du mandatement,Droits sociaux des professionnels,Organisation du temps de travail,Formation professionnelleExercice du droit syndical,Discipline.- Les conventions relatives au personnel non m\u00e9dical et les contrats de formation.- Les engagements et les liquidations des d\u00e9penses et des recettes au titre des comptes dont elle estgestionnaire, dans la limite des cr\u00e9dits ouverts.\n++ + + + + + +\nPour l'EHPAD :- Les attestations de pr\u00e9sence des usagers,- Les \u00e9tats d'encaissement de la Tr\u00e9sorerie G\u00e9n\u00e9rale,- Les d\u00e9marches \u00ab d\u00e9rogation d'age \u00bb,- Les demandes d'aides diverses,- Les demandes de perception des ressources (aide sociale),- Les facturations de frais de d\u00e9placement,- Les mises sous tutelle,- Les certificats administratifs de demande de consultations ext\u00e9rieures,- Les d\u00e9clarations trimestrielles \u00e0 la caisse pivot- Les liquidations des d\u00e9penses et des recettes au titre des comptes dont il est gestionnaire, dans la limitedes cr\u00e9dits ouverts.\nPage 1/2\nCentre Hospitalier de Bagnols sur C\u00e8ze - 30-2025-10-27-00002 - CH Bagnols D\u00e9l\u00e9gation de signature \u00e0 B Pinna Directrice Adjointe DRH\net secteur m\u00e9dico-social 13\nYY Centre HospitalierA | de BAGNOLS-SUR-CEZEARTICLE 3 : Absence de la Directrice Adjointe des Ressources Humaines et du Secteur M\u00e9dico-SocialEn cas d'emp\u00e9chement de Madame Brigitte PINNA, Madame Aziza COLLARD, Attach\u00e9e d'AdministrationHospitali\u00e8re a la Direction des Ressources Humaines et du Secteur M\u00e9dico-Social du Centre Hospitalierde Bagnols-sur-C\u00e9ze, est alors habilit\u00e9e a signer les documents suivants relevant de la comp\u00e9tencede la Direction des Ressources Humaines:- nei actes li\u00e9s a la gestion du personnel non m\u00e9dical:- Cong\u00e9s des professionnels de la DRH- Contrats a dur\u00e9e d\u00e9termin\u00e9e, contrats de vacataires: Certificats administratifs- R\u00e9ductions de mandat paye- R\u00e9gularisations de salaire- Demandes de remboursement de formation \u2014 Ordres de missions\nARTICLE 4 : Absence du DirecteurEn cas d'absence ou d'emp\u00e9chement de Monsieur Jean-Philippe SAJUS, Chef d'Etablissementet ordonnateur principal du budget, les d\u00e9l\u00e9gations sont donn\u00e9es aux membres de l'\u00e9quipe de directionexpress\u00e9ment d\u00e9sign\u00e9s pour exercer la suppl\u00e9ance du Chef d'Etablissement pour tous les actes urgentset de gestion courante relevant de sa comp\u00e9tence.En dehors de la signature des bordereaux de mandats et des documents internes ou de gestion courante,tous les actes sign\u00e9s dans ce cadre doivent porter la mention \u00ab pour le Directeur et par d\u00e9l\u00e9gation,le Directeur d\u00e9sign\u00e9 \u00bb.\nARTICLE 5 : PublicationLa pr\u00e9sente d\u00e9cision est transmise \u00e0 Madame la Responsable de la Tr\u00e9sorerie Hospitali\u00e8rede l'Etablissement et publi\u00e9e au recueil des actes administratifs du Gard. Elle est notifi\u00e9e aux int\u00e9ress\u00e9es,affich\u00e9e et sera communiqu\u00e9e au Conseil de surveillance.ARTICLE 6 : Abrogation d\u00e9l\u00e9gation de signature ant\u00e9rieureLa d\u00e9cision n\u00b0 2024 05 23 du 31 mai 2024, portant d\u00e9l\u00e9gation de signature \u00e0 la Directrice Adjointe charg\u00e9edes Affaires M\u00e9dicales et des Ressources Humaines, Madame Brigitte Pinna, est abrog\u00e9e.Fait \u00e0 Bagnols Sur C\u00e8ze, le 15 octobre 2025.\nVisa :\nAziza COLLARD Brigitte PINNA Jean-Philippe SAJUSPour signature conforme\nPage 2/2\nCentre Hospitalier de Bagnols sur C\u00e8ze - 30-2025-10-27-00002 - CH Bagnols D\u00e9l\u00e9gation de signature \u00e0 B Pinna Directrice Adjointe DRH\net secteur m\u00e9dico-social 14\nCentre Hospitalier de Bagnols sur C\u00e8ze\n30-2025-10-27-00001\nCH Bagnols sur C\u00e8ze - D\u00e9l\u00e9gation de signature M.\nMOURGUES, Pharmacien\nCentre Hospitalier de Bagnols sur C\u00e8ze - 30-2025-10-27-00001 - CH Bagnols sur C\u00e8ze - D\u00e9l\u00e9gation de signature M. MOURGUES,\nPharmacien 15\n1/2yy).\u2014_ Hospitaliere BAGNOLS-SUR-CEZE\nDELEGATION DE SIGNATUREmeee 10 42ASTea Nr oc BeeNO LT Re ai I 4 hes a \u00e0\nObjet: D\u00e9l\u00e9gation de signature au responsable de la structure interneService PharmacieLe Directeur du Centre Hospitalier de Bagnols-sur-C\u00e9ze ,Vu les articles L 6132-3 et L 6143.7 du Code de la Sant\u00e9 Publique,Vu le Code de la Sant\u00e9 Publique, notamment les articles R 6143-38 et D 6143-33 aD 6143-35 pr\u00e9cisant les modalit\u00e9s de d\u00e9l\u00e9gation de signature du Directeur del'Etablissement,Vu la Convention Constitutive du GHT C\u00e9vennes-Gard-Carmargue constitu\u00e9e entre les\u00e9tablissements parties \u00e0 partir du 1\u00b0 juillet 2016 et sa charte des principes, valeurs etgouvernance,Vu le r\u00e8glement int\u00e9rieur du GHT C\u00e9vennes-Gard-Camargue pour sa fonction achat valid\u00e9 le13 d\u00e9cembre 2017,Vu la Convention de mise \u00e0 disposition pour la fonction achat du GHT C\u00e9vennes-Gard-Camargue du 22 janvier 2018,Vu le mouvement de personnel \u00e0 la Pharmacie,DECIDEARTICLE 1 :\u00e6 De d\u00e9l\u00e9guer sa signature \u00e0 Monsieur Albin MOURGUES, responsable de la structureinterne \u00ab Service Pharmacie \u00bb du Centre Hospitalier de Bagnols-sur-C\u00e8ze pour :- La signature des bons d'approvisionnement,- La signature des liquidations de factures (constat du service fait) qui rel\u00e8ventde la gestion propre de la Pharmacie (\u00e0 l'exclusion de l'ordonnancement de celles-ci).Les comptes correspondant \u00e0 cette gestion sont :- 602.1 : produits pharmaceutiques, produits \u00e0 usage uniqueVv sauf 602.151 (produits sanguins)- 602.2 : fournitures petit mat\u00e9riel m\u00e9dico-chirurgical,Vv sauf :602.22 : petit mat\u00e9riel m\u00e9dico chirurgical non st\u00e9rile602.240 : Instruments divers602.241 : R\u00e9actifs602.25 : Fournitures imagerie m\u00e9dicale602.2611 : DMI figurant sur la liste pr\u00e9vue \u00e0 l'art. L.162.22.7 du CSP - DSE602.2681 : divers appareillages et fournitures de proth\u00e8ses orthop\u00e9diques602.28 : autres fournitures m\u00e9dicales.- 602.361 : Produits d'alimentation ent\u00e9rale par sonde- 602.6633 : Linge m\u00e9dical st\u00e9rileEn cas d'absence de Monsieur Albin MOURGUES, il est suppl\u00e9\u00e9 par: Madame Aur\u00e9lieSIMONET, Praticien Hospitalier ou Madame Caroline BLANCO, Praticien Hospitalier,ou Madame Anais SERRE, Praticien Hospitalier ou Madame Emmanuelle LORTHIOIS,Praticien Contractuel.\nCentre Hospitalier de Bagnols sur C\u00e8ze - 30-2025-10-27-00001 - CH Bagnols sur C\u00e8ze - D\u00e9l\u00e9gation de signature M. MOURGUES,\nPharmacien 16\n2/2\nARTICLE 2 :La pr\u00e9sente d\u00e9cision est transmise \u00e0 Monsieur le Tr\u00e9sorier Principal de l'Etablissementet publi\u00e9e au recueil des actes administratifs du Gard. Elle est notifi\u00e9e aux int\u00e9ress\u00e9s, affich\u00e9eet sera communiqu\u00e9e au Conseil de Surveillance.ARTICLE 3 : Abrogation d\u00e9l\u00e9gation de signature ant\u00e9rieureLa d\u00e9cision n\u00b0 2025 04 18 du 7 avril 2025, portant d\u00e9l\u00e9gation de d\u00e9l\u00e9gation de signatureau responsable de la structure interne Servie Pharmacie, est abrog\u00e9e.\nFait \u00e0 Bagnols Sur C\u00e9ze, le 1% octobre 2025VISAAlbin MOURGUES Caroline BLANCO Aur\u00e9lie SIMONET\nAna\u00efs SERRE Emmanuelle LORTHIOIS\nCentre Hospitalier de Bagnols sur C\u00e8ze - 30-2025-10-27-00001 - CH Bagnols sur C\u00e8ze - D\u00e9l\u00e9gation de signature M. MOURGUES,\nPharmacien 17\nDirection d\u00e9partementale des Finances\nPubliques du Gard\n30-2025-10-27-00005\nD\u00e9l\u00e9gation de signature du responsable du P\u00f4le\nde Contr\u00f4le des Revenus et du Patrimoine de\nN\u00eemes\nDirection d\u00e9partementale des Finances Publiques du Gard - 30-2025-10-27-00005 - D\u00e9l\u00e9gation de signature du responsable du P\u00f4le de\nContr\u00f4le des Revenus et du Patrimoine de N\u00eemes 18\nEnREPUBLIQUE | |FRAN\u00c7AISE| Libert\u00e9\u00c9galit\u00e9Fraternit\u00e9 FINANCES PUBLIQUES\nDIRECTION G\u00c9N\u00c9RALE DES FINANCES PUBLIQUESDIRECTION D\u00c9PARTEMENTALE DES FINANCES PUBLIQUE DU GARDARRETE PORTANT DELEGATION DE SIGNATURE DU POLE DE CONTR\u00d4LE DES REVENUSET DU PATRIMOINE DE NIMES\nLe responsable du p\u00e9le contr\u00e9le revenus et du patrimoine de NIMES, Franck PINCHART.Vu le code g\u00e9n\u00e9ral des imp\u00f4ts, et notamment les articles 408 et 410 de son annexe II et les articles212 a 217 de son annexe IV ;Vu le livre des proc\u00e9dures fiscales, et notamment les articles L. 247 et R* 247-4 et suivants ;Vu le d\u00e9cret n\u00b02008-309 du 3 avril 2008 portant diverses dispositions relatives \u00e0 l'organisation de ladirection g\u00e9n\u00e9rale des finances publiques ;Vu le d\u00e9cret n\u00b0 2009-707 du 16 juin 2009 relatif aux services d\u00e9concentr\u00e9s de la direction g\u00e9n\u00e9raledes finances publiques;\nArr\u00e9te:\nArticle 1\u00b0D\u00e9l\u00e9gation de signature est donn\u00e9e \u00e0 M. LEONARDUZZI S\u00e9bastien, inspecteur divisionnaire, adjoint auresponsable du PCRP du Gard, \u00e0 l'effet de signer :1\u00b0) en mati\u00e8re de contentieux fiscal d'assiette, les d\u00e9cisions d' nil totale, d'admission Roese OUde rejet, de d\u00e9gr\u00e8vement ou restitution d 'office dans la limite de 60 000 \u20ac ;2\u00b0) en mati\u00e9re de gracieux fiscal, les tie portant remise, mod\u00e9ration, transaction ou rejet dans lalimite de 60 000 \u20ac ; |3\u00b0) sans limitation de montant, les documents n\u00e9cessaires \u00e0 l'ex\u00e9cution comptable des d\u00e9cisionscontentieuses et gracieuses.Article 2D\u00e9l\u00e9gation de signature est donn\u00e9e \u00e0 l'effet de signer en mati\u00e8re de contentieux fiscal d'assiette, lesd\u00e9cisions d'admission partielle ou de rejet, de d\u00e9gr\u00e8vement ou restitution d'office et en, mati\u00e8re degracieux fiscal, les d\u00e9cisions portant remise, mod\u00e9ration ou rejet;1\u00b0) dans la limite de 10 000 \u20ac, aux inspecteurs des finances publiques d\u00e9sign\u00e9s ci-apr\u00e8s :\nDirection d\u00e9partementale des Finances Publiques du Gard - 30-2025-10-27-00005 - D\u00e9l\u00e9gation de signature du responsable du P\u00f4le de\nContr\u00f4le des Revenus et du Patrimoine de N\u00eemes 19\nBOUDES Isabelle LAFFAILLE Mathieu SIMONIN LaurenceCAPRON Caroline LANNUZEL Genevi\u00e9ve VIALETTES Fr\u00e9d\u00e9ricKOETA Eva LECA Bernadette\n2\u00b0) dans la limite de 7 000 \u20ac, aux agents des finances publiques de cat\u00e9gorie B d\u00e9sign\u00e9s ci-apr\u00e8s :\nCONVERTINI B\u00e9atrice MALENFANT Ghylaine RENE Isabelle: CHAPUIS Corinne PERRIER Chantal\nArticle 3\nD\nLe pr\u00e9sent arr\u00eat\u00e9 sera publi\u00e9 au recueil des actes administratifs de la Pr\u00e9fecture du Gard et affich\u00e9 dans les locauxdu service.\nA N\u00eemes, le 27/10/2025 ~Le responsable du P\u00f4le de contr\u00f4le revenus-patrimoineHER |LeFranck PINCHART, inspecteur principal\nDirection d\u00e9partementale des Finances Publiques du Gard - 30-2025-10-27-00005 - D\u00e9l\u00e9gation de signature du responsable du P\u00f4le de\nContr\u00f4le des Revenus et du Patrimoine de N\u00eemes 20\nDirection D\u00e9partementale des Tetrritoires et de\nla Mer du Gard\n30-2025-10-27-00006\nArr\u00eat\u00e9 n\u00b0 DDTM-SEA-2025-015 fixant la\ncomposition du comit\u00e9 d\u00e9partemental\nd'expertise\nDirection D\u00e9partementale des Tetrritoires et de la Mer du Gard - 30-2025-10-27-00006 - Arr\u00eat\u00e9 n\u00b0 DDTM-SEA-2025-015 fixant la\ncomposition du comit\u00e9 d\u00e9partemental d'expertise 21\na a Direction d\u00e9partementalePREFET | des territoires et de la merDU GARDLibert\u00e9Egalit\u00e9Fraternit\u00e9 .\nAffaire suivie par : G\u00e9rard CHEVALIERT\u00e9l. : 04 66 62 66 00gerard.chevalier@gard.gouv.fr\nARR\u00caT\u00c9 N\u00b0 DOTH- SER - 2025-048fixant la composition du comite d\u00e9partemental d'expertiseLe pr\u00e9fet du GardChevalier de la L\u00e9gion d'honneur,Officier de l'ordre national du M\u00e9rite\nVU les articles L. 361-1 \u00e0 11 du code rural organisant la gestion des risques en agriculture ;VU les articles D. 361-1 \u00e0 D. 361-42 du code rural, et notamment l'article D. 361-13 ;VU le code rural et de la p\u00eache maritime, notamment, dans sa partie r\u00e9glementaire, les articles R514-37R514-39 et R514-40 relatifs \u00e0 la repr\u00e9sentation des organisations professionnelles d'exploitants agricolesau sein de certains organismes ou commissions en fonction de leurs r\u00e9sultats aux \u00e9lections aux chambresd'agriculture ;VU le d\u00e9cret n\u00b0 2011-785 du 28 juin 2011 relatif \u00e0 la gestion comptable et financi\u00e8re du fonds national degestion des risques en agriculture ainsi qu'au comit\u00e9 national de gestion des risques en agriculture et \u00e0ses comit\u00e9s d\u00e9partementaux d'expertise ;VU l'arr\u00eat\u00e9 pr\u00e9fectoral n\u00b0 DDTM-SEA-2022-007 du 3 novembre 2022 fixant la composition du comit\u00e9d\u00e9partemental d'expertise et son arr\u00eat\u00e9 modificatif n\u00b0 DDTM-SEA-2025-014 du 16 septembre 2025 ;VU les r\u00e9sultats des \u00e9lections de la chambre d'agriculture du 31 janvier 2025 ;VU l'arr\u00eat\u00e9 minist\u00e9riel du 5 septembre 2025 fixant la liste des organisations syndicales \u00e0 vocationg\u00e9n\u00e9rale d'exploitants agricoles habilit\u00e9es \u00e0 si\u00e9ger au sein des commissions, comit\u00e9s ou organismes \u00e0caract\u00e8re national mentionn\u00e9s au | de l'article 2 de la loi n\u00b0 99-574 du 9 juillet 1999 d'orientationagricole;VU les propositions des organisations syndicales d'exploitants agricoles \u00e0 vocation g\u00e9n\u00e9rale habilit\u00e9esd\u00e9signant de nouveaux repr\u00e9sentants au sein du comit\u00e9 d\u00e9partemental d'expertise.\nSUR le rapport du directeur d\u00e9partemental des territoires et de la mer.\nSUR PROPOSITION du secr\u00e9taire g\u00e9n\u00e9ral de la pr\u00e9fecture.\n89, rue Weber- 30907 NIMES CEDEX 2T\u00e9l : 04 66 62 62 00 - Fax : 04 66 23 28 79 - www.gard.gouv.fr\nDirection D\u00e9partementale des Tetrritoires et de la Mer du Gard - 30-2025-10-27-00006 - Arr\u00eat\u00e9 n\u00b0 DDTM-SEA-2025-015 fixant la\ncomposition du comit\u00e9 d\u00e9partemental d'expertise 22\nARRETE\nARTICLE 1:L'arr\u00eat\u00e9 pr\u00e9fectoral n\u00b0 DDTM-SEA-2022-007 du 3 novembre 2022 fixant la composition du comit\u00e9d\u00e9partemental d' expertise et son arr\u00eat\u00e9 modificatif n\u00b0 DDTM-SEA-2025-014 du 16 septembre 2025 sontabrog\u00e9s.\nARTICLE 2:Le comit\u00e9 d\u00e9partemental d'expertise (CDE) institu\u00e9 par l'article D 361-13 du code rural est plac\u00e9 sous lapr\u00e9sidence du pr\u00e9fet ou de son repr\u00e9sentant et comprend les membres suivants :- le directeur d\u00e9partemental des finances publiques ou son repr\u00e9sentant,- le directeur d\u00e9partemental des territoires et de la mer ou son repr\u00e9sentant,- la pr\u00e9sidente de la chambre d\u00e9partementale d'agriculture ou son repr\u00e9sentant,- Le repr\u00e9sentant de chacune des organisations syndicales d'exploitants agricoles \u00e0 vocationg\u00e9n\u00e9rale habilit\u00e9es en application de l'article R.514-39 susmentionn\u00e9 :\u00a2 la conf\u00e9d\u00e9ration paysanne du Gard:titulaire : M. David DESVERNES \u00e0 Aubordsuppl\u00e9ant : Mme. Agathe LEVEQUE \u00e0 Sagries\u00a2 la coordination rurale:# titulaire : M. Andr\u00e9 BANIOL a Mauressarguessuppl\u00e9ant: M. Didier DOUX \u00e0 Les Angles* la f\u00e9d\u00e9ration d\u00e9partementale des syndicats d' exploitants agricoles:vy titulaire: M. David SEVE \u00e0 Beaucairesuppl\u00e9ant: M. Olivier BERTRAND \u00e0 Beaucaire\u00ables jeunes agriculteurs:vy titulaire: M. Laurent BOURRELLY \u00e0 Le Cailar\" suppl\u00e9ant : Pas de d\u00e9signation- la personnalit\u00e9 d\u00e9sign\u00e9e par la f\u00e9d\u00e9ration fran\u00e7aise des soci\u00e9t\u00e9s d'assurances :vy M. Vincent MONTELS\u00e0 Nimes,Pas de suppl\u00e9ant d\u00e9sign\u00e9,- la personnalit\u00e9 d\u00e9sign\u00e9e par les caisses de r\u00e9assurances mutuelles agricoles :# titulaire : Madame Nadine LATARD \u00e0 Valliguieres,suppl\u00e9ante : Madame C\u00e9line CANTE \u00e0 N\u00eemes- le repr\u00e9sentant des \u00e9tablissements bancaires pr\u00e9sents dans le d\u00e9partement :titulaire : M. Jean-Fran\u00e7ois MARTINEZ repr\u00e9sentant le Cr\u00e9dit Agricole du Gard,suppl\u00e9ant : M. Fr\u00e9d\u00e9ric CL\u00c9MENT, repr\u00e9sentant de la Banque Populaire du Sud.\n89, rue Weber \u2014 30907 NIMES CEDEX 2T\u00e9l : 04 66 62 62 00 - Fax : 04 66 23 28 79 - www.gard.gouv.fr\nDirection D\u00e9partementale des Tetrritoires et de la Mer du Gard - 30-2025-10-27-00006 - Arr\u00eat\u00e9 n\u00b0 DDTM-SEA-2025-015 fixant la\ncomposition du comit\u00e9 d\u00e9partemental d'expertise 23\nARTICLE 3:Les membres du comit\u00e9 d\u00e9partemental d'expertise ainsi que leurs suppl\u00e9ants sont nomm\u00e9s pour unedur\u00e9e de trois ans a compter de la date de publication du pr\u00e9sent arr\u00e9t\u00e9 au recueil des actesadministratifs de la Pr\u00e9fecture du Gard. .\nARTICLE 4:Le secr\u00e9taire g\u00e9n\u00e9ral de la Pr\u00e9fecture et le directeur d\u00e9partemental des territoires et de la mer sontcharg\u00e9s, chacun en ce qui les concerne, de l'ex\u00e9cution du pr\u00e9sent arr\u00eat\u00e9 qui sera ins\u00e9r\u00e9 au recueil desactes administratifs.\nN\u00eemes, le |27 OCT. 2025Le pr\u00e9fet,\nPour le\\pr\u00e9fet,le secr\u00e9taire@\u00e9n\u00e9ralYann GERARD\n89, rue Weber- 30907 NIMES CEDEX 2T\u00e9l : 04 66 62 62 00 - Fax : 04 66 23 28 79 - www.gard.gouv.fr\nDirection D\u00e9partementale des Tetrritoires et de la Mer du Gard - 30-2025-10-27-00006 - Arr\u00eat\u00e9 n\u00b0 DDTM-SEA-2025-015 fixant la\ncomposition du comit\u00e9 d\u00e9partemental d'expertise 24\nDirection D\u00e9partementale des Tetrritoires et de\nla Mer du Gard\n30-2025-10-30-00001\narr\u00eat\u00e9 portant modification de la composition\nde la commission d\u00e9partementale consultative\ndes gens du voyage \nDirection D\u00e9partementale des Tetrritoires et de la Mer du Gard - 30-2025-10-30-00001 - arr\u00eat\u00e9 portant modification de la composition\nde la commission d\u00e9partementale consultative des gens du voyage 25\nee FE | Direction d\u00e9partementalePREFET | des territoires et de la merDU GARDLibert\u00e9Egalit\u00e9Fraternit\u00e9\nService Habitat et ConstructionAffaire suivie par : Nicolas BRILLIETT\u00e9l. : 04 66 62 62 59nicolas.brilliet@gard.gouv.fr\nARR\u00caT\u00c9 Ne 30 ~ 202S-40-50-v000A.portant modification de la composition de la commissiond\u00e9partementale consultative des gens du voyageLe pr\u00e9fet du GardChevalier de la L\u00e9gion d'honneur,Chevalier de l'ordre national du M\u00e9rite\nVU la loi n\u00b0 2000-614 du 5 juillet 2000 relative \u00e0 l'accueil et \u00e0 l'habitat des gens du voyage, en particulierson article 1\u00b0 \u2014 IV, modifi\u00e9e par la loi n\u00b0 2017-86 du 29 janvier 2017.VU le d\u00e9cret n\u00b0 2017-921 du 9 mai 2017 relatif \u00e0 la composition et au fonctionnement de la commissiond\u00e9partementale consultative des gens du voyage, modifiant le d\u00e9cret n\u00b02001-540 du 25juin 2001VU la circulaire du 19 avril 2017 relative \u00e0 l'application de la loi n\u00b0 2017-86 du 27 janvier 2017.VU l'arr\u00eat\u00e9 pr\u00e9fectoral n\u00b030-2025-02-13-00002 relatif \u00e0 la composition de la commission d\u00e9partementaleconsultative des gens du voyage.CONSID\u00c9RANT la demande de la Pr\u00e9sidente du conseil d\u00e9partemental, en date du 21 octobre 2025, deremplacer les repr\u00e9sentants administratifs de son organisme au sein de la commission d\u00e9partementaleconsultative des gens du voyage, conform\u00e9ment \u00e0 la d\u00e9lib\u00e9ration du conseil d\u00e9partemental n\u00b010 du10 octobre 2025.SUR PROPOSITION de Monsieur le Secr\u00e9taire G\u00e9n\u00e9ral\nARR\u00caTEARTICLE 1 : Composition de la commissionLa composition de la commission d\u00e9partementale consultative des gens du voyage est modifi\u00e9e commesuit :\u00b0 _ Pr\u00e9sidents :- le Pr\u00e9fet ou son repr\u00e9sentant;- la Pr\u00e9sidente du Conseil D\u00e9partemental ou son repr\u00e9sentant.\n89, rue Weber-\u2014 30907 NIMES CEDEX 2T\u00e9l : 04 66 62 62 00 - Fax : 04 66 23 28 79 - www.gard.gouv.fr\nDirection D\u00e9partementale des Tetrritoires et de la Mer du Gard - 30-2025-10-30-00001 - arr\u00eat\u00e9 portant modification de la composition\nde la commission d\u00e9partementale consultative des gens du voyage 26\n\u00b0 Membres:- 4 repr\u00e9sentants des services de l'Etat :- le Directeur D\u00e9partemental des Territoires et de la Mer ou son repr\u00e9sentant ;- la Directrice D\u00e9partementale de l'Emploi, du Travail et des Solidarit\u00e9s ou son repr\u00e9sentant;- 'Inspecteur d'Acad\u00e9mie, Directeur Acad\u00e9mique des services d\u00e9partementaux de l'\u00e9ducationnationale ou son repr\u00e9sentant ;- le Commandant de Groupement de Gendarmerie D\u00e9partementale du Gard ou son repr\u00e9sen-tant.\n- 4 repr\u00e9sentants d\u00e9sign\u00e9s par le Conseil D\u00e9partemental du Gard :Titulaires Suppl\u00e9ants1 Mme Isabelle FARDOUX-JOUVES,conseill\u00e8re d\u00e9partementale du cantonde La Grand'Combe, d\u00e9l\u00e9gu\u00e9e \u00e0l'Egalit\u00e9 femme-homme et \u00e0 la luttecontre discriminations\nMme Maryse GIANNACCINI, Vice-Pr\u00e9sidente duconseil d\u00e9partemental, d\u00e9l\u00e9gu\u00e9e \u00e0 la protectionde l'enfance, \u00e0 la petite enfant et au soutien \u00e0 laprentalit\u00e92 M Robert CRAUSTE, conseillerd\u00e9partemental du canton d'Aigues-Mortes Mme Carole BERGERI, conseill\u00e8red\u00e9partementale du canton de Pont-Saint-Esprit,d\u00e9l\u00e9gu\u00e9e \u00e0 l'Europe et \u00e0 la politiquecontractuelle territoriale3 Mme Christine GASQUIEL, Chef duservice Coordination Action SocialeMme Fabienne POILLEUX, directrice adjointe del'unit\u00e9 territoriale d'action sociale et d'insertiondu Gard Rhodanien4 Mme Laurence MASSOL, directriceadjointe de l'unit\u00e9 territoriale d'actionsociale et d'insertion de Camargue -Vidourle\nMme Karine DAUMAS, directrice adjointe del'unit\u00e9 territoriale d'action sociale et d'insertionC\u00e9vennes-Aigoual\n- 1 repr\u00e9sentant des communes d\u00e9sign\u00e9 par l'Association des Maires du GardTitulaire Suppl\u00e9ant1 M. Pierre MAUMEJEANMaire d'Aigues MortesMme V\u00e9ronique BOISSYAdjointe mairie de Rochefort du Gard\n- 4 repr\u00e9sentants des EPCI d\u00e9sign\u00e9s par l'assembl\u00e9e des communaut\u00e9s de France sur propositionde l'association des maires du GardTitulaires Suppl\u00e9ants1 M. Renaud LEROI , membre du bureaucommunautaire,D\u00e9l\u00e9gu\u00e9 aux gens du voyage CA N\u00eemesMme G\u00e9raldine Rey-Deschamps, \u00e9lue \u00e0 la mairiede N\u00eemes,Vice-pr\u00e9sidente CA N\u00eemes M\u00e9tropole\nVice-pr\u00e9sident d\u00e9l\u00e9gu\u00e9 aux solidarit\u00e9sCA Gard Rhodanien\nM\u00e9tropole2 M. Olivier ROBELET, maire de | Mme Mich\u00e8le FOND THURIAL, conseill\u00e8reMontfaucon, communautaireConseill\u00e8re communautaire politique de la villeCA Gard Rhodanien3 M. Marc FOUCON, Maire de Boissi\u00e8re,Vice-pr\u00e9sident CC Rh\u00f4ny - Vistre -Vidourle M Freddy CERDA, Maire de la Commune deGallargues le MontueuxVice-pr\u00e9sident CC Rh\u00f4ny - Vistre - Vidourle4 M Jean Charles BENEZET, Maire deSaint-Christol-lez-Al\u00e8s,Mme Soraya HAOUES, \u00e9lue \u00e0 la mairie d'Al\u00e9sConseill\u00e8re communautaire CA Al\u00e8s89, rue Weber- 30907 NIMES CEDEX 2T\u00e9l : 04 66 62 62 00 - Fax : 04 66 23 28 79 - www.gard.gouv.fr\nDirection D\u00e9partementale des Tetrritoires et de la Mer du Gard - 30-2025-10-30-00001 - arr\u00eat\u00e9 portant modification de la composition\nde la commission d\u00e9partementale consultative des gens du voyage 27\nCice-pr\u00e9sident CA Al\u00e9s Agglom\u00e9rationAgglom\u00e9ration- 5 personnalit\u00e9s qualifi\u00e9es :Titulaires Suppl\u00e9ants1 M. Baptiste PAYOU, Pr\u00e9sident de_ | l'association des gitans du Languedoc-RoussillonM Jimmy CEITE, Pr\u00e9sident de l'association desGitans de Sommi\u00e8res2 M Laurent EL GHOZI, Pr\u00e9sident de laF\u00e9d\u00e9ration Nationale des AssociationsSolidaires des Tziganes (FNASAT)M St\u00e9phane FABREGUES, Vice-Pr\u00e9sident del'Association des Gens du Voyage de C\u00e8zeC\u00e9vennes, m\u00e9diateur3 Mme Sylvie DEBART, administratricede l'Association Nationale des Gensdu Voyage Citoyens (ANGVC)M. Andr\u00e9 RIVIERE, Membre de l'AssociationNationale des Gens du voyage Citoyens(ANGVC)4 M. Fernand MARAVAL, Pr\u00e9sident del'Union Fran\u00e7aise Association TziganesYohan SALLES, Pr\u00e9sident du comit\u00e9 des Tziganesde la r\u00e9gion PACA\nSIAO, La Croix Rouge Fran\u00e7aise\n(UFAT) D\u00e9l\u00e9gu\u00e9 national de l'Union fran\u00e7aise desassociations Tziganes Fran\u00e7aise (UFAT)5 Mme Muriel VITAL, Coordinatrice | Mme WEBER No\u00e9mie, travailleur social du SIAOUrgence, La Croix Rouge Fran\u00e7aise\n- 1 repr\u00e9sentant de la Caisse d'Allocations Familiales (CAF)Titulaire Suppl\u00e9ant1 M Tony CONRAZIER, Administrateur: repr\u00e9sentant des allocatairesMme Florence FERRAN SOYER, Administrateurrepr\u00e9sentant des employeurs\n- 1 repr\u00e9sentant de la Mutualit\u00e9 Sociale Agricole (MSA)Titulaire Suppl\u00e9ant1 M Beno\u00eet HEREDIAMme Sylvie SORO\nArticle 2 :Le pr\u00e9sent arr\u00eat\u00e9 annule et remplace l'arr\u00eat\u00e9 n\u00b030-2025-02-13-00002, publi\u00e9 le 13 f\u00e9vrier 2025.\nArticle 3 :Monsieur le Pr\u00e9fet est charg\u00e9 de l'ex\u00e9cution du pr\u00e9sent arr\u00eat\u00e9 qui sera publi\u00e9 au recueil des actesadministratifs de la pr\u00e9fecture et communiqu\u00e9 \u00e0 l'ensemble des membres de la commission.\n89, rue Weber \u2014 30907 NIMES CEDEX 2T\u00e9l : 04 66 62 62 00 - Fax : 04 66 23 28 79 - www.gard.gouv.fr\nPour le pr\u00e9fet,le sous-pr\u00e9fet,secr\u00e9taire g\u00e9n\u00e9ral adjoint\nhias NIE\nDirection D\u00e9partementale des Tetrritoires et de la Mer du Gard - 30-2025-10-30-00001 - arr\u00eat\u00e9 portant modification de la composition\nde la commission d\u00e9partementale consultative des gens du voyage 28\nDirection D\u00e9partementale des Tetrritoires et de la Mer du Gard - 30-2025-10-30-00001 - arr\u00eat\u00e9 portant modification de la composition\nde la commission d\u00e9partementale consultative des gens du voyage 29\nDirection des Services D\u00e9partementaux de\nl'Education Nationale du Gard\n30-2025-10-24-00004\nARRETE PORTANT MODIFICATION\nCOMPOSITION COLLEGE DEPART CONSULTATIF\nFONDS DEVELOPPEMENT VIE ASSOCIATIVE\nDirection des Services D\u00e9partementaux de l'Education Nationale du Gard - 30-2025-10-24-00004 - ARRETE PORTANT MODIFICATION\nCOMPOSITION COLLEGE DEPART CONSULTATIF FONDS DEVELOPPEMENT VIE ASSOCIATIVE 30\n\u0152 FA Service d\u00e9partemental \u00e0 la jeunesse, \u00e0PREFET | l'engagement et aux sportsDU GARDLibert\u00e9Egalit\u00e9Fraternit\u00e9\nArr\u00eat\u00e9 pr\u00e9fectoral n\u00b0du 2 44 OCT. 2025portant modification de la composition des membres du coll\u00e8ge d\u00e9partemental consultatifdu fonds pour le d\u00e9veloppement de la vie associative\nLe pr\u00e9fet du GardChevalier de la L\u00e9gion d'Honneur,Officier de l'Ordre National du M\u00e9riteVU le code des relations entre le public et l'administration, notamment ses articles R.133-3 \u00e0 R.133-15 ;VU la loi n\u00b0 2021-875 du 1\u00ae juillet 2021 visant a am\u00e9liorer la tr\u00e9sorerie des associations et son article 7 pr\u00e9cisantl'int\u00e9gration de parlementaires au sein des coll\u00e8ges d\u00e9partementaux consultatifs des commissions r\u00e9pronales du fondspour le d\u00e9veloppement de la vie associative;VU le d\u00e9cret n\u00b0 2010-146 du 16 f\u00e9vrier 2010 modifiant le d\u00e9cret n\u00b0 2004-374 du 29 avril 2004 relatif aux pouvoirs despr\u00e9fets, \u00e0 l'organisation et \u00e0 l'action des services de l'Etat dans les r\u00e9gions et d\u00e9partements ;VU le d\u00e9cret n\u00b0 2018-460 du 8 juin 2018 relatif au fonds pour le d\u00e9veloppement de la vie associative et notamment sonarticle7 ;VU le d\u00e9cret du 13 juillet 2023 nommant M. J\u00e9r\u00f4me Bonet, pr\u00e9fet du Gard ;VU le d\u00e9cret du 28 ao\u00fbt 2023 portant nomination de Monsieur Christophe Mauny, directeur acad\u00e9mique des servicesde l'Education nationale du Gard ; |VU le d\u00e9cret n\u00b02011-2121 du 30 d\u00e9cembre 2011 modifi\u00e9 relatif aux fonds pour le d\u00e9veloppement de la vie associative,et notamment son article 5 ;VU l'arr\u00eat\u00e9 n\u00b0 30-2024-10-18-00005 du 18 octobre 2024 donnant d\u00e9l\u00e9gation de signature \u00e0 Monsieur Yann GERARD,secr\u00e9taire g\u00e9n\u00e9ral de la pr\u00e9fecture du Gard, sous-pr\u00e9fet de N\u00eemes ;VU la circulaire n\u00b0 5811/SG du 29 septembre 2015 relative aux nouvelles relations entre pouvoirs publics etassociations ;VU les propositions du Mouvement Associatif d'Occitanie ;Sur proposition de l'inspecteur d'acad\u00e9mie, directeur des services d\u00e9partementaux de l'Education nationale du Gard ;\nARRETEArticle 1er :L'article 2 de l'arr\u00eat\u00e9 du 2 d\u00e9cembre 2022 portant composition du coll\u00e8ge d\u00e9partemental consultatif du fonds pour led\u00e9veloppement de la vie associative du Gard est modifi\u00e9 comme suit :Le coll\u00e8ge d\u00e9partemental est pr\u00e9sid\u00e9 par le pr\u00e9fet ou son repr\u00e9sentant. Il comprend \u00e9galement :- Un repr\u00e9sentant du Conseil d\u00e9partemental d\u00e9sign\u00e9 par la pr\u00e9sidente du Conseil d\u00e9partemental ;\nDirection des Services D\u00e9partementaux de l'Education Nationale du Gard - 30-2025-10-24-00004 - ARRETE PORTANT MODIFICATION\nCOMPOSITION COLLEGE DEPART CONSULTATIF FONDS DEVELOPPEMENT VIE ASSOCIATIVE 31\n- Trois repr\u00e9sentants des maires des communes et des pr\u00e9sidents des \u00e9tablissements publics de coop\u00e9rationintercommunale \u00e0 fiscalit\u00e9 propre, d\u00e9sign\u00e9s par l'association des maires de France du Gard et l'association desmaires ruraux du Gard ;- Deux s\u00e9nateurs ou leur suppl\u00e9ant, nomm\u00e9s par la pr\u00e9sidence du S\u00e9nat ;- Deux d\u00e9put\u00e9s ou leurs suppl\u00e9ants, nomm\u00e9s par la pr\u00e9sidence de l'Assembl\u00e9e nationale ;- Quatre personnalit\u00e9s qualifi\u00e9es (dont deux nomm\u00e9es sur proposition du mouvement associatif d\"'Occitanie),nomm\u00e9es en raison de leur engagement et de leur comp\u00e9tence reconnus en mati\u00e8re de vie associative :o Monsieur Beno\u00eet VERICEL ;o Monsieur Alexandre CUSSEY.- Sur proposition du Mouvement associative d'Occitanie :o Madame Fr\u00e9d\u00e9rique SAEZ ;o Monsieur Thierry KOUBI.Article 2 :Les autres dispositions de l'arr\u00eat\u00e9 pr\u00e9fectoral du 2 d\u00e9cembre 2022 demeurent inchang\u00e9es.Article 8 :Le pr\u00e9sent arr\u00eat\u00e9 est susceptible, dans un d\u00e9lai de deux mois \u00e0 compter de sa notification, de faire l'objet :e soit d'un recours gracieux devant l'auteur de la d\u00e9cision,e soit d'un recours hi\u00e9rarchique,e soit d'un recours contentieux devant le tribunal administratif de Nimes. Le tribunal administratif peut aussi\u00eatre saisi par l'application informatique \u00ab T\u00e9l\u00e9recours Citoyens \u00bb accessible sur le site www.telerecours.fr.En cas de rejet implicite ou explicite du recours gracieux ou hi\u00e9rarchique, selon les dispositions de l'article R. 421-1du code de justice administrative, un recours contentieux peut \u00eatre exerc\u00e9 dans un d\u00e9lai de deux mois \u00e0 compter dece rejet.Article 9 :Le secr\u00e9taire g\u00e9n\u00e9ral de la pr\u00e9fecture et le directeur acad\u00e9mique des services d\u00e9partementaux de l'\u00e9ducation nationaledu Gard sont charg\u00e9s, chacun en ce qui le concerne, de l'ex\u00e9cution du pr\u00e9sent arr\u00eat\u00e9 qui sera publi\u00e9 au recueil desactes administratifs de la pr\u00e9fecture.\nLe pr\u00e9fet\nYann G\u00c9RARD\nDirection des Services D\u00e9partementaux de l'Education Nationale du Gard - 30-2025-10-24-00004 - ARRETE PORTANT MODIFICATION\nCOMPOSITION COLLEGE DEPART CONSULTATIF FONDS DEVELOPPEMENT VIE ASSOCIATIVE 32\nPrefecture du Gard\n30-2025-10-29-00003\nAP 2025-10-29-151 portant modification de la\nfr\u00e9quence de visite p\u00e9riodique de 3 ERP de\nl'Institut St F\u00e9lix \u00e0 Beaucaire \nPrefecture du Gard - 30-2025-10-29-00003 - AP 2025-10-29-151 portant modification de la fr\u00e9quence de visite p\u00e9riodique de 3 ERP de\nl'Institut St F\u00e9lix \u00e0 Beaucaire 33\nE = Cabinet du pr\u00e9fetPR\u00c9FET ; ; eeeDU GARD Direction des s\u00e9curit\u00e9sLibert\u00e9 ;fraternit\u00e9\nArr\u00e9t\u00e9 n\u00b0 2025-10-29-151portant modification de la fr\u00e9quencede visite p\u00e9riodique de trois \u00e9tablissements recevant du publicde l'Institut Saint-F\u00e9lix \u00e0 BeaucaireLe Pr\u00e9fet du Gard,Chevalier de la L\u00e9gion d'HonneurOfficier de l'Ordre National du M\u00e9rite\nVu le code de la construction et de l'habitation, notamment ses articles R162-1 et suivantset R143-25 et suivants ; |Vu le code des relations entre le public et l'administration ;Vu la loi n\u00b0 2005-102 du 11 f\u00e9vrier 2005 pour l'\u00e9galit\u00e9 des droits et des chances, laparticipation et la citoyennet\u00e9 des personnes handicap\u00e9es ;Vu le d\u00e9cret n\u00b0 95-260 du 8 mars 1995 modifi\u00e9 relatif \u00e0 la commission consultatived\u00e9partementale de s\u00e9curit\u00e9 et d'accessibilit\u00e9 ;Vu le d\u00e9cret n\u00b0 2004-374 du 29 avril 2004 modifi\u00e9 relatif aux pouvoirs des pr\u00e9fets, \u00e0l'organisation et \u00e0 l'action des services de l'\u00c9tat dans les r\u00e9gions et les d\u00e9partements;Vu le d\u00e9cret n\u00b0 2014-1326 du 5 novembre 2014 modifiant les dispositions du code de laconstruction et de l'habitation relatives \u00e0 l'accessibilit\u00e9 aux personnes handicap\u00e9es des\u00e9tablissements recevant du public et des installations ouvertes au public ;Vu le d\u00e9cret n\u00b0 2014-1627 du 26 d\u00e9cembre 2014 relatif aux modalit\u00e9s d'organisation desd\u00e9lib\u00e9rations \u00e0 distance des instances administratives \u00e0 caract\u00e8re coll\u00e9gial ;Vu le d\u00e9cret n\u00b02020-1187 du 29 septembre 2020 relatif \u00e0 certaines commissions- administratives \u00e0 caract\u00e8re consultatif relevant du minist\u00e8re de l'Int\u00e9rieur ;Vu le d\u00e9cret du 13juillet 2023 nommant J\u00e9r\u00f4me BONET, pr\u00e9fet du Gard ;Vu l'arr\u00eat\u00e9 du 25 juin 1980 modifi\u00e9 portant approbation des dispositions g\u00e9n\u00e9rales dur\u00e8glement de s\u00e9curit\u00e9 contre les risques d'incendie et de panique dans les \u00e9tablissementsrecevant du public (ERP) ;Vu l'arr\u00eat\u00e9 n\u00b02024-05-29 du 29 mai 2024, modifi\u00e9 portant constitution et fonctionnementde la commission consultative d\u00e9partementale de s\u00e9curit\u00e9 et d'accessibilit\u00e9 ;Vu l'arr\u00eat\u00e9 pr\u00e9fectoral du 18 octobre 2024, publi\u00e9 au recueil des actes administratifs sous len\u00b0 30-2024-10-18-00006, donnant d\u00e9l\u00e9gation de signature a M Mathias NIEPS, sous-pr\u00e9fet,secr\u00e9taire g\u00e9n\u00e9ral adjoint de la pr\u00e9fecture du Gard ;Vu les prescriptions \u00e9mises le 14 octobre 2025 par le groupe de visite de la sous-commissionconsultative d\u00e9partementale contre les risques d'incendie et de panique dans les\u00e9tablissements recevant du public et des immeubles de grande hauteur (SCDSA) lors del'inspection p\u00e9riodique de trois ERP de l'institut Saint-F\u00e9lix \u00e0 Beaucaire ;Vu l'avis du 24 octobre 2025 de la sous-commission consultative d\u00e9partementale contre lesrisques d'incendie et de panique dans les \u00e9tablissements recevant du public et desimmeubles de grande hauteur prescrivant, conform\u00e9ment \u00e0 l'article GE4 \u00a74 du r\u00e8glementde s\u00e9curit\u00e9, de fixer un d\u00e9lai d\u00e9rogatoire \u00e0 la p\u00e9riodicit\u00e9 des trois ERP de l'institut Saint-F\u00e9lix \u00e0 Beaucaire ;\nPrefecture du Gard - 30-2025-10-29-00003 - AP 2025-10-29-151 portant modification de la fr\u00e9quence de visite p\u00e9riodique de 3 ERP de\nl'Institut St F\u00e9lix \u00e0 Beaucaire 34\nSur proposition du pr\u00e9sident de la sous-commission d\u00e9partementale pour la s\u00e9curit\u00e9 contreles risques d'incendie et de panique dans les ERP et les IGH ;ARRETEArticle 1 - La fr\u00e9quence des visites p\u00e9riodiques des trois ERP est modifi\u00e9e comme suit :Nom de P\u00e9riodicit\u00e9 Nouvellene : Commune Classement ie etsl'\u00e9tablissement normale p\u00e9riodicit\u00e9Institut Saint Type R-H - 4\u00b0 3 ans 1anF\u00e9lixInternatInstitut Saint Type R-N - 3\u00b0TM\u00b0 3 ans 1anF\u00e9lix BeaucaireCr\u00e8che etcantine scolaireInstitut SaintF\u00e9lix aneBatiment A, B, Type R-2 3 ans TanC,D,EArticle 2 - La modification du calendrier annuel des visites p\u00e9riodiques r\u00e9glementaires desERP concern\u00e9s, conform\u00e9ment \u00e0 l'article GE4 84 du R\u00e8glement de s\u00e9curit\u00e9, neprive pas la commission de s\u00e9curit\u00e9 comp\u00e9tente du droit de faire proc\u00e9der, surdemande du maire ou du pr\u00e9fet, \u00e0 toutes autres visites qu'elle jugerait utiles oun\u00e9cessaires.Article 3 - Le pr\u00e9sent arr\u00eat\u00e9 pr\u00e9fectoral entrera en vigueur \u00e0 compter de sa notification \u00e0l'exploitant.Article 4 - Cet arr\u00eat\u00e9 peut faire l'objet d'un recours administratif aupr\u00e8s du Pr\u00e9fet du Gard(pr\u00e9fecture du Gard 30 045 Nimes Cedex 9), d'un recours hi\u00e9rarchique adress\u00e9 \u00e0Monsieur le ministre de l'Int\u00e9rieur \u2014 place Beauvau 75 800 Paris ou d'un recourscontentieux devant le tribunal administratif de N\u00eemes, dans un d\u00e9lai de deuxmois suivant la publication du pr\u00e9sent arr\u00eat\u00e9. Le tribunal administratif peut aussi\u00eatre saisi par l'application informatique \"Telerecours Citoyens\" accessiblepar lesite internet www.telerecours.fr.Article 5 - Le secr\u00e9taire g\u00e9n\u00e9ral de la pr\u00e9fecture, sous-pr\u00e9fet de l'arrondissement de Nimes,le directeur d\u00e9partemental des services d'incendie et de secours du Gard, ledirecteur d\u00e9partemental des territoires et de la mer du Gard, le directeuracad\u00e9mique des services de l'\u00e9ducation nationale du Gard, le directeurinterd\u00e9partemental de la police nationale des Bouches-du-Rh\u00f4ne, le chef duservice interminist\u00e9riel de d\u00e9fense et de protection civile et le maire deBeaucaire sont charg\u00e9s, chacun en ce qui le concerne, de l'ex\u00e9cution du pr\u00e9sentarr\u00eat\u00e9 qui sera publi\u00e9 au recueil des actes administratifs de la pr\u00e9fecture duGard. N\u00eemes, le 29 octobre 2025.\nPour le pr\u00e9fet,le sous-pr\u00e9fet, 1secrete. gene adjoint2/2\nPrefecture du Gard - 30-2025-10-29-00003 - AP 2025-10-29-151 portant modification de la fr\u00e9quence de visite p\u00e9riodique de 3 ERP de\nl'Institut St F\u00e9lix \u00e0 Beaucaire 35\nPrefecture du Gard\n30-2025-10-28-00003\nArr\u00eat\u00e9 interpr\u00e9fectoral portant recomposition\ndu conseil communautaire de la Communaut\u00e9\nd'Agglom\u00e9ration du Grand Avignon\nPrefecture du Gard - 30-2025-10-28-00003 - Arr\u00eat\u00e9 interpr\u00e9fectoral portant recomposition du conseil communautaire de la\nCommunaut\u00e9 d'Agglom\u00e9ration du Grand Avignon 36\nREPUBLIQUEFRANCAISELibert\u00e9\u00c9galit\u00e9Fraternit\u00e9\nPREFET DE VAUCLUSE PREFET DU GARDPr\u00e9fecture Pr\u00e9fectureDirection de la citoyennet\u00e9 et de la l\u00e9galit\u00e9 Direction de la citoyennet\u00e9, de la l\u00e9galit\u00e9 etService des relations avec les collectivit\u00e9s de la coordinationterritoriales Bureau des finances et de l'intercommunalit\u00e9P\u00e9le finances locales, intercommunalit\u00e9 etcommande publique\nArr\u00eat\u00e9 inter-pr\u00e9fectoral du 2 8 OCT. 2025portant recomposition du conseil communautaire de la Communaut\u00e9d'Agglom\u00e9ration du Grand Avignon (COGA)a compter des \u00e9lections municipales de mars 2026\nLe Pr\u00e9fet de Vaucluse Le Pr\u00e9fet du GardChevalier de la L\u00e9gion d'Honneur Chevalier de la L\u00e9gion d'HonneurChevalier de l'Ordre National du M\u00e9rite Officier de l'Ordre National du M\u00e9riteVU le Code G\u00e9n\u00e9ral des Collectivit\u00e9s Territoriales et notamment les articles L5211-6 etL5211-6-1 :VU le d\u00e9cret du 14 f\u00e9vrier 2024, publi\u00e9 au Journal officiel n\u00b00038 du 15 f\u00e9vrier 2024,portant nomination de Monsieur Thierry SUQUET, en qualit\u00e9 de pr\u00e9fet de Vaucluse;VU l'arr\u00eat\u00e9 pr\u00e9fectoral du 12 d\u00e9cembre 1994 portant cr\u00e9ation de la Communaut\u00e9 deCommunes du Grand Avignon modifi\u00e9 ;VU l'arr\u00eat\u00e9 inter-pr\u00e9fectoral du 22 d\u00e9cembre 2000 pronon\u00e7ant la transformation de laCommunaut\u00e9 de Communes du Grand Avignon en communaut\u00e9 d'Agglom\u00e9rationmodifi\u00e9 :VU l'arr\u00eat\u00e9 inter-pr\u00e9fectoral du 30 d\u00e9cembre 2016 portant recomposition \u00e0 compter du 1\u00b0janvier 2017 du conseil communautaire de la Communaut\u00e9 d'Agglom\u00e9ration du GrandAvignon;VU l'arr\u00eat\u00e9 inter-pr\u00e9fectoral du 28 d\u00e9cembre 2017 portant retrait de la commune deMontfaucon de la Communaut\u00e9 d'Agglom\u00e9ration du Grand Avignon ;VU l'arr\u00eat\u00e9 inter-pr\u00e9fectoral du 11 octobre 2019 portant recomposition du conseilcommunautaire de la Communaut\u00e9 d'Agglom\u00e9ration du Grand Avignon \u00e0 compter des\u00e9lections de mars 2020 ;VU les d\u00e9lib\u00e9rations en faveur d'un accord local pour une r\u00e9partition de 73 si\u00e8ges deconseillers communautaires des conseils municipaux des communes de Avignon(26/06/2025), Caumont-sur-Durance (18/06/2025), Entraigues-sur-la-Sorgue (25/06/2025),Jonquerettes (15/05/2025), Saint-Saturnin-les-Avignon (22/05/2025), Ved\u00e8ne (15/05/2025),\nPrefecture du Gard - 30-2025-10-28-00003 - Arr\u00eat\u00e9 interpr\u00e9fectoral portant recomposition du conseil communautaire de la\nCommunaut\u00e9 d'Agglom\u00e9ration du Grand Avignon 37\nVelleron (11/06/2025), Les Angles (15/05/2025), Pujaut (03/07/2025), Rochefort-du-Gard(25/06/2025), Roquemaure (13/05/2025), Sauveterre (07/07/2025), Saze (22/05/2025) etVilleneuve-lez-Avignon (04/06/2025) ;VU les d\u00e9lib\u00e9rations des conseils municipaux de Mori\u00e9res-les-Avignon (24/06/2025) etLe Pontet (17/06/2025) refusant la proposition d'accord local \u00e0 73 si\u00e8ges ;CONSIDERANT les chiffres de la population municipale au 1\u00b0 janvier 2025 ;CONSIDERANT l'accord des communes membres dans les conditions de majorit\u00e9qualifi\u00e9e r\u00e9gies par l'article L5211-6-1 pr\u00e9cit\u00e9 ;Sur proposition conjointe des secr\u00e9taires g\u00e9n\u00e9raux des pr\u00e9fectures de Vaucluse et duGard, .ARR\u00caTENT:\nArticle 1er : A compter du renouvellement g\u00e9n\u00e9ral des conseils municipaux de mars 2026,le nombre total de si\u00e8ges du conseil communautaire de la Communaut\u00e9 d'Agglom\u00e9rationdu Grand Avignon est fix\u00e9 \u00e0 73 si\u00e8ges.Article 2 : Les si\u00e8ges sont r\u00e9partis ainsi qu'il suit :Communes Nombre de si\u00e8gesAvignon 34Le PontetVilleneuve-lez-AvignonVed\u00e8neMori\u00e8res-les-AvignonEntraigues-sur-la-SorgueLes AnglesRochefort-du-GardRoquemaureCaumont-sur-DuranceSaint-Saturnin-les-AvignonPujautVelleronSazeSauveterre\n|[-|+|INININININ Wi wl wl] wi] sb! AIO\nJonquerettes\nNN\u0153Total\nPrefecture du Gard - 30-2025-10-28-00003 - Arr\u00eat\u00e9 interpr\u00e9fectoral portant recomposition du conseil communautaire de la\nCommunaut\u00e9 d'Agglom\u00e9ration du Grand Avignon 38\nArticle 3 : L'arr\u00eat\u00e9 inter \u2014 pr\u00e9fectoral portant recomposition du conseil communautaire dela Communaut\u00e9 d'Agglom\u00e9ration du Grand Avignon du 11 octobre 2019 est abrog\u00e9 \u00e0compter du renouvellement g\u00e9n\u00e9ral des conseils municipaux de mars 2026.Article 4 : Les conseillers communautaires n'ont pas de suppl\u00e9ant, sauf pour les communesqui ne disposent que d'un si\u00e8ge au sein de l'organe d\u00e9lib\u00e9rant.Article 5 : Le pr\u00e9sent arr\u00eat\u00e9 sera ins\u00e9r\u00e9 aux recueils des actes administratifs despr\u00e9fectures de Vaucluse et du Gard et affich\u00e9 au si\u00e8ge de la Communaut\u00e9d'Agglom\u00e9ration du Grand Avignon et de celui de ses communes membres.Article 6 : Le pr\u00e9sent arr\u00eat\u00e9 peut faire l'objet d'un recours contentieux devant le tribunaladministratif de N\u00eemes, dans un d\u00e9lai de deux mois \u00e0 compter de sa publication. Letribunal administratif peut aussi \u00eatre saisi par l'application informatique \u00ab T\u00e9l\u00e9recoursCitoyens \u00bb accessible par le site internet www.telerecours.fr.Article 7 : Les secr\u00e9taires g\u00e9n\u00e9raux des pr\u00e9fectures de Vaucluse et du Gard et le pr\u00e9sidentde la Communaut\u00e9 d'Agglom\u00e9ration du Grand Avignon sont charg\u00e9s, chacun en ce qui leconcerne, de l'ex\u00e9cution du pr\u00e9sent arr\u00eat\u00e9.\nAvignon, le 28 QCT, 2025Le pr\u00e9fet de Vaucluse | Le pr\u00e9fet du GardEste \u2014UQUET { Pour le pr\u00e9fet,le  S\u00c8C\u00c9TRTS g\u00e9n\u00e9ral\nYarin GERARD\nPrefecture du Gard - 30-2025-10-28-00003 - Arr\u00eat\u00e9 interpr\u00e9fectoral portant recomposition du conseil communautaire de la\nCommunaut\u00e9 d'Agglom\u00e9ration du Grand Avignon 39\nPrefecture du Gard\n30-2025-10-31-00001\nARR\u00caT\u00c9 N\u00b030-2025-31-10-0001 autorisant la\ncaptation, l'enregistrement et la transmission\nd'images\nPrefecture du Gard - 30-2025-10-31-00001 - ARR\u00caT\u00c9 N\u00b030-2025-31-10-0001 autorisant la captation, l'enregistrement et la transmission\nd'images 40\n| 3 CABINETPREFET DIRECTION DES SECURITESDU GARD Service d'animation des politiquesLibert\u00e9 _ de s\u00e9curit\u00e9 int\u00e9rieureEgalit\u00e9 Bureau des polices administrativesFraternit\u00e9\nARR\u00caT\u00c9 N\u00b030-2025-31-10autorisant la captation, l'enregistrement et la transmission d'imagesau moyen de cam\u00e9ras install\u00e9es sur des a\u00e9ronefs\nLe Pr\u00e9fet du GardChevalier de la L\u00e9gion d'HonneurOfficier de l'Ordre National du M\u00e9riteVu le code de la s\u00e9curit\u00e9 int\u00e9rieure et notamment ses articles L. 242-1 \u00e0 L. 242-8 et R. 242-8 \u00e0R. 242-14 ;Vu le d\u00e9cret n\u00b0 2004-374 du 29 avril 2004 relatif aux pouvoirs des pr\u00e9fets, a l'organisation et al'action des services de l'\u00c9tat dans les r\u00e9gions et d\u00e9partements ;Vu le d\u00e9cret du 13juillet 2023 nommant M. J\u00e9r\u00f4me BONET, pr\u00e9fet du Gard,Vu l'arr\u00eat\u00e9 pr\u00e9fectoral du 18 octobre 2024 n\u00b030-2024-10-18-00005 donnant d\u00e9l\u00e9gation designature \u00e0 M. Yann GERARD, secr\u00e9taire g\u00e9n\u00e9ral de la pr\u00e9fecture du Gard, sous-pr\u00e9fet de N\u00eemes ;Vu l'arr\u00eat\u00e9 pr\u00e9fectoral du 18 octobre 2024 n\u00b030-2024-10-18-00006 donnant d\u00e9l\u00e9gation designature \u00e0 M. Mathias NIEPS, sous-pr\u00e9fet, charg\u00e9 de mission aupr\u00e8s du pr\u00e9fet du Gard,secr\u00e9taire g\u00e9n\u00e9ral adjoint de la pr\u00e9fecture du Gard;Vu l'arr\u00eat\u00e9 pr\u00e9fectoral n\u00b030-2024-10-18-00009 du 18 octobre 2024 donnant d\u00e9l\u00e9gation designature \u00e0 Madame Charlotte EUVRARD, sous-pr\u00e9f\u00e8te, directrice de cabinet du pr\u00e9fet du Gard ;Vu l'arr\u00eat\u00e9 pr\u00e9fectoral n\u00b0 30-2024-11-28-00004 du 28 novembre 2024 donnant d\u00e9l\u00e9gation designature \u00e0 M. Franck LACOSTE, directeur des s\u00e9curit\u00e9s, directeur de cabinet adjoint du pr\u00e9fet duGard ;Vu l'activation du plan Vigipirate au niveau urgence attentat;Vu l'arr\u00eat\u00e9 du ministre de l'Int\u00e9rieur et des outre-mer, en date du 19 avril 2023 relatif au nombremaximal de cam\u00e9ras install\u00e9es sur des a\u00e9ronefs pouvant \u00eatre simultan\u00e9ment utilis\u00e9es danschaque d\u00e9partement et collectivit\u00e9 d'outre-mer ;Vu l'arr\u00eat\u00e9 n\u00b030-2024-07-05 du 7 mai 2024 autorisant la captation, l'enregistrement et latransmission d'images au moyen de cam\u00e9ras install\u00e9essur des a\u00e9ronefs ;Vu la demande en date du 30 octobre 2025, form\u00e9e par la direction interd\u00e9partementale de lapolice nationale, visant \u00e0 obtenir l'autorisation de capter, d'enregistrer et de transmettre desimages au moyen de deux drones portant chacun une cam\u00e9ra, afin de pr\u00e9venir les atteintes \u00e0 las\u00e9curit\u00e9 des personnes et des biens au sein des p\u00e9rim\u00e8tres pr\u00e9cis\u00e9s en annexe du pr\u00e9sent arr\u00eat\u00e9,a N\u00eemes du mardi 3 novembre \u00e0 6h00 au mardi 18 novembre 2025 \u00e0 21h00;Consid\u00e9rant que les dispositions susvis\u00e9es permettent aux forces de s\u00e9curit\u00e9 int\u00e9rieure, dans_ l'exercice de leurs missions de protection de la s\u00e9curit\u00e9 des personnes et des biens, de proc\u00e9der\u00e0 la captation, \u00e0 l'enregistrement et \u00e0 la transmission d'images au moyen de cam\u00e9ras install\u00e9essur des a\u00e9ronefs aux fins d'assurer la s\u00e9curit\u00e9 des personnes et des biens ; que notamment, le 1\u00b0_ H\u00f4tel de la Pr\u00e9fecture 10 avenue Feuch\u00e9res \u2014 30045 NIMES CEDEX 9T\u00e9l : 04.66.36.43.90- Fax : 04.66.36.00.87 \u2014 www.gard.gouv.fr\n - 00001\nPrefecture du Gard - 30-2025-10-31-00001 - ARR\u00caT\u00c9 N\u00b030-2025-31-10-0001 autorisant la captation, l'enregistrement et la transmission\nd'images 41\nde l'article L. 242-5 susvis\u00e9 pr\u00e9voit que ces dispositifs peuvent \u00eatre mis en \u0153uvre au titre de lapr\u00e9vention des atteintes \u00e0 la s\u00e9curit\u00e9 des personnes et des biens dans des lieux particuli\u00e8rementexpos\u00e9s, en raison de leurs caract\u00e9ristiques ou des faits qui s'y sont d\u00e9j\u00e0 d\u00e9roul\u00e9s, \u00e0 des risquesd'agression, de vol ou de trafics d'armes, d'\u00eatres humains ou de stup\u00e9fiants, ainsi que laprotection des b\u00e2timents et installations publics et de leurs abords imm\u00e9diats, lorsqu'ils sontparticuli\u00e8rement expos\u00e9s \u00e0 des risques d'intrusion ou de d\u00e9gradations ;Consid\u00e9rant que depuis plusieurs mois, voire plusieurs ann\u00e9es, la ville de N\u00eemes conna\u00eet unimportant trafic de stup\u00e9fiants ; que ces derni\u00e8res semaines la r\u00e9currence et la gravit\u00e9 des faitsde d\u00e9linquance de voie publique li\u00e9s \u00e0 ce trafic mobilisent de fa\u00e7on significative les forces del'ordre et les moyens de secours ;Consid\u00e9rant que l'actualit\u00e9 reste soutenue par des nombreux faits de violence avec arme, tird''intimidation, homicide et tentative d'homicide; derni\u00e8rement, entre le 27 juin et le 26 juillet,11 fusillades ont eu lieu dans les diff\u00e9rents quartiers sensibles de N\u00eemes faisant 10 bless\u00e9s et 3tu\u00e9s, la derni\u00e8re fusillade a eu lieu le samedi 26juillet, son auteur a \u00e9t\u00e9 interpell\u00e9 ;Consid\u00e9rant que la DIPN b\u00e9n\u00e9ficie de renforts zonaux et mobiles ;Consid\u00e9rant que dans le cadre du PADRSQ/OVSR \u00e0 N\u00eemes, des op\u00e9rations de contr\u00f4le etd'occupation de la voie publique. sont en cours pour lutter contre le narcotrafic et les fusillades;Consid\u00e9rant que lors de leurs interventions les forces de l'ordre subissent de nombreux jets deprojectiles;Consid\u00e9rant que les quartiers ouest de la ville de N\u00eemes (Pissevin Valdegour) class\u00e9s quartier dereconqu\u00eate r\u00e9publicaine (QRR) connaissent en 2025 des faits de r\u00e8glements de comptesignificatifs sans pr\u00e9c\u00e9dent avec trois points de deal r\u00e9pertori\u00e9s dont celui de la galerie Wagnerreste sans conteste le point le plus disput\u00e9 de la ville de N\u00eemes pour ses revenus attractifs ;Consid\u00e9rant l'intensification des pressions, menaces et contr\u00f4les exerc\u00e9s sur les habitants et lesservices publics par les membres du trafic de stup\u00e9fiants ; |Consid\u00e9rant que des op\u00e9rations de contr\u00f4les sont organis\u00e9es toutes les semaines amenant lad\u00e9couverte et la saisie de quantit\u00e9s importantes de produits stup\u00e9fiants et d'armes ;Consid\u00e9rant que les quartiers de Pissevin et Valdegour (QRR) b\u00e9n\u00e9ficient du programme derenouvellement urbain (ANRU) et un engagement de nombreuses soci\u00e9t\u00e9s sur diff\u00e9rentschantiers dont les employ\u00e9s ont fait valoir leur droit de retrait apr\u00e8s avoir \u00e9t\u00e9 menac\u00e9s et dontles zones de travaux ont subi des d\u00e9gradations ;Consid\u00e9rant que les quartiers Est du Chemin Bas d'Avignon, Clos d'Orville et du Mas de Minguesont particuli\u00e8rement touch\u00e9s par le trafic de stup\u00e9fiants avec trois points de deal situ\u00e9s parfoisface \u00e0 des \u00e9tablissements scolaires ;Consid\u00e9rant les pressions et menaces sur les habitants et les employ\u00e9s des services publics (Laposte, transports en commun...) ;Consid\u00e9rant que depuis plusieurs semaines, il a \u00e9t\u00e9 constat\u00e9 une reprise d'activit\u00e9 intense sur lepoint de deal du Chemin Bas d'Avignon, avec de nombreuses interpellations r\u00e9alis\u00e9es grace ades renforts et des effectifs locaux; :Consid\u00e9rant que le secteur du centre-ville de Nimes est marqu\u00e9 par une tendance a lamultiplication de plusieurs points de deal ;Consid\u00e9rant les contr\u00f4les r\u00e9guliers afin d'endiguer le ph\u00e9nom\u00e8ne et la d\u00e9couverte derni\u00e8rementde plusieurs kilos de stup\u00e9fiants ;Consid\u00e9rant qu'au cours des mois de septembre et d'octobre 2025 73 personnes ont \u00e9t\u00e9interpell\u00e9es, 2 armes ont \u00e9t\u00e9 d\u00e9couvertes, 3122,19 grammes de r\u00e9sine de cannabis, 535,77.grammes d'herbe de cannabis et 160,17 grammes de cocaine ont \u00e9t\u00e9 saisis;\nPrefecture du Gard - 30-2025-10-31-00001 - ARR\u00caT\u00c9 N\u00b030-2025-31-10-0001 autorisant la captation, l'enregistrement et la transmission\nd'images 42\nConsid\u00e9rant que ces quartiers ne sont pas couverts par les cam\u00e9ras de vid\u00e9o surveillance, lescam\u00e9ras sont soient ext\u00e9rieures aux quartiers soit volontairement d\u00e9truites par les d\u00e9linquants ;Consid\u00e9rant que les op\u00e9rations peuvent d\u00e9buter \u00e0 tout moment de la journ\u00e9e entre 6h00 et21h00 mais pour une dur\u00e9e de temps tr\u00e8s limit\u00e9e ; :Consid\u00e9rant que, compte tenu du risque d'atteintes \u00e0 la s\u00e9curit\u00e9 des personnes et des biens, durisque de troubles \u00e0 l'ordre public et \u00e0 la s\u00e9curit\u00e9 publique, de la sensibilit\u00e9 des quartiers, del'ampleur de la zone \u00e0 s\u00e9curiser et de la topographie urbaine des lieux concern\u00e9s, de l'int\u00e9r\u00eat dedisposer d'une vision en grand angle pour permettre le maintien et le r\u00e9tablissement de l'ordrepublic et le suivi de la concentration des flux et des mouvements de personnes tout en limitantl'engagement des forces au sol, le recours au dispositif de captation install\u00e9 sur un drone estn\u00e9cessaire et adapt\u00e9 ;Consid\u00e9rant que la demande porte sur l'engagement de deux drones munis d'une cam\u00e9raa\u00e9roport\u00e9e pour une dur\u00e9e de 15 jours dans les secteurs d\u00e9limit\u00e9s par le plan joint au pr\u00e9sentarr\u00eat\u00e9; que les lieux surveill\u00e9s sont strictement limit\u00e9s au p\u00e9rim\u00e8tre sur lequel les risques pour las\u00e9curit\u00e9 des personnes sont susceptibles de survenir; qu'au regard des circonstancessusmentionn\u00e9es, la demande n'appara\u00eet pas disproportionn\u00e9e ;Consid\u00e9rant que le recours \u00e0 la captation, l'enregistrement et la transmission d'images feral'objet d'une publication au recueil des actes administratifs de la pr\u00e9fecture du Gard; quetoutefois, en vertu de l'article R. 242-13 du code de la s\u00e9curit\u00e9 int\u00e9rieure, il y a lieu de d\u00e9roger auprincipe d'information du public d\u00e8s lors que cette information est en contradiction avec lafinalit\u00e9 pour laquelle le dispositif est autoris\u00e9 ; qu'en l'esp\u00e8ce, eu \u00e9gard au climatparticuli\u00e8rement sensible r\u00e9gnant dans les quartiers concern\u00e9s et aux tensions qui y sontr\u00e9guli\u00e8rement constat\u00e9es, une telle information serait de nature \u00e0 accro\u00eetre ce climat et cestensions ; |Sur proposition de la directrice de cabinet du pr\u00e9fet du Gard ;Arr\u00eate\nArticle 1: La captation, l'enregistrement et la transmission d'images par la directioninterd\u00e9partementale de la police nationale, est autoris\u00e9e au titre de la pr\u00e9vention des atteintes \u00e0la s\u00e9curit\u00e9 des personnes et des biens et de l'appui des personnes au sol en vue de leurpermettre de maintenir ou de r\u00e9tablir l'ordre public.Article 2 : Le nombre maximal de cam\u00e9ras pouvant proc\u00e9der simultan\u00e9ment aux traitementsmentionn\u00e9s \u00e0 l'article 1\" est fix\u00e9 \u00e0 2 (mod\u00e8le DJI Mavic 4T).Article 3 : La pr\u00e9sente autorisation est limit\u00e9e au p\u00e9rim\u00e8tre g\u00e9ographique figurant sur le planjoint en annexe.Article 4 : La pr\u00e9sente autorisation est d\u00e9livr\u00e9e du mardi 3 novembre 2025 \u00e0 06h00 au mardi 18novembre 2025 \u00e0 21h00.Article 5 : Le registre mentionn\u00e9 \u00e0 l'article L. 242-4 du code de la s\u00e9curit\u00e9 int\u00e9rieure est transmisau repr\u00e9sentant de l'\u00c9tat dans le d\u00e9partement \u00e0 l'issue de l'\u00e9v\u00e8nement.Article 6 : Le pr\u00e9sent arr\u00eat\u00e9 est publi\u00e9 au recueil des actes administratifs de la pr\u00e9fecture et peut\u00eatre contest\u00e9 dans les deux mois suivant sa notification :- soit par voie de recours gracieux form\u00e9 aupr\u00e8s de M. le Pr\u00e9fet du Gard;- soit par voie de recours hi\u00e9rarchique form\u00e9 aupr\u00e8s de M. le Ministre de l'Int\u00e9rieur;- soit par voie de recours contentieux d\u00e9pos\u00e9 devant le tribunal Administratif deN\u00eemes. |\nPrefecture du Gard - 30-2025-10-31-00001 - ARR\u00caT\u00c9 N\u00b030-2025-31-10-0001 autorisant la captation, l'enregistrement et la transmission\nd'images 43\nLe tribunal administratif peut aussi \u00eatre saisi par l'application informatique 'TelerecoursCitoyens', accessible par le site internet www.telerecours.fr.Article 7 : la directrice de cabinet du pr\u00e9fet du Gard et le directeur interd\u00e9partemental de lapolice nationale sont charg\u00e9s, chacun en ce qui le concerne, de l'ex\u00e9cution du pr\u00e9sent arr\u00eat\u00e9.N\u00eemes, le 31 octobre 2025\nLe pr\u00e9fet,J\u00e9rome BONET\nPrefecture du Gard - 30-2025-10-31-00001 - ARR\u00caT\u00c9 N\u00b030-2025-31-10-0001 autorisant la captation, l'enregistrement et la transmission\nd'images 44\ncentre ville- avenue Jean Jaur\u00e9s- boulevard Sergent Triaire- boulevard Natoire- avenue G\u00e9n\u00e9ral Leclerc- boulevard talabot- avenue Feuch\u00e8res- boulevard de Prague- boulevard Amiral CourbetD - boulevard GambettaRh - quai de la fontaine\nChemin Bas d'Avignon / MasDe Mingue / Clos d'orville- route de Beaucaire- route d'Avignon- rue Cl\u00e9ment Ader- rue du G\u00e9n\u00e9ral Pierre Koenig- coll\u00e8ge Ada Lovelace- chemin du mas d'Alesti- impasse Fran\u00e7ois Granier- route d'Avignon- avenue de Bir Hakeim- rue de Brunswick- rue Nuna Baragnon- route de Beaucaire\nPrefecture du Gard - 30-2025-10-31-00001 - ARR\u00caT\u00c9 N\u00b030-2025-31-10-0001 autorisant la captation, l'enregistrement et la transmission\nd'images 45\nPissevin /Valdegour\nBd Jean JauresRue de VerdunAvenue G. PompidouRoute de SauveChemin de ValdegourBd des Fran\u00e7ais Libres (N106)8d Pasteur Marc BOEGNER (N106)Avenue G. DayanRue Arnavielle\nPrefecture du Gard - 30-2025-10-31-00001 - ARR\u00caT\u00c9 N\u00b030-2025-31-10-0001 autorisant la captation, l'enregistrement et la transmission\nd'images 46\nPrefecture du Gard\n30-2025-10-20-00015\nArr\u00eat\u00e9 portant recomposition du nombre et de\nla r\u00e9partition des si\u00e8ges de l'organe d\u00e9lib\u00e9rant de\nla Communaut\u00e9 de Communes Pays d'Uz\u00e8s\nPrefecture du Gard - 30-2025-10-20-00015 - Arr\u00eat\u00e9 portant recomposition du nombre et de la r\u00e9partition des si\u00e8ges de l'organe\nd\u00e9lib\u00e9rant de la Communaut\u00e9 de Communes Pays d'Uz\u00e8s 47\nPREFET , ae ,DU GARD Pr\u00e9fecture - Direction de la citoyennet\u00e9,Libert\u00e9 de la l\u00e9galit\u00e9 et de la coordinationsiti Service des collectivit\u00e9s, des financesFraternit\u00e9 ; du \u00c0et de l'intercommunalit\u00e9\nn\u00b0 DCLC-SCFI-BFLI-2025\nArr\u00eat\u00e9portant recomposition du nombre et de la r\u00e9partition des si\u00e8ges de l'organe d\u00e9lib\u00e9rantde la communaut\u00e9 de communes Pays d'Uz\u00e9s\nLe pr\u00e9fet du Gard,chevalier de la L\u00e9gion d'honneur,officier de l'ordre national du M\u00e9rite,\nVu le code g\u00e9n\u00e9ral des collectivit\u00e9s territoriales (CGCT), notamment les articles L.5211-6 et L.5211-6-1 ;Vu le d\u00e9cret du 13 juillet 2023 nommant M. J\u00e9r\u00f4me BONET, pr\u00e9fet du Gard ;Vu le d\u00e9cret du 24 avril 2024 nommant M. Yann GERARD, secr\u00e9taire g\u00e9n\u00e9ral de la pr\u00e9fecture du Gard,sous-pr\u00e9fet de N\u00eemes ;Vu la loi n\u00b0 2010-1563 du 16 d\u00e9cembre 2010 de r\u00e9forme des collectivit\u00e9s territoriales ;Vu le d\u00e9cret n\u00b02025-848 du 27 ao\u00fbt 2025 fixant la date du renouvellement des conseillers municipauxet communautaires, des conseillers m\u00e9tropolitains de Lyon, des conseillers de Paris et des conseillersd'arrondissement de Paris, Lyon et Marseille et portant convocation des \u00e9lecteurs ;Vu la circulaire ATDB2503087C du 17 mars 2025 relative \u00e0 la recomposition de l'organe d\u00e9lib\u00e9rant des\u00e9tablissements publics de coop\u00e9ration intercommunale \u00e0 fiscalit\u00e9 propre l'ann\u00e9e pr\u00e9c\u00e9dant celle durenouvellement g\u00e9n\u00e9ral des conseils municipaux ;Vu l'arr\u00eat\u00e9 pr\u00e9fectoral n\u00b0 2012-198-005 modifi\u00e9 du 16 juillet 2012 portant cr\u00e9ation de la communaut\u00e9de communes Pays d'Uz\u00e9s ;Vu l'arr\u00eat\u00e9 n\u00b0 DCLC-SCFI-BFLI-24-21-02-001 du 21 f\u00e9vrier 2024 portant recomposition du conseilcommunautaire de la communaut\u00e9 de communes Pays d'Uz\u00e9s suite \u00e0 l'adh\u00e9sion de la commune deCastillon-du-Gard ;Consid\u00e9rant qu'en l'absence d'accord local des communes membres de la communaut\u00e9 decommunes Pays d'Uz\u00e8s sur la r\u00e9partition des si\u00e8ges au sein du conseil communautaire, il convientd'appliquer la r\u00e9partition de droit commun selon les modalit\u00e9s pr\u00e9vues aux Il et VI de l'article L.5211-61 du CGCT;Sur proposition du secr\u00e9taire g\u00e9n\u00e9ral de la pr\u00e9fecture du Gard;Arr\u00eate :\nArticle 1: |] est constat\u00e9 qu'\u00e0 compter du renouvellement g\u00e9n\u00e9ral des conseils municipaux etcommunautaires des 15 et 22 mars 2026 le nombre de conseillers communautaires composantl'organe d\u00e9lib\u00e9rant de la communaut\u00e9 de communes Pays d'Uz\u00e9s est de 60 si\u00e8ges.\nPr\u00e9fecture du Gard10 avenue Feuch\u00e8res - 30 045 NIMES CEDEX 9T\u00e9l. 04 66 36 43 90www.gard.gouv.fr\nPrefecture du Gard - 30-2025-10-20-00015 - Arr\u00eat\u00e9 portant recomposition du nombre et de la r\u00e9partition des si\u00e8ges de l'organe\nd\u00e9lib\u00e9rant de la Communaut\u00e9 de Communes Pays d'Uz\u00e8s 48\nArticle 2 : La r\u00e9partition des 60 si\u00e8ges entre les communes membres au sein de l'organe d\u00e9lib\u00e9rantest fix\u00e9e comme suit :Communes Population | Si\u00e8ges Communes Population | Si\u00e8gesmunicipale municipaleUz\u00e8s 8360 15 |Argilliers 441 1Saint-Quentin-la Poterie 3110 5 La Capelle-Mas-Mol\u00e8ne 421 1Castillon-du-Gard 1681 3 Vallabrix 415 1Moussac 1564 2 Bourdic 364 1Montaren-et-Saint-M\u00e9diers 1390 2 Baron 338 1Blauzac 1228 2 Flaux 338 1Saint-Siffret 1121 2 La Brugui\u00e8re 331 1Arpaillargues-et-Aureillac 1048 2 Aubussargues 326 1Sanilhac-Sagries 832 1 Saint-Victor-des-Oules 308 1Saint-Maximin 794 1 Pougnadoresse 263 1Garrigues-Sainte-Eulalie 762 1 Fontar\u00e8ches 255 1Saint-Laurent-la Vern\u00e9de 707 1 Saint-Hippolyte-de-Montaigu 249 1Collorgues 670 1 Belvezet 235 1Serviers-et-Labaume 609 1 Fons-sur-Lussan 228 1Aigaliers 534 1 La Bastide-d'Engras 204 1Lussan 531 1 Bouquet 197 1Saint-D\u00e9z\u00e9ry 459 1 Vall\u00e9rargues 132 1Foissac 449 1 TOTAL 30894 60\nArticle 3: L'arr\u00eat\u00e9 pr\u00e9fectoraln\u00b0 DCLC-SCFI-BFLI-24-21-02-001 du 21 f\u00e9vrier 2024 portantrecomposition du conseil communautaire de la communaut\u00e9 de communes Pays d'Uz\u00e9s suite \u00e0l'adh\u00e9sion de la commune de Castillon-du-Gard est abrog\u00e9.Article 4 : Le secr\u00e9taire g\u00e9n\u00e9ral de la pr\u00e9fecture, le pr\u00e9sident de la communaut\u00e9 de communes Paysd'Uz\u00e8s, les maires de ses communes membres sont charg\u00e9s, chacun en ce qui le concerne, del'ex\u00e9cution du pr\u00e9sent arr\u00eat\u00e9, qui sera ins\u00e9r\u00e9 au recueil des actes administratifs de la pr\u00e9fecture duGard.\nN\u00eemes, le 99 OCT. 2025Le pr\u00e9fet,our le gr\u00e9fet,e s\u00e9\u00e9r\u00e9taired\u00e9n\u00e9ralrs\nLe pr\u00e9sent arr\u00eat\u00e9 peut faire l'objet d'un recours contentieux devant le tribunal administratif de N\u00eemes, dans und\u00e9lai de deux mois \u00e0 compter de sa publication. Le tribunal administratif peut \u00eatre saisi par l'applicationinformatique \"T\u00e9l\u00e9recours Citoyens\" accessible par le site internet www.telerecours.fr.\nPrefecture du Gard - 30-2025-10-20-00015 - Arr\u00eat\u00e9 portant recomposition du nombre et de la r\u00e9partition des si\u00e8ges de l'organe\nd\u00e9lib\u00e9rant de la Communaut\u00e9 de Communes Pays d'Uz\u00e8s 49\nSous Pr\u00e9fecture d'Al\u00e8s\n30-2025-10-29-00005\nAP 25-10-55 du 29 octobre 2025 portant\nprolongation de mesures temporaires sur la\nnavigation du Rh\u00f4ne conc\u00e9d\u00e9\nSous Pr\u00e9fecture d'Al\u00e8s - 30-2025-10-29-00005 - AP 25-10-55 du 29 octobre 2025 portant prolongation de mesures temporaires sur la\nnavigation du Rh\u00f4ne conc\u00e9d\u00e9 50\nVoies Navigables de FrancePREFET Direction Territoriale Rh\u00f4ne Sa\u00f4neDU GARD Unit\u00e9 Territoriale d'itin\u00e9raireLibert\u00e9 Canal du Rh\u00f4ne \u00e0 S\u00e8teEgalit\u00e9Fraternit\u00e9\nAffaire suivie par : Joseph VIOLLINT\u00e9l. : 04 90 96 91 37uti.crs-navigation@vnf.fr\nARRETE N\u00b025-10-55Portant prolongation de mesures temporaires sur la navigation du Rh\u00f4ne conc\u00e9d\u00e9En raison de travaux de cr\u00e9ation d'un poste de stationnement pour bateauxLe pr\u00e9fet du Gard,chevalier de la L\u00e9gion d'honneur,officier de l'ordre national du M\u00e9rite,\nVu le code des transports ;Vu le d\u00e9cret n\u00b02012-1556 du 28 d\u00e9cembre 2012 d\u00e9terminant la liste des mesures temporairesd'interruption ou de modification des conditions de navigation pouvant \u00eatre prises par le gestionnaire dela voie d'eau ;Vu l'arr\u00eat\u00e9 du 28 juin 2013 modifi\u00e9 portant r\u00e8glement g\u00e9n\u00e9ral de police de la navigation int\u00e9rieure envigueur;Vu l'arr\u00eat\u00e9 inter-pr\u00e9fectoral portant r\u00e8glement particulier de police de la navigation int\u00e9rieure suritin\u00e9raire Rh\u00f4ne et Sa\u00f4ne \u00e0 grand gabarit en vigueur;Vu l'arr\u00eat\u00e9 pr\u00e9fectoral n\u00b0 30-2024-10-17-00007 du 18 octobre 2024 donnant d\u00e9l\u00e9gation de signature \u00e0 M.Emile Soumbo sous-pr\u00e9fet d'Al\u00e9s ;Vu les mesures temporaires prises en premi\u00e8re instance pour moins de trente jours, par voies navigablesde France, et port\u00e9es sur l'avis \u00e0 batellerie num\u00e9rot\u00e9 FR/2025/07177 diffus\u00e9 dans ses lignes le 30septembre 2025 ;Consid\u00e9rant la n\u00e9cessit\u00e9 de prolonger, pour le bon ordre et la s\u00e9curit\u00e9 de tous, les mesures temporairespr\u00e9cit\u00e9es, dans le bras du Rh\u00f4ne dit de Villeneuve partag\u00e9 entre les territoires du Gard et de Vaucluse ;Consid\u00e9rant La comp\u00e9tence du pr\u00e9fet de d\u00e9partement pour prendre au-del\u00e0 de trente jours des mesurestemporaires sur la navigation int\u00e9rieure;Sur proposition de Monsieur le chef de l'unit\u00e9 territoriale d'itin\u00e9raire du canal du Rh\u00f4ne \u00e0 S\u00e8te des voiesnavigables de France ;\n1 Quai de la gare maritime - 13200 ArlesT\u00e9l : 04 90 96 00 85 - www.vnf.fr\nSous Pr\u00e9fecture d'Al\u00e8s - 30-2025-10-29-00005 - AP 25-10-55 du 29 octobre 2025 portant prolongation de mesures temporaires sur la\nnavigation du Rh\u00f4ne conc\u00e9d\u00e9 51\nARRETE\nArticle 1\u00b0 : Prolongation de mesures temporairesLes mesures temporaires port\u00e9es sur l'avis \u00e0 batellerie publi\u00e9 sous le num\u00e9ro FR/2025/07177 dans leslignes de voies navigables de France sont prolong\u00e9es jusqu'au 15/12/2025. Toute mesure prolong\u00e9e autitre de l'alin\u00e9a qui pr\u00e9c\u00e8de pourra \u00eatre \u00e9court\u00e9e, suspendue ou \u00e0 nouveau prolong\u00e9e, ceci par VNF sursimple demande de la CNR concessionnaire, via avis a batellerie, au besoin, successifs. Touteprolongation ult\u00e9rieure de mesures temporaires prise au titre du pr\u00e9c\u00e9dent article ne pourra d\u00e9passerl'\u00e9ch\u00e9ance du 15/01/2026.Article 2 : Publicit\u00e9Le pr\u00e9sent arr\u00eat\u00e9 prendra effet d\u00e8s sa publication au Recueil des Actes Administratifs des services del'\u00c9tat dans le d\u00e9partement du Gard, ceci jusqu'au 15/01/2026.D\u00e9s parution de l'arr\u00eat\u00e9, celui-ci sera \u00e9galement diffus\u00e9 dans les lignes de Voies Navigables de France viaavis \u00e0 la batellerie. |Article 3 : Voies de recoursLe pr\u00e9sent arr\u00eat\u00e9 peut faire l'objet d'un recours contentieux devant le tribunal administratif de N\u00eemesdans un d\u00e9lai de deux mois \u00e0 compter de sa publication, par voie postale (16, avenue Feuch\u00e8res - CS88010 - 30941 NIMES cedex 09) ou par l'interm\u00e9diaire de l'application \u00ab T\u00e9l\u00e9recours citoyen \u00bb accessiblepar le site Internet www.telerecours.fr.Article 4 : Ex\u00e9cution de l'arr\u00eat\u00e9Le. -pr\u00e9fet du Gard, Voies Navigables de France, la Compagnie Nationale du Rh\u00f4ne et la ville deVilleneuve-l\u00e8s-Avignon ma\u00eetre d'ouvrage, sont charg\u00e9s, chacun en ce qui le concerne, de l'ex\u00e9cution dupr\u00e9sent.\nFait \u00e0 Al\u00e8s, le 29 octobre 2025\n1 Quai de la gare maritime -13200 ArlesT\u00e9l : 04 90 96 00 85 - wwwwnf.fr\nSous Pr\u00e9fecture d'Al\u00e8s - 30-2025-10-29-00005 - AP 25-10-55 du 29 octobre 2025 portant prolongation de mesures temporaires sur la\nnavigation du Rh\u00f4ne conc\u00e9d\u00e9 52\nSous Pr\u00e9fecture d'Al\u00e8s - 30-2025-10-29-00005 - AP 25-10-55 du 29 octobre 2025 portant prolongation de mesures temporaires sur la\nnavigation du Rh\u00f4ne conc\u00e9d\u00e9 53\nFR/2025/071\nArles, mercredi 1 octobre 2025AVIS A LA BATELLERIE N\u00b0 FR/2025/07177Pris en application :D\u00e9cret n\u00b0 2012-1556 du 28 d\u00e9cembre 2012Travaux de tiers (Cr\u00e9ation d'un poste suppl\u00e9mentairesur la commune de Villeneuve lez Avignon)Une interdiction de stationner (sur l'embarcad\u00e8re \"lesTuilleries\" (sauf chantier)) ( tous les usagers - dans les deuxsens)- du 06/10/2025\u00e0 07:30 au 04/11/2025\u00e0 18:00o Rh\u00f4neau pk 241.740 (Embarcad\u00e8re \"les Tuilleries\")- Toute la largeur de la voieRespect de la signalisation en place (propre au chantier)( tous les usagers - dans les deux sens )du 06/10/2025 au 09/10/2025 tous les jours entre 07:30 et 18:00o Rh\u00f4neentre les pk 241.650 (Amont chantier ) et pk 241.800 (Aval chantier)- Rivedroitele 10/10/2025 de 07:30 \u00e0 12:00o Rh\u00f4neentre les pk 241.650 (Amont chantier ) et ee 241.800 (Aval chantier)- Rivedroitedu 13/10/2025 au 16/10/2025 tous les jours entre 07:30 et 18:00o Rh\u00f4neentre les pk 241.650 (Amont chantier ) et pk 241.800 (Aval chantier) - Rivedroitele 17/10/2025 de 07:30 a 12:00o Rhoneentre les pk 241.650 (Amont chantier ) et pk 241.800 (Aval chantier) - Rivedroitedu 20/10/2025 au 23/10/2025 tous les jours entre 07:30 et 18:00o Rhoneentre les pk 241.650 (Amont chantier ) et pk 241.800 (Aval chantier) - Rivedroite\nUTI Canal du Rh\u00f4ne \u00e0 S\u00e8te1. anai de la oare maritime\nSous Pr\u00e9fecture d'Al\u00e8s - 30-2025-10-29-00005 - AP 25-10-55 du 29 octobre 2025 portant prolongation de mesures temporaires sur la\nnavigation du Rh\u00f4ne conc\u00e9d\u00e9 54\nle 24/10/2025 de 07:30 a 12:00o Rh\u00f4neentre les pk 241.650 (Amont chantier ) et pk 241.800 (Aval chantier) - Rivedroitedu 27/10/2025 au 30/10/2025 tous les jours entre 07:30 et 18:00o Rh\u00f4neentre les pk 241.650 (Amont chantier ) et pk 241.800 (Aval chantier) - Rivedroitele 31/10/2025 de 07:30 a 12:00o Rh\u00f4neentre les pk 241.650 (Amont chantier ) et pk 241.800 (Aval chantier) - Rivedroitedu 03/11/2025 au 04/11/2025 tous les jours entre 07:30 et 18:00o Rh\u00f4ne .entre les pk 241.650 (Amont chantier ) et pk 241.800 (Aval chantier) - RivedroiteEviter les remous (en traversant la zone de chantier) ( tous lesusagers - dans les deux sens )- du 06/10/2025 au 09/10/2025 tous les jours entre 07:30 et 18:00o Rh\u00f4neentre les pk 241.650 (Amont chantier ) et pk 241.800 (Aval chantier ) - Rivedroitele 10/10/2025 de 07:30 a 12:00o Rh\u00f4ne .entre les pk 241.650 (Amont chantier ) et pk 241.800 (Aval chantier ) - Rivedroitedu 13/10/2025 au 16/10/2025 tous les jours entre 07:30 et 18:00 \u2014o Rh\u00f4neentre les pk 241.650 (Amont chantier ) et pk 241.800 (Aval chantier ) - Rivedroitele 17/10/2025 de 07:30 a 12:00o Rh\u00f4neentre les pk 241.650 (Amont chantier ) et pk 241.800 (Aval chantier ) - Rivedroitedu 20/10/2025 au 23/10/2025 tous les jours entre 07:30 et 18:00o Rh\u00f4neentre les pk 241.650 (Amont chantier ) et pk 241.800 (Aval chantier ) - Rivedroite |le 24/10/2025 de 07:30 \u00e0 12:00o Rh\u00f4neUTI Canal du Rh\u00f4ne \u00e0 S\u00e8te1. auai de la gare maritime\nSous Pr\u00e9fecture d'Al\u00e8s - 30-2025-10-29-00005 - AP 25-10-55 du 29 octobre 2025 portant prolongation de mesures temporaires sur la\nnavigation du Rh\u00f4ne conc\u00e9d\u00e9 55\nentre les pk 241.650 (Amont chantier ) et pk 241.800 (Aval chantier ) - Rivedroite- du 27/10/2025 au 30/10/2025 tous les jours entre 07:30 et 18:00o Rh\u00f4neentre les pk 241.650 (Amont chantier ) et pk 241.800 (Aval chantier ) - Rivedroite- le 31/10/2025 de 07:30 a 12:00o Rh\u00f4neentre les pk 241.650 (Amont chantier ) et pk 241.800 (Aval chantier ) - Rivedroite- du 03/11/2025 au 04/11/2025 tous les jours entre 07:30 et 18:00o Rh\u00f4neentre les pk 241.650 (Amont chantier ) et pk 241.800 (Aval chantier ) - RivedroitePrudence \u00e0 l'approche du chantier ( tous les usagers - dans lesdeux sens )du 06/10/2025 au 09/10/2025 tous les jours entre 07:30 et 18:00o Rh\u00f4neentre les pk 241.650 (Amont chantier ) et pk 241.800 (Aval chantier ) - Rivedroitele 10/10/2025 de 07:30 \u00e0 12:00o Rh\u00f4neentre les pk 241.650 (Amont chantier ) et pk 241.800 (Aval chantier ) - Rivedroitedu 13/10/2025 au 16/10/2025 tous les jours entre 07:30 et 18:00o Rh\u00f4neentre les pk 241.650 (Amont chantier ) et pk 241.800 (Aval chantier ) - Rivedroitele 17/10/2025 de 07:30 a 12:00o Rh\u00f4ne |entre les pk 241.650 (Amont chantier ) et pk 241.800 (Aval chantier ) - Rivedroitedu 20/10/2025 au 23/10/2025 tous les jours entre 07:30 et 18:00o Rh\u00f4neentre les pk 241.650 (Amont chantier ) et pk 241.800 (Aval chantier ) - Rivedroitele 24/10/2025 de 07:30 a 12:00o Rh\u00f4neentre les pk 241.650 (Amont chantier ) et pk 241.800 (Aval chantier ) - RivedroiteUTI Canal du Rh\u00f4ne \u00e0 S\u00e8te1 anai de la care maritime\nSous Pr\u00e9fecture d'Al\u00e8s - 30-2025-10-29-00005 - AP 25-10-55 du 29 octobre 2025 portant prolongation de mesures temporaires sur la\nnavigation du Rh\u00f4ne conc\u00e9d\u00e9 56\n- du 27/10/2025 au 30/10/2025 tous les jours entre 07:30 et 18:00o Rh\u00f4ne |entre les pk 241.650 (Amont chantier ) et pk 241.800 (Aval chantier ) - Rivedroite- le 31/10/2025 de 07:30 \u00e0 12:00o Rh\u00f4neentre les pk 241.650 (Amont chantier ) et pk 241.800 (Aval chantier ) - Rivedroite- du 03/11/2025 au 04/11/2025 tous les jours entre 07:30 et 18:00o Rh\u00f4neentre les pk 241.650 (Amont chantier ) et pk 241.800 (Aval chantier ) - Rivedroite ...\nCommentaire :Les usagers de la voie d'eau sont inform\u00e9s qu'un ponton-grue, avec pousseur et des pontons flottants seront pr\u00e8sentau niveau de l'embarcad\u00e8re \"les Tuilleries\" sur la commune de Villeneuve lez Avignon.Il est demand\u00e9 aux usagers de la voie d'eau de respecter les mesures pr\u00e9cit\u00e9es.Il est interdit de stationner sur l'embarcad\u00e8re \"Les Tuilleries\" pendant toute la dur\u00e9e du chantier (sauf moyens duchantier).Une veille sera r\u00e9alis\u00e9e par l'entreprise op\u00e9ratrice sur les canaux VHF d\u00e9di\u00e9s, pour tout dysfonctionnement de laVHF, les coordonn\u00e9es du chef de chantier sont : 06.70.70.94.48 (Mr POMMIER Jean-Baptiste). |\nDes pi\u00e8ces jointes sont attach\u00e9es \u00e0 cet avis. Vous pouvez les consulter sur notre site internet (www.vnf.fr)Service(s) \u00e0 contacter :CNR, 2 rue Andr\u00e9 Bonin, 69316 LYON Cedex 04T\u00e9l : 0472006969 - Fax : 0478299617Date limite d'affichage :05/11/2025\nPar d\u00e9l\u00e9gation\nJoseph VIOLLIN\nUTI Canal du Rh\u00f4ne \u00e0 S\u00e8te1 anai de la gare maritime\nSous Pr\u00e9fecture d'Al\u00e8s - 30-2025-10-29-00005 - AP 25-10-55 du 29 octobre 2025 portant prolongation de mesures temporaires sur la\nnavigation du Rh\u00f4ne conc\u00e9d\u00e9 57\nSous Pr\u00e9fecture d'Al\u00e8s\n30-2025-10-28-00004\nAR Habilitation 25-10-02 du 28-10-25 JOUANEN\nAIGOIN\nSous Pr\u00e9fecture d'Al\u00e8s - 30-2025-10-28-00004 - AR Habilitation 25-10-02 du 28-10-25 JOUANEN AIGOIN 58\nSous-pr\u00e9fecture d'AlesL E Bureau de la r\u00e9glementation Fun\u00e9raire et des associationsPREFET Service d\u00e9partemental du fun\u00e9raireDU GARDLibert\u00e9Egalit\u00e9Fraternit\u00e9Arr\u00eat\u00e9 n\u00b0 25-10-05portant renouvellement d'habilitation dans le domaine fun\u00e9raire pour une dur\u00e9e de 5 ans\nLe pr\u00e9fet du Gard,chevalier de la L\u00e9gion d'honneur, officier de l'Ordre national du M\u00e9rite\nVu le code g\u00e9n\u00e9ral des collectivit\u00e9s territoriales, notamment les articles L. 2223-19 et suivants;Vu l'arr\u00eat\u00e9 pr\u00e9fectoral n\u00b0 30-2024-10-18-00007 du 18 octobre 2024 donnant d\u00e9l\u00e9gation designature \u00e0 Monsieur Emile SOUMBO, sous-pr\u00e9fet de l'arrondissement d'Al\u00e8s ;Vu l'arr\u00eat\u00e9 pr\u00e9fectoral n 20-11-44 du 26 novembre 2020 portant habilitation dans le domainefun\u00e9raire sous le n\u00b0 20-30-0047 pour une dur\u00e9e de 5 ans, \u00e0 la SAS AMBULANCES, TAXI, VSL ETPOMPES FUNEBRES DES GARDONS a l'enseigne \u00ab AMBULANCES JOUANEN-AIGOIN \u00bb, pour son\u00e9tablissement principal sise 87 Grand-rue a Saint-Jean-du-Gard (30270), siretn\u00b0 : 388 499 741 00014 dirig\u00e9e par M. Bernard ABRANE;Vu la demande de renouvellement d'habilitation dans le domaine fun\u00e9raire formul\u00e9 par M.Bernard ABRANE ;Vu l'extrait Kbis de la soci\u00e9t\u00e9, \u00e0 jour en date du 3 septembre 2025 ;Consid\u00e9rant que l'habilitation n\u00b0 20-30-0047 arrive \u00e0 \u00e9ch\u00e9ance \u00e0 la date du 26/11/2025;Consid\u00e9rant que la demande de renouvellement est constitu\u00e9e conform\u00e9ment \u00e0 lar\u00e9glementation en vigueur ;sur proposition du sous-pr\u00e9fet d'Al\u00e8s ; ARR\u00caTEArticle 1*: La SAS AMBULANCES, TAXI, VSL ET POMPES FUNEBRES DES GARDONS \u00e0l'enseigne \u00abAMBULANCES JOUANEN-AIGOIN \u00bb, pour son \u00e9tablissementprincipal sise 87 Grand-rue \u00e0 Saint-Jean-du-Gard (30270), siretn\u00b0 : 388 499 741 00014 dirig\u00e9e par M. Bernard ABRANE, pr\u00e9sident, est habilit\u00e9epour exercer sur l'ensemble du territoire national, les activit\u00e9s fun\u00e9rairessuivantes:- transport de corps avant et apr\u00e8s mise en bi\u00e8re (activit\u00e9 sous-trait\u00e9e),- organisation des obs\u00e8ques,- fourniture des housses, des cercueils et de leurs accessoires int\u00e9rieurs et ext\u00e9rieursainsi que des urnes cin\u00e9raires,- fourniture de corbillards et de voitures de deuils,- fourniture de personnel, objets et prestations n\u00e9cessaires aux obs\u00e8ques,inhumations, exhumations et cr\u00e9mations (activit\u00e9 sous-trait\u00e9e).\nSOUS-PREFECTURE d'AL\u00c8S \u2014 3 boulevard Louis Blanc \u2014 - 30100 ALES \u2014 T\u00e9l,: 04.66.56.39.39 \u2014 www.gard.gouv.fr\nSous Pr\u00e9fecture d'Al\u00e8s - 30-2025-10-28-00004 - AR Habilitation 25-10-02 du 28-10-25 JOUANEN AIGOIN 59\nArticle2: L'op\u00e9rateur fun\u00e9raire d\u00e9clare, dans le cadre d'un contrat de sous-traitance,confier les prestations fun\u00e9raires suivantes :- transport de corps avant et apr\u00e8s mise en bi\u00e8re,- fourniture de personnel habilit\u00e9 et de prestations n\u00e9cessaires aux obs\u00e8ques,inhumations, exhumations et cr\u00e9mations.\u00e0 l'entreprise d\u00fbment habilit\u00e9e BDE \u00e0 l'enseigne \u00abPompes Fun\u00e8bresBANCAREL \u00bb dont le si\u00e8ge est situ\u00e9 \u00e0 Mireval (34) ;Article3: Les prestations de transport de corps apr\u00e9s mise en bi\u00e9re se font au moyen desv\u00e9hicules immatricul\u00e9s sous les num\u00e9rosAG-636-LB et AG-656-LB.Article 4: Le num\u00e9ro d'habilitation est : 25-30-0047.Article5: La dur\u00e9e de la pr\u00e9sente habilitation est fix\u00e9e pour une dur\u00e9e de 5 ans, soitjusqu'au : 27/11/2030.Article 6: La pr\u00e9sente habilitation peut \u00eatre retir\u00e9e ou suspendue pour une ou plusieursactivit\u00e9s pour l'un des motifs pr\u00e9vus par l'article L.2223-25 du code g\u00e9n\u00e9ral descollectivit\u00e9s territoriales.Article7: Le sous-pr\u00e9fet d'Al\u00e9s est charg\u00e9 de l'ex\u00e9cution du pr\u00e9sent arr\u00eat\u00e9 dont unexemplaire est notifi\u00e9 \u00e0 l'int\u00e9ress\u00e9 et ins\u00e9r\u00e9 au recueil des actes administratifs(RAA) de la pr\u00e9fecture du Gard.Al\u00e8s, le 28 octobre 2025\nN\u00b0 d'insertion au RAA :Voies et d\u00e9lais de recours :La pr\u00e9sente d\u00e9cision peut faire l'objet d'un recours administratif aupr\u00e8s de l'autorit\u00e9 qui l'a d\u00e9livr\u00e9e ouaupr\u00e8s du tribunal administratif de N\u00eemes, dans un d\u00e9lai de deux mois \u00e0 compter de sa notification pourl'int\u00e9ress\u00e9 et de sa publication pour les tiers.\nSous Pr\u00e9fecture d'Al\u00e8s - 30-2025-10-28-00004 - AR Habilitation 25-10-02 du 28-10-25 JOUANEN AIGOIN 60\nSous Pr\u00e9fecture d'Al\u00e8s\n30-2025-10-30-00002\nArr\u00eat\u00e9 n\u00b0 2025-30-10-001 du 30 octobre 2025\nportant liquidation du syndicat mixte\nd'am\u00e9nagement et de gestion du Gardon d'Al\u00e8s\n(SMAGGA)\nSous Pr\u00e9fecture d'Al\u00e8s - 30-2025-10-30-00002 - Arr\u00eat\u00e9 n\u00b0 2025-30-10-001 du 30 octobre 2025 portant liquidation du syndicat mixte\nd'am\u00e9nagement et de gestion du Gardon d'Al\u00e8s (SMAGGA) 61\nz = | Sous-pr\u00e9fecture d'Al\u00e9sPREFET Bureau des collectivit\u00e9s territorialesDU GARD 'pala | et du d\u00e9veloppement localBaie Arr\u00eat\u00e9 n\u00b0 2025-30-10- 20 7Portant liquidation du syndicat mixted'am\u00e9nagement et de gestion du Gardon d'Ales (SMAGGA)Le pr\u00e9fet du GardChevalier de la l\u00e9gion d'Honneur,Officier de l'ordre national du M\u00e9riteVu le code g\u00e9n\u00e9ral des collectivit\u00e9s territoriales, notamment les articles L.5211-25-1, L.5211-26 etL.5721-7;Vu l'arr\u00eat\u00e9 pr\u00e9fectoral du 10 d\u00e9cembre 1990 modifi\u00e9 portant cr\u00e9ation du syndicat mixted'am\u00e9nagement et de gestion du Gardon d'Al\u00e9s (SMAGGA) ;Vu l'article 4 des statuts du SMAGGA qui pr\u00e9voit que \u00ab le syndicat est institu\u00e9 jusqu'au 31 d\u00e9cembre2079 \u00bb;Vu l'arr\u00eat\u00e9 pr\u00e9fectoral n\u00b0 30-2019-12-23-004 en date du 23 d\u00e9cembre 2019 mettant fin \u00e0 l'exercice descomp\u00e9tences du SMAGGA ;Vu l'arr\u00eat\u00e9 pr\u00e9fectoral N\u00b0 30-2025-12-05-001 du 12 mai 2025 portant dissolution de l'ASA de d\u00e9fensedes rives du Gardon de Saint-Christol-lez-Al\u00e8s ;Vu le d\u00e9cret du 13 juillet 2023 nommant M. J\u00e9r\u00f4me BONET, pr\u00e9fet du Gard.Vu la d\u00e9lib\u00e9ration du SMAGGA en date du 9 mai 2019 se pronon\u00e7ant sur la r\u00e9partition de son actif etde son passif;Vu la d\u00e9lib\u00e9ration de la communaut\u00e9 d'agglom\u00e9ration Al\u00e8s Agglom\u00e9ration n\u00b0 C2019-06-23 en date du20 juin 2019 se pronon\u00e7ant en faveur de la dissolution du SMAGGA et sur la r\u00e9partition de son actif etde son passif; |Consid\u00e9rant que les membres du SMAGGA sont parvenus \u00e0 un accord sur les modalit\u00e9s de r\u00e9partitionde l'actif et du passif du syndicat et qu'il y a lieu d'en donner acte en application de l'article L. 5211-26du CGCT;Sur proposition du sous-pr\u00e9fet d'Ale\u00e9s ; Arr\u00eate :Article 1: syndicat mixte d'am\u00e9nagement et de gestion du Gardon d'Al\u00e8s (SMAGGA) est dissout \u00e0 ladate du pr\u00e9sent arr\u00eat\u00e9.Article 2: En l'absence de dette et de personnel, le fonds de tr\u00e9sorerie du SMAGGA et tous ses\u00e9l\u00e9ments d'actif seront revers\u00e9s \u00e0 l'association syndicale autoris\u00e9e (ASA) de d\u00e9fense des rives duGardon \u00e0 V\u00e9z\u00e9nobres. :Article 3 : Le secr\u00e9taire g\u00e9n\u00e9ral de la pr\u00e9fecture, le directeur d\u00e9partemental des territoires et de la merdu Gard, la directrice d\u00e9partementale des finances publiques du Gard, le pr\u00e9sident du syndicat mixted'am\u00e9nagement et de gestion du Gardon d'Al\u00e8s (SMAGGA), le pr\u00e9sident de la communaut\u00e9d'agglom\u00e9ration Al\u00e8s Agglom\u00e9ration et le pr\u00e9sident l'association syndicale autoris\u00e9e (ASA) de d\u00e9fensedes rives du Gardon a V\u00e9z\u00e9nobres sont charg\u00e9s, chacun en ce qui le concerne, de l'ex\u00e9cution dupr\u00e9sent arr\u00eat\u00e9. N\u00eemes, le 30 OCT. 2025Le pr\u00e9fet,=,\nSous Pr\u00e9fecture d'Al\u00e8s - 30-2025-10-30-00002 - Arr\u00eat\u00e9 n\u00b0 2025-30-10-001 du 30 octobre 2025 portant liquidation du syndicat mixte\nd'am\u00e9nagement et de gestion du Gardon d'Al\u00e8s (SMAGGA) 62","date":"2025-10-31","first_seen_on":"2025-10-31T15:24:02+00:00","id":"124c2dfc39cb1f30aac2817e93205bc692a3dbc8b7404278908ceb2fce1848ef","name":"recueil-30-2025-196-special du 31 10 2025","pdf_creation_date":"2025-10-31T15:11:51+00:00","pdf_modification_date":null,"timezone":"Europe/Paris","url":"https://www.gard.gouv.fr/contenu/telechargement/65894/484641/file/recueil-30-2025-196-special%20du%2031%2010%202025.pdf"}
