{"administration":"pref50","administration_name":"Pr\u00e9fecture de la Manche","content":"RECUEIL DES ACTES\nADMINISTRATIFS\nDE LA MANCHE\nDOCUMENTATION\nET\nINFORMATIONS\nAVRIL 2023\nNUMERO SPECIAL N\u00b0 27\nLe contenu int\u00e9gral des textes et/ou les documents et plans annex\u00e9s\npeut \u00eatre consult\u00e9 aupr\u00e8s du service sous le timbre duquel la publication\nest r\u00e9alis\u00e9e et sur le site Internet de la pr\u00e9fecture :\nhttp://www.manche.gouv.fr\nRubrique : Publications - Annonces et avis - Recueil des actes administratifs\n\nS O M M A I R E\nCABINET DU PREFET...............................................................................................................................................................................................2\nArr\u00eat\u00e9 du 6 mars 2023 portant renouvellement de l'agr\u00e9ment d'un \u00e9tablissement de la conduite des v\u00e9hicules terrestres \u00e0 moteur et de \nla s\u00e9curit\u00e9 routi\u00e8re - AUTO \u00c9COLE OBJECTIF PLUS (VALOGNES)........................................................................................................................2\nArr\u00eat\u00e9 du 6 mars 2023 portant renouvellement de l'agr\u00e9ment d'un \u00e9tablissement de la conduite des v\u00e9hicules terrestres \u00e0 moteur et de \nla s\u00e9curit\u00e9 routi\u00e8re - AUTO \u00c9COLE MONTEMBAULT (AVRANCHES)......................................................................................................................2\nArr\u00eat\u00e9 du 6 mars 2023 portant renouvellement de l'agr\u00e9ment d'un \u00e9tablissement de la conduite des v\u00e9hicules terrestres \u00e0 moteur et de \nla s\u00e9curit\u00e9 routi\u00e8re - AUTO \u00c9COLE MONTEMBAULT (LA HAYE-PESNEL).............................................................................................................2\nArr\u00eat\u00e9 du 6 mars 2023 portant renouvellement de l'agr\u00e9ment d'un \u00e9tablissement de la conduite des v\u00e9hicules terrestres \u00e0 moteur et de \nla s\u00e9curit\u00e9 routi\u00e8re - AUTO \u00c9COLE MONTEMBAULT (SAINT-JAMES)....................................................................................................................3\nArr\u00eat\u00e9 du 29 mars 2023 portant prorogation du mandat des membres du conseil d\u00e9partemental de la Manche pour les anciens \ncombattants et victimes de guerre et la m\u00e9moire de la Nation...................................................................................................................................3\nArr\u00eat\u00e9 du 5 avril 2023 instaurant un p\u00e9rim\u00e8tre de protection aux abords de la commune du Mont-Saint-Michel..................................................3\nDIRECTION DEPARTEMENTALE DES TERRITOIRES ET DE LA MER.................................................................................................................5\nArr\u00eat\u00e9 modificatif n\u00b0 DDTM - 2023-DDTM-SE-0035 du 8 mars 2023 portant modification de l'arr\u00eat\u00e9 n\u00b0 DDTM-SE-0018 du 24 d\u00e9cembre\n2021 portant autorisation environnementale pour le d\u00e9placement de la prise d'eau du Pont de la D\u00eeme et l'extension de la capacit\u00e9 de \npr\u00e9l\u00e8vement sur la Sienne \u00e0 Sainte-C\u00e9cile.................................................................................................................................................................5\nArr\u00eat\u00e9 n\u00b0 DDTM-SH-2023-020 du 31 mars 2023 relatif a l'autorisation de mise a disposition de logements sociaux pour le centre \nhospitalier public du Cotentin et d\u00e9rogation aux plafonds de ressources pour l'attribution de logements sociaux....................................................5\n\uf0bf\nCABINET DU PREFET\nArr\u00eat\u00e9 du 6 mars 2023 portant renouvellement de l'agr\u00e9ment d'un \u00e9tablissement de la conduite des v\u00e9hicules terrestres \u00e0 moteur et\nde la s\u00e9curit\u00e9 routi\u00e8re - AUTO \u00c9COLE OBJECTIF PLUS (VALOGNES)\nArt. 1  : L'agr\u00e9ment num\u00e9ro E 18 050 0001 0, pour exploiter un \u00e9tablissement d'enseignement \u00e0 titre on\u00e9reux, la conduite des v\u00e9hicules \u00e0\nmoteur et la s\u00e9curit\u00e9 routi\u00e8re, d\u00e9nomm\u00e9 AUTO \u00c9COLE OBJECTIF PLUS situ\u00e9 6, Rue des Religieuses 50700 VALOGNES, est renouvel\u00e9 pour\nune p\u00e9riode de cinq ans \u00e0 compter du 14/02/2023..\nArt. 2 : Cet agr\u00e9ment pourra faire l'objet d'un nouveau renouvellement pr\u00e9sent\u00e9 au moins  deux mois avant l'expiration.\nArt. 3  : L'\u00e9tablissement est habilit\u00e9, au vu des autorisations d'enseigner fournies, \u00e0 dispenser les formations aux cat\u00e9gories de permis de\nsuivantes : \n- AM \u2013 AAC - A1 -  A2 \u2013 A \u2013 B - B1 \u2013 B96 \u2013 BE.\nArt. 4: Le pr\u00e9sent arr\u00eat\u00e9 n'est valable que pour l'exploitation d'un \u00e9tablissement, \u00e0 titre personnel par son titulaire, sous r\u00e9serve de l'application\ndes prescriptions de l'arr\u00eat\u00e9 minist\u00e9riel du 8 janvier 2001 susvis\u00e9.\nArt. 5  : Pour  tout  changement  d'adresse du local d'activit\u00e9 ou toute reprise de ce local par un autre exploitant,  une nouvelle demande\nd'agr\u00e9ment d'exploiter devra \u00eatre pr\u00e9sent\u00e9e 2 mois avant la date du changement ou de la reprise.\nArt. 6  :  Pour toute transformation du local d'activit\u00e9, tout changement de directeur p\u00e9dagogique, tout abandon ou toute extension d'une\nformation, l'exploitant est tenu d'adresser une demande de modification du pr\u00e9sent arr\u00eat\u00e9.\nArt. 7 : Le nombre de personnes  susceptibles  d'\u00eatre admises  simultan\u00e9ment  dans  l'\u00e9tablissement,  y compris l'enseignant,  est  fix\u00e9 \u00e0 19\npersonnes.\nArt. 8 : L'agr\u00e9ment peut \u00eatre \u00e0 tout moment suspendu ou retir\u00e9 selon les conditions fix\u00e9es par les articles 12 \u00e0 14 de l'arr\u00eat\u00e9 minist\u00e9riel du 8\njanvier 2001 susvis\u00e9.\nSign\u00e9 : Pour le Pr\u00e9fet, le Directeur de cabinet : Fran\u00e7ois FLAHAUT\n\uf0bf\nArr\u00eat\u00e9 du 6 mars 2023 portant renouvellement de l'agr\u00e9ment d'un \u00e9tablissement de la conduite des v\u00e9hicules terrestres \u00e0 moteur et\nde la s\u00e9curit\u00e9 routi\u00e8re - AUTO \u00c9COLE MONTEMBAULT (AVRANCHES)\nArt. 1     :   L'agr\u00e9ment num\u00e9ro E 08 050 0513 0, pour exploiter un \u00e9tablissement d'enseignement \u00e0 titre on\u00e9reux, la conduite des v\u00e9hicules \u00e0 \nmoteur et la s\u00e9curit\u00e9 routi\u00e8re, d\u00e9nomm\u00e9 AUTO \u00c9COLE MONTEMBAULT situ\u00e9 15, rue Division Leclerc 50300 AVRANCHES, est renouvel\u00e9 \npour une p\u00e9riode de cinq ans \u00e0 compter du 27/02/2023.\nArt. 2     :  Cet agr\u00e9ment pourra faire l'objet d'un nouveau renouvellement pr\u00e9sent\u00e9 au moins  deux mois avant l'expiration.\nArt. 3     :   L'\u00e9tablissement est habilit\u00e9, au vu des autorisations d'enseigner fournies, \u00e0 dispenser les formations aux cat\u00e9gories de permis de \nsuivantes : \n- AM \u2013 AAC - A1 -  A2 \u2013 A \u2013 B - B1 \u2013 B96.\nArt. 4     :   Le pr\u00e9sent arr\u00eat\u00e9 n'est valable que pour l'exploitation d'un \u00e9tablissement, \u00e0 titre personnel par son titulaire, sous r\u00e9serve de l'application \ndes prescriptions de l'arr\u00eat\u00e9 minist\u00e9riel du 8 janvier 2001 susvis\u00e9.\nArt. 5     :   Pour tout changement d'adresse du local d'activit\u00e9 ou toute reprise de ce local par un autre exploitant, une nouvelle demande \nd'agr\u00e9ment d'exploiter devra \u00eatre pr\u00e9sent\u00e9e 2 mois avant la date du changement ou de la reprise.\nArt. 6     :   Pour toute transformation du local d'activit\u00e9, tout changement de directeur p\u00e9dagogique, tout abandon ou toute extension d'une \nformation, l'exploitant est tenu d'adresser une demande de modification du pr\u00e9sent arr\u00eat\u00e9.\nArt. 7 : Le nombre de personnes susceptibles d'\u00eatre admises simultan\u00e9ment dans l'\u00e9tablissement, y compris l'enseignant, est fix\u00e9 \u00e0 19 \npersonnes.\nArt. 8 : L'agr\u00e9ment peut \u00eatre \u00e0 tout moment suspendu ou retir\u00e9 selon les conditions fix\u00e9es par les articles 12 \u00e0 14 de l'arr\u00eat\u00e9 minist\u00e9riel du 8 \njanvier 2001 susvis\u00e9.\nArt. 9 : L'arr\u00eat\u00e9 du 20 mars 2018 portant renouvellement d'un \u00e9tablissement d'enseignement \u00e0 titre on\u00e9reux, la conduite des v\u00e9hicules \u00e0 moteur\net la s\u00e9curit\u00e9 routi\u00e8re est abrog\u00e9.\nSign\u00e9 : Pour le Pr\u00e9fet, le Directeur de cabinet : Fran\u00e7ois FLAHAUT\n\uf0bf\nArr\u00eat\u00e9 du 6 mars 2023 portant renouvellement de l'agr\u00e9ment d'un \u00e9tablissement de la conduite des v\u00e9hicules terrestres \u00e0 moteur et\nde la s\u00e9curit\u00e9 routi\u00e8re - AUTO \u00c9COLE MONTEMBAULT (LA HAYE-PESNEL)\nArt. 1 : L'agr\u00e9ment num\u00e9ro E 08 050 0514 0, pour exploiter un \u00e9tablissement d'enseignement \u00e0 titre on\u00e9reux, la conduite des v\u00e9hicules \u00e0 \nmoteur et la s\u00e9curit\u00e9 routi\u00e8re, d\u00e9nomm\u00e9 AUTO \u00c9COLE MONTEMBAULT situ\u00e9 3, Rue de la Lib\u00e9ration 50320 LA HAYE PESNEL, est renouvel\u00e9 \npour une p\u00e9riode de cinq ans \u00e0 compter du 27/02/2023.\nArt. 2 : Cet agr\u00e9ment pourra faire l'objet d'un nouveau renouvellement pr\u00e9sent\u00e9 au moins  deux mois avant l'expiration.\nArt. 3 : L'\u00e9tablissement est habilit\u00e9, au vu des autorisations d'enseigner fournies, \u00e0 dispenser les formations aux cat\u00e9gories de permis de \nsuivantes : \n- AM \u2013 AAC - A1 -  A2 \u2013 A \u2013 B - B1 \u2013 B96.\nArt. 4 : Le pr\u00e9sent arr\u00eat\u00e9 n'est valable que pour l'exploitation d'un \u00e9tablissement, \u00e0 titre personnel par son titulaire, sous r\u00e9serve de l'application \ndes prescriptions de l'arr\u00eat\u00e9 minist\u00e9riel du 8 janvier 2001 susvis\u00e9.\nArt. 5 : Pour tout changement d'adresse du local d'activit\u00e9 ou toute reprise de ce local par un autre exploitant, une nouvelle demande \nd'agr\u00e9ment d'exploiter devra \u00eatre pr\u00e9sent\u00e9e 2 mois avant la date du changement ou de la reprise.\nArt. 6 : Pour toute transformation du local d'activit\u00e9, tout changement de directeur p\u00e9dagogique, tout abandon ou toute extension d'une \nformation, l'exploitant est tenu d'adresser une demande de modification du pr\u00e9sent arr\u00eat\u00e9.\nArt. 7 : Le nombre de personnes susceptibles d'\u00eatre admises simultan\u00e9ment dans l'\u00e9tablissement, y compris l'enseignant, est fix\u00e9 \u00e0 19 \npersonnes.\nArt. 8 : L'agr\u00e9ment peut \u00eatre \u00e0 tout moment suspendu ou retir\u00e9 selon les conditions fix\u00e9es par les articles 12 \u00e0 14 de l'arr\u00eat\u00e9 minist\u00e9riel du 8 \njanvier 2001 susvis\u00e9.\nArt. 9 : L'arr\u00eat\u00e9 du 20 mars 2018 portant renouvellement d'un \u00e9tablissement  d'enseignement, \u00e0 titre on\u00e9reux, de la conduite des v\u00e9hicules \u00e0 \nmoteur et la s\u00e9curit\u00e9 routi\u00e8re est abrog\u00e9.\nSign\u00e9 : Pour le Pr\u00e9fet, le Directeur de cabinet : Fran\u00e7ois FLAHAUT\n\uf0bf\nArr\u00eat\u00e9 du 6 mars 2023 portant renouvellement de l'agr\u00e9ment d'un \u00e9tablissement de la conduite des v\u00e9hicules terrestres \u00e0 moteur et\nde la s\u00e9curit\u00e9 routi\u00e8re - AUTO \u00c9COLE MONTEMBAULT (SAINT-JAMES)\nArt. 1 :  L'agr\u00e9ment num\u00e9ro E 08 050 0515 0, pour exploiter un \u00e9tablissement d'enseignement \u00e0 titre on\u00e9reux, la conduite des v\u00e9hicules \u00e0 \nmoteur et la s\u00e9curit\u00e9 routi\u00e8re, d\u00e9nomm\u00e9 AUTO \u00c9COLE MONTEMBAULT situ\u00e9 5, Rue du G\u00e9n\u00e9ral de Gaulle 50240 SAINT JAMES, est \nrenouvel\u00e9 pour une p\u00e9riode de cinq ans \u00e0 compter du 27/02/2023.\nArt. 2 : Cet agr\u00e9ment pourra faire l'objet d'un nouveau renouvellement pr\u00e9sent\u00e9 au moins  deux mois avant l'expiration.\nArt. 3 :  L'\u00e9tablissement est habilit\u00e9, au vu des autorisations d'enseigner fournies, \u00e0 dispenser les formations aux cat\u00e9gories de permis de \nsuivantes : \n- AM \u2013 AAC - A1 -  A2 \u2013 A \u2013 B - B1 \u2013 B96.\nArt. 4 : Le pr\u00e9sent arr\u00eat\u00e9 n'est valable que pour l'exploitation d'un \u00e9tablissement, \u00e0 titre personnel par son titulaire, sous r\u00e9serve de l'application \ndes prescriptions de l'arr\u00eat\u00e9 minist\u00e9riel du 8 janvier 2001 susvis\u00e9.\nArt. 5: Pour tout changement d'adresse du local d'activit\u00e9 ou toute reprise de ce local par un autre exploitant, une nouvelle demande \nd'agr\u00e9ment d'exploiter devra \u00eatre pr\u00e9sent\u00e9e 2 mois avant la date du changement ou de la reprise.\nArt. 6 : Pour toute transformation du local d'activit\u00e9, tout changement de directeur p\u00e9dagogique, tout abandon ou toute extension d'une \nformation, l'exploitant est tenu d'adresser une demande de modification du pr\u00e9sent arr\u00eat\u00e9.\nArt. 7 : Le nombre de personnes susceptibles d'\u00eatre admises simultan\u00e9ment dans l'\u00e9tablissement, y compris l'enseignant, est fix\u00e9 \u00e0 19 \npersonnes.\nArt. 8 : L'agr\u00e9ment peut \u00eatre \u00e0 tout moment suspendu ou retir\u00e9 selon les conditions fix\u00e9es par les articles 12 \u00e0 14 de l'arr\u00eat\u00e9 minist\u00e9riel du 8 \njanvier 2001 susvis\u00e9.\nArt. 9 : L'arr\u00eat\u00e9 du 20 mars 2018 portant renouvellement d'un \u00e9tablissement  d'enseignement, \u00e0 titre on\u00e9reux, de la conduite des v\u00e9hicules \u00e0 \nmoteur et la s\u00e9curit\u00e9 routi\u00e8re est abrog\u00e9.\nSign\u00e9 : Pour le Pr\u00e9fet, le Directeur de cabinet : Fran\u00e7ois FLAHAUT\n\uf0bf\nArr\u00eat\u00e9 du 29 mars 2023 portant prorogation du mandat des membres du conseil d\u00e9partemental de la Manche pour les anciens\ncombattants et victimes de guerre et la m\u00e9moire de la Nation\nArt, 1 : La validit\u00e9 du mandat des membres du conseil d\u00e9partemental de la Manche pour les anciens combattants et victimes de guerre et la\nm\u00e9moire de la Nation est prorog\u00e9e jusqu'au renouvellement du conseil d'administration de l'Office national des combattants et victimes de\nguerre, pr\u00e9vu en 2024.\nSign\u00e9 : Le Pr\u00e9fet : Fr\u00e9d\u00e9ric PERISSAT\n\uf0bf\nArr\u00eat\u00e9 du 5 avril 2023 instaurant un p\u00e9rim\u00e8tre de protection aux abords de la commune du Mont-Saint-Michel\nConsid\u00e9rant qu'en application de l'article L. 226-1 du Code de la s\u00e9curit\u00e9 int\u00e9rieure, \u00ab  afin d'assurer la s\u00e9curit\u00e9 d'un lieu ou d'un \u00e9v\u00e9nement\nexpos\u00e9  \u00e0 un risque  d'actes  de terrorisme \u00e0 raison de sa nature  et  de l'ampleur  de sa fr\u00e9quentation,  le repr\u00e9sentant  de l'Etat  dans  le\nd\u00e9partement ou, \u00e0 Paris, le pr\u00e9fet de police peut instituer par arr\u00eat\u00e9 motiv\u00e9 un p\u00e9rim\u00e8tre de protection au sein duquel l'acc\u00e8s et la circulation\ndes personnes sont r\u00e9glement\u00e9s. \u00bb ;\nConsid\u00e9rant la pr\u00e9gnance de menace terroriste sur le territoire national, et notamment sur les sites tr\u00e8s fr\u00e9quent\u00e9s attirant un public touristique\n\u00e0 la fois local et international, et sur les lieux \u00e0 forte symbolique religieuse chr\u00e9tienne, dont le Mont-Saint-Michel fait partie ;\nConsid\u00e9rant que le Mont-Saint-Michel est l'un des principaux sites touristiques fran\u00e7ais et qu'il accueille chaque ann\u00e9e environ 2,5 millions de\npersonnes ;\nConsid\u00e9rant que l'importance de la symbolique religieuse du Mont-Saint-Michel et de son abbaye l'expose \u00e0 un risque d'actes de terrorisme ;\nConsid\u00e9rant que les vacances scolaires et les temps forts de l'ann\u00e9e liturgique entra\u00eenent une forte hausse de la fr\u00e9quentation touristique ;\nConsid\u00e9rant que durant les vacances scolaires de printemps et les temps forts de la semaine pascale, du 6 avril au 8 mai 2023 inclus, ainsi que\ndu 15 au 31 mai 2023 inclus, p\u00e9riode comprenant le pont de l'Ascension et le week-end de la Pentec\u00f4te, il y a lieu d'instaurer un p\u00e9rim\u00e8tre de\nprotection aux abords du Mont-Saint-Michel aux fins de pr\u00e9vention d'un acte de terrorisme  ; que compte tenu de la topographie des lieux, ce\np\u00e9rim\u00e8tre doit englober l'ensemble du Mont-Saint-Michel intra-muros et de l'esplanade devant l'entr\u00e9e, de la passerelle, et une partie de la baie\naux abords imm\u00e9diats du Mont et de la passerelle, ainsi que le site de \u00ab  la Caserne \u00bb, conform\u00e9ment au plan en annexe. Ces lieux \u00e9tant les\nseuls acc\u00e8s possibles au Mont-Saint-Michel.\nConsid\u00e9rant qu'il y a lieu d'autoriser les agents de la police municipale du Mont-Saint-Michel \u00e0 participer aux contr\u00f4les d'acc\u00e8s sous l'autorit\u00e9\nd'un officier de police judiciaire, afin de renforcer les effectifs d\u00e9ploy\u00e9s par les services de gendarmerie ;\nConsid\u00e9rant que ce p\u00e9rim\u00e8tre doit \u00eatre instaur\u00e9 du 6 avril au 8 mai 2023 inclus, ainsi que du 15 au 31 mai 2023 inclus, de 8h \u00e0 21h, principale\nplage horaire de fr\u00e9quentation touristique.\nArt. 1 : Il est instaur\u00e9 un p\u00e9rim\u00e8tre de protection aux abords du Mont-Saint-Michel du 6 avril au 8 mai 2023 inclus, ainsi que du 15 au 31 mai\n2023 inclus, tous les jours de 8h \u00e0 21h.\nArt. 2 :  Le p\u00e9rim\u00e8tre de protection comprend l'ensemble du Mont-Saint-Michel intra-muros et de l'esplanade devant l'entr\u00e9e, la passerelle, et\nune partie de la baie aux abords imm\u00e9diats du Mont et de la passerelle. Il englobe \u00e9galement les parkings et le site de \u00ab  la Caserne  \u00bb.\nConform\u00e9ment au plan en annexe.\nArt. 3 : Les points d'acc\u00e8s \u00e0 ce p\u00e9rim\u00e8tre de protection se situent aux entr\u00e9es du parking, les contr\u00f4les pourront \u00eatre r\u00e9alis\u00e9s \u00e0 l'int\u00e9rieur et aux\nabords du p\u00e9rim\u00e8tre, conform\u00e9ment au plan en annexe.\nArt. 4: Les mesures de contr\u00f4le suivantes sont autoris\u00e9es :\nPour l'acc\u00e8s des pi\u00e9tons :\n- Palpations de s\u00e9curit\u00e9 par une personne de m\u00eame sexe, inspection visuelle et fouille des bagages par des officiers de police judiciaire\nmentionn\u00e9s aux 2 \u00e0 4 de l'article 16 du Code de Proc\u00e9dure P\u00e9nale, et sous la responsabilit\u00e9 de ceux-ci, les agents de police judiciaire\nmentionn\u00e9s \u00e0 l'article 20 et aux 1, 1 bis et 1 ter de l'article 21 du m\u00eame code ;\n- Sous l'autorit\u00e9 d'un officier de police judiciaire, palpations de s\u00e9curit\u00e9, inspection visuelle et fouille des bagages par les agents de police\nmunicipale.\nCes mesures de v\u00e9rification sont subordonn\u00e9es au consentement des personnes souhaitant acc\u00e9der ou circuler \u00e0 l'int\u00e9rieur du p\u00e9rim\u00e8tre. En\ncas de refus de s'y conformer, ces personnes ne sont pas admises \u00e0 y p\u00e9n\u00e9trer ou peuvent \u00eatre reconduites \u00e0 l'ext\u00e9rieur du p\u00e9rim\u00e8tre par un\nofficier de police judiciaire mentionn\u00e9 aux 2 \u00e0 4 de l'article 16 du Code de Proc\u00e9dure P\u00e9nale, et sous la responsabilit\u00e9 de celui-ci, par un agent\nde police judiciaire mentionn\u00e9 \u00e0 l'article 20 et aux 1, 1 bis et 1 ter de l'article 21 du m\u00eame code.\nPour l'acc\u00e8s des v\u00e9hicules :\nL'acc\u00e8s et la circulation des v\u00e9hicules \u00e0 l'int\u00e9rieur du p\u00e9rim\u00e8tre sont subordonn\u00e9s \u00e0 la visite du v\u00e9hicule avec le consentement du conducteur,\npar des officiers de police judiciaire mentionn\u00e9s aux 2 \u00e0 4 de l'article 16 du Code de Proc\u00e9dure P\u00e9nale, et sous la responsabilit\u00e9 de ceux-ci, les\nagents de police judiciaire mentionn\u00e9s \u00e0 l'article 20 et aux 1, 1 bis et 1 ter de l'article 21 du m\u00eame code ;\nArt.  5 :  Les  personnes  devant  acc\u00e9der  r\u00e9guli\u00e8rement  \u00e0  l'int\u00e9rieur  du  p\u00e9rim\u00e8tre  de  protection  sont  invit\u00e9es  \u00e0  se  signaler  \u00e0  l'autorit\u00e9\nadministrative afin de pouvoir faire l'objet d'une mesure de filtrage acc\u00e9l\u00e9r\u00e9, sur pr\u00e9sentation d'un justificatif de domicile ou d'un contrat de\ntravail d'une entreprise riveraine. Les habitants de la commune et les personnes y travaillant sont exempt\u00e9es des mesures de contr\u00f4le. Toute\nfacilit\u00e9 leur est faite pour p\u00e9n\u00e9trer et circuler librement dans le p\u00e9rim\u00e8tre.\nSign\u00e9 : Le Pr\u00e9fet : Fr\u00e9d\u00e9ric PERISSAT\nANNEXE DE L'ARR\u00caT\u00c9 DU 5 AVRIL 2023 INSTAURANT UN P\u00c9RIM\u00c8TRE DE PROTECTION AUX ABORDS DU MONT-SAINT-MICHEL\n\n\uf0bf\nDIRECTION DEPARTEMENTALE DES TERRITOIRES ET DE LA MER\nArr\u00eat\u00e9 modificatif n\u00b0 DDTM - 2023-DDTM-SE-0035 du 8 mars 2023 portant modification de l'arr\u00eat\u00e9 n\u00b0 DDTM-SE-0018 du 24 d\u00e9cembre\n2021 portant autorisation environnementale pour le d\u00e9placement de la prise d'eau du Pont de la D\u00eeme et l'extension de la capacit\u00e9 de\npr\u00e9l\u00e8vement sur la Sienne \u00e0 Sainte-C\u00e9cile\nConsid\u00e9rant que l'arr\u00eat\u00e9 pr\u00e9fectoral n\u00b0DDTM-SE-0018 sign\u00e9 le 24 d\u00e9cembre 2021 a \u00e9t\u00e9 transmis au p\u00e9titionnaire (le Syndicat D\u00e9partemental de\nl'Eau de la Manche) au mois de mars 2022\nConsid\u00e9rant que cette transmission de l'arr\u00eat\u00e9 au p\u00e9titionnaire au mois de mars 2022 n'a pas permis \u00e0 ce dernier de tenir les d\u00e9lais et la \np\u00e9riode de travaux initialement pr\u00e9vus dans l'arr\u00eat\u00e9 n\u00b0DDTM-SE-0018 ;\nArt. 1 :  D\u00e9but et fin de travaux \u2013 Mise en service\nL'article 7 de l'arr\u00eat\u00e9 pr\u00e9fectoral N\u00b0 DDTM-SE-0018 du 24 d\u00e9cembre 2021, est modifi\u00e9 comme suit : \u00ab Afin de concilier tous les int\u00e9r\u00eats \nmentionn\u00e9s aux articles L.181-3 et L.181-4 du code de l'environnement, la p\u00e9riode de r\u00e9alisation des travaux s'\u00e9tendra de mai 2024 \u00e0 octobre \n2024. Le b\u00e9n\u00e9ficiaire informera la DDTM, instructrice du pr\u00e9sent dossier, du d\u00e9marrage des travaux et de la date de mise en service de \nl'installation, dans un d\u00e9lai d'au moins 15 jours pr\u00e9c\u00e9dant ces op\u00e9rations. Le b\u00e9n\u00e9ficiaire ne peut pas r\u00e9aliser les travaux en dehors de la \np\u00e9riode autoris\u00e9e sans en avoir pr\u00e9alablement tenu inform\u00e9 le pr\u00e9fet, qui statue dans les conditions fix\u00e9es aux articles L.181-14,R.181-45 et \nR.181-46 du code de l'environnement. \u00bb Le reste de l'article 7 ainsi que tous les autres articles de l'arr\u00eat\u00e9 n\u00b0DDTM-SE-0018 demeurent \ninchang\u00e9s.\nArt. 2 : Voies et d\u00e9lais de recours : Le pr\u00e9sent arr\u00eat\u00e9 est susceptible de recours contentieux devant le tribunal administratif territorialement \ncomp\u00e9tent, conform\u00e9ment \u00e0 l'article R. 514-3-1 du code de l'environnement, \u00e0 compter de la date de sa publication ou de son affichage en \nmairie, par le d\u00e9clarant dans un d\u00e9lai de deux mois et par les tiers dans un d\u00e9lai de quatre mois. Toute d\u00e9cision susceptible de recours devant \nle tribunal administratif territorialement comp\u00e9tent l'est au moyen de l'application T\u00e9l\u00e9recours (https://www.telerecours.fr/). En cas de recours \npar les tiers, la d\u00e9cision peut faire l'objet d'un recours gracieux ou hi\u00e9rarchique dans le d\u00e9lai de deux mois. Ce recours administratif prolonge de\ndeux mois le d\u00e9lai mentionn\u00e9. Le b\u00e9n\u00e9ficiaire de l'autorisation est tenu inform\u00e9 d'un tel recours.\nSign\u00e9 : Pour le Pr\u00e9fet et par d\u00e9l\u00e9gation, le Responsable du service environnement : Olivier CATTIAUX\n\uf0bf\nArr\u00eat\u00e9 n\u00b0 DDTM-SH-2023-020 du 31 mars 2023 relatif a l'autorisation de mise a disposition de logements sociaux pour le centre\nhospitalier public du Cotentin et d\u00e9rogation aux plafonds de ressources pour l'attribution de logements sociaux\nConsid\u00e9rant  la n\u00e9cessit\u00e9 pour le centre public hospitalier du Cotentin de pouvoir proposer un accueil temporaire afin de faciliter le recrutement\nde personnel n\u00e9cessaire au maintien d'une offre de soins suffisante ;\nConsid\u00e9rant le nombre limit\u00e9 de logements mis \u00e0 disposition qui n'est pas de nature \u00e0 entra\u00eener des difficult\u00e9s pour l'acc\u00e8s au logement des\ndemandeurs de logement social ;\nArt, 1 : Le centre public hospitalier du Cotentin est autoris\u00e9 \u00e0 louer un maximum de 25  logements locatifs sociaux disponibles sur le territoire de\nCherbourg-en-Cotentin, afin d'assurer l'accueil temporaire de personnel m\u00e9dical.\nArt. 2 : Les occupants des logements lou\u00e9s par le centre hospitalier public du Cotentin pourront b\u00e9n\u00e9ficier d'une d\u00e9rogation aux plafonds de\nressources de r\u00e9f\u00e9rence (P.L.U.S.) pour l'acc\u00e8s au logement social, r\u00e9vis\u00e9s chaque ann\u00e9e en tenant compte de la variation de l'indice de\nr\u00e9f\u00e9rence des loyers (IRL).\nArt. 3     : Une convention \u00e0 signer entre le centre public hospitalier du Cotentin et un bailleur social d\u00e9terminera le nombre et la liste des\nlogements mis \u00e0 disposition, les modalit\u00e9s de gestion de ceux-ci et de paiement des loyers.\nCette convention pr\u00e9voira express\u00e9ment une dur\u00e9e maximale d'occupation de ces logements pour chacune des personnes h\u00e9berg\u00e9es qui ne\npourra pas exc\u00e9der un an renouvelable une fois.\nUn exemplaire de celle-ci et de ses \u00e9ventuels avenants sera transmis au repr\u00e9sentant de l'\u00c9tat dans le d\u00e9partement.\nArt. 4 : En application de l'article 3, un bilan annuel d'application de la convention pr\u00e9cisant, a minima, la liste des logements concern\u00e9s et la\ndur\u00e9e d'occupation des logements sera adress\u00e9 au repr\u00e9sentant de l'\u00c9tat dans le d\u00e9partement, par le centre public hospitalier du Cotentin.\nArt. 5 : Les logements financ\u00e9s en pr\u00eat locatif aid\u00e9 tr\u00e8s social et d'int\u00e9gration sont exclus du champ d'application du pr\u00e9sent arr\u00eat\u00e9.\nArt. 6  : Les  d\u00e9rogations  pr\u00e9vues  par le pr\u00e9sent  arr\u00eat\u00e9 sont  accord\u00e9es  \u00e0 compter  de la publication  de cet  arr\u00eat\u00e9 au recueil  des  actes\nadministratifs de la pr\u00e9fecture de la Manche. L'arr\u00eat\u00e9 est pris pour une dur\u00e9e de deux ans.\nIl pourra \u00eatre reconduit sur demande de l'un des signataires de la convention susvis\u00e9e \u00e0 l'article 3.\nArt. 7 : L'arr\u00eat\u00e9 du 7 avril 2021 est abrog\u00e9.\nSign\u00e9 : Le Pr\u00e9fet : Fr\u00e9d\u00e9ric PERISSAT \n\uf0bf\nD\u00e9partement de la Manche - Imprimerie administrative - Directeur de la publication : M. le secr\u00e9taire g\u00e9n\u00e9ral de la pr\u00e9fecture","date":"2023-04-05","first_seen_on":"2025-07-18T11:49:29+00:00","id":"124ff63e7f1ce8357bb271be5edf68b2e296c403491eee7723f392a2376f64cd","name":"RAA sp\u00e9cial n\u00b027","pdf_creation_date":"2023-04-05T13:41:31+00:00","pdf_modification_date":null,"timezone":"Europe/Paris","url":"https://www.manche.gouv.fr/contenu/telechargement/55523/432976/file/SP%2027.pdf"}
