{"administration":"prefidf","administration_name":"Pr\u00e9fecture de la r\u00e9gion \u00cele-de-France","content":"PREFECTURE\nREGION ILE DE\nFRANCE\nRECUEIL DES ACTES\nADMINISTRATIFS SP\u00c9CIAL\n(NOMINATIFS)\nN\u00b0IDF-013-2025-07\nPUBLI\u00c9 LE  7 JUILLET 2025\nSommaire\nAgence R\u00e9gionale de Sant\u00e9 / Agence r\u00e9gionale de sant\u00e9\nd'Ile-de-France-Cellule officines de pharmacie\nIDF-2025-07-02-00005 - Arr\u00eat\u00e9 n\u00b0 DOS/EFF/OFF/2025/65 constatant la\ncessation d\u00e9finitive d'activit\u00e9 d'une officine de pharmacie (1\npage) Page 3\nIDF-2025-07-02-00004 - Arr\u00eat\u00e9 n\u00b0 DOS/EFF/OFF/2025/72 constatant la\ncessation d\u00e9finitive d'activit\u00e9 d'une officine de pharmacie (1\npage) Page 5\nDirection r\u00e9gionale et interd\u00e9partementale de l'\u00e9conomie, de l'emploi,\ndu travail et des solidarit\u00e9s d'\u00cele-de-France / P\u00f4le Politiques du\nTravail\nIDF-2025-07-04-00008 - D\u00e9cision n\u00b0 2025- 123 du 04 juillet 2025 portant\naffectation des agents de contr\u00f4le dans les unit\u00e9s de contr\u00f4le et\ngestion des int\u00e9rims de l'unit\u00e9 d\u00e9partementale de la\nSeine-Saint-Denis de la DRIEETS d'\u00cele-de-France (4 pages) Page 7\nIDF-2025-07-04-00004 - D\u00e9cision n\u00b0 2025-119 du 04 juillet 2025 portant\naffectation des agents de contr\u00f4le dans les unit\u00e9s de contr\u00f4le et\ngestion des int\u00e9rims de l'unit\u00e9 d\u00e9partementale de Paris de la\nDRIEETS d'Ile-de-France (8 pages) Page 12\nIDF-2025-07-04-00005 - D\u00e9cision n\u00b0 2025-120 du 04 juillet 2025 portant\naffectation des agents de contr\u00f4le dans les unit\u00e9s de contr\u00f4le et\ngestion des int\u00e9rims de la Direction d\u00e9partementale de l'emploi, du\ntravail et des solidarit\u00e9s de Seine-et-Marne (4 pages) Page 21\nIDF-2025-07-04-00006 - D\u00e9cision n\u00b0 2025-121 du 04 juillet 2025 portant\naffectation des agents de contr\u00f4le dans les unit\u00e9s de contr\u00f4le et\ngestion des int\u00e9rims de la direction d\u00e9partementale de l'emploi, du\ntravail et des solidarit\u00e9s de l'Essonne (3 pages) Page 26\nIDF-2025-07-04-00007 - D\u00e9cision n\u00b0 2025-122 du 04 juillet 2025 portant\naffectation des agents de contr\u00f4le dans les unit\u00e9s de contr\u00f4le et\ngestion des int\u00e9rims de l'Unit\u00e9 d\u00e9partementale des\nHauts-de-Seine de la DRIEETS d'Ile-de-France (6 pages) Page 30\nIDF-2025-07-04-00009 - D\u00e9cision n\u00b02025-124 du 04 juillet 2025 portant\naffectation des agents de contr\u00f4le dans les unit\u00e9s de contr\u00f4le et\ngestion des int\u00e9rims de l'Unit\u00e9 d\u00e9partementale du Val-de-Marne\nde la DRIEETS d'Ile-de-France (4 pages) Page 37\n2\nAgence R\u00e9gionale de Sant\u00e9\nIDF-2025-07-02-00005\nArr\u00eat\u00e9 n\u00b0 DOS/EFF/OFF/2025/65 constatant la\ncessation d\u00e9finitive d'activit\u00e9 d'une officine de\npharmacie\nAgence R\u00e9gionale de Sant\u00e9 - IDF-2025-07-02-00005 - Arr\u00eat\u00e9 n\u00b0 DOS/EFF/OFF/2025/65 constatant la cessation d\u00e9finitive d'activit\u00e9\nd'une officine de pharmacie 3\nEREPUBLIQUEFRAN\u00c7AISELibert\u00e9Egalit\u00e9Fraternit\u00e9\ne \u00bb Agence R\u00e9gionale de Sant\u00e9Ile-de-France\n \n \nAGENCE R\u00c9GIONALE DE SANT\u00c9 \u00ceLE-DE-FRANCE \nARR\u00caT\u00c9 N\u00b0 DOS/EFF/OFF/2025/65 constatant la cessation d\u00e9finitive d'activit\u00e9 d'une \nofficine de pharmacie \n \nLE DIRECTEUR G\u00c9N\u00c9RAL DE L'AGENCE R\u00c9GIONALE DE SANT\u00c9 \u00ceLE-DE-FRANCE  \n \n  VU le code de la sant\u00e9 publique  et notamment ses articles L. 5125 -21, L. 5125 -22,  \nR. 5125-30 et R. 5132-37 ; \n \nVU le d\u00e9cret du 10 avril 2024 portant nomination de Monsieur Denis ROBIN, Directeur g\u00e9n\u00e9ral de l'Agence \nr\u00e9gionale de sant\u00e9 \u00cele-de-France, \u00e0 compter du 29 avril 2024 ; \n \nVU l'arr\u00eat\u00e9 n\u00b0 DS 034/2024 du 29 avril 2024, publi\u00e9 le 30 avril 2024, portant d\u00e9l\u00e9gation de signature du \nDirecteur g\u00e9n\u00e9ral de l'Agence r\u00e9gionale de sant\u00e9 \u00cele -de-France \u00e0 Monsieur Arnaud CORVAISIER, \nDirecteur de l'offre de soins et \u00e0 plusieurs de ses collaborateurs ;  \n \nVU l'arr\u00eat\u00e9 en date du 21 avril 1981 portant octroi de la licence n\u00b0 78#001158 \u00e0 l'officine de pharmacie sise \n33 avenue du Plan de l'\u00c9glise \u00e0 Voisins-le-Bretonneux (78960) ; \n \nVU la d\u00e9claration en date du  18 mai 2025  par laquelle Madame Marie-Christine MARTIN -BELLOCHE \nd\u00e9clare cesser d\u00e9finitivement l'exploitation de l'officine de pharmacie sise 33 avenue du Plan de l'\u00c9glise \n\u00e0 Voisins-le-Bretonneux (78960) dont elle est titulaire et restitue la licence correspondante ; \n \n   \nCONSIDERANT que la titulaire d\u00e9clare cesser d\u00e9finitivement l'activit\u00e9 de l'officine de pharmacie \u00e0 compter du \n28 juin 2025 au soir ;  \n \nARR\u00caTE \n \nARTICLE 1er : La cessation d\u00e9finitive d'activit\u00e9 \u00e0 compter du  28 juin 2025 au soir de  l'officine de pharmacie \nexploit\u00e9e par M adame Marie-Christine MARTIN -BELLOCHE sise 33 avenue du Plan de \nl'\u00c9glise \u00e0 Voisins-le-Bretonneux (78960) est constat\u00e9e. \n \nLa licence n\u00b078#001158 est caduque \u00e0 compter de cette date. \n \nARTICLE 2e : Un recours contentieux contre le pr\u00e9sent arr\u00eat\u00e9 peut \u00eatre form\u00e9 aupr\u00e8s du tribunal administratif \ncomp\u00e9tent. Le d\u00e9lai de recours est de deux mois \u00e0 compter de la notification de l'arr\u00eat\u00e9 pour \nles int\u00e9ress\u00e9s ou de sa publication pour les tiers. \n \nARTICLE 3e : Le Directeur g\u00e9n\u00e9ral de l'Agence r\u00e9gionale de sant\u00e9 \u00cele-de-France est charg\u00e9 de l'ex\u00e9cution \ndu pr\u00e9sent arr\u00eat\u00e9 qui sera publi\u00e9 au recueil des actes administratifs de la pr\u00e9fecture de la \nr\u00e9gion \u00cele-de-France. \n        \nFait \u00e0 Saint-Denis, le 02 juillet 2025 \n \nPour le Directeur g\u00e9n\u00e9ral \nde l'Agence r\u00e9gionale de sant\u00e9  \n\u00cele-de-France \n \net par d\u00e9l\u00e9gation, \n \nLe directeur du P\u00f4le Efficience \nSIGN\u00c9 \nFabien P\u00c9RUS \n \nAgence R\u00e9gionale de Sant\u00e9 - IDF-2025-07-02-00005 - Arr\u00eat\u00e9 n\u00b0 DOS/EFF/OFF/2025/65 constatant la cessation d\u00e9finitive d'activit\u00e9\nd'une officine de pharmacie 4\nAgence R\u00e9gionale de Sant\u00e9\nIDF-2025-07-02-00004\nArr\u00eat\u00e9 n\u00b0 DOS/EFF/OFF/2025/72 constatant la\ncessation d\u00e9finitive d'activit\u00e9 d'une officine de\npharmacie\nAgence R\u00e9gionale de Sant\u00e9 - IDF-2025-07-02-00004 - Arr\u00eat\u00e9 n\u00b0 DOS/EFF/OFF/2025/72 constatant la cessation d\u00e9finitive d'activit\u00e9\nd'une officine de pharmacie 5\nEuREPUBLIQUEFRAN\u00c7AISELibert\u00e9\u00c9galit\u00e9Fraternit\u00e9 \u00a9 D Agence R\u00e9gionale de Sant\u00e9\u00cele-de-France\n \n \nAGENCE R\u00c9GIONALE DE SANT\u00c9 \u00ceLE-DE-FRANCE \nARR\u00caT\u00c9 N\u00b0 DOS/EFF/OFF/2025/72 constatant la cessation d\u00e9finitive d'activit\u00e9 d'une \nofficine de pharmacie \n \nLE DIRECTEUR G\u00c9N\u00c9RAL DE L'AGENCE R\u00c9GIONALE DE SANT\u00c9 \u00ceLE-DE-FRANCE \n \nVU le code de la sant\u00e9 publique  et notamment ses articles L. 5125 -21, L. 5125 -22,  \nR. 5125-30 et R. 5132-37 ; \n \nVU le d\u00e9cret du 10 avril 2024 portant nomination de Monsieur Denis ROBIN, Directeur g\u00e9n\u00e9ral de l'Agence \nr\u00e9gionale de sant\u00e9 \u00cele-de-France, \u00e0 compter du 29 avril 2024 ;  \n \nVU l'arr\u00eat\u00e9 n\u00b0 DS 034/2024 du 29 avril 2024, publi\u00e9 le 30 avril 2024, portant d\u00e9l\u00e9gation de signature du \nDirecteur g\u00e9n\u00e9ral de l'Agence r\u00e9gionale de sant\u00e9 \u00cele -de-France \u00e0 Monsieur Arnaud CORVAISIER, \nDirecteur de l'offre de soins et \u00e0 plusieurs de ses collaborateurs ;  \n \nVU l'arr\u00eat\u00e9 en date du 21 avril 1976 portant octroi de la licence n\u00b091#000118 \u00e0 l'officine de pharmacie sise \n35 bis avenue Jean-Jaur\u00e8s \u00e0 Crosne (91560) ; \n \nVU l'avis favorable d u Directeur g\u00e9n\u00e9ral de l'Agence r\u00e9gionale de sant\u00e9 \u00cele-de-France en date du   \n11 mars 2025  pr\u00e9alablement \u00e0 une op\u00e9ratio n de restructuration du r\u00e9seau officinal au sein de la \ncommune de Crosne (91560) ; \n \nVU la d\u00e9claration en date du 06 juin 2025 par laquelle Madame Anne LARROQUE informe de la cessation \nd\u00e9finitive de l'activit\u00e9 de l'officine de pharmacie sise 35 bis avenue Jean-Jaur\u00e8s \u00e0 Crosne (91560) dont \nelle est titulaire et restitue la licence correspondante ; \n \nCONSIDERANT que la titulaire d\u00e9clare cesser d\u00e9finitivement l'activit\u00e9 de l'officine \u00e0 compter du 28 mai 2025 ;  \n \nARR\u00caTE \n \nARTICLE 1er : La cessation d\u00e9finitive d'activit\u00e9 depuis le 28 mai 2025 de l'officine de pharmacie exploit\u00e9e par \nMadame Anne LARROQUE sise 35 bis avenue Jean-Jaur\u00e8s \u00e0 Crosne (91560) est constat\u00e9e. \n \nLa licence n\u00b091#000118 est caduque \u00e0 compter de cette date. \n \nARTICLE 2e : Un recours contentieux contre le pr\u00e9sent arr\u00eat\u00e9 peut \u00eatre form\u00e9 aupr\u00e8s du tribunal administratif \ncomp\u00e9tent. Le d\u00e9lai de recours est de deux mois \u00e0 compter de la notification de l'arr\u00eat\u00e9 pour les \nint\u00e9ress\u00e9s ou de sa publication pour les tiers. \n \nARTICLE 3e : Le Directeur g\u00e9n\u00e9ral de l'Agence r\u00e9gionale de sant\u00e9 \u00cele-de-France est charg\u00e9 de l'ex\u00e9cution du \npr\u00e9sent arr\u00eat\u00e9 qui sera publi\u00e9 au recueil des actes administratifs de la pr\u00e9fecture de la r\u00e9gion Ile-\nde-France. \n        \nFait \u00e0 Saint-Denis, le 02 juillet 2025 \n \nPour le Directeur g\u00e9n\u00e9ral \nde l'Agence r\u00e9gionale de sant\u00e9  \n\u00cele-de-France \n \net par d\u00e9l\u00e9gation, \n \nLe directeur du P\u00f4le Efficience \nSIGN\u00c9 \nFabien P\u00c9RUS \nAgence R\u00e9gionale de Sant\u00e9 - IDF-2025-07-02-00004 - Arr\u00eat\u00e9 n\u00b0 DOS/EFF/OFF/2025/72 constatant la cessation d\u00e9finitive d'activit\u00e9\nd'une officine de pharmacie 6\nDirection r\u00e9gionale et interd\u00e9partementale de\nl'\u00e9conomie, de l'emploi, du travail et des\nsolidarit\u00e9s d'\u00cele-de-France\nIDF-2025-07-04-00008\nD\u00e9cision n\u00b0 2025- 123 du 04 juillet 2025 portant\naffectation des agents de contr\u00f4le dans les\nunit\u00e9s de contr\u00f4le et gestion des int\u00e9rims de\nl'unit\u00e9 d\u00e9partementale de la Seine-Saint-Denis\nde la DRIEETS d'\u00cele-de-France\nDirection r\u00e9gionale et interd\u00e9partementale de l'\u00e9conomie, de l'emploi, du travail et des solidarit\u00e9s d'\u00cele-de-France -\nIDF-2025-07-04-00008 - D\u00e9cision n\u00b0 2025- 123 du 04 juillet 2025 portant affectation des agents de contr\u00f4le dans les unit\u00e9s de contr\u00f4le\net gestion des int\u00e9rims de l'unit\u00e9 d\u00e9partementale de la Seine-Saint-Denis de la DRIEETS d'\u00cele-de-France\n7\nMINISTEREDU TRAVAIL, DE LA SANTE,DES SOLIDARITESET DES FAMILLESLibert\u00e9\u00c9galit\u00e9Fraternit\u00e9\n \n \nDRIEETS d'\u00cele-de-France  \n21 rue Madeleine Vionnet  \n93 300 AUBERVILLIERS                                                                                                                                                                                                           \n \nDirection r\u00e9gionale et interd\u00e9partementale \nde l'\u00e9conomie, de l'emploi, \ndu travail et des solidarit\u00e9s \n  \n \n \n \n \nD\u00e9cision n\u00b0 2025- 123 du 04 juillet 2025 \nportant affectation des agents de contr\u00f4le dans les unit\u00e9s de contr\u00f4le  \net gestion des int\u00e9rims de l'unit\u00e9 d\u00e9partementale de la Seine-Saint-Denis \nde la DRIEETS d'\u00cele-de-France \n \n \nLe Directeur r\u00e9gional et interd\u00e9partemental de l'\u00e9conomie, de l'emploi, du travail et des solidarit\u00e9s \nd'\u00cele-de-France, \n \nVu le code du travail, notamment ses articles R 8122-1 et suivants ;  \n \nVu l'arr\u00eat\u00e9 interminist\u00e9riel du 20 mars 2025 nommant Marc ROHFRITSCH directeur r\u00e9gional et \ninterd\u00e9partemental de l'\u00e9conomie, de l'emploi, du travail et des solidarit\u00e9s d'\u00cele -de-France par \nint\u00e9rim \u00e0 compter du 1er avril 2025 ; \n \nVu l'arr\u00eat\u00e9 minist\u00e9riel du 25 mars 2024 portant r\u00e9partition des unit\u00e9s de contr \u00f4le de l'inspection \ndu travail ; \n \nVu la d\u00e9cision n\u00b0 2021 -28 du 1 er avril 2021 du directeur r\u00e9gional et interd\u00e9partemental de \nl'\u00e9conomie, de l'emploi, du travail et des solidarit\u00e9s d'Ile de France relative \u00e0 la localisation et \u00e0 la \nd\u00e9limitation des unit\u00e9s de contr\u00f4le et des sections d'inspection du travail de l'unit\u00e9 \nd\u00e9partementale de Seine-Saint-Denis ; \n \n \nD\u00c9CIDE : \n \n \nArticle 1 : Sont nomm\u00e9s comme responsables des unit\u00e9s de contr\u00f4le de l'unit\u00e9 d\u00e9partementale de \nla Seine-Saint-Denis, les agents suivants :  \n \nUnit\u00e9 de contr\u00f4le n\u00b0 1 : Madame Linda ABERKAN, directrice adjointe du travail \nUnit\u00e9 de contr\u00f4le n\u00b0 2 : Madame Elodie GIRON, directrice adjointe du travail   \nUnit\u00e9 de contr\u00f4le n\u00b0 3 : Madame Lynda KEHILA, directrice adjointe du travail \nUnit\u00e9 de contr\u00f4le n\u00b0 4 :  Madame St\u00e9phanie CARRASSET, directrice adjointe du travail,  \nUnit\u00e9 de contr\u00f4le n\u00b0 5 : Madame Ingrid BURGUNDER, directrice adjointe du travail \n \nSans pr\u00e9judice des attributions des agents de contr\u00f4le affect\u00e9s en section, ils exercent une mission \nde contr\u00f4le en appui \u00e0 toutes les sections d'inspection et \u00e0 titre principal aux sections de l'unit\u00e9 \ndont ils ont la responsabilit\u00e9. \n \n \nArticle 2 : Sont affect\u00e9s dans les sections d'inspection de l'unit\u00e9 d\u00e9partementale de la Seine-Saint-\nDenis, les agents de contr\u00f4le, charg\u00e9s des actions d'inspection de la l\u00e9gislation du travail dans les \nentreprises, dont les noms suivent : \n \nDirection r\u00e9gionale et interd\u00e9partementale de l'\u00e9conomie, de l'emploi, du travail et des solidarit\u00e9s d'\u00cele-de-France -\nIDF-2025-07-04-00008 - D\u00e9cision n\u00b0 2025- 123 du 04 juillet 2025 portant affectation des agents de contr\u00f4le dans les unit\u00e9s de contr\u00f4le\net gestion des int\u00e9rims de l'unit\u00e9 d\u00e9partementale de la Seine-Saint-Denis de la DRIEETS d'\u00cele-de-France\n8\n \n \n2 / 4 \n \nUnit\u00e9 de contr\u00f4le n\u00b0 1  \n \nSection 1-1 : Madame Sophie LE QUERE, inspectrice du travail \n \nSection 1-2 : Monsieur Camille DIQUAS, inspecteur du travail  \n \nSection 1-3 : Madame Julia INZOUDINE, inspectrice du travail \n \nSection 1-4 : Monsieur St\u00e9phane DUPOMMIER, inspecteur du travail  \n \nSection 1-5 : Madame Linda ABERKAN, directrice adjointe du travail  \n \nSection 1-6 : Monsieur Jonathan KLUR, inspecteur du travail \n \nSection 1-7 : Madame C\u00e9cile DRILLEAU, inspectrice du travail \n \nSection 1-8 : Madame St\u00e9phanie DESPLAN, inspectrice du travail \n \n \nUnit\u00e9 de contr\u00f4le n\u00b0 2  \n \nSection 2-1 :  Madame Amanda AMATE, inspectrice du travail \n \nSection 2-2 : Monsieur Ludovic LESCURE, directeur adjoint du travail \n \nSection 2-3 :  Madame Manon JOUGLET, inspectrice du travail  \n \nSection 2-4 : Madame Isabelle LAGARDE, inspectrice du travail \n \nSection 2-5 : Poste vacant, l'int\u00e9rim est assur\u00e9 par Monsieur Flavien CHAILLEUX, inspecteur du \ntravail \u00e0 l'exception des \u00e9tablissements ADEF RESIDENCES - ADEF LA MAISON DU POMMIER \nPOURPRE (Siret 323 649 525 00504 ) et ADEF RESIDENCES - ADEF RESIDENCES LA MAISON DU \nLAURIER NOBLE (Siret 323 649 525 00306) pour lesquels la comp\u00e9tence est attribu\u00e9e \u00e0 Monsieur \nOthman VARGAS, inspecteur du travail \n \nSection 2-6 : Monsieur Nicolas PIREZ, inspecteur du travail \n \nSection 2-7 : Madame Olivia DOLIBEAU, inspectrice du travail \n \nSection 2-8 : Monsieur Flavien CHAILLEUX, inspecteur du travail \n \nSection 2-9 : Madame Camille PERRODIN, inspectrice du travail   \n \nSection 2-10 : Monsieur Othman VARGAS, inspecteur du travail \n \nSection 2-11 : Monsieur Vincent BOUYX, inspecteur du travail  \n \nSection 2-12 : Madame Madison FLUCHER, inspectrice du travail \n \n \nUnit\u00e9 de contr\u00f4le n\u00b0 3 \n \nSection 3-1 : Madame L\u00e9na PERTUY, inspectrice du travail  \nDirection r\u00e9gionale et interd\u00e9partementale de l'\u00e9conomie, de l'emploi, du travail et des solidarit\u00e9s d'\u00cele-de-France -\nIDF-2025-07-04-00008 - D\u00e9cision n\u00b0 2025- 123 du 04 juillet 2025 portant affectation des agents de contr\u00f4le dans les unit\u00e9s de contr\u00f4le\net gestion des int\u00e9rims de l'unit\u00e9 d\u00e9partementale de la Seine-Saint-Denis de la DRIEETS d'\u00cele-de-France\n9\n \n \n3 / 4 \n \n \nSection 3-2 : Monsieur Mathieu MARQUET, inspecteur du travail , en cas d'absence ou \nd'emp\u00eachement de Monsieur Mathieu MARQUET , l'int\u00e9rim est assur\u00e9 par Madame Delphine \nGUYOMARCH, inspectrice du travail \n \nSection 3-3 : Madame Asma\u00e2 EL JERRARI, inspectrice du travail  \n \nSection 3-4 : Madame Delphine GUYOMARCH, inspectrice du travail  \n \nSection 3-5 : Monsieur Simon CADY, inspecteur du travail \n \nSection 3-6 : Madame Lila RABESON, inspectrice du travail \n \nSection 3-7 : Madame Sandrine POUET, inspectrice du travail \n \nSection 3-8 : Monsieur Toufik DAHMANI, inspecteur du travail  \n \nSection 3-9 : Monsieur Samir ROCHDI, inspecteur du travail \n \nSection 3-10 : Monsieur Marc DE MAGALHAES, inspecteur du travail  \n \nSection 3-11 : Monsieur Pierre VILLERET, inspecteur du travail \n \n \nUnit\u00e9 de contr\u00f4le n\u00b0 4  \n \nSection 4-1 : Madame Charline MAINGUY, inspectrice du travail  \n \nSection 4-2 : Madame Julie COURT, directrice adjointe du travail \n \nSection 4-3 : Monsieur Eddy TALBOT, inspecteur du travail  \n \nSection 4-4 : Poste vacant, l'int\u00e9rim est assur\u00e9 par Monsieur Samir ROCHDI, inspecteur du travail, \u00e0 \nl'exception des \u00e9tablissements CAISSE D'ALLOCATIONS FAMILIALES DE SEINE-SAINT-DENIS (Siret \n380 980 300 000 95 ) et B5 GROUP (Siret 980 666 226 000 17 ) pour lesquels la comp\u00e9tence est \nattribu\u00e9e \u00e0 Monsieur Eddy TALBOT, inspecteur du travail \n \nSection 4-5 : Madame Fatiha EL KHADDARI, directrice adjointe du travail \n \nSection 4-6 : Madame Marie GAILLARD MARTIN, inspectrice du travail  \n \nSection 4-7 : Monsieur Fran\u00e7ois LE FLOCH, inspecteur du travail  \n \nSection 4-8 : Monsieur Nabil EL KHANTACHE, inspecteur du travail  \n \nSection 4-9 : Madame Nadine TETRON, inspectrice du travail  \n \nSection 4-10 : Madame Hanaline BREL, inspectrice du travail  \n \n \nUnit\u00e9 de contr\u00f4le n\u00b0 5  \n \nSection 5-1 : Monsieur Fr\u00e9d\u00e9ric RAKOTONIAINA, inspecteur du travail \nDirection r\u00e9gionale et interd\u00e9partementale de l'\u00e9conomie, de l'emploi, du travail et des solidarit\u00e9s d'\u00cele-de-France -\nIDF-2025-07-04-00008 - D\u00e9cision n\u00b0 2025- 123 du 04 juillet 2025 portant affectation des agents de contr\u00f4le dans les unit\u00e9s de contr\u00f4le\net gestion des int\u00e9rims de l'unit\u00e9 d\u00e9partementale de la Seine-Saint-Denis de la DRIEETS d'\u00cele-de-France\n10\n \n \n4 / 4 \n \n \nSection 5-2 : Monsieur Jules GRENET, inspecteur du travail \n \nSection 5-3 : Monsieur Vincent BOUZRAR, directeur adjoint du travail \n \nSection 5-4 : Monsieur Jean GIRAUD, inspecteur du travail \n \nSection 5-5 : Madame Ga\u00eblle BORDAS, directrice adjointe du travail \n \nSection 5-6 : Madame Ingrid LEFEBVRE-LEJEUNE, inspectrice du travail \n \nSection 5-7 : Madame Laure FOGHA-YOUMSI, inspectrice du travail  \n \nSection 5-8 : Monsieur Laurent COQUEL, inspecteur du travail  \n \nSection 5-9 : Madame Ingrid BURGUNDER, directrice adjointe du travail  \n \n \nArticle 3  \n \nEn cas d'absence ou d'emp\u00eachement d'un agent de contr\u00f4le, l'int\u00e9rim est assur\u00e9, \u00e0 titre principal, \npar un agent de contr\u00f4le affect\u00e9 dans la m\u00eame unit\u00e9 de contr\u00f4le ou, lorsque les circonstances le \nn\u00e9cessitent, par un agent de contr\u00f4le affect\u00e9 sur l'une des autres unit\u00e9s de contr\u00f4le de la Seine -\nSaint-Denis. \n \n \nArticle 4  \n \nLa pr\u00e9sente d\u00e9cision prend effet \u00e0 sa date de publication. \n \nLa d\u00e9cision n\u00b0 2025-105 du 10 juin 2025 portant affectation des agents de contr\u00f4le dans les unit\u00e9s \nde contr\u00f4le et gestion des int\u00e9rims de l'unit\u00e9 d\u00e9partementale de la Seine-Saint-Denis de la DRIEETS \nd'\u00cele-de-France est abrog\u00e9e. \n \n \nArticle 5  \n \nLe Directeur r\u00e9gional et interd\u00e9partemental de l'\u00e9conomie, de l'emploi, du travail et des solidarit\u00e9s \nd'Ile-de-France est charg\u00e9 de l'application de la pr\u00e9sente d\u00e9cision, qui sera publi\u00e9e au recueil des \nactes administratifs de la r\u00e9gion \u00cele-de-France.  \n \n \n \nFait \u00e0 Aubervilliers, le 04 juillet 2025  \n \nLe Directeur r\u00e9gional et interd\u00e9partemental  \nde l'\u00e9conomie, de l'emploi, du travail  \net des solidarit\u00e9s par int\u00e9rim,  \n \n        SIGN\u00c9 \n \nMarc ROHFRITSCH \nDirection r\u00e9gionale et interd\u00e9partementale de l'\u00e9conomie, de l'emploi, du travail et des solidarit\u00e9s d'\u00cele-de-France -\nIDF-2025-07-04-00008 - D\u00e9cision n\u00b0 2025- 123 du 04 juillet 2025 portant affectation des agents de contr\u00f4le dans les unit\u00e9s de contr\u00f4le\net gestion des int\u00e9rims de l'unit\u00e9 d\u00e9partementale de la Seine-Saint-Denis de la DRIEETS d'\u00cele-de-France\n11\nDirection r\u00e9gionale et interd\u00e9partementale de\nl'\u00e9conomie, de l'emploi, du travail et des\nsolidarit\u00e9s d'\u00cele-de-France\nIDF-2025-07-04-00004\nD\u00e9cision n\u00b0 2025-119 du 04 juillet 2025 portant\naffectation des agents de contr\u00f4le dans les\nunit\u00e9s de contr\u00f4le et gestion des int\u00e9rims de\nl'unit\u00e9 d\u00e9partementale de Paris de la DRIEETS\nd'Ile-de-France\nDirection r\u00e9gionale et interd\u00e9partementale de l'\u00e9conomie, de l'emploi, du travail et des solidarit\u00e9s d'\u00cele-de-France -\nIDF-2025-07-04-00004 - D\u00e9cision n\u00b0 2025-119 du 04 juillet 2025 portant affectation des agents de contr\u00f4le dans les unit\u00e9s de contr\u00f4le\net gestion des int\u00e9rims de l'unit\u00e9 d\u00e9partementale de Paris de la DRIEETS d'Ile-de-France\n12\nMINISTEREDU TRAVAIL, DE LA SANTE,DES SOLIDARITESET DES FAMILLESLibert\u00e9\u00c9galit\u00e9Fraternit\u00e9\n \nDirection r\u00e9gionale et interd\u00e9partementale \nde l'\u00e9conomie, de l'emploi, \ndu travail et des solidarit\u00e9s \n \n \n \nDRIEETS Ile de France                                                                                                                                                                                                                                   \n21 rue Madeleine Vionnet \n93300 Aubervilliers \n \nD\u00e9cision n\u00b0 2025-119 du 04 juillet 2025 \nportant affectation des agents de contr\u00f4le dans les unit\u00e9s de contr\u00f4le et gestion des int\u00e9rims \n de l'unit\u00e9 d\u00e9partementale de Paris de la DRIEETS d'Ile-de-France \n \nLe directeur r\u00e9gional de l'\u00e9conomie, de l'emploi, du travail et des solidarit\u00e9s de la r\u00e9gion d'Ile-de-France par \nint\u00e9rim, \n \nVu le code du travail, notamment ses articles R 8122-1 et suivants,  \n \nVu l'arr\u00eat\u00e9 interminist\u00e9riel du 20 mars 2025 nommant Marc ROHFRITSCH directeur r\u00e9gional et \ninterd\u00e9partemental de l'\u00e9conomie, de l'emploi, du travail et des solidarit\u00e9s d'\u00cele -de-France par int\u00e9rim, \u00e0 \ncompter du 1er avril 2025, \n \nVu l'arr\u00eat\u00e9 minist\u00e9riel du 25 mars 2024 portant cr\u00e9ation et r\u00e9partition des unit\u00e9s de contr\u00f4le de l'inspection \ndu travail,  \n \nVu la d\u00e9cision n\u00b0 2025-021 du 6 f\u00e9vrier 2025 du directeur r\u00e9gional et interd\u00e9partemental de l'\u00e9conomie, de \nl'emploi, du travail et des solidarit\u00e9s d'Ile de France relative \u00e0 la localisation et \u00e0 la d\u00e9limitation des unit\u00e9s \nde contr\u00f4le et des sections d'inspection du travail de l'unit\u00e9 d\u00e9partementale de Paris , \n \n \nD\u00c9CIDE \n \nArticle 1 : Les inspecteurs et contr\u00f4leurs du travail sont charg\u00e9s des actions d'inspection de la l\u00e9gislation du \ntravail dans les entreprises relevant des sections d'inspection du travail composant les unit\u00e9s de contr\u00f4le du \nd\u00e9partement de Paris,  tel que d\u00e9fini dans le tableau des affectations, d'int\u00e9rims et de suppl\u00e9ances des \nsections, r\u00e9f\u00e9renc\u00e9s dans la colonne A de l'annexe en vigueur.  \n \nArticle 2 : les agents du corps de l'inspection du travail sont charg\u00e9s de l'int\u00e9rim des postes soit non pourvus, \nsoit vacants en raison de l'absence de longue dur\u00e9e de leur titulaire, tel que d\u00e9fini dans le tableau des \naffectations, d'int\u00e9rims et de suppl\u00e9ances des sections, r\u00e9f\u00e9renc\u00e9s dans la colonne B de l'annexe en vigueur. \n \nArticle 3  : Conform\u00e9ment aux dispositions de l'article R.8122 -11-1\u00b0 du code du travail, les pouvoirs de \nd\u00e9cision administrative relevant de la comp\u00e9tence exclusive d'un inspecteur du travail sont confi\u00e9s aux \ninspecteurs du travail mentionn\u00e9 tel que d\u00e9fini dans le tableau des affectations, d'int\u00e9rims et de suppl\u00e9ances \ndes sections, r\u00e9f\u00e9renc\u00e9s dans la colonne C de l'annexe en vigueur.  \n \nEn cas d'absence ou d'emp\u00eachement d'un inspecteur mentionn\u00e9 \u00e0 l'annexe en vigueur, le pouvoir de \nd\u00e9cision est assur\u00e9 par l'inspecteur charg\u00e9 d'assurer l'int\u00e9rim de celui -ci en application de l'article 5. \n \nArticle 4 : Conform\u00e9ment aux dispositions de l'article R.8122-11-2\u00b0 du code du travail, le contr\u00f4le de tout ou \npartie des \u00e9tablissements d'au moins cinquante salari\u00e9s qui ne serait pas assur\u00e9 par les contr\u00f4leurs du travail \nest confi\u00e9 aux inspecteurs du travail tel qu e d\u00e9fini dans le tableau des affectations, d'int\u00e9rims et de \nsuppl\u00e9ances des sections, r\u00e9f\u00e9renc\u00e9s dans la colonne D et E de l'annexe en vigueur.  \n \nDirection r\u00e9gionale et interd\u00e9partementale de l'\u00e9conomie, de l'emploi, du travail et des solidarit\u00e9s d'\u00cele-de-France -\nIDF-2025-07-04-00004 - D\u00e9cision n\u00b0 2025-119 du 04 juillet 2025 portant affectation des agents de contr\u00f4le dans les unit\u00e9s de contr\u00f4le\net gestion des int\u00e9rims de l'unit\u00e9 d\u00e9partementale de Paris de la DRIEETS d'Ile-de-France\n13\n  \n                                                                                                                                                                                                                              2 / 8 \n \n \nArticle 5 : En cas de vacance de poste, d'absence ou d'emp\u00eachement pour une dur\u00e9e inf\u00e9rieure \u00e0 un mois \nd'un ou plusieurs agents de contr\u00f4le d\u00e9sign\u00e9s \u00e0 l'article 1 ci-dessus, l'int\u00e9rim est organis\u00e9 selon les modalit\u00e9s \nci-apr\u00e8s : \n \nUnit\u00e9 de contr\u00f4le des 1er et 2\u00e8 arrondissements : UC 01-02 \n \nL'int\u00e9rim du responsable de l'unit\u00e9 de contr\u00f4le est assur\u00e9 par l'un des responsables des unit\u00e9s de contr\u00f4le \ndes 3\u00e8, 4\u00e8 et 11\u00e8 arrondissements, du 9\u00e8arrondissement, des 10\u00e8 et 18\u00e8 arrondissements, du 12\u00e8 arrondissement, \ndu 17\u00e8, des 19\u00e8 et 20\u00e8 arrondissements ou des transports. \n \n \nL'int\u00e9rim des inspecteurs du travail est assur\u00e9 par l'un des inspecteurs de l'unit\u00e9 de contr\u00f4le des 1 er et 2\u00e8 \narrondissements ou en cas de vacance temporaire, d'absence ou d'emp\u00eachement simultan\u00e9s, par un des \ninspecteurs du travail de l' unit\u00e9 de contr\u00f4le des 3 \u00e8, 4\u00e8 et 11\u00e8 arrondissements, du 12\u00e8 arrondissement ou de \nl'unit\u00e9 de contr\u00f4le des 19\u00e8 et 20\u00e8 arrondissements, ou par le responsable de l'unit\u00e9 de contr\u00f4le.  \n \nUnit\u00e9 de contr\u00f4le des 3\u00e8, 4\u00e8 et 11\u00e8 arrondissements : UC 03-04-11 \n \nL'int\u00e9rim du responsable de l'unit\u00e9 de contr\u00f4le est assur\u00e9 par l'un des responsables des unit\u00e9s de contr\u00f4le \ndes 1er et 2\u00e8 arrondissements, du 9\u00e8 arrondissement, des 10\u00e8 et 18\u00e8 arrondissements, du 12\u00e8 arrondissement, \ndu 17\u00e8, des 19\u00e8 et 20\u00e8 arrondissements ou des transports. \n \nL'int\u00e9rim des inspecteurs du travail est assur\u00e9 par l'un des inspecteurs de l'unit\u00e9 de contr\u00f4le des 3\u00e8, 4\u00e8 et 11\u00e8 \narrondissements ou en cas de vacance temporaire, d'absence ou d'emp\u00eachement simultan\u00e9s, par un des \ninspecteurs du travail des unit\u00e9s de contr\u00f4le 1 er et 2\u00e8 arrondissements, du 12\u00e8 arrondissement ou des 19 \u00e8 et \n20\u00e8 arrondissements, ou par le responsable de l'unit\u00e9 de contr\u00f4le.  \n \nL'int\u00e9rim du contr\u00f4leur du travail est assur\u00e9 par l'un des agents de contr\u00f4le de l'unit\u00e9 de contr\u00f4le des 3 \u00e8, 4\u00e8 \net 11\u00e8 arrondissements ou en cas de vacance temporaire, d'absence ou d'emp\u00eachement simultan\u00e9s, par un \ndes agents de contr\u00f4le des unit\u00e9s de contr\u00f4le des 1 er et 2\u00e8 arrondissements, du 12\u00e8 arrondissement ou des \n19\u00e8 et 20\u00e8 arrondissements. \n \nUnit\u00e9 de contr\u00f4le des 5\u00e8s, 6\u00e8 et 7\u00e8 arrondissements : UC 05-06-07 \n \nL'int\u00e9rim du responsable de l'unit\u00e9 de contr\u00f4le est assur\u00e9 par l'un des responsables des unit\u00e9s de contr\u00f4le \ndu 8 \u00e8 arrondissement, des 13\u00e8 et  14\u00e8 arrondissements, du 15\u00e8 ou 16-\u00e8 arrondissement.  \n \nL'int\u00e9rim des inspecteurs du travail est assur\u00e9 par l'un des inspecteurs de l'unit\u00e9 de contr\u00f4le des 5 \u00e8, 6\u00e8 et 7\u00e8 \narrondissements ou en cas de vacance temporaire, d'absence ou d'emp\u00eachement simultan\u00e9s, par un des \ninspecteurs du travail des unit\u00e9s de contr\u00f4le des 10 \u00e8 et 18\u00e8 arrondissements, du 17\u00e8 arrondissement ou des \ntransports, ou par le responsable de l'unit\u00e9 de contr\u00f4le. \n \nUnit\u00e9 de contr\u00f4le du 8\u00e8 arrondissement : UC 08 \n \nL'int\u00e9rim du responsable de l'unit\u00e9 de contr\u00f4le est assur\u00e9 par l'un des responsables des unit\u00e9s de contr\u00f4le \ndes 5\u00e8, 6\u00e8 et 7\u00e8 arrondissements, des 13\u00e8 et 14\u00e8 arrondissements, du 15\u00e8 ou 16\u00e8 arrondissement. \n \nL'int\u00e9rim des inspecteurs du travail est assur\u00e9 par l'un des inspecteurs de l'unit\u00e9 de contr\u00f4le du 8 \u00e8 \narrondissement ou en cas de vacance temporaire, d'absence ou d'emp\u00eachement simultan\u00e9s, par un des \ninspecteurs du travail de l'unit\u00e9 de contr\u00f4le du 9 \u00e8 arrondissement, ou par le responsable de l'unit\u00e9 de \ncontr\u00f4le. \n \nDirection r\u00e9gionale et interd\u00e9partementale de l'\u00e9conomie, de l'emploi, du travail et des solidarit\u00e9s d'\u00cele-de-France -\nIDF-2025-07-04-00004 - D\u00e9cision n\u00b0 2025-119 du 04 juillet 2025 portant affectation des agents de contr\u00f4le dans les unit\u00e9s de contr\u00f4le\net gestion des int\u00e9rims de l'unit\u00e9 d\u00e9partementale de Paris de la DRIEETS d'Ile-de-France\n14\n  \n                                                                                                                                                                                                                              3 / 8 \n \n \nL'int\u00e9rim du contr\u00f4leur du travail est assur\u00e9 par l'un des agents de contr\u00f4le de l'unit\u00e9 de contr\u00f4le du 8 \u00e8 \narrondissement ou en cas de vacance temporaire, d'absence ou d'emp\u00eachement simultan\u00e9s, par un des \nagents de contr\u00f4le de l'unit\u00e9 de contr\u00f4le du 9\u00e8 arrondissement. \n \nUnit\u00e9 de contr\u00f4le du 9\u00e8 arrondissement : UC 09 \n \nL'int\u00e9rim du responsable de l'unit\u00e9 de contr\u00f4le est assur\u00e9 par l'un des responsables des unit\u00e9s de contr\u00f4le \ndes 1er et 2\u00e8 arrondissements, des 10 \u00e8 et 18\u00e8 arrondissements, du 12 \u00e8 arrondissement, du 17 \u00e8, des 19\u00e8 et 20\u00e8 \narrondissements ou des transports. \nL'int\u00e9rim des inspecteurs du travail est assur\u00e9 par l'un des inspecteurs de l'unit\u00e9 de contr\u00f4le du 9 \u00e8 \narrondissement ou en cas de vacance temporaire, d'absence ou d'emp\u00eachement simultan\u00e9s, par un des \ninspecteurs du travail de l'unit\u00e9 de contr\u00f4le du 8 \u00e8 arrondissement, ou par le responsable de l'unit\u00e9 de \ncontr\u00f4le. \n \nL'int\u00e9rim du contr\u00f4leur du travail est assur\u00e9 par l'un des agents de contr\u00f4le de l'unit\u00e9 de contr\u00f4le du 9 \u00e8 \narrondissement ou en cas de vacance temporaire, d'absence ou d'emp\u00eachement simultan\u00e9s, par un des \nagents de contr\u00f4le de l'unit\u00e9 de contr\u00f4le du 8\u00e8 arrondissement. \n \n \n \n \nUnit\u00e9 de contr\u00f4le des 10\u00e8 et 18\u00e8 arrondissements : UC 10-18 \n \nL'int\u00e9rim du responsable de l'unit\u00e9 de contr\u00f4le est assur\u00e9 par l'un des responsables des unit\u00e9s de contr\u00f4le \ndes 1er et 2\u00e8 arrondissements, des 3\u00e8, 4\u00e8 et 11\u00e8 arrondissements, du 9\u00e8 arrondissement, du 12\u00e8 arrondissement, \ndu 17\u00e8, des 19\u00e8 et 20\u00e8 arrondissements ou des transports. \n \nL'int\u00e9rim des inspecteurs du travail est assur\u00e9 par l'un des inspe cteurs de l'unit\u00e9 de contr\u00f4le  des 10\u00e8 et 18\u00e8 \narrondissements ou en cas de vacance temporaire, d'absence ou d'emp\u00eachement simultan\u00e9s, par un des \ninspecteurs du travail des unit\u00e9s de contr\u00f4le du 9\u00e8 arrondissement, du 17\u00e8 arrondissement ou des transports, \nou par le responsable de l'unit\u00e9 de contr\u00f4le. \n \nUnit\u00e9 de contr\u00f4le du 12\u00e8 arrondissement : UC 12 \n \nL'int\u00e9rim du responsable de l'unit\u00e9 de contr\u00f4le est assur\u00e9 par l'un des responsables des unit\u00e9s de contr\u00f4le \ndes 1 er et 2 \u00e8 arrondissements, des 3 \u00e8, 4 \u00e8 et 11 \u00e8 arrondissements, d u 9 \u00e8 arrondissement, des 10 \u00e8 et 18 \u00e8 \narrondissements, du 17\u00e8, des 19\u00e8 et 20\u00e8 arrondissements ou des transports. \n \nL'int\u00e9rim des inspecteurs du travail est assur\u00e9 par l'un des insp ecteurs de l'unit\u00e9 de contr\u00f4le du 12 \u00e8 \narrondissement ou en cas de vacance temporaire, d'absence ou d'emp\u00eachement simultan\u00e9s, par un des \ninspecteurs du travail des unit\u00e9s de contr\u00f4le des 1ers et 2\u00e8 arrondissements, des 3\u00e8, 4\u00e8 et 11\u00e8 arrondissements, \ndes 10\u00e8 et 18 \u00e8 et 17\u00e8, 19\u00e8 et 20\u00e8 arrondissements, ou par le responsable de l'unit\u00e9 de contr\u00f4le.  \n \nUnit\u00e9 de contr\u00f4le des 13\u00e8 et 14\u00e8 arrondissements : UC 13-14 \n \nL'int\u00e9rim du responsable de l'unit\u00e9 de contr\u00f4le est assur\u00e9 par l'un des responsables des unit\u00e9s de contr\u00f4le \ndu 15\u00e8, du 16\u00e8 arrondissement, du 8\u00e8 arrondissement ou des 5\u00e8, 6\u00e8 et 7\u00e8 arrondissements, ou par la directrice \ndu secteur sud. \n \nL'int\u00e9rim des inspecteurs du travail est assur\u00e9 par l'un des inspecteurs de l'unit\u00e9 de contr\u00f4le du 13 \u00e8 et 14\u00e8 \narrondissement ou en cas de vacance temporaire, d'absence ou d'emp\u00eachement simultan\u00e9s, par un des \ninspecteurs du travail des unit\u00e9s de contr\u00f4le du 15\u00e8 arrondissement, ou du 16\u00e8 arrondissement.  \n \nDirection r\u00e9gionale et interd\u00e9partementale de l'\u00e9conomie, de l'emploi, du travail et des solidarit\u00e9s d'\u00cele-de-France -\nIDF-2025-07-04-00004 - D\u00e9cision n\u00b0 2025-119 du 04 juillet 2025 portant affectation des agents de contr\u00f4le dans les unit\u00e9s de contr\u00f4le\net gestion des int\u00e9rims de l'unit\u00e9 d\u00e9partementale de Paris de la DRIEETS d'Ile-de-France\n15\n  \n                                                                                                                                                                                                                              4 / 8 \n \n \nUnit\u00e9 de contr\u00f4le du 15\u00e8 arrondissement : UC 15 \n \nL'int\u00e9rim du responsable de l'unit\u00e9 de contr\u00f4le est assur\u00e9 par l'un des responsables des unit\u00e9s de contr\u00f4le, \ndes 13 \u00e8 et 14 \u00e8 arrondissements, du 16 \u00e8 arrondissement, du 8 \u00e8 arrondissement ou des 5 \u00e8, 6 \u00e8 et 7 \u00e8 \narrondissements  \n \nL'int\u00e9rim des inspecteurs du travail est assur\u00e9 par l'un des inspecteurs de l'unit\u00e9 de contr\u00f4le du 15 \u00e8 \narrondissement ou en cas de vacance temporaire, d'absence ou d'emp\u00eachement simultan\u00e9s, par un des \ninspecteurs du travail des unit\u00e9s de contr\u00f4le des 13 \u00e8 et 14\u00e8 arrondissements, ou du 16 \u00e8 arrondissement, ou \npar le responsable de l'unit\u00e9 de contr\u00f4le. \n \nUnit\u00e9 de contr\u00f4le du 16\u00e8 arrondissement : UC 16 \n \nL'int\u00e9rim du responsable de l'unit\u00e9 de contr\u00f4le est assur\u00e9 par l'un des responsables des unit\u00e9s de contr\u00f4le \ndes 13 \u00e8 et 14 \u00e8 arrondissements, du 15 \u00e8 arrondissement, du 8 \u00e8 arrondissement ou des 5 \u00e8, 6 \u00e8 et 7 \u00e8 \narrondissements. \n \nL'int\u00e9rim des inspecteurs du travail est assur\u00e9 par l'un des inspecteurs de l'unit\u00e9 de contr\u00f4le du 16 \u00e8 \narrondissement ou en cas de vacance temporaire, d'absence ou d'emp\u00eachement simultan\u00e9s, par un des \ninspecteurs du travail des unit\u00e9s de contr\u00f4le des 13 \u00e8 et 14\u00e8 arrondissements, ou du 15\u00e8 arrondissement, ou \npar le responsable de l'unit\u00e9 de contr\u00f4le. \n \nUnit\u00e9 de contr\u00f4le du 17\u00e8 arrondissement : UC 17 \n \nL'int\u00e9rim du responsable de l'unit\u00e9 de contr\u00f4le est assur\u00e9 par l'un des responsables des unit\u00e9s de contr\u00f4le \ndes 1 er et 2 \u00e8 arrondissements, des 3 \u00e8, 4 \u00e8 et 11 \u00e8 arrondissements, du 9 \u00e8arrondissement, des 10 \u00e8 et 18 \u00e8 \narrondissements, du 12\u00e8 ; des 19\u00e8 et 20\u00e8 arrondissements ou des transports. \n \nL'int\u00e9rim des inspecteurs du travail est assur\u00e9 par l'un des inspecteurs de l'unit\u00e9 de contr\u00f4le du  17\u00e8 \narrondissement ou en cas de vacance temporaire, d'absence ou d'emp\u00eachement simultan\u00e9s, par un des \ninspecteurs du travail des unit\u00e9s de contr\u00f4le d u 9\u00e8 arrondissement, des 10 \u00e8 et 18\u00e8 ; du 12\u00e8 ; des 19 \u00e8 et 20\u00e8 \narrondissement ou des transports, ou par le responsable de l'unit\u00e9 de contr\u00f4le.  \n \nUnit\u00e9 de contr\u00f4le des 19\u00e8 et 20\u00e8 arrondissements : UC 19-20 \n \nL'int\u00e9rim du responsable de l'unit\u00e9 de contr\u00f4le est assur\u00e9 par l'un des responsables des unit\u00e9s de contr\u00f4le \ndes 1 er et 2 \u00e8 arrondissements, des 3 \u00e8, 4 \u00e8 et 11 \u00e8 arrondissements, d u 9\u00e8 arrondissement, des 10 \u00e8 et 18 \u00e8 \narrondissements, du 12\u00e8 arrondissement, du 17\u00e8 arrondissement ou des transports. \n \nL'int\u00e9rim des inspecteurs du travail est assur\u00e9 par l'un des inspecteurs de l'unit\u00e9 de contr\u00f4le des 19 \u00e8 et 20\u00e8 \narrondissements ou en cas de vacance temporaire, d'absence ou d'emp\u00eachement simultan\u00e9s, par un des \ninspecteurs du travail des unit\u00e9s de contr\u00f4le des 1 er et 2\u00e8 arrondissements, des 3\u00e8, 4\u00e8 et 11\u00e8 arrondissements \nou du 12\u00e8 arrondissement, ou par le responsable de l'unit\u00e9 de contr\u00f4le.  \n \nL'int\u00e9rim du contr\u00f4leur du travail est assur\u00e9 par l'un des agents de contr\u00f4le de l'unit\u00e9 de contr\u00f4le des 19\u00e8 et \n20\u00e8 arrondissements ou en cas de vacance temporaire, d'absence ou d'emp\u00eachement simultan\u00e9s, par un \ndes agents de contr\u00f4le des unit\u00e9s de contr\u00f4le des 1er et 2\u00e8 arrondissements, 3\u00e8, 4\u00e8 et 11\u00e8 arrondissements ou \ndu 12\u00e8 arrondissement. \n \n \n \n \n \nDirection r\u00e9gionale et interd\u00e9partementale de l'\u00e9conomie, de l'emploi, du travail et des solidarit\u00e9s d'\u00cele-de-France -\nIDF-2025-07-04-00004 - D\u00e9cision n\u00b0 2025-119 du 04 juillet 2025 portant affectation des agents de contr\u00f4le dans les unit\u00e9s de contr\u00f4le\net gestion des int\u00e9rims de l'unit\u00e9 d\u00e9partementale de Paris de la DRIEETS d'Ile-de-France\n16\n  \n                                                                                                                                                                                                                              5 / 8 \n \n \nUnit\u00e9 de contr\u00f4le Transport : UC TR \n \nL'int\u00e9rim du responsable de l'unit\u00e9 de contr\u00f4le est assur\u00e9 par l'un des responsables des unit\u00e9s de contr\u00f4le \ndes 1 er et 2 \u00e8 arrondissements, des 3 \u00e8, 4 \u00e8 et 11\u00e8 arrondissements, d u 9 \u00e8arrondissement, des 10 \u00e8 et 18 \u00e8 \narrondissements, du 12\u00e8 arrondissement, du 17\u00e8 arrondissement ou des 19\u00e8 et 20\u00e8 arrondissements. \n \nL'int\u00e9rim des inspecteurs du travail est assur\u00e9 par l'un des inspecteurs de l'unit\u00e9 de contr\u00f4le transport du \nd\u00e9partement ou en cas de vacance temporaire, d'absence ou d'emp\u00eachement simultan\u00e9s, par un des \ninspecteurs du travail des unit\u00e9s de contr\u00f4le du 9\u00e8 arrondissement, des 10\u00e8 et 18\u00e8 arrondissements ou du 17\u00e8 \narrondissement, ou par le responsable de l'unit\u00e9 de contr\u00f4le. \n \nArticle 6 : Conform\u00e9ment aux dispositions de l'article R.  8122-10 du Code du travail, les agents mentionn\u00e9s \n\u00e0 l'article 1 participent lorsque l'action le rend n\u00e9cessaire aux actions d'inspection de la l\u00e9gislation du travail \nsur le territoire de l'unit\u00e9 d\u00e9partementale de Paris. \n \nArticle 7 : La pr\u00e9sente d\u00e9cision prend effet \u00e0 la date de sa publication  et abroge la d\u00e9cision n\u00b0 2025-115 du \n23 juin 2025. \n  \nArticle 8 : Le directeur r\u00e9gional et interd\u00e9partemental de l'\u00e9conomie, de l'emploi, du travail et des solidarit\u00e9s \nd'Ile-de-France est charg\u00e9 de l'application de la pr\u00e9sente d\u00e9cision, qui sera publi\u00e9e au recueil des actes \nadministratifs de la r\u00e9gion d'\u00cele-de-France.  \n \n \n \nFait \u00e0 Aubervilliers, le 04 juillet 2025 \n \nLe Directeur r\u00e9gional et interd\u00e9partemental de l'\u00e9conomie, \nde l'emploi, du travail et des solidarit\u00e9s par int\u00e9rim, \n \nSIGN\u00c9 \n \n \nMarc ROHFRITSCH \n  \nDirection r\u00e9gionale et interd\u00e9partementale de l'\u00e9conomie, de l'emploi, du travail et des solidarit\u00e9s d'\u00cele-de-France -\nIDF-2025-07-04-00004 - D\u00e9cision n\u00b0 2025-119 du 04 juillet 2025 portant affectation des agents de contr\u00f4le dans les unit\u00e9s de contr\u00f4le\net gestion des int\u00e9rims de l'unit\u00e9 d\u00e9partementale de Paris de la DRIEETS d'Ile-de-France\n17\n  \n                                                                                                                                                                                                                              6 / 8 \n \n \nAnnexe : \nTableau des affectations des agents de contr\u00f4le \nTableau des affectations des agents de contr\u00f4le dans les unit\u00e9s de contr\u00f4le des services d'inspection du Travail \nde l'UD de Paris. Gestion des int\u00e9rims et de la suppl\u00e9ance. Annex\u00e9 \u00e0 la d\u00e9cision. \n \n \n \n \n \n \n \n \n \nUC Section Ardt NOM et Pr\u00e9nom Grade\nUC / Section\nInterim\n > 1 mois\nd\u00e9cisions\nadministratives\nArt. R.8122-11-1\u00b0\n\u00e9ts. de \n \u2265 de 50 salari\u00e9s\nArt. R.8122-11-2\u00b0\n\u00e9ts. de \n+ de 300 salari\u00e9s\nArt. R.8122-11-2\u00b0\nUC 01-02 RUC 1-2 PEYRON Patrice DAT\nUC 01-02 1-1 1 MATHIEU Loic IT  \nUC 01-02 1-2 1 GIP Fanny IT\nUC 01-02 1-3 1 MORISSEAU No\u00e9mie IT\nUC 01-02 1-4 1 CREANTOR Ars\u00e8ne IT\nUC 01-02 1-5 1 Int\u00e9rimaire IT GIP Fanny\nUC 01-02 1-6 2 Int\u00e9rimaire IT GIP Fanny\nUC 01-02 1-7 2 Int\u00e9rimaire IT CADIOU Benjamin\nUC 01-02 1-8 2 SAHEL Samia IT\nUC 01-02 1-9 2 JACQUEMIN Fatim IT\nUC 01-02 1-10 2 Int\u00e9rimaire IT CADIOU Benjamin\nUC 01-02 1-11 2 CADIOU Benjamin IT\nUC 03-04-11 RUC 3-4-11  CARPENTIER J\u00e9r\u00e9mie DAT\nUC 03-04-11 3-1 3  HOFFMAN Mathilde IT\nUC 03-04-11 3-2 3 GODIN V\u00e9ronique IT RAMBAUD Fran\u00e7oise  \nUC 03-04-11 3-3 3 GRUNHARD Tom IT\nUC 03-04-11 3-4 4 Int\u00e9rimaire DAT RAMBAUD Fran\u00e7oise\nUC 03-04-11 3-5 4 RAMBAUD Fran\u00e7oise DAT\nUC 03-04-11 3-6 11 PICHERY Maud IT\nUC 03-04-11 3-7 11 EL HABBAD Farida CT/IT MAUD PICHERY MAUD PICHERY MAUD PICHERY\nUC 03-04-11 3-8 11  LE HERICY DURAND Edouard IT  \nUC 03-04-11 3-9 11 LAGARDE St\u00e9phane IT\nUC 03-04-11 3-10 11 GLEMET Christelle IT\nUC 03-04-11 3-11 11 DUSSEUX Elise IT\nUC 05-06-07 RUC 5-6-7 TREMEL Pierre DAT\nUC 05-06-07 5-1 5 FUSINA Marc DAT\nUC 05-06-07 5-2 5 Int\u00e9rimaire DAT TREMEL Pierre\nUC 05-06-07 5-3 5 ASTRI Marie-Claude IT\nUC 05-06-07 5-4 6 GOMES Lionel IT\nUC 05-06-07 5-5 6 MARVALIN Val\u00e9rie IT\nUC 05-06-07 5-6 6 LABSSI Mornia IT\nUC 05-06-07 5-7 7 ZEROUALI Samira IT\nUC 05-06-07 5-8 7 DELOCHE Damien IT\nUC 05-06-07 5-9 7 MEDJOUDJ-MEZHAR Noura IT\nUC 08 RUC 8 Int\u00e9rim DAT PEYRON Patrice \nUC 8 8-1 8 int\u00e9rimaire IT LAVABRE Virginie\nUC 8 8-2 8 BOURJOLLY Nathalie IT\nUC 8 8-3 8 Int\u00e9rimaire IT PONCE-KAHOUL Sarah\nUC 8 8-4 8 PENELA Catarina IT\nUC 8 8-5 8 Int\u00e9rimaire CT/IT TISBA Nad\u00e8ge\nUC 8 8-6 8 MORTREUIL Florence CT/IT SAVEAN Micheline LAVABRE Virginie - par LAVABRE Virginie - par LAVABRE Virginie - par int\u00e9rim \nUC 8 8-7 8 PONCE-KAHOUL Sarah IT\nUC 8 8-8 8 TISBA Nad\u00e8ge  \nUC 8 8-9 8 SCHORSCH M\u00e9lissa IT  \nUC 8 8-10 8 SAVEAN Micheline CT/IT PENELA Catarina\nUC 8 8-11 8 Int\u00e9rimaire IT PENELA Catarina\nUC 8 8-12 8 Int\u00e9rimaire IT BOURJOLLY Nathalie\nUC 8 8-13 8 FREDERIC Caroline IT\nUC 8 8-14 8 Int\u00e9rimaire IT FREDERIC Caroline\nUC 8 8-15 8 LAVABRE Virginie IT\nUC 8 8-16 8 Int\u00e9rimaire IT LAVABRE Virginie\nDirection r\u00e9gionale et interd\u00e9partementale de l'\u00e9conomie, de l'emploi, du travail et des solidarit\u00e9s d'\u00cele-de-France -\nIDF-2025-07-04-00004 - D\u00e9cision n\u00b0 2025-119 du 04 juillet 2025 portant affectation des agents de contr\u00f4le dans les unit\u00e9s de contr\u00f4le\net gestion des int\u00e9rims de l'unit\u00e9 d\u00e9partementale de Paris de la DRIEETS d'Ile-de-France\n18\n  \n                                                                                                                                                                                                                              7 / 8 \n \n \n \n \n \n \n \n \n \n \n \n \n \n \n \n \nUC 09 RUC 9 Int\u00e9rim DAT BARRAS Catherine\nUC 09 9-1 9 VIDAL Roselyne IT\nUC 09 9-2 9 BLETTNER Honorine IT\nUC 09 9-3 9 PEREIRA C\u00e9line IT\nUC 09 9-4 9 HERER C\u00e9cile IT\nUC 09 9-5 9 HUMBERT James IT\nUC 09 9-6 9 GEAGEA Hanane IT\nUC 09 9-7 9 MORIO Caroline IT\nUC 09 9-8 9 AINSEBA Djamila IT\nUC 09 9-9 9 DEROO BLANQUART Laetitia DAT\nUC 09 9-10 9 JAKUBOWSKI Pierre CT / IT DELADREC Aurore DELADREC Aurore DELADREC Aurore \nUC 09 9-11 9 DELADREC Aurore IT\nUC 10-18 RUC 10-18 L'HOSTIS Ism\u00e9rie\nUC 10-18 10-1 10 MANIER Christelle IT\nUC 10-18 10-2 10 MALLEVRE Philippe IT\nUC 10-18 10-3 10 GOY S\u00e9bastien IT\nUC 10-18 10-4 10 OU-RABAH Samuel IT\nUC 10-18 10-5 10 WATERNAUX Marion IT\nUC 10-18 10-6 10 KAPUSCINSKI Chlo\u00e9 IT\nUC 10-18 10-7 10 GOUT Philippe IT\nUC 10-18 10-8 10 PHILIBERT Arnaud IT\nUC 10-18 10-9 18 Int\u00e9rimaire IT GOY S\u00e9bastien\nUC 10-18 10-10 18 int\u00e9rimaire IT RULLE Betty\nUC 10-18 10-11 18 int\u00e9rimaire IT GOUT Philippe\nUC 10-18 10-12 18 RULLE Betty IT   \nUC 12 RUC 12 BRESSON Elo\u00efse DAT\nUC 12 12-1 12 Int\u00e9rimaire IT  GARCIA Jean-Michel\nUC 12 12-2 12 ANDRIEU David IT\nUC 12 12-3 12 CANGOU-MINOS Eliane IT BRESSON Elo\u00efse\nUC 12 12-4 12 Int\u00e9rimaire IT  JEAN-LOUIS Manuel\nUC 12 12-5 12 JEAN-LOUIS Manuel IT\nUC 12 12-6 12 GARCIA Jean-Michel IT\nUC 12 12-7 12 Int\u00e9rimaire IT ANDRIEU David \nUC 12 12-8 12 BRESSON Elo\u00efse DAT\nUC 13-14 RUC 13-14 LUGUET Emmanuel DAT\nUC 13-14 13-1 13 Int\u00e9rimaire IT DOS SANTOS-OLIVEIRA Carlos\nUC 13-14 13-2 13 ABDELGHANI Mourad IT\nUC 13-14 13-3 13 MARTEL Thierry IT\nUC 13-14 13-4 13 DOS SANTOS OLIVEIRA Carlos IT\nUC 13-14 13-5 13 MOUALHI Nisar IT\nUC 13-14 13-6 13 CHEVREAU Barbara IT\nUC 13-14 13-7 14 LANG Samira IT\nUC 13-14 13-8 14 SOK Angkeavattey IT\nUC 13-14 13-9 14 FULCHIGNONI Aurelia IT\nUC 13-14 13-10 14 MALBOIS Estelle IT\nUC 13-14 13-11 14 LOPES-PEREIRA Julia \u00a0\u00a0\u00a0\u00a0\u00a0\u00a0\u00a0\u00a0\u00a0\u00a0\u00a0\u00a0\u00a0\u00a0\u00a0\u00a0 IT\nUC 15 RUC 15 TRAN VAN TI Maximilien DAT\nUC 15 15-1 15 MUNIER Delphine IT\nUC 15 15-2 15 DUPONT Vanessa IT JULIEN Jean-Christophe\nUC 15 15-3 15 LE NAOUR Marc IT\nUC 15 15-4 15 NOUCK Alice IT\nUC 15 15-5 15 MAILLET Christ\u00e8le IT\nUC 15 15-6 15 TOUNKARA Fatimata IT\nUC 15 15-7 15 ZERGOUG Same IT\nUC 15 15-8 15 BOLORE Benoit IT\nUC 15 15-9 15 JULIEN Jean-Christophe IT\nUC 16 RUC 16 BERTRAND Michel DAT\nUC 16 16-1 16 MAROTAUX Nathalie IT\nUC 16 16-2 16 LAVA Nathalie IT\nUC 16 16-3 16 DURAND Flora IT\nUC 16 16-4 16 HAUVILLE Anthony IT\nUC 16 16-5 16 SCHWOB Jean-Bernard IT / DAT BERTRAND Michel\nUC 16 16-6 16 Int\u00e9rimaire DAT BERTRAND Michel\nUC 16 16-7 16 RAUBER Olivier IT\nUC 16 16-8 16 CAZEAUD Julie IT\nDirection r\u00e9gionale et interd\u00e9partementale de l'\u00e9conomie, de l'emploi, du travail et des solidarit\u00e9s d'\u00cele-de-France -\nIDF-2025-07-04-00004 - D\u00e9cision n\u00b0 2025-119 du 04 juillet 2025 portant affectation des agents de contr\u00f4le dans les unit\u00e9s de contr\u00f4le\net gestion des int\u00e9rims de l'unit\u00e9 d\u00e9partementale de Paris de la DRIEETS d'Ile-de-France\n19\n  \n                                                                                                                                                                                                                              8 / 8 \n \n \n \n \n \n \n \n \n \n \n \n \n \n \n \n \n \n \n \n \n \n \n \n \n \n \n \n \nUC 17 RUC 17 HAMPARTZOUMIAN St\u00e9phane DAT\nUC 17 17-1 17 FABRONI Nicole IT  \nUC 17 17-2 17 CLAIRFAYT Marine IT\nUC 17 17-3 17 Int\u00e9rimaire IT HAMPARTZOUMIAN St\u00e9phane\nUC 17 17-4 17  WESQUY Hugo IT\nUC 17 17-5 17 CHARCOSSET Aude IT\nUC 17 17-6 17  MOUHEB Claire IT\nUC 17 17-7 17 LESAINT Andr\u00e9a IT\nUC 19-20 RUC 19-20 AYMEN DE LAGEARD Lucile DAT\nUC 19-20 19-1 19 COHADE Marie IT\nUC 19-20 19-2 19 JORRO Elise IT\nUC 19-20 19-3 19 BRIAND Eric IT    \nUC 19-20 19-4 19 Int\u00e9rimaire IT BRIAND Eric\nUC 19-20 19-5 19 REYNAUD Valentine IT PEZ Marine\nUC 19-20 19-6 20 ARNUEL Herv\u00e9 CT/IT AYMEN DE LAGEARD Lucile AYMEN DE LAGEARD Lucile AYMEN DE LAGEARD Lucile\nUC 19-20 19-7 20 COUPE Claire IT\nUC 19-20 19-8 20 CHEURFA Loun\u00e8s IT\nUC 19-20 19-9 20 PEZ Marine IT\nUC TR RUC LOISET St\u00e9phane DAT\nUC TR TR-1  HUBERT Marie IT\nUC TR TR-2 BEAUD Arthur IT\nUC TR TR-3 AMOROSI L\u00e9a IT\nUC TR TR-4 BRIANTAIS Emeline IT\nUC TR TR-5 BURDIN Yann IT\nUC TR TR-6 Int\u00e9rimaire IT AMOROSI Lea\nDirection r\u00e9gionale et interd\u00e9partementale de l'\u00e9conomie, de l'emploi, du travail et des solidarit\u00e9s d'\u00cele-de-France -\nIDF-2025-07-04-00004 - D\u00e9cision n\u00b0 2025-119 du 04 juillet 2025 portant affectation des agents de contr\u00f4le dans les unit\u00e9s de contr\u00f4le\net gestion des int\u00e9rims de l'unit\u00e9 d\u00e9partementale de Paris de la DRIEETS d'Ile-de-France\n20\nDirection r\u00e9gionale et interd\u00e9partementale de\nl'\u00e9conomie, de l'emploi, du travail et des\nsolidarit\u00e9s d'\u00cele-de-France\nIDF-2025-07-04-00005\nD\u00e9cision n\u00b0 2025-120 du 04 juillet 2025 portant\naffectation des agents de contr\u00f4le dans les\nunit\u00e9s de contr\u00f4le et gestion des int\u00e9rims de la\nDirection d\u00e9partementale de l'emploi, du travail\net des solidarit\u00e9s de Seine-et-Marne\nDirection r\u00e9gionale et interd\u00e9partementale de l'\u00e9conomie, de l'emploi, du travail et des solidarit\u00e9s d'\u00cele-de-France -\nIDF-2025-07-04-00005 - D\u00e9cision n\u00b0 2025-120 du 04 juillet 2025 portant affectation des agents de contr\u00f4le dans les unit\u00e9s de contr\u00f4le\net gestion des int\u00e9rims de la Direction d\u00e9partementale de l'emploi, du travail et des solidarit\u00e9s de Seine-et-Marne\n21\nE 3MINIST\u00c8RE ;DU TRAVAIL, DE LA SANTE,DES SOLIDARITESET DES FAMILLESLibert\u00e9Egalit\u00e9Fraternit\u00e9\n \nDRIEETS d'Ile de France \n21 rue Madeleine Vionnet \n93300 AUBERVILLIERS                                                                                                                                                                                                                      \n  \nDirection r\u00e9gionale et interd\u00e9partementale \nde l'\u00e9conomie, de l'emploi, \ndu travail et des solidarit\u00e9s \n \n \n \n \n \nD\u00e9cision n\u00b0 2025-120 du 04 juillet 2025 \nportant affectation des agents de contr\u00f4le dans les unit\u00e9s de contr\u00f4le et gestion des int\u00e9rims de la \nDirection d\u00e9partementale de l'emploi, du travail et des solidarit\u00e9s de Seine -et-Marne \n \n \n \nLe Directeur r\u00e9gional de l'\u00e9conomie, de l'emploi, du travail et des solidarit\u00e9s de la r\u00e9gion Ile-de-France \n \nVu le code du travail, notamment ses articles R. 8122-1 et suivants.  \n \nVu le d\u00e9cret n\u00b0 2020 -1545 du 9 d\u00e9cembre 2020 relatif \u00e0 l'organisation et aux missions des directions r\u00e9gionales \nde l'\u00e9conomie, de l'emploi, du travail et des solidarit\u00e9s, des directions d\u00e9partementales de l'emploi, du travail et \ndes solidarit\u00e9s et des directi ons d\u00e9partementales de l'emploi, du travail, des solidarit\u00e9s et de la protection des \npopulations, \n \nVu l'arr\u00eat\u00e9 interminist\u00e9riel du 25 mars 2021 nommant Monsieur Ga\u00ebtan RUDANT Directeur r\u00e9gional et \ninterd\u00e9partemental de l'\u00e9conomie, de l'emploi, du travail et des solidarit\u00e9s d'Ile -de-France \u00e0 compter du 1er avril \n2021, \n \nVu l'arr\u00eat\u00e9 minist\u00e9riel du 25 mars 2024 portant cr\u00e9ation et r\u00e9partition des unit\u00e9s de contr\u00f4le de l'inspection du \ntravail,  \n \nVu la d\u00e9cision n\u00b0 2023-193 du 26 d\u00e9cembre 2023 du directeur r\u00e9gional et interd\u00e9partemental de l'\u00e9conomie, de \nl'emploi, du travail et des solidarit\u00e9s d'Ile-de-France relative \u00e0 la localisation et \u00e0 la d\u00e9limitation des unit\u00e9s de \ncontr\u00f4le et des sections d'inspection du travail de la Direction d\u00e9partementale de l'emploi, du travail et des \nsolidarit\u00e9s de Seine et Marne, \n \nD\u00c9CIDE \n \nArticle 1er :  \n \nSans pr\u00e9judice des dispositions de l'article R.8122 -10 du code du travail et conform\u00e9ment aux dispositions de \nl'article R.8122-11 du code du travail, sont affect\u00e9s dans les sections d'inspection de la Direction d\u00e9partementale \nde l'emploi, du travail et des solidarit\u00e9s de Seine et Marne les agents suivants : \n \nUnit\u00e9 de contr\u00f4le N\u00b0 1  \nsise 3 rue de la Galmy CS 10582 77701 Marne la Vall\u00e9e Cedex 4 \n \nResponsable de l'unit\u00e9 de contr\u00f4le : Monsieur Jean-Baptiste LY VAN TU, Directeur adjoint du travail  \n \nSection 1-01 A : Madame Pauline LEFEVRE, Inspectrice du travail \n \nSection 1-02 : Madame Laetitia HENNOUS, Inspectrice du travail \n \nSection 1-03 : section vacante \n \nMonsieur Pauline LEFEVRE, Inspectrice du travail est en charge de l'int\u00e9rim de la section. \nDirection r\u00e9gionale et interd\u00e9partementale de l'\u00e9conomie, de l'emploi, du travail et des solidarit\u00e9s d'\u00cele-de-France -\nIDF-2025-07-04-00005 - D\u00e9cision n\u00b0 2025-120 du 04 juillet 2025 portant affectation des agents de contr\u00f4le dans les unit\u00e9s de contr\u00f4le\net gestion des int\u00e9rims de la Direction d\u00e9partementale de l'emploi, du travail et des solidarit\u00e9s de Seine-et-Marne\n22\n \n2 / 4 \n \nSection 1-04 : Madame Nolwenn LE YOUDEC, Inspectrice du travail \n \nSection 1-05 TF et Fl : Madame Juliette MATHIEU, Inspectrice du travail \n \nSection 1-06 : Monsieur Alexis COSTES, Inspecteur du travail  \n \nSection 1-07 : Mme Aur\u00e9lie BELLENGER, Inspectrice du travail \n \nSection 1-08 TR : Monsieur Karim BOURAS, Inspecteur du travail \n \nEn cas d'absence ou d'emp\u00eachement de Monsieur Karim BOURAS, l'int\u00e9rim de la section est assur\u00e9 par Madame \nNolwenn LE YOUDEC, Inspectrice du travail \n \n \nUnit\u00e9 de contr\u00f4le N\u00b0 2  \nsise 3 rue de la Galmy CS 10582 77701 Marne la Vall\u00e9e Cedex 4 \n \nResponsable de l'unit\u00e9 de contr\u00f4le : Poste vacant \n \nMonsieur R\u00e9gis PERROT, Directeur du travail, est en charge de l'int\u00e9rim du poste \n \nSection 2-01 : Monsieur Thomas SALGADO, Inspecteur du travail \n \nSection 2-02 : Section vacante \n \nMonsieur Thomas SALGADO, Inspecteur du travail est en charge de l'int\u00e9rim de la section \n \nSection 2-03 :  Madame Ga\u00eblle BOTZUNG, Inspectrice du travail \n \nSection 2-04 : Monsieur L\u00e9o BOURSIER, Inspecteur du travail \n \nSection 2-05 T : Madame Carmen ZIEGLER, Inspectrice du travail \n \nSection 2-06 : Madame Mathilde MALHER, Inspectrice du travail  \n \nSection 2-07 : Section vacante \n \nMonsieur Jean-Baptiste LY VAN TU Directeur adjoint du travail assumant les fonctions d 'inspecteur du travail, est \nen charge de l'int\u00e9rim de la section \n \nSection 2-08 A : Madame Christine GHIZZONI, Inspectrice du travail  \n \nEn cas d'absence ou d'emp\u00eachement de Madame Christine GHIZZONI, l'int\u00e9rim  de la section  est assur\u00e9 par \nMonsieur L\u00e9o BOURSIER, Inspecteur du travail \n \n \nUnit\u00e9 de contr\u00f4le N\u00b0 3  \n20 quai Hippolyte Rossignol 77011 Melun cedex \n \nResponsable de l'unit\u00e9 de contr\u00f4le : Monsieur Rapha\u00ebl SEROUR, Directeur adjoint du travail \n \nSection 3-01 : Madame No\u00e9mie CHASSARD, Inspectrice du travail \n \nSection 3-02 : Madame Evelyne ZOUBICOU, Inspectrice du travail \n \nSection 3-03 : Madame Nathalie BARBERYE, Inspectrice du travail \n \nDirection r\u00e9gionale et interd\u00e9partementale de l'\u00e9conomie, de l'emploi, du travail et des solidarit\u00e9s d'\u00cele-de-France -\nIDF-2025-07-04-00005 - D\u00e9cision n\u00b0 2025-120 du 04 juillet 2025 portant affectation des agents de contr\u00f4le dans les unit\u00e9s de contr\u00f4le\net gestion des int\u00e9rims de la Direction d\u00e9partementale de l'emploi, du travail et des solidarit\u00e9s de Seine-et-Marne\n23\n \n3 / 4 \nSection 3-04 : Section vacante \n \nMonsieur Rapha\u00ebl SEROUR , Directeur adjoint du travail assumant les fonctions d'Inspecteur du travail, est en \ncharge de l'int\u00e9rim de la section \n \nSection 3-5 : Monsieur Miguel REVES, Inspecteur du travail \n  \nSection 3-6 A :  Section vacante \n \nMadame Evelyne ZOUBICOU, Inspectrice du travail est en charge de l'int\u00e9rim de la section \n \nSection3-07 T : Madame Ingrid LAWSON, Inspectrice du travail \n \nSection3-08 : Madame Amandine BARON-ALECI, Inspectrice du travail \n \nUnit\u00e9 de contr\u00f4le N\u00b0 4  \n20 quai Hippolyte Rossignol 77011 Melun cedex \n \nResponsable de l'unit\u00e9 de contr\u00f4le : Madame Isabelle ZORZENON, Directrice adjointe du travail \n \nEn cas d'absence ou d'emp\u00eachement de Madame Isabelle ZORZENON, l'int\u00e9rim de l'Unit\u00e9 de contr\u00f4le est assur\u00e9 \npar Monsieur Rapha\u00ebl SEROUR, Directeur adjoint du travail \n \nSection 4-01A : Madame Karine PAUVERT, Contr\u00f4leuse du Travail  \n \nMadame Caroline ROUSSEAU, Inspectrice du travail, est en charge du contr\u00f4le des \u00e9tablissements d'au moins 50 \nsalari\u00e9s.  \n \nConform\u00e9ment aux dispositions de l'article R. 8122-11 1\u00b0 du code du travail, Madame Caroline ROUSSEAU exerce \nles pouvoirs de d\u00e9cision administrative relevant de la comp\u00e9tence exclusive d'un inspecteur du travail. \n \nSection 4-02: Madame Nadia DIOP, Inspectrice du travail \n \nSection 4-03 : Monsieur Raphael PREAU, Inspecteur du travail \n \nSection 4-04 : Madame Mathilde HERMIER, Inspectrice du travail \n \nSection 4-05 F : Madame Charlotte ALLAIRE, Inspectrice du travail. \n \nSection 4-06 : Madame Maud HABERT, Inspectrice du travail \n \nSection 4-07 : Madame Caroline ROUSSEAU, Inspectrice du travail  \n \nSection 4-08 T : Madame Karine MEDAILLE, Inspectrice du travail \n \nSection 4-09 : section vacante \n \nMadame Mathilde HERMIER, Inspectrice du travail, est en charge de l'int\u00e9rim de la section. \n \n \nArticle 2 : \n \nEn cas d'absence ou d'emp\u00eachement d'un ou d'une responsable d'unit\u00e9 de contr\u00f4le d\u00e9sign\u00e9s \u00e0 l'article 1 ci-dessus, \nl'int\u00e9rim sera assur\u00e9 par un ou une autre responsable d'unit\u00e9 de contr\u00f4le de la Direction d\u00e9partementale de \nl'emploi du travail et des solidarit\u00e9s de Seine et Marne. \n \nEn cas d'absence ou d'emp\u00eachement d'un inspecteur ou d'une inspectrice du travail, l'int\u00e9rim sera \nprioritairement assur\u00e9 par un inspecteur ou inspectrice du travail affect\u00e9(e) dans la m\u00eame unit\u00e9 de contr\u00f4le ou \u00e0 \nd\u00e9faut une autre unit\u00e9 de contr\u00f4le ou par un  responsable d'unit\u00e9 de contr\u00f4le dans la m\u00eame ou une autre unit\u00e9 \nde contr\u00f4le. \nDirection r\u00e9gionale et interd\u00e9partementale de l'\u00e9conomie, de l'emploi, du travail et des solidarit\u00e9s d'\u00cele-de-France -\nIDF-2025-07-04-00005 - D\u00e9cision n\u00b0 2025-120 du 04 juillet 2025 portant affectation des agents de contr\u00f4le dans les unit\u00e9s de contr\u00f4le\net gestion des int\u00e9rims de la Direction d\u00e9partementale de l'emploi, du travail et des solidarit\u00e9s de Seine-et-Marne\n24\n \n4 / 4 \n \nEn cas d'absence ou d'emp\u00eachement d'un contr\u00f4leur ou d'une contr\u00f4leuse du travail, l'int\u00e9rim sera assur\u00e9 par un \ncontr\u00f4leur ou contr\u00f4leuse du travail affect\u00e9(e) dans la m\u00eame unit\u00e9 de contr\u00f4le et, en cas d'absence ou \nd'emp\u00eachement de celui-ci ou de celle-ci, par un contr\u00f4leur ou une contr\u00f4leuse du travail affect\u00e9(e) sur l'une des \nautres unit\u00e9s de contr\u00f4le ou, en cas d'absence ou d'emp\u00eachement, par un inspecteur du travail ou d'une \ninspectrice du travail affect\u00e9(e) dans la m\u00eame unit\u00e9 de contr\u00f4le ou une autre u nit\u00e9 de contr\u00f4le ou par un \nresponsable d'unit\u00e9 de contr\u00f4le dans la m\u00eame ou une autre unit\u00e9 de contr\u00f4le. \n \n \n \n \nArticle 3 :  \n \nConform\u00e9ment aux dispositions de l'article R.8122 -10 du code du travail, les agents mentionn\u00e9s \u00e0 l'article 1 \nparticipent lorsque l'action le rend n\u00e9cessaire aux actions d'inspection de la l\u00e9gislation du travail sur le territoire \nde la Direction D\u00e9partementale de l'Emploi du Travail et des Solidarit\u00e9s de Seine et Marne \u00e0 laquelle est rattach\u00e9e \nl'Unit\u00e9 de contr\u00f4le o\u00f9 ils sont affect\u00e9s. \n \n \nArticle 4 : \n \nLa d\u00e9cision n\u00b0 2025-106 du 10 juin 2025 portant affectation des agents de contr\u00f4le dans les unit\u00e9s de contr\u00f4le et \ngestion des int\u00e9rims de la Direction d\u00e9partementale de l'emploi, du travail et des solidarit\u00e9s de Seine et Marne \nest abrog\u00e9e. \n \n \nArticle 5 : \n \nLa pr\u00e9sente d\u00e9cision prend effet au 1er juillet 2025. \n \n \nArticle 6 : \n \nLe Directeur r\u00e9gional et interd\u00e9partemental de l'\u00e9conomie, de l'emploi, du travail et des solidarit\u00e9s d'Ile -de-\nFrance est charg\u00e9 de l'application de la pr\u00e9sente d\u00e9cision, qui sera publi\u00e9e au recueil des actes administratifs de \nla r\u00e9gion Ile-de-France. \n \n \n \nFait \u00e0 Aubervilliers, le 04 juillet 2025 \n \n \nLe Directeur r\u00e9gional et interd\u00e9partemental  \nde l'\u00e9conomie, de l'emploi, du travail  \net des solidarit\u00e9s de la r\u00e9gion Ile-de-France par int\u00e9rim, \n \n SIGN\u00c9 \n \n                           Marc Rohfritsch \nDirection r\u00e9gionale et interd\u00e9partementale de l'\u00e9conomie, de l'emploi, du travail et des solidarit\u00e9s d'\u00cele-de-France -\nIDF-2025-07-04-00005 - D\u00e9cision n\u00b0 2025-120 du 04 juillet 2025 portant affectation des agents de contr\u00f4le dans les unit\u00e9s de contr\u00f4le\net gestion des int\u00e9rims de la Direction d\u00e9partementale de l'emploi, du travail et des solidarit\u00e9s de Seine-et-Marne\n25\nDirection r\u00e9gionale et interd\u00e9partementale de\nl'\u00e9conomie, de l'emploi, du travail et des\nsolidarit\u00e9s d'\u00cele-de-France\nIDF-2025-07-04-00006\nD\u00e9cision n\u00b0 2025-121 du 04 juillet 2025 portant\naffectation des agents de contr\u00f4le dans les\nunit\u00e9s de contr\u00f4le et gestion des int\u00e9rims de la\ndirection d\u00e9partementale de l'emploi, du travail\net des solidarit\u00e9s de l'Essonne\nDirection r\u00e9gionale et interd\u00e9partementale de l'\u00e9conomie, de l'emploi, du travail et des solidarit\u00e9s d'\u00cele-de-France -\nIDF-2025-07-04-00006 - D\u00e9cision n\u00b0 2025-121 du 04 juillet 2025 portant affectation des agents de contr\u00f4le dans les unit\u00e9s de contr\u00f4le\net gestion des int\u00e9rims de la direction d\u00e9partementale de l'emploi, du travail et des solidarit\u00e9s de l'Essonne\n26\n|MINISTEREDU TRAVAIL, DE LA SANTE,DES SOLIDARITESET DES FAMILLESLibert\u00e9\u00c9galit\u00e9Fraternit\u00e9\n \nDRIEETS Ile de France  \n19/21 rue Madeleine Vionnet  \n93 300 AUBERVILLIERS                                                                                                                                                                                                       \n \nDirection r\u00e9gionale et interd\u00e9partementale \nde l'\u00e9conomie, de l'emploi, \ndu travail et des solidarit\u00e9s \n \n \n \n \n \nD\u00e9cision n\u00b0 2025-121 du 04 juillet 2025 \nportant affectation des agents de contr\u00f4le dans les unit\u00e9s de contr\u00f4le et gestion des int\u00e9rims de la direction \nd\u00e9partementale de l'emploi, du travail et des solidarit\u00e9s de l'Essonne  \n \n \nLe Directeur r\u00e9gional et interd\u00e9partemental de l'\u00e9conomie, de l'emploi, du travail et des solidarit\u00e9s d'\u00cele -de-France, par \nint\u00e9rim, \n \nVu le code du travail, notamment ses articles R. 8122-1 et suivants, \n \nVu le d\u00e9cret n\u00b0 2020 -1545 du 9 d\u00e9cembre 2020 relatif \u00e0 l'organisation et aux missions des directions r\u00e9gionales de \nl'\u00e9conomie, de l'emploi, du travail et des solidarit\u00e9s, des directions d\u00e9partementales de l'emploi, du travail et des \nsolidarit\u00e9s et des directions d\u00e9partementales de l'emploi, du travail, des solidarit\u00e9s et de la protection des populations, \n \nVu l'arr\u00eat\u00e9 minist\u00e9riel du 25 mars 2024 portant cr\u00e9ation et r\u00e9partition des unit\u00e9s de contr\u00f4le de l'inspection du travail, \n \nVu la d\u00e9cision n\u00b0 2021 -26 du 1er avril 2021 du Directeur r\u00e9gional et interd\u00e9partemental de l'\u00e9conomie, de l'emploi, du \ntravail et des solidarit\u00e9s d'Ile-de-France relative \u00e0 la localisation et \u00e0 la d\u00e9limitation des unit\u00e9s de contr\u00f4le et des sections \nd'inspection du travail du d\u00e9partement de l'Essonne,  \n \nD\u00c9CIDE : \n \nArticle 1 : Sont nomm\u00e9s responsables d'unit\u00e9s de contr\u00f4le d'inspection du travail de la direction d\u00e9partementale de \nl'emploi, du travail et des solidarit\u00e9s de l'Essonne les agents suivants : \n- - Unit\u00e9 de contr\u00f4le n\u00b01 : Madame Nathalie MEYER, Directrice adjointe du travail, \n- - Unit\u00e9 de contr\u00f4le n\u00b02 : Monsieur Lo\u00efc CAMUZAT, Directeur adjoint du travail, \n- - Unit\u00e9 de contr\u00f4le n\u00b03 : Madame Sylvie MALUDI, Directrice adjointe du travail. \n \nArticle 2 : Sans pr\u00e9judice des dispositions de l'article R. 8122-10-1 du code du travail et conform\u00e9ment aux dispositions de \nl'article R.8122-11 du code du travail, sont affect\u00e9s dans les sections d'inspection du travail de la direction d\u00e9partementale \nde l'emploi, du travail et des solidarit\u00e9s de l'Essonne les agents suivants : \n \nUnit\u00e9 de contr\u00f4le n\u00b01 : \n \n\u2022 Section 1-1T : Madame St\u00e9phanie DUVAL, directrice adjointe du travail assumant des fonctions d'inspectrice du \ntravail. \n\u2022 Section 1-2T : Madame Nad\u00e8ge RAVASSAT, inspectrice du travail. \n\u2022 Section 1-3 : Section vacante. L'int\u00e9rim  est assur\u00e9 par madame St\u00e9phanie DUVAL, directrice adjointe du travail \nassumant des fonctions d'inspectrice du travail. \n\u2022 Section 1-4 : Mme Na\u00efla OTT, inspectrice du travail. \n\u2022 Section 1-5 :  Monsieur Samy GHERBI, inspecteur du travail. \n\u2022 Section 1-6T : Madame B\u00e9atrice CHARPENTIER, inspectrice du travail  \n\u2022 Section 1-7 : Monsieur Micka\u00ebl TADRIST, inspecteur du travail. \n\u2022 Section 1-8 : Madame Pauline BRUNEAU, inspectrice du travail. \n\u2022 Section 1-9 : Madame Farida BARA, inspectrice du travail, \u00e0 l'exception de l'\u00e9tablissement Clinique de l'Yvette (n\u00b0 \nSiret : 96420200600026), sis \u00e0 Longjumeau, dont le contr\u00f4le est confi\u00e9 \u00e0 Madame Nad\u00e8ge RAVASSAT, inspectrice \ndu travail. \n \nDirection r\u00e9gionale et interd\u00e9partementale de l'\u00e9conomie, de l'emploi, du travail et des solidarit\u00e9s d'\u00cele-de-France -\nIDF-2025-07-04-00006 - D\u00e9cision n\u00b0 2025-121 du 04 juillet 2025 portant affectation des agents de contr\u00f4le dans les unit\u00e9s de contr\u00f4le\net gestion des int\u00e9rims de la direction d\u00e9partementale de l'emploi, du travail et des solidarit\u00e9s de l'Essonne\n27\n \n2 / 3 \n\u2022 Section 1-10A : Madame Nad\u00e8ge CLAUDE, inspectrice du travail, \u00e0 l'exception de l'\u00e9tablissement CSF (n\u00b0 Siret : \n44028375204822), sis \u00e0 Limours, dont le contr\u00f4le est confi\u00e9 \u00e0 Madame Ma\u00ebva MAUSSE, inspectrice du travail. \n\u2022 Section 1-11A :  Madame Ma\u00ebva MAUSSE, inspectrice du travail. \n \nUnit\u00e9 de contr\u00f4le n\u00b02 : \n \n\u2022 Section 2-1 : Monsieur Bastien JUPIN, inspecteur du travail. \n\u2022 Section 2-2A : Madame Alice RINAUDO, inspectrice du travail. \n\u2022 Section 2-3T : Section vacante jusqu'au 31 juillet 2025. L'int\u00e9rim est assur\u00e9 par Monsieur Lo\u00efc CAMUZAT, directeur \nadjoint du travail assumant des fonctions d'inspecteur du travail. \nA compter du 1er ao\u00fbt 2025 : Madame Anahita RAHMANINIKOO, inspectrice du travail. \n\u2022 Section 2-4 : Monsieur Pascal GRAILLOT, inspecteur du travail. \n\u2022 Section 2-5 : Monsieur Olivier OU-RABAH, inspecteur du travail.  \n\u2022 Section 2-6 : Section vacante. L'int\u00e9rim est assur\u00e9 par Monsieur Olivier OU-RABAH, inspecteur du travail. \n\u2022 Section 2-7 :  Madame C\u00e9cile IVORRA, inspectrice du travail. \n\u2022 Section 2-8T : Madame Chlo\u00e9 DOUT\u00c9, inspectrice du travail. \n\u2022 Section 2-9A : Section vacante jusqu'au 31 juillet 2025. L'int\u00e9rim est assur\u00e9 par Monsieur Bastien JUPIN, inspecteur \ndu travail. \nA compter du 1er ao\u00fbt 2025 : Monsieur Ma\u00ebl GUILLAUME, inspecteur du travail. \n\u2022 Section 2-10 :  Monsieur Paul ALMOUZNI, inspecteur du travail. \n\u2022 Section 2-11 : Monsieur Micka\u00ebl NGAMO-NGELEBEYA, inspecteur du travail. \n \nUnit\u00e9 de contr\u00f4le n\u00b03 : \n \n\u2022 Section 3-1 : Madame Nazli NOZARIAN, inspectrice du travail. \n\u2022 Section 3-2 : Madame Corinne CATALIFAUT, inspectrice du travail. \n\u2022 Section 3-3 : Monsieur Emmanuel ROGEZ, inspecteur du travail. \n\u2022 Section 3-4A : Monsieur G\u00e9rald IVA, inspecteur du travail. \n\u2022 Section 3-5 :  Madame Am\u00e9lie STOIAN, inspectrice du travail. \n\u2022 Section 3-6T :  Monsieur Mathieu MIGEON, inspecteur du travail. \n\u2022 Section 3-7 : Monsieur Fr\u00e9d\u00e9ric CACHEUX, inspecteur du travail. \n\u2022 Section 3-8 : Madame Isabelle ATINE-PONDEZI, inspectrice du travail. \n\u2022 Section 3-9 : Madame C\u00e9line BARBAROT, inspectrice du travail.  \n\u2022 Section 3-10A : Madame Aur\u00e9lie FORHAN, inspectrice du travail. \n\u2022 Section 3-11T :  Monsieur Fran\u00e7ois DA ROCHA, inspecteur du travail. \n \nArticle 3 : En cas d'emp\u00eachement d'un ou plusieurs agents de contr\u00f4le d\u00e9sign\u00e9s \u00e0 l'article 1 ci-dessus, l'int\u00e9rim est organis\u00e9 \nselon les modalit\u00e9s ci-apr\u00e8s : \n\u00c0 titre principal, en cas d'absence ou d'emp\u00eachement d'un inspecteur du travail, l'int\u00e9rim sera assur\u00e9 par un inspecteur \ndu travail affect\u00e9 dans la m\u00eame unit\u00e9 de contr\u00f4le et lorsque les circonstances le n\u00e9cessitent, par un inspecteur du travail \naffect\u00e9 dans une des trois autres unit\u00e9s de contr\u00f4le. \n \nArticle 4 : Conform\u00e9ment aux dispositions de l'article R.8122-10 du code du travail, les agents affect\u00e9s en unit\u00e9 de contr\u00f4le, \nparticipent lorsque l'action le rend n\u00e9cessaire aux actions d'inspection de la l\u00e9gislation du travail sur le territoire de l'unit\u00e9 \nd\u00e9partementale \u00e0 laquelle est rattach\u00e9e l'unit\u00e9 de contr\u00f4le o\u00f9 ils sont affect\u00e9s. \n \nArticle 5 : Sans pr\u00e9judice des attributions des agents de contr\u00f4le affect\u00e9s en section d'inspection, Monsieur Lo\u00efc \nCAMUZAT, directeur adjoint du travail, Madame Nathalie MEYER, directrice adjointe du travail, et Madame Sylvie MALUDI, \ndirectrice adjointe du travail, exercent une mission de contr\u00f4le en appui \u00e0 toutes les sections d'inspection. \n \nArticle 6 : En cas d'absence ou d'emp\u00eachement, l'int\u00e9rim de Monsieur Lo\u00efc CAMUZAT, Madame Nathalie MEYER ou \nMadame Sylvie MALUDI, responsables d'unit\u00e9 de contr\u00f4le, est assur\u00e9 par l'un des deux autres responsables d'unit\u00e9 de \ncontr\u00f4le. \nEn cas d'absence ou d'emp\u00eachement simultan\u00e9 de Madame Nathalie MEYER, de Monsieur Lo\u00efc CAMUZAT et de Madame \nSylvie MALUDI, responsables d'unit\u00e9s de contr\u00f4le, l'int\u00e9rim des unit\u00e9s de contr\u00f4le N\u00b0 1, 2 et 3, est assur\u00e9 par Madame \nLoriane COURTOIS, directrice adjointe du travail ou Monsieur St\u00e9phane ROUXEL, directeur du travail. \n \nArticle 7 : La pr \u00e9sente d\u00e9cision prend effet  \u00e0 sa date de sa publication  et au plus t\u00f4t au 1 er juillet 2025. Elle abroge la \nd\u00e9cision n\u00b0 2025-092 du 7 mai 2025 portant affectation des agents de contr\u00f4le dans les unit\u00e9s de contr\u00f4le et gestion des \nint\u00e9rims de la direction d\u00e9partementale de l'emploi, du travail et des solidarit\u00e9s de l'Essonne \nDirection r\u00e9gionale et interd\u00e9partementale de l'\u00e9conomie, de l'emploi, du travail et des solidarit\u00e9s d'\u00cele-de-France -\nIDF-2025-07-04-00006 - D\u00e9cision n\u00b0 2025-121 du 04 juillet 2025 portant affectation des agents de contr\u00f4le dans les unit\u00e9s de contr\u00f4le\net gestion des int\u00e9rims de la direction d\u00e9partementale de l'emploi, du travail et des solidarit\u00e9s de l'Essonne\n28\n \n3 / 3 \n \nArticle 8 : Le directeur r\u00e9gional et interd \u00e9partemental de l '\u00e9conomie, de l 'emploi, du travail et des solidarit \u00e9s d'Ile-de-\nFrance, par int\u00e9rim,  et le directeur d\u00e9partemental  de l'emploi, du travail et des solidarit\u00e9s de l'Essonne sont charg\u00e9s de \nl'ex\u00e9cution de la pr\u00e9sente d\u00e9cision qui sera publi\u00e9e au recueil des actes administratifs de la r\u00e9gion \u00cele -de-France et de la \npr\u00e9fecture du d\u00e9partement de l'Essonne. \n \n \nFait \u00e0 Aubervilliers, le 04 juillet 2025 \n \n \n                         Le Directeur r\u00e9gional et interd\u00e9partemental \n de l'\u00e9conomie, de l'emploi, du travail et des solidarit\u00e9s, par int\u00e9rim  \n \n  \n  SIGN\u00c9 \n \n                                              Marc ROHFRITSCH \nDirection r\u00e9gionale et interd\u00e9partementale de l'\u00e9conomie, de l'emploi, du travail et des solidarit\u00e9s d'\u00cele-de-France -\nIDF-2025-07-04-00006 - D\u00e9cision n\u00b0 2025-121 du 04 juillet 2025 portant affectation des agents de contr\u00f4le dans les unit\u00e9s de contr\u00f4le\net gestion des int\u00e9rims de la direction d\u00e9partementale de l'emploi, du travail et des solidarit\u00e9s de l'Essonne\n29\nDirection r\u00e9gionale et interd\u00e9partementale de\nl'\u00e9conomie, de l'emploi, du travail et des\nsolidarit\u00e9s d'\u00cele-de-France\nIDF-2025-07-04-00007\nD\u00e9cision n\u00b0 2025-122 du 04 juillet 2025 portant\naffectation des agents de contr\u00f4le dans les\nunit\u00e9s de contr\u00f4le et gestion des int\u00e9rims de\nl'Unit\u00e9 d\u00e9partementale des Hauts-de-Seine de la\nDRIEETS d'Ile-de-France\nDirection r\u00e9gionale et interd\u00e9partementale de l'\u00e9conomie, de l'emploi, du travail et des solidarit\u00e9s d'\u00cele-de-France -\nIDF-2025-07-04-00007 - D\u00e9cision n\u00b0 2025-122 du 04 juillet 2025 portant affectation des agents de contr\u00f4le dans les unit\u00e9s de contr\u00f4le\net gestion des int\u00e9rims de l'Unit\u00e9 d\u00e9partementale des Hauts-de-Seine de la DRIEETS d'Ile-de-France\n30\nMINISTEREDU TRAVAIL, DE LA SANTE,DES SOLIDARITESET DES FAMILLESLibert\u00e9\u00c9galit\u00e9Fraternit\u00e9\n \nDRIEETS Ile-de-France  \n19/21 rue Madeleine Vionnet  \n93300 AUBERVILLIERS                                                                                                                                                                                                                         \n  \nDirection r\u00e9gionale et interd\u00e9partementale \nde l'\u00e9conomie, de l'emploi, \ndu travail et des solidarit\u00e9s  \nd'Ile de France \n \n \n \n \n \nD\u00e9cision n\u00b0 2025-122 du 04 juillet 2025 \nportant affectation des agents de contr\u00f4le dans les unit\u00e9s de contr\u00f4le et gestion des int\u00e9rims \nde l'Unit\u00e9 d\u00e9partementale des Hauts-de-Seine de la DRIEETS d'Ile-de-France \n \n \n \nLe Directeur r\u00e9gional et interd\u00e9partemental de l'\u00e9conomie, de l'emploi, du travail et des solidarit\u00e9s d'Ile-\nde-France par int\u00e9rim, \n \nVu le code du travail, notamment ses articles R 8122-1 et suivants.  \n \nVu l'arr\u00eat\u00e9 interminist\u00e9riel du 20 mars 2025 nommant Marc ROHFRITSCH directeur r\u00e9gional et \ninterd\u00e9partemental de l'\u00e9conomie, de l'emploi, du travail et des solidarit\u00e9s d'\u00cele -de-France par int\u00e9rim, \u00e0 \ncompter du 1er avril 2025, \n \nVu l'arr\u00eat\u00e9 minist\u00e9riel du 25 mars 2024 portant cr\u00e9ation et r\u00e9partition des unit\u00e9s de contr\u00f4le de \nl'inspection du travail,  \n \nVu la d\u00e9cision n\u00b0 2021 -25 du 1er avril 2021 du directeur r\u00e9gional et interd\u00e9partemental de l'\u00e9conomie, de \nl'emploi, du travail et des solidarit\u00e9s d'Ile de France relative \u00e0 la localisation et \u00e0 la d\u00e9limitation des unit\u00e9s \nde contr\u00f4le et des sections d'inspection du travail de l'unit\u00e9 d\u00e9partementale des Hauts-de-Seine. \n \nD\u00c9CIDE : \n \nARTICLE 1er  \n \nSont nomm\u00e9s comme responsables des unit\u00e9s de contr\u00f4le de l' unit\u00e9 d\u00e9partementale des Hauts-de-Seine \nles agents suivants : \n \n- Unit\u00e9 de contr\u00f4le n\u00b0 1 : Madame Adeline GAZZOLA, directrice adjointe du travail. \n \n- Unit\u00e9 de contr\u00f4le n\u00b0 2 : Monsieur William WYTS, directeur adjoint du travail. \n \n- Unit\u00e9 de contr\u00f4le n\u00b0 3 : Madame Sylvie GUINOT, directrice adjointe du travail.  \n \n- Unit\u00e9 de contr\u00f4le n\u00b0 4 : Madame Samya KAMALI, directrice adjoint du travail. \n \n- Unit\u00e9 de contr\u00f4le n\u00b0 5 : Madame Nathalie NAMPON, directrice adjointe du travail. \n \n- Unit\u00e9 de contr\u00f4le n\u00b0 6 : Madame Lydia SAOULI, directrice adjointe du travail. \n \n- Unit\u00e9 de contr\u00f4le n\u00b0 7 : Madame Lydia SAOULI, directrice adjointe du travail, par int\u00e9rim.  \n \n \nDirection r\u00e9gionale et interd\u00e9partementale de l'\u00e9conomie, de l'emploi, du travail et des solidarit\u00e9s d'\u00cele-de-France -\nIDF-2025-07-04-00007 - D\u00e9cision n\u00b0 2025-122 du 04 juillet 2025 portant affectation des agents de contr\u00f4le dans les unit\u00e9s de contr\u00f4le\net gestion des int\u00e9rims de l'Unit\u00e9 d\u00e9partementale des Hauts-de-Seine de la DRIEETS d'Ile-de-France\n31\n \n2 / 6 \nARTICLE 2  \n \nSans pr\u00e9judice des dispositions de l'article R.8122-10-I du code du travail et conform\u00e9ment aux dispositions \nde l'article R.8122-11 du code du travail encadrant la r\u00e9partition organisationnelle des contr\u00f4les et juridique \nrelative aux d\u00e9cisions administratives et pouvoirs relevant de la comp\u00e9tence exclusive des inspecteurs du \ntravail dans les sections confi\u00e9es \u00e0 un contr\u00f4leur du travail, sont affect\u00e9s dans les sections d'inspection de \nl'unit\u00e9 d\u00e9partementale des Hauts-de-Seine les agents suivants : \n \nUnit\u00e9 de contr\u00f4le n\u00b0 1 \n \nSection 1-1 : Madame Delphine SARRASIN, inspectrice du travail.  \n \nSection 1-2 : Monsieur Virgile GARSMEUR, inspecteur du travail. \n \nSection 1-3 : Madame Leslie SALATA, inspectrice du travail. \n \nSection 1- 4 : Madame Val\u00e9rie LABATUT, inspectrice du travail.   \n \nSection 1-5 : Madame Christine ONNEE, inspectrice du travail. \n \nSection 1-6 : Madame Lisa ROUZIER, inspectrice du travail. \n \nSection 1-7 : Madame Christine ONNEE, inspectrice du travail, par int\u00e9rim.  \n \nSection 1-8 : Madame Suzanne BRUNELLI, inspectrice du travail. \n \nUnit\u00e9 de contr\u00f4le n\u00b0 2 \n \nSection 2-1 : Madame Caroline COLIN, inspectrice du travail. \n \nMadame Caroline COLIN  est \u00e9galement comp\u00e9tente pour le contr\u00f4le des \u00e9tablissements de transports \nroutiers situ\u00e9s 26, quai Charles Pasqua \u00e0 Levallois-Perret. \n \nSection 2-2 : Monsieur Timoth\u00e9e MASSON, inspecteur du travail. \n \nSection 2-3 : Monsieur Th\u00e9o NUGUES-SCHONFELD, inspecteur du travail. \n \nSection 2-4 : Monsieur Farouk DJEBARA, inspecteur du travail. \n \nSection 2-5 : Madame Manon DEMIGNE, inspectrice du travail. \n \nSection 2-6 : Monsieur Nolit DASYLVA, inspecteur du travail.  \n \nSection 2-7 : Madame Marie-Agn\u00e8s YAPO, inspecteur du travail, par int\u00e9rim. \n \nSection 2-8 : Madame Marie-Agn\u00e8s YAPO, inspectrice du travail. \n \nSection 2 -9 : Madame Marjorie CARO , inspectr ice du travail.  En cas d'emp\u00eachement, M onsieur Th\u00e9o \nNUGUES-SCHONFELD. \n \nSection 2-10 : Monsieur Nosr-Eddine SEGHILI, inspecteur du travail, par int\u00e9rim. \n \nSection 2-11 : Monsieur Nosr-Eddine SEGHILI, inspecteur du travail. \nDirection r\u00e9gionale et interd\u00e9partementale de l'\u00e9conomie, de l'emploi, du travail et des solidarit\u00e9s d'\u00cele-de-France -\nIDF-2025-07-04-00007 - D\u00e9cision n\u00b0 2025-122 du 04 juillet 2025 portant affectation des agents de contr\u00f4le dans les unit\u00e9s de contr\u00f4le\net gestion des int\u00e9rims de l'Unit\u00e9 d\u00e9partementale des Hauts-de-Seine de la DRIEETS d'Ile-de-France\n32\n \n3 / 6 \n \nSection 2-12 : Monsieur Youssef CHEHADY, inspecteur du travail. \n \nUnit\u00e9 de contr\u00f4le n\u00b0 3 \n \nSection 3-1 : Madame St\u00e9phanie QUECHON, inspectrice du travail. \n \nSection 3-2 : Monsieur Guillaume THENOZ, inspecteur du travail, par int\u00e9rim. \n \nSection 3-3 : Monsieur Ronan LE VERGE, inspecteur du travail. \n \nSection 3-4 : Monsieur Guillaume THENOZ, inspecteur du travail. \n \nSection 3-5 : Monsieur Simon MAES, inspecteur du travail. \n \nSection 3-6 : Madame Sylvie BOBIN, inspectrice du travail.  \n \nSection 3-7 : Madame St\u00e9phanie HUDE, inspectrice du travail.  \n \nSection 3-8 : Monsieur Fr\u00e9d\u00e9ric PICARD, inspecteur du travail. \n \nSection 3-9 : Monsieur Philippe GARNEAU, contr\u00f4leur du travail. \n \nMadame Sylvie BOBIN , inspectrice du travail, est charg\u00e9 e du contr\u00f4le des \u00e9tablissements d'au moins 50 \nsalari\u00e9s. \nElle est en outre comp\u00e9tent e sur cette section pour prendre les d\u00e9cisions relevant de la comp\u00e9tence \nexclusive de l'inspecteur du travail en vertu de dispositions l\u00e9gislatives ou r\u00e9glementaires.  \n \nSection 3-10 : Monsieur Gaspard CHEVRIER, inspecteur du travail. \n \nSection 3-11 : Madame St\u00e9phanie QUECHON, inspectrice du travail, par int\u00e9rim. \n \nSection 3-12 : Madame Jeanne GRAFFION, inspectrice du travail. \n \nUnit\u00e9 de contr\u00f4le n\u00b0 4 \n \nSection 4-1 : Monsieur S\u00e9bastien DECROIX, inspecteur du travail.  \n \nSection 4-2 : Madame B\u00e9n\u00e9dicte MALAVASI, inspectrice du travail. \n \nSection 4-3 : Monsieur Mathieu DUCELIER, inspecteur du travail. \n \nSection 4-4 : Madame B\u00e9n\u00e9dicte MALAVASI, inspectrice du travail, par int\u00e9rim. \n \nSection 4-5 : Madame Martine JULAUD, inspectrice du travail.  \n \nSection 4-6 : Monsieur Camille ROCHEDREUX, inspecteur du travail.  \n \nSection 4-7 : Madame Anna TCHADJA-ADJE, inspectrice du travail. \n \nSection 4-8 : Monsieur Simon MAUGER, inspecteur du travail. \n \nSection 4-9 : Madame In\u00e8s WERTHEIMER, inspectrice du travail. \nDirection r\u00e9gionale et interd\u00e9partementale de l'\u00e9conomie, de l'emploi, du travail et des solidarit\u00e9s d'\u00cele-de-France -\nIDF-2025-07-04-00007 - D\u00e9cision n\u00b0 2025-122 du 04 juillet 2025 portant affectation des agents de contr\u00f4le dans les unit\u00e9s de contr\u00f4le\net gestion des int\u00e9rims de l'Unit\u00e9 d\u00e9partementale des Hauts-de-Seine de la DRIEETS d'Ile-de-France\n33\n \n4 / 6 \n \nSection 4-10 : Monsieur Beno\u00eet GOUEL, inspecteur du travail.  \n \nSection 4-11 : Madame Aur\u00e9lie LEHOUX, inspectrice du travail. \n \nSection 4-12 : Monsieur Richard BOUDET, inspecteur du travail. \n \nSection 4-13 : Monsieur Richard BOUDET, inspecteur du travail, par int\u00e9rim. \n \nUnit\u00e9 de contr\u00f4le n\u00b0 5 \n \nSection 5-1 : Monsieur St\u00e9phane GRIMALDI, inspecteur du travail.  \n \nSection 5-2 : Monsieur Benoit CHOPPIN, inspecteur du travail.  \n \nSection 5-3 : Monsieur Gwendal HELARY, inspecteur du travail, par int\u00e9rim.  \n \nSection 5-4 : Madame Alexia JOUZEL, inspectrice du travail. \n \nSection 5-5 : Monsieur David BLOYS, contr\u00f4leur du travail. \n \nMadame Alexia JOUZEL, inspectrice du travail, est charg\u00e9 e du contr\u00f4le des \u00e9tablissements d'au moins 50 \nsalari\u00e9s. \nElle est en outre comp\u00e9tent e sur cette section pour prendre les d\u00e9cisions relevant de la comp\u00e9tence \nexclusive de l'inspecteur du travail en vertu de dispositions l\u00e9gislatives ou r\u00e9glementaires, par int\u00e9rim.  \n \nSection 5 -6 : Monsieur Lazare TSALA , inspecteur du travail.  En cas d'emp\u00eachement, Monsieur Beno\u00eet \nCHOPPIN. \n \n \nSection 5-7 : Madame Audrey RAMASAWMY, contr\u00f4leur du travail.  Madame Audrey RAMASAWMY est en \noutre comp\u00e9tente pour les chantiers de la section 5-1. \n \nMadame Anne-V\u00e9ronique PENSEREAU, inspectrice du travail, est charg\u00e9e du contr\u00f4le des \u00e9tablissements \nd'au moins 50 salari\u00e9s. \nElle est en outre comp\u00e9tente sur cette section pour prendre, les d\u00e9cisions relevant de la comp\u00e9tence \nexclusive de l'inspecteur du travail en vertu de dispositions l\u00e9gislatives ou r\u00e9glementaires.  \n \nSection 5-8 : Madame Anne-V\u00e9ronique PENSEREAU, inspectrice du travail. \n \nSection 5-9 : Madame Francine LAURENT, inspectrice du travail. \n \nSection 5-10 : Madame Camille LARBANET-MONTUSCLAT, inspectrice du travail. \n \nSection 5-11 : Monsieur Gwendal HELARY, inspecteur du travail. \n \nUnit\u00e9 de contr\u00f4le n\u00b0 6 \n \nSection 6-1 : Monsieur Joris MONIER, inspecteur du travail. \n \nSection 6-2 : Madame Audrey COLLOBERT-MASSA, inspectrice du travail. \n \nSection 6-3 : Madame Laure BONDUELLE, inspectrice du travail. \nDirection r\u00e9gionale et interd\u00e9partementale de l'\u00e9conomie, de l'emploi, du travail et des solidarit\u00e9s d'\u00cele-de-France -\nIDF-2025-07-04-00007 - D\u00e9cision n\u00b0 2025-122 du 04 juillet 2025 portant affectation des agents de contr\u00f4le dans les unit\u00e9s de contr\u00f4le\net gestion des int\u00e9rims de l'Unit\u00e9 d\u00e9partementale des Hauts-de-Seine de la DRIEETS d'Ile-de-France\n34\n \n5 / 6 \n \nSection 6-4 : Madame M\u00e9lina SIERRA, inspectrice du travail, par int\u00e9rim.  \n \nSection 6-5 : Madame Laurence LEPROVOST, inspectrice du travail. \n \nSection 6-6 : Monsieur William RICHETON, inspecteur du travail. \n \nSection 6-7 : Monsieur Farid OUNISSI, inspecteur du travail. \n \nSection 6-8 : Monsieur Gilles FERNANDES, inspecteur du travail. \n \nSection 6-9 : Monsieur Hubert GOURDET, inspecteur du travail. En cas d'emp\u00eachement, Madame Laurence \nLEPROVOST, inspectrice du travail. \n \nUnit\u00e9 de contr\u00f4le n\u00b0 7 \n \nSection 7-1 : Madame Soizic DUPIRE, inspectrice du travail.  \n \nSection 7-2 : Madame Lise FRIQUET, inspectrice du travail. \n \nSection 7 -3 : Madame Anne Charlotte BONNEFONT, inspectrice du travail.  En cas d'emp\u00eachement, \nMadame Sophie ALGALARRONDO. \n \nSection 7-4 : Madame Oc\u00e9ane DELATTRE, inspectrice du travail. \n \nSection 7-5 : Monsieur Jean-Fran\u00e7ois GOS, inspecteur du travail. \n \nSection 7-6 : Madame Sophie ALGALARRONDO, inspectrice du travail. \n \nSection 7-7 : Monsieur Ludovic FOLY, inspecteur du travail. \n \nSection 7-8 : Monsieur Norbert MAHON, inspecteur du travail.  \n \nSection 7-9 : Madame M\u00e9lina SIERRA, inspectrice du travail.  \n \nARTICLE 3 \n \nEn cas d'absence ou d'emp\u00eachement d'un directeur adjoint du travail, d'un inspecteur ou contr\u00f4leur du \ntravail charg\u00e9 des actions d'inspection de la l\u00e9gislation du travail dans les sections d'inspection du travail \nen application de l'article 2, l'int\u00e9rim est organis\u00e9 selon les modalit\u00e9s ci -apr\u00e8s : \n \n- Int\u00e9rim des directeurs-adjoints du travail et des inspecteurs du travail : \n \nL'int\u00e9rim d'un directeur -adjoint du travail ou d'un inspecteur du travail absent ou emp\u00each\u00e9 sera \nprioritairement assur\u00e9 par un inspecteur du travail charg\u00e9 des actions d'inspection de la l\u00e9gislation du \ntravail dans les sections d'inspection du travail, en application de l'article 2, \u00e0 d\u00e9faut par un responsable \nd'unit\u00e9 de contr\u00f4le d\u00e9sign\u00e9 \u00e0 l'article 1 et le cas \u00e9ch\u00e9ant par un contr\u00f4leur du travail, tous deux charg\u00e9s \ndes actions d'inspection de la l\u00e9gislation du travail dans les sections d'inspection du travail, en application \nde l'article 2 pour les \u00e9tablissements de moins de 50 salari\u00e9s. \n \n \n \n \nDirection r\u00e9gionale et interd\u00e9partementale de l'\u00e9conomie, de l'emploi, du travail et des solidarit\u00e9s d'\u00cele-de-France -\nIDF-2025-07-04-00007 - D\u00e9cision n\u00b0 2025-122 du 04 juillet 2025 portant affectation des agents de contr\u00f4le dans les unit\u00e9s de contr\u00f4le\net gestion des int\u00e9rims de l'Unit\u00e9 d\u00e9partementale des Hauts-de-Seine de la DRIEETS d'Ile-de-France\n35\n \n6 / 6 \n \n \n- Int\u00e9rim des contr\u00f4leurs du travail : \n \nL'int\u00e9rim d'un contr\u00f4leur du travail absent ou emp\u00each\u00e9 sera assur\u00e9 par un inspecteur du travail ou un \ncontr\u00f4leur du travail charg\u00e9 des actions d'inspection de la l\u00e9gislation du travail dans les sections \nd'inspection du travail, en application de l'article 2. Lorsque l'int\u00e9rim est assur\u00e9 par un contr\u00f4leur du travail, \nles pouvoirs de d\u00e9cision administrative relevant de la comp\u00e9tence exclusive d'un inspecteur du travail sont \nconfi\u00e9s \u00e0 un inspecteur du travail charg\u00e9 des actions d'inspection de la l\u00e9gislation d u travail dans les \nsections d'inspection du travail en application de l'article 2 ou \u00e0 un responsable d'unit\u00e9 de contr\u00f4le d\u00e9sign\u00e9 \n\u00e0 l'article 1, auxquels le contr\u00f4le des \u00e9tablissements de plus de 50 salari\u00e9s peut \u00eatre confi\u00e9.  \n \nARTICLE 4  \n \nEn cas d'absence ou d'emp\u00eachement d'un des responsables d'unit\u00e9 de contr\u00f4le d\u00e9sign\u00e9s \u00e0 l'article 1, \nl'int\u00e9rim est confi\u00e9 prioritairement \u00e0 un autre responsable d'unit\u00e9 de contr\u00f4le d\u00e9sign\u00e9s \u00e0 l'article 1, \u00e0 d\u00e9faut \n\u00e0 Monsieur J\u00e9r\u00f4me SAJOT, directeur du travail. \n \nARTICLE 5  \n \nConform\u00e9ment aux dispositions de l'article R.8122-10 du code du travail, les agents mentionn\u00e9s aux articles \n1 et 2 participent, lorsque l'action le rend n\u00e9cessaire, aux actions d'inspection de la l\u00e9gislation du travail \nsur le territoire de l'Unit\u00e9 d\u00e9partem entale de la DRIEETS \u00e0 laquelle est rattach\u00e9e l'unit\u00e9 de contr\u00f4le o\u00f9 ils \nsont affect\u00e9s. \n \nARTICLE 6 \n \nLa pr\u00e9sente d\u00e9cision prend effet \u00e0 la date de sa publication  et abroge la d\u00e9cision n\u00b0 2025- 104 du 28 mai \n2025 portant affectation des agents de contr\u00f4le dans les unit\u00e9s de contr\u00f4le et gestion des int\u00e9rims de \nl'unit\u00e9 d\u00e9partementale des Hauts-de-Seine de la DRIEETS d'Ile-de-France. \n \nARTICLE 7 \n \nLe Directeur r\u00e9gional et interd\u00e9partemental de l'\u00e9conomie, de l'emploi, du travail et des solidarit\u00e9s d'Ile -\nde-France par int\u00e9rim est charg\u00e9 de l'application de la pr\u00e9sente d\u00e9cision, qui sera publi\u00e9e au recueil des \nactes administratifs de la r\u00e9gion Ile-de-France.  \n \n \n \nFait \u00e0 Aubervilliers, le 04 juillet 2025 \n \nLe directeur r\u00e9gional et interd\u00e9partemental de \nl'\u00e9conomie, de l'emploi, du travail et des solidarit\u00e9s \npar int\u00e9rim, \n \nSIGN\u00c9 \n \nMarc ROHFRITSCH \nDirection r\u00e9gionale et interd\u00e9partementale de l'\u00e9conomie, de l'emploi, du travail et des solidarit\u00e9s d'\u00cele-de-France -\nIDF-2025-07-04-00007 - D\u00e9cision n\u00b0 2025-122 du 04 juillet 2025 portant affectation des agents de contr\u00f4le dans les unit\u00e9s de contr\u00f4le\net gestion des int\u00e9rims de l'Unit\u00e9 d\u00e9partementale des Hauts-de-Seine de la DRIEETS d'Ile-de-France\n36\nDirection r\u00e9gionale et interd\u00e9partementale de\nl'\u00e9conomie, de l'emploi, du travail et des\nsolidarit\u00e9s d'\u00cele-de-France\nIDF-2025-07-04-00009\nD\u00e9cision n\u00b02025-124 du 04 juillet 2025 portant\naffectation des agents de contr\u00f4le dans les\nunit\u00e9s de contr\u00f4le et gestion des int\u00e9rims de\nl'Unit\u00e9 d\u00e9partementale du Val-de-Marne de la\nDRIEETS d'Ile-de-France\nDirection r\u00e9gionale et interd\u00e9partementale de l'\u00e9conomie, de l'emploi, du travail et des solidarit\u00e9s d'\u00cele-de-France -\nIDF-2025-07-04-00009 - D\u00e9cision n\u00b02025-124 du 04 juillet 2025 portant affectation des agents de contr\u00f4le dans les unit\u00e9s de contr\u00f4le\net gestion des int\u00e9rims de l'Unit\u00e9 d\u00e9partementale du Val-de-Marne de la DRIEETS d'Ile-de-France\n37\nMINISTERE |DU TRAVAIL, DE LA SANTE,DES SOLIDARITESET DES FAMILLESLibert\u00e9Egalit\u00e9Fraternit\u00e9\n \nDRIEETS Ile-de-France  \n21 rue Madeleine Vionnet  \n93 300 AUBERVILLIERS                                                                                                                                                                                                              \n  \nDirection r\u00e9gionale et interd\u00e9partementale \nde l'\u00e9conomie, de l'emploi, \ndu travail et des solidarit\u00e9s  \n \n \n \n \n \n \n \nD\u00e9cision n\u00b02025-124 du 04 juillet 2025 \nPortant affectation des agents de contr\u00f4le dans les unit\u00e9s de contr\u00f4le et gestion des int\u00e9rims de \nl'Unit\u00e9 d\u00e9partementale du Val-de-Marne de la DRIEETS d'Ile-de-France \n \n \n \nLe Directeur r\u00e9gional et interd\u00e9partemental de l'\u00e9conomie, de l'emploi, du travail et des solidarit\u00e9s d'Ile-de-\nFrance, \n \nVu le code du travail, notamment ses articles R. 8122-1 et suivants.  \n \nVu le d\u00e9cret n\u00b0 2020-1545 du 9 d\u00e9cembre 2020 relatif \u00e0 l'organisation et aux missions des directions r\u00e9gionales \nde l'\u00e9conomie, de l'emploi, du travail et des solidarit\u00e9s, des directions d\u00e9partementales de l'emploi, du travail \net des solidarit\u00e9s et des directions d\u00e9partementales de l'emploi, du travail, des solidarit\u00e9s et de la protection \ndes populations,  \n \nVu l'arr\u00eat\u00e9 interminist\u00e9riel du 20 mars 2025 nommant Marc ROHFRITSCH directeur r\u00e9gional et \ninterd\u00e9partemental de l'\u00e9conomie, de l'emploi, du travail et des solidarit\u00e9s d'\u00cele-de-France par int\u00e9rim, \n \nVu l'arr\u00eat\u00e9 minist\u00e9riel du 25 mars 2024 portant cr\u00e9ation et r\u00e9partition des unit\u00e9s de contr\u00f4le de l'inspection du \ntravail,  \n \nVu la d\u00e9cision n\u00b0 2021-29 du 1er avril 2021 du directeur r\u00e9gional et interd\u00e9partemental de l'\u00e9conomie, de l'emploi, \ndu travail et des solidarit\u00e9s d'Ile-de-France relative \u00e0 la localisation et \u00e0 la d\u00e9limitation des unit\u00e9s de contr\u00f4le et \ndes sections d'inspection du travail de l'unit\u00e9 d\u00e9partementale du Val-de-Marne ; \n \n \nD\u00c9CIDE : \n \nArticle 1er  \n \nSont nomm\u00e9s en qualit\u00e9 de responsables des unit\u00e9s de contr\u00f4le  d\u00e9partementales et interd\u00e9partementales de \nl'unit\u00e9 d\u00e9partementale du Val-de-Marne, les agents suivants : \n- Unit\u00e9 de contr\u00f4le d\u00e9partementale n\u00b01 : Madame Julie GUINDO, directrice adjointe du travail. \n- Unit\u00e9 de contr\u00f4le interd\u00e9partementale n\u00b02 : Madame Nimira HASSANALY, directrice adjointe du travail. \n- Unit\u00e9 de contr\u00f4le d\u00e9partementale n\u00b03 : Madame Audrey GEHIN, directrice adjointe du travail. \n- Unit\u00e9 de contr\u00f4le interd\u00e9partementale n\u00b04 : Madame Elisabeth LAMORA, directrice adjointe du travail. \n \nSans pr\u00e9judice des attributions des agents de contr\u00f4le affect\u00e9s en section, ils exercent une mission de contr\u00f4le \nen appui \u00e0 toutes les sections d'inspection et , \u00e0 titre principal , aux sections de l'unit\u00e9 dont ils ont la \nresponsabilit\u00e9 en propre. \n \n \n \n \n \n \n \nDirection r\u00e9gionale et interd\u00e9partementale de l'\u00e9conomie, de l'emploi, du travail et des solidarit\u00e9s d'\u00cele-de-France -\nIDF-2025-07-04-00009 - D\u00e9cision n\u00b02025-124 du 04 juillet 2025 portant affectation des agents de contr\u00f4le dans les unit\u00e9s de contr\u00f4le\net gestion des int\u00e9rims de l'Unit\u00e9 d\u00e9partementale du Val-de-Marne de la DRIEETS d'Ile-de-France\n38\n \n2 / 4 \nArticle 2 \n \nSont affect\u00e9s dans les sections d'inspection du travail des unit\u00e9s de contr\u00f4le d\u00e9partementales et \ninterd\u00e9partementales de l'unit\u00e9 d\u00e9partementale du Val-de-Marne les agents suivants : \n \nUnit\u00e9 de contr\u00f4le d\u00e9partementale n\u00b01 \n \nSection 1-1 : Madame Julie GUINDO, directrice adjointe du travail. \n \nSection 1-2 : Madame Hannah USTAZE, inspectrice du travail. \n \nMadame Am\u00e9lie BALAYRE, inspectrice du travail, est charg\u00e9e du contr\u00f4le de l'entreprise BLUELINK  situ\u00e9e 74 \navenue Vladimir ilitch L\u00e9nine 94110 ARCUEIL. \n \nSection 1-3 : Madame Zolikha BENALI, inspectrice du travail.  \n \nSection 1-4 : Poste vacant, int\u00e9rim assur\u00e9 par Monsieur Hugo MAZA, inspecteur du travail. \n \nSection 1-5 : Madame Camille JOCQUEL, inspectrice du travail.  \n \nSection 1-6 : Madame Anouk PIAZZONI, inspectrice du travail. \n \nSection 1-7 : Poste vacant, int\u00e9rim assur\u00e9 par Madame Florence LESPIAUT, directrice adjointe du travail. \n \nMadame Julie GUINDO, directrice adjointe du travail, est charg\u00e9e du contr\u00f4le des \u00e9tablissements de transport \nroutier. \n \nSection 1-8 : Poste vacant, int\u00e9rim assur\u00e9 par Madame Zolikha BENALI, inspectrice du travail. \n \nSection 1-9 : Monsieur Doudou SY, inspecteur du travail. \n \nSection 1-10 : Madame Am\u00e9lie BALAYRE, inspectrice du travail. \n \nSection 1-11 : Madame Luce BOUENIKALAMIO, inspectrice du travail. \n \nUnit\u00e9 de contr\u00f4le interd\u00e9partementale n\u00b02  \n \nSection 2-1 : Madame Nimira HASSANALY, directrice adjointe du travail. \n \nSection 2-2 : Madame Florence LESPIAUT, inspectrice du travail. \n \nSection 2-3 : Madame Marie DHERBASSY, inspectrice du travail. \n \nSection 2-4 : Madame L\u00e9a PAIR, inspectrice du travail. \n \nSection 2-5 : Madame Soizic MIRZEIN, inspectrice du travail.  \n \nSection 2-6 : Monsieur Vong-Chaleu LY, inspecteur du travail.  \n \nSection 2-7 : Monsieur Fran\u00e7ois-Xavier BRETON, contr\u00f4leur du travail. \n \nMonsieur Vong-Chaleu LY, inspecteur du travail, est charg\u00e9 du contr\u00f4le des chantiers de BTP. Il est par ailleurs \nhabilit\u00e9 \u00e0 prendre les d\u00e9cisions relevant de la comp\u00e9tence exclusive de l'inspecteur du travail en vertu des \ndispositions l\u00e9gislatives et r\u00e9glementaires. \n \nSection 2-8 : Madame Marie-Pierre FILLON, inspectrice du travail. \n \nSection 2-9 : Madame Belkyss KHERIJI-EL ALOUI, inspectrice du travail. \n \nSection 2-10 : Madame Cindy ROBERT, inspectrice du travail. \nDirection r\u00e9gionale et interd\u00e9partementale de l'\u00e9conomie, de l'emploi, du travail et des solidarit\u00e9s d'\u00cele-de-France -\nIDF-2025-07-04-00009 - D\u00e9cision n\u00b02025-124 du 04 juillet 2025 portant affectation des agents de contr\u00f4le dans les unit\u00e9s de contr\u00f4le\net gestion des int\u00e9rims de l'Unit\u00e9 d\u00e9partementale du Val-de-Marne de la DRIEETS d'Ile-de-France\n39\n \n3 / 4 \n \nSection 2-11 : Monsieur Hugo MAZA, inspecteur du travail.  \n \nUnit\u00e9 de contr\u00f4le d\u00e9partementale n\u00b03 \n \nSection 3-1 : Madame Audrey GEHIN, inspectrice du travail. \n \nSection 3-2 : Madame Na\u00efma CHABOU, inspectrice du travail. \n \nSection 3-3 : Monsieur Yoann JOURNAUX, inspecteur du travail. \n \nSection 3-4 : Madame Juliette JANECZEK, inspectrice du travail. \n \nSection 3-5 : Monsieur Edern LE-ROUX, inspecteur du travail. \n \nSection 3-6 : Madame Christelle GROSS, inspectrice du travail. \n \nSection 3-7 : Poste vacant, int\u00e9rim assur\u00e9 par Monsieur Yoann JOURNAUX, inspecteur du travail. \n \nSection 3-8 : Poste vacant, int\u00e9rim assur\u00e9 par Madame Christelle GROSS, inspectrice du travail. \n \nSection 3-9 : Madame F\u00e9lix TOUSSINE, inspectrice du travail.  \n \nSection 3-10 : Monsieur Hicham BOUANANE, inspecteur du travail. \n \nSection 3-11 : Poste vacant, int\u00e9rim assur\u00e9 par Madame Juliette JANECZEK, inspectrice du travail. \n \n \nUnit\u00e9 de contr\u00f4le interd\u00e9partementale n\u00b04 \n \nSection 4-1 : Madame Elisabeth LAMORA, directrice adjointe du travail. \n \nSection 4-2 : Monsieur Florent HUART, inspecteur du travail. \n \nSection 4-3 : Madame Oph\u00e9lie BURY, inspectrice du travail. \n \nSection 4-4 : Poste vacant, int\u00e9rim assur\u00e9 par Monsieur gauthier LEWANDOWSKI, inspecteur du travail. \n  \nSection 4-5 : Madame Rachel WOLF, inspectrice du travail. \n \nSection 4-6 : Monsieur David TELLALIAN, inspecteur du travail. \n \nSection 4-7 : Madame M\u00e9lissa ALLAGNAT, inspectrice du travail.  \n \nSection 4-8 : Madame Assia BAGHDAD-BELHADJ, inspectrice du travail. \n \nSection 4-9 : Madame Sophie TAN, inspectrice du travail. \n \nSection 4-10 : Monsieur Gauthier LEWANDOWSKI, inspecteur du travail. \n \nSection 4-11 : Madame Claire BAURIN, inspectrice du travail. \n \n \nArticle 3 \n \nEn cas d'absence ou d'emp\u00eachement d'un responsable d'unit\u00e9 de contr\u00f4le, l'int\u00e9rim sera assur\u00e9 par l'un des \nresponsables d'unit\u00e9 de contr\u00f4le mentionn\u00e9s \u00e0 l'article 1 ou par un membre de la direction du P\u00f4le Politique du \nTravail. \n \nDirection r\u00e9gionale et interd\u00e9partementale de l'\u00e9conomie, de l'emploi, du travail et des solidarit\u00e9s d'\u00cele-de-France -\nIDF-2025-07-04-00009 - D\u00e9cision n\u00b02025-124 du 04 juillet 2025 portant affectation des agents de contr\u00f4le dans les unit\u00e9s de contr\u00f4le\net gestion des int\u00e9rims de l'Unit\u00e9 d\u00e9partementale du Val-de-Marne de la DRIEETS d'Ile-de-France\n40\n \n4 / 4 \nEn cas d'absence ou d'emp\u00eachement d'un agent de contr\u00f4le, l'int\u00e9rim sera assur\u00e9 par l'un des agents de \ncontr\u00f4le mentionn\u00e9s \u00e0 l'article 2 ou par un membre de la direction du P\u00f4le Politique du travail.  \n \n \nArticle 4 \n \nLa d\u00e9cision prend effet d\u00e8s sa publication au recueil des actes administratifs et abroge la d\u00e9cision n\u00b0 2025-044 \ndu 25 mars 2025 portant affectation des agents de contr\u00f4le dans les unit\u00e9s de contr\u00f4le et gestion des int\u00e9rims \nde l'Unit\u00e9 d\u00e9partementale du Val-de-Marne de la DRIEETS d'Ile-de-France est abrog\u00e9e. \n  \n \nArticle 5 \n \nLe Directeur r\u00e9gional et interd\u00e9partemental de l'\u00e9conomie, de l'emploi, du travail et des solidarit\u00e9s d'Ile -de-\nFrance est charg\u00e9 de l'ex\u00e9cution de la pr\u00e9sente d\u00e9cision, qui sera publi\u00e9e au recueil des actes administratifs de \nla r\u00e9gion d'Ile-de-France. \n \n \nFait \u00e0 Aubervilliers, le 04 juillet 2025 \n \nLe Directeur r\u00e9gional et interd\u00e9partemental  \nde l'\u00e9conomie, de l'emploi, du travail  \net des solidarit\u00e9s d'\u00cele-de-France, \npar int\u00e9rim, \n \nSIGN\u00c9 \n \nMarc ROHFRITSCH \nDirection r\u00e9gionale et interd\u00e9partementale de l'\u00e9conomie, de l'emploi, du travail et des solidarit\u00e9s d'\u00cele-de-France -\nIDF-2025-07-04-00009 - D\u00e9cision n\u00b02025-124 du 04 juillet 2025 portant affectation des agents de contr\u00f4le dans les unit\u00e9s de contr\u00f4le\net gestion des int\u00e9rims de l'Unit\u00e9 d\u00e9partementale du Val-de-Marne de la DRIEETS d'Ile-de-France\n41","date":"2025-07-07","first_seen_on":"2025-07-07T17:57:22+00:00","id":"1260f7d938b9a32721d0cd6c00c1e27e7a1812a74dbb22b12ac3abfc9aa769ae","name":"recueil-idf-013-2025-07-RAA-nominatifs du 07.07.2025","pdf_creation_date":"2025-07-07T15:14:28+00:00","pdf_modification_date":null,"timezone":"Europe/Paris","url":"https://www.prefectures-regions.gouv.fr/ile-de-france/irecontenu/telechargement/129306/952336/file/recueil-idf-013-2025-07-RAA-nominatifs%20du%2007.07.2025.pdf"}
