{"administration":"pref69","administration_name":"Pr\u00e9fecture du Rh\u00f4ne","content":"PR\u00c9F\u00c8TE\nDU RH\u00d4NE\nRECUEIL DES ACTES\nADMINISTRATIFS SP\u00c9CIAL\nN\u00b069-2026-012\nPUBLI\u00c9 LE 12 JANVIER 2026\nSommaire\n69_Pr\u00e9f_Pr\u00e9fecture du Rh\u00f4ne / Direction de la Coordination des\nPolitiques Interminist\u00e9rielles\n69-2026-01-08-00005 - Arr\u00eat\u00e9 pr\u00e9fectoral portant d\u00e9l\u00e9gation de\nsignature \u00e0 M. Antoine GUERIN, pr\u00e9fet d\u00e9l\u00e9gu\u00e9 pour la d\u00e9fense\net la s\u00e9curit\u00e9 aupr\u00e8s de la pr\u00e9f\u00e8te de la r\u00e9gion\nAuvergne-Rh\u00f4ne-Alpes, pr\u00e9f\u00e8te de la zone de d\u00e9fense et de\ns\u00e9curit\u00e9 Sud-Est, pr\u00e9f\u00e8te du Rh\u00f4ne (9 pages) Page 3\n69-2026-01-08-00004 - Arr\u00eat\u00e9 pr\u00e9fectoral portant d\u00e9l\u00e9gation de\nsignature aux agents de la pr\u00e9fecture (7 pages) Page 13\n69-2026-01-08-00006 - Arr\u00eat\u00e9 relatif \u00e0 la composition du conseil\nd\u00e9partemental de l'\u00e9ducation nationale (CDEN)\nde la\ncirconscription d\u00e9partementale du Rh\u00f4ne (4 pages) Page 21\n69_Pr\u00e9f_Pr\u00e9fecture du Rh\u00f4ne / Direction de la s\u00e9curit\u00e9 et de la\nprotection civile\n69-2026-01-12-00001 - AP du 12 janvier 2026 portant autorisation\nexploitation syst\u00e8me vid\u00e9oprotection - RATP DEV LYON - Villeurbanne \n(2 pages) Page 26\n69-2026-01-09-00002 - Arr\u00eat\u00e9 pr\u00e9fectoral de r\u00e9ouverture de la\ncirculation sur la M7 (2 pages) Page 29\n69_Pr\u00e9f_Pr\u00e9fecture du Rh\u00f4ne / Pr\u00e9fet d\u00e9l\u00e9gu\u00e9 pour la\nd\u00e9fense et la s\u00e9curit\u00e9\n69-2026-01-09-00001 - ARR\u00caT\u00c9 PR\u00c9FECTORAL\nportant interdiction de\nrassemblement automobile sur la voie publique dans le d\u00e9partement du\nRh\u00f4ne du vendredi 09 janvier 2026 18h00 au lundi 12 janvier 2026 06h00\n(5 pages) Page 32\n84_EMIZSE_Etat major interminist\u00e9riel de zone Sud-Est / Bureau\nadministration et soutien\n69-2026-01-09-00003 - arr\u00eat\u00e9 zonal portant d\u00e9rogation g\u00e9n\u00e9rale\nexceptionnelle \u00e0 titre temporaire \u00e0 l'interdiction de la circulation des\nv\u00e9hicules de transport de marchandises de plus de 7.5 tonnes de PTAC\nindispensable dans la gestion de crise influenza aviaire hautement\npathog\u00e8ne sur le r\u00e9seau routier zone sud-est (2 pages) Page 38\n2\n69_Pr\u00e9f_Pr\u00e9fecture du Rh\u00f4ne\n69-2026-01-08-00005\nArr\u00eat\u00e9 pr\u00e9fectoral portant d\u00e9l\u00e9gation de\nsignature \u00e0 M. Antoine GUERIN, pr\u00e9fet d\u00e9l\u00e9gu\u00e9\npour la d\u00e9fense et la s\u00e9curit\u00e9 aupr\u00e8s de la\npr\u00e9f\u00e8te de la r\u00e9gion Auvergne-Rh\u00f4ne-Alpes,\npr\u00e9f\u00e8te de la zone de d\u00e9fense et de s\u00e9curit\u00e9\nSud-Est, pr\u00e9f\u00e8te du Rh\u00f4ne\n69_Pr\u00e9f_Pr\u00e9fecture du Rh\u00f4ne - 69-2026-01-08-00005 - Arr\u00eat\u00e9 pr\u00e9fectoral portant d\u00e9l\u00e9gation de signature \u00e0 M. Antoine GUERIN, pr\u00e9fet\nd\u00e9l\u00e9gu\u00e9 pour la d\u00e9fense et la s\u00e9curit\u00e9 aupr\u00e8s de la pr\u00e9f\u00e8te de la r\u00e9gion Auvergne-Rh\u00f4ne-Alpes, pr\u00e9f\u00e8te de la zone de d\u00e9fense et de\ns\u00e9curit\u00e9 Sud-Est, pr\u00e9f\u00e8te du Rh\u00f4ne\n3\nesPREFETEDU RHONELibert\u00e9Egalit\u00e9Fraternit\u00e9\nDirection de la coordination\ndes politiques interminist\u00e9rielles\nLyon, le 08 janvier 2026\nARR\u00caT\u00c9 PR\u00c9FECTORAL N\u00b0 69-2026-01-08-00005\nportant d\u00e9l\u00e9gation de signature \u00e0 M. Antoine GUERIN,\npr\u00e9fet d\u00e9l\u00e9gu\u00e9 pour la d\u00e9fense et la s\u00e9curit\u00e9 aupr\u00e8s de la pr\u00e9f\u00e8te de la r\u00e9gion\nAuvergne-Rh\u00f4ne-Alpes, pr\u00e9f\u00e8te de la zone de d\u00e9fense et de s\u00e9curit\u00e9 Sud-Est, pr\u00e9f\u00e8te du Rh\u00f4ne\nLA PR\u00c9F\u00c8TE DE LA R\u00c9GION AUVERGNE-RH\u00d4NE-ALPES,\nPR\u00c9F\u00c8TE DE LA ZONE DE D\u00c9FENSE ET DE S\u00c9CURIT\u00c9 SUD-EST,\nPR\u00c9F\u00c8TE DU RH\u00d4NE\nCommandeur de la L\u00e9gion d'honneur\nCommandeur de l'ordre national du M\u00e9rite\nVu le code de la d\u00e9fense ;\nVu le code de la s\u00e9curit\u00e9 int\u00e9rieure ;\nVu le code du travail ;\nVu le code g\u00e9n\u00e9ral des collectivit\u00e9s territoriales ;\nVu le code de sant\u00e9 publique ;\nVu le code du sport ;\nVu la loi n\u00b0 82-213 du 2 mars 1982 modifi\u00e9e relative aux droits et libert\u00e9s des communes, des  \nd\u00e9partements et des r\u00e9gions ;\nVu la loi d'orientation n\u00b0 92-125 du 6 f\u00e9vrier 1992 modifi\u00e9e relative \u00e0 l'administration territoriale de  \nla R\u00e9publique ;\nVu la loi n\u00b0 95-73 du 21 janvier 1995 modifi\u00e9e d'orientation et de programmation relative \u00e0 la  \ns\u00e9curit\u00e9 ;\nVu la loi n\u00b0 96-369 du 3 mai 1996 relative aux services d'incendie et de secours ;\nVu la loi n\u00b0 99-291 du 15 avril 1999 modifi\u00e9e relative aux polices municipales ;\nVu la loi n\u00b0 2002-1094 du 29 ao\u00fbt 2002 modifi\u00e9e d'orientation et de programmation pour la s\u00e9curit\u00e9 \nint\u00e9rieure ;\nVu la loi n\u00b0 2003-239 du 18 mars 2003 modifi\u00e9e pour la s\u00e9curit\u00e9 int\u00e9rieure ;\nVu la loi n\u00b0 2004-811 du 13 ao\u00fbt 2004 modifi\u00e9e de modernisation de la s\u00e9curit\u00e9 civile ;\n1/9\n69_Pr\u00e9f_Pr\u00e9fecture du Rh\u00f4ne - 69-2026-01-08-00005 - Arr\u00eat\u00e9 pr\u00e9fectoral portant d\u00e9l\u00e9gation de signature \u00e0 M. Antoine GUERIN, pr\u00e9fet\nd\u00e9l\u00e9gu\u00e9 pour la d\u00e9fense et la s\u00e9curit\u00e9 aupr\u00e8s de la pr\u00e9f\u00e8te de la r\u00e9gion Auvergne-Rh\u00f4ne-Alpes, pr\u00e9f\u00e8te de la zone de d\u00e9fense et de\ns\u00e9curit\u00e9 Sud-Est, pr\u00e9f\u00e8te du Rh\u00f4ne\n4\nVu la loi n\u00b0 2008-174 du 25 f\u00e9vrier 2008 modifi\u00e9e relative \u00e0 la r\u00e9tention de s\u00fbret\u00e9 et \u00e0 la d\u00e9claration  \nd'irresponsabilit\u00e9 p\u00e9nale pour cause de trouble mental ;\nVu  la  loi  n\u00b0  2011-267  du  14  mars  2011  modifi\u00e9e  d'orientation  et  de  programmation  pour  la  \nperformance de la s\u00e9curit\u00e9 int\u00e9rieure ;\nVu la loi n\u00b0 2011-672 du 16 juin 2011 relative \u00e0 l'immigration, \u00e0 l'int\u00e9gration et \u00e0 la nationalit\u00e9 ;\nVu la loi n\u00b0 2015-29 du 16 janvier 2015 relative \u00e0 la d\u00e9limitation des r\u00e9gions, aux \u00e9lections r\u00e9gionales  \net d\u00e9partementales et modifiant le calendrier \u00e9lectoral ;\nVu la loi n\u00b0 2020-856 du 9 juillet 2020 organisant la sortie de l'\u00e9tat d'urgence sanitaire ;\nVu le d\u00e9cret n\u00b0 93-377 du 18 mars 1993 modifi\u00e9 relatif aux pr\u00e9fets d\u00e9l\u00e9gu\u00e9s pour la s\u00e9curit\u00e9 et la  \nd\u00e9fense aupr\u00e8s des pr\u00e9fets de zone de d\u00e9fense ;\nVu  le  d\u00e9cret  n\u00b0  97-34  du  15  janvier  1997  modifi\u00e9  relatif  \u00e0  la  d\u00e9concentration  des  d\u00e9cisions  \nadministratives individuelles ;\nVu le d\u00e9cret n\u00b0 97-199 du 5 mars 1997 modifi\u00e9 relatif au remboursement de certaines d\u00e9penses  \nsupport\u00e9es par les forces de police et de gendarmerie ;\nVu le d\u00e9cret n\u00b0 2004-374 du 29 avril 2004 modifi\u00e9 relatif aux pouvoirs des pr\u00e9fets, \u00e0 l'organisation et \n\u00e0 l'action des services de l'\u00c9tat dans les r\u00e9gions et d\u00e9partements ;\nVu le d\u00e9cret n\u00b0 2008-252 du 12 mars 2008 modifi\u00e9 relatif \u00e0 la r\u00e9mun\u00e9ration de certains services  \nrendus par le minist\u00e8re de l'int\u00e9rieur, de l'outre-mer et des collectivit\u00e9s territoriales ;\nVu le d\u00e9cret n\u00b0 2008-1023 du 6 octobre 2008 relatif au fichier judiciaire national automatis\u00e9 des  \nauteurs d'infractions sexuelles ou violentes et au casier judiciaire national automatis\u00e9 ;\nVu  le  d\u00e9cret  n\u00b0  2010-1298  du  28  octobre  2010  portant  attribution  de  produits  au  budget  du \nminist\u00e8re  de  l'int\u00e9rieur,  de  l'outre-mer,  des  collectivit\u00e9s  territoriales  et  de  l'immigration,  en  \napplication du d\u00e9cret n\u00b0 97-199 modifi\u00e9 du 5 mars 1997 modifi\u00e9 relatif au remboursement de  \ncertaines d\u00e9penses support\u00e9es par les forces de police et de gendarmerie et du d\u00e9cret n\u00b0 2008-252  \ndu 12 mars 2008 modifi\u00e9 relatifs \u00e0 la r\u00e9mun\u00e9ration de certains services rendus par le minist\u00e8re de  \nl'int\u00e9rieur, de l'outre-mer et des collectivit\u00e9s territoriales ;\nVu le d\u00e9cret n\u00b0 2011-1049 du 6 septembre 2011 pris pour l'application de la loi n\u00b0 2011-672 du 16 juin \n2011 relative \u00e0 l'immigration, \u00e0 l'int\u00e9gration et \u00e0 la nationalit\u00e9 et relatif aux titres de s\u00e9jour ;\nVu le d\u00e9cret n\u00b0 2012-1246 du 7 novembre 2012 modifi\u00e9 relatif \u00e0 la gestion budg\u00e9taire et comptable  \npublique ;\nVu le d\u00e9cret n\u00b0 2012-1247 du 7 novembre 2012 portant adaptation de divers textes aux nouvelles  \nr\u00e8gles de la gestion budg\u00e9taire et comptable publique ;\nVu le d\u00e9cret n\u00b0 2015-510 du 7 mai 2015 portant charte de la d\u00e9concentration ;\nVu le d\u00e9cret n\u00b0 2017-440 du 30 mars 2017 relatif \u00e0 la s\u00e9curit\u00e9 des transports publics guid\u00e9s ; \nVu le d\u00e9cret n\u00b0 2023-530 du 29 juin 2023 relatif \u00e0 l'organisation de l'administration centrale de la  \npolice nationale et modifiant diverses dispositions relatives \u00e0 la police nationale ;\nVu le d\u00e9cret n\u00b0 2023-1013 du 2 novembre 2023 relatif aux services d\u00e9concentr\u00e9s et \u00e0 l'organisation  \nde la police nationale ;\nVu l'arr\u00eat\u00e9 minist\u00e9riel du 30 d\u00e9cembre 2005 portant d\u00e9concentration en mati\u00e8re de gestion des  \nfonctionnaires actifs des services de la police nationale ;\n2/9\n69_Pr\u00e9f_Pr\u00e9fecture du Rh\u00f4ne - 69-2026-01-08-00005 - Arr\u00eat\u00e9 pr\u00e9fectoral portant d\u00e9l\u00e9gation de signature \u00e0 M. Antoine GUERIN, pr\u00e9fet\nd\u00e9l\u00e9gu\u00e9 pour la d\u00e9fense et la s\u00e9curit\u00e9 aupr\u00e8s de la pr\u00e9f\u00e8te de la r\u00e9gion Auvergne-Rh\u00f4ne-Alpes, pr\u00e9f\u00e8te de la zone de d\u00e9fense et de\ns\u00e9curit\u00e9 Sud-Est, pr\u00e9f\u00e8te du Rh\u00f4ne\n5\nVu  l'arr\u00eat\u00e9  minist\u00e9riel  du  27  ao\u00fbt  2010  portant  d\u00e9concentration  en  mati\u00e8re  de  gestion  des  \nfonctionnaires des corps techniques et scientifiques de la police nationale ;\nVu l'arr\u00eat\u00e9 du 28 octobre 2010 portant application de l'article 2 du d\u00e9cret n\u00b0 97-199 du 5 mars 1997 \nmodifi\u00e9 relatif au remboursement de certaines d\u00e9penses support\u00e9es par les forces de police et de  \ngendarmerie  et  de  l'article  1er  du  d\u00e9cret  n\u00b0  2008-252  du  12  mars  2008  modifi\u00e9  relatif  \u00e0  la  \nr\u00e9mun\u00e9ration  de  certains  services  rendus  par  le  minist\u00e8re  de  l'int\u00e9rieur,  de  l'outre-mer  et  des \ncollectivit\u00e9s territoriales ;\nVu l'arr\u00eat\u00e9 du 24 d\u00e9cembre 2014 fixant le montant des remboursements de certaines d\u00e9penses  \nsupport\u00e9es par les forces de police et de gendarmerie ;\nVu l'arr\u00eat\u00e9 minist\u00e9riel du 26 janvier 2015 portant d\u00e9l\u00e9gation de pouvoir en mati\u00e8re de recrutement  \net de gestion des personnels administratifs du minist\u00e8re de l'int\u00e9rieur ;\nVu l'arr\u00eat\u00e9 pr\u00e9fectoral n\u00b0 2002-703 modifi\u00e9 du 23 janvier 2002 portant r\u00e8glement op\u00e9rationnel du  \nservice d\u00e9partemental-m\u00e9tropolitain d'incendie et de secours ;\nVu la circulaire n\u00b0 EFIZ1239322C du 28 novembre 2012 relative aux sanctions administratives suite \u00e0 \nproc\u00e8s verbal relevant une infraction pour travail ill\u00e9gal ;\nVu le d\u00e9cret du 11 janvier 2023 en conseil des ministres portant nomination de Mme Fabienne  \nBUCCIO en qualit\u00e9 de pr\u00e9f\u00e8te de la r\u00e9gion Auvergne-Rh\u00f4ne-Alpes, pr\u00e9f\u00e8te de la zone de d\u00e9fense et  \nde s\u00e9curit\u00e9 Sud-Est, pr\u00e9f\u00e8te du Rh\u00f4ne (hors classe) ;\nVu le proc\u00e8s-verbal d'installation de Mme Fabienne BUCCIO en qualit\u00e9 de pr\u00e9f\u00e8te de la r\u00e9gion  \nAuvergne-Rh\u00f4ne-Alpes, pr\u00e9f\u00e8te de la zone de d\u00e9fense et de s\u00e9curit\u00e9 Sud-Est, pr\u00e9f\u00e8te du Rh\u00f4ne, \u00e0  \ncompter du 30 janvier 2023 ;\nVu le d\u00e9cret du 31 mai 2023 portant nomination de la sous-pr\u00e9f\u00e8te charg\u00e9e de mission aupr\u00e8s de la  \npr\u00e9f\u00e8te de la r\u00e9gion Auvergne-Rh\u00f4ne-Alpes, pr\u00e9f\u00e8te de la zone de d\u00e9fense et de s\u00e9curit\u00e9 Sud-Est,  \npr\u00e9f\u00e8te du Rh\u00f4ne - Mme Charlotte CREPON ;\nVu le d\u00e9cret du 3 juillet 2024 portant nomination de la secr\u00e9taire g\u00e9n\u00e9rale adjointe de la pr\u00e9fecture \ndu Rh\u00f4ne (groupe IV), sous-pr\u00e9f\u00e8te charg\u00e9e de mission aupr\u00e8s de la pr\u00e9f\u00e8te de la r\u00e9gion Auvergne-\nRh\u00f4ne-Alpes, pr\u00e9f\u00e8te de la zone de d\u00e9fense et de s\u00e9curit\u00e9 Sud-Est, pr\u00e9f\u00e8te du Rh\u00f4ne - Mme Judith  \nHUSSON ;\nVu le d\u00e9cret du 6 novembre 2024 en conseil des ministres portant nomination du pr\u00e9fet d\u00e9l\u00e9gu\u00e9  \npour la d\u00e9fense et la s\u00e9curit\u00e9 aupr\u00e8s de la pr\u00e9f\u00e8te de la r\u00e9gion Auvergne-Rh\u00f4ne-Alpes, pr\u00e9f\u00e8te de la  \nzone de d\u00e9fense et de s\u00e9curit\u00e9 Sud-Est, pr\u00e9f\u00e8te du Rh\u00f4ne \u2013  M. Antoine GUERIN ;\nVu le d\u00e9cret du 15 mai 2025 portant nomination du pr\u00e9fet, secr\u00e9taire g\u00e9n\u00e9ral de la pr\u00e9fecture du  \nRh\u00f4ne, pr\u00e9fet d\u00e9l\u00e9gu\u00e9 pour l'\u00e9galit\u00e9 des chances aupr\u00e8s de la pr\u00e9f\u00e8te de la r\u00e9gion Auvergne-Rh\u00f4ne-\nAlpes, pr\u00e9f\u00e8te de la zone de d\u00e9fense et de s\u00e9curit\u00e9 Sud-Est, pr\u00e9f\u00e8te du Rh\u00f4ne - M. Fabrice ROSAY ;\nVu le d\u00e9cret du 23 mai 2025 portant nomination de la sous-pr\u00e9f\u00e8te charg\u00e9e de mission aupr\u00e8s du  \npr\u00e9fet de la r\u00e9gion Auvergne-Rh\u00f4ne-Alpes, pr\u00e9fet de la zone de d\u00e9fense et de s\u00e9curit\u00e9 Sud-Est,  \npr\u00e9fet du Rh\u00f4ne - Mme Anne LAYBOURNE ;\nVu le d\u00e9cret du 5 septembre 2025 portant nomination du directeur de cabinet de la pr\u00e9f\u00e8te de la  \nr\u00e9gion Auvergne-Rh\u00f4ne-Alpes, pr\u00e9f\u00e8te de la zone de d\u00e9fense et de s\u00e9curit\u00e9 Sud-Est, pr\u00e9f\u00e8te du  \nRh\u00f4ne - M. Lucas TURGIS ;\nSur proposition du pr\u00e9fet d\u00e9l\u00e9gu\u00e9 pour la d\u00e9fense et la s\u00e9curit\u00e9 ;\nARR\u00caTE\n3/9\n69_Pr\u00e9f_Pr\u00e9fecture du Rh\u00f4ne - 69-2026-01-08-00005 - Arr\u00eat\u00e9 pr\u00e9fectoral portant d\u00e9l\u00e9gation de signature \u00e0 M. Antoine GUERIN, pr\u00e9fet\nd\u00e9l\u00e9gu\u00e9 pour la d\u00e9fense et la s\u00e9curit\u00e9 aupr\u00e8s de la pr\u00e9f\u00e8te de la r\u00e9gion Auvergne-Rh\u00f4ne-Alpes, pr\u00e9f\u00e8te de la zone de d\u00e9fense et de\ns\u00e9curit\u00e9 Sud-Est, pr\u00e9f\u00e8te du Rh\u00f4ne\n6\nArticle 1 : Dans le d\u00e9partement du Rh\u00f4ne d\u00e9l\u00e9gation de signature est donn\u00e9e \u00e0 M. Antoine GUERIN, \npr\u00e9fet d\u00e9l\u00e9gu\u00e9 pour la d\u00e9fense et la s\u00e9curit\u00e9, dans les mati\u00e8res int\u00e9ressant la direction et le contr\u00f4le \ndes services de police ainsi que la coordination op\u00e9rationnelle de l'ensemble des forces participant  \n\u00e0 la s\u00e9curit\u00e9.\nM. Antoine GUERIN,  est notamment habilit\u00e9 \u00e0 signer tous actes et d\u00e9cisions dans les domaines  \nsuivants :\n1. Maintien du bon ordre, de la s\u00fbret\u00e9 et de la tranquillit\u00e9 publique en application des articles  \nL 2212-1, L 2214-4, L 2215-1, L 2215-2, L 2215-3, L 2215-4 et L 2215-5 du code g\u00e9n\u00e9ral des  \ncollectivit\u00e9s territoriales.\n2. Interdiction  des  manifestations  sur  la  voie  publique  en  vertu  du  code  de  la  s\u00e9curit\u00e9  \nint\u00e9rieure.\n3. Emploi des forces de gendarmerie et des compagnies r\u00e9publicaines de s\u00e9curit\u00e9 pour assurer  \nles op\u00e9rations de maintien de l'ordre et de s\u00e9curisation .\n4. Concours apport\u00e9s par les services de police et de gendarmerie dans le cadre de prestations \nne pouvant \u00eatre rattach\u00e9es aux obligations normales incombant \u00e0 la puissance publique en  \nmati\u00e8re  de  s\u00e9curit\u00e9  et  d'ordre  publics  :  affectation  et  mise  \u00e0  disposition  d'agents,  \nd\u00e9placement, emploi et mise \u00e0 disposition de v\u00e9hicules, de mat\u00e9riels ou d'\u00e9quipement et  \nprestations d'escorte.\n5. R\u00e9quisition  des  forces  arm\u00e9es  en  vue  de  leur  participation  au  maintien  de  l'ordre  en \napplication de l'article 28 de l'instruction interminist\u00e9rielle n\u00b0 500/SGDN du 20 juillet 1970.\n6. Mise en demeure et \u00e9vacuation forc\u00e9e des gens du voyage stationnant irr\u00e9guli\u00e8rement.\n7 . D\u00e9cisions relatives aux recours pour dommages caus\u00e9s par le refus de pr\u00eater le concours de  \nla force publique (\u00e0 l'exclusion de l'engagement financier de l'indemnisation).\n8. Gestion des personnels et des moyens des services de police, la mise en \u0153uvre du plan de  \nmodernisation de la police nationale et des mesures de formation des fonctionnaires de  \npolice.\n9. Prononciation des sanctions disciplinaires du premier groupe pour :\n- les personnels d'encadrement et d'application de la police nationale \u00e0 l'exception des  \npersonnels servant en administration centrale, dans les services de renseignement int\u00e9rieur,  \ndans les compagnies r\u00e9publicaines de s\u00e9curit\u00e9 et dans les structures de formation en qualit\u00e9 \nde formateur et d'\u00e9l\u00e8ves,\n- les techniciens de la police technique et scientifique, \n- les agents sp\u00e9cialis\u00e9s de la police technique et scientifique,\n-  les  adjoints  techniques  de  la  police  nationale  \u00e0  l'exception  de  ceux  servant  en  \nadministration centrale.\n10. Saisine des commissions administratives paritaires locales si\u00e9geant en conseil de discipline.\n11. Fonctionnement du comit\u00e9 technique paritaire d\u00e9partemental des services de police.\n12. D\u00e9cisions relatives aux polices municipales telles qu'elles r\u00e9sultent de la loi n\u00b0 99-291 du 15  \navril 1999 et de ses d\u00e9crets d'application.\n13. D\u00e9cisions de fermeture d'\u00e9tablissements prises en application des dispositions de l'article L  \n8272-2 du code du travail.\nArticle  2  : Dans  le  d\u00e9partement  du  Rh\u00f4ne  d\u00e9l\u00e9gation  de  signature  est  \u00e9galement  donn\u00e9e  \u00e0  \nM. Antoine  GUERIN,  pr\u00e9fet  d\u00e9l\u00e9gu\u00e9  pour  la  d\u00e9fense  et  la  s\u00e9curit\u00e9, \u00e0  l'effet  de  signer  dans  les \nmati\u00e8res int\u00e9ressant la direction de la s\u00e9curit\u00e9 et de la protection civile, tous actes et d\u00e9cisions  \ndans les domaines suivants :\nI - R\u00c9GLEMENTATION CONCERNANT CERTAINES DISPOSITIONS DU CODE DE PROC\u00c9DURE \nP\u00c9NALE ET DU CODE P\u00c9NAL\n1. Avis  sur  la  lib\u00e9ration  conditionnelle  des  condamn\u00e9s  (article  730  du code  de  proc\u00e9dure \np\u00e9nale).\n2. Garde des d\u00e9tenus hospitalis\u00e9s (article D 386 du code de proc\u00e9dure p\u00e9nale).\n3. Pr\u00e9sidence du conseil d'\u00e9valuation des prisons (article D 180 du code de proc\u00e9dure p\u00e9nale).\n4. D\u00e9livrance des permis de visite aux d\u00e9tenus condamn\u00e9s hospitalis\u00e9s (article D 403 du code  \nde proc\u00e9dure p\u00e9nale).\n5. Avis pour l'agr\u00e9ment des visiteurs de prison (D 472 du code de proc\u00e9dure p\u00e9nale), des  \nm\u00e9decins (article D 364 du code de proc\u00e9dure p\u00e9nale) et des prestataires de service.\n4/9\n69_Pr\u00e9f_Pr\u00e9fecture du Rh\u00f4ne - 69-2026-01-08-00005 - Arr\u00eat\u00e9 pr\u00e9fectoral portant d\u00e9l\u00e9gation de signature \u00e0 M. Antoine GUERIN, pr\u00e9fet\nd\u00e9l\u00e9gu\u00e9 pour la d\u00e9fense et la s\u00e9curit\u00e9 aupr\u00e8s de la pr\u00e9f\u00e8te de la r\u00e9gion Auvergne-Rh\u00f4ne-Alpes, pr\u00e9f\u00e8te de la zone de d\u00e9fense et de\ns\u00e9curit\u00e9 Sud-Est, pr\u00e9f\u00e8te du Rh\u00f4ne\n7\n6. Avis sur les extractions de d\u00e9tenus en vertu de l'article D 316 du code de proc\u00e9dure p\u00e9nale.\n7 . Avis relatif \u00e0 la consultation du fichier judiciaire national des auteurs d'infraction sexuelles  \nou violentes pour les collectivit\u00e9s territoriales en vertu de l'article 706-53-7 du code de  \nproc\u00e9dure p\u00e9nale.\nII - POLICE G\u00c9N\u00c9RALE\n1. D\u00e9cisions concernant les syst\u00e8mes de vid\u00e9o-protection (Code de la S\u00e9curit\u00e9 Int\u00e9rieure art. L \n223-1 \u00e0 L 223-9, L 251-1 \u00e0 L 255-1 et art. R 251-1 \u00e0 R 253-4).\n2. D\u00e9cisions  de  fermeture  des  d\u00e9bits  de  boissons  (article  L  3332-15  du  code  de  la  sant\u00e9 \npublique)  et  octroi  des  d\u00e9rogations  aux  heures  de  fermeture  et  d'ouverture  de  ces  \n\u00e9tablissements.\n3. D\u00e9cisions de fermeture des \u00e9tablissements fixes ou mobiles de vente \u00e0 emporter (art. L 332-\n1 du CSI).\n4. D\u00e9cisions de fermeture des \u00e9tablissements diffusant de la musique (art. L 333-1 du CSI).\n5. D\u00e9cisions de fermeture des \u00e9tablissements pour travail dissimul\u00e9 (art. L 8272-2 du Code du  \nTravail).\n6. D\u00e9cisions de transfert de licence III ou IV (art. L 3332-11 du Code de la sant\u00e9 publique).\n7 . Institution des zones de protection et r\u00e9glementation de l'acc\u00e8s aux mineurs (art. L 3335-1, L \n3335-2, L 3335-8, L 3335-11,et L 3342-3 du code de la sant\u00e9 publique-d\u00e9cret n\u00b0 72-35 du 14  \njanvier 1972).\n8. Police des cercles et des casinos.\n9. D\u00e9cisions relatives aux concours de la force publique et aux expulsions locatives.\n10. Exercice des pouvoirs conf\u00e9r\u00e9s au Pr\u00e9fet par le Code de S\u00e9curit\u00e9 Int\u00e9rieure livre III titre 1 er \nfixant le r\u00e9gime des mat\u00e9riels de guerre, armes et munitions, leur acquisition, d\u00e9tention et  \nport.\n11. Autorisation des manifestations publiques de sports de combat (art R331-46 \u00e0 R331-54 du  \ncode du sport).\n12. Interdictions administratives de stade (art. L 332-16 du code du sport).\n13. D\u00e9cision restreignant la libert\u00e9 d'aller et venir des personnes se pr\u00e9valant de la qualit\u00e9 de  \nsupporter d'une \u00e9quipe ou se comportant comme tel (art. L 3332-16-2 du code du sport).\n14. Arr\u00eat\u00e9 relatif \u00e0 l'\u00e9tablissement des listes pr\u00e9paratoires de la liste annuelle du jury d'assises  \ndu Rh\u00f4ne.\nIII - R\u00c9GLEMENTATION PROFESSIONNELLE\n1. Double agr\u00e9ment des agents de s\u00fbret\u00e9 a\u00e9roportuaire (CSI livre VI - art. L 612-6 \u00e0 L 612-8 et L  \n612-9 \u00e0 L 612-13).\n2. Surveillance exceptionnelle de la voie publique par des agents de s\u00e9curit\u00e9 (CSI livre VI \u2013 art.  \nL 613-2 et R 613-5).\n3. Agr\u00e9ment des gardes particuliers et reconnaissance de l'aptitude des gardes particuliers.\nIV - R\u00c9GLEMENTATION G\u00c9N\u00c9RALE - A\u00c9RONAUTIQUE - FERROVIAIRE - ROUTI\u00c8RE - \nFLUVIALE - COMMERCIALE ET TOURISTIQUE\nA - A\u00e9ronautique\n1. Exercice des pouvoirs conf\u00e9r\u00e9s au Pr\u00e9fet par les articles R 131-3, D 233-2 et D 132-4 du code  \nde l'aviation civile et l'arr\u00eat\u00e9 du 10 octobre 1957 relatifs aux atterrissages, d\u00e9collages et  \n\u00e9volutions d'a\u00e9ronefs et objets volants y compris lors de spectacles publics.\n2. Police des installations a\u00e9ronautiques, des a\u00e9rodromes et des a\u00e9roports (article L 6332-2 du  \ncode des transports et d\u00e9cret n\u00b0 74-77 du 1er f\u00e9vrier 1974).\n3. Exercice des pouvoirs conf\u00e9r\u00e9s au Pr\u00e9fet par les articles D 233-2, D 233-6, D 233-8 du code  \nde l'aviation civile.\n4. Agr\u00e9ment des associations a\u00e9ronautiques (arr\u00eat\u00e9 minist\u00e9riel du 9 mai 1984).\n5. D\u00e9livrance des habilitations en zone r\u00e9serv\u00e9e a\u00e9roportuaires pr\u00e9vues par l'article R 213-5 du  \ncode de l'aviation civile.\n6. D\u00e9livrance  des  habilitations  hors  zone  r\u00e9serv\u00e9e  a\u00e9roportuaire  pr\u00e9vues  par  la  circulaire \nNORINT/A/07/00100/C  du  3  octobre  2007  pour  les  personnes  devant  acc\u00e9der  aux  sites \n5/9\n69_Pr\u00e9f_Pr\u00e9fecture du Rh\u00f4ne - 69-2026-01-08-00005 - Arr\u00eat\u00e9 pr\u00e9fectoral portant d\u00e9l\u00e9gation de signature \u00e0 M. Antoine GUERIN, pr\u00e9fet\nd\u00e9l\u00e9gu\u00e9 pour la d\u00e9fense et la s\u00e9curit\u00e9 aupr\u00e8s de la pr\u00e9f\u00e8te de la r\u00e9gion Auvergne-Rh\u00f4ne-Alpes, pr\u00e9f\u00e8te de la zone de d\u00e9fense et de\ns\u00e9curit\u00e9 Sud-Est, pr\u00e9f\u00e8te du Rh\u00f4ne\n8\ns\u00e9curit\u00e9s des \u00ab chargeurs connus \u00bb et \u00ab agents habilit\u00e9s \u00bb, des \u00ab \u00e9tablissements connus \u00bb, ou  \nceux de leurs sous-traitants.\n7 . Autorisations des manifestations a\u00e9riennes (article R1321-3 du Code de l'aviation civile).\n8. D\u00e9rogations aux hauteurs de survol et autorisations de p\u00e9n\u00e9trer en ZRT.\nB - Ferroviaire\n1. Exercice des pouvoirs conf\u00e9r\u00e9s au Pr\u00e9fet par la loi du 15 juillet 1845 modifi\u00e9e et le d\u00e9cret du  \n22 mars 1942 relatifs \u00e0 la circulation, l'arr\u00eat et le stationnement des v\u00e9hicules dans les cours  \ndes  gares  et  l'int\u00e9grit\u00e9  des  voies  ferr\u00e9es,  de  leurs  accessoires  et  d\u00e9pendances  et  la  \ncirculation des convois.\nC - Routi\u00e8re\n1. D\u00e9signation des membres de la commission d\u00e9partementale de s\u00e9curit\u00e9 routi\u00e8re.\n2. D\u00e9signation des membres de la commission locale des transports publics particuliers de  \npersonnes.\n3. Missions  d\u00e9partementales  de  proximit\u00e9  relatives  aux  permis  de  conduire  :  \nsuspension/annulation, commissions m\u00e9dicales, saisie des d\u00e9cisions judiciaires.\n4. Missions  d\u00e9partementales  de  proximit\u00e9  relatives  aux  syst\u00e8mes  d'immatriculation  des  \nv\u00e9hicules  :  inscriptions  et  lev\u00e9e  des  immobilisations,  inscription  des  saisies,  lev\u00e9e  \nd'opposition \u00e0 transfert sur certificat d'immatriculation, inscriptions de la remise du titre  \naux forces de l'ordre et de la restitution d'un titre retenu, enqu\u00eate en cas de num\u00e9ro de s\u00e9rie \nen doublon ou de correction de num\u00e9ro de s\u00e9rie.\n5. Arr\u00eat\u00e9s  relatifs  \u00e0  la  circulation  routi\u00e8re  sur  la  voirie  nationale  et  sur  les  voies  \nd\u00e9partementales class\u00e9es routes \u00e0 grande circulation (articles R 411.4, R 411.8, R 411.18, R  \n415.8, R 415.10 et R 421.3 du code de la route) et aux transports de mati\u00e8res dangereuses  \n(arr\u00eat\u00e9 minist\u00e9riel du 15 avril 1945).\n6. Homologation  des  circuits  de  vitesse  et  autorisation  des  \u00e9preuves  sportives  sur  la  voie \npublique ou dans les lieux non ouverts \u00e0 la circulation publique et comportant des v\u00e9hicules \n\u00e0 moteur en application des articles R 331-6 \u00e0 R 331-44 du code du sport.\n7 . Habilitation de certains agents des services publics urbains, de transport en commun de  \nvoyageurs,  \u00e0  constater  les  infractions  qui  affectent  en  agglom\u00e9ration,  la  circulation,  le \nstationnement et l'arr\u00eat des v\u00e9hicules de ces services en application du d\u00e9cret du 15 janvier  \n1997 .\n8. Agr\u00e9ment des \u00e9tablissements relatifs \u00e0 l'\u00e9ducation routi\u00e8re, des centres de sensibilisation \u00e0  \nla s\u00e9curit\u00e9 routi\u00e8re, des centres de formation \u00e0 la profession de chauffeur de taxi, \u00e0 la  \nprofession de chauffeur VTC, \u00e0 la profession d'enseignant de la conduite.\n9. Arr\u00eat\u00e9s relatifs \u00e0 la profession de chauffeur de taxi, de chauffeur VTC, d'enseignant de la  \nconduite et d'animateur de stages de sensibilisation \u00e0 la s\u00e9curit\u00e9 routi\u00e8re.\n10. Agr\u00e9ment des gardiens de fourri\u00e8re.\nD - Fluviale\n1. R\u00e9glementation de la circulation de la navigation et des activit\u00e9s sportives et touristiques  \nsur le Rh\u00f4ne et la Sa\u00f4ne.\nE - Transports publics guid\u00e9s \n1. Arr\u00eat\u00e9s  portant  sur  l'approbation  des  dossiers  relatifs  \u00e0  la  s\u00e9curit\u00e9  et  autorisation  \nd'exploitation en application du d\u00e9cret n\u00b02017-440 du  30 mars 2017 relatif \u00e0 la s\u00e9curit\u00e9 des  \ntransports publics guid\u00e9s.\nV - PROTECTION CIVILE\nLes arr\u00eat\u00e9s, d\u00e9cisions et actes relevant des attributions du service interminist\u00e9riel de d\u00e9fense et de  \nla protection civile et, en particulier :\n1. Pr\u00e9paration, \u00e9tablissement et ex\u00e9cution des plans de secours,\n2. Pr\u00e9paration, \u00e9tablissement et ex\u00e9cution des mesures non militaires de d\u00e9fense,\n6/9\n69_Pr\u00e9f_Pr\u00e9fecture du Rh\u00f4ne - 69-2026-01-08-00005 - Arr\u00eat\u00e9 pr\u00e9fectoral portant d\u00e9l\u00e9gation de signature \u00e0 M. Antoine GUERIN, pr\u00e9fet\nd\u00e9l\u00e9gu\u00e9 pour la d\u00e9fense et la s\u00e9curit\u00e9 aupr\u00e8s de la pr\u00e9f\u00e8te de la r\u00e9gion Auvergne-Rh\u00f4ne-Alpes, pr\u00e9f\u00e8te de la zone de d\u00e9fense et de\ns\u00e9curit\u00e9 Sud-Est, pr\u00e9f\u00e8te du Rh\u00f4ne\n9\n3. Avis sur les plans de secours \u00e9labor\u00e9s par les collectivit\u00e9s et entreprises \u00e0 risques,\n4. Gestion des outils op\u00e9rationnels,\n5. Avis sur les dossiers des installations class\u00e9es pour la protection de l'environnement et  \nparticipation  au  conseil  d\u00e9partemental  de  l'environnement  et  des  risques  sanitaires  et \ntechnologiques,\n6. Suivi et gestion des secteurs et activit\u00e9s d'importance vitale : avis sur les plans de s\u00e9curit\u00e9  \ndes op\u00e9rateurs, approbation des plans particuliers de protection et \u00e9tablissement des plans  \nde protection externes,\n7 . Suivi et gestion des syst\u00e8mes d'alerte de la population,\n8. Organisation et participation aux travaux de la commission consultative d\u00e9partementale de  \ns\u00e9curit\u00e9  et  d'accessibilit\u00e9  ainsi  que  des  diff\u00e9rentes  sous-commissions  auxquelles  sont \nd\u00e9l\u00e9gu\u00e9es ses comp\u00e9tences,\n9. Suivi des avis d\u00e9favorables \u00e9mis par les commissions de s\u00e9curit\u00e9,  et, en cas de carence du  \nmaire, fermeture des \u00e9tablissements recevant du public concern\u00e9s,\n10. Exercice des pouvoirs de police du pr\u00e9fet dans les immeubles de grande hauteur et les  \n\u00e9tablissements recevant du public relevant de sa comp\u00e9tence,\n11. Information pr\u00e9ventive de la population en application de l'article L 124-1 et suivants du  \ncode de l'environnement,\n12. D\u00e9veloppement du secourisme : suivi et agr\u00e9ment des associations, organisation des jurys et \nexamens  de  secourisme,  d\u00e9livrance  des  dipl\u00f4mes,  conventions  avec  les  associations  de \nsecourisme agr\u00e9\u00e9es,\n13. Organisation et suivi du conseil d\u00e9partemental de s\u00e9curit\u00e9 civile, correspondances avec les \n\u00e9lus,\n14. Instruction  des  demandes  de  reconnaissance  de  l'\u00e9tat  de  catastrophe  naturelle  et \nnotification des d\u00e9cisions de la commission interminist\u00e9rielle,\n15. Mesures d'urgence relatives \u00e0 la s\u00e9curit\u00e9 de la navigation fluviale,\n16. Agr\u00e9ments techniques et autorisations d'exploitation (art R 2352-110 du code de la d\u00e9fense) \npour les d\u00e9p\u00f4ts et d\u00e9bits de produits explosifs,\n17 . Suspension d'activit\u00e9 et d'agr\u00e9ment technique des d\u00e9p\u00f4ts et d\u00e9bits de produits explosifs  \n(art R 2352-95 et 107 du code de la d\u00e9fense),\n18. Autorisations d'acquisition de produits explosifs et de d\u00e9tonateurs (art R 2352-74 du code  \nde la d\u00e9fense) quelles que soient les quantit\u00e9s et autorisations d'utiliser d\u00e8s leur r\u00e9ception  \nles produits explosifs,\npour des quantit\u00e9s \u00e9gales ou sup\u00e9rieures \u00e0 25 kg et (ou) 500 d\u00e9tonateurs (art R 2352-81 du  \ncode de la d\u00e9fense),\n19. Autorisations de transports de produits explosifs, habilitations \u00e0 la garde, \u00e0 la mise en \u0153uvre \net au tir de produits explosifs et agr\u00e9ments \u00e0 la connaissance des mouvements de produits  \nexplosifs (art R 2352-76, 87 et 118 du code de la d\u00e9fense),\n20. R\u00e9glementation des artifices de divertissement,\n21. D\u00e9claration des spectacles pyrotechniques de cat\u00e9gorie 4 (ou C4), T2 ou de plus de 35 kilos  \nde mati\u00e8re active ; validation d\u00e8s la qualification des artificiers de niveau 1 et 2  ; d\u00e9livrance \ndes agr\u00e9ments pour l'usage des artifices de cat\u00e9gorie 2 et 3 destin\u00e9s \u00e0 \u00eatre lanc\u00e9s \u00e0 l'aide  \nd'un mortier,\n22. Agr\u00e9ment des d\u00e9p\u00f4ts d'artifices de divertissement et agr\u00e9ments des centres d\u00e9livrant la  \nformation relative au certificat de qualification,\n23. D\u00e9livrance conjointe, avec le recteur d'Acad\u00e9mie, du certificat de pr\u00e9pos\u00e9 au tir,\n24. Habilitations au titre de la protection du secret.\nVI \u2013 SECURITE ROUTIERE\nLes arr\u00eat\u00e9s, d\u00e9cisions et actes relatifs \u00e0 la pr\u00e9vention de la d\u00e9linquance routi\u00e8re et \u00e0 la lutte contre  \nl'ins\u00e9curit\u00e9 routi\u00e8re, \u00e0 l'\u00e9laboration et \u00e0 la mise en \u0153uvre du PDASR et du programme ECPA.\nVII - CONTENTIEUX\nM\u00e9moires  et  d\u00e9f\u00e9r\u00e9s  aupr\u00e8s  des  diff\u00e9rentes  juridictions  dans  les  domaines  qui  rel\u00e8vent  de  sa \ncomp\u00e9tence.\n7/9\n69_Pr\u00e9f_Pr\u00e9fecture du Rh\u00f4ne - 69-2026-01-08-00005 - Arr\u00eat\u00e9 pr\u00e9fectoral portant d\u00e9l\u00e9gation de signature \u00e0 M. Antoine GUERIN, pr\u00e9fet\nd\u00e9l\u00e9gu\u00e9 pour la d\u00e9fense et la s\u00e9curit\u00e9 aupr\u00e8s de la pr\u00e9f\u00e8te de la r\u00e9gion Auvergne-Rh\u00f4ne-Alpes, pr\u00e9f\u00e8te de la zone de d\u00e9fense et de\ns\u00e9curit\u00e9 Sud-Est, pr\u00e9f\u00e8te du Rh\u00f4ne\n10\nArticle  3  : Dans  le  d\u00e9partement  du  Rh\u00f4ne  d\u00e9l\u00e9gation  de  signature  est  \u00e9galement  donn\u00e9e  \u00e0  \nM. Antoine GUERIN, pr\u00e9fet d\u00e9l\u00e9gu\u00e9 pour la d\u00e9fense et la s\u00e9curit\u00e9,  \u00e0 l'effet de signer, les arr\u00eat\u00e9s,  \nd\u00e9cisions et actes relevant des attributions du service d\u00e9partemental-m\u00e9tropolitain d'incendie et  \nde secours.\nArticle 4 :  D\u00e9l\u00e9gation de signature est en outre donn\u00e9e \u00e0 M. Antoine GUERIN \u00e0 l'effet de signer, au \nniveau  d\u00e9partemental,  tous  arr\u00eat\u00e9s,  d\u00e9cisions,  circulaires  relevant  des  attributions  de  l'\u00c9tat  en \nmati\u00e8re de pr\u00e9vention de la d\u00e9linquance.\nArticle 5 :  En cas d'absence ou d'emp\u00eachement de M. Antoine GUERIN, la d\u00e9l\u00e9gation de signature  \nvis\u00e9e aux articles 1, 2, 3 et 4 est donn\u00e9e \u00e0  M. Fabrice ROSAY, pr\u00e9fet, secr\u00e9taire g\u00e9n\u00e9ral de la  \npr\u00e9fecture du Rh\u00f4ne, pr\u00e9fet d\u00e9l\u00e9gu\u00e9 pour l'\u00e9galit\u00e9 des chances  aupr\u00e8s de la pr\u00e9f\u00e8te de la r\u00e9gion  \nAuvergne-Rh\u00f4ne-Alpes, pr\u00e9f\u00e8te de la zone de d\u00e9fense et de s\u00e9curit\u00e9 Sud-Est, pr\u00e9f\u00e8te du Rh\u00f4ne, ou \nen son absence ou emp\u00eachement \u00e0 M. Lucas TURGIS, directeur de cabinet de la pr\u00e9f\u00e8te de la r\u00e9gion \nAuvergne-Rh\u00f4ne-Alpes, pr\u00e9f\u00e8te de la zone de d\u00e9fense et de s\u00e9curit\u00e9 Sud-Est, pr\u00e9f\u00e8te du Rh\u00f4ne, ou  \nen son absence ou emp\u00eachement \u00e0 Mme Judith HUSSON, sous-pr\u00e9f\u00e8te charg\u00e9e de mission aupr\u00e8s  \nde la pr\u00e9f\u00e8te de la r\u00e9gion Auvergne-Rh\u00f4ne-Alpes, pr\u00e9f\u00e8te de la zone de d\u00e9fense et de s\u00e9curit\u00e9 Sud-\nEst, pr\u00e9f\u00e8te du Rh\u00f4ne,  ou en son absence ou emp\u00eachement,  \u00e0 Mme Charlotte CREPON, sous-\npr\u00e9f\u00e8te charg\u00e9e de mission aupr\u00e8s de la pr\u00e9f\u00e8te de la r\u00e9gion Auvergne-Rh\u00f4ne-Alpes, pr\u00e9f\u00e8te de la  \nzone de d\u00e9fense et de s\u00e9curit\u00e9 Sud-Est, pr\u00e9f\u00e8te du Rh\u00f4ne, o u en son absence ou emp\u00eachement \u00e0 \nM.  Jean-Marc  GALLAND,  sous-pr\u00e9fet  de  l'arrondissement  de  Villefranche-sur-Sa\u00f4ne,  ou  en  son \nabsence ou emp\u00eachement \u00e0 Mme Anne LAYBOURNE, sous-pr\u00e9f\u00e8te charg\u00e9e de mission aupr\u00e8s de la  \npr\u00e9f\u00e8te de la r\u00e9gion Auvergne-Rh\u00f4ne-Alpes, pr\u00e9f\u00e8te de la zone de d\u00e9fense et de s\u00e9curit\u00e9 Sud-Est,  \npr\u00e9f\u00e8te du Rh\u00f4ne.\nArticle 6 :  En cas d'absence ou d'emp\u00eachement de M. Antoine GUERIN , la d\u00e9l\u00e9gation de signature  \nvis\u00e9e \u00e0 l'article 2-V est \u00e9galement donn\u00e9e \u00e0 M. Ernest MOUTOUSSAMY, directeur de la s\u00e9curit\u00e9 et  \nde la protection civile. En cas d'absence ou d'emp\u00eachement de M. Ernest  MOUTOUSSAMY, la  \nd\u00e9l\u00e9gation de signature est donn\u00e9e \u00e0 :\n\u2022 M. Emmanuel BERNE, ing\u00e9nieur divisionnaire, chef du service interminist\u00e9riel de d\u00e9fense et  \nde protection civiles,\n\u2022 Mme Sylvia LEGRIS, attach\u00e9e, chef du bureau de la planification, de la d\u00e9fense et des  \nrisques sanitaires,\n\u2022 Mme Marie PAUGET, attach\u00e9e principale, cheffe du bureau pr\u00e9vention.\nArticle 7 :  En cas d'absence ou d'emp\u00eachement de M. Antoine GUERIN , la d\u00e9l\u00e9gation de signature  \nvis\u00e9e  \u00e0  l'article  3  est  \u00e9galement  donn\u00e9e  au  contr\u00f4leur  g\u00e9n\u00e9ral  St\u00e9phane  GOUEZEC,  directeur \nd\u00e9partemental  et  m\u00e9tropolitain  des  services  d'incendie  et  de  secours.  En  cas  d'absence  ou  \nd'emp\u00eachement  du  contr\u00f4leur  g\u00e9n\u00e9ral  St\u00e9phane  GOUEZEC,  directeur  d\u00e9partemental  et  \nm\u00e9tropolitain, la d\u00e9l\u00e9gation de signature est donn\u00e9e au :\n\u2022 Colonel  Lionel  CHABERT,  faisant  fonction  de  directeur  d\u00e9partemental  et  m\u00e9tropolitain \nadjoint,\n\u2022 Lieutenant-colonel S\u00e9bastien PONTET, sous-directeur de la pr\u00e9vention et de l'organisation  \ndes secours,\n\u2022 Lieutenant-colonel Dominique DREVET, sous-directeur des ressources humaines,\n\u2022 Lieutenant-colonel J\u00e9r\u00f4me BELLERET, sous-directeur des moyens mat\u00e9riels.\nArticle 8 :  En cas d'absence ou d'emp\u00eachement de M. Antoine GUERIN , la d\u00e9l\u00e9gation de signature  \nvis\u00e9e \u00e0 l'article 2-II alin\u00e9a 1, alin\u00e9as 3 \u00e0 13, \u00e0 l'article 2-III, \u00e0 l'article 2-IV-A alin\u00e9as 1, 2, 3, 4, 7 et 8, \u00e0 \nl'article 2-IV-B, \u00e0 l'article 2-IV-C alin\u00e9as 2  \u00e0 10 , \u00e0 l'article 2-IV-D, et \u00e0 l'article 2-VI est donn\u00e9e \u00e0  \nM. Ernest MOUTOUSSAMY, directeur de la s\u00e9curit\u00e9 et de la protection civile.\nLa d\u00e9l\u00e9gation de signature vis\u00e9e \u00e0 l'article 2-II alin\u00e9a 1 et alin\u00e9as 3 \u00e0 11, \u00e0 l'article 2-III, \u00e0 l'article 2-IV-\nC alin\u00e9as 3, 4, et de l'alin\u00e9a 6 \u00e0 10 et de l'article 2-IV-D, est \u00e9galement donn\u00e9e \u00e0  M. Richard  \nWILPOTTE, attach\u00e9 principal, chef du bureau des polices administratives.\n8/9\n69_Pr\u00e9f_Pr\u00e9fecture du Rh\u00f4ne - 69-2026-01-08-00005 - Arr\u00eat\u00e9 pr\u00e9fectoral portant d\u00e9l\u00e9gation de signature \u00e0 M. Antoine GUERIN, pr\u00e9fet\nd\u00e9l\u00e9gu\u00e9 pour la d\u00e9fense et la s\u00e9curit\u00e9 aupr\u00e8s de la pr\u00e9f\u00e8te de la r\u00e9gion Auvergne-Rh\u00f4ne-Alpes, pr\u00e9f\u00e8te de la zone de d\u00e9fense et de\ns\u00e9curit\u00e9 Sud-Est, pr\u00e9f\u00e8te du Rh\u00f4ne\n11\nArticle  9  : En  cas  d'absence  ou  d'emp\u00eachement  de  M.  Antoine  GUERIN,  de  M.  Ernest  \nMOUTOUSSAMY et de M. Richard WILPOTTE , la d\u00e9l\u00e9gation de signature vis\u00e9e \u00e0 l'article 2-II alin\u00e9a  \n10, \u00e0 l'article 2-III, \u00e0 l'article 2-IV-C alin\u00e9as 3, 4 et de l'alin\u00e9a 6 \u00e0 10 et \u00e0 l'article 2-IV-D est \u00e9galement \ndonn\u00e9e \u00e0 :\n\u2022 Mme Alice TARDY, attach\u00e9e, secr\u00e9taire administratif de classe exceptionnelle, adjoint \u00e0 la  \ncheffe de bureau, chef de la section r\u00e9glementation \u00e0 caract\u00e8re s\u00e9curitaire,\n\u2022 Mme C\u00e9cile DAFFIX, secr\u00e9taire administrative de classe exceptionnelle, cheffe de la section  \nr\u00e9glementation routi\u00e8re.\nArticle 10 : En cas d'absence ou d'emp\u00eachement de M. Ernest MOUTOUSSAMY, la d\u00e9l\u00e9gation vis\u00e9e \n\u00e0 l'article 2-VI est donn\u00e9e  \u00e0  Mme  Carole ZMYSLONY, attach\u00e9e, cheffe du bureau de la s\u00e9curit\u00e9  \nrouti\u00e8re, \u00e0 l'exception des actes \u00e0 caract\u00e8re r\u00e9glementaire.\nArticle 11 : D\u00e9l\u00e9gation est donn\u00e9e \u00e0 Mme Patricia GONACHON, commissaire g\u00e9n\u00e9rale, directrice de \ncabinet, \u00e0 l'effet de signer d'une mani\u00e8re permanente tous les documents \u00e9tablis par le cabinet du  \npr\u00e9fet d\u00e9l\u00e9gu\u00e9 pour la d\u00e9fense et la s\u00e9curit\u00e9 autres que ceux vis\u00e9s \u00e0 l'article 1, \u00e0 l'article 2-II \u00e0 V et \u00e0  \nl'article 3, sous r\u00e9serv e des dispositions de l'alin\u00e9a suivant, \u00e0 l'exception des actes \u00e0 caract\u00e8re  \nr\u00e9glementaire.\nEn cas d'absence ou d'emp\u00eachement de  M. Antoine GUERIN , la d\u00e9l\u00e9gation de signature vis\u00e9e \u00e0  \nl'article 1, alin\u00e9as 3, 10, et 11, \u00e0 l'article 2-I, \u00e0 l'article 2-IV-A, alin\u00e9as 5 et 6, \u00e0 l'article 2-IV-C alin\u00e9a 3  \nest donn\u00e9e \u00e0 Mme Patricia GONACHON.\nEn cas d'absence ou d'emp\u00eachement  de Mme Patricia GONACHON,  la d\u00e9l\u00e9gation de signature  \nvis\u00e9e \u00e0 l'article 2-IV-C alin\u00e9a 3 est donn\u00e9e \u00e0 :\n\u2022 Marwan LARAICH, commissaire,\n\u2022 M. Philippe VAILLER, colonel,\n\u2022 M. St\u00e9phane CERNA, commandant,\n\u2022 M. Laurent HYP , commandant,\n\u2022 M. TH\u00c9O RIVOIRE, attach\u00e9 principal,\n\u2022 Mme Claire GRAND, secr\u00e9taire administratif de classe normale.\nArticle 12 :  En cas d'absence ou d'emp\u00eachement de M. Antoine GUERIN, la d\u00e9l\u00e9gation de signature \nvis\u00e9e \u00e0 l'article 1 alin\u00e9a 9 est donn\u00e9e \u00e0 Mme B\u00e9atrice BRUN, inspectrice g\u00e9n\u00e9rale des services actifs  \nde  la  police  nationale,  directrice  zonale  de  la  police  nationale  \u00e0  Lyon dans  la  limite  de  ses  \nattributions et pour son service.\nArticle 13 : En cas d'absence ou d'emp\u00eachement de M. Antoine GUERIN, la d\u00e9l\u00e9gation de signature \nvis\u00e9e \u00e0 l'article 1 alin\u00e9a 4 est donn\u00e9e \u00e0 M. Nelson BOUARD, inspecteur g\u00e9n\u00e9ral des services actifs de \nla police nationale, directeur interd\u00e9partemental de la police nationale \u00e0 Lyon, dans la limite de ses \nattributions et pour son service.\nArticle 14 : En cas d'absence ou d'emp\u00eachement de M. Antoine GUERIN, la d\u00e9l\u00e9gation de signature \nvis\u00e9e  \u00e0  l'article  1  alin\u00e9a  4  est  donn\u00e9e  \u00e0  Mme  Sylvia  SAINT-CIERGE,  colonelle,  commandant  le \ngroupement de gendarmerie du Rh\u00f4ne, dans la limite de ses attributions et pour son service. \nArticle  15  :  Le  pr\u00e9sent  arr\u00eat\u00e9  peut  faire  l'objet  d'un  recours  contentieux  devant  le  tribunal  \nadministratif  de  Lyon  dans  un  d\u00e9lai  de  deux  mois  \u00e0  compter  de  sa  publication.  Le  tribunal  \nadministratif peut \u00eatre saisi d'une requ\u00eate d\u00e9pos\u00e9e sur le site www.telerecours.fr.\nArticle 16 :  Le  pr\u00e9fet d\u00e9l\u00e9gu\u00e9 pour la d\u00e9fense et la s\u00e9curit\u00e9, et le pr\u00e9fet, secr\u00e9taire g\u00e9n\u00e9ral de la  \npr\u00e9fecture, pr\u00e9fet d\u00e9l\u00e9gu\u00e9 pour l'\u00e9galit\u00e9 des chances, sont charg\u00e9s, chacun pour ce qui le concerne, \nde l'ex\u00e9cution du pr\u00e9sent arr\u00eat\u00e9 qui sera publi\u00e9 au recueil des actes administratifs de la pr\u00e9fecture  \ndu Rh\u00f4ne.\n9/9\nLa pr\u00e9f\u00e8te,\nSign\u00e9\nFabienne BUCCIO\n69_Pr\u00e9f_Pr\u00e9fecture du Rh\u00f4ne - 69-2026-01-08-00005 - Arr\u00eat\u00e9 pr\u00e9fectoral portant d\u00e9l\u00e9gation de signature \u00e0 M. Antoine GUERIN, pr\u00e9fet\nd\u00e9l\u00e9gu\u00e9 pour la d\u00e9fense et la s\u00e9curit\u00e9 aupr\u00e8s de la pr\u00e9f\u00e8te de la r\u00e9gion Auvergne-Rh\u00f4ne-Alpes, pr\u00e9f\u00e8te de la zone de d\u00e9fense et de\ns\u00e9curit\u00e9 Sud-Est, pr\u00e9f\u00e8te du Rh\u00f4ne\n12\n69_Pr\u00e9f_Pr\u00e9fecture du Rh\u00f4ne\n69-2026-01-08-00004\nArr\u00eat\u00e9 pr\u00e9fectoral portant d\u00e9l\u00e9gation de\nsignature aux agents de la pr\u00e9fecture\n69_Pr\u00e9f_Pr\u00e9fecture du Rh\u00f4ne - 69-2026-01-08-00004 - Arr\u00eat\u00e9 pr\u00e9fectoral portant d\u00e9l\u00e9gation de signature aux agents de la pr\u00e9fecture 13\nesPREFETEDU RHONELibert\u00e9Egalit\u00e9Fraternit\u00e9\nDirection de la coordination\ndes politiques interminist\u00e9rielles\nLyon, le 08 janvier 2026\nARR\u00caT\u00c9 PR\u00c9FECTORAL N\u00b0 69-2026-01-08-00004\nportant d\u00e9l\u00e9gation de signature aux agents de la pr\u00e9fecture\nLA PR\u00c9F\u00c8TE DE LA R\u00c9GION AUVERGNE-RH\u00d4NE-ALPES,\nPR\u00c9F\u00c8TE DE LA ZONE DE D\u00c9FENSE ET DE S\u00c9CURIT\u00c9 SUD-EST,\nPR\u00c9F\u00c8TE DU RH\u00d4NE\nCommandeur de la L\u00e9gion d'honneur\nCommandeur de l'ordre national du M\u00e9rite\nVu la loi n\u00b0 82-213 du 2 mars 1982 modifi\u00e9e relative aux droits et libert\u00e9s des communes, des  \nd\u00e9partements et des r\u00e9gions ;\nVu la loi n\u00b0 92-125 du 6 f\u00e9vrier 1992 modifi\u00e9e relative \u00e0 l'administration territoriale de la R\u00e9publique ;\nVu la loi n\u00b0 2004-809 du 13 ao\u00fbt 2004 modifi\u00e9e relative aux libert\u00e9s et responsabilit\u00e9s locales ;\nVu le d\u00e9cret n\u00b0 2004-374 du 29 avril 2004 modifi\u00e9 relatif aux pouvoirs des pr\u00e9fets, \u00e0 l'organisation et \n\u00e0 l'action des services de l'\u00c9tat dans les r\u00e9gions et d\u00e9partements ;\nVu  le  d\u00e9cret  n\u00b0  2019-38  du  23  janvier  2019  relatif  aux  comp\u00e9tences  des  pr\u00e9fets  en  mati\u00e8re \nd'enregistrement de la demande d'asile et de mise en \u0153uvre des proc\u00e9dures relevant du r\u00e8glement  \ndu 26 juin 2013 dit \u00ab Dublin III \u00bb  et l'a rr\u00eat\u00e9 du 12 d\u00e9cembre 2018 portant r\u00e9gionalisation de la  \nproc\u00e9dure de d\u00e9termination de l'\u00c9tat responsable de l'examen de la demande d'asile dans la r\u00e9gion \nAuvergne-Rh\u00f4ne-Alpes ;\nVu le d\u00e9cret du  11 janvier 2023  en conseil des ministres portant nomination de Mme Fabienne  \nBUCCIO en qualit\u00e9 de pr\u00e9f\u00e8te de la r\u00e9gion Auvergne-Rh\u00f4ne-Alpes, pr\u00e9f\u00e8te de la zone de d\u00e9fense et  \nde s\u00e9curit\u00e9 Sud-Est, pr\u00e9f\u00e8te du Rh\u00f4ne (hors classe) ;\nVu le proc\u00e8s-verbal d'installation de Mme Fabienne BUCCIO en qualit\u00e9 de pr\u00e9f\u00e8te de la r\u00e9gion  \nAuvergne-Rh\u00f4ne-Alpes, pr\u00e9f\u00e8te de la zone de d\u00e9fense et de s\u00e9curit\u00e9 Sud-Est, pr\u00e9f\u00e8te du Rh\u00f4ne , \u00e0 \ncompter du 30 janvier 2023 ;\nVu le d\u00e9cret du 15 mai 2025 portant nomination du pr\u00e9fet, secr\u00e9taire g\u00e9n\u00e9ral de la pr\u00e9fecture du  \nRh\u00f4ne, pr\u00e9fet d\u00e9l\u00e9gu\u00e9 pour l'\u00e9galit\u00e9 des chances aupr\u00e8s de la pr\u00e9f\u00e8te de la r\u00e9gion Auvergne-Rh\u00f4ne-\nAlpes, pr\u00e9f\u00e8te de la zone de d\u00e9fense et de s\u00e9curit\u00e9 Sud-Est, pr\u00e9f\u00e8te du Rh\u00f4ne - M. Fabrice ROSAY ;\nVu  les  d\u00e9cisions  pr\u00e9fectorales  portant  affectation  des  personnels  au  sein  des  services  de  la \npr\u00e9fecture ;\nSur proposition du pr\u00e9fet, secr\u00e9taire g\u00e9n\u00e9ral de la pr\u00e9fecture du Rh\u00f4ne ;\n1/7\n69_Pr\u00e9f_Pr\u00e9fecture du Rh\u00f4ne - 69-2026-01-08-00004 - Arr\u00eat\u00e9 pr\u00e9fectoral portant d\u00e9l\u00e9gation de signature aux agents de la pr\u00e9fecture 14\nARR\u00caTE\nArticle 1  : D\u00e9l\u00e9gation de signature est donn\u00e9e aux directeurs et aux chefs de bureau d\u00e9sign\u00e9s  \nci-apr\u00e8s  \u00e0 l'effet  de  signer  d'une  mani\u00e8re  permanente  les  actes  administratifs,  \u00e9tablis  par  leur \ndirection,  ou  bureau,  \u00e0  l'exception  des  actes  \u00e0  caract\u00e8re  r\u00e9glementaire,  des  circulaires,  des \ninstructions g\u00e9n\u00e9rales et des correspondances destin\u00e9es aux \u00e9lus :\n\u2022 Mme Maud BESSON, directrice des migrations et de l'int\u00e9gration,\n\u2022 Mme Lucie RIGAUX, directrice des affaires juridiques et de l'administration locale,\n\u2022 M. Ernest MOUTOUSSAMY, directeur de la s\u00e9curit\u00e9 et de la protection civile,\n\u2022 M. St\u00e9phane TRONTIN, directeur de la coordination des politiques interminist\u00e9rielles,\n\u2022 M. Nordine SAOUDI, directeur du centre d'expertise et de ressources titres,\n\u2022 M. Chaouki AMARA, chef de cabinet,\n\u2022 M. Fabien DESPINASSE, chef du service r\u00e9gional de la communication interminist\u00e9rielle.\nArticle 2  : En cas d'absence ou d'emp\u00eachement des personnes cit\u00e9es \u00e0 l'article 1, d\u00e9l\u00e9gation de  \nsignature est donn\u00e9e aux agents dont les noms suivent, \u00e0 l'effet de signer la totalit\u00e9 des actes  \n\u00e9tablis  par  la  direction  dont  ils  d\u00e9pendent,  dans  leurs  domaines  de  comp\u00e9tence  respectifs,  \u00e0 \nl'exception des actes \u00e0 caract\u00e8re r\u00e9glementaire, des circulaires, des instructions g\u00e9n\u00e9rales et des  \ncorrespondances destin\u00e9es aux \u00e9lus :\nDIRECTION DES MIGRATIONS ET DE L'INT\u00c9GRATION\n\u2022 Mme  Maryke  LE  MOGNE,  attach\u00e9e  principale,  directrice  adjointe  des  migrations  et  de \nl'int\u00e9gration,\n\u2022 Mme Margaux LARUE, attach\u00e9e principale, cheffe du bureau de l'accueil et de l'admission au \ns\u00e9jour,\n\u2022 Mme Aude SIGNOUREL, attach\u00e9e principale, cheffe du bureau des examens sp\u00e9cialis\u00e9s,\n\u2022 Mme G\u00e9raldine SEMOULIN, attach\u00e9e principale, cheffe du bureau de l'\u00e9loignement,\n\u2022 Mme Anna EUZET, attach\u00e9e principale,  cheffe du bureau de l'asile et de l'h\u00e9bergement -  \nguichet unique des demandeurs d'asile de Lyon,\n\u2022 M.  Patrick  LAFABRIER,  attach\u00e9  principal,  chef  du  bureau  des  affaires  g\u00e9n\u00e9rales  et  du \ncontentieux,\n\u2022 M.  Olivier  VERCASSON,  attach\u00e9  principal,  responsable  de  la  plateforme  \ninterd\u00e9partementale des naturalisations,\n\u2022 Mme Jessica PERON, attach\u00e9e, cheffe du p\u00f4le r\u00e9gional Dublin.\nDIRECTION DES AFFAIRES JURIDIQUES ET DE L'ADMINISTRATION LOCALE\n\u2022 Mme Agn\u00e8s RAICHL, attach\u00e9e principale, cheffe du bureau de l'urbanisme et de l'utilit\u00e9  \npublique,\n\u2022 M. Jamal BENZIK , attach\u00e9 principal, chef du bureau des r\u00e9glementations, des \u00e9lections et  \ndes associations,\n\u2022 Mme A\u00efda CHAMBE, attach\u00e9e, cheffe du bureau du contr\u00f4le budg\u00e9taire et des dotations de \nl'\u00c9tat,\n\u2022 M. Bastien MORIN, attach\u00e9, chef du bureau du contr\u00f4le de l\u00e9galit\u00e9 et de l'intercommunalit\u00e9,\n\u2022 M. Thibault PICHON-MATHIEU, attach\u00e9, chef du p\u00f4le juridique.\nDIRECTION DE LA S\u00c9CURIT\u00c9 ET DE LA PROTECTION CIVILE\n\u2022 M. Emmanuel BERNE, ing\u00e9nieur divisionnaire, chef du service interminist\u00e9riel de d\u00e9fense et  \nde protection civiles,\n\u2022 M. Richard WILPOTTE attach\u00e9 principal, chef du bureau des polices administratives,\n\u2022 Mme Sylvia LEGRIS, attach\u00e9e, cheffe du bureau de la planification, de la d\u00e9fense et des  \nrisques sanitaires,\n\u2022 Mme Marie PAUGET, attach\u00e9e principale, cheffe du bureau de la pr\u00e9vention,\n\u2022 Mme Carole ZMYSLONY, attach\u00e9e, cheffe du bureau de la s\u00e9curit\u00e9 routi\u00e8re.\n2/7\n69_Pr\u00e9f_Pr\u00e9fecture du Rh\u00f4ne - 69-2026-01-08-00004 - Arr\u00eat\u00e9 pr\u00e9fectoral portant d\u00e9l\u00e9gation de signature aux agents de la pr\u00e9fecture 15\nDIRECTION DE LA COORDINATION DES POLITIQUES INTERMINIST\u00c9RIELLES\n\u2022 Mme  Sandrine  CANDELA,  attach\u00e9e  principale,  cheffe  du  centre  de  services  partag\u00e9s \nr\u00e9gional CHORUS (CSPR),\n\u2022 Mme Fran\u00e7oise CONRAD, attach\u00e9e principale, cheffe de la mission d'appui territorial.\nCENTRE D'EXPERTISE ET DE RESSOURCES DES TITRES PERMIS DE CONDUIRE\n\u2022 Mme  Nadine  CHANAVAT,  attach\u00e9e,  adjointe  au  directeur  du  CERT,  cheffe  du  p\u00f4le \ninstruction.\nArticle 3 : Sans pr\u00e9judice des dispositions de l'article 1 er, d\u00e9l\u00e9gation de signature est donn\u00e9e \u00e0 Mme  \nMaud BESSON, directrice des migrations et de l'int\u00e9gration, \u00e0 l'effet de signer :\n\u2022 les  d\u00e9cisions  concernant  l'aide  sociale  en  mati\u00e8re  d'h\u00e9bergement  pour  les  demandeurs \nd'asile et les r\u00e9fugi\u00e9s ;\n\u2022 les d\u00e9cisions concernant l'orientation, l'admission ou la sortie d'un centre d'accueil pour  \ndemandeurs d'asile ou d'un centre provisoire d'h\u00e9bergement ;\n\u2022 tout  courrier  pr\u00e9paratoire  \u00e0  la  signature  de  conventions  avec  les  associations  priv\u00e9es, \ncentres  communaux  d'action  sociale,  municipalit\u00e9s,  pour  l'octroi  des  cr\u00e9dits  destin\u00e9s  \u00e0 \nl'action  sociale  en  faveur  des  demandeurs  d'asile,  des  r\u00e9fugi\u00e9s  et  des  \u00e9trangers  primo-\narrivants ;\n\u2022 les d\u00e9cisions et conventions avec les associations priv\u00e9es pour l'octroi de cr\u00e9dits destin\u00e9s \u00e0  \nl'action  sociale  en  faveur  des  demandeurs  d'asile,  des  r\u00e9fugi\u00e9s  et  des  \u00e9trangers  primo-\narrivants ;\n\u2022 les proc\u00e9dures et d\u00e9cisions de tarification des \u00e9tablissements sociaux d'h\u00e9bergement pour  \ndemandeurs d'asile et r\u00e9fugi\u00e9s (centre de transit, CADA et CPH) ;\n\u2022 les requ\u00eates introductives d'instance, m\u00e9moires en d\u00e9fense et actes d'ex\u00e9cution relatifs \u00e0 la  \nproc\u00e9dure d'expulsion des structures d'h\u00e9bergement en mati\u00e8re de r\u00e9f\u00e9r\u00e9s mesures-utiles.\nArticle 4 : En cas d'absence ou d'emp\u00eachement de Mme Maud BESSON, d\u00e9l\u00e9gation de signature est \ndonn\u00e9e \u00e0 l'effet de signer les actes vis\u00e9s \u00e0 l'article 3, \u00e0 : \n\u2022 Mme  Maryke  LE  MOGNE,  attach\u00e9e  principale,  directrice  adjointe  des  migrations  et  de \nl'int\u00e9gration,\n\u2022 Mme Anna EUZET, attach\u00e9e principale,  cheffe du bureau de l'asile et de l'h\u00e9bergement -  \nguichet unique des demandeurs d'asile de Lyon,\nArticle 5 : D\u00e9l\u00e9gation de signature est donn\u00e9e \u00e0 Mme Maud BESSON, directrice des migrations et de \nl'int\u00e9gration, \u00e0 l'effet de signer de mani\u00e8re permanente les actes de saisine, les m\u00e9moires et les  \nrequ\u00eates en premi\u00e8re instance et en appel aupr\u00e8s des diff\u00e9rents ordres de juridiction en mati\u00e8re  \nd'entr\u00e9e, de s\u00e9jour des \u00e9trangers et du droit d'asile, et en mati\u00e8re de contentieux y aff\u00e9rent.\nArticle 6 : En cas d'absence ou d'emp\u00eachement de Mme Maud BESSON, d\u00e9l\u00e9gation de signature est \ndonn\u00e9e \u00e0 l'effet de signer les actes vis\u00e9s \u00e0 l'article 5, \u00e0  :\n\u2022 Mme  Maryke  LE  MOGNE,  attach\u00e9e  principale,  directrice  adjointe  des  migrations  et  de \nl'int\u00e9gration,\n\u2022 M.  Patrick  LAFABRIER,  attach\u00e9  principal,  chef  du  bureau  des  affaires  g\u00e9n\u00e9rales  et  du \ncontentieux,\n\u2022 M.  Alexandre  FOREL,  attach\u00e9,  adjoint  au  chef  de  bureau  des  affaires  g\u00e9n\u00e9rales  et  du \ncontentieux, chef de la section contentieux,\n\u2022 Mme G\u00e9raldine SEMOULIN, attach\u00e9e principale, cheffe du bureau de l'\u00e9loignement,\n\u2022 M. Fr\u00e9d\u00e9ric DEHEUNYNCK, d\u00e9l\u00e9gu\u00e9 principal au permis de conduire et \u00e0 la s\u00e9curit\u00e9 routi\u00e8re, \nadjoint \u00e0 la cheffe du bureau de l'\u00e9loignement,\n\u2022 M. Joris ARNAUDIES, attach\u00e9, adjoint \u00e0 la cheffe du bureau de l'\u00e9loignement.\n3/7\n69_Pr\u00e9f_Pr\u00e9fecture du Rh\u00f4ne - 69-2026-01-08-00004 - Arr\u00eat\u00e9 pr\u00e9fectoral portant d\u00e9l\u00e9gation de signature aux agents de la pr\u00e9fecture 16\nArticle 7 : D\u00e9l\u00e9gation de signature est donn\u00e9e \u00e0 Mme Maud BESSON, directrice des migrations et de \nl'int\u00e9gration, \u00e0 l'effet de signer de mani\u00e8re permanente les mesures aff\u00e9rentes au transfert des  \ndemandeurs d'asile plac\u00e9s sous proc\u00e9dure Dublin et ce, \u00e0 l'\u00e9chelle r\u00e9gionale, ainsi que les mesures  \nd'ex\u00e9cution  \u00e9ventuelles  telles  que  les  d\u00e9cisions  d'assignation  \u00e0  r\u00e9sidence  et  de  placement  en \nr\u00e9tention, les m\u00e9moires et les requ\u00eates en premi\u00e8re instance et en appel aupr\u00e8s des diff\u00e9rents  \nordres de juridiction relatifs \u00e0 la proc\u00e9dure Dublin.\nArticle 8 : En cas d'absence ou d'emp\u00eachement de Mme Maud BESSON, d\u00e9l\u00e9gation de signature est \ndonn\u00e9e \u00e0 l'effet de signer les actes vis\u00e9s \u00e0 l'article 7 , \u00e0 :\n\u2022 Mme  Maryke  LE  MOGNE,  attach\u00e9e  principale,  directrice  adjointe  des  migrations  et  de \nl'int\u00e9gration,\n\u2022 Mme Jessica PERON, attach\u00e9e, cheffe du p\u00f4le r\u00e9gional Dublin,\n\u2022 Mme Cl\u00e9mentine ELONGBIL EWANE, attach\u00e9e, adjointe \u00e0 la cheffe du p\u00f4le r\u00e9gional Dublin,  \nchef de la section instruction,\n\u2022 M. Nicolas MUGUET, secr\u00e9taire administratif de classe normale, chef de la section accueil au \np\u00f4le r\u00e9gional Dublin,\n\u2022 Mme Marine BIANCO, secr\u00e9taire administrative de classe normale au p\u00f4le r\u00e9gional Dublin,\n\u2022 Mme G\u00e9raldine SEMOULIN, attach\u00e9e principale, cheffe du bureau de l'\u00e9loignement,\n\u2022 M. Fr\u00e9d\u00e9ric DEHEUNYNCK, d\u00e9l\u00e9gu\u00e9 principal au permis de conduire et \u00e0 la s\u00e9curit\u00e9 routi\u00e8re, \nadjoint \u00e0 la cheffe du bureau de l'\u00e9loignement,\n\u2022 M. Joris ARNAUDIES, attach\u00e9, adjoint \u00e0 la cheffe du bureau de l'\u00e9loignement.\nArticle  9 : Sans  pr\u00e9judice  des  dispositions  de  l'article  1, d\u00e9l\u00e9gation  de  signature  est  plus \nparticuli\u00e8rement  donn\u00e9e  \u00e0  Mme  Lucie  RIGAUX,  directrice  des  affaires  juridiques  et  de \nl'administration locale, \u00e0 l'effet de signer :\nEn mati\u00e8re d'actes r\u00e9glementaires (par d\u00e9rogation \u00e0 l'article 1) :\n\u2022 les conventions de t\u00e9l\u00e9transmissions des actes et leurs avenants ;\n\u2022 les  arr\u00eat\u00e9s  fixant  la  composition  des  commissions  d\u00e9partementales  d'am\u00e9nagement \ncommercial (CDAC) ;\n\u2022 les  arr\u00eat\u00e9s  fixant  la  composition  des  commissions  d\u00e9partementales  d'am\u00e9nagement \ncin\u00e9matographique (CDACi) ;\n\u2022 les arr\u00eat\u00e9s portant habilitation des organismes en application du III de l'article L. 752-6 et de \nl'article L.752-23 du code de commerce ;\n\u2022 les actes relatifs \u00e0 la r\u00e9glementation fun\u00e9raire ;\n\u2022 les actes relatifs \u00e0 la domiciliation d'entreprises ;\n\u2022 les arr\u00eat\u00e9s fixant le taux des indemnit\u00e9s repr\u00e9sentatives de logement des instituteurs (IRL).\nEn mati\u00e8re de correspondances destin\u00e9es aux \u00e9lus (par d\u00e9rogation \u00e0 l'article 1) :\n\u2022 les accus\u00e9s de r\u00e9ception et les demandes de pi\u00e8ces compl\u00e9mentaires adress\u00e9es aux maires  \ndans le cadre du contr\u00f4le de l\u00e9galit\u00e9 et budg\u00e9taire, \u00e0 l'exception des lettres d'observation et \np\u00e9dagogique, des recours gracieux, et des requ\u00eates et m\u00e9moires en d\u00e9f\u00e9r\u00e9 ;\n\u2022 les actes et correspondances relatifs \u00e0 l'examen conjoint des dispositions propos\u00e9es pour  \nassurer la mise en compatibilit\u00e9 des documents d'urbanisme pr\u00e9vu aux articles L 143-44 et L  \n153-54 du code de l'urbanisme.\nEn mati\u00e8re d'actes individuels (liste indicative non exhaustive) :\n\u2022 les arr\u00eat\u00e9s d'indemnisation des commissaires enqu\u00eateurs ;\n\u2022 les r\u00e9c\u00e9piss\u00e9s d\u00e9finitifs d'enregistrement de candidatures pour le second tour des \u00e9lections  \nmunicipales,  d\u00e9partementales,  m\u00e9tropolitaines,  r\u00e9gionales  et  l\u00e9gislatives  g\u00e9n\u00e9rales  et \npartielles ;\n\u2022 les d\u00e9rogations au d\u00e9lai d'inhumation et de cr\u00e9mation, les transports de corps et d'urnes  \nfun\u00e9raires, et les laissez-passer mortuaires ;\n\u2022 les r\u00e9c\u00e9piss\u00e9s de d\u00e9claration de revendeurs d'objets mobiliers ;\n\u2022 les cartes de guide conf\u00e9rencier et les titres de ma\u00eetre restaurateur.\n4/7\n69_Pr\u00e9f_Pr\u00e9fecture du Rh\u00f4ne - 69-2026-01-08-00004 - Arr\u00eat\u00e9 pr\u00e9fectoral portant d\u00e9l\u00e9gation de signature aux agents de la pr\u00e9fecture 17\nArticle 10 : En cas d'absence ou d'emp\u00eachement de Mme Lucie RIGAUX, d\u00e9l\u00e9gation de signature est \ndonn\u00e9e, \u00e0 l'effet de signer les actes vis\u00e9s \u00e0 l'article 9 dans leurs domaines de comp\u00e9tence respectifs, \n\u00e0 :\n\u2022 Mme Agn\u00e8s RAICHL, attach\u00e9e principale , cheffe du bureau de l'urbanisme et de l'utilit\u00e9  \npublique,\n\u2022 M. Youssef BELLAHBIB, attach\u00e9 principal, adjoint \u00e0 la cheffe  de bureau de l'urbanisme et de  \nl'utilit\u00e9 publique,\n\u2022 Mme Ouarda BELAHCENE, attach\u00e9e, adjointe \u00e0 la cheffe de bureau de l'urbanisme et de  \nl'utilit\u00e9 publique,\n\u2022 M. Jamal BENZIK, attach\u00e9 principal, chef du bureau des r\u00e9glementations, des \u00e9lections et  \ndes associations,\n\u2022 Mme Delphine LOPEZ-PERSAT, attach\u00e9e, adjointe au chef du bureau des r\u00e9glementations,  \ndes \u00e9lections et des associations,\n\u2022 Mme A\u00efda CHAMBE, attach\u00e9e, cheffe du bureau du contr\u00f4le budg\u00e9taire et des dotations de  \nl'\u00c9tat,\n\u2022 M.  S\u00e9bastien  GAUDERAT,  attach\u00e9  principal,  adjoint  \u00e0  la  cheffe  de  bureau  du  contr\u00f4le \nbudg\u00e9taire et des dotations de l'\u00c9tat,\n\u2022 M. Bastien MORIN, attach\u00e9, chef du bureau du contr\u00f4le de l\u00e9galit\u00e9 et de l'intercommunalit\u00e9,\n\u2022 M. Thibault PICHON-MATHIEU, attach\u00e9, chef du p\u00f4le juridique,\n\u2022 M. Robin DESCOMBES, attach\u00e9, adjoint au chef du p\u00f4le juridique.\nArticle  11 : D\u00e9l\u00e9gation  est  donn\u00e9e  pour  la  signature  des  documents  vis\u00e9s  \u00e0  l'article  1er en  cas \nd'absence ou d'emp\u00eachement :\nDIRECTION DES MIGRATIONS ET DE L'INT\u00c9GRATION\n\u2022 de  Mme  Margaux  LARUE,  attach\u00e9e  principale,  cheffe  du  bureau  de  l'accueil  et  de \nl'admission au s\u00e9jour, \u00e0 :\n\u25e6 Mme  C\u00e9line  MEYRAND,  attach\u00e9e,  adjointe  \u00e0  la  cheffe  de  bureau  de  l'accueil  et  de \nl'admission au s\u00e9jour, cheffe de la section motifs professionnels,\n\u25e6 M. Adrien LHEUREUX, attach\u00e9 principal, chef de la section accueil et d\u00e9marches rapides,\n\u25e6 M. Ivan SABATIER, secr\u00e9taire administratif de classe exceptionnelle, chef de la section  \nfamille et vuln\u00e9rabilit\u00e9s.\nPar ailleurs, pour la signature de certains documents vis\u00e9s \u00e0 l'article 1 er, \u00e0 savoir les attestations de  \nremboursement de timbres fiscaux, les d\u00e9cisions de d\u00e9livrance de titres de s\u00e9jour, les d\u00e9cisions de  \nrefus simple de d\u00e9livrance de cartes de r\u00e9sidents et les d\u00e9cisions de refus de d\u00e9p\u00f4t de demandes  \nde titre de s\u00e9jour, d\u00e9l\u00e9gation est donn\u00e9e en cas d'absence ou d'emp\u00eachement de Mme C\u00e9line  \nMEYRAND, attach\u00e9e, adjointe \u00e0 la cheffe de bureau de l'accueil et de l'admission au s\u00e9jour, cheffe  \nde la section motifs professionnels, de M. Adrien LHEUREUX, attach\u00e9 principal, chef de la section  \naccueil  et  d\u00e9marches  rapides  et  de  M.  Ivan  SABATIER,  secr\u00e9taire  administratif  de  classe \nexceptionnelle, chef de la section famille et vuln\u00e9rabilit\u00e9s, \u00e0 :\n\u25aa M.  Thomas  COURTAUD,  secr\u00e9taire  administratif  de  classe  normale,  adjoint  \u00e0  la \ncheffe de la section motifs professionnels,\n\u25aa Mme Cam\u00e9lia BELOUCIF, secr\u00e9taire administrative de classe sup\u00e9rieure, adjointe au  \nchef de section accueil et d\u00e9marches rapides,\n\u25aa Mme Magdalena CORNECI, secr\u00e9taire administrative de classe sup\u00e9rieure, adjointe  \nau chef de section famille et vuln\u00e9rabilit\u00e9s.\n\u2022 de Mme Aude SIGNOUREL , attach\u00e9e principale, cheffe du bureau des examens sp\u00e9cialis\u00e9s,  \n\u00e0 :\n\u25e6 Mme M\u00e9lanie BOULAY, attach\u00e9e, adjointe \u00e0 la cheffe de bureau,\n\u25e6 Mme Isabelle FETROT-FAVROT, attach\u00e9e, adjointe \u00e0 la cheffe de bureau,\n5/7\n69_Pr\u00e9f_Pr\u00e9fecture du Rh\u00f4ne - 69-2026-01-08-00004 - Arr\u00eat\u00e9 pr\u00e9fectoral portant d\u00e9l\u00e9gation de signature aux agents de la pr\u00e9fecture 18\n\u2022 de Mme G\u00e9raldine SEMOULIN, attach\u00e9e principale, cheffe du bureau de l'\u00e9loignement, \u00e0 :\n\u25e6 M. Fr\u00e9d\u00e9ric DEHEUNYNCK, d\u00e9l\u00e9gu\u00e9 principal au permis de conduire et \u00e0 la s\u00e9curit\u00e9  \nrouti\u00e8re, adjoint \u00e0 la cheffe du bureau de l'\u00e9loignement,\n\u25e6 M. Joris ARNAUDIES, attach\u00e9, adjoint \u00e0 la cheffe du bureau de l'\u00e9loignement.\n\u2022 de Mme Anna EUZET, attach\u00e9e principale, cheffe du bureau de l'asile et de l'h\u00e9bergement -  \nguichet unique des demandeurs d'asile de Lyon, \u00e0 :\n\u25e6 Mme Anne-Laure ZERR, attach\u00e9e, cheffe de la section instruction,\n\u25e6 Mme Ingrid DELAHAYE, attach\u00e9e, cheffe de la section accueil,\n\u25e6 Mme Carole SOULARD, secr\u00e9taire administrative de classe exceptionnelle, adjointe \u00e0 la  \ncheffe de section accueil.\n\u2022 de M. Patrick LAFABRIER , attach\u00e9 principal, chef du bureau des affaires g\u00e9n\u00e9rales et du  \ncontentieux, \u00e0 :\n\u25e6 M. Alexandre FOREL, attach\u00e9, adjoint au chef de bureau, chef de la section contentieux,\n\u25e6 Mme M\u00e9ry-Pierre LEROY, secr\u00e9taire administrative de classe exceptionnelle, cheffe de la  \nsection relation avec les usagers,\n\u25e6 M.  MEDDOUR  Amar,  secr\u00e9taire  administratif  de  classe  normale,  chef  de  la  section \naffaires g\u00e9n\u00e9rales.\n\u2022 de  M.  Olivier  VERCASSON ,  attach\u00e9  principal,  responsable  de  la  plateforme  \ninterd\u00e9partementale des naturalisations, \u00e0 :\n\u25e6 Mme  Magali  DONNET,  attach\u00e9e ,  adjointe  au  responsable  de  la  plateforme  \ninterd\u00e9partementale des naturalisations.\n\u2022 de Mme Jessica PERON, attach\u00e9e, cheffe du p\u00f4le r\u00e9gional Dublin, \u00e0 :\n\u25e6 Mme Cl\u00e9mentine ELONGBIL EWANE, attach\u00e9e, adjointe \u00e0 la cheffe de p\u00f4le, cheffe de la  \nsection instruction,\n\u25e6 M.  Nicolas  MUGUET,  secr\u00e9taire  administratif  de  classe  normale,  chef  de  la  section \naccueil au p\u00f4le r\u00e9gional Dublin,\n\u25e6 Mme  Marine  BIANCO,  secr\u00e9taire  administrative  de  classe  normale  au  p\u00f4le  r\u00e9gional \nDublin.\nDIRECTION DE LA S\u00c9CURIT\u00c9 ET DE LA PROTECTION CIVILE\n\u2022 de M. Richard WILPOTTE, attach\u00e9 principal, chef du bureau des polices administratives, \u00e0 :\n\u25e6 Mme Alice TARDY, attach\u00e9e, adjointe au chef de bureau,\n\u25e6 Mme C\u00e9cile DAFFIX, secr\u00e9taire administrative de classe exceptionnelle, cheffe de la  \nsection r\u00e9glementation routi\u00e8re.\nPar ailleurs, pour la signature de certains documents vis\u00e9s \u00e0 l'article 1 er, \u00e0 savoir les actes relatifs aux \nsous-commissions  issues  de  la  commission  consultative  d\u00e9partementale  de  s\u00e9curit\u00e9  et  \nd'accessibilit\u00e9  (CCDSA),  d\u00e9l\u00e9gation  est  donn\u00e9e  en  cas  d'absence  ou  d'emp\u00eachement  de \nM. Emmanuel  BERNE,  ing\u00e9nieur  divisionnaire,  chef  du  service  interminist\u00e9riel  de  d\u00e9fense  et  de \nprotection civiles et de Mme Marie PAUGET, attach\u00e9e principale, cheffe du bureau de la pr\u00e9vention, \n\u00e0 :\n\u25aa M. Florian RAVELLI, contractuel de cat\u00e9gorie B, charg\u00e9 du suivi de la commission  \ns\u00e9curit\u00e9  incendie,  de  la  r\u00e9glementation  des  ERP  et  IGH  et  de  la  commission \nconsultative d\u00e9partementale de s\u00e9curit\u00e9 et d'accessibilit\u00e9,\n\u25aa Mme  Chlo\u00e9  GAYET,  contractuelle  de  cat\u00e9gorie  B,  charg\u00e9e  du  suivi  des  sous-\ncommissions de s\u00e9curit\u00e9.\n6/7\n69_Pr\u00e9f_Pr\u00e9fecture du Rh\u00f4ne - 69-2026-01-08-00004 - Arr\u00eat\u00e9 pr\u00e9fectoral portant d\u00e9l\u00e9gation de signature aux agents de la pr\u00e9fecture 19\nDIRECTION DE LA COORDINATION DES POLITIQUES INTERMINIST\u00c9RIELLES\n\u2022 de Mme Sandrine CANDELA , attach\u00e9e  principale, cheffe du centre de services partag\u00e9s  \nr\u00e9gional CHORUS (CSPR), \u00e0 :\n\u25e6 M. Jean-Luc BUCHSBAUM, attach\u00e9, adjoint \u00e0 la cheffe du centre de services partag\u00e9s  \nr\u00e9gional Chorus et chef de la section subventions et recettes,\n\u25e6 Mme  Aur\u00e9lie  HOARAU,  attach\u00e9e,  adjointe  \u00e0  la  cheffe  du  centre  services  partag\u00e9s \nr\u00e9gional Chorus, cheffe de section d\u00e9penses de fonctionnement et responsables des  \ndemandes de paiement,\n\u25e6 M. Franck BEQIRAJ, attach\u00e9, chef de la section d\u00e9penses sur march\u00e9s,\n\u25e6 Mme Sylvie BOUCHAKER, adjointe administrative principale de 2 \u00e8me classe, responsable \ndes engagements juridiques,\n\u25e6 Mme Isabelle PEILLON, adjointe administrative principale de 1 \u00e8re classe, responsable des  \ndemandes de paiement.\nCABINET DE LA PR\u00c9F\u00c8TE DE R\u00c9GION, PR\u00c9F\u00c8TE DU RH\u00d4NE\n\u2022 M. Chaouki AMARA, attach\u00e9 principal, chef de cabinet, \u00e0 :\n\u25e6 Mme May KARMY, attach\u00e9e, adjointe au chef de cabinet ;\nArticle  12  : Le  pr\u00e9sent  arr\u00eat\u00e9  peut  faire  l'objet  d'un  recours  contentieux  devant  le  tribunal \nadministratif  de  Lyon  dans  un  d\u00e9lai  de  deux  mois  \u00e0  compter  de  sa  publication.  Le  tribunal \nadministratif peut \u00eatre saisi d'une requ\u00eate d\u00e9pos\u00e9e sur le site www.telerecours.fr.\nArticle 13 :  Le pr\u00e9fet, secr\u00e9taire g\u00e9n\u00e9ral de la pr\u00e9fecture, pr\u00e9fet d\u00e9l\u00e9gu\u00e9 pour l'\u00e9galit\u00e9 des chances,  \nest charg\u00e9 de l'ex\u00e9cution du pr\u00e9sent arr\u00eat\u00e9 qui sera publi\u00e9 au recueil des actes administratifs de la  \npr\u00e9fecture du Rh\u00f4ne.\n7/7\nLa pr\u00e9f\u00e8te,\nSign\u00e9\nFabienne BUCCIO\n69_Pr\u00e9f_Pr\u00e9fecture du Rh\u00f4ne - 69-2026-01-08-00004 - Arr\u00eat\u00e9 pr\u00e9fectoral portant d\u00e9l\u00e9gation de signature aux agents de la pr\u00e9fecture 20\n69_Pr\u00e9f_Pr\u00e9fecture du Rh\u00f4ne\n69-2026-01-08-00006\nArr\u00eat\u00e9 relatif \u00e0 la composition du conseil\nd\u00e9partemental de l'\u00e9ducation nationale (CDEN)\nde la circonscription d\u00e9partementale du Rh\u00f4ne\n69_Pr\u00e9f_Pr\u00e9fecture du Rh\u00f4ne - 69-2026-01-08-00006 - Arr\u00eat\u00e9 relatif \u00e0 la composition du conseil d\u00e9partemental de l'\u00e9ducation\nnationale (CDEN)\nde la circonscription d\u00e9partementale du Rh\u00f4ne\n21\nesPREFETEDU RHONELibert\u00e9Egalit\u00e9Fraternit\u00e9\nLyon, le 08 janvier 2026\nARR\u00caT\u00c9 PR\u00c9FECTORAL N\u00b0 69-2026-01-08-00006\nrelatif \u00e0 la composition du conseil d\u00e9partemental de l'\u00e9ducation nationale (CDEN)\nde la circonscription d\u00e9partementale du Rh\u00f4ne\nLA PR\u00c9F\u00c8TE DE LA R\u00c9GION AUVERGNE-RH\u00d4NE-ALPES,\nPR\u00c9F\u00c8TE DE LA ZONE DE D\u00c9FENSE ET DE S\u00c9CURIT\u00c9 SUD-EST,\nPR\u00c9F\u00c8TE DU RH\u00d4NE\nCommandeur de la L\u00e9gion d'honneur\nCommandeur de l'ordre national du M\u00e9rite\nVu la loi n\u00b083-08 du 7 janvier 1983 relative aux transferts de comp\u00e9tences ;\nVu la loi n\u00b083-663 du 22 juillet 1983 modifi\u00e9e et compl\u00e9t\u00e9e par la loi n\u00b085-97 du 25 janvier 1985 portant  \ndispositions relatives aux rapports entre l'\u00c9tat et les collectivit\u00e9s locales, et notamment son article  12 \ninstituant dans chaque d\u00e9partement un conseil de l'\u00e9ducation nationale ;\nVu  l'article  26  de  la  loi  n\u00b02014-58  du  27  janvier  2014  de  modernisation  de  l'action  territoriale  et \nd'affirmation des m\u00e9tropoles ;\nVu le code de l'\u00e9ducation ;\nVu le d\u00e9cret n\u00b02015-425 du 15 avril 2015 relatif au conseil de l'\u00e9ducation nationale de l'acad\u00e9mie de Lyon  \net au conseil d\u00e9partemental de l'\u00e9ducation nationale de la circonscription d\u00e9partementale du Rh\u00f4ne ;\nVu les propositions des divers organismes consult\u00e9s ;\nVu  l'arr\u00eat\u00e9  n\u00b069-2024-09-13-00002  du  13  septembre  2024  relatif  \u00e0  la  composition  du  conseil \nd\u00e9partemental de l'\u00e9ducation nationale de la circonscription d\u00e9partementale du Rh\u00f4ne ;\nVu les arr\u00eat\u00e9s modificatifs n\u00b069-2024-12-05--00005 du 05 d\u00e9cembre 2024, n\u00b069-2025-02-12-00001 du 12  \nf\u00e9vrier 2025, n\u00b069-2025-10-21-00001 du 21 octobre 2025, et n\u00b069-2025-11-12-00006 du 12 novembre 2025,  \nrelatifs  \u00e0  la  composition  du  conseil  d\u00e9partemental  de  l'\u00e9ducation  nationale  de  la  circonscription \nd\u00e9partementale du Rh\u00f4ne ;\nConsid\u00e9rant  la  demande  transmise  par  les  services  de  la  direction  de  services  d\u00e9partementaux  de \nl'\u00c9ducation nationale (DSDEN) du Rh\u00f4ne le 06 janvier 2026, exposant les modifications concernant les  \nrepr\u00e9sentants de l'union des DDEN du Rh\u00f4n au conseil d\u00e9partemental de l'\u00e9ducation nationale de la  \ncirconscription d\u00e9partementale du Rh\u00f4ne ;\nConsid\u00e9rant qu'il convient de proc\u00e9der \u00e0 la modification de la composition du  conseil d\u00e9partemental de \nl'\u00e9ducation nationale de la circonscription d\u00e9partementale du Rh\u00f4ne :\nSur  la  proposition  du  pr\u00e9fet,  secr\u00e9taire  g\u00e9n\u00e9ral,  pr\u00e9fet  d\u00e9l\u00e9gu\u00e9  pour  l'\u00e9galit\u00e9  des  chances  de  la \npr\u00e9fecture du Rh\u00f4ne ;\n1/4\n69_Pr\u00e9f_Pr\u00e9fecture du Rh\u00f4ne - 69-2026-01-08-00006 - Arr\u00eat\u00e9 relatif \u00e0 la composition du conseil d\u00e9partemental de l'\u00e9ducation\nnationale (CDEN)\nde la circonscription d\u00e9partementale du Rh\u00f4ne\n22\nARR\u00caTE :\nArticle 1  er   \u2013 Le conseil de l'\u00e9ducation nation ale de la circonscription d\u00e9partementale du Rh \u00f4ne est \ncompos\u00e9 comme suit :\nI \u2013 Pr\u00e9sidents et vice-pr\u00e9sidents, membres de droit du conseil : \na) Pr\u00e9sidents :\n\u2022 la pr\u00e9f \u00e8te du  Rh\u00f4ne  pour  les  questions  qui  rel\u00e8vent  de  la  comp\u00e9tence  de  l'\u00c9tat  (ou  son \nrepr\u00e9sentant : l'inspecteur d'acad\u00e9mie - directeur acad\u00e9mique des services de l'\u00e9ducation nationale  \ndu Rh\u00f4ne),\n\u2022 le  pr\u00e9sident  du  conseil  d\u00e9partemental  du  Rh\u00f4ne  pour  les  questions  qui  rel\u00e8vent  de  la \ncomp\u00e9tence du conseil d\u00e9partemental (ou son repr\u00e9sentant d\u00e9sign\u00e9),\n\u2022 le pr\u00e9sident de la M\u00e9tropole de Lyon pour les questions qui rel\u00e8vent de la comp\u00e9tence de  \nl'assembl\u00e9e m\u00e9tropolitaine (ou son repr\u00e9sentant d\u00e9sign\u00e9).\nb) Vice-Pr\u00e9sidents : (les suppl\u00e9ants des pr\u00e9sidents)\n\u2022 l'inspecteur  d'acad\u00e9mie  -  directeur  acad\u00e9mique  des  services  de  l'\u00e9ducation  nationale  du \nRh\u00f4ne,\n\u2022 le  repr\u00e9sentant  suppl\u00e9ant  du  pr\u00e9sident  du  Conseil  d\u00e9partemental  du  Rh\u00f4ne,  M.  Daniel \nVAL\u00c9RO, vice-pr\u00e9sident du Conseil d\u00e9partemental du Rh\u00f4ne,\n\u2022 la repr\u00e9sentante suppl\u00e9ante du pr\u00e9sident de la M\u00e9tropole de Lyon, Mme Lucie VACHER, 8 e \nVice-Pr\u00e9sidente de la M\u00e9tropole de Lyon, \nII \u2013 Dix repr\u00e9sentants des collectivit\u00e9s territoriales :\na) Trois maires sur d\u00e9signation de l'association des maires du Rh\u00f4ne :\nTitulaires : Suppl\u00e9ants     :  \nMme H\u00e9l\u00e8ne GEOFFROY M. C\u00e9dric VAN  STYVENDAEL\nMaire de Vaulx-en-Velin Maire de Villeurbanne\nMme Sylvie JOVILLARD M. S\u00e9bastien MICHEL\nMaire de L\u00e9gny Maire d'Ecully\nMme Virginie POULAIN\nMaire de Fontaines-Saint-Martin\nb) Trois conseillers d\u00e9partementaux sur d\u00e9signation du conseil d\u00e9partemental :\nTitulaires : Suppl\u00e9ants :\nMme Pascale CHAPOT Mme Sylvie EPINAT\nMme Mireille SIMIAN Mme Claude GOY\nMme Val\u00e9rie DUGELAY M. Jean-Jacques BRUN\n2/4\n69_Pr\u00e9f_Pr\u00e9fecture du Rh\u00f4ne - 69-2026-01-08-00006 - Arr\u00eat\u00e9 relatif \u00e0 la composition du conseil d\u00e9partemental de l'\u00e9ducation\nnationale (CDEN)\nde la circonscription d\u00e9partementale du Rh\u00f4ne\n23\nc) Trois conseillers m\u00e9tropolitains sur d\u00e9signation de l'assembl\u00e9e m\u00e9tropolitaine :\nTitulaires     :  Suppl\u00e9ants     :  \nMme V\u00e9ronique MOREIRA M. Benjamin BADOUARD\n   Mme Vinciane BRUNEL Mme Brigitte JANNOT\nM. Jean-Claude RAY Mme Catherine DUPUY\nd) Un conseiller r\u00e9gional sur d\u00e9signation du conseil r\u00e9gional :\nTitulaire : Suppl\u00e9ant :\nMme Sophie CRUZ Mme Karine LUCAS\nIII \u2013 Sept repr\u00e9sentants des personnels nomm\u00e9s par l  e   pr\u00e9f  e  t, sur propositions des organisations   \nsyndicales repr\u00e9sentatives : \na) FSU (F\u00e9d\u00e9ration Syndicale Unitaire) :\nTitulaires : Suppl\u00e9ants :\nMme S\u00e9verine VUILLAUMIER M. Benjamin GRANDENER\nM. Thomas GATHIER Mme Manon PILLOY\nMme C\u00e9line TROCME M. Amiel GERIN\nM. Pierre DELOLME M. Cyril LE HENANFF\nb) FNEC \u2013 FP- Force ouvri\u00e8re :\nTitulaire : Suppl\u00e9ants :\nM. Fr\u00e9d\u00e9ric ARSANE M. Guillaume LAFUMA\nc) UNSA \u2013 Education :\nTitulaire : Suppl\u00e9ant :\nMme Sylvie CARON M. Anna PAYET\nd) CGT\nTitulaire : Suppl\u00e9ant :\nM. Quentin BEAUD M. Renaud GUY\nIV     \u2013 Sept repr\u00e9sentants des usagers :  \na) Cinq  repr\u00e9sentants  des  parents  d'\u00e9l\u00e8ves  nomm\u00e9s  par  la pr\u00e9f\u00e8te sur  proposition  des \nassociations de parents d'\u00e9l\u00e8ves : \nF.C.P.E (F\u00e9d\u00e9ration des conseils des parents d'\u00e9l\u00e8ves) :\nTitulaires     :  Suppl\u00e9ants     :  \nMme Gwladys BARDI Mme Florence BERRHOUT\nMme Sandra BUTEAU-BESLE M. Michel CHRISTIAN\nMme Nacima GHEDHAB M. Karim LEMHEMDI\nMme Aurore-Mauve VOELTZEL Mme Henda OULED HAFID\n3/4\n69_Pr\u00e9f_Pr\u00e9fecture du Rh\u00f4ne - 69-2026-01-08-00006 - Arr\u00eat\u00e9 relatif \u00e0 la composition du conseil d\u00e9partemental de l'\u00e9ducation\nnationale (CDEN)\nde la circonscription d\u00e9partementale du Rh\u00f4ne\n24\nP.E.E.P. (F\u00e9d\u00e9ration des parents d'\u00e9l\u00e8ves de l'enseignement public) :\nTitulaire     :  Suppl\u00e9ant     :  \nMme Amandine RAY GARREAU M. Kamel MOUSSER\nb) Un repr\u00e9sentant des associations compl\u00e9mentaires de l'enseignement public nomm\u00e9 par le  \npr\u00e9fet sur  proposition  de  l'inspecteur  d'acad\u00e9mie  -  directeur  acad\u00e9mique  des  services  de \nl'\u00e9ducation nationale du Rh\u00f4ne :\nTitulaire : Suppl\u00e9ant :\nMme Pascale COCHET Mme Hervelyne ISOARD THOMAS\nc) Une personnalit\u00e9 nomm\u00e9e par le  pr\u00e9fet, par le pr\u00e9sident du conseil d\u00e9partemental du Rh\u00f4ne  \net par le pr\u00e9sident du conseil de la m\u00e9tropole de Lyon :\nTitulaire : Suppl\u00e9ant :\nM. Thomas RIGAUD (AFEV)\nV - Un d\u00e9l\u00e9gu\u00e9 d\u00e9partemental de l'\u00e9ducation nationale nomm\u00e9 par l  e   pr\u00e9f  e  t, sur proposition du   \npr\u00e9sident des d\u00e9l\u00e9gations d\u00e9partementales (si\u00e9geant \u00e0 titre consultatif) :\nTitulaire     : Suppl\u00e9ant :\nM. Christian VANDENDRIESSCHE M. Bernard DIEDERICHS\nArticle 2 \u2013 La dur\u00e9e du mandat de chacun des membres titulaires et suppl\u00e9ants est fix\u00e9e \u00e0 trois ans \u00e0  \ncompter de l'arr\u00eat\u00e9 initial de composition du Conseil d\u00e9partemental de l'\u00e9ducation nationale de la  \ncirconscription  d\u00e9partementale  du  Rh\u00f4ne  et  pour  les  membres  rempla\u00e7ants,  pour  la  dur\u00e9e  du \nmandat en cours.\nArticle 3 \u2013 Le secr\u00e9tariat sera assur\u00e9 conjointement par les services de l'\u00c9tat et par les services du  \nconseil d\u00e9partemental du Rh\u00f4ne et  de la M\u00e9tropole de Lyon. Pour les comp\u00e9tences de l'\u00c9tat, le  \nsecr\u00e9tariat sera assur\u00e9 par les services acad\u00e9miques.\nArticle 4 \u2013 Le pr\u00e9fet, secr\u00e9taire g\u00e9n\u00e9ral, pr\u00e9fet d\u00e9l\u00e9gu\u00e9 pour l'\u00e9galit\u00e9 des chances de la pr\u00e9fecture du \nRh\u00f4ne, et l'inspecteur d'acad\u00e9mie, directeur des services d\u00e9partementaux de l'\u00e9ducation nationale  \ndu Rh\u00f4ne,  sont charg\u00e9s, chacun en ce qui le concerne, de l'ex\u00e9cution du pr\u00e9sent arr\u00eat\u00e9  qui sera  \npubli\u00e9  au  recueil  des  actes  administratifs  de  la  pr\u00e9fecture  et  dont  une  copie  sera  notifi\u00e9e  au \npr\u00e9sident du conseil d\u00e9partemental du Rh\u00f4ne et au pr\u00e9sident de la M\u00e9tropole de Lyon.\n\u00abEn application des dispositions de l'article R.421-5 du code de justice administrative, le pr\u00e9sent arr\u00eat\u00e9 \npeut faire l'objet d'un recours contentieux devant le tribunal administratif, dans le d\u00e9lai de 2 mois \u00e0  \ncompter de sa notification, conform\u00e9ment \u00e0 l'article R.421-1 du m\u00eame code. Le tribunal peut \u00eatre saisi  \nd'une requ\u00eate d\u00e9pos\u00e9e sur le site www.telerecours.fr. Dans ce m\u00eame d\u00e9lai, un recours gracieux peut  \n\u00eatre pr\u00e9sent\u00e9 \u00e0 l'auteur de la d\u00e9cision.\n4/4\nLe Pr\u00e9fet, Secr\u00e9taire g\u00e9n\u00e9ral,\nPr\u00e9fet d\u00e9l\u00e9gu\u00e9 pour l'\u00e9galit\u00e9 des chances\nSign\u00e9\nFabrice ROSAY\n69_Pr\u00e9f_Pr\u00e9fecture du Rh\u00f4ne - 69-2026-01-08-00006 - Arr\u00eat\u00e9 relatif \u00e0 la composition du conseil d\u00e9partemental de l'\u00e9ducation\nnationale (CDEN)\nde la circonscription d\u00e9partementale du Rh\u00f4ne\n25\n69_Pr\u00e9f_Pr\u00e9fecture du Rh\u00f4ne\n69-2026-01-12-00001\nAP du 12 janvier 2026 portant autorisation\nexploitation syst\u00e8me vid\u00e9oprotection - RATP\nDEV LYON - Villeurbanne \n69_Pr\u00e9f_Pr\u00e9fecture du Rh\u00f4ne - 69-2026-01-12-00001 - AP du 12 janvier 2026 portant autorisation exploitation syst\u00e8me vid\u00e9oprotection\n- RATP DEV LYON - Villeurbanne 26\nEPR\u00c9F\u00c8TEDU RH\u00d4NELibert\u00e9Egalit\u00e9Fraternit\u00e9\nPr\u00e9fecture\nDirection de la s\u00e9curit\u00e9 et de la protection civile\nBureau des polices administratives\nDossier 20170472\nArr\u00eat\u00e9 portant autorisation d'exploitation d'un syst\u00e8me de vid\u00e9oprotection\nLa Pr\u00e9f\u00e8te du Rh\u00f4ne\nCommandeur de la L\u00e9gion d'Honneur\nCommandeur de l'ordre national du M\u00e9rite\nVU le code de s\u00e9curit\u00e9 int\u00e9rieure et notamment ses articles L.223-1 \u00e0 L.223-9, L.251-1 \u00e0 L.255-1, ainsi que ses articles  \nR.251-7 et suivants; \nVU l'arr\u00eat\u00e9 minist\u00e9riel du 3 ao\u00fbt 2007 portant d\u00e9finition des normes techniques des syst\u00e8mes de vid\u00e9osurveillance;\nVU le d\u00e9cret en Conseil des Ministres du 11 janvier 2023 portant nomination de Madame Fabienne BUCCIO, pr\u00e9f\u00e8te de  \nla r\u00e9gion Auvergne-Rh\u00f4ne-Alpes, pr\u00e9f\u00e8te de la zone de d\u00e9fense et de s\u00e9curit\u00e9 Sud-Est, pr\u00e9f\u00e8te du Rh\u00f4ne (hors classe)  ;\nVU le d\u00e9cret du 6 novembre 2024 portant nomination de Monsieur Antoine GUERIN, pr\u00e9fet d\u00e9l\u00e9gu\u00e9 pour la d\u00e9fense et la  \ns\u00e9curit\u00e9 aupr\u00e8s de la pr\u00e9f\u00e8te de la r\u00e9gion Auvergne-Rh\u00f4ne-Alpes, pr\u00e9f\u00e8te de la zone de d\u00e9fense et de s\u00e9curit\u00e9 Sud-Est,  \npr\u00e9f\u00e8te du Rh\u00f4ne ;\nVU l'arr\u00eat\u00e9  pr\u00e9fectoral  n\u00b069-2025-10-13-00011  du  13  octobre  2025  portant  d\u00e9l\u00e9gation  de  signature  \u00e0  M  Antoine \nGUERIN, pr\u00e9fet d\u00e9l\u00e9gu\u00e9 pour la d\u00e9fense et la s\u00e9curit\u00e9 aupr\u00e8s de pr\u00e9f\u00e8te de la r\u00e9gion Auvergne-Rh\u00f4ne-Alpes, pr\u00e9f\u00e8te de la \nzone de d\u00e9fense et de s\u00e9curit\u00e9 Sud-Est, pr\u00e9f\u00e8te du Rh\u00f4ne ;\nVU la demande pr\u00e9sent\u00e9e par l'expert vid\u00e9o de la soci\u00e9t\u00e9 RATP DEV LYON situ\u00e9e 14 rue Olympe de Gouges \u00e0  \nVilleurbanne (69100) en vue d'obtenir l'autorisation de fonctionnement d'un syst\u00e8me de vid\u00e9oprotection pour les m\u00e9tro,  \ntramways, funiculaires (rames et stations);\nConsid\u00e9rant l'avis favorable \u00e9mis par la Commission d\u00e9partementale de vid\u00e9oprotection le 19/12/2025;\nConsid\u00e9rant que le syst\u00e8me de vid\u00e9oprotection est conforme \u00e0 la r\u00e9glementation ;\nSur proposition de Monsieur le Directeur de la S\u00e9curit\u00e9 et de la Protection Civile.\nARR\u00caTE\nArticle 1er : Le fonctionnement du syst\u00e8me de vid\u00e9oprotection, qui fait l'objet de la demande pr\u00e9sent\u00e9e par l'expert vid\u00e9o  \nde la soci\u00e9t\u00e9 RATP DEV LYON est autoris\u00e9 pour 3396 cam\u00e9ras int\u00e9rieures et 780 cam\u00e9ras ext\u00e9rieures sous r\u00e9serve des  \nobligations suivantes : \n- le d\u00e9lai de conservation des images est limit\u00e9 \u00e0 6 jours ;\n- le traitement des images \u00e0 l'\u00e9tranger est formellement interdit ;\n- le titulaire de l'autorisation doit tenir un registre mentionnant les enregistrements r\u00e9alis\u00e9s, la date de destruction des  \nimages et le cas \u00e9ch\u00e9ant la date de leur transmission au parquet ;\n- les personnes charg\u00e9es du traitement du syst\u00e8me de vid\u00e9oprotection sont habilit\u00e9es \u00e0 le faire par le p\u00e9titionnaire ;\n- les personnes habilit\u00e9es \u00e0 acc\u00e9der aux images doivent correspondre \u00e0 celles mentionn\u00e9es dans la d\u00e9claration, elles sont  \nd\u00e9sign\u00e9es par leur identit\u00e9 et/ou leur fonction, toute modification de ces personnes doit \u00eatre faite aupr\u00e8s des services  \npr\u00e9fectoraux ;\n   Pr\u00e9fecture du Rh\u00f4ne \u2013 \n   69419 Lyon cedex 03 \n  04 72 61 61 61\n  www.rhone.gouv.fr 1/2\nLyon, le 12 janvier 2026\n69_Pr\u00e9f_Pr\u00e9fecture du Rh\u00f4ne - 69-2026-01-12-00001 - AP du 12 janvier 2026 portant autorisation exploitation syst\u00e8me vid\u00e9oprotection\n- RATP DEV LYON - Villeurbanne 27\n- les forces de s\u00e9curit\u00e9 de l'\u00c9tat sont habilit\u00e9es \u00e0 acc\u00e9der aux images en temps r\u00e9el et \u00e0 visionner les enregistrements sur le  \nlieu de traitement des images et une r\u00e9quisition \u00e9crite est n\u00e9cessaire pour toute extraction d'images ;\n- le responsable de la mise en \u0153uvre du syst\u00e8me doit s'assurer que des consignes tr\u00e8s pr\u00e9cises soient donn\u00e9es sur la  \nconfidentialit\u00e9 des images capt\u00e9es et/ou enregistr\u00e9es \u00e0 toutes les personnes concern\u00e9es ;\n- l'acc\u00e8s \u00e0 la salle de visionnage, d'enregistrement et de traitement des images, doit \u00eatre  strictement interdit  \u00e0 toute  \npersonne  qui  n'aura  pas  \u00e9t\u00e9  pr\u00e9alablement  habilit\u00e9e  et  autoris\u00e9e  par  l'autorit\u00e9  responsable  du  syst\u00e8me  ou  de  son \nexploitation ;\n- les cam\u00e9ras ne doivent en aucun cas visionner les zones privatives aux alentours, toutes mesures de protection comme un  \nsyst\u00e8me de masquage ou de \u00ab  floutage \u00bb (notamment pour les lieux privatifs film\u00e9s \u00e0 titre accessoire) doivent \u00eatre prises  \nafin de ne porter, en aucune mani\u00e8re, atteinte \u00e0 l'intimit\u00e9 de la vie priv\u00e9e des riverains qui peuvent se trouver dans leur  \nchamp de vision.\n- l'information du public de l'existence du syst\u00e8me de vid\u00e9oprotection dans la commune, la qualit\u00e9 et les coordonn\u00e9es du  \nresponsable de ce syst\u00e8me doivent appara\u00eetre de mani\u00e8re claire et permanente, l'affichage doit-\u00eatre suffisant et conforme  \nau mod\u00e8le joint \u00e0 la demande ;\n- le syst\u00e8me de vid\u00e9oprotection ne peut pas servir \u00e0 alimenter un fichier nominatif .\nArticle 2 : Les finalit\u00e9s du syst\u00e8me de vid\u00e9oprotection pour lequel la pr\u00e9sente autorisation est d\u00e9livr\u00e9e sont la protection des  \nb\u00e2timents et installations publics et de leurs abords, la r\u00e9gulation des flux transport, la pr\u00e9vention des atteintes \u00e0 la s\u00e9curit\u00e9 des  \npersonnes et des biens dans des lieux, ainsi que dans des \u00e9tablissements ouverts au public, particuli\u00e8rement expos\u00e9s \u00e0 des  \nrisques d'agression et de vol ou de trafic de stup\u00e9fiant, la protection des abords imm\u00e9diats des b\u00e2timents et des installations  \ndes commer\u00e7ants dans des lieux expos\u00e9s \u00e0 des risques d'agression et de vol, la protection des abords imm\u00e9diats des b\u00e2timents  \net des installations de lieux et \u00e9tablissements relevant d'une personne morale de droit priv\u00e9 expos\u00e9s \u00e0 des actes de terrorisme,  \nla pr\u00e9vention d'actes de terroristes.\nArticle 3     : Le titulaire de l'autorisation est tenu d'informer pr\u00e9alablement la pr\u00e9f\u00e8te du Rh\u00f4ne de la date de mise en service du  \nsyst\u00e8me de vid\u00e9oprotection et, le cas \u00e9ch\u00e9ant, du d\u00e9placement des cam\u00e9ras.\nArticle 4 :  Les agents des forces de s\u00e9curit\u00e9 de l'\u00c9tat et du Service D\u00e9partemental M\u00e9tropolitain d'Incendie et de Secours du  \nRh\u00f4ne individuellement d\u00e9sign\u00e9s et d\u00fbment habilit\u00e9s sont destinataires des enregistrements et des images, dans les conditions  \nd\u00e9finies par les conventions de partenariat relatives \u00e0 la vid\u00e9oprotection urbaine conclues le cas \u00e9ch\u00e9ant entre la commune et  \nl'\u00c9tat ou entre la commune et le SDMIS.\nArticle 5 : Toute modification des donn\u00e9es figurant dans le dossier administratif et technique de cette autorisation doit faire  \nl'objet d'une demande de modification d'autorisation aupr\u00e8s des services pr\u00e9fectoraux. La non-ex\u00e9cution de ces dispositions  \nentra\u00eene le retrait de cette autorisation, sans pr\u00e9judice des sanctions p\u00e9nales pr\u00e9vues.\nArticle  6 :  La  pr\u00e9sente  autorisation  est  valable  pour  une  dur\u00e9e  de  cinq  ans  et  devra  faire  l'objet  d'une  demande  de \nrenouvellement quatre mois avant la fin de son \u00e9ch\u00e9ance. \nLe droit d'acc\u00e8s aux informations enregistr\u00e9es est r\u00e9gi par les dispositions de l'article L. 253-5 et des articles R.253-3 et  \nR.253-4 du code de la s\u00e9curit\u00e9 int\u00e9rieure.\nArticle 7 : Le fait de proc\u00e9der \u00e0 des enregistrements de vid\u00e9oprotection sans autorisation, de ne pas les d\u00e9truire dans le d\u00e9lai  \npr\u00e9vu, de les falsifier, d'entraver l'action de la commission d\u00e9partementale de vid\u00e9oprotection ou de la Commission Nationale  \nInformatique et Libert\u00e9s, de faire acc\u00e9der des personnes non habilit\u00e9es aux images ou d'utiliser ces images \u00e0 d'autres fins que  \ncelles pour lesquelles elles sont autoris\u00e9es est puni de trois ans d'emprisonnement et de 45000 euros d'amende sans pr\u00e9judice  \ndes dispositions des articles 226-1 du code p\u00e9nal.\nArticle 8 : le Directeur de la s\u00e9curit\u00e9 et de la protection civile et l'expert vid\u00e9o de la soci\u00e9t\u00e9 RATP DEV LYON, chacun en ce  \nqui le concerne, est charg\u00e9 de l'ex\u00e9cution du pr\u00e9sent arr\u00eat\u00e9 et qui sera publi\u00e9 au recueil des actes administratifs de la  \npr\u00e9fecture du Rh\u00f4ne.\n Pour la Pr\u00e9f\u00e8te, \nle directeur de la s\u00e9curit\u00e9 et de la protection civile\n       Ernest MOUTOUSSAMY\nSi vous entendez contester le pr\u00e9sent arr\u00eat\u00e9, vous pouvez utiliser les voies de recours suivantes :\n- un recours gracieux motiv\u00e9 peut \u00eatre adress\u00e9 aupr\u00e8s de mes services dans un d\u00e9lai de deux mois \u00e0 compter de la notification du pr\u00e9sent arr\u00eat\u00e9,\n- un recours hi\u00e9rarchique peut \u00eatre introduit aupr\u00e8s de M. le Ministre de l'Int\u00e9rieur, Direction des libert\u00e9s publiques et Affaires juridiques, Bureau des polices Administratives,\nEn l'absence de r\u00e9ponse dans un d\u00e9lai de deux mois \u00e0 compter de la r\u00e9ception de votre recours, celui-ci doit \u00eatre consid\u00e9r\u00e9 comme implicitement rejet\u00e9.\n- un recours contentieux : aupr\u00e8s du Tribunal Administratif de Lyon dans un d\u00e9lai de deux mois \u00e0 compter de la notification du pr\u00e9sent arr\u00eat\u00e9 ou \u00e0 partir de la d\u00e9cision\nImplicite ou explicite de rejet du recours gracieux ou hi\u00e9rarchique. Le tribunal administratif peut \u00eatre saisi d'une requ\u00eate d\u00e9pos\u00e9e sur le site www.telerecours.fr            2/2\n69_Pr\u00e9f_Pr\u00e9fecture du Rh\u00f4ne - 69-2026-01-12-00001 - AP du 12 janvier 2026 portant autorisation exploitation syst\u00e8me vid\u00e9oprotection\n- RATP DEV LYON - Villeurbanne 28\n69_Pr\u00e9f_Pr\u00e9fecture du Rh\u00f4ne\n69-2026-01-09-00002\nArr\u00eat\u00e9 pr\u00e9fectoral de r\u00e9ouverture de la\ncirculation sur la M7\n69_Pr\u00e9f_Pr\u00e9fecture du Rh\u00f4ne - 69-2026-01-09-00002 - Arr\u00eat\u00e9 pr\u00e9fectoral de r\u00e9ouverture de la circulation sur la M7 29\nPREFETEDU RHONELibert\u00e9Egalit\u00e9Fraternit\u00e9\nDirection d\u00e9partementale\ndes territoires\nArr\u00eat\u00e9 pr\u00e9fectoral n\u00b0                                      du 09/01/2025\nportant r\u00e9glementation temporaire de la circulation sur M7\nLa Pr\u00e9f\u00e8te de la R\u00e9gion Auvergne-Rh\u00f4ne-Alpes,\nPr\u00e9f\u00e8te de la Zone de d\u00e9fense et de s\u00e9curit\u00e9 sud-est,\nPr\u00e9f\u00e8te du Rh\u00f4ne,\nCommandeur de la L\u00e9gion d'honneur,\nCommandeur de l'ordre national du M\u00e9rite,\nVU le code de la route\u00a0;\nVU le code de la voirie routi\u00e8re\u00a0;\nVU le code de la s\u00e9curit\u00e9 int\u00e9rieure\u00a0;\nVU le d\u00e9cret n\u00b0 96-982 du 8 novembre 1996 relatif \u00e0 la police de circulation sur les autoroutes\u00a0;\nVU le d\u00e9cret n\u00b02004-374 du 29 avril 2004 modifi\u00e9 relatif aux pouvoirs des pr\u00e9fets, \u00e0 l'organisation et \u00e0 \nl'action des services de l'\u00c9tat dans les r\u00e9gions et d\u00e9partements\u00a0;\nVU\u00a0le d\u00e9cret en conseil des ministres du 11 janvier 2023 portant nomination de Mme Fabienne  \nBUCCIO, en qualit\u00e9 de pr\u00e9f\u00e8te de la r\u00e9gion Auvergne-Rh\u00f4ne-Alpes, pr\u00e9f\u00e8te de la zone de d\u00e9fense et \nde s\u00e9curit\u00e9 Sud-Est, pr\u00e9f\u00e8te du Rh\u00f4ne\u00a0;\nVU\u00a0le  d\u00e9cret  en  conseil  des  ministres  du  6  novembre  2024  portant  nomination  de  M.\u00a0Antoine \nGUERIN, en qualit\u00e9 de pr\u00e9fet d\u00e9l\u00e9gu\u00e9 pour la d\u00e9fense et la s\u00e9curit\u00e9 aupr\u00e8s de la pr\u00e9f\u00e8te de la r\u00e9gion \nAuvergne-Rh\u00f4ne-Alpes, pr\u00e9f\u00e8te de la zone de d\u00e9fense et de s\u00e9curit\u00e9 Sud-Est, pr\u00e9f\u00e8te du Rh\u00f4ne\u00a0;\nVU la circulaire du 28 d\u00e9cembre 2011 relative \u00e0 la gestion de la circulation routi\u00e8re \u00a0: pr\u00e9paration et \ngestion des situations de crise routi\u00e8re\u00a0;\nVU l'instruction  interminist\u00e9rielle  sur  la  signalisation  routi\u00e8re  (Livre  I,  8\u00e8me\n partie \u00a0:  signalisation \ntemporaire) approuv\u00e9e par l'arr\u00eat\u00e9 interminist\u00e9riel du 6 novembre 1992 et modifi\u00e9e par les textes  \nsubs\u00e9quents\u00a0;\nVU l'arr\u00eat\u00e9 n\u00b005012026_00001 du 05/01/2026, portant r\u00e9glementation temporaire de la circulation sur \nl'axe M7\u00a0;\nCONSID\u00c9RANT la  fin  du  blocage  par  des  v\u00e9hicules  agricoles  sur  l'axe  M7  et  l'am\u00e9lioration  des \nconditions de circulation dans le d\u00e9partement,\nSUR PROPOSITION du directeur d\u00e9partemental des territoires du Rh\u00f4ne,\n69_Pr\u00e9f_Pr\u00e9fecture du Rh\u00f4ne - 69-2026-01-09-00002 - Arr\u00eat\u00e9 pr\u00e9fectoral de r\u00e9ouverture de la circulation sur la M7 30\nARR\u00caTE\nArticle 1  er\n  \nL'arr\u00eat\u00e9  n\u00b005012026_00001  en  date  du  05/01/2026  relatif  l'interdiction  de  circulation  \u00e0  tous  les \nv\u00e9hicules sur l'axe M7 dans les 2 sens de circulation, est abrog\u00e9.\n\u2022 Dans le sens Nord/Sud, r\u00e9ouverture de M7 au PR4+900\n\u2022 Dans le sens Sud/Nord, r\u00e9ouverture de M7 au PR6\nLes bretelles d'acc\u00e8s \u00e0 M7 sens Nord/Sud depuis Pierre-B\u00e9nite et Irigny sont ouvertes.\nLa bretelle d'acc\u00e8s \u00e0 M7 depuis A450 direction Lyon depuis Brignais est ouverte.\nArticle       2  \n-\u00a0Le pr\u00e9fet, secr\u00e9taire g\u00e9n\u00e9ral de la pr\u00e9fecture du Rh\u00f4ne,\n-\u00a0la directrice interd\u00e9partementale des routes Centre-Est,\n-\u00a0le pr\u00e9sident de la m\u00e9tropole de Lyon,\n-\u00a0le commandant de la compagnie r\u00e9publicaine de s\u00e9curit\u00e9 autorouti\u00e8re Rh\u00f4ne-Alpes-Auvergne,\n- le directeur interd\u00e9partemental de la police nationale (DIPN) du Rh\u00f4ne\nsont charg\u00e9s, chacun en ce qui le concerne, de l'ex\u00e9cution du pr\u00e9sent arr\u00eat\u00e9, qui sera ins\u00e9r\u00e9 au recueil \ndes actes administratifs de la pr\u00e9fecture du Rh\u00f4ne et dont copie est adress\u00e9e\u00a0:\n-\u00a0au directeur du service d\u00e9partemental et m\u00e9tropolitain d'incendie et de secours du Rh\u00f4ne,\n-\u00a0\u00e0 l'officier du minist\u00e8re public pr\u00e8s du tribunal de police de Lyon.\n-\u00a0au directeur d\u00e9partemental des territoires du Rh\u00f4ne,\n                                         Lyon, le 9 janvier 2026\n                   Pour la pr\u00e9f\u00e8te,\nLe directeur de cabinet\n        Original sign\u00e9\n        Lucas TURGIS\nD\u00e9lais et voies de recours\u00a0:\nConform\u00e9ment \u00e0 l'article R.421-1 du code de justice administrative, la pr\u00e9sente d\u00e9cision peut faire l'objet \nd'un recours contentieux, dans le d\u00e9lai de deux mois \u00e0 compter de sa notification, devant le tribunal  \nadministratif de Lyon (184, rue Duguesclin \u2013 69\u00a0433 Lyon Cedex 03, ou sur l'application www.telerecours.fr). \nElle peut \u00e9galement faire l'objet d'un recours gracieux aupr\u00e8s de Madame la Pr\u00e9f\u00e8te du Rh\u00f4ne. Cette  \nd\u00e9marche interrompt le d\u00e9lai de recours contentieux, ce dernier devant \u00eatre introduit dans le d\u00e9lai de  \ndeux  mois  suivant  une  d\u00e9cision  implicite  ou  explicite  de  l'autorit\u00e9  comp\u00e9tente  (le  silence  de \nl'administration pendant un d\u00e9lai de deux mois valant d\u00e9cision implicite de rejet).\n2/2\n69_Pr\u00e9f_Pr\u00e9fecture du Rh\u00f4ne - 69-2026-01-09-00002 - Arr\u00eat\u00e9 pr\u00e9fectoral de r\u00e9ouverture de la circulation sur la M7 31\n69_Pr\u00e9f_Pr\u00e9fecture du Rh\u00f4ne\n69-2026-01-09-00001\nARR\u00caT\u00c9 PR\u00c9FECTORAL\nportant interdiction de rassemblement\nautomobile sur la voie publique dans le\nd\u00e9partement du Rh\u00f4ne du vendredi 09 janvier\n2026 18h00 au lundi 12 janvier 2026 06h00\n69_Pr\u00e9f_Pr\u00e9fecture du Rh\u00f4ne - 69-2026-01-09-00001 - ARR\u00caT\u00c9 PR\u00c9FECTORAL\nportant interdiction de rassemblement automobile sur la voie publique dans le d\u00e9partement du Rh\u00f4ne du vendredi 09 janvier 2026\n18h00 au lundi 12 janvier 2026 06h00\n32\nPREFETEDU RHONELibert\u00e9Egalit\u00e9Fraternit\u00e9\nCabinet du Pr\u00e9fet d\u00e9l\u00e9gu\u00e9\npour la d\u00e9fense et la s\u00e9curit\u00e9\nBureau de l'Ordre Public\nARR\u00caT\u00c9 PR\u00c9FECTORAL\nportant interdiction de rassemblement automobile sur la voie publique dans le d\u00e9partement du \nRh\u00f4ne du vendredi 09 janvier 2026 18h00 au lundi 12 janvier 2026 06h00\nLa Pr\u00e9f\u00e8te du Rh\u00f4ne,\nCommandeur de la L\u00e9gion d'honneur\nCommandeur de l'ordre national du M\u00e9rite\nVU la Constitution, et notamment son Pr\u00e9ambule\u00a0;\nVU la Convention europ\u00e9enne de sauvegarde des droits de l'homme et des libert\u00e9s fondamentales  \ndu 4 novembre 1950\u00a0;\nVU le Code p\u00e9nal, notamment ses articles 223-1, 322-3 et 431-3 et suivants\u00a0; \nVU le Code de la route, notamment ses articles L236-1 et L236-2\u00a0; \nVU le Code g\u00e9n\u00e9ral des collectivit\u00e9s territoriales, notamment ses articles L2214-4 et L2215-1\u00a0; \nVU le Code de la s\u00e9curit\u00e9 int\u00e9rieure, notamment ses articles L211-1 et suivants\u00a0;\nVU la loi du 30 juin 1881 sur la libert\u00e9 de r\u00e9union\u00a0;\nVU le d\u00e9cret n\u00b02004-374 du 29 avril 2004 modifi\u00e9 relatif aux pouvoirs des pr\u00e9fets, \u00e0 l'organisation et  \n\u00e0 l'action des services de l'\u00c9tat dans les r\u00e9gions et d\u00e9partements ;\nVU le d\u00e9cret en Conseil des Ministres du 11 janvier 2023 portant nomination de Madame Fabienne  \nBUCCIO, pr\u00e9f\u00e8te de la r\u00e9gion Auvergne-Rh\u00f4ne-Alpes, pr\u00e9f\u00e8te de la zone de d\u00e9fense et de s\u00e9curit\u00e9  \nSud-Est, pr\u00e9f\u00e8te du Rh\u00f4ne (hors classe) ;\nVU le d\u00e9cret du 5 septembre 2025 portant nomination du directeur de cabinet de la pr\u00e9f\u00e8te de la  \nr\u00e9gion Auvergne-Rh\u00f4ne-Alpes, pr\u00e9f\u00e8te de la zone de d\u00e9fense et de s\u00e9curit\u00e9 Sud-Est, pr\u00e9f\u00e8te du  \nRh\u00f4ne \u2013 M. Lucas TURGIS\u00a0; \nVU l'arr\u00eat\u00e9  pr\u00e9fectoral  n\u00b069-2025-09-26-00011  du  26  septembre  2025  portant  d\u00e9l\u00e9gation  de \nsignature \u00e0 M. Lucas TURGIS en qualit\u00e9 de directeur de cabinet de la pr\u00e9f\u00e8te de la r\u00e9gion Auvergne-\nRh\u00f4ne-Alpes, pr\u00e9f\u00e8te de la zone de d\u00e9fense et de s\u00e9curit\u00e9 Sud-Est, pr\u00e9f\u00e8te du Rh\u00f4ne\u00a0;\n  Pr\u00e9fecture du Rh\u00f4ne \u2013 \n  69419 Lyon cedex 03 \n  04 72 61 60 60\n  www.rhone.gouv.fr 1\n69_Pr\u00e9f_Pr\u00e9fecture du Rh\u00f4ne - 69-2026-01-09-00001 - ARR\u00caT\u00c9 PR\u00c9FECTORAL\nportant interdiction de rassemblement automobile sur la voie publique dans le d\u00e9partement du Rh\u00f4ne du vendredi 09 janvier 2026\n18h00 au lundi 12 janvier 2026 06h00\n33\nVU l'information  relay\u00e9e  sur  les  r\u00e9seaux  sociaux  concernant  la  tenue  d'un  rassemblement \nautomobile ill\u00e9gal qui aura lieu le vendredi 09 janvier 2026 sur la parking du magasin D\u00e9cathlon sis  \n332 avenue G\u00e9n\u00e9ral de Gaulle \u00e0 Bron (69) \u00a0; que cet \u00e9v\u00e8nement a \u00e9t\u00e9 relay\u00e9 sur les r\u00e9seaux sociaux  \npar l'un des principaux organisateurs de rassemblement tuning, \u00ab \u00a0#69ladrift\u00a0\u00bb\u00a0; que la suite du  \nmouvement est tenue secr\u00e8te\u00a0;\nVU l'information  relay\u00e9e  sur  les  r\u00e9seaux  sociaux  concernant  la  tenue  d'un  rassemblement \nautomobile ill\u00e9gal qui aura lieu le samedi 10 janvier 2026 sur la parking du magasin D\u00e9cathlon sis  \nchemin des Tuileries \u00e0 Limonest (69) \u00a0; que cet \u00e9v\u00e8nement a \u00e9t\u00e9 relay\u00e9 sur les r\u00e9seaux sociaux par  \nl'un  des  principaux  organisateurs  de  rassemblement  tuning,  \u00ab\u00a0rassoain\u00a0\u00bb\u00a0;  que  la  suite  du \nmouvement est tenue secr\u00e8te\u00a0;\nVU que  le  groupe  nomm\u00e9  \u00ab \u00a0#69LADRIFT\u00a0\u00bb  pr\u00f4ne  sur  les  diff\u00e9rents  r\u00e9seaux  sociaux  des \nrassemblements automobiles non d\u00e9clar\u00e9s \u00a0; que les vid\u00e9os que les groupes diffusent mettent en  \nsc\u00e8ne des v\u00e9hicules puissants effectuant des \u00ab \u00a0drifts\u00a0\u00bb dont les conducteurs et accompagnateurs  \nsont cagoul\u00e9s\u00a0; \nVU que le groupe nomm\u00e9 \u00ab \u00a0rassoain\u00a0\u00bb pr\u00f4ne sur les diff\u00e9rents r\u00e9seaux sociaux des rassemblements  \nautomobiles non d\u00e9clar\u00e9s\u00a0; que les vid\u00e9os que les groupes diffusent mettent en sc\u00e8ne des v\u00e9hicules \npuissants effectuant des \u00ab\u00a0drifts\u00a0\u00bb dont les conducteurs et accompagnateurs sont cagoul\u00e9s\u00a0; \nCONSID\u00c9RANT que,  m\u00eame  en  l'absence  de  circonstances  locales  particuli\u00e8res,  il  appartient  \u00e0 \nl'autorit\u00e9  investie  du  pouvoir  de  police  de  prendre  les  mesures  n\u00e9cessaires,  adapt\u00e9es  et \nproportionn\u00e9es pour pr\u00e9venir une atteinte \u00e0 l'ordre public, dont le respect de la dignit\u00e9 de la  \npersonne humaine constitue l'une des composantes \u00a0; qu'il appartient en outre \u00e0 la m\u00eame autorit\u00e9  \nde prendre les mesures n\u00e9cessaires, adapt\u00e9es et proportionn\u00e9es pour pr\u00e9venir la commission des  \ninfractions p\u00e9nales susceptibles de constituer un trouble \u00e0 l'ordre public sans porter d'atteinte  \nexcessive \u00e0 l'exercice par les citoyens de leurs libert\u00e9s fondamentales \u00a0; qu'\u00e0 ce titre, la pr\u00e9f\u00e8te du  \nd\u00e9partement  peut  prendre  toute  mesure  n\u00e9cessaire  dont  le  champ  d'application  exc\u00e8de  le \nterritoire d'une commune\u00a0;\nCONSID\u00c9RANT qu'au regard de l'article L.211-1 du Code de la s\u00e9curit\u00e9 int\u00e9rieure, sont soumis \u00e0  \nl'obligation d'une d\u00e9claration pr\u00e9alable tous cort\u00e8ges, d\u00e9fil\u00e9s et rassemblements de personnes, et,  \nd'une fa\u00e7on g\u00e9n\u00e9rale, toutes manifestations sur la voie publique \u00a0; que ces \u00e9v\u00e9nements, compte  \ntenu  des  modalit\u00e9s  d'acc\u00e8s  au  public,  de  leurs  attraits  m\u00e9diatiques,  de  leur  objet  et  de  leur \npublicit\u00e9, constituent des r\u00e9unions publiques et des rassemblements au sens de la loi\u00a0;\nCONSID\u00c9RANT que les rassemblements automobiles du vendredi 09 janvier 2026 et du samedi 10  \njanvier 2026 annonc\u00e9s sur les r\u00e9seaux sociaux n'ont fait l'objet d'aucune d\u00e9claration pr\u00e9alable  \naupr\u00e8s des services comp\u00e9tents ni d'aucune mesure de s\u00e9curisation de la part des organisateurs\u00a0; \nCONSID\u00c9RANT que ce type de rassemblements automobiles qui r\u00e9unit habituellement un nombre  \ncons\u00e9quent de v\u00e9hicules et de personnes, donne lieu \u00e0 des troubles importants \u00e0 l'ordre public et \u00e0 \nla s\u00e9curit\u00e9 publique\u00a0: \u00ab\u00a0drifts\u00a0\u00bb (d\u00e9rapages) et \u00ab\u00a0burnout\u00a0\u00bb (acc\u00e9l\u00e9ration sur place pour faire chauffer \nles pneus) dangereux pour les spectateurs, ou courses de vitesse sur les axes routiers avec de grands \nexc\u00e8s de vitesse constat\u00e9s par des proc\u00e8s-verbaux entre autres\u00a0;\nCONSID\u00c9RANT que, depuis ao\u00fbt 2024, plusieurs rassemblements automobiles ont eu lieu dans le  \nd\u00e9partement  du  Rh\u00f4ne,  et  dans  les  d\u00e9partements  limitrophes\u00a0;  que  le  30  ao\u00fbt  2024  sur  la \ncommune de Saint-Priest, cinq cents voitures \u00e9taient pr\u00e9sentes et que des drifts ont \u00e9t\u00e9 constat\u00e9s\u00a0; \nque le 31 octobre 2024 sur les communes de Pusignan et Brignais un rassemblement important  \nd'automobiles a cr\u00e9e des troubles \u00e0 l'ordre public et a mis en danger les usagers de la route\u00a0;\n69_Pr\u00e9f_Pr\u00e9fecture du Rh\u00f4ne - 69-2026-01-09-00001 - ARR\u00caT\u00c9 PR\u00c9FECTORAL\nportant interdiction de rassemblement automobile sur la voie publique dans le d\u00e9partement du Rh\u00f4ne du vendredi 09 janvier 2026\n18h00 au lundi 12 janvier 2026 06h00\n34\nCONSID\u00c9RANT  qu'un  rassemblement  automobile  de  \u00ab\u00a0tuning\u00a0\u00bb  d'une  dizaine  de  voitures  s'est \nd\u00e9roul\u00e9 le 2 novembre 2024 en Savoie dans la commune de Chamb\u00e9ry ; que les forces de l'ordre  \nont d\u00fb intervenir et qu'ils ont \u00e9t\u00e9 cibl\u00e9s par des jets de projectiles et de fumig\u00e8nes\u00a0; \nCONSID\u00c9RANT qu'un  rassemblement  automobile  intitul\u00e9  \u00ab\u00a0RASSO  XMAS\u00a0\u00bb  s'est  d\u00e9roul\u00e9  le  8 \nd\u00e9cembre 2024 en Haute-Savoie dans la commune d'Annecy rassemblant cinq cents participants \u00a0; \nque de nombreuses infractions routi\u00e8res mettant en danger les usagers de la route ont \u00e9t\u00e9 commis\u00a0; \nque 363 infractions au Code de la route ont \u00e9t\u00e9 relev\u00e9es\u00a0; \nCONSID\u00c9RANT  qu'un  rassemblement  automobile  intitul\u00e9  \u00ab\u00a0RASSO  XMAS\u00a0\u00bb  s'est  d\u00e9roul\u00e9  le  14 \nd\u00e9cembre 2024, dans le d\u00e9partement de l'Is\u00e8re, occasionnant de graves troubles \u00e0 l'ordre public \u00a0: \nrixes, accidents de la circulation, engorgement des axes de circulation cr\u00e9ant des ralentissements et \ndes situations de mise en danger des usagers \u00a0; que, par ailleurs, des consignes avaient \u00e9t\u00e9 donn\u00e9es  \nsur les r\u00e9seaux sociaux aux participants en vue de ralentir voire de bloquer l'arriv\u00e9e des forces de  \nl'ordre\u00a0;\nCONSID\u00c9RANT qu'un rassemblement automobile non autoris\u00e9 rassemblant s'est tenu dans la nuit  \ndu 21 au 22 d\u00e9cembre 2024 en Savoie dans la commune de Chamb\u00e9ry rassemblant deux cents  \nv\u00e9hicules et cinq cents spectateurs \u00a0; qu'il a \u00e9t\u00e9 fait \u00e9tat de situations dangereuses telles que des  \nd\u00e9monstrations de \u00ab\u00a0drifts\u00a0\u00bb et de \u00ab\u00a0burnout\u00a0\u00bb par certains participants\u00a0; que l'arriv\u00e9e des forces de \nl'ordre  a \u00e9t\u00e9 bloqu\u00e9e par les participants\u00a0; que de nombreuses contraventions ont \u00e9t\u00e9 dress\u00e9es aux \nv\u00e9hicules qui \u00e9taient en infraction\u00a0;\nCONSID\u00c9RANT qu'un rassemblement automobile intitul\u00e9 \u00ab\u00a0RASSO XMAS\u00a0\u00bb et \u00ab\u00a069 LA TRICK\u00a0\u00bb a \u00e9t\u00e9 \ninterdit le 28 d\u00e9cembre 2024 dans le d\u00e9partement du Rh\u00f4ne par la pr\u00e9f\u00e8te du Rh\u00f4ne \u00a0; que, malgr\u00e9 \ncette  interdiction,  le  rassemblement  s'est  bri\u00e8vement  tenu  \u00e0  Bron  puis  s'est  d\u00e9plac\u00e9  dans  le \nd\u00e9partement de l'Ain \u00a0; qu'il a \u00e9t\u00e9 constat\u00e9 des courses, des d\u00e9rapages dangereux, un public de  \nmasse aux abords des routes ainsi que des feux d'artifices \u00a0; que les forces de l'ordre ont r\u00e9ussi \u00e0  \ndisperser ce rassemblement ill\u00e9gal apr\u00e8s plusieurs tentatives\u00a0\u00a0; \nCONSID\u00c9RANT que dans la nuit du samedi 8 f\u00e9vrier 2025 au dimanche 9 f\u00e9vrier 2025, plus d'une  \ncentaine de v\u00e9hicules et pr\u00e8s de trois cents personnes se sont rassembl\u00e9s dans la commune de  \nSainte-H\u00e9l\u00e8ne-du-Lac, avant de se rendre en convoi \u00e0 Chamb\u00e9ry en Savoie \u00a0; que les forces de  \nl'ordre ont constat\u00e9 de nombreux tirs de p\u00e9tards\u00a0; que dans la nuit, des courses de voitures ont \u00e9t\u00e9  \nsignal\u00e9es \u00e0 La-Motte-Servolex en Savoie\u00a0; \nCONSID\u00c9RANT  qu'un rassemblement automobile intitul\u00e9 \u00ab \u00a0RASSO XBIMMER \u00a0\u00bb a \u00e9t\u00e9 interdit le 7  \nmars 2025 dans le d\u00e9partement du Rh\u00f4ne par la pr\u00e9f\u00e8te du Rh\u00f4ne \u00a0; que malgr\u00e9 cette interdiction, \nle rassemblement s'est bri\u00e8vement tenu \u00e0 Saint-Priest le 8 mars 2025 \u00a0; que ce rassemblement s'est  \nd\u00e9plac\u00e9 dans le d\u00e9partement de l'Is\u00e8re \u00a0\u00e0 Tignieu-Jameyzieu\u00a0; qu'il a \u00e9t\u00e9 constat\u00e9 mille v\u00e9hicules et  \ndeux mille personnes venant de toute la r\u00e9gion mais \u00e9galement de Suisse \u00a0; qu'il a \u00e9t\u00e9 constat\u00e9 des  \ncourses, des drifts, des d\u00e9rapages contr\u00f4l\u00e9s et des comportements dangereux au volant de voitures \n\u00ab\u00a0tuning\u00a0\u00bb\u00a0; que les gendarmes ont relev\u00e9 sur la r\u00e9gion Auvergne-Rh\u00f4ne-Alpes deux-cents soixante-\nquinze infractions dont certaines pour \u00ab\u00a0manifestation de v\u00e9hicules non autoris\u00e9e\u00a0\u00bb\u00a0; \nCONSID\u00c9RANT qu'un rassemblement de \u00ab \u00a0tuning\u00a0\u00bb s'est tenu dans la nuit du 14 au 15 mars 2025  \ndans le d\u00e9partement de la Seine-et-Marne \u00a0; qu'il a \u00e9t\u00e9 constat\u00e9 une centaine de v\u00e9hicules \u00a0; que les \nforces  de  l'ordre  ont  relev\u00e9  soixante-sept  infractions  routi\u00e8res  dont  la  participation  au \nrassemblement tuning\u00a0; que durant l'ann\u00e9e 2024, ce type de rassemblement dans ce d\u00e9partement  \navait  caus\u00e9  la  blessure  d'un  fonctionnaire  de  police  lors  de  violents  affrontements  lors  d'un \nrassemblement non d\u00e9clar\u00e9\u00a0; \n69_Pr\u00e9f_Pr\u00e9fecture du Rh\u00f4ne - 69-2026-01-09-00001 - ARR\u00caT\u00c9 PR\u00c9FECTORAL\nportant interdiction de rassemblement automobile sur la voie publique dans le d\u00e9partement du Rh\u00f4ne du vendredi 09 janvier 2026\n18h00 au lundi 12 janvier 2026 06h00\n35\nCONSID\u00c9RANT qu'un  rassemblement  automobile  de  type  \u00ab\u00a0tuning\u00a0\u00bb  s'est  tenu  le  samedi  20 \nseptembre 2025 sur le parking du centre commercial Val Thoiry (01) \u00a0; que ce rassemblement ill\u00e9gal  \navait pour but un rod\u00e9o urbain \u00a0; que les gendarmes ont relev\u00e9 quarante infractions et r\u00e9alis\u00e9 une  \nmise en fourri\u00e8re\u00a0; \nCONSID\u00c9RANT qu'un  rassemblement  automobile  de  type  \u00ab\u00a0tuning\u00a0\u00bb  d'environs  soixante-dix \nv\u00e9hicules s'est tenu dans la nuit du 31 octobre 2025, lors de la c\u00e9l\u00e9bration de la f\u00eate d'Halloween \u00a0\u00e0 \nChamb\u00e9ry\u00a0(73)\u00a0; qu'initialement, ce rassemblement automobile de type \u00ab \u00a0tuning\u00a0\u00bb \u00e9t\u00e9 pr\u00e9vu en  \nHaute-Savoie\u00a0; que ce rassemblement ill\u00e9gal a finalement eu lieu en Savoie montrant ainsi l'\u00e9tendue \nde la mobilit\u00e9 g\u00e9ographique des participants qui n'h\u00e9sitent pas \u00e0 parcourir de grandes distances  \nafin de tromper la vigilance polici\u00e8re\u00a0; \nCONSID\u00c9RANT que le rassemblement automobile de type \u00ab \u00a0tuning\u00a0\u00bb intitul\u00e9 \u00ab \u00a0LA PIRATERIE V2 \u00a0\u00bb \norganis\u00e9 par le groupe \u00ab \u00a0LA PIRATERIE \u00a0\u00bb a eu lieu sur la commune de Thoiry (01) le samedi 20  \nseptembre 2025\u00a0; que ce rassemblement automobile a attir\u00e9 pr\u00e8s de deux cent cinquante v\u00e9hicules \net trois cents personnes sur place \u00a0; que les forces de l'ordre ainsi que leurs v\u00e9hicules ont \u00e9t\u00e9 pris \u00e0  \npartie par des jets de pierre\u00a0;\nCONSID\u00c9RANT  que  le  rassemblement  automobile  du  samedi  15  novembre  2025,  port\u00e9  par \n\u00ab\u00a0rassoain\u00a0\u00bb sur la commune de Bourg en Bresse a vir\u00e9 \u00e0 l'affrontement arm\u00e9 \u00a0; qu'un participant n'a \npas h\u00e9sit\u00e9 \u00e0 aller au contact de la police arm\u00e9 d'un jerrican d'essence pour en d\u00e9coudre, que des  \nincendies ont eu lieu\u00a0; que 800 v\u00e9hicules et 3000 personnes ont particip\u00e9 \u00e0 ce rassemblement\nCONSID\u00c9RANT que les lieux de rassemblement sont connus mais que les suites des \u00ab \u00a0festivit\u00e9s\u00a0\u00bb \nrestent volontairement secr\u00e8tes\u00a0; \nCONSID\u00c9RANT que  selon  les  informations  recueillies,  la  participation  \u00e0  ces  rassemblements \nautomobiles ill\u00e9gaux pourrait \u00eatre estim\u00e9e \u00e0 plusieurs centaines de v\u00e9hicules vu le nombre de  \nfollowers que comptent ces comptes instagram ; \nCONSID\u00c9RANT en  outre  que  les  forces  de  l'ordre  sont  particuli\u00e8rement  mobilis\u00e9es  sur  les \nmouvements agricoles et sur les d\u00e9bordements li\u00e9s aux matchs de l'\u00e9quipe d'Alg\u00e9rie durant la CAN, \nnotamment samedi 10 janvier 2026, lors des quarts de finale de cette comp\u00e9tition\u00a0; \nCONSID\u00c9RANT qu'il r\u00e9sulte des \u00e9l\u00e9ments et circonstances locales particuli\u00e8res d\u00e9crites ci-dessus  \nun risque \u00e9lev\u00e9 de troubles graves \u00e0 l'ordre public et que l'interdiction de tout rassemblement non  \nd\u00e9clar\u00e9 appara\u00eet le moyen le plus adapt\u00e9, n\u00e9cessaire et proportionn\u00e9 afin de garantir la s\u00fbret\u00e9 et la  \ntranquillit\u00e9 publiques\u00a0;\nA R R \u00ca T E\nArticle 1 er\n \u2013 La tenue de tout rassemblement automobile de personnes et de v\u00e9hicules autres que  \nceux l\u00e9galement d\u00e9clar\u00e9s ou autoris\u00e9s, est interdit sur l'ensemble du territoire du d\u00e9partement du  \nRh\u00f4ne, \u00e0 compter du vendredi 09 janvier 2026 \u00e0 18h00 au lundi 12 janvier 2026 \u00e0 06h00.\nArticle 2 \u2013 Tout contrevenant \u00e0 cette interdiction est passible des sanctions p\u00e9nales pr\u00e9vues aux  \narticles 431-9 et R. \u00a0610-5 du Code p\u00e9nal ainsi qu'aux sanctions pr\u00e9vues par les diff\u00e9rents articles  \nvis\u00e9s par le pr\u00e9sent arr\u00eat\u00e9. \nArticle 3 \u2013 Tout rassemblement automobile sur la voie publique entrant dans le champ du pr\u00e9sent  \narr\u00eat\u00e9 pourra \u00eatre dissip\u00e9 le cas \u00e9ch\u00e9ant selon les dispositions de l'article L.211-9 du Code de la  \ns\u00e9curit\u00e9 int\u00e9rieure. \n69_Pr\u00e9f_Pr\u00e9fecture du Rh\u00f4ne - 69-2026-01-09-00001 - ARR\u00caT\u00c9 PR\u00c9FECTORAL\nportant interdiction de rassemblement automobile sur la voie publique dans le d\u00e9partement du Rh\u00f4ne du vendredi 09 janvier 2026\n18h00 au lundi 12 janvier 2026 06h00\n36\nArticle 4 \u2013 Le pr\u00e9sent arr\u00eat\u00e9 peut faire l'objet d'un recours gracieux aupr\u00e8s de la pr\u00e9f\u00e8te du Rh\u00f4ne  \net d'un recours hi\u00e9rarchique aupr\u00e8s du ministre de l'Int\u00e9rieur. Conform\u00e9ment aux dispositions des  \narticles R. 421-1 \u00e0 R. 421-5 du Code de justice administrative, le pr\u00e9sent arr\u00eat\u00e9 peut faire l'objet d'un \nrecours contentieux devant le tribunal administratif de Lyon, dans le d\u00e9lai de deux mois \u00e0 compter  \nde sa notification ou de sa publication. \nArticle 5  \u2013 Le sous-pr\u00e9fet, directeur de cabinet, le commandant du groupement de gendarmerie  \nd\u00e9partementale, et le directeur interd\u00e9partemental de la police nationale sont charg\u00e9s, chacun en  \nce qui concerne, de l'ex\u00e9cution de pr\u00e9sent arr\u00eat\u00e9, qui sera publi\u00e9 recueil des actes administratifs de \nla Pr\u00e9fecture du Rh\u00f4ne.\nFait \u00e0 Lyon, le 09 janvier 2026\nLe sous-pr\u00e9fet,\ndirecteur de cabinet\nORIGINAL SIGNE\nLucas TURGIS\n69_Pr\u00e9f_Pr\u00e9fecture du Rh\u00f4ne - 69-2026-01-09-00001 - ARR\u00caT\u00c9 PR\u00c9FECTORAL\nportant interdiction de rassemblement automobile sur la voie publique dans le d\u00e9partement du Rh\u00f4ne du vendredi 09 janvier 2026\n18h00 au lundi 12 janvier 2026 06h00\n37\n84_EMIZSE_Etat major interminist\u00e9riel de zone\nSud-Est\n69-2026-01-09-00003\narr\u00eat\u00e9 zonal portant d\u00e9rogation g\u00e9n\u00e9rale\nexceptionnelle \u00e0 titre temporaire \u00e0 l'interdiction\nde la circulation des v\u00e9hicules de transport de\nmarchandises de plus de 7.5 tonnes de PTAC\nindispensable dans la gestion de crise influenza\naviaire hautement pathog\u00e8ne sur le r\u00e9seau\nroutier zone sud-est\n84_EMIZSE_Etat major interminist\u00e9riel de zone Sud-Est - 69-2026-01-09-00003 - arr\u00eat\u00e9 zonal portant d\u00e9rogation g\u00e9n\u00e9rale\nexceptionnelle \u00e0 titre temporaire \u00e0 l'interdiction de la circulation des v\u00e9hicules de transport de marchandises de plus de 7.5 tonnes\nde PTAC indispensable dans la gestion de crise influenza aviaire hautement pathog\u00e8ne sur le r\u00e9seau routier zone sud-est\n38\nE aPREFETEDE LA ZONEDE DEFENSE |.ET DE SECURITESUD-ESTLibert\u00e9Egalit\u00e9Fraternit\u00e9\n\u00c9tat-Major Interminist\u00e9riel\nde zone de d\u00e9fense et de s\u00e9curit\u00e9 Sud-\nEst\nArr\u00eat\u00e9 zonal du 09 janvier 2026 n\u00b0 69-2026-01-\nportant d\u00e9rogation g\u00e9n\u00e9rale exceptionnelle, \u00e0 titre temporaire,\n\u00e0 l'interdiction de circulation, \u00e0 certaines p\u00e9riodes, des v\u00e9hicules de transport de marchandises\nde plus de 7 ,5 tonne de PTAC, indispensables dans la gestion de crise Influenza Aviaire Hautement\nPathog\u00e8ne\nsur le r\u00e9seau routier de la zone de d\u00e9fense Sud-Est\nLA PR\u00c9F\u00c8TE DE LA ZONE DE D\u00c9FENSE ET DE S\u00c9CURIT\u00c9 SUD-EST\nPR\u00c9F\u00c8TE DE LA R\u00c9GION AUVERGNE-RH\u00d4NE-ALPES\nPR\u00c9F\u00c8TE DU RH\u00d4NE\nCommandeur de la L\u00e9gion d'honneur\nCommandeur de l'ordre national du M\u00e9rite\nVu le Code de la d\u00e9fense,\nVu le Code de la s\u00e9curit\u00e9 int\u00e9rieur, notamment ses articles R.122-1 et suivants,\nVu le Code g\u00e9n\u00e9ral des collectivit\u00e9s territoriales, notamment son article L.2215-1,\nVu le Code de la route, et notamment l'article R. 411-18,\nVu le d\u00e9cret n\u00b02004-374 du 29 avril 2004 relatif aux pouvoirs des Pr\u00e9fets, \u00e0 l'organisation et \u00e0\nl'action des services de l'\u00c9tat dans les r\u00e9gions et les d\u00e9partements,\nVu le  d\u00e9cret  n\u00b097-34  du  15  janvier  1997  modifi\u00e9  relatif  \u00e0  la  d\u00e9concentration  des  d\u00e9cisions\nadministratives individuelles,\nVu l'arr\u00eat\u00e9 interminist\u00e9riel du 16 avril 2021 relatif \u00e0 l'interdiction de circulation des v\u00e9hicules de\ntransport de marchandises \u00e0 certaines p\u00e9riodes et notamment le \u00a7 I. de l'article 5,\nVu  l'arr\u00eat\u00e9 minist\u00e9riel du 17 octobre 2025 qualifiant le niveau de risque en mati\u00e8re d'influenza\naviaire hautement pathog\u00e8ne de \u00ab \u00e9lev\u00e9 \u00bb sur l'ensemble du territoire m\u00e9tropolitain,\nVu les missions de d\u00e9peuplement de volailles pr\u00e9vues par le march\u00e9 national conclu par le minist\u00e8re\nde l'Agriculture dans le cas de mesures ordonn\u00e9es par l'\u00e9tat sur l'ensemble du territoire de la France\nm\u00e9tropolitaine, Corse comprise,\nConsid\u00e9rant la confirmation d'une dynamique forte d'infection dans l'avifaune sauvage migratrice,\nConsid\u00e9rant le  caract\u00e8re  extr\u00eamement  contagieux  et  grave  de  l'Influenza  Aviaire  Hautement\nPathog\u00e8ne et l'existence de cas av\u00e9r\u00e9s sur le territoire national,\nConsid\u00e9rant que les retards, voire la rupture d'approvisionnement de mat\u00e9riel et des produits\nindispensables  \u00e0  la  gestion  de  crise  IAHP ,  peuvent  avoir  des  cons\u00e9quences  sanitaires  ou\n\u00e9conomiques pr\u00e9judiciables au regard du caract\u00e8re exponentiel des \u00e9pizooties de ce type,\nConsid\u00e9rant la n\u00e9cessit\u00e9 d'assurer la coh\u00e9rence de r\u00e9ponse des services de l'\u00c9tat en ce qui concerne\nles  autorisations  exceptionnelles  temporaires  de  circulation,  et  cela  pour  l'ensemble  des\nd\u00e9partements de la zone de d\u00e9fense Sud-Est,\nConsid\u00e9rant qu'il y a lieu de faciliter la continuit\u00e9 des actions de lutte y compris le week-end et par\ncons\u00e9quent la circulation des v\u00e9hicules transportant les mat\u00e9riels, mat\u00e9riaux, produits ou v\u00e9hicules\nn\u00e9cessaires au d\u00e9peuplement de volailles en \u00e9levages ou sur sites d\u00e9di\u00e9s dans le cadre de mesures\nordonn\u00e9es par l'\u00c9tat,\n84_EMIZSE_Etat major interminist\u00e9riel de zone Sud-Est - 69-2026-01-09-00003 - arr\u00eat\u00e9 zonal portant d\u00e9rogation g\u00e9n\u00e9rale\nexceptionnelle \u00e0 titre temporaire \u00e0 l'interdiction de la circulation des v\u00e9hicules de transport de marchandises de plus de 7.5 tonnes\nde PTAC indispensable dans la gestion de crise influenza aviaire hautement pathog\u00e8ne sur le r\u00e9seau routier zone sud-est\n39\nSur proposition du Chef d'\u00e9tat-major interminist\u00e9riel de zone adjoint,\nARR\u00caTE\nArticle 1 :\nEn application du \u00a7 I. de l'article 5 de l'arr\u00eat\u00e9 interminist\u00e9riel du 16 avril 2021, la circulation des\nv\u00e9hicules de transport de marchandises de plus de 7 ,5 tonnes de PTAC, en charge ou en retour \u00e0\nvide, transportant des mat\u00e9riels, mat\u00e9riaux, produits ou v\u00e9hicules n\u00e9cessaires \u00e0 la lutte contre les\n\u00e9pizooties, est autoris\u00e9e, dans le cadre de mesures ordonn\u00e9es par l'\u00c9tat, dans les d\u00e9partements de\nla zone de d\u00e9fense et de s\u00e9curit\u00e9 sud-est pendant les p\u00e9riodes ci-dessous, \u00e0 titre exceptionnel en\nd\u00e9rogation aux interdictions pr\u00e9vues aux articles 1 er et 2 de l'arr\u00eat\u00e9 interminist\u00e9riel pr\u00e9cit\u00e9 relatif\naux  interdictions  de  circulation  g\u00e9n\u00e9rales  et  compl\u00e9mentaires  des  v\u00e9hicules  de  transport  de\nmarchandises de plus de 7 ,5 tonnes de poids total autoris\u00e9 en charge :\n\u00e0 compter du 09 janvier 2026, jusqu'au 30 mars 2026     :  \n\u2022 les samedis \u00e0 partir de 22h00, jusqu'\u00e0 22h00 le dimanche,\n\u2022 les veilles de jours f\u00e9ri\u00e9s \u00e0 partir de 22h00, jusqu'\u00e0 22h00 le jour f\u00e9ri\u00e9,\nArticle 2 :\nLe responsable du v\u00e9hicule doit pouvoir justifier, en cas de contr\u00f4le aupr\u00e8s des agents de l'autorit\u00e9\ncomp\u00e9tente, de la conformit\u00e9 du transport effectu\u00e9 au regard des dispositions de la pr\u00e9sente\nd\u00e9rogation.\nArticle 3 :\nLes  pr\u00e9fets  des  d\u00e9partements  de  la  zone  de  d\u00e9fense  et  de  s\u00e9curit\u00e9  Sud-Est,  les  directeurs\nd\u00e9partementaux  de  la  s\u00e9curit\u00e9  publique,  les  commandants  des  groupements  de  gendarmerie\nd\u00e9partementale, le commandant de la compagnie autorouti\u00e8re des CRS Auvergne-Rh\u00f4ne-Alpes, les\nresponsables  gestionnaires  des  r\u00e9seaux  routiers  impact\u00e9s,  sont  charg\u00e9s,  chacun  en  ce  qui  le\nconcerne, de l'ex\u00e9cution du pr\u00e9sent arr\u00eat\u00e9 qui sera publi\u00e9 dans le recueil des actes administratifs de\nla pr\u00e9fecture de zone de d\u00e9fense et de s\u00e9curit\u00e9 Sud-Est.\n\u00c0 Lyon, le 09 janvier 2026\nSign\u00e9 par le Colonel hors classe Bruno BEAUSS\u00c9\nchef d'\u00e9tat-major interminist\u00e9riel de zone adjoint\n84_EMIZSE_Etat major interminist\u00e9riel de zone Sud-Est - 69-2026-01-09-00003 - arr\u00eat\u00e9 zonal portant d\u00e9rogation g\u00e9n\u00e9rale\nexceptionnelle \u00e0 titre temporaire \u00e0 l'interdiction de la circulation des v\u00e9hicules de transport de marchandises de plus de 7.5 tonnes\nde PTAC indispensable dans la gestion de crise influenza aviaire hautement pathog\u00e8ne sur le r\u00e9seau routier zone sud-est\n40","date":"2026-01-12","first_seen_on":"2026-01-12T15:44:31+00:00","id":"127589df8ee4b5a64418276295715cfd290bf1069974db032853f85ba2ec5a97","name":"RAA_69-2026-012-120126","pdf_creation_date":"2026-01-12T15:13:37+00:00","pdf_modification_date":"2026-01-12T15:14:07+00:00","timezone":"Europe/Paris","url":"https://www.rhone.gouv.fr/contenu/telechargement/66891/450290/file/RAA_69-2026-012-120126.pdf"}
