{"administration":"pref09","administration_name":"Pr\u00e9fecture de l\u2019Ari\u00e8ge","content":"ARI\u00c8GE\nRECUEIL DES ACTES\nADMINISTRATIFS SP\u00c9CIAL\nN\u00b009-2024-010\nPUBLI\u00c9 LE 31 JANVIER 2024\nSommaire\n09 \u25a1 PREFECTURE DE L\u25a1ARIEGE \u25a1 DIRECTION DE LA COORDINATION\nINTERMINISTERIELLE ET DE L\u25a1APPUI TERRITORIAL / BUREAU DE LA\nCOORDINATION INTERMINISTERIELLE\n09-2024-01-31-00001 - D\u00e9l\u00e9gation de signature \u00e0 M. \u00c9tienne-Jean DUBOIS,\ndirecteur de la citoyennet\u00e9 et de la l\u00e9galit\u00e9 (4 pages) Page 3\n09-2024-01-31-00002 - D\u00e9l\u00e9gation de signature \u00e0 Mme G\u00e9raldine MAURY,\nchef du bureau des migrations et de l'int\u00e9gration (3 pages) Page 7\n2\nEx\nPR\u00c9FET  .\nDE L'ARI\u00c8GE\nLibert\u00e9\nEgalit\u00e9\nFraternit\u00e9\nPR\u00c9FECTURE\nDirection de la coordination interminist\u00e9rielle\net de l'appui territorial\nBureau de la coordination interminist\u00e9rielle\nCourriel: pref-coordination@ariege.gouv.fr\nArr\u00eat\u00e9 pr\u00e9fectoral portant d\u00e9l\u00e9gation de signature \u00e0 M. \u00c9tienne-Jean DUBOIS\nDirecteur de la citoyennet\u00e9 et de la l\u00e9galit\u00e9\nLe pr\u00e9fet de l'Ari\u00e8ge\nVu la loi organique n\u00b0 2001-692 du 1er ao\u00fbt 2001 modifi\u00e9e relative aux lois de finances  ;\nVu  la  loi  n\u00b0  82-213  du  2  mars  1982  modifi\u00e9e  relative  aux  droits  et  libert\u00e9s  des  communes,  des\nd\u00e9partements et des r\u00e9gions, notamment son article 34  ;\nVu la loi n\u00b0 92-125 du 6 f\u00e9vrier 1992 relative \u00e0 l'administration territoriale de la R\u00e9publique  ;\nVule  d\u00e9cret  n\u00b0  97-34  du  15  janvier  1997  modifi\u00e9  relatif  \u00e0  la  d\u00e9concentration  des  d\u00e9cisions\nadministratives individuelles ;\nVu le d\u00e9cret n\u00b0 2004-374 du 29 avril 2004 modifi\u00e9 relatif aux pouvoirs des pr\u00e9fets, \u00e0 l'organisation et \u00e0\nl'action des services de l'\u00c9tat dans les r\u00e9gions et d\u00e9partements  ;\nVu le d\u00e9cret n\u00b0 2015-510 du 7 mai 2015 portant charte de la d\u00e9concentration  ;\nVu le d\u00e9cret du 13 juillet 2023 nommant M. Simon BERTOUX, pr\u00e9fet du d\u00e9partement de l'Ari\u00e8ge  ;\nVul'arr\u00eat\u00e9  minist\u00e9riel  n\u00b0  U12451820782487  du  29  janvier  2024  portant  r\u00e9int\u00e9gration  suite  \u00e0  \nd\u00e9tachement de M. \u00c9tienne-Jean DUBOIS  dans son corps d'origine et changement d'affectation  \navec changement de r\u00e9sidence en m\u00e9tropole  ;\nVul'arr\u00eat\u00e9 pr\u00e9fectoral du 30 novembre 2023 nommant Mme Vanessa ROUZES directrice par int\u00e9rim de\nla citoyennet\u00e9 et de la l\u00e9galit\u00e9  ;\nVu  la d\u00e9cision du 19 mars 2018 nommant M. Mohamed MEKHNACHE, adjoint \u00e0 la responsable du  \ncentre d'expertise et de ressources de titres de l'Ari\u00e8ge, \u00e0 compter du 26 mars 2018  ;\nVu la d\u00e9cision du 17 juillet 2018 nommant Mme Pascale RIBAT, adjointe au chef du bureau des \u00e9lections\net de la r\u00e9glementation \u00e0 compter du 3 septembre 2018  ;\nVu  la d\u00e9cision du 12 ao\u00fbt 2020 nommant Mme Dominique CASSE, chef du centre d'expertise et de\nressources de titres de l'Ari\u00e8ge, \u00e0 compter du 1er octobre 2020  ;\nVu la d\u00e9cision du 18 ao\u00fbt 2020 nommant Mme Dani\u00e8le RIBES, a djoint au chef du bureau migrations et\nint\u00e9gration \u00e0 compter du 1er octobre 2020 ;\nVu la d\u00e9cision du 15 septembre 2021 nommant Mme Vanessa ROUZES, chef du bureau des collectivit\u00e9s\nlocales \u00e0 compter du 1er septembre 2021 ;\nVu la d\u00e9cision du 9 novembre 2021 nommant M. Guillaume DEGEILH, chef du bureau des \u00e9lections et\nde la r\u00e9glementation \u00e0 compter du 1er d\u00e9cembre 2021 ;\nVu la d\u00e9cision du 3 janvier 2022 nommant Mme Caroline PASQUIER DE FRANCLIEU, chef du bureau du\ncontentieux administratif de l'\u00c9tat \u00e0 compter du 3 janvier 2022  ;\nVula  d\u00e9cision  du  12  ao\u00fbt  2022  nommant  Mme  G\u00e9raldine  MAURY,  chef  du  bureau  migrations  et\nint\u00e9gration \u00e0 compter du 1er septembre 2022 ;\nVu  la d\u00e9cision du 4 janvier 2023 nommant Mme Katharina ISACH, adjointe au chef du bureau du\ncontentieux administratif de l'\u00c9tat \u00e0 compter du 9 janvier 2023  ;\n2 rue de la Pr\u00e9fecture - Pr\u00e9fet Claude - Erignac B.P . 40087 - 09007 Foix Cedex \u2013 T\u00e9l : 05 61 02 10 00\nSite internet : www.ariege.gouv.fr09 \u25a1 PREFECTURE DE L\u25a1ARIEGE \u25a1 DIRECTION DE LA COORDINATION INTERMINISTERIELLE ET DE L\u25a1APPUI TERRITORIAL -\n09-2024-01-31-00001 - D\u00e9l\u00e9gation de signature \u00e0 M. \u00c9tienne-Jean DUBOIS, directeur de la citoyennet\u00e9 et de la l\u00e9galit\u00e9 3\nVula  d\u00e9cision  du  9  mars  2023  nommant  Mme  Gladys  MARIN,  adjointe  au  chef  du  bureau  des\ncollectivit\u00e9s locales, chef de section du contr\u00f4le de l\u00e9galit\u00e9 \u00e0 compter du 6 mars 2023 ;\nVula  d\u00e9cision  du  30  janvier  2024  portant  affectation  de  M.  \u00c9tienne-Jean  DUBOIS  dans  l'emploi\nfonctionnel de directeur de la citoyennet\u00e9 et de la l\u00e9galit\u00e9 de la pr\u00e9fecture de l'Ari\u00e8ge \u00e0 compter du \n1er f\u00e9vrier 2024 ;\nVu les conventions de d\u00e9l\u00e9gations de gestion en mati\u00e8re de CNI et de passeports entre les pr\u00e9fets de la\nr\u00e9gion Occitanie en date du 31 janvier 2017  ;\nSur proposition du secr\u00e9taire g\u00e9n\u00e9ral de la pr\u00e9fecture de l'Ari\u00e8ge,\nARR\u00caTE\nArticle 1  er   :\nD\u00e9l\u00e9gation de signature est donn\u00e9e \u00e0 M. \u00c9tienne-Jean DUBOIS, directeur de la citoyennet\u00e9 et de la\nl\u00e9galit\u00e9, pour :\n\u2022les titres d\u00e9livr\u00e9s aux particuliers dans le cadre des attributions de la direction,\n\u2022en qualit\u00e9 d'ordonnateur secondaire d\u00e9l\u00e9gu\u00e9, la certification des d\u00e9penses du BOP 232 (vie\npolitique, cultuelle et associative) correspondant \u00e0 un montant unitaire maximum de 5 000\u20ac.\nArticle 2 :\nDans  le  cadre  des  missions  relatives  au  bureau  des  migrations  et  de  l'int\u00e9gration,  d\u00e9l\u00e9gation  de\nsignature est donn\u00e9e M. \u00c9tienne-Jean DUBOIS, directeur de la citoyennet\u00e9 et de la l\u00e9galit\u00e9, pour  :\n\u2022les arr\u00eat\u00e9s ou courriers portant d\u00e9cisions suivantes  :\n\u25e6refus de s\u00e9jour,\n\u25e6obligations de quitter le territoire fran\u00e7ais,\n\u25e6interdiction de retour sur le territoire fran\u00e7ais,\n\u25e6fixant le pays de renvoi,\n\u25e6r\u00e9admission Schengen,\n\u25e6interdiction de circulation sur le territoire fran\u00e7ais,\n\u25e6placement en r\u00e9tention administrative,\n\u25e6assignation \u00e0 r\u00e9sidence,\n\u25e6r\u00e9quisition des forces de s\u00e9curit\u00e9 int\u00e9rieure,\n\u25e6irrecevabilit\u00e9 d'une demande de titre de s\u00e9jour,\n\u25e6refus de d\u00e9livrance d'une carte de r\u00e9sident.\n\u2022toutes demandes de prolongation de r\u00e9tention et m\u00e9moires en d\u00e9fense adress\u00e9s au juge des\nlibert\u00e9s et de la d\u00e9tention, ainsi que toutes requ\u00eates en appel et m\u00e9moires en d\u00e9fense produits\ndevant la cour d'appel en mati\u00e8re de r\u00e9tention administrative.\nArticle 3 :\nDans le cadre des missions relatives au bureau du contentieux administratif de l'\u00c9tat, d\u00e9l\u00e9gation de\nsignature est donn\u00e9e \u00e0 M. \u00c9tienne-Jean DUBOIS, directeur de la citoyennet\u00e9 et de la l\u00e9galit\u00e9, pour  :\n\u2022les m\u00e9moires en d\u00e9fense en mati\u00e8re de contentieux  :\n\u25e6des \u00e9trangers,\n\u25e6environnemental,\n\u25e6\u00e9lectoral,\n\u25e6de la fonction publique,\n\u25e6de l'urbanisme.09 \u25a1 PREFECTURE DE L\u25a1ARIEGE \u25a1 DIRECTION DE LA COORDINATION INTERMINISTERIELLE ET DE L\u25a1APPUI TERRITORIAL -\n09-2024-01-31-00001 - D\u00e9l\u00e9gation de signature \u00e0 M. \u00c9tienne-Jean DUBOIS, directeur de la citoyennet\u00e9 et de la l\u00e9galit\u00e9 4\n\u2022les requ\u00eates en appel en mati\u00e8re de contentieux des \u00e9trangers.\nEn cas d'absence ou d'emp\u00eachement de M. \u00c9tienne-Jean DUBOIS, la d\u00e9l\u00e9gation de signature qui lui est\nconsentie au titre du pr\u00e9sent article est exerc\u00e9e par Mme Caroline PASQUIER DE FRANCLIEU, chef du\nbureau du contentieux administratif de l'\u00c9tat.\nEn cas d'absence ou d'emp\u00eachement de Mme Caroline PASQUIER DE FRANCLIEU et de M. \u00c9tienne-Jean\nDUBOIS, la d\u00e9l\u00e9gation de signature qui lui est consentie au titre du pr\u00e9sent article est exerc\u00e9e par Mme\nKatharina ISACH, adjointe au chef du bureau des collectivit\u00e9s locales. \nArticle   4   :\nDans le cadre des missions relatives au bureau des collectivit\u00e9s locales, d \u00e9l\u00e9gation de signature est\ndonn\u00e9e \u00e0 M. \u00c9tienne-Jean DUBOIS , directeur de la citoyennet\u00e9 et de la l\u00e9galit\u00e9, pour :\n\u2022les arr\u00eat\u00e9s d'attribution de fonds de compensation de la TVA,\n\u2022les notifications de dotations, pr\u00e9l\u00e8vements sur recettes, fonds de compensation, fonds de\np\u00e9r\u00e9quation, aux collectivit\u00e9s,\n\u2022les  ordres  de  paiement  relatifs  aux  dotations,  pr\u00e9l\u00e8vements  sur  recettes,  fonds  de\ncompensation, fonds de p\u00e9r\u00e9quation aux collectivit\u00e9s,\n\u2022les  courriers  relatifs  \u00e0  l'attribution  de  dotations,  pr\u00e9l\u00e8vements  sur  recettes,  fonds  de\ncompensation ; fonds de p\u00e9r\u00e9quation, aux collectivit\u00e9s, au fonctionnement de la Commission\nD\u00e9partementale de Coop\u00e9ration Intercommunale.\nEn cas d'absence ou d'emp\u00eachement de M. \u00c9tienne-Jean DUBOIS, la d\u00e9l\u00e9gation de signature qui lui est\nconsentie  au  titre  du  pr\u00e9sent  article  est  exerc\u00e9e  par  Mme  Vanessa  ROUZES,  chef  du  bureau  des\ncollectivit\u00e9s locales.\nEn cas  d'absence  ou  d'emp\u00eachement  de  Mme Vanessa  ROUZES  et  de  M.  \u00c9tienne-Jean  DUBOIS la\nd\u00e9l\u00e9gation de signature qui lui est consentie au titre du pr\u00e9sent article est exerc\u00e9e par Mme Gladys\nMARIN, adjointe au chef du bureau des collectivit\u00e9s locales. \nArticle   5   :\nDans le cadre des missions relatives au bureau des \u00e9lections et de la r\u00e9glementation, d \u00e9l\u00e9gation de\nsignature est donn\u00e9e \u00e0 M. \u00c9tienne-Jean DUBOIS , pour :\n\u2022les arr\u00eat\u00e9s ou courriers portant d\u00e9cisions suivantes  :\n\u25e6suspensions et retraits du permis de conduire,\n\u25e6mises en fourri\u00e8re et immobilisations administratives,\n\u25e6agr\u00e9ment relatif aux gardes particuliers,\n\u25e6d\u00e9livrance d'une carte de gardes particuliers,\n\u25e6agr\u00e9ment dans le cadre des commissions d\u00e9partementales d'am\u00e9nagement commercial,\n\u25e6d\u00e9claration de situation militaire dans le cadre des accords bi-nationaux,\n\u25e6d\u00e9rogation dans le domaine fun\u00e9raire,\n\u25e6habilitation des entreprises \u00e0 r\u00e9aliser les analyses d'impact ou \u00e9tablir des certificats de\nconformit\u00e9,\n\u25e6manifestations sportives et a\u00e9riennes,\n\u25e6habilitation ou d\u00e9rogation dans le domaine a\u00e9rien,\n\u25e6d\u00e9claration des donations et legs \u00e0 une association.09 \u25a1 PREFECTURE DE L\u25a1ARIEGE \u25a1 DIRECTION DE LA COORDINATION INTERMINISTERIELLE ET DE L\u25a1APPUI TERRITORIAL -\n09-2024-01-31-00001 - D\u00e9l\u00e9gation de signature \u00e0 M. \u00c9tienne-Jean DUBOIS, directeur de la citoyennet\u00e9 et de la l\u00e9galit\u00e9 5\nEn cas d'absence ou d'emp\u00eachement de M. \u00c9tienne-Jean DUBOIS, la d\u00e9l\u00e9gation de signature qui lui est\nconsentie  au  titre  du  pr\u00e9sent  article  est  exerc\u00e9e  par  M.  Guillaume  DEGEILH, chef  du  bureau  des\n\u00e9lections et de la r\u00e9glementation.\nEn cas de l'absence ou d'emp\u00eachement de M. Guillaume DEGEILH et de M. \u00c9tienne-Jean DUBOIS, la\nd\u00e9l\u00e9gation de signature qui lui est consentie au titre du pr\u00e9sent article est exerc\u00e9e par Mme Pascale\nRIBAT, adjointe au chef du bureau des \u00e9lections et de la r\u00e9glementation.\nArticle   6   :\nDans le cadre des missions relatives au Centre d'Expertise et des Ressources Titres Occitanie CNI\nPasseports \u2013 site de Foix, d \u00e9l\u00e9gation de signature est donn\u00e9e \u00e0  M. \u00c9tienne-Jean DUBOIS, directeur de la\ncitoyennet\u00e9 et de la l\u00e9galit\u00e9, pour  :\n\u2022les courriers de refus ou de rejet de titres,\n\u2022les retraits de titres (extran\u00e9it\u00e9),\n\u2022les courriers relatifs \u00e0 la fraude,\n\u2022les courriers relatifs aux pertes r\u00e9p\u00e9t\u00e9es,\n\u2022les conventions pass\u00e9es avec les mairies.\nEn cas d'absence ou d'emp\u00eachement de M. \u00c9tienne-Jean DUBOIS, la d\u00e9l\u00e9gation de signature qui lui est\nconsentie au titre du pr\u00e9sent article est exerc\u00e9e par Mme Dominique CASS\u00c9, chef du Centre d'Expertise\net des Ressources Titres Occitanie CNI Passeports \u2013 site de Foix.\nEn cas de l'absence ou d'emp\u00eachement de Mme Dominique CASS\u00c9 et de M. \u00c9tienne-Jean DUBOIS, la\nd\u00e9l\u00e9gation de signature qui lui est consentie au titre du pr\u00e9sent article est exerc\u00e9e par M. Mohamed\nMEKHNACHE, adjoint au chef du Centre d'Expertise et des Ressources Titres Occitanie CNI Passeports\n\u2013 site de Foix.\nArticle   7   :\nL'arr\u00eat\u00e9 pr\u00e9fectoral du 30 novembre 2023 portant d\u00e9l\u00e9gation de signature \u00e0 Mme Vanessa ROUZES en\ntant que directrice de la citoyennet\u00e9 et de la l\u00e9galit\u00e9 par int\u00e9rim est abrog\u00e9.\nLe pr\u00e9sent arr\u00eat\u00e9 entre en vigueur \u00e0 compter du 1er f\u00e9vrier 2024. \nArticle   8     :  \nLe pr\u00e9sent arr\u00eat\u00e9 peut faire l'objet d'un recours devant le tribunal administratif de Toulouse, dans un\nd\u00e9lai  de  deux  mois  \u00e0  compter  de  sa  publication,  par  courrier  ou  par  l'application  informatique\nT\u00e9l\u00e9recours, accessible par le lien  : http://www.telerecours.fr\nArticle   9     :  \nLe secr\u00e9taire g\u00e9n\u00e9ral de la pr\u00e9fecture de l'Ari\u00e8ge et le directeur de la citoyennet\u00e9 et de la l\u00e9galit\u00e9 sont\ncharg\u00e9s, chacun en ce qui les concerne,  de l'ex\u00e9cution du pr\u00e9sent arr\u00eat\u00e9 qui sera publi\u00e9 au recueil des\nactes administratifs de la pr\u00e9fecture de l'Ari\u00e8ge.\nFait \u00e0 Foix, le 31 janvier 2024\nLe Pr\u00e9fet,\nSign\u00e9\nSimon  BERTOUX 09 \u25a1 PREFECTURE DE L\u25a1ARIEGE \u25a1 DIRECTION DE LA COORDINATION INTERMINISTERIELLE ET DE L\u25a1APPUI TERRITORIAL -\n09-2024-01-31-00001 - D\u00e9l\u00e9gation de signature \u00e0 M. \u00c9tienne-Jean DUBOIS, directeur de la citoyennet\u00e9 et de la l\u00e9galit\u00e9 6\nEx\nPR\u00c9FET  .\nDE L'ARI\u00c8GE\nLibert\u00e9\nEgalit\u00e9\nFraternit\u00e9\nPR\u00c9FECTURE\nDirection de la coordination interminist\u00e9rielle\net de l'appui territorial\nBureau de la coordination interminist\u00e9rielle\nAffaire suivie par Jean-Pierre GABRIEL\nT\u00e9l : 05 61 02 10 78\nCourriel : jean-pierre.gabriel  @ariege.gouv.fr   \nArr\u00eat\u00e9 pr\u00e9fectoral portant d\u00e9l\u00e9gation de signature \u00e0 Mme G\u00e9raldine MAURY\nChef du bureau des migrations et de l'int\u00e9gration\nLe pr\u00e9fet\nVu la loi organique n\u00b0 2001-692 du 1er ao\u00fbt 2001 modifi\u00e9e relative aux lois de finances  ;\nVu la loi n\u00b0 82-213 du 2 mars 1982 modifi\u00e9e relative aux droits et libert\u00e9s  des  communes, des  \nd\u00e9partements et des r\u00e9gions, notamment son article 34  ;\nVu la loi n\u00b0 92-125 du 6 f\u00e9vrier 1992 relative \u00e0 l'administration territoriale de la R\u00e9publique  ;\nVu le  d\u00e9cret  n\u00b0  97-34  du  15  janvier  1997  modifi\u00e9  relatif  \u00e0  la  d\u00e9concentration  des  d\u00e9cisions\nadministratives individuelles ;\nVu le d\u00e9cret n\u00b0 2004-374 du 29 avril 2004 modifi\u00e9 relatif aux pouvoirs des pr\u00e9fets, \u00e0 l'organisation et \u00e0\nl'action des services de l'\u00c9tat dans les r\u00e9gions et d\u00e9partements  ;\nVu le d\u00e9cret n\u00b0 2015-510 du 7 mai 2015 portant charte de la d\u00e9concentration  ;\nVu le d\u00e9cret du 13 juillet 2023 nommant M. Simon BERTOUX, pr\u00e9fet du d\u00e9partement de l'Ari\u00e8ge  ;\nVul'arr\u00eat\u00e9  minist\u00e9riel  n\u00b0  U12451820782487  du  29  janvier  2024  portant  r\u00e9int\u00e9gration  suite  \u00e0\nd\u00e9tachement  de M. \u00c9tienne-Jean DUBOIS  dans son corps d'origine et changement d'affectation\navec changement de r\u00e9sidence en m\u00e9tropole  ;\nVu l'arr\u00eat\u00e9  pr\u00e9fectoral  du  30  novembre  2023  portant  d\u00e9l\u00e9gation  de  signature  \u00e0  Mme  Vanessa  \nROUZES, directrice par int\u00e9rim de la citoyennet\u00e9 et de la l\u00e9galit\u00e9  ;\nVul'arr\u00eat\u00e9 pr\u00e9fectoral du 31 janvier 2024 donnant d\u00e9l\u00e9gation de signature \u00e0 M. \u00c9tienne-Jean DUBOIS,\ndirecteur de la citoyennet\u00e9 et de la l\u00e9galit\u00e9  ;\nVu la  d\u00e9cision  du  18  ao\u00fbt  2020  nommant  Mme  Dani\u00e8le  RIBES  adjointe  au  chef  du  bureau  des\nmigrations et de l'int\u00e9gration \u00e0 compter du 1er octobre 2020 ;\nVu la d\u00e9cision du 12 ao\u00fbt 2022, nommant Mme G\u00e9raldine MAURY chef du bureau des migrations et\nde l'int\u00e9gration \u00e0 compter du 1er septembre 2022 ;\nVula d\u00e9cision du  30 janvier  2024 portant  affectation  de M. \u00c9tienne-Jean  DUBOIS  dans  l'emploi\nfonctionnel de directeur de la citoyennet\u00e9 et de la l\u00e9galit\u00e9 de la pr\u00e9fecture de l'Ari\u00e8ge \u00e0 compter\ndu 1er f\u00e9vrier 2024 ;\nVu les d\u00e9cisions pr\u00e9fectorales affectant le personnel au sein des services de la pr\u00e9fecture de l'Ari\u00e8ge  ;\nSur proposition du secr\u00e9taire g\u00e9n\u00e9ral de la pr\u00e9fecture de l'Ari\u00e8ge,\nARR\u00caTE\nArticle 1  er     :  \nD\u00e9l\u00e9gation de signature est donn\u00e9e \u00e0 M me G\u00e9raldine MAURY ,  chef du bureau des migrations et de\nl'int\u00e9gration, pour :\n2 rue de la Pr\u00e9fecture - Pr\u00e9fet Claude - Erignac B.P . 40087 - 09007 Foix Cedex \u2013 T\u00e9l : 05 61 02 10 00\nSite internet : www.ariege.gouv.fr09 \u25a1 PREFECTURE DE L\u25a1ARIEGE \u25a1 DIRECTION DE LA COORDINATION INTERMINISTERIELLE ET DE L\u25a1APPUI TERRITORIAL -\n09-2024-01-31-00002 - D\u00e9l\u00e9gation de signature \u00e0 Mme G\u00e9raldine MAURY, chef du bureau des migrations et de l'int\u00e9gration 7\n\u2022signer les documents suivants  :\n\u25e6titres  de  s\u00e9jour  des  \u00e9trangers  ainsi  que  les  autorisations  provisoires  de  s\u00e9jour  et  de\ncirculation tels que autorisations provisoires de s\u00e9jour (APS), r\u00e9c\u00e9piss\u00e9s et documents de\ncirculation pour \u00e9tranger mineur (DCEM),\n\u25e6titres de voyage pour les r\u00e9fugi\u00e9s,\n\u25e6prolongations de visa de court s\u00e9jour,\n\u25e6les correspondances ne constituant ni d\u00e9cisions g\u00e9n\u00e9rales, ni instructions g\u00e9n\u00e9rales.\n\u2022les d\u00e9cisions suivantes  :\n\u25e6irrecevabilit\u00e9 de demande de titre de s\u00e9jour,\n\u25e6refus de carte de r\u00e9sident,\n\u25e6de classement sans suite d'une demande en l'absence de diligence du demandeur.\n\u2022les r\u00e9quisitions des forces de s\u00e9curit\u00e9 int\u00e9rieurs aux fins  :\n\u25e6d'extraction  de  d\u00e9tenus  \u00e9trangers  en  vue  de  leur  identification  dans  les  locaux  de  la\nDDSP09,\n\u25e6d'escorte au centre de r\u00e9tention administrative,\n\u25e6d'enqu\u00eate de communaut\u00e9 de vie.\nEn cas d'absence ou d'emp\u00eachement de Mme G\u00e9raldine MAUR Y,  d\u00e9l\u00e9gation de signature qui lui est\nconsentie au titre du pr\u00e9sent article est exerc\u00e9e par Mme Daniele RIBES, adjointe au chef du bureau des\nmigrations et de l'int\u00e9gration.\nArticle   2     :  \nD\u00e9l\u00e9gation de signature est donn\u00e9e \u00e0 Mme Isabelle LOUBET (agent instructeur n\u00b01), M. Marko PRAVST\n(agent instructeur n\u00b02), Mme Ren\u00e9e REYNAUD (agent instructeur n\u00b03) affect\u00e9s au bureau des migrations\net de l'int\u00e9gration section s\u00e9jour, pour  :\n\u2022prendre la  d\u00e9cision  sur les demandes  de  titres de s\u00e9jour dites  \u00ab  simples \u00bb  (liste  ci-dessous)\nlorsque les conditions de d\u00e9livrance sont remplies et que le r\u00e9sultat du criblage (FPR, TAJ, B2) est\nn\u00e9gatif :\n\u25e6renouvellement carte de r\u00e9sident,\n\u25e6conjoint de fran\u00e7ais ne n\u00e9cessitant pas une enqu\u00eate de communaut\u00e9 de vie (cf. fiche de\nproc\u00e9dure relative \u00e0 la n\u00e9cessit\u00e9 d'une enqu\u00eate),\n\u25e6regroupement familial,\n\u25e6renouvellement Liens personnels et familiaux,\n\u25e6salari\u00e9 encore en poste,\n\u25e6saisonnier,\n\u25e6visiteur,\n\u25e6r\u00e9fugi\u00e9 & protections subsidiaires,\n\u25e6\u00e9tudiant,\n\u25e6passeport Talent,\n\u25e6brexit,\n\u25e6\u00e9tranger entr\u00e9 en France avant 13 ans,\n\u25e6\u00e9tranger malade (avis positif OFII),\n\u25e6duplicata,\n\u25e6changement d'adresse,\n\u25e6document de circulation pour \u00e9trangers mineur (DCEM).09 \u25a1 PREFECTURE DE L\u25a1ARIEGE \u25a1 DIRECTION DE LA COORDINATION INTERMINISTERIELLE ET DE L\u25a1APPUI TERRITORIAL -\n09-2024-01-31-00002 - D\u00e9l\u00e9gation de signature \u00e0 Mme G\u00e9raldine MAURY, chef du bureau des migrations et de l'int\u00e9gration 8\n\u2022d\u00e9livrer un r\u00e9c\u00e9piss\u00e9 de demande de titre de s\u00e9jour aux usagers sollicitant le renouvellement de\nleur titre de s\u00e9jour,\n\u2022renouveler tout r\u00e9c\u00e9piss\u00e9 de demande de titre de s\u00e9jour \u00e0 l'usager dont sa demande n'a pas fait\nl'objet d'une d\u00e9cision ou d'un classement sans suite,\n\u2022les r\u00e9quisitions des forces de s\u00e9curit\u00e9 int\u00e9rieure aux fins d'enqu\u00eate de communaut\u00e9 de vie,\n\u2022signer  les  courriers  adress\u00e9s  aux  maires  dans  le  cadre  de  la  v\u00e9rification  de  l'int\u00e9gration\nr\u00e9publicaine.\nArticle   3     :  \nEn cas d'absence ou d'emp\u00eachement de M. \u00c9tienne-Jean DUBOIS, directeur de la citoyennet\u00e9 et de la\nl\u00e9galit\u00e9, la d\u00e9l\u00e9gation de signature qui lui est consentie au titre de l'article 2 de l'arr\u00eat\u00e9 du 31 janvier\n2024  susvis\u00e9  sera  exerc\u00e9e  par  Mme  G\u00e9raldine  MAURY  uniquement  pour  toutes  demandes  de\nprolongation de r\u00e9tention et m\u00e9moires en d\u00e9fense adress\u00e9s au juge des libert\u00e9s et de la d\u00e9tention, ainsi\nque toutes requ\u00eates en appel et m\u00e9moires en d\u00e9fense produits devant la cour d'appel en mati\u00e8re de\nr\u00e9tention administrative.\nArticle   4     :  \nL'arr\u00eat\u00e9 pr\u00e9fectoral du 30 novembre 2023 portant d\u00e9l\u00e9gation de signature \u00e0 Mme G\u00e9raldine MAURY,\nchef du bureau des migrations et de l'int\u00e9gration, est abrog\u00e9.\nArticle   5     :  \nLe pr\u00e9sent arr\u00eat\u00e9 entre en vigueur \u00e0 compter du 1er f\u00e9vrier 2024. \nArticle 6     :  \nLe pr\u00e9sent arr\u00eat\u00e9 peut faire l'objet d'un recours devant le tribunal administratif de Toulouse, dans un\nd\u00e9lai  de  deux  mois  \u00e0  compter  de  sa  publication,  par  courrier  ou  par  l'application  informatique\nT\u00e9l\u00e9recours, accessible par le lien  : http://www.telerecours.fr  .\nArticle 7     :  \nLe secr\u00e9taire g\u00e9n\u00e9ral de la pr\u00e9fecture de l'Ari\u00e8ge et le directeur de la citoyennet\u00e9 et de la l\u00e9galit\u00e9 sont\ncharg\u00e9s, chacun en ce qui les concerne,  de l'ex\u00e9cution du pr\u00e9sent arr\u00eat\u00e9 qui sera publi\u00e9 au recueil des\nactes administratifs de la pr\u00e9fecture de l'Ari\u00e8ge.\nFait \u00e0 Foix, le 31 janvier 2024\nLe Pr\u00e9fet,\nSign\u00e9\nSimon  BERTOUX  09 \u25a1 PREFECTURE DE L\u25a1ARIEGE \u25a1 DIRECTION DE LA COORDINATION INTERMINISTERIELLE ET DE L\u25a1APPUI TERRITORIAL -\n09-2024-01-31-00002 - D\u00e9l\u00e9gation de signature \u00e0 Mme G\u00e9raldine MAURY, chef du bureau des migrations et de l'int\u00e9gration 9","date":"2024-01-31","first_seen_on":"2024-08-21T18:21:13+00:00","id":"12af3dca70598190b2a5120e4c3ce4d7a48df66f438d1b825637f5cbb1f622da","name":"recueil-09-2024-010-recueil-des-actes-administratifs-special","pdf_creation_date":"2024-01-31T14:04:57+00:00","pdf_modification_date":"2024-01-31T15:05:39+00:00","timezone":"Europe/Paris","url":"https://www.ariege.gouv.fr/contenu/telechargement/29256/198663/file/recueil-09-2024-010-recueil-des-actes-administratifs-special.pdf"}
