{"administration":"prefidf","administration_name":"Pr\u00e9fecture de la r\u00e9gion \u00cele-de-France","content":"PREFECTURE\nREGION ILE DE\nFRANCE\nRECUEIL DES ACTES\nADMINISTRATIFS SP\u00c9CIAL\n(NOMINATIFS)\nN\u00b0IDF-010-2026-02\nPUBLI\u00c9 LE  6 F\u00c9VRIER 2026\nSommaire\nPr\u00e9fecture de la R\u00e9gion d'Ile de France, Pr\u00e9fecture de Paris  / Service de\nla coordination et des affaires parisiennes\nIDF-2026-02-05-00003 - Arr\u00eat\u00e9 modifiant l'arr\u00eat\u00e9 n\u00b0\nIDF-2023-12-29-00002 du 29 d\u00e9cembre 2023\nportant composition\nnominative du Conseil \u00e9conomique, social\net environnemental\nd'Ile-de-France\n (2 pages) Page 3\n2\nPr\u00e9fecture de la R\u00e9gion d'Ile de France,\nPr\u00e9fecture de Paris \nIDF-2026-02-05-00003\nArr\u00eat\u00e9 modifiant l'arr\u00eat\u00e9 n\u00b0\nIDF-2023-12-29-00002 du 29 d\u00e9cembre 2023\nportant composition nominative du Conseil\n\u00e9conomique, social\net environnemental d'Ile-de-France\nPr\u00e9fecture de la R\u00e9gion d'Ile de France, Pr\u00e9fecture de Paris  - IDF-2026-02-05-00003 - Arr\u00eat\u00e9 modifiant l'arr\u00eat\u00e9 n\u00b0 IDF-2023-12-29-00002\ndu 29 d\u00e9cembre 2023\nportant composition nominative du Conseil \u00e9conomique, social\net environnemental d'Ile-de-France\n3\nE 3PREFET |DE LA REGIOND'ILE-DE-FRANCEFraternit\u00e9\n \nPr\u00e9fecture de la r\u00e9gion d'\u00cele-de-France, pr\u00e9fecture de Paris \n5, rue Leblanc 75 911 Paris Cedex 15 | Standard : 01 82 52 40 00 \nSite internet : https://www.prefectures-regions.gouv.fr/ile-de-france  \nTwitter : https://twitter.com/Prefet75_IDF | LinkedIn : https://www.linkedin.com/company/l-\u00e9tat-en-\u00eele-de-france  \n \n \nARR\u00caT\u00c9 N\u00b0IDF  \nmodifiant l'arr\u00eat\u00e9 n\u00b0 IDF-2023-12-29-00002 du 29 d\u00e9cembre 2023 \nportant composition nominative du Conseil \u00e9conomique, social \net environnemental d'Ile-de-France \n \n \nLe Pr\u00e9fet de la r\u00e9gion d'Ile-de-France, \nPr\u00e9fet de Paris, \nGrand officier de la L\u00e9gion d'honneur, \nOfficier de l'Ordre national du M\u00e9rite \n \n \n \nVu le code g\u00e9n\u00e9ral des collectivit\u00e9s territoriales, et notamment ses articles L. 4134-1, \nR. 4134-2 et R.4134-3 \u00e0 R.4134-6 ; \n \nVu la loi n\u00b0 2022-217, du 21 f\u00e9vrier 2022 relative \u00e0 la diff\u00e9renciation, la \nd\u00e9centralisation, la d\u00e9concentration et portant diverses mesures de simplification de \nl'action publique local, et notamment son article 231  ; \n \nVu le d\u00e9cret n\u00b02017-1193 du 26 juillet 2017, relati f \u00e0 la composition et au \nrenouvellement des conseils \u00e9conomique, social et e nvironnementaux r\u00e9gionaux, \nmodifi\u00e9 par le d\u00e9cret n\u00b02023-632 portant diverses a daptations du code l'action \nsociale et des familles et du code g\u00e9n\u00e9rale des collectivit\u00e9s territoriales ; \n \nVu l'arr\u00eat\u00e9 pr\u00e9fectoral n\u00b0 IDF-2023-12-15-00005 du 15 d\u00e9cembre 2023 relatif \u00e0 la \ncomposition g\u00e9n\u00e9rique du Conseil \u00e9conomique, social  et environnemental d'Ile-de-\nFrance ; \n \nVu l'arr\u00eat\u00e9 pr\u00e9fectoral n\u00b0 IDF-2023-12-29-00002 du 29 d\u00e9cembre 2023 relatif \u00e0 la \ncomposition nominative du Conseil \u00e9conomique, social et environnemental d'Ile-de-\nFrance  ; \n \nVu l'arr\u00eat\u00e9 pr\u00e9fectoral n\u00b0 IDF-2024-02-02-00003 du 2 f\u00e9vrier 2024 compl\u00e9tant et \nmodifiant l'arr\u00eat\u00e9 pr\u00e9fectoral n\u00b0 IDF-2023-12-29-00002 du 29 d\u00e9cembre 2023 relatif \u00e0 \nla composition nominative du Conseil \u00e9conomique, so cial et environnemental d'Ile-\nde-France  ; \n \nVu le courrier de Mme Marie-H\u00e9l\u00e8ne MILOT, en date d u 20 janvier 2026, faisant part \nde sa d\u00e9mission de son mandat de conseill\u00e8re au sei n du premier coll\u00e8ge du Conseil \n\u00e9conomique, social et environnemental d'\u00cele-de-France  ; \n \nVu le courrier de M. Jean-Pierre FREMONT, directeur  Territoires et Action R\u00e9gionale \nd'Electricit\u00e9 de France, en date du 15 janvier 2026 , faisant part de la d\u00e9signation de \nMme H\u00e9l\u00e8ne BADIA en remplacement de Mme Marie-H\u00e9l\u00e8ne MILOT  ; \n \nSur proposition de la pr\u00e9f\u00e8te, directrice de cabine t du pr\u00e9fet de la r\u00e9gion d'Ile-de-\nFrance, pr\u00e9fet de Paris ; \nPr\u00e9fecture de la R\u00e9gion d'Ile de France, Pr\u00e9fecture de Paris  - IDF-2026-02-05-00003 - Arr\u00eat\u00e9 modifiant l'arr\u00eat\u00e9 n\u00b0 IDF-2023-12-29-00002\ndu 29 d\u00e9cembre 2023\nportant composition nominative du Conseil \u00e9conomique, social\net environnemental d'Ile-de-France\n4\n \n \n2 \n \n \n \nA R R \u00ca T E \n \n \nARTICLE 1 \ner  : au I de l'article 1 er  de l'arr\u00eat\u00e9 du 29 d\u00e9cembre 2023 susvis\u00e9, les mots  :  \n\u00ab par Electricit\u00e9 de France (EDF)  : Mme H\u00e9l\u00e8ne MILOT \u00bb sont remplac\u00e9s par les mots  : \n\u00ab par Electricit\u00e9 de France (EDF)  : Mme H\u00e9l\u00e8ne BADIA  \u00bb. \n \nARTICLE 2  : Les autres dispositions du I de l'article 1 \ner  de l'arr\u00eat\u00e9 du 29 d\u00e9cembre \n2023 modifi\u00e9 sont inchang\u00e9es.    \n \nARTICLE 3 : Le pr\u00e9sent arr\u00eat\u00e9 peut faire l'objet d'un recour s devant le tribunal \nadministratif territorialement comp\u00e9tent dans le d\u00e9 lai maximal de deux mois \u00e0 \ncompter de sa publication. \n \nARTICLE 4  : La pr\u00e9f\u00e8te, directrice de cabinet du pr\u00e9fet de l a r\u00e9gion d'Ile-de-France, \npr\u00e9fet de Paris, est charg\u00e9e de l'ex\u00e9cution du pr\u00e9s ent arr\u00eat\u00e9, qui sera publi\u00e9 au \nrecueil des actes administratifs (\u00e9chelon d'Ile-de-France) de la pr\u00e9fecture de la r\u00e9gion \nd'Ile-de-France, pr\u00e9fecture de Paris, accessible su r le site Internet de la pr\u00e9fecture: \nwww.prefectures-regions.gouv.fr/ile-de-france/  \n \n \n \n \n \n            Fait \u00e0 Paris, le  5 f\u00e9vrier 2026  \n \n \n     Le pr\u00e9fet de la r\u00e9gion d'Ile-de-France,\n          \npr\u00e9fet de Paris,  \n \nSIGNE \n \n \n                     Marc GUILLAUME  \n \n \n \n \n \n \n \n \n \n \n \n \n \n \nPr\u00e9fecture de la R\u00e9gion d'Ile de France, Pr\u00e9fecture de Paris  - IDF-2026-02-05-00003 - Arr\u00eat\u00e9 modifiant l'arr\u00eat\u00e9 n\u00b0 IDF-2023-12-29-00002\ndu 29 d\u00e9cembre 2023\nportant composition nominative du Conseil \u00e9conomique, social\net environnemental d'Ile-de-France\n5","date":"2026-02-06","first_seen_on":"2026-02-06T18:25:11+00:00","id":"12bffb94c145e36064c0a4a9813b8f06e64023bfdb29565f6f503c2f1ebb2482","name":"recueil-idf-010-2026-02-RAA-nominatifs du 06.02.2026","pdf_creation_date":"2026-02-06T16:04:39+00:00","pdf_modification_date":null,"timezone":"Europe/Paris","url":"https://www.prefectures-regions.gouv.fr/ile-de-france/irecontenu/telechargement/135318/990527/file/recueil-idf-010-2026-02-RAA-nominatifs%20du%2006.02.2026.pdf"}
