{"administration":"pref83","administration_name":"Pr\u00e9fecture du Var","content":"RECUEIL\nDES ACTES\nADMINISTRATIFS\nDE LA\nPR\u00c9FECTURE\nDU VAR\nNum\u00e9ro 31\nPubli\u00e9 le 15 f\u00e9vrier 2024\nBOULEVARD DU 112EME REGIMENT D'INFANTERIE \u2013 83070 TOULON CEDEX \u2013 TEL 04.94.18.83.83 TELECOPIE 04.94.18.82.83\nRECUEIL DES ACTES ADMINISTRATIFS\nDE LA PR\u00c9FECTURE DU VAR \nSOMMAIRE N\u00b031 publi\u00e9 le   15 f\u00e9vrier 2024  \nDIRECTION DE LA CITOYENNET\u00c9 ET DE LA L\u00c9GALIT\u00c9\n- Arr\u00eat\u00e9 N\u00b0DCL/BERG/2024/31 du 9 f\u00e9vrier 2024 relatif aux tarifs des courses\nde taxis, dans le d\u00e9partement du Var, pour l'ann\u00e9e 2024.\n-  Arr\u00eat\u00e9  N\u00b035/DCL/BERG  du  13  f\u00e9vrier  2024  portant  composition  de  la\ncommission  locale  de  propagande  pour  l'\u00e9lection  municipale  partielle\nint\u00e9grale commune de la Barjols scrutin des 10 et 17 mars 2024\nDIRECTION DE LA COORDINATION DES POLITIQUES PUBLIQUES ET\nDE L'APPUI TERRITORIAL\n- Arr\u00eat\u00e9 pr\u00e9fectoral N\u00b02024/05/MCI du 15 f\u00e9vrier 2024 portant d\u00e9l\u00e9gation de\nsignature  \u00e0  M.Jean-Marie  SANCHEZ  directeur  d\u00e9partemental  adjoint de  la\nprotection  des  populations  du  Var  assurant  l'int\u00e9rim  du  directeur\nd\u00e9partemental.\n- Arr\u00eat\u00e9 pr\u00e9fectoral N\u00b02024/06/MCI du 15 f\u00e9vrier 2024 portant d\u00e9l\u00e9gation de\nsignature  \u00e0  M.Jean-Marie  SANCHEZ  directeur  d\u00e9partemental  adjoint de  la\nprotection des populations du Var pour l'ordonnancement secondaire des\nrecettes et des d\u00e9penses imput\u00e9es sur le budget de l'\u00c9tat et pour les march\u00e9s\npublics et les accords-cadres pass\u00e9s par sa direction, assurant l'int\u00e9rim du\ndirecteur d\u00e9partemental. \nDIRECTION D\u00c9PARTEMENTALE DES TERRITOIRES ET DE LA MER\n- Arr\u00eat\u00e9 pr\u00e9fectoral N\u00b0DDTM/MICSDTP/T\u00c9L\u00c9PH\u00c9RIQUE-TOULON/2024-01 du \n14 f\u00e9vrier 2024 portant approbation des orientations du syst\u00e8me de Gestion \nde la s\u00e9curit\u00e9 du t\u00e9l\u00e9ph\u00e9rique du Faron \u00e0 Toulon (83000), exploit\u00e9 par la R\u00e9gie\nd'exploitation D\u00e9veloppement des Installations touristiques du Mont Faron \n(REDIF). \nDIRECTION D\u00c9PARTEMENTALE DE L'EMPLOI, DU TRAVAIL ET DES\nSOLIDARIT\u00c9S\n- R\u00e9c\u00e9piss\u00e9 de d\u00e9claration d'un organisme de services \u00e0 la personne enregistr\u00e9\nsous le N\u00b0 SAP983513011\n- R\u00e9c\u00e9piss\u00e9 de d\u00e9claration d'un organisme de services \u00e0 la personne enregistr\u00e9\nsous le N\u00b0 SAP830219895\nBOULEVARD DU 112EME REGIMENT D'INFANTERIE \u2013 83070 TOULON CEDEX \u2013 TEL 04.94.18.83.83 TELECOPIE 04.94.18.82.83\n- R\u00e9c\u00e9piss\u00e9 de d\u00e9claration d'un organisme de services \u00e0 la personne enregistr\u00e9\nsous le N\u00b0 SAP893494476\n- R\u00e9c\u00e9piss\u00e9 de d\u00e9claration d'un organisme de services \u00e0 la personne enregistr\u00e9\nsous le N\u00b0 SAP898637822\n- R\u00e9c\u00e9piss\u00e9 de d\u00e9claration d'un organisme de services \u00e0 la personne enregistr\u00e9\nsous le N\u00b0 SAP753579051\n- R\u00e9c\u00e9piss\u00e9 de d\u00e9claration d'un organisme de services \u00e0 la personne enregistr\u00e9\nsous le N\u00b0 SAP895170736\n- R\u00e9c\u00e9piss\u00e9 de d\u00e9claration d'un organisme de services \u00e0 la personne enregistr\u00e9\nsous le N\u00b0 SAP984242412\nBOULEVARD DU 112EME REGIMENT D'INFANTERIE \u2013 83070 TOULON CEDEX \u2013 TEL 04.94.18.83.83 TELECOPIE 04.94.18.82.83\nPREFET  Direction  de la citoyennet\u00e9  et de la l\u00e9galit\u00e9\nDU VAR  Bureau  des \u00e9lections  et de la r\u00e9glementation  g\u00e9n\u00e9rale\nLibert\u00e9\n\u00c9galit\u00e9\nFraternit\u00e9\nARRETE  n\u00b0 DCL/BERG/2024/31  du - 9 FEV. 2024\nrelatif  aux tarifs  des courses  de taxis,  dans  le d\u00e9partement  du Var,\npour  l'ann\u00e9e  2024.\nLe Pr\u00e9fet  du Var,\nVu l'article  L. 410-2  du Code  de commerce  ;\nVu l'article  L. 112-1  du Code  de la consommation  ;\nVu l'article  L. 3121-1  et suivants  et R. 3120-2  et suivants  du Code  des transports  ;\nVu le d\u00e9cret  n\u00b0 73-225  modifi\u00e9  par le d\u00e9cret  n\u00b0 95-935  relatif  \u00e0 l'exploitation  des taxis  et des\nvoitures  de remise  ;\nVu le d\u00e9cret  n\u00b0 78-363  du 13 mars  1978  r\u00e9glementant  la cat\u00e9gorie  d'instruments  de mesure\ntaxim\u00e8tres  ;\nVu le d\u00e9cret  n\u00b0 2001-387  du 3 mai 2001  relatif  au contr\u00f4le  des instruments  de mesure  ;\nVu le d\u00e9cret  n\u00b0 2002-689  du 30 avril 2002  fixant  ses conditions  d'application  ;\nVu le d\u00e9cret  n\u00b0 2006-447  du 12 avril 2006  relatif  \u00e0 la mise  sur le march\u00e9  et \u00e0 la mise  en service\nde certains  instruments  de mesure  ;\nVu le d\u00e9cret  n\u00b0 2015-1252  du 7 octobre  2015  relatif  aux tarifs  des courses  de taxi ;\nVu le d\u00e9cret  du Pr\u00e9sident  de la R\u00e9publique  du 13 juillet  2023  portant  nomination  de Monsieur\nPhilippe  MAH\u00c9,  pr\u00e9fet  du Var  ;\nVu l'arr\u00eat\u00e9  minist\u00e9riel  n\u00b0 83-50/A  du 3 octobre  1983-modifi\u00e9  par arr\u00eat\u00e9  du 15 juillet  2010  relatif\n\u00e0 la publicit\u00e9  des prix  de tous  les services  ;\nVu l'arr\u00eat\u00e9  minist\u00e9riel  du 3 d\u00e9cembre  1987  relatif  \u00e0 I'information  du consommateur  sur les\nprix  ;\nVu l'arr\u00eat\u00e9  minist\u00e9riel  du 18 juillet  2001  relatif  aux taxim\u00e8tres  en service  ;\nVu l'arr\u00eat\u00e9  minist\u00e9riel  du 13 f\u00e9vrier  2009  relatif  aux dispositifs  r\u00e9p\u00e9titeurs  lumineux  de tarifs\npour  taxis  ;\nVu l'arr\u00eat\u00e9  minist\u00e9riel  du 30 juillet  2013  relatif  \u00e0 la justification  de la r\u00e9servation  pr\u00e9alable  des\ntaxis  pr\u00e9vue  \u00e0 l'article  L. 3121-11  du code  des transports  ;\n1/6\n\nVu l'arr\u00eat\u00e9  minist\u00e9riel  du 6 novembre  2015 relatif  \u00e0 l'information  du consommateur  sur les\ntarifs  des courses  de taxi  ;\nVu l'arr\u00eat\u00e9  minist\u00e9riel  du 9 juin 2016 fixant  les modalit\u00e9s  d'application  du titre Il du d\u00e9cret\nn\u00b02001-387  du 3 mai 2001  relatif  au contr\u00f4le  des instruments  de mesure  ;\nVu l'arr\u00eat\u00e9  minist\u00e9riel  du 22 janvier  2024  relatif  aux tarifs  des courses  de taxi ;\nVu l'arr\u00eat\u00e9  pr\u00e9fectoral  n\u00b0 DCL/BERG/2023/31  du 27 janvier  2023  relatif  aux tarifs  des courses\nde taxis  dans  le d\u00e9partement  du Var, pour  l'ann\u00e9e  2023  ;\nVu larr\u00eat\u00e9  pr\u00e9fectoral  du 07 mars  2023  portant  modification  de l'arr\u00eat\u00e9  pr\u00e9fectoral\nn\u00b0DCL/BERG/20223/31  du 27 janvier  2023  relatif  aux tarifs  des courses  de taxis,  dans le\nd\u00e9partement  du Var pour,  l'ann\u00e9e  2023  ;\nVU l'arr\u00eat\u00e9  pr\u00e9fectoral  n\u00b0 2023/47/MCI  du 21 ao\u00fbt  2023  portant  d\u00e9l\u00e9gation  de signature  \u00e0\nMonsieur  Lucien  GIUDICELLI,  secr\u00e9taire  g\u00e9n\u00e9ral  de la pr\u00e9fecture  du Var, sous-pr\u00e9fet  de\nl'arrondissement  de Toulon  ;\nVu l'avis  de la directrice  d\u00e9partementale  de la protection  des populations  ;\nSur proposition  du secr\u00e9taire  g\u00e9n\u00e9ral  de la pr\u00e9fecture  ;\nARR\u00caTE\nArticle  1er : Champ  d'application.\nSont  soumis  aux dispositions  du pr\u00e9sent  arr\u00eat\u00e9,  les taxis,  tels qu'ils  sont d\u00e9finis  par les articles\nL. 3121-1  \u00e0 L. 3121-12  du code  des transports.\nLes taxis  sont obligatoirement  pourvus  des signes  distinctifs  pr\u00e9vus  \u00e0 l'article  R. 31211  du\ncode  des  transports.\nArticle  2 : Tarifs  et r\u00e9glage  des taxim\u00e8tres.\n\u00c0 compter  de la date d'application  du pr\u00e9sent  arr\u00eat\u00e9,  le tarif maximum,  TVA comprise,  des\ntransports  par taxis  \u00e9quip\u00e9s  d'un compteur  horokilom\u00e9trique,  est fix\u00e9 ainsi qu'il suit dans  le\nd\u00e9partement  du Var :\na) Montant  de la chute  :\nLe montant  de la chute  est de 0/10  \u20ac.\nb) Prise  en charge  :\nLa prise  en charge  s'\u00e9l\u00e8ve  \u00e0 3,80 \u20ac quel que soit le tarif  kilom\u00e9trique  appliqu\u00e9.\nCette  prise  en charge  couvre  une distance  correspondant  \u00e0 la premi\u00e8re  chute.\nLes conditions  d'application  de la prise  en charge  devront  \u00eatre indiqu\u00e9es  \u00e0 la client\u00e8le  par\nvoie d'affichettes  appos\u00e9es  dans  les v\u00e9hicules  selon  la formule  suivante  : \"quel  que soit le\nmontant  inscrit  au compteur,  la somme  minimale,  susceptible  d'\u00e9tre  per\u00e7ue,  suppl\u00e9ment\ninclus,  ne peut  d\u00e9passer  8 \u20ac\".\n2/6\n\nc) Prix  du kilom\u00e8tre  :\nTarif  \u00c0 : course  de jour  avec  retour  en charge  \u00e0 la station,  de 7h \u00e0 19h.\nTarif  B : course  de nuit avec  retour  en charge  \u00e0 la station,  de 19h \u00e0 7h les jours  de semaine,\net toute  la journ\u00e9e  les dimanches  et jours  f\u00e9ri\u00e9s.\nTarif  C : course  de jour  avec  retour  \u00e0 vide  \u00e0 la station,  de 7h \u00e0 19h.\nTarif  D : course  de nuit avec  retour  \u00e0 vide \u00e0 la station,  de 19h \u00e0 7h les jours  de semaine,  et\ntoute  la journ\u00e9e  les dimanches  et jours  f\u00e9ri\u00e9s.\n\u00c9l\u00e9ments  Valeur  en Chute  de 0,10 \u20ac\ntarifaires  euros  tous  les\nA 116 \u20ac 86,21  m\u00e8tres\nB 149 \u20ac ' 6711  m\u00e8tres\nC 2,32  \u20ac 43,10  m\u00e8tres\nD 2,98  \u20ac 33,56  m\u00e8tres\nd) Heure  d'attente  ou de marche  lente  :\n- 28,78\u20ac\nSeuls  sont  autoris\u00e9s  les compteurs  \u00e0 quatre  tarifs  rang\u00e9s  dans  l'ordre  croissant.\nArticle  3 : Conditions  d'application  des tarifs  kilom\u00e9triques.\nLe taxim\u00e8tre  doit \u00eatre mis en position  de fonctionnement  d\u00e8s le d\u00e9but  de chaque  course  et\nmis en DU \u00e0 la fin de la course,  v\u00e9hicule  \u00e0 l'arr\u00eat  et en appliquant  les tarifs  r\u00e9glementaires.\nConform\u00e9ment  \u00e0 l'article  14 de l'arr\u00eat\u00e9  du 3 d\u00e9cembre  1987  relatif  \u00e0 I'information  du\nconsommateur  sur les prix, le prix d'un transport  en taxi command\u00e9  \u00e0 distance  doit \u00eatre\nindiqu\u00e9  de fa\u00e7on  pr\u00e9cise  au consommateur,  par tout moyen  faisant  preuve,  avant  la\nconclusion  du contrat.  Constitue  une technique  de communication  \u00e0 distance,  au sens de cet\narr\u00eat\u00e9,  toute  technique  permettant  au consommateur,  hors des lieux  habituels  de r\u00e9ception\nde la client\u00e8le,  de commander  ou de demander  la r\u00e9alisation  d'une  prestation  de service.\nLe consommateur  doit &tre en mesure  de conna\u00eetre,  sans difficult\u00e9  et avant  la prestation,  soit\nle prix total,  soit les principaux  param\u00e8tres  susceptibles  de composer  ou de d\u00e9terminer  le\nprix final  (prise  en charge,  tarifs  applicables,  attentes,  suppl\u00e9ments  ...).\nDans  le cas d'une  r\u00e9servation  pr\u00e9alable,  le tarif le plus favorable  pourra  \u00eatre admis  en utilisant\nle tarif \u00ab \u00c0 \u00bb le jour et le tarif \u00ab B \u00bb la nuit,  \u00e0 partir  de la station  la plus proche  du lieu de prise\nen charge.  '\nLa facturation  de la course  d'approche  peut  faire  l'objet  d'une  remise  totale  ou partielle.\nDans  ce cas de figure,  le taxim\u00e8tre  devra  \u00eatre remis  \u00e0 z\u00e9ro lors de la prise  en charge  effective\ndu ctient.\nLe conducteur  de taxi doit signaler  au client  tout changement  de tarif intervenant  pendant  la\ncourse.\nLe dispositif  r\u00e9p\u00e9titeur  lumineux  ext\u00e9rieur  de tarif ne s'allume  en vert que lorsque  le taxi est\nlibre sur sa commune  de rattachement  et en rouge  lorsque  celui-ci  est en charge  ou r\u00e9serv\u00e9.\nLindication  des lettres  annon\u00e7ant  les diff\u00e9rents  tarifs  doit \u00eatre \u00e9clair\u00e9e  de mani\u00e8re\nautomatique,  nettement  visible  de jour comme  de nuit,  quelles  que soient  les conditions\nd'ambiance  lumineuse  et permettre  une lecture  ais\u00e9e  de ces indications.\n3j6\n\nArticle  4 : Tarif  de nuit.\nLe tarif  de nuit  s'applique  de 19 heures  \u00e0 7 heures.\nArticle  S : Tarifications  suppl\u00e9mentaires.\nLes suppl\u00e9ments,  TVA comprise,  pourront  \u00eatre per\u00e7us  en plus du prix affich\u00e9  au compteur\ndans  les cas ci-apr\u00e8s  :\na) Transport  de bagages  encombrants  :\n- Bagages  ne pouvant  \u00eatre transport\u00e9s  dans  le coffre  ou l'habitacle  du v\u00e9hicule  et\nn\u00e9cessitant  l'utilisation  d'un  \u00e9quipement  ext\u00e9rieur.\nou\n- Valises  ou bagages  de taille  \u00e9quivalente,  au-del\u00e0  de trois,  par passager  : 2 \u20ac par bagage.\nb) Transport  de passagers  :\n- 4,00  \u20ac par passager  \u00e0 partir  de cinq.\nArticle  6 : Montant  des droits  de p\u00e9age  sur autoroute.\nLe montant  des droits  de p\u00e9age  acquitt\u00e9s  en charge  sur autoroute  pourra  \u00eatre r\u00e9clam\u00e9  au\nclient  sans  majoration  par l'exploitant  du taxi.\nArticle  7 : V\u00e9rification  des compteurs  horokilom\u00e9triques.\nLes taxim\u00e8tres  sont soumis  \u00e0 la v\u00e9rification  primitive,  \u00e0 la v\u00e9rification  p\u00e9riodique  annuelle  et \u00e0\nla surveillance  selon  les dispositions  en vigueur.\nArticle  8 : Modifications  des taxim\u00e9tres.\nLa lettre  majuscule  S de couleur  ROUGE  et d'une  hauteur  minimale  de 10 mm, sera appos\u00e9e\nsur le cadran.\nArticle  9 : Affichage  dans  le v\u00e9hicule.\nLes exploitants  de taxis  apposeront  obligatoirement  \u00e0 l'int\u00e9rieur  du v\u00e9hicule  et \u00e0 proximit\u00e9\ndes si\u00e8ges  arri\u00e8res,  une affiche  de 15 cm x 20 cm au minimum,  visible  du client,  indiquant  en\ncaract\u00e8res  tr\u00e8s  lisibles,  les mentions  suivantes  :\ne Les taux  horaires  et kilom\u00e9triques  en vigueur  et leurs  conditions  d'application  ;\ne Les montants  et les conditions  d'application  de la prise  en charge  et des\nsuppl\u00e9ments  ;\n\u00ab Les conditions  dans  lesquelles  la d\u00e9livrance  d'une  note  est obligatoire  ou\nfacultative  ; ;\n\u00bb Linformation  selon  laquelle  le consommateur  peut  demander  que la note\nmentionne  son nom  ainsi  que le lieu de d\u00e9part  et le lieu d'arriv\u00e9e  de la course  ;\n\u00ab L'information  selon  faquelle  le consommateur  peut  r\u00e9gler  la course  par carte\nbancaire  quel  que  soit le montant  \u00e0 payer  ;\ne l'adresse  d\u00e9finie  par arr\u00eat\u00e9  pr\u00e9fectoral,  apr\u00e8s  consultation  des organisations\nprofessionnelles  de taxis  et des associations  de consommateurs,  \u00e0 laquelle  peut\n\u00eatre  adress\u00e9e  une  r\u00e9clamation.\nArticle  10 : D\u00e9livrance  de notes.\nLa d\u00e9livrance  d'une  note  est obligatoire  quand  la prestation  de service  est d'un  montant\nsup\u00e9rieur  ou \u00e9gal \u00e0 25 \u20ac (TVA  comprise).  En dessous  de cette  somme,  la d\u00e9livrance  de la note\nest facultative  sauf  si le client  la demande  express\u00e9ment.\nLes conditions  selon  lesquelles  la d\u00e9livrance  d'une  note est obligatoire  ou facultative  doivent\n\u00eatre rappel\u00e9es  \u00e0 la client\u00e8le  par un affichage  lisible  au lieu o\u00f9 s'ex\u00e9cute  le paiement  du prix.\n4/6\n\nLa note  est \u00e9tablie  en double  exemplaire.  Un exemplaire  est.remis  au client  lorsqu'elle  est\nobligatoire  ou \u00e0 sa demande  lorsquelle  est facultative.  Le double  est conserv\u00e9  par le\nprestataire  pendant  deux  ans et class\u00e9  par ordre  de date  de r\u00e9daction.\nLa r\u00e9daction  des notes.r\u00e9pond  aux exigences  suivantes.\na) Doivent  \u00eatre  imprim\u00e9s  sur la note  :\nD La date  de r\u00e9daction  de la note  ;\nLes heures  de d\u00e9but  et de fin de course  ;\nLe nom  ou la d\u00e9nomination  sociale  du prestataire  ou de sa soci\u00e9t\u00e9  ;\nLe num\u00e9ro  d'immatriculation  du v\u00e9hicule  de taxi ;\nLe montant  de la course  minimum  ;\nLe prix de la course  toutes  taxes  comprises  hors  suppl\u00e9ments  ;\nL'adresse  postale  \u00e0 laquelle  peut  \u00eatre adress\u00e9e  une r\u00e9clamation.\nPr\u00e9fecture  du Var - Direction  de la citoyennet\u00e9  et de la l\u00e9galit\u00e9\nBureau  des \u00e9lections  et de la r\u00e9glementation  g\u00e9n\u00e9rale\nCS 31209  - 83070  TOULON  Cedex\nb) Sont  soit imprim\u00e9s  soit port\u00e9s  de mani\u00e8re  manuscrite  :\n\u00b0 La somme  totale  \u00e0 payer  toutes  taxes  comprises  qui inclut  les suppl\u00e9ments  ;\n\u00b0 Le d\u00e9tail  de chacune  des majorations  pr\u00e9vues  \u00e0 l'article  2 du d\u00e9cret  n\u00b0 2015-\n1252  du 7 octobre  2015.  Ce d\u00e9tail  est pr\u00e9c\u00e9d\u00e9  de la mention  \u00ab suppl\u00e9ment(s)  \u00bb.\nc) A la demande  du client,  sont soit irhprim\u00e9s  soit port\u00e9s  de mani\u00e9re  manuscrite  :\n\u00b0 Le nom  du client  ;\n\u00b0 Le lieu de d\u00e9part  et le lieu d'arriv\u00e9e  de la course.\nArticle  11 : Justification  de la r\u00e9servation  pr\u00e9alable.\nLorsqu'un  v\u00e9hicule  est stationn\u00e9  en attente  de client\u00e8le  en dehors  de sa commune  de\nrattachement,  la justification  de la r\u00e9servation  pr\u00e9alable  des taxis  est apport\u00e9e  par la\nproduction  d'un support  papier  ou \u00e9lectronique  comportant  obligatoirement  les\ninformations  mentionn\u00e9es  ci-apr\u00e8s  : '\ne Nom  ou d\u00e9nomination  sociale  et coordonn\u00e9es  de la soci\u00e9t\u00e9  exer\u00e7ant  l'activit\u00e9\nd'exploitant  de taxis  ;\nNum\u00e9ro  dinscription  au registre  du commerce  et des soci\u00e9t\u00e9s  ou au r\u00e9pertoire\ndes  m\u00e9tiers  ;\n\u00bb Nom  et coordonn\u00e9es  t\u00e9l\u00e9phoniques  du client  sollicitant  une prestation  de\ntransport;  R\ne Date  et heure  de la r\u00e9servation  pr\u00e9alable  effectu\u00e9e  par le client  ;\ne Date  et heure  de la prise  en charge  souhait\u00e9es  par le client  ;\n\u00ab Lieu  de prise  en charge  indiqu\u00e9  par le client.\nLa dur\u00e9e  maximale  de stationnement  pr\u00e9c\u00e9dant  l'heure  de prise  en charge  souhait\u00e9e  par le\nclient  est fix\u00e9e  \u00e0 une  heure.\nArticle  12 : Dispositif  transitoire  et entr\u00e9e  en vigueur.\nI.- Les tarifs  fix\u00e9s  par le pr\u00e9sent  arr\u00eat\u00e9  entrent  en vigueur  au jour  de la publication  du pr\u00e9sent\narr\u00eat\u00e9  au recueil  des actes  administratifs  de la pr\u00e9fecture.\nIl- Dans  un d\u00e9lai  de deux  mois \u00e0 compter  de la date  d'entr\u00e9e  en vigueur  des tarifs  pr\u00e9vus  par\nle 1, le taxi fait modifier  la table  tarifaire  du taxim\u00e8tre  afin de permettre  la prise  en compte\ndes  tarifs  pr\u00e9vus  \u00e0 l'article  2.\nEntre  cette  date  et la modification  de la table  tarifaire,  une hausse  ne pouvant  exc\u00e9der  5,4 %\npourra  \u00eatre appliqu\u00e9e  au montant  de la course  affich\u00e9  sur le cadran,  hors suppl\u00e9ment,  en\n5/6\n\nutilisant  un tableau  de correspondance  mis \u00e0 la disposition  de la client\u00e8le.  Les suppl\u00e9ments\nsont  appliqu\u00e9s  sans  recourir  au taxim\u00e8tre.\nCette  hausse  et l'application  des suppl\u00e9ments  font I'objet  d'une  mention  manuscrite  sur la\nnote  remise  au consommateur.\nArticle  13 : L'arr\u00eat\u00e9  pr\u00e9fectoral  du 27 janvier  2023  relatif  aux tarifs  des courses  de taxis  dans  le\nd\u00e9partement  du Var, pour  l'ann\u00e9e  2023  modifi\u00e9  par l'arr\u00eat\u00e9  pr\u00e9fectoral  du 07 mars  2023,  est\nabrog\u00e9.\nArticle  14 : Le secr\u00e9taire  g\u00e9n\u00e9ral  de la pr\u00e9fecture,  les sous-pr\u00e9fets  de Draguignan  et de\nBrignoles,  la directrice  d\u00e9partementale  de la protection  des populations,  le chef  du service\nde la m\u00e9trologie,  le colonel  commandant  du groupement  de gendarmerie  et le contr\u00f4leur\ng\u00e9n\u00e9ral,  le directeur  interd\u00e9partemental  de la police  nationale  sont charg\u00e9s,  chacun  en ce qui\nle concerne,  de l'ex\u00e9cution  du pr\u00e9sent  arr\u00eat\u00e9  qui sera publi\u00e9  au recueil  des actes\nadministratifs.de  la pr\u00e9fecture.\nFait \u00e0 Toulon,  le - 9 FEV. 207\n(o  e Pr\u00e9te* =* 52N\n- PR e Rk d -\nLueien  GIUBICELL\nDans  un d\u00e9lai de deux  mois \u00e0 compter  de la date de notification  du pr\u00e9sent  arr\u00eat\u00e9,  les recours  suivants  peuvent  \u00eatre introduits\nconform\u00e9ment  aux dispositions  des articles  R. 421-1  et suivants  du code  de justice  administrative  :\n- Un recours  gracieux,  adress\u00e9  \u00e0 : M. le pr\u00e9fet  du Var \u2014 Bd du T12tre  r\u00e9giment  d'infanterie-  CS 31209  - 83070  TOULON  CEDEX\nDans  ce cas, le silence  de l'administration  vaut  rejet  implicite  au terme  d'un d\u00e9lai  de deux  mois.\nApr\u00e8s  un recours  gracieux  ou hi\u00e9rarchique,  le d\u00e9lai du recours  contentieux  ne court  qu'\u00e0 compter  du rejet explicite  ou\nimplicite  de l'un de ces recours.\n- un recours  contentieux,  en saisissant  le tribunal  administratif  de Toulon  : 5, rue Racine  -BP 40510  - 83 041 TOULON  CEDEX  9\nLe tribunal  administratif  peut \u00eatre saisi par l'application  informatique  \u00ab T\u00e9l\u00e9recours  citoyens  \u00bb accessible  par le site internet\n\u00ab www.telerecours.fr  \u00bb.\n6/6\n\nEx  Direction  de la citoyennet\u00e9  et de la l\u00e9galit\u00e9\nPR\u00c9FET  Bureau  des \u00e9lections  et de la r\u00e9glementation  g\u00e9n\u00e9rale\nDU VAR\nLibert\u00e9\n\u00c9galit\u00e9\nFraternit\u00e9\n_ ARR\u00caTE  n\u00b035/DCL/BERG  du | 3 FEV, 2024\nPORTANT  COMPOSITION  DE LA COMMISSION  LOCALE  DE PROPAGANDE\nPOUR  L'\u00c9LECTION  MUNICIPALE  PARTIELLE  INT\u00c9GRALE\nCOMMUNE  DE LA BARJOLS\nSCRUTIN  DES  10 ET 17 MARS  2024\nLe Pr\u00e9fet  du Var,\nVU le code  \u00e9lectoral  et notamment  ses articles  L.241,  R.27,  R.29,  R.30,  R.31,  R.32,  R.34,  R117-4\net R117-5  ;\nVU l'arr\u00eat\u00e9  SP/BARG/N\u00b02024/191  du 22 janvier  2024  portant  convocation  des \u00e9lecteurs  et fixant  les\nmodalit\u00e9s  de d\u00e9p\u00f4t  des candidatures  pour  l'\u00e9lection  municipale  partielle  int\u00e9grale  des conseillers\nmunicipaux  et communautaires  dans  la commune  de Barjols  ;\nVU les d\u00e9signations  :\n- du premier  pr\u00e9sident  de la Cour  d'Appel  d'Aix-en-Provence  ;\n- du repr\u00e9sentant  de l'op\u00e9rateur  charg\u00e9  de I'envoi  de la propagande  ;\n- duPr\u00e9fet  du Var  ;\nSUR proposition  du secr\u00e9taire  g\u00e9n\u00e9ral  de la pr\u00e9fecture  du Var,\nARR\u00caTE  :\nARTICLE  1 : INSTITUTION  ET INSTALLATION\nIl est institu\u00e9  une commission  de propagande,  comp\u00e9tente  pour  la commune  de Barjols,  pour\nI'\u00e9lection  municipale  partielle  int\u00e9grale  des conseillers  municipaux  et communautaires  du 10 mars\n2024  pour  le premier  tour  et \u00e9ventuellement  du 17 mars  2024  en cas de second  tour.\nLe si\u00e8ge  administratif  de cette  commission  est fix\u00e9 \u00e0 la sous-pr\u00e9fecture  de Brignoles,  situ\u00e9e,  92, Rue\nde la R\u00e9publique  83170  BRIGNOLES.\nL'installation  de cette  commission  est r\u00e9put\u00e9e  install\u00e9e  \u00e0 la date  de la signature  du pr\u00e9sent  arr\u00eat\u00e9.\nARTICLE  2 : COMPOSITION\nLa commission  est compos\u00e9e  comme  suit  :\nu 1\n1 TOUR  DE SCRUTIN  (10 mars  2024)\nPr\u00e9sident  Titulaire  : Mme  Nathalie  FEVRE,  Pr\u00e9sidente  du tribunal\njudiciaire  de Draguignan\nSuppl\u00e9ant  : Mme  Emilie  BERTRAND,  Vice-pr\u00e9sidente  charg\u00e9e\ndu contentieux  de la protection  au tribunal  de\nproximit\u00e9  de Brignoles\n1/3\n\nMembre  fonctionnaire  d\u00e9sign\u00e9  Titulaire\npar  le pr\u00e9fet: Mme Sabrina  VMAERTEN,  charg\u00e9e  des ASA\n: M. Guillaume  DAMOND,  charg\u00e9  de la poltique  du(Associations  Syndicales  Autoris\u00e9es)  et de la\nr\u00e9glementation  juridique,  sous-pr\u00e9fecture  de\nBrignoles\nlogement,  des expulsions  et de la police\nadministrative  sous-pr\u00e9fecture  de Brignoles,Suppl\u00e9ant\nMembre  repr\u00e9sentant  Titulaire\nl'op\u00e9rateur  postal\nSuppl\u00e9ant: M. Thierry  BELLEGO,  Animateur  Excellence  et\n: M. Guillaume  BIREMBAUT,  Responsable  d'\u00e9quipeLogistique  06/83\nBarjols\nSecr\u00e9taire  d\u00e9sign\u00e9  par le pr\u00e9fet . M. Pascal  GUILBERT,  Chef  du Bureau  de\nI'Administration  et de la R\u00e9glementation\nG\u00e9n\u00e9rale,  sous-pr\u00e9fecture  de Brignoles\n2* TOUR  DE SCRUTIN  (17 mars  2024)\nPr\u00e9sident  Titulaire\nSuppl\u00e9antMme  Nathalie  FEVRE,  Pr\u00e9sidente  du tribunal\njudiciaire  de Draguignan\nMme  Emilie  BERTRAND,  Vice-pr\u00e9sidente  charg\u00e9e\ndu contentieux  de la protection  au tribunal  de\nproximit\u00e9  de Brignoles\nMembre  fonctionnaire  d\u00e9sign\u00e9  Titulaire\npar  le pr\u00e9fet\n: M. Guillaume  DAMOND,  charg\u00e9  de la politiqueMme  Sabrina  MAERTEN,  charg\u00e9e  des A.S.A\n(Associations  Syndicales  Autoris\u00e9es)  et de la\nr\u00e9glementation  juridique,  sous-pr\u00e9fecture  de\nBrignoles\ndu logement,  des expulsions  et de la police\nadministrative,  sous-pr\u00e9fecture  de BrignolesSuppl\u00e9ant\nMembre  repr\u00e9sentant  Titulaire\nI'op\u00e9rateur  postal\nSuppl\u00e9antM. Thierry  BELLEGO,  Animateur  Excellence  et\nLogistique  06/83\nM. Guillaume  BIREMBAUT,  Responsable  d'\u00e9quipe\nBarjols\nSecr\u00e9taire  d\u00e9sign\u00e9  par le pr\u00e9fet\nl'Administration  et de la R\u00e9glementationM. Pascal  GUILBERT,  Chef  du Bureau  de\nG\u00e9n\u00e9rale,  sous-pr\u00e9fecture  de Brignoles\nARTICLE  3 : PARTICIPATION  AUX  TRAVAUX  DE LA COMMISSION\nLes candidats  qui, dans  le d\u00e9lai  imparti,  auront  souscrit  \u00e0 la Pr\u00e9fecture,  la d\u00e9claration  de\ncandidature  pr\u00e9vue  par les dispositions  en vigueur,  pourront  avec  voix consultative,  participer  aux\ntravaux  de la commission  de propagande  concern\u00e9e  ou s'y faire  repr\u00e9senter  par un mandataire.\nARTICLE  4 : MISSIONS\nLa commission  de propagande  est charg\u00e9e  des op\u00e9rations  prescrites  par l'article  R.34 du code\n\u00e9lectoral,  \u00e0 savoir  :\n- de contr\u00f4ler  la conformit\u00e9  des circulaires  et des bulletins  de vote aux prescriptions  du code\n\u00e9lectoral,\n- de proc\u00e9der  au libell\u00e9  des enveloppes  \u00e0 envoyer  aux \u00e9lecteurs,\n2/3\n\n\u2014 d'adresser  au plus tard le mercredi  6 mars  2024  \u00e0 18 h pour  le premier  tour et le jeudi  14 mars\n2024  \u00e0 18 h pour  le second  tour,  \u00e0 tous les \u00e9lecteurs  une circulaire  et un bulletin  de vote  de chaque\ncandidat,\n- d'envoyer  \u00e0 la mairie  de la commune  de Barjols,  au plus tard le mercredi  6 mars  2024  pour  le\npremier  tour et le jeudi  14 mars  2024  pour  le second  tour,  les bulletins  de vote  de chaque  candidat\nen nombre  au moins  \u00e9gal  \u00e0 celui  des \u00e9lecteurs  inscrits  dans  chaque  commune.\nLe magistrat,  pr\u00e9sident  de la commission  de propagande,  doit v\u00e9rifier  la r\u00e9gularit\u00e9  des op\u00e9rations\nde libell\u00e9  des adresses  et de mise  sous  pli.\nARTICLE  5 : LIEU  DE LIVRAISON\nLes candidats  devront  faire livrer  leurs circulaires  et bulletins  de vote conformes  \u00e0 la r\u00e9glementation\nen vigueur,  \u00e0 l'adresse,  aux dates  et horaires  de r\u00e9ception  ci-apr\u00e8s  :\nSous-Pr\u00e9fecture  de Brignoles\n92, Rue  de la R\u00e9publique\n83170  BRIGNOLES\nPour  le premier  tour  de scrutin  :\n\u2014 du lundi  26 f\u00e9vrier  au mardi  27 f\u00e9vrier  2024  de 08h00  \u00e0 12h00  et de 13h30  \u00e0 17h00  ;\n\u2014 le mercredi  28 f\u00e9vrier  de 08h00  \u00e0 12h00.\nPour  le deuxi\u00e8me  tour  de scrutin  :\n\u2014 le mercredi  13 mars  2024  de 08h00  \u00e0 11h30.\nLes modalit\u00e9s  de livraison  et de conditionnement  sont  annex\u00e9es  au pr\u00e9sent  arr\u00eat\u00e9.\nARTICLE  6 : DATE  LIMITE  DE LIVRAISON  DES DOCUMENTS  \u00c9LECTORAUX\nEn vertu  de l'article  R.38 du code  \u00e9lectoral,  les candidats  d\u00e9sirant  obtenir  le concours  de la\ncommission  de propagande  doivent  lui remettre  leurs  documents  de propagande  \u00e9lectorale\n(circulaires  et bulletins  de vote)  au lieu de livraison  mentionn\u00e9  \u00e0 l'article  5 du pr\u00e9sent  arr\u00eat\u00e9  au plus\ntard  aux  dates  et horaires  suivants  :\nPour  le premier  tour  de scrutin  : le mercredi  28 f\u00e9vrier  \u00e0 12h00\nPour  le deuxi\u00e8me  tour  de scrutin  : le mercredi  13 mars  2024  \u00e0 11h30\nAu-del\u00e0  de chacune  de ces deux  dates,  la commission  de propagande  ne sera plus tenue  d'assurer\nl'envoi  de ces  documents.\nARTICLE  7 : EX\u00c9CUTION\nLe secr\u00e9taire  g\u00e9n\u00e9ral  de la pr\u00e9fecture  du Var et le pr\u00e9sident  de la commission  de propagande  sont\ncharg\u00e9s,  chacun  en ce qui le concerne,  de l'ex\u00e9cution  du pr\u00e9sent  arr\u00eat\u00e9.\nPour  le Pr\u00e9fet  g\n,\nLucien  GI\u00dcDICELLI\nDans  un d\u00e9lai de deux  mois \u00e0 compter  de la date de la notification  ou de la publication  du pr\u00e9sent  arr\u00eat\u00e9  au recueil  des actes\nadministratifs  de la pr\u00e9fecture,  les recours  suivants  peuvent  \u00eatre introduits  conform\u00e9ment  aux dispositions  des articles  R. 421-1  et\nsuivants  du code  de justice  administrative  :\n- un recours  gracieux,  adress\u00e9  \u00e0 : M. le Pr\u00e9fet  du Var - Bd du 112%TM  r\u00e9giment  d'infanterie-  83070  TOULON  CEDEX\n- un recours  hi\u00e9rarchique,  adress\u00e9  au(x)  ministre(s)  concern\u00e9(s)  ;\nDans  ces deux  cas, le silence  de l'Administration  vaut rejet  implicite  au terme  d'un d\u00e9lai  de deux  mois.\nApr\u00e8s  un recours  gracieux  ou hi\u00e9rarchique,  le d\u00e9lai du recours  contentieux  ne court  qu'\u00e0 compter  du rejet explicite  ou implicite  de\nl'un  de ces  recours.\n- un recours  contentieux,  en saisissant  le Tribunal  Administratif  de Toulon  : 5 rue Racine  -BP 40510  - 83 041 TOULON  CEDEX  9par d\u00e9l\u00e9gation,\ng\u00e9n\u00e9ral,\n3/3\n\nEx\nPR\u00c9FET\nDU  VAR\nLibert\u00e9\n\u00c9galit\u00e9\nFraternit\u00e9\ne MODALIT\u00c9S  DE LIVRAISONANNEXE  \u00c0 L'ARR\u00caT\u00c9  N\u00b0 35/DCL/BERG  DU 113 FEV. 2024\nLes livraisons  s'effectueront  sans  rendez-vous  \u00e0 l'adresse,  aux dates  et horaires  de r\u00e9ception  ci-apr\u00e8s  :\nAdresse  de mise  sous  pli Dates  et horaires  de r\u00e9ception\nSous-Pr\u00e9fecture  de Brignoles\n92, Rue  de la R\u00e9publique\n83170  BRIGNOLESPour  le premier  tour  de scrutin  :\n\u2014 du lundi  26 f\u00e9vrier  2024  au mardi  27 f\u00e9vrier  2024  de 08h00  \u00e0 12h00\net de 13h30  \u00e0 17h00  ;\n- le mercredi  28 f\u00e9vrier  de 08h00  \u00e0 12h00.\nPour  le deuxi\u00e8me  tour  de scrutin  :\n\u2014 le mercredi  13 mars  2024  de 08h00  \u00e0 11h30.\nA Le site n'est  pas \u00e9quip\u00e9  de quai de d\u00e9chargement.  En cons\u00e9quence,  les camions  de livraison  devront  \u00eatre\nmunis  d'un  hayon  et d'un  transpalette.\n\u00b0 MODALIT\u00c9S  DE CONDITIONNEMENT\n> \u00c9L\u00c9MENTS  DE LA FICHE  PALETTE  ET DU BON  DE LIVRAISON\nLes livraisons  doivent  comprendre  une fiche  palette  et \u00eatre accompagn\u00e9es  d'un bon de livraison\nindiquant  :\n\u2014 Nom  de la liste  de candidats\n\u2014 Nom  du candidat  t\u00eate  de liste\nNombre  de palettes  (ex : 1/2 2/2).\n\u2014 Quantit\u00e9  par palette\n\u2014 Type  de documents\ne Circulaires  \u00c9lecteurs\ne Bulletins  de vote  \u00c9lecteurs\ne Bulletins  de vote  Colisage  Mairie\nP CRIT\u00c8RES  DE CONDITIONNEMENT  |\nEnvois  Bulletins  de vote\n> MAIRIE  (COLISAGE)\navec  fiche  palettes  palettes\ncandidats  par  palettes> Mise  en carton  sur|>  Mise  en carton  sur palette\npalette  80  x 120 identifi\u00e9  |80  x 120 identifi\u00e9  avec  fiche\n> Une  seule  liste  de|(>  Une  seule  liste  de\ncandidats  par palettes\n> Conditionn\u00e9s  par\npaquets  bien  talonn\u00e9s  de\n1000  ex avec  un \u00e9lastique\nou lien  papier  uniquement\n(sans  film  r\u00e9tractable  et\nsans  intercalaire)\n> FILMER  la palette  +\nCERCLAGE  plastiquecirculairesCOIFFE  RIGIDE\nMACULE  ENTRE  COUCHES\nEnvois  circulaires  et\nbulletins  de votes  FICHE  PALETTE\n> \u00c9LECTEURS  OBLIGATOIRE\nCERCLAGE  PLASTIQUE\nE COINS  CARTON  HAUTEUR\n> Ne pas  m\u00e9langer  sur une  AUX 4 ANGLES  1,20  m MAXI\nm\u00e9me  palette  les BV et les\n> Conditionn\u00e9s  par  paquets\nbien  talon'nes_de  1000  ex MACULE  CARTON  ENTRE\navec  un \u00e9lastique  ou lien  PALETTE  ET DOCUMENTS\npapier  uniquement  (sans  film\nr\u00e9tractable  et sans\nintercalaire)\n> FILMER  la palette  +\nCERCLAGE  plastiqueLe filmage  de la palette  devra assurer  le maintien  des documents  lors du transport  (4 coins carton  \u00e0\nfilmer  avec  la palette)\nAjouter  la mention  \u00ab NE PAS GERBER  \u00bb (sur au moins  2 faces  de la palette)\n1\n\nPREFET  Direction  de la coordination\nDU VAR  des politiques  publiques\nLibert\u00e9  et de l'appui  territorial\nEgalist  Mission  de coordination  interminist\u00e9rielleFraternit\u00e9\nARR\u00caT\u00c9  PREFECTORAL  n\u00b0 2024/  05 /MCI  du {5 FEV, 2024\nportant  d\u00e9l\u00e9gation  de signature  a M. Jean-Marie  SANCHEZ\ndirecteur  d\u00e9partemental  adjoint  de la protection  des populations  du Var\nassurant  I'int\u00e9rim  du directeur  d\u00e9partemental\nLe Pr\u00e9fet  du Var,\nOfficier  de la L\u00e9gion  d'Honneur,\nVu le code  de commerce,  le code  de la consommation,  le code  rural  et de la p\u00eache\nmaritime,  le code  de l'environnement,  le code  de la sant\u00e9  publique  ;\nVu la loi n\u00b0 83-8  du 7 janvier  1983  relative  \u00e0 la r\u00e9partition  de comp\u00e9tences  entre  les\ncommunes,  les d\u00e9partements,  les r\u00e9gions  et l'Etat  ;\nVu la loi d'orientation  n\u00b0 92-125  du 6 f\u00e9vrier  1992  modifi\u00e9e  relative  \u00e0 l'administration\nterritoriale  de la R\u00e9publique  ;\nVu la loi n\u00b0 2004-809  du 13 ao\u00fbt  2004  relative  aux libert\u00e9s  et responsabilit\u00e9s  locales  ;\nVu le d\u00e9cret  n\u00b0 97-34  du 15 janvier  1997  modifi\u00e9  relatif  \u00e0 la d\u00e9concentration  des\nd\u00e9cisions  administratives  individuelles  ;\nVu le d\u00e9cret  n\u00b0 2004-374  du 29 avril  2004  modifi\u00e9  relatif  aux pouvoirs  des pr\u00e9fets,  \u00e0\nl'organisation  et \u00e0 l'action  des services  de l'Etat  dans  les r\u00e9gions  et d\u00e9partements  ;\nVu le d\u00e9cret  n\u00b0 2009-360  du 31 mars  2009  modifi\u00e9  relatif  aux emplois  de direction  de\nl'administration  territoriale  de l'Etat  ;\nVu le d\u00e9cret  n\u00b0 2009-1484  du 3 d\u00e9cembre  2009  modifi\u00e9  relatif  aux directions\nd\u00e9partementales  interminist\u00e9rielles  ;\nVu le d\u00e9cret  n\u00b0 2011-184  du 15 f\u00e9vrier  2011  modifi\u00e9,  relatif  aux comit\u00e9s  techniques  dans\nles administrations  et les \u00e9tablissements  publics  de l'\u00e9tat\nVu le d\u00e9cret  n\u00b0 2015-510  du 7 mai 2015  portant  charte  de la d\u00e9concentration  ;\nVu le d\u00e9cret  du Pr\u00e9sident  de la R\u00e9publique  du 15 avril  2022  portant  nomination  de\nM. Lucien  GIUDICELLI,  secr\u00e9taire  g\u00e9n\u00e9ral  de la pr\u00e9fecture  du Var, sous-pr\u00e9fet  de\nl'arrondissement  de Toulon  ;\n1/3\n\nVu le d\u00e9cret  du Pr\u00e9sident  de la R\u00e9publique  du 13 juillet  2023  portant  nomination  de\nM. Philippe  MAHE,  pr\u00e9fet  du Var  ;\nVu l'arr\u00eat\u00e9  du premier  ministre  du 19 d\u00e9cembre  2018  portant  nomination  de M. Jean-\nMarie  SANCHEZ  directeur  d\u00e9partemental  adjoint  de la protection  des populations  et\nl'arr\u00eat\u00e9  du 28 d\u00e9cembre  2023  du minist\u00e8re  de l'Int\u00e9rieur  et des Outre-mer  portant\nrenouvellement  dans  ses fonctions  de M Jean-Marie  SANCHEZ,  \u00e0 compter  du 1* janvier\n2024  pour  une  dur\u00e9e  d''un  an ;\nVu l'arr\u00eat\u00e9  minist\u00e9riel  en date  du 31 mars  2011  portant  d\u00e9concentration  des d\u00e9cisions\nrelatives  \u00e0 la situation  individuelle  des fonctionnaires  et agents  non  titulaires  exer\u00e7ant\nleurs  fonctions  dans  les directions  d\u00e9partementales  interminist\u00e9rielles  ;\nVu l'arr\u00eat\u00e9  pr\u00e9fectoral  n\u00b0 2021-011  en date  du 27 janvier  2021  portant  organisation  de la\ndirection  d\u00e9partementale  de la protection  des populations  du Var ;\nVu l'arr\u00eat\u00e9  pr\u00e9fectoral  n\u00b02023/64/MCI  du 21 ao\u00fbt  2023  portant  d\u00e9l\u00e9gation  de signature  \u00e0\nMadame  Laure  FLORENT,  directrice  d\u00e9partementale  de la protection  des populations\ndu Var  ;\nVu l'arr\u00eat\u00e9  du minist\u00e8re  de l'Agriculture  et de la Souverainet\u00e9  alimentaire\nn\u00b0'AGRO00051807473  du 17 janvier  2024  portant  r\u00e9int\u00e9gration  suite  \u00e0 d\u00e9tachement  de\nMme  Laure  FLORENT  CODIS  ;\nConsid\u00e9rant  la vacance  de poste  temporaire  de directeur  d\u00e9partemental  de la\nprotection  des populations  du Var et la p\u00e9riode  d'int\u00e9rim  de direction  exerc\u00e9e  par\nM. Jean-Marie  SANCHEZ,  directeur  d\u00e9partemental  adjoint  de la protection  des\npopulations  ;\nSur proposition  du secr\u00e9taire  g\u00e9n\u00e9ral  de la pr\u00e9fecture  ;\nARRETE:\nARTICLE  1\u00b0\" : D\u00e9l\u00e9gation  de signature  est donn\u00e9e  \u00e0 M. Jean-Marie  SANCHEZ,  en qualit\u00e9\nde directeur  d\u00e9partemental  adjoint  de la protection  des populations  du Var,  assurant\nl'int\u00e9rim  du directeur  d\u00e9partemental,  \u00e0 l'effet  de signer  les d\u00e9cisions  et actes  en mati\u00e8re\nde gestion  des personnels  plac\u00e9s  sous  son autorit\u00e9.\nARTICLE  2 : D\u00e9l\u00e9gation  de signature  est \u00e9galement  donn\u00e9e  \u00e0 M. Jean-Marie  SANCHEZ,\nen qualit\u00e9  de directeur  d\u00e9partemental  adjoint  de la protection  des populations  du Var,\n\u00e0 l'effet  de signer  tous  actes,  documents  administratifs,  rapports,  conventions,\ncertificats,  correspondances,  relevant  des missions  et attributions  de sa direction\nd\u00e9crites  dans  l'arr\u00eat\u00e9  pr\u00e9fectoral  du 27 janvier  2021  susvis\u00e9,  \u00e0 l'exception  :\n- des  actes  \u00e0 port\u00e9e  r\u00e9glementaire  ;\n- des actes  d\u00e9favorables  faisant  grief  \u00e0 des tiers,  notamment  les sanctions\nadministratives,  suspensions,  annulations,  retraits  d'agr\u00e9ment  ou d'autorisation  ;\n2/3\n\n- des arr\u00e9t\u00e9s  portant  nomination  des membres  de commissions  et comit\u00e9s\nd\u00e9partementaux  ;\n- des arr\u00eat\u00e9s  d'ouverture  d'enqu\u00eates  publiques  et tous  arr\u00eat\u00e9s  subs\u00e9quents  ;\n- des autorisations  dans  le domaine  des installations  class\u00e9es  pour  l'environnement  ;\n- des circulaires  aux maires  et aux collectivit\u00e9s  territoriales  ;\n- de toutes  correspondances  adress\u00e9es  aux cabinets  minist\u00e9riels  ainsi  que celles\nadress\u00e9es  aux  administrations  centrales  ;\n- de toutes  correspondances  adress\u00e9es  au pr\u00e9fet  de r\u00e9gion  ;\n- de toutes  correspondances  adress\u00e9es  aux pr\u00e9sidents  des assembl\u00e9es  r\u00e9gionale  et\nd\u00e9partementale  ainsi  que les r\u00e9ponses  aux interventions  des parlementaires  et des\nconseillers  d\u00e9partementaux  lorsqu'elles  portent  sur des comp\u00e9tences  relevant  de I' \u00c9tat  ;\n- des actes  portant  constitution  et composition  des comit\u00e9s  et commissions  institu\u00e9es\npar des  textes  l\u00e9gislatifs  ou r\u00e9glementaires  ;\n- des requ\u00eates,  des d\u00e9f\u00e9r\u00e9s,  m\u00e9moires  et d\u00e9clinatoires  de comp\u00e9tence  aupr\u00e8s  des\ndiff\u00e9rentes  juridictions.\nARTICLE  3 : D\u00e9l\u00e9gation  de signature  est toutefois  donn\u00e9e  \u00e0 M. Jean-Marie  SANCHEZ,  en\nqualit\u00e9  de directeur  d\u00e9partemental  adjoint  de la protection  des populations  du Var, \u00e0\nl'effet  de signer  les actes  d\u00e9favorables  faisant  grief  \u00e0 des tiers  en ce qui concerne\nseulement  :\n- les sanctions  administratives  relatives  aux non-conformit\u00e9s  \u00e0 la r\u00e9glementation  \u00e9tablies\npar un essai  ou une analyse  dans  le cas de pr\u00e9l\u00e8vement  effectu\u00e9  en recherche\nd'infraction  comme  le dispose  l'article  L531-6  du code  de la consommation  ;\n- les mises  sous  surveillance  des animaux  de compagnie  ou de rente  comme  le dispose\nI'article  L201-4  du code  rural  et de la p\u00eache  maritime  ainsi  que ses d\u00e9crets  et arr\u00eat\u00e9s\nd'application,  lors d'introductions  non conformes  sur le territoire  m\u00e9tropolitain  de\ncarnivores  en provenance  de pays  tiers  ou de l'union  europ\u00e9enne  ou lors de suspicion\nde dangers  sanitaires  de premi\u00e8re  ou deuxi\u00e8me  cat\u00e9gorie  au sens  de l'article  L201-  du\ncode  pr\u00e9cit\u00e9.\nARTICLE  4 : Dans  le cadre  de ses attributions  et comp\u00e9tences,  d\u00e9l\u00e9gation  de signature\nest donn\u00e9e  \u00e0 M. Jean-Marie  SANCHEZ,  en qualit\u00e9  de directeur  d\u00e9partemental  adjoint  de\nla protection  des populations  du Var, \u00e0 l'effet  de d\u00e9finir  par arr\u00eat\u00e9  pris en mon  nom,  la\nliste de ses subordonn\u00e9s  habilit\u00e9s  \u00e0 signer  les actes  \u00e0 sa place,  si il est lui-m\u00eame  absent\nou emp\u00each\u00e9.\nARTICLE  5 : L'arr\u00eat\u00e9  pr\u00e9fectoral  n\u00b02023/64/MCI  du 21 ao\u00fbt  2023  portant  d\u00e9l\u00e9gation  de\nsignature  \u00e0 Madame  Laure  FLORENT,  directrice  d\u00e9partementale  de la protection  des\npopulations  du Var,  est abrog\u00e9.  '\nARTICLE  6 : Le secr\u00e9taire  g\u00e9n\u00e9ral  de la pr\u00e9fecture  du Var et le directeur  d\u00e9partemental\nadjoint  de la protection  des populations  du Var, assurant  l'int\u00e9rim  du directeur\nd\u00e9partemental,  sont  charg\u00e9s,  chacun  en ce qui le concerne,  de l'ex\u00e9cution  du pr\u00e9sent\narr\u00eat\u00e9  qui sera publi\u00e9  au recueil  des actes  administratifs  de la pr\u00e9fecture  du Var.\nFait  \u00e0 Toulon  e __\nPhilippe  MAHE\n3/3\n\nPREFET  Direction  de la coordination\nDU  VAR  des  politiques  publiques\nLibert\u00e9  et de l'appui  territorial\u00c9galit\u00e9  Mission  de coordination  interminist\u00e9rielle Fraternit\u00e9\nARR\u00caT\u00c9  PR\u00c9FECTORAL  n\u00b0 2024/  06 /MCI  du cl 5 {EV.  2024\nportant  d\u00e9l\u00e9gation  de signature  \u00e0 M. Jean-Marie  SANCHE\ndirecteur  d\u00e9partemental  adjoint  de la protection  des  populations  du Var\npour  l'ordonnancement  secondaire  des  recettes  et des  d\u00e9penses  imput\u00e9es  sur le budget\nde l'\u00c9tat  et pour  les march\u00e9s  publics  et les accords-cadres  pass\u00e9s  par  sa direction,\nassurant  l'int\u00e9rim  du directeur  d\u00e9partemental\nLe Pr\u00e9fet  du Var,\nOfficier  de la L\u00e9gion  d'Honneur,\nVu le code  des  march\u00e9s  publics  ;\nVu la loi n\u00b0 82-213  du 2 mars  1982  modifi\u00e9e,  relative  aux  droits  et libert\u00e9s  des  communes,  des\nd\u00e9partements  et des  r\u00e9gions  ;\nVu la loi d'orientation  n\u00b0 92-125  du 6 f\u00e9vrier  1992  modifi\u00e9e  relative  \u00e0 l'administration\nterritoriale  de la R\u00e9publique  ;\nVu la loi organique  n\u00b0 2001-692  du 1* ao\u00fbt  2001  relative  aux  lois  de finances  ;\nVu la loi n\u00b0 2004-809  du 13 ao\u00fbt  2004  modifi\u00e9e  relative  aux  libert\u00e9s  et responsabilit\u00e9s  locales  ;\nVu le d\u00e9cret  n\u00b0 2004-374  du 29 avril  2004  modifi\u00e9  relatif  aux  pouvoirs  des  pr\u00e9fets,  \u00e0\nl'organisation  et \u00e0 I'action  des  services  de l'\u00c9tat  dans  les r\u00e9gions  et d\u00e9partements  ;\nVu le d\u00e9cret  n\u00b0 2009-1484  du 3 d\u00e9cembre  2009  modifi\u00e9  relatif  aux  directions  d\u00e9partementales\ninterminist\u00e9rielles  ;\nVu le d\u00e9cret  n\u00b0 2012-1246  du 7 novembre  2012  modifi\u00e9  relatif  \u00e0 la gestion  budg\u00e9taire  et\ncomptable  publique  ;\nVu le d\u00e9cret  n\u00b0 20121247  du 7 novembre  2012  modifi\u00e9  portant  adaptation  de divers  textes\naux  nouvelles  r\u00e8gles  de la gestion  budg\u00e9taire  et comptable  publique  ;\nVu le d\u00e9cret  n\u00b0 2015-510  du 7 mai  2015  portant  charte  de la d\u00e9concentration  ;\nVu le d\u00e9cret  n\u00b0 2020-99  du 7 f\u00e9vrier  2020  relatif  \u00e0 l'organisation  et aux  missions  des\nsecr\u00e9tariats  g\u00e9n\u00e9raux  communs  d\u00e9partementaux  ;\n1/4\n\nVu le d\u00e9cret  du Pr\u00e9sident  de la R\u00e9publique  du 15 avril  2022,  portant  nomination  de M. Lucien\nGIUDICELLI,  secr\u00e9taire  g\u00e9n\u00e9ral  de la pr\u00e9fecture  du Var,  sous-pr\u00e9fet  de l'arrondissement  de\nToulon  ;\nVu le d\u00e9cret  du Pr\u00e9sident  de la R\u00e9publique  du 13 juillet  2023  portant  nomination  de\nM. Philippe  MAHE,  pr\u00e9fet  du Var  ;\nVu l'arr\u00e9t\u00e9  du premier  ministre  du 19 d\u00e9cembre  2018  portant  nomination  de M. Jean-Marie\nSANCHEZ  directeur  d\u00e9partemental  adjoint  de la protection  des  populations  et l'arr\u00eat\u00e9  du 28\nd\u00e9cembre  2023  du minist\u00e8re  de l'Int\u00e9rieur  et des  Outre-mer  portant  renouvellement  dans  ses\nfonctions  de M Jean-Marie  SANCHEZ,  \u00e0 compter  du 1\" janvier  2024  pour  une  dur\u00e9e  d'un  an ;\nVu l'arr\u00e9t\u00e9  du ministre  de l''\u00e9conomie  et des  finances  du 21 d\u00e9cembre  1982  modifi\u00e9  portant\nr\u00e8glement  de comptabilit\u00e9  publique  pour  la d\u00e9signation  des  ordonnateurs  secondaires  et de\nleurs  d\u00e9l\u00e9gu\u00e9s  ;\nVu larr\u00e9t\u00e9  du 30 d\u00e9cembre  2008  portant  r\u00e8glement  de comptabilit\u00e9  du minist\u00e8re  de\nI'agriculture  et de la p\u00eache  pour  la d\u00e9signation  des  ordonnateurs  secondaires  et de leurs\nd\u00e9l\u00e9gu\u00e9s  ;\nVu l'arr\u00eat\u00e9  pr\u00e9fectoral  n\u00b0 2021-011  en date  du 27 janvier  2021  portant  organisation  de la\ndirection  d\u00e9partementale  de la protection  des  populations  du Var  ;\nVu l'arr\u00eat\u00e9  n\u00b0 2023/101/MCI  du 9 octobre  2023  portant  d\u00e9l\u00e9gation  de signature  \u00e0 Mme  Laure\nFLORENT,  directrice  d\u00e9partementale  de la protection  des  populations  du Var,  pour\nl'ordonnancement  secondaire  'en qualit\u00e9  d'ordonnateur  secondaire  des  recettes  et des\nd\u00e9penses  imput\u00e9es  sur le budget  de I'Etat  et pour  les march\u00e9s  publics  et les accords-cadres\npass\u00e9s  par  sa direction  ;\nVu l'arr\u00eat\u00e9  du minist\u00e8re  de l'Agriculture  et de la Souverainet\u00e9  alimentaire  n\u00b0'AGRO00051807473\ndu 17 janvier  2024  portant  r\u00e9int\u00e9gration  suite  \u00e0 d\u00e9tachement  de Mme  Laure  FLORENT\nCODIS  ;\nConsid\u00e9rant  la vacance  de poste  temporaire  de directeur  d\u00e9partemental  de la protection\ndes  populations  et la p\u00e9riode  d'int\u00e9rim  de direction  exerc\u00e9e  par  M SANCHEZ,  directeur\nd\u00e9partemental  adjoint  de la protection  des  populations  ;\nSur  proposition  du secr\u00e9taire  g\u00e9n\u00e9ral  de la pr\u00e9fecture.\nARRETE:\nARTICLE  1\" : D\u00e9l\u00e9gation  de signature  est donn\u00e9e  \u00e0 M. Jean-Marie  SANCHEZ  directeur\nd\u00e9partemental  adjoint  de la protection  des  populations  du Var,  assurant  l'int\u00e9rim  du\ndirecteur  d\u00e9partemental,  pour  proc\u00e9der  \u00e0 l'ordonnancement  secondaire  des  recettes  et des\nd\u00e9penses  de I'Etat  relevant  des attributions  et du fonctionnement  de sa direction  et\nimput\u00e9es  sur les programmes  suivants  :\n2/4\n\nMinist\u00e8re  Programme\n\u00c9conomie  134 - d\u00e9veloppement  des entreprises  et de\nl'emploi,  hors  d\u00e9penses  d'action  sociale\nAgriculture,  p\u00eache,  alimentation,  for\u00eat  et | 206  - s\u00e9curit\u00e9  et qualit\u00e9  sanitaires  de\naffaires  rurales  l'alimentation,  hors  d\u00e9penses  d'action  sociale\nAgriculture,  p\u00eache,  alimentation,  for\u00e9t  et 362  \u2014 05 transition  agricole\naffaires  rurales\nT\nTransition  \u00e9cologique  | 113 - 07 paysages,  eau  et biodiversit\u00e9\nCette  d\u00e9l\u00e9gation  porte  sur l'engagement,  la liquidation  et le mandatement  des  d\u00e9penses,\nainsi  que  sur l'\u00e9mission  et la signature  des  titres  de recettes.\nARTICLE  2 : Pour  ce qui  concerne  les programme  sus-vis\u00e9s,  demeurent  r\u00e9serv\u00e9s  \u00e0 la signature\ndu pr\u00e9fet  :\n- les conventions  financi\u00e8res  et les d\u00e9cisions  attributives  de subventions  de fonctionnement\nd'un  montant  sup\u00e9rieur  \u00e0 30 000  \u20ac ;\n-les  actes  attributifs  de subvention  d'investissement  de l'\u00c9tat  quel  qu'en  soit  le montant  ;\n- les ordres  de r\u00e9quisition  du comptable  public  ;\n- en cas  d'avis  pr\u00e9alable  d\u00e9favorable  de l'autorit\u00e9  charg\u00e9e  du contr\u00f4le  financier,  le courrier\ninformant  cette  autorit\u00e9,  des  motifs  de la d\u00e9cision  de ne pas  se conformer  \u00e0 l'avis  donne\n- les d\u00e9cisions  de passer  outre.\nARTICLE  3: Un compte-rendu  d'utilisation  des  cr\u00e9dits  sera  adress\u00e9  au Pr\u00e9fet.  Toute\nr\u00e9allocation  de moyens  effectu\u00e9e  en cours  d'exercice,  exc\u00e9dant  10 % de la r\u00e9partition\ninitialement  op\u00e9r\u00e9e,  sera  soumise  \u00e0 son  avis  pr\u00e9alable.\nARTICLE  4: Les conditions  d'information  et d'ex\u00e9cution  dans  lesquelles  s'exercera  la\nd\u00e9l\u00e9gation  sont  les suivantes  :\nLes services  sont  charg\u00e9s  d'\u00e9laborer,  sous  l'autorit\u00e9  du pr\u00e9fet,  une  proposition  de budget\nindiquant  les activit\u00e9s  qu'ils  se proposent  de mener  et l'enveloppe  budg\u00e9taire  associ\u00e9e  pour\nla mise  en \u0153uvre  du BOP.\nAfin  d'assurer  un suivi  de la gestion  d\u00e9l\u00e9gu\u00e9e,  seront  transmis  au secr\u00e9taire  g\u00e9n\u00e9ral  de la\npr\u00e9fecture  charg\u00e9e  de l'administration  de l'Etat  dans  le d\u00e9partement  du Var  :\n= copie  des  lettres  de cadrages  adress\u00e9es  par  le responsable  de BOP,  dans  le cas  o\u00f9\nelles  ne seraient  pas  adress\u00e9es  sous  son  couvert  ;\n= la proposition  du budget  concernant  chaque  unit\u00e9  op\u00e9rationnelle  sera  transmise  au\nresponsable  de BOP,  sous  couvert  du pr\u00e9fet  ;\n= le tableau  pr\u00e9visionnel  des  op\u00e9rations  qui seront  propos\u00e9es  \u00e0 la programmation  au\ncours  de I'exercice  dans  le cadre  de l'unit\u00e9  op\u00e9rationnelle  concern\u00e9e.\n3/4\n\nARTICLE  5 : D\u00e9l\u00e9gation  de signature  est donn\u00e9e  \u00e0 M. Jean-Marie  SANCHEZ  \u00e0 l'effet  de signer\nles march\u00e9s  publics,  les accords-cadres  de travaux,  fournitures  ou services  et tous  les actes\nd\u00e9volus  au pouvoir  adjudicateur  pour  les march\u00e9s  et accords-cadres  pour  les affaires  relevant\ndes  minist\u00e9res,  hors  d\u00e9penses  d'action  sociale  :\n= \u00c9conomie  - Programme  134 - d\u00e9veloppement  des entreprises  et de I'emploi  ;\n= Agriculture,  p\u00eache,  alimentation,  for\u00e9t  et affaires  rurales  - Programmes  206  - s\u00e9curit\u00e9\net qualit\u00e9  sanitaires  de l'alimentation  ;\n= Agriculture,  p\u00eache,  alimentation,  for\u00e9t  et affaires  rurales  - Programmes  362-05  -\nTransition  agricole  \u2014- Volet  B des  mesures  04 et 12 du plan  de relance  \u00e0 comp\u00e9tence\nd\u00e9partementale  ;\n# Transition  \u00e9cologique  - Programme  113 - paysages,  eau  et biodiversit\u00e9  \u2014- Axe\nminist\u00e9riel.\nARTICLE  6 : M. Jean-Marie  SANCHEZ,  par arr\u00eat\u00e9  pris  au nom  du pr\u00e9fet  et publi\u00e9  au recueil  des\nactes  administratifs  de la pr\u00e9fecture,  d\u00e9finira  la liste  de ses subordonn\u00e9s  habilit\u00e9s  \u00e0 signer  les\nactes  \u00e0 sa place.  La signature  des  agents  ainsi  habilit\u00e9s  devra  \u00eatre  accr\u00e9dit\u00e9e  aupr\u00e8s  du\ncomptable  assignataire.\nARTICLE  7 : L'arr\u00eat\u00e9  n\u00b0 2023/101/MCI  du 9 octobre  2023  portant  d\u00e9l\u00e9gation  de signature  \u00e0\nMme  Laure  FLORENT,  directrice  d\u00e9partementale  de la protection  des  populations  du Var,\npour  I'ordonnancement  secondaire  en qualit\u00e9  d'ordonnateur  secondaire  des  recettes  et des\nd\u00e9penses  imput\u00e9es  sur le budget  de l'\u00c9tat  et pour  les march\u00e9s  publics  et les accords-cadres\npass\u00e9s  par  sa direction  est abrog\u00e9.\nARTICLE  8: Le secr\u00e9taire  g\u00e9n\u00e9ral  de la pr\u00e9fecture  du Var  et le directeur  d\u00e9partemental\nadjoint  de la protection  des  populations  du Var,  assurant  l'int\u00e9rim  du directeur\nd\u00e9partemental,  sont  charg\u00e9s,  chacun  en ce qui le concerne,  de I'ex\u00e9cution  du pr\u00e9sent  arr\u00eat\u00e9\nqui sera  publi\u00e9  au recueil  des  actes  administratifs  de la pr\u00e9fecture  du Var  et dont  copie  sera\nadress\u00e9e  aux  directeurs  des  finances  publiques  du Var  et des  Bouches-du-Rh\u00f4ne  ainsi  qu'au\ndirecteur  r\u00e9gional  des  finances  publiques  de Provence-Alpes-C\u00f4te  d'Azur.\nFait  \u00e0 Toulon,  le\nPhilippe  MAHE\n4/4\n\nPREFET  Direction  d\u00e9partementaleDU VAR  t\nLibert\u00e9  des territoires  et de la mer du Var\n\u0391\u00ce\u00cf\u00cf\u00cb\u00cbM  Mission  ing\u00e9nierie  de crise,  s\u00e9curit\u00e9s,\nd\u00e9fense,  transport  et pr\u00e9vention\nARR\u00caT\u00c9  PREFECTORAL  n\u00b0 DDTM/MICSDTP/T\u00c9L\u00c9PH\u00c9RIQUE-TOULON/2024-01  du 1 4 FEV, 2024\nportant  approbation  des  orientations  du Syst\u00e8me  de Gestion  de la S\u00e9curit\u00e9  du t\u00e9l\u00e9ph\u00e9rique\ndu Faron  \u00e0 Toulon  (83000),  exploit\u00e9  par  la R\u00e9gie  d'Exploitation  D\u00e9veloppement  des\nInstallations  touristiques  du Mont  Faron  (REDIF).\nLe pr\u00e9fet  du Var,\nOfficier  de la L\u00e9gion  d'Honneur,\nVu le Code  du tourisme,  notamment  ses articles  R. 342-12  et R. 342-1211  ;\nVu le d\u00e9cret  n\u00b0 2010-1580  du 17 d\u00e9cembre  2010  relatif  au service  technique  des  remont\u00e9es\nm\u00e9caniques  et des  transports  guid\u00e9s  (STRMTG)  ;\nVu le d\u00e9cret  n\u00b0 2016-29  du 19 janvier  2016  relatif  \u00e0 la s\u00e9curit\u00e9  des  remont\u00e9es  m\u00e9caniques  et\ntapis  roulants  en zone  de montagne  ;\nVu I'arr\u00e9t\u00e9  minist\u00e9riel  du 12 avril  2016  relatif  au Syst\u00e8me  de Gestion  de la S\u00e9curit\u00e9  pr\u00e9vu  \u00e0\nl'article  R. 342-12  du Code  du tourisme  ;\nVu l'arr\u00eat\u00e9  minist\u00e9riel  du 20 f\u00e9vrier  2023  relatif  \u00e0 la restriction  de l'usage  d'appareils  mobiles\npour  certains  personnels  des  syst\u00e8mes  de transport  public  guid\u00e9  et des  remont\u00e9es\nm\u00e9caniques  relevant  du Code  du tourisme  ;\nVu la circulaire  du 6 juillet  2011  relative  \u00e0 l'organisation  du contr\u00f4le  des  syst\u00e8mes  de\ntransports  et de l'instruction  des  dossiers  entre  le STRMTG,  les pr\u00e9fets  et leurs  services\ninstructeurs,  en application  du d\u00e9cret  du 17 d\u00e9cembre  2010  ;\nVu le guide  technique  du STRMTG  / RM-SGS1  relatif  au contenu  du Syst\u00e8me  de Gestion  de la\nS\u00e9curit\u00e9  pour  les exploitants  de remont\u00e9es  m\u00e9caniques  en zone  de montagne  ;\nVu le document  d'orientation  du Syst\u00e8me  de Gestion  de la S\u00e9curit\u00e9  de I'exploitant  : \u00ab R\u00e9gie\nd'Exploitation  D\u00e9veloppement  des  Installations  touristiques  du Mont  Faron  (REDIF)  \u00bb, version\n6 en date  du 15 f\u00e9vrier  2023,  re\u00e7u  le 21 septembre  2023,  int\u00e9grant  notamment  les dispositions\nr\u00e9glementaires  de l'arr\u00eat\u00e9  du 20 f\u00e9vrier  2023  relatif  \u00e0 la restriction  de l'usage  d'appareils\nmobiles  pour  certains  personnels  des  syst\u00e8mes  de transport  public  guid\u00e9  et des  remont\u00e9es\nm\u00e9caniques  relevant  du Code  du tourisme  ;\nVu le d\u00e9cret  du Pr\u00e9sident  de la R\u00e9publique  en date  du 13 juillet  2023  portant  nomination  de\nMonsieur  Philippe  MAH\u00c9,  pr\u00e9fet  du Var,  \u00e0 compter  du 21 ao\u00fbt  2023  ;\n1/2\n\nVu le d\u00e9cret  du Pr\u00e9sident  de la r\u00e9publique  en date  du 15 avril  2022  portant  nomination  de\nMonsieur  Lucien  GIUDICELLI,  secr\u00e9taire  g\u00e9n\u00e9ral  de la pr\u00e9fecture  du Var,  sous-pr\u00e9fet  de\nl'arrondissement  de Toulon  ;\nVu l'arr\u00e9t\u00e9  pr\u00e9fectoral  n\u00b0 2023/63/MCI  du 21 ao\u00fbt  2023,  portant  d\u00e9l\u00e9gation  de signature  \u00e0\nMonsieur  Laurent  BOULET,  directeur  d\u00e9partemental  des  territoires  et de la mer  du Var  ;\n\" Vu l'avis  favorable  du Service  technique  des  remont\u00e9es  m\u00e9caniques  et des  transports  guid\u00e9s  \u2014\nBureau  des  Alpes  du Sud  en date  du 10 janvier  2024  ;\nConsid\u00e9rant  que  les orientations  du Syst\u00e8me  de Gestion  de la S\u00e9curit\u00e9  du t\u00e9l\u00e9ph\u00e9rique  du\nFaron  \u00e0 Toulon,  pr\u00e9sent\u00e9es  par l'exploitant,  sont  de nature  \u00e0 garantir  la s\u00e9curit\u00e9  des  usagers,\ndes  personnels  et des  tiers,  pendant  toute  la dur\u00e9e  de I'exploitation  de ses installations  ;\nSur  proposition  du directeur  d\u00e9partemental  des  territoires  et de la mer  du Var  ;\nArticle  1 : Le document  d'orientation  du Syst\u00e8me  de Gestion  de la S\u00e9curit\u00e9  du t\u00e9l\u00e9ph\u00e9rique\ndu Faron  \u00e0 Toulon  (83000)  pr\u00e9sent\u00e9  par  l'exploitant  : \u00ab R\u00e9gie  d'Exploitation  D\u00e9veloppement\ndes  Installations  touristiques  du Mont  Faron  (REDIF)  \u00bb est approuv\u00e9.\nArticle  2 : Le secr\u00e9taire  g\u00e9n\u00e9ral  de la pr\u00e9fecture  du Var,  le maire  de la commune  de Toulon,  le\ndirecteur  d\u00e9partemental  des  territoires  et de la mer  du Var  et l'exploitant  du t\u00e9l\u00e9ph\u00e9rique  du\nFaron  sont  charg\u00e9s,  chacun  en ce qui le concerne,  de l'ex\u00e9cution  du pr\u00e9sent  arr\u00eat\u00e9  qui sera\npubli\u00e9  au recueil  des  actes  administratifs  de la pr\u00e9fecture  du Var  et notifi\u00e9  \u00e0 l'exploitant.\nFait  \u00e0 Toulon,  le 4 4 FEV,  2024\nPhilippe  MA\nDans  un d\u00e9lai  de deux  mois  \u00e0 compter  de la date  de la notification  ou de la publication  du pr\u00e9sent  arr\u00eat\u00e9  au recueil  des  actes\ndministratifs  de la pr\u00e9fecture,  les recours  suivants  peuvent  \u00e9tre  introduits  conform\u00e9ment  aux  dispositions  des  articles  R. 421-1  et|\nsuivants'du  Code  de justice  administrative  :\nF Un recours  gracieux,  adress\u00e9  \u00e0 :\nM. le Pr\u00e9fet  du Var  - Boulevard  du 112\u00b0TM  r\u00e9giment  d'infanterie  - CS 31209  - 83 070  TOULON  CEDEX\n+ Un recours  hi\u00e9rarchique,  adress\u00e9  au(x)  ministre(s)  concern\u00e9(s)  ;\nDans  ces  deux  cas,  le silence  de l'Administration  vaut  rejet  implicite  au terme  d'un  d\u00e9lai  de deux  mois.\nlApr\u00e8s  un recours  gracieux  ou hi\u00e9rarchique,  le d\u00e9lai  du recours  contentieux  ne court  qu'\u00e0  compter  du rejet  explicite  ou implicite\nde l'un  de ces  recours.\nF Un recours  contentieux,  en saisissant  le Tribunal  Administratif  de Toulon  par voie  postale  (5 rue Racine  \u2014- BP 40510  - 83041\n[TOULON  CEDEX)  ou par l'application  informatique  \"T\u00e9l\u00e9recours  citoyens\"  accessible  par le site  internet  www.telerecours.fr\n2/2\n\nzEg .\nLibert\u00e9  \u00ab \u00c9galit\u00e9  \u00bb Fraternit\u00e9\nR\u00c9PUBLIQUE  FRAN\u00c7AISE\nR\u00e9c\u00e9piss\u00e9  de d\u00e9claration\nd'un  organisme  de services  \u00e0 la personne\nenregistr\u00e9  sous  le N\u00b0 SAP983513011\nVu le code  du travail  et notamment  les articles  L.7231-1  \u00e0 L.7233-2,  R.7232-16  \u00e0 R.7232-22,  D.7231-1  et\nD.7233-1  \u00e0 D.7233-5  ;\nLe pr\u00e9fet  du Var\nConstate  :\nQu'une  d\u00e9claration  d'activit\u00e9s  de services  \u00e0 la personne  a \u00e9t\u00e9  d\u00e9pos\u00e9e  aupr\u00e8s  du service  instructeur\ndu Var,  le 08/02/24  par  Mme.  Robert  Amandine  en qualit\u00e9  de dirigeant(e),  pour  l'organisme  dont\nl'\u00e9tablissement  principal  est situ\u00e9  491  Avenue  Honor\u00e9  d'Estienne  d'Orves  83500  LA SEYNE-SUR-MER\net enregistr\u00e9  sous  le N\u00b0 SAP983513011  pour  les activit\u00e9s  suivantes  :\n\u00ab Entretien  de la maison  et travaux  m\u00e9nagers  (mode  d'intervention  Prestataire)\n\u00bb Pr\u00e9paration  de repas  \u00e0 domicile  (mode  d'intervention  Prestataire)\n\u00ab Collecte  et livraison  \u00e0 domicile  de linge  repass\u00e9  (mode  d'intervention  Prestataire)\n\u00ab Livraison  de courses  \u00e0 domicile  (mode  d'intervention  Prestataire)\n\u00ab Maintenance,  entretien  et vigilance  temporaires  \u00e0 domicile  (mode  d'intervention  Prestataire)\nToute  modification  concernant  les activit\u00e9s  exerc\u00e9es  devra  faire  l'objet  d'une  d\u00e9claration\nmodificative  pr\u00e9alable.\nSous  r\u00e9serve  d'\u00eatre  exerc\u00e9es  \u00e0 titre  exclusif  (ou  sous  r\u00e9serve  d'une  comptabilit\u00e9  s\u00e9par\u00e9e  pour  les\npersonnes  morales  dispens\u00e9es  de cette  condition),  ces  activit\u00e9s  ouvrent  droit  au b\u00e9n\u00e9fice  des\ndispositions  des  articles  L. 7233-2  du code  du travail  et L.241-10  du code  de la s\u00e9curit\u00e9  sociale  dans\nles conditions  pr\u00e9vues  par  ces  articles.\nLes effets  de la d\u00e9claration  courent  \u00e0 compter  du jour  du d\u00e9p\u00f4t  de la d\u00e9claration  sous  r\u00e9serve  des\ndispositions  de l'article  R.7232-18  du code  du travail.  Le pr\u00e9sent  r\u00e9c\u00e9piss\u00e9  n'est  pas  limit\u00e9  dans  le\ntemps.  La d\u00e9claration  a une  port\u00e9e  nationale.\nL'enregistrement  de la d\u00e9claration  peut  \u00eatre  retir\u00e9  dans  les conditions  fix\u00e9es  aux  articles  R.7232-\n20 \u00e0 R.7232-22  du code  du travail.  Le pr\u00e9sent  r\u00e9c\u00e9piss\u00e9  sera  publi\u00e9  au recueil  des  actes\nadministratifs  de la pr\u00e9fecture.  Le pr\u00e9sent  r\u00e9c\u00e9piss\u00e9  peut,  \u00e0 compter  de sa notification,  faire\nl'objet  d'un  recours  gracieux  aupr\u00e8s  service  instructeur  du Var  ou d'un  recours  hi\u00e9rarchique\nadress\u00e9  au ministre  charg\u00e9  de l'\u00e9conomie  - Direction  g\u00e9n\u00e9rale  des  entreprises  - sous-direction\ndes  services  marchands,  61 Boulevard  Vincent  Auriol,  75703  PARIS  CEDEX  13. Il peut  \u00e9galement\nfaire  l'objet  d'un  recours  contentieux  dans  un d\u00e9lai  de deux  mois  \u00e0 compter  de sa notification\naupr\u00e8s  du tribunal  administratif  de Toulon.\nLe tribunal  administratif  peut  aussi  \u00eatre  saisi  par  l'application  informatique  \u00ab T\u00e9l\u00e9recours  citoyen  \u00bb\naccessible  sur le site  internet  http://www.telerecours.fr/  En cas  de rejet  du recours  gracieux  ou\nhi\u00e9rarchique  ou en l'absence  de r\u00e9ponse  \u00e0 ce recours  (rejet  implicite),  un recours  contentieux  devant\nle tribunal  administratif  de Toulon  peut  \u00e9galement  \u00eatre  form\u00e9  contre  la d\u00e9cision  initiale  dans  un d\u00e9lai\nde deux  mois  \u00e0 compter  de ce rejet.\nFait  \u00e0 CS 31209  - 83070  TOULON  Cedex,  le\n\nR\u00c9PUBLIQUE  FRAN\u00c7AISE\nR\u00e9c\u00e9piss\u00e9  de d\u00e9claration\nd'un  organisme  de services  \u00e0 la personne\nenregistr\u00e9  sous  le N\u00b0 SAP830219895\nVu le code  du travail  et notamment  les articles  L.7231-1  \u00e0 L.7233-2,  R.7232-16  \u00e0 R.7232-22,  D.7231-1  et\nD.7233-1  \u00e0 D.7233-5  ;\nLe pr\u00e9fet  du Var\nConstate  :\nQu'une  d\u00e9claration  d'activit\u00e9s  de services  \u00e0 la personne  a \u00e9t\u00e9  d\u00e9pos\u00e9e  aupr\u00e8s  du service  instructeur\ndu Var,  le 07/02/24  par  Mme.  fanny  gomez  en qualit\u00e9  de dirigeant(e),  pour  l'organisme  dont\nl'\u00e9tablissement  principal  est situ\u00e9  546  chemin  des  puerats  83140  six fours  et enregistr\u00e9  sous  le N\u00b0\nSAP830219895  pour  les activit\u00e9s  suivantes  :\n\u00ab Entretien  de la maison  et travaux  m\u00e9nagers  (mode  d'intervention  Prestataire)\n\u00bb Pr\u00e9paration  de repas  \u00e0 domicile  (mode  d'intervention  Prestataire)\n\u00ab Livraison  de repas  \u00e0 domicile  (mode  d'intervention  Prestataire)\n\u00ab Collecte  et livraison  \u00e0 domicile  de linge  repass\u00e9  (mode  d'intervention  Prestataire)\n\u00ab Livraison  de courses  \u00e0 domicile  (mode  d'intervention  Prestataire)\n\u00ab Maintenance,  entretien  et vigilance  temporaires  \u00e0 domicile  (mode  d'intervention  Prestataire)\n\u00ab Assistance  administrative  \u00e0 domicile  (mode  d'intervention  Prestataire)\nToute  modification  concernant  les activit\u00e9s  exerc\u00e9es  devra  faire  l'objet  d'une  d\u00e9claration\nmodificative  pr\u00e9alable.\nSous  r\u00e9serve  d'\u00eatre  exerc\u00e9es  \u00e0 titre  exclusif  (ou  sous  r\u00e9serve  d'une  comptabilit\u00e9  s\u00e9par\u00e9e  pour  les\npersonnes  morales  dispens\u00e9es  de cette  condition),  ces  activit\u00e9s  ouvrent  droit  au b\u00e9n\u00e9fice  des\ndispositions  des  articles  L. 7233-2  du code  du travail  et L.241-10  du code  de la s\u00e9curit\u00e9  sociale  dans\nles conditions  pr\u00e9vues  par  ces  articles.\nLes effets  de la d\u00e9claration  courent  \u00e0 compter  du jour  du d\u00e9p\u00f4t  de la d\u00e9claration  sous  r\u00e9serve  des\ndispositions  de l'article  R.7232-18  du code  du travail.  Le pr\u00e9sent  r\u00e9c\u00e9piss\u00e9  n'est  pas  limit\u00e9  dans  le\ntemps.  La d\u00e9claration  a une  port\u00e9e  nationale.  L'enregistrement  de la d\u00e9claration  peut  \u00eatre  retir\u00e9\ndans  les conditions  fix\u00e9es  aux  articles  R.7232-20  \u00e0 R.7232-22  du code  du travail.  Le pr\u00e9sent  r\u00e9c\u00e9piss\u00e9\nsera  publi\u00e9  au recueil  des  actes  administratifs  de la pr\u00e9fecture.\nLe pr\u00e9sent  r\u00e9c\u00e9piss\u00e9  peut,  \u00e0 compter  de sa notification,  faire  l'objet  d'un  recours  gracieux  aupr\u00e8s\nservice  instructeur  du Var  ou d'un  recours  hi\u00e9rarchique  adress\u00e9  au ministre  charg\u00e9  de l'\u00e9conomie  -\nDirection  g\u00e9n\u00e9rale  des  entreprises  \u2014 sous-direction  des  services  marchands,  61 Boulevard  Vincent\nAuriol,  75703  PARIS  CEDEX  13.\nIl peut  \u00e9galement  faire  l'objet  d'un  recours  contentieux  dans  un d\u00e9lai  de deux  mois  \u00e0 compter  de sa\nnotification  aupr\u00e8s  du tribunal  administratif  de Toulon.\nLe tribunal  administratif  peut  aussi  \u00eatre  saisi  par  l'application  informatique  \u00ab T\u00e9l\u00e9recours  citoyen  \u00bb\naccessible  sur le site  internet  http://www.telerecours.fr/  En cas  de rejet  du recours  gracieux  ou\nhi\u00e9rarchique  ou en l'absence  de r\u00e9ponse  \u00e0 ce recours  (rejet  implicite),  un recours  contentieux  devant\nle tribunal  administratif  de Toulon  peut  \u00e9galement  \u00eatre  form\u00e9  contre  la d\u00e9cision  initiale  dans  un d\u00e9lai\nde deux  mois  \u00e0 compter  de ce rejet.\n\n7EJ .\nLibert\u00e9  < Eg Fraternit\u00e9\nR\u00c9PUBLIQUE  FRAN\u00c7AISE\nR\u00e9c\u00e9piss\u00e9  de d\u00e9claration\nd'un  organisme  de services  \u00e0 la personne\nenregistr\u00e9  sous  le N\u00b0 SAP893494476\nVu le code  du travail  et notamment  les articles  L.7231-1  \u00e0 L.7233-2,  R.7232-16  \u00e0 R.7232-22,  D.7231-1  et\nD.7233-1  \u00e0 D.7233-5  ;\nLe pr\u00e9fet  du Var\nConstate  :\nQu'une  d\u00e9claration  d'activit\u00e9s  de services  \u00e0 la personne  a \u00e9t\u00e9  d\u00e9pos\u00e9e  aupr\u00e8s  du service  instructeur\ndu Var,  le 11/02/24  par  Mme.  MARKOWITZ  CHRISTELLE  en qualit\u00e9  de dirigeant(e),  pour  l'organisme\n2M MULTISERVICES  dont  l'\u00e9tablissement  principal  est  situ\u00e9  55 RUE  DE GENEVE  83100  TOULON  et\nenregistr\u00e9  sous  le N\u00b0 SAP893494476  pour  les activit\u00e9s  suivantes  :\n\u00ab Entretien  de la maison  et travaux  m\u00e9nagers  (mode  d'intervention  Mandataire)\n\u00ab Petits  travaux  de jardinage  (mode  d'intervention  Mandataire)\n- Travaux  de petit  bricolage  (mode  d'intervention  Mandataire)\n\u00ab Pr\u00e9paration  de repas  \u00e0 domicile  (mode  d'intervention  Mandataire)\n\u00ab Collecte  et livraison  \u00e0 domicile  de linge  repass\u00e9  (mode  d'intervention  Mandataire)\n\u00ab Livraison  de courses  \u00e0 domicile  (mode  d'intervention  Mandataire)\n\u00ab Maintenance,  entretien  et vigilance  temporaires  \u00e0 domicile  (mode  d'intervention  Mandataire)\n\u00ab Assistance  administrative  \u00e0 domicile  (mode  d'intervention  Mandataire)\n\u00ab Soins  et promenade(s)  d'animaux  pour  personnes  d\u00e9pendantes  (mode  d'intervention  Mandataire)\n\u00ab Assistance  aux  personnes  ayant  besoin  d'une  aide  temporaire  \u00e0 leur  domicile  (mode\nd'intervention  Mandataire)\nToute  modification  concernant  les activit\u00e9s  exerc\u00e9es  devra  faire  l'objet  d'une  d\u00e9claration\nmodificative  pr\u00e9alable.  Sous  r\u00e9serve  d'\u00eatre  exerc\u00e9es  \u00e0 titre  exclusif  (ou  sous  r\u00e9serve  d'une\ncomptabilit\u00e9  s\u00e9par\u00e9e  pour  les personnes  morales  dispens\u00e9es  de cette  condition),  ces  activit\u00e9s\nouvrent  droit  au b\u00e9n\u00e9fice  des  dispositions  des  articles  L. 7233-2  du code  du travail  et L.241-10  du\ncode  de la s\u00e9curit\u00e9  sociale  dans  les conditions  pr\u00e9vues  par  ces  articles.  Les effets  de la d\u00e9claration\ncourent  \u00e0 compter  du jour  du d\u00e9p\u00f4t  de la d\u00e9claration  sous  r\u00e9serve  des  dispositions  de l'article\nR.7232-18  du code  du travail.  Le pr\u00e9sent  r\u00e9c\u00e9piss\u00e9  n'est  pas  limit\u00e9  dans  le temps.  La d\u00e9claration  a une\nport\u00e9e  nationale.  L'enregistrement  de la d\u00e9claration  peut  \u00eatre  retir\u00e9  dans  les conditions  fix\u00e9es  aux\narticles  R.7232-20  \u00e0 R.7232-22  du code  du travail.  Le pr\u00e9sent  r\u00e9c\u00e9piss\u00e9  sera  publi\u00e9  au recueil  des\nactes  administratifs  de la pr\u00e9fecture.\nLe pr\u00e9sent  r\u00e9c\u00e9piss\u00e9  peut,  \u00e0 compter  de sa notification,  faire  l'objet  d'un  recours  gracieux  aupr\u00e8s\nservice  instructeur  du Var  ou d'un  recours  hi\u00e9rarchique  adress\u00e9  au ministre  charg\u00e9  de l'\u00e9conomie  -\nDirection  g\u00e9n\u00e9rale  des  entreprises  - sous-direction  des  services  marchands,  61 Boulevard  Vincent\nAuriol,  75703  PARIS  CEDEX  13. Il peut  \u00e9galement  faire  l'objet  d'un  recours  contentieux  dans  un d\u00e9lai\nde deux  mois  \u00e0 compter  de sa notification  aupr\u00e8s  du tribunal  administratif  de Toulon.Le  tribunal\nadministratif  peut  aussi  \u00eatre  saisi  par  l'application  informatique  \u00ab T\u00e9l\u00e9recours  citoyen  \u00bb accessible  sur\nle site  internet  http://www.telerecours.fr/  En cas  de rejet  du recours  gracieux  ou hi\u00e9rarchique  ou en\nl'absence  de r\u00e9ponse  \u00e0 ce recours  (rejet  implicite),  un recours  contentieux  devant  le tribunal\nadministratif  de Toulon  peut  \u00e9galement  \u00eatre  form\u00e9  contre  la d\u00e9cision  initiale  dans  un d\u00e9lai  de deux\nmois  \u00e0 compter  de ce rejet.\nFaig\u00e0  CS 31209  - 83070  TOULON  Cedex,  le\n\nLibert\u00e9  \u00bb Eg Fraternit\u00e9\nR\u00c9PUBLIQUE  FRAN\u00c7AISE\nR\u00e9c\u00e9piss\u00e9  de d\u00e9claration\nd'un  organisme  de services  \u00e0 la personne\nenregistr\u00e9  sous  le N\u00b0 SAP898637822\nVu le code  du travail  et notamment  les articles  L.7231-1  \u00e0 L.7233-2,  R.7232-16  \u00e0 R.7232-22,  D.7231-1  et\nD.7233-1  \u00e0 D.7233-5  ;\nLe pr\u00e9fet  du Var\nConstate  :\nQu'une  d\u00e9claration  d'activit\u00e9s  de services  \u00e0 la personne  a \u00e9t\u00e9  d\u00e9pos\u00e9e  aupr\u00e8s  du service  instructeur\ndu Var,  le 21/01/24  par  Mme.  HADRI  Anna  en qualit\u00e9  de dirigeant(e),  pour  l'organisme  AA Services\ndont  l'\u00e9tablissement  principal  est situ\u00e9  1145  Chemin  DES  LUQUETTES  83740  LA CADIERE  D AZUR  et\nenregistr\u00e9  sous  le N\u00b0 SAP898637822  pour  les activit\u00e9s  suivantes  :\n\u00bb Entretien  de la maison  et travaux  m\u00e9nagers  (mode  d'intervention  Prestataire)\nToute  modification  concernant  les activit\u00e9s  exerc\u00e9es  devra  faire  l'objet  d'une  d\u00e9claration\nmodificative  pr\u00e9alable.\nSous  r\u00e9serve  d'\u00eatre  exerc\u00e9es  \u00e0 titre  exclusif  (ou  sous  r\u00e9serve  d'une  comptabilit\u00e9  s\u00e9par\u00e9e  pour  les\npersonnes  morales  dispens\u00e9es  de cette  condition),  ces  activit\u00e9s  ouvrent  droit  au b\u00e9n\u00e9fice  des\ndispositions  des  articles  L. 7233-2  du code  du travail  et L.241-10  du code  de la s\u00e9curit\u00e9  sociale  dans\nles conditions  pr\u00e9vues  par  ces  articles.\nLes effets  de la d\u00e9claration  courent  \u00e0 compter  du jour  du d\u00e9p\u00f4t  de la d\u00e9claration  sous  r\u00e9serve  des\ndispositions  de l'article  R.7232-18  du code  du travail.  Le pr\u00e9sent  r\u00e9c\u00e9piss\u00e9  n'est  pas  limit\u00e9  dans  le\ntemps.  La d\u00e9claration  a une  port\u00e9e  nationale.\nL'enregistrement  de la d\u00e9claration  peut  \u00eatre  retir\u00e9  dans  les conditions  fix\u00e9es  aux  articles  R.7232-\n20 \u00e0 R.7232-22  du code  du travail.\nLe pr\u00e9sent  r\u00e9c\u00e9piss\u00e9  sera  publi\u00e9  au recueil  des  actes  administratifs  de la pr\u00e9fecture.\nLe pr\u00e9sent  r\u00e9c\u00e9piss\u00e9  peut,  \u00e0 compter  de sa notification,  faire  l'objet  d'un  recours  gracieux  aupr\u00e8s\nservice  instructeur  du Var  ou d'un  recours  hi\u00e9rarchique  adress\u00e9  au ministre  charg\u00e9  de l'\u00e9conomie  -\nDirection  g\u00e9n\u00e9rale  des  entreprises  \u2014 sous-direction  des  services  marchands,  61 Boulevard  Vincent\nAuriol,  75703  PARIS  CEDEX  13.\nIl peut  \u00e9galement  faire  l'objet  d'un  recours  contentieux  dans  un d\u00e9lai  de deux  mois  \u00e0 compter  de sa\nnotification  aupr\u00e8s  du tribunal  administratif  de Toulon.\nLe tribunal  administratif  peut  aussi  \u00eatre  saisi  par  l'application  informatique  \u00ab T\u00e9l\u00e9recours  citoyen  \u00bb\naccessible  sur  le site  internet  http://www.telerecours.fr/\nEn cas  de rejet  du recours  gracieux  ou hi\u00e9rarchique  ou en l'absence  de r\u00e9ponse  \u00e0 ce recours  (rejet\nimplicite),  un recours  contentieux  devant  le tribunal  administratif  de Toulon  peut  \u00e9galement  \u00eatre\nform\u00e9  contre  la d\u00e9cision  initiale  dans  un d\u00e9lai  de deux  mois  \u00e0 compter  de ce rejet.\nFait  \u00e0 CS 31209  - 83070  TOULON  Cedex,  le\nPour  le Pr\u00e9fet  @N\u00e7ar d\u00e9l\u00e9gation\nLe Directeur  D\u00e9gartemental\nULY\n\n7E l\nR\u00e9c\u00e9piss\u00e9  de d\u00e9claration\nd'un  organisme  de services  a la personne\nenregistr\u00e9  sous  le N\u00b0 SAP753579051\nVu le code  du travail  et notamment  les articles  L.7231-1  \u00e0 L.7233-2,  R.7232-16  \u00e0 R.7232-22,  D.7231-1  et .\nD.7233-1  \u00e0 D.7233-5  ;\nLe pr\u00e9fet  du Var\nConstate  :\nQu'une  d\u00e9claration  modificative  d'activit\u00e9s  de services  \u00e0 la personne  a \u00e9t\u00e9  d\u00e9pos\u00e9e  aupr\u00e8s  du service\ninstructeur  du Var,  le 13/02/24  par  M. BRUNET  JULIEN  en qualit\u00e9  de dirigeant(e),  pour  l'organisme\ndont  l'\u00e9tablissement  principal  est situ\u00e9  d\u00e9sormais  2219  ANCIEN  CHEMIN  DE TOULON  83110\nSANARY-SUR-MER  et enregistr\u00e9  sous  le N\u00b0 SAP753579051  pour  les activit\u00e9s  suivantes  :\n\u00ab Soutien  scolaire  ou cours  \u00e0 domicile  (mode  d'intervention  Prestataire)\nToute  modification  concernant  les activit\u00e9s  exerc\u00e9es  devra  faire  l'objet  d'une  d\u00e9claration\nmodificative  pr\u00e9alable.\nSous  r\u00e9serve  d'\u00eatre  exerc\u00e9es  \u00e0 titre  exclusif  (ou  sous  r\u00e9serve  d'une  comptabilit\u00e9  s\u00e9par\u00e9e  pour  les\npersonnes  morales  dispens\u00e9es  de cette  condition),  ces  activit\u00e9s  ouvrent  droit  au b\u00e9n\u00e9fice  des\ndispositions  des  articles  L. 7233-2  du code  du travail  et L.241-10  du code  de la s\u00e9curit\u00e9  sociale  dans\nles conditions  pr\u00e9vues  par  ces  articles.\nLes effets  de la d\u00e9claration  courent  \u00e0 compter  du jour  du d\u00e9p\u00f4t  de la d\u00e9claration  sous  r\u00e9serve  des\ndispositions  de l'article  R.7232-18  du code  du travail.  Le pr\u00e9sent  r\u00e9c\u00e9piss\u00e9  n'est  pas  limit\u00e9  dans  le\ntemps.  La d\u00e9claration  a une  port\u00e9e  nationale.\nL'enregistrement  de la d\u00e9claration  peut  \u00eatre  retir\u00e9  dans  les conditions  fix\u00e9es  aux  articles  R.7232-\n20 \u00e0 R.7232-22  du code  du travail.\nLe pr\u00e9sent  r\u00e9c\u00e9piss\u00e9  sera  publi\u00e9  au recueil  des  actes  administratifs  de la pr\u00e9fecture.\nLe pr\u00e9sent  r\u00e9c\u00e9piss\u00e9  peut,  \u00e0 compter  de sa notification,  faire  l'objet  d'un  recours  gracieux  aupr\u00e8s\nservice  instructeur  du Var  ou d'un  recours  hi\u00e9rarchique  adress\u00e9  au ministre  charg\u00e9  de l'\u00e9conomie  -\nDirection  g\u00e9n\u00e9rale  des  entreprises  \u2014 sous-direction  des  services  marchands,  61 Boulevard  Vincent\nAuriol,  75703  PARIS  CEDEX  13.\nIl peut  \u00e9galement  faire  l'objet  d'un  recours  contentieux  dans  un d\u00e9lai  de deux  mois  \u00e0 compter  de sa\nnotification  aupr\u00e8s  du tribunal  administratif  de Toulon.\nLe tribunal  administratif  peut  aussi  \u00eatre  saisi  par  l'application  informatique  \u00ab T\u00e9l\u00e9recours  citoyen  \u00bb\naccessible  sur le site  internet  http://www.telerecours.fr/\nEn cas  de rejet  du recours  gracieux  ou hi\u00e9rarchique  ou en l'absence  de r\u00e9ponse  \u00e0 ce recours  (rejet\nimplicite),  un recours  contentieux  devant  le tribunal  administratif  de Toulon  peut  \u00e9galement  \u00eatre\nform\u00e9  contre  la d\u00e9cision  initiale  dans  un d\u00e9lai  de deux  mois  \u00e0 compter  de ce rejet.\nFait  \u00e0 CS 31209  - 83070  TOULON  Cedex,  le\npar  d\u00e9l\u00e9gation\nLe Directeur  DApartemental\n\u00e0\nArnaud  PPULY\n\n7E] .\nLibert\u00e9  \u00ab \u00c9galit\u00e9  \u00bb Fraternit\u00e9\nR\u00c9PUBLIQUE  FRAN\u00c7AISE\nR\u00e9c\u00e9piss\u00e9  de d\u00e9claration\nd'un  organisme  de services  \u00e0 la personne\nenregistr\u00e9  sous  le N\u00b0 SAP895170736\nVu le code  du travail  et notamment  les articles  L.7231-1  \u00e0 L.7233-2,  R.7232-16  \u00e0 R.7232-22,  D.7231-1  et\nD.7233-1  \u00e0 D.7233-5  ;\nLe pr\u00e9fet  du Var\nConstate  :\nQu'une  d\u00e9claration  d'activit\u00e9s  de services  \u00e0 la personne  a \u00e9t\u00e9  d\u00e9pos\u00e9e  aupr\u00e8s  du service  instructeur\ndu Var,  le 12/02/24  par  M. DESACHY  Anthony  en qualit\u00e9  de dirigeant(e),  pour  l'organisme  Anthony\nDesachy  dont  l'\u00e9tablissement  principal  est situ\u00e9  35 RUE  MACARON  83230  Bormes  les Mimosas  et\nenregistr\u00e9  sous  le N\u00b0 SAP895170736  pour  les activit\u00e9s  suivantes  :\n\u00ab Petits  travaux  de jardinage  (mode  d'intervention  Prestataire)\n- Travaux  de petit  bricolage  (mode  d'intervention  Prestataire)\nToute  modification  concernant  les activit\u00e9s  exerc\u00e9es  devra  faire  l'objet  d'une  d\u00e9claration\nmodificative  pr\u00e9alable.\nSous  r\u00e9serve  d'\u00eatre  exerc\u00e9es  \u00e0 titre  exclusif  (ou  sous  r\u00e9serve  d'une  comptabilit\u00e9  s\u00e9par\u00e9e  pour  les\npersonnes  morales  dispens\u00e9es  de cette  condition),  ces  activit\u00e9s  ouvrent  droit  au b\u00e9n\u00e9fice  des\ndispositions  des  articles  L. 7233-2  du code  du travail  et L.241-10  du code  de la s\u00e9curit\u00e9  sociale  dans\nles conditions  pr\u00e9vues  par  ces  articles.\nLes effets  de la d\u00e9claration  courent  \u00e0 compter  du jour  du d\u00e9p\u00f4t  de la d\u00e9claration  sous  r\u00e9serve  des\ndispositions  de l'article  R.7232-18  du code  du travail.  Le pr\u00e9sent  r\u00e9c\u00e9piss\u00e9  n'est  pas  limit\u00e9  dans  le\ntemps.  La d\u00e9claration  a une  port\u00e9e  nationale.\nL'enregistrement  de la d\u00e9claration  peut  \u00eatre  retir\u00e9  dans  les conditions  fix\u00e9es  aux  articles  R.7232-\n20 \u00e0 R.7232-22  du code  du travail.\nLe pr\u00e9sent  r\u00e9c\u00e9piss\u00e9  sera  publi\u00e9  au recueil  des  actes  administratifs  de la pr\u00e9fecture.\nLe pr\u00e9sent  r\u00e9c\u00e9piss\u00e9  peut,  \u00e0 compter  de sa notification,  faire  l'objet  d'un  recours  gracieux  aupr\u00e8s\nservice  instructeur  du Var  ou d'un  recours  hi\u00e9rarchique  adress\u00e9  au ministre  charg\u00e9  de l'\u00e9conomie  -\nDirection  g\u00e9n\u00e9rale  des  entreprises  \u2014 sous-direction  des  services  marchands,  61 Boulevard  Vincent\nAuriol,  75703  PARIS  CEDEX  13.\nIl peut  \u00e9galement  faire  l'objet  d'un  recours  contentieux  dans  un d\u00e9lai  de deux  mois  \u00e0 compter  de sa\nnotification  aupr\u00e8s  du tribunal  administratif  de Toulon.\nLe tribunal  administratif  peut  aussi  \u00eatre  saisi  par  l'application  informatique  \u00ab T\u00e9l\u00e9recours  citoyen  \u00bb\naccessible  sur  le site  internet  http://www.telerecours.fr/\nEn cas  de rejet  du recours  gracieux  ou hi\u00e9rarchique  ou en l'absence  de r\u00e9ponse  \u00e0 ce recours  (rejet\nimplicite),  un recours  contentieux  devant  le tribunal  administratif  de Toulon  peut  \u00e9galement  \u00eatre\nform\u00e9  contre  la d\u00e9cision  initiale  dans  un d\u00e9lai  de deux  mois  \u00e0 compter  de ce rejet.\nFajt  \u00e0 CS 31209  - 83070  TOULON  Cedex,  le\nPour  le Pr\u00e9fet  etpar  d\u00e9l\u00e9gation\nLe Directeur  D ane{nental\nULY\n\nzEJ .\nLibert\u00e9  \u00bb \u00c9galit\u00e9 + Fraternit\u00e9\nR\u00c9PUBLIQUE  FRAN\u00c7AISE\nR\u00e9c\u00e9piss\u00e9  de d\u00e9claration\nd'un  organisme  de services  \u00e0 la personne\nenregistr\u00e9  sous  le N\u00b0 SAP984242412\nVu le code  du travail  et notamment  les articles  L.7231-1  \u00e0 L.7233-2,  R.7232-16  \u00e0 R.7232-22,  D.7231-1  et\nD.7233-1  \u00e0 D.7233-5  ;\nLe pr\u00e9fet  du Var\nConstate  :\nQu'une  d\u00e9claration  d'activit\u00e9s  de services  \u00e0 la personne  a \u00e9t\u00e9  d\u00e9pos\u00e9e  aupr\u00e8s  du service  instructeur\ndu Var,  le 13/02/24  par  Mme.  VELLIEUX  Sonia  en qualit\u00e9  de dirigeant(e),  pour  l'organisme  dont\nl'\u00e9tablissement  principal  est situ\u00e9  197  AV DU SEXTANT  83110  SANARY-SUR-MER  et enregistr\u00e9  sous  le\nN\u00b0 SAP984242412  pour  les activit\u00e9s  suivantes  :\n\u00bb Assistance  administrative  \u00e0 domicile  (mode  d'intervention  Prestataire)\nToute  modification  concernant  les activit\u00e9s  exerc\u00e9es  devra  faire  l'objet  d'une  d\u00e9claration\nmodificative  pr\u00e9alable.\nSous  r\u00e9serve  d'\u00eatre  exerc\u00e9es  \u00e0 titre  exclusif  (ou  sous  r\u00e9serve  d'une  comptabilit\u00e9  s\u00e9par\u00e9e  pour  les\npersonnes  morales  dispens\u00e9es  de cette  condition),  ces  activit\u00e9s  ouvrent  droit  au b\u00e9n\u00e9fice  des\ndispositions  des  articles  L. 7233-2  du code  du travail  et L.241-10  du code  de la s\u00e9curit\u00e9  sociale  dans\nles conditions  pr\u00e9vues  par  ces  articles.\nLes effets  de la d\u00e9claration  courent  \u00e0 compter  du jour  du d\u00e9p\u00f4t  de la d\u00e9claration  sous  r\u00e9serve  des\ndispositions  de l'article  R.7232-18  du code  du travail.  Le pr\u00e9sent  r\u00e9c\u00e9piss\u00e9  n'est  pas  limit\u00e9  dans  le\ntemps.  La d\u00e9claration  a une  port\u00e9e  nationale.\nL'enregistrement  de la d\u00e9claration  peut  \u00eatre  retir\u00e9  dans  les conditions  fix\u00e9es  aux  articles  R.7232-\n20 \u00e0 R.7232-22  du code  du travail.\nLe pr\u00e9sent  r\u00e9c\u00e9piss\u00e9  sera  publi\u00e9  au recueil  des  actes  administratifs  de la pr\u00e9fecture.\nLe pr\u00e9sent  r\u00e9c\u00e9piss\u00e9  peut,  \u00e0 compter  de sa notification,  faire  l'objet  d'un  recours  gracieux  aupr\u00e8s\nservice  instructeur  du Var  ou d'un  recours  hi\u00e9rarchique  adress\u00e9  au ministre  charg\u00e9  de l'\u00e9conomie  -\nDirection  g\u00e9n\u00e9rale  des  entreprises  - sous-direction  des  services  marchands,  61 Boulevard  Vincent\nAuriol,  75703  PARIS  CEDEX  13.\nIl peut  \u00e9galement  faire  l'objet  d'un  recours  contentieux  dans  un d\u00e9lai  de deux  mois  \u00e0 compter  de sa\nnotification  aupr\u00e8s  du tribunal  administratif  de Toulon.\nLe tribunal  administratif  peut  aussi  \u00eatre  saisi  par  I'application  informatique  \u00ab T\u00e9l\u00e9recours  citoyen  \u00bb\naccessible  sur  le site  internet  http://www.telerecours.fr/\nEn cas  de rejet  du recours  gracieux  ou hi\u00e9rarchique  ou en l'absence  de r\u00e9ponse  \u00e0 ce recours  (rejet\nimplicite),  un recours  contentieux  devant  le tribunal  administratif  de Toulon  peut  \u00e9galement  \u00eatre\nform\u00e9  contre  la d\u00e9cision  initiale  dans  un d\u00e9lai  de deux  mois  \u00e0 compter  de ce rejet.","date":"2024-02-15","first_seen_on":"2024-08-21T11:00:59+00:00","id":"132a56a014d094cf8c59d64712a0280ac500eee2399a4d90c5bd18087b10e28c","name":"RAA N\u00b0031 du 15 f\u00e9vrier 2024","pdf_creation_date":null,"pdf_modification_date":"2024-02-15T15:06:21+00:00","timezone":"Europe/Paris","url":"https://www.var.gouv.fr/contenu/telechargement/33168/221050/file/RAA%20N%C2%B0031%20du%2015%20f%C3%A9vrier%202024.pdf"}
