{"administration":"pref52","administration_name":"Pr\u00e9fecture de la Haute-Marne","content":"PREFETDE LA HAUTE-MARNELibert\u00e9Egalit\u00e9Fraternit\u00e9\nRECUEIL \nDES ACTES\nADMINISTRATIFS\nDE LA\nHAUTE-MARNE\n--------------------\nANN\u00c9E 2025 \u2013 Num\u00e9ro 104 du 8 d\u00e9cembre 2025\nSOMMAIRE\nPR\u00c9FECTURE DE LA HAUTE-MARNE\nSECR\u00c9TARIAT G\u00c9N\u00c9RAL COMMUN D\u00c9PARTEMENTAL                                                     Page 5 \nArr\u00eat\u00e9 n\u00b0 52-2025-12-00029 du 4 d\u00e9cembre 2025 portant organisation du Secr\u00e9tariat g\u00e9n\u00e9ral commun\nd\u00e9partemental de la Haute-Marne\nArr\u00eat\u00e9 n\u00b0 52-2025-12-00044 du 5 d\u00e9cembre 2025 portant organisation des services de la pr\u00e9fecture de\nla Haute-Marne\nDIRECTION D\u00c9PARTEMENTALE DE L'EMPLOI, DU TRAVAIL, DES SOLIDARIT\u00c9S ET DE LA\nPROTECTION DES POPULATIONS                                                                                      Page 8\nArr\u00eat\u00e9 n\u00b0 52-2025-12-00048 du 5 d\u00e9cembre 2025 portant subd\u00e9l\u00e9gation de signat ure de la directrice\nd\u00e9partementale de l'emploi, du travail, des solidarit\u00e9s et de la protection des populations de la\nHaute-Marne en mati\u00e8re d'Inspection du Travail. \nAGENCE R\u00c9GIONALE DE SANT\u00c9 GRAND EST \u2013 D\u00c9L\u00c9GATION TERRITORIALE DE LA\nHAUTE-MARNE                                                                                                                     Page 12\nD\u00e9cision tarifaire n\u00b022851 du 02/12/2025, d\u00e9cision modificative pour la MAS JEAN-MARC ITARD  - CH\nHAUTE-MARNE\nD\u00e9cision tarifaire n\u00b022911 du 02/12/2025, d\u00e9cision modificative pour le CPOM d'ALEFPA\nD\u00e9cision tarifaire n\u00b022955 du 02/12/2025, d\u00e9cision modificative pour le CPOM de l'as sociation BOIS\nLABBESSE\nD\u00e9cision tarifaire n\u00b023026 du 02/12/2025, d\u00e9cision modificative pour le CPOM d'ADPEP 52\nD\u00e9cision tarifaire n\u00b023144 du 02/12/2025, d\u00e9cision modificative pour le CPOM de la F ondation LUCY\nLEBON\nD\u00e9cision tarifaire n\u00b023147 du 02/12/2025, d\u00e9cision modificative pour le CPOM de A.D.A.S.M.S\nD\u00e9cision tarifaire n\u00b023182 du 02/12/2025, d\u00e9cision modificative pour la F\u00e9d\u00e9ration des APAJH\nD\u00e9cision tarifaire n\u00b024344 du 03/12/2025, d\u00e9cision modificative pour l'EHPAD Marie POC ARD DE\nMARANVILLE\nD\u00e9cision tarifaire n\u00b024345 du 03/12/2025, d\u00e9cision modificative pour l'EHPAD DE LA TRINCASSAYE\nD\u00e9cision tarifaire n\u00b024346 du 03/12/2025, d\u00e9cision modificative pour l'EHPAD de la P rovidence de\nMONTIGNY LE ROI\nD\u00e9cision tarifaire n\u00b024347 du 03/12/2025, d\u00e9cision modificative pour l'EHPAD de BOURMONT\nD\u00e9cision tarifaire n\u00b024348 du 03/12/2025, d\u00e9cision modificative pour l'EHPAD RES DES AINES CH\nMONTIER-EN-DER\nD\u00e9cision tarifaire n\u00b024349 du 03/12/2025, d\u00e9cision modificative pour l'EHPAD LE LIEN NOGENT\nD\u00e9cision tarifaire n\u00b024350 du 03/12/2025, d\u00e9cision modificative pour l'EHPAD SAINT-AUGUSTIN\nD\u00e9cision tarifaire n\u00b024351 du 03/12/2025, d\u00e9cision modificative pour l'EHPAD du CH de BOURBONNE\nLES BAINS\nD\u00e9cision  tarifaire  n\u00b024352 du 03/12/2025, d\u00e9cision modificative pour l'EHPAD JEAN-FRAN\u00c7OIS\nBONNET CH CHAUMONT\nD\u00e9cision  tarifaire n\u00b024353 du 03/12/2025, d\u00e9cision modificative pour le CPOM de l 'HOPITAL DE\nJOINVILLE\nD\u00e9cision tarifaire n\u00b024354 du 03/12/2025, d\u00e9cision modificative pour l'EHPAD HOPITAL ST  CHARLES\nWASSY\nD\u00e9cision tarifaire n\u00b024355 du 03/12/2025, d\u00e9cision modificative pour l'EHPAD LE CH\u00caNE - CH DE\nSAINT DIZIER\nD\u00e9cision tarifaire n\u00b0243356 du 03/12/2025, d\u00e9cision modificative pour l' EHPAD GERARD DE HAULT\nD\u00e9cision tarifaire n\u00b024357 du 03/12/2025, d\u00e9cision modificative pour l'EHPAD LEGAY COLIN\nD\u00e9cision tarifaire n\u00b024358 du 03/12/2025, d\u00e9cision modificative pour l'EHPAD AU BRIN D'OSIER\nD\u00e9cision tarifaire n\u00b024359 du 03/12/2025, d\u00e9cision modificative pour l'EHPAD POUGNY\nD\u00e9cision tarifaire n\u00b024360 du 03/12/2025, d\u00e9cision modificative pour l'EHPAD LE MAIL\nD\u00e9cision tarifaire n\u00b024361 du 03/12/2025, d\u00e9cision modificative pour l'EHPAD D' ARC EN BARROIS\nD\u00e9cision tarifaire n\u00b024362 du 03/12/2025, d\u00e9cision modificative pour l'EHPAD FELIX GRELOT\nD\u00e9cision  tarifaire  n\u00b024363 du 03/12/2025, d\u00e9cision modificative pour l'EHPAD LA COTE DES\nCHARMES\nD\u00e9cision tarifaire n\u00b024364 du 03/12/2025, d\u00e9cision modificative pour l'EHPAD LA MAISON DE L'OSIER\nPOURPRE\nD\u00e9cision tarifaire n\u00b024365 du 03/12/2025, d\u00e9cision modificative pour l'EHPAD LA MAISON DE L'ORME\nDORE\nD\u00e9cision tarifaire n\u00b024366 du 03/12/2025, d\u00e9cision modificative pour l'EHPAD du CHHM\nD\u00e9cision tarifaire n\u00b024916 du 03/12/2025, d\u00e9cision modificative pour le SSIAD DE BOURB ONNE-LES-\nBAINS\nD\u00e9cision tarifaire n\u00b024917 du 03/12/2025, d\u00e9cision modificative pour le SSIAD POUGNY\nD\u00e9cision tarifaire n\u00b024918 du 03/12/2025, d\u00e9cision modificative pour le SSIAD AU BRIND'OSIER\nD\u00e9cision tarifaire n\u00b024919 du 03/12/2025, d\u00e9cision modificative pour le SSIAD SAINT MARTIN\nD\u00e9cision tarifaire n\u00b024920 du 03/12/2025, d\u00e9cision modificative pour le SSIAD DE WASSY\nD\u00e9cision  tarifaire  n\u00b024921 du 03/12/2025, d\u00e9cision modificative pour le  SSIADPA - C H DE\nCHAUMONT\nD\u00e9cision tarifaire n\u00b024922 du 03/12/2025, d\u00e9cision modificative pour le  SSIAD DE SAINT-THIEBAULT\nD\u00e9cision tarifaire n\u00b024923 du 03/12/2025, d\u00e9cision modificative pour le SSIADPA - CH DE LANGRES\nD\u00e9cision tarifaire n\u00b024924 du 03/12/2025, d\u00e9cision modificative pour le SSIAD DU CH DE SAINT-\nDIZIER\nD\u00e9cision tarifaire n\u00b024925 du 03/12/2025, d\u00e9cision modificative pour le SSIAD \"LE LIEN\"\nD\u00e9cision tarifaire n\u00b024927 du 03/12/2025, d\u00e9cision modificative pour le  SSIAD DE MONTIER EN DER\nD\u00e9cision tarifaire n\u00b025340 du 04/12/2025, d\u00e9cision modificative pour la  MAS FOYER MONTECLAIR\nANDELOT\nD\u00e9cision tarifaire n\u00b025341 du 04/12/2025, d\u00e9cision modificative pour le  CAMSP DU CH DE LA HAUTE\nMARNE\nEXPR\u00c9FET Secr\u00e9tariat G\u00e9n\u00e9ralDE LA HAUTE-MARNE ;Commun D\u00e9partementalLibert\u00e9\u00c9galit\u00e9Fraternit\u00e9\nARR\u00caT\u00c9 N\u00b0 52-2025-12-00044 DU 5 D\u00c9CEMBRE 2025\nportant organisation des services de la pr\u00e9fecture de la Haute-Marne\nLa Pr\u00e9f\u00e8te de la Haute-Marne,\nChevalier de la L\u00e9gion d'Honneur\nOfficier de l'Ordre national du M\u00e9rite\nVu la loi n\u00b0 82-213 du 2 mars 1982 modifi\u00e9e relative aux droits et libert\u00e9s des communes, des\nd\u00e9partements et des r\u00e9gions ;\nVu la loi d'orientation n\u00b0 92-125 du 6 f\u00e9vrier 1992 modifi\u00e9e relative \u00e0 l'administration territoriale de la\nR\u00e9publique ;\nVu la loi n\u00b0 2004-809 du 13 ao\u00fbt 2004 relative aux libert\u00e9s et responsabilit\u00e9s locales ;\nVu le d\u00e9cret n\u00b0 2004-374 du 29 avril 2004 modifi\u00e9 relatif aux pouvoirs des pr\u00e9fets et \u00e0 l'organisation et \u00e0l'action des services de l'\u00c9tat dans les r\u00e9gions et les d\u00e9partements;\nVu le d\u00e9cret n\u00b0 2020-99 du 7 f\u00e9vrier 2020 relatif \u00e0 l'organisation et aux missions des secr\u00e9tariats\ng\u00e9n\u00e9raux d\u00e9partementaux ;\nVu l'arr\u00eat\u00e9 pr\u00e9fectoral n\u00b0 52-2023-08-00013 du 12 octobre 2023 portant organisation des services de\npr\u00e9fecture de la Haute-Marne;\nVu l'instruction minist\u00e9rielle du 14 ao\u00fbt 2023 relative \u00e0 la mise en \u0153uvre du programme \u00ab Villages\nd'avenir \u00bb ;\nVu les avis du comit\u00e9 social d'administration des 9 d\u00e9cembre 2024 et 13 octobre 2025.\nSur proposition du secr\u00e9taire g\u00e9n\u00e9ral de la pr\u00e9fecture de la Haute-Marne,\nARRETE\nArticle 1\nLes services de la pr\u00e9fecture de la Haute-Marne assistent le pr\u00e9fet dans l'exercice de ses missions. \u00c0 cetitre, ils participent \u00e0 la mise en \u0153uvre des politiques publiques nationales et communautaires encoh\u00e9rence avec l'action des services d\u00e9concentr\u00e9s de l'Etat dans le d\u00e9partement.\nArticle 2\nLes services de la pr\u00e9fecture de la Haute-Marne comprennent :\n- le secr\u00e9tariat g\u00e9n\u00e9ral ;\n- le cabinet du pr\u00e9fet ;\n- la sous-pr\u00e9fecture de Saint-Dizier ;\n- la sous-pr\u00e9fecture de Langres.\nArticle 3\nSont directement rattach\u00e9s au pr\u00e9fet :\n- l'intendance ;\n- le secr\u00e9tariat particulier.\n\nArticle 4\nDirig\u00e9 par un sous-pr\u00e9fet, secr\u00e9taire g\u00e9n\u00e9ral, le secr\u00e9tariat g\u00e9n\u00e9ral de la pr\u00e9fecture de la Haute-Marnecomprend :\n- la direction de la citoyennet\u00e9 et de la l\u00e9galit\u00e9, constitu\u00e9e de quatre bureaux\n. le bureau des finances locales;. le bureau des collectivit\u00e9s locales et de l'intercommunalit\u00e9 ;\n. le bureau des migrations et de l'int\u00e9gration ;. le bureau de la r\u00e9glementation g\u00e9n\u00e9rale, des associations et des \u00e9lections.\nEst directement rattach\u00e9 au directeur de la citoyennet\u00e9 et de la l\u00e9galit\u00e9 le charg\u00e9 d'appui \u00e0 lagestion administrative.\n- le secr\u00e9tariat g\u00e9n\u00e9ral aux affaires d\u00e9partementales, constitu\u00e9 de deux bureaux. le bureau de la coordination et de l'interminist\u00e9rialit\u00e9 ;\n. le bureau de l'environnement.\nSont directement rattach\u00e9s au sous-pr\u00e9fet, secr\u00e9taire g\u00e9n\u00e9ral :\n- la cellule performance ;\n- l'assistant du service social ;- les deux chefs de projet du programme \u00ab Village d'Avenir \u00bb ;\n- le secr\u00e9tariat particulier ;\n- le d\u00e9l\u00e9gu\u00e9 du pr\u00e9fet dans les quartiers de la politique de la ville ;\nArticle 5\nDirig\u00e9 par un sous-pr\u00e9fet, directeur de cabinet, le cabinet du pr\u00e9fet de la Haute-Marne comprend :\n- la direction des s\u00e9curit\u00e9s, constitu\u00e9e de deux bureaux\n. le bureau de la s\u00e9curit\u00e9 publique;\n. le bureau de la s\u00e9curit\u00e9 civile.Est directement rattach\u00e9 au directeur des s\u00e9curit\u00e9s le conseiller animation s\u00e9curit\u00e9, adjoint au directeurdes s\u00e9curit\u00e9s.\n-le bureau de la repr\u00e9sentation de l'\u00c9tat et de la communication interminist\u00e9rielle.\nSont directement rattach\u00e9s au sous-pr\u00e9fet, directeur de cabinet :\n-le garage ;\n- le secr\u00e9tariat particulier.\nArticle6Plac\u00e9e sous l'autorit\u00e9 du sous-pr\u00e9fet d'arrondissement, la sous-pr\u00e9fecture de Saint-Dizier est charg\u00e9e,dans le ressort de l'arrondissement, de veiller au respect des lois et r\u00e8glements, de concourir aucontr\u00f4le de l\u00e9galit\u00e9 et au conseil des collectivit\u00e9s locales, de coordonner l'action des services de l'\u00c9tatdans l'arrondissement et d'assurer le d\u00e9veloppement local.\nL'organisation de la sous-pr\u00e9fecture de Saint-Dizier est la suivante :\n-le secr\u00e9tariat g\u00e9n\u00e9ral, constitu\u00e9 de deux p\u00f4les\n. le p\u00f4le collectivit\u00e9s locales et d\u00e9veloppement territorial ;\n. le p\u00f4le s\u00e9curit\u00e9 et population.\nSont directement rattach\u00e9s au sous-Pr\u00e9fet de Saint-Dizier :\n- l'intendance ;\n- le secr\u00e9tariat particulier.\n\nArticle7Plac\u00e9e sous l'autorit\u00e9 du sous-pr\u00e9fet d'arrondissement, la sous-pr\u00e9fecture de Langres est charg\u00e9e, dansle ressort de l'arrondissement, de veiller au respect des lois et r\u00e8glements, de concourir au contr\u00f4le del\u00e9galit\u00e9 et au conseil des collectivit\u00e9s locales, de coordonner l'action des services de l'\u00c9tat dansl'arrondissement et d'assurer le d\u00e9veloppement local.\nL'organisation de la sous-pr\u00e9fecture de Langres est la suivante :\n- le secr\u00e9tariat g\u00e9n\u00e9ral, constitu\u00e9 de deux p\u00f4les\n. le p\u00f4le collectivit\u00e9s locales et d\u00e9veloppement territorial ;\n. le p\u00f4le s\u00e9curit\u00e9 et population.\nSont directement rattach\u00e9s au sous-pr\u00e9fet de Langres :\n- l'intendance;\n-le secr\u00e9tariat particulier.\nArticle 8\nL'organisation du secr\u00e9tariat g\u00e9n\u00e9ral commun d\u00e9partemental est d\u00e9crite dans un arr\u00eat\u00e9 distinct.\nArticle 9\nL'arr\u00eat\u00e9 pr\u00e9fectoral n\u00b0 52-2023-08-00013 du 12 octobre 2023 est abrog\u00e9.\nArticle10Le secr\u00e9taire g\u00e9n\u00e9ral de la pr\u00e9fecture, le directeur de cabinet, les sous-pr\u00e9fets de Saint-Dizier et deLangres, les directeurs, chefs de service et chefs de bureau sont charg\u00e9s, chacun en ce qui le concerne,de l'ex\u00e9cution du pr\u00e9sent arr\u00eat\u00e9, dont une copie leur sera remise pour attribution et qui fera l'objetd'une publication au recueil des actes administratifs de la pr\u00e9fecture.\nLa Pr\u00e9f\u00e8te\nPAM\nLe pr\u00e9sent arr\u00eat\u00e9 peut faire l'objet d'un recours contentieux devant le tribunal administratif de Ch\u00e2lons-en-Champagne dans und\u00e9lai de deux mois \u00e0 compter de sa publication. Le cas \u00e9ch\u00e9ant, le tribunal administratif peut \u00eatre saisi par l'application \u00abT\u00e9l\u00e9recours citoyens \u00bb (wwwitelerecours.fr). Ce d\u00e9lai est prorog\u00e9 si un recours administratif (gracieux ou hi\u00e9rarchique) estintroduit dans le m\u00eame d\u00e9lai de deux mois \u00e0 compter de sa publication et/ou notification\n\n=mPREFET Secr\u00e9tariat G\u00e9n\u00e9ral\nBE LA HAUTEMARNE Commun D\u00e9partementalLibert\u00e9\u00c9galit\u00e9Fraternit\u00e9\nARR\u00caT\u00c9 N\u00b0 52-2025-12-00029 DU 4 D\u00c9CEMBRE 2025\nportant organisation du Secr\u00e9tariat g\u00e9n\u00e9ral commun d\u00e9partemental\nde la Haute-Marne\nLa Pr\u00e9f\u00e8te de la Haute-Marne,\nChevalier de la L\u00e9gion d'Honneur\nOfficier de l'Ordre national du M\u00e9rite\nVu la loi organique n\u00b0 2001-692 du 1\u00b0 ao\u00fbt 2001 modifi\u00e9e relative aux lois de\nfinances;\nVu la loi d'orientation n\u00b0 92125 du 6 f\u00e9vrier 1992 modifi\u00e9e relative \u00e0\nl'administration territoriale de la R\u00e9publique ;\nVu le d\u00e9cret n\u00b0 82-453 du 28 mai 1982 relatif \u00e0 l'hygi\u00e8ne et \u00e0 la s\u00e9curit\u00e9 du travail\nainsi qu'\u00e0 la pr\u00e9vention m\u00e9dicale dan la fonction publique;\nVu le d\u00e9cret n\u00b0 2004-374 du 29 avril 2004 modifi\u00e9 relatif aux pouvoirs des pr\u00e9fets\net \u00e0 l'organisation et \u00e0 l'action des services de l'\u00c9tat dans les r\u00e9gions et les d\u00e9partements;\nVu le d\u00e9cret n\u00b0 2006-1780 du 23 d\u00e9cembre 2006 modifi\u00e9, portant d\u00e9l\u00e9gation de\npouvoir en mati\u00e8re de recrutement et de gestion de certains personnels relevant du\nminist\u00e8re de l'int\u00e9rieur;\nVu le d\u00e9cret n\u00b0 2009-1484 du 3 d\u00e9cembre 2009 modifi\u00e9 relatif aux directions\nd\u00e9partementales interminist\u00e9rielles ;\nVu le d\u00e9cret n\u00b0 2012-1246 du 7 novembre 2012 modifi\u00e9, relatif \u00e0 la gestion\nbudg\u00e9taire et comptable publique;\nVu le d\u00e9cret n\u00b0 2015-510 du 7 mai 2015 modifi\u00e9 portant charte de la\nd\u00e9concentration ; .\nVu le d\u00e9cret n\u00b0 2019-1594 du 31 d\u00e9cembre 2019 modifi\u00e9 relatif aux emplois de\ndirection de l'\u00c9tat, notamment les articles 34 et suivants;\nVu le d\u00e9cret n\u00b0 2020-99 du 7 f\u00e9vrier 2020 relatif \u00e0 l'organisation et aux missions des\nsecr\u00e9tariats g\u00e9n\u00e9raux d\u00e9partementaux;\n\nWu le d\u00e9cret n\u00b0 2020-1427 du 20 novembre 2020 relatif aux comit\u00e9s sociaux\nd'administration dans les administrations et les \u00e9tablissements publics de l'\u00c9tat;\nvu le d\u00e9cret n\u00b0 2020-1545 du 9 d\u00e9cembre 2020 relatif \u00e0 l'organisation et aux\nmissions des directions r\u00e9gionales de l'\u00e9conomie, de l'emploi, du travail et des solidarit\u00e9s,\ndes directions d\u00e9partementales de l'emploi, du travail et des solidarit\u00e9s et des directions\nd\u00e9partementales de l'emploi, du travail, des solidarit\u00e9s et de la protection des\npopulations ;\nVu le d\u00e9cret du 13 juillet 2023 portant nomination de Madame R\u00e9gine PAM,\nPr\u00e9f\u00e8te de la Haute-Marne,\nVu l'arr\u00eat\u00e9 du 31 mars 2011 modifi\u00e9 portant d\u00e9concentration des d\u00e9cisions\nrelatives \u00e0 la situation individuelle des fonctionnaires et agents non titulaires exer\u00e7ant\nleurs fonctions dans les directions d\u00e9partementales interminist\u00e9rielles;\nVu l'arr\u00eat\u00e9 du 28 d\u00e9cembre 2017 modifi\u00e9, portant d\u00e9l\u00e9gation de pouvoir en\nmati\u00e8re de recrutement et de gestion des personnels administratifs du minist\u00e8re de\nl'Int\u00e9rieur ;\nVu la circulaire du 12 juin 2019 du Premier Ministre, relative \u00e0 la mise en oeuvre de\nla r\u00e9forme de l'organisation territoriale de l'Etat;\nVu la circulaire n\u00b0 6104/SG du 2 ao\u00fbt 2019 du Premier Ministre, relative \u00e0 la\nconstitution de secr\u00e9tariats g\u00e9n\u00e9raux communs aux pr\u00e9fectures et aux directions\nd\u00e9partementales interminist\u00e9rielles ;\nVu l'arr\u00eat\u00e9 pr\u00e9fectoral n\u00b0 52-2024-10-00251 du 28 octobre 2024 portant\norganisation du Secr\u00e9tariat g\u00e9n\u00e9ral commun d\u00e9partemental de la Haute-Marne;\nVu le contrat de service du Secr\u00e9tariat g\u00e9n\u00e9ral commun d\u00e9partemental de la\nHaute-Marne en date du 10 mai 2021;\nVu les avis du Comit\u00e9 social d'administration de la Pr\u00e9fecture et du Secr\u00e9tariat\ng\u00e9n\u00e9ral commun d\u00e9partemental de la Haute-marne \u00e9mis le 7 octobre 2024 et le 13\noctobre 2025;\nSur proposition du Secr\u00e9taire G\u00e9n\u00e9ral de la Pr\u00e9fecture de la Haute-Marne,\nARRETE\nArticle 1 : Le Secr\u00e9tariat g\u00e9n\u00e9ral commun d\u00e9partemental est un service d\u00e9concentr\u00e9 del'Etat \u00e0 vocation interminist\u00e9rielle relevant du ministre de l'int\u00e9rieur. Il exerce les missionsd\u00e9finies \u00e0 l'article 3 du pr\u00e9sent arr\u00eat\u00e9 sous l'autorit\u00e9 du pr\u00e9fet de d\u00e9partement.\nArticle 2 : Le Secr\u00e9tariat g\u00e9n\u00e9ral commun d\u00e9partemental exerce ses missions au b\u00e9n\u00e9fice,des services de la Pr\u00e9fecture, des Sous-pr\u00e9fectures, de la Direction d\u00e9partementale desterritoires (DDT) et de la Direction d\u00e9partementale de l'emploi, du travail, des solidarit\u00e9set de la protection des populations (DDETSPP).\n\nArticle 3 : Le Secr\u00e9tariat g\u00e9n\u00e9ral commun d\u00e9partemental assure la gestion de fonctions etmoyens mutualis\u00e9s en mati\u00e8re budg\u00e9taire, d'achat public, d'affaires immobili\u00e8res, desyst\u00e8mes d'information et de communication, de logistique, de relations aux usagers, deressources humaines, de relation avec la m\u00e9decine de pr\u00e9vention et de mise en \u0153uvre despolitiques d'action sociale au b\u00e9n\u00e9fice des agents des services mentionn\u00e9s \u00e0 l'article 2 dupr\u00e9sent arr\u00eat\u00e9, ainsi qu'au b\u00e9n\u00e9fice des personnels de la police nationale et despersonnels civils de la gendarmerie nationale pour la mise en \u0153uvre des politiquesd'action sociale.\nArticle 4 : Le Secr\u00e9tariat g\u00e9n\u00e9ral commun d\u00e9partemental est plac\u00e9 sous la responsabilit\u00e9d'un directeur assist\u00e9 d'un adjoint.\nSont directement rattach\u00e9s au directeur :\n- trois d\u00e9l\u00e9gu\u00e9s \u00e0 l'appui au pilotage plac\u00e9s respectivement sous l'autorit\u00e9fonctionnelle du Secr\u00e9taire G\u00e9n\u00e9ral de la Pr\u00e9fecture et des Directeurs d\u00e9partementauxinterminist\u00e9riels ;\n- le secr\u00e9taire administratif de la direction ;\n- le conseiller de pr\u00e9vention.\nLes services composant le Secr\u00e9tariat g\u00e9n\u00e9ral commun d\u00e9partemental :\n- le Service des ressources humaines (SRH);\n- le Service du pilotage et de l'ex\u00e9cution budg\u00e9taire (SPEB);\n- le Service de la relation aux usagers (SRU);\n- le Service des moyens et du patrimoine (SMP);\n- le Service interminist\u00e9riel d\u00e9partemental des syst\u00e8mes d'information et decommunication (SIDSIC).\nArticle 5 : L'arr\u00eat\u00e9 pr\u00e9fectoral n\u00b0 52-2024-10-00251 du 28 octobre 2024 portantorganisation du Secr\u00e9tariat G\u00e9n\u00e9ral commun d\u00e9partemental de la Haute-Marne estabrog\u00e9.\nArticle 6 : Le Secr\u00e9taire G\u00e9n\u00e9ral de la Pr\u00e9fecture, la Directrice du Secr\u00e9tariat g\u00e9n\u00e9ralcommun d\u00e9partemental, le Directeur de la Direction d\u00e9partementale des territoires et laDirectrice de la Direction d\u00e9partementale de l'emploi, du travail, des solidarit\u00e9s et de laprotection des populations sont charg\u00e9s, chacun en ce qui le concerne, de l'ex\u00e9cution dupr\u00e9sent arr\u00eat\u00e9 qui fera l'objet d'une publication au recueil des actes administratifs de lapr\u00e9fecture.\nLa Pr\u00e9f\u00e8te\n\u00e9gire PAM\nLe pr\u00e9sent arr\u00eat\u00e9 peut faire, dans un d\u00e9lai de deux mois \u00e0 compter de sa publication, l'objet :+ d'un recours gracieux aupr\u00e8s du pr\u00e9fet de la Haute-Marne,+ d'un recours contentieux devant le Tribunal Administratif de Ch\u00e2lons en Champagne.\nLe Tribunal Administratif peut \u00eatre saisi par l'application informatique \u00ab t\u00e9l\u00e9recours citoyens \u00bb accessible par lesite internet www.telerecours.fr \u00bb.\n3\n\nDirection d\u00e9partementalePREFET . \u00b0 IENTa reDE LA HAUTE-MARNE de l'emploi, du travail, des solidarit\u00e9sray et de la protection des populations\nFraternit\u00e9\nARRETE N\u00b052-2025-12-00048 DU 5 DECEMBRE 2025\nPortant subd\u00e9l\u00e9gation de signature de la directrice d\u00e9partementale de l'emploi, du\ntravail, des solidarit\u00e9s et de la protection des populations de la Haute-Marne en\nmati\u00e8re d'inspection du travail\nLa directrice d\u00e9partementale de l'emploi, du travail, des solidarit\u00e9s et de la\nprotection des populations de la Haute-Marne\nVU le code de l'\u00e9ducation;\nVU le code des relations entre le public et l'administration ;\nVU le code rural et de la p\u00eache maritime ;\nVU le code de la s\u00e9curit\u00e9 sociale ;\nVU le code des transports ;\nVU le code du travail, notamment ses articles R. 8122-2 et R1233-3-4 ;\nVU le d\u00e9cret n\u00b0 2020-1545 du 9 d\u00e9cembre 2020 relatif \u00e0 l'organisation et aux missions des directionsr\u00e9gionales de l'\u00e9conomie, de l'emploi, du travail et des solidarit\u00e9s, des directions d\u00e9partementales del'emploi, du travail et des solidarit\u00e9s et des directions d\u00e9partementales de l'emploi, du travail, dessolidarit\u00e9s et de la protection des populations;\nVU l'arr\u00eat\u00e9 interminist\u00e9riel du 4 ao\u00fbt 2022 portant nomination de Madame Fabienne LOGEROT, en\nqualit\u00e9 de directrice d\u00e9partementale de l'emploi, du travail, des solidarit\u00e9s et de la protection des\npopulations de la Haute-Marne;\nVU l'arr\u00eat\u00e9 interminist\u00e9riel du 28 novembre 2025 confiant l'int\u00e9rim de l'emploi de directeur r\u00e9gional de\nl'\u00e9conomie, de l'emploi, du travail et des solidarit\u00e9s de la r\u00e9gion Grand Est \u00e0 M. Louis MAZARI \u00e0 compter\ndu 1\u00b0 d\u00e9cembre 2025 ;\nVU l'arr\u00eat\u00e9 n\u00b0 2025-52 du 4 d\u00e9cembre 2025 portant d\u00e9l\u00e9gation de signature concernant les pouvoirs\npropres du directeur r\u00e9gional en mati\u00e8re d'inspection du travail en faveur de la directrice\nd\u00e9partementale de l'emploi, du travail, des solidarit\u00e9s et de la protection des populations de la Haute-\nMarne;\nVU l'arr\u00eat\u00e9 n\u00b0 52-2024-10-00048 du 9 octobre 2024 portant subd\u00e9l\u00e9gation de signature de la directrice\nd\u00e9partementale de l'emploi, du travail, des solidarit\u00e9s et de la protection des populations de la Haute-\nMarne en mati\u00e8re d'inspection du travail ;\nDDETSPP de la Haute-Marne89, rue Victoire de la Marnecs 42011$2011 CHAUMONT CEDEXT\u00e9l. 03 52 09 56 00Adresse mail : ddetspp@haute-marnegouv.fr\n\nArr\u00eate :\nArticle 1%:d\u00e9cisions ci-dessous mentionn\u00e9s, est donn\u00e9e \u00e0 :- M. Micka\u00ebl MAROT, Directeur du travail, Directeur d\u00e9partemental adjoint,\nSubd\u00e9l\u00e9gation permanente, \u00e0 l'effet de signer, au nom de M. Louis MAZARI, les actes et\n- Mme Alexandra DUSSAUCY, Directrice adjointe du travail, Responsable du Syst\u00e8me Inspection duTravail,\nCODE DU TRAVAIL\nPARTIE 1- LES RELATIONS INDIVIDUELLES DE TRAVAIL\nPLAN POUR L'\u00c9GALIT\u00c9 PROFESSIONNELLED\u00e9cision d'opposition \u00e0 un plan pour l'\u00e9galit\u00e9 professionnelle L. 1143-3 et D. 1143-6\nCONSEILLERS DU SALARI\u00c9\nPr\u00e9paration de la liste des conseillers du salari\u00e9Remboursement des frais des conseillers du salari\u00e9 et des employeurs\nD. 1232-4D. 1232-7 \u00e0 10\nRUPTURE CONVENTIONNELLE\nD\u00e9cisions d'homologation et de refus d'homologation des conventions derupture du contrat de travail\nL. 1237-14 et R. 1237-3\nGROUPEMENT D'EMPLOYEURSD\u00e9cision d'opposition \u00e0 l'exercice de l'activit\u00e9 d'un groupement d'employeursL. 1253-17 et D. 1253-7 \u00e0 11\nD\u00e9cision d'agr\u00e9ment ou de refus d'agr\u00e9ment du GE R. 1253-22 \u00e0 R. 1253-25Demande en vue de choisir une autre convention collective R. 1253-22 et R. 1253-26\nD\u00e9cision de retrait d'agr\u00e9ment \u00e0 un groupement d'employeurs R. 1253-27 \u00e0 R1253-29\nProc\u00e9dure contradictoire pr\u00e9alable aux d\u00e9cisions de suspension oud'interdiction des prestations de services L. 1263-4, L. 1263-4-1 et L. 1263-\n42\nPARTIE 2 - LES RELATIONS COLLECTIVES DE TRAVAIL\nBUDGET DES ORGANISATIONS SYNDICALESAnonymisation des mentions permettant l'identification des membres D 2135-8\nD\u00e9cision autorisant la suppression du mandat de d\u00e9l\u00e9gu\u00e9 syndical L. 2143-11 et R. 2143-6D\u00e9cision autorisant la suppression du mandat de repr\u00e9sentant de la sectionsyndicale L. 2142-1-2 et L. 2143-11\nAccorbs COLLECTIFS ET PLANS D'ACTIOND\u00e9livrance du r\u00e9c\u00e9piss\u00e9 de d\u00e9p\u00f4t des conventions de branche et des accords | > 22317professionnels ou interprofessionnels\nD\u00e9livrance du r\u00e9c\u00e9piss\u00e9 de d\u00e9p\u00f4t d'une d\u00e9claration d'adh\u00e9sion ou deMate  D. 2231-8d\u00e9nonciation\nD\u00e9p\u00f4t de l'accord en mati\u00e8re de droit d'expression des salari\u00e9s L. 2281-8Proc\u00e9dure de rescrit (ou r\u00e9ponse \u00e9tablissant la conformit\u00e9 de l'accord ou du R. 22429 \u00e0 11plan d'action) en mati\u00e8re d'\u00e9galit\u00e9 professionnelle entre les femmes et leshommesD\u00e9cision fixant le nombre et le p\u00e9rim\u00e8tre des \u00e9tablissements distincts du CSE L. 2313-5 et R2313-2D\u00e9cision fixant le nombre et le p\u00e9rim\u00e8tre des \u00e9tablissements distincts du CSEau niveau de l'UES L. 2313-8 et R2313-5\nD\u00e9cision fixant la r\u00e9partition du personnel et des si\u00e8ges entre les coll\u00e8gues\u00e9lectoraux pour l'\u00e9lection du CSE L. 2314-13 et R. 2314-3\nD\u00e9cision de r\u00e9partition des si\u00e8ges entre \u00e9tablissements et coll\u00e8ges \u00e9lectorauxL. 2316-8D\u00e9cision r\u00e9partissant les si\u00e8ges au comit\u00e9 de groupe entre les \u00e9lus du ou descoll\u00e8ges \u00e9lectoraux L. 2333-4 et R2332-1\nD\u00e9cision de remplacement d'un repr\u00e9sentant au comit\u00e9 de groupe ayant cess\u00e9ses fonctions L. 2333-6\nD\u00e9signation du suppl\u00e9ant du responsable de la direction d\u00e9partementalesi\u00e9geant aux observatoires d'analyse et d'appui au dialogue social L. 2234-1 et R. 22341\nD\u00e9cision relative a la liste des organisations syndicales pouvant d\u00e9signer desmembres au sein des observatoires d\u00e9partementaux d'analyse et d'appui dudialogue social\nL. 2234-5 et R. 2234-2\nD\u00e9cision autorisant la suppression du comit\u00e9 d'entreprise europ\u00e9en L. 2345-1 et R. 2345-1\nPARTIE 3 - DUREE DU TRAVAIL ET SALAIRE\nD\u00e9cision autorisant ou refusant une d\u00e9rogation \u00e0 la dur\u00e9e maximalehebdomadaire absolue du travail L. 3121-21 et R. 3121-8 \u00e0 R. 3121-\n10\n2/4\n\nD\u00e9cision autorisant ou refusant une d\u00e9rogation \u00e0 la dur\u00e9e maximalehebdomadaire moyenne du travail L. 3121-25 et R. 3121-11\nD\u00e9cision acceptant ou refusant la suspension de la facult\u00e9 de r\u00e9cup\u00e9ration desheures perdues en cas de ch\u00f4mage prolong\u00e9 dans une profession R- 3121-32D\u00e9rogation \u00e0 la dur\u00e9e moyenne hebdomadaire maximale si l'entreprise nerel\u00e8ve pas d'un secteur b\u00e9n\u00e9ficiant d'une autorisation accord\u00e9e par le ministre R. 312116ou le DREETS\nACCORD D'INT\u00c9RESSEMENT, DE PARTICIPATION, PEE, PEI, PLANS D'\u00c9PARGNE RETRAITE COLLECTIFAccus\u00e9 r\u00e9ception L. 3313-3, L. 3323-4, D. 3345-5\nACCORD D'INT\u00c9RESSEMENT\nDemande de modification de dispositions contraires aux dispositions l\u00e9gales L338\nACCORD D'INTERESSEMENT, DE PARTICIPATION, PLAN D'\u00c9PARGNE SALARIALEDemande de modification ou de retrait de dispositions contraires aux L. 3345-4dispositions l\u00e9gales dans un accord d'int\u00e9ressement, de participation ou d'unr\u00e8glement d'\u00e9pargne salariale\nPARTIE 4 - SANTE ET SECURITE AU TRAVAIL\nCDD-NT\u00c9RIMAIRES \u2014 TRAVAUX DANGEREUX\nD\u00e9cision d\u00e9rogeant \u00e0 l'interdiction d'employer des CDD et salari\u00e9s temporaires\u00e0 des travaux figurant \u00e0 l'article D 4154-1\nL. 4154-1, 1, 1251-10, D. 4154-3D. 1242-5 et D. 1251-2\nD\u00e9cision d'approbation des \u00e9tudes de s\u00e9curit\u00e9 concernant les installationspyrotechniques R. 4462-30\nCHANTIERS DE D\u00c9POLLUTION PYROTECHNIQUE\nApprobation de l'\u00e9tude de s\u00e9curit\u00e9\nArticle 8 du d\u00e9cret n\u00b0 2005-1325 du 26 octobre 2005modifi\u00e9 relatif aux r\u00e8gles des\u00e9curit\u00e9 applicables lors destravaux r\u00e9alis\u00e9s dans le cadred'un chantier de d\u00e9pollutionpyrotechnique\nCOMIT\u00c9 INTERENTREPRISES DE SANT\u00c9 ET DE S\u00c9CURIT\u00c9 AU TRAVAIL (ICPE \u2014 PPRT)Pr\u00e9sidence du CISST R. 4524-7\nChantiers VRD\nD\u00e9cision accordant ou refusant d'accorder les d\u00e9rogations aux dispositions desarticles R. 4533-2 \u00e0 R. 4533-4 du code du travail\nR. 4533-6 et R. 4533-7\nMise EN DEMEURE DU DIRECTEUR REGIONAL\nMise en demeure de prendre des mesures pour rem\u00e9dier \u00e0 une situationdangereuse r\u00e9sultant d'une infraction aux dispositions des articles L.4121-1 \u00e0L.4121-5, L.4522-1 et L.4221-1 du code du travail\nL. 47211\nD\u00e9cision de suspendre le contrat de travail ou la convention de stage en cas deconstat de risque s\u00e9rieux d'atteinte \u00e0 la sant\u00e9, \u00e0 la s\u00e9curit\u00e9 ou \u00e0 l'int\u00e9grit\u00e9physique ou morale du jeune\nL. 4733-8 et R. 4733-12\nD\u00e9cision accordant ou refusant la reprise de l'ex\u00e9cution du contrat de travailou de la convention de stage et interdiction \u00e0 l'embauche de recruter oud'accueillir de nouveaux jeunes travailleurs ou stagiaires L. 4733-9 et L. 4733-10\nD\u00e9cision mettant fin \u00e0 l'interdiction de recruter ou d'accueillir de nouveauxjeunes \u00e2g\u00e9s de moins de dix-huit ans, travailleurs ou stagiaires R. 4733-13 et 14\nACCIDENT DU TRAVAIL-PLAN DE R\u00c9ALISATION DE MESURES DE S\u00c9CURIT\u00c9\nAvis sur le plan\nL. 4741-11\nPARTIE 6 - LA FORMATION PROFESSIONNELLE TOUT AU LONG DE LA VIE\nD\u00e9cision de suspension de l'ex\u00e9cution du contrat d'apprentissage. L. 6225-4 et R. 6225-9\nD\u00e9cision de reprise ou refusant la reprise de l'ex\u00e9cution du contratd'apprentissage. L. 6225-5\nD\u00e9cision d'interdiction faite \u00e0 l'employeur de recruter de nouveaux apprentis etdes jeunes titulaires d'un contrat d'insertion en alternance L. 6225-6\nD\u00e9cision mettant fin \u00e0 l'interdiction faite \u00e0 l'employeurde recruter desapprentis des jeunes titulaires d'un contrat d'insertion alternance R. 6225-10 et 11\nPARTIE 8 - CONTROLE DE L'APPLICATION DE LA LEGISLATION DU TRAVAIL\nTRANSACTION P\u00c9NALE\nEtablissement de la proposition de transaction et communication \u00e0 l'auteur de L. 8114-4 \u00e0 L. 8114-8\nl'infraction\n3/4\n\nTransmission au Procureur de la R\u00e9publique, pour homologation, de laproposition de transaction accept\u00e9eNotification de la d\u00e9cision d'homologation pour ex\u00e9cution L 8114-6 et R. 8114-3 \u00e0 8114-6\nProc\u00e9dure de rescrit en mati\u00e8re de carte BTP L. 8291-3 et R. 8291-1-1\nCODE RURAL ET DE LA PECHE MARITIME\nDur\u00e9e DU TRAVAIL\nD\u00e9rogation aux dur\u00e9es maximales hebdomadaires de travail (demandescollectives et individuelles)\nL. 713-13 et R. 713-114 14\nCODE DES TRANSPORTS\nDur\u00e9e DU TRAVAIL\nEn cas de circonstances exceptionnelles d\u00e9rogation \u00e0 la dur\u00e9e maximalehebdomadaire moyenne\nArt. 5 du d\u00e9cret n\u00b02000-118 du14 f\u00e9vrier 2000 (modifi\u00e9 D.2009-1377) relatif \u00e0 la dur\u00e9e dutravail dans les entreprises detransport public urbain\nvoyageurs\nArticle 2 : L'arr\u00eat\u00e9 n\u00b0 52-2024-10-00048 du 9 octobre 2024 portant subd\u00e9l\u00e9gation de signature de ladirectrice d\u00e9partementale de l'emploi, du travail, des solidarit\u00e9s et de la protection des populations dela Haute-Marne en mati\u00e8re d'actions d'inspection de la l\u00e9gislation du travail est abrog\u00e9.\nArticle 3 : La directrice d\u00e9partementale de l'emploi, du travail, des solidarit\u00e9s et de la protection despopulations de la Haute-Marne est charg\u00e9e de l'ex\u00e9cution du pr\u00e9sent arr\u00eat\u00e9, qui sera publi\u00e9 au recueildes actes administratifs de la pr\u00e9fecture de la Haute-Marne.\nFait \u00e0 Chaumont, le 5 d\u00e9cembre 2025\nLa directrice d\u00e9partementale de l'emploi, du travail,des solidarit\u00e9s e:\naa\nla protection des populations\nne LOGEROT\n\nExR\u00c9PUBLIQUEFRAN\u00c7AISELibert\u00e9 \u00a9 Dd Azemce R\u00e9gionale de Sant\u00e9\u00c9galire Grand EstFrateratt\u00e9\n1 \n \n \nDECISION TARIFAIRE N\u00b022851 PORTANT MODIFICATION DU PRIX DE JOURNEE \nGLOBALISE POUR 2025 DE MAS JEAN-MARC ITARD - CH HAUTE-MARNE - 520002585 \n \n \nLa Directrice G\u00e9n\u00e9rale de l'ARS Grand Est \n \nVU le Code de l'Action Sociale et des Familles ; \n  \nVU le Code de la S\u00e9curit\u00e9 Sociale ; \n  \nVU la loi n\u00b0 2025-199 du 28 f\u00e9vrier 2025 de financement de la S\u00e9curit\u00e9 Sociale pour 2025 publi\u00e9e \nau Journal Officiel du 28/02/2025; \n  \nVU l'arr\u00eat\u00e9 minist\u00e9riel du 02/06/2025 publi\u00e9 au Journal Officiel du 06/06/2025 pris en application \nde l'article L314 -3 du Code de l'Action Sociale et des Familles fixant, pour l'ann\u00e9e 2025 \nl'objectif global de d\u00e9penses d'assurance maladie et le montant total de d\u00e9pen ses pour les \n\u00e9tablissements et services relevant de la Caisse nationale de solidarit\u00e9 pour l'autonomie ; \n  \nVU la d\u00e9cision du 19/11/2025 publi\u00e9e au Journal Officiel du 26/11/2025 relative aux dotations  \nr\u00e9gionales limitatives 2025 et \u00e0 la moyenne nationale des besoins en soins requis 2025 ; \n  \nVU le d\u00e9cret du 21 mai 2024 portant nomination de Madame RATIGNIER-CARBONNEIL \nChristelle en qualit\u00e9 de Directrice G\u00e9n\u00e9rale de l'agence r\u00e9gionale de sant\u00e9 Grand Est ; \n \nVU La d\u00e9cision de d\u00e9l\u00e9gation de signature de la Directrice G\u00e9n\u00e9rale de l'ARS vers le Directeur \nde HAUTE-MARNE en date du 01/12/2025 ; \n \nVU l'autorisation ou le renouvellement d'autorisation en date du 03/01/2017 de la structure \nMaison d'Accueil Sp\u00e9cialis\u00e9e (M.A.S.) d\u00e9nomm\u00e9e MAS JEAN-MARC ITARD - CH \nHAUTE-MARNE (520002585) sise 1 CAR HENRI ROLLIN 52108 Saint-Dizier et g\u00e9r\u00e9e \npar l'entit\u00e9 d\u00e9nomm\u00e9e CH DE LA HAUTE-MARNE (520780081); \n \n  \nConsid\u00e9rant la d\u00e9cision tarifaire initiale n\u00b0 14758 en date du 11 juillet 2025 port ant fixation du \nprix de journ\u00e9e globalis\u00e9 pour 2025 de la structure d\u00e9nomm\u00e9e MAS JEAN-MARC \nITARD - CH HAUTE-MARNE - 520002585 \n \n \n \n \n \n \n \n \n \n \n \n \n \n \n\n2 \n \n \nDECIDE \n \n \nArticle 1er A compter du 01/01/2025, au titre de 2025, la dotation globalis\u00e9e est fix\u00e9e \u00e0 \n5 014 520,86 \u20ac dont 0,00 \u20ac de cr\u00e9dits non reconductibles vers\u00e9s en une seule fois. \n  \n Les recettes et les d\u00e9penses pr\u00e9visionnelles de la structure sont autoris\u00e9es comme suit : \n \n GROUPES FONCTIONNELS MONTANTS \nEN EUROS \nDEPENSES \nGroupe I \nD\u00e9penses aff\u00e9rentes \u00e0 l'exploitation courante \n310 807,00 \n- dont CNR 0,00 \nGroupe II \nD\u00e9penses aff\u00e9rentes au personnel \n4 115 260,86 \n- dont CNR 0,00 \nGroupe III \nD\u00e9penses aff\u00e9rentes \u00e0 la structure \n998 787,00 \n- dont CNR 0,00 \nReprise de d\u00e9ficits 0,00 \nTOTAL D\u00e9penses 5 424 854,86 \nRECETTES \nGroupe I \nProduits de la tarification 5 014 520,86 \n- dont CNR 40 397,00 \nGroupe II \nAutres produits relatifs \u00e0 l'exploitation \n375 440,00 \nGroupe III \nProduits financiers et produits non encaissables \n34 894,00 \nReprise d'exc\u00e9dents 0,00 \nTOTAL Recettes 5 424 854,86 \n \n D\u00e9penses exclues du tarif : 0,00 \u20ac \n \n Pour 2025, la fraction forfaitaire mensuelle s'\u00e9tablit \u00e0 417  876,74 \u20ac. Soit un prix de \njourn\u00e9e globalis\u00e9 de 267,91 \u20ac. \n \n  \nArticle 2 A compter du 01/01/2026 , en application de l'article L.314 -7 du CASF, les tarifs de \nreconduction sont fix\u00e9s, \u00e0 titre transitoire, \u00e0 : \n \n \u2022 dotation globalis\u00e9e  2026: 4 974 123,86 \u20ac \n(douzi\u00e8me applicable s'\u00e9levant \u00e0 414 510,32 \u20ac) \n\u2022 prix de journ\u00e9e de reconduction de 265,75 \u20ac \n  \nArticle 3 Les recours contentieux dirig\u00e9s contre la pr\u00e9sente d\u00e9cision doivent \u00eatre port\u00e9s devant \nle tribunal administratif territorialement comp\u00e9tent tel que pr\u00e9vu par l'article R. 312-\n10-1 du Code de justice administrative dans un d\u00e9lai de deux mois \u00e0 compter de sa \npublication ou, pour les personnes auxquelles elle sera notifi\u00e9e, \u00e0 compter de sa \nnotification. Le tribunal administratif peut \u00eatre saisi par l'applicati on \u00ab T\u00e9l\u00e9recours \ncitoyens \u00bb accessible par le site www.telerecours.fr. \n  \nArticle 4 La pr\u00e9sente d\u00e9cision sera publi\u00e9e au recueil des actes administratifs. \n  \n3 \n \nArticle 5        La Directrice G\u00e9n\u00e9rale de l'ARS Grand Est est charg\u00e9e de l'ex\u00e9cution de la pr\u00e9sent e \nd\u00e9cision qui sera notifi\u00e9e \u00e0 l'entit\u00e9 gestionnaire CH DE LA HAUTE -MARNE \n(520780081) et \u00e0 l'\u00e9tablissement concern\u00e9. \n \nFait \u00e0 Chaumont, le 02 d\u00e9cembre 2025 \n \nLe Directeur \n \n \n \n \n \n#signature# \n \n \nIskandar SAMAAN\nORDONNATEUR\nEsREPUBLIQUEFRANCAISELibert\u00e9 \u00a9 D Agence R\u00e9gionale de Sant\u00e9'galt Grand EstFraternit\u00e9\n \nDECISION TARIFAIRE N\u00b022911 PORTANT MODIFICATION POUR 2025 DU MONTANT ET DE LA \nREPARTITION DE LA DOTATION GLOBALISEE COMMUNE PREVUE AU \nCONTRAT PLURIANNUEL D'OBJECTIFS ET DE MOYENS DE \nALEFPA - 590799730 \n \nPOUR LES ETABLISSEMENTS ET SERVICES SUIV ANTS \nInstitut Th\u00e9rapeutique \u00c9ducatif et P\u00e9dagogique (I.T.E.P.) - ITEP HENRI VIET V AL DE MEUSE - 520780206 \n \n \nLa Directrice G\u00e9n\u00e9rale de l'ARS Grand Est \n \nVU le Code de l'Action Sociale et des Familles ; \n  \nVU le Code de la S\u00e9curit\u00e9 Sociale ; \n  \nVU la loi n\u00b0 2025-199 du 28 f\u00e9vrier 2025 de financement de la S\u00e9curit\u00e9 Sociale pour 2025 publi\u00e9e \nau Journal Officiel du 28/02/2025 ; \n  \nVU l'arr\u00eat\u00e9 minist\u00e9riel du 02/06/2025 publi\u00e9 au Journal Officiel du 06/06/2025 pris en application \nde l'article L314-3 du Code de l'Action Sociale et des Familles fixan t, pour l'ann\u00e9e 2025 \nl'objectif global de d\u00e9penses d'assurance maladie et le montant total de d\u00e9p enses pour les \n\u00e9tablissements et services relevant de la Caisse nationale de solidarit\u00e9 pour l'autonomie ; \n  \nVU la d\u00e9cision du 19/11/2025 publi\u00e9e au Journal Officiel du 26/11/2025 relative a ux dotations \nr\u00e9gionales limitatives 2025 et \u00e0 la moyenne nationale des besoins en soins requis 2025 ; \n  \n  \nVU le d\u00e9cret du 21 mai 2024 portant nomination de Madame RATIGNIER-CARBONNEIL \nChristelle en qualit\u00e9 de Directrice G\u00e9n\u00e9rale de l'agence r\u00e9gionale de sant\u00e9 Grand Est ; \n \nVU la d\u00e9l\u00e9gation de signature de la Directrice G\u00e9n\u00e9rale de l'ARS vers le Di recteur de HAUTE-\nMARNE en date du 01/12/2025 ;  \n  \nVU le Contrat Pluriannuel d'Objectifs et de Moyens conclu le 18/12/2018 prenant effet  au \n01/01/2019 ; \nConsid\u00e9rant La d\u00e9cision tarifaire initiale n\u00b06227 en date du 24 juin 2025 \n \n \nDECIDE \n \n \nArticle 1er A compter du 1er janvier 2025, au titre de 2025, la dotation globalis\u00e9e commune des \n\u00e9tablissements et services m\u00e9dico-sociaux financ\u00e9s par l'Assurance Maladie, g\u00e9r\u00e9s par \nl'entit\u00e9 d\u00e9nomm\u00e9e ALEFPA (590799730), a \u00e9t\u00e9 fix\u00e9e \u00e0 4 522 019,19 \u20ac, dont 0,00 \u20ac de \ncr\u00e9dits non reconductibles vers\u00e9s en une seule fois. \n \n Elle se r\u00e9partit de la mani\u00e8re suivante, les prix de journ\u00e9e \u00e0 compter de 01/01/2 025 \n\u00e9tant \u00e9galement mentionn\u00e9s. \n \n \n\n- Personnes handicap\u00e9es : 4 522 019,19 \u20ac (dont 4 522 019,19 \u20ac imputable \u00e0 \nl'assurance maladie) \n Dotations (en \u20ac) \nFINESS INT  SI  EXT PFR Aut_1 Aut_2 Aut_3 SSIAD \n520780206 \nITEP HENRI \nVIET V AL DE \nMEUSE \n3 034 896,14 687 428,07 0,00 0,00 522 899,86 100 000,00 176 795,12 0,00 \n \n \n Prix de Journ\u00e9e (en \u20ac) \nFINESS INT  SI  EXT PFR Aut_1 Aut_2 Aut_3 SSIAD \n520780206 \nITEP HENRI \nVIET V AL DE \nMEUSE \n434,49 150,09 0,00 0,00 89,61 0,00 0,00 0,00 \n \nPour 2025, la fraction forfaitaire mensuelle, pour le secteur personnes handicap\u00e9es, s'\u00e9tablit \u00e0 \n376 834,93 \u20ac (dont 376 834,93 \u20ac imputable \u00e0 l'Assurance Maladie). \n \n \n \n \n \nArticle 2 A compter du 1 er janvier 2026, en application de l'article L.314-7 du CASF, la \ndotation globalis\u00e9e commune s'\u00e9l\u00e8ve, \u00e0 titre transitoire, \u00e0 3  995 549,44 \u20ac. Elle se \nr\u00e9partit de la mani\u00e8re suivante, les prix de journ\u00e9e de reconduction \u00e9tant \u00e9galem ent \nmentionn\u00e9s : \n  \n \n \n \n- personnes handicap\u00e9es : 3 995 549,44  \u20ac \n(dont 3 995 549,44  \u20ac imputable \u00e0 l'Assurance Maladie) \n \n \nDotations (en \u20ac) \nFINESS INT  SI  EXT PFR Aut_1 Aut_2 Aut_3 SSIAD \n520780206 \nITEP HENRI VIET \nV AL DE MEUSE \n2 375 805,21 683 771,28 0,00 0,00 520 118,28 240 000,00 175 854,67 0,00 \n \n \n \n \nPrix de journ\u00e9e (en \u20ac) \nFINESS INT SI EXT PFR Aut_1 Aut_2 Aut_3 SSIAD \n520780206 \nITEP HENRI VIET \nV AL DE MEUSE \n340,13 149,30 0,00 0,00 89,14 0,00 0,00 0,00 \n \nPour 2026, la fraction forfaitaire mensuelle, pour le secteur personnes handicap\u00e9es, s'\u00e9tablit \u00e0 \n332 962,45 \u20ac (dont 332 962,45 \u20ac imputable \u00e0 l'Assurance Maladie). \n \n \n \nArticle 3 Les recours contentieux dirig\u00e9s contre la pr\u00e9sente d\u00e9cision doivent \u00eatre port\u00e9s devant le \ntribunal administratif territorialement comp\u00e9tent tel que pr\u00e9vu par l'article R. 312-10-1 \ndu Code de justice administrative dans un d\u00e9lai de deux mois \u00e0 compter de sa \npublication ou, pour les personnes auxquelles elle sera notifi\u00e9e, \u00e0 compter de sa \nnotification. Le tribunal administratif peut \u00eatre saisi par l'application \u00ab T\u00e9l\u00e9recours \ncitoyens \u00bb accessible par le site www.telerecours.fr. \n  \nArticle 4 La pr\u00e9sente d\u00e9cision sera publi\u00e9e au recueil des actes administratifs . \n  \n  Article 5         La Directrice G\u00e9n\u00e9rale de l'ARS  Grand Est est charg\u00e9e de l'ex\u00e9cution de la pr\u00e9sente \nd\u00e9cision qui sera notifi\u00e9e \u00e0 l'entit\u00e9 gestionnaire (ALEFPA 590799730) et aux structures \nconcern\u00e9es. \n \n \n \nFait \u00e0 Chaumont, le 02 d\u00e9cembre 2025 \n \nLe Directeur \n \n \n \n                                                                                                                               #signature# \n \n \nIskandar SAMAAN\nORDONNATEUR\nExR\u00c9PUBLIQUEFRAN\u00c7AISELibert\u00e9 \u00a9 D Agence R\u00e9gionale de Sant\u00e9\u00c9galit\u00e9 Grand EstPraternit\u00e9\n \nDECISION TARIFAIRE N\u00b022955 PORTANT MODIFICATION POUR 2025 DU MONTANT ET DE LA \nREPARTITION DE LA DOTATION GLOBALISEE COMMUNE PREVUE AU \nCONTRAT PLURIANNUEL D'OBJECTIFS ET DE MOYENS DE \nASSOCIATION LE BOIS L'ABBESSE - 520782988 \n \nPOUR LES ETABLISSEMENTS ET SERVICES SUIV ANTS \nInstitut M\u00e9dico-Educatif (I.M.E.) - IME LE BOIS L'ABBESSE SAINT DIZIER - 520780198 \n \nEtab.Acc.M\u00e9dicalis\u00e9 en tout ou partie personnes handicap\u00e9es - FAM BOIS L'ABBESSE - 520003369 \n \nService d'accompagnement m\u00e9dico-social adultes handicap\u00e9s - SAMSAH LE BOIS L'ABESSE - 520003815 \n \nService d'\u00c9ducation Sp\u00e9ciale et de Soins \u00e0 Domicile - SESSAD BOIS L'ABBESSE SAINT DIZIER - \n520781675 \n \nEtablissement et Service d'Aide par le Travail (E.S.A.T.) - ESAT \"LES ATELIERS DE BOIS L'ABBESSE\" - \n520781683 \n \nEtablissement pour Enfants ou Adolescents Polyhandicap\u00e9s - ETS POLYHANDICAPES SAINT DIZIER - \n520784380 \n \n \nLa Directrice G\u00e9n\u00e9rale de l'ARS Grand Est \n \nVU le Code de l'Action Sociale et des Familles ; \n  \nVU le Code de la S\u00e9curit\u00e9 Sociale ; \n  \nVU la loi n\u00b0 2025-199 du 28 f\u00e9vrier 2025 de financement de la S\u00e9curit\u00e9 Sociale pour 2025 publi\u00e9e \nau Journal Officiel du 28/02/2025 ; \n  \nVU l'arr\u00eat\u00e9 minist\u00e9riel du 02/06/2025 publi\u00e9 au Journal Officiel du 06/06/2025 pris en application \nde l'article L314-3 du Code de l'Action Sociale et des Familles fixan t, pour l'ann\u00e9e 2025 \nl'objectif global de d\u00e9penses d'assurance maladie et le montant total de d\u00e9p enses pour les \n\u00e9tablissements et services relevant de la Caisse nationale de solidarit\u00e9 pour l'autonomie ; \n  \nVU la d\u00e9cision du 19/11/2025 publi\u00e9e au Journal Officiel du 26/11/2025 relative a ux dotations \nr\u00e9gionales limitatives 2025 et \u00e0 la moyenne nationale des besoins en soins requis 2025 ; \n  \n  \nVU le d\u00e9cret du 21 mai 2024 portant nomination de Madame RATIGNIER-CARBONNEIL \nChristelle en qualit\u00e9 de Directrice G\u00e9n\u00e9rale de l'agence r\u00e9gionale de sant\u00e9 Grand Est ; \n \nVU la d\u00e9l\u00e9gation de signature de la Directrice G\u00e9n\u00e9rale de l'ARS vers le D irecteur de HAUTE-\nMARNE en date du 01/12/2025 ;  \n  \nVU le Contrat Pluriannuel d'Objectifs et de Moyens conclu le 16/12/2014 prenant effet  au \n01/01/2015 ; \nConsid\u00e9rant La d\u00e9cision tarifaire initiale n\u00b06228 en date du 24 juin 2025 \n \n \n\nDECIDE \n \n \nArticle 1er A compter du  1ER janvier 2025, au titre de 2025, la dotation globalis\u00e9e commune des \n\u00e9tablissements et services m\u00e9dico-sociaux financ\u00e9s par l'Assurance Maladie, g\u00e9r\u00e9s par \nl'entit\u00e9 d\u00e9nomm\u00e9e ASSOCIATION LE BOIS L'ABBESSE (520782988), a \u00e9t\u00e9 fix\u00e9e \u00e0 \n12 483 529,74 \u20ac, dont 0,00 \u20ac de cr\u00e9dits non reconductibles vers\u00e9s en une seule fois. \n \n Elle se r\u00e9partit de la mani\u00e8re suivante, les prix de journ\u00e9e \u00e0 compter de 01/01/2 025 \n\u00e9tant \u00e9galement mentionn\u00e9s. \n \n \n- Personnes handicap\u00e9es : 12 483 529,74 \u20ac (dont 12 483 529,74 \u20ac imputable \u00e0 \nl'assurance maladie) \n Dotations (en \u20ac) \nFINESS INT  SI  EXT PFR Aut_1 Aut_2 Aut_3 SSIAD \n520003369 \nFAM BOIS \nL'ABBESSE \n724 352,82 60 577,18 0,00 0,00 239 569,27 0,00 0,00 0,00 \n520003815 \nSAMSAH LE \nBOIS L'ABESSE \n0,00 0,00 0,00 0,00 682 795,16 0,00 0,00 0,00 \n520780198 \nIME LE BOIS \nL'ABBESSE \nSAINT DIZIER \n1 150 655,01 4 238 883,98 100 246,42 134 473,00 147 731,57 178 861,99 168 844,50 0,00 \n520781675 \nSESSAD BOIS \nL'ABBESSE \nSAINT DIZIER \n0,00 0,00 0,00 0,00 831 927,00 338 906,77 163 338,80 0,00 \n520781683 \nESAT \"LES \nATELIERS DE \nBOIS \nL'ABBESSE\" \n0,00 0,00 2 513 \n994,36 0,00 0,00 0,00 0,00 0,00 \n520784380 \nETS \nPOLYHANDICA\nPES SAINT \nDIZIER \n0,00 808 371,91 0,00 0,00 0,00 0,00 0,00 0,00 \n \n \n Prix de Journ\u00e9e (en \u20ac) \nFINESS INT  SI  EXT PFR Aut_1 Aut_2 Aut_3 SSIAD \n520003369 \nFAM BOIS \nL'ABBESSE \n102,88 140,88 0,00 0,00 91,02 0,00 0,00 0,00 \n520003815 \nSAMSAH LE \nBOIS L'ABESSE \n0,00 0,00 0,00 0,00 58,86 0,00 0,00 0,00 \n520780198 \nIME LE BOIS \nL'ABBESSE \nSAINT DIZIER \n269,41 264,93 0,00 0,00 76,54 0,00 0,00 0,00 \n520781675 \nSESSAD BOIS \nL'ABBESSE \nSAINT DIZIER \n0,00 0,00 0,00 0,00 69,33 268,97 136,12 0,00 \n520781683 \nESAT \"LES \nATELIERS DE \nBOIS \nL'ABBESSE\" \n0,00 0,00 67,05 0,00 0,00 0,00 0,00 0,00 \n520784380 \nETS \nPOLYHANDICA\nPES SAINT \nDIZIER \n0,00 323,35 0,00 0,00 0,00 0,00 0,00 0,00 \n \nPour 2025, la fraction forfaitaire mensuelle, pour le secteur personnes handicap\u00e9es, s'\u00e9tablit \u00e0 \n1 040 294,16 \u20ac (dont 1 040 294,16 \u20ac imputable \u00e0 l'Assurance Maladie). \n \n \n \n \n \nArticle 2 A compter du 1 er janvier 2026, en application de l'article L.314-7 du CASF, la \ndotation globalis\u00e9e commune s'\u00e9l\u00e8ve, \u00e0 titre transitoire, \u00e0 12  393 408,74 \u20ac. Elle se \nr\u00e9partit de la mani\u00e8re suivante, les prix de journ\u00e9e de reconduction \u00e9tant \u00e9galem ent \nmentionn\u00e9s : \n  \n \n \n \n- personnes handicap\u00e9es : 12 393 408,74  \u20ac \n(dont 12 393 408,74  \u20ac imputable \u00e0 l'Assurance Maladie) \n \n \nDotations (en \u20ac) \nFINESS INT  SI  EXT PFR Aut_1 Aut_2 Aut_3 SSIAD \n520003369 \nFAM BOIS \nL'ABBESSE \n720 109,32 60 222,30 0,00 0,00 238 178,65 0,00 0,00 0,00 \n520003815 \nSAMSAH LE \nBOIS L'ABESSE \n0,00 0,00 0,00 0,00 680 795,16 0,00 0,00 0,00 \n520780198 \nIME LE BOIS \nL'ABBESSE \nSAINT DIZIER \n1 129 135,98 4 221 986,71 99 847,01 133 937,21 147 142,96 178 149,00 168 171,60 0,00 \n520781675 \nSESSAD BOIS \nL'ABBESSE \nSAINT DIZIER \n0,00 0,00 0,00 0,00 826 952,27 336 880,19 162 362,11 0,00 \n520781683 \nESAT \"LES \nATELIERS DE \nBOIS \nL'ABBESSE\" \n0,00 0,00 2 489 150,36 0,00 0,00 0,00 0,00 0,00 \n520784380 \nETS \nPOLYHANDICAP\nES SAINT DIZIER \n0,00 800 387,91 0,00 0,00 0,00 0,00 0,00 0,00 \n \n \n \n \nPrix de journ\u00e9e (en \u20ac) \nFINESS INT SI EXT PFR Aut_1 Aut_2 Aut_3 SSIAD \n520003369 \nFAM BOIS \nL'ABBESSE \n102,27 140,05 0,00 0,00 90,49 0,00 0,00 0,00 \n520003815 \nSAMSAH LE \nBOIS L'ABESSE \n0,00 0,00 0,00 0,00 58,69 0,00 0,00 0,00 \n520780198 \nIME LE BOIS \nL'ABBESSE \nSAINT DIZIER \n264,37 263,87 0,00 0,00 76,24 0,00 0,00 0,00 \n520781675 \nSESSAD BOIS \nL'ABBESSE \nSAINT DIZIER \n0,00 0,00 0,00 0,00 68,91 267,37 135,30 0,00 \n520781683 \nESAT \"LES \nATELIERS DE \nBOIS \nL'ABBESSE\" \n0,00 0,00 66,38 0,00 0,00 0,00 0,00 0,00 \n520784380 \nETS \nPOLYHANDICAP\nES SAINT DIZIER \n0,00 320,16 0,00 0,00 0,00 0,00 0,00 0,00 \n \nPour 2026, la fraction forfaitaire mensuelle, pour le secteur personnes handicap\u00e9es, s'\u00e9tablit \u00e0 \n1 032 784,06 \u20ac (dont 1 032 784,06 \u20ac imputable \u00e0 l'Assurance Maladie). \n \n \n \nArticle 3 Les recours contentieux dirig\u00e9s contre la pr\u00e9sente d\u00e9cision doivent \u00eatre port\u00e9s devant le \ntribunal administratif territorialement comp\u00e9tent tel que pr\u00e9vu par l'article R. 312-10-1 \ndu Code de justice administrative dans un d\u00e9lai de deux mois \u00e0 compter de sa \npublication ou, pour les personnes auxquelles elle sera notifi\u00e9e, \u00e0 compter de sa \nnotification. Le tribunal administratif peut \u00eatre saisi par l'application \u00ab T\u00e9l\u00e9recours \ncitoyens \u00bb accessible par le site www.telerecours.fr. \n  \nArticle 4 La pr\u00e9sente d\u00e9cision sera publi\u00e9e au recueil des actes administratifs . \n  \n  Article 5         La Directrice G\u00e9n\u00e9rale de l'ARS  Grand Est est charg\u00e9e de l'ex\u00e9cution de la pr\u00e9sente \nd\u00e9cision qui sera notifi\u00e9e \u00e0 l'entit\u00e9 gestionnaire (ASSOCIATION LE BOIS \nL'ABBESSE 520782988) et aux structures concern\u00e9es. \n \n \n \nFait \u00e0 Chaumont, le 02 d\u00e9cembre 2025 \n \nLe Directeur \n \n \n \n                                                                                                                               #signature# \n \n \nIskandar SAMAAN\nORDONNATEUR\nExR\u00c9PUBLIQUEFRAN\u00c7AISELibert\u00e9 @ D Agence R\u00e9gionale de Sant\u00e9\u00c9palit\u00e9 Grand EstFraternit\u00e9\n \nDECISION TARIFAIRE N\u00b023026 PORTANT MODIFICATION POUR 2025 DU MONTANT ET DE LA \nREPARTITION DE LA DOTATION GLOBALISEE COMMUNE PREVUE AU \nCONTRAT PLURIANNUEL D'OBJECTIFS ET DE MOYENS DE \nADPEP 52 - 520782004 \n \nPOUR LES ETABLISSEMENTS ET SERVICES SUIV ANTS \nInstitut M\u00e9dico-Educatif (I.M.E.) - IME CHATEAU RENARD - 520780123 \n \nEtablissement et Service d'Aide par le Travail (E.S.A.T.) - ESAT MONTLETANG - 520003435 \n \nService d'\u00c9ducation Sp\u00e9ciale et de Soins \u00e0 Domicile - SESSAD TSL - 520003872 \n \nInstitut d'Education Sensorielle Sourd/Aveugle - INST EDUCATION SENSORIELLE - 520782160 \n \nService d'\u00c9ducation Sp\u00e9ciale et de Soins \u00e0 Domicile - SESSAD CHATEAU RENARD - 520783952 \n \n \nLa Directrice G\u00e9n\u00e9rale de l'ARS Grand Est \n \nVU le Code de l'Action Sociale et des Familles ; \n  \nVU le Code de la S\u00e9curit\u00e9 Sociale ; \n  \nVU la loi n\u00b0 2025-199 du 28 f\u00e9vrier 2025 de financement de la S\u00e9curit\u00e9 Sociale pour 2025 publi\u00e9e \nau Journal Officiel du 28/02/2025 ; \n  \nVU l'arr\u00eat\u00e9 minist\u00e9riel du 02/06/2025 publi\u00e9 au Journal Officiel du 06/06/2025 pris en application \nde l'article L314-3 du Code de l'Action Sociale et des Familles fixan t, pour l'ann\u00e9e 2025 \nl'objectif global de d\u00e9penses d'assurance maladie et le montant total de d\u00e9p enses pour les \n\u00e9tablissements et services relevant de la Caisse nationale de solidarit\u00e9 pour l'autonomie ; \n  \nVU la d\u00e9cision du 19/11/2025 publi\u00e9e au Journal Officiel du 26/11/2025 relative a ux dotations \nr\u00e9gionales limitatives 2025 et \u00e0 la moyenne nationale des besoins en soins requis 2025 ; \n  \n  \nVU le d\u00e9cret du 21 mai 2024 portant nomination de Madame RATIGNIER-CARBONNEIL \nChristelle en qualit\u00e9 de Directrice G\u00e9n\u00e9rale de l'agence r\u00e9gionale de sant\u00e9 Grand Est ; \n \nVU la d\u00e9l\u00e9gation de signature de la Directrice G\u00e9n\u00e9rale de l'ARS vers le D irecteur de HAUTE-\nMARNE en date du 01/12/2025 ;  \n  \nVU le Contrat Pluriannuel d'Objectifs et de Moyens conclu le 07/12/2018 prenant effet  au \n01/01/2019 ; \nConsid\u00e9rant La d\u00e9cision tarifaire initiale n\u00b06229 en date du 24 juin 2025 \n \n \nDECIDE \n \n \n\nArticle 1er A compter du 1ER janvier 2025, au titre de 2025, la dotation globalis\u00e9e commune des \n\u00e9tablissements et services m\u00e9dico-sociaux financ\u00e9s par l'Assurance Maladie, g\u00e9r\u00e9s par \nl'entit\u00e9 d\u00e9nomm\u00e9e ADPEP 52 (520782004), a \u00e9t\u00e9 fix\u00e9e \u00e0 3 366 407,47 \u20ac, dont 0,00 \u20ac \nde cr\u00e9dits non reconductibles vers\u00e9s en une seule fois. \n \n Elle se r\u00e9partit de la mani\u00e8re suivante, les prix de journ\u00e9e \u00e0 compter de 01/01/2 025 \n\u00e9tant \u00e9galement mentionn\u00e9s. \n \n \n- Personnes handicap\u00e9es : 3 366 407,47 \u20ac (dont 3 366 407,47 \u20ac imputable \u00e0 \nl'assurance maladie) \n Dotations (en \u20ac) \nFINESS INT  SI  EXT PFR Aut_1 Aut_2 Aut_3 SSIAD \n520003435 \nESAT \nMONTLETANG \n0,00 0,00 365 660,34 0,00 0,00 0,00 0,00 0,00 \n520003872 \nSESSAD TSL 0,00 0,00 0,00 0,00 0,00 0,00 0,00 0,00 \n520780123 \nIME CHATEAU \nRENARD \n1 601 397,44 195 568,12 305 036,02 0,00 260 944,16 0,00 0,00 0,00 \n520782160 \nINST \nEDUCATION \nSENSORIELLE \n0,00 0,00 356 523,25 0,00 281 278,14 0,00 0,00 0,00 \n520783952 \nSESSAD \nCHATEAU \nRENARD \n0,00 0,00 0,00 0,00 0,00 0,00 0,00 0,00 \n \n \n Prix de Journ\u00e9e (en \u20ac) \nFINESS INT  SI  EXT PFR Aut_1 Aut_2 Aut_3 SSIAD \n520003435 \nESAT \nMONTLETANG \n0,00 0,00 73,21 0,00 0,00 0,00 0,00 0,00 \n520003872 \nSESSAD TSL 0,00 0,00 0,00 0,00 0,00 0,00 0,00 0,00 \n520780123 \nIME CHATEAU \nRENARD \n259,88 124,25 329,41 0,00 110,57 0,00 0,00 0,00 \n520782160 \nINST \nEDUCATION \nSENSORIELLE \n0,00 0,00 151,07 0,00 119,19 0,00 0,00 0,00 \n520783952 \nSESSAD \nCHATEAU \nRENARD \n0,00 0,00 0,00 0,00 0,00 0,00 0,00 0,00 \n \nPour 2025, la fraction forfaitaire mensuelle, pour le secteur personnes handicap\u00e9es, s'\u00e9tablit \u00e0 \n280 533,97 \u20ac (dont 280 533,97 \u20ac imputable \u00e0 l'Assurance Maladie). \n \n \n \n \n \nArticle 2 A compter du 1 er janvier 2026, en application de l'article L.314-7 du CASF, la \ndotation globalis\u00e9e commune s'\u00e9l\u00e8ve, \u00e0 titre transitoire, \u00e0 3  345 634,86 \u20ac. Elle se \nr\u00e9partit de la mani\u00e8re suivante, les prix de journ\u00e9e de reconduction \u00e9tant \u00e9galem ent \nmentionn\u00e9s : \n  \n \n \n \n- personnes handicap\u00e9es : 3 345 634,86  \u20ac \n(dont 3 345 634,86  \u20ac imputable \u00e0 l'Assurance Maladie) \n \n \nDotations (en \u20ac) \nFINESS INT  SI  EXT PFR Aut_1 Aut_2 Aut_3 SSIAD \n520003435 \nESAT \nMONTLETANG \n0,00 0,00 361 660,34 0,00 0,00 0,00 0,00 0,00 \n520003872 \nSESSAD TSL 0,00 0,00 0,00 0,00 0,00 0,00 0,00 0,00 \n520780123 \nIME CHATEAU \nRENARD \n1 594 402,93 194 369,85 303 161,80 0,00 259 345,55 0,00 0,00 0,00 \n520782160 \nINST \nEDUCATION \nSENSORIELLE \n0,00 0,00 353 668,38 0,00 279 026,01 0,00 0,00 0,00 \n520783952 \nSESSAD \nCHATEAU \nRENARD \n0,00 0,00 0,00 0,00 0,00 0,00 0,00 0,00 \n \n \n \n \nPrix de journ\u00e9e (en \u20ac) \nFINESS INT SI EXT PFR Aut_1 Aut_2 Aut_3 SSIAD \n520003435 \nESAT \nMONTLETANG \n0,00 0,00 72,40 0,00 0,00 0,00 0,00 0,00 \n520003872 \nSESSAD TSL 0,00 0,00 0,00 0,00 0,00 0,00 0,00 0,00 \n520780123 \nIME CHATEAU \nRENARD \n258,75 123,49 327,39 0,00 109,89 0,00 0,00 0,00 \n520782160 \nINST \nEDUCATION \nSENSORIELLE \n0,00 0,00 149,86 0,00 118,23 0,00 0,00 0,00 \n520783952 \nSESSAD \nCHATEAU \nRENARD \n0,00 0,00 0,00 0,00 0,00 0,00 0,00 0,00 \n \nPour 2026, la fraction forfaitaire mensuelle, pour le secteur personnes handicap\u00e9es, s'\u00e9tablit \u00e0 \n278 802,90 \u20ac (dont 278 802,90 \u20ac imputable \u00e0 l'Assurance Maladie). \n \n \n \nArticle 3 Les recours contentieux dirig\u00e9s contre la pr\u00e9sente d\u00e9cision doivent \u00eatre port\u00e9s devant le \ntribunal administratif territorialement comp\u00e9tent tel que pr\u00e9vu par l'article R. 312-10-1 \ndu Code de justice administrative dans un d\u00e9lai de deux mois \u00e0 compter de sa \npublication ou, pour les personnes auxquelles elle sera notifi\u00e9e, \u00e0 compter de sa \nnotification. Le tribunal administratif peut \u00eatre saisi par l'application \u00ab T\u00e9l\u00e9recours \ncitoyens \u00bb accessible par le site www.telerecours.fr. \n  \nArticle 4 La pr\u00e9sente d\u00e9cision sera publi\u00e9e au recueil des actes administratifs . \n  \n  Article 5         La Directrice G\u00e9n\u00e9rale de l'ARS  Grand Est est charg\u00e9e de l'ex\u00e9cution de la pr\u00e9sente \nd\u00e9cision qui sera notifi\u00e9e \u00e0 l'entit\u00e9 gestionnaire (ADPEP 52 520782004) et aux \nstructures concern\u00e9es. \n \n \n \nFait \u00e0 Chaumont, le 02 d\u00e9cembre 2025 \n \nLe Directeur \n \n \n \n                                                                                                                               #signature# \n \n \nIskandar SAMAAN\nORDONNATEUR\nExR\u00c9PUBLIQUEFRAN\u00c7AISELibert\u00e9 \u00a9 D Agence R\u00e9gionale de Sant\u00e9\u00c9galit\u00e9 Grand EstPraternit\u00e9\n \nDECISION TARIFAIRE N\u00b023144 PORTANT MODIFICATION POUR 2025 DU MONTANT ET DE LA \nREPARTITION DE LA DOTATION GLOBALISEE COMMUNE PREVUE AU \nCONTRAT PLURIANNUEL D'OBJECTIFS ET DE MOYENS DE \nFONDATION LUCY LEBON - 520783044 \n \nPOUR LES ETABLISSEMENTS ET SERVICES SUIV ANTS \nInstitut M\u00e9dico-Educatif (I.M.E.) - IME FONDATION L. LEBON MONTIER EN DER - 520780115 \n \nInstitut Th\u00e9rapeutique \u00c9ducatif et P\u00e9dagogique (I.T.E.P.) - ITEP CHALONS-EN-CHAMPAGNE - 510019599 \n \nInstitut Th\u00e9rapeutique \u00c9ducatif et P\u00e9dagogique (I.T.E.P.) - ITEP 51 \"LUCY LEBON\" - VITRY - 510023963 \n \nInstitut Th\u00e9rapeutique \u00c9ducatif et P\u00e9dagogique (I.T.E.P.) - ITEP ADOLESCENT LUCY LEBON ST DIZIER - \n520003138 \n \nInstitut Th\u00e9rapeutique \u00c9ducatif et P\u00e9dagogique (I.T.E.P.) - ITEP LUCY LEBON SAINT DIZIER - 520781659 \n \nService d'\u00c9ducation Sp\u00e9ciale et de Soins \u00e0 Domicile - SESSAD DE MONTIER-EN-DER - 520783960 \n \nCentre d'Accueil Familial Sp\u00e9cialis\u00e9 - CTRE ACC FAM SPEC MONTIER EN DER - 520784372 \n \n \nLa Directrice G\u00e9n\u00e9rale de l'ARS Grand Est \n \nVU le Code de l'Action Sociale et des Familles ; \n  \nVU le Code de la S\u00e9curit\u00e9 Sociale ; \n  \nVU la loi n\u00b0 2025-199 du 28 f\u00e9vrier 2025 de financement de la S\u00e9curit\u00e9 Sociale pour 2025 publi\u00e9e \nau Journal Officiel du 28/02/2025 ; \n  \nVU l'arr\u00eat\u00e9 minist\u00e9riel du 02/06/2025 publi\u00e9 au Journal Officiel du 06/06/2025 pris en application \nde l'article L314-3 du Code de l'Action Sociale et des Familles fixan t, pour l'ann\u00e9e 2025 \nl'objectif global de d\u00e9penses d'assurance maladie et le montant total de d\u00e9p enses pour les \n\u00e9tablissements et services relevant de la Caisse nationale de solidarit\u00e9 pour l'autonomie ; \n  \nVU la d\u00e9cision du 19/11/2025 publi\u00e9e au Journal Officiel du 26/11/2025 relative a ux dotations \nr\u00e9gionales limitatives 2025 et \u00e0 la moyenne nationale des besoins en soins requis 2025 ; \n  \n  \nVU le d\u00e9cret du 21 mai 2024 portant nomination de Madame RATIGNIER-CARBONNEIL \nChristelle en qualit\u00e9 de Directrice G\u00e9n\u00e9rale de l'agence r\u00e9gionale de sant\u00e9 Grand Est ; \n \nVU la d\u00e9l\u00e9gation de signature de la Directrice G\u00e9n\u00e9rale de l'ARS vers le D irecteur de HAUTE-\nMARNE en date du 01/12/2025 ;  \n  \nVU le Contrat Pluriannuel d'Objectifs et de Moyens conclu le 28/06/2019 prenant effet  au \n01/01/2019 ; \nConsid\u00e9rant La d\u00e9cision tarifaire initiale n\u00b06230 en date du 24 juin 2025 \n \n \n\nDECIDE \n \n \nArticle 1er A compter du 1ER janvier 2025, au titre de 2025, la dotation globalis\u00e9e commune des \n\u00e9tablissements et services m\u00e9dico-sociaux financ\u00e9s par l'Assurance Maladie, g\u00e9r\u00e9s par \nl'entit\u00e9 d\u00e9nomm\u00e9e FONDATION LUCY LEBON (520783044), a \u00e9t\u00e9 fix\u00e9e \u00e0 \n10 276 015,84 \u20ac, dont 0,00 \u20ac de cr\u00e9dits non reconductibles vers\u00e9s en une seule fois. \n \n Elle se r\u00e9partit de la mani\u00e8re suivante, les prix de journ\u00e9e \u00e0 compter de 01/01/2 025 \n\u00e9tant \u00e9galement mentionn\u00e9s. \n \n \n- Personnes handicap\u00e9es : 10 276 015,84 \u20ac (dont 10 276 015,84 \u20ac imputable \u00e0 \nl'assurance maladie) \n Dotations (en \u20ac) \nFINESS INT  SI  EXT PFR Aut_1 Aut_2 Aut_3 SSIAD \n510019599 \nITEP \nCHALONS-EN-\nCHAMPAGNE \n486 487,07 415 517,93 0,00 0,00 0,00 0,00 0,00 0,00 \n510023963 \nITEP 51 \"LUCY \nLEBON\" - \nVITRY \n593 194,85 305 089,59 0,00 0,00 0,00 0,00 0,00 0,00 \n520003138 \nITEP \nADOLESCENT \nLUCY LEBON \nST DIZIER \n563 824,30 374 856,43 0,00 0,00 0,00 0,00 0,00 0,00 \n520780115 \nIME \nFONDATION L. \nLEBON \nMONTIER EN \nDER \n1 538 877,41 888 407,34 0,00 0,00 0,00 0,00 0,00 0,00 \n520781659 \nITEP LUCY \nLEBON SAINT \nDIZIER \n2 001 900,62 771 045,33 0,00 0,00 0,00 0,00 0,00 0,00 \n520783960 \nSESSAD DE \nMONTIER-EN-\nDER \n0,00 0,00 0,00 0,00 1 121 663,75 0,00 0,00 0,00 \n520784372 \nCTRE ACC \nFAM SPEC \nMONTIER EN \nDER \n0,00 0,00 0,00 0,00 0,00 0,00 1 215 151,22 0,00 \n \n \n Prix de Journ\u00e9e (en \u20ac) \nFINESS INT  SI  EXT PFR Aut_1 Aut_2 Aut_3 SSIAD \n510019599 \nITEP \nCHALONS-EN-\nCHAMPAGNE \n211,15 541,04 0,00 0,00 0,00 0,00 0,00 0,00 \n510023963 \nITEP 51 \"LUCY \nLEBON\" - \nVITRY \n257,46 794,50 0,00 0,00 0,00 0,00 0,00 0,00 \n520003138 \nITEP \nADOLESCENT \n318,01 380,56 0,00 0,00 0,00 0,00 0,00 0,00 \nLUCY LEBON \nST DIZIER \n520780115 \nIME \nFONDATION L. \nLEBON \nMONTIER EN \nDER \n263,91 464,89 0,00 0,00 0,00 0,00 0,00 0,00 \n520781659 \nITEP LUCY \nLEBON SAINT \nDIZIER \n510,56 403,69 0,00 0,00 0,00 0,00 0,00 0,00 \n520783960 \nSESSAD DE \nMONTIER-EN-\nDER \n0,00 0,00 0,00 0,00 92,53 0,00 0,00 0,00 \n520784372 \nCTRE ACC \nFAM SPEC \nMONTIER EN \nDER \n0,00 0,00 0,00 0,00 0,00 0,00 157,63 0,00 \n \nPour 2025, la fraction forfaitaire mensuelle, pour le secteur personnes handicap\u00e9es, s'\u00e9tablit \u00e0 \n856 334,65 \u20ac (dont 856 334,65 \u20ac imputable \u00e0 l'Assurance Maladie). \n \n \n \n \n \nArticle 2 A compter du 1 er janvier 2026, en application de l'article L.314-7 du CASF, la \ndotation globalis\u00e9e commune s'\u00e9l\u00e8ve, \u00e0 titre transitoire, \u00e0 9  324 972,34 \u20ac. Elle se \nr\u00e9partit de la mani\u00e8re suivante, les prix de journ\u00e9e de reconduction \u00e9tant \u00e9galem ent \nmentionn\u00e9s : \n  \n \n \n \n- personnes handicap\u00e9es : 9 324 972,34  \u20ac \n(dont 9 324 972,34  \u20ac imputable \u00e0 l'Assurance Maladie) \n \n \nDotations (en \u20ac) \nFINESS INT  SI  EXT PFR Aut_1 Aut_2 Aut_3 SSIAD \n510019599 \nITEP CHALONS-\nEN-CHAMPAGNE \n482 434,85 412 058,65 0,00 0,00 0,00 0,00 0,00 0,00 \n510023963 \nITEP 51 \"LUCY \nLEBON\" - VITRY \n589 239,32 303 056,12 0,00 0,00 0,00 0,00 0,00 0,00 \n520003138 \nITEP \nADOLESCENT \nLUCY LEBON ST \nDIZIER \n560 230,90 372 460,83 0,00 0,00 0,00 0,00 0,00 0,00 \n520780115 \nIME FONDATION \nL. LEBON \nMONTIER EN \nDER \n1 608 844,21 747 044,54 0,00 0,00 0,00 0,00 0,00 0,00 \n520781659 \nITEP LUCY \nLEBON SAINT \nDIZIER \n1 154 996,22 767 775,73 0,00 0,00 0,00 0,00 0,00 0,00 \n520783960 \nSESSAD DE \nMONTIER-EN-\nDER \n0,00 0,00 0,00 0,00 1 115 679,75 0,00 0,00 0,00 \n520784372 \nCTRE ACC FAM \nSPEC MONTIER \nEN DER \n0,00 0,00 0,00 0,00 0,00 0,00 1 211 151,22 0,00 \n \n \n \n \nPrix de journ\u00e9e (en \u20ac) \nFINESS INT SI EXT PFR Aut_1 Aut_2 Aut_3 SSIAD \n510019599 \nITEP CHALONS-\nEN-CHAMPAGNE \n209,39 536,53 0,00 0,00 0,00 0,00 0,00 0,00 \n510023963 \nITEP 51 \"LUCY \nLEBON\" - VITRY \n255,75 789,21 0,00 0,00 0,00 0,00 0,00 0,00 \n520003138 \nITEP \nADOLESCENT \nLUCY LEBON ST \nDIZIER \n315,98 378,13 0,00 0,00 0,00 0,00 0,00 0,00 \n520780115 \nIME FONDATION \nL. LEBON \nMONTIER EN \nDER \n275,91 390,92 0,00 0,00 0,00 0,00 0,00 0,00 \n520781659 \nITEP LUCY \nLEBON SAINT \nDIZIER \n294,57 401,98 0,00 0,00 0,00 0,00 0,00 0,00 \n520783960 \nSESSAD DE \nMONTIER-EN-\nDER \n0,00 0,00 0,00 0,00 92,04 0,00 0,00 0,00 \n520784372 \nCTRE ACC FAM \nSPEC MONTIER \nEN DER \n0,00 0,00 0,00 0,00 0,00 0,00 157,11 0,00 \n \nPour 2026, la fraction forfaitaire mensuelle, pour le secteur personnes handicap\u00e9es, s'\u00e9tablit \u00e0 \n777 081,03 \u20ac (dont 777 081,03 \u20ac imputable \u00e0 l'Assurance Maladie). \n \n \n \nArticle 3 Les recours contentieux dirig\u00e9s contre la pr\u00e9sente d\u00e9cision doivent \u00eatre port\u00e9s devant le \ntribunal administratif territorialement comp\u00e9tent tel que pr\u00e9vu par l'article R. 312-10-1 \ndu Code de justice administrative dans un d\u00e9lai de deux mois \u00e0 compter de sa \npublication ou, pour les personnes auxquelles elle sera notifi\u00e9e, \u00e0 compter de sa \nnotification. Le tribunal administratif peut \u00eatre saisi par l'application \u00ab T\u00e9l\u00e9recours \ncitoyens \u00bb accessible par le site www.telerecours.fr. \n  \nArticle 4 La pr\u00e9sente d\u00e9cision sera publi\u00e9e au recueil des actes administratifs . \n  \n  Article 5         La Directrice G\u00e9n\u00e9rale de l'ARS  Grand Est est charg\u00e9e de l'ex\u00e9cution de la pr\u00e9sente \nd\u00e9cision qui sera notifi\u00e9e \u00e0 l'entit\u00e9 gestionnaire (FONDATION LUCY LEBON \n520783044) et aux structures concern\u00e9es. \n \n \n \nFait \u00e0 Chaumont, le 02 d\u00e9cembre 2025 \n \nLe Directeur \n \n \n \n                                                                                                                               #signature# \n \n \nIskandar SAMAAN\nORDONNATEUR\nEsREPUBLIQUEFRANCAISELibert\u00e9 \u00a9 D Agence R\u00e9gionale de Sant\u00e9'galt Grand EstFraternit\u00e9\n \nDECISION TARIFAIRE N\u00b023147 PORTANT MODIFICATION POUR 2025 DU MONTANT ET DE LA \nREPARTITION DE LA DOTATION GLOBALISEE COMMUNE PREVUE AU \nCONTRAT PLURIANNUEL D'OBJECTIFS ET DE MOYENS DE \nA.D.A.S.M.S. - 520000373 \n \nPOUR LES ETABLISSEMENTS ET SERVICES SUIV ANTS \nInstitut M\u00e9dico-Educatif (I.M.E.) - IME LE JOLI COIN PUELLEMONTIER - 520780107 \n \nService d'accompagnement m\u00e9dico-social adultes handicap\u00e9s - SAMSAH ADASMS - 520003807 \n \nService d'\u00c9ducation Sp\u00e9ciale et de Soins \u00e0 Domicile - SESSAD PUELLEMONTIER - 520004631 \n \nEtablissement et Service d'Aide par le Travail (E.S.A.T.) - ESAT \"LES ATELIERS DE L'HERONNE\" - \n520782293 \n \n \nLa Directrice G\u00e9n\u00e9rale de l'ARS Grand Est \n \nVU le Code de l'Action Sociale et des Familles ; \n  \nVU le Code de la S\u00e9curit\u00e9 Sociale ; \n  \nVU la loi n\u00b0 2025-199 du 28 f\u00e9vrier 2025 de financement de la S\u00e9curit\u00e9 Sociale pour 2025 publi\u00e9e \nau Journal Officiel du 28/02/2025 ; \n  \nVU l'arr\u00eat\u00e9 minist\u00e9riel du 02/06/2025 publi\u00e9 au Journal Officiel du 06/06/2025 pris en application \nde l'article L314-3 du Code de l'Action Sociale et des Familles fixan t, pour l'ann\u00e9e 2025 \nl'objectif global de d\u00e9penses d'assurance maladie et le montant total de d\u00e9p enses pour les \n\u00e9tablissements et services relevant de la Caisse nationale de solidarit\u00e9 pour l'autonomie ; \n  \nVU la d\u00e9cision du 19/11/2025 publi\u00e9e au Journal Officiel du 26/11/2025 relative a ux dotations \nr\u00e9gionales limitatives 2025 et \u00e0 la moyenne nationale des besoins en soins requis 2025 ; \n  \n  \nVU le d\u00e9cret du 21 mai 2024 portant nomination de Madame RATIGNIER-CARBONNEIL \nChristelle en qualit\u00e9 de Directrice G\u00e9n\u00e9rale de l'agence r\u00e9gionale de sant\u00e9 Grand Est ; \n \nVU la d\u00e9l\u00e9gation de signature de la Directrice G\u00e9n\u00e9rale de l'ARS vers le D irecteur de HAUTE-\nMARNE en date du 01/12/2025 ;  \n  \nVU le Contrat Pluriannuel d'Objectifs et de Moyens conclu le 20/12/2016 prenant effet  au \n01/01/2016 ; \nConsid\u00e9rant La d\u00e9cision tarifaire initiale n\u00b06231 en date du 24 juin 2025 \n \n \nDECIDE \n \n \n\nArticle 1er A compter du 1ER janvier 2025, au titre de 2025, la dotation globalis\u00e9e commune des \n\u00e9tablissements et services m\u00e9dico-sociaux financ\u00e9s par l'Assurance Maladie, g\u00e9r\u00e9s par \nl'entit\u00e9 d\u00e9nomm\u00e9e A.D.A.S.M.S. (520000373), a \u00e9t\u00e9 fix\u00e9e \u00e0 4 040 964,98 \u20ac, dont 0,00 \n\u20ac de cr\u00e9dits non reconductibles vers\u00e9s en une seule fois. \n \n Elle se r\u00e9partit de la mani\u00e8re suivante, les prix de journ\u00e9e \u00e0 compter de 01/01/2 025 \n\u00e9tant \u00e9galement mentionn\u00e9s. \n \n \n- Personnes handicap\u00e9es : 4 040 964,98 \u20ac (dont 4 040 964,98 \u20ac imputable \u00e0 \nl'assurance maladie) \n Dotations (en \u20ac) \nFINESS INT  SI  EXT PFR Aut_1 Aut_2 Aut_3 SSIAD \n520003807 \nSAMSAH \nADASMS \n0,00 0,00 0,00 0,00 254 287,33 0,00 0,00 0,00 \n520004631 \nSESSAD \nPUELLEMONTI\nER \n0,00 0,00 0,00 0,00 111 057,53 0,00 0,00 0,00 \n520780107 \nIME LE JOLI \nCOIN \nPUELLEMONTI\nER \n1 583 146,69 488 738,22 0,00 0,00 0,00 0,00 100 504,89 0,00 \n520782293 \nESAT \"LES \nATELIERS DE \nL'HERONNE\" \n0,00 0,00 1 503 \n230,32 0,00 0,00 0,00 0,00 0,00 \n \n \n Prix de Journ\u00e9e (en \u20ac) \nFINESS INT  SI  EXT PFR Aut_1 Aut_2 Aut_3 SSIAD \n520003807 \nSAMSAH \nADASMS \n0,00 0,00 0,00 0,00 58,06 0,00 0,00 0,00 \n520004631 \nSESSAD \nPUELLEMONTI\nER \n0,00 0,00 0,00 0,00 116,90 0,00 0,00 0,00 \n520780107 \nIME LE JOLI \nCOIN \nPUELLEMONTI\nER \n354,05 201,70 0,00 0,00 0,00 0,00 359,47 0,00 \n520782293 \nESAT \"LES \nATELIERS DE \nL'HERONNE\" \n0,00 0,00 71,45 0,00 0,00 0,00 0,00 0,00 \n \nPour 2025, la fraction forfaitaire mensuelle, pour le secteur personnes handicap\u00e9es, s'\u00e9tablit \u00e0 \n336 747,07 \u20ac (dont 336 747,07 \u20ac imputable \u00e0 l'Assurance Maladie). \n \n \n \n \n \nArticle 2 A compter du 1 er janvier 2026, en application de l'article L.314-7 du CASF, la \ndotation globalis\u00e9e commune s'\u00e9l\u00e8ve, \u00e0 titre transitoire, \u00e0 4  081 950,86 \u20ac. Elle se \nr\u00e9partit de la mani\u00e8re suivante, les prix de journ\u00e9e de reconduction \u00e9tant \u00e9galem ent \nmentionn\u00e9s : \n  \n \n \n \n- personnes handicap\u00e9es : 4 081 950,86  \u20ac \n(dont 4 081 950,86  \u20ac imputable \u00e0 l'Assurance Maladie) \n \n \nDotations (en \u20ac) \nFINESS INT  SI  EXT PFR Aut_1 Aut_2 Aut_3 SSIAD \n520003807 \nSAMSAH \nADASMS \n0,00 0,00 0,00 0,00 278 799,33 0,00 0,00 0,00 \n520004631 \nSESSAD \nPUELLEMONTIE\nR \n0,00 0,00 0,00 0,00 109 057,53 0,00 0,00 0,00 \n520780107 \nIME LE JOLI \nCOIN \nPUELLEMONTIE\nR \n1 606 274,47 495 878,08 0,00 0,00 0,00 0,00 101 973,13 0,00 \n520782293 \nESAT \"LES \nATELIERS DE \nL'HERONNE\" \n0,00 0,00 1 489 968,32 0,00 0,00 0,00 0,00 0,00 \n \n \n \n \nPrix de journ\u00e9e (en \u20ac) \nFINESS INT SI EXT PFR Aut_1 Aut_2 Aut_3 SSIAD \n520003807 \nSAMSAH \nADASMS \n0,00 0,00 0,00 0,00 63,65 0,00 0,00 0,00 \n520004631 \nSESSAD \nPUELLEMONTIE\nR \n0,00 0,00 0,00 0,00 114,80 0,00 0,00 0,00 \n520780107 \nIME LE JOLI \nCOIN \nPUELLEMONTIE\nR \n352,41 200,76 0,00 0,00 0,00 0,00 357,80 0,00 \n520782293 \nESAT \"LES \nATELIERS DE \nL'HERONNE\" \n0,00 0,00 70,82 0,00 0,00 0,00 0,00 0,00 \n \nPour 2026, la fraction forfaitaire mensuelle, pour le secteur personnes handicap\u00e9es, s'\u00e9tablit \u00e0 \n340 162,58 \u20ac (dont 340 162,58 \u20ac imputable \u00e0 l'Assurance Maladie). \n \n \n \nArticle 3 Les recours contentieux dirig\u00e9s contre la pr\u00e9sente d\u00e9cision doivent \u00eatre port\u00e9s devant le \ntribunal administratif territorialement comp\u00e9tent tel que pr\u00e9vu par l'article R. 312-10-1 \ndu Code de justice administrative dans un d\u00e9lai de deux mois \u00e0 compter de sa \npublication ou, pour les personnes auxquelles elle sera notifi\u00e9e, \u00e0 compter de sa \nnotification. Le tribunal administratif peut \u00eatre saisi par l'application \u00ab T\u00e9l\u00e9recours \ncitoyens \u00bb accessible par le site www.telerecours.fr. \n  \nArticle 4 La pr\u00e9sente d\u00e9cision sera publi\u00e9e au recueil des actes administratifs . \n  \n  Article 5         La Directrice G\u00e9n\u00e9rale de l'ARS  Grand Est est charg\u00e9e de l'ex\u00e9cution de la pr\u00e9sente \nd\u00e9cision qui sera notifi\u00e9e \u00e0 l'entit\u00e9 gestionnaire (A.D.A.S.M.S. 520000373) et aux \nstructures concern\u00e9es. \n \n \n \nFait \u00e0 Chaumont, le 02 d\u00e9cembre 2025 \n \nLe Directeur \n \n \n \n                                                                                                                               #signature# \n \n \nIskandar SAMAAN\nORDONNATEUR\nEsREPUBLIQUEFRANCAISELibert\u00e9 \u00a9 D Agence R\u00e9gionale de Sant\u00e9'galt Grand EstFraternit\u00e9\n \nDECISION TARIFAIRE N\u00b023182 PORTANT MODIFICATION POUR 2025 DU MONTANT ET DE LA \nREPARTITION DE LA DOTATION GLOBALISEE COMMUNE PREVUE AU \nCONTRAT PLURIANNUEL D'OBJECTIFS ET DE MOYENS DE \nFEDERATION DES APAJH - 750050916 \n \nPOUR LES ETABLISSEMENTS ET SERVICES SUIV ANTS \nEtablissement et Service d'Aide par le Travail (E.S.A.T.) - ESAT \"JAMES MARANGE\" - 520782145 \n \nEtab.Acc.M\u00e9dicalis\u00e9 en tout ou partie personnes handicap\u00e9es - FAM FEDERATION APAJH HAUTE-MARNE \n- 520004888 \n \nCentre M\u00e9dico-Psycho-P\u00e9dagogique (C.M.P.P.) - CMPP APAJH SAINT-DIZIER - 520780487 \n \nService d'\u00c9ducation Sp\u00e9ciale et de Soins \u00e0 Domicile - SESSAD - APAJH - 550004063 \n \n \nLa Directrice G\u00e9n\u00e9rale de l'ARS Grand Est \n \nVU le Code de l'Action Sociale et des Familles ; \n  \nVU le Code de la S\u00e9curit\u00e9 Sociale ; \n  \nVU la loi n\u00b0 2025-199 du 28 f\u00e9vrier 2025 de financement de la S\u00e9curit\u00e9 Sociale pour 2025 publi\u00e9e \nau Journal Officiel du 28/02/2025 ; \n  \nVU l'arr\u00eat\u00e9 minist\u00e9riel du 02/06/2025 publi\u00e9 au Journal Officiel du 06/06/2025 pris en application \nde l'article L314-3 du Code de l'Action Sociale et des Familles fixan t, pour l'ann\u00e9e 2025 \nl'objectif global de d\u00e9penses d'assurance maladie et le montant total de d\u00e9p enses pour les \n\u00e9tablissements et services relevant de la Caisse nationale de solidarit\u00e9 pour l'autonomie ; \n  \nVU la d\u00e9cision du 19/11/2025 publi\u00e9e au Journal Officiel du 26/11/2025 relative a ux dotations \nr\u00e9gionales limitatives 2025 et \u00e0 la moyenne nationale des besoins en soins requis 2025 ; \n  \n  \nVU le d\u00e9cret du 21 mai 2024 portant nomination de Madame RATIGNIER-CARBONNEIL \nChristelle en qualit\u00e9 de Directrice G\u00e9n\u00e9rale de l'agence r\u00e9gionale de sant\u00e9 Grand Est ; \n \nVU la d\u00e9l\u00e9gation de signature de la Directrice G\u00e9n\u00e9rale de l'ARS vers le D irecteur de HAUTE-\nMARNE en date du 01/12/2025 ;  \n  \nVU le Contrat Pluriannuel d'Objectifs et de Moyens conclu le 05/09/2025 prenant effet  au \n01/01/2025 ; \nConsid\u00e9rant La d\u00e9cision tarifaire initiale n\u00b014524 en date du 09 juillet 2025 \n \n \nDECIDE \n \n \n\nArticle 1er A compter du 1ER janvier 2025, au titre de 2025, la dotation globalis\u00e9e commune des \n\u00e9tablissements et services m\u00e9dico-sociaux financ\u00e9s par l'Assurance Maladie, g\u00e9r\u00e9s par \nl'entit\u00e9 d\u00e9nomm\u00e9e FEDERATION DES APAJH (750050916), a \u00e9t\u00e9 fix\u00e9e \u00e0 \n6 074 015,69 \u20ac, dont 0,00 \u20ac de cr\u00e9dits non reconductibles vers\u00e9s en une seule fois. \n \n Elle se r\u00e9partit de la mani\u00e8re suivante, les prix de journ\u00e9e \u00e0 compter de 01/01/2 025 \n\u00e9tant \u00e9galement mentionn\u00e9s. \n \n \n- Personnes handicap\u00e9es : 6 074 015,69 \u20ac (dont 6 074 015,69 \u20ac imputable \u00e0 \nl'assurance maladie) \n Dotations (en \u20ac) \nFINESS INT  SI  EXT PFR Aut_1 Aut_2 Aut_3 SSIAD \n520004888 \nFAM \nFEDERATION \nAPAJH HAUTE-\nMARNE \n248 317,50 108 112,84 0,00 0,00 218 870,85 0,00 0,00 0,00 \n520780487 \nCMPP APAJH \nSAINT-DIZIER \n0,00 0,00 0,00 0,00 0,00 2 373 \n081,27 431 339,79 0,00 \n520782145 \nESAT \"JAMES \nMARANGE\" \n0,00 0,00 2 175 \n235,20 0,00 0,00 0,00 0,00 0,00 \n550004063 \nSESSAD - \nAPAJH \n0,00 0,00 0,00 0,00 519 058,24 0,00 0,00 0,00 \n \n \n Prix de Journ\u00e9e (en \u20ac) \nFINESS INT  SI  EXT PFR Aut_1 Aut_2 Aut_3 SSIAD \n520004888 \nFAM \nFEDERATION \nAPAJH HAUTE-\nMARNE \n96,62 167,10 0,00 0,00 0,00 0,00 0,00 0,00 \n520780487 \nCMPP APAJH \nSAINT-DIZIER \n0,00 0,00 0,00 0,00 0,00 151,00 0,00 0,00 \n520782145 \nESAT \"JAMES \nMARANGE\" \n0,00 0,00 68,56 0,00 0,00 0,00 0,00 0,00 \n550004063 \nSESSAD - \nAPAJH \n0,00 0,00 0,00 0,00 112,35 0,00 0,00 0,00 \n \nPour 2025, la fraction forfaitaire mensuelle, pour le secteur personnes handicap\u00e9es, s'\u00e9tablit \u00e0 \n506 167,98 \u20ac (dont 506 167,98 \u20ac imputable \u00e0 l'Assurance Maladie). \n \n \n \n \n \nArticle 2 A compter du 1 er janvier 2026, en application de l'article L.314-7 du CASF, la \ndotation globalis\u00e9e commune s'\u00e9l\u00e8ve, \u00e0 titre transitoire, \u00e0 6  114 736,69 \u20ac. Elle se \nr\u00e9partit de la mani\u00e8re suivante, les prix de journ\u00e9e de reconduction \u00e9tant \u00e9galem ent \nmentionn\u00e9s : \n  \n \n \n \n- personnes handicap\u00e9es : 6 114 736,69  \u20ac \n(dont 6 114 736,69  \u20ac imputable \u00e0 l'Assurance Maladie) \n \n \nDotations (en \u20ac) \nFINESS INT  SI  EXT PFR Aut_1 Aut_2 Aut_3 SSIAD \n520004888 \nFAM \nFEDERATION \nAPAJH HAUTE-\nMARNE \n246 585,36 107 358,70 0,00 0,00 217 357,13 0,00 0,00 0,00 \n520780487 \nCMPP APAJH \nSAINT-DIZIER \n0,00 0,00 0,00 0,00 0,00 2 297 437,96 423 968,10 0,00 \n520782145 \nESAT \"JAMES \nMARANGE\" \n0,00 0,00 2 159 651,20 0,00 0,00 0,00 0,00 0,00 \n550004063 \nSESSAD - APAJH 0,00 0,00 0,00 0,00 662 378,24 0,00 0,00 0,00 \n \n \n \n \nPrix de journ\u00e9e (en \u20ac) \nFINESS INT SI EXT PFR Aut_1 Aut_2 Aut_3 SSIAD \n520004888 \nFAM \nFEDERATION \nAPAJH HAUTE-\nMARNE \n95,95 165,93 0,00 0,00 0,00 0,00 0,00 0,00 \n520780487 \nCMPP APAJH \nSAINT-DIZIER \n0,00 0,00 0,00 0,00 0,00 146,18 0,00 0,00 \n520782145 \nESAT \"JAMES \nMARANGE\" \n0,00 0,00 68,07 0,00 0,00 0,00 0,00 0,00 \n550004063 \nSESSAD - APAJH 0,00 0,00 0,00 0,00 143,37 0,00 0,00 0,00 \n \nPour 2026, la fraction forfaitaire mensuelle, pour le secteur personnes handicap\u00e9es, s'\u00e9tablit \u00e0 \n509 561,39 \u20ac (dont 509 561,39 \u20ac imputable \u00e0 l'Assurance Maladie). \n \n \n \nArticle 3 Les recours contentieux dirig\u00e9s contre la pr\u00e9sente d\u00e9cision doivent \u00eatre port\u00e9s devant le \ntribunal administratif territorialement comp\u00e9tent tel que pr\u00e9vu par l'article R. 312-10-1 \ndu Code de justice administrative dans un d\u00e9lai de deux mois \u00e0 compter de sa \npublication ou, pour les personnes auxquelles elle sera notifi\u00e9e, \u00e0 compter de sa \nnotification. Le tribunal administratif peut \u00eatre saisi par l'application \u00ab T\u00e9l\u00e9recours \ncitoyens \u00bb accessible par le site www.telerecours.fr. \n  \nArticle 4 La pr\u00e9sente d\u00e9cision sera publi\u00e9e au recueil des actes administratifs . \n  \n  Article 5         La Directrice G\u00e9n\u00e9rale de l'ARS  Grand Est est charg\u00e9e de l'ex\u00e9cution de la pr\u00e9sente \nd\u00e9cision qui sera notifi\u00e9e \u00e0 l'entit\u00e9 gestionnaire (FEDERATION DES APAJH \n750050916) et aux structures concern\u00e9es. \n \n \n \nFait \u00e0 Chaumont, le 02 d\u00e9cembre 2025 \n \nLe Directeur \n \n \n \n                                                                                                                               #signature# \n \n \nIskandar SAMAAN\nORDONNATEUR\nEuREPUBLIQUEFRANCAISELibert\u00e9 \u00a9 D Agence R\u00e9gonale de Sant\u00e9: Grand Est\n1 \n \n \nDECISION TARIFAIRE N\u00b024344 PORTANT MODIFICATION DU FORFAIT GLOBAL DE \nSOINS POUR 2025 DE \nEHPAD MARIE POCARD DE MARANVILLE - 520784521 \n \n \nLa Directrice G\u00e9n\u00e9rale de l'ARS Grand Est  \n \nVU le Code de l'Action Sociale et des Familles ; \n  \nVU le Code de la S\u00e9curit\u00e9 Sociale ; \n  \nVU la loi n\u00b0 2025-199 du 28 f\u00e9vrier 2025 de financement de la S\u00e9curit\u00e9 Sociale pour 2025 \npubli\u00e9e au Journal Officiel du 28/02/2025 ; \n  \nVU l'arr\u00eat\u00e9 minist\u00e9riel du 02/06/2025 publi\u00e9 au Journal Officiel du 06/06/2025 pris en  \napplication de l'article L314 -3 du Code de l'Action Sociale et des Familles fixant, pour \nl'ann\u00e9e 2025 l'objectif global de d\u00e9penses d'assurance maladie et le montant tot al de \nd\u00e9p\u00b2enses pour les \u00e9tablissements et services relevant de la Caisse nationale de sol idarit\u00e9 \npour l'autonomie ; \n  \nVU la d\u00e9cision du 19/11/2025 publi\u00e9e au Journal Officiel du 26/11/2025 relative aux dot ations \nr\u00e9gionales limitatives 2025 et \u00e0 la moyenne nationale des besoins en soins requis 2025 ; \n  \nVU l'arr\u00eat\u00e9 du 28/05/2025 fixant pour 2025  les valeurs du point mentionn\u00e9es \u00e0 l'article R.314 -\n162 du code de l'action sociale et des familles publi\u00e9 au Journal Officiel du 31/05/2025 ;  \n  \nVU le d\u00e9cret du 21 mai 2024 portant nomination de Madame RATIGNIER-CARBONNEIL \nChristelle en qualit\u00e9 de Directrice G\u00e9n\u00e9rale de l'agence r\u00e9gionale de sant\u00e9 Grand Est ; \n \nVU l'arr\u00eat\u00e9 du 6 juin 2025 fixant le montant de la participation journali\u00e8re forfaitaire des \nr\u00e9sidents aux d\u00e9penses d'entretien de l'autonomie dans les \u00e9tablissements relevant des I, II et \nIV bis de l'article L. 313 -12 du code de l'action sociale et des familles implant\u00e9s dans les \nd\u00e9partements participant \u00e0 l'exp\u00e9rimentation mentionn\u00e9e \u00e0 l'article 79 de la loi  n\u00b0 2023 -\n1250 du 26 d\u00e9cembre 2023 de financement de la s\u00e9curit\u00e9 sociale pour 2024, au titre d e \nl'exercice 2025 ; \n \nVU la d\u00e9cision de d\u00e9l\u00e9gation de signature de la Directrice G\u00e9n\u00e9rale de l'ARS ver s le Directeur \nde HAUTE-MARNE en date du 01/12/2025 ; \n \nVU l'autorisation ou le renouvellement d'autorisation en date du 03/01/2017 de la str ucture \nEtablissement d'h\u00e9bergement pour personnes \u00e2g\u00e9es d\u00e9pendantes d\u00e9nomm\u00e9e EHPAD \nMARIE POCARD DE MARANVILLE (520784521) sise 23 R DEMONGEOT-TISSOT \n52370 Maranville et g\u00e9r\u00e9e par l'entit\u00e9 d\u00e9nomm\u00e9e ASSOC ADEF REDISDENCES MARIE \nPOCARD (940031552) ;  \n \n  \nConsid\u00e9rant la d\u00e9cision tarifaire initiale n\u00b0 3225 en date du 20 juin 2025 portant fixation du forfait \nglobal soins pour 2025 de la structure d\u00e9nomm\u00e9e EHPAD MARIE POCARD DE \nMARANVILLE -520784521 \n \n\n2 \n \n \nDECIDE \n \nArticle 1er A compter du 01/01/2025, le montant \u00e0 la charge de la 5 \u00e8me branche est fix\u00e9 \u00e0 \n595 812,87 \u20ac au titre de 2025, dont 0,00  \u20ac de cr\u00e9dits non reconductibles vers\u00e9s en une \nseule fois. \n  \n La fraction forfaitaire mensuelle s'\u00e9tablit \u00e0 49 651,07 \u20ac. \n  \n Pour 2025, les tarifs sont d\u00e9compos\u00e9s comme suit : \n \n \nPartie soins du \nforfait global \nunique \nPartie entretien \nde l'autonomie \ndu forfait global \nunique \nCNRACL au titre \nde la D\u00e9pendance \nParticipation des \nr\u00e9sidents \u00e0 d\u00e9duire \nde la dotation \nglobalis\u00e9e \ncommune \nMontant \u00e0 la charge \nde la 5\u00e8me branche \nTarif \njournalier \nH\u00e9bergement \nPermanent 540 066,27 79 968,00 0,00 24 221,40 595 812,87 70,85 \nH\u00e9bergement \nTemporaire 0,00    0,00 0,00 \nUHR 0,00    0,00  \nPASA 0,00    0,00  \nAccueil de Jour 0,00    0,00 0,00 \nPlateforme de r\u00e9pit 0,00    0,00  \n \n \n \nArticle 2 A compter du 01/01/ 026, en application de l'article L.314 -7 du CASF, le montant \u00e0 la \ncharge de la 5\u00e8me branche est fix\u00e9, \u00e0 titre transitoire, \u00e0 637 215,56 \u20ac. \n \n  \n Les tarifs de reconduction sont fix\u00e9s \u00e0 : \n \n \nPartie soins du \nforfait global \nunique  N+1 \nPartie entretien de \nl'autonomie du \nforfait global \nunique N+1 \nCNRACL au titre \nde la D\u00e9pendance \n- N+1 \nParticipation des \nr\u00e9sidents \u00e0 d\u00e9duire \nde la dotation \nglobalis\u00e9e \ncommune \nMontant \u00e0 la \ncharge de la 5\u00e8me \nbranche \nN+1 \nTarif journalier \nN+1 \nH\u00e9bergement \nPermanent 525 722,36 159 936,00 0,00 48 442,80 637 215,56 75,77 \nH\u00e9bergement \nTemporaire 0,00    0,00 0,00 \nUHR 0,00    0,00  \nPASA 0,00    0,00  \nAccueil de Jour 0,00    0,00 0,00 \nPlateforme de \nr\u00e9pit 0,00    0,00  \n \n \n La fraction forfaitaire mensuelle s'\u00e9tablit \u00e0 53 101,30 \u20ac. \n  \nArticle 3 Les recours contentieux dirig\u00e9s contre la pr\u00e9sente d\u00e9cision doivent \u00eatre port\u00e9s devant \nle tribunal administratif territorialement comp\u00e9tent tel que pr\u00e9vu par l'article R. 312 -\n10-1 du Code de justice administrative dans un d\u00e9lai de deux mois \u00e0 compter de sa \npublication ou, pour les personnes auxquelles elle sera notifi\u00e9e, \u00e0 compter de sa \nnotification. Le tribunal administratif peut \u00eatre saisi par l'application \u00ab T\u00e9l \u00e9recours \ncitoyens \u00bb accessible par le site www.telerecours.fr. \n  \nArticle 4 La pr\u00e9sente d\u00e9cision sera publi\u00e9e au recueil des actes administratifs. \n  \n3 \n \nArticle 5       La Directrice G\u00e9n\u00e9rale de l'ARS Grand Est est charg\u00e9e  de l'ex\u00e9cution de la pr\u00e9sente \nd\u00e9cision qui sera notifi\u00e9e \u00e0 l'entit\u00e9 gestionnaire ASSOC ADEF REDISDENCES  \nMARIE POCARD (940031552) et \u00e0 l'\u00e9tablissement concern\u00e9. \n \n \nFait \u00e0 CHAUMONT, le 03 d\u00e9cembre 2025                                  \n \nLe Directeur \n \n \n#signature# \n \n \n \n \nIskandar SAMAAN\nORDONNATEUR\nEsREPUBLIQUEFRANCAISELibert\u00e9 \u00a9 D Agence R\u00e9gionalede Sant\u00e9Lgatit\u00e9 Grand EstFratersit\u00e9\n1 \n \n \nDECISION TARIFAIRE N\u00b024345 PORTANT MODIFICATION DU FORFAIT GLOBAL DE \nSOINS POUR 2025 DE \nEHPAD LA TRINCASSAYE - 520783622 \n \n \nLa Directrice G\u00e9n\u00e9rale de l'ARS Grand Est  \n \nVU le Code de l'Action Sociale et des Familles ; \n  \nVU le Code de la S\u00e9curit\u00e9 Sociale ; \n  \nVU la loi n\u00b0 2025-199 du 28 f\u00e9vrier 2025 de financement de la S\u00e9curit\u00e9 Sociale pour 2025 \npubli\u00e9e au Journal Officiel du 28/02/2025 ; \n  \nVU l'arr\u00eat\u00e9 minist\u00e9riel du 02/06/2025 publi\u00e9 au Journal Officiel du 06/06/2025 pris en  \napplication de l'article L314 -3 du Code de l'Action Sociale et des Familles fixant, pour \nl'ann\u00e9e 2025 l'objectif global de d\u00e9penses d'assurance maladie et le montant tot al de \nd\u00e9p\u00b2enses pour les \u00e9tablissements et services relevant de la Caisse nationale de sol idarit\u00e9 \npour l'autonomie ; \n  \nVU la d\u00e9cision du 19/11/2025 publi\u00e9e au Journal Officiel du 26/11/2025 relative aux dot ations \nr\u00e9gionales limitatives 2025 et \u00e0 la moyenne nationale des besoins en soins requis 2025 ; \n  \nVU l'arr\u00eat\u00e9 du 28/05/2025 fixant pour 2025  les valeurs du point mentionn\u00e9es \u00e0 l'article R.314 -\n162 du code de l'action sociale et des familles publi\u00e9 au Journal Officiel du 31/05/2025 ;  \n  \nVU le d\u00e9cret du 21 mai 2024 portant nomination de Madame RATIGNIER-CARBONNEIL \nChristelle en qualit\u00e9 de Directrice G\u00e9n\u00e9rale de l'agence r\u00e9gionale de sant\u00e9 Grand Est ; \n \nVU l'arr\u00eat\u00e9 du 6 juin 2025 fixant le montant de la participation journali\u00e8re forfaitaire des \nr\u00e9sidents aux d\u00e9penses d'entretien de l'autonomie dans les \u00e9tablissements relevant des I, II et \nIV bis de l'article L. 313 -12 du code de l'action sociale et des familles implant\u00e9s dans les \nd\u00e9partements participant \u00e0 l'exp\u00e9rimentation mentionn\u00e9e \u00e0 l'article 79 de la loi  n\u00b0 2023 -\n1250 du 26 d\u00e9cembre 2023 de financement de la s\u00e9curit\u00e9 sociale pour 2024, au titre d e \nl'exercice 2025 ; \n \nVU la d\u00e9cision de d\u00e9l\u00e9gation de signature de la Directrice G\u00e9n\u00e9rale de l'ARS ver s le Directeur \nde HAUTE-MARNE en date du 01/12/2025 ; \n \nVU l'autorisation ou le renouvellement d'autorisation en date du 03/01/2017 de la str ucture \nEtablissement d'h\u00e9bergement pour personnes \u00e2g\u00e9es d\u00e9pendantes d\u00e9nomm\u00e9e EHPAD LA \nTRINCASSAYE (520783622) sise \"ref_ADRESSE_FINESSET_numVoie non trouv\u00e9e\" \nAV DE LA RESISTANCE 52200 Langres et g\u00e9r\u00e9e par l'entit\u00e9 d\u00e9nomm\u00e9e CENTRE \nHOSPITALIER DE LANGRES (520780057) ;  \n \n  \nConsid\u00e9rant la d\u00e9cision tarifaire initiale n\u00b0 10781 en date du 30 juin 2025 portant fixation du  \nforfait global soins pour 2025 de la structure d\u00e9nomm\u00e9e EHPAD LA \nTRINCASSAYE -520783622 \n \n\n2 \n \n \nDECIDE \n \nArticle 1er A compter du 01/01/2025, le montant \u00e0 la charge de la 5 \u00e8me branche est fix\u00e9 \u00e0 \n4 738 966,90 \u20ac au titre de 2025, dont 0,00 \u20ac de cr\u00e9dits non reconductibles vers\u00e9s en une \nseule fois. \n  \n La fraction forfaitaire mensuelle s'\u00e9tablit \u00e0 394 913,91 \u20ac. \n  \n Pour 2025, les tarifs sont d\u00e9compos\u00e9s comme suit : \n \n \nPartie soins du \nforfait global \nunique \nPartie entretien \nde l'autonomie \ndu forfait global \nunique \nCNRACL au titre \nde la D\u00e9pendance \nParticipation des \nr\u00e9sidents \u00e0 d\u00e9duire \nde la dotation \nglobalis\u00e9e \ncommune \nMontant \u00e0 la charge \nde la 5\u00e8me branche \nTarif \njournalier \nH\u00e9bergement \nPermanent 4 123 220,16 436 912,87 29 713,00 143 034,13 4 446 811,90 99,67 \nH\u00e9bergement \nTemporaire 70 351,00    70 351,00 146,87 \nUHR 0,00    0,00  \nPASA 90 738,00    90 738,00  \nAccueil de Jour 131 066,00    131 066,00 118,08 \nPlateforme de r\u00e9pit 0,00    0,00  \n \n \n \nArticle 2 A compter du 01/01/ 2026, en application de l'article L.314 -7 du CASF, le montant \u00e0 la \ncharge de la 5\u00e8me branche est fix\u00e9, \u00e0 titre transitoire, \u00e0 4 658 629,65 \u20ac. \n \n  \n Les tarifs de reconduction sont fix\u00e9s \u00e0 : \n \n \nPartie soins du \nforfait global \nunique N+1 \nPartie entretien de \nl'autonomie du \nforfait global \nunique N+1 \nCNRACL au titre \nde la D\u00e9pendance \n- N+1 \nParticipation des \nr\u00e9sidents \u00e0 d\u00e9duire \nde la dotation \nglobalis\u00e9e \ncommune \nMontant \u00e0 la \ncharge de la 5\u00e8me \nbranche \nN+1 \nTarif journalier \nN+1 \nH\u00e9bergement \nPermanent 3 749 004,16 873 825,74 29 713,00 286 068,25 4 366 474,65 97,87 \nH\u00e9bergement \nTemporaire 70 351,00    70 351,00 146,87 \nUHR 0,00    0,00  \nPASA 90 738,00    90 738,00  \nAccueil de Jour 131 066,00    131 066,00 118,08 \nPlateforme de \nr\u00e9pit 0,00    0,00  \n \n \n La fraction forfaitaire mensuelle s'\u00e9tablit \u00e0 388 219,14 \u20ac. \n  \nArticle 3 Les recours contentieux dirig\u00e9s contre la pr\u00e9sente d\u00e9cision doivent \u00eatre port\u00e9s devant \nle tribunal administratif territorialement comp\u00e9tent tel que pr\u00e9vu par l'article R. 312 -\n10-1 du Code de justice administrative dans un d\u00e9lai de deux mois \u00e0 compter de sa \npublication ou, pour les personnes auxquelles elle sera notifi\u00e9e, \u00e0 compter de sa \nnotification. Le tribunal administratif peut \u00eatre saisi par l'application \u00ab T\u00e9l \u00e9recours \ncitoyens \u00bb accessible par le site www.telerecours.fr. \n  \nArticle 4 La pr\u00e9sente d\u00e9cision sera publi\u00e9e au recueil des actes administratifs. \n  \n3 \n \nArticle 5       La Directrice G\u00e9n\u00e9rale de l'ARS Grand Est est charg\u00e9e de l'ex\u00e9cution de la pr\u00e9sent e \nd\u00e9cision qui sera notifi\u00e9e \u00e0 l'entit\u00e9 gestionnaire CENTRE HOSPITALIER DE \nLANGRES (520780057) et \u00e0 l'\u00e9tablissement concern\u00e9. \n \n \nFait \u00e0 CHAUMONT, le 03 d\u00e9cembre 2025                                  \n \nLe Directeur \n \n \n#signature# \n \n \n \n \nIskandar SAMAAN\nORDONNATEUR\nEuREPUBLIQUEFRANCAISELibert\u00e9 \u00a9 D Agence R\u00e9gonale de Sant\u00e9: Grand Est\n1 \n \n \nDECISION TARIFAIRE N\u00b024346 PORTANT MODIFICATION DU FORFAIT GLOBAL DE \nSOINS POUR 2025 DE \nEHPAD LA PROVIDENCE DE MONTIGNY LE ROI - 520783432 \n \n \nLa Directrice G\u00e9n\u00e9rale de l'ARS Grand Est  \n \nVU le Code de l'Action Sociale et des Familles ; \n  \nVU le Code de la S\u00e9curit\u00e9 Sociale ; \n  \nVU la loi n\u00b0 2025-199 du 28 f\u00e9vrier 2025 de financement de la S\u00e9curit\u00e9 Sociale pour 2025 \npubli\u00e9e au Journal Officiel du 28/02/2025 ; \n  \nVU l'arr\u00eat\u00e9 minist\u00e9riel du 02/06/2025 publi\u00e9 au Journal Officiel du 06/06/2025 pris en  \napplication de l'article L314 -3 du Code de l'Action Sociale et des Familles fixant, pour \nl'ann\u00e9e 2025 l'objectif global de d\u00e9penses d'assurance maladie et le montant tot al de \nd\u00e9p\u00b2enses pour les \u00e9tablissements et services relevant de la Caisse nationale de sol idarit\u00e9 \npour l'autonomie ; \n  \nVU la d\u00e9cision du 19/11/2025 publi\u00e9e au Journal Officiel du 26/11/2025 relative aux dot ations \nr\u00e9gionales limitatives 2025 et \u00e0 la moyenne nationale des besoins en soins requis 2025 ; \n  \nVU l'arr\u00eat\u00e9 du 28/05/2025 fixant pour 2025  les valeurs du point mentionn\u00e9es \u00e0 l'article R.314 -\n162 du code de l'action sociale et des familles publi\u00e9 au Journal Officiel du 31/05/2025 ;  \n  \nVU le d\u00e9cret du 21 mai 2024 portant nomination de Madame RATIGNIER-CARBONNEIL \nChristelle en qualit\u00e9 de Directrice G\u00e9n\u00e9rale de l'agence r\u00e9gionale de sant\u00e9 Grand Est ; \n \nVU l'arr\u00eat\u00e9 du 6 juin 2025 fixant le montant de la participation journali\u00e8re forfaitaire des \nr\u00e9sidents aux d\u00e9penses d'entretien de l'autonomie dans les \u00e9tablissements relevant des I, II et \nIV bis de l'article L. 313 -12 du code de l'action sociale et des familles implant\u00e9s dans les \nd\u00e9partements participant \u00e0 l'exp\u00e9rimentation mentionn\u00e9e \u00e0 l'article 79 de la loi  n\u00b0 2023 -\n1250 du 26 d\u00e9cembre 2023 de financement de la s\u00e9curit\u00e9 sociale pour 2024, au titre d e \nl'exercice 2025 ; \n \nVU la d\u00e9cision de d\u00e9l\u00e9gation de signature de la Directrice G\u00e9n\u00e9rale de l'ARS ver s le Directeur \nde HAUTE-MARNE en date du 01/12/2025 ; \n \nVU l'autorisation ou le renouvellement d'autorisation en date du 03/01/2017 de la str ucture \nEtablissement d'h\u00e9bergement pour personnes \u00e2g\u00e9es d\u00e9pendantes d\u00e9nomm\u00e9e EHPAD LA \nPROVIDENCE DE MONTIGNY LE ROI (520783432) sise 2 R DE LA MADELEINE \n52140 Val-de- Meuse et g\u00e9r\u00e9e par l'entit\u00e9 d\u00e9nomm\u00e9e C.C.A.S DU VAL DE MEUSE \n(520783408) ;  \n \n  \nConsid\u00e9rant la d\u00e9cision tarifaire initiale n\u00b0 10782 en date du 30 juin 2025 portant fixation du  \nforfait global soins pour 2025 de la structure d\u00e9nomm\u00e9e EHPAD LA PROVIDENCE \nDE MONTIGNY LE ROI -520783432 \n \n\n2 \n \n \nDECIDE \n \nArticle 1er A compter du 01/01/2025, le montant \u00e0 la charge de la 5 \u00e8me branche est fix\u00e9 \u00e0 \n2 025 217,71 \u20ac au titre de 2025, dont 0,00 \u20ac de cr\u00e9dits non reconductibles vers\u00e9s en une \nseule fois. \n  \n La fraction forfaitaire mensuelle s'\u00e9tablit \u00e0 168 768,14 \u20ac. \n  \n Pour 2025, les tarifs sont d\u00e9compos\u00e9s comme suit : \n \n \nPartie soins du \nforfait global \nunique \nPartie entretien \nde l'autonomie \ndu forfait global \nunique \nCNRACL au titre \nde la D\u00e9pendance \nParticipation des \nr\u00e9sidents \u00e0 d\u00e9duire \nde la dotation \nglobalis\u00e9e \ncommune \nMontant \u00e0 la charge \nde la 5\u00e8me branche \nTarif \njournalier \nH\u00e9bergement \nPermanent 1 819 044,85 211 329,07 14 356,00 68 863,21 1 975 866,71 83,33 \nH\u00e9bergement \nTemporaire 49 351,00    49 351,00 98,70 \nUHR 0,00    0,00  \nPASA 0,00    0,00  \nAccueil de Jour 0,00    0,00 0,00 \nPlateforme de r\u00e9pit 0,00    0,00  \n \n \n \nArticle 2 A compter du 01/01/ 2026, en application de l'article L.314 -7 du CASF, le montant \u00e0 la \ncharge de la 5\u00e8me branche est fix\u00e9, \u00e0 titre transitoire, \u00e0 2 063 153,68 \u20ac. \n \n  \n Les tarifs de reconduction sont fix\u00e9s \u00e0 : \n \n \nPartie soins du \nforfait global \nunique  N+1 \nPartie entretien de \nl'autonomie du \nforfait global \nunique N+1 \nCNRACL au titre \nde la D\u00e9pendance \n- N+1 \nParticipation des \nr\u00e9sidents \u00e0 d\u00e9duire \nde la dotation \nglobalis\u00e9e \ncommune \nMontant \u00e0 la \ncharge de la 5\u00e8me \nbranche \nN+1 \nTarif journalier \nN+1 \nH\u00e9bergement \nPermanent 1 714 514,97 422 658,13 14 356,00 137 726,42 2 013 802,68 84,93 \nH\u00e9bergement \nTemporaire 49 351,00    49 351,00 98,70 \nUHR 0,00    0,00  \nPASA 0,00    0,00  \nAccueil de Jour 0,00    0,00 0,00 \nPlateforme de \nr\u00e9pit 0,00    0,00  \n \n \n La fraction forfaitaire mensuelle s'\u00e9tablit \u00e0 171 929,47 \u20ac. \n  \nArticle 3 Les recours contentieux dirig\u00e9s contre la pr\u00e9sente d\u00e9cision doivent \u00eatre port\u00e9s devant \nle tribunal administratif territorialement comp\u00e9tent tel que pr\u00e9vu par l'article R. 312 -\n10-1 du Code de justice administrative dans un d\u00e9lai de deux mois \u00e0 compter de sa \npublication ou, pour les personnes auxquelles elle sera notifi\u00e9e, \u00e0 compter de sa \nnotification. Le tribunal administratif peut \u00eatre saisi par l'application \u00ab T\u00e9l \u00e9recours \ncitoyens \u00bb accessible par le site www.telerecours.fr. \n  \nArticle 4 La pr\u00e9sente d\u00e9cision sera publi\u00e9e au recueil des actes administratifs. \n  \n3 \n \nArticle 5       La Directrice G\u00e9n\u00e9rale de l'ARS Grand Est est charg\u00e9e de l'ex\u00e9cution de la pr\u00e9sent e \nd\u00e9cision qui sera notifi\u00e9e \u00e0 l'entit\u00e9 gestionnaire C.C.A.S DU VAL DE MEUSE \n(520783408) et \u00e0 l'\u00e9tablissement concern\u00e9. \n \n \nFait \u00e0 CHAUMONT, le 03 d\u00e9cembre 2025                                  \n \nLe Directeur \n \n \n#signature# \n \n \n \n \nIskandar SAMAAN\nORDONNATEUR\nEsREPUBLIQUEFRANCAISELibert\u00e9 \u00a9 D Agence R\u00e9gionalede Sant\u00e9Lgatit\u00e9 Grand EstFratersit\u00e9\n1 \n \n \nDECISION TARIFAIRE N\u00b024347 PORTANT MODIFICATION DU FORFAIT GLOBAL DE \nSOINS POUR 2025 DE \nEHPAD DE BOURMONT - 520783150 \n \n \nLa Directrice G\u00e9n\u00e9rale de l'ARS Grand Est  \n \nVU le Code de l'Action Sociale et des Familles ; \n  \nVU le Code de la S\u00e9curit\u00e9 Sociale ; \n  \nVU la loi n\u00b0 2025-199 du 28 f\u00e9vrier 2025 de financement de la S\u00e9curit\u00e9 Sociale pour 2025 \npubli\u00e9e au Journal Officiel du 28/02/2025 ; \n  \nVU l'arr\u00eat\u00e9 minist\u00e9riel du 02/06/2025 publi\u00e9 au Journal Officiel du 06/06/2025 pris en  \napplication de l'article L314 -3 du Code de l'Action Sociale et des Familles fixant, pour \nl'ann\u00e9e 2025 l'objectif global de d\u00e9penses d'assurance maladie et le montant tot al de \nd\u00e9p\u00b2enses pour les \u00e9tablissements et services relevant de la Caisse nationale de sol idarit\u00e9 \npour l'autonomie ; \n  \nVU la d\u00e9cision du 19/11/2025 publi\u00e9e au Journal Officiel du 26/11/2025 relative aux dot ations \nr\u00e9gionales limitatives 2025 et \u00e0 la moyenne nationale des besoins en soins requis 2025 ; \n  \nVU l'arr\u00eat\u00e9 du 28/05/2025 fixant pour 2025  les valeurs du point mentionn\u00e9es \u00e0 l'article R.314 -\n162 du code de l'action sociale et des familles publi\u00e9 au Journal Officiel du 31/05/2025 ;  \n  \nVU le d\u00e9cret du 21 mai 2024 portant nomination de Madame RATIGNIER-CARBONNEIL \nChristelle en qualit\u00e9 de Directrice G\u00e9n\u00e9rale de l'agence r\u00e9gionale de sant\u00e9 Grand Est ; \n \nVU l'arr\u00eat\u00e9 du 6 juin 2025 fixant le montant de la participation journali\u00e8re forfaitaire des \nr\u00e9sidents aux d\u00e9penses d'entretien de l'autonomie dans les \u00e9tablissements relevant des I, II et \nIV bis de l'article L. 313 -12 du code de l'action sociale et des familles implant\u00e9s dans les \nd\u00e9partements participant \u00e0 l'exp\u00e9rimentation mentionn\u00e9e \u00e0 l'article 79 de la loi  n\u00b0 2023 -\n1250 du 26 d\u00e9cembre 2023 de financement de la s\u00e9curit\u00e9 sociale pour 2024, au titre d e \nl'exercice 2025 ; \n \nVU la d\u00e9cision de d\u00e9l\u00e9gation de signature de la Directrice G\u00e9n\u00e9rale de l'ARS ver s le Directeur \nde HAUTE-MARNE en date du 01/12/2025 ; \n \nVU l'autorisation ou le renouvellement d'autorisation en date du 03/01/2017 de la str ucture \nEtablissement d'h\u00e9bergement pour personnes \u00e2g\u00e9es d\u00e9pendantes d\u00e9nomm\u00e9e EHPAD DE \nBOURMONT (520783150) sise 3 R DU STADE 52150 Bourmont-entre-Meuse-et-Mouzon \net g\u00e9r\u00e9e par l'entit\u00e9 d\u00e9nomm\u00e9e C.C.A.S. BOURMONT MEUS MOUZ (520783242) ;  \n \n  \nConsid\u00e9rant la d\u00e9cision tarifaire initiale n\u00b0 10783 en date du 30 juin 2025 portant fixation du  \nforfait global soins pour 2025 de la structure d\u00e9nomm\u00e9e EHPAD DE BOURMONT -\n520783150 \n \n\n2 \n \n \nDECIDE \n \nArticle 1er A compter du 01/01/2025, le montant \u00e0 la charge de la 5 \u00e8me branche est fix\u00e9 \u00e0 \n1 654 257,34 \u20ac au titre de 2025, dont 0,00 \u20ac de cr\u00e9dits non reconductibles vers\u00e9s en une \nseule fois. \n  \n La fraction forfaitaire mensuelle s'\u00e9tablit \u00e0 137 854,78 \u20ac. \n  \n Pour 2025, les tarifs sont d\u00e9compos\u00e9s comme suit : \n \n \nPartie soins du \nforfait global \nunique \nPartie entretien \nde l'autonomie \ndu forfait global \nunique \nCNRACL au titre \nde la D\u00e9pendance \nParticipation des \nr\u00e9sidents \u00e0 d\u00e9duire \nde la dotation \nglobalis\u00e9e \ncommune \nMontant \u00e0 la charge \nde la 5\u00e8me branche \nTarif \njournalier \nH\u00e9bergement \nPermanent 1 324 529,91 197 194,29 13 527,00 66 822,86 1 468 428,34 67,30 \nH\u00e9bergement \nTemporaire 16 451,00    16 451,00 49,85 \nUHR 0,00    0,00  \nPASA 90 738,00    90 738,00  \nAccueil de Jour 78 640,00    78 640,00 561,71 \nPlateforme de r\u00e9pit 0,00    0,00  \n \n \n \nArticle 2 A compter du 01/01/ 2026, en application de l'article L.314 -7 du CASF, le montant \u00e0 la \ncharge de la 5\u00e8me branche est fix\u00e9, \u00e0 titre transitoire, \u00e0 1 753 128,78 \u20ac. \n \n  \n Les tarifs de reconduction sont fix\u00e9s \u00e0 : \n \n \nPartie soins du \nforfait global \nunique  N+1 \nPartie entretien de \nl'autonomie du \nforfait global \nunique N+1 \nCNRACL au titre \nde la D\u00e9pendance \n- N+1 \nParticipation des \nr\u00e9sidents \u00e0 d\u00e9duire \nde la dotation \nglobalis\u00e9e \ncommune \nMontant \u00e0 la \ncharge de la 5\u00e8me \nbranche \nN+1 \nTarif journalier \nN+1 \nH\u00e9bergement \nPermanent 1 293 029,91 394 388,59 13 527,00 133 645,72 1 567 299,78 71,83 \nH\u00e9bergement \nTemporaire 16 451,00    16 451,00 49,85 \nUHR 0,00    0,00  \nPASA 90 738,00    90 738,00  \nAccueil de Jour 78 640,00    78 640,00 561,71 \nPlateforme de \nr\u00e9pit 0,00    0,00  \n \n \n La fraction forfaitaire mensuelle s'\u00e9tablit \u00e0 146 094,07 \u20ac. \n  \nArticle 3 Les recours contentieux dirig\u00e9s contre la pr\u00e9sente d\u00e9cision doivent \u00eatre port\u00e9s devant \nle tribunal administratif territorialement comp\u00e9tent tel que pr\u00e9vu par l'article R. 312 -\n10-1 du Code de justice administrative dans un d\u00e9lai de deux mois \u00e0 compter de sa \npublication ou, pour les personnes auxquelles elle sera notifi\u00e9e, \u00e0 compter de sa \nnotification. Le tribunal administratif peut \u00eatre saisi par l'application \u00ab T\u00e9l \u00e9recours \ncitoyens \u00bb accessible par le site www.telerecours.fr. \n  \nArticle 4 La pr\u00e9sente d\u00e9cision sera publi\u00e9e au recueil des actes administratifs. \n  \n3 \n \nArticle 5       La Directrice G\u00e9n\u00e9rale de l'ARS Grand Est est charg\u00e9e de l'ex\u00e9cution de la pr\u00e9sent e \nd\u00e9cision qui sera notifi\u00e9e \u00e0 l'entit\u00e9 gestionnaire C.C.A.S. BOURMONT MEUS \nMOUZ (520783242) et \u00e0 l'\u00e9tablissement concern\u00e9. \n \n \nFait \u00e0 CHAUMONT, le 03 d\u00e9cembre 2025                                  \n \nLe Directeur \n \n \n#signature# \n \n \n \n \nIskandar SAMAAN\nORDONNATEUR\nEsREPUBLIQUEFRANCAISELibert\u00e9 \u00a9 D Agence R\u00e9gionalede Sant\u00e9Lgatit\u00e9 Grand EstFratersit\u00e9\n1 \n \n \nDECISION TARIFAIRE N\u00b024348 PORTANT MODIFICATION DU FORFAIT GLOBAL DE \nSOINS POUR 2025 DE \nEHPAD RES DES AINES CH MONTIER-EN-DER - 520782178 \n \n \nLa Directrice G\u00e9n\u00e9rale de l'ARS Grand Est  \n \nVU le Code de l'Action Sociale et des Familles ; \n  \nVU le Code de la S\u00e9curit\u00e9 Sociale ; \n  \nVU la loi n\u00b0 2025-199 du 28 f\u00e9vrier 2025 de financement de la S\u00e9curit\u00e9 Sociale pour 2025 \npubli\u00e9e au Journal Officiel du 28/02/2025 ; \n  \nVU l'arr\u00eat\u00e9 minist\u00e9riel du 02/06/2025 publi\u00e9 au Journal Officiel du 06/06/2025 pris en  \napplication de l'article L314 -3 du Code de l'Action Sociale et des Familles fixant, pour \nl'ann\u00e9e 2025 l'objectif global de d\u00e9penses d'assurance maladie et le montant tot al de \nd\u00e9p\u00b2enses pour les \u00e9tablissements et services relevant de la Caisse nationale de sol idarit\u00e9 \npour l'autonomie ; \n  \nVU la d\u00e9cision du 19/11/2025 publi\u00e9e au Journal Officiel du 26/11/2025 relative aux dot ations \nr\u00e9gionales limitatives 2025 et \u00e0 la moyenne nationale des besoins en soins requis 2025 ; \n  \nVU l'arr\u00eat\u00e9 du 28/05/2025 fixant pour 2025  les valeurs du point mentionn\u00e9es \u00e0 l'article R.314 -\n162 du code de l'action sociale et des familles publi\u00e9 au Journal Officiel du 31/05/2025 ;  \n  \nVU le d\u00e9cret du 21 mai 2024 portant nomination de Madame RATIGNIER-CARBONNEIL \nChristelle en qualit\u00e9 de Directrice G\u00e9n\u00e9rale de l'agence r\u00e9gionale de sant\u00e9 Grand Est ; \n \nVU l'arr\u00eat\u00e9 du 6 juin 2025 fixant le montant de la participation journali\u00e8re forfaitaire des \nr\u00e9sidents aux d\u00e9penses d'entretien de l'autonomie dans les \u00e9tablissements relevant des I, II et \nIV bis de l'article L. 313 -12 du code de l'action sociale et des familles implant\u00e9s dans les \nd\u00e9partements participant \u00e0 l'exp\u00e9rimentation mentionn\u00e9e \u00e0 l'article 79 de la loi  n\u00b0 2023 -\n1250 du 26 d\u00e9cembre 2023 de financement de la s\u00e9curit\u00e9 sociale pour 2024, au titre d e \nl'exercice 2025 ; \n \nVU la d\u00e9cision de d\u00e9l\u00e9gation de signature de la Directrice G\u00e9n\u00e9rale de l'ARS ver s le Directeur \nde HAUTE-MARNE en date du 01/12/2025 ; \n \nVU l'autorisation ou le renouvellement d'autorisation en date du 03/01/2017 de la str ucture \nEtablissement d'h\u00e9bergement pour personnes \u00e2g\u00e9es d\u00e9pendantes d\u00e9nomm\u00e9e EHPAD RES \nDES AINES CH MONTIER-EN-DER (520782178) sise 26 R AUDIFFRED 52220 Porte \ndu Der et g\u00e9r\u00e9e par l'entit\u00e9 d\u00e9nomm\u00e9e CENTRE HOSPITALIER DE MONTIER -EN-DER \n(520780065) ;  \n \n  \nConsid\u00e9rant la d\u00e9cision tarifaire initiale n\u00b0 10784 en date du 30 juin 2025 portant fixation du  \nforfait global soins pour 2025 de la structure d\u00e9nomm\u00e9e EHPAD RES DES AINES \nCH MONTIER-EN-DER -520782178 \n \n\n2 \n \n \nDECIDE \n \nArticle 1er A compter du 01/01/2025, le montant \u00e0 la charge de la 5 \u00e8me branche est fix\u00e9 \u00e0 \n4 515 647,38 \u20ac au titre de 2025, dont 0,00 \u20ac de cr\u00e9dits non reconductibles vers\u00e9s en une \nseule fois. \n  \n La fraction forfaitaire mensuelle s'\u00e9tablit \u00e0 376 303,95 \u20ac. \n  \n Pour 2025, les tarifs sont d\u00e9compos\u00e9s comme suit : \n \n \nPartie soins du \nforfait global \nunique \nPartie entretien \nde l'autonomie \ndu forfait global \nunique \nCNRACL au titre \nde la D\u00e9pendance \nParticipation des \nr\u00e9sidents \u00e0 d\u00e9duire \nde la dotation \nglobalis\u00e9e \ncommune \nMontant \u00e0 la charge \nde la 5\u00e8me branche \nTarif \njournalier \nH\u00e9bergement \nPermanent 3 981 866,19 381 348,41 26 196,00 129 943,22 4 259 467,38 102,56 \nH\u00e9bergement \nTemporaire 86 802,00    86 802,00 280,01 \nUHR 0,00    0,00  \nPASA 90 738,00    90 738,00  \nAccueil de Jour 78 640,00    78 640,00 604,92 \nPlateforme de r\u00e9pit 0,00    0,00  \n \n \n \nArticle 2 A compter du 01/01/ 2026, en application de l'article L.314 -7 du CASF, le montant \u00e0 la \ncharge de la 5\u00e8me branche est fix\u00e9, \u00e0 titre transitoire, \u00e0 4 666 978,59 \u20ac. \n \n  \n Les tarifs de reconduction sont fix\u00e9s \u00e0 : \n \n \nPartie soins du \nforfait global \nunique  N+1 \nPartie entretien de \nl'autonomie du \nforfait global \nunique N+1 \nCNRACL au titre \nde la D\u00e9pendance \n- N+1 \nParticipation des \nr\u00e9sidents \u00e0 d\u00e9duire \nde la dotation \nglobalis\u00e9e \ncommune \nMontant \u00e0 la \ncharge de la 5\u00e8me \nbranche \nN+1 \nTarif journalier \nN+1 \nH\u00e9bergement \nPermanent 3 881 792,19 762 696,83 26 196,00 259 886,43 4 410 798,59 106,21 \nH\u00e9bergement \nTemporaire 86 802,00    86 802,00 280,01 \nUHR 0,00    0,00  \nPASA 90 738,00    90 738,00  \nAccueil de Jour 78 640,00    78 640,00 604,92 \nPlateforme de \nr\u00e9pit 0,00    0,00  \n \n \n La fraction forfaitaire mensuelle s'\u00e9tablit \u00e0 388 914,88 \u20ac. \n  \nArticle 3 Les recours contentieux dirig\u00e9s contre la pr\u00e9sente d\u00e9cision doivent \u00eatre port\u00e9s devant \nle tribunal administratif territorialement comp\u00e9tent tel que pr\u00e9vu par l'article R. 312 -\n10-1 du Code de justice administrative dans un d\u00e9lai de deux mois \u00e0 compter de sa \npublication ou, pour les personnes auxquelles elle sera notifi\u00e9e, \u00e0 compter de sa \nnotification. Le tribunal administratif peut \u00eatre saisi par l'application \u00ab T\u00e9l \u00e9recours \ncitoyens \u00bb accessible par le site www.telerecours.fr. \n  \nArticle 4 La pr\u00e9sente d\u00e9cision sera publi\u00e9e au recueil des actes administratifs. \n  \n3 \n \nArticle 5       La Directrice G\u00e9n\u00e9rale de l'ARS Grand Est est charg\u00e9e de l'ex\u00e9cution de la pr\u00e9sent e \nd\u00e9cision qui sera notifi\u00e9e \u00e0 l'entit\u00e9 gestionnaire CENTRE HOSPITALIER DE \nMONTIER-EN-DER (520780065) et \u00e0 l'\u00e9tablissement concern\u00e9. \n \n \nFait \u00e0 CHAUMONT, le 03 d\u00e9cembre 2025                                  \n \nLe Directeur \n \n \n#signature# \n \n \n \n \nIskandar SAMAAN\nORDONNATEUR\nEsREPUBLIQUEFRANCAISELibert\u00e9 \u00a9 D Agence R\u00e9gionalede Sant\u00e9Lgatit\u00e9 Grand EstFratersit\u00e9\n1 \n \n \nDECISION TARIFAIRE N\u00b024349 PORTANT MODIFICATION DU FORFAIT GLOBAL DE \nSOINS POUR 2025 DE \nEHPAD LE LIEN NOGENT - 520781766 \n \n \nLa Directrice G\u00e9n\u00e9rale de l'ARS Grand Est  \n \nVU le Code de l'Action Sociale et des Familles ; \n  \nVU le Code de la S\u00e9curit\u00e9 Sociale ; \n  \nVU la loi n\u00b0 2025-199 du 28 f\u00e9vrier 2025 de financement de la S\u00e9curit\u00e9 Sociale pour 2025 \npubli\u00e9e au Journal Officiel du 28/02/2025 ; \n  \nVU l'arr\u00eat\u00e9 minist\u00e9riel du 02/06/2025 publi\u00e9 au Journal Officiel du 06/06/2025 pris en  \napplication de l'article L314 -3 du Code de l'Action Sociale et des Familles fixant, pour \nl'ann\u00e9e 2025 l'objectif global de d\u00e9penses d'assurance maladie et le montant tot al de \nd\u00e9p\u00b2enses pour les \u00e9tablissements et services relevant de la Caisse nationale de sol idarit\u00e9 \npour l'autonomie ; \n  \nVU la d\u00e9cision du 19/11/2025 publi\u00e9e au Journal Officiel du 26/11/2025 relative aux dot ations \nr\u00e9gionales limitatives 2025 et \u00e0 la moyenne nationale des besoins en soins requis 2025 ; \n  \nVU l'arr\u00eat\u00e9 du 28/05/2025 fixant pour 2025  les valeurs du point mentionn\u00e9es \u00e0 l'article R.314 -\n162 du code de l'action sociale et des familles publi\u00e9 au Journal Officiel du 31/05/2025 ;  \n  \nVU le d\u00e9cret du 21 mai 2024 portant nomination de Madame RATIGNIER-CARBONNEIL \nChristelle en qualit\u00e9 de Directrice G\u00e9n\u00e9rale de l'agence r\u00e9gionale de sant\u00e9 Grand Est ; \n \nVU l'arr\u00eat\u00e9 du 6 juin 2025 fixant le montant de la participation journali\u00e8re forfaitaire des \nr\u00e9sidents aux d\u00e9penses d'entretien de l'autonomie dans les \u00e9tablissements relevant des I, II et \nIV bis de l'article L. 313 -12 du code de l'action sociale et des familles implant\u00e9s dans les \nd\u00e9partements participant \u00e0 l'exp\u00e9rimentation mentionn\u00e9e \u00e0 l'article 79 de la loi  n\u00b0 2023 -\n1250 du 26 d\u00e9cembre 2023 de financement de la s\u00e9curit\u00e9 sociale pour 2024, au titre d e \nl'exercice 2025 ; \n \nVU la d\u00e9cision de d\u00e9l\u00e9gation de signature de la Directrice G\u00e9n\u00e9rale de l'ARS ver s le Directeur \nde HAUTE-MARNE en date du 01/12/2025 ; \n \nVU l'autorisation ou le renouvellement d'autorisation en date du 03/01/2017 de la str ucture \nEtablissement d'h\u00e9bergement pour personnes \u00e2g\u00e9es d\u00e9pendantes d\u00e9nomm\u00e9e EHPAD LE \nLIEN NOGENT (520781766) sise 4 R DU CHAMP DE MARS 52800 Nogent et g\u00e9r\u00e9e par \nl'entit\u00e9 d\u00e9nomm\u00e9e ASSOCIATION GROUPE SOS SENIORS (570010173) ;  \n \n  \nConsid\u00e9rant la d\u00e9cision tarifaire initiale n\u00b0 10785 en date du 30 juin 2025 portant fixation du  \nforfait global soins pour 2025 de la structure d\u00e9nomm\u00e9e EHPAD LE LIEN NOGENT \n-520781766 \n \n\n2 \n \n \nDECIDE \n \nArticle 1er A compter du 01/01/2025, le montant \u00e0 la charge de la 5 \u00e8me branche est fix\u00e9 \u00e0 \n2 654 682,66 \u20ac au titre de 2025, dont 0,00 \u20ac de cr\u00e9dits non reconductibles vers\u00e9s en une \nseule fois. \n  \n La fraction forfaitaire mensuelle s'\u00e9tablit \u00e0 221 223,56 \u20ac. \n  \n Pour 2025, les tarifs sont d\u00e9compos\u00e9s comme suit : \n \n \nPartie soins du \nforfait global \nunique \nPartie entretien \nde l'autonomie \ndu forfait global \nunique \nCNRACL au titre \nde la D\u00e9pendance \nParticipation des \nr\u00e9sidents \u00e0 d\u00e9duire \nde la dotation \nglobalis\u00e9e \ncommune \nMontant \u00e0 la charge \nde la 5\u00e8me branche \nTarif \njournalier \nH\u00e9bergement \nPermanent 2 335 999,60 272 716,06 0,00 77 672,00 2 531 043,66 94,34 \nH\u00e9bergement \nTemporaire 32 901,00    32 901,00 60,04 \nUHR 0,00    0,00  \nPASA 90 738,00    90 738,00  \nAccueil de Jour 0,00    0,00 0,00 \nPlateforme de r\u00e9pit 0,00    0,00  \n \n \n \nArticle 2 A compter du 01/01/ 2026, en application de l'article L.314 -7 du CASF, le montant \u00e0 la \ncharge de la 5\u00e8me branche est fix\u00e9, \u00e0 titre transitoire, \u00e0 2 809 809,11 \u20ac. \n \n  \n Les tarifs de reconduction sont fix\u00e9s \u00e0 : \n \n \nPartie soins du \nforfait global \nunique  N+1 \nPartie entretien de \nl'autonomie du \nforfait global \nunique N+1 \nCNRACL au titre \nde la D\u00e9pendance \n- N+1 \nParticipation des \nr\u00e9sidents \u00e0 d\u00e9duire \nde la dotation \nglobalis\u00e9e \ncommune \nMontant \u00e0 la \ncharge de la 5\u00e8me \nbranche \nN+1 \nTarif journalier \nN+1 \nH\u00e9bergement \nPermanent 2 296 082,00 545 432,11 0,00 155 344,00 2 686 170,11 100,13 \nH\u00e9bergement \nTemporaire 32 901,00    32 901,00 60,04 \nUHR 0,00    0,00  \nPASA 90 738,00    90 738,00  \nAccueil de Jour 0,00    0,00 0,00 \nPlateforme de \nr\u00e9pit 0,00    0,00  \n \n \n La fraction forfaitaire mensuelle s'\u00e9tablit \u00e0 234 150,76 \u20ac. \n  \nArticle 3 Les recours contentieux dirig\u00e9s contre la pr\u00e9sente d\u00e9cision doivent \u00eatre port\u00e9s devant \nle tribunal administratif territorialement comp\u00e9tent tel que pr\u00e9vu par l'article R. 312 -\n10-1 du Code de justice administrative dans un d\u00e9lai de deux mois \u00e0 compter de sa \npublication ou, pour les personnes auxquelles elle sera notifi\u00e9e, \u00e0 compter de sa \nnotification. Le tribunal administratif peut \u00eatre saisi par l'application \u00ab T\u00e9l \u00e9recours \ncitoyens \u00bb accessible par le site www.telerecours.fr. \n  \nArticle 4 La pr\u00e9sente d\u00e9cision sera publi\u00e9e au recueil des actes administratifs. \n  \n3 \n \nArticle 5       La Directrice G\u00e9n\u00e9rale de l'ARS Grand Est est charg\u00e9e de l'ex\u00e9cution de la pr\u00e9sent e \nd\u00e9cision qui sera notifi\u00e9e \u00e0 l'entit\u00e9 gestionnaire ASSOCIATION GROUPE SOS \nSENIORS (570010173) et \u00e0 l'\u00e9tablissement concern\u00e9. \n \n \nFait \u00e0 CHAUMONT, le 03 d\u00e9cembre 2025                                  \n \nLe Directeur \n \n \n#signature# \n \n \n \n \nIskandar SAMAAN\nORDONNATEUR\nExR\u00c9PUBLIQUEFRAN\u00c7AISELibert\u00e9 \u00a9 DAgence R\u00e9gionale de Sant\u00e9Realist Grand Est\n1 \n \n \nDECISION TARIFAIRE N\u00b024350 PORTANT MODIFICATION DU FORFAIT GLOBAL DE \nSOINS POUR 2025 DE \nEHPAD SAINT AUGUSTIN - 520781733 \n \n \nLa Directrice G\u00e9n\u00e9rale de l'ARS Grand Est  \n \nVU le Code de l'Action Sociale et des Familles ; \n  \nVU le Code de la S\u00e9curit\u00e9 Sociale ; \n  \nVU la loi n\u00b0 2025-199 du 28 f\u00e9vrier 2025 de financement de la S\u00e9curit\u00e9 Sociale pour 2025 \npubli\u00e9e au Journal Officiel du 28/02/2025 ; \n  \nVU l'arr\u00eat\u00e9 minist\u00e9riel du 02/06/2025 publi\u00e9 au Journal Officiel du 06/06/2025 pris en  \napplication de l'article L314 -3 du Code de l'Action Sociale et des Familles fixant, pour \nl'ann\u00e9e 2025 l'objectif global de d\u00e9penses d'assurance maladie et le montant tot al de \nd\u00e9p\u00b2enses pour les \u00e9tablissements et services relevant de la Caisse nationale de sol idarit\u00e9 \npour l'autonomie ; \n  \nVU la d\u00e9cision du 19/11/2025 publi\u00e9e au Journal Officiel du 26/11/2025 relative aux dot ations \nr\u00e9gionales limitatives 2025 et \u00e0 la moyenne nationale des besoins en soins requis 2025 ; \n  \nVU l'arr\u00eat\u00e9 du 28/05/2025 fixant pour 2025  les valeurs du point mentionn\u00e9es \u00e0 l'article R.314 -\n162 du code de l'action sociale et des familles publi\u00e9 au Journal Officiel du 31/05/2025 ;  \n  \nVU le d\u00e9cret du 21 mai 2024 portant nomination de Madame RATIGNIER-CARBONNEIL \nChristelle en qualit\u00e9 de Directrice G\u00e9n\u00e9rale de l'agence r\u00e9gionale de sant\u00e9 Grand Est ; \n \nVU l'arr\u00eat\u00e9 du 6 juin 2025 fixant le montant de la participation journali\u00e8re forfait aire des \nr\u00e9sidents aux d\u00e9penses d'entretien de l'autonomie dans les \u00e9tablissements relevant des I, II et \nIV bis de l'article L. 313 -12 du code de l'action sociale et des familles implant\u00e9s dans les \nd\u00e9partements participant \u00e0 l'exp\u00e9rimentation mentionn\u00e9e \u00e0 l'article 79 de la loi  n\u00b0 2023 -\n1250 du 26 d\u00e9cembre 2023 de financement de la s\u00e9curit\u00e9 sociale pour 2024, au titre d e \nl'exercice 2025 ; \n \nVU la d\u00e9cision de d\u00e9l\u00e9gation de signature de la Directrice G\u00e9n\u00e9rale de l'ARS ver s le Directeur \nde HAUTE-MARNE en date du 01/12/2025 ; \n \nVU l'autorisation ou le renouvellement d'autorisation en date du 03/01/2017 de la structure \nEtablissement d'h\u00e9bergement pour personnes \u00e2g\u00e9es d\u00e9pendantes d\u00e9nomm\u00e9e EHPAD \nSAINT AUGUSTIN (520781733) sise \"ref_ADRESSE_FINESSET_numVoie non trouv\u00e9e\" \nR LAUSANNE 52250 Longeau- Percey et g\u00e9r\u00e9e par l'entit\u00e9 d\u00e9nomm\u00e9e FONDATION \nSAINT AUGUSTIN (520783085) ;  \n \n  \nConsid\u00e9rant la d\u00e9cision tarifaire initiale n\u00b0 10786 en date du 30 juin 2025 portant fixation du  \nforfait global soins pour 2025 de la structure d\u00e9nomm\u00e9e EHPAD SAINT \nAUGUSTIN -520781733 \n \n\n2 \n \n \nDECIDE \n \nArticle 1er A compter du 01/01/2025, le montant \u00e0 la charge de la 5 \u00e8me branche est fix\u00e9 \u00e0 \n2 111 382,71 \u20ac au titre de 2025, dont 0,00 \u20ac de cr\u00e9dits non reconductibles vers\u00e9s en une \nseule fois. \n  \n La fraction forfaitaire mensuelle s'\u00e9tablit \u00e0 175 948,56 \u20ac. \n  \n Pour 2025, les tarifs sont d\u00e9compos\u00e9s comme suit : \n \n \nPartie soins du \nforfait global \nunique \nPartie entretien \nde l'autonomie \ndu forfait global \nunique \nCNRACL au titre \nde la D\u00e9pendance \nParticipation des \nr\u00e9sidents \u00e0 d\u00e9duire \nde la dotation \nglobalis\u00e9e \ncommune \nMontant \u00e0 la charge \nde la 5\u00e8me branche \nTarif \njournalier \nH\u00e9bergement \nPermanent 1 719 775,80 247 862,17 0,00 74 984,26 1 892 653,71 77,03 \nH\u00e9bergement \nTemporaire 49 351,00    49 351,00 45,53 \nUHR 0,00    0,00  \nPASA 90 738,00    90 738,00  \nAccueil de Jour 78 640,00    78 640,00 104,44 \nPlateforme de r\u00e9pit 0,00    0,00  \n \n \n \nArticle 2 A compter du 01/01/ 2026, en application de l'article L.314 -7 du CASF, le montant \u00e0 la \ncharge de la 5\u00e8me branche est fix\u00e9, \u00e0 titre transitoire, \u00e0 2 255 760,62 \u20ac. \n \n  \n Les tarifs de reconduction sont fix\u00e9s \u00e0 : \n \n \nPartie soins du \nforfait global \nunique  N+1 \nPartie entretien de \nl'autonomie du \nforfait global \nunique N+1 \nCNRACL au titre \nde la D\u00e9pendance \n- N+1 \nParticipation des \nr\u00e9sidents \u00e0 d\u00e9duire \nde la dotation \nglobalis\u00e9e \ncommune \nMontant \u00e0 la \ncharge de la 5\u00e8me \nbranche \nN+1 \nTarif journalier \nN+1 \nH\u00e9bergement \nPermanent 1 691 275,80 495 724,34 0,00 149 968,52 2 037 031,62 82,90 \nH\u00e9bergement \nTemporaire 49 351,00    49 351,00 45,53 \nUHR 0,00    0,00  \nPASA 90 738,00    90 738,00  \nAccueil de Jour 78 640,00    78 640,00 104,44 \nPlateforme de \nr\u00e9pit 0,00    0,00  \n \n \n La fraction forfaitaire mensuelle s'\u00e9tablit \u00e0 187 980,05 \u20ac. \n  \nArticle 3 Les recours contentieux dirig\u00e9s contre la pr\u00e9sente d\u00e9cision doivent \u00eatre port\u00e9s devant \nle tribunal administratif territorialement comp\u00e9tent tel que pr\u00e9vu par l'article R. 312 -\n10-1 du Code de justice administrative dans un d\u00e9lai de deux mois \u00e0 compter de sa \npublication ou, pour les personnes auxquelles elle sera notifi\u00e9e, \u00e0 compter de sa \nnotification. Le tribunal administratif peut \u00eatre saisi par l'application \u00ab T\u00e9l \u00e9recours \ncitoyens \u00bb accessible par le site www.telerecours.fr. \n  \nArticle 4 La pr\u00e9sente d\u00e9cision sera publi\u00e9e au recueil des actes administratifs. \n  \n3 \n \nArticle 5       La Directrice G\u00e9n\u00e9rale de l'ARS Grand Est est charg\u00e9e de l'ex\u00e9cution de la pr\u00e9sent e \nd\u00e9cision qui sera notifi\u00e9e \u00e0 l'entit\u00e9 gestionnaire FONDATION SAINT AUGUSTIN \n(520783085) et \u00e0 l'\u00e9tablissement concern\u00e9. \n \n \nFait \u00e0 CHAUMONT, le 03 d\u00e9cembre 2025                                  \n \nLe Directeur \n \n \n#signature# \n \n \n \n \nIskandar SAMAAN\nORDONNATEUR\nExR\u00c9PUBLIQUEFRAN\u00c7AISELibert\u00e9 \u00a9 DAgence R\u00e9gionale de Sant\u00e9Realist Grand Est\n1 \n \n \nDECISION TARIFAIRE N\u00b024351 PORTANT MODIFICATION DU FORFAIT GLOBAL DE \nSOINS POUR 2025 DE \nEHPAD DU CH DE BOURBONNE LES BAINS - 520781592 \n \n \nLa Directrice G\u00e9n\u00e9rale de l'ARS Grand Est  \n \nVU le Code de l'Action Sociale et des Familles ; \n  \nVU le Code de la S\u00e9curit\u00e9 Sociale ; \n  \nVU la loi n\u00b0 2025-199 du 28 f\u00e9vrier 2025 de financement de la S\u00e9curit\u00e9 Sociale pour 2025 \npubli\u00e9e au Journal Officiel du 28/02/2025 ; \n  \nVU l'arr\u00eat\u00e9 minist\u00e9riel du 02/06/2025 publi\u00e9 au Journal Officiel du 06/06/2025 pris en  \napplication de l'article L314 -3 du Code de l'Action Sociale et des Familles fixant, pour \nl'ann\u00e9e 2025 l'objectif global de d\u00e9penses d'assurance maladie et le montant tot al de \nd\u00e9p\u00b2enses pour les \u00e9tablissements et services relevant de la Caisse nationale de sol idarit\u00e9 \npour l'autonomie ; \n  \nVU la d\u00e9cision du 19/11/2025 publi\u00e9e au Journal Officiel du 26/11/2025 relative aux dotat ions \nr\u00e9gionales limitatives 2025 et \u00e0 la moyenne nationale des besoins en soins requis 2025 ; \n  \nVU l'arr\u00eat\u00e9 du 28/05/2025 fixant pour 2025 les valeurs du point mentionn\u00e9es \u00e0 l'article R.314 -\n162 du code de l'action sociale et des familles publi\u00e9 au Journal Officiel du 31/05/2025 ;  \n  \nVU le d\u00e9cret du 21 mai 2024 portant nomination de Madame RATIGNIER-CARBONNEIL \nChristelle en qualit\u00e9 de Directrice G\u00e9n\u00e9rale de l'agence r\u00e9gionale de sant\u00e9 Grand Est ; \n \nVU l'arr\u00eat\u00e9 du 6 juin 2025 fixant le montant de la participation journali\u00e8re forfaitaire des \nr\u00e9sidents aux d\u00e9penses d'entretien de l'autonomie dans les \u00e9tablissements relevant des I, II et \nIV bis de l'article L. 313 -12 du code de l'action sociale et des familles implant\u00e9s dans les \nd\u00e9partements participant \u00e0 l'exp\u00e9rimentation mentionn\u00e9e \u00e0 l'article 79 de la loi  n\u00b0 2023 -\n1250 du 26 d\u00e9cembre 2023 de financement de la s\u00e9curit\u00e9 sociale pour 2024, au titre d e \nl'exercice 2025 ; \n \nVU la d\u00e9cision de d\u00e9l\u00e9gation de signature de la Directrice G\u00e9n\u00e9rale de l'ARS vers le Directeur \nde HAUTE-MARNE en date du 01/12/2025 ; \n \nVU l'autorisation ou le renouvellement d'autorisation en date du 03/01/2017 de la structure \nEtablissement d'h\u00e9bergement pour personnes \u00e2g\u00e9es d\u00e9pendantes d\u00e9nomm\u00e9e EHPAD DU \nCH DE BOURBONNE LES BAINS (520781592) sise 1 R TERRAIL LEMOINE 52400 \nBourbonne-les-Bains et g\u00e9r\u00e9e par l'entit\u00e9 d\u00e9nomm\u00e9e CTRE HOSPITALIER \nBOURBONNE-LES-BAINS (520780024) ;  \n \n  \nConsid\u00e9rant la d\u00e9cision tarifaire initiale n\u00b0 10787 en date du 30 juin 2025 portant fixation du  \nforfait global soins pour 2025 de la structure d\u00e9nomm\u00e9e EHPAD DU CH DE \nBOURBONNE LES BAINS -520781592 \n \n\n2 \n \n \nDECIDE \n \nArticle 1er A compter du 01/01/2025, le montant \u00e0 la charge de la 5 \u00e8me branche est fix\u00e9 \u00e0 \n5 044 763,40 \u20ac au titre de 2025, dont 0,00 \u20ac de cr\u00e9dits non reconductibles vers\u00e9s en une \nseule fois. \n  \n La fraction forfaitaire mensuelle s'\u00e9tablit \u00e0 420 396,95 \u20ac. \n  \n Pour 2025, les tarifs sont d\u00e9compos\u00e9s comme suit : \n \n \nPartie soins du \nforfait global \nunique \nPartie entretien \nde l'autonomie \ndu forfait global \nunique \nCNRACL au titre \nde la D\u00e9pendance \nParticipation des \nr\u00e9sidents \u00e0 d\u00e9duire \nde la dotation \nglobalis\u00e9e \ncommune \nMontant \u00e0 la charge \nde la 5\u00e8me branche \nTarif \njournalier \nH\u00e9bergement \nPermanent 3 976 169,55 \u20ac 416 137,31 \u20ac 27 910,00 \u20ac 128 604,46 \u20ac 4 291 612,40 \u20ac 102,66 \u20ac \nH\u00e9bergement \nTemporaire 53 901,00 \u20ac    53 901,00 \u20ac 155,33 \u20ac \nUHR 257 290,00 \u20ac    257 290,00 \u20ac  \nPASA 90 738,00 \u20ac    90 738,00 \u20ac  \nAccueil de Jour 131 066,00 \u20ac    131 066,00 \u20ac 160,23 \u20ac \nPlateforme de r\u00e9pit 220 156,00 \u20ac    220 156,00 \u20ac  \n \n \n \nArticle 2 A compter du 01/01/2026, en application de l'article L.314 -7 du CASF, le montant \u00e0 la \ncharge de la 5\u00e8me branche est fix\u00e9, \u00e0 titre transitoire, \u00e0 5 060 994,25 \u20ac. \n \n  \n Les tarifs de reconduction sont fix\u00e9s \u00e0 : \n \n \nPartie soins du \nforfait global \nunique  N+1 \nPartie entretien de \nl'autonomie du \nforfait global \nunique N+1 \nCNRACL au titre \nde la D\u00e9pendance \n- N+1 \nParticipation des \nr\u00e9sidents \u00e0 d\u00e9duire \nde la dotation \nglobalis\u00e9e \ncommune \nMontant \u00e0 la \ncharge de la 5\u00e8me \nbranche \nN+1 \nTarif journalier \nN+1 \nH\u00e9bergement \nPermanent 3 704 867,55 \u20ac 832 274,62 \u20ac 27 910,00 \u20ac 257 208,92 \u20ac 4 307 843,25 \u20ac 103,05 \u20ac \nH\u00e9bergement \nTemporaire 53 901,00 \u20ac    53 901,00 \u20ac 155,33 \u20ac \nUHR 257 290,00 \u20ac    257 290,00 \u20ac  \nPASA 90 738,00 \u20ac    90 738,00 \u20ac  \nAccueil de Jour 131 066,00 \u20ac    131 066,00 \u20ac 160,23 \u20ac \nPlateforme de \nr\u00e9pit 220 156,00 \u20ac    220 156,00 \u20ac  \n \n \n La fraction forfaitaire mensuelle s'\u00e9tablit \u00e0 421 749,52 \u20ac. \n  \nArticle 3 Les recours contentieux dirig\u00e9s contre la pr\u00e9sente d\u00e9cision doivent \u00eatre port\u00e9s devant \nle tribunal administratif territorialement comp\u00e9tent tel que pr\u00e9vu par  l'article R. 312 -\n10-1 du Code de justice administrative dans un d\u00e9lai de deux mois \u00e0 compter de sa \npublication ou, pour les personnes auxquelles elle sera notifi\u00e9e, \u00e0 compter de sa \nnotification. Le tribunal administratif peut \u00eatre saisi par l'application \u00ab T\u00e9l \u00e9recours \ncitoyens \u00bb accessible par le site www.telerecours.fr. \n  \nArticle 4 La pr\u00e9sente d\u00e9cision sera publi\u00e9e au recueil des actes administratifs. \n  \n3 \n \nArticle 5       La Directrice G\u00e9n\u00e9rale de l'ARS Grand Est est charg\u00e9e de l'ex\u00e9cution de la pr\u00e9sent e \nd\u00e9cision qui sera notifi\u00e9e \u00e0 l'entit\u00e9 gestionnaire CTRE HOSPITALIER \nBOURBONNE-LES-BAINS (520780024) et \u00e0 l'\u00e9tablissement concern\u00e9. \n \n \nFait \u00e0 CHAUMONT, le 03 d\u00e9cembre 2025                                  \n \nLe Directeur \n \n \n#signature# \n \n \n \n \nIskandar SAMAAN\nORDONNATEUR\nEuREPUBLIQUEFRANCAISELibert\u00e9 \u00a9 D Agence R\u00e9gonale de Sant\u00e9: Grand Est\n1 \n \n \nDECISION TARIFAIRE N\u00b024352 PORTANT MODIFICATION DU FORFAIT GLOBAL DE \nSOINS POUR 2025 DE \nEHPAD JEAN-FRAN\u00c7OIS BONNET CH CHAUMONT - 520781584 \n \n \nLa Directrice G\u00e9n\u00e9rale de l'ARS Grand Est  \n \nVU le Code de l'Action Sociale et des Familles ; \n  \nVU le Code de la S\u00e9curit\u00e9 Sociale ; \n  \nVU la loi n\u00b0 2025-199 du 28 f\u00e9vrier 2025 de financement de la S\u00e9curit\u00e9 Sociale pour 2025 \npubli\u00e9e au Journal Officiel du 28/02/2025 ; \n  \nVU l'arr\u00eat\u00e9 minist\u00e9riel du 02/06/2025 publi\u00e9 au Journal Officiel du 06/06/2025 pris en  \napplication de l'article L314 -3 du Code de l'Action Sociale et des Familles fixant, pour \nl'ann\u00e9e 2025 l'objectif global de d\u00e9penses d'assurance maladie et le montant tot al de \nd\u00e9p\u00b2enses pour les \u00e9tablissements et services relevant de la Caisse nationale de sol idarit\u00e9 \npour l'autonomie ; \n  \nVU la d\u00e9cision du 19/11/2025 publi\u00e9e au Journal Officiel du 26/11/2025 relative aux dot ations \nr\u00e9gionales limitatives 2025 et \u00e0 la moyenne nationale des besoins en soins requis 2025 ; \n  \nVU l'arr\u00eat\u00e9 du 28/05/2025 fixant pour 2025  les valeurs du point mentionn\u00e9es \u00e0 l'article R.314 -\n162 du code de l'action sociale et des familles publi\u00e9 au Journal Officiel du 31/05/2025 ;  \n  \nVU le d\u00e9cret du 21 mai 2024 portant nomination de Madame RATIGNIER-CARBONNEIL \nChristelle en qualit\u00e9 de Directrice G\u00e9n\u00e9rale de l'agence r\u00e9gionale de sant\u00e9 Grand Est ; \n \nVU l'arr\u00eat\u00e9 du 6 juin 2025 fixant le montant de la participation journali\u00e8re forfaitaire des \nr\u00e9sidents aux d\u00e9penses d'entretien de l'autonomie dans les \u00e9tablissements relevant des I, II et \nIV bis de l'article L. 313 -12 du code de l'action sociale et des familles implant\u00e9s dans les \nd\u00e9partements participant \u00e0 l'exp\u00e9rimentation mentionn\u00e9e \u00e0 l'article 79 de la loi  n\u00b0 2023 -\n1250 du 26 d\u00e9cembre 2023 de financement de la s\u00e9curit\u00e9 sociale pour 2024, au titre d e \nl'exercice 2025 ; \n \nVU la d\u00e9cision de d\u00e9l\u00e9gation de signature de la Directrice G\u00e9n\u00e9rale de l'ARS ver s le Directeur \nde HAUTE-MARNE en date du 01/12/2025 ; \n \nVU l'autorisation ou le renouvellement d'autorisation en date du 03/01/2017 de la str ucture \nEtablissement d'h\u00e9bergement pour personnes \u00e2g\u00e9es d\u00e9pendantes d\u00e9nomm\u00e9e EHPAD JEAN-\nFRAN\u00c7OIS BONNET CH CHAUMONT (520781584) sise 22 R DES CHENEVIERES \n52000 Riaucourt et g\u00e9r\u00e9e par l'entit\u00e9 d\u00e9nomm\u00e9e CENTRE HOSPITALIER DE \nCHAUMONT (520780032) ;  \n \nConsid\u00e9rant la d\u00e9cision tarifaire modificative n\u00b016766 en date du 07 octobre 2025 portant \nmodification du forfait global soins pour 2025 de la structure d\u00e9nomm\u00e9e EHPAD  \nJEAN-FRAN\u00c7OIS BONNET CH CHAUMONT - 520781584 \n  \n \n\n2 \n \n \nDECIDE \n \nArticle 1er A compter du 01/01/2025, le montant \u00e0 la charge de la 5 \u00e8me branche est fix\u00e9 \u00e0 \n2 872 626,87 \u20ac au titre de 2025, dont 200  000,00 \u20ac de cr\u00e9dits non reconductibles vers\u00e9s \nen une seule fois. \n  \n La fraction forfaitaire mensuelle s'\u00e9tablit \u00e0 239 385,57 \u20ac. \n  \n Pour 2025, les tarifs sont d\u00e9compos\u00e9s comme suit : \n \n \nPartie soins du \nforfait global \nunique \nPartie entretien \nde l'autonomie \ndu forfait global \nunique \nCNRACL au titre \nde la D\u00e9pendance \nParticipation des \nr\u00e9sidents \u00e0 d\u00e9duire \nde la dotation \nglobalis\u00e9e \ncommune \nMontant \u00e0 la charge \nde la 5\u00e8me branche \nTarif \njournalier \nH\u00e9bergement \nPermanent 2 653 984,48 282 967,19 18 754,00 83 078,80 2 872 626,87 101,88 \nH\u00e9bergement \nTemporaire 0,00    0,00 0,00 \nUHR 0,00    0,00  \nPASA 0,00    0,00  \nAccueil de Jour 0,00    0,00 0,00 \nPlateforme de r\u00e9pit 0,00    0,00  \n \n \n \nArticle 2 A compter du 01/01/ 2026, en application de l'article L.314 -7 du CASF, le montant \u00e0 la \ncharge de la 5\u00e8me branche est fix\u00e9, \u00e0 titre transitoire, \u00e0 2 670 634,39 \u20ac. \n \n  \n Les tarifs de reconduction sont fix\u00e9s \u00e0 : \n \n \nPartie soins du \nforfait global \nunique  N+1 \nPartie entretien de \nl'autonomie du \nforfait global \nunique N+1 \nCNRACL au titre \nde la D\u00e9pendance \n- N+1 \nParticipation des \nr\u00e9sidents \u00e0 d\u00e9duire \nde la dotation \nglobalis\u00e9e \ncommune \nMontant \u00e0 la \ncharge de la 5\u00e8me \nbranche \nN+1 \nTarif journalier \nN+1 \nH\u00e9bergement \nPermanent 2 252 103,61 565 934,38 18 754,00 166 157,60 2 670 634,39 94,71 \nH\u00e9bergement \nTemporaire 0,00    0,00 0,00 \nUHR 0,00    0,00  \nPASA 0,00    0,00  \nAccueil de Jour 0,00    0,00 0,00 \nPlateforme de \nr\u00e9pit 0,00    0,00  \n \n \n La fraction forfaitaire mensuelle s'\u00e9tablit \u00e0 222 552,87 \u20ac. \n  \nArticle 3 Les recours contentieux dirig\u00e9s contre la pr\u00e9sente d\u00e9cision doivent \u00eatre port\u00e9s devant \nle tribunal administratif territorialement comp\u00e9tent tel que pr\u00e9vu par l'article R. 312 -\n10-1 du Code de justice administrative dans un d\u00e9lai de deux mois \u00e0 compter de sa \npublication ou, pour les personnes auxquelles elle sera notifi\u00e9e, \u00e0 compter de sa \nnotification. Le tribunal administratif peut \u00eatre saisi par l'application \u00ab T\u00e9l \u00e9recours \ncitoyens \u00bb accessible par le site www.telerecours.fr. \n  \nArticle 4 La pr\u00e9sente d\u00e9cision sera publi\u00e9e au recueil des actes administratifs. \n  \n3 \n \nArticle 5       La Directrice G\u00e9n\u00e9rale de l'ARS Grand Est est charg\u00e9e de l'ex\u00e9cution de la pr\u00e9sent e \nd\u00e9cision qui sera notifi\u00e9e \u00e0 l'entit\u00e9 gestionnaire CENTRE HOSPITALIER DE \nCHAUMONT (520780032) et \u00e0 l'\u00e9tablissement concern\u00e9. \n \n \nFait \u00e0 CHAUMONT, le 03 d\u00e9cembre 2025                                  \n \nLe Directeur \n \n \n#signature# \n \n \n \n \nIskandar SAMAAN\nORDONNATEUR\nExR\u00c9PUBLIQUEFRAN\u00c7AISELibert\u00e9 \u00a9 D Agence R\u00e9gionale de Sant\u00e9\u00c9galit\u00e9 Grand EstPraternit\u00e9\n \nDECISION TARIFAIRE N\u00b024353 PORTANT MODIFICATION POUR 2025 DU MONTANT ET DE LA \nREPARTITION DE LA DOTATION GLOBALISEE COMMUNE PREVUE AU \nCONTRAT PLURIANNUEL D'OBJECTIFS ET DE MOYENS DE \nHOPITAL DE JOINVILLE - 520780040 \n \nPOUR LES ETABLISSEMENTS ET SERVICES SUIV ANTS \nEtablissement d'h\u00e9bergement pour personnes \u00e2g\u00e9es d\u00e9pendantes - EHPAD - HL JOINVILLE - 520781543 \n \nService de Soins Infirmiers A Domicile (S.S.I.A.D) - SSIAD DE JOINVILLE - 520784208 \n \n \nLa Directrice G\u00e9n\u00e9rale de l'ARS Grand Est \n \nVU le Code de l'Action Sociale et des Familles ; \n  \nVU le Code de la S\u00e9curit\u00e9 Sociale ; \n  \nVU la loi n\u00b0 2025-199 du 28 f\u00e9vrier 2025 de financement de la S\u00e9curit\u00e9 Sociale pour 2025 \npubli\u00e9e au Journal Officiel du 28/02/2025 ; \n  \nVU l'arr\u00eat\u00e9 minist\u00e9riel du 02/06/2025 publi\u00e9 au Journal Officiel du 06/06/2025 pris en \napplication de l'article L314 -3 du Code de l'Action Sociale et des Familles fixant, pour \nl'ann\u00e9e 2025 l'objectif global de d\u00e9penses d'assurance maladie et le montant total  de \nd\u00e9penses pour les \u00e9tablissements et services relevant de la Caisse nationale de solida rit\u00e9 \npour l'autonomie ; \n  \nVU la d\u00e9cision du 19/11/2025 publi\u00e9e au Journal Officiel du 26/11/2025 relative a ux dotations \nr\u00e9gionales limitatives 2025 et \u00e0 la moyenne nationale des besoins en soins requis 2025 ; \n  \nVU l'arr\u00eat\u00e9 du 6 juin 2025 fixant le montant de la participation journali\u00e8re forf aitaire des \nr\u00e9sidents aux d\u00e9penses d'entretien de l'autonomie dans les \u00e9tablissements relevant des I, II et \nIV bis de l'article L. 313 -12 du code de l'action sociale et des familles implant\u00e9s dans les \nd\u00e9partements participant \u00e0 l'exp\u00e9rimentation mentionn\u00e9e \u00e0 l'article 79 d e la loi n\u00b0 2023 -\n1250 du 26 d\u00e9cembre 2023 de financement de la s\u00e9curit\u00e9 sociale pour 2024, au titre de \nl'exercice 2025 ; \n \nVU l'arr\u00eat\u00e9 du 28/05/2025 fixant pour 2025 les valeurs du point mentionn\u00e9es \u00e0 l'article R .314-\n162 du code de l'action sociale et des familles publi\u00e9 au Journal Officiel du 31/05/2025 ; \n \nVU \n \n \nVU \n \n \n \n \n \nVU \nle d\u00e9cret n\u00b0 2023-323 relatif \u00e0 la tarification des soins infirmiers \u00e0 domicil e pour les \npersonnes \u00e2g\u00e9es et personnes handicap\u00e9es publi\u00e9 au Journal Officiel du 28 avril 2023 ; \n \nl'arr\u00eat\u00e9 du 28 mai 2025 fixant pour 2025 les montants forfaitaires mentionn\u00e9s aux II et I II \nde l'article R. 314-138 du code de l'action sociale et des familles et le taux de revalorisation \ndes produits de la tarification reconductibles aff\u00e9rents aux soins applicables aux servi ces \nproposant des prestations de soins infirmiers \u00e0 domicile pour les personnes \u00e2g\u00e9es et l es \npersonnes en situation de handicap ; \n \nl'arr\u00eat\u00e9 du 28 mai 2025 fixant pour 2025 le taux de revalorisation des produits de la \ntarification reconductibles aff\u00e9rents aux soins applicables aux services proposant des  \nprestations de soins infirmiers \u00e0 domicile pour les personnes \u00e2g\u00e9es et les person nes en \nsituation de handicap ; \n\n \n  \nVU le d\u00e9cret du 21 mai 2024 portant nomination de Madame RATIGNIER-CARBONNEIL \nChristelle en qualit\u00e9 de Directrice G\u00e9n\u00e9rale de l'agence r\u00e9gionale de sant\u00e9 Grand Est ; \n \nVU la d\u00e9l\u00e9gation de signature de la Directrice G\u00e9n\u00e9rale de l'ARS vers le D irecteur de HAUTE-\nMARNE en date du 01/12/2025 ;  \n  \nVU le Contrat Pluriannuel d'Objectifs et de Moyens conclu le 12/02/2019 prenant effet au \n01/01/2019 ; \nConsid\u00e9rant La d\u00e9cision tarifaire initiale n\u00b011210 en date du 30 juin 2025 \n \n \n  \nDECIDE \n \n \nArticle 1er A compter du 01/01/2025, au titre de 2025, la dotation globalis\u00e9e commune des \n\u00e9tablissements et services m\u00e9dico- sociaux financ\u00e9s par l'Assurance Maladie, g\u00e9r\u00e9s \npar l'entit\u00e9 d\u00e9nomm\u00e9e HOPITAL DE JOINVILLE (520780040), a \u00e9t\u00e9 fix\u00e9e \u00e0 \n4 965 994,23 \u20ac, dont 0,00 \u20ac de cr\u00e9dits non reconductibles vers\u00e9s en une seule fois. \n \n Elle se r\u00e9partit de la mani\u00e8re suivante, les prix de journ\u00e9e \u00e0 compter de 01/01/2 025 \n\u00e9tant \u00e9galement mentionn\u00e9s. \n \n \n- Personnes \u00e2g\u00e9es : 4 893 809,30 \u20ac \n \n \n Dotations h\u00e9bergement permanent EHPAD (en \u20ac) \nH\u00e9bergement \npermanent \nPartie soins du \nforfait global \nunique \nPartie entretien de \nl'autonomie du \nforfait global unique \nCNRACL au titre \nD\u00e9pendance \nParticipation \ndes r\u00e9sidents \u00e0 \nd\u00e9duire de la \ndotation \nglobalis\u00e9e \ncommune \nMontant \u00e0 la \ncharge de la 5\u00e8me \nbranche \nTarif journalier \n520781543 \nEHPAD - HL \nJOINVILLE \n3 627 518,37 \u20ac 522 144,00 \u20ac 34 837,00 \u20ac 157 809,24 \u20ac 4 026 690,13 \u20ac 76,62 \u20ac \n \n \n \n Dotations hors h\u00e9bergement permanent EHPAD (en \u20ac) \nFINESS UHR PASA H\u00e9bergement \ntemporaire Accueil de jour Plateforme de r\u00e9pit SSIAD  \n520781543 \nEHPAD - HL \nJOINVILLE \n0,00 \u20ac 0,00 \u20ac 0,00 \u20ac 78 640,00 \u20ac 0,00 \u20ac 0,00 \u20ac \n520784208 \nSSIAD DE \nJOINVILLE \n0,00 \u20ac 0,00 \u20ac 0,00 \u20ac 0,00 \u20ac 0,00 \u20ac 788 479,17 \u20ac \n \n \n Prix de journ\u00e9e (en \u20ac) \nFINESS H\u00e9bergement temporaire Accueil de jour SSIAD PA \n520781543 \nEHPAD - HL JOINVILLE 0,00 \u20ac 83,48 \u20ac 0,00 \u20ac \n520784208 \nSSIAD DE JOINVILLE 0,00 \u20ac 0,00 \u20ac 60,01 \u20ac \n \n \nPour 2025, la fraction forfaitaire mensuelle, pour le secteur personnes \u00e2g\u00e9es, s'\u00e9tablit \u00e0 407 817,44 \u20ac. \n \n \n \n- Personnes handicap\u00e9es : 72 184,93 \u20ac (dont 72 184,93 \u20ac imputable \u00e0 l'assurance \nmaladie) \n \n Dotations (en \u20ac) \nFINESS INT  SI  EXT PFR Aut_1 Aut_2 Aut_3 SSIAD \n520784208 \nSSIAD DE \nJOINVILLE \n0,00 \u20ac 0,00 \u20ac 0,00 \u20ac 0,00 \u20ac 0,00 \u20ac 0,00 \u20ac 0,00 \u20ac 72 184,93 \u20ac \n \n \n Prix de Journ\u00e9e (en \u20ac) \nFINESS INT  SI  EXT PFR Aut_1 Aut_2 Aut_3 SSIAD \n520784208 \nSSIAD DE \nJOINVILLE \n0,00 \u20ac 0,00 \u20ac 0,00 \u20ac 0,00 \u20ac 0,00 \u20ac 0,00 \u20ac 0,00 \u20ac 39,55 \u20ac \n \nPour 2025, la fraction forfaitaire mensuelle, pour le secteur personnes handicap\u00e9es, s'\u00e9tablit \u00e0 \n6 015,41 \u20ac (dont 6 015,41 \u20ac imputable \u00e0 l'Assurance Maladie). \n \nArticle 2 A compter du 01/01/2026, en application de l'article L.314 -7 du CASF, la dotation \nglobalis\u00e9e commune s'\u00e9l\u00e8ve, \u00e0 titre transitoire, \u00e0 5  265 628,99 \u20ac. Elle se r\u00e9partit de \nla mani\u00e8re suivante, les prix de journ\u00e9e de reconduction \u00e9tant \u00e9galement \nmentionn\u00e9s : \n  \n \n \n-- personnes \u00e2g\u00e9es : 5 193 444,06  \u20ac \n \n \n Dotations h\u00e9bergement permanent EHPAD (en \u20ac) \nH\u00e9bergement \npermanent \nPartie soins du forfait \nglobal unique N+1 \nPartie entretien de \nl'autonomie du \nforfait global \nunique N+1 \nCNRACL au titre \nD\u00e9pendance - \nN+1 \nParticipation des \nr\u00e9sidents N+1 \u00e0 \nd\u00e9duire de la \ndotation globalis\u00e9e \ncommune \nMontant \u00e0 la \ncharge de la \n5\u00e8me branche \nN+1 \nTarif \njournalier \nN+1 \n520781543 \nEHPAD - HL \nJOINVILLE \n3 574 318,37 \u20ac 1 044 288,00 \u20ac 34 837,00 \u20ac 315 618,48 \u20ac 4 337 824,89 \u20ac 82,54 \u20ac \n \n \n Dotations hors h\u00e9bergement permanent EHPAD (en \u20ac) \nFINESS UHR PASA H\u00e9bergement \ntemporaire Accueil de jour Plateforme de \nr\u00e9pit SSIAD  \n520781543 \nEHPAD - HL \nJOINVILLE \n0,00 \u20ac 0,00 \u20ac 0,00 \u20ac 78 640,00 \u20ac 0,00 \u20ac 0,00 \u20ac \n520784208 \nSSIAD DE \nJOINVILLE \n0,00 \u20ac 0,00 \u20ac 0,00 \u20ac 0,00 \u20ac 0,00 \u20ac 776 979,17 \u20ac \n \n \n \n \n \n \n \n \n Prix de journ\u00e9e (en \u20ac) \nFINESS H\u00e9bergement  \ntemporaire Accueil de jour SSIAD PA \n520781543 \nEHPAD - HL JOINVILLE 0,00 \u20ac 83,48 \u20ac 0,00 \u20ac \n520784208 \nSSIAD DE JOINVILLE 0,00 \u20ac 0,00 \u20ac 59,13 \u20ac \n \nPour 2026, la fraction forfaitaire mensuelle, pour le secteur personnes \u00e2g\u00e9es, s'\u00e9tablit \u00e0 432 787,00 \u20ac. \n \n- personnes handicap\u00e9es : 72 184,93 \u20ac \n(dont 72 184,93  \u20ac imputable \u00e0 l'Assurance Maladie) \n \n \nDotations (en \u20ac) \nFINESS INT  SI  EXT PFR Aut_1 Aut_2 Aut_3 SSIAD \n520784208 \nSSIAD DE \nJOINVILLE \n0,00 \u20ac 0,00 \u20ac 0,00 \u20ac 0,00 \u20ac 0,00 \u20ac 0,00 \u20ac 0,00 \u20ac 72 184,93 \u20ac \n \n \n \nPrix de journ\u00e9e (en \u20ac) \nFINESS INT SI EXT PFR Aut_1 Aut_2 Aut_3 SSIAD \n520784208 \nSSIAD DE \nJOINVILLE \n0,00 \u20ac 0,00 \u20ac 0,00 \u20ac 0,00 \u20ac 0,00 \u20ac 0,00 \u20ac 0,00 \u20ac 39,55 \u20ac \n \nPour 2026, la fraction forfaitaire mensuelle, pour le secteur personnes handicap\u00e9es, s'\u00e9tablit \u00e0 \n6 015,41 \u20ac (dont 6 015,41 \u20ac imputable \u00e0 l'Assurance Maladie). \n \n \nArticle 3 Les recours contentieux dirig\u00e9s contre la pr\u00e9sente d\u00e9cision doivent \u00eatre port\u00e9s devant \nle tribunal administratif territorialement comp\u00e9tent tel que pr\u00e9v u par l'article R. 312 -\n10-1 du Code de justice administrative dans un d\u00e9lai de deux mois \u00e0 compter de sa \npublication ou, pour les personnes auxquelles elle sera notifi\u00e9e, \u00e0 compter de sa \nnotification. Le tribunal administratif peut \u00eatre saisi par l'application \u00ab T\u00e9l \u00e9recours \ncitoyens \u00bb accessible par le site www.telerecours.fr. \n  \nArticle 4 La pr\u00e9sente d\u00e9cision sera publi\u00e9e au recueil des actes administratifs. \n  \n  Article 5         La Directrice G\u00e9n\u00e9rale de l'ARS  Grand Est est charg\u00e9e de l'ex\u00e9cution de la pr\u00e9sente \nd\u00e9cision qui sera notifi\u00e9e \u00e0 l'entit\u00e9 gestionnaire (HOPITAL DE JOINVILLE \n520780040) et aux structures concern\u00e9es. \n \n \n \nFait \u00e0 CHAUMONT, le 03 d\u00e9cembre 2025 \n \nLe Directeur \n \n \n \n                                                                                                                               #signature# \n \n \nIskandar SAMAAN\nORDONNATEUR\nEsREPUBLIQUEFRANCAISELibert\u00e9 \u00a9 D Agence R\u00e9gionalede Sant\u00e9Lgatit\u00e9 Grand EstFratersit\u00e9\n1 \n \n \nDECISION TARIFAIRE N\u00b024354 PORTANT MODIFICATION DU FORFAIT GLOBAL DE \nSOINS POUR 2025 DE \nEHPAD HOPITAL ST CHARLES WASSY - 520781535 \n \n \nLa Directrice G\u00e9n\u00e9rale de l'ARS Grand Est  \n \nVU le Code de l'Action Sociale et des Familles ; \n  \nVU le Code de la S\u00e9curit\u00e9 Sociale ; \n  \nVU la loi n\u00b0 2025-199 du 28 f\u00e9vrier 2025 de financement de la S\u00e9curit\u00e9 Sociale pour 2025 \npubli\u00e9e au Journal Officiel du 28/02/2025 ; \n  \nVU l'arr\u00eat\u00e9 minist\u00e9riel du 02/06/2025 publi\u00e9 au Journal Officiel du 06/06/2025 pris en  \napplication de l'article L314 -3 du Code de l'Action Sociale et des Familles fixant, pour \nl'ann\u00e9e 2025 l'objectif global de d\u00e9penses d'assurance maladie et le montant tot al de \nd\u00e9p\u00b2enses pour les \u00e9tablissements et services relevant de la Caisse nationale de sol idarit\u00e9 \npour l'autonomie ; \n  \nVU la d\u00e9cision du 19/11/2025 publi\u00e9e au Journal Officiel du 26/11/2025 relative aux dot ations \nr\u00e9gionales limitatives 2025 et \u00e0 la moyenne nationale des besoins en soins requis 2025 ; \n  \nVU l'arr\u00eat\u00e9 du 28/05/2025 fixant pour 2025  les valeurs du point mentionn\u00e9es \u00e0 l'article R.314 -\n162 du code de l'action sociale et des familles publi\u00e9 au Journal Officiel du 31/05/2025 ;  \n  \nVU le d\u00e9cret du 21 mai 2024 portant nomination de Madame RATIGNIER-CARBONNEIL \nChristelle en qualit\u00e9 de Directrice G\u00e9n\u00e9rale de l'agence r\u00e9gionale de sant\u00e9 Grand Est ; \n \nVU l'arr\u00eat\u00e9 du 6 juin 2025 fixant le montant de la participation journali\u00e8re forfaitaire des \nr\u00e9sidents aux d\u00e9penses d'entretien de l'autonomie dans les \u00e9tablissements relevant des I, II et \nIV bis de l'article L. 313 -12 du code de l'action sociale et des familles implant\u00e9s dans les \nd\u00e9partements participant \u00e0 l'exp\u00e9rimentation mentionn\u00e9e \u00e0 l'article 79 de la loi  n\u00b0 2023 -\n1250 du 26 d\u00e9cembre 2023 de financement de la s\u00e9curit\u00e9 sociale pour 2024, au titre d e \nl'exercice 2025 ; \n \nVU la d\u00e9cision de d\u00e9l\u00e9gation de signature de la Directrice G\u00e9n\u00e9rale de l'ARS ver s le Directeur \nde HAUTE-MARNE en date du 01/12/2025 ; \n \nVU l'autorisation ou le renouvellement d'autorisation en date du 03/01/2017 de la str ucture \nEtablissement d'h\u00e9bergement pour personnes \u00e2g\u00e9es d\u00e9pendantes d\u00e9nomm\u00e9e EHPAD \nHOPITAL ST CHARLES WASSY (520781535) sise 4 R CHARLES DE GAULLE 52130 \nWassy et g\u00e9r\u00e9e par l'entit\u00e9 d\u00e9nomm\u00e9e HOPITAL LOCAL DE WASSY (520780099) ;  \n \n  \nConsid\u00e9rant la d\u00e9cision tarifaire initiale n\u00b0 10789 en date du 30 juin 2025 portant fixation du  \nforfait global soins pour 2025 de la structure d\u00e9nomm\u00e9e EHPAD HOPITAL ST \nCHARLES WASSY -520781535 \n \n\n2 \n \n \nDECIDE \n \nArticle 1er A compter du 01/01/2025, le montant \u00e0 la charge de la 5 \u00e8me branche est fix\u00e9 \u00e0 \n4 559 139,14 \u20ac au titre de 2025, dont 0,00 \u20ac de cr\u00e9dits non reconductibles vers\u00e9s en une \nseule fois. \n  \n La fraction forfaitaire mensuelle s'\u00e9tablit \u00e0 379 928,26 \u20ac. \n  \n Pour 2025, les tarifs sont d\u00e9compos\u00e9s comme suit : \n \n \nPartie soins du \nforfait global \nunique \nPartie entretien \nde l'autonomie \ndu forfait global \nunique \nCNRACL au titre \nde la D\u00e9pendance \nParticipation des \nr\u00e9sidents \u00e0 d\u00e9duire \nde la dotation \nglobalis\u00e9e \ncommune \nMontant \u00e0 la charge \nde la 5\u00e8me branche \nTarif \njournalier \nH\u00e9bergement \nPermanent 3 938 726,82 \u20ac 556 617,9 \u20ac2 37 175,00 \u20ac 168 971,60 \u20ac 4 363 548,14 \u20ac 78,65 \u20ac \nH\u00e9bergement \nTemporaire 0,00 \u20ac    0,00 \u20ac 0,00 \u20ac \nUHR 0,00 \u20ac    0,00 \u20ac  \nPASA 90 738,00 \u20ac    90 738,00 \u20ac  \nAccueil de Jour 104 853,00 \u20ac    104 853,00 \u20ac 166,43 \u20ac \nPlateforme de r\u00e9pit 0,00 \u20ac    0,00 \u20ac  \n \n \n \nArticle 2 A compter du 01/01/ 2026, en application de l'article L.314 -7 du CASF, le montant \u00e0 la \ncharge de la 5\u00e8me branche est fix\u00e9, \u00e0 titre transitoire, \u00e0 4 884 423,81 \u20ac. \n \n  \n Les tarifs de reconduction sont fix\u00e9s \u00e0 : \n \n \nPartie soins du \nforfait global \nunique  N+1 \nPartie entretien de \nl'autonomie du \nforfait global \nunique N+1 \nCNRACL au titre \nde la D\u00e9pendance \n- N+1 \nParticipation des \nr\u00e9sidents \u00e0 d\u00e9duire \nde la dotation \nglobalis\u00e9e \ncommune \nMontant \u00e0 la \ncharge de la 5\u00e8me \nbranche \nN+1 \nTarif journalier \nN+1 \nH\u00e9bergement \nPermanent 3 876 365,18 \u20ac 1 113 235,83 \u20ac 37 175,00 \u20ac 337 943,20 \u20ac 4 688 832,81 \u20ac 84,51 \u20ac \nH\u00e9bergement \nTemporaire \n0,00 \u20ac    0,00 \u20ac 0,00 \u20ac \nUHR 0,00 \u20ac    0,00 \u20ac  \nPASA 90 738,00 \u20ac    90 738,00 \u20ac  \nAccueil de Jour 104 853,00 \u20ac    104 853,00 \u20ac 166,43 \u20ac \nPlateforme de \nr\u00e9pit 0,00 \u20ac    0,00 \u20ac  \n \n \n La fraction forfaitaire mensuelle s'\u00e9tablit \u00e0 407 035,32 \u20ac. \n  \nArticle 3 Les recours contentieux dirig\u00e9s contre la pr\u00e9sente d\u00e9cision doivent \u00eatre port\u00e9s devant \nle tribunal administratif territorialement comp\u00e9tent tel que pr\u00e9vu par l'article R. 312 -\n10-1 du Code de justice administrative dans un d\u00e9lai de deux mois \u00e0 compter de sa \npublication ou, pour les personnes auxquelles elle sera notifi\u00e9e, \u00e0 compter de sa \nnotification. Le tribunal administratif peut \u00eatre saisi par l'application \u00ab T\u00e9l \u00e9recours \ncitoyens \u00bb accessible par le site www.telerecours.fr. \n  \nArticle 4 La pr\u00e9sente d\u00e9cision sera publi\u00e9e au recueil des actes administratifs. \n  \n3 \n \nArticle 5       La Directrice G\u00e9n\u00e9rale de l'ARS Grand Est est charg\u00e9e de l'ex\u00e9cution de la pr\u00e9sent e \nd\u00e9cision qui sera notifi\u00e9e \u00e0 l'entit\u00e9 gestionnaire HOPITAL LOCAL DE WASSY \n(520780099) et \u00e0 l'\u00e9tablissement concern\u00e9. \n \n \nFait \u00e0 CHAUMONT, le 03 d\u00e9cembre 2025                                  \n \nLe Directeur \n \n \n#signature# \n \n \n \n \nIskandar SAMAAN\nORDONNATEUR\nEsREPUBLIQUEFRANCAISELibert\u00e9 \u00a9 D Agence R\u00e9gionalede Sant\u00e9Lgatit\u00e9 Grand EstFratersit\u00e9\n1 \n \n \nDECISION TARIFAIRE N\u00b024356 PORTANT MODIFICATION DU FORFAIT GLOBAL DE \nSOINS POUR 2025 DE \nEHPAD GERARD DE HAULT - 520780461 \n \n \nLa Directrice G\u00e9n\u00e9rale de l'ARS Grand Est  \n \nVU le Code de l'Action Sociale et des Familles ; \n  \nVU le Code de la S\u00e9curit\u00e9 Sociale ; \n  \nVU la loi n\u00b0 2025-199 du 28 f\u00e9vrier 2025 de financement de la S\u00e9curit\u00e9 Sociale pour 2025 \npubli\u00e9e au Journal Officiel du 28/02/2025 ; \n  \nVU l'arr\u00eat\u00e9 minist\u00e9riel du 02/06/2025 publi\u00e9 au Journal Officiel du 06/06/2025 pris en  \napplication de l'article L314 -3 du Code de l'Action Sociale et des Familles fixant, pour \nl'ann\u00e9e 2025 l'objectif global de d\u00e9penses d'assurance maladie et le montant tot al de \nd\u00e9p\u00b2enses pour les \u00e9tablissements et services relevant de la Caisse nationale de sol idarit\u00e9 \npour l'autonomie ; \n  \nVU la d\u00e9cision du 19/11/2025 publi\u00e9e au Journal Officiel du 26/11/2025 relative aux dot ations \nr\u00e9gionales limitatives 2025 et \u00e0 la moyenne nationale des besoins en soins requis 2025 ; \n  \nVU l'arr\u00eat\u00e9 du 28/05/2025 fixant pour 2025  les valeurs du point mentionn\u00e9es \u00e0 l'article R.314 -\n162 du code de l'action sociale et des familles publi\u00e9 au Journal Officiel du 31/05/2025 ;  \n  \nVU le d\u00e9cret du 21 mai 2024 portant nomination de Madame RATIGNIER-CARBONNEIL \nChristelle en qualit\u00e9 de Directrice G\u00e9n\u00e9rale de l'agence r\u00e9gionale de sant\u00e9 Grand Est ; \n \nVU l'arr\u00eat\u00e9 du 6 juin 2025 fixant le montant de la participation journali\u00e8re forfaitaire des \nr\u00e9sidents aux d\u00e9penses d'entretien de l'autonomie dans les \u00e9tablissements relevant des I, II et \nIV bis de l'article L. 313 -12 du code de l'action sociale et des familles implant\u00e9s dans les \nd\u00e9partements participant \u00e0 l'exp\u00e9rimentation mentionn\u00e9e \u00e0 l'article 79 de la loi  n\u00b0 2023 -\n1250 du 26 d\u00e9cembre 2023 de financement de la s\u00e9curit\u00e9 sociale pour 2024, au titre d e \nl'exercice 2025 ; \n \nVU la d\u00e9cision de d\u00e9l\u00e9gation de signature de la Directrice G\u00e9n\u00e9rale de l'ARS ver s le Directeur \nde HAUTE-MARNE en date du 01/12/2025 ; \n \nVU l'autorisation ou le renouvellement d'autorisation en date du 03/01/2017 de la str ucture \nEtablissement d'h\u00e9bergement pour personnes \u00e2g\u00e9es d\u00e9pendantes d\u00e9nomm\u00e9e EHPAD \nGERARD DE HAULT (520780461) sise 2 R DU CHATEAU 52220 Sommevoire et g\u00e9r\u00e9e \npar l'entit\u00e9 d\u00e9nomm\u00e9e CENTRE HOSPITALIER DE MONTIER-EN-DER (520780065) ;  \n \n  \nConsid\u00e9rant la d\u00e9cision tarifaire initiale n\u00b0 10791 en date du 30 juin 2025 portant fixation du  \nforfait global soins pour 2025 de la structure d\u00e9nomm\u00e9e EHPAD GERARD DE \nHAULT -520780461 \n \n\n2 \n \n \nDECIDE \n \nArticle 1er A compter du 01/01/2025, le montant \u00e0 la charge de la 5 \u00e8me branche est fix\u00e9 \u00e0 \n1 535 909,01 \u20ac au titre de 2025, dont 0,00 \u20ac de cr\u00e9dits non reconductibles vers\u00e9s en une \nseule fois. \n  \n La fraction forfaitaire mensuelle s'\u00e9tablit \u00e0 127 992,42 \u20ac. \n  \n Pour 2025, les tarifs sont d\u00e9compos\u00e9s comme suit : \n \n \nPartie soins du \nforfait global \nunique \nPartie entretien \nde l'autonomie \ndu forfait global \nunique \nCNRACL au titre \nde la D\u00e9pendance \nParticipation des \nr\u00e9sidents \u00e0 d\u00e9duire \nde la dotation \nglobalis\u00e9e \ncommune \nMontant \u00e0 la charge \nde la 5\u00e8me branche \nTarif \njournalier \nH\u00e9bergement \nPermanent 1 354 210,11 \u20ac 182 772,25 \u20ac 12 839,00 \u20ac 67 813,35 \u20ac 1 482 008,01 \u20ac 80,48 \u20ac \nH\u00e9bergement \nTemporaire 53 901,00 \u20ac    53 901,00 192,50 \nUHR 0,00 \u20ac    0,00 \u20ac  \nPASA 0,00 \u20ac    0,00 \u20ac  \nAccueil de Jour 0,00 \u20ac    0,00 \u20ac 0,00 \u20ac \nPlateforme de r\u00e9pit 0,00 \u20ac    0,00 \u20ac  \n \n \n \nArticle 2 A compter du 01/01/ 2026, en application de l'article L.314 -7 du CASF, le montant \u00e0 la \ncharge de la 5\u00e8me branche est fix\u00e9, \u00e0 titre transitoire, \u00e0 1 638 367,91 \u20ac. \n \n  \n Les tarifs de reconduction sont fix\u00e9s \u00e0 : \n \n \nPartie soins du \nforfait global \nunique  N+1 \nPartie entretien de \nl'autonomie du \nforfait global \nunique N+1 \nCNRACL au titre \nde la D\u00e9pendance \n- N+1 \nParticipation des \nr\u00e9sidents \u00e0 d\u00e9duire \nde la dotation \nglobalis\u00e9e \ncommune \nMontant \u00e0 la \ncharge de la 5\u00e8me \nbranche \nN+1 \nTarif journalier \nN+1 \nH\u00e9bergement \nPermanent 1 341 710,11 \u20ac 365 544,50 \u20ac 12 839,00 \u20ac 135 626,70 \u20ac 1 584 466,91 \u20ac 86,04 \u20ac \nH\u00e9bergement \nTemporaire 53 901,00 \u20ac    53 901,00 \u20ac 192,50 \u20ac \nUHR 0,00 \u20ac    0,00 \u20ac  \nPASA 0,00 \u20ac    0,00 \u20ac  \nAccueil de Jour 0,00 \u20ac    0,00 \u20ac 0,00 \u20ac \nPlateforme de \nr\u00e9pit \n0,00 \u20ac    0,00 \u20ac  \n \n \n La fraction forfaitaire mensuelle s'\u00e9tablit \u00e0 136 530,66 \u20ac. \n  \nArticle 3 Les recours contentieux dirig\u00e9s contre la pr\u00e9sente d\u00e9cision doivent \u00eatre port\u00e9s devant \nle tribunal administratif territorialement comp\u00e9tent tel que pr\u00e9vu par l'article R. 312 -\n10-1 du Code de justice administrative dans un d\u00e9lai de deux mois \u00e0 compter de sa \npublication ou, pour les personnes auxquelles elle sera notifi\u00e9e, \u00e0 compter de sa \nnotification. Le tribunal administratif peut \u00eatre saisi par l'application \u00ab T\u00e9l \u00e9recours \ncitoyens \u00bb accessible par le site www.telerecours.fr. \n  \nArticle 4 La pr\u00e9sente d\u00e9cision sera publi\u00e9e au recueil des actes administratifs. \n  \n3 \n \nArticle 5       La Directrice G\u00e9n\u00e9rale de l'ARS Grand Est est charg\u00e9e de l'ex\u00e9cution de la pr\u00e9sent e \nd\u00e9cision qui sera notifi\u00e9e \u00e0 l'entit\u00e9 gestionnaire CENTRE HOSPITALIER DE \nMONTIER-EN-DER (520780065) et \u00e0 l'\u00e9tablissement concern\u00e9. \n \n \nFait \u00e0 CHAUMONT, le 03 d\u00e9cembre 2025                                  \n \nLe Directeur \n \n \n#signature# \n \n \n \n \nIskandar SAMAAN\nORDONNATEUR\nEsREPUBLIQUEFRANCAISELibert\u00e9 \u00a9 D Agence R\u00e9gionalede Sant\u00e9Lgatit\u00e9 Grand EstFratersit\u00e9\n1 \n \n \nDECISION TARIFAIRE N\u00b024355 PORTANT MODIFICATION DU FORFAIT GLOBAL DE \nSOINS POUR 2025 DE \nEHPAD LE CH\u00caNE - CH DE SAINT DIZIER - 520781527 \n \n \nLa Directrice G\u00e9n\u00e9rale de l'ARS Grand Est  \n \nVU le Code de l'Action Sociale et des Familles ; \n  \nVU le Code de la S\u00e9curit\u00e9 Sociale ; \n  \nVU la loi n\u00b0 2025-199 du 28 f\u00e9vrier 2025 de financement de la S\u00e9curit\u00e9 Sociale pour 2025 \npubli\u00e9e au Journal Officiel du 28/02/2025 ; \n  \nVU l'arr\u00eat\u00e9 minist\u00e9riel du 02/06/2025 publi\u00e9 au Journal Officiel du 06/06/2025 pris en  \napplication de l'article L314 -3 du Code de l'Action Sociale et des Familles fixant, pour \nl'ann\u00e9e 2025 l'objectif global de d\u00e9penses d'assurance maladie et le montant tot al de \nd\u00e9p\u00b2enses pour les \u00e9tablissements et services relevant de la Caisse nationale de sol idarit\u00e9 \npour l'autonomie ; \n  \nVU la d\u00e9cision du 19/11/2025 publi\u00e9e au Journal Officiel du 26/11/2025 relative aux dot ations \nr\u00e9gionales limitatives 2025 et \u00e0 la moyenne nationale des besoins en soins requis 2025 ; \n  \nVU l'arr\u00eat\u00e9 du 28/05/2025 fixant pour 2025  les valeurs du point mentionn\u00e9es \u00e0 l'article R.314 -\n162 du code de l'action sociale et des familles publi\u00e9 au Journal Officiel du 31/05/2025 ;  \n  \nVU le d\u00e9cret du 21 mai 2024 portant nomination de Madame RATIGNIER-CARBONNEIL \nChristelle en qualit\u00e9 de Directrice G\u00e9n\u00e9rale de l'agence r\u00e9gionale de sant\u00e9 Grand Est ; \n \nVU l'arr\u00eat\u00e9 du 6 juin 2025 fixant le montant de la participation journali\u00e8re forfaitaire des \nr\u00e9sidents aux d\u00e9penses d'entretien de l'autonomie dans les \u00e9tablissements relevant des I, II et \nIV bis de l'article L. 313 -12 du code de l'action sociale et des familles implant\u00e9s dans les \nd\u00e9partements participant \u00e0 l'exp\u00e9rimentation mentionn\u00e9e \u00e0 l'article 79 de la loi  n\u00b0 2023 -\n1250 du 26 d\u00e9cembre 2023 de financement de la s\u00e9curit\u00e9 sociale pour 2024, au titre d e \nl'exercice 2025 ; \n \nVU la d\u00e9cision de d\u00e9l\u00e9gation de signature de la Directrice G\u00e9n\u00e9rale de l'ARS ver s le Directeur \nde HAUTE-MARNE en date du 01/12/2025 ; \n \nVU l'autorisation ou le renouvellement d'autorisation en date du 03/01/2017 de la str ucture \nEtablissement d'h\u00e9bergement pour personnes \u00e2g\u00e9es d\u00e9pendantes d\u00e9nomm\u00e9e EHPAD LE \nCH\u00caNE - CH DE SAINT DIZIER (520781527) sise 35 R DES LACHATS 52115 Saint-\nDizier et g\u00e9r\u00e9e par l'entit\u00e9 d\u00e9nomm\u00e9e CENTRE HOSPITALIER DE SAINT -DIZIER \n(520780073) ;  \n \n  \nConsid\u00e9rant la d\u00e9cision tarifaire initiale n\u00b0 10790 en date du 30 juin 2025 portant fixation du  \nforfait global soins pour 2025 de la structure d\u00e9nomm\u00e9e EHPAD LE CH\u00caNE - CH \nDE SAINT DIZIER -520781527 \n \n\n2 \n \n \nDECIDE \n \nArticle 1er A compter du 01/01/2025, le montant \u00e0 la charge de la 5 \u00e8me branche est fix\u00e9 \u00e0 \n2 902 210,49 \u20ac au titre de 2025, dont 0,00 \u20ac de cr\u00e9dits non reconductibles vers\u00e9s en une \nseule fois. \n  \n La fraction forfaitaire mensuelle s'\u00e9tablit \u00e0 241 850,87 \u20ac. \n  \n Pour 2025, les tarifs sont d\u00e9compos\u00e9s comme suit : \n \n \nPartie soins du \nforfait global \nunique \nPartie entretien \nde l'autonomie \ndu forfait global \nunique \nCNRACL au titre \nde la D\u00e9pendance \nParticipation des \nr\u00e9sidents \u00e0 d\u00e9duire \nde la dotation \nglobalis\u00e9e \ncommune \nMontant \u00e0 la charge \nde la 5\u00e8me branche \nTarif \njournalier \nH\u00e9bergement \nPermanent 2 631 350,30 \u20ac 280 075,09 \u20ac 19 175,00 \u20ac 94 191,90 \u20ac 2 836 408,49 \u20ac 105,59 \u20ac \nH\u00e9bergement \nTemporaire 65 802,00 \u20ac    65 802,00 \u20ac 172,26 \u20ac \nUHR 0,00 \u20ac    0,00 \u20ac  \nPASA 0,00 \u20ac    0,00 \u20ac  \nAccueil de Jour 0,00 \u20ac    0,00 \u20ac 0,00 \u20ac \nPlateforme de r\u00e9pit 0,00 \u20ac    0,00 \u20ac  \n \n \n \nArticle 2 A compter du 01/01 2026, en application de l'article L.314 -7 du CASF, le montant \u00e0 la \ncharge de la 5\u00e8me branche est fix\u00e9, \u00e0 titre transitoire, \u00e0 2 992 381,28 \u20ac. \n \n  \n Les tarifs de reconduction sont fix\u00e9s \u00e0 : \n \n \nPartie soins du \nforfait global \nunique  N+1 \nPartie entretien de \nl'autonomie du \nforfait global \nunique N+1 \nCNRACL au titre \nde la D\u00e9pendance \n- N+1 \nParticipation des \nr\u00e9sidents \u00e0 d\u00e9duire \nde la dotation \nglobalis\u00e9e \ncommune \nMontant \u00e0 la \ncharge de la 5\u00e8me \nbranche \nN+1 \nTarif journalier \nN+1 \nH\u00e9bergement \nPermanent 2 535 637,90 \u20ac 560 150,18 \u20ac 19 175,00 \u20ac 188 383,80 \u20ac 2 926 579,28 \u20ac 108,95 \u20ac \nH\u00e9bergement \nTemporaire 65 802,00 \u20ac    65 802,00 \u20ac 172,26 \u20ac \nUHR 0,00 \u20ac    0,00 \u20ac  \nPASA 0,00 \u20ac    0,00 \u20ac  \nAccueil de Jour 0,00 \u20ac    0,00 \u20ac 0,00 \u20ac \nPlateforme de \nr\u00e9pit 0,00 \u20ac    0,00 \u20ac  \n \n \n La fraction forfaitaire mensuelle s'\u00e9tablit \u00e0 249 365,11 \u20ac. \n  \nArticle 3 Les recours contentieux dirig\u00e9s contre la pr\u00e9sente d\u00e9cision doivent \u00eatre port\u00e9s devant \nle tribunal administratif territorialement comp\u00e9tent tel que pr\u00e9vu par l'article R. 312 -\n10-1 du Code de justice administrative dans un d\u00e9lai de deux mois \u00e0 compter de sa \npublication ou, pour les personnes auxquelles elle sera notifi\u00e9e, \u00e0 compter de sa \nnotification. Le tribunal administratif peut \u00eatre saisi par l'application \u00ab T\u00e9l \u00e9recours \ncitoyens \u00bb accessible par le site www.telerecours.fr. \n  \nArticle 4 La pr\u00e9sente d\u00e9cision sera publi\u00e9e au recueil des actes administratifs. \n  \n3 \n \nArticle 5       La Directrice G\u00e9n\u00e9rale de l'ARS Grand Est est charg\u00e9e de l'ex\u00e9cution de la pr\u00e9sent e \nd\u00e9cision qui sera notifi\u00e9e \u00e0 l'entit\u00e9 gestionnaire CENTRE HOSPITALIER DE SAINT-\nDIZIER (520780073) et \u00e0 l'\u00e9tablissement concern\u00e9. \n \n \nFait \u00e0 CHAUMONT, le 03 d\u00e9cembre 2025                                  \n \nLe Directeur \n \n \n#signature# \n \n \n \n \nIskandar SAMAAN\nORDONNATEUR\nEsREPUBLIQUEFRANCAISELibert\u00e9 \u00a9 D Agence R\u00e9gionalede Sant\u00e9Lgatit\u00e9 Grand EstFratersit\u00e9\n1 \n \n \nDECISION TARIFAIRE N\u00b024357 PORTANT MODIFICATION DU FORFAIT GLOBAL DE \nSOINS POUR 2025 DE \nEHPAD LEGAY COLIN - 520780453 \n \n \nLa Directrice G\u00e9n\u00e9rale de l'ARS Grand Est  \n \nVU le Code de l'Action Sociale et des Familles ; \n  \nVU le Code de la S\u00e9curit\u00e9 Sociale ; \n  \nVU la loi n\u00b0 2025-199 du 28 f\u00e9vrier 2025 de financement de la S\u00e9curit\u00e9 Sociale pour 2025 \npubli\u00e9e au Journal Officiel du 28/02/2025 ; \n  \nVU l'arr\u00eat\u00e9 minist\u00e9riel du 02/06/2025 publi\u00e9 au Journal Officiel du 06/06/2025 pris en  \napplication de l'article L314 -3 du Code de l'Action Sociale et des Familles fixant, pour \nl'ann\u00e9e 2025 l'objectif global de d\u00e9penses d'assurance maladie et le montant tot al de \nd\u00e9p\u00b2enses pour les \u00e9tablissements et services relevant de la Caisse nationale de sol idarit\u00e9 \npour l'autonomie ; \n  \nVU la d\u00e9cision du 19/11/2025 publi\u00e9e au Journal Officiel du 26/11/2025 relative aux dot ations \nr\u00e9gionales limitatives 2025 et \u00e0 la moyenne nationale des besoins en soins requis 2025 ; \n  \nVU l'arr\u00eat\u00e9 du 28/05/2025 fixant pour 2025  les valeurs du point mentionn\u00e9es \u00e0 l'article R.314 -\n162 du code de l'action sociale et des familles publi\u00e9 au Journal Officiel du 31/05/2025 ;  \n  \nVU le d\u00e9cret du 21 mai 2024 portant nomination de Madame RATIGNIER-CARBONNEIL \nChristelle en qualit\u00e9 de Directrice G\u00e9n\u00e9rale de l'agence r\u00e9gionale de sant\u00e9 Grand Est ; \n \nVU l'arr\u00eat\u00e9 du 6 juin 2025 fixant le montant de la participation journali\u00e8re forfaitaire des \nr\u00e9sidents aux d\u00e9penses d'entretien de l'autonomie dans les \u00e9tablissements relevant des I, II et \nIV bis de l'article L. 313 -12 du code de l'action sociale et des familles implant\u00e9s dans les \nd\u00e9partements participant \u00e0 l'exp\u00e9rimentation mentionn\u00e9e \u00e0 l'article 79 de la loi  n\u00b0 2023 -\n1250 du 26 d\u00e9cembre 2023 de financement de la s\u00e9curit\u00e9 sociale pour 2024, au titre d e \nl'exercice 2025 ; \n \nVU la d\u00e9cision de d\u00e9l\u00e9gation de signature de la Directrice G\u00e9n\u00e9rale de l'ARS ver s le Directeur \nde HAUTE-MARNE en date du 01/12/2025 ; \n \nVU l'autorisation ou le renouvellement d'autorisation en date du 03/01/2017 de la str ucture \nEtablissement d'h\u00e9bergement pour personnes \u00e2g\u00e9es d\u00e9pendantes d\u00e9nomm\u00e9e EHPAD \nLEGAY COLIN (520780453) sise \"ref_ADRESSE_FINESSET_numVoie non trouv\u00e9e\" R \nDE SAINT AMAND 52230 Poissons et g\u00e9r\u00e9e par l'entit\u00e9 d\u00e9nomm\u00e9e MAISON DE \nRETRAITE DE POISSONS (520000175) ;  \n \n  \nConsid\u00e9rant la d\u00e9cision tarifaire initiale n\u00b0 3230 en date du 20 juin 2025 portant fixation du forfait \nglobal soins pour 2025 de la structure d\u00e9nomm\u00e9e EHPAD LEGAY COLIN -\n520780453 \n \n\n2 \n \n \nDECIDE \n \nArticle 1er A compter du 01/01/2025, le montant \u00e0 la charge de la 5 \u00e8me branche est fix\u00e9 \u00e0 \n1 588 019,62 \u20ac au titre de 2025, dont 0,00 \u20ac de cr\u00e9dits non reconductibles vers\u00e9s en une \nseule fois. \n  \n La fraction forfaitaire mensuelle s'\u00e9tablit \u00e0 132 334,97 \u20ac. \n  \n Pour 2025, les tarifs sont d\u00e9compos\u00e9s comme suit : \n \n \nPartie soins du \nforfait global \nunique \nPartie entretien \nde l'autonomie \ndu forfait global \nunique \nCNRACL au titre \nde la D\u00e9pendance \nParticipation des \nr\u00e9sidents \u00e0 d\u00e9duire \nde la dotation \nglobalis\u00e9e \ncommune \nMontant \u00e0 la charge \nde la 5\u00e8me branche \nTarif \njournalier \nH\u00e9bergement \nPermanent 1 383 637,22 \u20ac 222 577,60 \u20ac 14 779,00 \u20ac 65 875,20 \u20ac 1 555 118,62 \u20ac 69,02 \u20ac \nH\u00e9bergement \nTemporaire 32 901,00 \u20ac    32 901,00 \u20ac 59,82 \u20ac \nUHR 0,00 \u20ac    0,00 \u20ac  \nPASA 0,00 \u20ac    0,00 \u20ac  \nAccueil de Jour 0,00 \u20ac    0,00 \u20ac 0,00 \u20ac \nPlateforme de r\u00e9pit 0,00 \u20ac    0,00 \u20ac  \n \n \n \nArticle 2 A compter du 01/01/ 2026, en application de l'article L.314 -7 du CASF, le montant \u00e0 la \ncharge de la 5\u00e8me branche est fix\u00e9, \u00e0 titre transitoire, \u00e0 1 713 222,02 \u20ac. \n \n  \n Les tarifs de reconduction sont fix\u00e9s \u00e0 : \n \n \nPartie soins du \nforfait global \nunique  N+1 \nPartie entretien de \nl'autonomie du \nforfait global \nunique N+1 \nCNRACL au titre \nde la D\u00e9pendance \n- N+1 \nParticipation des \nr\u00e9sidents \u00e0 d\u00e9duire \nde la dotation \nglobalis\u00e9e \ncommune \nMontant \u00e0 la \ncharge de la 5\u00e8me \nbranche \nN+1 \nTarif journalier \nN+1 \nH\u00e9bergement \nPermanent 1 352 137,22 \u20ac 445 155,20 \u20ac 14 779,00 \u20ac 131 750,40 \u20ac 1 680 321,02 \u20ac 74,58 \u20ac \nH\u00e9bergement \nTemporaire 32 901,00 \u20ac    32 901,00 \u20ac 59,82 \u20ac \nUHR 0,00 \u20ac    0,00 \u20ac  \nPASA 0,00 \u20ac    0,00 \u20ac  \nAccueil de Jour 0,00 \u20ac    0,00 \u20ac 0,00 \u20ac \nPlateforme de \nr\u00e9pit \n0,00 \u20ac    0,00 \u20ac  \n \n \n La fraction forfaitaire mensuelle s'\u00e9tablit \u00e0 142 768,50 \u20ac. \n  \nArticle 3 Les recours contentieux dirig\u00e9s contre la pr\u00e9sente d\u00e9cision doivent \u00eatre port\u00e9s devant \nle tribunal administratif territorialement comp\u00e9tent tel que pr\u00e9vu par l'article R. 312 -\n10-1 du Code de justice administrative dans un d\u00e9lai de deux mois \u00e0 compter de sa \npublication ou, pour les personnes auxquelles elle sera notifi\u00e9e, \u00e0 compter de sa \nnotification. Le tribunal administratif peut \u00eatre saisi par l'application \u00ab T\u00e9l \u00e9recours \ncitoyens \u00bb accessible par le site www.telerecours.fr. \n  \nArticle 4 La pr\u00e9sente d\u00e9cision sera publi\u00e9e au recueil des actes administratifs. \n  \n3 \n \nArticle 5       La Directrice G\u00e9n\u00e9rale de l'ARS Grand Est est charg\u00e9e de l'ex\u00e9cution de la pr\u00e9sent e \nd\u00e9cision qui sera notifi\u00e9e \u00e0 l'entit\u00e9 gestionnaire MAISON DE RETRAITE DE \nPOISSONS (520000175) et \u00e0 l'\u00e9tablissement concern\u00e9. \n \n \nFait \u00e0 CHAUMONT, le 03 d\u00e9cembre 2025                                  \n \nLe Directeur \n \n \n#signature# \n \n \n \n \nIskandar SAMAAN\nORDONNATEUR\nEsREPUBLIQUEFRANCAISELibert\u00e9 \u00a9 D Agence R\u00e9gionalede Sant\u00e9Lgatit\u00e9 Grand EstFratersit\u00e9\n1 \n \n \nDECISION TARIFAIRE N\u00b024358 PORTANT MODIFICATION DU FORFAIT GLOBAL DE \nSOINS POUR 2025 DE \nEHPAD AU BRIN D'OSIER - 520780446 \n \n \nLa Directrice G\u00e9n\u00e9rale de l'ARS Grand Est  \n \nVU le Code de l'Action Sociale et des Familles ; \n  \nVU le Code de la S\u00e9curit\u00e9 Sociale ; \n  \nVU la loi n\u00b0 2025-199 du 28 f\u00e9vrier 2025 de financement de la S\u00e9curit\u00e9 Sociale pour 2025 \npubli\u00e9e au Journal Officiel du 28/02/2025 ; \n  \nVU l'arr\u00eat\u00e9 minist\u00e9riel du 02/06/2025 publi\u00e9 au Journal Officiel du 06/06/2025 pris en  \napplication de l'article L314 -3 du Code de l'Action Sociale et des Familles fixant, pour \nl'ann\u00e9e 2025 l'objectif global de d\u00e9penses d'assurance maladie et le montant tot al de \nd\u00e9p\u00b2enses pour les \u00e9tablissements et services relevant de la Caisse nationale de sol idarit\u00e9 \npour l'autonomie ; \n  \nVU la d\u00e9cision du 19/11/2025 publi\u00e9e au Journal Officiel du 26/11/2025 relative aux dot ations \nr\u00e9gionales limitatives 2025 et \u00e0 la moyenne nationale des besoins en soins requis 2025 ; \n  \nVU l'arr\u00eat\u00e9 du 28/05/2025 fixant pour 2025  les valeurs du point mentionn\u00e9es \u00e0 l'article R.314 -\n162 du code de l'action sociale et des familles publi\u00e9 au Journal Officiel du 31/05/2025 ;  \n  \nVU le d\u00e9cret du 21 mai 2024 portant nomination de Madame RATIGNIER-CARBONNEIL \nChristelle en qualit\u00e9 de Directrice G\u00e9n\u00e9rale de l'agence r\u00e9gionale de sant\u00e9 Grand Est ; \n \nVU l'arr\u00eat\u00e9 du 6 juin 2025 fixant le montant de la participation journali\u00e8re forfaitaire des \nr\u00e9sidents aux d\u00e9penses d'entretien de l'autonomie dans les \u00e9tablissements relevant des I, II et \nIV bis de l'article L. 313 -12 du code de l'action sociale et des familles implant\u00e9s dans les \nd\u00e9partements participant \u00e0 l'exp\u00e9rimentation mentionn\u00e9e \u00e0 l'article 79 de la loi  n\u00b0 2023 -\n1250 du 26 d\u00e9cembre 2023 de financement de la s\u00e9curit\u00e9 sociale pour 2024, au titre d e \nl'exercice 2025 ; \n \nVU la d\u00e9cision de d\u00e9l\u00e9gation de signature de la Directrice G\u00e9n\u00e9rale de l'ARS ver s le Directeur \nde HAUTE-MARNE en date du 01/12/2025 ; \n \nVU l'autorisation ou le renouvellement d'autorisation en date du 03/01/2017 de la str ucture \nEtablissement d'h\u00e9bergement pour personnes \u00e2g\u00e9es d\u00e9pendantes d\u00e9nomm\u00e9e EHPAD AU \nBRIN D'OSIER (520780446) sise 4 PL DE L'EGLISE 52500 Fayl-Billot et g\u00e9r\u00e9e par \nl'entit\u00e9 d\u00e9nomm\u00e9e MAISON DE RETRAITE (520000167) ;  \n \n  \nConsid\u00e9rant la d\u00e9cision tarifaire initiale n\u00b0 3231 en date du 20 juin 2025 portant fixation du forfait \nglobal soins pour 2025 de la structure d\u00e9nomm\u00e9e EHPAD AU BRIN D'OSIER -\n520780446 \n \n\n2 \n \n \nDECIDE \n \nArticle 1er A compter du 01/01/2025, le montant \u00e0 la charge de la 5 \u00e8me branche est fix\u00e9 \u00e0 \n2 915 718,43 \u20ac au titre de 2025, dont 0,00 \u20ac de cr\u00e9dits non reconductibles vers\u00e9s en une \nseule fois. \n  \n La fraction forfaitaire mensuelle s'\u00e9tablit \u00e0 242 976,54 \u20ac. \n  \n Pour 2025, les tarifs sont d\u00e9compos\u00e9s comme suit : \n \n \nPartie soins du \nforfait global \nunique \nPartie entretien \nde l'autonomie \ndu forfait global \nunique \nCNRACL au titre \nde la D\u00e9pendance \nParticipation des \nr\u00e9sidents \u00e0 d\u00e9duire \nde la dotation \nglobalis\u00e9e \ncommune \nMontant \u00e0 la charge \nde la 5\u00e8me branche \nTarif \njournalier \nH\u00e9bergement \nPermanent 2 565 022,63 \u20ac 301 604,80 \u20ac 20 794,00 \u20ac 104 244,00 \u20ac 2 783 177,43 \u20ac 81,01 \u20ac \nH\u00e9bergement \nTemporaire 53 901,00 \u20ac    53 901,00 \u20ac 154,89 \u20ac \nUHR 0,00 \u20ac    0,00 \u20ac  \nPASA 0,00 \u20ac    0,00  \u20ac  \nAccueil de Jour 78 640,00 \u20ac    78 640,00 \u20ac 60,63 \u20ac \nPlateforme de r\u00e9pit 0,00 \u20ac    0,00 \u20ac  \n \n \n \nArticle 2 A compter du 01/01/ 2026, en application de l'article L.314 -7 du CASF, le montant \u00e0 la \ncharge de la 5\u00e8me branche est fix\u00e9, \u00e0 titre transitoire, \u00e0 3 047 079,23 \u20ac. \n \n  \n Les tarifs de reconduction sont fix\u00e9s \u00e0 : \n \n \nPartie soins du \nforfait global \nunique  N+1 \nPartie entretien de \nl'autonomie du \nforfait global \nunique N+1 \nCNRACL au titre \nde la D\u00e9pendance \n- N+1 \nParticipation des \nr\u00e9sidents \u00e0 d\u00e9duire \nde la dotation \nglobalis\u00e9e \ncommune \nMontant \u00e0 la \ncharge de la 5\u00e8me \nbranche \nN+1 \nTarif journalier \nN+1 \nH\u00e9bergement \nPermanent 2 499 022,63 \u20ac 603 209,60 \u20ac 20 794,00 \u20ac 208 488,00 \u20ac 2 914 538,23 \u20ac 84,83 \u20ac \nH\u00e9bergement \nTemporaire 53 901,00 \u20ac    53 901,00 \u20ac 154,89 \u20ac \nUHR 0,00 \u20ac    0,00 \u20ac  \nPASA 0,00 \u20ac    0,00 \u20ac  \nAccueil de Jour 78 640,00 \u20ac    78 640,00 \u20ac 60,63 \u20ac \nPlateforme de \nr\u00e9pit 0,00 \u20ac    0,00 \u20ac  \n \n \n La fraction forfaitaire mensuelle s'\u00e9tablit \u00e0 253 923,27 \u20ac. \n  \nArticle 3 Les recours contentieux dirig\u00e9s contre la pr\u00e9sente d\u00e9cision doivent \u00eatre port\u00e9s devant \nle tribunal administratif territorialement comp\u00e9tent tel que pr\u00e9vu par l'article R. 312 -\n10-1 du Code de justice administrative dans un d\u00e9lai de deux mois \u00e0 compter de sa \npublication ou, pour les personnes auxquelles elle sera notifi\u00e9e, \u00e0 compter de sa \nnotification. Le tribunal administratif peut \u00eatre saisi par l'application \u00ab T\u00e9l \u00e9recours \ncitoyens \u00bb accessible par le site www.telerecours.fr. \n  \nArticle 4 La pr\u00e9sente d\u00e9cision sera publi\u00e9e au recueil des actes administratifs. \n  \n3 \n \nArticle 5       La Directrice G\u00e9n\u00e9rale de l'ARS Grand Est est charg\u00e9e de l'ex\u00e9cution de la pr\u00e9sent e \nd\u00e9cision qui sera notifi\u00e9e \u00e0 l'entit\u00e9 gestionnaire MAISON DE RETRAITE \n(520000167) et \u00e0 l'\u00e9tablissement concern\u00e9. \n \n \nFait \u00e0 CHAUMONT, le 03 d\u00e9cembre 2025                                  \n \nLe Directeur \n \n \n#signature# \n \n \n \n \nIskandar SAMAAN\nORDONNATEUR\nEsREPUBLIQUEFRANCAISELibert\u00e9 \u00a9 D Agence R\u00e9gionalede Sant\u00e9Lgatit\u00e9 Grand EstFratersit\u00e9\n1 \n \n \nDECISION TARIFAIRE N\u00b024359 PORTANT MODIFICATION DU FORFAIT GLOBAL DE \nSOINS POUR 2025 DE \nEHPAD POUGNY - 520780438 \n \n \nLa Directrice G\u00e9n\u00e9rale de l'ARS Grand Est  \n \nVU le Code de l'Action Sociale et des Familles ; \n  \nVU le Code de la S\u00e9curit\u00e9 Sociale ; \n  \nVU la loi n\u00b0 2025-199 du 28 f\u00e9vrier 2025 de financement de la S\u00e9curit\u00e9 Sociale pour 2025 \npubli\u00e9e au Journal Officiel du 28/02/2025 ; \n  \nVU l'arr\u00eat\u00e9 minist\u00e9riel du 02/06/2025 publi\u00e9 au Journal Officiel du 06/06/2025 pris en  \napplication de l'article L314 -3 du Code de l'Action Sociale et des Familles fixant, pour \nl'ann\u00e9e 2025 l'objectif global de d\u00e9penses d'assurance maladie et le montant tot al de \nd\u00e9p\u00b2enses pour les \u00e9tablissements et services relevant de la Caisse nationale de sol idarit\u00e9 \npour l'autonomie ; \n  \nVU la d\u00e9cision du 19/11/2025 publi\u00e9e au Journal Officiel du 26/11/2025 relative aux dot ations \nr\u00e9gionales limitatives 2025 et \u00e0 la moyenne nationale des besoins en soins requis 2025 ; \n  \nVU l'arr\u00eat\u00e9 du 28/05/2025 fixant pour 2025  les valeurs du point mentionn\u00e9es \u00e0 l'article R.314 -\n162 du code de l'action sociale et des familles publi\u00e9 au Journal Officiel du 31/05/2025 ;  \n  \nVU le d\u00e9cret du 21 mai 2024 portant nomination de Madame RATIGNIER-CARBONNEIL \nChristelle en qualit\u00e9 de Directrice G\u00e9n\u00e9rale de l'agence r\u00e9gionale de sant\u00e9 Grand Est ; \n \nVU l'arr\u00eat\u00e9 du 6 juin 2025 fixant le montant de la participation journali\u00e8re forfaitaire des \nr\u00e9sidents aux d\u00e9penses d'entretien de l'autonomie dans les \u00e9tablissements relevant des I, II et \nIV bis de l'article L. 313 -12 du code de l'action sociale et des familles implant\u00e9s dans les \nd\u00e9partements participant \u00e0 l'exp\u00e9rimentation mentionn\u00e9e \u00e0 l'article 79 de la loi  n\u00b0 2023 -\n1250 du 26 d\u00e9cembre 2023 de financement de la s\u00e9curit\u00e9 sociale pour 2024, au titre d e \nl'exercice 2025 ; \n \nVU la d\u00e9cision de d\u00e9l\u00e9gation de signature de la Directrice G\u00e9n\u00e9rale de l'ARS ver s le Directeur \nde HAUTE-MARNE en date du 01/12/2025 ; \n \nVU l'autorisation ou le renouvellement d'autorisation en date du 03/01/2017 de la str ucture \nEtablissement d'h\u00e9bergement pour personnes \u00e2g\u00e9es d\u00e9pendantes d\u00e9nomm\u00e9e EHPAD \nPOUGNY (520780438) sise 4 R POUGNY 52270 Doulaincourt-Saucourt et g\u00e9r\u00e9e par \nl'entit\u00e9 d\u00e9nomm\u00e9e MAISON DE RETRAITE (520000159) ;  \n \n  \nConsid\u00e9rant la d\u00e9cision tarifaire initiale n\u00b0 3232 en date du 20 juin 2025 portant fixation du forfait \nglobal soins pour 2025 de la structure d\u00e9nomm\u00e9e EHPAD POUGNY -520780438 \n \n \n\n2 \n \n \nDECIDE \n \nArticle 1er A compter du 01/01/2025, le montant \u00e0 la charge de la 5 \u00e8me branche est fix\u00e9 \u00e0 \n2 092 888,30 \u20ac au titre de 2025, dont 0,00 \u20ac de cr\u00e9dits non reconductibles vers\u00e9s en une \nseule fois. \n  \n La fraction forfaitaire mensuelle s'\u00e9tablit \u00e0 174 407,36 \u20ac. \n  \n Pour 2025, les tarifs sont d\u00e9compos\u00e9s comme suit : \n \n \nPartie soins du \nforfait global \nunique \nPartie entretien \nde l'autonomie \ndu forfait global \nunique \nCNRACL au titre \nde la D\u00e9pendance \nParticipation des \nr\u00e9sidents \u00e0 d\u00e9duire \nde la dotation \nglobalis\u00e9e \ncommune \nMontant \u00e0 la charge \nde la 5\u00e8me branche \nTarif \njournalier \nH\u00e9bergement \nPermanent 1 709 498,95 \u20ac 244 500,48 \u20ac 16 627,00 \u20ac 80 017,13 \u20ac 1 890 609,30 \u20ac 74,07 \u20ac \nH\u00e9bergement \nTemporaire 32 901,00 \u20ac    32 901,00 \u20ac 90,14 \u20ac \nUHR 0,00 \u20ac    0,00 \u20ac  \nPASA 90 738,00 \u20ac    90 738,00 \u20ac  \nAccueil de Jour 78 640,00 \u20ac    78 640,00 \u20ac 95,44 \u20ac \nPlateforme de r\u00e9pit 0,00 \u20ac    0,00 \u20ac  \n \n \n \nArticle 2 A compter du 01/01/ 2026, en application de l'article L.314 -7 du CASF, le montant \u00e0 la \ncharge de la 5\u00e8me branche est fix\u00e9, \u00e0 titre transitoire, \u00e0 2 220 871,66 \u20ac. \n \n  \n Les tarifs de reconduction sont fix\u00e9s \u00e0 : \n \n \nPartie soins du \nforfait global \nunique  N+1 \nPartie entretien de \nl'autonomie du \nforfait global \nunique N+1 \nCNRACL au titre \nde la D\u00e9pendance \n- N+1 \nParticipation des \nr\u00e9sidents \u00e0 d\u00e9duire \nde la dotation \nglobalis\u00e9e \ncommune \nMontant \u00e0 la \ncharge de la 5\u00e8me \nbranche \nN+1 \nTarif journalier \nN+1 \nH\u00e9bergement \nPermanent 1 672 998,95 \u20ac 489 000,96 \u20ac 16 627,00 \u20ac 160 034,25 \u20ac 2 018 592,66 \u20ac 79,08 \u20ac \nH\u00e9bergement \nTemporaire 32 901,00 \u20ac    32 901,00 \u20ac 90,14 \u20ac \nUHR 0,00 \u20ac    0,00 \u20ac  \nPASA 90 738,00 \u20ac    90 738,00 \u20ac  \nAccueil de Jour 78 640,00 \u20ac    78 640,00 \u20ac 95,44 \u20ac \nPlateforme de \nr\u00e9pit 0,00 \u20ac    0,00 \u20ac  \n \n \n La fraction forfaitaire mensuelle s'\u00e9tablit \u00e0 185 072,64 \u20ac. \n  \nArticle 3 Les recours contentieux dirig\u00e9s contre la pr\u00e9sente d\u00e9cision doivent \u00eatre port\u00e9s devant \nle tribunal administratif territorialement comp\u00e9tent tel que pr\u00e9vu par l'article R. 312 -\n10-1 du Code de justice administrative dans un d\u00e9lai de deux mois \u00e0 compter de sa \npublication ou, pour les personnes auxquelles elle sera notifi\u00e9e, \u00e0 compter de sa \nnotification. Le tribunal administratif peut \u00eatre saisi par l'application \u00ab T\u00e9l \u00e9recours \ncitoyens \u00bb accessible par le site www.telerecours.fr. \n  \nArticle 4 La pr\u00e9sente d\u00e9cision sera publi\u00e9e au recueil des actes administratifs. \n  \n3 \n \nArticle 5       La Directrice G\u00e9n\u00e9rale de l'ARS Grand Est est charg\u00e9e de l'ex\u00e9cution de la pr\u00e9sent e \nd\u00e9cision qui sera notifi\u00e9e \u00e0 l'entit\u00e9 gestionnaire MAISON DE RETRAITE \n(520000159) et \u00e0 l'\u00e9tablissement concern\u00e9. \n \n \nFait \u00e0 CHAUMONT, le 03 d\u00e9cembre 2025                                  \n \nLe Directeur \n \n \n#signature# \n \n \n \n \nIskandar SAMAAN\nORDONNATEUR\nEuREPUBLIQUEFRANCAISELibert\u00e9 \u00a9 D Agence R\u00e9gonale de Sant\u00e9: Grand Est\n1 \n \n \nDECISION TARIFAIRE N\u00b024360 PORTANT MODIFICATION DU FORFAIT GLOBAL DE \nSOINS POUR 2025 DE \nEHPAD LE MAIL - 520780420 \n \n \nLa Directrice G\u00e9n\u00e9rale de l'ARS Grand Est  \n \nVU le Code de l'Action Sociale et des Familles ; \n  \nVU le Code de la S\u00e9curit\u00e9 Sociale ; \n  \nVU la loi n\u00b0 2025-199 du 28 f\u00e9vrier 2025 de financement de la S\u00e9curit\u00e9 Sociale pour 2025 \npubli\u00e9e au Journal Officiel du 28/02/2025 ; \n  \nVU l'arr\u00eat\u00e9 minist\u00e9riel du 02/06/2025 publi\u00e9 au Journal Officiel du 06/06/2025 pris en  \napplication de l'article L314 -3 du Code de l'Action Sociale et des Familles fixant, pour \nl'ann\u00e9e 2025 l'objectif global de d\u00e9penses d'assurance maladie et le montant tot al de \nd\u00e9p\u00b2enses pour les \u00e9tablissements et services relevant de la Caisse nationale de sol idarit\u00e9 \npour l'autonomie ; \n  \nVU la d\u00e9cision du 19/11/2025 publi\u00e9e au Journal Officiel du 26/11/2025 relative aux dot ations \nr\u00e9gionales limitatives 2025 et \u00e0 la moyenne nationale des besoins en soins requis 2025 ; \n  \nVU l'arr\u00eat\u00e9 du 28/05/2025 fixant pour 2025  les valeurs du point mentionn\u00e9es \u00e0 l'article R.314 -\n162 du code de l'action sociale et des familles publi\u00e9 au Journal Officiel du 31/05/2025 ;  \n  \nVU le d\u00e9cret du 21 mai 2024 portant nomination de Madame RATIGNIER-CARBONNEIL \nChristelle en qualit\u00e9 de Directrice G\u00e9n\u00e9rale de l'agence r\u00e9gionale de sant\u00e9 Grand Est ; \n \nVU l'arr\u00eat\u00e9 du 6 juin 2025 fixant le montant de la participation journali\u00e8re forfaitaire des \nr\u00e9sidents aux d\u00e9penses d'entretien de l'autonomie dans les \u00e9tablissements relevant des I, II et \nIV bis de l'article L. 313 -12 du code de l'action sociale et des familles implant\u00e9s dans les \nd\u00e9partements participant \u00e0 l'exp\u00e9rimentation mentionn\u00e9e \u00e0 l'article 79 de la loi  n\u00b0 2023 -\n1250 du 26 d\u00e9cembre 2023 de financement de la s\u00e9curit\u00e9 sociale pour 2024, au titre d e \nl'exercice 2025 ; \n \nVU la d\u00e9cision de d\u00e9l\u00e9gation de signature de la Directrice G\u00e9n\u00e9rale de l'ARS ver s le Directeur \nde HAUTE-MARNE en date du 01/12/2025 ; \n \nVU l'autorisation ou le renouvellement d'autorisation en date du 03/01/2017 de la str ucture \nEtablissement d'h\u00e9bergement pour personnes \u00e2g\u00e9es d\u00e9pendantes d\u00e9nomm\u00e9e EHPAD LE \nMAIL (520780420) sise 2 R SOEUR HELENE 52120 Ch\u00e2teauvillain et g\u00e9r\u00e9e par l'entit\u00e9 \nd\u00e9nomm\u00e9e MAISON DE RETRAITE (520000142) ;  \n \n  \nConsid\u00e9rant la d\u00e9cision tarifaire initiale n\u00b0 3233 en date du 20 juin 2025 portant fixation du forfait \nglobal soins pour 2025 de la structure d\u00e9nomm\u00e9e EHPAD LE MAIL -520780420 \n \n \n\n2 \n \n \nDECIDE \n \nArticle 1er A compter du 01/01/2025, le montant \u00e0 la charge de la 5 \u00e8me branche est fix\u00e9 \u00e0 \n2 184 412,18 \u20ac au titre de 2025, dont 0,00 \u20ac de cr\u00e9dits non reconductibles vers\u00e9s en une \nseule fois. \n  \n La fraction forfaitaire mensuelle s'\u00e9tablit \u00e0 182 034,35 \u20ac. \n  \n Pour 2025, les tarifs sont d\u00e9compos\u00e9s comme suit : \n \n \nPartie soins du \nforfait global \nunique \nPartie entretien \nde l'autonomie \ndu forfait global \nunique \nCNRACL au titre \nde la D\u00e9pendance \nParticipation des \nr\u00e9sidents \u00e0 d\u00e9duire \nde la dotation \nglobalis\u00e9e \ncommune \nMontant \u00e0 la charge \nde la 5\u00e8me branche \nTarif \njournalier \nH\u00e9bergement \nPermanent 1 962 968,50 \u20ac 286 421,33 \u20ac 18 976,00 \u20ac 83 953,65 \u20ac 2 184 412,18 \u20ac 78,75 \u20ac \nH\u00e9bergement \nTemporaire 0,00 \u20ac    0,00 \u20ac 0,00 \u20ac \nUHR 0,00 \u20ac    0,00 \u20ac  \nPASA 0,00 \u20ac    0,00 \u20ac  \nAccueil de Jour 0,00 \u20ac    0,00 \u20ac 0,00 \u20ac \nPlateforme de r\u00e9pit 0,00 \u20ac    0,00 \u20ac  \n \n \n \nArticle 2 A compter du 01/01/2026, en application de l'article L.314-7 du CASF, le montant \u00e0 la \ncharge de la 5\u00e8me branche est fix\u00e9, \u00e0 titre transitoire, \u00e0 2 353 379,87 \u20ac. \n \n  \n Les tarifs de reconduction sont fix\u00e9s \u00e0 : \n \n \nPartie soins du \nforfait global \nunique  N+1 \nPartie entretien de \nl'autonomie du \nforfait global \nunique N+1 \nCNRACL au titre \nde la D\u00e9pendance \n- N+1 \nParticipation des \nr\u00e9sidents \u00e0 d\u00e9duire \nde la dotation \nglobalis\u00e9e \ncommune \nMontant \u00e0 la \ncharge de la 5\u00e8me \nbranche \nN+1 \nTarif journalier \nN+1 \nH\u00e9bergement \nPermanent 1 929 468,50 \u20ac 572 842,67 \u20ac 18 976,00 \u20ac 167 907,30 \u20ac 2 353 379,87 \u20ac 84,84 \u20ac \nH\u00e9bergement \nTemporaire 0,00 \u20ac    0,00 \u20ac 0,00 \u20ac \nUHR 0,00 \u20ac    0,00 \u20ac  \nPASA 0,00 \u20ac    0,00 \u20ac  \nAccueil de Jour 0,00 \u20ac    0,00 \u20ac 0,00 \u20ac \nPlateforme de \nr\u00e9pit 0,00 \u20ac    0,00 \u20ac  \n \n \n La fraction forfaitaire mensuelle s'\u00e9tablit \u00e0 196 114,99 \u20ac. \n  \nArticle 3 Les recours contentieux dirig\u00e9s contre la pr\u00e9sente d\u00e9cision doivent \u00eatre port\u00e9s devant \nle tribunal administratif territorialement comp\u00e9tent tel que pr\u00e9vu par l'article R. 312 -\n10-1 du Code de justice administrative dans un d\u00e9lai de deux mois \u00e0 compter de sa \npublication ou, pour les personnes auxquelles elle sera notifi\u00e9e, \u00e0 compter de sa \nnotification. Le tribunal administratif peut \u00eatre saisi par l'application \u00ab T\u00e9l \u00e9recours \ncitoyens \u00bb accessible par le site www.telerecours.fr. \n  \nArticle 4 La pr\u00e9sente d\u00e9cision sera publi\u00e9e au recueil des actes administratifs. \n  \n3 \n \nArticle 5       La Directrice G\u00e9n\u00e9rale de l'ARS Grand Est est charg\u00e9e  de l'ex\u00e9cution de la pr\u00e9sente \nd\u00e9cision qui sera notifi\u00e9e \u00e0 l'entit\u00e9 gestionnaire MAISON DE RETRAITE \n(520000142) et \u00e0 l'\u00e9tablissement concern\u00e9. \n \n \nFait \u00e0 CHAUMONT, le 03 d\u00e9cembre 2025                                  \n \nLe Directeur \n \n \n#signature# \n \n \n \n \nIskandar SAMAAN\nORDONNATEUR\nEsREPUBLIQUEFRANCAISELibert\u00e9 \u00a9 D Agence R\u00e9gionalede Sant\u00e9Lgatit\u00e9 Grand EstFratersit\u00e9\n1 \n \n \nDECISION TARIFAIRE N\u00b024361 PORTANT MODIFICATION DU FORFAIT GLOBAL DE \nSOINS POUR 2025 DE \nEHPAD D' ARC EN BARROIS - 520780412 \n \n \nLa Directrice G\u00e9n\u00e9rale de l'ARS Grand Est  \n \nVU le Code de l'Action Sociale et des Familles ; \n  \nVU le Code de la S\u00e9curit\u00e9 Sociale ; \n  \nVU la loi n\u00b0 2025-199 du 28 f\u00e9vrier 2025 de financement de la S\u00e9curit\u00e9 Sociale pour 2025 \npubli\u00e9e au Journal Officiel du 28/02/2025 ; \n  \nVU l'arr\u00eat\u00e9 minist\u00e9riel du 02/06/2025 publi\u00e9 au Journal Officiel du 06/06/2025 pris en  \napplication de l'article L314 -3 du Code de l'Action Sociale et des Familles fixant, pour \nl'ann\u00e9e 2025 l'objectif global de d\u00e9penses d'assurance maladie et le montant tot al de \nd\u00e9p\u00b2enses pour les \u00e9tablissements et services relevant de la Caisse nationale de sol idarit\u00e9 \npour l'autonomie ; \n  \nVU la d\u00e9cision du 19/11/2025 publi\u00e9e au Journal Officiel du 26/11/2025 relative aux dot ations \nr\u00e9gionales limitatives 2025 et \u00e0 la moyenne nationale des besoins en soins requis 2025 ; \n  \nVU l'arr\u00eat\u00e9 du 28/05/2025 fixant pour 2025  les valeurs du point mentionn\u00e9es \u00e0 l'article R.314 -\n162 du code de l'action sociale et des familles publi\u00e9 au Journal Officiel du 31/05/2025 ;  \n  \nVU le d\u00e9cret du 21 mai 2024 portant nomination de Madame RATIGNIER-CARBONNEIL \nChristelle en qualit\u00e9 de Directrice G\u00e9n\u00e9rale de l'agence r\u00e9gionale de sant\u00e9 Grand Est ; \n \nVU l'arr\u00eat\u00e9 du 6 juin 2025 fixant le montant de la participation journali\u00e8re forfaitaire des \nr\u00e9sidents aux d\u00e9penses d'entretien de l'autonomie dans les \u00e9tablissements relevant des I, II et \nIV bis de l'article L. 313 -12 du code de l'action sociale et des familles implant\u00e9s dans les \nd\u00e9partements participant \u00e0 l'exp\u00e9rimentation mentionn\u00e9e \u00e0 l'article 79 de la loi  n\u00b0 2023 -\n1250 du 26 d\u00e9cembre 2023 de financement de la s\u00e9curit\u00e9 sociale pour 2024, au titre d e \nl'exercice 2025 ; \n \nVU la d\u00e9cision de d\u00e9l\u00e9gation de signature de la Directrice G\u00e9n\u00e9rale de l'ARS ver s le Directeur \nde HAUTE-MARNE en date du 01/12/2025 ; \n \nVU l'autorisation ou le renouvellement d'autorisation en date du 03/01/2017 de la str ucture \nEtablissement d'h\u00e9bergement pour personnes \u00e2g\u00e9es d\u00e9pendantes d\u00e9nomm\u00e9e EHPAD D' \nARC EN BARROIS (520780412) sise 2 RTE DE LANGRES 52210 Arc-en-Barrois et \ng\u00e9r\u00e9e par l'entit\u00e9 d\u00e9nomm\u00e9e MAISON DE RETRAITE (520000134) ;  \n \n  \nConsid\u00e9rant la d\u00e9cision tarifaire initiale n\u00b0 3234 en date du 20 juin 2025 portant fixation du forfait \nglobal soins pour 2025 de la structure d\u00e9nomm\u00e9e EHPAD D' ARC EN BARROIS -\n520780412 \n \n\n2 \n \n \nDECIDE \n \nArticle 1er A compter du 01/01/2025, le montant \u00e0 la charge de la 5 \u00e8me branche est fix\u00e9 \u00e0 \n2 256 120,21 \u20ac au titre de 2025, dont 0,00 \u20ac de cr\u00e9dits non reconductibles vers\u00e9s en une \nseule fois. \n  \n La fraction forfaitaire mensuelle s'\u00e9tablit \u00e0 188 010,02 \u20ac. \n  \n Pour 2025, les tarifs sont d\u00e9compos\u00e9s comme suit : \n \n \nPartie soins du \nforfait global \nunique \nPartie entretien \nde l'autonomie \ndu forfait global \nunique \nCNRACL au titre \nde la D\u00e9pendance \nParticipation des \nr\u00e9sidents \u00e0 d\u00e9duire \nde la dotation \nglobalis\u00e9e \ncommune \nMontant \u00e0 la charge \nde la 5\u00e8me branche \nTarif \njournalier \nH\u00e9bergement \nPermanent 1 945 516,75 \u20ac 273 788,88 \u20ac 18 459,00 \u20ac 86 497,42 \u20ac 2 151 267,21 \u20ac 78,32 \u20ac \nH\u00e9bergement \nTemporaire 0,00 \u20ac    0,00 \u20ac 0,00 \u20ac \nUHR 0,00 \u20ac    0,00 \u20ac  \nPASA 0,00 \u20ac    0,00 \u20ac  \nAccueil de Jour 104 853,00 \u20ac    104 853,00 \u20ac 112,02 \u20ac \nPlateforme de r\u00e9pit 0,00 \u20ac    0,00 \u20ac  \n \n \n \nArticle 2 A compter du 01/01/ 2026, en application de l'article L.314 -7 du CASF, le montant \u00e0 la \ncharge de la 5\u00e8me branche est fix\u00e9, \u00e0 titre transitoire, \u00e0 2 407 911,67 \u20ac. \n \n  \n Les tarifs de reconduction sont fix\u00e9s \u00e0 : \n \n \nPartie soins du \nforfait global \nunique  N+1 \nPartie entretien de \nl'autonomie du \nforfait global \nunique N+1 \nCNRACL au titre \nde la D\u00e9pendance \n- N+1 \nParticipation des \nr\u00e9sidents \u00e0 d\u00e9duire \nde la dotation \nglobalis\u00e9e \ncommune \nMontant \u00e0 la \ncharge de la 5\u00e8me \nbranche \nN+1 \nTarif journalier \nN+1 \nH\u00e9bergement \nPermanent 1 910 016,75 \u20ac 547 577,76 \u20ac 18 459,00 \u20ac 172 994,84 \u20ac 2 303 058,67 \u20ac 83,85 \u20ac \nH\u00e9bergement \nTemporaire \n0,00 \u20ac    0,00 \u20ac 0,00 \u20ac \nUHR 0,00 \u20ac    0,00 \u20ac  \nPASA 0,00 \u20ac    0,00 \u20ac  \nAccueil de Jour 104 853,00 \u20ac    104 853,00 \u20ac 112,02 \u20ac \nPlateforme de \nr\u00e9pit 0,00 \u20ac    0,00 \u20ac  \n \n \n La fraction forfaitaire mensuelle s'\u00e9tablit \u00e0 200 659,31 \u20ac. \n  \nArticle 3 Les recours contentieux dirig\u00e9s contre la pr\u00e9sente d\u00e9cision doivent \u00eatre port\u00e9s devant \nle tribunal administratif territorialement comp\u00e9tent tel que pr\u00e9vu par l'article R. 312 -\n10-1 du Code de justice administrative dans un d\u00e9lai de deux mois \u00e0 compter de sa \npublication ou, pour les personnes auxquelles elle sera notifi\u00e9e, \u00e0 compter de sa \nnotification. Le tribunal administratif peut \u00eatre saisi par l'application \u00ab T\u00e9l \u00e9recours \ncitoyens \u00bb accessible par le site www.telerecours.fr. \n  \nArticle 4 La pr\u00e9sente d\u00e9cision sera publi\u00e9e au recueil des actes administratifs. \n  \n3 \n \nArticle 5       La Directrice G\u00e9n\u00e9rale de l'ARS Grand Est est charg\u00e9e de l'ex\u00e9cution de la pr\u00e9sent e \nd\u00e9cision qui sera notifi\u00e9e \u00e0 l'entit\u00e9 gestionnaire MAISON DE RETRAITE \n(520000134) et \u00e0 l'\u00e9tablissement concern\u00e9. \n \n \nFait \u00e0 CHAUMONT, le 03 d\u00e9cembre 2025                                  \n \nLe Directeur \n \n \n#signature# \n \n \n \n \nIskandar SAMAAN\nORDONNATEUR\nEsREPUBLIQUEFRANCAISELibert\u00e9 \u00a9 D Agence R\u00e9gionalede Sant\u00e9Lgatit\u00e9 Grand EstFratersit\u00e9\n1 \n \n \nDECISION TARIFAIRE N\u00b024362 PORTANT MODIFICATION DU FORFAIT GLOBAL DE \nSOINS POUR 2025 DE \nEHPAD FELIX GRELOT - 520780396 \n \n \nLa Directrice G\u00e9n\u00e9rale de l'ARS Grand Est  \n \nVU le Code de l'Action Sociale et des Familles ; \n  \nVU le Code de la S\u00e9curit\u00e9 Sociale ; \n  \nVU la loi n\u00b0 2025-199 du 28 f\u00e9vrier 2025 de financement de la S\u00e9curit\u00e9 Sociale pour 2025 \npubli\u00e9e au Journal Officiel du 28/02/2025 ; \n  \nVU l'arr\u00eat\u00e9 minist\u00e9riel du 02/06/2025 publi\u00e9 au Journal Officiel du 06/06/2025 pris en  \napplication de l'article L314 -3 du Code de l'Action Sociale et des Familles fixant, pour \nl'ann\u00e9e 2025 l'objectif global de d\u00e9penses d'assurance maladie et le montant tot al de \nd\u00e9p\u00b2enses pour les \u00e9tablissements et services relevant de la Caisse nationale de sol idarit\u00e9 \npour l'autonomie ; \n  \nVU la d\u00e9cision du 19/11/2025 publi\u00e9e au Journal Officiel du 26/11/2025 relative aux dot ations \nr\u00e9gionales limitatives 2025 et \u00e0 la moyenne nationale des besoins en soins requis 2025 ; \n  \nVU l'arr\u00eat\u00e9 du 28/05/2025 fixant pour 2025  les valeurs du point mentionn\u00e9es \u00e0 l'article R.314 -\n162 du code de l'action sociale et des familles publi\u00e9 au Journal Officiel du 31/05/2025 ;  \n  \nVU le d\u00e9cret du 21 mai 2024 portant nomination de Madame RATIGNIER-CARBONNEIL \nChristelle en qualit\u00e9 de Directrice G\u00e9n\u00e9rale de l'agence r\u00e9gionale de sant\u00e9 Grand Est ; \n \nVU l'arr\u00eat\u00e9 du 6 juin 2025 fixant le montant de la participation journali\u00e8re forfaitaire des \nr\u00e9sidents aux d\u00e9penses d'entretien de l'autonomie dans les \u00e9tablissements relevant des I, II et \nIV bis de l'article L. 313 -12 du code de l'action sociale et des familles implant\u00e9s dans les \nd\u00e9partements participant \u00e0 l'exp\u00e9rimentation mentionn\u00e9e \u00e0 l'article 79 de la loi  n\u00b0 2023 -\n1250 du 26 d\u00e9cembre 2023 de financement de la s\u00e9curit\u00e9 sociale pour 2024, au titre d e \nl'exercice 2025 ; \n \nVU la d\u00e9cision de d\u00e9l\u00e9gation de signature de la Directrice G\u00e9n\u00e9rale de l'ARS ver s le Directeur \nde HAUTE-MARNE en date du 01/12/2025 ; \n \nVU l'autorisation ou le renouvellement d'autorisation en date du 03/01/2017 de la str ucture \nEtablissement d'h\u00e9bergement pour personnes \u00e2g\u00e9es d\u00e9pendantes d\u00e9nomm\u00e9e EHPAD FELIX \nGRELOT (520780396) sise 6 R FELIX GRELOT 52800 Nogent et g\u00e9r\u00e9e par l'entit\u00e9 \nd\u00e9nomm\u00e9e MAISON DE RETRAITE (520000126) ;  \n \nConsid\u00e9rant la d\u00e9cision tarifaire modificative n\u00b017346 en date du 13 novembre 2025 portant \nmodification du forfait global soins pour 2025 de la structure d\u00e9nomm\u00e9e EHPAD  \nFELIX GRELOT - 520780396 \n  \n \n\n2 \n \n \nDECIDE \n \nArticle 1er A compter du 01/01/2025, le montant \u00e0 la charge de la 5 \u00e8me branche est fix\u00e9 \u00e0 \n2 549 445,86 \u20ac au titre de 2025, dont 370 000,00 \u20ac de cr\u00e9dits non reconductibles vers\u00e9s \nen une seule fois. \n  \n La fraction forfaitaire mensuelle s'\u00e9tablit \u00e0 212 453,82 \u20ac. \n  \n Pour 2025, les tarifs sont d\u00e9compos\u00e9s comme suit : \n \n \nPartie soins du \nforfait global \nunique \nPartie entretien \nde l'autonomie \ndu forfait global \nunique \nCNRACL au titre \nde la D\u00e9pendance \nParticipation des \nr\u00e9sidents \u00e0 d\u00e9duire \nde la dotation \nglobalis\u00e9e \ncommune \nMontant \u00e0 la charge \nde la 5\u00e8me branche \nTarif \njournalier \nH\u00e9bergement \nPermanent 2 272 496,68 \u20ac 220 180,28 \u20ac 14 848,00 \u20ac 69 620,10 \u20ac 2 437 904,86 \u20ac 106,73 \u20ac \nH\u00e9bergement \nTemporaire 32 901,00 \u20ac    32 901,00 \u20ac 299,10 \u20ac \nUHR 0,00 \u20ac    0,00 \u20ac  \nPASA 0,00 \u20ac    0,00 \u20ac  \nAccueil de Jour 78 640,00 \u20ac    78 640,00 \u20ac 68,98 \u20ac \nPlateforme de r\u00e9pit 0,00 \u20ac    0,00 \u20ac  \n \n \n \nArticle 2 A compter du 01/01/ 2026, en application de l'article L.314 -7 du CASF, le montant \u00e0 la \ncharge de la 5\u00e8me branche est fix\u00e9, \u00e0 titre transitoire, \u00e0 2 101 346,03 \u20ac. \n \n  \n Les tarifs de reconduction sont fix\u00e9s \u00e0 : \n \n \nPartie soins du \nforfait global \nunique  N+1 \nPartie entretien de \nl'autonomie du \nforfait global \nunique N+1 \nCNRACL au titre \nde la D\u00e9pendance \n- N+1 \nParticipation des \nr\u00e9sidents \u00e0 d\u00e9duire \nde la dotation \nglobalis\u00e9e \ncommune \nMontant \u00e0 la \ncharge de la 5\u00e8me \nbranche \nN+1 \nTarif journalier \nN+1 \nH\u00e9bergement \nPermanent 1 673 836,68 \u20ac 440 360,55 \u20ac 14 848,00 \u20ac 139 240,20 \u20ac 1 989 805,03 \u20ac 87,11 \u20ac \nH\u00e9bergement \nTemporaire 32 901,00 \u20ac    32 901,00 \u20ac 299,10 \u20ac \nUHR 0,00 \u20ac    0,00 \u20ac  \nPASA 0,00 \u20ac    0,00 \u20ac  \nAccueil de Jour 78 640,00 \u20ac    78 640,00 \u20ac 68,98 \u20ac \nPlateforme de \nr\u00e9pit 0,00 \u20ac    0,00 \u20ac  \n \n \n La fraction forfaitaire mensuelle s'\u00e9tablit \u00e0 175 112,17 \u20ac. \n  \nArticle 3 Les recours contentieux dirig\u00e9s contre la pr\u00e9sente d\u00e9cision doivent \u00eatre port\u00e9s devant \nle tribunal administratif territorialement comp\u00e9tent tel que pr\u00e9vu par l'article R. 312 -\n10-1 du Code de justice administrative dans un d\u00e9lai de deux mois \u00e0 compter de sa \npublication ou, pour les personnes auxquelles elle sera notifi\u00e9e, \u00e0 compter de sa \nnotification. Le tribunal administratif peut \u00eatre saisi par l'application \u00ab T\u00e9l \u00e9recours \ncitoyens \u00bb accessible par le site www.telerecours.fr. \n  \nArticle 4 La pr\u00e9sente d\u00e9cision sera publi\u00e9e au recueil des actes administratifs. \n  \n3 \n \nArticle 5       La Directrice G\u00e9n\u00e9rale de l'ARS Grand Est est charg\u00e9e de l'ex\u00e9cution de la pr\u00e9sent e \nd\u00e9cision qui sera notifi\u00e9e \u00e0 l'entit\u00e9 gestionnaire MAISON DE RETRAITE \n(520000126) et \u00e0 l'\u00e9tablissement concern\u00e9. \n \n \nFait \u00e0 CHAUMONT, le 03 d\u00e9cembre 2025                                  \n \nLe Directeur \n \n \n#signature# \n \n \n \n \nIskandar SAMAAN\nORDONNATEUR\nEsREPUBLIQUEFRANCAISELibert\u00e9 \u00a9 D Agence R\u00e9gionalede Sant\u00e9Lgatit\u00e9 Grand EstFratersit\u00e9\n1 \n \n \nDECISION TARIFAIRE N\u00b024363 PORTANT MODIFICATION DU FORFAIT GLOBAL DE \nSOINS POUR 2025 DE \nEHPAD LA COTE DES CHARMES - 520004565 \n \n \nLa Directrice G\u00e9n\u00e9rale de l'ARS Grand Est  \n \nVU le Code de l'Action Sociale et des Familles ; \n  \nVU le Code de la S\u00e9curit\u00e9 Sociale ; \n  \nVU la loi n\u00b0 2025-199 du 28 f\u00e9vrier 2025 de financement de la S\u00e9curit\u00e9 Sociale pour 2025 \npubli\u00e9e au Journal Officiel du 28/02/2025 ; \n  \nVU l'arr\u00eat\u00e9 minist\u00e9riel du 02/06/2025 publi\u00e9 au Journal Officiel du 06/06/2025 pris en  \napplication de l'article L314 -3 du Code de l'Action Sociale et des Familles fixant, pour \nl'ann\u00e9e 2025 l'objectif global de d\u00e9penses d'assurance maladie et le montant tot al de \nd\u00e9p\u00b2enses pour les \u00e9tablissements et services relevant de la Caisse nationale de sol idarit\u00e9 \npour l'autonomie ; \n  \nVU la d\u00e9cision du 19/11/2025 publi\u00e9e au Journal Officiel du 26/11/2025 relative aux dot ations \nr\u00e9gionales limitatives 2025 et \u00e0 la moyenne nationale des besoins en soins requis 2025 ; \n  \nVU l'arr\u00eat\u00e9 du 28/05/2025 fixant pour 2025  les valeurs du point mentionn\u00e9es \u00e0 l'article R.314 -\n162 du code de l'action sociale et des familles publi\u00e9 au Journal Officiel du 31/05/2025 ;  \n  \nVU le d\u00e9cret du 21 mai 2024 portant nomination de Madame RATIGNIER-CARBONNEIL \nChristelle en qualit\u00e9 de Directrice G\u00e9n\u00e9rale de l'agence r\u00e9gionale de sant\u00e9 Grand Est ; \n \nVU l'arr\u00eat\u00e9 du 6 juin 2025 fixant le montant de la participation journali\u00e8re forfaitaire des \nr\u00e9sidents aux d\u00e9penses d'entretien de l'autonomie dans les \u00e9tablissements relevant des I, II et \nIV bis de l'article L. 313 -12 du code de l'action sociale et des familles implant\u00e9s dans les \nd\u00e9partements participant \u00e0 l'exp\u00e9rimentation mentionn\u00e9e \u00e0 l'article 79 de la loi  n\u00b0 2023 -\n1250 du 26 d\u00e9cembre 2023 de financement de la s\u00e9curit\u00e9 sociale pour 2024, au titre d e \nl'exercice 2025 ; \n \nVU la d\u00e9cision de d\u00e9l\u00e9gation de signature de la Directrice G\u00e9n\u00e9rale de l'ARS ver s le Directeur \nde HAUTE-MARNE en date du 01/12/2025 ; \n \nVU l'autorisation ou le renouvellement d'autorisation en date du 08/03/2016 de la str ucture \nEtablissement d'h\u00e9bergement pour personnes \u00e2g\u00e9es d\u00e9pendantes d\u00e9nomm\u00e9e EHPAD LA \nCOTE DES CHARMES (520004565) sise \"ref_ADRESSE_FINESSET_numVoie non \ntrouv\u00e9e\" R DU FOUR 52700 Manois et g\u00e9r\u00e9e par l'entit\u00e9 d\u00e9nomm\u00e9e ASSOCIATION \nGROUPE SOS SENIORS (570010173) ;  \n \n  \nConsid\u00e9rant la d\u00e9cision tarifaire initiale n\u00b0 10793 en date du 30 juin 2025 portant fixation du  \nforfait global soins pour 2025 de la structure d\u00e9nomm\u00e9e EHPAD LA COTE DES \nCHARMES -520004565 \n \n\n2 \n \n \nDECIDE \n \nArticle 1er A compter du 01/01/2025, le montant \u00e0 la charge de la 5 \u00e8me branche est fix\u00e9 \u00e0 \n1 863 637,12 \u20ac au titre de 2025, dont 0,00 \u20ac de cr\u00e9dits non reconductibles vers\u00e9s en une \nseule fois. \n  \n La fraction forfaitaire mensuelle s'\u00e9tablit \u00e0 155 303,09 \u20ac. \n  \n Pour 2025, les tarifs sont d\u00e9compos\u00e9s comme suit : \n \n \nPartie soins du \nforfait global \nunique \nPartie entretien \nde l'autonomie \ndu forfait global \nunique \nCNRACL au titre \nde la D\u00e9pendance \nParticipation des \nr\u00e9sidents \u00e0 d\u00e9duire \nde la dotation \nglobalis\u00e9e \ncommune \nMontant \u00e0 la charge \nde la 5\u00e8me branche \nTarif \njournalier \nH\u00e9bergement \nPermanent 1 645 200,22 \u20ac 237 945,60 \u20ac 0,00 \u20ac 72 008,70 \u20ac 1 811 137,12 \u20ac 74,46 \u20ac \nH\u00e9bergement \nTemporaire 0,00 \u20ac    0,00 \u20ac 0,00 \u20ac \nUHR 0,00 \u20ac    0,00 \u20ac  \nPASA 52 500,00 \u20ac    52 500,00 \u20ac  \nAccueil de Jour 0,00 \u20ac    0,00 \u20ac 0,00 \u20ac \nPlateforme de r\u00e9pit 0,00 \u20ac    0,00 \u20ac  \n \n \n \nArticle 2 A compter du 01/01/ 2026, en application de l'article L.314 -7 du CASF, le montant \u00e0 la \ncharge de la 5\u00e8me branche est fix\u00e9, \u00e0 titre transitoire, \u00e0 2 034 574,02 \u20ac. \n \n  \n Les tarifs de reconduction sont fix\u00e9s \u00e0 : \n \n \nPartie soins du \nforfait global \nunique  N+1 \nPartie entretien de \nl'autonomie du \nforfait global \nunique N+1 \nCNRACL au titre \nde la D\u00e9pendance \n- N+1 \nParticipation des \nr\u00e9sidents \u00e0 d\u00e9duire \nde la dotation \nglobalis\u00e9e \ncommune \nMontant \u00e0 la \ncharge de la 5\u00e8me \nbranche \nN+1 \nTarif journalier \nN+1 \nH\u00e9bergement \nPermanent 1 612 700,22 \u20ac 475 891,20 \u20ac 0,00 144 017,40 \u20ac 1 944 574,02 \u20ac 79,94 \u20ac \nH\u00e9bergement \nTemporaire \n0,00 \u20ac    0,00 \u20ac 0,00 \u20ac \nUHR 0,00 \u20ac    0,00 \u20ac  \nPASA 90 000,00 \u20ac    90 000,00 \u20ac  \nAccueil de Jour 0,00 \u20ac    0,00 \u20ac 0,00 \u20ac \nPlateforme de \nr\u00e9pit \n0,00 \u20ac    0,00 \u20ac  \n \n \n La fraction forfaitaire mensuelle s'\u00e9tablit \u00e0 169 547,84 \u20ac. \n  \nArticle 3 Les recours contentieux dirig\u00e9s contre la pr\u00e9sente d\u00e9cision doivent \u00eatre port\u00e9s devant \nle tribunal administratif territorialement comp\u00e9tent tel que pr\u00e9vu par l'article R. 312 -\n10-1 du Code de justice administrative dans un d\u00e9lai de deux mois \u00e0 compter de sa \npublication ou, pour les personnes auxquelles elle sera notifi\u00e9e, \u00e0 compter de sa \nnotification. Le tribunal administratif peut \u00eatre saisi par l'application \u00ab T\u00e9l \u00e9recours \ncitoyens \u00bb accessible par le site www.telerecours.fr. \n  \nArticle 4 La pr\u00e9sente d\u00e9cision sera publi\u00e9e au recueil des actes administratifs. \n  \n3 \n \nArticle 5       La Directrice G\u00e9n\u00e9rale de l'ARS Grand Est est charg\u00e9e de l'ex\u00e9cution de la pr\u00e9sent e \nd\u00e9cision qui sera notifi\u00e9e \u00e0 l'entit\u00e9 gestionnaire ASSOCIATION GROUPE SOS \nSENIORS (570010173) et \u00e0 l'\u00e9tablissement concern\u00e9. \n \n \nFait \u00e0 CHAUMONT, le 03 d\u00e9cembre 2025                                  \n \nLe Directeur \n \n \n#signature# \n \n \n \n \nIskandar SAMAAN\nORDONNATEUR\nExR\u00c9PUBLIQUEFRAN\u00c7AISELibert\u00e9 \u00a9 DAgence R\u00e9gionale de Sant\u00e9Realist Grand Est\n1 \n \n \nDECISION TARIFAIRE N\u00b024364 PORTANT MODIFICATION DU FORFAIT GLOBAL DE \nSOINS POUR 2025 DE \nLA MAISON DE L'OSIER POURPRE - 520003443 \n \n \nLa Directrice G\u00e9n\u00e9rale de l'ARS Grand Est  \n \nVU le Code de l'Action Sociale et des Familles ; \n  \nVU le Code de la S\u00e9curit\u00e9 Sociale ; \n  \nVU la loi n\u00b0 2025-199 du 28 f\u00e9vrier 2025 de financement de la S\u00e9curit\u00e9 Sociale pour 2025 \npubli\u00e9e au Journal Officiel du 28/02/2025 ; \n  \nVU l'arr\u00eat\u00e9 minist\u00e9riel du 02/06/2025 publi\u00e9 au Journal Officiel du 06/06/2025 pris en \napplication de l'article L314 -3 du Code de l'Action Sociale et des Familles fixant, pour \nl'ann\u00e9e 2025 l'objectif global de d\u00e9penses d'assurance maladie et le montant tot al de \nd\u00e9p\u00b2enses pour les \u00e9tablissements et services relevant de la Caisse nationale de sol idarit\u00e9 \npour l'autonomie ; \n  \nVU la d\u00e9cision du 19/11/2025 publi\u00e9e au Journal Officiel du 26/11/2025 relative aux dotat ions \nr\u00e9gionales limitatives 2025 et \u00e0 la moyenne nationale des besoins en soins requis 2025 ; \n  \nVU l'arr\u00eat\u00e9 du 28/05/2025 fixant pour 2025 les valeurs du point mentionn\u00e9es \u00e0 l'articl e R.314-\n162 du code de l'action sociale et des familles publi\u00e9 au Journal Officiel du 31/05/2025 ;  \n  \nVU le d\u00e9cret du 21 mai 2024 portant nomination de Madame RATIGNIER-CARBONNEIL \nChristelle en qualit\u00e9 de Directrice G\u00e9n\u00e9rale de l'agence r\u00e9gionale de sant\u00e9 Grand Est ; \n \nVU l'arr\u00eat\u00e9 du 6 juin 2025 fixant le montant de la participation journali\u00e8re forfait aire des \nr\u00e9sidents aux d\u00e9penses d'entretien de l'autonomie dans les \u00e9tablissements relevant des I, II et \nIV bis de l'article L. 313 -12 du code de l'action sociale et des familles implant\u00e9s dans les \nd\u00e9partements participant \u00e0 l'exp\u00e9rimentation mentionn\u00e9e \u00e0 l'article 79 de la loi  n\u00b0 2023 -\n1250 du 26 d\u00e9cembre 2023 de financement de la s\u00e9curit\u00e9 sociale pour 2024, au titre d e \nl'exercice 2025 ; \n \nVU la d\u00e9cision de d\u00e9l\u00e9gation de signature de la Directrice G\u00e9n\u00e9rale de l'ARS ver s le Directeur \nde HAUTE-MARNE en date du 01/12/2025 ; \n \nVU l'autorisation ou le renouvellement d'autorisation en date du 19/05/2008 de la str ucture \nEtablissement d'h\u00e9bergement pour personnes \u00e2g\u00e9es d\u00e9pendantes d\u00e9nomm\u00e9e LA MAISON \nDE L'OSIER POURPRE (520003443) sise 1 PL EUG\u00c8NE GRASSET 52000 Chaumont et \ng\u00e9r\u00e9e par l'entit\u00e9 d\u00e9nomm\u00e9e ADEF RESIDENCES (940004088) ;  \n \n  \nConsid\u00e9rant la d\u00e9cision tarifaire initiale n\u00b0 3235 en date du 20 juin 2025 portant fixation du forfait \nglobal soins pour 2025 de la structure d\u00e9nomm\u00e9e LA MAISON DE L'OSIER \nPOURPRE -520003443 \n \n\n2 \n \n \nDECIDE \n \nArticle 1er A compter du 01/01/2025, le montant \u00e0 la charge de la 5 \u00e8me branche est fix\u00e9 \u00e0 \n2 718 379,73 \u20ac au titre de 2025, dont 0,00 \u20ac de cr\u00e9dits non reconductibles vers\u00e9s en une \nseule fois. \n  \n La fraction forfaitaire mensuelle s'\u00e9tablit \u00e0 226 531,64 \u20ac. \n  \n Pour 2025, les tarifs sont d\u00e9compos\u00e9s comme suit : \n \n \nPartie soins du \nforfait global \nunique \nPartie entretien \nde l'autonomie \ndu forfait global \nunique \nCNRACL au titre \nde la D\u00e9pendance \nParticipation des \nr\u00e9sidents \u00e0 d\u00e9duire \nde la dotation \nglobalis\u00e9e \ncommune \nMontant \u00e0 la charge \nde la 5\u00e8me branche \nTarif \njournalier \nH\u00e9bergement \nPermanent 2 349 513,67 \u20ac 422 798,66 \u20ac 0,00 \u20ac 119 734,60 \u20ac 2 652 577,73 \u20ac 67,37 \u20ac \nH\u00e9bergement \nTemporaire 65 802,00 \u20ac    65 802,00 \u20ac 90,14 \u20ac \nUHR 0,00 \u20ac    0,00 \u20ac  \nPASA 0,00 \u20ac    0,00 \u20ac  \nAccueil de Jour 0,00 \u20ac    0,00 \u20ac 0,00 \u20ac \nPlateforme de r\u00e9pit 0,00 \u20ac    0,00 \u20ac  \n \n \n \nArticle 2 A compter du 01/01/2026, en application de l'article L.314 -7 du CASF, le montant \u00e0 la \ncharge de la 5\u00e8me branche est fix\u00e9, \u00e0 titre transitoire, \u00e0 2 973 055,38 \u20ac. \n \n  \n Les tarifs de reconduction sont fix\u00e9s \u00e0 : \n \n \nPartie soins du \nforfait global \nunique  N+1 \nPartie entretien de \nl'autonomie du \nforfait global \nunique N+1 \nCNRACL au titre \nde la D\u00e9pendance \n- N+1 \nParticipation des \nr\u00e9sidents \u00e0 d\u00e9duire \nde la dotation \nglobalis\u00e9e \ncommune \nMontant \u00e0 la \ncharge de la 5\u00e8me \nbranche \nN+1 \nTarif journalier \nN+1 \nH\u00e9bergement \nPermanent 2 301 125,27 \u20ac 845 597,31 \u20ac 0,00 \u20ac \u20ac 239 469,20 \u20ac 2 907 253,38 \u20ac 73,83 \u20ac \nH\u00e9bergement \nTemporaire 65 802,00 \u20ac    65 802,00 \u20ac 90,14 \u20ac \nUHR 0,00 \u20ac    0,00 \u20ac  \nPASA 0,00 \u20ac    0,00 \u20ac  \nAccueil de Jour 0,00 \u20ac    0,00 \u20ac 0,00 \u20ac \nPlateforme de \nr\u00e9pit 0,00 \u20ac    0,00 \u20ac  \n \n \n La fraction forfaitaire mensuelle s'\u00e9tablit \u00e0 247 754,62 \u20ac. \n  \nArticle 3 Les recours contentieux dirig\u00e9s contre la pr\u00e9sente d\u00e9cision doivent \u00eatre port\u00e9s devant \nle tribunal administratif territorialement comp\u00e9tent tel que pr\u00e9vu par l'article R. 312-\n10-1 du Code de justice administrative dans un d\u00e9lai de deux mois \u00e0 compter de sa \npublication ou, pour les personnes auxquelles elle sera notifi\u00e9e, \u00e0 compter de sa \nnotification. Le tribunal administratif peut \u00eatre saisi par l'application \u00ab T\u00e9l \u00e9recours \ncitoyens \u00bb accessible par le site www.telerecours.fr. \n  \nArticle 4 La pr\u00e9sente d\u00e9cision sera publi\u00e9e au recueil des actes administratifs. \n  \n3 \n \nArticle 5       La Directrice G\u00e9n\u00e9rale de l'ARS Grand Est est charg\u00e9e  de l'ex\u00e9cution de la pr\u00e9sente \nd\u00e9cision qui sera notifi\u00e9e \u00e0 l'entit\u00e9 gestionnaire ADEF RESIDENCES (940004088) et  \n\u00e0 l'\u00e9tablissement concern\u00e9. \n \n \nFait \u00e0 CHAUMONT, le 03 d\u00e9cembre 2025                                  \n \nLe Directeur \n \n \n#signature# \n \n \n \n \nIskandar SAMAAN\nORDONNATEUR\nEsREPUBLIQUEFRANCAISELibert\u00e9 \u00a9 D Agence R\u00e9gionalede Sant\u00e9Lgatit\u00e9 Grand EstFratersit\u00e9\n1 \n \n \nDECISION TARIFAIRE N\u00b024365 PORTANT MODIFICATION DU FORFAIT GLOBAL DE \nSOINS POUR 2025 DE \nLA MAISON DE L'ORME DORE - 520003286 \n \n \nLa Directrice G\u00e9n\u00e9rale de l'ARS Grand Est  \n \nVU le Code de l'Action Sociale et des Familles ; \n  \nVU le Code de la S\u00e9curit\u00e9 Sociale ; \n  \nVU la loi n\u00b0 2025-199 du 28 f\u00e9vrier 2025 de financement de la S\u00e9curit\u00e9 Sociale pour 2025 \npubli\u00e9e au Journal Officiel du 28/02/2025 ; \n  \nVU l'arr\u00eat\u00e9 minist\u00e9riel du 02/06/2025 publi\u00e9 au Journal Officiel du 06/06/2025 pris en \napplication de l'article L314 -3 du Code de l'Action Sociale et des Familles fixant, pour \nl'ann\u00e9e 2025 l'objectif global de d\u00e9penses d'assurance maladie et le montant tot al de \nd\u00e9p\u00b2enses pour les \u00e9tablissements et services relevant de la Caisse nationale de sol idarit\u00e9 \npour l'autonomie ; \n  \nVU la d\u00e9cision du 19/11/2025 publi\u00e9e au Journal Officiel du 26/11/2025 relative aux dotat ions \nr\u00e9gionales limitatives 2025 et \u00e0 la moyenne nationale des besoins en soins requis 2025 ; \n  \nVU l'arr\u00eat\u00e9 du 28/05/2025 fixant pour 2025 les valeurs du point mentionn\u00e9es \u00e0 l'articl e R.314-\n162 du code de l'action sociale et des familles publi\u00e9 au Journal Officiel du 31/05/2025 ;  \n  \nVU le d\u00e9cret du 21 mai 2024 portant nomination de Madame RATIGNIER-CARBONNEIL \nChristelle en qualit\u00e9 de Directrice G\u00e9n\u00e9rale de l'agence r\u00e9gionale de sant\u00e9 Grand Est ; \n \nVU l'arr\u00eat\u00e9 du 6 juin 2025 fixant le montant de la participation journali\u00e8re forfait aire des \nr\u00e9sidents aux d\u00e9penses d'entretien de l'autonomie dans les \u00e9tablissements relevant des I, II et \nIV bis de l'article L. 313 -12 du code de l'action sociale et des familles implant\u00e9s dans les \nd\u00e9partements participant \u00e0 l'exp\u00e9rimentation mentionn\u00e9e \u00e0 l'article 79 de la loi  n\u00b0 2023 -\n1250 du 26 d\u00e9cembre 2023 de financement de la s\u00e9curit\u00e9 sociale pour 2024, au titre d e \nl'exercice 2025 ; \n \nVU la d\u00e9cision de d\u00e9l\u00e9gation de signature de la Directrice G\u00e9n\u00e9rale de l'ARS ver s le Directeur \nde HAUTE-MARNE en date du 01/12/2025 ; \n \nVU l'autorisation ou le renouvellement d'autorisation en date du 03/10/2003 de la str ucture \nEtablissement d'h\u00e9bergement pour personnes \u00e2g\u00e9es d\u00e9pendantes d\u00e9nomm\u00e9e LA MAISON \nDE L'ORME DORE (520003286) sise 2 R ANDRE BARBAUX 52100 Saint-Dizier et \ng\u00e9r\u00e9e par l'entit\u00e9 d\u00e9nomm\u00e9e ADEF RESIDENCES (940004088) ;  \n \n  \nConsid\u00e9rant la d\u00e9cision tarifaire initiale n\u00b0 3236 en date du 20 juin 2025 portant fixation du forfait \nglobal soins pour 2025 de la structure d\u00e9nomm\u00e9e LA MAISON DE L'ORME DORE \n-520003286 \n \n\n2 \n \n \nDECIDE \n \nArticle 1er A compter du 01/01/2025, le montant \u00e0 la charge de la 5 \u00e8me branche est fix\u00e9 \u00e0 \n1 967 813,77 \u20ac au titre de 2025, dont 0,00 \u20ac de cr\u00e9dits non reconductibles vers\u00e9s en une \nseule fois. \n  \n La fraction forfaitaire mensuelle s'\u00e9tablit \u00e0 163 984,48 \u20ac. \n  \n Pour 2025, les tarifs sont d\u00e9compos\u00e9s comme suit : \n \n \nPartie soins du \nforfait global \nunique \nPartie entretien \nde l'autonomie \ndu forfait global \nunique \nCNRACL au titre \nde la D\u00e9pendance \nParticipation des \nr\u00e9sidents \u00e0 d\u00e9duire \nde la dotation \nglobalis\u00e9e \ncommune \nMontant \u00e0 la charge \nde la 5\u00e8me branche \nTarif \njournalier \nH\u00e9bergement \nPermanent 1 726 910,74 \u20ac 277 295,57 \u20ac 0,00 \u20ac 85 743,54 \u20ac 1 918 462,77 \u20ac 66,77 \u20ac \nH\u00e9bergement \nTemporaire 49 351,00 \u20ac    49 351,00 \u20ac 64,34 \u20ac \nUHR 0,00 \u20ac    0,00 \u20ac  \nPASA 0,00 \u20ac    0,00 \u20ac  \nAccueil de Jour 0,00 \u20ac    0,00 \u20ac 0,00 \u20ac \nPlateforme de r\u00e9pit 0,00 \u20ac    0,00 \u20ac  \n \n \n \nArticle 2 A compter du 01/01/2026, en application de l'article L.314-7 du CASF, le montant \u00e0 la \ncharge de la 5\u00e8me branche est fix\u00e9, \u00e0 titre transitoire, \u00e0 2 130 865,81 \u20ac. \n \n  \n Les tarifs de reconduction sont fix\u00e9s \u00e0 : \n \n \nPartie soins du \nforfait global \nunique  N+1 \nPartie entretien de \nl'autonomie du \nforfait global \nunique N+1 \nCNRACL au titre \nde la D\u00e9pendance \n- N+1 \nParticipation des \nr\u00e9sidents \u00e0 d\u00e9duire \nde la dotation \nglobalis\u00e9e \ncommune \nMontant \u00e0 la \ncharge de la 5\u00e8me \nbranche \nN+1 \nTarif journalier \nN+1 \nH\u00e9bergement \nPermanent 1 698 410,74 \u20ac 554 591,15 \u20ac 0,00 \u20ac 171 487,08 \u20ac 2 081 514,81 \u20ac 72,44 \u20ac \nH\u00e9bergement \nTemporaire 49 351,00 \u20ac    49 351,00 \u20ac 64,34 \u20ac \nUHR 0,00 \u20ac    0,00 \u20ac  \nPASA 0,00 \u20ac    0,00 \u20ac  \nAccueil de Jour 0,00 \u20ac    0,00 \u20ac 0,00 \u20ac \nPlateforme de \nr\u00e9pit \n0,00 \u20ac    0,00 \u20ac  \n \n \n La fraction forfaitaire mensuelle s'\u00e9tablit \u00e0 177 572,15 \u20ac. \n  \nArticle 3 Les recours contentieux dirig\u00e9s contre la pr\u00e9sente d\u00e9cision doivent \u00eatre port\u00e9s devant \nle tribunal administratif territorialement comp\u00e9tent tel que pr\u00e9vu par l'article R. 312 -\n10-1 du Code de justice administrative dans un d\u00e9lai de deux mois \u00e0 compter de sa \npublication ou, pour les personnes auxquelles elle sera notifi\u00e9e, \u00e0 compter de sa \nnotification. Le tribunal administratif peut \u00eatre saisi par l'application \u00ab T\u00e9l \u00e9recours \ncitoyens \u00bb accessible par le site www.telerecours.fr. \n  \nArticle 4 La pr\u00e9sente d\u00e9cision sera publi\u00e9e au recueil des actes administratifs. \n  \n3 \n \nArticle 5       La Directrice G\u00e9n\u00e9rale de l'ARS Grand Est est charg\u00e9e  de l'ex\u00e9cution de la pr\u00e9sente \nd\u00e9cision qui sera notifi\u00e9e \u00e0 l'entit\u00e9 gestionnaire ADEF RESIDENCES (940004088) et  \n\u00e0 l'\u00e9tablissement concern\u00e9. \n \n \nFait \u00e0 CHAUMONT, le 03 d\u00e9cembre 2025                                  \n \nLe Directeur \n \n \n#signature# \n \n \n \n \nIskandar SAMAAN\nORDONNATEUR\nEsREPUBLIQUEFRANCAISELibert\u00e9 \u00a9 D Agence R\u00e9gionalede Sant\u00e9Lgatit\u00e9 Grand EstFratersit\u00e9\n1 \n \n \nDECISION TARIFAIRE N\u00b024366 PORTANT MODIFICATION DU FORFAIT GLOBAL DE \nSOINS POUR 2025 DE \nEHPAD CHHM - 520001868 \n \n \nLa Directrice G\u00e9n\u00e9rale de l'ARS Grand Est  \n \nVU le Code de l'Action Sociale et des Familles ; \n  \nVU le Code de la S\u00e9curit\u00e9 Sociale ; \n  \nVU la loi n\u00b0 2025-199 du 28 f\u00e9vrier 2025 de financement de la S\u00e9curit\u00e9 Sociale pour 2025 \npubli\u00e9e au Journal Officiel du 28/02/2025 ; \n  \nVU l'arr\u00eat\u00e9 minist\u00e9riel du 02/06/2025 publi\u00e9 au Journal Officiel du 06/06/2025 pris en  \napplication de l'article L314 -3 du Code de l'Action Sociale et des Familles fixant, pour \nl'ann\u00e9e 2025 l'objectif global de d\u00e9penses d'assurance maladie et le montant tot al de \nd\u00e9p\u00b2enses pour les \u00e9tablissements et services relevant de la Caisse nationale de sol idarit\u00e9 \npour l'autonomie ; \n  \nVU la d\u00e9cision du 19/11/2025 publi\u00e9e au Journal Officiel du 26/11/2025 relative aux dotat ions \nr\u00e9gionales limitatives 2025 et \u00e0 la moyenne nationale des besoins en soins requis 2025 ; \n  \nVU l'arr\u00eat\u00e9 du 28/05/2025 fixant pour 2025 les valeurs du point mentionn\u00e9es \u00e0 l'article R.314 -\n162 du code de l'action sociale et des familles publi\u00e9 au Journal Officiel du 31/05/2025 ;  \n  \nVU le d\u00e9cret du 21 mai 2024 portant nomination de Madame RATIGNIER-CARBONNEIL \nChristelle en qualit\u00e9 de Directrice G\u00e9n\u00e9rale de l'agence r\u00e9gionale de sant\u00e9 Grand Est ; \n \nVU l'arr\u00eat\u00e9 du 6 juin 2025 fixant le montant de la participation journali\u00e8re forfaitaire des \nr\u00e9sidents aux d\u00e9penses d'entretien de l'autonomie dans les \u00e9tablissements relevant des I, II et \nIV bis de l'article L. 313 -12 du code de l'action sociale et des familles implant\u00e9s dans les \nd\u00e9partements participant \u00e0 l'exp\u00e9rimentation mentionn\u00e9e \u00e0 l'article 79 de la loi  n\u00b0 2023 -\n1250 du 26 d\u00e9cembre 2023 de financement de la s\u00e9curit\u00e9 sociale pour 2024, au titre d e \nl'exercice 2025 ; \n \nVU la d\u00e9cision de d\u00e9l\u00e9gation de signature de la Directrice G\u00e9n\u00e9rale de l'ARS vers le Directeur \nde HAUTE-MARNE en date du 01/12/2025 ; \n \nVU l'autorisation ou le renouvellement d'autorisation en date du 06/03/2006 de la structure \nEtablissement d'h\u00e9bergement pour personnes \u00e2g\u00e9es d\u00e9pendantes d\u00e9nomm\u00e9e EHPAD \nCHHM (520001868) sise 1 CAR HENRI ROLLIN 52103 Saint- Dizier et g\u00e9r\u00e9e par l'entit\u00e9 \nd\u00e9nomm\u00e9e CH DE LA HAUTE-MARNE (520780081) ;  \n \n  \nConsid\u00e9rant la d\u00e9cision tarifaire initiale n\u00b0 10794 en date du 30 juin 2025 portant fixation du  \nforfait global soins pour 2025 de la structure d\u00e9nomm\u00e9e EHPAD CHHM -520001868 \n \n \n\n2 \n \n \nDECIDE \n \nArticle 1er A compter du 01/01/2025, le montant \u00e0 la charge de la 5 \u00e8me branche est fix\u00e9 \u00e0 \n2 112 792,28 \u20ac au titre de 2025, dont 0,00 \u20ac de cr\u00e9dits non reconductibles vers\u00e9s en une \nseule fois. \n  \n La fraction forfaitaire mensuelle s'\u00e9tablit \u00e0 176 066,02 \u20ac. \n  \n Pour 2025, les tarifs sont d\u00e9compos\u00e9s comme suit : \n \n \nPartie soins du \nforfait global \nunique \nPartie entretien \nde l'autonomie \ndu forfait global \nunique \nCNRACL au titre \nde la D\u00e9pendance \nParticipation des \nr\u00e9sidents \u00e0 d\u00e9duire \nde la dotation \nglobalis\u00e9e \ncommune \nMontant \u00e0 la charge \nde la 5\u00e8me branche \nTarif \njournalier \nH\u00e9bergement \nPermanent 1 448 953,99 \u20ac 185 964,80 \u20ac 12 900,00 \u20ac 65 836,88 \u20ac 1 581 981,91 \u20ac 90,72 \u20ac \nH\u00e9bergement \nTemporaire 32 901,00 \u20ac    32 901,00 \u20ac 123,22 \u20ac \nUHR 222 670,37 \u20ac    222 670,37 \u20ac  \nPASA 0,00 \u20ac    0,00 \u20ac  \nAccueil de Jour 275 239,00 \u20ac    275 239,00 \u20ac 58,81 \u20ac \nPlateforme de r\u00e9pit 0,00 \u20ac    0,00 \u20ac  \n \n \n \nArticle 2 A compter du 01/01/ 2026, en application de l'article L.314 -7 du CASF, le montant \u00e0 la \ncharge de la 5\u00e8me branche est fix\u00e9, \u00e0 titre transitoire, \u00e0 2 208 420,21 \u20ac. \n \n  \n Les tarifs de reconduction sont fix\u00e9s \u00e0 : \n \n \nPartie soins du \nforfait global \nunique  N+1 \nPartie entretien de \nl'autonomie du \nforfait global \nunique N+1 \nCNRACL au titre \nde la D\u00e9pendance \n- N+1 \nParticipation des \nr\u00e9sidents \u00e0 d\u00e9duire \nde la dotation \nglobalis\u00e9e \ncommune \nMontant \u00e0 la \ncharge de la 5\u00e8me \nbranche \nN+1 \nTarif journalier \nN+1 \nH\u00e9bergement \nPermanent 1 424 453,99 \u20ac 371 929,60 \u20ac 12 900,00 \u20ac 131 673,75 \u20ac 1 677 609,84 \u20ac 96,20 \u20ac \nH\u00e9bergement \nTemporaire 32 901,00 \u20ac    32 901,00 \u20ac 123,22 \u20ac \nUHR 222 670,37 \u20ac    222 670,37 \u20ac  \nPASA 0,00 \u20ac    0,00 \u20ac  \nAccueil de Jour 275 239,00 \u20ac    275 239,00 \u20ac 58,81 \u20ac \nPlateforme de \nr\u00e9pit 0,00 \u20ac    0,00 \u20ac  \n \n \n La fraction forfaitaire mensuelle s'\u00e9tablit \u00e0 184 035,02 \u20ac. \n  \nArticle 3 Les recours contentieux dirig\u00e9s contre la pr\u00e9sente d\u00e9cision doivent \u00eatre port\u00e9s devant \nle tribunal administratif territorialement comp\u00e9tent tel que pr\u00e9vu par l'article R. 312 -\n10-1 du Code de justice administrative dans un d\u00e9lai de deux mois \u00e0 compter de sa \npublication ou, pour les personnes auxquelles elle sera notifi\u00e9e, \u00e0 compter de sa \nnotification. Le tribunal administratif peut \u00eatre saisi par l'application \u00ab T\u00e9l \u00e9recours \ncitoyens \u00bb accessible par le site www.telerecours.fr. \n  \nArticle 4 La pr\u00e9sente d\u00e9cision sera publi\u00e9e au recueil des actes administratifs. \n  \n3 \n \nArticle 5       La Directrice G\u00e9n\u00e9rale de l'ARS Grand Est est charg\u00e9e de l'ex\u00e9cution de la pr\u00e9sent e \nd\u00e9cision qui sera notifi\u00e9e \u00e0 l'entit\u00e9 gestionnaire CH DE LA HAUTE -MARNE \n(520780081) et \u00e0 l'\u00e9tablissement concern\u00e9. \n \n \nFait \u00e0 CHAUMONT, le 03 d\u00e9cembre 2025                                  \n \nLe Directeur \n \n \n#signature# \n \n \n \n \nIskandar SAMAAN\nORDONNATEUR\nEsREPUBLIQUEFRANCAISELibert\u00e9 \u00a9 D Agence R\u00e9gionalede Sant\u00e9Lgatit\u00e9 Grand EstFratersit\u00e9\n1 \n \n \nDECISION TARIFAIRE N\u00b024916 PORTANT MODIFICATION DE LA DOTATION GLOBALE \nDE SOINS POUR 2025 DE \nSSIAD DE BOURBONNE-LES-BAINS - 520784257 \n \nLa Directrice G\u00e9n\u00e9rale de l'ARS Grand Est \n \nVU le Code de l'Action Sociale et des Familles ; \n  \nVU le Code de la S\u00e9curit\u00e9 Sociale ; \n  \nVU la loi n\u00b0 2025-199 du 28 f\u00e9vrier 2025 de financement de la S\u00e9curit\u00e9 Sociale pour 2025 \npubli\u00e9e au Journal Officiel du 28/02/2025 ; \n  \nVU l'arr\u00eat\u00e9 minist\u00e9riel du 02/06/2025 publi\u00e9 au Journal Officiel du 06/06/2025 pr is en \napplication de l'article L314 -3 du Code de l'Action Sociale et des Familles fixant, pour \nl'ann\u00e9e 2025 l'objectif global de d\u00e9penses d'assurance maladie et le montant tota l de \nd\u00e9penses pour les \u00e9tablissements et services relevant de la Caisse nationale de sol idarit\u00e9 \npour l'autonomie ; \n  \nVU la d\u00e9cision du 19/11/2025 publi\u00e9e au Journal Officiel du 26/11/2025 relative aux dotati ons \nr\u00e9gionales limitatives 2025 et \u00e0 la moyenne nationale des besoins en soins requis 2025 ; \n  \nVU le d\u00e9cret n\u00b0 2023-323 relatif \u00e0 la tarification des soins infirmiers \u00e0 domicile pour les \npersonnes \u00e2g\u00e9es et personnes handicap\u00e9es publi\u00e9 au Journal Officiel du 28 avril 2023 ; \n  \nVU l'arr\u00eat\u00e9 du 28 mai 2025 fixant pour 2025 les montants forfaitaires mentionn\u00e9s aux II et III \nde l'article R. 314-138 du code de l'action sociale et des familles et le taux de revalorisation \ndes produits de la tarification reconductibles aff\u00e9rents aux soins applicables aux serv ices \nproposant des prestations de soins infirmiers \u00e0 domicile pour les personnes \u00e2g\u00e9es et les \npersonnes en situation de handicap ; \n  \nVU l'arr\u00eat\u00e9 du 28 mai 2025 fixant pour 2025 le taux de revalorisation des produits de la \ntarification reconductibles aff\u00e9rents aux soins applicables aux services proposant des \nprestations de soins infirmiers \u00e0 domicile pour les personnes \u00e2g\u00e9es et les personnes  en \nsituation de handicap ; \n  \nVU le d\u00e9cret du 21 mai 2024 portant nomination de Madame, RATIGNIER-CARBONNEIL, \nChristelle en qualit\u00e9 de Directrice G\u00e9n\u00e9rale de l'agence r\u00e9gionale de sant\u00e9 Grand Est ; \n \nVU la d\u00e9cision de d\u00e9l\u00e9gation de signature de la Directrice G\u00e9n\u00e9rale de l'ARS vers le  Directeur \nde HAUTE-MARNE en date du 01/12/2025 ; \n \nVU l'autorisation ou le renouvellement d'autorisation en date du 03/01/2017 de la structure \nService de Soins Infirmiers A Domicile (S.S.I.A.D) d\u00e9nomm\u00e9e SSIAD DE BOURBONNE-\nLES-BAINS (520784257) sise 1, R TERRAIL LEMOINE 52400 Bourbonne-les-Bains et \ng\u00e9r\u00e9e par l'entit\u00e9 d\u00e9nomm\u00e9e CTRE HOSPITALIER BOURBONNE -LES-BAINS \n(520780024); \n \n  \nConsid\u00e9rant \n \nla d\u00e9cision tarifaire initiale n\u00b0 11464 en date du 30 juin 2025 portant fixation de la  \ndotation globale de soins pour 2025 de la structure d\u00e9nomm\u00e9e SSIAD DE \nBOURBONNE-LES-BAINS - 520784257 \n \n\n2 \n \n \nDECIDE \n \nArticle 1er A compter du 01/01/2025, la dotation globale de soins est fix\u00e9e \u00e0 968 179,55 \u20ac au \ntitre de 2025  dont 0,00 \u20ac \u00e0 titre non reconductible vers\u00e9 en une seule fois. Elle se \nr\u00e9partit comme suit :  \n \n - pour l'accueil de personnes \u00e2g\u00e9es  : 845 352,97 \u20ac (fraction forfaitaire s'\u00e9levant \u00e0 \n70 446,08 \u20ac). Le prix de journ\u00e9e est fix\u00e9 \u00e0 62,62 \u20ac. \n - pour l'accueil de personnes handicap\u00e9es  : 122 826,58 \u20ac (fraction forfaitaire \ns'\u00e9levant \u00e0 10 235,55 \u20ac). Le prix de journ\u00e9e est fix\u00e9 \u00e0 227,46 \u20ac. \n \nArticle 2 A compter du 01/01/ 2026, en application de l'article L.314 -7 du CASF, la dotation \nglobale de soins est fix\u00e9e, \u00e0 titre transitoire, \u00e0 923 204,90 \u20ac.: \n \n - pour l'accueil de personnes \u00e2g\u00e9es  : 819 852,97 \u20ac (douzi\u00e8me applicable s'\u00e9levant \u00e0 \n68 321,08 \u20ac). Le prix de journ\u00e9e de reconduction est fix\u00e9 \u00e0 60,73 \u20ac. \n \n- pour l'accueil de personnes handicap\u00e9es  : 103 351,93 \u20ac (douzi\u00e8me applicable \ns'\u00e9levant \u00e0 8 612,66 \u20ac). Le prix de journ\u00e9e de reconduction est fix\u00e9 \u00e0 191,39 \u20ac. \n \nArticle 3 Les recours contentieux dirig\u00e9s contre la pr\u00e9sente d\u00e9cision doivent \u00eatre port\u00e9s devant \nle tribunal administratif territorialement comp\u00e9tent tel que pr\u00e9vu pa r l'article R. 312 -\n10-1 du Code de justice administrative dans un d\u00e9lai de deux mois \u00e0 compter de sa \npublication ou, pour les personnes auxquelles elle sera notifi\u00e9e, \u00e0 compter de sa \nnotification. Le tribunal administratif peut \u00eatre saisi par l'application \u00ab T\u00e9l\u00e9recours \ncitoyens \u00bb accessible par le site www.telerecours.fr. \n  \nArticle 4 La pr\u00e9sente d\u00e9cision sera publi\u00e9e au recueil des actes administratifs. \n  \nArticle 5        La Directrice G\u00e9n\u00e9rale de l'ARS Grand Est est charg\u00e9e de l'ex\u00e9cution de la pr\u00e9sent e \nd\u00e9cision qui sera notifi\u00e9e \u00e0 l'entit\u00e9 gestionnaire CTRE HOSPITALIER \nBOURBONNE-LES-BAINS (520780024) et \u00e0 l'\u00e9tablissement concern\u00e9. \n \n \n \nFait \u00e0 CHAUMONT, le 03 d\u00e9cembre 2025  \n \nLe Directeur \n \n \n \n#signature# \n \n \n \n \nIskandar SAMAAN\nORDONNATEUR\nEsREPUBLIQUEFRANCAISELibert\u00e9 \u00a9 D Agence R\u00e9gionalede Sant\u00e9Lgatit\u00e9 Grand EstFratersit\u00e9\n1 \n \n \nDECISION TARIFAIRE N\u00b024917 PORTANT MODIFICATION DE LA DOTATION GLOBALE \nDE SOINS POUR 2025 DE \nSSIAD POUGNY - 520784083 \n \nLa Directrice G\u00e9n\u00e9rale de l'ARS Grand Est \n \nVU le Code de l'Action Sociale et des Familles ; \n  \nVU le Code de la S\u00e9curit\u00e9 Sociale ; \n  \nVU la loi n\u00b0 2025-199 du 28 f\u00e9vrier 2025 de financement de la S\u00e9curit\u00e9 Sociale pour 2025 \npubli\u00e9e au Journal Officiel du 28/02/2025 ; \n  \nVU l'arr\u00eat\u00e9 minist\u00e9riel du 02/06/2025 publi\u00e9 au Journal Officiel du 06/06/2025 pr is en \napplication de l'article L314 -3 du Code de l'Action Sociale et des Familles fixant, pour \nl'ann\u00e9e 2025 l'objectif global de d\u00e9penses d'assurance maladie et le montant tota l de \nd\u00e9penses pour les \u00e9tablissements et services relevant de la Caisse nationale de sol idarit\u00e9 \npour l'autonomie ; \n  \nVU la d\u00e9cision du 19/11/2025 publi\u00e9e au Journal Officiel du 26/11/2025 relative aux dotations  \nr\u00e9gionales limitatives 2025 et \u00e0 la moyenne nationale des besoins en soins requis 2025 ; \n  \nVU le d\u00e9cret n\u00b0 2023-323 relatif \u00e0 la tarification des soins infirmiers \u00e0 domicile pour les \npersonnes \u00e2g\u00e9es et personnes handicap\u00e9es publi\u00e9 au Journal Officiel du 28 avril 2023 ; \n  \nVU l'arr\u00eat\u00e9 du 28 mai 2025 fixant pour 2025 les montants forfaitaires mentionn\u00e9s aux II et III \nde l'article R. 314-138 du code de l'action sociale et des familles et le taux de revalorisation \ndes produits de la tarification reconductibles aff\u00e9rents aux soins applicables aux serv ices \nproposant des prestations de soins infirmiers \u00e0 domicile pour les personnes \u00e2g\u00e9es et les \npersonnes en situation de handicap ; \n  \nVU l'arr\u00eat\u00e9 du 28 mai 2025 fixant pour 2025 le taux de revalorisation des produits de la \ntarification reconductibles aff\u00e9rents aux soins applicables aux services proposant des \nprestations de soins infirmiers \u00e0 domicile pour les personnes \u00e2g\u00e9es et les personnes  en \nsituation de handicap ; \n  \nVU le d\u00e9cret du 21 mai 2024 portant nomination de Madame, RATIGNIER-CARBONNEIL, \nChristelle en qualit\u00e9 de Directrice G\u00e9n\u00e9rale de l'agence r\u00e9gionale de sant\u00e9 Grand Est ; \n \nVU la d\u00e9cision de d\u00e9l\u00e9gation de signature de la Directrice G\u00e9n\u00e9rale de l'ARS vers le  Directeur \nde HAUTE-MARNE en date du 01/12/2025 ; \n \nVU l'autorisation ou le renouvellement d'autorisation en date du 03/01/2017 de la structure \nService de Soins Infirmiers A Domicile (S.S.I.A.D) d\u00e9nomm\u00e9e SSIAD POUGNY \n(520784083) sise 4, R POUGNY 52270 Doulaincourt- Saucourt et g\u00e9r\u00e9e par l'entit\u00e9 \nd\u00e9nomm\u00e9e MAISON DE RETRAITE (520000159); \n \n  \nConsid\u00e9rant \n \nla d\u00e9cision tarifaire initiale n\u00b0 3226 en date du 20 juin 2025 portant fixation de la  \ndotation globale de soins pour 2025 de la structure d\u00e9nomm\u00e9e SSIAD POUGNY - \n520784083 \n \n\n2 \n \n \nDECIDE \n \nArticle 1er A compter du 01/01/2025, la dotation globale de soins est fix\u00e9e \u00e0 791 180,26 \u20ac au \ntitre de 2025  dont 0,00 \u20ac \u00e0 titre non reconductible vers\u00e9 en une seule fois. Elle se \nr\u00e9partit comme suit :  \n \n - pour l'accueil de personnes \u00e2g\u00e9es  : 714 892,49 \u20ac (fraction forfaitaire s'\u00e9levant \u00e0 \n59 574,37 \u20ac). Le prix de journ\u00e9e est fix\u00e9 \u00e0 50,90 \u20ac. \n - pour l'accueil de personnes handicap\u00e9es  : 76 287,77 \u20ac (fraction forfaitaire s'\u00e9levant \n\u00e0 6 357,31 \u20ac). Le prix de journ\u00e9e est fix\u00e9 \u00e0 43,47 \u20ac. \n \nArticle 2 A compter du 01/01/ 2026, en application de l'article L.314 -7 du CASF, la dotation \nglobale de soins est fix\u00e9e, \u00e0 titre transitoire, \u00e0 779 680,26 \u20ac.: \n \n - pour l'accueil de personnes \u00e2g\u00e9es  : 703 392,49 \u20ac (douzi\u00e8me applicable s'\u00e9levant \u00e0 \n58 616,04 \u20ac). Le prix de journ\u00e9e de reconduction est fix\u00e9 \u00e0 50,08 \u20ac. \n \n- pour l'accueil de personnes handicap\u00e9es  : 76 287,77 \u20ac (douzi\u00e8me applicable \ns'\u00e9levant \u00e0 6 357,31 \u20ac). Le prix de journ\u00e9e de reconduction est fix\u00e9 \u00e0 43,47 \u20ac. \n \nArticle 3 Les recours contentieux dirig\u00e9s contre la pr\u00e9sente d\u00e9cision doivent \u00eatre port\u00e9s devant \nle tribunal administratif territorialement comp\u00e9tent tel que pr\u00e9vu pa r l'article R. 312 -\n10-1 du Code de justice administrative dans un d\u00e9lai de deux mois \u00e0 compter de sa \npublication ou, pour les personnes auxquelles elle sera notifi\u00e9e, \u00e0 compter de sa \nnotification. Le tribunal administratif peut \u00eatre saisi par l'application \u00ab T\u00e9l\u00e9recours \ncitoyens \u00bb accessible par le site www.telerecours.fr. \n  \nArticle 4 La pr\u00e9sente d\u00e9cision sera publi\u00e9e au recueil des actes administratifs. \n  \nArticle 5        La Directrice G\u00e9n\u00e9rale de l'ARS Grand Est est charg\u00e9e de l'ex\u00e9cution de la pr\u00e9sente \nd\u00e9cision qui sera notifi\u00e9e \u00e0 l'entit\u00e9 gestionnaire MAISON DE RETRAITE \n(520000159) et \u00e0 l'\u00e9tablissement concern\u00e9. \n \n \n \nFait \u00e0 CHAUMONT, le 03 d\u00e9cembre 2025  \n \nLe Directeur \n \n \n \n#signature# \n \n \n \n \nIskandar SAMAAN\nORDONNATEUR\nEsREPUBLIQUEFRANCAISELibert\u00e9 \u00a9 D Agence R\u00e9gionalede Sant\u00e9Lgatit\u00e9 Grand EstFratersit\u00e9\n1 \n \n \nDECISION TARIFAIRE N\u00b024918 PORTANT MODIFICATION DE LA DOTATION GLOBALE \nDE SOINS POUR 2025 DE \nSSIAD AU BRIN D'OSIER - 520784059 \n \nLa Directrice G\u00e9n\u00e9rale de l'ARS Grand Est \n \nVU le Code de l'Action Sociale et des Familles ; \n  \nVU le Code de la S\u00e9curit\u00e9 Sociale ; \n  \nVU la loi n\u00b0 2025-199 du 28 f\u00e9vrier 2025 de financement de la S\u00e9curit\u00e9 Sociale pour 2025 \npubli\u00e9e au Journal Officiel du 28/02/2025 ; \n  \nVU l'arr\u00eat\u00e9 minist\u00e9riel du 02/06/2025 publi\u00e9 au Journal Officiel du 06/06/2025 pr is en \napplication de l'article L314 -3 du Code de l'Action Sociale et des Familles fixant, pour \nl'ann\u00e9e 2025 l'objectif global de d\u00e9penses d'assurance maladie et le montant tota l de \nd\u00e9penses pour les \u00e9tablissements et services relevant de la Caisse nationale de sol idarit\u00e9 \npour l'autonomie ; \n  \nVU la d\u00e9cision du 19/11/2025 publi\u00e9e au Journal Officiel du 26/11/2025 relative aux dotati ons \nr\u00e9gionales limitatives 2025 et \u00e0 la moyenne nationale des besoins en soins requis 2025 ; \n  \nVU le d\u00e9cret n\u00b0 2023-323 relatif \u00e0 la tarification des soins infirmiers \u00e0 domicile pour les \npersonnes \u00e2g\u00e9es et personnes handicap\u00e9es publi\u00e9 au Journal Officiel du 28 avril 2023 ; \n  \nVU l'arr\u00eat\u00e9 du 28 mai 2025 fixant pour 2025 les montants forfaitaires mentionn\u00e9s aux II et III \nde l'article R. 314-138 du code de l'action sociale et des familles et le taux de revalorisation \ndes produits de la tarification reconductibles aff\u00e9rents aux soins applicables aux serv ices \nproposant des prestations de soins infirmiers \u00e0 domicile pour les personnes \u00e2g\u00e9es et les \npersonnes en situation de handicap ; \n  \nVU l'arr\u00eat\u00e9 du 28 mai 2025 fixant pour 2025 le taux de revalorisation des produits de la \ntarification reconductibles aff\u00e9rents aux soins applicables aux services proposant des \nprestations de soins infirmiers \u00e0 domicile pour les personnes \u00e2g\u00e9es et les personnes  en \nsituation de handicap ; \n  \nVU le d\u00e9cret du 21 mai 2024 portant nomination de Madame, RATIGNIER-CARBONNEIL, \nChristelle en qualit\u00e9 de Directrice G\u00e9n\u00e9rale de l'agence r\u00e9gionale de sant\u00e9 Grand Est ; \n \nVU la d\u00e9cision de d\u00e9l\u00e9gation de signature de la Directrice G\u00e9n\u00e9rale de l'ARS vers le  Directeur \nde HAUTE-MARNE en date du 01/12/2025 ; \n \nVU l'autorisation ou le renouvellement d'autorisation en date du 03/01/2017 de la structure \nService de Soins Infirmiers A Domicile (S.S.I.A.D) d\u00e9nomm\u00e9e SSIAD AU BRIN D'OSIER \n(520784059) sise 4, PL DE L'EGLISE 52500 Fayl- Billot et g\u00e9r\u00e9e par l'entit\u00e9 d\u00e9nomm\u00e9e \nMAISON DE RETRAITE (520000167); \n \n  \nConsid\u00e9rant \n \nla d\u00e9cision tarifaire initiale n\u00b0 3227 en date du 20 juin 2025 portant fixation de l a \ndotation globale de soins pour 2025 de la structure d\u00e9nomm\u00e9e SSIAD AU BRIN \nD'OSIER - 520784059 \n \n\n2 \n \n \nDECIDE \n \nArticle 1er A compter du 01/01/2025, la dotation globale de soins est fix\u00e9e \u00e0 645 381,59 \u20ac au \ntitre de 2025  dont 0,00 \u20ac \u00e0 titre non reconductible vers\u00e9 en une seule fois. Elle se \nr\u00e9partit comme suit :  \n \n - pour l'accueil de personnes \u00e2g\u00e9es  : 614 529,79 \u20ac (fraction forfaitaire s'\u00e9levant \u00e0 \n51 210,82 \u20ac). Le prix de journ\u00e9e est fix\u00e9 \u00e0 74,89 \u20ac. \n - pour l'accueil de personnes handicap\u00e9es  : 30 851,80 \u20ac (fraction forfaitaire s'\u00e9levant \n\u00e0 2 570,98 \u20ac). Le prix de journ\u00e9e est fix\u00e9 \u00e0 44,07 \u20ac. \n \nArticle 2 A compter du 01/01/ 2026, en application de l'article L.314 -7 du CASF, la dotation \nglobale de soins est fix\u00e9e, \u00e0 titre transitoire, \u00e0 567 723,16 \u20ac.: \n \n - pour l'accueil de personnes \u00e2g\u00e9es  : 541 228,27 \u20ac (douzi\u00e8me applicable s'\u00e9levant \u00e0 \n45 102,36 \u20ac). Le prix de journ\u00e9e de reconduction est fix\u00e9 \u00e0 65,96 \u20ac. \n \n- pour l'accueil de personnes handicap\u00e9es  : 26 494,89 \u20ac (douzi\u00e8me applicable \ns'\u00e9levant \u00e0 2 207,91 \u20ac). Le prix de journ\u00e9e de reconduction est fix\u00e9 \u00e0 37,85 \u20ac. \n \nArticle 3 Les recours contentieux dirig\u00e9s contre la pr\u00e9sente d\u00e9cision doivent \u00eatre port\u00e9s devant \nle tribunal administratif territorialement comp\u00e9tent tel que pr\u00e9vu pa r l'article R. 312 -\n10-1 du Code de justice administrative dans un d\u00e9lai de deux mois \u00e0 compter de sa \npublication ou, pour les personnes auxquelles elle sera notifi\u00e9e, \u00e0 compter de sa \nnotification. Le tribunal administratif peut \u00eatre saisi par l'application \u00ab T\u00e9l\u00e9recours \ncitoyens \u00bb accessible par le site www.telerecours.fr. \n  \nArticle 4 La pr\u00e9sente d\u00e9cision sera publi\u00e9e au recueil des actes administratifs. \n  \nArticle 5        La Directrice G\u00e9n\u00e9rale de l'ARS Grand Est est charg\u00e9e de l'ex\u00e9cution de la pr\u00e9sent e \nd\u00e9cision qui sera notifi\u00e9e \u00e0 l'entit\u00e9 gestionnaire MAISON DE RETRAITE \n(520000167) et \u00e0 l'\u00e9tablissement concern\u00e9. \n \n \n \nFait \u00e0 CHAUMONT, le 03 d\u00e9cembre 2025  \n \nLe Directeur \n \n \n \n#signature# \n \n \n \n \nIskandar SAMAAN\nORDONNATEUR\nEsREPUBLIQUEFRANCAISELibert\u00e9 \u00a9 D Agence R\u00e9gionalede Sant\u00e9Lgatit\u00e9 Grand EstFratersit\u00e9\n1 \n \n \nDECISION TARIFAIRE N\u00b024919 PORTANT MODIFICATION DE LA DOTATION GLOBALE \nDE SOINS POUR 2025 DE \nSSIAD SAINT MARTIN - 520784034 \n \nLa Directrice G\u00e9n\u00e9rale de l'ARS Grand Est \n \nVU le Code de l'Action Sociale et des Familles ; \n  \nVU le Code de la S\u00e9curit\u00e9 Sociale ; \n  \nVU la loi n\u00b0 2025-199 du 28 f\u00e9vrier 2025 de financement de la S\u00e9curit\u00e9 Sociale pour 2025 \npubli\u00e9e au Journal Officiel du 28/02/2025 ; \n  \nVU l'arr\u00eat\u00e9 minist\u00e9riel du 02/06/2025 publi\u00e9 au Journal Officiel du 06/06/2025 pr is en \napplication de l'article L314 -3 du Code de l'Action Sociale et des Familles fixant, pour \nl'ann\u00e9e 2025 l'objectif global de d\u00e9penses d'assurance maladie et le montant tota l de \nd\u00e9penses pour les \u00e9tablissements et services relevant de la Caisse nationale de sol idarit\u00e9 \npour l'autonomie ; \n  \nVU la d\u00e9cision du 19/11/2025 publi\u00e9e au Journal Officiel du 26/11/2025 relative aux dotati ons \nr\u00e9gionales limitatives 2025 et \u00e0 la moyenne nationale des besoins en soins requis 2025 ; \n  \nVU le d\u00e9cret n\u00b0 2023-323 relatif \u00e0 la tarification des soins infirmiers \u00e0 domicile pour les \npersonnes \u00e2g\u00e9es et personnes handicap\u00e9es publi\u00e9 au Journal Officiel du 28 avril 2023 ; \n  \nVU l'arr\u00eat\u00e9 du 28 mai 2025 fixant pour 2025 les montants forfaitaires mentionn\u00e9s aux II et III \nde l'article R. 314-138 du code de l'action sociale et des familles et le taux de revalorisation \ndes produits de la tarification reconductibles aff\u00e9rents aux soins applicables aux serv ices \nproposant des prestations de soins infirmiers \u00e0 domicile pour les personnes \u00e2g\u00e9es et les \npersonnes en situation de handicap ; \n  \nVU l'arr\u00eat\u00e9 du 28 mai 2025 fixant pour 2025 le taux de revalorisation des produits de la \ntarification reconductibles aff\u00e9rents aux soins applicables aux services proposant des \nprestations de soins infirmiers \u00e0 domicile pour les personnes \u00e2g\u00e9es et les personnes  en \nsituation de handicap ; \n  \nVU le d\u00e9cret du 21 mai 2024 portant nomination de Madame, RATIGNIER-CARBONNEIL, \nChristelle en qualit\u00e9 de Directrice G\u00e9n\u00e9rale de l'agence r\u00e9gionale de sant\u00e9 Grand Est ; \n \nVU la d\u00e9cision de d\u00e9l\u00e9gation de signature de la Directrice G\u00e9n\u00e9rale de l'ARS vers le  Directeur \nde HAUTE-MARNE en date du 01/12/2025 ; \n \nVU l'autorisation ou le renouvellement d'autorisation en date du 03/01/2017 de la structure \nService de Soins Infirmiers A Domicile (S.S.I.A.D) d\u00e9nomm\u00e9e SSIAD SAINT MARTIN \n(520784034) sise 2, RTE DE LANGRES 52210 Arc-en- Barrois et g\u00e9r\u00e9e par l'entit\u00e9 \nd\u00e9nomm\u00e9e MAISON DE RETRAITE (520000134); \n \n  \nConsid\u00e9rant \n \nla d\u00e9cision tarifaire initiale n\u00b0 3228 en date du 20 juin 2025 portant fixation de l a \ndotation globale de soins pour 2025 de la structure d\u00e9nomm\u00e9e SSIAD SAINT \nMARTIN - 520784034 \n \n\n2 \n \n \nDECIDE \n \nArticle 1er A compter du 01/01/2025, la dotation globale de soins est fix\u00e9e \u00e0 696 925,18 \u20ac au \ntitre de 2025  dont 0,00 \u20ac \u00e0 titre non reconductible vers\u00e9 en une seule fois. Elle se \nr\u00e9partit comme suit :  \n \n - pour l'accueil de personnes \u00e2g\u00e9es  : 642 561,72 \u20ac (fraction forfaitaire s'\u00e9levant \u00e0 \n53 546,81 \u20ac). Le prix de journ\u00e9e est fix\u00e9 \u00e0 66,38 \u20ac. \n - pour l'accueil de personnes handicap\u00e9es  : 54 363,46 \u20ac (fraction forfaitaire s'\u00e9levant \n\u00e0 4 530,29 \u20ac). Le prix de journ\u00e9e est fix\u00e9 \u00e0 74,88 \u20ac. \n \nArticle 2 A compter du 01/01/ 2026, en application de l'article L.314 -7 du CASF, la dotation \nglobale de soins est fix\u00e9e, \u00e0 titre transitoire, \u00e0 538 425,18 \u20ac.: \n \n - pour l'accueil de personnes \u00e2g\u00e9es  : 484 061,72 \u20ac (douzi\u00e8me applicable s'\u00e9levant \u00e0 \n40 338,48 \u20ac). Le prix de journ\u00e9e de reconduction est fix\u00e9 \u00e0 50,01 \u20ac. \n \n- pour l'accueil de personnes handicap\u00e9es  : 54 363,46 \u20ac (douzi\u00e8me applicable \ns'\u00e9levant \u00e0 4 530,29 \u20ac). Le prix de journ\u00e9e de reconduction est fix\u00e9 \u00e0 74,88 \u20ac. \n \nArticle 3 Les recours contentieux dirig\u00e9s contre la pr\u00e9sente d\u00e9cision doivent \u00eatre port\u00e9s devant \nle tribunal administratif territorialement comp\u00e9tent tel que pr\u00e9vu pa r l'article R. 312 -\n10-1 du Code de justice administrative dans un d\u00e9lai de deux mois \u00e0 compter de sa \npublication ou, pour les personnes auxquelles elle sera notifi\u00e9e, \u00e0 compter de sa \nnotification. Le tribunal administratif peut \u00eatre saisi par l'application \u00ab T\u00e9l\u00e9recours \ncitoyens \u00bb accessible par le site www.telerecours.fr. \n  \nArticle 4 La pr\u00e9sente d\u00e9cision sera publi\u00e9e au recueil des actes administratifs. \n  \nArticle 5        La Directrice G\u00e9n\u00e9rale de l'ARS Grand Est est charg\u00e9e de l'ex\u00e9cution de la pr\u00e9sent e \nd\u00e9cision qui sera notifi\u00e9e \u00e0 l'entit\u00e9 gestionnaire MAISON DE RETRAITE \n(520000134) et \u00e0 l'\u00e9tablissement concern\u00e9. \n \n \n \nFait \u00e0 CHAUMONT, le 03 d\u00e9cembre 2025  \n \nLe Directeur \n \n \n \n#signature# \n \n \n \n \nIskandar SAMAAN\nORDONNATEUR\nEsREPUBLIQUEFRANCAISELibert\u00e9 \u00a9 D Agence R\u00e9gionalede Sant\u00e9Lgatit\u00e9 Grand EstFratersit\u00e9\n1 \n \n \nDECISION TARIFAIRE N\u00b024920 PORTANT MODIFICATION DE LA DOTATION GLOBALE \nDE SOINS POUR 2025 DE \nSSIAD DE WASSY - 520783994 \n \nLa Directrice G\u00e9n\u00e9rale de l'ARS Grand Est \n \nVU le Code de l'Action Sociale et des Familles ; \n  \nVU le Code de la S\u00e9curit\u00e9 Sociale ; \n  \nVU la loi n\u00b0 2025-199 du 28 f\u00e9vrier 2025 de financement de la S\u00e9curit\u00e9 Sociale pour 2025 \npubli\u00e9e au Journal Officiel du 28/02/2025 ; \n  \nVU l'arr\u00eat\u00e9 minist\u00e9riel du 02/06/2025 publi\u00e9 au Journal Officiel du 06/06/2025 pr is en \napplication de l'article L314 -3 du Code de l'Action Sociale et des Familles fixant, pour \nl'ann\u00e9e 2025 l'objectif global de d\u00e9penses d'assurance maladie et le montant tota l de \nd\u00e9penses pour les \u00e9tablissements et services relevant de la Caisse nationale de sol idarit\u00e9 \npour l'autonomie ; \n  \nVU la d\u00e9cision du 19/11/2025 publi\u00e9e au Journal Officiel du 26/11/2025 relative aux dotati ons \nr\u00e9gionales limitatives 2025 et \u00e0 la moyenne nationale des besoins en soins requis 2025 ; \n  \nVU le d\u00e9cret n\u00b0 2023-323 relatif \u00e0 la tarification des soins infirmiers \u00e0 domicile pour les \npersonnes \u00e2g\u00e9es et personnes handicap\u00e9es publi\u00e9 au Journal Officiel du 28 avril 2023 ; \n  \nVU l'arr\u00eat\u00e9 du 28 mai 2025 fixant pour 2025 les montants forfaitaires mentionn\u00e9s aux II et III \nde l'article R. 314-138 du code de l'action sociale et des familles et le taux de revalorisation \ndes produits de la tarification reconductibles aff\u00e9rents aux soins applicables aux serv ices \nproposant des prestations de soins infirmiers \u00e0 domicile pour les personnes \u00e2g\u00e9es et les \npersonnes en situation de handicap ; \n  \nVU l'arr\u00eat\u00e9 du 28 mai 2025 fixant pour 2025 le taux de revalorisation des produits de la \ntarification reconductibles aff\u00e9rents aux soins applicables aux services proposant des \nprestations de soins infirmiers \u00e0 domicile pour les personnes \u00e2g\u00e9es et les personnes  en \nsituation de handicap ; \n  \nVU le d\u00e9cret du 21 mai 2024 portant nomination de Madame, RATIGNIER-CARBONNEIL, \nChristelle en qualit\u00e9 de Directrice G\u00e9n\u00e9rale de l'agence r\u00e9gionale de sant\u00e9 Grand Est ; \n \nVU la d\u00e9cision de d\u00e9l\u00e9gation de signature de la Directrice G\u00e9n\u00e9rale de l'ARS vers le  Directeur \nde HAUTE-MARNE en date du 01/12/2025 ; \n \nVU l'autorisation ou le renouvellement d'autorisation en date du 03/01/2017 de la structure \nService de Soins Infirmiers A Domicile (S.S.I.A.D) d\u00e9nomm\u00e9e SSIAD DE WASSY \n(520783994) sise , R DE LA PITIE 52130 Wassy et g\u00e9r\u00e9e par l'entit\u00e9 d\u00e9nomm\u00e9e \nHOPITAL LOCAL DE WASSY (520780099); \n \n  \nConsid\u00e9rant \n \nla d\u00e9cision tarifaire initiale n\u00b0 11465 en date du 30 juin 2025 portant fixation de la  \ndotation globale de soins pour 2025 de la structure d\u00e9nomm\u00e9e SSIAD DE WASSY \n- 520783994 \n \n\n2 \n \n \nDECIDE \n \nArticle 1er A compter du 01/01/2025, la dotation globale de soins est fix\u00e9e \u00e0 659 109,46 \u20ac au \ntitre de 2025  dont 0,00 \u20ac \u00e0 titre non reconductible vers\u00e9 en une seule fois. Elle se \nr\u00e9partit comme suit :  \n \n - pour l'accueil de personnes \u00e2g\u00e9es  : 614 824,89 \u20ac (fraction forfaitaire s'\u00e9levant \u00e0 \n51 235,41 \u20ac). Le prix de journ\u00e9e est fix\u00e9 \u00e0 56,71 \u20ac. \n - pour l'accueil de personnes handicap\u00e9es  : 44 284,57 \u20ac (fraction forfaitaire s'\u00e9levant \n\u00e0 3 690,38 \u20ac). Le prix de journ\u00e9e est fix\u00e9 \u00e0 42,58 \u20ac. \n \nArticle 2 A compter du 01/01/ 2026, en application de l'article L.314 -7 du CASF, la dotation \nglobale de soins est fix\u00e9e, \u00e0 titre transitoire, \u00e0 645 609,46 \u20ac.: \n \n - pour l'accueil de personnes \u00e2g\u00e9es  : 601 324,89 \u20ac (douzi\u00e8me applicable s'\u00e9levant \u00e0 \n50 110,41 \u20ac). Le prix de journ\u00e9e de reconduction est fix\u00e9 \u00e0 55,47 \u20ac. \n \n- pour l'accueil de personnes handicap\u00e9es  : 44 284,57 \u20ac (douzi\u00e8me applicable \ns'\u00e9levant \u00e0 3 690,38 \u20ac). Le prix de journ\u00e9e de reconduction est fix\u00e9 \u00e0 42,58 \u20ac. \n \nArticle 3 Les recours contentieux dirig\u00e9s contre la pr\u00e9sente d\u00e9cision doivent \u00eatre port\u00e9s devant \nle tribunal administratif territorialement comp\u00e9tent tel que pr\u00e9vu pa r l'article R. 312 -\n10-1 du Code de justice administrative dans un d\u00e9lai de deux mois \u00e0 compter de sa \npublication ou, pour les personnes auxquelles elle sera notifi\u00e9e, \u00e0 compter de sa \nnotification. Le tribunal administratif peut \u00eatre saisi par l'application \u00ab T\u00e9l\u00e9recours \ncitoyens \u00bb accessible par le site www.telerecours.fr. \n  \nArticle 4 La pr\u00e9sente d\u00e9cision sera publi\u00e9e au recueil des actes administratifs. \n  \nArticle 5        La Directrice G\u00e9n\u00e9rale de l'ARS Grand Est est charg\u00e9e de l'ex\u00e9cution de la pr\u00e9sent e \nd\u00e9cision qui sera notifi\u00e9e \u00e0 l'entit\u00e9 gestionnaire HOPITAL LOCAL DE WASSY \n(520780099) et \u00e0 l'\u00e9tablissement concern\u00e9. \n \n \n \nFait \u00e0 CHAUMONT, le 03 d\u00e9cembre 2025  \n \nLe Directeur \n \n \n \n#signature# \n \n \n \n \nIskandar SAMAAN\nORDONNATEUR\nEsREPUBLIQUEFRANCAISELibert\u00e9 \u00a9 D Agence R\u00e9gionalede Sant\u00e9Lgatit\u00e9 Grand EstFratersit\u00e9\n1 \n \n \nDECISION TARIFAIRE N\u00b024921 PORTANT MODIFICATION DE LA DOTATION GLOBALE \nDE SOINS POUR 2025 DE \nSSIADPA - CH DE CHAUMONT - 520783341 \n \nLa Directrice G\u00e9n\u00e9rale de l'ARS Grand Est \n \nVU le Code de l'Action Sociale et des Familles ; \n  \nVU le Code de la S\u00e9curit\u00e9 Sociale ; \n  \nVU la loi n\u00b0 2025-199 du 28 f\u00e9vrier 2025 de financement de la S\u00e9curit\u00e9 Sociale pour 2025 \npubli\u00e9e au Journal Officiel du 28/02/2025 ; \n  \nVU l'arr\u00eat\u00e9 minist\u00e9riel du 02/06/2025 publi\u00e9 au Journal Officiel du 06/06/2025 pr is en \napplication de l'article L314 -3 du Code de l'Action Sociale et des Familles fixant, pour \nl'ann\u00e9e 2025 l'objectif global de d\u00e9penses d'assurance maladie et le montant tota l de \nd\u00e9penses pour les \u00e9tablissements et services relevant de la Caisse nationale de sol idarit\u00e9 \npour l'autonomie ; \n  \nVU la d\u00e9cision du 19/11/2025 publi\u00e9e au Journal Officiel du 26/11/2025 relative aux dotati ons \nr\u00e9gionales limitatives 2025 et \u00e0 la moyenne nationale des besoins en soins requis 2025 ; \n  \nVU le d\u00e9cret n\u00b0 2023-323 relatif \u00e0 la tarification des soins infirmiers \u00e0 domicile pour les \npersonnes \u00e2g\u00e9es et personnes handicap\u00e9es publi\u00e9 au Journal Officiel du 28 avril 2023 ; \n  \nVU l'arr\u00eat\u00e9 du 28 mai 2025 fixant pour 2025 les montants forfaitaires mentionn\u00e9s aux II et III \nde l'article R. 314-138 du code de l'action sociale et des familles et le taux de revalorisation \ndes produits de la tarification reconductibles aff\u00e9rents aux soins applicables aux serv ices \nproposant des prestations de soins infirmiers \u00e0 domicile pour les personnes \u00e2g\u00e9es et les \npersonnes en situation de handicap ; \n  \nVU l'arr\u00eat\u00e9 du 28 mai 2025 fixant pour 2025 le taux de revalorisation des produits de la \ntarification reconductibles aff\u00e9rents aux soins applicables aux services proposant des \nprestations de soins infirmiers \u00e0 domicile pour les personnes \u00e2g\u00e9es et les personnes  en \nsituation de handicap ; \n  \nVU le d\u00e9cret du 21 mai 2024 portant nomination de Madame, RATIGNIER-CARBONNEIL, \nChristelle en qualit\u00e9 de Directrice G\u00e9n\u00e9rale de l'agence r\u00e9gionale de sant\u00e9 Grand Est ; \n \nVU la d\u00e9cision de d\u00e9l\u00e9gation de signature de la Directrice G\u00e9n\u00e9rale de l'ARS vers le  Directeur \nde HAUTE-MARNE en date du 01/12/2025 ; \n \nVU l'autorisation ou le renouvellement d'autorisation en date du 03/01/2017 de la structure \nService de Soins Infirmiers A Domicile (S.S.I.A.D) d\u00e9nomm\u00e9e SSIADPA - CH DE  \nCHAUMONT (520783341) sise 2, R JEANNE D'ARC 52014 Chaumont et g\u00e9r\u00e9e par \nl'entit\u00e9 d\u00e9nomm\u00e9e CENTRE HOSPITALIER DE CHAUMONT (520780032); \n \n  \nConsid\u00e9rant \n \nla d\u00e9cision tarifaire initiale n\u00b0 11466 en date du 30 juin 2025 portant fixation de la  \ndotation globale de soins pour 2025 de la structure d\u00e9nomm\u00e9e SSIADPA - CH DE \nCHAUMONT - 520783341 \n \n\n2 \n \n \nDECIDE \n \nArticle 1er A compter du 01/01/2025, la dotation globale de soins est fix\u00e9e \u00e0 1 178 483,06 \u20ac au \ntitre de 2025  dont 0,00 \u20ac \u00e0 titre non reconductible vers\u00e9 en une seule fois. Elle se \nr\u00e9partit comme suit :  \n \n - pour l'accueil de personnes \u00e2g\u00e9es  : 1 142 154,45 \u20ac (fraction forfaitaire s'\u00e9levant \u00e0 \n95 179,54 \u20ac). Le prix de journ\u00e9e est fix\u00e9 \u00e0 74,26 \u20ac. \n - pour l'accueil de personnes handicap\u00e9es  : 36 328,61 \u20ac (fraction forfaitaire s'\u00e9levant \n\u00e0 3 027,38 \u20ac). Le prix de journ\u00e9e est fix\u00e9 \u00e0 58,88 \u20ac. \n \nArticle 2 A compter du 01/01/ 2026, en application de l'article L.314 -7 du CASF, la dotation \nglobale de soins est fix\u00e9e, \u00e0 titre transitoire, \u00e0 1 074 403,93 \u20ac.: \n \n - pour l'accueil de personnes \u00e2g\u00e9es : 1 041 174,52 \u20ac (douzi\u00e8me applicable s'\u00e9levant \u00e0 \n86 764,54 \u20ac). Le prix de journ\u00e9e de reconduction est fix\u00e9 \u00e0 67,69 \u20ac. \n \n- pour l'accueil de personnes handicap\u00e9es  : 33 229,41 \u20ac (douzi\u00e8me applicable \ns'\u00e9levant \u00e0 2 769,12 \u20ac). Le prix de journ\u00e9e de reconduction est fix\u00e9 \u00e0 53,86 \u20ac. \n \nArticle 3 Les recours contentieux dirig\u00e9s contre la pr\u00e9sente d\u00e9cision doivent \u00eatre port\u00e9s devant \nle tribunal administratif territorialement comp\u00e9tent tel que pr\u00e9vu pa r l'article R. 312 -\n10-1 du Code de justice administrative dans un d\u00e9lai de deux mois \u00e0 compter de sa \npublication ou, pour les personnes auxquelles elle sera notifi\u00e9e, \u00e0 compter de sa \nnotification. Le tribunal administratif peut \u00eatre saisi par l'application \u00ab T\u00e9l\u00e9recours \ncitoyens \u00bb accessible par le site www.telerecours.fr. \n  \nArticle 4 La pr\u00e9sente d\u00e9cision sera publi\u00e9e au recueil des actes administratifs. \n  \nArticle 5        La Directrice G\u00e9n\u00e9rale de l'ARS Grand Est est charg\u00e9e de l'ex\u00e9cution de la pr\u00e9sent e \nd\u00e9cision qui sera notifi\u00e9e \u00e0 l'entit\u00e9 gestionnaire CENTRE HOSPITALIER DE \nCHAUMONT (520780032) et \u00e0 l'\u00e9tablissement concern\u00e9. \n \n \n \nFait \u00e0 CHAUMONT, le 03 d\u00e9cembre 2025  \n \nLe Directeur \n \n \n \n#signature# \n \n \n \n \nIskandar SAMAAN\nORDONNATEUR\nEsREPUBLIQUEFRANCAISELibert\u00e9 \u00a9 D Agence R\u00e9gionalede Sant\u00e9Lgatit\u00e9 Grand EstFratersit\u00e9\n1 \n \n \nDECISION TARIFAIRE N\u00b024922 PORTANT MODIFICATION DE LA DOTATION GLOBALE \nDE SOINS POUR 2025 DE \nSSIAD DE SAINT-THIEBAULT - 520783002 \n \nLa Directrice G\u00e9n\u00e9rale de l'ARS Grand Est \n \nVU le Code de l'Action Sociale et des Familles ; \n  \nVU le Code de la S\u00e9curit\u00e9 Sociale ; \n  \nVU la loi n\u00b0 2025-199 du 28 f\u00e9vrier 2025 de financement de la S\u00e9curit\u00e9 Sociale pour 2025 \npubli\u00e9e au Journal Officiel du 28/02/2025 ; \n  \nVU l'arr\u00eat\u00e9 minist\u00e9riel du 02/06/2025 publi\u00e9 au Journal Officiel du 06/06/2025 pr is en \napplication de l'article L314 -3 du Code de l'Action Sociale et des Familles fixant, pour \nl'ann\u00e9e 2025 l'objectif global de d\u00e9penses d'assurance maladie et le montant tota l de \nd\u00e9penses pour les \u00e9tablissements et services relevant de la Caisse nationale de sol idarit\u00e9 \npour l'autonomie ; \n  \nVU la d\u00e9cision du 19/11/2025 publi\u00e9e au Journal Officiel du 26/11/2025 relative aux dotati ons \nr\u00e9gionales limitatives 2025 et \u00e0 la moyenne nationale des besoins en soins requis 2025 ; \n  \nVU le d\u00e9cret n\u00b0 2023-323 relatif \u00e0 la tarification des soins infirmiers \u00e0 domicile pour les \npersonnes \u00e2g\u00e9es et personnes handicap\u00e9es publi\u00e9 au Journal Officiel du 28 avril 2023 ; \n  \nVU l'arr\u00eat\u00e9 du 28 mai 2025 fixant pour 2025 les montants forfaitaires mentionn\u00e9s aux II et III \nde l'article R. 314-138 du code de l'action sociale et des familles et le taux de revalorisation \ndes produits de la tarification reconductibles aff\u00e9rents aux soins applicables aux serv ices \nproposant des prestations de soins infirmiers \u00e0 domicile pour les personnes \u00e2g\u00e9es et les \npersonnes en situation de handicap ; \n  \nVU l'arr\u00eat\u00e9 du 28 mai 2025 fixant pour 2025 le taux de revalorisation des produits de la \ntarification reconductibles aff\u00e9rents aux soins applicables aux services proposant des \nprestations de soins infirmiers \u00e0 domicile pour les personnes \u00e2g\u00e9es et les personnes  en \nsituation de handicap ; \n  \nVU le d\u00e9cret du 21 mai 2024 portant nomination de Madame, RATIGNIER-CARBONNEIL, \nChristelle en qualit\u00e9 de Directrice G\u00e9n\u00e9rale de l'agence r\u00e9gionale de sant\u00e9 Grand Est ; \n \nVU la d\u00e9cision de d\u00e9l\u00e9gation de signature de la Directrice G\u00e9n\u00e9rale de l'ARS vers le  Directeur \nde HAUTE-MARNE en date du 01/12/2025 ; \n \nVU l'autorisation ou le renouvellement d'autorisation en date du 03/01/2017 de la structure \nService de Soins Infirmiers A Domicile (S.S.I.A.D) d\u00e9nomm\u00e9e SSIAD DE SAINT-\nTHIEBAULT (520783002) sise 63, R DU FAUBOURG DE FRANCE 52150 Bourmont-\nentre-Meuse-et-Mouzon et g\u00e9r\u00e9e par l'entit\u00e9 d\u00e9nomm\u00e9e ASSOC LES VIOLETTES \nBERGES DE LA MEUSE (520782996); \n \n  \nConsid\u00e9rant \n \nla d\u00e9cision tarifaire initiale n\u00b0 3229 en date du 20 juin 2025 portant fixation de la  \ndotation globale de soins pour 2025 de la structure d\u00e9nomm\u00e9e SSIAD DE SAINT-\nTHIEBAULT - 520783002 \n \n\n2 \n \n \nDECIDE \n \nArticle 1er A compter du 01/01/2025, la dotation globale de soins est fix\u00e9e \u00e0 925 651,60 \u20ac au \ntitre de 2025  dont 0,00 \u20ac \u00e0 titre non reconductible vers\u00e9 en une seule fois. Elle se \nr\u00e9partit comme suit :  \n \n - pour l'accueil de personnes \u00e2g\u00e9es  : 820 151,54 \u20ac (fraction forfaitaire s'\u00e9levant \u00e0 \n68 345,96 \u20ac). Le prix de journ\u00e9e est fix\u00e9 \u00e0 51,07 \u20ac. \n - pour l'accueil de personnes handicap\u00e9es  : 105 500,06 \u20ac (fraction forfaitaire \ns'\u00e9levant \u00e0 8 791,67 \u20ac). Le prix de journ\u00e9e est fix\u00e9 \u00e0 48,17 \u20ac. \n \nArticle 2 A compter du 01/01/ 2026, en application de l'article L.314 -7 du CASF, la dotation \nglobale de soins est fix\u00e9e, \u00e0 titre transitoire, \u00e0 902 391,23 \u20ac.: \n \n - pour l'accueil de personnes \u00e2g\u00e9es  : 802 762,47 \u20ac (douzi\u00e8me applicable s'\u00e9levant \u00e0 \n66 896,87 \u20ac). Le prix de journ\u00e9e de reconduction est fix\u00e9 \u00e0 49,99 \u20ac. \n \n- pour l'accueil de personnes handicap\u00e9es  : 99 628,76 \u20ac (douzi\u00e8me applicable \ns'\u00e9levant \u00e0 8 302,40 \u20ac). Le prix de journ\u00e9e de reconduction est fix\u00e9 \u00e0 45,49 \u20ac. \n \nArticle 3 Les recours contentieux dirig\u00e9s contre la pr\u00e9sente d\u00e9cision doivent \u00eatre port\u00e9s devant \nle tribunal administratif territorialement comp\u00e9tent tel que pr\u00e9vu pa r l'article R. 312 -\n10-1 du Code de justice administrative dans un d\u00e9lai de deux mois \u00e0 compter de sa \npublication ou, pour les personnes auxquelles elle sera notifi\u00e9e, \u00e0 compter de sa \nnotification. Le tribunal administratif peut \u00eatre saisi par l'application \u00ab T\u00e9l\u00e9recours \ncitoyens \u00bb accessible par le site www.telerecours.fr. \n  \nArticle 4 La pr\u00e9sente d\u00e9cision sera publi\u00e9e au recueil des actes administratifs. \n  \nArticle 5        La Directrice G\u00e9n\u00e9rale de l'ARS Grand Est est charg\u00e9e de l'ex\u00e9cution de la pr\u00e9sent e \nd\u00e9cision qui sera notifi\u00e9e \u00e0 l'entit\u00e9 gestionnaire ASSOC LES VIOLETTES BER GES \nDE LA MEUSE (520782996) et \u00e0 l'\u00e9tablissement concern\u00e9. \n \n \n \nFait \u00e0 CHAUMONT, le 03 d\u00e9cembre 2025  \n \nLe Directeur \n \n \n \n#signature# \n \n \n \n \nIskandar SAMAAN\nORDONNATEUR\nEuREPUBLIQUEFRANCAISEL DAgenceLier \u00bb R\u00e9gonalede Sant\u00e9Grand EstEgatutFrateraie\u00e9\n1 \n \n \nDECISION TARIFAIRE N\u00b024923 PORTANT MODIFICATION DE LA DOTATION GLOBALE \nDE SOINS POUR 2025 DE \nSSIADPA - CH DE LANGRES - 520782772 \n \nLa Directrice G\u00e9n\u00e9rale de l'ARS Grand Est \n \nVU le Code de l'Action Sociale et des Familles ; \n  \nVU le Code de la S\u00e9curit\u00e9 Sociale ; \n  \nVU la loi n\u00b0 2025-199 du 28 f\u00e9vrier 2025 de financement de la S\u00e9curit\u00e9 Sociale pour 2025 \npubli\u00e9e au Journal Officiel du 28/02/2025 ; \n  \nVU l'arr\u00eat\u00e9 minist\u00e9riel du 02/06/2025 publi\u00e9 au Journal Officiel du 06/06/2025 pr is en \napplication de l'article L314 -3 du Code de l'Action Sociale et des Familles fixant, pour \nl'ann\u00e9e 2025 l'objectif global de d\u00e9penses d'assurance maladie et le montant tota l de \nd\u00e9penses pour les \u00e9tablissements et services relevant de la Caisse nationale de sol idarit\u00e9 \npour l'autonomie ; \n  \nVU la d\u00e9cision du 19/11/2025 publi\u00e9e au Journal Officiel du 26/11/2025 relative aux dotati ons \nr\u00e9gionales limitatives 2025 et \u00e0 la moyenne nationale des besoins en soins requis 2025 ; \n  \nVU le d\u00e9cret n\u00b0 2023-323 relatif \u00e0 la tarification des soins infirmiers \u00e0 domicile pour les \npersonnes \u00e2g\u00e9es et personnes handicap\u00e9es publi\u00e9 au Journal Officiel du 28 avril 2023 ; \n  \nVU l'arr\u00eat\u00e9 du 28 mai 2025 fixant pour 2025 les montants forfaitaires mentionn\u00e9s aux II et III \nde l'article R. 314-138 du code de l'action sociale et des familles et le taux de revalorisation \ndes produits de la tarification reconductibles aff\u00e9rents aux soins applicables aux serv ices \nproposant des prestations de soins infirmiers \u00e0 domicile pour les personnes \u00e2g\u00e9es et les \npersonnes en situation de handicap ; \n  \nVU l'arr\u00eat\u00e9 du 28 mai 2025 fixant pour 2025 le taux de revalorisation des produits de la \ntarification reconductibles aff\u00e9rents aux soins applicables aux services proposant des \nprestations de soins infirmiers \u00e0 domicile pour les personnes \u00e2g\u00e9es et les personnes  en \nsituation de handicap ; \n  \nVU le d\u00e9cret du 21 mai 2024 portant nomination de Madame, RATIGNIER-CARBONNEIL, \nChristelle en qualit\u00e9 de Directrice G\u00e9n\u00e9rale de l'agence r\u00e9gionale de sant\u00e9 Grand Est ; \n \nVU la d\u00e9cision de d\u00e9l\u00e9gation de signature de la Directrice G\u00e9n\u00e9rale de l'ARS vers le  Directeur \nde HAUTE-MARNE en date du 01/12/2025 ; \n \nVU l'autorisation ou le renouvellement d'autorisation en date du 03/01/2017 de la structure \nService de Soins Infirmiers A Domicile (S.S.I.A.D) d\u00e9nomm\u00e9e SSIADPA - CH DE  \nLANGRES (520782772) sise 10, R DE LA CHARITE 52206 Langres et g\u00e9r\u00e9e par l'entit\u00e9 \nd\u00e9nomm\u00e9e CENTRE HOSPITALIER DE LANGRES (520780057); \n \n  \nConsid\u00e9rant \n \nla d\u00e9cision tarifaire initiale n\u00b0 11467 en date du 30 juin 2025 portant fixation de la  \ndotation globale de soins pour 2025 de la structure d\u00e9nomm\u00e9e SSIADPA - CH DE \nLANGRES - 520782772 \n \n\n2 \n \n \nDECIDE \n \nArticle 1er A compter du 01/01/2025, la dotation globale de soins est fix\u00e9e \u00e0 768 093,56 \u20ac au \ntitre de 2025  dont 0,00 \u20ac \u00e0 titre non reconductible vers\u00e9 en une seule fois. Elle se \nr\u00e9partit comme suit :  \n \n - pour l'accueil de personnes \u00e2g\u00e9es  : 768 093,56 \u20ac (fraction forfaitaire s'\u00e9levant \u00e0 \n64 007,80 \u20ac). Le prix de journ\u00e9e est fix\u00e9 \u00e0 71,48 \u20ac. \n  \nArticle 2 A compter du 01/01/ 2026, en application de l'article L.314 -7 du CASF, la dotation \nglobale de soins est fix\u00e9e, \u00e0 titre transitoire, \u00e0 748 593,56 \u20ac.: \n \n - pour l'accueil de personnes \u00e2g\u00e9es  : 748 593,56 \u20ac (douzi\u00e8me applicable s'\u00e9levant \u00e0 \n62 382,80 \u20ac). Le prix de journ\u00e9e de reconduction est fix\u00e9 \u00e0 69,66 \u20ac. \n \n \nArticle 3 Les recours contentieux dirig\u00e9s contre la pr\u00e9sente d\u00e9cision doivent \u00eatre port\u00e9s devant \nle tribunal administratif territorialement comp\u00e9tent tel que pr\u00e9vu pa r l'article R. 312 -\n10-1 du Code de justice administrative dans un d\u00e9lai de deux mois \u00e0 compter de sa \npublication ou, pour les personnes auxquelles elle sera notifi\u00e9e, \u00e0 compter de sa \nnotification. Le tribunal administratif peut \u00eatre saisi par l'application \u00ab T\u00e9l\u00e9recours \ncitoyens \u00bb accessible par le site www.telerecours.fr. \n  \nArticle 4 La pr\u00e9sente d\u00e9cision sera publi\u00e9e au recueil des actes administratifs. \n  \nArticle 5        La Directrice G\u00e9n\u00e9rale de l'ARS Grand Est est charg\u00e9e de l'ex\u00e9cution de la pr\u00e9sente \nd\u00e9cision qui sera notifi\u00e9e \u00e0 l'entit\u00e9 gestionnaire CENTRE HOSPITALIER DE \nLANGRES (520780057) et \u00e0 l'\u00e9tablissement concern\u00e9. \n \n \n \nFait \u00e0 CHAUMONT, le 03 d\u00e9cembre 2025  \n \nLe Directeur \n \n \n \n#signature# \n \n \n \n \nIskandar SAMAAN\nORDONNATEUR\nEsREPUBLIQUEFRANCAISELibert\u00e9 \u00a9 D Agence R\u00e9gionalede Sant\u00e9Lgatit\u00e9 Grand EstFratersit\u00e9\n1 \n \n \nDECISION TARIFAIRE N\u00b024924 PORTANT MODIFICATION DE LA DOTATION GLOBALE \nDE SOINS POUR 2025 DE \nSSIAD DU CH DE SAINT-DIZIER - 520781881 \n \nLa Directrice G\u00e9n\u00e9rale de l'ARS Grand Est \n \nVU le Code de l'Action Sociale et des Familles ; \n  \nVU le Code de la S\u00e9curit\u00e9 Sociale ; \n  \nVU la loi n\u00b0 2025-199 du 28 f\u00e9vrier 2025 de financement de la S\u00e9curit\u00e9 Sociale pour 2025 \npubli\u00e9e au Journal Officiel du 28/02/2025 ; \n  \nVU l'arr\u00eat\u00e9 minist\u00e9riel du 02/06/2025 publi\u00e9 au Journal Officiel du 06/06/2025 pr is en \napplication de l'article L314 -3 du Code de l'Action Sociale et des Familles fixant, pour \nl'ann\u00e9e 2025 l'objectif global de d\u00e9penses d'assurance maladie et le montant tota l de \nd\u00e9penses pour les \u00e9tablissements et services relevant de la Caisse nationale de sol idarit\u00e9 \npour l'autonomie ; \n  \nVU la d\u00e9cision du 19/11/2025 publi\u00e9e au Journal Officiel du 26/11/2025 relative aux dotati ons \nr\u00e9gionales limitatives 2025 et \u00e0 la moyenne nationale des besoins en soins requis 2025 ; \n  \nVU le d\u00e9cret n\u00b0 2023-323 relatif \u00e0 la tarification des soins infirmiers \u00e0 domicile pour les \npersonnes \u00e2g\u00e9es et personnes handicap\u00e9es publi\u00e9 au Journal Officiel du 28 avril 2023 ; \n  \nVU l'arr\u00eat\u00e9 du 28 mai 2025 fixant pour 2025 les montants forfaitaires mentionn\u00e9s aux II et III \nde l'article R. 314-138 du code de l'action sociale et des familles et le taux de revalorisation \ndes produits de la tarification reconductibles aff\u00e9rents aux soins applicables aux serv ices \nproposant des prestations de soins infirmiers \u00e0 domicile pour les personnes \u00e2g\u00e9es et les \npersonnes en situation de handicap ; \n  \nVU l'arr\u00eat\u00e9 du 28 mai 2025 fixant pour 2025 le taux de revalorisation des produits de la \ntarification reconductibles aff\u00e9rents aux soins applicables aux services proposant des \nprestations de soins infirmiers \u00e0 domicile pour les personnes \u00e2g\u00e9es et les personnes  en \nsituation de handicap ; \n  \nVU le d\u00e9cret du 21 mai 2024 portant nomination de Madame, RATIGNIER-CARBONNEIL, \nChristelle en qualit\u00e9 de Directrice G\u00e9n\u00e9rale de l'agence r\u00e9gionale de sant\u00e9 Grand Est ; \n \nVU la d\u00e9cision de d\u00e9l\u00e9gation de signature de la Directrice G\u00e9n\u00e9rale de l'ARS vers le  Directeur \nde HAUTE-MARNE en date du 01/12/2025 ; \n \nVU l'autorisation ou le renouvellement d'autorisation en date du 03/01/2017 de la structure \nService de Soins Infirmiers A Domicile (S.S.I.A.D) d\u00e9nomm\u00e9e SSIAD DU CH DE SAINT-\nDIZIER (520781881) sise 1, R ALBERT SCHWEITZER 52115 Saint-Dizier et g\u00e9r\u00e9e par \nl'entit\u00e9 d\u00e9nomm\u00e9e CENTRE HOSPITALIER DE SAINT-DIZIER (520780073); \n \n  \nConsid\u00e9rant \n \nla d\u00e9cision tarifaire initiale n\u00b0 11468 en date du 30 juin 2025 portant fixation de la  \ndotation globale de soins pour 2025 de la structure d\u00e9nomm\u00e9e SSIAD DU CH DE \nSAINT-DIZIER - 520781881 \n \n\n2 \n \n \nDECIDE \n \nArticle 1er A compter du 01/01/2025, la dotation globale de soins est fix\u00e9e \u00e0 1 481 286,51 \u20ac au \ntitre de 2025  dont 0,00 \u20ac \u00e0 titre non reconductible vers\u00e9 en une seule fois. Elle se \nr\u00e9partit comme suit :  \n \n - pour l'accueil de personnes \u00e2g\u00e9es  : 1 386 030,15 \u20ac (fraction forfaitaire s'\u00e9levant \u00e0 \n115 502,51 \u20ac). Le prix de journ\u00e9e est fix\u00e9 \u00e0 77,43 \u20ac. \n - pour l'accueil de personnes handicap\u00e9es  : 95 256,36 \u20ac (fraction forfaitaire s'\u00e9levant \n\u00e0 7 938,03 \u20ac). Le prix de journ\u00e9e est fix\u00e9 \u00e0 52,92 \u20ac. \n \nArticle 2 A compter du 01/01/ 2026, en application de l'article L.314 -7 du CASF, la dotation \nglobale de soins est fix\u00e9e, \u00e0 titre transitoire, \u00e0 1 452 786,51 \u20ac.: \n \n - pour l'accueil de personnes \u00e2g\u00e9es : 1 357 530,15 \u20ac (douzi\u00e8me applicable s'\u00e9levant \u00e0 \n113 127,51 \u20ac). Le prix de journ\u00e9e de reconduction est fix\u00e9 \u00e0 75,84 \u20ac. \n \n- pour l'accueil de personnes handicap\u00e9es  : 95 256,36 \u20ac (douzi\u00e8me applicable \ns'\u00e9levant \u00e0 7 938,03 \u20ac). Le prix de journ\u00e9e de reconduction est fix\u00e9 \u00e0 52,92 \u20ac. \n \nArticle 3 Les recours contentieux dirig\u00e9s contre la pr\u00e9sente d\u00e9cision doivent \u00eatre port\u00e9s devant \nle tribunal administratif territorialement comp\u00e9tent tel que pr\u00e9vu pa r l'article R. 312 -\n10-1 du Code de justice administrative dans un d\u00e9lai de deux mois \u00e0 compter de sa \npublication ou, pour les personnes auxquelles elle sera notifi\u00e9e, \u00e0 compter de sa \nnotification. Le tribunal administratif peut \u00eatre saisi par l'application \u00ab T\u00e9l\u00e9recours \ncitoyens \u00bb accessible par le site www.telerecours.fr. \n  \nArticle 4 La pr\u00e9sente d\u00e9cision sera publi\u00e9e au recueil des actes administratifs. \n  \nArticle 5        La Directrice G\u00e9n\u00e9rale de l'ARS Grand Est est charg\u00e9e de l'ex\u00e9cution de la pr\u00e9sent e \nd\u00e9cision qui sera notifi\u00e9e \u00e0 l'entit\u00e9 gestionnaire CENTRE HOSPITALIER DE SAINT-\nDIZIER (520780073) et \u00e0 l'\u00e9tablissement concern\u00e9. \n \n \n \nFait \u00e0 CHAUMONT, le 03 d\u00e9cembre 2025  \n \nLe Directeur \n \n \n \n#signature# \n \n \n \n \nIskandar SAMAAN\nORDONNATEUR\nEsREPUBLIQUEFRANCAISELibert\u00e9 \u00a9 D Agence R\u00e9gionalede Sant\u00e9Lgatit\u00e9 Grand EstFratersit\u00e9\n1 \n \n \nDECISION TARIFAIRE N\u00b024925 PORTANT MODIFICATION DE LA DOTATION GLOBALE \nDE SOINS POUR 2025 DE \nSSIAD \"LE LIEN\" - 520781857 \n \nLa Directrice G\u00e9n\u00e9rale de l'ARS Grand Est \n \nVU le Code de l'Action Sociale et des Familles ; \n  \nVU le Code de la S\u00e9curit\u00e9 Sociale ; \n  \nVU la loi n\u00b0 2025-199 du 28 f\u00e9vrier 2025 de financement de la S\u00e9curit\u00e9 Sociale pour 2025 \npubli\u00e9e au Journal Officiel du 28/02/2025 ; \n  \nVU l'arr\u00eat\u00e9 minist\u00e9riel du 02/06/2025 publi\u00e9 au Journal Officiel du 06/06/2025 pr is en \napplication de l'article L314 -3 du Code de l'Action Sociale et des Familles fixant, pour \nl'ann\u00e9e 2025 l'objectif global de d\u00e9penses d'assurance maladie et le montant tota l de \nd\u00e9penses pour les \u00e9tablissements et services relevant de la Caisse nationale de sol idarit\u00e9 \npour l'autonomie ; \n  \nVU la d\u00e9cision du 19/11/2025 publi\u00e9e au Journal Officiel du 26/11/2025 relative aux dotati ons \nr\u00e9gionales limitatives 2025 et \u00e0 la moyenne nationale des besoins en soins requis 2025 ; \n  \nVU le d\u00e9cret n\u00b0 2023-323 relatif \u00e0 la tarification des soins infirmiers \u00e0 domicile pour les \npersonnes \u00e2g\u00e9es et personnes handicap\u00e9es publi\u00e9 au Journal Officiel du 28 avril 2023 ; \n  \nVU l'arr\u00eat\u00e9 du 28 mai 2025 fixant pour 2025 les montants forfaitaires mentionn\u00e9s aux II et III \nde l'article R. 314-138 du code de l'action sociale et des familles et le taux de revalorisation \ndes produits de la tarification reconductibles aff\u00e9rents aux soins applicables aux serv ices \nproposant des prestations de soins infirmiers \u00e0 domicile pour les personnes \u00e2g\u00e9es et les \npersonnes en situation de handicap ; \n  \nVU l'arr\u00eat\u00e9 du 28 mai 2025 fixant pour 2025 le taux de revalorisation des produits de la \ntarification reconductibles aff\u00e9rents aux soins applicables aux services proposant des \nprestations de soins infirmiers \u00e0 domicile pour les personnes \u00e2g\u00e9es et les personnes  en \nsituation de handicap ; \n  \nVU le d\u00e9cret du 21 mai 2024 portant nomination de Madame, RATIGNIER-CARBONNEIL, \nChristelle en qualit\u00e9 de Directrice G\u00e9n\u00e9rale de l'agence r\u00e9gionale de sant\u00e9 Grand Est ; \n \nVU la d\u00e9cision de d\u00e9l\u00e9gation de signature de la Directrice G\u00e9n\u00e9rale de l'ARS vers le  Directeur \nde HAUTE-MARNE en date du 01/12/2025 ; \n \nVU l'autorisation ou le renouvellement d'autorisation en date du 03/01/2017 de la structure \nService de Soins Infirmiers A Domicile (S.S.I.A.D) d\u00e9nomm\u00e9e SSIAD \"LE LIEN\" \n(520781857) sise 4, R DU CHAMP DE MARS 52800 Nogent et g\u00e9r\u00e9e par l'entit\u00e9 \nd\u00e9nomm\u00e9e ASSOCIATION GROUPE SOS SENIORS (570010173); \n \n  \nConsid\u00e9rant \n \nla d\u00e9cision tarifaire initiale n\u00b0 11482 en date du 30 juin 2025 portant fixation de la  \ndotation globale de soins pour 2025 de la structure d\u00e9nomm\u00e9e SSIAD \"LE LIEN\"  - \n520781857 \n \n\n2 \n \n \nDECIDE \n \nArticle 1er A compter du 01/01/2025, la dotation globale de soins est fix\u00e9e \u00e0 841 063,07 \u20ac au \ntitre de 2025  dont 0,00 \u20ac \u00e0 titre non reconductible vers\u00e9 en une seule fois. Elle se \nr\u00e9partit comme suit :  \n \n - pour l'accueil de personnes \u00e2g\u00e9es  : 752 707,98 \u20ac (fraction forfaitaire s'\u00e9levant \u00e0 \n62 725,67 \u20ac). Le prix de journ\u00e9e est fix\u00e9 \u00e0 55,66 \u20ac. \n - pour l'accueil de personnes handicap\u00e9es  : 88 355,09 \u20ac (fraction forfaitaire s'\u00e9levant \n\u00e0 7 362,92 \u20ac). Le prix de journ\u00e9e est fix\u00e9 \u00e0 50,95 \u20ac. \n \nArticle 2 A compter du 01/01/ 2026, en application de l'article L.314 -7 du CASF, la dotation \nglobale de soins est fix\u00e9e, \u00e0 titre transitoire, \u00e0 870 167,03 \u20ac.: \n \n - pour l'accueil de personnes \u00e2g\u00e9es  : 781 811,94 \u20ac (douzi\u00e8me applicable s'\u00e9levant \u00e0 \n65 151,00 \u20ac). Le prix de journ\u00e9e de reconduction est fix\u00e9 \u00e0 57,81 \u20ac. \n \n- pour l'accueil de personnes handicap\u00e9es  : 88 355,09 \u20ac (douzi\u00e8me applicable \ns'\u00e9levant \u00e0 7 362,92 \u20ac). Le prix de journ\u00e9e de reconduction est fix\u00e9 \u00e0 50,95 \u20ac. \n \nArticle 3 Les recours contentieux dirig\u00e9s contre la pr\u00e9sente d\u00e9cision doivent \u00eatre port\u00e9s devant \nle tribunal administratif territorialement comp\u00e9tent tel que pr\u00e9vu pa r l'article R. 312 -\n10-1 du Code de justice administrative dans un d\u00e9lai de deux mois \u00e0 compter de sa \npublication ou, pour les personnes auxquelles elle sera notifi\u00e9e, \u00e0 compter de sa \nnotification. Le tribunal administratif peut \u00eatre saisi par l'application \u00ab T\u00e9l\u00e9recours \ncitoyens \u00bb accessible par le site www.telerecours.fr. \n  \nArticle 4 La pr\u00e9sente d\u00e9cision sera publi\u00e9e au recueil des actes administratifs. \n  \nArticle 5        La Directrice G\u00e9n\u00e9rale de l'ARS Grand Est est charg\u00e9e de l'ex\u00e9cution de la pr\u00e9sent e \nd\u00e9cision qui sera notifi\u00e9e \u00e0 l'entit\u00e9 gestionnaire ASSOCIATION GROUPE SOS \nSENIORS (570010173) et \u00e0 l'\u00e9tablissement concern\u00e9. \n \n \n \nFait \u00e0 CHAUMONT, le 03 d\u00e9cembre 2025  \n \nLe Directeur \n \n \n \n#signature# \n \n \n \n \nIskandar SAMAAN\nORDONNATEUR\nEuREPUBLIQUEFRANCAISEL DAgenceLier \u00bb R\u00e9gonalede Sant\u00e9Grand EstEgatutFrateraie\u00e9\n1 \n \n \nDECISION TARIFAIRE N\u00b024927 PORTANT MODIFICATION DE LA DOTATION GLOBALE \nDE SOINS POUR 2025 DE \nSSIAD DE MONTIER EN DER - 520001058 \n \nLa Directrice G\u00e9n\u00e9rale de l'ARS Grand Est \n \nVU le Code de l'Action Sociale et des Familles ; \n  \nVU le Code de la S\u00e9curit\u00e9 Sociale ; \n  \nVU la loi n\u00b0 2025-199 du 28 f\u00e9vrier 2025 de financement de la S\u00e9curit\u00e9 Sociale pour 2025 \npubli\u00e9e au Journal Officiel du 28/02/2025 ; \n  \nVU l'arr\u00eat\u00e9 minist\u00e9riel du 02/06/2025 publi\u00e9 au Journal Officiel du 06/06/2025 pr is en \napplication de l'article L314 -3 du Code de l'Action Sociale et des Familles fixant, pour \nl'ann\u00e9e 2025 l'objectif global de d\u00e9penses d'assurance maladie et le montant tota l de \nd\u00e9penses pour les \u00e9tablissements et services relevant de la Caisse nationale de sol idarit\u00e9 \npour l'autonomie ; \n  \nVU la d\u00e9cision du 19/11/2025 publi\u00e9e au Journal Officiel du 26/11/2025 relative aux dotati ons \nr\u00e9gionales limitatives 2025 et \u00e0 la moyenne nationale des besoins en soins requis 2025 ; \n  \nVU le d\u00e9cret n\u00b0 2023-323 relatif \u00e0 la tarification des soins infirmiers \u00e0 domicile pour les \npersonnes \u00e2g\u00e9es et personnes handicap\u00e9es publi\u00e9 au Journal Officiel du 28 avril 2023 ; \n  \nVU l'arr\u00eat\u00e9 du 28 mai 2025 fixant pour 2025 les montants forfaitaires mentionn\u00e9s aux II et III \nde l'article R. 314-138 du code de l'action sociale et des familles et le taux de revalorisation \ndes produits de la tarification reconductibles aff\u00e9rents aux soins applicables aux serv ices \nproposant des prestations de soins infirmiers \u00e0 domicile pour les personnes \u00e2g\u00e9es et les \npersonnes en situation de handicap ; \n  \nVU l'arr\u00eat\u00e9 du 28 mai 2025 fixant pour 2025 le taux de revalorisation des produits de la \ntarification reconductibles aff\u00e9rents aux soins applicables aux services proposant des \nprestations de soins infirmiers \u00e0 domicile pour les personnes \u00e2g\u00e9es et les personnes  en \nsituation de handicap ; \n  \nVU le d\u00e9cret du 21 mai 2024 portant nomination de Madame, RATIGNIER-CARBONNEIL, \nChristelle en qualit\u00e9 de Directrice G\u00e9n\u00e9rale de l'agence r\u00e9gionale de sant\u00e9 Grand Est ; \n \nVU la d\u00e9cision de d\u00e9l\u00e9gation de signature de la Directrice G\u00e9n\u00e9rale de l'ARS vers le  Directeur \nde HAUTE-MARNE en date du 01/12/2025 ; \n \nVU l'autorisation ou le renouvellement d'autorisation en date du 03/01/2020 de la structure \nService de Soins Infirmiers A Domicile (S.S.I.A.D) d\u00e9nomm\u00e9e SSIAD DE MONTIER EN  \nDER (520001058) sise 26, R AUDIFFRED 52220 Porte du Der et g\u00e9r\u00e9e par l'entit\u00e9 \nd\u00e9nomm\u00e9e CENTRE HOSPITALIER DE MONTIER-EN-DER (520780065); \n \n  \nConsid\u00e9rant \n \nla d\u00e9cision tarifaire initiale n\u00b0 11470 en date du 30 juin 2025 portant fixation de la  \ndotation globale de soins pour 2025 de la structure d\u00e9nomm\u00e9e SSIAD DE \nMONTIER EN DER - 520001058 \n \n\n2 \n \n \nDECIDE \n \nArticle 1er A compter du 01/01/2025, la dotation globale de soins est fix\u00e9e \u00e0 295 471,38 \u20ac au \ntitre de 2025  dont 0,00 \u20ac \u00e0 titre non reconductible vers\u00e9 en une seule fois. Elle se \nr\u00e9partit comme suit :  \n \n - pour l'accueil de personnes \u00e2g\u00e9es  : 295 471,38 \u20ac (fraction forfaitaire s'\u00e9levant \u00e0 \n24 622,62 \u20ac). Le prix de journ\u00e9e est fix\u00e9 \u00e0 57,94 \u20ac. \n  \nArticle 2 A compter du 01/01/ 2026, en application de l'article L.314 -7 du CASF, la dotation \nglobale de soins est fix\u00e9e, \u00e0 titre transitoire, \u00e0 285 971,38 \u20ac.: \n \n - pour l'accueil de personnes \u00e2g\u00e9es  : 285 971,38 \u20ac (douzi\u00e8me applicable s'\u00e9levant \u00e0 \n23 830,95 \u20ac). Le prix de journ\u00e9e de reconduction est fix\u00e9 \u00e0 56,07 \u20ac. \n \n \nArticle 3 Les recours contentieux dirig\u00e9s contre la pr\u00e9sente d\u00e9cision doivent \u00eatre port\u00e9s devant \nle tribunal administratif territorialement comp\u00e9tent tel que pr\u00e9vu pa r l'article R. 312 -\n10-1 du Code de justice administrative dans un d\u00e9lai de deux mois \u00e0 compter de sa \npublication ou, pour les personnes auxquelles elle sera notifi\u00e9e, \u00e0 compter de sa \nnotification. Le tribunal administratif peut \u00eatre saisi par l'application \u00ab T\u00e9l\u00e9recours \ncitoyens \u00bb accessible par le site www.telerecours.fr. \n  \nArticle 4 La pr\u00e9sente d\u00e9cision sera publi\u00e9e au recueil des actes administratifs. \n  \nArticle 5        La Directrice G\u00e9n\u00e9rale de l'ARS Grand Est est charg\u00e9e de l'ex\u00e9cution de la pr\u00e9sente \nd\u00e9cision qui sera notifi\u00e9e \u00e0 l'entit\u00e9 gestionnaire CENTRE HOSPITALIER DE \nMONTIER-EN-DER (520780065) et \u00e0 l'\u00e9tablissement concern\u00e9. \n \n \n \nFait \u00e0 CHAUMONT, le 03 d\u00e9cembre 2025  \n \nLe Directeur \n \n \n \n#signature# \n \n \n \n \nIskandar SAMAAN\nORDONNATEUR\nREPUBLIQUEFRANCAISELibert\u00e9 \u00a9 DAvence Regionale de Sant\u00e9onal Grand Est\n1 \n \n \nDECISION TARIFAIRE N\u00b025340 PORTANT MODIFICATION DU PRIX DE JOURNEE \nGLOBALISE POUR 2025 DE MAS FOYER MONTECLAIR ANDELOT - 520781832 \n \n \nLa Directrice G\u00e9n\u00e9rale de l'ARS Grand Est \n \nVU le Code de l'Action Sociale et des Familles ; \n  \nVU le Code de la S\u00e9curit\u00e9 Sociale ; \n  \nVU la loi n\u00b0 2025-199 du 28 f\u00e9vrier 2025 de financement de la S\u00e9curit\u00e9 Sociale pour 2025 \npubli\u00e9e au Journal Officiel du 28/02/2025; \n  \nVU l'arr\u00eat\u00e9 minist\u00e9riel du 02/06/2025 publi\u00e9 au Journal Officiel du 06/06/2025 pr is en \napplication de l'article L314 -3 du Code de l'Action Sociale et des Familles fixant, pour \nl'ann\u00e9e 2025 l'objectif global de d\u00e9penses d'assurance maladie et le montant tota l de \nd\u00e9penses pour les \u00e9tablissements et services relevant de la Caisse nationale de sol idarit\u00e9 \npour l'autonomie ; \n  \nVU la d\u00e9cision du 19/11/2025 publi\u00e9e au Journal Officiel du 26/11/2025 relative aux dotations  \nr\u00e9gionales limitatives 2025 et \u00e0 la moyenne nationale des besoins en soins requis 2025 ; \n  \nVU le d\u00e9cret du 21 mai 2024 portant nomination de Madame RATIGNIER-CARBONNEIL \nChristelle en qualit\u00e9 de Directrice G\u00e9n\u00e9rale de l'agence r\u00e9gionale de sant\u00e9 Grand Est ; \n \nVU La d\u00e9cision de d\u00e9l\u00e9gation de signature de la Directrice G\u00e9n\u00e9rale de l'ARS vers le D irecteur \nde HAUTE-MARNE en date du 01/12/2025 ; \n \nVU l'autorisation ou le renouvellement d'autorisation en date du 03/01/2017 de la structure \nMaison d'Accueil Sp\u00e9cialis\u00e9e (M.A.S.) d\u00e9nomm\u00e9e MAS FOYER MONTECLAIR \nANDELOT (520781832) sise  R DU PARC 52700 Andelot-Blancheville et g\u00e9r\u00e9e par \nl'entit\u00e9 d\u00e9nomm\u00e9e FOYER MONTECLAIR (520000191); \n \n  \nConsid\u00e9rant la d\u00e9cision tarifaire initiale n\u00b0 14525 en date du 09 juillet 2025 port ant fixation du \nprix de journ\u00e9e globalis\u00e9 pour 2025 de la structure d\u00e9nomm\u00e9e MAS FOYER \nMONTECLAIR ANDELOT - 520781832 \n \n \n \n \n \n \n \n \n \n \n \n \n \n\n2 \n \n \nDECIDE \n \n \nArticle 1er A compter du 01/01/2025, au titre de 2025, la dotation globalis\u00e9e est fix\u00e9e \u00e0 \n6 660 812,04 \u20ac dont 0,00 \u20ac de cr\u00e9dits non reconductibles vers\u00e9s en une seule fois. \n  \n Les recettes et les d\u00e9penses pr\u00e9visionnelles de la structure sont autoris\u00e9es comm e \nsuit : \n \n GROUPES FONCTIONNELS MONTANTS \nEN EUROS \nDEPENSES \nGroupe I \nD\u00e9penses aff\u00e9rentes \u00e0 l'exploitation courante \n739 568,40 \n- dont CNR 0,00 \nGroupe II \nD\u00e9penses aff\u00e9rentes au personnel \n5 520 886,55 \n- dont CNR 0,00 \nGroupe III \nD\u00e9penses aff\u00e9rentes \u00e0 la structure \n945 781,84 \n- dont CNR 0,00 \nReprise de d\u00e9ficits 0,00 \nTOTAL D\u00e9penses 7 206 236,79 \nRECETTES \nGroupe I \nProduits de la tarification 6 660 812,04 \n- dont CNR 13 126,00 \nGroupe II \nAutres produits relatifs \u00e0 l'exploitation \n520 900,00 \nGroupe III \nProduits financiers et produits non encaissables \n24 524,75 \nReprise d'exc\u00e9dents 0,00 \nTOTAL Recettes 7 206 236,79 \n \n D\u00e9penses exclues du tarif : 0,00 \u20ac \n \n Pour 2025, la fraction forfaitaire mensuelle s'\u00e9tablit \u00e0 555  067,67 \u20ac. Soit un prix de \njourn\u00e9e globalis\u00e9 de 250,59 \u20ac. \n \n  \nArticle 2 A compter du 01/01/2026 , en application de l'article L.314 -7 du CASF, les tarifs de \nreconduction sont fix\u00e9s, \u00e0 titre transitoire, \u00e0 : \n \n \u2022 dotation globalis\u00e9e 2026: 6 647 686,04 \u20ac \n(douzi\u00e8me applicable s'\u00e9levant \u00e0 553 973,84 \u20ac) \n\u2022 prix de journ\u00e9e de reconduction de 250,10 \u20ac \n  \nArticle 3 Les recours contentieux dirig\u00e9s contre la pr\u00e9sente d\u00e9cision doivent \u00eatre port\u00e9s devant \nle tribunal administratif territorialement comp\u00e9tent tel que pr\u00e9vu par l'article R. 312 -\n10-1 du Code de justice administrative dans un d\u00e9lai de deux mois \u00e0 compter de sa \npublication ou, pour les personnes auxquelles elle sera notifi\u00e9e, \u00e0 compter de sa \nnotification. Le tribunal administratif peut \u00eatre saisi par l'application \u00ab T\u00e9l\u00e9recours \ncitoyens \u00bb accessible par le site www.telerecours.fr. \n  \nArticle 4 La pr\u00e9sente d\u00e9cision sera publi\u00e9e au recueil des actes administratifs. \n  \n3 \n \nArticle 5        La Directrice G\u00e9n\u00e9rale de l'ARS Grand Est est charg\u00e9e de l'ex\u00e9cution de la pr\u00e9sente \nd\u00e9cision qui sera notifi\u00e9e \u00e0 l'entit\u00e9 gestionnaire FOYER MONTECLAIR (520000191) \net \u00e0 l'\u00e9tablissement concern\u00e9. \n \nFait \u00e0 CHAUMONT, le 04 d\u00e9cembre 2025 \n \nLe Directeur \n \n \n \n \n \n#signature# \n \n \nIskandar SAMAAN\nORDONNATEUR\nEsREPUBLIQUEFRANCAISELibert\u00e9 \u00a9 D Agence R\u00e9gionalede Sant\u00e9Lgatit\u00e9 Grand EstFratersit\u00e9\n1 \n \n \nDECISION TARIFAIRE N\u00b0 25341 PORTANT MODIFICATION DE LA DOTATION GLOBALE \nDE FINANCEMENT POUR 2025 DE \n CAMSP DU CH DE LA HAUTE MARNE - 520002593 \n \nLa Directrice G\u00e9n\u00e9rale de l'ARS Grand Est \n \nVU le Code de l'Action Sociale et des Familles ; \n  \nVU le Code de la S\u00e9curit\u00e9 Sociale ; \n  \nVU la loi n\u00b0 2025-199 du 28 f\u00e9vrier 2025 de financement de la S\u00e9curit\u00e9 Sociale pour 2025 \npubli\u00e9e au Journal Officiel du 28/02/2025; \n  \nVU l'arr\u00eat\u00e9 minist\u00e9riel du 02/06/2025 publi\u00e9 au Journal Officiel du 06/06/2025 pr is en \napplication de l'article L314 -3 du Code de l'Action Sociale et des Familles fixant, pour \nl'ann\u00e9e 2025 l'objectif global de d\u00e9penses d'assurance maladie et le montant tota l de \nd\u00e9penses pour les \u00e9tablissements et services relevant de la Caisse nationale de sol idarit\u00e9 \npour l'autonomie ; \n  \nVU la d\u00e9cision du 19/11/2025 publi\u00e9e au Journal Officiel du 26/11/2025 relative aux dotatio ns \nr\u00e9gionales limitatives 2025 et \u00e0 la moyenne nationale des besoins en soins requis 2025 ; \n  \nVU le d\u00e9cret du 21 mai 2024 portant nomination de Madame Christelle RATIGNIER-\nCARBONNEIL en qualit\u00e9 de Directrice G\u00e9n\u00e9rale de l'agence r\u00e9gionale de sant\u00e9 Grand Est; \n \nVU la d\u00e9cision de d\u00e9l\u00e9gation de signature de la Directrice G\u00e9n\u00e9rale de l'ARS vers le Directeur \nde HAUTE-MARNE en date du 01/12/2025 ; \n  \nVU l'autorisation ou le renouvellement d'autorisation en date du 03/01/2017 de la structure \nCentre Action M\u00e9dico-Sociale Pr\u00e9coce (C.A.M.S.P.) d\u00e9nomm\u00e9e CAMSP DU CH DE LA \nHAUTE MARNE (520002593) sise\"ref_ADRESSE_FINESSET_numVoie non trouv\u00e9e\" R \nALBERT SCHWEITZER 52100 Saint- Dizier et g\u00e9r\u00e9e par l'entit\u00e9 d\u00e9nomm\u00e9e CH DE LA \nHAUTE-MARNE (520780081); \n \n  \nConsid\u00e9rant \n \nla d\u00e9cision tarifaire initiale n\u00b0 14530 en date du 09 juillet 2025 portant fixati on de \nla dotation globale de financement pour 2025 de la structure d\u00e9nomm\u00e9e CAMSP \nDU CH DE LA HAUTE MARNE - 520002593 \n \n  \n \n \n \n \n \n \n \n \n \n \n \n \n \n \n\n2 \n \n \n \n \n \n \nArticle 1er A compter du 01/01/2025, la dotation globale de financement est fix\u00e9e \u00e0 \n1 110 239,55 \u20ac au titre de 2025 dont 0,00 \u20ac de cr\u00e9dits non reconductibles vers\u00e9s en \nune seule fois. \n  \n Les recettes et les d\u00e9penses pr\u00e9visionnelles de la structure sont autoris\u00e9es comme \nsuit : \n  \n GROUPES FONCTIONNELS MONTANTS \nEN EUROS \nDEPENSES \nGroupe I \nD\u00e9penses aff\u00e9rentes \u00e0 l'exploitation courante \n48 550,00 \n- dont CNR 0,00 \nGroupe II \nD\u00e9penses aff\u00e9rentes au personnel \n1 349 967,65 \n- dont CNR 0,00 \nGroupe III \nD\u00e9penses aff\u00e9rentes \u00e0 la structure \n129 101,00 \n- dont CNR 0,00 \nReprise de d\u00e9ficits 0,00 \nTOTAL D\u00e9penses 1 527 618,65 \nRECETTES \nGroupe I \nProduits de la tarification 1 314 794,65 \n- dont CNR 9 973,00 \nGroupe II \nAutres produits relatifs \u00e0 l'exploitation \n207 799,00 \nGroupe III \nProduits financiers et produits non encaissables \n5 025,00 \nReprise d'exc\u00e9dents 0,00 \nTOTAL Recettes 1 527 618,65 \n \n D\u00e9penses exclues du tarif : 0,00 \u20ac \n  \n La dotation globale de financement est vers\u00e9e en application des dispositions de \nl'article R.314 -123 CASF par l'Assurance Maladie, pour un montant de \n1 110 239,55 \u20ac \n  \n A compter du 01/01/2026, le prix de journ\u00e9e est de 94,12 \u20ac \n \nArticle 2 La fraction forfaitaire imputable \u00e0 l'Assurance Maladie, en application de l'article \nR314-111 du CASF, s'\u00e9tablit \u00e0 92 519,96 \u20ac. \n \nArticle 3 A compter du 01/01/2026 en application de l'article L.314 -7 du CASF, les tarifs \nde reconduction sont fix\u00e9s, \u00e0 titre transitoire, \u00e0 : \n\u2022 par l'Assurance Maladie, pour un montant de 1 100 266,55 \u20ac (douzi\u00e8me \napplicable s'\u00e9levant \u00e0 91 688,88 \u20ac) \n \n\u2022 prix de journ\u00e9e de reconduction de 93,40 \u20ac \n  \n \n \n \n \n \nDECIDENT \nente\n3 \n \nArticle 4 Les recours contentieux dirig\u00e9s contre la pr\u00e9sente d\u00e9cision doivent \u00eatre port\u00e9s  \ndevant le tribunal administratif territorialement comp\u00e9tent tel que pr\u00e9vu par \nl'article R. 312-10-1 du Code de justice administrative dans un d\u00e9lai de deux mois \n\u00e0 compter de sa publication ou, pour les personnes auxquelles elle sera notifi\u00e9e, \u00e0 \ncompter de sa notification. Le tribunal administratif peut \u00eatre saisi par \nl'application \u00ab T\u00e9l\u00e9recours citoyens \u00bb accessible par le site www.telerecours.fr. \n  \nArticle 5 La pr\u00e9sente d\u00e9cision sera publi\u00e9e au recueil des actes administratifs \n  \nArticle 6             La Directrice G\u00e9n\u00e9rale de l'ARS Grand Est est charg\u00e9 de l'ex\u00e9cution de la pr\u00e9sente \nd\u00e9cision qui sera notifi\u00e9e \u00e0 l'entit\u00e9 gestionnaire CH DE LA HAUTE -MARNE \n(520780081) et \u00e0 l'\u00e9tablissement concern\u00e9. \n \n \n \nFait \u00e0 CHAUMONT, le 04 d\u00e9cembre 2025 \n \nLe Directeur \n \n \n#signature# \n \n \n \nIskandar SAMAAN\nORDONNATEUR","date":"2025-12-08","first_seen_on":"2025-12-08T17:33:16+00:00","id":"136b8382b74753bad0796e99653c8e512046f6472ecf19b833333edd5c07aca3","name":"RAA n \u00b0104 du 08-12-25","pdf_creation_date":"2025-12-08T16:17:17+00:00","pdf_modification_date":"2025-12-08T16:17:27+00:00","timezone":"Europe/Paris","url":"https://www.haute-marne.gouv.fr/contenu/telechargement/28423/216863/file/RAA%20n%20%C2%B0104%20du%2008-12-25.pdf"}
