{"administration":"pref01","administration_name":"Pr\u00e9fecture de l\u2019Ain","content":"AIN\nRECUEIL DES ACTES\nADMINISTRATIFS SP\u00c9CIAL\nN\u00b001-2026-105\nPUBLI\u00c9 LE 30 MARS 2026\nSommaire\n01_DDETS_Direction d\u00e9partementale de l'emploi, du travail et des\nsolidarit\u00e9s de l'Ain / Direction\n01-2026-03-27-00002 - Arr\u00eat\u00e9 portant autorisation de d\u00e9roger \u00e0 la\nr\u00e8gle du repos dominical - Soci\u00e9t\u00e9 AREP (2 pages) Page 3\n01_Pref_Pr\u00e9fecture de l'Ain /\n01-2026-03-30-00001 -  AP du 30/03/26 lancement proc\u00e9dure MECDU  (5\npages) Page 6\n2\n01_DDETS_Direction d\u00e9partementale de\nl'emploi, du travail et des solidarit\u00e9s de l'Ain\n01-2026-03-27-00002\nArr\u00eat\u00e9 portant autorisation de d\u00e9roger \u00e0 la r\u00e8gle\ndu repos dominical - Soci\u00e9t\u00e9 AREP\n01_DDETS_Direction d\u00e9partementale de l'emploi, du travail et des solidarit\u00e9s de l'Ain - 01-2026-03-27-00002 - Arr\u00eat\u00e9 portant\nautorisation de d\u00e9roger \u00e0 la r\u00e8gle du repos dominical - Soci\u00e9t\u00e9 AREP 3\nE 3 Direction d\u00e9partementale de l'emploi,PREFET du travail et des solidarit\u00e9sDE L'AINLibert\u00e9Egalit\u00e9Fraternit\u00e9ARR\u00caT\u00c9 PR\u00c9FECTORALportant autorisation de d\u00e9roger \u00e0 la r\u00e8gle du repos dominical\nLE PR\u00c9FET DE L'AINLe Pr\u00e9fet du d\u00e9partement de l'Ain et par d\u00e9l\u00e9gation le Directeur d\u00e9partemental de l'emploi, du travailet des solidarit\u00e9s de l'Ain;Vu l'arr\u00eat\u00e9 pr\u00e9fectoral n\u00b0 01-2026-02-10-00005 du 10 f\u00e9vrier 2026 portant d\u00e9l\u00e9gation de signature aMonsieur Olivier PATERNOSTER, Directeur d\u00e9partemental de l'emploi, du travail et des solidarit\u00e9s de'Ain;Vu l'arr\u00eat\u00e9 n\u00b0 01-2026-02-11-00001 du 11 f\u00e9vrier 2026 portant subd\u00e9l\u00e9gation de signature a MadameAudrey CHAHINE, Directrice d\u00e9partementale adjointe de l'emploi, du travail et des solidarit\u00e9s de l'Ain;Vu les articles L. 3132-20, L. 3132-21, L. 3132-25-3, L. 3132-25-4 et R. 3132-16 du Code du travail ;Vu la requ\u00eate pr\u00e9sent\u00e9e le 23 f\u00e9vrier 2026 par la soci\u00e9t\u00e9 AREP en vue d'\u00eatre autoris\u00e9e a d\u00e9roger \u00e0 lar\u00e8gle du repos dominical le dimanche 12 avril 2026 pour l'intervention d'un salari\u00e9 sur le chantier dedemolition d'une passerelle m\u00e9tallique en gare SNCF de Culoz (01350) ;Vu l'accord d'entreprise du 22 mai 2023 relatif au travail de nuit, du dimanche, des jours f\u00e9ri\u00e9s etastreintes;Vu l'avis du CSE d'AREP consult\u00e9 sur cette d\u00e9rogation au repos dominical lors d'une r\u00e9union en date du19 f\u00e9vrier 2026;Vu les avis \u00e9mis par les partenaires sociaux et le conseil municipal de la commune de Culoz-B\u00e9on suite ala consultation a laquelle a proc\u00e9d\u00e9 Monsieur le Directeur d\u00e9partemental de l'emploi, du travail et dessolidarit\u00e9s de l'Ain en date du 24 f\u00e9vrier 2026;Consid\u00e9rant que la soci\u00e9t\u00e9 AREP est un bureau d'\u00e9tudes sp\u00e9cialis\u00e9 dans les projets de b\u00e2timents et deg\u00e9nie civil ;Consid\u00e9rant que les travaux \u00e0 r\u00e9aliser (d\u00e9molition de l'ancienne passerelle pi\u00e9tonne) ne peuvent sed\u00e9rouler que pendant les fins de semaine (soit le samedi et le dimanche), lorsque les trains ne circulentpas et que la gare de Culoz est ferm\u00e9e au public;Consid\u00e9rant que le client et maitre d'ouvrage SNCF GARES & CONNEXIONS impose la pr\u00e9sence d'unsalari\u00e9 d'AREP durant la r\u00e9alisation de ces travaux;\nDDETS \u2013 Service d'appui \u00e0 la politique du travail (SAPT) \n34, avenue des Belges \u2013 CS 70417 \u2013 01012 Bourg-en-Bresse Cedex \n \n \n \n \n \n \n01_DDETS_Direction d\u00e9partementale de l'emploi, du travail et des solidarit\u00e9s de l'Ain - 01-2026-03-27-00002 - Arr\u00eat\u00e9 portant\nautorisation de d\u00e9roger \u00e0 la r\u00e8gle du repos dominical - Soci\u00e9t\u00e9 AREP 4\nE 3 Direction d\u00e9partementale de l'emploi,PR\u00c9FET du travail et des solidarit\u00e9sDE VAINLibert\u00e9Egalit\u00e9Fraternit\u00e9\nConsid\u00e9rant que les arguments avanc\u00e9s par le requ\u00e9rant remplissent les conditions fix\u00e9es par lesarticles L. 3132-20, L. 3132-25-3 et L. 3232-25-4 du Code du travail ;Sur proposition de Monsieur le Directeur d\u00e9partemental de l'emploi, du travail et des solidarit\u00e9s de'Ain; ARRETEArticle 1:La soci\u00e9t\u00e9 AREP est autoris\u00e9e a d\u00e9roger \u00e0 la r\u00e8gle du repos dominical pour tout salari\u00e9 devant intervenirsur le chantier de demolition de l'ancienne passerelle pi\u00e9tonne de la gare SNCF de Culoz le dimanche12 avril 2026 :Article2:Le personnel salari\u00e9 de la soci\u00e9t\u00e9 AREP appel\u00e9 a travailler le dimanche dans le cadre de cetted\u00e9rogation devra b\u00e9n\u00e9ficier, conform\u00e9ment aux dispositions de l'article 2.2 de l'accord d'entreprise du22 mai 2023, d'une r\u00e9mun\u00e9ration major\u00e9e de 100% des heures travaill\u00e9es le dimancheind\u00e9pendamment des majorations r\u00e9sultant des heures suppl\u00e9mentaires \u00e9ventuellement r\u00e9alis\u00e9es,ainsi que d'un repos compensateur;Article 3 :La Secr\u00e9taire G\u00e9n\u00e9rale de la Pr\u00e9fecture de l'Ain et le Directeur d\u00e9partemental de l'emploi, du travail etdes solidarit\u00e9s de l'Ain sont charg\u00e9s, chacun en ce qui le concerne, de l'ex\u00e9cution du pr\u00e9sent arr\u00eat\u00e9.Fait \u00e0 Bourg-en-Bresse, le 27 mars 2026P/ Le Pr\u00e9fet et par subd\u00e9l\u00e9gation,La Directrice d\u00e9partementale adjointede l'emploi, du travail et des solidarit\u00e9ssign\u00e9 Audrey CHAHINE\nLa pr\u00e9sente d\u00e9cision est susceptible d'\u00eatre contest\u00e9e dans un d\u00e9lai de deux mois \u00e0 compter de sa notification :- soit en exer\u00e7ant Un recours hi\u00e9rarchique devant le Ministre du travail et des solidarit\u00e9s,Direction g\u00e9n\u00e9rale du travail - 39-43 quai Andr\u00e9 Citro\u00ebn - 75902 PARIS Cedex 15 ;- soit en formant un recours contentieux devant le tribunal administratif de Lyon - 184, rue Duguesclin - 69433 LYON Cedex 3ou bien sur le site www.telerecours.fr\nDDETS \u2013 Service d'appui \u00e0 la politique du travail (SAPT) \n34, avenue des Belges \u2013 CS 70417 \u2013 01012 Bourg-en-Bresse Cedex \n \n \n \n \n \n01_DDETS_Direction d\u00e9partementale de l'emploi, du travail et des solidarit\u00e9s de l'Ain - 01-2026-03-27-00002 - Arr\u00eat\u00e9 portant\nautorisation de d\u00e9roger \u00e0 la r\u00e8gle du repos dominical - Soci\u00e9t\u00e9 AREP 5\n01_Pref_Pr\u00e9fecture de l'Ain\n01-2026-03-30-00001\n AP du 30/03/26 lancement proc\u00e9dure MECDU \n01_Pref_Pr\u00e9fecture de l'Ain - 01-2026-03-30-00001 -  AP du 30/03/26 lancement proc\u00e9dure MECDU 6\nzsPREFETDE L'AINLibert\u00e9Egalit\u00e9Fraternit\u00e9\nArr\u00eat\u00e9 pr\u00e9fectoral\nengageant la proc\u00e9dure de mise en compatibilit\u00e9 du Sch\u00e9ma de Coh\u00e9rence Territoriale du syndicat \nmixte Bugey \u2013 C\u00f4ti\u00e8re \u2013 Plaine de l'Ain, du Plan Local d'Urbanisme de la commune de Saint Vulbas et \ndu Plan Local d'Urbanisme de la commune de Loyettes, et portant ouverture de la concertation \npr\u00e9alable dans le cadre du projet de r\u00e9alisation de deux r\u00e9acteurs \u00e9lectronucl\u00e9aires par la soci\u00e9t\u00e9 \nanonyme \u00c9lectricit\u00e9 de France (EDF) \u00e0 proximit\u00e9 de la centrale nucl\u00e9aire de production d'\u00e9lectricit\u00e9 \nde Bugey\nLe pr\u00e9fet de l'Ain\nVu le code de l'urbanisme, notamment ses articles L.103-2 \u00e0 L.103-4\u00a0;\nVu la loi n\u00b0 2023-491 du 22 juin 2023 relative \u00e0 l'acc\u00e9l\u00e9ration des proc\u00e9dures li\u00e9es \u00e0 la construction  \nde nouvelles installations nucl\u00e9aires \u00e0 proximit\u00e9 de sites nucl\u00e9aires existants et au fonctionnement  \ndes installations existantes\u00a0et notamment son article 8 ;\nVu le d\u00e9cret n\u00b0 2004-374 du 29 avril 2004 modifi\u00e9 relatif aux pouvoirs des pr\u00e9fets, \u00e0 l'organisation et \n\u00e0 l'action des services de l'\u00c9tat dans les r\u00e9gions et d\u00e9partements ;\nVu le d\u00e9cret n\u00b02025-1152 du 2 d\u00e9cembre 2025 portant nomination de monsieur M. Louis-Xavier  \nTHIRODE, en qualit\u00e9 de pr\u00e9fet de l'Ain\u00a0;\nVu le d\u00e9cret 2025-669 du 17 juillet 2025 d\u00e9signant l'autorit\u00e9 administrative comp\u00e9tente de l'\u00c9tat  \nmentionn\u00e9e \u00e0 l'article 8 de la loi n\u00b0\u00a02023-491 du 22 juin 2023 relative \u00e0 l'acc\u00e9l\u00e9ration des proc\u00e9dures \nli\u00e9es \u00e0 la construction de nouvelles installations nucl\u00e9aires \u00e0 proximit\u00e9 de sites nucl\u00e9aires existants  \net au fonctionnement des installations existantes\u00a0;\nVu le  d\u00e9cret  n\u00b0  2026-213  du  24  mars  2026  qualifiant  de  projet  d'int\u00e9r\u00eat  g\u00e9n\u00e9ral  le  projet  de  \nr\u00e9alisation de deux r\u00e9acteurs \u00e9lectronucl\u00e9aires sur le site \u00e0 proximit\u00e9 de la centrale de Bugey ;\nVu le Sch\u00e9ma de Coh\u00e9rence Territor iale du syndicat mixte Bugey \u2013 C\u00f4ti\u00e8re \u2013 Plaine de l'Ain (SCoT  \nBUCOPA) en vigueur, approuv\u00e9 par d\u00e9lib\u00e9ration 26 janvier 2017 ;\nVu le  Plan  Local  d'Urbanisme  (PLU)  de  la  commune  de  Saint  Vulbas en  vigueur,  approuv\u00e9  par \nd\u00e9lib\u00e9ration du 30 mai 2008 ;\nVu  le Plan  Local  d'Urbanisme  (PLU)  de  la  commune  de  Loyettes  en  vigueur,  approuv\u00e9  par  \nd\u00e9lib\u00e9ration du 30 juin 2006 ;\n45, avenue Alsace-Lorraine \u2013 Quartier Bourg Centre - CS 80 400 - 01012 Bourg-en-Bresse cedex\nT\u00e9l. 04.74.32.30.00 \u2013 Site internet\u00a0: www.ain.gouv.  fr   \u2013 X \u2013 facebook\u00a0- instagram : @Prefet01\n01_Pref_Pr\u00e9fecture de l'Ain - 01-2026-03-30-00001 -  AP du 30/03/26 lancement proc\u00e9dure MECDU 7\n \nVu  les  courriers  d'information  de  Monsieur  le  pr\u00e9fet  de  l'Ain,  en  dat e  du  27  mars  2026  au x \ncommunes de Loyettes et de Saint Vulbas, au Syndicat mixte SCoT BUCOPA, \u00e0 la Communaut\u00e9 de  \nCommunes de la Plaine de l'Ain, au d\u00e9partement de l'Ain et \u00e0 la r\u00e9gion Auvergne Rh\u00f4ne-Alpes  \nconcernant la n\u00e9cessit\u00e9 de proc\u00e9der \u00e0 une mise en compatibilit\u00e9 des documents d'urbanisme\u00a0;\nVu les pi\u00e8ces du dossier soumis \u00e0 la concertation en vue de la mise en compatibilit\u00e9 du Sch\u00e9ma de \nCoh\u00e9rence  Territoriale  du  syndicat  mixte  Bugey  \u2013  C\u00f4ti\u00e8re  \u2013  Plaine  de  l'Ain ,  du  Plan  Local  \nd'Urbanisme de la commune de Saint Vulbas et du Plan Local d'Urbanisme de la commune de  \nLoyettes dans le cadre du projet de r\u00e9alisation de deux r\u00e9acteurs \u00e9lectronucl\u00e9aires \u00e0 proximit\u00e9 de la \ncentrale nucl\u00e9aire de Bugey\u00a0;\nConsid\u00e9rant la n\u00e9cessit\u00e9 de mettre en compatibilit\u00e9 le SCoT et les PLU susvis\u00e9s pour permettre la  \nr\u00e9alisation  de  deux  r\u00e9acteurs  \u00e9lectronucl\u00e9aires  \u00e0  proximit\u00e9  de  la  centrale  nucl\u00e9aire  de  Bugey, \nqualifi\u00e9e de projet d'int\u00e9r\u00eat g\u00e9n\u00e9ral en application de l'article 8 de la loi n\u00b0 2023-491 du 22 juin 2023 \npr\u00e9cit\u00e9e\u00a0;\nConsid\u00e9rant la  soumission  \u00e0  \u00e9valuation  environnementale  de  la  proc\u00e9dure  de  mise  en  \ncompatibilit\u00e9\u00a0;\nConsid\u00e9rant qu'il y a lieu de soumettre le dossier \u00e0 la consultation du public pendant une dur\u00e9e de  \nquatre semaines\u00a0;\nSur proposition du directeur d\u00e9partemental des territoires de l'Ain.\nA R R \u00ca T E\nArticle 1  er   \u2013 Engagement de la proc\u00e9dure de mise en compatibilit\u00e9\nLa proc\u00e9dure de mise en compatibilit\u00e9 du Sch\u00e9ma de Coh\u00e9rence Territoriale du syndicat mixte  \nBugey \u2013 C\u00f4ti\u00e8re \u2013 Plaine de l'Ain, du Plan Local d'Urbanisme de la commune de Saint Vulbas et du  \nPlan Local d'Urbanisme de la commune de Loyettes pour permettre la r\u00e9alisation du projet de  \nr\u00e9alisation de deux r\u00e9acteurs \u00e9lectronucl\u00e9aires par EDF \u00e0 proximit\u00e9 de la centrale de Bugey est  \nengag\u00e9e en application des dispositions de l'article 8 de la loi n\u00b0 2023-491 du 22 juin 2023 susvis\u00e9e.\nArticle 2 \u2013 Objectifs poursuivis par la mise en compatibilit\u00e9\nLa concertation pr\u00e9alable porte sur la mise en compatibilit\u00e9 du Sch\u00e9ma de Coh\u00e9rence Territoriale \ndu syndicat mixte Bugey \u2013 C\u00f4ti\u00e8re \u2013 Plaine de l'Ain, du Plan Local d'Urbanisme de la commune de  \nSaint Vulbas et du Plan Local d'Urbanisme de la commune de Loyettes pour permettre la r\u00e9alisation \ndu projet de r\u00e9alisation de deux r\u00e9acteurs \u00e9lectronucl\u00e9aires par EDF \u00e0 proximit\u00e9 de la centrale de  \nBugey.\nL'emprise principale du projet est situ\u00e9e sur les communes de Loyettes et Saint-Vulbas pour des  \nsurfaces respectives d'environ 156 ha et 68 ha.\n01_Pref_Pr\u00e9fecture de l'Ain - 01-2026-03-30-00001 -  AP du 30/03/26 lancement proc\u00e9dure MECDU 8\nCette concertation vise  \u00e0 assurer l'information et \u00e0 recueillir les observations du public sur les  \n\u00e9l\u00e9ments propos\u00e9s pour assurer la mise en compatibilit\u00e9 des documents d'urbanisme sus-vis\u00e9s.\nArticle 3 \u2013 Dur\u00e9e et modalit\u00e9s de concertation\nLa concertation mentionn\u00e9e \u00e0 l'article 2 se d\u00e9roulera d u mardi 7 avril 2026 au jeudi 7 mai 2026  \ninclus, soit pendant 31\u00a0jours cons\u00e9cutifs.\nLa d\u00e9cision et le dossier annex\u00e9 au pr\u00e9sent arr\u00eat\u00e9 sont consultables en format num\u00e9rique :\n\u2013\u00a0sur le site internet des services de l'\u00c9tat dans l'Ain, \u00e0 l'adresse suivante\u00a0:\nhttps://www.ain.gouv.fr/administrer/Actions-de-l-Etat/Environnement-risques-naturels-et-\ntechnologiques/EPR-2/Concertation-prealable-Mise-en-compatibilite-des-documents-d-urbanisme\n\u2013\u00a0sur la plateforme mise en place pour cette concertation pr\u00e9alable \u00e0 l'adresse suivante\u00a0:\nhttps://www.registre-numerique.fr/concertation-prealable-mecdu-epr2-bugey \nPendant toute la dur\u00e9e de la concertation, une version papier du dossier annex\u00e9 \u00e0 cet arr\u00eat\u00e9  \npr\u00e9fectoral sera mise \u00e0 la disposition du public dans les locaux\u00a0: \n\u25e6 de la pr\u00e9fecture de l'Ain, 45 avenue Alsace Lorraine \u2013 Bourg en Bresse, sur rendez-vous,  \ndu  lundi  au  vendredi,  de  10h00  \u00e0  12h00,  la  prise  de  rendez-vous  s'effectuant  par  \nt\u00e9l\u00e9phone au 04 74 32 30 00\u00a0;\n\u25e6 de la mairie de Loyettes, 101 rue de la Mairie, 01360 Loyettes, \u00a0aux horaires d'accueil du  \npublic\u00a0;\n\u25e6 de la mairie de Saint Vulbas, 403 rue Claires-Fontaines 01150 Saint-Vulbas, aux horaires  \nd'accueil du public. \nCe dossier comprend\u00a0:\n\u2022 la pr\u00e9sentation du projet\u00a0;\n\u2022 la pr\u00e9sentation de la proc\u00e9dure de mise en compatibilit\u00e9 et de la concertation associ\u00e9e\u00a0;\n\u2022 les modifications du SCoT et des PLU envisag\u00e9es pour leur mise en compatibilit\u00e9 avec le  \nprojet de r\u00e9alisation de deux r\u00e9acteurs \u00e9lectronucl\u00e9aires \u00e0 proximit\u00e9 de la centrale nucl\u00e9aire \nde Bugey.\nArticle 4 \u2212 Publicit\u00e9\nUn avis au public faisant conna\u00eetre l'ouverture de la consultation sera publi\u00e9 par mes soins, avant le  \nd\u00e9but de la concertation en caract\u00e8res apparents  dans deux journaux d'annonces l\u00e9gales diffus\u00e9s \ndans le d\u00e9partement de l'Ain. Les frais d'insertion seront \u00e0 la charge d'EDF.\nEn outre, le pr\u00e9sent arr\u00eat\u00e9 sera affich\u00e9 pendant un mois\u00a0:\n\u2022 \u00e0 la pr\u00e9fecture de l'Ain ;\n01_Pref_Pr\u00e9fecture de l'Ain - 01-2026-03-30-00001 -  AP du 30/03/26 lancement proc\u00e9dure MECDU 9\n\u2022 au  si\u00e8ge  du  syndicat  mixte  Bugey  \u2013 C\u00f4ti\u00e8re  \u2013 Plaine  de  l'Ain  (SCoT  BUCOPA)  et  de  la  \ncommunaut\u00e9 de commu nes de la plaine de l'Ain ,\u00a0143, rue du Ch\u00e2teau, 01150 Chazey-sur-\nAin\u00a0;\n\u2022 \u00e0 la mairie de Loyettes ;\n\u2022 \u00e0 la mairie de Saint Vulbas.\nMention de cet affichage sera ins\u00e9r\u00e9e sur les sites Internet\u00a0:\n\u2022 des services de l'\u00c9tat dans l'Ain\u00a0;\n\u2022 du syndicat mixte Bugey \u2013 C\u00f4ti\u00e8re \u2013 Plaine de l'Ain (SCoT BUCOPA)\u00a0;\n\u2022 de la commune de Loyettes ;\n\u2022 de la commune de Saint Vulbas.\nArticle 5 \u2013 Consignation des observations\nPendant une dur \u00e9e de 31 \u00a0jours, du 7 avril 2026 \u00e0 09h00 au 7 mai 2026 \u00e0 16h00, le pu blic pourra \nconsigner ses observations et propositions\u00a0:\n\u2022 Soit en les adressant par courriel \u00e0 l'adresse suivante\u00a0: \nconcertation-prealable-mecdu-epr2-bugey@mail.registre-numerique.fr \n\u2022 Soit sur le registre d\u00e9mat\u00e9rialis\u00e9 accessible depuis le site internet suivant\u00a0:\nhttps://www.registre-numerique.fr/concertation-prealable-mecdu-epr2-bugey \n\u2022 Soit en les consignant par \u00e9crit dans les registres tenus \u00e0 la disposition du public dans les  \nlocaux\u00a0de la pr\u00e9fecture de l'Ain, de la mairie de Loyettes et de la mairie de Saint Vulbas  \nselon les modalit\u00e9s d'accueil et aux horaires sus-mentionn\u00e9s.\nArticle 6\u00a0\u2013 Bilan de la concertation\nUn bilan sera dress\u00e9 \u00e0 l'issue de la concertation et joint au dossier soumis \u00e0 l'enqu\u00eate publique  \nrelative au projet de r\u00e9alisation de deux r\u00e9acteurs \u00e9lectronucl\u00e9aires de type EPR2 \u00e0 proximit\u00e9 de la  \ncentrale  de  Bugey,  qui  se  tiendra  ult\u00e9rieurement  et  qui  portera,  entre  autres,  sur  la  mise  en  \ncompatibilit\u00e9 du Sch\u00e9ma de Coh\u00e9rence Territoriale du syndicat mixte Bugey \u2013 C\u00f4ti\u00e8re \u2013 Plaine de  \nl'Ain, du Plan Local d'Urbanisme de la commune de Saint Vulbas et du Plan Local d'Urbanisme de la  \ncommune de Loyettes, avec le projet.\nArticle 7 \u2212 Ex\u00e9cution\n01_Pref_Pr\u00e9fecture de l'Ain - 01-2026-03-30-00001 -  AP du 30/03/26 lancement proc\u00e9dure MECDU 10\nLa secr\u00e9taire g\u00e9n\u00e9rale de la pr\u00e9fecture de l'Ain, le directeur d\u00e9partemental des territoires de l'Ain, le \npr\u00e9sident du syndicat mixte Bugey \u2013 C\u00f4ti\u00e8re \u2013 Plaine de l'Ain,  le maire de Loyettes et le maire de  \nSaint Vulbas sont charg\u00e9s, chacun en ce qui le concerne, de l'ex\u00e9cution du pr\u00e9sent arr\u00eat\u00e9 qui sera  \npubli\u00e9 au recueil des actes administratifs de la pr\u00e9fecture de l'Ain.\nFait \u00e0 Bourg-en-Bresse, le 30 mars 2026\nLe pr\u00e9fet,\nSign\u00e9\nLouis Xavier Thirode\n01_Pref_Pr\u00e9fecture de l'Ain - 01-2026-03-30-00001 -  AP du 30/03/26 lancement proc\u00e9dure MECDU 11","date":"2026-03-30","first_seen_on":"2026-03-30T14:04:47+00:00","id":"13c25b99c066974c6c4ad1e4a03e149349f600e86f9b18280cb923e177e89620","name":"recueil-01-2026-105-recueil-des-actes-administratifs-special 30-03-2026","pdf_creation_date":"2026-03-30T13:31:43+00:00","pdf_modification_date":null,"timezone":"Europe/Paris","url":"https://www.ain.gouv.fr/contenu/telechargement/35343/246779/file/recueil-01-2026-105-recueil-des-actes-administratifs-special%2030-03-2026%20.pdf"}
