{"administration":"pref83","administration_name":"Pr\u00e9fecture du Var","content":"VAR\nRECUEIL DES ACTES\nADMINISTRATIFS SP\u00c9CIAL\n(NOMINATIFS)\nN\u00b083-2025-201\nPUBLI\u00c9 LE 16 JUIN 2025\nSommaire\nDirection d\u00e9partementale de l'emploi, du travail et des solidarit\u00e9s du Var\n/ Direction de la DDETS\n83-2025-06-13-00003 - 2025-02 subd internesignature DDETS-signature RAA\n(4 pages) Page 4\n83-2025-06-13-00004 - 2025-03 d\u00e9l signat ORDO SEC DDETS-CS-signature\nRAA (7 pages) Page 9\n83-2025-06-04-00015 - 390-2025-arrete d'agr\u00e9ment ACCOMADOM\n-FICAJA PASCAL du 040625 (2 pages) Page 17\n83-2025-06-04-00016 - 392-2025-recepisse declaration modificative\nACCOMADOM du 04062025 (2 pages) Page 20\n83-2025-06-05-00009 - 399-2025-recepisse declaration CHAUBARD\nPHILOMENE du 05062025 (1 page) Page 23\n83-2025-06-06-00007 - 401-2025-recepisse declaration SANCHEZ\nLAURENCE du 06062025 (1 page) Page 25\n83-2025-06-06-00008 - 402-2025-recepisse declaration ETOILE\nPROPRETE-THERVAIS SOPHIE du 060625 (1 page) Page 27\n83-2025-06-06-00009 - 404-2025-recepisse declaration PY CAROLINE du\n06062025 (1 page) Page 29\n83-2025-06-06-00010 - 409-2025-recepisse OXYMAISON- ARFOSEA SYLVINE\ndu 060625 (1 page) Page 31\n83-2025-06-10-00008 - 416-2025-recepisse declaration AJ CLEAN\nPARTICULIERS -CROUTTE AURELIE du 10062025 (1 page) Page 33\n83-2025-06-11-00003 - 419-2025- AGR TJS DU 11062025  (3 pages) Page 35\n83-2025-06-11-00004 - 420-2025-DEC MOD TJS du 11062025 (2 pages) Page 39\nDirection d\u00e9partementale des territoires et de la mer du Var / Service\nplanifications et prospective de la DDTM\n83-2025-06-16-00003 - Arr\u00eat\u00e9 pr\u00e9fectoral n\u00b0 DDTM/SPP/PAU 2025-27\ndu 12 juin 2025 portant ouverture et organisation d'une enqu\u00eate\npublique relative \u00e0 une demande de cr\u00e9ation d'une zone agricole\nprot\u00e9g\u00e9e (ZAP) sur la commune de Cogolin (6 pages) Page 42\nPr\u00e9fecture du VAR / Direction de la citoyennet\u00e9 et de la l\u00e9galit\u00e9\n83-2025-06-16-00005 - ARR\u00caT\u00c9 PR\u00c9FECTORAL n\u00b0\nDCL/BERG/2025/0096 du 16 juin 2025 portant habilitation dans le domaine\nfun\u00e9raire de l'\u00e9tablissement \u00ab\u00a0ROC ECLERC\u00a0\u00bb 15 Place Gabriel\nP\u00e9ri \u00e0 SAINT-RAPHA\u00cbL (83700) (2 pages) Page 49\nPr\u00e9fecture du VAR / Direction de la coordination des politiques publiques\net de l'appui territorial\n83-2025-06-13-00002 - Arr\u00eat\u00e9 pr\u00e9fectoral du 13 juin 2025 portant\nmodification de la composition nominative\nde la formation\nsp\u00e9cialis\u00e9e \u00ab\u00a0publicit\u00e9\u00a0\u00bb de la commission\nd\u00e9partementale\nde la nature, des paysages et des sites du Var (4 pages) Page 52\n2\nSecr\u00e9tariat g\u00e9n\u00e9ral commun d\u00e9partemental / Direction du SGCD\n83-2025-06-16-00002 - Arr\u00eat\u00e9 n\u00b0SGC/2025 du 16 juin 2025 portant\nsubd\u00e9l\u00e9gation de signature et d'ordonnancement secondaire aux\ncadres du secr\u00e9tariat g\u00e9n\u00e9ral commun d\u00e9partemental du Var (10\npages) Page 57\n3\nDirection d\u00e9partementale de l'emploi, du travail\net des solidarit\u00e9s du Var\n83-2025-06-13-00003\n2025-02 subd internesignature DDETS-signature\nRAA\nDirection d\u00e9partementale de l'emploi, du travail et des solidarit\u00e9s du Var - 83-2025-06-13-00003 - 2025-02 subd internesignature\nDDETS-signature RAA 4\n=mPREFETDU VARLibert\u00e9Egalit\u00e9Fraternit\u00e9\nDirection d\u00e9partementale de l'emploi,\ndu travail et des solidarit\u00e9s\nDirection\nARR\u00caT\u00c9 DDETS-DIR-n\u00b02025-02 du 13 juin 2025\nportant subd\u00e9l\u00e9gation de signature aux directrices d\u00e9partementales adjointes, aux chefs de \nservice et de mission au sein de la direction d\u00e9partementale \nde l'emploi, du travail et des solidarit\u00e9s\nLe Pr\u00e9fet du Var,\nChevalier de la L\u00e9gion d'Honneur,\nChevalier de l'Ordre National du M\u00e9rite\nVu la loi n\u00b0 82-213 du 2 mars modifi\u00e9e, relative aux droits et libert\u00e9s des communes, des d\u00e9partements  \net des r\u00e9gions, \nVu la loi n\u00b0 83-8 du 7 janvier 1983 compl\u00e9t\u00e9e par la loi n\u00b0 3-663 du 22 juillet 1983 modifi\u00e9e par la loi n\u00b0  \n86-17  du  6  janvier  1986  relative  \u00e0  la  r\u00e9partition  des  comp\u00e9tences  entre  les  communes,  les \nd\u00e9partements, les r\u00e9gions et l'\u00c9tat,\nVu la loi n\u00b0 83-634 du 13 juillet 1983 modifi\u00e9e portant droits et obligations des fonctionnaires, ensemble \nla  loi  n\u00b0  84-16  du  11  janvier  1984  modifi\u00e9e  portant  dispositions  statutaires  relatives  \u00e0  la  fonction \npublique de l'\u00c9tat,\nVu la loi d'orientation n\u00b0 92-125 du 6 f\u00e9vrier 1992 relative \u00e0 l'administration territoriale de la R\u00e9publique,\nVu la loi \u00b095-115 du 4 f\u00e9vrier 1995 modifi\u00e9e d'orientation pour l'am\u00e9nagement et le d\u00e9veloppement du  \nterritoire, notamment son article 25,\nVu le d\u00e9cret n\u00b0 92-604 du 1 er juillet 1992 portant charte de la d\u00e9concentration, modif\u00e9 par le d\u00e9cret  \nn\u00b097-463 du 09 mai 1997 ,\nVu le d\u00e9cret n\u00b0 2004-374 du 29 avril 2004 modifi\u00e9 relatif aux pouvoirs des pr\u00e9fets, \u00e0 l'organisation et \u00e0  \nl'action des services de l'\u00c9tat dans les r\u00e9gions et les d\u00e9partements,\nVu le  d\u00e9cret  n\u00b0  2009-360  du  31  mars  2009  relatif  aux  emplois  de  direction  de  l'administration \nterritoriale de l'\u00c9tat,\nVu le d\u00e9cret n\u00b0 2009-360 du 3 d\u00e9cembre 2009 modifi\u00e9 relatif aux directions d\u00e9partementales inter  \nminist\u00e9rielles,\nVu le d\u00e9cret n\u00b0 2020-1545 du 9 d\u00e9cembre 2020 relatif \u00e0 l'organisation et aux missions des directions  \nr\u00e9gionales de l'\u00e9conomie, de l'emploi, du travail et des solidarit\u00e9s, des directions d\u00e9partementales de  \nl'emploi, du travail et des solidarit\u00e9s, \nVu le d\u00e9cret du Pr\u00e9sident de la R\u00e9publique du 15 mai 2025 portant nomination de monsieur Simon  \nBABRE, Pr\u00e9fet du Var,\nVu l'arr\u00eat\u00e9 conjoint du Premier ministre et du ministre de l'int\u00e9rieur en date du 17 mars 2025 nommant  \nmadame Nelcie FERRERE, directrice d\u00e9partementale adjointe de l'emploi, du travail et des solidarit\u00e9s, \nDirection d\u00e9partementale de l'emploi, du travail et des solidarit\u00e9s du Var - 83-2025-06-13-00003 - 2025-02 subd internesignature\nDDETS-signature RAA 5\nVu l'arr\u00eat\u00e9 du Premier ministre et du ministre de l'int\u00e9rieur du 29 mars 2024 portant nomination de  \nmadame Pascale ROBERDEAU-BEAUGE, directrice d\u00e9partementale adjointe de l'emploi, du travail et  \ndes solidarit\u00e9s du Var,\nVu l'arr\u00eat\u00e9  du  Premier  ministre  d'\u00c9tat,  ministre  de  l'int\u00e9rieur,  en  date  du  17  janvier  2025  portant \nnomination de madame Sandrine POLYCHRONOPOULOS, directrice d\u00e9partementale de l'emploi, du  \ntravail et des solidarit\u00e9s du Var \u00e0 compter du 15 f\u00e9vrier 2025, \nVu l'arr\u00eat\u00e9 pr\u00e9fectoral en date du 25 mars 2021 portant organisation de la direction d\u00e9partementale de \nl'emploi, du travail et des solidarit\u00e9s du Var,\nVu l'arr\u00eat\u00e9  pr\u00e9fectoral  n\u00b02025/23/MCI  portant  d\u00e9l\u00e9gation  de  signature  \u00e0  madame  Sandrine \nPOLYCHRONOPOULOS, directrice d\u00e9partementale de l'emploi, du travail et des solidarit\u00e9s du Var, \nVu les d\u00e9cisions nommant les chefs des services de la direction d\u00e9partementale de l'emploi, du travail  \net des solidarit\u00e9s, \nVu l'article 44 du D\u00e9cret n\u00b02004-374 du 29 avril 2004 relatif aux pouvoirs des pr\u00e9fets, \u00e0 l'organisation et \n\u00e0 l'action des services de l'\u00c9tat dans les r\u00e9gions et d\u00e9partements,\nSur proposition de la directrice d\u00e9partementale de la direction d\u00e9partementale de l'emploi, du travail  \net des solidarit\u00e9s :\nARR\u00caTE :\nArticle 1er : \nEn  cas  d'absence  ou  d'emp\u00eachement  de  madame  Sandrine  POLYCHRONOPOULOS,  directrice \nd\u00e9partementale  de  l'emploi,  du  travail  et  des  solidarit\u00e9s,  d\u00e9l\u00e9gation  de  signature  est  donn\u00e9e  \u00e0 \nmesdames Nelcie FERRERE et  Pascale ROBERDEAU-BEAUGE, directrices d\u00e9partementales adjointes de  \nl'emploi, du travail et des solidarit\u00e9s du Var.\nArticle 2: \nEn cas d'absence ou d'emp\u00eachement de mesdames Nelcie FERRERE et  Pascale ROBERDEAU-BEAUGE,  \ndirectrices d\u00e9partementales adjointes de l'emploi, du travail et des solidarit\u00e9s du Var,  d\u00e9l\u00e9gation de  \nsignature  est  donn\u00e9e  \u00e0  madame  Corinne  CESARI,  attach\u00e9e  principale  d'administration,  cheffe  du \nservice \u00abAcc\u00e8s \u00e0 l'emploi\u00bb de la direction de l'emploi du travail et des solidarit\u00e9s \u00e0 l'effet de signer les  \nactes relevant des attributions de son service.\nD\u00e9l\u00e9gation est \u00e9galement donn\u00e9e, en cas d'absence ou d'emp\u00eachement de madame Corinne CESARI,  \nattach\u00e9e principale d'administration, cheffe du service \u00abAcc\u00e8s \u00e0 l'emploi\u00bb \u00e0 :\n\u2022 madame Fatiha PERROT, attach\u00e9e d'administration, responsable du d\u00e9partement \u00abmesures en \nfaveur des publics \u00e9loign\u00e9s de l'emploi\u00bb  pour tous les actes relevant des attributions de son  \nd\u00e9partement ;\n\u2022 madame  Sylvie GERMI ,  attach\u00e9e d'administration, responsable du d\u00e9partement \u00ab\u00c9galit\u00e9  des \nchances\u00bb pour tous les actes relevant des attributions de son d\u00e9partement.\nArticle 3 : \nEn cas d'absence ou d'emp\u00eachement de mesdames Nelcie FERRERE et Pascale ROBERDEAU-BEAUGE,  \ndirectrices d\u00e9partementales adjointes de l'emploi, du travail et des solidarit\u00e9s du Var,  d\u00e9l\u00e9gation de  \nsignature est donn\u00e9e \u00e0 madame Amandine MARTIN, inspectrice hors classe de l'action sanitaire et  \nDirection d\u00e9partementale de l'emploi, du travail et des solidarit\u00e9s du Var - 83-2025-06-13-00003 - 2025-02 subd internesignature\nDDETS-signature RAA 6\nsociale, cheffe du service \u00abAcc\u00e8s au logement\u00bb de la direction d\u00e9partementale de l'emploi du travail et \ndes solidarit\u00e9s \u00e0 l'effet de signer les actes relevant des attributions de son service.\nEn cas d'absence ou d'emp\u00eachement de madame Amandine MARTIN, cheffe du service \u00ab  Acc\u00e8s au \nlogement\u00bb, la d\u00e9l\u00e9gation qui lui est consentie est exerc\u00e9e par madame Ang\u00e9lique FRITZ, attach\u00e9e  \nprincipale d'administration,  adjointe  \u00e0  la  cheffe  du  service  \u00abAcc\u00e8s  au  logement\u00bb.D\u00e9l\u00e9gation  est \n\u00e9galement  donn\u00e9e,  en  cas  d'absence  ou  d'emp\u00eachement  de  Madame  Ang\u00e9lique  FRITZ,  attach\u00e9e \nprincipale d'administration, adjointe \u00e0 la cheffe du service \u00abAcc\u00e8s au  logement\u00bb \u00e0 :\n\u2022 madame  Florence  REYGROBELLET,  attach\u00e9e  principale  d'administration,  responsable  du \nd\u00e9partement \u00abpr\u00e9vention des expulsions locatives et contentieux\u00bb  pour tous les actes relevant  \ndes attributions de son d\u00e9partement ;\n\u2022 madame  Ariane  ROUQUETTE,  attach\u00e9e  principale  d'administration,  responsable  du  \nd\u00e9partement \u00ab Insertion par le logement  \u00bb pour tous les actes relevant des attributions de son  \nd\u00e9partement ;\n\u2022 madame  Justine  MASSIP ,  attach\u00e9e  d'administration,  responsable  du  d\u00e9partement  \n\u00ab Accompagnement vers le logement  \u00bb pour tous les actes relevant des attributions de son  \nd\u00e9partement. \nArticle 4 : \nEn cas d'absence ou d'emp\u00eachement de mesdames Nelcie FERRERE et Pascale ROBERDEAU-BEAUGE,  \ndirectrices d\u00e9partementales adjointes de l'emploi, du travail et des solidarit\u00e9s du Var,  d\u00e9l\u00e9gation de  \nsignature est donn\u00e9e \u00e0 madame Emma IACIANCIO, inspectrice hors classe de l'action sanitaire et  \nsociale,  cheffe  du  service  \u00abAcc\u00e8s  \u00e0  l'autonomie  des  populations  vuln\u00e9rables\u00bb  de  la  direction \nd\u00e9partementale de l'emploi, du travail et de la coh\u00e9sion sociale, \u00e0 l'effet de signer les actes relevant des \nattributions de son service dont celle de tuteur des pupilles de l'Etat.\nEn  cas  d'absence  ou d'emp\u00eachement  de  madame  Emma  IACIANCIO,  cheffe  du  service  \u00ab Acc\u00e8s  \u00e0 \nl'autonomie des populations vuln\u00e9rables\u00bb, la d\u00e9l\u00e9gation qui lui est consentie est exerc\u00e9e par madame  \nVal\u00e9rie LETOURNIANT, attach\u00e9e principale d'administration, adjointe \u00e0 la cheffe du service \u00abAcc\u00e8s \u00e0  \nl'autonomie des populations vuln\u00e9rables\u00bb.\nEn  cas  d'absence  ou d'emp\u00eachement  de  madame  Emma  IACIANCIO,  cheffe  du  service  \u00ab Acc\u00e8s  \u00e0 \nl'autonomie des populations vuln\u00e9rables\u00bb, la d\u00e9l\u00e9gation qui lui est consentie est exerc\u00e9e par madame  \nMarie-Laure ALVAREZ, attach\u00e9e d'administration, charg\u00e9e de mission int\u00e9gration.\nEn  cas  d'absence  ou d'emp\u00eachement  de  madame  Emma  IACIANCIO,  cheffe  du  service  \u00ab Acc\u00e8s  \u00e0 \nl'autonomie des populations vuln\u00e9rables\u00bb, la d\u00e9l\u00e9gation qui lui est consentie est exerc\u00e9e par madame  \nLine PEYSSELIER, secr\u00e9taire administrative de classe sup\u00e9rieure sur les actes relatifs \u00e0 la tutelle des  \npupilles de l'\u00c9tat.\nArticle 5 : \nEn cas d'absence ou d'emp\u00eachement de mesdames Nelcie FERRERE et Pascale ROBERDEAU-BEAUGE,  \ndirectrices d\u00e9partementales adjointes de l'emploi, du travail et des solidarit\u00e9s du Var,  d\u00e9l\u00e9gation de  \nsignature  est  donn\u00e9e  \u00e0  monsieur  Emmanuel  JOLY  directeur  du  travail,  chef  du  service  \u00abAppui  et \nrelations du travail\u00bb de la direction d\u00e9partementale de l'emploi, du travail et des solidarit\u00e9s \u00e0 l'effet de  \nsigner les actes relevant des attributions de son service.\nArticle 6 : \nEn cas d'absence ou d'emp\u00eachement de mesdames Nelcie FERRERE et Pascale ROBERDEAU-BEAUGE,  \ndirectrices d\u00e9partementales adjointes de l'emploi, du travail et des solidarit\u00e9s du Var,  d\u00e9l\u00e9gation de  \nDirection d\u00e9partementale de l'emploi, du travail et des solidarit\u00e9s du Var - 83-2025-06-13-00003 - 2025-02 subd internesignature\nDDETS-signature RAA 7\nsignature est donn\u00e9e \u00e0 madame  S\u00e9verine LARDERET, attach\u00e9e principale d'administration  cheffe du  \nservice  \u00abAccompagnement  des  entreprises  et  d\u00e9veloppement  des  territoires\u00bb  de  la  direction \nd\u00e9partementale  de  l'emploi,  du  travail  et  des  solidarit\u00e9s  \u00e0  l'effet  de  signer  les  actes  relevant  des \nattributions de son service.\nEn  cas  d'absence  ou  d'emp\u00eachement  de  madame  S\u00e9verine  LARDERET,  attach\u00e9e  principale \nd'administration,  cheffe  du  service  \u00ab Accompagnement  des  entreprises  et  d\u00e9veloppement  des \nterritoires\u00bb, la d\u00e9l\u00e9gation qui lui est consentie est exerc\u00e9e par madame Coralie PHILIP-MONGE attach\u00e9e \nd'administration, adjointe \u00e0 la cheffe du service \u00ab Accompagnement des entreprises et d\u00e9veloppement \ndes territoires.\nD\u00e9l\u00e9gation est \u00e9galement donn\u00e9e, en cas d'absence ou d'emp\u00eachement de madame Coralie PHILIP-\nMONGE attach\u00e9e d'administration, adjointe \u00e0 la cheffe du service \u00abAccompagnement des entreprises  \net d\u00e9veloppement des territoires\u00bb \u00e0 :\n\u2022 madame  Catherine ROUSSAT, inspectrice du travail,  charg\u00e9e de mission,  pour tous les  actes \nrelatifs \u00e0 l'activit\u00e9 partielle.\nArticle 7 : \nEn cas d'absence ou d'emp\u00eachement de mesdames Nelcie FERRERE et Pascale ROBERDEAU-BEAUGE,  \ndirectrices d\u00e9partementales adjointes de l'emploi, du travail et des solidarit\u00e9s du Var,  d\u00e9l\u00e9gation de  \nsignature est donn\u00e9e \u00e0 madame St\u00e9phanie DESEEZ, inspectrice hors classe de l'action sanitaire et  \nsociale,  cheffe  de  la  mission  \u00abappui  aux  politiques  publiques\u00bb  de  la  direction  d\u00e9partementale  de \nl'emploi, du travail et des solidarit\u00e9s \u00e0 l'effet de signer les actes relevant des attributions de cette  \nmission.\nArticle 8 : \nEn cas d'absence ou d'emp\u00eachement de mesdames Nelcie FERRERE et Pascale ROBERDEAU-BEAUGE,  \ndirectrices d\u00e9partementales adjointes de l'emploi, du travail et des solidarit\u00e9s du Var,  d\u00e9l\u00e9gation de  \nsignature est donn\u00e9e \u00e0 madame Dominique RIBERO, attach\u00e9e d'administration hors classe, responsable \ndu conseil m\u00e9dical d\u00e9partemental, \u00e0 l'effet de signer les actes relevant des attributions de son service.\nArticle 9 : \nL'arr\u00eat\u00e9 pr\u00e9fectoral n\u00b02025/01/MCI du 27 f\u00e9vrier 2025 portant subd\u00e9l\u00e9gation de signature au sein de la  \ndirection d\u00e9partementale de l'emploi, du travail et des solidarit\u00e9s du Var est abrog\u00e9 \u00e0 compter du 17  \njuin 2025.\nArticle 10 : \nLa directrice d\u00e9partementale de l'emploi, du travail et des solidarit\u00e9s est charg\u00e9e de l'ex\u00e9cution du  \npr\u00e9sent arr\u00eat\u00e9 qui sera publi\u00e9 au recueil des actes administratifs de la pr\u00e9fecture.\nFait \u00e0 Toulon, le 13 juin 2025\nLa directrice d\u00e9partementale \nde  l'emploi,du travail \net des solidarit\u00e9s du Var\nSign\u00e9 : Sandrine POLYCHRONOPOULOS\nDirection d\u00e9partementale de l'emploi, du travail et des solidarit\u00e9s du Var - 83-2025-06-13-00003 - 2025-02 subd internesignature\nDDETS-signature RAA 8\nDirection d\u00e9partementale de l'emploi, du travail\net des solidarit\u00e9s du Var\n83-2025-06-13-00004\n2025-03 d\u00e9l signat ORDO SEC\nDDETS-CS-signature RAA\nDirection d\u00e9partementale de l'emploi, du travail et des solidarit\u00e9s du Var - 83-2025-06-13-00004 - 2025-03 d\u00e9l signat ORDO SEC\nDDETS-CS-signature RAA 9\n=mPREFETDU VARLibert\u00e9Egalit\u00e9Fraternit\u00e9\nDirection d\u00e9partementale\nde l'emploi, du travail\n et des solidarit\u00e9s\nARR\u00caT\u00c9 DDETS-DIR-n\u00b02025-03 du 13 juin 2025\nportant d\u00e9l\u00e9gation de signature au titre de l'article 8 du d\u00e9cret du 7 novembre 2012\nportant r\u00e8glement g\u00e9n\u00e9ral sur la comptabilit\u00e9 publique au sein de la direction d\u00e9partementale \nde l'emploi, du travail et des solidarit\u00e9s du Var pour l'ordonnancement secondaire des recettes et des \nd\u00e9penses imput\u00e9es sur le budget de l'\u00c9tat\nLe Pr\u00e9fet du Var,\nChevalier de la L\u00e9gion d'Honneur,\nChevalier de l'Ordre National du M\u00e9rite,\nVu la  loi  n\u00b0  82-213  du  2  mars  1982  modifi\u00e9e,  relative  aux  droits  et  libert\u00e9s  des  communes,  des \nd\u00e9partements et des r\u00e9gions ;\nVu la  loi  n\u00b0  83-8  du  7  janvier  1983  modifi\u00e9e,  relative  \u00e0  la  r\u00e9partition  des  comp\u00e9tences  entre  les \ncommunes, les d\u00e9partements, les r\u00e9gions et l'\u00c9tat ;\nVu la loi d'orientation n\u00b0 92-125 du 6 f\u00e9vrier 1992 modifi\u00e9e relative \u00e0 l'administration territoriale de la  \nR\u00e9publique ;\nVu la loi organique n\u00b0 2001-692 du 1er ao\u00fbt 2001 relative aux lois de finances ;\nVu la loi n\u00b0 2004-809 du 13 ao\u00fbt 2004 modifi\u00e9e relative aux libert\u00e9s et responsabilit\u00e9s locales ;\nVu le d\u00e9cret n\u00b0 2004-374 du 29 avril 2004 modifi\u00e9 relatif aux pouvoirs des pr\u00e9fets, \u00e0 l'organisation et \u00e0  \nl'action des services de l'\u00c9tat dans les r\u00e9gions et d\u00e9partements ;\nVu le  d\u00e9cret  n\u00b0  2009-1484  du  3  d\u00e9cembre  2009  modifi\u00e9  relatif  aux  directions  d\u00e9partementales \ninterminist\u00e9rielles ;\nVu le d \u00e9cret n\u00b0 2012-1246 du 7 novembre 2012 modifi\u00e9 relatif \u00e0 la gestion budg\u00e9taire et comptable  \npublique ;\nVu le  d\u00e9cret  n\u00b0  2012-1247  du  7  novembre  2012  modifi\u00e9  portant  adaptation  de  divers  textes  aux \nnouvelles r\u00e8gles de la gestion budg\u00e9taire et comptable publique ;\nVu le d\u00e9cret n\u00b0 2015-510 du 7 mai 2015 portant charte de la d\u00e9concentration ;\nVu le d\u00e9cret du Pr\u00e9sident de la R\u00e9publique du 15 mai 2025 portant nomination de M. Simon BABRE,  \npr\u00e9fet du Var ;\nVu l'arr\u00eat\u00e9 interminist\u00e9riel du 30 d\u00e9cembre 1982 modifi\u00e9, portant r\u00e8glement de comptabilit\u00e9 pour la  \nd\u00e9signation des ordonnateurs secondaires et de leurs d\u00e9l\u00e9gu\u00e9s du minist\u00e8re des affaires sanitaires et  \nsociales et de la solidarit\u00e9 nationale ;\nVu l'arr\u00eat\u00e9 interminist\u00e9riel du 4 janvier 1994 portant r\u00e8glement de comptabilit\u00e9 pour la d\u00e9signation des \nordonnateurs secondaires et de leurs d\u00e9l\u00e9gu\u00e9s du minist\u00e8re des affaires sociales, de la sant\u00e9 et de la  \nville dans le cadre de la section budg\u00e9taire ville du budget des affaires sociales, sant\u00e9 et ville ;\n1/7\nDirection d\u00e9partementale de l'emploi, du travail et des solidarit\u00e9s du Var - 83-2025-06-13-00004 - 2025-03 d\u00e9l signat ORDO SEC\nDDETS-CS-signature RAA 10\nVu l'arr\u00eat\u00e9  du  Premier  ministre  d'\u00c9tat,  ministre  de  l'int\u00e9rieur,  en  date  du  17  janvier  2025  portant \nnomination de madame Sandrine POLYCHRONOPOULOS, directrice d\u00e9partementale de l'emploi, du  \ntravail et des solidarit\u00e9s du Var \u00e0 compter du 15 f\u00e9vrier 2025, \nVu l'arr\u00eat\u00e9 conjoint du Premier ministre et du ministre de l'int\u00e9rieur en date du 17 mars 2025 portant  \nnomination de Mme Nelcie FERRERE, directrice d\u00e9partementale adjointe de l'emploi, du travail et des  \nsolidarit\u00e9s du Var ;\nVu l'arr\u00eat\u00e9 du Premier ministre et du ministre de l'int\u00e9rieur du 29 mars 2024 portant nomination de  \nMme Pascale ROBERDEAU-BEAUGE, directrice d\u00e9partementale adjointe de l'emploi, du travail et des  \nsolidarit\u00e9s du Var,\nVu l'arr\u00eat\u00e9  pr\u00e9fectoral  du  25  mars  2021 portant  organisation  de  la  direction  d\u00e9partementale  de \nl'emploi, du travail et des solidarit\u00e9s du Var ;\nVu l'arr\u00eat\u00e9  pr\u00e9fectoral  n\u00b02025/31/MCI  portant  d\u00e9l\u00e9gation  de  signature  \u00e0  madame  Sandrine  \nPOLYCHRONOPOULOS, directrice d\u00e9partementale de l'emploi, du travail et des solidarit\u00e9s du Var, pour \nl'ordonnancement secondaire des recettes et des d\u00e9penses imput\u00e9es sur les programmes du budget de \nl'\u00c9tat, \nARR\u00caTE :\nArticle 1  er   :   \nPour ce qui concerne les programmes sus-vis\u00e9s, demeurent r\u00e9serv\u00e9s \u00e0 la signature du pr\u00e9fet :\n-  les d\u00e9cisions attributives de subventions de fonctionnement d'un montant sup\u00e9rieur \u00e0 50 000 \u20ac ;\n-  les arr\u00eat\u00e9s de subvention d'investissement de l'Etat quel qu'en soit le montant ;\n- les ordres de r\u00e9quisition du comptable public pris sur le fondement de l'article 38 du d\u00e9cret n\u00b0 \n2012-1246 du 7 novembre 2012 susvis\u00e9 ;\n- en  cas  d'avis  pr\u00e9alable  d\u00e9favorable  de  l'autorit\u00e9  charg\u00e9e  du  contr\u00f4le  financier,  le  courrier  \ninformant cette autorit\u00e9 des motifs de la d\u00e9cision de ne pas se conformer \u00e0 l'avis donn\u00e9 ;\n-  les d\u00e9cisions de passer outre.\nArticle 2 : \nDans  le  cadre  de  la  d\u00e9mat\u00e9rialisation  de  la  proc\u00e9dure  de  validation  des  annexes  financi\u00e8res  des \nstructures d'insertion par l'activit\u00e9 \u00e9conomique (SIAE), les agents suivants de la DDETS sont d\u00e9sign\u00e9s  \n\u00ab valideurs  d\u00e9l\u00e9gu\u00e9s \u00bb  et  pourront  proc\u00e9der  \u00e0  la  validation  d\u00e9mat\u00e9rialis\u00e9e  des  annexes  financi\u00e8res \nl'extranet d\u00e9di\u00e9 quelques soit leur montant :\n\u2022 Corinne C\u00e9sari\n\u2022 Marie Annick Choisi.\nArticle 3     :  \nD\u00e9l\u00e9gation de signature est donn\u00e9e \u00e0 mesdames Nelcie FERRERE et Pascale ROBERDEAU-BEAUGE,  \ndirectrices d\u00e9partementales adjointes de l'emploi, du travail et des solidarit\u00e9s du Var, pour proc\u00e9der \u00e0  \nl'ordonnancement secondaire des recettes et des d\u00e9penses de l'Etat relevant des attributions de sa  \ndirection, imput\u00e9es sur les programmes des budgets de l'Etat suivants :\nMission Administration g\u00e9n\u00e9rale et territoriale de l'\u00c9tat\nProgramme 216 : Conduite et pilotage des politiques de l'int\u00e9rieur (indemnisation aux propri\u00e9taires-  \nbailleurs), hors d\u00e9penses d'action sociale\nMission \u00c9galit\u00e9 des territoires et logement\nProgramme 177 : H\u00e9bergement, parcours vers le logement et insertion des personnes vuln\u00e9rables\nProgramme 135 : Urbanisme, territoires et am\u00e9lioration de l'habitat\nMission Immigration, asile et int\u00e9gration\nProgramme 303 : Immigration et asile\nProgramme 104 : Int\u00e9gration et acc\u00e8s \u00e0 la nationalit\u00e9 fran\u00e7aise\n                                                                                                                                                                                                                               2/7\nDirection d\u00e9partementale de l'emploi, du travail et des solidarit\u00e9s du Var - 83-2025-06-13-00004 - 2025-03 d\u00e9l signat ORDO SEC\nDDETS-CS-signature RAA 11\nMission Politique des territoires\nProgramme 147 : Politique de la ville  \nMission Sant\u00e9\nProgramme 183 : Protection maladie\nMission  Solidarit\u00e9, insertion et \u00e9galit\u00e9 des chances\nProgramme 304 : Inclusion sociale et protection des personnes\nProgramme 157 : Handicap et d\u00e9pendance\nProgramme 124 : Conduite et soutien des politiques sanitaires, sociales, du sport, de la jeunesse et de la \nvie associative, hors d\u00e9penses d'action sociale\nMission Lutte contre les discriminations (DILCRAH)\nProgramme 129 : Lutte contre le racisme, l'antis\u00e9mitisme et la haine anti-LGBT \nMission Travail et Emploi :\nProgramme 102 : Acc\u00e8s et retour \u00e0 l'emploi\nProgramme 103 : Accompagnement des mutations \u00e9conomiques et d\u00e9veloppement de l'emploi\nProgramme 111 : Am\u00e9lioration de la qualit\u00e9 de l'emploi et des relations du travail\nProgramme 155 :  Conception, gestion et \u00e9valuation des politiques de l'emploi et du travail\nArticle 4 : \nD\u00e9l\u00e9gation de signature est donn\u00e9e \u00e0 madame Amandine MARTIN, inspectrice hors classe de l'action  \nsanitaire  et  sociale,  cheffe  du  service  \u00ab Acc\u00e8s  au  logement \u00bb  pour  proc\u00e9der \u00e0 l'ordonnancement \nsecondaire des recettes et des d\u00e9penses de l'\u00c9tat relevant de  ses attributions, imput\u00e9es sur les \nprogrammes des budgets de l'\u00c9tat suivants :\nMission \u00c9galit\u00e9 des territoires et logement\nProgramme 135 : Urbanisme, territoires et am\u00e9lioration de l'habitat\nProgramme 177: H\u00e9bergement, parcours vers le logement et insertion des personnes vuln\u00e9rables\nMission Administration g\u00e9n\u00e9rale et territoriale de l'\u00c9tat\nProgramme 216 : conduite et pilotage des politiques de l'int\u00e9rieur (indemnisation aux propri\u00e9taires \nbailleurs)\nMission Solidarit\u00e9, insertion et \u00e9galit\u00e9 des chances\nProgramme 304 : Inclusion sociale et protection des personnes\nArticle 5 : \nD\u00e9l\u00e9gation de signature est donn\u00e9e \u00e0 madame Ang\u00e9lique FRITZ, attach\u00e9e principale d'administration,  \nadjointe \u00e0 la cheffe du service \u00ab  Acc\u00e8s au logement  \u00bb pour proc\u00e9der  \u00e0 l'ordonnancement secondaire \ndes recettes et des d\u00e9penses de l'\u00c9tat relevant de  ses attributions, imput\u00e9es sur les programmes des \nbudgets de l'\u00c9tat suivants :\nMission \u00c9galit\u00e9 des territoires et logement\nProgramme 135 : Urbanisme, territoires et am\u00e9lioration de l'habitat\nProgramme 177: H\u00e9bergement, parcours vers le logement et insertion des personnes vuln\u00e9rables\nMission Administration g\u00e9n\u00e9rale et territoriale de l'\u00c9tat\nProgramme 216 : conduite et pilotage des politiques de l'int\u00e9rieur (indemnisation aux propri\u00e9taires \nbailleurs)\nMission Solidarit\u00e9, insertion et \u00e9galit\u00e9 des chances\nProgramme 304 : Inclusion sociale et protection des personnes\n3/7\nDirection d\u00e9partementale de l'emploi, du travail et des solidarit\u00e9s du Var - 83-2025-06-13-00004 - 2025-03 d\u00e9l signat ORDO SEC\nDDETS-CS-signature RAA 12\nArticle     6     :   \nD\u00e9l\u00e9gation de signature est donn\u00e9e \u00e0 m adame Florence REYGROBELLET, attach\u00e9e  principale \nd'administration, responsable du d\u00e9partement \u00ab  Pr\u00e9vention des expulsions  locatives et contentieux\u00bb, \npour proc\u00e9der \u00e0 l'ordonnancement secondaire des recettes et des  d\u00e9penses de l'\u00c9tat relevant de ses \nattributions, imput\u00e9es sur les programmes des budgets de l'\u00c9tat suivants :\nMission \u00c9galit\u00e9 des territoires et logement\nProgramme 135 : Urbanisme, territoires et am\u00e9lioration de l'habitat\nProgramme 177 : H\u00e9bergement, parcours vers le logement et insertion des personnes vuln\u00e9rables\nMission Administration g\u00e9n\u00e9rale et territoriale de l'\u00c9tat\nProgramme 216 : Conduite et pilotage des politiques de l'int\u00e9rieur (indemnisation aux propri\u00e9taires \nbailleurs)\nMission Solidarit\u00e9, insertion et \u00e9galit\u00e9 des chances\nProgramme 304 : Inclusion sociale et protection des personnes\nArticle 7 : \nD\u00e9l\u00e9gation de signature est donn\u00e9e \u00e0 madame Ariane ROUQUETTE, attach\u00e9e principale d'administration, \nresponsable  du  d\u00e9partement  \u00ab  Insertion  par  le  logement  \u00bb,  pour  proc\u00e9der  \u00e0  l'ordonnancement \nsecondaire  des  recettes  et  des  d\u00e9penses  de  l'\u00c9tat  relevant  de  ses  attributions,  imput\u00e9es  sur  les \nprogrammes des budgets de l'\u00c9tat suivants :\nMission \u00c9galit\u00e9 des territoires et logement\nProgramme 135 : Urbanisme, territoires et am\u00e9lioration de l'habitat\nProgramme 177 : H\u00e9bergement, parcours vers le logement et insertion des personnes vuln\u00e9rables\nMission Solidarit\u00e9, insertion et \u00e9galit\u00e9 des chances\nProgramme 304 : Inclusion sociale et protection des personnes\nArticle 8 : \nD\u00e9l\u00e9gation de signature est donn\u00e9e \u00e0 madame Justine MASSIP , attach\u00e9e d'administration, responsable du \nd\u00e9partement \u00ab Insertion par le logement \u00bb, pour proc\u00e9der \u00e0 l'ordonnancement secondaire des recettes \net des d\u00e9penses de l'\u00c9tat relevant de ses attributions, imput\u00e9es sur les programmes des budgets de l'\u00c9tat \nsuivants :\nMission \u00c9galit\u00e9 des territoires et logement\nProgramme 135 : Urbanisme, territoires et am\u00e9lioration de l'habitat\nProgramme 177 : H\u00e9bergement, parcours vers le logement et insertion des personnes vuln\u00e9rables\nMission Solidarit\u00e9, insertion et \u00e9galit\u00e9 des chances\nProgramme 304 : Inclusion sociale et protection des personnes\nArticle     9     :   \nD\u00e9l\u00e9gation de signature est donn\u00e9e \u00e0 madame Emma IACIANCIO, inspectrice hors classe de l'action  \nsanitaire et sociale, cheffe du service \u00ab Acc\u00e8s \u00e0 l'autonomie des populations vuln\u00e9rables \u00bb, pour proc\u00e9der \n\u00e0 l'ordonnancement secondaire des recettes et des d\u00e9penses de l'\u00c9tat relevant de ses attributions,  \nimput\u00e9es sur les programmes des budgets de l'\u00c9tat suivants :\n                                                                                                                                                                                                                               4/7\nDirection d\u00e9partementale de l'emploi, du travail et des solidarit\u00e9s du Var - 83-2025-06-13-00004 - 2025-03 d\u00e9l signat ORDO SEC\nDDETS-CS-signature RAA 13\nMission \u00c9galit\u00e9 des territoires et logement\nProgramme 177 : H\u00e9bergement, parcours vers le logement et insertion des personnes vuln\u00e9rables\nMission Immigration, asile et int\u00e9gration\nProgramme 104 : Int\u00e9gration et acc\u00e8s \u00e0 la nationalit\u00e9 fran\u00e7aise Programme 303 : Immigration et asile\nMission Solidarit\u00e9, insertion et \u00e9galit\u00e9 des chances\nProgramme 157 : Handicap et d\u00e9pendance\nProgramme 304 : Inclusion sociale et protection des personnes\nMission Sant\u00e9\nProgramme 183 : Protection maladie\nArticle 10 : \nD\u00e9l\u00e9gation  de  signature  est  donn\u00e9e  \u00e0 m adame  Val\u00e9rie  LETOURNIANT,  attach\u00e9e  principale \nd'administration, adjointe \u00e0 la cheffe du service \u00ab  Acc\u00e8s \u00e0 l'autonomie des populations vuln\u00e9rables \u00bb, \npour proc\u00e9der \u00e0 l'ordonnancement secondaire des recettes et des d\u00e9penses de l'\u00c9tat relevant de ses \nattributions, imput\u00e9es sur les programmes des budgets de l'\u00c9tat suivants :\nMission \u00c9galit\u00e9 des territoires et logement\nProgramme 177 : H\u00e9bergement, parcours vers le logement et insertion des personnes vuln\u00e9rables\nMission Immigration, asile et int\u00e9gration\nProgramme 104 : Int\u00e9gration et acc\u00e8s \u00e0 la nationalit\u00e9 fran\u00e7aise Programme 303 : Immigration et asile\nMission Solidarit\u00e9, insertion et \u00e9galit\u00e9 des chances\nProgramme 157 : Handicap et d\u00e9pendance\nProgramme 304 : Inclusion sociale et protection des personnes\nMission Sant\u00e9\nProgramme 183 : Protection maladie\nArticle     11     :   \nD\u00e9l\u00e9gation de signature est donn\u00e9e \u00e0 m adame Marie-Laure ALVAREZ, attach\u00e9e  d'administration, \nresponsable du d\u00e9partement int\u00e9gration, pour proc\u00e9der \u00e0 l'ordonnancement secondaire des recettes  \net des d\u00e9penses de l'\u00c9tat relevant de ses  attributions, imput\u00e9es sur les programmes des budgets de \nl'\u00c9tat suivants :\nMission \u00c9galit\u00e9 des territoires et logement\nProgramme 177 : H\u00e9bergement, parcours vers le logement et insertion des personnes vuln\u00e9rables\nMission Immigration, asile et int\u00e9gration\nProgramme 104 : Int\u00e9gration et acc\u00e8s \u00e0 la nationalit\u00e9 fran\u00e7aise Programme 303 : Immigration et asile\nMission Solidarit\u00e9, insertion et \u00e9galit\u00e9 des chances\nProgramme 157 : Handicap et d\u00e9pendance\nProgramme 304 : Inclusion sociale et protection des personnes\nMission Sant\u00e9\nProgramme 183 : Protection maladie\nArticle 12 : \n5/7\nDirection d\u00e9partementale de l'emploi, du travail et des solidarit\u00e9s du Var - 83-2025-06-13-00004 - 2025-03 d\u00e9l signat ORDO SEC\nDDETS-CS-signature RAA 14\nD\u00e9l\u00e9gation de signature est donn\u00e9e \u00e0 madame Corinne CESARI, attach\u00e9e principale d'administration,  \nadjointe \u00e0 la cheffe du service \u00abAcc\u00e8s \u00e0 l'Emploi \u00bb, pour proc\u00e9der \u00e0 l'ordonnancement secondaire des  \nrecettes et des d\u00e9penses de l'\u00c9tat relevant de ses attributions, imput\u00e9es sur les programmes des budgets \nde l'\u00c9tat suivants :\nMission Politique des territoires\nProgramme 147 : Politique de la ville\nMission Travail et Emploi\nProgramme 102 : Acc\u00e8s et retour \u00e0 l'emploi\nArticle 13 : \nD\u00e9l\u00e9gation de signature est donn\u00e9e \u00e0 madame Sylvie GERMI, attach\u00e9e d'administration, responsable  \ndu d\u00e9partement \u00ab\u00c9galit\u00e9 des chances\u00bb, pour proc\u00e9der \u00e0 l'ordonnancement secondaire des recettes et  \ndes d\u00e9penses de l'\u00c9tat relevant de ses attributions, imput\u00e9es sur les programmes des budgets de l'\u00c9tat \nsuivants :\nMission Politique des territoires\nProgramme 147 : Politique de la ville\nMission Travail et Emploi\nProgramme 102 : Acc\u00e8s et retour \u00e0 l'emploi\nArticle 14 : \nD\u00e9l\u00e9gation de signature est donn\u00e9e \u00e0 madame Fatiha PERROT, attach\u00e9e d'administration, responsable du \nd\u00e9partement \u00abMesures en faveur des publics \u00e9loign\u00e9s de l'emploi\u00bb, pour proc\u00e9der \u00e0 l'ordonnancement \nsecondaire  des  recettes  et  des  d\u00e9penses  de  l'\u00c9tat  relevant  de  ses  attributions,  imput\u00e9es  sur  les \nprogrammes des budgets de l'\u00c9tat suivants :\nMission Politique des territoires\nProgramme 147 : Politique de la ville\nMission Travail et Emploi\nProgramme 102 : Acc\u00e8s et retour \u00e0 l'emploi\nArticle 15 : \nD\u00e9l\u00e9gation de signature est donn\u00e9e \u00e0 madame Severine LARDERET, attach\u00e9e principale d'administration, \ncheffe du service \u00abAccompagnement des entreprises et d\u00e9veloppement des territoires\u00bb,pour proc\u00e9der \u00e0 \nl'ordonnancement  secondaire  des  recettes  et  des  d\u00e9penses  de  l'\u00c9tat  relevant  de  ses  attributions, \nimput\u00e9es sur les programmes des budgets de l'\u00c9tat suivants :\nMission Travail et Emploi\nProgramme 103 : Accompagnement des mutations \u00e9conomiques et d\u00e9veloppement de l'emploi\nArticle     16     :   \nD\u00e9l\u00e9gation de signature est donn\u00e9e \u00e0 m adame Coralie PHILIP-MONGE attach\u00e9e  d'administration, \nadjointe \u00e0 la cheffe du service \u00abAccompagnement des entreprises et d\u00e9veloppement  des territoires\u00bb, \npour proc\u00e9der \u00e0 l'ordonnancement secondaire des recettes et des d\u00e9penses de l'\u00c9tat relevant de ses  \nattributions, imput\u00e9es sur les programmes des budgets de l'\u00c9tat suivants :\nMission Travail et Emploi\n                                                                                                                                                                                                                               6/7\nDirection d\u00e9partementale de l'emploi, du travail et des solidarit\u00e9s du Var - 83-2025-06-13-00004 - 2025-03 d\u00e9l signat ORDO SEC\nDDETS-CS-signature RAA 15\nProgramme 103 : Accompagnement des mutations \u00e9conomiques et d\u00e9veloppement de l'emploi\nArticle 17 : \nD\u00e9l\u00e9gation de signature est donn\u00e9e \u00e0 monsieur Emmanuel JOLY, directeur du travail, chef du service  \n\u00abAppui  et  relations  du  travail\u00bb,pour  proc\u00e9der  \u00e0  l'ordonnancement  secondaire  des  recettes  et  des \nd\u00e9penses de l'\u00c9tat relevant de ses attributions, imput\u00e9es sur les programmes des budgets de l'\u00c9tat  \nsuivants :\nMission Travail et Emploi\nProgramme 111 : Am\u00e9lioration de la qualit\u00e9 de l'emploi et des relations du travail  Programme 155: \nConception, gestion et \u00e9valuation des politiques de l'emploi et du travail\nArticle 18     :   \nD\u00e9l\u00e9gation de signature est donn\u00e9e \u00e0 madame St\u00e9phanie DESEEZ, inspectrice hors classe de l'action  \nsanitaire  et  sociale,  cheffe  de  la  mission  \u00ab  appui  aux  politiques  publiques  \u00bb,  pour  proc\u00e9der  \u00e0 \nl'ordonnancement  secondaire  des  recettes  et  des  d\u00e9penses  de  l'\u00c9tat  relevant  de  ses  attributions, \nimput\u00e9es sur les programmes des budgets de l'\u00c9tat suivants :\nMission Lutte contre les discriminations (DILCRAH)\nProgramme 129 : Lutte contre le racisme, l'antis\u00e9mitisme et la haine anti-LGBT\nMission Solidarit\u00e9, insertion et \u00e9galit\u00e9 des chances\nProgramme 304 : Inclusion sociale et protection des personnes\nArticle   19     :   \nLa directrice d\u00e9partementale de l'emploi, du travail et des solidarit\u00e9s du Var est charg\u00e9e de l'ex\u00e9cution \ndu pr\u00e9sent arr\u00eat\u00e9 qui sera publi\u00e9 au recueil des actes administratifs de la pr\u00e9fecture du Var et dont  \ncopie sera adress\u00e9e au directeur d\u00e9partemental des finances publiques du Var et au directeur r\u00e9gional  \ndes finances publiques des Bouches-du-Rh\u00f4ne.\nFait \u00e0 Toulon, le 13 juin 2025\nLa directrice d\u00e9partementale \nde l'emploi, du travail et \net des solidarit\u00e9s du Var\nSign\u00e9 : Sandrine POLYCHRONOPOULOS\n7/7\nDirection d\u00e9partementale de l'emploi, du travail et des solidarit\u00e9s du Var - 83-2025-06-13-00004 - 2025-03 d\u00e9l signat ORDO SEC\nDDETS-CS-signature RAA 16\nDirection d\u00e9partementale de l'emploi, du travail\net des solidarit\u00e9s du Var\n83-2025-06-04-00015\n390-2025-arrete d'agr\u00e9ment ACCOMADOM\n-FICAJA PASCAL du 040625\nDirection d\u00e9partementale de l'emploi, du travail et des solidarit\u00e9s du Var - 83-2025-06-04-00015 - 390-2025-arrete d'agr\u00e9ment\nACCOMADOM -FICAJA PASCAL du 040625 17\nET i4Libert\u00e9 + \u00c9galit\u00e9 * Fraternit\u00e9R\u00c9PUBLIQUE FRAN\u00c7AISE\nArr\u00eat\u00e9 portant agr\u00e9ment\nd'un organisme de services \u00e0 la personne\nN\u00b0 SAP943752923\nN\u00b0 SIREN 943752923\nVu le code du travail, notamment ses articles L. 7232-1, R. 7232-1 \u00e0 R. 7232-10, D. 7231-1, D.7231-2 et \nD.7233-1;\nVu le cahier des charges pr\u00e9vu \u00e0 l'article R. 7232-6 du code du travail ;\nVu  la  demande  d'agr\u00e9ment  pr\u00e9sent\u00e9e  le  21/05/2025,  par  M. FICAJA Pascal en  qualit\u00e9  de  \ndirigeant(e), \n \nLe pr\u00e9fet  du Var\nArr\u00eate :\nArticle 1  er  \nL'agr\u00e9ment  de  l'organisme  SAP943752923,  dont  l'\u00e9tablissement  principal  est  situ\u00e9  3  AVENUE \nMAGELLAN  83120  SAINTE-MAXIME  est  accord\u00e9  pour  une  dur\u00e9e  de  cinq  ans  \u00e0  compter  du \n21/05/2025. La demande de renouvellement devra \u00eatre d\u00e9pos\u00e9e dans les conditions fix\u00e9es par  \nl'article R.7232-8 et, au plus tard, trois mois avant la fin de cet agr\u00e9ment.\nArticle 2\nCet  agr\u00e9ment  couvre  les  activit\u00e9s  selon  le  mode  d'intervention  indiqu\u00e9  et  les  d\u00e9partements \nsuivants :\n \u2022   Assistance aux personnes \u00e2g\u00e9es (mandataire et/ou mise \u00e0 disposition) (mode \nd'intervention Mandataire) - (83) \n \u2022   Assistance aux personnes handicap\u00e9es (mandataire et/ou mise \u00e0 disposition) (mode \nd'intervention Mandataire) - (83) \n \u2022   Conduite de v\u00e9hicule des PA/PH (mandataire et/ou mise \u00e0 disposition) (mode \nd'intervention Mandataire) - (83) \n \u2022   Accompagnement des PA/PH dans leurs d\u00e9placements (mandataire et/ou mise \u00e0 \ndisposition) (mode d'intervention Mandataire) - (83) \nArticle 3\nSi l'organisme envisage de fournir des activit\u00e9s autres que celles pour lesquelles il est agr\u00e9\u00e9 ou  \nd'exercer  ses  activit\u00e9s  dans  un  d\u00e9partement  autre  que  celui  pour  lequel  il  est  agr\u00e9\u00e9,  il  devra \nsolliciter une modification pr\u00e9alable de son agr\u00e9ment.\nSi l'organisme propose des activit\u00e9s de garde ou d'accompagnement d'enfants de moins de 3 ans  \nou de moins de 18 ans handicap\u00e9s, il devra solliciter une modification pr\u00e9alable de son agr\u00e9ment en \ncas de changement de mode d'intervention.\nL'ouverture  d'un  nouvel  \u00e9tablissement  dans  un  d\u00e9partement  pour  lequel  il  est  agr\u00e9\u00e9  devra \n\u00e9galement faire l'objet d'une information pr\u00e9alable aupr\u00e8s du service instructeur.\nArticle 4\nLe pr\u00e9sent agr\u00e9ment pourra \u00eatre retir\u00e9 si l'organisme agr\u00e9\u00e9 : \n-  cesse de remplir les conditions ou de respecter les obligations mentionn\u00e9es aux articles  \nDirection d\u00e9partementale de l'emploi, du travail et des solidarit\u00e9s du Var - 83-2025-06-04-00015 - 390-2025-arrete d'agr\u00e9ment\nACCOMADOM -FICAJA PASCAL du 040625 18\nR.7232-4 \u00e0 R.7232-9 du code du travail.\n-  ne respecte pas les dispositions l\u00e9gales relatives \u00e0 la sant\u00e9 et \u00e0 la s\u00e9curit\u00e9 au travail,\n-  exerce d'autres activit\u00e9s que celles mentionn\u00e9es dans le pr\u00e9sent arr\u00eat\u00e9,\n-  ne transmet pas au pr\u00e9fet comp\u00e9tent les statistiques mentionn\u00e9es \u00e0 l'article R.7232-9 du  \ncode du travail.\nArticle 5\nCet agr\u00e9ment n'ouvre pas droit aux avantages fiscaux et sociaux fix\u00e9s par l'article L.7233-2 du code  \ndu travail et L.241-10 du code de la s\u00e9curit\u00e9 sociale. Conform\u00e9ment \u00e0 l'article L.7232-1-1 du code du  \ntravail,  pour  ouvrir  droit  \u00e0  ces  dispositions,  l'organisme  doit  se  d\u00e9clarer  et  n'exercer  que  les \nactivit\u00e9s  d\u00e9clar\u00e9es,  \u00e0  l'exclusion  de  toute  autre  (ou  tenir  une  comptabilit\u00e9  s\u00e9par\u00e9e  pour  les \norganismes dispens\u00e9s de cette condition par l'article L. 7232-1-2).\nArticle 6\nLe pr\u00e9sent arr\u00eat\u00e9 sera publi\u00e9 au recueil des actes administratifs de la pr\u00e9fecture.\nIl peut, dans les deux mois \u00e0 compter de sa notification, faire l'objet d'un recours gracieux aupr\u00e8s  \ndu  service  instructeur  du  Var  ou  d'un  recours  hi\u00e9rarchique  adress\u00e9  au  ministre  charg\u00e9  de \nl'\u00e9conomie  -  direction  g\u00e9n\u00e9rale  des  entreprises  -  sous-direction  des  services  marchands,  61 \nBoulevard Vincent Auriol, 75703 PARIS CEDEX 13.\nIl peut \u00e9galement faire l'objet d'un recours contentieux aupr\u00e8s du tribunal administratif de Toulon  \ndans un d\u00e9lai de deux mois \u00e0 compter de sa notification.\nLe tribunal administratif peut aussi \u00eatre saisi par l'application informatique \u00ab T\u00e9l\u00e9recours citoyen \u00bb  \naccessible sur le site internet http://www.telerecours.fr/\nEn cas de rejet du recours gracieux ou hi\u00e9rarchique ou en l'absence de r\u00e9ponse \u00e0 ce recours (rejet  \nimplicite),  un  recours  contentieux  devant  le  tribunal  administratif  peut  \u00e9galement  \u00eatre  form\u00e9 \ncontre la d\u00e9cision initiale dans un d\u00e9lai de deux mois \u00e0 compter de ce rejet.\nPour le Pr\u00e9fet et par d\u00e9l\u00e9gation\nPour le Directeur d\u00e9partemental \nde l'emploi, du travail et des \nsolidarit\u00e9s du Var \nLa cheffe du service \naccompagnement \ndes entreprises et d\u00e9veloppement \ndes territoires\nSign\u00e9 : S\u00e9verine LARDERET\nFait \u00e0 CS 31209 - 83070 TOULON \nCedex, le 04/06/2025\nDDETS du Var\n \nDirection d\u00e9partementale de l'emploi, du travail et des solidarit\u00e9s du Var - 83-2025-06-04-00015 - 390-2025-arrete d'agr\u00e9ment\nACCOMADOM -FICAJA PASCAL du 040625 19\nDirection d\u00e9partementale de l'emploi, du travail\net des solidarit\u00e9s du Var\n83-2025-06-04-00016\n392-2025-recepisse declaration modificative\nACCOMADOM du 04062025\nDirection d\u00e9partementale de l'emploi, du travail et des solidarit\u00e9s du Var - 83-2025-06-04-00016 - 392-2025-recepisse declaration\nmodificative ACCOMADOM du 04062025 20\nPF4Libert\u00e9 + \u00c9galit\u00e9 + Fraternit\u00e9R\u00c9PUBLIQUE FRAN\u00c7AISE\nR\u00e9c\u00e9piss\u00e9 de d\u00e9claration modificative\nd'un organisme de services \u00e0 la personne\nenregistr\u00e9 sous le N\u00b0 SAP943752923\nVu le code du travail et notamment les articles L.7231-1 \u00e0 L.7233-2, R.7232-16 \u00e0 R.7232-22, D.7231-1 et \nD.7233-1 \u00e0 D.7233-5 ; \nVu la demande de d\u00e9claration d\u00e9pos\u00e9e par l'organisme , 3 AVENUE MAGELLAN 83120 SAINTE-\nMAXIME, le 21/05/25 ;\nLe pr\u00e9fet du Var\nConstate : \nQu'une d\u00e9claration modificative d'activit\u00e9s de services \u00e0 la personne a \u00e9t\u00e9 d\u00e9pos\u00e9e aupr\u00e8s du service \ninstructeur du Var, le 21/05/25 par M. FICAJA Pascal en qualit\u00e9 de dirigeant(e), pour l'organisme  dont  \nl'\u00e9tablissement principal est situ\u00e9 3 AVENUE MAGELLAN 83120 SAINTE-MAXIME et enregistr\u00e9 sous le  \nN\u00b0 SAP943752923 pour les activit\u00e9s suivantes :\n \u2022   Assistance aux personnes \u00e2g\u00e9es (mandataire et/ou mise \u00e0 disposition) (mode d'intervention \nMandataire) - (83) \n \u2022   Assistance aux personnes handicap\u00e9es (mandataire et/ou mise \u00e0 disposition) (mode d'intervention \nMandataire) - (83) \n \u2022   Conduite de v\u00e9hicule des PA/PH (mandataire et/ou mise \u00e0 disposition) (mode d'intervention \nMandataire) - (83) \n \u2022   Accompagnement des PA/PH dans leurs d\u00e9placements (mandataire et/ou mise \u00e0 disposition) \n(mode d'intervention Mandataire) - (83) \n  \u2022   Entretien de la maison et travaux m\u00e9nagers (mode d'intervention Mandataire)\n  \u2022   Pr\u00e9paration de repas \u00e0 domicile (mode d'intervention Mandataire)\n  \u2022   Assistance administrative \u00e0 domicile (mode d'intervention Mandataire)\n  \u2022   Conduite du v\u00e9hicule des personnes en cas d'invalidit\u00e9 temporaire (mode d'intervention \nMandataire)\n  \u2022   Accompagnement des personnes pr\u00e9sentant une invalidit\u00e9 temporaire (mode d'intervention \nMandataire)\n  \u2022   Assistance aux personnes ayant besoin d'une aide temporaire \u00e0 leur domicile (mode \nd'intervention Mandataire)\n  \u2022   Coordination et d\u00e9livrance des SAP (mode d'intervention Mandataire)\nToute  modification  concernant  les  activit\u00e9s  exerc\u00e9es  devra  faire  l'objet  d'une  d\u00e9claration \nmodificative pr\u00e9alable.\nSous r\u00e9serve d'\u00eatre exerc\u00e9es \u00e0 titre exclusif (ou sous r\u00e9serve d'une comptabilit\u00e9 s\u00e9par\u00e9e pour les  \npersonnes  morales  dispens\u00e9es  de  cette  condition),  ces  activit\u00e9s  ouvrent  droit  au  b\u00e9n\u00e9fice  des \ndispositions des articles L. 7233-2 du code du travail et L.241-10 du code de la s\u00e9curit\u00e9 sociale dans  \nles conditions pr\u00e9vues par ces articles.\nLes effets de la d\u00e9claration courent \u00e0 compter du jour du d\u00e9p\u00f4t de la d\u00e9claration sous r\u00e9serve des  \ndispositions de l'article R.7232-18 du code du travail. Le pr\u00e9sent r\u00e9c\u00e9piss\u00e9 n'est pas limit\u00e9 dans le  \ntemps. La d\u00e9claration a une port\u00e9e nationale.\nL'enregistrement de la d\u00e9claration peut \u00eatre retir\u00e9 dans les conditions fix\u00e9es aux articles R.7232-\n20 \u00e0 R.7232-22 du code du travail.\nLe pr\u00e9sent r\u00e9c\u00e9piss\u00e9 sera publi\u00e9 au recueil des actes administratifs de la pr\u00e9fecture.\nLe pr\u00e9sent r\u00e9c\u00e9piss\u00e9 peut, \u00e0 compter de sa notification, faire l'objet d'un recours gracieux aupr\u00e8s  \nservice instructeur du Var ou d'un recours hi\u00e9rarchique adress\u00e9 au ministre charg\u00e9 de l'\u00e9conomie -  \nDirection g\u00e9n\u00e9rale des entreprises \u2013 sous-direction des services marchands, 61 Boulevard Vincent  \nAuriol, 75703 PARIS CEDEX 13.\nDirection d\u00e9partementale de l'emploi, du travail et des solidarit\u00e9s du Var - 83-2025-06-04-00016 - 392-2025-recepisse declaration\nmodificative ACCOMADOM du 04062025 21\nIl peut \u00e9galement faire l'objet d'un recours contentieux dans un d\u00e9lai de deux mois \u00e0 compter de sa  \nnotification aupr\u00e8s du tribunal administratif de Toulon.\nLe tribunal administratif peut aussi \u00eatre saisi par l'application informatique \u00ab T\u00e9l\u00e9recours citoyen \u00bb  \naccessible sur le site internet  http://www.telerecours.fr/\nEn cas de rejet du recours gracieux ou hi\u00e9rarchique ou en l'absence de r\u00e9ponse \u00e0 ce recours (rejet  \nimplicite), un recours contentieux devant le tribunal administratif de Toulon peut \u00e9galement \u00eatre  \nform\u00e9 contre la d\u00e9cision initiale dans un d\u00e9lai de deux mois \u00e0 compter de ce rejet. \nPour le Pr\u00e9fet et par d\u00e9l\u00e9gation\nPour le Directeur d\u00e9partemental \nde l'emploi, du travail et des solidarit\u00e9s du Var \nLa cheffe du service accompagnement \ndes entreprises et d\u00e9veloppement des territoires\nSign\u00e9 : S\u00e9verine LARDERET\nFait \u00e0 CS 31209 - 83070 TOULON Cedex, le \n04/06/2025\nDDETS du Var\n \nDirection d\u00e9partementale de l'emploi, du travail et des solidarit\u00e9s du Var - 83-2025-06-04-00016 - 392-2025-recepisse declaration\nmodificative ACCOMADOM du 04062025 22\nDirection d\u00e9partementale de l'emploi, du travail\net des solidarit\u00e9s du Var\n83-2025-06-05-00009\n399-2025-recepisse declaration CHAUBARD\nPHILOMENE du 05062025\nDirection d\u00e9partementale de l'emploi, du travail et des solidarit\u00e9s du Var - 83-2025-06-05-00009 - 399-2025-recepisse declaration\nCHAUBARD PHILOMENE du 05062025 23\nPF4Libert\u00e9 + \u00c9galit\u00e9 + Fraternit\u00e9R\u00c9PUBLIQUE FRAN\u00c7AISE\nR\u00e9c\u00e9piss\u00e9 de d\u00e9claration\nd'un organisme de services \u00e0 la personne\nenregistr\u00e9 sous le N\u00b0 SAP944188291\nVu le code du travail et notamment les articles L.7231-1 \u00e0 L.7233-2, R.7232-16 \u00e0 R.7232-22, D.7231-1 et \nD.7233-1 \u00e0 D.7233-5 ; \nVu la demande de d\u00e9claration d\u00e9pos\u00e9e par l'organisme Philom\u00e8ne CHAUBARD, R\u00e9sidence Rive Parc \nB1 -45 QUAI RIVIERE NEUVE 83200 TOULON, le 03/06/25 ;\nLe pr\u00e9fet du Var\nConstate : \nQu'une d\u00e9claration d'activit\u00e9s de services \u00e0 la personne a \u00e9t\u00e9 d\u00e9pos\u00e9e aupr\u00e8s du service instructeur  \ndu Var, le 03/06/25 par Mme. CHAUBARD Philom\u00e8ne en qualit\u00e9 de dirigeant(e), pour l'organisme  \nPhilom\u00e8ne CHAUBARD dont l'\u00e9tablissement principal est situ\u00e9 R\u00e9sidence Rive Parc B1- 45 QUAI  \nRIVIERE NEUVE 83200 TOULON et enregistr\u00e9 sous le N\u00b0 SAP944188291 pour les activit\u00e9s suivantes :\n  \u2022   Garde d'enfants de plus de 3 ans \u00e0 domicile (mode d'intervention Prestataire)\n  \u2022   Entretien de la maison et travaux m\u00e9nagers (mode d'intervention Prestataire)\n  \u2022   Pr\u00e9paration de repas \u00e0 domicile (mode d'intervention Prestataire)\n  \u2022   Maintenance, entretien et vigilance temporaires \u00e0 domicile (mode d'intervention Prestataire)\n  \u2022   Assistance administrative \u00e0 domicile (mode d'intervention Prestataire)\n  \u2022   Soins et promenade(s) d'animaux pour personnes d\u00e9pendantes (mode d'intervention Prestataire)\n  \u2022   Assistance aux personnes ayant besoin d'une aide temporaire \u00e0 leur domicile (mode \nd'intervention Prestataire)\nToute  modification  concernant  les  activit\u00e9s  exerc\u00e9es  devra  faire  l'objet  d'une  d\u00e9claration \nmodificative pr\u00e9alable.\nSous r\u00e9serve d'\u00eatre exerc\u00e9es \u00e0 titre exclusif (ou sous r\u00e9serve d'une comptabilit\u00e9 s\u00e9par\u00e9e pour les  \npersonnes  morales  dispens\u00e9es  de  cette  condition),  ces  activit\u00e9s  ouvrent  droit  au  b\u00e9n\u00e9fice  des \ndispositions des articles L. 7233-2 du code du travail et L.241-10 du code de la s\u00e9curit\u00e9 sociale dans  \nles conditions pr\u00e9vues par ces articles. Les effets de la d\u00e9claration courent \u00e0 compter du jour du  \nd\u00e9p\u00f4t de la d\u00e9claration sous r\u00e9serve des dispositions de l'article R.7232-18 du code du travail. Le  \npr\u00e9sent r\u00e9c\u00e9piss\u00e9 n'est pas limit\u00e9 dans le temps. La d\u00e9claration a une port\u00e9e nationale.\nL'enregistrement de la d\u00e9claration peut \u00eatre retir\u00e9 dans les conditions fix\u00e9es aux articles R.7232-\n20  \u00e0  R.7232-22  du  code  du  travail.  Le  pr\u00e9sent  r\u00e9c\u00e9piss\u00e9  sera  publi\u00e9  au  recueil  des  actes \nadministratifs de la pr\u00e9fecture.  Le pr\u00e9sent r\u00e9c\u00e9piss\u00e9 peut, \u00e0 compter de sa notification, faire  \nl'objet d'un recours gracieux aupr\u00e8s service instructeur  du Var  ou d'un recours hi\u00e9rarchique  \nadress\u00e9 au ministre charg\u00e9 de l'\u00e9conomie - Direction g\u00e9n\u00e9rale des entreprises \u2013 sous-direction  \ndes services marchands, 61 Boulevard Vincent Auriol, 75703 PARIS CEDEX 13. Il peut \u00e9galement \nfaire l'objet d'un recours contentieux dans un d\u00e9lai de deux mois \u00e0 compter de sa notification  \naupr\u00e8s du tribunal administratif de Toulon. Le tribunal administratif peut aussi \u00eatre saisi par  \nl'application  informatique  \u00ab  T\u00e9l\u00e9recours  citoyen  \u00bb  accessible  sur  le  site  internet   \nhttp://www.telerecours.fr/  .   En cas de rejet du recours gracieux ou hi\u00e9rarchique ou en l'absence  \nde r\u00e9ponse \u00e0 ce recours (rejet implicite), un recours contentieux devant le tribunal administratif  \nde Toulon peut \u00e9galement \u00eatre form\u00e9 contre la d\u00e9cision initiale dans un d\u00e9lai de deux mois \u00e0  \ncompter de ce rejet. \nPour le Pr\u00e9fet et par d\u00e9l\u00e9gation\nPour le Directeur d\u00e9partemental \nde l'emploi, du travail et des solidarit\u00e9s du Var \nLa cheffe du service accompagnement \ndes entreprises et d\u00e9veloppement des territoires\nSign\u00e9 : S\u00e9verine LARDERET\nFait \u00e0 CS 31209 - 83070 TOULON Cedex, le \n05/06/2025\nDirection d\u00e9partementale de l'emploi, du travail et des solidarit\u00e9s du Var - 83-2025-06-05-00009 - 399-2025-recepisse declaration\nCHAUBARD PHILOMENE du 05062025 24\nDirection d\u00e9partementale de l'emploi, du travail\net des solidarit\u00e9s du Var\n83-2025-06-06-00007\n401-2025-recepisse declaration SANCHEZ\nLAURENCE du 06062025\nDirection d\u00e9partementale de l'emploi, du travail et des solidarit\u00e9s du Var - 83-2025-06-06-00007 - 401-2025-recepisse declaration\nSANCHEZ LAURENCE du 06062025 25\nPF4Libert\u00e9 + \u00c9galit\u00e9 + Fraternit\u00e9R\u00c9PUBLIQUE FRAN\u00c7AISE\nR\u00e9c\u00e9piss\u00e9 de d\u00e9claration\nd'un organisme de services \u00e0 la personne\nenregistr\u00e9 sous le N\u00b0 SAP882848708\nVu le code du travail et notamment les articles L.7231-1 \u00e0 L.7233-2, R.7232-16 \u00e0 R.7232-22, D.7231-1 et \nD.7233-1 \u00e0 D.7233-5 ; \nVu la demande de d\u00e9claration d\u00e9pos\u00e9e par l'organisme IDEAL NETTOYAGE, Lot Reynard - 9 \nIMPASSE DES BLEUETS 83480 PUGET-SUR-ARGENS, le 03/06/25 ;\nLe pr\u00e9fet du Var\nConstate : \nQu'une d\u00e9claration d'activit\u00e9s de services \u00e0 la personne a \u00e9t\u00e9 d\u00e9pos\u00e9e aupr\u00e8s du service instructeur  \ndu Var, le 03/06/25 par Mme. FRANZINI LAURENCE en qualit\u00e9 de dirigeant(e), pour l'organisme  \nIDEAL NETTOYAGE dont l'\u00e9tablissement principal est situ\u00e9 Lot Reynard - 9 IMPASSE DES BLEUETS  \n83480 PUGET-SUR-ARGENS et enregistr\u00e9 sous le N\u00b0 SAP882848708 pour les activit\u00e9s suivantes :\n  \u2022   Entretien de la maison et travaux m\u00e9nagers (mode d'intervention Prestataire)\nToute  modification  concernant  les  activit\u00e9s  exerc\u00e9es  devra  faire  l'objet  d'une  d\u00e9claration \nmodificative pr\u00e9alable.\nSous r\u00e9serve d'\u00eatre exerc\u00e9es \u00e0 titre exclusif (ou sous r\u00e9serve d'une comptabilit\u00e9 s\u00e9par\u00e9e pour les  \npersonnes  morales  dispens\u00e9es  de  cette  condition),  ces  activit\u00e9s  ouvrent  droit  au  b\u00e9n\u00e9fice  des \ndispositions des articles L. 7233-2 du code du travail et L.241-10 du code de la s\u00e9curit\u00e9 sociale dans  \nles conditions pr\u00e9vues par ces articles.\nLes effets de la d\u00e9claration courent \u00e0 compter du jour du d\u00e9p\u00f4t de la d\u00e9claration sous r\u00e9serve des  \ndispositions de l'article R.7232-18 du code du travail. Le pr\u00e9sent r\u00e9c\u00e9piss\u00e9 n'est pas limit\u00e9 dans le  \ntemps. La d\u00e9claration a une port\u00e9e nationale.\nL'enregistrement de la d\u00e9claration peut \u00eatre retir\u00e9 dans les conditions fix\u00e9es aux articles R.7232-\n20  \u00e0  R.7232-22  du  code  du  travail.  Le  pr\u00e9sent  r\u00e9c\u00e9piss\u00e9  sera  publi\u00e9  au  recueil  des  actes \nadministratifs de la pr\u00e9fecture.\nLe pr\u00e9sent r\u00e9c\u00e9piss\u00e9 peut, \u00e0 compter de sa notification, faire l'objet d'un recours gracieux aupr\u00e8s  \nservice instructeur du Var ou d'un recours hi\u00e9rarchique adress\u00e9 au ministre charg\u00e9 de l'\u00e9conomie -  \nDirection g\u00e9n\u00e9rale des entreprises \u2013 sous-direction des services marchands, 61 Boulevard Vincent  \nAuriol, 75703 PARIS CEDEX 13.\nIl peut \u00e9galement faire l'objet d'un recours contentieux dans un d\u00e9lai de deux mois \u00e0 compter de sa  \nnotification aupr\u00e8s du tribunal administratif de Toulon.\nLe tribunal administratif peut aussi \u00eatre saisi par l'application informatique \u00ab T\u00e9l\u00e9recours citoyen \u00bb  \naccessible sur le site internet  http://www.telerecours.fr/\nEn cas de rejet du recours gracieux ou hi\u00e9rarchique ou en l'absence de r\u00e9ponse \u00e0 ce recours (rejet  \nimplicite), un recours contentieux devant le tribunal administratif de Toulon peut \u00e9galement \u00eatre  \nform\u00e9 contre la d\u00e9cision initiale dans un d\u00e9lai de deux mois \u00e0 compter de ce rejet. \nPour le Pr\u00e9fet et par d\u00e9l\u00e9gation\nPour le Directeur d\u00e9partemental \nde l'emploi, du travail et des solidarit\u00e9s du Var \nLa cheffe du service accompagnement \ndes entreprises et d\u00e9veloppement des territoires\nSign\u00e9 : S\u00e9verine LARDERET\nFait \u00e0 CS 31209 - 83070 TOULON Cedex, le \n06/06/2025 DDETS du Var\nDirection d\u00e9partementale de l'emploi, du travail et des solidarit\u00e9s du Var - 83-2025-06-06-00007 - 401-2025-recepisse declaration\nSANCHEZ LAURENCE du 06062025 26\nDirection d\u00e9partementale de l'emploi, du travail\net des solidarit\u00e9s du Var\n83-2025-06-06-00008\n402-2025-recepisse declaration ETOILE\nPROPRETE-THERVAIS SOPHIE du 060625\nDirection d\u00e9partementale de l'emploi, du travail et des solidarit\u00e9s du Var - 83-2025-06-06-00008 - 402-2025-recepisse declaration\nETOILE PROPRETE-THERVAIS SOPHIE du 060625 27\nPF4Libert\u00e9 + \u00c9galit\u00e9 + Fraternit\u00e9R\u00c9PUBLIQUE FRAN\u00c7AISE\nR\u00e9c\u00e9piss\u00e9 de d\u00e9claration\nd'un organisme de services \u00e0 la personne\nenregistr\u00e9 sous le N\u00b0 SAP450743752\nVu le code du travail et notamment les articles L.7231-1 \u00e0 L.7233-2, R.7232-16 \u00e0 R.7232-22, D.7231-1 et \nD.7233-1 \u00e0 D.7233-5 ; \nVu la demande de d\u00e9claration d\u00e9pos\u00e9e par l'organisme Etoile de propret\u00e9, 58 AVENUE JEAN \nMOULIN 83310 COGOLIN, le 05/05/25 ;\nLe pr\u00e9fet du Var\nConstate : \nQu'une d\u00e9claration d'activit\u00e9s de services \u00e0 la personne a \u00e9t\u00e9 d\u00e9pos\u00e9e aupr\u00e8s du service instructeur  \ndu Var, le 05/05/25 par Mme. THERVAIS Sophie en qualit\u00e9 de dirigeant(e), pour l'organisme Etoilede  \npropret\u00e9 dont l'\u00e9tablissement principal est situ\u00e9 58 AVENUE JEAN MOULIN 83310 COGOLIN et  \nenregistr\u00e9 sous le N\u00b0 SAP450743752 pour les activit\u00e9s suivantes :\n  \u2022   Entretien de la maison et travaux m\u00e9nagers (mode d'intervention Prestataire)\n  \u2022   Collecte et livraison \u00e0 domicile de linge repass\u00e9 (mode d'intervention Prestataire)\nToute  modification  concernant  les  activit\u00e9s  exerc\u00e9es  devra  faire  l'objet  d'une  d\u00e9claration \nmodificative pr\u00e9alable.\nSous r\u00e9serve d'\u00eatre exerc\u00e9es \u00e0 titre exclusif (ou sous r\u00e9serve d'une comptabilit\u00e9 s\u00e9par\u00e9e pour les  \npersonnes  morales  dispens\u00e9es  de  cette  condition),  ces  activit\u00e9s  ouvrent  droit  au  b\u00e9n\u00e9fice  des \ndispositions des articles L. 7233-2 du code du travail et L.241-10 du code de la s\u00e9curit\u00e9 sociale dans  \nles conditions pr\u00e9vues par ces articles.\nLes effets de la d\u00e9claration courent \u00e0 compter du jour du d\u00e9p\u00f4t de la d\u00e9claration sous r\u00e9serve des  \ndispositions de l'article R.7232-18 du code du travail. Le pr\u00e9sent r\u00e9c\u00e9piss\u00e9 n'est pas limit\u00e9 dans le  \ntemps. La d\u00e9claration a une port\u00e9e nationale.\nL'enregistrement de la d\u00e9claration peut \u00eatre retir\u00e9 dans les conditions fix\u00e9es aux articles R.7232-\n20  \u00e0  R.7232-22  du  code  du  travail.  Le  pr\u00e9sent  r\u00e9c\u00e9piss\u00e9  sera  publi\u00e9  au  recueil  des  actes \nadministratifs de la pr\u00e9fecture.\nLe pr\u00e9sent r\u00e9c\u00e9piss\u00e9 peut, \u00e0 compter de sa notification, faire l'objet d'un recours gracieux aupr\u00e8s  \nservice instructeur du Var ou d'un recours hi\u00e9rarchique adress\u00e9 au ministre charg\u00e9 de l'\u00e9conomie -  \nDirection g\u00e9n\u00e9rale des entreprises \u2013 sous-direction des services marchands, 61 Boulevard Vincent  \nAuriol, 75703 PARIS CEDEX 13. Il peut \u00e9galement faire l'objet d'un recours contentieux dans un d\u00e9lai  \nde deux mois \u00e0 compter de sa notification aupr\u00e8s du tribunal administratif de Toulon.\nLe tribunal administratif peut aussi \u00eatre saisi par l'application informatique \u00ab T\u00e9l\u00e9recours citoyen \u00bb  \naccessible sur le site internet  http://www.telerecours.fr/\nEn cas de rejet du recours gracieux ou hi\u00e9rarchique ou en l'absence de r\u00e9ponse \u00e0 ce recours (rejet  \nimplicite), un recours contentieux devant le tribunal administratif de Toulon peut \u00e9galement \u00eatre  \nform\u00e9 contre la d\u00e9cision initiale dans un d\u00e9lai de deux mois \u00e0 compter de ce rejet. \nPour le Pr\u00e9fet et par d\u00e9l\u00e9gation\nPour le Directeur d\u00e9partemental \nde l'emploi, du travail et des solidarit\u00e9s du Var \nLa cheffe du service accompagnement \ndes entreprises et d\u00e9veloppement des territoires\nSign\u00e9 : S\u00e9verine LARDERET\nFait \u00e0 CS 31209 - 83070 TOULON Cedex, le \n06/06/2025 DDETS du Var\nDirection d\u00e9partementale de l'emploi, du travail et des solidarit\u00e9s du Var - 83-2025-06-06-00008 - 402-2025-recepisse declaration\nETOILE PROPRETE-THERVAIS SOPHIE du 060625 28\nDirection d\u00e9partementale de l'emploi, du travail\net des solidarit\u00e9s du Var\n83-2025-06-06-00009\n404-2025-recepisse declaration PY CAROLINE du\n06062025\nDirection d\u00e9partementale de l'emploi, du travail et des solidarit\u00e9s du Var - 83-2025-06-06-00009 - 404-2025-recepisse declaration PY\nCAROLINE du 06062025 29\nPF4Libert\u00e9 + \u00c9galit\u00e9 + Fraternit\u00e9R\u00c9PUBLIQUE FRAN\u00c7AISE\nR\u00e9c\u00e9piss\u00e9 de d\u00e9claration\nd'un organisme de services \u00e0 la personne\nenregistr\u00e9 sous le N\u00b0 SAP942661380\nVu le code du travail et notamment les articles L.7231-1 \u00e0 L.7233-2, R.7232-16 \u00e0 R.7232-22, D.7231-1 et \nD.7233-1 \u00e0 D.7233-5 ; \nVu la demande de d\u00e9claration d\u00e9pos\u00e9e par l'organisme, 878 avenue des cinq ponts 83470 SAINT-\nMAXIMIN-LA-SAINTE-BAUME, le 16/04/25 ;\nLe pr\u00e9fet du Var\nConstate : \nQu'une d\u00e9claration d'activit\u00e9s de services \u00e0 la personne a \u00e9t\u00e9 d\u00e9pos\u00e9e aupr\u00e8s du service instructeur  \ndu  Var,  le  16/04/25  par  Mme.  PY  Caroline  en  qualit\u00e9  de  dirigeant(e),  pour  l'organisme  dont \nl'\u00e9tablissement principal est situ\u00e9 878 avenue des cinq ponts 83470 SAINT-MAXIMIN-LA-SAINTE-\nBAUME et enregistr\u00e9 sous le N\u00b0 SAP942661380 pour les activit\u00e9s suivantes :\n  \u2022   Entretien de la maison et travaux m\u00e9nagers (mode d'intervention Prestataire)\n  \u2022   Pr\u00e9paration de repas \u00e0 domicile (mode d'intervention Prestataire)\nToute  modification  concernant  les  activit\u00e9s  exerc\u00e9es  devra  faire  l'objet  d'une  d\u00e9claration \nmodificative pr\u00e9alable.\nSous r\u00e9serve d'\u00eatre exerc\u00e9es \u00e0 titre exclusif (ou sous r\u00e9serve d'une comptabilit\u00e9 s\u00e9par\u00e9e pour les  \npersonnes  morales  dispens\u00e9es  de  cette  condition),  ces  activit\u00e9s  ouvrent  droit  au  b\u00e9n\u00e9fice  des \ndispositions des articles L. 7233-2 du code du travail et L.241-10 du code de la s\u00e9curit\u00e9 sociale dans  \nles conditions pr\u00e9vues par ces articles.\nLes effets de la d\u00e9claration courent \u00e0 compter du jour du d\u00e9p\u00f4t de la d\u00e9claration sous r\u00e9serve des  \ndispositions de l'article R.7232-18 du code du travail. Le pr\u00e9sent r\u00e9c\u00e9piss\u00e9 n'est pas limit\u00e9 dans le  \ntemps. La d\u00e9claration a une port\u00e9e nationale.\nL'enregistrement de la d\u00e9claration peut \u00eatre retir\u00e9 dans les conditions fix\u00e9es aux articles R.7232-\n20  \u00e0  R.7232-22  du  code  du  travail.  Le  pr\u00e9sent  r\u00e9c\u00e9piss\u00e9  sera  publi\u00e9  au  recueil  des  actes \nadministratifs de la pr\u00e9fecture.\nLe pr\u00e9sent r\u00e9c\u00e9piss\u00e9 peut, \u00e0 compter de sa notification, faire l'objet d'un recours gracieux aupr\u00e8s  \nservice instructeur du Var ou d'un recours hi\u00e9rarchique adress\u00e9 au ministre charg\u00e9 de l'\u00e9conomie -  \nDirection g\u00e9n\u00e9rale des entreprises \u2013 sous-direction des services marchands, 61 Boulevard Vincent  \nAuriol, 75703 PARIS CEDEX 13. Il peut \u00e9galement faire l'objet d'un recours contentieux dans un d\u00e9lai  \nde deux mois \u00e0 compter de sa notification aupr\u00e8s du tribunal administratif de Toulon.\nLe tribunal administratif peut aussi \u00eatre saisi par l'application informatique \u00ab T\u00e9l\u00e9recours citoyen \u00bb  \naccessible sur le site internet  http://www.telerecours.fr/\nEn cas de rejet du recours gracieux ou hi\u00e9rarchique ou en l'absence de r\u00e9ponse \u00e0 ce recours (rejet  \nimplicite), un recours contentieux devant le tribunal administratif de Toulon peut \u00e9galement \u00eatre  \nform\u00e9 contre la d\u00e9cision initiale dans un d\u00e9lai de deux mois \u00e0 compter de ce rejet. \nPour le Pr\u00e9fet et par d\u00e9l\u00e9gation\nPour le Directeur d\u00e9partemental \nde l'emploi, du travail et des solidarit\u00e9s du Var \nLa cheffe du service accompagnement \ndes entreprises et d\u00e9veloppement des territoires\nSign\u00e9 : S\u00e9verine LARDERET\nFait \u00e0 CS 31209 - 83070 TOULON Cedex, le \n06/06/2025 DDETS du Var\nDirection d\u00e9partementale de l'emploi, du travail et des solidarit\u00e9s du Var - 83-2025-06-06-00009 - 404-2025-recepisse declaration PY\nCAROLINE du 06062025 30\nDirection d\u00e9partementale de l'emploi, du travail\net des solidarit\u00e9s du Var\n83-2025-06-06-00010\n409-2025-recepisse OXYMAISON- ARFOSEA\nSYLVINE du 060625\nDirection d\u00e9partementale de l'emploi, du travail et des solidarit\u00e9s du Var - 83-2025-06-06-00010 - 409-2025-recepisse OXYMAISON-\nARFOSEA SYLVINE du 060625 31\nPF4Libert\u00e9 + \u00c9galit\u00e9 + Fraternit\u00e9R\u00c9PUBLIQUE FRAN\u00c7AISE\nR\u00e9c\u00e9piss\u00e9 de d\u00e9claration\nd'un organisme de services \u00e0 la personne\nenregistr\u00e9 sous le N\u00b0 SAP909330268\nVu le code du travail et notamment les articles L.7231-1 \u00e0 L.7233-2, R.7232-16 \u00e0 R.7232-22, D.7231-1 et \nD.7233-1 \u00e0 D.7233-5 ; \nVu la demande de d\u00e9claration d\u00e9pos\u00e9e par l'organisme, R\u00e9sidence Green Park - 415 Avenue Docteur \nSchweitzer 83160 LA VALETTE-DU-VAR, le 03/06/25 ;\nLe pr\u00e9fet du Var\nConstate : \nQu'une d\u00e9claration d'activit\u00e9s de services \u00e0 la personne a \u00e9t\u00e9 d\u00e9pos\u00e9e aupr\u00e8s du service instructeur  \ndu Var, le 03/06/25 par Mme. ARFOSEA Sylvine en qualit\u00e9 de dirigeant(e), pour l'organisme dont  \nl'\u00e9tablissement principal est situ\u00e9 R\u00e9sidence Green Park, 415 Avenue Docteur Schweitzer 83160 LA  \nVALETTE-DU-VAR et enregistr\u00e9 sous le N\u00b0 SAP909330268 pour les activit\u00e9s suivantes :\n  \u2022   Garde d'enfants de plus de 3 ans \u00e0 domicile (mode d'intervention Prestataire)\n  \u2022   Accompagnement des enfants de plus de 3 ans dans leurs d\u00e9placements (mode d'intervention \nPrestataire)\n  \u2022   Entretien de la maison et travaux m\u00e9nagers (mode d'intervention Prestataire)\nToute  modification  concernant  les  activit\u00e9s  exerc\u00e9es  devra  faire  l'objet  d'une  d\u00e9claration \nmodificative pr\u00e9alable.\nSous r\u00e9serve d'\u00eatre exerc\u00e9es \u00e0 titre exclusif (ou sous r\u00e9serve d'une comptabilit\u00e9 s\u00e9par\u00e9e pour les  \npersonnes  morales  dispens\u00e9es  de  cette  condition),  ces  activit\u00e9s  ouvrent  droit  au  b\u00e9n\u00e9fice  des \ndispositions des articles L. 7233-2 du code du travail et L.241-10 du code de la s\u00e9curit\u00e9 sociale dans  \nles conditions pr\u00e9vues par ces articles.\nLes effets de la d\u00e9claration courent \u00e0 compter du jour du d\u00e9p\u00f4t de la d\u00e9claration sous r\u00e9serve des  \ndispositions de l'article R.7232-18 du code du travail. Le pr\u00e9sent r\u00e9c\u00e9piss\u00e9 n'est pas limit\u00e9 dans le  \ntemps. La d\u00e9claration a une port\u00e9e nationale. L'enregistrement de la d\u00e9claration peut \u00eatre retir\u00e9  \ndans les conditions fix\u00e9es aux articles R.7232-20 \u00e0 R.7232-22 du code du travail. Le pr\u00e9sent r\u00e9c\u00e9piss\u00e9  \nsera publi\u00e9 au recueil des actes administratifs de la pr\u00e9fecture.\nLe pr\u00e9sent r\u00e9c\u00e9piss\u00e9 peut, \u00e0 compter de sa notification, faire l'objet d'un recours gracieux aupr\u00e8s  \nservice instructeur du Var ou d'un recours hi\u00e9rarchique adress\u00e9 au ministre charg\u00e9 de l'\u00e9conomie -  \nDirection g\u00e9n\u00e9rale des entreprises \u2013 sous-direction des services marchands, 61 Boulevard Vincent  \nAuriol, 75703 PARIS CEDEX 13.\nIl peut \u00e9galement faire l'objet d'un recours contentieux dans un d\u00e9lai de deux mois \u00e0 compter de sa  \nnotification aupr\u00e8s du tribunal administratif de Toulon. Le tribunal administratif peut aussi \u00eatre saisi  \npar  l'application  informatique  \u00ab  T\u00e9l\u00e9recours  citoyen  \u00bb  accessible  sur  le  site  internet   \nhttp://www.telerecours.fr/     En cas de rejet du recours gracieux ou hi\u00e9rarchique ou en l'absence de  \nr\u00e9ponse \u00e0 ce recours (rejet implicite), un recours contentieux devant le tribunal administratif de  \nToulon peut \u00e9galement \u00eatre form\u00e9 contre la d\u00e9cision initiale dans un d\u00e9lai de deux mois \u00e0 compter  \nde ce rejet. \nPour le Pr\u00e9fet et par d\u00e9l\u00e9gation\nPour le Directeur d\u00e9partemental \nde l'emploi, du travail et des solidarit\u00e9s du Var \nLa cheffe du service accompagnement \ndes entreprises et d\u00e9veloppement des territoires\nSign\u00e9 : S\u00e9verine LARDERET\nFait \u00e0 CS 31209 - 83070 TOULON Cedex, le \n06/06/2025 DDETS du Var\nDirection d\u00e9partementale de l'emploi, du travail et des solidarit\u00e9s du Var - 83-2025-06-06-00010 - 409-2025-recepisse OXYMAISON-\nARFOSEA SYLVINE du 060625 32\nDirection d\u00e9partementale de l'emploi, du travail\net des solidarit\u00e9s du Var\n83-2025-06-10-00008\n416-2025-recepisse declaration AJ CLEAN\nPARTICULIERS -CROUTTE AURELIE du 10062025\nDirection d\u00e9partementale de l'emploi, du travail et des solidarit\u00e9s du Var - 83-2025-06-10-00008 - 416-2025-recepisse declaration AJ\nCLEAN PARTICULIERS -CROUTTE AURELIE du 10062025 33\nPF4Libert\u00e9 + \u00c9galit\u00e9 + Fraternit\u00e9R\u00c9PUBLIQUE FRAN\u00c7AISE\nR\u00e9c\u00e9piss\u00e9 de d\u00e9claration\nd'un organisme de services \u00e0 la personne\nenregistr\u00e9 sous le N\u00b0 SAP942033515\nVu le code du travail et notamment les articles L.7231-1 \u00e0 L.7233-2, R.7232-16 \u00e0 R.7232-22, D.7231-1 et \nD.7233-1 \u00e0 D.7233-5 ; \nVu la demande de d\u00e9claration d\u00e9pos\u00e9e par l'organisme , 340 RUE BOTTICELLI 83600 FREJUS, le \n05/06/25 ;\nLe pr\u00e9fet du Var\nConstate : \nQu'une d\u00e9claration d'activit\u00e9s de services \u00e0 la personne a \u00e9t\u00e9 d\u00e9pos\u00e9e aupr\u00e8s du service instructeur  \ndu Var, le 05/06/25 par Mme. CROUTTE Aur\u00e9lie en qualit\u00e9 de dirigeant(e), pour l'organisme  dont  \nl'\u00e9tablissement  principal  est  situ\u00e9  340  RUE  BOTTICELLI  83600  FREJUS  et  enregistr\u00e9  sous  le  N\u00b0 \nSAP942033515 pour les activit\u00e9s suivantes :\n  \u2022   Entretien de la maison et travaux m\u00e9nagers (mode d'intervention Prestataire)\n  \u2022   Petits travaux de jardinage (mode d'intervention Prestataire)\n  \u2022   Travaux de petit bricolage (mode d'intervention Prestataire)\n  \u2022   Assistance informatique \u00e0 domicile (mode d'intervention Prestataire)\n  \u2022   Assistance administrative \u00e0 domicile (mode d'intervention Prestataire)\nToute  modification  concernant  les  activit\u00e9s  exerc\u00e9es  devra  faire  l'objet  d'une  d\u00e9claration \nmodificative pr\u00e9alable.\nSous r\u00e9serve d'\u00eatre exerc\u00e9es \u00e0 titre exclusif (ou sous r\u00e9serve d'une comptabilit\u00e9 s\u00e9par\u00e9e pour les  \npersonnes  morales  dispens\u00e9es  de  cette  condition),  ces  activit\u00e9s  ouvrent  droit  au  b\u00e9n\u00e9fice  des \ndispositions des articles L. 7233-2 du code du travail et L.241-10 du code de la s\u00e9curit\u00e9 sociale dans  \nles conditions pr\u00e9vues par ces articles.\nLes effets de la d\u00e9claration courent \u00e0 compter du jour du d\u00e9p\u00f4t de la d\u00e9claration sous r\u00e9serve des  \ndispositions de l'article R.7232-18 du code du travail. Le pr\u00e9sent r\u00e9c\u00e9piss\u00e9 n'est pas limit\u00e9 dans le  \ntemps. La d\u00e9claration a une port\u00e9e nationale. L'enregistrement de la d\u00e9claration peut \u00eatre retir\u00e9  \ndans les conditions fix\u00e9es aux articles R.7232-20 \u00e0 R.7232-22 du code du travail. Le pr\u00e9sent r\u00e9c\u00e9piss\u00e9  \nsera publi\u00e9 au recueil des actes administratifs de la pr\u00e9fecture.\nLe pr\u00e9sent r\u00e9c\u00e9piss\u00e9 peut, \u00e0 compter de sa notification, faire l'objet d'un recours gracieux aupr\u00e8s  \nservice instructeur du Var ou d'un recours hi\u00e9rarchique adress\u00e9 au ministre charg\u00e9 de l'\u00e9conomie -  \nDirection g\u00e9n\u00e9rale des entreprises \u2013 sous-direction des services marchands, 61 Boulevard Vincent  \nAuriol, 75703 PARIS CEDEX 13. Il peut \u00e9galement faire l'objet d'un recours contentieux dans un d\u00e9lai  \nde deux mois \u00e0 compter de sa notification aupr\u00e8s du tribunal administratif de Toulon.\nLe tribunal administratif peut aussi \u00eatre saisi par l'application informatique \u00ab T\u00e9l\u00e9recours citoyen \u00bb  \naccessible sur le site internet  http://www.telerecours.fr/\nEn cas de rejet du recours gracieux ou hi\u00e9rarchique ou en l'absence de r\u00e9ponse \u00e0 ce recours (rejet  \nimplicite), un recours contentieux devant le tribunal administratif de Toulon peut \u00e9galement \u00eatre  \nform\u00e9 contre la d\u00e9cision initiale dans un d\u00e9lai de deux mois \u00e0 compter de ce rejet. \nPour le Pr\u00e9fet et par d\u00e9l\u00e9gation\nPour le Directeur d\u00e9partemental \nde l'emploi, du travail et des solidarit\u00e9s du Var \nLa cheffe du service accompagnement \ndes entreprises et d\u00e9veloppement des territoires\nSign\u00e9 : S\u00e9verine LARDERET\nFait \u00e0 CS 31209 - 83070 TOULON Cedex, le 10/06/2025 \nDDETS du Var\nDirection d\u00e9partementale de l'emploi, du travail et des solidarit\u00e9s du Var - 83-2025-06-10-00008 - 416-2025-recepisse declaration AJ\nCLEAN PARTICULIERS -CROUTTE AURELIE du 10062025 34\nDirection d\u00e9partementale de l'emploi, du travail\net des solidarit\u00e9s du Var\n83-2025-06-11-00003\n419-2025- AGR TJS DU 11062025 \nDirection d\u00e9partementale de l'emploi, du travail et des solidarit\u00e9s du Var - 83-2025-06-11-00003 - 419-2025- AGR TJS DU 11062025 35\nFF4Libert\u00e9 \u00ab \u00c9galit\u00e9 + Fraternit\u00e9R\u00c9PUBLIQUE FRAN\u00c7AISE\nArr\u00eat\u00e9 portant agr\u00e9ment\nd'un organisme de services \u00e0 la personne\nN\u00b0 SAP877827055\nN\u00b0 SIREN 877827055\nVu le code du travail, notamment ses articles L. 7232-1, R. 7232-1 \u00e0 R. 7232-10, D. 7231-1, D.7231-2 et \nD.7233-1;\nVu le cahier des charges pr\u00e9vu \u00e0 l'article R. 7232-6 du code du travail ;\nVu la demande d'agr\u00e9ment  pr\u00e9sent\u00e9e le  03/06/25, par  M. SCHNEIDER Jonathan en qualit\u00e9 de  \ndirigeant(e), \nVu la saisine du conseil d\u00e9partemental du Var, le 06/06/2025, \nLe pr\u00e9fet  du Var\nArr\u00eate :\nArticle 1er\nL'agr\u00e9ment  de  l'organisme  SAP877827055,  dont  l'\u00e9tablissement  principal  est  situ\u00e9  199  Avenue \nPRESIDENT VINCENT AURIOL 83980 LE LAVANDOU est accord\u00e9 pour une dur\u00e9e de cinq ans \u00e0  \ncompter du 11/06/2025.\nLa demande de renouvellement devra \u00eatre d\u00e9pos\u00e9e dans les conditions fix\u00e9es par l'article R.7232-8  \net, au plus tard, trois mois avant la fin de cet agr\u00e9ment.\nArticle 2\nCet  agr\u00e9ment  couvre  les  activit\u00e9s  selon  le  mode  d'intervention  indiqu\u00e9  et  les  d\u00e9partements \nsuivants :\n \u2022   Garde d'enfants de moins de 3 ans et de moins de 18 ans handicap\u00e9s \u00e0 domicile (mode \nd'intervention Mandataire, Prestataire) - (83) \n \u2022   Accompagnement des enfants de moins de 3 ans ou de moins de 18 ans handicap\u00e9s \n(mode d'intervention Mandataire, Prestataire) - (83) \n \u2022   Assistance aux personnes \u00e2g\u00e9es (mandataire et/ou mise \u00e0 disposition) (mode \nd'intervention Mandataire) - (83) \n \u2022   Assistance aux personnes handicap\u00e9es (mandataire et/ou mise \u00e0 disposition) (mode \nd'intervention Mandataire) - (83) \n \u2022   Conduite de v\u00e9hicule des PA/PH (mandataire et/ou mise \u00e0 disposition) (mode \nd'intervention Mandataire) - (83) \n \u2022   Accompagnement des PA/PH dans leurs d\u00e9placements (mandataire et/ou mise \u00e0 \ndisposition) (mode d'intervention Mandataire) - (83) \nArticle 3\nSi l'organisme envisage de fournir des activit\u00e9s autres que celles pour lesquelles il est agr\u00e9\u00e9 ou  \nd'exercer  ses  activit\u00e9s  dans  un  d\u00e9partement  autre  que  celui  pour  lequel  il  est  agr\u00e9\u00e9,  il  devra \nsolliciter une modification pr\u00e9alable de son agr\u00e9ment.\nSi l'organisme propose des activit\u00e9s de garde ou d'accompagnement d'enfants de moins de 3 ans  \nou de moins de 18 ans handicap\u00e9s, il devra solliciter une modification pr\u00e9alable de son agr\u00e9ment en \ncas de changement de mode d'intervention.\nL'ouverture  d'un  nouvel  \u00e9tablissement  dans  un  d\u00e9partement  pour  lequel  il  est  agr\u00e9\u00e9  devra \nDirection d\u00e9partementale de l'emploi, du travail et des solidarit\u00e9s du Var - 83-2025-06-11-00003 - 419-2025- AGR TJS DU 11062025 36\n\u00e9galement faire l'objet d'une information pr\u00e9alable aupr\u00e8s du service instructeur.\nArticle 4\nLe pr\u00e9sent agr\u00e9ment pourra \u00eatre retir\u00e9 si l'organisme agr\u00e9\u00e9 : \n-  cesse de remplir les conditions ou de respecter les obligations mentionn\u00e9es aux articles  \nR.7232-4 \u00e0 R.7232-9 du code du travail.\n-  ne respecte pas les dispositions l\u00e9gales relatives \u00e0 la sant\u00e9 et \u00e0 la s\u00e9curit\u00e9 au travail,\n-  exerce d'autres activit\u00e9s que celles mentionn\u00e9es dans le pr\u00e9sent arr\u00eat\u00e9,\n-  ne transmet pas au pr\u00e9fet comp\u00e9tent les statistiques mentionn\u00e9es \u00e0 l'article R.7232-9 du  \ncode du travail.\nArticle 5\nCet agr\u00e9ment n'ouvre pas droit aux avantages fiscaux et sociaux fix\u00e9s par l'article L.7233-2 du code  \ndu travail et L.241-10 du code de la s\u00e9curit\u00e9 sociale. Conform\u00e9ment \u00e0 l'article L.7232-1-1 du code du  \ntravail,  pour  ouvrir  droit  \u00e0  ces  dispositions,  l'organisme  doit  se  d\u00e9clarer  et  n'exercer  que  les \nactivit\u00e9s  d\u00e9clar\u00e9es,  \u00e0  l'exclusion  de  toute  autre  (ou  tenir  une  comptabilit\u00e9  s\u00e9par\u00e9e  pour  les \norganismes dispens\u00e9s de cette condition par l'article L. 7232-1-2).\nArticle 6\nLe pr\u00e9sent arr\u00eat\u00e9 sera publi\u00e9 au recueil des actes administratifs de la pr\u00e9fecture.\nIl peut, dans les deux mois \u00e0 compter de sa notification, faire l'objet d'un recours gracieux aupr\u00e8s  \ndu  service  instructeur  du  Var  ou  d'un  recours  hi\u00e9rarchique  adress\u00e9  au  ministre  charg\u00e9  de \nl'\u00e9conomie  -  direction  g\u00e9n\u00e9rale  des  entreprises  -  sous-direction  des  services  marchands,  61 \nBoulevard Vincent Auriol, 75703 PARIS CEDEX 13.\nIl peut \u00e9galement faire l'objet d'un recours contentieux aupr\u00e8s du tribunal administratif de de  \nToulon dans un d\u00e9lai de deux mois \u00e0 compter de sa notification.\nLe tribunal administratif peut aussi \u00eatre saisi par l'application informatique \u00ab T\u00e9l\u00e9recours citoyen \u00bb  \naccessible sur le site internet http://www.telerecours.fr/\nEn cas de rejet du recours gracieux ou hi\u00e9rarchique ou en l'absence de r\u00e9ponse \u00e0 ce recours (rejet  \nimplicite),  un  recours  contentieux  devant  le  tribunal  administratif  peut  \u00e9galement  \u00eatre  form\u00e9 \ncontre la d\u00e9cision initiale dans un d\u00e9lai de deux mois \u00e0 compter de ce rejet.\nPour le Pr\u00e9fet et par d\u00e9l\u00e9gation\nPour le Directeur d\u00e9partemental \nde l'emploi, du travail et des \nsolidarit\u00e9s du Var \nLa cheffe du service \naccompagnement \ndes entreprises et d\u00e9veloppement \ndes territoires\nSign\u00e9 : S\u00e9verine LARDERET\nFait \u00e0 CS 31209 - 83070 TOULON \nCedex, le 11/06/2025\nDDETS du Var\nDirection d\u00e9partementale de l'emploi, du travail et des solidarit\u00e9s du Var - 83-2025-06-11-00003 - 419-2025- AGR TJS DU 11062025 37\nDirection d\u00e9partementale de l'emploi, du travail et des solidarit\u00e9s du Var - 83-2025-06-11-00003 - 419-2025- AGR TJS DU 11062025 38\nDirection d\u00e9partementale de l'emploi, du travail\net des solidarit\u00e9s du Var\n83-2025-06-11-00004\n420-2025-DEC MOD TJS du 11062025\nDirection d\u00e9partementale de l'emploi, du travail et des solidarit\u00e9s du Var - 83-2025-06-11-00004 - 420-2025-DEC MOD TJS du 11062025 39\nPF4Libert\u00e9 + \u00c9galit\u00e9 + Fraternit\u00e9R\u00c9PUBLIQUE FRAN\u00c7AISE\nR\u00e9c\u00e9piss\u00e9 de d\u00e9claration\nd'un organisme de services \u00e0 la personne\nenregistr\u00e9 sous le N\u00b0 SAP877827055\nVu le code du travail et notamment les articles L.7231-1 \u00e0 L.7233-2, R.7232-16 \u00e0 R.7232-22, D.7231-1 et \nD.7233-1 \u00e0 D.7233-5 ; \nVu la demande de d\u00e9claration d\u00e9pos\u00e9e par l'organisme Adenior Lavandou, 199 Avenue PRESIDENT \nVINCENT AURIOL 83980 LE LAVANDOU, le 11/06/25 ;\nLe pr\u00e9fet du Var\nConstate : \nQu'une d\u00e9claration d'activit\u00e9s de services \u00e0 la personne a \u00e9t\u00e9 d\u00e9pos\u00e9e aupr\u00e8s du service instructeur  \ndu Var, le 11/06/25 par M. SCHNEIDER Jonathan en qualit\u00e9 de dirigeant(e), pour l'organisme Adenior  \nLavandou dont l'\u00e9tablissement principal est situ\u00e9 199 Avenue PRESIDENT VINCENT AURIOL 83980 LE \nLAVANDOU et enregistr\u00e9 sous le N\u00b0 SAP877827055 pour les activit\u00e9s suivantes :\n  \u2022   Garde d'enfants de plus de 3 ans \u00e0 domicile (mode d'intervention Mandataire, Prestataire)\n  \u2022   Soutien scolaire ou cours \u00e0 domicile (mode d'intervention Mandataire, Prestataire)\n  \u2022   Accompagnement des enfants de plus de 3 ans dans leurs d\u00e9placements (mode d'intervention \nMandataire, Prestataire)\n  \u2022   Entretien de la maison et travaux m\u00e9nagers (mode d'intervention Mandataire, Prestataire)\n  \u2022   Petits travaux de jardinage (mode d'intervention Mandataire, Prestataire)\n  \u2022   Travaux de petit bricolage (mode d'intervention Mandataire, Prestataire)\n  \u2022   Pr\u00e9paration de repas \u00e0 domicile (mode d'intervention Mandataire, Prestataire)\n  \u2022   Livraison de repas \u00e0 domicile (mode d'intervention Mandataire, Prestataire)\n  \u2022   Collecte et livraison \u00e0 domicile de linge repass\u00e9 (mode d'intervention Mandataire, Prestataire)\n  \u2022   Livraison de courses \u00e0 domicile (mode d'intervention Mandataire, Prestataire)\n  \u2022   Maintenance, entretien et vigilance temporaires \u00e0 domicile (mode d'intervention Mandataire, \nPrestataire)\n  \u2022   Assistance informatique \u00e0 domicile (mode d'intervention Mandataire, Prestataire)\n  \u2022   Assistance administrative \u00e0 domicile (mode d'intervention Mandataire, Prestataire)\n  \u2022   T\u00e9l\u00e9-assistance et visio-assistance (mode d'intervention Mandataire, Prestataire)\n  \u2022   Soins d'esth\u00e9tique \u00e0 domicile pour personnes d\u00e9pendantes (mode d'intervention Mandataire, \nPrestataire)\n  \u2022   Soins et promenade(s) d'animaux pour personnes d\u00e9pendantes (mode d'intervention Mandataire, \nPrestataire)\n  \u2022   Conduite du v\u00e9hicule des personnes en cas d'invalidit\u00e9 temporaire (mode d'intervention \nMandataire, Prestataire)\n  \u2022   Accompagnement des personnes pr\u00e9sentant une invalidit\u00e9 temporaire (mode d'intervention \nMandataire, Prestataire)\n  \u2022   Assistance aux personnes ayant besoin d'une aide temporaire \u00e0 leur domicile (mode \nd'intervention Mandataire, Prestataire)\n  \u2022   Coordination et d\u00e9livrance des SAP (mode d'intervention Mandataire, Prestataire)\n \u2022   Garde d'enfants de moins de 3 ans et de moins de 18 ans handicap\u00e9s \u00e0 domicile (mode \nd'intervention Mandataire, Prestataire) - (83) \n \u2022   Accompagnement des enfants de moins de 3 ans ou de moins de 18 ans handicap\u00e9s (mode \nd'intervention Mandataire, Prestataire) - (83) \n \u2022   Assistance aux personnes \u00e2g\u00e9es (mandataire et/ou mise \u00e0 disposition) (mode d'intervention \nMandataire) - (83) \n \u2022   Assistance aux personnes handicap\u00e9es (mandataire et/ou mise \u00e0 disposition) (mode d'intervention \nMandataire) - (83) \n \u2022   Conduite de v\u00e9hicule des PA/PH (mandataire et/ou mise \u00e0 disposition) (mode d'intervention \nMandataire) - (83) \n \u2022   Accompagnement des PA/PH dans leurs d\u00e9placements (mandataire et/ou mise \u00e0 disposition) \n(mode d'intervention Mandataire) - (83) \nDirection d\u00e9partementale de l'emploi, du travail et des solidarit\u00e9s du Var - 83-2025-06-11-00004 - 420-2025-DEC MOD TJS du 1106202540\nToute  modification  concernant  les  activit\u00e9s  exerc\u00e9es  devra  faire  l'objet  d'une  d\u00e9claration \nmodificative pr\u00e9alable.\nSous r\u00e9serve d'\u00eatre exerc\u00e9es \u00e0 titre exclusif (ou sous r\u00e9serve d'une comptabilit\u00e9 s\u00e9par\u00e9e pour les  \npersonnes  morales  dispens\u00e9es  de  cette  condition),  ces  activit\u00e9s  ouvrent  droit  au  b\u00e9n\u00e9fice  des \ndispositions des articles L. 7233-2 du code du travail et L.241-10 du code de la s\u00e9curit\u00e9 sociale dans  \nles conditions pr\u00e9vues par ces articles.\nLes effets de la d\u00e9claration courent \u00e0 compter du jour du d\u00e9p\u00f4t de la d\u00e9claration sous r\u00e9serve des  \ndispositions de l'article R.7232-18 du code du travail. Le pr\u00e9sent r\u00e9c\u00e9piss\u00e9 n'est pas limit\u00e9 dans le  \ntemps. La d\u00e9claration a une port\u00e9e nationale.\nEn application des articles L.7232-1 et R.7232-1 \u00e0 R.7232-15, les activit\u00e9s n\u00e9cessitant un agr\u00e9ment (I  \nde l'article D.7231-1 du code du travail) n'ouvrent droit \u00e0 ces dispositions que si l'organisme a  \npr\u00e9alablement  obtenu  l'agr\u00e9ment  ou  le  renouvellement  de  cet  agr\u00e9ment  dans  le  ou  les  \nd\u00e9partement(s) d'exercice de ses activit\u00e9s.\nL'enregistrement de la d\u00e9claration peut \u00eatre retir\u00e9 dans les conditions fix\u00e9es aux articles R.7232-\n20 \u00e0 R.7232-22 du code du travail.\nLe pr\u00e9sent r\u00e9c\u00e9piss\u00e9 sera publi\u00e9 au recueil des actes administratifs de la pr\u00e9fecture.\nLe pr\u00e9sent r\u00e9c\u00e9piss\u00e9 peut, \u00e0 compter de sa notification, faire l'objet d'un recours gracieux aupr\u00e8s  \nservice instructeur du Var ou d'un recours hi\u00e9rarchique adress\u00e9 au ministre charg\u00e9 de l'\u00e9conomie -  \nDirection g\u00e9n\u00e9rale des entreprises \u2013 sous-direction des services marchands, 61 Boulevard Vincent  \nAuriol, 75703 PARIS CEDEX 13.\nIl peut \u00e9galement faire l'objet d'un recours contentieux dans un d\u00e9lai de deux mois \u00e0 compter de sa  \nnotification aupr\u00e8s du tribunal administratif de Toulon.\nLe tribunal administratif peut aussi \u00eatre saisi par l'application informatique \u00ab T\u00e9l\u00e9recours citoyen \u00bb  \naccessible sur le site internet  http://www.telerecours.fr/\nEn cas de rejet du recours gracieux ou hi\u00e9rarchique ou en l'absence de r\u00e9ponse \u00e0 ce recours (rejet  \nimplicite), un recours contentieux devant le tribunal administratif de Toulon peut \u00e9galement \u00eatre  \nform\u00e9 contre la d\u00e9cision initiale dans un d\u00e9lai de deux mois \u00e0 compter de ce rejet. \nPour le Pr\u00e9fet et par d\u00e9l\u00e9gation\nPour le Directeur d\u00e9partemental \nde l'emploi, du travail et des solidarit\u00e9s du Var \nLa cheffe du service accompagnement \ndes entreprises et d\u00e9veloppement des territoires\nSign\u00e9 : S\u00e9verine LARDERET\nFait \u00e0 CS 31209 - 83070 TOULON Cedex, le 11/06/2025\nDDETS du Var\nDirection d\u00e9partementale de l'emploi, du travail et des solidarit\u00e9s du Var - 83-2025-06-11-00004 - 420-2025-DEC MOD TJS du 11062025 41\nDirection d\u00e9partementale des territoires et de la\nmer du Var\n83-2025-06-16-00003\nArr\u00eat\u00e9 pr\u00e9fectoral n\u00b0 DDTM/SPP/PAU 2025-27 du\n12 juin 2025 portant ouverture et organisation\nd'une enqu\u00eate publique relative \u00e0 une demande\nde cr\u00e9ation d'une zone agricole prot\u00e9g\u00e9e (ZAP)\nsur la commune de Cogolin\nDirection d\u00e9partementale des territoires et de la mer du Var - 83-2025-06-16-00003 - Arr\u00eat\u00e9 pr\u00e9fectoral n\u00b0 DDTM/SPP/PAU 2025-27 du\n12 juin 2025 portant ouverture et organisation d'une enqu\u00eate publique relative \u00e0 une demande de cr\u00e9ation d'une zone agricole\nprot\u00e9g\u00e9e (ZAP) sur la commune de Cogolin\n42\n=nPREFETDU VARLibert\u00e9Egalit\u00e9Fraternit\u00e9\nDirection d\u00e9partementale\ndes territoires et de la mer du Var\nARR\u00caT\u00c9 PR\u00c9FECTORAL n\u00b0 DDTM/SPP/PAU-2025-27 du 12 juin 2025\nportant ouverture et organisation d'une enqu\u00eate publique relative \u00e0 une demande de \ncr\u00e9ation d'une zone agricole prot\u00e9g\u00e9e (ZAP)\nsur la commune de Cogolin\nLe pr\u00e9fet du Var,\nVu le code rural et de la p\u00eache maritime et notamment ses articles L. 112-2 et R. 112-1-4 \u00e0  \nR. 112-1-10 ;\nVu le code de l'environnement, et notamment les articles L. 123-1 \u00e0 L. 123-18 ; R123-1 \u00e0 R123-7 ;\nVu le code de l'urbanisme et notamment ses articles L. 151-43, 152-7 , L153-60 et R151-51 ;\nVu le d\u00e9cret du Pr\u00e9sident de la R\u00e9publique du 15 mai 2025 portant nomination de Monsieur  \nSimon BABRE en qualit\u00e9 de pr\u00e9fet du Var ;\nVu l'arr\u00eat\u00e9  du  Premier  ministre  et  du  ministre  de  l'Int\u00e9rieur  du  4  mars  2022  portant \nnomination  de  Monsieur  Laurent  BOULET,  ing\u00e9nieur  des  ponts,  des  eaux  et  des  for\u00eats, \ndirecteur d\u00e9partemental des territoires et de la mer du Var \u00e0 compter du 1er avril 2022 ;\nVu l'arr\u00eat\u00e9 pr\u00e9fectoral n\u00b0 2025/25/MCI du 2 juin 2025 portant d\u00e9l\u00e9gation de signature \u00e0 M.  \nLaurent BOULET, directeur d\u00e9partemental des territoires et de la mer,\nVu l'arr\u00eat\u00e9 pr\u00e9fectoral n\u00b0 DDTM/MPCA/2025-04 du 5 juin 2025 donnant subd\u00e9l\u00e9gation de  \nsignature \u00e0 des agents de la Direction d\u00e9partementale des territoires et de la mer du Var ;\nVu la d\u00e9lib\u00e9ration du conseil municipal de la commune de Cogolin du 23 septembre 2024  \napprouvant le projet de d\u00e9limitation et de classement de la zone agricole prot\u00e9g\u00e9e d\u00e9fini  \ndans le rapport de pr\u00e9sentation ;\nVu l'avis favorable du 27 janvier 2025 de la chambre d'agriculture du Var ;\nVu l'avis favorable du 6 f\u00e9vrier 2025 de la Commission D\u00e9partementale d'Orientation de \nl'Agriculture\nVu l'avis favorable du 17 janvier 2025 de l'institut nationale de l'origine et de la qualit\u00e9,\nVu les avis favorables tacites des syndicats AOP huile d'olives et AOC Cote de Provence, au  \nterme  du  d\u00e9lai  de  deux  mois  \u00e0  compter  de  la  notification  de  sa  saisine  pour  avis,  en \napplication des articles L. 112-2 et R. 112-1-6 du code rural et de la p\u00eache maritime ; \nVu le dossier pr\u00e9sent\u00e9 \u00e0 l'appui de la demande ;\nVu la d\u00e9cision n\u00b0 E25000032/83 du tribunal administratif de Toulon du 17 avril 2025 d\u00e9signant \nMonsieur Christian CAHAGNE en qualit\u00e9 de commissaire enqu\u00eateur ;\nDirection d\u00e9partementale des territoires et de la mer du Var - 83-2025-06-16-00003 - Arr\u00eat\u00e9 pr\u00e9fectoral n\u00b0 DDTM/SPP/PAU 2025-27 du\n12 juin 2025 portant ouverture et organisation d'une enqu\u00eate publique relative \u00e0 une demande de cr\u00e9ation d'une zone agricole\nprot\u00e9g\u00e9e (ZAP) sur la commune de Cogolin\n43\nConsid\u00e9rant qu'en application de l'article R. 112-1-7 du code rural et de la p\u00eache maritime, il y  \na  lieu  de  soumettre  le  projet  de  zone  agricole  prot\u00e9g\u00e9e  \u00e0  l'enqu\u00eate  publique  dans  les \nconditions pr\u00e9vues par les dispositions du livre Ier du code de l'environnement ;\nSur proposition du directeur d\u00e9partemental des territoires et de la mer,\nARR\u00caTE \nArticle 1er : Objet de l'enqu\u00eate\nIl  sera  proc\u00e9d\u00e9  \u00e0  une  enqu\u00eate  publique,  dans  les  formes  prescrites  par  le  code  de \nl'environnement, portant sur la demande de cr\u00e9ation d'une zone agricole prot\u00e9g\u00e9e sur le  \nterritoire de la commune de Cogolin.\nLe  porteur  du  projet  est  la  Mairie  de  Cogolin  repr\u00e9sent\u00e9e  par  son  maire,  Marc  Etienne \nLANSADE.\nDes informations peuvent \u00eatre demand\u00e9es au service urbanisme, mairie annexe \u2013 5 avenue du \nG\u00e9n\u00e9ral de Gaulle \u2013 83310 COGOLIN, t\u00e9l : 04 94 56 65 57 ou par mail : urbanisme@cogolin.fr\nArticle 2 : Informations environnementales\nLe projet ne n\u00e9cessite pas d'\u00e9tude environnementale.\nArticle 3 : publicit\u00e9 de l'enqu\u00eate\nPar voie de presse :\nUn avis portant \u00e0 la connaissance du public l'ouverture de l'enqu\u00eate est publi\u00e9, par les soins  \ndu pr\u00e9fet du Var et aux frais de la commune de Cogolin, au moins quinze jours avant le d\u00e9but  \nde l'enqu\u00eate et rappel\u00e9 dans les huit premiers jours de celle-ci, dans deux journaux diffus\u00e9s  \ndans le d\u00e9partement du Var.\nPar voie d'affichage     :\nCet avis et l'arr\u00eat\u00e9 pr\u00e9fectoral d'enqu\u00eate publique sont affich\u00e9s en mairie de Cogolin par le  \nMaire de la commune de Cogolin dans les d\u00e9lais ci-dessus indiqu\u00e9s et publi\u00e9s sur le site de la  \ncommune www.cogolin.fr.\nL'avis est \u00e9ventuellement affich\u00e9 par tout autre proc\u00e9d\u00e9, tels que les panneaux d'usage dont  \ndispose la commune de Cogolin au moins quinze jours avant le d\u00e9but de l'enqu\u00eate et jusqu'au \nterme de celle-ci. \nIl est justifi\u00e9 de l'accomplissement de ces formalit\u00e9s par un certificat de d\u00e9but et de fin  \nd'affichage \u00e9tablis par Monsieur le maire de Cogolin et remis au commissaire-enqu\u00eateur qui  \nles verse au dossier d'enqu\u00eate publique.\nDirection d\u00e9partementale des territoires et de la mer du Var - 83-2025-06-16-00003 - Arr\u00eat\u00e9 pr\u00e9fectoral n\u00b0 DDTM/SPP/PAU 2025-27 du\n12 juin 2025 portant ouverture et organisation d'une enqu\u00eate publique relative \u00e0 une demande de cr\u00e9ation d'une zone agricole\nprot\u00e9g\u00e9e (ZAP) sur la commune de Cogolin\n44\nEn ligne     :\nL'avis et l'arr\u00eat\u00e9 sont \u00e9galement consultables sur le site internet des services de l'\u00c9tat dans le  \nd\u00e9partement du Var ( http://www.var.gouv.fr :  publications / enqu\u00eates publiques / enqu\u00eates  \npubliques hors ICPE / commune de Cogolin - Zone Agricole Prot\u00e9g\u00e9e (ZAP) et sur le site de la  \nville : https://www.cogolin.fr\nAu recueil des actes administratifs du Var     :\nL'arr\u00eat\u00e9  d'ouverture  de  l'enqu\u00eate  fait  l'objet  d'une  publication  au  Recueil  des  Actes \nAdministratifs du Var (RAA).\nLieu du projet\nEn outre, dans les m\u00eames conditions de d\u00e9lai et de dur\u00e9e, et sauf impossibilit\u00e9 mat\u00e9rielle  \njustifi\u00e9e, le r\u00e9f\u00e9rent du projet proc\u00e8de \u00e0 l'affichage de l'avis d'enqu\u00eate publique sur les lieux  \npr\u00e9vus pour la r\u00e9alisation du projet. \nLes affiches doivent \u00eatre visibles et lisibles depuis la voie publique.\nLe  p\u00e9titionnaire  justifie  par  tout  moyen  \u00e0  sa  convenance  de  l'accomplissement  de  ces \nformalit\u00e9s et remet aussit\u00f4t ces pi\u00e8ces justificatives au commissaire enqu\u00eateur afin qu'il les  \nannexe au dossier d'enqu\u00eate publique.\nLes caract\u00e9ristiques et dimensions de l'affichage sont fix\u00e9es par l'arr\u00eat\u00e9 NOR  : TRED2124162A \ndu 9 septembre 2021.\nArticle 4 : date et lieu de l'enqu\u00eate, consultation du dossier d'enqu\u00eate publique\nDate et lieu     : \nL'enqu\u00eate se d\u00e9roulera \u00e0 la mairie de Cogolin \u2013  H\u00f4tel de Ville \u2013 rue de roseaux \u2013 83310  \nCOGOLIN. - du mardi 8 juillet 9h00 au mercredi 6 ao\u00fbt 2025 17h00, soit pendant 30 jours  \ncons\u00e9cutifs.\nConsultation du dossier d'enqu\u00eate publique\nLe dossier d'enqu\u00eate publique sera consultable par toutes les personnes int\u00e9ress\u00e9es en mairie  \nde Cogolin pendant toute la dur\u00e9e de l'enqu\u00eate, aux jours et heures habituels d'ouverture au  \npublic de la mairie de Cogolin place de la R\u00e9publique (du lundi au jeudi de 8H30 \u00e0 17H00 en  \ncontinu et le vendredi de 8h30 \u00e0 15H30 en continu).\nLe  dossier  d\u00e9mat\u00e9rialis\u00e9  est  consultable  sur  le  site  de  la  mairie  de  Cogolin  \u2013  \nhttps://www.cogolin.fr -  et sur le site internet des services de l'\u00c9tat dans le d\u00e9partement du  \nVar,  \u00e0  l'adresse  suivante : http://www.var.gouv.fr. (pub lications/enqu\u00eates  publiques/enqu\u00eates \npubliques hors ICPE/commune de Cogolin - Zone Agricole Prot\u00e9g\u00e9e (ZAP).\nPendant toute la dur\u00e9e de l'enqu\u00eate, un registre \u00e9tabli sur feuillets non mobiles, d\u00e9pos\u00e9 \u00e0 la  \nmairie,  sera  tenu  \u00e0  la  disposition  du  public  qui  pourra  y  consigner  directement  ses \nobservations et propositions sur le projet. Le registre d'enqu\u00eate sera cot\u00e9 et paraph\u00e9 par le  \ncommissaire enqu\u00eateur et ouvert par lui-m\u00eame.\nDirection d\u00e9partementale des territoires et de la mer du Var - 83-2025-06-16-00003 - Arr\u00eat\u00e9 pr\u00e9fectoral n\u00b0 DDTM/SPP/PAU 2025-27 du\n12 juin 2025 portant ouverture et organisation d'une enqu\u00eate publique relative \u00e0 une demande de cr\u00e9ation d'une zone agricole\nprot\u00e9g\u00e9e (ZAP) sur la commune de Cogolin\n45\nLes personnes qui le souhaitent peuvent adresser \u00e0 l'attention du commissaire enqu\u00eateur  \nMonsieur Christian CAHAGNE, un courrier postal  \u00e0 la mairie  annexe de Cogolin  (mairie de  \nCogolin  \u2013   H\u00f4tel  de  Ville  \u2013  place  de  la  R\u00e9publique  \u2013  83310  COGOLIN.)  ou  par  voie \nd\u00e9mat\u00e9rialis\u00e9e \u00e0 l'adresse mail suivante : urbanisme@cogolin.fr\nLes courriers \u00e9lectroniques accessibles sur le site internet mentionn\u00e9 ci-dessus et les courriers  \npostaux sont transmis au commissaire enqu\u00eateur qui les vise, les num\u00e9rote et les annexe au  \nregistre d'enqu\u00eate pour \u00eatre tenus \u00e0 la disposition du public.\nNe sont pris en consid\u00e9ration par le commissaire enqu\u00eateur que les courriels et courriers  \npostaux re\u00e7us pendant la dur\u00e9e de l'enqu\u00eate publique soit du premier jour de celle-ci au  \ndernier jour \u00e0 17h00.\nLes personnes qui le souhaitent peuvent \u00e9galement remettre leur courrier en mains propres  \nau commissaire enqu\u00eateur pendant les permanences qu'il assure aux jours et heures indiqu\u00e9es \n(article 5).\nArticle 5 : D\u00e9signation et permanences du commissaire enqu\u00eateur\nPar d\u00e9cision susvis\u00e9e, le pr\u00e9sident du tribunal administratif de Toulon a d\u00e9sign\u00e9  Monsieur \nChristian CAHAGNE, en qualit\u00e9 de commissaire enqu\u00eateur de conduire l'enqu\u00eate publique.\nIl se tient \u00e0 la disposition du public pour recevoir ses observations \u00e9crites ou orales, aux lieux,  \njours et heures ci-dessous mentionn\u00e9s :\nPermanences Mairie de Cogolin\nAteliers Municipaux \nrue des Roseaux\nMardi 8 juillet 2025 9h00 \u00e0 12h00\n Mercredi 16 juillet 2025 14h00 \u00e0 17h00\nMercredi 23 juillet 2025 9h00 \u00e0 12h00\nMercredi 30 juillet 2025 14h00 \u00e0 17h00\nMercredi 6 ao\u00fbt 2025 14h00 \u00e0 17h00\nArticle 6 : R\u00f4le du commissaire enqu\u00eateur\nLe  commissaire  enqu\u00eateur  a  pour  mission  de  conduite  l'enqu\u00eate  publique  de  mani\u00e8re  \u00e0 \npermettre au public de disposer d'une information compl\u00e8te sur le projet et de participer au  \nprocessus de d\u00e9cision.\nDirection d\u00e9partementale des territoires et de la mer du Var - 83-2025-06-16-00003 - Arr\u00eat\u00e9 pr\u00e9fectoral n\u00b0 DDTM/SPP/PAU 2025-27 du\n12 juin 2025 portant ouverture et organisation d'une enqu\u00eate publique relative \u00e0 une demande de cr\u00e9ation d'une zone agricole\nprot\u00e9g\u00e9e (ZAP) sur la commune de Cogolin\n46\nLe commissaire enqu\u00eateur  re\u00e7oit toute information et, s'il estime que des documents sont  \nutiles  \u00e0  la  bonne  information  du  public,  il  peut  demander  au  ma\u00eetre  d'ouvrage  de \ncommuniquer ces documents au public. Il les annexe alors au dossier d'enqu\u00eate publique.\nLe commissaire-enqu\u00eateur peut visiter les lieux concern\u00e9s, \u00e0 l'exception des lieux d'habitation, \napr\u00e8s en avoir inform\u00e9 au pr\u00e9alable les propri\u00e9taires et les occupants, en fixant la date et  \nl'heure.\nIl peut entendre toutes les personnes concern\u00e9es par le projet qui en font la demande et  \nconvoquer toutes les personnes dont il juge l'audition utile.\nIl peut organiser, sous sa pr\u00e9sidence, toute r\u00e9union d'information et d'\u00e9change avec le public  \nen pr\u00e9sence du ma\u00eetre d'ouvrage. Dans ce cas, il \u00e9tablit un compte rendu qu'il adresse au  \npr\u00e9fet du Var et au p\u00e9titionnaire. Ce document est annex\u00e9 par ses soins au rapport d'enqu\u00eate \npublique qu'il r\u00e9dige \u00e0 l'issue de l'enqu\u00eate.\nPar  d\u00e9cision  motiv\u00e9e,  le  commissaire  enqu\u00eateur  pourra  prolonger  l'enqu\u00eate  d'une  dur\u00e9e \nmaximale de quinze jours. Cette d\u00e9cision sera port\u00e9e \u00e0 la connaissance du public, au plus tard \n\u00e0 la date pr\u00e9vue initialement pour la fin de l'enqu\u00eate dans les conditions de lieux pr\u00e9vues \u00e0  \nl'article 4 du pr\u00e9sent arr\u00eat\u00e9.\nArticle 7     : Cl\u00f4ture de l'enqu\u00eate\n\u00c0  l'expiration  du  d\u00e9lai  d'enqu\u00eate,  le  commissaire  enqu\u00eateur  cl\u00f4t  le  registre  d'enqu\u00eate \npublique. \nLe registre, les pi\u00e8ces \u00e9ventuellement annex\u00e9es et le dossier d'enqu\u00eate publique sont remis  \nimm\u00e9diatement au commissaire enqu\u00eateur.\nD\u00e8s r\u00e9ception du registre et des documents annex\u00e9s, le commissaire enqu\u00eateur rencontre,  \ndans un d\u00e9lai de huit jours, le responsable du projet et lui communique les observations  \n\u00e9crites ou orales consign\u00e9es dans un proc\u00e8s-verbal de synth\u00e8se. Le responsable du projet  \ndispose d'un d\u00e9lai de quinze jours, pour produire ses observations.\nLe  commissaire  enqu\u00eateur  \u00e9tablira  un  rapport  qui  relate  le  d\u00e9roulement  de  l'enqu\u00eate  et \ncomporte le rappel de l'objet du projet, la liste de l'ensemble des pi\u00e8ces figurant dans le  \ndossier  d'enqu\u00eate  publique,  une  synth\u00e8se  des  observations  du  public,  une  analyse  des \npropositions produites pendant l'enqu\u00eate et, le cas \u00e9ch\u00e9ant, les observations du responsable  \ndu projet en r\u00e9ponse aux observations du public.\nIl consigne dans une pr\u00e9sentation s\u00e9par\u00e9e ses conclusions motiv\u00e9es, en pr\u00e9cisant si elles sont  \nfavorables, favorables sous r\u00e9serves ou d\u00e9favorables au projet.\nArticle 8     : Rapport et conclusions motiv\u00e9es du commissaire enqu\u00eateur\nLe commissaire enqu\u00eateur transmet le rapport, les conclusions motiv\u00e9es, le registre d'enqu\u00eate \net  les  dossiers  de  l'enqu\u00eate  correspondants  au  pr\u00e9fet  (direction  d\u00e9partementale  des \nterritoires et de la mer du Var, service planifications et prospective, Boulevard du 112 \u00e8me \nR\u00e9giment  d'Infanterie  - CS 31209  - 83070  TOULON  CEDEX),  dans  un  d\u00e9lai  de  31  jours  \u00e0 \ncompter de la date de cl\u00f4ture de l'enqu\u00eate.\nDirection d\u00e9partementale des territoires et de la mer du Var - 83-2025-06-16-00003 - Arr\u00eat\u00e9 pr\u00e9fectoral n\u00b0 DDTM/SPP/PAU 2025-27 du\n12 juin 2025 portant ouverture et organisation d'une enqu\u00eate publique relative \u00e0 une demande de cr\u00e9ation d'une zone agricole\nprot\u00e9g\u00e9e (ZAP) sur la commune de Cogolin\n47\nSimultan\u00e9ment,  il  adresse  une  copie  de  son  rapport  et  de  ses  conclusions  motiv\u00e9es  au \nPr\u00e9sident du tribunal administratif de Toulon.\nArticle 9 : Diffusion du rapport et des conclusions\nLe pr\u00e9fet adresse, d\u00e8s leur r\u00e9ception, la copie du rapport et des conclusions du commissaire-\nenqu\u00eateur au responsable du projet et au maire de Cogolin.\nLa copie du rapport et des conclusions du commissaire enqu\u00eateur est tenue \u00e0 la disposition  \ndu public pendant un an \u00e0 compter de la date de la cl\u00f4ture de l'enqu\u00eate :\n\u2022 en mairie de Cogolin,\n\u2022 \u00e0 la pr\u00e9fecture du Var (direction d\u00e9partementale des territoires et de la mer du Var, service  \nplanifications et prospective).\nLe rapport et les conclusions du commissaire enqu\u00eateur sont mis en ligne sur le site internet  \ndes services de l'\u00c9tat dans le Var \u00e0 l'adresse mentionn\u00e9e \u00e0 l'article 3 du pr\u00e9sent arr\u00eat\u00e9.\nArticle 10 : Autorit\u00e9 comp\u00e9tente et nature de la d\u00e9cision adopt\u00e9e au terme de l'enqu\u00eate\n\u00c0 l'issue de la proc\u00e9dure d'enqu\u00eate publique, et apr\u00e8s avoir recueilli l'avis du conseil municipal \nde Cogolin, le pr\u00e9fet du Var statue sur le classement en tant que zone prot\u00e9g\u00e9e du projet de  \np\u00e9rim\u00e8tre par voie d'arr\u00eat\u00e9.\nArticle 11 : Ex\u00e9cution du pr\u00e9sent arr\u00eat\u00e9\nLe secr\u00e9taire g\u00e9n\u00e9ral de la pr\u00e9fecture du Var,\nLe directeur d\u00e9partemental des territoires et de la mer,\nLe maire de Cogolin,\nLe commissaire enqu\u00eateur,\nsont charg\u00e9s, chacun en ce qui le concerne, de l'ex\u00e9cution du pr\u00e9sent arr\u00eat\u00e9 qui sera publi\u00e9  \nau recueil des actes administratifs de la pr\u00e9fecture du Var.\nFait \u00e0 Toulon, le 16 juin 2025\nPour le pr\u00e9fet et par d\u00e9l\u00e9gation,\nPour le directeur d\u00e9partemental des \nterritoires et de la mer et par d\u00e9l\u00e9gation,\nla cheffe du service planifications et \nprospective\nsign\u00e9\nCarine LEONARD\nDirection d\u00e9partementale des territoires et de la mer du Var - 83-2025-06-16-00003 - Arr\u00eat\u00e9 pr\u00e9fectoral n\u00b0 DDTM/SPP/PAU 2025-27 du\n12 juin 2025 portant ouverture et organisation d'une enqu\u00eate publique relative \u00e0 une demande de cr\u00e9ation d'une zone agricole\nprot\u00e9g\u00e9e (ZAP) sur la commune de Cogolin\n48\nPr\u00e9fecture du VAR\n83-2025-06-16-00005\nARR\u00caT\u00c9 PR\u00c9FECTORAL n\u00b0 DCL/BERG/2025/0096\ndu 16 juin 2025 portant habilitation dans le\ndomaine fun\u00e9raire de l'\u00e9tablissement \u00ab\u00a0ROC\nECLERC\u00a0\u00bb 15 Place Gabriel P\u00e9ri \u00e0\nSAINT-RAPHA\u00cbL (83700)\nPr\u00e9fecture du VAR - 83-2025-06-16-00005 - ARR\u00caT\u00c9 PR\u00c9FECTORAL n\u00b0 DCL/BERG/2025/0096 du 16 juin 2025 portant habilitation dans le\ndomaine fun\u00e9raire de l'\u00e9tablissement \u00ab\u00a0ROC ECLERC\u00a0\u00bb 15 Place Gabriel P\u00e9ri \u00e0 SAINT-RAPHA\u00cbL (83700) 49\n=mPREFETDU VARLibert\u00e9Egalit\u00e9Fraternit\u00e9\nDirection de la citoyennet\u00e9 et de la l\u00e9galit\u00e9\nBureau des \u00e9lections et de la r\u00e9glementation g\u00e9n\u00e9rale\nARR\u00caT\u00c9 PR\u00c9FECTORAL n\u00b0 DCL/BERG/2025/0096 du 16 juin 2025\nportant habilitation dans le domaine fun\u00e9raire\nde l'\u00e9tablissement \u00ab ROC ECLERC \u00bb\n15 Place Gabriel P\u00e9ri \u2013 SAINT-RAPHA\u00cbL (83700)\nHabilitation N\u00b0 25-83-0296\nLe Pr\u00e9fet du Var,\nVu le code g\u00e9n\u00e9ral des collectivit\u00e9s territoriales ;\nVu la loi n\u00b0 2008-1350 du 19 d\u00e9cembre 2008 relative \u00e0 la l\u00e9gislation fun\u00e9raire ;\nVu le d\u00e9cret du Pr\u00e9sident de la R\u00e9publique du 15 mai 2025, portant nomination de Monsieur  \nSimon BABRE, pr\u00e9fet du Var ;\nVu  l'arr\u00eat\u00e9  pr\u00e9fectoral  n\u00b0  2025/12/MCI  du  2  juin  2025  portant  d\u00e9l\u00e9gation  de  signature  \u00e0 \nMonsieur  Lucien  GIUDICELLI,  secr\u00e9taire  g\u00e9n\u00e9ral  de  la  pr\u00e9fecture  du  Var,  sous-pr\u00e9fet  de \nl'arrondissement de Toulon ;\nVu  l'arr\u00eat\u00e9  pr\u00e9fectoral  n\u00b0  2025/17/MCI  du  2  juin  2025  portant  d\u00e9l\u00e9gation  de  signature  \u00e0 \nMonsieur Thibaut DARGON, directeur de la citoyennet\u00e9 et de la l\u00e9galit\u00e9 de la pr\u00e9fecture du  \nVar ;\nVu la demande formul\u00e9e par Monsieur Pascal FERRERO, directeur ex\u00e9cutif adjoint de la SAS  \nFUNECAP  SUD  EST,  en  vue  d'obtenir  l'habilitation  dans  le  domaine  fun\u00e9raire  de  \nl'\u00e9tablissement  de  pompes  fun\u00e8bres  exploit\u00e9  sous  le  nom  commercial  et  sous  l'enseigne \n\u00ab ROC-ECLERC \u00bb, situ\u00e9 15 Place Gabriel P\u00e9ri \u00e0 Saint-Rapha\u00ebl (83700) ;\nConsid\u00e9rant la compl\u00e9tude du dossier ;\nSur proposition du secr\u00e9taire g\u00e9n\u00e9ral de la pr\u00e9fecture ;\nARR\u00caTE\nArticle 1  :  L'\u00e9tablissement de pompes fun\u00e8bres exploit\u00e9 sous le nom commercial et sous  \nl'enseigne \u00ab ROC-ECLERC \u00bb, sis 15 Place Gabriel P\u00e9ri \u00e0 Saint-Rapha\u00ebl (83700), relevant de la SAS \n\u00ab FUNECAP SUD EST \u00bb et repr\u00e9sent\u00e9 par Monsieur Pascal FERRERO, directeur ex\u00e9cutif adjoint, \nest habilit\u00e9 pour exercer les activit\u00e9s suivantes :\n1 - Transport de corps avant et apr\u00e8s mise en bi\u00e8re,\n2 - Organisation des obs\u00e8ques,\n3 - Soins de conservation, en sous-traitance avec :\n- la soci\u00e9t\u00e9 \u00ab  AMV Thanato \u00bb sise 380 avenue de Fabron, La Couronne de Fabron \u00e0 Nice \n(06200), habilit\u00e9e sous le num\u00e9ro 23-06-0280,\n1/2\nPr\u00e9fecture du VAR - 83-2025-06-16-00005 - ARR\u00caT\u00c9 PR\u00c9FECTORAL n\u00b0 DCL/BERG/2025/0096 du 16 juin 2025 portant habilitation dans le\ndomaine fun\u00e9raire de l'\u00e9tablissement \u00ab\u00a0ROC ECLERC\u00a0\u00bb 15 Place Gabriel P\u00e9ri \u00e0 SAINT-RAPHA\u00cbL (83700) 50\n4 - Fourniture des housses, cercueils et accessoires int\u00e9rieur et ext\u00e9rieur ainsi que des urnes\ncin\u00e9raires,\n7 - Fourniture des corbillards et voitures de deuil,\n8 - Fourniture  de  personnels  et  des  objets  et  prestations  n\u00e9cessaires  aux  obs\u00e8ques, \ninhumations, exhumations et cr\u00e9mations.\nArticle 2     : L'habilitation porte le num\u00e9ro 25-83-0296.\nArticle 3     : La pr\u00e9sente habilitation prendra effet \u00e0 compter de sa date de signature, pour une  \ndur\u00e9e de cinq ans.\nPour  solliciter  le  renouvellement  de  la  pr\u00e9sente  habilitation,  le  b\u00e9n\u00e9ficiaire  devra  faire \nparvenir sa demande en pr\u00e9fecture au plus tard deux mois avant sa date de fin de validit\u00e9.\nArticle 4     : Conform\u00e9ment aux articles L.2223-25 et R.2223-64, D.2223-87 du code g\u00e9n\u00e9ral des  \ncollectivit\u00e9s  territoriales,  et  \u00e0  d\u00e9faut  de  la  production,  dans  les  meilleurs  d\u00e9lais,  des  \njustificatifs de conformit\u00e9 des \u00e9quipements, la pr\u00e9sente habilitation pourra \u00eatre suspendue  \npour une dur\u00e9e maximale d'un an ou retir\u00e9e, apr\u00e8s mise en demeure, pour les motifs suivants :\n- non-respect des conditions de sa d\u00e9livrance telles qu'elles sont d\u00e9finies par les dispositions  \ndu code g\u00e9n\u00e9ral des collectivit\u00e9s territoriales ;\n- non exercice ou cessation d'exercice des activit\u00e9s au titre desquelles elle a \u00e9t\u00e9 d\u00e9livr\u00e9e ;\n- atteinte \u00e0 l'ordre public ou danger pour la salubrit\u00e9 publique.\nDans  les  cas  o\u00f9  le  b\u00e9n\u00e9ficiaire  est  un  d\u00e9l\u00e9gataire,  le  retrait  d'habilitation  entra\u00eene  la \nd\u00e9ch\u00e9ance des d\u00e9l\u00e9gations.\nArticle 5     : Le secr\u00e9taire g\u00e9n\u00e9ral de la pr\u00e9fecture du Var est charg\u00e9 de l'ex\u00e9cution du pr\u00e9sent  \narr\u00eat\u00e9 qui sera publi\u00e9 au recueil des actes administratifs de la pr\u00e9fecture du Var et dont une  \ncopie sera adress\u00e9e au maire de la commune de Toulon pour information.\nToulon, le 16 juin 2025\nPour le pr\u00e9fet et par d\u00e9l\u00e9gation,\nle directeur de la citoyennet\u00e9\net de la l\u00e9galit\u00e9,\nSign\u00e9\nThibaut DARGON\nDans un d\u00e9lai de deux mois \u00e0 compter de la date de la notification ou de la publication du pr\u00e9sent arr\u00eat\u00e9 au recueil des actes administratifs de la \npr\u00e9fecture, les recours suivants peuvent \u00eatre introduits conform\u00e9ment aux dispositions des articles R. 421-1 et suivants du code de justice \nadministrative :\n- un recours gracieux, adress\u00e9 \u00e0 :\nM. le Pr\u00e9fet du Var - Boulevard du 112\u00e8me r\u00e9giment d'infanterie - CS 31209 - 83070 TOULON CEDEX\n- un recours hi\u00e9rarchique, adress\u00e9 au(x) ministre(s) concern\u00e9(s) ;\nDans ces deux cas, le silence de l'Administration vaut rejet implicite au terme d'un d\u00e9lai de deux mois.\nApr\u00e8s un recours gracieux ou hi\u00e9rarchique, le d\u00e9lai du recours contentieux ne court qu'\u00e0 compter du rejet explicite ou implicite de l'un de ces \nrecours.\n- un recours contentieux, en saisissant le Tribunal Administratif de Toulon : 5 rue Racine -BP 40510 - 83 041 TOULON CEDEX 9\nLe tribunal administratif peut \u00eatre saisi par l'application informatique \u00ab T\u00e9l\u00e9cours \u00bb accessible par le site internet www.telecours.fr.\n2/2\nPr\u00e9fecture du VAR - 83-2025-06-16-00005 - ARR\u00caT\u00c9 PR\u00c9FECTORAL n\u00b0 DCL/BERG/2025/0096 du 16 juin 2025 portant habilitation dans le\ndomaine fun\u00e9raire de l'\u00e9tablissement \u00ab\u00a0ROC ECLERC\u00a0\u00bb 15 Place Gabriel P\u00e9ri \u00e0 SAINT-RAPHA\u00cbL (83700) 51\nPr\u00e9fecture du VAR\n83-2025-06-13-00002\nArr\u00eat\u00e9 pr\u00e9fectoral du 13 juin 2025 portant\nmodification de la composition nominative\nde la formation sp\u00e9cialis\u00e9e \u00ab\u00a0publicit\u00e9\u00a0\u00bb de la\ncommission d\u00e9partementale\nde la nature, des paysages et des sites du Var\nPr\u00e9fecture du VAR - 83-2025-06-13-00002 - Arr\u00eat\u00e9 pr\u00e9fectoral du 13 juin 2025 portant modification de la composition nominative\nde la formation sp\u00e9cialis\u00e9e \u00ab\u00a0publicit\u00e9\u00a0\u00bb de la commission d\u00e9partementale\nde la nature, des paysages et des sites du Var\n52\n=mPREFETDU VARLibert\u00e9Egalit\u00e9Fraternit\u00e9\nDirection de la coordination\ndes politiques publiques et\nde l'appui territorial\nBureau de l'environnement et du d\u00e9veloppement durable\nARR\u00caT\u00c9 PR\u00c9FECTORAL \nportant modification de la composition nominative\nde la formation sp\u00e9cialis\u00e9e \u00ab publicit\u00e9 \u00bb de la commission d\u00e9partementale\nde la nature, des paysages et des sites du Var.\nLe pr\u00e9fet du Var,\nVu le code de l'environnement, notamment les articles R341-16 \u00e0 R341-20 ;\nVu le code g\u00e9n\u00e9ral des collectivit\u00e9s territoriales ;\nVu  le  code  des  relations  entre  le  public  et  l'administration,  notamment  les  articles  \nR133-1 \u00e0 R133-15 ;\nVu le d\u00e9cret n\u00b0 2011-833 du 12 juillet 2011 modifi\u00e9 fixant la liste des instances consultatives  \nayant vocation \u00e0 examiner les politiques d'environnement et de d\u00e9veloppement durable ;\nVu le d\u00e9cret du Pr\u00e9sident de la R\u00e9publique du 15 mai 2025 portant nomination de M. Simon  \nBABRE, pr\u00e9fet du Var ;\nVu le d\u00e9cret du Pr\u00e9sident de la R\u00e9publique du 15 avril 2022 nommant M. Lucien GIUDICELLI  \nsecr\u00e9taire g\u00e9n\u00e9ral de la pr\u00e9fecture du Var, sous-pr\u00e9fet de l'arrondissement de Toulon ;\nVu l'arr\u00eat\u00e9 pr\u00e9fectoral n\u00b0 2025/12/MCI du 2 juin 2025 portant d\u00e9l\u00e9gation de signature \u00e0 M.  \nLucien GIUDICELLI, secr\u00e9taire g\u00e9n\u00e9ral de la pr\u00e9fecture du Var, sous-pr\u00e9fet de l'arrondissement \nde Toulon ;\nVu l'arr\u00eat\u00e9 pr\u00e9fectoral du 5 octobre 2006 portant cr\u00e9ation de la commission d\u00e9partementale \nde la nature, des paysages et des sites du Var ;\nVu  l'arr\u00eat\u00e9  pr\u00e9fectoral  du  6  octobre  2022,  modifi\u00e9,  portant  renouvellement  de  la  \ncomposition  nominative  de  la  formation  sp\u00e9cialis\u00e9e  \u00ab  publicit\u00e9 \u00bb  de  la  commission \nd\u00e9partementale de la nature, des paysages et des sites (CDNPS) du Var ;\n1\nPr\u00e9fecture du VAR - 83-2025-06-13-00002 - Arr\u00eat\u00e9 pr\u00e9fectoral du 13 juin 2025 portant modification de la composition nominative\nde la formation sp\u00e9cialis\u00e9e \u00ab\u00a0publicit\u00e9\u00a0\u00bb de la commission d\u00e9partementale\nde la nature, des paysages et des sites du Var\n53\nVu les courriels des 10 et 12 juin 2025, par lesquels MM Jean-Pierre CLARAC et Didier COROT,  \npaysagistes, informent le secr\u00e9tariat de la commission de la d\u00e9mission de ce dernier, de son  \nremplacement, en qualit\u00e9 de suppl\u00e9ant, par M. CLARAC, et de la d\u00e9signation de M. Pierre  \nDAVID, paysagiste, pour si\u00e9ger en qualit\u00e9 de titulaire, au sein du troisi\u00e8me coll\u00e8ge de la  \nformation sp\u00e9cialis\u00e9e \u00ab publicit\u00e9 \u00bb de la CDNPS du Var ;\nConsid\u00e9rant qu'il convient de modifier la composition nominative du troisi\u00e8me coll\u00e8ge pour  \ntenir compte de ce changement ; \nSur proposition du secr\u00e9taire g\u00e9n\u00e9ral de la pr\u00e9fecture du Var,\nA R R \u00ca T E\nArticle 1\nL'article 1 de l'arr\u00eat\u00e9 pr\u00e9fectoral du 6 octobre 2022 portant renouvellement de la composition \nnominative de la formation sp\u00e9cialis\u00e9e \u00ab  publicit\u00e9 \u00bb de la commission d\u00e9partementale de la  \nnature, des paysages et des sites du Var, pr\u00e9sid\u00e9e par le pr\u00e9fet ou son repr\u00e9sentant, est  \nmodifi\u00e9 comme suit : \n\u00ab 1. Coll\u00e8ge des repr\u00e9sentants de l'\u00c9tat\n\u27a2 le directeur r\u00e9gional de l'environnement, de l'am\u00e9nagement et du logement ou son  \nrepr\u00e9sentant ;\n\u27a2 deux repr\u00e9sentants du directeur des territoires et de la mer, au titre de l'urbanisme et  \nde l'agriculture ;\n\u27a2 la  cheffe  de  l'unit\u00e9  d\u00e9partementale  de  l'architecture  et  du  patrimoine  ou  son \nrepr\u00e9sentant.\n2. Coll\u00e8ge des repr\u00e9sentants des collectivit\u00e9s territoriales et des \u00e9tablissements publics de  \ncoop\u00e9ration intercommunale\n\u27a2 maires :\nTitulaire       : Mme Carine PAILLARD, maire de Plan-d'Aups-Sainte-Baume ;\nSuppl\u00e9ant   : M. Laurent GUEIT, maire de Mazaugues ;\nTitulaire       : M. Philippe BARTHELEMY, maire de Saint-Cyr-sur-mer ;\nSuppl\u00e9ante : Mme Blandine MONIER, maire d'\u00c9venos ;\n\u27a2 conseillers d\u00e9partementaux :\nTitulaire        : Mme Andr\u00e9e SAMAT ;\nSuppl\u00e9ante  : Mme Martine ARENAS ;\n\u27a2 repr\u00e9sentants d'\u00e9tablissement public de coop\u00e9ration intercommunale\nTitulaire      : M. Gilles VINCENT,\n                                   vice-pr\u00e9sident de la m\u00e9tropole Toulon-Provence-M\u00e9diterran\u00e9e ; \nSuppl\u00e9ant  : M. Rolland BALBIS,\n                                   pr\u00e9sident de la communaut\u00e9 de communes \u00ab Lacs et gorges du Verdon \u00bb.\n2\nPr\u00e9fecture du VAR - 83-2025-06-13-00002 - Arr\u00eat\u00e9 pr\u00e9fectoral du 13 juin 2025 portant modification de la composition nominative\nde la formation sp\u00e9cialis\u00e9e \u00ab\u00a0publicit\u00e9\u00a0\u00bb de la commission d\u00e9partementale\nde la nature, des paysages et des sites du Var\n54\n3. Coll\u00e8ge des personnels qualifi\u00e9s en mati\u00e8re de science de la nature, de protection des sites \nou du cadre de vie, de repr\u00e9sentants d'associations agr\u00e9\u00e9es de protection de l'environnement\n\u27a2 personnalit\u00e9s qualifi\u00e9es en mati\u00e8re de science de la nature, de protection des sites ou  \ndu cadre de vie\n      Titulaire     : M. Fr\u00e9d\u00e9ric \u00c9TH\u00c8VE, \u00e9cologue ;\n      Suppl\u00e9ant  : M. Yves MORVANT, \u00e9cologue ;\nTitulaire      : M. Pierre DAVID, paysagiste ;\nSuppl\u00e9ant  : M. Jean-Pierre CLARAC paysagiste ;\n\u27a2 associations agr\u00e9\u00e9es de protection de l'environnement \nTitulaire      : M. Marc RAINAUD, association varoise pour la sauvegarde de     \nl'agriculture, de la nature et de l'environnement (AVSANE) ;\nSuppl\u00e9ante : Mme Annie COMBES, association varoise pour la sauvegarde de    \n        l'agriculture, de la nature et de l'environnement (AVSANE) ;\n            Titulaire    : M. Jean-Louis AULARD-MACLER, France nature environnement Var (FNE83) ;\n            Suppl\u00e9ant : M. Patrick LAFFITTE, France nature environnement Var (FNE83) ;\n4. Coll\u00e8ge  des  professionnels  repr\u00e9sentant  les  entreprises  de  publicit\u00e9  et  les  fabricants \nd'enseignes\n\u27a2 Publicit\u00e9\nTitulaire      : M. Antoine MOULIN (Groupe JC Decaux) ;\nSuppl\u00e9ant  : M. Cyril GIUSTI (Groupe JC Decaux) ;\nTitulaire      : M. J\u00e9r\u00f4me BRISSON (Insert) ;\nSuppl\u00e9ant  : M. Charles-Henri DOUMERC (UPE) ;\nTitulaire       : M. St\u00e9phane GAFFORI (Cityz Media) ;\nSuppl\u00e9ante : Mme Cl\u00e9mence LORENZATO (Cityz Media) ;\n\u27a2 Enseignes\nTitulaire       : M. Bernard VOARINO (e-visions) ;\nSuppl\u00e9ante : Mme Gwena\u00eblle GIL-PAILLIEUX (e-visions) \u00bb.\nArticle 2 \nLa dur\u00e9e de mandat des membres d\u00e9sign\u00e9s \u00e0 l'article 1 est de trois ans.\nArticle 3\nLe pr\u00e9sent arr\u00eat\u00e9 peut faire l'objet d'un  recours gracieux adress\u00e9 au pr\u00e9fet du Var, ou d'un  \nrecours hi\u00e9rarchique aupr\u00e8s du ministre de tutelle ou d'un  recours contentieux devant le  \ntribunal  administratif  de  Toulon,  dans  un  d\u00e9lai  de  deux  mois  \u00e0  compter  de  sa  date  de \nnotification ou de publication au recueil des actes administratifs de la pr\u00e9fecture.\n3\nPr\u00e9fecture du VAR - 83-2025-06-13-00002 - Arr\u00eat\u00e9 pr\u00e9fectoral du 13 juin 2025 portant modification de la composition nominative\nde la formation sp\u00e9cialis\u00e9e \u00ab\u00a0publicit\u00e9\u00a0\u00bb de la commission d\u00e9partementale\nde la nature, des paysages et des sites du Var\n55\nLe silence gard\u00e9 par l'administration pendant plus de deux mois sur la demande de recours  \ngracieux emporte d\u00e9cision implicite de rejet de cette demande conform\u00e9ment \u00e0 l'article  \nR421-2 du code de justice administrative.\nCette  d\u00e9cision  implicite  de  rejet  peut  alors  faire  l'objet  d'un  recours  devant  le  tribunal \nadministratif territorialement comp\u00e9tent dans un d\u00e9lai de deux mois.\nDans  le  cas  o\u00f9  un  recours  contentieux  serait  engag\u00e9  devant  le  tribunal  administratif  de \nToulon, il intervient par un d\u00e9p\u00f4t de requ\u00eate, soit aupr\u00e8s de l'accueil de la juridiction, soit par \ncourrier ou au moyen de l'application informatique \"T\u00e9l\u00e9recours citoyen\" accessible par le site \ninternet www.telerecours.fr  .  \nArticle 4\nLe secr\u00e9taire g\u00e9n\u00e9ral de la pr\u00e9fecture du Var est charg\u00e9 de l'ex\u00e9cution du pr\u00e9sent arr\u00eat\u00e9 qui  \nsera publi\u00e9 au recueil des actes administratifs de la pr\u00e9fecture du Var et dont copie sera  \nadress\u00e9e aux membres de la commission d\u00e9partementale de la nature, des paysages et des  \nsites dans sa formation \u00ab publicit\u00e9 \u00bb.\nFait \u00e0 Toulon, le 13 juin 2025\nPour  le  Pr\u00e9fet  et  par  d\u00e9l\u00e9gation,  le  \nSecr\u00e9taire g\u00e9n\u00e9ral\nSIGNE : Lucien GIUDICELLI\n4\nPr\u00e9fecture du VAR - 83-2025-06-13-00002 - Arr\u00eat\u00e9 pr\u00e9fectoral du 13 juin 2025 portant modification de la composition nominative\nde la formation sp\u00e9cialis\u00e9e \u00ab\u00a0publicit\u00e9\u00a0\u00bb de la commission d\u00e9partementale\nde la nature, des paysages et des sites du Var\n56\nSecr\u00e9tariat g\u00e9n\u00e9ral commun d\u00e9partemental\n83-2025-06-16-00002\nArr\u00eat\u00e9 n\u00b0SGC/2025 du 16 juin 2025 portant\nsubd\u00e9l\u00e9gation de signature et\nd'ordonnancement secondaire aux cadres du\nsecr\u00e9tariat g\u00e9n\u00e9ral commun d\u00e9partemental du\nVar\nSecr\u00e9tariat g\u00e9n\u00e9ral commun d\u00e9partemental - 83-2025-06-16-00002 - Arr\u00eat\u00e9 n\u00b0SGC/2025 du 16 juin 2025 portant subd\u00e9l\u00e9gation de\nsignature et d'ordonnancement secondaire aux cadres du secr\u00e9tariat g\u00e9n\u00e9ral commun d\u00e9partemental du Var 57\n=mPREFETDU VARLibert\u00e9Egalit\u00e9Fraternit\u00e9\nARR\u00caT\u00c9 n\u00b0 SGC/2025 \u2013 du 16 juin 2025\nPortant subd\u00e9l\u00e9gation de signature et d'ordonnancement secondaire aux cadres \ndu secr\u00e9tariat g\u00e9n\u00e9ral commun d\u00e9partemental du Var\nLe Pr\u00e9fet du Var,\nChevalier de la L\u00e9gion d'Honneur,\nChevalier de l'Ordre National du M\u00e9rite,\nVu la loi organique n\u00b0\u00a02001-692 du 1er ao\u00fbt 2001 modifi\u00e9e, relative aux lois de finances\u00a0;\nVu la loi d'orientation n\u00b0\u00a092-125 du 6 f\u00e9vrier 1992 modifi\u00e9e, relative \u00e0 l'administration\nterritoriale de la R\u00e9publique\u00a0;\nVu le d\u00e9cret n\u00b082-453 du 28 mai 1982 relatif \u00e0 l'hygi\u00e8ne et \u00e0 la s\u00e9curit\u00e9 du travail ainsi  \nqu'\u00e0 la pr\u00e9vention m\u00e9dicale dans la fonction publique\u00a0;\nVu le d\u00e9cret n\u00b0 \u00a02004-374 du 29 avril 2004 modifi\u00e9, relatif aux pouvoirs des pr\u00e9fets, \u00e0\nl'organisation et \u00e0 l'action des services de l'\u00c9tat dans les r\u00e9gions et d\u00e9partements\u00a0;\nVu le d\u00e9cret n\u00b0\u00a02006-1780 du 23 d\u00e9cembre 2006 modifi\u00e9, portant d\u00e9l\u00e9gation de pouvoir \nen mati\u00e8re de recrutement et de gestion de certains personnels relevant du minist\u00e8re  \nde l'int\u00e9rieur\u00a0;\nVu  le  d\u00e9cret  n\u00b0\u00a02009-1484  du  3  d\u00e9cembre  2009  modifi\u00e9,  relatif  aux  directions \nd\u00e9partementales interminist\u00e9rielles\u00a0;\nVu le d\u00e9cret n\u00b0\u00a02012-1246 du 7 novembre 2012 modifi\u00e9, relatif \u00e0 la gestion budg\u00e9taire et \ncomptable publique\u00a0;\nVu le d\u00e9cret n\u00b0\u00a02015-510 du 7 mai 2015 modifi\u00e9, portant charte de la d\u00e9concentration\u00a0;\nVu le d\u00e9cret n\u00b0\u00a02019-1594 du 31 d\u00e9cembre 2019 modifi\u00e9, relatif aux emplois de direction \nde l'\u00c9tat, notamment les articles 34 et suivants\u00a0;\nVu le d\u00e9cret n\u00b0 \u00a02020-99 du 7 f\u00e9vrier 2020 relatif \u00e0 l'organisation et aux missions des  \nsecr\u00e9tariats g\u00e9n\u00e9raux communs d\u00e9partementaux\u00a0;\nSecr\u00e9tariat g\u00e9n\u00e9ral commun d\u00e9partemental - 83-2025-06-16-00002 - Arr\u00eat\u00e9 n\u00b0SGC/2025 du 16 juin 2025 portant subd\u00e9l\u00e9gation de\nsignature et d'ordonnancement secondaire aux cadres du secr\u00e9tariat g\u00e9n\u00e9ral commun d\u00e9partemental du Var 58\nVu  le  d\u00e9cret  n\u00b02020-1427  du  20  novembre  2020  relatif  aux  comit\u00e9s  sociaux \nd'administration dans les administrations et les \u00e9tablissements publics de l'\u00c9tat\u00a0;\nVu le d\u00e9cret du Pr\u00e9sident de la R\u00e9publique du 15 mai 2025 portant nomination de M.  \nSimon BABRE, pr\u00e9fet du Var\u00a0;\nVu l'arr\u00eat\u00e9 du 31 mars 2011 modifi\u00e9, portant d\u00e9concentration des d\u00e9cisions relatives \u00e0  \nla  situation  individuelle  des  fonctionnaires  et  agents  non  titulaires  exer\u00e7ant  leurs \nfonctions dans les directions d\u00e9partementales interminist\u00e9rielles\u00a0;\nVu l'arr\u00eat\u00e9 du 28 d\u00e9cembre 2017 modifi\u00e9, portant d\u00e9l\u00e9gation de pouvoir en mati\u00e8re de  \nrecrutement et de gestion des personnels administratifs du minist\u00e8re de l'Int\u00e9rieur\u00a0;\nVu la circulaire du 12 juin 2019 du Premier ministre relative \u00e0 la mise en \u0153uvre de la  \nr\u00e9forme de l'organisation territoriale de l'\u00c9tat\u00a0;\nVu la circulaire n\u00b0\u00a06104/SG du 2 ao\u00fbt 2019 du Premier ministre relative \u00e0 la constitution  \nde secr\u00e9tariats g\u00e9n\u00e9raux communs aux pr\u00e9fectures et aux directions d\u00e9partementales  \ninterminist\u00e9rielles\u00a0;\nVu l'arr\u00eat\u00e9 n\u00b02020/96/MCI du 29 d\u00e9cembre 2020 portant cr\u00e9ation et organisation du  \nsecr\u00e9tariat g\u00e9n\u00e9ral commun d\u00e9partemental du Var\u00a0;\nVu l'arr\u00eat\u00e9 du Premier ministre et du ministre de l'Int\u00e9rieur du 3 octobre 2024, portant  \nnomination de M. S\u00e9bastien ODDONE, attach\u00e9 d'administration de l'Etat hors classe,  \ndirecteur du secr\u00e9tariat g\u00e9n\u00e9ral commun d\u00e9partemental du Var\u00a0; \nVu l'arr\u00eat\u00e9 n\u00b0 SGC/2025 \u2013 du 23 janvier 2025 portant subd\u00e9l\u00e9gation de signature et  \nd'ordonnancement  secondaire  aux  cadres  du  secr\u00e9tariat  g\u00e9n\u00e9ral  commun  \nd\u00e9partemental du Var\nVu l'arr\u00eat\u00e9 pr\u00e9fectoral n\u00b02025/22/MCI du 2 juin 2025, portant d\u00e9l\u00e9gation de signature et \nd'ordonnancement  secondaire  des  recettes  et  d\u00e9penses  de  l'\u00c9tat  au  titre  des \nprogrammes ex\u00e9cut\u00e9s par la SGCD du Var \u00e0 Monsieur S\u00e9bastien ODDONE,\nDirecteur du secr\u00e9tariat g\u00e9n\u00e9ral commun d\u00e9partemental du Var\nSur proposition du directeur du secr\u00e9tariat g\u00e9n\u00e9ral commun d\u00e9partemental\u00a0;\nARR\u00caTE\nArticle 1 \u00a0: La d\u00e9l\u00e9gation de signature donn\u00e9e \u00e0 M. S\u00e9bastien ODDONE directeur du  \nsecr\u00e9tariat g\u00e9n\u00e9ral commun d\u00e9partemental du Var, n\u00b02025/22/MCI du 02 juin 2025 est  \nsubd\u00e9l\u00e9gu\u00e9e \u00e0\u00a0:\nSecr\u00e9tariat g\u00e9n\u00e9ral commun d\u00e9partemental - 83-2025-06-16-00002 - Arr\u00eat\u00e9 n\u00b0SGC/2025 du 16 juin 2025 portant subd\u00e9l\u00e9gation de\nsignature et d'ordonnancement secondaire aux cadres du secr\u00e9tariat g\u00e9n\u00e9ral commun d\u00e9partemental du Var 59\nM. Alexandre PROUD, attach\u00e9 Hors classe d'administration de l'\u00c9tat, directeur adjoint  \ndu secr\u00e9tariat g\u00e9n\u00e9ral commun d\u00e9partemental \u00e0 compter du 15 janvier 2025.\nCette  subd\u00e9l\u00e9gation  porte  sur  toutes  les  mati\u00e8res  d\u00e9finies  \u00e0  l'arr\u00eat\u00e9  pr\u00e9fectoral \nn\u00b02025/22/MCI du 02 juin 2025 susvis\u00e9, aux fins de signer tous actes, documents ou  \nd\u00e9cisions se traduisant par l'ordonnancement secondaire des recettes et des d\u00e9penses  \nde l'\u00c9tat, relevant des attributions et du fonctionnement du SGCD, imput\u00e9es sur les  \nprogrammes suivants et dans la limite de 100\u00a0000\u00a0\u20ac\u00a0:\n\u2022 124 \u00ab \u00a0Conduite et soutien des politiques sanitaires, sociales, du sport, de la  \njeunesse  et  de  la  vie  associative\u00a0\u00bb,  en  ce  qu'elles  concernent  les  d\u00e9penses \nm\u00e9dicales et d'action sociale\u00a0\u00bb\u00a0;\n\u2022 134 \u00ab\u00a0d\u00e9veloppement des entreprises\u00a0\u00bb, en ce qu'elles concernent les d\u00e9penses  \nm\u00e9dicales et d'action sociale\u00a0;\n\u2022 148 \u00ab\u00a0fonction publique\u00a0\u00bb\u00a0;\n\u2022 155 \u00ab\u00a0Conception, gestion et \u00e9valuation des politiques de l'emploi et du travail , \nen ce qu'elles concernent les d\u00e9penses m\u00e9dicales et d'action sociale\u00a0;\n\u2022 176 \u00ab\u00a0police nationale\u00a0\u00bb, en ce qu'elles concernent les commissions de secours  \net l'action sociale\u00a0; \n\u2022 206 \u00ab\u00a0s\u00e9curit\u00e9 et qualit\u00e9 sanitaires de l'alimentation\u00a0\u00bb, en ce qu'elles concernent \nles d\u00e9penses  m\u00e9dicales et d'action sociale\u00a0;\n\u2022 207 \u00ab\u00a0S\u00e9curit\u00e9 et \u00e9ducation routi\u00e8res\u00a0\u00bb\n\u2022 215  \u00ab\u00a0conduite  et  pilotage  des  politiques  de  l'agriculture\u00a0\u00bb,  en  ce  qu'elles \nconcernent les d\u00e9penses  m\u00e9dicales et d'action sociale\u00a0;\n\u2022 216  \u00ab\u00a0conduite  et  pilotage  des  politiques  de  l'Int\u00e9rieur\u00a0\u00bb,  en  ce  qu'elles \nconcernent  les  d\u00e9penses  d'action  sociale\u00a0et  l'action  6  affaires  juridiques  et \ncontentieuses\u00a0;\n\u2022 217 \u00ab\u00a0conduite et pilotage des politiques de l'\u00e9cologie, du d\u00e9veloppement et de \nla  mobilit\u00e9  durables\u00a0\u00bb,  en  ce  qu'elles  concernent  les  d\u00e9penses  m\u00e9dicales, \nd'action sociale, de d\u00e9placements et de mission ;\n\u2022 232 \u00ab\u00a0Vie politique\u00a0\u00bb en ce qu'elles concernent les d\u00e9penses des \u00e9lections\u00a0; \n\u2022 348  \u00ab\u00a0r\u00e9novation  des  cit\u00e9s  administratives  et  autres  sites  domaniaux  multi-\noccupants\u00a0\u00bb\u00a0;\n\u2022 349 \u00ab\u00a0fonds pour la transformation de l'action publique\u00a0\u00bb ;\n\u2022 354 \u00ab\u00a0administration territoriale de l'\u00c9tat\u00a0\u00bb\u00a0;\n\u2022 362 \u00ab\u00a0\u00e9cologie\u00a0\u00bb\u00a0;\n\u2022 363 \u00ab\u00a0comp\u00e9titivit\u00e9\u00a0\u00bb\u00a0;\n\u2022 723 \u00ab\u00a0op\u00e9rations immobili\u00e8res et entretien des b\u00e2timents de l'\u00c9tat\u00a0\u00bb.\nArticle  2\u00a0:  D\u00e9l\u00e9gation  de  signature  est  donn\u00e9e,  \u00e0  l'effet  de  signer  les  actes  et \ndocuments relevant de la comp\u00e9tence de leur service interminist\u00e9riel \u00e0 \u00a0:\n\u2022 M. Franck MAINAS, attach\u00e9 principal d'administration de l'\u00c9tat, chef du service  \ninterminist\u00e9riel des ressources humaines;\n\u2022 Mme Nathalie TOURET,  attach\u00e9e d 'administration de l'\u00c9tat, cheffe du service  \ninterminist\u00e9riel du budget et des achats\u00a0;\nSecr\u00e9tariat g\u00e9n\u00e9ral commun d\u00e9partemental - 83-2025-06-16-00002 - Arr\u00eat\u00e9 n\u00b0SGC/2025 du 16 juin 2025 portant subd\u00e9l\u00e9gation de\nsignature et d'ordonnancement secondaire aux cadres du secr\u00e9tariat g\u00e9n\u00e9ral commun d\u00e9partemental du Var 60\n\u2022 Mme Pascale GRAPPIN, Ing\u00e9nieur en chef, cheffe du service interminist\u00e9riel de  \nl'immobilier, de la logistique, du courrier, et de l'accueil ;\n\u2022 M. Herv\u00e9 MARCY, ing\u00e9nieur des syst\u00e8mes d'information et de communication,  \nchef du service interminist\u00e9riel d\u00e9partemental des syst\u00e8mes d'information et de  \ncommunication\u00a0;\nArticle 3 \u00a0: D\u00e9l\u00e9gation de signature est donn\u00e9e \u00e0 M. Franck MAINAS, chef du  service \ninterminist\u00e9riel des ressources humaines , pour signer les actes et documents relevant  \ndu service interminist\u00e9riel des ressources humaines, \u00e0 savoir la gestion des carri\u00e8res, le  \ntemps partiel, le suivi des effectifs, la formation, l'action sociale et le dialogue social, se \ntraduisant par l'ordonnancement secondaire des recettes et des d\u00e9penses de l'\u00c9tat,  \nrelevant des attributions et du fonctionnement du SGCD, imput\u00e9es sur les programmes \nsuivants et \u00e0 concurrence de 5\u00a0000\u00a0\u20ac\u00a0:\n\u25aa 124 \u00ab \u00a0conduite et soutien des politiques sanitaires, sociales, du sport, de la  \njeunesse  et  de  la  vie  associative\u00a0\u00bb,  en  ce  qu'elles  concernent  les  d\u00e9penses \nm\u00e9dicales et d'action sociale\u00a0\u00bb\u00a0;\n\u25aa 134 \u00ab\u00a0d\u00e9veloppement des entreprises\u00a0\u00bb, en ce qu'elles concernent les d\u00e9penses \nm\u00e9dicales et d'action sociale\u00a0;\n\u25aa 155 \u00ab\u00a0conception, gestion et \u00e9valuation des politiques de l'emploi et du travail , \nen ce qu'elles concernent les d\u00e9penses m\u00e9dicales et d'action sociale\u00a0;\n\u25aa 176 \u00ab\u00a0police nationale\u00a0\u00bb, en ce qu'elles concernent les commissions de secours  \net l'action sociale\u00a0; \n\u25aa 206  \u00ab\u00a0s\u00e9curit\u00e9  et  qualit\u00e9  sanitaires  de  l'alimentation\u00a0\u00bb,  en  ce  qu'elles \nconcernent les d\u00e9penses m\u00e9dicales et d'action sociale\u00a0;\n\u25aa 215  \u00ab\u00a0conduite  et  pilotage  des  politiques  de  l'agriculture\u00a0\u00bb,  en  ce  qu'elles \nconcernent les d\u00e9penses m\u00e9dicales et d'action sociale\u00a0;\n\u25aa 216  \u00ab\u00a0conduite  et  pilotage  des  politiques  de  l'Int\u00e9rieur\u00a0\u00bb,  en  ce  qu'elles \nconcernent les d\u00e9penses m\u00e9dicales et d'action sociale\u00a0;\n\u25aa 217 \u00ab\u00a0conduite et pilotage des politiques de l'\u00e9cologie, du d\u00e9veloppement et  \nde la mobilit\u00e9 durables\u00a0\u00bb, en ce qu'elles concernent les d\u00e9penses m\u00e9dicales et  \nd'action sociale\u00a0;\n\u25aa 354  \u00ab\u00a0administration  territoriale  de  l'Etat\u00a0\u00bb,  en  ce  qu'elles  concernent  les \nd\u00e9penses d'action sociale, de formation et le titre 2.\nEn cas d'absence ou d'emp\u00eachement de M. Franck MAINAS, d\u00e9l\u00e9gation est donn\u00e9e  \ndans les m\u00eames conditions et sous son contr\u00f4le \u00e0\u00a0:\n\u2022 Mme Vanessa GEBELLIN, attach\u00e9e, en sa qualit\u00e9 d'adjointe au chef du SIRH,  \ncheffe du p\u00f4le MI et du p\u00f4le contractuels ATE, pou r les actes et documents  \nrelevant  du  service  interminist\u00e9riel  des  ressources  humaines  pr\u00e9cit\u00e9s  se \ntraduisant par l'ordonnancement secondaire des recettes et des d\u00e9penses de  \nl'\u00c9tat, relevant des attributions et du fonctionnement du SGCD, imput\u00e9es sur les \nprogrammes suivants et \u00e0 concurrence de 5\u00a0000\u00a0\u20ac\u00a0;\n\u2022 Mme  Karine  DEON,  inspectrice  du  travail,  en  sa  qualit\u00e9  de  cheffe  de  p\u00f4le \nMASA/MSO, pour les actes et documents relevant de la gestion courante  des  \nSecr\u00e9tariat g\u00e9n\u00e9ral commun d\u00e9partemental - 83-2025-06-16-00002 - Arr\u00eat\u00e9 n\u00b0SGC/2025 du 16 juin 2025 portant subd\u00e9l\u00e9gation de\nsignature et d'ordonnancement secondaire aux cadres du secr\u00e9tariat g\u00e9n\u00e9ral commun d\u00e9partemental du Var 61\ncarri\u00e8res  du  personnel  du  minist\u00e8re  de  l'agriculture  et  de la  souverainet\u00e9  \nalimentaire  et  du  personnel  relevant  du  secr\u00e9tariat  g\u00e9n\u00e9ral  des  minist\u00e8res \ncharg\u00e9s des affaires sociales ; \n\u2022 Mme Caroline MEZIERES, attach\u00e9e d'administration de l'\u00c9tat, en sa qualit\u00e9 de  \ncheffe de p\u00f4le du minist\u00e8re de la transition \u00e9cologique et du minist\u00e8re des  \n\u00e9conomies, pour les actes et documents relevant de la gestio n courante des  \ncarri\u00e8res du personnel du minist\u00e8re, d e la transition \u00e9cologique et du minist\u00e8re  \ndes \u00e9conomies\u00a0;\n\u2022 M. Jo\u00ebl BELLENGER, attach\u00e9 d'administration de l'\u00c9tat, en sa qualit\u00e9 de chef de  \np\u00f4le action sociale, dialogue social, \u00e0 l'effet de signer les d\u00e9cisions de d\u00e9pense  \nrentrant dans le champ d'action de son p\u00f4le, \u00e0 concurrence d'un montant de  \n5\u00a0000\u00a0\u20ac, et de signer les arr\u00eat\u00e9s attributifs de subvention ainsi que les d\u00e9cisions  \nindividuelles de prestations d'action sociale ;\n\u2022 D\u00e9l\u00e9gation  de  signature  est  \u00e9galement  donn\u00e9e  \u00e0  Mme  Catherine  BUARD, \nsecr\u00e9taire administrative et \u00e0 Mme Astrid DORNEL, adjointe administrative, pour \ntous les actes de gestion dans Chorus Formulaires pour les d\u00e9penses en mati\u00e8re  \nde RH\u00a0;\n\u2022 D\u00e9l\u00e9gation  de  signature  est  \u00e9galement  donn\u00e9e  \u00e0  Mme  Sophie  NAWROCKI, \nsecr\u00e9taire administrative de classe sup\u00e9rieure pour tous les actes de gestion  \ndans Chorus Formulaires pour les d\u00e9penses en mati\u00e8re de RH\u00a0;\nArticle   4  \u00a0: D\u00e9l\u00e9gation de signature est donn\u00e9e \u00e0 Mme Nathalie TOURET, en sa qualit\u00e9 de \ncheffe du service interminist\u00e9riel du budget et des achats, aux fins de signer tous actes, \ndocuments ou d\u00e9cisions se traduisant par l'ordonnancement secondaire des recettes et \ndes d\u00e9penses de l'\u00c9tat, relevant des attributions et du fonctionnement du SGCD et  \nimput\u00e9es sur les programmes suivants, \u00e0 concurrence de 30\u00a0000\u00a0\u20ac\u00a0:\n\u25aa 124 \u00ab \u00a0conduite et soutien des politiques sanitaires, sociales, du sport, de la  \njeunesse  et  de  la  vie  associative\u00a0\u00bb,  en  ce  qu'elles  concernent  les  d\u00e9penses \nd'action sociale\u00a0\u00bb\u00a0;\n\u25aa 134 \u00ab\u00a0d\u00e9veloppement des entreprises\u00a0\u00bb, en ce qu'elles concernent les d\u00e9penses \nd'action sociale\u00a0;\n\u25aa 148 \u00ab\u00a0fonction publique\u00a0\u00bb\u00a0;\n\u25aa 155 \u00ab\u00a0conception, gestion et \u00e9valuation des politiques de l'emploi et du travail , \nen ce qu'elles concernent les d\u00e9penses d'action sociale\u00a0;\n\u25aa 176 \u00ab\u00a0police nationale\u00a0\u00bb, en ce qu'elles concernent l'action sociale\u00a0; \n\u25aa 206  \u00ab\u00a0s\u00e9curit\u00e9  et  qualit\u00e9  sanitaires  de  l'alimentation\u00a0\u00bb,  en  ce  qu'elles \nconcernent les d\u00e9penses d'action sociale\u00a0;\n\u25aa 207 \u00ab\u00a0S\u00e9curit\u00e9 et \u00e9ducation routi\u00e8res\u00a0\u00bb\n\u25aa 215  \u00ab\u00a0conduite  et  pilotage  des  politiques  de  l'agriculture\u00a0\u00bb,  en  ce  qu'elles \nconcernent les d\u00e9penses d'action sociale\u00a0;\n\u25aa 216  \u00ab\u00a0conduite  et  pilotage  des  politiques  de  l'Int\u00e9rieur\u00a0\u00bb,  en  ce  qu'elles \nconcernent  les  d\u00e9penses  d'action  sociale\u00a0et  l'action  6  affaires  juridiques  et \ncontentieuses\u00a0;\nSecr\u00e9tariat g\u00e9n\u00e9ral commun d\u00e9partemental - 83-2025-06-16-00002 - Arr\u00eat\u00e9 n\u00b0SGC/2025 du 16 juin 2025 portant subd\u00e9l\u00e9gation de\nsignature et d'ordonnancement secondaire aux cadres du secr\u00e9tariat g\u00e9n\u00e9ral commun d\u00e9partemental du Var 62\n\u25aa 217 \u00ab\u00a0conduite et pilotage des politiques de l'\u00e9cologie, du d\u00e9veloppement et  \nde  la  mobilit\u00e9  durables\u00a0\u00bb,  en  ce  qu'elles  concernent  les  d\u00e9penses  d'action \nsociale, m\u00e9dicales et frais de d\u00e9placements et de mission\u00a0;\n\u25aa 232 \u00ab\u00a0Vie politique\u00a0\u00bb en ce qu'elles concernent les d\u00e9penses des \u00e9lections\u00a0; \n\u25aa 348  \u00ab\u00a0r\u00e9novation  des  cit\u00e9s  administratives  et  autres  sites  domaniaux  multi-\noccupants\u00a0\u00bb\u00a0;\n\u25aa 349 \u00ab \u00a0fonds pour la transformation de l'action publique \u00a0\u00bb pour la saisie des  \nexpressions de besoin et la constatation du service fait dans Chorus formulaires \ndes actes juridiques \u00e9ligibles au fonds de transformation de l'action publique\u00a0;\n\u25aa 354 \u00ab\u00a0administration territoriale de l'\u00c9tat\u00a0\u00bb, hors titre 2\u00a0;\n\u25aa 362 \u00ab\u00a0\u00e9cologie\u00a0\u00bb\u00a0;\n\u25aa 363 \u00ab\u00a0comp\u00e9titivit\u00e9\u00a0\u00bb\u00a0;\n\u25aa 723 \u00ab\u00a0op\u00e9rations immobili\u00e8res et entretien des b\u00e2timents de l'\u00c9tat\u00a0\u00bb.\nAinsi que\u00a0:\n\u2022 la validation des demandes d'achat et la constatation des services faits dans les  \napplications Chorus formulaires et Chorus DT\u00a0;\n\u2022 les actes et documents relevant des march\u00e9s publics;\n\u2022 toutes  les  pi\u00e8ces  relatives  \u00e0  la  programmation  et  au  pilotage  de  l'unit\u00e9 \nop\u00e9rationnelle (UO) 83 des programmes de la r\u00e9gion Provence-Alpes-C\u00f4te d'Azur \ng\u00e9r\u00e9es par le secr\u00e9tariat g\u00e9n\u00e9ral commun d\u00e9partemental\u00a0;\n\u2022 tous  documents  comptables  n\u00e9cessaires  \u00e0  la  gestion  des  cartes  achats  des \nporteurs de cartes achats au titre des programmes suivants\u00a0:\n\u25aa 354 \u00ab\u00a0administration territoriale de l'\u00c9tat\u00a0\u00bb\u00a0;\n\u25aa 149 \u00ab\u00a0for\u00eat\u00a0\u00bb\u00a0;\n\u25aa 205 \u00ab\u00a0s\u00e9curit\u00e9 et affaires maritimes, p\u00eache et aquaculture\u00a0\u00bb.\n\u25aa 206 \u00ab\u00a0s\u00e9curit\u00e9 et qualit\u00e9 sanitaires de l'alimentation\u00a0\u00bb\u00a0;\n\u25aa 207 \u00ab\u00a0frais de d\u00e9placements et de mission\u00a0\u00bb\nEn cas d'absence ou d'emp\u00eachement de Mme Nathalie TOURET d\u00e9l\u00e9gation est donn\u00e9e, \ndans les m\u00eames conditions et sous son contr\u00f4le, \u00e0\u00a0:\n\u2022 Mme Audrey HORNBURG,  secr\u00e9taire administrative de classe sup\u00e9rieure , en sa  \nqualit\u00e9 de gestionnaire \u00ab\u00a0march\u00e9s et d\u00e9penses immobili\u00e8res\u00a0\u00bb pour tous les actes \nde gestion (sauf pilotage et programmation) relatifs aux d\u00e9penses immobili\u00e8res  \nsur les programmes suivants\u00a0:\n\u25aa 348  \"r\u00e9novation  des  cit\u00e9s  administratives  et  autres  sites  domaniaux  multi-\noccupants\"\n\u25aa 349 \"fonds pour la transformation de l'action publique\" \n354 \"administration territoriale de l'\u00c9tat\"\n\u25aa 723 \"op\u00e9rations immobili\u00e8res et entretien des b\u00e2timents de l'\u00c9tat\"\net pour les actes et documents relevant des march\u00e9s publics, \u00e0 concurrence de  \n5\u00a0000\u00a0\u20ac\u00a0;\nSecr\u00e9tariat g\u00e9n\u00e9ral commun d\u00e9partemental - 83-2025-06-16-00002 - Arr\u00eat\u00e9 n\u00b0SGC/2025 du 16 juin 2025 portant subd\u00e9l\u00e9gation de\nsignature et d'ordonnancement secondaire aux cadres du secr\u00e9tariat g\u00e9n\u00e9ral commun d\u00e9partemental du Var 63\n\u2022 M. Franck BOUISSOU, attach\u00e9, en sa qualit\u00e9 de chef  du p\u00f4le \u00ab \u00a0d\u00e9penses de  \nfonctionnement et CIC \u00bb pour\n\u25e6 tous les actes de gestion dans Chorus Coeur, Chorus Formulaires et Chorus  \nDT, \u00e0 concurrence de 5\u00a0000\u00a0\u20ac\u00a0;\n\u25e6 tous  documents comptables n\u00e9cessaires \u00e0 la gestion des cartes achats des  \nporteurs de cartes achats au titre des programmes suivants\u00a0:\n\u25aa 149 \u00ab\u00a0for\u00eat\u00a0\u00bb\u00a0;\n\u25aa 205 \u00ab\u00a0s\u00e9curit\u00e9 et affaires maritimes, p\u00eache et aquaculture\u00a0\u00bb\u00a0;\n\u25aa 206 \u00ab\u00a0s\u00e9curit\u00e9 et qualit\u00e9 sanitaires de l'alimentation\u00a0\u00bb\u00a0;\n\u25aa 207 \u00ab\u00a0frais de d\u00e9placements et de mission\u00a0\u00bb\n\u25aa 216 \u00ab\u00a0conduite et pilotage des politiques de l'int\u00e9rieur\u00a0\u00bb\n\u25aa 217 \u00ab\u00a0conduite et pilotage des politiques de l'\u00e9cologie, du d\u00e9veloppement et  \nde  la  mobilit\u00e9  durables\u00a0\u00bb,  en  ce  qu'elles  concernent  les  d\u00e9penses  d'action \nsociale, m\u00e9dicales et frais de d\u00e9placements et de mission\u00a0;\n\u25aa 348 \u00ab \u00a0r\u00e9novation des cit\u00e9s administratives et autres sites domaniaux multi-\noccupants\u00a0\u00bb\u00a0;\n\u25aa 349 \u00ab \u00a0fonds pour la transformation de l'action publique \u00a0\u00bb pour la saisie des  \nexpressions  de  besoin  et  la  constatation  du  service  fait  dans  Chorus \nformulaires  des  actes  juridiques  \u00e9ligibles  au  fonds  de  transformation  de \nl'action publique\u00a0;\n\u25aa 354 \u00ab\u00a0administration territoriale de l'\u00c9tat\u00a0\u00bb\u00a0;\n\u25aa 723 \u00ab\u00a0op\u00e9rations immobili\u00e8res et entretien des b\u00e2timents de l'\u00c9tat\u00a0\u00bb.\nMme Audrey HORNBURG,  secr\u00e9taire administrative de classe sup\u00e9rieure \u00a0; Mme \nTania GIANATI-KOULINSKY, secr\u00e9taire administrative de classe normale \u00a0; Mmes \nMuriel GATTI, Mich\u00e8le RAKOTOZAFY, Val\u00e9rie WEISS, et M. St\u00e9phane DENIAU,  \nadjoints  administratifs  principaux;  et  Mmes  Elodie  MIETTE  et  Yolaine  MONI \nadjointes administratives, pour tous les actes de gestion dans Chorus Coeur,  \nChorus Formulaires et Chorus DT.\nArticle     5  \u00a0: D\u00e9l\u00e9gation de signature est donn\u00e9e \u00e0 Mme Pascale GRAPPIN, cheffe du  \nservice interminist\u00e9riel de l'\u00a0immobilier, de la logistique, du courrier, et de l'accueil, aux \nfins de signer tous actes, documents ou d\u00e9cisions portant sur la gestion immobili\u00e8re et  \nlogistique des sites de la pr\u00e9fecture et des DDI et sur la gestion du parc automobile, sur \nla  gestion  du  courrier  et  de  l'accueil,  imput\u00e9es  sur  les  programmes  suivants,  et  \u00e0 \nconcurrence de 5\u00a0000\u00a0\u20ac\u00a0:\n\u25aa 148 \"fonction publique\"\n\u25aa 348  \"r\u00e9novation  des  cit\u00e9s  administratives  et  autres  sites  domaniaux  multi-\noccupants\"\n\u25aa 349 \"fonds pour la transformation de l'action publique\" \n\u25aa 354 \"administration territoriale de l'\u00c9tat\"\n\u25aa 362 \u00ab\u00a0\u00e9cologie\u00a0\u00bb\u00a0;\n\u25aa 723  \"op\u00e9rations  immobili\u00e8res  et  entretien  des  b\u00e2timents  de  l'\u00c9tat\"\nEn  cas  d'absence  ou  d'emp\u00eachement  de  Mme  Pascale  GRAPPIN,  d\u00e9l\u00e9gation  est \ndonn\u00e9e, dans les m\u00eames conditions et sous son contr\u00f4le \u00e0\u00a0:\nSecr\u00e9tariat g\u00e9n\u00e9ral commun d\u00e9partemental - 83-2025-06-16-00002 - Arr\u00eat\u00e9 n\u00b0SGC/2025 du 16 juin 2025 portant subd\u00e9l\u00e9gation de\nsignature et d'ordonnancement secondaire aux cadres du secr\u00e9tariat g\u00e9n\u00e9ral commun d\u00e9partemental du Var 64\n\u2022 M. Jean-Paul CURT, ouvrier des parcs et ateliers, en sa qualit\u00e9 de chef du p\u00f4le  \ntechnique\u00a0,  pour  les  actes,  documents  et  d\u00e9penses  relevant  de  son  unit\u00e9,  \u00e0 \nconcurrence de 5\u00a0000\u00a0\u20ac\u00a0;\n\u2022 M. Julien MARCELLE, contr\u00f4leur des services techniques, en qualit\u00e9 de chef des  \nsites de la DDETS et de la DDPP pour les actes, documents et d\u00e9penses relevant  \nde son unit\u00e9, \u00e0 concurrence de 2 500\u00a0\u20ac\u00a0;\n\u2022 M.  Jean-Guy  CHRISTOPHE,  contr\u00f4leur  des  services  techniques  de  classe \nsup\u00e9rieure, en qualit\u00e9 de responsable technique du site de la pr\u00e9fecture et de la  \nsous-pr\u00e9fecture de Brignoles, pour les actes, documents et d\u00e9penses relevant de  \nson unit\u00e9, \u00e0 concurrence de 2 500\u00a0\u20ac\u00a0 ;\n\u2022 M. Fabrice VALERE, contr\u00f4leur des services techniques de classe normale, en  \nqualit\u00e9 de chef de site \u00e0 Draguignan pour les actes, documents et d\u00e9penses  \nrelevant de son unit\u00e9, \u00e0 concurrence de 2 500\u00a0\u20ac\u00a0;\n\u2022 M. Fabrice ALLEGRINI, Contr\u00f4leur des services techniques, charg\u00e9 de mission  \nimmobilier,  s'agissant  de  la  constatation  des  \u00ab\u00a0services  r\u00e9alis\u00e9s\u00bb  par  les \nentreprises prestataires ext\u00e9rieures\u00a0;\n\u2022 M. Georges JOLO, adjoint technique principal, en qualit\u00e9 d'agent technique du  \nsite de la pr\u00e9fecture et des sous-pr\u00e9fectures, s'agissant de la constatation des  \n\u00ab\u00a0services  r\u00e9alis\u00e9s\u00bb  par  les  entreprises  prestataires  ext\u00e9rieures \u00a0dans  son \np\u00e9rim\u00e8tre d'intervention ;\n\u2022 M.  Gerald  VANDENBROEK,  adjoint  technique  principal,  en  qualit\u00e9  d'agent \ntechnique  du  site  de  la  pr\u00e9fecture  et  des  sous-pr\u00e9fectures,  s'agissant  de  la \nconstatation  des  \u00ab \u00a0services  r\u00e9alis\u00e9s\u00bb  par  les  entreprises  prestataires  \next\u00e9rieures\u00a0dans son p\u00e9rim\u00e8tre d'intervention ;\n\u2022 M. Said LARABI, adjoint technique principal, en qualit\u00e9 d'agent technique du site \nDDI DDTM Draguignan, s'agissant de la constatation des \u00ab \u00a0services r\u00e9alis\u00e9s\u00bb par \nles entreprises prestataires ext\u00e9rieures\u00a0dans son p\u00e9rim\u00e8tre d'intervention ;\n\u2022 Mme  Sophie  BERANGER,  secr\u00e9taire  administrative  de  classe  sup\u00e9rieure,  en \nqualit\u00e9  de  charg\u00e9e  de  mission  immobilier,  s'agissant  de  la  constatation  des \n\u00ab\u00a0services r\u00e9alis\u00e9s\u00bb par les entreprises prestataires ext\u00e9rieures\u00a0;\nArticle   6  \u00a0: D\u00e9l\u00e9gation est donn\u00e9e \u00e0 M. Herv\u00e9 MARCY, en sa qualit\u00e9 de chef du service  \ninterminist\u00e9riel  d\u00e9partemental  des  syst\u00e8mes  d'information  et  de  communication \n(SIDSIC)\u00a0,  aux  fins  de  signer  tous  actes,  contrats,  documents  ou  d\u00e9cisions  pour \nl'ordonnancement secondaire des d\u00e9penses relevant de l'exercice des attributions de  \ncette unit\u00e9, dans la limite de 30\u00a0000\u00a0\u20ac et imput\u00e9es sur les programmes suivants\u00a0:\n\u2022 216 \u00ab\u00a0conduite et pilotage des politiques de l'Int\u00e9rieur\u00a0\u00bb\u00a0;\n\u2022 348  \u00ab\u00a0r\u00e9novation  des  cit\u00e9s  administratives  et  autres  sites  domaniaux  multi-\noccupants\u00a0\u00bb\u00a0pour les d\u00e9penses propres au domaine des syst\u00e8mes d'information \net de communication, toutes entit\u00e9s confondues\u00a0;\nSecr\u00e9tariat g\u00e9n\u00e9ral commun d\u00e9partemental - 83-2025-06-16-00002 - Arr\u00eat\u00e9 n\u00b0SGC/2025 du 16 juin 2025 portant subd\u00e9l\u00e9gation de\nsignature et d'ordonnancement secondaire aux cadres du secr\u00e9tariat g\u00e9n\u00e9ral commun d\u00e9partemental du Var 65\n\u2022 349 \u00ab\u00a0fonds pour la transformation de l'action publique\u00a0\u00bb\u00a0;\n\u2022 354  \u00ab\u00a0administration  territoriale  de  l'\u00c9tat\u00a0\u00bb  pour  les  d\u00e9penses  propres  au \ndomaine  des  syst\u00e8mes  d'information  et  de  communication,  toutes  entit\u00e9s \nconfondues\u00a0;\n\u2022 363 \u00ab\u00a0comp\u00e9titivit\u00e9\u00a0\u00bb\u00a0;\n\u2022 723 \u00ab \u00a0contribution aux d\u00e9penses immobili\u00e8res \u00a0\u00bb pour les d\u00e9penses de travaux  \npropres au domaine des syst\u00e8mes d'information et de communication.\nEn cas d'absence ou d'emp\u00eachement de M. Herv\u00e9 MARCY, la d\u00e9l\u00e9gation de signature  \nqui  lui  est  accord\u00e9e  au  titre  du  pr\u00e9sent  article  est  exerc\u00e9e  par  M.  Omar  HAMEL, \ning\u00e9nieur des syst\u00e8mes d'information et de communication, en sa qualit\u00e9 d'adjoint au  \nchef de service interminist\u00e9riel dans la limite de 5\u00a0000\u00a0\u20ac.\nEn cas d'absence de MM. Herv\u00e9 MARCY et Omar HAMEL, d\u00e9l\u00e9gation est donn\u00e9e, dans  \nles m\u00eames conditions, \u00e0 Mme Alexandra POLI, ing\u00e9nieure des syst\u00e8mes d'information et \nde communication, dans la limite de 5\u00a0000\u00a0\u20ac.\nArticle 7 \u00a0: M. S\u00e9bastien ODDONE  attribue une carte d'achat nominative aux porteurs  \nde carte d'achat list\u00e9s dans le tableau en annexe 1 du pr\u00e9sent arr\u00eat\u00e9, afin de l'utiliser  \ndans le cadre de leurs attributions, comp\u00e9tences et dans la limite fix\u00e9e.\nArticle 8  \u00a0  :   Toute disposition ant\u00e9rieure contraire \u00e0 celles du pr\u00e9sent arr\u00eat\u00e9, est abrog\u00e9e \n\u00e0 compter de sa publication. \nL'arr\u00eat\u00e9  pr\u00e9fectoral  n\u00b0  SGC/2025  \u2013  du  23  janvier  2025  portant  subd\u00e9l\u00e9gation  de \nsignature et d'ordonnancement secondaire aux cadres du secr\u00e9tariat g\u00e9n\u00e9ral commun  \nd\u00e9partemental du Var est abrog\u00e9.\nArticle     9  \u00a0: Le directeur du secr\u00e9tariat g\u00e9n\u00e9ral commun d\u00e9partemental est charg\u00e9 de  \nl'ex\u00e9cution du pr\u00e9sent arr\u00eat\u00e9, qui sera publi\u00e9 au recueil des actes administratifs de la  \npr\u00e9fecture.\nFait \u00e0 Toulon, le 16 juin 2025\nPour Le Pr\u00e9fet et par d\u00e9l\u00e9gation\nLe directeur du secr\u00e9tariat\ng\u00e9n\u00e9ral commun d\u00e9partemental\nSign\u00e9\n  S\u00e9bastien ODDONE\nSecr\u00e9tariat g\u00e9n\u00e9ral commun d\u00e9partemental - 83-2025-06-16-00002 - Arr\u00eat\u00e9 n\u00b0SGC/2025 du 16 juin 2025 portant subd\u00e9l\u00e9gation de\nsignature et d'ordonnancement secondaire aux cadres du secr\u00e9tariat g\u00e9n\u00e9ral commun d\u00e9partemental du Var 66\nANNEXE 1\nListe nominative des porteurs de carte achat du secr\u00e9tariat g\u00e9n\u00e9ral commun\u00a0\nd\u00e9partemental du Var\nCHRISTOPHE                    JEAN-GUY \nCURT                          JEAN PAUL \nVALERE                        FABRICE \nWEISS                         VALERIE \nMARCY                       HERVE \nSecr\u00e9tariat g\u00e9n\u00e9ral commun d\u00e9partemental - 83-2025-06-16-00002 - Arr\u00eat\u00e9 n\u00b0SGC/2025 du 16 juin 2025 portant subd\u00e9l\u00e9gation de\nsignature et d'ordonnancement secondaire aux cadres du secr\u00e9tariat g\u00e9n\u00e9ral commun d\u00e9partemental du Var 67","date":"2025-06-16","first_seen_on":"2025-06-16T16:42:07+00:00","id":"13c3af0bf9eb9154cc2fc14f223f0ea9acec21c575c198c7b11fc18ee811516e","name":"RAA N\u00b0201 du 16 juin 2025","pdf_creation_date":"2025-06-16T15:06:32+00:00","pdf_modification_date":null,"timezone":"Europe/Paris","url":"https://www.var.gouv.fr/contenu/telechargement/41455/271180/file/RAA%20N%C2%B0201%20du%2016%20juin%202025.pdf"}
