{"administration":"pref30","administration_name":"Pr\u00e9fecture du Gard","content":"PR\u00c9FET\nDU GARD\nRECUEIL DES ACTES\nADMINISTRATIFS SP\u00c9CIAL\n(NOMINATIFS)\nN\u00b030-2025-017\nPUBLI\u00c9 LE 31 JANVIER 2025\nSommaire\nDirection d\u00e9partementale de l'\u00e9conomie, de l'emploi, du travail et des\nsolidarit\u00e9s  /\n30-2025-01-23-00003 - R\u00e9c\u00e9piss\u00e9 d\u00e9claration modifiative service \u00e0\na personne EMMA SMIL 752408369 le 20 d\u00e9cembre 2024 \u00e0 N\u00eemes (2\npages) Page 3\n30-2025-01-23-00002 - R\u00e9c\u00e9piss\u00e9 d\u00e9claration service \u00e0 a personne\nBASTIDON SERVICE par BASTIDON Fabrice 938212644 le 23 d\u00e9cembre\n2024 \u00e0 N\u00eemes (2 pages) Page 6\n30-2025-01-23-00001 - R\u00e9c\u00e9piss\u00e9 d\u00e9claration service \u00e0 la personne\nMENAGE par MECOEN Morgane 912763596 le 26 d\u00e9cembre 2024 \u00e0\nCodognan (2 pages) Page 9\n30-2025-01-21-00005 - R\u00e9c\u00e9piss\u00e9 d\u00e9claration service \u00e0 la personne\nC\u00e9line GERVAIS 538319427 le 17 d\u00e9cembre 2024 \u00e0 Nages et\nSolorgues (2 pages) Page 12\n30-2025-01-21-00004 - R\u00e9c\u00e9piss\u00e9 d\u00e9claration service \u00e0 la personne\nEI par Jean Paul GODEY le 13 d\u00e9cembre 2024 \u00e0 Rochefort du Gard (2\npages) Page 15\n30-0205-01-20-00001 - R\u00e9c\u00e9piss\u00e9 d\u00e9claration service \u00e0 la personne\nIllona SOLA 937763001 le 16 d\u00e9cembre 2024 \u00e0 St Quentin la Poterie.pdf\n(2 pages) Page 18\n30-2025-01-23-00004 - R\u00e9c\u00e9piss\u00e9 d\u00e9claration service \u00e0 la\npersonne VGS Nettoyages par OVSEPYAN Vardges 895159176 le 21\nd\u00e9cembre 2024 \u00e0 N\u00eemes (2 pages) Page 21\nPrefecture du Gard / Direction de la citoyennet\u00e9 et de la l\u00e9galit\u00e9 (DCL)\n30-2025-01-31-00001 - ARRETE MODIF CDNPS (12 pages) Page 24\n2\nDirection d\u00e9partementale de l'\u00e9conomie, de\nl'emploi, du travail et des solidarit\u00e9s \n30-2025-01-23-00003\nR\u00e9c\u00e9piss\u00e9 d\u00e9claration modifiative service \u00e0 a\npersonne EMMA SMIL 752408369 le 20\nd\u00e9cembre 2024 \u00e0 N\u00eemes\nDirection d\u00e9partementale de l'\u00e9conomie, de l'emploi, du travail et des solidarit\u00e9s  - 30-2025-01-23-00003 - R\u00e9c\u00e9piss\u00e9 d\u00e9claration\nmodifiative service \u00e0 a personne EMMA SMIL 752408369 le 20 d\u00e9cembre 2024 \u00e0 N\u00eemes 3\nPREFET  Direction  D\u00e9partementale\nDU GARD  de l'Emploi,  du Travail  et des  Solidarit\u00e9s\nLibert\u00e9\nEgalit\u00e9\nFraternit\u00e9\nR\u00e9c\u00e9piss\u00e9  modificatif  de d\u00e9claration  n\u00b0 30-2025-01-23-\nd'un  organisme  de services  \u00e0 la personne\nenregistr\u00e9  sous  le n\u00b0 SAP  752408369\nLe pr\u00e9fet  du Gard  \u2014\nChevalier  de la L\u00e9gion  d'Honneur\nChevalier  de l'Ordre  National  du M\u00e9rite\nVu le code  du travail  et notamment  les articles  L.7231-1  \u00e0 L.7233-2,  R.7232-18  \u00e0 R.7232-24,  D.7231-\n1 et D.7233-1  \u00e0 D.7233-5  ;\nVu l'arr\u00eat\u00e9  du ministre  de l'int\u00e9rieur  et des  outre-mer  du 30 janvier  2024  nommant  Mme  Sophie\nBOUDOT,  attach\u00e9e  d'administration  hors  classe  de l'\u00e9tat,  directrice  d\u00e9partementale,  de l'emploi,  du\ntravail  et des  solidarit\u00e9s  du Gard  ;\nVu l'arr\u00eat\u00e9  du 19 f\u00e9vrier  2024  donnant  d\u00e9l\u00e9gation  de signature  \u00e0 Madame  Sophie  BOUDOT,  directrice\nd\u00e9partementale  de l'emploi,  du travail  et des  solidarit\u00e9s  du Gard  ;\nVu l'arr\u00eat\u00e9  du 21 f\u00e9vrier  2024  portant  subd\u00e9l\u00e9gation  aux  agents  de la direction  d\u00e9partementale  de\nl'emploi,  du travail  et des  solidarit\u00e9s  ;\nVu la circulaire  DGE  du 11 avril  2019  relative  aux  activit\u00e9s  de services  \u00e0 la personne  : d\u00e9claration  et .\nagr\u00e9ment  des  organismes  de services  \u00e0 la personne  ;\nVu la d\u00e9claration  d'activit\u00e9  d'un  organisme  de services  \u00e0 la personne  concernant  l'organisme  emma\nsmil  , enregistr\u00e9e  le 27 aout  2024,  sous  le num\u00e9ro  SAP  752408369  ;\nConstate  :\nQu'une  d\u00e9claration  modificative  d'activit\u00e9s  de services  \u00e0 la personne  a \u00e9t\u00e9 d\u00e9pos\u00e9e  aupr\u00e8s  de la\ndirection  d\u00e9partementale  de l'emploi,  du travail  et des  solidarit\u00e9s,  le 20 d\u00e9cembre  2024,  par Madame\nEmma  SMIL  en qualit\u00e9  de responsable  de l'entreprise  individuelle  Emma  SMIL,  Siret752408369\n00037  dont  l'\u00e9tablissement  principal  est situ\u00e9  96 avenue  jean  jaures  30900  Nimes  , et enregistr\u00e9e\nsous  le n\u00b0 SAP  752408369  , pour  ajouter  les activit\u00e9s  suivantes  :\n+ Soutien  scolaire  ou cours  \u00e0 domicile\nLa d\u00e9claration  porte  donc  d\u00e9sormais  sur  les activit\u00e9s  suivantes,  en mode  prestataire  :\nAssistance  administrative  \u00e0 domicile,\nEntretien  de la maison  et travaux  m\u00e9nagers,\nTravaux  de petit  bricolage,\nAssistance  aux  personnes  ayant  besoin  d'une  aide  temporaire  \u00e0 leur  domicile  d\u00e9placements,\nAssistance  aux  personnes  ayant  besoin  d'une  aide  temporaire.\nSoutien  scolaire  ou cours  \u00e0 domicile,\nToute  modification  concernant  les activit\u00e9s  exerc\u00e9es  devra  faire  l'objet  d'une  d\u00e9claration  modificative\nMas de l'Agriculture  \u2014 1120 route  de Saint Gilles  \u2014 BP 39081  - 30972  NIMES  CEDEX  9\nT\u00e9l : 04 30 08 61 20 Fax : 04 30 08 61 21 www.gard.gouv.fr\nDirection d\u00e9partementale de l'\u00e9conomie, de l'emploi, du travail et des solidarit\u00e9s  - 30-2025-01-23-00003 - R\u00e9c\u00e9piss\u00e9 d\u00e9claration\nmodifiative service \u00e0 a personne EMMA SMIL 752408369 le 20 d\u00e9cembre 2024 \u00e0 N\u00eemes 4\nprealable.\nSous  r\u00e9serve  d'\u00eatre  exerc\u00e9es  \u00e0 titre  exclusif  (ou sous  r\u00e9serve  d'une  comptabilit\u00e9  s\u00e9par\u00e9e  pour  les\npersonnes  morales  dispens\u00e9es  de cette  condition),  ces  activit\u00e9s  ouvrent  droit  au b\u00e9n\u00e9fice  des\ndispositions  des  articles  L. 7233-2  du code  du travail  et L. 241-10  du code  de la s\u00e9curit\u00e9  sociale  dans\nles conditions  pr\u00e9vues  par ces  articles.\nLes  effets  de la d\u00e9claration  courent  \u00e0 compter  du jour  du d\u00e9p\u00f4t  de la d\u00e9claration  sous  r\u00e9serve  des\ndispositions  de l'article  R.7232-18  du code  du travail.\nLe pr\u00e9sent  r\u00e9c\u00e9piss\u00e9  n'est  pas  limit\u00e9  dans  le temps  et est  \u00e0 port\u00e9e  nationale.\nL'enregistrement  de la d\u00e9claration  peut \u00eatre retir\u00e9  dans  les conditions  fix\u00e9es  aux articles  R.7232-20  \u00e0\nR.7232-22  du code  du travail.\nLe pr\u00e9sent  r\u00e9c\u00e9piss\u00e9  sera  publi\u00e9  au recueil  des  actes  administratifs  de la pr\u00e9fecture  du Gard.\nFait  \u00e0 N\u00eemes,  le 23 janvier  2025\nPour la directri  e d\u00e9partementale  de l'emploi,\ndu travail  et des  solidarit\u00e9s  du Gard  et par d\u00e9l\u00e9gation\nle|directeur  d\u00e9partemental  adjoint\nenaud  MORIN\n- Voies  de recours  :\nLa pr\u00e9sente  d\u00e9cision  peut,  \u00e0 compter  de sa publication,  faire  l'objet  d'un  recours  gracieux  aupr\u00e8s  de la\nDirection  D\u00e9partementale  de l'Emploi,  du Travail  et des  Solidarit\u00e9s-  Mas  de l'Agriculture  \u2014 1120  route\nde Saint  Gilles  \u2014 BP 39081  \u2014 30972  NIMES  CEDEX  9 ou d'un  recours  hi\u00e9rarchique  adress\u00e9  au\nministre  charg\u00e9  de l'\u00e9conomie  - Direction  g\u00e9n\u00e9rale  des  entreprises  - sous-direction  des  services\nmarchands,  6, rue Louise  Weiss,  75703  Paris  cedex13.\nElle  peut  \u00e9galement  faire  l'objet  d'un  recours  contentieux  dans  un d\u00e9lai  de deux  mois  \u00e0 compter  de sa\npublication  aupr\u00e8s  du Tribunal  administratif  de N\u00eemes  - 16 avenue  Feuch\u00e8res  - 30000  N\u00eemes.\nLe tribunal  administratif  peut  \u00eatre  saisi  par l'application  informatique  \u00abT\u00e9l\u00e9recours  citoyen\u00bb  accessible\nsur le site  internet  www.telerecours.  fr.\nEn cas de rejet  du recours  gracieux  ou hi\u00e9rarchique  ou en l'absence  de r\u00e9ponse  \u00e0 ce recours  (rejet\nimplicite),  un recours  contentieux  devant  le tribunal  administratif  peut  \u00e9galement  \u00eatre  form\u00e9  contre  la\nd\u00e9cision  initiale  dans  un d\u00e9lai  de deux  mois  \u00e0 compter  de ce rejet.\nDirection d\u00e9partementale de l'\u00e9conomie, de l'emploi, du travail et des solidarit\u00e9s  - 30-2025-01-23-00003 - R\u00e9c\u00e9piss\u00e9 d\u00e9claration\nmodifiative service \u00e0 a personne EMMA SMIL 752408369 le 20 d\u00e9cembre 2024 \u00e0 N\u00eemes 5\nDirection d\u00e9partementale de l'\u00e9conomie, de\nl'emploi, du travail et des solidarit\u00e9s \n30-2025-01-23-00002\nR\u00e9c\u00e9piss\u00e9 d\u00e9claration service \u00e0 a personne\nBASTIDON SERVICE par BASTIDON Fabrice\n938212644 le 23 d\u00e9cembre 2024 \u00e0 N\u00eemes\nDirection d\u00e9partementale de l'\u00e9conomie, de l'emploi, du travail et des solidarit\u00e9s  - 30-2025-01-23-00002 - R\u00e9c\u00e9piss\u00e9 d\u00e9claration\nservice \u00e0 a personne BASTIDON SERVICE par BASTIDON Fabrice 938212644 le 23 d\u00e9cembre 2024 \u00e0 N\u00eemes 6\nPREFET  Direction  D\u00e9partementale\nDU GARD  de l'Emploi,  du Travail  et des  Solidarit\u00e9s\nLibert\u00e9\nEgalit\u00e9\nFraternit\u00e9\nR\u00e9c\u00e9piss\u00e9  de d\u00e9claration  n\u00b0 30-2025-01-23-\nd'un  organisme  de services  \u00e0 la personne\nenregistr\u00e9  sous  le n\u00b0 SAP  938212644\nLe pr\u00e9fet  du Gard\nChevalier  de la L\u00e9gion  d'Honneur\nChevalier  de l'Ordre  National  du M\u00e9rite\nVu le code du travail  et notamment  les articles  L.7231-1  \u00e0 L. 1233-  2, R.7232-18  a R.7232-24,  D. 7231-\n1 et D.7233-1  \u00e0 D.7233-5  ;\nVu l'arr\u00e9t\u00e9  du ministre  de l'Int\u00e9rieur  et des outre-mer  du 30 janvier  2024  nommant  Mme  Sophie\nBOUDOT,  attach\u00e9e  d'administration  hors  classe  de l'\u00e9tat,  directrice  d\u00e9partementale,  de l'emploi,  du\ntravail  et des  solidarit\u00e9s  du Gard  ;\nVu l'arr\u00eat\u00e9  du 19 f\u00e9vrier  2024  donnant  d\u00e9l\u00e9gation  de signature  \u00e0 Madame  Sophie  BOUDOT,  directrice\nd\u00e9partementale  de l'emploi,  du travail  et des  solidarit\u00e9s  du Gard  ;\nVu l'arr\u00eat\u00e9  du 21 f\u00e9vrier  2024  portant  subd\u00e9l\u00e9gation  aux  agents  de 2 direction  d\u00e9partementale  de\nl'emploi,  du travail  et des  solidarit\u00e9s  ;\nVu la circulaire  DGE  du 11 avril  2019  relative  aux  activites  de services  a la personne  : d\u00e9claration  et\nagr\u00e9ment  des  organismes  de services  \u00e0 la personne  ;\nConstate  :\nQu'une  d\u00e9claration  d'activit\u00e9s  de services  \u00e0 la personne  a \u00e9t\u00e9 d\u00e9pos\u00e9e  aupr\u00e8s  de la direction\nd\u00e9partementale  de l'emploi,  du travail  et des  solidarit\u00e9s,  le 23 d\u00e9cembre  2024,  par BASTIDON\n938212644  00018  dont  l'\u00e9tablissement  principal  est situ\u00e9  au 940  Chemin  du Golf  30900  NIMES  et\nenregistr\u00e9e  sous  le n\u00b0 SAP  938212644  pour  les activit\u00e9s  suivantes  :\nActivit\u00e9s  relevant  uniquement  de la d\u00e9claration  en mode  prestataire  :\n\u00a2 _ Entretien  de la maison  et travaux  m\u00e9nagers\n\u00a2 Petits  travaux  de jardinage\n\u00a2 Travaux  de petit  bricolage\ne Assistance  informatique  \u00e0 domicile\nToute  modification  concernant  les activit\u00e9s  exerc\u00e9es  devra  faire  l'objet  d'une  declaration  modificative\npr\u00e9alable.\nSous  r\u00e9serve  d'\u00eatre  exerc\u00e9es  \u00e0 titre  exclusif  (ou sous  r\u00e9serve  d'une  comptabilit\u00e9  s\u00e9par\u00e9e  pour  les\npersonnes  morales  dispens\u00e9es  de cette  condition),  ces  activit\u00e9s  ouvrent  droit  au b\u00e9n\u00e9fice  des\ndispositions  des  articles  L. 7233-2  du code  du travail  et L. 241-10  du code  de la s\u00e9curit\u00e9  sociale  dans\nles conditions  pr\u00e9vues  par ces  articles.\nLes  effets  de la d\u00e9claration  courent  \u00e0 compter  du jour  du d\u00e9p\u00f4t  de la d\u00e9claration  sous  r\u00e9serve  des\ndispositions  de l'article  R.7232-18  du code  du travail.\nMas  de l'Agriculture  - 1120  route  de Saint  Gilles  - BP 39081  - 30972  NIMES  CEDEX  9\nT\u00e9l : 04 30 08 61 20 Fax : 04 30 08 61 21 www.gard.gouv.fr\nDirection d\u00e9partementale de l'\u00e9conomie, de l'emploi, du travail et des solidarit\u00e9s  - 30-2025-01-23-00002 - R\u00e9c\u00e9piss\u00e9 d\u00e9claration\nservice \u00e0 a personne BASTIDON SERVICE par BASTIDON Fabrice 938212644 le 23 d\u00e9cembre 2024 \u00e0 N\u00eemes 7\nLe pr\u00e9sent  r\u00e9c\u00e9piss\u00e9  est a port\u00e9e  nationale  et n'est  pas  limit\u00e9  dans  le temps,  a l'exception  des\nactivit\u00e9s  relevant  de l'agr\u00e9ment  dont  les effets  sont  limit\u00e9s  \u00e0 5 ans.\nL'enregistrement  de la d\u00e9claration  peut  \u00eatre  retir\u00e9  dans  les conditions  fix\u00e9es  aux  articles  R.7232-20  a\nR.7232-22  du code  du travail.\nLe pr\u00e9sent  r\u00e9c\u00e9piss\u00e9  sera  publi\u00e9  au recueil  des  actes  administratifs  de la pr\u00e9fecture  du Gard.\nFait  \u00e0 N\u00eemes,  le 23 janvier  2025\nPour  la directrice  d\u00e9partementale  de l'emploi,\ndu travail  et desfsolidarit\u00e9s  du Gard  et par d\u00e9l\u00e9gation\nle directeur  d\u00e9partemental  adjoint\nVoies  de recours  :\nLa pr\u00e9sente  d\u00e9cision  peut,  \u00e0 compter  de sa publication,  faire  l'objet  d'un  recours  gracieux  aupr\u00e8s  de la\nDirection  D\u00e9partementale  de l'Emploi,  du Travail  et des  Solidarit\u00e9s-  Mas  de l'Agriculture  \u2014 1120  route\nde Saint  Gilles  \u2014 BP 39081  \u2014 30972  NIMES  CEDEX  9 ou d'un recours  hi\u00e9rarchique  adress\u00e9  au\nministre  charg\u00e9  de l'\u00e9conomie  - Direction  g\u00e9n\u00e9rale  des  entreprises  - sous-direction  des  services\nmarchands,  6, rue Louise  Weiss,  75703  Paris  cedex13.\nElle  peut  \u00e9galement  faire  l'objet  d'un  recours  contentieux  dans  un d\u00e9lai  de deux  mois  \u00e0 compter  de sa\npublication  aupr\u00e8s  du Tribunal  administratif  de N\u00eemes  - 16 avenue  Feuch\u00e8res  - 30000  N\u00eemes.\nLe tribunal  administratif  peut  \u00eatre  saisi  par l'application  informatique  \u00abT\u00e9l\u00e9recours  citoyen\u00bb  accessible\nsur le site  internet  www.telerecours.  fr.\nEn cas  de rejet  du recours  gracieux  ou hi\u00e9rarchique  ou en l'absence  de r\u00e9ponse  \u00e0 ce recours  (rejet\nimplicite),  un recours  contentieux  devant  le tribunal  administratif  peut  \u00e9galement  \u00eatre  form\u00e9  contre  la\nd\u00e9cision  initiale  dans  un d\u00e9lai  de deux  mois  \u00e0 compter  de ce rejet.\nDirection d\u00e9partementale de l'\u00e9conomie, de l'emploi, du travail et des solidarit\u00e9s  - 30-2025-01-23-00002 - R\u00e9c\u00e9piss\u00e9 d\u00e9claration\nservice \u00e0 a personne BASTIDON SERVICE par BASTIDON Fabrice 938212644 le 23 d\u00e9cembre 2024 \u00e0 N\u00eemes 8\nDirection d\u00e9partementale de l'\u00e9conomie, de\nl'emploi, du travail et des solidarit\u00e9s \n30-2025-01-23-00001\nR\u00e9c\u00e9piss\u00e9 d\u00e9claration service \u00e0 la personne \nMENAGE par MECOEN Morgane 912763596 le 26\nd\u00e9cembre 2024 \u00e0 Codognan\nDirection d\u00e9partementale de l'\u00e9conomie, de l'emploi, du travail et des solidarit\u00e9s  - 30-2025-01-23-00001 - R\u00e9c\u00e9piss\u00e9 d\u00e9claration\nservice \u00e0 la personne  MENAGE par MECOEN Morgane 912763596 le 26 d\u00e9cembre 2024 \u00e0 Codognan 9\nPREFET  Direction  D\u00e9partementale\nDU GARD  _ de l'Emploi,  du Travail  et des  Solidarit\u00e9s\nLibert\u00e9\nEgalit\u00e9\nFraternit\u00e9\nR\u00e9c\u00e9piss\u00e9  de d\u00e9claration  n\u00b0 30-2025-01-23-\nd'un  organisme  de services  \u00e0 la personne\nenregistr\u00e9  sous  le n\u00b0 SAP  912763596\nLe pr\u00e9fet  du Gard\nChevalier  de la L\u00e9gion  d'Honneur\nChevalier  de l'Ordre  National  du M\u00e9rite\nVu le code  du travail  et notamment  les articles  L.7231-1  \u00e0 L.7233-2,  R.7232-18  \u00e0 R.7232-24,  D.7231-\n1 et D.7233-1  \u00e0 D.7233-5  ;\nVu l'arr\u00eat\u00e9  du ministre  de l'Int\u00e9rieur  et des  outre-mer  du 30 janvier  2024  nommant  Mme  Sophie\nBOUDOT,  attach\u00e9e  d'administration  hors  classe  de l'\u00e9tat,  directrice  d\u00e9partementale,  de l'emploi,  du\ntravail  et des  solidarit\u00e9s  du Gard  ;\nVu l'arr\u00eat\u00e9  du 19 f\u00e9vrier  2024 donnant  d\u00e9l\u00e9gation  de signature  \u00e0 Madame  Sophie  BOUDOT,  directrice\nd\u00e9partementale  de l'emploi,  du travail  et des  solidarit\u00e9s  du Gard  ;\nVu l'arr\u00eat\u00e9  du 21 f\u00e9vrier  2024  portant  subd\u00e9l\u00e9gation  aux  agents  de la direction  d\u00e9partementale  de\nl'emploi,  du travail  et des  solidarit\u00e9s  ;\nVu la circulaire  DGE  du 11 avril  2019  relative  aux  activit\u00e9s  de services  \u00e0 la personne  : d\u00e9claration  et\nagr\u00e9ment  des  organismes  de services  \u00e0 la personne  ;\nConstate  \u00eb\nQu'une  d\u00e9claration  d'activit\u00e9s  de services  \u00e0 la personne  a \u00e9t\u00e9 d\u00e9pos\u00e9e  aupr\u00e8s  de la direction\nd\u00e9partementale  de l'emploi,  du travail  et des  solidarit\u00e9s,  le 26 d\u00e9cembre  2024,  par MECOEN  Morgane\nen qualit\u00e9  de responsable,  pour  l'organisme  M\u00e9nage  Siret  N\u00b0912763596  00018  dont  l'\u00e9tablissement\nprincipal  est situ\u00e9  au 346  Rue  du jardin  de Garet  30920  Codognan  et enregistr\u00e9e  sous  le n\u00b0 SAP\n912763596  pour  les activit\u00e9s  suivantes  :\nActivit\u00e9s  relevant  uniquement  de la d\u00e9claration  en mode  prestataire  :\ne Entretien  de la maison  et travaux  m\u00e9nagers\nToute  modification  concernant  les activit\u00e9s  exerc\u00e9es  devra  faire  l'objet  d'une  d\u00e9claration  modificative\npr\u00e9alable.\nSous  r\u00e9serve  d'\u00eatre  exerc\u00e9es  \u00e0 titre  exclusif  (ou sous  r\u00e9serve  d'une  comptabilit\u00e9  s\u00e9par\u00e9e  pour  les\npersonnes  morales  dispens\u00e9es  de cette  condition),  ces activit\u00e9s  ouvrent  droit  au b\u00e9n\u00e9fice  des\ndispositions  des  articles  L. 7233-2  du code  du travail  et L. 241-10  du code  de la s\u00e9curit\u00e9  sociale  dans\nles conditions  pr\u00e9vues  par ces  articles.\nLes  effets  de la d\u00e9claration  courent  \u00e0 compter  du jour  du d\u00e9p\u00f4t  de la d\u00e9claration  sous  r\u00e9serve  des\ndispositions  de l'article  R.7232-18  du code  du travail.\nLe pr\u00e9sent  r\u00e9c\u00e9piss\u00e9  est \u00e0 port\u00e9e  nationale  et n'est  pas limit\u00e9  dans  le temps,  \u00e0 l'exception  des\nactivit\u00e9s  relevant  de l'agr\u00e9ment  dont  les effets  sont  limit\u00e9s  \u00e0 5 ans.\nMas  de l'Agriculture  \u2014 1120  route  de Saint  Gilles  \u2014 BP 39081  - 30972  NIMES  CEDEX  9\nT\u00e9l : 04 30 08 61 20 Fax  : 04 30 08 61 21 www.gard.gouv.fr\nDirection d\u00e9partementale de l'\u00e9conomie, de l'emploi, du travail et des solidarit\u00e9s  - 30-2025-01-23-00001 - R\u00e9c\u00e9piss\u00e9 d\u00e9claration\nservice \u00e0 la personne  MENAGE par MECOEN Morgane 912763596 le 26 d\u00e9cembre 2024 \u00e0 Codognan 10\nL'enregistrement  de la d\u00e9claration  peut  \u00e9tre  retir\u00e9  dans  les conditions  fix\u00e9es  aux  articles  R.7232-20  a\nR.7232-22  du code  du travail.\nLe pr\u00e9sent  r\u00e9c\u00e9piss\u00e9  sera  publi\u00e9  au recueil  des  actes  administratifs  de la pr\u00e9fecture  du Gard.\nFait  a Nimes,  le 23 janvier  2025\nPour  la directrice  d\u00e9partementale  de l'emploi,  |\n_ du travail  et des  solidarit\u00e9s  du Gard  et par d\u00e9l\u00e9gation\nle directeur  d\u00e9partemental  adjoint\nVoies  de recours  :\nLa pr\u00e9sente  d\u00e9cision  peut,  \u00e0 compter  de sa publication,  faire  l'objet  d'un  recours  gracieux  aupr\u00e8s  de la\nDirection  D\u00e9partementale  de l'Emploi,  du Travail  et des  Solidarit\u00e9s-  Mas  de l'Agriculture  \u2014 1120  route\nde Saint  Gilles  \u2014 BP 39081  \u2014 30972  NIMES  CEDEX  9 ou d'un recours  hi\u00e9rarchique  adress\u00e9  au\n- ministre  charg\u00e9  de l'\u00e9conomie  - Direction  g\u00e9n\u00e9rale  des  entreprises  - sous-direction  des  services\nmarchands,  6, . rue Louise  Weiss,  75703  Paris  cedex13.\nElle  peut  \u00e9galement  faire  l'objet  d'un  recours  contentieux  dans  un d\u00e9lai  de deux  mois  \u00e0 compter  de sa\npublication  aupr\u00e8s  du Tribunal  administratif  de N\u00eemes  - 16 avenue  Feuch\u00e8res  - 30000  N\u00eemes.\nLe tribunal  administratif  peut  \u00eatre saisi  par l'application  informatique  \u00abT\u00e9l\u00e9recours  citoyen\u00bb  accessible\nsur le site  internet  www.telerecours.fr.\nEn cas  de rejet  du recours  gracieux  ou hi\u00e9rarchique  ou en l'absence  de r\u00e9ponse  a ce recours  (rejet\nimplicite),  un recours  contentieux  devant  le tribunal  administratif  peut  \u00e9galement  \u00eatre  form\u00e9  contre  la\nd\u00e9cision  initiale  dans  un d\u00e9lai  de deux  mois  \u00e0 compter  de ce rejet.\nDirection d\u00e9partementale de l'\u00e9conomie, de l'emploi, du travail et des solidarit\u00e9s  - 30-2025-01-23-00001 - R\u00e9c\u00e9piss\u00e9 d\u00e9claration\nservice \u00e0 la personne  MENAGE par MECOEN Morgane 912763596 le 26 d\u00e9cembre 2024 \u00e0 Codognan 11\nDirection d\u00e9partementale de l'\u00e9conomie, de\nl'emploi, du travail et des solidarit\u00e9s \n30-2025-01-21-00005\nR\u00e9c\u00e9piss\u00e9 d\u00e9claration service \u00e0 la personne\nC\u00e9line GERVAIS 538319427 le 17 d\u00e9cembre 2024\n\u00e0 Nages et Solorgues\nDirection d\u00e9partementale de l'\u00e9conomie, de l'emploi, du travail et des solidarit\u00e9s  - 30-2025-01-21-00005 - R\u00e9c\u00e9piss\u00e9 d\u00e9claration\nservice \u00e0 la personne C\u00e9line GERVAIS 538319427 le 17 d\u00e9cembre 2024 \u00e0 Nages et Solorgues 12\nPREFET  : Direction  D\u00e9partementale\nDU GARD  de l'Emploi,  du Travail  et des  Solidarit\u00e9s\nBail\nFraternit\u00e9\nR\u00e9c\u00e9piss\u00e9  de d\u00e9claration  n\u00b0 30-2025-01-21-\nd'un  organisme  de services  \u00e0 la personne\nenregistr\u00e9  sous  le n\u00b0 SAP  538319427\nLe pr\u00e9fet  du Gard\nChevalier  de la L\u00e9gion  d'Honneur\nChevalier  de l'Ordre  National  du M\u00e9rite\nVu le code  du travail  et notamment  les articles  L.7231-1  \u00e0 L.7233-2,  R.7232-18  \u00e0 R.7232-24,  D.7231-\n1 et D.7233-1  \u00e0 D.7233-5  ;\nVu l'arr\u00eat\u00e9  du ministre  de l'Int\u00e9rieur  et des  outre-mer  du 30 janvier  2024  nommant  Mme  Sophie\nBOUDOT,  attach\u00e9e  d'administration  hors  classe  de l'\u00e9tat,  directrice  d\u00e9partementale,  de l'emploi,  du\ntravail  et des  solidarit\u00e9s  du Gard  ;\nVu l'arr\u00eat\u00e9  du 19 f\u00e9vrier  2024  donnant  d\u00e9l\u00e9gation  de signature  \u00e0 Madame  Sophie  BOUDOT,  directrice\nd\u00e9partementale  de l'emploi,  du travail  et des  solidarit\u00e9s  du Gard  ;\nVu l'arr\u00eat\u00e9  du 21 f\u00e9vrier  2024  portant  subd\u00e9l\u00e9gation  aux  agents  de la direction  d\u00e9partementale  de\nl'emploi,  du travail  et des  solidarit\u00e9s  ;\nVu la circulaire  DGE  du 11 avril  2019  relative  aux  activit\u00e9s  de services  \u00e0 la personne  : d\u00e9claration  et\nagr\u00e9ment  des  organismes  de services  \u00e0 la personne  ;\nConstate  :\nQu'une  d\u00e9claration  d'activit\u00e9s  de services  \u00e0 la personne  a \u00e9t\u00e9 d\u00e9pos\u00e9e  aupr\u00e8s  de la direction\nd\u00e9partementale  de l'emploi,  du travail  et des  solidarit\u00e9s,  le 17 d\u00e9cembre  2024,  par c\u00e9line  Gervais  en\nqualit\u00e9  de responsable,  pour  l'organisme  c\u00e9line  Gervais  Siret  N\u00b0538319427  00026  dont\nl'\u00e9tablissement  principal  est situ\u00e9  au 10 PLACE  DU GRIFFE  30114  NAGES-ET-SOLORGUES  et\nenregistr\u00e9e  sous  le n\u00b0 SAP  538319427  pour  les activit\u00e9s  suivantes  :\nActivit\u00e9s  relevant  uniquement  de la d\u00e9claration  en mode  prestataire  :\n+ Soutien  scolaire  ou cours  a domicile\nToute  modification  concernant  les activit\u00e9s  exerc\u00e9es  devra  faire  l'objet  d'une  d\u00e9claration  modificative\npr\u00e9alable.\nSous  r\u00e9serve  d'\u00eatre  exerc\u00e9es  \u00e0 titre  exclusif  (ou sous  r\u00e9serve  d'une  comptabilit\u00e9  s\u00e9par\u00e9e  pour  les\npersonnes  morales  dispens\u00e9es  de cette  condition),  ces  activit\u00e9s  ouvrent  droit  au b\u00e9n\u00e9fice  des\ndispositions  des  articles  L. 7233-2  du code  du travail  et L. 241-10  du code  de la s\u00e9curit\u00e9  sociale  dans\nles conditions  pr\u00e9vues  par ces  articles.\nLes  effets  de la d\u00e9claration  courent  \u00e0 compter  du jour  du d\u00e9p\u00f4t  de la d\u00e9claration  sous  r\u00e9serve  des\ndispositions  de l'article  R.7232-18  du code  du travail.  |\nLe pr\u00e9sent  r\u00e9c\u00e9piss\u00e9  est \u00e0 port\u00e9e  nationale  et n'est  pas  limit\u00e9  dans  le temps,  \u00e0 l'exception  des\nactivit\u00e9s  relevant  de l'agr\u00e9ment  dont  les effets  sont  limit\u00e9s  \u00e0 5 ans.\nMas  de l'Agriculture  \u2014 1120  route  de Saint  Gilles  \u2014 BP 39081  \u2014 30972  NIMES  CEDEX  9\nT\u00e9l : 04 30 08 61 20 Fax  : 04 30 08 61 21 www.gard.gouv.fr\nDirection d\u00e9partementale de l'\u00e9conomie, de l'emploi, du travail et des solidarit\u00e9s  - 30-2025-01-21-00005 - R\u00e9c\u00e9piss\u00e9 d\u00e9claration\nservice \u00e0 la personne C\u00e9line GERVAIS 538319427 le 17 d\u00e9cembre 2024 \u00e0 Nages et Solorgues 13\nL'enregistrement  de la d\u00e9claration  peut  \u00eatre  retir\u00e9  dans  les conditions  fix\u00e9es  aux  articles  R.7232-20  a\nR.7232-22  du code  du travail.\nLe pr\u00e9sent  r\u00e9c\u00e9piss\u00e9  sera  publi\u00e9  au recueil  des  actes  administratifs  de la pr\u00e9fecture  du Gard.\nFait  \u00e0 N\u00eemes,  le 21 janvier  2025\ndu travail  et des  solidarit\u00e9s  du Gard  et par d\u00e9l\u00e9gation\n> directeur  d\u00e9partemental  adjoint\nVoies  de recours  :\nLa pr\u00e9sente  d\u00e9cision  peut,  \u00e0 compter  de sa publication,  faire  l'objet  d'un  recours  gracieux  aupr\u00e8s  de la\nDirection  D\u00e9partementale  de l'Emploi,  du Travail  et des  Solidarit\u00e9s-  Mas  de l'Agriculture  \u2014 1120  route\nde Saint  Gilles  \u2014 BP 39081  \u2014 30972  NIMES  CEDEX  9 ou d'un recours  hi\u00e9rarchique  adress\u00e9  au\nministre  charg\u00e9  de l'\u00e9conomie  - Direction  g\u00e9n\u00e9rale  des  entreprises  - sous-direction  des  services\nmarchands,  6, rue Louise  Weiss,  75703  Paris  cedex13.\nElle  peut  \u00e9galement  faire  l'objet  d'un  recours  contentieux  dans  un d\u00e9lai  de deux  mois  a compter  de sa\npublication  aupr\u00e8s  du Tribunal  administratif  de Nimes  - 16 avenue  Feuch\u00e8res  - 30000  Nimes.\nLe tribunal  administratif  peut  \u00eatre  saisi  par l'application  informatique  \u00abT\u00e9l\u00e9recours  citoyen\u00bb  accessible\nsur le site  internet  www.telerecours.  fr.\nEn cas de rejet  du recours  gracieux  ou hi\u00e9rarchique  ou en l'absence  de r\u00e9ponse  \u00e0 ce recours  (rejet\nimplicite),  un recours  contentieux  devant  le tribunal  administratif  peut  \u00e9galement  \u00eatre  form\u00e9  contre  la\nd\u00e9cision  initiale  dans  un d\u00e9lai  de deux  mois  \u00e0 compter  de ce rejet.\nDirection d\u00e9partementale de l'\u00e9conomie, de l'emploi, du travail et des solidarit\u00e9s  - 30-2025-01-21-00005 - R\u00e9c\u00e9piss\u00e9 d\u00e9claration\nservice \u00e0 la personne C\u00e9line GERVAIS 538319427 le 17 d\u00e9cembre 2024 \u00e0 Nages et Solorgues 14\nDirection d\u00e9partementale de l'\u00e9conomie, de\nl'emploi, du travail et des solidarit\u00e9s \n30-2025-01-21-00004\nR\u00e9c\u00e9piss\u00e9 d\u00e9claration service \u00e0 la personne EI\npar Jean Paul GODEY le 13 d\u00e9cembre 2024 \u00e0\nRochefort du Gard\nDirection d\u00e9partementale de l'\u00e9conomie, de l'emploi, du travail et des solidarit\u00e9s  - 30-2025-01-21-00004 - R\u00e9c\u00e9piss\u00e9 d\u00e9claration\nservice \u00e0 la personne EI par Jean Paul GODEY le 13 d\u00e9cembre 2024 \u00e0 Rochefort du Gard 15\nPREFET  Direction  D\u00e9partementale\nDU GARD  de l'Emploi,  du Travail  et des  Solidarit\u00e9s\nLibert\u00e9\n\u00c9galit\u00e9\nFraternit\u00e9\nR\u00e9c\u00e9piss\u00e9  de d\u00e9claration  n\u00b0 30-2025-01-21-\nd'un  organisme  de services  \u00e0 la personne\nenregistr\u00e9  sous  le n\u00b0 SAP  934575796\nLe pr\u00e9fet  du Gard\nChevalier  de la L\u00e9gion  d'Honneur\nChevalier  de l'Ordre  National  du M\u00e9rite\nVu le code du travail  et notamment  les articles  L.7231-1  \u00e0 L.7233-  2, R.7232-18  a R.7232-24,  D.7231-\n1 et D.7233-1  \u00e0 D.7233-5  ;\nVu l'arr\u00eat\u00e9  du ministre  de l'Int\u00e9rieur  et des outre-mer  du 30 janvier  2024  nommant  Mme  Sophie\nBOUDOT,  attach\u00e9e  d'administration  hors  classe  de l'\u00e9tat,  directrice  d\u00e9partementale,  de l'emploi,  du\ntravail  et des  solidarit\u00e9s  du Gard  ;\nVu l'arr\u00eat\u00e9  du 19 f\u00e9vrier  2024  donnant  d\u00e9l\u00e9gation  de signature  \u00e0 Madame  Sophie  BOUDOT,  directrice\nd\u00e9partementale  de l'emploi,  du travail  et des  solidarit\u00e9s  du Gard  ;\nVu l'arr\u00eat\u00e9  du 21 f\u00e9vrier  2024  portant  subd\u00e9l\u00e9gation  aux  agents  de la direction  d\u00e9partementale  de\nl'emploi,  du travail  et des  solidarit\u00e9s  ;\nVu la circulaire  DGE  du 11 avril  2019  relative  aux  activit\u00e9s  de services  \u00e0 la personne  : d\u00e9claration  et\nagr\u00e9ment  des  organismes  de services  \u00e0 la personne  ;\nConstate  :\nQu'une  d\u00e9claration  d'activit\u00e9s  de services  \u00e0 la personne  a \u00e9t\u00e9 d\u00e9pos\u00e9e  aupr\u00e8s  de la direction\nd\u00e9partementale  de l'emploi,  du travail  et des solidarit\u00e9s,  le 13 d\u00e9cembre  2024,  par Jean  Paul  GODEY\nen qualit\u00e9  de  responsable,  pour  l'organisme  E.l Siret  N\u00b0934575796  30650  dont  l'\u00e9tablissement\nprincipal  est situ\u00e9  au 256  Chemin  Des  Sarrazins  30650  Rochefort  Du Gard  et enregistr\u00e9e  sous  le n\u00b0\nSAP  934575796  pour  les activit\u00e9s  suivantes  :\nActivit\u00e9s  relevant  uniquement  de la d\u00e9claration  en mode  prestataire  :\n\u00a2 Petits  travaux  de jardinage\n\u00b0 Travaux  de petit  bricolage\nToute  modification  concernant  les activit\u00e9s  exerc\u00e9es  devra  faire  l'objet  d'une  d\u00e9claration  modificative\npr\u00e9alable.\nSous  r\u00e9serve  d'\u00eatre  exerc\u00e9es  \u00e0 titre  exclusif  (ou sous  r\u00e9serve  d'une  comptabilit\u00e9  s\u00e9par\u00e9e  pour  les\npersonnes  morales  dispens\u00e9es  de cette  condition),  ces activit\u00e9s  ouvrent  droit  au b\u00e9n\u00e9fice  des\ndispositions  des  articles  L. 7233-2  du code  du travail  et L. 241-10  du code  de la s\u00e9curit\u00e9  sociale  dans\nles conditions  pr\u00e9vues  par  ces  articles.\nLes  effets  de la d\u00e9claration  courent  \u00e0 compter  du jour  du d\u00e9p\u00f4t  de la d\u00e9claration  sous  r\u00e9serve  des\ndispositions  de l'article  R.7232-18  du code  du travail.\nLe pr\u00e9sent  r\u00e9c\u00e9piss\u00e9  est \u00e0 port\u00e9e  nationale  et n'est  pas  limit\u00e9  dans  le temps,  \u00e0 l'exception  des\nMas  de l'Agriculture  - 1120  route  de Saint  Gilles  - BP 39081  - 30972  NIMES  CEDEX  9\nT\u00e9l : 04 30 08 61 20 Fax : 04 30 08 61 21 www.gard.gouv.fr\nDirection d\u00e9partementale de l'\u00e9conomie, de l'emploi, du travail et des solidarit\u00e9s  - 30-2025-01-21-00004 - R\u00e9c\u00e9piss\u00e9 d\u00e9claration\nservice \u00e0 la personne EI par Jean Paul GODEY le 13 d\u00e9cembre 2024 \u00e0 Rochefort du Gard 16\nactivit\u00e9s  relevant  de l'agr\u00e9ment  dont les effets  sont limit\u00e9s  \u00e0 5 ans.\nL'enregistrement  de la d\u00e9claration  peut  \u00eatre  retir\u00e9  dans  les conditions  fix\u00e9es  aux  articles  R.7232-20  \u00e0\nR.7232-22  du code  du travail.\nLe pr\u00e9sent  r\u00e9c\u00e9piss\u00e9  sera  publi\u00e9  au recueil  des  actes  administratifs  de la pr\u00e9fecture  du Gard.\nFait  \u00e0 N\u00eemes,  le 21 janvier  2025\nPour  la directrice  d\u00e9partementale  de l'emploi,\ndu travail  et des  solidarit\u00e9s  du Gard et par d\u00e9l\u00e9gation\nle directeur  d\u00e9partemental  adjoint\nRenaud  MORIN\nVoies  de recours  :\nLa pr\u00e9sente  d\u00e9cision  peut,  \u00e0 compter  de sa publication,  faire  l'objet  d'un  recours  gracieux  aupr\u00e8s  de la\nDirection  D\u00e9partementale  de l'Emploi,  du Travail  et des  Solidarit\u00e9s-  Mas  de l'Agriculture  \u2014 1120  route\nde Saint  Gilles  \u2014 BP 39081  \u2014 30972  NIMES  CEDEX  9 ou d'un recours  hi\u00e9rarchique  adress\u00e9  au\nministre  charg\u00e9  de l'\u00e9conomie  - Direction  g\u00e9n\u00e9rale  des  entreprises  - sous-direction  des  services\nmarchands,  6, rue Louise  Weiss,  75703  Paris  cedex13.\nElle peut \u00e9galement  faire l'objet  d'un recours  contentieux  dans un d\u00e9lai de deux mois \u00e0 compter  de sa\npublication  aupr\u00e8s  du Tribunal  administratif  de N\u00eemes  - 16 avenue  Feuch\u00e8res  - 30000  N\u00eemes.\nLe tribunal  administratif  peut  \u00eatre  saisi  par l'application  informatique  \u00abT\u00e9l\u00e9recours  citoyen\u00bb  accessible\nsur le site  internet  www.telerecours.fr.\nEn cas de rejet  du recours  gracieux  ou hi\u00e9rarchique  ou en l'absence  de r\u00e9ponse  \u00e0 ce recours  (rejet\nimplicite),  un recours  contentieux  devant  le tribunal  administratif  peut  \u00e9galement  \u00eatre  form\u00e9  contre  la\nd\u00e9cision  initiale  dans  un d\u00e9lai  de deux  mois  \u00e0 compter  de ce rejet.\nDirection d\u00e9partementale de l'\u00e9conomie, de l'emploi, du travail et des solidarit\u00e9s  - 30-2025-01-21-00004 - R\u00e9c\u00e9piss\u00e9 d\u00e9claration\nservice \u00e0 la personne EI par Jean Paul GODEY le 13 d\u00e9cembre 2024 \u00e0 Rochefort du Gard 17\nDirection d\u00e9partementale de l'\u00e9conomie, de\nl'emploi, du travail et des solidarit\u00e9s \n30-0205-01-20-00001\nR\u00e9c\u00e9piss\u00e9 d\u00e9claration service \u00e0 la personne Illona\nSOLA 937763001 le 16 d\u00e9cembre 2024 \u00e0 St\nQuentin la Poterie.pdf\nDirection d\u00e9partementale de l'\u00e9conomie, de l'emploi, du travail et des solidarit\u00e9s  - 30-0205-01-20-00001 - R\u00e9c\u00e9piss\u00e9 d\u00e9claration\nservice \u00e0 la personne Illona SOLA 937763001 le 16 d\u00e9cembre 2024 \u00e0 St Quentin la Poterie.pdf 18\nEx\nPREFET  Direction  D\u00e9partementale\nDU GARD  de l'Emploi,  du Travail  et des  Solidarit\u00e9s\nLibert\u00e9\nEgalit\u00e9\nFraternit\u00e9\nR\u00e9c\u00e9piss\u00e9  de d\u00e9claration  n\u00b0 30-2025-01-20-\nd'un  organisme  de services  \u00e0 la personne\nenregistr\u00e9  sous  le n\u00b0 SAP  937763001\nLe pr\u00e9fet  du Gard\nChevalier  de la L\u00e9gion  d'Honneur\nChevalier  de l'Ordre  National  du M\u00e9rite\nVu le code  du travail  et notamment  les articles  L.7231-1  \u00e0 L.7233-2,  R.7232-18  \u00e0 R.7232-24,  D.7231-\n1 et D.7233-1  \u00e0 D.7233-5  ;\nVu l'arr\u00eat\u00e9  du ministre  de l'Int\u00e9rieur  et des  outre-mer  du 30 janvier  2024  nommant  Mme  Sophie\nBOUDOT,  attach\u00e9e  d'administration  hors  classe  de l'\u00e9tat,  directrice  d\u00e9partementale,  de l'emploi,  du\ntravail  et des  solidarit\u00e9s  du Gard  ;\nVu l'arr\u00eat\u00e9  du 19 f\u00e9vrier  2024  donnant  d\u00e9l\u00e9gation  de signature  \u00e0 Madame  Sophie  BOUDOT,  directrice\nd\u00e9partementale  de l'emploi,  du travail  et des  solidarit\u00e9s  du Gard  ;\nVu l'arr\u00eat\u00e9  du 21 f\u00e9vrier  2024  portant  subd\u00e9l\u00e9gation  aux  agents  de la direction  d\u00e9partementale  de\nl'emploi,  du travail  et des  solidarit\u00e9s  ; |\nVu la circulaire  DGE  du 11 avril  2019  relative  aux  activit\u00e9s  de services  \u00e0 la personne  : d\u00e9claration  et\nagr\u00e9ment  des  organismes  de services  \u00e0 la personne  ;\nConstate  :\nQu'une  d\u00e9claration  d'activit\u00e9s  de services  \u00e0 la personne  a \u00e9t\u00e9 d\u00e9pos\u00e9e  aupr\u00e8s  de la direction\nd\u00e9partementale  de l'emploi,  du travail  et des  solidarit\u00e9s,  le 16 d\u00e9cembre  2024,  par  SOLA  Illona  en\nqualit\u00e9  de responsable,  pour  l'organisme  SOLA  Illona  Siret  N\u00b0937763001  00016  dont  l'\u00e9tablissement\nprincipal  est situ\u00e9  au 183  Chemin  Du moulin  neuf  30700  Saint  Quentin  la Poterie  et enregistr\u00e9e  sous\nle n\u00b0 SAP  937763001  pour  les activit\u00e9s  suivantes  :\nActivit\u00e9s  relevant  uniquement  de la d\u00e9claration  en mode  prestataire  :\ne Entretien  de la maison  et travaux  m\u00e9nagers\nToute  modification  concernant  les activit\u00e9s  exerc\u00e9es  devra  faire  l'objet  d'une  d\u00e9claration  modificative\npr\u00e9alable.\nSous  r\u00e9serve  d'\u00eatre  exerc\u00e9es  \u00e0 titre  exclusif  (ou sous  r\u00e9serve  d'une  comptabilit\u00e9  s\u00e9par\u00e9e  pour  les\npersonnes  morales  dispens\u00e9es  de cette  condition),  ces  activit\u00e9s  ouvrent  droit  au b\u00e9n\u00e9fice  des\ndispositions  des  articles  L. 7233-2  du code  du travail  et L. 241-10  du code  de la s\u00e9curit\u00e9  sociale  dans\nles conditions  pr\u00e9vues  par ces  articles.\nLes  effets  de la d\u00e9claration  courent  \u00e0 compter  du jour  du d\u00e9p\u00f4t  de la d\u00e9claration  sous  r\u00e9serve  des\ndispositions  de l'article  R.7232-18  du code  du travail.\nLe pr\u00e9sent  r\u00e9c\u00e9piss\u00e9  est \u00e0 port\u00e9e  nationale  et n'est  pas  limit\u00e9  dans  le temps,  \u00e0 l'exception  des\nactivit\u00e9s  relevant  de l'agr\u00e9ment  dont  les effets  sont  limit\u00e9s  \u00e0 5 ans.\nMas  de l'Agriculture  - 1120  route  de Saint  Gilles  - BP 39081  - 30972  NIMES  CEDEX  9\nT\u00e9l : 04 30 08 61 20 Fax  : 04 30 08 61 21 www.gard.gouv.fr\nDirection d\u00e9partementale de l'\u00e9conomie, de l'emploi, du travail et des solidarit\u00e9s  - 30-0205-01-20-00001 - R\u00e9c\u00e9piss\u00e9 d\u00e9claration\nservice \u00e0 la personne Illona SOLA 937763001 le 16 d\u00e9cembre 2024 \u00e0 St Quentin la Poterie.pdf 19\nL'enregistrement  de la d\u00e9claration  peut  \u00eatre  retir\u00e9  dans  les conditions  fix\u00e9es  aux  articles  R.7232-20  a\nR.7232-22  du code  du travail.\nLe pr\u00e9sent  r\u00e9c\u00e9piss\u00e9  sera publi\u00e9  au recueil  des actes  administratifs  de la prefecture  du Gard.\nFait  a Nimes,  le 20 janvier  2025\nPour  la directrice  d\u00e9partementale  de l'emploi,\ndu travail  et des  solidarit\u00e9s  du Gard  et par d\u00e9l\u00e9gation\nirecteur  d\u00e9partemental  adjoint\nRenaud  MORIN\nVoies  de recours  :\nLa pr\u00e9sente  d\u00e9cision  peut,  \u00e0 compter  de sa publication,  faire  l'objet  d'un  recours  gracieux  aupr\u00e8s  de la\nDirection  D\u00e9partementale  de l'Emploi,  du Travail  et des  Solidarit\u00e9s-  Mas  de l'Agriculture  \u2014 1120  route\nde Saint  Gilles  \u2014 BP 39081  \u2014 30972  NIMES  CEDEX  9 ou d'un  recours  hi\u00e9rarchique  adress\u00e9  au\nministre  charg\u00e9  de l'\u00e9conomie  - Direction  g\u00e9n\u00e9rale  des  entreprises  - sous-direction  des  services\nmarchands,  6, rue Louise  Weiss,  75703  Paris  cedex13.\nElle  peut  \u00e9galement  faire  l'objet  d'un  recours  contentieux  dans  un d\u00e9lai  de deux  mois  \u00e0 compter  de sa\npublication  aupr\u00e8s  du Tribunal  administratif  de N\u00eemes  - 16 avenue  Feuch\u00e8res  - 30000  N\u00eemes.\nLe tribunal  administratif  peut  \u00eatre  saisi  par l'application  informatique  \u00abT\u00e9l\u00e9recours  citoyen\u00bb  accessible\nsur le site  internet  www.telerecours.  fr.\nEn cas  de rejet  du recours  gracieux  ou hi\u00e9rarchique  ou en l'absence  de r\u00e9ponse  a ce recours  (rejet\nimplicite),  un recours  contentieux  devant  le tribunal  administratif  peut  \u00e9galement  \u00e9tre  form\u00e9  contre  la\nd\u00e9cision  initiale  dans  un d\u00e9lai  de deux  mois  \u00e0 compter  de ce rejet.\nDirection d\u00e9partementale de l'\u00e9conomie, de l'emploi, du travail et des solidarit\u00e9s  - 30-0205-01-20-00001 - R\u00e9c\u00e9piss\u00e9 d\u00e9claration\nservice \u00e0 la personne Illona SOLA 937763001 le 16 d\u00e9cembre 2024 \u00e0 St Quentin la Poterie.pdf 20\nDirection d\u00e9partementale de l'\u00e9conomie, de\nl'emploi, du travail et des solidarit\u00e9s \n30-2025-01-23-00004\nR\u00e9c\u00e9piss\u00e9 d\u00e9claration service \u00e0 la personne VGS\nNettoyages par OVSEPYAN Vardges 895159176\nle 21 d\u00e9cembre 2024 \u00e0 N\u00eemes\nDirection d\u00e9partementale de l'\u00e9conomie, de l'emploi, du travail et des solidarit\u00e9s  - 30-2025-01-23-00004 - R\u00e9c\u00e9piss\u00e9 d\u00e9claration\nservice \u00e0 la personne VGS Nettoyages par OVSEPYAN Vardges 895159176 le 21 d\u00e9cembre 2024 \u00e0 N\u00eemes 21\nPREFET  Direction  D\u00e9partementale\nDU GARD  de l'Emploi,  du Travail  et des  Solidarit\u00e9s\nLibert\u00e9\n\u00c9galit\u00e9\nFraternit\u00e9\nR\u00e9c\u00e9piss\u00e9  de d\u00e9claration  n\u00b0 30-2025-01-23\nd'un  organisme  de services  \u00e0 la personne\nenregistr\u00e9  sous  le n\u00b0 SAP  895159176\nLe pr\u00e9fet  du Gard\nChevalier  de la L\u00e9gion  d'Honneur\nChevalier  de l'Ordre  National  du M\u00e9rite\nVu le code  du travail  et notamment  les articles  L.7231-1  \u00e0 7283-3,  R.7232-18  \u00e0 R.7232-24,  D.7231-\n1 et D.7233-1  \u00e0 D.7233-5  :\nVu l'arr\u00eat\u00e9  du ministre  de l'Int\u00e9rieur  et des  outre-mer  du 30 janvier  2024  nommant  Mme  Sophie\nBOUDOT,  attach\u00e9e  d'administration  hors  classe  de l'\u00e9tat,  directrice  d\u00e9partementale,  de l'emploi,  du\ntravail  et des  solidarit\u00e9s  du Gard  ;\nVu l'arr\u00e9t\u00e9  du 19 f\u00e9vrier  2024  donnant  d\u00e9l\u00e9gation  de signature  \u00e0 Madame  Sophie  BOUDOT,  directrice\nd\u00e9partementale  de l'emploi,  du travail  et des  solidarit\u00e9s  du Gard  ;\nVu l'arr\u00e9t\u00e9  du 21 f\u00e9vrier  2024  portant  subd\u00e9l\u00e9gation  aux  agents  de la direction  d\u00e9partementale  de\nl'emploi,  du travail  et des  solidarit\u00e9s  ;\nVu la circulaire  DGE  du 11 avril  2019  relative  aux activit\u00e9s  de services  \u00e0 la personne  : d\u00e9claration  et\nagr\u00e9ment  des  organismes  de services  \u00e0 la personne  ;\nConstate  :\nQu'une  d\u00e9claration  d'activit\u00e9s  de services  \u00e0 la personne  a \u00e9t\u00e9 d\u00e9pos\u00e9e  aupr\u00e8s  de la direction\nd\u00e9partementale  de l'emploi,  du travail  et des solidarit\u00e9s,  le 21 d\u00e9cembre  2024,  par OVSEPYAN\nVardges  en qualit\u00e9  de responsable,  pour  l'organisme  VGS  nettoyages  Siret  N\u00b0895159176  00018  ont\nl'\u00e9tablissement  principal  est situ\u00e9  au 7 Rue  Numa  baragnon  30000  Nimes  et enregistr\u00e9e  sous  le n\u00b0\nSAP  895159176  pour  les activit\u00e9s  suivantes  :\nActivit\u00e9s  relevant  uniquement  de la d\u00e9claration  en mode  prestataire  :\n\u00a2 Entretien  de la maison  et travaux  m\u00e9nagers\nToute  modification  concernant  les activit\u00e9s  exerc\u00e9es  devra  faire l'objet  d'une d\u00e9claration  modificative\npr\u00e9alable.\nSous  r\u00e9serve  d'\u00eatre  exerc\u00e9es  \u00e0 titre  exclusif  (ou sous  r\u00e9serve  d'une  comptabilit\u00e9  s\u00e9par\u00e9e  pour  les\npersonnes  morales  dispens\u00e9es  de cette  condition),  ces  activit\u00e9s  ouvrent  droit  au b\u00e9n\u00e9fice  des\ndispositions  des  articles  L. 7233-2  du code  du travail  et L. 241-10  du code  de la s\u00e9curit\u00e9  sociale  dans\nles conditions  pr\u00e9vues  par  ces  articles.\nLes  effets  de la d\u00e9claration  courent  \u00e0 compter  du jour  du d\u00e9p\u00f4t  de la d\u00e9claration  sous  r\u00e9serve  des\ndispositions  de l'article  R.7232-18  du code  du travail.\nLe pr\u00e9sent  r\u00e9c\u00e9piss\u00e9  est \u00e0 port\u00e9e  nationale  et n'est  pas  limit\u00e9  dans  le temps,  \u00e0 l'exception  des\nMas  de l'Agriculture  - 1120  route  de Saint  Gilles  - BP 39081  - 30972  NIMES  CEDEX  9\nT\u00e9l  : 04 30 08 61 20 Fax  : 04 30 08 61 21 www.gard.gouv.fr\nDirection d\u00e9partementale de l'\u00e9conomie, de l'emploi, du travail et des solidarit\u00e9s  - 30-2025-01-23-00004 - R\u00e9c\u00e9piss\u00e9 d\u00e9claration\nservice \u00e0 la personne VGS Nettoyages par OVSEPYAN Vardges 895159176 le 21 d\u00e9cembre 2024 \u00e0 N\u00eemes 22\nactivit\u00e9s  relevant  de l'agr\u00e9ment  dont  les effets  sont  limit\u00e9s  \u00e0 5 ans.\nL'enregistrement  de la d\u00e9claration  peut  \u00eatre  retir\u00e9  dans  les conditions  fix\u00e9es  aux  articles  R.7232-20  a\nR.7232-22  du code  du travail.\nLe pr\u00e9sent  r\u00e9c\u00e9piss\u00e9  sera publi\u00e9  au recueil  des actes  administratifs  de la pr\u00e9fecture  du Gard.\nFait  \u00e0 N\u00eemes,  le 23 janvier  2025\nPour la directrice  d\u00e9partementale  de l'emploi,\ndu travail  et des  solidarit\u00e9s  du Gard  et par d\u00e9l\u00e9gation\nle directeur  d\u00e9partemental  adjoint\nVoies  de recours  :\nLa pr\u00e9sente  d\u00e9cision  peut,  \u00e0 compter  de sa publication,  faire  l'objet  d'un  recours  gracieux  aupr\u00e8s  de la\nDirection  D\u00e9partementale  de l'Emploi,  du Travail  et des  Solidarit\u00e9s-  Mas  de l'Agriculture  \u2014 1120  route\nde Saint  Gilles  \u2014 BP 39081  \u2014 30972  NIMES  CEDEX  9 ou d'un  recours  hi\u00e9rarchique  adress\u00e9  au\nministre  charg\u00e9  de l'\u00e9conomie  - Direction  g\u00e9n\u00e9rale  des  entreprises  - sous-direction  des  services\nmarchands,  6, rue Louise  Weiss,  75703  \u00a9 Paris  cedex13.\nElle  peut  \u00e9galement  faire  l'objet  d'un  recours  contentieux  dans  un d\u00e9lai  de deux  mois  \u00e0 compter  de sa\npublication  aupr\u00e8s  du Tribunal  administratif  de Nimes  - 16 avenue  Feuch\u00e8res  - 30000  Nimes.\nLe tribunal  administratif  peut  \u00eatre  saisi  par l'application  informatique  \u00abT\u00e9l\u00e9recours  citoyen\u00bb  accessible\nsur le site  internet  www.telerecours.  fr.\nEn cas  de rejet  du recours  gracieux  ou hi\u00e9rarchique  ou en l'absence  de r\u00e9ponse  a ce recours  (rejet\nimplicite),  un recours  contentieux  devant  le tribunal  administratif  peut  \u00e9galement  \u00eatre  form\u00e9  contre  la\nd\u00e9cision  initiale  dans  un d\u00e9lai  de deux  mois  \u00e0 compter  de ce rejet.\nDirection d\u00e9partementale de l'\u00e9conomie, de l'emploi, du travail et des solidarit\u00e9s  - 30-2025-01-23-00004 - R\u00e9c\u00e9piss\u00e9 d\u00e9claration\nservice \u00e0 la personne VGS Nettoyages par OVSEPYAN Vardges 895159176 le 21 d\u00e9cembre 2024 \u00e0 N\u00eemes 23\nPrefecture du Gard\n30-2025-01-31-00001\nARRETE MODIF CDNPS\nPrefecture du Gard - 30-2025-01-31-00001 - ARRETE MODIF CDNPS 24\nDirection  de la citoyennet\u00e9,  de la l\u00e9galit\u00e9  et de la coordination\nE = | Service  de la coordination  des politiques  publiques  et\nPREFET  | de l'appui  territorial\nDU GARD\nLibert\u00e9  |\nEgalit\u00e9\nFraternit\u00e9\nArr\u00eat\u00e9  n\u00b0 30-2025\nportant  modification  de la composition  de la commission  d\u00e9partementale\nde la nature,  des  paysages  et des  sites  (CDNPS)\nLe pr\u00e9fet  du Gard\nChevalier  de la L\u00e9gion  d'Honneur,\nChevalier  de l'Ordre  National  du M\u00e9rite,\nVu le code  de l'environnement  et notamment  les articles  L 341-16,  R 341-16  a R 341-25\nrelatifs  \u00e0 la commission  d\u00e9partementale  de la nature,  des  paysages  et des  sites  ;\nVu l'ordonnance  n\u00b0 2004-637  du 'er juillet  2004,  relative  \u00e0 la simplification  de la\ncomposition  et du fonctionnement  des  commissions  soministratives  et \u00e0 la r\u00e9duction\nde leur  nombre,  modifi\u00e9e  ;\nVu l'ordonnance  n\u00b0 2005-727  du 30 juin  2005  portant  diverses  dispositions  relatives  \u00e0 la\nsimplification  des  commissions  administratives,  ratifi\u00e9e  par la loi n\u00b0 2005-843  du 26\njuillet  2005  portant  diverses  mesures  de transposition  du droit  communautaire  \u00e0 la\nfonction  publique,  modifi\u00e9e  ;\nVu le d\u00e9cret  n\u00b0 2006-665  du 7 juin  2006  relatif  \u00e0 la r\u00e9duction  du nombre  et \u00e0 la\nsimplification  de la composition  des  diverses  commissions  administratives,  modifi\u00e9  ;\nVu le d\u00e9cret  n\u00b02009-235  du 27 f\u00e9vrier  2009  modifi\u00e9,  relatif  \u00e0 l'organisation  et aux\nmissions  des  directions  r\u00e9gionales  de l'environnement,  de l'am\u00e9nagement  et du\nlogement  ;\nVu le d\u00e9cret  n\u00b0 2009-1484  du 3 d\u00e9cembre  2009,  relatifs  aux directions  d\u00e9partementales\ninterminist\u00e9rielles  ;\nVu le d\u00e9cret  du 13 juillet  2023 du Pr\u00e9sident  de la R\u00e9publique  nommant  M J\u00e9r\u00f4me\nBONET,  pr\u00e9fet  du Gard  ;\nVu l'arr\u00eat\u00e9  pr\u00e9fectoral  n\u00b0 2006-256-8  du 13 septembre  2006,  portant  cr\u00e9ation  de la\ncommission  d\u00e9partementale  de la nature,  des  paysages  et des  sites  du Gard  et fixant  sa\ncomposition  ;\nVu l'arr\u00eat\u00e9  pr\u00e9fectoral  n\u00b030-2022-07-29-00002  du 29 juillet  2022  portant  renouvellement\ndes  membres  pour  une  dur\u00e9e  de trois  ans;\nVu l'arr\u00eat\u00e9  pr\u00e9fectoral  n\u00b030-2023-01-25-00001  du 25 janvier  2023  portant  modification\nde la composition  de la commission  Se RRTUS  ENTER  de la nature,  des  paysages  et des\nsites  ;\nPrefecture du Gard - 30-2025-01-31-00001 - ARRETE MODIF CDNPS 25\nConsid\u00e9rant  qu'il  convient  de mettre  a jour  la composition  de la\ncommission  d\u00e9partementale  de la nature,  des  paysages  et des  sites,  notamment  en ce\nqui concerne  la formation  \u00ab faune  sauvage  captive  \u00bb ;\nSur proposition  du secr\u00e9taire  g\u00e9n\u00e9ral  de la pr\u00e9fecture  du Gard  ;\nARRETE:\nArticle  1er  : PR\u00c9SIDENCE  DE LA COMMISSION\nLa commission  d\u00e9partementale  de la nature,  des  paysages  et des  sites  est pr\u00e9sid\u00e9e  par\nle pr\u00e9fet  ou son  repr\u00e9sentant.\nArticle  2 : D\u00c9SIGNATION  DES  MEMBRES  DE LA FORMATION  DITE  \u00ab DE LA NATURE  \u00bb\n1\" coll\u00e8ge  : 4 repr\u00e9sentants  des services  de l'\u00c9tat  :\n- M. le directeur  r\u00e9gional  de l'environnement,  de l'am\u00e9nagement  et du logement  ou\nson  repr\u00e9sentant,  |\n- M. le chef  de l'unit\u00e9  d\u00e9partementale  de l'architecture  et du patrimoine  du Gard\nou son  repr\u00e9sentant,\n- M. le directeur  d\u00e9partemental  des  territoires  et de la mer  (deux  repr\u00e9sentants),\nou leurs  repr\u00e9sentants\n2\u00b0\"\u00b0 coll\u00e8ge  : 4 repr\u00e9sentants  \u00e9lus  des collectivit\u00e9s  territoriales  et \u00e9tablissements  publics\nde coop\u00e9ration  intercommunale  :\nTitulaires  Suppl\u00e9ants\nMme  B\u00e9reng\u00e8re  NOGUIER,  conseill\u00e8re M Denis  BOUAD,  conseiller\nd\u00e9partementale  du canton  d'Uz\u00e9sd\u00e9partemental  du canton  d'Uz\u00e9s\nMme  Marie-Christine  PEYRIC,  conseill\u00e8re\nd\u00e9partementale  du canton  d'Al\u00e8s  IIIMme  L\u00e9a  BOYER,  conseill\u00e8re\nd\u00e9partementale  du canton  d'Al\u00e9s  |\nM. Ghislain  CHASSARY,  maire  de Rousson Mme  Mireille  DESIRA  NADAL,  maire  de\nSaint  Victor  de Malcap\nM. Jacky  REY,  maire  d'Aigues-Vives M Fran\u00e7ois  ABBOU,  maire  de Peyrolles\n3\u00b0\" coll\u00e8ge:  4 membres,  d\u00e9sign\u00e9s  parmi  les personnalit\u00e9s  qualifi\u00e9es  en mati\u00e8re  de\nsciences  de la nature,  de protection  des  sites  ou du cadre  de vie,  les repr\u00e9sentants\nd'associations  agr\u00e9\u00e9es  de protection  de l'environnement  et les organisations  agricoles  ou\nsylvicoles  :\nTitulaires Suppl\u00e9ants\nM. Jean-Francis  GOSSELIN,  soci\u00e9t\u00e9  de\nprotection  de la nature  du GardM. Christian  CAMELIS,  _ soci\u00e9t\u00e9  de\nprotection  de la nature  du Gard\nM. Jean-Pierre  TROUILLAS,  pr\u00e9sident  du M. Gilbert'  TOLMOS,  administrateur  au\ncentre  ornithologique  du Gard centre  ornithologique  du Gard\nPrefecture du Gard - 30-2025-01-31-00001 - ARRETE MODIF CDNPS 26\nM. Georges  ZINSSTAG,  chambre\nd'agriculture  du GardM Michel  ALLEMAND,  chambre\nd'agriculture  du Gard\nM Marc  MAZERT,  centre  r\u00e9gional  de la\npropri\u00e9t\u00e9  foresti\u00e8reMme  Marie-Claude  BERJAMIN,  centre\nr\u00e9gional  de la propri\u00e9t\u00e9  foresti\u00e8re\n4\u00b0\" college:  4 membres,  d\u00e9sign\u00e9s  parmi  les personnes  comp\u00e9tentes  en mati\u00e8re  de\nprotection  de la flore,  de la faune  sauvage  ainsi  que  des  milieux  naturels  :\nTitulaires Suppl\u00e9ants\nM. Jacques  GAUTIER,  ing\u00e9nieur  du g\u00e9nie\nrural,  des  eaux  et for\u00eats,M. Luc GOMEL,  directeur  du parc  Darwin\nde Montpellier\nM. Damien  COHEZ,  fondation  Tour  du\nValatM Franck  DUGUEPEROUX,  parc  national\ndes  C\u00e9vennes\nM. James  MOLINA,  conservatoire\nbotanique  m\u00e9diterran\u00e9enM. Fr\u00e9d\u00e9ric  ANDRIEU,  conservatoire\nbotanique  M\u00e9diterran\u00e9en\nM. Vincent  RAVEL,  pr\u00e9sident  de la\nf\u00e9d\u00e9ration  pour  la p\u00eache  et la protection\ndu milieu  aquatique  |M. Jo\u00ebl  MARTIN,  administrateur  \u00e0 la |\nf\u00e9d\u00e9ration  pour  la p\u00eache  et la protection\ndu milieu  aquatique\nRappel  : Lorsque  cette  formation  sp\u00e9cialis\u00e9e  se r\u00e9unit  en instance  de concertation  pour  la\ngestion  du r\u00e9seau  Natura  2000,  les repr\u00e9sentants  d'organismes  consulaires  et des  activit\u00e9s\npr\u00e9sentes  sur les sites  Natura  2000,  notamment  agricoles,  foresti\u00e8res,  extractives,\ntouristiques  ou sportives,  peuvent  \u00eatre  invit\u00e9s  \u00e0 participer,  sans  voix  d\u00e9lib\u00e9rative.\nArticle  3: D\u00c9SIGNATION  DES  MEMBRES  DE LA FORMATION  DITE  \u00ab DES  SITES  ET\nPAYSAGES  \u00bb\n1\u00b0 coll\u00e8ge  : 4 repr\u00e9sentants  des services  de l'\u00c9tat  :\n- M. le directeur  r\u00e9gional  de l'environnement,  de l'am\u00e9nagement  et du logement  ou\nson  repr\u00e9sentant,\n- M. le chef  de l'unit\u00e9  d\u00e9partementale  de l'architecture  et du patrimoine  du Gard\nOU son  repr\u00e9sentant,\n- M. le directeur  d\u00e9partemental  des  territoires  et de la mer  (deux  repr\u00e9sentants),\nou leurs  repr\u00e9sentants\n2\u00b0\"\u00b0_  coll\u00e8ge  : 4 repr\u00e9sentants  \u00e9lus  des collectivit\u00e9s  territoriales  et \u00e9tablissements  publics\nde coop\u00e9ration  intercommunale  :\nTitulaires Suppl\u00e9ants\nMme  B\u00e9reng\u00e8re  NOGUIER,  conseill\u00e8re\nd\u00e9partementale  du canton  d'Uz\u00e9sM Denis  BOUAD,  conseiller  d\u00e9partemental\ndu canton  d'Uz\u00e9s\nPrefecture du Gard - 30-2025-01-31-00001 - ARRETE MODIF CDNPS 27\nM Robert  CRAUSTE,  conseiller\nd\u00e9partemental  du canton  d'Aigues-\nMortesMme  Laurence  BARDUCA-FAUQUET,\nconseill\u00e8re  d\u00e9partementale  du canton\nd'Aigues-Mortes\nM. Ghislain  CHASSARY,  maire  de Rousson Mme  Julie  LOPEZ-DUBREUIL,  communaut\u00e9\nd'Al\u00e8s  agglom\u00e9ration\nM: Jacky  REY,  maire  d'Aigues-Vives M Fran\u00e7ois  ABBOU,  maire  de Peyrolles\n3\u00b0\" collage:  4 membres,  d\u00e9sign\u00e9s  parmi  les personnalit\u00e9s  qualifi\u00e9es  en mati\u00e8re  de\nsciences  de la nature,  de protection  des  sites  ou du cadre  de vie,  les repr\u00e9sentants\nd'associations  agr\u00e9\u00e9es  et les organisations  agricoles  ou sylvicoles  :\nTitulaires Suppl\u00e9ants\nM. Jean-Francis  GOSSELIN,  soci\u00e9t\u00e9  de\nprotection  de la nature  du GardM. Christian  CAMELIS,  soci\u00e9t\u00e9  de\nprotection  de la nature  du Gard\nM. Roger  TRAVIER,  F\u00e9d\u00e9ration  des\nassociations  c\u00e9venoles  environnement\nnature  (FACEN)M. Laurent  DUMINY,  association  Paysages\nde France\nM. Georges  ZINSSTAG,  chambre  M Michel  ALLEMAND,  chambre\nd'agriculture  du Gard  d'agriculture  du Gard\nM Marc  MAZERT,  centre  r\u00e9gional  de la Mme  Marie-Claude  BERJAMIN,  centre\nr\u00e9gional  de la propri\u00e9t\u00e9  foresti\u00e9re propri\u00e9t\u00e9  foresti\u00e8re\n4\u00b0\"  college: 4 membres,  d\u00e9sign\u00e9s  parmi  les personnes  comp\u00e9tentes  en mati\u00e9re\nd'am\u00e9nagement,  d'urbanisme,  de paysage,  d'architecture  et d'environnement  :\nTitulaires Suppl\u00e9ants\nM. Antoine  BRUGUEROLLE,  architecte M. Jean-Jacques  JOHANNET,  architecte\nM. Cyril  GINS,  paysagiste Mme  Corinne  SNABRE,  urbaniste,  \u00e9cologue\nM. St\u00e9phane  CARTOU,  directeur  du\nconseil  d'architecture,  d'urbanisme  et\nd'environnement  du GardMme  Myriam  BOUHADDANE  - RAYNAUD,\npaysagiste  conseil  au conseil  d'architecture,\nd'urbanisme  et d'environnement  du Gard\nMme  Claire  de GOURCY,  association\n\u00ab vieilles  maisons  frangaises  \u00bbM. Thierry  de Seguins  Cohorn,  association\n| \u00ab vieilles  maisons  fran\u00e7aises  \u00bb\nLorsque  la CDNPS  est consult\u00e9e  sur un projet  \u00e9olien,  sa formation  dite  desx  sites  et\npaysages  \u00bb est compl\u00e9t\u00e9e  par  les repr\u00e9sentants  des  professionnels  \u00e9oliens  suivants  :\nTitulaire  Suppl\u00e9ant\nM. Emmanuel  GOMA  (soci\u00e9t\u00e9  Val\u00e9co),  M. Frank  MAES  (soci\u00e9t\u00e9  Voltalia),\nrepr\u00e9sentant  France  Energie  Eolienne  repr\u00e9sentant  le syndicat  des  \u00e9nergies\nrenouvelables\nPrefecture du Gard - 30-2025-01-31-00001 - ARRETE MODIF CDNPS 28\nArticle  4 : DESIGNATION  DES MEMBRES  DE LA FORMATION  DITE  \u00ab DE LA PUBLICIT\u00c9  \u00bb\n1\" coll\u00e8ge  : 4 representants  des  services  de l'\u00c9tat  :\n- M. le directeur  r\u00e9gional  de l'environnement,  de l'am\u00e9nagement  et du logement\nOU son  repr\u00e9sentant,\n- M. le chef  de l'unit\u00e9  d\u00e9partementale  de l'architecture  et du patrimoine  du Gard,\nOU son  repr\u00e9sentant,\n- M. le directeur  d\u00e9partemental  des  territoires  et de la mer  (deux  repr\u00e9sentants),\nou leurs  repr\u00e9sentants,\n2\u00b0\"\u00b0 coll\u00e8ge  : 4 repr\u00e9sentants  \u00e9lus  des collectivit\u00e9s  territoriales  et \u00e9tablissements  publics  \u00a9\nde coop\u00e9ration  intercommunale  :\nTitulaires  | Suppl\u00e9ants\nM Martin  DELORD,  conseiller  Mme  B\u00e9reng\u00e8re  NOGUIER,  conseill\u00e8re\nd\u00e9partemental  du canton  du Vigan  _ | d\u00e9partementale  du canton  d'Uz\u00e8s\nM Patrick  SCORSONE,  conseiller  M Patrick  MALAVIEILLE,  conseiller\nd\u00e9partemental  du canton  de d\u00e9partemental  du canton  de La\nRoquemaure  | Grand'Combe\nM. Ghislain  CHASSARY,  maire  de Mme  Mireille  DESIRA  NADAL,  maire  de\nRousson  | Saint  Victor  de Malcap\nM. Jacky  REY,  maire  d'Aigues-Vives  M Fran\u00e7ois  ABBOU,  maire  de Peyrolles\n3\u00b0\" _ coll\u00e8ge:  4 membres,  d\u00e9sign\u00e9s  parmi  les personnalit\u00e9s  qualifi\u00e9es  en mati\u00e8re  de\nsciences  de la nature,  de protection  des  sites  ou du cadre  de vie,  les repr\u00e9sentants\nd'associations  agr\u00e9\u00e9es  et les organisations  agricoles  ou sylvicoles  :\nTitulaires  Suppl\u00e9ants\nM. Jean-Francis  GOSSELIN,  soci\u00e9t\u00e9  de M. Christian  CAMELIS,  soci\u00e9t\u00e9  de\nprotection  de la nature  du Gard  protection  de la nature  du Gard\nM. Philippe  TIEBOT,  association  \"Soreve\"  M. Jo\u00ebl  DUFOUR,  association  \u00ab Paysages  de\nFrance  \u00bb\nM. Georges  ZINSSTAG,  chambre  M Michel  ALLEMAND,  chambre\nd'agriculture  du Gard  d'agriculture  du Gard\nM Marc  MAZERT,  centre  r\u00e9gional  de la Mme  Marie-Claude  BERJAMIN,  centre\npropri\u00e9t\u00e9  foresti\u00e9re  r\u00e9gional  de la propri\u00e9t\u00e9  foresti\u00e9re\nPrefecture du Gard - 30-2025-01-31-00001 - ARRETE MODIF CDNPS 29\n4\u00b0\"\u00b0 college  : 4 membres,  d\u00e9sign\u00e9s  parmi  les repr\u00e9sentants  des entreprises  de publicit\u00e9  et\nles fabricants  d'enseignes  :\nTitulaires | Suppl\u00e9ants\nM. J\u00e9r\u00f4me  BRISSON,  soci\u00e9t\u00e9  Phenix  M. Charles-Henri  DOUMERC,  union  de la\nGroupe  publicit\u00e9  ext\u00e9rieure  (UPE)\nM. St\u00e9phane  GAFFORI,\nChannel  Francesoci\u00e9t\u00e9  Clear M. Xavier  FRANCOISE,  soci\u00e9t\u00e9  Clear\nChannel  France\nM. Patrick  TREGOU,  soci\u00e9t\u00e9  MPE  -Avenir Mme  Caharlotte  VIALARD,  soci\u00e9t\u00e9  MPE-\nAvenir\nM. Lionel  BANCAL,  soci\u00e9t\u00e9  Publi  D\u00e9co M. Serge  PIAZZOLLA,  st\u00e9 Lumi\u00e9re  et D\u00e9cor\nRappel  :le maire  de la commune  int\u00e9ress\u00e9e,  ou le pr\u00e9sident  du groupe  de travail\nintercommunal,  est invit\u00e9  \u00e0 si\u00e9ger  \u00e0 la s\u00e9ance  au cours  de laquelle  le projet  est examin\u00e9  et\na, sur celui  \u2014 ci voix  d\u00e9lib\u00e9rative.\nArticle  5: DESIGNATION  DES  MEMBRES  DE LA FORMATION  DITE  \u00abDES  UNITES\nTOURISTIQUES  NOUVELLES  \u00bb\n1\u00b0 coll\u00e8ge  : 4 repr\u00e9sentants  des services  de l'\u00c9tat  :\n- M. le directeur  r\u00e9gional  de l'environnement,  de l'am\u00e9nagement  et du logement,\nOU son  repr\u00e9sentant,\n- M. le chef  de l'unit\u00e9  d\u00e9partementale  de l'architecture  et du patrimoine  du\nGard,  ou son  li\n- M. le directeur  d\u00e9partemental  des territoires  et de a mer (deux  repr\u00e9sentants),\nou leurs  repr\u00e9senta  nts\nA titre  consultatif,  le directeur  de la d\u00e9l\u00e9gation  d\u00e9partementale  de l'agence  r\u00e9gionale\nde sant\u00e9,  ou son  repr\u00e9sentant\n2\u00b0\" coll\u00e8ge  : 4 repr\u00e9sentants  \u00e9lus  des collectivit\u00e9s  territoriales  et \u00e9tablissements  publics\nde coop\u00e9ration  intercommunale,  appartenant  au massif  concern\u00e9  :\nTitulaires Suppl\u00e9ants\nMme  H\u00e9l\u00e8ne  MEUNIER,  conseill\u00e8re\nd\u00e9partementale  du canton  du ViganM Martin  DELORD,  conseiller\nd\u00e9partemental  du canton  du Vigan\n| Mme  Isabelle  FARDOUX-JOUVE,\nconseill\u00e8re  d\u00e9partementale  du canton  de\nLa Grand'CombeM Patrick  MALAVIEILLE,  conseiller\nd\u00e9partemental  du canton  de La\nGrand'Combe\nM. Jo\u00ebl  GAUTHIER,  maire  de Val d'Aigoual Mme  Julie  LOPEZ-DUBREUIL,  maire  de\nSaint-Jean-du-Pin\nMme  Roseline  BOUSSAC,  communaut\u00e9\nd'Al\u00e8s  agglom\u00e9rationM. Yannick  LOUCHE,  pr\u00e9sident  du syndicat\nintercommunal  des  hautes  vall\u00e9es  c\u00e9venoles\nPrefecture du Gard - 30-2025-01-31-00001 - ARRETE MODIF CDNPS 30\n3\u00b0\"* college:  4 membres,  d\u00e9sign\u00e9s  parmi  les personnalit\u00e9s  qualifi\u00e9es  en mati\u00e8re  de\nsciences  de la nature,  de protection  des  sites  ou du cadre  de vie, les repr\u00e9sentants\nd'associations  agr\u00e9\u00e9es  pour  la protection  de l'environnement  et les organisations  agricoles\nou sylvicoles  :\nTitulaires Suppl\u00e9ants\nM. Jean-Francis  GOSSELIN,  soci\u00e9t\u00e9  de\nprotection  de la nature  du GardM. Christian  CAMELIS,  soci\u00e9t\u00e9  de\nprotection  de la nature  du Gard\nMme.  Jo\u00eblle  LACHAUD,  f\u00e9d\u00e9ration  des M. Norbert  CHAUTARD,  f\u00e9d\u00e9ration  des\npropri\u00e9t\u00e9  foresti\u00e8reassociations  c\u00e9venoles  pour  associations  c\u00e9venoles  pour\nl'environnement  et la nature  l'environnement  et la nature\nM. Georges  ZINSSTAG,  chambre  M Michel  ALLEMAND,  chambre\nd'agriculture  du Gard  d'agriculture  du Gard\nM Marc  MAZERT,  centre  r\u00e9gional  de la Mme  Marie-Claude  BERJAMIN,  centre\nr\u00e9gional  de la propri\u00e9t\u00e9  foresti\u00e8re\n4\u00b0\"\u00b0_coll\u00e8ge  : 4 membres,  d\u00e9sign\u00e9s  parmi  les repr\u00e9sentants  des organismes  consulaires  et\ndes  organisations  professionnelles  int\u00e9ress\u00e9es  par  les UTN  :\nTitulaires Suppl\u00e9ants\nM Eric BOUGET,  repr\u00e9sentant  la chambre\nde commerce  et d'industrie  du GardMme.  C\u00e9line  GAILLARD,  repr\u00e9sentant  la\nchambre  de commerce  et d'industrie  du\nGard\nM. Franck  NOURRY,  \u00e9lu, repr\u00e9sentant  la\nchambre  de m\u00e9tiers  et de l'artisanat  du\nGardM. David  GALLO,  vice  pr\u00e9sident  de la\nchambre  de m\u00e9tiers  et de l'artisanat  du\nGard\nMme  Sandrine  RIEUTOR,  directrice\ng\u00e9n\u00e9rale  de l'agence  de d\u00e9veloppement\net de r\u00e9servation  touristique  du GardMme  Cindy  BONASTRE,  responsable\nadministrative  et finaci\u00e8re,  \u00e0 l'agence  de\nd\u00e9veloppement  et de r\u00e9servation\ntouristique  du Gard\nMme  Edwige  de FERAUDY,  parc  national\ndes  C\u00e9vennesMme Juliette  WETTSTEIN,  parc national\ndes  C\u00e9vennes\nArticle  6: D\u00c9SIGNATION  DES  MEMBRES  DE\nSAUVAGE  CAPTIVE  \u00bb :\n1\u00b0\" coll\u00e8ge  : 4 repr\u00e9sentants  des  services  de l'\u00c9tat  :LA FORMATION  DITE  \u00ab DE LA FAUNE\n- M. le directeur  r\u00e9gional  de l'environnement,  de |' am\u00e9nagement  \u20ac et du logement,\nOU SON  repr\u00e9senta  nt,\n- M. le directeur  d\u00e9partemental  de\nrepr\u00e9sentants),  ou leurs  repr\u00e9sentants,la protection  des  populations  (deux\n- M. le directeur  d\u00e9partemental  des  territoires  et de la mer,  ou son  repr\u00e9sentant,\nPrefecture du Gard - 30-2025-01-31-00001 - ARRETE MODIF CDNPS 31\n\u00e9me2 coll\u00e8ge  : 4 repr\u00e9sentants  \u00e9lus  des  collectivit\u00e9s  territoriales  et \u00e9tablissements  publics\nde coop\u00e9ration  intercommunale  :\nTitulaires Suppl\u00e9ants\nMme  B\u00e9reng\u00e8re  NOGUIER,  conseill\u00e8re\nd\u00e9partementale  du canton  d'Uz\u00e9sMme.  Cathy  CHAULET,  conseill\u00e8re\nd\u00e9partementale  du canton  de Rousson\nMme  Marie-Christine  PEYRIC,  conseill\u00e8re\nd\u00e9partementale  du canton  d'Al\u00e9s  IIIMme  L\u00e9a  BOYER,  conseill\u00e8re\nd\u00e9partementale  du canton  d'Al\u00e8s  |\nRoussonM. Ghislain  CHASSARY,  maire  de Mme  Mireille  DESIRA  NADAL,  maire  de\nSaint  Victor  de Malcap\nM. Jacky  REY,  maire  d'Aigues-Vives M Fran\u00e7ois  ABBOU,  maire  de Peyrolles\n3\u00b0\"\u00b0 coll\u00e8ge  : 4 membres,  d\u00e9sign\u00e9s  parmi  les repr\u00e9sentants  d'associations  agr\u00e9\u00e9es  dans  le\ndomaine  de la protection  de la nature  et les personnalit\u00e9s  scientifiques  comp\u00e9tentes  en\nmati\u00e8re  de faune  sauvage  captive  :\nTitulaires Suppl\u00e9ants\nM. Jean-Francis  GOSSELIN,  soci\u00e9t\u00e9  de\nprotection  de la nature  du GardM. Christian  CAMELIS,  _ soci\u00e9t\u00e9  de\nprotection  de la nature  du Gard\nMme.  Catherine  AUDIC,  responsable  du\np\u00f4le  p\u00e9dagogique  chez  GOUPIL\nCONNEXIONMme.  Jacqueline  BIZET,  f\u00e9d\u00e9ration  des\nassociations  c\u00e9venoles  pour\nl'environnement  et la nature\nM. Vincent  MORCILLO,  centre  d'\u00e9tude,\nde protection  et d'\u00e9levage  des\nch\u00e9loniensM. Luc  GOMEL,  directeur  du parc  Darwin\nde Montpellier\nM. Jean  - Marie  PERINET,  soci\u00e9t\u00e9\nAntineaM. Jean-Marie  MAGNIEN,  fauconnier\n4\u00b0\"\u00b0_coll\u00e8ge  : 4 responsables  d'\u00e9tablissements  pratiquant  l'\u00e9levage,  la location,  la vente  ou\nla pr\u00e9sentation  au public  d'animaux  d'esp\u00e8ces  non  domestiques  :\nTitulaires Suppl\u00e9ants\nM. St\u00e9phane  BOUGAZELLI,  le Parc\nanimalier  de la Barben,  responsable\nvivarium  |Nicolas  HIREL,  conservateur,  p\u00f4le  |\nProgrammes  Aquariologie  et Conservation\nM. Jean  - Marc  GROUL,  Seaquarium  du\nGrau  du Roi |Mme  Anne  - Marie  NICOLAS,  Seaquarium\ndu Grau  du Roi\nM. Fabrice  MONCHAU,  chef  de rayon\nanimalerie,  \u00e9tablissement  TruffautM. Manuel  GOMES,  \u00e9leveur  d'oiseaux\nPrefecture du Gard - 30-2025-01-31-00001 - ARRETE MODIF CDNPS 32\nM. Serge  ROUBERTY,  \u00e9leveur  de tortues M. Laurent  BALEMBOIS,  \u00e9leveur  de bisons\nUn repr\u00e9sentant  du service  d\u00e9partemental  de l'Office  fran\u00e7ais  de la biodiversit\u00e9  est invit\u00e9  \u00e0\nparticiper  en qualit\u00e9  d'expert  technique,  sans  voix  d\u00e9lib\u00e9rative.\nArticle  7 : D\u00c9SIGNATION  DES MEMBRES  DE LA FORMATION  DITE \u00ab DES CARRI\u00c8RES  \u00bb\n1 coll\u00e8ge : :4 repr\u00e9sentants  des services  de l'\u00c9tat :\n- M. le directeur  r\u00e9gional  de l'environnement,  de l'am\u00e9nagement  et du logement\n'(deux  repr\u00e9sentants  dont  un de l'unit\u00e9  territoriale  du Gard),\n- M. le chef  de l'unit\u00e9  d\u00e9partementale  de |' RRORSERUNES  et du patrimoine  du\nGard,  ou son  repr\u00e9sentant,\n- M. le directeur  d\u00e9partemental  des  territoires  et de la mer,  ou son  repr\u00e9sentant,\n2\u00b0\"\u00b0 coll\u00e8ge  : 4 repr\u00e9sentants  \u00e9lus  des collectivit\u00e9s  territoriales  et \u00e9tablissements  publics\nde coop\u00e9ration  intercommunale  :\nTitulaires Suppl\u00e9ants\nM Patrick  SCORSONE,  repr\u00e9sentant  de la\npr\u00e9sidente  du conseil  d\u00e9partemental  du\nGardMme  Maryse  GIANNACCINI,  conseill\u00e8re\nd\u00e9partementale  du canton  de Calvisson\nM Marc  LARROQUE,  conseiller\nd\u00e9partemental  du canton  de CalvissonMme  Maryse  GIANNACCINI,  conseill\u00e8re\nd\u00e9partementale  du canton  de Calvisson\nM. Ghislain  CHASSARY,  maire  de Rousson Mme  Mireille  DESIRA  NADAL,  maire  de\nSaint  Victor  de Malcap\nM. Jacky  REY,  maire  d'Aigues-Vives M Fran\u00e7ois  ABBOU,  maire  de Peyrolles\nRappel:  le ou les maires  des  communes  concern\u00e9es  par  le(s)  projet(s)  \u00e0 l'ordre  du jour\nsi\u00e8gent  \u00e9galement  \u00e0 la s\u00e9ance  au cours  de laquelle  le projet  est examin\u00e9,  avec  voix\nd\u00e9lib\u00e9rative.\n3\u00b0\" _ coll\u00e8ge:  4 membres,  d\u00e9sign\u00e9s  parmi  les personnalit\u00e9s  qualifi\u00e9es  en mati\u00e8re  de\nsciences  de la nature,  de protection  des  sites  ou du cadre  de vie,  les repr\u00e9sentants\nd'associations  agr\u00e9\u00e9es  de protection  de l'environnement  et les organisations  agricoles  ou\nsylvicoles  :\nPrefecture du Gard - 30-2025-01-31-00001 - ARRETE MODIF CDNPS 33\nTitulaires Suppl\u00e9ants\nM. Jean-Francis  GOSSELIN,  soci\u00e9t\u00e9  de\nprotection  de la nature  du GardM. Jean-Cl\u00e9ment  TERMOZ,  soci\u00e9t\u00e9  de\nprotection  de la nature  du Gard\nM. Paul  MAZIERE,  f\u00e9d\u00e9ration  des  Mme.Monique  LOBIER,  f\u00e9d\u00e9ration  des\n\"associations  c\u00e9venoles  pour  associations  c\u00e9venoles  pour\nl'environnement  et la nature  l'environnement  et la nature  :\nM. Georges  ZINSSTAG,  chambre  M. Michel  ALLEMAND,  chambre\nd'agriculture  du Gard  d'agriculture  du Gard\nM Marc  MAZERT  centre  r\u00e9gional  de la Mme  Marie-Claude  BERJAMIN,  centre\npropri\u00e9t\u00e9  foresti\u00e9re r\u00e9gional  de la propri\u00e9t\u00e9  foresti\u00e9re\n4\u00b0\"\u00b0 _coll\u00e9ge  : 4 repr\u00e9sentants  des exploitants  de carri\u00e8res  et des utilisateurs  de mat\u00e9riaux\nde carri\u00e8re  :\nTitulaires Suppl\u00e9ants\nM. Christophe  RUAS,  soci\u00e9t\u00e9  Leygue,\nexploitant  de carri\u00e8reM. Paul  MARIOTTA,  Carri\u00e8res  de Provence,\nexploitant  de carri\u00e8re  |\nM. Bruno  MAESTRI,  GSM,  exploitant  de\ncarri\u00e8reM. R\u00e9mi  ENJOLVY,  carri\u00e8re  Lazard,\nexploitant  de carri\u00e8re\nM Gabriel  GIRAUD,  BETON  du Gard,\nrepr\u00e9sentant  des  professions  utilisatrices\ndes  mat\u00e9riaux  _M. J\u00e9r\u00f4me  GAZIELLO,  LIB Industries,  utilisateur\nde mat\u00e9riaux  de carri\u00e8res\nM. David  GALLO,  dirigeant  de LOXIMAT,\npr\u00e9sident  de la section  TP de la FFB du\nGard,  utilisateur  de mat\u00e9riaux  de\ncarri\u00e8resM. Philippe  TAMAI,  pr\u00e9sident  de la FFB du\nGard,  utilisateur  de mat\u00e9riaux  de carri\u00e9res\nArticle  8: DUREE  DU MANDAT  DES  MEMBRES\nLe mandat  des  membres  de la commission  d\u00e9sign\u00e9s  de l'article  2 \u00e0 l'article  7 du pr\u00e9sent\narr\u00eat\u00e9  prendra  fin le 12 juin  2025,  par  renvoi  aux  dispositions  de l'article  8 \u00ab dur\u00e9e  du\nmandat  des  membres  \u00bb de l'arr\u00eat\u00e9  pr\u00e9fectoral  n\u00b0 30-2021-07-29-00002  du 29 juillet  2021,\nportant  modification  de la composition  de ladite  commission.\nPrefecture du Gard - 30-2025-01-31-00001 - ARRETE MODIF CDNPS 34\nLe membre  qui,  au cours  de son  mandat,  d\u00e9c\u00e9de,  d\u00e9missionne  ou perd  la qualit\u00e9  au\ntitre  de laquelle  il a \u00e9t\u00e9 d\u00e9sign\u00e9,  est remplac\u00e9,  pour  la dur\u00e9e  du mandat  restant  a courir,\npar  une  personne  d\u00e9sign\u00e9e  dans  les m\u00e9mes  conditions.\nArticle  9: VOIES  ET DELAIS  DE RECOURS\nLe pr\u00e9sent  arr\u00eat\u00e9  peut  faire  l'objet,  dans  un d\u00e9lai  de deux  mois  a compter  de sa\npublication  au recueil  des  actes  administratifs  de la pr\u00e9fecture  ou de sa notification,  soit\nd'un  recours  gracieux  aupr\u00e8s  du pr\u00e9fet  du Gard,  soit  d'un  recours  hi\u00e9rarchique  aupr\u00e8s  du\nministre  de l'Int\u00e9rieur.\nIl peut  \u00e9galement  faire  l'objet  d'un  recours  contentieux  aupr\u00e8s  du tribunal  administratif  de\nN\u00eemes,  soit  :\n- directement,  en l'absence  de recours  pr\u00e9alable,  dans  un d\u00e9lai  de deux  mois  \u00e0 compter  de\nsa publication  ; |\n- \u00e0 l'issue  d'un  recours  pr\u00e9alable,  dans  le d\u00e9lai  de deux  mois  \u00e0 compter  de la date  de sa\nnotification  de la r\u00e9ponse  obtenue  de l'administration,  ou au terme  d'un  silence  gard\u00e9  par\ncelle-ci  pendant  deux  mois  \u00e0 compter  de la r\u00e9ception  de la demande.\nLe tribunal  administratif  peut  aussi  \u00eatre  saisi  par  l'application  informatique  \u00ab T\u00e9l\u00e9recours\ncitoyens  \u00bb accessible  par  le site  internet  www.telerecours.fr\nArticle  10 : EX\u00c9CUTION  et PUBLICATION\nLe secr\u00e9taire  g\u00e9n\u00e9ral  de la pr\u00e9fecture  du Gard  est charg\u00e9  de l'application  du pr\u00e9sent\narr\u00eat\u00e9,  qui sera  ins\u00e9r\u00e9  au recueil  des  actes  administratifs  de la pr\u00e9fecture  et notifi\u00e9  aux\nmembres  de la commission.\nA ft tt At\u00bb stu %~ NIUEa, 31 JAN, 2075\nPrefecture du Gard - 30-2025-01-31-00001 - ARRETE MODIF CDNPS 35\nPrefecture du Gard - 30-2025-01-31-00001 - ARRETE MODIF CDNPS 36","date":"2025-01-31","first_seen_on":"2025-01-31T15:07:01+00:00","id":"13de6a1c0aa669274f4972dbd06349bd2abd20ce975506e6dc64fafba8b42fd3","name":"recueil-30-2025-017-nominatifs du 31 01 2025","pdf_creation_date":"2025-01-31T15:04:21+00:00","pdf_modification_date":null,"timezone":"CET","url":"https://www.gard.gouv.fr/contenu/telechargement/61843/458659/file/recueil-30-2025-017-nominatifs%20du%2031%2001%202025.pdf"}
