{"administration":"pref75","administration_name":"Pr\u00e9fecture de Paris","content":"PREFECTURE\nDE PARIS\nRECUEIL DES ACTES\nADMINISTRATIFS SP\u00c9CIAL\nN\u00b075-2024-419\nPUBLI\u00c9 LE 12 JUILLET 2024\nSommaire\n75-2024-06-06-00017 - D\u00e9cision tarifaire n\u00b0 1167 portant fixation du\nforfait global de soins pour 2024 de\nEHPAD RESIDENCE LUCIE ET EDGAR\nFAURE - 770004109 (2 pages) Page 5\n75-2024-06-06-00023 - D\u00e9cision tarifaire n\u00b0 1329 portant fixation du\nforfait global de soins pour 2024 de\nEHPAD LE PARC FLEURI - 770003382\n(2 pages) Page 8\n75-2024-06-06-00025 - D\u00e9cision tarifaire n\u00b01158 portant fixation du\nforfait global de soins pour 2024 de\nEHPAD RESIDENCE LA GARENNE -\n770015360 (2 pages) Page 11\n75-2024-06-06-00031 - D\u00e9cision tarifaire n\u00b01237 portant fixation du\nforfait global de soins pour 2024 de\nehpad le grand pavois - 770016632\n(2 pages) Page 14\n75-2024-06-06-00032 - D\u00e9cision tarifaire n\u00b01242 portant fixation du\nforfait global de soins pour 2024 de\nehpad r\u00e9sidence l'aubetine-\n770015741\n (2 pages) Page 17\n75-2024-06-06-00020 - D\u00e9cision tarifaire n\u00b01266 portant fixation du\nforfait global de soins pour 2024 de\nEHPAD LES GLYCINES - 770003390 (2\npages) Page 20\n75-2024-06-06-00028 - D\u00e9cision tarifaire n\u00b01414 portant fixation du\nforfait global de soins pour 2024 de\nehpad residence francois villon -\n770017119\n (2 pages) Page 23\n75-2024-06-06-00024 - D\u00e9cision tarifaire n\u00b01427 portant fixation du\nforfait global de soins pour 2024 de\nEHPAD RESIDENCE DES SEPT\nMOULINS - 770003341 (2 pages) Page 26\n75-2024-06-06-00018 - D\u00e9cision tarifaire n\u00b01428 portant fixation du\nforfait global de soins pour 2024 de\nEHPAD LA RESIDENCE DE DIANE-\n770003424 (2 pages) Page 29\n75-2024-06-06-00019 - D\u00e9cision tarifaire n\u00b01462 portant fixation du\nforfait global de soins pour 2024 de\nEHP AD LES ACACIAS - 770003408 (2\npages) Page 32\n75-2024-06-06-00027 - D\u00e9cision tarifaire n\u00b01466 portant fixation du\nforfait global de soins pour 2024 de\nehpad edme porta - 770016939\n (2\npages) Page 35\n75-2024-06-06-00021 - D\u00e9cision tarifaire n\u00b01515 portant fixation du\nforfait global de soins pour 2024 de\nEHPAD RESIDENCE ONDINE -\n770015188 (2 pages) Page 38\n75-2024-06-06-00029 - D\u00e9cision tarifaire n\u00b01707 portant fixation du\nforfait global de soins pour 2024 de ehpad la r\u00e9sidence les champs -\n770016848\n (2 pages) Page 41\n2\n75-2024-06-06-00030 - D\u00e9cision tarifaire n\u00b01753 portant fixation du\nforfait global de soins Pour 2024 de\nehpad les jardins medicis -\n770016459\n (2 pages) Page 44\n75-2024-06-06-00022 - D\u00e9cision tarifaire n\u00b01771 portant fixation du\nforfait global de soins pour 2024 de\nSSIAD CANTON DE LA FERTE\nGAUCHER - 770004398 (2 pages) Page 47\n75-2024-06-06-00026 - D\u00e9cision tarifaire n\u00b02069 portant fixation du\nforfait global de soins pour 2024 de\nEHP AD LA FERME DU MARAIS -\n770015196 (2 pages) Page 50\n75-2024-06-10-00009 - D\u00e9cision tarifaire n\u00b02542 portant fixation de la\ndotation globale de soins pour 2024 de\nssiad-ch de brie comte robert -\n770016012\n (2 pages) Page 53\nDirection r\u00e9gionale des affaires culturelles d'Ile-de-France  / Unit\u00e9\nd\u00e9partementale de l?architecture et du patrimoine de Paris\n75-2024-07-11-00031 - Arr\u00eat\u00e9 N\u00b02024-135 - Autorisation sp\u00e9ciale de\ntravaux concernant les installations temporaires du Wrestling House dans le\ncadre des Jeux Olympiques et Paralympiques de Paris 2024 - Port de Suffren\n- 7\u00e8me arrondissement de Paris\n (2 pages) Page 56\nPr\u00e9fecture de Police / Cabinet\n75-2024-07-12-00002 - Arr\u00eat\u00e9 2024-00977 autorisant la captation,\nl?enregistrement et la transmission d?images au moyen d?une\ncam\u00e9ra install\u00e9e sur un h\u00e9licopt\u00e8re \u00e0 Paris et dans le\nd\u00e9partement des Hauts-de-Seine \u00e0 l?occasion de la f\u00eate nationale\ndu 14 juillet (8 pages) Page 59\n75-2024-07-10-00022 - Arr\u00eat\u00e9 n\u00b0 2024-00953 du 10 juillet 2024 portant\nmesures de police applicables \u00e0 l?occasion des Jeux Olympiques de\nParis du jeudi 11 juillet au mardi 13 ao\u00fbt 2024 sur le site du Village\nolympique\n\n (6 pages) Page 68\n75-2024-07-10-00021 - Arr\u00eat\u00e9 n\u00b0 2024-00954 du 10 juillet\n2024\nportant mesures de police applicables \u00e0 l?occasion des Jeux\nOlympiques de Paris du jeudi 11 juillet au lundi 09 septembre 2024 sur le\nsite du Centre des m\u00e9dias (6 pages) Page 75\n75-2024-07-10-00023 - Arr\u00eat\u00e9 n\u00b0 2024-00955 du 10 juillet 2024\nautorisant la captation, l?enregistrement et la transmission d?images\nau moyen de cam\u00e9ras install\u00e9es sur des a\u00e9ronefs \u00e0 l?occasion des\nJeux Olympiques de Paris du 11 juillet 2024 au 13 ao\u00fbt 2024 en\nSeine-Saint-Denis\n (4 pages) Page 82\n75-2024-07-11-00033 - Arr\u00eat\u00e9 n\u00b02024-00975 du 11 juillet 2024 modifiant\nl?arr\u00eat\u00e9 n\u00b02024-00928 du 9 juillet 2024 modifiant provisoirement le\nstationnement dans plusieurs voies de Paris du 13 au 16 juillet 2024 \u00e0\nl?occasion du passage du relais de la Flamme olympique\n (4 pages) Page 87\n3\n75-2024-07-12-00004 - Arr\u00eat\u00e9 n\u00b02024-00981 modifiant provisoirement\nla circulation dans plusieurs voies \u00e0 Saint-Denis, Saint-Ouen-sur-Seine et\nl?Ile Saint-Denis (Seine-Saint-Denis) dans le cadre de l?organisation des\nJeux Olympiques et Paralympiques (13 pages) Page 92\nPr\u00e9fecture de Police / Direction des usagers et des polices administratives\n75-2024-07-11-00032 - Arr\u00eat\u00e9 n\u00b0 2024-0959 du 11 juillet 2024 portant\nautorisation de l?emploi dans neuf stations de la R\u00e9gie autonome des\ntransports parisiens d?un traitement algorithmique des images issues\nd?un syst\u00e8me de vid\u00e9oprotection du 12 juillet 2024 au 15 juillet\n2024\n (6 pages) Page 106\n4\n75-2024-06-06-00017\nD\u00e9cision tarifaire n\u00b0 1167 portant fixation du\nforfait global de soins pour 2024 de\nEHPAD RESIDENCE LUCIE ET EDGAR FAURE -\n770004109\n - 75-2024-06-06-00017 - D\u00e9cision tarifaire n\u00b0 1167 portant fixation du forfait global de soins pour 2024 de\nEHPAD RESIDENCE LUCIE ET EDGAR FAURE - 770004109 5\n@ D Agence  R\u00e9gionale  de Sant\u00e9\nDECISION TARIFAIRE N\u00b01167 PORTANT FIXATION DU FORFAIT GLOBAL DE SOINS \nPOUR 2024 DE \nEHPAD RESIDENCE LUCIE ET EDGAR FAURE -770004109 \nLe Directeur G\u00e9n\u00e9ral de l' ARS Ile-de-France \nVU le Code del' Action Sociale et des Familles \nVU le Code de la S\u00e9curit\u00e9 Sociale ; \nVU la loin\u00b0 2023-1250 du 26 d\u00e9cembre 2023 de financement de la S\u00e9curit\u00e9 Sociale pour 2024 \npubli\u00e9e au Journal Officiel du 27/12/2023 ; \nVU l'arr\u00eat\u00e9 minist\u00e9riel du 16/05/2024 publi\u00e9 au Journal Officiel du 17/05/2024 pris en \napplic ation de l'article 1314-3 du Code de l'Action Sociale et des Familles fixant, pour \nl'ann\u00e9e 2024 l'objectif global de d\u00e9penses d'assurance maladie et le montant total de \nd\u00e9penses pour les \u00e9tablissements et services relevant de la Caisse nationale de solidarit\u00e9 pour \nl'autonomie ; \nVU la d\u00e9cision du 22/05/2024 publi\u00e9e au Journal Officiel du 24/05/2024 relative aux dotations \nr\u00e9gionales limitatives 2024 et \u00e0 la moyenne nationale des besoins en soins requis 2024 ; \nVU l'arr\u00eat\u00e9 du 21/05/2024 fixant pour 2024 les valeurs du point mentionn\u00e9es \u00e0 l'article R.314-\n162 du code de l'action sociale et des familles publi\u00e9 au Journal Officiel du 23/05/2024 ; \nVU le d\u00e9cre t du 10 Avril 2024 portant nomination de Monsieur, ROBIN, Denis en qualit\u00e9 de \nDirect eur G\u00e9n\u00e9ral de l'agence r\u00e9gionale de sant\u00e9 Ile-de-France ; \nVU la d\u00e9cision de d\u00e9l\u00e9gation de signature du Directeur G\u00e9n\u00e9ral de l 'ARS vers la directrice de la \nd\u00e9l\u00e9gation d\u00e9partementale de SEINE-ET-MARNE en date du 29/04/2024 ; \nVU l'autorisation ou le renouvellement d'autorisation en date du 26/05/2003 de la structure \nEtablissement d'h\u00e9bergement pour personnes \u00e2g\u00e9es d\u00e9pendantes d\u00e9nomm\u00e9e EHP AD \nRESIDENCE LUCIE ET EDGAR FAURE (770004109) sise 1058, R, DE SEINE 77350, \nBoissise-la-Bertrand et g\u00e9r\u00e9e par l'entit\u00e9 d\u00e9nomm\u00e9e ASSOCIATION LES BRUYERES \n(770001154); \nArticle 1er DECIDE \n\u00c0 compter du 01/01/2024, le forfait global de soins est fix\u00e9 \u00e0 1 800 189,84 \u20ac au titre de \n2024, dont 65 000,00 \u20ac \u00e0 titre non reconductible. \nLa fraction forfaitaire mensuelle s'\u00e9tablit \u00e0 150 015,82 \u20ac. \nPour 2024, les tarifs sont d\u00e9compos\u00e9s comme suit \n1  - 75-2024-06-06-00017 - D\u00e9cision tarifaire n\u00b0 1167 portant fixation du forfait global de soins pour 2024 de\nEHPAD RESIDENCE LUCIE ET EDGAR FAURE - 770004109 6\nD'7\nArticle 2 \nArticle 3 \nArticle 4 \nArticle 5 Forfait global de soins Prix de journ\u00e9e ( en \u20ac) \n1 698 807,64 60,75 \nH\u00e9bergement Permanent \n0,00 0 \nUHR \n101 382,20 0 \nPASA \n0,00 0,00 \nH\u00e9bergement Temporaire \n0,00 0,00 \nAccueil de jour \n\u00c0 compter du 1er janvier 2025, en application de l'article L.314-7 du CASF, le forfait global \nde soins est fix\u00e9, \u00e0 titre transitoir e, \u00e0 1 735 189,84 \u20ac. \nLes tarifs de reconduction sont fix\u00e9s \u00e0 \nForfait global de soins Prix de journ\u00e9e ( en \u20ac) \nH\u00e9bergement Permanent 1 633 807,64 58,43 \nUHR 0,00 0 \nPASA 101 382,20 0 \nH\u00e9bergement Temporaire 0,00 0,00 \nAccueil de jour 0,00 0,00 \nLa fraction forfaitaire mensuelle s'\u00e9tablit \u00e0 144 599,15 \u20ac. \nLes recours contentieux dirig\u00e9s contre la pr\u00e9sente d\u00e9cision doivent \u00eatre port\u00e9s devant le \nTribunal Interr\u00e9gional de la Tarification Sanitaire et Sociale sis 1, Place du Palais Royal, \nPARIS, 75100 dans un d\u00e9lai d'un mois \u00e0 compter de sa publication ou, pour les personnes \nauxquelles elle sera notifi\u00e9e, \u00e0 compter de sa notification. \nLa pr\u00e9sente d\u00e9cision sera publi\u00e9e au recueil des actes administratifs. \nLe Directeur G\u00e9n\u00e9ral de l' ARS Ile-de-France est charg\u00e9 de l'ex\u00e9cution de la pr\u00e9sente \nd\u00e9cision qui sera notifi\u00e9e \u00e0 l'entit\u00e9 gestionnaire ASSOCIATION LES BRUYERES \n(770001154) et \u00e0 l'\u00e9tablissement concern\u00e9. \nFait \u00e0 LIEUSAINT, le 06 juin 2024 \n2 P/ La Directrice d e la D\u00e9l\u00e9gation d\u00e9partementale\nLa Directrice adj ointe de la D\u00e9l\u00e9ga tion d\u00e9partementale\nde Seine-et-Marne\nDelphine CAAMANO\n - 75-2024-06-06-00017 - D\u00e9cision tarifaire n\u00b0 1167 portant fixation du forfait global de soins pour 2024 de\nEHPAD RESIDENCE LUCIE ET EDGAR FAURE - 770004109 7\n75-2024-06-06-00023\nD\u00e9cision tarifaire n\u00b0 1329 portant fixation du\nforfait global de soins pour 2024 de\nEHPAD LE PARC FLEURI - 770003382\n - 75-2024-06-06-00023 - D\u00e9cision tarifaire n\u00b0 1329 portant fixation du forfait global de soins pour 2024 de\nEHPAD LE PARC FLEURI - 770003382 8\nDEC ISION TARIFAIRE N\u00b01329 PORTANT FIXATION DU FORFAIT GLOBAL DE SOINS \nPOUR 2024 DE \nEHPAD LE PARC FLEURI -770003382 \nLe Directeur G\u00e9n\u00e9ral de I' ARS Ile-de-France \nVU le Code de l'Action Sociale et des Familles \nVU le Code de la S\u00e9curit\u00e9 Sociale ; \nVU la loin\u00b0 2023-1250 du 26 d\u00e9cembre 2023 de financement de la S\u00e9curit\u00e9 Sociale pour 2024 \npubli\u00e9e au Journal Officiel du 27/12/2023 ; \nVU l'arr\u00eat\u00e9 minist\u00e9riel du 16/05/2024 publi\u00e9 au Journal Officiel du 17/05/2024 pris en \napplication de l'article L314-3 du Code de l'Action Sociale et des Familles fixant, pour \nl'ann\u00e9e 2024 l'objectif global de d\u00e9penses d'assurance maladie et le montant total de \nd\u00e9pen ses pour les \u00e9tablissements et services relevant de la Caisse nationale de solidarit\u00e9 pour \nl'autonomie ; \nVU la d\u00e9ci sion du 22/05/2024 publi\u00e9e au Journal Officiel du 24/05/2024 relative aux dotations \nr\u00e9gionales limitatives 2024 et \u00e0 la moyenne nationale des besoins en soins requis 2024 ; \nVU l'arr\u00eat\u00e9 du 21/05/2024 fixant pour 2024 les valeurs du point mentionn\u00e9es \u00e0 l'article R.314-\n162 du code de l'action sociale et des familles publi\u00e9 au Journal Officiel du 23/05/2024 ; \nVU le d\u00e9cret du 10 Avril 2024 portant nomination de Monsieur, ROBIN, Denis en qualit\u00e9 de \nDirecteur G\u00e9n\u00e9ral de l'agence r\u00e9gionale de sant\u00e9 Ile-de-France ; \nVU la d\u00e9cision de d\u00e9l\u00e9gation de signature du Directeur G\u00e9n\u00e9ral de I' ARS vers la directrice de la \nd\u00e9l\u00e9gation d\u00e9partementale de SEINE-ET-MARNE en date du 29/04/2024; \nVU l'autorisation ou le renouvellement d'autorisation en date du 03/01/2017 de la structure \nEtablissement d'h\u00e9bergement pour personnes \u00e2g\u00e9es d\u00e9pendantes d\u00e9nomm\u00e9e EHP AD LE \nPARC FLEURI (770003382) sise 38, R, PASTEUR, 77720, Mormant et g\u00e9r\u00e9e par l'entit\u00e9 \nd\u00e9nomm\u00e9e ASSOCIATION FRANCE HORIZON (750806606) ; \nArticle 1er DECIDE 1\u2022\n\u00c0 compter du 01/01/2024, le forfait global de soins est fix\u00e9 \u00e0 1 027 455,75 \u20ac au titre de \n2024, dont 0,00 \u20ac \u00e0 titre non reconductible. \nLa fraction forfaitaire mensuelle s'\u00e9tablit \u00e0 85 621,31 \u20ac. \nPour 2024, les tarifs sont d\u00e9compos\u00e9s comme suit : \n1  - 75-2024-06-06-00023 - D\u00e9cision tarifaire n\u00b0 1329 portant fixation du forfait global de soins pour 2024 de\nEHPAD LE PARC FLEURI - 770003382 9\nsignRIE\nForfait global de soins Prix de journ\u00e9e ( en \u20ac) \n941 889,23 50,89 \nH\u00e9bergement Permanent \n0,00 0 \nUHR \n0,00 0 \nPASA \n14 089,57 27,57 \nH\u00e9bergement Temporaire \n71 476,95 76,36 \nAccueil de jour \nArticle 2 \u00c0 compter du 1er janvier 2025, en application de l'article L.314- 7 du CASF, le forfait global \nde soins est fix\u00e9, \u00e0 titre transitoire, \u00e0 1 027 455,75 \u20ac. \nLes tarifs de reconduction sont fix\u00e9s \u00e0 \nForfait global de soins Prix de journ\u00e9e ( en \u20ac) \nH\u00e9bergement Permanent 941 889,23 50,89 \nUHR 0,00 0 \nPASA 0,00 0 \nH\u00e9bergement Temporaire 14 089,57 27,57 \nAccueil de jour 71 476,95 76,36 \nLa fraction forfaitaire mensuelle s'\u00e9tablit \u00e0 85 621,31 \u20ac. \nArticle 3 Les recours contentieux dirig\u00e9s contre la pr\u00e9sente d\u00e9cision doivent \u00eatre port\u00e9s devant le \nTribunal Interr\u00e9gional de la Tarification Sanitaire et Sociale sis 1, Place du Palais Royal, \nPARIS, 75100 dans un d\u00e9lai d'un mois \u00e0 compter de sa publication ou, pour les personnes \nauxquelles elle sera notifi\u00e9e, \u00e0 compter de sa notification. \nArticle 4 La pr\u00e9sente d\u00e9cision sera publi\u00e9e au recueil des actes administratifs. \nArticle 5 Le Directeur G\u00e9n\u00e9ral de l' ARS Ile-de-France est charg\u00e9 de l'ex\u00e9cution de la pr\u00e9sente \nd\u00e9cision qui sera notifi\u00e9e \u00e0 l'entit\u00e9 gestionnaire ASSOCIATION FRANCE HORIZON \n(750806606) et \u00e0 l'\u00e9tablissement concern\u00e9. \nFait \u00e0 Lieusaint, le 06 juin 2024 \nLa Directrice  de le D\u00e9l\u00e9gatio n d\u00e9partementale \nH\u00e9l\u00e8ne MARIE\n - 75-2024-06-06-00023 - D\u00e9cision tarifaire n\u00b0 1329 portant fixation du forfait global de soins pour 2024 de\nEHPAD LE PARC FLEURI - 770003382 10\n75-2024-06-06-00025\nD\u00e9cision tarifaire n\u00b01158 portant fixation du\nforfait global de soins pour 2024 de\nEHPAD RESIDENCE LA GARENNE - 770015360\n - 75-2024-06-06-00025 - D\u00e9cision tarifaire n\u00b01158 portant fixation du forfait global de soins pour 2024 de\nEHPAD RESIDENCE LA GARENNE - 770015360 11\n@ D Agence  R\u00e9gionale  de Sant\u00e9\nDECISION TARIFAIRE N\u00b01158 PORTANT FIXATION DU FORFAIT GLOBAL DE SOINS \nPOUR 2024 DE \nEHPAD RESIDENCE LA GARENNE -770015360 \nLe Directeur G\u00e9n\u00e9ral del' ARS Ile-de-France \nVU le Code de l'Action Sociale et des Familles \nVU le Code de la S\u00e9curit\u00e9 Sociale ; \nVU la loin\u00b0 2023-1250 du 26 d\u00e9cembre 2023 de financement de la S\u00e9curit\u00e9 Sociale pour 2024 \npubli\u00e9e au Journal Officiel du 27/12/2023 ; \nVU l'arr\u00eat\u00e9 minist\u00e9riel du 16/05/2024 publi\u00e9 au Journal Officiel du 17/05/2024 pris en \napplication de l'article L314-3 du Code de l'Action Sociale et des Familles fixant, pour \nl'ann\u00e9e 2024 l'objectif global de d\u00e9penses d'assurance maladie et le montant total de \nd\u00e9penses pour les \u00e9tablissements et services relevant de la Caisse nationale de solidarit\u00e9 pour \nl'autonomie ; \nVU la d\u00e9cision du 22/05/2024 publi\u00e9e au Journal Officiel du 24/05/2024 relative aux dotations \nr\u00e9gionales limitatives 2024 et \u00e0 la moyenne nationale des besoins en soins requis 2024 ; \nVU l'arr\u00eat\u00e9 du 21/05/2024 fixant pour 2024 les valeurs du point mentionn\u00e9es \u00e0 l'article R.314-\n162 du code de l'action sociale et des familles publi\u00e9 au Journal Officiel du 23/05/2024 ; \nVU le d\u00e9cret du 10 Avril 2024 portant nomination de Monsieur, ROBIN, Denis en qualit\u00e9 de \nDirecteur G\u00e9n\u00e9ral de l'agence r\u00e9gionale de sant\u00e9 Ile-de-France ; \nVU la d\u00e9cision de d\u00e9l\u00e9gation de signature du Directeur G\u00e9n\u00e9ral de 1 'ARS vers la directrice de la \nd\u00e9l\u00e9gation d\u00e9partementale de SEINE-ET-MARNE en date du 29/04/2024; \nVU l'autorisation ou le renouvellement d'autorisation en date du 03/0l/2017 de la structure \nEtablissement d'h\u00e9bergement pour personnes \u00e2g\u00e9es d\u00e9pendantes d\u00e9nomm\u00e9e EHP AD \nRESIDE NCE LA GARENNE (770015360) sise 18, R, DE LA GARENNE 77130, Grande\u00ad\nParoisse et g\u00e9r\u00e9e par l'entit\u00e9 d\u00e9nomm\u00e9e ASSOCIATION COALLIA (750825846); \nArticle 1er DECIDE \n1 \u00c0 compter du O 1/01/2024, le forfait global de soins est fix\u00e9 \u00e0 1 264 049 ,90 \u20ac au titre de \n2024, dont 26 000,00 \u20ac \u00e0 titre non reconductible. \nLa fraction forfaitaire mensuelle s'\u00e9tablit \u00e0 105 337,49 \u20ac. \nPour 2024, les tarifs sont d\u00e9compos\u00e9s comme suit \n1  - 75-2024-06-06-00025 - D\u00e9cision tarifaire n\u00b01158 portant fixation du forfait global de soins pour 2024 de\nEHPAD RESIDENCE LA GARENNE - 770015360 12\nsig\"?ARIE\nForfait global de soins Prix de journ\u00e9e ( en \u20ac) \n1 179 655,22 55,10 \nH\u00e9bergement Permanent \n0,00 0 \nUHR \n84 394,68 0 \nPASA \n0,00 0,00 \nH\u00e9bergement Temporaire \n0,00 0,00 \nAccueil de jour \nArticle 2 \u00c0 compter du 1er janvier 2025, en application de l'article L.314- 7 du CASF, le forfait global \nde soins est fix\u00e9, \u00e0 titre transitoire, \u00e0 1 238 049,90 \u20ac. \nLes tarifs de reconduction sont fix\u00e9s \u00e0 \nForfait global de soins Prix de journ\u00e9e ( en \u20ac) \nH\u00e9bergement Permanent 1 153 655,22 53,88 \nUHR 0,00 0 \nPASA 84 394,68 0 \nH\u00e9bergement Temporaire 0,00 0,00 \nAccueil de jour 0,00 0,00 \nLa fraction forfaitaire mensuelle s'\u00e9tablit \u00e0 103 170,83 \u20ac. \nArticle 3 Les recours contentieux dirig\u00e9s contre la pr\u00e9sente d\u00e9cision doivent \u00eatre port\u00e9s devant le \nTribunal Interr\u00e9gional de la Tarification Sanitaire et Sociale sis 1, Place du Palais Royal, \nPARIS, 75100 dans un d\u00e9lai d'un mois \u00e0 compter de sa publication ou, pour les personnes \nauxquelles elle sera notifi\u00e9e, \u00e0 compter de sa notification. \nArticle 4 La pr\u00e9sente d\u00e9cision sera publi\u00e9e au recueil des actes administratifs. \nArticle 5 Le Directeur G\u00e9n\u00e9ral de l' ARS Ile-de-France est charg\u00e9 de l'ex\u00e9cution de la pr\u00e9sente \nd\u00e9cision qui sera notifi\u00e9e \u00e0 l'entit\u00e9 gestionnaire ASSOCIATION COALLIA (750825846) \net \u00e0 l'\u00e9tablissement concern\u00e9. \nFait \u00e0 Lieusaint, le 06 juin 2024 \nLa Directrice de la D\u00e9l\u00e9gation d\u00e9partementale \nH\u00e9l\u00e8ne MARIE\n - 75-2024-06-06-00025 - D\u00e9cision tarifaire n\u00b01158 portant fixation du forfait global de soins pour 2024 de\nEHPAD RESIDENCE LA GARENNE - 770015360 13\n75-2024-06-06-00031\nD\u00e9cision tarifaire n\u00b01237 portant fixation du\nforfait global de soins pour 2024 de\nehpad le grand pavois - 770016632\n - 75-2024-06-06-00031 - D\u00e9cision tarifaire n\u00b01237 portant fixation du forfait global de soins pour 2024 de\nehpad le grand pavois - 770016632 14\nDECISION TARIFAIRE N\u00b01237 PORTANT FIXATION DU FORFAIT GLOBAL DE SOINS \nPOUR 2024 DE \nEHPAD LE GRAND PAVOIS -770016632 \nLe Directeur G\u00e9n\u00e9ral del' ARS Ile-de-France \nVU le Code de l'Action Sociale et des Familles \nVU le Code de la S\u00e9curit\u00e9 Sociale ; \nVU la loin\u00b0 2023-1250 du 26 d\u00e9cembre 2023 de financement de la S\u00e9curit\u00e9 Sociale pour 2024 \npubli\u00e9e au Journal Officiel du 27/12/2023 ; \nVU l'arr\u00eat\u00e9 minist\u00e9riel du 16/05/2024 publi\u00e9 au Journal Officiel du 17/05/2024 pris en \napplica tion de l'article L314-3 du Code de l'Action Sociale et des Familles fixant, pour \nl'ann\u00e9e 2024 l'objectif global de d\u00e9penses d'assurance maladie et le montant total de \nd\u00e9pens es pour les \u00e9tablissements et services relevant de la Caisse nationale de solidarit\u00e9 pour \nl'autonomie ; \nVU la d\u00e9cision du 22/05/2024 publi\u00e9e au Journal Officiel du 24/05/2024 relative aux dotations \nr\u00e9gionales limitatives 2024 et \u00e0 la moyenne nationale des besoins en soins requis 2024 ; \nVU l'arr\u00eat\u00e9 du 21/05/2024 fixant pour 2024 les valeurs du point mentionn\u00e9es \u00e0 l'article R.314-\n162 du code de l'action sociale et des familles publi\u00e9 au Journal Officiel du 23/05/2024 ; \nVU le d\u00e9cret du 10 Avril 2024 portant nomination de Monsieur, ROBIN, Denis en qualit\u00e9 de \nDirecte ur G\u00e9n\u00e9ral de l'agence r\u00e9gionale de sant\u00e9 Ile-de-France ; \nVU la d\u00e9cision de d\u00e9l\u00e9gation de signature du Directeur G\u00e9n\u00e9ral del' ARS vers la directrice de la \nd\u00e9l\u00e9gation d\u00e9partementale de SEINE-ET-M ARNE en date du 29/04/2024; \nVU l'autoris ation ou le renouvellement d'autorisation en date du 04/11/2005 de la structure \nEtablissement d'h\u00e9bergement pour personnes \u00e2g\u00e9es d\u00e9pendantes d\u00e9nomm\u00e9e EHP AD LE \nGRAND PAVOIS (770016632) sise, ALL, DU GRAND PAVOIS, 77310, Saint-Fargeau\u00ad\nPonthierry et g\u00e9r\u00e9e par l'entit\u00e9 d\u00e9nomm\u00e9e ASSOCIATION PAMI (770016624); \nArticle 1er DECIDE 1 \n\u00c0 compter du O 1/01/2024, le forfait global de soins est fix\u00e9 \u00e0 1 657 854, 17 \u20ac au titre de \n2024, dont 39 000,00 \u20ac \u00e0 titre non reconductible. \nLa fraction forfaitaire mensuelle s'\u00e9tablit \u00e0 13 8 154,51 \u20ac. \nPour 2024, les tarifs sont d\u00e9compos\u00e9s comme suit \n1  - 75-2024-06-06-00031 - D\u00e9cision tarifaire n\u00b01237 portant fixation du forfait global de soins pour 2024 de\nehpad le grand pavois - 770016632 15\nUHR\nsign\u00e9\nForfait global de soins Prix de journ\u00e9e ( en \u20ac) \n1 586 024,44 51,73 \nH\u00e9bergement Permanent \n0,00 0 \n0,00 0 \nPASA \n0,00 0,00 \nH\u00e9bergement Temporaire \n71 829,73 32,80 \nAccueil de jour \nArticle 2 \u00c0 compter du 1er janvier 2025, en application de l'article L.314-7 du CASF, le forfait global \nde soins est fix\u00e9, \u00e0 titre transitoire, \u00e0 1 618 854, 17 \u20ac. \nLes tarifs de reconduction sont fix\u00e9s \u00e0 : \nForfait global de soins Prix de journ\u00e9e ( en \u20ac) \nH\u00e9bergement Permanent 1 547 024,44 50,46 \nUHR 0,00 0 \nPASA 0,00 0 \nH\u00e9bergement Temporaire 0,00 0,00 \nAccueil de jour 71 829,73 32,80 \nLa fraction forfaitaire mensuelle s'\u00e9tablit \u00e0 134 904,51 \u20ac. \nArticle 3 Les recours contentieux dirig\u00e9s contre la pr\u00e9sente d\u00e9cision doivent \u00eatre port\u00e9s devant le \nTribunal Interr\u00e9gional de la Tarification Sanitaire et Sociale sis 1, Place du Palais Royal, \nPARIS, 75100 dans un d\u00e9lai d'un mois \u00e0 compter de sa publication ou, pour les personnes \nauxquelles elle sera notifi\u00e9e, \u00e0 compter de sa notification. \nArticle 4 La pr\u00e9sente d\u00e9cision sera publi\u00e9e au recueil des actes administratifs. \nArticle 5 Le Directeur G\u00e9n\u00e9ral de l'ARS Ile-de-France est charg\u00e9 de l'ex\u00e9cution de la pr\u00e9sente \nd\u00e9cision qui sera notifi\u00e9e \u00e0 l'entit\u00e9 gestionnaire ASSOCIATION PAMI (770016624) et \u00e0 \nl'\u00e9tablissement concern\u00e9. \nFait \u00e0 Lieusaint, le 06 juin 2024 \nLa Directrice d la D\u00e9l\u00e9gation d\u00e9partementale \nH\u00e9l\u00e8ne MARIE\n2\n - 75-2024-06-06-00031 - D\u00e9cision tarifaire n\u00b01237 portant fixation du forfait global de soins pour 2024 de\nehpad le grand pavois - 770016632 16\n75-2024-06-06-00032\nD\u00e9cision tarifaire n\u00b01242 portant fixation du\nforfait global de soins pour 2024 de\nehpad r\u00e9sidence l'aubetine- 770015741\n - 75-2024-06-06-00032 - D\u00e9cision tarifaire n\u00b01242 portant fixation du forfait global de soins pour 2024 de\nehpad r\u00e9sidence l'aubetine- 770015741 17\n@ D Agence  R\u00e9gionale  de Sant\u00e9\nDECISION TARIFAIRE N\u00b01242 PORTANT FIXATION DU FORFAIT GLOBAL DE SOINS \nPOUR 2024 DE \nEHPAD RESIDENCE L'AUBETINE -770015741 \nLe Directeur G\u00e9n\u00e9ral de !'ARS Ile-de-France \nVU le Code de l'Action Sociale et des Familles \nVU le Code de la S\u00e9curit\u00e9 Sociale ; \nVU la loin\u00b0 2023-1250 du 26 d\u00e9cembre 2023 de financement de la S\u00e9curit\u00e9 Sociale pour 2024 \npubli\u00e9e au Journal Officiel du 27/12/2023 ; \nVU l'arr\u00eat\u00e9 minist\u00e9riel du 16/05/2024 publi\u00e9 au Journal Officiel du 17/05/2024 pris en \napplica tion de l'article L314-3 du Code de l'Action Sociale et des Familles fixant, pour \nl'ann\u00e9e 2024 l'objectif global de d\u00e9penses d'assurance maladie et le montant total de \nd\u00e9pens es pour les \u00e9tablissements et services relevant de la Caisse nationale de solidarit\u00e9 pour \nl'autonomie ; \nVU la d\u00e9cision du 22/05/2024 publi\u00e9e au Journal Officiel du 24/05/2024 relative aux dotations \nr\u00e9gio nales limitatives 2024 et \u00e0 la moyenne nationale des besoins en soins requis 2024 ; \nVU l'arr\u00eat\u00e9 du 21/05/2024 fixant pour 2024 les valeurs du point mentionn\u00e9es \u00e0 l'article R.314-\n162 du code de l'action sociale et des familles publi\u00e9 au Journal Officiel du 23/05/2024 ; \nVU le d\u00e9cret du 10 Avril 2024 portant nomination de Monsieur, ROB IN, Denis en qualit\u00e9 de \nDirec teur G\u00e9n\u00e9ral de l'agence r\u00e9gionale de sant\u00e9 Ile-de-France ; \nVU la d\u00e9cision de d\u00e9l\u00e9gation de signature du Directeur G\u00e9n\u00e9ral del' ARS vers la directrice de la \nd\u00e9l\u00e9gation d\u00e9partementale de SEINE-ET-MARNE en date du 29/04/2024 ; \nVU l'autor isation ou le renouvellement d'autorisation en date du 03/01/2017 de la structure \nEtablissement d'h\u00e9bergement pour personnes \u00e2g\u00e9es d\u00e9pendantes d\u00e9nomm\u00e9e EHP AD \nRESIDENCE L'AUBETINE (770015741) sise 25, R, DE NOGENT, 77560, Villiers-Saint\u00ad\nGeorges et g\u00e9r\u00e9e par l'entit\u00e9 d\u00e9nomm\u00e9e ASSOCIATION LES BRUYERES (770001154); \nArticle 1er DECIDE \n1 \u00c0 compter du 01/01/2024, le forfait global de soins est fix\u00e9 \u00e0 1 019 571,15 \u20ac au titre de \n2024, dont 0,00 \u20ac \u00e0 titre non reconductible. \nLa fraction forfaitaire mensuelle s'\u00e9tablit \u00e0 84 964,26 \u20ac. \nPour 2024, les tarifs sont d\u00e9compos\u00e9s comme suit \n1  - 75-2024-06-06-00032 - D\u00e9cision tarifaire n\u00b01242 portant fixation du forfait global de soins pour 2024 de\nehpad r\u00e9sidence l'aubetine- 770015741 18\nd\u00e9partementale\n\" e Delphine  CA VMANOsig\"  FForfait  global  de soins  Prix  de journ\u00e9e  (en \u20ac)\n1 019  571,15  58,34\nH\u00e9bergement  Permanent  |\n0,00  0\n0,00  0\nPASA\n0,00  0,00\nH\u00e9bergement  Temporaire\n0,00  0,00\nAccueil  de jour\nArticle  2 \u00c0, coupes  mur jeu  2025,  en application  de l'article  L.314-7  du CASE,  le forfait  global\nLes  tarifs  de reconduction  sont  fix\u00e9s  \u00e0 :\nForfait  global  de soins  Prix  de journ\u00e9e  (en \u20ac)\nH\u00e9bergement  Permanent  POL ov dake ds |\nUHR  0,00  0\nPASA  0,00  0\nH\u00e9bergement  Temporaire  EU og\nAccueil  de jour | oo u90 |\nLa fraction  forfaitaire  mensuelle  s'\u00e9tablit  \u00e0 84 964,26  \u20ac.\nArticle  3 Les  recours  contentieux  dirig\u00e9s  contre  la pr\u00e9sente  d\u00e9cision  doivent  \u00eatre  port\u00e9s  devant  le\nArticle  4 La pr\u00e9sente  d\u00e9cision  sera  publi\u00e9e  au recueil  des actes  administratifs.\nArticle  5 Le Directeur  G\u00e9n\u00e9ral  de l'ARS  Ile-de-France  est charg\u00e9  de l'ex\u00e9cution  de la pr\u00e9sente\nFait  \u00e0 LIEUSAINT,  le 06 juin  2024\nArticle 2 \nArticle 3 \nArticle 4 \nArticle 5 Forfait global de soins Prix de journ\u00e9e ( en \u20ac) \nH\u00e9bergement Permanent 1019571,15 58,34 \n0,00 0 \nUHR \n0,00 0 \nPASA \n0,00 0,00 \nH\u00e9bergement Temporaire \n0,00 \nAccueil de jour 0,00 \n\u00c0 compter du 1er janvier 2025, en application de l'article L.314-7 du CASF, le forfait global \nde soins est fix\u00e9, \u00e0 titre transitoire, \u00e0 1 019 571,15 \u20ac. \nLes tarifs de reconduction sont fix\u00e9s \u00e0 \nForfait global de soins Prix de journ\u00e9e (en\u20ac) \nH\u00e9bergement Permanent 1019571 ,15 58,34 \nUHR 0,00 0 \nPASA 0,00 0 \nH\u00e9bergement Temporaire 0,00 0,00 \nAccueil de iour 0,00 0,00 \nLa fraction forfaitaire mensuelle s'\u00e9tablit \u00e0 84 964,26 \u20ac. \nLes recours contentieux dirig\u00e9s contre la pr\u00e9sente d\u00e9cision doivent \u00eatre port\u00e9s devant le \nTribunal Interr\u00e9gional de la Tarification Sanitaire et Sociale sis 1, Place du Palais Royal, \nPARIS, 75100 dans un d\u00e9lai d'un mois \u00e0 compter de sa publication ou, pour les personnes \nauxquelles elle sera notifi\u00e9e, \u00e0 compter de sa notification. \nLa pr\u00e9sente d\u00e9cision sera publi\u00e9e au recueil des actes administratifs. \nLe Directeur G\u00e9n\u00e9ral de I' ARS Ile-de-France est charg\u00e9 de l'ex\u00e9cution de la pr\u00e9sente \nd\u00e9cision qui sera notifi\u00e9e \u00e0 l'entit\u00e9 gestionnaire ASSOCIATION LES BRUYERES \n(770001154) et \u00e0 l'\u00e9tablissement concern\u00e9. \nFait \u00e0 LIEUSAINT, le 06 juin 2024 \n\ufffd I La Directrice de la D\u00e9l\u00e9gation d\u00e9partementale\nDelphine CAAMANO\n - 75-2024-06-06-00032 - D\u00e9cision tarifaire n\u00b01242 portant fixation du forfait global de soins pour 2024 de\nehpad r\u00e9sidence l'aubetine- 770015741 19\n75-2024-06-06-00020\nD\u00e9cision tarifaire n\u00b01266 portant fixation du\nforfait global de soins pour 2024 de\nEHPAD LES GLYCINES - 770003390\n - 75-2024-06-06-00020 - D\u00e9cision tarifaire n\u00b01266 portant fixation du forfait global de soins pour 2024 de\nEHPAD LES GLYCINES - 770003390 20\n\u00a9 D Agence R\u00e9gionale de Sant\u00e9 ;\nDECISION TARIFAIRE N\u00b01266 PORTANT FIXATION DU FORFAIT GLOBAL DE SOINS \nPOUR 2024 DE \nEHPAD LES GLYCINES -770003390 \nLe Directeur G\u00e9n\u00e9ral de !'ARS Ile-de-France \nVU le Code del' Action Sociale et des Familles \nVU le Code de la S\u00e9curit\u00e9 Sociale ; \nVU la loin\u00b0 2023-1250 du 26 d\u00e9cembre 2023 de financement de la S\u00e9curit\u00e9 Sociale pour 2024 \npubli\u00e9e au Journal Officiel du 27/12/2023 ; \nVU l'arr\u00eat\u00e9 minist\u00e9riel du 16/05/2024 publi\u00e9 au Journal Officiel du 17/05/2024 pris en \napplica tion de l'article L314-3 du Code de l'Action Sociale et des Familles fixant, pour \nl'ann\u00e9e 2024 l'objectif global de d\u00e9penses d'assuran ce maladie et le montant total de \nd\u00e9pens es pour les \u00e9tablissements et services relevant de la Caisse nationale de solidarit\u00e9 pour \nl'autonomie ; \nVU la d\u00e9cision du 22/05/2024 publi\u00e9e au Journal Officiel du 24/05/2024 relative aux dotations \nr\u00e9gionales limitatives 2024 et \u00e0 la moyenne nationale des besoins en soins requis 2024 ; \nVU l'arr\u00eat\u00e9 du 21/05/2024 fixant pour 2024 les valeurs du point mentionn\u00e9es \u00e0 l'article R.314-\n162 du code de l'action sociale et des familles publi\u00e9 au Journal Officiel du 23/05/2024 ; \nVU le d\u00e9cret du 10 Avril 2024 portant nomination de Monsieur, ROBIN, Denis en qualit\u00e9 de \nDirecteur G\u00e9n\u00e9ral de l'agence r\u00e9gionale de sant\u00e9 Ile-de-France ; \nVU la d\u00e9cision de d\u00e9l\u00e9gation de signature du Directeur G\u00e9n\u00e9ral de l 'ARS vers la directrice de la \nd\u00e9l\u00e9gation d\u00e9partementale de SEINE-E T-MARNE en date du 29/04/2024 ; \nVU l'autorisation ou le renouvellement d'autorisation en date du 03/01/2017 de la structure \nEtablissement d'h\u00e9bergement pour personnes \u00e2g\u00e9es d\u00e9pendantes d\u00e9nomm\u00e9e EHP AD LES \nGLYCINES (770003390) sise 9, AV, DE CHELLES, 77420, Champs-sur-Marne et g\u00e9r\u00e9e \npar l'entit\u00e9 d\u00e9nomm\u00e9e ASSOCIATION LES RESID ENCES ST BENOIT (140002809); \nArticle 1er DECIDE \nIl \u00c0 compter du O 1/01/2024, le forfait global de soins est fix\u00e9 \u00e0 952 3 71,41 \u20ac au titre de 2024, \ndont 19 500,00 \u20ac \u00e0 titre non reconductible. \nLa fraction forfaitaire mensuelle s'\u00e9tablit \u00e0 79 364,28 \u20ac. \nPour 2024, les tarifs sont d\u00e9compos\u00e9s comme suit : \n1  - 75-2024-06-06-00020 - D\u00e9cision tarifaire n\u00b01266 portant fixation du forfait global de soins pour 2024 de\nEHPAD LES GLYCINES - 770003390 21\nsign?\nArticle 2 \nArticle 3 \nArticle 4 \nArticle 5 Forfait global de soins Prix de journ\u00e9e ( en \u20ac) \n891 625,62 54,36 \nH\u00e9bergement Permanent \n0,00 0 \nUHR \n0,00 0 \nPASA \n13 721,42 38,33 \nH\u00e9bergement Temporaire \n47 024,37 64,33 \nAccueil de jour \n\u00c0 compter du 1er janvier 2025, en application de l'article L.314- 7 du CASF, le forfait global \nde soins est fix\u00e9, \u00e0 titre transitoire, \u00e0 932 871,41 \u20ac. \nLes tarifs de reconduction sont fix\u00e9s \u00e0 : \nForfait global de soins Prix de journ\u00e9e ( en \u20ac) \nH\u00e9bergement Permanent 872 125,62 53,17 \nUHR 0,00 0 \nPASA 0,00 0 \nH\u00e9bergement Temporaire 13 721,42 38,33 \nAccueil de jour 47 024,37 64,33 \nLa fraction forfaitaire mensuelle s'\u00e9tablit \u00e0 77 739,28 \u20ac. \nLes recours contentieux dirig\u00e9s contre la pr\u00e9sente d\u00e9cision doivent \u00eatre port\u00e9s devant le \nTribunal Interr\u00e9gional de la Tarification Sanitaire et Sociale sis 1, Place du Palais Royal, \nPARIS, 75100 dans un d\u00e9lai d'un mois \u00e0 compter de sa publication ou, pour les personnes \nauxquelles elle sera notifi\u00e9e, \u00e0 compter de sa notification. \nLa pr\u00e9sente d\u00e9cision sera publi\u00e9e au recueil des actes administratifs. \nLe Directeur G\u00e9n\u00e9ral de !'ARS Ile-de-France est charg\u00e9 de l'ex\u00e9cution de la pr\u00e9sente \nd\u00e9cision qui sera notifi\u00e9e \u00e0 l'entit\u00e9 gestionnaire ASSOCIATION LES RESIDENCES ST \nBENOIT (140002809) et \u00e0 l'\u00e9tablissement concern\u00e9. \nFait \u00e0 LIEUSAINT, le 06 juin 2024 \n2 La Directrice de la  D\u00e9l\u00e9gation d\u00e9partementale  P/\nLa directrice adjointe de la D\u00e9l\u00e9gati on \nd\u00e9partementale de S eine-et-Marne\nDelphine CAAMANO\n - 75-2024-06-06-00020 - D\u00e9cision tarifaire n\u00b01266 portant fixation du forfait global de soins pour 2024 de\nEHPAD LES GLYCINES - 770003390 22\n75-2024-06-06-00028\nD\u00e9cision tarifaire n\u00b01414 portant fixation du\nforfait global de soins pour 2024 de\nehpad residence francois villon - 770017119\n - 75-2024-06-06-00028 - D\u00e9cision tarifaire n\u00b01414 portant fixation du forfait global de soins pour 2024 de\nehpad residence francois villon - 770017119 23\n\u00a9 D Agence R\u00e9gionale de Sant\u00e9 ;\nDECISION TARIFAIRE N\u00b01414 PORTANT FIXATION DU FORFAIT GLOBAL DE SOINS \nPOUR 2024 DE \nEHPAD RESIDENCE FRANCOIS VILLON -770017119 \nLe Directeur G\u00e9n\u00e9ral de l'ARS Ile-de-France \nVU le Code del' Action Sociale et des Familles \nVU le Code de la S\u00e9curit\u00e9 Sociale ; \nVU la loin\u00b0 2023-1250 du 26 d\u00e9cembre 2023 de financement de la S\u00e9curit\u00e9 Sociale pour 2024 \npubli\u00e9e au Journal Officiel du 27/12/2023 ; \nVU l'arr\u00eat\u00e9 minist\u00e9riel du 16/05/2024 publi\u00e9 au Journal Officiel du 17/05/2024 pris en \napplica tion de l'article L314-3 du Code de l'Action Sociale et des Familles fixant, pour \nl'ann\u00e9e 2024 l'objectif global de d\u00e9penses d'assurance maladie et le montant total de \nd\u00e9penses pour les \u00e9tablissements et services relevant de la Caisse nationale de solidarit\u00e9 pour \nl'autonomie ; \nVU la d\u00e9cision du 22/05/2024 publi\u00e9e au Journal Officiel du 24/05/2024 relative aux dotations \nr\u00e9gionales limitatives 2024 et \u00e0 la moyenne nationale des besoins en soins requis 2024 ; \nVU l'arr\u00eat\u00e9 du 21/05/2024 fixant pour 2024 les valeurs du point mentionn\u00e9es \u00e0 l'article R.314-\n162 du code de l'action sociale et des familles publi\u00e9 au Journal Officiel du 23/05/2024 ; \nVU le d\u00e9cret du 10 Avril 2024 portant nomination de Monsieur, ROBIN, Denis en qualit\u00e9 de \nDirecteur G\u00e9n\u00e9ral de l'agence r\u00e9gionale de sant\u00e9 Ile-de-France ; \nVU la d\u00e9cision de d\u00e9l\u00e9gation de signature du Directeur G\u00e9n\u00e9ral de l 'ARS vers la directrice de la \nd\u00e9l\u00e9gation d\u00e9partementale de SEINE-ET-MARNE en date du 29/04/2024 ; \nVU l'autorisation ou le renouvellement d'autorisation en date du 03/01/2017 de la structure \nEtablissement d'h\u00e9bergement pour personnes \u00e2g\u00e9es d\u00e9pendantes d\u00e9nomm\u00e9e EHP AD \nRESIDENCE FRANCOIS VILLON (770017119) sise 17, R, FRANCOIS VILLON, 77140 \nNemours et g\u00e9r\u00e9e par l'entit\u00e9 d\u00e9nomm\u00e9e SAS BRIDGE SG HOLDING (750066037); \nArticle 1er DECIDE 1 \n\u00c0 compter du O 1/01/2024, le forfait global de soins est fix\u00e9 \u00e0 1 709 431,99 \u20ac au titre de \n2024, dont 0,00 \u20ac \u00e0 titre non reconductible. \nLa fraction forfaitaire mensuelle s'\u00e9tablit \u00e0 142 452,67 \u20ac. \nPour 2024, les tarifs sont d\u00e9compos\u00e9s comme suit : \n1  - 75-2024-06-06-00028 - D\u00e9cision tarifaire n\u00b01414 portant fixation du forfait global de soins pour 2024 de\nehpad residence francois villon - 770017119 24\nUHR\nMAR\nsign\u00e9\nForfait global de soins Prix de journ\u00e9e ( en \u20ac) \nH\u00e9bergement Permanent 1 611 490,62 60,02 \n0,00 0 \n97 941,37 0 \nPASA \n0,00 0,00 \nH\u00e9bergement Temporaire \n0,00 0,00 \nAccueil de iour \nArticle 2 \u00c0 compter du 1er janvier 2025, en application de l'article L.314-7 du CASF, le forfait global \nde soins est fix\u00e9, \u00e0 titre transitoire, \u00e0 1 709 431,99 \u20ac. \nLes tarifs de reconduction sont fix\u00e9s \u00e0 \nForfait global de soins Prix de journ\u00e9e (en\u20ac) \nH\u00e9bergement Permanent 1 611 490,62 60,02 \nUHR 0,00 0 \nPASA 97 941,37 0 \nH\u00e9bergement Temporaire 0,00 0,00 \nAccueil de jour 0,00 0,00 \nLa fraction forfaitaire mensuelle s'\u00e9tablit \u00e0 142 452,67 \u20ac. \nArticle 3 Les recours contentieux dirig\u00e9s contre la pr\u00e9sente d\u00e9cision doivent \u00eatre port\u00e9s devant le \nTribunal Interr\u00e9gional de la Tarification Sanitaire et Sociale sis 1, Place du Palais Royal, \nPARIS, 75100 dans un d\u00e9lai d'un mois \u00e0 compter de sa publication ou, pour les personnes \nauxquelles elle sera notifi\u00e9e, \u00e0 compter de sa notification. \nArticle 4 La pr\u00e9sente d\u00e9cision sera publi\u00e9e au recueil des actes administratifs. \nArticle 5 Le Directeur G\u00e9n\u00e9ral de l' ARS Ile-de-France est charg\u00e9 de l'ex\u00e9cution de la pr\u00e9sente \nd\u00e9cision qui sera notifi\u00e9e \u00e0 l'entit\u00e9 gestionnaire SAS BRIDGE SG HOLDING (750066037) \net \u00e0 l'\u00e9tablissement concern\u00e9. \nFait \u00e0 Lieusaint, le 06 juin 2024 \nLa directrice de la D\u00e9l\u00e9gation d\u00e9partementa le \nH\u00e9l\u00e8ne MAR IE\n2 - 75-2024-06-06-00028 - D\u00e9cision tarifaire n\u00b01414 portant fixation du forfait global de soins pour 2024 de\nehpad residence francois villon - 770017119 25\n75-2024-06-06-00024\nD\u00e9cision tarifaire n\u00b01427 portant fixation du\nforfait global de soins pour 2024 de\nEHPAD RESIDENCE DES SEPT MOULINS -\n770003341\n - 75-2024-06-06-00024 - D\u00e9cision tarifaire n\u00b01427 portant fixation du forfait global de soins pour 2024 de\nEHPAD RESIDENCE DES SEPT MOULINS - 770003341 26\n\u00a9 D Agence R\u00e9gionale  :\nDECISION TARIFAIRE N\u00b01427 PORTANT FIXATION DU FORFAIT GLOBAL DE SOINS \nPOUR 2024 DE \nEHPAD RESIDENCE DES SEPT MOULINS -770003341 \nLe Directeur G\u00e9n\u00e9ral del' ARS Ile-de-France \nVU le Code del' Action Sociale et des Familles \nVU le Code de la S\u00e9curit\u00e9 Sociale ; \nVU la loin\u00b0 2023-1250 du 26 d\u00e9cembre 2023 de financement de la S\u00e9curit\u00e9 Sociale pour 2024 \npubli\u00e9e au Journal Officiel du 27/12/2023 ; \nVU l'arr\u00eat\u00e9 minist\u00e9riel du 16/05/2024 publi\u00e9 au Journal Officiel du 17/05/2024 pris en \napplication de l'article L314-3 du Code de l'Action Sociale et des Familles fixant, pour \nl'ann\u00e9e 2024 l'objectif global de d\u00e9penses d'assurance maladie et le montant total de \nd\u00e9penses pour les \u00e9tablissements et services relevant de la Caisse nationale de solidarit\u00e9 pour \nl'autonomie ; \nVU la d\u00e9cision du 22/05/2024 publi\u00e9e au Journal Officiel du 24/05/2024 relative aux dotations \nr\u00e9giona les limitatives 2024 et \u00e0 la moyenne nationale des besoins en soins requis 2024 ; \nVU l'arr\u00eat\u00e9 du 21/05/2024 fixant pour 2024 les valeurs du point mentionn\u00e9es \u00e0 l'article R.314-\n162 du code de l'action sociale et des familles publi\u00e9 au Journal Officiel du 23/05/2024 ; \nVU le d\u00e9cret du 10 Avril 2024 portant nomination de Monsieur, ROBIN, Denis en qualit\u00e9 de \nDirecteur G\u00e9n\u00e9ral de l'agence r\u00e9gionale de sant\u00e9 Ile-de-France ; \nVU la d\u00e9cision de d\u00e9l\u00e9gation de signature du Directeur G\u00e9n\u00e9ral del' ARS vers la directrice de la \nd\u00e9l\u00e9gation d\u00e9partementale de SEINE-ET-MARNE en date du 29/04/2024; \nVU l'autorisation ou le renouvellement d'autorisation en date du 03/01/2017 de la structure \nEtablissement d'h\u00e9bergement pour personnes \u00e2g\u00e9es d\u00e9pendantes d\u00e9nomm\u00e9e EHPAD \nRESIDENCE DES SEPT MOULINS (770003341) sise 12, R, DE MAISON BLANCHE, \n77670, Vernou-la-Celle-sur-Seine et g\u00e9r\u00e9e par l'entit\u00e9 d\u00e9nomm\u00e9e RESIDENCE LES \nMOULINS (380020420) ; \nArticle 1er DECIDE \n1 \u00c0 compter du O 1/01/2024, le forfait global de soins est fix\u00e9 \u00e0 496 385,01 \u20ac au titre de 2024, \ndont 0,00 \u20ac \u00e0 titre non reconductible. \nLa fraction forfaitaire mensuelle s'\u00e9tablit \u00e0 41 365,42 \u20ac. \nPour 2024, les tarifs sont d\u00e9compos\u00e9s comme suit : \n1  - 75-2024-06-06-00024 - D\u00e9cision tarifaire n\u00b01427 portant fixation du forfait global de soins pour 2024 de\nEHPAD RESIDENCE DES SEPT MOULINS - 770003341 27\nIX\nsign\nForfait global de soins Prix de journ\u00e9e ( en \u20ac) \nH\u00e9bergement Permanent 496 385,01 66,26 \n0,00 0 \nUHR \n0,00 0 \nPASA \n0,00 0,00 \nH\u00e9bergement Temporaire \n0,00 0,00 \nAccueil de jour \nArticle 2 \u00c0 compter du 1er janvier 2025, en application de l'article L.314-7 du CASF, le forfait global \nde soins est fix\u00e9, \u00e0 titre transitoire, \u00e0 496 385,01 \u20ac. \nLes tarifs de reconduction sont fix\u00e9s \u00e0 \nForfait global de soins Prix de journ\u00e9e ( en \u20ac) \nH\u00e9bergement Permanent 496 385,01 66,26 \nUHR 0,00 0 \nPASA 0,00 0 \nH\u00e9bergement Temporaire 0,00 0,00 \nAccueil de jour 0,00 0,00 \nLa fraction forfaitaire mensuelle s'\u00e9tablit \u00e0 41 365,42 \u20ac. \nArticle 3 Les recours contentieux dirig\u00e9s contre la pr\u00e9sente d\u00e9cision doivent \u00eatre port\u00e9s devant le \nTribunal Interr\u00e9gional de la Tarification Sanitaire et Sociale sis 1, Place du Palais Royal, \nPARIS, 75100 dans un d\u00e9lai d'un mois \u00e0 compter de sa publication ou, pour les personnes \nauxquelles elle sera notifi\u00e9e, \u00e0 compter de sa notification. \nArticle 4 La pr\u00e9sente d\u00e9cision sera publi\u00e9e au recueil des actes administratifs. \nArticle 5 Le Directeur G\u00e9n\u00e9ral de l' ARS Ile-de-France est charg\u00e9 de l'ex\u00e9cution de la pr\u00e9sente \nd\u00e9cision qui sera notifi\u00e9e \u00e0 l'entit\u00e9 gestionnaire RESIDENCE LES MOULINS (380020420) \net \u00e0 l'\u00e9tablissement concern\u00e9. \nFait \u00e0 Lieusaint, le 06 juin 2024 \nLa Directrice de la D\u00e9l\u00e9gation d\u00e9partementale \nH\u00e9l\u00e8ne MARIE\n - 75-2024-06-06-00024 - D\u00e9cision tarifaire n\u00b01427 portant fixation du forfait global de soins pour 2024 de\nEHPAD RESIDENCE DES SEPT MOULINS - 770003341 28\n75-2024-06-06-00018\nD\u00e9cision tarifaire n\u00b01428 portant fixation du\nforfait global de soins pour 2024 de\nEHPAD LA RESIDENCE DE DIANE- 770003424\n - 75-2024-06-06-00018 - D\u00e9cision tarifaire n\u00b01428 portant fixation du forfait global de soins pour 2024 de\nEHPAD LA RESIDENCE DE DIANE- 770003424 29\nAr\n@ D Agence  R\u00e9gionale  de Sant\u00e9\nDECISION TARIFAIRE N\u00b01428 PORTANT FIXATION DU FORFAIT GLOBAL DE SOINS \nPOUR 2024 DE \nEHPAD LA RESIDENCE DE DIANE -770003424 \nLe Directeur G\u00e9n\u00e9ral de l'ARS Ile-de-France \nVU le Code de l'Action Sociale et des Familles \nVU le Code de la S\u00e9curit\u00e9 Sociale ; \nVU la loin\u00b0 2023-1250 du 26 d\u00e9cembre 2023 de financement de la S\u00e9curit\u00e9 Sociale pour 2024 \npubli\u00e9e au Journal Officiel du 27/12/2023 ; \nVU l'arr\u00eat\u00e9 minist\u00e9riel du 16/05/2024 publi\u00e9 au Journal Officiel du 17/05/2024 pris en \nappli cation de l'article L314-3 du Code de l'Action Sociale et des Familles fixant, pour \nl'ann\u00e9e 2024 l'objectif global de d\u00e9penses d'assurance maladie et le montant total de \nd\u00e9penses pour les \u00e9tablissements et services relevant de la Caisse nationale de solidarit\u00e9 pour \nl'autonomie ; \nVU la d\u00e9cision du 22/05/2024 publi\u00e9e au Journal Officiel du 24/05/2024 relative aux dotations \nr\u00e9gion ales limitatives 2024 et \u00e0 la moyenne nationale des besoins en soins requis 2024 ; \nVU l'arr\u00eat\u00e9 du 21/05/2024 fixant pour 2024 les valeurs du point mentionn\u00e9es \u00e0 l'article R.314-\n162 du code de l'action sociale et des familles publi\u00e9 au Journal Officiel du 23/05/2024 ; \nVU le d\u00e9cret du 10 Avril 2024 portant nomination de Monsieur, ROBIN, Denis en qualit\u00e9 de \nDirecteur G\u00e9n\u00e9ral de l'agence r\u00e9gionale de sant\u00e9 Ile-de-France ; \nVU la d\u00e9cision de d\u00e9l\u00e9gation de signature du Directeur G\u00e9n\u00e9ral del' ARS vers la directrice de la \nd\u00e9l\u00e9gation d\u00e9partementale de SEIN E-ET-MARNE en date du 29/04/2024 ; \nVU l'autoris ation ou le renouvellement d'autorisation en date du 03/01/2017 de la structure \nEtablissement d'h\u00e9bergement pour personnes \u00e2g\u00e9es d\u00e9pendantes d\u00e9nomm\u00e9e EHP AD LA \nRESIDENCE DE DIANE (770003424) sise 26, R, DE LA BIBERONNE, 77410, Claye\u00ad\nSouilly et g\u00e9r\u00e9e par l'entit\u00e9 d\u00e9nomm\u00e9e SAS COLISEE FRANCE (330050899); \nArticle 1er DECIDE \n1 \u00c0 compter du O 1/01/2024, le forfait global de soins est fix\u00e9 \u00e0 1 632 210,62 \u20ac au titre de \n2024, dont 65 000,00 \u20ac \u00e0 titre non reconductible. \nLa fraction forfaitaire mensuelle s'\u00e9tablit \u00e0 136 017,55 \u20ac. \nPour 2024, les tarifs sont d\u00e9compos\u00e9s comme suit : \n1  - 75-2024-06-06-00018 - D\u00e9cision tarifaire n\u00b01428 portant fixation du forfait global de soins pour 2024 de\nEHPAD LA RESIDENCE DE DIANE- 770003424 30\nsign\nArticle 2 \nArticle 3 \nArticle 4 \nArticle 5 Forfait global de soins Prix de journ\u00e9e ( en \u20ac) \n1514664,87 55,62 \nH\u00e9bergement Permanent \n0,00 0 \nUHR \n0,00 0 \nPASA \n117545,75 57,88 \nH\u00e9bergement Temporaire \n0,00 0,00 \nAccueil de jour \n\u00c0 compter du 1er janvier 2025, en application de l'article L.314-7 du CASF, le forfait global \nde soins est fix\u00e9, \u00e0 titre transitoire, \u00e0 1 567 210,62 \u20ac. \nLes tarifs de reconduction sont fix\u00e9s \u00e0 \nForfait global de soins Prix de journ\u00e9e ( en \u20ac) \nH\u00e9bergement Permanent 1449664,87 53,24 \nUHR 0,00 0 \nPASA 0,00 0 \nH\u00e9bergement Temporaire 117 545,75 57,88 \nAccueil de jour 0,00 0,00 \nLa fraction forfaitaire mensuelle s'\u00e9tablit \u00e0 130 600,89 \u20ac. \nLes recours contentieux dirig\u00e9s contre la pr\u00e9sente d\u00e9cision doivent \u00eatre port\u00e9s devant le \nTribunal Interr\u00e9gional de la Tarification Sanitaire et Sociale sis 1, Place du Palais Royal, \nPARIS, 75100 dans un d\u00e9lai d'un mois \u00e0 compter de sa publication ou, pour les personnes \nauxquelles elle sera notifi\u00e9e, \u00e0 compter de sa notification. \nLa pr\u00e9sente d\u00e9cision sera publi\u00e9e au recueil des actes administratifs. \nLe Directeur G\u00e9n\u00e9ral de l' ARS Ile-de-France est charg\u00e9 de l'ex\u00e9cution de la pr\u00e9sente \nd\u00e9cision qui sera notifi\u00e9e \u00e0 l'entit\u00e9 gestionnaire SAS COLISEE FRANCE (330050899) et \u00e0 \nl'\u00e9tablissement concern\u00e9. \nFait \u00e0 LIEUSAINT, le 06 juin 2024 \n2 P/  La Directric e de la D\u00e9l\u00e9gation d\u00e9partement ale\nLa Directrice adjointe de la  D\u00e9l\u00e9 gation d\u00e9partementale\nde Seine-et-Marne\nDelphine CAAMANO\n - 75-2024-06-06-00018 - D\u00e9cision tarifaire n\u00b01428 portant fixation du forfait global de soins pour 2024 de\nEHPAD LA RESIDENCE DE DIANE- 770003424 31\n75-2024-06-06-00019\nD\u00e9cision tarifaire n\u00b01462 portant fixation du\nforfait global de soins pour 2024 de\nEHP AD LES ACACIAS - 770003408\n - 75-2024-06-06-00019 - D\u00e9cision tarifaire n\u00b01462 portant fixation du forfait global de soins pour 2024 de\nEHP AD LES ACACIAS - 770003408 32\nDECISION TARIFAIRE N\u00b01462 PORTANT FIXATION DU FORFAIT GLOBAL DE SOINS \nPOUR 2024 DE \nEHP AD LES ACACIAS -770003408 \nLe Directeur G\u00e9n\u00e9ral de I' ARS Ile-de-France \nVU le Code de l'Action Sociale et des Familles \nVU le Code de la S\u00e9curit\u00e9 Sociale ; \nVU la loin\u00b0 2023-1250 du 26 d\u00e9cembre 2023 de financement de la S\u00e9curit\u00e9 Sociale pour 2024 \npubli\u00e9e au Journal Officiel du 27/12/2023 ; \nVU l'arr\u00eat\u00e9 minist\u00e9riel du 16/05/2024 publi\u00e9 au Journal Officiel du 17/05/2024 pris en \napplic ation de l'article L314-3 du Code de l'Action Sociale et des Familles fixant, pour \nl'ann\u00e9e 2024 l'objectif global de d\u00e9penses d'assurance maladie et le montant total de \nd\u00e9pen ses pour les \u00e9tablissements et services relevant de la Caisse nationale de solidarit\u00e9 pour \nl'autonomie ; \nVU la d\u00e9cision du 22/05/2024 publi\u00e9e au Journal Officiel du 24/05/2024 relative aux dotations \nr\u00e9giona les limitatives 2024 et \u00e0 la moyenne nationale des besoins en soins requis 2024 ; \nVU l'arr\u00eat\u00e9 du 21/05/2024 fixant pour 2024 les valeurs du point mentionn\u00e9es \u00e0 l'article R.314-\n162 du code de l'action sociale et des familles publi\u00e9 au Journal Officiel du 23/05/2024 ; \nVU le d\u00e9cret du 10 Avril 2024 portant nomination de Monsieur, ROBIN, Denis en qualit\u00e9 de \nDirecteur G\u00e9n\u00e9ral de l'agence r\u00e9gionale de sant\u00e9 Ile-de-France ; \nVU la d\u00e9cision de d\u00e9l\u00e9gation de signature du Directeur G\u00e9n\u00e9ral de I' ARS vers la directrice de la \nd\u00e9l\u00e9gat ion d\u00e9partementale de SEINE-ET -MARNE en date du 29/04/2024; \nVU l'autorisation ou le renouvellement d'autorisation en date du 13/12/2002 de la structure \nEtablis sement d'h\u00e9bergement pour personnes \u00e2g\u00e9es d\u00e9pendantes d\u00e9nomm\u00e9e EHP AD LES \nACACIAS (770003408) sise 14, A V, PABLO PICASSO, 77290, Mitry-Mory et g\u00e9r\u00e9e par \nl'entit\u00e9 d\u00e9nomm\u00e9e FONDATION DIACONESSES DE REUILLY (780020715); \nArticle 1 e, DECIDE \n\u00c0 compter du O 1/01/2024, le forfait global de soins est fix\u00e9 \u00e0 1 736 259,55 \u20ac au titre de \n2024, dont -32 134,00 \u20ac \u00e0 titre non reconductible. \nLa fraction forfaitaire mensuelle s'\u00e9tablit \u00e0 144 688,30 \u20ac. \nPour 2024, les tarifs sont d\u00e9compos\u00e9s comme suit : \n1  - 75-2024-06-06-00019 - D\u00e9cision tarifaire n\u00b01462 portant fixation du forfait global de soins pour 2024 de\nEHP AD LES ACACIAS - 770003408 33\nsign\nForfait global de soins Prix de journ\u00e9e ( en \u20ac) \n1611043,55 66,67 \nH\u00e9bergement Permanent \n0,00 0 \nUHR \n101 382,21 0 \nPASA \n23 833,79 32,56 \nH\u00e9bergement Temporaire \n0,00 0,00 \nAccueil de jour \nArticle 2 \u00c0 compter du 1er janvier 2025, en application de l'article L.314- 7 du CASF, le forfait global \nde soins est fix\u00e9, \u00e0 titre transitoire, \u00e0 1 768 393,55 \u20ac. \nLes tarifs de reconduction sont fix\u00e9s \u00e0 \nForfait global de soins Prix de journ\u00e9e ( en \u20ac) \nH\u00e9bergement Permanent 1 643 177,55 68,00 \nUHR 0,00 0 \nPASA 101 382,21 0 \nH\u00e9bergement Temporaire 23 833,79 32,56 \nAccueil de jour 0,00 0,00 \nLa fraction forfaitaire mensuelle s'\u00e9tablit \u00e0 14 7 3 66, 13 \u20ac. \nArticle 3 Les recours contentieux dirig\u00e9s contre la pr\u00e9sente d\u00e9cision doivent \u00eatre port\u00e9s devant le \nTribunal Interr\u00e9gional de la Tarification Sanitaire et Sociale sis 1, Place du Palais Royal, \nPARIS, 7 5100 dans un d\u00e9lai d'un mois \u00e0 compter de sa publication ou, pour les personnes \nauxquelles elle sera notifi\u00e9e, \u00e0 compter de sa notification. \nArticle 4 La pr\u00e9sente d\u00e9cision sera publi\u00e9e au recueil des actes administratifs. \nArticle 5 Le Directeur G\u00e9n\u00e9ral de l' ARS Ile-de-France est charg\u00e9 de l'ex\u00e9cution de la pr\u00e9sente \nd\u00e9cision qui sera notifi\u00e9e \u00e0 l'entit\u00e9 gestionnaire FONDATION DIACONESSES DE \nREUILLY (780020715) et \u00e0 l'\u00e9tablissement concern\u00e9. \nFait \u00e0 Lieusaint, le 06 juin 2024 \nLa Directrice  de la D\u00e9l\u00e9gation d\u00e9partementale \n2H\u00e9l\u00e8ne MARIE\n - 75-2024-06-06-00019 - D\u00e9cision tarifaire n\u00b01462 portant fixation du forfait global de soins pour 2024 de\nEHP AD LES ACACIAS - 770003408 34\n75-2024-06-06-00027\nD\u00e9cision tarifaire n\u00b01466 portant fixation du\nforfait global de soins pour 2024 de\nehpad edme porta - 770016939\n - 75-2024-06-06-00027 - D\u00e9cision tarifaire n\u00b01466 portant fixation du forfait global de soins pour 2024 de\nehpad edme porta - 770016939 35\n@ D Agence R\u00e9gionale de Sant\u00e9 )\nDECISION TARIFAIRE N\u00b01466 PORTANT FIXATION DU FORFAIT GLOBAL DE SOINS \nPOUR 2024 DE \nEHPAD EDME PORTA -770016939 \nLe Directeur G\u00e9n\u00e9ral de l'ARS Ile-de-France \nVU le Code de l'Action Sociale et des Familles \nVU le Code de la S\u00e9curit\u00e9 Sociale ; \nVU la loin\u00b0 2023-1250 du 26 d\u00e9cembre 2023 de financement de la S\u00e9curit\u00e9 Sociale pour 2024 \npubli\u00e9e au Journal Officiel du 27/12/2023 ; \nVU l'arr\u00eat\u00e9 minist\u00e9riel du 16/05/2024 publi\u00e9 au Journal Officiel du 17/05/2024 pris en \napplication de l'article L314-3 du Code de l'Action Sociale et des Familles fixant, pour \nl'ann\u00e9e 2024 l'objectif global de d\u00e9penses d'assurance maladie et le montant total de \nd\u00e9penses pour les \u00e9tablissements et services relevant de la Caisse nationale de solidarit\u00e9 pour \nl'autonomie ; \nVU la d\u00e9cision du 22/05/2024 publi\u00e9e au Journal Officiel du 24/05/2024 relative aux dotations \nr\u00e9gionales limitatives 2024 et \u00e0 la moyenne nationale des besoins en soins requis 2024 ; \nVU l'arr\u00eat\u00e9 du 21/05/2024 fixant pour 2024 les valeurs du point mentionn\u00e9es \u00e0 l'article R.314-\n162 du code de l'action sociale et des familles publi\u00e9 au Journal Officiel du 23/05/2024 ; \nVU le d\u00e9cret du 10 Avril 2024 portant nomination de Monsieur, ROBIN, Denis en qualit\u00e9 de \nDirecteur G\u00e9n\u00e9ral de l'agence r\u00e9gionale de sant\u00e9 Ile-de-France ; \nVU la d\u00e9cision de d\u00e9l\u00e9gation de signature du Directeur G\u00e9n\u00e9ral del' ARS vers la directrice de la \nd\u00e9l\u00e9gation d\u00e9partementale de SEINE-ET-MARNE en date du 29/04/2024; \nVU l'autorisation ou le renouvellement d'autorisation en date du 31/12/2007 de la structure \nEtablissement d'h\u00e9bergement pour personnes \u00e2g\u00e9es d\u00e9pendantes d\u00e9nomm\u00e9e EHP AD EDME \nPORTA (770016939) sise, CHE, DE MELUN AUX TROIS MOULINS, 77000, Melun et \ng\u00e9r\u00e9e par l'entit\u00e9 d\u00e9nomm\u00e9e LA VIE ACTIVE (620110650); \nArticle 1er DECIDE 1 \n\u00c0 compter du O 1/01/2024, le forfait global de soins est fix\u00e9 \u00e0 1 777 965,99 \u20ac au titre de \n2024, dont 38 000,00 \u20ac \u00e0 titre non reconductible. \nLa fraction forfaitaire mensuelle s'\u00e9tablit \u00e0 148 163,83 \u20ac. \nPour 2024, les tarifs sont d\u00e9compos\u00e9s comme suit : \n1  - 75-2024-06-06-00027 - D\u00e9cision tarifaire n\u00b01466 portant fixation du forfait global de soins pour 2024 de\nehpad edme porta - 770016939 36\n[Esign\u00e9\nForfait global de soins Prix de journ\u00e9e ( en \u20ac) \n1 683 750,66 56,89 \nH\u00e9bergement Permanent \n0,00 0 \nUHR \n70 381,54 0 \nPASA \n23 833,79 63,90 \nH\u00e9bergement Temporaire \n0,00 0,00 \nAccueil de jour \nArticle 2 \u00c0 compter du 1er janvier 2025, en application de l'article L.314-7 du CASF, le forfait global \nde soins est fix\u00e9, \u00e0 titre transitoire, \u00e0 1 739 965,99 \u20ac. \nLes tarifs de reconduction sont fix\u00e9s \u00e0 \nForfait global de soins Prix de journ\u00e9e ( en \u20ac) \nH\u00e9bergement Permanent 1 645 750,66 55,61 \nUHR 0,00 0 \nPASA 70 381,54 0 \nH\u00e9bergement Temporaire 23 833,79 63,90 \nAccueil de jour 0,00 0,00 \nLa fraction forfaitaire mensuelle s'\u00e9tablit \u00e0 144 997, 17 \u20ac. \nArticle 3 Les recours contentieux dirig\u00e9s contre la pr\u00e9sente d\u00e9cision doivent \u00eatre port\u00e9s devant le \nTribunal Interr\u00e9gional de la Tarification Sanitaire et Sociale sis 1, Place du Palais Royal, \nPARIS, 75100 dans un d\u00e9lai d'un mois \u00e0 compter de sa publication ou, pour les personnes \nauxquelles elle sera notifi\u00e9e, \u00e0 compter de sa notification. \nArticle 4 La pr\u00e9sente d\u00e9cision sera publi\u00e9e au recueil des actes administratifs. \nArticle 5 Le Directeur G\u00e9n\u00e9ral de !'ARS Ile-de-France est charg\u00e9 de l'ex\u00e9cution de la pr\u00e9sente \nd\u00e9cision qui sera notifi\u00e9e \u00e0 l'entit\u00e9 gestionnaire LA VIE ACTIVE ( 620110650) et \u00e0 \nl'\u00e9tablissement concern\u00e9. \nFait \u00e0 Lieusaint, le 06 juin 2024 \nLa Directrice de la D\u00e9l\u00e9gation d\u00e9partementale \n2H\u00e9l\u00e8ne MARIE - 75-2024-06-06-00027 - D\u00e9cision tarifaire n\u00b01466 portant fixation du forfait global de soins pour 2024 de\nehpad edme porta - 770016939 37\n75-2024-06-06-00021\nD\u00e9cision tarifaire n\u00b01515 portant fixation du\nforfait global de soins pour 2024 de\nEHPAD RESIDENCE ONDINE - 770015188\n - 75-2024-06-06-00021 - D\u00e9cision tarifaire n\u00b01515 portant fixation du forfait global de soins pour 2024 de\nEHPAD RESIDENCE ONDINE - 770015188 38\nR\u00e9gionale  de Sant\u00e9\nDECISION TARIFAIRE N\u00b01515 PORTANT FIXATION DU FORFAIT GLOBAL DE SOINS \nPOUR 2024 DE \nEHPAD RESIDENCE ONDINE -770015188 \nLe Directeur G\u00e9n\u00e9ral del' ARS Ile-de-France \nVU le Code del' Action Sociale et des Familles \nVU le Code de la S\u00e9curit\u00e9 Sociale ; \nVU la loin\u00b0 2023-1250 du 26 d\u00e9cembre 2023 de financement de la S\u00e9curit\u00e9 Sociale pour 2024 \npubli\u00e9e au Journal Officiel du 27/12/2023 ; \nVU l'arr\u00eat\u00e9 minist\u00e9riel du 16/05/2024 publi\u00e9 au Journal Officiel du 17/05/2024 pris en \napplica tion de l'article L314-3 du Code de l'Action Sociale et des Familles fixant, pour \nl'ann\u00e9e 2024 l'objectif global de d\u00e9penses d'assurance maladie et le montant total de \nd\u00e9pens es pour les \u00e9tablissements et services relevant de la Caisse nationale de solidarit\u00e9 pour \nl'autonomie ; \nVU la d\u00e9cision du 22/05/2024 publi\u00e9e au Journal Officiel du 24/05/2024 relative aux dotations \nr\u00e9giona les limitatives 2024 et \u00e0 la moyenne nationale des besoins en soins requis 2024 ; \nVU l'arr\u00eat\u00e9 du 21/05/2024 fixant pour 2024 les valeurs du point mentionn\u00e9es \u00e0 l'article R.314-\n162 du code de l'action sociale et des familles publi\u00e9 au Journal Officiel du 23/05/2024 ; \nVU le d\u00e9cret du 10 Avril 2024 portant nomination de Monsieur, ROBIN, Denis en qualit\u00e9 de \nDirecteur G\u00e9n\u00e9ral de l'agence r\u00e9gionale de sant\u00e9 Ile-de-France ; \nVU la d\u00e9cision de d\u00e9l\u00e9gation de signature du Directeur G\u00e9n\u00e9ral del' ARS vers la directrice de la \nd\u00e9l\u00e9gation d\u00e9partementale de SEINE-ET-MARNE en date du 29/04/2024 ; \nVU l'autorisation ou le renouvellement d'autorisation en date du l 5/07/2003 de la structure \nEtablissement d'h\u00e9bergement pour personnes \u00e2g\u00e9es d\u00e9pendantes d\u00e9nomm\u00e9e EHP AD \nRESIDENCE ONDINE (770015188) sise 920, R, CHARLES DE GAULLE, 77100, \nMareuil-l\u00e8s-Meaux et g\u00e9r\u00e9e par l'entit\u00e9 d\u00e9nomm\u00e9e SA ORPEA -SIEGE SOCIAL \n(920030152); \nArticle 1er DECIDE \n\u00c0 compter du O 1/01/2024, le forfait global de soins est fix\u00e9 \u00e0 1 513 811,3 8 \u20ac au titre de \n2024, dont 0,00 \u20ac \u00e0 titre non reconductible. \nLa fraction forfaitaire mensuelle s'\u00e9tablit \u00e0 126 150,95 \u20ac. \nPour 2024, les tarifs sont d\u00e9compos\u00e9s comme suit : \n1  - 75-2024-06-06-00021 - D\u00e9cision tarifaire n\u00b01515 portant fixation du forfait global de soins pour 2024 de\nEHPAD RESIDENCE ONDINE - 770015188 39\nsign\u00e9\nForfait global de soins Prix de journ\u00e9e ( en \u20ac) \nH\u00e9bergement Permanent 1 491 167,00 55,66 \n0,00 0 \nUHR \n0,00 0 \nPASA \n22 644,38 40,65 \nH\u00e9bergement Temporaire \n0,00 0,00 \nAccueil de jour \nArticle 2 \u00c0 compter du 1er janvier 2025, en application de l'article L.314-7 du CASF, le forfait global \nde soins est fix\u00e9, \u00e0 titre transitoire, \u00e0 1 513 811,3 8 \u20ac. \nLes tarifs de reconduction sont fix\u00e9s \u00e0 : \nForfait global de soins Prix de journ\u00e9e ( en \u20ac) \nH\u00e9bergement Permanent 1 491 167,00 55,66 \nUHR 0,00 0 \nPASA 0,00 0 \nH\u00e9bergement Temporaire 22 644,38 40,65 \nAccueil de jour 0,00 0,00 \nLa fraction forfaitaire mensuelle s'\u00e9tablit \u00e0 126 150,95 \u20ac. \nArticle 3 Les recours contentieux dirig\u00e9s contre la pr\u00e9sente d\u00e9cision doivent \u00eatre port\u00e9s devant le \nTribunal Interr\u00e9gional de la Tarification Sanitaire et Sociale sis 1, Place du Palais Royal, \nPARIS, 75100 dans un d\u00e9lai d'un mois \u00e0 compter de sa publication ou, pour les personnes \nauxquelles elle sera notifi\u00e9e, \u00e0 compter de sa notification. \nArticle 4 La pr\u00e9sente d\u00e9cision sera publi\u00e9e au recueil des actes administratifs. \nArticle 5 Le Directeur G\u00e9n\u00e9ral de l' ARS Ile-de-France est charg\u00e9 de l'ex\u00e9cution de la pr\u00e9sente \nd\u00e9cision qui sera notifi\u00e9e \u00e0 l'entit\u00e9 gestionnaire SA ORPEA -SIEGE SOCIAL (920030152) \net \u00e0 l'\u00e9tablissement concern\u00e9. \nFait \u00e0 Lieusaint, le 06 juin 2024 \nLa Directrice de la D\u00e9l\u00e9gation d\u00e9partementale \nH\u00e9l\u00e8ne MARI E\n - 75-2024-06-06-00021 - D\u00e9cision tarifaire n\u00b01515 portant fixation du forfait global de soins pour 2024 de\nEHPAD RESIDENCE ONDINE - 770015188 40\n75-2024-06-06-00029\nD\u00e9cision tarifaire n\u00b01707 portant fixation du\nforfait global de soins pour 2024 de ehpad la\nr\u00e9sidence les champs - 770016848\n - 75-2024-06-06-00029 - D\u00e9cision tarifaire n\u00b01707 portant fixation du forfait global de soins pour 2024 de ehpad la r\u00e9sidence les\nchamps - 770016848 41\n@ D Agence  R\u00e9gionale  de Sant\u00e9\nDECISION TARIFAIRE N\u00b01707 PORTANT FIXATION DU FORFAIT GLOBAL DE SOINS \nPOUR 2024 DE \nEHPAD LA RESIDENCE LES CHAMPS -770016848 \nLe Directeur G\u00e9n\u00e9ral de l'ARS Ile-de-France \nVU \nVU \nVU \nVU \nVU \nVU \nVU \nVU \nVU le Code de l'Action Sociale et des Famille s \nle Code de la S\u00e9curit\u00e9 Sociale ; \nla loi n\u00b0 2023-1250 du 26 d\u00e9cembr e 2023 de financement de la S\u00e9curit\u00e9 Sociale pour 2024 \npubli\u00e9e au Journal Officiel du 27/12/2023 ; \nl'arr\u00eat\u00e9 minist\u00e9riel du 16/05/2024 publi\u00e9 au Journal Officiel du 17/05/2024 pris en \napplication de l'article L314-3 du Code de l'Acti on Sociale et des Famil les fixan t, pour \nl'ann\u00e9e 2024 l'objectif global de d\u00e9penses d'assurance maladi e et le montant total de \nd\u00e9penses pour les \u00e9tablissements et servi ces relevant de la Caisse nationale de solidar it\u00e9 pour \nl'autonomie ; \nla d\u00e9cision du 22/05/2024 publi\u00e9e au Journal  Offic iel du 24/05/2 024 relative aux dotations \nr\u00e9giona les limitatives 2024 et \u00e0 la moyenne nationale des besoins en soins requis 2024 ; \nl'arr\u00eat\u00e9 du 21/05/2024 fixant pour 2024 les valeurs du point mentionn\u00e9e s \u00e0 l'article R .314- \n162 du code de l'action sociale et des familles publi\u00e9  au Journal Officiel du 23/05/2024; \nle d\u00e9cret du 10 Avril 2024 portant nomination de Monsieur, ROBIN, Denis en qualit\u00e9 de \nDirecteur G\u00e9n\u00e9ral de l'agence r\u00e9gionale de sant\u00e9 Ile-de-France ; \nla d\u00e9cision de d\u00e9l\u00e9gation de signature du Direct eur G\u00e9n\u00e9ral de l 'ARS  vers la directrice de la \nd\u00e9l\u00e9gation d\u00e9partementale de SEIN E-ET-MARNE en date du 29/04/2024; \nl'autorisation ou le renouvellemen t d'autorisation en date du 30/01 /2008 de la structure \nEtablissement d'h\u00e9bergement pour personnes \u00e2g\u00e9es d\u00e9pendantes d\u00e9no mm\u00e9e EHP AD LA \nRESIDENCE LES CHAMPS (7700168 48) sise 8, R, MAURICE SUJET, 77120, \nCoulommiers et g\u00e9r\u00e9e par l'entit\u00e9 d\u00e9nomm\u00e9e FONDATION PAR TAGE ET VIE \n(920028560); \nArticle 1er DECIDE 1 \n\u00c0 compter du 01/01/2024, le forfait global de soins est fix\u00e9 \u00e0 2 374 150,97 \u20ac au titre de \n2024, dont 0,00 \u20ac \u00e0 titre non reconductible. \nLa fraction forfaitaire mensuelle s'\u00e9tablit \u00e0 197 845,91 \u20ac. \nPour 2024, les tarifs sont d\u00e9compos\u00e9s comme suit \n1  - 75-2024-06-06-00029 - D\u00e9cision tarifaire n\u00b01707 portant fixation du forfait global de soins pour 2024 de ehpad la r\u00e9sidence les\nchamps - 770016848 42\nUHR\nsign\u00e9\nArticle 2 \nArticle 3 \nArticle 4 \nArticle 5 Forfait global de soins Prix de journ\u00e9e ( en \u20ac) \n2 374 150,97 80,32 \nH\u00e9bergement Permanent \n0,00 0 \n0,00 0 \nPASA \n0,00 0,00 \nH\u00e9bergement Temporaire \n0,00 0,00 \nAccueil de jour \n\u00c0 compter du 1 \"' janvier 2025, en application de l'article L.314-7 du CASF, le forfait global \nde soins est fix\u00e9, \u00e0 titre transitoire, \u00e0 2 374 150,97 \u20ac. \nLes tarifs de reconduction sont fix\u00e9s \u00e0 : \nForfait global de soins Prix de journ\u00e9e ( en \u20ac) \nH\u00e9bergement Permanent 2 374 150,97 80,32 \nUHR 0,00 0 \nPASA 0,00 0 \nH\u00e9bergement Temporaire 0,00 0,00 \nAccueil de jour 0,00 0,00 \nLa fraction forfaitaire mensuelle s'\u00e9tablit \u00e0 197 845,91 \u20ac. \nLes recours contentieux dirig\u00e9s contre la pr\u00e9sente d\u00e9cision doivent \u00eatre port\u00e9s devant le \nTribunal Interr\u00e9gional de la Tarification Sanitaire et Sociale sis 1, Place du Palais Royal, \nPARIS, 75100 dans un d\u00e9lai d'un mois \u00e0 compter de sa publication ou, pour les personnes \nauxquelles elle sera notifi\u00e9e, \u00e0 compter de sa notification. \nLa pr\u00e9sente d\u00e9cision sera publi\u00e9e au recueil des actes administratifs. \nLe Directeur G\u00e9n\u00e9ral de l'ARS Ile-de-France est charg\u00e9 de l'ex\u00e9cution de la pr\u00e9sente \nd\u00e9cision qui sera notifi\u00e9e \u00e0 l'entit\u00e9 gestionnaire FONDATION PARTAGE ET VIE \n(920028560) et \u00e0 l'\u00e9tablissement concern\u00e9. \nFait \u00e0 LIEUSAINT, le 06 juin 2024 \n2 P/ La Directrice de la D\u00e9l\u00e9gation d\u00e9partementale\nLa Directrice adjointe de l a D\u00e9l\u00e9gation d\u00e9partementale\nde Seine-et-Marne \nDelphine CAAMANO\n - 75-2024-06-06-00029 - D\u00e9cision tarifaire n\u00b01707 portant fixation du forfait global de soins pour 2024 de ehpad la r\u00e9sidence les\nchamps - 770016848 43\n75-2024-06-06-00030\nD\u00e9cision tarifaire n\u00b01753 portant fixation du\nforfait global de soins Pour 2024 de\nehpad les jardins medicis - 770016459\n - 75-2024-06-06-00030 - D\u00e9cision tarifaire n\u00b01753 portant fixation du forfait global de soins Pour 2024 de\nehpad les jardins medicis - 770016459 44\n@ D Agence R\u00e9gionale de Sant\u00e9 ;\nDECISION TARIFAIRE N\u00b01753 PORTANT FIXATION DU FORFAIT GLOBAL DE SOINS \nPOUR2024 DE \nEHPAD LES JARDINS MEDICIS -770016459 \nLe Directeur G\u00e9n\u00e9ral de l'ARS Ile-de-France \nVU le Code de l'Action Sociale et des Familles \nVU le Code de la S\u00e9curit\u00e9 Sociale ; \nVU la loin\u00b0 2023-1250 du 26 d\u00e9cembre 2023 de financement de la S\u00e9curit\u00e9 Sociale pour 2024 \npubli\u00e9e au Journal Officiel du 27/12/2023 ; \nVU l'arr\u00eat\u00e9 minist\u00e9riel du 16/05/2024 publi\u00e9 au Journal Officiel du 17/05/2024 pris en \napplication de l'article L314-3 du Code de l'Action Sociale et des Familles fixant, pour \nl'ann\u00e9e 2024 l'objectif global de d\u00e9penses d'assurance maladie et le montant total de \nd\u00e9penses pour les \u00e9tablissements et services relevant de la Caisse nationale de solidarit\u00e9 pour \nl'autonomie ; \nVU la d\u00e9cision du 22/05/2024 publi\u00e9e au Journal Officiel du 24/05/2024 relative aux dotations \nr\u00e9gionales limitatives 2024 et \u00e0 la moyenne nationale des besoins en soins requis 2024 ; \nVU l'arr\u00eat\u00e9 du 21/05/2024 fixant pour 2024 les valeurs du point mentionn\u00e9es \u00e0 l'article R.314-\n162 du code de l'action sociale et des familles publi\u00e9 au Journal Officiel du 23/05/2024 ; \nVU le d\u00e9cret du 10 Avril 2024 portant nomination de Monsieur, ROBIN, Denis en qualit\u00e9 de \nDirecteur G\u00e9n\u00e9ral de l'agence r\u00e9gionale de sant\u00e9 Ile-de-France ; \nVU la d\u00e9cision de d\u00e9l\u00e9gation de signature du Directeur G\u00e9n\u00e9ral del' ARS vers la directrice de la \nd\u00e9l\u00e9gation d\u00e9partementale de SEINE-ET-MARNE en date du 29/04/2024; \nVU l'autorisation ou le renouvellement d'autorisation en date du 02/03/2005 de la structure \nEtablissement d'h\u00e9bergement pour personnes \u00e2g\u00e9es d\u00e9pendantes d\u00e9nomm\u00e9e EHP AD LES \nJARDINS MEDICIS (770016459) sise 20, R, DU COLONEL ARNAUD BELTRAME, \n77160, Provins et g\u00e9r\u00e9e par l'entit\u00e9 d\u00e9nomm\u00e9e SAS PROVINS (770016442); \nArticle 1er DECIDE 1 \n\u00c0 compter du 01/01/2024, le forfait global de soins est fix\u00e9 \u00e0 2 494 358,09 \u20ac au titre de \n2024, dont 0,00 \u20ac \u00e0 titre non reconductible. \nLa fraction forfaitaire mensuelle s'\u00e9tablit \u00e0 207 863,17 \u20ac. \nPour 2024, les tarifs sont d\u00e9compos\u00e9s comme suit : \n1  - 75-2024-06-06-00030 - D\u00e9cision tarifaire n\u00b01753 portant fixation du forfait global de soins Pour 2024 de\nehpad les jardins medicis - 770016459 45\nsign\nForfait global de soins Prix de journ\u00e9e ( en \u20ac) \n2 300 004,34 67,71 \nH\u00e9bergement Permanent \n0,00 0 \nUHR \n68 333,08 0 \nPASA \n126 020,67 49,19 \nH\u00e9bergement Temporaire \n0,00 0,00 \nAccueil de jour \nArticle 2 \u00c0 compter du 1er janvier 2025, en application de l'article L.314-7 du CASF, le forfait global \nde soins est fix\u00e9, \u00e0 titre transitoire, \u00e0 2 494 358,09 \u20ac. \nLes tarifs de reconduction sont fix\u00e9s \u00e0 \nForfait global de soins Prix de journ\u00e9e ( en \u20ac) \nH\u00e9bergement Permanent 2 300 004,34 67,71 \nUHR 0,00 0 \nPASA 68 333,08 0 \nH\u00e9bergement Temporaire 126 020,67 49,19 \nAccueil de jour 0,00 0,00 \nLa fraction forfaitaire mensuelle s'\u00e9tablit \u00e0 207 863, 17 \u20ac. \nArticle 3 Les recours contentieux dirig\u00e9s contre la pr\u00e9sente d\u00e9cision doivent \u00eatre port\u00e9s devant le \nTribunal Interr\u00e9gional de la Tarification Sanitaire et Sociale sis 1, Place du Palais Royal, \nPARJS, 75100 dans un d\u00e9lai d'un mois \u00e0 compter de sa publication ou, pour les personnes \nauxquelles elle sera notifi\u00e9e, \u00e0 compter de sa notification. \nArticle 4 La pr\u00e9sente d\u00e9cision sera publi\u00e9e au recueil des actes administratifs. \nArticle 5 Le Directeur G\u00e9n\u00e9ral de l' ARS Ile-de-France est charg\u00e9 de l'ex\u00e9cution de la pr\u00e9sente \nd\u00e9cision qui sera notifi\u00e9e \u00e0 l'entit\u00e9 gestionnaire SAS PROVINS (770016442) et \u00e0 \nl'\u00e9tablissement concern\u00e9. \nFait \u00e0 Lieusaint, le 06 juin 2024 \nLa Directrice de la D\u00e9l\u00e9gation d\u00e9partementale\nH\u00e9l\u00e8ne  MARIE\n2 - 75-2024-06-06-00030 - D\u00e9cision tarifaire n\u00b01753 portant fixation du forfait global de soins Pour 2024 de\nehpad les jardins medicis - 770016459 46\n75-2024-06-06-00022\nD\u00e9cision tarifaire n\u00b01771 portant fixation du\nforfait global de soins pour 2024 de\nSSIAD CANTON DE LA FERTE GAUCHER -\n770004398\n - 75-2024-06-06-00022 - D\u00e9cision tarifaire n\u00b01771 portant fixation du forfait global de soins pour 2024 de\nSSIAD CANTON DE LA FERTE GAUCHER - 770004398 47\n@ D Agence  R\u00e9gionale  de Sant\u00e9\nDECISION TARIF AIRE N\u00b0 1771 PORTANT FIXATION DE LA DOTATION GLOBALE DE \nSOIN S POUR 2024 DE \nSSIAD CANTON DE LA FERTE GAUCHER -770004398 \nLe Directeur G\u00e9n\u00e9ral de !'ARS Ile-de-France \nVU \nVU \nVU \nVU \nVU \nVU \nVU \nVU \nVU \nVU \nVU le Code de l' Action Sociale et des Familles ; \nle Code de la S\u00e9curit\u00e9 Sociale ; \nla loi n\u00b0 2023-1250 du 26 d\u00e9cembre 2023 de financement de la S\u00e9curit\u00e9 Sociale pour 2024 \npubli\u00e9e au Journal Officiel du 27/12/2023 ; \nl'arr\u00eat\u00e9 minist\u00e9riel du 16/05/2024 publi\u00e9 au Journal Officie l du 17/05/2024 pris en application \nde l'article L314-3 du Code de l'Action Sociale et des Familles fixant, pour l'ann\u00e9e 2024 \nl'objectif global  de d\u00e9penses d'assurance maladie et le monta nt total de d\u00e9penses pour les \n\u00e9tablissem ents et services relevant de la Caisse nationale de solidarit\u00e9 pour l'autonomie ; \nla d\u00e9cision du 22/05/2024 publi \u00e9e au Journal Offic iel du 24/05/2024 relative aux dotations \nr\u00e9gionales limitatives 2024 et \u00e0 la moyenne nationale des besoins en soins requis 2024 ; \nle d\u00e9cret n\u00b0 2023-323 relatif \u00e0 la tarification des soins infirmiers \u00e0 domic ile pour les personnes \n\u00e2g\u00e9es et personnes handi cap\u00e9es publi\u00e9 au Journal Officiel du 28 avril 2023 ; \nl'arr\u00eat\u00e9 du 25 ao\u00fbt 2023 fixant pour 2023 les montants forfaitaires  mentionn\u00e9s aux II et III de \nl'article R. 314-138 du code de l'action sociale et des familles et le taux de revalorisation des \nproduits de la tarification reconductibles aff\u00e9rents aux soins applicables aux services proposant \ndes prestations  de soins infirmiers \u00e0 domi cile pour les personnes  \u00e2g\u00e9es et les personnes en \nsituation de handicap ; \nl'arr\u00eat\u00e9 du 21 mai 2024 fixant pour 2024 le taux de revalorisation des produits de la tarification \nreconductibles aff\u00e9rents aux soins applicables aux services proposant des prestations de soins \ninfirmiers \u00e0 domicile pour les personnes \u00e2g\u00e9es et les personnes en situation de handicap ; \nle d\u00e9cret du 10 Avril 2024 porta nt nomination de Monsi eur, ROBIN,  Denis en qualit\u00e9 de \nDirecteur G\u00e9n\u00e9ral de l'agence r\u00e9gionale de sant\u00e9 Ile-de-France ; \nla d\u00e9cision de d\u00e9l\u00e9gation de signature du Directeur G\u00e9n\u00e9ral de l' ARS  vers la directrice de la \nd\u00e9l\u00e9gation d \u00e9partem entale de SEINE-ET-MARNE en date du 29/04/2024; \nl'autorisati on ou le renouvellement d'autorisation en date du 28/08/2003 de la structure \nService de Soins Infirmiers A Dom icile (S.S.I.A.D) d\u00e9nomm\u00e9e SSIAD CANTON DE LA \nFERTE GAU CHER (770004398) sise 3 R ANDRE MAGINOT 77320 Fert\u00e9-Gaucher et \ng\u00e9r\u00e9e par l'entit\u00e9 d\u00e9nomm\u00e9e MAISON DE RETRAITE LE  MARAIS (770000 727); \n1  - 75-2024-06-06-00022 - D\u00e9cision tarifaire n\u00b01771 portant fixation du forfait global de soins pour 2024 de\nSSIAD CANTON DE LA FERTE GAUCHER - 770004398 48\nArticle  A comnter  dn 01/01/9094  la dotation  VIOWIAIE  CIE SOUS  ENT TIX\u00c9EE  A ASA  AID  Se  Al litre\n- nour  Vaccneil  de nersannes  Ac\u00e9es:  RIR  856  75 \u20ac (fraction  forfaitaire  s'\u00e9levant  \u00e0\nArticle  ? A comnter  du ler ianvier  209$  en annlication  de l'article  1.314-7  du CASF  la dotation\n= Pour  accueil  de nersannes  4c\u00e9es  : 879  460  OR \u20ac (doanzi\u00e8me  annlicable  <'\u00e9levant  \u00e0\nArticle  3 Tec  recours  contentienx  dirig\u00e9s  contre  la nr\u00e9sente  d\u00e9cision  doivent  \u00eatre  nort\u00e9s  devant  le\nArticle  4 Ta nr\u00e9cente  d\u00e9rision  sera  nubli\u00e9e  an recueil  des  actes  administratifs\nArticle  S Te Directeur  G\u00e9n\u00e9ral  de VARS  Tle-de-France  est charo\u00e9fe)  de l'ex\u00e9cution  de la nr\u00e9sente\nFait  \u00e0 LTRITSAINT  Te O6 inin  2074\nP/ T.a Directrice  de la D\u00e9l\u00e9cation  d\u00e9nartementale\ngig\"?\nDECIDE Il \nArticle 1er A compter du 01/01/2024, la dotation globale de soins est fix\u00e9e \u00e0 828 856,75 \u20ac au titre \nde 2024 dont -43 604,23 \u20ac \u00e0 titre non reconductible. Elle se r\u00e9partit comme suit : \nArticle 2 \nArticle 3 \nArticle 4 \nArticle 5 -pour l'accueil de personnes \u00e2g\u00e9es: 828 856,75 \u20ac (fraction forfaitaire s'\u00e9levant \u00e0\n69 071,40 \u20ac). Le prix de journ\u00e9e est fix\u00e9 \u00e0 46,74 \u20ac. \nA compter du 1er janvier 2025, en application de l'article L.314-7 du CASF, la dotation \nglobale de soins est fix\u00e9e, \u00e0 titre transitoire, \u00e0 872 460,98\u20ac : \nPour l'accueil de personnes \u00e2g\u00e9es : 872 460,98 \u20ac (douzi\u00e8me applicable s'\u00e9levant \u00e0 \n72 705,08 \u20ac). Le prix de journ\u00e9e de reconduction est fix\u00e9 \u00e0 49,20 \u20ac. \nLes recours contentieux dirig\u00e9s contre la pr\u00e9sente d\u00e9cision doivent \u00eatre port\u00e9s devant le \nTribunal Interr\u00e9gional de la Tarification Sanitaire et Sociale sis 1, Place du Palais Royal, \nPARIS, 75100 dans un d\u00e9lai d'un mois \u00e0 compter de sa publication ou, pour les \npersonnes auxquelles elle sera notifi\u00e9e, \u00e0 compter de sa notification. \nLa pr\u00e9sente d\u00e9cision sera publi\u00e9e au recueil des actes administratifs. \nLe Directeur G\u00e9n\u00e9ral del' ARS Ile-de-France est charg\u00e9(e) de l'ex\u00e9cution de la pr\u00e9sente \nd\u00e9cision qui sera notifi\u00e9e \u00e0 l'entit\u00e9 gestionnaire MAISON DE RETRAITE LE MARAIS \n(770000727) et \u00e0 l'\u00e9tablissement concern\u00e9. \nFait \u00e0 LIEUSAINT, Le 06 juin 2024 \n2 P/ La Directrice de la D\u00e9l\u00e9gation d\u00e9partementale\nLa Directrice adjointe de la D\u00e9l\u00e9gation d\u00e9parteme ntale\nde Seine-et-MarneDelphine CAAMANO\n - 75-2024-06-06-00022 - D\u00e9cision tarifaire n\u00b01771 portant fixation du forfait global de soins pour 2024 de\nSSIAD CANTON DE LA FERTE GAUCHER - 770004398 49\n75-2024-06-06-00026\nD\u00e9cision tarifaire n\u00b02069 portant fixation du\nforfait global de soins pour 2024 de\nEHP AD LA FERME DU MARAIS - 770015196\n - 75-2024-06-06-00026 - D\u00e9cision tarifaire n\u00b02069 portant fixation du forfait global de soins pour 2024 de\nEHP AD LA FERME DU MARAIS - 770015196 50\n@ D Agence R\u00e9gionale de Sant\u00e9 ;\nDECISION TARIFAIRE N\u00b02069 PORTANT FIXATION DU FORFAIT GLOBAL DE SOINS \nPOUR 2024 DE \nEHP AD LA FERME DU MARAIS -770015196 \nLe Directeur G\u00e9n\u00e9ral de I' ARS Ile-de-France \nVU le Code del' Action Sociale et des Familles \nVU le Code de la S\u00e9curit\u00e9 Sociale ; \nVU la loin\u00b0 2023-1250 du 26 d\u00e9cembre 2023 de financement de la S\u00e9curit\u00e9 Sociale pour 2024 \npubli\u00e9e au Journal Officiel du 27/12/2023 ; \nVU l'arr\u00eat\u00e9 minist\u00e9riel du 16/05/2024 publi\u00e9 au Journal Officiel du 17/05/2024 pris en \napplica tion de l'article L314-3 du Code de l'Action Sociale et des Familles fixant, pour \nl'ann\u00e9e 2024 l'objectif global de d\u00e9penses d'assurance maladie et le montant total de \nd\u00e9pen ses pour les \u00e9tablissements et services relevant de la Caisse nationale de solidarit\u00e9 pour \nl'auton omie ; \nVU la d\u00e9cision du 22/05/2024 publi\u00e9e au Journal Officiel du 24/05/2024 relative aux dotations \nr\u00e9gio nales limitatives 2024 et \u00e0 la moyenne nationale des besoins en soins requis 2024 ; \nVU l'arr\u00eat\u00e9 du 21/05/2024 fixant pour 2024 les valeurs du point mentionn\u00e9es \u00e0 l'article R.314-\n162 du code de l'action sociale et des familles publi\u00e9 au Journal Officiel du 23/05/2024 ; \nVU le d\u00e9cret du 10 Avril 2024 portant nomination de Monsieur, ROBIN, Denis en qualit\u00e9 de \nDirecteur G\u00e9n\u00e9ral de l'agence r\u00e9gionale de sant\u00e9 Ile-de-France ; \nVU la d\u00e9cision de d\u00e9l\u00e9gation de signature du Directeur G\u00e9n\u00e9ral de I 'ARS vers la directrice de la \nd\u00e9l\u00e9gation d\u00e9partementale de SEINE-ET-MARNE en date du 29/04/2024 ; \nVU l'autorisation ou le renouvellement d'autorisation en date du 03/01/2017 de la structure \nEtablissement d'h\u00e9bergement pour personnes \u00e2g\u00e9es d\u00e9pendantes d\u00e9nomm\u00e9e EHP AD LA \nFERME DU MARAIS (770015196) sise 565, AV, DU MARCHE MARAIS 77350, M\u00e9e\u00ad\nsur-Seine et g\u00e9r\u00e9e par l'entit\u00e9 d\u00e9nomm\u00e9e SAS SOPRA VIV A (750070732) ; \nArticle 1er DECIDE \n1 \u00c0 compter du O 1/01/2024, le forfait global de soins est fix\u00e9 \u00e0 3 861 621,66 \u20ac au titre de \n2024, dont 0,00 \u20ac \u00e0 titre non reconductible. \nLa fraction forfaitaire mensuelle s'\u00e9tablit \u00e0 321 801,81 \u20ac. \nPour 2024, les tarifs sont d\u00e9compos\u00e9s comme suit : \n1  - 75-2024-06-06-00026 - D\u00e9cision tarifaire n\u00b02069 portant fixation du forfait global de soins pour 2024 de\nEHP AD LA FERME DU MARAIS - 770015196 51\nsiyv\"\nArticle 2 \nArticle 3 \nArticle 4 \nArticle 5 Forfait global de soins Prix de journ\u00e9e ( en \u20ac) \nH\u00e9bergement Permanent 3 557 943,89 60,46 \nUHR 0,00 0 \n0,00 0 \nPASA \nH\u00e9bergement Temporaire 303 677,77 93,32 \nAccueil de jour 0,00 0,00 \n\u00c0 compter du 1er janvier 2025, en application de l'article L.314- 7 du CASF, le forfait global \nde soins est fix\u00e9, \u00e0 titre transitoire, \u00e0 3 861 621,66 \u20ac. \nLes tarifs de reconduction sont fix\u00e9s \u00e0 \nForfait global de soins Prix de journ\u00e9e ( en \u20ac) \nH\u00e9bergement Permanent 3 557 943,89 60,46 \nUHR 0,00 0 \nPASA 0,00 0 \nH\u00e9bergement Temporaire 303 677,77 93,32 \nAccue il de jour 0,00 0,00 \nLa fraction forfaitaire mensuelle s'\u00e9tablit \u00e0 321 801,81 \u20ac. \nLes recours contentieux dirig\u00e9s contre la pr\u00e9sente d\u00e9cision doivent \u00eatre port\u00e9s devant le \nTribunal Interr\u00e9gional de la Tarification Sanitaire et Sociale sis 1, Place du Palais Royal, \nPARIS, 75100 dans un d\u00e9lai d'un mois \u00e0 compter de sa publication ou, pour les personnes \nauxquelles elle sera notifi\u00e9e, \u00e0 compter de sa notification. \nLa pr\u00e9sente d\u00e9cision sera publi\u00e9e au recueil des actes administratifs. \nLe Directeur G\u00e9n\u00e9ral de l' ARS Ile-de-France est charg\u00e9 de l'ex\u00e9cution de la pr\u00e9sente \nd\u00e9cision qui sera notifi\u00e9e \u00e0 l'entit\u00e9 gestionnaire SAS SOPRA VIV A (750070732) et \u00e0 \nl'\u00e9tablissement concern\u00e9. \nFait \u00e0 LIEUSAINT, le 06 juin 2024 \n2 P/ La  Directrice de la D \u00e9l\u00e9gation d\u00e9partementa le\nLa Directrice adjoin te de la D\u00e9l\u00e9gation d \u00e9partementale\nde Seine-et-Marne \nDelphine CAAMANO\n - 75-2024-06-06-00026 - D\u00e9cision tarifaire n\u00b02069 portant fixation du forfait global de soins pour 2024 de\nEHP AD LA FERME DU MARAIS - 770015196 52\n75-2024-06-10-00009\nD\u00e9cision tarifaire n\u00b02542 portant fixation de la\ndotation globale de soins pour 2024 de\nssiad-ch de brie comte robert - 770016012\n - 75-2024-06-10-00009 - D\u00e9cision tarifaire n\u00b02542 portant fixation de la dotation globale de soins pour 2024 de\nssiad-ch de brie comte robert - 770016012 53\nAr\n@ D Agence  R\u00e9gionale  de Sant\u00e9\nDECISION TARIFAIRE N\u00b02542 PORTANT FIXATION DE LA DOTATION GLOBALE DE \nSOINS POUR 2024 DE \nSSIAD-CH DE BRIE COMTE ROBERT -770016012 \nLe Directeur G\u00e9n\u00e9r al de !'ARS Ile-de-France \nVU le Code del' Action Sociale et des Familles ; \nVU le Code de la S\u00e9curit\u00e9 Sociale ; \nVU la loin\u00b0 2023-1250 du 26 d\u00e9cembre 2023 de financement de la S\u00e9curit\u00e9 Sociale pour 2024 \npubli\u00e9e au Journal Officiel du 27/12/2023 ; \nVU l'arr\u00eat\u00e9 minist\u00e9riel du 16/05/2024 publi\u00e9 au Journal Officiel du 17/05/2024 pris en application \nde l'article L314-3 du Code de l'Action Sociale et des Familles fixant, pour l'ann\u00e9e 2024 \nl'objectif global de d\u00e9penses d'assurance maladie et le montant total de d\u00e9penses pour les \n\u00e9tablisse ments et services relevant de la Caisse nationale de solidarit\u00e9 pour l'autonomie ; \nVU la d\u00e9cision du 22/05/2024 publi\u00e9e au Journal Officiel du 24/05/2024 relative aux dotations \nr\u00e9gionales limitatives 2024 et \u00e0 la moyenne nationale des besoins en soins requis 2024 ; \nVU le d\u00e9cret n\u00b0 2023-323 relatif \u00e0 la tarification des soins infirmiers \u00e0 domicile pour les personnes \n\u00e2g\u00e9es et personnes handicap\u00e9es publi\u00e9 au Journal Officiel du 28 avril 2023 ; \nVU l'arr\u00eat\u00e9 du 25 ao\u00fbt 2023 fixant pour 2023 les montants forfaitaires mentionn\u00e9s aux II et III de \nl'article R. 314-138 du code de l'action sociale et des familles et le taux de revalorisation des \nproduits de la tarification reconductibles aff\u00e9rents aux soins applicables aux services proposant \ndes prestations de soins infirmiers \u00e0 domicile pour les personnes \u00e2g\u00e9es et les personnes en \nsituation de handicap ; \nVU l'arr\u00eat\u00e9 du 21 mai 2024 fixant pour 2024 le taux de revalorisation des produits de la tarification \nreconductibles aff\u00e9rents aux soins applicables aux services proposant des prestations de soins \ninfirmiers \u00e0 domicile pour les personnes \u00e2g\u00e9es et les personnes en situation de handicap ; \nVU le d\u00e9cret du 10 Avril 2024 portant nomination de Monsieur, ROBIN, Denis en qualit\u00e9 de \nDirecteur G\u00e9n\u00e9ral de l'agence r\u00e9gionale de sant\u00e9 Ile-de-France ; \nVU la d\u00e9cision de d\u00e9l\u00e9gation de signature du Directeur G\u00e9n\u00e9ral de l' ARS vers la directrice de la \nd\u00e9l\u00e9gation d\u00e9partementale de SEINE-ET-MARNE en date du 29/04/2024 ; \nVU l'autorisation ou le renouvellement d'autorisation en date du 03/01/2017 de la structure \nService de Soins Infirmiers A Domicile (S.S.I.A.D) d\u00e9nomm\u00e9e SSIAD-CH DE BRIE COMTE \nROBERT (770016012) sise 17 R PETIT DE BEAUVERGER 77255 Brie-Comte-Robert et \ng\u00e9r\u00e9e par l'entit\u00e9 d\u00e9nomm\u00e9e GRPE HOSPITALIER DU SUD ILE DE FRANCE \n(770110054); \n1  - 75-2024-06-10-00009 - D\u00e9cision tarifaire n\u00b02542 portant fixation de la dotation globale de soins pour 2024 de\nssiad-ch de brie comte robert - 770016012 54\nsig\nDECIDE \nArticle 1er A compter du 0 1/01/2024, la dotation globale de soins est fix\u00e9e \u00e0 1 028 961,54 \u20ac au titre \nde 2024 dont 0,00 \u20ac \u00e0 titre non reconductible. Elle se r\u00e9partit comme suit : \nArticle 2 -pour l'accueil de personnes \u00e2g\u00e9es: 1 028 961,54 \u20ac (fraction forfaitaire s'\u00e9levant \u00e0\n85 746,80 \u20ac). Le prix de journ\u00e9e est fix\u00e9 \u00e0 0,00 \u20ac.\nA compter du Ier janvier 2025, en application de l'article L.314-7 du CASF, la dotation \nglobale de soins est fix\u00e9e, \u00e0 titre transitoire, \u00e0 1 028 961,54{ : \nPour l'accueil de personnes \u00e2g\u00e9es : 1 028 961,54 \u20ac (douzi\u00e8me applicable s'\u00e9levant \n\u00e0 85 746,80 \u20ac). Le prix de journ\u00e9e de reconduction est fix\u00e9 \u00e0 0,00 \u20ac. \nArticle 3 Les recours contentieux dirig\u00e9s contre la pr\u00e9sente d\u00e9cision doivent \u00eatre port\u00e9s devant le \nTribu nal Interr\u00e9gional de la Tarification Sanitaire et Sociale sis 1, Place du Palais Royal, \nPARI S, 75100 dans un d\u00e9lai d'un mois \u00e0 compter de sa publication ou, pour les \npersonnes auxquelles elle sera notifi\u00e9e, \u00e0 compter de sa notification. \nArticle 4 La pr\u00e9sente d\u00e9cision sera publi\u00e9e au recueil des actes administratifs. \nArticle 5 Le Directeur G\u00e9n\u00e9ral del' ARS Ile-de-France est charg\u00e9(e) de l'ex\u00e9cution de la pr\u00e9sente \nd\u00e9cision qui sera notifi\u00e9e \u00e0 l'entit\u00e9 gestionnaire GRPE HOSPITALIER DU SUD ILE \nDE FRANCE (770110054) et \u00e0 l'\u00e9tablissement concern\u00e9. \nFait \u00e0 LIEUSAINT, Le 10 juin 2024 \n2 La Directrice de la D\u00e9l\u00e9gat ion d\u00e9partementale\nH\u00e9l\u00e8ne MARIE\n - 75-2024-06-10-00009 - D\u00e9cision tarifaire n\u00b02542 portant fixation de la dotation globale de soins pour 2024 de\nssiad-ch de brie comte robert - 770016012 55\nDirection r\u00e9gionale des affaires culturelles\nd'Ile-de-France \n75-2024-07-11-00031\nArr\u00eat\u00e9 N\u00b02024-135 - Autorisation sp\u00e9ciale de\ntravaux concernant les installations temporaires\ndu Wrestling House dans le cadre des Jeux\nOlympiques et Paralympiques de Paris 2024 -\nPort de Suffren - 7\u00e8me arrondissement de Paris\nDirection r\u00e9gionale des affaires culturelles d'Ile-de-France  - 75-2024-07-11-00031 - Arr\u00eat\u00e9 N\u00b02024-135 - Autorisation sp\u00e9ciale de travaux\nconcernant les installations temporaires du Wrestling House dans le cadre des Jeux Olympiques et Paralympiques de Paris 2024 - Port\nde Suffren - 7\u00e8me arrondissement de Paris56\n| 3\nPREFET\nDE LA REGION\nD'\u00ceLE-DE-FRANCE\nLibert\u00e9\nEgalit\u00e9\nFraternit\u00e9\n \n \n  Direction r\u00e9gionale \n                  des affaires culturelles \n                  d'\u00cele-de-France  \n \n       Unit\u00e9 d\u00e9partementale de l'architecture  \n                                    et du patrimoin e de Paris \n \n47  ,  rue Le Peletier \u2013 75009  PARIS  \n PR\u00c9FET DE LA REGION D'\u00ceLE DE FRANCE \n                            PR\u00c9FET DE PARIS  \nARR\u00caT\u00c9 N\u00b02024 \u2013 135 \n \nApprouvant l'autorisation sp\u00e9ciale de travaux concernant les i nstallations temporaires du Wrestling House \ndans le cadre des jeux Olympiques et Paralympiques de Paris 2024 \nSis Port de Suffren dans le 7\u00e8me arrondissement \n \n \nVu le code du patrimoine et notamment ses articles L. 621-30, L. 621-32 et R. 621-96 et suivants ; \nVu l'arr\u00eat\u00e9 n\u00b02023-078 du 15 septembre 2023, donnan t subd\u00e9l\u00e9gation de signature \u00e0 Fr\u00e9d\u00e9ric Masviel \nchef de l'unit\u00e9 d\u00e9partementale de l'architecture et  du patrimoine de Paris en mati\u00e8re de monuments \nhistoriques et d'espaces prot\u00e9g\u00e9s ; \nVu la demande d'autorisation sp\u00e9ciale de travaux en  abords de monuments historiques, d\u00e9pos\u00e9e par \nOn Location, concernant les installations temporaires du Wrestling House dans le cadre des jeux \nOlympiques et Paralympiques de Paris 2024, pr\u00e9sent\u00e9 e \u00e0 l'unit\u00e9 d\u00e9partementale de l'architecture et \ndu patrimoine de Paris le 05/07/2024 et enregistr\u00e9 sous le num\u00e9ro AS 075 107 24 V0005 ;  \nVu l'avis favorable l'Architecte des B\u00e2timents de F rance en date du 09/07/2024 et portant sur \nl'autorisation sp\u00e9ciale 075 107 24 V0005.  \n \nARR\u00caTE \n \nARTICLE 1er  : L'autorisation sp\u00e9ciale de travaux as 075 107 24 V0 005, pr\u00e9vues par les articles susvis\u00e9s \ndu code du patrimoine, concernant les installations  temporaires du  Wrestling House dans le cadre des \njeux Olympiques et Paralympiques de Paris 2024 situ \u00e9 Port de Suffren dans le 7\u00e8me arrondissement, est \naccord\u00e9e ;  \n \nARTICLE 2 : Le pr\u00e9fet de Paris, pr\u00e9fet de la r\u00e9gion d'\u00cele de F rance, est charg\u00e9 de l'ex\u00e9cution du pr\u00e9sent \narr\u00eat\u00e9 qui sera publi\u00e9 au recueil des actes adminis tratifs de la pr\u00e9fecture de r\u00e9gion d'\u00cele-de-France,  \npr\u00e9fecture de Paris, accessible sur le site interne t de la pr\u00e9fecture de la r\u00e9gion d'\u00cele de France, \npr\u00e9fecture de Paris : www.ile-de-France.gouv.fr et dont copie sera notifi\u00e9e au Maire de Paris. \n \n \nFait \u00e0 Paris, le 11 juillet 2024 \nPour le Pr\u00e9fet de Paris, et par subd\u00e9l\u00e9gation, \nle Chef de l'unit\u00e9 d\u00e9partementale \nde l'architecture et du patrimoine de Paris \nSign\u00e9 \nFr\u00e9d\u00e9ric MASVIEL Direction r\u00e9gionale des affaires culturelles d'Ile-de-France  - 75-2024-07-11-00031 - Arr\u00eat\u00e9 N\u00b02024-135 - Autorisation sp\u00e9ciale de travaux\nconcernant les installations temporaires du Wrestling House dans le cadre des Jeux Olympiques et Paralympiques de Paris 2024 - Port\nde Suffren - 7\u00e8me arrondissement de Paris57\n \n \n47, rue Le Peletier \u2013 75009 PARIS  \n 2Informations importantes  \n\u2022 Le pr\u00e9sent arr\u00eat\u00e9 est d\u00e9livr\u00e9 sans pr\u00e9judice du dro it des tiers (obligations contractuelles, servitude s  \nde droit priv\u00e9, etc\u2026) \n\u2022 L'autorisation est sous r\u00e9serve de l'obtention de l 'accord du propri\u00e9taire de l'immeuble.  \n\u2022 Recours  : le titulaire de la pr\u00e9sente d\u00e9cision, qui d\u00e9sire la contester, peut saisir le tribunal \nadministratif comp\u00e9tent, d'un recours contentieux d ans les 2 mois \u00e0 partir de la notification de l'arr \u00eat\u00e9 \nattaqu\u00e9. Il peut \u00e9galement saisir le pr\u00e9fet d'un re cours gracieux. Cette derni\u00e8re d\u00e9marche prolonge le  \nd\u00e9lai du recours contentieux qui doit, alors, \u00eatre introduit dans les 2 mois suivant la r\u00e9ponse (l'abs ence \nde r\u00e9ponse au terme d'un d\u00e9lai de 4 mois vaut rejet  implicite). Direction r\u00e9gionale des affaires culturelles d'Ile-de-France  - 75-2024-07-11-00031 - Arr\u00eat\u00e9 N\u00b02024-135 - Autorisation sp\u00e9ciale de travaux\nconcernant les installations temporaires du Wrestling House dans le cadre des Jeux Olympiques et Paralympiques de Paris 2024 - Port\nde Suffren - 7\u00e8me arrondissement de Paris58\nPr\u00e9fecture de Police\n75-2024-07-12-00002\nArr\u00eat\u00e9 2024-00977 autorisant la captation,\nl?enregistrement et la transmission d?images au\nmoyen d?une cam\u00e9ra install\u00e9e sur un h\u00e9licopt\u00e8re\n\u00e0 Paris et dans le d\u00e9partement des\nHauts-de-Seine \u00e0 l?occasion de la f\u00eate nationale\ndu 14 juillet\nPr\u00e9fecture de Police - 75-2024-07-12-00002 - Arr\u00eat\u00e9 2024-00977 autorisant la captation, l?enregistrement et la transmission d?images\nau moyen d?une cam\u00e9ra install\u00e9e sur un h\u00e9licopt\u00e8re \u00e0 Paris et dans le d\u00e9partement des Hauts-de-Seine \u00e0 l?occasion de la f\u00eate\nnationale du 14 juillet59\nPREFECTURE  P\nDE POLICE\nLibert\u00e9  4\nEgalit\u00e9\nFraternit\u00e9\nCABINET DU PREFET\nArr\u00eat\u00e9 2024-00977 \nautorisant la captation, l'enregistrement et la transmission d'images au moyen\nd'une cam\u00e9ra install\u00e9e sur un h\u00e9licopt\u00e8re \u00e0 Paris et dans le d\u00e9partement des Hauts-de-Seine \u00e0\nl'occasion de la f\u00eate nationale du 14 juillet\nLe pr\u00e9fet de police, \nVu le code de la s\u00e9curit\u00e9 int\u00e9rieure, notamment ses articles L. 242-1 \u00e0 L. \u00a0242-8 et R.\u00a0242-8\n\u00e0 R. 242-15 ;\nVu le d\u00e9cret n\u00b0 2004-374 modifi\u00e9 du 29 avril 2004 relatif aux pouvoirs des pr\u00e9fets, \u00e0\nl'organisation et \u00e0 l'action des services de l'Etat dans les r\u00e9gions et d\u00e9partements \u00a0;\nVu le d\u00e9cret du 20 juillet 2022 par lequel M. Laurent NU\u00d1EZ, pr\u00e9fet, coordonnateur\nnational du renseignement et de la lutte contre le terrorisme, est nomm\u00e9 pr\u00e9fet de police (hors\nclasse)\u00a0;\nVu l'arr\u00eat\u00e9 du 19 avril 2023 relatif au nombre maximal de cam\u00e9ras install\u00e9es sur des\na\u00e9ronefs pouvant \u00eatre simultan\u00e9ment utilis\u00e9es dans chaque d\u00e9partement et collectivit\u00e9 d'outre-\nmer\u00a0;\nVu l'instruction minist\u00e9rielle NOR IOMD2311883J du 30 avril 2023 relative \u00e0 la proc\u00e9dure\nd'autorisation  des  cam\u00e9ras  install\u00e9es  sur  des  a\u00e9ronefs  pour  des  missions  de  police\nadministrative ;\nVu les demandes en date du 9 juillet 2024  form\u00e9es par la direction de la s\u00e9curit\u00e9 de\nproximit\u00e9  de  l'agglom\u00e9ration  parisienne  (DSPAP)  visant  \u00e0  obtenir  l'autorisation  de  capter,\nd'enregistrer et de transmettre des images au moyen de cam\u00e9ras install\u00e9es sur un h\u00e9licopt\u00e8re\nafin d'assurer la pr\u00e9vention des atteintes \u00e0 la s\u00e9curit\u00e9 des personnes et des biens le vendredi 12\njuillet et le samedi 13 juillet 2024, de 14h00 \u00e0 18h00 \u00e0 Paris et dans le d\u00e9partement des Hauts-de-\nSeine, \u00e0 l'occasion de la f\u00eate nationale du 14 juillet 2024 \u00a0;\nConsid\u00e9rant  que  les  dispositions  du  I  de  l'article  L.  242-5  du  code  de  la  s\u00e9curit\u00e9\nint\u00e9rieure permettent aux forces de s\u00e9curit\u00e9 int\u00e9rieure, dans l'exercice de leurs missions de\npr\u00e9vention des atteintes \u00e0 l'ordre public et de protection de la s\u00e9curit\u00e9 des personnes et des\nbiens, de proc\u00e9der \u00e0 la captation, \u00e0 l'enregistrement et \u00e0 la transmission d'images au moyen de\ncam\u00e9ras install\u00e9es sur un h\u00e9licopt\u00e8re afin de pr\u00e9venir les atteintes \u00e0 la s\u00e9curit\u00e9 des personnes et\ndes biens ; \nConsid\u00e9rant que plusieurs festivit\u00e9s auront lieu les 13 et 14 juillet 2024 \u00e0 Paris et dans le\nd\u00e9partement des Hauts-de-Seine \u00e0 l'occasion de la f\u00eate nationale du 14 juillet, n\u00e9cessitant de\ndisposer d'un appui a\u00e9roport\u00e9 permettant de pr\u00e9venir les atteintes \u00e0 la s\u00e9curit\u00e9 des personnes\net des biens, notamment d'identifier des projectiles susceptibles d'\u00eatre utilis\u00e9s contre les forces\nPr\u00e9fecture de Police - 75-2024-07-12-00002 - Arr\u00eat\u00e9 2024-00977 autorisant la captation, l?enregistrement et la transmission d?images\nau moyen d?une cam\u00e9ra install\u00e9e sur un h\u00e9licopt\u00e8re \u00e0 Paris et dans le d\u00e9partement des Hauts-de-Seine \u00e0 l?occasion de la f\u00eate\nnationale du 14 juillet60\nde l'ordre lors de la f\u00eate nationale du 14 juillet \u00a0;  que compte tenu de ces enjeux, la dur\u00e9e de\nl'autorisation demand\u00e9e n'apparait pas disproportionn\u00e9e ;\nConsid\u00e9rant  que  la  demande  de  la  DSPAP porte  sur  l'engagement  de  deux  cam\u00e9ras\ninstall\u00e9es sur un h\u00e9licopt\u00e8re mobilis\u00e9 en vue de capter, d'enregistrer et de transmettre des\nimages ; que les aires survol\u00e9es sont strictement limit\u00e9es aux zones n\u00e9cessitant de pr\u00e9venir les\natteintes \u00e0 la s\u00e9curit\u00e9 des personnes et des biens r\u00e9guler dans le cadre pr\u00e9cit\u00e9 ;\nSur proposition de la directrice de la s\u00e9curit\u00e9 de proximit\u00e9 de l'agglom\u00e9ration parisienne,\nARRETE  \u00a0  :  \nArticle 1er \u2013 La captation, l'enregistrement et la transmission d'images par la direction de la\ns\u00e9curit\u00e9  de  proximit\u00e9  de  l'agglom\u00e9ration  parisienne  sont  autoris\u00e9s  \u00e0  Paris  et  dans  le\nd\u00e9partement des Hauts-de-Seine le vendredi 12 juillet 2024 et le samedi 13 juillet 2024 au titre\nde la pr\u00e9vention des atteintes \u00e0 la s\u00e9curit\u00e9 des personnes et des biens.\nArticle  2 \u2013  Le  nombre  maximal  de  cam\u00e9ras  pouvant  proc\u00e9der  simultan\u00e9ment  \u00e0  des\nenregistrements est fix\u00e9 \u00e0 2 cam\u00e9ras sur l'h\u00e9licopt\u00e8re mobilis\u00e9.\nArticle 3 \u2013 La pr\u00e9sente autorisation s'applique \u00e0 Paris 17\u00e8me et dans le d\u00e9partement des Hauts-\nde-Seine conform\u00e9ment aux plans figurant en annexe. \nArticle 4 \u2013 La pr\u00e9sente autorisation est d\u00e9livr\u00e9e pour le vendredi 12 juillet 2024 et le samedi 13\njuillet 2024 de 14h00 \u00e0 18h00. \nArticle 5 \u2013 L'information du public est assur\u00e9e par la publication du pr\u00e9sent arr\u00eat\u00e9 aux recueils\ndes actes administratifs du d\u00e9partement de Paris et de la pr\u00e9fecture des Hauts-de-Seine , par sa\nmise en ligne sur le site internet de la pr\u00e9fecture de police ainsi que par une information sur les\nr\u00e9seaux sociaux.\nArticle 6 \u2013 Le registre mentionn\u00e9 \u00e0 l'article L. 242-4 du code de la s\u00e9curit\u00e9 int\u00e9rieure est transmis\nau pr\u00e9fet de police, \u00e0 l'issue de la p\u00e9riode d'autorisation.\nArticle 7 \u2013 Le pr\u00e9fet des Hauts-de-Seine, la pr\u00e9f\u00e8te, directrice de cabinet du pr\u00e9fet de police et\nla directrice de de la s\u00e9curit\u00e9 de proximit\u00e9 de l'agglom\u00e9ration parisienne , sont charg\u00e9s, chacun\nen ce qui le concerne, de l'ex\u00e9cution du pr\u00e9sent arr\u00eat\u00e9, qui entrera en vigueur \u00e0 compter de son \naffichage aux portes de la pr\u00e9fecture de police, sera  publi\u00e9 aux recueils des actes administratifs  du\nd\u00e9partement de Paris  et de la pr\u00e9fecture des Hauts-de-Seine et  consultable sur le site internet de la\npr\u00e9fecture de police (https://www.prefecturedepolice.interieur.gouv.fr ).\nFait \u00e0 Paris, le 12 juillet 2024   \n                                                                                                                \nPour le pr\u00e9fetde polic e\n SIGNE\nLa pr\u00e9f\u00e8te, directrice du cabinet\nMagali CHARBONNEAU\n2024-00977 2Pr\u00e9fecture de Police - 75-2024-07-12-00002 - Arr\u00eat\u00e9 2024-00977 autorisant la captation, l?enregistrement et la transmission d?images\nau moyen d?une cam\u00e9ra install\u00e9e sur un h\u00e9licopt\u00e8re \u00e0 Paris et dans le d\u00e9partement des Hauts-de-Seine \u00e0 l?occasion de la f\u00eate\nnationale du 14 juillet61\nAnnexe de l'arr\u00eat\u00e9 n\u00b02024-00977 du 12 juillet 2024  \nVOIES ET DELAIS DE RECOURS\n_______________________\nSi vous estimez devoir contester la pr\u00e9sente autorisation, il vous est possible, dans un d\u00e9lai de\ndeux mois \u00e0 compter de la date de son affichage ou de sa publication \u00a0:\n-soit de saisir d'un RECOURS GRACIEUX\nle Pr\u00e9fet de Police\n7/9, boulevard du Palais - 75195 PARIS RP\n- ou de former un RECOURS HIERARCHIQUE\n  aupr\u00e8s du Ministre de l'int\u00e9rieur et des outre-mer\n  Direction des libert\u00e9s publiques et des affaires juridiques\n  place Beauvau - 75008 PARIS\n-  soit  de  saisir  d'un  RECOURS  CONTENTIEUX  le  Tribunal  administratif\ncomp\u00e9tent\nAucune de ces voies et recours ne suspend l'application de la pr\u00e9sente d\u00e9cision.\nLes  recours  GRACIEUX  et  HIERARCHIQUE  doivent  \u00eatre  \u00e9crits,  exposer  les\narguments ou faits nouveaux et comprendre la copie de la d\u00e9cision contest\u00e9e.\nLe recours contentieux, qui vise \u00e0 contester la LEGALITE de la pr\u00e9sente d\u00e9cision,\ndoit  \u00e9galement  \u00eatre  \u00e9crit  et  exposer  votre  argumentation  juridique.\nSi vous n'aviez pas de r\u00e9ponse \u00e0 votre recours GRACIEUX ou HIERARCHIQUE\ndans un d\u00e9lai de deux mois \u00e0 compter de la r\u00e9ception de votre recours par\nl'administration, votre demande devra \u00eatre consid\u00e9r\u00e9e comme rejet\u00e9e (d\u00e9cision\nimplicite  de  rejet).\nEn  cas  de  rejet  des  RECOURS  GRACIEUX  ou  HIERARCHIQUE,  le  Tribunal\nadministratif peut \u00eatre saisi d'un recours contentieux dans le d\u00e9lai de deux mois\n\u00e0  compter  de  la  date  de  la  d\u00e9cision  de  rejet.\n2024-00977 3Pr\u00e9fecture de Police - 75-2024-07-12-00002 - Arr\u00eat\u00e9 2024-00977 autorisant la captation, l?enregistrement et la transmission d?images\nau moyen d?une cam\u00e9ra install\u00e9e sur un h\u00e9licopt\u00e8re \u00e0 Paris et dans le d\u00e9partement des Hauts-de-Seine \u00e0 l?occasion de la f\u00eate\nnationale du 14 juillet62\n2024-00977 4Pr\u00e9fecture de Police - 75-2024-07-12-00002 - Arr\u00eat\u00e9 2024-00977 autorisant la captation, l?enregistrement et la transmission d?images\nau moyen d?une cam\u00e9ra install\u00e9e sur un h\u00e9licopt\u00e8re \u00e0 Paris et dans le d\u00e9partement des Hauts-de-Seine \u00e0 l?occasion de la f\u00eate\nnationale du 14 juillet63\nTM eer  > s\u00e0 D oc  - 23\nbe \u00ae\n: : 3 O7 qe  c on ,. 3 of Rue Andr\u00e9 Br\u00e9chet  2 6\nTzanck?  EF os E \u00a7\nv E D PA  D : 6\n2%  oF  Q \u00a9 4 \u00a7 z\nSP 2 de HG 88 ee\n\u00aese % \u00e0 e S Lu a ae45 ~ @@ : geins \u00c0 \"ns oh \"oo 38rd Be.  Boulevatt  Boulevard  \u00a9 5 35Ster  Ss i ar  | \u00e8\n- ere w \u00a9 Bessi\u00e8re:  h + ds Bessieres  | $ 2\n@ qo \u00a9 ? \u00e0 Me >\nS a) \u00b0 Gp. \"9, a * \u00ae \u00a9\u00ff & % 4 Le \"My . Gy \"bw 2?\u00a9 A 2 5 As 6,, es S\n2024-00977Cle\nPR\n2024-00977 5\nPr\u00e9fecture de Police - 75-2024-07-12-00002 - Arr\u00eat\u00e9 2024-00977 autorisant la captation, l?enregistrement et la transmission d?images\nau moyen d?une cam\u00e9ra install\u00e9e sur un h\u00e9licopt\u00e8re \u00e0 Paris et dans le d\u00e9partement des Hauts-de-Seine \u00e0 l?occasion de la f\u00eate\nnationale du 14 juillet64\n2024-0097709SIULag\n2024-00977 6\nPr\u00e9fecture de Police - 75-2024-07-12-00002 - Arr\u00eat\u00e9 2024-00977 autorisant la captation, l?enregistrement et la transmission d?images\nau moyen d?une cam\u00e9ra install\u00e9e sur un h\u00e9licopt\u00e8re \u00e0 Paris et dans le d\u00e9partement des Hauts-de-Seine \u00e0 l?occasion de la f\u00eate\nnationale du 14 juillet65\n2024-00977 7Pr\u00e9fecture de Police - 75-2024-07-12-00002 - Arr\u00eat\u00e9 2024-00977 autorisant la captation, l?enregistrement et la transmission d?images\nau moyen d?une cam\u00e9ra install\u00e9e sur un h\u00e9licopt\u00e8re \u00e0 Paris et dans le d\u00e9partement des Hauts-de-Seine \u00e0 l?occasion de la f\u00eate\nnationale du 14 juillet66\n2024-00977 8\nPr\u00e9fecture de Police - 75-2024-07-12-00002 - Arr\u00eat\u00e9 2024-00977 autorisant la captation, l?enregistrement et la transmission d?images\nau moyen d?une cam\u00e9ra install\u00e9e sur un h\u00e9licopt\u00e8re \u00e0 Paris et dans le d\u00e9partement des Hauts-de-Seine \u00e0 l?occasion de la f\u00eate\nnationale du 14 juillet67\nPr\u00e9fecture de Police\n75-2024-07-10-00022\nArr\u00eat\u00e9 n\u00b0 2024-00953 du 10 juillet 2024 portant\nmesures de police applicables \u00e0 l?occasion des\nJeux Olympiques de Paris du jeudi 11 juillet au\nmardi 13 ao\u00fbt 2024 sur le site du Village\nolympique\nPr\u00e9fecture de Police - 75-2024-07-10-00022 - Arr\u00eat\u00e9 n\u00b0 2024-00953 du 10 juillet 2024 portant mesures de police applicables \u00e0\nl?occasion des Jeux Olympiques de Paris du jeudi 11 juillet au mardi 13 ao\u00fbt 2024 sur le site du Village olympique 68\nMist(.) vm illullmisi mf LU \u00c0\n \nCABINET DU PREFET  \n \n \n \n \n \nArr\u00eat\u00e9 n\u00b0 2024-00953 \nportant mesures de police applicables \u00e0 l'occasion des Jeux Olympiques de Paris du jeudi \n11 juillet au mardi 13 ao\u00fbt 2024 sur le site du Vil lage olympique \n \nLe pr\u00e9fet de police, \n \nVu le r\u00e8glement (CE) n\u00b0 1272/2008 du Parlement euro p\u00e9en et du Conseil du 16 d\u00e9cembre \n2008 modifi\u00e9 relatif \u00e0 la classification, \u00e0 l'\u00e9tiqu etage et \u00e0 l'emballage des substances et des \nm\u00e9langes  ; \n \nVu le code de l'environnement, notamment le chapitr e VII du titre V du livre V  ; \n \nVu le code g\u00e9n\u00e9ral des collectivit\u00e9s territoriales,  notamment ses articles L. 2512-13 et \nL.  2512-14  ; \n \nVu le code p\u00e9nal, notamment ses articles 132-75, 43 1-9, 431-9-1, R.644-5 et R.644-5-1  ; \n \nVu le code de proc\u00e9dure p\u00e9nale, notamment ses artic les 78-2-4, 78-2-5 et R.48-1  ; \n \nVu le code de la s\u00e9curit\u00e9 int\u00e9rieure, notamment ses  articles L. 122-1, 122-2, L. 211-1 et L.  211-\n 2 ;  \n \nVu la loi n\u00b0 2023-380 du 19 mai 2023 relative aux j eux Olympiques et Paralympiques de \n2024 et portant diverses autres dispositions, notam ment son article 14  ; \n \nVu le d\u00e9cret n\u00b0 2004-374 du 29 avril 2004 modifi\u00e9 r elatif aux pouvoirs des pr\u00e9fets, \u00e0 \nl'organisation et \u00e0 l'action des services de l'Etat  dans les r\u00e9gions et d\u00e9partements, \nnotamment ses articles 70, 72 et 73  ; \n \nVu le d\u00e9cret n\u00b0 2023-1120 du 29 novembre 2023 modif iant le d\u00e9cret n\u00b0 2021-1397 du 27 \noctobre 2021 portant application de l'article L. 21 1-11-1 du code de la s\u00e9curit\u00e9 int\u00e9rieure \naux jeux Olympiques et Paralympiques de 2024  ; \n \nVu le d\u00e9cret n\u00b0 2024-107 du 14 f\u00e9vrier 2024 relatif  aux comp\u00e9tences du pr\u00e9fet de police et \n\u00e0 celles du pr\u00e9fet de police des Bouches-du-Rh\u00f4ne p our les jeux Olympiques et \nParalympiques de 2024, ainsi qu'\u00e0 la comp\u00e9tence ter ritoriale de certaines directions de la \npr\u00e9fecture de police  ; \n \nVu le d\u00e9cret du 20 juillet 2022 par lequel M. Laure nt NU\u00d1EZ, pr\u00e9fet, coordonnateur \nnational du renseignement et de la lutte contre le terrorisme, est nomm\u00e9 pr\u00e9fet de police \n(hors classe)  ; \n \nConsid\u00e9rant qu'en application de l'article 1 er  du d\u00e9cret du 14 f\u00e9vrier 2024 susvis\u00e9, le pr\u00e9fet \nde police exerce dans le d\u00e9partement de la Seine-Sa int-Denis les missions de police \nadministrative qui lui sont d\u00e9volues et celles attr ibu\u00e9es au repr\u00e9sentant de l'Etat dans le Pr\u00e9fecture de Police - 75-2024-07-10-00022 - Arr\u00eat\u00e9 n\u00b0 2024-00953 du 10 juillet 2024 portant mesures de police applicables \u00e0\nl?occasion des Jeux Olympiques de Paris du jeudi 11 juillet au mardi 13 ao\u00fbt 2024 sur le site du Village olympique 69\n2024-00953\n2024-00953 2d\u00e9partement par l'article 73 du d\u00e9cret du 29 avril 2004 susvis\u00e9  du 1 er  juillet au 15 \nseptembre 2024  ; \n \nConsid\u00e9rant que, en application de l'article 431-9- 1 du code p\u00e9nal, le fait pour une \npersonne de dissimuler volontairement tout ou parti e de son visage sans motif l\u00e9gitime au \nsein, ou aux abords imm\u00e9diats, d'une manifestation sur la voie publique au cours, ou \u00e0 \nl'issue, de laquelle des troubles \u00e0 l'ordre public sont commis ou risquent d'\u00eatre commis est \npuni d'un an d'emprisonnement et de 15 000 \u20ac d'amen de  ;  \n \nConsid\u00e9rant que sont punis de l'amende pr\u00e9vue pour les contraventions de la 4e classe la \nviolation des interdictions et le manquement aux ob ligations \u00e9dict\u00e9es par arr\u00eat\u00e9s pris sur \nle fondement des pouvoirs de police, en application  de l'article R. 644-5 du code p\u00e9nal \nrelatif \u00e0 l'usage des artifices de divertissement s ur la voie publique et le transport de \nr\u00e9cipients contenant du carburant \u00e0 l'occasion d'\u00e9v \u00e9nements comportant des risques \nd'atteinte \u00e0 la s\u00e9curit\u00e9 publique et l'article R. 6 44-5-1 du code p\u00e9nal qui r\u00e8glemente la \npr\u00e9sence et la circulation des personnes en certain s lieux et \u00e0 certaines heures afin de \npr\u00e9venir la r\u00e9it\u00e9ration d'atteintes graves \u00e0 la s\u00e9c urit\u00e9 publique \u00e0 la suite de ces troubles  ; \nque l'article R. 48-1 du code de proc\u00e9dure p\u00e9nale r end applicable la proc\u00e9dure de \nl'amende forfaitaire pour les contraventions pr\u00e9cit \u00e9es  ; \n \nConsid\u00e9rant que, en application des r\u00e9quisitions \u00e9c rites de la procureure de la R\u00e9publique \npr\u00e8s le tribunal judiciaire de Paris, les officiers  de police judiciaire et, sur l'ordre et sous la \nresponsabilit\u00e9 de ceux-ci, les agents de police jud iciaire, sont autoris\u00e9s \u00e0 proc\u00e9der sur les \nlieux d'une manifestation et \u00e0 ses abords imm\u00e9diats  \u00e0 l'inspection visuelle et \u00e0 la fouille des \nbagages, ainsi qu'\u00e0 la visite de v\u00e9hicules circulan t, arr\u00eat\u00e9s ou stationnant sur la voie \npublique, conform\u00e9ment \u00e0 l'article 78-2-5 du code d e proc\u00e9dure p\u00e9nale  ; \n \nConsid\u00e9rant que les Jeux Olympiques et Paralympique s de Paris 2024, qui se d\u00e9rouleront \nen France du 26 juillet au 8 septembre 2024, ont le  caract\u00e8re d'un \u00e9v\u00e8nement \ninternational hors norme aux enjeux de s\u00e9curit\u00e9 in\u00e9 dits  ; que les grands \u00e9v\u00e8nements \nsportifs, compte tenu de leur exposition m\u00e9diatique , leur concentration de foules et \nl'accueil de personnalit\u00e9s publiques, constituent d es cibles de choix pour des actions \nrevendicatives  ; qu'il existe \u00e0 cette occasion, dans le cadre du d \u00e9roulement des \u00e9preuves, \nun risque que surviennent des rassemblements destin \u00e9s \u00e0 troubler l'ordre public  ; \n \nConsid\u00e9rant que le Village olympique sera install\u00e9 \u00e0 Saint-Denis du jeudi 11 juillet au mardi \n13 ao\u00fbt 2024  ; que les services de police et de gendarmerie sero nt mobilis\u00e9s d'une mani\u00e8re \nin\u00e9dite \u00e0 Paris et partout en Ile-de-France pendant  les Jeux Olympiques de Paris 2024, sans \npr\u00e9judice de leurs suj\u00e9tions habituelles, pour la s \u00e9curisation des sites olympiques, \ninstitutionnels ou gouvernementaux sensibles et des  autres \u00e9v\u00e8nements de voie publique \ndans un contexte de menace terroriste \u00e9lev\u00e9e ayant conduit au rel\u00e8vement du plan \nVIGIPIRATE au niveau \u00ab Urgence attentat \u00bb depuis le  24 mars 2024 sur l'ensemble du \nterritoire national ; \n \nConsid\u00e9rant enfin qu'il appartient \u00e0 l'autorit\u00e9 de police comp\u00e9tente de concilier l'exercice \ndu droit de manifester avec les imp\u00e9ratifs de l'ord re public  ; que, dans ce cadre, elle se \ndoit de prendre les mesures de nature \u00e0 pr\u00e9venir, o utre les infractions \u00e0 la loi p\u00e9nale, les \ntroubles \u00e0 l'ordre public \u00e0 partir de l'appr\u00e9ciatio n qu'elle fait du risque qu'ils surviennent  ; \nque r\u00e9pond \u00e0 ces objectifs une mesure qui d\u00e9finit u n p\u00e9rim\u00e8tre dans lequel des \nrestrictions sont mises en \u0153uvre, notamment \u00e0 l'\u00e9ga rd de rassemblements pr\u00e9sentant des \nrisques de troubles graves \u00e0 l'ordre public afin de  garantir la s\u00e9curit\u00e9 des personnes et des \nbiens  ; \n \n \n Pr\u00e9fecture de Police - 75-2024-07-10-00022 - Arr\u00eat\u00e9 n\u00b0 2024-00953 du 10 juillet 2024 portant mesures de police applicables \u00e0\nl?occasion des Jeux Olympiques de Paris du jeudi 11 juillet au mardi 13 ao\u00fbt 2024 sur le site du Village olympique 70\n2024-00953\n2024-00953 3ARRETE  \n \nTITRE PREMIER  \nMESURES INTERDISANT TOUT RASSEMBLEMENT NON DECLARE SUR LE SITE DU VILLAGE OLYMPIQUE  \n \nArticle 1 er  \u2013 La pr\u00e9sence et la circulation des personnes part icipant \u00e0 des cort\u00e8ges, d\u00e9fil\u00e9s \net rassemblements non d\u00e9clar\u00e9s  dans les conditions fix\u00e9es par la loi sont interdit s en Seine-\nSaint-Denis dans le p\u00e9rim\u00e8tre d\u00e9limit\u00e9 g\u00e9ographique ment conform\u00e9ment au plan joint en \nannexe du jeudi 11 juillet 2024 \u00e0 14h00 au mardi 13  ao\u00fbt 2024 \u00e0 18h00. \n \nTITRE II \nMESURES DE POLICE APPLICABLES AUX ABORDS ET AU SEIN  DES CORTEGES , DEFILES ET RASSEMBLEMENTS \nAU SEIN DU PERIMETRE  \n \nArticle 2  - Dans le p\u00e9rim\u00e8tre institu\u00e9 par l'article 1 er  et durant la p\u00e9riode mentionn\u00e9e par ce \nm\u00eame article sont interdits aux abords et au sein d es cort\u00e8ges, d\u00e9fil\u00e9s et rassemblements \nle port et le transport par des particuliers, sans motif l\u00e9gitime  : \n- d'armes par nature et de tous objets susceptibles d e constituer une arme au sens de \nl'article 132-75 du code p\u00e9nal  ; \n- d'artifices de divertissement et d'articles pyrotec hniques  ; \n- dans des conteneurs individuels, de substances ou d e m\u00e9langes dangereux, \ninflammables ou corrosifs, au sens du r\u00e8glement (CE ) n\u00b0 1272/2008 du Parlement \neurop\u00e9en et du Conseil du 16 d\u00e9cembre 2008 susvis\u00e9,  tels que l'essence, le p\u00e9trole, le \ngaz, l'alcool \u00e0 br\u00fbler, le m\u00e9thanol, la t\u00e9r\u00e9benthin e, les solvants  ; \n- d'\u00e9quipements de protection destin\u00e9 \u00e0 mettre en \u00e9ch ec tout ou partie des moyens \nutilis\u00e9s par les repr\u00e9sentants de la force publique  pour le maintien de l'ordre public.  \n \n \nTITRE III \nDISPOSITIONS FINALES  \n \nArticle 3  - Les repr\u00e9sentants sur place de l'autorit\u00e9 de pol ice sont autoris\u00e9s \u00e0 prendre des \nmesures compl\u00e9mentaires \u00e0 celles fix\u00e9es par le pr\u00e9s ent arr\u00eat\u00e9, en fonction de l'\u00e9volution \nde la situation et lorsque les circonstances l'exig ent. \n \nArticle 4 \u2013 Le pr\u00e9fet de Seine-Saint-Denis, la pr\u00e9f\u00e8te, directr ice du cabinet du pr\u00e9fet de \npolice, le directeur de l'ordre public et de la cir culation et la directrice de la s\u00e9curit\u00e9 de \nproximit\u00e9 de l'agglom\u00e9ration parisienne sont charg\u00e9 s, chacun en ce qui le concerne, de \nl'ex\u00e9cution du pr\u00e9sent arr\u00eat\u00e9 qui entrera en vigueu r d\u00e8s son affichage aux portes de la \npr\u00e9fecture de police, sera publi\u00e9 aux recueils des actes administratifs du d\u00e9partement de \nParis et de la pr\u00e9fecture de Seine-Saint-Denis, con sultable sur le site internet de la \npr\u00e9fecture de police ( https://www.prefecturedepolice.interieur.gouv.fr ), transmis \u00e0 la \nprocureure de la R\u00e9publique pr\u00e8s le tribunal judici aire de Paris et au procureur de la \nR\u00e9publique pr\u00e8s le tribunal judiciaire de Bobigny. \n \nFait \u00e0 Paris, le 10 juillet 2024 \nSIGN\u00c9 \nPour le pr\u00e9fet de police \nLa pr\u00e9f\u00e8te, directrice de cabinet,  \nMagali CHABONNEAU Pr\u00e9fecture de Police - 75-2024-07-10-00022 - Arr\u00eat\u00e9 n\u00b0 2024-00953 du 10 juillet 2024 portant mesures de police applicables \u00e0\nl?occasion des Jeux Olympiques de Paris du jeudi 11 juillet au mardi 13 ao\u00fbt 2024 sur le site du Village olympique 71\n2024-00953\n2024-00953 4Annexe de l'arr\u00eat\u00e9 n\u00b0 2024-00953 du 10 juillet 2024   \n \n \n \nVOIES ET DELAIS DE RECOURS  \n_______________________  \n \n \n \nSi vous estimez devoir contester le pr\u00e9sent arr\u00eat\u00e9,  il vous est possible, dans un \nd\u00e9lai de deux mois \u00e0 compter de la date de son affi chage ou de sa publication au recueil \ndes actes administratifs du d\u00e9partement de Paris :  \n \n \n- soit de saisir d'un RECOURS GRACIEUX  \nle Pr\u00e9fet de Police  \n7/9, boulevard du Palais - 75195 PARIS RP  \n \n- ou de former un RECOURS HIERARCHIQUE  \n  aupr\u00e8s du Ministre de l'int\u00e9rieur  \n  Direction des libert\u00e9s publiques et des affaires juridiques  \n  place Beauvau - 75008 PARIS  \n \n- soit de saisir d'un RECOURS CONTENTIEUX  \nle Tribunal administratif comp\u00e9tent  \n \n \nAucune de ces voies et recours ne suspend l'applica tion de la pr\u00e9sente d\u00e9cision.  \n \nLes recours GRACIEUX et HIERARCHIQUE doivent \u00eatre \u00e9 crits, exposer les \narguments ou faits nouveaux et comprendre la copie de l'arr\u00eat\u00e9 contest\u00e9.  \n \nLe recours CONTENTIEUX, qui vise \u00e0 contester la LEG ALITE de la pr\u00e9sente \nd\u00e9cision, doit \u00e9galement \u00eatre \u00e9crit et exposer votr e argumentation juridique.  \n \nSi vous n'aviez pas de r\u00e9ponse \u00e0 votre recours GRAC IEUX ou HIERARCHIQUE \ndans un d\u00e9lai de deux mois \u00e0 compter de la r\u00e9ceptio n de votre recours par l'administration, \nvotre demande devra \u00eatre consid\u00e9r\u00e9e comme rejet\u00e9e ( d\u00e9cision implicite de rejet).  \n \nEn cas de rejet des recours GRACIEUX ou HIERARCHIQU E, le Tribunal \nadministratif peut \u00eatre saisi d'un recours contenti eux dans le d\u00e9lai de deux mois \u00e0 compter \nde la date de la d\u00e9cision de rejet.  \n \n Pr\u00e9fecture de Police - 75-2024-07-10-00022 - Arr\u00eat\u00e9 n\u00b0 2024-00953 du 10 juillet 2024 portant mesures de police applicables \u00e0\nl?occasion des Jeux Olympiques de Paris du jeudi 11 juillet au mardi 13 ao\u00fbt 2024 sur le site du Village olympique 72\n2024-00953\n2024-00953 5 Pr\u00e9fecture de Police - 75-2024-07-10-00022 - Arr\u00eat\u00e9 n\u00b0 2024-00953 du 10 juillet 2024 portant mesures de police applicables \u00e0\nl?occasion des Jeux Olympiques de Paris du jeudi 11 juillet au mardi 13 ao\u00fbt 2024 sur le site du Village olympique 73\n2024-00953\n2024-00953 6 \n \nPr\u00e9fecture de Police - 75-2024-07-10-00022 - Arr\u00eat\u00e9 n\u00b0 2024-00953 du 10 juillet 2024 portant mesures de police applicables \u00e0\nl?occasion des Jeux Olympiques de Paris du jeudi 11 juillet au mardi 13 ao\u00fbt 2024 sur le site du Village olympique 74\nPr\u00e9fecture de Police\n75-2024-07-10-00021\nArr\u00eat\u00e9 n\u00b0 2024-00954 du 10 juillet 2024\nportant mesures de police applicables \u00e0\nl?occasion des Jeux Olympiques de Paris du jeudi\n11 juillet au lundi 09 septembre 2024 sur le site\ndu Centre des m\u00e9dias\nPr\u00e9fecture de Police - 75-2024-07-10-00021 - Arr\u00eat\u00e9 n\u00b0 2024-00954 du 10 juillet 2024\nportant mesures de police applicables \u00e0 l?occasion des Jeux Olympiques de Paris du jeudi 11 juillet au lundi 09 septembre 2024 sur le\nsite du Centre des m\u00e9dias75\nMist(.) vm illullmisi mf LU \u00c0\n \nCABINET DU PREFET  \n \n \n \n \n \nArr\u00eat\u00e9 n\u00b0 2024-00954 \nportant mesures de police applicables \u00e0 l'occasion des Jeux Olympiques de Paris du jeudi \n11 juillet au lundi 09 septembre 2024 sur le site d u Centre des m\u00e9dias \n \nLe pr\u00e9fet de police, \n \nVu le r\u00e8glement (CE) n\u00b0 1272/2008 du Parlement euro p\u00e9en et du Conseil du 16 d\u00e9cembre \n2008 modifi\u00e9 relatif \u00e0 la classification, \u00e0 l'\u00e9tiqu etage et \u00e0 l'emballage des substances et des \nm\u00e9langes  ; \n \nVu le code de l'environnement, notamment le chapitr e VII du titre V du livre V  ; \n \nVu le code g\u00e9n\u00e9ral des collectivit\u00e9s territoriales,  notamment ses articles L. 2512-13 et \nL.  2512-14  ; \n \nVu le code p\u00e9nal, notamment ses articles 132-75, 43 1-9, 431-9-1, R.644-5 et R.644-5-1  ; \n \nVu le code de proc\u00e9dure p\u00e9nale, notamment ses artic les 78-2-4, 78-2-5 et R.48-1  ; \n \nVu le code de la s\u00e9curit\u00e9 int\u00e9rieure, notamment ses  articles L. 122-1, 122-2, L. 211-1 et L.  211-\n 2 ;  \n \nVu la loi n\u00b0 2023-380 du 19 mai 2023 relative aux j eux Olympiques et Paralympiques de \n2024 et portant diverses autres dispositions, notam ment son article 14  ; \n \nVu le d\u00e9cret n\u00b0 2004-374 du 29 avril 2004 modifi\u00e9 r elatif aux pouvoirs des pr\u00e9fets, \u00e0 \nl'organisation et \u00e0 l'action des services de l'Etat  dans les r\u00e9gions et d\u00e9partements, \nnotamment ses articles 70, 72 et 73  ; \n \nVu le d\u00e9cret n\u00b0 2023-1120 du 29 novembre 2023 modif iant le d\u00e9cret n\u00b0 2021-1397 du 27 \noctobre 2021 portant application de l'article L. 21 1-11-1 du code de la s\u00e9curit\u00e9 int\u00e9rieure \naux jeux Olympiques et Paralympiques de 2024  ; \n \nVu le d\u00e9cret n\u00b0 2024-107 du 14 f\u00e9vrier 2024 relatif  aux comp\u00e9tences du pr\u00e9fet de police et \n\u00e0 celles du pr\u00e9fet de police des Bouches-du-Rh\u00f4ne p our les jeux Olympiques et \nParalympiques de 2024, ainsi qu'\u00e0 la comp\u00e9tence ter ritoriale de certaines directions de la \npr\u00e9fecture de police  ; \n \nVu le d\u00e9cret du 20 juillet 2022 par lequel M. Laure nt NU\u00d1EZ, pr\u00e9fet, coordonnateur \nnational du renseignement et de la lutte contre le terrorisme, est nomm\u00e9 pr\u00e9fet de police \n(hors classe)  ; \n \nConsid\u00e9rant qu'en application de l'article 1 er  du d\u00e9cret du 14 f\u00e9vrier 2024 susvis\u00e9, le pr\u00e9fet \nde police exerce dans le d\u00e9partement de la Seine-Sa int-Denis les missions de police \nadministrative qui lui sont d\u00e9volues et celles attr ibu\u00e9es au repr\u00e9sentant de l'Etat dans le Pr\u00e9fecture de Police - 75-2024-07-10-00021 - Arr\u00eat\u00e9 n\u00b0 2024-00954 du 10 juillet 2024\nportant mesures de police applicables \u00e0 l?occasion des Jeux Olympiques de Paris du jeudi 11 juillet au lundi 09 septembre 2024 sur le\nsite du Centre des m\u00e9dias76\n2024-00954\n2024-00954 2d\u00e9partement par l'article 73 du d\u00e9cret du 29 avril 2004 susvis\u00e9  du 1 er  juillet au 15 \nseptembre 2024  ; \n \nConsid\u00e9rant que, en application de l'article 431-9- 1 du code p\u00e9nal, le fait pour une \npersonne de dissimuler volontairement tout ou parti e de son visage sans motif l\u00e9gitime au \nsein, ou aux abords imm\u00e9diats, d'une manifestation sur la voie publique au cours, ou \u00e0 \nl'issue, de laquelle des troubles \u00e0 l'ordre public sont commis ou risquent d'\u00eatre commis est \npuni d'un an d'emprisonnement et de 15 000 \u20ac d'amen de  ;  \n \nConsid\u00e9rant que sont punis de l'amende pr\u00e9vue pour les contraventions de la 4e classe la \nviolation des interdictions et le manquement aux ob ligations \u00e9dict\u00e9es par arr\u00eat\u00e9s pris sur \nle fondement des pouvoirs de police, en application  de l'article R. 644-5 du code p\u00e9nal \nrelatif \u00e0 l'usage des artifices de divertissement s ur la voie publique et le transport de \nr\u00e9cipients contenant du carburant \u00e0 l'occasion d'\u00e9v \u00e9nements comportant des risques \nd'atteinte \u00e0 la s\u00e9curit\u00e9 publique et l'article R. 6 44-5-1 du code p\u00e9nal qui r\u00e8glemente la \npr\u00e9sence et la circulation des personnes en certain s lieux et \u00e0 certaines heures afin de \npr\u00e9venir la r\u00e9it\u00e9ration d'atteintes graves \u00e0 la s\u00e9c urit\u00e9 publique \u00e0 la suite de ces troubles  ; \nque l'article R. 48-1 du code de proc\u00e9dure p\u00e9nale r end applicable la proc\u00e9dure de \nl'amende forfaitaire pour les contraventions pr\u00e9cit \u00e9es  ; \n \nConsid\u00e9rant que, en application des r\u00e9quisitions \u00e9c rites de la procureure de la R\u00e9publique \npr\u00e8s le tribunal judiciaire de Paris, les officiers  de police judiciaire et, sur l'ordre et sous la \nresponsabilit\u00e9 de ceux-ci, les agents de police jud iciaire, sont autoris\u00e9s \u00e0 proc\u00e9der sur les \nlieux d'une manifestation et \u00e0 ses abords imm\u00e9diats  \u00e0 l'inspection visuelle et \u00e0 la fouille des \nbagages, ainsi qu'\u00e0 la visite de v\u00e9hicules circulan t, arr\u00eat\u00e9s ou stationnant sur la voie \npublique, conform\u00e9ment \u00e0 l'article 78-2-5 du code d e proc\u00e9dure p\u00e9nale  ; \n \nConsid\u00e9rant que les Jeux Olympiques et Paralympique s de Paris 2024, qui se d\u00e9rouleront \nen France du 26 juillet au 8 septembre 2024, ont le  caract\u00e8re d'un \u00e9v\u00e8nement \ninternational hors norme aux enjeux de s\u00e9curit\u00e9 in\u00e9 dits  ; que les grands \u00e9v\u00e8nements \nsportifs, compte tenu de leur exposition m\u00e9diatique , leur concentration de foules et \nl'accueil de personnalit\u00e9s publiques, constituent d es cibles de choix pour des actions \nrevendicatives  ; qu'il existe \u00e0 cette occasion, dans le cadre du d \u00e9roulement des \u00e9preuves, \nun risque que surviennent des rassemblements destin \u00e9s \u00e0 troubler l'ordre public  ; \n \nConsid\u00e9rant que le Centre des m\u00e9dias sera install\u00e9 au Bourget du jeudi 11 juillet au lundi 9 \nseptembre 2024  ; que les services de police et de gendarmerie sero nt mobilis\u00e9s d'une \nmani\u00e8re in\u00e9dite \u00e0 Paris et partout en Ile-de-France  pendant les Jeux Olympiques de Paris \n2024, sans pr\u00e9judice de leurs suj\u00e9tions habituelles , pour la s\u00e9curisation des sites \nolympiques, institutionnels ou gouvernementaux sens ibles et des autres \u00e9v\u00e8nements de \nvoie publique dans un contexte de menace terroriste  \u00e9lev\u00e9e ayant conduit au rel\u00e8vement \ndu plan VIGIPIRATE au niveau \u00ab Urgence attentat \u00bb d epuis le 24 mars 2024 sur l'ensemble \ndu territoire national ; \n \nConsid\u00e9rant enfin qu'il appartient \u00e0 l'autorit\u00e9 de police comp\u00e9tente de concilier l'exercice \ndu droit de manifester avec les imp\u00e9ratifs de l'ord re public  ; que, dans ce cadre, elle se \ndoit de prendre les mesures de nature \u00e0 pr\u00e9venir, o utre les infractions \u00e0 la loi p\u00e9nale, les \ntroubles \u00e0 l'ordre public \u00e0 partir de l'appr\u00e9ciatio n qu'elle fait du risque qu'ils surviennent  ; \nque r\u00e9pond \u00e0 ces objectifs une mesure qui d\u00e9finit u n p\u00e9rim\u00e8tre dans lequel des \nrestrictions sont mises en \u0153uvre, notamment \u00e0 l'\u00e9ga rd de rassemblements pr\u00e9sentant des \nrisques de troubles graves \u00e0 l'ordre public afin de  garantir la s\u00e9curit\u00e9 des personnes et des \nbiens  ; \n \n \n Pr\u00e9fecture de Police - 75-2024-07-10-00021 - Arr\u00eat\u00e9 n\u00b0 2024-00954 du 10 juillet 2024\nportant mesures de police applicables \u00e0 l?occasion des Jeux Olympiques de Paris du jeudi 11 juillet au lundi 09 septembre 2024 sur le\nsite du Centre des m\u00e9dias77\n2024-00954\n2024-00954 3ARRETE  \n \nTITRE PREMIER  \nMESURES INTERDISANT TOUT RASSEMBLEMENT NON DECLARE SUR LE SITE DU VILLAGE OLYMPIQUE  \n \nArticle 1 er  \u2013 La pr\u00e9sence et la circulation des personnes part icipant \u00e0 des cort\u00e8ges, d\u00e9fil\u00e9s \net rassemblements non d\u00e9clar\u00e9s  dans les conditions fix\u00e9es par la loi sont interdit s en Seine-\nSaint-Denis dans le p\u00e9rim\u00e8tre d\u00e9limit\u00e9 g\u00e9ographique ment conform\u00e9ment au plan joint en \nannexe du jeudi 11 juillet 2024 \u00e0 14h00 au lundi 09  septembre 2024 \u00e0 07h00. \n \nTITRE II \nMESURES DE POLICE APPLICABLES AUX ABORDS ET AU SEIN  DES CORTEGES , DEFILES ET RASSEMBLEMENTS \nAU SEIN DU PERIMETRE  \n \nArticle 2  - Dans le p\u00e9rim\u00e8tre institu\u00e9 par l'article 1 er  et durant la p\u00e9riode mentionn\u00e9e par ce \nm\u00eame article sont interdits aux abords et au sein d es cort\u00e8ges, d\u00e9fil\u00e9s et rassemblements \nle port et le transport par des particuliers, sans motif l\u00e9gitime  : \n- d'armes par nature et de tous objets susceptibles d e constituer une arme au sens de \nl'article 132-75 du code p\u00e9nal  ; \n- d'artifices de divertissement et d'articles pyrotec hniques  ; \n- dans des conteneurs individuels, de substances ou d e m\u00e9langes dangereux, \ninflammables ou corrosifs, au sens du r\u00e8glement (CE ) n\u00b0 1272/2008 du Parlement \neurop\u00e9en et du Conseil du 16 d\u00e9cembre 2008 susvis\u00e9,  tels que l'essence, le p\u00e9trole, le \ngaz, l'alcool \u00e0 br\u00fbler, le m\u00e9thanol, la t\u00e9r\u00e9benthin e, les solvants  ; \n- d'\u00e9quipements de protection destin\u00e9 \u00e0 mettre en \u00e9ch ec tout ou partie des moyens \nutilis\u00e9s par les repr\u00e9sentants de la force publique  pour le maintien de l'ordre public.  \n \n \nTITRE III \nDISPOSITIONS FINALES  \n \nArticle 3  - Les repr\u00e9sentants sur place de l'autorit\u00e9 de pol ice sont autoris\u00e9s \u00e0 prendre des \nmesures compl\u00e9mentaires \u00e0 celles fix\u00e9es par le pr\u00e9s ent arr\u00eat\u00e9, en fonction de l'\u00e9volution \nde la situation et lorsque les circonstances l'exig ent. \n \nArticle 4 \u2013 Le pr\u00e9fet de Seine-Saint-Denis, la pr\u00e9f\u00e8te, directr ice du cabinet du pr\u00e9fet de \npolice, le directeur de l'ordre public et de la cir culation et la directrice de la s\u00e9curit\u00e9 de \nproximit\u00e9 de l'agglom\u00e9ration parisienne sont charg\u00e9 s, chacun en ce qui le concerne, de \nl'ex\u00e9cution du pr\u00e9sent arr\u00eat\u00e9 qui entrera en vigueu r d\u00e8s son affichage aux portes de la \npr\u00e9fecture de police, sera publi\u00e9 aux recueils des actes administratifs du d\u00e9partement de \nParis et de la pr\u00e9fecture de Seine-Saint-Denis, con sultable sur le site internet de la \npr\u00e9fecture de police ( https://www.prefecturedepolice.interieur.gouv.fr ), transmis \u00e0 la \nprocureure de la R\u00e9publique pr\u00e8s le tribunal judici aire de Paris et au procureur de la \nR\u00e9publique pr\u00e8s le tribunal judiciaire de Bobigny. \n \nFait \u00e0 Paris, le 10 juillet 2024  \nSIGN\u00c9 \nPour le pr\u00e9fet de police \nLa pr\u00e9f\u00e8te, directrice de cabinet,  \nMagali CHABONNEAU Pr\u00e9fecture de Police - 75-2024-07-10-00021 - Arr\u00eat\u00e9 n\u00b0 2024-00954 du 10 juillet 2024\nportant mesures de police applicables \u00e0 l?occasion des Jeux Olympiques de Paris du jeudi 11 juillet au lundi 09 septembre 2024 sur le\nsite du Centre des m\u00e9dias78\n2024-00954\n2024-00954 4Annexe de l'arr\u00eat\u00e9 n\u00b0 2024-00954 du 10 juillet 2024   \n \n \n \nVOIES ET DELAIS DE RECOURS  \n_______________________  \n \n \n \nSi vous estimez devoir contester le pr\u00e9sent arr\u00eat\u00e9,  il vous est possible, dans un \nd\u00e9lai de deux mois \u00e0 compter de la date de son affi chage ou de sa publication au recueil \ndes actes administratifs du d\u00e9partement de Paris :  \n \n \n- soit de saisir d'un RECOURS GRACIEUX  \nle Pr\u00e9fet de Police  \n7/9, boulevard du Palais - 75195 PARIS RP  \n \n- ou de former un RECOURS HIERARCHIQUE  \n  aupr\u00e8s du Ministre de l'int\u00e9rieur  \n  Direction des libert\u00e9s publiques et des affaires juridiques  \n  place Beauvau - 75008 PARIS  \n \n- soit de saisir d'un RECOURS CONTENTIEUX  \nle Tribunal administratif comp\u00e9tent  \n \n \nAucune de ces voies et recours ne suspend l'applica tion de la pr\u00e9sente d\u00e9cision.  \n \nLes recours GRACIEUX et HIERARCHIQUE doivent \u00eatre \u00e9 crits, exposer les \narguments ou faits nouveaux et comprendre la copie de l'arr\u00eat\u00e9 contest\u00e9.  \n \nLe recours CONTENTIEUX, qui vise \u00e0 contester la LEG ALITE de la pr\u00e9sente \nd\u00e9cision, doit \u00e9galement \u00eatre \u00e9crit et exposer votr e argumentation juridique.  \n \nSi vous n'aviez pas de r\u00e9ponse \u00e0 votre recours GRAC IEUX ou HIERARCHIQUE \ndans un d\u00e9lai de deux mois \u00e0 compter de la r\u00e9ceptio n de votre recours par l'administration, \nvotre demande devra \u00eatre consid\u00e9r\u00e9e comme rejet\u00e9e ( d\u00e9cision implicite de rejet).  \n \nEn cas de rejet des recours GRACIEUX ou HIERARCHIQU E, le Tribunal \nadministratif peut \u00eatre saisi d'un recours contenti eux dans le d\u00e9lai de deux mois \u00e0 compter \nde la date de la d\u00e9cision de rejet.  Pr\u00e9fecture de Police - 75-2024-07-10-00021 - Arr\u00eat\u00e9 n\u00b0 2024-00954 du 10 juillet 2024\nportant mesures de police applicables \u00e0 l?occasion des Jeux Olympiques de Paris du jeudi 11 juillet au lundi 09 septembre 2024 sur le\nsite du Centre des m\u00e9dias79\n2024-00954\n2024-00954 5 \n \n \n \n \nPr\u00e9fecture de Police - 75-2024-07-10-00021 - Arr\u00eat\u00e9 n\u00b0 2024-00954 du 10 juillet 2024\nportant mesures de police applicables \u00e0 l?occasion des Jeux Olympiques de Paris du jeudi 11 juillet au lundi 09 septembre 2024 sur le\nsite du Centre des m\u00e9dias80\n2024-00954\n2024-00954 6 \n \n Pr\u00e9fecture de Police - 75-2024-07-10-00021 - Arr\u00eat\u00e9 n\u00b0 2024-00954 du 10 juillet 2024\nportant mesures de police applicables \u00e0 l?occasion des Jeux Olympiques de Paris du jeudi 11 juillet au lundi 09 septembre 2024 sur le\nsite du Centre des m\u00e9dias81\nPr\u00e9fecture de Police\n75-2024-07-10-00023\nArr\u00eat\u00e9 n\u00b0 2024-00955 du 10 juillet 2024\nautorisant la captation, l?enregistrement et la\ntransmission d?images au moyen de cam\u00e9ras\ninstall\u00e9es sur des a\u00e9ronefs \u00e0 l?occasion des Jeux\nOlympiques de Paris du 11 juillet 2024 au 13 ao\u00fbt\n2024 en Seine-Saint-Denis\nPr\u00e9fecture de Police - 75-2024-07-10-00023 - Arr\u00eat\u00e9 n\u00b0 2024-00955 du 10 juillet 2024 autorisant la captation, l?enregistrement et la\ntransmission d?images au moyen de cam\u00e9ras install\u00e9es sur des a\u00e9ronefs \u00e0 l?occasion des Jeux Olympiques de Paris du 11 juillet 2024 au\n13 ao\u00fbt 2024 en Seine-Saint-Denis82\nEx\nPREFECTURE\nDE POLICE\nLibert\u00e9\nEgalit\u00e9\nFraternit\u00e9AtLe\nres\n \nCABINET DU PREFET  \n \n \n \n \nArr\u00eat\u00e9 n\u00b0 2024-00955  \nautorisant la captation, l'enregistrement et la tra nsmission d'images au moyen de cam\u00e9ras \ninstall\u00e9es sur des a\u00e9ronefs \u00e0 l'occasion des Jeux O lympiques de Paris du 11 juillet 2024 au \n13 ao\u00fbt 2024 en Seine-Saint-Denis \n \nLe pr\u00e9fet de police, \n \nVu le code de la s\u00e9curit\u00e9 int\u00e9rieure, notamment ses  articles L. 242-1 \u00e0 L. 242-8 et R.  242-  8 \u00e0 \nR. 242-15  ; \n \nVu la loi n\u00b0 2023-380 du 19 mai 2023 relative aux j eux Olympiques et Paralympiques de 2024 \net portant diverses autres dispositions  ; \n \nVu le d\u00e9cret n\u00b0 2004-374 du 29 avril 2004 modifi\u00e9 r elatif aux pouvoirs des pr\u00e9fets, \u00e0 \nl'organisation et \u00e0 l'action des services de l'Etat  dans les r\u00e9gions et d\u00e9partements, \nnotamment ses articles 70, 72 et 73  ; \n \nVu le d\u00e9cret n\u00b02021-1397 du 27 octobre 2021 portant  application de l'article L.  211-  11- 1 du \ncode de la s\u00e9curit\u00e9 int\u00e9rieure aux jeux Olympiques et Paralympiques de 2024  ; \n \nVu le d\u00e9cret n\u00b0 2023-1120 du 29 novembre 2023 modif iant le d\u00e9cret n\u00b0 2021-1397 du 27 \noctobre 2021 portant application de l'article L. 21 1-11-1 du code de la s\u00e9curit\u00e9 int\u00e9rieure aux \njeux Olympiques et Paralympiques de 2024  ; \n \nVu le d\u00e9cret n\u00b0 2024-107 du 14 f\u00e9vrier 2024 relatif  aux comp\u00e9tences du pr\u00e9fet de police et \u00e0 \ncelles du pr\u00e9fet de police des Bouches-du-Rh\u00f4ne pou r les jeux Olympiques et Paralympiques \nde 2024, ainsi qu'\u00e0 la comp\u00e9tence territoriale de c ertaines directions de la pr\u00e9fecture de \npolice  : \n \nVu l'arr\u00eat\u00e9 du 19 avril 2023 relatif au nombre maxi mal de cam\u00e9ras install\u00e9es sur des a\u00e9ronefs \npouvant \u00eatre simultan\u00e9ment utilis\u00e9es dans chaque d\u00e9 partement et collectivit\u00e9 d'outre-\nmer  ; \n \nVu l'instruction minist\u00e9rielle NOR IOMD2311883J du 30 avril 2023 relative \u00e0 la proc\u00e9dure \nd'autorisation des cam\u00e9ras install\u00e9es sur des a\u00e9ron efs pour des missions de police \nadministrative  ; \n \nVu le d\u00e9cret du 20 juillet 2022 par lequel M. Laure nt NU\u00d1EZ, pr\u00e9fet, coordonnateur national \ndu renseignement et de la lutte contre le terrorism e, est nomm\u00e9 pr\u00e9fet de police (hors \nclasse)  ; \n \nVu la demande en date du 02 juillet 2024 form\u00e9e par  la direction de l'ordre public et de la \ncirculation visant \u00e0 obtenir l'autorisation de capt er, d'enregistrer et de transmettre des \nimages au moyen de 8 cam\u00e9ras install\u00e9es sur des a\u00e9r onefs t\u00e9l\u00e9-pilot\u00e9s afin de pr\u00e9venir les \natteintes \u00e0 la s\u00e9curit\u00e9 des personnes et des biens,  d'assurer la s\u00e9curit\u00e9 des rassemblements, Pr\u00e9fecture de Police - 75-2024-07-10-00023 - Arr\u00eat\u00e9 n\u00b0 2024-00955 du 10 juillet 2024 autorisant la captation, l?enregistrement et la\ntransmission d?images au moyen de cam\u00e9ras install\u00e9es sur des a\u00e9ronefs \u00e0 l?occasion des Jeux Olympiques de Paris du 11 juillet 2024 au\n13 ao\u00fbt 2024 en Seine-Saint-Denis83\n2024-00955    2 de pr\u00e9venir les actes de terrorisme et de r\u00e9guler d es flux de transports \u00e0 l'occasion des Jeux \nOlympiques de Paris  sur le site du Village olympique du 11 juillet 2024  au 13 ao\u00fbt 2024  ; \n\uf020\nConsid\u00e9rant que les dispositions du I de l'article L. 242-5 du code de la s\u00e9curit\u00e9 int\u00e9rieure \npermettent aux forces de s\u00e9curit\u00e9 int\u00e9rieure de pro c\u00e9der \u00e0 la captation, \u00e0 l'enregistrement \net \u00e0 la transmission d'images au moyen de 8 cam\u00e9ras  install\u00e9es sur des a\u00e9ronefs aux fins \nd'assurer la pr\u00e9vention des atteintes \u00e0 la s\u00e9curit\u00e9  des personnes et des biens dans des lieux \nparticuli\u00e8rement expos\u00e9s, la s\u00e9curit\u00e9 des rassemble ments de personnes sur la voie publique \nainsi que l'appui des personnels au sol, en vue de leur permettre de maintenir ou de r\u00e9tablir \nl'ordre public lorsque ces rassemblements sont susc eptibles d'entra\u00eener des troubles graves \n\u00e0 l'ordre public, la pr\u00e9vention d'actes terroristes  et la r\u00e9gulation des flux de transport  ; \n \nConsid\u00e9rant que le Village olympique sera install\u00e9 \u00e0 Saint-Denis du jeudi 11 juillet au mardi \n13 ao\u00fbt 2024  ; que les athl\u00e8tes ainsi que des personnalit\u00e9s sero nt pr\u00e9sents aux abords et \u00e0 \nl'int\u00e9rieur du site  ; qu'il importe de pr\u00e9venir les atteintes aux perso nnes et aux biens, les \ntroubles \u00e0 l'ordre public \u00e0 cette occasion et de po uvoir disposer d'un appui par des cam\u00e9ras \na\u00e9roport\u00e9es pour garantir la fluidit\u00e9 des acc\u00e8s aux  transports publics et leur bonne \nr\u00e9gulation eu \u00e9gard \u00e0 l'affluence attendue  ; que les Jeux Olympiques se d\u00e9rouleront par \nailleurs dans un contexte marqu\u00e9 par la menace terr oriste qui sollicite \u00e0 un niveau \u00e9lev\u00e9 les \nforces de s\u00e9curit\u00e9 int\u00e9rieure dans le cadre du plan  VIGIPIRATE \u00ab  Urgence attentat  \u00bb en \nvigueur sur l'ensemble du territoire national depui s le 24 mars 2024  ; \n \nConsid\u00e9rant que le recours \u00e0 des cam\u00e9ras a\u00e9roport\u00e9e s permet de disposer d'une vision en \ngrand angle tout en limitant l'engagement des force s au sol  ; qu'il n'existe pas de dispositif \nmoins intrusif permettant de parvenir aux m\u00eames fin s  ; \n \nConsid\u00e9rant que la demande de la direction de l'ord re public et de la circulation porte sur \nl'engagement de 8 cam\u00e9ras a\u00e9roport\u00e9es qui pourront \u00eatre en vol simultan\u00e9ment en vue de \ncapter, d'enregistrer et de transmettre des images  ; que les aires survol\u00e9es sont strictement \nlimit\u00e9es aux zones o\u00f9 seront mises en \u0153uvre les fin alit\u00e9s susvis\u00e9es  ; que la dur\u00e9e de \nl'autorisation demand\u00e9e n'appara\u00eet pas disproportio nn\u00e9e au regard de ces m\u00eames finalit\u00e9s  ; \n \nSur proposition de la direction de l'ordre public e t de la circulation, \n \n \n  Pr\u00e9fecture de Police - 75-2024-07-10-00023 - Arr\u00eat\u00e9 n\u00b0 2024-00955 du 10 juillet 2024 autorisant la captation, l?enregistrement et la\ntransmission d?images au moyen de cam\u00e9ras install\u00e9es sur des a\u00e9ronefs \u00e0 l?occasion des Jeux Olympiques de Paris du 11 juillet 2024 au\n13 ao\u00fbt 2024 en Seine-Saint-Denis84\n2024-00955    3 ARRETE  : \n \nArticle 1 er  \u2013 La captation, l'enregistrement et la transmissio n d'images par la direction de \nl'ordre public et de la circulation sont autoris\u00e9s en Seine-Saint-Denis dans le cadre des Jeux \nOlympiques de Paris 2024 sur le site du Village oly mpique aux titres de  : \n- la pr\u00e9vention des atteintes \u00e0 la s\u00e9curit\u00e9 des perso nnes et des biens  ; \n- la s\u00e9curit\u00e9 des rassemblements  ; \n- la pr\u00e9vention d'actes de terrorisme  ; \n- la r\u00e9gulation des flux de transports. \n \nArticle 2  \u2013 Le nombre maximal de cam\u00e9ras pouvant proc\u00e9der si multan\u00e9ment \u00e0 des \nenregistrements est fix\u00e9 \u00e0 8 cam\u00e9ras embarqu\u00e9es sur  des a\u00e9ronefs t\u00e9l\u00e9-pilot\u00e9s. \n \nArticle 3  \u2013 La pr\u00e9sente autorisation s'applique aux villes d e Saint-Denis, de Saint-Ouen-sur-\nSeine et de l'\u00cele-Saint-Denis. \n \nArticle 4  \u2013 La pr\u00e9sente autorisation est d\u00e9livr\u00e9e du jeudi 1 1 juillet 2024 \u00e0 14h00 au mardi 13 \nao\u00fbt 2024 \u00e0 18h00. \n \nArticle 5  \u2013 L'information du public est assur\u00e9e par la publi cation de l'arr\u00eat\u00e9 aux recueils des \nactes administratifs du d\u00e9partement de Paris et de la pr\u00e9fecture de Seine-Saint-Denis, sa \nmise en ligne sur le site internet de la pr\u00e9fecture  de police ainsi que par une information sur \nles r\u00e9seaux sociaux. \n \nArticle 6  \u2013 Le registre mentionn\u00e9 \u00e0 l'article L. 242-4 du co de de la s\u00e9curit\u00e9 int\u00e9rieure est \ntransmis au pr\u00e9fet de police, \u00e0 l'issue de la p\u00e9rio de d'autorisation. \n \nArticle 7 \u2013 Le pr\u00e9fet de la Seine-Saint-Denis, la pr\u00e9f\u00e8te, dire ctrice du cabinet du pr\u00e9fet de \npolice et le directeur de l'ordre public et de la c irculation sont charg\u00e9s, chacun en ce qui le \nconcerne, de l'ex\u00e9cution du pr\u00e9sent arr\u00eat\u00e9 qui entr era en vigueur d\u00e8s son affichage aux \nportes de la pr\u00e9fecture de police, sera publi\u00e9 aux recueils des actes administratifs du \nd\u00e9partement de Paris et de la pr\u00e9fecture de Seine-S aint-Denis et consultable sur le site \ninternet de la pr\u00e9fecture de police (https://www.pr efecturedepolice.interieur.gouv.fr). \n \nFait \u00e0 Paris, le 10 juillet 2024 \n \nSIGN\u00c9 \nPour le pr\u00e9fet de police \nLa pr\u00e9f\u00e8te, directrice de cabinet,  \nMagali CHABONNEAU  \n  Pr\u00e9fecture de Police - 75-2024-07-10-00023 - Arr\u00eat\u00e9 n\u00b0 2024-00955 du 10 juillet 2024 autorisant la captation, l?enregistrement et la\ntransmission d?images au moyen de cam\u00e9ras install\u00e9es sur des a\u00e9ronefs \u00e0 l?occasion des Jeux Olympiques de Paris du 11 juillet 2024 au\n13 ao\u00fbt 2024 en Seine-Saint-Denis85\n2024-00955    4 Annexe de l'arr\u00eat\u00e9 n\u00b0 2024-00955 du 10 juillet 2024  \n \n \nVOIES ET DELAIS DE RECOURS  \n_______________________ \n \n \n \nSi vous estimez devoir contester la pr\u00e9sente autori sation, il vous est possible, dans un d\u00e9lai \nde deux mois \u00e0 compter de la date de son affichage ou de sa publication  : \n \n \n- soit de saisir d'un RECOURS GRACIEUX  \nle Pr\u00e9fet de Police  \n7/9, boulevard du Palais - 75195 PARIS RP  \n \n- ou de former un RECOURS HIERARCHIQUE  \n  aupr\u00e8s du Ministre de l'int\u00e9rieur et des outre-me r  \n  Direction des libert\u00e9s publiques et des affaires juridiques  \n  place Beauvau - 75008 PARIS  \n \n- soit de saisir d'un RECOURS CONTENTIEUX  \nle Tribunal administratif comp\u00e9tent  \n \n \nAucune de ces voies et recours ne suspend l'applica tion de la pr\u00e9sente d\u00e9cision. \n \nLes recours GRACIEUX et HIERARCHIQUE doivent \u00eatre \u00e9 crits, exposer les arguments ou \nfaits nouveaux et comprendre la copie de la d\u00e9cisio n contest\u00e9e. \n \nLe recours contentieux, qui vise \u00e0 contester la LEG ALITE de la pr\u00e9sente d\u00e9cision, doit \n\u00e9galement \u00eatre \u00e9crit et exposer votre argumentation  juridique. \n \nSi vous n'aviez pas de r\u00e9ponse \u00e0 votre recours GRAC IEUX ou HIERARCHIQUE dans un d\u00e9lai \nde deux mois \u00e0 compter de la r\u00e9ception de votre rec ours par l'administration, votre \ndemande devra \u00eatre consid\u00e9r\u00e9e comme rejet\u00e9e (d\u00e9cisi on implicite de rejet). \n \nEn cas de rejet des RECOURS GRACIEUX ou HIERARCHIQU E, le Tribunal administratif peut \n\u00eatre saisi d'un recours contentieux dans le d\u00e9lai d e deux mois \u00e0 compter de la date de la \nd\u00e9cision de rejet.  \n \n \n Pr\u00e9fecture de Police - 75-2024-07-10-00023 - Arr\u00eat\u00e9 n\u00b0 2024-00955 du 10 juillet 2024 autorisant la captation, l?enregistrement et la\ntransmission d?images au moyen de cam\u00e9ras install\u00e9es sur des a\u00e9ronefs \u00e0 l?occasion des Jeux Olympiques de Paris du 11 juillet 2024 au\n13 ao\u00fbt 2024 en Seine-Saint-Denis86\nPr\u00e9fecture de Police\n75-2024-07-11-00033\nArr\u00eat\u00e9 n\u00b02024-00975 du 11 juillet 2024 modifiant\nl?arr\u00eat\u00e9 n\u00b02024-00928 du 9 juillet 2024 modifiant\nprovisoirement le stationnement dans plusieurs\nvoies de Paris du 13 au 16 juillet 2024 \u00e0 l?occasion\ndu passage du relais de la Flamme olympique\nPr\u00e9fecture de Police - 75-2024-07-11-00033 - Arr\u00eat\u00e9 n\u00b02024-00975 du 11 juillet 2024 modifiant l?arr\u00eat\u00e9 n\u00b02024-00928 du 9 juillet 2024\nmodifiant provisoirement le stationnement dans plusieurs voies de Paris du 13 au 16 juillet 2024 \u00e0 l?occasion du passage du relais de la\nFlamme olympique87\n \nCABINET DU PREFET \n \nParis, le 11 juillet 2024 \nARRETE N\u00b02024-00975 \nmodifiant l'arr\u00eat\u00e9 n\u00b02024-00928 du 9 juillet 2024 \nmodifiant provisoirement le stationnement \ndans plusieurs voies de Paris du 13 au 16 juillet 20 24 \n\u00e0 l'occasion du passage du relais de la Flamme olym pique \nLE PREFET DE POLICE \nVu le code g\u00e9n\u00e9ral des collectivit\u00e9s territoriales,  notamment ses articles L.2512-13 \net L.2512-14  ; \nVu le code de la route, notamment ses articles L.32 5-1 \u00e0 L.325-3, R.411-8 et \nR.411-25 ; \nVu l'arr\u00eat\u00e9 n\u00b02024-00928 du 9 juillet 2024 modifian t provisoirement le \nstationnement dans plusieurs voies de Paris du 13 a u 16 juillet 2024 \u00e0 l'occasion du \npassage du Relais de la Flamme Olympique ;  \nVu l'avis de la Ville de Paris en date du 11 juille t 2024 ; \nConsid\u00e9rant le passage du relais de la Flamme olymp ique \u00e0 Paris les 14 et 15 juillet \n2024 \u00e0 l'occasion des Jeux olympiques et paralympiq ues de Paris 2024 ; \nConsid\u00e9rant que pour garantir le bon d\u00e9roulement de  cet \u00e9v\u00e8nement, il convient \nde modifier les r\u00e8gles de stationnement dans plusie urs voies \u00e0 Paris Centre, Paris 6\u00e8me , \n8\u00e8me , Paris 9 \u00e8me , Paris 10 \u00e8me , Paris 11 \u00e8me , Paris 13 \u00e8me , Paris 15\u00e8me , Paris 16 \u00e8me , Paris 18 \u00e8me , Paris \n19 \u00e8me  et Paris 20 \u00e8me  ; \nSur proposition de la pr\u00e9f\u00e8te, directrice du cabine t  : \nARRETE \nArticle 1 er   \nL'article 1 de l'arr\u00eat\u00e9 n\u00b02024-00928 du 09 juillet 2024 susvis\u00e9 est modifi\u00e9 comme \nsuit  : \n\u00ab Le stationnement de tout type de v\u00e9hicule est inter dit du 13 juillet 2024 \u00e0 partir \nde 06h00 au 15 juillet 2024 \u00e0 01h00 sur les voies e t portions de voies suivantes  : \n\u2022 A Paris Centre et Paris 8 \u00e8me  :  \n- rue du pont Louis-Philippe  ; \n- rue Vieille du Temple, entre la rue de Rivoli et la  rue des Francs Bourgeois  ; \n- rue des Francs Bourgeois, entre la rue Vieille du T emple et la rue de Turenne  ; Pr\u00e9fecture de Police - 75-2024-07-11-00033 - Arr\u00eat\u00e9 n\u00b02024-00975 du 11 juillet 2024 modifiant l?arr\u00eat\u00e9 n\u00b02024-00928 du 9 juillet 2024\nmodifiant provisoirement le stationnement dans plusieurs voies de Paris du 13 au 16 juillet 2024 \u00e0 l?occasion du passage du relais de la\nFlamme olympique88\n 2 - rue de Birague  ; \n- rue d'Aboukir, entre la place des Victoires et la r ue du Louvre  ; \n- rue de la Tacherie  ; \n- rue Saint-Honor\u00e9, entre la rue Royale et la rue de Castiglione  ; \n- avenue Dutuit  ; \n- rue des Tournelles, entre les n os  13 et n\u00b019 . \n\u2022 A Paris 6\u00e8me  : \n- rue Palatine, c\u00f4t\u00e9 pair uniquement  ;  \n\u2022 A Paris 9 \u00e8me  : \n- rue de Dunkerque, entre le boulevard de Magenta et la rue Marguerite de \nRochechouart  ;  \n- rue des Martyrs, entre l'avenue de Trudaine et la r ue Notre-Dame de Lorette  ; \n\u2022 A Paris 10 \u00e8me  : \n- quai de Jemmapes, entre la rue du Faubourg du Templ e et le rue Alibert  ; \n\u2022 A Paris 19 \u00e8me  : \n- place du Colonel Fabien.  \u00bb \nArticle 2 \nL'article 2 de l'arr\u00eat\u00e9 n\u00b02024-00928 du 09 juillet 2024 susvis\u00e9 est modifi\u00e9 comme \nsuit  : \n\u00ab Le stationnement de tout type de v\u00e9hicule est inter dit du 13 juillet 2024 \u00e0 partir \nde 06h00 au 16 juillet 2024 \u00e0 01h00 sur les voies e t portions de voies suivantes  : \n\u2022 A Paris 5\u00e8me  : \n- rue Geoffroy Saint-Hilaire, entre la rue Lac\u00e9p\u00e8de e t la rue Daubenton  ; \n\u2022 A Paris 10\u00e8me  : \n- quai de Jemmapes, entre le boulevard de la Villette  et la rue Louis Blanc  ; \n\u2022 A Paris 11 \u00e8me  : \n- rue de la Roquette, entre la rue du Faubourg Saint- Antoine et l'avenue Ledru-\nRollin  ; \n\u2022 A Paris 13 \u00e8me  : \n- rue Barrault, entre le boulevard Auguste Blanqui et  la rue Alphand  ; \n- rue Rubens, entre le boulevard de l'H\u00f4pital et la r ue Primatice  ; \n- rue Neuve Tolbiac, entre les n os  2 et 30  ; \n- boulevard Vincent Auriol, au droit du n\u00b0 155  ; \n- rue Abel Hovelacque, entre les n os 33 et 38  ; Pr\u00e9fecture de Police - 75-2024-07-11-00033 - Arr\u00eat\u00e9 n\u00b02024-00975 du 11 juillet 2024 modifiant l?arr\u00eat\u00e9 n\u00b02024-00928 du 9 juillet 2024\nmodifiant provisoirement le stationnement dans plusieurs voies de Paris du 13 au 16 juillet 2024 \u00e0 l?occasion du passage du relais de la\nFlamme olympique89\n 3 \u2022 A Paris 15 \u00e8me  : \n- rue N\u00e9laton, entre le boulevard de Grenelle et la r ue Nocard  ; \n- rue Th\u00e9ophraste Renaudot, c\u00f4t\u00e9 square Saint-Lambert  ; entre la rue Jean \nFormig\u00e9 et la rue L\u00e9on Lhermitte  ; \n- boulevard Pasteur, entre les n os  58 et 62 (deux-roues uniquement) ; \n- boulevard Pasteur, entre les n os 37 et 39  ; \n- rue de l'Amiral Roussin, entre les n os 86 et 92  ; \n- rue d'Alleray, entre les n os 4 et 6 ; \n\u2022 A Paris 16 \u00e8me  : \n- avenue du Mahatma Gandhi, entre les nos  6 et 8  et entre les nos  37 et 39  ; \n\u2022 A Paris 18 \u00e8me  : \n- rue de la Chapelle, entre le boulevard Ney et la ru e Boucry ; \n- rue Doudeauville, entre le boulevard Barb\u00e8s et la r ue Custine  ; \n- place Constantin Pecqueur, c\u00f4t\u00e9 pair  ; \n- rue des Saules, entre la rue Saint-Vincent et la ru e Cortot  ; \n- rue du Mont Cenis, entre la rue Cortot et la rue du  Chevalier de la Barre  ; \n- rue Saint-Eleuth\u00e8re, entre la rue du Cardinal Duboi s et la rue Aza\u00efs  ; \n- place Jean-Baptiste Cl\u00e9ment, entre la rue Norvins e t le rue de la Mire  ; \n- rue Lepic  ; \n\u2022 A Paris 19 \u00e8me  : \n- rue Manin, entre les nos  1 et 30  ; \n\u2022 A Paris 20 \u00e8me  : \n- rue Saint-Fargeau, entre le boulevard Mortier et la  rue Haxo  ; \n- rue du Docteur Labb\u00e9, entre les n os 4 et 7. \u00bb \nArticle 3 \nLe directeur de l'ordre public et de la circulation , la directrice de la s\u00e9curit\u00e9 de \nproximit\u00e9 de l'agglom\u00e9ration parisienne de la Pr\u00e9fe cture de Police, le directeur de la \nvoirie et des d\u00e9placements et le directeur de la po lice municipale et de la pr\u00e9vention de \nla Ville de Paris sont charg\u00e9s, chacun en ce qui le  concerne, de l'ex\u00e9cution du pr\u00e9sent \narr\u00eat\u00e9 qui sera publi\u00e9 au recueil des actes adminis tratifs de la pr\u00e9fecture de la r\u00e9gion \nd'\u00cele-de-France, pr\u00e9fecture de Paris et de la pr\u00e9fe cture de Police  et sur le site internet de \nla Pr\u00e9fecture de Police de Paris. Il sera affich\u00e9 a ux portes de la Pr\u00e9fecture de Police (1 rue \nde Lut\u00e8ce), de la mairie et du commissariat des arr ondissements concern\u00e9s. Ces mesures \nprendront effet apr\u00e8s leur affichage et d\u00e8s la mise  en place de la signalisation \ncorrespondante. \nPour le pr\u00e9fet de Police, \nLa sous-pr\u00e9f\u00e8te, Directrice adjointe du Cabinet  \nSign\u00e9  : Elise LAVIELLE Pr\u00e9fecture de Police - 75-2024-07-11-00033 - Arr\u00eat\u00e9 n\u00b02024-00975 du 11 juillet 2024 modifiant l?arr\u00eat\u00e9 n\u00b02024-00928 du 9 juillet 2024\nmodifiant provisoirement le stationnement dans plusieurs voies de Paris du 13 au 16 juillet 2024 \u00e0 l?occasion du passage du relais de la\nFlamme olympique90\n 4 Annexe \u00e0 l'arr\u00eat\u00e9 n\u00b02024-00975 du 11 juillet 2024  \n \n \n \nVOIES ET DELAIS DE RECOURS  \n_______________________ \n \n \n \nSi vous estimez devoir contester la pr\u00e9sente d\u00e9cisi on, il vous est possible, dans un d\u00e9lai \nde deux mois \u00e0 compter de la date de son affichage : \n- soit de saisir d'un RECOURS GRACIEUX \nle pr\u00e9fet de Police \n7/9, boulevard du Palais - 75195 PARIS RP \n- ou de former un RECOURS HIERARCHIQUE \n  aupr\u00e8s du ministre de l'Int\u00e9rieur et des Outre-me r \n  Direction des libert\u00e9s publiques et des affaires juridiques \n  place Beauvau - 75008 PARIS \n- soit de saisir d'un RECOURS CONTENTIEUX \nle tribunal administratif comp\u00e9tent \nAucune de ces voies et recours ne suspend l'applica tion de la pr\u00e9sente d\u00e9cision. \nLes recours GRACIEUX et HIERARCHIQUE doivent \u00eatre \u00e9 crits, exposer les arguments ou \nfaits nouveaux et comprendre la copie de la d\u00e9cisio n contest\u00e9e. \nLe recours contentieux, qui vise \u00e0 contester la LEG ALITE de la pr\u00e9sente d\u00e9cision, doit \n\u00e9galement \u00eatre \u00e9crit et exposer votre argumentation  juridique. \nSi vous n'aviez pas de r\u00e9ponse \u00e0 votre recours GRAC IEUX ou HIERARCHIQUE dans un \nd\u00e9lai de deux mois \u00e0 compter de la r\u00e9ception de vot re recours par l'administration, votre \ndemande devra \u00eatre consid\u00e9r\u00e9e comme rejet\u00e9e (d\u00e9cisi on implicite de rejet). \nEn cas de rejet des RECOURS GRACIEUX ou HIERARCHIQU E, le tribunal administratif \npeut \u00eatre saisi d'un recours contentieux dans le d\u00e9 lai de deux mois \u00e0 compter de la date \nde la d\u00e9cision de rejet.  \n \n Pr\u00e9fecture de Police - 75-2024-07-11-00033 - Arr\u00eat\u00e9 n\u00b02024-00975 du 11 juillet 2024 modifiant l?arr\u00eat\u00e9 n\u00b02024-00928 du 9 juillet 2024\nmodifiant provisoirement le stationnement dans plusieurs voies de Paris du 13 au 16 juillet 2024 \u00e0 l?occasion du passage du relais de la\nFlamme olympique91\nPr\u00e9fecture de Police\n75-2024-07-12-00004\nArr\u00eat\u00e9 n\u00b02024-00981 modifiant provisoirement la\ncirculation dans plusieurs voies \u00e0 Saint-Denis,\nSaint-Ouen-sur-Seine et l?Ile Saint-Denis\n(Seine-Saint-Denis) dans le cadre de\nl?organisation des Jeux Olympiques et\nParalympiques\nPr\u00e9fecture de Police - 75-2024-07-12-00004 - Arr\u00eat\u00e9 n\u00b02024-00981 modifiant provisoirement la circulation dans plusieurs voies \u00e0\nSaint-Denis, Saint-Ouen-sur-Seine et l?Ile Saint-Denis (Seine-Saint-Denis) dans le cadre de l?organisation des Jeux Olympiques et\nParalympiques92\nPREFECTURE  GP  >\nDE POLICE\nLibert\u00e9  vy\nEgalit\u00e9\nFraternit\u00e9\nCABINET DU PR\u00c9FET\nParis, le        12 JUIL. 2024\nARR\u00caT\u00c9 N\u00b02024-00981\nmodifiant provisoirement la circulation dans plusieurs voies \u00e0 Saint-Denis, Saint-Ouen-sur-\nSeine et l'Ile Saint-Denis (Seine-Saint-Denis) dans le cadre de l'organisation des Jeux\nOlympiques et Paralympiques\nLE PR\u00c9FET DE POLICE\nVu le code g\u00e9n\u00e9ral des collectivit\u00e9s territoriales, notamment son article L.2214-1 ;\nVu  le  code  de  la  route,  notamment  ses  articles  L.325-1  \u00e0  L.325-3  et\nR.411-18 ;\nVu le code des transports, notamment ses articles L. 3111-14 et L. 3121-1 \u00a0;\nVu l'ordonnance n\u00b02019-207 du 20 mars 2019 modifi\u00e9e relative aux voies r\u00e9serv\u00e9es\net \u00e0 la police  de la circulation  pour les Jeux Olympiques et Paralympiques  de 2024,\nratifi\u00e9e par la loi n\u00b02029-812 du 1er ao\u00fbt 2019\u00a0;\nVu le d\u00e9cret n\u00b0 2004-374 du 29 avril 2004 modifi\u00e9 relatif aux pouvoirs des pr\u00e9fets,\n\u00e0 l'organisation et \u00e0 l'action  des services de l'Etat dans les r\u00e9gions et d\u00e9partements,\nnotamment son article 72 \u00a0;\nVu le d\u00e9cret n\u00b0 2024-107 du 14 f\u00e9vrier 2024 relatif aux comp\u00e9tences du pr\u00e9fet de\npolice et \u00e0 celles du pr\u00e9fet de police des Bouches-du-Rh\u00f4ne pour les jeux Olympiques et\nParalympiques de 2024, ainsi qu'\u00e0 la comp\u00e9tence territoriale de certaines directions de la\npr\u00e9fecture de police \u00a0;\nConsid\u00e9rant que les Jeux de la XXXIII\u00e8me Olympiade, \u00e9galement d\u00e9sign\u00e9s Jeux\nOlympiques et Paralympiques de 2024, sont organis\u00e9s notamment en Seine-Saint-Denis\nrespectivement du 26 juillet au 11 ao\u00fbt 2024 et du 28 ao\u00fbt au 8 septembre 2024 ;\nConsid\u00e9rant que l'organisation des Jeux Olympiques et Paralympiques implique de\nprendre,  \u00e0  proximit\u00e9  du village  olympique  \u00e0  Saint-Denis,  des  mesures  provisoires  de\ncirculation n\u00e9cessaires \u00e0 leurs bons d\u00e9roulements et \u00e0 la s\u00e9curit\u00e9 des participants \u00a0;\nARR\u00caTE\u00a0:Pr\u00e9fecture de Police - 75-2024-07-12-00004 - Arr\u00eat\u00e9 n\u00b02024-00981 modifiant provisoirement la circulation dans plusieurs voies \u00e0\nSaint-Denis, Saint-Ouen-sur-Seine et l?Ile Saint-Denis (Seine-Saint-Denis) dans le cadre de l?organisation des Jeux Olympiques et\nParalympiques93\nArticle 1  er  \nLa circulation de transit de tout v\u00e9hicule terrestre \u00e0 moteur est interdite, \u00e0 Saint-\nDenis, \u00e0 l'Ile Saint-Denis et \u00e0 Saint-Ouen-sur-Seine, au sein des zones bleues d\u00e9limit\u00e9es\npar  les  voies  et  portions  de  voies  suivantes  qui  n'y  sont  pas  incluses  sauf  mention\ncontraire :\nSecteur nord de l'Ile Saint-Denis \u00a0:\n-rue Mechin\u00a0;\n-quai de Seine\u00a0;\n-rue de l'Ortebout, incluse \u00a0;\n-rue Pasteur\u00a0;\n-quai du Moulin.\nSecteur sud de l'Ile Saint-Denis, boulevard Marcel Paul non inclus \u00a0:\n-quai de l'A\u00e9roplane, inclus \u00a0;\n-voies au sud du boulevard Marcel Paul desservant le centre sportif de l'\u00eele de\nVannes, incluses \u00a0;\n-quai du Chatelier, entre le boulevard Marcel Paul et la rue Vandana Shiva \u00a0;\n-rue Vandana Shiva, incluse.\nSecteur au nord des voies de l'autoroute A 86 \u00e0 Saint-Denis \u00a0:\n-rue du port\u00a0;\n-boulevard de la Lib\u00e9ration, entre la rue du Port et le quai de Saint-Ouen, inclus \u00a0;\n-quai de Saint-Ouen, entre le boulevard de la Lib\u00e9ration et les voies de l'auto -\nroute A 86, non inclus \u00a0;\n-voies de l'autoroute A 86, entre le quai de Saint-Ouen et les voies ferr\u00e9es du\nRER D\u00a0;\n-voies ferr\u00e9es du RER D, depuis l'intersection avec le boulevard Anatole France\nau sud jusqu'\u00e0 la rue du port au nord.\nSecteur au sud des voies de l'autoroute A 86 \u00e0 Saint-Denis et Saint-Ouen-Sur-\nSeine\u00a0:\n-voies ferr\u00e9es du RER D \u00e0 Saint-Denis, depuis l'intersection avec les voies de l'au -\ntoroute A 86 jusqu'\u00e0 la rue du Landy \u00a0;\n2Pr\u00e9fecture de Police - 75-2024-07-12-00004 - Arr\u00eat\u00e9 n\u00b02024-00981 modifiant provisoirement la circulation dans plusieurs voies \u00e0\nSaint-Denis, Saint-Ouen-sur-Seine et l?Ile Saint-Denis (Seine-Saint-Denis) dans le cadre de l?organisation des Jeux Olympiques et\nParalympiques94\n-rue du Landy \u00e0 Saint-Denis et Saint-Ouen-Sur-Seine, entre les voies ferr\u00e9es du\nRER D et le boulevard Anatole France \u00a0;\n-boulevard Jean Jaur\u00e8s \u00e0 Saint-Ouen-Sur-Seine ;\n-rue Albert Dhalenne \u00a0\u00e0 Saint-Ouen-sur-Seine \u00a0;\n-quai de Seine \u00e0 Saint-Ouen-Sur-Seine, entre la rue Albert Dhalenne et au niveau\nde la rue Francis de Pressens\u00e9 \u00a0;\n-rue Francis de Pressens\u00e9 \u00e0 Saint-Ouen-sur-Seine ;\n-rue de Saint-Denis \u00e0 Saint-Ouen-sur-Seine, entre la rue Francis de Pressens\u00e9  \u00e0\nSaint-Ouen-sur-Seine et la rue Jean-Jacques Rousseau \u00e0 Saint-Ouen-sur-Seine ;\n-rue Jean-Jacques Rousseau \u00e0 Saint-Ouen-sur-Seine , incluse\u00a0;\n-rue du Parc \u00e0 Saint-Ouen-sur-Seine , incluse\u00a0;\n-rue Salvador Allende \u00e0 Saint-Ouen-sur-Seine , incluse\u00a0;\n-rue du Parc \u00e0 Saint-Denis, incluse \u00a0;\n-boulevard Anatole France \u00e0 Saint-Denis, entre le boulevard Finot et la rue du\nParc, inclus\u00a0;\n-rue du docteur Finot incluse \u00e0 Saint-Denis, entre la rue Francisque Poulbot \u00e0\nSaint-Denis et le boulevard Anatole France \u00e0 Saint-Denis, inclus ;\n-rue Francisque Poulbot \u00e0 Saint-Denis, entre les voies de l'autoroute A 86 et la\nrue du docteur Finot  \u00e0 Saint-Denis, incluse.\nLes voies et portions de voies prises en compte dans ces zones bleues figurent sur\nla cartographie jointe en annexe 2 au pr\u00e9sent arr\u00eat\u00e9.\nCes dispositions ne s'appliquent pas \u00a0:\n-aux v\u00e9hicules d'int\u00e9r\u00eat g\u00e9n\u00e9ral prioritaires au sens des dispositions de l'article R.311-\n1 6.5 du code de la route \u00a0;\n-aux usagers des v\u00e9hicules terrestres motoris\u00e9s, list\u00e9s \u00e0 l'annexe 3 du pr\u00e9sent\narr\u00eat\u00e9, sur pr\u00e9sentation par le conducteur de tout document justifiant de son\nbesoin d'entrer dans ce p\u00e9rim\u00e8tre. \nArticle 2\nLa circulation de tout v\u00e9hicule terrestre \u00e0 moteur est interdite, \u00e0 Saint-Denis, \u00e0 l'Ile\nSaint-Denis et \u00e0 Saint-Ouen-sur-Seine, au sein des zones rouges d\u00e9limit\u00e9es par les voies et\nportions de voies suivantes, qui n'y sont pas incluses sauf mention contraire :\nSecteur au sud des voies de l'autoroute A 86 \u00e0 Saint-Denis et Saint-Ouen-sur-Seine :\n3Pr\u00e9fecture de Police - 75-2024-07-12-00004 - Arr\u00eat\u00e9 n\u00b02024-00981 modifiant provisoirement la circulation dans plusieurs voies \u00e0\nSaint-Denis, Saint-Ouen-sur-Seine et l?Ile Saint-Denis (Seine-Saint-Denis) dans le cadre de l?organisation des Jeux Olympiques et\nParalympiques95\n-quai de Seine \u00e0 Saint-Ouen-sur-Seine , entre le pont de Saint-Ouen et les voies\nde l'autoroute A 86, inclus \u00a0;\n-voies de l'autoroute A 86 \u00e0 Saint-Denis, entre le quai de Saint-Ouen et la rue\nFrancisque Poulbot \u00e0 Saint-Denis \u00a0;\n-rue Francisque Poulbot \u00e0 Saint-Denis, entre les voies de l'autoroute A 86 et la\nrue du docteur Finot ;\n-rue du docteur Finot \u00e0 Saint-Denis, entre la rue Francisque Poulbot \u00e0 Saint-De -\nnis et le boulevard Anatole France \u00a0\u00e0 Saint-Denis ;\n-boulevard Anatole France \u00e0 Saint-Denis, entre le boulevard Finot \u00e0 Saint-Denis\net la rue du Parc \u00a0\u00e0 Saint-Denis;\n-rue du Parc\u00a0\u00e0 Saint-Denis;\n-rue Salvador Allende \u00a0\u00e0 Saint-Ouen-sur-Seine ;\n-rue du Parc\u00a0\u00e0 Saint-Ouen-sur-Seine ;\n-rue Jean-Jacques Rousseau \u00a0\u00e0 Saint-Ouen-sur-Seine ;\n-rue de Saint-Denis  \u00e0 Saint-Ouen-sur-Seine , entre la rue Jean-Jacques Rousseau  \u00e0\nSaint-Ouen-sur-Seine  et la rue Francis de Pressens\u00e9  \u00e0 Saint-Ouen-sur-Seine, in -\ncluse\u00a0;\n-rue Francis de Pressens\u00e9 \u00e0 Saint-Ouen-sur-Seine, incluse .\nPar ailleurs, le quai de Seine et le quai de Saint-Ouen entre les voies de l'autoroute A 86\net le boulevard de la Lib\u00e9ration sera \u00e9galement interdit \u00e0 la circulation de tout type de\nv\u00e9hicule.\nSecteur sur l'Ile Saint-Denis :\n-rue de l'Ortebout \u00a0;\n-quai du Moulin, inclus \u00a0;\n-quai du Chatelier, entre la rue de l'Ortebout et la rue Vandana Shiva \u00a0;\n-la rue Vandana Shiva \u00a0;\n-Bras de Seine \u00e0 l'Ouest de l'\u00eele Saint-Denis entre rue Vandana Shiva et quai du\nMoulin prolong\u00e9.\nLes voies et portions de voies prises en compte dans ces zones rouges figurent sur\nla cartographie jointe en annexe 2 au pr\u00e9sent arr\u00eat\u00e9.\nCes dispositions ne s'appliquent pas \u00a0:\n-aux v\u00e9hicules d'int\u00e9r\u00eat g\u00e9n\u00e9ral prioritaires au sens des dispositions de l'article R.311-\n1 6.5 du code de la route \u00a0;\n4Pr\u00e9fecture de Police - 75-2024-07-12-00004 - Arr\u00eat\u00e9 n\u00b02024-00981 modifiant provisoirement la circulation dans plusieurs voies \u00e0\nSaint-Denis, Saint-Ouen-sur-Seine et l?Ile Saint-Denis (Seine-Saint-Denis) dans le cadre de l?organisation des Jeux Olympiques et\nParalympiques96\n-aux usagers des v\u00e9hicules terrestres motoris\u00e9s, list\u00e9s \u00e0 l'annexe 3 du pr\u00e9sent\narr\u00eat\u00e9,  sur  pr\u00e9sentation  par  le  conducteur  du  laissez-passer  num\u00e9rique  ou\n\u00ab\u00a0code  QR\u00a0\u00bb  d\u00e9livr\u00e9  apr\u00e8s  enregistrement  d\u00e9mat\u00e9rialis\u00e9  sur  la  plateforme\nnum\u00e9rique \u00ab\u00a0Pass Jeux\u00a0\u00bb (accessible \u00e0 l'adresse www.pass-jeux.gouv.fr) ou aupr\u00e8s\ndes mairies de Saint-Denis, Saint-Ouen-sur-Seine et de L'Ile-Saint-Denis. \nCe laissez-passer devra \u00eatre pr\u00e9sent\u00e9, lors de tout contr\u00f4le, accompagn\u00e9 d'un\njustificatif d'identit\u00e9.\n-aux  usagers  des  v\u00e9hicules  terrestres  motoris\u00e9s  effectuant  des  livraisons  et\nop\u00e9rations de maintenance programm\u00e9es qui sont autoris\u00e9s \u00e0 circuler au sein\nde ces zones rouges, chaque jour \u00e0 partir de 20h00 jusqu'au jour suivant \u00e0 5h00,\nsous r\u00e9serve de pr\u00e9sentation par le conducteur du laissez-passer num\u00e9rique ou\n\u00ab\u00a0code QR\u00a0\u00bb d\u00e9livr\u00e9 apr\u00e8s enregistrement d\u00e9mat\u00e9rialis\u00e9 sur la plateforme \u00ab \u00a0Pass\nJeux\u00a0\u00bb (accessible \u00e0 l'adresse www.pass-jeux.gouv.fr) ou aupr\u00e8s des mairiesde\nSaint-Denis, Saint-Ouen-sur-Seine et de L'Ile-Saint-Denis. Ce laissez-passer devra\n\u00eatre pr\u00e9sent\u00e9, lors de tout contr\u00f4le, accompagn\u00e9 d'un justificatif d'identit\u00e9 .\nArticle 3\nLes dispositions pr\u00e9vues aux articles 1 et 2 sont applicables chaque jour durant les\np\u00e9riodes suivantes : \n-du 12 juillet au 13 ao\u00fbt 2024 \u00a0;\n-du 18 ao\u00fbt au 10 septembre 2024.\nArticle 4\nSans pr\u00e9judice des sanctions p\u00e9nales auxquelles s'exposent les personnes en infraction\navec les dispositions du pr\u00e9sent arr\u00eat\u00e9, les v\u00e9hicules ayant servi \u00e0 commettre ces infractions\npeuvent \u00eatre immobilis\u00e9s et mis en fourri\u00e8re dans les conditions pr\u00e9vues aux articles L.325-1 \u00e0\nL.325-3 du code de la route.\nArticle 5\nLe pr\u00e9fet de Seine-Saint-Denis, la pr\u00e9f\u00e8te, directrice de cabinet, le directeur de\nl'ordre public et de la circulation et la directrice de la s\u00e9curit\u00e9 de proximit\u00e9 de l'agglom\u00e9 -\nration parisienne de la Pr\u00e9fecture de Police sont charg\u00e9s, chacun en ce qui le concerne,\nde l'ex\u00e9cution du pr\u00e9sent arr\u00eat\u00e9, consultable sur le site de la pr\u00e9fecture de Police  : www.-\nprefecturedepolice.interieur.gouv.fr. Il sera publi\u00e9 au recueil des actes administratifs de\nla pr\u00e9fecture de Police et de la pr\u00e9fecture de Seine-Saint-Denis et  affich\u00e9 aux portes de\nla pr\u00e9fecture de police (1 rue de Lut\u00e8ce) et des mairies de Saint-Denis, de Saint-Ouen-sur-\nSeine et de l'Ile Saint-Denis. Ces mesures prendront effet apr\u00e8s leur affichage. \nLe pr\u00e9fet de Police,\nSIGN\u00c9\nLaurent NUNEZ\n5Pr\u00e9fecture de Police - 75-2024-07-12-00004 - Arr\u00eat\u00e9 n\u00b02024-00981 modifiant provisoirement la circulation dans plusieurs voies \u00e0\nSaint-Denis, Saint-Ouen-sur-Seine et l?Ile Saint-Denis (Seine-Saint-Denis) dans le cadre de l?organisation des Jeux Olympiques et\nParalympiques97\n \nANNEXE 1 A L'ARR\u00caT\u00c9 N\u00b0              2024-00981                               du    12 JUIL. 2024\nVOIES ET D\u00c9LAIS DE RECOURS\n_______________________\nSi vous estimez devoir contester la pr\u00e9sente d\u00e9cision, il vous est possible, dans un d\u00e9lai de\ndeux mois \u00e0 compter de la date de son affichage \u00a0:\n-soit de saisir d'un RECOURS GRACIEUX\nle pr\u00e9fet de Police\n7/9, boulevard du Palais - 75195 PARIS RP\n- ou de former un RECOURS HI\u00c9RARCHIQUE\n  aupr\u00e8s du ministre de l'Int\u00e9rieur et des Outre-mer\n  Direction des libert\u00e9s publiques et des affaires juridiques\n  place Beauvau - 75008 PARIS\n- soit de saisir d'un RECOURS CONTENTIEUX\nle tribunal administratif comp\u00e9tent\nAucune de ces voies et recours ne suspend l'application de la pr\u00e9sente d\u00e9cision.\nLes recours GRACIEUX et HI\u00c9RARCHIQUE doivent \u00eatre \u00e9crits, exposer les arguments ou faits\nnouveaux et comprendre la copie de la d\u00e9cision contest\u00e9e.\nLe  recours  contentieux,  qui  vise  \u00e0  contester  la  L\u00c9GALITE  de  la  pr\u00e9sente  d\u00e9cision,  doit\n\u00e9galement \u00eatre \u00e9crit et exposer votre argumentation juridique.\nSi vous n'aviez pas de r\u00e9ponse \u00e0 votre recours GRACIEUX ou HI\u00c9RARCHIQUE dans un d\u00e9lai\nde  deux  mois  \u00e0  compter  de  la  r\u00e9ception  de  votre  recours  par  l'administration,  votre\ndemande devra \u00eatre consid\u00e9r\u00e9e comme rejet\u00e9e (d\u00e9cision implicite de rejet).\nEn cas de rejet des RECOURS GRACIEUX ou HI\u00c9RARCHIQUE, le tribunal administratif peut\n\u00eatre saisi d'un recours contentieux dans le d\u00e9lai de deux mois \u00e0 compter de la date de la\nd\u00e9cision de rejet.\n6Pr\u00e9fecture de Police - 75-2024-07-12-00004 - Arr\u00eat\u00e9 n\u00b02024-00981 modifiant provisoirement la circulation dans plusieurs voies \u00e0\nSaint-Denis, Saint-Ouen-sur-Seine et l?Ile Saint-Denis (Seine-Saint-Denis) dans le cadre de l?organisation des Jeux Olympiques et\nParalympiques98\n7Pr\u00e9fecture de Police - 75-2024-07-12-00004 - Arr\u00eat\u00e9 n\u00b02024-00981 modifiant provisoirement la circulation dans plusieurs voies \u00e0\nSaint-Denis, Saint-Ouen-sur-Seine et l?Ile Saint-Denis (Seine-Saint-Denis) dans le cadre de l?organisation des Jeux Olympiques et\nParalympiques99\nANNEXE 2 A L'ARR\u00caT\u00c9 N\u00b0              2024-00981                               du    12 JUIL. 2024\n8Pr\u00e9fecture de Police - 75-2024-07-12-00004 - Arr\u00eat\u00e9 n\u00b02024-00981 modifiant provisoirement la circulation dans plusieurs voies \u00e0\nSaint-Denis, Saint-Ouen-sur-Seine et l?Ile Saint-Denis (Seine-Saint-Denis) dans le cadre de l?organisation des Jeux Olympiques et\nParalympiques100\n- wr ~2\" | ( : \\= ae | z '2 AO PR * 2 bea9 \"A wpSVD cu de zo +07 | = yopio> ru 208QUES\n|WYND pue np any = cai|t |r -Lan D ee L|  5} A4 3 2:\u00a3 Pe ve if 5 anes ap ateswars - eum | 2CRETEIL i = |a |\n\\{col png\nLoyu0D \"WZ 24 fe 2 |MALO WZ\nGe) Ed | J \\24 ap2e) saintes20 21109)aoueig ap 20825 {sea} AIUINES ete d fies)PON te Sy P au07UE 22 #4sajquoo) \u00e8ag a YZ {ca}% Sueg ap% weg \"uod 591 wz (ona)22ues4 ap : ytd ssaursngPers - aI 128 SWEUISIOW URLS %, fd, (exo)+\n=\"sts 2908 ul mn \u00ae)\u00ae\u00a3 erouese) 22 hed piriee peau\n(6a)\n76 DION RACHFIN A-832085-\\uIeS-3}1,7I (\u20ac6) enbidwAlo e2elliA\n. auUaseD-e]-aanaualfinAUS INS $9DIE 3a BINDS Op asjaWeg\n\"ee\nAPALN29S Op 32 2SUS}PP ap auOZ E Bp jespUDT JEUEJPI28S +...\"LLE RLE\n\u00e0 ra\nHotm.pedwpanag YYZuonneduco ap aus Dpu] Sojou sexy ENopus2s7$\na oeules ap Spucg- suayISRADEREYeqgesy(zeeu 6/993 LEN aye7 - eds,Leu) sus\n\u00a9nes \u2014 Sayauoz771160 \"on, ty,\nMyS120NCRTC ayUn 220de05\nLAc 3\u00bb\"Ong 3104 F4\u00e0 oann ap 12 \"Spy are =roy n\" np anywee fra)Le] \\\n[sav]\nfe)\\ Ser\\\\\n\\\n\\CEE\"' aa 391104 3034N193134d| Ve KaLe\n9Pr\u00e9fecture de Police - 75-2024-07-12-00004 - Arr\u00eat\u00e9 n\u00b02024-00981 modifiant provisoirement la circulation dans plusieurs voies \u00e0\nSaint-Denis, Saint-Ouen-sur-Seine et l?Ile Saint-Denis (Seine-Saint-Denis) dans le cadre de l?organisation des Jeux Olympiques et\nParalympiques101\nANNEXE 3 A L'ARR\u00caT\u00c9 N\u00b0              2024-00981                               du    12 JUIL. 2024\n10Pr\u00e9fecture de Police - 75-2024-07-12-00004 - Arr\u00eat\u00e9 n\u00b02024-00981 modifiant provisoirement la circulation dans plusieurs voies \u00e0\nSaint-Denis, Saint-Ouen-sur-Seine et l?Ile Saint-Denis (Seine-Saint-Denis) dans le cadre de l?organisation des Jeux Olympiques et\nParalympiques102\nAnnexe  3 : document  consultable  sur le site internet  de la pr\u00e9fecture  de le police  (rubrique:  La s\u00e9curit\u00e9  des Jeux  2024/Des  jeux  s\u00e9curis\u00e9s  pour  tous/L\ndes  personnes  autoris\u00e9es  3 circuler)\nMODALITES  D'ACCES  ET DE CIRCULATION  DANS  LES PERIMETRES  BLEUS,  ROUGES  DURANT  LES JOP (hors  CERT)  |\nremarque  : lorsquil  est autoris\u00e9,  facces  est possiole  dara  les cr\u00e9neaux  Gefinis  en amont  par la pr\u00e9fecture  de police\nP\u00e9 . \u00e8t Acc\u00e8s  au\n: erimetres  d'interdiction  de la\ncirculation\n. motoris\u00e9e  (rouge)Cat\u00e9gorie  des usagers  :\nT Fi\u00e9tons\n2 Cyclistes  / trottinettes  (y compris  \u00e9lectrique:\n3 MERS\n4 Seay chicules  dels Pole  momcipai\nV\u00e9hicules  de secours  (BSPP,  SAMU,  ambulances  priv\u00e9es  sur r\u00e9gulation  du\n5 Centre  15, Sos  m\u00e9decins,  Greffe  d'organes,  SDIS..)  pour  urgences  et\npublics  vuln\u00e9rablesm3 V\u00e9hicules  \"Op\u00e9ration  Sentinee\"\n7 Ambulances  priv\u00e9es  hors  urgence  (d\u00e9finies  ligne  5)\na V\u00e9hicules  utilis\u00e9s  pour  l'acc\u00e9s  aux centres  de soins  (H\u00f4pitaux,  cliniques,\nm\u00e9decine  de ville...)\n9 V\u00e9hacules  utihs\u00e9s  pour  l'acces  en cas d'urgence  aux centres  de soins  FU  O\u00f9\nV\u00e9hicules  des professionnels  de d\u00e9pannage  dans  le cadre  d'interventions\n10 pr\u00e9sentant  un caract\u00e8re  d'urgence  (probl\u00e8mes  de maintenance  non\nprogrammable,  pannes,  \u00e9limination  de nuisibles,  d\u00e9pannage  automobile,  ...)\nV\u00e9hicules  des  professionnels  de d\u00e9pannage  dans  le cadre  d'interventionsn\nne pr\u00e9sentant  pas  un caract\u00e8re  d'urgence  (maintenance  programm\u00e9e....)\nenicuies  Ce services  - S01NS \u00e0 ia personne\n2 V\u00e9hicules  des professionnels  assurant  les soins  \u00e0 domicile  hors  urgence\nV\u00e9hicules  des professionnels  assurant  les soins  \u00e0 domicile  si urgence  ou3\nprise  en charge  de personne  vuln\u00e9rable\n14 V\u00e9hicules  assurant  le portage  de repas  (pr\u00e9par\u00e9s  ou issus  de la\nrestauration)  et de courses  alimentaires  et domestiques\n15 | V\u00e9hicules  assurant  le portage  de repas  pour  personne  vuln\u00e9rable  (pr\u00e9par\u00e9s\nou issus  de la restauration)  et de courses  alimentaires  et domestiques\nVemcutes  des personnes  assurant  les services  \u00e0 domicile  (aide  \u00e0 domicile,\nde d' an proprete  hors  urg =\n17 V\u00e9hicules  des personnels  assurant  les services  \u00e0 domicile  (aide  \u00e0 domicile,\ngarde  d'enfants,  propret\u00e9,  _.) pour  urgence  ou personne  vuln\u00e9rable\n18 V\u00e9hicules  des Pompes funebres\n15 Taxis\n2 VTC\npi Transports  publics  (bus  RATP)\n2 Bus devant  partir  ou rentrer  aux centres  de d\u00e9p\u00f4t  des bus de transport\n23 Cars  routiers  / Autocars  de tourisme\n24 V\u00e9hicules  assurant  le transport  de personnes  en situation  de handicap\nV\u00e9hicules  utilis\u00e9s  par  les personnes  handicap\u00e9es  avec  justificatif  (hors\ntaxi/VTC  agr\u00e9\u00e9s  PMR)\nV\u00e9hicules  des  Auto  \u00e9coles\n11Pr\u00e9fecture de Police - 75-2024-07-12-00004 - Arr\u00eat\u00e9 n\u00b02024-00981 modifiant provisoirement la circulation dans plusieurs voies \u00e0\nSaint-Denis, Saint-Ouen-sur-Seine et l?Ile Saint-Denis (Seine-Saint-Denis) dans le cadre de l?organisation des Jeux Olympiques et\nParalympiques103\nCCE  Acc\u00e8s  au p\u00e9rim\u00e8tre  | Acc\u00e8s  au. Perimetres  de circulation  | d'interdiction  de la\nmotoris\u00e9e  circulation\n: : r\u00e9glement\u00e9e  (bleu)  | motoris\u00e9e  (rouge)Cat\u00e9gorie  des  usagers\nV\u00e9hicules  des Auto \u00e9coles  pour une activit\u00e9  hors zone rouge et bleu, mais Ou, ee  Powe\n27 F 3 z ; > i 7 *P : 6 ayant  un parking  dans  ces zones  mans  exercice  de la profession  dans  la zone  Ou  - ety\n2 Soci\u00e9t\u00e9s  de location  de v\u00e9hicules  disposant  de parking  dans  ces zones  Ou  j\u00e9but de | ion et y\nrevenir  en fin\nV\u00e9hicules  des  acteurs  de l\u00e0 logistique\n2 V\u00e9hicules  de livraisons  n\u00e9cessaires  pour  le r\u00e9approvisi  Oui  Oui selon  cr\u00e9neaux\nd'\u00e9tablissements  d'activit\u00e9  professionnelle  (commerciaux,  m\u00e9dicaux,  etc.)  autoris\u00e9s\nx V\u00e9hicules  de transport  de fonds ou de valeurs  Oui = ice Creneaun\nEl V\u00e9hicules  de transport  de mati\u00e8res  dangereuses  Non Non\nV\u00e9hicules  de transport  de mati\u00e8res  dangereuses  de premi\u00e8re  n\u00e9cessit\u00e9  (O2,  Deer\n32 | CO2,  Azote  liquide,  ac\u00e9tyl\u00e8ne,  ..) \u00e0 livrer sur site ou \u00e0 \u00e9vacuer  du site sans Oui  ares\nurgence\nV\u00e9hicules  assurant  le transport  de mati\u00e8res  dangereuses  de prems\u00e8re\n33 n\u00e9cessit\u00e9  (02, CO2,  azote  liquide,  ac\u00e9tyl\u00e9ne,  ..) \u00e0 livrer sur site ou \u00e0 Oui  Oui\n\u00e9vacuer  du site  en urgence\nir:  . - - Qui  selon  cr\u00e9neaux34 V\u00e9hicules  pour  l'approvisionnement  des march\u00e9s  Ou  TT\n35 V\u00e9hicules  d'exposants  (puces,  brocantes)  Non Non\n% V\u00e9hicules  de d\u00e9m\u00e9nagement  si le d\u00e9m\u00e9nagement  ne peut \u00eatre report\u00e9  Oui = \"one  S\nQui  au cas par cas\n7 V\u00e9hicules  pour  le transport  d'\u0153uvres  d'art  pour  mus\u00e9es  Oui selon  cr\u00e9neaux\nautoris\u00e9s\nV\u00e9hicules  li\u00e9s  aux  travaux\nNon,  sauf  travaux\nd\u00fbment  autoris\u00e9s\n38 V\u00e9hicules  de fvraisons  chantier  entit\u00e9s  publiques  Ou  durant  la p\u00e9riode,  en\napplication  de la\ndoctrine\nNon,  sauf  travaux\nd\u00fbment  autoris\u00e9s\n39 V\u00e9hicules  de livraison  chantier  particuliers  Ou  durant  la p\u00e9riode,  en\napplication  de la\ndoctrine\nV\u00e9hicules  des  riverains\n4 V\u00e9hicules  des  personnes  disposant  d'un  abonnement  dans  un parking  Oui  Oui\npublic\n4 V\u00e9hicules  des personnes  ayant  un parking  priv\u00e9  dans  le p\u00e9rim\u00e8tre  Ou  Oui\naz V\u00e9hicules  des  r\u00e9sidents  justifiant  d'un  abonnement  r\u00e9sidentiel  dans  la zone  Oui  Oui\nconcern\u00e9e\nV\u00e9hicule  es travaillant  dans  la z tes de\ncompetition  agents  vilie  /\n43 V\u00e9hicules  des personnes  exer\u00e7ant  leur  activit\u00e9  dans  le secteur  et ne Oui  Oui\npouvant  se d\u00e9placer  autrement  qu'en  v\u00e9hicule  (disposant  d'un  parking)\n4a V\u00e9hicules  de personnels  de services  publics,  dont  la prise  de service  est Oui  Ovi\nsitu\u00e9e  en zone  rouge\n45 V\u00e9hicules  affect\u00e9s  \u00e0 un service  public  dans  le cadre  d'une  mission  justifi\u00e9e  Oui  Oui\nou B\u00e9e aux JOP\n+ V\u00e9hicules  des professionnels  juridiques  r\u00e9glernent\u00e9s  (huissiers,  avocats...)  Ou  Oui\n12Pr\u00e9fecture de Police - 75-2024-07-12-00004 - Arr\u00eat\u00e9 n\u00b02024-00981 modifiant provisoirement la circulation dans plusieurs voies \u00e0\nSaint-Denis, Saint-Ouen-sur-Seine et l?Ile Saint-Denis (Seine-Saint-Denis) dans le cadre de l?organisation des Jeux Olympiques et\nParalympiques104\nzoe  Acc\u00e8s  au p\u00e9rim\u00e9tre  | Acc\u00e8s  au p\u00e9rim\u00e8tre: Perimetres  de circulation  | d'interdiction  de la\nmotoris\u00e9e  circulation\n: a r\u00e9glement\u00e9e  (bleu)  | motoris\u00e9e  (rouge)Cat\u00e9gorie  des usagers  Le\n47 V\u00e9hicules  des agents  immobiliers  Oui  Non\n48 V\u00e9hicule  des op\u00e9rateurs  de r\u00e9seaux  (t\u00e9l\u00e9communication,  \u00e9nergie,  OV...)  Oui  Qui\n43 V\u00e9hicules  assurant  le ramassage  des ordures  Ou  Oui\nEs) V\u00e9hicules  assurant  le nettoyage  des rues  Ou  Oui\ns V\u00e9hicules  du personnel  travaillant  sur les sites olympiques  Oui \u2014 sot price\n52 V\u00e9hicules  des  personnes  exer\u00e7ant  leur  activit\u00e9  dans  le secteur  et qui Oui  Non\nn'entrent  dans  aucune  autre  cat\u00e9gorie\nAcces  aux  \u00e9tablissements  accueillant  du  pub\n533 V\u00e9hicules  de r\u00e9sidents  dans  des h\u00f4tels  disposant  de parking  situ\u00e9  hors  voie  Oui  -- Oui\npublique\n54 V\u00e9hicules  des visiteurs  de lieux  recevant  du public  (mus\u00e9es,  \u00e9coles,  etc.)  Oui  Non,  sauf  PMR\nss V\u00e9hicules  pour  se rendre  \u00e0 un EHPAD  (visite  des proches)  - pour  visiteur  Oui  Non  sauf  parking  situ\u00e9\nvuln\u00e9rable  hors  voie  publique\n56 V\u00e9hicules  des maraudes  Oui  Oui\nL Accr\u00e9dit\u00e9s  [VIP\n57 V\u00e9hicules  des Athl\u00e8tes,  journalistes  accr\u00e9dit\u00e9s,  Paris  2024  Ou  Oui,  si VAPP\n58 V\u00e9hicules  des journalistes  non accr\u00e9dit\u00e9s  Ou  Non\n53 V\u00e9hicule  du public  des maisons  des Comit\u00e9s  nationaux  olympiques  Oui Mon seul FEE ow\n13Pr\u00e9fecture de Police - 75-2024-07-12-00004 - Arr\u00eat\u00e9 n\u00b02024-00981 modifiant provisoirement la circulation dans plusieurs voies \u00e0\nSaint-Denis, Saint-Ouen-sur-Seine et l?Ile Saint-Denis (Seine-Saint-Denis) dans le cadre de l?organisation des Jeux Olympiques et\nParalympiques105\nPr\u00e9fecture de Police\n75-2024-07-11-00032\nArr\u00eat\u00e9 n\u00b0 2024-0959 du 11 juillet 2024 portant\nautorisation de l?emploi dans neuf stations de la\nR\u00e9gie autonome des transports parisiens d?un\ntraitement algorithmique des images issues d?un\nsyst\u00e8me de vid\u00e9oprotection du 12 juillet 2024 au\n15 juillet 2024\nPr\u00e9fecture de Police - 75-2024-07-11-00032 - Arr\u00eat\u00e9 n\u00b0 2024-0959 du 11 juillet 2024 portant autorisation de l?emploi dans neuf stations\nde la R\u00e9gie autonome des transports parisiens d?un traitement algorithmique des images issues d?un syst\u00e8me de vid\u00e9oprotection du\n12 juillet 2024 au 15 juillet 2024106\n(al,C UFNe,\u00a9) ll[atj )(,) aIll |y: \u00a9Mallfl C]IN #0:fil (] f il \"|8\nQits\n.../...  \n2024-0959   Direction des usagers \net des polices administratives \n \n \n \n \n             \n \n \nArr\u00eat\u00e9 n\u00b0 2024-0959  \nportant autorisation de l'emploi dans neuf stations  de la R\u00e9gie autonome des transports parisiens \nd'un traitement algorithmique des images issues d'u n syst\u00e8me de vid\u00e9oprotection du 12 juillet 2024 \nau 15 juillet 2024  \n \n \nLe pr\u00e9fet de police,  \n \nVu le code de la s\u00e9curit\u00e9 int\u00e9rieure, notamment le titre V du livre II relatif \u00e0 la \nvid\u00e9oprotection ;  \nVu le code des transports, notamment le titre V du livre II de la deuxi\u00e8me partie relatif \naux services internes de s\u00e9curit\u00e9 de la SNCF et la R\u00e9gie autonome des transports \nparisiens ;  \nVu la loi n\u00b0 78-17 du 6 janvier 1978 modifi\u00e9e relat ive \u00e0 l'informatique, aux fichiers et aux \nlibert\u00e9s ; \nVu la loi n\u00b0 2023-380 du 19 mai 2023 relative aux j eux Olympiques et Paralympiques de \n2024 et portant diverses autres dispositions, notam ment son article 10 ;  \nVu le d\u00e9cret n\u00b0 2023-828 du 28 ao\u00fbt 2023 relatif au x modalit\u00e9s de mise en \u0153uvre des \ntraitements algorithmiques sur les images collect\u00e9e s au moyen de syst\u00e8mes de \nvid\u00e9oprotection et de cam\u00e9ras install\u00e9es sur des a\u00e9 ronefs, pris en application de l'article \n10 de la loi n\u00b0 2023-380 du 19 mai 2023 relative au x jeux Olympiques et Paralympiques de \n2024 et portant diverses autres dispositions, notam ment son article 13 ;  \nVu le d\u00e9cret n\u00b0 2024-107 du 14 f\u00e9vrier 2024 relatif  aux comp\u00e9tences du pr\u00e9fet de police \net \u00e0 celles du pr\u00e9fet de police des Bouches-du-Rh\u00f4n e pour les jeux Olympiques et \nParalympiques de 2024, ainsi qu'\u00e0 la comp\u00e9tence ter ritoriale de certaines directions de la \npr\u00e9fecture de police, notamment son article 2 ;  \nVu le d\u00e9cret du 20 juillet 2022 par lequel M. Laure nt NU\u00d1EZ, pr\u00e9fet, coordonnateur \nnational du renseignement et de la lutte contre le terrorisme, est nomm\u00e9 pr\u00e9fet de police \n(hors classe) ; \nVu l'arr\u00eat\u00e9 pr\u00e9fectoral n\u00b020221828 VS 75 du 25 janv ier 2023 portant autorisation \nd'installer un dispositif de vid\u00e9oprotection pour l 'ensemble des gares du RER A circulant \ndans Paris ;  \nVu l'arr\u00eat\u00e9 pr\u00e9fectoral n\u00b020230176 VS 75 du 10 mai 2023 portant autorisation d'installer \nun dispositif de vid\u00e9oprotection pour l'ensemble de s stations du m\u00e9tro de la ligne 9 et \nd\u00e9livr\u00e9 \u00e0 l'\u00e9tablissement RATP ;  \nVu l'arr\u00eat\u00e9 pr\u00e9fectoral n\u00b020231020 VS 75 du 6 juill et 2023 portant autorisation \nd'installer un dispositif de vid\u00e9oprotection pour l 'ensemble des stations de m\u00e9tro des \nlignes 1, 2, 6, 8, 10, 11, 12 et 13 situ\u00e9es dans Pa ris et d\u00e9livr\u00e9 \u00e0 l'\u00e9tablissement RATP ; Pr\u00e9fecture de Police - 75-2024-07-11-00032 - Arr\u00eat\u00e9 n\u00b0 2024-0959 du 11 juillet 2024 portant autorisation de l?emploi dans neuf stations\nde la R\u00e9gie autonome des transports parisiens d?un traitement algorithmique des images issues d?un syst\u00e8me de vid\u00e9oprotection du\n12 juillet 2024 au 15 juillet 2024107\n.../...  \n2024-0959 - 2 - \nVu l'arr\u00eat\u00e9 pr\u00e9fectoral n\u00b020231030 VS 75 du 6 juill et 2023 portant autorisation \nd'installer un dispositif de vid\u00e9oprotection pour l 'ensemble des stations de m\u00e9tro des \nlignes 3, 3bis, 4, 5, et des gares RATP du RER B  ; \nVu le message \u00e9lectronique du service RATP S\u00fbret\u00e9 e n date du 5 juillet 2024 ;  \nVu l'activation du plan Vigipirate au niveau \u00ab urge nce attentat \u00bb depuis le 24 mars 2024 ; \n \nConsid\u00e9rant que, en application du VII de l'article  10 de la loi du 19 mai 2023 susvis\u00e9e, \nl'emploi des traitements algorithmiques mentionn\u00e9s au I du m\u00eame article est autoris\u00e9 \u00e0 \nParis par le pr\u00e9fet de police  ; \nConsid\u00e9rant que, par message \u00e9lectronique en date d u 5 juillet 2024 susvis\u00e9, le service \nRATP S\u00fbret\u00e9, qui constitue le service interne de s\u00e9 curit\u00e9 de la R\u00e9gie autonome des \ntransports parisiens au sens de l'article 10 de la loi du 19 mai 2023 susvis\u00e9e, sollicite une \nautorisation pr\u00e9fectorale pour mettre en \u0153uvre un t raitement automatis\u00e9 des images \ndans ses emprises du 12 juillet 2024 \u00e0 8h au 15 jui llet 2024 \u00e0 8h \u00e0 l'occasion de la f\u00eate \nnationale ;  \nConsid\u00e9rant que les nombreuses festivit\u00e9s organis\u00e9e s \u00e0 l'occasion de la f\u00eate nationale \nconstituent, dans le contexte actuel, par leur natu re et leur ampleur, des manifestations \nr\u00e9cr\u00e9atives particuli\u00e8rement expos\u00e9es \u00e0 des risques  d'actes de terrorisme  ; que, \u00e0 cet \n\u00e9gard, la France est le pays occidental le plus tou ch\u00e9 par le terrorisme djihadiste depuis \n2012 et que dix attaques abouties ont \u00e9t\u00e9 enregistr \u00e9es depuis 2020 contre 14 projets \nd\u00e9jou\u00e9s, dont deux depuis le d\u00e9but de l'ann\u00e9e 2024  ; que les attaques perp\u00e9tr\u00e9es \nnotamment le 2 d\u00e9cembre 2023 dans le quartier paris ien du Pont Bir-Hakeim et le 13 \noctobre 2023 dans un lyc\u00e9e d'Arras, soulignent la p r\u00e9\u00e9minence et l'acuit\u00e9 de la menace \nendog\u00e8ne dont le passage \u00e0 l'acte n'a n\u00e9cessit\u00e9 que  peu de moyens  ; que ces attaques \ninterviennent dans un contexte tendu, mat\u00e9rialis\u00e9 p ar une hausse tr\u00e8s importante des \nfaits antis\u00e9mites, depuis la riposte de l'arm\u00e9e isr a\u00e9lienne aux attaques terroristes \ncommises le 7 octobre 2023 par le Hamas  ; que l'organisation terroriste Al Qa\u00efda et \nl'ensemble de ses branches r\u00e9gionales ont appel\u00e9 \u00e0 mener le Jihad contre Isra\u00ebl et ses \nalli\u00e9s \u00e0 la suite desdites attaques  ; que les 19 octobre 2023, 31 octobre 2023 et 4 jan vier \n2024, l'Etat islamique a pour sa part appel\u00e9 \u00e0 cibl er la communaut\u00e9 juive dans tous les \npays occidentaux ainsi que les chr\u00e9tiens et leurs a lli\u00e9s \u00ab  de la pire des mani\u00e8res \npossibles  \u00bb, notamment \u00e0 Paris, Londres, Washington et Rome  ; qu'en outre, le 14 \nseptembre 2023, Al Qa\u00efda a publi\u00e9 un article mena\u00e7a nt la France d'une \u00ab  attaque arm\u00e9e \nqui ciblerait le b\u00e2timent d'un minist\u00e8re dans la ca pitale, Paris  \u00bb ; que ces \u00e9l\u00e9ments se \nconjuguent pour accro\u00eetre le niveau g\u00e9n\u00e9ral de la m enace en France, qui est susceptible \nde se mat\u00e9rialiser tant par des individus seuls et pr\u00e9alablement inconnus des services de \nrenseignement, que par des menaces projet\u00e9es depuis  un th\u00e9\u00e2tre ext\u00e9rieur ou \ndirectement activ\u00e9s depuis le territoire national p ar des organisations terroristes  ; que les \ns\u00e9ries d'interpellation r\u00e9alis\u00e9e en Turquie (depuis  fin 2023), en Su\u00e8de (d\u00e9but 2023), en \nAllemagne, aux Pays-Bas et en Belgique (le 6  juillet 2023), illustrent l'actualit\u00e9 de la menace \nterroriste djihadiste  ; que les organisations terroristes ont r\u00e9guli\u00e8reme nt menac\u00e9 les \ngrands \u00e9v\u00e8nements sportifs au travers de leurs orga nes de propagande et la France a \u00e9t\u00e9 \nla cible de contenus de propagande, diffus\u00e9s le 13 d\u00e9cembre 2022, appelant \u00e0 la \nr\u00e9alisation d'actions violentes contre des joueurs et supporteurs fran\u00e7ais \u00e0 l'occasion du \nmatch France-Maroc se d\u00e9roulant le 14 d\u00e9cembre 2022  ; \n \n Pr\u00e9fecture de Police - 75-2024-07-11-00032 - Arr\u00eat\u00e9 n\u00b0 2024-0959 du 11 juillet 2024 portant autorisation de l?emploi dans neuf stations\nde la R\u00e9gie autonome des transports parisiens d?un traitement algorithmique des images issues d?un syst\u00e8me de vid\u00e9oprotection du\n12 juillet 2024 au 15 juillet 2024108\n.../...  \n2024-0959 - 3 - \nConsid\u00e9rant, en outre, que divers \u00e9v\u00e9nements r\u00e9cr\u00e9a tifs ou sportifs d'ampleur ont \u00e9t\u00e9 \nla cible d'attaques ou de projets d'attentats par d es jihadistes  ; qu'il en a \u00e9t\u00e9 ainsi \nnotamment le 15 avril 2013, deux terroristes ont co mmis un double attentat \u00e0 l'explosif \u00e0 \nproximit\u00e9 de la ligne d'arriv\u00e9e du marathon de Bost on au \u00c9tats-Unis provoquant trois \nmorts et plus de 200 bless\u00e9s, le 13 novembre 2015 a u Stade de France o\u00f9 deux kamikazes \nse sont fait exploser alors que se d\u00e9roulait un mat ch amical de football entre la France et \nl'Allemagne, provoquant un mort et une cinquantaine  de bless\u00e9s, le 30 d\u00e9cembre 2021, \nun attentat \u00e0 l'explosif a vis\u00e9 une voiture d'assis tance fran\u00e7aise du Rallye Dakar \u00e0 Djeddah \nen Arabie Saoudite et le 16 octobre 2023, \u00e0 Bruxell es o\u00f9 un jihadiste se r\u00e9clamant du \ngroupe \u00c9tat islamique (EI) a tu\u00e9 deux supporters de  l'\u00e9quipe su\u00e9doise de football en \nmarge d'un match opposant l'\u00e9quipe de Su\u00e8de \u00e0 celle  de Belgique  ; que tout r\u00e9cemment, \nl'Etat islamique a mis en ligne le 8 avril 2024 des  publications \u00e9voquant des attentats qui \nviseraient les quarts de finale de la Ligue des cha mpions de football  ; \nConsid\u00e9rant que, \u00e0 la suite de l'attaque au couteau  perp\u00e9tr\u00e9e \u00e0 Arras le 13 octobre \ndernier par un individu radicalis\u00e9 qui a co\u00fbt\u00e9 la v ie \u00e0 un enseignant et caus\u00e9 plusieurs \nbless\u00e9s, le Gouvernement a \u00e9lev\u00e9 le plan Vigipirate  au niveau \u00ab  Alerte Attentat  \u00bb ; qu'\u00e0 la \nsuite de l'attaque terroriste revendiqu\u00e9e par l'\u00c9ta t islamique \u00e0 Moscou le 22 mars 2024, le \nGouvernement a rehauss\u00e9 le plan Vigipirate \u00e0 son ni veau le plus \u00e9lev\u00e9 \u00ab  urgence \nattentat  \u00bb ; \nConsid\u00e9rant, d\u00e8s lors, que la f\u00eate nationale, compt e tenu de ces circonstances et de \nl'ampleur de sa fr\u00e9quentation, appara\u00eet particuli\u00e8r ement expos\u00e9e \u00e0 des risques d'actes de \nterrorisme ; qu'ainsi, elle r\u00e9pond aux conditions p os\u00e9es par la loi du 19 mai 2023 susvis\u00e9e \net rend n\u00e9cessaire qu'il soit fait usage, \u00e0 titre e xp\u00e9rimental et \u00e0 la seule fin d'assurer sa \ns\u00e9curit\u00e9, de traitements algorithmiques des images dans les v\u00e9hicules et les emprises de \ntransport public et sur les voies la desservant ;  \nConsid\u00e9rant que cette exp\u00e9rimentation, qui se d\u00e9rou lera du 12 juillet 2024 \u00e0 8h au 15 \njuillet 2024 \u00e0 8h, soumettra les images issues des cam\u00e9ras install\u00e9es dans les stations \nBastille, Champs Elys\u00e9es \u2013 Cl\u00e9menceau, Charles de G aulle \u2013 Etoile, Concorde, H\u00f4tel de \nVille, Trocad\u00e9ro, Tuileries, Franklin Roosevelt et R\u00e9publique au traitement algorithmique \nd\u00e9nomm\u00e9 \u00ab Cityvision \u00bb et d\u00e9velopp\u00e9 par la soci\u00e9t\u00e9 Wintics  ; que l'installation de ces \ncam\u00e9ras a \u00e9t\u00e9 autoris\u00e9e respectivement par les arr\u00ea t\u00e9s pr\u00e9fectoraux des 25 janvier 2023, \n10 mai 2023 et 6 juillet 2023 susvis\u00e9s ; que le tra itement d\u00e9nomm\u00e9 \u00ab Cityvision \u00bb a fait \nl'objet d'une attestation de conformit\u00e9 en date du 11 avril 2024 d\u00e9livr\u00e9e par le ministre de \nl'int\u00e9rieur et des outre-mer ; que, d\u00e8s lors, les d onn\u00e9es ainsi recueillies et trait\u00e9es dans le \ncadre de cette exp\u00e9rimentation ne peuvent \u00eatre util is\u00e9es \u00e0 d'autres fins que celles \npr\u00e9vues \u00e0 l'article 4 du d\u00e9cret du 28 ao\u00fbt 2023 sus vis\u00e9 ; \nConsid\u00e9rant, en outre, que l'emploi de ce traitemen t a fait l'objet d'une transmission le \n12 avril 2024 par le service RATP s\u00fbret\u00e9, responsab le de celui-ci au sens de l'article 10 de la \nloi du 19 mai 2023 susvis\u00e9e, \u00e0 la Commission nation ale de l'informatique et des libert\u00e9s \nd'un engagement de conformit\u00e9 au d\u00e9cret du 28 ao\u00fbt 2023 susvis\u00e9, ainsi que d'une \nanalyse d'impact sur la protection des donn\u00e9es \u00e0 ca ract\u00e8re personnel pr\u00e9sentant les \ncaract\u00e9ristiques particuli\u00e8res de ce traitement qui  ne figurent pas dans l'analyse \nd'impact-cadre transmise par le minist\u00e8re de l'int\u00e9 rieur et des outre-mer \u00e0 cette m\u00eame \nCommission ;  \nConsid\u00e9rant que l'exp\u00e9rimentation a pour objet de d \u00e9tecter les \u00e9v\u00e9nements \npr\u00e9d\u00e9termin\u00e9s suivants : intrusion en zone interdit e au public ou sensible - mouvement de \nfoule dans des zones \u00e0 risques - densit\u00e9 anormaleme nt \u00e9lev\u00e9e - pr\u00e9sence d'un bagage \nabandonn\u00e9 ; que ces \u00e9v\u00e9nements, qui figurent dans l a liste fix\u00e9e \u00e0 l'article 3 du d\u00e9cret du  \n Pr\u00e9fecture de Police - 75-2024-07-11-00032 - Arr\u00eat\u00e9 n\u00b0 2024-0959 du 11 juillet 2024 portant autorisation de l?emploi dans neuf stations\nde la R\u00e9gie autonome des transports parisiens d?un traitement algorithmique des images issues d?un syst\u00e8me de vid\u00e9oprotection du\n12 juillet 2024 au 15 juillet 2024109\n.../...  \n2024-0959 - 4 - \n28 ao\u00fbt 2023 susvis\u00e9, sont susceptibles de pr\u00e9sente r ou de r\u00e9v\u00e9ler un risque au regard de \nla menace terroriste ;  \nConsid\u00e9rant que les agents du service interne de s\u00e9 curit\u00e9 de la R\u00e9gie autonome des \ntransports parisiens autoris\u00e9s \u00e0 acc\u00e9der aux signal ements du traitement d\u00e9nomm\u00e9 \n\u00ab Cityvision \u00bb ont re\u00e7u une formation en mati\u00e8re de  protection des donn\u00e9es \u00e0 caract\u00e8re \npersonnel ainsi que sur le fonctionnement op\u00e9ration nel et technique du traitement et sa \nprise en main ; que, pour exercer la mission qui le ur est confi\u00e9e par le III de l'article 15 du \nd\u00e9cret du 28 ao\u00fbt 2023 susvis\u00e9, ils ont \u00e9t\u00e9 individ uellement d\u00e9sign\u00e9s et sp\u00e9cialement \nhabilit\u00e9s par le directeur du service RATP s\u00fbret\u00e9 ;  \nConsid\u00e9rant qu'une information sera d\u00e9livr\u00e9e au pub lic sur cette exp\u00e9rimentation dans \nles conditions fix\u00e9es par le pr\u00e9sent arr\u00eat\u00e9  ; \nConsid\u00e9rant que, dans ces conditions, la mise en \u0153u vre de traitements algorithmiques \nest adapt\u00e9e et proportionn\u00e9e ;  \n \n \n \nARR\u00caTE  : \n \nArticle 1 er  - Le service RATP s\u00fbret\u00e9, sis 54, quai de la Rap\u00e9e  - 75599 Paris Cedex 12, qui \nconstitue le service interne de s\u00e9curit\u00e9 de la R\u00e9gi e autonome des transports parisiens au \nsens de l'article 10 de la loi du 19 mai 2023 susvi s\u00e9e, est autoris\u00e9e \u00e0 mettre en \u0153uvre le \ntraitement algorithmique d\u00e9nomm\u00e9 \u00ab Cityvision \u00bb et d\u00e9velopp\u00e9 par la soci\u00e9t\u00e9 Wintics du \n12 juillet 2024 \u00e0 8h au 15 juillet 2024 \u00e0 8h, \u00e0 l'o ccasion de la f\u00eate nationale.  \nCe traitement, qui exploitera les images issues des  cam\u00e9ras install\u00e9es dans les stations \nBastille (lignes 1, 5, 8), Champs Elys\u00e9es \u2013 Cl\u00e9menc eau (lignes 1 et 13), Charles de Gaulle \u2013 \nEtoile (lignes 1, 2, 6 et RER A), Concorde (lignes 1, 8 et 12), H\u00f4tel de Ville (lignes 1 et 11), \nTrocad\u00e9ro (lignes 6 et 9), Tuileries (ligne 1), Fra nklin Roosevelt (lignes 1 et 9) et R\u00e9publique \n(lignes 3, 5, 8, 9 et 11), dans les conditions pr\u00e9v ues par l'article 10 de la loi du 19 mai 2023 \nsusvis\u00e9e, a pour objet de d\u00e9tecter les \u00e9v\u00e9nements s uivants : \n- Intrusion en zone interdite au public ou sensible  ; \n- Mouvement de foule dans des zones \u00e0 risques ;  \n- Densit\u00e9 anormalement \u00e9lev\u00e9e ;  \n- Pr\u00e9sence d'un bagage abandonn\u00e9.  \nLes op\u00e9rations de collecte, de consultation, de com munication, de modification et \nd'effacement des images faisant l'objet d'une analy se algorithmique, ainsi que les \nsignalements g\u00e9n\u00e9r\u00e9s par le traitement font l'objet  d'un enregistrement.  \nCes donn\u00e9es sont conserv\u00e9es douze mois, ainsi que l es journaux des op\u00e9rations de \nconsultation et de communication, conform\u00e9ment \u00e0 l' article 16 du d\u00e9cret du 28 ao\u00fbt \n2023 susvis\u00e9.  \nLe service RATP s\u00fbret\u00e9 tient un registre des suites  apport\u00e9es aux signalements effectu\u00e9s \npar le traitement ainsi que le nom et le pr\u00e9nom des  personnes ayant acc\u00e8s aux \nsignalements. \n Pr\u00e9fecture de Police - 75-2024-07-11-00032 - Arr\u00eat\u00e9 n\u00b0 2024-0959 du 11 juillet 2024 portant autorisation de l?emploi dans neuf stations\nde la R\u00e9gie autonome des transports parisiens d?un traitement algorithmique des images issues d?un syst\u00e8me de vid\u00e9oprotection du\n12 juillet 2024 au 15 juillet 2024110\n.../...  \n2024-0959 - 5 -  \n Article 2 - L'information du public relative \u00e0 l'emploi du tr aitement mentionn\u00e9 \u00e0 l'article 1 er  est \nd\u00e9livr\u00e9e par le biais :  \n\u2022 de panneaux \u00e0 chaque entr\u00e9e ainsi que sur chaque qu ai des neuf stations concern\u00e9es ;  \n\u2022 du site de la RATP : https://www.ratp.fr/politique- general-de-confidentialite, dont le \ncontenu apporte des pr\u00e9cisions sur les modalit\u00e9s de  mise en \u0153uvre de l'exp\u00e9rimentation \nainsi que les conditions d'exercice des droits des personnes.  \n \n Article 3 - Les droits d'acc\u00e8s, de rectification et \u00e0 la limi tation des donn\u00e9es s'exercent aupr\u00e8s \ndu d\u00e9l\u00e9gu\u00e9 \u00e0 la protection des donn\u00e9es de la RATP :  54, quai de la Rap\u00e9e \u2013 75012 Paris (T\u00e9l : 01 \n58 77 41 83 \u2013 Mel : protection-donnees@ratp.fr), da ns les conditions pr\u00e9vues au II de l'article 10 \ndu d\u00e9cret du 28 ao\u00fbt 2023 susvis\u00e9. \n  Article 4 - La pr\u00e9f\u00e8te, directrice du cabinet et le directeur d u service RATP s\u00fbret\u00e9 sont \ncharg\u00e9s, chacun en ce qui le concerne, de l'ex\u00e9cuti on du pr\u00e9sent arr\u00eat\u00e9, qui sera publi\u00e9 \nau recueil des actes administratifs de la pr\u00e9fectur e de police et consultable sur son site : \nhttps://www.prefecturedepolice.interieur.gouv.fr . \n  \n \nFait \u00e0 Paris, le 11 juillet 2024  \nSIGNE \nLaurent NU\u00d1EZ  \n Pr\u00e9fecture de Police - 75-2024-07-11-00032 - Arr\u00eat\u00e9 n\u00b0 2024-0959 du 11 juillet 2024 portant autorisation de l?emploi dans neuf stations\nde la R\u00e9gie autonome des transports parisiens d?un traitement algorithmique des images issues d?un syst\u00e8me de vid\u00e9oprotection du\n12 juillet 2024 au 15 juillet 2024111\n.../...  \n2024-0959  \nAnnexe de l'arr\u00eat\u00e9 n\u00b0 2024-0959  du 11 juillet 2024  \n \n \n \nVOIES ET DELAIS DE RECOURS  \n_______________________  \n \n \n \nSi vous estimez devoir contester le pr\u00e9sent arr\u00eat\u00e9,  il vous est possible, dans un \nd\u00e9lai de deux mois \u00e0 compter de la date de sa publi cation au recueil des actes \nadministratifs de la pr\u00e9fecture de police :  \n \n \n- soit de saisir d'un RECOURS GRACIEUX  \nle Pr\u00e9fet de Police  \n7/9, boulevard du Palais - 75195 PARIS RP  \n \n- ou de former un RECOURS HIERARCHIQUE  \n  aupr\u00e8s du Ministre de l'int\u00e9rieur  \n  Direction des libert\u00e9s publiques et des affaires juridiques  \n  place Beauvau - 75008 PARIS  \n \n- soit de saisir d'un RECOURS CONTENTIEUX  \nle Tribunal administratif comp\u00e9tent  \n \n \nAucune de ces voies et recours ne suspend l'applica tion de la pr\u00e9sente \nd\u00e9cision.  \n \nLes recours GRACIEUX et HI\u00c9RARCHIQUE doivent \u00eatre \u00e9 crits, exposer les \narguments ou faits nouveaux et comprendre la copie de l'arr\u00eat\u00e9 contest\u00e9.  \n \nLe recours CONTENTIEUX, qui vise \u00e0 contester la L\u00c9G ALIT\u00c9 de la pr\u00e9sente \nd\u00e9cision, doit \u00e9galement \u00eatre \u00e9crit et exposer votr e argumentation juridique.  \n \nSi vous n'aviez pas de r\u00e9ponse \u00e0 votre recours GRAC IEUX ou HI\u00c9RARCHIQUE \ndans un d\u00e9lai de deux mois \u00e0 compter de la r\u00e9ceptio n de votre recours par \nl'administration, votre demande devra \u00eatre consid\u00e9r \u00e9e comme rejet\u00e9e (d\u00e9cision implicite \nde rejet).  \n \nEn cas de rejet des recours GRACIEUX ou HI\u00c9RARCHIQU E, le Tribunal \nadministratif peut \u00eatre saisi d'un recours contenti eux dans le d\u00e9lai de deux mois \u00e0 \ncompter de la date de la d\u00e9cision de rejet.  \n \n \n \n \n Pr\u00e9fecture de Police - 75-2024-07-11-00032 - Arr\u00eat\u00e9 n\u00b0 2024-0959 du 11 juillet 2024 portant autorisation de l?emploi dans neuf stations\nde la R\u00e9gie autonome des transports parisiens d?un traitement algorithmique des images issues d?un syst\u00e8me de vid\u00e9oprotection du\n12 juillet 2024 au 15 juillet 2024112","date":"2024-07-12","first_seen_on":"2024-07-12T16:50:22+00:00","id":"13f5185723aec1a92fe9fcb1942ae6e85a7a9e7315ee22dd6ee3e6d6b7803c51","name":"recueil-75-2024-419-recueil-des-actes-administratifs-special du 12.07.2024","pdf_creation_date":"2024-07-12T14:45:48+00:00","pdf_modification_date":null,"timezone":"Europe/Paris","url":"https://www.prefectures-regions.gouv.fr/ile-de-france/irecontenu/telechargement/118391/881372/file/recueil-75-2024-419-recueil-des-actes-administratifs-special%20du%2012.07.2024.pdf"}
