{"administration":"prefidf","administration_name":"Pr\u00e9fecture de la r\u00e9gion \u00cele-de-France","content":"PREFECTURE\nREGION ILE DE\nFRANCE\nRECUEIL DES ACTES\nADMINISTRATIFS SP\u00c9CIAL\n(NOMINATIFS)\nN\u00b0IDF-053-2025-12\nPUBLI\u00c9 LE 23 D\u00c9CEMBRE 2025\nSommaire\nDirection r\u00e9gionale et interd\u00e9partementale de l'\u00e9conomie, de l'emploi,\ndu travail et des solidarit\u00e9s d'\u00cele-de-France / secr\u00e9tariat de direction\nIDF-2025-12-01-00037 - Arr\u00eat\u00e9 n\u00b02025-265 du 1er d\u00e9cembre\n2025\n\nPortant commissionnement pour effectuer des contr\u00f4les au\ntitre de la formation professionnelle et des op\u00e9rations cofinanc\u00e9es par\nle Fonds Social Europ\u00e9en (3 pages) Page 3\nIDF-2025-12-01-00038 - Arr\u00eat\u00e9 n\u00b02025-266\n\nPortant\ncommissionnement pour effectuer des contr\u00f4les au titre de la formation\nprofessionnelle et des op\u00e9rations cofinanc\u00e9es par le Fonds Social\nEurop\u00e9en (3 pages) Page 7\n2\nDirection r\u00e9gionale et interd\u00e9partementale de\nl'\u00e9conomie, de l'emploi, du travail et des\nsolidarit\u00e9s d'\u00cele-de-France\nIDF-2025-12-01-00037\nArr\u00eat\u00e9 n\u00b02025-265 du 1er d\u00e9cembre 2025\nPortant commissionnement pour effectuer des\ncontr\u00f4les au titre de la formation professionnelle\net des op\u00e9rations cofinanc\u00e9es par le Fonds Social\nEurop\u00e9en\nDirection r\u00e9gionale et interd\u00e9partementale de l'\u00e9conomie, de l'emploi, du travail et des solidarit\u00e9s d'\u00cele-de-France -\nIDF-2025-12-01-00037 - Arr\u00eat\u00e9 n\u00b02025-265 du 1er d\u00e9cembre 2025\nPortant commissionnement pour effectuer des contr\u00f4les au titre de la formation professionnelle et des op\u00e9rations cofinanc\u00e9es par le\nFonds Social Europ\u00e9en\n3\nPREFET |DE LA REGIOND'ILE-DE-FRANCE\nFraternit\u00e9\n \nDRIEETS d'Ile-de-France \n32 rue Jean Jaur\u00e8s \u2013 93200 Saint-Denis \nhttp://idf.drieets.gouv.fr/ \n \n \n \n \n \n \n \n \nDirection r\u00e9gionale et interd\u00e9partementale \nde l'\u00e9conomie, de l'emploi, \ndu travail et des solidarit\u00e9s \n \n \n                                             \n \nArr\u00eat\u00e9 n\u00b02025-265 du 1er d\u00e9cembre 2025 \n \nPortant commissionnement pour effectuer des contr\u00f4les au titre de la formation professionnelle et \ndes op\u00e9rations cofinanc\u00e9es par le Fonds Social Europ\u00e9en \n \n \n \nLe Directeur r\u00e9gional et interd\u00e9partemental de l'\u00e9conomie, de l'emploi, du travail et des solidarit\u00e9s d'\u00cele-\nde-France, \n  \nVU le code du travail, notamment les articles L. 6361-1 \u00e0 L. 6361-5 et R. 6361-1 et R. 6361-2 ;  \nVU le r\u00e8glement (UE) n\u00b0 1303/2013 du Parlement europ\u00e9en et du Consei l du 17 d\u00e9cembre 2013, modifi\u00e9, \nportant dispositions communes relatives au Fonds europ\u00e9en de d\u00e9veloppement r\u00e9gional, au Fonds social \neurop\u00e9en, au Fonds de coh\u00e9sion, au Fonds europ\u00e9en agricole pour le d\u00e9veloppement rural et au Fonds \neurop\u00e9en pour les affaires maritimes et la p\u00eache, portan t dispositions g\u00e9n\u00e9rales applicables au Fonds \neurop\u00e9en de d\u00e9veloppement r\u00e9gional, au Fonds social europ\u00e9en, au Fonds de coh\u00e9sion et au Fonds \neurop\u00e9en pour les affaires maritimes et la p\u00eache, et abrogeant le r\u00e8glement (CE) n\u00b0 1083/2006 du Conseil; \nVU le r\u00e8glement (UE) n\u00b0 1304/2013 du Parlement europ\u00e9en et du Conseil du 17 d\u00e9cembre 2013, modifi\u00e9, \nrelatif au Fonds social europ\u00e9en et abrogeant le r\u00e8glement (CE) n\u00b0 1081/2006 du Conseil ;  \nVU le r\u00e8glement d\u00e9l\u00e9gu\u00e9 (UE) n\u00b0 480/2014 de la Commission du 3 mars 2014, modifi\u00e9, compl\u00e9tant le \nr\u00e8glement (UE) n\u00b0 1303/2013 du Parlement europ\u00e9en et du Conseil portant dispositions communes \nrelatives au Fonds europ\u00e9en de d\u00e9veloppement r\u00e9gional, au Fonds soci al europ\u00e9en, au Fonds de \ncoh\u00e9sion, au Fonds europ\u00e9en agricole pour le d\u00e9veloppement rural et au Fonds europ\u00e9en pour les \naffaires maritimes et la p\u00eache, portant dispositions g\u00e9n\u00e9rales applicables au Fonds europ\u00e9en de \nd\u00e9veloppement r\u00e9gional, au Fonds soci al europ\u00e9en, au Fonds de coh\u00e9sion et au Fonds europ\u00e9en pour \nles affaires maritimes et la p\u00eache ; \nVU le d\u00e9cret n\u00b0 2008-548 du 11 juin 2008, modifi\u00e9, relatif \u00e0 la commission interminist\u00e9rielle de coordination \ndes contr\u00f4les \u2013 autorit\u00e9 d'audit pour les fonds europ\u00e9ens en France ; \nVU le d\u00e9cret n\u00b0 2014 -580 du 3 juin 2014 relatif \u00e0 la gestion de tout ou par tie des fonds europ\u00e9ens pour la \np\u00e9riode 2014-2020 ;  \nVU le d\u00e9cret du 22 juillet 2020 portant nomination de Monsieur Marc GUILLAUME, en qualit\u00e9 de pr\u00e9fet de \nla r\u00e9gion d'\u00cele-de-France, pr\u00e9fet de Paris, \n \nDirection r\u00e9gionale et interd\u00e9partementale de l'\u00e9conomie, de l'emploi, du travail et des solidarit\u00e9s d'\u00cele-de-France -\nIDF-2025-12-01-00037 - Arr\u00eat\u00e9 n\u00b02025-265 du 1er d\u00e9cembre 2025\nPortant commissionnement pour effectuer des contr\u00f4les au titre de la formation professionnelle et des op\u00e9rations cofinanc\u00e9es par le\nFonds Social Europ\u00e9en\n4\n2 /3 \n \n  \nVU l'arr\u00eat\u00e9 interminist\u00e9riel du 12 ao\u00fbt 2025 nommant Monsieur Fabrice MASI, directeur r\u00e9gional et \ninterd\u00e9partemental de l'\u00e9conomie, de l'emploi, du travail et des solidarit\u00e9s d'\u00cele-de-France \u00e0 compter du \n25 ao\u00fbt 2025,  \nVU l'arr\u00eat\u00e9 IDF-2025-08-27-00002 du 27 ao\u00fbt 2025 de Monsieur Marc GUILLAUME, pr\u00e9fet de la r\u00e9gion \u00cele-de-\nFrance, pr\u00e9fet de Paris, portant d\u00e9l\u00e9gation de signature \u00e0 Monsieur Fabrice MASI, directeur r\u00e9gional et \ninterd\u00e9partemental de l'\u00e9conomie, de l'emploi, du t ravail et des solidarit\u00e9s d'\u00cele -de-France, en mati\u00e8re \nadministrative,  \nVU l'arr\u00eat\u00e9 du Ministre du Travail, en date du 2 septembre 2025 , portant r\u00e9int\u00e9gration de Monsieur \nMourrade BERKAOUI \u00e0 la direction r\u00e9gionale interd\u00e9partemental de l'\u00e9conomie, de l'emploi, du travail \net des solidarit\u00e9s d'Ile-de-France ; \nVU l'assermentation de Monsieur Mourrade BERKAOUI prononc\u00e9e par le pr\u00e9sident du Tribunal judiciaire de \nParis en date du 13 novembre 2025 ; \n \n \n \nArr\u00eate \n \nARTICLE 1 : \n \nMonsieur Mourrade BERKAOUI est commissionn\u00e9 pour effectuer les contr\u00f4les mentionn\u00e9s aux articles  \nL. 6361-1 \u00e0 L. 6361-5 du code du travail. \n \n \nARTICLE 2 : \n \nMonsieur Mourrade BERKAOUI est commissionn\u00e9 pour effectuer les audits mentionn\u00e9s \u00e0 l'article 27 du \nr\u00e8glement d\u00e9l\u00e9gu\u00e9 (UE) n\u00b0 480/2014 de la Commission du 3 mars 2014 compl\u00e9tant le r\u00e8glement (UE) n\u00b0 \n1303/2013 du Parlement europ\u00e9en et du Conseil portant dispositions communes relatives au Fonds \neurop\u00e9en de d\u00e9veloppement r\u00e9gional, au Fonds social europ\u00e9en, au Fonds de coh\u00e9sion, au Fonds \neurop\u00e9en agricole pour le d\u00e9veloppement rural et au Fonds europ\u00e9en pour les affaires maritimes et la \np\u00eache, portant dispositions g\u00e9n\u00e9rales applicables au Fonds eur op\u00e9en de d\u00e9veloppement r\u00e9gional, au \nFonds social europ\u00e9en, au Fonds de coh\u00e9sion et au Fonds europ\u00e9en pour les affaires maritimes et la \np\u00eache, pour ce qui concerne les op\u00e9rations s\u00e9lectionn\u00e9es dans le cadre du programme op\u00e9rationnel \nnational FSE pour l'empl oi et l'inclusion en m\u00e9tropole (CCI 2014FR05SFOP001) et du programme \nop\u00e9rationnel national pour la mise en \u0153uvre de l'initiative pour l'emploi des jeunes en m\u00e9tropole et en \noutre-mer (CCI 2014FR05M9OP001). \n \n \nARTICLE 3 : \n \nMonsieur Mourrade BERKAOUI est habilit\u00e9 \u00e0 intervenir sur l'ensemble du territoire de la r\u00e9gion Ile -de-\nFrance. \n \nARTICLE 4 : \n \nMonsieur Mourrade BERKAOUI  est tenu au secret professionnel dans les termes des articles 226 -13 et \n226-14 du code p\u00e9nal. \n \n \n \nDirection r\u00e9gionale et interd\u00e9partementale de l'\u00e9conomie, de l'emploi, du travail et des solidarit\u00e9s d'\u00cele-de-France -\nIDF-2025-12-01-00037 - Arr\u00eat\u00e9 n\u00b02025-265 du 1er d\u00e9cembre 2025\nPortant commissionnement pour effectuer des contr\u00f4les au titre de la formation professionnelle et des op\u00e9rations cofinanc\u00e9es par le\nFonds Social Europ\u00e9en\n5\n3 /3 \n \n  \nARTICLE 5 : \n \nLe Directeur r\u00e9gional et interd\u00e9partemental de l'\u00e9conomie, de l'emploi, du travail et des solidarit\u00e9s \nd'\u00cele-de-France est charg\u00e9 de l'ex\u00e9cution du pr\u00e9sent arr\u00eat\u00e9 qui sera publi\u00e9 au recueil des actes \nadministratifs de la pr\u00e9fecture de la r\u00e9gion d'\u00cele-de-France, pr\u00e9fecture de Paris. \n \n \nFait \u00e0 Saint Denis, le 1er d\u00e9cembre 2025 \n \nLe Directeur r\u00e9gional et interd\u00e9partemental de \nl'\u00e9conomie, de l'emploi, du travail et des Solidarit\u00e9s \nd'\u00cele-de-France \n \n \nSIGN\u00c9 \n \n \nFabrice MASI \nDirection r\u00e9gionale et interd\u00e9partementale de l'\u00e9conomie, de l'emploi, du travail et des solidarit\u00e9s d'\u00cele-de-France -\nIDF-2025-12-01-00037 - Arr\u00eat\u00e9 n\u00b02025-265 du 1er d\u00e9cembre 2025\nPortant commissionnement pour effectuer des contr\u00f4les au titre de la formation professionnelle et des op\u00e9rations cofinanc\u00e9es par le\nFonds Social Europ\u00e9en\n6\nDirection r\u00e9gionale et interd\u00e9partementale de\nl'\u00e9conomie, de l'emploi, du travail et des\nsolidarit\u00e9s d'\u00cele-de-France\nIDF-2025-12-01-00038\nArr\u00eat\u00e9 n\u00b02025-266\nPortant commissionnement pour effectuer des\ncontr\u00f4les au titre de la formation professionnelle\net des op\u00e9rations cofinanc\u00e9es par le Fonds Social\nEurop\u00e9en\nDirection r\u00e9gionale et interd\u00e9partementale de l'\u00e9conomie, de l'emploi, du travail et des solidarit\u00e9s d'\u00cele-de-France -\nIDF-2025-12-01-00038 - Arr\u00eat\u00e9 n\u00b02025-266\nPortant commissionnement pour effectuer des contr\u00f4les au titre de la formation professionnelle et des op\u00e9rations cofinanc\u00e9es par le\nFonds Social Europ\u00e9en\n7\nPREFET |DE LA REGIOND'ILE-DE-FRANCE\nFraternit\u00e9\n \nDRIEETS d'Ile-de-France \n32 rue Jean Jaur\u00e8s \u2013 93200 Saint-Denis \nhttp://idf.drieets.gouv.fr/ \n \n \n \n \n \n \n \n \nDirection r\u00e9gionale et interd\u00e9partementale \nde l'\u00e9conomie, de l'emploi, \ndu travail et des solidarit\u00e9s \n \n \n                                             \nArr\u00eat\u00e9 n\u00b02025-266 \n \nPortant commissionnement pour effectuer des contr\u00f4les au titre de la formation professionnelle et des \nop\u00e9rations cofinanc\u00e9es par le Fonds Social Europ\u00e9en \n \n \n \nLe Directeur r\u00e9gional et interd\u00e9partemental de l'\u00e9conomie, de l'emploi, du travail et des solidarit\u00e9s d'\u00cele -\nde-France, \n \n     VU le code du travail, notamment les articles L. 6361-1 \u00e0 L. 6361-5 et R. 6361-1 et R. 6361-2 ;  \nVU le r\u00e8glement (UE) n\u00b0 1303/2013 du Parlement europ\u00e9en et du Consei l du 17 d\u00e9cembre 2013, modifi\u00e9, \nportant dispositions communes relatives au Fonds europ\u00e9en de d\u00e9veloppement r\u00e9gional, au Fonds social \neurop\u00e9en, au Fonds de coh\u00e9sion, au Fonds europ\u00e9en agricole pour le d\u00e9veloppement rural et au Fonds \neurop\u00e9en pour les affaires maritimes et la p\u00eache, portan t dispositions g\u00e9n\u00e9rales applicables au Fonds \neurop\u00e9en de d\u00e9veloppement r\u00e9gional, au Fonds social europ\u00e9en, au Fonds de coh\u00e9sion et au Fonds \neurop\u00e9en pour les affaires maritimes et la p\u00eache, et abrogeant le r\u00e8glement (CE) n\u00b0 1083/2006 du Conseil; \nVU le r\u00e8glement (UE) n\u00b0 1304/2013 du Parlement europ\u00e9en et du Conseil du 17 d\u00e9cembre 2013, modifi\u00e9, relatif \nau Fonds social europ\u00e9en et abrogeant le r\u00e8glement (CE) n\u00b0 1081/2006 du Conseil ;  \nVU le r\u00e8glement d\u00e9l\u00e9gu\u00e9 (UE) n\u00b0 480/2014 de la Commission du 3 mars 2014, modifi\u00e9, compl\u00e9tant le r\u00e8glement \n(UE) n\u00b0 1303/2013 du Parlement europ\u00e9en et du Conseil portant dispositions communes relatives au Fonds \neurop\u00e9en de d\u00e9veloppement r\u00e9gional, au Fonds soci al europ\u00e9en, au Fonds de coh\u00e9sion, au Fonds \neurop\u00e9en agricole pour le d\u00e9veloppement rural et au Fonds europ\u00e9en pour les affaires maritimes et la \np\u00eache, portant dispositions g\u00e9n\u00e9rales applicables au Fonds europ\u00e9en de d\u00e9veloppement r\u00e9gional, au \nFonds soci al europ\u00e9en, au Fonds de coh\u00e9sion et au Fonds europ\u00e9en pour les affaires maritimes et la \np\u00eache ; \nVU le d\u00e9cret n\u00b0 2008 -548 du 11 juin 2008, modifi\u00e9, relatif \u00e0 la commission interminist\u00e9rielle de coordination \ndes contr\u00f4les \u2013 autorit\u00e9 d'audit pour les fonds europ\u00e9ens en France ; \nVU le d\u00e9cret n\u00b0 2014 -580 du 3 juin 2014 relatif \u00e0 la gestion de tout ou par tie des fonds europ\u00e9ens pour la \np\u00e9riode 2014-2020 ;  \nVU le d\u00e9cret du 22 juillet 2020 portant nomination de Monsieur Marc GUILLAUME, en qualit\u00e9 de pr\u00e9fet de la \nr\u00e9gion d'\u00cele-de-France, pr\u00e9fet de Paris, \nVU l'arr\u00eat\u00e9 interminist\u00e9riel du 12 ao\u00fbt 2025 nommant Monsieur Fabrice MASI, directeur r\u00e9gional et \ninterd\u00e9partemental de l'\u00e9conomie, de l'emploi, du travail et des solidarit\u00e9s d'\u00cele -de-France \u00e0 compter du \n25 ao\u00fbt 2025,  \nDirection r\u00e9gionale et interd\u00e9partementale de l'\u00e9conomie, de l'emploi, du travail et des solidarit\u00e9s d'\u00cele-de-France -\nIDF-2025-12-01-00038 - Arr\u00eat\u00e9 n\u00b02025-266\nPortant commissionnement pour effectuer des contr\u00f4les au titre de la formation professionnelle et des op\u00e9rations cofinanc\u00e9es par le\nFonds Social Europ\u00e9en\n8\n2 / 3  \n \nVU l'arr\u00eat\u00e9 IDF-2025-08-27-00002 du 27 ao\u00fbt 2025 de Monsieur Marc GUILLAUME, pr\u00e9fet de la r\u00e9gion \u00cele -de-\nFrance, pr\u00e9fet de Paris, portant d\u00e9l\u00e9gation de signature \u00e0 Monsieur Fabrice MASI, directeur r\u00e9gional et \ninterd\u00e9partemental de l'\u00e9conomie, de l'emploi, du t ravail et des solidarit\u00e9s d'\u00cele -de-France, en mati\u00e8re \nadministrative,  \nVU l'arr\u00eat\u00e9 du Ministre du Travail, en date du 6 f\u00e9vrier 2025, portant changement d'affectation de Madame \nTh\u00e9r\u00e8se ROSSI \u00e0 la direction r\u00e9gionale interd\u00e9partemental de l'\u00e9conomie, de l'emploi, du travail et des \nsolidarit\u00e9s d'Ile-de-France ; \nVU l'assermentation de Madame Th\u00e9r\u00e8se ROSSI prononc\u00e9e par le pr\u00e9sident du Tribunal judiciaire de Paris en \ndate du 14 novembre 2025 ; \n \n \n \nArr\u00eate \n \nARTICLE 1 : \n \nMadame Th\u00e9r\u00e8se ROSSI est commissionn\u00e9e pour effectuer les contr\u00f4les mentionn\u00e9s aux articles L. 6361 -\n1 \u00e0 L. 6361-5 du code du travail. \n \n \nARTICLE 2 : \n \nMadame Th\u00e9r\u00e8se ROSSI  est commissionn\u00e9 e pour effectuer les audits mentionn\u00e9s \u00e0 l'article 27 du \nr\u00e8glement d\u00e9l\u00e9gu\u00e9 (UE) n\u00b0 480/2014 de la Commission du 3 mars 2014 compl\u00e9tant le r\u00e8glement (UE) n\u00b0 \n1303/2013 du Parlement europ\u00e9en et du Conseil portant dispositions communes relatives au Fonds \neurop\u00e9en de d\u00e9veloppement r\u00e9gional, au Fonds social europ\u00e9en, au Fonds de coh\u00e9sion, au Fonds \neurop\u00e9en agricole pour le d\u00e9veloppement rural et au Fonds europ\u00e9en pour les affaires maritimes et la \np\u00eache, portant dispositions g\u00e9n\u00e9rales applicables au Fonds europ\u00e9en de d\u00e9veloppement r\u00e9gional, au \nFonds social europ\u00e9en, au Fonds de coh\u00e9sion et au Fonds europ\u00e9en pour les affaires maritimes et la p\u00eache, \npour ce qui concerne les op\u00e9rations s\u00e9lectionn\u00e9es dans le cadre du programme op\u00e9rationnel national FSE \npour l'emploi et l'inclusion en m\u00e9tropole (CCI 2014FR05SFOP001) et du programme op\u00e9rationnel national \npour la mise en \u0153uvre de l'initiative pour l'emploi des jeunes en m\u00e9tropole et en outre -mer (CCI \n2014FR05M9OP001). \n \n \nARTICLE 3 : \n \nMadame Th\u00e9r\u00e8se ROSSI est habilit\u00e9e \u00e0 intervenir sur l'ensemble du territoire de la r\u00e9gion Ile-de-France. \n \n \nARTICLE 4 : \n \nMadame Th\u00e9r\u00e8se ROSSI est tenue au secret professionnel dans les termes des articles 226-13 et 226-14 du \ncode p\u00e9nal. \n \n \n \n \n \n \nDirection r\u00e9gionale et interd\u00e9partementale de l'\u00e9conomie, de l'emploi, du travail et des solidarit\u00e9s d'\u00cele-de-France -\nIDF-2025-12-01-00038 - Arr\u00eat\u00e9 n\u00b02025-266\nPortant commissionnement pour effectuer des contr\u00f4les au titre de la formation professionnelle et des op\u00e9rations cofinanc\u00e9es par le\nFonds Social Europ\u00e9en\n9\n3 / 3  \n \n \nARTICLE 5 : \n \nLe Directeur r\u00e9gional et interd\u00e9partemental de l'\u00e9conomie, de l'emploi, du travail et des solidarit\u00e9s d'\u00cele -\nde-France est charg\u00e9 de l'ex\u00e9cution du pr\u00e9sent arr\u00eat\u00e9 qui sera publi\u00e9 au recueil des actes administratifs \nde la pr\u00e9fecture de la r\u00e9gion d'\u00cele-de-France, pr\u00e9fecture de Paris. \n \n \n \nFait \u00e0 Saint Denis, le 1er d\u00e9cembre 2025 \n \nLe Directeur r\u00e9gional et interd\u00e9partemental de \nl'\u00e9conomie, de l'emploi, du travail et des Solidarit\u00e9s \nd'\u00cele-de-France \n \n \nSIGN\u00c9 \n \n \nFabrice MASI \nDirection r\u00e9gionale et interd\u00e9partementale de l'\u00e9conomie, de l'emploi, du travail et des solidarit\u00e9s d'\u00cele-de-France -\nIDF-2025-12-01-00038 - Arr\u00eat\u00e9 n\u00b02025-266\nPortant commissionnement pour effectuer des contr\u00f4les au titre de la formation professionnelle et des op\u00e9rations cofinanc\u00e9es par le\nFonds Social Europ\u00e9en\n10","date":"2025-12-23","first_seen_on":"2025-12-23T16:42:20+00:00","id":"14268121f23a2b212f63ceb9cd512d0344843f62e343c580fedaa5ccca2aea44","name":"recueil-idf-053-2025-12-RAA-nominatifs du 23.12.2025","pdf_creation_date":"2025-12-23T15:53:14+00:00","pdf_modification_date":null,"timezone":"Europe/Paris","url":"https://www.prefectures-regions.gouv.fr/ile-de-france/irecontenu/telechargement/134028/982183/file/recueil-idf-053-2025-12-RAA-nominatifs%20du%2023.12.2025.pdf"}
