{"administration":"pref69","administration_name":"Pr\u00e9fecture du Rh\u00f4ne","content":"PR\u00c9F\u00c8TE\nDU RH\u00d4NE\nRECUEIL DES ACTES\nADMINISTRATIFS SP\u00c9CIAL\nN\u00b069-2025-201\nPUBLI\u00c9 LE  5 AO\u00dbT 2025\nSommaire\n69_DDT_Direction d\u00e9partementale des territoires du Rh\u00f4ne /\n69-2025-08-05-00002 - Arr\u00eat\u00e9 approbation du dossier pr\u00e9liminaire de\ns\u00e9curit\u00e9 au projet de renouvellement du poste de commande\ncentralis\u00e9 du m\u00e9tro de Lyon (3 pages) Page 3\n69_Pr\u00e9f_Pr\u00e9fecture du Rh\u00f4ne / Cabinet\n69-2025-08-05-00001 - Publication RAA sign\u00e9 MHT Promo du 14 juillet\n2025 (1 page) Page 7\n69_Pr\u00e9f_Pr\u00e9fecture du Rh\u00f4ne / Direction des affaires juridiques et de\nl'administration locale\n69-2025-08-04-00002 - AP PF JOSEPH 69-0731 rectif (2 pages) Page 9\n69-2025-07-22-00005 - Arr\u00eat\u00e9 pr\u00e9fectoral du 22 juillet 2025\nportant\nd\u00e9rogation aux dispositions de l'article 5 du d\u00e9cret n\u00b0 2018-514 du\n25 juin\n2018 et attribution d'une subvention au titre de la r\u00e9paration\ndes d\u00e9g\u00e2ts et\ndommages r\u00e9sultant des violences urbaines survenues\nentre le 27 juin et le 5 juillet\n2023 (3 pages) Page 12\n2\n69_DDT_Direction d\u00e9partementale des\nterritoires du Rh\u00f4ne\n69-2025-08-05-00002\nArr\u00eat\u00e9 approbation du dossier pr\u00e9liminaire de\ns\u00e9curit\u00e9 au projet de renouvellement du poste\nde commande centralis\u00e9 du m\u00e9tro de Lyon\n69_DDT_Direction d\u00e9partementale des territoires du Rh\u00f4ne - 69-2025-08-05-00002 - Arr\u00eat\u00e9 approbation du dossier pr\u00e9liminaire de\ns\u00e9curit\u00e9 au projet de renouvellement du poste de commande centralis\u00e9 du m\u00e9tro de Lyon 3\nesPREFETEDU RHONELibert\u00e9Egalit\u00e9Fraternit\u00e9\nDirection d\u00e9partementale\ndes territoires\nArr\u00eat\u00e9 pr\u00e9fectoral n\u00b0  69-2025-08-05-00002 du 5 ao\u00fbt 2025 portant approbation du dossier \npr\u00e9liminaire de s\u00e9curit\u00e9 relatif au projet de renouvellement du poste de commande centralis\u00e9 du \nm\u00e9tro de Lyon.\nLa Pr\u00e9f\u00e8te de la R\u00e9gion Auvergne-Rh\u00f4ne-Alpes,\nPr\u00e9f\u00e8te de la Zone de d\u00e9fense et de s\u00e9curit\u00e9 sud-est,\nPr\u00e9f\u00e8te du Rh\u00f4ne,\nCommandeur de la L\u00e9gion d'honneur,\nCommandeur de l'ordre national du M\u00e9rite,\nVU le code des transports modifi\u00e9,\nVU le d\u00e9cret n\u00b02003-425 du 9 mai 2003 relatif \u00e0 la s\u00e9curit\u00e9 des transports publics guid\u00e9s,\nVU le d\u00e9cret n\u00b02010-146 du 16  f\u00e9vrier 2010, modifiant le d\u00e9cret n\u00b02004-374 du 29  avril 2004 relatif aux  \npouvoirs  des  pr\u00e9fets,  \u00e0  l'organisation  et  \u00e0  l'action  des  services  de  l'\u00c9tat  dans  les  r\u00e9gions  et  \nd\u00e9partements,\nVU le d\u00e9cret n\u00b02010-1580 du 17 d\u00e9cembre 2010 relatif au service technique des remont\u00e9es m\u00e9caniques  \net des transports guid\u00e9s (STRMTG),\nVU le d\u00e9cret n\u00b02017-440 du 30 mars 2017 relatif \u00e0 la s\u00e9curit\u00e9 des transports publics guid\u00e9s,\nVU le d\u00e9cret du 11 janvier 2023 en Conseil des ministres portant nomination de la pr\u00e9f\u00e8te de la r\u00e9gion  \nAuvergne-Rh\u00f4ne-Alpes,  pr\u00e9f\u00e8te  de  la  zone  de  d\u00e9fense  et  de  s\u00e9curit\u00e9  Sud-Est,  pr\u00e9f\u00e8te  du  \nRh\u00f4ne \u2013 Mme BUCCIO (Fabienne),\nVU l'arr\u00eat\u00e9  n\u00b069-2024-07-25-00004  du  25  juillet  2024  portant  d\u00e9l\u00e9gation  de  signature  \u00e0  \nM. CEREZA Xavier, directeur d\u00e9partemental des territoires du Rh\u00f4ne,\nVU l'arr\u00eat\u00e9 du 23  mai 2003 modifi\u00e9 relatif aux dossiers de s\u00e9curit\u00e9 des syst\u00e8mes de transports publics  \nguid\u00e9s urbains,\nVU la circulaire du 6  juillet 2011 relative \u00e0 l'organisation du contr\u00f4le des syst\u00e8mes de transports et de  \nl'instruction  des  dossiers  entre  le  service  technique  des  remont\u00e9es  m\u00e9caniques  et  des  transports \nguid\u00e9s, les pr\u00e9fets et leurs services, en application du d\u00e9cret du 17 d\u00e9cembre 2010,\nCONSID\u00c9RANT la  d\u00e9claration  de  compl\u00e9tude  du  dossier  pr\u00e9liminaire  de  s\u00e9curit\u00e9  relatif  au  \nrenouvellement  du  poste  de  commande  centralis\u00e9  du  m\u00e9tro  de  Lyon,  sign\u00e9e  par  le  directeur  \nd\u00e9partemental des territoires le 06 mai 2025,\nCONSID\u00c9RANT l'avis favorable du bureau Sud-Est du service technique des remont\u00e9es m\u00e9caniques et  \ndes transports guid\u00e9s en date du 24 juillet 2025,\n1/3\n69_DDT_Direction d\u00e9partementale des territoires du Rh\u00f4ne - 69-2025-08-05-00002 - Arr\u00eat\u00e9 approbation du dossier pr\u00e9liminaire de\ns\u00e9curit\u00e9 au projet de renouvellement du poste de commande centralis\u00e9 du m\u00e9tro de Lyon 4\nSur proposition de Monsieur le Directeur d\u00e9partemental des territoires\nARR\u00caTE\nArticle     1   : Approbation du dossier pr\u00e9liminaire de s\u00e9curit\u00e9\nLe Dossier Pr\u00e9liminaire de S\u00e9curit\u00e9 (DPS) relatif au projet de renouvellement du Poste de Commande  \nCentralis\u00e9 (PCC), est approuv\u00e9.\nArticle     2   : Prescriptions d'ordre g\u00e9n\u00e9ral\nL'approbation est assortie des prescriptions suivantes :\nPrise en compte de l'\u00e9valuation de l'Organisme Qualifi\u00e9 Agr\u00e9\u00e9 (OQA) :\nLes observations et remarques de l'OQA devront \u00eatre prises en compte au stade du dossier de s\u00e9curit\u00e9.\nGestion des travaux sous exploitation :\nLes travaux du pr\u00e9sent projet sont en interface avec toutes les lignes de m\u00e9tro en exploitation.\nSYTRAL Mobilit\u00e9s adressera au STRMTG, pour avis et pour chaque ligne, au moins un mois avant le  \nd\u00e9marrage des travaux sur la ligne concern\u00e9e :\n- la note de s\u00e9curit\u00e9 de travaux sous exploitation comprenant la description des travaux, les  \npr\u00e9cautions  mises  en  \u0153uvre  et  les  v\u00e9rifications  \u00e0  effectuer  pour  permettre  la  poursuite  de  \nl'exploitation pendant les travaux,\n- l'avis de l'OQA portant sur cette note.\nCr\u00e9ation du Poste Redresseur (PR) Chavant :\nLes caract\u00e9ristiques techniques, fonctionnelles et de s\u00e9curit\u00e9 relatives au raccordement du nouveau  \nposte redresseur (PR) de la ligne B, situ\u00e9 \u00e0 proximit\u00e9 de la station Saxe Gambetta, aux sous-syst\u00e8mes  \nexistants, seront d\u00e9crites dans la note travaux relative \u00e0 la ligne B. La note int\u00e9grera \u00e9galement les  \nmodalit\u00e9s de mise en service partielle de ce poste redresseur, qui ne sera effective qu'apr\u00e8s le bon  \nd\u00e9roulement  des  essais  et  l'accord  sans  r\u00e9serve  de  l'OQA.  Ces  \u00e9l\u00e9ments  seront  transmis  pour  \ninformation au STRMTG.\nLe dossier de s\u00e9curit\u00e9 devra int\u00e9grer les caract\u00e9ristiques techniques, fonctionnelles et de s\u00e9curit\u00e9 du  \nraccordement du PR \u00e0 la ligne existante.\nMise en service anticip\u00e9e :\nLa mise en service anticip\u00e9e des rupteurs travaux TCL2 sur la ligne A est autoris\u00e9e sous r\u00e9serve du bon  \nd\u00e9roulement des essais et de l'accord sans r\u00e9serve de l'OQA. Les fiches de synth\u00e8se des essais et l'avis  \nOQA devront \u00eatre transmis par courriel au STRMTG dans un d\u00e9lai de 5  jours ouvr\u00e9s apr\u00e8s la mise en  \nservice  anticip\u00e9e.  Conform\u00e9ment  \u00e0  l'article  34  du  d\u00e9cret  n\u00b02017-440  susvis\u00e9,  la  mise  en  service  \nanticip\u00e9e, ainsi autoris\u00e9e, est provisoire. Le dossier de s\u00e9curit\u00e9 sera \u00e0 d\u00e9poser pour la mise en service  \nd\u00e9finitif de la modification.\nR\u00e9f\u00e9rentiels :\nAu stade du dossier de s\u00e9curit\u00e9, il conviendra de mettre \u00e0 jour la pi\u00e8ce 7 pour prendre en compte les  \nr\u00e9f\u00e9rentiels suivants :\n- NF F55-202 (1990-10-01) : R\u00e8gles de conception des sch\u00e9mas des circuits de s\u00e9curit\u00e9 utilisant des \nmat\u00e9riels de s\u00e9curit\u00e9 intrins\u00e8ques,\n- NF  F70-030  (2004-08-01)  :  Applications  ferroviaires  \u2013  Installations  fixes  \u2013  Relais  \n\u00e9lectromagn\u00e9tiques de s\u00e9curit\u00e9 \u2013 R\u00e8gles de conception et de construction,\n2/3\n69_DDT_Direction d\u00e9partementale des territoires du Rh\u00f4ne - 69-2025-08-05-00002 - Arr\u00eat\u00e9 approbation du dossier pr\u00e9liminaire de\ns\u00e9curit\u00e9 au projet de renouvellement du poste de commande centralis\u00e9 du m\u00e9tro de Lyon 5\n- NF  EN  50159  (2011-08-01)  :  Applications  ferroviaires  \u2013  Syst\u00e8mes  de  signalisation,  de  \nt\u00e9l\u00e9communication et de traitement \u2013 Communication de s\u00e9curit\u00e9 sur des syst\u00e8mes de transmission.\nEn dehors des r\u00e9f\u00e9rences ci-dessus, et sauf mention contraire, la version des normes indiqu\u00e9es en pi\u00e8ce \n7 est celle en vigueur au moment de l'approbation du pr\u00e9sent DPS.\nPrise en compte des risques technologiques :\nAu stade du dossier de s\u00e9curit\u00e9, la pi\u00e8ce 3 devra \u00eatre compl\u00e9t\u00e9e en pr\u00e9sentant les dangers relevant des \nrisques technologiques induits par le projet sur les lignes de m\u00e9tro en exploitation, et les mesures de  \ncouvertures  associ\u00e9es.  L'analyse  pr\u00e9liminaire  des  dangers,  ainsi  que  le  registre  des  situations  \ndangereuses devront \u00e9galement prendre en compte les \u00e9v\u00e8nements redout\u00e9s d\u00e9coulant de ces risques.\nArticle     3   : Prescriptions d'ordre techniques\nLa d\u00e9monstration de s\u00e9curit\u00e9 reposant sur des donn\u00e9es quantitatives (taux de d\u00e9faillance) pour les  \n\u00e9carts relatifs \u00e0 l'application des proc\u00e9dures par les agents de ligne ou du PCC, le dossier de s\u00e9curit\u00e9  \nint\u00e9grera  un  document  tra\u00e7ant  les  exports  \u00e0  l'exploitant/mainteneur,  issus  des  hypoth\u00e8ses  de  \nd\u00e9faillance humaine d'application des proc\u00e9dures d\u00e9finies. Ce document devra \u00e9galement pr\u00e9senter  \nles  moyens  et  outils  mis  en  \u0153uvre  par  l'exploitant  afin  de  s'assurer  que  ces  hypoth\u00e8ses  sont  \neffectivement v\u00e9rifi\u00e9es dans le temps.\nTout \u00e9v\u00e9nement de s\u00e9curit\u00e9, incident et accident survenant sur cette ligne devra \u00eatre port\u00e9 \u00e0 la  \nconnaissance des services de l'\u00c9tat selon les modalit\u00e9s d\u00e9finies entre SYTRAL Mobilit\u00e9s et les services  \nde l'\u00c9tat.\n                            Fait, le 05 ao\u00fbt 2025\n             Pour La Pr\u00e9f\u00e8te et par d\u00e9l\u00e9gation\n          Le directeur d\u00e9partemental\nSign\u00e9\nXavier CEREZA    \nD\u00e9lais et voies de recours :\nConform\u00e9ment \u00e0 l'article R.421-1 du code de justice administrative, la pr\u00e9sente d\u00e9cision peut faire l'objet  \nd'un recours contentieux, dans le d\u00e9lai de deux mois \u00e0 compter de sa notification, devant le tribunal  \nadministratif  de  Lyon  (184,  rue  Duguesclin  \u2013  69  433  Lyon  Cedex  03,  ou  sur  l'application  \nwww.telerecours.fr). Elle peut \u00e9galement faire l'objet d'un recours gracieux aupr\u00e8s de Madame la Pr\u00e9f\u00e8te  \ndu Rh\u00f4ne. Cette d\u00e9marche interrompt le d\u00e9lai de recours contentieux, ce dernier devant \u00eatre introduit  \ndans le d\u00e9lai de deux mois suivant une d\u00e9cision implicite ou explicite de l'autorit\u00e9 comp\u00e9tente (le silence  \nde l'administration pendant un d\u00e9lai de deux mois valant d\u00e9cision implicite de rejet).\n3/3\n69_DDT_Direction d\u00e9partementale des territoires du Rh\u00f4ne - 69-2025-08-05-00002 - Arr\u00eat\u00e9 approbation du dossier pr\u00e9liminaire de\ns\u00e9curit\u00e9 au projet de renouvellement du poste de commande centralis\u00e9 du m\u00e9tro de Lyon 6\n69_Pr\u00e9f_Pr\u00e9fecture du Rh\u00f4ne\n69-2025-08-05-00001\nPublication RAA sign\u00e9 MHT Promo du 14 juillet\n2025\n69_Pr\u00e9f_Pr\u00e9fecture du Rh\u00f4ne - 69-2025-08-05-00001 - Publication RAA sign\u00e9 MHT Promo du 14 juillet 2025 7\nCabinetE = Section du Suivi Politique, des InterventionsPREFETE et des Distinctions honorifiquesDU RHONELibert\u00e9\u00c9galit\u00e9Fraternit\u00e9\nLyon, le O5 ao\u00fbt 2025\nL'arr\u00eat\u00e9 n\u00b0 CABINET _SPID_2025 08 _ 04 01 du 04 ao\u00fbt 2025 accordant la m\u00e9dailled'honneur du travail, \u00e0 l'occasion de la promotion du 14 juillet 2025, peut \u00eatre demand\u00e9 \u00e0la pr\u00e9fecture du Rh\u00f4ne, Cabinet \u00e0 l'adresse :pref-medailles@rhone.gouv.fr\nPour la Pr\u00e9f\u00e9te et par d\u00e9l\u00e9gation,La Cheffe adjointe de cabinet,\nMay KARMY\n' 1/1Adresse postale : Pr\u00e9fecture du Rh\u00f4ne \u2014 69419 Lyon cedex 03Accueil du public : 18 rue de Bonnel \u2014 69003 LYONPour conna\u00eetre nos horaires et nos modalit\u00e9s d'accueil : internet : www.rhone. gouv.fr ou t\u00e9l. : 04 72 61 61 61 (co\u00fbt d'un appel local)\n69_Pr\u00e9f_Pr\u00e9fecture du Rh\u00f4ne - 69-2025-08-05-00001 - Publication RAA sign\u00e9 MHT Promo du 14 juillet 2025 8\n69_Pr\u00e9f_Pr\u00e9fecture du Rh\u00f4ne\n69-2025-08-04-00002\nAP PF JOSEPH 69-0731 rectif\n69_Pr\u00e9f_Pr\u00e9fecture du Rh\u00f4ne - 69-2025-08-04-00002 - AP PF JOSEPH 69-0731 rectif 9\nPREFETEDU RHONELibert\u00e9Egalit\u00e9Fraternit\u00e9\nDirection des Affaires Juridiques\net de l'Administration Locale\nBureau des r\u00e9glementations,\ndes \u00e9lections et des associations\nAffaire suivie par\u00a0: Mme Assia YAHI\nT\u00e9l.\u00a0: 04 72 61 61 29\nCourriel\u00a0: pref-funeraire@rhone.gouv.fr\nArr\u00eat\u00e9 pr\u00e9fectoral n\u00b0\u00a069 - 2025 -                                          x\nmodifiant l'arr\u00eat\u00e9 pr\u00e9fectoral n\u00b0 69-2025-07-28-00005 du 28 juillet 2025\nportant habilitation dans le domaine fun\u00e9raire\nLa Pr\u00e9f\u00e8te de la R\u00e9gion Auvergne-Rh\u00f4ne-Alpes,\nPr\u00e9f\u00e8te de la Zone de d\u00e9fense et de s\u00e9curit\u00e9 sud-est,\nPr\u00e9f\u00e8te du Rh\u00f4ne,\nCommandeur de la L\u00e9gion d'honneur,\nCommandeur de l'ordre national du M\u00e9rite,\nVU  le Code g\u00e9n\u00e9ral des collectivit\u00e9s territoriales, notamment ses articles L.2223-23 et R.2223-23-5 et  \nsuivants ;\nVU la loi n\u00b0 93-23 du 8 janvier 1993 modifiant le titre VI du livre III du code des communes et relative \u00e0 la  \nl\u00e9gislation dans le domaine fun\u00e9raire\u00a0;\nVU le dossier de demande de renouvellement d'habilitation r\u00e9ceptionn\u00e9 en pr\u00e9fecture le 15 juillrt 2025  \net compl\u00e9t\u00e9 le 16 juillet 2025,  transmis par M onsieur  Joseph SINAMAL , pr\u00e9sident de la  Sasu POMPES  \nFUN\u00c8BRES  JOSEPH, pour  l'\u00e9tablissement  principal situ\u00e9  28  rue  de  la  R\u00e9publique  69250  Neuville-sur-\nSa\u00f4ne\u00a0;\nVU l'arr\u00eat\u00e9 pr\u00e9fectoral n\u00b0 69-2025-07-28-00005 du 28 juillet 2025 portant habilitation dans le domaine  \nfun\u00e9raire\u00a0;\nConsid\u00e9rant l'erreur mat\u00e9rielle li\u00e9e au num\u00e9ro d'habilitation fun\u00e9raire attribu\u00e9 par le r\u00e9f\u00e9rentiel des  \nop\u00e9rateurs fun\u00e9raires dans l'arr\u00eat\u00e9 susvis\u00e9;\nSur proposition de Madame la Directrice des Affaires Juridiques et de l'Administration Locale\u00a0;\nARR\u00caTE\nPr\u00e9fecture du Rh\u00f4ne\n18 Rue de Bonnel\n69\u00a0419 LYON CEDEX 03\nT\u00e9l\u00a0: 04 72 61 61 61\nwww.rhone.gouv.fr\n1/2\n69_Pr\u00e9f_Pr\u00e9fecture du Rh\u00f4ne - 69-2025-08-04-00002 - AP PF JOSEPH 69-0731 rectif 10\nArticle  \u00a0  1  \u00a0  :   Les dispositions de l'article 2 de l'arr\u00eat\u00e9 pr\u00e9fectoral  n\u00b0 69-2025-07-28-00005 du 28 juillet 2025  \nportant habilitation dans le domaine fun\u00e9raire ainsi qu'il suit\u00a0:\n\u00ab\u00a0La dur\u00e9e de la pr\u00e9sente habilitation d\u00e9livr\u00e9e sous le n\u00b024-69-0731 est fix\u00e9e jusqu'au 25 juin 2029.\u00a0\u00bb\nArticle  \u00a0  2  \u00a0  :   Le pr\u00e9sent arr\u00eat\u00e9 peut faire l'objet, dans un d\u00e9lai de 2 mois \u00e0 compter de sa publication, d'un  \nrecours contentieux aupr\u00e8s du Tribunal Administratif de Lyon, 184 rue Duguesclin 69433 Lyon Cedex 03  \nou sur le site www.telerecours.fr.\nArticle  \u00a0  3:   Le pr\u00e9sent arr\u00eat\u00e9 sera publi\u00e9 au recueil des actes administratifs de la pr\u00e9fecture du Rh\u00f4ne. \nFait \u00e0 Lyon, le 07 ao\u00fbt 2025\nPour la Pr\u00e9f\u00e8te,\nLa directrice des affaires juridiques\net de l'administration locale\nCatherine MERIC\n2/2\n69_Pr\u00e9f_Pr\u00e9fecture du Rh\u00f4ne - 69-2025-08-04-00002 - AP PF JOSEPH 69-0731 rectif 11\n69_Pr\u00e9f_Pr\u00e9fecture du Rh\u00f4ne\n69-2025-07-22-00005\nArr\u00eat\u00e9 pr\u00e9fectoral du 22 juillet 2025\nportant d\u00e9rogation aux dispositions de l'article 5\ndu d\u00e9cret n\u00b0 2018-514 du 25 juin\n2018 et attribution d'une subvention au titre de\nla r\u00e9paration des d\u00e9g\u00e2ts et\ndommages r\u00e9sultant des violences urbaines\nsurvenues entre le 27 juin et le 5 juillet\n2023\n69_Pr\u00e9f_Pr\u00e9fecture du Rh\u00f4ne - 69-2025-07-22-00005 - Arr\u00eat\u00e9 pr\u00e9fectoral du 22 juillet 2025\nportant d\u00e9rogation aux dispositions de l'article 5 du d\u00e9cret n\u00b0 2018-514 du 25 juin\n2018 et attribution d'une subvention au titre de la r\u00e9paration des d\u00e9g\u00e2ts et\ndommages r\u00e9sultant des violences urbaines survenues entre le 27 juin et le 5 juillet\n2023\n12\nesPREFETEDU RHONELibert\u00e9Egalit\u00e9Fraternit\u00e9\nDirection des affaires juridiques\net de l'administration locale\nBureau du contr\u00f4le budg\u00e9taire\net des dotations de l'\u00c9tat\nArr\u00eat\u00e9 pr\u00e9fectoral n\u00b0                                                              du 22 juillet 2025\nportant d\u00e9rogation aux dispositions de l'article 5 du d\u00e9cret n\u00b0 2018-514 du 25 juin\n2018 et attribution d'une subvention au titre de la r\u00e9paration des d\u00e9g\u00e2ts et\ndommages r\u00e9sultant des violences urbaines survenues entre le 27 juin et le 5 juillet\n2023\nD\u00e9cines-Charpieu\nLa Pr\u00e9f\u00e8te de la R\u00e9gion Auvergne-Rh\u00f4ne-Alpes,\nPr\u00e9f\u00e8te de la Zone de d\u00e9fense et de s\u00e9curit\u00e9 sud-est,\nPr\u00e9f\u00e8te du Rh\u00f4ne,\nCommandeur de la L\u00e9gion d'honneur,\nCommandeur de l'ordre national du M\u00e9rite,\nVU  l'ordonnance  n\u00b02023-871  du  13  septembre  2023  visant  \u00e0  faciliter  le  financement  de  la\nreconstruction et de la r\u00e9fection des b\u00e2timents d\u00e9grad\u00e9s ou d\u00e9truits au cours des violences urbaines\nsurvenues du 27 juin au 5 juillet 2023, notamment son article 3 ;\nVU le d\u00e9cret n\u00b0 2004-374 du 29 avril 2004 relatif aux pouvoirs des pr\u00e9fets, \u00e0 l'organisation et \u00e0 l'action\ndes services de l'\u00c9tat dans les r\u00e9gions et d\u00e9partements ;\nVU le  d\u00e9cret  n\u00b0  2018-514  du  25  juin  2018  relatif  aux  subventions  de  l'\u00c9tat  pour  des  projets\nd'investissement ;\nVU le d\u00e9cret n\u00b0 2020-412 du 8 avril 2020 relatif au droit de d\u00e9rogation reconnu au pr\u00e9fet ;\nVU le d\u00e9cret en conseil des ministres du 11 janvier 2023 nommant Mme Fabienne BUCCIO en qualit\u00e9 de\npr\u00e9f\u00e8te de la r\u00e9gion Auvergne-Rh\u00f4ne-Alpes, pr\u00e9f\u00e8te de la zone de d\u00e9fense et de s\u00e9curit\u00e9 Sud-Est,\npr\u00e9f\u00e8te du Rh\u00f4ne ;\nVU l'instruction IOML2319048J du 7 juillet 2023 relative \u00e0 l'accompagnement des collectivit\u00e9s pour la\nr\u00e9paration des d\u00e9g\u00e2ts et dommages contre les biens des collectivit\u00e9s r\u00e9sultant des violences urbaines\nsurvenues depuis le 27 juin 2023 ; \nVU l'instruction IOMJB2331086J du 24 novembre 2023 relative \u00e0 la mise en \u0153uvre du fonds \u00ab  violences\nurbaines \u00bb ;\nPr\u00e9fecture du Rh\u00f4ne\n18 Rue de Bonnel\n69419 LYON CEDEX 03\nT\u00e9l : 04 72 61 61 61\nwww.rhone.gouv.fr 1/3\n69_Pr\u00e9f_Pr\u00e9fecture du Rh\u00f4ne - 69-2025-07-22-00005 - Arr\u00eat\u00e9 pr\u00e9fectoral du 22 juillet 2025\nportant d\u00e9rogation aux dispositions de l'article 5 du d\u00e9cret n\u00b0 2018-514 du 25 juin\n2018 et attribution d'une subvention au titre de la r\u00e9paration des d\u00e9g\u00e2ts et\ndommages r\u00e9sultant des violences urbaines survenues entre le 27 juin et le 5 juillet\n2023\n13\nVU la demande initiale transmise par la commune de D\u00e9cines-Charpieu par courrier \u00e9lectronique le 22\nseptembre 2023 ;\nVU le  dossier  de  demande  de  subvention  d\u00e9pos\u00e9  sur  la  plateforme  d\u00e9mat\u00e9rialis\u00e9e  \u00ab demarches-\nsimplifiees.fr \u00bb le 29 septembre 2023, n\u00b0 dossier : 14330230 ;\nVU la demande de d\u00e9rogation au principe de commencement des travaux sollicit\u00e9e par la commune\nde D\u00e9cines-Charpieu via courrier \u00e9lectronique du 16 juillet 2025 ;\nCONSID\u00c9RANT que les dispositions de l'article 5 du d\u00e9cret n\u00b0 2018-514 susvis\u00e9 proscrit de commencer\nl'ex\u00e9cution du projet avant la date de r\u00e9ception de la demande de subvention ; \nCONSID\u00c9RANT que la commune de D\u00e9cines-Charpieu a d\u00e9but\u00e9 l'op\u00e9ration avant la date de d\u00e9p\u00f4t de\nsa demande de subvention au titre du fonds violences urbaines ;\nCONSID\u00c9RANT que les violences urbaines qui ont eu cours entre le 27 juin 2023 et le 5 juillet 2023 sur\nle territoire de la commune de D\u00e9cines-Charpieu ont emport\u00e9 d'importants d\u00e9g\u00e2ts, notamment sur les\nparkings Toboggan et Troussier et les fa\u00e7ades de l'h\u00f4tel de ville  ; que les travaux de r\u00e9fection en\nquestion ont \u00e9t\u00e9 r\u00e9alis\u00e9s dans les meilleurs d\u00e9lais, afin de limiter les effets ind\u00e9sirables g\u00e9n\u00e9r\u00e9s par ces\nd\u00e9gradations sur les administr\u00e9s ;\nCONSID\u00c9RANT l'int\u00e9r\u00eat  g\u00e9n\u00e9ral  et  l'existence  de  circonstances  locales,  l'octroi  \u00e0  la  commune  de\nD\u00e9cines-Charpieu d'une d\u00e9rogation au regard de la recevabilit\u00e9 d'une demande de subvention au titre\ndu fonds violences urbaines n'est pas de nature \u00e0 porter une atteinte disproportionn\u00e9e aux objectifs\npoursuivis par les dispositions auxquelles il est d\u00e9rog\u00e9  ; que, dans ces conditions, il est d\u00e9rog\u00e9 aux\ndispositions de l'article 5 du d\u00e9cret n\u00b0 2018-514 susvis\u00e9 s'agissant du commencement de l'ex\u00e9cution de\nl'op\u00e9ration ;\nSur proposition du pr\u00e9fet, secr\u00e9taire g\u00e9n\u00e9ral, pr\u00e9fet d\u00e9l\u00e9gu\u00e9 pour l'\u00e9galit\u00e9 des chances de la pr\u00e9fecture\ndu Rh\u00f4ne ;\nARR\u00caTE\nArticle     1   : Par d\u00e9rogation aux dispositions de l'article 5 du d\u00e9cret n\u00b0 2018-514 susvis\u00e9, la demande de\nsubvention  d\u00e9pos\u00e9e  par  la  commune  de  D\u00e9cines-Charpieu  le  29  septembre  2023 est  consid\u00e9r\u00e9e\ncomme recevable, nonobstant le lancement de l'op\u00e9ration pr\u00e9alablement au d\u00e9p\u00f4t de la demande.\nArticle     2   :  Il  est  attribu\u00e9  \u00e0  la  commune  de  D\u00e9cines-Charpieu une  subvention  d'un  montant  de\n10 619,80 \u20ac, repr\u00e9sentant 100 % de la d\u00e9pense subventionnable hors taxe , afin de financer l'op\u00e9ration\nsuivante : \u00ab  R\u00e9novation des parkings Toboggan et Troussier et ravalement de fa\u00e7ade de l'h\u00f4tel de\nville \u00bb.\nArticle     3   : La subvention mentionn\u00e9e \u00e0 l'article 1 er est imput\u00e9e sur le centre financier 0122-C001-DP69,\ndomaine fonctionnel 0122-01-28, code activit\u00e9 0122010101B9.\nArticle     4   : Les op\u00e9rations sont r\u00e9alis\u00e9es selon le calendrier pr\u00e9visionnel pr\u00e9cis\u00e9 infra :\nDate de commencement d'ex\u00e9cution du projet : juillet 2023\nDate pr\u00e9vue d'ach\u00e8vement de l'op\u00e9ration : d\u00e9cembre 2023\nArticle     5   : 30  % de la subvention seront vers\u00e9s \u00e0 titre d'avance au vu des documents justifiant du\ncommencement d'ex\u00e9cution de l'op\u00e9ration.\nLe solde de la subvention sera vers\u00e9 apr\u00e8s transmission des pi\u00e8ces justificatives de l'ensemble des\npaiements effectu\u00e9s par le b\u00e9n\u00e9ficiaire, au plus tard dans un d\u00e9lai de douze mois \u00e0 compter de la date\nde notification du pr\u00e9sent arr\u00eat\u00e9. En l'absence de r\u00e9ception de ces documents au terme de cette\np\u00e9riode de douze mois, aucun paiement ne peut intervenir au profit du b\u00e9n\u00e9ficiaire.\n2/3\n69_Pr\u00e9f_Pr\u00e9fecture du Rh\u00f4ne - 69-2025-07-22-00005 - Arr\u00eat\u00e9 pr\u00e9fectoral du 22 juillet 2025\nportant d\u00e9rogation aux dispositions de l'article 5 du d\u00e9cret n\u00b0 2018-514 du 25 juin\n2018 et attribution d'une subvention au titre de la r\u00e9paration des d\u00e9g\u00e2ts et\ndommages r\u00e9sultant des violences urbaines survenues entre le 27 juin et le 5 juillet\n2023\n14\nArticle     6   : Conform\u00e9ment \u00e0 l'article D. 1111-8 du CGCT, le b\u00e9n\u00e9ficiaire est tenu d'assurer la publicit\u00e9 de\nla participation financi\u00e8re de l'\u00c9tat \u00e0 l'op\u00e9ration selon les modalit\u00e9s suivantes :\n\u2022 publier le plan de financement \u00e0 la mairie ou au si\u00e8ge de la collectivit\u00e9 territoriale ou du\ngroupement  et  le  mettre  en  ligne  sur  le  site  internet  de  la  collectivit\u00e9  territoriale  ou  du\ngroupement, si celui-ci existe. Cette publication intervient dans un d\u00e9lai de 15  jours \u00e0 compter\ndu commencement d'ex\u00e9cution de l'op\u00e9ration subventionn\u00e9e. La publication fait appara\u00eetre le\nco\u00fbt total de l'op\u00e9ration d'investissement et le montant des subventions apport\u00e9es par les\npersonnes publiques.\n\u2022 apposer une plaque ou un panneau permanent, d'une dimension minimum format A3, en un\nlieu ais\u00e9ment visible du public, \u00e0 l'issue de la r\u00e9alisation de toute op\u00e9ration dont le co\u00fbt total\nest sup\u00e9rieur \u00e0 10 000 \u20ac et au plus tard trois mois apr\u00e8s l'ach\u00e8vement de celle-ci, sur lequel\nfigure le logo de l'\u00c9tat, sous r\u00e9serve des dispositions applicables aux projets s'inscrivant dans un\nprogramme cofinanc\u00e9 par l'Union europ\u00e9enne. Le logo et la charte graphique \u00e0 respecter sont\ndisponibles sur le site de l'\u00c9tat en r\u00e9gion 1. Le financement du panneau et son installation sont \u00e0\nla charge du b\u00e9n\u00e9ficiaire. Si l'op\u00e9ration a fait l'objet de subventions de la part de plusieurs\npersonnes publiques, leur logotype ou embl\u00e8me doit figurer, \u00e0 dimension \u00e9gale, sur la plaque ou\nle panneau.\nArticle     7   : Le pr\u00e9sent arr\u00eat\u00e9 peut faire l'objet d'un recours contentieux devant le tribunal administratif\nde Lyon, dans le d\u00e9lai de deux mois \u00e0 compter de sa notification, conform\u00e9ment aux dispositions de\nl'article R.421-5 du code de justice administrative. La juridiction administrative peut aussi \u00eatre saisie par\nl'application T\u00e9l\u00e9recours citoyens, accessible \u00e0 partir du site www.telerecours.fr.\nArticle     8   : Le pr\u00e9fet, secr\u00e9taire g\u00e9n\u00e9ral, pr\u00e9fet d\u00e9l\u00e9gu\u00e9 pour l'\u00e9galit\u00e9 des chances de la pr\u00e9fecture du\nRh\u00f4ne et le directeur r\u00e9gional des finances publiques sont charg\u00e9s, chacun en ce qui le concerne, de\nl'ex\u00e9cution du pr\u00e9sent arr\u00eat\u00e9 qui sera notifi\u00e9 \u00e0 la commune de D\u00e9cines-Charpieu.\nLa Pr\u00e9f\u00e8te,\n1 https://www.prefectures-regions.gouv.fr/auvergne-rhone-alpes/Region-et-institutions/L-action-de-l-Etat/Amenagement-du-  \nterritoire-logement-transport-numerique/Amenagement-du-territoire/Vous-etes-beneficiaire-d-une-aide-de-l-Etat/Vous-etes-\nbeneficiaire-d-une-aide-de-l-Etat/Vous-beneficiez-d-une-subvention-d-investissement-de-la-part-de-l-Etat-et-de-ses-\noperateurs-Voici-vos-obligations-en-matiere-de-communication/#titre  \n3/3\n69_Pr\u00e9f_Pr\u00e9fecture du Rh\u00f4ne - 69-2025-07-22-00005 - Arr\u00eat\u00e9 pr\u00e9fectoral du 22 juillet 2025\nportant d\u00e9rogation aux dispositions de l'article 5 du d\u00e9cret n\u00b0 2018-514 du 25 juin\n2018 et attribution d'une subvention au titre de la r\u00e9paration des d\u00e9g\u00e2ts et\ndommages r\u00e9sultant des violences urbaines survenues entre le 27 juin et le 5 juillet\n2023\n15","date":"2025-08-05","first_seen_on":"2025-08-05T14:32:21+00:00","id":"146183281f34d93b1be2a792bb95125d6f6cf4406195b460fe481f52bd6b976f","name":"RAA_69-2025-201-050825","pdf_creation_date":"2025-08-05T14:07:40+00:00","pdf_modification_date":"2025-08-05T15:08:25+00:00","timezone":"Europe/Paris","url":"https://www.rhone.gouv.fr/contenu/telechargement/65089/439096/file/RAA_69-2025-201-050825.pdf"}
