{"administration":"pref83","administration_name":"Pr\u00e9fecture du Var","content":"VAR\nRECUEIL DES ACTES\nADMINISTRATIFS SP\u00c9CIAL\n(NOMINATIFS)\nN\u00b083-2026-126\nPUBLI\u00c9 LE 14 AVRIL 2026\nSommaire\nPr\u00e9fecture du VAR / Direction de la citoyennet\u00e9 et de la l\u00e9galit\u00e9\n83-2026-04-13-00002 - ARR\u00caT\u00c9 PR\u00c9FECTORAL n\u00b0\nDCL/BERG/2026/0120 du 13 avril 2026 portant renouvellement de\nl'habilitation de l'\u00e9tablissement\nsitu\u00e9 14 B Avenue Gabriel\nP\u00e9ri - 83390 CUERS\ng\u00e9r\u00e9 par la SARL \u00ab\u00a0POMPES FUN\u00c8BRES\nLE PAPILLON\u00a0\" Habilitation N\u00b0 26-83-0234 (3 pages) Page 3\n2\nPr\u00e9fecture du VAR\n83-2026-04-13-00002\nARR\u00caT\u00c9 PR\u00c9FECTORAL n\u00b0 DCL/BERG/2026/0120\ndu 13 avril 2026 portant renouvellement de\nl'habilitation de l'\u00e9tablissement\nsitu\u00e9 14 B Avenue Gabriel P\u00e9ri - 83390 CUERS\ng\u00e9r\u00e9 par la SARL \u00ab\u00a0POMPES FUN\u00c8BRES LE\nPAPILLON\u00a0\" Habilitation N\u00b0 26-83-0234\nPr\u00e9fecture du VAR - 83-2026-04-13-00002 - ARR\u00caT\u00c9 PR\u00c9FECTORAL n\u00b0 DCL/BERG/2026/0120 du 13 avril 2026 portant renouvellement de\nl'habilitation de l'\u00e9tablissement\nsitu\u00e9 14 B Avenue Gabriel P\u00e9ri - 83390 CUERS\ng\u00e9r\u00e9 par la SARL \u00ab\u00a0POMPES FUN\u00c8BRES LE PAPILLON\u00a0\" Habilitation N\u00b0 26-83-0234\n3\n=mPREFETDU VARLibert\u00e9Egalit\u00e9Fraternit\u00e9\nDirection de la citoyennet\u00e9 et de la l\u00e9galit\u00e9\nBureau des \u00e9lections et de la r\u00e9glementation g\u00e9n\u00e9rale\nARR\u00caT\u00c9 PR\u00c9FECTORAL n\u00b0 DCL/BERG/2026/0120 du 13 avril 2026\nportant renouvellement de l'habilitation de l'\u00e9tablissement\nsitu\u00e9 14 B Avenue Gabriel P\u00e9ri \u2013 83390 CUERS\ng\u00e9r\u00e9 par la SARL \u00ab POMPES FUN\u00c8BRES LE PAPILLON \u00bb\nHabilitation N\u00b0 26-83-0234\nLe Pr\u00e9fet du Var,\nVu le code g\u00e9n\u00e9ral des collectivit\u00e9s territoriales  et notamment ses articles L2223-19, L2223-23 et \nsuivants ;\nVu la loi n\u00b0 2008-1350 du 19 d\u00e9cembre 2008 relative \u00e0 la l\u00e9gislation fun\u00e9raire ;\nVu le d\u00e9cret du Pr\u00e9sident de la R\u00e9publique du 15 mai 2025, portant nomination de Monsieur  \nSimon BABRE, pr\u00e9fet du Var ;\nVu l'arr\u00eat\u00e9 pr\u00e9fectoral n\u00b0 2025/12/MCI du 2 juin 2025 portant d\u00e9l\u00e9gation de signature \u00e0 Monsieur  \nLucien GIUDICELLI, secr\u00e9taire g\u00e9n\u00e9ral de la pr\u00e9fecture du Var, sous-pr\u00e9fet de l'arrondissement de  \nToulon ;\nVu l'arr\u00eat\u00e9 pr\u00e9fectoral n\u00b0 2026/10 /MCI du 02 f\u00e9vrier 2026 portant d\u00e9l\u00e9gation de signature \u00e0  \nMadame Isabelle CATHERINEAU, directrice de la citoyennet\u00e9 et de la l\u00e9galit\u00e9 de la pr\u00e9fecture \ndu Var ;\nVu  l'arr\u00eat\u00e9  pr\u00e9fectoral  n\u00b0  DCL/BERG/2021/108  du  15  avril  2021,  portant  renouvellement  \nd'habilitation dans le domaine fun\u00e9raire de l'\u00e9tablissement secondaire \u00ab POMPES FUN\u00c8BRES LE  \nPAPILLON \u00bb sis 14B, avenue Gabriel P\u00e9ri \u00e0 Cuers (83390), jusqu'au 14 avril 2026 inclus ;\nVu la demande du 25 f\u00e9vrier 2026, re\u00e7ue le 04 mars 2026 de renouvellement d'habilitation de \nl'\u00e9tablissement sis  14 B Avenue Gabriel P\u00e9ri \u00e0 Cuers (83390),  formul\u00e9e par Monsieur  Gilles \nGARCIA, g\u00e9rant de la SARL \u00ab POMPES FUN\u00c8BRES LE PAPILLON  \u00bb dont le si\u00e8ge est situ\u00e9 620  \navenue Marcel Paul \u00e0 La Seyne-sur-Mer (83500) ;\nConsid\u00e9rant la compl\u00e9tude du dossier ;\nSur proposition du secr\u00e9taire g\u00e9n\u00e9ral de la pr\u00e9fecture ;\nARR\u00caTE\nArticle 1  : L'\u00e9tablissement situ\u00e9  14 B Avenue Gabriel P\u00e9ri \u00e0 Cuers (83390) , g\u00e9r\u00e9 par la  SARL \n\u00ab POMPES FUN\u00c8BRES LE PAPILLON  \u00bb dont le si\u00e8ge est situ\u00e9 620 avenue Marcel Paul  \u00e0 La  \nSeyne-sur-Mer  (83500),  repr\u00e9sent\u00e9  par  son  g\u00e9rant,  Monsieur  Gilles  GARCIA,  est  habilit\u00e9  pour \nexercer les activit\u00e9s suivantes :\n1 - Transport de corps avant et apr\u00e8s mise en bi\u00e8re,\n2 - Organisation des obs\u00e8ques,\n3 - Soins de conservation, en sous-traitance avec l'\u00e9tablissement \u00ab OL\u00c9A SERVICES FUNERAIRES \u00bb, \nsis 525 Chemin de La Farl\u00e8de \u00e0 La Seyne-sur-Mer (83500), habilit\u00e9 sous le num\u00e9ro 22-83-0097 ,\n1/2\nPr\u00e9fecture du VAR - 83-2026-04-13-00002 - ARR\u00caT\u00c9 PR\u00c9FECTORAL n\u00b0 DCL/BERG/2026/0120 du 13 avril 2026 portant renouvellement de\nl'habilitation de l'\u00e9tablissement\nsitu\u00e9 14 B Avenue Gabriel P\u00e9ri - 83390 CUERS\ng\u00e9r\u00e9 par la SARL \u00ab\u00a0POMPES FUN\u00c8BRES LE PAPILLON\u00a0\" Habilitation N\u00b0 26-83-0234\n4\n4 - Fourniture  des  housses,  cercueils  et  accessoires  int\u00e9rieur  et  ext\u00e9rieur  ainsi  que  des  urnes\ncin\u00e9raires,\n7 - Fourniture des corbillards et voitures de deuil, list\u00e9s en annexe du pr\u00e9sent arr\u00eat\u00e9,\n8 - Fourniture de personnel et des objets et prestations n\u00e9cessaires aux obs\u00e8ques, inhumations,  \nexhumations et cr\u00e9mations.\nArticle 2     : L'habilitation porte le num\u00e9ro 26-83-0234.\nArticle  3     :  La  pr\u00e9sente  habilitation  est  accord\u00e9e  pour  une  dur\u00e9e  de  cinq  ans  \u00e0  compter  \ndu 15 avril 2026, soit jusqu'au 14 avril 2031 inclus.\nPour solliciter le renouvellement de la pr\u00e9sente habilitation, le b\u00e9n\u00e9ficiaire devra faire parvenir sa  \ndemande en pr\u00e9fecture au plus tard deux mois avant sa date de fin de validit\u00e9.\nArticle 4     : Conform\u00e9ment aux articles L.2223-25 et R.2223-64 du code g\u00e9n\u00e9ral des collectivit\u00e9s  \nterritoriales, et \u00e0 d\u00e9faut de la production, dans les meilleurs d\u00e9lais, des justificatifs de conformit\u00e9  \ndes \u00e9quipements, la pr\u00e9sente habilitation pourra \u00eatre suspendue pour une dur\u00e9e maximale d'un  \nan ou retir\u00e9e, apr\u00e8s mise en demeure, pour les motifs suivants :\n- non-respect des conditions de sa d\u00e9livrance telles qu'elles sont d\u00e9finies par les dispositions du  \ncode g\u00e9n\u00e9ral des collectivit\u00e9s territoriales ;\n- non exercice ou cessation d'exercice des activit\u00e9s au titre desquelles elle a \u00e9t\u00e9 d\u00e9livr\u00e9e ;\n- atteinte \u00e0 l'ordre public ou danger pour la salubrit\u00e9 publique.\nDans les cas o\u00f9 le b\u00e9n\u00e9ficiaire est un d\u00e9l\u00e9gataire, le retrait d'habilitation entra\u00eene la d\u00e9ch\u00e9ance  \ndes d\u00e9l\u00e9gations.\nArticle 5     : Le secr\u00e9taire g\u00e9n\u00e9ral de la pr\u00e9fecture du Var est charg\u00e9 de l'ex\u00e9cution du pr\u00e9sent arr\u00eat\u00e9 \nqui sera publi\u00e9 au recueil des actes administratifs de la pr\u00e9fecture du Var et dont une copie sera  \nadress\u00e9e au maire de la commune de Cuers pour information.\nFait \u00e0 Toulon, le 13 avril 2026\nPour le Pr\u00e9fet et par d\u00e9l\u00e9gation,\nLa Directrice,\nSign\u00e9\nIsabelle CATH\u00c9RINEAU\nDans un d\u00e9lai de deux mois \u00e0 compter de la date de la notification ou de la publication du pr\u00e9sent arr\u00eat\u00e9 au recueil des actes administratifs de la \npr\u00e9fecture, les recours suivants peuvent \u00eatre introduits conform\u00e9ment aux dispositions des articles R. 421-1 et suivants du code de justice \nadministrative :\n- un recours gracieux, adress\u00e9 \u00e0 :\nM. le Pr\u00e9fet du Var - Boulevard du 112\u00e8me r\u00e9giment d'infanterie - CS 31209 - 83070 TOULON CEDEX\n- un recours hi\u00e9rarchique, adress\u00e9 au(x) ministre(s) concern\u00e9(s) ;\nDans ces deux cas, le silence de l'Administration vaut rejet implicite au terme d'un d\u00e9lai de deux mois.\nApr\u00e8s un recours gracieux ou hi\u00e9rarchique, le d\u00e9lai du recours contentieux ne court qu'\u00e0 compter du rejet explicite ou implicite de l'un de ces \nrecours.\n- un recours contentieux, en saisissant le Tribunal Administratif de Toulon : 5 rue Racine -BP 40510 - 83 041 TOULON CEDEX 9\nLe tribunal administratif peut \u00eatre saisi par l'application informatique \u00ab T\u00e9l\u00e9cours \u00bb accessible par le site internet www.telecours.fr.\n2/2\nPr\u00e9fecture du VAR - 83-2026-04-13-00002 - ARR\u00caT\u00c9 PR\u00c9FECTORAL n\u00b0 DCL/BERG/2026/0120 du 13 avril 2026 portant renouvellement de\nl'habilitation de l'\u00e9tablissement\nsitu\u00e9 14 B Avenue Gabriel P\u00e9ri - 83390 CUERS\ng\u00e9r\u00e9 par la SARL \u00ab\u00a0POMPES FUN\u00c8BRES LE PAPILLON\u00a0\" Habilitation N\u00b0 26-83-0234\n5\n| =PREFETDU VARLibert\u00e9Egalit\u00e9Fraternit\u00e9\nDirection de la citoyennet\u00e9 et de la l\u00e9galit\u00e9\nBureau des \u00e9lections et de la r\u00e9glementation g\u00e9n\u00e9rale\nAnnexe \u00e0 l'arr\u00eat\u00e9 n\u00b0DCL/BERG/2026/0120 du 13 avril 2026\nHabilitation N\u00b026-83-0234\nIdentification des v\u00e9hicules intervenant pour l'\u00e9tablissement     :  \nSis 14 bis Avenue Gabriel P\u00e9ri \u2013 83390 CUERS\ng\u00e9r\u00e9 par la SARL \u00ab POMPES FUN\u00c8BRES LE PAPILLON \u00bb\nsitu\u00e9e 620 avenue Marcel Paul \u00e0 La Seyne-sur-Mer (83500)\nTransport de corps avant et apr\u00e8s mise en bi\u00e8re\nHG-763-BP\nBS-579-KD\nBS-500-KE\nFM-229-HC\nAX-015-PP\nBB-566-BN\nHF-635-SR\nFM-148-HC\nT\u00e9l : 04 94 18 83 83\nM\u00e9l : pref-funeraires@var.gouv.fr\nBd du 112\u00e8me R\u00e9giment d'Infanterie\nCS 31 209 - 83070 TOULON CEDEX\nPr\u00e9fecture du VAR - 83-2026-04-13-00002 - ARR\u00caT\u00c9 PR\u00c9FECTORAL n\u00b0 DCL/BERG/2026/0120 du 13 avril 2026 portant renouvellement de\nl'habilitation de l'\u00e9tablissement\nsitu\u00e9 14 B Avenue Gabriel P\u00e9ri - 83390 CUERS\ng\u00e9r\u00e9 par la SARL \u00ab\u00a0POMPES FUN\u00c8BRES LE PAPILLON\u00a0\" Habilitation N\u00b0 26-83-0234\n6","date":"2026-04-14","first_seen_on":"2026-04-14T14:49:22+00:00","id":"147ab0acb768d528b27c49c3c084ebca3a01fb3d3c921d0307e0a00918cdd331","name":"RAA N\u00b0126 du 14 avril 2026","pdf_creation_date":"2026-04-14T14:22:07+00:00","pdf_modification_date":null,"timezone":"Europe/Paris","url":"https://www.var.gouv.fr/contenu/telechargement/45963/299530/file/RAA%20N%C2%B0126%20du%2014%20avril%202026%20NOMINATIF.pdf"}
