{"administration":"pref50","administration_name":"Pr\u00e9fecture de la Manche","content":"PREFETDE LA MANCHELibert\u00e9Egalit\u00e9Fraternit\u00e9\n1\nRECUEIL DES ACTES\nADMINISTRATIFS\n\uf0bf \uf0bf \uf0bf\nDELEGATIONS DE SIGNATURE\ndonn\u00e9es par\nM. Xavier BRUNETIERE\nPr\u00e9fet de la Manche\nChevalier de l'Ordre National du M\u00e9rite\n\uf0bf \uf0bf \uf0bf\nArr\u00eat\u00e9s du 22 juillet 2024\nsign\u00e9s par le Pr\u00e9fet de la Manche :\nM. Xavier BRUNETIERE\nNUM\u00c9RO SP\u00c9CIAL N\u00b0 21\n\uf0bf \uf0bf \uf0bf\nLE CONTENU INT\u00c9GRAL DES TEXTES ET/OU LES DOCUMENTS ET PLANS ANNEX\u00c9S\npeut \u00eatre consult\u00e9 aupr\u00e8s du service sous le timbre duquel la publication est r\u00e9alis\u00e9e et sur le site Internet de la pr\u00e9fecture :\nhttp ://www.manche.gouv.fr\nRUBRIQUE : PUBLICATION - ANNONCES ET AVIS - RECUEIL DES ACTES ADMINISTRATIFS\n\n2\nS O M M A I R E\nI \u2013 DELEGATIONS DE SIGNATURE.................................................................................................................................................................. 2\nPR\u00c9FECTURE \u2013 SOUS-PR\u00c9FECTURE.................................................................................................................................................................................. 2\nArr\u00eat\u00e9 n\u00b02024-23 \u2013 VN du 22 juillet 2024 confiant la suppl\u00e9ance du poste de M. le Pr\u00e9fet de la Manche du 11 au 21 ao\u00fbt 2024 inclus.........2\nArr\u00eat\u00e9 n\u00b0 2024-24 -VN du 22 juillet 2024 donnant d\u00e9l\u00e9gation de signature \u00e0 Mme Isabelle DENIS - Cheffe du p\u00f4le Solidarit\u00e9s Actives \u00e0 la \ndirection d\u00e9partementale de l'emploi, du travail et des solidarit\u00e9s dans le cadre des comp\u00e9tences de la commission de surendettement des \nparticuliers en tant que repr\u00e9sentant du pr\u00e9fet..................................................................................................................................................... 2\n\uf0bf\nI \u2013 DELEGATIONS DE SIGNATURE\nPr\u00e9fecture \u2013 Sous-pr\u00e9fecture\nArr\u00eat\u00e9 n\u00b02024-23 \u2013 VN du 22 juillet 2024 confiant la suppl\u00e9ance du poste de M. le Pr\u00e9fet de la Manche du 11 au 21 ao\u00fbt 2024 inclus\nVU la loi n\u00b0 82-213 du 3 mars 1982 modifi\u00e9e relative aux droits et libert\u00e9s des communes, des d\u00e9partements et des r\u00e9gions ;\nVU la loi d'orientation n\u00b0 92-125 du 6 f\u00e9vrier 1992 modifi\u00e9e relative \u00e0 l'administration territoriale de la R\u00e9publique ;\nVU le d\u00e9cret n\u00b0 2004-374 du 29 avril 2004 modifi\u00e9 relatif aux pouvoirs des pr\u00e9fets, \u00e0 l'organisation et \u00e0 l'action des services de l'\u00c9tat dans les \nr\u00e9gions et d\u00e9partements ;\nVU le d\u00e9cret du 13 juillet 2023 portant nomination de M. Xavier BRUNETIERE, pr\u00e9fet de la Manche ;\nVU le d\u00e9cret du 22 ao\u00fbt 2023 portant nomination de M. Jean RAMPON, sous-pr\u00e9fet de Cherbourg ;\nArt. 1 : M. Jean RAMPON, en qualit\u00e9 de sous-pr\u00e9fet de Cherbourg, est charg\u00e9 d'assurer la suppl\u00e9ance du poste de pr\u00e9fet du 11 au 21 ao\u00fbt 2024 \ninclus.\nArt. 2 : D\u00e9l\u00e9gation de signature est donn\u00e9e, \u00e0 ce titre, \u00e0 M. Jean RAMPON en toutes mati\u00e8res relevant des attributions du repr\u00e9sentant de l'\u00c9tat \ndans le d\u00e9partement \u00e0 l'effet d'exercer pleinement cette responsabilit\u00e9.\nSign\u00e9 : Le Pr\u00e9fet : Xavier BRUNETIERE\n\uf0bf\nC - SERVICES DECONCENTRES DE L'ETAT\nDirections D\u00e9partementales Interminist\u00e9rielles Et D\u00e9l\u00e9gations D\u00e9partementales\nArr\u00eat\u00e9 n\u00b0 2024-24 -VN du 22 juillet 2024 donnant d\u00e9l\u00e9gation de signature \u00e0 Mme Isabelle DENIS - Cheffe du p\u00f4le Solidarit\u00e9s Actives \u00e0 la\ndirection d\u00e9partementale de l'emploi, du travail et des solidarit\u00e9s dans le cadre des comp\u00e9tences de la commission de surendettement\ndes particuliers en tant que repr\u00e9sentant du pr\u00e9fet\nVu le code de proc\u00e9dure p\u00e9nale ;\nVu le code de la consommation ;\nVu la loi n\u00b0 82-213 du 2 mars 1982 modifi\u00e9e relative aux droits et libert\u00e9s des communes, des d\u00e9partements et des r\u00e9gions ;\nVu le d\u00e9cret n\u00b0 2004-374 du 29 avril 2004 modifi\u00e9 relatif aux pouvoirs des pr\u00e9fets, \u00e0 l'organisation et \u00e0 l'action des services de l'Etat dans les \nr\u00e9gions et d\u00e9partements ;\nVu le d\u00e9cret n\u00b0 2009-1484 du 3 d\u00e9cembre 2009 modifi\u00e9 relatif aux directions d\u00e9partementales interminist\u00e9rielles ; \nVu le d\u00e9cret du 13 juillet 2023 portant nomination de M. Xavier BRUNETIERE, pr\u00e9fet de la Manche ;\nVu l'arr\u00eat\u00e9 pr\u00e9fectoral du 29 mars 2021 portant organisation de la direction  d\u00e9partementale de l'emploi, du travail et des solidarit\u00e9s ;\nVu l'arr\u00eat\u00e9 pr\u00e9fectoral du 5 juillet 2023 modifi\u00e9 portant renouvellement de la composition de la commission d\u00e9partementale d'examen des situations \nde surendettement des particuliers et des familles ;\nArt. 1 : D\u00e9l\u00e9gation de signature est donn\u00e9e \u00e0 Mme Isabelle DENIS, attach\u00e9e principale, cheffe du p\u00f4le Solidarit\u00e9s Actives de la direction \nd\u00e9partementale de l'emploi, du travail et des solidarit\u00e9s, \u00e0 l'effet de signer toutes d\u00e9cisions et documents relevant de la comp\u00e9tence de la \ncommission de surendettement des particuliers.\nArt. 2 : En cas d'absence ou d'emp\u00eachement de Mme Isabelle DENIS pour si\u00e9ger \u00e0 la commission, la d\u00e9l\u00e9gation sera exerc\u00e9e par M. Franck \nTHOMAS, directeur adjoint de la direction d\u00e9partementale de l'emploi, du travail et des solidarit\u00e9s ou M. Arnaud VAN ROSSEN, chef de l'unit\u00e9 \nlogement/conseil de famille du p\u00f4le des Solidarit\u00e9s Actives \u00e0 la direction d\u00e9partementale de l'emploi, du travail et des solidarit\u00e9s.\nArt. 3 :  Toute disposition ant\u00e9rieure est abrog\u00e9e.\nSign\u00e9 : Le Pr\u00e9fet : Xavier BRUNETIERE\n\uf0bf\nD\u00e9partement de la Manche - Imprimerie administrative\nDirecteur de la publication : Mme la Secr\u00e9taire g\u00e9n\u00e9rale de la pr\u00e9fecture","date":"2024-07-22","first_seen_on":"2025-01-01T21:38:51+00:00","id":"155c396c755fa7aaefb2e0e75f7c05a807a151c9dd67b534a436006a77ccc557","name":"RAA sp\u00e9cial d\u00e9l\u00e9gation de signature n\u00b021","pdf_creation_date":"2024-07-22T09:31:20+00:00","pdf_modification_date":null,"timezone":"CET","url":"https://www.manche.gouv.fr/contenu/telechargement/61550/473724/file/RAA%20sp%C3%A9cial%20d%C3%A9l%C3%A9gation%20de%20signature%20n%C2%B021.pdf"}
