{"administration":"prefidf","administration_name":"Pr\u00e9fecture de la r\u00e9gion \u00cele-de-France","content":"PREFECTURE\nREGION ILE DE\nFRANCE\nRECUEIL DES ACTES\nADMINISTRATIFS SP\u00c9CIAL\nN\u00b0IDF-045-2025-07\nPUBLI\u00c9 LE 24 JUILLET 2025\nSommaire\nAgence R\u00e9gionale de Sant\u00e9 / Agence r\u00e9gionale de sant\u00e9\nd'Ile-de-France-D\u00e9partement de l'autonomie\nIDF-2025-07-21-00010 - Arr\u00eat\u00e9 n\u00b02025-194 portant autorisation\nd'extension de capacit\u00e9 de 259 \u00e0 275 places de l'\u00c9tablissement\net Service de R\u00e9adaptation Professionnelle Le Ch\u00e2teau de Nanteau\n(ESRP) sis \u00e0 Nanteau-sur-Lunain (77),\ng\u00e9r\u00e9 par la Fondation COS\nAlexandre Glasberg (4 pages) Page 4\nAgence R\u00e9gionale de Sant\u00e9 / Agence r\u00e9gionale de sant\u00e9\nd'Ile-de-France-Direction de l'Offre de Soins (DOS)  P\u00f4le Efficience\nIDF-2025-07-24-00001 - Arr\u00eat\u00e9 n\u00b0DOS - 2025/2941 portant approbation\nde l'avenant n\u00b01 \u00e0 la convention constitutive du Groupement de\nCoop\u00e9ration Sanitaire \u00ab Service d'Acc\u00e8s aux Soins des Yvelines \u00bb\n(1 page) Page 9\nIDF-2025-07-24-00002 - Arr\u00eat\u00e9 n\u00b0DOS 2025/3549 portant approbation\nde l'avenant n\u00b013 \u00e0 la convention constitutive du Groupement de\nCoop\u00e9ration Sanitaire \u00ab Coordination Nationale des \u00e9tablissements\npublics de sant\u00e9 en mati\u00e8re de Recherche et d'Innovations\nm\u00e9dicales \u00bb dit \u00ab GCS CNCR \u00bb (1 page) Page 11\nIDF-2025-07-24-00003 - Arr\u00eate n\u00b0DOS 2025/3550 portant approbation\nde l'avenant n\u00b019 \u00e0 la convention constitutive du Groupement de\nCoop\u00e9ration Sanitaire \u00ab Ramsay Sant\u00e9 Enseignement & Recherche \u00bb\n(2 pages) Page 13\nDirection r\u00e9gionale et interd\u00e9partementale de l'h\u00e9bergement et du\nlogement / Service Acc\u00e8s au Logement et Pr\u00e9ventions des Expulsions\nIDF-2025-07-23-00003 - Arr\u00eat\u00e9 portant agr\u00e9ment de l'Association pour\nle logement des jeunes travailleurs (ALJT) au titre de l'ing\u00e9nierie sociale,\nfinanci\u00e8re et technique (3 pages) Page 16\nIDF-2025-07-23-00002 - Arr\u00eat\u00e9 portant agr\u00e9ment de l'Association pour\nle logement des jeunes travailleurs (ALJT) au titre de l'interm\u00e9diation\nlocative et gestion locative sociale (4 pages) Page 20\nDirection r\u00e9gionale et interd\u00e9partementale de l'environnement, de\nl'am\u00e9nagement et des transports d'\u00cele-de-France / Service\nAm\u00e9nagement durable\nIDF-2025-07-24-00004 - Arr\u00eat\u00e9 n\u00b0IDF-2025 accordant \u00e0 3ML SANT\u00c9\nl'agr\u00e9ment institu\u00e9 par l'article R. 510-1 du code de\nl'urbanisme\n\naccordant \u00e0 3ML SANT\u00c9\nl'agr\u00e9ment institu\u00e9\npar l'article R.510-1 du code de l'urbanisme (2 pages) Page 25\n2\nDirection Sp\u00e9cialis\u00e9e des Finances Publiques pour l'Assistance\nPublique-H\u00f4pitaux de Paris /\nIDF-2025-07-23-00007 - Avis fixant le nombre et la r\u00e9partition\ng\u00e9ographique des postes offerts au recrutement par voie de PACTE\nd'agents techniques des finances publiques au titre de l'ann\u00e9e 2025 (2\npages) Page 28\nIDF-2025-07-23-00004 - Avis fixant le nombre et la r\u00e9partition\ng\u00e9ographique des postes offerts au recrutement par voie de PACTE\nd'agents techniques des finances publiques au titre de l'ann\u00e9e 2025 du\ncode rural et de la p\u00eache maritime (2 pages) Page 31\nIDF-2025-07-23-00005 - Avis fixant le nombre et la r\u00e9partition\ng\u00e9ographique des postes offerts au recrutementpar voie de PACTE\nd'agents administratifs des finances publiques au titre de l'ann\u00e9e 2025 (3\npages) Page 34\nIDF-2025-07-23-00006 - Recrutement PACTE : Fiche de d\u00e9claration des\noffres de recrutement ( Direction Sp\u00e9cialis\u00e9e des Finances Publiques\npour l'AP-HP) (2 pages) Page 38\n3\nAgence R\u00e9gionale de Sant\u00e9\nIDF-2025-07-21-00010\nArr\u00eat\u00e9 n\u00b02025-194 portant autorisation\nd'extension de capacit\u00e9 de 259 \u00e0 275 places de\nl'\u00c9tablissement et Service de R\u00e9adaptation\nProfessionnelle Le Ch\u00e2teau de Nanteau (ESRP) sis\n\u00e0 Nanteau-sur-Lunain (77),\ng\u00e9r\u00e9 par la Fondation COS Alexandre Glasberg\nAgence R\u00e9gionale de Sant\u00e9 - IDF-2025-07-21-00010 - Arr\u00eat\u00e9 n\u00b02025-194 portant autorisation d'extension de capacit\u00e9 de 259 \u00e0 275\nplaces de l'\u00c9tablissement et Service de R\u00e9adaptation Professionnelle Le Ch\u00e2teau de Nanteau (ESRP) sis \u00e0 Nanteau-sur-Lunain (77),\ng\u00e9r\u00e9 par la Fondation COS Alexandre Glasberg\n4\nExREPUBLIQUEFRAN\u00c7AISELibert\u00e9Egalit\u00e9Fraternit\u00e9\ne \u00bb Agence R\u00e9gionale de Sant\u00e9Ile-de-France\n \n \n \n \n \n \n \n \n \nAGENCE R\u00c9GIONALE DE SANT\u00c9 \u00ceLE-DE-FRANCE \n \nARR\u00caT\u00c9 N\u00b02025-194 \n  \nportant autorisation d'extension de capacit\u00e9 de 259 \u00e0 275 places de l'\u00c9tablissement et \nService de R\u00e9adaptation Professionnelle Le Ch\u00e2teau de Nanteau (ESRP) sis \u00e0 Nanteau-sur-\nLunain (77) \n \ng\u00e9r\u00e9 par la Fondation COS Alexandre Glasberg      \n \n \n \n \nLE DIRECTEUR G\u00c9N\u00c9RAL DE L'AGENCE R\u00c9GIONALE DE SANT\u00c9 \u00ceLE-DE-FRANCE \n \nVU le code de l'action sociale et des familles et notamment les article s L. 312 -1, L. 313 -1,   \nL. 314-3 et suivants ; \n \nVU        le d\u00e9cret du 10 avril 2024 portant nomination de Monsieur Denis ROBIN, Directeur \ng\u00e9n\u00e9ral de l'Agence r\u00e9gionale de sant\u00e9 \u00cele-de-France \u00e0 compter du 29 avril 2024 ; \n \nVU l'arr\u00eat\u00e9 DS N\u00b0 115/2024 du 2 5 septembre 2024 portant d\u00e9l\u00e9gation de signature \u00e0 \nMadame St\u00e9phanie TALBOT, Directrice de l'autonomie ; \n \nVU l'arr\u00eat\u00e9 n\u00b0 DIRNOV-2023/08 de la Directrice g\u00e9n\u00e9rale de l'Agence r\u00e9gionale de sant\u00e9 \u00cele-\nde-France en date du 26 octobre 2023 portant adoption du cadre d'orientation \nstrat\u00e9gique 2018-2028 du projet r\u00e9gional de sant\u00e9 d'\u00cele-de-France ; \n \nVU l'arr\u00eat\u00e9 n\u00b0 DIRNOV-2023/09 de la Directrice g\u00e9n\u00e9rale de l'Agence r\u00e9gionale de sant\u00e9 \u00cele-\nde-France en date du 26 octobre 2023 portant adoption du sch\u00e9ma r\u00e9gional de sant\u00e9 \n2023-2028 du projet r\u00e9gional de sant\u00e9 d' \u00cele-de-France, modifi\u00e9 par l'arr\u00eat\u00e9 n\u00b0DIRNOV -\n2023/09 en date du 12 janvier 2024 ; \n \nVU l'arr\u00eat\u00e9 n\u00b0 2023 -346 de la Directrice g\u00e9n\u00e9rale de l'Agence r\u00e9gionale de sant\u00e9 \u00cele-de-\nFrance en date du 4 d\u00e9cembre 2023 \u00e9tablissant le programme interd\u00e9partemental \nd'accompagnement des handicaps et de la perte d'autonomie (PRIAC) 2023 -2027 pour \nla r\u00e9gion \u00cele-de-France ; \n \nVU l'arr\u00eat\u00e9 n\u00b0 039-2006 en date du 15 mai 2006 relatif au red\u00e9ploiement des activit\u00e9s de \nformation et \u00e0 l'extension de capacit\u00e9 du Centre de R\u00e9adaptation Professionnelle de \nNanteau-sur-Lunain portant \u00e0 259 sa capacit\u00e9 globale ; \n \nVU l'arr\u00eat\u00e9 n\u00b0  2019-164 en date du 7 ao\u00fbt 2019 portant actualisation de l' autorisation du \nCentre de r\u00e9adaptation fonctionnelle et de formation (CRPF) ; \n \nVU le contrat pluriannuel d'objectifs et de moyens portant sur les ann\u00e9es 2025 \u00e0 2029 sign\u00e9 \nle 25/04/2025 ;  \n \n \nAgence R\u00e9gionale de Sant\u00e9 - IDF-2025-07-21-00010 - Arr\u00eat\u00e9 n\u00b02025-194 portant autorisation d'extension de capacit\u00e9 de 259 \u00e0 275\nplaces de l'\u00c9tablissement et Service de R\u00e9adaptation Professionnelle Le Ch\u00e2teau de Nanteau (ESRP) sis \u00e0 Nanteau-sur-Lunain (77),\ng\u00e9r\u00e9 par la Fondation COS Alexandre Glasberg\n5\n       2 \n \n \nCONSID\u00c9RANT  que le projet VISA de l'ESRP  r\u00e9pond aux besoins sp\u00e9cifiques des \npersonnes pr\u00e9sentant des pathologies psychiatriques stabilis\u00e9es, en \noffrant une prise en charge progressive ax\u00e9e sur l'insertion \nsocioprofessionnelle ; \n \nCONSID\u00c9RANT  que le projet propose une extension de capacit\u00e9 de 16 places, r\u00e9parties \nentre le site de Nanteau-sur-Lunain et le site de Torcy, afin de r\u00e9pondre \u00e0 \nla demande croissante sur le territoire de la Seine-et-Marne ; \n \n \nCONSID\u00c9RANT  que le projet r\u00e9pond \u00e0 un besoin de d\u00e9veloppement de l'offre m\u00e9dico -\nsociale identifi\u00e9 sur le d\u00e9partement de Seine-et-Marne pour les personnes \nconcern\u00e9es par tous types de d\u00e9ficiences \u00e0 partir de 16 ans ; \n \nCONSID\u00c9RANT qu'il est compatible avec les objectifs et r\u00e9pond aux besoins sociaux et \nm\u00e9dico-sociaux fix\u00e9s par le sch\u00e9ma r\u00e9gional de sant\u00e9 ;  \n \nCONSID\u00c9RANT qu'il satisfait aux r\u00e8gles d'organisation et de fonctionnement pr\u00e9vues par \nle code de l'action sociale et des familles ;  \n \nCONSID\u00c9RANT qu'il pr\u00e9sente un co\u00fbt de fonctionnement  en ann\u00e9e pleine compatible \navec le PRIAC  \u00cele-de-France et avec le montant de l'une des dotations \nmentionn\u00e9es \u00e0  l'article L . 314-3 du code de l'action sociale et des \nfamilles ; \n \nCONSID\u00c9RANT  que l'op\u00e9ration peut s'effectuer  \u00e0 moyens constants  et n'entra\u00eene donc \naucun surco\u00fbt ; \n \n \n       \n \n \nARR\u00caTE  \n \nARTICLE 1er :  L'autorisation visant \u00e0 l'extension de capacit\u00e9  de 16 places de l'\u00c9tablissement et \nService de R\u00e9adaptation  Professionnelle Le Ch\u00e2teau de Nanteau sis 2 rue des \nArches 77710 Nanteau -sur-Lunain destin\u00e9es \u00e0 accueillir des  jeunes \u00e0 partir de 16 \nans et des adultes, est accord\u00e9e \u00e0 la Fondation COS Alexandre Glasberg. \n \nARTICLE 2e :  La capacit\u00e9 totale d e l'ESRP Le Ch\u00e2teau de Nanteau est dor\u00e9navant de 275 places  \ntous modes d'accueil destin\u00e9es \u00e0 des jeunes \u00e0 partir de 16 ans et des adultes de \ntous types de d\u00e9ficiences. \n \nDans la limite de cette capacit\u00e9, il est en mesure d'assurer aux personnes qu'il \naccueille en fonction de leurs besoins, et dans la limite des places disponibles,  les \nmodalit\u00e9s d'accueil et d'accompagnement suivantes  : \u00e0 titre permanent, temporaire \nou selon un mode s\u00e9quentiel, \u00e0 temps complet ou partiel, avec ou sans \nh\u00e9bergement. Ceci aussi bien sur le site de Nanteau -sur-Lunain que sur les deux \nantennes de l'ESRP sises 31 avenue Jean Moulin, 77200 Torcy et 51 \navenue Thiers, 77000 Melun. \n \nARTICLE 3e : Conform\u00e9ment aux termes du dernier alin\u00e9a du I de l'article D. 312 -0-3 du code de \nl'action sociale et des familles, a ucune sp\u00e9cialisation n'exclut la prise en charge de \nAgence R\u00e9gionale de Sant\u00e9 - IDF-2025-07-21-00010 - Arr\u00eat\u00e9 n\u00b02025-194 portant autorisation d'extension de capacit\u00e9 de 259 \u00e0 275\nplaces de l'\u00c9tablissement et Service de R\u00e9adaptation Professionnelle Le Ch\u00e2teau de Nanteau (ESRP) sis \u00e0 Nanteau-sur-Lunain (77),\ng\u00e9r\u00e9 par la Fondation COS Alexandre Glasberg\n6\n       3 \n \npersonnes pr\u00e9sentant des troubles associ\u00e9s \u00e0 ceux qui font l'objet de la pr\u00e9sente \nautorisation.  \n \nARTICLE 4e : Cette structure est r\u00e9pertori\u00e9e dans le Fichier National des \u00c9tablissements Sanitaires \net Sociaux (FINESS) de la fa\u00e7on suivante : \n \nN\u00b0 FINESS de l'\u00e9tablissement : 77 001 309 2 \n \nCode \ncat\u00e9gorie : \n[249] \u2013 \u00c9tablissement et Service de R\u00e9adaptation \nProfessionnelle \nCode \ndiscipline :  \n \n[906] - R\u00e9adaptation Professionnelle \npour Adultes Handicap\u00e9s \n \nCode \nfonctionnement  \n(mode d'accueil et \nd'accompagnement) :  \n \n[46] \u2013 Tous modes d'accueil  275 \nplaces \nCode \nclient\u00e8le : \n \n[010] - Tous Types de D\u00e9ficiences \nPersonnes Handicap\u00e9es (SAI) \n275 \nplaces \nCode m ode de f ixation des tarifs  : 57 - ARS/ ARS PCD Dotation forfait ou prix de \njourn\u00e9e globalis\u00e9 \n \nN\u00b0 FINESS du gestionnaire : 75 072 123 5 \n \nCode statut : 63 - Fondation  \n \n \nARTICLE 5e :   Conform\u00e9ment aux dispositions de l'article D. 313-12-1 du code de l'action sociale et \ndes familles, la pr\u00e9sente autorisation est valable sous r\u00e9serve de la transmission, \naux autorit\u00e9s comp\u00e9tentes, avant la date d'entr\u00e9e en service de la nouvelle capacit\u00e9 \nautoris\u00e9e, d'une d\u00e9claration sur l'honneur attestant de la conformit\u00e9 de \nl'\u00e9tablissement ou du service aux conditions techniques minimales d'organisation et \nde fonctionnement mentionn\u00e9es au II de l'article L. 312-1 du m\u00eame code. \n \nARTICLE 6e :   Elle est caduque en l'absence d'ouverture au public de l'\u00e9tablissement ou du service \ndans un d\u00e9lai de quatre ans suivant la notification de la d\u00e9cision d'autorisation  \nconform\u00e9ment aux articles L. 313-1 et D. 313-7-2 du code de l'action sociale et des \nfamilles. \n \n \nARTICLE 7e :   Tout changement important dans l'activit\u00e9, l'installation, l'organisation, la direction ou \nle fonctionnement de l'\u00e9tablissement ou du service doit \u00eatre port\u00e9 \u00e0 la connaissance \nde l'autorit\u00e9 comp\u00e9tente. \n \nARTICLE 8e :  Un recours contre le pr\u00e9sent arr\u00eat\u00e9 peut \u00eatre form\u00e9 devant le tribunal administratif \ncomp\u00e9tent dans un d\u00e9lai de deux mois \u00e0 compter de sa notification ou, pour les \ntiers, \u00e0 compter de sa publication.   \n \nARTICLE 9e :   La Directrice de la d\u00e9l\u00e9gation  d\u00e9partementale de Seine-et-Marne de l'Agence \nr\u00e9gionale de sant\u00e9 \u00cele-de-France est charg\u00e9e de l'ex\u00e9cution du pr\u00e9sent arr\u00eat\u00e9 qui \nsera publi\u00e9 au recueil des actes administratifs de la R\u00e9gion \u00cele-de-France. \n \n \nAgence R\u00e9gionale de Sant\u00e9 - IDF-2025-07-21-00010 - Arr\u00eat\u00e9 n\u00b02025-194 portant autorisation d'extension de capacit\u00e9 de 259 \u00e0 275\nplaces de l'\u00c9tablissement et Service de R\u00e9adaptation Professionnelle Le Ch\u00e2teau de Nanteau (ESRP) sis \u00e0 Nanteau-sur-Lunain (77),\ng\u00e9r\u00e9 par la Fondation COS Alexandre Glasberg\n7\n       4 \n \n        Fait \u00e0 Saint-Denis, le 21 juillet 2025 \n \n Pour le Directeur g\u00e9n\u00e9ral  \n de l'Agence r\u00e9gionale de sant\u00e9  \n  \u00cele-de-France et par d\u00e9l\u00e9gation \n                                       \n \nSIGNE \n \n     \n \n \n                                                                 St\u00e9phanie TALBOT  \n                                                                         Directrice de l'autonomie \n \nAgence R\u00e9gionale de Sant\u00e9 - IDF-2025-07-21-00010 - Arr\u00eat\u00e9 n\u00b02025-194 portant autorisation d'extension de capacit\u00e9 de 259 \u00e0 275\nplaces de l'\u00c9tablissement et Service de R\u00e9adaptation Professionnelle Le Ch\u00e2teau de Nanteau (ESRP) sis \u00e0 Nanteau-sur-Lunain (77),\ng\u00e9r\u00e9 par la Fondation COS Alexandre Glasberg\n8\nAgence R\u00e9gionale de Sant\u00e9\nIDF-2025-07-24-00001\nArr\u00eat\u00e9 n\u00b0DOS - 2025/2941 portant approbation\nde l'avenant n\u00b01 \u00e0 la convention constitutive du\nGroupement de Coop\u00e9ration Sanitaire \u00ab Service\nd'Acc\u00e8s aux Soins des Yvelines \u00bb\nAgence R\u00e9gionale de Sant\u00e9 - IDF-2025-07-24-00001 - Arr\u00eat\u00e9 n\u00b0DOS - 2025/2941 portant approbation de l'avenant n\u00b01 \u00e0 la convention\nconstitutive du Groupement de Coop\u00e9ration Sanitaire \u00ab Service d'Acc\u00e8s aux Soins des Yvelines \u00bb 9\n| |REPUBLIQUEFRANGAISE \u00a9 \u00bb Agence R\u00e9gionale de Sant\u00e9Libert\u00e9 Ile-de-FranceEgalit\u00e9Fraternit\u00e9\nAGENCE REGIONALE DE SANT\u00c9 \u00ceLE-DE-FRANCEARR\u00caT\u00c9 N\u00b0 DOS - 2025/ 2941portant approbation de l'avenant n\u00b01 \u00e0 la convention constitutive du Groupement deCoop\u00e9ration Sanitaire \u00ab Service d'Acc\u00e8s aux Soins des Yvelines \u00bbLE DIRECTEUR GENERAL DE L'AGENCE R\u00c9GIONALE DE SANT\u00c9 \u00ceLE-DE-FRANCEVU le code de la sant\u00e9 publique et notamment les articles L.6133-1 et suivants et R. 6133-1 et suivants ;VU l'arr\u00eat\u00e9 du 5 avril 2019 relatif aux groupements de coop\u00e9rations sanitaires ;VU le d\u00e9cret du 10 avril 2024 portant nomination de Monsieur Denis ROBIN, Directeur g\u00e9n\u00e9ral de l'Agencer\u00e9gionale de sant\u00e9 \u00cele-de-France \u00e0 compter du 29 avril 2024 ;VU l'arr\u00eat\u00e9 DS n\u00b0 034/2024 du 29 avril 2024 du Directeur g\u00e9n\u00e9ral de l'Agence r\u00e9gionale de sant\u00e9 \u00cele-de-France,Monsieur Denis ROBIN, portant d\u00e9l\u00e9gation de signature \u00e0 Monsieur Arnaud CORVAISIER, Directeur del'Offre de soins de l'ARS d'Ile-de-France ;VU l'arr\u00eat\u00e9 n\u00b02021-3248 du 20 septembre 2021 portant approbation de la convention constitutive duGroupement de Coop\u00e9ration sanitaire \u00ab Service d'Acc\u00e8s aux Soins des Yvelines \u00bb ;VU la d\u00e9lib\u00e9ration de l'assembl\u00e9e g\u00e9n\u00e9rale du GCS \u00abService d'Acc\u00e8s aux Soins des Yvelines \u00bb du 15 mai 2025adoptant la mise \u00e0 jour de la convention constitutive et du r\u00e8glement de fonctionnement ;VU l'avenant n\u00b01 \u00e0 la convention constitutive du GCS \u00ab Service d'Acc\u00e8s aux Soins des Yvelines \u00bb sign\u00e9 auChesnay Rocquencourt, le 15 mai 2025 ;CONSID\u00c9RANT que l'avenant n\u00b01 \u00e0 la convention du GCS \u00ab Service d'Acc\u00e8s aux Soins des Yvelines \u00bb respecteles dispositions des articles L. 6133-1 et suivants et R. 6133-1 et suivants du code de la sant\u00e9publique ; ARR\u00caTEARTICLE 1\u00b0\": L'avenant n\u00b0 1 \u00e0 la convention constitutive du Groupement de Coop\u00e9ration Sanitaire\u00abService d'Acc\u00e8s aux Soins des Yvelines \u00bb est approuv\u00e9.ARTICLE 2\u00b0 : L'avenant approuve la modification des articles 2 \u00e0 25, afin de tenir compte des mises \u00e0 jourde la convention constitutive et du r\u00e8glement de fonctionnement ;ARTICLE 3\u00b0 : Le pr\u00e9sent arr\u00eat\u00e9 sera publi\u00e9 au recueil des actes administratifs de la pr\u00e9fecture de la r\u00e9gionIle-de-France. Un recours contentieux contre le pr\u00e9sent arr\u00eat\u00e9 peut \u00eatre form\u00e9 aupr\u00e8s duTribunal administratif comp\u00e9tent. Le d\u00e9lai de recours est de deux mois \u00e0 compter de sanotification pour les int\u00e9ress\u00e9s ou de sa publication pour les tiers.Fait \u00e0 Saint-Denis, lePour le Directeur g\u00e9n\u00e9ralde l'Agence r\u00e9gionale de sant\u00e9lle-de-FrancePar d\u00e9l\u00e9gation\nSign\u00e9 \u00e9lectroniquement par ArnaudCORVAISIER - Directeur de l'Offre deSoinsLe 24/07/2025 \u00e0 08:32\nAgence R\u00e9gionale de Sant\u00e9 - IDF-2025-07-24-00001 - Arr\u00eat\u00e9 n\u00b0DOS - 2025/2941 portant approbation de l'avenant n\u00b01 \u00e0 la convention\nconstitutive du Groupement de Coop\u00e9ration Sanitaire \u00ab Service d'Acc\u00e8s aux Soins des Yvelines \u00bb 10\nAgence R\u00e9gionale de Sant\u00e9\nIDF-2025-07-24-00002\nArr\u00eat\u00e9 n\u00b0DOS 2025/3549 portant approbation\nde l'avenant n\u00b013 \u00e0 la convention constitutive du\nGroupement de Coop\u00e9ration Sanitaire \u00ab\nCoordination Nationale des \u00e9tablissements\npublics de sant\u00e9 en mati\u00e8re de Recherche et\nd'Innovations m\u00e9dicales \u00bb dit \u00ab GCS CNCR \u00bb\nAgence R\u00e9gionale de Sant\u00e9 - IDF-2025-07-24-00002 - Arr\u00eat\u00e9 n\u00b0DOS 2025/3549 portant approbation de l'avenant n\u00b013 \u00e0 la convention\nconstitutive du Groupement de Coop\u00e9ration Sanitaire \u00ab Coordination Nationale des \u00e9tablissements publics de sant\u00e9 en mati\u00e8re de\nRecherche et d'Innovations m\u00e9dicales \u00bb dit \u00ab GCS CNCR \u00bb\n11\nREPUBLIQUEFRANCAISELibert\u00e9Egalit\u00e9Fraternit\u00e9\nAr\u00a9 D Agence R\u00e9gionale de Sant\u00e9Ile-de-France\nAGENCE R\u00c9GIONALE DE SANT\u00c9 \u00ceLE-DE-FRANCEARR\u00caT\u00c9 N\u00b0 DOS - 2025/3549portant approbation de l'avenant n\u00b013 \u00e0 la convention constitutive du Groupement deCoop\u00e9ration Sanitaire \u00ab Coordination Nationale des \u00e9tablissements publics de sante enmati\u00e8re de Recherche et d'Innovations m\u00e9dicales \u00bb dit \u00ab GCS CNCR \u00bbLE DIRECTEUR GENERAL DE L'AGENCE REGIONALE DE SANT\u00c9 \u00ceLE-DE-FRANCEVU le code de la sant\u00e9 publique et notamment les articles L.6133-1 et suivants et R. 6133-1 et suivants ;VU l'arr\u00eat\u00e9 du 5 avril 2019 relatif aux groupements de coop\u00e9rations sanitaires ;VU le d\u00e9cret du 10 avril 2024 portant nomination de Monsieur Denis ROBIN, Directeur g\u00e9n\u00e9ral de l'Agencer\u00e9gionale de sant\u00e9 Ile-de-France \u00e0 compter du 29 avril 2024 ;VU l'arr\u00eat\u00e9 DS n\u00b0 034/2024 du 29 avril 2024 du Directeur g\u00e9n\u00e9ral de l'Agence r\u00e9gionale de sant\u00e9lle-de-France, Monsieur Denis ROBIN, portant d\u00e9l\u00e9gation de signature \u00e0 Monsieur ArnaudCORVAISIER, Directeur de l'Offre de soins de l'ARS Ile-de-France ;VU l'arr\u00eat\u00e9 n\u00b016-1308 du 1\u00b0 septembre 2016 portant approbation de la convention constitutive duGroupement de Coop\u00e9ration sanitaire \u00ab CNCR \u00bb ;VU la d\u00e9lib\u00e9ration de l'assembl\u00e9e g\u00e9n\u00e9rale du GCS \u00ab CNCR \u00bb du 24 juin 2025 ;VU l'avenant n\u00b0 13 \u00e0 la convention constitutive du GCS \u00ab CNCR \u00bb sign\u00e9 a Paris, le 25 juin 2025 ;CONSID\u00c9RANT que l'avenant n\u00b013 \u00e0 la convention du GCS \u00ab CNCR \u00bb respecte les dispositions des articles\nARTICLE 1\u00b0 :\nARTICLE 2\u00b0 :\nARTICLE 3\u00b0 :\nL. 6133-1 et suivants et R. 6133-1 et suivants du code de la sant\u00e9 publique ;ARRETEL'avenant n\u00b0 13 a la convention constitutive du Groupement de Coop\u00e9ration Sanitaire \u00ab CNCR \u00bbest approuve.L'avenant approuve la modification de la liste des membres au groupement, en tenant compte duretrait des \u00e9tablissements suivant :- Centre Hospitalier Simone Veil de Beauvais- Centre Hospitalier de CholetLe pr\u00e9sent arr\u00eat\u00e9 sera publi\u00e9 au recueil des actes administratifs de la pr\u00e9fecture de la r\u00e9gionIle-de-France. Un recours contentieux contre le pr\u00e9sent arr\u00eat\u00e9 peut \u00eatre form\u00e9 aupr\u00e8s du Tribunaladministratif comp\u00e9tent. Le d\u00e9lai de recours est de deux mois \u00e0 compter de sa notification pourles int\u00e9ress\u00e9s ou de sa publication pour les tiers.Fait \u00e0 Saint-Denis, lePour le Directeur g\u00e9n\u00e9ralde l'Agence r\u00e9gionale de sant\u00e9Ile-de-FrancePar d\u00e9l\u00e9gation\nSign\u00e9 \u00e9lectroniquement par ArnaudCORVAISIER - Directeur de l'Offre deSoinsLe 24/07/2025 a 09:09\nAgence R\u00e9gionale de Sant\u00e9 - IDF-2025-07-24-00002 - Arr\u00eat\u00e9 n\u00b0DOS 2025/3549 portant approbation de l'avenant n\u00b013 \u00e0 la convention\nconstitutive du Groupement de Coop\u00e9ration Sanitaire \u00ab Coordination Nationale des \u00e9tablissements publics de sant\u00e9 en mati\u00e8re de\nRecherche et d'Innovations m\u00e9dicales \u00bb dit \u00ab GCS CNCR \u00bb\n12\nAgence R\u00e9gionale de Sant\u00e9\nIDF-2025-07-24-00003\nArr\u00eate n\u00b0DOS 2025/3550 portant approbation\nde l'avenant n\u00b019 \u00e0 la convention constitutive du\nGroupement de Coop\u00e9ration Sanitaire \u00ab Ramsay\nSant\u00e9 Enseignement & Recherche \u00bb\nAgence R\u00e9gionale de Sant\u00e9 - IDF-2025-07-24-00003 - Arr\u00eate n\u00b0DOS 2025/3550 portant approbation de l'avenant n\u00b019 \u00e0 la convention\nconstitutive du Groupement de Coop\u00e9ration Sanitaire \u00ab Ramsay Sant\u00e9 Enseignement & Recherche \u00bb 13\n| 3REPUBLIQUEFRAN CAIS E \u00a9 D Agence R\u00e9gionale de Sant\u00e9Libert\u00e9 Ile-de-FranceEgalit\u00e9Fraternit\u00e9\nAGENCE R\u00c9GIONALE DE SANT\u00c9 \u00ceLE-DE-FRANCEARR\u00caT\u00c9 N\u00b0 DOS - 2025/3550portant approbation de l'avenant n\u00b019 \u00e0 la convention constitutive du Groupement deCoop\u00e9ration Sanitaire \u00ab Ramsay Sant\u00e9 Enseignement & Recherche \u00bbLE DIRECTEUR GENERAL DE L'AGENCE R\u00c9GIONALE DE SANT\u00c9 \u00ceLE-DE-FRANCE\nVU le code de la sant\u00e9 publique et notamment les articles L.6133-1 et suivants et R. 6133-1 et suivants\nVU l'arr\u00eat\u00e9 du 5 avril 2019 relatif aux groupements de coop\u00e9rations sanitaires ;VU le d\u00e9cret du 10 avril 2024 portant nomination de Monsieur Denis ROBIN, Directeur g\u00e9n\u00e9ral del'Agence r\u00e9gionale de sant\u00e9 \u00cele-de-France \u00e0 compter du 29 avril 2024 ;VU l'arr\u00eat\u00e9 DS n\u00b0 034/2024 du 29 avril 2024 du Directeur g\u00e9n\u00e9ral de l'Agence r\u00e9gionale de sant\u00e9Ile-de-France, Monsieur Denis ROBIN, portant d\u00e9l\u00e9gation de signature a Monsieur ArnaudCORVAISIER, Directeur de l'Offre de soins de l'ARS Ile-de-France ;VU l'arr\u00eat\u00e9 n\u00b014-422 du 28 mai 2014 portant approbation de la convention constitutive du Groupementde Coop\u00e9ration sanitaire \u00abRamsay Sant\u00e9 Enseignement & Recherche \u00bb ;VU la d\u00e9lib\u00e9ration de l'assembl\u00e9e g\u00e9n\u00e9rale du GCS \u00ab Ramsay Sant\u00e9 Enseignement & Recherche \u00bb du30 juin 2025 adoptant la modifications des membres ;VU l'avenant n\u00b019 \u00e0 la convention constitutive du GCS \u00ab Ramsay Sant\u00e9 Enseignement & Recherche \u00bbsign\u00e9 \u00e0 Paris, le 30 juin 2025 ;\nCONSID\u00c9RANT que l'avenant n\u00b019 \u00e0 la convention du GCS \u00ab Ramsay Sant\u00e9 Enseignement &Recherche \u00bb respecte les dispositions des articles L. 6133-1 et suivants et R. 6133-1et suivants du code de la sant\u00e9 publique ;\nARR\u00caTEARTICLE 1\u00b0: L'avenant n\u00b0 19 a la convention constitutive du Groupement de Coop\u00e9ration Sanitaire\u00ab Ramsay Sant\u00e9 Enseignement & Recherche \u00bb est approuv\u00e9.ARTICLE 2\u00b0 : L'avenant approuve la modification de la liste des membres au groupement, en tenantcompte du retrait de l'\u00e9tablissement suivant :- La soci\u00e9t\u00e9 Lille SeptentrionARTICLE 3\u00b0 L'avenant modifie les conditions de fonctionnement du GCS et notamment l'articlesuivant :- Article 12 \u2014 Capital\nAgence R\u00e9gionale de Sant\u00e9 - IDF-2025-07-24-00003 - Arr\u00eate n\u00b0DOS 2025/3550 portant approbation de l'avenant n\u00b019 \u00e0 la convention\nconstitutive du Groupement de Coop\u00e9ration Sanitaire \u00ab Ramsay Sant\u00e9 Enseignement & Recherche \u00bb 14\nARTICLE 4\u00b0 Le pr\u00e9sent arr\u00e9t\u00e9 sera publi\u00e9 au recueil des actes administratifs de la pr\u00e9fecture de lar\u00e9gion \u00cele-de-France. Un recours contentieux contre le pr\u00e9sent arr\u00eat\u00e9 peut \u00eatre form\u00e9aupr\u00e8s du Tribunal administratif comp\u00e9tent. Le d\u00e9lai de recours est de deux mois \u00e0compter de sa notification pour les int\u00e9ress\u00e9s ou de sa publication pour les tiers.\nFait \u00e0 Saint-Denis, lePour le Directeur g\u00e9n\u00e9ralde l'Agence r\u00e9gionale de sant\u00e9\u00cele-de-FrancePar d\u00e9l\u00e9gation\n>, msRigorets dE 1ie-de-FranceDirectisf de POfirg de SoinsAmeud CORVAISIER\nSign\u00e9 \u00e9lectroniquement par ArnaudCORVAISIER - Directeur de l'Offre deSoinsLe 24/07/2025 a 09:30\nAgence R\u00e9gionale de Sant\u00e9 - IDF-2025-07-24-00003 - Arr\u00eate n\u00b0DOS 2025/3550 portant approbation de l'avenant n\u00b019 \u00e0 la convention\nconstitutive du Groupement de Coop\u00e9ration Sanitaire \u00ab Ramsay Sant\u00e9 Enseignement & Recherche \u00bb 15\nDirection r\u00e9gionale et interd\u00e9partementale de\nl'h\u00e9bergement et du logement\nIDF-2025-07-23-00003\nArr\u00eat\u00e9 portant agr\u00e9ment de l'Association pour le\nlogement des jeunes travailleurs (ALJT) au titre de\nl'ing\u00e9nierie sociale, financi\u00e8re et technique\nDirection r\u00e9gionale et interd\u00e9partementale de l'h\u00e9bergement et du logement - IDF-2025-07-23-00003 - Arr\u00eat\u00e9 portant agr\u00e9ment de\nl'Association pour le logement des jeunes travailleurs (ALJT) au titre de l'ing\u00e9nierie sociale, financi\u00e8re et technique 16\nEiPREFETDE LA REGIOND'\u00ceLE-DE-FRANCELibert\u00e9Egalit\u00e9Fraternit\u00e9\nArr\u00eat\u00e9  n\u00b0 \nportant agr\u00e9ment \nde l'Association pour le logement des jeunes travailleurs (ALJT)\nau titre de l'ing\u00e9nierie sociale, financi\u00e8re et technique\nLe Pr\u00e9fet de la R\u00e9gion \u00cele-de-France, pr\u00e9fet de Paris\nGrand Officier de la L\u00e9gion d'Honneur,\nOfficier de l'ordre national du m\u00e9rite\nVU la loi n\u00b0 2009-323 du 25 mars 2009 de mobilisation pour le logement et la lutte contre\nl'exclusion \nVU  le d\u00e9cret n\u00b0 2009-1684 du 30 d\u00e9cembre 2009 relatif aux agr\u00e9ments des organismes\nexer\u00e7ant  des  activit\u00e9s  en  faveur  du  logement  et  de  l'h\u00e9bergement  des  personnes\nd\u00e9favoris\u00e9es\nVU  la circulaire du 18 janvier 2010 relative aux relations entre les pouvoirs publics et les\nassociations\u00a0:  conventions  d'objectifs  et  simplification  des  d\u00e9marches  relatives  aux\nproc\u00e9dures d'agr\u00e9ment \nVU  la circulaire du 6 septembre 2010 relative aux agr\u00e9ments des organismes agissant en\nfaveur du logement et de l'h\u00e9bergement des personnes d\u00e9favoris\u00e9es\nVU  la d\u00e9cision  n\u00b0 2024-21 en date du 16 mai 2024  portant d\u00e9l\u00e9gation de signature \u00e0\nMonsieur Laurent BRESSON, Directeur r\u00e9gional et interd\u00e9partemental de l'h\u00e9bergement et\ndu logement \u00cele-de-France, en mati\u00e8re administrative\nVU  la  demande  d'agr\u00e9ment  d\u00e9pos\u00e9e  par l'Association  pour  le  logement  des  jeunes\ntravailleurs (ALJT) le 16 juin 2025, aupr\u00e8s du Pr\u00e9fet de r\u00e9gion, en vue d'exercer les activit\u00e9s\nsuivantes, vis\u00e9es \u00e0 l'article R.365-1 2\u00b0 b) du Code la construction et de l'habitation:\n\u2022 L'accompagnement social des personnes pour favoriser leur acc\u00e8s ou leur maintien\ndans le logement, r\u00e9alis\u00e9 principalement dans le cadre du plan d\u00e9partemental\nd'action pour le logement des personnes d\u00e9favoris\u00e9es.\nCONSID\u00c9RANT la capacit\u00e9 de  l'Association pour  le logement des jeunes travailleurs\n(ALJT) \u00e0 exercer les activit\u00e9s, objet du pr\u00e9sent agr\u00e9ment, compte tenu de ses statuts, de ses\nT\u00e9l : 01 82 52 48 96 \nLe Ponant, 5 rue Leblanc, 75015 Paris\nwww.drihl.ile-de-france.developpement-durable.gouv.fr 1 / 3\nDirection r\u00e9gionale et interd\u00e9partementale de l'h\u00e9bergement et du logement - IDF-2025-07-23-00003 - Arr\u00eat\u00e9 portant agr\u00e9ment de\nl'Association pour le logement des jeunes travailleurs (ALJT) au titre de l'ing\u00e9nierie sociale, financi\u00e8re et technique 17\ncomp\u00e9tences, des moyens dont elle dispose dans l'ensemble des d\u00e9partements de la r\u00e9gion\n\u00cele-de-France (de Paris, de la Seine-et-Marne, des Yvelines, de l'Essonne, des Hauts-de-Seine,\nde la Seine-Saint-Denis, du Val-de-Marne et du Val d'Oise)  ainsi que du soutien de l'URHAJ\n\u00cele-de-France \u00e0 laquelle elle adh\u00e8re\nARR\u00caTE\nArticle  1  er\n  \nL'agr\u00e9ment  au  titre  de  l'ing\u00e9nierie  sociale,  financi\u00e8re  et  technique  est  accord\u00e9  \u00e0\nl'Association pour le logement des jeunes travailleurs (ALJT)  pour les activit\u00e9s suivantes,\nvis\u00e9es \u00e0 l'article R.365-1 2\u00b0 b) du Code la construction et de l'habitation :\n\u2022 L'accompagnement social des personnes pour favoriser leur acc\u00e8s ou leur maintien\ndans le logement, r\u00e9alis\u00e9 principalement dans le cadre du plan d\u00e9partemental\nd'action pour le logement des personnes d\u00e9favoris\u00e9es.\nArticle 2\nCet agr\u00e9ment est d\u00e9livr\u00e9 pour une dur\u00e9e de cinq ans renouvelable.\nArticle 3\nL'Association pour le logement des jeunes travailleurs (ALJT)  est agr\u00e9\u00e9e pour l'exercice des\nactivit\u00e9s mentionn\u00e9es \u00e0 l'article 1 er\n dans le territoire des d\u00e9partements de Paris, de la Seine-\net-Marne, des Yvelines, de l'Essonne, des Hauts-de-Seine, de la Seine-Saint-Denis, du Val-de-\nMarne et du Val d'Oise.\nArticle 4\nL'Association  pour  le  logement  des  jeunes  travailleurs  (ALJT) e st  tenue  d'adresser\nannuellement  au  Pr\u00e9fet  de  R\u00e9gion  un  compte-rendu  de  l'activit\u00e9,  objet  du  pr\u00e9sent\nagr\u00e9ment, ainsi que ses comptes financiers, conform\u00e9ment \u00e0 l'article R.365-7 du  Code la\nconstruction et de l'habitation. Elle doit \u00e9galement lui notifier toute modification statutaire.\nLe Pr\u00e9fet de R\u00e9gion peut \u00e0 tout moment contr\u00f4ler les conditions d'exercice de l'activit\u00e9 de\nl'organisme.\nArticle 5\nLe pr\u00e9sent agr\u00e9ment peut-\u00eatre retir\u00e9 \u00e0 tout moment par le Pr\u00e9fet de r\u00e9gion, si les conditions\nde d\u00e9livrance de l'agr\u00e9ment ne sont plus satisfaites ou s'il est constat\u00e9 un manquement\ngrave et r\u00e9p\u00e9t\u00e9 aux obligations de l'organisme. Ce retrait ne pourra \u00eatre prononc\u00e9 qu'apr\u00e8s\navoir mis les dirigeants de l'organisme en mesure de pr\u00e9senter leurs observations.\nT\u00e9l : 01 82 52 48 96 \nLe Ponant, 5 rue Leblanc, 75015 Paris\nwww.drihl.ile-de-france.developpement-durable.gouv.fr 2 / 3\nDirection r\u00e9gionale et interd\u00e9partementale de l'h\u00e9bergement et du logement - IDF-2025-07-23-00003 - Arr\u00eat\u00e9 portant agr\u00e9ment de\nl'Association pour le logement des jeunes travailleurs (ALJT) au titre de l'ing\u00e9nierie sociale, financi\u00e8re et technique 18\nArticle 6\nLe pr\u00e9sent arr\u00eat\u00e9 peut faire l'objet d'un recours gracieux devant le Pr\u00e9fet de r\u00e9gion.\nIl  peut \u00e9galement faire l'objet d'un recours hi\u00e9rarchique devant l'autorit\u00e9 sup\u00e9rieure de\nl'auteur du pr\u00e9sent arr\u00eat\u00e9, la Ministre aupr\u00e8s du Ministre de l'Am\u00e9nagement du territoire et\nde la D\u00e9centralisation, charg\u00e9e du Logement.\nIl peut aussi faire l'objet d'un recours contentieux devant le tribunal administratif de Paris, 7 ,\nrue de Jouy, 75004 Paris, dans un d\u00e9lai de deux mois \u00e0 compter de la date de publication au\nrecueil des actes administratifs. Dans ce cas, le pr\u00e9sent arr\u00eat\u00e9 doit \u00eatre joint au recours\ncontentieux.\nArticle 7\nLe Directeur r\u00e9gional et interd\u00e9partemental de l'h\u00e9bergement et du logement \u00cele-de-France\nest charg\u00e9 de l'ex\u00e9cution du pr\u00e9sent arr\u00eat\u00e9.\nLe pr\u00e9sent arr\u00eat\u00e9 sera publi\u00e9 au recueil des actes administratifs.\nUne copie du pr\u00e9sent arr\u00eat\u00e9 sera adress\u00e9e aux pr\u00e9fets de la Seine-et-Marne, des Yvelines, de\nl'Essonne, des Hauts-de-Seine, de la Seine-Saint-Denis, du Val-de-Marne et du Val d'Oise.\nParis, le 23/07/2025\nPour le Pr\u00e9fet de la R\u00e9gion d'\u00cele-de-France,\nPr\u00e9fet de Paris et par d\u00e9l\u00e9gation, \nLe Directeur R\u00e9gional Interd\u00e9partemental\n                        de l'H\u00e9bergement et du Logement\n                                              \nSign\u00e9\nLaurent BRESSON\nT\u00e9l : 01 82 52 48 96 \nLe Ponant, 5 rue Leblanc, 75015 Paris\nwww.drihl.ile-de-france.developpement-durable.gouv.fr 3 / 3\nDirection r\u00e9gionale et interd\u00e9partementale de l'h\u00e9bergement et du logement - IDF-2025-07-23-00003 - Arr\u00eat\u00e9 portant agr\u00e9ment de\nl'Association pour le logement des jeunes travailleurs (ALJT) au titre de l'ing\u00e9nierie sociale, financi\u00e8re et technique 19\nDirection r\u00e9gionale et interd\u00e9partementale de\nl'h\u00e9bergement et du logement\nIDF-2025-07-23-00002\nArr\u00eat\u00e9 portant agr\u00e9ment de l'Association pour le\nlogement des jeunes travailleurs (ALJT) au titre de\nl'interm\u00e9diation locative et gestion locative\nsociale\nDirection r\u00e9gionale et interd\u00e9partementale de l'h\u00e9bergement et du logement - IDF-2025-07-23-00002 - Arr\u00eat\u00e9 portant agr\u00e9ment de\nl'Association pour le logement des jeunes travailleurs (ALJT) au titre de l'interm\u00e9diation locative et gestion locative sociale 20\nEiPREFETDE LA REGIOND'\u00ceLE-DE-FRANCELibert\u00e9Egalit\u00e9Fraternit\u00e9\nArr\u00eat\u00e9 n\u00b0\nportant agr\u00e9ment\nde l'Association pour le logement des jeunes travailleurs (ALJT)\nau titre de l'interm\u00e9diation locative et gestion locative sociale\nLe Pr\u00e9fet de la R\u00e9gion \u00cele-de-France, pr\u00e9fet de Paris\nGrand Officier de la L\u00e9gion d'Honneur,\nOfficier de l'ordre national du m\u00e9rite\nVU la loi n\u00b0 2009-323 du 25 mars 2009 de mobilisation pour le logement et la lutte\ncontre l'exclusion\nVU  le  d\u00e9cret  n\u00b0  2009-1684  du  30  d\u00e9cembre  2009  relatif  aux  agr\u00e9ments  des\norganismes exer\u00e7ant des activit\u00e9s en faveur du logement et de l'h\u00e9bergement des\npersonnes d\u00e9favoris\u00e9es\nVU  la circulaire du 18 janvier 2010 relative aux relations entre les pouvoirs publics\net les associations\u00a0: conventions d'objectifs et simplification des d\u00e9marches relatives\naux proc\u00e9dures d'agr\u00e9ment\nVU  la  circulaire  du  6  septembre  2010  relative  aux  agr\u00e9ments  des  organismes\nagissant en faveur du logement et de l'h\u00e9bergement des personnes d\u00e9favoris\u00e9es\nVU  l'arr\u00eat\u00e9  n\u00b0  IDF-2023-10-02-00010  en  date  du  02  octobre  2023  portant\nd\u00e9l\u00e9gation  de  signature  \u00e0  Monsieur  Laurent  BRESSON,  Directeur  r\u00e9gional  et\ninterd\u00e9partemental  de  l'h\u00e9bergement  et  du  logement  \u00cele-de-France,  en  mati\u00e8re\nadministrative\nVU  la  demande  d'agr\u00e9ment  d\u00e9pos\u00e9e  par  l'Association  pour  le  logement  des\njeunes travailleurs (ALJT) le 16 juin 2025, aupr\u00e8s du Pr\u00e9fet de r\u00e9gion, en vue d'exercer\nles activit\u00e9s suivantes, vis\u00e9es \u00e0 l'article R.365-1 3\u00b0 du a) et c) du Code la construction\net de l'habitation\u00a0:\nT\u00e9l : 01 82 52 48 96\nLe Ponant, 5 rue Leblanc, 75015 Paris\nwww.drihl.ile-de-france.developpement-durable.gouv.fr 1 / 4\nDirection r\u00e9gionale et interd\u00e9partementale de l'h\u00e9bergement et du logement - IDF-2025-07-23-00002 - Arr\u00eat\u00e9 portant agr\u00e9ment de\nl'Association pour le logement des jeunes travailleurs (ALJT) au titre de l'interm\u00e9diation locative et gestion locative sociale21\n\u2022 Location de logements aupr\u00e8s d'organismes agr\u00e9\u00e9s au titre de l'article L 365-2\nou d'organismes d'habitation \u00e0 loyer mod\u00e9r\u00e9 en vue de leur sous-location \u00e0 des\npersonnes d\u00e9favoris\u00e9es dans les conditions pr\u00e9vues par l'article L 442-8-1\n\u2022 Location de logements \u00e0 des bailleurs autres que les organismes d'habitations \u00e0\nloyer mod\u00e9r\u00e9 en vue de les sous-louer \u00e0 des personnes d\u00e9favoris\u00e9es dans les\nconditions pr\u00e9vues aux articles L.321-10, L.323-10-1 et L.353-20.\n\u2022 Location de logements en vue de l'h\u00e9bergement de personnes d\u00e9favoris\u00e9es\ndans les conditions de l'article L.851-1 du code de la s\u00e9curit\u00e9 sociale.\n\u2022 Location  aupr\u00e8s  d'un  organisme  d'habitations  \u00e0  loyer  mod\u00e9r\u00e9  d'un  h\u00f4tel\ndestin\u00e9 \u00e0 l'h\u00e9bergement mentionn\u00e9 au 8\u00b0 de l'article L.421-1, au 11 \u00e8me\n ali\u00e9na de\nl'article L.422-2, au 6\u00b0 de l'article L.422-3.\n\u2022 Location aupr\u00e8s d'un organisme agr\u00e9\u00e9 au titre de l'article L.365-2 destin\u00e9 \u00e0\nl'h\u00e9bergement.\n\u2022 La gestion de r\u00e9sidences sociales mentionn\u00e9es \u00e0 l'article R.353-165-1\nCONSID\u00c9RANT  la  capacit\u00e9  de  l'Association  pour  le  logement  des  jeunes\ntravailleurs (ALJT)  \u00e0 exercer les activit\u00e9s objet du pr\u00e9sent agr\u00e9ment, compte tenu\nde  ses  statuts,  ses  comp\u00e9tences,  des  moyens  dont  elle  dispose  dans  les\nd\u00e9partements de Paris, de la Seine-et-Marne, des Yvelines, de l'Essonne, des Hauts-\nde-Seine, de la Seine-Saint-Denis du Val-de-Marne et  du Val d'Oise ainsi que du\nsoutien de l'URHAJ \u00cele-de-France \u00e0 laquelle elle adh\u00e8re,\nARRETE\nArticle  1  er\n  \nL'agr\u00e9ment  au  titre  de  l'interm\u00e9diation  locative  et  gestion  locative  sociale  est\naccord\u00e9 \u00e0  l'Association pour le logement  des jeunes travailleurs (ALJT)  pour les\nactivit\u00e9s suivantes, vis\u00e9es \u00e0 l'article R.365-1 3\u00b0 du a) et c) du Code la construction et\nde l'habitation\u00a0:\n\u2022 Location de logements aupr\u00e8s d'organismes agr\u00e9\u00e9s au titre de l'article L 365-2 ou\nd'organismes  d'habitation  \u00e0  loyer  mod\u00e9r\u00e9  en  vue  de  leur  sous-location  \u00e0  des\npersonnes d\u00e9favoris\u00e9es dans les conditions pr\u00e9vues par l'article L 442-8-1\n\u2022 Location de logements \u00e0 des bailleurs autres que les organismes d'habitations \u00e0\nloyer  mod\u00e9r\u00e9 en vue de les  sous-louer \u00e0 des  personnes  d\u00e9favoris\u00e9es  dans  les\nconditions pr\u00e9vues aux articles L.321-10, L.323-10-1 et L.353-20.\n\u2022 Location de logements en vue de l'h\u00e9bergement de personnes d\u00e9favoris\u00e9es dans\nles conditions de l'article L.851-1 du code de la s\u00e9curit\u00e9 sociale.\n\u2022 Location aupr\u00e8s d'un organisme d'habitations \u00e0 loyer mod\u00e9r\u00e9 d'un h\u00f4tel destin\u00e9 \u00e0\nT\u00e9l : 01 82 52 48 96\nLe Ponant, 5 rue Leblanc, 75015 Paris\nwww.drihl.ile-de-france.developpement-durable.gouv.fr 2 / 4\nDirection r\u00e9gionale et interd\u00e9partementale de l'h\u00e9bergement et du logement - IDF-2025-07-23-00002 - Arr\u00eat\u00e9 portant agr\u00e9ment de\nl'Association pour le logement des jeunes travailleurs (ALJT) au titre de l'interm\u00e9diation locative et gestion locative sociale22\nl'h\u00e9bergement  mentionn\u00e9  au  8\u00b0  de l'article  L.421-1,  au  11\u00e8me\n ali\u00e9na  de  l'article\nL.422-2, au 6\u00b0 de l'article L.422-3.\n\u2022 Location  aupr\u00e8s  d'un  organisme  agr\u00e9\u00e9  au  titre  de  l'article  L.365-2  destin\u00e9  \u00e0\nl'h\u00e9bergement.\n\u2022 La gestion de r\u00e9sidences sociales mentionn\u00e9es \u00e0 l'article R.353-165-1\nArticle  2\nL'Association  pour  le  logement  des  jeunes  travailleurs  (ALJT) est  agr\u00e9\u00e9e  pour\nl'exercice des activit\u00e9s mentionn\u00e9es \u00e0 l'article 1er\n dans le territoire des d\u00e9partements\nde Paris, de la Seine-et-Marne, des Yvelines, de l'Essonne, des Hauts-de-Seine, de la\nSeine-Saint-Denis du Val-de-Marne et du Val d'Oise ,\nArticle 3\nCet agr\u00e9ment est d\u00e9livr\u00e9 pour une dur\u00e9e de cinq ans renouvelable. Il prend effet \u00e0\npartir de la date de signature du pr\u00e9sent arr\u00eat\u00e9.\nArticle 4\nL'Association pour le logement des jeunes travailleurs (ALJT)  est tenue d'adresser\nannuellement au Pr\u00e9fet de R\u00e9gion un compte-rendu de l'activit\u00e9, objet du pr\u00e9sent\nagr\u00e9ment, ainsi que ses comptes financiers, conform\u00e9ment \u00e0 l'article R.365-7 du\nCode de la construction et de l'habitation. Elle doit \u00e9galement lui notifier toute\nmodification statutaire.\nLe  Pr\u00e9fet  de R\u00e9gion peut  \u00e0  tout  moment  contr\u00f4ler les  conditions d'exercice  de\nl'activit\u00e9 de l'organisme.\nArticle 5\nLe pr\u00e9sent agr\u00e9ment peut \u00eatre retir\u00e9 \u00e0 tout moment par le Pr\u00e9fet de r\u00e9gion, si les\nconditions de d\u00e9livrance de l'agr\u00e9ment ne sont plus satisfaites ou s'il est constat\u00e9 un\nmanquement grave et r\u00e9p\u00e9t\u00e9 aux obligations de l'organisme. Ce retrait ne pourra\n\u00eatre  prononc\u00e9  qu'apr\u00e8s  avoir  mis  les  dirigeants  de  l'organisme  en  mesure  de\npr\u00e9senter leurs observations.\nArticle 6\nLe pr\u00e9sent arr\u00eat\u00e9 peut faire l'objet d'un recours gracieux devant le Pr\u00e9fet de r\u00e9gion.\nIl peut \u00e9galement faire l'objet d'un recours hi\u00e9rarchique devant l'autorit\u00e9 sup\u00e9rieure\nde l'auteur du pr\u00e9sent arr\u00eat\u00e9, l a Ministre aupr\u00e8s du Ministre de l'Am\u00e9nagement du\nT\u00e9l : 01 82 52 48 96\nLe Ponant, 5 rue Leblanc, 75015 Paris\nwww.drihl.ile-de-france.developpement-durable.gouv.fr 3 / 4\nDirection r\u00e9gionale et interd\u00e9partementale de l'h\u00e9bergement et du logement - IDF-2025-07-23-00002 - Arr\u00eat\u00e9 portant agr\u00e9ment de\nl'Association pour le logement des jeunes travailleurs (ALJT) au titre de l'interm\u00e9diation locative et gestion locative sociale23\nterritoire et de la D\u00e9centralisation, charg\u00e9e du Logement.\nIl peut aussi faire l'objet d'un recours contentieux devant le tribunal administratif de\nParis sis au 7 , rue de Jouy, 75004 Paris, dans un d\u00e9lai de deux mois \u00e0 compter de la\ndate de publication au recueil des actes administratifs. Dans ce cas, le pr\u00e9sent arr\u00eat\u00e9\ndoit \u00eatre joint au recours contentieux.\nArticle 7\nLe Directeur r\u00e9gional et interd\u00e9partemental de l'h\u00e9bergement et du logement d'\u00cele-\nde-France est charg\u00e9 de l'ex\u00e9cution du pr\u00e9sent arr\u00eat\u00e9.\nLe pr\u00e9sent arr\u00eat\u00e9 sera publi\u00e9 au recueil des actes administratifs.\nUne copie du pr\u00e9sent arr\u00eat\u00e9 sera adress\u00e9e aux pr\u00e9fets  de la Seine-et-Marne, des\nYvelines, de l'Essonne, des Hauts-de-Seine, de la Seine-Saint-Denis du Val-de-Marne\net du Val d'Oise.\n \nParis, le 23/07/2025\nPour le Pr\u00e9fet de la R\u00e9gion d'\u00cele-de-France, \nPr\u00e9fet de Paris et par d\u00e9l\u00e9gation, \nLe Directeur R\u00e9gional Interd\u00e9partemental\n     de l'H\u00e9bergement et du Logement\n                                              \n Sign\u00e9\n Laurent BRESSON\nT\u00e9l : 01 82 52 48 96\nLe Ponant, 5 rue Leblanc, 75015 Paris\nwww.drihl.ile-de-france.developpement-durable.gouv.fr 4 / 4\nDirection r\u00e9gionale et interd\u00e9partementale de l'h\u00e9bergement et du logement - IDF-2025-07-23-00002 - Arr\u00eat\u00e9 portant agr\u00e9ment de\nl'Association pour le logement des jeunes travailleurs (ALJT) au titre de l'interm\u00e9diation locative et gestion locative sociale24\nDirection r\u00e9gionale et interd\u00e9partementale de\nl'environnement, de l'am\u00e9nagement et des\ntransports d'\u00cele-de-France\nIDF-2025-07-24-00004\nArr\u00eat\u00e9 n\u00b0IDF-2025 accordant \u00e0 3ML SANT\u00c9\nl'agr\u00e9ment institu\u00e9 par l'article R. 510-1 du code\nde l'urbanisme\naccordant \u00e0 3ML SANT\u00c9\nl'agr\u00e9ment institu\u00e9 par l'article R.510-1 du code\nde l'urbanisme\nDirection r\u00e9gionale et interd\u00e9partementale de l'environnement, de l'am\u00e9nagement et des transports d'\u00cele-de-France -\nIDF-2025-07-24-00004 - Arr\u00eat\u00e9 n\u00b0IDF-2025 accordant \u00e0 3ML SANT\u00c9 l'agr\u00e9ment institu\u00e9 par l'article R. 510-1 du code de l'urbanisme\naccordant \u00e0 3ML SANT\u00c9\nl'agr\u00e9ment institu\u00e9 par l'article R.510-1 du code de l'urbanisme\n25\nznPREFET _DE LA REGIOND'ILE-DE-FRANCELibert\u00e9Egalit\u00e9Fraternit\u00e9\nDirection r\u00e9gionale et interd\u00e9partementale\nde l'environnement, de l'am\u00e9nagement et\ndes transports d'\u00cele-de-France\nARR\u00caT\u00c9 N\u00b0 IDF-2025-\naccordant \u00e0 3ML SANT\u00c9\nl'agr\u00e9ment institu\u00e9 par l'article R.510-1 du code de l'urbanisme\nLE PR\u00c9FET DE LA R\u00c9GION D'\u00ceLE-DE-FRANCE,\nPR\u00c9FET DE PARIS\nCOMMANDEUR DE LA L\u00c9GION D'HONNEUR\nOFFICIER DE L'ORDRE NATIONAL DU M\u00c9RITE\nVu le code de l'urbanisme, notamment ses articles L.510-1 \u00e0 L.510-4 et R.510-1 \u00e0 R.510-15 ;\nVu le  code  de  la  construction  et  de  l'habitation,  notamment  ses  articles  L.171-4,  L.174-1  et  R.174-22  \u00e0\nR.174- 32 ;\nVu  la demande d'agr\u00e9ment pr\u00e9sent\u00e9e par  3ML SANT\u00c9 , r\u00e9ceptionn\u00e9e le 07/05/2025 et enregistr\u00e9e sous le\nnum\u00e9ro 2025/076 ;\nConsid\u00e9rant que  le  projet  est  soumis  au  respect  des  exigences  de  performance  \u00e9nerg\u00e9tique  et\nenvironnementale qui lui sont applicables ;\nConsid\u00e9rant  que  le  projet  pr\u00e9voit  l'utilisation  de  mat\u00e9riaux  biosourc\u00e9s  (bois),  la  r\u00e9alisation  de  toitures\nv\u00e9g\u00e9talis\u00e9es (436  m\u00b2, soit 83,36  % de la surface de toiture terrasse) et l'installation de panneaux solaires et\nphotovolta\u00efques (40 m\u00b2, soit 7,64 % de la surface de toiture terrasse) ;\nConsid\u00e9rant que l'op\u00e9ration pr\u00e9voit  des stationnements pour v\u00e9hicules l\u00e9gers perm\u00e9ables, 248,8  m\u00b2 d'espace\nde pleine terre (soit 17,18 % de la parcelle), et la plantation de 16 arbres de hautes tiges d'essences locales ;\nConsid\u00e9rant que le projet s'implante sur un terrain nu, mis en vente par la mairie de Sartrouville afin d'y r\u00e9aliser\nune maison m\u00e9dicale pluridisciplinaire ;\nSur proposition de la directrice r\u00e9gionale et interd\u00e9partementale de l'environnement, de l'am\u00e9nagement et des\ntransports ;\nARR\u00caTE\nArticle 1er : L'agr\u00e9ment pr\u00e9vu par les articles susvis\u00e9s du code de l'urbanisme est accord\u00e9 \u00e0 3 ML SANT\u00c9, en\nvue de r\u00e9aliser \u00e0 SARTROUVILLE  (78500), 44-54 rue de Reims, une op\u00e9ration de construction neuve d'un\nensemble immobilier \u00e0 destination principale de bureaux (maison m\u00e9dicale pluridisciplinaire), d'une surface de\nplancher totale soumise \u00e0 l'agr\u00e9ment de 1 300 m\u00b2. \nImmeuble Le Ponant \u2013 5, rue Leblanc \u2013 75911 Paris Cedex 15\nT\u00e9l\u00e9phone : 01 82 52 40 00 \nmod\u00e8le\n1/2\nDirection r\u00e9gionale et interd\u00e9partementale de l'environnement, de l'am\u00e9nagement et des transports d'\u00cele-de-France -\nIDF-2025-07-24-00004 - Arr\u00eat\u00e9 n\u00b0IDF-2025 accordant \u00e0 3ML SANT\u00c9 l'agr\u00e9ment institu\u00e9 par l'article R. 510-1 du code de l'urbanisme\naccordant \u00e0 3ML SANT\u00c9\nl'agr\u00e9ment institu\u00e9 par l'article R.510-1 du code de l'urbanisme\n26\nArticle 2 : La surface de plancher totale agr\u00e9\u00e9e se compose comme suit : \nBureaux :                               1 300 m\u00b2 (construction neuve)\nCes surfaces constituent un maximum susceptible d'\u00eatre r\u00e9duit en application des dispositions d'urbanisme.\nArticle 3 : Les locaux devront \u00eatre utilis\u00e9s uniquement en vue de l'exercice de l'activit\u00e9 d\u00e9finie \u00e0 l'article 2.\nArticle 4 : La d\u00e9livrance des autorisations d'urbanisme \u00e9tant subordonn\u00e9e \u00e0 l'ensemble des r\u00e8gles r\u00e9gissant la\nmati\u00e8re, le pr\u00e9sent arr\u00eat\u00e9 ne pr\u00e9juge pas de cette d\u00e9livrance et il ne peut \u00eatre oppos\u00e9 aux objections \u00e9ventuelles\ntouchant notamment l'implantation, les volumes, la densit\u00e9, les nuisances, etc., qui pourraient \u00eatre faites par les\nservices charg\u00e9s d'instruire ces demandes.\nCes demandes, auxquelles sera annex\u00e9e une copie du pr\u00e9sent arr\u00eat\u00e9, devront \u00eatre d\u00e9pos\u00e9es dans le d\u00e9lai d'un\nan \u00e0 compter de la date de signature du pr\u00e9sent arr\u00eat\u00e9. Pass\u00e9 ce d\u00e9lai, le pr\u00e9sent arr\u00eat\u00e9 sera caduc.\nArticle 5 : Le pr\u00e9sent arr\u00eat\u00e9 sera notifi\u00e9 \u00e0 :\n3ML SANT\u00c9\n86 rue \u00c9douard Vaillant\n92700 COLOMBES\nArticle  6 : Le  pr\u00e9fet  des Yvelines  et la  directrice  r\u00e9gionale  et  interd\u00e9partementale  de l'environnement,  de\nl'am\u00e9nagement et des transports sont charg\u00e9s, pour ce qui les concerne, de l'ex\u00e9cution du pr\u00e9sent arr\u00eat\u00e9, qui\nest publi\u00e9 au recueil des actes administratifs de la pr\u00e9fecture de la r\u00e9gion.\nFait \u00e0 Paris, le 24/07/2025\nLe Pr\u00e9fet de la R\u00e9gion d'\u00cele-de-France\nPr\u00e9fet de Paris\n           SIGNE\n Marc GUILLAUME\nVoies et d\u00e9lais de recours :\nLe pr\u00e9sent arr\u00eat\u00e9 peut faire l'objet d'un recours administratif dans un d\u00e9lai de deux mois, soit gracieux aupr\u00e8s du\npr\u00e9fet de la r\u00e9gion \u00cele-de-France, soit hi\u00e9rarchique aupr\u00e8s de la ministre charg\u00e9e du logement, plac\u00e9e aupr\u00e8s du\nministre de l'am\u00e9nagement du territoire et de la d\u00e9centralisation. Il peut \u00e9galement faire l'objet d'un recours\ndevant le tribunal administratif comp\u00e9tent dans les deux mois \u00e0 compter de sa notification en application des\ndispositions des articles R. 421-1 et suivants du code de justice administrative. Le tribunal administratif peut \u00eatre\nsaisi par l'application informatique \u00ab T\u00e9l\u00e9recours Citoyens \u00bb accessible par le site internet www.telerecours.fr.\nImmeuble Le Ponant \u2013 5, rue Leblanc \u2013 75911 Paris Cedex 15\nT\u00e9l\u00e9phone : 01 82 52 40 00 \nmod\u00e8le\n2/2\nDirection r\u00e9gionale et interd\u00e9partementale de l'environnement, de l'am\u00e9nagement et des transports d'\u00cele-de-France -\nIDF-2025-07-24-00004 - Arr\u00eat\u00e9 n\u00b0IDF-2025 accordant \u00e0 3ML SANT\u00c9 l'agr\u00e9ment institu\u00e9 par l'article R. 510-1 du code de l'urbanisme\naccordant \u00e0 3ML SANT\u00c9\nl'agr\u00e9ment institu\u00e9 par l'article R.510-1 du code de l'urbanisme\n27\nDirection Sp\u00e9cialis\u00e9e des Finances Publiques\npour l'Assistance Publique-H\u00f4pitaux de Paris\nIDF-2025-07-23-00007\nAvis fixant le nombre et la r\u00e9partition\ng\u00e9ographique des postes offerts au recrutement\npar voie de PACTE d'agents techniques des\nfinances publiques au titre de l'ann\u00e9e 2025\nDirection Sp\u00e9cialis\u00e9e des Finances Publiques pour l'Assistance Publique-H\u00f4pitaux de Paris - IDF-2025-07-23-00007 - Avis fixant le\nnombre et la r\u00e9partition g\u00e9ographique des postes offerts au recrutement par voie de PACTE d'agents techniques des finances\npubliques au titre de l'ann\u00e9e 2025\n28\nE L\u00e9gifranceRE P U B L | QU E Le service public de la diffusion du droitFRAN\u00c7AISELibert\u00e9Egalit\u00e9Fraternit\u00e9\nAvis fixant le nombre et la r\u00e9partition g\u00e9ographique des postes offerts au recrutementpar voie de PACTE d'agents techniques des finances publiques au titre de l'ann\u00e9e 2025NOR : ECOE2516526VJORF n\u00b00169 du 23 juillet 2025Texte n\u00b0 93Version initialeUn arr\u00eat\u00e9 du ministre de l'\u00e9conomie, des finances et de la souverainet\u00e9 industrielle et num\u00e9rique en date du 11 juillet 2025, a autoris\u00e9 au titre del'ann\u00e9e 2025 l'ouverture d'un recrutement par voie de parcours d'acc\u00e8s aux carri\u00e8res de la fonction publique territoriale, hospitali\u00e8re et de l'Etat(PACTE) pour l'acc\u00e8s au corps des agents techniques des finances publiques.1. Nombre de places offertes au titre de l'ann\u00e9e 2025Le nombre de places offertes au recrutement dans le corps des agents techniques des finances publiques est fix\u00e9 \u00e0 13.Ces postes sont r\u00e9partis de la mani\u00e8re suivante :1 poste \u00e0 la direction d\u00e9partementale des finances publiques de l'Allier ;1 poste \u00e0 la direction d\u00e9partementale des finances publiques des Alpes-Maritimes ;1 poste \u00e0 la direction d\u00e9partementale des finances publiques de la Charente-Maritime ;1 poste \u00e0 la direction r\u00e9gionale des finances publiques de Bourgogne-Franche-Comt\u00e9 et du d\u00e9partement de la C\u00f4te-d'Or ;1 poste \u00e0 la direction d\u00e9partementale des finances publiques de la Dr\u00f4me ;2 postes \u00e0 la direction d\u00e9partementale des finances publiques de l'H\u00e9rault ;1 poste \u00e0 la direction d\u00e9partementale des finances publiques de la Loz\u00e8re ;1 poste \u00e0 la direction d\u00e9partementale des finances publiques de la Manche ;1 poste \u00e0 la direction d\u00e9partementale des finances publiques des Yvelines ;2 postes \u00e0 la direction d\u00e9partementale des finances publiques du Var ;1 poste \u00e0 la direction d\u00e9partementale des finances publiques de l'Essonne.2. CalendrierLa date limite de d\u00e9p\u00f4t des candidatures aupr\u00e8s de France Travail est fix\u00e9e au 8 septembre 2025.L'examen des dossiers par les commissions de s\u00e9lection sera r\u00e9alis\u00e9 entre le 15 et le 26 septembre 2025.L'audition des candidats par les commissions de s\u00e9lection s'effectuera du 27 septembre au 10 octobre 2025.3. Conditions d'inscriptionCe recrutement est ouvert :- aux candidats \u00e2g\u00e9s de 28 ans au plus, sortis du syst\u00e8me \u00e9ducatif sans dipl\u00f4me ou sans qualification professionnelle reconnue ou dont le niveaude dipl\u00f4me est inf\u00e9rieur \u00e0 celui attest\u00e9 par un dipl\u00f4me de fin de second cycle long de l'enseignement g\u00e9n\u00e9ral, technologique ou professionnel(inf\u00e9rieur au niveau 4, anciennement IV) ;- aux candidats \u00e2g\u00e9s de 45 ans et plus (sans condition de dipl\u00f4me) en situation de ch\u00f4mage de longue dur\u00e9e et b\u00e9n\u00e9ficiaires de minima sociaux :- revenu de solidarit\u00e9 active, allocation de solidarit\u00e9 sp\u00e9cifique, allocation aux adultes handicap\u00e9s ;- ou revenu minimum d'insertion ou allocation de parent isol\u00e9 dans les d\u00e9partements d'outre-mer et les collectivit\u00e9s de Saint-Barth\u00e9lemy, Saint-Martin et Saint-Pierre-et-Miquelon.La condition d'\u00e2ge est appr\u00e9ci\u00e9e \u00e0 la date limite de d\u00e9p\u00f4t des candidatures, soit le 8 septembre 2025.Les candidats doivent remplir les conditions g\u00e9n\u00e9rales d'acc\u00e8s aux emplois publics (nationalit\u00e9, droits civiques, casier judiciaire, service national).Les candidats doivent \u00eatre de nationalit\u00e9 fran\u00e7aise ou ressortissant de l'un des Etats membres de l'Union europ\u00e9enne ou de l'Espace \u00e9conomiqueeurop\u00e9en.Les candidats en instance d'acquisition de l'une de ces nationalit\u00e9s sont inform\u00e9s que celle-ci devra \u00eatre obtenue au plus tard \u00e0 la titularisation.4. Constitution du dossier de candidatureLe candidat doit imp\u00e9rativement retirer ou t\u00e9l\u00e9charger, via le site www. francetravail.fr, le dossier de candidature aupr\u00e8s de France Travail. Ce\nAvis fixant le nombre et la r\u00e9partition g\u00e9ographique des postes offerts ...https://www.legifrance.gouv.fr/jorf/id/JORFTEXT000051942820\n1 sur 224/07/2025, 08:47\nDirection Sp\u00e9cialis\u00e9e des Finances Publiques pour l'Assistance Publique-H\u00f4pitaux de Paris - IDF-2025-07-23-00007 - Avis fixant le\nnombre et la r\u00e9partition g\u00e9ographique des postes offerts au recrutement par voie de PACTE d'agents techniques des finances\npubliques au titre de l'ann\u00e9e 2025\n29\ndossier doit \u00eatre envoy\u00e9 \u00e0 l'adresse indiqu\u00e9e sur l'offre d'emploi ou \u00e0 l'agence France Travail du lieu de domicile du candidat, au plus tard le 8septembre 2025.Le dossier de candidature comprend :- une fiche de candidature \u00ab Recrutement dispositif PACTE \u00bb, disponible \u00e0 l'agence locale de France Travail ou t\u00e9l\u00e9chargeable sur le site deFrance Travail (voir l'adresse en fin d'avis), pr\u00e9cisant notamment le niveau d'\u00e9tude et, le cas \u00e9ch\u00e9ant, le contenu et la dur\u00e9e des formations suivieset des emplois occup\u00e9s ;- un curriculum vitae ;- une lettre de motivation.5. Organisation de la s\u00e9lectionLes dossiers de candidature sont examin\u00e9s par France Travail qui v\u00e9rifiera les conditions d'\u00e9ligibilit\u00e9 au PACTE et la compl\u00e9tude des dossiers.France Travail transmettra les dossiers recevables \u00e0 la commission de s\u00e9lection pour examen des candidatures et convocation des candidatsretenus pour un entretien.Seuls les candidats s\u00e9lectionn\u00e9s seront auditionn\u00e9s par la commission.Ceux-ci sont interrog\u00e9s principalement sur leurs exp\u00e9riences personnelles et professionnelles ainsi que sur leur motivation et leur capacit\u00e9d'adaptation \u00e0 l'emploi \u00e0 pourvoir.La dur\u00e9e de l'audition est fix\u00e9e entre vingt et trente minutes.6. Type de recrutementA l'issue de la proc\u00e9dure de s\u00e9lection, le candidat retenu b\u00e9n\u00e9ficiera \u00e0 compter du 1  d\u00e9cembre 2025 d'un contrat de droit public d'une dur\u00e9e de12 mois offrant, par alternance, une formation r\u00e9mun\u00e9r\u00e9e qualifiante au poste propos\u00e9 et une exp\u00e9rience professionnelle.Au terme de ce contrat, si l'agent est d\u00e9clar\u00e9 apte \u00e0 exercer les fonctions par la commission de titularisation, apr\u00e8s v\u00e9rification de son aptitudeprofessionnelle, celui-ci sera titularis\u00e9 dans le corps des agents techniques des finances publiques.Nota. - Pour tous renseignements, les candidats peuvent s'adresser \u00e0 l'agence France Travail de leur lieu de domicile.Les offres de recrutement sont en outre publi\u00e9es sur les sites internet de France Travail et du minist\u00e8re de l'\u00e9conomie, des finances et de lasouverainet\u00e9 industrielle et num\u00e9rique :- France Travail : www.francetravail.fr, accueil France Travail, actualit\u00e9s de l'emploi, candidat, vos recherches, pr\u00e9parer votre candidature, \u00eatreaccompagn\u00e9 dans sa recherche, Le PACTE ;- minist\u00e8re : www.economie.gouv.fr, espace rejoignez-nous, comment nous rejoindre ? Les recrutements sans concours, nos recrutements sansconcours, DGFiP, avis de recrutement par voie de PACTE au titre de l'ann\u00e9e 2025.\ner\nAvis fixant le nombre et la r\u00e9partition g\u00e9ographique des postes offerts ...https://www.legifrance.gouv.fr/jorf/id/JORFTEXT000051942820\n2 sur 224/07/2025, 08:47\nDirection Sp\u00e9cialis\u00e9e des Finances Publiques pour l'Assistance Publique-H\u00f4pitaux de Paris - IDF-2025-07-23-00007 - Avis fixant le\nnombre et la r\u00e9partition g\u00e9ographique des postes offerts au recrutement par voie de PACTE d'agents techniques des finances\npubliques au titre de l'ann\u00e9e 2025\n30\nDirection Sp\u00e9cialis\u00e9e des Finances Publiques\npour l'Assistance Publique-H\u00f4pitaux de Paris\nIDF-2025-07-23-00004\nAvis fixant le nombre et la r\u00e9partition\ng\u00e9ographique des postes offerts au recrutement\npar voie de PACTE d'agents techniques des\nfinances publiques au titre de l'ann\u00e9e 2025 du\ncode rural et de la p\u00eache maritime\nDirection Sp\u00e9cialis\u00e9e des Finances Publiques pour l'Assistance Publique-H\u00f4pitaux de Paris - IDF-2025-07-23-00004 - Avis fixant le\nnombre et la r\u00e9partition g\u00e9ographique des postes offerts au recrutement par voie de PACTE d'agents techniques des finances\npubliques au titre de l'ann\u00e9e 2025 du code rural et de la p\u00eache maritime\n31\nE L\u00e9gifranceRE P U B L | QU E Le service public de la diffusion du droitFRAN\u00c7AISELibert\u00e9Egalit\u00e9Fraternit\u00e9\nAvis fixant le nombre et la r\u00e9partition g\u00e9ographique des postes offerts au recrutementpar voie de PACTE d'agents techniques des finances publiques au titre de l'ann\u00e9e 2025NOR : ECOE2516526VJORF n\u00b00169 du 23 juillet 2025Texte n\u00b0 93Version initialeUn arr\u00eat\u00e9 du ministre de l'\u00e9conomie, des finances et de la souverainet\u00e9 industrielle et num\u00e9rique en date du 11 juillet 2025, a autoris\u00e9 au titre del'ann\u00e9e 2025 l'ouverture d'un recrutement par voie de parcours d'acc\u00e8s aux carri\u00e8res de la fonction publique territoriale, hospitali\u00e8re et de l'Etat(PACTE) pour l'acc\u00e8s au corps des agents techniques des finances publiques.1. Nombre de places offertes au titre de l'ann\u00e9e 2025Le nombre de places offertes au recrutement dans le corps des agents techniques des finances publiques est fix\u00e9 \u00e0 13.Ces postes sont r\u00e9partis de la mani\u00e8re suivante :1 poste \u00e0 la direction d\u00e9partementale des finances publiques de l'Allier ;1 poste \u00e0 la direction d\u00e9partementale des finances publiques des Alpes-Maritimes ;1 poste \u00e0 la direction d\u00e9partementale des finances publiques de la Charente-Maritime ;1 poste \u00e0 la direction r\u00e9gionale des finances publiques de Bourgogne-Franche-Comt\u00e9 et du d\u00e9partement de la C\u00f4te-d'Or ;1 poste \u00e0 la direction d\u00e9partementale des finances publiques de la Dr\u00f4me ;2 postes \u00e0 la direction d\u00e9partementale des finances publiques de l'H\u00e9rault ;1 poste \u00e0 la direction d\u00e9partementale des finances publiques de la Loz\u00e8re ;1 poste \u00e0 la direction d\u00e9partementale des finances publiques de la Manche ;1 poste \u00e0 la direction d\u00e9partementale des finances publiques des Yvelines ;2 postes \u00e0 la direction d\u00e9partementale des finances publiques du Var ;1 poste \u00e0 la direction d\u00e9partementale des finances publiques de l'Essonne.2. CalendrierLa date limite de d\u00e9p\u00f4t des candidatures aupr\u00e8s de France Travail est fix\u00e9e au 8 septembre 2025.L'examen des dossiers par les commissions de s\u00e9lection sera r\u00e9alis\u00e9 entre le 15 et le 26 septembre 2025.L'audition des candidats par les commissions de s\u00e9lection s'effectuera du 27 septembre au 10 octobre 2025.3. Conditions d'inscriptionCe recrutement est ouvert :- aux candidats \u00e2g\u00e9s de 28 ans au plus, sortis du syst\u00e8me \u00e9ducatif sans dipl\u00f4me ou sans qualification professionnelle reconnue ou dont le niveaude dipl\u00f4me est inf\u00e9rieur \u00e0 celui attest\u00e9 par un dipl\u00f4me de fin de second cycle long de l'enseignement g\u00e9n\u00e9ral, technologique ou professionnel(inf\u00e9rieur au niveau 4, anciennement IV) ;- aux candidats \u00e2g\u00e9s de 45 ans et plus (sans condition de dipl\u00f4me) en situation de ch\u00f4mage de longue dur\u00e9e et b\u00e9n\u00e9ficiaires de minima sociaux :- revenu de solidarit\u00e9 active, allocation de solidarit\u00e9 sp\u00e9cifique, allocation aux adultes handicap\u00e9s ;- ou revenu minimum d'insertion ou allocation de parent isol\u00e9 dans les d\u00e9partements d'outre-mer et les collectivit\u00e9s de Saint-Barth\u00e9lemy, Saint-Martin et Saint-Pierre-et-Miquelon.La condition d'\u00e2ge est appr\u00e9ci\u00e9e \u00e0 la date limite de d\u00e9p\u00f4t des candidatures, soit le 8 septembre 2025.Les candidats doivent remplir les conditions g\u00e9n\u00e9rales d'acc\u00e8s aux emplois publics (nationalit\u00e9, droits civiques, casier judiciaire, service national).Les candidats doivent \u00eatre de nationalit\u00e9 fran\u00e7aise ou ressortissant de l'un des Etats membres de l'Union europ\u00e9enne ou de l'Espace \u00e9conomiqueeurop\u00e9en.Les candidats en instance d'acquisition de l'une de ces nationalit\u00e9s sont inform\u00e9s que celle-ci devra \u00eatre obtenue au plus tard \u00e0 la titularisation.4. Constitution du dossier de candidatureLe candidat doit imp\u00e9rativement retirer ou t\u00e9l\u00e9charger, via le site www. francetravail.fr, le dossier de candidature aupr\u00e8s de France Travail. Ce\nAvis fixant le nombre et la r\u00e9partition g\u00e9ographique des postes offerts ...https://www.legifrance.gouv.fr/jorf/id/JORFTEXT000051942820\n1 sur 224/07/2025, 08:47\nDirection Sp\u00e9cialis\u00e9e des Finances Publiques pour l'Assistance Publique-H\u00f4pitaux de Paris - IDF-2025-07-23-00004 - Avis fixant le\nnombre et la r\u00e9partition g\u00e9ographique des postes offerts au recrutement par voie de PACTE d'agents techniques des finances\npubliques au titre de l'ann\u00e9e 2025 du code rural et de la p\u00eache maritime\n32\ndossier doit \u00eatre envoy\u00e9 \u00e0 l'adresse indiqu\u00e9e sur l'offre d'emploi ou \u00e0 l'agence France Travail du lieu de domicile du candidat, au plus tard le 8septembre 2025.Le dossier de candidature comprend :- une fiche de candidature \u00ab Recrutement dispositif PACTE \u00bb, disponible \u00e0 l'agence locale de France Travail ou t\u00e9l\u00e9chargeable sur le site deFrance Travail (voir l'adresse en fin d'avis), pr\u00e9cisant notamment le niveau d'\u00e9tude et, le cas \u00e9ch\u00e9ant, le contenu et la dur\u00e9e des formations suivieset des emplois occup\u00e9s ;- un curriculum vitae ;- une lettre de motivation.5. Organisation de la s\u00e9lectionLes dossiers de candidature sont examin\u00e9s par France Travail qui v\u00e9rifiera les conditions d'\u00e9ligibilit\u00e9 au PACTE et la compl\u00e9tude des dossiers.France Travail transmettra les dossiers recevables \u00e0 la commission de s\u00e9lection pour examen des candidatures et convocation des candidatsretenus pour un entretien.Seuls les candidats s\u00e9lectionn\u00e9s seront auditionn\u00e9s par la commission.Ceux-ci sont interrog\u00e9s principalement sur leurs exp\u00e9riences personnelles et professionnelles ainsi que sur leur motivation et leur capacit\u00e9d'adaptation \u00e0 l'emploi \u00e0 pourvoir.La dur\u00e9e de l'audition est fix\u00e9e entre vingt et trente minutes.6. Type de recrutementA l'issue de la proc\u00e9dure de s\u00e9lection, le candidat retenu b\u00e9n\u00e9ficiera \u00e0 compter du 1  d\u00e9cembre 2025 d'un contrat de droit public d'une dur\u00e9e de12 mois offrant, par alternance, une formation r\u00e9mun\u00e9r\u00e9e qualifiante au poste propos\u00e9 et une exp\u00e9rience professionnelle.Au terme de ce contrat, si l'agent est d\u00e9clar\u00e9 apte \u00e0 exercer les fonctions par la commission de titularisation, apr\u00e8s v\u00e9rification de son aptitudeprofessionnelle, celui-ci sera titularis\u00e9 dans le corps des agents techniques des finances publiques.Nota. - Pour tous renseignements, les candidats peuvent s'adresser \u00e0 l'agence France Travail de leur lieu de domicile.Les offres de recrutement sont en outre publi\u00e9es sur les sites internet de France Travail et du minist\u00e8re de l'\u00e9conomie, des finances et de lasouverainet\u00e9 industrielle et num\u00e9rique :- France Travail : www.francetravail.fr, accueil France Travail, actualit\u00e9s de l'emploi, candidat, vos recherches, pr\u00e9parer votre candidature, \u00eatreaccompagn\u00e9 dans sa recherche, Le PACTE ;- minist\u00e8re : www.economie.gouv.fr, espace rejoignez-nous, comment nous rejoindre ? Les recrutements sans concours, nos recrutements sansconcours, DGFiP, avis de recrutement par voie de PACTE au titre de l'ann\u00e9e 2025.\ner\nAvis fixant le nombre et la r\u00e9partition g\u00e9ographique des postes offerts ...https://www.legifrance.gouv.fr/jorf/id/JORFTEXT000051942820\n2 sur 224/07/2025, 08:47\nDirection Sp\u00e9cialis\u00e9e des Finances Publiques pour l'Assistance Publique-H\u00f4pitaux de Paris - IDF-2025-07-23-00004 - Avis fixant le\nnombre et la r\u00e9partition g\u00e9ographique des postes offerts au recrutement par voie de PACTE d'agents techniques des finances\npubliques au titre de l'ann\u00e9e 2025 du code rural et de la p\u00eache maritime\n33\nDirection Sp\u00e9cialis\u00e9e des Finances Publiques\npour l'Assistance Publique-H\u00f4pitaux de Paris\nIDF-2025-07-23-00005\nAvis fixant le nombre et la r\u00e9partition\ng\u00e9ographique des postes offerts au\nrecrutementpar voie de PACTE d'agents\nadministratifs des finances publiques au titre de\nl'ann\u00e9e 2025\nDirection Sp\u00e9cialis\u00e9e des Finances Publiques pour l'Assistance Publique-H\u00f4pitaux de Paris - IDF-2025-07-23-00005 - Avis fixant le\nnombre et la r\u00e9partition g\u00e9ographique des postes offerts au recrutementpar voie de PACTE d'agents administratifs des finances\npubliques au titre de l'ann\u00e9e 2025\n34\nE L\u00e9gifranceRE P U B L | QU E Le service public de la diffusion du droitFRAN\u00c7AISELibert\u00e9Egalit\u00e9Fraternit\u00e9\nAvis fixant le nombre et la r\u00e9partition g\u00e9ographique des postes offerts au recrutementpar voie de PACTE d'agents administratifs des finances publiques au titre de l'ann\u00e9e2025NOR : ECOE2516520VJORF n\u00b00169 du 23 juillet 2025Texte n\u00b0 92Version initialeUn arr\u00eat\u00e9 du ministre de l'\u00e9conomie, des finances et de la souverainet\u00e9 industrielle et num\u00e9rique en date du 11 juillet 2025 a autoris\u00e9 au titre del'ann\u00e9e 2025 l'ouverture d'un recrutement par voie de parcours d'acc\u00e8s aux carri\u00e8res de la fonction publique territoriale, hospitali\u00e8re et de l'Etat(PACTE) pour l'acc\u00e8s au corps des agents administratifs des finances publiques.1. Nombre de places offertes au titre de l'ann\u00e9e 2025Le nombre de places offertes au recrutement dans le corps des agents administratifs des Finances publiques est fix\u00e9 \u00e0 137.Ces places sont r\u00e9parties de la mani\u00e8re suivante :2 postes \u00e0 la direction d\u00e9partementale des finances publiques des Alpes-Maritimes ;2 postes \u00e0 la direction d\u00e9partementale des finances publiques des Ardennes ;2 postes \u00e0 la direction d\u00e9partementale des finances publiques de l'Aude ;2 postes \u00e0 la direction d\u00e9partementale des finances publiques de la Charente ;1 poste \u00e0 la direction r\u00e9gionale des finances publiques de Bourgogne-Franche-Comt\u00e9 et du d\u00e9partement de la C\u00f4te-d'Or ;3 postes \u00e0 la direction d\u00e9partementale des finances publiques des C\u00f4tes-d'Armor ;2 postes \u00e0 la direction d\u00e9partementale des finances publiques de la Dordogne ;1 poste \u00e0 la direction d\u00e9partementale des finances publiques du Doubs ;3 postes \u00e0 la direction d\u00e9partementale des finances publiques de la Dr\u00f4me ;2 postes \u00e0 la direction d\u00e9partementale des finances publiques de l'Eure ;3 postes \u00e0 la direction d\u00e9partementale des finances publiques de l'Eure-et-Loir ;1 poste \u00e0 la direction d\u00e9partementale des finances publiques du Finist\u00e8re ;1 poste \u00e0 la direction d\u00e9partementale des finances publiques du Gard ;4 postes \u00e0 la direction r\u00e9gionale des finances publiques de l'Occitanie et du d\u00e9partement de la Haute-Garonne ;1 poste \u00e0 la direction d\u00e9partementale des finances publiques du Gers ;4 postes \u00e0 la direction r\u00e9gionale des finances publiques de Nouvelle Aquitaine et du d\u00e9partement de la Gironde ;5 postes \u00e0 la direction r\u00e9gionale des finances publiques de Bretagne et du d\u00e9partement d'Ille-et-Vilaine ;1 poste \u00e0 la direction d\u00e9partementale des finances publiques de l'Indre ;3 postes \u00e0 la direction d\u00e9partementale des finances publiques d'Indre-et-Loire ;2 postes \u00e0 la direction d\u00e9partementale des finances publiques de l'Is\u00e8re ;2 postes \u00e0 la direction d\u00e9partementale des finances publiques du Jura ;1 poste \u00e0 la direction d\u00e9partementale des finances publiques des Landes ;2 postes \u00e0 la direction d\u00e9partementale des finances publiques du Loir-et-Cher ;4 postes \u00e0 la direction r\u00e9gionale des finances publiques des Pays de la Loire et du d\u00e9partement de la Loire-Atlantique ;1 poste \u00e0 la direction r\u00e9gionale des finances publiques du Centre-Val-de-Loire et du d\u00e9partement du Loiret ;3 postes \u00e0 la direction d\u00e9partementale des finances publiques du Maine-et-Loire ;2 postes \u00e0 la direction d\u00e9partementale des finances publiques de la Marne ;2 postes \u00e0 la direction d\u00e9partementale des finances publiques de la Meurthe-et-Moselle ;1 poste \u00e0 la direction d\u00e9partementale des finances publiques du Morbihan ;1 poste \u00e0 la direction d\u00e9partementale des finances publiques de la Moselle ;1 poste \u00e0 la direction d\u00e9partementale des finances publiques de la Ni\u00e8vre ;2 postes \u00e0 la direction r\u00e9gionale des finances publiques des Hauts-de-France et du d\u00e9partement du Nord ;2 postes \u00e0 la direction d\u00e9partementale des finances publiques de l'Oise ;3 postes \u00e0 la direction d\u00e9partementale des finances publiques du Pas-de-Calais ;3 postes \u00e0 la direction d\u00e9partementale des finances publiques du Puy-de-D\u00f4me ;1 poste \u00e0 la direction d\u00e9partementale des finances publiques des Pyr\u00e9n\u00e9es-Atlantiques ;3 postes \u00e0 la direction r\u00e9gionale des finances publiques R\u00e9gion Grand Est et du d\u00e9partement du Bas-Rhin ;2 postes \u00e0 la direction d\u00e9partementale des finances publiques du Haut-Rhin ;5 postes \u00e0 la direction r\u00e9gionale des finances publiques Auvergne - Rh\u00f4ne - Alpes et du d\u00e9partement du Rh\u00f4ne ;2 postes \u00e0 la direction d\u00e9partementale des finances publiques de la Haute-Sa\u00f4ne ;2 postes \u00e0 la direction d\u00e9partementale des finances publiques de la Sarthe ;4 postes \u00e0 la direction d\u00e9partementale des finances publiques de la Haute-Savoie ;5 postes \u00e0 la direction r\u00e9gionale des finances publiques d'Ile-de-France et de Paris ;\nAvis fixant le nombre et la r\u00e9partition g\u00e9ographique des postes offerts ...https://www.legifrance.gouv.fr/jorf/id/JORFTEXT000051942818\n1 sur 324/07/2025, 08:46\nDirection Sp\u00e9cialis\u00e9e des Finances Publiques pour l'Assistance Publique-H\u00f4pitaux de Paris - IDF-2025-07-23-00005 - Avis fixant le\nnombre et la r\u00e9partition g\u00e9ographique des postes offerts au recrutementpar voie de PACTE d'agents administratifs des finances\npubliques au titre de l'ann\u00e9e 2025\n35\n2 postes \u00e0 la direction d\u00e9partementale des finances publiques de Normandie et du d\u00e9partement de la Seine-Maritime ;3 postes \u00e0 la direction d\u00e9partementale des finances publiques de Seine-et-Marne ;3 postes \u00e0 la direction d\u00e9partementale des finances publiques des Yvelines ;2 postes \u00e0 la direction d\u00e9partementale des finances publiques des Deux-S\u00e8vres ;1 poste \u00e0 la direction d\u00e9partementale des finances publiques du Tarn ;1 poste \u00e0 la direction d\u00e9partementale des finances publiques du Var ;2 postes \u00e0 la direction d\u00e9partementale des finances publiques de la Vienne ;3 postes \u00e0 la direction d\u00e9partementale des finances publiques de la Haute-Vienne ;2 postes \u00e0 la direction d\u00e9partementale des finances publiques des Vosges ;1 poste \u00e0 la direction d\u00e9partementale des finances publiques de l'Yonne ;1 poste \u00e0 la direction d\u00e9partementale des finances publiques du Territoire-de-Belfort ;2 postes \u00e0 la direction d\u00e9partementale des finances publiques de l'Essonne ;2 postes \u00e0 la direction d\u00e9partementale des finances publiques de la Seine-Saint-Denis ;4 postes \u00e0 la direction d\u00e9partementale des finances publiques du Val-d'Oise ;2 postes \u00e0 la direction r\u00e9gionale des finances publiques de la Guyane ;1 poste \u00e0 la direction des v\u00e9rifications nationales et internationales ;1 poste \u00e0 la direction des cr\u00e9ances sp\u00e9ciales du Tr\u00e9sor ;1 poste \u00e0 la direction sp\u00e9cialis\u00e9e des finances publiques AP-HP ;2 postes \u00e0 la direction sp\u00e9cialis\u00e9e des finances publiques pour l'\u00e9tranger ;1 poste \u00e0 la direction de contr\u00f4le fiscal Occitanie ;1 poste \u00e0 la direction de contr\u00f4le fiscal Centre-Ouest.2. CalendrierLa date limite de d\u00e9p\u00f4t des candidatures aupr\u00e8s de France Travail est fix\u00e9e au 8 septembre 2025.L'examen des dossiers par les commissions de s\u00e9lection sera r\u00e9alis\u00e9 entre le 15 et le 26 septembre 2025.L'audition des candidats par les commissions de s\u00e9lection s'effectuera du 29 septembre au 10 octobre 2025.3. Conditions d'inscriptionCe recrutement est ouvert :- aux candidats \u00e2g\u00e9s de 28 ans au plus, sortis du syst\u00e8me \u00e9ducatif sans dipl\u00f4me ou sans qualification professionnelle reconnue ou dont le niveaude dipl\u00f4me est inf\u00e9rieur \u00e0 celui attest\u00e9 par un dipl\u00f4me de fin de second cycle long de l'enseignement g\u00e9n\u00e9ral, technologique ou professionnel(inf\u00e9rieur au niveau 4, anciennement IV) ;- aux candidats \u00e2g\u00e9s de 45 ans et plus (sans condition de dipl\u00f4me) en situation de ch\u00f4mage de longue dur\u00e9e et b\u00e9n\u00e9ficiaires de minima sociaux :- revenu de solidarit\u00e9 active, allocation de solidarit\u00e9 sp\u00e9cifique, allocation aux adultes handicap\u00e9s ;- ou revenu minimum d'insertion ou allocation de parent isol\u00e9 dans les d\u00e9partements d'outre-mer et les collectivit\u00e9s de Saint-Barth\u00e9lemy, Saint-Martin et Saint-Pierre-et-Miquelon.La condition d'\u00e2ge est appr\u00e9ci\u00e9e \u00e0 la date limite de d\u00e9p\u00f4t des candidatures, soit le 8 septembre 2025.Les candidats doivent remplir les conditions g\u00e9n\u00e9rales d'acc\u00e8s aux emplois publics (nationalit\u00e9, droits civiques, casier judiciaire, service national).Les candidats doivent \u00eatre de nationalit\u00e9 fran\u00e7aise ou ressortissant de l'un des Etats membres de l'Union europ\u00e9enne ou de l'Espace \u00e9conomiqueeurop\u00e9en.Les candidats en instance d'acquisition de l'une de ces nationalit\u00e9s sont inform\u00e9s que celle-ci devra \u00eatre obtenue au plus tard \u00e0 la titularisation.4. Constitution du dossier de candidatureLe candidat doit imp\u00e9rativement retirer ou t\u00e9l\u00e9charger, via le site www.francetravail.fr, le dossier de candidature aupr\u00e8s de France Travail. Cedossier doit \u00eatre envoy\u00e9 \u00e0 l'adresse indiqu\u00e9e sur l'offre d'emploi ou \u00e0 l'agence France Travail du lieu de domicile du candidat, au plus tard le 8septembre 2025.Le dossier de candidature comprend :- une fiche de candidature \u00ab Recrutement dispositif PACTE \u00bb, disponible \u00e0 l'agence locale de France Travail ou t\u00e9l\u00e9chargeable sur le site deFrance Travail (voir l'adresse en fin d'avis), pr\u00e9cisant notamment le niveau d'\u00e9tude et, le cas \u00e9ch\u00e9ant, le contenu et la dur\u00e9e des formations suivieset des emplois occup\u00e9s ;- un curriculum vitae ;- une lettre de motivation.5. Organisation de la s\u00e9lectionLes dossiers de candidature sont examin\u00e9s par France Travail qui v\u00e9rifiera les conditions d'\u00e9ligibilit\u00e9 au PACTE et la compl\u00e9tude des dossiers.France Travail transmettra les dossiers recevables \u00e0 la commission de s\u00e9lection pour examen des candidatures et convocation des candidatsretenus pour un entretien.\nAvis fixant le nombre et la r\u00e9partition g\u00e9ographique des postes offerts ...https://www.legifrance.gouv.fr/jorf/id/JORFTEXT000051942818\n2 sur 324/07/2025, 08:46\nDirection Sp\u00e9cialis\u00e9e des Finances Publiques pour l'Assistance Publique-H\u00f4pitaux de Paris - IDF-2025-07-23-00005 - Avis fixant le\nnombre et la r\u00e9partition g\u00e9ographique des postes offerts au recrutementpar voie de PACTE d'agents administratifs des finances\npubliques au titre de l'ann\u00e9e 2025\n36\nSeuls les candidats s\u00e9lectionn\u00e9s seront auditionn\u00e9s par la commission.Ceux-ci sont interrog\u00e9s principalement sur leurs exp\u00e9riences personnelles et professionnelles ainsi que sur leur motivation et leur capacit\u00e9d'adaptation \u00e0 l'emploi \u00e0 pourvoir.La dur\u00e9e de l'audition est fix\u00e9e entre vingt et trente minutes.6. Type de recrutementA l'issue de la proc\u00e9dure de s\u00e9lection, le candidat retenu b\u00e9n\u00e9ficiera \u00e0 compter du 1  d\u00e9cembre 2025 d'un contrat de droit public d'une dur\u00e9e de12 mois offrant, par alternance, une formation r\u00e9mun\u00e9r\u00e9e qualifiante au poste propos\u00e9 et une exp\u00e9rience professionnelle.Au terme de ce contrat, si l'agent est d\u00e9clar\u00e9 apte \u00e0 exercer les fonctions par la commission de titularisation, apr\u00e8s v\u00e9rification de son aptitudeprofessionnelle, celui-ci sera titularis\u00e9 dans le corps des agents administratifs des Finances publiques.Nota. - Pour tous renseignements, les candidats peuvent s'adresser \u00e0 l'agence France Travail de leur lieu de domicile.Les offres de recrutement sont en outre publi\u00e9es sur les sites internet de France Travail et du minist\u00e8re de l'\u00e9conomie, des finances et de lasouverainet\u00e9 industrielle et num\u00e9rique :- France Travail : www.francetravail.fr, accueil France Travail, actualit\u00e9s de l'emploi, candidat, vos recherches, pr\u00e9parer votre candidature, \u00eatreaccompagn\u00e9 dans sa recherche, Le PACTE ;- minist\u00e8re : www.economie.gouv.fr, espace rejoignez-nous, comment nous rejoindre ? Les recrutements sans concours, nos recrutements sansconcours, DGFiP, avis de recrutement par voie de PACTE au titre de l'ann\u00e9e 2025.\ner\nAvis fixant le nombre et la r\u00e9partition g\u00e9ographique des postes offerts ...https://www.legifrance.gouv.fr/jorf/id/JORFTEXT000051942818\n3 sur 324/07/2025, 08:46\nDirection Sp\u00e9cialis\u00e9e des Finances Publiques pour l'Assistance Publique-H\u00f4pitaux de Paris - IDF-2025-07-23-00005 - Avis fixant le\nnombre et la r\u00e9partition g\u00e9ographique des postes offerts au recrutementpar voie de PACTE d'agents administratifs des finances\npubliques au titre de l'ann\u00e9e 2025\n37\nDirection Sp\u00e9cialis\u00e9e des Finances Publiques\npour l'Assistance Publique-H\u00f4pitaux de Paris\nIDF-2025-07-23-00006\nRecrutement PACTE : Fiche de d\u00e9claration des\noffres de recrutement ( Direction Sp\u00e9cialis\u00e9e des\nFinances Publiques pour l'AP-HP)\nDirection Sp\u00e9cialis\u00e9e des Finances Publiques pour l'Assistance Publique-H\u00f4pitaux de Paris - IDF-2025-07-23-00006 - Recrutement\nPACTE : Fiche de d\u00e9claration des offres de recrutement ( Direction Sp\u00e9cialis\u00e9e des Finances Publiques pour l'AP-HP) 38\nEn R\u00c9PUBLIQUE FRAN\u00c7AISE Libert\u00e9 \u00c9qalt\u00e9\nRECRUTEMENT PACTE\nFICHE DE D\u00c9CLARATION DES OFFRES DE RECRUTEMENT\nAGENT(E) ADMINISTRATIF(VE) DES FINANCES PUBLIQUES \u2013 CONTRAT PACTE\nDes notions en bureautique seraient appr\u00e9ci\u00e9es.\nSITE ENTREPRISE\nDESCRIPTION DE \nL'OFFRE\nDans le cadre du PACTE, la Direction Sp\u00e9cialis\u00e9e des Finances publiques pour \nl'Assistance Publique \u2013 H\u00f4pitaux de Paris (DSFP AP-HP recrute des agents de cat\u00e9gorie \nC par contrat de 12 mois en vue d'une titularisation sous r\u00e9serve d'\u00e9valuation.\nL'agent(e) administratif(ve)  des Finances publiques a l'opportunit\u00e9 d'exercer des \nm\u00e9tiers tr\u00e8s diversifi\u00e9s tels que la tenue de la comptabilit\u00e9 de l'\u00c9tat, la gestion, le \ncontr\u00f4le et le recouvrement de l'imp\u00f4t, la gestion des ressources humaines et \nbudg\u00e9taires, etc \u2026\nConditions d'acc\u00e8s au dispositif PACTE :\n- remplir les conditions g\u00e9n\u00e9rales d'acc\u00e8s aux emplois publics\n- et \u00eatre \u00e2g\u00e9(e) de moins de 29 ans sans dipl\u00f4me ou qualification ou un niveau de \nqualification inf\u00e9rieur au baccalaur\u00e9at ;\n- ou \u00eatre \u00e2g\u00e9(e) de 45 ans et plus, en situation de ch\u00f4mage de longue dur\u00e9e (12 mois et \nplus) et b\u00e9n\u00e9ficiaire des minima sociaux : ASS, RSA, AAH (sans condition de dipl\u00f4me).\nFormation obligatoire  : Le candidat devra r\u00e9aliser une formation sp\u00e9cifique de 10 \nsemaines d\u00e9livr\u00e9e par l'\u00c9cole Nationale des Finances Publiques au sein d'un de ses \n\u00e9tablissements (Clermont-Ferrand, Lyon ou Noisy-le-Grand) avec prise en charge des \nfrais de d\u00e9placement et d'h\u00e9bergement par l'administration.\nAUTRE(S) \nCOMP\u00c9TENCE(S)\nSAVOIR-\u00caTRE \nPROFESSIONNEL\nVous \u00eates motiv\u00e9(e), autonome, rigoureux(se), r\u00e9actif(ve) et avez le sens du travail en \n\u00e9quipe.\nPR\u00c9SENTATION DE \nL'ENTREPRISE\nEn 2025, la DGFIP recrute 137  agents administratifs des Finances publiques par voie de \nPACTE.\nDossier de candidature :\n - la fiche PACTE disponible sur :\nhttps://www.francetravail.fr/\n - CV + lettre de motivation obligatoire\nhttps://www.economie.gouv.fr/rejoignez-nous/comment-nous-rejoindre/les-recrutements-sans-concours\nD\u00c9TAILS POUR \nFRANCE TRAVAIL\nNombre de postes : 1\nLieu de travail : PARIS\nType de contrat : Contrat \u00e0 dur\u00e9e d\u00e9termin\u00e9e de 12 mois \nDate de d\u00e9but : 01/12/2025 \u2013 Date de fin : 30/11/2026\nNature d'offre : contrat PACTE\nDur\u00e9e hebdomadaire de travail : 35 heures hebdomadaires\nSalaire indicatif :  1 801,73 euros brut mensuel\nQualification :  aucune\nConditions d'exercice : horaires normaux\nExp\u00e9rience : d\u00e9butant accept\u00e9\nFormation : aucune\nEffectif de l'entreprise :\nSecteur d'activit\u00e9 : administration publique\nCADRE R\u00c9SERV\u00c9 A \nFRANCE TRAVAIL\nDossier \u00e0 retourner complet (avec num\u00e9ro de l'offre 194XLQH) \u00e0 l'agence FT Paris \n20\u00e8me par mail (ape.75463@francetravail.fr) ou par courrier (France Travail, 51 rue \nPiat 75020 PARIS) au plus tard le 08/09/2025 minuit.\nDirection Sp\u00e9cialis\u00e9e des Finances Publiques pour l'Assistance Publique-H\u00f4pitaux de Paris - IDF-2025-07-23-00006 - Recrutement\nPACTE : Fiche de d\u00e9claration des offres de recrutement ( Direction Sp\u00e9cialis\u00e9e des Finances Publiques pour l'AP-HP) 39\nSIRET\n13002348400012\nT\u00e9l\u00e9phone \n01 83 94 50 08\nSERVICE Ressources Humaines\nCourriel\ndaphp.rh  \n@dgfip.finances.gouv.fr\nMme Sylvie TSIANG\nT\u00e9l\u00e9phone \n01 83 94 50 08\nFONCTION Responsable du service Ressources Humaines\nCourriel\nsylvie.tsiang\n@dgfip.finances.gouv.fr\n4 Rue de la Chine 75020 PARIS\nL'EMPLOYEUR\n(informations \u00e0 destination des DREETS uniquement)\nMINISTERE/\nCOLLECTVIT\u00c9\nMinist\u00e8re de l'\u00c9conomie, des Finances et de la \nSouverainet\u00e9 industrielle et num\u00e9rique\nDIRECTION G\u00c9N\u00c9RALE DES FINANCES PUBLIQUES\nDIRECTION / \n\u00c9TABLISSEMENT\nDirection Sp\u00e9cialis\u00e9e des Finances Publiques pour \nl'Assistance Publique \u2013 H\u00f4pitaux de Paris\nRESPONSABLE \nRECRUTEMENT\nLIEU DES \u00c9PREUVES \nDE S\u00c9LECTION\nRemplissez compl\u00e8tement la fiche de d\u00e9claration et transmettez-la aux directeurs r\u00e9gionaux de l'\u00e9conomie, de \nl'emploi, du travail et des solidarit\u00e9s (DREETS)\nDirection Sp\u00e9cialis\u00e9e des Finances Publiques pour l'Assistance Publique-H\u00f4pitaux de Paris - IDF-2025-07-23-00006 - Recrutement\nPACTE : Fiche de d\u00e9claration des offres de recrutement ( Direction Sp\u00e9cialis\u00e9e des Finances Publiques pour l'AP-HP) 40","date":"2025-07-24","first_seen_on":"2025-07-24T14:37:43+00:00","id":"155cba999e014a815750d896ef98b9eadbddd5a3930df7a2b4f054563fe06544","name":"recueil-idf-045-2025-07-recueil-des-actes-administratifs-special du 24.07.2025","pdf_creation_date":"2025-07-24T14:20:04+00:00","pdf_modification_date":null,"timezone":"Europe/Paris","url":"https://www.prefectures-regions.gouv.fr/ile-de-france/irecontenu/telechargement/129756/955140/file/recueil-idf-045-2025-07-recueil-des-actes-administratifs-special%20du%2024.07.2025.pdf"}
