{"administration":"prefidf","administration_name":"Pr\u00e9fecture de la r\u00e9gion \u00cele-de-France","content":"PREFECTURE\nREGION ILE DE\nFRANCE\nRECUEIL DES ACTES\nADMINISTRATIFS SP\u00c9CIAL\nN\u00b0IDF-025-2025-09\nPUBLI\u00c9 LE  9 SEPTEMBRE 2025\nSommaire\nAgence R\u00e9gionale de Sant\u00e9 / Direction de l'Offre de Soins  - P\u00f4le RH\nen Sant\u00e9\nIDF-2025-09-08-00004 - D\u00e9cision n\u00b0 DOS - 2025 / 3800 portant sur\nl'autorisation de d\u00e9plafonnement des heures suppl\u00e9mentaires\n(structures du groupe ABCD - R\u00e9sidences - Services pour personnes\n\u00e2g\u00e9es)\n (2 pages) Page 3\nDirection r\u00e9gionale et interd\u00e9partementale de l'h\u00e9bergement et du\nlogement / Accueil h\u00e9bergement insertion\nIDF-2025-09-09-00004 - Arr\u00eat\u00e9 portant tarification au titre de 2025 pour\nle CHRS ARCAT(75) (4 pages) Page 6\nPr\u00e9fecture de la r\u00e9gion d'Ile-de-France, pr\u00e9fecture de\nParis-Secr\u00e9tariat g\u00e9n\u00e9ral aux politiques publiques / Bureau de la\ncoordination et de l'investissement territorial\nIDF-2025-08-01-00018 - Arr\u00eat\u00e9 n\u00b0 2025-120 modifiant l'arr\u00eat\u00e9 n\u00b0\n2018-582 du 3 d\u00e9cembre 2018 portant attribution de subvention au titre\nde la dotation de soutien \u00e0 l'investissement local \u00e0 la commune de\nMantes-la-Jolie (2 pages) Page 11\nIDF-2025-09-08-00003 - Arr\u00eat\u00e9 N\u00b0 2025-405 modifiant l'arr\u00eat\u00e9 n\u00b0\n2023-419 du 27 juin 2023 portant attribution de subvention au titre de la\ndotation de soutien \u00e0 l'investissement d\u00e9partemental au Conseil\nD\u00e9partemental de la Seine-et-Marne (2 pages) Page 14\n2\nAgence R\u00e9gionale de Sant\u00e9\nIDF-2025-09-08-00004\nD\u00e9cision n\u00b0 DOS - 2025 / 3800 portant sur\nl'autorisation de d\u00e9plafonnement des heures\nsuppl\u00e9mentaires (structures du groupe ABCD -\nR\u00e9sidences - Services pour personnes \u00e2g\u00e9es)\nAgence R\u00e9gionale de Sant\u00e9 - IDF-2025-09-08-00004 - D\u00e9cision n\u00b0 DOS - 2025 / 3800 portant sur l'autorisation de d\u00e9plafonnement des\nheures suppl\u00e9mentaires (structures du groupe ABCD - R\u00e9sidences - Services pour personnes \u00e2g\u00e9es) 3\nEREPUBLIQUEFRAN\u00c7AISE @ D Agence R\u00e9gionale de Sant\u00e9Libert\u00e9 lle-de-FranceEgalit\u00e9Fraternit\u00e9\nation du travail3 du 9 janvier 1986 portantre iires et a leur33 duitali\u00e8re\n\u2014 7 7 MAUR O77 773.\n(1/2\n \n \n1 / 2 \n \n \n         \n \n \nDECISION n\u00b0 DOS \u2013 2025 / 3800 \n \n \nportant sur l'autorisation de d\u00e9plafonnement des heures suppl\u00e9mentaires \n \n \nLE DIRECTEUR G\u00c9N\u00c9RAL DE L'AGENCE R\u00c9GIONALE DE SANT\u00c9 \u00ceLE-DE-FRANCE \n \n \nVU   la loi n\u00b0 86 -33 du 9 janvier 1986 modifi\u00e9e portant dispositions statutaires relatives \u00e0 la \nfonction publique hospitali\u00e8re ; \n \nVU  le d\u00e9cret n\u00b0 2002-9 du 4 janvier 2002 relatif au temps de travail et \u00e0 l'organisation du travail \ndans les \u00e9tablissements mentionn\u00e9s \u00e0 l'article 2 de la loi n\u00b0 86-33 du 9 janvier 1986 portant \ndispositions statutaires relatives \u00e0 la fonction publique hospitali\u00e8re ; \n \nVU   le d\u00e9cret n\u00b0 2020-297 du 24 mars 2020 relatif aux heures suppl\u00e9mentaires et \u00e0 leur \nd\u00e9passement dans les \u00e9tablissements mentionn\u00e9s \u00e0 l'article 2 de la loi n\u00b0 86-33 du 9 janvier \n1986 portant dispositions statutaires relatives \u00e0 la fonction publique hospitali\u00e8re  et plus \npr\u00e9cis\u00e9ment l'article 15 modifi\u00e9 du d\u00e9cret 2002-9 du 4 janvier 2002 ; \n \nVU la d\u00e9cision du ministre de la sant\u00e9 du 5 mars 2020 (publi\u00e9e le 10 mars) portant application \nde l'article 15, alin\u00e9a 3, du d\u00e9cret n\u00b0 2022-9 du 4 janvier 2022 relatif au temps de travail et \u00e0 \nl'organisation du travail dans les \u00e9tablissements mentionn\u00e9s \u00e0 l'article 2 de la loi n\u00b0 86-33 du \n9 janvier 1986 portant dispositions statutaires relatives \u00e0 la fonction publique hospitali\u00e8re ; \n \nVU Vu le d\u00e9cret du 10 avril 2024 portant nomination de Monsieur Denis ROBIN en qualit\u00e9 de \nDirecteur g\u00e9n\u00e9ral de l'Agence r\u00e9gionale de sante \u00cele-de-France \u00e0 compter du 29 avril 2024 ; \n \n \nConsid\u00e9rant  que les \u00e9tablissements mentionn\u00e9s \u00e0 l'article 2 de la loi du 9 janvier 1986  susvis\u00e9e \npeuvent \u00eatre autoris\u00e9s, par d\u00e9cision du directeur g\u00e9n\u00e9ral de l'agence r\u00e9gionale de sant\u00e9 pour les \n\u00e9tablissements mentionn\u00e9s aux 1\u00b0, 2\u00b0, 3\u00b0 et 5\u00b0 de l'article 2 de cette loi, ou du pr\u00e9fet du d\u00e9partement \npour les \u00e9tablissements mentionn\u00e9s aux 4\u00b0 et 6\u00b0 du m\u00eame article, \u00e0 titre exceptionnel, notamment \nau regard des imp\u00e9ratifs de continuit\u00e9 du service public ou de la situation sanitaire, \u00e0 d\u00e9passer les \nbornes horaires fix\u00e9es par le cycle de travail, pour une dur\u00e9e limit\u00e9e et pour les personnels \nn\u00e9cessaires \u00e0 la prise en charge des usagers ; \n \nConsid\u00e9rant  le courrier du Directeur de ABCD (R\u00e9sidences \u2013 Services pour personnes \u00e2g\u00e9es) en \ndate du 24 juillet 2025 sollicitant une d\u00e9cision de l'ARS-IDF autorisant \u00e0 d\u00e9passer le quota annuel \nd'heures suppl\u00e9mentaires pouvant \u00eatre r\u00e9alis\u00e9es par les professionnels des cat\u00e9gories : Infirmiers \ndipl\u00f4m\u00e9s d'Etat et les Aides-soignants exer\u00e7ant au sein des structures suivantes :  \n \n- R\u00e9sidence de l'Abbaye, 3 Impasse de l'Abbaye \u2013 94100 SAINT-MAUR-DES-FOSS\u00c9S.\n \n \n \n \nAgence R\u00e9gionale de Sant\u00e9 - IDF-2025-09-08-00004 - D\u00e9cision n\u00b0 DOS - 2025 / 3800 portant sur l'autorisation de d\u00e9plafonnement des\nheures suppl\u00e9mentaires (structures du groupe ABCD - R\u00e9sidences - Services pour personnes \u00e2g\u00e9es) 4\ndur\u00e9e\n\u2014\u2014 a  \u2014\n\"12\n\u2014 =  rs\neg  =  a=\n \n2 / 2 \n \n- R\u00e9sidence des Bords de Marne, 9 avenue du Mar\u00e9chal Leclerc \u2013 94380 BONNEUIL-SUR-\nMARNE \n- R\u00e9sidence de la Cristolienne, 16 bis Avenue du Chemin de Mesly \u2013 94000 CRETEIL \n \n pour une dur\u00e9e d'un an \u00e0 compter du 1er janvier 2025. \n \n \n \nDECIDE \n \n \n \nArticle 1:  Le Directeur de ABCD (R\u00e9sidences \u2013 Services pour personnes \u00e2g\u00e9es) est autoris\u00e9 \u00e0 \nd\u00e9plafonner les heures suppl\u00e9mentaires pour les r\u00e9sidences suivantes : \n \n \n- R\u00e9sidence de l'Abbaye, 3 Impasse de l'Abbaye \u2013 94100 SAINT-MAUR-DES-FOSS\u00c9S. \n- R\u00e9sidence des Bords de Marne, 9 avenue du Mar\u00e9chal Leclerc \u2013 94380 BONNEUIL-SUR-\nMARNE \n- R\u00e9sidence de la Cristolienne, 16 bis Avenue du Chemin de Mesly \u2013 94000 CRETEIL \n \n \nArticle 2:   Le Directeur de ABCD (R\u00e9sidences \u2013 Services pour personnes \u00e2g\u00e9es) est charg\u00e9 de \nl'ex\u00e9cution de la pr\u00e9sente d\u00e9cision. \n \n \nArticle 3:    Un recours contre la pr\u00e9sente d\u00e9cision  peut \u00eatre form\u00e9 devant le Tribunal \nAdministratif comp\u00e9tent dans un d\u00e9lai de deux mois \u00e0 compter de sa publication.  \n \n \nArticle 4:  La pr\u00e9sente d\u00e9cision sera publi\u00e9e au recueil des actes administratifs de la Pr\u00e9fecture \nde la r\u00e9gion Ile-de-France.  \n \n \n \n \n \nFait \u00e0 Saint-Denis, le 8 septembre 2025 \n \n \nP/Le Directeur g\u00e9n\u00e9ral  \nde l'Agence r\u00e9gionale de sant\u00e9 \n\u00cele-de-France, \nLa Directrice du P\u00f4le RH en sant\u00e9 \n \n \nSign\u00e9 \n \n \nLaure WALLON \nAgence R\u00e9gionale de Sant\u00e9 - IDF-2025-09-08-00004 - D\u00e9cision n\u00b0 DOS - 2025 / 3800 portant sur l'autorisation de d\u00e9plafonnement des\nheures suppl\u00e9mentaires (structures du groupe ABCD - R\u00e9sidences - Services pour personnes \u00e2g\u00e9es) 5\nDirection r\u00e9gionale et interd\u00e9partementale de\nl'h\u00e9bergement et du logement\nIDF-2025-09-09-00004\nArr\u00eat\u00e9 portant tarification au titre de 2025 pour\nle CHRS ARCAT(75)\nDirection r\u00e9gionale et interd\u00e9partementale de l'h\u00e9bergement et du logement - IDF-2025-09-09-00004 - Arr\u00eat\u00e9 portant tarification au\ntitre de 2025 pour le CHRS ARCAT(75) 6\n| 3PREFET |DE LA REGIOND'\u00ceLE-DE-FRANCELibert\u00e9Egalit\u00e9Fraternit\u00e9\n  Direction r\u00e9gionale et interd\u00e9partementale de\nl'H\u00e9bergement et du Logement\nDRIHL\nCENTRE\u00a0: CASA (ARCAT)\nN\u00b0 SIRET\u00a0: 34\u00a0208\u00a0073\u00a0600\u00a0107\nN\u00b0 EJ Chorus\u00a0:  210\u00a0461 6238\nARR\u00caT\u00c9 n \u00b0\nLE PR\u00c9FET DE LA R\u00c9GION D'\u00ceLE-DE-FRANCE\nCOMMANDEUR DE LA L\u00c9GION D'HONNEUR\nOFFICIER DE L'ORDRE NATIONAL DU M\u00c9RITE\nVu la loi n\u00b02025-127 du 14 f\u00e9vrier 2025 de finances pour 2025 \u2013 Mission Coh\u00e9sion\ndes territoires et logement \u2013 Programme 177 \u00ab H\u00e9bergement, parcours vers le logement\net insertion des personnes vuln\u00e9rables \u00bb ;\nVu le code de l'action sociale et des familles, notamment les articles L 312-1, L.313-\n11, L 314-1, L.314-4 \u00e0 L. 314-7 , L.345-1, R. 314-1 \u00e0 R. 314-43, R. 314-47 , R.314-49, R.314-50,\nR.314-55, R.314-82 \u00e0 R.314-93, R. 314-106 \u00e0 R.314-110 et R. 314-150 \u00e0 R. 314-156\u00a0;\nVu l'arr\u00eat\u00e9 du 5 septembre 2013 modifiant l'arr\u00eat\u00e9 du 22 octobre 2003 fixant les\nmod\u00e8les de documents relatifs \u00e0 la gestion budg\u00e9taire, comptable et financi\u00e8re des\n\u00e9tablissements et services sociaux et m\u00e9dico-sociaux\u00a0;\nVu l'arr\u00eat\u00e9 du 12 mars 2018 fixant le mod\u00e8le du tableau d'analyse de l'activit\u00e9 et\ndes  co\u00fbts  de  l'enqu\u00eate  nationale  des  co\u00fbts  applicable  au  secteur  de  l'accueil,  de\nl'h\u00e9bergement  et  de  l'insertion  pr\u00e9vue  aux  articles  L.345-1  et  L322-8-1  du  code  de\nl'action sociale et des familles\u00a0;\nVu l'accord  du  4  juin  2024  relatif  \u00e0  l'extension  du  S\u00e9gur  dans  le  cadre  de  la\npolitique salariale en lien avec la n\u00e9gociation sur la CCNUE dans le secteur sanitaire,\nsocial et m\u00e9dico-social priv\u00e9 \u00e0 but non lucratif, n\u00e9goci\u00e9 par les partenaires sociaux, agr\u00e9\u00e9\npar la Convention nationale d'agr\u00e9ment du 20 juin 2024, \u00e9tendu par l'arr\u00eat\u00e9 du 5 ao\u00fbt\n2024\u00a0;\nVu l'arr\u00eat\u00e9  du  11  avril  2025  pris  en application  de  l'article  L.314-4  du  code de\nl'action sociale et des familles fixant les dotations r\u00e9gionales limitatives relatives aux frais\nde fonctionnement des centres d'h\u00e9bergement et de r\u00e9insertion sociale (CHRS), publi\u00e9\nJORF n\u00b00104 du 3 mai 2025\u00a0;\nVu l'instruction  NOR  :  ATDI2513550J  du  6  mai  2025  relative  \u00e0  la  campagne\nbudg\u00e9taire des centres d'h\u00e9bergement et de r\u00e9insertion sociale (CHRS) pour l'ann\u00e9e\n2025 publi\u00e9e au Bulletin Officiel du Minist\u00e8re de la Transition \u00c9cologique du 13 mai\n2025\u00a0;\nVu l'arr\u00eat\u00e9 pr\u00e9fectoral en date du 08 mars 2024  autorisant la cr\u00e9ation de l'\u00e9tablissement\nCASA (ARCAT) assurant l'accueil des personnes en difficult\u00e9 relevant de l'article L 312-1\nalin\u00e9a 8 du Code de l'action sociale et des familles g\u00e9r\u00e9 par l'association CASA ;\nT\u00e9l. : 01 82 52 40 00\nLe Ponant, 5 rue Leblanc, 75015 Paris\nwww.drihl.ile-de-france.developpement-durable.gouv.fr 1/4\nDirection r\u00e9gionale et interd\u00e9partementale de l'h\u00e9bergement et du logement - IDF-2025-09-09-00004 - Arr\u00eat\u00e9 portant tarification au\ntitre de 2025 pour le CHRS ARCAT(75) 7\nVu les  propositions  de  modifications  budg\u00e9taires  et  la  d\u00e9cision  d'attribution\nbudg\u00e9taire en date du 2 juillet 2025\u00a0;\nARR\u00caTE\nArticle 1  er   :\nLes d\u00e9penses et les recettes pr\u00e9visionnelles du CHRS CASA d'une capacit\u00e9 de 14 places, sis au 94-102\nrue de Buzenval 75\u00a0020 Paris sont autoris\u00e9es comme suit\u00a0:\nGroupes fonctionnels Montants\nen Euros\nTotal\nen Euros\nD\u00e9penses\nGroupe I\u00a0:\n D\u00e9penses aff\u00e9rentes \u00e0 \nl'exploitation courante 33\u00a0226 \u20ac\n260\u00a0988\u00a0\u20ac\nGroupe II\u00a0:\nD\u00e9penses aff\u00e9rentes au \npersonnel 91\u00a0768 \u20ac\nGroupe III\u00a0:\nD\u00e9penses aff\u00e9rentes \u00e0 la \nstructure 135\u00a0994 \u20ac\nReport \u00e0 nouveau de l'exercice \nN-2 (d\u00e9ficit) 0 \u20ac\nRecettes\nGroupe I\u00a0:\nProduits de la tarification 138\u00a0523 \u20ac\n260\u00a0988\u00a0\u20ac\nGroupe II\u00a0:\nAutres produits relatifs \u00e0 \nl'exploitation 5\u00a0500 \u20ac\nGroupe III\u00a0:\nProduits financiers, \nexceptionnels ou non \nencaissables\n0 \u20ac\nReport \u00e0 nouveau N-2 \n(exc\u00e9dent) 116\u00a0965 \u20ac\nT\u00e9l. : 01 82 52 40 00\nLe Ponant, 5 rue Leblanc, 75015 Paris\nwww.drihl.ile-de-france.developpement-durable.gouv.fr 2/4\nDirection r\u00e9gionale et interd\u00e9partementale de l'h\u00e9bergement et du logement - IDF-2025-09-09-00004 - Arr\u00eat\u00e9 portant tarification au\ntitre de 2025 pour le CHRS ARCAT(75) 8\nArticle 2 :\nPour l'exercice 2025, la dotation globale de financement est fix\u00e9e \u00e0 138\u00a0523\u00a0\u20ac. Cette dotation int\u00e8gre :\n\uf0b7 le financement en ann\u00e9e pleine de la revalorisation dite \u00ab\u00a0S\u00e9gur pour tous\u00a0\u00bb pour 0,29\u00a0ETP, soit 1\u00a0556 \u20ac\u00a0;\n\uf0b7 la reprise de l'exc\u00e9dent \u00e0 hauteur de 116\u00a0965 \u20ac.\nLa fraction forfaitaire \u00e9gale, en application de l'article R. 314-107 du Code de l'action sociale et des\nfamilles, au douzi\u00e8me de la dotation globale de financement, s'\u00e9l\u00e8ve \u00e0 11\u00a0543,58\u00a0\u20ac.\nLe co\u00fbt journalier \u00e0 la place du CHRS pour l'exercice 2025 est de 50\u00a0\u20ac. Ce co\u00fbt est calcul\u00e9 \u00e0 partir de la\ndotation globale de financement hors CNR et r\u00e9sultats 2023 repris neutralis\u00e9s pour la totalit\u00e9 des\nplaces et pour un fonctionnement \u00e0 365 jours.\nArticle 3\u00a0:\nA compter de l'ann\u00e9e 2025, la dotation int\u00e8gre de mani\u00e8re p\u00e9renne le montant de la compensation\nvers\u00e9e par l'\u00c9tat au titre de l'extension de la revalorisation \u00ab\u00a0S\u00e9gur\u00a0\u00bb pour 0,29 ETP, soit 1\u00a0556 \u20ac\nCe montant est calcul\u00e9 sur une base forfaitaire s'\u00e9levant \u00e0 5 364 \u20ac en co\u00fbt charg\u00e9 annuel par ETP\n\u00e9ligible.  \nLa compensation contribue \u00e0 couvrir le co\u00fbt total pour l'employeur de la revalorisation salariale des\npersonnels \u00e9ligibles (impact sur les cotisations patronales et impact sur les salaires bruts). L'organisme\ngestionnaire s'engage \u00e0 revaloriser effectivement les professionnels concern\u00e9s et \u00e0 affecter ces cr\u00e9dits \u00e0\nla revalorisation salariale de ces salari\u00e9s.\nArticle 4\u00a0:\nCette  dotation  sera  imput\u00e9e  sur  les  cr\u00e9dits  du  programme  177  \u00ab\u00a0H\u00e9bergement,  parcours  vers  le\nlogement et insertion des personnes vuln\u00e9rables\u00a0\u00bb de la mission \u00ab\u00a0Coh\u00e9sion des territoires\u00a0\u00bb.\nArticle 5\u00a0:\nEn 2023, le r\u00e9sultat arr\u00eat\u00e9 du CHRS CASA est un exc\u00e9dent de 176\u00a0965\u00a0\u20ac. Il est affect\u00e9 comme suit\u00a0:\n\uf02d 116\u00a0965 \u20ac repris par l'autorit\u00e9 de tarification\n\uf02d 60\u00a0000 \u20ac en r\u00e9serve de compensation des d\u00e9ficits\nArticle 6\u00a0:\nPour l'exercice budg\u00e9taire 2026, dans l'attente de la fixation de la dotation globale de financement, et\nen application du IV bis de l'article L.314-7 du CASF et de l'article D.314-106-1 du CASF, il est retenu une\ndotation provisoire d'un montant de 255 488\u00a0\u20ac, correspondant \u00e0 la DGF 2025 hors CNR  et r\u00e9sultats\n2023 repris neutralis\u00e9s. Le montant des acomptes mensuels s'\u00e9l\u00e8ve \u00e0 21\u00a0290,66 \u20ac.\nArticle 7\u00a0:\nLes recours dirig\u00e9s contre le pr\u00e9sent arr\u00eat\u00e9 doivent \u00eatre port\u00e9s devant le tribunal administratif de Paris\nsis 7 rue de Jouy, 75181 Paris Cedex 04, dans le d\u00e9lai d'un mois \u00e0 compter de sa publication ou, pour les\npersonnes auxquelles il sera notifi\u00e9, \u00e0 compter de sa notification.\nT\u00e9l. : 01 82 52 40 00\nLe Ponant, 5 rue Leblanc, 75015 Paris\nwww.drihl.ile-de-france.developpement-durable.gouv.fr 3/4\nDirection r\u00e9gionale et interd\u00e9partementale de l'h\u00e9bergement et du logement - IDF-2025-09-09-00004 - Arr\u00eat\u00e9 portant tarification au\ntitre de 2025 pour le CHRS ARCAT(75) 9\nArticle 8\u00a0:\nLe Pr\u00e9fet de la r\u00e9gion d'\u00cele-de-France, Pr\u00e9fet de Paris et le directeur r\u00e9gional et interd\u00e9partemental de\nl'h\u00e9bergement  et  du  logement  d'\u00cele-de-France  sont  charg\u00e9s,  chacun  en  ce  qui  le  concerne,  de\nl'ex\u00e9cution du pr\u00e9sent arr\u00eat\u00e9 qui sera publi\u00e9 au recueil des actes administratifs de la pr\u00e9fecture de la\nr\u00e9gion d'\u00cele-de-France, pr\u00e9fecture de Paris.\nFait \u00e0 Paris, le 9 SEP 2025\nPour le Pr\u00e9fet de la r\u00e9gion d'\u00cele-de-France,\nPr\u00e9fet de Paris et par d\u00e9l\u00e9gation\nLe Directeur adjoint\nde l'H\u00e9bergement et du Logement\nSIGNE\nJacques-Bertrand de REBOUL\nT\u00e9l. : 01 82 52 40 00\nLe Ponant, 5 rue Leblanc, 75015 Paris\nwww.drihl.ile-de-france.developpement-durable.gouv.fr 4/4\nDirection r\u00e9gionale et interd\u00e9partementale de l'h\u00e9bergement et du logement - IDF-2025-09-09-00004 - Arr\u00eat\u00e9 portant tarification au\ntitre de 2025 pour le CHRS ARCAT(75) 10\nPr\u00e9fecture de la r\u00e9gion d'Ile-de-France,\npr\u00e9fecture de Paris-Secr\u00e9tariat g\u00e9n\u00e9ral aux\npolitiques publiques\nIDF-2025-08-01-00018\nArr\u00eat\u00e9 n\u00b0 2025-120 modifiant l'arr\u00eat\u00e9 n\u00b0 2018-582\ndu 3 d\u00e9cembre 2018 portant attribution de\nsubvention au titre de la dotation de soutien \u00e0\nl'investissement local \u00e0 la commune de\nMantes-la-Jolie\nPr\u00e9fecture de la r\u00e9gion d'Ile-de-France, pr\u00e9fecture de Paris-Secr\u00e9tariat g\u00e9n\u00e9ral aux politiques publiques - IDF-2025-08-01-00018 - Arr\u00eat\u00e9\nn\u00b0 2025-120 modifiant l'arr\u00eat\u00e9 n\u00b0 2018-582 du 3 d\u00e9cembre 2018 portant attribution de subvention au titre de la dotation de soutien \u00e0\nl'investissement local \u00e0 la commune de Mantes-la-Jolie\n11\nE 3PREFET |DE LA REGIOND'\u00ceLE-DE-FRANCELibert\u00e9Egalit\u00e9Fraternit\u00e9\n                \n \n \n \n \n \n \n \n \n \nPr\u00e9fecture de la r\u00e9gion d'Ile-de-France, pr\u00e9fecture de Paris \nSecr\u00e9tariat g\u00e9n\u00e9ral aux politiques publiques \nBureau de la coordination et de l'investissement territorial \n               \n \n \n \n 1 \n \nARR\u00caT\u00c9  N\u00b0 2025-120 \nModifiant l'arr\u00eat\u00e9 n\u00b0 2018-582 du 3 d\u00e9cembre 2018 modifi\u00e9 portant attribution de subvention au titre de  \nla dotation de soutien \u00e0 l'investissement local  \n \nLE PR\u00c9FET DE LA R\u00c9GION D'\u00ceLE-DE-FRANCE \nPR\u00c9FET DE PARIS \nCOMMANDEUR DE LA L\u00c9GION D'HONNEUR \nOFFICIER DE L'ORDRE NATIONAL DU M\u00c9RITE \n \n \n \nVU le code g\u00e9n\u00e9ral des collectivit\u00e9s territoriales et notamment ses articles L. 2334-42, L.1111-10 et R.2334-39 ; \nVU le d\u00e9cret n\u00b0  2004-374 du 29 avril 2004 relatif aux pouvoirs des pr\u00e9fets, \u00e0 l'organisation et \u00e0 l'action des \nservices de l'Etat dans les r\u00e9gions et d\u00e9partements ; \n \nVU le d\u00e9cret n\u00b0 2018-428 du 1er juin 2018 relatif aux dotations de l'Etat aux collectivit\u00e9s territoriales ;  \n \nVU le d\u00e9cret n\u00b0 2020-412 du 8 avril 2020 relatif au droit de d\u00e9rogation reconnu au pr\u00e9fet ; \n \nVU le d\u00e9cret n\u00b0 2020 -1129 du 14 septembre 2020 pris pour l'application de l'article L.1111 -11 du code g\u00e9n\u00e9ral \ndes collectivit\u00e9s territoriales ; \nVU l'arr\u00eat\u00e9 n\u00b0  2018-582 du 3 d\u00e9cembre 2018  portant attribution d'une subvention d'un montant maximum \npr\u00e9visionnel de 289 406,97 \u20ac \u00e0  la commune de  Mantes-la-Jolie au titre de la dotation de soutien \u00e0 \nl'investissement local pour la r\u00e9alisation d'un sch\u00e9ma directeur relatif \u00e0 la valorisation des espaces publics \nsuivants : places du march\u00e9 au bl\u00e9 et Saint -Maclou, rue nationale, liaison des berges de la Seine au centre -ville, \nsquares Brieussel Bourgeois, du ch\u00e2teau et Gabrielle d'Estr\u00e9e ;  \nVU l'arr\u00eat\u00e9 n\u00b0 2022-818 modifiant l'arr\u00eat\u00e9 n\u00b02018-582 du 3 d\u00e9cembre 2018 prorogeant la date d'ach\u00e8vement des \ntravaux jusqu'au 7 janvier 2025 ;  \nVU le courrier en date du 20 d\u00e9cembre 2024 du maire de la commune de Mantes-la-Jolie sollicitant une nouvelle \nprorogation du d\u00e9lai d'ach\u00e8vement de l'op\u00e9ration mentionn\u00e9e dans l'arr\u00eat\u00e9 susvis\u00e9, qui a d\u00e9marr\u00e9  le 7 janvier \n2019 ; \nCONSIDERANT qu'il est n\u00e9cessaire de d\u00e9roger \u00e0 l'article R .2334-29 du code g\u00e9n\u00e9ral des collectivit\u00e9s \nterritoriales afin de proroger le d\u00e9lai d'ach\u00e8vement de l'op\u00e9ration susvis\u00e9e ; \nCONSIDERANT que cette d\u00e9rogation est justifi\u00e9e par  des importants r etards pris dans l 'avancement d es \ntravaux, li\u00e9s notamment \u00e0 cause de la pand\u00e9mie de Covid-19 ;   \n \nCONSIDERANT que cette d\u00e9rogation a pour effet de favoriser l'acc\u00e8s aux aides publiques ; \n \nCONSIDERANT que cette d\u00e9rogation ne porte pas atteinte aux int\u00e9r\u00eats de la d\u00e9fense ou \u00e0 la s\u00e9curit\u00e9 des \npersonnes et des biens, ni une atteinte disproportionn\u00e9e aux objectifs poursuivis par les disposi tions auxquelles \nil est d\u00e9rog\u00e9 et qu'elle est compatible avec les engagements europ\u00e9ens et internationaux de la France ;  \nPr\u00e9fecture de la r\u00e9gion d'Ile-de-France, pr\u00e9fecture de Paris-Secr\u00e9tariat g\u00e9n\u00e9ral aux politiques publiques - IDF-2025-08-01-00018 - Arr\u00eat\u00e9\nn\u00b0 2025-120 modifiant l'arr\u00eat\u00e9 n\u00b0 2018-582 du 3 d\u00e9cembre 2018 portant attribution de subvention au titre de la dotation de soutien \u00e0\nl'investissement local \u00e0 la commune de Mantes-la-Jolie\n12\n \n 2 \n \n \nARR\u00caTE \n \nARTICLE 1er \n \nEn application du d\u00e9cret n\u00b0  2020-412 du 8 avril 2020 , par d\u00e9rogation aux dispositions de l'article R .2334-29 du \ncode g\u00e9n\u00e9ral des collectivit\u00e9s territoriales, le d\u00e9lai de quatre ans pr\u00e9vu \u00e0 compter de la date de d\u00e9marrage de \nl'op\u00e9ration pour d\u00e9clarer l'ach\u00e8vement des travaux , fix\u00e9 au 4 \u00e8me alin\u00e9a de l'artic le 3 de l'arr\u00eat\u00e9 pr\u00e9fectoral \nn\u00b0 2018-582 du 3 d\u00e9cembre 2018 modifi\u00e9, est prorog\u00e9 jusqu'au 7 janvier 2026. L'ach\u00e8vement des travaux devra \nintervenir avant le 7 janvier 2026. \n \n \nARTICLE 2 \n \nLes autres dispositions de l'arr\u00eat\u00e9 pr\u00e9fectoral susvis\u00e9 demeurent inchang\u00e9es.  \n \n \nARTICLE 3 \n \nLa pr\u00e9f\u00e8te, secr\u00e9taire g\u00e9n\u00e9rale aux politiques publiques de la pr\u00e9fecture de la r\u00e9gion d'\u00cele -de-France, pr\u00e9fecture \nde Paris, le pr\u00e9fet du d\u00e9partement des Yvelines et le directeur r\u00e9gional des finances publiques d'\u00cele-de-France et \nde Paris sont charg\u00e9s, chacun en ce qui le concerne, de l'ex\u00e9cution du pr\u00e9sent arr\u00eat\u00e9. \n  \n \n \n \nFait \u00e0 Paris, le 1er ao\u00fbt 2025 \n \n \n  \nLe Pr\u00e9fet de la r\u00e9gion d'\u00cele-de-France, \nPr\u00e9fet de Paris \n \n \nSign\u00e9 \n \n \nMarc GUILLAUME \n \n \n \n \n \n \n \nPr\u00e9fecture de la r\u00e9gion d'Ile-de-France, pr\u00e9fecture de Paris-Secr\u00e9tariat g\u00e9n\u00e9ral aux politiques publiques - IDF-2025-08-01-00018 - Arr\u00eat\u00e9\nn\u00b0 2025-120 modifiant l'arr\u00eat\u00e9 n\u00b0 2018-582 du 3 d\u00e9cembre 2018 portant attribution de subvention au titre de la dotation de soutien \u00e0\nl'investissement local \u00e0 la commune de Mantes-la-Jolie\n13\nPr\u00e9fecture de la r\u00e9gion d'Ile-de-France,\npr\u00e9fecture de Paris-Secr\u00e9tariat g\u00e9n\u00e9ral aux\npolitiques publiques\nIDF-2025-09-08-00003\nArr\u00eat\u00e9 N\u00b0 2025-405 modifiant l'arr\u00eat\u00e9 n\u00b0\n2023-419 du 27 juin 2023 portant attribution de\nsubvention au titre de la dotation de soutien \u00e0\nl'investissement d\u00e9partemental au Conseil\nD\u00e9partemental de la Seine-et-Marne\nPr\u00e9fecture de la r\u00e9gion d'Ile-de-France, pr\u00e9fecture de Paris-Secr\u00e9tariat g\u00e9n\u00e9ral aux politiques publiques - IDF-2025-09-08-00003 -\nArr\u00eat\u00e9 N\u00b0 2025-405 modifiant l'arr\u00eat\u00e9 n\u00b0 2023-419 du 27 juin 2023 portant attribution de subvention au titre de la dotation de soutien\n\u00e0 l'investissement d\u00e9partemental au Conseil D\u00e9partemental de la Seine-et-Marne\n14\nEPR\u00c9FETDE LA R\u00c9GIOND'\u00ceLE-DE-FRANCELibert\u00e9Egalit\u00e9Fraternit\u00e9\n  \nPr\u00e9fecture de la r\u00e9gion d'Ile-de-France, pr\u00e9fecture de Paris \nSecr\u00e9tariat g\u00e9n\u00e9ral aux politiques publiques \nBureau de la coordination et de l'investissement territorial \n \nSection de l'investissement territorial \n5 rue Leblanc 75911 Paris cedex 15 \nT\u00e9l : 01.82.52.40.00 \nwww.ile-de-france.gouv.fr \n \nARR\u00caT\u00c9  N\u00b0 2025-405 \nmodifiant l'arr\u00eat\u00e9 n\u00b0 2023-419 du 20 juin 2023 portant attribution de subvention \nau titre de la dotation de soutien \u00e0 l'investissement d\u00e9partemental \n \nLE PR\u00c9FET DE LA R\u00c9GION D'\u00ceLE-DE-FRANCE \nPR\u00c9FET DE PARIS \nCOMMANDEUR DE LA L\u00c9GION D'HONNEUR \nOFFICIER DE L'ORDRE NATIONAL DU M\u00c9RITE \n \n \n \nVU le code g\u00e9n\u00e9ral des collectivit\u00e9s territoriales et notamment ses articles L.2334-42 et R.2334-39 ; \n \nVU le d\u00e9cret n\u00b0  2004-374 du 29 avril 2004 relatif aux pouvoirs des pr\u00e9fets, \u00e0 l'organisation et \u00e0 l'action des \nservices de l'Etat dans les r\u00e9gions et d\u00e9partements ; \n \nVU le d\u00e9cret n\u00b0 2018-428 du 1er juin 2018 relatif aux dotations de l'Etat aux collectivit\u00e9s territoriales ; \n \nVU le d\u00e9cret n\u00b0 2020-412 du 8 avril 2020 relatif au droit de d\u00e9rogation reconnu au pr\u00e9fet ; \n \nVU le d\u00e9cret n\u00b0 2020 -1129 du 14 septembre 2020 pris pour l'application de l'article L.1111 -11 du code g\u00e9n\u00e9ra l \ndes collectivit\u00e9s territoriales ; \nVU l'arr\u00eat\u00e9 n\u00b0 2023-419 du 20 juin 2023 portant attribution au d\u00e9partement de Seine -et-Marne d'une subvention \nd'un montant maximum pr\u00e9visionnel de 862 750 \u20ac au titre de la dotation de soutien \u00e0 l'investissement \nd\u00e9partemental pour l'extension / la restructuration du coll\u00e8ge \u00ab La Plaine des Glacis \u00bb \u00e0 la Fert\u00e9-sous-Jouarre ; \n \nVU le courrier du 29 avril 2025 du pr\u00e9sident du conseil d\u00e9partemental de Seine -et-Marne sollicitant une \nprorogation du d\u00e9lai maximum de d\u00e9marrage des travaux de l'op\u00e9ration mentionn\u00e9e dans l'arr\u00eat\u00e9 susvis\u00e9 qui a \n\u00e9t\u00e9 notifi\u00e9 le 27 juin 2023 ; \n \nCONSIDERANT qu'il est n\u00e9cessaire de d\u00e9roger \u00e0 l'article R .2334-28 du code g\u00e9n\u00e9ral des collectivit\u00e9s \nterritoriales afin de proroger le d\u00e9lai pour le commencement d'ex\u00e9cution de l'op\u00e9ration susvis\u00e9e ; \n \nCONSIDERANT que cette d\u00e9rogation est justifi\u00e9e par les contraintes budg\u00e9taires du d\u00e9partement de Seine -et-\nMarne ; \n \nCONSIDERANT que cette d\u00e9rogation a pour effet de favoriser l'acc\u00e8s aux aides publiques ; \n \nCONSIDERANT que cette d\u00e9rogation ne porte pas atteinte aux int\u00e9r\u00eats de la d\u00e9fense ou \u00e0 la s\u00e9curit\u00e9 des \npersonnes et des biens, ni une atteinte disproportionn\u00e9e aux objectifs poursuivis par les dispositions auxquelles \nil est d\u00e9rog\u00e9 et qu'elle est compatible avec les engagements europ\u00e9ens et internationaux de la France ;  \n \n \n \nPr\u00e9fecture de la r\u00e9gion d'Ile-de-France, pr\u00e9fecture de Paris-Secr\u00e9tariat g\u00e9n\u00e9ral aux politiques publiques - IDF-2025-09-08-00003 -\nArr\u00eat\u00e9 N\u00b0 2025-405 modifiant l'arr\u00eat\u00e9 n\u00b0 2023-419 du 27 juin 2023 portant attribution de subvention au titre de la dotation de soutien\n\u00e0 l'investissement d\u00e9partemental au Conseil D\u00e9partemental de la Seine-et-Marne\n15\n \nT\u00e9l : 01 82 52 42 55 \nM\u00e9l : alix.puet@paris-idf.gouv.fr \n5 rue Leblanc 75911 Paris cedex 15 \n \n2 \n \nARR\u00caTE \n \n \nARTICLE 1er \n \nEn application du d\u00e9cret n\u00b0 2020 -412 du 8 avril 2020, par d\u00e9rogation aux dispositions de l'article R.2334 -28 du \ncode g\u00e9n\u00e9ral des collectivit\u00e9s territoriales, le d\u00e9lai pour d\u00e9clarer le commencement d'ex\u00e9cution de l'op\u00e9ration \u00e0 \ncompter de la date de notification de l'arr\u00eat\u00e9 attributif de sub vention, pr\u00e9vu au 3\u00e8me alin\u00e9a de l'article 3 de \nl'arr\u00eat\u00e9 pr\u00e9fectoral n\u00b0 2023-419 du 20 juin  2023, est prorog\u00e9 jusqu'au 27 juin  2028. Le commencement des \ntravaux devra intervenir avant le 27 juin 2028. \n \n \nARTICLE 2 \n \nLes autres dispositions de l'arr\u00eat\u00e9 pr\u00e9fectoral susvis\u00e9 demeurent inchang\u00e9es. \n \n \nARTICLE 3 \n  \nLa pr\u00e9f\u00e8te, secr\u00e9taire g\u00e9n\u00e9rale aux politiques publiques de la pr\u00e9fecture de la r\u00e9gion d'\u00cele -de-France, pr\u00e9fecture \nde Paris, l e pr\u00e9fet du d\u00e9partement de Seine-et-Marne et le directeur r\u00e9gional des finances publiques d'\u00cele -de-\nFrance et de Paris sont charg\u00e9s, chacun en ce qui le concerne, de l'ex\u00e9cution du pr\u00e9sent arr\u00eat\u00e9.  \n \n \n \nFait \u00e0 Paris, le 8 septembre 2025 \n \n \n  \nLe Pr\u00e9fet de la r\u00e9gion d'\u00cele-de-France, \nPr\u00e9fet de Paris \n \n \nSign\u00e9 \n \n \nMarc GUILLAUME \n \n \nPr\u00e9fecture de la r\u00e9gion d'Ile-de-France, pr\u00e9fecture de Paris-Secr\u00e9tariat g\u00e9n\u00e9ral aux politiques publiques - IDF-2025-09-08-00003 -\nArr\u00eat\u00e9 N\u00b0 2025-405 modifiant l'arr\u00eat\u00e9 n\u00b0 2023-419 du 27 juin 2023 portant attribution de subvention au titre de la dotation de soutien\n\u00e0 l'investissement d\u00e9partemental au Conseil D\u00e9partemental de la Seine-et-Marne\n16","date":"2025-09-09","first_seen_on":"2025-09-09T15:38:40+00:00","id":"164805e091ea5dbe6d8298a741537336c29db54159ae5801556e46d9eac1d26a","name":"recueil-idf-025-2025-09-recueil-des-actes-administratifs-special du 09.09.2025","pdf_creation_date":"2025-09-09T15:06:17+00:00","pdf_modification_date":null,"timezone":"Europe/Paris","url":"https://www.prefectures-regions.gouv.fr/ile-de-france/irecontenu/telechargement/130825/961776/file/recueil-idf-025-2025-09-recueil-des-actes-administratifs-special%20du%2009.09.2025.pdf"}
