{"administration":"pref69","administration_name":"Pr\u00e9fecture du Rh\u00f4ne","content":"PR\u00c9F\u00c8TE\nDU RH\u00d4NE\nRECUEIL DES ACTES\nADMINISTRATIFS SP\u00c9CIAL\nN\u00b069-2025-271\nPUBLI\u00c9 LE 22 OCTOBRE 2025\nSommaire\n01-69_DTPJJ_Direction territoriale de la protection judiciaire de la jeunesse\nde l'Ain et du Rh\u00f4ne /\n69-2025-10-14-00003 - Arr\u00eat\u00e9 conjoint portant modification de\nl'arr\u00eat\u00e9 portant autorisation de fonctionnement d'une structure\nexp\u00e9rimentale d'accueil et d'accompagnement pour adolescents\npr\u00e9sentant des probl\u00e9matiques complexes, d\u00e9nomm\u00e9e\nNUMERI'TABLE et g\u00e9r\u00e9e par l'association ACOLEA (2 pages) Page 3\n69_DDETS_Direction d\u00e9partementale de l'emploi du travail et des\nsolidarit\u00e9s /\n69-2025-10-15-00007 - Arr\u00eat\u00e9 portant modification de la composition de\nla COMED DALO 69 (4 pages) Page 6\n69_DDT_Direction d\u00e9partementale des territoires du Rh\u00f4ne /\n69-2025-10-21-00003 - AP Fonds-urgence-pension-DNC signe (5 pages) Page 11\n69-2025-10-17-00008 - Direction d\u00e9partementale\ndes\nterritoires\nArr\u00eat\u00e9 pr\u00e9fectoral n\u00b0 DDT_SENR_2025_10_17_E157 du\n17 octobre 2025 relatif \u00e0\nla composition de la commission locale de\nl'eau (CLE)\ndu sch\u00e9ma d'am\u00e9nagement et de gestion des eaux\n(SAGE) Garon-Yzeron (4 pages) Page 17\n69_Pr\u00e9f_Pr\u00e9fecture du Rh\u00f4ne / Pr\u00e9fet d\u00e9l\u00e9gu\u00e9 pour la\nd\u00e9fense et la s\u00e9curit\u00e9\n69-2025-10-17-00009 - Arr\u00eat\u00e9 pr\u00e9fectoral n\u00b02025-10-17-0002 portant\nencadrement du d\u00e9placement des supporters du FC B\u00e2le 1893 et\ninstaurant un p\u00e9rim\u00e8tre comportant des mesures d'interdiction de\nstationnement, de circulation sur la voie publique et d'acc\u00e8s au\nGroupama Stadium de D\u00e9cines-Charpieu et en centre-ville de Lyon \u00e0\nl'occasion de la rencontre de football lors de la 3\u00e8me journ\u00e9e d'Europa\nLeague entre les \u00e9quipes de l'Olympique lyonnais et du FC B\u00e2le 1893 le\njeudi 23 octobre 2025 au Groupama Stadium (7 pages) Page 22\n2\n01-69_DTPJJ_Direction territoriale de la\nprotection judiciaire de la jeunesse de l'Ain et du\nRh\u00f4ne\n69-2025-10-14-00003\nArr\u00eat\u00e9 conjoint portant modification de l'arr\u00eat\u00e9\nportant autorisation de fonctionnement d'une\nstructure exp\u00e9rimentale d'accueil et\nd'accompagnement pour adolescents\npr\u00e9sentant des probl\u00e9matiques complexes,\nd\u00e9nomm\u00e9e NUMERI'TABLE et g\u00e9r\u00e9e par\nl'association ACOLEA\n01-69_DTPJJ_Direction territoriale de la protection judiciaire de la jeunesse de l'Ain et du Rh\u00f4ne - 69-2025-10-14-00003 - Arr\u00eat\u00e9\nconjoint portant modification de l'arr\u00eat\u00e9 portant autorisation de fonctionnement d'une structure exp\u00e9rimentale d'accueil et\nd'accompagnement pour adolescents pr\u00e9sentant des probl\u00e9matiques complexes, d\u00e9nomm\u00e9e NUMERI'TABLE et g\u00e9r\u00e9e par\nl'association ACOLEA\n3\n|PREFETEDU RHONELibert\u00e9Egalit\u00e9Fraternit\u00e9Direction interr\u00e9gionale de laProtectionJudiciaire de la Jeunesse Centre-EstDirection territoriale Rh\u00f4ne-Ain33 rue Moncey69003 LYON ARR\u00caT\u00c9 CONJOINT\na,RH\u00d4NELE D\u00c9PARTEMENTP\u00f4le Solidarit\u00e9s Proximit\u00e9 etServices aux UsagersDirection Sant\u00e9 Enfance familleService ASEH\u00f4tel du D\u00e9partement29-31 cours de la Libert\u00e969483 LYON CEDEX 03\nARR\u00caT\u00c9 PR\u00c9FECTORAL N\u00b0DT PTT - SALK- 292S- UO-20- OAARR\u00caT\u00c9 DU PRESIDENT N\u00b0 ARCD-DSEF-2025-0079\nPortant modification de l'arr\u00eat\u00e9 du 20 septembre 2023 portant autorisation defonctionnement d'une structure exp\u00e9rimentale d'accueil et d'accompagnement pouradolescents pr\u00e9sentant des probl\u00e9matiques complexes, d\u00e9nomm\u00e9e \"NUMERI'TABLE\"et g\u00e9r\u00e9e par l'association ACOLEA.\nLe Pr\u00e9sident du Conseil d\u00e9partemental du Rh\u00f4ne, et la Pr\u00e9f\u00e8te de la r\u00e9gionAuvergne-Rh\u00f4ne-Alpes, Pr\u00e9f\u00e8te de la zone de d\u00e9fense et de s\u00e9curit\u00e9 Sud-Est, Pr\u00e9f\u00e8te duRh\u00f4ne, Commandeur de la L\u00e9gion d'honneur, Commandeur de l'Ordre national du M\u00e9rite,Vu les articles 375 \u00e0 375-8 du code civil relatifs \u00e0 l'assistance \u00e9ducative ;Vu le code g\u00e9n\u00e9ral des collectivit\u00e9s territoriales ;Vu le code de l'action sociale et des familles et notamment les articles :- Les articles L.313-13 et suivants relatifs au contr\u00f4le administratif et mesures de policeadministrative, ainsi qu'au recours \u00e0 l'administrateur provisoire,- Les articles R313-26 et suivants relatifs \u00e0 l'administration provisoire et la cessation d'activit\u00e9des \u00e9tablissements et services,Vu le code de la justice p\u00e9nale des mineurs ; #2 \u00c0Vu le d\u00e9cret n\u00b0 2010-214 du 2 mars 2010 relatif au ressort territorial, \u00e0 l'organisation et aux attributions desservices d\u00e9concentr\u00e9s de la protection judiciaire de la jeunesse ;Vu le code de commerce, notamment l'article L. 814-5 ;Vu l'arr\u00eat\u00e9 conjoint portant autorisation de fonctionnement d'une structure exp\u00e9rimentale d'accueil etd'accompagnement pour adolescents pr\u00e9sentant des probl\u00e9matiques complexes, d\u00e9nomm\u00e9e \u00ab NUMER/TABLE \u00bbet g\u00e9r\u00e9 par l'association ACOLEA, en date du 20/09/2023 ;Sur proposition de Monsieur le Pr\u00e9fet, Secr\u00e9taire g\u00e9n\u00e9ral de la Pr\u00e9fecture du Rh\u00f4ne, Pr\u00e9fet d\u00e9l\u00e9gu\u00e9 pourl'\u00e9galit\u00e9 des chances et de Monsieur le Directeur g\u00e9n\u00e9ral des services du D\u00e9partement du Rh\u00f4ne,\n01-69_DTPJJ_Direction territoriale de la protection judiciaire de la jeunesse de l'Ain et du Rh\u00f4ne - 69-2025-10-14-00003 - Arr\u00eat\u00e9\nconjoint portant modification de l'arr\u00eat\u00e9 portant autorisation de fonctionnement d'une structure exp\u00e9rimentale d'accueil et\nd'accompagnement pour adolescents pr\u00e9sentant des probl\u00e9matiques complexes, d\u00e9nomm\u00e9e NUMERI'TABLE et g\u00e9r\u00e9e par\nl'association ACOLEA\n4\nPage 2/2\nARR\u00caTENT :Article 1 : L'arr\u00eat\u00e9 du 20 septembre 2023 susvis\u00e9 est modifi\u00e9 ainsi qu'il suit :\u00ab La structure d\u00e9nomm\u00e9e \u00ab NUMERITABLE \u00bb, g\u00e9r\u00e9e par l'associ\u00e4tion ACOLEA,dont le si\u00e8ge est sis 14 rue de Montbrillant - CS 83933 69416 LYON 69003, est autoris\u00e9e\u00e0 titre exp\u00e9rimental pour une dur\u00e9e de 5 ans, \u00e0 prendre en charge 12 mineurs, filles etgar\u00e7ons \u00e2g\u00e9s de 13 \u00e0 18 ans, confi\u00e9s par le service de l''ASE au titre des articles L.221-1et L.222-5 du CASF et confi\u00e9s par l'autorit\u00e9 judiciaire au titre des articles 375 \u00e0 375-8 ducode civil relatifs \u00e0 l'assistance \u00e9ducative ainsi qu'au titre du code de la justice p\u00e9nale desmineurs relatif \u00e0 l'enfance d\u00e9linquante.Cette structure est organis\u00e9e sur 2 sites distincts, situ\u00e9s respectivement au.175chemin de la Picoti\u00e8re, 69620 Oingt et au 2194 route de Tarare, 69620 Bagnols, recevantchacun 6 jeunes. La prise en charge comprend l'h\u00e9bergement en unit\u00e9s de vie et l'accueilde jour th\u00e9matique (num\u00e9rique ou gastronomie).Les unit\u00e9s de vie autonomes seront ouvertes 365 jours par an.Les unit\u00e9s de jours th\u00e9matiques seront ouvertes 250 jours par an. \u00bbArticle 2 : En application des dispositions des articles R. 312-1 et R. 421-1 du codede justice administrative, le pr\u00e9sent arr\u00eat\u00e9 peut, dans un d\u00e9lai de deux mois \u00e0 compter desa publication ou de sa notification, faire l'objet :- d'un recours administratif gracieux ou d'un recours administratif hi\u00e9rarchique dansles conditions pr\u00e9vues par ces textes,- d'un recours contentieux aupr\u00e8s du tribunal administratif territorialementcomp\u00e9tent.En cas de recours administratif, le d\u00e9lai de recours contentieux est prorog\u00e9.Article 3 : Monsieur le Pr\u00e9fet, Secr\u00e9taire g\u00e9n\u00e9ral de la Pr\u00e9fecture du Rh\u00f4ne, Pr\u00e9fetd\u00e9l\u00e9gu\u00e9 pour l'\u00e9galit\u00e9 des chances le Pr\u00e9fet, Monsieur le Directeur g\u00e9n\u00e9ral des services duD\u00e9partement du Rh\u00f4ne et Madame la Directrice interr\u00e9gionale de la protection judiciairede la jeunesse Centre-Est sont charg\u00e9s, chacun en ce qui le concerne, de l'ex\u00e9cution dupr\u00e9sent arr\u00eat\u00e9 qui sera publi\u00e9 au recueil des actes administratifs de la pr\u00e9fecture du Rh\u00f4neet sur le site internet du D\u00e9partement du Rh\u00f4ne.Fait \u00e0 Lyon, le tQIWo | 2026La Pr\u00e9f\u00e9te Le Pr\u00e9sident du Conseild\u00e9partementalPour la Pr\u00e9'Ste.Pr\u00e9fet, Secvsts \u00e8 cer .Pr\u00e9fet d\u00e9l\u00e9gu\u00e9 Sour RE Christophe GUILLOTEAUFabrice ROSAY \u00bb\n01-69_DTPJJ_Direction territoriale de la protection judiciaire de la jeunesse de l'Ain et du Rh\u00f4ne - 69-2025-10-14-00003 - Arr\u00eat\u00e9\nconjoint portant modification de l'arr\u00eat\u00e9 portant autorisation de fonctionnement d'une structure exp\u00e9rimentale d'accueil et\nd'accompagnement pour adolescents pr\u00e9sentant des probl\u00e9matiques complexes, d\u00e9nomm\u00e9e NUMERI'TABLE et g\u00e9r\u00e9e par\nl'association ACOLEA\n5\n69_DDETS_Direction d\u00e9partementale de\nl'emploi du travail et des solidarit\u00e9s\n69-2025-10-15-00007\nArr\u00eat\u00e9 portant modification de la composition\nde la COMED DALO 69\n69_DDETS_Direction d\u00e9partementale de l'emploi du travail et des solidarit\u00e9s - 69-2025-10-15-00007 - Arr\u00eat\u00e9 portant modification de\nla composition de la COMED DALO 69 6\nE = Direction D\u00e9partementalePR\u00c9F\u00c8TE de I'Emploi, du TravailDU RH\u00d4NE et des Solidarit\u00e9sLibert\u00e9\u00c9galit\u00e9Fraternit\u00e9\nP\u00f4le Logement et \u00c9quit\u00e9 Territoriale\nArr\u00eat\u00e9 pr\u00e9fectoral portant modification des membres de la commission de m\u00e9diationdu d\u00e9partement du Rh\u00f4neLa Pr\u00e9f\u00e8te de la r\u00e9gion Auvergne-Rh\u00f4ne-Alpes, Pr\u00e9f\u00e8te du Rh\u00f4neCommandeur de la L\u00e9gion d'HonneurCommandeur de l'Ordre National du M\u00e9rite\nVU le Code de la Construction et de l'Habitation et notamment son article L. 441-2-3 dans sa r\u00e9daction issue de laloi n\u00b0 2007-290 du 5 mars 2007 instituant le droit au logement opposable et portant diverses mesures en faveur dela coh\u00e9sion sociale ;VU les articles R. 441-13 et suivants du m\u00eame code ;VU l'arr\u00eat\u00e9 pr\u00e9fectoral n\u00b0 69-2024-11-08-00001 en date du 8 novembre 2024 portant nomination des membres dela commission de m\u00e9diation du d\u00e9partement du Rh\u00f4ne et suivants ;VU le courrier du Directeur G\u00e9n\u00e9ral/Fondation ARALIS en date du 22 Septembre 2025 et portant sur \u00ab demandede d\u00e9signation de suppl\u00e9ants - Coll\u00e8ge Organismes de gestion h\u00e9bergement LF-LT ou RHVS \u00bbARR\u00caTE_ Article 1La commission de m\u00e9diation DALO du Rh\u00f4ne est modifi\u00e9e de la mani\u00e8re suivante, conform\u00e9ment autableau annex\u00e9 au pr\u00e9sent arr\u00eat\u00e9 :Coll\u00e8ge 1: Trois repr\u00e9sentants des services d\u00e9concentr\u00e9s de l'\u00c9tatSont nomm\u00e9s membres titulaires :M. Tanguy R\u00e9my (Direction D\u00e9partementale des Territoires)Mme Jos\u00e9phine Pilod (Direction D\u00e9partementale de l'Emploi, du Travail et des Solidarit\u00e9s)M. Beno\u00eet Denis (Direction D\u00e9partementale de l'Emploi, du Travail et des Solidarit\u00e9s)Sont nomm\u00e9s membres suppl\u00e9ants :MM.Benjamin Gu\u00e9tat, Fr\u00e9d\u00e9ric VertMmes Samia Rogai, Marie-Fan\u00e9lie Rousse, Camille Dayraud, Isabelle Legrand, Maud GrareColl\u00e8ge 3 : Un repr\u00e9sentant des organismes \u0153uvrant dans le d\u00e9partement charg\u00e9s de la gestion d'unestructure d'h\u00e9bergement, d'un logement de transition, d'un logement-foyer ou d'une r\u00e9sidence h\u00f4teli\u00e8re\u00e0 vocation sociale :Sont nomm\u00e9s membres suppl\u00e9ants :M. J\u00e9r\u00e9mie SARIAN (Fondation ARALIS)\n69_DDETS_Direction d\u00e9partementale de l'emploi du travail et des solidarit\u00e9s - 69-2025-10-15-00007 - Arr\u00eat\u00e9 portant modification de\nla composition de la COMED DALO 69 7\nMme Emel TOPRAK (Fondation ARALIS)Article 2L'arr\u00eat\u00e9 pr\u00e9fectoral n\u00b0 69-2025-05-06-00009 en date du 14 Mai 2025 portant sur la modification de lacomposition de la COMED 69 est abrog\u00e9.Article 3Les membres titulaires ou suppl\u00e9ants d\u00e9c\u00e9d\u00e9s ou d\u00e9missionnaires sont remplac\u00e9s par de nouveauxmembres nomm\u00e9s selon les m\u00eames modalit\u00e9s, pour la dur\u00e9e du mandat restant \u00e0 courir.La composition de la commission peut \u00eatre modifi\u00e9e pour tenir compte des changements intervenusau sein des instances qui y sont repr\u00e9sent\u00e9es.Article 4Le pr\u00e9sent arr\u00eat\u00e9, qui sera publi\u00e9 au recueil des actes administratifs de la Pr\u00e9fecture du Rh\u00f4ne, peutfaire l'objet d'un recours gracieux aupr\u00e8s de l'autorit\u00e9 signataire de la d\u00e9cision ou \u00eatre contest\u00e9 devantle tribunal administratif de Lyon territorialement comp\u00e9tent, dans un d\u00e9lai de deux mois \u00e0 compter desa notification ou de sa publication.\nArticle 5Le Pr\u00e9fet, Secr\u00e9taire G\u00e9n\u00e9ral, Pr\u00e9fet D\u00e9l\u00e9gu\u00e9 pour l'\u00e9galit\u00e9 des chances, le Directeur D\u00e9partemental del'emploi, du travail et des solidarit\u00e9s du Rh\u00f4ne sont charg\u00e9s de l'ex\u00e9cution du pr\u00e9sent arr\u00eat\u00e9 qui serapubli\u00e9 au recueil des actes administratifs de la pr\u00e9fecture du Rh\u00f4ne.\nLyon, le 45 OCT. 2025Pour la Pr\u00e9f\u00e8te,Le Pr\u00e9fet. Secr\u00e9taire g\u00e9n\u00e9ralPr\u00e9fet d\u00e9l\u00e9gu\u00e9 parait des prosLe -\u2014.\n| Fabrice ROSAY\n69_DDETS_Direction d\u00e9partementale de l'emploi du travail et des solidarit\u00e9s - 69-2025-10-15-00007 - Arr\u00eat\u00e9 portant modification de\nla composition de la COMED DALO 69 8\nAnnexe : Tableau portant composition de la COMERepr\u00e9sentant Structure/OrganismeCollege 1:> Trois repr\u00e9sentants des services d\u00e9concentr\u00e9s de l'\u00c9tatTitulaires Tanguy R\u00e9my Direction D\u00e9partementale des TerritoiresJos\u00e9phine Pilod Direction D\u00e9partementale de l'Emploi, du Travail et desSolidarit\u00e9sBeno\u00eet Denis Direction D\u00e9partementale de l'Emploi, du Travail et desSolidarit\u00e9sSuppl\u00e9ants Samia Rogai, Benjamin Gu\u00e9tat, Marie-Fan\u00e9lie Rousse, Fr\u00e9d\u00e9ric Vert, Camille Dayraud,Isabelle Legrand, Maud Grare (DDI 69)Coll\u00e8ge 2 :> Un repr\u00e9sentant du d\u00e9partement du Rh\u00f4neTitulaire M. Adam BOUREL D\u00e9partement du Rh\u00f4neSuppl\u00e9ant M. Micha\u00ebl VAISSEAU D\u00e9partement du Rh\u00f4ne> Un repr\u00e9sentant des \u00e9tablissements publics de coop\u00e9ration intercommunale qui ont conclu l'accordcollectif intercommunal mentionn\u00e9 \u00e0 l'article L. 441-1-1 |TitulaireMme KarineBOCACCIOZIMERLI-Suppl\u00e9antsMme Virginie TOUITOUMme Aline CONNILLE(M\u00e9tropole de Lyon - Direction g\u00e9n\u00e9rale d\u00e9l\u00e9gu\u00e9e auMme Pauline TELLIERd\u00e9veloppement solidaire, \u00e0 l'habitat et \u00e0 l'\u00e9ducation)Mme Fatima BENAISSAMme Fanny DELAS> Un repr\u00e9sentant des communesTitulaire Mme Sophia POPOFF Adjointe au Maire de LyonSuppl\u00e9ants Mme Marie ALCOVER Adjointe au Maire de LyonM. Maurice SADOT \u2014 . Conseiller municipal de TarareM. Alain SERVAN Conseiller municipal de TarareColl\u00e8ge 3:> Un repr\u00e9sentant des organismes d'habitation \u00e0 loyer mod\u00e9r\u00e9 ou des soci\u00e9t\u00e9s d'\u00e9conomie mixteagr\u00e9\u00e9es en application de l'article L. 481-1 oeuvrant dans le d\u00e9partementTitulaireMme Nathalie DERHEAlliade HabitatSuppl\u00e9antsMme Samira MRAIHIGrand Lyon HabitatMme Nathalie BOURRETLyon M\u00e9tropole HabitatM. Lilian DUDONSACVL> Un repr\u00e9sentant des organismes \u0153uvrant dans le d\u00e9partement intervenant pour le logement despersonnes d\u00e9favoris\u00e9es dans le parc priv\u00e9 et agr\u00e9\u00e9s au titre des activit\u00e9s de ma\u00eetrise d'ouvragementionn\u00e9es \u00e0 l'article L. 365-2 ou des activit\u00e9s d'interm\u00e9diation locative et de gestion locative socialementionn\u00e9es \u00e0 L. 365-4Mme Awatif HIROUMme Malika BENZINEBUn repr\u00e9sentant des organismes \u0153uvrant dans le d\u00e9partement charg\u00e9s de la gestion d'une structured'h\u00e9bergement, d'un logement de transition, d'un logement-foyer ou d'une r\u00e9sidence h\u00f4teli\u00e8re \u00e0vocation sociale:\nTitulaire Habitat et HumanismeSuppl\u00e9ants Forum R\u00e9fugi\u00e9s\n69_DDETS_Direction d\u00e9partementale de l'emploi du travail et des solidarit\u00e9s - 69-2025-10-15-00007 - Arr\u00eat\u00e9 portant modification de\nla composition de la COMED DALO 69 9\nTitulaire Mme Marine ETIENNE Foyer Notre-Dame Des Sans-AbrisSuppl\u00e9ant Mme Lauren HAZELL Fondation ARALIS \u2014M. J\u00e9r\u00e9mie SARIAN Fondation ARALISMme Emel TOPRAK Fondation ARALISColl\u00e8ge 4:> Un repr\u00e9sentant d'une association de locataires \u0153uvrant dans le d\u00e9partement affili\u00e9e \u00e0 uneorganisation si\u00e9geant \u00e0 la commission nationale de concertation mentionn\u00e9e \u00e0 l'article 41 de la loi n\u00b0 86-1290 du 23 d\u00e9cembre 1986 :TitulaireM. Jacques MASSEConf\u00e9d\u00e9ration Syndicale des FamillesSuppl\u00e9antsMme Myrose GRANDUnion D\u00e9partementale des Associations FamilialesM. Boualem CHABOUNEUnion D\u00e9partementale des Associations FamilialesM. Jean-Pierre OTTAVIANIConf\u00e9d\u00e9ration Syndicale des Familles> Deux repr\u00e9sentants des associations et organisations \u0153uvrant dans le d\u00e9partement dont l'un desobjets est l'insertion ou le logement des personnes d\u00e9favoris\u00e9es :[TitulairesMme Samira IBRAHIMIAssociation FCLLAJMme Marie-Claire GERLANDAssociation Villeurbannaise pour le Droit au Logement -AVDLSuppl\u00e9antsMme Ma\u00eflys PROUZETCollectif Logement Rh\u00f4neM. Jean-Paul BOURGESAntenne LogementMme Magalie CANARDALYNEAMme Coralie ROZEAssociation Action pour l'insertion par le logement - AlpilColl\u00e8ge 5 :> Deux repr\u00e9sentants des associations de d\u00e9fense des personnes en situation d'exclusion \u0153uvrantdans le d\u00e9partementTitulaires Mme Delphine GUILLAUME |France HorizonMme Isabelle CHAFFANEL Association le MasSuppl\u00e9ant Mme Pauline FERRAIS Fondation Arm\u00e9e du SalutMme Maud RIMO Entraide Protestante> Un repr\u00e9sentant d\u00e9sign\u00e9 par les instances de concertation mentionn\u00e9es \u00e0 l'article L. 115-2-1 du Codede l'Action Sociale et des Familles :TitulaireNon d\u00e9sign\u00e9 \u00e0 ce jourSuppl\u00e9antNon d\u00e9sign\u00e9 \u00e0 ce jourUne personnalit\u00e9 qualifi\u00e9e qui assure la pr\u00e9sidence et qui dispose d'une voix pr\u00e9pond\u00e9rante en cas departage \u00e9gal des voix> Mme Florence BERUTA titre consultatif, un repr\u00e9sentant de la personne morale g\u00e9rant le service int\u00e9gr\u00e9 d'accueil etd'orientation dans le d\u00e9partement pouvant assister la commission \u00e0 titre consultatif.\n69_DDETS_Direction d\u00e9partementale de l'emploi du travail et des solidarit\u00e9s - 69-2025-10-15-00007 - Arr\u00eat\u00e9 portant modification de\nla composition de la COMED DALO 69 10\n69_DDT_Direction d\u00e9partementale des\nterritoires du Rh\u00f4ne\n69-2025-10-21-00003\nAP Fonds-urgence-pension-DNC signe\n69_DDT_Direction d\u00e9partementale des territoires du Rh\u00f4ne - 69-2025-10-21-00003 - AP Fonds-urgence-pension-DNC signe 11\neaPREFETEDU RHONELibert\u00e9Egalit\u00e9Fraternit\u00e9\nDirection d\u00e9partementale\ndes territoires\nArr\u00eat\u00e9 pr\u00e9fectoral n\u00b0 DDT - SEA_20251021017 du 21 octobre 2025 relatif aux modalit\u00e9s de mise en\n\u0153uvre du fonds d'urgence visant \u00e0 soutenir la prise en pension de bovins retenus en zone r\u00e9glement\u00e9e\napr\u00e8s leur retour d'estive au titre de lutte contre la dermatose nodulaire contagieuse\nLa Pr\u00e9f\u00e8te de la R\u00e9gion Auvergne-Rh\u00f4ne-Alpes,\nPr\u00e9f\u00e8te de la Zone de d\u00e9fense et de s\u00e9curit\u00e9 sud-est,\nPr\u00e9f\u00e8te du Rh\u00f4ne,\nCommandeur de la L\u00e9gion d'honneur,\nCommandeur de l'ordre national du M\u00e9rite,\nVU le r\u00e8glement (UE) n\u00b01408/2013 de la Commission du 18 d\u00e9cembre 2013 relatif \u00e0 l'application des\narticles 107 et 108 du trait\u00e9 sur le fonctionnement de l'Union europ\u00e9enne aux aides de minimis dans le\nsecteur de l'agriculture, modifi\u00e9 par le r\u00e8glement (UE) 2024/3118 de la Commission du 10 d\u00e9cembre\n2024, dit \u00ab r\u00e8glement de minimis agricole \u00bb,\nVU la loi organique n\u00b02001-692 du 1er ao\u00fbt 2001 relative aux lois de finances,\nVU le d\u00e9cret n\u00b0 2004-374 du 29 avril 2004 modifi\u00e9, relatif aux pouvoirs des pr\u00e9fets et \u00e0 l'action des\nservices et organismes publics de l'\u00c9tat dans les r\u00e9gions et d\u00e9partements,\nVU le d\u00e9cret n\u00b0 2012-1246 du 7 novembre 2012 modifi\u00e9, relatif \u00e0 la gestion budg\u00e9taire et comptable\npublique,\nVU le d\u00e9cret du 11 janvier 2023 en conseil des ministres portant nomination de Mme Fabienne BUCCIO\nen qualit\u00e9 de pr\u00e9f\u00e8te de la r\u00e9gion Auvergne-Rh\u00f4ne-Alpes, pr\u00e9f\u00e8te de la zone de d\u00e9fense et de s\u00e9curit\u00e9\nSud-Est, pr\u00e9f\u00e8te du Rh\u00f4ne (hors) classe,\nVU l'instruction technique DGPE/SDC/2020-616 du 7 octobre 2020 relative \u00e0 la mise en \u0153uvre des aides\nde minimis appliqu\u00e9es au secteur agricole et forestier,\nVU l'instruction du Gouvernement CAB/BCAB/2025-607 du 30 septembre 2025 relative \u00e0 la mise en\n\u0153uvre  d'un  \u00ab fonds  d'urgence \u00bb  visant  \u00e0  soutenir  la  prise  en  pension  de  bovins  retenus  en  zone\nr\u00e9glement\u00e9e apr\u00e8s leur retour d'estive au titre de la lutte contre la dermatose nodulaire contagieuse,\nVU le courrier de la Ministre de l'Agriculture et de la Souverainet\u00e9 alimentaire aux Pr\u00e9fets de R\u00e9gion et\naux Pr\u00e9fets de d\u00e9partement en date du 30 septembre 2025 mettant en \u0153uvre un \u00ab fonds d'urgence \u00bb\nvisant \u00e0 soutenir la prise en pension de bovins retenus en zone r\u00e9glement\u00e9e apr\u00e8s leur retour d'estive au\ntitre de la lutte contre la dermatose nodulaire contagieuse,\nVU l'instruction technique DGAL/SDSBEA/2025-525 du 14 ao\u00fbt 2025 modifi\u00e9e relative aux conditions\nde mouvement au niveau national et au sein de l'Union europ\u00e9enne des bovins dans un contexte de\ndermatose nodulaire contagieuse (DNC), de leurs produits germinaux et du lisier,\n1/5\n69_DDT_Direction d\u00e9partementale des territoires du Rh\u00f4ne - 69-2025-10-21-00003 - AP Fonds-urgence-pension-DNC signe 12\nVU l'arr\u00eat\u00e9 pr\u00e9fectoral de la Pr\u00e9f\u00e8te du Rh\u00f4ne n\u00b0PSA-DNC-2025-155 du 20 octobre 2025 d\u00e9terminant\nune zone r\u00e9glement\u00e9e suite \u00e0 un foyer de dermatose nodulaire contagieuse bovine (DNCB) dans le\nRh\u00f4ne,\nVU l'arr\u00eat\u00e9 pr\u00e9fectoral de la Pr\u00e9f\u00e8te du Rh\u00f4ne n\u00b0PSA-DNC-2025-156 du 20 octobre 2025 d\u00e9terminant\nune zone r\u00e9glement\u00e9e suite \u00e0 un foyer de dermatose nodulaire contagieuse bovine (DNCB) dans l'Ain,\nVU l'arr\u00eat\u00e9 pr\u00e9fectoral n\u00b069-2025-09-08-00008 du 8 septembre 2025 portant d\u00e9l\u00e9gation de signature \u00e0\nM. Xavier CEREZA, directeur d\u00e9partemental des territoires du Rh\u00f4ne, \nVU l'arr\u00eat\u00e9 pr\u00e9fectoral n\u00b069-2025-09-08-00009 du 8 septembre 2025 portant d\u00e9l\u00e9gation de signature \u00e0\nM. Xavier CEREZA, directeur d\u00e9partemental des territoires du Rh\u00f4ne en mati\u00e8re d'ordonnancement\nsecondaire et de march\u00e9s publics, \nSur proposition du directeur d\u00e9partemental des territoires du Rh\u00f4ne\nARR\u00caTE\nArticle     1  \u00a0: Objet\nLe premier foyer de dermatose nodulaire contagieuse (DNC) a \u00e9t\u00e9 d\u00e9clar\u00e9 en France le 29 juin dans le\nd\u00e9partement de Savoie. \u00c0 la date du 15 octobre 2025, 86 foyers de DNC ont \u00e9t\u00e9 recens\u00e9s en France\ndans six d\u00e9partements (Savoie, Haute-Savoie, Ain, Rh\u00f4ne, Jura et Pyr\u00e9n\u00e9es-orientales).\nConform\u00e9ment \u00e0 la r\u00e9glementation europ\u00e9enne, des mesures sanitaires ont \u00e9t\u00e9 prises afin d'\u00e9radiquer\ncette maladie class\u00e9e en cat\u00e9gorie ADE, c'est-\u00e0-dire soumise \u00e0 \u00e9radication obligatoire, \u00e0 restriction de\nmouvements entre \u00c9tats membres et \u00e0 surveillance. En particulier, les \u00e9levages foyers sont d\u00e9peupl\u00e9s en\ntotalit\u00e9 et une zone r\u00e9glement\u00e9e (ZR) d'un rayon de 50  km est mise en place autour de chaque foyer,\ninstaurant des mesures de pr\u00e9vention par renforcement de la surveillance v\u00e9t\u00e9rinaire, ainsi que des\nrestrictions  notamment  sur  les  d\u00e9placements  des  bovins.  Cinq  ZR  ont  \u00e9t\u00e9  d\u00e9finies  dont   trois\nconcernent la r\u00e9gion Auvergne-Rh\u00f4ne-Alpes :\n-la ZR1 s'\u00e9tend \u00e0 l'Est, sur les d\u00e9partements de Savoie (73), de Haute-Savoie (74), de l'Is\u00e8re (38) de l'Ain\n(01) et du Jura (39), \n-la ZR2 s'\u00e9tend \u00e0 l'Ouest, sur les d\u00e9partements de l'Is\u00e8re (38), de l'Ain (01), du Rh\u00f4ne (69) et de la Loire\n(42),\n--la ZR5 s'\u00e9tend entre les 2 autres zones, sur les d\u00e9partements de l'Ain (01), du Rh\u00f4ne (69), de l'Is\u00e8re (38),\ndu Jura (39) et de la Sa\u00f4ne-et-Loire (71).\nDans les zones r\u00e9glement\u00e9es (ZR) qui ont \u00e9t\u00e9 arr\u00eat\u00e9es, les mouvements des bovins sont fortement\nrestreints : tous les mouvements \u00e0 des fins d'\u00e9levage et d'engraissement \u00e0 partir ou \u00e0 destination de la\nZR pour \u00e9levage sont, notamment, interdits, sauf rares d\u00e9rogations sous conditions de la zone indemne\n(ZI) vers la ZR. Avec l'avanc\u00e9e de la saison et l'arriv\u00e9e de l'automne, des bovins situ\u00e9s dans des estives\nde la ZR doivent retourner dans leurs sites principaux d'\u00e9levage, parfois situ\u00e9s en dehors de la ZR, en\nzone indemne (ZI). Dans ce cas, l'interdiction de quitter la ZR et le maintien des animaux en estive pose\ndes difficult\u00e9s en termes notamment de conduite d'\u00e9levage et de respect du bien-\u00eatre animal (froid,\nalimentation insuffisante, vaches ou g\u00e9nisses devant v\u00ealer, risque de pr\u00e9dation des veaux nouveau-n\u00e9s,\netc.) et de conditions de travail des \u00e9leveurs (traite, v\u00ealage en conditions d\u00e9grad\u00e9es, etc.). Des solutions\nsont ainsi recherch\u00e9es pour que les animaux puissent \u00eatre accueillis en pension dans des \u00e9levages situ\u00e9s\nen plaine et dans l'une des ZR, le temps que les restrictions de mouvement soient lev\u00e9es. Il est rappel\u00e9\ncependant que les animaux ne peuvent \u00eatre pris en pension qu'au sein de la m\u00eame zone r\u00e9glement\u00e9e  :\nles mouvements d'une zone vers l'autre sont interdits.\nAussi, afin d'inciter les \u00e9leveurs de la ZR \u00e0 prendre en pension ces animaux, un fonds d'urgence dot\u00e9\nd'un maximum de 400 000 \u20ac est mis en place.\nLe pr\u00e9sent arr\u00eat\u00e9 a pour objet de fixer les modalit\u00e9s de mise en \u0153uvre de ce fonds d'urgence visant \u00e0\nsoutenir la prise en pension de bovins retenus en zone r\u00e9glement\u00e9e apr\u00e8s leur retour d'estive au titre de\nla lutte contre la dermatose nodulaire contagieuse dans le d\u00e9partement du Rh\u00f4ne. Ces modalit\u00e9s sont\n2/5\n69_DDT_Direction d\u00e9partementale des territoires du Rh\u00f4ne - 69-2025-10-21-00003 - AP Fonds-urgence-pension-DNC signe 13\ncommunes aux autres d\u00e9partements de la r\u00e9gion Auvergne-Rh\u00f4ne-Alpes ainsi qu'aux d\u00e9partements de\nla r\u00e9gion Bourgogne-Franche-Comt\u00e9.\nArticle     2  \u00a0: Enveloppe financi\u00e8re et d\u00e9termination du montant de l'aide\nL'enveloppe maximale disponible pour ce dispositif d'urgence est de 400 000 \u20ac.\nL'indemnisation  est  d\u00e9termin\u00e9e  sur  la  base  d'un  forfait  journalier  appliqu\u00e9  au  nombre  de  bovins\naccueillis issus des estives de la ZR et ne pouvant retourner dans leur site principal d'\u00e9levage, sur une\np\u00e9riode d\u00e9butant, au plus t\u00f4t, le 22 septembre 2025 et finissant, au plus tard, lors de la lev\u00e9e des\nrestrictions  ou interdictions  de mouvements.  Cette p\u00e9riode ne pourra  en  tout  \u00e9tat  de cause  pas\nd\u00e9passer une dur\u00e9e maximale de 45 jours. \nLe montant de l'aide pour une demande donn\u00e9e est le r\u00e9sultat du produit entre le montant du forfait\njournalier par bovin, d'un montant maximal de 2  euros par jour, la dur\u00e9e de la p\u00e9riode de pension\ndurant la p\u00e9riode de restrictions en nombre de jours (dans la limite de 45 jours), et le nombre de bovins\naccueillis sur l'exploitation et issus des estives de la ZR, et ne pouvant retourner dans l'exploitation de\nleur propri\u00e9taire. \u00c0 ce montant d'aide un \u00e9ventuel stabilisateur budg\u00e9taire devra \u00eatre appliqu\u00e9 en cas\nde d\u00e9passement de l'enveloppe totale pr\u00e9vue pour ce dispositif.\nL'aide sera vers\u00e9e dans le cadre du r\u00e8glement de minimis agricole, pr\u00e9voyant notamment que le cumul\ndes aides accord\u00e9es ne doit pas exc\u00e9der un plafond de 50 000 \u20ac sur une p\u00e9riode de trois ans.\nArticle     3  \u00a0: Crit\u00e8res d'\u00e9ligibilit\u00e9\nCette  aide  s'adresse  aux  exploitations  d'\u00e9levage  situ\u00e9es  en  zone  r\u00e9glement\u00e9e  (ZR)  y  compris  les\nexploitations des \u00e9tablissements de l'enseignement agricole public et priv\u00e9, qui prennent en pension\ndes bovins issus des estives de la m\u00eame ZR mais dont les sites principaux d'\u00e9levage sont situ\u00e9s en zone\nindemne (ZI) ou dans une autre ZR que la ZR de pension.\nSeuls les bovins de plus de 6  mois \u00e0 la date de leur entr\u00e9e dans l'exploitation d'accueil sont \u00e9ligibles \u00e0\nl'aide.\nPourront b\u00e9n\u00e9ficier de la mesure, les exploitants agricoles \u00e0 titre principal, les groupements agricoles\nd'exploitation en commun (GAEC) avec application de la transparence GAEC, les exploitations agricoles\n\u00e0 responsabilit\u00e9 limit\u00e9e (EARL), les autres personnes morales ayant pour objet l'exploitation agricole et\ndont  au moins  50 % du capital  est  d\u00e9tenu  par  des exploitations \u00e0 titre principal  (directement  ou\nindirectement). \nLes entreprises faisant l'objet d'une proc\u00e9dure de sauvegarde ou de redressement judiciaire doivent\ndisposer d'un plan arr\u00eat\u00e9 par le tribunal de Commerce au moment du paiement pour b\u00e9n\u00e9ficier de la\nmesure d'aide. Les entreprises concern\u00e9es par une proc\u00e9dure de liquidation judiciaire sont exclues de la\nmesure d'aide, que la proc\u00e9dure de liquidation soit connue au moment du d\u00e9p\u00f4t du dossier ou qu'elle\nintervienne apr\u00e8s celui-ci (lors des phases d'instruction et de contr\u00f4les administratifs). \nSeules les exploitations ayant leur si\u00e8ge social dans le d\u00e9partement du Rh\u00f4ne sont \u00e9ligibles.\nArticle     4  \u00a0: Gestion administrative de la mesure\nLa  demande  d'aide  doit  \u00eatre  d\u00e9pos\u00e9e  via  la  plateforme  \u00ab D\u00e9marches  simplifi\u00e9es \u00bb  ouverte  par  la\nDirection d\u00e9partementale des territoires du si\u00e8ge de l'exploitation, la DDT du Rh\u00f4ne, accompagn\u00e9e des\npi\u00e8ces justificatives n\u00e9cessaires, \u00e0 l'adresse suivante : \nhttps://www.demarches-simplifiees.fr/commencer/ddt69-fonds-d-urgence-de-soutien-a-la-prise-en-pen\nUn seul dossier par num\u00e9ro SIRET doit \u00eatre d\u00e9pos\u00e9.\n3/5\n69_DDT_Direction d\u00e9partementale des territoires du Rh\u00f4ne - 69-2025-10-21-00003 - AP Fonds-urgence-pension-DNC signe 14\nLa demande d'aide doit \u00eatre d\u00e9pos\u00e9e au plus tard le 10 novembre 2025 \u00e0 23h59. Dans le cas o\u00f9 le\ndossier transmis s'av\u00e8re incomplet, les \u00e9l\u00e9ments manquants doivent \u00eatre communiqu\u00e9s avant cette\nm\u00eame date, sous peine de rejet.\nLa DDT du Rh\u00f4ne r\u00e9alise l'instruction des dossiers des exploitations dont le si\u00e8ge est situ\u00e9 dans son\nd\u00e9partement. Elle pourra demander toute pi\u00e8ce compl\u00e9mentaire qu'elle juge utile au contr\u00f4le et \u00e0 la\ncompr\u00e9hension du dossier, en fixant un d\u00e9lai de r\u00e9ponse au-del\u00e0 duquel le dossier pourra \u00eatre rejet\u00e9.\nApr\u00e8s instruction, la DDT du Rh\u00f4ne transmet \u00e0 la DRAAF Auvergne-Rh\u00f4ne-Alpes qui d\u00e9termine les\nenveloppes d\u00e9partementales.\nLa DDT du Rh\u00f4ne proc\u00e8de \u00e0 l'engagement et au paiement des dossiers retenus dans son d\u00e9partement.\nUne fois  le paiement  r\u00e9alis\u00e9,  la DDT  adresse \u00e0 chaque b\u00e9n\u00e9ficiaire un courrier  de notification du\npaiement. Elle est responsable de la l\u00e9galit\u00e9 et de la r\u00e9gularit\u00e9 de la mise en \u0153uvre des d\u00e9penses.\nArticle     5  \u00a0: Contr\u00f4les\nDes contr\u00f4les administratifs et physiques pourront \u00eatre diligent\u00e9s par les services comp\u00e9tents, et un\ncontr\u00f4le  approfondi  des  informations  communiqu\u00e9es  pourra  \u00eatre  r\u00e9alis\u00e9  par  les  administrations\ncomp\u00e9tentes apr\u00e8s paiement.\n\u00c0 cette fin, le b\u00e9n\u00e9ficiaire doit tenir \u00e0 la disposition des administrations comp\u00e9tentes l'ensemble des\ndocuments permettant  de justifier le versement de l'aide jusqu'\u00e0 la fin de la dixi\u00e8me ann\u00e9e civile\nsuivant celle du versement de l'aide demand\u00e9e au titre du pr\u00e9sent dispositif.\nCes contr\u00f4les peuvent aboutir \u00e0 remettre en cause l'\u00e9ligibilit\u00e9 \u00e0 l'aide et entra\u00eener l'application de\nr\u00e9duction du montant de l'aide et/ou de sanctions.\n4/5\n69_DDT_Direction d\u00e9partementale des territoires du Rh\u00f4ne - 69-2025-10-21-00003 - AP Fonds-urgence-pension-DNC signe 15\nArticle     6  \u00a0: Remboursement de l'aide ind\u00fbment per\u00e7ue et sanctions\nEn cas d'irr\u00e9gularit\u00e9 d\u00e9tect\u00e9e apr\u00e8s paiement, il est demand\u00e9 au b\u00e9n\u00e9ficiaire le reversement de tout ou\npartie de l'aide attribu\u00e9e.\nSi l'irr\u00e9gularit\u00e9 est relev\u00e9e avant paiement, l'aide sollicit\u00e9e pourra ne pas \u00eatre vers\u00e9e.\nEn cas  de  fourniture intentionnelle  de  donn\u00e9es  fausses  ou de documents  falsifi\u00e9s  avant  ou  apr\u00e8s\npaiement, une sanction administrative est appliqu\u00e9e.\nElle correspond \u00e0 20  % du montant de l'aide ind\u00fbment pay\u00e9e ou qui aurait \u00e9t\u00e9 pay\u00e9e si l'irr\u00e9gularit\u00e9\nintentionnelle n'avait pas \u00e9t\u00e9 d\u00e9tect\u00e9e.\nArticle     7  \u00a0: Entr\u00e9e en vigueur\nLe pr\u00e9sent arr\u00eat\u00e9 entrera en vigueur le lendemain de sa publication au recueil des actes administratifs\nde la pr\u00e9fecture du Rh\u00f4ne.\nArticle     8  \u00a0: Ex\u00e9cution\nLe  pr\u00e9fet,  secr\u00e9taire  g\u00e9n\u00e9ral  de  la  pr\u00e9fecture,  pr\u00e9fet  pour  l'\u00e9galit\u00e9  des  chances  et  le  directeur\nd\u00e9partemental des territoires sont charg\u00e9s, chacun en ce qui le concerne, de l'ex\u00e9cution du pr\u00e9sent\narr\u00eat\u00e9 qui sera publi\u00e9 au recueil des actes administratifs de la pr\u00e9fecture du Rh\u00f4ne.\nLyon, le 21 octobre 2025\nPour la Pr\u00e9f\u00e8te et par d\u00e9l\u00e9gation,\nle directeur d\u00e9partemental des territoires\nsign\u00e9\nXavier CEREZA\nD\u00e9lais et voies de recours :\nConform\u00e9ment \u00e0 l'article R.421-1 du code de justice administrative, la pr\u00e9sente d\u00e9cision peut faire l'objet\nd'un recours contentieux, dans le d\u00e9lai de deux mois \u00e0 compter de sa notification, devant le tribunal\nadministratif de Lyon (184, rue Duguesclin \u2013 69 433 Lyon Cedex 03, ou sur l'application www.telerecours.fr).\nElle peut \u00e9galement faire l'objet d'un recours gracieux aupr\u00e8s de Madame la Pr\u00e9f\u00e8te du Rh\u00f4ne. Cette\nd\u00e9marche interrompt le d\u00e9lai de recours contentieux, ce dernier devant \u00eatre introduit dans le d\u00e9lai de\ndeux  mois  suivant  une  d\u00e9cision  implicite  ou  explicite  de  l'autorit\u00e9  comp\u00e9tente  (le  silence  de\nl'administration pendant un d\u00e9lai de deux mois valant d\u00e9cision implicite de rejet).\n5/5\n69_DDT_Direction d\u00e9partementale des territoires du Rh\u00f4ne - 69-2025-10-21-00003 - AP Fonds-urgence-pension-DNC signe 16\n69_DDT_Direction d\u00e9partementale des\nterritoires du Rh\u00f4ne\n69-2025-10-17-00008\nDirection d\u00e9partementale\ndes territoires\nArr\u00eat\u00e9 pr\u00e9fectoral n\u00b0\nDDT_SENR_2025_10_17_E157 du 17 octobre\n2025 relatif \u00e0\nla composition de la commission locale de l'eau\n(CLE)\ndu sch\u00e9ma d'am\u00e9nagement et de gestion des\neaux (SAGE) Garon-Yzeron\n69_DDT_Direction d\u00e9partementale des territoires du Rh\u00f4ne - 69-2025-10-17-00008 - Direction d\u00e9partementale\ndes territoires\nArr\u00eat\u00e9 pr\u00e9fectoral n\u00b0 DDT_SENR_2025_10_17_E157 du 17 octobre 2025 relatif \u00e0\nla composition de la commission locale de l'eau (CLE)\ndu sch\u00e9ma d'am\u00e9nagement et de gestion des eaux (SAGE) Garon-Yzeron\n17\nesPREFETEDU RHONELibert\u00e9Egalit\u00e9Fraternit\u00e9\nDirection d\u00e9partementale\ndes territoires\nArr\u00eat\u00e9 pr\u00e9fectoral n\u00b0 DDT_SENR_2025_10_17_E157 du 17 octobre 2025 relatif \u00e0\nla composition de la commission locale de l'eau (CLE) \ndu sch\u00e9ma d'am\u00e9nagement et de gestion des eaux (SAGE) Garon-Yzeron \nLa Pr\u00e9f\u00e8te de la R\u00e9gion Auvergne-Rh\u00f4ne-Alpes,\nPr\u00e9f\u00e8te de la Zone de d\u00e9fense et de s\u00e9curit\u00e9 Sud-Est,\nPr\u00e9f\u00e8te du Rh\u00f4ne,\nCommandeur de la L\u00e9gion d'honneur,\nCommandeur de l'ordre national du M\u00e9rite,\nVU le code de l'environnement et, notamment ses articles relatifs aux Sch\u00e9mas d'Am\u00e9nagement et de  \nGestion des Eaux (SAGE), L. 212-3 \u00e0 L. 212-11 ainsi que R. 212-26 et suivants,\nVU le d\u00e9cret n\u00b0 2004-374 du 29 avril 2004 modifi\u00e9 relatif aux pouvoirs du pr\u00e9fet, \u00e0 l'organisation et \u00e0  \nl'action des services de l'\u00c9tat dans les r\u00e9gions et les d\u00e9partements,\nVU le d\u00e9cret du 11 janvier 2023 en conseil des ministres portant nomination de  Mme Fabienne BUCCIO \nen  qualit\u00e9  de  pr\u00e9f\u00e8te  de  la  r\u00e9gion  Auvergne-Rh\u00f4ne-Alpes,  pr\u00e9f\u00e8te  de  la\nzone de d\u00e9fense et de s\u00e9curit\u00e9 Sud-Est, pr\u00e9f\u00e8te du Rh\u00f4ne (hors classe),\nVU le d\u00e9cret du 15 mai 2025 portant nomination de M. Fabrice ROSAY en qualit\u00e9 de pr\u00e9fet, secr\u00e9taire  \ng\u00e9n\u00e9ral de la pr\u00e9fecture du Rh\u00f4ne, pr\u00e9fet d\u00e9l\u00e9gu\u00e9 pour l'\u00e9galit\u00e9 des chances aupr\u00e8s de la pr\u00e9f\u00e8te de la  \nr\u00e9gion Auvergne-Rh\u00f4ne-Alpes, pr\u00e9f\u00e8te de la zone de d\u00e9fense et de s\u00e9curit\u00e9 Sud-Est,\nVU le d\u00e9cret n\u00b0 2018-847 du 4 octobre 2018 relatif aux sch\u00e9mas directeurs d'am\u00e9nagement et de  \ngestion des eaux et aux sch\u00e9mas d'am\u00e9nagement et de gestion des eaux\nVU l'arr\u00eat\u00e9 n\u00b0 2022-79 du 3 avril 2022 du Pr\u00e9fet de r\u00e9gion Auvergne-Rh\u00f4ne-Alpes, Pr\u00e9fet du Rh\u00f4ne,  \nPr\u00e9fet  coordonnateur  du  bassin  Rh\u00f4ne-M\u00e9diterran\u00e9e,  approuvant  le  Sch\u00e9ma  Directeur  \nd'Am\u00e9nagement  et  de  Gestion  des  Eaux  (SDAGE)  du  bassin  Rh\u00f4ne-M\u00e9diterran\u00e9e  et  arr\u00eatant  le \nprogramme pluriannuel de mesures correspondant,\nVU l'arr\u00eat\u00e9 pr\u00e9fectoral n\u00b0 DDT-SENR-2025-E31 du 21 mars 2025 portant d\u00e9limitation de p\u00e9rim\u00e8tre du  \nSAGE Garon-Yzeron,\nVU l'arr\u00eat\u00e9  pr\u00e9fectoral  n\u00b0  69-2025-06-16-00003  du  16  juin  2025  portant  d\u00e9l\u00e9gation  de  signature  \u00e0 \nM. Fabrice ROSAY, pr\u00e9fet, secr\u00e9taire g\u00e9n\u00e9ral de la pr\u00e9fecture du Rh\u00f4ne, pr\u00e9fet d\u00e9l\u00e9gu\u00e9 pour l'\u00e9galit\u00e9  \ndes chances aupr\u00e8s de la pr\u00e9f\u00e8te de la r\u00e9gion Auvergne-Rh\u00f4ne-Alpes, pr\u00e9f\u00e8te de la zone de d\u00e9fense et  \nde s\u00e9curit\u00e9 Sud-Est, pr\u00e9f\u00e8te du Rh\u00f4ne,\nVU les consultations faites aupr\u00e8s des organismes susceptibles de participer \u00e0 la commission locale de  \nl'eau (CLE) du sch\u00e9ma d'am\u00e9nagement et de gestion des eaux (SAGE) Garon-Yzeron,\nVU les d\u00e9signations des associations des maires et des pr\u00e9sidents d'intercommunalit\u00e9s du Rh\u00f4ne et de  \nla M\u00e9tropole de Lyon et des autres des organismes sollicit\u00e9s,\n69_DDT_Direction d\u00e9partementale des territoires du Rh\u00f4ne - 69-2025-10-17-00008 - Direction d\u00e9partementale\ndes territoires\nArr\u00eat\u00e9 pr\u00e9fectoral n\u00b0 DDT_SENR_2025_10_17_E157 du 17 octobre 2025 relatif \u00e0\nla composition de la commission locale de l'eau (CLE)\ndu sch\u00e9ma d'am\u00e9nagement et de gestion des eaux (SAGE) Garon-Yzeron\n18\nCONSID\u00c9RANT que sur le fondement de l'article R. 212-29 du code de l'environnement, il appartient  \nau  pr\u00e9fet  responsable  de  la  proc\u00e9dure  d'\u00e9laboration  du  SAGE  d'arr\u00eater  la  composition  de  la \ncommission locale de l'eau,\nSur proposition du directeur d\u00e9partemental des territoires du Rh\u00f4ne,\nARR\u00caTE\nArticle     1   : Objet.\nLa commission locale de l'eau (CLE) du sch\u00e9ma d'am\u00e9nagement et de gestion des eaux (SAGE) Garon-\nYzeron est cr\u00e9\u00e9e. Elle est constitu\u00e9e de 49 membres r\u00e9partis en 3 coll\u00e8ges :\n- Coll\u00e8ge n\u00b01 : repr\u00e9sentants des collectivit\u00e9s territoriales et des \u00e9tablissements publics locaux\n(25 membres),\n- Coll\u00e8ge n\u00b02 : des repr\u00e9sentants des usagers, des organisations professionnelles et des associations  \n(16 membres),\n- Coll\u00e8ge n\u00b03 : coll\u00e8ge des repr\u00e9sentants de l'\u00c9tat et de ses \u00e9tablissements publics (8 membres).\nArticle     2   : Composition.\nLa commission locale de l'eau (CLE) du sch\u00e9ma d'am\u00e9nagement et de gestion des eaux (SAGE) Garon-\nYzeron est compos\u00e9e de trois coll\u00e8ges constitu\u00e9s comme suit : \nI. Coll\u00e8ge des   repr\u00e9sentants des collectivit\u00e9s territoriales et des \u00e9tablissements publics   :\n- Repr\u00e9sentants  propos\u00e9s  par  l'association  d\u00e9partementale  des  maires  et  des  pr\u00e9sidents \nd'intercommunalit\u00e9s du Rh\u00f4ne et de la M\u00e9tropole de Lyon :\n- Mme Agn\u00e8s NELIAS, Commune d'Yzeron,\n- M. Claude CLARON, Commune de Thurins,\n- M. Jean-Fran\u00e7ois PERRAUD, Commune de Chaponost,\n- M. Daniel AUDIFFREN, Commune de Francheville, \n- M. Cyril MATHEY, Commune de Givors,\n- M. J\u00e9r\u00e9my CAMUS, M\u00e9tropole de Lyon,\n- M. Arnaud SAVOIE, Communaut\u00e9 de Communes du Pays Mornantais ,\n- M. Jean-Claude JAUNEAU, Communaut\u00e9 de Communes des Vallons du Lyonnais,\n- Mme Fran\u00e7oise GAUQUELIN, Communaut\u00e9 de Communes de la Vall\u00e9e du Garon,\n- M. Pierre-Jean ZANNETTACCI,  Communaut\u00e9 de Communes du Pays de l'Arbresle, \n- M. R\u00e9gis CHAMBE,  Communaut\u00e9 de Communes Monts du Lyonnais,\n- M. Morgan GRIFFOND, Syndicat Ouest Lyonnais (SOL), \n- Mme  Claire  BROSSAUD ,  syndicat  mixte  d'Etudes  et  de  Programmation  de \nl'Agglom\u00e9ration Lyonnaise (SEPAL),\n- Collectivit  \u00e9s supra-territoriales   :\n- Mme Maryl\u00e8ne MILLET, Conseil R\u00e9gional Auvergne-Rh\u00f4ne-Alpes,\n- Mme H\u00e9l\u00e8ne DUVIVIER, M\u00e9tropole de Lyon,\n- M. Daniel JULLIEN, Conseil D\u00e9partemental du Rh\u00f4ne.\n69_DDT_Direction d\u00e9partementale des territoires du Rh\u00f4ne - 69-2025-10-17-00008 - Direction d\u00e9partementale\ndes territoires\nArr\u00eat\u00e9 pr\u00e9fectoral n\u00b0 DDT_SENR_2025_10_17_E157 du 17 octobre 2025 relatif \u00e0\nla composition de la commission locale de l'eau (CLE)\ndu sch\u00e9ma d'am\u00e9nagement et de gestion des eaux (SAGE) Garon-Yzeron\n19\n- Collectivit\u00e9s gestionnaires publiques de l'eau :\n- M.  Jean-Charles  KOHLHAAS,  Syndicat  Mixte  d'Am\u00e9nagement  et  de  Gestion  de \nl'Yzeron, du Ratier et du Charbonni\u00e8res (SAGYRC),\n- M. Serge B\u00c9RARD,  Syndicat de Mise en valeur, d'Am\u00e9nagement et de Gestion du  \nbassin versant du Garon (SMAGGA),\n- M. Jean-Jacques BOBICHON,  Syndicat Intercommunal de Distribution d'Eau du Sud-\nOuest Lyonnais (SIDESOL),\n- M. Fabien BREUZIN,  Syndicat Intercommunal de distribution d'Eau Potable de la  \nR\u00e9gion de Millery-Mornant (SIMIMO),\n- M. Florestan GROULT, R\u00e9gie publique Eau du Grand Lyon,\n- M. G\u00e9rard FAURAT, Syndicat pour la Station d'Epuration de Givors (SYSEG),\n- M. Safi BOUKACEM, Syndicat Intercommunal d'Assainissement de la Haute Vall\u00e9e de \nl'Yzeron (SIAHVY),\n- M. Bernard CHATAIN, Syndicat Intercommunal d'Assainissement de la Haute Vall\u00e9e  \ndu Garon (SIAHVG),\n- Mme Anne GROSPERRIN, M\u00e9tropole de Lyon.\nII. Coll\u00e8ge  des    repr\u00e9sentants  des  usagers,  des  propri\u00e9taires  fonciers,  des  organisations   \nprofessionnelles et des associations :\n- Sous coll\u00e8ge usages \u00e9conomiques et am\u00e9nagement :\n- M. Andr\u00e9 JANIN Chambre des m\u00e9tiers du Rh\u00f4ne,\n- M. Philippe MALAVAL, Chambre de Commerce et d'Industrie,\n- Mme Caroline BEAURAIN, Chambre d'agriculture du Rh\u00f4ne,\n- M. Daniel PETITJEAN, CUMA de Pollionay,\n- Mme Marie-Lou NOVENE, Conservatoire des Espaces Naturels Rh\u00f4ne Alpes,\n- M. David MILLE, Syndicat Mixte d'Hydraulique Agricole du Rh\u00f4ne (SMHAR),\n- M. Florent GRILLET, AGRIBIO,\n- M.  Bruno DEBROSSE,  Association syndicale libre de gestion foresti\u00e8re des monts et  \ncoteaux du lyonnais (ASLGF Mont du Lyonnais).\n- Sous coll\u00e8ge association environnementale patrimoniale et de consommateurs :\n- M. Alain BERLIOZ-CURLET , F\u00e9d\u00e9ration D\u00e9partementale des Chasseurs du Rh\u00f4ne et  \nde la M\u00e9tropole de Lyon,\n- M. Simon GAILLOT, F\u00e9d\u00e9ration D\u00e9partementale du Rh\u00f4ne et de la M\u00e9tropole de Lyon \npour la P\u00eache et la Protection du Milieu Aquatique,\n- M. Jean GATIGNOL,  AAPPMA bassin de l'Yzeron et ses affluents P\u00eache et milieux  \naquatiques,\n- M. Bernard MERMETAAPPMA du bassin du Garon P\u00eache et milieux aquatiques volet,\n- M. Gilles LARACINE, Association de Sauvegarde des Coteaux du Lyonnais (SCL),\n- M. Etienne CLAUDE, Ligue de protection des oiseaux Auvergne Rh\u00f4ne Alpes ( LPO)\n- M. Martin JOUVE, France Nature Environnement Rh\u00f4ne (FNE),\n- Mme  Michelle  DESSEIGNE , C oordination  nationale  des  associations  de  \nconsommateurs d'eau ( CACE).\nIII. Coll\u00e8ge des   repr\u00e9sentants de l'\u00c9tat et de ses \u00e9tablissements publics   :\n- le Pr\u00e9fet de la r\u00e9gion Auvergne-Rh\u00f4ne-Alpes, coordonnateur de bassin ou son repr\u00e9sentant,\n- le Pr\u00e9fet du Rh\u00f4ne ou son repr\u00e9sentant,\n- le  directeur  r\u00e9gional  de  l'environnement,  de  l'am\u00e9nagement  et  du  logement  ou  son \nrepr\u00e9sentant,\n- le directeur d\u00e9partemental des territoires du Rh\u00f4ne ou son repr\u00e9sentant,\n- le directeur de l'agence de l'eau Rh\u00f4ne M\u00e9diterran\u00e9e ou son repr\u00e9sentant,\n- le directeur de l'alimentation, de l'agriculture et de la for\u00eat ou son repr\u00e9sentant,\n69_DDT_Direction d\u00e9partementale des territoires du Rh\u00f4ne - 69-2025-10-17-00008 - Direction d\u00e9partementale\ndes territoires\nArr\u00eat\u00e9 pr\u00e9fectoral n\u00b0 DDT_SENR_2025_10_17_E157 du 17 octobre 2025 relatif \u00e0\nla composition de la commission locale de l'eau (CLE)\ndu sch\u00e9ma d'am\u00e9nagement et de gestion des eaux (SAGE) Garon-Yzeron\n20\n- le directeur de l'agence r\u00e9gionale de sant\u00e9 ou son repr\u00e9sentant,\n- le d\u00e9l\u00e9gu\u00e9 r\u00e9gional de l'office fran\u00e7ais pour la biodiversit\u00e9 ou son repr\u00e9sentant.\nArticle     3   : Mandat des membres de la CLE.\nConform\u00e9ment \u00e0 l'article R. 212-31 du code de l'environnement, la dur\u00e9e du mandat des membres de la \ncommission locale de l'eau, autres que les repr\u00e9sentants de l'\u00c9tat, est de six ann\u00e9es, \u00e0 compter de la  \ndate du pr\u00e9sent arr\u00eat\u00e9.\nIls  cessent  d'en  \u00eatre  membres  s'ils  perdent  les  fonctions  en  consid\u00e9ration  desquelles  ils  ont  \u00e9t\u00e9 \nd\u00e9sign\u00e9s.\nEn  cas  d'emp\u00eachement,  un  membre  peut  donner  mandat  \u00e0  un  autre  membre  du  m\u00eame  coll\u00e8ge. \nChaque membre ne peut recevoir qu'un seul mandat.\nEn cas de vacance pour quelque cause que ce soit du si\u00e8ge d'un membre de la commission, il est  \npourvu \u00e0 son remplacement dans les conditions pr\u00e9vues pour sa d\u00e9signation, dans un d\u00e9lai de deux  \nmois \u00e0 compter de cette vacance, pour la dur\u00e9e du mandat restant \u00e0 courir.\nArticle 4 : Publication.\nLe pr\u00e9sent arr\u00eat\u00e9 est publi\u00e9 au recueil des actes administratifs de la pr\u00e9fecture du Rh\u00f4ne et mis en ligne \nsur le site internet www.gesteau.eaufrance.fr.\nArticle 5 : Diffusion et ex\u00e9cution.\nLe pr\u00e9fet, secr\u00e9taire g\u00e9n\u00e9ral de la pr\u00e9fecture du Rh\u00f4ne, pr\u00e9fet d\u00e9l\u00e9gu\u00e9 pour l'\u00e9galit\u00e9 des chances, le  \ndirecteur d\u00e9partemental des territoires du Rh\u00f4ne et Mesdames et Messieurs les Maires des communes  \nincluses dans le p\u00e9rim\u00e8tre sont charg\u00e9s chacun en ce qui le concerne de l'ex\u00e9cution du pr\u00e9sent arr\u00eat\u00e9  \ndont copie leur sera adress\u00e9e.\nFait, le 17 octobre 2025\nPour la Pr\u00e9f\u00e8te et par d\u00e9l\u00e9gation,\nLe Pr\u00e9fet , Secr\u00e9taire g\u00e9n\u00e9rale\nPr\u00e9fet d\u00e9l\u00e9gu\u00e9 \u00e0 l'\u00e9galit\u00e9 des chances\nFabrice ROSAY\nD\u00e9lais et voies de recours :\nConform\u00e9ment \u00e0 l'article R.421-1 du code de justice administrative, la pr\u00e9sente d\u00e9cision peut faire l'objet  \nd'un recours contentieux, dans le d\u00e9lai de deux mois \u00e0 compter de sa notification et-ou sa publication  \ndevant le tribunal administratif de Lyon (184, rue Duguesclin \u2013 69  433 Lyon Cedex 03, ou sur l'application \nwww.telerecours.fr). Elle peut \u00e9galement faire l'objet d'un recours gracieux aupr\u00e8s de Madame la Pr\u00e9f\u00e8te  \ndu Rh\u00f4ne. Cette d\u00e9marche interrompt le d\u00e9lai de recours contentieux, ce dernier devant \u00eatre introduit  \ndans le d\u00e9lai de deux mois suivant une d\u00e9cision implicite ou explicite de l'autorit\u00e9 comp\u00e9tente (le silence  \nde l'administration pendant un d\u00e9lai de deux mois valant d\u00e9cision implicite de rejet).\n69_DDT_Direction d\u00e9partementale des territoires du Rh\u00f4ne - 69-2025-10-17-00008 - Direction d\u00e9partementale\ndes territoires\nArr\u00eat\u00e9 pr\u00e9fectoral n\u00b0 DDT_SENR_2025_10_17_E157 du 17 octobre 2025 relatif \u00e0\nla composition de la commission locale de l'eau (CLE)\ndu sch\u00e9ma d'am\u00e9nagement et de gestion des eaux (SAGE) Garon-Yzeron\n21\n69_Pr\u00e9f_Pr\u00e9fecture du Rh\u00f4ne\n69-2025-10-17-00009\nArr\u00eat\u00e9 pr\u00e9fectoral n\u00b02025-10-17-0002 portant\nencadrement du d\u00e9placement des supporters du\nFC B\u00e2le 1893 et instaurant un p\u00e9rim\u00e8tre\ncomportant des mesures d'interdiction de\nstationnement, de circulation sur la voie\npublique et d'acc\u00e8s au Groupama Stadium de\nD\u00e9cines-Charpieu et en centre-ville de Lyon \u00e0\nl'occasion de la rencontre de football lors de la\n3\u00e8me journ\u00e9e d'Europa League entre les \u00e9quipes\nde l'Olympique lyonnais et du FC B\u00e2le 1893 le\njeudi 23 octobre 2025 au Groupama Stadium\n69_Pr\u00e9f_Pr\u00e9fecture du Rh\u00f4ne - 69-2025-10-17-00009 - Arr\u00eat\u00e9 pr\u00e9fectoral n\u00b02025-10-17-0002 portant encadrement du d\u00e9placement des\nsupporters du FC B\u00e2le 1893 et instaurant un p\u00e9rim\u00e8tre comportant des mesures d'interdiction de stationnement, de circulation sur la\nvoie publique et d'acc\u00e8s au Groupama Stadium de D\u00e9cines-Charpieu et en centre-ville de Lyon \u00e0 l'occasion de la rencontre de\nfootball lors de la 3\u00e8me journ\u00e9e d'Europa League entre les \u00e9quipes de l'Olympique lyonnais et du FC B\u00e2le 1893 le jeudi 23 octobre\n2025 au Groupama Stadium\n22\nEPR\u00c9F\u00c8TEDU RH\u00d4NELibert\u00e9\u00c9galit\u00e9Fraternit\u00e9\nARR\u00caT\u00c9 PREFECTORAL N\u00b0 2025 - 10 - 17 - 0002portant encadrement du d\u00e9placement des supporters du FC B\u00e2le 1893 et instaurant unp\u00e9rim\u00e8tre comportant des mesures d'interdiction de stationnement, de circulation sur la voiepublique et d'acc\u00e8s au Groupama Stadium de D\u00e9cines-Charpieu et en centre-ville de Lyon \u00e0l'occasion de la rencontre de football lors de la 3\u00b0 journ\u00e9e d'Europa League entre les \u00e9quipes del'Olympique Lyonnais et du FC B\u00e2le 1893 le jeudi 23 octobre 2025 au Groupama Stadium\nLa Pr\u00e9f\u00e8te du Rh\u00f4ne,Commandeur de la L\u00e9gion d''honneurCommandeur de l'ordre national du M\u00e9rite\nVu le Code p\u00e9nal ;Vu le Code du sport, en particulier les articles L.332-1 \u00e0 L.332-18 relatifs aux manifestationssportives, ainsi que les articles R.332-1 \u00e0 R.332-9 relatifs \u00e0 l'interdiction de p\u00e9n\u00e9trer ou de serendre aux abords d'une enceinte o\u00f9 se d\u00e9roule une manifestation sportive ;Vu l'article L.2214-4 du Code g\u00e9n\u00e9ral des collectivit\u00e9s territoriales ;Vu la loi du 2 mars 2010 renfor\u00e7ant la lutte contre les violences de groupes et la protectiondes personnes charg\u00e9es d'une mission de service public;Vu le d\u00e9cret N\u00b0 2004-374 du 29 avril 2004 modifi\u00e9 relatif aux pouvoirs des pr\u00e9fets, \u00e0l'organisation et \u00e0 l'action des services de l'\u00c9tat dans les r\u00e9gions et d\u00e9partements ;Vu le d\u00e9cret en Conseil des Ministres du 11 janvier 2023 portant nomination de MadameFabienne BUCCIO, pr\u00e9f\u00e8te de la r\u00e9gion Auvergne-Rh\u00f4ne-Alpes, pr\u00e9f\u00e8te de la zone de d\u00e9fenseet de s\u00e9curit\u00e9 Sud-Est, pr\u00e9f\u00e8te du Rh\u00f4ne (hors classe);Vu le d\u00e9cret du 6 novembre 2024 portant nomination du pr\u00e9fet d\u00e9l\u00e9gu\u00e9 pour la d\u00e9fense et las\u00e9curit\u00e9 aupr\u00e8s de la pr\u00e9f\u00e8te de la r\u00e9gion Auvergne-Rh\u00f4ne-Alpes, pr\u00e9f\u00e8te de la zone ded\u00e9fense et de s\u00e9curit\u00e9 Sud-Est, pr\u00e9f\u00e8te du Rh\u00f4ne - M. Antoine GUERIN ;Vu l'arr\u00eat\u00e9 pr\u00e9fectoral n\u00b069-2025-07-04-00005 du 4 juillet 2025 portant d\u00e9l\u00e9gation designature \u00e0 M. Antoine GUERIN en qualit\u00e9 de pr\u00e9fet d\u00e9l\u00e9gu\u00e9 pour la d\u00e9fense et la s\u00e9curit\u00e9aupr\u00e8s de la pr\u00e9f\u00e8te de la r\u00e9gion Auvergne-Rh\u00f4ne-Alpes, pr\u00e9f\u00e8te de la zone de d\u00e9fense et des\u00e9curit\u00e9 Sud-Est, pr\u00e9f\u00e8te du Rh\u00f4ne ;Vu l'arr\u00eat\u00e9 du 28 ao\u00fbt 2007 portant cr\u00e9ation d'un traitement automatis\u00e9 de donn\u00e9es acaract\u00e8re personnel relatif aux personnes interdites de stade;Vu la circulaire du Ministre de l'Int\u00e9rieur du 25 avril 2022 (INTD2205085]) relative auxrencontres sportives \u00e0 risque et interdictions de d\u00e9placements des supporters ;Consid\u00e9rant qu'en vertu de l'article L.332-16-2 du Code du sport, le repr\u00e9sentant de l'\u00c9tat dansle d\u00e9partement peut, par arr\u00eat\u00e9, restreindre la libert\u00e9 d'aller et de venir des personnes se1\n69_Pr\u00e9f_Pr\u00e9fecture du Rh\u00f4ne - 69-2025-10-17-00009 - Arr\u00eat\u00e9 pr\u00e9fectoral n\u00b02025-10-17-0002 portant encadrement du d\u00e9placement des\nsupporters du FC B\u00e2le 1893 et instaurant un p\u00e9rim\u00e8tre comportant des mesures d'interdiction de stationnement, de circulation sur la\nvoie publique et d'acc\u00e8s au Groupama Stadium de D\u00e9cines-Charpieu et en centre-ville de Lyon \u00e0 l'occasion de la rencontre de\nfootball lors de la 3\u00e8me journ\u00e9e d'Europa League entre les \u00e9quipes de l'Olympique lyonnais et du FC B\u00e2le 1893 le jeudi 23 octobre\n2025 au Groupama Stadium\n23\npr\u00e9valant de la qualit\u00e9 de supporter d'une \u00e9quipe ou se comportant comme tel sur les lieuxd'une manifestation sportive et dont la pr\u00e9sence est susceptible d'occasionner des troublesgraves pour l'ordre public ;Consid\u00e9rant que, dans le cadre de la 3\u00b0 journ\u00e9e d'Europa League, l'\u00e9quipe de l'OlympiqueLyonnais (OL) rencontrera celle du FC B\u00e2le 1893 au Groupama Stadium de D\u00e9cines-Charpieu lejeudi 23 octobre 2025 \u00e0 18h45 ;Consid\u00e9rant que les d\u00e9placements des supporters du FC B\u00e2le 1893 en France depuis 2022 ont\u00e9t\u00e9 \u00e9maill\u00e9s de nombreux incidents troublant gravement l'ordre public ;Consid\u00e9rant que le 10 mars 2022, \u00e0 l'occasion de la rencontre entre l'Olympique de Marseilleet le FC B\u00e2le 1893, class\u00e9e niveau 3 sur 5 par la DNLH, un arr\u00eat\u00e9 pr\u00e9fectoral interdisant lapr\u00e9sence de toute personne se pr\u00e9valant de la qualit\u00e9 de supporter du FC B\u00e2le 1893, encentre-ville de Marseille du 9 mars 2022 au jeudi 10 mars 2022 \u00e0 23h59 a \u00e9t\u00e9 pris par lapr\u00e9fecture des Bouches-du-Rh\u00f4ne; que malgr\u00e9 cette interdiction, des supporters b\u00e2lois ont\u00e9t\u00e9 d\u00e9pos\u00e9s en bus dans le centre-ville de Marseille en fin de matin\u00e9e le jour du match ; qu'undispositif d'encadrement a \u00e9t\u00e9 mis en place afin de les acheminer jusqu'au secteur visiteurs;qu'\u00e0 la sortie du m\u00e9tro, des affrontements ont eu lieu entre les supporters b\u00e2lois et lessupporters marseillais ; que les supporters des deux camps se sont \u00e9chang\u00e9s jets de projectileset p\u00e9tards avant que les forces de l'ordre ne proc\u00e8dent \u00e0 des interpellations; que quatrefonctionnaires de police ont \u00e9t\u00e9 bless\u00e9s \u00e0 la suite de ces affrontements; que lors de larencontre entre les deux clubs, les supporters b\u00e2lois ont fait usage de nombreux enginspyrotechniques en tribune ;Consid\u00e9rant qu'\u00e0 l'occasion de la rencontre entre l'Olympique Gymnaste Club de Nice et le FCBale du 20 avril 2023, class\u00e9e niveau 4 sur 5 par la DNLH, un \u00ab fight \u00bb a eu lieu \u00e0 Menton, laveille du match entre supporters \u00e0 risques ni\u00e7ois et b\u00e2lois, et ce, malgr\u00e9 un arr\u00eat\u00e9 minist\u00e9rield'interdiction de d\u00e9placement des supporters du FC B\u00e2le 1893 et un arr\u00eat\u00e9 pr\u00e9fectoralinterdisant la pr\u00e9sence des supporters b\u00e2lois en centre-ville de Nice et au stade AllianzRiviera ; que l'altercation a impliqu\u00e9 quatorze supporters ultras de chaque club ; qu'\u00e0 l'issue decette altercation remport\u00e9e par les supporters du FC B\u00e2le 1893, quatre supporters ni\u00e7ois ont\u00e9t\u00e9 bless\u00e9s; que le jour du match, \u00e0 la suite de l'information concernant le maintien del'arr\u00eat\u00e9 minist\u00e9riel, les supporters b\u00e2lois alcoolis\u00e9s ont quitt\u00e9 la fronti\u00e8re franco-italienne \u00e0Vintimille pour se rendre \u00e0 San Remo en Italie ; qu'apr\u00e8s avoir pass\u00e9 quelques heures dans desd\u00e9bits de boissons et restaurants, en fin d'apr\u00e9s-midi,sept-cents supporters du FC B\u00e2le 1893ont effectu\u00e9 une fan walk dans les rues de San Remo; qu'\u00e0 la suite de la victoire de leur\u00e9quipe, les supporters du FC B\u00e2le 1893 ont mis \u00e0 feu des engins pyrotechniques ;Consid\u00e9rant que les derniers incidents r\u00e9cents commis par les supporters du FC B\u00e2le 1893 ontengendr\u00e9 des troubles \u00e0 l'ordre public ;Consid\u00e9rant que lors de la rencontre du 24 septembre 2025 entre le SC Freiburg et le FC B\u00e2le1893 \u00e0 l'Europa Park Stadion, 2232 supporters du FC B\u00e2le 1893 ont fait le d\u00e9placement parmilesquels huit-cents \u00e9l\u00e9ments \u00e9taient consid\u00e9r\u00e9s \u00e0 risque et cinquante \u00e0 hauts risques ; que cesderniers \u00e9taient renforc\u00e9s par une dizaine de leurs homologues allemands de Mannheim ; quelors des contr\u00f4les routiers effectu\u00e9s par la police aux fronti\u00e8res allemandes, il a \u00e9t\u00e9 saisipr\u00e9ventivement dix-neuf cagoules et tours de cou destin\u00e9s \u00e0 dissimuler les visages; qu'enamont de la rencontre, pr\u00e8s de deux cent cinquante supporters ultras du FC B\u00e2le 1893 sontarriv\u00e9s en masse dans le centre-ville ; que trois heures avant le coup d'envoi du match, pr\u00e8s demille cinq cents supporters du FC B\u00e2le 1893 se sont \u00e9lanc\u00e9s en \u00ab fan walk \u00bb en direction dustade; qu'au cours de cette d\u00e9ambulation, les supporters suisses ont fait usage \u00e0 denombreuses reprises d'engins pyrotechniques et ont entonn\u00e9 des chants diffamatoires enversla police locale et provoquant envers les supporters locaux; que durant la rencontre, les2\n69_Pr\u00e9f_Pr\u00e9fecture du Rh\u00f4ne - 69-2025-10-17-00009 - Arr\u00eat\u00e9 pr\u00e9fectoral n\u00b02025-10-17-0002 portant encadrement du d\u00e9placement des\nsupporters du FC B\u00e2le 1893 et instaurant un p\u00e9rim\u00e8tre comportant des mesures d'interdiction de stationnement, de circulation sur la\nvoie publique et d'acc\u00e8s au Groupama Stadium de D\u00e9cines-Charpieu et en centre-ville de Lyon \u00e0 l'occasion de la rencontre de\nfootball lors de la 3\u00e8me journ\u00e9e d'Europa League entre les \u00e9quipes de l'Olympique lyonnais et du FC B\u00e2le 1893 le jeudi 23 octobre\n2025 au Groupama Stadium\n24\nsupporters du FC B\u00e2le 1893 ont fait usage de nombreux engins pyrotechniques dans l'enceintesportive ; que les supporters du FC Bale 1893 ont brandi une banderole provocante al'attention des supporters locaux durant le match;Consid\u00e9rant que lors de la rencontre du 2 octobre 2025 entre le FC B\u00e2le et le VFB Stuttgart,class\u00e9e \u00e0 hauts risques par les autorit\u00e9s locales, une confrontation a \u00e9clat\u00e9 dans l'enceintesportive entre une vingtaine d'ultras du club de Stuttgart et autant de b\u00e2lois ; que durant larencontre, de nombreux engins pyrotechniques ont \u00e9t\u00e9 utilis\u00e9s par les supporters ultras du FCB\u00e2le 1893 ; qu'avant et apr\u00e8s la rencontre, de nombreuses et mineures \u00e9chauffour\u00e9es initi\u00e9espar les ultras b\u00e2lois sont survenus aux abords du p\u00e9rim\u00e8tre du stade, les supporters du FC B\u00e2le1893 ont attaqu\u00e9 les supporters traditionnels du VFB Stuttgart afin de leur voler desaccessoires de supporters, en commettant parfois des actes de violences ;Consid\u00e9rant que les supporters suisses devraient converger en nombre cons\u00e9quent auGroupama Stadium pour la rencontre du jeudi 23 octobre 2025, entra\u00eenant des groupes desupporters \u00e0 risques qui adoptent r\u00e9guli\u00e8rement des comportements d\u00e9viants; que lessupporters du FC B\u00e2le 1893 entretiennent des liens de connivence avec des hooligans\u00e9trangers; qu'il est annonc\u00e9 pour la rencontre du jeudi 23 octobre 2025 jusqu'\u00e0 250supporters risques, parmi eux, des supporters Ultras mais \u00e9galement 30 hooligans du groupe187 et 10 hooligans de Mannheim; que ces supporters \u00e0 risques n'h\u00e9sitent pas \u00e0 provoquerleurs adversaires \u00e0 l'\u00e9tranger et sont toujours prompts \u00e0 r\u00e9pondre \u00e0 toute provocation enemployant la violence; que les supporters ultras du FC B\u00e2le 1893 formant la fan base\u00ab Muttenzenkurve Basel\u00bb est adepte de \u00abfan walk\u00bb pouvant rassembler pr\u00e8s de 1000individus, et que les personnes composant cette \u00ab fan walk\u00bb sont susceptibles d'attaquertoute personne les provoquant ou les prenant en photo lors de cort\u00e8ge ;Consid\u00e9rant que les prochains r\u00e9sultats sportifs du club de l'Olympique Lyonnais, notammentle match du samedi 18 octobre 2025 contre l'Olympique Gymnaste club de Nice \u00e0 l'ext\u00e9rieur,pourraient entra\u00eener de nouvelles vell\u00e9it\u00e9s de violences parmi les supporters ultras lyonnais ;Consid\u00e9rant que lors des rencontres du championnat d'Europa League, les d\u00e9placements dessupporters des clubs de football ont \u00e9t\u00e9 la source de troubles \u00e0 l'ordre public du fait ducomportement violent de certains d'entre eux, manifest\u00e9 de fa\u00e7on r\u00e9currente aux abords desstades et dans les centres-villes des lieux de rencontre, tant pas des rixes de supporters quepar des violences contre les forces de l'ordre ou des jets de fumig\u00e8nes entra\u00eenant des blessuresou d\u00e9gradations; qu'il est fr\u00e9quent que lors de ces rencontres europ\u00e9ennes, les supportersultras des clubs sont pr\u00e9sents afin de repr\u00e9senteret \u00ab d\u00e9fendre \u00bb leur pays et qu'ils sontsusceptibles de r\u00e9pondre \u00e0 toutes provocations par la violence ;Consid\u00e9rant que dans le cadre de la 6\u00b0 journ\u00e9e de la phase de poule de l'UEFA Europa League\u00e9dition 2024/2025, l'Olympique Lyonnais a re\u00e7u au Groupama Stadium de D\u00e9cines-Charpieu laformation d'Eintracht Francfort, le jeudi 12 d\u00e9cembre 2024 \u00e0 21h00 ; que la veille du match, ungroupe de 150 supporters ultras allemands s'est install\u00e9 sur la terrasse du bar \u00ab le BostonCaf\u00e9 \u00bb dans le 1\u00b0 arrondissement de Lyon; que dans le m\u00eame trait de temps, un supporterlyonnais a inform\u00e9 les forces de l'ordre qu'il venait de se faire \u00ab alpaguer \u00bb par trois supportersallemands; que durant la soir\u00e9e, alors que le groupe de supporters allemands \u00e9tait toujoursinstall\u00e9 au bar \u00ab Le Boston Caf\u00e9 \u00bb, quelques petits groupes de supporters ultras lyonnais\u00e9taient rep\u00e9r\u00e9s, diss\u00e9min\u00e9s dans le secteur ; qu'avant 23h00, le mercredi 11 d\u00e9cembre 2024, legroupe de supporters Ultras allemands alors \u00e9valu\u00e9 \u00e0 deux-cents cinquante personnes, laplupart v\u00eatus de noir, se d\u00e9pla\u00e7ait pr\u00e9cipitamment en criant des invectives, en direction du 6\u00b0arrondissement de Lyon; que tr\u00e8s rapidement, un groupe de supporter ultra lyonnais, peut-\u00eatre \u00e9valu\u00e9 \u00e0 deux-cents personnes se retrouvait sur la place Mar\u00e9chal Lyautey dans le 6\u00b0arrondissement de Lyon ; qu'une bagarre tr\u00e8s intense a \u00e9clat\u00e9 entre les deux groupes desupporters ; que les forces de l'ordre ont rapidement pu disperser ces deux groupes ;\n69_Pr\u00e9f_Pr\u00e9fecture du Rh\u00f4ne - 69-2025-10-17-00009 - Arr\u00eat\u00e9 pr\u00e9fectoral n\u00b02025-10-17-0002 portant encadrement du d\u00e9placement des\nsupporters du FC B\u00e2le 1893 et instaurant un p\u00e9rim\u00e8tre comportant des mesures d'interdiction de stationnement, de circulation sur la\nvoie publique et d'acc\u00e8s au Groupama Stadium de D\u00e9cines-Charpieu et en centre-ville de Lyon \u00e0 l'occasion de la rencontre de\nfootball lors de la 3\u00e8me journ\u00e9e d'Europa League entre les \u00e9quipes de l'Olympique lyonnais et du FC B\u00e2le 1893 le jeudi 23 octobre\n2025 au Groupama Stadium\n25\nConsid\u00e9rant que dans ce contexte, il existe un risque av\u00e9r\u00e9 de troubles a l'ordre public aoccasion de la rencontre du jeudi 23 octobre 2025 et un risque r\u00e9el et s\u00e9rieuxd'affrontements entre supporters lyonnais et supporters b\u00e2lois ;Consid\u00e9rant que le match du jeudi 23 octobre 2025 est class\u00e9 niveau 4 sur 5 par la DirectionNationale de Lutte contre le Hooliganisme (DNLH), qui consid\u00e8re que cette rencontrepr\u00e9sente des risques graves de troubles \u00e0 l'ordre public li\u00e9s a la pr\u00e9sence certaine desupporters \u00e0 risques; que le dispositif d'ordre public renforc\u00e9 et que l'arr\u00eat\u00e9 pr\u00e9fectorald'encadrement et d'interdiction de p\u00e9rim\u00e8tre permettront un niveau de s\u00e9curit\u00e9 optimal ;\nxConsid\u00e9rant que la facilit\u00e9 d'acc\u00e8s \u00e0 la M\u00e9tropole de Lyon laisse \u00e0 penser que certainssupporters du FC B\u00e2le 1893 pourraient se rendre \u00e0 Lyon par leurs propres moyens et ainsid'\u00eatre plac\u00e9s sans encadrement dans le stade; qu'en effet, \u00e0 la date de la r\u00e9daction dupr\u00e9sent arr\u00eat\u00e9, entre mille trois cents et mille huit cents supporters du FC B\u00e2le 1893 feraient led\u00e9placement \u00e0 Lyon, dont cent cinquante \u00e0 deux cent cinquante supporters \u00e0 risques, quinzebus sont programm\u00e9s et vont acheminer sept cent cinquante supporters b\u00e2lois de la Suisse \u00e0Lyon ; que s'agissant du reste des supporters b\u00e2lois, leur moyen de transport n'est pas connu ;que pour leur s\u00e9curit\u00e9, il convient d'encadrer leur d\u00e9placement afin d'\u00e9viter tout m\u00e9lange deflux avec les supporters lyonnais ;Consid\u00e9rant que, dans un contexte sportif concurrentiel mais \u00e9galement sur fond derecherches d'affrontement, toute provocation mat\u00e9rialis\u00e9e par des arriv\u00e9es isol\u00e9es desupporters du FC B\u00e2le 1893 aux abords du Groupama Stadium risque d'engendrer desr\u00e9actions violentes et des rixes avec les supporters locaux, de nature \u00e0 troubler fortementl'ordre public et perturber la tranquillit\u00e9 publique des citoyens ;Consid\u00e9rant que si des affrontements entre les supporters Ultras des deux clubs sontsusceptibles de se d\u00e9rouler en centre-ville ou aux abords du stade du Groupama Stadium deD\u00e9cines-Charpieu, tous les lieux pouvant donner lieu \u00e0 des affrontements ne peuvent \u00eatreanticip\u00e9s; que, dans ces conditions, la mobilisation des forces de l'ordre, m\u00eame en nombreimportant en toutes circonstances et en tous lieux de l'agglom\u00e9ration lyonnaise, n'est passuffisante \u00e0 pr\u00e9venir les troubles \u00e0 l'ordre public ;Consid\u00e9rant qu'il importe, pour des motifs d'ordre et de s\u00e9curit\u00e9 publics pr\u00e9c\u00e9demmentd\u00e9crits, de pr\u00e9venir tout trouble \u00e0 l'ordre public pouvant d\u00e9couler de la pr\u00e9sence en unem\u00eame unit\u00e9 de lieu et de temps des supporters des deux \u00e9quipes ; qu'il convient d\u00e8s lors delimiter la libert\u00e9 d'aller et venir de toute personne se pr\u00e9valant de la qualit\u00e9 de supporter duFC B\u00e2le 1893 ou se comportant comme tel sur le territoire de la ville de Lyon, aux abords duGroupama Stadium de D\u00e9cines-Charpieu le mercredi 22 octobre 2025 et jeudi 23 octobre2025; ARR\u00caTEArticle 1 : La circulation et le stationnement sur la voie publique sont interdits, le mercredi 22octobre 2025 de 12h00 \u00e0 02h00, \u00e0 toute personne se pr\u00e9valant de la qualit\u00e9 de supporter duFC B\u00e2le 1893, ou se comportant comme tel, c'est-\u00e0-dire portant notamment une \u00e9charpe, uninsigne, Un v\u00eatement, Un drapeau aux couleurs de ce club, dans le secteur du centre-ville deLyon, \u00e0 l'int\u00e9rieur du p\u00e9rim\u00e8tre d\u00e9limit\u00e9 comme suit : quai Jean Moulin - place Louis Pradel -rue Puits Gaillot - place des Terreaux - rue d'Alg\u00e9rie - quai Saint-Vincent - pont de la Feuill\u00e9e -rue Octavio Mey - mont\u00e9e St Barth\u00e9l\u00e9my - rue de l'Antiquaille - place des Minimes - rue desFarges - mont\u00e9e du Gourguillon - mont\u00e9e des Epies - place de la Commanderie - quai Fulchiron -Pont Kitchener-Marchand - Quai Rambaud - rue Dugas Montbel - Place des Archives - rue DugasMontbel - quai Gailleton - quai Jules Courmont - quai Jean Moulin.\n69_Pr\u00e9f_Pr\u00e9fecture du Rh\u00f4ne - 69-2025-10-17-00009 - Arr\u00eat\u00e9 pr\u00e9fectoral n\u00b02025-10-17-0002 portant encadrement du d\u00e9placement des\nsupporters du FC B\u00e2le 1893 et instaurant un p\u00e9rim\u00e8tre comportant des mesures d'interdiction de stationnement, de circulation sur la\nvoie publique et d'acc\u00e8s au Groupama Stadium de D\u00e9cines-Charpieu et en centre-ville de Lyon \u00e0 l'occasion de la rencontre de\nfootball lors de la 3\u00e8me journ\u00e9e d'Europa League entre les \u00e9quipes de l'Olympique lyonnais et du FC B\u00e2le 1893 le jeudi 23 octobre\n2025 au Groupama Stadium\n26\nArticle 2: La circulation et le stationnement sur la voie publique sont interdits, le jeudi 23octobre 2025 de 08h00 \u00e0 00h00, \u00e0 toute personne se pr\u00e9valant de la qualit\u00e9 de supporter duFC B\u00e2le 1893, ou se comportant comme tel, c'est-\u00e0-dire portant notamment une \u00e9charpe, uninsigne, un v\u00eatement, un drapeau aux couleurs de ce club, dans le secteur du centre-ville deLyon, \u00e0 l'int\u00e9rieur du p\u00e9rim\u00e8tre d\u00e9limit\u00e9 comme suit : quai Jean Moulin - place Louis Pradel -rue Puits Gaillot - place des Terreaux - rue d'Alg\u00e9rie - quai Saint-Vincent - pont de la Feuill\u00e9e -rue Octavio Mey - mont\u00e9e St Barth\u00e9l\u00e9my - rue de l'Antiquaille - place des Minimes - rue desFarges - mont\u00e9e du Gourguillon - mont\u00e9e des Epies - place de la Commanderie - quai Fulchiron -Pont Kitchener-Marchand - Quai Rambaud - rue Dugas Montbel - Place des Archives - rue DugasMontbel - quai Gailleton - quai Jules Courmont - quai Jean Moulin.Article 3 : Il est interdit d'acc\u00e9der au Groupama Stadium de D\u00e9cines-Charpieu et a ses abordsle jeudi 23 octobre 2025 de 08h00 \u00e0 00h00 \u00e0 toute personne se pr\u00e9valant de la qualit\u00e9 desupporter du FC B\u00e2le 1893, ou se comportant comme tel, dans le p\u00e9rim\u00e8tre situ\u00e9 sur lescommunes de D\u00e9cines et Meyzieu et d\u00e9limit\u00e9 par les voies suivantes: rue Sully - route delonage \u2014 avenue de Verdun - chemin de la Combe aux loups - avenue du Carreau - bd du 18 juin1940 - bd Pierre Mend\u00e8s France - rue du Rambion - chemin de Chassieu \u00e0 Meyzieu - Chemin deMeyzieu \u2014 chemin de Chassieu - rue Voltaire - avenue de France - rue Marceau - rue Sully sans\u00eatre pass\u00e9 par le point de rendez-vous obligatoire - Parking Eurexpo PO, entr\u00e9e Nord, 2 rueMarius Berliet, 69 680 Chassieu - \u00e0 partir de 16h00 et sans \u00eatre muni d'un billet.A l'issue, il est fait obligation aux supporters du FC B\u00e2le 1893 de monter dans les navettes depuisle parking PO d'Eurexpo en direction du Groupama Stadium. |Article 4 : Sont interdits le jeudi 23 octobre 2025 de 08h00 \u00e0 00H00 dans le p\u00e9rim\u00e8tre d\u00e9fini al'article 1, 2 et 3, la possession, le transport et l'utilisation de tous p\u00e9tards ou enginspyrotechniques et tout objet pouvant \u00eatre utilis\u00e9 comme projectile, la possession et letransport de toute boisson alcoolis\u00e9e.Article 5 : Le pr\u00e9sent arr\u00eat\u00e9 peut faire l'objet d'un recours aupr\u00e8s du Tribunal Administratif deLyon dans un d\u00e9lai de 2 mois \u00e0 compter de sa notification.Article 6 : Le pr\u00e9fet d\u00e9l\u00e9gu\u00e9 pour la d\u00e9fense et la s\u00e9curit\u00e9 et le directeur interd\u00e9partementalde la Police Nationale du Rh\u00f4ne sont charg\u00e9s, chacun en ce qui les concerne, de l'ex\u00e9cutiondu pr\u00e9sent arr\u00eat\u00e9 qui sera publi\u00e9 au recueil des actes administratifs de la pr\u00e9fecture du Rh\u00f4ne.\nFait \u00e0 Lyon, le 17 octobre 2025Le pr\u00e9fet,d\u00e9l\u00e9gu\u00e9 pour la d\u00e9fense et la s\u00e9curit\u00e9\nAntoi\u00f1e GUERIN\n69_Pr\u00e9f_Pr\u00e9fecture du Rh\u00f4ne - 69-2025-10-17-00009 - Arr\u00eat\u00e9 pr\u00e9fectoral n\u00b02025-10-17-0002 portant encadrement du d\u00e9placement des\nsupporters du FC B\u00e2le 1893 et instaurant un p\u00e9rim\u00e8tre comportant des mesures d'interdiction de stationnement, de circulation sur la\nvoie publique et d'acc\u00e8s au Groupama Stadium de D\u00e9cines-Charpieu et en centre-ville de Lyon \u00e0 l'occasion de la rencontre de\nfootball lors de la 3\u00e8me journ\u00e9e d'Europa League entre les \u00e9quipes de l'Olympique lyonnais et du FC B\u00e2le 1893 le jeudi 23 octobre\n2025 au Groupama Stadium\n27\nAnnexe 1: P\u00e9rim\u00e8tr ntre-vill Lyon\u2014 Lyonci nter perimeter\nP\u00e9rim\u00e8tre interdit centre ville de Lyon\nr AMTS  SAN 9)Hotel dervVille'deilivon @*te\"iad :: \u00e0 aa), = yt -\n:\nmY\nWe Notre-Damede FourviereykalMaison de.\nFOURVIERE 7) *\n~~|VorBellecourss :\n:ere\n'A\n2EVARR.#4,7 Lee 4\n69_Pr\u00e9f_Pr\u00e9fecture du Rh\u00f4ne - 69-2025-10-17-00009 - Arr\u00eat\u00e9 pr\u00e9fectoral n\u00b02025-10-17-0002 portant encadrement du d\u00e9placement des\nsupporters du FC B\u00e2le 1893 et instaurant un p\u00e9rim\u00e8tre comportant des mesures d'interdiction de stationnement, de circulation sur la\nvoie publique et d'acc\u00e8s au Groupama Stadium de D\u00e9cines-Charpieu et en centre-ville de Lyon \u00e0 l'occasion de la rencontre de\nfootball lors de la 3\u00e8me journ\u00e9e d'Europa League entre les \u00e9quipes de l'Olympique lyonnais et du FC B\u00e2le 1893 le jeudi 23 octobre\n2025 au Groupama Stadium\n28\nAnnexe 2 : P\u00e9rim\u00e8tre st - Perimeter around the Gr ma Stadium\nP\u00e9rim\u00e8tre stade\n-~\n69_Pr\u00e9f_Pr\u00e9fecture du Rh\u00f4ne - 69-2025-10-17-00009 - Arr\u00eat\u00e9 pr\u00e9fectoral n\u00b02025-10-17-0002 portant encadrement du d\u00e9placement des\nsupporters du FC B\u00e2le 1893 et instaurant un p\u00e9rim\u00e8tre comportant des mesures d'interdiction de stationnement, de circulation sur la\nvoie publique et d'acc\u00e8s au Groupama Stadium de D\u00e9cines-Charpieu et en centre-ville de Lyon \u00e0 l'occasion de la rencontre de\nfootball lors de la 3\u00e8me journ\u00e9e d'Europa League entre les \u00e9quipes de l'Olympique lyonnais et du FC B\u00e2le 1893 le jeudi 23 octobre\n2025 au Groupama Stadium\n29","date":"2025-10-22","first_seen_on":"2025-10-22T14:34:15+00:00","id":"1681b7b28287d286b3f1a6d44d3938be9ae1f523212cccdb9ae132e24b9bb6bd","name":"RAA_69-2025-271-221025","pdf_creation_date":"2025-10-22T14:27:43+00:00","pdf_modification_date":"2025-10-22T15:28:09+00:00","timezone":"Europe/Paris","url":"https://www.rhone.gouv.fr/contenu/telechargement/65904/444077/file/RAA_69-2025-271-221025.pdf"}
