{"administration":"pref55","administration_name":"Pr\u00e9fecture de la Meuse","content":"zsPREFETDE LA MEUSELibert\u00e9Egalit\u00e9Fraternit\u00e9\nRECUEIL DES ACTES ADMINISTRATIFS\nDE LA\nPR\u00c9FECTURE DE LA MEUSE\nRecueil N\u00b0 130 22/12/25\n  \n- SOMMAIRE -\nPR\u00c9FECTURE DE LA MEUSE\nDIRECTION DES SERVICES DU CABINET\nSERVICE DES S\u00c9CURIT\u00c9S\nArr\u00eat\u00e9  pr\u00e9fectoral  n\u00b02025-2537  du  22  d\u00e9cembre  2025  portant  interdiction  temporaire  de  \nconsommation  des  \u00e9crevisses  dans  la  rivi\u00e8re  Loison  sur  le  tron\u00e7on  allant  de  Remoiville  \u00e0  Quincy-\nLandz\u00e9court.\nBUREAU DE L'ORDRE PUBLIC ET DE LA S\u00c9CURIT\u00c9 \nINT\u00c9RIEURE\nArr\u00eat\u00e9  n\u00b02025-2415  du  9  d\u00e9cembre  2025  portant  du  9  d\u00e9cembre  2025  portant  modification  de \nl'autorisation d'installation d'un syst\u00e8me de vid\u00e9oprotection.\nArr\u00eat\u00e9  n\u00b02025-2417  du  9  d\u00e9cembre  2025  portant  autorisation  d'installation  d'un  syst\u00e8me  de \nvid\u00e9oprotection.\nArr\u00eat\u00e9 n\u00b02025-2418 du 9 d\u00e9cembre 2025 portant modification et renouvellement d'installation d'un  \nsyst\u00e8me de vid\u00e9oprotection.\nArr\u00eat\u00e9 n\u00b02025-2419 du 9 d\u00e9cembre 2025 portant modification et renouvellement d'installation d'un  \nsyst\u00e8me de vid\u00e9oprotection.\nArr\u00eat\u00e9  n\u00b02025-2420  du  9  d\u00e9cembre  2025  portant  modification  de  l'autorisation  d'installation  d'un \nsyst\u00e8me de vid\u00e9oprotection.\nArr\u00eat\u00e9  n\u00b02025-2421  du  9  d\u00e9cembre  2025  portant  autorisation  d'installation  d'un  syst\u00e8me  de \nvid\u00e9oprotection.\n\nArr\u00eat\u00e9  n\u00b02025-2422  du  9  d\u00e9cembre  2025  portant  autorisation  d'installation  d'un  syst\u00e8me  de \nvid\u00e9oprotection.\nArr\u00eat\u00e9  n\u00b02025-2439  du  9  d\u00e9cembre  2025  portant  autorisation  d'installation  d'un  syst\u00e8me  de \nvid\u00e9oprotection.\nArr\u00eat\u00e9  n\u00b02025-2440  du  9  d\u00e9cembre  2025  portant  autorisation  d'installation  d'un  syst\u00e8me  de \nvid\u00e9oprotection.\nArr\u00eat\u00e9  n\u00b02025-2441  du  9  d\u00e9cembre  2025  portant  autorisation  d'installation  d'un  syst\u00e8me  de \nvid\u00e9oprotection.\nArr\u00eat\u00e9 n\u00b02025-2445 du 9 d\u00e9cembre 2025 portant modification et renouvellement d'installation d'un  \nsyst\u00e8me de vid\u00e9oprotection.\nDIRECTION DE LA CITOYENNET\u00c9\nET DE LA L\u00c9GALIT\u00c9\nBUREAU DES RELATIONS AVEC\nLES COLLECTIVIT\u00c9S TERRITORIALES\nArr\u00eat\u00e9 n\u00b02025-2535 du 19 d\u00e9cembre 2025 autorisant, \u00e0 compter du 1 er janvier 2026, l'adh\u00e9sion de la  \nCommunaut\u00e9 de communes du Pays de Stenay et du Val Dunois au Syndicat mixte d'\u00c9tudes et de  \nTraitement des D\u00e9chets M\u00e9nagers et Assimil\u00e9s (SMET), et validant les nouveaux statuts du syndicat.\nDIRECTION DE LA COORDINATION DES \nPOLITIQUES PUBLIQUES ET DE L'APPUI \nTERRITORIAL\nBUREAU DE L'INTERMINIST\u00c9RIALIT\u00c9\nArr\u00eat\u00e9 pr\u00e9fectoral n\u00b02025-2538 du 22 d\u00e9cembre 2025 portant d\u00e9l\u00e9gation de signature \u00e0 Madame Sara  \nJANSSEN, Directrice de cabinet du Pr\u00e9fet de la Meuse.\nArr\u00eat\u00e9 n\u00b02025-2540 du 22 d\u00e9cembre 2025 accordant d\u00e9l\u00e9gation de signature \u00e0 Mme Estelle GENDRON, \ndirectrice  adjointe  \u00e0  la  direction  d\u00e9partementale  des  finances  publiques  de  la  Meuse  en  mati\u00e8re \nd'ordonnancement secondaire et de comptabilit\u00e9 g\u00e9n\u00e9rale de l'\u00c9tat.\nSECR\u00c9TARIAT G\u00c9N\u00c9RAL COMMUN D\u00c9PARTEMENTAL\nDIRECTION D\u00c9PARTEMENTALE DES TERRITOIRES\nArr\u00eat\u00e9 pr\u00e9fectoral n\u00b011304-2025-DDT-SEA Encadrant la p\u00e9riode de d\u00e9p\u00f4t des demandes au titre de  \nl'indemnisation fond\u00e9e sur la solidarit\u00e9 nationale suite \u00e0 l'orage du 3 mai 2025.\nR\u00c9GION GRAND-EST\nAGENCE R\u00c9GIONALE DE SANT\u00c9\nGRAND EST\nD\u00e9cision tarifaire n\u00b024875 portant modification du forfait global de soins pour 2025 de EPHAD Les  \nCEPAGES Bar le Duc \u2013 550006340.\nD\u00e9cision tarifaire n\u00b024876 portant modification de la dotation globale de soins pour 2025 de SSIAD de  \nCommercy \u2013 550005847 .\nD\u00e9cision tarifaire n\u00b024877 portant modification du forfait global de soins pour 2025 de Unit\u00e9 d'accueil  \nsp\u00e9cialis\u00e9 Alzheimer \u2013 550004949.\nD\u00e9cision tarifaire n\u00b024878 portant modification du forfait global de soins pour 2025 de EPHAD Maurice  \nCharlier-CH de Commercy \u2013 550004618.\n                                                                                                                                                                                                \nRECUEIL DES ACTES ADMINISTRATIFS DE LA PR\u00c9FECTURE DE LA MEUSE - ISSN 0750-3969\nDirecteur de la publication  : M. le secr\u00e9taire g\u00e9n\u00e9ral de la pr\u00e9fecture de la Meuse\nR\u00c9ALISATION ET COMPOSITION : BUREAU DE L'INTERMINIST\u00c9RIALIT\u00c9\npref-raa@meuse.gouv.fr \u2013 03.29.77 .56.16\nLe recueil des actes administratifs est consultable sur le site internet de la Pr\u00e9fecture : \nwww.meuse.gouv.fr\nPREFETDE LA MEUSE\nLibert\u00e9\u00c9galit\u00e9Fraternit\u00e9\nARR\u00caT\u00c9 PR\u00c9FECTORAL n\u00b02025- 2537 du 2% dicembu 206\nportant interdiction temporaire de consommation des \u00e9crevisses dans la rivi\u00e8re Loison surle tron\u00e7on allant de Remoiville \u00e0 Quincy-Landz\u00e9court\nLe Pr\u00e9fet de la Meuse,Chevalier de la L\u00e9gion d'HonneurChevalier de l'Ordre National du M\u00e9rite\nVU le r\u00e8glement (UE) 2023/915 de la Commission du 25 avril 2023 concernant les teneurs maximalespour certains contaminants dans les denr\u00e9es alimentaires et abrogeant le r\u00e8glement (CE)n\u00b01881/2006\nVU le code de l'environnement,\nVU le code de la sant\u00e9 publique, et notamment son article L. 1311-2,\nVU le Code G\u00e9n\u00e9ral des Collectivit\u00e9s Territoriales et notamment son article L. 2215-1,\nVU le d\u00e9cret du 29 avril 2004 modifi\u00e9 relatif aux pouvoirs des pr\u00e9fets, \u00e0 l'organisation et \u00e0 l'actionde services de l'\u00c9tat dans les r\u00e9gions et d\u00e9partements,\nVU le d\u00e9cret du 15 f\u00e9vrier 2023 portant nomination de Monsieur Xavier DELARUE, Pr\u00e9fet de laMeuse,\nVU l'arr\u00eat\u00e9 pr\u00e9fectoral n\u00b02022-9225 du 13 d\u00e9cembre 2022 portant r\u00e8glement permanent de lap\u00e9che en eau douce dans le d\u00e9partement de la Meuse ;\nCONSIDERANT les r\u00e9sultats des \u00e9chantillons d'\u00e9crevisses pr\u00e9lev\u00e9s dans la rivi\u00e8re Loison \u00e0Remoiville, Juvigny-sur-Loison et Quincy-Landz\u00e9court d'ao\u00fbt \u00e0 octobre 2025,\nCONSIDERANT que les concentrations individuelles des 4 PFAS r\u00e9glement\u00e9s (PFOS, PFOA, PFHxS etPFNA) et de leur somme sont non conformes pour tous les lots d'\u00e9crevisses \u00e0 Juvigny -sur-Loison etQuincy-Landz\u00e9court et pour un lot sur 3 \u00e0 Remoiville au regard du r\u00e8glement alimentaire (UE)2023/915, principalement du fait de leur contamination en PFOA,\nSUR PROPOSITION de la directrice g\u00e9n\u00e9rale de l'Agence R\u00e9gionale de Sant\u00e9 Grand Est :\nARR\u00caTE\nArticle 1* -\nEst interdite la consommation des \u00e9crevisses p\u00e9ch\u00e9es sur la rivi\u00e8re Loison de Remoiville \u00e0 Quincy-Landz\u00e9court.\nArticle 2-\nIl est interdit de c\u00e9der \u00e0 titre gratuit ces \u00e9crevisses. La pratique de la p\u00eache de loisir des \u00e9crevissesreste autoris\u00e9e sous r\u00e9serve que les \u00e9crevisses p\u00each\u00e9es ne fassent pas l'objet d'une consommationhumaine et du respect des dispositions du r\u00e8glement permanent de la p\u00eache en eau douce dans led\u00e9partement de la Meuse.\nPr\u00e9fecture de la Meuse40 rue du BourgCS 3051255012 Bar-le-Duc C\u00e9dex\n\nArticle 3 -\nCette interdiction sera abrog\u00e9e par un arr\u00eat\u00e9 \u00e9tabli dans les m\u00eames formes constatant, \u00e0 partird'analyses compl\u00e9mentaires favorables, qu'elle n'est plus justifi\u00e9e pour la protection de la sant\u00e9publique.\nArticle 4 : Diffusion et publicit\u00e9\nLe pr\u00e9sent arr\u00eat\u00e9 est publi\u00e9 au recueil des actes administratifs de la pr\u00e9fecture de la Meuse etaffich\u00e9 dans les mairies de Remoiville, Louppy-sur-Loison, Juvigny-sur-Loison, Han-les-Juvigny etQuincy-Landz\u00e9court.\nArticle 5 : D\u00e9lais et voies de recours\nLe pr\u00e9sent arr\u00eat\u00e9 pr\u00e9fectoral peut faire l'objet d'un recours administratif, soit gracieux aupr\u00e8s dupr\u00e9fet de la Meuse (40 rue du Bourg 55 000 BAR-LE-DUC), soit hi\u00e9rarchique aupr\u00e8s de la ministre dela Sant\u00e9, des Familles, de l'Autonomie et des Personnes handicap\u00e9es, (Direction g\u00e9n\u00e9rale de la sant\u00e9- EA4 - sise 14 avenue Duquesne - 75350 PARIS 07 SP) dans les deux mois suivant sa notification ousa publication au recueil des actes administratifs de la pr\u00e9fecture de la Meuse.\nL'absence de r\u00e9ponse du pr\u00e9fet ou de la ministre au terme d'un d\u00e9lai de deux mois vaut rejetimplicite du recours administratif.\nUn recours contentieux peut \u00e9galement \u00eatre introduit devant le tribunal administratif de NANCY.Le tribunal administratif peut \u00eatre saisi par l'application informatique \"T\u00e9l\u00e9recours citoyens\"accessible par le site Internet wwwitelerecours.fr\", dans un d\u00e9lai de deux mois \u00e0 compter de lanotification du pr\u00e9sent arr\u00eat\u00e9 pr\u00e9fectoral ou de sa publication au recueil des actes administratifsde la pr\u00e9fecture de la Meuse ou \u00e0 compter de la d\u00e9cision rejetant le recours administratif.\nArticle 6 : Ex\u00e9cution\nLe Secr\u00e9taire G\u00e9n\u00e9ral de la pr\u00e9fecture de la Meuse, la Sous-Pr\u00e9f\u00e8te de Verdun, la DirectriceG\u00e9n\u00e9rale de l'Agence R\u00e9gionale de Sant\u00e9 Grand Est, le Directeur D\u00e9partemental des Territoires dela Meuse, les maires des communes de Remoiville, Louppy-sur-Loison, Juvigny-sur-Loison, Han-les-Juvigny et Quincy-Landz\u00e9court sont charg\u00e9s, chacun en ce qui le concerne, de l'ex\u00e9cution dupr\u00e9sent arr\u00eat\u00e9.\nLe Pj 7\nXavier DELARUE\n\nPREFET auDE LA MEUSE Cabinet\nLibert\u00e9\u00c9galit\u00e9Fraternit\u00e9\nArr\u00eat\u00e9 n\u00b0 2025-2415 du 9 d\u00e9cembre 2025portant modification de l'autorisation d'installation d'un syst\u00e8me de vid\u00e9oprotection\nLe Pr\u00e9fet de la Meuse,Chevalier de la L\u00e9gion d'Honneur,Chevalier de l'Ordre National du M\u00e9rite,\nVu le code de la s\u00e9curit\u00e9 int\u00e9rieure, notamment ses articles L.251-1 \u00e0 L.255-1 et R. 251-1 \u00e0 R. 253-4;\nVu la loi n\u00b0 78-17 du 6 janvier 1978 modifi\u00e9e relative \u00e0 l'informatique, aux fichiers et aux libert\u00e9s,ainsi que l'ensemble des textes juridiques portant ou permettant la mise en application des termes deladite loi ;\nVu le d\u00e9cret du 15 f\u00e9vrier 2023 portant nomination de Monsieur Xavier DELARUE, Pr\u00e9fet de laMeuse ;\nVu l'arr\u00eat\u00e9 minist\u00e9riel du 3 ao\u00fbt 2007 portant d\u00e9finition des normes techniques des syst\u00e8mes devid\u00e9oprotection et ses annexes techniques ;\nVu l'arr\u00eat\u00e9 pr\u00e9fectoral n\u00b0 2022-1482 du 4 juillet 2022 portant sur l'autorisation d'installation d'unsyst\u00e8me de vid\u00e9oprotection, dans l'\u00e9tablissement \u00ab CPAM de la Meuse \u00bb \u00e0 BAR LE DUC (55000);\nVu l'arr\u00eat\u00e9 pr\u00e9fectoral n\u00b0 2023-785 du 25 mai 2023 portant composition de la commission\nd\u00e9partementale des syst\u00e8mes de vid\u00e9oprotection du d\u00e9partement de la Meuse ;\nVu l'arr\u00eat\u00e9 n\u00b0 2025-2413 du 8 d\u00e9cembre 2025 portant d\u00e9l\u00e9gation de signature \u00e0 Madame Sara\nJANSSEN, Directrice de Cabinet de la Pr\u00e9fecture de la Meuse ;\nVu la demande pr\u00e9sent\u00e9e par le D\u00e9l\u00e9gu\u00e9 \u00e0 la protection des donn\u00e9es de la CPAM de BAR LE DUC,pour modifier l'autorisation d'exploiter un syst\u00e8me de vid\u00e9oprotection dans l'\u00e9tablissement, sis1 ruede POLVAL \u00e0 BAR LE DUC (55000)\nVu l'avis favorable \u00e9mis le 28 novembre 2025 par la Commission D\u00e9partementale des Syst\u00e8mes deVid\u00e9oprotection ;\nConsid\u00e9rant le caract\u00e8re proportionn\u00e9 du nombre de cam\u00e9ras envisag\u00e9es au regard des risques\u00e9voqu\u00e9s par le demandeur;\nSur proposition de la Directrice de Cabinet du Pr\u00e9fet,\nARRETE\nTel: 03 29 77 55 59Mel : ordre-public-securite-interieure@meuse.gouv.frPr\u00e9fecture de la Meuse40 rue du BourgService des s\u00e9curit\u00e9sBureau de l'ordre public et de la s\u00e9curit\u00e9 int\u00e9rieure55012 Bar-le-Duc C\u00e9dex\n1/3\n\nArticle 1\u00b0: L'article1 de l'arr\u00eat\u00e9 pr\u00e9fectoral n\u00b02022-1482 du 4juillet 2022, est modifi\u00e9 comme suit :\nLe D\u00e9l\u00e9gu\u00e9 \u00e0 la protection des donn\u00e9es est autoris\u00e9, dans les conditions fix\u00e9es au pr\u00e9sent arr\u00eat\u00e9 et\npour une dur\u00e9e de cinq ans renouvelable, \u00e0 installer, 4 cam\u00e9ras int\u00e9rieures et 3 cam\u00e9ras ext\u00e9rieures\nconform\u00e9ment au dossier annex\u00e9 \u00e0 la demande enregistr\u00e9e sous le n\u00b020240160 dans l'application\nnationale de vid\u00e9oprotection.\nCe dispositif poursuit les finalit\u00e9s suivantes :\n+ pr\u00e9vention des atteintes \u00e0 la s\u00e9curit\u00e9 des personnes et des biens dans des lieux et\u00e9tablissements ouverts au public particuli\u00e8rement expos\u00e9s \u00e0 des risques d'agression ou de vol\nArticle 2: L'article 3 de l'arr\u00eat\u00e9 pr\u00e9fectoral n\u00b02022-1482 du 4juillet 2022, est modifi\u00e9 comme suit :\nHormis le cas d'une enqu\u00eate de flagrant d\u00e9lit, d'une enqu\u00eate pr\u00e9liminaire ou d'une informationjudiciaire, les enregistrements sont d\u00e9truits dans un d\u00e9lai maximum de 15 jours.\nArticle 3 : L'article 4 de l'arr\u00eat\u00e9 pr\u00e9fectoral n\u00b02022-1482 du 4juillet 2022, est modifi\u00e9 comme suit :\nLe D\u00e9l\u00e9gu\u00e9 \u00e0 la protection des donn\u00e9es de la CPAM de BAR LE DUC, responsable de la mise en \u0153uvredu syst\u00e8me, doit se porter garant des personnes susceptibles d'intervenir dans l'exploitation ou levisionnage des images, ainsi que dans la maintenance du syst\u00e8me mis en place. Des consignes tr\u00e8spr\u00e9cises sur la confidentialit\u00e9 des images capt\u00e9es ou/et enregistr\u00e9es et des atteintes \u00e0 la vie priv\u00e9equ'elles peuvent \u00e9ventuellement impliquer sont donn\u00e9es \u00e0 toutes les personnes concern\u00e9es.\nLe droit d'acc\u00e8s aux images pourra s'exercer aupr\u00e8s du Directeur g\u00e9n\u00e9ral, du d\u00e9l\u00e9gu\u00e9 \u00e0 la protection desdonn\u00e9es, du responsable logistique et le manager de secteur.\nArticle 4 : Le reste de l'arr\u00eat\u00e9 n\u00b0 2022-1482 du 4 juillet 2022, portant autorisation d'installation d'unsyst\u00e8me de vid\u00e9oprotection, demeure sans changement et sa date de validit\u00e9 n'est pas prolong\u00e9e.\nArticle 5 : Toute modification pr\u00e9sentant un caract\u00e8re substantiel devra faire l'objet d'une d\u00e9clarationaupr\u00e8s des services pr\u00e9fectoraux (notamment changement d'activit\u00e9 dans les lieux prot\u00e9g\u00e9s -changement dans la configuration des lieux - changement affectant la protection des images)\nArticle 6 : Sans pr\u00e9judice des sanctions p\u00e9nales applicables, la pr\u00e9sente autorisation, pourra apr\u00e8s quel'int\u00e9ress\u00e9 aura \u00e9t\u00e9 mis \u00e0 m\u00eame de pr\u00e9senter ses observations, \u00eatre retir\u00e9e en cas de manquement auxdispositions des articles 10 et 10-1 de la loi du 21 janvier 1995 et de l'article 13 du d\u00e9cret du 17 octobre1996 modifi\u00e9s susvis\u00e9s, et en cas de modification des conditions au vu desquelles elle a \u00e9t\u00e9 d\u00e9livr\u00e9e.Cette autorisation ne vaut qu'au regard de la loi n\u00b0 95-73 du 21 janvier 1995 modifi\u00e9e susvis\u00e9e. Elle estd\u00e9livr\u00e9e sans pr\u00e9judice d'autres proc\u00e9dures \u00e9ventuellement applicables (code du travail, code civil,code p\u00e9nal...).\nArticle 7 : La pr\u00e9sente autorisation est publi\u00e9e au recueil des actes administratifs de la pr\u00e9fecture.\nArticle 8 : La Directrice de Cabinet et le Directeur D\u00e9partemental de la S\u00e9curit\u00e9 Publique de la Meusesont charg\u00e9s de l'ex\u00e9cution du pr\u00e9sent arr\u00eat\u00e9 dont une copie sera adress\u00e9e au D\u00e9l\u00e9gu\u00e9 \u00e0 la protectiondes donn\u00e9es de la CPAM de BAR LE DUC, Mme le maire de BAR LE DUC et \u00e0 M. le Secr\u00e9taire G\u00e9n\u00e9ral dela pr\u00e9fecture de la Meuse.\nPour le Pr\u00e9fet et par d\u00e9l\u00e9gation,La Directrice de Cabinet\nA\n>\nSara JANSSEN\n2/3\n\nDans un d\u00e9lai de deux mois \u00e0 compter de la notification du pr\u00e9sent arr\u00eat\u00e9, les recours suivantspeuvent \u00eatre introduits en recommand\u00e9 avec accus\u00e9 de r\u00e9ception :\n- soit un recours gracieux, adress\u00e9 \u00e0 Monsieur le Pr\u00e9fet de la Meuse, 40 rue du Bourg - 55 012Bar-le-Duc ;- soit un recours hi\u00e9rarchique, adress\u00e9 \u00e0 Monsieur le Ministre de l'Int\u00e9rieur, Place Beauvau -75 800 - Paris Cedex 08;- soit un recours contentieux, en saisissant le Tribunal Administratif de NANCY - 5, place de laCarri\u00e8re - CO 20038 - 54036 NANCY Cedex - le Tribunal Administratif peut \u00eatre saisi parl'application informatique \"T\u00e9l\u00e9recours citoyens\" accessible par le site Internetwww.telerecours.fr\" .\nApr\u00e8s un recours gracieux ou hi\u00e9rarchique, le d\u00e9lai du recours contentieux ne court qu'\u00e0 compter durejet explicite ou implicite de l'un de ces deux recours. Le rejet implicite intervient, suite au silencegard\u00e9 par l'administration, \u00e0 l'issue d'une p\u00e9riode de deux mois.\n3/3\n\n\nPREFET +DE LA MEUSE Cabinet\nLibert\u00e9\u00c9galit\u00e9Fraternit\u00e9\nArr\u00eat\u00e9 n\u00b0 2025-2417 du 9 d\u00e9cembre 2025portant autorisation d'installation d'un syst\u00e8me de vid\u00e9oprotection\nLe Pr\u00e9fet de la Meuse,Chevalier de la L\u00e9gion d'Honneur,Chevalier de l'Ordre National du M\u00e9rite,\nVu le code de la s\u00e9curit\u00e9 int\u00e9rieure, notamment ses articles L.251-1 \u00e0 L.255-1 et R. 251-1 \u00e0 R. 253-4;\nVu la loi n\u00b0 78-17 du 6 janvier 1978 modifi\u00e9e relative \u00e0 l'informatique, aux fichiers et aux libert\u00e9s,ainsi que l'ensemble des textes juridiques portant ou permettant la mise en application des termes deladite loi ;\nVu le d\u00e9cret du 15 f\u00e9vrier 2023 portant nomination de Monsieur Xavier DELARUE, Pr\u00e9fet de laMeuse;\nVu l'arr\u00eat\u00e9 minist\u00e9riel du 3 ao\u00fbt 2007 portant d\u00e9finition des normes techniques des syst\u00e8mes devid\u00e9oprotection et ses annexes techniques ;\nVu l'arr\u00eat\u00e9 pr\u00e9fectoral n\u00b0 2023-785 du 25 mai 2023 portant composition de la commission\nd\u00e9partementale des syst\u00e8mes de vid\u00e9oprotection du d\u00e9partement de la Meuse ;\nVu l'arr\u00eat\u00e9 n\u00b0 2025-2413 du 8 d\u00e9cembre 2025 portant d\u00e9l\u00e9gation de signature \u00e0 Madame SaraJANSSEN, Directrice de Cabinet de la Pr\u00e9fecture de la Meuse ;\nVu la demande pr\u00e9sent\u00e9e par le M. le Pr\u00e9sident Directeur G\u00e9n\u00e9ral de l'\u00e9tablissement MondialRelay en vue d'exploiter un syst\u00e8me de vid\u00e9oprotection \u00e0 la consigne n\u00b0 32530 sis 7 rue Mazel \u00e0VERDUN (55100) ;\nVu l'avis favorable \u00e9mis le 28 novembre 2025 par la Commission D\u00e9partementale des Syst\u00e8mesde Vid\u00e9oprotection ;\nConsid\u00e9rant le caract\u00e8re proportionn\u00e9 du nombre de cam\u00e9ras envisag\u00e9es au regard des risques\u00e9voqu\u00e9s par le demandeur;\nSur proposition de la Directrice de Cabinet du Pr\u00e9fet de la Meuse,\nTel: 03 29 77 55 59Mel : ordre-public-securite-interieure@meuse.gouv.frPr\u00e9fecture de la Meuse40 rue du BourgService des s\u00e9curit\u00e9sBureau de l'ordre public et de la s\u00e9curit\u00e9 int\u00e9rieure55012 Bar-le-Duc C\u00e9dex\n\nARRETE\nArticle 1\u00b0\" : M. le Pr\u00e9sident Directeur G\u00e9n\u00e9ral de l'\u00e9tablissement Mondial Relay est autoris\u00e9, dans lesconditions fix\u00e9es au pr\u00e9sent arr\u00e9t\u00e9 et pour une dur\u00e9e de cing ans renouvelable, a installer 2 cam\u00e9rasint\u00e9rieures \u00e0 la consigne 32530, conform\u00e9ment au dossier pr\u00e9sent\u00e9 et annex\u00e9 \u00e0 la demande enregistr\u00e9esous le n\u00b020240153 dans l'application nationale de vid\u00e9oprotection.Ce dispositif poursuit les finalit\u00e9s suivantes :\n* pr\u00e9vention des atteintes \u00e0 la s\u00e9curit\u00e9 des personnes et des biens dans des lieux et\u00e9tablissements ouverts au public particuli\u00e8rement expos\u00e9s \u00e0 des risques d'agression ou de vol\nArticle 2 : Le public est inform\u00e9 de la pr\u00e9sence de ces cam\u00e9ras, dans l'\u00e9tablissement cit\u00e9 \u00e0 l'article 1\u00ae,par une signal\u00e9tique appropri\u00e9e :\n* de mani\u00e8re claire, permanente et significative, \u00e0 chaque point d'acc\u00e8s du public, de l'existencedu syst\u00e8me de vid\u00e9oprotection ;\n* \u00e0 chacun de ces points, une affichette mentionne les coordonn\u00e9es du responsable aupr\u00e8sduquel s'exerce le droit d'acc\u00e8s aux images.\nHormis le cas d'une enqu\u00eate de flagrant d\u00e9lit, d'une enqu\u00eate pr\u00e9liminaire ou d'une informationjudiciaire, les enregistrements sont d\u00e9truits dans un d\u00e9lai maximum de 30jours.\nArticle 3 : M. le Pr\u00e9sident Directeur G\u00e9n\u00e9ral de l'\u00e9tablissement Mondial Relay, responsable de la mise en\u0153uvre du syst\u00e8me, doit se porter garant des personnes susceptibles d'intervenir dans l'exploitation oule visionnage des images, ainsi que dans la maintenance du syst\u00e8me mis en place. Des consignes tr\u00e8spr\u00e9cises sur la confidentialit\u00e9 des images capt\u00e9es ou/et enregistr\u00e9es et des atteintes \u00e0 la vie priv\u00e9equ'elles peuvent \u00e9ventuellement impliquer sont donn\u00e9es \u00e0 toutes les personnes concern\u00e9es.\nLe droit d'acc\u00e8s aux images pourra s'exercer aupr\u00e8s du Responsable S\u00fbret\u00e9, du Charg\u00e9 de S\u00fbret\u00e9, duDirecteur des op\u00e9rations r\u00e9seau et de l'assistante d\u00e9ploiement consignes.\nArticle 4 : Les fonctionnaires des services de gendarmerie, d\u00fbment habilit\u00e9s et d\u00e9sign\u00e9s dans lesconditions de l'article R. 253-1 du code de la s\u00e9curit\u00e9 int\u00e9rieure susmentionn\u00e9e, peuvent acc\u00e9der \u00e0 toutmoment aux images et enregistrements de ce syst\u00e8me de vid\u00e9oprotection autoris\u00e9 dans les conditionsfix\u00e9es \u00e0 l'article 1\u00b0\" du pr\u00e9sent arr\u00eat\u00e9. Le d\u00e9lai de conservation des images par ces derniers ne peutexc\u00e9der trente jours.\nArticle 5 : Toute modification pr\u00e9sentant un caract\u00e8re substantiel doit faire l'objet d'une d\u00e9clarationaupr\u00e8s des services pr\u00e9fectoraux (notamment changement d'activit\u00e9 dans les lieux prot\u00e9g\u00e9s -changement dans la configuration des lieux - changement affectant la protection des images).\nArticle 6 : Sans pr\u00e9judice des sanctions p\u00e9nales applicables, la pr\u00e9sente autorisation peut, apr\u00e8s quel'int\u00e9ress\u00e9 ait \u00e9t\u00e9 mis \u00e0 m\u00eame de pr\u00e9senter ses observations, \u00eatre retir\u00e9e en cas de manquement auxdispositions figurant aux articles L.251-2, L.251-3, L.252-1 \u00e0 L.252-6, L.253-1 \u00e0 L.253-5 du code de las\u00e9curit\u00e9 int\u00e9rieure ou \u00e0 celle r\u00e9sultant de l'article R. 253-2 du code de la s\u00e9curit\u00e9 int\u00e9rieure susvis\u00e9 ouencore en cas de modification des conditions au vu desquelles cette autorisation a \u00e9t\u00e9 d\u00e9livr\u00e9e.\nArticle 7 : La pr\u00e9sente autorisation est publi\u00e9e au recueil des actes administratifs de la pr\u00e9fecture.\nArticle 8 : La Directrice de Cabinet et le Directeur D\u00e9partemental de la S\u00e9curit\u00e9 Publique de la Meusesont charg\u00e9s de l'ex\u00e9cution du pr\u00e9sent arr\u00eat\u00e9 dont une copie sera adress\u00e9e \u00e0 M. le Pr\u00e9sident DirecteurG\u00e9n\u00e9ral de l'\u00e9tablissement Mondial Relay, \u00e0 M. le Maire de la commune de VERDUN et \u00e0 Mme la sous-pr\u00e9f\u00e8te de VERDUN.\n2/3\n\nPour le Pr\u00e9fet et par d\u00e9l\u00e9gation,La Directrice de Cabinet\nSara JANSSEN\nDans un d\u00e9lai de deux mois \u00e0 compter de la notification du pr\u00e9sent arr\u00eat\u00e9, les recours suivants peuvent \u00eatre introduits enrecommand\u00e9 avec accus\u00e9 de r\u00e9ception :\n- soit un recours gracieux, adress\u00e9 \u00e0 Monsieur le Pr\u00e9fet dela Meuse, 40 rue du Bourg \u2014 55 012 Bar-le-Duc ;- soit un recours hi\u00e9rarchique, adress\u00e9 \u00e0 Monsieur le Ministre de l'Int\u00e9rieur, Place Beauvau \u2014 75 800 \u2014Paris Cedex 08;- soit un recours contentieux, en saisissant le Tribunal Administratif de NANCY - 5, place de la Carri\u00e8re - CO20038 - 54036 NANCY Cedex - le Tribunal Administratif peut \u00eatre saisi par l'application informatique\"T\u00e9l\u00e9recours citoyens\" accessible par le site Internet wwwtelerecours.fr\".\nApr\u00e8s un recours gracieux ou hi\u00e9rarchique, le d\u00e9lai du recours contentieux ne court qu'\u00e0 compter du rejet explicite ouimplicite de l'un de ces deux recours. Le rejet implicite intervient, suite au silence gard\u00e9 par l'administration, \u00e0 l'issued'une p\u00e9riode de deux mois.\n3/3\n\n= im woo =\n= 24  :\nL 7\nJTE, ol : 7\n=\nLe LLE L : .ot Ge bom Ii  !, =\"= =\n.\nmm  ee en  Te,Et  Ru  men  Me  EPP  = 2  1\n\u00bb Do o at  ee  ee =Ber ss.  gf amsn  \"1!\n\"Re mm He a 2\n7 .\n= =.\nCA\nsy\n1\"  aree  | ar\nLI .\" LI 71  7=  oe\nLE i\n1 ro\n= 8 =1 =21\n:\n:\n:\na\n:\n:\n:\n7\n7\nesa\n\nPREFET .DE LA MEUSE Cabinet\nLibert\u00e9\u00c9galit\u00e9Fraternit\u00e9\nArr\u00eat\u00e9 n\u00b0 2025-2418 du 9 d\u00e9cembre 2025portant modification et renouvellement d'installation d'un syst\u00e8me de vid\u00e9oprotection\nLe Pr\u00e9fet de la Meuse,Chevalier de la L\u00e9gion d'Honneur,Chevalier de l'Ordre National du M\u00e9rite,\nVu le code de la s\u00e9curit\u00e9 int\u00e9rieure, notamment ses articles L.251-1 \u00e0 L.255-1 et R. 251-1 \u00e0 R. 253-4;\nVu la loi n\u00b0 78-17 du 6 janvier 1978 modifi\u00e9e relative \u00e0 l'informatique, aux fichiers et aux libert\u00e9s,ainsi que l'ensemble des textes juridiques portant ou permettant la mise en application des termes deladite loi ;\nVu le d\u00e9cret du 15 f\u00e9vrier 2023 portant nomination de Monsieur Xavier DELARUE, Pr\u00e9fet de laMeuse;\nVu l'arr\u00eat\u00e9 minist\u00e9riel du 3 ao\u00fbt 2007 portant d\u00e9finition des normes techniques des syst\u00e8mes devid\u00e9oprotection et ses annexes techniques ;\nVu l'arr\u00eat\u00e9 pr\u00e9fectoral n\u00b02020-2323 du 3 novembre 2020 portant sur l'autorisation d'installationd'un syst\u00e8me de vid\u00e9oprotection, pour la Pharmacie des Sources situ\u00e9e au 6 place de la mairie \u00e0 Fains-Veel (55000)\nVu l'arr\u00eat\u00e9 pr\u00e9fectoral n\u00b0 2023-785 du 25 mai 2023 portant composition de la commission\nd\u00e9partementale des syst\u00e8mes de vid\u00e9oprotection du d\u00e9partement de la Meuse ;\nVu l'arr\u00eat\u00e9 n\u00b0 2025-2413 du 8 d\u00e9cembre 2025 portant d\u00e9l\u00e9gation de signature \u00e0 Madame SaraJANSSEN, Directrice de Cabinet de la Pr\u00e9fecture de la Meuse ;\nVu la demande pr\u00e9sent\u00e9e par la g\u00e9rante de la Pharmacie des Sources, portant modification et\nrenouvellement de l'autorisation d'exploiter un syst\u00e8me de vid\u00e9oprotection, sis 6 place de la mairie \u00e0\nFains-Veel (55000) ;\nVu l'avis favorable \u00e9mis le 28 novembre 2025 par la Commission D\u00e9partementale des Syst\u00e8mesde Vid\u00e9oprotection ;\nConsid\u00e9rant le caract\u00e8re proportionn\u00e9 du nombre de cam\u00e9ras envisag\u00e9es au regard des risques\u00e9voqu\u00e9s par le demandeur;\nSur proposition de la Directrice de Cabinet du Pr\u00e9fet de la Meuse,\nTel': 03 29 77 55 87Pr\u00e9fecture de la MeuseService des s\u00e9curit\u00e9sBureau de l'ordre public et de la s\u00e9curit\u00e9 int\u00e9rieure40 rue du BourgCS 3051255012 Bar-le-Duc C\u00e9dex\n\nARRETE\nArticle 1\u00b0 : L'autorisation pr\u00e9c\u00e9demment accord\u00e9e par l'arr\u00eat\u00e9 pr\u00e9fectoral n\u00b02020-2323 du 3 novembre\u00a92020 portant sur l'autorisation d'installation d'un syst\u00e8me de vid\u00e9oprotection, pour la Pharmacie desSources situ\u00e9e au 6 place de la mairie \u00e0 Fains-Veel (55000) est reconduite, pour une dur\u00e9e de cing ans .renouvelable, conform\u00e9ment au dossier annex\u00e9 \u00e0 la demande enregistr\u00e9e sous le n\u00b0 20240126 dansl'application nationale de vid\u00e9oprotection.\nArticle 2 : L'article 1 de l'arr\u00eat\u00e9 pr\u00e9fectoral n\u00b02020-2323 du 3 novembre 2020, est modifi\u00e9 comme suit :\nLa g\u00e9rante de la Pharmacie des Sources est autoris\u00e9e, dans les conditions fix\u00e9es au pr\u00e9sent arr\u00eat\u00e9 etpour une dur\u00e9e de cinq ans renouvelable, \u00e0 installer 5 cam\u00e9ras int\u00e9rieures, conform\u00e9ment au dossierpr\u00e9sent\u00e9 et annex\u00e9 \u00e0 la demande enregistr\u00e9e sous le n\u00b020240126 dans l'application nationale devid\u00e9oprotection.\nCe dispositif poursuit les finalit\u00e9s suivantes :\n* pr\u00e9vention des atteintes \u00e0 la s\u00e9curit\u00e9 des personnes et des biens dans des lieux et\u00e9tablissements ouverts au public particuli\u00e8rement expos\u00e9s \u00e0 des risques d'agression ou de vol\nArticle 3 : L'article 3 de l'arr\u00eat\u00e9 pr\u00e9fectoral n\u00b02020-2323 du 3 novembre 2020, est modifi\u00e9 comme suit :\nHormis le cas d'une enqu\u00eate de flagrant d\u00e9lit, d'une enqu\u00eate pr\u00e9liminaire ou d'une informationjudiciaire, les enregistrements sont d\u00e9truits dans un d\u00e9lai maximum de 30 jours.\nArticle 4 : L'article 4 de l'arr\u00eat\u00e9 pr\u00e9fectoral n\u00b0n\u00b02020-2323 du 3 novembre 2020, est modifi\u00e9 commesuit:\nLa g\u00e9rante de la Pharmacie des Sources, responsable de la mise en \u0153uvre du syst\u00e8me, doit se portergarant des personnes susceptibles d'intervenir dans l'exploitation ou le visionnage des images, ainsi quedans la maintenance du syst\u00e8me mis en place. Des consignes tr\u00e8s pr\u00e9cises sur la confidentialit\u00e9 desimages capt\u00e9es ou/et enregistr\u00e9es et des atteintes \u00e0 la vie priv\u00e9e qu'elles peuvent \u00e9ventuellementimpliquer sont donn\u00e9es \u00e0 toutes les personnes concern\u00e9es.\nLe droit d'acc\u00e8s aux images pourra s'exercer aupr\u00e8s de la g\u00e9rante et de la pharmacienne adjointe.\nArticle 5 : Le reste de l'arr\u00eat\u00e9 n\u00b02020-2323 du 3 novembre 2020, portant autorisation d'installationd'un syst\u00e8me de vid\u00e9oprotection demeure sans changement,\nArticle 6 : Toute modification pr\u00e9sentant un caract\u00e8re substantiel doit faire l'objet d'une d\u00e9clarationaupr\u00e8s des services pr\u00e9fectoraux (notamment changement d'activit\u00e9 dans les lieux prot\u00e9g\u00e9s -changement dans la configuration des lieux - changement affectant la protection des images).\nArticle 7 : Sans pr\u00e9judice des sanctions p\u00e9nales applicables, la pr\u00e9sente autorisation peut, apr\u00e8s quel'int\u00e9ress\u00e9 ait \u00e9t\u00e9 mis \u00e0 m\u00eame de pr\u00e9senter ses observations, \u00eatre retir\u00e9e en cas de manquement auxdispositions figurant aux articles L.251-2, L.251-3, L.252-1 \u00e0 L.252-6, L.253-1 \u00e0 L.253-5 du code de las\u00e9curit\u00e9 int\u00e9rieure ou \u00e0 celle r\u00e9sultant de l'article R. 253-2 du code de la s\u00e9curit\u00e9 int\u00e9rieure susvis\u00e9 ouencore en cas de modification des conditions au vu desquelles cette autorisation a \u00e9t\u00e9 d\u00e9livr\u00e9e.\nArticle 8 : La pr\u00e9sente autorisation est publi\u00e9e au recueil des actes administratifs de la pr\u00e9fecture.\nArticle 9 : La Directrice de Cabinet et le Directeur D\u00e9partemental de la S\u00e9curit\u00e9 Publique de la Meusesont charg\u00e9s de l'ex\u00e9cution du pr\u00e9sent arr\u00eat\u00e9 dont une copie sera adress\u00e9e \u00e0 la g\u00e9rante de la Pharmaciedes Sources, \u00e0 M. le Maire de la commune de Fains-Veel et \u00e0 M. le Secr\u00e9taire G\u00e9n\u00e9ral de la pr\u00e9fecture dela Meu\n2/3\n\nPour le Pr\u00e9fet et par d\u00e9l\u00e9gation,La Directrice de Cabinet\nJF\nSara JANSSEN\nDans un d\u00e9lai de deux mois \u00e0 compter de la notification du pr\u00e9sent arr\u00eat\u00e9, les recours suivants peuvent \u00eatre introduits enrecommand\u00e9 avec accus\u00e9 de r\u00e9ception :\n- soit un recours gracieux, adress\u00e9 \u00e0 Monsieur le Pr\u00e9fet de la Meuse, 40 rue du Bourg \u2014 55 012 Bar-le-Duc ;- soit un recours hi\u00e9rarchique, adress\u00e9 \u00e0 Monsieur le Ministre de l'int\u00e9rieur, Place Beauvau \u2014 75 800 \u2014Paris Cedex 08;- soit un recours contentieux, en saisissant le Tribunal Administratif de NANCY - 5, place de la Carri\u00e8re - CO20038 - 54036 NANCY Cedex - le Tribunal Administratif peut \u00eatre saisi par l'application informatique\"T\u00e9l\u00e9recours citoyens\" accessible par le site Internet wwwtelerecours. fr\".\nApr\u00e8s un recours gracieux ou hi\u00e9rarchique, le d\u00e9lai du recours contentieux ne court qu'\u00e0 compter du rejet explicite ouimplicite de l'un de ces deux recours. Le rejet implicite intervient, suite au silence gard\u00e9 par l'administration, \u00e0 l'issued'une p\u00e9riode de deux mois.\n3/3\n\n\\\nTE  \" \"Fr\"1  \"1 =  7 L L\na\na mm  el \u00ab\noo? oe me Me me ju oe ok lu\n.\n=\na\n7\n7\n7\n1\n:\n7 7\n' ..er  ee  um\n\u2014. LL \u2014\noo = = okee  ae ee  eg  em  Lu\nEm  mrsis  -comes  8\nh 1\"  I\"\nL Lars =\"Im  eee\n=\nun . oom ool ooo  = sos sn  == me  aie  1 sist\n. . .\n. . 1, Lr In =\" 1%  * ss  1\"\n=\n. . 7\n~\n. =\n. . \"on = . .os  \"\n=\n=\n=4 |\n. - 7. 7 h LJ = .\n5 .  .\n7 . .\n=\n= =\n\nPREFET .DE LA MEUSE Cabinet\nLibert\u00e9\u00c9galit\u00e9Fraternit\u00e9\nArr\u00eat\u00e9 n\u00b0 2025-2419 du 9 d\u00e9cembre 2025portant modification et renouvellement d'installation d'un syst\u00e8me de vid\u00e9oprotection\nLe Pr\u00e9fet de la Meuse,Chevalier de la L\u00e9gion d'Honneur,Chevalier de l'Ordre National du M\u00e9rite,\nVu le code de la s\u00e9curit\u00e9 int\u00e9rieure, notamment ses articles L.251-1 \u00e0 L.255-1 et R. 251-1 \u00e0 R. 253-4;\nVu la loi n\u00b0 78-17 du 6 janvier 1978 modifi\u00e9e relative \u00e0 l'informatique, aux fichiers et aux libert\u00e9s,ainsi que l'ensemble des textes juridiques portant ou permettant la mise en application des termes deladite loi ;\nVu le d\u00e9cret du 15 f\u00e9vrier 2023 portant nomination de Monsieur Xavier DELARUE, Pr\u00e9fet de laMeuse;\nVu l'arr\u00eat\u00e9 minist\u00e9riel du 3 ao\u00fbt 2007 portant d\u00e9finition des normes techniques des syst\u00e8mes devid\u00e9oprotection et ses annexes techniques ;\nVu l'arr\u00eat\u00e9 pr\u00e9fectoral n\u00b02016-388 du 22 f\u00e9vrier 2016 portant sur l'autorisation d'installation d'unsyst\u00e8me de vid\u00e9oprotection, renouvel\u00e9 par l'arr\u00eat\u00e9 2021-563 du 22 mars 2021 pour le Cr\u00e9dit Mutuel sis3 boulevard de la Rochelle \u00e0 Bar le Duc (55000)\nVu l'arr\u00eat\u00e9 pr\u00e9fectoral n\u00b0 2023-785 du 25 mai 2023 portant composition de la commission\nd\u00e9partementale des syst\u00e8mes de vid\u00e9oprotection du d\u00e9partement de la Meuse ;\nVu l'arr\u00eat\u00e9 n\u00b0 2025-2413 du 8 d\u00e9cembre 2025 portant d\u00e9l\u00e9gation de signature \u00e0 Madame SaraJANSSEN, Directrice de Cabinet de la Pr\u00e9fecture de la Meuse ;\nVu la demande pr\u00e9sent\u00e9e par le charg\u00e9 de s\u00e9curit\u00e9 du Cr\u00e9dit Mutuel, portant modification etrenouvellement de l'autorisation d'exploiter un syst\u00e8me de vid\u00e9oprotection, sis 3 boulevard de la\nRochelle \u00e0 Bar le Duc (55000) ;\nVu l'avis favorable \u00e9mis le 28 novembre 2025 par la Commission D\u00e9partementale des Syst\u00e8mesde Vid\u00e9oprotection ;\nConsid\u00e9rant le caract\u00e8re proportionn\u00e9 du nombre de cam\u00e9ras envisag\u00e9es au regard des risques\u00e9voqu\u00e9s par le demandeur;\nSur proposition de la Directrice de Cabinet du Pr\u00e9fet de la Meuse,\nTel : 03 29 77 55 59Pr\u00e9fecture de la MeuseService des s\u00e9curit\u00e9sBureau de l'ordre public et de la s\u00e9curit\u00e9 int\u00e9rieure40 rue du BourgCS 3051255012 Bar-le-Duc C\u00e9dex\n\nARRETE\nArticle 1\u00b0 : L'autorisation pr\u00e9c\u00e9demment accord\u00e9e par l'arr\u00eat\u00e9 pr\u00e9fectoral n\u00b02016-388 du 22 f\u00e9vrier2016 portant sur l'autorisation d'installation d'un syst\u00e8me de vid\u00e9oprotection, renouvel\u00e9 par l'arr\u00eat\u00e92021-563 du 22 mars 2021 pour le Cr\u00e9dit Mutuel sis 3 boulevard de la Rochelle \u00e0 Bar le Duc estreconduite, pour une dur\u00e9e de cinq ans renouvelable, conform\u00e9ment au dossier annex\u00e9 \u00e0 la demandeenregistr\u00e9e sous le n\u00b020240165 dans l'application nationale de vid\u00e9oprotection.\nArticle 2 : L'article 1 de l'arr\u00eat\u00e9 2016-388 du 22 f\u00e9vrier 2016 portant sur l'autorisation d'installation d'unsyst\u00e8me de vid\u00e9oprotection, renouvel\u00e9 par l'arr\u00eat\u00e9 2021-563 du 22 mars 2021 est modifi\u00e9 comme suit :\nle charg\u00e9 de s\u00e9curit\u00e9 du Cr\u00e9dit Mutuel est autoris\u00e9, dans les conditions fix\u00e9es au pr\u00e9sent arr\u00eat\u00e9 et pourune dur\u00e9e de cinq ans renouvelable, \u00e0 installer 8 cam\u00e9ras int\u00e9rieures et 1 cam\u00e9ra ext\u00e9rieure,conform\u00e9ment au dossier pr\u00e9sent\u00e9 et annex\u00e9 \u00e0 la demande enregistr\u00e9e sous le n\u00b020240165 dansl'application nationale de vid\u00e9oprotection.\nCe dispositif poursuit les finalit\u00e9s suivantes :\n* pr\u00e9vention des atteintes \u00e0 la s\u00e9curit\u00e9 des personnes et des biens dans des lieux et\u00e9tablissements ouverts au public particuli\u00e8rement expos\u00e9s \u00e0 des risques d'agression ou de vol\n* protection des abords imm\u00e9diats des b\u00e2timents et des installations de lieux et \u00e9tablissementsrelevant d'une personne morale de droit priv\u00e9 expos\u00e9s \u00e0 des actes de terrorisme\nArticle 3 : L'article 4 de l'arr\u00eat\u00e9 2016-388 du 22 f\u00e9vrier 2016 portant sur l'autorisation d'installation d'unsyst\u00e8me de vid\u00e9oprotection, renouvel\u00e9 par l'arr\u00eat\u00e9 2021-563 du 22 mars 2021 susvis\u00e9 est modifi\u00e9comme suit :\nLe charg\u00e9 de s\u00e9curit\u00e9 du Cr\u00e9dit Mutuel, responsable de la mise en \u0153uvre du syst\u00e8me, doit se portergarant des personnes susceptibles d'intervenir dans l'exploitation ou le visionnage des images, ainsi quedans la maintenance du syst\u00e8me mis en place. Des consignes tr\u00e8s pr\u00e9cises sur la confidentialit\u00e9 desimages capt\u00e9es ou/et enregistr\u00e9es et des atteintes \u00e0 la vie priv\u00e9e qu'elles peuvent \u00e9ventuellementimpliquer sont donn\u00e9es \u00e0 toutes les personnes concern\u00e9es.\nLe droit d'acc\u00e8s aux images pourra s'exercer aupr\u00e8s du des op\u00e9rateurs du centre de t\u00e9l\u00e9surveillance,des techniciens de l'installateur/mainteneur, le personnel de s\u00e9curit\u00e9, le personnel de la banque\nArticle 4 : Le reste de l'arr\u00eat\u00e9 2016-388 du 22 f\u00e9vrier 2016 portant sur l'autorisation d'installation d'unsyst\u00e8me de vid\u00e9oprotection, renouvel\u00e9 par l'arr\u00eat\u00e9 2021-563 du 22 mars 2021 demeure sanschangement.\nArticle 5 : Toute modification pr\u00e9sentant un caract\u00e8re substantiel doit faire l'objet d'une d\u00e9clarationaupr\u00e8s des services pr\u00e9fectoraux (notamment changement d'activit\u00e9 dans les lieux prot\u00e9g\u00e9s -changement dans la configuration des lieux - changement affectant la protection des images).\nArticle 6 : Sans pr\u00e9judice des sanctions p\u00e9nales applicables, la pr\u00e9sente autorisation peut, apr\u00e8s quel'int\u00e9ress\u00e9 ait \u00e9t\u00e9 mis \u00e0 m\u00eame de pr\u00e9senter ses observations, \u00eatre retir\u00e9e en cas de manquement auxdispositions figurant aux articles L.251-2, L.251-3, L.252-1 \u00e0 L.252-6, L.253-1 \u00e0 L.253-5 du code de las\u00e9curit\u00e9 int\u00e9rieure ou \u00e0 celle r\u00e9sultant de l'article R. 253-2 du code de la s\u00e9curit\u00e9 int\u00e9rieure susvis\u00e9 ouencore en cas de modification des conditions au vu desquelles cette autorisation a \u00e9t\u00e9 d\u00e9livr\u00e9e.\nArticle 7 : La pr\u00e9sente autorisation est publi\u00e9e au recueil des actes administratifs de la pr\u00e9fecture.\n2/3\n\nArticle 8 : La Directrice de Cabinet et le Directeur d\u00e9partemental de la Police Nationale sont charg\u00e9sde l'ex\u00e9cution du pr\u00e9sent arr\u00eat\u00e9 dont une copie sera adress\u00e9e au charg\u00e9 de s\u00e9curit\u00e9 du Cr\u00e9dit Mutuel, \u00e0Mme. le Maire de Bar le Duc, et \u00e0 M. le Secr\u00e9taire G\u00e9n\u00e9ral de la pr\u00e9fecture de la Meuse\nPour le Pr\u00e9fet et par d\u00e9l\u00e9gation,La Directrice de Cabinet\nSara JANSSEN\nDans un d\u00e9lai de deux mois \u00e0 compter de la notification du pr\u00e9sent arr\u00eat\u00e9, les recours suivants peuvent \u00eatre introduits enrecommand\u00e9 avec accus\u00e9 de r\u00e9ception :\n- soit un recours gracieux, adress\u00e9 \u00e0 Monsieur le Pr\u00e9fet de la Meuse, 40 rue du Bourg \u2014 55 012 Bar-le-Duc ;- soit un recours hi\u00e9rarchique, adress\u00e9 \u00e0 Monsieur le Ministre de l'Int\u00e9rieur, Place Beauvau \u2014 75 800 \u2014Paris Cedex 08;- soit un recours contentieux, en saisissant le Tribunal Administratif de NANCY- 5, place de la Carri\u00e8re - CO20038 - 54036 NANCY Cedex - le Tribunal Administratif peut \u00eatre saisi par l'application informatique\"T\u00e9l\u00e9recours citoyens\" accessible par le site Internet www.telerecours fr\".\nApr\u00e8s un recours gracieux ou hi\u00e9rarchique, le d\u00e9lai du recours contentieux ne court qu'\u00e0 compter du rejet explicite ouimplicite de l'un de ces deux recours. Le rejet implicite intervient, suite au silence gard\u00e9 par l'administration, \u00e0 l'issued'une p\u00e9riode de deux mois.\n3/3\n\n+  .  Los.\nL a=  Fes.\nee ee\nerect\n=  8\n=.\nL .\naoe  ca\n1.ee ee\nSt Mee  ee  a  es  14\n= : DA  TELE\n=\nEden  \"mm  nus mes  mel  mme, \"un  m\u0153muuuss DeBe  Slt  me  amuse \u00e0 o\u00f9 2 \"A dim =  =mms  >\u00bbamos ie be i  ee  eeoe  ee  Pee ee  eSse Pe\nool  dd  2\na\n\nPREFET .DE LA MEUSE Cabinet\nLibert\u00e9\u00c9galit\u00e9Fraternit\u00e9\nArr\u00eat\u00e9 n\u00b0 2025-2420 du 9 d\u00e9cembre 2025portant modification de l'autorisation d'installation d'un syst\u00e8me de vid\u00e9oprotection\nLe Pr\u00e9fet de la Meuse,Chevalier de la L\u00e9gion d'Honneur,Chevalier de l'Ordre National du M\u00e9rite,\nVu le code de la s\u00e9curit\u00e9 int\u00e9rieure, notamment ses articles L.251-1 \u00e0 L.255-1 et R. 251-1 \u00e0 R. 253-4;\nVu la loi n\u00b0 78-17 du 6 janvier 1978 modifi\u00e9e relative \u00e0 l'informatique, aux fichiers et aux libert\u00e9s,ainsi que l'ensemble des textes juridiques portant ou permettant la mise en application des termes deladite loi ;\nVu le d\u00e9cret du 15 f\u00e9vrier 2023 portant nomination de Monsieur Xavier DELARUE, Pr\u00e9fet de laMeuse ;\nVu l'arr\u00eat\u00e9 minist\u00e9riel du 3 ao\u00fbt 2007 portant d\u00e9finition des normes techniques des syst\u00e8mes devid\u00e9oprotection et ses annexes techniques ;\nVu l'arr\u00eat\u00e9 pr\u00e9fectoral n\u00b0 2016-387 du 22 f\u00e9vrier 2016 portant sur l'autorisation d'installation d'unsyst\u00e8me de vid\u00e9oprotection, et l'arr\u00eat\u00e9 2020-2327 du 3 novembre 2020 portant sur le renouvellementet modification d'un syst\u00e8me de vid\u00e9oprotection, dans l'\u00e9tablissement GIFI \u00e0 Verdun (55100) ;\nVu l'arr\u00eat\u00e9 pr\u00e9fectoral n\u00b0 2023-785 du 25 mai 2023 portant composition de la commission\nd\u00e9partementale des syst\u00e8mes de vid\u00e9oprotection du d\u00e9partement de la Meuse ;\nVu l'arr\u00eat\u00e9 n\u00b0 2025-2413 du 8 d\u00e9cembre 2025 portant d\u00e9l\u00e9gation de signature \u00e0 Madame Sara\nJANSSEN, Directrice de Cabinet de la Pr\u00e9fecture de la Meuse;\nVu la demande pr\u00e9sent\u00e9e par le M. le Directeur inventaires et Proc\u00e9dures du groupe GIFI, pourmodifier et renouveler l'autorisation d'exploiter un syst\u00e8me de vid\u00e9oprotection dans l'\u00e9tablissement,sis ZAC \u00e0 Verdun Sud \u00e0 \u00e0 Verdun (55100)\nVu l'avis favorable \u00e9mis le 28 novembre 2025 par la Commission D\u00e9partementale des Syst\u00e8mes deVid\u00e9oprotection ;\nConsid\u00e9rant le caract\u00e8re proportionn\u00e9 du nombre de cam\u00e9ras envisag\u00e9es au regard des risques\u00e9voqu\u00e9s par le demandeur;\nSur proposition de la Directrice de Cabinet du Pr\u00e9fet,\nTel: 03 29 77 55 59Mel : ordre-public-securite-interieure@meuse.gouv.frPr\u00e9fecture de la Meuse40 rue du BourgService des s\u00e9curit\u00e9sBureau de l'ordre public et de la s\u00e9curit\u00e9 int\u00e9rieure55012 Bar-le-Duc C\u00e9dex1/3\n\nARRETE\nArticle 1\u00b0 : L'autorisation pr\u00e9c\u00e9demment accord\u00e9e par l'arr\u00eat\u00e9 pr\u00e9fectoral n\u00b0 2016-387 du 22 f\u00e9vrier2016 portant sur l'autorisation d'installation d'un syst\u00e8me de vid\u00e9oprotection, et l'arr\u00eat\u00e9 2020-2327 du3 novembre 2020 portant modification et renouvellement d'un syst\u00e8me de vid\u00e9oprotection pourl'\u00e9tablissement GIFI \u00e0 Verdun est reconduite, pour une dur\u00e9e de cinq ans renouvelable, conform\u00e9mentau dossier annex\u00e9 \u00e0 la demande enregistr\u00e9e sous le n\u00b020240171 dans l'application nationale devid\u00e9oprotection.\nArticle 2: l'article 1\u00b0 de l'arr\u00eat\u00e9 n\u00b0 2016-387 du 22 f\u00e9vrier 2016 portant sur l'autorisation d'installation\nd'un syst\u00e8me de vid\u00e9oprotection, et l'arr\u00eat\u00e9 2020-2327 du 3 novembre 2020 portant sur le\nrenouvellement et modification d'un syst\u00e8me de vid\u00e9oprotection est modifi\u00e9 comme suit :\nM. le Directeur Inventaires et Proc\u00e9dures du groupe GIFI est autoris\u00e9, dans les conditions fix\u00e9es aupr\u00e9sent arr\u00eat\u00e9 et pour une dur\u00e9e de cing ans renouvelable, \u00e0 installer 6 cam\u00e9ras int\u00e9rieures \u00e0 l'enseigneGIFI sis ZAC de Verdun Sud \u00e0 Verdun, conform\u00e9ment au dossier pr\u00e9sent\u00e9.\nArticle 3 : L'article 4 de l'arr\u00eat\u00e9 n\u00b0 2016-387 du 22 f\u00e9vrier 2016 portant sur l'autorisation d'installationd'un syst\u00e8me de vid\u00e9oprotection, et l'arr\u00eat\u00e9 2020-2327 du 3 novembre 2020 portant sur lamodification et renouvellement, susvis\u00e9 est modifi\u00e9 comme suit :\nM. le Directeur inventaires et Proc\u00e9dures du groupe GIFI, responsable de la mise en \u0153uvre du syst\u00e8me,doit se porter garant des personnes susceptibles d'intervenir dans l'exploitation ou le visionnage desimages, ainsi que dans la maintenance du syst\u00e8me mis en place. Des consignes tr\u00e8s pr\u00e9cises sur laconfidentialit\u00e9 des images capt\u00e9es ou/et enregistr\u00e9es et des atteintes \u00e0 la vie priv\u00e9e qu'elles peuvent\u00e9ventuellement impliquer sont donn\u00e9es \u00e0 toutes les personnes concern\u00e9es.\nLe droit d'acc\u00e8s aux images pourra s'exercer aupr\u00e8s du Responsable s\u00e9curit\u00e9, s\u00fbret\u00e9 et management durisque, du charg\u00e9 de s\u00fbret\u00e9 et s\u00e9curit\u00e9, de l'assistante s\u00fbret\u00e9, audit et contr\u00f4le et du responsable dumagasin.\nArticle 4: Le reste de l'arr\u00eat\u00e9. pr\u00e9fectoral n\u00b0 2016-387 du 22 f\u00e9vrier 2016 portant sur l'autorisationd'installation d'un syst\u00e8me de vid\u00e9oprotection, modifi\u00e9 et renouvel\u00e9 par l'arr\u00eat\u00e9 2020-2327 du 3novembre 2020, demeure sans changement.\nArticle 5 : Toute modification pr\u00e9sentant un caract\u00e8re substantiel devra faire l'objet d'une d\u00e9clarationaupr\u00e8s des services pr\u00e9fectoraux (notamment changement d'activit\u00e9 dans les lieux prot\u00e9g\u00e9s -changement dans la configuration des lieux - changement affectant la protection des images)\nArticle 6 : Sans pr\u00e9judice des sanctions p\u00e9nales applicables, la pr\u00e9sente autorisation, pourra apr\u00e8s quel'int\u00e9ress\u00e9 aura \u00e9t\u00e9 mis \u00e0 m\u00eame de pr\u00e9senter ses observations, \u00eatre retir\u00e9e en cas de manquement auxdispositions des articles 10 et 10-1 de la loi du 21 janvier 1995 et de l'article 13 du d\u00e9cret du 17 octobre1996 modifi\u00e9s susvis\u00e9s, et en cas de modification des conditions au vu desquelles elle a \u00e9t\u00e9 d\u00e9livr\u00e9e.Cette autorisation ne vaut qu'au regard de la loi n\u00b0 95-73 du 21 janvier 1995 modifi\u00e9e susvis\u00e9e. Elle estd\u00e9livr\u00e9e sans pr\u00e9judice d'autres proc\u00e9dures \u00e9ventuellement applicables (code du travail, code civil,code p\u00e9nal...).\nArticle 7 : La pr\u00e9sente autorisation est publi\u00e9e au recueil des actes administratifs de la pr\u00e9fecture.\nArticle 8 : La Directrice de Cabinet et le Directeur D\u00e9partemental de la S\u00e9curit\u00e9 Publique de la Meusesont charg\u00e9s de l'ex\u00e9cution du pr\u00e9sent arr\u00eat\u00e9 dont une copie sera adress\u00e9e M. le Directeur Inventaireset Proc\u00e9dures du groupe GIFI, \u00e0 M. le maire de Verdun et Mme la Sous-Pr\u00e9f\u00e8te de Verdun.\n2/3\n\nPour le Pr\u00e9fet et par d\u00e9l\u00e9gation,La Directrice de Cabinet\nSara JANSSEN\nDans un d\u00e9lai de deux mois \u00e0 compter de la notification du pr\u00e9sent arr\u00eat\u00e9, les recours suivantspeuvent \u00eatre introduits en recommand\u00e9 avec accus\u00e9 de r\u00e9ception :\n- soit un recours gracieux, adress\u00e9 \u00e0 Monsieur le Pr\u00e9fet de la Meuse, 40 rue du Bourg - 55 012Bar-le-Duc;- soit un recours hi\u00e9rarchique, adress\u00e9 \u00e0 Monsieur le Ministre de l'Int\u00e9rieur, Place Beauvau -75 800 - Paris Cedex 08;- soit Un recours contentieux, en saisissant le Tribunal Administratif de NANCY - 5, place de laCarri\u00e8re - CO 20038 - 54036 NANCY Cedex - le Tribunal Administratif peut \u00eatre saisi parl'application informatique \"T\u00e9l\u00e9recours citoyens\" accessible par le site Internetwww.telerecours.fr\".\nApr\u00e8s un recours gracieux ou hi\u00e9rarchique, le d\u00e9lai du recours contentieux ne court qu'\u00e0 compter durejet explicite ou implicite de l'un de ces deux recours. Le rejet implicite intervient, suite au silencegard\u00e9 par l'administration, \u00e0 l'issue d'une p\u00e9riode de deux mois.\n3/3\n\n-\nre  AU  ! 7ns  re.  i\n:  |\n\u2014  fm.  2m  LL \u2014..: IE wt 6eM  ee  \"+\"  me\nsmyrna\neof  eR  \"|. \"\"J\nde  dupe  , =  L  cede  mom  eee \u00e0 \"emmn  o\u00f9 donne  y  du... dl  +  =,\n: =:  =  ara\n7 a\" .\n\"\n=\n_ . = L :\n. .L . .\n7 La . 7e 1 .\n=\nL = . :\na : = = h :\n: > on .\n7 a\n=\n. h . - Es =\n7\n. =\n1 I _ : '\nf\n=\n1 . . L 7 . LI :\n- L 7 \u00bb L \"uo. mu\n\nPREFET =DE LA MEUSE : Cabinet\nLibert\u00e9\u00c9galit\u00e9Fraternit\u00e9\nArr\u00eat\u00e9 n\u00b0 2025-2421 du 9 d\u00e9cembre 2025portant autorisation d'installation d'un syst\u00e8me de vid\u00e9oprotection\nLe Pr\u00e9fet de la Meuse,Chevalier de la L\u00e9gion d'Honneur,Chevalier de l'Ordre National du M\u00e9rite,\nVu le code de la s\u00e9curit\u00e9 int\u00e9rieure, notamment ses articles L.251-1 \u00e0 L.255-1 et R. 251-1 \u00e0 R. 253-4;\nVu la loi n\u00b0 78-17 du 6 janvier 1978 modifi\u00e9e relative \u00e0 l'informatique, aux fichiers et aux libert\u00e9s,ainsi que l'ensemble des textes juridiques portant ou permettant la mise en application des termes deladite loi ;\nVu le d\u00e9cret du 15 f\u00e9vrier 2023 portant nomination de Monsieur Xavier DELARUE, Pr\u00e9fet de laMeuse;\nVu l'arr\u00eat\u00e9 minist\u00e9riel du 3 ao\u00fbt 2007 portant d\u00e9finition des normes techniques des syst\u00e8mes devid\u00e9oprotection et ses annexes techniques ;\nVu l'arr\u00eat\u00e9 pr\u00e9fectoral n\u00b0 2023-785 du 25 mai 2023 portant composition de la commission\nd\u00e9partementale des syst\u00e8mes de vid\u00e9oprotection du d\u00e9partement de la Meuse ;\nVu l'arr\u00eat\u00e9 n\u00b0 2025-2413 du 8 d\u00e9cembre 2025 portant d\u00e9l\u00e9gation de signature \u00e0 Madame SaraJANSSEN, Directrice de Cabinet de la Pr\u00e9fecture de la Meuse ;\nVu la demande pr\u00e9sent\u00e9e par le Directeur Prospective et D\u00e9veloppement d'Orange Store en vued'exploiter un syst\u00e8me de vid\u00e9oprotection au sein de l'\u00e9tablissement sis 2 rue Andr\u00e9 Maginot \u00e0 BAR LEDUC (55000)\nVu l'avis favorable \u00e9mis le 28 novembre 2025 par la Commission D\u00e9partementale des Syst\u00e8mesde Vid\u00e9oprotection ;\nConsid\u00e9rant le caract\u00e8re proportionn\u00e9 du nombre de cam\u00e9ras envisag\u00e9es au regard des risques\u00e9voqu\u00e9s par le demandeur;\nSur proposition de la Directrice de Cabinet du Pr\u00e9fet de la Meuse,\nTel: 03 29 77 55 59Mel : ordre-public-securite-interieure@meuse.gouv.frPr\u00e9fecture de la Meuse40 rue du BourgService des s\u00e9curit\u00e9sBureau de l'ordre public et de la s\u00e9curit\u00e9 int\u00e9rieure55012 Bar-le-Duc C\u00e9dex\n\nARRETE\nArticle 1\u00b0: Le Directeur Prospective et D\u00e9veloppement d'Orange Store est autoris\u00e9, dans les conditionsfix\u00e9es au pr\u00e9sent arr\u00eat\u00e9 et pour une dur\u00e9e de cing ans renouvelable, \u00e0 installer 3 cam\u00e9ras int\u00e9rieures,conform\u00e9ment au dossier pr\u00e9sent\u00e9 et annex\u00e9 \u00e0 la demande enregistr\u00e9e sous le n\u00b020240187 dansl'application nationale de vid\u00e9oprotection.Ce dispositif poursuit les finalit\u00e9s suivantes :\n* pr\u00e9vention des atteintes \u00e0 la s\u00e9curit\u00e9 des personnes et des biens dans des lieux et\u00e9tablissements ouverts au public particuli\u00e8rement expos\u00e9s \u00e0 des risques d'agression ou de vol\n* protection des abords imm\u00e9diats des b\u00e2timents et des installations des commer\u00e7ants dans deslieux expos\u00e9s \u00e0 des risques d'agression et de vol\nArticle 2: Le public est inform\u00e9 de la pr\u00e9sence de ces cam\u00e9ras, dans l'\u00e9tablissement cit\u00e9 \u00e0 l'article 1\u00b0,par une signal\u00e9tique appropri\u00e9e :\n* de mani\u00e8re claire, permanente et significative, \u00e0 chaque point d'acc\u00e8s du public, de l'existencedu syst\u00e8me de vid\u00e9oprotection ;\n* \u00e0 chacun de ces points, une affichette mentionne les coordonn\u00e9es du responsable aupr\u00e8sduquel s'exerce le droit d'acc\u00e8s aux images.\nHormis le cas d'une enqu\u00eate de flagrant d\u00e9lit, d'une enqu\u00eate pr\u00e9liminaire ou d'une informationjudiciaire, les enregistrements sont d\u00e9truits dans un d\u00e9lai maximum de 30jours.\nArticle 3: Le Directeur Prospective et D\u00e9veloppement d'Orange Store, responsable de la mise en \u0153uvredu syst\u00e8me, doit se porter garant des personnes susceptibles d'intervenir dans l'exploitation ou levisionnage des images, ainsi que dans la maintenance du syst\u00e8me mis en place. Des consignes tr\u00e8spr\u00e9cises sur la confidentialit\u00e9 des images capt\u00e9es ou/et enregistr\u00e9es et des atteintes \u00e0 la vie priv\u00e9equ'elles peuvent \u00e9ventuellement impliquer sont donn\u00e9es \u00e0 toutes les personnes concern\u00e9es.\nLe droit d'acc\u00e8s aux images pourra s'exercer aupr\u00e8s du Comit\u00e9 de s\u00e9curit\u00e9.\nArticle 4: Les fonctionnaires des services de gendarmerie, d\u00fbment habilit\u00e9s et d\u00e9sign\u00e9s dans lesconditions de l'article R. 253-1 du code de la s\u00e9curit\u00e9 int\u00e9rieure susmentionn\u00e9e, peuvent acc\u00e9der \u00e0 toutmoment aux images et enregistrements de ce syst\u00e8me de vid\u00e9oprotection autoris\u00e9 dans les conditionsfix\u00e9es \u00e0 l'article 1\u00b0' du pr\u00e9sent arr\u00eat\u00e9. Le d\u00e9lai de conservation des images par ces derniers ne peutexc\u00e9der trente jours.\nArticle 5 : Toute modification pr\u00e9sentant un caract\u00e8re substantiel doit faire l'objet d'une d\u00e9clarationaupr\u00e8s des services pr\u00e9fectoraux (notamment changement d'activit\u00e9 dans les lieux prot\u00e9g\u00e9s -changement dans la configuration des lieux - changement affectant la protection des images).\nArticle 6: Sans pr\u00e9judice des sanctions p\u00e9nales applicables, la pr\u00e9sente autorisation peut, apr\u00e8s quel'int\u00e9ress\u00e9 ait \u00e9t\u00e9 mis \u00e0 m\u00eame de pr\u00e9senter ses observations, \u00eatre retir\u00e9e en cas de manquement auxdispositions figurant aux articles L.251-2, L.251-3, L.252-1 \u00e0 L.252-6, L.253-1 \u00e0 L.253-5 du code de las\u00e9curit\u00e9 int\u00e9rieure ou \u00e0 celle r\u00e9sultant de l'article R. 253-2 du code de la s\u00e9curit\u00e9 int\u00e9rieure susvis\u00e9 ouencore en cas de modification des conditions au vu desquelles cette autorisation a \u00e9t\u00e9 d\u00e9livr\u00e9e.\nArticle 7: La pr\u00e9sente autorisation est publi\u00e9e au recueil des actes administratifs de la pr\u00e9fecture.\n2/3\n\nArticle 8 : La Directrice de Cabinet et le Directeur d\u00e9partemental de la Police Nationale sont charg\u00e9sde l'ex\u00e9cution du pr\u00e9sent arr\u00eat\u00e9 dont une copie sera adress\u00e9e au Directeur Prospective etD\u00e9veloppement d'Orange Store, \u00e0 Mme. le Maire de la commune de BAR LE DUC et \u00e0 M. le Secr\u00e9taireG\u00e9n\u00e9ral de la pr\u00e9fecture de la Meuse.\nPour le Pr\u00e9fet et par d\u00e9l\u00e9gation,La Directrice de Cabinet\nSara JANSSEN\nDans un d\u00e9lai de deux mois \u00e0 compter de la notification du pr\u00e9sent arr\u00eat\u00e9, les recours suivants peuvent \u00eatre introduits enrecommand\u00e9 avec accus\u00e9 de r\u00e9ception :\n- soit un recours gracieux, adress\u00e9 \u00e0 Monsieur le Pr\u00e9fet de la Meuse, 40 rue du Bourg \u2014 55 012 Bar-le-Duc ;- soit un recours hi\u00e9rarchique, adress\u00e9 \u00e0 Monsieur le Ministre de l'Int\u00e9rieur, Place Beauvau \u2014 75 800 \u2014Paris Cedex 08;- soit un recours contentieux, en saisissant le Tribunal Administratif de NANCY - 5, place de la Carri\u00e8re - CO20038 - 54036 NANCY Cedex - le Tribunal Administratif peut \u00eatre saisi par l'application informatique\"T\u00e9l\u00e9recours citoyens\" accessible par le site Internet www telerecours. fr\" .\nApr\u00e8s un recours gracieux ou hi\u00e9rarchique, le d\u00e9lai du recours contentieux ne court qu'\u00e0 compter du rejet explicite ouimplicite de l'un de ces deux recours. Le rejet implicite intervient, suite au silence gard\u00e9 par l'administration, \u00e0 l'issued'une p\u00e9riode de deux mois.\n3/3\n\n\"\nnuwees  ee  , ,=\nee  D  2  el  te EM  NA\noo eee  ln  Mee  ee: = Lo m !\nL .\n: h = 7 . \", 7\nLes mn eymn  = =\ni =\n1\n: =\n. : = Co\n7 = | \"\n= =\nLE  de  TT  ne RS  nt ne nl \"un\n'\n= = =\nah Fu  os PL:  ee  ed  eeL Lu\"  ET  i. ET  Ds  LE7 oF  . mL:\n=  \"Fa  \"1 ee  ee  OP ae=.  pd  1  =  nn  Ca\"+  a  LT  ee  LP \u00e0 en\n: : \"an  J.  =.- 8\n: D . \"7\n- ee  7 =\n: \"Ss =\n- a\n. 1 . - . L\nER\n\nPREFET |DE LA MEUSE Cabinet\nLibert\u00e9\"\u00c9galit\u00e9Fraternit\u00e9\nArr\u00eat\u00e9 n\u00b0 2025-2422 du 9 d\u00e9cembre 2025portant autorisation d'installation d'un syst\u00e8me de vid\u00e9oprotection\nLe Pr\u00e9fet de la Meuse,Chevalier de la L\u00e9gion d'Honneur,Chevalier de l'Ordre National du M\u00e9rite,\nVu le code de la s\u00e9curit\u00e9 int\u00e9rieure, notamment ses articles L.251-1 \u00e0 L.255-1 et R. 251-1 \u00e0 R. 253-4;\nVu la loi n\u00b0 78-17 du 6 janvier 1978 modifi\u00e9e relative \u00e0 l'informatique, aux fichiers et aux libert\u00e9s,ainsi que l'ensemble des textes juridiques portant ou permettant la mise en application des termes deladite loi ;\nVu le d\u00e9cret du 15 f\u00e9vrier 2023 portant nomination de Monsieur Xavier DELARUE, Pr\u00e9fet de laMeuse ;\nVu l'arr\u00eat\u00e9 minist\u00e9riel du 3 ao\u00fbt 2007 portant d\u00e9finition des normes techniques des syst\u00e8mes devid\u00e9oprotection et ses annexes techniques ;\nVu l'arr\u00eat\u00e9 pr\u00e9fectoral n\u00b0 2023-785 du 25 mai 2023 portant composition de la commission\nd\u00e9partementale des syst\u00e8mes de vid\u00e9oprotection du d\u00e9partement de la Meuse;\nVu l'arr\u00eat\u00e9 n\u00b0 2025-2413 du 8 d\u00e9cembre 2025 portant d\u00e9l\u00e9gation de signature \u00e0 Madame SaraJANSSEN, Directrice de Cabinet de la Pr\u00e9fecture de la Meuse;\nVu la demande pr\u00e9sent\u00e9e par le M. le Pr\u00e9sident de l'\u00e9tablissement Duret en vue d'exploiter unsyst\u00e8me de vid\u00e9oprotection au sein de I' \u00e9tablissement sis 66 rue Mazel \u00e0 VERDUN (55100) ;\nVu l'avis favorable \u00e9mis le 28 novembre 2025 par la Commission D\u00e9partementale des Syst\u00e8mesde Vid\u00e9oprotection ;\nConsid\u00e9rant le caract\u00e8re proportionn\u00e9 du nombre de cam\u00e9ras envisag\u00e9es au regard des risques\u00e9voqu\u00e9s par le demandeur;\nSur proposition de la Directrice de Cabinet du Pr\u00e9fet de la Meuse,\nTel: 03 29 77 55 59Mel : ordre-public-securite-interieure@meuse.gouv.frPr\u00e9fecture de la Meuse40 rue du BourgService des s\u00e9curit\u00e9sBureau de l'ordre public et de la s\u00e9curit\u00e9 int\u00e9rieure55012 Bar-le-Duc C\u00e9dex\n\nARRETE\nArticle 1\u00b0': M. le Pr\u00e9sident de l'\u00e9tablissement Duret est autoris\u00e9, dans les conditions fix\u00e9es au pr\u00e9sentarr\u00eat\u00e9 et pour une dur\u00e9e de cinq ans renouvelable, \u00e0 installer 5 cam\u00e9ras int\u00e9rieures, conform\u00e9ment audossier pr\u00e9sent\u00e9 et annex\u00e9 \u00e0 la demande enregistr\u00e9e sous le n\u00b020240192 dans l'application nationale devid\u00e9oprotection.Ce dispositif poursuit les finalit\u00e9s suivantes :\n* pr\u00e9vention des atteintes \u00e0 la s\u00e9curit\u00e9 des personnes et des biens dans des lieux et\u00e9tablissements ouverts au public particuli\u00e8rement expos\u00e9s \u00e0 des risques d'agression ou de vol\nArticle 2 : Le public est inform\u00e9 de la pr\u00e9sence de ces cam\u00e9ras, dans l'\u00e9tablissement cit\u00e9 \u00e0 l'article 1\u00ae,par une signal\u00e9tique appropri\u00e9e :\n* de mani\u00e8re claire, permanente et significative, \u00e0 chaque point d'acc\u00e8s du public, de l'existencedu syst\u00e8me de vid\u00e9oprotection ;\n* a chacun de ces points, une affichette mentionne les coordonn\u00e9es du responsable aupr\u00e8sduquel s'exerce le droit d'acc\u00e8s aux images.\nHormis le cas d'une enqu\u00eate de flagrant d\u00e9lit, d'une enqu\u00eate pr\u00e9liminaire ou d'une informationjudiciaire, les enregistrements sont d\u00e9truits dans un d\u00e9lai maximum de 30 jours.\nArticle 3 : M. le Pr\u00e9sident de l'\u00e9tablissement Duret, responsable de la mise en \u0153uvre du syst\u00e8me, doitse porter garant des personnes susceptibles d'intervenir dans l'exploitation ou le visionnage desimages, ainsi que dans la maintenance du syst\u00e8me mis en place. Des consignes tr\u00e8s pr\u00e9cises sur laconfidentialit\u00e9 des images capt\u00e9es ou/et enregistr\u00e9es et des atteintes \u00e0 la vie priv\u00e9e qu'elles peuvent\u00e9ventuellement impliquer sont donn\u00e9es \u00e0 toutes les personnes concern\u00e9es.\nLe droit d'acc\u00e8s aux images pourra s'exercer aupr\u00e8s de M. le Pr\u00e9sident de l'\u00e9tablissement Duret.\nArticle 4 : Les fonctionnaires des services de gendarmerie, d\u00fbment habilit\u00e9s et d\u00e9sign\u00e9s dans lesconditions de l'article R. 253-1 du code de la s\u00e9curit\u00e9 int\u00e9rieure susmentionn\u00e9e, peuvent acc\u00e9der \u00e0 toutmoment aux images et enregistrements de ce syst\u00e8me de vid\u00e9oprotection autoris\u00e9 dans les conditionsfix\u00e9es \u00e0 l'article 1* du pr\u00e9sent arr\u00eat\u00e9. Le d\u00e9lai de conservation des images par ces derniers ne peutexc\u00e9der trente jours.\nArticle 5 : Toute modification pr\u00e9sentant un caract\u00e8re substantiel doit faire l'objet d'une d\u00e9clarationaupr\u00e8s des services pr\u00e9fectoraux (notamment changement d'activit\u00e9 dans les lieux prot\u00e9g\u00e9s -changement dans la configuration des lieux - changement affectant la protection des images).\nArticle 6 : Sans pr\u00e9judice des sanctions p\u00e9nales applicables, la pr\u00e9sente autorisation peut, apr\u00e8s quel'int\u00e9ress\u00e9 ait \u00e9t\u00e9 mis \u00e0 m\u00eame de pr\u00e9senter ses observations, \u00eatre retir\u00e9e en cas d\u00e9 manquement auxdispositions figurant aux articles L.251-2, L.251-3, L.252-1 \u00e0 L.252-6, L.253-1 \u00e0 L.253-5 du code de las\u00e9curit\u00e9 int\u00e9rieure ou \u00e0 celle r\u00e9sultant de l'article R. 253-2 du code de la s\u00e9curit\u00e9 int\u00e9rieure susvis\u00e9 ouencore en cas de modification des conditions au vu desquelles cette autorisation a \u00e9t\u00e9 d\u00e9livr\u00e9e.\nArticle 7 : La pr\u00e9sente autorisation est publi\u00e9e au recueil des actes administratifs de la pr\u00e9fecture.\nArticle 8 : La Directrice de Cabinet et le Directeur D\u00e9partemental de la S\u00e9curit\u00e9 Publique de la Meusesont charg\u00e9s de l'ex\u00e9cution du pr\u00e9sent arr\u00eat\u00e9 dont une copie sera adress\u00e9e \u00e0 M. le Pr\u00e9sident del'\u00e9tablissement Duret, \u00e0 M. le Maire de la commune de VERDUN et \u00e0 Mme la sous-pr\u00e9f\u00e8te de VERDUN.\n2/3\n\nPour le Pr\u00e9fet et par d\u00e9l\u00e9gation,La Directrice de Cabinet\nSara JANSSEN\nDans un d\u00e9lai de deux mois \u00e0 compter de la notification du pr\u00e9sent arr\u00eat\u00e9, les recours suivants peuvent \u00eatre introduits enrecommand\u00e9 avec accus\u00e9 de r\u00e9ception :\n- soit un recours gracieux, adress\u00e9 \u00e0 Monsieur le Pr\u00e9fet de la Meuse, 40 rue du Bourg \u2014 55 012 Bar-le-Duc ;- soit un recours hi\u00e9rarchique, adress\u00e9 \u00e0 Monsieur le Ministre de l'Int\u00e9rieur, Place Beauvau \u2014 75 800 \u2014Paris Cedex 08;- soit un recours contentieux, en saisissant le Tribunal Administratif de NANCY - 5, place de la Carri\u00e8re - CO20038 - 54036 NANCY Cedex - le Tribunal Administratif peut \u00eatre saisi par l'application informatique\"T\u00e9l\u00e9recours citoyens\" accessible par le site Internet www telerecours.fr\",\nApr\u00e8s un recours gracieux ou hi\u00e9rarchique, le d\u00e9lai du recours contentieux ne court qu'\u00e0 compter du rejet explicite ouimplicite de l'un de ces deux recours. Le rejet implicite intervient, suite au silence gard\u00e9 par l'administration, \u00e0 l'issued'une p\u00e9riode de deux mois.\n3/3\n\neeLt  is.\n1.\"  . =  8\n7\n. Semen  lw  rw  mn\" ps ms  =  1\n7 7\nNET or o der mL\"7h  ot Fo be  =  4\nCo 7\n7 :\n: = - * .\n7\nLA 7h LI\n7\n7\n7\n7\n7 :\n7\n7\n7\n7\n7\n7\n\"\n\nPREFET . .DE LA MEUSE Cabinet\nLibert\u00e9\u00c9galit\u00e9Fraternit\u00e9\nArr\u00eat\u00e9 n\u00b0 2025-2439 du 9 d\u00e9cembre 2025portant autorisation d'installation d'un syst\u00e8me de vid\u00e9oprotection\nLe Pr\u00e9fet de la Meuse,Chevalier de la L\u00e9gion d'Honneur,Chevalier de l'Ordre National du M\u00e9rite,\nVu le code de la s\u00e9curit\u00e9 int\u00e9rieure, notamment ses articles L.251-1 \u00e0 L.255-1 et R. 251-1 \u00e0 R. 253-4;\nVu la loi n\u00b0 78-17 du 6 janvier 1978 modifi\u00e9e relative \u00e0 l'informatique, aux fichiers et aux libert\u00e9s,ainsi que l'ensemble des textes juridiques portant ou permettant la mise en application des termes deladite loi ;\nVu le d\u00e9cret du 15 f\u00e9vrier 2023 portant nomination de Monsieur Xavier DELARUE, Pr\u00e9fet de laMeuse;\nVu l'arr\u00eat\u00e9 minist\u00e9riel du 3 ao\u00fbt 2007 portant d\u00e9finition des normes techniques des syst\u00e8mes devid\u00e9oprotection et ses annexes techniques ;\nVu l'arr\u00eat\u00e9 pr\u00e9fectoral n\u00b0 2023-785 du 25 mai 2023 portant composition de la commission\nd\u00e9partementale des syst\u00e8mes de vid\u00e9oprotection du d\u00e9partement de la Meuse;\nVu l'arr\u00eat\u00e9 n\u00b0 2025-2413 du 8 d\u00e9cembre 2025 portant d\u00e9l\u00e9gation de signature \u00e0 Madame SaraJANSSEN, Directrice de Cabinet de la Pr\u00e9fecture de la Meuse ;\nVu la demande pr\u00e9sent\u00e9e par Mme la g\u00e9rante du Tabac la Tabati\u00e8re en vue d'exploiter un syst\u00e8mede vid\u00e9oprotection au sein de l'\u00e9tablissement sis 10 place des alli\u00e9s \u00e0 SAINT MIHIEL (55300) ;\nVu l'avis favorable \u00e9mis le 28 novembre 2025 par la Commission D\u00e9partementale des Syst\u00e8mesde Vid\u00e9oprotection ;\nConsid\u00e9rant le caract\u00e8re proportionn\u00e9 du nombre de cam\u00e9ras envisag\u00e9es au regard des risques\u00e9voqu\u00e9s par le demandeur ;\nSur proposition de la Directrice de Cabinet du Pr\u00e9fet de la Meuse,\nTel: 03 29 77 55 59Mel : ordre-public-securite-interieure@meuse.gouv.frPr\u00e9fecture de la Meuse40 rue du BourgService des s\u00e9curit\u00e9sBureau de l'ordre public et de la s\u00e9curit\u00e9 int\u00e9rieure55012 Bar-le-Duc C\u00e9dex\n\nARRETE\nArticle 1\u00b0\" : Mme la g\u00e9rante du Tabac la Tabati\u00e8re est autoris\u00e9e, dans les conditions fix\u00e9es au pr\u00e9sentarr\u00eat\u00e9 et pour une dur\u00e9e de cinq ans renouvelable, \u00e0 installer 5 cam\u00e9ras int\u00e9rieures, conform\u00e9ment audossier pr\u00e9sent\u00e9 et annex\u00e9 \u00e0 la demande enregistr\u00e9e sous le n\u00b020240154 dans l'application nationale devid\u00e9oprotection.Ce dispositif poursuit les finalit\u00e9s suivantes :\n* pr\u00e9vention des atteintes \u00e0 la s\u00e9curit\u00e9 des personnes et des biens dans des lieux et\u00e9tablissements ouverts au public particuli\u00e8rement expos\u00e9s \u00e0 des risques d'agression ou de vol\n.\nArticle 2 : Le public est inform\u00e9 de la pr\u00e9sence de ces cam\u00e9ras, dans l'\u00e9tablissement cit\u00e9 \u00e0 l'article 1\u00b0,par une signal\u00e9tique appropri\u00e9e :\n+ de mani\u00e8re claire, permanente et significative, \u00e0 chaque point d'acc\u00e8s du public, de l'existencedu syst\u00e8me de vid\u00e9oprotection ;\n* a chacun de ces points, une affichette mentionne les coordonn\u00e9es du responsable aupr\u00e8sduquel s'exerce le droit d'acc\u00e8s aux images.\nHormis le cas d'une enqu\u00eate de flagrant d\u00e9lit, d'une enqu\u00eate pr\u00e9liminaire ou d'une informationjudiciaire, les enregistrements sont d\u00e9truits dans un d\u00e9lai maximum de 30 jours.\nArticle 3 : Mme la g\u00e9rante du Tabac la Tabati\u00e8re, responsable de la mise en \u0153uvre du syst\u00e8me, doit seporter garant des personnes susceptibles d'intervenir dans l'exploitation ou le visionnage des images,ainsi que dans la maintenance du syst\u00e8me mis en place. Des consignes tr\u00e8s pr\u00e9cises sur laconfidentialit\u00e9 des images capt\u00e9es ou/et enregistr\u00e9es et des atteintes \u00e0 la vie priv\u00e9e qu'elles peuvent\u00e9ventuellement impliquer sont donn\u00e9es \u00e0 toutes les personnes concern\u00e9es.\nLe droit d'acc\u00e8s aux images pourra s'exercer aupr\u00e8s de Mme la g\u00e9rante et son conjoint collaborateur.\nArticle 4 : Les fonctionnaires des services de gendarmerie, d\u00fbment habilit\u00e9s et d\u00e9sign\u00e9s dans lesconditions de l'article R. 253-1 du code de la s\u00e9curit\u00e9 int\u00e9rieure susmentionn\u00e9e, peuvent acc\u00e9der \u00e0 toutmoment aux images et enregistrements de ce syst\u00e8me de vid\u00e9oprotection autoris\u00e9 dans les conditionsfix\u00e9es \u00e0 l'article 1\u00b0 du pr\u00e9sent arr\u00eat\u00e9. Le d\u00e9lai de conservation des images par ces derniers ne peutexc\u00e9der trente jours.\nArticle 5 : Toute modification pr\u00e9sentant un caract\u00e8re substantiel doit faire l'objet d'une d\u00e9clarationaupr\u00e8s des services pr\u00e9fectoraux (notamment changement d'activit\u00e9 dans les lieux prot\u00e9g\u00e9s -changement dans la configuration des lieux - changement affectant la protection des images).\nArticle 6 : Sans pr\u00e9judice des sanctions p\u00e9nales applicables, la pr\u00e9sente autorisation peut, apr\u00e8s quel'int\u00e9ress\u00e9 ait \u00e9t\u00e9 mis \u00e0 m\u00eame de pr\u00e9senter ses observations, \u00eatre retir\u00e9e en cas de manquement auxdispositions figurant aux articles L.251-2, L.251-3, L.252-1 \u00e0 L.252-6, L.253-1 \u00e0 L.253-5 du code de las\u00e9curit\u00e9 int\u00e9rieure ou \u00e0 celle r\u00e9sultant de l'article R. 253-2 du code de la s\u00e9curit\u00e9 int\u00e9rieure susvis\u00e9 ouencore en cas de modification des conditions au vu desquelles cette autorisation a \u00e9t\u00e9 d\u00e9livr\u00e9e.\nArticle 7 : La pr\u00e9sente autorisation est publi\u00e9e au recueil des actes administratifs de la pr\u00e9fecture.\nArticle 8 : La Directrice de cabinet et la Colonelle, commandant le groupement de gendarmerie de laMeuse sont charg\u00e9es de l'ex\u00e9cution du pr\u00e9sent arr\u00eat\u00e9 dont une copie sera adress\u00e9e \u00e0 Mme la g\u00e9rantedu Tabac la Tabati\u00e8re, \u00e0 M. le Maire de la commune de SAINT MIHIEL et \u00e0 M. le sous-pr\u00e9fet deCOMMERCY.\n2/3\n\nPour le Pr\u00e9fet et par d\u00e9l\u00e9gation,La Directrice de Cabinet\nSara JANSSEN\nDans un d\u00e9lai de deux mois \u00e0 compter de la notification du pr\u00e9sent arr\u00eat\u00e9, les recours suivants peuvent \u00eatre introduits enrecommand\u00e9 avec accus\u00e9 de r\u00e9ception :\n- soit un recours gracieux, adress\u00e9 \u00e0 Monsieur le Pr\u00e9fet de la Meuse, 40 rue du Bourg \u2014 55 012 Bar-le-Duc ;- soit un recours hi\u00e9rarchique, adress\u00e9 \u00e0 Monsieur le Ministre de l'Int\u00e9rieur, Place Beauvau \u2014 75 800 \u2014Paris Cedex 08;- soit un recours contentieux, en saisissant le Tribunal Administratif de NANCY- 5, place de la Carri\u00e8re - CO20038 - 54036 NANCY Cedex - le Tribunal Administratif peut \u00eatre saisi par l'application informatique\"T\u00e9l\u00e9recours citoyens\" accessible par le site Internet www.telerecours fr\".\nApr\u00e8s un recours gracieux ou hi\u00e9rarchique, le d\u00e9lai du recours contentieux ne court qu'\u00e0 compter du rejet explicite ouimplicite de l'un de ces deux recours. Le rejet implicite intervient, suite au silence gard\u00e9 par l'administration, \u00e0 l'issued'une p\u00e9riode de deux mois.\n3/3\n\n. !\n=\nIL  's\na)\no<\" !\n_ Fa\n=\n, 2\n_\n.u\n.  \" 7\n7\n8  Lu\n=\n=  \"\n\"os\"rat,\n\nPREFET .DE LA MEUSE Cabinet\nLibert\u00e9\u00c9galit\u00e9Fraternit\u00e9\nArr\u00eat\u00e9 n\u00b0 2025-2440 du 9 d\u00e9cembre 2025portant autorisation d'installation d'un syst\u00e8me de vid\u00e9oprotection\nLe Pr\u00e9fet de la Meuse,Chevalier de la L\u00e9gion d'Honneur,Chevalier de l'Ordre National du M\u00e9rite,\nVu le code de la s\u00e9curit\u00e9 int\u00e9rieure, notamment ses articles L.251-1 \u00e0 L.255-1 et R. 251-1 \u00e0 R. 253-4;\nVu la loi n\u00b0 78-17 du 6 janvier 1978 modifi\u00e9e relative \u00e0 l'informatique, aux fichiers et aux libert\u00e9s,ainsi que l'ensemble des textes juridiques portant ou permettant la mise en application des termes deladite loi;\nVu le d\u00e9cret du 15 f\u00e9vrier 2023 portant nomination de Monsieur Xavier DELARUE, Pr\u00e9fet de laMeuse ; :\nVu l'arr\u00eat\u00e9 minist\u00e9riel du 3 ao\u00fbt 2007 portant d\u00e9finition des normes techniques des syst\u00e8mes devid\u00e9oprotection et ses annexes techniques ;\nVu l'arr\u00eat\u00e9 pr\u00e9fectoral n\u00b0 2023-785 du 25 mai 2023 portant composition de la commission\nd\u00e9partementale des syst\u00e8mes de vid\u00e9oprotection du d\u00e9partement de la Meuse;\nVu l'arr\u00eat\u00e9 n\u00b0 2025-2413 du 8 d\u00e9cembre 2025 portant d\u00e9l\u00e9gation de signature \u00e0 Madame SaraJANSSEN, Directrice de Cabinet de la Pr\u00e9fecture de la Meuse ;\nVu la demande pr\u00e9sent\u00e9e par le Directeur de la Soci\u00e9t\u00e9 Nouvelle Lorraine - SCIES en vue d'exploiterun syst\u00e8me de vid\u00e9oprotection au sein de l'\u00e9tablissement sis 22 rue Paquis \u00e0 Robert Espagne (55000)\nVu l'avis favorable \u00e9mis le 28 novembre 2025 par la Commission D\u00e9partementale des Syst\u00e8mesde Vid\u00e9oprotection ;\nConsid\u00e9rant le caract\u00e8re proportionn\u00e9 du nombre de cam\u00e9ras envisag\u00e9es au regard des risques\u00e9voqu\u00e9s par le demandeur;\nSur proposition de la Directrice de Cabinet du Pr\u00e9fet de la Meuse,\nTel: 03 29 77 55 59Mel : ordre-public-securite-interieure@meuse.gouv.frPr\u00e9fecture de la Meuse40 rue du BourgService des s\u00e9curit\u00e9sBureau de l'ordre public et de la s\u00e9curit\u00e9 int\u00e9rieure55012 Bar-le-Duc C\u00e9dex\n\nARRETE\nArticle 1\u00b0 : Le Directeur de la Soci\u00e9t\u00e9 Nouvelle Lorraine - SCIES est autoris\u00e9, dans les conditions fix\u00e9esau pr\u00e9sent arr\u00e9t\u00e9 et pour une dur\u00e9e de cing ans renouvelable, a installer 3 cam\u00e9ras ext\u00e9rieures,conform\u00e9ment au dossier pr\u00e9sent\u00e9 et annex\u00e9 \u00e0 la demande enregistr\u00e9e sous le n\u00b020240156 dansl'application nationale de vid\u00e9oprotection.Ce dispositif poursuit les finalit\u00e9s suivantes :\n+ pr\u00e9vention des atteintes \u00e0 la s\u00e9curit\u00e9 des personnes et des biens dans des lieux et\u00e9tablissements ouverts au public particuli\u00e8rement expos\u00e9s \u00e0 des risques d'agression ou de vol\n* protection des abords imm\u00e9diats des b\u00e2timents et des installations des commer\u00e7ants dans deslieux expos\u00e9s \u00e0 des risques d'agression et de vol\nArticle 2 : Le public est inform\u00e9 de la pr\u00e9sence de ces cam\u00e9ras, dans l'\u00e9tablissement cit\u00e9 \u00e0 l'article 1\u00b0,par une signal\u00e9tique appropri\u00e9e :\n* de mani\u00e8re claire, permanente et significative, \u00e0 chaque point d'acc\u00e8s du public, de l'existencedu syst\u00e8me de vid\u00e9oprotection ;\n+ \u00e0 chacun de ces points, une affichette mentionne les coordonn\u00e9es du responsable aupr\u00e8sduquel s'exerce le droit d'acc\u00e8s aux images.\nHormis le cas d'une enqu\u00eate de flagrant d\u00e9lit, d'une enqu\u00eate pr\u00e9liminaire ou d'une informationjudiciaire, les enregistrements sont d\u00e9truits dans un d\u00e9lai maximum de 30jours.\nArticle 3 : Le Directeur de la Soci\u00e9t\u00e9 Nouvelle Lorraine - SCIES, responsable de la mise en \u0153uvre dusyst\u00e8me, doit se porter garant des personnes susceptibles d'intervenir dans l'exploitation ou levisionnage des images, ainsi que dans la maintenance du syst\u00e8me mis en place. Des consignes tr\u00e8spr\u00e9cises sur la confidentialit\u00e9 des images capt\u00e9es ou/et enregistr\u00e9es et des atteintes \u00e0 la vie priv\u00e9equ'elles peuvent \u00e9ventuellement impliquer sont donn\u00e9es \u00e0 toutes les personnes concern\u00e9es.\nLe droit d'acc\u00e8s aux images pourra s'exercer aupr\u00e8s du Directeur et d'un salari\u00e9.\nArticle 4 : Les fonctionnaires des services de gendarmerie, d\u00fbment habilit\u00e9s et d\u00e9sign\u00e9s dans lesconditions de l'article R. 253-1 du code de la s\u00e9curit\u00e9 int\u00e9rieure susmentionn\u00e9e, peuvent acc\u00e9der \u00e0 toutmoment aux images et enregistrements de ce syst\u00e8me de vid\u00e9oprotection autoris\u00e9 dans les conditionsfix\u00e9es \u00e0 l'article 1\u00b0\" du pr\u00e9sent arr\u00eat\u00e9. Le d\u00e9lai de conservation des images par ces derniers ne peutexc\u00e9der trente jours.\nArticle 5 : Toute modification pr\u00e9sentant un caract\u00e8re substantiel doit faire l'objet d'une d\u00e9clarationaupr\u00e8s des services pr\u00e9fectoraux (notamment changement d'activit\u00e9 dans les lieux prot\u00e9g\u00e9s -changement dans la configuration des lieux - changement affectant la protection des images).\nArticle 6 : Sans pr\u00e9judice des sanctions p\u00e9nales applicables, la pr\u00e9sente autorisation peut, apr\u00e8s quel'int\u00e9ress\u00e9 ait \u00e9t\u00e9 mis \u00e0 m\u00eame de pr\u00e9senter ses observations, \u00eatre retir\u00e9e en cas de manquement auxdispositions figurant aux articles L.251-2, L.251-3, L.252-1 \u00e0 L.252-6, L.253-1 \u00e0 L.253-5 du code de las\u00e9curit\u00e9 int\u00e9rieure ou \u00e0 celle r\u00e9sultant de l'article R. 253-2 du code de la s\u00e9curit\u00e9 int\u00e9rieure susvis\u00e9 ouencore en cas de modification des conditions au vu desquelles cette autorisation a \u00e9t\u00e9 d\u00e9livr\u00e9e.\nArticle 7 : La pr\u00e9sente autorisation est publi\u00e9e au recueil des actes administratifs de la pr\u00e9fecture.\nArticle 8 : La Directrice de Cabinet et la Colonelle, commandant le groupement de gendarmerie de laMeuse sont charg\u00e9es de l'ex\u00e9cution du pr\u00e9sent arr\u00eat\u00e9 dont une copie sera adress\u00e9e au Directeur de la\n2/3\n\nSoci\u00e9t\u00e9 Nouvelle Lorraine - SCIES, et \u00e0 M. le Maire de la commune de Robert Espagne et \u00e0 M. leSecr\u00e9taire G\u00e9n\u00e9ral de la pr\u00e9fecture de la Meuse.\nPour le Pr\u00e9fet et par d\u00e9l\u00e9gation,La Directrice de Cabinet\nSara JANSSEN\nDans un d\u00e9lai de deux mois \u00e0 compter de la notification du pr\u00e9sent arr\u00eat\u00e9, les recours suivants peuvent \u00eatre introduits enrecommand\u00e9 avec accus\u00e9 de r\u00e9ception :\n- soit un recours gracieux, adress\u00e9 \u00e0 Monsieur le Pr\u00e9fet de la Meuse, 40 rue du Bourg \u2014 55 012 Bar-le-Duc ;- soit un recours hi\u00e9rarchique, adress\u00e9 \u00e0 Monsieur le Ministre de l'Int\u00e9rieur, Place Beauvau \u2014 75 800 \u2014Paris Cedex 08;- soit un recours contentieux, en saisissant le Tribunal Administratif de NANCY- 5, place de la Carri\u00e8re - CO20038 - 54036 NANCY Cedex - le Tribunal Administratif peut \u00eatre saisi par l'application informatique\"T\u00e9l\u00e9recours citoyens\" accessible par le site Internet www.telerecours. fr\" .\nApr\u00e8s un recours gracieux ou hi\u00e9rarchique, le d\u00e9lai du recours contentieux ne court qu'\u00e0 compter du rejet explicite ouimplicite de l'un de ces deux recours. Le rejet implicite intervient, suite au silence gard\u00e9 par l'administration, \u00e0 l'issued'une p\u00e9riode de deux mois.\n3/3\n\na\nCE eo |  D  LE RQ UE ON Te  \u00ab\non  |  re  del  Fr\"  . -: nm  le os\n7 ;\naf  =\"  \"aks = \"oamn  =  7 7 :7 LI\n7\n1 7\n\u00e0  7\n. 7fai 7 - :\n7\n7 7\ni  ee  oie ae Per.  \"ea! :sf \"4 1\n\"1  'iss =\". 'cr, ot _\" \"45ee  PMR nn , oe  =, OS.L mn le  a = .*.i0 .TM I\".\n= mn  'ds,  <\u00b0ra\nme re i  ed  ot ed er\n\"8  =\nre\n= = 8\n=\n=\nime  Tot\n\nPREFET .DE LA MEUSE Cabinet\nEgalit\u00e9Fraternit\u00e9\nArr\u00eat\u00e9 n\u00b0 2025-2441 du 9 d\u00e9cembre 2025portant autorisation d'installation d'un syst\u00e8me de vid\u00e9oprotection\nLe Pr\u00e9fet de la Meuse,Chevalier de la L\u00e9gion d'Honneur,Chevalier de l'Ordre National du M\u00e9rite,\nVu le code de la s\u00e9curit\u00e9 int\u00e9rieure, notamment ses articles L.251-1 \u00e0 L.255-1 et R. 251-1 \u00e0 R. 253-4;\nVu la loi n\u00b0 78-17 du 6 janvier 1978 modifi\u00e9e relative \u00e0 l'informatique, aux fichiers et aux libert\u00e9s,ainsi que l'ensemble des textes juridiques portant ou permettant la mise en application des termes deladite loi ;\nVu le d\u00e9cret du 15 f\u00e9vrier 2023 portant nomination de Monsieur Xavier DELARUE, Pr\u00e9fet de laMeuse ;\nVu l'arr\u00eat\u00e9 minist\u00e9riel du 3 ao\u00fbt 2007 portant d\u00e9finition des normes techniques des syst\u00e8mes devid\u00e9oprotection et ses annexes techniques ;\nVu l'arr\u00eat\u00e9 pr\u00e9fectoral n\u00b0 2023-785 du 25 mai 2023 portant composition de la commissiond\u00e9partementale des syst\u00e8mes de vid\u00e9oprotection du d\u00e9partement de la Meuse;\nVu l'arr\u00eat\u00e9 n\u00b0 2025-2413 du 8 d\u00e9cembre 2025 portant d\u00e9l\u00e9gation de signature \u00e0 Madame SaraJANSSEN, Directrice de Cabinet de la Pr\u00e9fecture de la Meuse ;\nVu la demande pr\u00e9sent\u00e9e par M. le directeur de la SAS CYRELLIS en vue d'exploiter un syst\u00e8me devid\u00e9oprotection au sein de l'\u00e9tablissement Intermarch\u00e9 sis 1 rue Jean Moulin \u00e0 Commercy (55200);\nVu l'avis favorable \u00e9mis le 28 novembre 2025 par la Commission D\u00e9partementale des Syst\u00e8mesde Vid\u00e9oprotection ;\nConsid\u00e9rant le caract\u00e8re proportionn\u00e9 du nombre de cam\u00e9ras envisag\u00e9es au regard des risques\u00e9voqu\u00e9s par le demandeur ;\nSur proposition de la Directrice de Cabinet du Pr\u00e9fet de la Meuse,\nTel: 03 29 77 55 59Mel : ordre-public-securite-interieure@meuse.gouv.frPr\u00e9fecture de la Meuse40 rue du BourgService des s\u00e9curit\u00e9sBureau de l'ordre public et de la s\u00e9curit\u00e9 int\u00e9rieure55012 Bar-le-Duc C\u00e9dex\n\nARRETE\nArticle 1\u00b0 : M. le directeur de la SAS CYRELLIS est autoris\u00e9, dans les conditions fix\u00e9es au pr\u00e9sent arr\u00eat\u00e9et pour une dur\u00e9e de cinq ans renouvelable, \u00e0 installer 46 cam\u00e9ras int\u00e9rieures et 7 cam\u00e9ras ext\u00e9rieures,conform\u00e9ment au dossier pr\u00e9sent\u00e9 et annex\u00e9 \u00e0 la demande enregistr\u00e9e sous le n\u00b020240196 dansl'application nationale de vid\u00e9oprotection.Ce dispositif poursuit les finalit\u00e9s suivantes :\n* pr\u00e9vention des atteintes \u00e0 la s\u00e9curit\u00e9 des personnes et des biens dans des lieux et\u00e9tablissements ouverts au public particuli\u00e8rement expos\u00e9s \u00e0 des risques d'agression ou de vol\n+ secours aux personnes et la d\u00e9fense contre les incendies\nArticle 2 : Le public est inform\u00e9 de la pr\u00e9sence de ces cam\u00e9ras, dans l'\u00e9tablissement cit\u00e9 \u00e0 l'article 1\u00b0\",par une signal\u00e9tique appropri\u00e9e :\n* de mani\u00e8re claire, permanente et significative, \u00e0 chaque point d'acc\u00e8s du public, de l'existencedu syst\u00e8me de vid\u00e9oprotection ;\n* \u00e0 chacun de ces points, une affichette mentionne les coordonn\u00e9es du responsable aupr\u00e8sduquel s'exerce le droit d'acc\u00e8s aux images.\nHormis le cas d'une enqu\u00eate de flagrant d\u00e9lit, d'une enqu\u00eate pr\u00e9liminaire ou d'une informationjudiciaire, les enregistrements sont d\u00e9truits dans un d\u00e9lai maximum de 15jours.\nArticle 3 : M. le directeur de la SAS CYRELLIS, responsable de la mise en \u0153uvre du syst\u00e8me, doit seporter garant des personnes susceptibles d'intervenir dans l'exploitation ou le visionnage des images,ainsi que dans la maintenance du syst\u00e8me mis en place. Des consignes tr\u00e8s pr\u00e9cises sur laconfidentialit\u00e9 des images capt\u00e9es ou/et enregistr\u00e9es et des atteintes \u00e0 la vie priv\u00e9e qu'elles peuvent\u00e9ventuellement impliquer sont donn\u00e9es \u00e0 toutes les personnes concern\u00e9es.\nLe droit d'acc\u00e8s aux images pourra s'exercer aupr\u00e8s de M. le directeur de la SAS CYRELLIS et le\nmanager.\nArticle 4 : Les fonctionnaires des services de gendarmerie, d\u00fbment habilit\u00e9s et d\u00e9sign\u00e9s dans lesconditions de l'article R. 253-1 du code de la s\u00e9curit\u00e9 int\u00e9rieure susmentionn\u00e9e, peuvent acc\u00e9der \u00e0 toutmoment aux images et enregistrements de ce syst\u00e8me de vid\u00e9oprotection autoris\u00e9 dans les conditionsfix\u00e9es \u00e0 l'article 1\u00b0\" du pr\u00e9sent arr\u00eat\u00e9. Le d\u00e9lai de conservation des images par ces derniers ne peutexc\u00e9der trente jours.\nArticle 5 : Toute modification pr\u00e9sentant un caract\u00e8re substantiel doit faire l'objet d'une d\u00e9clarationaupr\u00e8s des services pr\u00e9fectoraux (notamment changement d'activit\u00e9 dans les lieux prot\u00e9g\u00e9s -changement dans la configuration des lieux - changement affectant la protection des images).\nArticle 6 : Sans pr\u00e9judice des sanctions p\u00e9nales applicables, la pr\u00e9sente autorisation peut, apr\u00e8s quel'int\u00e9ress\u00e9 ait \u00e9t\u00e9 mis \u00e0 m\u00eame de pr\u00e9senter ses observations, \u00eatre retir\u00e9e en cas de manquement auxdispositions figurant aux articles L.251-2, L.251-3, L.252-1 \u00e0 L.252-6, L.253-1 \u00e0 L.253-5 du code de las\u00e9curit\u00e9 int\u00e9rieure ou \u00e0 celle r\u00e9sultant de l'article R. 253-2 du code de la s\u00e9curit\u00e9 int\u00e9rieure susvis\u00e9 ouencore en cas de modification des conditions au vu desquelles cette autorisation a \u00e9t\u00e9 d\u00e9livr\u00e9e.\nArticle 7 : La pr\u00e9sente autorisation est publi\u00e9e au recueil des actes administratifs de la pr\u00e9fecture.\nArticle 8 : La Directrice de Cabinet et la Colonelle, commandant le groupement de gendarmerie de laMeuse sont charg\u00e9es de l'ex\u00e9cution du pr\u00e9sent arr\u00eat\u00e9 dont une copie sera adress\u00e9e \u00e0 M. le directeur dela SAS CYRELLIS, \u00e0 M. le Maire de la commune de Commercy et.\u00e0 M. le sous-pr\u00e9fet de Commercy.\n2/3\n\nPour le Pr\u00e9fet et par d\u00e9l\u00e9gation,La Directrice de Cabinet\nSara JANSSEN\nDans un d\u00e9lai de deux mois \u00e0 compter de la notification du pr\u00e9sent arr\u00eat\u00e9, les recours suivants peuvent \u00eatre introduits enrecommand\u00e9 avec accus\u00e9 de r\u00e9ception :\n- soit un recours gracieux, adress\u00e9 \u00e0 Monsieur le Pr\u00e9fet de la Meuse, 40 rue du Bourg \u2014 55 012 Bar-le-Duc ;- soit un recours hi\u00e9rarchique, adress\u00e9 \u00e0 Monsieur le Ministre de l'Int\u00e9rieur, Place Beauvau \u2014 75 800 \u2014Paris Cedex 08;- soit un recours contentieux, en saisissant le Tribunal Administratif de NANCY- 5, place de la Carri\u00e8re - CO20038 - 54036 NANCY Cedex - le Tribunal Administratif peut \u00eatre saisi par l'application informatique\"T\u00e9l\u00e9recours citoyens\" accessible par le site Internet www.telerecours fr\".\nApr\u00e8s un recours gracieux ou hi\u00e9rarchique, le d\u00e9lai du recours contentieux ne court qu'\u00e0 compter du rejet explicite ouimplicite de l'un de ces deux recours. Le rejet implicite intervient, suite au silence gard\u00e9 par l'administration, \u00e0 l'issued'une p\u00e9riode de deux mois.\n3/3\n\nwet  x\n: .\nu \u00e0 - :\n- .\n: noCo 7 \u00ab. : 7\n=.  8\n4, .a\" oa\u00ae 7 a  = 7\na  L  L =\n\"tr  7 5 :\n5 \u00fc\n. Lo L aos  1 : \"=ee  ee =  \"oh eB ph ee = um  a mm un mulCR = \"dd  mo mm\n= at .= h L =\n=:  5 8 = 7 = 7\n= =\ns ue\n: \"L 2 =\n= = - '\n= = =\n= 3 . - -G =\n= =\n\" : .\n: =L = 8\n= =  ,\n== = L\n= = =\n- 7 FE =\n1 .,\n= = = L\n+\noa - 7\n7 1.\n=\n= =\"\n\"es L L\n7  e  7\n\nPREFET .DE LA MEUSE Cabinet\nLibert\u00e9\u00c9galit\u00e9Fraternit\u00e9\nArr\u00eat\u00e9 n\u00b0 2025-2445 du 9 d\u00e9cembre 2025portant modification et renouvellement d'installation d'un syst\u00e8me de vid\u00e9oprotection\nLe Pr\u00e9fet de la Meuse,Chevalier de la L\u00e9gion d'Honneur,Chevalier de l'Ordre National du M\u00e9rite,\nVu le code de la s\u00e9curit\u00e9 int\u00e9rieure, notamment ses articles L.251-1 \u00e0 L.255-1 et R. 251-14 R. 253-4;\nVu la loi n\u00b0 78-17 du 6 janvier 1978 modifi\u00e9e relative \u00e0 l'informatique, aux fichiers et aux libert\u00e9s,ainsi que l'ensemble des textes juridiques portant ou permettant la mise en application des termes deladite loi ;\nVu le d\u00e9cret du 15 f\u00e9vrier 2023 portant nomination de Monsieur Xavier DELARUE, Pr\u00e9fet de laMeuse ;\nVu l'arr\u00eat\u00e9 minist\u00e9riel du 3 ao\u00fbt 2007 portant d\u00e9finition des normes techniques des syst\u00e8mes devid\u00e9oprotection et ses annexes techniques ;\nVu l'arr\u00eat\u00e9 pr\u00e9fectoral n\u00b02016-558 du 22 f\u00e9vrier 2016 portant sur l'autorisation d'installation d'unsyst\u00e8me de vid\u00e9oprotection, modifi\u00e9 par l'arr\u00eat\u00e9 2019-2444 du 10 octobre 2019, et l'arr\u00eat\u00e9 pr\u00e9fectoraln\u00b02021-505 du 17 mars 2021 portant sur son renouvellement, pour l'\u00e9tablissement LIDL sis rue du155\u00e8me R\u00e9giment d'Infanterie \u00e0 COMMERCY (55200) ;\nVu l'arr\u00eat\u00e9 pr\u00e9fectoral n\u00b0 2023-785 du 25 mai 2023 portant composition de la commission\nd\u00e9partementale des syst\u00e8mes de vid\u00e9oprotection du d\u00e9partement de la Meuse;\nVu l'arr\u00eat\u00e9 n\u00b0 2025-2413 du 8 d\u00e9cembre 2025 portant d\u00e9l\u00e9gation de signature \u00e0 Madame SaraJANSSEN, Directrice de Cabinet de la Pr\u00e9fecture de la Meuse;\nVu la demande pr\u00e9sent\u00e9e par le Directeur R\u00e9gional de LIDL, pour modifier et renouveler\nl'autorisation d'exploiter un syst\u00e8me de vid\u00e9oprotection, sise rue du 155\u00e8me R\u00e9giment d'Infanterie \u00e0\nCommercy (55200) ;\nVu l'avis favorable \u00e9mis le 28 novembre 2025 par la Commission D\u00e9partementale des Syst\u00e8mesde Vid\u00e9oprotection ;\nConsid\u00e9rant le caract\u00e8re proportionn\u00e9 du nombre de cam\u00e9ras envisag\u00e9es au regard des risques\u00e9voqu\u00e9s par le demandeur;\nSur proposition de la Directrice de cabinet du Pr\u00e9fet de la Meuse,\nTel : 03 29 77 55 59Pr\u00e9fecture de la MeuseService des s\u00e9curit\u00e9sBureau de l'ordre public et de la s\u00e9curit\u00e9 int\u00e9rieure40 rue du BourgCS 3051255012 Bar-le-Duc C\u00e9dex\n\nARRETE\nArticle 1\u00b0 : L'autorisation pr\u00e9c\u00e9demment accord\u00e9e, par arr\u00eat\u00e9 pr\u00e9fectoral n\u00b02016-558 du 22 f\u00e9vrier2016 portant sur l'autorisation d'installation d'un syst\u00e8me de vid\u00e9oprotection, modifi\u00e9 par l'arr\u00eat\u00e92019-2444 du 10 octobre 2019, et renouvel\u00e9 par l'arr\u00eat\u00e9 pr\u00e9fectoral n\u00b02021-505 du 17 mars 2021 estreconduite, pour une dur\u00e9e de cinq ans renouvelable, conform\u00e9ment au dossier annex\u00e9 \u00e0 la demandeenregistr\u00e9e sous le n\u00b020240201 dans l'application nationale de vid\u00e9oprotection\nArticle 2: l'article 1 de l'arr\u00eat\u00e9 pr\u00e9fectoral n\u00b02016-558 du 22 f\u00e9vrier 2016 portant sur l'autorisationd'installation d'un syst\u00e8me de vid\u00e9oprotection, modifi\u00e9 par l'arr\u00eat\u00e9 2019-2444 du 10 octobre 2019, etl'arr\u00eat\u00e9 pr\u00e9fectoral n\u00b02021-505 du 17 mars 2021 susvis\u00e9 est modifi\u00e9 comme suit :\nLe Directeur R\u00e9gional de LIDL est autoris\u00e9 dans les conditions fix\u00e9es au pr\u00e9sent arr\u00eat\u00e9 et pour unedur\u00e9e de 5 ans renouvelable, \u00e0 installer 13 cam\u00e9ras de vid\u00e9oprotection int\u00e9rieures et 1 cam\u00e9ra devid\u00e9oprotection ext\u00e9rieur \u00e0 l'enseigne LIDL sise rue du 155\u00e8me R\u00e9giment d'Infanterie \u00e0 Commercy\n(55200);\nArticle 3 : L'article 3 de l'arr\u00eat\u00e9 pr\u00e9fectoral n\u00b02016-558 du 22 f\u00e9vrier 2016 portant sur I'autorisationd'installation d'un syst\u00e8me de vid\u00e9oprotection, modifi\u00e9 par l'arr\u00eat\u00e9 2019-2444du 10 octobre 2019, etl'arr\u00eat\u00e9 pr\u00e9fectoral n\u00b02021-505 du 17 mars 2021 susvis\u00e9 est modifi\u00e9 comme suit :\nHormis le cas d'une enqu\u00eate de flagrant d\u00e9lit, d'une enqu\u00eate pr\u00e9liminaire ou d'une informationjudiciaire, les enregistrements sont d\u00e9truits dans un d\u00e9lai maximum de 15jours.\nArticle 4 : Le reste de l'arr\u00eat\u00e9 pr\u00e9fectoral arr\u00eat\u00e9 pr\u00e9fectoral n\u00b02016-558 du 22 f\u00e9vrier 2016 portant surl'autorisation d'installation d'un syst\u00e8me de vid\u00e9oprotection, modifi\u00e9 par l'arr\u00eat\u00e9 2019-2444 du 10octobre 2019, et l'arr\u00eat\u00e9 pr\u00e9fectoral n\u00b02021-505 du 17 mars 2021 demeure sans changement.\nArticle 5 : Toute modification pr\u00e9sentant un caract\u00e8re substantiel doit faire l'objet d'une d\u00e9clarationaupr\u00e8s des services pr\u00e9fectoraux (notamment changement d'activit\u00e9 dans les lieux prot\u00e9g\u00e9s -changement dans la configuration des lieux - changement affectant la protection des images).\nArticle 6 : Sans pr\u00e9judice des sanctions p\u00e9nales applicables, la pr\u00e9sente autorisation peut, apr\u00e8s quel'int\u00e9ress\u00e9 ait \u00e9t\u00e9 mis \u00e0 m\u00eame de pr\u00e9senter ses observations, \u00eatre retir\u00e9e en cas de manquement auxdispositions figurant aux articles L.251-2, L.251-3, L.252-1 \u00e0 L.252-6, L.253-1 \u00e0 L.253-5 du code de las\u00e9curit\u00e9 int\u00e9rieure ou \u00e0 celle r\u00e9sultant de l'article R. 253-2 du code de la s\u00e9curit\u00e9 int\u00e9rieure susvis\u00e9 ouencore en cas de modification des conditions au vu desquelles cette autorisation a \u00e9t\u00e9 d\u00e9livr\u00e9e.\nArticle 7 : La pr\u00e9sente autorisation est publi\u00e9e au recueil des actes administratifs de la pr\u00e9fecture.\nArticle 8 : La Directrice de Cabinet et la Colonelle, commandant le groupement de gendarmerie de laMeuse sont charg\u00e9es de l'ex\u00e9cution du pr\u00e9sent arr\u00eat\u00e9 dont une copie sera adress\u00e9e au DirecteurR\u00e9gional de LIDL, \u00e0 M. le Maire de la commune de Commercy et \u00e0 M. le sous-pr\u00e9fet de Commercy.\n2/3\n\nPour le Pr\u00e9fet et par d\u00e9l\u00e9gation,La Directrice de Cabinet\nA=\nSara JANSSEN\nDans un d\u00e9lai de deux mois \u00e0 compter de la notification du pr\u00e9sent arr\u00eat\u00e9, les recours suivants peuvent \u00eatre introduits enrecommand\u00e9 avec accus\u00e9 de r\u00e9ception :\n- soit un recours gracieux, adress\u00e9 \u00e0 Monsieur le Pr\u00e9fet de la Meuse, 40 rue du Bourg \u2014 55 012 Bar-le-Duc ;- soit un recours hi\u00e9rarchique, adress\u00e9 \u00e0 Monsieur le Ministre de l'Int\u00e9rieur, Place Beauvau \u2014 75 800 \u2014Paris Cedex 08;- soit un recours contentieux, en saisissant le Tribunal Administratif de NANCY - 5, place de la Carri\u00e8re - CO20038 - 54036 NANCY Cedex - le Tribunal Administratif peut \u00eatre saisi par l'application informatique\"T\u00e9l\u00e9recours citoyens\" accessible par le site Internet www.telerecours.fr\",\nApr\u00e8s un recours gracieux ou hi\u00e9rarchique, le d\u00e9lai du recours contentieux ne court qu'\u00e0 compter du rejet explicite ouimplicite de l'un de ces deux recours. Le rejet implicite intervient, suite au silence gard\u00e9 par l'administration, \u00e0 l'issued'une p\u00e9riode de deux mois. .\n3/3\n\n4\n\"\n:\n:\nci\n:\n:\n:\n\"4:\n= oo  Fo\n\u2014\nPe\nOo \"2b sks F\nIs =. FT  =LE = o TM & LI 7 7\nos\n! Py\n\u2014\n7 L a\nn\n:\n:  :\noo\n. :\n:\n:\n: .\nL] L LI\nn\n\nSoe  \u2014  Secr\u00e9tariat G\u00e9n\u00e9ral\nLibert\u00e9\u00c9galit\u00e9Fraternit\u00e9\nArr\u00eat\u00e9 n\u00b0 2025 - 2535 du 19 d\u00e9cembre 2025\nautorisant, \u00e0 compter du 1\u00b0 janvier 2026, l'adh\u00e9sion de la Communaut\u00e9 de communes du Pays deStenay et du Val Dunois au Syndicat mixte d'\u00c9tudes et de Traitement des D\u00e9chets M\u00e9nagers etAssimil\u00e9s (SMET), et validant les nouveaux statuts du syndicat\nLe Pr\u00e9fet de la Meuse,Chevalier de la L\u00e9gion d'HonneurChevalier de l'Ordre National du M\u00e9rite\nVu le code g\u00e9n\u00e9ral des collectivit\u00e9s territoriales (CGCT), et notamment ses articles L. 5211-5, L. 5211-18,L. 5214-27 et L. 5711-1 et suivants,\nVu le d\u00e9cret du 15 f\u00e9vrier 2023 portant nomination de Monsieur Xavier DELARUE, Pr\u00e9fet de laMeuse,\nVu l'arr\u00eat\u00e9 pr\u00e9fectoral n\u00b02014-385 du 27 f\u00e9vrier 2014 portant cr\u00e9ation du Syndicat mixte d'\u00c9tudes etde Traitement des D\u00e9chets M\u00e9nagers et Assimil\u00e9s (SMET),\nVu les arr\u00eat\u00e9s pr\u00e9fectoraux n\u00b02015-2679 du 21 d\u00e9cembre 2015, n\u00b02017-2760 du 28 d\u00e9cembre 2017,n\u00b02018-1546 du 29 juin 2018 et n\u00b02019-252 du 31 janvier 2019 modifiant l'arr\u00eat\u00e9 pr\u00e9fectoral n\u00b02014-385 du 27 f\u00e9vrier 2014 portant cr\u00e9ation du Syndicat mixte d'\u00c9tudes et de Traitement des D\u00e9chetsM\u00e9nagers et Assimil\u00e9s (SMET) et validant les nouveaux statuts du SMET,\nVu l'arr\u00eat\u00e9 pr\u00e9fectoral n\u00b02022-466 du 25 mars 2022 autorisant le retrait de la Communaut\u00e9 decommunes des Portes de Meuse du Syndicat mixte d'\u00c9tudes et de Traitement des D\u00e9chets M\u00e9nagerset Assimil\u00e9s (SMET) au 1\u00b0 janvier 2023 et validant les nouveaux statuts du syndicat,\nVu l'arr\u00eat\u00e9 pr\u00e9fectoral n\u00b02025-581 du 7 avril 2025 modifiant l'arr\u00eat\u00e9 n\u00b02014-385 du 27 f\u00e9vrier 2014portant cr\u00e9ation du Syndicat mixte d'\u00c9tudes et de Traitement des D\u00e9chets M\u00e9nagers et Assimil\u00e9s(SMET) et validant les nouveaux statuts du SMET,\nVu l'arr\u00eat\u00e9 pr\u00e9fectoral n\u00b02025-2057 du 10 octobre 2025 accordant d\u00e9l\u00e9gation de signature \u00e0Monsieur Christian ROBBE-GRILLET, Secr\u00e9taire G\u00e9n\u00e9ral de la Pr\u00e9fecture de la Meuse,\nVu la d\u00e9lib\u00e9ration n\u00b02025-04-021 du conseil communautaire de la Communaut\u00e9 de communes du Paysde Stenay et du Val Dunois du 9 avril 2025, sollicitant l'adh\u00e9sion de la Communaut\u00e9 de communes,pour l'ensemble de son territoire, \u00e0 la comp\u00e9tence \u00ab \u00e9tudes \u00bb et \u00e0 la comp\u00e9tence \u00ab traitement\u00bb du \u00b0Syndicat mixte d'\u00c9tudes et de Traitement des D\u00e9chets M\u00e9nagers et Assimil\u00e9s (SMET),\nPr\u00e9fecture de la MeuseDirection de la Citoyennet\u00e9 et de la L\u00e9galit\u00e9Bureau des relations avec les collectivit\u00e9s territoriales40.rue du BourgCS 3051255012 Bar-le-Duc C\u00e9dex\n\nVu les d\u00e9lib\u00e9rations des conseils municipaux des communes membres de la Communaut\u00e9 decommunes du Pays de Stenay et du Val Dunois, \u00e9mettant un avis favorable \u00e0 l'adh\u00e9sion de laCommunaut\u00e9 de communes au SMET :\n-Aincreville, du 2 juillet 2025, - Lion-devant-Dun, du 3 juillet 2025,- Autr\u00e9ville-Saint-Lambert, du 11 avril 2025, - Luzy-Saint-Martin, du 4juillet 2025,- Ba\u00e2lon, du 15 mai 2025, - Martincourt-sur-Meuse, du 10 avril 2025,- Banth\u00e9ville, du 17 juin 2025, - Milly-sur-Bradon, du 10 avril 2025,- Beauclair, du 13 mai 2025, - Mont-devant-Sassey, du 12 juin 2025,- Beaufort-en-Argonne, du 5 juillet 2025, - Moulins-Saint-Hubert, du 11 juillet 2025,- Brieulles-sur-Meuse, du 12 juin 2025, - Mouzay, du 10 juin 2025,- Brouennes, du 20juin 2025, - Murvaux, du 10 juin 2025,- Cesse, du 10 juin 2025, - Nantillois, du 13 juin 2025,- Cl\u00e9ry-le-Grand, du 15 avril 2025, - Nepvant, du 19 juin 2025,- Cl\u00e9ry-le-Petit, du 26 juin 2025, - Olizy-sur-Chiers, du 30 juin 2025,- Cunel, du 5 juillet 2025, - Pouilly-sur-Meuse, du 2juillet 2025,- Dannevoux, du 9 mai 2025, - Sassey-sur-Meuse, du 30 mai 2025,\n- Doulcon, du 10juin 2025, - Sivry-sur-Meuse, du 10juillet 2025,- Dun-sur-Meuse, du 22 avril 2025, - Stenay, du 13 mai 2025, -- Fontaines-Saint-Clair, du 24 juin 2025, - Villers-devant-Dun, du 14juin 2025,- Inor, du 11 juin 2025, - Vilosnes-Haraumont, du 26 juin 2025,- Lamouilly, du 18 juin 2025, - Wiseppe, du 7 juillet 2025,- Laneuville-sur-Meuse, du 24 juin 2025,- Liny-devant-Dun, du 4juillet 2025,\nVu l'absence de d\u00e9lib\u00e9ration des conseils municipaux des communes de Halles-sous-les-C\u00f4tes etSaulmory-Villefranche,\nVu le document d'incidence sur les ressources, les charges et le personnel de la communaut\u00e9 decommunes et du syndicat mixte, \u00e9tabli conform\u00e9ment aux dispositions de l'article L. 5211-39-2 du codeg\u00e9n\u00e9ral des collectivit\u00e9s territoriales,\nVu la d\u00e9lib\u00e9ration n\u00b02025/09 n\u00b01 du comit\u00e9 syndical du Syndicat mixte d'\u00c9tudes et de Traitement desD\u00e9chets M\u00e9nagers et Assimil\u00e9s du 9 septembre 2025, acceptant la demande d'adh\u00e9sion de laCommunaut\u00e9 de communes du Pays de Stenay et du Val Dunois pour les comp\u00e9tences \u00ab \u00e9tudes \u00bb et\u00ab traitement \u00bb, \u00e0 compter du 1\u00b0 janvier 2026,\nVu les d\u00e9lib\u00e9rations des conseils communautaires des Communaut\u00e9s de communes (CC) membres duSMET, favorables \u00e0 l'adh\u00e9sion de la Communaut\u00e9 de communes du Pays de Stenay et du Val Dunois :- CC Argonne-Meuse, du 16 octobre 2025,- CC Val de Meuse - Voie Sacr\u00e9e, du 13 novembre 2025,- CC de Damvillers - Spincourt, du 6 novembre 2025,\nVu l'avis r\u00e9put\u00e9 favorable des autres membres du SMET,\nVu les nouveaux statuts du SMET annex\u00e9s au pr\u00e9sent arr\u00eat\u00e9,\nConsid\u00e9rant que les conditions de majorit\u00e9 qualifi\u00e9e requises, pr\u00e9vues par l'article L. 5214-27 et au Ilde l'article L. 5211-5 du CGCT, pour accepter l'adh\u00e9sion de la Communaut\u00e9 de communes du Pays deStenay et du Val Dunois au SMET, ainsi que la modification statutaire correspondante, sont r\u00e9unies,\nSur proposition du Secr\u00e9taire G\u00e9n\u00e9ral de la Pr\u00e9fecture de la Meuse,\nARRETE\nArticle 1\u00b0: l'adh\u00e9sion de la Communaut\u00e9 de communes du Pays de Stenay et du Val Dunois au\nSyndicat mixte d'Etudes et de Traitement des D\u00e9chets M\u00e9nagers et Assimil\u00e9s, pour les comp\u00e9tences\u00ab \u00e9tudes \u00bb et \u00ab traitement \u00bb, est autoris\u00e9e \u00e0 compter du 1\" janvier 2026.\n2\n\nArticle 2 : L'adh\u00e9sion de la Communaut\u00e9 de communes du Pays de Stenay et du Val Dunois s'effectueradans les conditions pr\u00e9vues au II de l'article L. 5211-18 du CGCT. \u00c0 ce titre, les biens de la communaut\u00e9de communes n\u00e9cessaires \u00e0 l'exercice des comp\u00e9tences \u00ab \u00e9tudes\u00bb et \u00abtraitement\u00bb seront mis \u00e0disposition du syndicat, en application des dispositions de l'article L. 1321-1 du CGCT.\nCette mise \u00e0 disposition sera constat\u00e9e par un proc\u00e8s-verbal \u00e9tabli contradictoirement entre lesrepr\u00e9sentants de la Communaut\u00e9 de communes du Pays de Stenay et du Val Dunois et du Syndicatmixte d'\u00c9tudes et de Traitement des D\u00e9chets M\u00e9nagers et Assimil\u00e9s.\nArticle3 : Le fonctionnement du Syndicat mixte d'\u00c9tudes et de Traitement des D\u00e9chets M\u00e9nagers etAssimil\u00e9s est r\u00e9gi par les nouveaux statuts annex\u00e9s au pr\u00e9sent arr\u00eat\u00e9.\nArticle 4: Le Secr\u00e9taire G\u00e9n\u00e9ral de la Pr\u00e9fecture de la Meuse est charg\u00e9 de l'ex\u00e9cution dupr\u00e9sent arr\u00eat\u00e9 ainsi que, chacun en ce qui le concerne, le Pr\u00e9sident du Syndicat mixte d'\u00c9tudeset de Traitement des D\u00e9chets M\u00e9nagers et Assimil\u00e9s, le Pr\u00e9sident de la Communaut\u00e9 decommunes du Pays de Stenay et du Val Dunois, et les Pr\u00e9sidents des Communaut\u00e9s decommunes membres du syndicat, qui en recevront une copie \u00e0 titre de notification. Il sera aussitransmis, pour information, aux Sous-Pr\u00e9fets des arrondissements de Commercy et de Verdun,\u00e0 la Directrice d\u00e9partementale des Finances Publiques et au Directeur d\u00e9partemental desTerritoires, et sera publi\u00e9 au recueil des actes administratifs de la Pr\u00e9fecture de la Meuse.\nPour le Pr\u00e9fet et par d\u00e9l\u00e9gation,Le Secr\u00e9taire G\u00e9n\u00e9ral de la Pr\u00e9fecture,\nKE\nChristian ROBBE-GRILLET\nLe pr\u00e9sent arr\u00eat\u00e9 peut faire l'objet, dans un d\u00e9lai de deux mois \u00e0 compter de sa notification ou de sa publication, des recourssuivants qui doivent \u00eatre introduits en recommand\u00e9 avec accus\u00e9 de r\u00e9ception (application des articles L 411-2 du code desrelations entre le public et l'administration et R 421-1 et suivants du code de justice administrative) :-- soit Un recours gracieux, adress\u00e9 \u00e0 Monsieur le Pr\u00e9fet de la Meuse, 40 rue du Bourg - 55012 Bar-le-Duc;- soit un recours hi\u00e9rarchique, adress\u00e9 \u00e0 Madame la Ministre de l'Am\u00e9nagement du territoire et de la d\u00e9centralisation, 246boulevard Saint Germain - 75007 Paris ; .\u2014 soit un recours contentieux, adress\u00e9 \u00e0 Madame la Pr\u00e9sidente du Tribunal administratif de Nancy - 5, place de la Carri\u00e8re - CO20038 - 54036 Nancy Cedex - Le Tribunal administratif peut aussi \u00eatre saisi par l'application informatique \u00ab T\u00e9l\u00e9recours|citoyens \u00bb accessible par le site Internet www.t\u00e9l\u00e9recours.fr\".\nApr\u00e8s un recours gracieux ou hi\u00e9rarchique, le d\u00e9lai du recours contentieux ne court qu'\u00e0 compter du rejet explicite ou implicitede l'un de ces deux recours. Le rejet implicite intervient, suite au silence gard\u00e9 par l'administration, \u00e0 l'issue d'une p\u00e9riode deldeux mois.\n\n\nSYNDICAT MIXTE D'ETUDES ET DE TRAITEMENT des DECHETSMENAGERS ET ASSIMILES DANS LE DEPARTEMENT DE LAMEUSE(SMET)\nPREAMBULE\nLa loi n\u00b092-646 du 13 juillet 1992 fait obligation aux collectivit\u00e9s territoriales d'assurer unecollecte et un traitement des d\u00e9chets m\u00e9nagers et assimil\u00e9s dans des conditionsconformes aux exigences de l'environnement.Les orientations inscrites dans le cadre du Plan D\u00e9partemental d'Elimination des D\u00e9chetsM\u00e9nagers et Assimil\u00e9s (qui va prochainement \u00eatre remplac\u00e9 par un \u00ab Plan de Pr\u00e9ventionet de Gestion des D\u00e9chets Non Dangereux \u00bb) n\u00e9cessitent une approche globale de lama\u00eetrise des fili\u00e8res de gestion des d\u00e9chets au niveau des moyens technico-\u00e9conomiques\u00e0 mettre en \u0153uvre par la cr\u00e9ation d'un syndicat mixte \u00e0 vocation d\u00e9partementaled'\u00e9tudes et de traitement de ces d\u00e9chets.\nSTATUTS\nArticle 1 - Composition \u2014 D\u00e9nomination \u2014 ObjetEn application des articles L 5711-1 et suivants et L 5212-16 du Code G\u00e9n\u00e9ral desCollectivit\u00e9s Territoriales, il est cr\u00e9\u00e9 entre les \u00e9tablissements publics de coop\u00e9rationintercommunale (EPCI) meusiens ayant comp\u00e9tence en mati\u00e8re de collecte et/ou detraitement des d\u00e9chets, et adh\u00e9rant aux pr\u00e9sents statuts, un syndicat mixte \u00e0 la cartecomp\u00e9tent, d'une part en mati\u00e8re d'\u00e9tudes et d'autre part de traitement des d\u00e9chetsm\u00e9nagers et assimil\u00e9s, d\u00e9nomm\u00e9 \u00ab Syndicat Mixte d'Etudes et de Traitement des D\u00e9chetsM\u00e9nagers et Assimil\u00e9s \u00bb (en abr\u00e9g\u00e9 : \u00ab SMET \u00bb).\nSont membres du syndicat les EPCI suivants :Codecom de Damvillers Spincourt - Comp\u00e9tences \u00e9tude et traitementCodecom du Val de Meuse Voie Sacr\u00e9e \u2014 Comp\u00e9tences \u00e9tude et traitementCodecom du Pays d'Etain - Comp\u00e9tence \u00e9tude et traitementCodecom du territoire de Fresnes en Wo\u00ebvre - Comp\u00e9tences \u00e9tude et traitementCodecom du Sammiellois - Comp\u00e9tence \u00e9tude et traitementCodecom Argonne Meuse \u2014 Comp\u00e9tence \u00e9tude et traitementCodecom Cotes de Meuse Wo\u00ebvre \u2014 Comp\u00e9tence \u00e9tudeCodecom de l'Aire \u00e0 l'Argonne \u2014 Comp\u00e9tence \u00e9tude et traitementCommunaut\u00e9 d'Agglom\u00e9ration du Grand Verdun \u2014 Comp\u00e9tence \u00e9tude et traitementCodecom du Pays de Stenay et du Val Dunois - Comp\u00e9tence \u00e9tude et traitement\n2 - Dur\u00e9eLe Syndicat est institu\u00e9 pour une dur\u00e9e illimit\u00e9e.\nVs\n\nArticle 3 - Si\u00e8geLe si\u00e8ge du Syndicat est fix\u00e9 \u00e0 la ZI BALEYCOURT - Avenue de l'Europe \u2014 55100VERDUN\nArticle 4 - Comp\u00e9tencesLe Syndicat traite les questions relatives aux conditions de valorisation et de traitementdes d\u00e9chets telles que d\u00e9finies dans le Plan D\u00e9partemental d'Elimination des D\u00e9chetsM\u00e9nagers et Assimil\u00e9s (PDEDMA), remplac\u00e9 le cas \u00e9ch\u00e9ant par un Plan de Pr\u00e9vention etde Gestion des D\u00e9chets Non Dangereux (ou tout document qui s'y substituera).\nSyndicat \u00e0 la carte, il a vocation \u00e0 exercer ses comp\u00e9tences sur le territoire des EPCImembres de la mani\u00e8re suivante, \u00e9tant rappel\u00e9 que les EPCI peuvent adh\u00e9rer \u00e0 l'une oul'autre des deux comp\u00e9tences du syndicat (\u00e9tudes / traitement), ou aux deux :\n1. Le Syndicat engage des \u00abEtudes \u00bb portant sur l'objet d\u00e9fini ci-dessus et enparticulier sura. La recherche et le d\u00e9veloppement des techniques d'\u00e9limination et devalorisation des d\u00e9chets m\u00e9nagers et assimil\u00e9sb. L'\u00e9tablissement des cahiers des charges n\u00e9cessaires \u00e0 la mise en \u0153uvre parles EPCI des pr\u00e9conisations du PDEDMA (ou le Plan de Pr\u00e9vention et deGestion des D\u00e9chets Non Dangereux).c. L'organisation de toutes consultations n\u00e9cessaires \u00e0 la r\u00e9alisation de cet objet.Ces \u00e9tudes porteront plus sp\u00e9cialement sur la pr\u00e9vention ainsi que sur les \u00e9quipementsn\u00e9cessaires \u00e0 l'\u00e9limination et \u00e0 la valorisation des d\u00e9chets pr\u00e9vus par le plan : les r\u00e9seauxde d\u00e9ch\u00e8terie et de quais de transfert, les \u00e9quipements de valorisation \u00ab mati\u00e8re \u00bb pour leverre, les papiers-cartons et autres, ceux de la valorisation \u00e9nerg\u00e9tique par l'incin\u00e9ration,toute autre technique permettant la valorisation, la r\u00e9utilisation ou le recyclage desd\u00e9chets m\u00e9nagers et assimil\u00e9s et enfin le traitement des d\u00e9chets ultimes.Ces \u00e9tudes devront aboutir \u00e0 la d\u00e9finition des co\u00fbts relatifs aux diff\u00e9rentes fili\u00e8res devalorisation et de traitement sur la base des propositions \u00e9labor\u00e9es par les professionnelsconsult\u00e9s.Ces \u00e9tudes peuvent d\u00e9boucher sur la mise en \u0153uvre de campagnes de sensibilisation dupublic.\n2. Le Syndicat dispose de la comp\u00e9tence \u00ab Traitement\u00bb des d\u00e9chets m\u00e9nagers etassimil\u00e9s dans les conditions d\u00e9finies par le pr\u00e9sent article :\n- la valorisation et le traitement des d\u00e9chets collect\u00e9s par les EPCI membres, soit enporte \u00e0 porte, soit en points d'apport volontaire, soit en d\u00e9ch\u00e8terie,- l'organisation des actions de pr\u00e9vention, de communication, relatives al'am\u00e9lioration de la valorisation et du traitement des dits d\u00e9chets.\nLe Syndicat Mixte assure au niveau du territoire couvert par ses membres, la ma\u00eetrised'ouvrage et la gestion :- des \u00e9ventuels centres de transfert pour les d\u00e9chets m\u00e9nagers et assimil\u00e9s et lesproduits issus de la collecte s\u00e9lective des d\u00e9chets m\u00e9nagers recyclables,- du transport des d\u00e9chets des lieux de centralisation ou de regroupement descollectes, ou des centres de transfert vers les centres de tri et les installations detraitement,- d'un ou plusieurs \u00e9ventuels centres de tri,\n2/5\n\n- d'\u00e9ventuelles installations de traitement des d\u00e9chets m\u00e9nagers et assimil\u00e9s,- de tous les \u00e9quipements ou op\u00e9rations nouvelles visant a traiter, valoriser, our\u00e9duire les quantit\u00e9s de d\u00e9chets m\u00e9nagers et assimil\u00e9s,\nArticle 5 \u2014 Financement, BudgetLa ma\u00eetrise d'ouvrage des \u00e9tudes est assur\u00e9e par le Syndicat Mixte. La clef de r\u00e9partitiondes frais de la comp\u00e9tence \u00ab \u00e9tudes \u00bb est la population.S'agissant de la comp\u00e9tence \u00ab traitement \u00bb, le financement est assur\u00e9 comme suit :- une participation forfaitaire aux frais g\u00e9n\u00e9raux de x \u20ac par an et parhabitant, d\u00e9termin\u00e9e annuellement par le comit\u00e9 syndical.- une participation aux frais de traitement calcul\u00e9e sur la base du tonnagetrait\u00e9, \u00e9ventuellement pond\u00e9r\u00e9 par le nombre de rotations des bennes des d\u00e9chetteries,ou d'autres indicateurs d'optimisation, selon les dispositions arr\u00eat\u00e9es par le comit\u00e9syndical.\nLes frais d'administration g\u00e9n\u00e9rale seront r\u00e9partis sur chacune des comp\u00e9tencesconcern\u00e9es, en fonction de leur poids relatif dans le compte administratif de l'ann\u00e9epr\u00e9c\u00e9dente (section fonctionnement). A l'int\u00e9rieur de chaque comp\u00e9tence, ces frais serontr\u00e9partis en fonction de la population de chaque groupement.Pour la premi\u00e8re ann\u00e9e de fonctionnement, les frais d'administration g\u00e9n\u00e9rale serontr\u00e9partis en totalit\u00e9 en fonction de la population de chaque groupement.\nLe Budget pourvoit aux d\u00e9penses qui entrent dans les-comp\u00e9tences du Syndicat.Les recettes sont constitu\u00e9es par les subventions attribu\u00e9es par les partenaires financiers,toutes les recettes autoris\u00e9es par les textes en vigueur et les participations des adh\u00e9rentsr\u00e9parties selon les clefs d\u00e9finies ci-dessus.\nArticle 6 - Admission \u2014 Retrait - ModificationLes EPCI autres que ceux primitivement syndiqu\u00e9s pourront \u00eatre autoris\u00e9s, par arr\u00eat\u00e9pr\u00e9fectoral, \u00e0 faire partie du Syndicat dans les conditions fix\u00e9es par le Code G\u00e9n\u00e9ral desCollectivit\u00e9s Territoriales.Le retrait d'un membre s'effectuera selon la m\u00eame proc\u00e9dure.L'EPCI membre de la comp\u00e9tence \u00ab Traitement \u00bb admis \u00e0 se retirer, apr\u00e8s les proc\u00e9duresr\u00e9glementaires en vigueur, continuera \u00e0 supporter la charge du service de la dette, pourtous les emprunts contract\u00e9s par le Syndicat, pendant la p\u00e9riode d'adh\u00e9sion.\nLe transfert d'une comp\u00e9tence suppl\u00e9mentaire, vis\u00e9e \u00e0 l'article 4 des pr\u00e9sents statuts,interviendra pour les EPCI membres du syndicat par d\u00e9lib\u00e9rations concordantes del'organe d\u00e9lib\u00e9rant du membre concern\u00e9 et de l'organe d\u00e9lib\u00e9rant du Syndicat.\nArticle 7 - Comit\u00e9 SyndicalLe Comit\u00e9 est compos\u00e9 de d\u00e9l\u00e9gu\u00e9s \u00e9lus selon le calcul suivant :un d\u00e9l\u00e9gu\u00e9 titulaire par EPCI membre et pour chaque EPCI membre dont la population estsup\u00e9rieure \u00e0 10.000 habitants, 1 d\u00e9l\u00e9gu\u00e9 suppl\u00e9mentaire par tranche de 10.000 habitantsau-del\u00e0 des 10.000 premiers habitants.Chaque EPCI membre d\u00e9signe autant de d\u00e9l\u00e9gu\u00e9s suppl\u00e9ants que de d\u00e9l\u00e9gu\u00e9s titulaires,qui seront amen\u00e9s \u00e0 si\u00e9ger au comit\u00e9 en cas d'emp\u00e9chement du ou des d\u00e9l\u00e9gu\u00e9stitulaires.\n3/5\n\nLe Comit\u00e9 est investi d'une mani\u00e8re g\u00e9n\u00e9rale des pouvoirs les plus \u00e9tendus dans le cadrede ses comp\u00e9tences, notamment :- il vote le budget et l'approbation des comptes- il \u00e9tablit le r\u00e8glement int\u00e9rieur- il a un pouvoir de proposition pour toute modification aff\u00e9rente aux statutsIl se r\u00e9unit au moins une fois par trimestre.Le mandat des d\u00e9l\u00e9gu\u00e9s titulaires et suppl\u00e9ants expire au plus tard \u00e0 la date durenouvellement de l'organe d\u00e9lib\u00e9rant de la structure qui les a d\u00e9sign\u00e9s.\nArticle 8 - BureauConform\u00e9ment aux dispositions de l'article L 5211-10 du Code G\u00e9n\u00e9ral des Collectivit\u00e9sTerritoriales, le bureau du syndicat mixte est compos\u00e9 du pr\u00e9sident, d'un ou de plusieursvice-pr\u00e9sidents et \u00e9ventuellement d'un ou de plusieurs autres membres.Les membres du bureau sont \u00e9lus par le comit\u00e9 syndical parmi les d\u00e9l\u00e9gu\u00e9s.Le comit\u00e9 syndical peut d\u00e9l\u00e9guer une partie de ses attributions au pr\u00e9sident, aux vice-pr\u00e9sidents ayant re\u00e7u d\u00e9l\u00e9gation et au bureau dans son ensemble, dans les conditionsfix\u00e9es par l'article L 5211-10 du Code G\u00e9n\u00e9ral des Collectivit\u00e9s Territoriales.Pour ses travaux, le Bureau pourra s'adjoindre les comp\u00e9tences des organismes,administrations ou autres qu'il jugera n\u00e9cessaire.\nArticle 9 \u2014 D\u00e9lib\u00e9rationsLe Comit\u00e9 Syndical et le Bureau ne peuvent valablement d\u00e9lib\u00e9rer que si la majorit\u00e9 deleurs d\u00e9l\u00e9gu\u00e9s ou membres en exercice est pr\u00e9sente.Pour chaque r\u00e9union du comit\u00e9 syndical, tout membre du Comit\u00e9 Syndical peut donnerpouvoir \u00e0 un autre repr\u00e9sentant, si le ou les d\u00e9l\u00e9gu\u00e9s suppl\u00e9ants de l'EPCI qu'ilrepr\u00e9sente sont \u00e9galement emp\u00each\u00e9s.Si le quorum n'est pas atteint, une deuxi\u00e8me r\u00e9union a lieu dans le d\u00e9lai pr\u00e9vu par le CodeG\u00e9n\u00e9ral des Collectivit\u00e9s Territoriales. Il est alors d\u00e9lib\u00e9r\u00e9 quel que soit le nombre depr\u00e9sents. :Le Comit\u00e9 Syndical et le Bureau prennent leurs d\u00e9cisions \u00e0 la majorit\u00e9 absolue dessuffrages exprim\u00e9s. En cas d'\u00e9galit\u00e9, la voix du Pr\u00e9sident est pr\u00e9pond\u00e9rante.Tous les d\u00e9l\u00e9gu\u00e9s prennent part au vote pour les affaires pr\u00e9sentant un int\u00e9r\u00eat commun \u00e0tous les membres et notamment pour l'\u00e9lection du pr\u00e9sident et des membres du bureau, levote du budget, l'approbation du compte administratif et les d\u00e9cisions relatives auxmodifications des conditions initiales de composition, de fonctionnement et de dur\u00e9e dusyndicat ; dans le cas contraire, ne prennent part au vote que les d\u00e9l\u00e9gu\u00e9s repr\u00e9sentantles EPCI concern\u00e9s par l'affaire mise en d\u00e9lib\u00e9ration. Le pr\u00e9sident prend part \u00e0 tous lesvotes (sauf en cas de vote du compte administratif ou s'il est int\u00e9ress\u00e9 \u00e0 l'affaire commecela est pr\u00e9cis\u00e9 \u00e0 l'article 2131-11 du Code G\u00e9n\u00e9ral des Collectivit\u00e9s Territoriales).\nArticle 10 \u2014 Pr\u00e9sidentLe Pr\u00e9sident convoque et pr\u00e9side les r\u00e9unions, il assure la police de l'assembl\u00e9e.Il est charg\u00e9 d'une fa\u00e7on g\u00e9n\u00e9rale de faire ex\u00e9cuter les d\u00e9cisions prises par le Comit\u00e9Syndical ou le Bureau.Il est l'ordonnateur des d\u00e9penses et des recettes et repr\u00e9sente le Syndicat dans tous lesactes de gestion.Il repr\u00e9sente le Syndicat en justice.\n4/5\n\nArticle 11 \u2014- R\u00e8glement int\u00e9rieurLe r\u00e8glement int\u00e9rieur est arr\u00eat\u00e9 par le Comit\u00e9 Syndical. II fixe notamment les conditionsde fonctionnement interne du syndicat, non pr\u00e9cis\u00e9es aux pr\u00e9sents statuts ou par le CodeG\u00e9n\u00e9ral des Collectivit\u00e9s Territoriales.\nArticle 12 \u2014 PopulationPour toutes dispositions administratives et financi\u00e9res dans le fonctionnement du syndicat,la population prise en compte est la \u00ab population DGF \u00bb de l'ann\u00e9e pr\u00e9c\u00e9dente.\nVu les pr\u00e9sents statuts pour \u00eatre annex\u00e9s \u00e0 mon arr\u00eat\u00e9 n\u00b02025- 2525 du 19 DEC. 2025\nPour le Pr\u00e9fet et par d\u00e9l\u00e9gation,Le Secr\u00e9taire G\u00e9n\u00e9ral de la Pr\u00e9fecture,\nKe 7\nChristian ROBBE-GRILLET\n5/5\n\n\nDE LA M EUSE Secr\u00e9tariat g\u00e9n\u00e9ral\nLibert\u00e9\u00c9galit\u00e9Fraternit\u00e9\nArr\u00eat\u00e9 pr\u00e9fectoral n\u00b0 2025-536 du 2  d\u00e9cembre L085portant d\u00e9l\u00e9gation de signature \u00e0 Madame Sara JANSSEN,Directrice de cabinet du Pr\u00e9fet de la Meuse\nLe Pr\u00e9fet de la Meuse,Chevalier de la L\u00e9gion d'Honneur,Chevalier de l'Ordre National du M\u00e9rite,\nVu la loi organique n\u00b0 2001-692 du 1\u00b0 ao\u00fbt 2001 modifi\u00e9e relative aux lois de finances;\nVu la loi n\u00b0 82-213 du 2 mars 1982, modifi\u00e9e, relative aux droits et libert\u00e9s des communes, desd\u00e9partements et des r\u00e9gions, et notamment son article 34 ;\nVu la loi n\u00b0 2000-321 du 12 avril 2000, modifi\u00e9e, relative aux droits des citoyens dans leurs relations avecles administrations ;\nVu le d\u00e9cret n\u00b0 95-260 du 8 mars 1995, modifi\u00e9, relatif \u00e0 la commission consultative d\u00e9partementale des\u00e9curit\u00e9 et d'accessibilit\u00e9 ;\nVu le d\u00e9cret n\u00b0 97-34 du 15 janvier 1997, modifi\u00e9, relatif \u00e0 la d\u00e9concentration des d\u00e9cisionsadministratives individuelles ;\nVu le d\u00e9cret n\u00b0 2004-374 du 29 avril 2004, modifi\u00e9, relatif aux pouvoirs des pr\u00e9fets, \u00e0 l'organisation et \u00e0l'action des services de l'\u00c9tat dans les r\u00e9gions et d\u00e9partements ;\nVu le d\u00e9cret du 15 f\u00e9vrier 2023 portant nomination de M. Xavier DELARUE, Pr\u00e9fet de la Meuse;\nVu le d\u00e9cret du 21 mars 2025 portant nomination de Mme Sara JANSSEN en qualit\u00e9 de Directrice decabinet du Pr\u00e9fet de la Meuse;\nVu l'arr\u00eat\u00e9 pr\u00e9fectoral n\u00b0 2017-142 du 19 janvier 2017 relatif \u00e0 la composition de la commissionconsultative d\u00e9partementale de s\u00e9curit\u00e9 et d'accessibilit\u00e9 ;\nVu l'arr\u00eat\u00e9 pr\u00e9fectoral n\u00b02017-260 du 8 f\u00e9vrier 2017 relatif au fonctionnement de la commissionconsultative d\u00e9partementale de s\u00e9curit\u00e9 et d'accessibilit\u00e9 et au fonctionnement des commissionsd'arrondissement ;\nVu l'arr\u00eat\u00e9 pr\u00e9fectoral n\u00b0 2025-2301 du 21 novembre 2025 portant organigramme fonctionnel desservices de la pr\u00e9fecture et des sous-pr\u00e9fectures de la Meuse ;\nVu l'arr\u00eat\u00e9 pr\u00e9fectoral n\u00b0 2020-430 du 3 mars 2020 portant affectation de Mme Sylvie SERRI\u00c8RE aucabinet du pr\u00e9fet - service des s\u00e9curit\u00e9s - au poste de cheffe du bureau de l'ordre public et de las\u00e9curit\u00e9 int\u00e9rieure ;\nVu l'arr\u00eat\u00e9 pr\u00e9fectoral n\u00b0 2024-952 du 23 avril 2024 portant affectation de M. Marc ALISON en qualit\u00e9de chef du bureau de la s\u00e9curit\u00e9 routi\u00e8re \u00e0 compter du 1er mai 2024;\nPr\u00e9fecture de la Meuse40 rue du BourgCS 3051255012 Bar-le-Duc C\u00e9dex\n\nVu l'arr\u00eat\u00e9 pr\u00e9fectoral n\u00b0 2024-3097 du 24 octobre 2024 portant affectation de Mme Eden ZERRI aucabinet du pr\u00e9fet de la Meuse;\nVu l'arr\u00eat\u00e9 pr\u00e9fectoral n\u00b02025-868 du 21 mai 2025 portant affectation de Mme Alexia BARON-CL\u00c9MENTau bureau de l'ordre public et la s\u00e9curit\u00e9 int\u00e9rieure, en qualit\u00e9 d'adjointe \u00e0 la cheffe de bureau;\nVu l'arr\u00eat\u00e9 pr\u00e9fectoral n\u00b02025-1649 du 28 juillet 2025 portant affectation de M. Julien SCHMITT aucabinet du pr\u00e9fet - services des s\u00e9curit\u00e9s - bureau de l'ordre public et de la s\u00e9curit\u00e9 int\u00e9rieure ;\nVu l'arr\u00eat\u00e9 pr\u00e9fectoral n\u00b02025-1778 du 22 ao\u00fbt 2025 portant affectation de M. Philippe KROLIKIEWICZau cabinet du pr\u00e9fet, en qualit\u00e9 d'adjoint \u00e0 la cheffe du bureau du cabinet et de la communication ;\nVu l'arr\u00eat\u00e9 pr\u00e9fectoral n\u00b0 2025-1791 du 27 ao\u00fbt 2025 portant affectation de M. Quentin THIELLIN aucabinet du pr\u00e9fet - service des s\u00e9curit\u00e9s - en qualit\u00e9 d'adjoint au chef du bureau de d\u00e9fense et deprotection civiles ;\nVu le contrat d'engagement \u00e0 dur\u00e9e d\u00e9termin\u00e9e portant affectation de Mme Perrine TINTURIER, ausein du bureau de l'ordre public et de la s\u00e9curit\u00e9 int\u00e9rieure;\nVu la note d'information en date du 27 novembre 2025 portant affectation de M. Julien KAISER enqualit\u00e9 d'adjoint \u00e0 la Directrice de cabinet et chef du service des s\u00e9curit\u00e9s ;\nSur proposition du Secr\u00e9taire G\u00e9n\u00e9ral de la pr\u00e9fecture,\nARR\u00caTE\nArticle1\": D\u00e9l\u00e9gation de signature est donn\u00e9e \u00e0 Mme Sara JANSSEN, Directrice de cabinet duPr\u00e9fet, dans la limite des attributions du cabinet, pour signer tous arr\u00e9t\u00e9s, d\u00e9cisions, circulaires,rapports, correspondances et documents administratifs relevant des attributions du cabinet, \u00e0l'exception :\n* des ordres de r\u00e9quisition du comptable public ;\n* des arr\u00eat\u00e9s de conflit ;\n* des arr\u00eat\u00e9s concernant la d\u00e9fense nationale.\nArticle 2: D\u00e9l\u00e9gation de signature est \u00e9galement donn\u00e9e \u00e0 Mme Sara JANSSEN, Sous-Pr\u00e9f\u00e8te,Directrice de cabinet du Pr\u00e9fet, pour signer :\n* au titre de la mission interminist\u00e9rielle de lutte contre la drogue et la toxicomanie, duFIPD (BOP 216) et de la DILCRAH (BOP 129): tous actes et documents administratifs,correspondances et pi\u00e9ces comptables relevant de ces dispositifs ;\n* au titre du plan d\u00e9partemental d'actions de s\u00e9curit\u00e9 routi\u00e8re : tous actes et documentsadministratifs, correspondances et pi\u00e9ces comptables relevant de cette mission(BOP 207) ;\n* au titre du fonds \u00ab fourri\u00e9re \u00bb : tous actes et documents administratifs, correspondanceset pi\u00e9ces comptables relevant de cette mission (BOP 136) ;\n* au titre du fonds \u00abcommunication\u00bb: tous actes et documents administratifs,correspondances et pi\u00e9ces comptables relevant de ces dispositifs (BOP 349);\n* au titre du fonds sp\u00e9cial pour la comm\u00e9moration du 80\u00b0 anniversaire de la Lib\u00e9ration,tous actes et documents administratifs, correspondances et pi\u00e8ces comptables relevantde ces dispositifs (BOP 354).\nArticle 3: D\u00e9l\u00e9gation de signature est \u00e9galement donn\u00e9e \u00e0 Mme Sara JANSSEN, Directrice decabinet du Pr\u00e9fet, pour signer :\n2\n\n+ les reconstitutions partielles de points du permis de conduire,\n+ les arr\u00eat\u00e9s de suspension des permis de conduire et leur notification, les arr\u00eat\u00e9s de restrictiondes droits \u00e0 conduire et leur notification, les arr\u00eat\u00e9s d'interdiction temporaire de conduire enFrance et leur notification, les arr\u00eat\u00e9s modificatifs ou les rapportant, et leur notification,\n+ les interdictions de solliciter un permis de conduire,\n+ les r\u00e9c\u00e9piss\u00e9s de remise des permis de conduire invalid\u00e9s par solde de points nul,\n+ les arr\u00eat\u00e9s de retrait d'un permis de conduire obtenu irr\u00e9guli\u00e8rement ou frauduleusement,\n:+ tous les rapports, correspondances, circulaires et tous les documents administratifsrelevant de l'activit\u00e9 \u00ab circulation automobile \u00bb,\n+ les arr\u00eat\u00e9s portant agr\u00e9ment des m\u00e9decins pour le contr\u00f4le m\u00e9dical de l'aptitude \u00e0 la conduite,\n+ les attestations m\u00e9dicales de conducteurs, :\n+ les convocations devant la commission m\u00e9dicale des permis de conduire en application del'article R 221-13 du Code la route prescrivant un examen m\u00e9dical suite \u00e0 certaines infractions,\n+ les convocations devant la commission m\u00e9dicale des permis de conduire, en application del'article R. 221-14 du Code de la route prescrivant un examen m\u00e9dical lorsque l'\u00e9tat physique dutitulaire du permis de conduire peut \u00eatre incompatible avec le maintien de ce permis,\n+ les mesures administratives cons\u00e9cutives \u00e0 un examen m\u00e9dical,\n+ les lettres d'avertissement et les d\u00e9cisions les rapportant,\n+ les habilitations des agents de police judiciaire adjoints \u00e0 l'application \u00ab Portail PoliceMunicipale \u00bb,\n+ les courriers d'autorisation ou de refus d'exploitation de v\u00e9hicules de taxi,\n+ les d\u00e9livrances de la carte professionnelle de conducteur de taxi suite \u00e0 r\u00e9ussite \u00e0 l'examen ducertificat de capacit\u00e9 professionnelle de conducteur de taxi,\n* les demandes de restitution de cartes professionnelles de conducteur de taxi suite \u00e0rupture du contrat de travail ou \u00e0 cessation d'activit\u00e9.\nArticle 4 : En cas d'absence ou d'emp\u00e9chement de Madame Sara JANSSEN, Directrice de cabinetdu Pr\u00e9fet, les d\u00e9l\u00e9gations de signature vis\u00e9es aux articles 1\u00b0, 2 et 3 sont consenties, dans leslimites des attributions du cabinet, \u00e0 Monsieur Julien KAISER, adjoint \u00e0 la Directrice de cabinet.\nArticle 5 : En ce qui concerne le service des s\u00e9curit\u00e9s, d\u00e9l\u00e9gation de signature est donn\u00e9e a:\n1- M. Marc ALISON, attach\u00e9 d'administration de l'\u00c9tat, chef du bureau de la s\u00e9curit\u00e9routi\u00e8re, \u00e0 l'effet de signer, au nom du pr\u00e9fet :\n+ les reconstitutions partielles de points du permis de conduire,\n+ les arr\u00eat\u00e9s de suspension des permis de conduire et leur notification, les arr\u00eat\u00e9sde restriction des droits \u00e0 conduire et leur notification, les arr\u00eat\u00e9s d'interdictiontemporaire de conduire en France et leur notification, les arr\u00eat\u00e9s modificatifs oules rapportant et leur notification,\n+ __ les interdictions de solliciter un permis de conduire, :\n+ les r\u00e9c\u00e9piss\u00e9s de remise des permis de conduire invalid\u00e9s par solde de points nul,\n+ les arr\u00eat\u00e9s de retrait d'un permis de conduire obtenu irr\u00e9guli\u00e8rement oufrauduleusement,\n* tous les circulaires, rapports, correspondances et tous les documentsadministratifs relevant de l'activit\u00e9 \u00ab circulation automobile \u00bb,\n+ les arr\u00eat\u00e9s portant agr\u00e9ment des m\u00e9decins pour le contr\u00f4le m\u00e9dical de l'aptitude\u00e0 la conduite,\n\nles attestations m\u00e9dicales des conducteurs,\nles convocations devant la commission m\u00e9dicale des permis de conduire enapplication de l'article R 221-13 du Code de la route prescrivant un examenm\u00e9dical suite \u00e0 certaines infractions,\nles convocations devant la commission m\u00e9dicale des permis de conduire, enapplication de l'article R. 221-14 du Code de la route prescrivant un examenm\u00e9dical lorsque l'\u00e9tat physique du titulaire du permis de conduire peut \u00eatreincompatible avec le maintien de ce permis,\nles mesures administratives cons\u00e9cutives \u00e0 un examen m\u00e9dical,\nles lettres d'avertissement et les d\u00e9cisions les rapportant,\nles habilitations des agents de police judiciaire adjoints \u00e0 l'application \u00ab PortailPolice Municipale \u00bb,\nles courriers d'autorisation ou de refus d'exploitation de v\u00e9hicules de taxi,\nles d\u00e9livrances de la carte professionnelle de conducteur de taxi suite \u00e0 r\u00e9ussite \u00e0l'examen du certificat de capacit\u00e9 professionnelle de conducteur de taxi,\nles demandes de restitution de cartes professionnelles de conducteur de taxisuite \u00e0 rupture du contrat de travail ou \u00e0 cessation d'activit\u00e9.\ntous actes et documents administratifs, correspondances et pi\u00e8cescomptables relevant du plan d\u00e9partemental d'actions de s\u00e9curit\u00e9 routi\u00e8re,(BOP 207). .\ntous actes et documents administratifs, correspondances et pi\u00e9cescomptables relevant du fonds \u00ab fourri\u00e9re \u00bb (BOP 176).\n2 - Mme Sylvie SERRIERE-HOFBAUER, attach\u00e9e d'administration de l'\u00c9tat, cheffe du bureaude l'ordre public et de la s\u00e9curit\u00e9 int\u00e9rieure, \u00e0 l'effet de signer :\n. les correspondances courantes et les bordereaux d'envoi,\nles autorisations et d\u00e9clarations de d\u00e9tention d'armes, ainsi que les carteseurop\u00e9ennes d'armes \u00e0 feu,\nles d\u00e9clarations de survol par drones,\nles duplicatas de permis de chasser,\nles suites aux demandes d'enqu\u00eate sans observations des demandes de visites encentres de d\u00e9tention de Saint-Mihiel et de Montm\u00e9dy ainsi qu'\u00e0 la maison d'arr\u00eatde Bar-le-Duc,\ntoutes demandes d'enqu\u00eates aux forces de l'ordre en lien avec le bureau de l'ordrepublic et la s\u00e9curit\u00e9 int\u00e9rieure (expulsions locatives, saisies...),\ntous actes et documents administratifs, correspondances et pi\u00e8cescomptables relevant de la mission interminist\u00e9rielle de lutte contre ladrogue et la toxicomanie, du FIPD (BOP 216) et de la DILCRAH (BOP 129),\nEn l'absence ou en cas d'emp\u00eachement de Mme Sylvie SERRI\u00c8RE-HOFBAUER, la d\u00e9l\u00e9gation de signatureconsentie \u00e0 l'article 5-2 est transf\u00e9r\u00e9e \u00e0 Mme Alexia BARON-CL\u00c9MENT, adjointe \u00e0 la cheffe de bureau.\n3 - D\u00e9l\u00e9gation est donn\u00e9e pour cr\u00e9er et valider les expressions de besoin, pour constateret certifier les services faits, tous flux confondus, dans l'outil Chorus formulaire, ainsi que les titres deperception dans le cadre du suivi des missions relevant des BOP 129, 176, 207, 216, 349 et 354 dans la limitedes missions \u00e9nonc\u00e9e \u00e0 l'article 2 a:\n\u2014 M.Julien KAISER, adjoint \u00e0 la directrice de cabinet,\n- M. Marc ALISON, attach\u00e9 d'administration de l'\u00c9tat,\n\u2014 Mme Sylvie SERRIERE-HOFBAUER, attach\u00e9e d'administration de l'\u00c9tat,\n\n\u2014 Mme Alexia BARON-CLEMENT, secr\u00e9taire administrative de classe normale,\n\u2014 M. Julien SCHMITT, secr\u00e9taire administratif de classe normale,\nUn compte rendu d'utilisation des cr\u00e9dits des BOP 129, 216 et 207 pour l'exercice budg\u00e9taire est adress\u00e9annuellement au directeur de cabinet du pr\u00e9fet.\n4- M. Quentin THIELLIN, attach\u00e9 d'administration de l'\u00c9tat stagiaire, \u00e0 l'effet de signer :\n* les correspondances courantes et les bordereaux d'envoi,\n* les demandes d'enqu\u00eates aux forces de l'ordre pour les agr\u00e9ments et certificats desartificiers pyrotechniques, et les demandes relatives aux explosifs lorsquel'instruction fait appara\u00eetre la n\u00e9cessit\u00e9 d'une saisine compl\u00e9mentaire des forces del'ordre ;\n+ les d\u00e9clarations des spectacles pyrotechniques ;\n+ tous courriers de demandes aux collectivit\u00e9s territoriales concernant lescatastrophes naturelles, hors courriers aux parlementaires et grands \u00e9lus;\n+ les bordereaux d'envoi des demandes d'habilitation concernant la protection dusecret de la d\u00e9fense nationale.\nArticle 6 : En ce qui concerne le bureau du cabinet et de la communication, d\u00e9l\u00e9gation de signature estdonn\u00e9e \u00e0 Mme Eden ZERRI, attach\u00e9e d'administration de l'\u00c9tat, cheffe du bureau du cabinet et de lacommunication, \u00e0 l'effet de signer :\n+ les correspondances courantes et les bordereaux d'envoi dans toutes les mati\u00e8resrelevant de la comp\u00e9tence du bureau ;\nEn l'absence ou en cas d'emp\u00eachement de Mme Eden ZERRI, la d\u00e9l\u00e9gation de signature consentie \u00e0l'article 5 est transf\u00e9r\u00e9e \u00e0 M. Philippe KROLIKIEWICZ, adjoint \u00e0 la cheffe de bureau.\nArticle 7: L'arr\u00eat\u00e9 pr\u00e9fectoral n\u00b0 2025-2413 du 8 d\u00e9cembre 2025 portant d\u00e9l\u00e9gation de signature \u00e0Madame Sara JANSSEN, Directrice de cabinet du Pr\u00e9fet de la Meuse, est abrog\u00e9.\nArticle 8: La Directrice de cabinet est charg\u00e9e de l'ex\u00e9cution du pr\u00e9sent arr\u00eat\u00e9, qui sera publi\u00e9 aurecueil des actes administratifs de la pr\u00e9fecture de la Meuse, et dont une copie sera adress\u00e9e, \u00e0 titre denotification, \u00e0 chacun des agents concern\u00e9s.\nVoies et d\u00e9lais de recours{application des articles L.411-2 du code des relations entre le publicet l'administration\net R.421-1 et suivants du Code de justice administrative)\nDans un d\u00e9lai de deux mois \u00e0 compter de la notification du pr\u00e9sent arr\u00eat\u00e9, les recours suivants peuvent \u00eatre introduits en recommand\u00e9\navec accus\u00e9 de r\u00e9ception := soit un recours gracieux, adress\u00e9 au Pr\u00e9fet de la Meuse, 40 rue du Bourg \u2014 55012 Bar-le-Duc;\n\u2014 soit un recours hi\u00e9rarchique, adress\u00e9 au Ministre de l'Int\u00e9rieur, Place Beauvau \u2014 75800 Paris cedex 08 ;\n~ soit un recours contentieux, en saisissant le Tribunal administratif de NANCY \u2014 5, place de la Carri\u00e8re - CO 20038 - 54036\nNANCY Cedex ~ Le Tribunal administratif peut \u00eatre saisi par l'application informatique \u00ab T\u00e9l\u00e9recours citoyens \u00bb accessible par le\nsite Internet www telerecours fr,\nApr\u00e8s un recours gracieux ou hi\u00e9rarchique, le d\u00e9lai du recours contentieux ne court qu'\u00e0 compter du rejet explicite ou implicite de l'un deces deux recours. Le rejet implicite intervient, suite au silence gard\u00e9 par l'administration, \u00e0 l'issue d'une p\u00e9riode de deux mois.\n\nEuDE LA MEUSE Secr\u00e9tariat g\u00e9n\u00e9ral\nLibert\u00e9\u00c9galit\u00e9Fraternit\u00e9\nArr\u00eat\u00e9 n\u00b02025. 2540 \u00a9 du \u00a9 d\u00e9cembre OESaccordant d\u00e9l\u00e9gation de signature \u00e0 Mme Estelle GENDRON,directrice adjointe \u00e0 la direction d\u00e9partementale des finances publiques de la Meuseen mati\u00e8re d'ordonnancement secondaireet de comptabilit\u00e9 g\u00e9n\u00e9rale de l'Etat\nLe Pr\u00e9fet de la Meuse,Chevalier de la L\u00e9gion d'Honneur,Chevalier de l'Ordre National du M\u00e9rite,\nVu la loi organique n\u00b0 2001-692 du 1\u00b0 ao\u00fbt 2001 relative aux lois de finances ;\nVu la loi n\u00b0 82-213 du 2 mars 1982 relative aux droits et libert\u00e9s communes, des d\u00e9partements et desr\u00e9gions;\nVu la loi d'orientation n\u00b0 92-125 du 6 f\u00e9vrier 1992 relative \u00e0 l'administration territoriale de laR\u00e9publique ;\nVu le d\u00e9cret n\u00b0 2004-374 du 29 avril 2004 modifi\u00e9 relatif au pouvoir des pr\u00e9fets, \u00e0 l'organisation et \u00e0l'action des services de l'Etat dans les r\u00e9gions et les d\u00e9partements ;\nVu le d\u00e9cret n\u00b02009-208 du 20 f\u00e9vrier 2009 relatif au statut particulier des administrateurs des financespubliques ;\nVu le d\u00e9cret n\u00b0 2009-707 du 16 juin 2009 modifi\u00e9 relatif aux services d\u00e9concentr\u00e9s de la directiong\u00e9n\u00e9rale des finances publiques ;\nVu le d\u00e9cret n\u00b02012-1246 du 7 novembre 2012 relatif \u00e0 la gestion budg\u00e9taire et comptable publique ;\nVu le d\u00e9cret n\u00b0 2015-510 du 7 mai 2015 modifi\u00e9 portant charte de la d\u00e9concentration ;\nVu le d\u00e9cret du 15 f\u00e9vrier 2023 portant nomination de M. Xavier DELARUE, Pr\u00e9fet de la Meuse;\nVu l'arr\u00eat\u00e9 du 9 f\u00e9vrier 2022 portant affectation de Mme Estelle GENDRON, administratrice desfinances publiques, \u00e0 la direction d\u00e9partementale des finances publiques de la Meuse ;\nPr\u00e9fecture de la Meuse40 rue du BourgCS 3051255012 Bar-le-Duc C\u00e9dex\n\nSur proposition du secr\u00e9taire g\u00e9n\u00e9ral de la pr\u00e9fecture de la Meuse,\nARRETE\nArticle 1\" : D\u00e9l\u00e9gation de signature est donn\u00e9e \u00e0 Mme Estelle GENDRON, administratrice de l'Etat, \u00e0effet de:\nsigner, dans la limite de ses attributions et comp\u00e9tences, tout document, acte,d\u00e9cision, contrat, conclusion, m\u00e9moire et, d'une fa\u00e7on plus g\u00e9n\u00e9rale, tous les actesse traduisant par l'ordonnancement de d\u00e9penses ou de recettes se rapportant aufonctionnement ou \u00e0 l'\u00e9quipement de la direction d\u00e9partementale des financespubliques de la Meuse, ainsi que l'ordonnancement de toute recette se rapportantaux attributions et activit\u00e9s de la direction d\u00e9partementale des finances publiquesde la Meuse;\nrecevoir les cr\u00e9dits des programmes suivants :+. n\u00b0156 \u00ab Gestion fiscale et financi\u00e8re de l'Etat et du secteur public local \u00bb* n\u00b0 218 \u00ab Conduite et pilotage des politiques \u00e9conomique et financi\u00e8re \u00bb+ n\u00b0 348 \u00ab R\u00e9novations des cit\u00e9s administratives et autres sites domaniauxmulti-occupants \u00bb* n\u00b0354: \u00ab Administration territoriale de l'Etat \u00bb* n\u00b0723 \u00ab Contribution aux d\u00e9penses immobili\u00e8res \u00bb\nproc\u00e9der \u00e0 l'ordonnancement secondaire des recettes et des d\u00e9penses de l'Etatimput\u00e9es sur les titres 2, 3 et 5 des programmes 156, 218, 348, 354 et 723.\nproc\u00e9der pour la cit\u00e9 administrative \u00e0 l'ordonnancement secondaire des recettes etdes d\u00e9penses de l'Etat sur le compte de commerce n\u00b0 907 - \u00ab op\u00e9rationscommerciales des domaines \u00bb pour le d\u00e9nouement des seules op\u00e9rations 2025, ainsiqu'\u00e0 compter de l'exercice 2026, sur le budget op\u00e9rationnel de programme (BOP)0354-DR67-DP65 du programme 354 pr\u00e9cit\u00e9.\nCette d\u00e9l\u00e9gation porte sur l'engagement, la liquidation et le mandatement des d\u00e9penses, ainsi que surl'\u00e9mission et la signature des titres de recettes.\nArticle 2 : D\u00e9l\u00e9gation de signature est donn\u00e9e \u00e0 Mme Estelle GENDRON, administratrice de l'Etat, \u00e0effet de:\n. signer, dans la limite de ses attributions et comp\u00e9tences, toute d\u00e9claration deconformit\u00e9 en mati\u00e8re d'op\u00e9rations d'inventaire et, d'une fa\u00e7on plus g\u00e9n\u00e9rale, tousles actes se traduisant par la constatation des droits et obligations et l'inventairedes biens se rapportant \u00e0 l'activit\u00e9 financi\u00e8re de la direction d\u00e9partementale desfinances publiques de la Meuse.\nArticle 3: Demeurent r\u00e9serv\u00e9s \u00e0 la signature du Pr\u00e9fet de la Meuse:\n1. les ordres de r\u00e9quisition du comptable public;2. les d\u00e9cisions de passer outre aux refus de visas et aux avis d\u00e9favorables de l'autorit\u00e9charg\u00e9e du contr\u00f4le financier en mati\u00e8re d'engagement des d\u00e9penses ;3. l'ordonnancement secondaire des d\u00e9penses de l'Etat du programme 833 - Avances sur lemontant des impositions revenant aux r\u00e9gions, d\u00e9partements, communes, \u00e9tablissementset divers organismes.\nArticle 4: Mme Estelle GENDRON peut, en tant que de besoin et sous sa responsabilit\u00e9, donnerd\u00e9l\u00e9gation de signature aux agents plac\u00e9s sous son autorit\u00e9 dans les conditions pr\u00e9vues par l'article 44du d\u00e9cret n\u00b02004-374 modifi\u00e9 du 29 avril 2004.\nArticle 5: Le pr\u00e9sent arr\u00eat\u00e9 prend effet le 1\u00b0 janvier 2026 et abroge l'arr\u00eat\u00e9 n\u00b0 2025-1959 du29 septembre 2025.\n\nArticle 6 : Le secr\u00e9taire g\u00e9n\u00e9ral de la pr\u00e9fecture, la directrice d\u00e9partementale des finances publiquesde la Meuse et la directrice d\u00e9partementale adjointe des finances publiques de la Meuse, sont charg\u00e9s,chacun en ce qui le concerne, de l'ex\u00e9cution du pr\u00e9sent arr\u00eat\u00e9 qui sera publi\u00e9 au recueil des actesadministratifs de la pr\u00e9fecture de la Meuse.\nDELARUE\nD\u00e9lais et voies de recours (application des articles L.411-2 du code des relations entre le public et l'administration etR.421-1 et suivants du Code de justice admi rative).\nDans un d\u00e9lai de deux mois \u00e0 compter de la notification du pr\u00e9sent arr\u00eat\u00e9, les recours suivants peuvent \u00eatreintroduits en recommand\u00e9 avec accus\u00e9 de r\u00e9ception :\n- soit un recours gracieux, adress\u00e9 \u00e0 Madame la Pr\u00e9f\u00e8te de la Meuse, 40 rue du Bourg- 55012 Bar-le-Duc;- soit un recours hi\u00e9rarchique, adress\u00e9 \u00e0 Monsieur le Ministre de l'Int\u00e9rieur, Place Beauvau - 75800 -Paris Cedex 08;- soit un recours contentieux, en saisissant le Tribunal Administratif de NANCY- 5, place de la Carri\u00e8re - CO20038 - 54036 NANCY Cedex - le Tribunal Administratif peut \u00eatre saisi par l'application informatique\"T\u00e9l\u00e9recours citoyens\" accessible par le site Internet www.telerecours.fr\".\nApr\u00e8s un recours gracieux ou hi\u00e9rarchique, le d\u00e9lai du recours contentieux ne court qu'\u00e0 compter du rejet expliciteou implicite de l'un de ces deux recours. Le rejet implicite intervient, suite au silence gard\u00e9 par l'administration, \u00e0l'issue d'une p\u00e9riode de deux mois.\n\nseem oe  Eee  Morts  =,  on  =  L = JdJs isr  msn ml  ge  ey, msn  nm  nues  sis  =,  pm\n7 ET  DL |\n|\n' 7 : 7 Lu\n7,\"  .\nsn. =o 7 omy\na :al - (|\n7\nall =. =\" 7 =m IL, 1\" = sum oo SJ = dun =: x PF  EE, \"\" mai\nBag  A  is\na  mee ee ee  re\"SF  J vue  sn\"  =  =\",L : =  : mae Li] 4. :\n|\nDe: 2  Ta ile\n7 eos 1\nL\n|\n|\n|\n| |\n|\nLI : 7\n. LI L h . 7 Te 7\n|\n. oe :\n|\n: h .\n:\n4 7 \" -_\n|\nte \u00e0 h\n\nee +Libert\u00e9 + \u00c9galit\u00e9 + Fraternit\u00e9R\u00c9PUBLIQUE FRAN\u00c7AISEPR\u00c9FET DE LA MEUSE\nDirection d\u00e9partementale des territoires et de la MeuseService d'\u00e9conomie agricoleARR\u00caT\u00c9 PR\u00c9FECTORAL NAA3G/ - 1045 - DDY - SCAEncadrant la p\u00e9riode de d\u00e9p\u00f4t des demandes au titre de l'indemnisation fond\u00e9e sur la solidarit\u00e9nationale suite \u00e0 l'orage du 3 mai 2025.Le pr\u00e9fet du d\u00e9partement de la MeuseVu le Code rural et de la p\u00eache maritime, et notamment ses articles D. 361-44-5 et suivants :Vu l'instruction technique relative \u00e0 la gestion de l'indemnisation fond\u00e9e sur la solidarit\u00e9 nationalepour les cultures non assur\u00e9es hors prairies par les services d\u00e9concentr\u00e9s de l'\u00c9tat en date du 13 avril2023 ; |Vu l'arr\u00eat\u00e9 minist\u00e9riel du 6 novembre 2025 reconnaissant l'\u00e9ligibilit\u00e9 des pertes de r\u00e9colte caus\u00e9es parl'orage du 3 mai sur la commune de Heudicourt-sous-les-C\u00f4tes au titre de l'indemnisation fond\u00e9e surla solidarit\u00e9 nationale ; ;Vu l'avis \u00e9mis par la commission charg\u00e9e de l'orientation et du d\u00e9veloppement des assurances garan-tissant les dommages caus\u00e9s aux r\u00e9coltes au cours de sa s\u00e9ance du 17 octobre 2025 ;\nARR\u00caTEArticle 1 :Les demandes d'indemnisation formul\u00e9es par les exploitants agricoles au titre de l'indemnisation fon-d\u00e9e sur la solidarit\u00e9 nationale pour les pertes de r\u00e9colte cons\u00e9cutive \u00e0 l'orage du 3 mai 2025 doivent\u00eatre formalis\u00e9es du mercredi 26 novembre au vendredi 26 d\u00e9cembre 2025 aupr\u00e8s de la DDT :- Par voie postale \u00e0 l'adresse suivante : 14 rue Antoine Durenne \u00a955012 BAR LE DUC Cedex- Par voie \u00e9lectronique depuis l'application ALEANAT\nArticle 2 :Le pr\u00e9sent arr\u00e9t\u00e9 sera publi\u00e9 au recueil des actes administratifs du d\u00e9partement de la Meuse.Fait \u00e0 Bar le Duc, le 26 novembre 2025\nLe Pr\u00e9fet de la Meuse et par d\u00e9l\u00e9gation du Pr\u00e9fet et subd\u00e9l\u00e9gation,L'Adjoint du Chef du Service \u00c9conomie Agricole,\naA\nLon\"eo\n\nEzREPUBLIQUEFRANCAISELibert\u00e9 \u00a9 Dd Agence R\u00e9gionalede Sant\u00e9Grand EstLgatit\u00e9Fraterait\u00e9\nDECISION TARIFAIRE N \u00b024875 PORTANT MODIFICATION\nDU FORFAIT GLOBAL DE SOINS POUR 2025 DE\nEHPAD LES CEPAGES BAR LE DUC - 550006340\n \n \nLa Directrice G\u00e9n\u00e9rale de l'ARS Grand Est\n \nVU le Code de l'Action Sociale et des Familles ;\n  \nVU le Code de la S\u00e9curit\u00e9 Sociale ;\n  \nVU la loi n\u00b0 2025-199 du 28 f\u00e9vrier 2025 de financement de la S\u00e9curit\u00e9 Sociale pour 2025 publi\u00e9e\nau Journal Officiel du 28/02/2025 ;\n  \nVU l'arr\u00eat\u00e9 minist\u00e9riel du 02/06/2025 publi\u00e9 au Journal Officiel du 06/06/2025 pris en application\nde l'article L314-3 du Code de l'Action Sociale et des Familles fixant, pour l'ann\u00e9e 2025\nl'objectif global de d\u00e9penses d'assurance maladie et le montant total de d\u00e9penses pour les\n\u00e9tablissements et services relevant de la Caisse nationale de solidarit\u00e9 pour l'autonomie ;\n  \nVU la d\u00e9cision du 19/11/2025 publi\u00e9e au Journal Officiel du 26/11/2025 relative aux dotations\nr\u00e9gionales limitatives 2025 et \u00e0 la moyenne nationale des besoins en soins requis 2025 ;\n  \nVU l'arr\u00eat\u00e9 du 28/05/2025 fixant pour 2025 les valeurs du point mentionn\u00e9es \u00e0 l'article R.314-162\ndu code de l'action sociale et des familles publi\u00e9 au Journal Officiel du 31/05/2025 ;\n  \nVU le d\u00e9cret du 21 mai 2024 portant nomination de Madame RATIGNIER-CARBONNEIL\nChristelle en qualit\u00e9 de Directrice G\u00e9n\u00e9rale de l'agence r\u00e9gionale de sant\u00e9 Grand Est ;\n \nVU la d\u00e9cision de d\u00e9l\u00e9gation de signature de la Directrice G\u00e9n\u00e9rale de l'ARS vers la Directrice\nde MEUSE en date du 01/12/2025 ;\n \nVU l'autorisation en date du 21/12/2009 de la structure Etablissement d'h\u00e9bergement pour\npersonnes \u00e2g\u00e9es d\u00e9pendantes d\u00e9nomm \u00e9e EHPAD LES CEPAGES BAR LE DUC\n(550006340) sise 1 BD D'ARGONNE 55012 Bar-le-Duc et g\u00e9r\u00e9e par l'entit\u00e9 d\u00e9nomm \u00e9e CH\nDE BAR-LE-DUC FAINS-VEEL (550003354) ;\n \n  \nConsid\u00e9rant la d\u00e9cision tarifaire initiale n\u00b0 11942 en date du 02 juillet 2025 portant fixation du\nforfait global soins pour 2025 de la structure d\u00e9nomm \u00e9e EHPAD LES CEPAGES BAR\nLE DUC -550006340\n \n1\n \nDECIDE\n \nArticle 1er A compter du 01/01/2025, le forfait global de soins est fix\u00e9 \u00e0 1 565 535,65 \u20ac au titre de\n2025, dont 0,00 \u20ac \u00e0 titre non reconductible vers\u00e9 en une seule fois.\n  \n La fraction forfaitaire mensuelle s'\u00e9tablit \u00e0 130 461,30 \u20ac.\n  \n Pour 2025, les tarifs sont d\u00e9compos\u00e9s comme suit :\n \n Forfait global de soins Prix de journ\u00e9e (en \u20ac)\nH\u00e9bergement Permanent 1 565 535,65 73,46\nUHR 0,00 0\nPASA 0,00 0\nH\u00e9bergement Temporaire 0,00 0,00\nAccueil de jour 0,00 0,00\nPlateforme de r\u00e9pit 0,00 0\n \n \n \nArticle 2 A compter du 1er janvier 2026, en application de l'article L.314-7 du CASF, le forfait\nglobal de soins est fix\u00e9, \u00e0 titre transitoire, \u00e0 1 470 035,65 \u20ac.\n \n  \n Les tarifs de reconduction sont fix\u00e9s \u00e0 :\n \n       Forfait global de soins Prix de journ\u00e9e (en \u20ac)\nH\u00e9bergement Permanent 1 470 035,65 68,98\nUHR 0,00 0\nPASA 0,00 0\nH\u00e9bergement Temporaire 0,00 0,00\nAccueil de jour 0,00 0,00\nPlateforme de r\u00e9pit 0,00 0\n \n La fraction forfaitaire mensuelle s'\u00e9tablit \u00e0 122 502,97 \u20ac.\n  \nArticle 3 Les recours contentieux dirig\u00e9s contre la pr\u00e9sente d\u00e9cision doivent \u00eatre port\u00e9s devant le\ntribunal administratif territorialement comp\u00e9tent tel que pr\u00e9vu par l'article R. 312-10-1\ndu Code de justice administrative dans un d\u00e9lai de deux mois \u00e0 compter de sa publication\nou, pour les personnes auxquelles elle sera notifi\u00e9e, \u00e0 compter de sa notification. Le\ntribunal administratif peut \u00eatre saisi par l'application \u00ab T\u00e9l\u00e9recours citoyens \u00bb accessible\npar le site www.telerecours.fr.\n  \nArticle 4 La pr\u00e9sente d\u00e9cision sera publi\u00e9e au recueil des actes administratifs.\n2\n \n  \nArticle 5 La Directrice G\u00e9n\u00e9rale de l'ARS Grand Est est charg\u00e9e de l'ex\u00e9cution de la pr\u00e9sente d\u00e9cision\nqui sera notifi\u00e9e \u00e0 l'entit\u00e9 gestionnaire CH DE BAR-LE-DUC FAINS-VEEL (550003354)\net \u00e0 l'\u00e9tablissement concern\u00e9.\n \n \nFait \u00e0 Bar-Le-Duc, le 04 d\u00e9cembre 2025\n \nLa Directrice territoriale\n \n \n \n#signature#\n \n \n \n \n \n \n3\n \nEsREPUBLIQUEFRAN\u00c7AISE\u00e9bert\u00e9 exgence R\u00e9gionale de Sant\u00e9\nDECISION TARIFAIRE N \u00b024876 PORTANT MODIFICATION\nDE LA DOTATION GLOBALE DE SOINS POUR 2025 DE\nSSIAD DE COMMERCY - 550005847\n \nLa Directrice G\u00e9n\u00e9rale de l'ARS Grand Est\n \nVU le Code de l'Action Sociale et des Familles ;\n  \nVU le Code de la S\u00e9curit\u00e9 Sociale ;\n  \nVU la loi n\u00b0 2025-199 du 28 f\u00e9vrier 2025 de financement de la S\u00e9curit\u00e9 Sociale pour 2025 publi\u00e9e\nau Journal Officiel du 28/02/2025 ;\n  \nVU l'arr\u00eat\u00e9 minist\u00e9riel du 02/06/2025 publi\u00e9 au Journal Officiel du 06/06/2025 pris en application\nde l'article L314-3 du Code de l'Action Sociale et des Familles fixant, pour l'ann\u00e9e 2025\nl'objectif global de d\u00e9penses d'assurance maladie et le montant total de d\u00e9penses pour les\n\u00e9tablissements et services relevant de la Caisse nationale de solidarit\u00e9 pour l'autonomie ;\n  \nVU la d\u00e9cision du 19/11/2025 publi\u00e9e au Journal Officiel du 26/11/2025 relative aux dotations\nr\u00e9gionales limitatives 2025 et \u00e0 la moyenne nationale des besoins en soins requis 2025 ;\n  \nVU le d\u00e9cret n\u00b0 2023-323 relatif \u00e0 la tarification des soins infirmiers \u00e0 domicile pour les personnes\n\u00e2g\u00e9es et personnes handicap\u00e9es publi\u00e9 au Journal Officiel du 28 avril 2023 ;\n  \nVU l'arr\u00eat\u00e9 du 28 mai 2025 fixant pour 2025 les montants forfaitaires mentionn\u00e9s aux II et III\nde l'article R. 314-138 du code de l'action sociale et des familles et le taux de revalorisation\ndes produits de la tarification reconductibles aff\u00e9rents aux soins applicables aux services\nproposant des prestations de soins infirmiers \u00e0 domicile pour les personnes \u00e2g\u00e9es et les\npersonnes en situation de handicap ;\n  \nVU l'arr\u00eat\u00e9 du 28 mai 2025 fixant pour 2025 le taux de revalorisation des produits de la tarification\nreconductibles aff\u00e9rents aux soins applicables aux services proposant des prestations de soins\ninfirmiers \u00e0 domicile pour les personnes \u00e2g\u00e9es et les personnes en situation de handicap ;\n  \nVU le d\u00e9cret du 21 mai 2024 portant nomination de Madame, RATIGNIER-CARBONNEIL,\nChristelle en qualit\u00e9 de Directrice G\u00e9n\u00e9rale de l'agence r\u00e9gionale de sant\u00e9 Grand Est ;\n \nVU la d\u00e9cision de d\u00e9l\u00e9gation de signature de la Directrice G\u00e9n\u00e9rale de l'ARS vers la Directrice\nde MEUSE en date du 01/12/2025 ;\n \nVU le renouvellement d'autorisation en date du 03/01/2017 de la structure Service de Soins\nInfirmiers A Domicile (S.S.I.A.D) d\u00e9nomm \u00e9e SSIAD DE COMMERCY (550005847) sise\n1, R HENRI GARNIER 55205 Commercy et g \u00e9r\u00e9e par l'entit\u00e9 d\u00e9nomm \u00e9e CENTRE\nHOSPITALIER ST-CHARLES COMMERCY (550000046);\n \n  \nConsid\u00e9rant\n \nla d\u00e9cision tarifaire initiale n\u00b0 11947 en date du 02 juillet 2025 portant fixation\nde la dotation globale de soins pour 2025 de la structure d\u00e9nomm \u00e9e SSIAD DE\nCOMMERCY - 550005847\n \n \nDECIDE\n \nArticle 1er A compter du 01/01/2025, la dotation globale de soins est fix\u00e9e \u00e0 857 508,29 \u20ac au titre\nde 2025 dont 0,00 \u20ac \u00e0 titre non reconductible vers\u00e9 en une seule fois. Elle se r\u00e9partit\ncomme suit :\n1\n \n \n - pour l'accueil de personnes \u00e2g\u00e9es : 801 232,17 \u20ac (fraction forfaitaire s'\u00e9levant \u00e0\n66 769,35 \u20ac). Le prix de journ\u00e9e est fix\u00e9 \u00e0 64,10 \u20ac.\n - pour l'accueil de personnes handicap\u00e9es : 56 276,12 \u20ac (fraction forfaitaire s'\u00e9levant \u00e0\n4 689,68 \u20ac). Le prix de journ\u00e9e est fix\u00e9 \u00e0 70,35 \u20ac.\n \nArticle 2 A compter du 1er janvier 2026, en application de l'article L.314-7 du CASF, la dotation\nglobale de soins est fix\u00e9e, \u00e0 titre transitoire, \u00e0 827 365,29 \u20ac.:\n \n - pour l'accueil de personnes \u00e2g\u00e9es : 771 089,17 \u20ac (douzi\u00e8me applicable s'\u00e9levant \u00e0\n64 257,43 \u20ac). Le prix de journ\u00e9e de reconduction est fix\u00e9 \u00e0 61,69 \u20ac.\n \n- pour l'accueil de personnes handicap\u00e9es : 56 276,12 \u20ac (douzi\u00e8me applicable s'\u00e9levant\n\u00e0 4 689,68 \u20ac). Le prix de journ\u00e9e de reconduction est fix\u00e9 \u00e0 70,35 \u20ac.\n \nArticle 3 Les recours contentieux dirig\u00e9s contre la pr\u00e9sente d\u00e9cision doivent \u00eatre port\u00e9s devant le\ntribunal administratif territorialement comp\u00e9tent tel que pr\u00e9vu par l'article R. 312-10-1\ndu Code de justice administrative dans un d\u00e9lai de deux mois \u00e0 compter de sa\npublication ou, pour les personnes auxquelles elle sera notifi\u00e9e, \u00e0 compter de sa\nnotification. Le tribunal administratif peut \u00eatre saisi par l'application \u00ab T\u00e9l\u00e9recours\ncitoyens \u00bb accessible par le site www.telerecours.fr.\n  \nArticle 4 La pr\u00e9sente d\u00e9cision sera publi\u00e9e au recueil des actes administratifs.\n  \nArticle 5 La Directrice G\u00e9n\u00e9rale de l'ARS Grand Est est charg\u00e9e de l'ex\u00e9cution de la pr\u00e9sente d\u00e9cision\nqui sera notifi\u00e9e \u00e0 l'entit\u00e9 gestionnaire CENTRE HOSPITALIER ST-CHARLES\nCOMMERCY (550000046) et \u00e0 l'\u00e9tablissement concern\u00e9.\n \n \nFait \u00e0 Bar-Le-Duc, le 04 d\u00e9cembre 2025\n \nLa Directrice territoriale\n \n \n \n#signature#\n \n \n \n \n2\n \nEzREPUBLIQUEFRANCAISELibert\u00e9 \u00a9 Dd Agence R\u00e9gionalede Sant\u00e9Grand EstLgatit\u00e9Fraterait\u00e9\nDECISION TARIFAIRE N \u00b024877 PORTANT MODIFICATION\nDU FORFAIT GLOBAL DE SOINS POUR 2025 DE\nUNITE D'ACCUEIL SPECIALISE ALZHEIMER - 550004949\n \n \nLa Directrice G\u00e9n\u00e9rale de l'ARS Grand Est\n \nVU le Code de l'Action Sociale et des Familles ;\n  \nVU le Code de la S\u00e9curit\u00e9 Sociale ;\n  \nVU la loi n\u00b0 2025-199 du 28 f\u00e9vrier 2025 de financement de la S\u00e9curit\u00e9 Sociale pour 2025 publi\u00e9e\nau Journal Officiel du 28/02/2025 ;\n  \nVU l'arr\u00eat\u00e9 minist\u00e9riel du 02/06/2025 publi\u00e9 au Journal Officiel du 06/06/2025 pris en application\nde l'article L314-3 du Code de l'Action Sociale et des Familles fixant, pour l'ann\u00e9e 2025\nl'objectif global de d\u00e9penses d'assurance maladie et le montant total de d\u00e9penses pour les\n\u00e9tablissements et services relevant de la Caisse nationale de solidarit\u00e9 pour l'autonomie ;\n  \nVU la d\u00e9cision du 19/11/2025 publi\u00e9e au Journal Officiel du 26/11/2025 relative aux dotations\nr\u00e9gionales limitatives 2025 et \u00e0 la moyenne nationale des besoins en soins requis 2025 ;\n  \nVU l'arr\u00eat\u00e9 du 28/05/2025 fixant pour 2025 les valeurs du point mentionn\u00e9es \u00e0 l'article R.314-162\ndu code de l'action sociale et des familles publi\u00e9 au Journal Officiel du 31/05/2025 ;\n  \nVU le d\u00e9cret du 21 mai 2024 portant nomination de Madame RATIGNIER-CARBONNEIL\nChristelle en qualit\u00e9 de Directrice G\u00e9n\u00e9rale de l'agence r\u00e9gionale de sant\u00e9 Grand Est ;\n \nVU la d\u00e9cision de d\u00e9l\u00e9gation de signature de la Directrice G\u00e9n\u00e9rale de l'ARS vers la Directrice\nde MEUSE en date du 01/12/2025 ;\n \nVU l'autorisation en date du 29/04/2008 de la structure Etablissement d'h\u00e9bergement pour\npersonnes \u00e2g\u00e9es d\u00e9pendantes d\u00e9nomm \u00e9e UNITE D'ACCUEIL SPECIALISE ALZHEIMER\n(550004949) sise 36 RTE DE BAR 55000 Fains-V\u00e9el et g\u00e9r\u00e9e par l'entit\u00e9 d\u00e9nomm \u00e9e CH DE\nBAR-LE-DUC FAINS-VEEL (550003354) ;\n \n  \nConsid\u00e9rant la d\u00e9cision tarifaire initiale n\u00b0 11943 en date du 02 juillet 2025 portant fixation du forfait\nglobal soins pour 2025 de la structure d\u00e9nomm \u00e9e UNITE D'ACCUEIL SPECIALISE\nALZHEIMER -550004949\n \n1\n \nDECIDE\n \nArticle 1er A compter du 01/01/2025, le forfait global de soins est fix\u00e9 \u00e0 599 465,51 \u20ac au titre de\n2025, dont 0,00 \u20ac \u00e0 titre non reconductible vers\u00e9 en une seule fois.\n  \n La fraction forfaitaire mensuelle s'\u00e9tablit \u00e0 49 955,46 \u20ac.\n  \n \n \n Pour 2025, les tarifs sont d\u00e9compos\u00e9s comme suit :\n \n Forfait global de soins Prix de journ\u00e9e (en \u20ac)\nH\u00e9bergement Permanent 487 924,51 0,00\nUHR 0,00 0\nPASA 0,00 0\nH\u00e9bergement Temporaire 32 901,00 0,00\nAccueil de jour 78 640,00 299,01\nPlateforme de r\u00e9pit 0,00 0\n \n \n \nArticle 2 A compter du 1er janvier 2026, en application de l'article L.314-7 du CASF, le forfait\nglobal de soins est fix\u00e9, \u00e0 titre transitoire, \u00e0 589 465,51 \u20ac.\n \n  \n Les tarifs de reconduction sont fix\u00e9s \u00e0 :\n \n       Forfait global de soins Prix de journ\u00e9e (en \u20ac)\nH\u00e9bergement Permanent 477 924,51 0,00\nUHR 0,00 0\nPASA 0,00 0\nH\u00e9bergement Temporaire 32 901,00 0,00\nAccueil de jour 78 640,00 299,01\nPlateforme de r\u00e9pit 0,00 0\n \n La fraction forfaitaire mensuelle s'\u00e9tablit \u00e0 49 122,13 \u20ac.\n  \nArticle 3 Les recours contentieux dirig\u00e9s contre la pr\u00e9sente d\u00e9cision doivent \u00eatre port\u00e9s devant le\ntribunal administratif territorialement comp\u00e9tent tel que pr\u00e9vu par l'article R. 312-10-1\ndu Code de justice administrative dans un d\u00e9lai de deux mois \u00e0 compter de sa publication\nou, pour les personnes auxquelles elle sera notifi\u00e9e, \u00e0 compter de sa notification. Le\ntribunal administratif peut \u00eatre saisi par l'application \u00ab T\u00e9l\u00e9recours citoyens \u00bb accessible\npar le site www.telerecours.fr.\n2\n \n  \nArticle 4 La pr\u00e9sente d\u00e9cision sera publi\u00e9e au recueil des actes administratifs.\n  \nArticle 5  La Directrice G\u00e9n\u00e9rale de l'ARS Grand Est est charg\u00e9e de l'ex\u00e9cution de la pr\u00e9sente d\u00e9cision\nqui sera notifi\u00e9e \u00e0 l'entit\u00e9 gestionnaire CH DE BAR-LE-DUC FAINS-VEEL (550003354)\net \u00e0 l'\u00e9tablissement concern\u00e9.\n \n \n \nFait \u00e0 Bar-Le-Duc, le 04 d\u00e9cembre 2025\n \n \nLa Directrice territoriale\n \n \n \n#signature#\n \n \n \n \n \n \n3\n \nEzREPUBLIQUEFRANCAISELibert\u00e9 \u00a9 Dd Agence R\u00e9gionalede Sant\u00e9Grand EstLgatit\u00e9Fraterait\u00e9\nDECISION TARIFAIRE N \u00b024878 PORTANT MODIFICATION\nDU FORFAIT GLOBAL DE SOINS POUR 2025 DE\nEHPAD MAURICE CHARLIER-CH DE COMMERCY - 550004618\n \n \nLa Directrice G\u00e9n\u00e9rale de l'ARS Grand Est\n \nVU le Code de l'Action Sociale et des Familles ;\n  \nVU le Code de la S\u00e9curit\u00e9 Sociale ;\n  \nVU la loi n\u00b0 2025-199 du 28 f\u00e9vrier 2025 de financement de la S\u00e9curit\u00e9 Sociale pour 2025 publi\u00e9e\nau Journal Officiel du 28/02/2025 ;\n  \nVU l'arr\u00eat\u00e9 minist\u00e9riel du 02/06/2025 publi\u00e9 au Journal Officiel du 06/06/2025 pris en application\nde l'article L314-3 du Code de l'Action Sociale et des Familles fixant, pour l'ann\u00e9e 2025\nl'objectif global de d\u00e9penses d'assurance maladie et le montant total de d\u00e9penses pour les\n\u00e9tablissements et services relevant de la Caisse nationale de solidarit\u00e9 pour l'autonomie ;\n  \nVU la d\u00e9cision du 19/11/2025 publi\u00e9e au Journal Officiel du 26/11/2025 relative aux dotations\nr\u00e9gionales limitatives 2025 et \u00e0 la moyenne nationale des besoins en soins requis 2025 ;\n  \nVU l'arr\u00eat\u00e9 du 28/05/2025 fixant pour 2025 les valeurs du point mentionn\u00e9es \u00e0 l'article R.314-162\ndu code de l'action sociale et des familles publi\u00e9 au Journal Officiel du 31/05/2025 ;\n  \nVU le d\u00e9cret du 21 mai 2024 portant nomination de Madame RATIGNIER-CARBONNEIL\nChristelle en qualit\u00e9 de Directrice G\u00e9n\u00e9rale de l'agence r\u00e9gionale de sant\u00e9 Grand Est ;\n \nVU la d\u00e9cision de d\u00e9l\u00e9gation de signature de la Directrice G\u00e9n\u00e9rale de l'ARS vers la Directrice\nde MEUSE en date du 01/12/2025 ;\n \nVU le renouvellement d'autorisation en date du 03/01/2017 de la structure Etablissement\nd'h\u00e9bergement pour personnes \u00e2g\u00e9es d\u00e9pendantes d\u00e9nomm \u00e9e EHPAD MAURICE\nCHARLIER-CH DE COMMERCY (550004618) sise 1 R HENRI GARNIER 55205\nCommercy et g \u00e9r\u00e9e par l'entit\u00e9 d\u00e9nomm \u00e9e CENTRE HOSPITALIER ST-CHARLES\nCOMMERCY (550000046) ;\n \n  \nConsid\u00e9rant la d\u00e9cision tarifaire initiale n\u00b0 11944 en date du 02 juillet 2025 portant fixation du forfait\nglobal soins pour 2025 de la structure d\u00e9nomm \u00e9e EHPAD MAURICE CHARLIER-\nCH DE COMMERCY -550004618\n \n1\n \nDECIDE\n \nArticle 1er A compter du 01/01/2025, le forfait global de soins est fix\u00e9 \u00e0 2 992 444,31 \u20ac au titre de\n2025, dont 0,00 \u20ac \u00e0 titre non reconductible vers\u00e9 en une seule fois.\n  \n La fraction forfaitaire mensuelle s'\u00e9tablit \u00e0 249 370,36 \u20ac.\n  \n Pour 2025, les tarifs sont d\u00e9compos\u00e9s comme suit :\n \n Forfait global de soins Prix de journ\u00e9e (en \u20ac)\nH\u00e9bergement Permanent 2 813 035,31 65,29\nUHR 0,00 0\nPASA 90 738,00 0\nH\u00e9bergement Temporaire 49 351,00 171,95\nAccueil de jour 39 320,00 131,07\nPlateforme de r\u00e9pit 0,00 0\n \n \n \nArticle 2 A compter du 1er janvier 2026, en application de l'article L.314-7 du CASF, le forfait\nglobal de soins est fix\u00e9, \u00e0 titre transitoire, \u00e0 2 927 592,99 \u20ac.\n \n  \n Les tarifs de reconduction sont fix\u00e9s \u00e0 :\n \n       Forfait global de soins Prix de journ\u00e9e (en \u20ac)\nH\u00e9bergement Permanent 2 748 183,99 63,79\nUHR 0,00 0\nPASA 90 738,00 0\nH\u00e9bergement Temporaire 49 351,00 171,95\nAccueil de jour 39 320,00 131,07\nPlateforme de r\u00e9pit 0,00 0\n \n La fraction forfaitaire mensuelle s'\u00e9tablit \u00e0 243 966,08 \u20ac.\n  \nArticle 3 Les recours contentieux dirig\u00e9s contre la pr\u00e9sente d\u00e9cision doivent \u00eatre port\u00e9s devant le\ntribunal administratif territorialement comp\u00e9tent tel que pr\u00e9vu par l'article R. 312-10-1\ndu Code de justice administrative dans un d\u00e9lai de deux mois \u00e0 compter de sa publication\nou, pour les personnes auxquelles elle sera notifi\u00e9e, \u00e0 compter de sa notification. Le\ntribunal administratif peut \u00eatre saisi par l'application \u00ab T\u00e9l\u00e9recours citoyens \u00bb accessible\npar le site www.telerecours.fr.\n  \nArticle 4 La pr\u00e9sente d\u00e9cision sera publi\u00e9e au recueil des actes administratifs.\n2\n \n  \nArticle 5  La Directrice G\u00e9n\u00e9rale de l'ARS Grand Est est charg\u00e9e de l'ex\u00e9cution de la pr\u00e9sente\nd\u00e9cision qui sera notifi\u00e9e \u00e0 l'entit\u00e9 gestionnaire CENTRE HOSPITALIER ST-CHARLES\nCOMMERCY (550000046) et \u00e0 l'\u00e9tablissement concern\u00e9.\n \n \n \nFait \u00e0 Bar-Le-Duc, le 04 d\u00e9cembre 2025\n \nLa Directrice territoriale\n \n \n \n#signature#\n \n \n \n \n \n \n3","date":"2025-12-22","first_seen_on":"2025-12-22T15:35:41+00:00","id":"16f67152ace1ef3e8a8312c6ffa3dffa92ef7c79eb891ea721d8943239f7cca8","name":"RAA n\u00b0130 du 22 d\u00e9cembre 2025","pdf_creation_date":null,"pdf_modification_date":"2025-12-22T14:42:31+00:00","timezone":"Europe/Paris","url":"https://www.meuse.gouv.fr/contenu/telechargement/34590/247311/file/RAA%20n%C2%B0130%20du%2022%20d%C3%A9cembre%202025.pdf"}
